{"id":8244,"date":"2023-06-05T09:34:11","date_gmt":"2023-06-05T07:34:11","guid":{"rendered":"https:\/\/wernerdeck.de\/blog\/?p=8244"},"modified":"2023-06-05T10:47:15","modified_gmt":"2023-06-05T08:47:15","slug":"fazit-unserer-deutschlandrundreise-23-staedte-und-stationen-viel-gesehen-viel-gelaufen-viel-gelernt-die-tour-fakten","status":"publish","type":"post","link":"https:\/\/wernerdeck.de\/blog\/2023\/06\/05\/fazit-unserer-deutschlandrundreise-23-staedte-und-stationen-viel-gesehen-viel-gelaufen-viel-gelernt-die-tour-fakten\/","title":{"rendered":"Fazit unserer Deutschlandrundreise: 23 St\u00e4dte und Stationen, viel gesehen, viel gelaufen, viel gelernt. Die Tour-Fakten"},"content":{"rendered":"<p><span style=\"font-weight: 400;\"><img loading=\"lazy\" decoding=\"async\" class=\" wp-image-8250 alignleft\" src=\"https:\/\/wernerdeck.de\/blog\/wp-content\/uploads\/2023\/06\/Gesamtroute-Deutschlandrundfahrt-neu.jpg\" alt=\"Gesamtroute Deutschlandrundfahrt \" width=\"358\" height=\"372\" srcset=\"https:\/\/wernerdeck.de\/blog\/wp-content\/uploads\/2023\/06\/Gesamtroute-Deutschlandrundfahrt-neu.jpg 1184w, https:\/\/wernerdeck.de\/blog\/wp-content\/uploads\/2023\/06\/Gesamtroute-Deutschlandrundfahrt-neu-289x300.jpg 289w, https:\/\/wernerdeck.de\/blog\/wp-content\/uploads\/2023\/06\/Gesamtroute-Deutschlandrundfahrt-neu-986x1024.jpg 986w, https:\/\/wernerdeck.de\/blog\/wp-content\/uploads\/2023\/06\/Gesamtroute-Deutschlandrundfahrt-neu-768x798.jpg 768w\" sizes=\"auto, (max-width: 358px) 100vw, 358px\" \/>Nachdem wir wieder zu Hause sind, wurde uns bereits mehrfach die Frage gestellt: \u201eUnd, wie war\u2019s?\u201c Es war toll. Wir haben so viel Sch\u00f6nes gesehen und erfahren, wir hatten so viele beeindruckende Momente und Erlebnisse, dass wir von den gemachten Erfahrungen noch vollkommen \u00fcberw\u00e4ltigt sind. Wenn man so will, war es auch eine Deutschland-Bildungsreise \ud83d\ude09, Prag einmal ausgenommen.<\/span><\/p>\n<p><span style=\"font-weight: 400;\">An Tag 22 unserer Tour stellten wir beide fest, dass wir von unserer au\u00dferordentlich abwechslungsreichen Reise etwas m\u00fcde sind. Mental m\u00fcde und auch k\u00f6rperlich etwas m\u00fcde. <\/span><a href=\"https:\/\/wernerdeck.de\/blog\/2023\/06\/03\/tag-24-zuerst-aufregung-in-bamberg-koenig-max-i-joseph-von-bayern-und-die-liegende-frau-mit-frucht-verabschieden-uns\/\" target=\"_blank\" rel=\"noopener\"><span style=\"font-weight: 400;\">Ich berichtete dar\u00fcber<\/span><\/a><span style=\"font-weight: 400;\">. Deshalb beschlossen wir, unsere Deutschlandtour mit dem Besuch in Bamberg (Tag 24) zu beenden. Die \u201ebayrische Schleife\u201c \u00fcber Neuschwanstein etc. fahren wir vielleicht einmal zu einem sp\u00e4teren Zeitpunkt.<\/span><\/p>\n<p><span style=\"font-weight: 400;\">Gefahren sind wir insgesamt 3.301, km. Dabei verbrauchten wir 276,46 lt. Benzin, was einem Verbrauch von 8,375 lt.\/100 km entspricht.<\/span><\/p>\n<p><img loading=\"lazy\" decoding=\"async\" class=\"aligncenter size-full wp-image-8254\" src=\"https:\/\/wernerdeck.de\/blog\/wp-content\/uploads\/2023\/06\/Deutschlandrundfahrt-insgesamt-gefahrene-Kilometer.jpg\" alt=\"Deutschlandrundfahrt insgesamt gefahrene Kilometer\" width=\"2000\" height=\"1002\" srcset=\"https:\/\/wernerdeck.de\/blog\/wp-content\/uploads\/2023\/06\/Deutschlandrundfahrt-insgesamt-gefahrene-Kilometer.jpg 2000w, https:\/\/wernerdeck.de\/blog\/wp-content\/uploads\/2023\/06\/Deutschlandrundfahrt-insgesamt-gefahrene-Kilometer-300x150.jpg 300w, https:\/\/wernerdeck.de\/blog\/wp-content\/uploads\/2023\/06\/Deutschlandrundfahrt-insgesamt-gefahrene-Kilometer-1024x513.jpg 1024w, https:\/\/wernerdeck.de\/blog\/wp-content\/uploads\/2023\/06\/Deutschlandrundfahrt-insgesamt-gefahrene-Kilometer-768x385.jpg 768w, https:\/\/wernerdeck.de\/blog\/wp-content\/uploads\/2023\/06\/Deutschlandrundfahrt-insgesamt-gefahrene-Kilometer-1536x770.jpg 1536w\" sizes=\"auto, (max-width: 2000px) 100vw, 2000px\" \/><\/p>\n<p><span style=\"font-weight: 400;\">Insgesamt sa\u00dfen wir ca. 45 Stunden im Auto und haben bei unseren Besichtigungstouren zu Fu\u00df ca. 90 km zur\u00fcckgelegt. <\/span><span style=\"font-weight: 400;\">Zu jedem Tag schrieb ich einen Bericht \u00fcber unsere Aktivit\u00e4ten. F\u00fcr das Ausw\u00e4hlen der Fotos und das Schreiben des Berichts war ich t\u00e4glich ca. 3,5 bis 4 Stunden besch\u00e4ftigt.<\/span><\/p>\n<p><span style=\"font-weight: 400;\">Ob wir so etwas wieder einmal machen? Nein. Diese Tour war wunderbar, aber damit ist jetzt auch gut. \ud83d\ude42<\/span><\/p>\n<hr>\n<p>Hier die einzelnen Streckenabschnitte unserer Tour.<\/p>\n<p>\n<div class=\"ngg-galleryoverview ngg-template-caption\" id=\"ngg-gallery-8ccf99d69ded91da7be882849632a074-8244\">\n\n\t\t\n\t<!-- Thumbnails -->\n\t\t\t\t\t\n\t<div id=\"ngg-image-3426\" class=\"ngg-gallery-thumbnail-box\" style=\"width:25%;\" >\n\t\t<div class=\"ngg-gallery-thumbnail\" >\n\t\t\t<a href=\"https:\/\/wernerdeck.de\/blog\/wp-content\/gallery\/deutschlandrundfahrt-strecken\/1-Anfahrt-wernigerode.jpg\"\n\t\t\t\ttitle=\" \"\n\t\t\t\tclass=\"ngg-simplelightbox\" rel=\"8ccf99d69ded91da7be882849632a074\" data-image-id=\"3426\" data-src=\"https:\/\/wernerdeck.de\/blog\/wp-content\/gallery\/deutschlandrundfahrt-strecken\/1-Anfahrt-wernigerode.jpg\" data-thumbnail=\"https:\/\/wernerdeck.de\/blog\/wp-content\/gallery\/deutschlandrundfahrt-strecken\/thumbs\/thumbs_1-Anfahrt-wernigerode.jpg\" data-title=\"1-Anfahrt-wernigerode\" data-description=\" \" >\n\t\t\t\t\t\t\t\t<img title=\"1-Anfahrt-wernigerode\" alt=\"1-Anfahrt-wernigerode\" src=\"https:\/\/wernerdeck.de\/blog\/wp-content\/gallery\/deutschlandrundfahrt-strecken\/thumbs\/thumbs_1-Anfahrt-wernigerode.jpg\" width='240' height='160' \/>\n\t\t\t\t\t\t\t<\/a>\n\t\t\t<span>\n\t\t\t \t\t\t<\/span>\n\t\t<\/div>\n\t<\/div>\n\t\t\t\t\t\t\t\t\n\t<div id=\"ngg-image-3418\" class=\"ngg-gallery-thumbnail-box\" style=\"width:25%;\" >\n\t\t<div class=\"ngg-gallery-thumbnail\" >\n\t\t\t<a href=\"https:\/\/wernerdeck.de\/blog\/wp-content\/gallery\/deutschlandrundfahrt-strecken\/10-Von-Schwerin-nach-Luebeck.jpg\"\n\t\t\t\ttitle=\" \"\n\t\t\t\tclass=\"ngg-simplelightbox\" rel=\"8ccf99d69ded91da7be882849632a074\" data-image-id=\"3418\" data-src=\"https:\/\/wernerdeck.de\/blog\/wp-content\/gallery\/deutschlandrundfahrt-strecken\/10-Von-Schwerin-nach-Luebeck.jpg\" data-thumbnail=\"https:\/\/wernerdeck.de\/blog\/wp-content\/gallery\/deutschlandrundfahrt-strecken\/thumbs\/thumbs_10-Von-Schwerin-nach-Luebeck.jpg\" data-title=\"10-Von-Schwerin-nach-Luebeck\" data-description=\" \" >\n\t\t\t\t\t\t\t\t<img title=\"10-Von-Schwerin-nach-Luebeck\" alt=\"10-Von-Schwerin-nach-Luebeck\" src=\"https:\/\/wernerdeck.de\/blog\/wp-content\/gallery\/deutschlandrundfahrt-strecken\/thumbs\/thumbs_10-Von-Schwerin-nach-Luebeck.jpg\" width='240' height='160' \/>\n\t\t\t\t\t\t\t<\/a>\n\t\t\t<span>\n\t\t\t \t\t\t<\/span>\n\t\t<\/div>\n\t<\/div>\n\t\t\t\t\t\t\t\t\n\t<div id=\"ngg-image-3417\" class=\"ngg-gallery-thumbnail-box\" style=\"width:25%;\" >\n\t\t<div class=\"ngg-gallery-thumbnail\" >\n\t\t\t<a href=\"https:\/\/wernerdeck.de\/blog\/wp-content\/gallery\/deutschlandrundfahrt-strecken\/11-Von-Luebeck-nach-Hanover-2.jpg\"\n\t\t\t\ttitle=\" \"\n\t\t\t\tclass=\"ngg-simplelightbox\" rel=\"8ccf99d69ded91da7be882849632a074\" data-image-id=\"3417\" data-src=\"https:\/\/wernerdeck.de\/blog\/wp-content\/gallery\/deutschlandrundfahrt-strecken\/11-Von-Luebeck-nach-Hanover-2.jpg\" data-thumbnail=\"https:\/\/wernerdeck.de\/blog\/wp-content\/gallery\/deutschlandrundfahrt-strecken\/thumbs\/thumbs_11-Von-Luebeck-nach-Hanover-2.jpg\" data-title=\"11-Von-Luebeck-nach-Hanover-2\" data-description=\" \" >\n\t\t\t\t\t\t\t\t<img title=\"11-Von-Luebeck-nach-Hanover-2\" alt=\"11-Von-Luebeck-nach-Hanover-2\" src=\"https:\/\/wernerdeck.de\/blog\/wp-content\/gallery\/deutschlandrundfahrt-strecken\/thumbs\/thumbs_11-Von-Luebeck-nach-Hanover-2.jpg\" width='240' height='160' \/>\n\t\t\t\t\t\t\t<\/a>\n\t\t\t<span>\n\t\t\t \t\t\t<\/span>\n\t\t<\/div>\n\t<\/div>\n\t\t\t\t\t\t\t\t\n\t<div id=\"ngg-image-3420\" class=\"ngg-gallery-thumbnail-box\" style=\"width:25%;\" >\n\t\t<div class=\"ngg-gallery-thumbnail\" >\n\t\t\t<a href=\"https:\/\/wernerdeck.de\/blog\/wp-content\/gallery\/deutschlandrundfahrt-strecken\/12-Von-Hannover-nach-Siegburg.jpg\"\n\t\t\t\ttitle=\" \"\n\t\t\t\tclass=\"ngg-simplelightbox\" rel=\"8ccf99d69ded91da7be882849632a074\" data-image-id=\"3420\" data-src=\"https:\/\/wernerdeck.de\/blog\/wp-content\/gallery\/deutschlandrundfahrt-strecken\/12-Von-Hannover-nach-Siegburg.jpg\" data-thumbnail=\"https:\/\/wernerdeck.de\/blog\/wp-content\/gallery\/deutschlandrundfahrt-strecken\/thumbs\/thumbs_12-Von-Hannover-nach-Siegburg.jpg\" data-title=\"12-Von-Hannover-nach-Siegburg\" data-description=\" \" >\n\t\t\t\t\t\t\t\t<img title=\"12-Von-Hannover-nach-Siegburg\" alt=\"12-Von-Hannover-nach-Siegburg\" src=\"https:\/\/wernerdeck.de\/blog\/wp-content\/gallery\/deutschlandrundfahrt-strecken\/thumbs\/thumbs_12-Von-Hannover-nach-Siegburg.jpg\" width='240' height='160' \/>\n\t\t\t\t\t\t\t<\/a>\n\t\t\t<span>\n\t\t\t \t\t\t<\/span>\n\t\t<\/div>\n\t<\/div>\n\t\t\t\t\t\t\t<br style=\"clear: both\" \/>\n\t\t\t\n\t<div id=\"ngg-image-3419\" class=\"ngg-gallery-thumbnail-box\" style=\"width:25%;\" >\n\t\t<div class=\"ngg-gallery-thumbnail\" >\n\t\t\t<a href=\"https:\/\/wernerdeck.de\/blog\/wp-content\/gallery\/deutschlandrundfahrt-strecken\/13-Von-Siegberg-nach-Kell-am-See.jpg\"\n\t\t\t\ttitle=\" \"\n\t\t\t\tclass=\"ngg-simplelightbox\" rel=\"8ccf99d69ded91da7be882849632a074\" data-image-id=\"3419\" data-src=\"https:\/\/wernerdeck.de\/blog\/wp-content\/gallery\/deutschlandrundfahrt-strecken\/13-Von-Siegberg-nach-Kell-am-See.jpg\" data-thumbnail=\"https:\/\/wernerdeck.de\/blog\/wp-content\/gallery\/deutschlandrundfahrt-strecken\/thumbs\/thumbs_13-Von-Siegberg-nach-Kell-am-See.jpg\" data-title=\"13-Von-Siegberg-nach-Kell-am-See\" data-description=\" \" >\n\t\t\t\t\t\t\t\t<img title=\"13-Von-Siegberg-nach-Kell-am-See\" alt=\"13-Von-Siegberg-nach-Kell-am-See\" src=\"https:\/\/wernerdeck.de\/blog\/wp-content\/gallery\/deutschlandrundfahrt-strecken\/thumbs\/thumbs_13-Von-Siegberg-nach-Kell-am-See.jpg\" width='240' height='160' \/>\n\t\t\t\t\t\t\t<\/a>\n\t\t\t<span>\n\t\t\t \t\t\t<\/span>\n\t\t<\/div>\n\t<\/div>\n\t\t\t\t\t\t\t\t\n\t<div id=\"ngg-image-3421\" class=\"ngg-gallery-thumbnail-box\" style=\"width:25%;\" >\n\t\t<div class=\"ngg-gallery-thumbnail\" >\n\t\t\t<a href=\"https:\/\/wernerdeck.de\/blog\/wp-content\/gallery\/deutschlandrundfahrt-strecken\/14-Von-Kell-am-See-nach-Achaffenburg.jpg\"\n\t\t\t\ttitle=\" \"\n\t\t\t\tclass=\"ngg-simplelightbox\" rel=\"8ccf99d69ded91da7be882849632a074\" data-image-id=\"3421\" data-src=\"https:\/\/wernerdeck.de\/blog\/wp-content\/gallery\/deutschlandrundfahrt-strecken\/14-Von-Kell-am-See-nach-Achaffenburg.jpg\" data-thumbnail=\"https:\/\/wernerdeck.de\/blog\/wp-content\/gallery\/deutschlandrundfahrt-strecken\/thumbs\/thumbs_14-Von-Kell-am-See-nach-Achaffenburg.jpg\" data-title=\"14-Von-Kell-am-See-nach-Achaffenburg\" data-description=\" \" >\n\t\t\t\t\t\t\t\t<img title=\"14-Von-Kell-am-See-nach-Achaffenburg\" alt=\"14-Von-Kell-am-See-nach-Achaffenburg\" src=\"https:\/\/wernerdeck.de\/blog\/wp-content\/gallery\/deutschlandrundfahrt-strecken\/thumbs\/thumbs_14-Von-Kell-am-See-nach-Achaffenburg.jpg\" width='240' height='160' \/>\n\t\t\t\t\t\t\t<\/a>\n\t\t\t<span>\n\t\t\t \t\t\t<\/span>\n\t\t<\/div>\n\t<\/div>\n\t\t\t\t\t\t\t\t\n\t<div id=\"ngg-image-3423\" class=\"ngg-gallery-thumbnail-box\" style=\"width:25%;\" >\n\t\t<div class=\"ngg-gallery-thumbnail\" >\n\t\t\t<a href=\"https:\/\/wernerdeck.de\/blog\/wp-content\/gallery\/deutschlandrundfahrt-strecken\/15-Von-Aschaffenburg-nach-Bamberg.jpg\"\n\t\t\t\ttitle=\" \"\n\t\t\t\tclass=\"ngg-simplelightbox\" rel=\"8ccf99d69ded91da7be882849632a074\" data-image-id=\"3423\" data-src=\"https:\/\/wernerdeck.de\/blog\/wp-content\/gallery\/deutschlandrundfahrt-strecken\/15-Von-Aschaffenburg-nach-Bamberg.jpg\" data-thumbnail=\"https:\/\/wernerdeck.de\/blog\/wp-content\/gallery\/deutschlandrundfahrt-strecken\/thumbs\/thumbs_15-Von-Aschaffenburg-nach-Bamberg.jpg\" data-title=\"15-Von-Aschaffenburg-nach-Bamberg\" data-description=\" \" >\n\t\t\t\t\t\t\t\t<img title=\"15-Von-Aschaffenburg-nach-Bamberg\" alt=\"15-Von-Aschaffenburg-nach-Bamberg\" src=\"https:\/\/wernerdeck.de\/blog\/wp-content\/gallery\/deutschlandrundfahrt-strecken\/thumbs\/thumbs_15-Von-Aschaffenburg-nach-Bamberg.jpg\" width='240' height='160' \/>\n\t\t\t\t\t\t\t<\/a>\n\t\t\t<span>\n\t\t\t \t\t\t<\/span>\n\t\t<\/div>\n\t<\/div>\n\t\t\t\t\t\t\t\t\n\t<div id=\"ngg-image-3424\" class=\"ngg-gallery-thumbnail-box\" style=\"width:25%;\" >\n\t\t<div class=\"ngg-gallery-thumbnail\" >\n\t\t\t<a href=\"https:\/\/wernerdeck.de\/blog\/wp-content\/gallery\/deutschlandrundfahrt-strecken\/16-Von-Bamberg-nach-Eggenstein-bei-Karlsruhe.jpg\"\n\t\t\t\ttitle=\" \"\n\t\t\t\tclass=\"ngg-simplelightbox\" rel=\"8ccf99d69ded91da7be882849632a074\" data-image-id=\"3424\" data-src=\"https:\/\/wernerdeck.de\/blog\/wp-content\/gallery\/deutschlandrundfahrt-strecken\/16-Von-Bamberg-nach-Eggenstein-bei-Karlsruhe.jpg\" data-thumbnail=\"https:\/\/wernerdeck.de\/blog\/wp-content\/gallery\/deutschlandrundfahrt-strecken\/thumbs\/thumbs_16-Von-Bamberg-nach-Eggenstein-bei-Karlsruhe.jpg\" data-title=\"16-Von-Bamberg-nach-Eggenstein-bei-Karlsruhe\" data-description=\" \" >\n\t\t\t\t\t\t\t\t<img title=\"16-Von-Bamberg-nach-Eggenstein-bei-Karlsruhe\" alt=\"16-Von-Bamberg-nach-Eggenstein-bei-Karlsruhe\" src=\"https:\/\/wernerdeck.de\/blog\/wp-content\/gallery\/deutschlandrundfahrt-strecken\/thumbs\/thumbs_16-Von-Bamberg-nach-Eggenstein-bei-Karlsruhe.jpg\" width='240' height='160' \/>\n\t\t\t\t\t\t\t<\/a>\n\t\t\t<span>\n\t\t\t \t\t\t<\/span>\n\t\t<\/div>\n\t<\/div>\n\t\t\t\t\t\t\t<br style=\"clear: both\" \/>\n\t\t\t\n\t<div id=\"ngg-image-3412\" class=\"ngg-gallery-thumbnail-box\" style=\"width:25%;\" >\n\t\t<div class=\"ngg-gallery-thumbnail\" >\n\t\t\t<a href=\"https:\/\/wernerdeck.de\/blog\/wp-content\/gallery\/deutschlandrundfahrt-strecken\/2-Von-Wernigerode-nach-Leipzig.jpg\"\n\t\t\t\ttitle=\" \"\n\t\t\t\tclass=\"ngg-simplelightbox\" rel=\"8ccf99d69ded91da7be882849632a074\" data-image-id=\"3412\" data-src=\"https:\/\/wernerdeck.de\/blog\/wp-content\/gallery\/deutschlandrundfahrt-strecken\/2-Von-Wernigerode-nach-Leipzig.jpg\" data-thumbnail=\"https:\/\/wernerdeck.de\/blog\/wp-content\/gallery\/deutschlandrundfahrt-strecken\/thumbs\/thumbs_2-Von-Wernigerode-nach-Leipzig.jpg\" data-title=\"2-Von-Wernigerode-nach-Leipzig\" data-description=\" \" >\n\t\t\t\t\t\t\t\t<img title=\"2-Von-Wernigerode-nach-Leipzig\" alt=\"2-Von-Wernigerode-nach-Leipzig\" src=\"https:\/\/wernerdeck.de\/blog\/wp-content\/gallery\/deutschlandrundfahrt-strecken\/thumbs\/thumbs_2-Von-Wernigerode-nach-Leipzig.jpg\" width='240' height='160' \/>\n\t\t\t\t\t\t\t<\/a>\n\t\t\t<span>\n\t\t\t \t\t\t<\/span>\n\t\t<\/div>\n\t<\/div>\n\t\t\t\t\t\t\t\t\n\t<div id=\"ngg-image-3410\" class=\"ngg-gallery-thumbnail-box\" style=\"width:25%;\" >\n\t\t<div class=\"ngg-gallery-thumbnail\" >\n\t\t\t<a href=\"https:\/\/wernerdeck.de\/blog\/wp-content\/gallery\/deutschlandrundfahrt-strecken\/3-Fahrt-von-Leipzig-nach-Dresden.jpg\"\n\t\t\t\ttitle=\" \"\n\t\t\t\tclass=\"ngg-simplelightbox\" rel=\"8ccf99d69ded91da7be882849632a074\" data-image-id=\"3410\" data-src=\"https:\/\/wernerdeck.de\/blog\/wp-content\/gallery\/deutschlandrundfahrt-strecken\/3-Fahrt-von-Leipzig-nach-Dresden.jpg\" data-thumbnail=\"https:\/\/wernerdeck.de\/blog\/wp-content\/gallery\/deutschlandrundfahrt-strecken\/thumbs\/thumbs_3-Fahrt-von-Leipzig-nach-Dresden.jpg\" data-title=\"3-Fahrt-von-Leipzig-nach-Dresden\" data-description=\" \" >\n\t\t\t\t\t\t\t\t<img title=\"3-Fahrt-von-Leipzig-nach-Dresden\" alt=\"3-Fahrt-von-Leipzig-nach-Dresden\" src=\"https:\/\/wernerdeck.de\/blog\/wp-content\/gallery\/deutschlandrundfahrt-strecken\/thumbs\/thumbs_3-Fahrt-von-Leipzig-nach-Dresden.jpg\" width='240' height='160' \/>\n\t\t\t\t\t\t\t<\/a>\n\t\t\t<span>\n\t\t\t \t\t\t<\/span>\n\t\t<\/div>\n\t<\/div>\n\t\t\t\t\t\t\t\t\n\t<div id=\"ngg-image-3411\" class=\"ngg-gallery-thumbnail-box\" style=\"width:25%;\" >\n\t\t<div class=\"ngg-gallery-thumbnail\" >\n\t\t\t<a href=\"https:\/\/wernerdeck.de\/blog\/wp-content\/gallery\/deutschlandrundfahrt-strecken\/4-Fahrt-nach-Prag.jpg\"\n\t\t\t\ttitle=\" \"\n\t\t\t\tclass=\"ngg-simplelightbox\" rel=\"8ccf99d69ded91da7be882849632a074\" data-image-id=\"3411\" data-src=\"https:\/\/wernerdeck.de\/blog\/wp-content\/gallery\/deutschlandrundfahrt-strecken\/4-Fahrt-nach-Prag.jpg\" data-thumbnail=\"https:\/\/wernerdeck.de\/blog\/wp-content\/gallery\/deutschlandrundfahrt-strecken\/thumbs\/thumbs_4-Fahrt-nach-Prag.jpg\" data-title=\"4-Fahrt-nach-Prag\" data-description=\" \" >\n\t\t\t\t\t\t\t\t<img title=\"4-Fahrt-nach-Prag\" alt=\"4-Fahrt-nach-Prag\" src=\"https:\/\/wernerdeck.de\/blog\/wp-content\/gallery\/deutschlandrundfahrt-strecken\/thumbs\/thumbs_4-Fahrt-nach-Prag.jpg\" width='240' height='160' \/>\n\t\t\t\t\t\t\t<\/a>\n\t\t\t<span>\n\t\t\t \t\t\t<\/span>\n\t\t<\/div>\n\t<\/div>\n\t\t\t\t\t\t\t\t\n\t<div id=\"ngg-image-3409\" class=\"ngg-gallery-thumbnail-box\" style=\"width:25%;\" >\n\t\t<div class=\"ngg-gallery-thumbnail\" >\n\t\t\t<a href=\"https:\/\/wernerdeck.de\/blog\/wp-content\/gallery\/deutschlandrundfahrt-strecken\/5-Prag-zur-Bastei.jpg\"\n\t\t\t\ttitle=\" \"\n\t\t\t\tclass=\"ngg-simplelightbox\" rel=\"8ccf99d69ded91da7be882849632a074\" data-image-id=\"3409\" data-src=\"https:\/\/wernerdeck.de\/blog\/wp-content\/gallery\/deutschlandrundfahrt-strecken\/5-Prag-zur-Bastei.jpg\" data-thumbnail=\"https:\/\/wernerdeck.de\/blog\/wp-content\/gallery\/deutschlandrundfahrt-strecken\/thumbs\/thumbs_5-Prag-zur-Bastei.jpg\" data-title=\"5-Prag-zur-Bastei\" data-description=\" \" >\n\t\t\t\t\t\t\t\t<img title=\"5-Prag-zur-Bastei\" alt=\"5-Prag-zur-Bastei\" src=\"https:\/\/wernerdeck.de\/blog\/wp-content\/gallery\/deutschlandrundfahrt-strecken\/thumbs\/thumbs_5-Prag-zur-Bastei.jpg\" width='240' height='160' \/>\n\t\t\t\t\t\t\t<\/a>\n\t\t\t<span>\n\t\t\t \t\t\t<\/span>\n\t\t<\/div>\n\t<\/div>\n\t\t\t\t\t\t\t<br style=\"clear: both\" \/>\n\t\t\t\n\t<div id=\"ngg-image-3408\" class=\"ngg-gallery-thumbnail-box\" style=\"width:25%;\" >\n\t\t<div class=\"ngg-gallery-thumbnail\" >\n\t\t\t<a href=\"https:\/\/wernerdeck.de\/blog\/wp-content\/gallery\/deutschlandrundfahrt-strecken\/6-Bastei-Finsterwalde.jpg\"\n\t\t\t\ttitle=\" \"\n\t\t\t\tclass=\"ngg-simplelightbox\" rel=\"8ccf99d69ded91da7be882849632a074\" data-image-id=\"3408\" data-src=\"https:\/\/wernerdeck.de\/blog\/wp-content\/gallery\/deutschlandrundfahrt-strecken\/6-Bastei-Finsterwalde.jpg\" data-thumbnail=\"https:\/\/wernerdeck.de\/blog\/wp-content\/gallery\/deutschlandrundfahrt-strecken\/thumbs\/thumbs_6-Bastei-Finsterwalde.jpg\" data-title=\"6-Bastei-Finsterwalde\" data-description=\" \" >\n\t\t\t\t\t\t\t\t<img title=\"6-Bastei-Finsterwalde\" alt=\"6-Bastei-Finsterwalde\" src=\"https:\/\/wernerdeck.de\/blog\/wp-content\/gallery\/deutschlandrundfahrt-strecken\/thumbs\/thumbs_6-Bastei-Finsterwalde.jpg\" width='240' height='160' \/>\n\t\t\t\t\t\t\t<\/a>\n\t\t\t<span>\n\t\t\t \t\t\t<\/span>\n\t\t<\/div>\n\t<\/div>\n\t\t\t\t\t\t\t\t\n\t<div id=\"ngg-image-3413\" class=\"ngg-gallery-thumbnail-box\" style=\"width:25%;\" >\n\t\t<div class=\"ngg-gallery-thumbnail\" >\n\t\t\t<a href=\"https:\/\/wernerdeck.de\/blog\/wp-content\/gallery\/deutschlandrundfahrt-strecken\/7-Von-Finsterwalde-nach-Luebbenau.jpg\"\n\t\t\t\ttitle=\" \"\n\t\t\t\tclass=\"ngg-simplelightbox\" rel=\"8ccf99d69ded91da7be882849632a074\" data-image-id=\"3413\" data-src=\"https:\/\/wernerdeck.de\/blog\/wp-content\/gallery\/deutschlandrundfahrt-strecken\/7-Von-Finsterwalde-nach-Luebbenau.jpg\" data-thumbnail=\"https:\/\/wernerdeck.de\/blog\/wp-content\/gallery\/deutschlandrundfahrt-strecken\/thumbs\/thumbs_7-Von-Finsterwalde-nach-Luebbenau.jpg\" data-title=\"7-Von-Finsterwalde-nach-Luebbenau\" data-description=\" \" >\n\t\t\t\t\t\t\t\t<img title=\"7-Von-Finsterwalde-nach-Luebbenau\" alt=\"7-Von-Finsterwalde-nach-Luebbenau\" src=\"https:\/\/wernerdeck.de\/blog\/wp-content\/gallery\/deutschlandrundfahrt-strecken\/thumbs\/thumbs_7-Von-Finsterwalde-nach-Luebbenau.jpg\" width='240' height='160' \/>\n\t\t\t\t\t\t\t<\/a>\n\t\t\t<span>\n\t\t\t \t\t\t<\/span>\n\t\t<\/div>\n\t<\/div>\n\t\t\t\t\t\t\t\t\n\t<div id=\"ngg-image-3414\" class=\"ngg-gallery-thumbnail-box\" style=\"width:25%;\" >\n\t\t<div class=\"ngg-gallery-thumbnail\" >\n\t\t\t<a href=\"https:\/\/wernerdeck.de\/blog\/wp-content\/gallery\/deutschlandrundfahrt-strecken\/8-Finsterwalde-nach-Potsdam.jpg\"\n\t\t\t\ttitle=\" \"\n\t\t\t\tclass=\"ngg-simplelightbox\" rel=\"8ccf99d69ded91da7be882849632a074\" data-image-id=\"3414\" data-src=\"https:\/\/wernerdeck.de\/blog\/wp-content\/gallery\/deutschlandrundfahrt-strecken\/8-Finsterwalde-nach-Potsdam.jpg\" data-thumbnail=\"https:\/\/wernerdeck.de\/blog\/wp-content\/gallery\/deutschlandrundfahrt-strecken\/thumbs\/thumbs_8-Finsterwalde-nach-Potsdam.jpg\" data-title=\"8-Finsterwalde-nach-Potsdam\" data-description=\" \" >\n\t\t\t\t\t\t\t\t<img title=\"8-Finsterwalde-nach-Potsdam\" alt=\"8-Finsterwalde-nach-Potsdam\" src=\"https:\/\/wernerdeck.de\/blog\/wp-content\/gallery\/deutschlandrundfahrt-strecken\/thumbs\/thumbs_8-Finsterwalde-nach-Potsdam.jpg\" width='240' height='160' \/>\n\t\t\t\t\t\t\t<\/a>\n\t\t\t<span>\n\t\t\t \t\t\t<\/span>\n\t\t<\/div>\n\t<\/div>\n\t\t\t\t\t\t\t\t\n\t<div id=\"ngg-image-3416\" class=\"ngg-gallery-thumbnail-box\" style=\"width:25%;\" >\n\t\t<div class=\"ngg-gallery-thumbnail\" >\n\t\t\t<a href=\"https:\/\/wernerdeck.de\/blog\/wp-content\/gallery\/deutschlandrundfahrt-strecken\/8-Von-Potsdan-nach-Plau-am-See.jpg\"\n\t\t\t\ttitle=\" \"\n\t\t\t\tclass=\"ngg-simplelightbox\" rel=\"8ccf99d69ded91da7be882849632a074\" data-image-id=\"3416\" data-src=\"https:\/\/wernerdeck.de\/blog\/wp-content\/gallery\/deutschlandrundfahrt-strecken\/8-Von-Potsdan-nach-Plau-am-See.jpg\" data-thumbnail=\"https:\/\/wernerdeck.de\/blog\/wp-content\/gallery\/deutschlandrundfahrt-strecken\/thumbs\/thumbs_8-Von-Potsdan-nach-Plau-am-See.jpg\" data-title=\"8-Von-Potsdan-nach-Plau-am-See\" data-description=\" \" >\n\t\t\t\t\t\t\t\t<img title=\"8-Von-Potsdan-nach-Plau-am-See\" alt=\"8-Von-Potsdan-nach-Plau-am-See\" src=\"https:\/\/wernerdeck.de\/blog\/wp-content\/gallery\/deutschlandrundfahrt-strecken\/thumbs\/thumbs_8-Von-Potsdan-nach-Plau-am-See.jpg\" width='240' height='160' \/>\n\t\t\t\t\t\t\t<\/a>\n\t\t\t<span>\n\t\t\t \t\t\t<\/span>\n\t\t<\/div>\n\t<\/div>\n\t\t\t\t\t\t\t<br style=\"clear: both\" \/>\n\t\t\t\n\t<div id=\"ngg-image-3415\" class=\"ngg-gallery-thumbnail-box\" style=\"width:25%;\" >\n\t\t<div class=\"ngg-gallery-thumbnail\" >\n\t\t\t<a href=\"https:\/\/wernerdeck.de\/blog\/wp-content\/gallery\/deutschlandrundfahrt-strecken\/9-Fahrt-von-Plau-am-See-nach-Schwerin.jpg\"\n\t\t\t\ttitle=\" \"\n\t\t\t\tclass=\"ngg-simplelightbox\" rel=\"8ccf99d69ded91da7be882849632a074\" data-image-id=\"3415\" data-src=\"https:\/\/wernerdeck.de\/blog\/wp-content\/gallery\/deutschlandrundfahrt-strecken\/9-Fahrt-von-Plau-am-See-nach-Schwerin.jpg\" data-thumbnail=\"https:\/\/wernerdeck.de\/blog\/wp-content\/gallery\/deutschlandrundfahrt-strecken\/thumbs\/thumbs_9-Fahrt-von-Plau-am-See-nach-Schwerin.jpg\" data-title=\"9-Fahrt-von-Plau-am-See-nach-Schwerin\" data-description=\" \" >\n\t\t\t\t\t\t\t\t<img title=\"9-Fahrt-von-Plau-am-See-nach-Schwerin\" alt=\"9-Fahrt-von-Plau-am-See-nach-Schwerin\" src=\"https:\/\/wernerdeck.de\/blog\/wp-content\/gallery\/deutschlandrundfahrt-strecken\/thumbs\/thumbs_9-Fahrt-von-Plau-am-See-nach-Schwerin.jpg\" width='240' height='160' \/>\n\t\t\t\t\t\t\t<\/a>\n\t\t\t<span>\n\t\t\t \t\t\t<\/span>\n\t\t<\/div>\n\t<\/div>\n\t\t\t\t\t\t\t\t\n\t<div id=\"ngg-image-3422\" class=\"ngg-gallery-thumbnail-box\" style=\"width:25%;\" >\n\t\t<div class=\"ngg-gallery-thumbnail\" >\n\t\t\t<a href=\"https:\/\/wernerdeck.de\/blog\/wp-content\/gallery\/deutschlandrundfahrt-strecken\/Geplante-Route-endgueltig-gemacht.jpg\"\n\t\t\t\ttitle=\"Die \u201ebayrische Schleife\u201c \u00fcber Neuschwanstein etc. fahren wir vielleicht einmal zu einem sp\u00e4teren Zeitpunkt\"\n\t\t\t\tclass=\"ngg-simplelightbox\" rel=\"8ccf99d69ded91da7be882849632a074\" data-image-id=\"3422\" data-src=\"https:\/\/wernerdeck.de\/blog\/wp-content\/gallery\/deutschlandrundfahrt-strecken\/Geplante-Route-endgueltig-gemacht.jpg\" data-thumbnail=\"https:\/\/wernerdeck.de\/blog\/wp-content\/gallery\/deutschlandrundfahrt-strecken\/thumbs\/thumbs_Geplante-Route-endgueltig-gemacht.jpg\" data-title=\"Geplante-Route-endgueltig-gemacht\" data-description=\"Die \u201ebayrische Schleife\u201c \u00fcber Neuschwanstein etc. fahren wir vielleicht einmal zu einem sp\u00e4teren Zeitpunkt\" >\n\t\t\t\t\t\t\t\t<img title=\"Geplante-Route-endgueltig-gemacht\" alt=\"Geplante-Route-endgueltig-gemacht\" src=\"https:\/\/wernerdeck.de\/blog\/wp-content\/gallery\/deutschlandrundfahrt-strecken\/thumbs\/thumbs_Geplante-Route-endgueltig-gemacht.jpg\" width='240' height='160' \/>\n\t\t\t\t\t\t\t<\/a>\n\t\t\t<span>\n\t\t\tDie \u201ebayrische Schleife\u201c \u00fcber Neuschwanstein etc. fahren wir vielleicht einmal zu einem sp\u00e4teren Zeitpunkt\t\t\t<\/span>\n\t\t<\/div>\n\t<\/div>\n\t\t\t\t\t\t\t\t\n\t<!-- Pagination -->\n\t\t<div class='ngg-clear'><\/div>\t\n<\/div>\n\n\tNoch einmal alle Beitr\u00e4ge zu unserer Deutschlandrundfahrt:<\/p>\n<ul>\n<li><a href=\"https:\/\/wernerdeck.de\/blog\/2023\/05\/10\/morgen-starten-wir-eine-rundfahrt-mit-dem-auto-ca-3-000-km-durch-unser-schoenes-deutschland\/\" target=\"_blank\" rel=\"noopener\">Morgen starten wir. Eine Rundfahrt mit dem Auto ca. 3.000 km durch unser sch\u00f6nes Deutschland<\/a><\/li>\n<li><a href=\"https:\/\/wernerdeck.de\/blog\/2023\/05\/10\/unsere-deutschlandtour-ein-start-mit-hindernissen\/\" target=\"_blank\" rel=\"noopener\">Unsere Deutschlandtour, ein Start mit Hindernissen<\/a><\/li>\n<li><a href=\"https:\/\/wernerdeck.de\/blog\/2023\/05\/11\/1-tag-bei-viel-verkehr-und-ziemlich-regen-waren-wir-heute-nach-530-std-und-464-km-in-wernigerode\/\" target=\"_blank\" rel=\"noopener\">1. Tag. Bei viel Verkehr und ziemlich Regen, waren wir heute nach 5:30 Std und 471 km in Wernigerode<\/a><\/li>\n<li><a href=\"https:\/\/wernerdeck.de\/blog\/2023\/05\/12\/2-tag-nach-dem-fruehstueck-besuchten-wir-quedlinburg-die-pittoreske-weltkulturerbe-stadt-in-sachsen-anhalt\/\" target=\"_blank\" rel=\"noopener\">2. Tag. Nach dem Fr\u00fchst\u00fcck besuchten wir Quedlinburg, die pittoreske Weltkulturerbe-Stadt in Sachsen-Anhalt<\/a><\/li>\n<li><a href=\"https:\/\/wernerdeck.de\/blog\/2023\/05\/13\/3-tag-die-fachwerkhaeuser-in-wernigerode-und-die-fahrt-mit-der-harzer-schmalspurbahn-auf-den-brocken\/\" target=\"_blank\" rel=\"noopener\">3. Tag. Die Fachwerkh\u00e4user in Wernigerode und die Fahrt mit der Harzer Schmalspurbahn auf den Brocken<\/a><\/li>\n<li><a href=\"https:\/\/wernerdeck.de\/blog\/2023\/05\/14\/4-tag-ueber-leipzig-fuhren-wir-heute-nach-dresden-leipzig-hat-uns-nicht-nur-ueberrascht-sondern-richtig-begeistert\/\" target=\"_blank\" rel=\"noopener\">4. Tag. \u00dcber Leipzig fuhren wir heute nach Dresden. Leipzig hat uns nicht nur \u00fcberrascht, sondern richtig begeistert<\/a><\/li>\n<li><a href=\"https:\/\/wernerdeck.de\/blog\/2023\/05\/15\/tag-5-die-opulente-pracht-dresdens-hat-uns-heute-fast-den-atem-verschlagen-wir-konnten-uns-kaum-sattsehen\/\" target=\"_blank\" rel=\"noopener\">Tag 5. Die opulente Pracht Dresdens hat uns heute fast den Atem verschlagen. Wir konnten uns kaum sattsehen<\/a><\/li>\n<li><a href=\"https:\/\/wernerdeck.de\/blog\/2023\/05\/16\/tag-6-unterbrechung-unserer-deutschlandtour-fuer-einen-spontanen-abstecher-nach-prag\/\" target=\"_blank\" rel=\"noopener\">Tag 6. Unterbrechung unserer Deutschlandtour f\u00fcr einen spontanen Abstecher nach Prag<\/a><\/li>\n<li><a href=\"https:\/\/wernerdeck.de\/blog\/2023\/05\/17\/tag-7-spannende-besichtigungstour-durch-prag-mit-einer-schifffahrt-auf-der-moldau\/\" target=\"_blank\" rel=\"noopener\">Tag 7. Spannende Besichtigungstour durch Prag mit einer Schifffahrt auf der Moldau<\/a><\/li>\n<li><a href=\"https:\/\/wernerdeck.de\/blog\/2023\/05\/18\/tag-8-weitere-prager-sehenswuerdigkeiten-wie-pinkas-synagoge-und-alter-juedischer-friedhof-besucht\/\" target=\"_blank\" rel=\"noopener\">Tag 8. Weitere Prager Sehensw\u00fcrdigkeiten wie Pinkas-Synagoge und Alter J\u00fcdischer Friedhof besucht<\/a><\/li>\n<li><a href=\"https:\/\/wernerdeck.de\/blog\/2023\/05\/19\/tag-9-wir-verlassen-das-schoene-prag-fahren-in-die-saechsische-schweiz-und-weiter-zum-spreewald\/\" target=\"_blank\" rel=\"noopener\">Tag 9. Wir verlassen das sch\u00f6ne Prag, fahren in die S\u00e4chsische Schweiz und weiter zum Spreewald<\/a><\/li>\n<li><a href=\"https:\/\/wernerdeck.de\/blog\/2023\/05\/20\/tag-10-kahnfahrt-bei-strahlendem-sonnenschein-im-spreewald-und-besuch-von-schloss-luebbenau\/\" target=\"_blank\" rel=\"noopener\">Tag 10. Kahnfahrt bei strahlendem Sonnenschein im Spreewald und Besuch von Schloss L\u00fcbbenau<\/a><\/li>\n<li><a href=\"https:\/\/wernerdeck.de\/blog\/2023\/05\/21\/tag-11-das-hollaendisches-viertel-und-weitere-historische-sehenswuerdigkeiten-in-potsdam\/\" target=\"_blank\" rel=\"noopener\">Tag 11. Das Holl\u00e4ndische Viertel und weitere historische Sehensw\u00fcrdigkeiten in Potsdam<\/a><\/li>\n<li><a href=\"https:\/\/wernerdeck.de\/blog\/2023\/05\/22\/tag-12-suedlaendischer-flair-in-potsdam-und-die-begeisternde-pracht-von-schloss-sanssouci-mit-seinem-schlosspark\/\" target=\"_blank\" rel=\"noopener\">Tag 12. S\u00fcdl\u00e4ndischer Flair in Potsdam und die begeisternde Pracht von Schloss Sanssouci mit seinem Schlosspark<\/a><\/li>\n<li><a href=\"https:\/\/wernerdeck.de\/blog\/2023\/05\/23\/tag-13-von-potsdam-an-die-mecklenburger-seenplatte-nach-plau-am-see-den-historischen-stadtkern-erkunden\/\" target=\"_blank\" rel=\"noopener\">Tag 13. Von Potsdam an die Mecklenburger Seenplatte, nach Plau am See, den historischen Stadtkern erkunden<\/a><\/li>\n<li><a href=\"https:\/\/wernerdeck.de\/blog\/2023\/05\/24\/tag-14-fruehstueck-vor-leeren-raengen-drei-seen-rundfahrt-schwerin-drama-im-waschsalon-und-bei-restaurantsuche\/\" target=\"_blank\" rel=\"noopener\">Tag 14. Fr\u00fchst\u00fcck vor leeren R\u00e4ngen, Drei-Seen-Rundfahrt. Schwerin: Drama im Waschsalon und bei Restaurantsuche<\/a><\/li>\n<li><a href=\"https:\/\/wernerdeck.de\/blog\/2023\/05\/25\/tag-15-nicht-nur-vom-schloss-schwerin-und-dem-dom-begeistert-sondern-in-schwerin-auch-von-der-sonne-verwoehnt\/\" target=\"_blank\" rel=\"noopener\">Tag 15. Nicht nur vom Schloss Schwerin und dem Dom begeistert, sondern in Schwerin auch von der Sonne verw\u00f6hnt<\/a><\/li>\n<li><a href=\"https:\/\/wernerdeck.de\/blog\/2023\/05\/25\/das-hotel-elefant-in-schwerin-elefanten-wohin-man-blickt-und-ein-hotel-mit-einer-spannenden-geschichte-und-historie\/\" target=\"_blank\" rel=\"noopener\">Das Hotel Elefant in Schwerin. Elefanten, wohin man blickt und ein Hotel mit einer spannenden Geschichte und Historie<\/a><\/li>\n<li><a href=\"https:\/\/wernerdeck.de\/blog\/2023\/05\/26\/tag-16-wir-verlassen-die-elefanten-in-schwerin-und-fahren-zur-naechsten-station-unserer-tour-nach-luebeck\/\" target=\"_blank\" rel=\"noopener\">Tag 16. Wir verlassen die Elefanten in Schwerin und fahren zur n\u00e4chsten Station auf unserer Tour, nach L\u00fcbeck<\/a><\/li>\n<li><a href=\"https:\/\/wernerdeck.de\/blog\/2023\/05\/27\/tag-17-viel-sonne-in-luebeck-marzipan-die-buddenbrooks-von-thomas-mann-und-ein-feuerwerk-an-sehenswuerdigkeiten\/\" target=\"_blank\" rel=\"noopener\">Tag 17. Viel Sonne in L\u00fcbeck, Marzipan, die Buddenbrooks von Thomas Mann und ein Feuerwerk an Sehensw\u00fcrdigkeiten<\/a><\/li>\n<li><a href=\"https:\/\/wernerdeck.de\/blog\/2023\/05\/28\/tag-18-von-luebeck-in-die-lueneburger-heide-zum-baumwipfelpfad-und-wildpark-heide-himmel\/\" target=\"_blank\" rel=\"noopener\">Tag 18. Von L\u00fcbeck in die L\u00fcneburger Heide, zum Baumwipfelpfad und Wildpark Heide-Himmel<\/a><\/li>\n<li><a href=\"https:\/\/wernerdeck.de\/blog\/2023\/05\/29\/tag-19-in-den-teuteburger-wald-zu-den-mystischen-externsteinen-spontanbesuch-der-rattenfaengerstadt-hameln\/\" target=\"_blank\" rel=\"noopener\">Tag 19. In den Teuteburger Wald, zu den mystischen Externsteinen. Spontanbesuch der Rattenf\u00e4ngerstadt Hameln<\/a><\/li>\n<li><a href=\"https:\/\/wernerdeck.de\/blog\/2023\/05\/30\/tag-20-ein-herrliche-aussicht-am-dreiburgenblick-am-rhein-und-auf-die-loreley-in-der-gueldenen-sonne\/\" target=\"_blank\" rel=\"noopener\">Tag 20. Ein herrliche Aussicht am Dreiburgenblick am Rhein und auf die Loreley in der g\u00fcldenen Sonne<\/a><\/li>\n<li><a href=\"https:\/\/wernerdeck.de\/blog\/2023\/05\/31\/tag-21-ein-ueberwaeltigender-blick-auf-die-eindrucksvolle-saarschleife-danach-ging-es-weiter-nach-aschaffenburg\/\" target=\"_blank\" rel=\"noopener\">Tag 21. Ein \u00fcberw\u00e4ltigender Blick auf die eindrucksvolle Saarschleife. Danach ging es weiter nach Aschaffenburg<\/a><\/li>\n<li><a href=\"https:\/\/wernerdeck.de\/blog\/2023\/06\/01\/tag-22-eine-stunde-ungeduldig-auf-den-autoschluessel-gewartet-nach-langer-fahrt-gut-in-bamberg-angekommen\/\" target=\"_blank\" rel=\"noopener\">Tag 22. Eine Stunde ungeduldig auf den Autoschl\u00fcssel gewartet. Nach langer Fahrt gut im sch\u00f6nen Bamberg angekommen<\/a><\/li>\n<li><a href=\"https:\/\/wernerdeck.de\/blog\/2023\/06\/02\/tag-23-besichtigungstour-bamberg-dom-alte-hofhaltung-neue-residenz-st-martin-klein-venedig-schuhe-kaufen\/\" target=\"_blank\" rel=\"noopener\">Tag 23. Besichtigungstour Bamberg: Dom, Alte Hofhaltung, Neue Residenz, St. Martin, Klein Venedig. Schuhe kaufen<\/a><\/li>\n<li><a href=\"https:\/\/wernerdeck.de\/blog\/2023\/06\/03\/tag-24-zuerst-aufregung-in-bamberg-koenig-max-i-joseph-von-bayern-und-die-liegende-frau-mit-frucht-verabschieden-uns\/\" target=\"_blank\" rel=\"noopener\">Tag 24. Zuerst Aufregung in Bamberg. K\u00f6nig Max I. Joseph von Bayern und die Liegende Frau mit Frucht verabschieden uns<\/a><\/li>\n<\/ul>\n","protected":false},"excerpt":{"rendered":"<p>Nachdem wir wieder zu Hause sind, wurde uns bereits mehrfach die Frage gestellt: \u201eUnd, wie war\u2019s?\u201c Es war toll. Wir haben so viel Sch\u00f6nes gesehen und erfahren, wir hatten so viele beeindruckende Momente und Erlebnisse, dass wir von den gemachten Erfahrungen noch vollkommen \u00fcberw\u00e4ltigt sind. Wenn man so will, war es auch eine Deutschland-Bildungsreise \ud83d\ude09, &#8230; <a title=\"Fazit unserer Deutschlandrundreise: 23 St\u00e4dte und Stationen, viel gesehen, viel gelaufen, viel gelernt. Die Tour-Fakten\" class=\"read-more\" href=\"https:\/\/wernerdeck.de\/blog\/2023\/06\/05\/fazit-unserer-deutschlandrundreise-23-staedte-und-stationen-viel-gesehen-viel-gelaufen-viel-gelernt-die-tour-fakten\/\" aria-label=\"Mehr Informationen \u00fcber Fazit unserer Deutschlandrundreise: 23 St\u00e4dte und Stationen, viel gesehen, viel gelaufen, viel gelernt. Die Tour-Fakten\">Weiterlesen<\/a><\/p>\n","protected":false},"author":1,"featured_media":8280,"comment_status":"open","ping_status":"open","sticky":false,"template":"","format":"standard","meta":{"ngg_post_thumbnail":0,"footnotes":""},"categories":[208],"tags":[280],"class_list":["post-8244","post","type-post","status-publish","format-standard","has-post-thumbnail","hentry","category-reisebericht","tag-deutschlandrundfahrt"],"yoast_head":"<!-- This site is optimized with the Yoast SEO plugin v27.4 - https:\/\/yoast.com\/product\/yoast-seo-wordpress\/ -->\n<title>Fazit unserer Deutschlandrundreise: 23 St\u00e4dte und Stationen, viel gesehen, viel gelaufen, viel gelernt. Die Tour-Fakten - Privater Blog von Werner Deck<\/title>\n<meta name=\"description\" content=\"3.301 km, 45 Std. im Auto gesessen. Ob wir so etwas wieder einmal machen? Nein. Diese Tour war wunderbar, aber damit ist jetzt auch gut. :-)\" \/>\n<meta name=\"robots\" content=\"index, follow, max-snippet:-1, max-image-preview:large, max-video-preview:-1\" \/>\n<link rel=\"canonical\" href=\"https:\/\/wernerdeck.de\/blog\/2023\/06\/05\/fazit-unserer-deutschlandrundreise-23-staedte-und-stationen-viel-gesehen-viel-gelaufen-viel-gelernt-die-tour-fakten\/\" \/>\n<meta property=\"og:locale\" content=\"de_DE\" \/>\n<meta property=\"og:type\" content=\"article\" \/>\n<meta property=\"og:title\" content=\"Fazit unserer Deutschlandrundreise: 23 St\u00e4dte und Stationen, viel gesehen, viel gelaufen, viel gelernt. Die Tour-Fakten - Privater Blog von Werner Deck\" \/>\n<meta property=\"og:description\" content=\"3.301 km, 45 Std. im Auto gesessen. Ob wir so etwas wieder einmal machen? Nein. Diese Tour war wunderbar, aber damit ist jetzt auch gut. :-)\" \/>\n<meta property=\"og:url\" content=\"https:\/\/wernerdeck.de\/blog\/2023\/06\/05\/fazit-unserer-deutschlandrundreise-23-staedte-und-stationen-viel-gesehen-viel-gelaufen-viel-gelernt-die-tour-fakten\/\" \/>\n<meta property=\"og:site_name\" content=\"Privater Blog von Werner Deck\" \/>\n<meta property=\"article:publisher\" content=\"https:\/\/www.facebook.com\/werner.deck\/\" \/>\n<meta property=\"article:author\" content=\"https:\/\/www.facebook.com\/werner.deck\/\" \/>\n<meta property=\"article:published_time\" content=\"2023-06-05T07:34:11+00:00\" \/>\n<meta property=\"article:modified_time\" content=\"2023-06-05T08:47:15+00:00\" \/>\n<meta property=\"og:image\" content=\"https:\/\/wernerdeck.de\/blog\/wp-content\/uploads\/2023\/06\/Zusammenfassung-Deutschlandrundreise.jpg\" \/>\n\t<meta property=\"og:image:width\" content=\"1500\" \/>\n\t<meta property=\"og:image:height\" content=\"569\" \/>\n\t<meta property=\"og:image:type\" content=\"image\/jpeg\" \/>\n<meta name=\"author\" content=\"Werner Deck\" \/>\n<meta name=\"twitter:card\" content=\"summary_large_image\" \/>\n<meta name=\"twitter:label1\" content=\"Verfasst von\" \/>\n\t<meta name=\"twitter:data1\" content=\"Werner Deck\" \/>\n\t<meta name=\"twitter:label2\" content=\"Gesch\u00e4tzte Lesezeit\" \/>\n\t<meta name=\"twitter:data2\" content=\"4\u00a0Minuten\" \/>\n<script type=\"application\/ld+json\" class=\"yoast-schema-graph\">{\"@context\":\"https:\\\/\\\/schema.org\",\"@graph\":[{\"@type\":\"Article\",\"@id\":\"https:\\\/\\\/wernerdeck.de\\\/blog\\\/2023\\\/06\\\/05\\\/fazit-unserer-deutschlandrundreise-23-staedte-und-stationen-viel-gesehen-viel-gelaufen-viel-gelernt-die-tour-fakten\\\/#article\",\"isPartOf\":{\"@id\":\"https:\\\/\\\/wernerdeck.de\\\/blog\\\/2023\\\/06\\\/05\\\/fazit-unserer-deutschlandrundreise-23-staedte-und-stationen-viel-gesehen-viel-gelaufen-viel-gelernt-die-tour-fakten\\\/\"},\"author\":{\"name\":\"Werner Deck\",\"@id\":\"https:\\\/\\\/wernerdeck.de\\\/blog\\\/#\\\/schema\\\/person\\\/7af62de1f11b0a09297eeb81281e523c\"},\"headline\":\"Fazit unserer Deutschlandrundreise: 23 St\u00e4dte und Stationen, viel gesehen, viel gelaufen, viel gelernt. Die Tour-Fakten\",\"datePublished\":\"2023-06-05T07:34:11+00:00\",\"dateModified\":\"2023-06-05T08:47:15+00:00\",\"mainEntityOfPage\":{\"@id\":\"https:\\\/\\\/wernerdeck.de\\\/blog\\\/2023\\\/06\\\/05\\\/fazit-unserer-deutschlandrundreise-23-staedte-und-stationen-viel-gesehen-viel-gelaufen-viel-gelernt-die-tour-fakten\\\/\"},\"wordCount\":657,\"commentCount\":0,\"publisher\":{\"@id\":\"https:\\\/\\\/wernerdeck.de\\\/blog\\\/#\\\/schema\\\/person\\\/7af62de1f11b0a09297eeb81281e523c\"},\"image\":{\"@id\":\"https:\\\/\\\/wernerdeck.de\\\/blog\\\/2023\\\/06\\\/05\\\/fazit-unserer-deutschlandrundreise-23-staedte-und-stationen-viel-gesehen-viel-gelaufen-viel-gelernt-die-tour-fakten\\\/#primaryimage\"},\"thumbnailUrl\":\"https:\\\/\\\/wernerdeck.de\\\/blog\\\/wp-content\\\/uploads\\\/2023\\\/06\\\/Zusammenfassung-Deutschlandrundreise.jpg\",\"keywords\":[\"Deutschlandrundfahrt\"],\"articleSection\":[\"Reisebericht\"],\"inLanguage\":\"de\",\"potentialAction\":[{\"@type\":\"CommentAction\",\"name\":\"Comment\",\"target\":[\"https:\\\/\\\/wernerdeck.de\\\/blog\\\/2023\\\/06\\\/05\\\/fazit-unserer-deutschlandrundreise-23-staedte-und-stationen-viel-gesehen-viel-gelaufen-viel-gelernt-die-tour-fakten\\\/#respond\"]}]},{\"@type\":\"WebPage\",\"@id\":\"https:\\\/\\\/wernerdeck.de\\\/blog\\\/2023\\\/06\\\/05\\\/fazit-unserer-deutschlandrundreise-23-staedte-und-stationen-viel-gesehen-viel-gelaufen-viel-gelernt-die-tour-fakten\\\/\",\"url\":\"https:\\\/\\\/wernerdeck.de\\\/blog\\\/2023\\\/06\\\/05\\\/fazit-unserer-deutschlandrundreise-23-staedte-und-stationen-viel-gesehen-viel-gelaufen-viel-gelernt-die-tour-fakten\\\/\",\"name\":\"Fazit unserer Deutschlandrundreise: 23 St\u00e4dte und Stationen, viel gesehen, viel gelaufen, viel gelernt. Die Tour-Fakten - Privater Blog von Werner Deck\",\"isPartOf\":{\"@id\":\"https:\\\/\\\/wernerdeck.de\\\/blog\\\/#website\"},\"primaryImageOfPage\":{\"@id\":\"https:\\\/\\\/wernerdeck.de\\\/blog\\\/2023\\\/06\\\/05\\\/fazit-unserer-deutschlandrundreise-23-staedte-und-stationen-viel-gesehen-viel-gelaufen-viel-gelernt-die-tour-fakten\\\/#primaryimage\"},\"image\":{\"@id\":\"https:\\\/\\\/wernerdeck.de\\\/blog\\\/2023\\\/06\\\/05\\\/fazit-unserer-deutschlandrundreise-23-staedte-und-stationen-viel-gesehen-viel-gelaufen-viel-gelernt-die-tour-fakten\\\/#primaryimage\"},\"thumbnailUrl\":\"https:\\\/\\\/wernerdeck.de\\\/blog\\\/wp-content\\\/uploads\\\/2023\\\/06\\\/Zusammenfassung-Deutschlandrundreise.jpg\",\"datePublished\":\"2023-06-05T07:34:11+00:00\",\"dateModified\":\"2023-06-05T08:47:15+00:00\",\"description\":\"3.301 km, 45 Std. im Auto gesessen. Ob wir so etwas wieder einmal machen? Nein. Diese Tour war wunderbar, aber damit ist jetzt auch gut. :-)\",\"breadcrumb\":{\"@id\":\"https:\\\/\\\/wernerdeck.de\\\/blog\\\/2023\\\/06\\\/05\\\/fazit-unserer-deutschlandrundreise-23-staedte-und-stationen-viel-gesehen-viel-gelaufen-viel-gelernt-die-tour-fakten\\\/#breadcrumb\"},\"inLanguage\":\"de\",\"potentialAction\":[{\"@type\":\"ReadAction\",\"target\":[\"https:\\\/\\\/wernerdeck.de\\\/blog\\\/2023\\\/06\\\/05\\\/fazit-unserer-deutschlandrundreise-23-staedte-und-stationen-viel-gesehen-viel-gelaufen-viel-gelernt-die-tour-fakten\\\/\"]}]},{\"@type\":\"ImageObject\",\"inLanguage\":\"de\",\"@id\":\"https:\\\/\\\/wernerdeck.de\\\/blog\\\/2023\\\/06\\\/05\\\/fazit-unserer-deutschlandrundreise-23-staedte-und-stationen-viel-gesehen-viel-gelaufen-viel-gelernt-die-tour-fakten\\\/#primaryimage\",\"url\":\"https:\\\/\\\/wernerdeck.de\\\/blog\\\/wp-content\\\/uploads\\\/2023\\\/06\\\/Zusammenfassung-Deutschlandrundreise.jpg\",\"contentUrl\":\"https:\\\/\\\/wernerdeck.de\\\/blog\\\/wp-content\\\/uploads\\\/2023\\\/06\\\/Zusammenfassung-Deutschlandrundreise.jpg\",\"width\":1500,\"height\":569,\"caption\":\"Zusammenfassung Deutschlandrundreise\"},{\"@type\":\"BreadcrumbList\",\"@id\":\"https:\\\/\\\/wernerdeck.de\\\/blog\\\/2023\\\/06\\\/05\\\/fazit-unserer-deutschlandrundreise-23-staedte-und-stationen-viel-gesehen-viel-gelaufen-viel-gelernt-die-tour-fakten\\\/#breadcrumb\",\"itemListElement\":[{\"@type\":\"ListItem\",\"position\":1,\"name\":\"Startseite\",\"item\":\"https:\\\/\\\/wernerdeck.de\\\/blog\\\/\"},{\"@type\":\"ListItem\",\"position\":2,\"name\":\"Fazit unserer Deutschlandrundreise: 23 St\u00e4dte und Stationen, viel gesehen, viel gelaufen, viel gelernt. Die Tour-Fakten\"}]},{\"@type\":\"WebSite\",\"@id\":\"https:\\\/\\\/wernerdeck.de\\\/blog\\\/#website\",\"url\":\"https:\\\/\\\/wernerdeck.de\\\/blog\\\/\",\"name\":\"Blog von Werner Deck\",\"description\":\"\",\"publisher\":{\"@id\":\"https:\\\/\\\/wernerdeck.de\\\/blog\\\/#\\\/schema\\\/person\\\/7af62de1f11b0a09297eeb81281e523c\"},\"potentialAction\":[{\"@type\":\"SearchAction\",\"target\":{\"@type\":\"EntryPoint\",\"urlTemplate\":\"https:\\\/\\\/wernerdeck.de\\\/blog\\\/?s={search_term_string}\"},\"query-input\":{\"@type\":\"PropertyValueSpecification\",\"valueRequired\":true,\"valueName\":\"search_term_string\"}}],\"inLanguage\":\"de\"},{\"@type\":[\"Person\",\"Organization\"],\"@id\":\"https:\\\/\\\/wernerdeck.de\\\/blog\\\/#\\\/schema\\\/person\\\/7af62de1f11b0a09297eeb81281e523c\",\"name\":\"Werner Deck\",\"image\":{\"@type\":\"ImageObject\",\"inLanguage\":\"de\",\"@id\":\"https:\\\/\\\/wernerdeck.de\\\/blog\\\/wp-content\\\/uploads\\\/2022\\\/05\\\/Werner-Deck-995x1024.jpg\",\"url\":\"https:\\\/\\\/wernerdeck.de\\\/blog\\\/wp-content\\\/uploads\\\/2022\\\/05\\\/Werner-Deck-995x1024.jpg\",\"contentUrl\":\"https:\\\/\\\/wernerdeck.de\\\/blog\\\/wp-content\\\/uploads\\\/2022\\\/05\\\/Werner-Deck-995x1024.jpg\",\"width\":995,\"height\":1024,\"caption\":\"Werner Deck\"},\"logo\":{\"@id\":\"https:\\\/\\\/wernerdeck.de\\\/blog\\\/wp-content\\\/uploads\\\/2022\\\/05\\\/Werner-Deck-995x1024.jpg\"},\"sameAs\":[\"https:\\\/\\\/wernerdeck.de\\\/blog\",\"https:\\\/\\\/www.facebook.com\\\/werner.deck\\\/\",\"https:\\\/\\\/www.instagram.com\\\/opti_maler_deck\\\/\",\"https:\\\/\\\/www.youtube.com\\\/c\\\/WernerDeck\"],\"url\":\"https:\\\/\\\/wernerdeck.de\\\/blog\\\/author\\\/wernerdeck-de\\\/\"}]}<\/script>\n<!-- \/ Yoast SEO plugin. -->","yoast_head_json":{"title":"Fazit unserer Deutschlandrundreise: 23 St\u00e4dte und Stationen, viel gesehen, viel gelaufen, viel gelernt. Die Tour-Fakten - Privater Blog von Werner Deck","description":"3.301 km, 45 Std. im Auto gesessen. Ob wir so etwas wieder einmal machen? Nein. Diese Tour war wunderbar, aber damit ist jetzt auch gut. :-)","robots":{"index":"index","follow":"follow","max-snippet":"max-snippet:-1","max-image-preview":"max-image-preview:large","max-video-preview":"max-video-preview:-1"},"canonical":"https:\/\/wernerdeck.de\/blog\/2023\/06\/05\/fazit-unserer-deutschlandrundreise-23-staedte-und-stationen-viel-gesehen-viel-gelaufen-viel-gelernt-die-tour-fakten\/","og_locale":"de_DE","og_type":"article","og_title":"Fazit unserer Deutschlandrundreise: 23 St\u00e4dte und Stationen, viel gesehen, viel gelaufen, viel gelernt. Die Tour-Fakten - Privater Blog von Werner Deck","og_description":"3.301 km, 45 Std. im Auto gesessen. Ob wir so etwas wieder einmal machen? Nein. Diese Tour war wunderbar, aber damit ist jetzt auch gut. :-)","og_url":"https:\/\/wernerdeck.de\/blog\/2023\/06\/05\/fazit-unserer-deutschlandrundreise-23-staedte-und-stationen-viel-gesehen-viel-gelaufen-viel-gelernt-die-tour-fakten\/","og_site_name":"Privater Blog von Werner Deck","article_publisher":"https:\/\/www.facebook.com\/werner.deck\/","article_author":"https:\/\/www.facebook.com\/werner.deck\/","article_published_time":"2023-06-05T07:34:11+00:00","article_modified_time":"2023-06-05T08:47:15+00:00","og_image":[{"width":1500,"height":569,"url":"https:\/\/wernerdeck.de\/blog\/wp-content\/uploads\/2023\/06\/Zusammenfassung-Deutschlandrundreise.jpg","type":"image\/jpeg"}],"author":"Werner Deck","twitter_card":"summary_large_image","twitter_misc":{"Verfasst von":"Werner Deck","Gesch\u00e4tzte Lesezeit":"4\u00a0Minuten"},"schema":{"@context":"https:\/\/schema.org","@graph":[{"@type":"Article","@id":"https:\/\/wernerdeck.de\/blog\/2023\/06\/05\/fazit-unserer-deutschlandrundreise-23-staedte-und-stationen-viel-gesehen-viel-gelaufen-viel-gelernt-die-tour-fakten\/#article","isPartOf":{"@id":"https:\/\/wernerdeck.de\/blog\/2023\/06\/05\/fazit-unserer-deutschlandrundreise-23-staedte-und-stationen-viel-gesehen-viel-gelaufen-viel-gelernt-die-tour-fakten\/"},"author":{"name":"Werner Deck","@id":"https:\/\/wernerdeck.de\/blog\/#\/schema\/person\/7af62de1f11b0a09297eeb81281e523c"},"headline":"Fazit unserer Deutschlandrundreise: 23 St\u00e4dte und Stationen, viel gesehen, viel gelaufen, viel gelernt. Die Tour-Fakten","datePublished":"2023-06-05T07:34:11+00:00","dateModified":"2023-06-05T08:47:15+00:00","mainEntityOfPage":{"@id":"https:\/\/wernerdeck.de\/blog\/2023\/06\/05\/fazit-unserer-deutschlandrundreise-23-staedte-und-stationen-viel-gesehen-viel-gelaufen-viel-gelernt-die-tour-fakten\/"},"wordCount":657,"commentCount":0,"publisher":{"@id":"https:\/\/wernerdeck.de\/blog\/#\/schema\/person\/7af62de1f11b0a09297eeb81281e523c"},"image":{"@id":"https:\/\/wernerdeck.de\/blog\/2023\/06\/05\/fazit-unserer-deutschlandrundreise-23-staedte-und-stationen-viel-gesehen-viel-gelaufen-viel-gelernt-die-tour-fakten\/#primaryimage"},"thumbnailUrl":"https:\/\/wernerdeck.de\/blog\/wp-content\/uploads\/2023\/06\/Zusammenfassung-Deutschlandrundreise.jpg","keywords":["Deutschlandrundfahrt"],"articleSection":["Reisebericht"],"inLanguage":"de","potentialAction":[{"@type":"CommentAction","name":"Comment","target":["https:\/\/wernerdeck.de\/blog\/2023\/06\/05\/fazit-unserer-deutschlandrundreise-23-staedte-und-stationen-viel-gesehen-viel-gelaufen-viel-gelernt-die-tour-fakten\/#respond"]}]},{"@type":"WebPage","@id":"https:\/\/wernerdeck.de\/blog\/2023\/06\/05\/fazit-unserer-deutschlandrundreise-23-staedte-und-stationen-viel-gesehen-viel-gelaufen-viel-gelernt-die-tour-fakten\/","url":"https:\/\/wernerdeck.de\/blog\/2023\/06\/05\/fazit-unserer-deutschlandrundreise-23-staedte-und-stationen-viel-gesehen-viel-gelaufen-viel-gelernt-die-tour-fakten\/","name":"Fazit unserer Deutschlandrundreise: 23 St\u00e4dte und Stationen, viel gesehen, viel gelaufen, viel gelernt. Die Tour-Fakten - Privater Blog von Werner Deck","isPartOf":{"@id":"https:\/\/wernerdeck.de\/blog\/#website"},"primaryImageOfPage":{"@id":"https:\/\/wernerdeck.de\/blog\/2023\/06\/05\/fazit-unserer-deutschlandrundreise-23-staedte-und-stationen-viel-gesehen-viel-gelaufen-viel-gelernt-die-tour-fakten\/#primaryimage"},"image":{"@id":"https:\/\/wernerdeck.de\/blog\/2023\/06\/05\/fazit-unserer-deutschlandrundreise-23-staedte-und-stationen-viel-gesehen-viel-gelaufen-viel-gelernt-die-tour-fakten\/#primaryimage"},"thumbnailUrl":"https:\/\/wernerdeck.de\/blog\/wp-content\/uploads\/2023\/06\/Zusammenfassung-Deutschlandrundreise.jpg","datePublished":"2023-06-05T07:34:11+00:00","dateModified":"2023-06-05T08:47:15+00:00","description":"3.301 km, 45 Std. im Auto gesessen. Ob wir so etwas wieder einmal machen? Nein. Diese Tour war wunderbar, aber damit ist jetzt auch gut. :-)","breadcrumb":{"@id":"https:\/\/wernerdeck.de\/blog\/2023\/06\/05\/fazit-unserer-deutschlandrundreise-23-staedte-und-stationen-viel-gesehen-viel-gelaufen-viel-gelernt-die-tour-fakten\/#breadcrumb"},"inLanguage":"de","potentialAction":[{"@type":"ReadAction","target":["https:\/\/wernerdeck.de\/blog\/2023\/06\/05\/fazit-unserer-deutschlandrundreise-23-staedte-und-stationen-viel-gesehen-viel-gelaufen-viel-gelernt-die-tour-fakten\/"]}]},{"@type":"ImageObject","inLanguage":"de","@id":"https:\/\/wernerdeck.de\/blog\/2023\/06\/05\/fazit-unserer-deutschlandrundreise-23-staedte-und-stationen-viel-gesehen-viel-gelaufen-viel-gelernt-die-tour-fakten\/#primaryimage","url":"https:\/\/wernerdeck.de\/blog\/wp-content\/uploads\/2023\/06\/Zusammenfassung-Deutschlandrundreise.jpg","contentUrl":"https:\/\/wernerdeck.de\/blog\/wp-content\/uploads\/2023\/06\/Zusammenfassung-Deutschlandrundreise.jpg","width":1500,"height":569,"caption":"Zusammenfassung Deutschlandrundreise"},{"@type":"BreadcrumbList","@id":"https:\/\/wernerdeck.de\/blog\/2023\/06\/05\/fazit-unserer-deutschlandrundreise-23-staedte-und-stationen-viel-gesehen-viel-gelaufen-viel-gelernt-die-tour-fakten\/#breadcrumb","itemListElement":[{"@type":"ListItem","position":1,"name":"Startseite","item":"https:\/\/wernerdeck.de\/blog\/"},{"@type":"ListItem","position":2,"name":"Fazit unserer Deutschlandrundreise: 23 St\u00e4dte und Stationen, viel gesehen, viel gelaufen, viel gelernt. Die Tour-Fakten"}]},{"@type":"WebSite","@id":"https:\/\/wernerdeck.de\/blog\/#website","url":"https:\/\/wernerdeck.de\/blog\/","name":"Blog von Werner Deck","description":"","publisher":{"@id":"https:\/\/wernerdeck.de\/blog\/#\/schema\/person\/7af62de1f11b0a09297eeb81281e523c"},"potentialAction":[{"@type":"SearchAction","target":{"@type":"EntryPoint","urlTemplate":"https:\/\/wernerdeck.de\/blog\/?s={search_term_string}"},"query-input":{"@type":"PropertyValueSpecification","valueRequired":true,"valueName":"search_term_string"}}],"inLanguage":"de"},{"@type":["Person","Organization"],"@id":"https:\/\/wernerdeck.de\/blog\/#\/schema\/person\/7af62de1f11b0a09297eeb81281e523c","name":"Werner Deck","image":{"@type":"ImageObject","inLanguage":"de","@id":"https:\/\/wernerdeck.de\/blog\/wp-content\/uploads\/2022\/05\/Werner-Deck-995x1024.jpg","url":"https:\/\/wernerdeck.de\/blog\/wp-content\/uploads\/2022\/05\/Werner-Deck-995x1024.jpg","contentUrl":"https:\/\/wernerdeck.de\/blog\/wp-content\/uploads\/2022\/05\/Werner-Deck-995x1024.jpg","width":995,"height":1024,"caption":"Werner Deck"},"logo":{"@id":"https:\/\/wernerdeck.de\/blog\/wp-content\/uploads\/2022\/05\/Werner-Deck-995x1024.jpg"},"sameAs":["https:\/\/wernerdeck.de\/blog","https:\/\/www.facebook.com\/werner.deck\/","https:\/\/www.instagram.com\/opti_maler_deck\/","https:\/\/www.youtube.com\/c\/WernerDeck"],"url":"https:\/\/wernerdeck.de\/blog\/author\/wernerdeck-de\/"}]}},"_links":{"self":[{"href":"https:\/\/wernerdeck.de\/blog\/wp-json\/wp\/v2\/posts\/8244","targetHints":{"allow":["GET"]}}],"collection":[{"href":"https:\/\/wernerdeck.de\/blog\/wp-json\/wp\/v2\/posts"}],"about":[{"href":"https:\/\/wernerdeck.de\/blog\/wp-json\/wp\/v2\/types\/post"}],"author":[{"embeddable":true,"href":"https:\/\/wernerdeck.de\/blog\/wp-json\/wp\/v2\/users\/1"}],"replies":[{"embeddable":true,"href":"https:\/\/wernerdeck.de\/blog\/wp-json\/wp\/v2\/comments?post=8244"}],"version-history":[{"count":0,"href":"https:\/\/wernerdeck.de\/blog\/wp-json\/wp\/v2\/posts\/8244\/revisions"}],"wp:featuredmedia":[{"embeddable":true,"href":"https:\/\/wernerdeck.de\/blog\/wp-json\/wp\/v2\/media\/8280"}],"wp:attachment":[{"href":"https:\/\/wernerdeck.de\/blog\/wp-json\/wp\/v2\/media?parent=8244"}],"wp:term":[{"taxonomy":"category","embeddable":true,"href":"https:\/\/wernerdeck.de\/blog\/wp-json\/wp\/v2\/categories?post=8244"},{"taxonomy":"post_tag","embeddable":true,"href":"https:\/\/wernerdeck.de\/blog\/wp-json\/wp\/v2\/tags?post=8244"}],"curies":[{"name":"wp","href":"https:\/\/api.w.org\/{rel}","templated":true}]}}