{"id":8165,"date":"2023-06-03T22:43:17","date_gmt":"2023-06-03T20:43:17","guid":{"rendered":"https:\/\/wernerdeck.de\/blog\/?p=8165"},"modified":"2023-06-04T10:06:49","modified_gmt":"2023-06-04T08:06:49","slug":"tag-24-zuerst-aufregung-in-bamberg-koenig-max-i-joseph-von-bayern-und-die-liegende-frau-mit-frucht-verabschieden-uns","status":"publish","type":"post","link":"https:\/\/wernerdeck.de\/blog\/2023\/06\/03\/tag-24-zuerst-aufregung-in-bamberg-koenig-max-i-joseph-von-bayern-und-die-liegende-frau-mit-frucht-verabschieden-uns\/","title":{"rendered":"Tag 24. Zuerst Aufregung in Bamberg. K\u00f6nig Max I. Joseph von Bayern und die Liegende Frau mit Frucht verabschieden uns"},"content":{"rendered":"<p><a href=\"https:\/\/wernerdeck.de\/blog\/2023\/06\/02\/tag-23-besichtigungstour-bamberg-dom-alte-hofhaltung-neue-residenz-st-martin-klein-venedig-schuhe-kaufen\/\">Tag 23. Besichtigungstour Bamberg: Dom, Alte Hofhaltung, Neue Residenz, St. Martin, Klein Venedig. Schuhe kaufen<\/a><\/p>\n<p>Unser Abschied von Bamberg und Tourende. Zuhause ist es doch am sch\u00f6nsten.Bekanntlich beschlossen wir vorgestern, nach dem Besuch hier in Bamberg, unsere Deutschlandtour an dieser Stelle zu beenden und heute nachhause zu fahren.<\/p>\n<blockquote><p>Die vielen verschiedenen St\u00e4dte und Orte mit den vielen wunderbaren Eindr\u00fccken und Sehensw\u00fcrdigkeiten, die teilweise langen Autofahrten zwischen den einzelnen Orten, das st\u00e4ndige Leben aus dem Koffer, kaum ist man im neuen Ort\/Hotel, schon wieder K\u00f6fferchen packen. Unsere Deutschlandtour werden wir deshalb in Bamberg beenden.<\/p>\n<p>Morgen schauen wir uns in Bamberg noch einige Sehensw\u00fcrdigkeiten an und fahren \u00fcbermorgen gem\u00fctlich nachhause. Ehrlich gesagt freuen wir uns beide schon sehr darauf, daheim wieder einmal ein paar ruhige Tage zu haben. \ud83d\ude09&nbsp;<\/p><\/blockquote>\n<p>Der sonnige Tag in Bamberg begann etwas ungl\u00fccklich. \ud83d\ude09 Was man nicht im Kopf hat&#8230;<\/p>\n<p>Das Parkhaus ist fu\u00dfl\u00e4ufig paar hundert Meter von unserem Apartment entfernt. Mit dem Auto, durch die Einbahnstra\u00dfen, muss man die halbe Stadt umfahren. Au\u00dferdem ist die Stra\u00dfe vor dem Apartment sehr eng und mit Halteverbot belegt. So war meine Idee, unsere Siebensachen vor dem Fr\u00fchst\u00fccken h\u00e4ndisch in zwei Tranchen in die Tiefgarage zum Auto zu bringen.<\/p>\n<p>Das erste Problem war, das Auto zu finden. Parkplatz Nr. 60 hatte ich mir zwar gemerkt, aber wo genau ist der? An der Tiefgarage am Maximiliansplatz gibt es vier oder f\u00fcnf Ein-\/Ausg\u00e4nge. \u201eMeinen\u201c Ausgang hatte ich mir nat\u00fcrlich nicht gemerkt. Also schleifte mein Gep\u00e4ck Treppen hoch, Treppen runter, G\u00e4nge hin, G\u00e4nge her, bis ich endlich schwei\u00dfgebadet das Auto fand.<\/p>\n<p>Dort angekommen bemerkt, dass ich den Autoschl\u00fcssel im Apartment vergessen habe. Gott sei Dank stand der kleine Rote sehr eng an Wand und R\u00fcckwand in der Ecke. So verstaute ich die Utensilien hinter dem Auto und hoffte, dass alles bei der zweiten Fuhre nach da ist.<\/p>\n<p>\n<div class=\"ngg-galleryoverview ngg-template-caption\" id=\"ngg-gallery-0744d958e76fb52d874c5876d7a28cca-8165\">\n\n\t\t\n\t<!-- Thumbnails -->\n\t\t\t\t\t\n\t<div id=\"ngg-image-3364\" class=\"ngg-gallery-thumbnail-box\" style=\"width:25%;\" >\n\t\t<div class=\"ngg-gallery-thumbnail\" >\n\t\t\t<a href=\"https:\/\/wernerdeck.de\/blog\/wp-content\/gallery\/bamberg-tg-1\/20230601_160641.jpg\"\n\t\t\t\ttitle=\"Endlich fand ich mein Auto\"\n\t\t\t\tclass=\"ngg-simplelightbox\" rel=\"0744d958e76fb52d874c5876d7a28cca\" data-image-id=\"3364\" data-src=\"https:\/\/wernerdeck.de\/blog\/wp-content\/gallery\/bamberg-tg-1\/20230601_160641.jpg\" data-thumbnail=\"https:\/\/wernerdeck.de\/blog\/wp-content\/gallery\/bamberg-tg-1\/thumbs\/thumbs_20230601_160641.jpg\" data-title=\"20230601_160641\" data-description=\"Endlich fand ich mein Auto\" >\n\t\t\t\t\t\t\t\t<img title=\"20230601_160641\" alt=\"20230601_160641\" src=\"https:\/\/wernerdeck.de\/blog\/wp-content\/gallery\/bamberg-tg-1\/thumbs\/thumbs_20230601_160641.jpg\" width='240' height='160' \/>\n\t\t\t\t\t\t\t<\/a>\n\t\t\t<span>\n\t\t\tEndlich fand ich mein Auto\t\t\t<\/span>\n\t\t<\/div>\n\t<\/div>\n\t\t\t\t\t\t\t\t\n\t<div id=\"ngg-image-3361\" class=\"ngg-gallery-thumbnail-box\" style=\"width:25%;\" >\n\t\t<div class=\"ngg-gallery-thumbnail\" >\n\t\t\t<a href=\"https:\/\/wernerdeck.de\/blog\/wp-content\/gallery\/bamberg-tg-1\/20230603_093512.jpg\"\n\t\t\t\ttitle=\"Da lag er doch, der Autoschl\u00fcssel (roter Kreis)\"\n\t\t\t\tclass=\"ngg-simplelightbox\" rel=\"0744d958e76fb52d874c5876d7a28cca\" data-image-id=\"3361\" data-src=\"https:\/\/wernerdeck.de\/blog\/wp-content\/gallery\/bamberg-tg-1\/20230603_093512.jpg\" data-thumbnail=\"https:\/\/wernerdeck.de\/blog\/wp-content\/gallery\/bamberg-tg-1\/thumbs\/thumbs_20230603_093512.jpg\" data-title=\"20230603_093512\" data-description=\"Da lag er doch, der Autoschl\u00fcssel (roter Kreis)\" >\n\t\t\t\t\t\t\t\t<img title=\"20230603_093512\" alt=\"20230603_093512\" src=\"https:\/\/wernerdeck.de\/blog\/wp-content\/gallery\/bamberg-tg-1\/thumbs\/thumbs_20230603_093512.jpg\" width='240' height='160' \/>\n\t\t\t\t\t\t\t<\/a>\n\t\t\t<span>\n\t\t\tDa lag er doch, der Autoschl\u00fcssel (roter Kreis)\t\t\t<\/span>\n\t\t<\/div>\n\t<\/div>\n\t\t\t\t\t\t\t\t\n\t<div id=\"ngg-image-3374\" class=\"ngg-gallery-thumbnail-box\" style=\"width:25%;\" >\n\t\t<div class=\"ngg-gallery-thumbnail\" >\n\t\t\t<a href=\"https:\/\/wernerdeck.de\/blog\/wp-content\/gallery\/bamberg-tg-1\/20230603_093605.jpg\"\n\t\t\t\ttitle=\" \"\n\t\t\t\tclass=\"ngg-simplelightbox\" rel=\"0744d958e76fb52d874c5876d7a28cca\" data-image-id=\"3374\" data-src=\"https:\/\/wernerdeck.de\/blog\/wp-content\/gallery\/bamberg-tg-1\/20230603_093605.jpg\" data-thumbnail=\"https:\/\/wernerdeck.de\/blog\/wp-content\/gallery\/bamberg-tg-1\/thumbs\/thumbs_20230603_093605.jpg\" data-title=\"20230603_093605\" data-description=\" \" >\n\t\t\t\t\t\t\t\t<img title=\"20230603_093605\" alt=\"20230603_093605\" src=\"https:\/\/wernerdeck.de\/blog\/wp-content\/gallery\/bamberg-tg-1\/thumbs\/thumbs_20230603_093605.jpg\" width='240' height='160' \/>\n\t\t\t\t\t\t\t<\/a>\n\t\t\t<span>\n\t\t\t \t\t\t<\/span>\n\t\t<\/div>\n\t<\/div>\n\t\t\t\t\t\t\t\t\n\t<div id=\"ngg-image-3362\" class=\"ngg-gallery-thumbnail-box\" style=\"width:25%;\" >\n\t\t<div class=\"ngg-gallery-thumbnail\" >\n\t\t\t<a href=\"https:\/\/wernerdeck.de\/blog\/wp-content\/gallery\/bamberg-tg-1\/20230603_095305.jpg\"\n\t\t\t\ttitle=\" \"\n\t\t\t\tclass=\"ngg-simplelightbox\" rel=\"0744d958e76fb52d874c5876d7a28cca\" data-image-id=\"3362\" data-src=\"https:\/\/wernerdeck.de\/blog\/wp-content\/gallery\/bamberg-tg-1\/20230603_095305.jpg\" data-thumbnail=\"https:\/\/wernerdeck.de\/blog\/wp-content\/gallery\/bamberg-tg-1\/thumbs\/thumbs_20230603_095305.jpg\" data-title=\"20230603_095305\" data-description=\" \" >\n\t\t\t\t\t\t\t\t<img title=\"20230603_095305\" alt=\"20230603_095305\" src=\"https:\/\/wernerdeck.de\/blog\/wp-content\/gallery\/bamberg-tg-1\/thumbs\/thumbs_20230603_095305.jpg\" width='240' height='160' \/>\n\t\t\t\t\t\t\t<\/a>\n\t\t\t<span>\n\t\t\t \t\t\t<\/span>\n\t\t<\/div>\n\t<\/div>\n\t\t\t\t\t\t\t<br style=\"clear: both\" \/>\n\t\t\t\n\t<div id=\"ngg-image-3363\" class=\"ngg-gallery-thumbnail-box\" style=\"width:25%;\" >\n\t\t<div class=\"ngg-gallery-thumbnail\" >\n\t\t\t<a href=\"https:\/\/wernerdeck.de\/blog\/wp-content\/gallery\/bamberg-tg-1\/20230603_101027.jpg\"\n\t\t\t\ttitle=\"Treppen hoch, Treppen runter\"\n\t\t\t\tclass=\"ngg-simplelightbox\" rel=\"0744d958e76fb52d874c5876d7a28cca\" data-image-id=\"3363\" data-src=\"https:\/\/wernerdeck.de\/blog\/wp-content\/gallery\/bamberg-tg-1\/20230603_101027.jpg\" data-thumbnail=\"https:\/\/wernerdeck.de\/blog\/wp-content\/gallery\/bamberg-tg-1\/thumbs\/thumbs_20230603_101027.jpg\" data-title=\"20230603_101027\" data-description=\"Treppen hoch, Treppen runter\" >\n\t\t\t\t\t\t\t\t<img title=\"20230603_101027\" alt=\"20230603_101027\" src=\"https:\/\/wernerdeck.de\/blog\/wp-content\/gallery\/bamberg-tg-1\/thumbs\/thumbs_20230603_101027.jpg\" width='240' height='160' \/>\n\t\t\t\t\t\t\t<\/a>\n\t\t\t<span>\n\t\t\tTreppen hoch, Treppen runter\t\t\t<\/span>\n\t\t<\/div>\n\t<\/div>\n\t\t\t\t\t\t\t\t\n\t<div id=\"ngg-image-3366\" class=\"ngg-gallery-thumbnail-box\" style=\"width:25%;\" >\n\t\t<div class=\"ngg-gallery-thumbnail\" >\n\t\t\t<a href=\"https:\/\/wernerdeck.de\/blog\/wp-content\/gallery\/bamberg-tg-1\/20230603_102248.jpg\"\n\t\t\t\ttitle=\"Hoffentlich sieht das niemand\"\n\t\t\t\tclass=\"ngg-simplelightbox\" rel=\"0744d958e76fb52d874c5876d7a28cca\" data-image-id=\"3366\" data-src=\"https:\/\/wernerdeck.de\/blog\/wp-content\/gallery\/bamberg-tg-1\/20230603_102248.jpg\" data-thumbnail=\"https:\/\/wernerdeck.de\/blog\/wp-content\/gallery\/bamberg-tg-1\/thumbs\/thumbs_20230603_102248.jpg\" data-title=\"20230603_102248\" data-description=\"Hoffentlich sieht das niemand\" >\n\t\t\t\t\t\t\t\t<img title=\"20230603_102248\" alt=\"20230603_102248\" src=\"https:\/\/wernerdeck.de\/blog\/wp-content\/gallery\/bamberg-tg-1\/thumbs\/thumbs_20230603_102248.jpg\" width='240' height='160' \/>\n\t\t\t\t\t\t\t<\/a>\n\t\t\t<span>\n\t\t\tHoffentlich sieht das niemand\t\t\t<\/span>\n\t\t<\/div>\n\t<\/div>\n\t\t\t\t\t\t\t\t\n\t<div id=\"ngg-image-3367\" class=\"ngg-gallery-thumbnail-box\" style=\"width:25%;\" >\n\t\t<div class=\"ngg-gallery-thumbnail\" >\n\t\t\t<a href=\"https:\/\/wernerdeck.de\/blog\/wp-content\/gallery\/bamberg-tg-1\/20230603_102255.jpg\"\n\t\t\t\ttitle=\"Hoffentlich sieht das niemand\"\n\t\t\t\tclass=\"ngg-simplelightbox\" rel=\"0744d958e76fb52d874c5876d7a28cca\" data-image-id=\"3367\" data-src=\"https:\/\/wernerdeck.de\/blog\/wp-content\/gallery\/bamberg-tg-1\/20230603_102255.jpg\" data-thumbnail=\"https:\/\/wernerdeck.de\/blog\/wp-content\/gallery\/bamberg-tg-1\/thumbs\/thumbs_20230603_102255.jpg\" data-title=\"20230603_102255\" data-description=\"Hoffentlich sieht das niemand\" >\n\t\t\t\t\t\t\t\t<img title=\"20230603_102255\" alt=\"20230603_102255\" src=\"https:\/\/wernerdeck.de\/blog\/wp-content\/gallery\/bamberg-tg-1\/thumbs\/thumbs_20230603_102255.jpg\" width='240' height='160' \/>\n\t\t\t\t\t\t\t<\/a>\n\t\t\t<span>\n\t\t\tHoffentlich sieht das niemand\t\t\t<\/span>\n\t\t<\/div>\n\t<\/div>\n\t\t\t\t\t\t\t\t\n\t<div id=\"ngg-image-3360\" class=\"ngg-gallery-thumbnail-box\" style=\"width:25%;\" >\n\t\t<div class=\"ngg-gallery-thumbnail\" >\n\t\t\t<a href=\"https:\/\/wernerdeck.de\/blog\/wp-content\/gallery\/bamberg-tg-1\/20230603_102432.jpg\"\n\t\t\t\ttitle=\"Wo ist nur mein Autoschl\u00fcssel?\"\n\t\t\t\tclass=\"ngg-simplelightbox\" rel=\"0744d958e76fb52d874c5876d7a28cca\" data-image-id=\"3360\" data-src=\"https:\/\/wernerdeck.de\/blog\/wp-content\/gallery\/bamberg-tg-1\/20230603_102432.jpg\" data-thumbnail=\"https:\/\/wernerdeck.de\/blog\/wp-content\/gallery\/bamberg-tg-1\/thumbs\/thumbs_20230603_102432.jpg\" data-title=\"20230603_102432\" data-description=\"Wo ist nur mein Autoschl\u00fcssel?\" >\n\t\t\t\t\t\t\t\t<img title=\"20230603_102432\" alt=\"20230603_102432\" src=\"https:\/\/wernerdeck.de\/blog\/wp-content\/gallery\/bamberg-tg-1\/thumbs\/thumbs_20230603_102432.jpg\" width='240' height='160' \/>\n\t\t\t\t\t\t\t<\/a>\n\t\t\t<span>\n\t\t\tWo ist nur mein Autoschl\u00fcssel?\t\t\t<\/span>\n\t\t<\/div>\n\t<\/div>\n\t\t\t\t\t\t\t<br style=\"clear: both\" \/>\n\t\t\t\n\t<div id=\"ngg-image-3365\" class=\"ngg-gallery-thumbnail-box\" style=\"width:25%;\" >\n\t\t<div class=\"ngg-gallery-thumbnail\" >\n\t\t\t<a href=\"https:\/\/wernerdeck.de\/blog\/wp-content\/gallery\/bamberg-tg-1\/20230603_102537.jpg\"\n\t\t\t\ttitle=\"Welches ist der richtige Eingang in die Tiefgarage?\"\n\t\t\t\tclass=\"ngg-simplelightbox\" rel=\"0744d958e76fb52d874c5876d7a28cca\" data-image-id=\"3365\" data-src=\"https:\/\/wernerdeck.de\/blog\/wp-content\/gallery\/bamberg-tg-1\/20230603_102537.jpg\" data-thumbnail=\"https:\/\/wernerdeck.de\/blog\/wp-content\/gallery\/bamberg-tg-1\/thumbs\/thumbs_20230603_102537.jpg\" data-title=\"20230603_102537\" data-description=\"Welches ist der richtige Eingang in die Tiefgarage?\" >\n\t\t\t\t\t\t\t\t<img title=\"20230603_102537\" alt=\"20230603_102537\" src=\"https:\/\/wernerdeck.de\/blog\/wp-content\/gallery\/bamberg-tg-1\/thumbs\/thumbs_20230603_102537.jpg\" width='240' height='160' \/>\n\t\t\t\t\t\t\t<\/a>\n\t\t\t<span>\n\t\t\tWelches ist der richtige Eingang in die Tiefgarage?\t\t\t<\/span>\n\t\t<\/div>\n\t<\/div>\n\t\t\t\t\t\t\t\t\n\t<!-- Pagination -->\n\t\t<div class='ngg-clear'><\/div>\t\n<\/div>\n\n\tNat\u00fcrlich war ich etwas nerv\u00f6s und aufgeregt, als ich mit der zweiten Gep\u00e4ckfuhre ankam. Uff, es war aber tats\u00e4chlich noch alles da. Da fiel mir doch ein sehr gro\u00dfer Stein vom Herzen. Dann hie\u00df es zum letzten Mal Gep\u00e4ck einladen. Welch sch\u00f6nes Gef\u00fchl. \ud83d\ude09 Den Aus-\/Eingang am Rathaus hatte ich mir jetzt auch gemerkt.<\/p>\n<p>\n<div class=\"ngg-galleryoverview ngg-template-caption\" id=\"ngg-gallery-b9f8337ae4ce1f5d5610095a03358501-8165\">\n\n\t\t\n\t<!-- Thumbnails -->\n\t\t\t\t\t\n\t<div id=\"ngg-image-3372\" class=\"ngg-gallery-thumbnail-box\" style=\"width:25%;\" >\n\t\t<div class=\"ngg-gallery-thumbnail\" >\n\t\t\t<a href=\"https:\/\/wernerdeck.de\/blog\/wp-content\/gallery\/bamberg-tg-2\/20230601_160641.jpg\"\n\t\t\t\ttitle=\"Die spannende Frage: Ist noch alles da?\"\n\t\t\t\tclass=\"ngg-simplelightbox\" rel=\"b9f8337ae4ce1f5d5610095a03358501\" data-image-id=\"3372\" data-src=\"https:\/\/wernerdeck.de\/blog\/wp-content\/gallery\/bamberg-tg-2\/20230601_160641.jpg\" data-thumbnail=\"https:\/\/wernerdeck.de\/blog\/wp-content\/gallery\/bamberg-tg-2\/thumbs\/thumbs_20230601_160641.jpg\" data-title=\"20230601_160641\" data-description=\"Die spannende Frage: Ist noch alles da?\" >\n\t\t\t\t\t\t\t\t<img title=\"20230601_160641\" alt=\"20230601_160641\" src=\"https:\/\/wernerdeck.de\/blog\/wp-content\/gallery\/bamberg-tg-2\/thumbs\/thumbs_20230601_160641.jpg\" width='240' height='160' \/>\n\t\t\t\t\t\t\t<\/a>\n\t\t\t<span>\n\t\t\tDie spannende Frage: Ist noch alles da?\t\t\t<\/span>\n\t\t<\/div>\n\t<\/div>\n\t\t\t\t\t\t\t\t\n\t<div id=\"ngg-image-3370\" class=\"ngg-gallery-thumbnail-box\" style=\"width:25%;\" >\n\t\t<div class=\"ngg-gallery-thumbnail\" >\n\t\t\t<a href=\"https:\/\/wernerdeck.de\/blog\/wp-content\/gallery\/bamberg-tg-2\/20230603_102321.jpg\"\n\t\t\t\ttitle=\"Alles noch da!\"\n\t\t\t\tclass=\"ngg-simplelightbox\" rel=\"b9f8337ae4ce1f5d5610095a03358501\" data-image-id=\"3370\" data-src=\"https:\/\/wernerdeck.de\/blog\/wp-content\/gallery\/bamberg-tg-2\/20230603_102321.jpg\" data-thumbnail=\"https:\/\/wernerdeck.de\/blog\/wp-content\/gallery\/bamberg-tg-2\/thumbs\/thumbs_20230603_102321.jpg\" data-title=\"20230603_102321\" data-description=\"Alles noch da!\" >\n\t\t\t\t\t\t\t\t<img title=\"20230603_102321\" alt=\"20230603_102321\" src=\"https:\/\/wernerdeck.de\/blog\/wp-content\/gallery\/bamberg-tg-2\/thumbs\/thumbs_20230603_102321.jpg\" width='240' height='160' \/>\n\t\t\t\t\t\t\t<\/a>\n\t\t\t<span>\n\t\t\tAlles noch da!\t\t\t<\/span>\n\t\t<\/div>\n\t<\/div>\n\t\t\t\t\t\t\t\t\n\t<div id=\"ngg-image-3371\" class=\"ngg-gallery-thumbnail-box\" style=\"width:25%;\" >\n\t\t<div class=\"ngg-gallery-thumbnail\" >\n\t\t\t<a href=\"https:\/\/wernerdeck.de\/blog\/wp-content\/gallery\/bamberg-tg-2\/20230603_105019.jpg\"\n\t\t\t\ttitle=\"Nur den Schl\u00fcssel nicht wieder vergessen\"\n\t\t\t\tclass=\"ngg-simplelightbox\" rel=\"b9f8337ae4ce1f5d5610095a03358501\" data-image-id=\"3371\" data-src=\"https:\/\/wernerdeck.de\/blog\/wp-content\/gallery\/bamberg-tg-2\/20230603_105019.jpg\" data-thumbnail=\"https:\/\/wernerdeck.de\/blog\/wp-content\/gallery\/bamberg-tg-2\/thumbs\/thumbs_20230603_105019.jpg\" data-title=\"20230603_105019\" data-description=\"Nur den Schl\u00fcssel nicht wieder vergessen\" >\n\t\t\t\t\t\t\t\t<img title=\"20230603_105019\" alt=\"20230603_105019\" src=\"https:\/\/wernerdeck.de\/blog\/wp-content\/gallery\/bamberg-tg-2\/thumbs\/thumbs_20230603_105019.jpg\" width='240' height='160' \/>\n\t\t\t\t\t\t\t<\/a>\n\t\t\t<span>\n\t\t\tNur den Schl\u00fcssel nicht wieder vergessen\t\t\t<\/span>\n\t\t<\/div>\n\t<\/div>\n\t\t\t\t\t\t\t\t\n\t<div id=\"ngg-image-3368\" class=\"ngg-gallery-thumbnail-box\" style=\"width:25%;\" >\n\t\t<div class=\"ngg-gallery-thumbnail\" >\n\t\t\t<a href=\"https:\/\/wernerdeck.de\/blog\/wp-content\/gallery\/bamberg-tg-2\/20230603_110050.jpg\"\n\t\t\t\ttitle=\"Uff, alles noch da\"\n\t\t\t\tclass=\"ngg-simplelightbox\" rel=\"b9f8337ae4ce1f5d5610095a03358501\" data-image-id=\"3368\" data-src=\"https:\/\/wernerdeck.de\/blog\/wp-content\/gallery\/bamberg-tg-2\/20230603_110050.jpg\" data-thumbnail=\"https:\/\/wernerdeck.de\/blog\/wp-content\/gallery\/bamberg-tg-2\/thumbs\/thumbs_20230603_110050.jpg\" data-title=\"20230603_110050\" data-description=\"Uff, alles noch da\" >\n\t\t\t\t\t\t\t\t<img title=\"20230603_110050\" alt=\"20230603_110050\" src=\"https:\/\/wernerdeck.de\/blog\/wp-content\/gallery\/bamberg-tg-2\/thumbs\/thumbs_20230603_110050.jpg\" width='240' height='160' \/>\n\t\t\t\t\t\t\t<\/a>\n\t\t\t<span>\n\t\t\tUff, alles noch da\t\t\t<\/span>\n\t\t<\/div>\n\t<\/div>\n\t\t\t\t\t\t\t<br style=\"clear: both\" \/>\n\t\t\t\n\t<div id=\"ngg-image-3373\" class=\"ngg-gallery-thumbnail-box\" style=\"width:25%;\" >\n\t\t<div class=\"ngg-gallery-thumbnail\" >\n\t\t\t<a href=\"https:\/\/wernerdeck.de\/blog\/wp-content\/gallery\/bamberg-tg-2\/20230603_110335.jpg\"\n\t\t\t\ttitle=\"Ein letztes Mal einladen\"\n\t\t\t\tclass=\"ngg-simplelightbox\" rel=\"b9f8337ae4ce1f5d5610095a03358501\" data-image-id=\"3373\" data-src=\"https:\/\/wernerdeck.de\/blog\/wp-content\/gallery\/bamberg-tg-2\/20230603_110335.jpg\" data-thumbnail=\"https:\/\/wernerdeck.de\/blog\/wp-content\/gallery\/bamberg-tg-2\/thumbs\/thumbs_20230603_110335.jpg\" data-title=\"20230603_110335\" data-description=\"Ein letztes Mal einladen\" >\n\t\t\t\t\t\t\t\t<img title=\"20230603_110335\" alt=\"20230603_110335\" src=\"https:\/\/wernerdeck.de\/blog\/wp-content\/gallery\/bamberg-tg-2\/thumbs\/thumbs_20230603_110335.jpg\" width='240' height='160' \/>\n\t\t\t\t\t\t\t<\/a>\n\t\t\t<span>\n\t\t\tEin letztes Mal einladen\t\t\t<\/span>\n\t\t<\/div>\n\t<\/div>\n\t\t\t\t\t\t\t\t\n\t<div id=\"ngg-image-3369\" class=\"ngg-gallery-thumbnail-box\" style=\"width:25%;\" >\n\t\t<div class=\"ngg-gallery-thumbnail\" >\n\t\t\t<a href=\"https:\/\/wernerdeck.de\/blog\/wp-content\/gallery\/bamberg-tg-2\/20230603_111032.jpg\"\n\t\t\t\ttitle=\"Den richtigen Abgang am Rathaus gemerkt\"\n\t\t\t\tclass=\"ngg-simplelightbox\" rel=\"b9f8337ae4ce1f5d5610095a03358501\" data-image-id=\"3369\" data-src=\"https:\/\/wernerdeck.de\/blog\/wp-content\/gallery\/bamberg-tg-2\/20230603_111032.jpg\" data-thumbnail=\"https:\/\/wernerdeck.de\/blog\/wp-content\/gallery\/bamberg-tg-2\/thumbs\/thumbs_20230603_111032.jpg\" data-title=\"RemasterDirector_V0\" data-description=\"Den richtigen Abgang am Rathaus gemerkt\" >\n\t\t\t\t\t\t\t\t<img title=\"RemasterDirector_V0\" alt=\"RemasterDirector_V0\" src=\"https:\/\/wernerdeck.de\/blog\/wp-content\/gallery\/bamberg-tg-2\/thumbs\/thumbs_20230603_111032.jpg\" width='240' height='160' \/>\n\t\t\t\t\t\t\t<\/a>\n\t\t\t<span>\n\t\t\tDen richtigen Abgang am Rathaus gemerkt\t\t\t<\/span>\n\t\t<\/div>\n\t<\/div>\n\t\t\t\t\t\t\t\t\n\t<!-- Pagination -->\n\t\t<div class='ngg-clear'><\/div>\t\n<\/div>\n\n\tNach dieser kleinen Aufregung konnten wir entspannt fr\u00fchst\u00fccken. Anschlie\u00dfend machten wir uns auf den Weg zur Tiefgarage, wo wir noch an ein paar Sehensw\u00fcrdigkeiten vorbeikamen. Am Maximiliansplatz verabschiedete uns K\u00f6nig Max I. Joseph von Bayern pers\u00f6nlich, indem er uns freundlich zuwinkte.&nbsp;<\/p>\n<p>\n<div class=\"ngg-galleryoverview ngg-template-caption\" id=\"ngg-gallery-81a2f8ad8f45bfa4e415b5998efc8ebf-8165\">\n\n\t\t\n\t<!-- Thumbnails -->\n\t\t\t\t\t\n\t<div id=\"ngg-image-3375\" class=\"ngg-gallery-thumbnail-box\" style=\"width:25%;\" >\n\t\t<div class=\"ngg-gallery-thumbnail\" >\n\t\t\t<a href=\"https:\/\/wernerdeck.de\/blog\/wp-content\/gallery\/abschied-bamberg\/20230603_102715.jpg\"\n\t\t\t\ttitle=\" \"\n\t\t\t\tclass=\"ngg-simplelightbox\" rel=\"81a2f8ad8f45bfa4e415b5998efc8ebf\" data-image-id=\"3375\" data-src=\"https:\/\/wernerdeck.de\/blog\/wp-content\/gallery\/abschied-bamberg\/20230603_102715.jpg\" data-thumbnail=\"https:\/\/wernerdeck.de\/blog\/wp-content\/gallery\/abschied-bamberg\/thumbs\/thumbs_20230603_102715.jpg\" data-title=\"20230603_102715\" data-description=\" \" >\n\t\t\t\t\t\t\t\t<img title=\"20230603_102715\" alt=\"20230603_102715\" src=\"https:\/\/wernerdeck.de\/blog\/wp-content\/gallery\/abschied-bamberg\/thumbs\/thumbs_20230603_102715.jpg\" width='240' height='160' \/>\n\t\t\t\t\t\t\t<\/a>\n\t\t\t<span>\n\t\t\t \t\t\t<\/span>\n\t\t<\/div>\n\t<\/div>\n\t\t\t\t\t\t\t\t\n\t<div id=\"ngg-image-3378\" class=\"ngg-gallery-thumbnail-box\" style=\"width:25%;\" >\n\t\t<div class=\"ngg-gallery-thumbnail\" >\n\t\t\t<a href=\"https:\/\/wernerdeck.de\/blog\/wp-content\/gallery\/abschied-bamberg\/20230603_102745.jpg\"\n\t\t\t\ttitle=\" \"\n\t\t\t\tclass=\"ngg-simplelightbox\" rel=\"81a2f8ad8f45bfa4e415b5998efc8ebf\" data-image-id=\"3378\" data-src=\"https:\/\/wernerdeck.de\/blog\/wp-content\/gallery\/abschied-bamberg\/20230603_102745.jpg\" data-thumbnail=\"https:\/\/wernerdeck.de\/blog\/wp-content\/gallery\/abschied-bamberg\/thumbs\/thumbs_20230603_102745.jpg\" data-title=\"20230603_102745\" data-description=\" \" >\n\t\t\t\t\t\t\t\t<img title=\"20230603_102745\" alt=\"20230603_102745\" src=\"https:\/\/wernerdeck.de\/blog\/wp-content\/gallery\/abschied-bamberg\/thumbs\/thumbs_20230603_102745.jpg\" width='240' height='160' \/>\n\t\t\t\t\t\t\t<\/a>\n\t\t\t<span>\n\t\t\t \t\t\t<\/span>\n\t\t<\/div>\n\t<\/div>\n\t\t\t\t\t\t\t\t\n\t<div id=\"ngg-image-3377\" class=\"ngg-gallery-thumbnail-box\" style=\"width:25%;\" >\n\t\t<div class=\"ngg-gallery-thumbnail\" >\n\t\t\t<a href=\"https:\/\/wernerdeck.de\/blog\/wp-content\/gallery\/abschied-bamberg\/20230603_111159.jpg\"\n\t\t\t\ttitle=\"K\u00f6nig Max I. Joseph von Bayern verabschiedet uns und winkt uns zu\"\n\t\t\t\tclass=\"ngg-simplelightbox\" rel=\"81a2f8ad8f45bfa4e415b5998efc8ebf\" data-image-id=\"3377\" data-src=\"https:\/\/wernerdeck.de\/blog\/wp-content\/gallery\/abschied-bamberg\/20230603_111159.jpg\" data-thumbnail=\"https:\/\/wernerdeck.de\/blog\/wp-content\/gallery\/abschied-bamberg\/thumbs\/thumbs_20230603_111159.jpg\" data-title=\"20230603_111159\" data-description=\"K\u00f6nig Max I. Joseph von Bayern verabschiedet uns und winkt uns zu\" >\n\t\t\t\t\t\t\t\t<img title=\"20230603_111159\" alt=\"20230603_111159\" src=\"https:\/\/wernerdeck.de\/blog\/wp-content\/gallery\/abschied-bamberg\/thumbs\/thumbs_20230603_111159.jpg\" width='240' height='160' \/>\n\t\t\t\t\t\t\t<\/a>\n\t\t\t<span>\n\t\t\tK\u00f6nig Max I. Joseph von Bayern verabschiedet uns und winkt uns zu\t\t\t<\/span>\n\t\t<\/div>\n\t<\/div>\n\t\t\t\t\t\t\t\t\n\t<div id=\"ngg-image-3380\" class=\"ngg-gallery-thumbnail-box\" style=\"width:25%;\" >\n\t\t<div class=\"ngg-gallery-thumbnail\" >\n\t\t\t<a href=\"https:\/\/wernerdeck.de\/blog\/wp-content\/gallery\/abschied-bamberg\/20230603_111301.jpg\"\n\t\t\t\ttitle=\" \"\n\t\t\t\tclass=\"ngg-simplelightbox\" rel=\"81a2f8ad8f45bfa4e415b5998efc8ebf\" data-image-id=\"3380\" data-src=\"https:\/\/wernerdeck.de\/blog\/wp-content\/gallery\/abschied-bamberg\/20230603_111301.jpg\" data-thumbnail=\"https:\/\/wernerdeck.de\/blog\/wp-content\/gallery\/abschied-bamberg\/thumbs\/thumbs_20230603_111301.jpg\" data-title=\"20230603_111301\" data-description=\" \" >\n\t\t\t\t\t\t\t\t<img title=\"20230603_111301\" alt=\"20230603_111301\" src=\"https:\/\/wernerdeck.de\/blog\/wp-content\/gallery\/abschied-bamberg\/thumbs\/thumbs_20230603_111301.jpg\" width='240' height='160' \/>\n\t\t\t\t\t\t\t<\/a>\n\t\t\t<span>\n\t\t\t \t\t\t<\/span>\n\t\t<\/div>\n\t<\/div>\n\t\t\t\t\t\t\t<br style=\"clear: both\" \/>\n\t\t\t\n\t<div id=\"ngg-image-3379\" class=\"ngg-gallery-thumbnail-box\" style=\"width:25%;\" >\n\t\t<div class=\"ngg-gallery-thumbnail\" >\n\t\t\t<a href=\"https:\/\/wernerdeck.de\/blog\/wp-content\/gallery\/abschied-bamberg\/20230603_112519.jpg\"\n\t\t\t\ttitle=\" \"\n\t\t\t\tclass=\"ngg-simplelightbox\" rel=\"81a2f8ad8f45bfa4e415b5998efc8ebf\" data-image-id=\"3379\" data-src=\"https:\/\/wernerdeck.de\/blog\/wp-content\/gallery\/abschied-bamberg\/20230603_112519.jpg\" data-thumbnail=\"https:\/\/wernerdeck.de\/blog\/wp-content\/gallery\/abschied-bamberg\/thumbs\/thumbs_20230603_112519.jpg\" data-title=\"20230603_112519\" data-description=\" \" >\n\t\t\t\t\t\t\t\t<img title=\"20230603_112519\" alt=\"20230603_112519\" src=\"https:\/\/wernerdeck.de\/blog\/wp-content\/gallery\/abschied-bamberg\/thumbs\/thumbs_20230603_112519.jpg\" width='240' height='160' \/>\n\t\t\t\t\t\t\t<\/a>\n\t\t\t<span>\n\t\t\t \t\t\t<\/span>\n\t\t<\/div>\n\t<\/div>\n\t\t\t\t\t\t\t\t\n\t<div id=\"ngg-image-3376\" class=\"ngg-gallery-thumbnail-box\" style=\"width:25%;\" >\n\t\t<div class=\"ngg-gallery-thumbnail\" >\n\t\t\t<a href=\"https:\/\/wernerdeck.de\/blog\/wp-content\/gallery\/abschied-bamberg\/20230603_112952.jpg\"\n\t\t\t\ttitle=\" \"\n\t\t\t\tclass=\"ngg-simplelightbox\" rel=\"81a2f8ad8f45bfa4e415b5998efc8ebf\" data-image-id=\"3376\" data-src=\"https:\/\/wernerdeck.de\/blog\/wp-content\/gallery\/abschied-bamberg\/20230603_112952.jpg\" data-thumbnail=\"https:\/\/wernerdeck.de\/blog\/wp-content\/gallery\/abschied-bamberg\/thumbs\/thumbs_20230603_112952.jpg\" data-title=\"20230603_112952\" data-description=\" \" >\n\t\t\t\t\t\t\t\t<img title=\"20230603_112952\" alt=\"20230603_112952\" src=\"https:\/\/wernerdeck.de\/blog\/wp-content\/gallery\/abschied-bamberg\/thumbs\/thumbs_20230603_112952.jpg\" width='240' height='160' \/>\n\t\t\t\t\t\t\t<\/a>\n\t\t\t<span>\n\t\t\t \t\t\t<\/span>\n\t\t<\/div>\n\t<\/div>\n\t\t\t\t\t\t\t\t\n\t<div id=\"ngg-image-3381\" class=\"ngg-gallery-thumbnail-box\" style=\"width:25%;\" >\n\t\t<div class=\"ngg-gallery-thumbnail\" >\n\t\t\t<a href=\"https:\/\/wernerdeck.de\/blog\/wp-content\/gallery\/abschied-bamberg\/20230603_115435.jpg\"\n\t\t\t\ttitle=\" \"\n\t\t\t\tclass=\"ngg-simplelightbox\" rel=\"81a2f8ad8f45bfa4e415b5998efc8ebf\" data-image-id=\"3381\" data-src=\"https:\/\/wernerdeck.de\/blog\/wp-content\/gallery\/abschied-bamberg\/20230603_115435.jpg\" data-thumbnail=\"https:\/\/wernerdeck.de\/blog\/wp-content\/gallery\/abschied-bamberg\/thumbs\/thumbs_20230603_115435.jpg\" data-title=\"20230603_115435\" data-description=\" \" >\n\t\t\t\t\t\t\t\t<img title=\"20230603_115435\" alt=\"20230603_115435\" src=\"https:\/\/wernerdeck.de\/blog\/wp-content\/gallery\/abschied-bamberg\/thumbs\/thumbs_20230603_115435.jpg\" width='240' height='160' \/>\n\t\t\t\t\t\t\t<\/a>\n\t\t\t<span>\n\t\t\t \t\t\t<\/span>\n\t\t<\/div>\n\t<\/div>\n\t\t\t\t\t\t\t\t\n\t<div id=\"ngg-image-3383\" class=\"ngg-gallery-thumbnail-box\" style=\"width:25%;\" >\n\t\t<div class=\"ngg-gallery-thumbnail\" >\n\t\t\t<a href=\"https:\/\/wernerdeck.de\/blog\/wp-content\/gallery\/abschied-bamberg\/20230603_121119.jpg\"\n\t\t\t\ttitle=\"Gr\u00fcner Markt\"\n\t\t\t\tclass=\"ngg-simplelightbox\" rel=\"81a2f8ad8f45bfa4e415b5998efc8ebf\" data-image-id=\"3383\" data-src=\"https:\/\/wernerdeck.de\/blog\/wp-content\/gallery\/abschied-bamberg\/20230603_121119.jpg\" data-thumbnail=\"https:\/\/wernerdeck.de\/blog\/wp-content\/gallery\/abschied-bamberg\/thumbs\/thumbs_20230603_121119.jpg\" data-title=\"20230603_121119\" data-description=\"Gr\u00fcner Markt\" >\n\t\t\t\t\t\t\t\t<img title=\"20230603_121119\" alt=\"20230603_121119\" src=\"https:\/\/wernerdeck.de\/blog\/wp-content\/gallery\/abschied-bamberg\/thumbs\/thumbs_20230603_121119.jpg\" width='240' height='160' \/>\n\t\t\t\t\t\t\t<\/a>\n\t\t\t<span>\n\t\t\tGr\u00fcner Markt\t\t\t<\/span>\n\t\t<\/div>\n\t<\/div>\n\t\t\t\t\t\t\t<br style=\"clear: both\" \/>\n\t\t\t\n\t<div id=\"ngg-image-3382\" class=\"ngg-gallery-thumbnail-box\" style=\"width:25%;\" >\n\t\t<div class=\"ngg-gallery-thumbnail\" >\n\t\t\t<a href=\"https:\/\/wernerdeck.de\/blog\/wp-content\/gallery\/abschied-bamberg\/20230603_121307.jpg\"\n\t\t\t\ttitle=\"K\u00f6nig Max I. Joseph von Bayern verabschiedet uns und winkt uns zu\"\n\t\t\t\tclass=\"ngg-simplelightbox\" rel=\"81a2f8ad8f45bfa4e415b5998efc8ebf\" data-image-id=\"3382\" data-src=\"https:\/\/wernerdeck.de\/blog\/wp-content\/gallery\/abschied-bamberg\/20230603_121307.jpg\" data-thumbnail=\"https:\/\/wernerdeck.de\/blog\/wp-content\/gallery\/abschied-bamberg\/thumbs\/thumbs_20230603_121307.jpg\" data-title=\"RemasterDirector_V0\" data-description=\"K\u00f6nig Max I. Joseph von Bayern verabschiedet uns und winkt uns zu\" >\n\t\t\t\t\t\t\t\t<img title=\"RemasterDirector_V0\" alt=\"RemasterDirector_V0\" src=\"https:\/\/wernerdeck.de\/blog\/wp-content\/gallery\/abschied-bamberg\/thumbs\/thumbs_20230603_121307.jpg\" width='240' height='160' \/>\n\t\t\t\t\t\t\t<\/a>\n\t\t\t<span>\n\t\t\tK\u00f6nig Max I. Joseph von Bayern verabschiedet uns und winkt uns zu\t\t\t<\/span>\n\t\t<\/div>\n\t<\/div>\n\t\t\t\t\t\t\t\t\n\t<!-- Pagination -->\n\t\t<div class='ngg-clear'><\/div>\t\n<\/div>\n\n\tNun ging es endlich in Richtung Heimat. In Bamberg kamen wir noch an zeitgen\u00f6ssischer Kunst vorbei: <strong>Liegende Frau mit Frucht<\/strong>, von dem kolumbianischen K\u00fcnstler Fernando Botero. 1998 von der Stadt Bamberg gekauft.<\/p>\n<p>Die Skulptur zeigt eine liegende Frau, die in einer entspannten Position auf einer erh\u00f6hten Plattform liegt. Sie ist lebensgro\u00df und aus Bronze gefertigt. Die Frau ist auf ihrer Seite liegend dargestellt, mit ihrem Kopf auf ihrer Hand ruhend. Sie strahlt eine Aura der Gelassenheit und Ruhe aus. Ihre K\u00f6rperhaltung vermittelt eine gewisse Leichtigkeit und Harmonie. Die Details der Skulptur sind sorgf\u00e4ltig gestaltet, um die Anatomie und die weiblichen Formen der Frau naturgetreu darzustellen.<\/p>\n<p>\n<div class=\"ngg-galleryoverview ngg-template-caption\" id=\"ngg-gallery-fb61163777793062240fcba256affd9f-8165\">\n\n\t\t\n\t<!-- Thumbnails -->\n\t\t\t\t\t\n\t<div id=\"ngg-image-3388\" class=\"ngg-gallery-thumbnail-box\" style=\"width:25%;\" >\n\t\t<div class=\"ngg-gallery-thumbnail\" >\n\t\t\t<a href=\"https:\/\/wernerdeck.de\/blog\/wp-content\/gallery\/bamberg-liegende-frau\/20230603_122253.jpg\"\n\t\t\t\ttitle=\" \"\n\t\t\t\tclass=\"ngg-simplelightbox\" rel=\"fb61163777793062240fcba256affd9f\" data-image-id=\"3388\" data-src=\"https:\/\/wernerdeck.de\/blog\/wp-content\/gallery\/bamberg-liegende-frau\/20230603_122253.jpg\" data-thumbnail=\"https:\/\/wernerdeck.de\/blog\/wp-content\/gallery\/bamberg-liegende-frau\/thumbs\/thumbs_20230603_122253.jpg\" data-title=\"20230603_122253\" data-description=\" \" >\n\t\t\t\t\t\t\t\t<img title=\"20230603_122253\" alt=\"20230603_122253\" src=\"https:\/\/wernerdeck.de\/blog\/wp-content\/gallery\/bamberg-liegende-frau\/thumbs\/thumbs_20230603_122253.jpg\" width='240' height='160' \/>\n\t\t\t\t\t\t\t<\/a>\n\t\t\t<span>\n\t\t\t \t\t\t<\/span>\n\t\t<\/div>\n\t<\/div>\n\t\t\t\t\t\t\t\t\n\t<div id=\"ngg-image-3384\" class=\"ngg-gallery-thumbnail-box\" style=\"width:25%;\" >\n\t\t<div class=\"ngg-gallery-thumbnail\" >\n\t\t\t<a href=\"https:\/\/wernerdeck.de\/blog\/wp-content\/gallery\/bamberg-liegende-frau\/20230603_122526.jpg\"\n\t\t\t\ttitle=\"Liegende Frau mit Frucht\"\n\t\t\t\tclass=\"ngg-simplelightbox\" rel=\"fb61163777793062240fcba256affd9f\" data-image-id=\"3384\" data-src=\"https:\/\/wernerdeck.de\/blog\/wp-content\/gallery\/bamberg-liegende-frau\/20230603_122526.jpg\" data-thumbnail=\"https:\/\/wernerdeck.de\/blog\/wp-content\/gallery\/bamberg-liegende-frau\/thumbs\/thumbs_20230603_122526.jpg\" data-title=\"20230603_122526\" data-description=\"Liegende Frau mit Frucht\" >\n\t\t\t\t\t\t\t\t<img title=\"20230603_122526\" alt=\"20230603_122526\" src=\"https:\/\/wernerdeck.de\/blog\/wp-content\/gallery\/bamberg-liegende-frau\/thumbs\/thumbs_20230603_122526.jpg\" width='240' height='160' \/>\n\t\t\t\t\t\t\t<\/a>\n\t\t\t<span>\n\t\t\tLiegende Frau mit Frucht\t\t\t<\/span>\n\t\t<\/div>\n\t<\/div>\n\t\t\t\t\t\t\t\t\n\t<div id=\"ngg-image-3389\" class=\"ngg-gallery-thumbnail-box\" style=\"width:25%;\" >\n\t\t<div class=\"ngg-gallery-thumbnail\" >\n\t\t\t<a href=\"https:\/\/wernerdeck.de\/blog\/wp-content\/gallery\/bamberg-liegende-frau\/20230603_122543.jpg\"\n\t\t\t\ttitle=\" \"\n\t\t\t\tclass=\"ngg-simplelightbox\" rel=\"fb61163777793062240fcba256affd9f\" data-image-id=\"3389\" data-src=\"https:\/\/wernerdeck.de\/blog\/wp-content\/gallery\/bamberg-liegende-frau\/20230603_122543.jpg\" data-thumbnail=\"https:\/\/wernerdeck.de\/blog\/wp-content\/gallery\/bamberg-liegende-frau\/thumbs\/thumbs_20230603_122543.jpg\" data-title=\"20230603_122543\" data-description=\" \" >\n\t\t\t\t\t\t\t\t<img title=\"20230603_122543\" alt=\"20230603_122543\" src=\"https:\/\/wernerdeck.de\/blog\/wp-content\/gallery\/bamberg-liegende-frau\/thumbs\/thumbs_20230603_122543.jpg\" width='240' height='160' \/>\n\t\t\t\t\t\t\t<\/a>\n\t\t\t<span>\n\t\t\t \t\t\t<\/span>\n\t\t<\/div>\n\t<\/div>\n\t\t\t\t\t\t\t\t\n\t<div id=\"ngg-image-3387\" class=\"ngg-gallery-thumbnail-box\" style=\"width:25%;\" >\n\t\t<div class=\"ngg-gallery-thumbnail\" >\n\t\t\t<a href=\"https:\/\/wernerdeck.de\/blog\/wp-content\/gallery\/bamberg-liegende-frau\/20230603_122832.jpg\"\n\t\t\t\ttitle=\" \"\n\t\t\t\tclass=\"ngg-simplelightbox\" rel=\"fb61163777793062240fcba256affd9f\" data-image-id=\"3387\" data-src=\"https:\/\/wernerdeck.de\/blog\/wp-content\/gallery\/bamberg-liegende-frau\/20230603_122832.jpg\" data-thumbnail=\"https:\/\/wernerdeck.de\/blog\/wp-content\/gallery\/bamberg-liegende-frau\/thumbs\/thumbs_20230603_122832.jpg\" data-title=\"20230603_122832\" data-description=\" \" >\n\t\t\t\t\t\t\t\t<img title=\"20230603_122832\" alt=\"20230603_122832\" src=\"https:\/\/wernerdeck.de\/blog\/wp-content\/gallery\/bamberg-liegende-frau\/thumbs\/thumbs_20230603_122832.jpg\" width='240' height='160' \/>\n\t\t\t\t\t\t\t<\/a>\n\t\t\t<span>\n\t\t\t \t\t\t<\/span>\n\t\t<\/div>\n\t<\/div>\n\t\t\t\t\t\t\t<br style=\"clear: both\" \/>\n\t\t\t\n\t<div id=\"ngg-image-3385\" class=\"ngg-gallery-thumbnail-box\" style=\"width:25%;\" >\n\t\t<div class=\"ngg-gallery-thumbnail\" >\n\t\t\t<a href=\"https:\/\/wernerdeck.de\/blog\/wp-content\/gallery\/bamberg-liegende-frau\/20230603_141122.jpg\"\n\t\t\t\ttitle=\" \"\n\t\t\t\tclass=\"ngg-simplelightbox\" rel=\"fb61163777793062240fcba256affd9f\" data-image-id=\"3385\" data-src=\"https:\/\/wernerdeck.de\/blog\/wp-content\/gallery\/bamberg-liegende-frau\/20230603_141122.jpg\" data-thumbnail=\"https:\/\/wernerdeck.de\/blog\/wp-content\/gallery\/bamberg-liegende-frau\/thumbs\/thumbs_20230603_141122.jpg\" data-title=\"20230603_141122\" data-description=\" \" >\n\t\t\t\t\t\t\t\t<img title=\"20230603_141122\" alt=\"20230603_141122\" src=\"https:\/\/wernerdeck.de\/blog\/wp-content\/gallery\/bamberg-liegende-frau\/thumbs\/thumbs_20230603_141122.jpg\" width='240' height='160' \/>\n\t\t\t\t\t\t\t<\/a>\n\t\t\t<span>\n\t\t\t \t\t\t<\/span>\n\t\t<\/div>\n\t<\/div>\n\t\t\t\t\t\t\t\t\n\t<div id=\"ngg-image-3386\" class=\"ngg-gallery-thumbnail-box\" style=\"width:25%;\" >\n\t\t<div class=\"ngg-gallery-thumbnail\" >\n\t\t\t<a href=\"https:\/\/wernerdeck.de\/blog\/wp-content\/gallery\/bamberg-liegende-frau\/Liegende-Frau-mit-Frucht.jpg\"\n\t\t\t\ttitle=\"Liegende Frau mit Frucht\"\n\t\t\t\tclass=\"ngg-simplelightbox\" rel=\"fb61163777793062240fcba256affd9f\" data-image-id=\"3386\" data-src=\"https:\/\/wernerdeck.de\/blog\/wp-content\/gallery\/bamberg-liegende-frau\/Liegende-Frau-mit-Frucht.jpg\" data-thumbnail=\"https:\/\/wernerdeck.de\/blog\/wp-content\/gallery\/bamberg-liegende-frau\/thumbs\/thumbs_Liegende-Frau-mit-Frucht.jpg\" data-title=\"Liegende-Frau-mit-Frucht\" data-description=\"Liegende Frau mit Frucht\" >\n\t\t\t\t\t\t\t\t<img title=\"Liegende-Frau-mit-Frucht\" alt=\"Liegende-Frau-mit-Frucht\" src=\"https:\/\/wernerdeck.de\/blog\/wp-content\/gallery\/bamberg-liegende-frau\/thumbs\/thumbs_Liegende-Frau-mit-Frucht.jpg\" width='240' height='160' \/>\n\t\t\t\t\t\t\t<\/a>\n\t\t\t<span>\n\t\t\tLiegende Frau mit Frucht\t\t\t<\/span>\n\t\t<\/div>\n\t<\/div>\n\t\t\t\t\t\t\t\t\n\t<!-- Pagination -->\n\t\t<div class='ngg-clear'><\/div>\t\n<\/div>\n\n\tBei einer Pause auf der Autobahn hatte ich ein mich begeisterndes Erlebnis. Da hat offensichtlich ein Mitarbeiter der Autobahnmeisterei richtig gut mitgedacht und ein gro\u00dfes St\u00fcck Blumenwiese, in diesem Fall Margeriten, beim M\u00e4hen stehen gelassen. Das schaute ich mir n\u00e4her an. Es summte leise und flei\u00dfige Bienchen waren am Best\u00e4uben. Dabei ging mir das Herz auf.&nbsp;<\/p>\n<p>\n<div class=\"ngg-galleryoverview ngg-template-caption\" id=\"ngg-gallery-3c8f7587ccd97b212e8e67e81185c0d7-8165\">\n\n\t\t\n\t<!-- Thumbnails -->\n\t\t\t\t\t\n\t<div id=\"ngg-image-3393\" class=\"ngg-gallery-thumbnail-box\" style=\"width:25%;\" >\n\t\t<div class=\"ngg-gallery-thumbnail\" >\n\t\t\t<a href=\"https:\/\/wernerdeck.de\/blog\/wp-content\/gallery\/margariten-auf-autobahn\/20230603_142654.jpg\"\n\t\t\t\ttitle=\" \"\n\t\t\t\tclass=\"ngg-simplelightbox\" rel=\"3c8f7587ccd97b212e8e67e81185c0d7\" data-image-id=\"3393\" data-src=\"https:\/\/wernerdeck.de\/blog\/wp-content\/gallery\/margariten-auf-autobahn\/20230603_142654.jpg\" data-thumbnail=\"https:\/\/wernerdeck.de\/blog\/wp-content\/gallery\/margariten-auf-autobahn\/thumbs\/thumbs_20230603_142654.jpg\" data-title=\"20230603_142654\" data-description=\" \" >\n\t\t\t\t\t\t\t\t<img title=\"20230603_142654\" alt=\"20230603_142654\" src=\"https:\/\/wernerdeck.de\/blog\/wp-content\/gallery\/margariten-auf-autobahn\/thumbs\/thumbs_20230603_142654.jpg\" width='240' height='160' \/>\n\t\t\t\t\t\t\t<\/a>\n\t\t\t<span>\n\t\t\t \t\t\t<\/span>\n\t\t<\/div>\n\t<\/div>\n\t\t\t\t\t\t\t\t\n\t<div id=\"ngg-image-3394\" class=\"ngg-gallery-thumbnail-box\" style=\"width:25%;\" >\n\t\t<div class=\"ngg-gallery-thumbnail\" >\n\t\t\t<a href=\"https:\/\/wernerdeck.de\/blog\/wp-content\/gallery\/margariten-auf-autobahn\/20230603_142739.jpg\"\n\t\t\t\ttitle=\" \"\n\t\t\t\tclass=\"ngg-simplelightbox\" rel=\"3c8f7587ccd97b212e8e67e81185c0d7\" data-image-id=\"3394\" data-src=\"https:\/\/wernerdeck.de\/blog\/wp-content\/gallery\/margariten-auf-autobahn\/20230603_142739.jpg\" data-thumbnail=\"https:\/\/wernerdeck.de\/blog\/wp-content\/gallery\/margariten-auf-autobahn\/thumbs\/thumbs_20230603_142739.jpg\" data-title=\"20230603_142739\" data-description=\" \" >\n\t\t\t\t\t\t\t\t<img title=\"20230603_142739\" alt=\"20230603_142739\" src=\"https:\/\/wernerdeck.de\/blog\/wp-content\/gallery\/margariten-auf-autobahn\/thumbs\/thumbs_20230603_142739.jpg\" width='240' height='160' \/>\n\t\t\t\t\t\t\t<\/a>\n\t\t\t<span>\n\t\t\t \t\t\t<\/span>\n\t\t<\/div>\n\t<\/div>\n\t\t\t\t\t\t\t\t\n\t<div id=\"ngg-image-3395\" class=\"ngg-gallery-thumbnail-box\" style=\"width:25%;\" >\n\t\t<div class=\"ngg-gallery-thumbnail\" >\n\t\t\t<a href=\"https:\/\/wernerdeck.de\/blog\/wp-content\/gallery\/margariten-auf-autobahn\/20230603_142748.jpg\"\n\t\t\t\ttitle=\" \"\n\t\t\t\tclass=\"ngg-simplelightbox\" rel=\"3c8f7587ccd97b212e8e67e81185c0d7\" data-image-id=\"3395\" data-src=\"https:\/\/wernerdeck.de\/blog\/wp-content\/gallery\/margariten-auf-autobahn\/20230603_142748.jpg\" data-thumbnail=\"https:\/\/wernerdeck.de\/blog\/wp-content\/gallery\/margariten-auf-autobahn\/thumbs\/thumbs_20230603_142748.jpg\" data-title=\"20230603_142748\" data-description=\" \" >\n\t\t\t\t\t\t\t\t<img title=\"20230603_142748\" alt=\"20230603_142748\" src=\"https:\/\/wernerdeck.de\/blog\/wp-content\/gallery\/margariten-auf-autobahn\/thumbs\/thumbs_20230603_142748.jpg\" width='240' height='160' \/>\n\t\t\t\t\t\t\t<\/a>\n\t\t\t<span>\n\t\t\t \t\t\t<\/span>\n\t\t<\/div>\n\t<\/div>\n\t\t\t\t\t\t\t\t\n\t<div id=\"ngg-image-3392\" class=\"ngg-gallery-thumbnail-box\" style=\"width:25%;\" >\n\t\t<div class=\"ngg-gallery-thumbnail\" >\n\t\t\t<a href=\"https:\/\/wernerdeck.de\/blog\/wp-content\/gallery\/margariten-auf-autobahn\/20230603_142801.jpg\"\n\t\t\t\ttitle=\" \"\n\t\t\t\tclass=\"ngg-simplelightbox\" rel=\"3c8f7587ccd97b212e8e67e81185c0d7\" data-image-id=\"3392\" data-src=\"https:\/\/wernerdeck.de\/blog\/wp-content\/gallery\/margariten-auf-autobahn\/20230603_142801.jpg\" data-thumbnail=\"https:\/\/wernerdeck.de\/blog\/wp-content\/gallery\/margariten-auf-autobahn\/thumbs\/thumbs_20230603_142801.jpg\" data-title=\"20230603_142801\" data-description=\" \" >\n\t\t\t\t\t\t\t\t<img title=\"20230603_142801\" alt=\"20230603_142801\" src=\"https:\/\/wernerdeck.de\/blog\/wp-content\/gallery\/margariten-auf-autobahn\/thumbs\/thumbs_20230603_142801.jpg\" width='240' height='160' \/>\n\t\t\t\t\t\t\t<\/a>\n\t\t\t<span>\n\t\t\t \t\t\t<\/span>\n\t\t<\/div>\n\t<\/div>\n\t\t\t\t\t\t\t<br style=\"clear: both\" \/>\n\t\t\t\n\t<div id=\"ngg-image-3391\" class=\"ngg-gallery-thumbnail-box\" style=\"width:25%;\" >\n\t\t<div class=\"ngg-gallery-thumbnail\" >\n\t\t\t<a href=\"https:\/\/wernerdeck.de\/blog\/wp-content\/gallery\/margariten-auf-autobahn\/20230603_142816.jpg\"\n\t\t\t\ttitle=\" \"\n\t\t\t\tclass=\"ngg-simplelightbox\" rel=\"3c8f7587ccd97b212e8e67e81185c0d7\" data-image-id=\"3391\" data-src=\"https:\/\/wernerdeck.de\/blog\/wp-content\/gallery\/margariten-auf-autobahn\/20230603_142816.jpg\" data-thumbnail=\"https:\/\/wernerdeck.de\/blog\/wp-content\/gallery\/margariten-auf-autobahn\/thumbs\/thumbs_20230603_142816.jpg\" data-title=\"20230603_142816\" data-description=\" \" >\n\t\t\t\t\t\t\t\t<img title=\"20230603_142816\" alt=\"20230603_142816\" src=\"https:\/\/wernerdeck.de\/blog\/wp-content\/gallery\/margariten-auf-autobahn\/thumbs\/thumbs_20230603_142816.jpg\" width='240' height='160' \/>\n\t\t\t\t\t\t\t<\/a>\n\t\t\t<span>\n\t\t\t \t\t\t<\/span>\n\t\t<\/div>\n\t<\/div>\n\t\t\t\t\t\t\t\t\n\t<div id=\"ngg-image-3390\" class=\"ngg-gallery-thumbnail-box\" style=\"width:25%;\" >\n\t\t<div class=\"ngg-gallery-thumbnail\" >\n\t\t\t<a href=\"https:\/\/wernerdeck.de\/blog\/wp-content\/gallery\/margariten-auf-autobahn\/20230603_142837.jpg\"\n\t\t\t\ttitle=\" \"\n\t\t\t\tclass=\"ngg-simplelightbox\" rel=\"3c8f7587ccd97b212e8e67e81185c0d7\" data-image-id=\"3390\" data-src=\"https:\/\/wernerdeck.de\/blog\/wp-content\/gallery\/margariten-auf-autobahn\/20230603_142837.jpg\" data-thumbnail=\"https:\/\/wernerdeck.de\/blog\/wp-content\/gallery\/margariten-auf-autobahn\/thumbs\/thumbs_20230603_142837.jpg\" data-title=\"20230603_142837\" data-description=\" \" >\n\t\t\t\t\t\t\t\t<img title=\"20230603_142837\" alt=\"20230603_142837\" src=\"https:\/\/wernerdeck.de\/blog\/wp-content\/gallery\/margariten-auf-autobahn\/thumbs\/thumbs_20230603_142837.jpg\" width='240' height='160' \/>\n\t\t\t\t\t\t\t<\/a>\n\t\t\t<span>\n\t\t\t \t\t\t<\/span>\n\t\t<\/div>\n\t<\/div>\n\t\t\t\t\t\t\t\t\n\t<div id=\"ngg-image-3397\" class=\"ngg-gallery-thumbnail-box\" style=\"width:25%;\" >\n\t\t<div class=\"ngg-gallery-thumbnail\" >\n\t\t\t<a href=\"https:\/\/wernerdeck.de\/blog\/wp-content\/gallery\/margariten-auf-autobahn\/20230603_143119.jpg\"\n\t\t\t\ttitle=\" \"\n\t\t\t\tclass=\"ngg-simplelightbox\" rel=\"3c8f7587ccd97b212e8e67e81185c0d7\" data-image-id=\"3397\" data-src=\"https:\/\/wernerdeck.de\/blog\/wp-content\/gallery\/margariten-auf-autobahn\/20230603_143119.jpg\" data-thumbnail=\"https:\/\/wernerdeck.de\/blog\/wp-content\/gallery\/margariten-auf-autobahn\/thumbs\/thumbs_20230603_143119.jpg\" data-title=\"20230603_143119\" data-description=\" \" >\n\t\t\t\t\t\t\t\t<img title=\"20230603_143119\" alt=\"20230603_143119\" src=\"https:\/\/wernerdeck.de\/blog\/wp-content\/gallery\/margariten-auf-autobahn\/thumbs\/thumbs_20230603_143119.jpg\" width='240' height='160' \/>\n\t\t\t\t\t\t\t<\/a>\n\t\t\t<span>\n\t\t\t \t\t\t<\/span>\n\t\t<\/div>\n\t<\/div>\n\t\t\t\t\t\t\t\t\n\t<div id=\"ngg-image-3398\" class=\"ngg-gallery-thumbnail-box\" style=\"width:25%;\" >\n\t\t<div class=\"ngg-gallery-thumbnail\" >\n\t\t\t<a href=\"https:\/\/wernerdeck.de\/blog\/wp-content\/gallery\/margariten-auf-autobahn\/20230603_143250.jpg\"\n\t\t\t\ttitle=\" \"\n\t\t\t\tclass=\"ngg-simplelightbox\" rel=\"3c8f7587ccd97b212e8e67e81185c0d7\" data-image-id=\"3398\" data-src=\"https:\/\/wernerdeck.de\/blog\/wp-content\/gallery\/margariten-auf-autobahn\/20230603_143250.jpg\" data-thumbnail=\"https:\/\/wernerdeck.de\/blog\/wp-content\/gallery\/margariten-auf-autobahn\/thumbs\/thumbs_20230603_143250.jpg\" data-title=\"20230603_143250\" data-description=\" \" >\n\t\t\t\t\t\t\t\t<img title=\"20230603_143250\" alt=\"20230603_143250\" src=\"https:\/\/wernerdeck.de\/blog\/wp-content\/gallery\/margariten-auf-autobahn\/thumbs\/thumbs_20230603_143250.jpg\" width='240' height='160' \/>\n\t\t\t\t\t\t\t<\/a>\n\t\t\t<span>\n\t\t\t \t\t\t<\/span>\n\t\t<\/div>\n\t<\/div>\n\t\t\t\t\t\t\t<br style=\"clear: both\" \/>\n\t\t\t\n\t<div id=\"ngg-image-3396\" class=\"ngg-gallery-thumbnail-box\" style=\"width:25%;\" >\n\t\t<div class=\"ngg-gallery-thumbnail\" >\n\t\t\t<a href=\"https:\/\/wernerdeck.de\/blog\/wp-content\/gallery\/margariten-auf-autobahn\/20230603_143923.jpg\"\n\t\t\t\ttitle=\" \"\n\t\t\t\tclass=\"ngg-simplelightbox\" rel=\"3c8f7587ccd97b212e8e67e81185c0d7\" data-image-id=\"3396\" data-src=\"https:\/\/wernerdeck.de\/blog\/wp-content\/gallery\/margariten-auf-autobahn\/20230603_143923.jpg\" data-thumbnail=\"https:\/\/wernerdeck.de\/blog\/wp-content\/gallery\/margariten-auf-autobahn\/thumbs\/thumbs_20230603_143923.jpg\" data-title=\"20230603_143923\" data-description=\" \" >\n\t\t\t\t\t\t\t\t<img title=\"20230603_143923\" alt=\"20230603_143923\" src=\"https:\/\/wernerdeck.de\/blog\/wp-content\/gallery\/margariten-auf-autobahn\/thumbs\/thumbs_20230603_143923.jpg\" width='240' height='160' \/>\n\t\t\t\t\t\t\t<\/a>\n\t\t\t<span>\n\t\t\t \t\t\t<\/span>\n\t\t<\/div>\n\t<\/div>\n\t\t\t\t\t\t\t\t\n\t<!-- Pagination -->\n\t\t<div class='ngg-clear'><\/div>\t\n<\/div>\n\n\tDann waren wir endlich daheim. Zuerst noch tanken und danach ein allerletztes Mal das Gep\u00e4ck ausladen! \ud83d\ude42 Sp\u00e4ter genossen wir unser entspanntes Abendessen in der Sonne auf unserer Terrasse.<\/p>\n<p>\n<div class=\"ngg-galleryoverview ngg-template-caption\" id=\"ngg-gallery-f9b5590bd3fcf03aef943cd16a1c6b8c-8165\">\n\n\t\t\n\t<!-- Thumbnails -->\n\t\t\t\t\t\n\t<div id=\"ngg-image-3399\" class=\"ngg-gallery-thumbnail-box\" style=\"width:25%;\" >\n\t\t<div class=\"ngg-gallery-thumbnail\" >\n\t\t\t<a href=\"https:\/\/wernerdeck.de\/blog\/wp-content\/gallery\/heimfahrt-von-bamberg\/20230603_1520490.jpg\"\n\t\t\t\ttitle=\"\u201eUnsere\u201c Ausfahrt\"\n\t\t\t\tclass=\"ngg-simplelightbox\" rel=\"f9b5590bd3fcf03aef943cd16a1c6b8c\" data-image-id=\"3399\" data-src=\"https:\/\/wernerdeck.de\/blog\/wp-content\/gallery\/heimfahrt-von-bamberg\/20230603_1520490.jpg\" data-thumbnail=\"https:\/\/wernerdeck.de\/blog\/wp-content\/gallery\/heimfahrt-von-bamberg\/thumbs\/thumbs_20230603_1520490.jpg\" data-title=\"20230603_1520490\" data-description=\"\u201eUnsere\u201c Ausfahrt\" >\n\t\t\t\t\t\t\t\t<img title=\"20230603_1520490\" alt=\"20230603_1520490\" src=\"https:\/\/wernerdeck.de\/blog\/wp-content\/gallery\/heimfahrt-von-bamberg\/thumbs\/thumbs_20230603_1520490.jpg\" width='240' height='160' \/>\n\t\t\t\t\t\t\t<\/a>\n\t\t\t<span>\n\t\t\t\u201eUnsere\u201c Ausfahrt\t\t\t<\/span>\n\t\t<\/div>\n\t<\/div>\n\t\t\t\t\t\t\t\t\n\t<div id=\"ngg-image-3401\" class=\"ngg-gallery-thumbnail-box\" style=\"width:25%;\" >\n\t\t<div class=\"ngg-gallery-thumbnail\" >\n\t\t\t<a href=\"https:\/\/wernerdeck.de\/blog\/wp-content\/gallery\/heimfahrt-von-bamberg\/20230603_152822.jpg\"\n\t\t\t\ttitle=\"Jetzt ist es nicht mehr weit\"\n\t\t\t\tclass=\"ngg-simplelightbox\" rel=\"f9b5590bd3fcf03aef943cd16a1c6b8c\" data-image-id=\"3401\" data-src=\"https:\/\/wernerdeck.de\/blog\/wp-content\/gallery\/heimfahrt-von-bamberg\/20230603_152822.jpg\" data-thumbnail=\"https:\/\/wernerdeck.de\/blog\/wp-content\/gallery\/heimfahrt-von-bamberg\/thumbs\/thumbs_20230603_152822.jpg\" data-title=\"20230603_152822\" data-description=\"Jetzt ist es nicht mehr weit\" >\n\t\t\t\t\t\t\t\t<img title=\"20230603_152822\" alt=\"20230603_152822\" src=\"https:\/\/wernerdeck.de\/blog\/wp-content\/gallery\/heimfahrt-von-bamberg\/thumbs\/thumbs_20230603_152822.jpg\" width='240' height='160' \/>\n\t\t\t\t\t\t\t<\/a>\n\t\t\t<span>\n\t\t\tJetzt ist es nicht mehr weit\t\t\t<\/span>\n\t\t<\/div>\n\t<\/div>\n\t\t\t\t\t\t\t\t\n\t<div id=\"ngg-image-3403\" class=\"ngg-gallery-thumbnail-box\" style=\"width:25%;\" >\n\t\t<div class=\"ngg-gallery-thumbnail\" >\n\t\t\t<a href=\"https:\/\/wernerdeck.de\/blog\/wp-content\/gallery\/heimfahrt-von-bamberg\/20230603_160409.jpg\"\n\t\t\t\ttitle=\"Noch kurz tanken\"\n\t\t\t\tclass=\"ngg-simplelightbox\" rel=\"f9b5590bd3fcf03aef943cd16a1c6b8c\" data-image-id=\"3403\" data-src=\"https:\/\/wernerdeck.de\/blog\/wp-content\/gallery\/heimfahrt-von-bamberg\/20230603_160409.jpg\" data-thumbnail=\"https:\/\/wernerdeck.de\/blog\/wp-content\/gallery\/heimfahrt-von-bamberg\/thumbs\/thumbs_20230603_160409.jpg\" data-title=\"20230603_160409\" data-description=\"Noch kurz tanken\" >\n\t\t\t\t\t\t\t\t<img title=\"20230603_160409\" alt=\"20230603_160409\" src=\"https:\/\/wernerdeck.de\/blog\/wp-content\/gallery\/heimfahrt-von-bamberg\/thumbs\/thumbs_20230603_160409.jpg\" width='240' height='160' \/>\n\t\t\t\t\t\t\t<\/a>\n\t\t\t<span>\n\t\t\tNoch kurz tanken\t\t\t<\/span>\n\t\t<\/div>\n\t<\/div>\n\t\t\t\t\t\t\t\t\n\t<div id=\"ngg-image-3400\" class=\"ngg-gallery-thumbnail-box\" style=\"width:25%;\" >\n\t\t<div class=\"ngg-gallery-thumbnail\" >\n\t\t\t<a href=\"https:\/\/wernerdeck.de\/blog\/wp-content\/gallery\/heimfahrt-von-bamberg\/20230603_160847.jpg\"\n\t\t\t\ttitle=\"Endlich wieder daheim\"\n\t\t\t\tclass=\"ngg-simplelightbox\" rel=\"f9b5590bd3fcf03aef943cd16a1c6b8c\" data-image-id=\"3400\" data-src=\"https:\/\/wernerdeck.de\/blog\/wp-content\/gallery\/heimfahrt-von-bamberg\/20230603_160847.jpg\" data-thumbnail=\"https:\/\/wernerdeck.de\/blog\/wp-content\/gallery\/heimfahrt-von-bamberg\/thumbs\/thumbs_20230603_160847.jpg\" data-title=\"20230603_160847\" data-description=\"Endlich wieder daheim\" >\n\t\t\t\t\t\t\t\t<img title=\"20230603_160847\" alt=\"20230603_160847\" src=\"https:\/\/wernerdeck.de\/blog\/wp-content\/gallery\/heimfahrt-von-bamberg\/thumbs\/thumbs_20230603_160847.jpg\" width='240' height='160' \/>\n\t\t\t\t\t\t\t<\/a>\n\t\t\t<span>\n\t\t\tEndlich wieder daheim\t\t\t<\/span>\n\t\t<\/div>\n\t<\/div>\n\t\t\t\t\t\t\t<br style=\"clear: both\" \/>\n\t\t\t\n\t<div id=\"ngg-image-3402\" class=\"ngg-gallery-thumbnail-box\" style=\"width:25%;\" >\n\t\t<div class=\"ngg-gallery-thumbnail\" >\n\t\t\t<a href=\"https:\/\/wernerdeck.de\/blog\/wp-content\/gallery\/heimfahrt-von-bamberg\/20230603_165154.jpg\"\n\t\t\t\ttitle=\"Ein Zustand f\u00fcr ziemlich lange Zeit ;-)\"\n\t\t\t\tclass=\"ngg-simplelightbox\" rel=\"f9b5590bd3fcf03aef943cd16a1c6b8c\" data-image-id=\"3402\" data-src=\"https:\/\/wernerdeck.de\/blog\/wp-content\/gallery\/heimfahrt-von-bamberg\/20230603_165154.jpg\" data-thumbnail=\"https:\/\/wernerdeck.de\/blog\/wp-content\/gallery\/heimfahrt-von-bamberg\/thumbs\/thumbs_20230603_165154.jpg\" data-title=\"20230603_165154\" data-description=\"Ein Zustand f\u00fcr ziemlich lange Zeit ;-)\" >\n\t\t\t\t\t\t\t\t<img title=\"20230603_165154\" alt=\"20230603_165154\" src=\"https:\/\/wernerdeck.de\/blog\/wp-content\/gallery\/heimfahrt-von-bamberg\/thumbs\/thumbs_20230603_165154.jpg\" width='240' height='160' \/>\n\t\t\t\t\t\t\t<\/a>\n\t\t\t<span>\n\t\t\tEin Zustand f\u00fcr ziemlich lange Zeit ;-)\t\t\t<\/span>\n\t\t<\/div>\n\t<\/div>\n\t\t\t\t\t\t\t\t\n\t<div id=\"ngg-image-3404\" class=\"ngg-gallery-thumbnail-box\" style=\"width:25%;\" >\n\t\t<div class=\"ngg-gallery-thumbnail\" >\n\t\t\t<a href=\"https:\/\/wernerdeck.de\/blog\/wp-content\/gallery\/heimfahrt-von-bamberg\/20230603_165445.jpg\"\n\t\t\t\ttitle=\"Da steht er vor der Garage, der kleine Rote\"\n\t\t\t\tclass=\"ngg-simplelightbox\" rel=\"f9b5590bd3fcf03aef943cd16a1c6b8c\" data-image-id=\"3404\" data-src=\"https:\/\/wernerdeck.de\/blog\/wp-content\/gallery\/heimfahrt-von-bamberg\/20230603_165445.jpg\" data-thumbnail=\"https:\/\/wernerdeck.de\/blog\/wp-content\/gallery\/heimfahrt-von-bamberg\/thumbs\/thumbs_20230603_165445.jpg\" data-title=\"20230603_165445\" data-description=\"Da steht er vor der Garage, der kleine Rote\" >\n\t\t\t\t\t\t\t\t<img title=\"20230603_165445\" alt=\"20230603_165445\" src=\"https:\/\/wernerdeck.de\/blog\/wp-content\/gallery\/heimfahrt-von-bamberg\/thumbs\/thumbs_20230603_165445.jpg\" width='240' height='160' \/>\n\t\t\t\t\t\t\t<\/a>\n\t\t\t<span>\n\t\t\tDa steht er vor der Garage, der kleine Rote\t\t\t<\/span>\n\t\t<\/div>\n\t<\/div>\n\t\t\t\t\t\t\t\t\n\t<div id=\"ngg-image-3405\" class=\"ngg-gallery-thumbnail-box\" style=\"width:25%;\" >\n\t\t<div class=\"ngg-gallery-thumbnail\" >\n\t\t\t<a href=\"https:\/\/wernerdeck.de\/blog\/wp-content\/gallery\/heimfahrt-von-bamberg\/20230603_180328.jpg\"\n\t\t\t\ttitle=\" \"\n\t\t\t\tclass=\"ngg-simplelightbox\" rel=\"f9b5590bd3fcf03aef943cd16a1c6b8c\" data-image-id=\"3405\" data-src=\"https:\/\/wernerdeck.de\/blog\/wp-content\/gallery\/heimfahrt-von-bamberg\/20230603_180328.jpg\" data-thumbnail=\"https:\/\/wernerdeck.de\/blog\/wp-content\/gallery\/heimfahrt-von-bamberg\/thumbs\/thumbs_20230603_180328.jpg\" data-title=\"20230603_180328\" data-description=\" \" >\n\t\t\t\t\t\t\t\t<img title=\"20230603_180328\" alt=\"20230603_180328\" src=\"https:\/\/wernerdeck.de\/blog\/wp-content\/gallery\/heimfahrt-von-bamberg\/thumbs\/thumbs_20230603_180328.jpg\" width='240' height='160' \/>\n\t\t\t\t\t\t\t<\/a>\n\t\t\t<span>\n\t\t\t \t\t\t<\/span>\n\t\t<\/div>\n\t<\/div>\n\t\t\t\t\t\t\t\t\n\t<div id=\"ngg-image-3407\" class=\"ngg-gallery-thumbnail-box\" style=\"width:25%;\" >\n\t\t<div class=\"ngg-gallery-thumbnail\" >\n\t\t\t<a href=\"https:\/\/wernerdeck.de\/blog\/wp-content\/gallery\/heimfahrt-von-bamberg\/20230603_180403.jpg\"\n\t\t\t\ttitle=\" \"\n\t\t\t\tclass=\"ngg-simplelightbox\" rel=\"f9b5590bd3fcf03aef943cd16a1c6b8c\" data-image-id=\"3407\" data-src=\"https:\/\/wernerdeck.de\/blog\/wp-content\/gallery\/heimfahrt-von-bamberg\/20230603_180403.jpg\" data-thumbnail=\"https:\/\/wernerdeck.de\/blog\/wp-content\/gallery\/heimfahrt-von-bamberg\/thumbs\/thumbs_20230603_180403.jpg\" data-title=\"RemasterDirector_V0\" data-description=\" \" >\n\t\t\t\t\t\t\t\t<img title=\"RemasterDirector_V0\" alt=\"RemasterDirector_V0\" src=\"https:\/\/wernerdeck.de\/blog\/wp-content\/gallery\/heimfahrt-von-bamberg\/thumbs\/thumbs_20230603_180403.jpg\" width='240' height='160' \/>\n\t\t\t\t\t\t\t<\/a>\n\t\t\t<span>\n\t\t\t \t\t\t<\/span>\n\t\t<\/div>\n\t<\/div>\n\t\t\t\t\t\t\t<br style=\"clear: both\" \/>\n\t\t\t\n\t<div id=\"ngg-image-3406\" class=\"ngg-gallery-thumbnail-box\" style=\"width:25%;\" >\n\t\t<div class=\"ngg-gallery-thumbnail\" >\n\t\t\t<a href=\"https:\/\/wernerdeck.de\/blog\/wp-content\/gallery\/heimfahrt-von-bamberg\/Von-Bamberg-nach-Eggenstein-bei-Karlsruhe.jpg\"\n\t\t\t\ttitle=\"Die Strecke von Bamberg  nach Eggenstein bei Karlsruhe\"\n\t\t\t\tclass=\"ngg-simplelightbox\" rel=\"f9b5590bd3fcf03aef943cd16a1c6b8c\" data-image-id=\"3406\" data-src=\"https:\/\/wernerdeck.de\/blog\/wp-content\/gallery\/heimfahrt-von-bamberg\/Von-Bamberg-nach-Eggenstein-bei-Karlsruhe.jpg\" data-thumbnail=\"https:\/\/wernerdeck.de\/blog\/wp-content\/gallery\/heimfahrt-von-bamberg\/thumbs\/thumbs_Von-Bamberg-nach-Eggenstein-bei-Karlsruhe.jpg\" data-title=\"Von-Bamberg-nach-Eggenstein-bei-Karlsruhe\" data-description=\"Die Strecke von Bamberg  nach Eggenstein bei Karlsruhe\" >\n\t\t\t\t\t\t\t\t<img title=\"Von-Bamberg-nach-Eggenstein-bei-Karlsruhe\" alt=\"Von-Bamberg-nach-Eggenstein-bei-Karlsruhe\" src=\"https:\/\/wernerdeck.de\/blog\/wp-content\/gallery\/heimfahrt-von-bamberg\/thumbs\/thumbs_Von-Bamberg-nach-Eggenstein-bei-Karlsruhe.jpg\" width='240' height='160' \/>\n\t\t\t\t\t\t\t<\/a>\n\t\t\t<span>\n\t\t\tDie Strecke von Bamberg  nach Eggenstein bei Karlsruhe\t\t\t<\/span>\n\t\t<\/div>\n\t<\/div>\n\t\t\t\t\t\t\t\t\n\t<!-- Pagination -->\n\t\t<div class='ngg-clear'><\/div>\t\n<\/div>\n\n\tInsgesamt war unsere Tour eine tolle Erfahrung. In den n\u00e4chsten Tagen werde ich ein Fazit mit unseren Erkenntnissen, Zahlen, Daten und Fakten der Deutschlandrundfahrt ziehen.<\/p>\n","protected":false},"excerpt":{"rendered":"<p>Tag 23. Besichtigungstour Bamberg: Dom, Alte Hofhaltung, Neue Residenz, St. Martin, Klein Venedig. Schuhe kaufen Unser Abschied von Bamberg und Tourende. Zuhause ist es doch am sch\u00f6nsten.Bekanntlich beschlossen wir vorgestern, nach dem Besuch hier in Bamberg, unsere Deutschlandtour an dieser Stelle zu beenden und heute nachhause zu fahren. Die vielen verschiedenen St\u00e4dte und Orte mit &#8230; <a title=\"Tag 24. Zuerst Aufregung in Bamberg. K\u00f6nig Max I. Joseph von Bayern und die Liegende Frau mit Frucht verabschieden uns\" class=\"read-more\" href=\"https:\/\/wernerdeck.de\/blog\/2023\/06\/03\/tag-24-zuerst-aufregung-in-bamberg-koenig-max-i-joseph-von-bayern-und-die-liegende-frau-mit-frucht-verabschieden-uns\/\" aria-label=\"Mehr Informationen \u00fcber Tag 24. Zuerst Aufregung in Bamberg. K\u00f6nig Max I. Joseph von Bayern und die Liegende Frau mit Frucht verabschieden uns\">Weiterlesen<\/a><\/p>\n","protected":false},"author":1,"featured_media":8238,"comment_status":"open","ping_status":"open","sticky":false,"template":"","format":"standard","meta":{"ngg_post_thumbnail":0,"footnotes":""},"categories":[208],"tags":[280],"class_list":["post-8165","post","type-post","status-publish","format-standard","has-post-thumbnail","hentry","category-reisebericht","tag-deutschlandrundfahrt"],"yoast_head":"<!-- This site is optimized with the Yoast SEO plugin v27.4 - https:\/\/yoast.com\/product\/yoast-seo-wordpress\/ -->\n<title>Tag 24. Zuerst Aufregung in Bamberg. K\u00f6nig Max I. Joseph von Bayern und die Liegende Frau mit Frucht verabschieden uns - Privater Blog von Werner Deck<\/title>\n<meta name=\"description\" content=\"Ohne Autoschl\u00fcssel, die hatte ich vergessen, in der Tiefgarage. Unser Abschied aus Bamberg und Tourende. Zuhause ist es halt doch am sch\u00f6nsten\" \/>\n<meta name=\"robots\" content=\"index, follow, max-snippet:-1, max-image-preview:large, max-video-preview:-1\" \/>\n<link rel=\"canonical\" href=\"https:\/\/wernerdeck.de\/blog\/2023\/06\/03\/tag-24-zuerst-aufregung-in-bamberg-koenig-max-i-joseph-von-bayern-und-die-liegende-frau-mit-frucht-verabschieden-uns\/\" \/>\n<meta property=\"og:locale\" content=\"de_DE\" \/>\n<meta property=\"og:type\" content=\"article\" \/>\n<meta property=\"og:title\" content=\"Tag 24. Zuerst Aufregung in Bamberg. K\u00f6nig Max I. Joseph von Bayern und die Liegende Frau mit Frucht verabschieden uns - Privater Blog von Werner Deck\" \/>\n<meta property=\"og:description\" content=\"Ohne Autoschl\u00fcssel, die hatte ich vergessen, in der Tiefgarage. Unser Abschied aus Bamberg und Tourende. Zuhause ist es halt doch am sch\u00f6nsten\" \/>\n<meta property=\"og:url\" content=\"https:\/\/wernerdeck.de\/blog\/2023\/06\/03\/tag-24-zuerst-aufregung-in-bamberg-koenig-max-i-joseph-von-bayern-und-die-liegende-frau-mit-frucht-verabschieden-uns\/\" \/>\n<meta property=\"og:site_name\" content=\"Privater Blog von Werner Deck\" \/>\n<meta property=\"article:publisher\" content=\"https:\/\/www.facebook.com\/werner.deck\/\" \/>\n<meta property=\"article:author\" content=\"https:\/\/www.facebook.com\/werner.deck\/\" \/>\n<meta property=\"article:published_time\" content=\"2023-06-03T20:43:17+00:00\" \/>\n<meta property=\"article:modified_time\" content=\"2023-06-04T08:06:49+00:00\" \/>\n<meta property=\"og:image\" content=\"https:\/\/wernerdeck.de\/blog\/wp-content\/uploads\/2023\/06\/Abschied-aus-Bamberg.jpg\" \/>\n\t<meta property=\"og:image:width\" content=\"1100\" \/>\n\t<meta property=\"og:image:height\" content=\"522\" \/>\n\t<meta property=\"og:image:type\" content=\"image\/jpeg\" \/>\n<meta name=\"author\" content=\"Werner Deck\" \/>\n<meta name=\"twitter:card\" content=\"summary_large_image\" \/>\n<meta name=\"twitter:label1\" content=\"Verfasst von\" \/>\n\t<meta name=\"twitter:data1\" content=\"Werner Deck\" \/>\n\t<meta name=\"twitter:label2\" content=\"Gesch\u00e4tzte Lesezeit\" \/>\n\t<meta name=\"twitter:data2\" content=\"4\u00a0Minuten\" \/>\n<script type=\"application\/ld+json\" class=\"yoast-schema-graph\">{\"@context\":\"https:\\\/\\\/schema.org\",\"@graph\":[{\"@type\":\"Article\",\"@id\":\"https:\\\/\\\/wernerdeck.de\\\/blog\\\/2023\\\/06\\\/03\\\/tag-24-zuerst-aufregung-in-bamberg-koenig-max-i-joseph-von-bayern-und-die-liegende-frau-mit-frucht-verabschieden-uns\\\/#article\",\"isPartOf\":{\"@id\":\"https:\\\/\\\/wernerdeck.de\\\/blog\\\/2023\\\/06\\\/03\\\/tag-24-zuerst-aufregung-in-bamberg-koenig-max-i-joseph-von-bayern-und-die-liegende-frau-mit-frucht-verabschieden-uns\\\/\"},\"author\":{\"name\":\"Werner Deck\",\"@id\":\"https:\\\/\\\/wernerdeck.de\\\/blog\\\/#\\\/schema\\\/person\\\/7af62de1f11b0a09297eeb81281e523c\"},\"headline\":\"Tag 24. Zuerst Aufregung in Bamberg. K\u00f6nig Max I. Joseph von Bayern und die Liegende Frau mit Frucht verabschieden uns\",\"datePublished\":\"2023-06-03T20:43:17+00:00\",\"dateModified\":\"2023-06-04T08:06:49+00:00\",\"mainEntityOfPage\":{\"@id\":\"https:\\\/\\\/wernerdeck.de\\\/blog\\\/2023\\\/06\\\/03\\\/tag-24-zuerst-aufregung-in-bamberg-koenig-max-i-joseph-von-bayern-und-die-liegende-frau-mit-frucht-verabschieden-uns\\\/\"},\"wordCount\":733,\"commentCount\":0,\"publisher\":{\"@id\":\"https:\\\/\\\/wernerdeck.de\\\/blog\\\/#\\\/schema\\\/person\\\/7af62de1f11b0a09297eeb81281e523c\"},\"image\":{\"@id\":\"https:\\\/\\\/wernerdeck.de\\\/blog\\\/2023\\\/06\\\/03\\\/tag-24-zuerst-aufregung-in-bamberg-koenig-max-i-joseph-von-bayern-und-die-liegende-frau-mit-frucht-verabschieden-uns\\\/#primaryimage\"},\"thumbnailUrl\":\"https:\\\/\\\/wernerdeck.de\\\/blog\\\/wp-content\\\/uploads\\\/2023\\\/06\\\/Abschied-aus-Bamberg.jpg\",\"keywords\":[\"Deutschlandrundfahrt\"],\"articleSection\":[\"Reisebericht\"],\"inLanguage\":\"de\",\"potentialAction\":[{\"@type\":\"CommentAction\",\"name\":\"Comment\",\"target\":[\"https:\\\/\\\/wernerdeck.de\\\/blog\\\/2023\\\/06\\\/03\\\/tag-24-zuerst-aufregung-in-bamberg-koenig-max-i-joseph-von-bayern-und-die-liegende-frau-mit-frucht-verabschieden-uns\\\/#respond\"]}]},{\"@type\":\"WebPage\",\"@id\":\"https:\\\/\\\/wernerdeck.de\\\/blog\\\/2023\\\/06\\\/03\\\/tag-24-zuerst-aufregung-in-bamberg-koenig-max-i-joseph-von-bayern-und-die-liegende-frau-mit-frucht-verabschieden-uns\\\/\",\"url\":\"https:\\\/\\\/wernerdeck.de\\\/blog\\\/2023\\\/06\\\/03\\\/tag-24-zuerst-aufregung-in-bamberg-koenig-max-i-joseph-von-bayern-und-die-liegende-frau-mit-frucht-verabschieden-uns\\\/\",\"name\":\"Tag 24. Zuerst Aufregung in Bamberg. K\u00f6nig Max I. Joseph von Bayern und die Liegende Frau mit Frucht verabschieden uns - Privater Blog von Werner Deck\",\"isPartOf\":{\"@id\":\"https:\\\/\\\/wernerdeck.de\\\/blog\\\/#website\"},\"primaryImageOfPage\":{\"@id\":\"https:\\\/\\\/wernerdeck.de\\\/blog\\\/2023\\\/06\\\/03\\\/tag-24-zuerst-aufregung-in-bamberg-koenig-max-i-joseph-von-bayern-und-die-liegende-frau-mit-frucht-verabschieden-uns\\\/#primaryimage\"},\"image\":{\"@id\":\"https:\\\/\\\/wernerdeck.de\\\/blog\\\/2023\\\/06\\\/03\\\/tag-24-zuerst-aufregung-in-bamberg-koenig-max-i-joseph-von-bayern-und-die-liegende-frau-mit-frucht-verabschieden-uns\\\/#primaryimage\"},\"thumbnailUrl\":\"https:\\\/\\\/wernerdeck.de\\\/blog\\\/wp-content\\\/uploads\\\/2023\\\/06\\\/Abschied-aus-Bamberg.jpg\",\"datePublished\":\"2023-06-03T20:43:17+00:00\",\"dateModified\":\"2023-06-04T08:06:49+00:00\",\"description\":\"Ohne Autoschl\u00fcssel, die hatte ich vergessen, in der Tiefgarage. Unser Abschied aus Bamberg und Tourende. Zuhause ist es halt doch am sch\u00f6nsten\",\"breadcrumb\":{\"@id\":\"https:\\\/\\\/wernerdeck.de\\\/blog\\\/2023\\\/06\\\/03\\\/tag-24-zuerst-aufregung-in-bamberg-koenig-max-i-joseph-von-bayern-und-die-liegende-frau-mit-frucht-verabschieden-uns\\\/#breadcrumb\"},\"inLanguage\":\"de\",\"potentialAction\":[{\"@type\":\"ReadAction\",\"target\":[\"https:\\\/\\\/wernerdeck.de\\\/blog\\\/2023\\\/06\\\/03\\\/tag-24-zuerst-aufregung-in-bamberg-koenig-max-i-joseph-von-bayern-und-die-liegende-frau-mit-frucht-verabschieden-uns\\\/\"]}]},{\"@type\":\"ImageObject\",\"inLanguage\":\"de\",\"@id\":\"https:\\\/\\\/wernerdeck.de\\\/blog\\\/2023\\\/06\\\/03\\\/tag-24-zuerst-aufregung-in-bamberg-koenig-max-i-joseph-von-bayern-und-die-liegende-frau-mit-frucht-verabschieden-uns\\\/#primaryimage\",\"url\":\"https:\\\/\\\/wernerdeck.de\\\/blog\\\/wp-content\\\/uploads\\\/2023\\\/06\\\/Abschied-aus-Bamberg.jpg\",\"contentUrl\":\"https:\\\/\\\/wernerdeck.de\\\/blog\\\/wp-content\\\/uploads\\\/2023\\\/06\\\/Abschied-aus-Bamberg.jpg\",\"width\":1100,\"height\":522,\"caption\":\"Abschied aus Bamberg und Tourende\"},{\"@type\":\"BreadcrumbList\",\"@id\":\"https:\\\/\\\/wernerdeck.de\\\/blog\\\/2023\\\/06\\\/03\\\/tag-24-zuerst-aufregung-in-bamberg-koenig-max-i-joseph-von-bayern-und-die-liegende-frau-mit-frucht-verabschieden-uns\\\/#breadcrumb\",\"itemListElement\":[{\"@type\":\"ListItem\",\"position\":1,\"name\":\"Startseite\",\"item\":\"https:\\\/\\\/wernerdeck.de\\\/blog\\\/\"},{\"@type\":\"ListItem\",\"position\":2,\"name\":\"Tag 24. Zuerst Aufregung in Bamberg. K\u00f6nig Max I. Joseph von Bayern und die Liegende Frau mit Frucht verabschieden uns\"}]},{\"@type\":\"WebSite\",\"@id\":\"https:\\\/\\\/wernerdeck.de\\\/blog\\\/#website\",\"url\":\"https:\\\/\\\/wernerdeck.de\\\/blog\\\/\",\"name\":\"Blog von Werner Deck\",\"description\":\"\",\"publisher\":{\"@id\":\"https:\\\/\\\/wernerdeck.de\\\/blog\\\/#\\\/schema\\\/person\\\/7af62de1f11b0a09297eeb81281e523c\"},\"potentialAction\":[{\"@type\":\"SearchAction\",\"target\":{\"@type\":\"EntryPoint\",\"urlTemplate\":\"https:\\\/\\\/wernerdeck.de\\\/blog\\\/?s={search_term_string}\"},\"query-input\":{\"@type\":\"PropertyValueSpecification\",\"valueRequired\":true,\"valueName\":\"search_term_string\"}}],\"inLanguage\":\"de\"},{\"@type\":[\"Person\",\"Organization\"],\"@id\":\"https:\\\/\\\/wernerdeck.de\\\/blog\\\/#\\\/schema\\\/person\\\/7af62de1f11b0a09297eeb81281e523c\",\"name\":\"Werner Deck\",\"image\":{\"@type\":\"ImageObject\",\"inLanguage\":\"de\",\"@id\":\"https:\\\/\\\/wernerdeck.de\\\/blog\\\/wp-content\\\/uploads\\\/2022\\\/05\\\/Werner-Deck-995x1024.jpg\",\"url\":\"https:\\\/\\\/wernerdeck.de\\\/blog\\\/wp-content\\\/uploads\\\/2022\\\/05\\\/Werner-Deck-995x1024.jpg\",\"contentUrl\":\"https:\\\/\\\/wernerdeck.de\\\/blog\\\/wp-content\\\/uploads\\\/2022\\\/05\\\/Werner-Deck-995x1024.jpg\",\"width\":995,\"height\":1024,\"caption\":\"Werner Deck\"},\"logo\":{\"@id\":\"https:\\\/\\\/wernerdeck.de\\\/blog\\\/wp-content\\\/uploads\\\/2022\\\/05\\\/Werner-Deck-995x1024.jpg\"},\"sameAs\":[\"https:\\\/\\\/wernerdeck.de\\\/blog\",\"https:\\\/\\\/www.facebook.com\\\/werner.deck\\\/\",\"https:\\\/\\\/www.instagram.com\\\/opti_maler_deck\\\/\",\"https:\\\/\\\/www.youtube.com\\\/c\\\/WernerDeck\"],\"url\":\"https:\\\/\\\/wernerdeck.de\\\/blog\\\/author\\\/wernerdeck-de\\\/\"}]}<\/script>\n<!-- \/ Yoast SEO plugin. -->","yoast_head_json":{"title":"Tag 24. Zuerst Aufregung in Bamberg. K\u00f6nig Max I. Joseph von Bayern und die Liegende Frau mit Frucht verabschieden uns - Privater Blog von Werner Deck","description":"Ohne Autoschl\u00fcssel, die hatte ich vergessen, in der Tiefgarage. Unser Abschied aus Bamberg und Tourende. Zuhause ist es halt doch am sch\u00f6nsten","robots":{"index":"index","follow":"follow","max-snippet":"max-snippet:-1","max-image-preview":"max-image-preview:large","max-video-preview":"max-video-preview:-1"},"canonical":"https:\/\/wernerdeck.de\/blog\/2023\/06\/03\/tag-24-zuerst-aufregung-in-bamberg-koenig-max-i-joseph-von-bayern-und-die-liegende-frau-mit-frucht-verabschieden-uns\/","og_locale":"de_DE","og_type":"article","og_title":"Tag 24. Zuerst Aufregung in Bamberg. K\u00f6nig Max I. Joseph von Bayern und die Liegende Frau mit Frucht verabschieden uns - Privater Blog von Werner Deck","og_description":"Ohne Autoschl\u00fcssel, die hatte ich vergessen, in der Tiefgarage. Unser Abschied aus Bamberg und Tourende. Zuhause ist es halt doch am sch\u00f6nsten","og_url":"https:\/\/wernerdeck.de\/blog\/2023\/06\/03\/tag-24-zuerst-aufregung-in-bamberg-koenig-max-i-joseph-von-bayern-und-die-liegende-frau-mit-frucht-verabschieden-uns\/","og_site_name":"Privater Blog von Werner Deck","article_publisher":"https:\/\/www.facebook.com\/werner.deck\/","article_author":"https:\/\/www.facebook.com\/werner.deck\/","article_published_time":"2023-06-03T20:43:17+00:00","article_modified_time":"2023-06-04T08:06:49+00:00","og_image":[{"width":1100,"height":522,"url":"https:\/\/wernerdeck.de\/blog\/wp-content\/uploads\/2023\/06\/Abschied-aus-Bamberg.jpg","type":"image\/jpeg"}],"author":"Werner Deck","twitter_card":"summary_large_image","twitter_misc":{"Verfasst von":"Werner Deck","Gesch\u00e4tzte Lesezeit":"4\u00a0Minuten"},"schema":{"@context":"https:\/\/schema.org","@graph":[{"@type":"Article","@id":"https:\/\/wernerdeck.de\/blog\/2023\/06\/03\/tag-24-zuerst-aufregung-in-bamberg-koenig-max-i-joseph-von-bayern-und-die-liegende-frau-mit-frucht-verabschieden-uns\/#article","isPartOf":{"@id":"https:\/\/wernerdeck.de\/blog\/2023\/06\/03\/tag-24-zuerst-aufregung-in-bamberg-koenig-max-i-joseph-von-bayern-und-die-liegende-frau-mit-frucht-verabschieden-uns\/"},"author":{"name":"Werner Deck","@id":"https:\/\/wernerdeck.de\/blog\/#\/schema\/person\/7af62de1f11b0a09297eeb81281e523c"},"headline":"Tag 24. Zuerst Aufregung in Bamberg. K\u00f6nig Max I. Joseph von Bayern und die Liegende Frau mit Frucht verabschieden uns","datePublished":"2023-06-03T20:43:17+00:00","dateModified":"2023-06-04T08:06:49+00:00","mainEntityOfPage":{"@id":"https:\/\/wernerdeck.de\/blog\/2023\/06\/03\/tag-24-zuerst-aufregung-in-bamberg-koenig-max-i-joseph-von-bayern-und-die-liegende-frau-mit-frucht-verabschieden-uns\/"},"wordCount":733,"commentCount":0,"publisher":{"@id":"https:\/\/wernerdeck.de\/blog\/#\/schema\/person\/7af62de1f11b0a09297eeb81281e523c"},"image":{"@id":"https:\/\/wernerdeck.de\/blog\/2023\/06\/03\/tag-24-zuerst-aufregung-in-bamberg-koenig-max-i-joseph-von-bayern-und-die-liegende-frau-mit-frucht-verabschieden-uns\/#primaryimage"},"thumbnailUrl":"https:\/\/wernerdeck.de\/blog\/wp-content\/uploads\/2023\/06\/Abschied-aus-Bamberg.jpg","keywords":["Deutschlandrundfahrt"],"articleSection":["Reisebericht"],"inLanguage":"de","potentialAction":[{"@type":"CommentAction","name":"Comment","target":["https:\/\/wernerdeck.de\/blog\/2023\/06\/03\/tag-24-zuerst-aufregung-in-bamberg-koenig-max-i-joseph-von-bayern-und-die-liegende-frau-mit-frucht-verabschieden-uns\/#respond"]}]},{"@type":"WebPage","@id":"https:\/\/wernerdeck.de\/blog\/2023\/06\/03\/tag-24-zuerst-aufregung-in-bamberg-koenig-max-i-joseph-von-bayern-und-die-liegende-frau-mit-frucht-verabschieden-uns\/","url":"https:\/\/wernerdeck.de\/blog\/2023\/06\/03\/tag-24-zuerst-aufregung-in-bamberg-koenig-max-i-joseph-von-bayern-und-die-liegende-frau-mit-frucht-verabschieden-uns\/","name":"Tag 24. Zuerst Aufregung in Bamberg. K\u00f6nig Max I. Joseph von Bayern und die Liegende Frau mit Frucht verabschieden uns - Privater Blog von Werner Deck","isPartOf":{"@id":"https:\/\/wernerdeck.de\/blog\/#website"},"primaryImageOfPage":{"@id":"https:\/\/wernerdeck.de\/blog\/2023\/06\/03\/tag-24-zuerst-aufregung-in-bamberg-koenig-max-i-joseph-von-bayern-und-die-liegende-frau-mit-frucht-verabschieden-uns\/#primaryimage"},"image":{"@id":"https:\/\/wernerdeck.de\/blog\/2023\/06\/03\/tag-24-zuerst-aufregung-in-bamberg-koenig-max-i-joseph-von-bayern-und-die-liegende-frau-mit-frucht-verabschieden-uns\/#primaryimage"},"thumbnailUrl":"https:\/\/wernerdeck.de\/blog\/wp-content\/uploads\/2023\/06\/Abschied-aus-Bamberg.jpg","datePublished":"2023-06-03T20:43:17+00:00","dateModified":"2023-06-04T08:06:49+00:00","description":"Ohne Autoschl\u00fcssel, die hatte ich vergessen, in der Tiefgarage. Unser Abschied aus Bamberg und Tourende. Zuhause ist es halt doch am sch\u00f6nsten","breadcrumb":{"@id":"https:\/\/wernerdeck.de\/blog\/2023\/06\/03\/tag-24-zuerst-aufregung-in-bamberg-koenig-max-i-joseph-von-bayern-und-die-liegende-frau-mit-frucht-verabschieden-uns\/#breadcrumb"},"inLanguage":"de","potentialAction":[{"@type":"ReadAction","target":["https:\/\/wernerdeck.de\/blog\/2023\/06\/03\/tag-24-zuerst-aufregung-in-bamberg-koenig-max-i-joseph-von-bayern-und-die-liegende-frau-mit-frucht-verabschieden-uns\/"]}]},{"@type":"ImageObject","inLanguage":"de","@id":"https:\/\/wernerdeck.de\/blog\/2023\/06\/03\/tag-24-zuerst-aufregung-in-bamberg-koenig-max-i-joseph-von-bayern-und-die-liegende-frau-mit-frucht-verabschieden-uns\/#primaryimage","url":"https:\/\/wernerdeck.de\/blog\/wp-content\/uploads\/2023\/06\/Abschied-aus-Bamberg.jpg","contentUrl":"https:\/\/wernerdeck.de\/blog\/wp-content\/uploads\/2023\/06\/Abschied-aus-Bamberg.jpg","width":1100,"height":522,"caption":"Abschied aus Bamberg und Tourende"},{"@type":"BreadcrumbList","@id":"https:\/\/wernerdeck.de\/blog\/2023\/06\/03\/tag-24-zuerst-aufregung-in-bamberg-koenig-max-i-joseph-von-bayern-und-die-liegende-frau-mit-frucht-verabschieden-uns\/#breadcrumb","itemListElement":[{"@type":"ListItem","position":1,"name":"Startseite","item":"https:\/\/wernerdeck.de\/blog\/"},{"@type":"ListItem","position":2,"name":"Tag 24. Zuerst Aufregung in Bamberg. K\u00f6nig Max I. Joseph von Bayern und die Liegende Frau mit Frucht verabschieden uns"}]},{"@type":"WebSite","@id":"https:\/\/wernerdeck.de\/blog\/#website","url":"https:\/\/wernerdeck.de\/blog\/","name":"Blog von Werner Deck","description":"","publisher":{"@id":"https:\/\/wernerdeck.de\/blog\/#\/schema\/person\/7af62de1f11b0a09297eeb81281e523c"},"potentialAction":[{"@type":"SearchAction","target":{"@type":"EntryPoint","urlTemplate":"https:\/\/wernerdeck.de\/blog\/?s={search_term_string}"},"query-input":{"@type":"PropertyValueSpecification","valueRequired":true,"valueName":"search_term_string"}}],"inLanguage":"de"},{"@type":["Person","Organization"],"@id":"https:\/\/wernerdeck.de\/blog\/#\/schema\/person\/7af62de1f11b0a09297eeb81281e523c","name":"Werner Deck","image":{"@type":"ImageObject","inLanguage":"de","@id":"https:\/\/wernerdeck.de\/blog\/wp-content\/uploads\/2022\/05\/Werner-Deck-995x1024.jpg","url":"https:\/\/wernerdeck.de\/blog\/wp-content\/uploads\/2022\/05\/Werner-Deck-995x1024.jpg","contentUrl":"https:\/\/wernerdeck.de\/blog\/wp-content\/uploads\/2022\/05\/Werner-Deck-995x1024.jpg","width":995,"height":1024,"caption":"Werner Deck"},"logo":{"@id":"https:\/\/wernerdeck.de\/blog\/wp-content\/uploads\/2022\/05\/Werner-Deck-995x1024.jpg"},"sameAs":["https:\/\/wernerdeck.de\/blog","https:\/\/www.facebook.com\/werner.deck\/","https:\/\/www.instagram.com\/opti_maler_deck\/","https:\/\/www.youtube.com\/c\/WernerDeck"],"url":"https:\/\/wernerdeck.de\/blog\/author\/wernerdeck-de\/"}]}},"_links":{"self":[{"href":"https:\/\/wernerdeck.de\/blog\/wp-json\/wp\/v2\/posts\/8165","targetHints":{"allow":["GET"]}}],"collection":[{"href":"https:\/\/wernerdeck.de\/blog\/wp-json\/wp\/v2\/posts"}],"about":[{"href":"https:\/\/wernerdeck.de\/blog\/wp-json\/wp\/v2\/types\/post"}],"author":[{"embeddable":true,"href":"https:\/\/wernerdeck.de\/blog\/wp-json\/wp\/v2\/users\/1"}],"replies":[{"embeddable":true,"href":"https:\/\/wernerdeck.de\/blog\/wp-json\/wp\/v2\/comments?post=8165"}],"version-history":[{"count":0,"href":"https:\/\/wernerdeck.de\/blog\/wp-json\/wp\/v2\/posts\/8165\/revisions"}],"wp:featuredmedia":[{"embeddable":true,"href":"https:\/\/wernerdeck.de\/blog\/wp-json\/wp\/v2\/media\/8238"}],"wp:attachment":[{"href":"https:\/\/wernerdeck.de\/blog\/wp-json\/wp\/v2\/media?parent=8165"}],"wp:term":[{"taxonomy":"category","embeddable":true,"href":"https:\/\/wernerdeck.de\/blog\/wp-json\/wp\/v2\/categories?post=8165"},{"taxonomy":"post_tag","embeddable":true,"href":"https:\/\/wernerdeck.de\/blog\/wp-json\/wp\/v2\/tags?post=8165"}],"curies":[{"name":"wp","href":"https:\/\/api.w.org\/{rel}","templated":true}]}}