{"id":34674,"date":"2026-07-13T11:56:51","date_gmt":"2026-07-13T09:56:51","guid":{"rendered":"https:\/\/wernerdeck.de\/blog\/?p=34674"},"modified":"2026-07-13T12:28:20","modified_gmt":"2026-07-13T10:28:20","slug":"afd-fragen-realitaetscheck-populismus","status":"publish","type":"post","link":"https:\/\/wernerdeck.de\/blog\/2026\/07\/13\/afd-fragen-realitaetscheck-populismus\/","title":{"rendered":"AfD Argumente Realit\u00e4tscheck. Zwei einfache Fragen an AfD-Anh\u00e4nger \u2013 und das gro\u00dfe Schweigen"},"content":{"rendered":"<p>AfD-Argumente: Realit\u00e4tscheck. Es ist immer wieder dasselbe faszinierende wie erschreckende Schauspiel. Man stellt Anh\u00e4ngern oder Verteidigern der AfD zwei vollkommen harmlose, pr\u00e4zise und pers\u00f6nliche Fragen. Keine Fangfragen, keine ideologischen Fallstricke. Einfach nur zwei Fragen nach der gelebten Realit\u00e4t:<\/p>\n<blockquote><p>\u201eWo geht es Ihnen pers\u00f6nlich momentan schlecht und wo w\u00fcrde es Ihnen pers\u00f6nlich konkret mit einer AfD-Regierung besser gehen? Jeweils ein einziges, greifbares Beispiel gen\u00fcgt.\u201c<\/p><\/blockquote>\n<p>Man sollte meinen, wer mit so viel Inbrunst und Wut f\u00fcr eine politische Kehrtwende k\u00e4mpft, h\u00e4tte sofort eine messerscharfe Antwort parat. Doch weit gefehlt. Die Reaktion folgt einem starren, fast schon rituellen Muster: Es wird ausgewichen, geschwafelt, auf \u201edie da oben\u201c geschimpft und das gro\u00dfe populistische Narrativ ausgerollt. Eine konkrete Antwort auf meine Fragen habe ich noch nie erhalten. <a href=\"https:\/\/wernerdeck.de\/blog\/2026\/06\/22\/afd-facebook-zwei-fragen-keine-antwort\/\" target=\"_blank\" rel=\"noopener\">Stattdessen wird gep\u00f6belt und beleidigt<\/a>.&nbsp;<\/p>\n<p>AfD Argumente Realit\u00e4tscheck. K\u00fcrzlich hatte ich auf Facebook genau so einen Austausch, den ich dir hier ungek\u00fcrzt zeigen m\u00f6chte. Ein Paradebeispiel daf\u00fcr, wie der Versuch eines sachlichen Dialogs an der Wand einge\u00fcbter Parteiparolen zerschellt. Nachstehend die Originaldiskussion, inklusive der Rechtschreibfehler.<\/p>\n<hr>\n<p style=\"padding-left: 40px;\"><span style=\"font-weight: 400;\"><strong>Ein Unternehmer antwortet:<\/strong> <\/span><span style=\"font-weight: 400;\">Mir fallen da spontan gleich Gr\u00fcnde ein: Die sich laufend erh\u00f6hende CO2 Steuer kostet mein Geld, die zu hohe Energiesteuer kostet mein Geld, die exorbitant angestiegenen Energiekosten kosten mein Geld und ruinieren energieintensive Unternehmen, die sich laufend eh\u00f6henden Sozialversicherungsbeitr\u00e4ge kosten mein Geld, die immer geringer werdenden Leistungen der gesetzlichen Krankenversicherung kosten mein Geld. Ich bin kein Rentner, deshalb betrifft mich die Rentensituation (noch) nicht. Die Abzocke unserer Raubritter-Regierung ist im Geldbeutel angekommen&#8230; Sollte die AfD in Regierungsverantwortung kommen, denke ich, da\u00df sich mein Geldbeutel wieder etwas mehr f\u00fcllen w\u00fcrde. Ihre Fragen im Text zum Post sind somit beantwortet.<\/span><\/p>\n<hr style=\"padding-left: 40px;\">\n<p style=\"padding-left: 40px;\"><strong><span style=\"font-size: inherit;\">Werner Deck: <\/span><\/strong><span style=\"font-weight: 400;\">Vielen Dank f\u00fcr Ihre ausf\u00fchrliche R\u00fcckmeldung. Sie listen v\u00f6llig legitime, klassische Unternehmer-Sorgen auf: Steuern, Energie- und Lohnnebenkosten. Ihre Antwort beschreibt allerdings, was Sie sich erhoffen \u2013 sie ist ein Wunschzettel, aber keine Antwort auf meine beiden konkreten Fragen.<\/span><\/p>\n<p style=\"padding-left: 40px;\"><span style=\"font-weight: 400;\">AfD Argumente Realit\u00e4tscheck. Der Glaube, dass sich unter einer AfD-Regierung Ihr Geldbeutel f\u00fcllt, h\u00e4lt einem Blick auf die harten wirtschaftlichen Fakten und Berechnungen renommierter Institute leider nicht stand. Dazu drei konkrete Punkte:<\/span><\/p>\n<p style=\"padding-left: 40px;\"><span style=\"font-weight: 400;\">\u2013 Die Finanzierungsl\u00fccke: Das Steuermodell der AfD (wie die vorgeschlagene Flat-Tax oder das Streichen von Grund- und Erbschaftsteuer) w\u00fcrde laut Berechnungen des Leibniz-Zentrums f\u00fcr Europ\u00e4ische Wirtschaftsforschung (ZEW) und des Deutschen Instituts f\u00fcr Wirtschaftsforschung (DIW) gigantische L\u00f6cher von rund 50 bis \u00fcber 100 Milliarden Euro in den Staatshaushalt rei\u00dfen. Wo die AfD das einsparen will, sagt sie nicht. Ohne Gegenfinanzierung kollabieren die Infrastruktur und die staatlichen Leistungen, von denen auch Ihr Unternehmen profitiert.<\/span><\/p>\n<p style=\"padding-left: 40px;\"><span style=\"font-weight: 400;\">\u2013 Das Paradoxon f\u00fcr den Mittelstand: Verb\u00e4nde wie \u201eDie Familienunternehmer\u201c warnen explizit vor der AfD-Politik. Die geplante Abschaffung der Rente mit 63 will die AfD behalten, was den Fachkr\u00e4ftemangel massiv versch\u00e4rft und die Sozialversicherungsbeitr\u00e4ge f\u00fcr Unternehmen drastisch nach oben treiben w\u00fcrde (Sch\u00e4tzungen gehen von bis zu 25 % aus). Das Gegenteil von Entlastung.<\/span><\/p>\n<p style=\"padding-left: 40px;\"><span style=\"font-weight: 400;\">\u2013 Der Isolationskurs: Die von der AfD geforderte Abkehr von der EU und internationalen Handelsabkommen w\u00fcrde den Export- und Wirtschaftsstandort Deutschland und somit den industriellen Mittelstand massiv sch\u00e4digen.<\/span><\/p>\n<p style=\"padding-left: 40px;\"><span style=\"font-weight: 400;\">Ein reiner Hoffnungsglaube f\u00fcllt keine Kassen. Deshalb noch einmal ganz konkret nachgefragt:<\/span><\/p>\n<p style=\"padding-left: 40px;\"><span style=\"font-weight: 400;\">Wo geht es Ihnen ganz pers\u00f6nlich momentan schlecht (gemessen an Ihrer realen Lebenssituation, nicht an der allgemeinen Unzufriedenheit) und wo w\u00fcrde es Ihnen pers\u00f6nlich konkret (unter Ber\u00fccksichtigung der realen Wirtschaftskonsequenzen) mit einer AfD-Regierung besser gehen? Ein einziges, greifbares Beispiel gen\u00fcgt mir v\u00f6llig.<\/span><\/p>\n<hr style=\"padding-left: 40px;\">\n<p style=\"padding-left: 40px;\"><span style=\"font-weight: 400;\"><strong>Ein Unternehmer antwortet:<\/strong>&nbsp;<\/span><span style=\"font-weight: 400;\">Nachdem die AfD bisher noch nicht in Regierungsverantwortung war, bleibt, sollte sie dorthin kommen, vorerst nichts anderes, als die Hofnung auf \u00c4nderung. Sie haben Recht, es geht uns allen noch gut. Nur wird das nicht so bleiben. Was mich pers\u00f6nlich jetzt und seit geraumer Zeit \u00e4rgert, ist die Erhebung der CO2 Steuer, die durch milliardenverschlingendene Bereiche des t\u00e4glichen (wirtschaftlichen) Lebens geht. Mir wird sie auch abgekn\u00f6pft. Ich frage mich f\u00fcr was? Sie ist lediglich ein Mittel, noch mehr Steuern einzunehmen und verteuert das Leben St\u00fcck f\u00fcr St\u00fcck immer mehr. F\u00fcr mich ist sie Betrug und Abzocke am B\u00fcrger. Und apropos Finanzierungsl\u00fccke: Sie erw\u00e4hnen mit keinem Wort die 11 j\u00e4hrigeAnwesenheit und weitere Zuwanderung von &#8222;Fl\u00fcchtlingen&#8220; und die Summen, die f\u00fcr deren Unterhalt aufgewendet werden, auch seit mehr als vier Jahren die Kriegsfl\u00fcchtlinge aus der Ukraine und die finanzielle und materielle Unterst\u00fctzung dieses milliardenverschlingenden Krieges und dortigen faschistischen und korrupten Regimes, was uns in keiner Weise tangieren sollte, weil unsere Freiheit dort nicht verteidigt wird. Sie haben auch nicht die ruin\u00f6se Eingliederung der gesamten B\u00fcrgergeldempf\u00e4nger, in unsere Sozialsysteme, f\u00fcr die der Staat nur eine l\u00e4cherliche Ausgleichssumme bezahlt und allein die gesetzlichen Krankenkassen ein Minus von 12 Milliarden aufweisen. Wer soll das wohl ausgleichen? Nat\u00fcrlich die treudeutschdoofen Beitragszahler durch massive Erh\u00f6hung ihrer Krankenversicherungsbeitr\u00e4ge, der Staat weigert sich, aus Steuermitteln das Minus auszugleichen. Er schiebt die Verantworung an die gesetzlich Versicherten ab, die steuerlich schon am Rande ihrer Belastbarkeit sind, und nun den Fehlbetrag mit ihren Beitr\u00e4gen direkt ausgleichen sollen. Ich habe sicher einiges vergessen hier aufzuf\u00fchren, aber unsere Kommentare sprengen bereits den hier \u00fcblichen Rahmen und \u00e4ndern nichts an der Gesamtproblematik. Mein Res\u00fcme zu all den immer gr\u00f6\u00dfer werdenden Problemen, der Abzocke am B\u00fcrger und den immer geringer werdenden Leistungen: Es mu\u00df sich was \u00e4ndern und zwar schnell! Das ist nur mit einer neuen, unbelasteten, anderen Regierungsmannschaft zu schaffen. Diese L\u00fcgner, Steuergeldverschwender, am-B\u00fcrger-vorbei-Regierer und Kriegstreiber, die jetzt noch das Sagen haben, m\u00fcssen zeitnah abgew\u00e4hlt werden. Ich war bisher noch kein AfD W\u00e4hler.<\/span><\/p>\n<hr style=\"padding-left: 40px;\">\n<p style=\"padding-left: 40px;\"><span style=\"font-weight: 400;\"><strong>Werner Deck:<\/strong>&nbsp;<\/span><span style=\"font-weight: 400;\">Ich halte fest: Auch im zweiten Anlauf k\u00f6nnen oder wollen Sie meine zwei konkreten Fragen zu Ihrer pers\u00f6nlichen Lebenssituation und den realen Wirtschaftskonsequenzen einer AfD-Beteiligung nicht beantworten. Stattdessen fl\u00fcchten Sie sich in das klassische, populistische Narrativ der AfD, arbeiten sich an altbekannten Feindbildern ab (Migranten, B\u00fcrgergeldempf\u00e4nger, Ukraine-Unterst\u00fctzung) und bedienen am Ende sogar die kremltreue Rhetorik von den angeblichen \u201eKriegstreibern\u201c in Berlin und einem \u201efaschistischen Regime\u201c in Kiew.<\/span><\/p>\n<p style=\"padding-left: 40px;\"><span style=\"font-weight: 400;\">Damit ist eigentlich alles gesagt. Wer ernsthaft glaubt, dass eine Partei, die vom Verfassungsschutz in Teilen als gesichert rechtsextrem eingestuft wird, die den Austritt aus der EU (Dexit) fordert und deren Spitzenpersonal offen mit v\u00f6lkischem Gedankengut sympathisiert, eine \u201eunbelastete\u201c Alternative f\u00fcr den wirtschaftlichen Mittelstand sei, ignoriert die Realit\u00e4t. Eine Regierungsverantwortung dieser Partei w\u00e4re kein wirtschaftlicher Aufschwung, sondern das sichere Rezept f\u00fcr Isolation, den finalen Kollaps unseres Fachkr\u00e4ftemarktes und den Ruin unseres Wirtschaftsstandortes. Das darf niemals passieren.<\/span><\/p>\n<p style=\"padding-left: 40px;\"><span style=\"font-weight: 400;\">Da Sie keine greifbaren Antworten auf meine Fragen haben und wir uns beim Abspulen von Parteiparolen im Kreis drehen, ist diese Diskussion f\u00fcr mich an dieser Stelle beendet.<\/span><\/p>\n<p style=\"padding-left: 40px;\"><span style=\"font-weight: 400;\">Alles Gute f\u00fcr Sie.<\/span><\/p>\n<hr style=\"padding-left: 40px;\">\n<p style=\"padding-left: 40px;\"><strong>Ein Unternehmer antwortet: <\/strong><span style=\"font-weight: 400;\">Vielen Dank f\u00fcr Ihren umfangreichen (linientreuen) und auch in diesem Sinne oft und gerne von der Politik, die Sachlage in Deutschland beschreibenden Kommentar. Leider scheinen Sie f\u00fcr das, was in den letzten 21 Jahren an Politik &#8222;abgeliefert&#8220; wurde und welche Folgen sie bescherte, betriebsblind zu sein. Da\u00df die Ukraine und deren Regime in h\u00f6chstem Ma\u00dfe korrupt und in Teilen faschistisch ist, ist belegt (aber nicht durch russische Propaganda). Und eine Regierung, die einer &#8222;Bundeswehr&#8220; vorsteht, die, was ja des \u00f6fteren bereits \u00f6ffentlich gemacht wurde, im Ernstfall kaum handlungsf\u00e4hig ist, bezeichne ich als unf\u00e4hig und gr\u00f6\u00dfenwahnsinnig, wenn sie sich mit Phrasen wie &#8222;kriegst\u00fcchtig werden, Ru\u00dfland wird immer unser Feind sein&#8220; und mit Themen, die unverhohlen einen Krieg gegen Ru\u00dfland geschichtsvergessen, zum Inhalt haben. Ach ja, meine Abgaben an CO2 Steuer betrachte ich als solche, die meine Lebenssituation negativ direkt betreffen. Die AfD will sie, b\u00fcrgerfreundlich, abschaffen. Noch ein sch\u00f6nes Wochenende f\u00fcr Sie.<\/span><\/p>\n<hr>\n<p>AfD Argumente Realit\u00e4tscheck. Das Muster liegt offen zutage: Berechtigte Sorgen eines Unternehmers um Steuern und Energiekosten werden nahtlos in einen emotionalen Wunschzettel verwandelt. Konfrontiert man diesen Wunschzettel dann mit den harten Fakten renommierter Wirtschaftsinstitute \u2013 wie den gigantischen Haushaltsl\u00f6chern, vor denen das DIW warnt, oder dem akuten Fachkraftmangel durch den AfD-Isolationskurs \u2013, kollabiert das Kartenhaus.<\/p>\n<p>Was bleibt, ist der R\u00fcckzug in die altbekannten Feindbilder. Wenn die Argumente f\u00fcr die eigene Tasche fehlen, m\u00fcssen eben Migranten, das B\u00fcrgergeld oder die Au\u00dfenpolitik als Nebelkerzen herhalten. Am Ende bleibt auf die Frage nach der konkreten, pers\u00f6nlichen Verbesserung nur das Prinzip Hoffnung \u2013 und die aggressive Abwertung des Gegen\u00fcbers als \u201elinientreu\u201c oder \u201ebetriebsblind\u201c.<\/p>\n<p>Mein Fazit: Wer eine Partei w\u00e4hlen will, die den Wirtschaftsstandort Deutschland isolieren und den Mittelstand ins Mark treffen w\u00fcrde, darf das in einer Demokratie tun. Aber man sollte den Mut haben, zuzugeben: Konkrete, faktenbasierte Antworten auf die Zukunft unseres Landes hat dieses Projekt nicht. Es lebt ausschlie\u00dflich vom Protest \u2013 und dem lauten Schweigen, wenn es um reale L\u00f6sungen geht. \ud83d\ude21<\/p>\n<hr>\n<p><a href=\"https:\/\/wernerdeck.de\/blog\/2025\/06\/17\/afd-verbot-de-beweise-fuer-das-afd-verbot\/\" target=\"_blank\" rel=\"noopener\">AfD Argumente Realit\u00e4tscheck.<\/a> Ein Blick in das Wahlprogramm der AfD-Bundespartei zur Bundestagswahl 2025 zeigt, dass es <a href=\"https:\/\/www.institut-fuer-menschenrechte.de\/fileadmin\/Redaktion\/Publikationen\/Weitere_Publikationen\/Warum_ist_die_AfD_gefaehrlich_ES.pdf\" target=\"_blank\" rel=\"noopener\">keine gute Idee ist, die AfD zu w\u00e4hlen.<\/a>&nbsp;<\/p>\n\n<div class=\"ngg-galleryoverview ngg-template-caption\" id=\"ngg-gallery-979030aef8efe38a72309a233ca82dab-34674\">\n\n\t\t\n\t<!-- Thumbnails -->\n\t\t\t\t\t\n\t<div id=\"ngg-image-16182\" class=\"ngg-gallery-thumbnail-box\" style=\"width:33%;\" >\n\t\t<div class=\"ngg-gallery-thumbnail\" >\n\t\t\t<a href=\"https:\/\/wernerdeck.de\/blog\/wp-content\/gallery\/keine-afd-waehlen\/warum-es-keine-gute-idee-ist-afd-zu-waehlen-01.jpg\"\n\t\t\t\ttitle=\" \"\n\t\t\t\tclass=\"ngg-simplelightbox\" rel=\"979030aef8efe38a72309a233ca82dab\" data-image-id=\"16182\" data-src=\"https:\/\/wernerdeck.de\/blog\/wp-content\/gallery\/keine-afd-waehlen\/warum-es-keine-gute-idee-ist-afd-zu-waehlen-01.jpg\" data-thumbnail=\"https:\/\/wernerdeck.de\/blog\/wp-content\/gallery\/keine-afd-waehlen\/thumbs\/thumbs_warum-es-keine-gute-idee-ist-afd-zu-waehlen-01.jpg\" data-title=\"Ein Blick in das Wahlprogramm der AfD-Bundespartei zur Bundestagswahl 2025 zeigt, dass es keine gute Idee ist, die AfD zu w\u00e4hlen.\u00a0\" data-description=\" \" >\n\t\t\t\t\t\t\t\t<img title=\"Ein Blick in das Wahlprogramm der AfD-Bundespartei zur Bundestagswahl 2025 zeigt, dass es keine gute Idee ist, die AfD zu w\u00e4hlen.\u00a0\" alt=\"Ein Blick in das Wahlprogramm der AfD-Bundespartei zur Bundestagswahl 2025 zeigt, dass es keine gute Idee ist, die AfD zu w\u00e4hlen.\u00a0\" src=\"https:\/\/wernerdeck.de\/blog\/wp-content\/gallery\/keine-afd-waehlen\/thumbs\/thumbs_warum-es-keine-gute-idee-ist-afd-zu-waehlen-01.jpg\" width='240' height='160' \/>\n\t\t\t\t\t\t\t<\/a>\n\t\t\t<span>\n\t\t\t \t\t\t<\/span>\n\t\t<\/div>\n\t<\/div>\n\t\t\t\t\t\t\t\t\n\t<div id=\"ngg-image-16183\" class=\"ngg-gallery-thumbnail-box\" style=\"width:33%;\" >\n\t\t<div class=\"ngg-gallery-thumbnail\" >\n\t\t\t<a href=\"https:\/\/wernerdeck.de\/blog\/wp-content\/gallery\/keine-afd-waehlen\/warum-es-keine-gute-idee-ist-afd-zu-waehlen-04.jpg\"\n\t\t\t\ttitle=\" \"\n\t\t\t\tclass=\"ngg-simplelightbox\" rel=\"979030aef8efe38a72309a233ca82dab\" data-image-id=\"16183\" data-src=\"https:\/\/wernerdeck.de\/blog\/wp-content\/gallery\/keine-afd-waehlen\/warum-es-keine-gute-idee-ist-afd-zu-waehlen-04.jpg\" data-thumbnail=\"https:\/\/wernerdeck.de\/blog\/wp-content\/gallery\/keine-afd-waehlen\/thumbs\/thumbs_warum-es-keine-gute-idee-ist-afd-zu-waehlen-04.jpg\" data-title=\"Ein Blick in das Wahlprogramm der AfD-Bundespartei zur Bundestagswahl 2025 zeigt, dass es keine gute Idee ist, die AfD zu w\u00e4hlen.\u00a0\" data-description=\" \" >\n\t\t\t\t\t\t\t\t<img title=\"Ein Blick in das Wahlprogramm der AfD-Bundespartei zur Bundestagswahl 2025 zeigt, dass es keine gute Idee ist, die AfD zu w\u00e4hlen.\u00a0\" alt=\"Ein Blick in das Wahlprogramm der AfD-Bundespartei zur Bundestagswahl 2025 zeigt, dass es keine gute Idee ist, die AfD zu w\u00e4hlen.\u00a0\" src=\"https:\/\/wernerdeck.de\/blog\/wp-content\/gallery\/keine-afd-waehlen\/thumbs\/thumbs_warum-es-keine-gute-idee-ist-afd-zu-waehlen-04.jpg\" width='240' height='160' \/>\n\t\t\t\t\t\t\t<\/a>\n\t\t\t<span>\n\t\t\t \t\t\t<\/span>\n\t\t<\/div>\n\t<\/div>\n\t\t\t\t\t\t\t\t\n\t<div id=\"ngg-image-16179\" class=\"ngg-gallery-thumbnail-box\" style=\"width:33%;\" >\n\t\t<div class=\"ngg-gallery-thumbnail\" >\n\t\t\t<a href=\"https:\/\/wernerdeck.de\/blog\/wp-content\/gallery\/keine-afd-waehlen\/warum-es-keine-gute-idee-ist-afd-zu-waehlen-07.jpg\"\n\t\t\t\ttitle=\" \"\n\t\t\t\tclass=\"ngg-simplelightbox\" rel=\"979030aef8efe38a72309a233ca82dab\" data-image-id=\"16179\" data-src=\"https:\/\/wernerdeck.de\/blog\/wp-content\/gallery\/keine-afd-waehlen\/warum-es-keine-gute-idee-ist-afd-zu-waehlen-07.jpg\" data-thumbnail=\"https:\/\/wernerdeck.de\/blog\/wp-content\/gallery\/keine-afd-waehlen\/thumbs\/thumbs_warum-es-keine-gute-idee-ist-afd-zu-waehlen-07.jpg\" data-title=\"Ein Blick in das Wahlprogramm der AfD-Bundespartei zur Bundestagswahl 2025 zeigt, dass es keine gute Idee ist, die AfD zu w\u00e4hlen.\u00a0\" data-description=\" \" >\n\t\t\t\t\t\t\t\t<img title=\"Ein Blick in das Wahlprogramm der AfD-Bundespartei zur Bundestagswahl 2025 zeigt, dass es keine gute Idee ist, die AfD zu w\u00e4hlen.\u00a0\" alt=\"Ein Blick in das Wahlprogramm der AfD-Bundespartei zur Bundestagswahl 2025 zeigt, dass es keine gute Idee ist, die AfD zu w\u00e4hlen.\u00a0\" src=\"https:\/\/wernerdeck.de\/blog\/wp-content\/gallery\/keine-afd-waehlen\/thumbs\/thumbs_warum-es-keine-gute-idee-ist-afd-zu-waehlen-07.jpg\" width='240' height='160' \/>\n\t\t\t\t\t\t\t<\/a>\n\t\t\t<span>\n\t\t\t \t\t\t<\/span>\n\t\t<\/div>\n\t<\/div>\n\t\t\t\t\t\t\t<br style=\"clear: both\" \/>\n\t\t\t\n\t<div id=\"ngg-image-16180\" class=\"ngg-gallery-thumbnail-box\" style=\"width:33%;\" >\n\t\t<div class=\"ngg-gallery-thumbnail\" >\n\t\t\t<a href=\"https:\/\/wernerdeck.de\/blog\/wp-content\/gallery\/keine-afd-waehlen\/warum-es-keine-gute-idee-ist-afd-zu-waehlen-10.jpg\"\n\t\t\t\ttitle=\" \"\n\t\t\t\tclass=\"ngg-simplelightbox\" rel=\"979030aef8efe38a72309a233ca82dab\" data-image-id=\"16180\" data-src=\"https:\/\/wernerdeck.de\/blog\/wp-content\/gallery\/keine-afd-waehlen\/warum-es-keine-gute-idee-ist-afd-zu-waehlen-10.jpg\" data-thumbnail=\"https:\/\/wernerdeck.de\/blog\/wp-content\/gallery\/keine-afd-waehlen\/thumbs\/thumbs_warum-es-keine-gute-idee-ist-afd-zu-waehlen-10.jpg\" data-title=\"Ein Blick in das Wahlprogramm der AfD-Bundespartei zur Bundestagswahl 2025 zeigt, dass es keine gute Idee ist, die AfD zu w\u00e4hlen.\u00a0\" data-description=\" \" >\n\t\t\t\t\t\t\t\t<img title=\"Ein Blick in das Wahlprogramm der AfD-Bundespartei zur Bundestagswahl 2025 zeigt, dass es keine gute Idee ist, die AfD zu w\u00e4hlen.\u00a0\" alt=\"Ein Blick in das Wahlprogramm der AfD-Bundespartei zur Bundestagswahl 2025 zeigt, dass es keine gute Idee ist, die AfD zu w\u00e4hlen.\u00a0\" src=\"https:\/\/wernerdeck.de\/blog\/wp-content\/gallery\/keine-afd-waehlen\/thumbs\/thumbs_warum-es-keine-gute-idee-ist-afd-zu-waehlen-10.jpg\" width='240' height='160' \/>\n\t\t\t\t\t\t\t<\/a>\n\t\t\t<span>\n\t\t\t \t\t\t<\/span>\n\t\t<\/div>\n\t<\/div>\n\t\t\t\t\t\t\t\t\n\t<div id=\"ngg-image-16181\" class=\"ngg-gallery-thumbnail-box\" style=\"width:33%;\" >\n\t\t<div class=\"ngg-gallery-thumbnail\" >\n\t\t\t<a href=\"https:\/\/wernerdeck.de\/blog\/wp-content\/gallery\/keine-afd-waehlen\/warum-es-keine-gute-idee-ist-afd-zu-waehlen-13.jpg\"\n\t\t\t\ttitle=\" \"\n\t\t\t\tclass=\"ngg-simplelightbox\" rel=\"979030aef8efe38a72309a233ca82dab\" data-image-id=\"16181\" data-src=\"https:\/\/wernerdeck.de\/blog\/wp-content\/gallery\/keine-afd-waehlen\/warum-es-keine-gute-idee-ist-afd-zu-waehlen-13.jpg\" data-thumbnail=\"https:\/\/wernerdeck.de\/blog\/wp-content\/gallery\/keine-afd-waehlen\/thumbs\/thumbs_warum-es-keine-gute-idee-ist-afd-zu-waehlen-13.jpg\" data-title=\"Ein Blick in das Wahlprogramm der AfD-Bundespartei zur Bundestagswahl 2025 zeigt, dass es keine gute Idee ist, die AfD zu w\u00e4hlen.\u00a0\" data-description=\" \" >\n\t\t\t\t\t\t\t\t<img title=\"Ein Blick in das Wahlprogramm der AfD-Bundespartei zur Bundestagswahl 2025 zeigt, dass es keine gute Idee ist, die AfD zu w\u00e4hlen.\u00a0\" alt=\"Ein Blick in das Wahlprogramm der AfD-Bundespartei zur Bundestagswahl 2025 zeigt, dass es keine gute Idee ist, die AfD zu w\u00e4hlen.\u00a0\" src=\"https:\/\/wernerdeck.de\/blog\/wp-content\/gallery\/keine-afd-waehlen\/thumbs\/thumbs_warum-es-keine-gute-idee-ist-afd-zu-waehlen-13.jpg\" width='240' height='160' \/>\n\t\t\t\t\t\t\t<\/a>\n\t\t\t<span>\n\t\t\t \t\t\t<\/span>\n\t\t<\/div>\n\t<\/div>\n\t\t\t\t\t\t\t\t\n\t<!-- Pagination -->\n\t\t<div class='ngg-clear'><\/div>\t\n<\/div>\n\n\t\n","protected":false},"excerpt":{"rendered":"<p>AfD-Argumente: Realit\u00e4tscheck. Es ist immer wieder dasselbe faszinierende wie erschreckende Schauspiel. Man stellt Anh\u00e4ngern oder Verteidigern der AfD zwei vollkommen harmlose, pr\u00e4zise und pers\u00f6nliche Fragen. Keine Fangfragen, keine ideologischen Fallstricke. Einfach nur zwei Fragen nach der gelebten Realit\u00e4t: \u201eWo geht es Ihnen pers\u00f6nlich momentan schlecht und wo w\u00fcrde es Ihnen pers\u00f6nlich konkret mit einer AfD-Regierung &#8230; <a title=\"AfD Argumente Realit\u00e4tscheck. Zwei einfache Fragen an AfD-Anh\u00e4nger \u2013 und das gro\u00dfe Schweigen\" class=\"read-more\" href=\"https:\/\/wernerdeck.de\/blog\/2026\/07\/13\/afd-fragen-realitaetscheck-populismus\/\" aria-label=\"Mehr Informationen \u00fcber AfD Argumente Realit\u00e4tscheck. Zwei einfache Fragen an AfD-Anh\u00e4nger \u2013 und das gro\u00dfe Schweigen\">Weiterlesen<\/a><\/p>\n","protected":false},"author":1,"featured_media":34689,"comment_status":"open","ping_status":"open","sticky":false,"template":"","format":"standard","meta":{"ngg_post_thumbnail":0,"iawp_total_views":22,"footnotes":""},"categories":[513,36],"tags":[630,754,1906,1907,1908,1459,1905,1904],"class_list":["post-34674","post","type-post","status-publish","format-standard","has-post-thumbnail","hentry","category-nein-zur-afd","category-social-media","tag-noafd","tag-afd","tag-diskussionskultur","tag-mittelstand","tag-niemals-afd","tag-populismus","tag-realitaetscheck","tag-wirtschaftsfakten"],"yoast_head":"<!-- This site is optimized with the Yoast SEO plugin v28.4 - https:\/\/yoast.com\/product\/yoast-seo-wordpress\/ -->\n<title>AfD Argumente Realit\u00e4tscheck. Zwei einfache Fragen an AfD-Anh\u00e4nger \u2013 und das gro\u00dfe Schweigen - Privater Blog von Werner Deck<\/title>\n<meta name=\"description\" content=\"AfD Argumente Realit\u00e4tscheck. Zwei ganz konkrete Fragen zur eigenen Lebenssituation. Ein Realit\u00e4tscheck, der Populismus ad absurdum f\u00fchrt.\" \/>\n<meta name=\"robots\" content=\"index, follow, max-snippet:-1, max-image-preview:large, max-video-preview:-1\" \/>\n<link rel=\"canonical\" href=\"https:\/\/wernerdeck.de\/blog\/2026\/07\/13\/afd-fragen-realitaetscheck-populismus\/\" \/>\n<meta property=\"og:locale\" content=\"de_DE\" \/>\n<meta property=\"og:type\" content=\"article\" \/>\n<meta property=\"og:title\" content=\"AfD Argumente Realit\u00e4tscheck. Zwei einfache Fragen an AfD-Anh\u00e4nger \u2013 und das gro\u00dfe Schweigen - Privater Blog von Werner Deck\" \/>\n<meta property=\"og:description\" content=\"AfD Argumente Realit\u00e4tscheck. Zwei ganz konkrete Fragen zur eigenen Lebenssituation. Ein Realit\u00e4tscheck, der Populismus ad absurdum f\u00fchrt.\" \/>\n<meta property=\"og:url\" content=\"https:\/\/wernerdeck.de\/blog\/2026\/07\/13\/afd-fragen-realitaetscheck-populismus\/\" \/>\n<meta property=\"og:site_name\" content=\"Privater Blog von Werner Deck\" \/>\n<meta property=\"article:publisher\" content=\"https:\/\/www.facebook.com\/werner.deck\/\" \/>\n<meta property=\"article:author\" content=\"https:\/\/www.facebook.com\/werner.deck\/\" \/>\n<meta property=\"article:published_time\" content=\"2026-07-13T09:56:51+00:00\" \/>\n<meta property=\"article:modified_time\" content=\"2026-07-13T10:28:20+00:00\" \/>\n<meta property=\"og:image\" content=\"https:\/\/wernerdeck.de\/blog\/wp-content\/uploads\/2026\/07\/afd-argumente-im-realitaetscheck-fragen-bleiben-ohne-antwort.png\" \/>\n\t<meta property=\"og:image:width\" content=\"1199\" \/>\n\t<meta property=\"og:image:height\" content=\"628\" \/>\n\t<meta property=\"og:image:type\" content=\"image\/png\" \/>\n<meta name=\"author\" content=\"Werner Deck\" \/>\n<meta name=\"twitter:card\" content=\"summary_large_image\" \/>\n<meta name=\"twitter:label1\" content=\"Verfasst von\" \/>\n\t<meta name=\"twitter:data1\" content=\"Werner Deck\" \/>\n\t<meta name=\"twitter:label2\" content=\"Gesch\u00e4tzte Lesezeit\" \/>\n\t<meta name=\"twitter:data2\" content=\"8\u00a0Minuten\" \/>\n<script type=\"application\/ld+json\" class=\"yoast-schema-graph\">{\"@context\":\"https:\\\/\\\/schema.org\",\"@graph\":[{\"@type\":\"Article\",\"@id\":\"https:\\\/\\\/wernerdeck.de\\\/blog\\\/2026\\\/07\\\/13\\\/afd-fragen-realitaetscheck-populismus\\\/#article\",\"isPartOf\":{\"@id\":\"https:\\\/\\\/wernerdeck.de\\\/blog\\\/2026\\\/07\\\/13\\\/afd-fragen-realitaetscheck-populismus\\\/\"},\"author\":{\"name\":\"Werner Deck\",\"@id\":\"https:\\\/\\\/wernerdeck.de\\\/blog\\\/#\\\/schema\\\/person\\\/7af62de1f11b0a09297eeb81281e523c\"},\"headline\":\"AfD Argumente Realit\u00e4tscheck. Zwei einfache Fragen an AfD-Anh\u00e4nger \u2013 und das gro\u00dfe Schweigen\",\"datePublished\":\"2026-07-13T09:56:51+00:00\",\"dateModified\":\"2026-07-13T10:28:20+00:00\",\"mainEntityOfPage\":{\"@id\":\"https:\\\/\\\/wernerdeck.de\\\/blog\\\/2026\\\/07\\\/13\\\/afd-fragen-realitaetscheck-populismus\\\/\"},\"wordCount\":1551,\"commentCount\":0,\"publisher\":{\"@id\":\"https:\\\/\\\/wernerdeck.de\\\/blog\\\/#\\\/schema\\\/person\\\/7af62de1f11b0a09297eeb81281e523c\"},\"image\":{\"@id\":\"https:\\\/\\\/wernerdeck.de\\\/blog\\\/2026\\\/07\\\/13\\\/afd-fragen-realitaetscheck-populismus\\\/#primaryimage\"},\"thumbnailUrl\":\"https:\\\/\\\/wernerdeck.de\\\/blog\\\/wp-content\\\/uploads\\\/2026\\\/07\\\/afd-argumente-im-realitaetscheck-fragen-bleiben-ohne-antwort.png\",\"keywords\":[\"#NoAfD\",\"AfD\",\"Diskussionskultur\",\"Mittelstand\",\"Niemals AfD\",\"Populismus\",\"Realit\u00e4tscheck\",\"Wirtschaftsfakten\"],\"articleSection\":[\"Nein zur AfD\",\"Social Media\"],\"inLanguage\":\"de\",\"potentialAction\":[{\"@type\":\"CommentAction\",\"name\":\"Comment\",\"target\":[\"https:\\\/\\\/wernerdeck.de\\\/blog\\\/2026\\\/07\\\/13\\\/afd-fragen-realitaetscheck-populismus\\\/#respond\"]}]},{\"@type\":\"WebPage\",\"@id\":\"https:\\\/\\\/wernerdeck.de\\\/blog\\\/2026\\\/07\\\/13\\\/afd-fragen-realitaetscheck-populismus\\\/\",\"url\":\"https:\\\/\\\/wernerdeck.de\\\/blog\\\/2026\\\/07\\\/13\\\/afd-fragen-realitaetscheck-populismus\\\/\",\"name\":\"AfD Argumente Realit\u00e4tscheck. Zwei einfache Fragen an AfD-Anh\u00e4nger \u2013 und das gro\u00dfe Schweigen - Privater Blog von Werner Deck\",\"isPartOf\":{\"@id\":\"https:\\\/\\\/wernerdeck.de\\\/blog\\\/#website\"},\"primaryImageOfPage\":{\"@id\":\"https:\\\/\\\/wernerdeck.de\\\/blog\\\/2026\\\/07\\\/13\\\/afd-fragen-realitaetscheck-populismus\\\/#primaryimage\"},\"image\":{\"@id\":\"https:\\\/\\\/wernerdeck.de\\\/blog\\\/2026\\\/07\\\/13\\\/afd-fragen-realitaetscheck-populismus\\\/#primaryimage\"},\"thumbnailUrl\":\"https:\\\/\\\/wernerdeck.de\\\/blog\\\/wp-content\\\/uploads\\\/2026\\\/07\\\/afd-argumente-im-realitaetscheck-fragen-bleiben-ohne-antwort.png\",\"datePublished\":\"2026-07-13T09:56:51+00:00\",\"dateModified\":\"2026-07-13T10:28:20+00:00\",\"description\":\"AfD Argumente Realit\u00e4tscheck. Zwei ganz konkrete Fragen zur eigenen Lebenssituation. Ein Realit\u00e4tscheck, der Populismus ad absurdum f\u00fchrt.\",\"breadcrumb\":{\"@id\":\"https:\\\/\\\/wernerdeck.de\\\/blog\\\/2026\\\/07\\\/13\\\/afd-fragen-realitaetscheck-populismus\\\/#breadcrumb\"},\"inLanguage\":\"de\",\"potentialAction\":[{\"@type\":\"ReadAction\",\"target\":[\"https:\\\/\\\/wernerdeck.de\\\/blog\\\/2026\\\/07\\\/13\\\/afd-fragen-realitaetscheck-populismus\\\/\"]}]},{\"@type\":\"ImageObject\",\"inLanguage\":\"de\",\"@id\":\"https:\\\/\\\/wernerdeck.de\\\/blog\\\/2026\\\/07\\\/13\\\/afd-fragen-realitaetscheck-populismus\\\/#primaryimage\",\"url\":\"https:\\\/\\\/wernerdeck.de\\\/blog\\\/wp-content\\\/uploads\\\/2026\\\/07\\\/afd-argumente-im-realitaetscheck-fragen-bleiben-ohne-antwort.png\",\"contentUrl\":\"https:\\\/\\\/wernerdeck.de\\\/blog\\\/wp-content\\\/uploads\\\/2026\\\/07\\\/afd-argumente-im-realitaetscheck-fragen-bleiben-ohne-antwort.png\",\"width\":1199,\"height\":628,\"caption\":\"AfD-Argumente im Realit\u00e4tscheck. Zwei einfache Fragen an AfD-Anh\u00e4nger \u2013 und das gro\u00dfe Schweigen\"},{\"@type\":\"BreadcrumbList\",\"@id\":\"https:\\\/\\\/wernerdeck.de\\\/blog\\\/2026\\\/07\\\/13\\\/afd-fragen-realitaetscheck-populismus\\\/#breadcrumb\",\"itemListElement\":[{\"@type\":\"ListItem\",\"position\":1,\"name\":\"Startseite\",\"item\":\"https:\\\/\\\/wernerdeck.de\\\/blog\\\/\"},{\"@type\":\"ListItem\",\"position\":2,\"name\":\"AfD Argumente Realit\u00e4tscheck. Zwei einfache Fragen an AfD-Anh\u00e4nger \u2013 und das gro\u00dfe Schweigen\"}]},{\"@type\":\"WebSite\",\"@id\":\"https:\\\/\\\/wernerdeck.de\\\/blog\\\/#website\",\"url\":\"https:\\\/\\\/wernerdeck.de\\\/blog\\\/\",\"name\":\"Blog von Werner Deck\",\"description\":\"\",\"publisher\":{\"@id\":\"https:\\\/\\\/wernerdeck.de\\\/blog\\\/#\\\/schema\\\/person\\\/7af62de1f11b0a09297eeb81281e523c\"},\"potentialAction\":[{\"@type\":\"SearchAction\",\"target\":{\"@type\":\"EntryPoint\",\"urlTemplate\":\"https:\\\/\\\/wernerdeck.de\\\/blog\\\/?s={search_term_string}\"},\"query-input\":{\"@type\":\"PropertyValueSpecification\",\"valueRequired\":true,\"valueName\":\"search_term_string\"}}],\"inLanguage\":\"de\"},{\"@type\":[\"Person\",\"Organization\"],\"@id\":\"https:\\\/\\\/wernerdeck.de\\\/blog\\\/#\\\/schema\\\/person\\\/7af62de1f11b0a09297eeb81281e523c\",\"name\":\"Werner Deck\",\"image\":{\"@type\":\"ImageObject\",\"inLanguage\":\"de\",\"@id\":\"https:\\\/\\\/wernerdeck.de\\\/blog\\\/wp-content\\\/uploads\\\/2022\\\/05\\\/Werner-Deck-995x1024.jpg\",\"url\":\"https:\\\/\\\/wernerdeck.de\\\/blog\\\/wp-content\\\/uploads\\\/2022\\\/05\\\/Werner-Deck-995x1024.jpg\",\"contentUrl\":\"https:\\\/\\\/wernerdeck.de\\\/blog\\\/wp-content\\\/uploads\\\/2022\\\/05\\\/Werner-Deck-995x1024.jpg\",\"width\":995,\"height\":1024,\"caption\":\"Werner Deck\"},\"logo\":{\"@id\":\"https:\\\/\\\/wernerdeck.de\\\/blog\\\/wp-content\\\/uploads\\\/2022\\\/05\\\/Werner-Deck-995x1024.jpg\"},\"sameAs\":[\"https:\\\/\\\/wernerdeck.de\\\/blog\",\"https:\\\/\\\/www.facebook.com\\\/werner.deck\\\/\",\"https:\\\/\\\/www.instagram.com\\\/opti_maler_deck\\\/\",\"https:\\\/\\\/www.youtube.com\\\/c\\\/WernerDeck\"],\"url\":\"https:\\\/\\\/wernerdeck.de\\\/blog\\\/author\\\/wernerdeck-de\\\/\"}]}<\/script>\n<!-- \/ Yoast SEO plugin. -->","yoast_head_json":{"title":"AfD Argumente Realit\u00e4tscheck. Zwei einfache Fragen an AfD-Anh\u00e4nger \u2013 und das gro\u00dfe Schweigen - Privater Blog von Werner Deck","description":"AfD Argumente Realit\u00e4tscheck. Zwei ganz konkrete Fragen zur eigenen Lebenssituation. Ein Realit\u00e4tscheck, der Populismus ad absurdum f\u00fchrt.","robots":{"index":"index","follow":"follow","max-snippet":"max-snippet:-1","max-image-preview":"max-image-preview:large","max-video-preview":"max-video-preview:-1"},"canonical":"https:\/\/wernerdeck.de\/blog\/2026\/07\/13\/afd-fragen-realitaetscheck-populismus\/","og_locale":"de_DE","og_type":"article","og_title":"AfD Argumente Realit\u00e4tscheck. Zwei einfache Fragen an AfD-Anh\u00e4nger \u2013 und das gro\u00dfe Schweigen - Privater Blog von Werner Deck","og_description":"AfD Argumente Realit\u00e4tscheck. Zwei ganz konkrete Fragen zur eigenen Lebenssituation. Ein Realit\u00e4tscheck, der Populismus ad absurdum f\u00fchrt.","og_url":"https:\/\/wernerdeck.de\/blog\/2026\/07\/13\/afd-fragen-realitaetscheck-populismus\/","og_site_name":"Privater Blog von Werner Deck","article_publisher":"https:\/\/www.facebook.com\/werner.deck\/","article_author":"https:\/\/www.facebook.com\/werner.deck\/","article_published_time":"2026-07-13T09:56:51+00:00","article_modified_time":"2026-07-13T10:28:20+00:00","og_image":[{"width":1199,"height":628,"url":"https:\/\/wernerdeck.de\/blog\/wp-content\/uploads\/2026\/07\/afd-argumente-im-realitaetscheck-fragen-bleiben-ohne-antwort.png","type":"image\/png"}],"author":"Werner Deck","twitter_card":"summary_large_image","twitter_misc":{"Verfasst von":"Werner Deck","Gesch\u00e4tzte Lesezeit":"8\u00a0Minuten"},"schema":{"@context":"https:\/\/schema.org","@graph":[{"@type":"Article","@id":"https:\/\/wernerdeck.de\/blog\/2026\/07\/13\/afd-fragen-realitaetscheck-populismus\/#article","isPartOf":{"@id":"https:\/\/wernerdeck.de\/blog\/2026\/07\/13\/afd-fragen-realitaetscheck-populismus\/"},"author":{"name":"Werner Deck","@id":"https:\/\/wernerdeck.de\/blog\/#\/schema\/person\/7af62de1f11b0a09297eeb81281e523c"},"headline":"AfD Argumente Realit\u00e4tscheck. Zwei einfache Fragen an AfD-Anh\u00e4nger \u2013 und das gro\u00dfe Schweigen","datePublished":"2026-07-13T09:56:51+00:00","dateModified":"2026-07-13T10:28:20+00:00","mainEntityOfPage":{"@id":"https:\/\/wernerdeck.de\/blog\/2026\/07\/13\/afd-fragen-realitaetscheck-populismus\/"},"wordCount":1551,"commentCount":0,"publisher":{"@id":"https:\/\/wernerdeck.de\/blog\/#\/schema\/person\/7af62de1f11b0a09297eeb81281e523c"},"image":{"@id":"https:\/\/wernerdeck.de\/blog\/2026\/07\/13\/afd-fragen-realitaetscheck-populismus\/#primaryimage"},"thumbnailUrl":"https:\/\/wernerdeck.de\/blog\/wp-content\/uploads\/2026\/07\/afd-argumente-im-realitaetscheck-fragen-bleiben-ohne-antwort.png","keywords":["#NoAfD","AfD","Diskussionskultur","Mittelstand","Niemals AfD","Populismus","Realit\u00e4tscheck","Wirtschaftsfakten"],"articleSection":["Nein zur AfD","Social Media"],"inLanguage":"de","potentialAction":[{"@type":"CommentAction","name":"Comment","target":["https:\/\/wernerdeck.de\/blog\/2026\/07\/13\/afd-fragen-realitaetscheck-populismus\/#respond"]}]},{"@type":"WebPage","@id":"https:\/\/wernerdeck.de\/blog\/2026\/07\/13\/afd-fragen-realitaetscheck-populismus\/","url":"https:\/\/wernerdeck.de\/blog\/2026\/07\/13\/afd-fragen-realitaetscheck-populismus\/","name":"AfD Argumente Realit\u00e4tscheck. Zwei einfache Fragen an AfD-Anh\u00e4nger \u2013 und das gro\u00dfe Schweigen - Privater Blog von Werner Deck","isPartOf":{"@id":"https:\/\/wernerdeck.de\/blog\/#website"},"primaryImageOfPage":{"@id":"https:\/\/wernerdeck.de\/blog\/2026\/07\/13\/afd-fragen-realitaetscheck-populismus\/#primaryimage"},"image":{"@id":"https:\/\/wernerdeck.de\/blog\/2026\/07\/13\/afd-fragen-realitaetscheck-populismus\/#primaryimage"},"thumbnailUrl":"https:\/\/wernerdeck.de\/blog\/wp-content\/uploads\/2026\/07\/afd-argumente-im-realitaetscheck-fragen-bleiben-ohne-antwort.png","datePublished":"2026-07-13T09:56:51+00:00","dateModified":"2026-07-13T10:28:20+00:00","description":"AfD Argumente Realit\u00e4tscheck. Zwei ganz konkrete Fragen zur eigenen Lebenssituation. Ein Realit\u00e4tscheck, der Populismus ad absurdum f\u00fchrt.","breadcrumb":{"@id":"https:\/\/wernerdeck.de\/blog\/2026\/07\/13\/afd-fragen-realitaetscheck-populismus\/#breadcrumb"},"inLanguage":"de","potentialAction":[{"@type":"ReadAction","target":["https:\/\/wernerdeck.de\/blog\/2026\/07\/13\/afd-fragen-realitaetscheck-populismus\/"]}]},{"@type":"ImageObject","inLanguage":"de","@id":"https:\/\/wernerdeck.de\/blog\/2026\/07\/13\/afd-fragen-realitaetscheck-populismus\/#primaryimage","url":"https:\/\/wernerdeck.de\/blog\/wp-content\/uploads\/2026\/07\/afd-argumente-im-realitaetscheck-fragen-bleiben-ohne-antwort.png","contentUrl":"https:\/\/wernerdeck.de\/blog\/wp-content\/uploads\/2026\/07\/afd-argumente-im-realitaetscheck-fragen-bleiben-ohne-antwort.png","width":1199,"height":628,"caption":"AfD-Argumente im Realit\u00e4tscheck. Zwei einfache Fragen an AfD-Anh\u00e4nger \u2013 und das gro\u00dfe Schweigen"},{"@type":"BreadcrumbList","@id":"https:\/\/wernerdeck.de\/blog\/2026\/07\/13\/afd-fragen-realitaetscheck-populismus\/#breadcrumb","itemListElement":[{"@type":"ListItem","position":1,"name":"Startseite","item":"https:\/\/wernerdeck.de\/blog\/"},{"@type":"ListItem","position":2,"name":"AfD Argumente Realit\u00e4tscheck. Zwei einfache Fragen an AfD-Anh\u00e4nger \u2013 und das gro\u00dfe Schweigen"}]},{"@type":"WebSite","@id":"https:\/\/wernerdeck.de\/blog\/#website","url":"https:\/\/wernerdeck.de\/blog\/","name":"Blog von Werner Deck","description":"","publisher":{"@id":"https:\/\/wernerdeck.de\/blog\/#\/schema\/person\/7af62de1f11b0a09297eeb81281e523c"},"potentialAction":[{"@type":"SearchAction","target":{"@type":"EntryPoint","urlTemplate":"https:\/\/wernerdeck.de\/blog\/?s={search_term_string}"},"query-input":{"@type":"PropertyValueSpecification","valueRequired":true,"valueName":"search_term_string"}}],"inLanguage":"de"},{"@type":["Person","Organization"],"@id":"https:\/\/wernerdeck.de\/blog\/#\/schema\/person\/7af62de1f11b0a09297eeb81281e523c","name":"Werner Deck","image":{"@type":"ImageObject","inLanguage":"de","@id":"https:\/\/wernerdeck.de\/blog\/wp-content\/uploads\/2022\/05\/Werner-Deck-995x1024.jpg","url":"https:\/\/wernerdeck.de\/blog\/wp-content\/uploads\/2022\/05\/Werner-Deck-995x1024.jpg","contentUrl":"https:\/\/wernerdeck.de\/blog\/wp-content\/uploads\/2022\/05\/Werner-Deck-995x1024.jpg","width":995,"height":1024,"caption":"Werner Deck"},"logo":{"@id":"https:\/\/wernerdeck.de\/blog\/wp-content\/uploads\/2022\/05\/Werner-Deck-995x1024.jpg"},"sameAs":["https:\/\/wernerdeck.de\/blog","https:\/\/www.facebook.com\/werner.deck\/","https:\/\/www.instagram.com\/opti_maler_deck\/","https:\/\/www.youtube.com\/c\/WernerDeck"],"url":"https:\/\/wernerdeck.de\/blog\/author\/wernerdeck-de\/"}]}},"_links":{"self":[{"href":"https:\/\/wernerdeck.de\/blog\/wp-json\/wp\/v2\/posts\/34674","targetHints":{"allow":["GET"]}}],"collection":[{"href":"https:\/\/wernerdeck.de\/blog\/wp-json\/wp\/v2\/posts"}],"about":[{"href":"https:\/\/wernerdeck.de\/blog\/wp-json\/wp\/v2\/types\/post"}],"author":[{"embeddable":true,"href":"https:\/\/wernerdeck.de\/blog\/wp-json\/wp\/v2\/users\/1"}],"replies":[{"embeddable":true,"href":"https:\/\/wernerdeck.de\/blog\/wp-json\/wp\/v2\/comments?post=34674"}],"version-history":[{"count":10,"href":"https:\/\/wernerdeck.de\/blog\/wp-json\/wp\/v2\/posts\/34674\/revisions"}],"predecessor-version":[{"id":34692,"href":"https:\/\/wernerdeck.de\/blog\/wp-json\/wp\/v2\/posts\/34674\/revisions\/34692"}],"wp:featuredmedia":[{"embeddable":true,"href":"https:\/\/wernerdeck.de\/blog\/wp-json\/wp\/v2\/media\/34689"}],"wp:attachment":[{"href":"https:\/\/wernerdeck.de\/blog\/wp-json\/wp\/v2\/media?parent=34674"}],"wp:term":[{"taxonomy":"category","embeddable":true,"href":"https:\/\/wernerdeck.de\/blog\/wp-json\/wp\/v2\/categories?post=34674"},{"taxonomy":"post_tag","embeddable":true,"href":"https:\/\/wernerdeck.de\/blog\/wp-json\/wp\/v2\/tags?post=34674"}],"curies":[{"name":"wp","href":"https:\/\/api.w.org\/{rel}","templated":true}]}}