{"id":34507,"date":"2026-07-12T09:19:12","date_gmt":"2026-07-12T07:19:12","guid":{"rendered":"https:\/\/wernerdeck.de\/blog\/?p=34507"},"modified":"2026-07-12T09:19:12","modified_gmt":"2026-07-12T07:19:12","slug":"offenes-atelier-pavel-miguel-berghausen","status":"publish","type":"post","link":"https:\/\/wernerdeck.de\/blog\/2026\/07\/12\/offenes-atelier-pavel-miguel-berghausen\/","title":{"rendered":"Offenes Atelier Pavel Miguel \u2013 Blick hinter die Kulissen"},"content":{"rendered":"<h4>Offenes Atelier bei Pavel Miguel \u2013 Ein Blick hinter die Kulissen einer Monumentalplastik<\/h4>\n<p>Offenes Atelier Pavel Miguel. Gestern stand wieder einmal ein Besuch bei meinem kubanischen <a href=\"https:\/\/www.pavelmiguel.de\/\" target=\"_blank\" rel=\"noopener\">K\u00fcnstlerfreund Pavel Miguel<\/a> auf dem Programm. Anlass war sein zweit\u00e4giges <strong>\u201eOffenes Atelier\u201c<\/strong> in Berghausen. Da das Wetter perfekt zum Radfahren war, schwang ich mich fr\u00fch morgens aufs Fahrrad und radelte die knapp 17 Kilometer von Eggenstein nach Berghausen.<\/p>\n<p><img loading=\"lazy\" decoding=\"async\" class=\" wp-image-34510 alignleft\" src=\"https:\/\/wernerdeck.de\/blog\/wp-content\/uploads\/2026\/07\/offenes-atelier-pavel-miguel-berghausen-2026-16-300x225.jpg\" alt=\"Pavel Miguel beim Offenen Atelier in Berghausen\" width=\"335\" height=\"251\" srcset=\"https:\/\/wernerdeck.de\/blog\/wp-content\/uploads\/2026\/07\/offenes-atelier-pavel-miguel-berghausen-2026-16-300x225.jpg 300w, https:\/\/wernerdeck.de\/blog\/wp-content\/uploads\/2026\/07\/offenes-atelier-pavel-miguel-berghausen-2026-16-1024x768.jpg 1024w, https:\/\/wernerdeck.de\/blog\/wp-content\/uploads\/2026\/07\/offenes-atelier-pavel-miguel-berghausen-2026-16-768x576.jpg 768w, https:\/\/wernerdeck.de\/blog\/wp-content\/uploads\/2026\/07\/offenes-atelier-pavel-miguel-berghausen-2026-16.jpg 1200w\" sizes=\"auto, (max-width: 335px) 100vw, 335px\" \/>Als ich ankam, war ich noch der einzige Besucher. Das war nat\u00fcrlich ideal. So konnte ich mir in aller Ruhe Pavels neueste Werke ansehen und wir hatten ausreichend Zeit, \u00fcber seine aktuellen Projekte zu plaudern.<\/p>\n<p>Wer Pavel kennt, wei\u00df: Bei ihm entstehen <a href=\"https:\/\/wernerdeck.de\/blog\/2026\/03\/15\/vernissage-pavel-miguel-karlsruhe-2026\/\" target=\"_blank\" rel=\"noopener\">keine Kunstwerke von der Stange<\/a>. Seine Skulpturen und Plastiken greifen h\u00e4ufig gesellschaftliche, politische und menschliche Themen auf und regen zum Nachdenken an.<\/p>\n<p>Der in Kuba geborene K\u00fcnstler arbeitet mit unterschiedlichsten Materialien \u2013 von Holz und Bronze bis Keramik und Stein \u2013 und hat sich l\u00e4ngst auch international einen Namen gemacht. Seine Werke waren bereits auf renommierten Ausstellungen und Biennalen zu sehen und zeichnen sich durch eine unverwechselbare Bildsprache aus. Kunst ist f\u00fcr Pavel nie Dekoration, sondern immer auch eine Botschaft.&nbsp;<\/p>\n<p>Einige Impressionen aus Pavels &#8222;Atelier und Sculpture Garden&#8220;<\/p>\n\n<div class=\"ngg-galleryoverview ngg-template-caption\" id=\"ngg-gallery-8d97f6d91c7a33ca911f395286712a5c-34507\">\n\n\t\t\n\t<!-- Thumbnails -->\n\t\t\t\t\t\n\t<div id=\"ngg-image-16080\" class=\"ngg-gallery-thumbnail-box\" style=\"width:25%;\" >\n\t\t<div class=\"ngg-gallery-thumbnail\" >\n\t\t\t<a href=\"https:\/\/wernerdeck.de\/blog\/wp-content\/gallery\/pavel-atelier-01\/offenes-atelier-pavel-miguel-berghausen-2026-03.jpg\"\n\t\t\t\ttitle=\" \"\n\t\t\t\tclass=\"ngg-simplelightbox\" rel=\"8d97f6d91c7a33ca911f395286712a5c\" data-image-id=\"16080\" data-src=\"https:\/\/wernerdeck.de\/blog\/wp-content\/gallery\/pavel-atelier-01\/offenes-atelier-pavel-miguel-berghausen-2026-03.jpg\" data-thumbnail=\"https:\/\/wernerdeck.de\/blog\/wp-content\/gallery\/pavel-atelier-01\/thumbs\/thumbs_offenes-atelier-pavel-miguel-berghausen-2026-03.jpg\" data-title=\"offenes-atelier-pavel-miguel-berghausen-2026-03\" data-description=\" \" >\n\t\t\t\t\t\t\t\t<img title=\"offenes-atelier-pavel-miguel-berghausen-2026-03\" alt=\"offenes-atelier-pavel-miguel-berghausen-2026-03\" src=\"https:\/\/wernerdeck.de\/blog\/wp-content\/gallery\/pavel-atelier-01\/thumbs\/thumbs_offenes-atelier-pavel-miguel-berghausen-2026-03.jpg\" width='240' height='160' \/>\n\t\t\t\t\t\t\t<\/a>\n\t\t\t<span>\n\t\t\t \t\t\t<\/span>\n\t\t<\/div>\n\t<\/div>\n\t\t\t\t\t\t\t\t\n\t<div id=\"ngg-image-16073\" class=\"ngg-gallery-thumbnail-box\" style=\"width:25%;\" >\n\t\t<div class=\"ngg-gallery-thumbnail\" >\n\t\t\t<a href=\"https:\/\/wernerdeck.de\/blog\/wp-content\/gallery\/pavel-atelier-01\/offenes-atelier-pavel-miguel-berghausen-2026-04.jpg\"\n\t\t\t\ttitle=\" \"\n\t\t\t\tclass=\"ngg-simplelightbox\" rel=\"8d97f6d91c7a33ca911f395286712a5c\" data-image-id=\"16073\" data-src=\"https:\/\/wernerdeck.de\/blog\/wp-content\/gallery\/pavel-atelier-01\/offenes-atelier-pavel-miguel-berghausen-2026-04.jpg\" data-thumbnail=\"https:\/\/wernerdeck.de\/blog\/wp-content\/gallery\/pavel-atelier-01\/thumbs\/thumbs_offenes-atelier-pavel-miguel-berghausen-2026-04.jpg\" data-title=\"offenes-atelier-pavel-miguel-berghausen-2026-04\" data-description=\" \" >\n\t\t\t\t\t\t\t\t<img title=\"offenes-atelier-pavel-miguel-berghausen-2026-04\" alt=\"offenes-atelier-pavel-miguel-berghausen-2026-04\" src=\"https:\/\/wernerdeck.de\/blog\/wp-content\/gallery\/pavel-atelier-01\/thumbs\/thumbs_offenes-atelier-pavel-miguel-berghausen-2026-04.jpg\" width='240' height='160' \/>\n\t\t\t\t\t\t\t<\/a>\n\t\t\t<span>\n\t\t\t \t\t\t<\/span>\n\t\t<\/div>\n\t<\/div>\n\t\t\t\t\t\t\t\t\n\t<div id=\"ngg-image-16077\" class=\"ngg-gallery-thumbnail-box\" style=\"width:25%;\" >\n\t\t<div class=\"ngg-gallery-thumbnail\" >\n\t\t\t<a href=\"https:\/\/wernerdeck.de\/blog\/wp-content\/gallery\/pavel-atelier-01\/offenes-atelier-pavel-miguel-berghausen-2026-07.jpg\"\n\t\t\t\ttitle=\" \"\n\t\t\t\tclass=\"ngg-simplelightbox\" rel=\"8d97f6d91c7a33ca911f395286712a5c\" data-image-id=\"16077\" data-src=\"https:\/\/wernerdeck.de\/blog\/wp-content\/gallery\/pavel-atelier-01\/offenes-atelier-pavel-miguel-berghausen-2026-07.jpg\" data-thumbnail=\"https:\/\/wernerdeck.de\/blog\/wp-content\/gallery\/pavel-atelier-01\/thumbs\/thumbs_offenes-atelier-pavel-miguel-berghausen-2026-07.jpg\" data-title=\"offenes-atelier-pavel-miguel-berghausen-2026-07\" data-description=\" \" >\n\t\t\t\t\t\t\t\t<img title=\"offenes-atelier-pavel-miguel-berghausen-2026-07\" alt=\"offenes-atelier-pavel-miguel-berghausen-2026-07\" src=\"https:\/\/wernerdeck.de\/blog\/wp-content\/gallery\/pavel-atelier-01\/thumbs\/thumbs_offenes-atelier-pavel-miguel-berghausen-2026-07.jpg\" width='240' height='160' \/>\n\t\t\t\t\t\t\t<\/a>\n\t\t\t<span>\n\t\t\t \t\t\t<\/span>\n\t\t<\/div>\n\t<\/div>\n\t\t\t\t\t\t\t\t\n\t<div id=\"ngg-image-16078\" class=\"ngg-gallery-thumbnail-box\" style=\"width:25%;\" >\n\t\t<div class=\"ngg-gallery-thumbnail\" >\n\t\t\t<a href=\"https:\/\/wernerdeck.de\/blog\/wp-content\/gallery\/pavel-atelier-01\/offenes-atelier-pavel-miguel-berghausen-2026-10.jpg\"\n\t\t\t\ttitle=\" \"\n\t\t\t\tclass=\"ngg-simplelightbox\" rel=\"8d97f6d91c7a33ca911f395286712a5c\" data-image-id=\"16078\" data-src=\"https:\/\/wernerdeck.de\/blog\/wp-content\/gallery\/pavel-atelier-01\/offenes-atelier-pavel-miguel-berghausen-2026-10.jpg\" data-thumbnail=\"https:\/\/wernerdeck.de\/blog\/wp-content\/gallery\/pavel-atelier-01\/thumbs\/thumbs_offenes-atelier-pavel-miguel-berghausen-2026-10.jpg\" data-title=\"offenes-atelier-pavel-miguel-berghausen-2026-10\" data-description=\" \" >\n\t\t\t\t\t\t\t\t<img title=\"offenes-atelier-pavel-miguel-berghausen-2026-10\" alt=\"offenes-atelier-pavel-miguel-berghausen-2026-10\" src=\"https:\/\/wernerdeck.de\/blog\/wp-content\/gallery\/pavel-atelier-01\/thumbs\/thumbs_offenes-atelier-pavel-miguel-berghausen-2026-10.jpg\" width='240' height='160' \/>\n\t\t\t\t\t\t\t<\/a>\n\t\t\t<span>\n\t\t\t \t\t\t<\/span>\n\t\t<\/div>\n\t<\/div>\n\t\t\t\t\t\t\t<br style=\"clear: both\" \/>\n\t\t\t\n\t<div id=\"ngg-image-16076\" class=\"ngg-gallery-thumbnail-box\" style=\"width:25%;\" >\n\t\t<div class=\"ngg-gallery-thumbnail\" >\n\t\t\t<a href=\"https:\/\/wernerdeck.de\/blog\/wp-content\/gallery\/pavel-atelier-01\/offenes-atelier-pavel-miguel-berghausen-2026-13.jpg\"\n\t\t\t\ttitle=\" \"\n\t\t\t\tclass=\"ngg-simplelightbox\" rel=\"8d97f6d91c7a33ca911f395286712a5c\" data-image-id=\"16076\" data-src=\"https:\/\/wernerdeck.de\/blog\/wp-content\/gallery\/pavel-atelier-01\/offenes-atelier-pavel-miguel-berghausen-2026-13.jpg\" data-thumbnail=\"https:\/\/wernerdeck.de\/blog\/wp-content\/gallery\/pavel-atelier-01\/thumbs\/thumbs_offenes-atelier-pavel-miguel-berghausen-2026-13.jpg\" data-title=\"offenes-atelier-pavel-miguel-berghausen-2026-13\" data-description=\" \" >\n\t\t\t\t\t\t\t\t<img title=\"offenes-atelier-pavel-miguel-berghausen-2026-13\" alt=\"offenes-atelier-pavel-miguel-berghausen-2026-13\" src=\"https:\/\/wernerdeck.de\/blog\/wp-content\/gallery\/pavel-atelier-01\/thumbs\/thumbs_offenes-atelier-pavel-miguel-berghausen-2026-13.jpg\" width='240' height='160' \/>\n\t\t\t\t\t\t\t<\/a>\n\t\t\t<span>\n\t\t\t \t\t\t<\/span>\n\t\t<\/div>\n\t<\/div>\n\t\t\t\t\t\t\t\t\n\t<div id=\"ngg-image-16075\" class=\"ngg-gallery-thumbnail-box\" style=\"width:25%;\" >\n\t\t<div class=\"ngg-gallery-thumbnail\" >\n\t\t\t<a href=\"https:\/\/wernerdeck.de\/blog\/wp-content\/gallery\/pavel-atelier-01\/offenes-atelier-pavel-miguel-berghausen-2026-19.jpg\"\n\t\t\t\ttitle=\" \"\n\t\t\t\tclass=\"ngg-simplelightbox\" rel=\"8d97f6d91c7a33ca911f395286712a5c\" data-image-id=\"16075\" data-src=\"https:\/\/wernerdeck.de\/blog\/wp-content\/gallery\/pavel-atelier-01\/offenes-atelier-pavel-miguel-berghausen-2026-19.jpg\" data-thumbnail=\"https:\/\/wernerdeck.de\/blog\/wp-content\/gallery\/pavel-atelier-01\/thumbs\/thumbs_offenes-atelier-pavel-miguel-berghausen-2026-19.jpg\" data-title=\"offenes-atelier-pavel-miguel-berghausen-2026-19\" data-description=\" \" >\n\t\t\t\t\t\t\t\t<img title=\"offenes-atelier-pavel-miguel-berghausen-2026-19\" alt=\"offenes-atelier-pavel-miguel-berghausen-2026-19\" src=\"https:\/\/wernerdeck.de\/blog\/wp-content\/gallery\/pavel-atelier-01\/thumbs\/thumbs_offenes-atelier-pavel-miguel-berghausen-2026-19.jpg\" width='240' height='160' \/>\n\t\t\t\t\t\t\t<\/a>\n\t\t\t<span>\n\t\t\t \t\t\t<\/span>\n\t\t<\/div>\n\t<\/div>\n\t\t\t\t\t\t\t\t\n\t<div id=\"ngg-image-16074\" class=\"ngg-gallery-thumbnail-box\" style=\"width:25%;\" >\n\t\t<div class=\"ngg-gallery-thumbnail\" >\n\t\t\t<a href=\"https:\/\/wernerdeck.de\/blog\/wp-content\/gallery\/pavel-atelier-01\/offenes-atelier-pavel-miguel-berghausen-2026-22.jpg\"\n\t\t\t\ttitle=\" \"\n\t\t\t\tclass=\"ngg-simplelightbox\" rel=\"8d97f6d91c7a33ca911f395286712a5c\" data-image-id=\"16074\" data-src=\"https:\/\/wernerdeck.de\/blog\/wp-content\/gallery\/pavel-atelier-01\/offenes-atelier-pavel-miguel-berghausen-2026-22.jpg\" data-thumbnail=\"https:\/\/wernerdeck.de\/blog\/wp-content\/gallery\/pavel-atelier-01\/thumbs\/thumbs_offenes-atelier-pavel-miguel-berghausen-2026-22.jpg\" data-title=\"offenes-atelier-pavel-miguel-berghausen-2026-22\" data-description=\" \" >\n\t\t\t\t\t\t\t\t<img title=\"offenes-atelier-pavel-miguel-berghausen-2026-22\" alt=\"offenes-atelier-pavel-miguel-berghausen-2026-22\" src=\"https:\/\/wernerdeck.de\/blog\/wp-content\/gallery\/pavel-atelier-01\/thumbs\/thumbs_offenes-atelier-pavel-miguel-berghausen-2026-22.jpg\" width='240' height='160' \/>\n\t\t\t\t\t\t\t<\/a>\n\t\t\t<span>\n\t\t\t \t\t\t<\/span>\n\t\t<\/div>\n\t<\/div>\n\t\t\t\t\t\t\t\t\n\t<div id=\"ngg-image-16079\" class=\"ngg-gallery-thumbnail-box\" style=\"width:25%;\" >\n\t\t<div class=\"ngg-gallery-thumbnail\" >\n\t\t\t<a href=\"https:\/\/wernerdeck.de\/blog\/wp-content\/gallery\/pavel-atelier-01\/offenes-atelier-pavel-miguel-berghausen-2026-25.jpg\"\n\t\t\t\ttitle=\" \"\n\t\t\t\tclass=\"ngg-simplelightbox\" rel=\"8d97f6d91c7a33ca911f395286712a5c\" data-image-id=\"16079\" data-src=\"https:\/\/wernerdeck.de\/blog\/wp-content\/gallery\/pavel-atelier-01\/offenes-atelier-pavel-miguel-berghausen-2026-25.jpg\" data-thumbnail=\"https:\/\/wernerdeck.de\/blog\/wp-content\/gallery\/pavel-atelier-01\/thumbs\/thumbs_offenes-atelier-pavel-miguel-berghausen-2026-25.jpg\" data-title=\"offenes-atelier-pavel-miguel-berghausen-2026-25\" data-description=\" \" >\n\t\t\t\t\t\t\t\t<img title=\"offenes-atelier-pavel-miguel-berghausen-2026-25\" alt=\"offenes-atelier-pavel-miguel-berghausen-2026-25\" src=\"https:\/\/wernerdeck.de\/blog\/wp-content\/gallery\/pavel-atelier-01\/thumbs\/thumbs_offenes-atelier-pavel-miguel-berghausen-2026-25.jpg\" width='240' height='160' \/>\n\t\t\t\t\t\t\t<\/a>\n\t\t\t<span>\n\t\t\t \t\t\t<\/span>\n\t\t<\/div>\n\t<\/div>\n\t\t\t\t\t\t\t<br style=\"clear: both\" \/>\n\t\t\t\n\t<!-- Pagination -->\n\t\t<div class='ngg-clear'><\/div>\t\n<\/div>\n\n\t\n<h4>&#8222;Europa, der letzte Wurf&#8220;<\/h4>\n<p>Im Mittelpunkt unseres Gespr\u00e4chs stand seine neueste Monumentalplastik <strong>\u201eEuropa, der letzte Wurf\u201c<\/strong>. Noch befindet sich das Werk in der Entstehungsphase. Damit das Material nicht austrocknet, war die Skulptur zun\u00e4chst vollst\u00e4ndig unter feuchten T\u00fcchern verborgen. Ehrlich gesagt: Ich war nat\u00fcrlich gespannt wie ein Flitzebogen.<\/p>\n<p>Nach einiger Zeit l\u00fcftete Pavel die feuchten T\u00fccher und gab den Blick auf seine beeindruckende Arbeit frei. Immer wieder befeuchtete er die Oberfl\u00e4che sorgf\u00e4ltig und arbeitete konzentriert weiter an den letzten Details. Es ist faszinierend zu beobachten, wie aus einer Idee Schritt f\u00fcr Schritt ein monumentales Kunstwerk entsteht.<\/p>\n<p>Impressionen der Enth\u00fcllung der noch unfertigen Plastik.<\/p>\n<p>\n<div class=\"ngg-galleryoverview ngg-template-caption\" id=\"ngg-gallery-632ff09916c4c3a8ceaeb1e12d1756f8-34507\">\n\n\t\t\n\t<!-- Thumbnails -->\n\t\t\t\t\t\n\t<div id=\"ngg-image-16081\" class=\"ngg-gallery-thumbnail-box\" style=\"width:25%;\" >\n\t\t<div class=\"ngg-gallery-thumbnail\" >\n\t\t\t<a href=\"https:\/\/wernerdeck.de\/blog\/wp-content\/gallery\/pavel-atelier-02\/offenes-atelier-pavel-miguel-berghausen-2026-34.jpg\"\n\t\t\t\ttitle=\"Europa, noch verh\u00fcllt\"\n\t\t\t\tclass=\"ngg-simplelightbox\" rel=\"632ff09916c4c3a8ceaeb1e12d1756f8\" data-image-id=\"16081\" data-src=\"https:\/\/wernerdeck.de\/blog\/wp-content\/gallery\/pavel-atelier-02\/offenes-atelier-pavel-miguel-berghausen-2026-34.jpg\" data-thumbnail=\"https:\/\/wernerdeck.de\/blog\/wp-content\/gallery\/pavel-atelier-02\/thumbs\/thumbs_offenes-atelier-pavel-miguel-berghausen-2026-34.jpg\" data-title=\"Monumentalplastik \u201eEuropa, der letzte Wurf\u201c w\u00e4hrend der Entstehung im Atelier\" data-description=\"Europa, noch verh\u00fcllt\" >\n\t\t\t\t\t\t\t\t<img title=\"Monumentalplastik \u201eEuropa, der letzte Wurf\u201c w\u00e4hrend der Entstehung im Atelier\" alt=\"Monumentalplastik \u201eEuropa, der letzte Wurf\u201c w\u00e4hrend der Entstehung im Atelier\" src=\"https:\/\/wernerdeck.de\/blog\/wp-content\/gallery\/pavel-atelier-02\/thumbs\/thumbs_offenes-atelier-pavel-miguel-berghausen-2026-34.jpg\" width='240' height='160' \/>\n\t\t\t\t\t\t\t<\/a>\n\t\t\t<span>\n\t\t\tEuropa, noch verh\u00fcllt\t\t\t<\/span>\n\t\t<\/div>\n\t<\/div>\n\t\t\t\t\t\t\t\t\n\t<div id=\"ngg-image-16086\" class=\"ngg-gallery-thumbnail-box\" style=\"width:25%;\" >\n\t\t<div class=\"ngg-gallery-thumbnail\" >\n\t\t\t<a href=\"https:\/\/wernerdeck.de\/blog\/wp-content\/gallery\/pavel-atelier-02\/offenes-atelier-pavel-miguel-berghausen-2026-37.jpg\"\n\t\t\t\ttitle=\" \"\n\t\t\t\tclass=\"ngg-simplelightbox\" rel=\"632ff09916c4c3a8ceaeb1e12d1756f8\" data-image-id=\"16086\" data-src=\"https:\/\/wernerdeck.de\/blog\/wp-content\/gallery\/pavel-atelier-02\/offenes-atelier-pavel-miguel-berghausen-2026-37.jpg\" data-thumbnail=\"https:\/\/wernerdeck.de\/blog\/wp-content\/gallery\/pavel-atelier-02\/thumbs\/thumbs_offenes-atelier-pavel-miguel-berghausen-2026-37.jpg\" data-title=\"Monumentalplastik \u201eEuropa, der letzte Wurf\u201c w\u00e4hrend der Entstehung im Atelier\" data-description=\" \" >\n\t\t\t\t\t\t\t\t<img title=\"Monumentalplastik \u201eEuropa, der letzte Wurf\u201c w\u00e4hrend der Entstehung im Atelier\" alt=\"Monumentalplastik \u201eEuropa, der letzte Wurf\u201c w\u00e4hrend der Entstehung im Atelier\" src=\"https:\/\/wernerdeck.de\/blog\/wp-content\/gallery\/pavel-atelier-02\/thumbs\/thumbs_offenes-atelier-pavel-miguel-berghausen-2026-37.jpg\" width='240' height='160' \/>\n\t\t\t\t\t\t\t<\/a>\n\t\t\t<span>\n\t\t\t \t\t\t<\/span>\n\t\t<\/div>\n\t<\/div>\n\t\t\t\t\t\t\t\t\n\t<div id=\"ngg-image-16082\" class=\"ngg-gallery-thumbnail-box\" style=\"width:25%;\" >\n\t\t<div class=\"ngg-gallery-thumbnail\" >\n\t\t\t<a href=\"https:\/\/wernerdeck.de\/blog\/wp-content\/gallery\/pavel-atelier-02\/offenes-atelier-pavel-miguel-berghausen-2026-40.jpg\"\n\t\t\t\ttitle=\"Langsam l\u00fcftet sich der Schleier\"\n\t\t\t\tclass=\"ngg-simplelightbox\" rel=\"632ff09916c4c3a8ceaeb1e12d1756f8\" data-image-id=\"16082\" data-src=\"https:\/\/wernerdeck.de\/blog\/wp-content\/gallery\/pavel-atelier-02\/offenes-atelier-pavel-miguel-berghausen-2026-40.jpg\" data-thumbnail=\"https:\/\/wernerdeck.de\/blog\/wp-content\/gallery\/pavel-atelier-02\/thumbs\/thumbs_offenes-atelier-pavel-miguel-berghausen-2026-40.jpg\" data-title=\"Monumentalplastik \u201eEuropa, der letzte Wurf\u201c w\u00e4hrend der Entstehung im Atelier\" data-description=\"Langsam l\u00fcftet sich der Schleier\" >\n\t\t\t\t\t\t\t\t<img title=\"Monumentalplastik \u201eEuropa, der letzte Wurf\u201c w\u00e4hrend der Entstehung im Atelier\" alt=\"Monumentalplastik \u201eEuropa, der letzte Wurf\u201c w\u00e4hrend der Entstehung im Atelier\" src=\"https:\/\/wernerdeck.de\/blog\/wp-content\/gallery\/pavel-atelier-02\/thumbs\/thumbs_offenes-atelier-pavel-miguel-berghausen-2026-40.jpg\" width='240' height='160' \/>\n\t\t\t\t\t\t\t<\/a>\n\t\t\t<span>\n\t\t\tLangsam l\u00fcftet sich der Schleier\t\t\t<\/span>\n\t\t<\/div>\n\t<\/div>\n\t\t\t\t\t\t\t\t\n\t<div id=\"ngg-image-16083\" class=\"ngg-gallery-thumbnail-box\" style=\"width:25%;\" >\n\t\t<div class=\"ngg-gallery-thumbnail\" >\n\t\t\t<a href=\"https:\/\/wernerdeck.de\/blog\/wp-content\/gallery\/pavel-atelier-02\/offenes-atelier-pavel-miguel-berghausen-2026-43.jpg\"\n\t\t\t\ttitle=\" \"\n\t\t\t\tclass=\"ngg-simplelightbox\" rel=\"632ff09916c4c3a8ceaeb1e12d1756f8\" data-image-id=\"16083\" data-src=\"https:\/\/wernerdeck.de\/blog\/wp-content\/gallery\/pavel-atelier-02\/offenes-atelier-pavel-miguel-berghausen-2026-43.jpg\" data-thumbnail=\"https:\/\/wernerdeck.de\/blog\/wp-content\/gallery\/pavel-atelier-02\/thumbs\/thumbs_offenes-atelier-pavel-miguel-berghausen-2026-43.jpg\" data-title=\"Monumentalplastik \u201eEuropa, der letzte Wurf\u201c w\u00e4hrend der Entstehung im Atelier\" data-description=\" \" >\n\t\t\t\t\t\t\t\t<img title=\"Monumentalplastik \u201eEuropa, der letzte Wurf\u201c w\u00e4hrend der Entstehung im Atelier\" alt=\"Monumentalplastik \u201eEuropa, der letzte Wurf\u201c w\u00e4hrend der Entstehung im Atelier\" src=\"https:\/\/wernerdeck.de\/blog\/wp-content\/gallery\/pavel-atelier-02\/thumbs\/thumbs_offenes-atelier-pavel-miguel-berghausen-2026-43.jpg\" width='240' height='160' \/>\n\t\t\t\t\t\t\t<\/a>\n\t\t\t<span>\n\t\t\t \t\t\t<\/span>\n\t\t<\/div>\n\t<\/div>\n\t\t\t\t\t\t\t<br style=\"clear: both\" \/>\n\t\t\t\n\t<div id=\"ngg-image-16084\" class=\"ngg-gallery-thumbnail-box\" style=\"width:25%;\" >\n\t\t<div class=\"ngg-gallery-thumbnail\" >\n\t\t\t<a href=\"https:\/\/wernerdeck.de\/blog\/wp-content\/gallery\/pavel-atelier-02\/offenes-atelier-pavel-miguel-berghausen-2026-46.jpg\"\n\t\t\t\ttitle=\" \"\n\t\t\t\tclass=\"ngg-simplelightbox\" rel=\"632ff09916c4c3a8ceaeb1e12d1756f8\" data-image-id=\"16084\" data-src=\"https:\/\/wernerdeck.de\/blog\/wp-content\/gallery\/pavel-atelier-02\/offenes-atelier-pavel-miguel-berghausen-2026-46.jpg\" data-thumbnail=\"https:\/\/wernerdeck.de\/blog\/wp-content\/gallery\/pavel-atelier-02\/thumbs\/thumbs_offenes-atelier-pavel-miguel-berghausen-2026-46.jpg\" data-title=\"offenes-atelier-pavel-miguel-berghausen-2026-46\" data-description=\" \" >\n\t\t\t\t\t\t\t\t<img title=\"offenes-atelier-pavel-miguel-berghausen-2026-46\" alt=\"offenes-atelier-pavel-miguel-berghausen-2026-46\" src=\"https:\/\/wernerdeck.de\/blog\/wp-content\/gallery\/pavel-atelier-02\/thumbs\/thumbs_offenes-atelier-pavel-miguel-berghausen-2026-46.jpg\" width='240' height='160' \/>\n\t\t\t\t\t\t\t<\/a>\n\t\t\t<span>\n\t\t\t \t\t\t<\/span>\n\t\t<\/div>\n\t<\/div>\n\t\t\t\t\t\t\t\t\n\t<div id=\"ngg-image-16085\" class=\"ngg-gallery-thumbnail-box\" style=\"width:25%;\" >\n\t\t<div class=\"ngg-gallery-thumbnail\" >\n\t\t\t<a href=\"https:\/\/wernerdeck.de\/blog\/wp-content\/gallery\/pavel-atelier-02\/offenes-atelier-pavel-miguel-berghausen-2026-49.jpg\"\n\t\t\t\ttitle=\"Europa, die noch unvollendete, wird sichtbar\"\n\t\t\t\tclass=\"ngg-simplelightbox\" rel=\"632ff09916c4c3a8ceaeb1e12d1756f8\" data-image-id=\"16085\" data-src=\"https:\/\/wernerdeck.de\/blog\/wp-content\/gallery\/pavel-atelier-02\/offenes-atelier-pavel-miguel-berghausen-2026-49.jpg\" data-thumbnail=\"https:\/\/wernerdeck.de\/blog\/wp-content\/gallery\/pavel-atelier-02\/thumbs\/thumbs_offenes-atelier-pavel-miguel-berghausen-2026-49.jpg\" data-title=\"Monumentalplastik \u201eEuropa, der letzte Wurf\u201c w\u00e4hrend der Entstehung im Atelier\" data-description=\"Europa, die noch unvollendete, wird sichtbar\" >\n\t\t\t\t\t\t\t\t<img title=\"Monumentalplastik \u201eEuropa, der letzte Wurf\u201c w\u00e4hrend der Entstehung im Atelier\" alt=\"Monumentalplastik \u201eEuropa, der letzte Wurf\u201c w\u00e4hrend der Entstehung im Atelier\" src=\"https:\/\/wernerdeck.de\/blog\/wp-content\/gallery\/pavel-atelier-02\/thumbs\/thumbs_offenes-atelier-pavel-miguel-berghausen-2026-49.jpg\" width='240' height='160' \/>\n\t\t\t\t\t\t\t<\/a>\n\t\t\t<span>\n\t\t\tEuropa, die noch unvollendete, wird sichtbar\t\t\t<\/span>\n\t\t<\/div>\n\t<\/div>\n\t\t\t\t\t\t\t\t\n\t<div id=\"ngg-image-16087\" class=\"ngg-gallery-thumbnail-box\" style=\"width:25%;\" >\n\t\t<div class=\"ngg-gallery-thumbnail\" >\n\t\t\t<a href=\"https:\/\/wernerdeck.de\/blog\/wp-content\/gallery\/pavel-atelier-02\/offenes-atelier-pavel-miguel-berghausen-2026-52.jpg\"\n\t\t\t\ttitle=\"Mit Wasser befeuchten\"\n\t\t\t\tclass=\"ngg-simplelightbox\" rel=\"632ff09916c4c3a8ceaeb1e12d1756f8\" data-image-id=\"16087\" data-src=\"https:\/\/wernerdeck.de\/blog\/wp-content\/gallery\/pavel-atelier-02\/offenes-atelier-pavel-miguel-berghausen-2026-52.jpg\" data-thumbnail=\"https:\/\/wernerdeck.de\/blog\/wp-content\/gallery\/pavel-atelier-02\/thumbs\/thumbs_offenes-atelier-pavel-miguel-berghausen-2026-52.jpg\" data-title=\"Monumentalplastik \u201eEuropa, der letzte Wurf\u201c w\u00e4hrend der Entstehung im Atelier\" data-description=\"Mit Wasser befeuchten\" >\n\t\t\t\t\t\t\t\t<img title=\"Monumentalplastik \u201eEuropa, der letzte Wurf\u201c w\u00e4hrend der Entstehung im Atelier\" alt=\"Monumentalplastik \u201eEuropa, der letzte Wurf\u201c w\u00e4hrend der Entstehung im Atelier\" src=\"https:\/\/wernerdeck.de\/blog\/wp-content\/gallery\/pavel-atelier-02\/thumbs\/thumbs_offenes-atelier-pavel-miguel-berghausen-2026-52.jpg\" width='240' height='160' \/>\n\t\t\t\t\t\t\t<\/a>\n\t\t\t<span>\n\t\t\tMit Wasser befeuchten\t\t\t<\/span>\n\t\t<\/div>\n\t<\/div>\n\t\t\t\t\t\t\t\t\n\t<div id=\"ngg-image-16088\" class=\"ngg-gallery-thumbnail-box\" style=\"width:25%;\" >\n\t\t<div class=\"ngg-gallery-thumbnail\" >\n\t\t\t<a href=\"https:\/\/wernerdeck.de\/blog\/wp-content\/gallery\/pavel-atelier-02\/offenes-atelier-pavel-miguel-berghausen-2026-55.jpg\"\n\t\t\t\ttitle=\"Weiter Details ausarbeiten\"\n\t\t\t\tclass=\"ngg-simplelightbox\" rel=\"632ff09916c4c3a8ceaeb1e12d1756f8\" data-image-id=\"16088\" data-src=\"https:\/\/wernerdeck.de\/blog\/wp-content\/gallery\/pavel-atelier-02\/offenes-atelier-pavel-miguel-berghausen-2026-55.jpg\" data-thumbnail=\"https:\/\/wernerdeck.de\/blog\/wp-content\/gallery\/pavel-atelier-02\/thumbs\/thumbs_offenes-atelier-pavel-miguel-berghausen-2026-55.jpg\" data-title=\"Monumentalplastik \u201eEuropa, der letzte Wurf\u201c w\u00e4hrend der Entstehung im Atelier\" data-description=\"Weiter Details ausarbeiten\" >\n\t\t\t\t\t\t\t\t<img title=\"Monumentalplastik \u201eEuropa, der letzte Wurf\u201c w\u00e4hrend der Entstehung im Atelier\" alt=\"Monumentalplastik \u201eEuropa, der letzte Wurf\u201c w\u00e4hrend der Entstehung im Atelier\" src=\"https:\/\/wernerdeck.de\/blog\/wp-content\/gallery\/pavel-atelier-02\/thumbs\/thumbs_offenes-atelier-pavel-miguel-berghausen-2026-55.jpg\" width='240' height='160' \/>\n\t\t\t\t\t\t\t<\/a>\n\t\t\t<span>\n\t\t\tWeiter Details ausarbeiten\t\t\t<\/span>\n\t\t<\/div>\n\t<\/div>\n\t\t\t\t\t\t\t<br style=\"clear: both\" \/>\n\t\t\t\n\t<div id=\"ngg-image-16089\" class=\"ngg-gallery-thumbnail-box\" style=\"width:25%;\" >\n\t\t<div class=\"ngg-gallery-thumbnail\" >\n\t\t\t<a href=\"https:\/\/wernerdeck.de\/blog\/wp-content\/gallery\/pavel-atelier-02\/offenes-atelier-pavel-miguel-berghausen-2026-58.jpg\"\n\t\t\t\ttitle=\"Arbeit an der Europa\"\n\t\t\t\tclass=\"ngg-simplelightbox\" rel=\"632ff09916c4c3a8ceaeb1e12d1756f8\" data-image-id=\"16089\" data-src=\"https:\/\/wernerdeck.de\/blog\/wp-content\/gallery\/pavel-atelier-02\/offenes-atelier-pavel-miguel-berghausen-2026-58.jpg\" data-thumbnail=\"https:\/\/wernerdeck.de\/blog\/wp-content\/gallery\/pavel-atelier-02\/thumbs\/thumbs_offenes-atelier-pavel-miguel-berghausen-2026-58.jpg\" data-title=\"Monumentalplastik \u201eEuropa, der letzte Wurf\u201c w\u00e4hrend der Entstehung im Atelier\" data-description=\"Arbeit an der Europa\" >\n\t\t\t\t\t\t\t\t<img title=\"Monumentalplastik \u201eEuropa, der letzte Wurf\u201c w\u00e4hrend der Entstehung im Atelier\" alt=\"Monumentalplastik \u201eEuropa, der letzte Wurf\u201c w\u00e4hrend der Entstehung im Atelier\" src=\"https:\/\/wernerdeck.de\/blog\/wp-content\/gallery\/pavel-atelier-02\/thumbs\/thumbs_offenes-atelier-pavel-miguel-berghausen-2026-58.jpg\" width='240' height='160' \/>\n\t\t\t\t\t\t\t<\/a>\n\t\t\t<span>\n\t\t\tArbeit an der Europa\t\t\t<\/span>\n\t\t<\/div>\n\t<\/div>\n\t\t\t\t\t\t\t\t\n\t<div id=\"ngg-image-16090\" class=\"ngg-gallery-thumbnail-box\" style=\"width:25%;\" >\n\t\t<div class=\"ngg-gallery-thumbnail\" >\n\t\t\t<a href=\"https:\/\/wernerdeck.de\/blog\/wp-content\/gallery\/pavel-atelier-02\/offenes-atelier-pavel-miguel-berghausen-2026-61.jpg\"\n\t\t\t\ttitle=\" \"\n\t\t\t\tclass=\"ngg-simplelightbox\" rel=\"632ff09916c4c3a8ceaeb1e12d1756f8\" data-image-id=\"16090\" data-src=\"https:\/\/wernerdeck.de\/blog\/wp-content\/gallery\/pavel-atelier-02\/offenes-atelier-pavel-miguel-berghausen-2026-61.jpg\" data-thumbnail=\"https:\/\/wernerdeck.de\/blog\/wp-content\/gallery\/pavel-atelier-02\/thumbs\/thumbs_offenes-atelier-pavel-miguel-berghausen-2026-61.jpg\" data-title=\"Monumentalplastik \u201eEuropa, der letzte Wurf\u201c w\u00e4hrend der Entstehung im Atelier\" data-description=\" \" >\n\t\t\t\t\t\t\t\t<img title=\"Monumentalplastik \u201eEuropa, der letzte Wurf\u201c w\u00e4hrend der Entstehung im Atelier\" alt=\"Monumentalplastik \u201eEuropa, der letzte Wurf\u201c w\u00e4hrend der Entstehung im Atelier\" src=\"https:\/\/wernerdeck.de\/blog\/wp-content\/gallery\/pavel-atelier-02\/thumbs\/thumbs_offenes-atelier-pavel-miguel-berghausen-2026-61.jpg\" width='240' height='160' \/>\n\t\t\t\t\t\t\t<\/a>\n\t\t\t<span>\n\t\t\t \t\t\t<\/span>\n\t\t<\/div>\n\t<\/div>\n\t\t\t\t\t\t\t\t\n\t<div id=\"ngg-image-16092\" class=\"ngg-gallery-thumbnail-box\" style=\"width:25%;\" >\n\t\t<div class=\"ngg-gallery-thumbnail\" >\n\t\t\t<a href=\"https:\/\/wernerdeck.de\/blog\/wp-content\/gallery\/pavel-atelier-02\/offenes-atelier-pavel-miguel-berghausen-2026-64.jpg\"\n\t\t\t\ttitle=\" \"\n\t\t\t\tclass=\"ngg-simplelightbox\" rel=\"632ff09916c4c3a8ceaeb1e12d1756f8\" data-image-id=\"16092\" data-src=\"https:\/\/wernerdeck.de\/blog\/wp-content\/gallery\/pavel-atelier-02\/offenes-atelier-pavel-miguel-berghausen-2026-64.jpg\" data-thumbnail=\"https:\/\/wernerdeck.de\/blog\/wp-content\/gallery\/pavel-atelier-02\/thumbs\/thumbs_offenes-atelier-pavel-miguel-berghausen-2026-64.jpg\" data-title=\"Monumentalplastik \u201eEuropa, der letzte Wurf\u201c w\u00e4hrend der Entstehung im Atelier\" data-description=\" \" >\n\t\t\t\t\t\t\t\t<img title=\"Monumentalplastik \u201eEuropa, der letzte Wurf\u201c w\u00e4hrend der Entstehung im Atelier\" alt=\"Monumentalplastik \u201eEuropa, der letzte Wurf\u201c w\u00e4hrend der Entstehung im Atelier\" src=\"https:\/\/wernerdeck.de\/blog\/wp-content\/gallery\/pavel-atelier-02\/thumbs\/thumbs_offenes-atelier-pavel-miguel-berghausen-2026-64.jpg\" width='240' height='160' \/>\n\t\t\t\t\t\t\t<\/a>\n\t\t\t<span>\n\t\t\t \t\t\t<\/span>\n\t\t<\/div>\n\t<\/div>\n\t\t\t\t\t\t\t\t\n\t<div id=\"ngg-image-16091\" class=\"ngg-gallery-thumbnail-box\" style=\"width:25%;\" >\n\t\t<div class=\"ngg-gallery-thumbnail\" >\n\t\t\t<a href=\"https:\/\/wernerdeck.de\/blog\/wp-content\/gallery\/pavel-atelier-02\/offenes-atelier-pavel-miguel-berghausen-2026-67.jpg\"\n\t\t\t\ttitle=\" \"\n\t\t\t\tclass=\"ngg-simplelightbox\" rel=\"632ff09916c4c3a8ceaeb1e12d1756f8\" data-image-id=\"16091\" data-src=\"https:\/\/wernerdeck.de\/blog\/wp-content\/gallery\/pavel-atelier-02\/offenes-atelier-pavel-miguel-berghausen-2026-67.jpg\" data-thumbnail=\"https:\/\/wernerdeck.de\/blog\/wp-content\/gallery\/pavel-atelier-02\/thumbs\/thumbs_offenes-atelier-pavel-miguel-berghausen-2026-67.jpg\" data-title=\"Monumentalplastik \u201eEuropa, der letzte Wurf\u201c w\u00e4hrend der Entstehung im Atelier\" data-description=\" \" >\n\t\t\t\t\t\t\t\t<img title=\"Monumentalplastik \u201eEuropa, der letzte Wurf\u201c w\u00e4hrend der Entstehung im Atelier\" alt=\"Monumentalplastik \u201eEuropa, der letzte Wurf\u201c w\u00e4hrend der Entstehung im Atelier\" src=\"https:\/\/wernerdeck.de\/blog\/wp-content\/gallery\/pavel-atelier-02\/thumbs\/thumbs_offenes-atelier-pavel-miguel-berghausen-2026-67.jpg\" width='240' height='160' \/>\n\t\t\t\t\t\t\t<\/a>\n\t\t\t<span>\n\t\t\t \t\t\t<\/span>\n\t\t<\/div>\n\t<\/div>\n\t\t\t\t\t\t\t<br style=\"clear: both\" \/>\n\t\t\t\n\t<div id=\"ngg-image-16094\" class=\"ngg-gallery-thumbnail-box\" style=\"width:25%;\" >\n\t\t<div class=\"ngg-gallery-thumbnail\" >\n\t\t\t<a href=\"https:\/\/wernerdeck.de\/blog\/wp-content\/gallery\/pavel-atelier-02\/offenes-atelier-pavel-miguel-berghausen-2026-70.jpg\"\n\t\t\t\ttitle=\" \"\n\t\t\t\tclass=\"ngg-simplelightbox\" rel=\"632ff09916c4c3a8ceaeb1e12d1756f8\" data-image-id=\"16094\" data-src=\"https:\/\/wernerdeck.de\/blog\/wp-content\/gallery\/pavel-atelier-02\/offenes-atelier-pavel-miguel-berghausen-2026-70.jpg\" data-thumbnail=\"https:\/\/wernerdeck.de\/blog\/wp-content\/gallery\/pavel-atelier-02\/thumbs\/thumbs_offenes-atelier-pavel-miguel-berghausen-2026-70.jpg\" data-title=\"Monumentalplastik \u201eEuropa, der letzte Wurf\u201c w\u00e4hrend der Entstehung im Atelier\" data-description=\" \" >\n\t\t\t\t\t\t\t\t<img title=\"Monumentalplastik \u201eEuropa, der letzte Wurf\u201c w\u00e4hrend der Entstehung im Atelier\" alt=\"Monumentalplastik \u201eEuropa, der letzte Wurf\u201c w\u00e4hrend der Entstehung im Atelier\" src=\"https:\/\/wernerdeck.de\/blog\/wp-content\/gallery\/pavel-atelier-02\/thumbs\/thumbs_offenes-atelier-pavel-miguel-berghausen-2026-70.jpg\" width='240' height='160' \/>\n\t\t\t\t\t\t\t<\/a>\n\t\t\t<span>\n\t\t\t \t\t\t<\/span>\n\t\t<\/div>\n\t<\/div>\n\t\t\t\t\t\t\t\t\n\t<div id=\"ngg-image-16093\" class=\"ngg-gallery-thumbnail-box\" style=\"width:25%;\" >\n\t\t<div class=\"ngg-gallery-thumbnail\" >\n\t\t\t<a href=\"https:\/\/wernerdeck.de\/blog\/wp-content\/gallery\/pavel-atelier-02\/offenes-atelier-pavel-miguel-berghausen-2026-73.jpg\"\n\t\t\t\ttitle=\"Immer befeuchten\"\n\t\t\t\tclass=\"ngg-simplelightbox\" rel=\"632ff09916c4c3a8ceaeb1e12d1756f8\" data-image-id=\"16093\" data-src=\"https:\/\/wernerdeck.de\/blog\/wp-content\/gallery\/pavel-atelier-02\/offenes-atelier-pavel-miguel-berghausen-2026-73.jpg\" data-thumbnail=\"https:\/\/wernerdeck.de\/blog\/wp-content\/gallery\/pavel-atelier-02\/thumbs\/thumbs_offenes-atelier-pavel-miguel-berghausen-2026-73.jpg\" data-title=\"Monumentalplastik \u201eEuropa, der letzte Wurf\u201c w\u00e4hrend der Entstehung im Atelier\" data-description=\"Immer befeuchten\" >\n\t\t\t\t\t\t\t\t<img title=\"Monumentalplastik \u201eEuropa, der letzte Wurf\u201c w\u00e4hrend der Entstehung im Atelier\" alt=\"Monumentalplastik \u201eEuropa, der letzte Wurf\u201c w\u00e4hrend der Entstehung im Atelier\" src=\"https:\/\/wernerdeck.de\/blog\/wp-content\/gallery\/pavel-atelier-02\/thumbs\/thumbs_offenes-atelier-pavel-miguel-berghausen-2026-73.jpg\" width='240' height='160' \/>\n\t\t\t\t\t\t\t<\/a>\n\t\t\t<span>\n\t\t\tImmer befeuchten\t\t\t<\/span>\n\t\t<\/div>\n\t<\/div>\n\t\t\t\t\t\t\t\t\n\t<div id=\"ngg-image-16096\" class=\"ngg-gallery-thumbnail-box\" style=\"width:25%;\" >\n\t\t<div class=\"ngg-gallery-thumbnail\" >\n\t\t\t<a href=\"https:\/\/wernerdeck.de\/blog\/wp-content\/gallery\/pavel-atelier-02\/offenes-atelier-pavel-miguel-berghausen-2026-76.jpg\"\n\t\t\t\ttitle=\"Wurfarm freilegen\"\n\t\t\t\tclass=\"ngg-simplelightbox\" rel=\"632ff09916c4c3a8ceaeb1e12d1756f8\" data-image-id=\"16096\" data-src=\"https:\/\/wernerdeck.de\/blog\/wp-content\/gallery\/pavel-atelier-02\/offenes-atelier-pavel-miguel-berghausen-2026-76.jpg\" data-thumbnail=\"https:\/\/wernerdeck.de\/blog\/wp-content\/gallery\/pavel-atelier-02\/thumbs\/thumbs_offenes-atelier-pavel-miguel-berghausen-2026-76.jpg\" data-title=\"Monumentalplastik \u201eEuropa, der letzte Wurf\u201c w\u00e4hrend der Entstehung im Atelier\" data-description=\"Wurfarm freilegen\" >\n\t\t\t\t\t\t\t\t<img title=\"Monumentalplastik \u201eEuropa, der letzte Wurf\u201c w\u00e4hrend der Entstehung im Atelier\" alt=\"Monumentalplastik \u201eEuropa, der letzte Wurf\u201c w\u00e4hrend der Entstehung im Atelier\" src=\"https:\/\/wernerdeck.de\/blog\/wp-content\/gallery\/pavel-atelier-02\/thumbs\/thumbs_offenes-atelier-pavel-miguel-berghausen-2026-76.jpg\" width='240' height='160' \/>\n\t\t\t\t\t\t\t<\/a>\n\t\t\t<span>\n\t\t\tWurfarm freilegen\t\t\t<\/span>\n\t\t<\/div>\n\t<\/div>\n\t\t\t\t\t\t\t\t\n\t<div id=\"ngg-image-16097\" class=\"ngg-gallery-thumbnail-box\" style=\"width:25%;\" >\n\t\t<div class=\"ngg-gallery-thumbnail\" >\n\t\t\t<a href=\"https:\/\/wernerdeck.de\/blog\/wp-content\/gallery\/pavel-atelier-02\/offenes-atelier-pavel-miguel-berghausen-2026-79.jpg\"\n\t\t\t\ttitle=\" \"\n\t\t\t\tclass=\"ngg-simplelightbox\" rel=\"632ff09916c4c3a8ceaeb1e12d1756f8\" data-image-id=\"16097\" data-src=\"https:\/\/wernerdeck.de\/blog\/wp-content\/gallery\/pavel-atelier-02\/offenes-atelier-pavel-miguel-berghausen-2026-79.jpg\" data-thumbnail=\"https:\/\/wernerdeck.de\/blog\/wp-content\/gallery\/pavel-atelier-02\/thumbs\/thumbs_offenes-atelier-pavel-miguel-berghausen-2026-79.jpg\" data-title=\"Monumentalplastik \u201eEuropa, der letzte Wurf\u201c w\u00e4hrend der Entstehung im Atelier\" data-description=\" \" >\n\t\t\t\t\t\t\t\t<img title=\"Monumentalplastik \u201eEuropa, der letzte Wurf\u201c w\u00e4hrend der Entstehung im Atelier\" alt=\"Monumentalplastik \u201eEuropa, der letzte Wurf\u201c w\u00e4hrend der Entstehung im Atelier\" src=\"https:\/\/wernerdeck.de\/blog\/wp-content\/gallery\/pavel-atelier-02\/thumbs\/thumbs_offenes-atelier-pavel-miguel-berghausen-2026-79.jpg\" width='240' height='160' \/>\n\t\t\t\t\t\t\t<\/a>\n\t\t\t<span>\n\t\t\t \t\t\t<\/span>\n\t\t<\/div>\n\t<\/div>\n\t\t\t\t\t\t\t<br style=\"clear: both\" \/>\n\t\t\t\n\t<div id=\"ngg-image-16095\" class=\"ngg-gallery-thumbnail-box\" style=\"width:25%;\" >\n\t\t<div class=\"ngg-gallery-thumbnail\" >\n\t\t\t<a href=\"https:\/\/wernerdeck.de\/blog\/wp-content\/gallery\/pavel-atelier-02\/offenes-atelier-pavel-miguel-berghausen-2026-82.jpg\"\n\t\t\t\ttitle=\"Euro in Position bringen\"\n\t\t\t\tclass=\"ngg-simplelightbox\" rel=\"632ff09916c4c3a8ceaeb1e12d1756f8\" data-image-id=\"16095\" data-src=\"https:\/\/wernerdeck.de\/blog\/wp-content\/gallery\/pavel-atelier-02\/offenes-atelier-pavel-miguel-berghausen-2026-82.jpg\" data-thumbnail=\"https:\/\/wernerdeck.de\/blog\/wp-content\/gallery\/pavel-atelier-02\/thumbs\/thumbs_offenes-atelier-pavel-miguel-berghausen-2026-82.jpg\" data-title=\"Monumentalplastik \u201eEuropa, der letzte Wurf\u201c w\u00e4hrend der Entstehung im Atelier\" data-description=\"Euro in Position bringen\" >\n\t\t\t\t\t\t\t\t<img title=\"Monumentalplastik \u201eEuropa, der letzte Wurf\u201c w\u00e4hrend der Entstehung im Atelier\" alt=\"Monumentalplastik \u201eEuropa, der letzte Wurf\u201c w\u00e4hrend der Entstehung im Atelier\" src=\"https:\/\/wernerdeck.de\/blog\/wp-content\/gallery\/pavel-atelier-02\/thumbs\/thumbs_offenes-atelier-pavel-miguel-berghausen-2026-82.jpg\" width='240' height='160' \/>\n\t\t\t\t\t\t\t<\/a>\n\t\t\t<span>\n\t\t\tEuro in Position bringen\t\t\t<\/span>\n\t\t<\/div>\n\t<\/div>\n\t\t\t\t\t\t\t\t\n\t<div id=\"ngg-image-16098\" class=\"ngg-gallery-thumbnail-box\" style=\"width:25%;\" >\n\t\t<div class=\"ngg-gallery-thumbnail\" >\n\t\t\t<a href=\"https:\/\/wernerdeck.de\/blog\/wp-content\/gallery\/pavel-atelier-02\/offenes-atelier-pavel-miguel-berghausen-2026-85.jpg\"\n\t\t\t\ttitle=\" \"\n\t\t\t\tclass=\"ngg-simplelightbox\" rel=\"632ff09916c4c3a8ceaeb1e12d1756f8\" data-image-id=\"16098\" data-src=\"https:\/\/wernerdeck.de\/blog\/wp-content\/gallery\/pavel-atelier-02\/offenes-atelier-pavel-miguel-berghausen-2026-85.jpg\" data-thumbnail=\"https:\/\/wernerdeck.de\/blog\/wp-content\/gallery\/pavel-atelier-02\/thumbs\/thumbs_offenes-atelier-pavel-miguel-berghausen-2026-85.jpg\" data-title=\"Monumentalplastik \u201eEuropa, der letzte Wurf\u201c w\u00e4hrend der Entstehung im Atelier\" data-description=\" \" >\n\t\t\t\t\t\t\t\t<img title=\"Monumentalplastik \u201eEuropa, der letzte Wurf\u201c w\u00e4hrend der Entstehung im Atelier\" alt=\"Monumentalplastik \u201eEuropa, der letzte Wurf\u201c w\u00e4hrend der Entstehung im Atelier\" src=\"https:\/\/wernerdeck.de\/blog\/wp-content\/gallery\/pavel-atelier-02\/thumbs\/thumbs_offenes-atelier-pavel-miguel-berghausen-2026-85.jpg\" width='240' height='160' \/>\n\t\t\t\t\t\t\t<\/a>\n\t\t\t<span>\n\t\t\t \t\t\t<\/span>\n\t\t<\/div>\n\t<\/div>\n\t\t\t\t\t\t\t\t\n\t<div id=\"ngg-image-16099\" class=\"ngg-gallery-thumbnail-box\" style=\"width:25%;\" >\n\t\t<div class=\"ngg-gallery-thumbnail\" >\n\t\t\t<a href=\"https:\/\/wernerdeck.de\/blog\/wp-content\/gallery\/pavel-atelier-02\/offenes-atelier-pavel-miguel-berghausen-2026-88.jpg\"\n\t\t\t\ttitle=\" \"\n\t\t\t\tclass=\"ngg-simplelightbox\" rel=\"632ff09916c4c3a8ceaeb1e12d1756f8\" data-image-id=\"16099\" data-src=\"https:\/\/wernerdeck.de\/blog\/wp-content\/gallery\/pavel-atelier-02\/offenes-atelier-pavel-miguel-berghausen-2026-88.jpg\" data-thumbnail=\"https:\/\/wernerdeck.de\/blog\/wp-content\/gallery\/pavel-atelier-02\/thumbs\/thumbs_offenes-atelier-pavel-miguel-berghausen-2026-88.jpg\" data-title=\"Monumentalplastik \u201eEuropa, der letzte Wurf\u201c w\u00e4hrend der Entstehung im Atelier\" data-description=\" \" >\n\t\t\t\t\t\t\t\t<img title=\"Monumentalplastik \u201eEuropa, der letzte Wurf\u201c w\u00e4hrend der Entstehung im Atelier\" alt=\"Monumentalplastik \u201eEuropa, der letzte Wurf\u201c w\u00e4hrend der Entstehung im Atelier\" src=\"https:\/\/wernerdeck.de\/blog\/wp-content\/gallery\/pavel-atelier-02\/thumbs\/thumbs_offenes-atelier-pavel-miguel-berghausen-2026-88.jpg\" width='240' height='160' \/>\n\t\t\t\t\t\t\t<\/a>\n\t\t\t<span>\n\t\t\t \t\t\t<\/span>\n\t\t<\/div>\n\t<\/div>\n\t\t\t\t\t\t\t\t\n\t<div id=\"ngg-image-16100\" class=\"ngg-gallery-thumbnail-box\" style=\"width:25%;\" >\n\t\t<div class=\"ngg-gallery-thumbnail\" >\n\t\t\t<a href=\"https:\/\/wernerdeck.de\/blog\/wp-content\/gallery\/pavel-atelier-02\/offenes-atelier-pavel-miguel-berghausen-2026-91.jpg\"\n\t\t\t\ttitle=\" \"\n\t\t\t\tclass=\"ngg-simplelightbox\" rel=\"632ff09916c4c3a8ceaeb1e12d1756f8\" data-image-id=\"16100\" data-src=\"https:\/\/wernerdeck.de\/blog\/wp-content\/gallery\/pavel-atelier-02\/offenes-atelier-pavel-miguel-berghausen-2026-91.jpg\" data-thumbnail=\"https:\/\/wernerdeck.de\/blog\/wp-content\/gallery\/pavel-atelier-02\/thumbs\/thumbs_offenes-atelier-pavel-miguel-berghausen-2026-91.jpg\" data-title=\"Monumentalplastik \u201eEuropa, der letzte Wurf\u201c w\u00e4hrend der Entstehung im Atelier\" data-description=\" \" >\n\t\t\t\t\t\t\t\t<img title=\"Monumentalplastik \u201eEuropa, der letzte Wurf\u201c w\u00e4hrend der Entstehung im Atelier\" alt=\"Monumentalplastik \u201eEuropa, der letzte Wurf\u201c w\u00e4hrend der Entstehung im Atelier\" src=\"https:\/\/wernerdeck.de\/blog\/wp-content\/gallery\/pavel-atelier-02\/thumbs\/thumbs_offenes-atelier-pavel-miguel-berghausen-2026-91.jpg\" width='240' height='160' \/>\n\t\t\t\t\t\t\t<\/a>\n\t\t\t<span>\n\t\t\t \t\t\t<\/span>\n\t\t<\/div>\n\t<\/div>\n\t\t\t\t\t\t\t<br style=\"clear: both\" \/>\n\t\t\t\n\t<div id=\"ngg-image-16102\" class=\"ngg-gallery-thumbnail-box\" style=\"width:25%;\" >\n\t\t<div class=\"ngg-gallery-thumbnail\" >\n\t\t\t<a href=\"https:\/\/wernerdeck.de\/blog\/wp-content\/gallery\/pavel-atelier-02\/offenes-atelier-pavel-miguel-berghausen-2026-94.jpg\"\n\t\t\t\ttitle=\"Europa, der letzte Wurf\"\n\t\t\t\tclass=\"ngg-simplelightbox\" rel=\"632ff09916c4c3a8ceaeb1e12d1756f8\" data-image-id=\"16102\" data-src=\"https:\/\/wernerdeck.de\/blog\/wp-content\/gallery\/pavel-atelier-02\/offenes-atelier-pavel-miguel-berghausen-2026-94.jpg\" data-thumbnail=\"https:\/\/wernerdeck.de\/blog\/wp-content\/gallery\/pavel-atelier-02\/thumbs\/thumbs_offenes-atelier-pavel-miguel-berghausen-2026-94.jpg\" data-title=\"Monumentalplastik \u201eEuropa, der letzte Wurf\u201c w\u00e4hrend der Entstehung im Atelier\" data-description=\"Europa, der letzte Wurf\" >\n\t\t\t\t\t\t\t\t<img title=\"Monumentalplastik \u201eEuropa, der letzte Wurf\u201c w\u00e4hrend der Entstehung im Atelier\" alt=\"Monumentalplastik \u201eEuropa, der letzte Wurf\u201c w\u00e4hrend der Entstehung im Atelier\" src=\"https:\/\/wernerdeck.de\/blog\/wp-content\/gallery\/pavel-atelier-02\/thumbs\/thumbs_offenes-atelier-pavel-miguel-berghausen-2026-94.jpg\" width='240' height='160' \/>\n\t\t\t\t\t\t\t<\/a>\n\t\t\t<span>\n\t\t\tEuropa, der letzte Wurf\t\t\t<\/span>\n\t\t<\/div>\n\t<\/div>\n\t\t\t\t\t\t\t\t\n\t<div id=\"ngg-image-16101\" class=\"ngg-gallery-thumbnail-box\" style=\"width:25%;\" >\n\t\t<div class=\"ngg-gallery-thumbnail\" >\n\t\t\t<a href=\"https:\/\/wernerdeck.de\/blog\/wp-content\/gallery\/pavel-atelier-02\/offenes-atelier-pavel-miguel-berghausen-2026-97.jpg\"\n\t\t\t\ttitle=\"Es l\u00e4sst sich schon mehr als erahnen, wie die Plastik fertig wirken wird\"\n\t\t\t\tclass=\"ngg-simplelightbox\" rel=\"632ff09916c4c3a8ceaeb1e12d1756f8\" data-image-id=\"16101\" data-src=\"https:\/\/wernerdeck.de\/blog\/wp-content\/gallery\/pavel-atelier-02\/offenes-atelier-pavel-miguel-berghausen-2026-97.jpg\" data-thumbnail=\"https:\/\/wernerdeck.de\/blog\/wp-content\/gallery\/pavel-atelier-02\/thumbs\/thumbs_offenes-atelier-pavel-miguel-berghausen-2026-97.jpg\" data-title=\"Monumentalplastik \u201eEuropa, der letzte Wurf\u201c w\u00e4hrend der Entstehung im Atelier\" data-description=\"Es l\u00e4sst sich schon mehr als erahnen, wie die Plastik fertig wirken wird\" >\n\t\t\t\t\t\t\t\t<img title=\"Monumentalplastik \u201eEuropa, der letzte Wurf\u201c w\u00e4hrend der Entstehung im Atelier\" alt=\"Monumentalplastik \u201eEuropa, der letzte Wurf\u201c w\u00e4hrend der Entstehung im Atelier\" src=\"https:\/\/wernerdeck.de\/blog\/wp-content\/gallery\/pavel-atelier-02\/thumbs\/thumbs_offenes-atelier-pavel-miguel-berghausen-2026-97.jpg\" width='240' height='160' \/>\n\t\t\t\t\t\t\t<\/a>\n\t\t\t<span>\n\t\t\tEs l\u00e4sst sich schon mehr als erahnen, wie die Plastik fertig wirken wird\t\t\t<\/span>\n\t\t<\/div>\n\t<\/div>\n\t\t\t\t\t\t\t\t\n\t<div id=\"ngg-image-16105\" class=\"ngg-gallery-thumbnail-box\" style=\"width:25%;\" >\n\t\t<div class=\"ngg-gallery-thumbnail\" >\n\t\t\t<a href=\"https:\/\/wernerdeck.de\/blog\/wp-content\/gallery\/pavel-atelier-02\/offenes-atelier-pavel-miguel-berghausen-2026-98.jpg\"\n\t\t\t\ttitle=\" \"\n\t\t\t\tclass=\"ngg-simplelightbox\" rel=\"632ff09916c4c3a8ceaeb1e12d1756f8\" data-image-id=\"16105\" data-src=\"https:\/\/wernerdeck.de\/blog\/wp-content\/gallery\/pavel-atelier-02\/offenes-atelier-pavel-miguel-berghausen-2026-98.jpg\" data-thumbnail=\"https:\/\/wernerdeck.de\/blog\/wp-content\/gallery\/pavel-atelier-02\/thumbs\/thumbs_offenes-atelier-pavel-miguel-berghausen-2026-98.jpg\" data-title=\"Monumentalplastik \u201eEuropa, der letzte Wurf\u201c w\u00e4hrend der Entstehung im Atelier\" data-description=\" \" >\n\t\t\t\t\t\t\t\t<img title=\"Monumentalplastik \u201eEuropa, der letzte Wurf\u201c w\u00e4hrend der Entstehung im Atelier\" alt=\"Monumentalplastik \u201eEuropa, der letzte Wurf\u201c w\u00e4hrend der Entstehung im Atelier\" src=\"https:\/\/wernerdeck.de\/blog\/wp-content\/gallery\/pavel-atelier-02\/thumbs\/thumbs_offenes-atelier-pavel-miguel-berghausen-2026-98.jpg\" width='240' height='160' \/>\n\t\t\t\t\t\t\t<\/a>\n\t\t\t<span>\n\t\t\t \t\t\t<\/span>\n\t\t<\/div>\n\t<\/div>\n\t\t\t\t\t\t\t\t\n\t<div id=\"ngg-image-16106\" class=\"ngg-gallery-thumbnail-box\" style=\"width:25%;\" >\n\t\t<div class=\"ngg-gallery-thumbnail\" >\n\t\t\t<a href=\"https:\/\/wernerdeck.de\/blog\/wp-content\/gallery\/pavel-atelier-02\/offenes-atelier-pavel-miguel-berghausen-2026-99.jpg\"\n\t\t\t\ttitle=\" \"\n\t\t\t\tclass=\"ngg-simplelightbox\" rel=\"632ff09916c4c3a8ceaeb1e12d1756f8\" data-image-id=\"16106\" data-src=\"https:\/\/wernerdeck.de\/blog\/wp-content\/gallery\/pavel-atelier-02\/offenes-atelier-pavel-miguel-berghausen-2026-99.jpg\" data-thumbnail=\"https:\/\/wernerdeck.de\/blog\/wp-content\/gallery\/pavel-atelier-02\/thumbs\/thumbs_offenes-atelier-pavel-miguel-berghausen-2026-99.jpg\" data-title=\"Monumentalplastik \u201eEuropa, der letzte Wurf\u201c w\u00e4hrend der Entstehung im Atelier\" data-description=\" \" >\n\t\t\t\t\t\t\t\t<img title=\"Monumentalplastik \u201eEuropa, der letzte Wurf\u201c w\u00e4hrend der Entstehung im Atelier\" alt=\"Monumentalplastik \u201eEuropa, der letzte Wurf\u201c w\u00e4hrend der Entstehung im Atelier\" src=\"https:\/\/wernerdeck.de\/blog\/wp-content\/gallery\/pavel-atelier-02\/thumbs\/thumbs_offenes-atelier-pavel-miguel-berghausen-2026-99.jpg\" width='240' height='160' \/>\n\t\t\t\t\t\t\t<\/a>\n\t\t\t<span>\n\t\t\t \t\t\t<\/span>\n\t\t<\/div>\n\t<\/div>\n\t\t\t\t\t\t\t<br style=\"clear: both\" \/>\n\t\t\t\n\t<!-- Pagination -->\n\t\t<div class='ngg-clear'><\/div>\t\n<\/div>\n\n\tF\u00fcr mich sind solche Besuche immer etwas Besonderes. Man sieht eben nicht nur das fertige Ergebnis, sondern erlebt auch den kreativen Prozess dahinter \u2013 mit all der Geduld, Leidenschaft und Pr\u00e4zision, die Pavel daf\u00fcr einsetzt.<\/p>\n<h4>Zeit f\u00fcr den n\u00e4chsten Termin<\/h4>\n<p><img loading=\"lazy\" decoding=\"async\" class=\"size-medium wp-image-34552 alignleft\" src=\"https:\/\/wernerdeck.de\/blog\/wp-content\/uploads\/2026\/07\/offenes-atelier-pavel-miguel-berghausen-2026-baggersee-streitkoepfle-300x206.png\" alt=\"Besuch am Baggersee Steitk\u00f6pfle\" width=\"300\" height=\"206\" srcset=\"https:\/\/wernerdeck.de\/blog\/wp-content\/uploads\/2026\/07\/offenes-atelier-pavel-miguel-berghausen-2026-baggersee-streitkoepfle-300x206.png 300w, https:\/\/wernerdeck.de\/blog\/wp-content\/uploads\/2026\/07\/offenes-atelier-pavel-miguel-berghausen-2026-baggersee-streitkoepfle-1024x704.png 1024w, https:\/\/wernerdeck.de\/blog\/wp-content\/uploads\/2026\/07\/offenes-atelier-pavel-miguel-berghausen-2026-baggersee-streitkoepfle-768x528.png 768w, https:\/\/wernerdeck.de\/blog\/wp-content\/uploads\/2026\/07\/offenes-atelier-pavel-miguel-berghausen-2026-baggersee-streitkoepfle.png 1198w\" sizes=\"auto, (max-width: 300px) 100vw, 300px\" \/>W\u00e4hrend wir uns unterhielten, trafen nach und nach die ersten Besucher des Offenen Ateliers ein. Damit war f\u00fcr mich der richtige Zeitpunkt gekommen, mich zu verabschieden. Schlie\u00dflich wartete meine liebe Rita bereits am Baggersee Streitk\u00f6pfle in Linkenheim auf mich. Und bis dorthin lagen immerhin noch einmal fast 22 Kilometer auf dem Fahrrad vor mir.<\/p>\n<p>Ein sch\u00f6ner Tag, interessante Gespr\u00e4che, spannende Einblicke in die Entstehung einer au\u00dfergew\u00f6hnlichen Skulptur \u2013 und am Ende standen fast 47 Kilometer auf dem Fahrradtacho. Besser kann man einen Sommertag kaum verbringen.<\/p>\n","protected":false},"excerpt":{"rendered":"<p>Offenes Atelier bei Pavel Miguel \u2013 Ein Blick hinter die Kulissen einer Monumentalplastik Offenes Atelier Pavel Miguel. Gestern stand wieder einmal ein Besuch bei meinem kubanischen K\u00fcnstlerfreund Pavel Miguel auf dem Programm. Anlass war sein zweit\u00e4giges \u201eOffenes Atelier\u201c in Berghausen. Da das Wetter perfekt zum Radfahren war, schwang ich mich fr\u00fch morgens aufs Fahrrad und &#8230; <a title=\"Offenes Atelier Pavel Miguel \u2013 Blick hinter die Kulissen\" class=\"read-more\" href=\"https:\/\/wernerdeck.de\/blog\/2026\/07\/12\/offenes-atelier-pavel-miguel-berghausen\/\" aria-label=\"Mehr Informationen \u00fcber Offenes Atelier Pavel Miguel \u2013 Blick hinter die Kulissen\">Weiterlesen<\/a><\/p>\n","protected":false},"author":1,"featured_media":34509,"comment_status":"open","ping_status":"open","sticky":false,"template":"","format":"standard","meta":{"ngg_post_thumbnail":0,"iawp_total_views":7,"footnotes":""},"categories":[229],"tags":[1893,1894,131,206,1895,1896,1892,202,1220,1574],"class_list":["post-34507","post","type-post","status-publish","format-standard","has-post-thumbnail","hentry","category-kunst","tag-berghausen","tag-europa-der-letzte-wurf","tag-karlsruhe","tag-kunst","tag-kuenstleratelier","tag-monumentalplastik","tag-offenes-atelier","tag-pavel-miguel","tag-skulptur","tag-zeitgenoessische-kunst"],"yoast_head":"<!-- This site is optimized with the Yoast SEO plugin v28.4 - https:\/\/yoast.com\/product\/yoast-seo-wordpress\/ -->\n<title>Offenes Atelier Pavel Miguel \u2013 Blick hinter die Kulissen - Privater Blog von Werner Deck<\/title>\n<meta name=\"description\" content=\"Besuch bei Pavel Miguel beim Offenen Atelier in Berghausen, spannende Einblicke in Entstehung der Monumentalplastik: Europa, der letzte Wurf\" \/>\n<meta name=\"robots\" content=\"index, follow, max-snippet:-1, max-image-preview:large, max-video-preview:-1\" \/>\n<link rel=\"canonical\" href=\"https:\/\/wernerdeck.de\/blog\/2026\/07\/12\/offenes-atelier-pavel-miguel-berghausen\/\" \/>\n<meta property=\"og:locale\" content=\"de_DE\" \/>\n<meta property=\"og:type\" content=\"article\" \/>\n<meta property=\"og:title\" content=\"Offenes Atelier Pavel Miguel \u2013 Blick hinter die Kulissen - Privater Blog von Werner Deck\" \/>\n<meta property=\"og:description\" content=\"Besuch bei Pavel Miguel beim Offenen Atelier in Berghausen, spannende Einblicke in Entstehung der Monumentalplastik: Europa, der letzte Wurf\" \/>\n<meta property=\"og:url\" content=\"https:\/\/wernerdeck.de\/blog\/2026\/07\/12\/offenes-atelier-pavel-miguel-berghausen\/\" \/>\n<meta property=\"og:site_name\" content=\"Privater Blog von Werner Deck\" \/>\n<meta property=\"article:publisher\" content=\"https:\/\/www.facebook.com\/werner.deck\/\" \/>\n<meta property=\"article:author\" content=\"https:\/\/www.facebook.com\/werner.deck\/\" \/>\n<meta property=\"article:published_time\" content=\"2026-07-12T07:19:12+00:00\" \/>\n<meta property=\"og:image\" content=\"https:\/\/wernerdeck.de\/blog\/wp-content\/uploads\/2026\/07\/offenes-atelier-pavel-miguel-berghausen-2026-01.png\" \/>\n\t<meta property=\"og:image:width\" content=\"1200\" \/>\n\t<meta property=\"og:image:height\" content=\"628\" \/>\n\t<meta property=\"og:image:type\" content=\"image\/png\" \/>\n<meta name=\"author\" content=\"Werner Deck\" \/>\n<meta name=\"twitter:card\" content=\"summary_large_image\" \/>\n<meta name=\"twitter:label1\" content=\"Verfasst von\" \/>\n\t<meta name=\"twitter:data1\" content=\"Werner Deck\" \/>\n\t<meta name=\"twitter:label2\" content=\"Gesch\u00e4tzte Lesezeit\" \/>\n\t<meta name=\"twitter:data2\" content=\"3\u00a0Minuten\" \/>\n<script type=\"application\/ld+json\" class=\"yoast-schema-graph\">{\"@context\":\"https:\\\/\\\/schema.org\",\"@graph\":[{\"@type\":\"Article\",\"@id\":\"https:\\\/\\\/wernerdeck.de\\\/blog\\\/2026\\\/07\\\/12\\\/offenes-atelier-pavel-miguel-berghausen\\\/#article\",\"isPartOf\":{\"@id\":\"https:\\\/\\\/wernerdeck.de\\\/blog\\\/2026\\\/07\\\/12\\\/offenes-atelier-pavel-miguel-berghausen\\\/\"},\"author\":{\"name\":\"Werner Deck\",\"@id\":\"https:\\\/\\\/wernerdeck.de\\\/blog\\\/#\\\/schema\\\/person\\\/7af62de1f11b0a09297eeb81281e523c\"},\"headline\":\"Offenes Atelier Pavel Miguel \u2013 Blick hinter die Kulissen\",\"datePublished\":\"2026-07-12T07:19:12+00:00\",\"mainEntityOfPage\":{\"@id\":\"https:\\\/\\\/wernerdeck.de\\\/blog\\\/2026\\\/07\\\/12\\\/offenes-atelier-pavel-miguel-berghausen\\\/\"},\"wordCount\":468,\"commentCount\":0,\"publisher\":{\"@id\":\"https:\\\/\\\/wernerdeck.de\\\/blog\\\/#\\\/schema\\\/person\\\/7af62de1f11b0a09297eeb81281e523c\"},\"image\":{\"@id\":\"https:\\\/\\\/wernerdeck.de\\\/blog\\\/2026\\\/07\\\/12\\\/offenes-atelier-pavel-miguel-berghausen\\\/#primaryimage\"},\"thumbnailUrl\":\"https:\\\/\\\/wernerdeck.de\\\/blog\\\/wp-content\\\/uploads\\\/2026\\\/07\\\/offenes-atelier-pavel-miguel-berghausen-2026-01.png\",\"keywords\":[\"Berghausen\",\"Europa der letzte Wurf\",\"Karlsruhe\",\"Kunst\",\"K\u00fcnstleratelier\",\"Monumentalplastik\",\"Offenes Atelier\",\"Pavel Miguel\",\"Skulptur\",\"zeitgen\u00f6ssische Kunst\"],\"articleSection\":[\"Kunst\"],\"inLanguage\":\"de\",\"potentialAction\":[{\"@type\":\"CommentAction\",\"name\":\"Comment\",\"target\":[\"https:\\\/\\\/wernerdeck.de\\\/blog\\\/2026\\\/07\\\/12\\\/offenes-atelier-pavel-miguel-berghausen\\\/#respond\"]}]},{\"@type\":\"WebPage\",\"@id\":\"https:\\\/\\\/wernerdeck.de\\\/blog\\\/2026\\\/07\\\/12\\\/offenes-atelier-pavel-miguel-berghausen\\\/\",\"url\":\"https:\\\/\\\/wernerdeck.de\\\/blog\\\/2026\\\/07\\\/12\\\/offenes-atelier-pavel-miguel-berghausen\\\/\",\"name\":\"Offenes Atelier Pavel Miguel \u2013 Blick hinter die Kulissen - Privater Blog von Werner Deck\",\"isPartOf\":{\"@id\":\"https:\\\/\\\/wernerdeck.de\\\/blog\\\/#website\"},\"primaryImageOfPage\":{\"@id\":\"https:\\\/\\\/wernerdeck.de\\\/blog\\\/2026\\\/07\\\/12\\\/offenes-atelier-pavel-miguel-berghausen\\\/#primaryimage\"},\"image\":{\"@id\":\"https:\\\/\\\/wernerdeck.de\\\/blog\\\/2026\\\/07\\\/12\\\/offenes-atelier-pavel-miguel-berghausen\\\/#primaryimage\"},\"thumbnailUrl\":\"https:\\\/\\\/wernerdeck.de\\\/blog\\\/wp-content\\\/uploads\\\/2026\\\/07\\\/offenes-atelier-pavel-miguel-berghausen-2026-01.png\",\"datePublished\":\"2026-07-12T07:19:12+00:00\",\"description\":\"Besuch bei Pavel Miguel beim Offenen Atelier in Berghausen, spannende Einblicke in Entstehung der Monumentalplastik: Europa, der letzte Wurf\",\"breadcrumb\":{\"@id\":\"https:\\\/\\\/wernerdeck.de\\\/blog\\\/2026\\\/07\\\/12\\\/offenes-atelier-pavel-miguel-berghausen\\\/#breadcrumb\"},\"inLanguage\":\"de\",\"potentialAction\":[{\"@type\":\"ReadAction\",\"target\":[\"https:\\\/\\\/wernerdeck.de\\\/blog\\\/2026\\\/07\\\/12\\\/offenes-atelier-pavel-miguel-berghausen\\\/\"]}]},{\"@type\":\"ImageObject\",\"inLanguage\":\"de\",\"@id\":\"https:\\\/\\\/wernerdeck.de\\\/blog\\\/2026\\\/07\\\/12\\\/offenes-atelier-pavel-miguel-berghausen\\\/#primaryimage\",\"url\":\"https:\\\/\\\/wernerdeck.de\\\/blog\\\/wp-content\\\/uploads\\\/2026\\\/07\\\/offenes-atelier-pavel-miguel-berghausen-2026-01.png\",\"contentUrl\":\"https:\\\/\\\/wernerdeck.de\\\/blog\\\/wp-content\\\/uploads\\\/2026\\\/07\\\/offenes-atelier-pavel-miguel-berghausen-2026-01.png\",\"width\":1200,\"height\":628,\"caption\":\"Pavel Miguel arbeitet an seiner neuen Skulptur \u201eEuropa, der letzte Wurf\u201c\"},{\"@type\":\"BreadcrumbList\",\"@id\":\"https:\\\/\\\/wernerdeck.de\\\/blog\\\/2026\\\/07\\\/12\\\/offenes-atelier-pavel-miguel-berghausen\\\/#breadcrumb\",\"itemListElement\":[{\"@type\":\"ListItem\",\"position\":1,\"name\":\"Startseite\",\"item\":\"https:\\\/\\\/wernerdeck.de\\\/blog\\\/\"},{\"@type\":\"ListItem\",\"position\":2,\"name\":\"Offenes Atelier Pavel Miguel \u2013 Blick hinter die Kulissen\"}]},{\"@type\":\"WebSite\",\"@id\":\"https:\\\/\\\/wernerdeck.de\\\/blog\\\/#website\",\"url\":\"https:\\\/\\\/wernerdeck.de\\\/blog\\\/\",\"name\":\"Blog von Werner Deck\",\"description\":\"\",\"publisher\":{\"@id\":\"https:\\\/\\\/wernerdeck.de\\\/blog\\\/#\\\/schema\\\/person\\\/7af62de1f11b0a09297eeb81281e523c\"},\"potentialAction\":[{\"@type\":\"SearchAction\",\"target\":{\"@type\":\"EntryPoint\",\"urlTemplate\":\"https:\\\/\\\/wernerdeck.de\\\/blog\\\/?s={search_term_string}\"},\"query-input\":{\"@type\":\"PropertyValueSpecification\",\"valueRequired\":true,\"valueName\":\"search_term_string\"}}],\"inLanguage\":\"de\"},{\"@type\":[\"Person\",\"Organization\"],\"@id\":\"https:\\\/\\\/wernerdeck.de\\\/blog\\\/#\\\/schema\\\/person\\\/7af62de1f11b0a09297eeb81281e523c\",\"name\":\"Werner Deck\",\"image\":{\"@type\":\"ImageObject\",\"inLanguage\":\"de\",\"@id\":\"https:\\\/\\\/wernerdeck.de\\\/blog\\\/wp-content\\\/uploads\\\/2022\\\/05\\\/Werner-Deck-995x1024.jpg\",\"url\":\"https:\\\/\\\/wernerdeck.de\\\/blog\\\/wp-content\\\/uploads\\\/2022\\\/05\\\/Werner-Deck-995x1024.jpg\",\"contentUrl\":\"https:\\\/\\\/wernerdeck.de\\\/blog\\\/wp-content\\\/uploads\\\/2022\\\/05\\\/Werner-Deck-995x1024.jpg\",\"width\":995,\"height\":1024,\"caption\":\"Werner Deck\"},\"logo\":{\"@id\":\"https:\\\/\\\/wernerdeck.de\\\/blog\\\/wp-content\\\/uploads\\\/2022\\\/05\\\/Werner-Deck-995x1024.jpg\"},\"sameAs\":[\"https:\\\/\\\/wernerdeck.de\\\/blog\",\"https:\\\/\\\/www.facebook.com\\\/werner.deck\\\/\",\"https:\\\/\\\/www.instagram.com\\\/opti_maler_deck\\\/\",\"https:\\\/\\\/www.youtube.com\\\/c\\\/WernerDeck\"],\"url\":\"https:\\\/\\\/wernerdeck.de\\\/blog\\\/author\\\/wernerdeck-de\\\/\"}]}<\/script>\n<!-- \/ Yoast SEO plugin. -->","yoast_head_json":{"title":"Offenes Atelier Pavel Miguel \u2013 Blick hinter die Kulissen - Privater Blog von Werner Deck","description":"Besuch bei Pavel Miguel beim Offenen Atelier in Berghausen, spannende Einblicke in Entstehung der Monumentalplastik: Europa, der letzte Wurf","robots":{"index":"index","follow":"follow","max-snippet":"max-snippet:-1","max-image-preview":"max-image-preview:large","max-video-preview":"max-video-preview:-1"},"canonical":"https:\/\/wernerdeck.de\/blog\/2026\/07\/12\/offenes-atelier-pavel-miguel-berghausen\/","og_locale":"de_DE","og_type":"article","og_title":"Offenes Atelier Pavel Miguel \u2013 Blick hinter die Kulissen - Privater Blog von Werner Deck","og_description":"Besuch bei Pavel Miguel beim Offenen Atelier in Berghausen, spannende Einblicke in Entstehung der Monumentalplastik: Europa, der letzte Wurf","og_url":"https:\/\/wernerdeck.de\/blog\/2026\/07\/12\/offenes-atelier-pavel-miguel-berghausen\/","og_site_name":"Privater Blog von Werner Deck","article_publisher":"https:\/\/www.facebook.com\/werner.deck\/","article_author":"https:\/\/www.facebook.com\/werner.deck\/","article_published_time":"2026-07-12T07:19:12+00:00","og_image":[{"width":1200,"height":628,"url":"https:\/\/wernerdeck.de\/blog\/wp-content\/uploads\/2026\/07\/offenes-atelier-pavel-miguel-berghausen-2026-01.png","type":"image\/png"}],"author":"Werner Deck","twitter_card":"summary_large_image","twitter_misc":{"Verfasst von":"Werner Deck","Gesch\u00e4tzte Lesezeit":"3\u00a0Minuten"},"schema":{"@context":"https:\/\/schema.org","@graph":[{"@type":"Article","@id":"https:\/\/wernerdeck.de\/blog\/2026\/07\/12\/offenes-atelier-pavel-miguel-berghausen\/#article","isPartOf":{"@id":"https:\/\/wernerdeck.de\/blog\/2026\/07\/12\/offenes-atelier-pavel-miguel-berghausen\/"},"author":{"name":"Werner Deck","@id":"https:\/\/wernerdeck.de\/blog\/#\/schema\/person\/7af62de1f11b0a09297eeb81281e523c"},"headline":"Offenes Atelier Pavel Miguel \u2013 Blick hinter die Kulissen","datePublished":"2026-07-12T07:19:12+00:00","mainEntityOfPage":{"@id":"https:\/\/wernerdeck.de\/blog\/2026\/07\/12\/offenes-atelier-pavel-miguel-berghausen\/"},"wordCount":468,"commentCount":0,"publisher":{"@id":"https:\/\/wernerdeck.de\/blog\/#\/schema\/person\/7af62de1f11b0a09297eeb81281e523c"},"image":{"@id":"https:\/\/wernerdeck.de\/blog\/2026\/07\/12\/offenes-atelier-pavel-miguel-berghausen\/#primaryimage"},"thumbnailUrl":"https:\/\/wernerdeck.de\/blog\/wp-content\/uploads\/2026\/07\/offenes-atelier-pavel-miguel-berghausen-2026-01.png","keywords":["Berghausen","Europa der letzte Wurf","Karlsruhe","Kunst","K\u00fcnstleratelier","Monumentalplastik","Offenes Atelier","Pavel Miguel","Skulptur","zeitgen\u00f6ssische Kunst"],"articleSection":["Kunst"],"inLanguage":"de","potentialAction":[{"@type":"CommentAction","name":"Comment","target":["https:\/\/wernerdeck.de\/blog\/2026\/07\/12\/offenes-atelier-pavel-miguel-berghausen\/#respond"]}]},{"@type":"WebPage","@id":"https:\/\/wernerdeck.de\/blog\/2026\/07\/12\/offenes-atelier-pavel-miguel-berghausen\/","url":"https:\/\/wernerdeck.de\/blog\/2026\/07\/12\/offenes-atelier-pavel-miguel-berghausen\/","name":"Offenes Atelier Pavel Miguel \u2013 Blick hinter die Kulissen - Privater Blog von Werner Deck","isPartOf":{"@id":"https:\/\/wernerdeck.de\/blog\/#website"},"primaryImageOfPage":{"@id":"https:\/\/wernerdeck.de\/blog\/2026\/07\/12\/offenes-atelier-pavel-miguel-berghausen\/#primaryimage"},"image":{"@id":"https:\/\/wernerdeck.de\/blog\/2026\/07\/12\/offenes-atelier-pavel-miguel-berghausen\/#primaryimage"},"thumbnailUrl":"https:\/\/wernerdeck.de\/blog\/wp-content\/uploads\/2026\/07\/offenes-atelier-pavel-miguel-berghausen-2026-01.png","datePublished":"2026-07-12T07:19:12+00:00","description":"Besuch bei Pavel Miguel beim Offenen Atelier in Berghausen, spannende Einblicke in Entstehung der Monumentalplastik: Europa, der letzte Wurf","breadcrumb":{"@id":"https:\/\/wernerdeck.de\/blog\/2026\/07\/12\/offenes-atelier-pavel-miguel-berghausen\/#breadcrumb"},"inLanguage":"de","potentialAction":[{"@type":"ReadAction","target":["https:\/\/wernerdeck.de\/blog\/2026\/07\/12\/offenes-atelier-pavel-miguel-berghausen\/"]}]},{"@type":"ImageObject","inLanguage":"de","@id":"https:\/\/wernerdeck.de\/blog\/2026\/07\/12\/offenes-atelier-pavel-miguel-berghausen\/#primaryimage","url":"https:\/\/wernerdeck.de\/blog\/wp-content\/uploads\/2026\/07\/offenes-atelier-pavel-miguel-berghausen-2026-01.png","contentUrl":"https:\/\/wernerdeck.de\/blog\/wp-content\/uploads\/2026\/07\/offenes-atelier-pavel-miguel-berghausen-2026-01.png","width":1200,"height":628,"caption":"Pavel Miguel arbeitet an seiner neuen Skulptur \u201eEuropa, der letzte Wurf\u201c"},{"@type":"BreadcrumbList","@id":"https:\/\/wernerdeck.de\/blog\/2026\/07\/12\/offenes-atelier-pavel-miguel-berghausen\/#breadcrumb","itemListElement":[{"@type":"ListItem","position":1,"name":"Startseite","item":"https:\/\/wernerdeck.de\/blog\/"},{"@type":"ListItem","position":2,"name":"Offenes Atelier Pavel Miguel \u2013 Blick hinter die Kulissen"}]},{"@type":"WebSite","@id":"https:\/\/wernerdeck.de\/blog\/#website","url":"https:\/\/wernerdeck.de\/blog\/","name":"Blog von Werner Deck","description":"","publisher":{"@id":"https:\/\/wernerdeck.de\/blog\/#\/schema\/person\/7af62de1f11b0a09297eeb81281e523c"},"potentialAction":[{"@type":"SearchAction","target":{"@type":"EntryPoint","urlTemplate":"https:\/\/wernerdeck.de\/blog\/?s={search_term_string}"},"query-input":{"@type":"PropertyValueSpecification","valueRequired":true,"valueName":"search_term_string"}}],"inLanguage":"de"},{"@type":["Person","Organization"],"@id":"https:\/\/wernerdeck.de\/blog\/#\/schema\/person\/7af62de1f11b0a09297eeb81281e523c","name":"Werner Deck","image":{"@type":"ImageObject","inLanguage":"de","@id":"https:\/\/wernerdeck.de\/blog\/wp-content\/uploads\/2022\/05\/Werner-Deck-995x1024.jpg","url":"https:\/\/wernerdeck.de\/blog\/wp-content\/uploads\/2022\/05\/Werner-Deck-995x1024.jpg","contentUrl":"https:\/\/wernerdeck.de\/blog\/wp-content\/uploads\/2022\/05\/Werner-Deck-995x1024.jpg","width":995,"height":1024,"caption":"Werner Deck"},"logo":{"@id":"https:\/\/wernerdeck.de\/blog\/wp-content\/uploads\/2022\/05\/Werner-Deck-995x1024.jpg"},"sameAs":["https:\/\/wernerdeck.de\/blog","https:\/\/www.facebook.com\/werner.deck\/","https:\/\/www.instagram.com\/opti_maler_deck\/","https:\/\/www.youtube.com\/c\/WernerDeck"],"url":"https:\/\/wernerdeck.de\/blog\/author\/wernerdeck-de\/"}]}},"_links":{"self":[{"href":"https:\/\/wernerdeck.de\/blog\/wp-json\/wp\/v2\/posts\/34507","targetHints":{"allow":["GET"]}}],"collection":[{"href":"https:\/\/wernerdeck.de\/blog\/wp-json\/wp\/v2\/posts"}],"about":[{"href":"https:\/\/wernerdeck.de\/blog\/wp-json\/wp\/v2\/types\/post"}],"author":[{"embeddable":true,"href":"https:\/\/wernerdeck.de\/blog\/wp-json\/wp\/v2\/users\/1"}],"replies":[{"embeddable":true,"href":"https:\/\/wernerdeck.de\/blog\/wp-json\/wp\/v2\/comments?post=34507"}],"version-history":[{"count":7,"href":"https:\/\/wernerdeck.de\/blog\/wp-json\/wp\/v2\/posts\/34507\/revisions"}],"predecessor-version":[{"id":34553,"href":"https:\/\/wernerdeck.de\/blog\/wp-json\/wp\/v2\/posts\/34507\/revisions\/34553"}],"wp:featuredmedia":[{"embeddable":true,"href":"https:\/\/wernerdeck.de\/blog\/wp-json\/wp\/v2\/media\/34509"}],"wp:attachment":[{"href":"https:\/\/wernerdeck.de\/blog\/wp-json\/wp\/v2\/media?parent=34507"}],"wp:term":[{"taxonomy":"category","embeddable":true,"href":"https:\/\/wernerdeck.de\/blog\/wp-json\/wp\/v2\/categories?post=34507"},{"taxonomy":"post_tag","embeddable":true,"href":"https:\/\/wernerdeck.de\/blog\/wp-json\/wp\/v2\/tags?post=34507"}],"curies":[{"name":"wp","href":"https:\/\/api.w.org\/{rel}","templated":true}]}}