{"id":33491,"date":"2026-04-27T09:02:20","date_gmt":"2026-04-27T07:02:20","guid":{"rendered":"https:\/\/wernerdeck.de\/blog\/?p=33491"},"modified":"2026-04-27T09:02:20","modified_gmt":"2026-04-27T07:02:20","slug":"radtour-bad-friedrichshall-peter-2026","status":"publish","type":"post","link":"https:\/\/wernerdeck.de\/blog\/2026\/04\/27\/radtour-bad-friedrichshall-peter-2026\/","title":{"rendered":"Radtour Bad Friedrichshall: 4 Tage entlang von Kocher &#038; Jagst"},"content":{"rendered":"<h3><b>Radtour mit Peter: vier Tage, drei Fl\u00fcsse und \u00fcber 63 Jahre Freundschaft<\/b><\/h3>\n<p><span style=\"font-weight: 400;\"><a href=\"https:\/\/www.malerdeck.de\/blog\/ungewoehnlich-und-sehr-besonders-beste-freunde-seit-ueber-50-jahren\" target=\"_blank\" rel=\"noopener\"><img loading=\"lazy\" decoding=\"async\" class=\" wp-image-25875 alignleft\" src=\"https:\/\/wernerdeck.de\/blog\/wp-content\/uploads\/2025\/05\/Peter-und-Werner-ca-1965-300x272.jpg\" alt=\"Freund Peter und Werner ca 1965\" width=\"235\" height=\"213\" srcset=\"https:\/\/wernerdeck.de\/blog\/wp-content\/uploads\/2025\/05\/Peter-und-Werner-ca-1965-300x272.jpg 300w, https:\/\/wernerdeck.de\/blog\/wp-content\/uploads\/2025\/05\/Peter-und-Werner-ca-1965.jpg 605w\" sizes=\"auto, (max-width: 235px) 100vw, 235px\" \/><\/a>Radtour Bad Friedrichshall. Manche Dinge plant man nicht einfach \u2013 man denkt sie durch. Genau so ist es mit unserer Radtour vom 7. bis 10. Mai 2026.<\/span><\/p>\n<p><span style=\"font-weight: 400;\">Peter und ich sind seit \u00fcber 63 Jahren befreundet. Eine Freundschaft, die vieles erlebt hat und die alles andere als gew\u00f6hnlich ist.&nbsp; <\/span><span style=\"font-weight: 400;\">Wer mehr dar\u00fcber lesen m\u00f6chte, findet hier einen ausf\u00fchrlichen Beitrag vom 24. August 2014: <\/span><a href=\"https:\/\/www.malerdeck.de\/blog\/ungewoehnlich-und-sehr-besonders-beste-freunde-seit-ueber-50-jahren\" target=\"_blank\" rel=\"noopener\">Ungew\u00f6hnlich und sehr besonders: Beste Freunde seit \u00fcber 50 Jahren.<\/a><\/p>\n<p>Wenn <a href=\"https:\/\/wernerdeck.de\/blog\/2024\/02\/27\/die-zusammenfassung-aller-blogartikel-ueber-unsere-spannende-brasilienreise-im-januar-februar-2024\/\" target=\"_blank\" rel=\"noopener\">Peter aus Brasilien<\/a> da ist, gehen wir immer gemeinsam auf Radtour. Das war unsere letzte Tour: <a href=\"https:\/\/wernerdeck.de\/blog\/2025\/05\/05\/prolog-flach-statt-sportlich-warum-mein-koerper-nunmehr-das-tempo-vorgibt-und-was-bei-dieser-tour-zur-belastung-wurde\/\" target=\"_blank\" rel=\"noopener\">Prolog. Flach statt sportlich! Warum mein K\u00f6rper nunmehr das Tempo vorgibt \u2013 und was bei dieser Tour zur Belastung wurde<\/a><\/p>\n<h4><b>Warum diese Tour?<\/b><\/h4>\n<p><span style=\"font-weight: 400;\">Ich habe lange \u00fcberlegt, wohin unsere gemeinsame Radtour gehen soll. Die Anforderungen waren klar:<\/span><\/p>\n<ul>\n<li style=\"font-weight: 400;\" aria-level=\"1\"><span style=\"font-weight: 400;\">Nicht zu weit entfernt von Eggenstein \u2192 kurze Anreise<\/span><\/li>\n<li style=\"font-weight: 400;\" aria-level=\"1\"><span style=\"font-weight: 400;\">Landschaftlich reizvoll<\/span><\/li>\n<li style=\"font-weight: 400;\" aria-level=\"1\"><span style=\"font-weight: 400;\">M\u00f6glichst entlang von Fl\u00fcssen<\/span><\/li>\n<li style=\"font-weight: 400;\" aria-level=\"1\"><span style=\"font-weight: 400;\">Mehrere flexible Tourm\u00f6glichkeiten<\/span><\/li>\n<\/ul>\n<figure id=\"attachment_33504\" aria-describedby=\"caption-attachment-33504\" style=\"width: 425px\" class=\"wp-caption alignleft\"><img loading=\"lazy\" decoding=\"async\" class=\"wp-image-33504\" src=\"https:\/\/wernerdeck.de\/blog\/wp-content\/uploads\/2026\/04\/radtour-bad-friedrichshall-01.png\" alt=\"Radtour Bad Friedrichshall. Anfahrt mit dem Auto\" width=\"435\" height=\"224\" srcset=\"https:\/\/wernerdeck.de\/blog\/wp-content\/uploads\/2026\/04\/radtour-bad-friedrichshall-01.png 998w, https:\/\/wernerdeck.de\/blog\/wp-content\/uploads\/2026\/04\/radtour-bad-friedrichshall-01-300x155.png 300w, https:\/\/wernerdeck.de\/blog\/wp-content\/uploads\/2026\/04\/radtour-bad-friedrichshall-01-768x396.png 768w\" sizes=\"auto, (max-width: 435px) 100vw, 435px\" \/><figcaption id=\"caption-attachment-33504\" class=\"wp-caption-text\">Von Eggenstein nach Bad Friedrichshall<\/figcaption><\/figure>\n<p><span style=\"font-weight: 400;\">Nach vielen \u00dcberlegungen bin ich schlie\u00dflich auf die Flussradwege in Baden-W\u00fcrttemberg gesto\u00dfen \u2013 und habe schnell gemerkt: Das passt perfekt. Radtour Bad Friedrichshall.<\/span><\/p>\n<h4><b>Unser Standort: Bad Friedrichshall<\/b><\/h4>\n<p><span style=\"font-weight: 400;\">Unsere Wahl fiel auf Bad Friedrichshall. Von Eggenstein aus sind wir in etwas mehr als einer Stunde vor Ort \u2013 und befinden uns mitten in einer Region, die wie gemacht ist f\u00fcr abwechslungsreiche Radtouren. Kocher, Jagst und viele kleinere Fl\u00fcsse bieten hier ideale Bedingungen f\u00fcr entspannte, aber dennoch interessante Strecken.<\/span><\/p>\n<h4><b>Unsere geplanten Touren<\/b><\/h4>\n<p><span style=\"font-weight: 400;\">Wir haben uns bewusst mehrere Optionen offengehalten. Je nach Wetter, Lust und Tagesform entscheiden wir spontan vor Ort:<\/span><\/p>\n<ul>\n<li style=\"font-weight: 400;\" aria-level=\"1\"><span style=\"font-weight: 400;\">Kocher-Jagst-Radweg (Tagestour)<\/span><\/li>\n<li style=\"font-weight: 400;\" aria-level=\"1\"><span style=\"font-weight: 400;\">Hohe Stra\u00dfe zwischen Kocher- und Jagsttal (zwei Varianten: k\u00fcrzer &amp; l\u00e4nger)<\/span><\/li>\n<li style=\"font-weight: 400;\" aria-level=\"1\"><span style=\"font-weight: 400;\">Ohrntal- \/ Kocher-Jagst- \/ Brettach-Runde in Hohenlohe<\/span><\/li>\n<\/ul>\n<p><span style=\"font-weight: 400;\">Genau diese Flexibilit\u00e4t macht f\u00fcr uns den Reiz aus: kein starrer Plan, sondern jeden Tag neu entscheiden.<\/span><\/p>\n\n<div class=\"ngg-galleryoverview ngg-template-caption\" id=\"ngg-gallery-94af01cb292db05d61a1e7cf1bbb11c9-33491\">\n\n\t\t\n\t<!-- Thumbnails -->\n\t\t\t\t\t\n\t<div id=\"ngg-image-15614\" class=\"ngg-gallery-thumbnail-box\" style=\"width:25%;\" >\n\t\t<div class=\"ngg-gallery-thumbnail\" >\n\t\t\t<a href=\"https:\/\/wernerdeck.de\/blog\/wp-content\/gallery\/kocher-jagst\/radtour-bad-friedrichshall-04.jpg\"\n\t\t\t\ttitle=\"KJ1 Tagestour am Kocher-Jagst-Radweg,  77 km\"\n\t\t\t\tclass=\"ngg-simplelightbox\" rel=\"94af01cb292db05d61a1e7cf1bbb11c9\" data-image-id=\"15614\" data-src=\"https:\/\/wernerdeck.de\/blog\/wp-content\/gallery\/kocher-jagst\/radtour-bad-friedrichshall-04.jpg\" data-thumbnail=\"https:\/\/wernerdeck.de\/blog\/wp-content\/gallery\/kocher-jagst\/thumbs\/thumbs_radtour-bad-friedrichshall-04.jpg\" data-title=\"KJ1 Tagestour am Kocher-Jagst-Radweg \" data-description=\"KJ1 Tagestour am Kocher-Jagst-Radweg,  77 km\" >\n\t\t\t\t\t\t\t\t<img title=\"KJ1 Tagestour am Kocher-Jagst-Radweg \" alt=\"KJ1 Tagestour am Kocher-Jagst-Radweg \" src=\"https:\/\/wernerdeck.de\/blog\/wp-content\/gallery\/kocher-jagst\/thumbs\/thumbs_radtour-bad-friedrichshall-04.jpg\" width='240' height='160' \/>\n\t\t\t\t\t\t\t<\/a>\n\t\t\t<span>\n\t\t\tKJ1 Tagestour am Kocher-Jagst-Radweg,  77 km\t\t\t<\/span>\n\t\t<\/div>\n\t<\/div>\n\t\t\t\t\t\t\t\t\n\t<div id=\"ngg-image-15612\" class=\"ngg-gallery-thumbnail-box\" style=\"width:25%;\" >\n\t\t<div class=\"ngg-gallery-thumbnail\" >\n\t\t\t<a href=\"https:\/\/wernerdeck.de\/blog\/wp-content\/gallery\/kocher-jagst\/radtour-bad-friedrichshall-07.jpg\"\n\t\t\t\ttitle=\"KJ3 k\u00fcrzer. Die Hohe Stra\u00dfe zwischen Kocher- und Jagsttal - Radweg im Kochertal, 51 km\"\n\t\t\t\tclass=\"ngg-simplelightbox\" rel=\"94af01cb292db05d61a1e7cf1bbb11c9\" data-image-id=\"15612\" data-src=\"https:\/\/wernerdeck.de\/blog\/wp-content\/gallery\/kocher-jagst\/radtour-bad-friedrichshall-07.jpg\" data-thumbnail=\"https:\/\/wernerdeck.de\/blog\/wp-content\/gallery\/kocher-jagst\/thumbs\/thumbs_radtour-bad-friedrichshall-07.jpg\" data-title=\"KJ3 k\u00fcrzer. Die Hohe Stra\u00dfe zwischen Kocher- und Jagsttal - Radweg im Kochertal\" data-description=\"KJ3 k\u00fcrzer. Die Hohe Stra\u00dfe zwischen Kocher- und Jagsttal - Radweg im Kochertal, 51 km\" >\n\t\t\t\t\t\t\t\t<img title=\"KJ3 k\u00fcrzer. Die Hohe Stra\u00dfe zwischen Kocher- und Jagsttal - Radweg im Kochertal\" alt=\"KJ3 k\u00fcrzer. Die Hohe Stra\u00dfe zwischen Kocher- und Jagsttal - Radweg im Kochertal\" src=\"https:\/\/wernerdeck.de\/blog\/wp-content\/gallery\/kocher-jagst\/thumbs\/thumbs_radtour-bad-friedrichshall-07.jpg\" width='240' height='160' \/>\n\t\t\t\t\t\t\t<\/a>\n\t\t\t<span>\n\t\t\tKJ3 k\u00fcrzer. Die Hohe Stra\u00dfe zwischen Kocher- und Jagsttal - Radweg im Kochertal, 51 km\t\t\t<\/span>\n\t\t<\/div>\n\t<\/div>\n\t\t\t\t\t\t\t\t\n\t<div id=\"ngg-image-15615\" class=\"ngg-gallery-thumbnail-box\" style=\"width:25%;\" >\n\t\t<div class=\"ngg-gallery-thumbnail\" >\n\t\t\t<a href=\"https:\/\/wernerdeck.de\/blog\/wp-content\/gallery\/kocher-jagst\/radtour-bad-friedrichshall-10.jpg\"\n\t\t\t\ttitle=\"KJ3 l\u00e4nger. Die Hohe Stra\u00dfe zwischen Kocher- und Jagsttal - Radweg im Kochertal, 62 km\"\n\t\t\t\tclass=\"ngg-simplelightbox\" rel=\"94af01cb292db05d61a1e7cf1bbb11c9\" data-image-id=\"15615\" data-src=\"https:\/\/wernerdeck.de\/blog\/wp-content\/gallery\/kocher-jagst\/radtour-bad-friedrichshall-10.jpg\" data-thumbnail=\"https:\/\/wernerdeck.de\/blog\/wp-content\/gallery\/kocher-jagst\/thumbs\/thumbs_radtour-bad-friedrichshall-10.jpg\" data-title=\"KJ3 l\u00e4nger. Die Hohe Stra\u00dfe zwischen Kocher- und Jagsttal - Radweg im Kochertal\" data-description=\"KJ3 l\u00e4nger. Die Hohe Stra\u00dfe zwischen Kocher- und Jagsttal - Radweg im Kochertal, 62 km\" >\n\t\t\t\t\t\t\t\t<img title=\"KJ3 l\u00e4nger. Die Hohe Stra\u00dfe zwischen Kocher- und Jagsttal - Radweg im Kochertal\" alt=\"KJ3 l\u00e4nger. Die Hohe Stra\u00dfe zwischen Kocher- und Jagsttal - Radweg im Kochertal\" src=\"https:\/\/wernerdeck.de\/blog\/wp-content\/gallery\/kocher-jagst\/thumbs\/thumbs_radtour-bad-friedrichshall-10.jpg\" width='240' height='160' \/>\n\t\t\t\t\t\t\t<\/a>\n\t\t\t<span>\n\t\t\tKJ3 l\u00e4nger. Die Hohe Stra\u00dfe zwischen Kocher- und Jagsttal - Radweg im Kochertal, 62 km\t\t\t<\/span>\n\t\t<\/div>\n\t<\/div>\n\t\t\t\t\t\t\t\t\n\t<div id=\"ngg-image-15613\" class=\"ngg-gallery-thumbnail-box\" style=\"width:25%;\" >\n\t\t<div class=\"ngg-gallery-thumbnail\" >\n\t\t\t<a href=\"https:\/\/wernerdeck.de\/blog\/wp-content\/gallery\/kocher-jagst\/radtour-bad-friedrichshall-13.jpg\"\n\t\t\t\ttitle=\"Ohrntal- Kocher-Jagst-,Brettach leichte Fluss-Radrunde in Hohenlohe, 70 km\"\n\t\t\t\tclass=\"ngg-simplelightbox\" rel=\"94af01cb292db05d61a1e7cf1bbb11c9\" data-image-id=\"15613\" data-src=\"https:\/\/wernerdeck.de\/blog\/wp-content\/gallery\/kocher-jagst\/radtour-bad-friedrichshall-13.jpg\" data-thumbnail=\"https:\/\/wernerdeck.de\/blog\/wp-content\/gallery\/kocher-jagst\/thumbs\/thumbs_radtour-bad-friedrichshall-13.jpg\" data-title=\"Ohrntal- Kocher-Jagst-,Brettach leichte Fluss-Radrunde in Hohenlohe \" data-description=\"Ohrntal- Kocher-Jagst-,Brettach leichte Fluss-Radrunde in Hohenlohe, 70 km\" >\n\t\t\t\t\t\t\t\t<img title=\"Ohrntal- Kocher-Jagst-,Brettach leichte Fluss-Radrunde in Hohenlohe \" alt=\"Ohrntal- Kocher-Jagst-,Brettach leichte Fluss-Radrunde in Hohenlohe \" src=\"https:\/\/wernerdeck.de\/blog\/wp-content\/gallery\/kocher-jagst\/thumbs\/thumbs_radtour-bad-friedrichshall-13.jpg\" width='240' height='160' \/>\n\t\t\t\t\t\t\t<\/a>\n\t\t\t<span>\n\t\t\tOhrntal- Kocher-Jagst-,Brettach leichte Fluss-Radrunde in Hohenlohe, 70 km\t\t\t<\/span>\n\t\t<\/div>\n\t<\/div>\n\t\t\t\t\t\t\t<br style=\"clear: both\" \/>\n\t\t\t\n\t<!-- Pagination -->\n\t\t<div class='ngg-clear'><\/div>\t\n<\/div>\n\n\t\n<h4><b>Der Start: 7. Mai 2026<\/b><\/h4>\n<p><span style=\"font-weight: 400;\"><img loading=\"lazy\" decoding=\"async\" class=\"alignright wp-image-13761 \" src=\"https:\/\/wernerdeck.de\/blog\/wp-content\/uploads\/2023\/10\/Allerbeste-Freunde-Peter-Ziegler-und-Werner-Deck-238x300.jpg\" alt=\"Allerbeste Freunde - Peter Ziegler und Werner Deck\" width=\"206\" height=\"260\" srcset=\"https:\/\/wernerdeck.de\/blog\/wp-content\/uploads\/2023\/10\/Allerbeste-Freunde-Peter-Ziegler-und-Werner-Deck-238x300.jpg 238w, https:\/\/wernerdeck.de\/blog\/wp-content\/uploads\/2023\/10\/Allerbeste-Freunde-Peter-Ziegler-und-Werner-Deck-812x1024.jpg 812w, https:\/\/wernerdeck.de\/blog\/wp-content\/uploads\/2023\/10\/Allerbeste-Freunde-Peter-Ziegler-und-Werner-Deck-768x969.jpg 768w, https:\/\/wernerdeck.de\/blog\/wp-content\/uploads\/2023\/10\/Allerbeste-Freunde-Peter-Ziegler-und-Werner-Deck-1218x1536.jpg 1218w, https:\/\/wernerdeck.de\/blog\/wp-content\/uploads\/2023\/10\/Allerbeste-Freunde-Peter-Ziegler-und-Werner-Deck.jpg 1500w\" sizes=\"auto, (max-width: 206px) 100vw, 206px\" \/>Am 7. Mai geht es morgens in Eggenstein los. Nach der Anreise nach Bad Friedrichshall werden wir direkt aufs Rad steigen und unsere erste Tour fahren. Wie weit es geht, wohin genau \u2013 das entscheiden wir spontan.<\/span><\/p>\n<h4><b>Was diesen Trip besonders macht<\/b><\/h4>\n<p><span style=\"font-weight: 400;\">Es ist nicht einfach nur eine Radtour. Es ist Zeit. Zeit f\u00fcr Gespr\u00e4che. Zeit f\u00fcr Erinnerungen. <\/span><span style=\"font-weight: 400;\">Zeit f\u00fcr neue Erlebnisse. <\/span><span style=\"font-weight: 400;\">Nach \u00fcber 63 Jahren Freundschaft ist so eine gemeinsame Tour immer etwas Besonderes. <\/span><\/p>\n<p><span style=\"font-weight: 400;\">&nbsp;F\u00fcr jeden Tour-Tag werde ich <\/span><span style=\"font-weight: 400;\">einen eigenen Beitrag schreiben, m\u00f6glichst direkt am Abend nach der Tour, wenn ich es zeitlich schaffe.<\/span><\/p>\n","protected":false},"excerpt":{"rendered":"<p>Radtour mit Peter: vier Tage, drei Fl\u00fcsse und \u00fcber 63 Jahre Freundschaft Radtour Bad Friedrichshall. Manche Dinge plant man nicht einfach \u2013 man denkt sie durch. Genau so ist es mit unserer Radtour vom 7. bis 10. Mai 2026. Peter und ich sind seit \u00fcber 63 Jahren befreundet. Eine Freundschaft, die vieles erlebt hat und &#8230; <a title=\"Radtour Bad Friedrichshall: 4 Tage entlang von Kocher &#038; Jagst\" class=\"read-more\" href=\"https:\/\/wernerdeck.de\/blog\/2026\/04\/27\/radtour-bad-friedrichshall-peter-2026\/\" aria-label=\"Mehr Informationen \u00fcber Radtour Bad Friedrichshall: 4 Tage entlang von Kocher &#038; Jagst\">Weiterlesen<\/a><\/p>\n","protected":false},"author":1,"featured_media":33521,"comment_status":"open","ping_status":"open","sticky":false,"template":"","format":"standard","meta":{"ngg_post_thumbnail":0,"footnotes":""},"categories":[77],"tags":[1730,1735,1524,1732,1731,1734,1733,75,1736,1737,308],"class_list":["post-33491","post","type-post","status-publish","format-standard","has-post-thumbnail","hentry","category-radtouren","tag-bad-friedrichshall","tag-flussradwege","tag-freundschaft","tag-hohenlohe","tag-kocher-jagst-radweg","tag-mehrtagestour","tag-radfahren-baden-wuerttemberg","tag-radtour","tag-radtour-2026","tag-radtour-bad-friedrichshall","tag-radtour-mit-peter"],"yoast_head":"<!-- This site is optimized with the Yoast SEO plugin v27.4 - https:\/\/yoast.com\/product\/yoast-seo-wordpress\/ -->\n<title>Radtour Bad Friedrichshall: 4 Tage entlang von Kocher &amp; Jagst - Privater Blog von Werner Deck<\/title>\n<meta name=\"description\" content=\"Vier Tage Radtour ab Bad Friedrichshall: Entlang von Kocher, Jagst und Ohrn \u2013 und eine besondere Freundschaft seit \u00fcber 60 Jahren.\" \/>\n<meta name=\"robots\" content=\"index, follow, max-snippet:-1, max-image-preview:large, max-video-preview:-1\" \/>\n<link rel=\"canonical\" href=\"https:\/\/wernerdeck.de\/blog\/2026\/04\/27\/radtour-bad-friedrichshall-peter-2026\/\" \/>\n<meta property=\"og:locale\" content=\"de_DE\" \/>\n<meta property=\"og:type\" content=\"article\" \/>\n<meta property=\"og:title\" content=\"Radtour Bad Friedrichshall: 4 Tage entlang von Kocher &amp; Jagst - Privater Blog von Werner Deck\" \/>\n<meta property=\"og:description\" content=\"Vier Tage Radtour ab Bad Friedrichshall: Entlang von Kocher, Jagst und Ohrn \u2013 und eine besondere Freundschaft seit \u00fcber 60 Jahren.\" \/>\n<meta property=\"og:url\" content=\"https:\/\/wernerdeck.de\/blog\/2026\/04\/27\/radtour-bad-friedrichshall-peter-2026\/\" \/>\n<meta property=\"og:site_name\" content=\"Privater Blog von Werner Deck\" \/>\n<meta property=\"article:publisher\" content=\"https:\/\/www.facebook.com\/werner.deck\/\" \/>\n<meta property=\"article:author\" content=\"https:\/\/www.facebook.com\/werner.deck\/\" \/>\n<meta property=\"article:published_time\" content=\"2026-04-27T07:02:20+00:00\" \/>\n<meta property=\"og:image\" content=\"https:\/\/wernerdeck.de\/blog\/wp-content\/uploads\/2026\/04\/radtour-bad-friedrichshall-01-1.png\" \/>\n\t<meta property=\"og:image:width\" content=\"1200\" \/>\n\t<meta property=\"og:image:height\" content=\"628\" \/>\n\t<meta property=\"og:image:type\" content=\"image\/png\" \/>\n<meta name=\"author\" content=\"Werner Deck\" \/>\n<meta name=\"twitter:card\" content=\"summary_large_image\" \/>\n<meta name=\"twitter:label1\" content=\"Verfasst von\" \/>\n\t<meta name=\"twitter:data1\" content=\"Werner Deck\" \/>\n\t<meta name=\"twitter:label2\" content=\"Gesch\u00e4tzte Lesezeit\" \/>\n\t<meta name=\"twitter:data2\" content=\"4\u00a0Minuten\" \/>\n<script type=\"application\/ld+json\" class=\"yoast-schema-graph\">{\"@context\":\"https:\\\/\\\/schema.org\",\"@graph\":[{\"@type\":\"Article\",\"@id\":\"https:\\\/\\\/wernerdeck.de\\\/blog\\\/2026\\\/04\\\/27\\\/radtour-bad-friedrichshall-peter-2026\\\/#article\",\"isPartOf\":{\"@id\":\"https:\\\/\\\/wernerdeck.de\\\/blog\\\/2026\\\/04\\\/27\\\/radtour-bad-friedrichshall-peter-2026\\\/\"},\"author\":{\"name\":\"Werner Deck\",\"@id\":\"https:\\\/\\\/wernerdeck.de\\\/blog\\\/#\\\/schema\\\/person\\\/7af62de1f11b0a09297eeb81281e523c\"},\"headline\":\"Radtour Bad Friedrichshall: 4 Tage entlang von Kocher &#038; Jagst\",\"datePublished\":\"2026-04-27T07:02:20+00:00\",\"mainEntityOfPage\":{\"@id\":\"https:\\\/\\\/wernerdeck.de\\\/blog\\\/2026\\\/04\\\/27\\\/radtour-bad-friedrichshall-peter-2026\\\/\"},\"wordCount\":432,\"commentCount\":0,\"publisher\":{\"@id\":\"https:\\\/\\\/wernerdeck.de\\\/blog\\\/#\\\/schema\\\/person\\\/7af62de1f11b0a09297eeb81281e523c\"},\"image\":{\"@id\":\"https:\\\/\\\/wernerdeck.de\\\/blog\\\/2026\\\/04\\\/27\\\/radtour-bad-friedrichshall-peter-2026\\\/#primaryimage\"},\"thumbnailUrl\":\"https:\\\/\\\/wernerdeck.de\\\/blog\\\/wp-content\\\/uploads\\\/2026\\\/04\\\/radtour-bad-friedrichshall-01-1.png\",\"keywords\":[\"Bad Friedrichshall\",\"Flussradwege\",\"Freundschaft\",\"Hohenlohe\",\"Kocher-Jagst-Radweg\",\"Mehrtagestour\",\"Radfahren Baden-W\u00fcrttemberg\",\"Radtour\",\"Radtour 2026\",\"Radtour Bad Friedrichshall\",\"Radtour mit Peter\"],\"articleSection\":[\"Radtouren\"],\"inLanguage\":\"de\",\"potentialAction\":[{\"@type\":\"CommentAction\",\"name\":\"Comment\",\"target\":[\"https:\\\/\\\/wernerdeck.de\\\/blog\\\/2026\\\/04\\\/27\\\/radtour-bad-friedrichshall-peter-2026\\\/#respond\"]}]},{\"@type\":\"WebPage\",\"@id\":\"https:\\\/\\\/wernerdeck.de\\\/blog\\\/2026\\\/04\\\/27\\\/radtour-bad-friedrichshall-peter-2026\\\/\",\"url\":\"https:\\\/\\\/wernerdeck.de\\\/blog\\\/2026\\\/04\\\/27\\\/radtour-bad-friedrichshall-peter-2026\\\/\",\"name\":\"Radtour Bad Friedrichshall: 4 Tage entlang von Kocher & Jagst - Privater Blog von Werner Deck\",\"isPartOf\":{\"@id\":\"https:\\\/\\\/wernerdeck.de\\\/blog\\\/#website\"},\"primaryImageOfPage\":{\"@id\":\"https:\\\/\\\/wernerdeck.de\\\/blog\\\/2026\\\/04\\\/27\\\/radtour-bad-friedrichshall-peter-2026\\\/#primaryimage\"},\"image\":{\"@id\":\"https:\\\/\\\/wernerdeck.de\\\/blog\\\/2026\\\/04\\\/27\\\/radtour-bad-friedrichshall-peter-2026\\\/#primaryimage\"},\"thumbnailUrl\":\"https:\\\/\\\/wernerdeck.de\\\/blog\\\/wp-content\\\/uploads\\\/2026\\\/04\\\/radtour-bad-friedrichshall-01-1.png\",\"datePublished\":\"2026-04-27T07:02:20+00:00\",\"description\":\"Vier Tage Radtour ab Bad Friedrichshall: Entlang von Kocher, Jagst und Ohrn \u2013 und eine besondere Freundschaft seit \u00fcber 60 Jahren.\",\"breadcrumb\":{\"@id\":\"https:\\\/\\\/wernerdeck.de\\\/blog\\\/2026\\\/04\\\/27\\\/radtour-bad-friedrichshall-peter-2026\\\/#breadcrumb\"},\"inLanguage\":\"de\",\"potentialAction\":[{\"@type\":\"ReadAction\",\"target\":[\"https:\\\/\\\/wernerdeck.de\\\/blog\\\/2026\\\/04\\\/27\\\/radtour-bad-friedrichshall-peter-2026\\\/\"]}]},{\"@type\":\"ImageObject\",\"inLanguage\":\"de\",\"@id\":\"https:\\\/\\\/wernerdeck.de\\\/blog\\\/2026\\\/04\\\/27\\\/radtour-bad-friedrichshall-peter-2026\\\/#primaryimage\",\"url\":\"https:\\\/\\\/wernerdeck.de\\\/blog\\\/wp-content\\\/uploads\\\/2026\\\/04\\\/radtour-bad-friedrichshall-01-1.png\",\"contentUrl\":\"https:\\\/\\\/wernerdeck.de\\\/blog\\\/wp-content\\\/uploads\\\/2026\\\/04\\\/radtour-bad-friedrichshall-01-1.png\",\"width\":1200,\"height\":628,\"caption\":\"Radtour Bad Friedrichshall mit Peter\"},{\"@type\":\"BreadcrumbList\",\"@id\":\"https:\\\/\\\/wernerdeck.de\\\/blog\\\/2026\\\/04\\\/27\\\/radtour-bad-friedrichshall-peter-2026\\\/#breadcrumb\",\"itemListElement\":[{\"@type\":\"ListItem\",\"position\":1,\"name\":\"Startseite\",\"item\":\"https:\\\/\\\/wernerdeck.de\\\/blog\\\/\"},{\"@type\":\"ListItem\",\"position\":2,\"name\":\"Radtour Bad Friedrichshall: 4 Tage entlang von Kocher &#038; Jagst\"}]},{\"@type\":\"WebSite\",\"@id\":\"https:\\\/\\\/wernerdeck.de\\\/blog\\\/#website\",\"url\":\"https:\\\/\\\/wernerdeck.de\\\/blog\\\/\",\"name\":\"Blog von Werner Deck\",\"description\":\"\",\"publisher\":{\"@id\":\"https:\\\/\\\/wernerdeck.de\\\/blog\\\/#\\\/schema\\\/person\\\/7af62de1f11b0a09297eeb81281e523c\"},\"potentialAction\":[{\"@type\":\"SearchAction\",\"target\":{\"@type\":\"EntryPoint\",\"urlTemplate\":\"https:\\\/\\\/wernerdeck.de\\\/blog\\\/?s={search_term_string}\"},\"query-input\":{\"@type\":\"PropertyValueSpecification\",\"valueRequired\":true,\"valueName\":\"search_term_string\"}}],\"inLanguage\":\"de\"},{\"@type\":[\"Person\",\"Organization\"],\"@id\":\"https:\\\/\\\/wernerdeck.de\\\/blog\\\/#\\\/schema\\\/person\\\/7af62de1f11b0a09297eeb81281e523c\",\"name\":\"Werner Deck\",\"image\":{\"@type\":\"ImageObject\",\"inLanguage\":\"de\",\"@id\":\"https:\\\/\\\/wernerdeck.de\\\/blog\\\/wp-content\\\/uploads\\\/2022\\\/05\\\/Werner-Deck-995x1024.jpg\",\"url\":\"https:\\\/\\\/wernerdeck.de\\\/blog\\\/wp-content\\\/uploads\\\/2022\\\/05\\\/Werner-Deck-995x1024.jpg\",\"contentUrl\":\"https:\\\/\\\/wernerdeck.de\\\/blog\\\/wp-content\\\/uploads\\\/2022\\\/05\\\/Werner-Deck-995x1024.jpg\",\"width\":995,\"height\":1024,\"caption\":\"Werner Deck\"},\"logo\":{\"@id\":\"https:\\\/\\\/wernerdeck.de\\\/blog\\\/wp-content\\\/uploads\\\/2022\\\/05\\\/Werner-Deck-995x1024.jpg\"},\"sameAs\":[\"https:\\\/\\\/wernerdeck.de\\\/blog\",\"https:\\\/\\\/www.facebook.com\\\/werner.deck\\\/\",\"https:\\\/\\\/www.instagram.com\\\/opti_maler_deck\\\/\",\"https:\\\/\\\/www.youtube.com\\\/c\\\/WernerDeck\"],\"url\":\"https:\\\/\\\/wernerdeck.de\\\/blog\\\/author\\\/wernerdeck-de\\\/\"}]}<\/script>\n<!-- \/ Yoast SEO plugin. -->","yoast_head_json":{"title":"Radtour Bad Friedrichshall: 4 Tage entlang von Kocher & Jagst - Privater Blog von Werner Deck","description":"Vier Tage Radtour ab Bad Friedrichshall: Entlang von Kocher, Jagst und Ohrn \u2013 und eine besondere Freundschaft seit \u00fcber 60 Jahren.","robots":{"index":"index","follow":"follow","max-snippet":"max-snippet:-1","max-image-preview":"max-image-preview:large","max-video-preview":"max-video-preview:-1"},"canonical":"https:\/\/wernerdeck.de\/blog\/2026\/04\/27\/radtour-bad-friedrichshall-peter-2026\/","og_locale":"de_DE","og_type":"article","og_title":"Radtour Bad Friedrichshall: 4 Tage entlang von Kocher & Jagst - Privater Blog von Werner Deck","og_description":"Vier Tage Radtour ab Bad Friedrichshall: Entlang von Kocher, Jagst und Ohrn \u2013 und eine besondere Freundschaft seit \u00fcber 60 Jahren.","og_url":"https:\/\/wernerdeck.de\/blog\/2026\/04\/27\/radtour-bad-friedrichshall-peter-2026\/","og_site_name":"Privater Blog von Werner Deck","article_publisher":"https:\/\/www.facebook.com\/werner.deck\/","article_author":"https:\/\/www.facebook.com\/werner.deck\/","article_published_time":"2026-04-27T07:02:20+00:00","og_image":[{"width":1200,"height":628,"url":"https:\/\/wernerdeck.de\/blog\/wp-content\/uploads\/2026\/04\/radtour-bad-friedrichshall-01-1.png","type":"image\/png"}],"author":"Werner Deck","twitter_card":"summary_large_image","twitter_misc":{"Verfasst von":"Werner Deck","Gesch\u00e4tzte Lesezeit":"4\u00a0Minuten"},"schema":{"@context":"https:\/\/schema.org","@graph":[{"@type":"Article","@id":"https:\/\/wernerdeck.de\/blog\/2026\/04\/27\/radtour-bad-friedrichshall-peter-2026\/#article","isPartOf":{"@id":"https:\/\/wernerdeck.de\/blog\/2026\/04\/27\/radtour-bad-friedrichshall-peter-2026\/"},"author":{"name":"Werner Deck","@id":"https:\/\/wernerdeck.de\/blog\/#\/schema\/person\/7af62de1f11b0a09297eeb81281e523c"},"headline":"Radtour Bad Friedrichshall: 4 Tage entlang von Kocher &#038; Jagst","datePublished":"2026-04-27T07:02:20+00:00","mainEntityOfPage":{"@id":"https:\/\/wernerdeck.de\/blog\/2026\/04\/27\/radtour-bad-friedrichshall-peter-2026\/"},"wordCount":432,"commentCount":0,"publisher":{"@id":"https:\/\/wernerdeck.de\/blog\/#\/schema\/person\/7af62de1f11b0a09297eeb81281e523c"},"image":{"@id":"https:\/\/wernerdeck.de\/blog\/2026\/04\/27\/radtour-bad-friedrichshall-peter-2026\/#primaryimage"},"thumbnailUrl":"https:\/\/wernerdeck.de\/blog\/wp-content\/uploads\/2026\/04\/radtour-bad-friedrichshall-01-1.png","keywords":["Bad Friedrichshall","Flussradwege","Freundschaft","Hohenlohe","Kocher-Jagst-Radweg","Mehrtagestour","Radfahren Baden-W\u00fcrttemberg","Radtour","Radtour 2026","Radtour Bad Friedrichshall","Radtour mit Peter"],"articleSection":["Radtouren"],"inLanguage":"de","potentialAction":[{"@type":"CommentAction","name":"Comment","target":["https:\/\/wernerdeck.de\/blog\/2026\/04\/27\/radtour-bad-friedrichshall-peter-2026\/#respond"]}]},{"@type":"WebPage","@id":"https:\/\/wernerdeck.de\/blog\/2026\/04\/27\/radtour-bad-friedrichshall-peter-2026\/","url":"https:\/\/wernerdeck.de\/blog\/2026\/04\/27\/radtour-bad-friedrichshall-peter-2026\/","name":"Radtour Bad Friedrichshall: 4 Tage entlang von Kocher & Jagst - Privater Blog von Werner Deck","isPartOf":{"@id":"https:\/\/wernerdeck.de\/blog\/#website"},"primaryImageOfPage":{"@id":"https:\/\/wernerdeck.de\/blog\/2026\/04\/27\/radtour-bad-friedrichshall-peter-2026\/#primaryimage"},"image":{"@id":"https:\/\/wernerdeck.de\/blog\/2026\/04\/27\/radtour-bad-friedrichshall-peter-2026\/#primaryimage"},"thumbnailUrl":"https:\/\/wernerdeck.de\/blog\/wp-content\/uploads\/2026\/04\/radtour-bad-friedrichshall-01-1.png","datePublished":"2026-04-27T07:02:20+00:00","description":"Vier Tage Radtour ab Bad Friedrichshall: Entlang von Kocher, Jagst und Ohrn \u2013 und eine besondere Freundschaft seit \u00fcber 60 Jahren.","breadcrumb":{"@id":"https:\/\/wernerdeck.de\/blog\/2026\/04\/27\/radtour-bad-friedrichshall-peter-2026\/#breadcrumb"},"inLanguage":"de","potentialAction":[{"@type":"ReadAction","target":["https:\/\/wernerdeck.de\/blog\/2026\/04\/27\/radtour-bad-friedrichshall-peter-2026\/"]}]},{"@type":"ImageObject","inLanguage":"de","@id":"https:\/\/wernerdeck.de\/blog\/2026\/04\/27\/radtour-bad-friedrichshall-peter-2026\/#primaryimage","url":"https:\/\/wernerdeck.de\/blog\/wp-content\/uploads\/2026\/04\/radtour-bad-friedrichshall-01-1.png","contentUrl":"https:\/\/wernerdeck.de\/blog\/wp-content\/uploads\/2026\/04\/radtour-bad-friedrichshall-01-1.png","width":1200,"height":628,"caption":"Radtour Bad Friedrichshall mit Peter"},{"@type":"BreadcrumbList","@id":"https:\/\/wernerdeck.de\/blog\/2026\/04\/27\/radtour-bad-friedrichshall-peter-2026\/#breadcrumb","itemListElement":[{"@type":"ListItem","position":1,"name":"Startseite","item":"https:\/\/wernerdeck.de\/blog\/"},{"@type":"ListItem","position":2,"name":"Radtour Bad Friedrichshall: 4 Tage entlang von Kocher &#038; Jagst"}]},{"@type":"WebSite","@id":"https:\/\/wernerdeck.de\/blog\/#website","url":"https:\/\/wernerdeck.de\/blog\/","name":"Blog von Werner Deck","description":"","publisher":{"@id":"https:\/\/wernerdeck.de\/blog\/#\/schema\/person\/7af62de1f11b0a09297eeb81281e523c"},"potentialAction":[{"@type":"SearchAction","target":{"@type":"EntryPoint","urlTemplate":"https:\/\/wernerdeck.de\/blog\/?s={search_term_string}"},"query-input":{"@type":"PropertyValueSpecification","valueRequired":true,"valueName":"search_term_string"}}],"inLanguage":"de"},{"@type":["Person","Organization"],"@id":"https:\/\/wernerdeck.de\/blog\/#\/schema\/person\/7af62de1f11b0a09297eeb81281e523c","name":"Werner Deck","image":{"@type":"ImageObject","inLanguage":"de","@id":"https:\/\/wernerdeck.de\/blog\/wp-content\/uploads\/2022\/05\/Werner-Deck-995x1024.jpg","url":"https:\/\/wernerdeck.de\/blog\/wp-content\/uploads\/2022\/05\/Werner-Deck-995x1024.jpg","contentUrl":"https:\/\/wernerdeck.de\/blog\/wp-content\/uploads\/2022\/05\/Werner-Deck-995x1024.jpg","width":995,"height":1024,"caption":"Werner Deck"},"logo":{"@id":"https:\/\/wernerdeck.de\/blog\/wp-content\/uploads\/2022\/05\/Werner-Deck-995x1024.jpg"},"sameAs":["https:\/\/wernerdeck.de\/blog","https:\/\/www.facebook.com\/werner.deck\/","https:\/\/www.instagram.com\/opti_maler_deck\/","https:\/\/www.youtube.com\/c\/WernerDeck"],"url":"https:\/\/wernerdeck.de\/blog\/author\/wernerdeck-de\/"}]}},"_links":{"self":[{"href":"https:\/\/wernerdeck.de\/blog\/wp-json\/wp\/v2\/posts\/33491","targetHints":{"allow":["GET"]}}],"collection":[{"href":"https:\/\/wernerdeck.de\/blog\/wp-json\/wp\/v2\/posts"}],"about":[{"href":"https:\/\/wernerdeck.de\/blog\/wp-json\/wp\/v2\/types\/post"}],"author":[{"embeddable":true,"href":"https:\/\/wernerdeck.de\/blog\/wp-json\/wp\/v2\/users\/1"}],"replies":[{"embeddable":true,"href":"https:\/\/wernerdeck.de\/blog\/wp-json\/wp\/v2\/comments?post=33491"}],"version-history":[{"count":10,"href":"https:\/\/wernerdeck.de\/blog\/wp-json\/wp\/v2\/posts\/33491\/revisions"}],"predecessor-version":[{"id":33552,"href":"https:\/\/wernerdeck.de\/blog\/wp-json\/wp\/v2\/posts\/33491\/revisions\/33552"}],"wp:featuredmedia":[{"embeddable":true,"href":"https:\/\/wernerdeck.de\/blog\/wp-json\/wp\/v2\/media\/33521"}],"wp:attachment":[{"href":"https:\/\/wernerdeck.de\/blog\/wp-json\/wp\/v2\/media?parent=33491"}],"wp:term":[{"taxonomy":"category","embeddable":true,"href":"https:\/\/wernerdeck.de\/blog\/wp-json\/wp\/v2\/categories?post=33491"},{"taxonomy":"post_tag","embeddable":true,"href":"https:\/\/wernerdeck.de\/blog\/wp-json\/wp\/v2\/tags?post=33491"}],"curies":[{"name":"wp","href":"https:\/\/api.w.org\/{rel}","templated":true}]}}