{"id":32888,"date":"2026-03-12T11:10:07","date_gmt":"2026-03-12T10:10:07","guid":{"rendered":"https:\/\/wernerdeck.de\/blog\/?p=32888"},"modified":"2026-03-12T11:34:58","modified_gmt":"2026-03-12T10:34:58","slug":"zukunft-deutsches-rentensystem","status":"publish","type":"post","link":"https:\/\/wernerdeck.de\/blog\/2026\/03\/12\/zukunft-deutsches-rentensystem\/","title":{"rendered":"Zukunft des deutschen Rentensystems \u2013 droht wirklich eine Rentenkrise?"},"content":{"rendered":"<h1 data-section-id=\"1qs8qfx\" data-start=\"357\" data-end=\"429\">Zukunft des deutschen Rentensystems \u2013 droht wirklich eine Rentenkrise?<\/h1>\n<h2 data-section-id=\"ugr9v1\" data-start=\"431\" data-end=\"475\">Ein Radiogespr\u00e4ch, das nachdenklich macht<\/h2>\n<p data-start=\"477\" data-end=\"673\">Die <strong data-start=\"481\" data-end=\"520\">Zukunft des deutschen Rentensystems<\/strong> besch\u00e4ftigt viele Menschen. Immer wieder ist von einer drohenden Rentenkrise die Rede, von einem System, das angeblich kurz vor dem Zusammenbruch steht.<\/p>\n<p data-start=\"675\" data-end=\"941\">Gestern h\u00f6rte ich dazu ein interessantes Gespr\u00e4ch im Radio. In der Sendung <strong data-start=\"750\" data-end=\"791\"><span class=\"hover:entity-accent entity-underline inline cursor-pointer align-baseline\"><span class=\"whitespace-normal\">SWR1 Leute<\/span><\/span><\/strong> des <strong data-start=\"796\" data-end=\"837\"><span class=\"hover:entity-accent entity-underline inline cursor-pointer align-baseline\"><span class=\"whitespace-normal\">S\u00fcdwestrundfunk<\/span><\/span><\/strong> sprach der Journalist und Volkswirt <strong data-start=\"874\" data-end=\"915\"><span class=\"hover:entity-accent entity-underline inline cursor-pointer align-baseline\"><span class=\"whitespace-normal\">Andreas Hoffmann<\/span><\/span><\/strong> \u00fcber genau diese Frage:&nbsp;<strong data-start=\"943\" data-end=\"1012\">Wie steht es wirklich um die Zukunft des deutschen Rentensystems? <\/strong>Seine Einsch\u00e4tzung war differenzierter, als man es aus vielen Schlagzeilen kennt.<\/p>\n<hr data-start=\"1097\" data-end=\"1100\">\n<h2 data-section-id=\"7uslb\" data-start=\"1102\" data-end=\"1198\">Zukunft des deutschen Rentensystems: Warum immer wieder von einer Rentenkrise gesprochen wird<\/h2>\n<p data-start=\"1200\" data-end=\"1381\">In politischen Debatten taucht regelm\u00e4\u00dfig das gleiche Szenario auf:<br data-start=\"1267\" data-end=\"1270\">Der demografische Wandel f\u00fchre zwangsl\u00e4ufig dazu, dass das Rentensystem irgendwann nicht mehr finanzierbar sei.<\/p>\n<p data-start=\"1383\" data-end=\"1413\">Die Argumentation ist bekannt:<\/p>\n<ul>\n<li data-start=\"1417\" data-end=\"1460\">Immer mehr \u00e4ltere Menschen beziehen Rente<\/li>\n<li data-start=\"1463\" data-end=\"1508\">Gleichzeitig gibt es weniger Beitragszahler<\/li>\n<li data-start=\"1511\" data-end=\"1553\">Dadurch ger\u00e4t das Umlagesystem unter Druck<\/li>\n<\/ul>\n<p data-start=\"1555\" data-end=\"1700\">Diese Entwicklung ist grunds\u00e4tzlich richtig beschrieben. Doch Hoffmann weist darauf hin, dass die Schlussfolgerungen oft \u00fcberdramatisiert werden.<\/p>\n<hr data-start=\"1702\" data-end=\"1705\">\n<h2 data-section-id=\"31ieht\" data-start=\"1707\" data-end=\"1755\">Was Andreas Hoffmann im SWR-Interview erkl\u00e4rt<\/h2>\n<p data-start=\"1757\" data-end=\"1872\">Im Gespr\u00e4ch bei <strong data-start=\"1773\" data-end=\"1814\"><span class=\"hover:entity-accent entity-underline inline cursor-pointer align-baseline\"><span class=\"whitespace-normal\">SWR1 Leute<\/span><\/span><\/strong> machte Hoffmann einen bemerkenswerten historischen Punkt. Warnungen vor einer angeblich unmittelbar bevorstehenden \u201eRentenkatastrophe\u201c gebe es bereits seit vielen Jahrzehnten. Schon in fr\u00fcheren politischen Debatten sei immer wieder behauptet worden, das System stehe kurz vor dem Kollaps.<\/p>\n<p data-start=\"2106\" data-end=\"2237\">Tats\u00e4chlich ist das <strong data-start=\"2126\" data-end=\"2151\">deutsche Rentensystem<\/strong> aber bis heute funktionsf\u00e4hig geblieben \u2013 auch weil es immer wieder reformiert wurde. Sein zentrales Argument lautet daher: Die Diskussion \u00fcber die <strong data-start=\"2303\" data-end=\"2342\">Zukunft des deutschen Rentensystems<\/strong> sollte weniger von Angst und mehr von Fakten gepr\u00e4gt sein.<\/p>\n<hr data-start=\"2403\" data-end=\"2406\">\n<h2 data-section-id=\"gptbtn\" data-start=\"2408\" data-end=\"2449\">Demografischer Wandel und Rentensystem<\/h2>\n<p data-start=\"2451\" data-end=\"2583\">Nat\u00fcrlich ist der demografische Wandel real. Die Menschen werden \u00e4lter, und die Geburtenraten sind seit Jahrzehnten relativ niedrig. Das ver\u00e4ndert das Verh\u00e4ltnis zwischen Beitragszahlern und Rentenempf\u00e4ngern. Doch diese Entwicklung bedeutet nicht automatisch einen Zusammenbruch des Systems. Entscheidend sind viele Faktoren, etwa:<\/p>\n<ul>\n<li>Wirtschaftswachstum<\/li>\n<li>Produktivit\u00e4t<\/li>\n<li data-start=\"2830\" data-end=\"2851\">Besch\u00e4ftigungsquote<\/li>\n<li data-start=\"2854\" data-end=\"2865\">Migration<\/li>\n<li data-start=\"2868\" data-end=\"2887\">politische Reformen<\/li>\n<\/ul>\n<hr data-start=\"3031\" data-end=\"3034\">\n<h2 data-section-id=\"1fkhb5a\" data-start=\"3036\" data-end=\"3085\">Warum das Rentensystem weiterhin stabil bleibt<\/h2>\n<p data-start=\"3087\" data-end=\"3197\">Ein wichtiger Punkt in der Debatte \u00fcber die <strong data-start=\"3131\" data-end=\"3170\">Zukunft des deutschen Rentensystems<\/strong> ist die Rolle des Staates. Die gesetzliche Rentenversicherung wird seit Jahren durch erhebliche Zusch\u00fcsse aus dem Bundeshaushalt unterst\u00fctzt. Gleichzeitig wurden verschiedene Reformen umgesetzt, um die langfristige Finanzierung zu stabilisieren.<\/p>\n<p data-start=\"3419\" data-end=\"3516\">Das bedeutet: Das System steht unter Druck \u2013 aber ein unmittelbarer Kollaps ist nicht absehbar.<\/p>\n<hr>\n<h1 data-section-id=\"1c9l34a\" data-start=\"3770\" data-end=\"3826\">H\u00e4ufige Fragen zur Zukunft des deutschen Rentensystems<\/h1>\n<h2 data-section-id=\"1d78tzc\" data-start=\"3828\" data-end=\"3880\">Wie lange funktioniert das deutsche Rentensystem?<\/h2>\n<p data-start=\"3882\" data-end=\"4134\">Die gesetzliche Rentenversicherung funktioniert weiterhin nach dem Umlageprinzip: Die Beitr\u00e4ge der heutigen Besch\u00e4ftigten finanzieren die Renten der aktuellen Rentner. Durch Reformen und staatliche Zusch\u00fcsse wird das System kontinuierlich stabilisiert.<\/p>\n<hr data-start=\"4136\" data-end=\"4139\">\n<h2 data-section-id=\"4ke6hs\" data-start=\"4141\" data-end=\"4182\">Droht eine Rentenkrise in Deutschland?<\/h2>\n<p data-start=\"4184\" data-end=\"4352\">Viele Experten sehen Herausforderungen durch den demografischen Wandel. Ein unmittelbarer Zusammenbruch des Systems wird jedoch von den meisten Analysen nicht erwartet.<\/p>\n<hr data-start=\"4354\" data-end=\"4357\">\n<h2 data-section-id=\"14huswp\" data-start=\"4359\" data-end=\"4419\">Warum wird das Thema Rente oft so dramatisch dargestellt?<\/h2>\n<p data-start=\"4421\" data-end=\"4619\">In politischen Debatten und Medienberichten werden Zukunftsprognosen h\u00e4ufig zugespitzt dargestellt. Tats\u00e4chlich zeigt die historische Entwicklung, dass das Rentensystem immer wieder angepasst wurde.<\/p>\n<hr>\n<p data-start=\"4421\" data-end=\"4619\">Zum Podcast: auf die Grafik klicken.<\/p>\n<p data-start=\"4421\" data-end=\"4619\"><a href=\"https:\/\/www.ardsounds.de\/episode\/urn:ard:episode:e938cdc994ab41d0\/\" target=\"_blank\" rel=\"noopener\"><img loading=\"lazy\" decoding=\"async\" class=\"aligncenter size-full wp-image-32893\" src=\"https:\/\/wernerdeck.de\/blog\/wp-content\/uploads\/2026\/03\/zukunft-des-deutschen-rentensystems-andreas-hoffmann-03.png\" alt=\"SWR1 Leute Radiosendung \u2013 Interview \u00fcber die Zukunft des deutschen Rentensystems mit Andreas Hoffmann\" width=\"1200\" height=\"572\" srcset=\"https:\/\/wernerdeck.de\/blog\/wp-content\/uploads\/2026\/03\/zukunft-des-deutschen-rentensystems-andreas-hoffmann-03.png 1200w, https:\/\/wernerdeck.de\/blog\/wp-content\/uploads\/2026\/03\/zukunft-des-deutschen-rentensystems-andreas-hoffmann-03-300x143.png 300w, https:\/\/wernerdeck.de\/blog\/wp-content\/uploads\/2026\/03\/zukunft-des-deutschen-rentensystems-andreas-hoffmann-03-1024x488.png 1024w, https:\/\/wernerdeck.de\/blog\/wp-content\/uploads\/2026\/03\/zukunft-des-deutschen-rentensystems-andreas-hoffmann-03-768x366.png 768w\" sizes=\"auto, (max-width: 1200px) 100vw, 1200px\" \/><\/a><\/p>\n<hr data-start=\"4621\" data-end=\"4624\">\n<h1 data-section-id=\"19t6fnh\" data-start=\"4626\" data-end=\"4651\">Mein pers\u00f6nliches Fazit<\/h1>\n<p data-start=\"4653\" data-end=\"4743\">Das Gespr\u00e4ch mit Andreas Hoffmann hat mir erneut gezeigt, wie komplex das Thema Rente ist. Der demografische Wandel stellt unser Rentensystem ohne Zweifel vor Herausforderungen. Doch Alarmismus hilft selten weiter.<\/p>\n<p data-start=\"4870\" data-end=\"5030\">Vielleicht w\u00e4re es sinnvoll, die Debatte \u00fcber die <strong data-start=\"4920\" data-end=\"4959\">Zukunft des deutschen Rentensystems<\/strong> etwas n\u00fcchterner zu f\u00fchren \u2013 mit mehr Fakten und weniger Schlagzeilen.<\/p>\n<hr>\n<p data-start=\"4870\" data-end=\"5030\">Oder, um es mit dem 3. Artikel des K\u00f6lschen Grundgesetzes zu sagen: \u201eEt h\u00e4tt noch emmer joot jejange\u201c (Es ist bisher noch immer gut gegangen). <span style=\"font-size: 22px;\">\ud83d\ude09<\/span><\/p>\n<hr>\n<p data-start=\"4870\" data-end=\"5030\">Das Buch dazu von Andeas Hoffmann:<\/p>\n<p data-start=\"4870\" data-end=\"5030\"><img loading=\"lazy\" decoding=\"async\" class=\"aligncenter size-full wp-image-32895\" src=\"https:\/\/wernerdeck.de\/blog\/wp-content\/uploads\/2026\/03\/zukunft-des-deutschen-rentensystems-andreas-hoffmann-06.png\" alt=\"SWR1 Leute Radiosendung \u2013 Interview \u00fcber die Zukunft des deutschen Rentensystems mit Andreas Hoffmann. Das Buch von Andreas Hoffmann: Die erfundene Bedrohung.\" width=\"1017\" height=\"552\" srcset=\"https:\/\/wernerdeck.de\/blog\/wp-content\/uploads\/2026\/03\/zukunft-des-deutschen-rentensystems-andreas-hoffmann-06.png 1017w, https:\/\/wernerdeck.de\/blog\/wp-content\/uploads\/2026\/03\/zukunft-des-deutschen-rentensystems-andreas-hoffmann-06-300x163.png 300w, https:\/\/wernerdeck.de\/blog\/wp-content\/uploads\/2026\/03\/zukunft-des-deutschen-rentensystems-andreas-hoffmann-06-768x417.png 768w\" sizes=\"auto, (max-width: 1017px) 100vw, 1017px\" \/><\/p>\n<div class=\"Y3BBE\" data-sfc-cp=\"\" data-sfc-cb=\"\" data-hveid=\"CAIQAA\" data-complete=\"true\" data-processed=\"true\">Das Buch&nbsp;<strong class=\"Yjhzub\" data-sfc-cb=\"\" data-complete=\"true\">\u201eDie erfundene Bedrohung\u201c<\/strong>&nbsp;von&nbsp;<strong class=\"Yjhzub\" data-sfc-cb=\"\" data-complete=\"true\">Andreas Hoffmann<\/strong>&nbsp;(erschienen im Februar 2026 im&nbsp;<strong class=\"Yjhzub\" data-sfc-cb=\"\" data-complete=\"true\">Goldegg Verlag<\/strong>) setzt sich kritisch mit der medialen und politischen Inszenierung des demografischen Wandels auseinander.<span class=\"uJ19be notranslate\" data-wiz-uids=\"mt8s5c_j,mt8s5c_k\" data-sfc-cb=\"\" data-complete=\"true\"><span class=\"vKEkVd\" data-animation-atomic=\"\" data-wiz-attrbind=\"class=mt8s5c_i\/TKHnVd\" data-sae=\"\"><span aria-hidden=\"true\">&nbsp;<\/span><\/span><\/span><\/div>\n<div data-sfc-cp=\"\" data-sfc-cb=\"\" data-hveid=\"CAIQAA\" data-complete=\"true\" data-processed=\"true\">&nbsp;<\/div>\n<div class=\"Y3BBE\" data-sfc-cp=\"\" data-sfc-cb=\"\" data-hveid=\"CAIQAA\" data-complete=\"true\" data-processed=\"true\">Hier ist eine komprimierte Zusammenfassung der Kernargumente:<\/div>\n<div class=\"Y3BBE\" data-sfc-cp=\"\" data-sfc-cb=\"\" data-hveid=\"CAIQAA\" data-complete=\"true\" data-processed=\"true\"><strong class=\"Yjhzub\" data-sfc-cb=\"\" data-complete=\"true\">Dramatisierung der Alterung:<\/strong>&nbsp;Hoffmann argumentiert, dass die \u201ealternde Gesellschaft\u201c oft als Katastrophenszenario dargestellt wird, um \u00c4ngste zu sch\u00fcren und politische Agenden voranzutreiben.<\/div>\n<ul class=\"KsbFXc U6u95\" data-sfc-cb=\"\" data-complete=\"true\" data-processed=\"true\">\n<li class=\"dF3vjf\" data-sfc-cb=\"\" data-hveid=\"CAQQAQ\" data-complete=\"true\" data-sae=\"\"><span class=\"T286Pc\" data-sfc-cp=\"\" data-sfc-cb=\"\" data-complete=\"true\"><strong class=\"Yjhzub\" data-sfc-cb=\"\" data-complete=\"true\">Interessen hinter der Angst:<\/strong>&nbsp;Das Buch untersucht, wem diese Dramatisierung n\u00fctzt \u2013 etwa privaten Versicherern oder Akteuren, die K\u00fcrzungen im Sozialstaat rechtfertigen wollen.<\/span><\/li>\n<li class=\"dF3vjf\" data-sfc-cb=\"\" data-hveid=\"CAQQAg\" data-complete=\"true\" data-sae=\"\"><span class=\"T286Pc\" data-sfc-cp=\"\" data-sfc-cb=\"\" data-complete=\"true\"><strong class=\"Yjhzub\" data-sfc-cb=\"\" data-complete=\"true\">Stabilit\u00e4t des Sozialstaats:<\/strong>&nbsp;Der Autor vertritt die These, dass der Sozialstaat und das Rentensystem weitaus zukunftsf\u00e4higer sind, als es die g\u00e4ngige Krisenrhetorik vermuten l\u00e4sst.<\/span><\/li>\n<li class=\"dF3vjf\" data-sfc-cb=\"\" data-hveid=\"CAQQAw\" data-complete=\"true\" data-sae=\"\"><span class=\"T286Pc\" data-sfc-cp=\"\" data-sfc-cb=\"\" data-complete=\"true\"><strong class=\"Yjhzub\" data-sfc-cb=\"\" data-complete=\"true\">Demografischer Optimismus:<\/strong> Statt in Panik zu verfallen, pl\u00e4diert Hoffmann f\u00fcr eine sachliche Betrachtung der Zahlen und zeigt auf, warum die wirtschaftlichen Folgen der Alterung bew\u00e4ltigbar sind.<\/span><\/li>\n<\/ul>\n","protected":false},"excerpt":{"rendered":"<p>Zukunft des deutschen Rentensystems \u2013 droht wirklich eine Rentenkrise? Ein Radiogespr\u00e4ch, das nachdenklich macht Die Zukunft des deutschen Rentensystems besch\u00e4ftigt viele Menschen. Immer wieder ist von einer drohenden Rentenkrise die Rede, von einem System, das angeblich kurz vor dem Zusammenbruch steht. Gestern h\u00f6rte ich dazu ein interessantes Gespr\u00e4ch im Radio. In der Sendung SWR1 Leute &#8230; <a title=\"Zukunft des deutschen Rentensystems \u2013 droht wirklich eine Rentenkrise?\" class=\"read-more\" href=\"https:\/\/wernerdeck.de\/blog\/2026\/03\/12\/zukunft-deutsches-rentensystem\/\" aria-label=\"Mehr Informationen \u00fcber Zukunft des deutschen Rentensystems \u2013 droht wirklich eine Rentenkrise?\">Weiterlesen<\/a><\/p>\n","protected":false},"author":1,"featured_media":32893,"comment_status":"open","ping_status":"open","sticky":false,"template":"","format":"standard","meta":{"ngg_post_thumbnail":0,"footnotes":""},"categories":[649],"tags":[1655,1657,1661,1653,1654,1658,1660,1652,1659,1656],"class_list":["post-32888","post","type-post","status-publish","format-standard","has-post-thumbnail","hentry","category-persoenliches","tag-altersvorsorge","tag-andreas-hoffmann","tag-demografie-deutschland","tag-demografischer-wandel","tag-rente-zukunft","tag-rentendebatte","tag-rentenpolitik","tag-rentensystem-deutschland","tag-sozialstaat-deutschland","tag-swr1-leute"],"yoast_head":"<!-- This site is optimized with the Yoast SEO plugin v27.4 - https:\/\/yoast.com\/product\/yoast-seo-wordpress\/ -->\n<title>Zukunft des deutschen Rentensystems \u2013 droht wirklich eine Rentenkrise? - Privater Blog von Werner Deck<\/title>\n<meta name=\"description\" content=\"Zukunft des deutschen Rentensystems? Radiogespr\u00e4ch mit Journalist Andreas Hoffmann bei SWR1 liefert \u00fcberraschende Perspektiven auf die Rente\" \/>\n<meta name=\"robots\" content=\"index, follow, max-snippet:-1, max-image-preview:large, max-video-preview:-1\" \/>\n<link rel=\"canonical\" href=\"https:\/\/wernerdeck.de\/blog\/2026\/03\/12\/zukunft-deutsches-rentensystem\/\" \/>\n<meta property=\"og:locale\" content=\"de_DE\" \/>\n<meta property=\"og:type\" content=\"article\" \/>\n<meta property=\"og:title\" content=\"Zukunft des deutschen Rentensystems \u2013 droht wirklich eine Rentenkrise? - Privater Blog von Werner Deck\" \/>\n<meta property=\"og:description\" content=\"Zukunft des deutschen Rentensystems? Radiogespr\u00e4ch mit Journalist Andreas Hoffmann bei SWR1 liefert \u00fcberraschende Perspektiven auf die Rente\" \/>\n<meta property=\"og:url\" content=\"https:\/\/wernerdeck.de\/blog\/2026\/03\/12\/zukunft-deutsches-rentensystem\/\" \/>\n<meta property=\"og:site_name\" content=\"Privater Blog von Werner Deck\" \/>\n<meta property=\"article:publisher\" content=\"https:\/\/www.facebook.com\/werner.deck\/\" \/>\n<meta property=\"article:author\" content=\"https:\/\/www.facebook.com\/werner.deck\/\" \/>\n<meta property=\"article:published_time\" content=\"2026-03-12T10:10:07+00:00\" \/>\n<meta property=\"article:modified_time\" content=\"2026-03-12T10:34:58+00:00\" \/>\n<meta property=\"og:image\" content=\"https:\/\/wernerdeck.de\/blog\/wp-content\/uploads\/2026\/03\/zukunft-des-deutschen-rentensystems-andreas-hoffmann-03.png\" \/>\n\t<meta property=\"og:image:width\" content=\"1200\" \/>\n\t<meta property=\"og:image:height\" content=\"572\" \/>\n\t<meta property=\"og:image:type\" content=\"image\/png\" \/>\n<meta name=\"author\" content=\"Werner Deck\" \/>\n<meta name=\"twitter:card\" content=\"summary_large_image\" \/>\n<meta name=\"twitter:label1\" content=\"Verfasst von\" \/>\n\t<meta name=\"twitter:data1\" content=\"Werner Deck\" \/>\n\t<meta name=\"twitter:label2\" content=\"Gesch\u00e4tzte Lesezeit\" \/>\n\t<meta name=\"twitter:data2\" content=\"5\u00a0Minuten\" \/>\n<script type=\"application\/ld+json\" class=\"yoast-schema-graph\">{\"@context\":\"https:\\\/\\\/schema.org\",\"@graph\":[{\"@type\":\"Article\",\"@id\":\"https:\\\/\\\/wernerdeck.de\\\/blog\\\/2026\\\/03\\\/12\\\/zukunft-deutsches-rentensystem\\\/#article\",\"isPartOf\":{\"@id\":\"https:\\\/\\\/wernerdeck.de\\\/blog\\\/2026\\\/03\\\/12\\\/zukunft-deutsches-rentensystem\\\/\"},\"author\":{\"name\":\"Werner Deck\",\"@id\":\"https:\\\/\\\/wernerdeck.de\\\/blog\\\/#\\\/schema\\\/person\\\/7af62de1f11b0a09297eeb81281e523c\"},\"headline\":\"Zukunft des deutschen Rentensystems \u2013 droht wirklich eine Rentenkrise?\",\"datePublished\":\"2026-03-12T10:10:07+00:00\",\"dateModified\":\"2026-03-12T10:34:58+00:00\",\"mainEntityOfPage\":{\"@id\":\"https:\\\/\\\/wernerdeck.de\\\/blog\\\/2026\\\/03\\\/12\\\/zukunft-deutsches-rentensystem\\\/\"},\"wordCount\":745,\"commentCount\":0,\"publisher\":{\"@id\":\"https:\\\/\\\/wernerdeck.de\\\/blog\\\/#\\\/schema\\\/person\\\/7af62de1f11b0a09297eeb81281e523c\"},\"image\":{\"@id\":\"https:\\\/\\\/wernerdeck.de\\\/blog\\\/2026\\\/03\\\/12\\\/zukunft-deutsches-rentensystem\\\/#primaryimage\"},\"thumbnailUrl\":\"https:\\\/\\\/wernerdeck.de\\\/blog\\\/wp-content\\\/uploads\\\/2026\\\/03\\\/zukunft-des-deutschen-rentensystems-andreas-hoffmann-03.png\",\"keywords\":[\"Altersvorsorge\",\"Andreas Hoffmann\",\"Demografie Deutschland\",\"Demografischer Wandel\",\"Rente Zukunft\",\"Rentendebatte\",\"Rentenpolitik\",\"Rentensystem Deutschland\",\"Sozialstaat Deutschland\",\"SWR1 Leute\"],\"articleSection\":[\"Pers\u00f6nliches\"],\"inLanguage\":\"de\",\"potentialAction\":[{\"@type\":\"CommentAction\",\"name\":\"Comment\",\"target\":[\"https:\\\/\\\/wernerdeck.de\\\/blog\\\/2026\\\/03\\\/12\\\/zukunft-deutsches-rentensystem\\\/#respond\"]}]},{\"@type\":\"WebPage\",\"@id\":\"https:\\\/\\\/wernerdeck.de\\\/blog\\\/2026\\\/03\\\/12\\\/zukunft-deutsches-rentensystem\\\/\",\"url\":\"https:\\\/\\\/wernerdeck.de\\\/blog\\\/2026\\\/03\\\/12\\\/zukunft-deutsches-rentensystem\\\/\",\"name\":\"Zukunft des deutschen Rentensystems \u2013 droht wirklich eine Rentenkrise? - Privater Blog von Werner Deck\",\"isPartOf\":{\"@id\":\"https:\\\/\\\/wernerdeck.de\\\/blog\\\/#website\"},\"primaryImageOfPage\":{\"@id\":\"https:\\\/\\\/wernerdeck.de\\\/blog\\\/2026\\\/03\\\/12\\\/zukunft-deutsches-rentensystem\\\/#primaryimage\"},\"image\":{\"@id\":\"https:\\\/\\\/wernerdeck.de\\\/blog\\\/2026\\\/03\\\/12\\\/zukunft-deutsches-rentensystem\\\/#primaryimage\"},\"thumbnailUrl\":\"https:\\\/\\\/wernerdeck.de\\\/blog\\\/wp-content\\\/uploads\\\/2026\\\/03\\\/zukunft-des-deutschen-rentensystems-andreas-hoffmann-03.png\",\"datePublished\":\"2026-03-12T10:10:07+00:00\",\"dateModified\":\"2026-03-12T10:34:58+00:00\",\"description\":\"Zukunft des deutschen Rentensystems? Radiogespr\u00e4ch mit Journalist Andreas Hoffmann bei SWR1 liefert \u00fcberraschende Perspektiven auf die Rente\",\"breadcrumb\":{\"@id\":\"https:\\\/\\\/wernerdeck.de\\\/blog\\\/2026\\\/03\\\/12\\\/zukunft-deutsches-rentensystem\\\/#breadcrumb\"},\"inLanguage\":\"de\",\"potentialAction\":[{\"@type\":\"ReadAction\",\"target\":[\"https:\\\/\\\/wernerdeck.de\\\/blog\\\/2026\\\/03\\\/12\\\/zukunft-deutsches-rentensystem\\\/\"]}]},{\"@type\":\"ImageObject\",\"inLanguage\":\"de\",\"@id\":\"https:\\\/\\\/wernerdeck.de\\\/blog\\\/2026\\\/03\\\/12\\\/zukunft-deutsches-rentensystem\\\/#primaryimage\",\"url\":\"https:\\\/\\\/wernerdeck.de\\\/blog\\\/wp-content\\\/uploads\\\/2026\\\/03\\\/zukunft-des-deutschen-rentensystems-andreas-hoffmann-03.png\",\"contentUrl\":\"https:\\\/\\\/wernerdeck.de\\\/blog\\\/wp-content\\\/uploads\\\/2026\\\/03\\\/zukunft-des-deutschen-rentensystems-andreas-hoffmann-03.png\",\"width\":1200,\"height\":572,\"caption\":\"SWR1 Leute Radiosendung \u2013 Interview \u00fcber die Zukunft des deutschen Rentensystems mit Andreas Hoffmann\"},{\"@type\":\"BreadcrumbList\",\"@id\":\"https:\\\/\\\/wernerdeck.de\\\/blog\\\/2026\\\/03\\\/12\\\/zukunft-deutsches-rentensystem\\\/#breadcrumb\",\"itemListElement\":[{\"@type\":\"ListItem\",\"position\":1,\"name\":\"Startseite\",\"item\":\"https:\\\/\\\/wernerdeck.de\\\/blog\\\/\"},{\"@type\":\"ListItem\",\"position\":2,\"name\":\"Zukunft des deutschen Rentensystems \u2013 droht wirklich eine Rentenkrise?\"}]},{\"@type\":\"WebSite\",\"@id\":\"https:\\\/\\\/wernerdeck.de\\\/blog\\\/#website\",\"url\":\"https:\\\/\\\/wernerdeck.de\\\/blog\\\/\",\"name\":\"Blog von Werner Deck\",\"description\":\"\",\"publisher\":{\"@id\":\"https:\\\/\\\/wernerdeck.de\\\/blog\\\/#\\\/schema\\\/person\\\/7af62de1f11b0a09297eeb81281e523c\"},\"potentialAction\":[{\"@type\":\"SearchAction\",\"target\":{\"@type\":\"EntryPoint\",\"urlTemplate\":\"https:\\\/\\\/wernerdeck.de\\\/blog\\\/?s={search_term_string}\"},\"query-input\":{\"@type\":\"PropertyValueSpecification\",\"valueRequired\":true,\"valueName\":\"search_term_string\"}}],\"inLanguage\":\"de\"},{\"@type\":[\"Person\",\"Organization\"],\"@id\":\"https:\\\/\\\/wernerdeck.de\\\/blog\\\/#\\\/schema\\\/person\\\/7af62de1f11b0a09297eeb81281e523c\",\"name\":\"Werner Deck\",\"image\":{\"@type\":\"ImageObject\",\"inLanguage\":\"de\",\"@id\":\"https:\\\/\\\/wernerdeck.de\\\/blog\\\/wp-content\\\/uploads\\\/2022\\\/05\\\/Werner-Deck-995x1024.jpg\",\"url\":\"https:\\\/\\\/wernerdeck.de\\\/blog\\\/wp-content\\\/uploads\\\/2022\\\/05\\\/Werner-Deck-995x1024.jpg\",\"contentUrl\":\"https:\\\/\\\/wernerdeck.de\\\/blog\\\/wp-content\\\/uploads\\\/2022\\\/05\\\/Werner-Deck-995x1024.jpg\",\"width\":995,\"height\":1024,\"caption\":\"Werner Deck\"},\"logo\":{\"@id\":\"https:\\\/\\\/wernerdeck.de\\\/blog\\\/wp-content\\\/uploads\\\/2022\\\/05\\\/Werner-Deck-995x1024.jpg\"},\"sameAs\":[\"https:\\\/\\\/wernerdeck.de\\\/blog\",\"https:\\\/\\\/www.facebook.com\\\/werner.deck\\\/\",\"https:\\\/\\\/www.instagram.com\\\/opti_maler_deck\\\/\",\"https:\\\/\\\/www.youtube.com\\\/c\\\/WernerDeck\"],\"url\":\"https:\\\/\\\/wernerdeck.de\\\/blog\\\/author\\\/wernerdeck-de\\\/\"}]}<\/script>\n<!-- \/ Yoast SEO plugin. -->","yoast_head_json":{"title":"Zukunft des deutschen Rentensystems \u2013 droht wirklich eine Rentenkrise? - Privater Blog von Werner Deck","description":"Zukunft des deutschen Rentensystems? Radiogespr\u00e4ch mit Journalist Andreas Hoffmann bei SWR1 liefert \u00fcberraschende Perspektiven auf die Rente","robots":{"index":"index","follow":"follow","max-snippet":"max-snippet:-1","max-image-preview":"max-image-preview:large","max-video-preview":"max-video-preview:-1"},"canonical":"https:\/\/wernerdeck.de\/blog\/2026\/03\/12\/zukunft-deutsches-rentensystem\/","og_locale":"de_DE","og_type":"article","og_title":"Zukunft des deutschen Rentensystems \u2013 droht wirklich eine Rentenkrise? - Privater Blog von Werner Deck","og_description":"Zukunft des deutschen Rentensystems? Radiogespr\u00e4ch mit Journalist Andreas Hoffmann bei SWR1 liefert \u00fcberraschende Perspektiven auf die Rente","og_url":"https:\/\/wernerdeck.de\/blog\/2026\/03\/12\/zukunft-deutsches-rentensystem\/","og_site_name":"Privater Blog von Werner Deck","article_publisher":"https:\/\/www.facebook.com\/werner.deck\/","article_author":"https:\/\/www.facebook.com\/werner.deck\/","article_published_time":"2026-03-12T10:10:07+00:00","article_modified_time":"2026-03-12T10:34:58+00:00","og_image":[{"width":1200,"height":572,"url":"https:\/\/wernerdeck.de\/blog\/wp-content\/uploads\/2026\/03\/zukunft-des-deutschen-rentensystems-andreas-hoffmann-03.png","type":"image\/png"}],"author":"Werner Deck","twitter_card":"summary_large_image","twitter_misc":{"Verfasst von":"Werner Deck","Gesch\u00e4tzte Lesezeit":"5\u00a0Minuten"},"schema":{"@context":"https:\/\/schema.org","@graph":[{"@type":"Article","@id":"https:\/\/wernerdeck.de\/blog\/2026\/03\/12\/zukunft-deutsches-rentensystem\/#article","isPartOf":{"@id":"https:\/\/wernerdeck.de\/blog\/2026\/03\/12\/zukunft-deutsches-rentensystem\/"},"author":{"name":"Werner Deck","@id":"https:\/\/wernerdeck.de\/blog\/#\/schema\/person\/7af62de1f11b0a09297eeb81281e523c"},"headline":"Zukunft des deutschen Rentensystems \u2013 droht wirklich eine Rentenkrise?","datePublished":"2026-03-12T10:10:07+00:00","dateModified":"2026-03-12T10:34:58+00:00","mainEntityOfPage":{"@id":"https:\/\/wernerdeck.de\/blog\/2026\/03\/12\/zukunft-deutsches-rentensystem\/"},"wordCount":745,"commentCount":0,"publisher":{"@id":"https:\/\/wernerdeck.de\/blog\/#\/schema\/person\/7af62de1f11b0a09297eeb81281e523c"},"image":{"@id":"https:\/\/wernerdeck.de\/blog\/2026\/03\/12\/zukunft-deutsches-rentensystem\/#primaryimage"},"thumbnailUrl":"https:\/\/wernerdeck.de\/blog\/wp-content\/uploads\/2026\/03\/zukunft-des-deutschen-rentensystems-andreas-hoffmann-03.png","keywords":["Altersvorsorge","Andreas Hoffmann","Demografie Deutschland","Demografischer Wandel","Rente Zukunft","Rentendebatte","Rentenpolitik","Rentensystem Deutschland","Sozialstaat Deutschland","SWR1 Leute"],"articleSection":["Pers\u00f6nliches"],"inLanguage":"de","potentialAction":[{"@type":"CommentAction","name":"Comment","target":["https:\/\/wernerdeck.de\/blog\/2026\/03\/12\/zukunft-deutsches-rentensystem\/#respond"]}]},{"@type":"WebPage","@id":"https:\/\/wernerdeck.de\/blog\/2026\/03\/12\/zukunft-deutsches-rentensystem\/","url":"https:\/\/wernerdeck.de\/blog\/2026\/03\/12\/zukunft-deutsches-rentensystem\/","name":"Zukunft des deutschen Rentensystems \u2013 droht wirklich eine Rentenkrise? - Privater Blog von Werner Deck","isPartOf":{"@id":"https:\/\/wernerdeck.de\/blog\/#website"},"primaryImageOfPage":{"@id":"https:\/\/wernerdeck.de\/blog\/2026\/03\/12\/zukunft-deutsches-rentensystem\/#primaryimage"},"image":{"@id":"https:\/\/wernerdeck.de\/blog\/2026\/03\/12\/zukunft-deutsches-rentensystem\/#primaryimage"},"thumbnailUrl":"https:\/\/wernerdeck.de\/blog\/wp-content\/uploads\/2026\/03\/zukunft-des-deutschen-rentensystems-andreas-hoffmann-03.png","datePublished":"2026-03-12T10:10:07+00:00","dateModified":"2026-03-12T10:34:58+00:00","description":"Zukunft des deutschen Rentensystems? Radiogespr\u00e4ch mit Journalist Andreas Hoffmann bei SWR1 liefert \u00fcberraschende Perspektiven auf die Rente","breadcrumb":{"@id":"https:\/\/wernerdeck.de\/blog\/2026\/03\/12\/zukunft-deutsches-rentensystem\/#breadcrumb"},"inLanguage":"de","potentialAction":[{"@type":"ReadAction","target":["https:\/\/wernerdeck.de\/blog\/2026\/03\/12\/zukunft-deutsches-rentensystem\/"]}]},{"@type":"ImageObject","inLanguage":"de","@id":"https:\/\/wernerdeck.de\/blog\/2026\/03\/12\/zukunft-deutsches-rentensystem\/#primaryimage","url":"https:\/\/wernerdeck.de\/blog\/wp-content\/uploads\/2026\/03\/zukunft-des-deutschen-rentensystems-andreas-hoffmann-03.png","contentUrl":"https:\/\/wernerdeck.de\/blog\/wp-content\/uploads\/2026\/03\/zukunft-des-deutschen-rentensystems-andreas-hoffmann-03.png","width":1200,"height":572,"caption":"SWR1 Leute Radiosendung \u2013 Interview \u00fcber die Zukunft des deutschen Rentensystems mit Andreas Hoffmann"},{"@type":"BreadcrumbList","@id":"https:\/\/wernerdeck.de\/blog\/2026\/03\/12\/zukunft-deutsches-rentensystem\/#breadcrumb","itemListElement":[{"@type":"ListItem","position":1,"name":"Startseite","item":"https:\/\/wernerdeck.de\/blog\/"},{"@type":"ListItem","position":2,"name":"Zukunft des deutschen Rentensystems \u2013 droht wirklich eine Rentenkrise?"}]},{"@type":"WebSite","@id":"https:\/\/wernerdeck.de\/blog\/#website","url":"https:\/\/wernerdeck.de\/blog\/","name":"Blog von Werner Deck","description":"","publisher":{"@id":"https:\/\/wernerdeck.de\/blog\/#\/schema\/person\/7af62de1f11b0a09297eeb81281e523c"},"potentialAction":[{"@type":"SearchAction","target":{"@type":"EntryPoint","urlTemplate":"https:\/\/wernerdeck.de\/blog\/?s={search_term_string}"},"query-input":{"@type":"PropertyValueSpecification","valueRequired":true,"valueName":"search_term_string"}}],"inLanguage":"de"},{"@type":["Person","Organization"],"@id":"https:\/\/wernerdeck.de\/blog\/#\/schema\/person\/7af62de1f11b0a09297eeb81281e523c","name":"Werner Deck","image":{"@type":"ImageObject","inLanguage":"de","@id":"https:\/\/wernerdeck.de\/blog\/wp-content\/uploads\/2022\/05\/Werner-Deck-995x1024.jpg","url":"https:\/\/wernerdeck.de\/blog\/wp-content\/uploads\/2022\/05\/Werner-Deck-995x1024.jpg","contentUrl":"https:\/\/wernerdeck.de\/blog\/wp-content\/uploads\/2022\/05\/Werner-Deck-995x1024.jpg","width":995,"height":1024,"caption":"Werner Deck"},"logo":{"@id":"https:\/\/wernerdeck.de\/blog\/wp-content\/uploads\/2022\/05\/Werner-Deck-995x1024.jpg"},"sameAs":["https:\/\/wernerdeck.de\/blog","https:\/\/www.facebook.com\/werner.deck\/","https:\/\/www.instagram.com\/opti_maler_deck\/","https:\/\/www.youtube.com\/c\/WernerDeck"],"url":"https:\/\/wernerdeck.de\/blog\/author\/wernerdeck-de\/"}]}},"_links":{"self":[{"href":"https:\/\/wernerdeck.de\/blog\/wp-json\/wp\/v2\/posts\/32888","targetHints":{"allow":["GET"]}}],"collection":[{"href":"https:\/\/wernerdeck.de\/blog\/wp-json\/wp\/v2\/posts"}],"about":[{"href":"https:\/\/wernerdeck.de\/blog\/wp-json\/wp\/v2\/types\/post"}],"author":[{"embeddable":true,"href":"https:\/\/wernerdeck.de\/blog\/wp-json\/wp\/v2\/users\/1"}],"replies":[{"embeddable":true,"href":"https:\/\/wernerdeck.de\/blog\/wp-json\/wp\/v2\/comments?post=32888"}],"version-history":[{"count":0,"href":"https:\/\/wernerdeck.de\/blog\/wp-json\/wp\/v2\/posts\/32888\/revisions"}],"wp:featuredmedia":[{"embeddable":true,"href":"https:\/\/wernerdeck.de\/blog\/wp-json\/wp\/v2\/media\/32893"}],"wp:attachment":[{"href":"https:\/\/wernerdeck.de\/blog\/wp-json\/wp\/v2\/media?parent=32888"}],"wp:term":[{"taxonomy":"category","embeddable":true,"href":"https:\/\/wernerdeck.de\/blog\/wp-json\/wp\/v2\/categories?post=32888"},{"taxonomy":"post_tag","embeddable":true,"href":"https:\/\/wernerdeck.de\/blog\/wp-json\/wp\/v2\/tags?post=32888"}],"curies":[{"name":"wp","href":"https:\/\/api.w.org\/{rel}","templated":true}]}}