{"id":32233,"date":"2025-12-31T18:34:03","date_gmt":"2025-12-31T17:34:03","guid":{"rendered":"https:\/\/wernerdeck.de\/blog\/?p=32233"},"modified":"2026-01-24T10:03:49","modified_gmt":"2026-01-24T09:03:49","slug":"wie-frohnmaier-luegt","status":"publish","type":"post","link":"https:\/\/wernerdeck.de\/blog\/2025\/12\/31\/wie-frohnmaier-luegt\/","title":{"rendered":"Wie Frohnmaier l\u00fcgt. Beispiel sein FB-Post vom 31.12.2025"},"content":{"rendered":"<p data-start=\"975\" data-end=\"1461\"><img loading=\"lazy\" decoding=\"async\" class=\"wp-image-32252 alignleft\" src=\"https:\/\/wernerdeck.de\/blog\/wp-content\/uploads\/2025\/12\/Niemals-Frohnmaier-niemals-AfD.png\" alt=\"Niemals Frohnmaier niemals AfD\" width=\"308\" height=\"306\" srcset=\"https:\/\/wernerdeck.de\/blog\/wp-content\/uploads\/2025\/12\/Niemals-Frohnmaier-niemals-AfD.png 1200w, https:\/\/wernerdeck.de\/blog\/wp-content\/uploads\/2025\/12\/Niemals-Frohnmaier-niemals-AfD-300x298.png 300w, https:\/\/wernerdeck.de\/blog\/wp-content\/uploads\/2025\/12\/Niemals-Frohnmaier-niemals-AfD-1024x1017.png 1024w, https:\/\/wernerdeck.de\/blog\/wp-content\/uploads\/2025\/12\/Niemals-Frohnmaier-niemals-AfD-150x150.png 150w, https:\/\/wernerdeck.de\/blog\/wp-content\/uploads\/2025\/12\/Niemals-Frohnmaier-niemals-AfD-768x763.png 768w\" sizes=\"auto, (max-width: 308px) 100vw, 308px\" \/>Wie Frohnmaier l\u00fcgt. In den sozialen Netzwerken verbreiten Politiker regelm\u00e4\u00dfig Parolen und Versprechen, die zwar lautstark sind, aber keinerlei praktische oder rechtliche Grundlage haben.<\/p>\n<p data-start=\"975\" data-end=\"1461\">Ein aktuelles Beispiel daf\u00fcr liefert der AfD-Abgeordnete Markus Frohnmaier (AfD) mit einem Facebook-Post vom <strong data-start=\"1246\" data-end=\"1267\">31. Dezember 2025<\/strong>, in dem er populistische Forderungen als politisch umsetzbare Programme darstellt \u2013 obwohl sie in den meisten F\u00e4llen <strong data-start=\"1385\" data-end=\"1455\">rechtlich, verfassungsrechtlich oder praktisch gar nicht umsetzbar<\/strong> sind.<\/p>\n<p data-start=\"1463\" data-end=\"1642\">Typisch Frohnmaier eben: gro\u00dfspurige <strong data-start=\"1495\" data-end=\"1524\">populistische Versprechen<\/strong>, die er <strong data-start=\"1533\" data-end=\"1566\">nie und nimmer einhalten kann<\/strong>, da fast nichts davon in der Zust\u00e4ndigkeit eines Ministerpr\u00e4sidenten liegt.<\/p>\n<p data-start=\"1463\" data-end=\"1642\"><img loading=\"lazy\" decoding=\"async\" class=\"aligncenter size-full wp-image-32238\" src=\"https:\/\/wernerdeck.de\/blog\/wp-content\/uploads\/2025\/12\/wie-frohnmaier-luegt-waehlertaeuuschung-durch-frohnmaier-02.png\" alt=\"Frohnmaier l\u00fcgt. W\u00e4hlert\u00e4uschung durch Frohnmaier\" width=\"1199\" height=\"163\" srcset=\"https:\/\/wernerdeck.de\/blog\/wp-content\/uploads\/2025\/12\/wie-frohnmaier-luegt-waehlertaeuuschung-durch-frohnmaier-02.png 1199w, https:\/\/wernerdeck.de\/blog\/wp-content\/uploads\/2025\/12\/wie-frohnmaier-luegt-waehlertaeuuschung-durch-frohnmaier-02-300x41.png 300w, https:\/\/wernerdeck.de\/blog\/wp-content\/uploads\/2025\/12\/wie-frohnmaier-luegt-waehlertaeuuschung-durch-frohnmaier-02-1024x139.png 1024w, https:\/\/wernerdeck.de\/blog\/wp-content\/uploads\/2025\/12\/wie-frohnmaier-luegt-waehlertaeuuschung-durch-frohnmaier-02-768x104.png 768w\" sizes=\"auto, (max-width: 1199px) 100vw, 1199px\" \/><\/p>\n<h3>Der Frohnmaier-Post vom 31.12.2025 im Original<\/h3>\n<p><img loading=\"lazy\" decoding=\"async\" class=\"aligncenter wp-image-32242 size-full\" src=\"https:\/\/wernerdeck.de\/blog\/wp-content\/uploads\/2025\/12\/Frohnmaier-luegt-am-32-12-2025.png\" alt=\"Der Frohnmaier-Post im Original \" width=\"644\" height=\"694\" srcset=\"https:\/\/wernerdeck.de\/blog\/wp-content\/uploads\/2025\/12\/Frohnmaier-luegt-am-32-12-2025.png 644w, https:\/\/wernerdeck.de\/blog\/wp-content\/uploads\/2025\/12\/Frohnmaier-luegt-am-32-12-2025-278x300.png 278w\" sizes=\"auto, (max-width: 644px) 100vw, 644px\" \/><\/p>\n<h2 data-start=\"1644\" data-end=\"1673\"><strong data-start=\"1647\" data-end=\"1673\">Wie Frohnmaier l\u00fcgt: Ein kurzer Faktencheck<\/strong><\/h2>\n<h3 data-start=\"1675\" data-end=\"1710\"><strong data-start=\"1679\" data-end=\"1710\">\u201eGro\u00dfes Abschiebe-Programm\u201c<\/strong><\/h3>\n<p data-start=\"1711\" data-end=\"1934\">Abschiebungen sind <strong data-start=\"1730\" data-end=\"1745\">Bundesrecht<\/strong> (Aufenthaltsgesetz).<br data-start=\"1766\" data-end=\"1769\">L\u00e4nder f\u00fchren nur aus, was Bund und Gerichte entscheiden.<br data-start=\"1826\" data-end=\"1829\">Ein Ministerpr\u00e4sident kann keinen eigenst\u00e4ndigen Abschiebestaat machen, wenn die Rechtsgrundlagen fehlen.<\/p>\n<h3 data-start=\"1936\" data-end=\"1972\"><strong data-start=\"1940\" data-end=\"1972\">\u201eRundfunkbeitrag abschaffen\u201c<\/strong><\/h3>\n<p data-start=\"1973\" data-end=\"2214\">Der Rundfunkbeitrag beruht auf einem <strong data-start=\"2010\" data-end=\"2040\">Staatsvertrag aller L\u00e4nder<\/strong>.<br data-start=\"2041\" data-end=\"2044\">Ein einzelnes Bundesland kann ihn weder abschaffen noch einseitig k\u00fcndigen.<br data-start=\"2119\" data-end=\"2122\">Das w\u00e4re nicht nur politisch unm\u00f6glich, sondern w\u00fcrde auch verfassungsrechtlich angefochten.<\/p>\n<h3 data-start=\"2216\" data-end=\"2253\"><strong data-start=\"2220\" data-end=\"2253\">\u201eVolksentscheide durchf\u00fchren\u201c<\/strong><\/h3>\n<p data-start=\"2254\" data-end=\"2488\">In Baden-W\u00fcrttemberg gibt es bereits M\u00f6glichkeiten f\u00fcr <strong data-start=\"2309\" data-end=\"2348\">Volksbegehren und Volksabstimmungen<\/strong> \u2013 allerdings mit hohen verfassungsrechtlichen H\u00fcrden, die den Minderheitenschutz sichern.<br data-start=\"2438\" data-end=\"2441\">Das ist kein neues oder exklusives AfD-Projekt.<\/p>\n<h3 data-start=\"2490\" data-end=\"2546\"><strong data-start=\"2494\" data-end=\"2546\">\u201eLinken NGOs die staatliche F\u00f6rderung streichen\u201c<\/strong><\/h3>\n<p data-start=\"2547\" data-end=\"2760\">Staatliche F\u00f6rderung darf <strong data-start=\"2573\" data-end=\"2609\">nicht nach politischer Gesinnung<\/strong> oder Parteizugeh\u00f6rigkeit gestrichen werden.<br data-start=\"2653\" data-end=\"2656\">Ein solches Vorgehen w\u00e4re <strong data-start=\"2682\" data-end=\"2703\">verfassungswidrig<\/strong> und ein klarer Versto\u00df gegen das Gleichbehandlungsgebot.<\/p>\n<h3 data-start=\"2762\" data-end=\"2817\"><strong data-start=\"2766\" data-end=\"2817\">\u201eDeutschland-Fahnen vor jeder Schule aufh\u00e4ngen\u201c<\/strong><\/h3>\n<p data-start=\"2818\" data-end=\"3060\">Das mag symbolisch wirken, hat aber <strong data-start=\"2854\" data-end=\"2946\">keinerlei Einfluss auf Bildungsqualit\u00e4t, Sicherheit oder gesellschaftlichen Zusammenhalt<\/strong>.<br data-start=\"2947\" data-end=\"2950\">Symbolpolitik ersetzt keine Inhalte, schon gar nicht in Demokratien, in denen sachliche L\u00f6sungen gefragt sind.<\/p>\n<h2 data-start=\"3062\" data-end=\"3074\"><strong data-start=\"3065\" data-end=\"3074\">Wie Frohnmaier l\u00fcgt: Fazit<\/strong><\/h2>\n<p data-start=\"3075\" data-end=\"3473\">Was in diesem Facebook-Post als <strong data-start=\"3107\" data-end=\"3246\">entschlossene Politik verkauft wird, ist gr\u00f6\u00dftenteils entweder Bundeszust\u00e4ndigkeit, verfassungsrechtlich unzul\u00e4ssig oder reine Symbolik<\/strong>.<br data-start=\"3247\" data-end=\"3250\">Wer Ministerpr\u00e4sident werden will, sollte wissen, <strong data-start=\"3300\" data-end=\"3350\">was ein Ministerpr\u00e4sident darf \u2013 und was nicht<\/strong>. Populistische Versprechen m\u00f6gen das W\u00e4hlerherz erw\u00e4rmen, aber sie sind kein Ersatz f\u00fcr <a href=\"http:\/\/afd-verbot.de\" target=\"_blank\" rel=\"noopener\">rechtsstaatlich fundierte Politik<\/a>.<\/p>\n<p data-start=\"3075\" data-end=\"3473\"><a href=\"https:\/\/wernerdeck.de\/blog\/2025\/12\/16\/markus-frohnmaier-inszenierung-statt-politik-eine-faktenbasierte-analyse\/\" target=\"_blank\" rel=\"noopener\">Frohnmaier f\u00e4llt mehr durch seine Inszenierung, denn durch Politik auf.<\/a><\/p>\n<hr>\n<p data-start=\"3075\" data-end=\"3473\">Hier ein weiteres Beispiel f\u00fcr den unredlichen und uns\u00e4glichen Populismus von Frohnmaier.<\/p>\n<blockquote hcb-fetch-image-from=\"https:\/\/wernerdeck.de\/blog\/2025\/12\/16\/markus-frohnmaier-inszenierung-statt-politik-eine-faktenbasierte-analyse\/\" class=\"wp-embedded-content\" data-secret=\"L8ydCtsKL1\"><p><a href=\"https:\/\/wernerdeck.de\/blog\/2025\/12\/16\/markus-frohnmaier-inszenierung-statt-politik-eine-faktenbasierte-analyse\/\">Markus Frohnmaier: Inszenierung statt Politik \u2013 Eine faktenbasierte Analyse<\/a><\/p><\/blockquote>\n<p><iframe loading=\"lazy\" class=\"wp-embedded-content\" sandbox=\"allow-scripts\" security=\"restricted\" style=\"position: absolute; visibility: hidden;\" title=\"&#8222;Markus Frohnmaier: Inszenierung statt Politik \u2013 Eine faktenbasierte Analyse&#8220; &#8211; Privater Blog von Werner Deck\" src=\"https:\/\/wernerdeck.de\/blog\/2025\/12\/16\/markus-frohnmaier-inszenierung-statt-politik-eine-faktenbasierte-analyse\/embed\/#?secret=2NqsgRPq4l#?secret=L8ydCtsKL1\" data-secret=\"L8ydCtsKL1\" width=\"600\" height=\"338\" frameborder=\"0\" marginwidth=\"0\" marginheight=\"0\" scrolling=\"no\"><\/iframe><\/p>\n<hr>\n<p data-start=\"3075\" data-end=\"3473\"><a href=\"https:\/\/wernerdeck.de\/blog\/2025\/06\/17\/afd-verbot-de-beweise-fuer-das-afd-verbot\/\" target=\"_blank\" rel=\"noopener\">Fakten gegen die AfD: Warum die Website afd-verbot.de f\u00fcr unsere Demokratie so wichtig ist<\/a><\/p>\n","protected":false},"excerpt":{"rendered":"<p>Wie Frohnmaier l\u00fcgt. In den sozialen Netzwerken verbreiten Politiker regelm\u00e4\u00dfig Parolen und Versprechen, die zwar lautstark sind, aber keinerlei praktische oder rechtliche Grundlage haben. Ein aktuelles Beispiel daf\u00fcr liefert der AfD-Abgeordnete Markus Frohnmaier (AfD) mit einem Facebook-Post vom 31. Dezember 2025, in dem er populistische Forderungen als politisch umsetzbare Programme darstellt \u2013 obwohl sie in &#8230; <a title=\"Wie Frohnmaier l\u00fcgt. Beispiel sein FB-Post vom 31.12.2025\" class=\"read-more\" href=\"https:\/\/wernerdeck.de\/blog\/2025\/12\/31\/wie-frohnmaier-luegt\/\" aria-label=\"Mehr Informationen \u00fcber Wie Frohnmaier l\u00fcgt. Beispiel sein FB-Post vom 31.12.2025\">Weiterlesen<\/a><\/p>\n","protected":false},"author":1,"featured_media":32254,"comment_status":"open","ping_status":"open","sticky":false,"template":"","format":"standard","meta":{"ngg_post_thumbnail":0,"footnotes":""},"categories":[513],"tags":[630,754,1458,637,864,1462,1467,1465,1463,1422,1468,1461,1459,989,1466,1464,1460],"class_list":["post-32233","post","type-post","status-publish","format-standard","has-post-thumbnail","hentry","category-nein-zur-afd","tag-noafd","tag-afd","tag-afd-baden-wuerttemberg","tag-afd-kritik","tag-afd-luegen","tag-afd-faktencheck","tag-afd-versprechen","tag-bundeszustaendigkeiten","tag-demokratieverstaendnis-afd","tag-markus-frohnmaier","tag-politische-bildung-und-schutz-der-demokratie","tag-politische-desinformation","tag-populismus","tag-rechtspopulismus","tag-symbolpolitik","tag-verfassungsrecht","tag-waehlertaeuschung"],"yoast_head":"<!-- This site is optimized with the Yoast SEO plugin v27.4 - https:\/\/yoast.com\/product\/yoast-seo-wordpress\/ -->\n<title>Wie Frohnmaier l\u00fcgt. Beispiel sein FB-Post vom 31.12.2025 - Privater Blog von Werner Deck<\/title>\n<meta name=\"description\" content=\"Wie Frohnmaier l\u00fcgt. Analyse eines FB-Posts von Markus Frohnmaier: populistische Versprechen, weil nicht umsetzbar, zur W\u00e4hlert\u00e4uschung\" \/>\n<meta name=\"robots\" content=\"index, follow, max-snippet:-1, max-image-preview:large, max-video-preview:-1\" \/>\n<link rel=\"canonical\" href=\"https:\/\/wernerdeck.de\/blog\/2025\/12\/31\/wie-frohnmaier-luegt\/\" \/>\n<meta property=\"og:locale\" content=\"de_DE\" \/>\n<meta property=\"og:type\" content=\"article\" \/>\n<meta property=\"og:title\" content=\"Wie Frohnmaier l\u00fcgt. Beispiel sein FB-Post vom 31.12.2025 - Privater Blog von Werner Deck\" \/>\n<meta property=\"og:description\" content=\"Wie Frohnmaier l\u00fcgt. Analyse eines FB-Posts von Markus Frohnmaier: populistische Versprechen, weil nicht umsetzbar, zur W\u00e4hlert\u00e4uschung\" \/>\n<meta property=\"og:url\" content=\"https:\/\/wernerdeck.de\/blog\/2025\/12\/31\/wie-frohnmaier-luegt\/\" \/>\n<meta property=\"og:site_name\" content=\"Privater Blog von Werner Deck\" \/>\n<meta property=\"article:publisher\" content=\"https:\/\/www.facebook.com\/werner.deck\/\" \/>\n<meta property=\"article:author\" content=\"https:\/\/www.facebook.com\/werner.deck\/\" \/>\n<meta property=\"article:published_time\" content=\"2025-12-31T17:34:03+00:00\" \/>\n<meta property=\"article:modified_time\" content=\"2026-01-24T09:03:49+00:00\" \/>\n<meta property=\"og:image\" content=\"https:\/\/wernerdeck.de\/blog\/wp-content\/uploads\/2025\/12\/Niemals-Frohnmaier-niemals-AfD-03.png\" \/>\n\t<meta property=\"og:image:width\" content=\"1200\" \/>\n\t<meta property=\"og:image:height\" content=\"628\" \/>\n\t<meta property=\"og:image:type\" content=\"image\/png\" \/>\n<meta name=\"author\" content=\"Werner Deck\" \/>\n<meta name=\"twitter:card\" content=\"summary_large_image\" \/>\n<meta name=\"twitter:label1\" content=\"Verfasst von\" \/>\n\t<meta name=\"twitter:data1\" content=\"Werner Deck\" \/>\n\t<meta name=\"twitter:label2\" content=\"Gesch\u00e4tzte Lesezeit\" \/>\n\t<meta name=\"twitter:data2\" content=\"3\u00a0Minuten\" \/>\n<script type=\"application\/ld+json\" class=\"yoast-schema-graph\">{\"@context\":\"https:\\\/\\\/schema.org\",\"@graph\":[{\"@type\":\"Article\",\"@id\":\"https:\\\/\\\/wernerdeck.de\\\/blog\\\/2025\\\/12\\\/31\\\/wie-frohnmaier-luegt\\\/#article\",\"isPartOf\":{\"@id\":\"https:\\\/\\\/wernerdeck.de\\\/blog\\\/2025\\\/12\\\/31\\\/wie-frohnmaier-luegt\\\/\"},\"author\":{\"name\":\"Werner Deck\",\"@id\":\"https:\\\/\\\/wernerdeck.de\\\/blog\\\/#\\\/schema\\\/person\\\/7af62de1f11b0a09297eeb81281e523c\"},\"headline\":\"Wie Frohnmaier l\u00fcgt. Beispiel sein FB-Post vom 31.12.2025\",\"datePublished\":\"2025-12-31T17:34:03+00:00\",\"dateModified\":\"2026-01-24T09:03:49+00:00\",\"mainEntityOfPage\":{\"@id\":\"https:\\\/\\\/wernerdeck.de\\\/blog\\\/2025\\\/12\\\/31\\\/wie-frohnmaier-luegt\\\/\"},\"wordCount\":389,\"commentCount\":0,\"publisher\":{\"@id\":\"https:\\\/\\\/wernerdeck.de\\\/blog\\\/#\\\/schema\\\/person\\\/7af62de1f11b0a09297eeb81281e523c\"},\"image\":{\"@id\":\"https:\\\/\\\/wernerdeck.de\\\/blog\\\/2025\\\/12\\\/31\\\/wie-frohnmaier-luegt\\\/#primaryimage\"},\"thumbnailUrl\":\"https:\\\/\\\/wernerdeck.de\\\/blog\\\/wp-content\\\/uploads\\\/2025\\\/12\\\/Niemals-Frohnmaier-niemals-AfD-03.png\",\"keywords\":[\"#NoAfD\",\"AfD\",\"AfD Baden-W\u00fcrttemberg\",\"AfD Kritik\",\"AfD L\u00fcgen\",\"AfD-Faktencheck\",\"AfD-Versprechen\",\"Bundeszust\u00e4ndigkeiten\",\"Demokratieverst\u00e4ndnis AfD\",\"Markus Frohnmaier\",\"politische Bildung und Schutz der Demokratie\",\"politische Desinformation\",\"Populismus\",\"Rechtspopulismus\",\"Symbolpolitik\",\"Verfassungsrecht\",\"W\u00e4hlert\u00e4uschung\"],\"articleSection\":[\"Nein zur AfD\"],\"inLanguage\":\"de\",\"potentialAction\":[{\"@type\":\"CommentAction\",\"name\":\"Comment\",\"target\":[\"https:\\\/\\\/wernerdeck.de\\\/blog\\\/2025\\\/12\\\/31\\\/wie-frohnmaier-luegt\\\/#respond\"]}]},{\"@type\":\"WebPage\",\"@id\":\"https:\\\/\\\/wernerdeck.de\\\/blog\\\/2025\\\/12\\\/31\\\/wie-frohnmaier-luegt\\\/\",\"url\":\"https:\\\/\\\/wernerdeck.de\\\/blog\\\/2025\\\/12\\\/31\\\/wie-frohnmaier-luegt\\\/\",\"name\":\"Wie Frohnmaier l\u00fcgt. Beispiel sein FB-Post vom 31.12.2025 - Privater Blog von Werner Deck\",\"isPartOf\":{\"@id\":\"https:\\\/\\\/wernerdeck.de\\\/blog\\\/#website\"},\"primaryImageOfPage\":{\"@id\":\"https:\\\/\\\/wernerdeck.de\\\/blog\\\/2025\\\/12\\\/31\\\/wie-frohnmaier-luegt\\\/#primaryimage\"},\"image\":{\"@id\":\"https:\\\/\\\/wernerdeck.de\\\/blog\\\/2025\\\/12\\\/31\\\/wie-frohnmaier-luegt\\\/#primaryimage\"},\"thumbnailUrl\":\"https:\\\/\\\/wernerdeck.de\\\/blog\\\/wp-content\\\/uploads\\\/2025\\\/12\\\/Niemals-Frohnmaier-niemals-AfD-03.png\",\"datePublished\":\"2025-12-31T17:34:03+00:00\",\"dateModified\":\"2026-01-24T09:03:49+00:00\",\"description\":\"Wie Frohnmaier l\u00fcgt. Analyse eines FB-Posts von Markus Frohnmaier: populistische Versprechen, weil nicht umsetzbar, zur W\u00e4hlert\u00e4uschung\",\"breadcrumb\":{\"@id\":\"https:\\\/\\\/wernerdeck.de\\\/blog\\\/2025\\\/12\\\/31\\\/wie-frohnmaier-luegt\\\/#breadcrumb\"},\"inLanguage\":\"de\",\"potentialAction\":[{\"@type\":\"ReadAction\",\"target\":[\"https:\\\/\\\/wernerdeck.de\\\/blog\\\/2025\\\/12\\\/31\\\/wie-frohnmaier-luegt\\\/\"]}]},{\"@type\":\"ImageObject\",\"inLanguage\":\"de\",\"@id\":\"https:\\\/\\\/wernerdeck.de\\\/blog\\\/2025\\\/12\\\/31\\\/wie-frohnmaier-luegt\\\/#primaryimage\",\"url\":\"https:\\\/\\\/wernerdeck.de\\\/blog\\\/wp-content\\\/uploads\\\/2025\\\/12\\\/Niemals-Frohnmaier-niemals-AfD-03.png\",\"contentUrl\":\"https:\\\/\\\/wernerdeck.de\\\/blog\\\/wp-content\\\/uploads\\\/2025\\\/12\\\/Niemals-Frohnmaier-niemals-AfD-03.png\",\"width\":1200,\"height\":628,\"caption\":\"Niemals Frohnmaier niemals AfD\"},{\"@type\":\"BreadcrumbList\",\"@id\":\"https:\\\/\\\/wernerdeck.de\\\/blog\\\/2025\\\/12\\\/31\\\/wie-frohnmaier-luegt\\\/#breadcrumb\",\"itemListElement\":[{\"@type\":\"ListItem\",\"position\":1,\"name\":\"Startseite\",\"item\":\"https:\\\/\\\/wernerdeck.de\\\/blog\\\/\"},{\"@type\":\"ListItem\",\"position\":2,\"name\":\"Wie Frohnmaier l\u00fcgt. Beispiel sein FB-Post vom 31.12.2025\"}]},{\"@type\":\"WebSite\",\"@id\":\"https:\\\/\\\/wernerdeck.de\\\/blog\\\/#website\",\"url\":\"https:\\\/\\\/wernerdeck.de\\\/blog\\\/\",\"name\":\"Blog von Werner Deck\",\"description\":\"\",\"publisher\":{\"@id\":\"https:\\\/\\\/wernerdeck.de\\\/blog\\\/#\\\/schema\\\/person\\\/7af62de1f11b0a09297eeb81281e523c\"},\"potentialAction\":[{\"@type\":\"SearchAction\",\"target\":{\"@type\":\"EntryPoint\",\"urlTemplate\":\"https:\\\/\\\/wernerdeck.de\\\/blog\\\/?s={search_term_string}\"},\"query-input\":{\"@type\":\"PropertyValueSpecification\",\"valueRequired\":true,\"valueName\":\"search_term_string\"}}],\"inLanguage\":\"de\"},{\"@type\":[\"Person\",\"Organization\"],\"@id\":\"https:\\\/\\\/wernerdeck.de\\\/blog\\\/#\\\/schema\\\/person\\\/7af62de1f11b0a09297eeb81281e523c\",\"name\":\"Werner Deck\",\"image\":{\"@type\":\"ImageObject\",\"inLanguage\":\"de\",\"@id\":\"https:\\\/\\\/wernerdeck.de\\\/blog\\\/wp-content\\\/uploads\\\/2022\\\/05\\\/Werner-Deck-995x1024.jpg\",\"url\":\"https:\\\/\\\/wernerdeck.de\\\/blog\\\/wp-content\\\/uploads\\\/2022\\\/05\\\/Werner-Deck-995x1024.jpg\",\"contentUrl\":\"https:\\\/\\\/wernerdeck.de\\\/blog\\\/wp-content\\\/uploads\\\/2022\\\/05\\\/Werner-Deck-995x1024.jpg\",\"width\":995,\"height\":1024,\"caption\":\"Werner Deck\"},\"logo\":{\"@id\":\"https:\\\/\\\/wernerdeck.de\\\/blog\\\/wp-content\\\/uploads\\\/2022\\\/05\\\/Werner-Deck-995x1024.jpg\"},\"sameAs\":[\"https:\\\/\\\/wernerdeck.de\\\/blog\",\"https:\\\/\\\/www.facebook.com\\\/werner.deck\\\/\",\"https:\\\/\\\/www.instagram.com\\\/opti_maler_deck\\\/\",\"https:\\\/\\\/www.youtube.com\\\/c\\\/WernerDeck\"],\"url\":\"https:\\\/\\\/wernerdeck.de\\\/blog\\\/author\\\/wernerdeck-de\\\/\"}]}<\/script>\n<!-- \/ Yoast SEO plugin. -->","yoast_head_json":{"title":"Wie Frohnmaier l\u00fcgt. Beispiel sein FB-Post vom 31.12.2025 - Privater Blog von Werner Deck","description":"Wie Frohnmaier l\u00fcgt. Analyse eines FB-Posts von Markus Frohnmaier: populistische Versprechen, weil nicht umsetzbar, zur W\u00e4hlert\u00e4uschung","robots":{"index":"index","follow":"follow","max-snippet":"max-snippet:-1","max-image-preview":"max-image-preview:large","max-video-preview":"max-video-preview:-1"},"canonical":"https:\/\/wernerdeck.de\/blog\/2025\/12\/31\/wie-frohnmaier-luegt\/","og_locale":"de_DE","og_type":"article","og_title":"Wie Frohnmaier l\u00fcgt. Beispiel sein FB-Post vom 31.12.2025 - Privater Blog von Werner Deck","og_description":"Wie Frohnmaier l\u00fcgt. Analyse eines FB-Posts von Markus Frohnmaier: populistische Versprechen, weil nicht umsetzbar, zur W\u00e4hlert\u00e4uschung","og_url":"https:\/\/wernerdeck.de\/blog\/2025\/12\/31\/wie-frohnmaier-luegt\/","og_site_name":"Privater Blog von Werner Deck","article_publisher":"https:\/\/www.facebook.com\/werner.deck\/","article_author":"https:\/\/www.facebook.com\/werner.deck\/","article_published_time":"2025-12-31T17:34:03+00:00","article_modified_time":"2026-01-24T09:03:49+00:00","og_image":[{"width":1200,"height":628,"url":"https:\/\/wernerdeck.de\/blog\/wp-content\/uploads\/2025\/12\/Niemals-Frohnmaier-niemals-AfD-03.png","type":"image\/png"}],"author":"Werner Deck","twitter_card":"summary_large_image","twitter_misc":{"Verfasst von":"Werner Deck","Gesch\u00e4tzte Lesezeit":"3\u00a0Minuten"},"schema":{"@context":"https:\/\/schema.org","@graph":[{"@type":"Article","@id":"https:\/\/wernerdeck.de\/blog\/2025\/12\/31\/wie-frohnmaier-luegt\/#article","isPartOf":{"@id":"https:\/\/wernerdeck.de\/blog\/2025\/12\/31\/wie-frohnmaier-luegt\/"},"author":{"name":"Werner Deck","@id":"https:\/\/wernerdeck.de\/blog\/#\/schema\/person\/7af62de1f11b0a09297eeb81281e523c"},"headline":"Wie Frohnmaier l\u00fcgt. Beispiel sein FB-Post vom 31.12.2025","datePublished":"2025-12-31T17:34:03+00:00","dateModified":"2026-01-24T09:03:49+00:00","mainEntityOfPage":{"@id":"https:\/\/wernerdeck.de\/blog\/2025\/12\/31\/wie-frohnmaier-luegt\/"},"wordCount":389,"commentCount":0,"publisher":{"@id":"https:\/\/wernerdeck.de\/blog\/#\/schema\/person\/7af62de1f11b0a09297eeb81281e523c"},"image":{"@id":"https:\/\/wernerdeck.de\/blog\/2025\/12\/31\/wie-frohnmaier-luegt\/#primaryimage"},"thumbnailUrl":"https:\/\/wernerdeck.de\/blog\/wp-content\/uploads\/2025\/12\/Niemals-Frohnmaier-niemals-AfD-03.png","keywords":["#NoAfD","AfD","AfD Baden-W\u00fcrttemberg","AfD Kritik","AfD L\u00fcgen","AfD-Faktencheck","AfD-Versprechen","Bundeszust\u00e4ndigkeiten","Demokratieverst\u00e4ndnis AfD","Markus Frohnmaier","politische Bildung und Schutz der Demokratie","politische Desinformation","Populismus","Rechtspopulismus","Symbolpolitik","Verfassungsrecht","W\u00e4hlert\u00e4uschung"],"articleSection":["Nein zur AfD"],"inLanguage":"de","potentialAction":[{"@type":"CommentAction","name":"Comment","target":["https:\/\/wernerdeck.de\/blog\/2025\/12\/31\/wie-frohnmaier-luegt\/#respond"]}]},{"@type":"WebPage","@id":"https:\/\/wernerdeck.de\/blog\/2025\/12\/31\/wie-frohnmaier-luegt\/","url":"https:\/\/wernerdeck.de\/blog\/2025\/12\/31\/wie-frohnmaier-luegt\/","name":"Wie Frohnmaier l\u00fcgt. Beispiel sein FB-Post vom 31.12.2025 - Privater Blog von Werner Deck","isPartOf":{"@id":"https:\/\/wernerdeck.de\/blog\/#website"},"primaryImageOfPage":{"@id":"https:\/\/wernerdeck.de\/blog\/2025\/12\/31\/wie-frohnmaier-luegt\/#primaryimage"},"image":{"@id":"https:\/\/wernerdeck.de\/blog\/2025\/12\/31\/wie-frohnmaier-luegt\/#primaryimage"},"thumbnailUrl":"https:\/\/wernerdeck.de\/blog\/wp-content\/uploads\/2025\/12\/Niemals-Frohnmaier-niemals-AfD-03.png","datePublished":"2025-12-31T17:34:03+00:00","dateModified":"2026-01-24T09:03:49+00:00","description":"Wie Frohnmaier l\u00fcgt. Analyse eines FB-Posts von Markus Frohnmaier: populistische Versprechen, weil nicht umsetzbar, zur W\u00e4hlert\u00e4uschung","breadcrumb":{"@id":"https:\/\/wernerdeck.de\/blog\/2025\/12\/31\/wie-frohnmaier-luegt\/#breadcrumb"},"inLanguage":"de","potentialAction":[{"@type":"ReadAction","target":["https:\/\/wernerdeck.de\/blog\/2025\/12\/31\/wie-frohnmaier-luegt\/"]}]},{"@type":"ImageObject","inLanguage":"de","@id":"https:\/\/wernerdeck.de\/blog\/2025\/12\/31\/wie-frohnmaier-luegt\/#primaryimage","url":"https:\/\/wernerdeck.de\/blog\/wp-content\/uploads\/2025\/12\/Niemals-Frohnmaier-niemals-AfD-03.png","contentUrl":"https:\/\/wernerdeck.de\/blog\/wp-content\/uploads\/2025\/12\/Niemals-Frohnmaier-niemals-AfD-03.png","width":1200,"height":628,"caption":"Niemals Frohnmaier niemals AfD"},{"@type":"BreadcrumbList","@id":"https:\/\/wernerdeck.de\/blog\/2025\/12\/31\/wie-frohnmaier-luegt\/#breadcrumb","itemListElement":[{"@type":"ListItem","position":1,"name":"Startseite","item":"https:\/\/wernerdeck.de\/blog\/"},{"@type":"ListItem","position":2,"name":"Wie Frohnmaier l\u00fcgt. Beispiel sein FB-Post vom 31.12.2025"}]},{"@type":"WebSite","@id":"https:\/\/wernerdeck.de\/blog\/#website","url":"https:\/\/wernerdeck.de\/blog\/","name":"Blog von Werner Deck","description":"","publisher":{"@id":"https:\/\/wernerdeck.de\/blog\/#\/schema\/person\/7af62de1f11b0a09297eeb81281e523c"},"potentialAction":[{"@type":"SearchAction","target":{"@type":"EntryPoint","urlTemplate":"https:\/\/wernerdeck.de\/blog\/?s={search_term_string}"},"query-input":{"@type":"PropertyValueSpecification","valueRequired":true,"valueName":"search_term_string"}}],"inLanguage":"de"},{"@type":["Person","Organization"],"@id":"https:\/\/wernerdeck.de\/blog\/#\/schema\/person\/7af62de1f11b0a09297eeb81281e523c","name":"Werner Deck","image":{"@type":"ImageObject","inLanguage":"de","@id":"https:\/\/wernerdeck.de\/blog\/wp-content\/uploads\/2022\/05\/Werner-Deck-995x1024.jpg","url":"https:\/\/wernerdeck.de\/blog\/wp-content\/uploads\/2022\/05\/Werner-Deck-995x1024.jpg","contentUrl":"https:\/\/wernerdeck.de\/blog\/wp-content\/uploads\/2022\/05\/Werner-Deck-995x1024.jpg","width":995,"height":1024,"caption":"Werner Deck"},"logo":{"@id":"https:\/\/wernerdeck.de\/blog\/wp-content\/uploads\/2022\/05\/Werner-Deck-995x1024.jpg"},"sameAs":["https:\/\/wernerdeck.de\/blog","https:\/\/www.facebook.com\/werner.deck\/","https:\/\/www.instagram.com\/opti_maler_deck\/","https:\/\/www.youtube.com\/c\/WernerDeck"],"url":"https:\/\/wernerdeck.de\/blog\/author\/wernerdeck-de\/"}]}},"_links":{"self":[{"href":"https:\/\/wernerdeck.de\/blog\/wp-json\/wp\/v2\/posts\/32233","targetHints":{"allow":["GET"]}}],"collection":[{"href":"https:\/\/wernerdeck.de\/blog\/wp-json\/wp\/v2\/posts"}],"about":[{"href":"https:\/\/wernerdeck.de\/blog\/wp-json\/wp\/v2\/types\/post"}],"author":[{"embeddable":true,"href":"https:\/\/wernerdeck.de\/blog\/wp-json\/wp\/v2\/users\/1"}],"replies":[{"embeddable":true,"href":"https:\/\/wernerdeck.de\/blog\/wp-json\/wp\/v2\/comments?post=32233"}],"version-history":[{"count":0,"href":"https:\/\/wernerdeck.de\/blog\/wp-json\/wp\/v2\/posts\/32233\/revisions"}],"wp:featuredmedia":[{"embeddable":true,"href":"https:\/\/wernerdeck.de\/blog\/wp-json\/wp\/v2\/media\/32254"}],"wp:attachment":[{"href":"https:\/\/wernerdeck.de\/blog\/wp-json\/wp\/v2\/media?parent=32233"}],"wp:term":[{"taxonomy":"category","embeddable":true,"href":"https:\/\/wernerdeck.de\/blog\/wp-json\/wp\/v2\/categories?post=32233"},{"taxonomy":"post_tag","embeddable":true,"href":"https:\/\/wernerdeck.de\/blog\/wp-json\/wp\/v2\/tags?post=32233"}],"curies":[{"name":"wp","href":"https:\/\/api.w.org\/{rel}","templated":true}]}}