{"id":3126,"date":"2022-11-28T10:34:32","date_gmt":"2022-11-28T09:34:32","guid":{"rendered":"https:\/\/wernerdeck.de\/blog\/?p=3126"},"modified":"2024-02-05T16:44:50","modified_gmt":"2024-02-05T15:44:50","slug":"kaufen-70-m%c2%b2-haus-6-000-m%c2%b2-grundstueck-mit-quelle-und-see-fuer-e-36-00000-67-km-und-15-stunden-von-sao-paulo","status":"publish","type":"post","link":"https:\/\/wernerdeck.de\/blog\/2022\/11\/28\/kaufen-70-m%c2%b2-haus-6-000-m%c2%b2-grundstueck-mit-quelle-und-see-fuer-e-36-00000-67-km-und-15-stunden-von-sao-paulo\/","title":{"rendered":"Kaufen? 70 m\u00b2 Haus, 6.000 m\u00b2 Grundst\u00fcck mit Quelle und See, f\u00fcr \u20ac 36.000,00. 67 km und 1,5 Stunden von S\u00e3o Paulo"},"content":{"rendered":"<p><strong>Montag, 10. Oktober<\/strong> <a href=\"https:\/\/wernerdeck.de\/blog\/2022\/11\/27\/fuenftaegige-tour-von-sao-paulo-ueber-paraty-rio-de-janeiro-petropolis-visconde-de-maua-und-zurueck-nach-sao-paulo\/\">(hier geht es zum vorhergehenden Beitrag)<\/a><\/p>\n<figure id=\"attachment_3136\" aria-describedby=\"caption-attachment-3136\" style=\"width: 251px\" class=\"wp-caption alignleft\"><a href=\"https:\/\/wernerdeck.de\/blog\/2022\/11\/22\/zu-besuch-in-einer-favela-in-sao-paulo-im-regen-bossa-nova-tanzen\/\" target=\"_blank\" rel=\"noopener\"><img loading=\"lazy\" decoding=\"async\" class=\"wp-image-3136\" src=\"https:\/\/wernerdeck.de\/blog\/wp-content\/uploads\/2022\/11\/Zu-Besuch-bei-Edi-in-der-Favela.jpg\" alt=\"Zu Besuch bei Edi in der Favela\" width=\"261\" height=\"225\" srcset=\"https:\/\/wernerdeck.de\/blog\/wp-content\/uploads\/2022\/11\/Zu-Besuch-bei-Edi-in-der-Favela.jpg 600w, https:\/\/wernerdeck.de\/blog\/wp-content\/uploads\/2022\/11\/Zu-Besuch-bei-Edi-in-der-Favela-300x260.jpg 300w\" sizes=\"auto, (max-width: 261px) 100vw, 261px\" \/><\/a><figcaption id=\"caption-attachment-3136\" class=\"wp-caption-text\">Gestriger Besuch bei Edi<\/figcaption><\/figure>\n<p>Bei unserem gestrigen <a href=\"https:\/\/wernerdeck.de\/blog\/2022\/11\/22\/zu-besuch-in-einer-favela-in-sao-paulo-im-regen-bossa-nova-tanzen\/\" target=\"_blank\" rel=\"noopener\">Besuch bei Edi in der Favela<\/a>, erz\u00e4hlte uns Edi von seinem Vorhaben. Am Wochenende sei der L\u00e4rm durch Musik und Krawall so unertr\u00e4glich laut, dass man kaum schlafen kann.<\/p>\n<p>Deshalb sucht Edi ein Grundst\u00fcck etwas au\u00dferhalb von S\u00e3o Paulo, um dort das Wochenende in Ruhe verbringen zu k\u00f6nnen. Daf\u00fcr hat Edi einiges gespart und den Rest bek\u00e4me er von der Bank.<\/p>\n<p>\u20ac 36.000,00 sind umgerechnet <span style=\"font-weight: 400;\">R$ <\/span>202.020,00 (brasilianische Real). Zum Vergleich und besseren Einordnung, ein Arbeiter in Brasilien hat ein durchschnittliches Monatseinkommen von ca. <span style=\"font-weight: 400;\">R$ 2.975,00, das sind ca. \u20ac 530,00 im Monat.<\/span><\/p>\n<figure id=\"attachment_3144\" aria-describedby=\"caption-attachment-3144\" style=\"width: 197px\" class=\"wp-caption alignright\"><img loading=\"lazy\" decoding=\"async\" class=\"wp-image-3144\" src=\"https:\/\/wernerdeck.de\/blog\/wp-content\/uploads\/2022\/11\/Brasilianische-Real-Geldschein.jpg\" alt=\"Brasilianische Real Geldschein\" width=\"207\" height=\"92\" srcset=\"https:\/\/wernerdeck.de\/blog\/wp-content\/uploads\/2022\/11\/Brasilianische-Real-Geldschein.jpg 575w, https:\/\/wernerdeck.de\/blog\/wp-content\/uploads\/2022\/11\/Brasilianische-Real-Geldschein-300x134.jpg 300w\" sizes=\"auto, (max-width: 207px) 100vw, 207px\" \/><figcaption id=\"caption-attachment-3144\" class=\"wp-caption-text\">R$ 100<\/figcaption><\/figure>\n<p>Zur Grundst\u00fcckssuche hat Edi einen Makler beauftragt. Nun liegt ihm ein Grundst\u00fccksangebot vor und Edi bat Peter und mich ihn bei der Besichtigung zu begleiten. Er wollte auch unsere Meinung zum Objekt h\u00f6ren. Den Gefallen taten wir Edi gerne und so machten wir uns heute gemeinsam auf den Weg.<\/p>\n<p>So starteten wir unsere Besichtigungsfahrt nach <a href=\"https:\/\/www.google.com\/maps\/place\/S%C3%A3o+Louren%C3%A7o+da+Serra,+S%C3%A3o+Paulo,+06890-000,+Brasilien\/@-23.8671605,-46.9611208,12159m\/data=!3m1!1e3!4m5!3m4!1s0x94cfb6d9084f13f3:0xe72aae7ecc1ef375!8m2!3d-23.8540264!4d-46.9438937\" target=\"_blank\" rel=\"noopener\">S\u00e3o Louren\u00e7o da Serrabei&nbsp;<\/a>bei Regen und nasskaltem Wetter.<\/p>\n<p><img loading=\"lazy\" decoding=\"async\" class=\"size-full wp-image-3155 alignnone\" src=\"https:\/\/wernerdeck.de\/blog\/wp-content\/uploads\/2022\/11\/Start-zur-Fahrt-nach-Sao-Lourenco-da-Serra.jpg\" alt=\"Start zur Fahrt nach S\u00e3o Louren\u00e7o da Serra\" width=\"1600\" height=\"801\" srcset=\"https:\/\/wernerdeck.de\/blog\/wp-content\/uploads\/2022\/11\/Start-zur-Fahrt-nach-Sao-Lourenco-da-Serra.jpg 1600w, https:\/\/wernerdeck.de\/blog\/wp-content\/uploads\/2022\/11\/Start-zur-Fahrt-nach-Sao-Lourenco-da-Serra-300x150.jpg 300w, https:\/\/wernerdeck.de\/blog\/wp-content\/uploads\/2022\/11\/Start-zur-Fahrt-nach-Sao-Lourenco-da-Serra-1024x513.jpg 1024w, https:\/\/wernerdeck.de\/blog\/wp-content\/uploads\/2022\/11\/Start-zur-Fahrt-nach-Sao-Lourenco-da-Serra-768x384.jpg 768w, https:\/\/wernerdeck.de\/blog\/wp-content\/uploads\/2022\/11\/Start-zur-Fahrt-nach-Sao-Lourenco-da-Serra-1536x769.jpg 1536w\" sizes=\"auto, (max-width: 1600px) 100vw, 1600px\" \/><\/p>\n<p><img loading=\"lazy\" decoding=\"async\" class=\"size-full wp-image-3161 alignnone\" src=\"https:\/\/wernerdeck.de\/blog\/wp-content\/uploads\/2022\/11\/Bei-Regen-nach-Sao-Lourenco-da-Serra.jpg\" alt=\"Fahrt bei Regen nach S\u00e3o Louren\u00e7o da Serra\" width=\"1600\" height=\"688\" srcset=\"https:\/\/wernerdeck.de\/blog\/wp-content\/uploads\/2022\/11\/Bei-Regen-nach-Sao-Lourenco-da-Serra.jpg 1600w, https:\/\/wernerdeck.de\/blog\/wp-content\/uploads\/2022\/11\/Bei-Regen-nach-Sao-Lourenco-da-Serra-300x129.jpg 300w, https:\/\/wernerdeck.de\/blog\/wp-content\/uploads\/2022\/11\/Bei-Regen-nach-Sao-Lourenco-da-Serra-1024x440.jpg 1024w, https:\/\/wernerdeck.de\/blog\/wp-content\/uploads\/2022\/11\/Bei-Regen-nach-Sao-Lourenco-da-Serra-768x330.jpg 768w, https:\/\/wernerdeck.de\/blog\/wp-content\/uploads\/2022\/11\/Bei-Regen-nach-Sao-Lourenco-da-Serra-1536x660.jpg 1536w\" sizes=\"auto, (max-width: 1600px) 100vw, 1600px\" \/><\/p>\n<p>Nach etwas mehr als einer Stunde Fahrt bei Regen kamen wir in S\u00e3o Louren\u00e7o da Serra an. Da ist das B\u00fcro des Maklers. Zun\u00e4chst g\u00f6nnten wir uns aber eine kleine Kaffeepause im sehr schlichten aber landestypischen <a href=\"https:\/\/www.google.com\/maps\/place\/Padaria+Restaurante+Pizzaria\/@-23.8528128,-46.9439005,19.86z\/data=!4m13!1m7!3m6!1s0x0:0x8a239e01b8d7abde!2zMjPCsDUxJzExLjAiUyA0NsKwNTYnMzEuMSJX!3b1!8m2!3d-23.8530428!4d-46.9419584!3m4!1s0x0:0xd173d283e43f526d!8m2!3d-23.8529779!4d-46.9413691\" target=\"_blank\" rel=\"noopener\">Padaria Restaurante Pizzaria<\/a>.<\/p>\n<p><a href=\"https:\/\/www.google.com\/maps\/place\/Padaria+Restaurante+Pizzaria\/@-23.8528128,-46.9439005,19.86z\/data=!4m13!1m7!3m6!1s0x0:0x8a239e01b8d7abde!2zMjPCsDUxJzExLjAiUyA0NsKwNTYnMzEuMSJX!3b1!8m2!3d-23.8530428!4d-46.9419584!3m4!1s0x0:0xd173d283e43f526d!8m2!3d-23.8529779!4d-46.9413691\" target=\"_blank\" rel=\"noopener\"><img loading=\"lazy\" decoding=\"async\" class=\"aligncenter size-full wp-image-3163\" src=\"https:\/\/wernerdeck.de\/blog\/wp-content\/uploads\/2022\/11\/Kaffeepause-im-Padaria-Restaurante-Pizzaria.jpg\" alt=\"Kaffeepause im Padaria Restaurante Pizzaria\" width=\"1600\" height=\"405\" srcset=\"https:\/\/wernerdeck.de\/blog\/wp-content\/uploads\/2022\/11\/Kaffeepause-im-Padaria-Restaurante-Pizzaria.jpg 1600w, https:\/\/wernerdeck.de\/blog\/wp-content\/uploads\/2022\/11\/Kaffeepause-im-Padaria-Restaurante-Pizzaria-300x76.jpg 300w, https:\/\/wernerdeck.de\/blog\/wp-content\/uploads\/2022\/11\/Kaffeepause-im-Padaria-Restaurante-Pizzaria-1024x259.jpg 1024w, https:\/\/wernerdeck.de\/blog\/wp-content\/uploads\/2022\/11\/Kaffeepause-im-Padaria-Restaurante-Pizzaria-768x194.jpg 768w, https:\/\/wernerdeck.de\/blog\/wp-content\/uploads\/2022\/11\/Kaffeepause-im-Padaria-Restaurante-Pizzaria-1536x389.jpg 1536w\" sizes=\"auto, (max-width: 1600px) 100vw, 1600px\" \/><\/a><\/p>\n<p>Anschlie\u00dfend fuhren wir zum Maklerb\u00fcro&nbsp;<a href=\"https:\/\/www.google.com\/maps\/place\/ADNJ+Im%C3%B3veis\/@-23.8530856,-46.9420083,115m\/data=!3m1!1e3!4m13!1m7!3m6!1s0x0:0x1bab810387bbcb61!2zMjPCsDUxJzEwLjYiUyA0NsKwNTYnMzEuMSJX!3b1!8m2!3d-23.8529311!4d-46.9419847!3m4!1s0x94cfb7281bde6c31:0xe4fc8413af75334d!8m2!3d-23.8530804!4d-46.9419252\" target=\"_blank\" rel=\"noopener\">ADNJ Im\u00f3veis<\/a>. Mit der dort zust\u00e4ndigen Dame ging es dann noch einmal ca. 30 Minuten durch die Pampa und unbefestigte Stra\u00dfen, bis wir endlich am Objekt ankamen.<\/p>\n<p><img loading=\"lazy\" decoding=\"async\" class=\"aligncenter size-full wp-image-3166\" src=\"https:\/\/wernerdeck.de\/blog\/wp-content\/uploads\/2022\/11\/Beim-Makler-ADNJ-Imoveis-in-Sao-Lourenco-da-Serra.jpg\" alt=\"Beim Makler ADNJ Im\u00f3veis in S\u00e3o Louren\u00e7o da Serra\" width=\"1600\" height=\"548\" srcset=\"https:\/\/wernerdeck.de\/blog\/wp-content\/uploads\/2022\/11\/Beim-Makler-ADNJ-Imoveis-in-Sao-Lourenco-da-Serra.jpg 1600w, https:\/\/wernerdeck.de\/blog\/wp-content\/uploads\/2022\/11\/Beim-Makler-ADNJ-Imoveis-in-Sao-Lourenco-da-Serra-300x103.jpg 300w, https:\/\/wernerdeck.de\/blog\/wp-content\/uploads\/2022\/11\/Beim-Makler-ADNJ-Imoveis-in-Sao-Lourenco-da-Serra-1024x351.jpg 1024w, https:\/\/wernerdeck.de\/blog\/wp-content\/uploads\/2022\/11\/Beim-Makler-ADNJ-Imoveis-in-Sao-Lourenco-da-Serra-768x263.jpg 768w, https:\/\/wernerdeck.de\/blog\/wp-content\/uploads\/2022\/11\/Beim-Makler-ADNJ-Imoveis-in-Sao-Lourenco-da-Serra-1536x526.jpg 1536w\" sizes=\"auto, (max-width: 1600px) 100vw, 1600px\" \/><\/p>\n<p>Endlich kamen wir an Edis Objekt der Begierde an. Lange Wegstrecke von S\u00e3o Paulo und mitten in der Pampa.&nbsp;<\/p>\n<h3 style=\"text-align: center;\">Kaufen? 70 m\u00b2 Haus, 6.000 m\u00b2 Grundst\u00fcck mit Quelle und See, f\u00fcr \u20ac 36.000,00. 67 km und 1,5 Stunden von S\u00e3o Paulo.<\/h3>\n<p><img loading=\"lazy\" decoding=\"async\" class=\"aligncenter size-full wp-image-3168\" src=\"https:\/\/wernerdeck.de\/blog\/wp-content\/uploads\/2022\/11\/Deie-Fahrt-zu-Edis-Grundstueck.jpg\" alt=\"Die Fahrt zu Edis Grundst\u00fcck\" width=\"1672\" height=\"1042\" srcset=\"https:\/\/wernerdeck.de\/blog\/wp-content\/uploads\/2022\/11\/Deie-Fahrt-zu-Edis-Grundstueck.jpg 1672w, https:\/\/wernerdeck.de\/blog\/wp-content\/uploads\/2022\/11\/Deie-Fahrt-zu-Edis-Grundstueck-300x187.jpg 300w, https:\/\/wernerdeck.de\/blog\/wp-content\/uploads\/2022\/11\/Deie-Fahrt-zu-Edis-Grundstueck-1024x638.jpg 1024w, https:\/\/wernerdeck.de\/blog\/wp-content\/uploads\/2022\/11\/Deie-Fahrt-zu-Edis-Grundstueck-768x479.jpg 768w, https:\/\/wernerdeck.de\/blog\/wp-content\/uploads\/2022\/11\/Deie-Fahrt-zu-Edis-Grundstueck-1536x957.jpg 1536w\" sizes=\"auto, (max-width: 1672px) 100vw, 1672px\" \/><\/p>\n<p>Die Besichtigung k\u00f6nnen Sie mitgehen, wenn Sie auf die Vorschaubilder klicken. Die Bilder werden dann gro\u00df und Sie k\u00f6nnen sich so durch alle Bilder durchklicken.<\/p>\n<p>\n<div class=\"ngg-galleryoverview ngg-template-caption\" id=\"ngg-gallery-807539f031ab5c9a6d08b1f1b4b408e2-3126\">\n\n\t\t\n\t<!-- Thumbnails -->\n\t\t\t\t\t\n\t<div id=\"ngg-image-57\" class=\"ngg-gallery-thumbnail-box\" style=\"width:33%;\" >\n\t\t<div class=\"ngg-gallery-thumbnail\" >\n\t\t\t<a href=\"https:\/\/wernerdeck.de\/blog\/wp-content\/gallery\/besichtigung-von-edis-wunschgrundstueck\/20221010_151238.jpg\"\n\t\t\t\ttitle=\" \"\n\t\t\t\tclass=\"ngg-simplelightbox\" rel=\"807539f031ab5c9a6d08b1f1b4b408e2\" data-image-id=\"57\" data-src=\"https:\/\/wernerdeck.de\/blog\/wp-content\/gallery\/besichtigung-von-edis-wunschgrundstueck\/20221010_151238.jpg\" data-thumbnail=\"https:\/\/wernerdeck.de\/blog\/wp-content\/gallery\/besichtigung-von-edis-wunschgrundstueck\/thumbs\/thumbs_20221010_151238.jpg\" data-title=\"20221010_151238\" data-description=\" \" >\n\t\t\t\t\t\t\t\t<img title=\"20221010_151238\" alt=\"20221010_151238\" src=\"https:\/\/wernerdeck.de\/blog\/wp-content\/gallery\/besichtigung-von-edis-wunschgrundstueck\/thumbs\/thumbs_20221010_151238.jpg\" width='240' height='160' \/>\n\t\t\t\t\t\t\t<\/a>\n\t\t\t<span>\n\t\t\t \t\t\t<\/span>\n\t\t<\/div>\n\t<\/div>\n\t\t\t\t\t\t\t\t\n\t<div id=\"ngg-image-59\" class=\"ngg-gallery-thumbnail-box\" style=\"width:33%;\" >\n\t\t<div class=\"ngg-gallery-thumbnail\" >\n\t\t\t<a href=\"https:\/\/wernerdeck.de\/blog\/wp-content\/gallery\/besichtigung-von-edis-wunschgrundstueck\/20221010_151244.jpg\"\n\t\t\t\ttitle=\" \"\n\t\t\t\tclass=\"ngg-simplelightbox\" rel=\"807539f031ab5c9a6d08b1f1b4b408e2\" data-image-id=\"59\" data-src=\"https:\/\/wernerdeck.de\/blog\/wp-content\/gallery\/besichtigung-von-edis-wunschgrundstueck\/20221010_151244.jpg\" data-thumbnail=\"https:\/\/wernerdeck.de\/blog\/wp-content\/gallery\/besichtigung-von-edis-wunschgrundstueck\/thumbs\/thumbs_20221010_151244.jpg\" data-title=\"20221010_151244\" data-description=\" \" >\n\t\t\t\t\t\t\t\t<img title=\"20221010_151244\" alt=\"20221010_151244\" src=\"https:\/\/wernerdeck.de\/blog\/wp-content\/gallery\/besichtigung-von-edis-wunschgrundstueck\/thumbs\/thumbs_20221010_151244.jpg\" width='240' height='160' \/>\n\t\t\t\t\t\t\t<\/a>\n\t\t\t<span>\n\t\t\t \t\t\t<\/span>\n\t\t<\/div>\n\t<\/div>\n\t\t\t\t\t\t\t\t\n\t<div id=\"ngg-image-56\" class=\"ngg-gallery-thumbnail-box\" style=\"width:33%;\" >\n\t\t<div class=\"ngg-gallery-thumbnail\" >\n\t\t\t<a href=\"https:\/\/wernerdeck.de\/blog\/wp-content\/gallery\/besichtigung-von-edis-wunschgrundstueck\/20221010_151301.jpg\"\n\t\t\t\ttitle=\" \"\n\t\t\t\tclass=\"ngg-simplelightbox\" rel=\"807539f031ab5c9a6d08b1f1b4b408e2\" data-image-id=\"56\" data-src=\"https:\/\/wernerdeck.de\/blog\/wp-content\/gallery\/besichtigung-von-edis-wunschgrundstueck\/20221010_151301.jpg\" data-thumbnail=\"https:\/\/wernerdeck.de\/blog\/wp-content\/gallery\/besichtigung-von-edis-wunschgrundstueck\/thumbs\/thumbs_20221010_151301.jpg\" data-title=\"20221010_151301\" data-description=\" \" >\n\t\t\t\t\t\t\t\t<img title=\"20221010_151301\" alt=\"20221010_151301\" src=\"https:\/\/wernerdeck.de\/blog\/wp-content\/gallery\/besichtigung-von-edis-wunschgrundstueck\/thumbs\/thumbs_20221010_151301.jpg\" width='240' height='160' \/>\n\t\t\t\t\t\t\t<\/a>\n\t\t\t<span>\n\t\t\t \t\t\t<\/span>\n\t\t<\/div>\n\t<\/div>\n\t\t\t\t\t\t\t<br style=\"clear: both\" \/>\n\t\t\t\n\t<div id=\"ngg-image-55\" class=\"ngg-gallery-thumbnail-box\" style=\"width:33%;\" >\n\t\t<div class=\"ngg-gallery-thumbnail\" >\n\t\t\t<a href=\"https:\/\/wernerdeck.de\/blog\/wp-content\/gallery\/besichtigung-von-edis-wunschgrundstueck\/20221010_151303.jpg\"\n\t\t\t\ttitle=\" \"\n\t\t\t\tclass=\"ngg-simplelightbox\" rel=\"807539f031ab5c9a6d08b1f1b4b408e2\" data-image-id=\"55\" data-src=\"https:\/\/wernerdeck.de\/blog\/wp-content\/gallery\/besichtigung-von-edis-wunschgrundstueck\/20221010_151303.jpg\" data-thumbnail=\"https:\/\/wernerdeck.de\/blog\/wp-content\/gallery\/besichtigung-von-edis-wunschgrundstueck\/thumbs\/thumbs_20221010_151303.jpg\" data-title=\"20221010_151303\" data-description=\" \" >\n\t\t\t\t\t\t\t\t<img title=\"20221010_151303\" alt=\"20221010_151303\" src=\"https:\/\/wernerdeck.de\/blog\/wp-content\/gallery\/besichtigung-von-edis-wunschgrundstueck\/thumbs\/thumbs_20221010_151303.jpg\" width='240' height='160' \/>\n\t\t\t\t\t\t\t<\/a>\n\t\t\t<span>\n\t\t\t \t\t\t<\/span>\n\t\t<\/div>\n\t<\/div>\n\t\t\t\t\t\t\t\t\n\t<div id=\"ngg-image-54\" class=\"ngg-gallery-thumbnail-box\" style=\"width:33%;\" >\n\t\t<div class=\"ngg-gallery-thumbnail\" >\n\t\t\t<a href=\"https:\/\/wernerdeck.de\/blog\/wp-content\/gallery\/besichtigung-von-edis-wunschgrundstueck\/20221010_151348.jpg\"\n\t\t\t\ttitle=\" \"\n\t\t\t\tclass=\"ngg-simplelightbox\" rel=\"807539f031ab5c9a6d08b1f1b4b408e2\" data-image-id=\"54\" data-src=\"https:\/\/wernerdeck.de\/blog\/wp-content\/gallery\/besichtigung-von-edis-wunschgrundstueck\/20221010_151348.jpg\" data-thumbnail=\"https:\/\/wernerdeck.de\/blog\/wp-content\/gallery\/besichtigung-von-edis-wunschgrundstueck\/thumbs\/thumbs_20221010_151348.jpg\" data-title=\"20221010_151348\" data-description=\" \" >\n\t\t\t\t\t\t\t\t<img title=\"20221010_151348\" alt=\"20221010_151348\" src=\"https:\/\/wernerdeck.de\/blog\/wp-content\/gallery\/besichtigung-von-edis-wunschgrundstueck\/thumbs\/thumbs_20221010_151348.jpg\" width='240' height='160' \/>\n\t\t\t\t\t\t\t<\/a>\n\t\t\t<span>\n\t\t\t \t\t\t<\/span>\n\t\t<\/div>\n\t<\/div>\n\t\t\t\t\t\t\t\t\n\t<div id=\"ngg-image-53\" class=\"ngg-gallery-thumbnail-box\" style=\"width:33%;\" >\n\t\t<div class=\"ngg-gallery-thumbnail\" >\n\t\t\t<a href=\"https:\/\/wernerdeck.de\/blog\/wp-content\/gallery\/besichtigung-von-edis-wunschgrundstueck\/20221010_151351.jpg\"\n\t\t\t\ttitle=\" \"\n\t\t\t\tclass=\"ngg-simplelightbox\" rel=\"807539f031ab5c9a6d08b1f1b4b408e2\" data-image-id=\"53\" data-src=\"https:\/\/wernerdeck.de\/blog\/wp-content\/gallery\/besichtigung-von-edis-wunschgrundstueck\/20221010_151351.jpg\" data-thumbnail=\"https:\/\/wernerdeck.de\/blog\/wp-content\/gallery\/besichtigung-von-edis-wunschgrundstueck\/thumbs\/thumbs_20221010_151351.jpg\" data-title=\"20221010_151351\" data-description=\" \" >\n\t\t\t\t\t\t\t\t<img title=\"20221010_151351\" alt=\"20221010_151351\" src=\"https:\/\/wernerdeck.de\/blog\/wp-content\/gallery\/besichtigung-von-edis-wunschgrundstueck\/thumbs\/thumbs_20221010_151351.jpg\" width='240' height='160' \/>\n\t\t\t\t\t\t\t<\/a>\n\t\t\t<span>\n\t\t\t \t\t\t<\/span>\n\t\t<\/div>\n\t<\/div>\n\t\t\t\t\t\t\t<br style=\"clear: both\" \/>\n\t\t\t\n\t<div id=\"ngg-image-60\" class=\"ngg-gallery-thumbnail-box\" style=\"width:33%;\" >\n\t\t<div class=\"ngg-gallery-thumbnail\" >\n\t\t\t<a href=\"https:\/\/wernerdeck.de\/blog\/wp-content\/gallery\/besichtigung-von-edis-wunschgrundstueck\/20221010_151406.jpg\"\n\t\t\t\ttitle=\" \"\n\t\t\t\tclass=\"ngg-simplelightbox\" rel=\"807539f031ab5c9a6d08b1f1b4b408e2\" data-image-id=\"60\" data-src=\"https:\/\/wernerdeck.de\/blog\/wp-content\/gallery\/besichtigung-von-edis-wunschgrundstueck\/20221010_151406.jpg\" data-thumbnail=\"https:\/\/wernerdeck.de\/blog\/wp-content\/gallery\/besichtigung-von-edis-wunschgrundstueck\/thumbs\/thumbs_20221010_151406.jpg\" data-title=\"20221010_151406\" data-description=\" \" >\n\t\t\t\t\t\t\t\t<img title=\"20221010_151406\" alt=\"20221010_151406\" src=\"https:\/\/wernerdeck.de\/blog\/wp-content\/gallery\/besichtigung-von-edis-wunschgrundstueck\/thumbs\/thumbs_20221010_151406.jpg\" width='240' height='160' \/>\n\t\t\t\t\t\t\t<\/a>\n\t\t\t<span>\n\t\t\t \t\t\t<\/span>\n\t\t<\/div>\n\t<\/div>\n\t\t\t\t\t\t\t\t\n\t<div id=\"ngg-image-58\" class=\"ngg-gallery-thumbnail-box\" style=\"width:33%;\" >\n\t\t<div class=\"ngg-gallery-thumbnail\" >\n\t\t\t<a href=\"https:\/\/wernerdeck.de\/blog\/wp-content\/gallery\/besichtigung-von-edis-wunschgrundstueck\/20221010_151437.jpg\"\n\t\t\t\ttitle=\" \"\n\t\t\t\tclass=\"ngg-simplelightbox\" rel=\"807539f031ab5c9a6d08b1f1b4b408e2\" data-image-id=\"58\" data-src=\"https:\/\/wernerdeck.de\/blog\/wp-content\/gallery\/besichtigung-von-edis-wunschgrundstueck\/20221010_151437.jpg\" data-thumbnail=\"https:\/\/wernerdeck.de\/blog\/wp-content\/gallery\/besichtigung-von-edis-wunschgrundstueck\/thumbs\/thumbs_20221010_151437.jpg\" data-title=\"20221010_151437\" data-description=\" \" >\n\t\t\t\t\t\t\t\t<img title=\"20221010_151437\" alt=\"20221010_151437\" src=\"https:\/\/wernerdeck.de\/blog\/wp-content\/gallery\/besichtigung-von-edis-wunschgrundstueck\/thumbs\/thumbs_20221010_151437.jpg\" width='240' height='160' \/>\n\t\t\t\t\t\t\t<\/a>\n\t\t\t<span>\n\t\t\t \t\t\t<\/span>\n\t\t<\/div>\n\t<\/div>\n\t\t\t\t\t\t\t\t\n\t<div id=\"ngg-image-64\" class=\"ngg-gallery-thumbnail-box\" style=\"width:33%;\" >\n\t\t<div class=\"ngg-gallery-thumbnail\" >\n\t\t\t<a href=\"https:\/\/wernerdeck.de\/blog\/wp-content\/gallery\/besichtigung-von-edis-wunschgrundstueck\/20221010_151609.jpg\"\n\t\t\t\ttitle=\" \"\n\t\t\t\tclass=\"ngg-simplelightbox\" rel=\"807539f031ab5c9a6d08b1f1b4b408e2\" data-image-id=\"64\" data-src=\"https:\/\/wernerdeck.de\/blog\/wp-content\/gallery\/besichtigung-von-edis-wunschgrundstueck\/20221010_151609.jpg\" data-thumbnail=\"https:\/\/wernerdeck.de\/blog\/wp-content\/gallery\/besichtigung-von-edis-wunschgrundstueck\/thumbs\/thumbs_20221010_151609.jpg\" data-title=\"20221010_151609\" data-description=\" \" >\n\t\t\t\t\t\t\t\t<img title=\"20221010_151609\" alt=\"20221010_151609\" src=\"https:\/\/wernerdeck.de\/blog\/wp-content\/gallery\/besichtigung-von-edis-wunschgrundstueck\/thumbs\/thumbs_20221010_151609.jpg\" width='240' height='160' \/>\n\t\t\t\t\t\t\t<\/a>\n\t\t\t<span>\n\t\t\t \t\t\t<\/span>\n\t\t<\/div>\n\t<\/div>\n\t\t\t\t\t\t\t<br style=\"clear: both\" \/>\n\t\t\t\n\t<div id=\"ngg-image-65\" class=\"ngg-gallery-thumbnail-box\" style=\"width:33%;\" >\n\t\t<div class=\"ngg-gallery-thumbnail\" >\n\t\t\t<a href=\"https:\/\/wernerdeck.de\/blog\/wp-content\/gallery\/besichtigung-von-edis-wunschgrundstueck\/20221010_151849.jpg\"\n\t\t\t\ttitle=\" \"\n\t\t\t\tclass=\"ngg-simplelightbox\" rel=\"807539f031ab5c9a6d08b1f1b4b408e2\" data-image-id=\"65\" data-src=\"https:\/\/wernerdeck.de\/blog\/wp-content\/gallery\/besichtigung-von-edis-wunschgrundstueck\/20221010_151849.jpg\" data-thumbnail=\"https:\/\/wernerdeck.de\/blog\/wp-content\/gallery\/besichtigung-von-edis-wunschgrundstueck\/thumbs\/thumbs_20221010_151849.jpg\" data-title=\"20221010_151849\" data-description=\" \" >\n\t\t\t\t\t\t\t\t<img title=\"20221010_151849\" alt=\"20221010_151849\" src=\"https:\/\/wernerdeck.de\/blog\/wp-content\/gallery\/besichtigung-von-edis-wunschgrundstueck\/thumbs\/thumbs_20221010_151849.jpg\" width='240' height='160' \/>\n\t\t\t\t\t\t\t<\/a>\n\t\t\t<span>\n\t\t\t \t\t\t<\/span>\n\t\t<\/div>\n\t<\/div>\n\t\t\t\t\t\t\t\t\n\t<div id=\"ngg-image-66\" class=\"ngg-gallery-thumbnail-box\" style=\"width:33%;\" >\n\t\t<div class=\"ngg-gallery-thumbnail\" >\n\t\t\t<a href=\"https:\/\/wernerdeck.de\/blog\/wp-content\/gallery\/besichtigung-von-edis-wunschgrundstueck\/20221010_152148.jpg\"\n\t\t\t\ttitle=\" \"\n\t\t\t\tclass=\"ngg-simplelightbox\" rel=\"807539f031ab5c9a6d08b1f1b4b408e2\" data-image-id=\"66\" data-src=\"https:\/\/wernerdeck.de\/blog\/wp-content\/gallery\/besichtigung-von-edis-wunschgrundstueck\/20221010_152148.jpg\" data-thumbnail=\"https:\/\/wernerdeck.de\/blog\/wp-content\/gallery\/besichtigung-von-edis-wunschgrundstueck\/thumbs\/thumbs_20221010_152148.jpg\" data-title=\"20221010_152148\" data-description=\" \" >\n\t\t\t\t\t\t\t\t<img title=\"20221010_152148\" alt=\"20221010_152148\" src=\"https:\/\/wernerdeck.de\/blog\/wp-content\/gallery\/besichtigung-von-edis-wunschgrundstueck\/thumbs\/thumbs_20221010_152148.jpg\" width='240' height='160' \/>\n\t\t\t\t\t\t\t<\/a>\n\t\t\t<span>\n\t\t\t \t\t\t<\/span>\n\t\t<\/div>\n\t<\/div>\n\t\t\t\t\t\t\t\t\n\t<div id=\"ngg-image-67\" class=\"ngg-gallery-thumbnail-box\" style=\"width:33%;\" >\n\t\t<div class=\"ngg-gallery-thumbnail\" >\n\t\t\t<a href=\"https:\/\/wernerdeck.de\/blog\/wp-content\/gallery\/besichtigung-von-edis-wunschgrundstueck\/20221010_152728.jpg\"\n\t\t\t\ttitle=\" \"\n\t\t\t\tclass=\"ngg-simplelightbox\" rel=\"807539f031ab5c9a6d08b1f1b4b408e2\" data-image-id=\"67\" data-src=\"https:\/\/wernerdeck.de\/blog\/wp-content\/gallery\/besichtigung-von-edis-wunschgrundstueck\/20221010_152728.jpg\" data-thumbnail=\"https:\/\/wernerdeck.de\/blog\/wp-content\/gallery\/besichtigung-von-edis-wunschgrundstueck\/thumbs\/thumbs_20221010_152728.jpg\" data-title=\"20221010_152728\" data-description=\" \" >\n\t\t\t\t\t\t\t\t<img title=\"20221010_152728\" alt=\"20221010_152728\" src=\"https:\/\/wernerdeck.de\/blog\/wp-content\/gallery\/besichtigung-von-edis-wunschgrundstueck\/thumbs\/thumbs_20221010_152728.jpg\" width='240' height='160' \/>\n\t\t\t\t\t\t\t<\/a>\n\t\t\t<span>\n\t\t\t \t\t\t<\/span>\n\t\t<\/div>\n\t<\/div>\n\t\t\t\t\t\t\t<br style=\"clear: both\" \/>\n\t\t\t\n\t<div id=\"ngg-image-61\" class=\"ngg-gallery-thumbnail-box\" style=\"width:33%;\" >\n\t\t<div class=\"ngg-gallery-thumbnail\" >\n\t\t\t<a href=\"https:\/\/wernerdeck.de\/blog\/wp-content\/gallery\/besichtigung-von-edis-wunschgrundstueck\/Kolibri-hinter-mir.jpg\"\n\t\t\t\ttitle=\" \"\n\t\t\t\tclass=\"ngg-simplelightbox\" rel=\"807539f031ab5c9a6d08b1f1b4b408e2\" data-image-id=\"61\" data-src=\"https:\/\/wernerdeck.de\/blog\/wp-content\/gallery\/besichtigung-von-edis-wunschgrundstueck\/Kolibri-hinter-mir.jpg\" data-thumbnail=\"https:\/\/wernerdeck.de\/blog\/wp-content\/gallery\/besichtigung-von-edis-wunschgrundstueck\/thumbs\/thumbs_Kolibri-hinter-mir.jpg\" data-title=\"Kolibri-hinter-mir\" data-description=\" \" >\n\t\t\t\t\t\t\t\t<img title=\"Kolibri-hinter-mir\" alt=\"Kolibri-hinter-mir\" src=\"https:\/\/wernerdeck.de\/blog\/wp-content\/gallery\/besichtigung-von-edis-wunschgrundstueck\/thumbs\/thumbs_Kolibri-hinter-mir.jpg\" width='240' height='160' \/>\n\t\t\t\t\t\t\t<\/a>\n\t\t\t<span>\n\t\t\t \t\t\t<\/span>\n\t\t<\/div>\n\t<\/div>\n\t\t\t\t\t\t\t\t\n\t<div id=\"ngg-image-62\" class=\"ngg-gallery-thumbnail-box\" style=\"width:33%;\" >\n\t\t<div class=\"ngg-gallery-thumbnail\" >\n\t\t\t<a href=\"https:\/\/wernerdeck.de\/blog\/wp-content\/gallery\/besichtigung-von-edis-wunschgrundstueck\/Kolibri.jpg\"\n\t\t\t\ttitle=\" \"\n\t\t\t\tclass=\"ngg-simplelightbox\" rel=\"807539f031ab5c9a6d08b1f1b4b408e2\" data-image-id=\"62\" data-src=\"https:\/\/wernerdeck.de\/blog\/wp-content\/gallery\/besichtigung-von-edis-wunschgrundstueck\/Kolibri.jpg\" data-thumbnail=\"https:\/\/wernerdeck.de\/blog\/wp-content\/gallery\/besichtigung-von-edis-wunschgrundstueck\/thumbs\/thumbs_Kolibri.jpg\" data-title=\"Kolibri\" data-description=\" \" >\n\t\t\t\t\t\t\t\t<img title=\"Kolibri\" alt=\"Kolibri\" src=\"https:\/\/wernerdeck.de\/blog\/wp-content\/gallery\/besichtigung-von-edis-wunschgrundstueck\/thumbs\/thumbs_Kolibri.jpg\" width='240' height='160' \/>\n\t\t\t\t\t\t\t<\/a>\n\t\t\t<span>\n\t\t\t \t\t\t<\/span>\n\t\t<\/div>\n\t<\/div>\n\t\t\t\t\t\t\t\t\n\t<!-- Pagination -->\n\t\t<div class='ngg-clear'><\/div>\t\n<\/div>\n\n\tNun ja, an unseren kritischen Blicken ist wohl die Entscheidung schon abzulesen. \ud83d\ude09 Wir konnten Edi nicht zuraten. Weite Strecke zu fahren (macht Edi allerdings nichts aus), verwahrlostes Grundst\u00fcck, das mega viel Arbeit bedeutet, unbefestigte Zufahrtsstra\u00dfen bei Regen nur mit Allrad befahrbar, auch im Haus jede Menge Arbeit, um es bewohnbar zu machen.&nbsp;<\/p>\n<p><img loading=\"lazy\" decoding=\"async\" class=\" wp-image-3201 alignleft\" src=\"https:\/\/wernerdeck.de\/blog\/wp-content\/uploads\/2022\/11\/Kolibri.jpg\" alt=\"Kolibri\" width=\"166\" height=\"128\" srcset=\"https:\/\/wernerdeck.de\/blog\/wp-content\/uploads\/2022\/11\/Kolibri.jpg 442w, https:\/\/wernerdeck.de\/blog\/wp-content\/uploads\/2022\/11\/Kolibri-300x232.jpg 300w\" sizes=\"auto, (max-width: 166px) 100vw, 166px\" \/><span style=\"font-weight: 400;\">Das f\u00fcr mich beeindruckendste Erlebnis an diesem Tag waren der Nektar schl\u00fcrfende Kolibri und die hart arbeitenden Blattschneideameisen. \ud83d\ude42&nbsp; <\/span><span style=\"font-weight: 400;\">Ich stand im Gel\u00e4nde und direkt hinter mir brummte es, als w\u00fcrden f\u00fcnf Hummeln herumschwirren. Als ich mich nach dem Ger\u00e4usch umdrehte, sah ich mich f\u00fcr einen Bruchteil Auge in Auge mit einem Kolibri.<\/span><\/p>\n<p><span style=\"font-weight: 400;\">Etwa eine halbe Sekunde schauten wir uns an, dann flog der Kolibri blitzartig in die n\u00e4chsten B\u00fcsche. Es gelang mir noch, ihn zu fotografieren und zu filmen. Als der Kolibri endg\u00fcltig entschwand, bemerkte ich zu meinen F\u00fc\u00dfen eine Ameisenstra\u00dfe mit Blattst\u00fccken tragenden Blattschneideameisen, siehe Video.<\/span><\/p>\n<p><iframe loading=\"lazy\" hcb-fetch-image-from=\"https:\/\/youtu.be\/GD24br9h3d8\" title=\"Nektar schl\u00fcrfender Kolibri und hart arbeitende Blattschneideameisen auf Edis Wunschgrundst\u00fcck\" width=\"1200\" height=\"675\" src=\"https:\/\/www.youtube.com\/embed\/GD24br9h3d8?feature=oembed\" frameborder=\"0\" allow=\"accelerometer; autoplay; clipboard-write; encrypted-media; gyroscope; picture-in-picture; web-share\" referrerpolicy=\"strict-origin-when-cross-origin\" allowfullscreen><\/iframe><\/p>\n<p>Bei immer noch nasskalter Witterung traten wir am sp\u00e4ten Nachmittag die Heimfahrt an. Edi wird dieses Grundst\u00fcck nicht kaufen.<\/p>\n<p><img loading=\"lazy\" decoding=\"async\" class=\"aligncenter size-full wp-image-3205\" src=\"https:\/\/wernerdeck.de\/blog\/wp-content\/uploads\/2022\/11\/Heimfahrt-bei-Regen.jpg\" alt=\"Heimfahrt bei Regen\" width=\"1600\" height=\"833\" srcset=\"https:\/\/wernerdeck.de\/blog\/wp-content\/uploads\/2022\/11\/Heimfahrt-bei-Regen.jpg 1600w, https:\/\/wernerdeck.de\/blog\/wp-content\/uploads\/2022\/11\/Heimfahrt-bei-Regen-300x156.jpg 300w, https:\/\/wernerdeck.de\/blog\/wp-content\/uploads\/2022\/11\/Heimfahrt-bei-Regen-1024x533.jpg 1024w, https:\/\/wernerdeck.de\/blog\/wp-content\/uploads\/2022\/11\/Heimfahrt-bei-Regen-768x400.jpg 768w, https:\/\/wernerdeck.de\/blog\/wp-content\/uploads\/2022\/11\/Heimfahrt-bei-Regen-1536x800.jpg 1536w\" sizes=\"auto, (max-width: 1600px) 100vw, 1600px\" \/><\/p>\n<p>An einem Zoogesch\u00e4ft machten wir noch Halt. Peter erstand f\u00fcr seine heimischen Becken ein paar Fische und f\u00fcr seine Voliere ein Wellensittichweibchen.<\/p>\n<p><img loading=\"lazy\" decoding=\"async\" class=\"aligncenter size-full wp-image-3207\" src=\"https:\/\/wernerdeck.de\/blog\/wp-content\/uploads\/2022\/11\/Kauf-von-Fischen-und-Wellensittich.jpg\" alt=\"Kauf von Fischen und Wellensittich\" width=\"1600\" height=\"539\" srcset=\"https:\/\/wernerdeck.de\/blog\/wp-content\/uploads\/2022\/11\/Kauf-von-Fischen-und-Wellensittich.jpg 1600w, https:\/\/wernerdeck.de\/blog\/wp-content\/uploads\/2022\/11\/Kauf-von-Fischen-und-Wellensittich-300x101.jpg 300w, https:\/\/wernerdeck.de\/blog\/wp-content\/uploads\/2022\/11\/Kauf-von-Fischen-und-Wellensittich-1024x345.jpg 1024w, https:\/\/wernerdeck.de\/blog\/wp-content\/uploads\/2022\/11\/Kauf-von-Fischen-und-Wellensittich-768x259.jpg 768w, https:\/\/wernerdeck.de\/blog\/wp-content\/uploads\/2022\/11\/Kauf-von-Fischen-und-Wellensittich-1536x517.jpg 1536w\" sizes=\"auto, (max-width: 1600px) 100vw, 1600px\" \/><\/p>\n<p>Nach vorsichtigem Transport, f\u00fchlten sich Wellensittich und Fische in ihrer neuen Umgebung gleich heimisch. \ud83d\ude42<\/p>\n<p><img loading=\"lazy\" decoding=\"async\" class=\"aligncenter size-full wp-image-3209\" src=\"https:\/\/wernerdeck.de\/blog\/wp-content\/uploads\/2022\/11\/Wellensittich-in-neuer-Umgebung.jpg\" alt=\"Wellensittich in neuer Umgebung\" width=\"1568\" height=\"805\" srcset=\"https:\/\/wernerdeck.de\/blog\/wp-content\/uploads\/2022\/11\/Wellensittich-in-neuer-Umgebung.jpg 1568w, https:\/\/wernerdeck.de\/blog\/wp-content\/uploads\/2022\/11\/Wellensittich-in-neuer-Umgebung-300x154.jpg 300w, https:\/\/wernerdeck.de\/blog\/wp-content\/uploads\/2022\/11\/Wellensittich-in-neuer-Umgebung-1024x526.jpg 1024w, https:\/\/wernerdeck.de\/blog\/wp-content\/uploads\/2022\/11\/Wellensittich-in-neuer-Umgebung-768x394.jpg 768w, https:\/\/wernerdeck.de\/blog\/wp-content\/uploads\/2022\/11\/Wellensittich-in-neuer-Umgebung-1536x789.jpg 1536w\" sizes=\"auto, (max-width: 1568px) 100vw, 1568px\" \/><\/p>\n<p><img loading=\"lazy\" decoding=\"async\" class=\"aligncenter size-full wp-image-3210\" src=\"https:\/\/wernerdeck.de\/blog\/wp-content\/uploads\/2022\/11\/Fische-werden-ins-Becken-gesetzt.jpg\" alt=\"Fische werden ins Becken gesetzt\" width=\"1600\" height=\"794\" srcset=\"https:\/\/wernerdeck.de\/blog\/wp-content\/uploads\/2022\/11\/Fische-werden-ins-Becken-gesetzt.jpg 1600w, https:\/\/wernerdeck.de\/blog\/wp-content\/uploads\/2022\/11\/Fische-werden-ins-Becken-gesetzt-300x149.jpg 300w, https:\/\/wernerdeck.de\/blog\/wp-content\/uploads\/2022\/11\/Fische-werden-ins-Becken-gesetzt-1024x508.jpg 1024w, https:\/\/wernerdeck.de\/blog\/wp-content\/uploads\/2022\/11\/Fische-werden-ins-Becken-gesetzt-768x381.jpg 768w, https:\/\/wernerdeck.de\/blog\/wp-content\/uploads\/2022\/11\/Fische-werden-ins-Becken-gesetzt-1536x762.jpg 1536w\" sizes=\"auto, (max-width: 1600px) 100vw, 1600px\" \/><\/p>\n<h2><a href=\"https:\/\/wernerdeck.de\/blog\/2022\/11\/30\/heute-fuhren-wir-nach-santos-in-die-fischhalle-und-zu-den-weltberuehmten-schiefen-hochhaeusern-von-santos\/\">Hier geht es zum n\u00e4chsten Bericht.<\/a><\/h2>\n<hr>\n<p>Edi hat zwischenzeitlich ein Grundst\u00fcck gekauft. <strong>Bericht vom 27. Januar 2024.<\/strong><\/p>\n<p><a href=\"https:\/\/wernerdeck.de\/blog\/2024\/02\/05\/das-erlebt-kaum-ein-mitteleuropaeer-besuch-von-edis-sitio-mitten-im-urwald-der-mata-atlantica-ein-einmaliges-erlebnis\/\" target=\"_blank\" rel=\"noopener\"><span style=\"font-weight: 400;\">Das erleben sicher nur wenige Mitteleurop\u00e4er. Besuch der Farm unseres Freundes Edi mitten im Urwald der Mata Atlantica in Brasilien. Ein einmaliges Erlebnis. Der Tag endete beschissen <\/span><span style=\"font-weight: 400;\">\ud83d\ude09<\/span><span style=\"font-weight: 400;\">, mit Hundekot <\/span><span style=\"font-weight: 400;\">\ud83d\udca9<\/span><span style=\"font-weight: 400;\"> in L\u00fcftungsschlitzen.<\/span><\/a><\/p>\n","protected":false},"excerpt":{"rendered":"<p>Montag, 10. Oktober (hier geht es zum vorhergehenden Beitrag) Bei unserem gestrigen Besuch bei Edi in der Favela, erz\u00e4hlte uns Edi von seinem Vorhaben. Am Wochenende sei der L\u00e4rm durch Musik und Krawall so unertr\u00e4glich laut, dass man kaum schlafen kann. Deshalb sucht Edi ein Grundst\u00fcck etwas au\u00dferhalb von S\u00e3o Paulo, um dort das Wochenende &#8230; <a title=\"Kaufen? 70 m\u00b2 Haus, 6.000 m\u00b2 Grundst\u00fcck mit Quelle und See, f\u00fcr \u20ac 36.000,00. 67 km und 1,5 Stunden von S\u00e3o Paulo\" class=\"read-more\" href=\"https:\/\/wernerdeck.de\/blog\/2022\/11\/28\/kaufen-70-m%c2%b2-haus-6-000-m%c2%b2-grundstueck-mit-quelle-und-see-fuer-e-36-00000-67-km-und-15-stunden-von-sao-paulo\/\" aria-label=\"Mehr Informationen \u00fcber Kaufen? 70 m\u00b2 Haus, 6.000 m\u00b2 Grundst\u00fcck mit Quelle und See, f\u00fcr \u20ac 36.000,00. 67 km und 1,5 Stunden von S\u00e3o Paulo\">Weiterlesen<\/a><\/p>\n","protected":false},"author":1,"featured_media":3168,"comment_status":"open","ping_status":"open","sticky":false,"template":"","format":"standard","meta":{"ngg_post_thumbnail":0,"footnotes":""},"categories":[208],"tags":[232,196,225,230,231,200],"class_list":["post-3126","post","type-post","status-publish","format-standard","has-post-thumbnail","hentry","category-reisebericht","tag-blattschneideameisen","tag-brasilien","tag-edi","tag-grundstueck","tag-kolibri","tag-sao-paulo"],"yoast_head":"<!-- This site is optimized with the Yoast SEO plugin v27.5 - https:\/\/yoast.com\/product\/yoast-seo-wordpress\/ -->\n<title>Kaufen? 70 m\u00b2 Haus, 6.000 m\u00b2 Grundst\u00fcck mit Quelle und See, f\u00fcr \u20ac 36.000,00. 67 km und 1,5 Stunden von S\u00e3o Paulo - Privater Blog von Werner Deck<\/title>\n<meta name=\"description\" content=\"Edi sucht ein Grundst\u00fcck au\u00dferhalb von S\u00e3o Paulo. Wir sind heute 1,5 Std. mit ihm zu einer Besichtigung gefahren. Er wollte unsere Meinung.\" \/>\n<meta name=\"robots\" content=\"index, follow, max-snippet:-1, max-image-preview:large, max-video-preview:-1\" \/>\n<link rel=\"canonical\" href=\"https:\/\/wernerdeck.de\/blog\/2022\/11\/28\/kaufen-70-m\u00b2-haus-6-000-m\u00b2-grundstueck-mit-quelle-und-see-fuer-e-36-00000-67-km-und-15-stunden-von-sao-paulo\/\" \/>\n<meta property=\"og:locale\" content=\"de_DE\" \/>\n<meta property=\"og:type\" content=\"article\" \/>\n<meta property=\"og:title\" content=\"Kaufen? 70 m\u00b2 Haus, 6.000 m\u00b2 Grundst\u00fcck mit Quelle und See, f\u00fcr \u20ac 36.000,00. 67 km und 1,5 Stunden von S\u00e3o Paulo - Privater Blog von Werner Deck\" \/>\n<meta property=\"og:description\" content=\"Edi sucht ein Grundst\u00fcck au\u00dferhalb von S\u00e3o Paulo. Wir sind heute 1,5 Std. mit ihm zu einer Besichtigung gefahren. Er wollte unsere Meinung.\" \/>\n<meta property=\"og:url\" content=\"https:\/\/wernerdeck.de\/blog\/2022\/11\/28\/kaufen-70-m\u00b2-haus-6-000-m\u00b2-grundstueck-mit-quelle-und-see-fuer-e-36-00000-67-km-und-15-stunden-von-sao-paulo\/\" \/>\n<meta property=\"og:site_name\" content=\"Privater Blog von Werner Deck\" \/>\n<meta property=\"article:publisher\" content=\"https:\/\/www.facebook.com\/werner.deck\/\" \/>\n<meta property=\"article:author\" content=\"https:\/\/www.facebook.com\/werner.deck\/\" \/>\n<meta property=\"article:published_time\" content=\"2022-11-28T09:34:32+00:00\" \/>\n<meta property=\"article:modified_time\" content=\"2024-02-05T15:44:50+00:00\" \/>\n<meta property=\"og:image\" content=\"https:\/\/wernerdeck.de\/blog\/wp-content\/uploads\/2022\/11\/Deie-Fahrt-zu-Edis-Grundstueck.jpg\" \/>\n\t<meta property=\"og:image:width\" content=\"1672\" \/>\n\t<meta property=\"og:image:height\" content=\"1042\" \/>\n\t<meta property=\"og:image:type\" content=\"image\/jpeg\" \/>\n<meta name=\"author\" content=\"Werner Deck\" \/>\n<meta name=\"twitter:card\" content=\"summary_large_image\" \/>\n<meta name=\"twitter:label1\" content=\"Verfasst von\" \/>\n\t<meta name=\"twitter:data1\" content=\"Werner Deck\" \/>\n\t<meta name=\"twitter:label2\" content=\"Gesch\u00e4tzte Lesezeit\" \/>\n\t<meta name=\"twitter:data2\" content=\"6\u00a0Minuten\" \/>\n<script type=\"application\/ld+json\" class=\"yoast-schema-graph\">{\"@context\":\"https:\\\/\\\/schema.org\",\"@graph\":[{\"@type\":\"Article\",\"@id\":\"https:\\\/\\\/wernerdeck.de\\\/blog\\\/2022\\\/11\\\/28\\\/kaufen-70-m%c2%b2-haus-6-000-m%c2%b2-grundstueck-mit-quelle-und-see-fuer-e-36-00000-67-km-und-15-stunden-von-sao-paulo\\\/#article\",\"isPartOf\":{\"@id\":\"https:\\\/\\\/wernerdeck.de\\\/blog\\\/2022\\\/11\\\/28\\\/kaufen-70-m%c2%b2-haus-6-000-m%c2%b2-grundstueck-mit-quelle-und-see-fuer-e-36-00000-67-km-und-15-stunden-von-sao-paulo\\\/\"},\"author\":{\"name\":\"Werner Deck\",\"@id\":\"https:\\\/\\\/wernerdeck.de\\\/blog\\\/#\\\/schema\\\/person\\\/7af62de1f11b0a09297eeb81281e523c\"},\"headline\":\"Kaufen? 70 m\u00b2 Haus, 6.000 m\u00b2 Grundst\u00fcck mit Quelle und See, f\u00fcr \u20ac 36.000,00. 67 km und 1,5 Stunden von S\u00e3o Paulo\",\"datePublished\":\"2022-11-28T09:34:32+00:00\",\"dateModified\":\"2024-02-05T15:44:50+00:00\",\"mainEntityOfPage\":{\"@id\":\"https:\\\/\\\/wernerdeck.de\\\/blog\\\/2022\\\/11\\\/28\\\/kaufen-70-m%c2%b2-haus-6-000-m%c2%b2-grundstueck-mit-quelle-und-see-fuer-e-36-00000-67-km-und-15-stunden-von-sao-paulo\\\/\"},\"wordCount\":662,\"commentCount\":0,\"publisher\":{\"@id\":\"https:\\\/\\\/wernerdeck.de\\\/blog\\\/#\\\/schema\\\/person\\\/7af62de1f11b0a09297eeb81281e523c\"},\"image\":{\"@id\":\"https:\\\/\\\/wernerdeck.de\\\/blog\\\/2022\\\/11\\\/28\\\/kaufen-70-m%c2%b2-haus-6-000-m%c2%b2-grundstueck-mit-quelle-und-see-fuer-e-36-00000-67-km-und-15-stunden-von-sao-paulo\\\/#primaryimage\"},\"thumbnailUrl\":\"https:\\\/\\\/wernerdeck.de\\\/blog\\\/wp-content\\\/uploads\\\/2022\\\/11\\\/Deie-Fahrt-zu-Edis-Grundstueck.jpg\",\"keywords\":[\"Blattschneideameisen\",\"Brasilien\",\"Edi\",\"Grundst\u00fcck\",\"Kolibri\",\"Sao Paulo\"],\"articleSection\":[\"Reisebericht\"],\"inLanguage\":\"de\",\"potentialAction\":[{\"@type\":\"CommentAction\",\"name\":\"Comment\",\"target\":[\"https:\\\/\\\/wernerdeck.de\\\/blog\\\/2022\\\/11\\\/28\\\/kaufen-70-m%c2%b2-haus-6-000-m%c2%b2-grundstueck-mit-quelle-und-see-fuer-e-36-00000-67-km-und-15-stunden-von-sao-paulo\\\/#respond\"]}]},{\"@type\":\"WebPage\",\"@id\":\"https:\\\/\\\/wernerdeck.de\\\/blog\\\/2022\\\/11\\\/28\\\/kaufen-70-m%c2%b2-haus-6-000-m%c2%b2-grundstueck-mit-quelle-und-see-fuer-e-36-00000-67-km-und-15-stunden-von-sao-paulo\\\/\",\"url\":\"https:\\\/\\\/wernerdeck.de\\\/blog\\\/2022\\\/11\\\/28\\\/kaufen-70-m%c2%b2-haus-6-000-m%c2%b2-grundstueck-mit-quelle-und-see-fuer-e-36-00000-67-km-und-15-stunden-von-sao-paulo\\\/\",\"name\":\"Kaufen? 70 m\u00b2 Haus, 6.000 m\u00b2 Grundst\u00fcck mit Quelle und See, f\u00fcr \u20ac 36.000,00. 67 km und 1,5 Stunden von S\u00e3o Paulo - Privater Blog von Werner Deck\",\"isPartOf\":{\"@id\":\"https:\\\/\\\/wernerdeck.de\\\/blog\\\/#website\"},\"primaryImageOfPage\":{\"@id\":\"https:\\\/\\\/wernerdeck.de\\\/blog\\\/2022\\\/11\\\/28\\\/kaufen-70-m%c2%b2-haus-6-000-m%c2%b2-grundstueck-mit-quelle-und-see-fuer-e-36-00000-67-km-und-15-stunden-von-sao-paulo\\\/#primaryimage\"},\"image\":{\"@id\":\"https:\\\/\\\/wernerdeck.de\\\/blog\\\/2022\\\/11\\\/28\\\/kaufen-70-m%c2%b2-haus-6-000-m%c2%b2-grundstueck-mit-quelle-und-see-fuer-e-36-00000-67-km-und-15-stunden-von-sao-paulo\\\/#primaryimage\"},\"thumbnailUrl\":\"https:\\\/\\\/wernerdeck.de\\\/blog\\\/wp-content\\\/uploads\\\/2022\\\/11\\\/Deie-Fahrt-zu-Edis-Grundstueck.jpg\",\"datePublished\":\"2022-11-28T09:34:32+00:00\",\"dateModified\":\"2024-02-05T15:44:50+00:00\",\"description\":\"Edi sucht ein Grundst\u00fcck au\u00dferhalb von S\u00e3o Paulo. Wir sind heute 1,5 Std. mit ihm zu einer Besichtigung gefahren. Er wollte unsere Meinung.\",\"breadcrumb\":{\"@id\":\"https:\\\/\\\/wernerdeck.de\\\/blog\\\/2022\\\/11\\\/28\\\/kaufen-70-m%c2%b2-haus-6-000-m%c2%b2-grundstueck-mit-quelle-und-see-fuer-e-36-00000-67-km-und-15-stunden-von-sao-paulo\\\/#breadcrumb\"},\"inLanguage\":\"de\",\"potentialAction\":[{\"@type\":\"ReadAction\",\"target\":[\"https:\\\/\\\/wernerdeck.de\\\/blog\\\/2022\\\/11\\\/28\\\/kaufen-70-m%c2%b2-haus-6-000-m%c2%b2-grundstueck-mit-quelle-und-see-fuer-e-36-00000-67-km-und-15-stunden-von-sao-paulo\\\/\"]}]},{\"@type\":\"ImageObject\",\"inLanguage\":\"de\",\"@id\":\"https:\\\/\\\/wernerdeck.de\\\/blog\\\/2022\\\/11\\\/28\\\/kaufen-70-m%c2%b2-haus-6-000-m%c2%b2-grundstueck-mit-quelle-und-see-fuer-e-36-00000-67-km-und-15-stunden-von-sao-paulo\\\/#primaryimage\",\"url\":\"https:\\\/\\\/wernerdeck.de\\\/blog\\\/wp-content\\\/uploads\\\/2022\\\/11\\\/Deie-Fahrt-zu-Edis-Grundstueck.jpg\",\"contentUrl\":\"https:\\\/\\\/wernerdeck.de\\\/blog\\\/wp-content\\\/uploads\\\/2022\\\/11\\\/Deie-Fahrt-zu-Edis-Grundstueck.jpg\",\"width\":1672,\"height\":1042,\"caption\":\"Die Fahrt zu Edis Grundst\u00fcck\"},{\"@type\":\"BreadcrumbList\",\"@id\":\"https:\\\/\\\/wernerdeck.de\\\/blog\\\/2022\\\/11\\\/28\\\/kaufen-70-m%c2%b2-haus-6-000-m%c2%b2-grundstueck-mit-quelle-und-see-fuer-e-36-00000-67-km-und-15-stunden-von-sao-paulo\\\/#breadcrumb\",\"itemListElement\":[{\"@type\":\"ListItem\",\"position\":1,\"name\":\"Startseite\",\"item\":\"https:\\\/\\\/wernerdeck.de\\\/blog\\\/\"},{\"@type\":\"ListItem\",\"position\":2,\"name\":\"Kaufen? 70 m\u00b2 Haus, 6.000 m\u00b2 Grundst\u00fcck mit Quelle und See, f\u00fcr \u20ac 36.000,00. 67 km und 1,5 Stunden von S\u00e3o Paulo\"}]},{\"@type\":\"WebSite\",\"@id\":\"https:\\\/\\\/wernerdeck.de\\\/blog\\\/#website\",\"url\":\"https:\\\/\\\/wernerdeck.de\\\/blog\\\/\",\"name\":\"Blog von Werner Deck\",\"description\":\"\",\"publisher\":{\"@id\":\"https:\\\/\\\/wernerdeck.de\\\/blog\\\/#\\\/schema\\\/person\\\/7af62de1f11b0a09297eeb81281e523c\"},\"potentialAction\":[{\"@type\":\"SearchAction\",\"target\":{\"@type\":\"EntryPoint\",\"urlTemplate\":\"https:\\\/\\\/wernerdeck.de\\\/blog\\\/?s={search_term_string}\"},\"query-input\":{\"@type\":\"PropertyValueSpecification\",\"valueRequired\":true,\"valueName\":\"search_term_string\"}}],\"inLanguage\":\"de\"},{\"@type\":[\"Person\",\"Organization\"],\"@id\":\"https:\\\/\\\/wernerdeck.de\\\/blog\\\/#\\\/schema\\\/person\\\/7af62de1f11b0a09297eeb81281e523c\",\"name\":\"Werner Deck\",\"image\":{\"@type\":\"ImageObject\",\"inLanguage\":\"de\",\"@id\":\"https:\\\/\\\/wernerdeck.de\\\/blog\\\/wp-content\\\/uploads\\\/2022\\\/05\\\/Werner-Deck-995x1024.jpg\",\"url\":\"https:\\\/\\\/wernerdeck.de\\\/blog\\\/wp-content\\\/uploads\\\/2022\\\/05\\\/Werner-Deck-995x1024.jpg\",\"contentUrl\":\"https:\\\/\\\/wernerdeck.de\\\/blog\\\/wp-content\\\/uploads\\\/2022\\\/05\\\/Werner-Deck-995x1024.jpg\",\"width\":995,\"height\":1024,\"caption\":\"Werner Deck\"},\"logo\":{\"@id\":\"https:\\\/\\\/wernerdeck.de\\\/blog\\\/wp-content\\\/uploads\\\/2022\\\/05\\\/Werner-Deck-995x1024.jpg\"},\"sameAs\":[\"https:\\\/\\\/wernerdeck.de\\\/blog\",\"https:\\\/\\\/www.facebook.com\\\/werner.deck\\\/\",\"https:\\\/\\\/www.instagram.com\\\/opti_maler_deck\\\/\",\"https:\\\/\\\/www.youtube.com\\\/c\\\/WernerDeck\"],\"url\":\"https:\\\/\\\/wernerdeck.de\\\/blog\\\/author\\\/wernerdeck-de\\\/\"}]}<\/script>\n<!-- \/ Yoast SEO plugin. -->","yoast_head_json":{"title":"Kaufen? 70 m\u00b2 Haus, 6.000 m\u00b2 Grundst\u00fcck mit Quelle und See, f\u00fcr \u20ac 36.000,00. 67 km und 1,5 Stunden von S\u00e3o Paulo - Privater Blog von Werner Deck","description":"Edi sucht ein Grundst\u00fcck au\u00dferhalb von S\u00e3o Paulo. Wir sind heute 1,5 Std. mit ihm zu einer Besichtigung gefahren. Er wollte unsere Meinung.","robots":{"index":"index","follow":"follow","max-snippet":"max-snippet:-1","max-image-preview":"max-image-preview:large","max-video-preview":"max-video-preview:-1"},"canonical":"https:\/\/wernerdeck.de\/blog\/2022\/11\/28\/kaufen-70-m\u00b2-haus-6-000-m\u00b2-grundstueck-mit-quelle-und-see-fuer-e-36-00000-67-km-und-15-stunden-von-sao-paulo\/","og_locale":"de_DE","og_type":"article","og_title":"Kaufen? 70 m\u00b2 Haus, 6.000 m\u00b2 Grundst\u00fcck mit Quelle und See, f\u00fcr \u20ac 36.000,00. 67 km und 1,5 Stunden von S\u00e3o Paulo - Privater Blog von Werner Deck","og_description":"Edi sucht ein Grundst\u00fcck au\u00dferhalb von S\u00e3o Paulo. Wir sind heute 1,5 Std. mit ihm zu einer Besichtigung gefahren. Er wollte unsere Meinung.","og_url":"https:\/\/wernerdeck.de\/blog\/2022\/11\/28\/kaufen-70-m\u00b2-haus-6-000-m\u00b2-grundstueck-mit-quelle-und-see-fuer-e-36-00000-67-km-und-15-stunden-von-sao-paulo\/","og_site_name":"Privater Blog von Werner Deck","article_publisher":"https:\/\/www.facebook.com\/werner.deck\/","article_author":"https:\/\/www.facebook.com\/werner.deck\/","article_published_time":"2022-11-28T09:34:32+00:00","article_modified_time":"2024-02-05T15:44:50+00:00","og_image":[{"width":1672,"height":1042,"url":"https:\/\/wernerdeck.de\/blog\/wp-content\/uploads\/2022\/11\/Deie-Fahrt-zu-Edis-Grundstueck.jpg","type":"image\/jpeg"}],"author":"Werner Deck","twitter_card":"summary_large_image","twitter_misc":{"Verfasst von":"Werner Deck","Gesch\u00e4tzte Lesezeit":"6\u00a0Minuten"},"schema":{"@context":"https:\/\/schema.org","@graph":[{"@type":"Article","@id":"https:\/\/wernerdeck.de\/blog\/2022\/11\/28\/kaufen-70-m%c2%b2-haus-6-000-m%c2%b2-grundstueck-mit-quelle-und-see-fuer-e-36-00000-67-km-und-15-stunden-von-sao-paulo\/#article","isPartOf":{"@id":"https:\/\/wernerdeck.de\/blog\/2022\/11\/28\/kaufen-70-m%c2%b2-haus-6-000-m%c2%b2-grundstueck-mit-quelle-und-see-fuer-e-36-00000-67-km-und-15-stunden-von-sao-paulo\/"},"author":{"name":"Werner Deck","@id":"https:\/\/wernerdeck.de\/blog\/#\/schema\/person\/7af62de1f11b0a09297eeb81281e523c"},"headline":"Kaufen? 70 m\u00b2 Haus, 6.000 m\u00b2 Grundst\u00fcck mit Quelle und See, f\u00fcr \u20ac 36.000,00. 67 km und 1,5 Stunden von S\u00e3o Paulo","datePublished":"2022-11-28T09:34:32+00:00","dateModified":"2024-02-05T15:44:50+00:00","mainEntityOfPage":{"@id":"https:\/\/wernerdeck.de\/blog\/2022\/11\/28\/kaufen-70-m%c2%b2-haus-6-000-m%c2%b2-grundstueck-mit-quelle-und-see-fuer-e-36-00000-67-km-und-15-stunden-von-sao-paulo\/"},"wordCount":662,"commentCount":0,"publisher":{"@id":"https:\/\/wernerdeck.de\/blog\/#\/schema\/person\/7af62de1f11b0a09297eeb81281e523c"},"image":{"@id":"https:\/\/wernerdeck.de\/blog\/2022\/11\/28\/kaufen-70-m%c2%b2-haus-6-000-m%c2%b2-grundstueck-mit-quelle-und-see-fuer-e-36-00000-67-km-und-15-stunden-von-sao-paulo\/#primaryimage"},"thumbnailUrl":"https:\/\/wernerdeck.de\/blog\/wp-content\/uploads\/2022\/11\/Deie-Fahrt-zu-Edis-Grundstueck.jpg","keywords":["Blattschneideameisen","Brasilien","Edi","Grundst\u00fcck","Kolibri","Sao Paulo"],"articleSection":["Reisebericht"],"inLanguage":"de","potentialAction":[{"@type":"CommentAction","name":"Comment","target":["https:\/\/wernerdeck.de\/blog\/2022\/11\/28\/kaufen-70-m%c2%b2-haus-6-000-m%c2%b2-grundstueck-mit-quelle-und-see-fuer-e-36-00000-67-km-und-15-stunden-von-sao-paulo\/#respond"]}]},{"@type":"WebPage","@id":"https:\/\/wernerdeck.de\/blog\/2022\/11\/28\/kaufen-70-m%c2%b2-haus-6-000-m%c2%b2-grundstueck-mit-quelle-und-see-fuer-e-36-00000-67-km-und-15-stunden-von-sao-paulo\/","url":"https:\/\/wernerdeck.de\/blog\/2022\/11\/28\/kaufen-70-m%c2%b2-haus-6-000-m%c2%b2-grundstueck-mit-quelle-und-see-fuer-e-36-00000-67-km-und-15-stunden-von-sao-paulo\/","name":"Kaufen? 70 m\u00b2 Haus, 6.000 m\u00b2 Grundst\u00fcck mit Quelle und See, f\u00fcr \u20ac 36.000,00. 67 km und 1,5 Stunden von S\u00e3o Paulo - Privater Blog von Werner Deck","isPartOf":{"@id":"https:\/\/wernerdeck.de\/blog\/#website"},"primaryImageOfPage":{"@id":"https:\/\/wernerdeck.de\/blog\/2022\/11\/28\/kaufen-70-m%c2%b2-haus-6-000-m%c2%b2-grundstueck-mit-quelle-und-see-fuer-e-36-00000-67-km-und-15-stunden-von-sao-paulo\/#primaryimage"},"image":{"@id":"https:\/\/wernerdeck.de\/blog\/2022\/11\/28\/kaufen-70-m%c2%b2-haus-6-000-m%c2%b2-grundstueck-mit-quelle-und-see-fuer-e-36-00000-67-km-und-15-stunden-von-sao-paulo\/#primaryimage"},"thumbnailUrl":"https:\/\/wernerdeck.de\/blog\/wp-content\/uploads\/2022\/11\/Deie-Fahrt-zu-Edis-Grundstueck.jpg","datePublished":"2022-11-28T09:34:32+00:00","dateModified":"2024-02-05T15:44:50+00:00","description":"Edi sucht ein Grundst\u00fcck au\u00dferhalb von S\u00e3o Paulo. Wir sind heute 1,5 Std. mit ihm zu einer Besichtigung gefahren. Er wollte unsere Meinung.","breadcrumb":{"@id":"https:\/\/wernerdeck.de\/blog\/2022\/11\/28\/kaufen-70-m%c2%b2-haus-6-000-m%c2%b2-grundstueck-mit-quelle-und-see-fuer-e-36-00000-67-km-und-15-stunden-von-sao-paulo\/#breadcrumb"},"inLanguage":"de","potentialAction":[{"@type":"ReadAction","target":["https:\/\/wernerdeck.de\/blog\/2022\/11\/28\/kaufen-70-m%c2%b2-haus-6-000-m%c2%b2-grundstueck-mit-quelle-und-see-fuer-e-36-00000-67-km-und-15-stunden-von-sao-paulo\/"]}]},{"@type":"ImageObject","inLanguage":"de","@id":"https:\/\/wernerdeck.de\/blog\/2022\/11\/28\/kaufen-70-m%c2%b2-haus-6-000-m%c2%b2-grundstueck-mit-quelle-und-see-fuer-e-36-00000-67-km-und-15-stunden-von-sao-paulo\/#primaryimage","url":"https:\/\/wernerdeck.de\/blog\/wp-content\/uploads\/2022\/11\/Deie-Fahrt-zu-Edis-Grundstueck.jpg","contentUrl":"https:\/\/wernerdeck.de\/blog\/wp-content\/uploads\/2022\/11\/Deie-Fahrt-zu-Edis-Grundstueck.jpg","width":1672,"height":1042,"caption":"Die Fahrt zu Edis Grundst\u00fcck"},{"@type":"BreadcrumbList","@id":"https:\/\/wernerdeck.de\/blog\/2022\/11\/28\/kaufen-70-m%c2%b2-haus-6-000-m%c2%b2-grundstueck-mit-quelle-und-see-fuer-e-36-00000-67-km-und-15-stunden-von-sao-paulo\/#breadcrumb","itemListElement":[{"@type":"ListItem","position":1,"name":"Startseite","item":"https:\/\/wernerdeck.de\/blog\/"},{"@type":"ListItem","position":2,"name":"Kaufen? 70 m\u00b2 Haus, 6.000 m\u00b2 Grundst\u00fcck mit Quelle und See, f\u00fcr \u20ac 36.000,00. 67 km und 1,5 Stunden von S\u00e3o Paulo"}]},{"@type":"WebSite","@id":"https:\/\/wernerdeck.de\/blog\/#website","url":"https:\/\/wernerdeck.de\/blog\/","name":"Blog von Werner Deck","description":"","publisher":{"@id":"https:\/\/wernerdeck.de\/blog\/#\/schema\/person\/7af62de1f11b0a09297eeb81281e523c"},"potentialAction":[{"@type":"SearchAction","target":{"@type":"EntryPoint","urlTemplate":"https:\/\/wernerdeck.de\/blog\/?s={search_term_string}"},"query-input":{"@type":"PropertyValueSpecification","valueRequired":true,"valueName":"search_term_string"}}],"inLanguage":"de"},{"@type":["Person","Organization"],"@id":"https:\/\/wernerdeck.de\/blog\/#\/schema\/person\/7af62de1f11b0a09297eeb81281e523c","name":"Werner Deck","image":{"@type":"ImageObject","inLanguage":"de","@id":"https:\/\/wernerdeck.de\/blog\/wp-content\/uploads\/2022\/05\/Werner-Deck-995x1024.jpg","url":"https:\/\/wernerdeck.de\/blog\/wp-content\/uploads\/2022\/05\/Werner-Deck-995x1024.jpg","contentUrl":"https:\/\/wernerdeck.de\/blog\/wp-content\/uploads\/2022\/05\/Werner-Deck-995x1024.jpg","width":995,"height":1024,"caption":"Werner Deck"},"logo":{"@id":"https:\/\/wernerdeck.de\/blog\/wp-content\/uploads\/2022\/05\/Werner-Deck-995x1024.jpg"},"sameAs":["https:\/\/wernerdeck.de\/blog","https:\/\/www.facebook.com\/werner.deck\/","https:\/\/www.instagram.com\/opti_maler_deck\/","https:\/\/www.youtube.com\/c\/WernerDeck"],"url":"https:\/\/wernerdeck.de\/blog\/author\/wernerdeck-de\/"}]}},"_links":{"self":[{"href":"https:\/\/wernerdeck.de\/blog\/wp-json\/wp\/v2\/posts\/3126","targetHints":{"allow":["GET"]}}],"collection":[{"href":"https:\/\/wernerdeck.de\/blog\/wp-json\/wp\/v2\/posts"}],"about":[{"href":"https:\/\/wernerdeck.de\/blog\/wp-json\/wp\/v2\/types\/post"}],"author":[{"embeddable":true,"href":"https:\/\/wernerdeck.de\/blog\/wp-json\/wp\/v2\/users\/1"}],"replies":[{"embeddable":true,"href":"https:\/\/wernerdeck.de\/blog\/wp-json\/wp\/v2\/comments?post=3126"}],"version-history":[{"count":0,"href":"https:\/\/wernerdeck.de\/blog\/wp-json\/wp\/v2\/posts\/3126\/revisions"}],"wp:featuredmedia":[{"embeddable":true,"href":"https:\/\/wernerdeck.de\/blog\/wp-json\/wp\/v2\/media\/3168"}],"wp:attachment":[{"href":"https:\/\/wernerdeck.de\/blog\/wp-json\/wp\/v2\/media?parent=3126"}],"wp:term":[{"taxonomy":"category","embeddable":true,"href":"https:\/\/wernerdeck.de\/blog\/wp-json\/wp\/v2\/categories?post=3126"},{"taxonomy":"post_tag","embeddable":true,"href":"https:\/\/wernerdeck.de\/blog\/wp-json\/wp\/v2\/tags?post=3126"}],"curies":[{"name":"wp","href":"https:\/\/api.w.org\/{rel}","templated":true}]}}