{"id":30732,"date":"2025-10-14T10:05:05","date_gmt":"2025-10-14T08:05:05","guid":{"rendered":"https:\/\/wernerdeck.de\/blog\/?p=30732"},"modified":"2025-10-15T19:57:52","modified_gmt":"2025-10-15T17:57:52","slug":"cote-dazur-reise-port-grimaud-saint-tropez-reise-lyon-cote-dazur-teil-5","status":"publish","type":"post","link":"https:\/\/wernerdeck.de\/blog\/2025\/10\/14\/cote-dazur-reise-port-grimaud-saint-tropez-reise-lyon-cote-dazur-teil-5\/","title":{"rendered":"Reise Lyon \u2013 C\u00f4te d\u2019Azur, Teil 5: Besuch Port Grimaud \u2013 Saint-Tropez"},"content":{"rendered":"<p><a href=\"https:\/\/wernerdeck.de\/blog\/2025\/10\/01\/reise-lyon-cote-d-azur-teil-4-cannes\/\" target=\"_blank\" rel=\"noopener\"><strong>Donnerstag, 28. August. <\/strong>Reise Lyon \u2013 C\u00f4te d\u2019Azur, Teil 4: Besuch von Cannes<\/a><\/p>\n<hr>\n<p><strong>Freitag. 29. August 2025.<\/strong> C\u00f4te d\u2019Azur Reise Port Grimaud \u2013 Saint-Tropez. Der heutige Morgen begr\u00fc\u00dfte uns mit vielversprechendem Sonnenschein. Nach einem gem\u00fctlichen Fr\u00fchst\u00fcck machten wir uns auf den Weg nach Port Grimaud, einem charmanten K\u00fcstenort im Herzen der C\u00f4te d\u2019Azur. Die Fahrt f\u00fchrte uns durch das beeindruckende Esterel-Gebirge, dessen r\u00f6tliche Porphyrfelsen im Sonnenlicht leuchteten. \u00dcber kurvige, teils schmale Stra\u00dfen n\u00e4herten wir uns der K\u00fcste \u2013 und schlie\u00dflich lag Port Grimaud vor uns, malerisch am Wasser gelegen.<\/p>\n\n<div class=\"ngg-galleryoverview ngg-template-caption\" id=\"ngg-gallery-714aea429f7db949ec7777bfb2173fd6-30732\">\n\n\t\t\n\t<!-- Thumbnails -->\n\t\t\t\t\t\n\t<div id=\"ngg-image-14741\" class=\"ngg-gallery-thumbnail-box\" style=\"width:25%;\" >\n\t\t<div class=\"ngg-gallery-thumbnail\" >\n\t\t\t<a href=\"https:\/\/wernerdeck.de\/blog\/wp-content\/gallery\/port-grimaud-1\/reise-lyon-cote-d-azur-teil-5-port-grimaud-03.jpg\"\n\t\t\t\ttitle=\"Anfahrtsroute\"\n\t\t\t\tclass=\"ngg-simplelightbox\" rel=\"714aea429f7db949ec7777bfb2173fd6\" data-image-id=\"14741\" data-src=\"https:\/\/wernerdeck.de\/blog\/wp-content\/gallery\/port-grimaud-1\/reise-lyon-cote-d-azur-teil-5-port-grimaud-03.jpg\" data-thumbnail=\"https:\/\/wernerdeck.de\/blog\/wp-content\/gallery\/port-grimaud-1\/thumbs\/thumbs_reise-lyon-cote-d-azur-teil-5-port-grimaud-03.jpg\" data-title=\"C\u00f4te d\u2019Azur Reise Port Grimaud \u2013 Saint-Tropez.  Anfahrtsroute\" data-description=\"Anfahrtsroute\" >\n\t\t\t\t\t\t\t\t<img title=\"C\u00f4te d\u2019Azur Reise Port Grimaud \u2013 Saint-Tropez.  Anfahrtsroute\" alt=\"C\u00f4te d\u2019Azur Reise Port Grimaud \u2013 Saint-Tropez.  Anfahrtsroute\" src=\"https:\/\/wernerdeck.de\/blog\/wp-content\/gallery\/port-grimaud-1\/thumbs\/thumbs_reise-lyon-cote-d-azur-teil-5-port-grimaud-03.jpg\" width='240' height='160' \/>\n\t\t\t\t\t\t\t<\/a>\n\t\t\t<span>\n\t\t\tAnfahrtsroute\t\t\t<\/span>\n\t\t<\/div>\n\t<\/div>\n\t\t\t\t\t\t\t\t\n\t<div id=\"ngg-image-14743\" class=\"ngg-gallery-thumbnail-box\" style=\"width:25%;\" >\n\t\t<div class=\"ngg-gallery-thumbnail\" >\n\t\t\t<a href=\"https:\/\/wernerdeck.de\/blog\/wp-content\/gallery\/port-grimaud-1\/reise-lyon-cote-d-azur-teil-5-port-grimaud-09.jpg\"\n\t\t\t\ttitle=\"Navigation\"\n\t\t\t\tclass=\"ngg-simplelightbox\" rel=\"714aea429f7db949ec7777bfb2173fd6\" data-image-id=\"14743\" data-src=\"https:\/\/wernerdeck.de\/blog\/wp-content\/gallery\/port-grimaud-1\/reise-lyon-cote-d-azur-teil-5-port-grimaud-09.jpg\" data-thumbnail=\"https:\/\/wernerdeck.de\/blog\/wp-content\/gallery\/port-grimaud-1\/thumbs\/thumbs_reise-lyon-cote-d-azur-teil-5-port-grimaud-09.jpg\" data-title=\"C\u00f4te d\u2019Azur Reise Port Grimaud \u2013 Saint-Tropez.  Navigation\" data-description=\"Navigation\" >\n\t\t\t\t\t\t\t\t<img title=\"C\u00f4te d\u2019Azur Reise Port Grimaud \u2013 Saint-Tropez.  Navigation\" alt=\"C\u00f4te d\u2019Azur Reise Port Grimaud \u2013 Saint-Tropez.  Navigation\" src=\"https:\/\/wernerdeck.de\/blog\/wp-content\/gallery\/port-grimaud-1\/thumbs\/thumbs_reise-lyon-cote-d-azur-teil-5-port-grimaud-09.jpg\" width='240' height='160' \/>\n\t\t\t\t\t\t\t<\/a>\n\t\t\t<span>\n\t\t\tNavigation\t\t\t<\/span>\n\t\t<\/div>\n\t<\/div>\n\t\t\t\t\t\t\t\t\n\t<div id=\"ngg-image-14744\" class=\"ngg-gallery-thumbnail-box\" style=\"width:25%;\" >\n\t\t<div class=\"ngg-gallery-thumbnail\" >\n\t\t\t<a href=\"https:\/\/wernerdeck.de\/blog\/wp-content\/gallery\/port-grimaud-1\/reise-lyon-cote-d-azur-teil-5-port-grimaud-12.jpg\"\n\t\t\t\ttitle=\"Start am Hotel\"\n\t\t\t\tclass=\"ngg-simplelightbox\" rel=\"714aea429f7db949ec7777bfb2173fd6\" data-image-id=\"14744\" data-src=\"https:\/\/wernerdeck.de\/blog\/wp-content\/gallery\/port-grimaud-1\/reise-lyon-cote-d-azur-teil-5-port-grimaud-12.jpg\" data-thumbnail=\"https:\/\/wernerdeck.de\/blog\/wp-content\/gallery\/port-grimaud-1\/thumbs\/thumbs_reise-lyon-cote-d-azur-teil-5-port-grimaud-12.jpg\" data-title=\"C\u00f4te d\u2019Azur Reise Port Grimaud \u2013 Saint-Tropez.  Start am Hotel\" data-description=\"Start am Hotel\" >\n\t\t\t\t\t\t\t\t<img title=\"C\u00f4te d\u2019Azur Reise Port Grimaud \u2013 Saint-Tropez.  Start am Hotel\" alt=\"C\u00f4te d\u2019Azur Reise Port Grimaud \u2013 Saint-Tropez.  Start am Hotel\" src=\"https:\/\/wernerdeck.de\/blog\/wp-content\/gallery\/port-grimaud-1\/thumbs\/thumbs_reise-lyon-cote-d-azur-teil-5-port-grimaud-12.jpg\" width='240' height='160' \/>\n\t\t\t\t\t\t\t<\/a>\n\t\t\t<span>\n\t\t\tStart am Hotel\t\t\t<\/span>\n\t\t<\/div>\n\t<\/div>\n\t\t\t\t\t\t\t\t\n\t<div id=\"ngg-image-14746\" class=\"ngg-gallery-thumbnail-box\" style=\"width:25%;\" >\n\t\t<div class=\"ngg-gallery-thumbnail\" >\n\t\t\t<a href=\"https:\/\/wernerdeck.de\/blog\/wp-content\/gallery\/port-grimaud-1\/reise-lyon-cote-d-azur-teil-5-port-grimaud-15.jpg\"\n\t\t\t\ttitle=\"Auf der Fahrt\"\n\t\t\t\tclass=\"ngg-simplelightbox\" rel=\"714aea429f7db949ec7777bfb2173fd6\" data-image-id=\"14746\" data-src=\"https:\/\/wernerdeck.de\/blog\/wp-content\/gallery\/port-grimaud-1\/reise-lyon-cote-d-azur-teil-5-port-grimaud-15.jpg\" data-thumbnail=\"https:\/\/wernerdeck.de\/blog\/wp-content\/gallery\/port-grimaud-1\/thumbs\/thumbs_reise-lyon-cote-d-azur-teil-5-port-grimaud-15.jpg\" data-title=\"C\u00f4te d\u2019Azur Reise Port Grimaud \u2013 Saint-Tropez.  Auf der Fahrt\" data-description=\"Auf der Fahrt\" >\n\t\t\t\t\t\t\t\t<img title=\"C\u00f4te d\u2019Azur Reise Port Grimaud \u2013 Saint-Tropez.  Auf der Fahrt\" alt=\"C\u00f4te d\u2019Azur Reise Port Grimaud \u2013 Saint-Tropez.  Auf der Fahrt\" src=\"https:\/\/wernerdeck.de\/blog\/wp-content\/gallery\/port-grimaud-1\/thumbs\/thumbs_reise-lyon-cote-d-azur-teil-5-port-grimaud-15.jpg\" width='240' height='160' \/>\n\t\t\t\t\t\t\t<\/a>\n\t\t\t<span>\n\t\t\tAuf der Fahrt\t\t\t<\/span>\n\t\t<\/div>\n\t<\/div>\n\t\t\t\t\t\t\t<br style=\"clear: both\" \/>\n\t\t\t\n\t<div id=\"ngg-image-14742\" class=\"ngg-gallery-thumbnail-box\" style=\"width:25%;\" >\n\t\t<div class=\"ngg-gallery-thumbnail\" >\n\t\t\t<a href=\"https:\/\/wernerdeck.de\/blog\/wp-content\/gallery\/port-grimaud-1\/reise-lyon-cote-d-azur-teil-5-port-grimaud-18.jpg\"\n\t\t\t\ttitle=\"Esterel-Gebirge\"\n\t\t\t\tclass=\"ngg-simplelightbox\" rel=\"714aea429f7db949ec7777bfb2173fd6\" data-image-id=\"14742\" data-src=\"https:\/\/wernerdeck.de\/blog\/wp-content\/gallery\/port-grimaud-1\/reise-lyon-cote-d-azur-teil-5-port-grimaud-18.jpg\" data-thumbnail=\"https:\/\/wernerdeck.de\/blog\/wp-content\/gallery\/port-grimaud-1\/thumbs\/thumbs_reise-lyon-cote-d-azur-teil-5-port-grimaud-18.jpg\" data-title=\"C\u00f4te d\u2019Azur Reise Port Grimaud \u2013 Saint-Tropez.  Durch das Esterel-Gebirge\" data-description=\"Esterel-Gebirge\" >\n\t\t\t\t\t\t\t\t<img title=\"C\u00f4te d\u2019Azur Reise Port Grimaud \u2013 Saint-Tropez.  Durch das Esterel-Gebirge\" alt=\"C\u00f4te d\u2019Azur Reise Port Grimaud \u2013 Saint-Tropez.  Durch das Esterel-Gebirge\" src=\"https:\/\/wernerdeck.de\/blog\/wp-content\/gallery\/port-grimaud-1\/thumbs\/thumbs_reise-lyon-cote-d-azur-teil-5-port-grimaud-18.jpg\" width='240' height='160' \/>\n\t\t\t\t\t\t\t<\/a>\n\t\t\t<span>\n\t\t\tEsterel-Gebirge\t\t\t<\/span>\n\t\t<\/div>\n\t<\/div>\n\t\t\t\t\t\t\t\t\n\t<div id=\"ngg-image-14745\" class=\"ngg-gallery-thumbnail-box\" style=\"width:25%;\" >\n\t\t<div class=\"ngg-gallery-thumbnail\" >\n\t\t\t<a href=\"https:\/\/wernerdeck.de\/blog\/wp-content\/gallery\/port-grimaud-1\/reise-lyon-cote-d-azur-teil-5-port-grimaud-21.jpg\"\n\t\t\t\ttitle=\"Porphyrfelsen Esterel-Gebirge\"\n\t\t\t\tclass=\"ngg-simplelightbox\" rel=\"714aea429f7db949ec7777bfb2173fd6\" data-image-id=\"14745\" data-src=\"https:\/\/wernerdeck.de\/blog\/wp-content\/gallery\/port-grimaud-1\/reise-lyon-cote-d-azur-teil-5-port-grimaud-21.jpg\" data-thumbnail=\"https:\/\/wernerdeck.de\/blog\/wp-content\/gallery\/port-grimaud-1\/thumbs\/thumbs_reise-lyon-cote-d-azur-teil-5-port-grimaud-21.jpg\" data-title=\"C\u00f4te d\u2019Azur Reise Port Grimaud \u2013 Saint-Tropez.  Durch das Esterel-Gebirge\" data-description=\"Porphyrfelsen Esterel-Gebirge\" >\n\t\t\t\t\t\t\t\t<img title=\"C\u00f4te d\u2019Azur Reise Port Grimaud \u2013 Saint-Tropez.  Durch das Esterel-Gebirge\" alt=\"C\u00f4te d\u2019Azur Reise Port Grimaud \u2013 Saint-Tropez.  Durch das Esterel-Gebirge\" src=\"https:\/\/wernerdeck.de\/blog\/wp-content\/gallery\/port-grimaud-1\/thumbs\/thumbs_reise-lyon-cote-d-azur-teil-5-port-grimaud-21.jpg\" width='240' height='160' \/>\n\t\t\t\t\t\t\t<\/a>\n\t\t\t<span>\n\t\t\tPorphyrfelsen Esterel-Gebirge\t\t\t<\/span>\n\t\t<\/div>\n\t<\/div>\n\t\t\t\t\t\t\t\t\n\t<div id=\"ngg-image-14748\" class=\"ngg-gallery-thumbnail-box\" style=\"width:25%;\" >\n\t\t<div class=\"ngg-gallery-thumbnail\" >\n\t\t\t<a href=\"https:\/\/wernerdeck.de\/blog\/wp-content\/gallery\/port-grimaud-1\/reise-lyon-cote-d-azur-teil-5-port-grimaud-24.jpg\"\n\t\t\t\ttitle=\"Enge Stra\u00dfen \"\n\t\t\t\tclass=\"ngg-simplelightbox\" rel=\"714aea429f7db949ec7777bfb2173fd6\" data-image-id=\"14748\" data-src=\"https:\/\/wernerdeck.de\/blog\/wp-content\/gallery\/port-grimaud-1\/reise-lyon-cote-d-azur-teil-5-port-grimaud-24.jpg\" data-thumbnail=\"https:\/\/wernerdeck.de\/blog\/wp-content\/gallery\/port-grimaud-1\/thumbs\/thumbs_reise-lyon-cote-d-azur-teil-5-port-grimaud-24.jpg\" data-title=\"C\u00f4te d\u2019Azur Reise Port Grimaud \u2013 Saint-Tropez.  Durch das Esterel-Gebirge\" data-description=\"Enge Stra\u00dfen \" >\n\t\t\t\t\t\t\t\t<img title=\"C\u00f4te d\u2019Azur Reise Port Grimaud \u2013 Saint-Tropez.  Durch das Esterel-Gebirge\" alt=\"C\u00f4te d\u2019Azur Reise Port Grimaud \u2013 Saint-Tropez.  Durch das Esterel-Gebirge\" src=\"https:\/\/wernerdeck.de\/blog\/wp-content\/gallery\/port-grimaud-1\/thumbs\/thumbs_reise-lyon-cote-d-azur-teil-5-port-grimaud-24.jpg\" width='240' height='160' \/>\n\t\t\t\t\t\t\t<\/a>\n\t\t\t<span>\n\t\t\tEnge Stra\u00dfen \t\t\t<\/span>\n\t\t<\/div>\n\t<\/div>\n\t\t\t\t\t\t\t\t\n\t<div id=\"ngg-image-14747\" class=\"ngg-gallery-thumbnail-box\" style=\"width:25%;\" >\n\t\t<div class=\"ngg-gallery-thumbnail\" >\n\t\t\t<a href=\"https:\/\/wernerdeck.de\/blog\/wp-content\/gallery\/port-grimaud-1\/reise-lyon-cote-d-azur-teil-5-port-grimaud-27.jpg\"\n\t\t\t\ttitle=\"Parkplatz Port Grimaud\"\n\t\t\t\tclass=\"ngg-simplelightbox\" rel=\"714aea429f7db949ec7777bfb2173fd6\" data-image-id=\"14747\" data-src=\"https:\/\/wernerdeck.de\/blog\/wp-content\/gallery\/port-grimaud-1\/reise-lyon-cote-d-azur-teil-5-port-grimaud-27.jpg\" data-thumbnail=\"https:\/\/wernerdeck.de\/blog\/wp-content\/gallery\/port-grimaud-1\/thumbs\/thumbs_reise-lyon-cote-d-azur-teil-5-port-grimaud-27.jpg\" data-title=\"C\u00f4te d\u2019Azur Reise Port Grimaud \u2013 Saint-Tropez.  Parkplatz Port Grimaud\" data-description=\"Parkplatz Port Grimaud\" >\n\t\t\t\t\t\t\t\t<img title=\"C\u00f4te d\u2019Azur Reise Port Grimaud \u2013 Saint-Tropez.  Parkplatz Port Grimaud\" alt=\"C\u00f4te d\u2019Azur Reise Port Grimaud \u2013 Saint-Tropez.  Parkplatz Port Grimaud\" src=\"https:\/\/wernerdeck.de\/blog\/wp-content\/gallery\/port-grimaud-1\/thumbs\/thumbs_reise-lyon-cote-d-azur-teil-5-port-grimaud-27.jpg\" width='240' height='160' \/>\n\t\t\t\t\t\t\t<\/a>\n\t\t\t<span>\n\t\t\tParkplatz Port Grimaud\t\t\t<\/span>\n\t\t<\/div>\n\t<\/div>\n\t\t\t\t\t\t\t<br style=\"clear: both\" \/>\n\t\t\t\n\t<!-- Pagination -->\n\t\t<div class='ngg-clear'><\/div>\t\n<\/div>\n\n\t\n<p data-start=\"922\" data-end=\"1227\">Nach kurzer Parkplatzsuche spazierten wir durch das Eingangstor in die kleine Lagunenstadt hinein. Port Grimaud wird nicht umsonst das <em data-start=\"1057\" data-end=\"1083\">\u201eVenedig S\u00fcdfrankreichs\u201c<\/em> genannt \u2013 die vielen Wasserstra\u00dfen, kleinen Br\u00fccken und farbenfrohen H\u00e4user verleihen dem Ort eine ganz eigene, fast m\u00e4rchenhafte Atmosph\u00e4re.<\/p>\n\n<div class=\"ngg-galleryoverview ngg-template-caption\" id=\"ngg-gallery-56b66e8b0ef38887a05114979081e550-30732\">\n\n\t\t\n\t<!-- Thumbnails -->\n\t\t\t\t\t\n\t<div id=\"ngg-image-14750\" class=\"ngg-gallery-thumbnail-box\" style=\"width:25%;\" >\n\t\t<div class=\"ngg-gallery-thumbnail\" >\n\t\t\t<a href=\"https:\/\/wernerdeck.de\/blog\/wp-content\/gallery\/port-grimaud-2\/reise-lyon-cote-d-azur-teil-5-port-grimaud-30.jpg\"\n\t\t\t\ttitle=\"Orientierungstafel\"\n\t\t\t\tclass=\"ngg-simplelightbox\" rel=\"56b66e8b0ef38887a05114979081e550\" data-image-id=\"14750\" data-src=\"https:\/\/wernerdeck.de\/blog\/wp-content\/gallery\/port-grimaud-2\/reise-lyon-cote-d-azur-teil-5-port-grimaud-30.jpg\" data-thumbnail=\"https:\/\/wernerdeck.de\/blog\/wp-content\/gallery\/port-grimaud-2\/thumbs\/thumbs_reise-lyon-cote-d-azur-teil-5-port-grimaud-30.jpg\" data-title=\"C\u00f4te d\u2019Azur Reise Port Grimaud \u2013 Saint-Tropez.  \u00dcberblick Tafel Port Grimaud\" data-description=\"Orientierungstafel\" >\n\t\t\t\t\t\t\t\t<img title=\"C\u00f4te d\u2019Azur Reise Port Grimaud \u2013 Saint-Tropez.  \u00dcberblick Tafel Port Grimaud\" alt=\"C\u00f4te d\u2019Azur Reise Port Grimaud \u2013 Saint-Tropez.  \u00dcberblick Tafel Port Grimaud\" src=\"https:\/\/wernerdeck.de\/blog\/wp-content\/gallery\/port-grimaud-2\/thumbs\/thumbs_reise-lyon-cote-d-azur-teil-5-port-grimaud-30.jpg\" width='240' height='160' \/>\n\t\t\t\t\t\t\t<\/a>\n\t\t\t<span>\n\t\t\tOrientierungstafel\t\t\t<\/span>\n\t\t<\/div>\n\t<\/div>\n\t\t\t\t\t\t\t\t\n\t<div id=\"ngg-image-14749\" class=\"ngg-gallery-thumbnail-box\" style=\"width:25%;\" >\n\t\t<div class=\"ngg-gallery-thumbnail\" >\n\t\t\t<a href=\"https:\/\/wernerdeck.de\/blog\/wp-content\/gallery\/port-grimaud-2\/reise-lyon-cote-d-azur-teil-5-port-grimaud-33.jpg\"\n\t\t\t\ttitle=\"Eingang Port Grimaud\"\n\t\t\t\tclass=\"ngg-simplelightbox\" rel=\"56b66e8b0ef38887a05114979081e550\" data-image-id=\"14749\" data-src=\"https:\/\/wernerdeck.de\/blog\/wp-content\/gallery\/port-grimaud-2\/reise-lyon-cote-d-azur-teil-5-port-grimaud-33.jpg\" data-thumbnail=\"https:\/\/wernerdeck.de\/blog\/wp-content\/gallery\/port-grimaud-2\/thumbs\/thumbs_reise-lyon-cote-d-azur-teil-5-port-grimaud-33.jpg\" data-title=\"C\u00f4te d\u2019Azur Reise Port Grimaud \u2013 Saint-Tropez.  Eingang Port Grimaud\" data-description=\"Eingang Port Grimaud\" >\n\t\t\t\t\t\t\t\t<img title=\"C\u00f4te d\u2019Azur Reise Port Grimaud \u2013 Saint-Tropez.  Eingang Port Grimaud\" alt=\"C\u00f4te d\u2019Azur Reise Port Grimaud \u2013 Saint-Tropez.  Eingang Port Grimaud\" src=\"https:\/\/wernerdeck.de\/blog\/wp-content\/gallery\/port-grimaud-2\/thumbs\/thumbs_reise-lyon-cote-d-azur-teil-5-port-grimaud-33.jpg\" width='240' height='160' \/>\n\t\t\t\t\t\t\t<\/a>\n\t\t\t<span>\n\t\t\tEingang Port Grimaud\t\t\t<\/span>\n\t\t<\/div>\n\t<\/div>\n\t\t\t\t\t\t\t\t\n\t<div id=\"ngg-image-14751\" class=\"ngg-gallery-thumbnail-box\" style=\"width:25%;\" >\n\t\t<div class=\"ngg-gallery-thumbnail\" >\n\t\t\t<a href=\"https:\/\/wernerdeck.de\/blog\/wp-content\/gallery\/port-grimaud-2\/reise-lyon-cote-d-azur-teil-5-port-grimaud-36.jpg\"\n\t\t\t\ttitle=\"Venedig S\u00fcdfrankreichs\"\n\t\t\t\tclass=\"ngg-simplelightbox\" rel=\"56b66e8b0ef38887a05114979081e550\" data-image-id=\"14751\" data-src=\"https:\/\/wernerdeck.de\/blog\/wp-content\/gallery\/port-grimaud-2\/reise-lyon-cote-d-azur-teil-5-port-grimaud-36.jpg\" data-thumbnail=\"https:\/\/wernerdeck.de\/blog\/wp-content\/gallery\/port-grimaud-2\/thumbs\/thumbs_reise-lyon-cote-d-azur-teil-5-port-grimaud-36.jpg\" data-title=\"C\u00f4te d\u2019Azur Reise Port Grimaud \u2013 Saint-Tropez.  Venedig S\u00fcdfrankreichs\" data-description=\"Venedig S\u00fcdfrankreichs\" >\n\t\t\t\t\t\t\t\t<img title=\"C\u00f4te d\u2019Azur Reise Port Grimaud \u2013 Saint-Tropez.  Venedig S\u00fcdfrankreichs\" alt=\"C\u00f4te d\u2019Azur Reise Port Grimaud \u2013 Saint-Tropez.  Venedig S\u00fcdfrankreichs\" src=\"https:\/\/wernerdeck.de\/blog\/wp-content\/gallery\/port-grimaud-2\/thumbs\/thumbs_reise-lyon-cote-d-azur-teil-5-port-grimaud-36.jpg\" width='240' height='160' \/>\n\t\t\t\t\t\t\t<\/a>\n\t\t\t<span>\n\t\t\tVenedig S\u00fcdfrankreichs\t\t\t<\/span>\n\t\t<\/div>\n\t<\/div>\n\t\t\t\t\t\t\t\t\n\t<div id=\"ngg-image-14752\" class=\"ngg-gallery-thumbnail-box\" style=\"width:25%;\" >\n\t\t<div class=\"ngg-gallery-thumbnail\" >\n\t\t\t<a href=\"https:\/\/wernerdeck.de\/blog\/wp-content\/gallery\/port-grimaud-2\/reise-lyon-cote-d-azur-teil-5-port-grimaud-39.jpg\"\n\t\t\t\ttitle=\"Wasserstra\u00dfen\"\n\t\t\t\tclass=\"ngg-simplelightbox\" rel=\"56b66e8b0ef38887a05114979081e550\" data-image-id=\"14752\" data-src=\"https:\/\/wernerdeck.de\/blog\/wp-content\/gallery\/port-grimaud-2\/reise-lyon-cote-d-azur-teil-5-port-grimaud-39.jpg\" data-thumbnail=\"https:\/\/wernerdeck.de\/blog\/wp-content\/gallery\/port-grimaud-2\/thumbs\/thumbs_reise-lyon-cote-d-azur-teil-5-port-grimaud-39.jpg\" data-title=\"C\u00f4te d\u2019Azur Reise Port Grimaud \u2013 Saint-Tropez.  Wasserstra\u00dfen\" data-description=\"Wasserstra\u00dfen\" >\n\t\t\t\t\t\t\t\t<img title=\"C\u00f4te d\u2019Azur Reise Port Grimaud \u2013 Saint-Tropez.  Wasserstra\u00dfen\" alt=\"C\u00f4te d\u2019Azur Reise Port Grimaud \u2013 Saint-Tropez.  Wasserstra\u00dfen\" src=\"https:\/\/wernerdeck.de\/blog\/wp-content\/gallery\/port-grimaud-2\/thumbs\/thumbs_reise-lyon-cote-d-azur-teil-5-port-grimaud-39.jpg\" width='240' height='160' \/>\n\t\t\t\t\t\t\t<\/a>\n\t\t\t<span>\n\t\t\tWasserstra\u00dfen\t\t\t<\/span>\n\t\t<\/div>\n\t<\/div>\n\t\t\t\t\t\t\t<br style=\"clear: both\" \/>\n\t\t\t\n\t<!-- Pagination -->\n\t\t<div class='ngg-clear'><\/div>\t\n<\/div>\n\n\t\n<p data-start=\"165\" data-end=\"221\">\ud83c\udfd8 <strong>Port Grimaud \u2013 Das \u201eVenedig S\u00fcdfrankreichs\u201c. <\/strong>Port Grimaud wurde erst in den 1960er-Jahren vom franz\u00f6sischen Architekten Fran\u00e7ois Spoerry entworfen und erbaut. Der vision\u00e4re Plan sah eine Lagunenstadt mit Wasserstra\u00dfen, Br\u00fccken und bunten H\u00e4usern im provenzalischen Stil vor. 1966 begann der Bau an der Bucht von Saint-Tropez, und schon wenige Jahre sp\u00e4ter galt Port Grimaud als architektonische Meisterleistung modernen St\u00e4dtebaus. Heute steht der Ort unter Denkmalschutz und z\u00e4hlt zu den bekanntesten touristischen Sehensw\u00fcrdigkeiten der C\u00f4te d\u2019Azur.<\/p>\n<p data-start=\"1229\" data-end=\"1598\">Als sich unser Hunger meldete, fanden wir in der Pizzeria \u201eLa Marinara\u201c, direkt am Wasser gelegen, einen sch\u00f6nen Platz und genossen unser Mittagessen mit Blick auf die vorbeifahrenden Boote. Anschlie\u00dfend ging es weiter \u2013 diesmal aufs Wasser. Wir bestiegen ein Ausflugsschiff, das uns durch den Golf von Saint-Tropez direkt hin\u00fcber nach Saint-Tropez brachte.<\/p>\n\n<div class=\"ngg-galleryoverview ngg-template-caption\" id=\"ngg-gallery-8a399b1f68accd176214cf2dfa18b7c7-30732\">\n\n\t\t\n\t<!-- Thumbnails -->\n\t\t\t\t\t\n\t<div id=\"ngg-image-14753\" class=\"ngg-gallery-thumbnail-box\" style=\"width:25%;\" >\n\t\t<div class=\"ngg-gallery-thumbnail\" >\n\t\t\t<a href=\"https:\/\/wernerdeck.de\/blog\/wp-content\/gallery\/port-grimaud-3\/reise-lyon-cote-d-azur-teil-5-port-grimaud-41.jpg\"\n\t\t\t\ttitle=\"Pizzeria La Marinara\"\n\t\t\t\tclass=\"ngg-simplelightbox\" rel=\"8a399b1f68accd176214cf2dfa18b7c7\" data-image-id=\"14753\" data-src=\"https:\/\/wernerdeck.de\/blog\/wp-content\/gallery\/port-grimaud-3\/reise-lyon-cote-d-azur-teil-5-port-grimaud-41.jpg\" data-thumbnail=\"https:\/\/wernerdeck.de\/blog\/wp-content\/gallery\/port-grimaud-3\/thumbs\/thumbs_reise-lyon-cote-d-azur-teil-5-port-grimaud-41.jpg\" data-title=\"C\u00f4te d\u2019Azur Reise Port Grimaud \u2013 Saint-Tropez. Pizzeria La Marinara\" data-description=\"Pizzeria La Marinara\" >\n\t\t\t\t\t\t\t\t<img title=\"C\u00f4te d\u2019Azur Reise Port Grimaud \u2013 Saint-Tropez. Pizzeria La Marinara\" alt=\"C\u00f4te d\u2019Azur Reise Port Grimaud \u2013 Saint-Tropez. Pizzeria La Marinara\" src=\"https:\/\/wernerdeck.de\/blog\/wp-content\/gallery\/port-grimaud-3\/thumbs\/thumbs_reise-lyon-cote-d-azur-teil-5-port-grimaud-41.jpg\" width='240' height='160' \/>\n\t\t\t\t\t\t\t<\/a>\n\t\t\t<span>\n\t\t\tPizzeria La Marinara\t\t\t<\/span>\n\t\t<\/div>\n\t<\/div>\n\t\t\t\t\t\t\t\t\n\t<div id=\"ngg-image-14755\" class=\"ngg-gallery-thumbnail-box\" style=\"width:25%;\" >\n\t\t<div class=\"ngg-gallery-thumbnail\" >\n\t\t\t<a href=\"https:\/\/wernerdeck.de\/blog\/wp-content\/gallery\/port-grimaud-3\/reise-lyon-cote-d-azur-teil-5-port-grimaud-42.jpg\"\n\t\t\t\ttitle=\"Lecker\"\n\t\t\t\tclass=\"ngg-simplelightbox\" rel=\"8a399b1f68accd176214cf2dfa18b7c7\" data-image-id=\"14755\" data-src=\"https:\/\/wernerdeck.de\/blog\/wp-content\/gallery\/port-grimaud-3\/reise-lyon-cote-d-azur-teil-5-port-grimaud-42.jpg\" data-thumbnail=\"https:\/\/wernerdeck.de\/blog\/wp-content\/gallery\/port-grimaud-3\/thumbs\/thumbs_reise-lyon-cote-d-azur-teil-5-port-grimaud-42.jpg\" data-title=\"C\u00f4te d\u2019Azur Reise Port Grimaud \u2013 Saint-Tropez. Pizzeria La Marinara\" data-description=\"Lecker\" >\n\t\t\t\t\t\t\t\t<img title=\"C\u00f4te d\u2019Azur Reise Port Grimaud \u2013 Saint-Tropez. Pizzeria La Marinara\" alt=\"C\u00f4te d\u2019Azur Reise Port Grimaud \u2013 Saint-Tropez. Pizzeria La Marinara\" src=\"https:\/\/wernerdeck.de\/blog\/wp-content\/gallery\/port-grimaud-3\/thumbs\/thumbs_reise-lyon-cote-d-azur-teil-5-port-grimaud-42.jpg\" width='240' height='160' \/>\n\t\t\t\t\t\t\t<\/a>\n\t\t\t<span>\n\t\t\tLecker\t\t\t<\/span>\n\t\t<\/div>\n\t<\/div>\n\t\t\t\t\t\t\t\t\n\t<div id=\"ngg-image-14754\" class=\"ngg-gallery-thumbnail-box\" style=\"width:25%;\" >\n\t\t<div class=\"ngg-gallery-thumbnail\" >\n\t\t\t<a href=\"https:\/\/wernerdeck.de\/blog\/wp-content\/gallery\/port-grimaud-3\/reise-lyon-cote-d-azur-teil-5-port-grimaud-43.jpg\"\n\t\t\t\ttitle=\"La Marinara am Wasser\"\n\t\t\t\tclass=\"ngg-simplelightbox\" rel=\"8a399b1f68accd176214cf2dfa18b7c7\" data-image-id=\"14754\" data-src=\"https:\/\/wernerdeck.de\/blog\/wp-content\/gallery\/port-grimaud-3\/reise-lyon-cote-d-azur-teil-5-port-grimaud-43.jpg\" data-thumbnail=\"https:\/\/wernerdeck.de\/blog\/wp-content\/gallery\/port-grimaud-3\/thumbs\/thumbs_reise-lyon-cote-d-azur-teil-5-port-grimaud-43.jpg\" data-title=\"C\u00f4te d\u2019Azur Reise Port Grimaud \u2013 Saint-Tropez. Pizzeria La Marinara\" data-description=\"La Marinara am Wasser\" >\n\t\t\t\t\t\t\t\t<img title=\"C\u00f4te d\u2019Azur Reise Port Grimaud \u2013 Saint-Tropez. Pizzeria La Marinara\" alt=\"C\u00f4te d\u2019Azur Reise Port Grimaud \u2013 Saint-Tropez. Pizzeria La Marinara\" src=\"https:\/\/wernerdeck.de\/blog\/wp-content\/gallery\/port-grimaud-3\/thumbs\/thumbs_reise-lyon-cote-d-azur-teil-5-port-grimaud-43.jpg\" width='240' height='160' \/>\n\t\t\t\t\t\t\t<\/a>\n\t\t\t<span>\n\t\t\tLa Marinara am Wasser\t\t\t<\/span>\n\t\t<\/div>\n\t<\/div>\n\t\t\t\t\t\t\t\t\n\t<div id=\"ngg-image-14758\" class=\"ngg-gallery-thumbnail-box\" style=\"width:25%;\" >\n\t\t<div class=\"ngg-gallery-thumbnail\" >\n\t\t\t<a href=\"https:\/\/wernerdeck.de\/blog\/wp-content\/gallery\/port-grimaud-3\/reise-lyon-cote-d-azur-teil-5-port-grimaud-45.jpg\"\n\t\t\t\ttitle=\"Lecker\"\n\t\t\t\tclass=\"ngg-simplelightbox\" rel=\"8a399b1f68accd176214cf2dfa18b7c7\" data-image-id=\"14758\" data-src=\"https:\/\/wernerdeck.de\/blog\/wp-content\/gallery\/port-grimaud-3\/reise-lyon-cote-d-azur-teil-5-port-grimaud-45.jpg\" data-thumbnail=\"https:\/\/wernerdeck.de\/blog\/wp-content\/gallery\/port-grimaud-3\/thumbs\/thumbs_reise-lyon-cote-d-azur-teil-5-port-grimaud-45.jpg\" data-title=\"C\u00f4te d\u2019Azur Reise Port Grimaud \u2013 Saint-Tropez. \" data-description=\"Lecker\" >\n\t\t\t\t\t\t\t\t<img title=\"C\u00f4te d\u2019Azur Reise Port Grimaud \u2013 Saint-Tropez. \" alt=\"C\u00f4te d\u2019Azur Reise Port Grimaud \u2013 Saint-Tropez. \" src=\"https:\/\/wernerdeck.de\/blog\/wp-content\/gallery\/port-grimaud-3\/thumbs\/thumbs_reise-lyon-cote-d-azur-teil-5-port-grimaud-45.jpg\" width='240' height='160' \/>\n\t\t\t\t\t\t\t<\/a>\n\t\t\t<span>\n\t\t\tLecker\t\t\t<\/span>\n\t\t<\/div>\n\t<\/div>\n\t\t\t\t\t\t\t<br style=\"clear: both\" \/>\n\t\t\t\n\t<div id=\"ngg-image-14756\" class=\"ngg-gallery-thumbnail-box\" style=\"width:25%;\" >\n\t\t<div class=\"ngg-gallery-thumbnail\" >\n\t\t\t<a href=\"https:\/\/wernerdeck.de\/blog\/wp-content\/gallery\/port-grimaud-3\/reise-lyon-cote-d-azur-teil-5-port-grimaud-49.jpg\"\n\t\t\t\ttitle=\"Venedig S\u00fcdfrankreichs\"\n\t\t\t\tclass=\"ngg-simplelightbox\" rel=\"8a399b1f68accd176214cf2dfa18b7c7\" data-image-id=\"14756\" data-src=\"https:\/\/wernerdeck.de\/blog\/wp-content\/gallery\/port-grimaud-3\/reise-lyon-cote-d-azur-teil-5-port-grimaud-49.jpg\" data-thumbnail=\"https:\/\/wernerdeck.de\/blog\/wp-content\/gallery\/port-grimaud-3\/thumbs\/thumbs_reise-lyon-cote-d-azur-teil-5-port-grimaud-49.jpg\" data-title=\"C\u00f4te d\u2019Azur Reise Port Grimaud \u2013 Saint-Tropez. Venedig S\u00fcdfrankreichs\" data-description=\"Venedig S\u00fcdfrankreichs\" >\n\t\t\t\t\t\t\t\t<img title=\"C\u00f4te d\u2019Azur Reise Port Grimaud \u2013 Saint-Tropez. Venedig S\u00fcdfrankreichs\" alt=\"C\u00f4te d\u2019Azur Reise Port Grimaud \u2013 Saint-Tropez. Venedig S\u00fcdfrankreichs\" src=\"https:\/\/wernerdeck.de\/blog\/wp-content\/gallery\/port-grimaud-3\/thumbs\/thumbs_reise-lyon-cote-d-azur-teil-5-port-grimaud-49.jpg\" width='240' height='160' \/>\n\t\t\t\t\t\t\t<\/a>\n\t\t\t<span>\n\t\t\tVenedig S\u00fcdfrankreichs\t\t\t<\/span>\n\t\t<\/div>\n\t<\/div>\n\t\t\t\t\t\t\t\t\n\t<div id=\"ngg-image-14757\" class=\"ngg-gallery-thumbnail-box\" style=\"width:25%;\" >\n\t\t<div class=\"ngg-gallery-thumbnail\" >\n\t\t\t<a href=\"https:\/\/wernerdeck.de\/blog\/wp-content\/gallery\/port-grimaud-3\/reise-lyon-cote-d-azur-teil-5-port-grimaud-54.jpg\"\n\t\t\t\ttitle=\"Viele Wasserstra\u00dfen\"\n\t\t\t\tclass=\"ngg-simplelightbox\" rel=\"8a399b1f68accd176214cf2dfa18b7c7\" data-image-id=\"14757\" data-src=\"https:\/\/wernerdeck.de\/blog\/wp-content\/gallery\/port-grimaud-3\/reise-lyon-cote-d-azur-teil-5-port-grimaud-54.jpg\" data-thumbnail=\"https:\/\/wernerdeck.de\/blog\/wp-content\/gallery\/port-grimaud-3\/thumbs\/thumbs_reise-lyon-cote-d-azur-teil-5-port-grimaud-54.jpg\" data-title=\"C\u00f4te d\u2019Azur Reise Port Grimaud \u2013 Saint-Tropez. Viele Wasserstra\u00dfen\" data-description=\"Viele Wasserstra\u00dfen\" >\n\t\t\t\t\t\t\t\t<img title=\"C\u00f4te d\u2019Azur Reise Port Grimaud \u2013 Saint-Tropez. Viele Wasserstra\u00dfen\" alt=\"C\u00f4te d\u2019Azur Reise Port Grimaud \u2013 Saint-Tropez. Viele Wasserstra\u00dfen\" src=\"https:\/\/wernerdeck.de\/blog\/wp-content\/gallery\/port-grimaud-3\/thumbs\/thumbs_reise-lyon-cote-d-azur-teil-5-port-grimaud-54.jpg\" width='240' height='160' \/>\n\t\t\t\t\t\t\t<\/a>\n\t\t\t<span>\n\t\t\tViele Wasserstra\u00dfen\t\t\t<\/span>\n\t\t<\/div>\n\t<\/div>\n\t\t\t\t\t\t\t\t\n\t<div id=\"ngg-image-14759\" class=\"ngg-gallery-thumbnail-box\" style=\"width:25%;\" >\n\t\t<div class=\"ngg-gallery-thumbnail\" >\n\t\t\t<a href=\"https:\/\/wernerdeck.de\/blog\/wp-content\/gallery\/port-grimaud-3\/reise-lyon-cote-d-azur-teil-5-port-grimaud-57.jpg\"\n\t\t\t\ttitle=\"Saint-Fran\u00e7ois d\u2019Assise\"\n\t\t\t\tclass=\"ngg-simplelightbox\" rel=\"8a399b1f68accd176214cf2dfa18b7c7\" data-image-id=\"14759\" data-src=\"https:\/\/wernerdeck.de\/blog\/wp-content\/gallery\/port-grimaud-3\/reise-lyon-cote-d-azur-teil-5-port-grimaud-57.jpg\" data-thumbnail=\"https:\/\/wernerdeck.de\/blog\/wp-content\/gallery\/port-grimaud-3\/thumbs\/thumbs_reise-lyon-cote-d-azur-teil-5-port-grimaud-57.jpg\" data-title=\"C\u00f4te d\u2019Azur Reise Port Grimaud \u2013 Saint-Tropez.  Kirche Saint-Fran\u00e7ois d\u2019Assise\" data-description=\"Saint-Fran\u00e7ois d\u2019Assise\" >\n\t\t\t\t\t\t\t\t<img title=\"C\u00f4te d\u2019Azur Reise Port Grimaud \u2013 Saint-Tropez.  Kirche Saint-Fran\u00e7ois d\u2019Assise\" alt=\"C\u00f4te d\u2019Azur Reise Port Grimaud \u2013 Saint-Tropez.  Kirche Saint-Fran\u00e7ois d\u2019Assise\" src=\"https:\/\/wernerdeck.de\/blog\/wp-content\/gallery\/port-grimaud-3\/thumbs\/thumbs_reise-lyon-cote-d-azur-teil-5-port-grimaud-57.jpg\" width='240' height='160' \/>\n\t\t\t\t\t\t\t<\/a>\n\t\t\t<span>\n\t\t\tSaint-Fran\u00e7ois d\u2019Assise\t\t\t<\/span>\n\t\t<\/div>\n\t<\/div>\n\t\t\t\t\t\t\t\t\n\t<div id=\"ngg-image-14760\" class=\"ngg-gallery-thumbnail-box\" style=\"width:25%;\" >\n\t\t<div class=\"ngg-gallery-thumbnail\" >\n\t\t\t<a href=\"https:\/\/wernerdeck.de\/blog\/wp-content\/gallery\/port-grimaud-3\/reise-lyon-cote-d-azur-teil-5-port-grimaud-60.jpg\"\n\t\t\t\ttitle=\"Ticketkauf Saint-Tropez\"\n\t\t\t\tclass=\"ngg-simplelightbox\" rel=\"8a399b1f68accd176214cf2dfa18b7c7\" data-image-id=\"14760\" data-src=\"https:\/\/wernerdeck.de\/blog\/wp-content\/gallery\/port-grimaud-3\/reise-lyon-cote-d-azur-teil-5-port-grimaud-60.jpg\" data-thumbnail=\"https:\/\/wernerdeck.de\/blog\/wp-content\/gallery\/port-grimaud-3\/thumbs\/thumbs_reise-lyon-cote-d-azur-teil-5-port-grimaud-60.jpg\" data-title=\"reise-lyon-cote-d-azur-teil-5-port-grimaud-60\" data-description=\"Ticketkauf Saint-Tropez\" >\n\t\t\t\t\t\t\t\t<img title=\"reise-lyon-cote-d-azur-teil-5-port-grimaud-60\" alt=\"reise-lyon-cote-d-azur-teil-5-port-grimaud-60\" src=\"https:\/\/wernerdeck.de\/blog\/wp-content\/gallery\/port-grimaud-3\/thumbs\/thumbs_reise-lyon-cote-d-azur-teil-5-port-grimaud-60.jpg\" width='240' height='160' \/>\n\t\t\t\t\t\t\t<\/a>\n\t\t\t<span>\n\t\t\tTicketkauf Saint-Tropez\t\t\t<\/span>\n\t\t<\/div>\n\t<\/div>\n\t\t\t\t\t\t\t<br style=\"clear: both\" \/>\n\t\t\t\n\t<!-- Pagination -->\n\t\t<div class='ngg-clear'><\/div>\t\n<\/div>\n\n\t\n<hr>\n<p data-start=\"1600\" data-end=\"1969\">C\u00f4te d\u2019Azur Reise Port Grimaud \u2013 Saint-Tropez. Schon die Einfahrt in den <strong>Hafen von Saint-Tropez<\/strong> war ein Erlebnis: Wir passierten ein gro\u00dfes Kreuzfahrtschiff und blickten auf die ber\u00fchmte Promenade, ges\u00e4umt von wei\u00dfen Yachten und eleganten Caf\u00e9s. In Saint-Tropez angekommen, schlenderten wir gem\u00fctlich entlang der Hafenmole. Nat\u00fcrlich g\u00f6nnten wir uns ein Eis \u2013 schlie\u00dflich geh\u00f6rt das einfach zu einem Besuch an der C\u00f4te d\u2019Azur dazu.<\/p>\n\n<div class=\"ngg-galleryoverview ngg-template-caption\" id=\"ngg-gallery-580cc8a61d42ffcdb754bc3b1f73afde-30732\">\n\n\t\t\n\t<!-- Thumbnails -->\n\t\t\t\t\t\n\t<div id=\"ngg-image-14764\" class=\"ngg-gallery-thumbnail-box\" style=\"width:20%;\" >\n\t\t<div class=\"ngg-gallery-thumbnail\" >\n\t\t\t<a href=\"https:\/\/wernerdeck.de\/blog\/wp-content\/gallery\/saint-tropez-1\/reise-lyon-cote-d-azur-teil-5-saint-tropez-01.jpg\"\n\t\t\t\ttitle=\"Ausfahrt Port Grimaud\"\n\t\t\t\tclass=\"ngg-simplelightbox\" rel=\"580cc8a61d42ffcdb754bc3b1f73afde\" data-image-id=\"14764\" data-src=\"https:\/\/wernerdeck.de\/blog\/wp-content\/gallery\/saint-tropez-1\/reise-lyon-cote-d-azur-teil-5-saint-tropez-01.jpg\" data-thumbnail=\"https:\/\/wernerdeck.de\/blog\/wp-content\/gallery\/saint-tropez-1\/thumbs\/thumbs_reise-lyon-cote-d-azur-teil-5-saint-tropez-01.jpg\" data-title=\"C\u00f4te d\u2019Azur Reise Port Grimaud \u2013 Saint-Tropez. Ausfahrt Hafen Port Grimaud\" data-description=\"Ausfahrt Port Grimaud\" >\n\t\t\t\t\t\t\t\t<img title=\"C\u00f4te d\u2019Azur Reise Port Grimaud \u2013 Saint-Tropez. Ausfahrt Hafen Port Grimaud\" alt=\"C\u00f4te d\u2019Azur Reise Port Grimaud \u2013 Saint-Tropez. Ausfahrt Hafen Port Grimaud\" src=\"https:\/\/wernerdeck.de\/blog\/wp-content\/gallery\/saint-tropez-1\/thumbs\/thumbs_reise-lyon-cote-d-azur-teil-5-saint-tropez-01.jpg\" width='240' height='160' \/>\n\t\t\t\t\t\t\t<\/a>\n\t\t\t<span>\n\t\t\tAusfahrt Port Grimaud\t\t\t<\/span>\n\t\t<\/div>\n\t<\/div>\n\t\t\t\t\t\t\t\t\n\t<div id=\"ngg-image-14761\" class=\"ngg-gallery-thumbnail-box\" style=\"width:20%;\" >\n\t\t<div class=\"ngg-gallery-thumbnail\" >\n\t\t\t<a href=\"https:\/\/wernerdeck.de\/blog\/wp-content\/gallery\/saint-tropez-1\/reise-lyon-cote-d-azur-teil-5-saint-tropez-12.jpg\"\n\t\t\t\ttitle=\"Blaues Meer\"\n\t\t\t\tclass=\"ngg-simplelightbox\" rel=\"580cc8a61d42ffcdb754bc3b1f73afde\" data-image-id=\"14761\" data-src=\"https:\/\/wernerdeck.de\/blog\/wp-content\/gallery\/saint-tropez-1\/reise-lyon-cote-d-azur-teil-5-saint-tropez-12.jpg\" data-thumbnail=\"https:\/\/wernerdeck.de\/blog\/wp-content\/gallery\/saint-tropez-1\/thumbs\/thumbs_reise-lyon-cote-d-azur-teil-5-saint-tropez-12.jpg\" data-title=\"C\u00f4te d\u2019Azur Reise Port Grimaud \u2013 Saint-Tropez. Blaues Meer\" data-description=\"Blaues Meer\" >\n\t\t\t\t\t\t\t\t<img title=\"C\u00f4te d\u2019Azur Reise Port Grimaud \u2013 Saint-Tropez. Blaues Meer\" alt=\"C\u00f4te d\u2019Azur Reise Port Grimaud \u2013 Saint-Tropez. Blaues Meer\" src=\"https:\/\/wernerdeck.de\/blog\/wp-content\/gallery\/saint-tropez-1\/thumbs\/thumbs_reise-lyon-cote-d-azur-teil-5-saint-tropez-12.jpg\" width='240' height='160' \/>\n\t\t\t\t\t\t\t<\/a>\n\t\t\t<span>\n\t\t\tBlaues Meer\t\t\t<\/span>\n\t\t<\/div>\n\t<\/div>\n\t\t\t\t\t\t\t\t\n\t<div id=\"ngg-image-14763\" class=\"ngg-gallery-thumbnail-box\" style=\"width:20%;\" >\n\t\t<div class=\"ngg-gallery-thumbnail\" >\n\t\t\t<a href=\"https:\/\/wernerdeck.de\/blog\/wp-content\/gallery\/saint-tropez-1\/reise-lyon-cote-d-azur-teil-5-saint-tropez-13.jpg\"\n\t\t\t\ttitle=\"Auf dem Schiff\"\n\t\t\t\tclass=\"ngg-simplelightbox\" rel=\"580cc8a61d42ffcdb754bc3b1f73afde\" data-image-id=\"14763\" data-src=\"https:\/\/wernerdeck.de\/blog\/wp-content\/gallery\/saint-tropez-1\/reise-lyon-cote-d-azur-teil-5-saint-tropez-13.jpg\" data-thumbnail=\"https:\/\/wernerdeck.de\/blog\/wp-content\/gallery\/saint-tropez-1\/thumbs\/thumbs_reise-lyon-cote-d-azur-teil-5-saint-tropez-13.jpg\" data-title=\"C\u00f4te d\u2019Azur Reise Port Grimaud \u2013 Saint-Tropez. Auf dem Schiff\" data-description=\"Auf dem Schiff\" >\n\t\t\t\t\t\t\t\t<img title=\"C\u00f4te d\u2019Azur Reise Port Grimaud \u2013 Saint-Tropez. Auf dem Schiff\" alt=\"C\u00f4te d\u2019Azur Reise Port Grimaud \u2013 Saint-Tropez. Auf dem Schiff\" src=\"https:\/\/wernerdeck.de\/blog\/wp-content\/gallery\/saint-tropez-1\/thumbs\/thumbs_reise-lyon-cote-d-azur-teil-5-saint-tropez-13.jpg\" width='240' height='160' \/>\n\t\t\t\t\t\t\t<\/a>\n\t\t\t<span>\n\t\t\tAuf dem Schiff\t\t\t<\/span>\n\t\t<\/div>\n\t<\/div>\n\t\t\t\t\t\t\t\t\n\t<div id=\"ngg-image-14762\" class=\"ngg-gallery-thumbnail-box\" style=\"width:20%;\" >\n\t\t<div class=\"ngg-gallery-thumbnail\" >\n\t\t\t<a href=\"https:\/\/wernerdeck.de\/blog\/wp-content\/gallery\/saint-tropez-1\/reise-lyon-cote-d-azur-teil-5-saint-tropez-15.jpg\"\n\t\t\t\ttitle=\"Auf dem Schiff\"\n\t\t\t\tclass=\"ngg-simplelightbox\" rel=\"580cc8a61d42ffcdb754bc3b1f73afde\" data-image-id=\"14762\" data-src=\"https:\/\/wernerdeck.de\/blog\/wp-content\/gallery\/saint-tropez-1\/reise-lyon-cote-d-azur-teil-5-saint-tropez-15.jpg\" data-thumbnail=\"https:\/\/wernerdeck.de\/blog\/wp-content\/gallery\/saint-tropez-1\/thumbs\/thumbs_reise-lyon-cote-d-azur-teil-5-saint-tropez-15.jpg\" data-title=\"C\u00f4te d\u2019Azur Reise Port Grimaud \u2013 Saint-Tropez. Auf dem Schiff\" data-description=\"Auf dem Schiff\" >\n\t\t\t\t\t\t\t\t<img title=\"C\u00f4te d\u2019Azur Reise Port Grimaud \u2013 Saint-Tropez. Auf dem Schiff\" alt=\"C\u00f4te d\u2019Azur Reise Port Grimaud \u2013 Saint-Tropez. Auf dem Schiff\" src=\"https:\/\/wernerdeck.de\/blog\/wp-content\/gallery\/saint-tropez-1\/thumbs\/thumbs_reise-lyon-cote-d-azur-teil-5-saint-tropez-15.jpg\" width='240' height='160' \/>\n\t\t\t\t\t\t\t<\/a>\n\t\t\t<span>\n\t\t\tAuf dem Schiff\t\t\t<\/span>\n\t\t<\/div>\n\t<\/div>\n\t\t\t\t\t\t\t\t\n\t<div id=\"ngg-image-14766\" class=\"ngg-gallery-thumbnail-box\" style=\"width:20%;\" >\n\t\t<div class=\"ngg-gallery-thumbnail\" >\n\t\t\t<a href=\"https:\/\/wernerdeck.de\/blog\/wp-content\/gallery\/saint-tropez-1\/reise-lyon-cote-d-azur-teil-5-saint-tropez-18.jpg\"\n\t\t\t\ttitle=\"Volle Fahrt\"\n\t\t\t\tclass=\"ngg-simplelightbox\" rel=\"580cc8a61d42ffcdb754bc3b1f73afde\" data-image-id=\"14766\" data-src=\"https:\/\/wernerdeck.de\/blog\/wp-content\/gallery\/saint-tropez-1\/reise-lyon-cote-d-azur-teil-5-saint-tropez-18.jpg\" data-thumbnail=\"https:\/\/wernerdeck.de\/blog\/wp-content\/gallery\/saint-tropez-1\/thumbs\/thumbs_reise-lyon-cote-d-azur-teil-5-saint-tropez-18.jpg\" data-title=\"C\u00f4te d\u2019Azur Reise Port Grimaud \u2013 Saint-Tropez. Volle Fahrt vorraus\" data-description=\"Volle Fahrt\" >\n\t\t\t\t\t\t\t\t<img title=\"C\u00f4te d\u2019Azur Reise Port Grimaud \u2013 Saint-Tropez. Volle Fahrt vorraus\" alt=\"C\u00f4te d\u2019Azur Reise Port Grimaud \u2013 Saint-Tropez. Volle Fahrt vorraus\" src=\"https:\/\/wernerdeck.de\/blog\/wp-content\/gallery\/saint-tropez-1\/thumbs\/thumbs_reise-lyon-cote-d-azur-teil-5-saint-tropez-18.jpg\" width='240' height='160' \/>\n\t\t\t\t\t\t\t<\/a>\n\t\t\t<span>\n\t\t\tVolle Fahrt\t\t\t<\/span>\n\t\t<\/div>\n\t<\/div>\n\t\t\t\t\t\t\t<br style=\"clear: both\" \/>\n\t\t\t\n\t<div id=\"ngg-image-14765\" class=\"ngg-gallery-thumbnail-box\" style=\"width:20%;\" >\n\t\t<div class=\"ngg-gallery-thumbnail\" >\n\t\t\t<a href=\"https:\/\/wernerdeck.de\/blog\/wp-content\/gallery\/saint-tropez-1\/reise-lyon-cote-d-azur-teil-5-saint-tropez-21.jpg\"\n\t\t\t\ttitle=\"St.-Tropez in Sicht\"\n\t\t\t\tclass=\"ngg-simplelightbox\" rel=\"580cc8a61d42ffcdb754bc3b1f73afde\" data-image-id=\"14765\" data-src=\"https:\/\/wernerdeck.de\/blog\/wp-content\/gallery\/saint-tropez-1\/reise-lyon-cote-d-azur-teil-5-saint-tropez-21.jpg\" data-thumbnail=\"https:\/\/wernerdeck.de\/blog\/wp-content\/gallery\/saint-tropez-1\/thumbs\/thumbs_reise-lyon-cote-d-azur-teil-5-saint-tropez-21.jpg\" data-title=\"C\u00f4te d\u2019Azur Reise Port Grimaud \u2013 Saint-Tropez. Saint-Tropez in Sicht\" data-description=\"St.-Tropez in Sicht\" >\n\t\t\t\t\t\t\t\t<img title=\"C\u00f4te d\u2019Azur Reise Port Grimaud \u2013 Saint-Tropez. Saint-Tropez in Sicht\" alt=\"C\u00f4te d\u2019Azur Reise Port Grimaud \u2013 Saint-Tropez. Saint-Tropez in Sicht\" src=\"https:\/\/wernerdeck.de\/blog\/wp-content\/gallery\/saint-tropez-1\/thumbs\/thumbs_reise-lyon-cote-d-azur-teil-5-saint-tropez-21.jpg\" width='240' height='160' \/>\n\t\t\t\t\t\t\t<\/a>\n\t\t\t<span>\n\t\t\tSt.-Tropez in Sicht\t\t\t<\/span>\n\t\t<\/div>\n\t<\/div>\n\t\t\t\t\t\t\t\t\n\t<div id=\"ngg-image-14767\" class=\"ngg-gallery-thumbnail-box\" style=\"width:20%;\" >\n\t\t<div class=\"ngg-gallery-thumbnail\" >\n\t\t\t<a href=\"https:\/\/wernerdeck.de\/blog\/wp-content\/gallery\/saint-tropez-1\/reise-lyon-cote-d-azur-teil-5-saint-tropez-24.jpg\"\n\t\t\t\ttitle=\"Der Hafen\"\n\t\t\t\tclass=\"ngg-simplelightbox\" rel=\"580cc8a61d42ffcdb754bc3b1f73afde\" data-image-id=\"14767\" data-src=\"https:\/\/wernerdeck.de\/blog\/wp-content\/gallery\/saint-tropez-1\/reise-lyon-cote-d-azur-teil-5-saint-tropez-24.jpg\" data-thumbnail=\"https:\/\/wernerdeck.de\/blog\/wp-content\/gallery\/saint-tropez-1\/thumbs\/thumbs_reise-lyon-cote-d-azur-teil-5-saint-tropez-24.jpg\" data-title=\"C\u00f4te d\u2019Azur Reise Port Grimaud \u2013 Saint-Tropez. Hafen mit Kreuzfahrtschiff\" data-description=\"Der Hafen\" >\n\t\t\t\t\t\t\t\t<img title=\"C\u00f4te d\u2019Azur Reise Port Grimaud \u2013 Saint-Tropez. Hafen mit Kreuzfahrtschiff\" alt=\"C\u00f4te d\u2019Azur Reise Port Grimaud \u2013 Saint-Tropez. Hafen mit Kreuzfahrtschiff\" src=\"https:\/\/wernerdeck.de\/blog\/wp-content\/gallery\/saint-tropez-1\/thumbs\/thumbs_reise-lyon-cote-d-azur-teil-5-saint-tropez-24.jpg\" width='240' height='160' \/>\n\t\t\t\t\t\t\t<\/a>\n\t\t\t<span>\n\t\t\tDer Hafen\t\t\t<\/span>\n\t\t<\/div>\n\t<\/div>\n\t\t\t\t\t\t\t\t\n\t<div id=\"ngg-image-14770\" class=\"ngg-gallery-thumbnail-box\" style=\"width:20%;\" >\n\t\t<div class=\"ngg-gallery-thumbnail\" >\n\t\t\t<a href=\"https:\/\/wernerdeck.de\/blog\/wp-content\/gallery\/saint-tropez-1\/reise-lyon-cote-d-azur-teil-5-saint-tropez-27.jpg\"\n\t\t\t\ttitle=\"Ankunft \"\n\t\t\t\tclass=\"ngg-simplelightbox\" rel=\"580cc8a61d42ffcdb754bc3b1f73afde\" data-image-id=\"14770\" data-src=\"https:\/\/wernerdeck.de\/blog\/wp-content\/gallery\/saint-tropez-1\/reise-lyon-cote-d-azur-teil-5-saint-tropez-27.jpg\" data-thumbnail=\"https:\/\/wernerdeck.de\/blog\/wp-content\/gallery\/saint-tropez-1\/thumbs\/thumbs_reise-lyon-cote-d-azur-teil-5-saint-tropez-27.jpg\" data-title=\"C\u00f4te d\u2019Azur Reise Port Grimaud \u2013 Saint-Tropez. Hafen Saint-Tropez\" data-description=\"Ankunft \" >\n\t\t\t\t\t\t\t\t<img title=\"C\u00f4te d\u2019Azur Reise Port Grimaud \u2013 Saint-Tropez. Hafen Saint-Tropez\" alt=\"C\u00f4te d\u2019Azur Reise Port Grimaud \u2013 Saint-Tropez. Hafen Saint-Tropez\" src=\"https:\/\/wernerdeck.de\/blog\/wp-content\/gallery\/saint-tropez-1\/thumbs\/thumbs_reise-lyon-cote-d-azur-teil-5-saint-tropez-27.jpg\" width='240' height='160' \/>\n\t\t\t\t\t\t\t<\/a>\n\t\t\t<span>\n\t\t\tAnkunft \t\t\t<\/span>\n\t\t<\/div>\n\t<\/div>\n\t\t\t\t\t\t\t\t\n\t<div id=\"ngg-image-14768\" class=\"ngg-gallery-thumbnail-box\" style=\"width:20%;\" >\n\t\t<div class=\"ngg-gallery-thumbnail\" >\n\t\t\t<a href=\"https:\/\/wernerdeck.de\/blog\/wp-content\/gallery\/saint-tropez-1\/reise-lyon-cote-d-azur-teil-5-saint-tropez-33.jpg\"\n\t\t\t\ttitle=\"Capitainerie \"\n\t\t\t\tclass=\"ngg-simplelightbox\" rel=\"580cc8a61d42ffcdb754bc3b1f73afde\" data-image-id=\"14768\" data-src=\"https:\/\/wernerdeck.de\/blog\/wp-content\/gallery\/saint-tropez-1\/reise-lyon-cote-d-azur-teil-5-saint-tropez-33.jpg\" data-thumbnail=\"https:\/\/wernerdeck.de\/blog\/wp-content\/gallery\/saint-tropez-1\/thumbs\/thumbs_reise-lyon-cote-d-azur-teil-5-saint-tropez-33.jpg\" data-title=\"C\u00f4te d\u2019Azur Reise Port Grimaud \u2013 Saint-Tropez. Capitainerie Saint-Tropez\" data-description=\"Capitainerie \" >\n\t\t\t\t\t\t\t\t<img title=\"C\u00f4te d\u2019Azur Reise Port Grimaud \u2013 Saint-Tropez. Capitainerie Saint-Tropez\" alt=\"C\u00f4te d\u2019Azur Reise Port Grimaud \u2013 Saint-Tropez. Capitainerie Saint-Tropez\" src=\"https:\/\/wernerdeck.de\/blog\/wp-content\/gallery\/saint-tropez-1\/thumbs\/thumbs_reise-lyon-cote-d-azur-teil-5-saint-tropez-33.jpg\" width='240' height='160' \/>\n\t\t\t\t\t\t\t<\/a>\n\t\t\t<span>\n\t\t\tCapitainerie \t\t\t<\/span>\n\t\t<\/div>\n\t<\/div>\n\t\t\t\t\t\t\t\t\n\t<div id=\"ngg-image-14769\" class=\"ngg-gallery-thumbnail-box\" style=\"width:20%;\" >\n\t\t<div class=\"ngg-gallery-thumbnail\" >\n\t\t\t<a href=\"https:\/\/wernerdeck.de\/blog\/wp-content\/gallery\/saint-tropez-1\/reise-lyon-cote-d-azur-teil-5-saint-tropez-36.jpg\"\n\t\t\t\ttitle=\"Eis essen\"\n\t\t\t\tclass=\"ngg-simplelightbox\" rel=\"580cc8a61d42ffcdb754bc3b1f73afde\" data-image-id=\"14769\" data-src=\"https:\/\/wernerdeck.de\/blog\/wp-content\/gallery\/saint-tropez-1\/reise-lyon-cote-d-azur-teil-5-saint-tropez-36.jpg\" data-thumbnail=\"https:\/\/wernerdeck.de\/blog\/wp-content\/gallery\/saint-tropez-1\/thumbs\/thumbs_reise-lyon-cote-d-azur-teil-5-saint-tropez-36.jpg\" data-title=\"C\u00f4te d\u2019Azur Reise Port Grimaud \u2013 Saint-Tropez. Eis essen\" data-description=\"Eis essen\" >\n\t\t\t\t\t\t\t\t<img title=\"C\u00f4te d\u2019Azur Reise Port Grimaud \u2013 Saint-Tropez. Eis essen\" alt=\"C\u00f4te d\u2019Azur Reise Port Grimaud \u2013 Saint-Tropez. Eis essen\" src=\"https:\/\/wernerdeck.de\/blog\/wp-content\/gallery\/saint-tropez-1\/thumbs\/thumbs_reise-lyon-cote-d-azur-teil-5-saint-tropez-36.jpg\" width='240' height='160' \/>\n\t\t\t\t\t\t\t<\/a>\n\t\t\t<span>\n\t\t\tEis essen\t\t\t<\/span>\n\t\t<\/div>\n\t<\/div>\n\t\t\t\t\t\t\t<br style=\"clear: both\" \/>\n\t\t\t\n\t<!-- Pagination -->\n\t\t<div class='ngg-clear'><\/div>\t\n<\/div>\n\n\t\n<p data-start=\"745\" data-end=\"805\">\u2693 <strong data-start=\"751\" data-end=\"803\">Saint-Tropez \u2013 Vom Fischerort zum Jetset-Hotspot.&nbsp;<\/strong>Saint-Tropez war urspr\u00fcnglich ein kleines Fischerdorf, das bereits in der Antike besiedelt war. Im Mittelalter diente es als befestigter Hafen gegen Piratenangriffe. Im 20. Jahrhundert entdeckten K\u00fcnstler wie Paul Signac und sp\u00e4ter Filmstars wie Brigitte Bardot den Ort f\u00fcr sich \u2013 besonders nach dem Film <em data-start=\"1123\" data-end=\"1151\">\u201eUnd ewig lockt das Weib\u201c<\/em> (1956). Seither wurde Saint-Tropez zum Symbol f\u00fcr Glamour, Luxus und franz\u00f6sisches Savoir-vivre, bleibt aber trotz allem seiner maritimen Tradition treu.<\/p>\n<p data-start=\"745\" data-end=\"805\"><img loading=\"lazy\" decoding=\"async\" class=\"aligncenter size-full wp-image-30741\" src=\"https:\/\/wernerdeck.de\/blog\/wp-content\/uploads\/2025\/10\/reise-lyon-cote-d-azur-teil-5-saint-tropez-68.jpg\" alt=\"Reise Lyon \u2013 C\u00f4te d\u2019Azur, Teil 5: Besuch Port Grimaud \u2013 Saint-Tropez\" width=\"1050\" height=\"331\" srcset=\"https:\/\/wernerdeck.de\/blog\/wp-content\/uploads\/2025\/10\/reise-lyon-cote-d-azur-teil-5-saint-tropez-68.jpg 1050w, https:\/\/wernerdeck.de\/blog\/wp-content\/uploads\/2025\/10\/reise-lyon-cote-d-azur-teil-5-saint-tropez-68-300x95.jpg 300w, https:\/\/wernerdeck.de\/blog\/wp-content\/uploads\/2025\/10\/reise-lyon-cote-d-azur-teil-5-saint-tropez-68-1024x323.jpg 1024w, https:\/\/wernerdeck.de\/blog\/wp-content\/uploads\/2025\/10\/reise-lyon-cote-d-azur-teil-5-saint-tropez-68-768x242.jpg 768w\" sizes=\"auto, (max-width: 1050px) 100vw, 1050px\" \/><\/p>\n<p data-start=\"1971\" data-end=\"2201\">Vorbei am legend\u00e4ren Caf\u00e9 de Paris, der Statue du Bailli de Suffren und dem bekannten Caf\u00e9-Restaurant S\u00e9n\u00e9quier, beobachteten wir das mond\u00e4ne Treiben der Stadt.&nbsp;Die Statue du Bailli de Suffren am Quai Suffren in Saint-Tropez wurde 1866 zu Ehren des Marineoffiziers Pierre Andr\u00e9 de Suffren (18. Jh.) errichtet, der im Siebenj\u00e4hrigen Krieg k\u00e4mpfte und wegen seiner K\u00fchnheit von den Engl\u00e4ndern den Spitznamen \u201eAdmiral Satan\u201c erhielt.<\/p>\n<p data-start=\"1971\" data-end=\"2201\">\u00dcberall glitzerte und duftete es nach Luxus, Mode und Meer. Durch die engen Altstadtgassen hindurch warfen wir einen Blick hin\u00fcber zur Chapelle de la Mis\u00e9ricorde in der Rue Gambetta. Die kleine Barockkapelle aus der Mitte des 17. Jahrhunderts war einst die Gebetsst\u00e4tte der Bruderschaft der schwarzen B\u00fc\u00dfer \u2013 ein stiller, fast versteckter Ort mit bewegter Geschichte.<\/p>\n<p data-start=\"2479\" data-end=\"2884\">Nach einem Spaziergang durch die Altstadt machten wir uns wieder auf den R\u00fcckweg. Der Termin f\u00fcr die R\u00fcckfahrt mit dem Schiff nach Port Grimaud r\u00fcckte n\u00e4her. \u00dcber uns spannte sich der blaue Himmel, unter uns glitzerte das Mittelmeer \u2013 nur der Wind frischte kr\u00e4ftig auf. So erreichten wir am sp\u00e4ten Nachmittag wieder Port Grimaud und traten danach die kurvenreiche R\u00fcckfahrt durch das Esterel-Gebirge an.<\/p>\n\n<div class=\"ngg-galleryoverview ngg-template-caption\" id=\"ngg-gallery-a664091412807fa0077bd701f263bd1e-30732\">\n\n\t\t\n\t<!-- Thumbnails -->\n\t\t\t\t\t\n\t<div id=\"ngg-image-14773\" class=\"ngg-gallery-thumbnail-box\" style=\"width:25%;\" >\n\t\t<div class=\"ngg-gallery-thumbnail\" >\n\t\t\t<a href=\"https:\/\/wernerdeck.de\/blog\/wp-content\/gallery\/saint-tropez-2\/reise-lyon-cote-d-azur-teil-5-saint-tropez-39.jpg\"\n\t\t\t\ttitle=\"Caf\u00e9 de Paris\"\n\t\t\t\tclass=\"ngg-simplelightbox\" rel=\"a664091412807fa0077bd701f263bd1e\" data-image-id=\"14773\" data-src=\"https:\/\/wernerdeck.de\/blog\/wp-content\/gallery\/saint-tropez-2\/reise-lyon-cote-d-azur-teil-5-saint-tropez-39.jpg\" data-thumbnail=\"https:\/\/wernerdeck.de\/blog\/wp-content\/gallery\/saint-tropez-2\/thumbs\/thumbs_reise-lyon-cote-d-azur-teil-5-saint-tropez-39.jpg\" data-title=\"C\u00f4te d\u2019Azur Reise Port Grimaud \u2013 Saint-Tropez. Promenade Caf\u00e9 de Paris\" data-description=\"Caf\u00e9 de Paris\" >\n\t\t\t\t\t\t\t\t<img title=\"C\u00f4te d\u2019Azur Reise Port Grimaud \u2013 Saint-Tropez. Promenade Caf\u00e9 de Paris\" alt=\"C\u00f4te d\u2019Azur Reise Port Grimaud \u2013 Saint-Tropez. Promenade Caf\u00e9 de Paris\" src=\"https:\/\/wernerdeck.de\/blog\/wp-content\/gallery\/saint-tropez-2\/thumbs\/thumbs_reise-lyon-cote-d-azur-teil-5-saint-tropez-39.jpg\" width='240' height='160' \/>\n\t\t\t\t\t\t\t<\/a>\n\t\t\t<span>\n\t\t\tCaf\u00e9 de Paris\t\t\t<\/span>\n\t\t<\/div>\n\t<\/div>\n\t\t\t\t\t\t\t\t\n\t<div id=\"ngg-image-14771\" class=\"ngg-gallery-thumbnail-box\" style=\"width:25%;\" >\n\t\t<div class=\"ngg-gallery-thumbnail\" >\n\t\t\t<a href=\"https:\/\/wernerdeck.de\/blog\/wp-content\/gallery\/saint-tropez-2\/reise-lyon-cote-d-azur-teil-5-saint-tropez-40.jpg\"\n\t\t\t\ttitle=\"Statue du Bailli de Suffren\"\n\t\t\t\tclass=\"ngg-simplelightbox\" rel=\"a664091412807fa0077bd701f263bd1e\" data-image-id=\"14771\" data-src=\"https:\/\/wernerdeck.de\/blog\/wp-content\/gallery\/saint-tropez-2\/reise-lyon-cote-d-azur-teil-5-saint-tropez-40.jpg\" data-thumbnail=\"https:\/\/wernerdeck.de\/blog\/wp-content\/gallery\/saint-tropez-2\/thumbs\/thumbs_reise-lyon-cote-d-azur-teil-5-saint-tropez-40.jpg\" data-title=\"C\u00f4te d\u2019Azur Reise Port Grimaud \u2013 Saint-Tropez. Statue du Bailli de Suffren\" data-description=\"Statue du Bailli de Suffren\" >\n\t\t\t\t\t\t\t\t<img title=\"C\u00f4te d\u2019Azur Reise Port Grimaud \u2013 Saint-Tropez. Statue du Bailli de Suffren\" alt=\"C\u00f4te d\u2019Azur Reise Port Grimaud \u2013 Saint-Tropez. Statue du Bailli de Suffren\" src=\"https:\/\/wernerdeck.de\/blog\/wp-content\/gallery\/saint-tropez-2\/thumbs\/thumbs_reise-lyon-cote-d-azur-teil-5-saint-tropez-40.jpg\" width='240' height='160' \/>\n\t\t\t\t\t\t\t<\/a>\n\t\t\t<span>\n\t\t\tStatue du Bailli de Suffren\t\t\t<\/span>\n\t\t<\/div>\n\t<\/div>\n\t\t\t\t\t\t\t\t\n\t<div id=\"ngg-image-14775\" class=\"ngg-gallery-thumbnail-box\" style=\"width:25%;\" >\n\t\t<div class=\"ngg-gallery-thumbnail\" >\n\t\t\t<a href=\"https:\/\/wernerdeck.de\/blog\/wp-content\/gallery\/saint-tropez-2\/reise-lyon-cote-d-azur-teil-5-saint-tropez-42.jpg\"\n\t\t\t\ttitle=\"Restaurant S\u00e9n\u00e9quier\"\n\t\t\t\tclass=\"ngg-simplelightbox\" rel=\"a664091412807fa0077bd701f263bd1e\" data-image-id=\"14775\" data-src=\"https:\/\/wernerdeck.de\/blog\/wp-content\/gallery\/saint-tropez-2\/reise-lyon-cote-d-azur-teil-5-saint-tropez-42.jpg\" data-thumbnail=\"https:\/\/wernerdeck.de\/blog\/wp-content\/gallery\/saint-tropez-2\/thumbs\/thumbs_reise-lyon-cote-d-azur-teil-5-saint-tropez-42.jpg\" data-title=\"C\u00f4te d\u2019Azur Reise Port Grimaud \u2013 Saint-Tropez. Promenade S\u00e9n\u00e9quier\" data-description=\"Restaurant S\u00e9n\u00e9quier\" >\n\t\t\t\t\t\t\t\t<img title=\"C\u00f4te d\u2019Azur Reise Port Grimaud \u2013 Saint-Tropez. Promenade S\u00e9n\u00e9quier\" alt=\"C\u00f4te d\u2019Azur Reise Port Grimaud \u2013 Saint-Tropez. Promenade S\u00e9n\u00e9quier\" src=\"https:\/\/wernerdeck.de\/blog\/wp-content\/gallery\/saint-tropez-2\/thumbs\/thumbs_reise-lyon-cote-d-azur-teil-5-saint-tropez-42.jpg\" width='240' height='160' \/>\n\t\t\t\t\t\t\t<\/a>\n\t\t\t<span>\n\t\t\tRestaurant S\u00e9n\u00e9quier\t\t\t<\/span>\n\t\t<\/div>\n\t<\/div>\n\t\t\t\t\t\t\t\t\n\t<div id=\"ngg-image-14776\" class=\"ngg-gallery-thumbnail-box\" style=\"width:25%;\" >\n\t\t<div class=\"ngg-gallery-thumbnail\" >\n\t\t\t<a href=\"https:\/\/wernerdeck.de\/blog\/wp-content\/gallery\/saint-tropez-2\/reise-lyon-cote-d-azur-teil-5-saint-tropez-45.jpg\"\n\t\t\t\ttitle=\"Blick auf Chapelle de la Mis\u00e9ricorde\"\n\t\t\t\tclass=\"ngg-simplelightbox\" rel=\"a664091412807fa0077bd701f263bd1e\" data-image-id=\"14776\" data-src=\"https:\/\/wernerdeck.de\/blog\/wp-content\/gallery\/saint-tropez-2\/reise-lyon-cote-d-azur-teil-5-saint-tropez-45.jpg\" data-thumbnail=\"https:\/\/wernerdeck.de\/blog\/wp-content\/gallery\/saint-tropez-2\/thumbs\/thumbs_reise-lyon-cote-d-azur-teil-5-saint-tropez-45.jpg\" data-title=\"C\u00f4te d\u2019Azur Reise Port Grimaud \u2013 Saint-Tropez. Chapelle de la Mis\u00e9ricorde\" data-description=\"Blick auf Chapelle de la Mis\u00e9ricorde\" >\n\t\t\t\t\t\t\t\t<img title=\"C\u00f4te d\u2019Azur Reise Port Grimaud \u2013 Saint-Tropez. Chapelle de la Mis\u00e9ricorde\" alt=\"C\u00f4te d\u2019Azur Reise Port Grimaud \u2013 Saint-Tropez. Chapelle de la Mis\u00e9ricorde\" src=\"https:\/\/wernerdeck.de\/blog\/wp-content\/gallery\/saint-tropez-2\/thumbs\/thumbs_reise-lyon-cote-d-azur-teil-5-saint-tropez-45.jpg\" width='240' height='160' \/>\n\t\t\t\t\t\t\t<\/a>\n\t\t\t<span>\n\t\t\tBlick auf Chapelle de la Mis\u00e9ricorde\t\t\t<\/span>\n\t\t<\/div>\n\t<\/div>\n\t\t\t\t\t\t\t<br style=\"clear: both\" \/>\n\t\t\t\n\t<div id=\"ngg-image-14774\" class=\"ngg-gallery-thumbnail-box\" style=\"width:25%;\" >\n\t\t<div class=\"ngg-gallery-thumbnail\" >\n\t\t\t<a href=\"https:\/\/wernerdeck.de\/blog\/wp-content\/gallery\/saint-tropez-2\/reise-lyon-cote-d-azur-teil-5-saint-tropez-48.jpg\"\n\t\t\t\ttitle=\"Unser Schiff kommt\"\n\t\t\t\tclass=\"ngg-simplelightbox\" rel=\"a664091412807fa0077bd701f263bd1e\" data-image-id=\"14774\" data-src=\"https:\/\/wernerdeck.de\/blog\/wp-content\/gallery\/saint-tropez-2\/reise-lyon-cote-d-azur-teil-5-saint-tropez-48.jpg\" data-thumbnail=\"https:\/\/wernerdeck.de\/blog\/wp-content\/gallery\/saint-tropez-2\/thumbs\/thumbs_reise-lyon-cote-d-azur-teil-5-saint-tropez-48.jpg\" data-title=\"C\u00f4te d\u2019Azur Reise Port Grimaud \u2013 Saint-Tropez. Ausflugsschiff\" data-description=\"Unser Schiff kommt\" >\n\t\t\t\t\t\t\t\t<img title=\"C\u00f4te d\u2019Azur Reise Port Grimaud \u2013 Saint-Tropez. Ausflugsschiff\" alt=\"C\u00f4te d\u2019Azur Reise Port Grimaud \u2013 Saint-Tropez. Ausflugsschiff\" src=\"https:\/\/wernerdeck.de\/blog\/wp-content\/gallery\/saint-tropez-2\/thumbs\/thumbs_reise-lyon-cote-d-azur-teil-5-saint-tropez-48.jpg\" width='240' height='160' \/>\n\t\t\t\t\t\t\t<\/a>\n\t\t\t<span>\n\t\t\tUnser Schiff kommt\t\t\t<\/span>\n\t\t<\/div>\n\t<\/div>\n\t\t\t\t\t\t\t\t\n\t<div id=\"ngg-image-14772\" class=\"ngg-gallery-thumbnail-box\" style=\"width:25%;\" >\n\t\t<div class=\"ngg-gallery-thumbnail\" >\n\t\t\t<a href=\"https:\/\/wernerdeck.de\/blog\/wp-content\/gallery\/saint-tropez-2\/reise-lyon-cote-d-azur-teil-5-saint-tropez-51.jpg\"\n\t\t\t\ttitle=\"Tsch\u00fcss Saint-Tropez\"\n\t\t\t\tclass=\"ngg-simplelightbox\" rel=\"a664091412807fa0077bd701f263bd1e\" data-image-id=\"14772\" data-src=\"https:\/\/wernerdeck.de\/blog\/wp-content\/gallery\/saint-tropez-2\/reise-lyon-cote-d-azur-teil-5-saint-tropez-51.jpg\" data-thumbnail=\"https:\/\/wernerdeck.de\/blog\/wp-content\/gallery\/saint-tropez-2\/thumbs\/thumbs_reise-lyon-cote-d-azur-teil-5-saint-tropez-51.jpg\" data-title=\"C\u00f4te d\u2019Azur Reise Port Grimaud \u2013 Saint-Tropez. Tsch\u00fcss Saint-Tropez\" data-description=\"Tsch\u00fcss Saint-Tropez\" >\n\t\t\t\t\t\t\t\t<img title=\"C\u00f4te d\u2019Azur Reise Port Grimaud \u2013 Saint-Tropez. Tsch\u00fcss Saint-Tropez\" alt=\"C\u00f4te d\u2019Azur Reise Port Grimaud \u2013 Saint-Tropez. Tsch\u00fcss Saint-Tropez\" src=\"https:\/\/wernerdeck.de\/blog\/wp-content\/gallery\/saint-tropez-2\/thumbs\/thumbs_reise-lyon-cote-d-azur-teil-5-saint-tropez-51.jpg\" width='240' height='160' \/>\n\t\t\t\t\t\t\t<\/a>\n\t\t\t<span>\n\t\t\tTsch\u00fcss Saint-Tropez\t\t\t<\/span>\n\t\t<\/div>\n\t<\/div>\n\t\t\t\t\t\t\t\t\n\t<div id=\"ngg-image-14777\" class=\"ngg-gallery-thumbnail-box\" style=\"width:25%;\" >\n\t\t<div class=\"ngg-gallery-thumbnail\" >\n\t\t\t<a href=\"https:\/\/wernerdeck.de\/blog\/wp-content\/gallery\/saint-tropez-2\/reise-lyon-cote-d-azur-teil-5-saint-tropez-54.jpg\"\n\t\t\t\ttitle=\"Zur\u00fcck nach Port Grimaud\"\n\t\t\t\tclass=\"ngg-simplelightbox\" rel=\"a664091412807fa0077bd701f263bd1e\" data-image-id=\"14777\" data-src=\"https:\/\/wernerdeck.de\/blog\/wp-content\/gallery\/saint-tropez-2\/reise-lyon-cote-d-azur-teil-5-saint-tropez-54.jpg\" data-thumbnail=\"https:\/\/wernerdeck.de\/blog\/wp-content\/gallery\/saint-tropez-2\/thumbs\/thumbs_reise-lyon-cote-d-azur-teil-5-saint-tropez-54.jpg\" data-title=\"C\u00f4te d\u2019Azur Reise Port Grimaud \u2013 Saint-Tropez. Volle Fahrt zur\u00fcck nach Port Grimaud\" data-description=\"Zur\u00fcck nach Port Grimaud\" >\n\t\t\t\t\t\t\t\t<img title=\"C\u00f4te d\u2019Azur Reise Port Grimaud \u2013 Saint-Tropez. Volle Fahrt zur\u00fcck nach Port Grimaud\" alt=\"C\u00f4te d\u2019Azur Reise Port Grimaud \u2013 Saint-Tropez. Volle Fahrt zur\u00fcck nach Port Grimaud\" src=\"https:\/\/wernerdeck.de\/blog\/wp-content\/gallery\/saint-tropez-2\/thumbs\/thumbs_reise-lyon-cote-d-azur-teil-5-saint-tropez-54.jpg\" width='240' height='160' \/>\n\t\t\t\t\t\t\t<\/a>\n\t\t\t<span>\n\t\t\tZur\u00fcck nach Port Grimaud\t\t\t<\/span>\n\t\t<\/div>\n\t<\/div>\n\t\t\t\t\t\t\t\t\n\t<div id=\"ngg-image-14778\" class=\"ngg-gallery-thumbnail-box\" style=\"width:25%;\" >\n\t\t<div class=\"ngg-gallery-thumbnail\" >\n\t\t\t<a href=\"https:\/\/wernerdeck.de\/blog\/wp-content\/gallery\/saint-tropez-2\/reise-lyon-cote-d-azur-teil-5-saint-tropez-57.jpg\"\n\t\t\t\ttitle=\"Frische Brise\"\n\t\t\t\tclass=\"ngg-simplelightbox\" rel=\"a664091412807fa0077bd701f263bd1e\" data-image-id=\"14778\" data-src=\"https:\/\/wernerdeck.de\/blog\/wp-content\/gallery\/saint-tropez-2\/reise-lyon-cote-d-azur-teil-5-saint-tropez-57.jpg\" data-thumbnail=\"https:\/\/wernerdeck.de\/blog\/wp-content\/gallery\/saint-tropez-2\/thumbs\/thumbs_reise-lyon-cote-d-azur-teil-5-saint-tropez-57.jpg\" data-title=\"C\u00f4te d\u2019Azur Reise Port Grimaud \u2013 Saint-Tropez. Auf dem Schiff ist es windig\" data-description=\"Frische Brise\" >\n\t\t\t\t\t\t\t\t<img title=\"C\u00f4te d\u2019Azur Reise Port Grimaud \u2013 Saint-Tropez. Auf dem Schiff ist es windig\" alt=\"C\u00f4te d\u2019Azur Reise Port Grimaud \u2013 Saint-Tropez. Auf dem Schiff ist es windig\" src=\"https:\/\/wernerdeck.de\/blog\/wp-content\/gallery\/saint-tropez-2\/thumbs\/thumbs_reise-lyon-cote-d-azur-teil-5-saint-tropez-57.jpg\" width='240' height='160' \/>\n\t\t\t\t\t\t\t<\/a>\n\t\t\t<span>\n\t\t\tFrische Brise\t\t\t<\/span>\n\t\t<\/div>\n\t<\/div>\n\t\t\t\t\t\t\t<br style=\"clear: both\" \/>\n\t\t\t\n\t<!-- Pagination -->\n\t\t<div class='ngg-clear'><\/div>\t\n<\/div>\n\n\t\n<p data-start=\"2886\" data-end=\"3297\">Kurz vor 20 Uhr kamen wir wieder in Grasse an und beschlossen, im Restaurant <a href=\"https:\/\/auberge-les-aromes.fr-provencehotel.com\/de\/\" target=\"_blank\" rel=\"noopener\">\u201eAuberge les Ar\u00f4mes\u201c<\/a> zu Abend zu essen. Das Essen sieht auf den Fotos deutlich besser aus, als es tats\u00e4chlich schmeckte \u2013 aber das geh\u00f6rt manchmal einfach dazu. Gegen 21 Uhr waren wir wieder im Hotel \u2013 erf\u00fcllt von den Eindr\u00fccken eines abwechslungsreichen Tages.<\/p>\n\n<div class=\"ngg-galleryoverview ngg-template-caption\" id=\"ngg-gallery-8c81b27b6b42bf412b312129eca69594-30732\">\n\n\t\t\n\t<!-- Thumbnails -->\n\t\t\t\t\t\n\t<div id=\"ngg-image-14780\" class=\"ngg-gallery-thumbnail-box\" style=\"width:25%;\" >\n\t\t<div class=\"ngg-gallery-thumbnail\" >\n\t\t\t<a href=\"https:\/\/wernerdeck.de\/blog\/wp-content\/gallery\/grasse-zurueck\/reise-lyon-cote-d-azur-teil-5-zurueck-in-grasse-01.jpg\"\n\t\t\t\ttitle=\"Auberge les Ar\u00f4mes\"\n\t\t\t\tclass=\"ngg-simplelightbox\" rel=\"8c81b27b6b42bf412b312129eca69594\" data-image-id=\"14780\" data-src=\"https:\/\/wernerdeck.de\/blog\/wp-content\/gallery\/grasse-zurueck\/reise-lyon-cote-d-azur-teil-5-zurueck-in-grasse-01.jpg\" data-thumbnail=\"https:\/\/wernerdeck.de\/blog\/wp-content\/gallery\/grasse-zurueck\/thumbs\/thumbs_reise-lyon-cote-d-azur-teil-5-zurueck-in-grasse-01.jpg\" data-title=\"C\u00f4te d\u2019Azur Reise Port Grimaud \u2013 Saint-Tropez. Zur\u00fcck in Grasse. Restaurant Auberge les Ar\u00f4mes\" data-description=\"Auberge les Ar\u00f4mes\" >\n\t\t\t\t\t\t\t\t<img title=\"C\u00f4te d\u2019Azur Reise Port Grimaud \u2013 Saint-Tropez. Zur\u00fcck in Grasse. Restaurant Auberge les Ar\u00f4mes\" alt=\"C\u00f4te d\u2019Azur Reise Port Grimaud \u2013 Saint-Tropez. Zur\u00fcck in Grasse. Restaurant Auberge les Ar\u00f4mes\" src=\"https:\/\/wernerdeck.de\/blog\/wp-content\/gallery\/grasse-zurueck\/thumbs\/thumbs_reise-lyon-cote-d-azur-teil-5-zurueck-in-grasse-01.jpg\" width='240' height='160' \/>\n\t\t\t\t\t\t\t<\/a>\n\t\t\t<span>\n\t\t\tAuberge les Ar\u00f4mes\t\t\t<\/span>\n\t\t<\/div>\n\t<\/div>\n\t\t\t\t\t\t\t\t\n\t<div id=\"ngg-image-14782\" class=\"ngg-gallery-thumbnail-box\" style=\"width:25%;\" >\n\t\t<div class=\"ngg-gallery-thumbnail\" >\n\t\t\t<a href=\"https:\/\/wernerdeck.de\/blog\/wp-content\/gallery\/grasse-zurueck\/reise-lyon-cote-d-azur-teil-5-zurueck-in-grasse-03.jpg\"\n\t\t\t\ttitle=\"Nicht so lecker\"\n\t\t\t\tclass=\"ngg-simplelightbox\" rel=\"8c81b27b6b42bf412b312129eca69594\" data-image-id=\"14782\" data-src=\"https:\/\/wernerdeck.de\/blog\/wp-content\/gallery\/grasse-zurueck\/reise-lyon-cote-d-azur-teil-5-zurueck-in-grasse-03.jpg\" data-thumbnail=\"https:\/\/wernerdeck.de\/blog\/wp-content\/gallery\/grasse-zurueck\/thumbs\/thumbs_reise-lyon-cote-d-azur-teil-5-zurueck-in-grasse-03.jpg\" data-title=\"C\u00f4te d\u2019Azur Reise Port Grimaud \u2013 Saint-Tropez. Zur\u00fcck in Grasse. Restaurant Auberge les Ar\u00f4mes. Nicht lecker\" data-description=\"Nicht so lecker\" >\n\t\t\t\t\t\t\t\t<img title=\"C\u00f4te d\u2019Azur Reise Port Grimaud \u2013 Saint-Tropez. Zur\u00fcck in Grasse. Restaurant Auberge les Ar\u00f4mes. Nicht lecker\" alt=\"C\u00f4te d\u2019Azur Reise Port Grimaud \u2013 Saint-Tropez. Zur\u00fcck in Grasse. Restaurant Auberge les Ar\u00f4mes. Nicht lecker\" src=\"https:\/\/wernerdeck.de\/blog\/wp-content\/gallery\/grasse-zurueck\/thumbs\/thumbs_reise-lyon-cote-d-azur-teil-5-zurueck-in-grasse-03.jpg\" width='240' height='160' \/>\n\t\t\t\t\t\t\t<\/a>\n\t\t\t<span>\n\t\t\tNicht so lecker\t\t\t<\/span>\n\t\t<\/div>\n\t<\/div>\n\t\t\t\t\t\t\t\t\n\t<div id=\"ngg-image-14781\" class=\"ngg-gallery-thumbnail-box\" style=\"width:25%;\" >\n\t\t<div class=\"ngg-gallery-thumbnail\" >\n\t\t\t<a href=\"https:\/\/wernerdeck.de\/blog\/wp-content\/gallery\/grasse-zurueck\/reise-lyon-cote-d-azur-teil-5-zurueck-in-grasse-06.jpg\"\n\t\t\t\ttitle=\"Nicht so lecker\"\n\t\t\t\tclass=\"ngg-simplelightbox\" rel=\"8c81b27b6b42bf412b312129eca69594\" data-image-id=\"14781\" data-src=\"https:\/\/wernerdeck.de\/blog\/wp-content\/gallery\/grasse-zurueck\/reise-lyon-cote-d-azur-teil-5-zurueck-in-grasse-06.jpg\" data-thumbnail=\"https:\/\/wernerdeck.de\/blog\/wp-content\/gallery\/grasse-zurueck\/thumbs\/thumbs_reise-lyon-cote-d-azur-teil-5-zurueck-in-grasse-06.jpg\" data-title=\"C\u00f4te d\u2019Azur Reise Port Grimaud \u2013 Saint-Tropez. Zur\u00fcck in Grasse. Restaurant Auberge les Ar\u00f4mes. Nicht lecker\" data-description=\"Nicht so lecker\" >\n\t\t\t\t\t\t\t\t<img title=\"C\u00f4te d\u2019Azur Reise Port Grimaud \u2013 Saint-Tropez. Zur\u00fcck in Grasse. Restaurant Auberge les Ar\u00f4mes. Nicht lecker\" alt=\"C\u00f4te d\u2019Azur Reise Port Grimaud \u2013 Saint-Tropez. Zur\u00fcck in Grasse. Restaurant Auberge les Ar\u00f4mes. Nicht lecker\" src=\"https:\/\/wernerdeck.de\/blog\/wp-content\/gallery\/grasse-zurueck\/thumbs\/thumbs_reise-lyon-cote-d-azur-teil-5-zurueck-in-grasse-06.jpg\" width='240' height='160' \/>\n\t\t\t\t\t\t\t<\/a>\n\t\t\t<span>\n\t\t\tNicht so lecker\t\t\t<\/span>\n\t\t<\/div>\n\t<\/div>\n\t\t\t\t\t\t\t\t\n\t<div id=\"ngg-image-14779\" class=\"ngg-gallery-thumbnail-box\" style=\"width:25%;\" >\n\t\t<div class=\"ngg-gallery-thumbnail\" >\n\t\t\t<a href=\"https:\/\/wernerdeck.de\/blog\/wp-content\/gallery\/grasse-zurueck\/reise-lyon-cote-d-azur-teil-5-zurueck-in-grasse-12.jpg\"\n\t\t\t\ttitle=\"Zur\u00fcck im Hotel\"\n\t\t\t\tclass=\"ngg-simplelightbox\" rel=\"8c81b27b6b42bf412b312129eca69594\" data-image-id=\"14779\" data-src=\"https:\/\/wernerdeck.de\/blog\/wp-content\/gallery\/grasse-zurueck\/reise-lyon-cote-d-azur-teil-5-zurueck-in-grasse-12.jpg\" data-thumbnail=\"https:\/\/wernerdeck.de\/blog\/wp-content\/gallery\/grasse-zurueck\/thumbs\/thumbs_reise-lyon-cote-d-azur-teil-5-zurueck-in-grasse-12.jpg\" data-title=\"C\u00f4te d\u2019Azur Reise Port Grimaud \u2013 Saint-Tropez. Zur\u00fcck in Grasse. im Hotel\" data-description=\"Zur\u00fcck im Hotel\" >\n\t\t\t\t\t\t\t\t<img title=\"C\u00f4te d\u2019Azur Reise Port Grimaud \u2013 Saint-Tropez. Zur\u00fcck in Grasse. im Hotel\" alt=\"C\u00f4te d\u2019Azur Reise Port Grimaud \u2013 Saint-Tropez. Zur\u00fcck in Grasse. im Hotel\" src=\"https:\/\/wernerdeck.de\/blog\/wp-content\/gallery\/grasse-zurueck\/thumbs\/thumbs_reise-lyon-cote-d-azur-teil-5-zurueck-in-grasse-12.jpg\" width='240' height='160' \/>\n\t\t\t\t\t\t\t<\/a>\n\t\t\t<span>\n\t\t\tZur\u00fcck im Hotel\t\t\t<\/span>\n\t\t<\/div>\n\t<\/div>\n\t\t\t\t\t\t\t<br style=\"clear: both\" \/>\n\t\t\t\n\t<!-- Pagination -->\n\t\t<div class='ngg-clear'><\/div>\t\n<\/div>\n\n\t\n<p data-start=\"2886\" data-end=\"3297\">Morgen steht nun Grasse selbst auf unserem Entdeckungsprogramm.<\/p>\n<hr>\n<p data-start=\"2886\" data-end=\"3297\"><a href=\"https:\/\/wernerdeck.de\/blog\/2025\/10\/15\/cote-dazur-reise-grasse-entdecken-duefte-altstadt-und-rote-regenschirme\/\" target=\"_blank\" rel=\"noopener\"><strong>Samstag, 30. August 2025.<\/strong> Reise Lyon \u2013 C\u00f4te d\u2019Azur, Teil 6: Grasse entdecken<\/a><\/p>\n","protected":false},"excerpt":{"rendered":"<p>Donnerstag, 28. August. Reise Lyon \u2013 C\u00f4te d\u2019Azur, Teil 4: Besuch von Cannes Freitag. 29. August 2025. C\u00f4te d\u2019Azur Reise Port Grimaud \u2013 Saint-Tropez. Der heutige Morgen begr\u00fc\u00dfte uns mit vielversprechendem Sonnenschein. Nach einem gem\u00fctlichen Fr\u00fchst\u00fcck machten wir uns auf den Weg nach Port Grimaud, einem charmanten K\u00fcstenort im Herzen der C\u00f4te d\u2019Azur. Die Fahrt &#8230; <a title=\"Reise Lyon \u2013 C\u00f4te d\u2019Azur, Teil 5: Besuch Port Grimaud \u2013 Saint-Tropez\" class=\"read-more\" href=\"https:\/\/wernerdeck.de\/blog\/2025\/10\/14\/cote-dazur-reise-port-grimaud-saint-tropez-reise-lyon-cote-dazur-teil-5\/\" aria-label=\"Mehr Informationen \u00fcber Reise Lyon \u2013 C\u00f4te d\u2019Azur, Teil 5: Besuch Port Grimaud \u2013 Saint-Tropez\">Weiterlesen<\/a><\/p>\n","protected":false},"author":1,"featured_media":30740,"comment_status":"open","ping_status":"open","sticky":false,"template":"","format":"standard","meta":{"ngg_post_thumbnail":0,"footnotes":""},"categories":[208],"tags":[956,1254,945,1252,1193,803,985,1253],"class_list":["post-30732","post","type-post","status-publish","format-standard","has-post-thumbnail","hentry","category-reisebericht","tag-cote-dazur","tag-esterel-gebirge","tag-frankreichreise","tag-port-grimaud","tag-reise-lyon-cote-dazur","tag-reiseblog","tag-reiseerlebnis","tag-saint-tropez"],"yoast_head":"<!-- This site is optimized with the Yoast SEO plugin v27.4 - https:\/\/yoast.com\/product\/yoast-seo-wordpress\/ -->\n<title>Reise Lyon \u2013 C\u00f4te d\u2019Azur, Teil 5: Besuch Port Grimaud \u2013 Saint-Tropez - Privater Blog von Werner Deck<\/title>\n<meta name=\"description\" content=\"C\u00f4te d\u2019Azur Reise Port Grimaud \u2013 Saint-Tropez. Malerische Wasserwege, Luxus am Hafen, charmante Altstadt. Ein Tag voller Eindr\u00fccke.\" \/>\n<meta name=\"robots\" content=\"index, follow, max-snippet:-1, max-image-preview:large, max-video-preview:-1\" \/>\n<link rel=\"canonical\" href=\"https:\/\/wernerdeck.de\/blog\/2025\/10\/14\/cote-dazur-reise-port-grimaud-saint-tropez-reise-lyon-cote-dazur-teil-5\/\" \/>\n<meta property=\"og:locale\" content=\"de_DE\" \/>\n<meta property=\"og:type\" content=\"article\" \/>\n<meta property=\"og:title\" content=\"Reise Lyon \u2013 C\u00f4te d\u2019Azur, Teil 5: Besuch Port Grimaud \u2013 Saint-Tropez - Privater Blog von Werner Deck\" \/>\n<meta property=\"og:description\" content=\"C\u00f4te d\u2019Azur Reise Port Grimaud \u2013 Saint-Tropez. Malerische Wasserwege, Luxus am Hafen, charmante Altstadt. Ein Tag voller Eindr\u00fccke.\" \/>\n<meta property=\"og:url\" content=\"https:\/\/wernerdeck.de\/blog\/2025\/10\/14\/cote-dazur-reise-port-grimaud-saint-tropez-reise-lyon-cote-dazur-teil-5\/\" \/>\n<meta property=\"og:site_name\" content=\"Privater Blog von Werner Deck\" \/>\n<meta property=\"article:publisher\" content=\"https:\/\/www.facebook.com\/werner.deck\/\" \/>\n<meta property=\"article:author\" content=\"https:\/\/www.facebook.com\/werner.deck\/\" \/>\n<meta property=\"article:published_time\" content=\"2025-10-14T08:05:05+00:00\" \/>\n<meta property=\"article:modified_time\" content=\"2025-10-15T17:57:52+00:00\" \/>\n<meta property=\"og:image\" content=\"https:\/\/wernerdeck.de\/blog\/wp-content\/uploads\/2025\/10\/reise-lyon-cote-d-azur-teil-5-port-grimaud-03.jpg\" \/>\n\t<meta property=\"og:image:width\" content=\"1200\" \/>\n\t<meta property=\"og:image:height\" content=\"558\" \/>\n\t<meta property=\"og:image:type\" content=\"image\/jpeg\" \/>\n<meta name=\"author\" content=\"Werner Deck\" \/>\n<meta name=\"twitter:card\" content=\"summary_large_image\" \/>\n<meta name=\"twitter:label1\" content=\"Verfasst von\" \/>\n\t<meta name=\"twitter:data1\" content=\"Werner Deck\" \/>\n\t<meta name=\"twitter:label2\" content=\"Gesch\u00e4tzte Lesezeit\" \/>\n\t<meta name=\"twitter:data2\" content=\"5\u00a0Minuten\" \/>\n<script type=\"application\/ld+json\" class=\"yoast-schema-graph\">{\"@context\":\"https:\\\/\\\/schema.org\",\"@graph\":[{\"@type\":\"Article\",\"@id\":\"https:\\\/\\\/wernerdeck.de\\\/blog\\\/2025\\\/10\\\/14\\\/cote-dazur-reise-port-grimaud-saint-tropez-reise-lyon-cote-dazur-teil-5\\\/#article\",\"isPartOf\":{\"@id\":\"https:\\\/\\\/wernerdeck.de\\\/blog\\\/2025\\\/10\\\/14\\\/cote-dazur-reise-port-grimaud-saint-tropez-reise-lyon-cote-dazur-teil-5\\\/\"},\"author\":{\"name\":\"Werner Deck\",\"@id\":\"https:\\\/\\\/wernerdeck.de\\\/blog\\\/#\\\/schema\\\/person\\\/7af62de1f11b0a09297eeb81281e523c\"},\"headline\":\"Reise Lyon \u2013 C\u00f4te d\u2019Azur, Teil 5: Besuch Port Grimaud \u2013 Saint-Tropez\",\"datePublished\":\"2025-10-14T08:05:05+00:00\",\"dateModified\":\"2025-10-15T17:57:52+00:00\",\"mainEntityOfPage\":{\"@id\":\"https:\\\/\\\/wernerdeck.de\\\/blog\\\/2025\\\/10\\\/14\\\/cote-dazur-reise-port-grimaud-saint-tropez-reise-lyon-cote-dazur-teil-5\\\/\"},\"wordCount\":793,\"commentCount\":0,\"publisher\":{\"@id\":\"https:\\\/\\\/wernerdeck.de\\\/blog\\\/#\\\/schema\\\/person\\\/7af62de1f11b0a09297eeb81281e523c\"},\"image\":{\"@id\":\"https:\\\/\\\/wernerdeck.de\\\/blog\\\/2025\\\/10\\\/14\\\/cote-dazur-reise-port-grimaud-saint-tropez-reise-lyon-cote-dazur-teil-5\\\/#primaryimage\"},\"thumbnailUrl\":\"https:\\\/\\\/wernerdeck.de\\\/blog\\\/wp-content\\\/uploads\\\/2025\\\/10\\\/reise-lyon-cote-d-azur-teil-5-port-grimaud-03.jpg\",\"keywords\":[\"C\u00f4te d\u2019Azur\",\"Esterel-Gebirge\",\"Frankreichreise\",\"Port Grimaud\",\"Reise Lyon \u2013 C\u00f4te d\u2019Azur\",\"Reiseblog\",\"Reiseerlebnis\",\"Saint-Tropez\"],\"articleSection\":[\"Reisebericht\"],\"inLanguage\":\"de\",\"potentialAction\":[{\"@type\":\"CommentAction\",\"name\":\"Comment\",\"target\":[\"https:\\\/\\\/wernerdeck.de\\\/blog\\\/2025\\\/10\\\/14\\\/cote-dazur-reise-port-grimaud-saint-tropez-reise-lyon-cote-dazur-teil-5\\\/#respond\"]}]},{\"@type\":\"WebPage\",\"@id\":\"https:\\\/\\\/wernerdeck.de\\\/blog\\\/2025\\\/10\\\/14\\\/cote-dazur-reise-port-grimaud-saint-tropez-reise-lyon-cote-dazur-teil-5\\\/\",\"url\":\"https:\\\/\\\/wernerdeck.de\\\/blog\\\/2025\\\/10\\\/14\\\/cote-dazur-reise-port-grimaud-saint-tropez-reise-lyon-cote-dazur-teil-5\\\/\",\"name\":\"Reise Lyon \u2013 C\u00f4te d\u2019Azur, Teil 5: Besuch Port Grimaud \u2013 Saint-Tropez - Privater Blog von Werner Deck\",\"isPartOf\":{\"@id\":\"https:\\\/\\\/wernerdeck.de\\\/blog\\\/#website\"},\"primaryImageOfPage\":{\"@id\":\"https:\\\/\\\/wernerdeck.de\\\/blog\\\/2025\\\/10\\\/14\\\/cote-dazur-reise-port-grimaud-saint-tropez-reise-lyon-cote-dazur-teil-5\\\/#primaryimage\"},\"image\":{\"@id\":\"https:\\\/\\\/wernerdeck.de\\\/blog\\\/2025\\\/10\\\/14\\\/cote-dazur-reise-port-grimaud-saint-tropez-reise-lyon-cote-dazur-teil-5\\\/#primaryimage\"},\"thumbnailUrl\":\"https:\\\/\\\/wernerdeck.de\\\/blog\\\/wp-content\\\/uploads\\\/2025\\\/10\\\/reise-lyon-cote-d-azur-teil-5-port-grimaud-03.jpg\",\"datePublished\":\"2025-10-14T08:05:05+00:00\",\"dateModified\":\"2025-10-15T17:57:52+00:00\",\"description\":\"C\u00f4te d\u2019Azur Reise Port Grimaud \u2013 Saint-Tropez. Malerische Wasserwege, Luxus am Hafen, charmante Altstadt. Ein Tag voller Eindr\u00fccke.\",\"breadcrumb\":{\"@id\":\"https:\\\/\\\/wernerdeck.de\\\/blog\\\/2025\\\/10\\\/14\\\/cote-dazur-reise-port-grimaud-saint-tropez-reise-lyon-cote-dazur-teil-5\\\/#breadcrumb\"},\"inLanguage\":\"de\",\"potentialAction\":[{\"@type\":\"ReadAction\",\"target\":[\"https:\\\/\\\/wernerdeck.de\\\/blog\\\/2025\\\/10\\\/14\\\/cote-dazur-reise-port-grimaud-saint-tropez-reise-lyon-cote-dazur-teil-5\\\/\"]}]},{\"@type\":\"ImageObject\",\"inLanguage\":\"de\",\"@id\":\"https:\\\/\\\/wernerdeck.de\\\/blog\\\/2025\\\/10\\\/14\\\/cote-dazur-reise-port-grimaud-saint-tropez-reise-lyon-cote-dazur-teil-5\\\/#primaryimage\",\"url\":\"https:\\\/\\\/wernerdeck.de\\\/blog\\\/wp-content\\\/uploads\\\/2025\\\/10\\\/reise-lyon-cote-d-azur-teil-5-port-grimaud-03.jpg\",\"contentUrl\":\"https:\\\/\\\/wernerdeck.de\\\/blog\\\/wp-content\\\/uploads\\\/2025\\\/10\\\/reise-lyon-cote-d-azur-teil-5-port-grimaud-03.jpg\",\"width\":1200,\"height\":558,\"caption\":\"Reise Lyon \u2013 C\u00f4te d\u2019Azur, Teil 5: Besuch Port Grimaud \u2013 Saint-Tropez\"},{\"@type\":\"BreadcrumbList\",\"@id\":\"https:\\\/\\\/wernerdeck.de\\\/blog\\\/2025\\\/10\\\/14\\\/cote-dazur-reise-port-grimaud-saint-tropez-reise-lyon-cote-dazur-teil-5\\\/#breadcrumb\",\"itemListElement\":[{\"@type\":\"ListItem\",\"position\":1,\"name\":\"Startseite\",\"item\":\"https:\\\/\\\/wernerdeck.de\\\/blog\\\/\"},{\"@type\":\"ListItem\",\"position\":2,\"name\":\"Reise Lyon \u2013 C\u00f4te d\u2019Azur, Teil 5: Besuch Port Grimaud \u2013 Saint-Tropez\"}]},{\"@type\":\"WebSite\",\"@id\":\"https:\\\/\\\/wernerdeck.de\\\/blog\\\/#website\",\"url\":\"https:\\\/\\\/wernerdeck.de\\\/blog\\\/\",\"name\":\"Blog von Werner Deck\",\"description\":\"\",\"publisher\":{\"@id\":\"https:\\\/\\\/wernerdeck.de\\\/blog\\\/#\\\/schema\\\/person\\\/7af62de1f11b0a09297eeb81281e523c\"},\"potentialAction\":[{\"@type\":\"SearchAction\",\"target\":{\"@type\":\"EntryPoint\",\"urlTemplate\":\"https:\\\/\\\/wernerdeck.de\\\/blog\\\/?s={search_term_string}\"},\"query-input\":{\"@type\":\"PropertyValueSpecification\",\"valueRequired\":true,\"valueName\":\"search_term_string\"}}],\"inLanguage\":\"de\"},{\"@type\":[\"Person\",\"Organization\"],\"@id\":\"https:\\\/\\\/wernerdeck.de\\\/blog\\\/#\\\/schema\\\/person\\\/7af62de1f11b0a09297eeb81281e523c\",\"name\":\"Werner Deck\",\"image\":{\"@type\":\"ImageObject\",\"inLanguage\":\"de\",\"@id\":\"https:\\\/\\\/wernerdeck.de\\\/blog\\\/wp-content\\\/uploads\\\/2022\\\/05\\\/Werner-Deck-995x1024.jpg\",\"url\":\"https:\\\/\\\/wernerdeck.de\\\/blog\\\/wp-content\\\/uploads\\\/2022\\\/05\\\/Werner-Deck-995x1024.jpg\",\"contentUrl\":\"https:\\\/\\\/wernerdeck.de\\\/blog\\\/wp-content\\\/uploads\\\/2022\\\/05\\\/Werner-Deck-995x1024.jpg\",\"width\":995,\"height\":1024,\"caption\":\"Werner Deck\"},\"logo\":{\"@id\":\"https:\\\/\\\/wernerdeck.de\\\/blog\\\/wp-content\\\/uploads\\\/2022\\\/05\\\/Werner-Deck-995x1024.jpg\"},\"sameAs\":[\"https:\\\/\\\/wernerdeck.de\\\/blog\",\"https:\\\/\\\/www.facebook.com\\\/werner.deck\\\/\",\"https:\\\/\\\/www.instagram.com\\\/opti_maler_deck\\\/\",\"https:\\\/\\\/www.youtube.com\\\/c\\\/WernerDeck\"],\"url\":\"https:\\\/\\\/wernerdeck.de\\\/blog\\\/author\\\/wernerdeck-de\\\/\"}]}<\/script>\n<!-- \/ Yoast SEO plugin. -->","yoast_head_json":{"title":"Reise Lyon \u2013 C\u00f4te d\u2019Azur, Teil 5: Besuch Port Grimaud \u2013 Saint-Tropez - Privater Blog von Werner Deck","description":"C\u00f4te d\u2019Azur Reise Port Grimaud \u2013 Saint-Tropez. Malerische Wasserwege, Luxus am Hafen, charmante Altstadt. Ein Tag voller Eindr\u00fccke.","robots":{"index":"index","follow":"follow","max-snippet":"max-snippet:-1","max-image-preview":"max-image-preview:large","max-video-preview":"max-video-preview:-1"},"canonical":"https:\/\/wernerdeck.de\/blog\/2025\/10\/14\/cote-dazur-reise-port-grimaud-saint-tropez-reise-lyon-cote-dazur-teil-5\/","og_locale":"de_DE","og_type":"article","og_title":"Reise Lyon \u2013 C\u00f4te d\u2019Azur, Teil 5: Besuch Port Grimaud \u2013 Saint-Tropez - Privater Blog von Werner Deck","og_description":"C\u00f4te d\u2019Azur Reise Port Grimaud \u2013 Saint-Tropez. Malerische Wasserwege, Luxus am Hafen, charmante Altstadt. Ein Tag voller Eindr\u00fccke.","og_url":"https:\/\/wernerdeck.de\/blog\/2025\/10\/14\/cote-dazur-reise-port-grimaud-saint-tropez-reise-lyon-cote-dazur-teil-5\/","og_site_name":"Privater Blog von Werner Deck","article_publisher":"https:\/\/www.facebook.com\/werner.deck\/","article_author":"https:\/\/www.facebook.com\/werner.deck\/","article_published_time":"2025-10-14T08:05:05+00:00","article_modified_time":"2025-10-15T17:57:52+00:00","og_image":[{"width":1200,"height":558,"url":"https:\/\/wernerdeck.de\/blog\/wp-content\/uploads\/2025\/10\/reise-lyon-cote-d-azur-teil-5-port-grimaud-03.jpg","type":"image\/jpeg"}],"author":"Werner Deck","twitter_card":"summary_large_image","twitter_misc":{"Verfasst von":"Werner Deck","Gesch\u00e4tzte Lesezeit":"5\u00a0Minuten"},"schema":{"@context":"https:\/\/schema.org","@graph":[{"@type":"Article","@id":"https:\/\/wernerdeck.de\/blog\/2025\/10\/14\/cote-dazur-reise-port-grimaud-saint-tropez-reise-lyon-cote-dazur-teil-5\/#article","isPartOf":{"@id":"https:\/\/wernerdeck.de\/blog\/2025\/10\/14\/cote-dazur-reise-port-grimaud-saint-tropez-reise-lyon-cote-dazur-teil-5\/"},"author":{"name":"Werner Deck","@id":"https:\/\/wernerdeck.de\/blog\/#\/schema\/person\/7af62de1f11b0a09297eeb81281e523c"},"headline":"Reise Lyon \u2013 C\u00f4te d\u2019Azur, Teil 5: Besuch Port Grimaud \u2013 Saint-Tropez","datePublished":"2025-10-14T08:05:05+00:00","dateModified":"2025-10-15T17:57:52+00:00","mainEntityOfPage":{"@id":"https:\/\/wernerdeck.de\/blog\/2025\/10\/14\/cote-dazur-reise-port-grimaud-saint-tropez-reise-lyon-cote-dazur-teil-5\/"},"wordCount":793,"commentCount":0,"publisher":{"@id":"https:\/\/wernerdeck.de\/blog\/#\/schema\/person\/7af62de1f11b0a09297eeb81281e523c"},"image":{"@id":"https:\/\/wernerdeck.de\/blog\/2025\/10\/14\/cote-dazur-reise-port-grimaud-saint-tropez-reise-lyon-cote-dazur-teil-5\/#primaryimage"},"thumbnailUrl":"https:\/\/wernerdeck.de\/blog\/wp-content\/uploads\/2025\/10\/reise-lyon-cote-d-azur-teil-5-port-grimaud-03.jpg","keywords":["C\u00f4te d\u2019Azur","Esterel-Gebirge","Frankreichreise","Port Grimaud","Reise Lyon \u2013 C\u00f4te d\u2019Azur","Reiseblog","Reiseerlebnis","Saint-Tropez"],"articleSection":["Reisebericht"],"inLanguage":"de","potentialAction":[{"@type":"CommentAction","name":"Comment","target":["https:\/\/wernerdeck.de\/blog\/2025\/10\/14\/cote-dazur-reise-port-grimaud-saint-tropez-reise-lyon-cote-dazur-teil-5\/#respond"]}]},{"@type":"WebPage","@id":"https:\/\/wernerdeck.de\/blog\/2025\/10\/14\/cote-dazur-reise-port-grimaud-saint-tropez-reise-lyon-cote-dazur-teil-5\/","url":"https:\/\/wernerdeck.de\/blog\/2025\/10\/14\/cote-dazur-reise-port-grimaud-saint-tropez-reise-lyon-cote-dazur-teil-5\/","name":"Reise Lyon \u2013 C\u00f4te d\u2019Azur, Teil 5: Besuch Port Grimaud \u2013 Saint-Tropez - Privater Blog von Werner Deck","isPartOf":{"@id":"https:\/\/wernerdeck.de\/blog\/#website"},"primaryImageOfPage":{"@id":"https:\/\/wernerdeck.de\/blog\/2025\/10\/14\/cote-dazur-reise-port-grimaud-saint-tropez-reise-lyon-cote-dazur-teil-5\/#primaryimage"},"image":{"@id":"https:\/\/wernerdeck.de\/blog\/2025\/10\/14\/cote-dazur-reise-port-grimaud-saint-tropez-reise-lyon-cote-dazur-teil-5\/#primaryimage"},"thumbnailUrl":"https:\/\/wernerdeck.de\/blog\/wp-content\/uploads\/2025\/10\/reise-lyon-cote-d-azur-teil-5-port-grimaud-03.jpg","datePublished":"2025-10-14T08:05:05+00:00","dateModified":"2025-10-15T17:57:52+00:00","description":"C\u00f4te d\u2019Azur Reise Port Grimaud \u2013 Saint-Tropez. Malerische Wasserwege, Luxus am Hafen, charmante Altstadt. Ein Tag voller Eindr\u00fccke.","breadcrumb":{"@id":"https:\/\/wernerdeck.de\/blog\/2025\/10\/14\/cote-dazur-reise-port-grimaud-saint-tropez-reise-lyon-cote-dazur-teil-5\/#breadcrumb"},"inLanguage":"de","potentialAction":[{"@type":"ReadAction","target":["https:\/\/wernerdeck.de\/blog\/2025\/10\/14\/cote-dazur-reise-port-grimaud-saint-tropez-reise-lyon-cote-dazur-teil-5\/"]}]},{"@type":"ImageObject","inLanguage":"de","@id":"https:\/\/wernerdeck.de\/blog\/2025\/10\/14\/cote-dazur-reise-port-grimaud-saint-tropez-reise-lyon-cote-dazur-teil-5\/#primaryimage","url":"https:\/\/wernerdeck.de\/blog\/wp-content\/uploads\/2025\/10\/reise-lyon-cote-d-azur-teil-5-port-grimaud-03.jpg","contentUrl":"https:\/\/wernerdeck.de\/blog\/wp-content\/uploads\/2025\/10\/reise-lyon-cote-d-azur-teil-5-port-grimaud-03.jpg","width":1200,"height":558,"caption":"Reise Lyon \u2013 C\u00f4te d\u2019Azur, Teil 5: Besuch Port Grimaud \u2013 Saint-Tropez"},{"@type":"BreadcrumbList","@id":"https:\/\/wernerdeck.de\/blog\/2025\/10\/14\/cote-dazur-reise-port-grimaud-saint-tropez-reise-lyon-cote-dazur-teil-5\/#breadcrumb","itemListElement":[{"@type":"ListItem","position":1,"name":"Startseite","item":"https:\/\/wernerdeck.de\/blog\/"},{"@type":"ListItem","position":2,"name":"Reise Lyon \u2013 C\u00f4te d\u2019Azur, Teil 5: Besuch Port Grimaud \u2013 Saint-Tropez"}]},{"@type":"WebSite","@id":"https:\/\/wernerdeck.de\/blog\/#website","url":"https:\/\/wernerdeck.de\/blog\/","name":"Blog von Werner Deck","description":"","publisher":{"@id":"https:\/\/wernerdeck.de\/blog\/#\/schema\/person\/7af62de1f11b0a09297eeb81281e523c"},"potentialAction":[{"@type":"SearchAction","target":{"@type":"EntryPoint","urlTemplate":"https:\/\/wernerdeck.de\/blog\/?s={search_term_string}"},"query-input":{"@type":"PropertyValueSpecification","valueRequired":true,"valueName":"search_term_string"}}],"inLanguage":"de"},{"@type":["Person","Organization"],"@id":"https:\/\/wernerdeck.de\/blog\/#\/schema\/person\/7af62de1f11b0a09297eeb81281e523c","name":"Werner Deck","image":{"@type":"ImageObject","inLanguage":"de","@id":"https:\/\/wernerdeck.de\/blog\/wp-content\/uploads\/2022\/05\/Werner-Deck-995x1024.jpg","url":"https:\/\/wernerdeck.de\/blog\/wp-content\/uploads\/2022\/05\/Werner-Deck-995x1024.jpg","contentUrl":"https:\/\/wernerdeck.de\/blog\/wp-content\/uploads\/2022\/05\/Werner-Deck-995x1024.jpg","width":995,"height":1024,"caption":"Werner Deck"},"logo":{"@id":"https:\/\/wernerdeck.de\/blog\/wp-content\/uploads\/2022\/05\/Werner-Deck-995x1024.jpg"},"sameAs":["https:\/\/wernerdeck.de\/blog","https:\/\/www.facebook.com\/werner.deck\/","https:\/\/www.instagram.com\/opti_maler_deck\/","https:\/\/www.youtube.com\/c\/WernerDeck"],"url":"https:\/\/wernerdeck.de\/blog\/author\/wernerdeck-de\/"}]}},"_links":{"self":[{"href":"https:\/\/wernerdeck.de\/blog\/wp-json\/wp\/v2\/posts\/30732","targetHints":{"allow":["GET"]}}],"collection":[{"href":"https:\/\/wernerdeck.de\/blog\/wp-json\/wp\/v2\/posts"}],"about":[{"href":"https:\/\/wernerdeck.de\/blog\/wp-json\/wp\/v2\/types\/post"}],"author":[{"embeddable":true,"href":"https:\/\/wernerdeck.de\/blog\/wp-json\/wp\/v2\/users\/1"}],"replies":[{"embeddable":true,"href":"https:\/\/wernerdeck.de\/blog\/wp-json\/wp\/v2\/comments?post=30732"}],"version-history":[{"count":0,"href":"https:\/\/wernerdeck.de\/blog\/wp-json\/wp\/v2\/posts\/30732\/revisions"}],"wp:featuredmedia":[{"embeddable":true,"href":"https:\/\/wernerdeck.de\/blog\/wp-json\/wp\/v2\/media\/30740"}],"wp:attachment":[{"href":"https:\/\/wernerdeck.de\/blog\/wp-json\/wp\/v2\/media?parent=30732"}],"wp:term":[{"taxonomy":"category","embeddable":true,"href":"https:\/\/wernerdeck.de\/blog\/wp-json\/wp\/v2\/categories?post=30732"},{"taxonomy":"post_tag","embeddable":true,"href":"https:\/\/wernerdeck.de\/blog\/wp-json\/wp\/v2\/tags?post=30732"}],"curies":[{"name":"wp","href":"https:\/\/api.w.org\/{rel}","templated":true}]}}