{"id":30598,"date":"2025-10-01T13:20:09","date_gmt":"2025-10-01T11:20:09","guid":{"rendered":"https:\/\/wernerdeck.de\/blog\/?p=30598"},"modified":"2025-10-14T10:06:31","modified_gmt":"2025-10-14T08:06:31","slug":"reise-lyon-cote-d-azur-teil-4-cannes","status":"publish","type":"post","link":"https:\/\/wernerdeck.de\/blog\/2025\/10\/01\/reise-lyon-cote-d-azur-teil-4-cannes\/","title":{"rendered":"Reise Lyon \u2013 C\u00f4te d\u2019Azur, Teil 4: Besuch von Cannes"},"content":{"rendered":"<p><a href=\"https:\/\/wernerdeck.de\/blog\/2025\/09\/30\/reise-lyon-cote-dazur-teil-3-besuch-von-monaco\/\" target=\"_blank\" rel=\"noopener\"><strong>Mittwoch, 27. August 2025.<\/strong> Reise Lyon \u2013 C\u00f4te d\u2019Azur, Teil 3: Besuch von Monaco<\/a><\/p>\n<hr>\n<p><strong>Donnerstag, 28. August.<\/strong> C\u00f4te d\u2019Azur Reise Cannes.&nbsp;Der Tag begann erneut unter einem grauen Himmel. Wir lie\u00dfen uns deshalb Zeit beim Fr\u00fchst\u00fcck und hofften auf besseres Wetter, bevor wir nach Cannes aufbrachen. Unsere Fahrt begann sp\u00e4ter als geplant, und erst gegen 16 Uhr erreichten wir die Cannes.<\/p>\n\n<div class=\"ngg-galleryoverview ngg-template-caption\" id=\"ngg-gallery-21bacee3045f397e6e61d3d62698fa01-30598\">\n\n\t\t\n\t<!-- Thumbnails -->\n\t\t\t\t\t\n\t<div id=\"ngg-image-14703\" class=\"ngg-gallery-thumbnail-box\" style=\"width:33%;\" >\n\t\t<div class=\"ngg-gallery-thumbnail\" >\n\t\t\t<a href=\"https:\/\/wernerdeck.de\/blog\/wp-content\/gallery\/cannes-1\/reise-lyon-cote-d-azur-teil-4-cannes-03.jpg\"\n\t\t\t\ttitle=\"Unsere Fahrstrecke\"\n\t\t\t\tclass=\"ngg-simplelightbox\" rel=\"21bacee3045f397e6e61d3d62698fa01\" data-image-id=\"14703\" data-src=\"https:\/\/wernerdeck.de\/blog\/wp-content\/gallery\/cannes-1\/reise-lyon-cote-d-azur-teil-4-cannes-03.jpg\" data-thumbnail=\"https:\/\/wernerdeck.de\/blog\/wp-content\/gallery\/cannes-1\/thumbs\/thumbs_reise-lyon-cote-d-azur-teil-4-cannes-03.jpg\" data-title=\"Reise Lyon Cote d\u00b4Azur Cannes. Fahrstrecke von Grasse nach Cannes\" data-description=\"Unsere Fahrstrecke\" >\n\t\t\t\t\t\t\t\t<img title=\"Reise Lyon Cote d\u00b4Azur Cannes. Fahrstrecke von Grasse nach Cannes\" alt=\"Reise Lyon Cote d\u00b4Azur Cannes. Fahrstrecke von Grasse nach Cannes\" src=\"https:\/\/wernerdeck.de\/blog\/wp-content\/gallery\/cannes-1\/thumbs\/thumbs_reise-lyon-cote-d-azur-teil-4-cannes-03.jpg\" width='240' height='160' \/>\n\t\t\t\t\t\t\t<\/a>\n\t\t\t<span>\n\t\t\tUnsere Fahrstrecke\t\t\t<\/span>\n\t\t<\/div>\n\t<\/div>\n\t\t\t\t\t\t\t\t\n\t<div id=\"ngg-image-14704\" class=\"ngg-gallery-thumbnail-box\" style=\"width:33%;\" >\n\t\t<div class=\"ngg-gallery-thumbnail\" >\n\t\t\t<a href=\"https:\/\/wernerdeck.de\/blog\/wp-content\/gallery\/cannes-1\/reise-lyon-cote-d-azur-teil-4-cannes-06.jpg\"\n\t\t\t\ttitle=\"Fr\u00fchst\u00fcck\"\n\t\t\t\tclass=\"ngg-simplelightbox\" rel=\"21bacee3045f397e6e61d3d62698fa01\" data-image-id=\"14704\" data-src=\"https:\/\/wernerdeck.de\/blog\/wp-content\/gallery\/cannes-1\/reise-lyon-cote-d-azur-teil-4-cannes-06.jpg\" data-thumbnail=\"https:\/\/wernerdeck.de\/blog\/wp-content\/gallery\/cannes-1\/thumbs\/thumbs_reise-lyon-cote-d-azur-teil-4-cannes-06.jpg\" data-title=\"Reise Lyon Cote d\u00b4Azur Cannes.  Fr\u00fchst\u00fcck\" data-description=\"Fr\u00fchst\u00fcck\" >\n\t\t\t\t\t\t\t\t<img title=\"Reise Lyon Cote d\u00b4Azur Cannes.  Fr\u00fchst\u00fcck\" alt=\"Reise Lyon Cote d\u00b4Azur Cannes.  Fr\u00fchst\u00fcck\" src=\"https:\/\/wernerdeck.de\/blog\/wp-content\/gallery\/cannes-1\/thumbs\/thumbs_reise-lyon-cote-d-azur-teil-4-cannes-06.jpg\" width='240' height='160' \/>\n\t\t\t\t\t\t\t<\/a>\n\t\t\t<span>\n\t\t\tFr\u00fchst\u00fcck\t\t\t<\/span>\n\t\t<\/div>\n\t<\/div>\n\t\t\t\t\t\t\t\t\n\t<div id=\"ngg-image-14702\" class=\"ngg-gallery-thumbnail-box\" style=\"width:33%;\" >\n\t\t<div class=\"ngg-gallery-thumbnail\" >\n\t\t\t<a href=\"https:\/\/wernerdeck.de\/blog\/wp-content\/gallery\/cannes-1\/reise-lyon-cote-d-azur-teil-4-cannes-09.jpg\"\n\t\t\t\ttitle=\"Beim Fr\u00fchst\u00fcck\"\n\t\t\t\tclass=\"ngg-simplelightbox\" rel=\"21bacee3045f397e6e61d3d62698fa01\" data-image-id=\"14702\" data-src=\"https:\/\/wernerdeck.de\/blog\/wp-content\/gallery\/cannes-1\/reise-lyon-cote-d-azur-teil-4-cannes-09.jpg\" data-thumbnail=\"https:\/\/wernerdeck.de\/blog\/wp-content\/gallery\/cannes-1\/thumbs\/thumbs_reise-lyon-cote-d-azur-teil-4-cannes-09.jpg\" data-title=\"Reise Lyon Cote d\u00b4Azur Cannes.  Fr\u00fchst\u00fcck\" data-description=\"Beim Fr\u00fchst\u00fcck\" >\n\t\t\t\t\t\t\t\t<img title=\"Reise Lyon Cote d\u00b4Azur Cannes.  Fr\u00fchst\u00fcck\" alt=\"Reise Lyon Cote d\u00b4Azur Cannes.  Fr\u00fchst\u00fcck\" src=\"https:\/\/wernerdeck.de\/blog\/wp-content\/gallery\/cannes-1\/thumbs\/thumbs_reise-lyon-cote-d-azur-teil-4-cannes-09.jpg\" width='240' height='160' \/>\n\t\t\t\t\t\t\t<\/a>\n\t\t\t<span>\n\t\t\tBeim Fr\u00fchst\u00fcck\t\t\t<\/span>\n\t\t<\/div>\n\t<\/div>\n\t\t\t\t\t\t\t<br style=\"clear: both\" \/>\n\t\t\t\n\t<!-- Pagination -->\n\t\t<div class='ngg-clear'><\/div>\t\n<\/div>\n\n\t\n<p data-start=\"248\" data-end=\"496\">Cannes war urspr\u00fcnglich ein kleines Fischerdorf, das im Mittelalter durch die Abtei von L\u00e9rins gepr\u00e4gt wurde. Ab dem 19. Jahrhundert entwickelte sich die Stadt dank des britischen Staatsmanns Lord Brougham, der Cannes entdeckte und bekannt machte, zu einem mond\u00e4nen Badeort f\u00fcr den europ\u00e4ischen Adel und die wohlhabende Oberschicht. Im 20. Jahrhundert erlangte Cannes Weltruhm durch das Internationale Filmfestival, das seit 1946 j\u00e4hrlich stattfindet. Heute ist die Stadt Synonym f\u00fcr Glamour, Luxus und kulturelle Begegnungen an der C\u00f4te d\u2019Azur.<\/p>\n<p data-start=\"498\" data-end=\"771\">C\u00f4te d\u2019Azur Reise Cannes. Kaum angekommen, liefen wir vom Parkplatz zur Innenstadt und kamen an der Statue de Lord Brougham vorbei. Der britische Staatsmann und Entdecker von Cannes lebte in der ersten H\u00e4lfte des 19.\u202fJahrhunderts in Cannes und verbrachte hier auch seine letzten Lebensjahre. Er ist in Cannes begraben.<\/p>\n<p data-start=\"773\" data-end=\"1151\">Zun\u00e4chst g\u00f6nnten wir uns jeder einen kleinen Eisbecher in einem der Stra\u00dfencaf\u00e9s. Anschlie\u00dfend schlenderten wir gem\u00fctlich entlang der Croisette und der Promenade. Das Wetter war wechselhaft: manchmal schien die Sonne, meist jedoch blieb es grau. Beim Vorbeigehen am <a href=\"http:\/\/ogy.de\/p86b\" target=\"_blank\" rel=\"noopener\">Carlton Hotel<\/a>, einem der 5-Sterne-Luxushotels, ging Rita einfach hinein und machte eine Aufnahme der pr\u00e4chtigen Eingangshalle. Ein weiterer Blickfang war der Fontaine de la Place du G\u00e9n\u00e9ral de Gaulle, ein zentraler Brunnen nur wenige Schritte von der Croisette entfernt.<\/p>\n\n<div class=\"ngg-galleryoverview ngg-template-caption\" id=\"ngg-gallery-f6c938a65129bb833e8bfd26a47d2e3a-30598\">\n\n\t\t\n\t<!-- Thumbnails -->\n\t\t\t\t\t\n\t<div id=\"ngg-image-14705\" class=\"ngg-gallery-thumbnail-box\" style=\"width:25%;\" >\n\t\t<div class=\"ngg-gallery-thumbnail\" >\n\t\t\t<a href=\"https:\/\/wernerdeck.de\/blog\/wp-content\/gallery\/cannes-2\/reise-lyon-cote-d-azur-teil-4-cannes-03.jpg\"\n\t\t\t\ttitle=\"Denkmal Lord Brougham\"\n\t\t\t\tclass=\"ngg-simplelightbox\" rel=\"f6c938a65129bb833e8bfd26a47d2e3a\" data-image-id=\"14705\" data-src=\"https:\/\/wernerdeck.de\/blog\/wp-content\/gallery\/cannes-2\/reise-lyon-cote-d-azur-teil-4-cannes-03.jpg\" data-thumbnail=\"https:\/\/wernerdeck.de\/blog\/wp-content\/gallery\/cannes-2\/thumbs\/thumbs_reise-lyon-cote-d-azur-teil-4-cannes-03.jpg\" data-title=\"Reise Lyon Cote d\u00b4Azur Cannes.  Denkmal Lord Brougham\" data-description=\"Denkmal Lord Brougham\" >\n\t\t\t\t\t\t\t\t<img title=\"Reise Lyon Cote d\u00b4Azur Cannes.  Denkmal Lord Brougham\" alt=\"Reise Lyon Cote d\u00b4Azur Cannes.  Denkmal Lord Brougham\" src=\"https:\/\/wernerdeck.de\/blog\/wp-content\/gallery\/cannes-2\/thumbs\/thumbs_reise-lyon-cote-d-azur-teil-4-cannes-03.jpg\" width='240' height='160' \/>\n\t\t\t\t\t\t\t<\/a>\n\t\t\t<span>\n\t\t\tDenkmal Lord Brougham\t\t\t<\/span>\n\t\t<\/div>\n\t<\/div>\n\t\t\t\t\t\t\t\t\n\t<div id=\"ngg-image-14706\" class=\"ngg-gallery-thumbnail-box\" style=\"width:25%;\" >\n\t\t<div class=\"ngg-gallery-thumbnail\" >\n\t\t\t<a href=\"https:\/\/wernerdeck.de\/blog\/wp-content\/gallery\/cannes-2\/reise-lyon-cote-d-azur-teil-4-cannes-06.jpg\"\n\t\t\t\ttitle=\"Eis essen im Stra\u00dfencaf\u00e9\"\n\t\t\t\tclass=\"ngg-simplelightbox\" rel=\"f6c938a65129bb833e8bfd26a47d2e3a\" data-image-id=\"14706\" data-src=\"https:\/\/wernerdeck.de\/blog\/wp-content\/gallery\/cannes-2\/reise-lyon-cote-d-azur-teil-4-cannes-06.jpg\" data-thumbnail=\"https:\/\/wernerdeck.de\/blog\/wp-content\/gallery\/cannes-2\/thumbs\/thumbs_reise-lyon-cote-d-azur-teil-4-cannes-06.jpg\" data-title=\"Reise Lyon Cote d\u00b4Azur Cannes.  Eis essen im Sta\u00dfencafe\" data-description=\"Eis essen im Stra\u00dfencaf\u00e9\" >\n\t\t\t\t\t\t\t\t<img title=\"Reise Lyon Cote d\u00b4Azur Cannes.  Eis essen im Sta\u00dfencafe\" alt=\"Reise Lyon Cote d\u00b4Azur Cannes.  Eis essen im Sta\u00dfencafe\" src=\"https:\/\/wernerdeck.de\/blog\/wp-content\/gallery\/cannes-2\/thumbs\/thumbs_reise-lyon-cote-d-azur-teil-4-cannes-06.jpg\" width='240' height='160' \/>\n\t\t\t\t\t\t\t<\/a>\n\t\t\t<span>\n\t\t\tEis essen im Stra\u00dfencaf\u00e9\t\t\t<\/span>\n\t\t<\/div>\n\t<\/div>\n\t\t\t\t\t\t\t\t\n\t<div id=\"ngg-image-14710\" class=\"ngg-gallery-thumbnail-box\" style=\"width:25%;\" >\n\t\t<div class=\"ngg-gallery-thumbnail\" >\n\t\t\t<a href=\"https:\/\/wernerdeck.de\/blog\/wp-content\/gallery\/cannes-2\/reise-lyon-cote-d-azur-teil-4-cannes-09.jpg\"\n\t\t\t\ttitle=\"Durch die Stra\u00dfen schlendern\"\n\t\t\t\tclass=\"ngg-simplelightbox\" rel=\"f6c938a65129bb833e8bfd26a47d2e3a\" data-image-id=\"14710\" data-src=\"https:\/\/wernerdeck.de\/blog\/wp-content\/gallery\/cannes-2\/reise-lyon-cote-d-azur-teil-4-cannes-09.jpg\" data-thumbnail=\"https:\/\/wernerdeck.de\/blog\/wp-content\/gallery\/cannes-2\/thumbs\/thumbs_reise-lyon-cote-d-azur-teil-4-cannes-09.jpg\" data-title=\"Reise Lyon Cote d\u00b4Azur Cannes.  Durch die Stra\u00dfen schlendern\" data-description=\"Durch die Stra\u00dfen schlendern\" >\n\t\t\t\t\t\t\t\t<img title=\"Reise Lyon Cote d\u00b4Azur Cannes.  Durch die Stra\u00dfen schlendern\" alt=\"Reise Lyon Cote d\u00b4Azur Cannes.  Durch die Stra\u00dfen schlendern\" src=\"https:\/\/wernerdeck.de\/blog\/wp-content\/gallery\/cannes-2\/thumbs\/thumbs_reise-lyon-cote-d-azur-teil-4-cannes-09.jpg\" width='240' height='160' \/>\n\t\t\t\t\t\t\t<\/a>\n\t\t\t<span>\n\t\t\tDurch die Stra\u00dfen schlendern\t\t\t<\/span>\n\t\t<\/div>\n\t<\/div>\n\t\t\t\t\t\t\t\t\n\t<div id=\"ngg-image-14707\" class=\"ngg-gallery-thumbnail-box\" style=\"width:25%;\" >\n\t\t<div class=\"ngg-gallery-thumbnail\" >\n\t\t\t<a href=\"https:\/\/wernerdeck.de\/blog\/wp-content\/gallery\/cannes-2\/reise-lyon-cote-d-azur-teil-4-cannes-12.jpg\"\n\t\t\t\ttitle=\"Grauer Himmel an der Promenade\"\n\t\t\t\tclass=\"ngg-simplelightbox\" rel=\"f6c938a65129bb833e8bfd26a47d2e3a\" data-image-id=\"14707\" data-src=\"https:\/\/wernerdeck.de\/blog\/wp-content\/gallery\/cannes-2\/reise-lyon-cote-d-azur-teil-4-cannes-12.jpg\" data-thumbnail=\"https:\/\/wernerdeck.de\/blog\/wp-content\/gallery\/cannes-2\/thumbs\/thumbs_reise-lyon-cote-d-azur-teil-4-cannes-12.jpg\" data-title=\"Reise Lyon Cote d\u00b4Azur Cannes. Grauer Himmel an der Promenade\" data-description=\"Grauer Himmel an der Promenade\" >\n\t\t\t\t\t\t\t\t<img title=\"Reise Lyon Cote d\u00b4Azur Cannes. Grauer Himmel an der Promenade\" alt=\"Reise Lyon Cote d\u00b4Azur Cannes. Grauer Himmel an der Promenade\" src=\"https:\/\/wernerdeck.de\/blog\/wp-content\/gallery\/cannes-2\/thumbs\/thumbs_reise-lyon-cote-d-azur-teil-4-cannes-12.jpg\" width='240' height='160' \/>\n\t\t\t\t\t\t\t<\/a>\n\t\t\t<span>\n\t\t\tGrauer Himmel an der Promenade\t\t\t<\/span>\n\t\t<\/div>\n\t<\/div>\n\t\t\t\t\t\t\t<br style=\"clear: both\" \/>\n\t\t\t\n\t<div id=\"ngg-image-14708\" class=\"ngg-gallery-thumbnail-box\" style=\"width:25%;\" >\n\t\t<div class=\"ngg-gallery-thumbnail\" >\n\t\t\t<a href=\"https:\/\/wernerdeck.de\/blog\/wp-content\/gallery\/cannes-2\/reise-lyon-cote-d-azur-teil-4-cannes-15.jpg\"\n\t\t\t\ttitle=\"Gut besuchter Strand\"\n\t\t\t\tclass=\"ngg-simplelightbox\" rel=\"f6c938a65129bb833e8bfd26a47d2e3a\" data-image-id=\"14708\" data-src=\"https:\/\/wernerdeck.de\/blog\/wp-content\/gallery\/cannes-2\/reise-lyon-cote-d-azur-teil-4-cannes-15.jpg\" data-thumbnail=\"https:\/\/wernerdeck.de\/blog\/wp-content\/gallery\/cannes-2\/thumbs\/thumbs_reise-lyon-cote-d-azur-teil-4-cannes-15.jpg\" data-title=\"Reise Lyon Cote d\u00b4Azur Cannes. Gut besuchter Strand\" data-description=\"Gut besuchter Strand\" >\n\t\t\t\t\t\t\t\t<img title=\"Reise Lyon Cote d\u00b4Azur Cannes. Gut besuchter Strand\" alt=\"Reise Lyon Cote d\u00b4Azur Cannes. Gut besuchter Strand\" src=\"https:\/\/wernerdeck.de\/blog\/wp-content\/gallery\/cannes-2\/thumbs\/thumbs_reise-lyon-cote-d-azur-teil-4-cannes-15.jpg\" width='240' height='160' \/>\n\t\t\t\t\t\t\t<\/a>\n\t\t\t<span>\n\t\t\tGut besuchter Strand\t\t\t<\/span>\n\t\t<\/div>\n\t<\/div>\n\t\t\t\t\t\t\t\t\n\t<div id=\"ngg-image-14709\" class=\"ngg-gallery-thumbnail-box\" style=\"width:25%;\" >\n\t\t<div class=\"ngg-gallery-thumbnail\" >\n\t\t\t<a href=\"https:\/\/wernerdeck.de\/blog\/wp-content\/gallery\/cannes-2\/reise-lyon-cote-d-azur-teil-4-cannes-18.jpg\"\n\t\t\t\ttitle=\"Gut gelaunt an der Promenade\"\n\t\t\t\tclass=\"ngg-simplelightbox\" rel=\"f6c938a65129bb833e8bfd26a47d2e3a\" data-image-id=\"14709\" data-src=\"https:\/\/wernerdeck.de\/blog\/wp-content\/gallery\/cannes-2\/reise-lyon-cote-d-azur-teil-4-cannes-18.jpg\" data-thumbnail=\"https:\/\/wernerdeck.de\/blog\/wp-content\/gallery\/cannes-2\/thumbs\/thumbs_reise-lyon-cote-d-azur-teil-4-cannes-18.jpg\" data-title=\"Reise Lyon Cote d\u00b4Azur Cannes.  Gut gelaunt an der Promenade\" data-description=\"Gut gelaunt an der Promenade\" >\n\t\t\t\t\t\t\t\t<img title=\"Reise Lyon Cote d\u00b4Azur Cannes.  Gut gelaunt an der Promenade\" alt=\"Reise Lyon Cote d\u00b4Azur Cannes.  Gut gelaunt an der Promenade\" src=\"https:\/\/wernerdeck.de\/blog\/wp-content\/gallery\/cannes-2\/thumbs\/thumbs_reise-lyon-cote-d-azur-teil-4-cannes-18.jpg\" width='240' height='160' \/>\n\t\t\t\t\t\t\t<\/a>\n\t\t\t<span>\n\t\t\tGut gelaunt an der Promenade\t\t\t<\/span>\n\t\t<\/div>\n\t<\/div>\n\t\t\t\t\t\t\t\t\n\t<div id=\"ngg-image-14711\" class=\"ngg-gallery-thumbnail-box\" style=\"width:25%;\" >\n\t\t<div class=\"ngg-gallery-thumbnail\" >\n\t\t\t<a href=\"https:\/\/wernerdeck.de\/blog\/wp-content\/gallery\/cannes-2\/reise-lyon-cote-d-azur-teil-4-cannes-21.jpg\"\n\t\t\t\ttitle=\"Grau in grau\"\n\t\t\t\tclass=\"ngg-simplelightbox\" rel=\"f6c938a65129bb833e8bfd26a47d2e3a\" data-image-id=\"14711\" data-src=\"https:\/\/wernerdeck.de\/blog\/wp-content\/gallery\/cannes-2\/reise-lyon-cote-d-azur-teil-4-cannes-21.jpg\" data-thumbnail=\"https:\/\/wernerdeck.de\/blog\/wp-content\/gallery\/cannes-2\/thumbs\/thumbs_reise-lyon-cote-d-azur-teil-4-cannes-21.jpg\" data-title=\"Reise Lyon Cote d\u00b4Azur Cannes.  Grau in grau\" data-description=\"Grau in grau\" >\n\t\t\t\t\t\t\t\t<img title=\"Reise Lyon Cote d\u00b4Azur Cannes.  Grau in grau\" alt=\"Reise Lyon Cote d\u00b4Azur Cannes.  Grau in grau\" src=\"https:\/\/wernerdeck.de\/blog\/wp-content\/gallery\/cannes-2\/thumbs\/thumbs_reise-lyon-cote-d-azur-teil-4-cannes-21.jpg\" width='240' height='160' \/>\n\t\t\t\t\t\t\t<\/a>\n\t\t\t<span>\n\t\t\tGrau in grau\t\t\t<\/span>\n\t\t<\/div>\n\t<\/div>\n\t\t\t\t\t\t\t\t\n\t<div id=\"ngg-image-14713\" class=\"ngg-gallery-thumbnail-box\" style=\"width:25%;\" >\n\t\t<div class=\"ngg-gallery-thumbnail\" >\n\t\t\t<a href=\"https:\/\/wernerdeck.de\/blog\/wp-content\/gallery\/cannes-2\/reise-lyon-cote-d-azur-teil-4-cannes-24.jpg\"\n\t\t\t\ttitle=\"Luxushotel Carlton\"\n\t\t\t\tclass=\"ngg-simplelightbox\" rel=\"f6c938a65129bb833e8bfd26a47d2e3a\" data-image-id=\"14713\" data-src=\"https:\/\/wernerdeck.de\/blog\/wp-content\/gallery\/cannes-2\/reise-lyon-cote-d-azur-teil-4-cannes-24.jpg\" data-thumbnail=\"https:\/\/wernerdeck.de\/blog\/wp-content\/gallery\/cannes-2\/thumbs\/thumbs_reise-lyon-cote-d-azur-teil-4-cannes-24.jpg\" data-title=\"Reise Lyon Cote d\u00b4Azur Cannes.  Luxushotel Carlton\" data-description=\"Luxushotel Carlton\" >\n\t\t\t\t\t\t\t\t<img title=\"Reise Lyon Cote d\u00b4Azur Cannes.  Luxushotel Carlton\" alt=\"Reise Lyon Cote d\u00b4Azur Cannes.  Luxushotel Carlton\" src=\"https:\/\/wernerdeck.de\/blog\/wp-content\/gallery\/cannes-2\/thumbs\/thumbs_reise-lyon-cote-d-azur-teil-4-cannes-24.jpg\" width='240' height='160' \/>\n\t\t\t\t\t\t\t<\/a>\n\t\t\t<span>\n\t\t\tLuxushotel Carlton\t\t\t<\/span>\n\t\t<\/div>\n\t<\/div>\n\t\t\t\t\t\t\t<br style=\"clear: both\" \/>\n\t\t\t\n\t<div id=\"ngg-image-14715\" class=\"ngg-gallery-thumbnail-box\" style=\"width:25%;\" >\n\t\t<div class=\"ngg-gallery-thumbnail\" >\n\t\t\t<a href=\"https:\/\/wernerdeck.de\/blog\/wp-content\/gallery\/cannes-2\/reise-lyon-cote-d-azur-teil-4-cannes-27.jpg\"\n\t\t\t\ttitle=\"Luxushotel Carlton\"\n\t\t\t\tclass=\"ngg-simplelightbox\" rel=\"f6c938a65129bb833e8bfd26a47d2e3a\" data-image-id=\"14715\" data-src=\"https:\/\/wernerdeck.de\/blog\/wp-content\/gallery\/cannes-2\/reise-lyon-cote-d-azur-teil-4-cannes-27.jpg\" data-thumbnail=\"https:\/\/wernerdeck.de\/blog\/wp-content\/gallery\/cannes-2\/thumbs\/thumbs_reise-lyon-cote-d-azur-teil-4-cannes-27.jpg\" data-title=\"Reise Lyon Cote d\u00b4Azur Cannes.  Luxushotel Carlton\" data-description=\"Luxushotel Carlton\" >\n\t\t\t\t\t\t\t\t<img title=\"Reise Lyon Cote d\u00b4Azur Cannes.  Luxushotel Carlton\" alt=\"Reise Lyon Cote d\u00b4Azur Cannes.  Luxushotel Carlton\" src=\"https:\/\/wernerdeck.de\/blog\/wp-content\/gallery\/cannes-2\/thumbs\/thumbs_reise-lyon-cote-d-azur-teil-4-cannes-27.jpg\" width='240' height='160' \/>\n\t\t\t\t\t\t\t<\/a>\n\t\t\t<span>\n\t\t\tLuxushotel Carlton\t\t\t<\/span>\n\t\t<\/div>\n\t<\/div>\n\t\t\t\t\t\t\t\t\n\t<div id=\"ngg-image-14712\" class=\"ngg-gallery-thumbnail-box\" style=\"width:25%;\" >\n\t\t<div class=\"ngg-gallery-thumbnail\" >\n\t\t\t<a href=\"https:\/\/wernerdeck.de\/blog\/wp-content\/gallery\/cannes-2\/reise-lyon-cote-d-azur-teil-4-cannes-30.jpg\"\n\t\t\t\ttitle=\"Empfangshalle Luxushotel Carlton \"\n\t\t\t\tclass=\"ngg-simplelightbox\" rel=\"f6c938a65129bb833e8bfd26a47d2e3a\" data-image-id=\"14712\" data-src=\"https:\/\/wernerdeck.de\/blog\/wp-content\/gallery\/cannes-2\/reise-lyon-cote-d-azur-teil-4-cannes-30.jpg\" data-thumbnail=\"https:\/\/wernerdeck.de\/blog\/wp-content\/gallery\/cannes-2\/thumbs\/thumbs_reise-lyon-cote-d-azur-teil-4-cannes-30.jpg\" data-title=\"Reise Lyon Cote d\u00b4Azur Cannes.  Luxushotel Carlton Empfangshalle\" data-description=\"Empfangshalle Luxushotel Carlton \" >\n\t\t\t\t\t\t\t\t<img title=\"Reise Lyon Cote d\u00b4Azur Cannes.  Luxushotel Carlton Empfangshalle\" alt=\"Reise Lyon Cote d\u00b4Azur Cannes.  Luxushotel Carlton Empfangshalle\" src=\"https:\/\/wernerdeck.de\/blog\/wp-content\/gallery\/cannes-2\/thumbs\/thumbs_reise-lyon-cote-d-azur-teil-4-cannes-30.jpg\" width='240' height='160' \/>\n\t\t\t\t\t\t\t<\/a>\n\t\t\t<span>\n\t\t\tEmpfangshalle Luxushotel Carlton \t\t\t<\/span>\n\t\t<\/div>\n\t<\/div>\n\t\t\t\t\t\t\t\t\n\t<div id=\"ngg-image-14714\" class=\"ngg-gallery-thumbnail-box\" style=\"width:25%;\" >\n\t\t<div class=\"ngg-gallery-thumbnail\" >\n\t\t\t<a href=\"https:\/\/wernerdeck.de\/blog\/wp-content\/gallery\/cannes-2\/reise-lyon-cote-d-azur-teil-4-cannes-33.jpg\"\n\t\t\t\ttitle=\"Fontaine de la Place du G\u00e9n\u00e9ral de Gaulle\"\n\t\t\t\tclass=\"ngg-simplelightbox\" rel=\"f6c938a65129bb833e8bfd26a47d2e3a\" data-image-id=\"14714\" data-src=\"https:\/\/wernerdeck.de\/blog\/wp-content\/gallery\/cannes-2\/reise-lyon-cote-d-azur-teil-4-cannes-33.jpg\" data-thumbnail=\"https:\/\/wernerdeck.de\/blog\/wp-content\/gallery\/cannes-2\/thumbs\/thumbs_reise-lyon-cote-d-azur-teil-4-cannes-33.jpg\" data-title=\"Reise Lyon Cote d\u00b4Azur Cannes.  Fontaine de la Place du G\u00e9n\u00e9ral de Gaulle\" data-description=\"Fontaine de la Place du G\u00e9n\u00e9ral de Gaulle\" >\n\t\t\t\t\t\t\t\t<img title=\"Reise Lyon Cote d\u00b4Azur Cannes.  Fontaine de la Place du G\u00e9n\u00e9ral de Gaulle\" alt=\"Reise Lyon Cote d\u00b4Azur Cannes.  Fontaine de la Place du G\u00e9n\u00e9ral de Gaulle\" src=\"https:\/\/wernerdeck.de\/blog\/wp-content\/gallery\/cannes-2\/thumbs\/thumbs_reise-lyon-cote-d-azur-teil-4-cannes-33.jpg\" width='240' height='160' \/>\n\t\t\t\t\t\t\t<\/a>\n\t\t\t<span>\n\t\t\tFontaine de la Place du G\u00e9n\u00e9ral de Gaulle\t\t\t<\/span>\n\t\t<\/div>\n\t<\/div>\n\t\t\t\t\t\t\t\t\n\t<div id=\"ngg-image-14716\" class=\"ngg-gallery-thumbnail-box\" style=\"width:25%;\" >\n\t\t<div class=\"ngg-gallery-thumbnail\" >\n\t\t\t<a href=\"https:\/\/wernerdeck.de\/blog\/wp-content\/gallery\/cannes-2\/reise-lyon-cote-d-azur-teil-4-cannes-36.jpg\"\n\t\t\t\ttitle=\"Nessus entf\u00fchrt Deianeira\"\n\t\t\t\tclass=\"ngg-simplelightbox\" rel=\"f6c938a65129bb833e8bfd26a47d2e3a\" data-image-id=\"14716\" data-src=\"https:\/\/wernerdeck.de\/blog\/wp-content\/gallery\/cannes-2\/reise-lyon-cote-d-azur-teil-4-cannes-36.jpg\" data-thumbnail=\"https:\/\/wernerdeck.de\/blog\/wp-content\/gallery\/cannes-2\/thumbs\/thumbs_reise-lyon-cote-d-azur-teil-4-cannes-36.jpg\" data-title=\"Reise Lyon Cote d\u00b4Azur Cannes.  Nessus entf\u00fchrt Deianeira\" data-description=\"Nessus entf\u00fchrt Deianeira\" >\n\t\t\t\t\t\t\t\t<img title=\"Reise Lyon Cote d\u00b4Azur Cannes.  Nessus entf\u00fchrt Deianeira\" alt=\"Reise Lyon Cote d\u00b4Azur Cannes.  Nessus entf\u00fchrt Deianeira\" src=\"https:\/\/wernerdeck.de\/blog\/wp-content\/gallery\/cannes-2\/thumbs\/thumbs_reise-lyon-cote-d-azur-teil-4-cannes-36.jpg\" width='240' height='160' \/>\n\t\t\t\t\t\t\t<\/a>\n\t\t\t<span>\n\t\t\tNessus entf\u00fchrt Deianeira\t\t\t<\/span>\n\t\t<\/div>\n\t<\/div>\n\t\t\t\t\t\t\t<br style=\"clear: both\" \/>\n\t\t\t\n\t<!-- Pagination -->\n\t\t<div class='ngg-clear'><\/div>\t\n<\/div>\n\n\t\n<p data-start=\"1304\" data-end=\"1549\">Der H\u00f6hepunkt des Tages war jedoch ein unvergesslicher Moment: Auf dem roten Teppich des <a href=\"https:\/\/de.wikipedia.org\/wiki\/Palais_des_Festivals_et_des_Congr%C3%A8s\" target=\"_blank\" rel=\"noopener\">Festspielhauses von Cannes<\/a> erhielt ich, begleitet von jubelnden internationalen Filmstars, die goldene Palme \u2013 ein echter H\u00f6hepunkt unserer Reise. <span style=\"font-size: 25px;\">\ud83d\ude09<\/span><\/p>\n\n<div class=\"ngg-galleryoverview ngg-template-caption\" id=\"ngg-gallery-cbb5a19a4133376218897c078ded733c-30598\">\n\n\t\t\n\t<!-- Thumbnails -->\n\t\t\t\t\t\n\t<div id=\"ngg-image-14717\" class=\"ngg-gallery-thumbnail-box\" style=\"width:25%;\" >\n\t\t<div class=\"ngg-gallery-thumbnail\" >\n\t\t\t<a href=\"https:\/\/wernerdeck.de\/blog\/wp-content\/gallery\/cannes-3\/reise-lyon-cote-d-azur-teil-4-cannes-goldene-palme-fuer-werner-deck-03.jpg\"\n\t\t\t\ttitle=\"Noch einmal saugen f\u00fcr Werner Deck \ud83d\ude09\"\n\t\t\t\tclass=\"ngg-simplelightbox\" rel=\"cbb5a19a4133376218897c078ded733c\" data-image-id=\"14717\" data-src=\"https:\/\/wernerdeck.de\/blog\/wp-content\/gallery\/cannes-3\/reise-lyon-cote-d-azur-teil-4-cannes-goldene-palme-fuer-werner-deck-03.jpg\" data-thumbnail=\"https:\/\/wernerdeck.de\/blog\/wp-content\/gallery\/cannes-3\/thumbs\/thumbs_reise-lyon-cote-d-azur-teil-4-cannes-goldene-palme-fuer-werner-deck-03.jpg\" data-title=\"Reise Lyon Cote d\u00b4Azur. Teppich vor Festspielhaus wird gesaugt\" data-description=\"Noch einmal saugen f\u00fcr Werner Deck \ud83d\ude09\" >\n\t\t\t\t\t\t\t\t<img title=\"Reise Lyon Cote d\u00b4Azur. Teppich vor Festspielhaus wird gesaugt\" alt=\"Reise Lyon Cote d\u00b4Azur. Teppich vor Festspielhaus wird gesaugt\" src=\"https:\/\/wernerdeck.de\/blog\/wp-content\/gallery\/cannes-3\/thumbs\/thumbs_reise-lyon-cote-d-azur-teil-4-cannes-goldene-palme-fuer-werner-deck-03.jpg\" width='240' height='160' \/>\n\t\t\t\t\t\t\t<\/a>\n\t\t\t<span>\n\t\t\tNoch einmal saugen f\u00fcr Werner Deck \ud83d\ude09\t\t\t<\/span>\n\t\t<\/div>\n\t<\/div>\n\t\t\t\t\t\t\t\t\n\t<div id=\"ngg-image-14719\" class=\"ngg-gallery-thumbnail-box\" style=\"width:25%;\" >\n\t\t<div class=\"ngg-gallery-thumbnail\" >\n\t\t\t<a href=\"https:\/\/wernerdeck.de\/blog\/wp-content\/gallery\/cannes-3\/reise-lyon-cote-d-azur-teil-4-cannes-goldene-palme-fuer-werner-deck-06.jpg\"\n\t\t\t\ttitle=\"Die Fans warten gespannt \ud83d\ude09\"\n\t\t\t\tclass=\"ngg-simplelightbox\" rel=\"cbb5a19a4133376218897c078ded733c\" data-image-id=\"14719\" data-src=\"https:\/\/wernerdeck.de\/blog\/wp-content\/gallery\/cannes-3\/reise-lyon-cote-d-azur-teil-4-cannes-goldene-palme-fuer-werner-deck-06.jpg\" data-thumbnail=\"https:\/\/wernerdeck.de\/blog\/wp-content\/gallery\/cannes-3\/thumbs\/thumbs_reise-lyon-cote-d-azur-teil-4-cannes-goldene-palme-fuer-werner-deck-06.jpg\" data-title=\"Reise Lyon Cote d\u00b4Azur. Menschen warten vor Festspielhaus auf Werner Deck\" data-description=\"Die Fans warten gespannt \ud83d\ude09\" >\n\t\t\t\t\t\t\t\t<img title=\"Reise Lyon Cote d\u00b4Azur. Menschen warten vor Festspielhaus auf Werner Deck\" alt=\"Reise Lyon Cote d\u00b4Azur. Menschen warten vor Festspielhaus auf Werner Deck\" src=\"https:\/\/wernerdeck.de\/blog\/wp-content\/gallery\/cannes-3\/thumbs\/thumbs_reise-lyon-cote-d-azur-teil-4-cannes-goldene-palme-fuer-werner-deck-06.jpg\" width='240' height='160' \/>\n\t\t\t\t\t\t\t<\/a>\n\t\t\t<span>\n\t\t\tDie Fans warten gespannt \ud83d\ude09\t\t\t<\/span>\n\t\t<\/div>\n\t<\/div>\n\t\t\t\t\t\t\t\t\n\t<div id=\"ngg-image-14720\" class=\"ngg-gallery-thumbnail-box\" style=\"width:25%;\" >\n\t\t<div class=\"ngg-gallery-thumbnail\" >\n\t\t\t<a href=\"https:\/\/wernerdeck.de\/blog\/wp-content\/gallery\/cannes-3\/reise-lyon-cote-d-azur-teil-4-cannes-goldene-palme-fuer-werner-deck-09.jpg\"\n\t\t\t\ttitle=\"Auch die internationalen Stars warten \ud83d\ude09\"\n\t\t\t\tclass=\"ngg-simplelightbox\" rel=\"cbb5a19a4133376218897c078ded733c\" data-image-id=\"14720\" data-src=\"https:\/\/wernerdeck.de\/blog\/wp-content\/gallery\/cannes-3\/reise-lyon-cote-d-azur-teil-4-cannes-goldene-palme-fuer-werner-deck-09.jpg\" data-thumbnail=\"https:\/\/wernerdeck.de\/blog\/wp-content\/gallery\/cannes-3\/thumbs\/thumbs_reise-lyon-cote-d-azur-teil-4-cannes-goldene-palme-fuer-werner-deck-09.jpg\" data-title=\"Reise Lyon Cote d\u00b4Azur. Die internationalen Stars stehen bereit und warten auf Werner Deck\" data-description=\"Auch die internationalen Stars warten \ud83d\ude09\" >\n\t\t\t\t\t\t\t\t<img title=\"Reise Lyon Cote d\u00b4Azur. Die internationalen Stars stehen bereit und warten auf Werner Deck\" alt=\"Reise Lyon Cote d\u00b4Azur. Die internationalen Stars stehen bereit und warten auf Werner Deck\" src=\"https:\/\/wernerdeck.de\/blog\/wp-content\/gallery\/cannes-3\/thumbs\/thumbs_reise-lyon-cote-d-azur-teil-4-cannes-goldene-palme-fuer-werner-deck-09.jpg\" width='240' height='160' \/>\n\t\t\t\t\t\t\t<\/a>\n\t\t\t<span>\n\t\t\tAuch die internationalen Stars warten \ud83d\ude09\t\t\t<\/span>\n\t\t<\/div>\n\t<\/div>\n\t\t\t\t\t\t\t\t\n\t<div id=\"ngg-image-14718\" class=\"ngg-gallery-thumbnail-box\" style=\"width:25%;\" >\n\t\t<div class=\"ngg-gallery-thumbnail\" >\n\t\t\t<a href=\"https:\/\/wernerdeck.de\/blog\/wp-content\/gallery\/cannes-3\/reise-lyon-cote-d-azur-teil-4-cannes-goldene-palme-fuer-werner-deck-12.jpg\"\n\t\t\t\ttitle=\"Endlich! Die Goldene Palme, starumjubelt\ud83d\ude09\"\n\t\t\t\tclass=\"ngg-simplelightbox\" rel=\"cbb5a19a4133376218897c078ded733c\" data-image-id=\"14718\" data-src=\"https:\/\/wernerdeck.de\/blog\/wp-content\/gallery\/cannes-3\/reise-lyon-cote-d-azur-teil-4-cannes-goldene-palme-fuer-werner-deck-12.jpg\" data-thumbnail=\"https:\/\/wernerdeck.de\/blog\/wp-content\/gallery\/cannes-3\/thumbs\/thumbs_reise-lyon-cote-d-azur-teil-4-cannes-goldene-palme-fuer-werner-deck-12.jpg\" data-title=\"Reise Lyon Cote d\u00b4Azur. Endlich. Die Goldene Palme f\u00fcr Werner Deck\" data-description=\"Endlich! Die Goldene Palme, starumjubelt\ud83d\ude09\" >\n\t\t\t\t\t\t\t\t<img title=\"Reise Lyon Cote d\u00b4Azur. Endlich. Die Goldene Palme f\u00fcr Werner Deck\" alt=\"Reise Lyon Cote d\u00b4Azur. Endlich. Die Goldene Palme f\u00fcr Werner Deck\" src=\"https:\/\/wernerdeck.de\/blog\/wp-content\/gallery\/cannes-3\/thumbs\/thumbs_reise-lyon-cote-d-azur-teil-4-cannes-goldene-palme-fuer-werner-deck-12.jpg\" width='240' height='160' \/>\n\t\t\t\t\t\t\t<\/a>\n\t\t\t<span>\n\t\t\tEndlich! Die Goldene Palme, starumjubelt\ud83d\ude09\t\t\t<\/span>\n\t\t<\/div>\n\t<\/div>\n\t\t\t\t\t\t\t<br style=\"clear: both\" \/>\n\t\t\t\n\t<!-- Pagination -->\n\t\t<div class='ngg-clear'><\/div>\t\n<\/div>\n\n\t\n<p data-start=\"1551\" data-end=\"1727\">Am Abend kehrten wir ins <a href=\"https:\/\/www.lacalifornie-cannes.com\/\" target=\"_blank\" rel=\"noopener\">Restaurant Le Californie<\/a> ein und genossen eine Kleinigkeit. <span style=\"font-weight: 400;\">&nbsp;\u201eGuacamole maison fait minute homemade\u201c, so stand es auf der Karte. <\/span>Dabei beobachteten wir das lebhafte Treiben der Sch\u00f6nen und Reichen an der Promenade.<\/p>\n<p data-start=\"1729\" data-end=\"2039\">Auf dem R\u00fcckweg zum Parkplatz beeindruckten die abendlich beleuchteten Geb\u00e4ude. Besonders stach der Blick auf die historische Altstadt Le Suquet, oberhalb des Hafens gelegen, hervor. Ebenso sehenswert war das beleuchtete Rathaus von Cannes mit dem Denkmal f\u00fcr die in den Weltkriegen Gefallenen der Stadt.<\/p>\n<p data-start=\"2041\" data-end=\"2191\">Gegen 21 Uhr traten wir den Heimweg nach Grasse an. Von Regen blieben wir verschont, und der Nachmittag in Cannes war ein rundum gelungener Ausflug.<\/p>\n<p>\n<div class=\"ngg-galleryoverview ngg-template-caption\" id=\"ngg-gallery-f2af71173a27cb05627b9fb46d40b6f8-30598\">\n\n\t\t\n\t<!-- Thumbnails -->\n\t\t\t\t\t\n\t<div id=\"ngg-image-14724\" class=\"ngg-gallery-thumbnail-box\" style=\"width:25%;\" >\n\t\t<div class=\"ngg-gallery-thumbnail\" >\n\t\t\t<a href=\"https:\/\/wernerdeck.de\/blog\/wp-content\/gallery\/cannes-4\/reise-lyon-cote-d-azur-teil-4-cannes-am-abend-03.jpg\"\n\t\t\t\ttitle=\"Restaurant le Californie\"\n\t\t\t\tclass=\"ngg-simplelightbox\" rel=\"f2af71173a27cb05627b9fb46d40b6f8\" data-image-id=\"14724\" data-src=\"https:\/\/wernerdeck.de\/blog\/wp-content\/gallery\/cannes-4\/reise-lyon-cote-d-azur-teil-4-cannes-am-abend-03.jpg\" data-thumbnail=\"https:\/\/wernerdeck.de\/blog\/wp-content\/gallery\/cannes-4\/thumbs\/thumbs_reise-lyon-cote-d-azur-teil-4-cannes-am-abend-03.jpg\" data-title=\"Reise Lyon Cote d\u00b4Azur Teil 4  Cannes. Abendessen im Restaurant le Californie\" data-description=\"Restaurant le Californie\" >\n\t\t\t\t\t\t\t\t<img title=\"Reise Lyon Cote d\u00b4Azur Teil 4  Cannes. Abendessen im Restaurant le Californie\" alt=\"Reise Lyon Cote d\u00b4Azur Teil 4  Cannes. Abendessen im Restaurant le Californie\" src=\"https:\/\/wernerdeck.de\/blog\/wp-content\/gallery\/cannes-4\/thumbs\/thumbs_reise-lyon-cote-d-azur-teil-4-cannes-am-abend-03.jpg\" width='240' height='160' \/>\n\t\t\t\t\t\t\t<\/a>\n\t\t\t<span>\n\t\t\tRestaurant le Californie\t\t\t<\/span>\n\t\t<\/div>\n\t<\/div>\n\t\t\t\t\t\t\t\t\n\t<div id=\"ngg-image-14721\" class=\"ngg-gallery-thumbnail-box\" style=\"width:25%;\" >\n\t\t<div class=\"ngg-gallery-thumbnail\" >\n\t\t\t<a href=\"https:\/\/wernerdeck.de\/blog\/wp-content\/gallery\/cannes-4\/reise-lyon-cote-d-azur-teil-4-cannes-am-abend-06.jpg\"\n\t\t\t\ttitle=\"Guacamole maison fait minute homemade\"\n\t\t\t\tclass=\"ngg-simplelightbox\" rel=\"f2af71173a27cb05627b9fb46d40b6f8\" data-image-id=\"14721\" data-src=\"https:\/\/wernerdeck.de\/blog\/wp-content\/gallery\/cannes-4\/reise-lyon-cote-d-azur-teil-4-cannes-am-abend-06.jpg\" data-thumbnail=\"https:\/\/wernerdeck.de\/blog\/wp-content\/gallery\/cannes-4\/thumbs\/thumbs_reise-lyon-cote-d-azur-teil-4-cannes-am-abend-06.jpg\" data-title=\"Reise Lyon Cote d\u00b4Azur Teil 4  Cannes. Guacamole maison fait minute homemade\" data-description=\"Guacamole maison fait minute homemade\" >\n\t\t\t\t\t\t\t\t<img title=\"Reise Lyon Cote d\u00b4Azur Teil 4  Cannes. Guacamole maison fait minute homemade\" alt=\"Reise Lyon Cote d\u00b4Azur Teil 4  Cannes. Guacamole maison fait minute homemade\" src=\"https:\/\/wernerdeck.de\/blog\/wp-content\/gallery\/cannes-4\/thumbs\/thumbs_reise-lyon-cote-d-azur-teil-4-cannes-am-abend-06.jpg\" width='240' height='160' \/>\n\t\t\t\t\t\t\t<\/a>\n\t\t\t<span>\n\t\t\tGuacamole maison fait minute homemade\t\t\t<\/span>\n\t\t<\/div>\n\t<\/div>\n\t\t\t\t\t\t\t\t\n\t<div id=\"ngg-image-14723\" class=\"ngg-gallery-thumbnail-box\" style=\"width:25%;\" >\n\t\t<div class=\"ngg-gallery-thumbnail\" >\n\t\t\t<a href=\"https:\/\/wernerdeck.de\/blog\/wp-content\/gallery\/cannes-4\/reise-lyon-cote-d-azur-teil-4-cannes-am-abend-09.jpg\"\n\t\t\t\ttitle=\"Restaurant le Californie\"\n\t\t\t\tclass=\"ngg-simplelightbox\" rel=\"f2af71173a27cb05627b9fb46d40b6f8\" data-image-id=\"14723\" data-src=\"https:\/\/wernerdeck.de\/blog\/wp-content\/gallery\/cannes-4\/reise-lyon-cote-d-azur-teil-4-cannes-am-abend-09.jpg\" data-thumbnail=\"https:\/\/wernerdeck.de\/blog\/wp-content\/gallery\/cannes-4\/thumbs\/thumbs_reise-lyon-cote-d-azur-teil-4-cannes-am-abend-09.jpg\" data-title=\"Reise Lyon Cote d\u00b4Azur Teil 4  Cannes. Restaurant le Californie\" data-description=\"Restaurant le Californie\" >\n\t\t\t\t\t\t\t\t<img title=\"Reise Lyon Cote d\u00b4Azur Teil 4  Cannes. Restaurant le Californie\" alt=\"Reise Lyon Cote d\u00b4Azur Teil 4  Cannes. Restaurant le Californie\" src=\"https:\/\/wernerdeck.de\/blog\/wp-content\/gallery\/cannes-4\/thumbs\/thumbs_reise-lyon-cote-d-azur-teil-4-cannes-am-abend-09.jpg\" width='240' height='160' \/>\n\t\t\t\t\t\t\t<\/a>\n\t\t\t<span>\n\t\t\tRestaurant le Californie\t\t\t<\/span>\n\t\t<\/div>\n\t<\/div>\n\t\t\t\t\t\t\t\t\n\t<div id=\"ngg-image-14725\" class=\"ngg-gallery-thumbnail-box\" style=\"width:25%;\" >\n\t\t<div class=\"ngg-gallery-thumbnail\" >\n\t\t\t<a href=\"https:\/\/wernerdeck.de\/blog\/wp-content\/gallery\/cannes-4\/reise-lyon-cote-d-azur-teil-4-cannes-am-abend-12.jpg\"\n\t\t\t\ttitle=\"Abendlich beleuchtete Geb\u00e4ude\"\n\t\t\t\tclass=\"ngg-simplelightbox\" rel=\"f2af71173a27cb05627b9fb46d40b6f8\" data-image-id=\"14725\" data-src=\"https:\/\/wernerdeck.de\/blog\/wp-content\/gallery\/cannes-4\/reise-lyon-cote-d-azur-teil-4-cannes-am-abend-12.jpg\" data-thumbnail=\"https:\/\/wernerdeck.de\/blog\/wp-content\/gallery\/cannes-4\/thumbs\/thumbs_reise-lyon-cote-d-azur-teil-4-cannes-am-abend-12.jpg\" data-title=\"Reise Lyon Cote d\u00b4Azur Teil 4  Cannes. Abendlich beleuchtete Geb\u00e4ude\" data-description=\"Abendlich beleuchtete Geb\u00e4ude\" >\n\t\t\t\t\t\t\t\t<img title=\"Reise Lyon Cote d\u00b4Azur Teil 4  Cannes. Abendlich beleuchtete Geb\u00e4ude\" alt=\"Reise Lyon Cote d\u00b4Azur Teil 4  Cannes. Abendlich beleuchtete Geb\u00e4ude\" src=\"https:\/\/wernerdeck.de\/blog\/wp-content\/gallery\/cannes-4\/thumbs\/thumbs_reise-lyon-cote-d-azur-teil-4-cannes-am-abend-12.jpg\" width='240' height='160' \/>\n\t\t\t\t\t\t\t<\/a>\n\t\t\t<span>\n\t\t\tAbendlich beleuchtete Geb\u00e4ude\t\t\t<\/span>\n\t\t<\/div>\n\t<\/div>\n\t\t\t\t\t\t\t<br style=\"clear: both\" \/>\n\t\t\t\n\t<div id=\"ngg-image-14722\" class=\"ngg-gallery-thumbnail-box\" style=\"width:25%;\" >\n\t\t<div class=\"ngg-gallery-thumbnail\" >\n\t\t\t<a href=\"https:\/\/wernerdeck.de\/blog\/wp-content\/gallery\/cannes-4\/reise-lyon-cote-d-azur-teil-4-cannes-am-abend-15.jpg\"\n\t\t\t\ttitle=\"Blick auf die historische Altstadt\"\n\t\t\t\tclass=\"ngg-simplelightbox\" rel=\"f2af71173a27cb05627b9fb46d40b6f8\" data-image-id=\"14722\" data-src=\"https:\/\/wernerdeck.de\/blog\/wp-content\/gallery\/cannes-4\/reise-lyon-cote-d-azur-teil-4-cannes-am-abend-15.jpg\" data-thumbnail=\"https:\/\/wernerdeck.de\/blog\/wp-content\/gallery\/cannes-4\/thumbs\/thumbs_reise-lyon-cote-d-azur-teil-4-cannes-am-abend-15.jpg\" data-title=\"Reise Lyon Cote d\u00b4Azur Teil 4  Cannes. Die historische Altstadt von Cannes , Le Suquet\" data-description=\"Blick auf die historische Altstadt\" >\n\t\t\t\t\t\t\t\t<img title=\"Reise Lyon Cote d\u00b4Azur Teil 4  Cannes. Die historische Altstadt von Cannes , Le Suquet\" alt=\"Reise Lyon Cote d\u00b4Azur Teil 4  Cannes. Die historische Altstadt von Cannes , Le Suquet\" src=\"https:\/\/wernerdeck.de\/blog\/wp-content\/gallery\/cannes-4\/thumbs\/thumbs_reise-lyon-cote-d-azur-teil-4-cannes-am-abend-15.jpg\" width='240' height='160' \/>\n\t\t\t\t\t\t\t<\/a>\n\t\t\t<span>\n\t\t\tBlick auf die historische Altstadt\t\t\t<\/span>\n\t\t<\/div>\n\t<\/div>\n\t\t\t\t\t\t\t\t\n\t<div id=\"ngg-image-14726\" class=\"ngg-gallery-thumbnail-box\" style=\"width:25%;\" >\n\t\t<div class=\"ngg-gallery-thumbnail\" >\n\t\t\t<a href=\"https:\/\/wernerdeck.de\/blog\/wp-content\/gallery\/cannes-4\/reise-lyon-cote-d-azur-teil-4-cannes-am-abend-18.jpg\"\n\t\t\t\ttitle=\"Die historische Altstadt, Le Suquet\"\n\t\t\t\tclass=\"ngg-simplelightbox\" rel=\"f2af71173a27cb05627b9fb46d40b6f8\" data-image-id=\"14726\" data-src=\"https:\/\/wernerdeck.de\/blog\/wp-content\/gallery\/cannes-4\/reise-lyon-cote-d-azur-teil-4-cannes-am-abend-18.jpg\" data-thumbnail=\"https:\/\/wernerdeck.de\/blog\/wp-content\/gallery\/cannes-4\/thumbs\/thumbs_reise-lyon-cote-d-azur-teil-4-cannes-am-abend-18.jpg\" data-title=\"Reise Lyon Cote d\u00b4Azur Teil 4  Cannes. Die historische Altstadt von Cannes , Le Suquet\" data-description=\"Die historische Altstadt, Le Suquet\" >\n\t\t\t\t\t\t\t\t<img title=\"Reise Lyon Cote d\u00b4Azur Teil 4  Cannes. Die historische Altstadt von Cannes , Le Suquet\" alt=\"Reise Lyon Cote d\u00b4Azur Teil 4  Cannes. Die historische Altstadt von Cannes , Le Suquet\" src=\"https:\/\/wernerdeck.de\/blog\/wp-content\/gallery\/cannes-4\/thumbs\/thumbs_reise-lyon-cote-d-azur-teil-4-cannes-am-abend-18.jpg\" width='240' height='160' \/>\n\t\t\t\t\t\t\t<\/a>\n\t\t\t<span>\n\t\t\tDie historische Altstadt, Le Suquet\t\t\t<\/span>\n\t\t<\/div>\n\t<\/div>\n\t\t\t\t\t\t\t\t\n\t<div id=\"ngg-image-14728\" class=\"ngg-gallery-thumbnail-box\" style=\"width:25%;\" >\n\t\t<div class=\"ngg-gallery-thumbnail\" >\n\t\t\t<a href=\"https:\/\/wernerdeck.de\/blog\/wp-content\/gallery\/cannes-4\/reise-lyon-cote-d-azur-teil-4-cannes-am-abend-21.jpg\"\n\t\t\t\ttitle=\"Rathaus mit dem Gefallenendenkmal\"\n\t\t\t\tclass=\"ngg-simplelightbox\" rel=\"f2af71173a27cb05627b9fb46d40b6f8\" data-image-id=\"14728\" data-src=\"https:\/\/wernerdeck.de\/blog\/wp-content\/gallery\/cannes-4\/reise-lyon-cote-d-azur-teil-4-cannes-am-abend-21.jpg\" data-thumbnail=\"https:\/\/wernerdeck.de\/blog\/wp-content\/gallery\/cannes-4\/thumbs\/thumbs_reise-lyon-cote-d-azur-teil-4-cannes-am-abend-21.jpg\" data-title=\"Reise Lyon Cote d\u00b4Azur Teil 4  Cannes. Das Rathaus mit dem Denkmal f\u00fcr die Gefallenen der beiden Weltkriege\" data-description=\"Rathaus mit dem Gefallenendenkmal\" >\n\t\t\t\t\t\t\t\t<img title=\"Reise Lyon Cote d\u00b4Azur Teil 4  Cannes. Das Rathaus mit dem Denkmal f\u00fcr die Gefallenen der beiden Weltkriege\" alt=\"Reise Lyon Cote d\u00b4Azur Teil 4  Cannes. Das Rathaus mit dem Denkmal f\u00fcr die Gefallenen der beiden Weltkriege\" src=\"https:\/\/wernerdeck.de\/blog\/wp-content\/gallery\/cannes-4\/thumbs\/thumbs_reise-lyon-cote-d-azur-teil-4-cannes-am-abend-21.jpg\" width='240' height='160' \/>\n\t\t\t\t\t\t\t<\/a>\n\t\t\t<span>\n\t\t\tRathaus mit dem Gefallenendenkmal\t\t\t<\/span>\n\t\t<\/div>\n\t<\/div>\n\t\t\t\t\t\t\t\t\n\t<div id=\"ngg-image-14727\" class=\"ngg-gallery-thumbnail-box\" style=\"width:25%;\" >\n\t\t<div class=\"ngg-gallery-thumbnail\" >\n\t\t\t<a href=\"https:\/\/wernerdeck.de\/blog\/wp-content\/gallery\/cannes-4\/reise-lyon-cote-d-azur-teil-4-cannes-am-abend-24.jpg\"\n\t\t\t\ttitle=\"Denkmal f\u00fcr die Gefallenen beider Weltkriege\"\n\t\t\t\tclass=\"ngg-simplelightbox\" rel=\"f2af71173a27cb05627b9fb46d40b6f8\" data-image-id=\"14727\" data-src=\"https:\/\/wernerdeck.de\/blog\/wp-content\/gallery\/cannes-4\/reise-lyon-cote-d-azur-teil-4-cannes-am-abend-24.jpg\" data-thumbnail=\"https:\/\/wernerdeck.de\/blog\/wp-content\/gallery\/cannes-4\/thumbs\/thumbs_reise-lyon-cote-d-azur-teil-4-cannes-am-abend-24.jpg\" data-title=\"Reise Lyon Cote d\u00b4Azur Teil 4  Cannes. Denkmal f\u00fcr die Gefallenen der beiden Weltkriege\" data-description=\"Denkmal f\u00fcr die Gefallenen beider Weltkriege\" >\n\t\t\t\t\t\t\t\t<img title=\"Reise Lyon Cote d\u00b4Azur Teil 4  Cannes. Denkmal f\u00fcr die Gefallenen der beiden Weltkriege\" alt=\"Reise Lyon Cote d\u00b4Azur Teil 4  Cannes. Denkmal f\u00fcr die Gefallenen der beiden Weltkriege\" src=\"https:\/\/wernerdeck.de\/blog\/wp-content\/gallery\/cannes-4\/thumbs\/thumbs_reise-lyon-cote-d-azur-teil-4-cannes-am-abend-24.jpg\" width='240' height='160' \/>\n\t\t\t\t\t\t\t<\/a>\n\t\t\t<span>\n\t\t\tDenkmal f\u00fcr die Gefallenen beider Weltkriege\t\t\t<\/span>\n\t\t<\/div>\n\t<\/div>\n\t\t\t\t\t\t\t<br style=\"clear: both\" \/>\n\t\t\t\n\t<!-- Pagination -->\n\t\t<div class='ngg-clear'><\/div>\t\n<\/div>\n\n\tF\u00fcr morgen planen wir den Besuch von Port Grimaud und Saint-Tropez. Das Wetter soll wieder sch\u00f6n werden.<\/p>\n<hr>\n<p><a href=\"https:\/\/wernerdeck.de\/blog\/2025\/10\/14\/cote-dazur-reise-port-grimaud-saint-tropez-reise-lyon-cote-dazur-teil-5\/\" target=\"_blank\" rel=\"noopener\"><strong>Freitag, 29. August 2025.<\/strong> Reise Lyon \u2013 C\u00f4te d\u2019Azur, Teil 5: Besuch von Port Grimaud und Saint-Tropez<\/a><\/p>\n","protected":false},"excerpt":{"rendered":"<p>Mittwoch, 27. August 2025. Reise Lyon \u2013 C\u00f4te d\u2019Azur, Teil 3: Besuch von Monaco Donnerstag, 28. August. C\u00f4te d\u2019Azur Reise Cannes.&nbsp;Der Tag begann erneut unter einem grauen Himmel. Wir lie\u00dfen uns deshalb Zeit beim Fr\u00fchst\u00fcck und hofften auf besseres Wetter, bevor wir nach Cannes aufbrachen. Unsere Fahrt begann sp\u00e4ter als geplant, und erst gegen 16 &#8230; <a title=\"Reise Lyon \u2013 C\u00f4te d\u2019Azur, Teil 4: Besuch von Cannes\" class=\"read-more\" href=\"https:\/\/wernerdeck.de\/blog\/2025\/10\/01\/reise-lyon-cote-d-azur-teil-4-cannes\/\" aria-label=\"Mehr Informationen \u00fcber Reise Lyon \u2013 C\u00f4te d\u2019Azur, Teil 4: Besuch von Cannes\">Weiterlesen<\/a><\/p>\n","protected":false},"author":1,"featured_media":30603,"comment_status":"open","ping_status":"open","sticky":false,"template":"","format":"standard","meta":{"ngg_post_thumbnail":0,"footnotes":""},"categories":[208],"tags":[1218,1214,956,1212,1216,1215,1217,1213,1211,1193,1200],"class_list":["post-30598","post","type-post","status-publish","format-standard","has-post-thumbnail","hentry","category-reisebericht","tag-cannes-sehenswuerdigkeiten","tag-carlton-hotel","tag-cote-dazur","tag-croisette-cannes","tag-festspielhaus-cannes","tag-fontaine-de-la-place-du-general-de-gaulle","tag-goldene-palme","tag-le-suquet-cannes","tag-reise-cannes","tag-reise-lyon-cote-dazur","tag-staedtereise-frankreich"],"yoast_head":"<!-- This site is optimized with the Yoast SEO plugin v27.4 - https:\/\/yoast.com\/product\/yoast-seo-wordpress\/ -->\n<title>Reise Lyon \u2013 C\u00f4te d\u2019Azur, Teil 4: Besuch von Cannes - Privater Blog von Werner Deck<\/title>\n<meta name=\"description\" content=\"C\u00f4te d\u2019Azur Reise Cannes: gelungener Nachmittag: Croisette, Fontaine de la Place du G\u00e9n\u00e9ral de Gaulle und goldene Palme auf dem roten Teppich\" \/>\n<meta name=\"robots\" content=\"index, follow, max-snippet:-1, max-image-preview:large, max-video-preview:-1\" \/>\n<link rel=\"canonical\" href=\"https:\/\/wernerdeck.de\/blog\/2025\/10\/01\/reise-lyon-cote-d-azur-teil-4-cannes\/\" \/>\n<meta property=\"og:locale\" content=\"de_DE\" \/>\n<meta property=\"og:type\" content=\"article\" \/>\n<meta property=\"og:title\" content=\"Reise Lyon \u2013 C\u00f4te d\u2019Azur, Teil 4: Besuch von Cannes - Privater Blog von Werner Deck\" \/>\n<meta property=\"og:description\" content=\"C\u00f4te d\u2019Azur Reise Cannes: gelungener Nachmittag: Croisette, Fontaine de la Place du G\u00e9n\u00e9ral de Gaulle und goldene Palme auf dem roten Teppich\" \/>\n<meta property=\"og:url\" content=\"https:\/\/wernerdeck.de\/blog\/2025\/10\/01\/reise-lyon-cote-d-azur-teil-4-cannes\/\" \/>\n<meta property=\"og:site_name\" content=\"Privater Blog von Werner Deck\" \/>\n<meta property=\"article:publisher\" content=\"https:\/\/www.facebook.com\/werner.deck\/\" \/>\n<meta property=\"article:author\" content=\"https:\/\/www.facebook.com\/werner.deck\/\" \/>\n<meta property=\"article:published_time\" content=\"2025-10-01T11:20:09+00:00\" \/>\n<meta property=\"article:modified_time\" content=\"2025-10-14T08:06:31+00:00\" \/>\n<meta property=\"og:image\" content=\"https:\/\/wernerdeck.de\/blog\/wp-content\/uploads\/2025\/10\/reise-lyon-cote-d-azur-teil-4-cannes-altstadt-cannes.jpg\" \/>\n\t<meta property=\"og:image:width\" content=\"1200\" \/>\n\t<meta property=\"og:image:height\" content=\"487\" \/>\n\t<meta property=\"og:image:type\" content=\"image\/jpeg\" \/>\n<meta name=\"author\" content=\"Werner Deck\" \/>\n<meta name=\"twitter:card\" content=\"summary_large_image\" \/>\n<meta name=\"twitter:label1\" content=\"Verfasst von\" \/>\n\t<meta name=\"twitter:data1\" content=\"Werner Deck\" \/>\n\t<meta name=\"twitter:label2\" content=\"Gesch\u00e4tzte Lesezeit\" \/>\n\t<meta name=\"twitter:data2\" content=\"3\u00a0Minuten\" \/>\n<script type=\"application\/ld+json\" class=\"yoast-schema-graph\">{\"@context\":\"https:\\\/\\\/schema.org\",\"@graph\":[{\"@type\":\"Article\",\"@id\":\"https:\\\/\\\/wernerdeck.de\\\/blog\\\/2025\\\/10\\\/01\\\/reise-lyon-cote-d-azur-teil-4-cannes\\\/#article\",\"isPartOf\":{\"@id\":\"https:\\\/\\\/wernerdeck.de\\\/blog\\\/2025\\\/10\\\/01\\\/reise-lyon-cote-d-azur-teil-4-cannes\\\/\"},\"author\":{\"name\":\"Werner Deck\",\"@id\":\"https:\\\/\\\/wernerdeck.de\\\/blog\\\/#\\\/schema\\\/person\\\/7af62de1f11b0a09297eeb81281e523c\"},\"headline\":\"Reise Lyon \u2013 C\u00f4te d\u2019Azur, Teil 4: Besuch von Cannes\",\"datePublished\":\"2025-10-01T11:20:09+00:00\",\"dateModified\":\"2025-10-14T08:06:31+00:00\",\"mainEntityOfPage\":{\"@id\":\"https:\\\/\\\/wernerdeck.de\\\/blog\\\/2025\\\/10\\\/01\\\/reise-lyon-cote-d-azur-teil-4-cannes\\\/\"},\"wordCount\":518,\"commentCount\":0,\"publisher\":{\"@id\":\"https:\\\/\\\/wernerdeck.de\\\/blog\\\/#\\\/schema\\\/person\\\/7af62de1f11b0a09297eeb81281e523c\"},\"image\":{\"@id\":\"https:\\\/\\\/wernerdeck.de\\\/blog\\\/2025\\\/10\\\/01\\\/reise-lyon-cote-d-azur-teil-4-cannes\\\/#primaryimage\"},\"thumbnailUrl\":\"https:\\\/\\\/wernerdeck.de\\\/blog\\\/wp-content\\\/uploads\\\/2025\\\/10\\\/reise-lyon-cote-d-azur-teil-4-cannes-altstadt-cannes.jpg\",\"keywords\":[\"Cannes Sehensw\u00fcrdigkeiten\",\"Carlton Hotel\",\"C\u00f4te d\u2019Azur\",\"Croisette Cannes\",\"Festspielhaus Cannes\",\"Fontaine de la Place du G\u00e9n\u00e9ral de Gaulle\",\"goldene Palme\",\"Le Suquet Cannes\",\"Reise Cannes\",\"Reise Lyon \u2013 C\u00f4te d\u2019Azur\",\"St\u00e4dtereise Frankreich\"],\"articleSection\":[\"Reisebericht\"],\"inLanguage\":\"de\",\"potentialAction\":[{\"@type\":\"CommentAction\",\"name\":\"Comment\",\"target\":[\"https:\\\/\\\/wernerdeck.de\\\/blog\\\/2025\\\/10\\\/01\\\/reise-lyon-cote-d-azur-teil-4-cannes\\\/#respond\"]}]},{\"@type\":\"WebPage\",\"@id\":\"https:\\\/\\\/wernerdeck.de\\\/blog\\\/2025\\\/10\\\/01\\\/reise-lyon-cote-d-azur-teil-4-cannes\\\/\",\"url\":\"https:\\\/\\\/wernerdeck.de\\\/blog\\\/2025\\\/10\\\/01\\\/reise-lyon-cote-d-azur-teil-4-cannes\\\/\",\"name\":\"Reise Lyon \u2013 C\u00f4te d\u2019Azur, Teil 4: Besuch von Cannes - Privater Blog von Werner Deck\",\"isPartOf\":{\"@id\":\"https:\\\/\\\/wernerdeck.de\\\/blog\\\/#website\"},\"primaryImageOfPage\":{\"@id\":\"https:\\\/\\\/wernerdeck.de\\\/blog\\\/2025\\\/10\\\/01\\\/reise-lyon-cote-d-azur-teil-4-cannes\\\/#primaryimage\"},\"image\":{\"@id\":\"https:\\\/\\\/wernerdeck.de\\\/blog\\\/2025\\\/10\\\/01\\\/reise-lyon-cote-d-azur-teil-4-cannes\\\/#primaryimage\"},\"thumbnailUrl\":\"https:\\\/\\\/wernerdeck.de\\\/blog\\\/wp-content\\\/uploads\\\/2025\\\/10\\\/reise-lyon-cote-d-azur-teil-4-cannes-altstadt-cannes.jpg\",\"datePublished\":\"2025-10-01T11:20:09+00:00\",\"dateModified\":\"2025-10-14T08:06:31+00:00\",\"description\":\"C\u00f4te d\u2019Azur Reise Cannes: gelungener Nachmittag: Croisette, Fontaine de la Place du G\u00e9n\u00e9ral de Gaulle und goldene Palme auf dem roten Teppich\",\"breadcrumb\":{\"@id\":\"https:\\\/\\\/wernerdeck.de\\\/blog\\\/2025\\\/10\\\/01\\\/reise-lyon-cote-d-azur-teil-4-cannes\\\/#breadcrumb\"},\"inLanguage\":\"de\",\"potentialAction\":[{\"@type\":\"ReadAction\",\"target\":[\"https:\\\/\\\/wernerdeck.de\\\/blog\\\/2025\\\/10\\\/01\\\/reise-lyon-cote-d-azur-teil-4-cannes\\\/\"]}]},{\"@type\":\"ImageObject\",\"inLanguage\":\"de\",\"@id\":\"https:\\\/\\\/wernerdeck.de\\\/blog\\\/2025\\\/10\\\/01\\\/reise-lyon-cote-d-azur-teil-4-cannes\\\/#primaryimage\",\"url\":\"https:\\\/\\\/wernerdeck.de\\\/blog\\\/wp-content\\\/uploads\\\/2025\\\/10\\\/reise-lyon-cote-d-azur-teil-4-cannes-altstadt-cannes.jpg\",\"contentUrl\":\"https:\\\/\\\/wernerdeck.de\\\/blog\\\/wp-content\\\/uploads\\\/2025\\\/10\\\/reise-lyon-cote-d-azur-teil-4-cannes-altstadt-cannes.jpg\",\"width\":1200,\"height\":487,\"caption\":\"Reise Lyon \u2013 C\u00f4te d\u2019Azur, Teil 4: Besuch von Cannes. Blick auf die Altstadt\"},{\"@type\":\"BreadcrumbList\",\"@id\":\"https:\\\/\\\/wernerdeck.de\\\/blog\\\/2025\\\/10\\\/01\\\/reise-lyon-cote-d-azur-teil-4-cannes\\\/#breadcrumb\",\"itemListElement\":[{\"@type\":\"ListItem\",\"position\":1,\"name\":\"Startseite\",\"item\":\"https:\\\/\\\/wernerdeck.de\\\/blog\\\/\"},{\"@type\":\"ListItem\",\"position\":2,\"name\":\"Reise Lyon \u2013 C\u00f4te d\u2019Azur, Teil 4: Besuch von Cannes\"}]},{\"@type\":\"WebSite\",\"@id\":\"https:\\\/\\\/wernerdeck.de\\\/blog\\\/#website\",\"url\":\"https:\\\/\\\/wernerdeck.de\\\/blog\\\/\",\"name\":\"Blog von Werner Deck\",\"description\":\"\",\"publisher\":{\"@id\":\"https:\\\/\\\/wernerdeck.de\\\/blog\\\/#\\\/schema\\\/person\\\/7af62de1f11b0a09297eeb81281e523c\"},\"potentialAction\":[{\"@type\":\"SearchAction\",\"target\":{\"@type\":\"EntryPoint\",\"urlTemplate\":\"https:\\\/\\\/wernerdeck.de\\\/blog\\\/?s={search_term_string}\"},\"query-input\":{\"@type\":\"PropertyValueSpecification\",\"valueRequired\":true,\"valueName\":\"search_term_string\"}}],\"inLanguage\":\"de\"},{\"@type\":[\"Person\",\"Organization\"],\"@id\":\"https:\\\/\\\/wernerdeck.de\\\/blog\\\/#\\\/schema\\\/person\\\/7af62de1f11b0a09297eeb81281e523c\",\"name\":\"Werner Deck\",\"image\":{\"@type\":\"ImageObject\",\"inLanguage\":\"de\",\"@id\":\"https:\\\/\\\/wernerdeck.de\\\/blog\\\/wp-content\\\/uploads\\\/2022\\\/05\\\/Werner-Deck-995x1024.jpg\",\"url\":\"https:\\\/\\\/wernerdeck.de\\\/blog\\\/wp-content\\\/uploads\\\/2022\\\/05\\\/Werner-Deck-995x1024.jpg\",\"contentUrl\":\"https:\\\/\\\/wernerdeck.de\\\/blog\\\/wp-content\\\/uploads\\\/2022\\\/05\\\/Werner-Deck-995x1024.jpg\",\"width\":995,\"height\":1024,\"caption\":\"Werner Deck\"},\"logo\":{\"@id\":\"https:\\\/\\\/wernerdeck.de\\\/blog\\\/wp-content\\\/uploads\\\/2022\\\/05\\\/Werner-Deck-995x1024.jpg\"},\"sameAs\":[\"https:\\\/\\\/wernerdeck.de\\\/blog\",\"https:\\\/\\\/www.facebook.com\\\/werner.deck\\\/\",\"https:\\\/\\\/www.instagram.com\\\/opti_maler_deck\\\/\",\"https:\\\/\\\/www.youtube.com\\\/c\\\/WernerDeck\"],\"url\":\"https:\\\/\\\/wernerdeck.de\\\/blog\\\/author\\\/wernerdeck-de\\\/\"}]}<\/script>\n<!-- \/ Yoast SEO plugin. -->","yoast_head_json":{"title":"Reise Lyon \u2013 C\u00f4te d\u2019Azur, Teil 4: Besuch von Cannes - Privater Blog von Werner Deck","description":"C\u00f4te d\u2019Azur Reise Cannes: gelungener Nachmittag: Croisette, Fontaine de la Place du G\u00e9n\u00e9ral de Gaulle und goldene Palme auf dem roten Teppich","robots":{"index":"index","follow":"follow","max-snippet":"max-snippet:-1","max-image-preview":"max-image-preview:large","max-video-preview":"max-video-preview:-1"},"canonical":"https:\/\/wernerdeck.de\/blog\/2025\/10\/01\/reise-lyon-cote-d-azur-teil-4-cannes\/","og_locale":"de_DE","og_type":"article","og_title":"Reise Lyon \u2013 C\u00f4te d\u2019Azur, Teil 4: Besuch von Cannes - Privater Blog von Werner Deck","og_description":"C\u00f4te d\u2019Azur Reise Cannes: gelungener Nachmittag: Croisette, Fontaine de la Place du G\u00e9n\u00e9ral de Gaulle und goldene Palme auf dem roten Teppich","og_url":"https:\/\/wernerdeck.de\/blog\/2025\/10\/01\/reise-lyon-cote-d-azur-teil-4-cannes\/","og_site_name":"Privater Blog von Werner Deck","article_publisher":"https:\/\/www.facebook.com\/werner.deck\/","article_author":"https:\/\/www.facebook.com\/werner.deck\/","article_published_time":"2025-10-01T11:20:09+00:00","article_modified_time":"2025-10-14T08:06:31+00:00","og_image":[{"width":1200,"height":487,"url":"https:\/\/wernerdeck.de\/blog\/wp-content\/uploads\/2025\/10\/reise-lyon-cote-d-azur-teil-4-cannes-altstadt-cannes.jpg","type":"image\/jpeg"}],"author":"Werner Deck","twitter_card":"summary_large_image","twitter_misc":{"Verfasst von":"Werner Deck","Gesch\u00e4tzte Lesezeit":"3\u00a0Minuten"},"schema":{"@context":"https:\/\/schema.org","@graph":[{"@type":"Article","@id":"https:\/\/wernerdeck.de\/blog\/2025\/10\/01\/reise-lyon-cote-d-azur-teil-4-cannes\/#article","isPartOf":{"@id":"https:\/\/wernerdeck.de\/blog\/2025\/10\/01\/reise-lyon-cote-d-azur-teil-4-cannes\/"},"author":{"name":"Werner Deck","@id":"https:\/\/wernerdeck.de\/blog\/#\/schema\/person\/7af62de1f11b0a09297eeb81281e523c"},"headline":"Reise Lyon \u2013 C\u00f4te d\u2019Azur, Teil 4: Besuch von Cannes","datePublished":"2025-10-01T11:20:09+00:00","dateModified":"2025-10-14T08:06:31+00:00","mainEntityOfPage":{"@id":"https:\/\/wernerdeck.de\/blog\/2025\/10\/01\/reise-lyon-cote-d-azur-teil-4-cannes\/"},"wordCount":518,"commentCount":0,"publisher":{"@id":"https:\/\/wernerdeck.de\/blog\/#\/schema\/person\/7af62de1f11b0a09297eeb81281e523c"},"image":{"@id":"https:\/\/wernerdeck.de\/blog\/2025\/10\/01\/reise-lyon-cote-d-azur-teil-4-cannes\/#primaryimage"},"thumbnailUrl":"https:\/\/wernerdeck.de\/blog\/wp-content\/uploads\/2025\/10\/reise-lyon-cote-d-azur-teil-4-cannes-altstadt-cannes.jpg","keywords":["Cannes Sehensw\u00fcrdigkeiten","Carlton Hotel","C\u00f4te d\u2019Azur","Croisette Cannes","Festspielhaus Cannes","Fontaine de la Place du G\u00e9n\u00e9ral de Gaulle","goldene Palme","Le Suquet Cannes","Reise Cannes","Reise Lyon \u2013 C\u00f4te d\u2019Azur","St\u00e4dtereise Frankreich"],"articleSection":["Reisebericht"],"inLanguage":"de","potentialAction":[{"@type":"CommentAction","name":"Comment","target":["https:\/\/wernerdeck.de\/blog\/2025\/10\/01\/reise-lyon-cote-d-azur-teil-4-cannes\/#respond"]}]},{"@type":"WebPage","@id":"https:\/\/wernerdeck.de\/blog\/2025\/10\/01\/reise-lyon-cote-d-azur-teil-4-cannes\/","url":"https:\/\/wernerdeck.de\/blog\/2025\/10\/01\/reise-lyon-cote-d-azur-teil-4-cannes\/","name":"Reise Lyon \u2013 C\u00f4te d\u2019Azur, Teil 4: Besuch von Cannes - Privater Blog von Werner Deck","isPartOf":{"@id":"https:\/\/wernerdeck.de\/blog\/#website"},"primaryImageOfPage":{"@id":"https:\/\/wernerdeck.de\/blog\/2025\/10\/01\/reise-lyon-cote-d-azur-teil-4-cannes\/#primaryimage"},"image":{"@id":"https:\/\/wernerdeck.de\/blog\/2025\/10\/01\/reise-lyon-cote-d-azur-teil-4-cannes\/#primaryimage"},"thumbnailUrl":"https:\/\/wernerdeck.de\/blog\/wp-content\/uploads\/2025\/10\/reise-lyon-cote-d-azur-teil-4-cannes-altstadt-cannes.jpg","datePublished":"2025-10-01T11:20:09+00:00","dateModified":"2025-10-14T08:06:31+00:00","description":"C\u00f4te d\u2019Azur Reise Cannes: gelungener Nachmittag: Croisette, Fontaine de la Place du G\u00e9n\u00e9ral de Gaulle und goldene Palme auf dem roten Teppich","breadcrumb":{"@id":"https:\/\/wernerdeck.de\/blog\/2025\/10\/01\/reise-lyon-cote-d-azur-teil-4-cannes\/#breadcrumb"},"inLanguage":"de","potentialAction":[{"@type":"ReadAction","target":["https:\/\/wernerdeck.de\/blog\/2025\/10\/01\/reise-lyon-cote-d-azur-teil-4-cannes\/"]}]},{"@type":"ImageObject","inLanguage":"de","@id":"https:\/\/wernerdeck.de\/blog\/2025\/10\/01\/reise-lyon-cote-d-azur-teil-4-cannes\/#primaryimage","url":"https:\/\/wernerdeck.de\/blog\/wp-content\/uploads\/2025\/10\/reise-lyon-cote-d-azur-teil-4-cannes-altstadt-cannes.jpg","contentUrl":"https:\/\/wernerdeck.de\/blog\/wp-content\/uploads\/2025\/10\/reise-lyon-cote-d-azur-teil-4-cannes-altstadt-cannes.jpg","width":1200,"height":487,"caption":"Reise Lyon \u2013 C\u00f4te d\u2019Azur, Teil 4: Besuch von Cannes. Blick auf die Altstadt"},{"@type":"BreadcrumbList","@id":"https:\/\/wernerdeck.de\/blog\/2025\/10\/01\/reise-lyon-cote-d-azur-teil-4-cannes\/#breadcrumb","itemListElement":[{"@type":"ListItem","position":1,"name":"Startseite","item":"https:\/\/wernerdeck.de\/blog\/"},{"@type":"ListItem","position":2,"name":"Reise Lyon \u2013 C\u00f4te d\u2019Azur, Teil 4: Besuch von Cannes"}]},{"@type":"WebSite","@id":"https:\/\/wernerdeck.de\/blog\/#website","url":"https:\/\/wernerdeck.de\/blog\/","name":"Blog von Werner Deck","description":"","publisher":{"@id":"https:\/\/wernerdeck.de\/blog\/#\/schema\/person\/7af62de1f11b0a09297eeb81281e523c"},"potentialAction":[{"@type":"SearchAction","target":{"@type":"EntryPoint","urlTemplate":"https:\/\/wernerdeck.de\/blog\/?s={search_term_string}"},"query-input":{"@type":"PropertyValueSpecification","valueRequired":true,"valueName":"search_term_string"}}],"inLanguage":"de"},{"@type":["Person","Organization"],"@id":"https:\/\/wernerdeck.de\/blog\/#\/schema\/person\/7af62de1f11b0a09297eeb81281e523c","name":"Werner Deck","image":{"@type":"ImageObject","inLanguage":"de","@id":"https:\/\/wernerdeck.de\/blog\/wp-content\/uploads\/2022\/05\/Werner-Deck-995x1024.jpg","url":"https:\/\/wernerdeck.de\/blog\/wp-content\/uploads\/2022\/05\/Werner-Deck-995x1024.jpg","contentUrl":"https:\/\/wernerdeck.de\/blog\/wp-content\/uploads\/2022\/05\/Werner-Deck-995x1024.jpg","width":995,"height":1024,"caption":"Werner Deck"},"logo":{"@id":"https:\/\/wernerdeck.de\/blog\/wp-content\/uploads\/2022\/05\/Werner-Deck-995x1024.jpg"},"sameAs":["https:\/\/wernerdeck.de\/blog","https:\/\/www.facebook.com\/werner.deck\/","https:\/\/www.instagram.com\/opti_maler_deck\/","https:\/\/www.youtube.com\/c\/WernerDeck"],"url":"https:\/\/wernerdeck.de\/blog\/author\/wernerdeck-de\/"}]}},"_links":{"self":[{"href":"https:\/\/wernerdeck.de\/blog\/wp-json\/wp\/v2\/posts\/30598","targetHints":{"allow":["GET"]}}],"collection":[{"href":"https:\/\/wernerdeck.de\/blog\/wp-json\/wp\/v2\/posts"}],"about":[{"href":"https:\/\/wernerdeck.de\/blog\/wp-json\/wp\/v2\/types\/post"}],"author":[{"embeddable":true,"href":"https:\/\/wernerdeck.de\/blog\/wp-json\/wp\/v2\/users\/1"}],"replies":[{"embeddable":true,"href":"https:\/\/wernerdeck.de\/blog\/wp-json\/wp\/v2\/comments?post=30598"}],"version-history":[{"count":0,"href":"https:\/\/wernerdeck.de\/blog\/wp-json\/wp\/v2\/posts\/30598\/revisions"}],"wp:featuredmedia":[{"embeddable":true,"href":"https:\/\/wernerdeck.de\/blog\/wp-json\/wp\/v2\/media\/30603"}],"wp:attachment":[{"href":"https:\/\/wernerdeck.de\/blog\/wp-json\/wp\/v2\/media?parent=30598"}],"wp:term":[{"taxonomy":"category","embeddable":true,"href":"https:\/\/wernerdeck.de\/blog\/wp-json\/wp\/v2\/categories?post=30598"},{"taxonomy":"post_tag","embeddable":true,"href":"https:\/\/wernerdeck.de\/blog\/wp-json\/wp\/v2\/tags?post=30598"}],"curies":[{"name":"wp","href":"https:\/\/api.w.org\/{rel}","templated":true}]}}