{"id":30578,"date":"2025-10-01T09:08:08","date_gmt":"2025-10-01T07:08:08","guid":{"rendered":"https:\/\/wernerdeck.de\/blog\/?p=30578"},"modified":"2025-10-01T09:08:08","modified_gmt":"2025-10-01T07:08:08","slug":"gefaehrliche-situationen-beim-radfahren-mein-erlebnis-mit-der-dashcam","status":"publish","type":"post","link":"https:\/\/wernerdeck.de\/blog\/2025\/10\/01\/gefaehrliche-situationen-beim-radfahren-mein-erlebnis-mit-der-dashcam\/","title":{"rendered":"Gef\u00e4hrliche Begegnungen auf zwei R\u00e4dern \u2013 mein Weg zum Physio mit der Rad-Dashcam"},"content":{"rendered":"<p data-start=\"372\" data-end=\"658\">Gef\u00e4hrliche Situationen beim Radfahren. Auf meiner gestrigen Fahrt zum Physio hat meine Dashcam mehrere gef\u00e4hrliche Situationen im Stra\u00dfenverkehr dokumentiert \u2013 vom r\u00fccksichtslosen Autofahrer bis zum riskanten Geisterradler. Ein eindr\u00fcckliches Beispiel, wie wichtig gegenseitige R\u00fccksichtnahme im Verkehr ist.<\/p>\n<h3 data-start=\"660\" data-end=\"702\"><img loading=\"lazy\" decoding=\"async\" class=\" wp-image-30583 alignleft\" src=\"https:\/\/wernerdeck.de\/blog\/wp-content\/uploads\/2025\/10\/dashcam-radfahren-gefaehrliche-situationen-03.jpg\" alt=\"Gef\u00e4hrliche Situationen beim Radfahren \u2013 Kleintransporter schneidet Radfahrer an Engstelle, Dashcam-Aufnahme\" width=\"294\" height=\"165\" srcset=\"https:\/\/wernerdeck.de\/blog\/wp-content\/uploads\/2025\/10\/dashcam-radfahren-gefaehrliche-situationen-03.jpg 1920w, https:\/\/wernerdeck.de\/blog\/wp-content\/uploads\/2025\/10\/dashcam-radfahren-gefaehrliche-situationen-03-300x169.jpg 300w, https:\/\/wernerdeck.de\/blog\/wp-content\/uploads\/2025\/10\/dashcam-radfahren-gefaehrliche-situationen-03-1024x576.jpg 1024w, https:\/\/wernerdeck.de\/blog\/wp-content\/uploads\/2025\/10\/dashcam-radfahren-gefaehrliche-situationen-03-768x432.jpg 768w, https:\/\/wernerdeck.de\/blog\/wp-content\/uploads\/2025\/10\/dashcam-radfahren-gefaehrliche-situationen-03-1536x864.jpg 1536w\" sizes=\"auto, (max-width: 294px) 100vw, 294px\" \/>1. R\u00fccksichtsloser Transporterfahrer<\/h3>\n<p data-start=\"703\" data-end=\"942\">&nbsp;Ein Kleintransporter bog von links nach links ab, ohne den Gegenverkehr oder die Engstelle zu beachten. R\u00fccksicht? Fehlanzeige. Vielleicht h\u00e4tte ich auch Vorfahrt gehabt.<\/p>\n<h3 data-start=\"944\" data-end=\"982\"><span style=\"color: #ffffff;\">.<\/span><br \/>\n<img loading=\"lazy\" decoding=\"async\" class=\" wp-image-30590 alignleft\" src=\"https:\/\/wernerdeck.de\/blog\/wp-content\/uploads\/2025\/10\/dashcam-radfahren-gefaehrliche-situationen-06.jpg\" alt=\"Gef\u00e4hrliche Situationen beim Radfahren \u2013 Radfahrer kommt mit hoher Geschwindigkeit \u00fcber Gehweg, Dashcam-Aufnahme vor Physio\" width=\"294\" height=\"165\" srcset=\"https:\/\/wernerdeck.de\/blog\/wp-content\/uploads\/2025\/10\/dashcam-radfahren-gefaehrliche-situationen-06.jpg 500w, https:\/\/wernerdeck.de\/blog\/wp-content\/uploads\/2025\/10\/dashcam-radfahren-gefaehrliche-situationen-06-300x169.jpg 300w\" sizes=\"auto, (max-width: 294px) 100vw, 294px\" \/>2. \u00dcberraschung aus der Ausfahrt<\/h3>\n<p data-start=\"983\" data-end=\"1252\">Als ich vorsichtig aus der Parkausfahrt des Physiozentrums rollte, kam von rechts auf dem Gehweg ein Radfahrer mit ordentlicher Geschwindigkeit angerauscht. Zum Gl\u00fcck konnte ich noch rechtzeitig reagieren und ausweichen \u2013 sonst w\u00e4re es wohl zum Zusammensto\u00df gekommen.<\/p>\n<h3 data-start=\"1254\" data-end=\"1289\"><img loading=\"lazy\" decoding=\"async\" class=\"size-full wp-image-30592 alignleft\" src=\"https:\/\/wernerdeck.de\/blog\/wp-content\/uploads\/2025\/10\/dashcam-radfahren-gefaehrliche-situationen-12.jpg\" alt=\"Gef\u00e4hrliche Situationen beim Radfahren \u2013 riskantes \u00dcberholman\u00f6ver an Baustelle, Kampfradler quetscht sich zwischen Auto und Radler durch, Dashcam-Aufnahme\" width=\"294\" height=\"165\">3. Engstelle an der Baustelle<\/h3>\n<p data-start=\"1290\" data-end=\"1839\">An einer durch eine Baustelle verengten Stelle wartete ich hinter einem Auto, das wiederum hinter einem Radfahrer stand. Pl\u00f6tzlich raste von rechts ein Radfahrer \u00fcber den Gehweg, vorbei am Auto, und quetschte sich mit Tempo zwischen dem gerade anfahrenden Radfahrer und einem entgegenkommenden Wagen hindurch. Beinahe kam es dabei zur Ber\u00fchrung. Sp\u00e4ter sprach ich den betroffenen Radfahrer auf die riskante Aktion an \u2013 wir waren uns schnell einig, dass dieses Verhalten brandgef\u00e4hrlich war. Doch der \u201eKampfradler\u201c, darauf angesprochen, reagierte nur mit Beschimpfungen.<\/p>\n<h3 data-start=\"1841\" data-end=\"1877\"><img loading=\"lazy\" decoding=\"async\" class=\"size-full wp-image-30594 alignleft\" src=\"https:\/\/wernerdeck.de\/blog\/wp-content\/uploads\/2025\/10\/dashcam-radfahren-gefaehrliche-situationen-09.jpg\" alt=\"Gef\u00e4hrliche Situationen beim Radfahren \u2013 Falschfahrer auf schmalem Radweg provoziert beinahe Frontalzusammensto\u00df, Dashcam-Aufnahme\" width=\"294\" height=\"165\">4. Falschfahrer auf dem Radweg<\/h3>\n<p data-start=\"1878\" data-end=\"2517\">Auf meiner weiteren Fahrt beobachtete ich einen Radfahrer, der gleich mehrfach beinahe Unf\u00e4lle provozierte. Obwohl die Stra\u00dfe auf beiden Seiten Radwege hat, fuhr er auf der falschen, viel zu schmalen Seite \u2013 einem kombinierten Rad- und Fu\u00dfweg. Schon Fu\u00dfg\u00e4nger und Radler m\u00fcssen dort vorsichtig aneinander vorbeikommen.<br data-start=\"2196\" data-end=\"2199\">Zweimal kam es fast zu Kollisionen mit korrekt fahrenden Radlern. Besonders brenzlig wurde es an einer Stelle mit einer Kurve und einer hohen Mauer: Hier ist der weitere Weg nicht einsehbar. Genau dort traf der Geisterradler frontal auf einen entgegenkommenden Radfahrer, der nur knapp einen Sturz verhindern konnte.&nbsp;<\/p>\n<p data-start=\"1878\" data-end=\"2517\"><a href=\"https:\/\/wernerdeck.de\/blog\/2025\/08\/01\/geisterfahrer-radweg\/\" target=\"_blank\" rel=\"noopener\">Mir begegnete vor kurzem ebenfalls ein ganz besonderer Geisterfahrer auf dem Radweg<\/a>.<\/p>\n<p data-start=\"1878\" data-end=\"2517\">Festgehalten von meiner Rad-Dashcam: Gef\u00e4hrliche Situationen beim Radfahren.<\/p>\n<p><iframe loading=\"lazy\" hcb-fetch-image-from=\"https:\/\/youtu.be\/Aa7m-jJfUi0?si=YfyPSOZMdsO4EdIN\" title=\"Dashcam gef\u00e4hrliche Situationen #Radfahren #gef\u00e4hrlich\" width=\"1200\" height=\"675\" src=\"https:\/\/www.youtube.com\/embed\/Aa7m-jJfUi0?feature=oembed\" frameborder=\"0\" allow=\"accelerometer; autoplay; clipboard-write; encrypted-media; gyroscope; picture-in-picture; web-share\" referrerpolicy=\"strict-origin-when-cross-origin\" allowfullscreen><\/iframe><\/p>\n<hr data-start=\"2519\" data-end=\"2522\">\n<h2 style=\"text-align: center;\" data-start=\"2524\" data-end=\"2534\">Gef\u00e4hrliche Situationen beim Radfahren<\/h2>\n<h2 data-start=\"2524\" data-end=\"2534\">Fazit<\/h2>\n<p data-start=\"2535\" data-end=\"3051\">Mein gestriger Weg zum Physio hat mir wieder einmal gezeigt: Radfahren im Alltag ist oft eine Frage der Aufmerksamkeit \u2013 und leider auch eine Frage des Verhaltens anderer Verkehrsteilnehmer. Zwischen r\u00fccksichtslosen Autofahrern, Kampfradlern und Falschfahrern ist die Gefahr allgegenw\u00e4rtig.<br data-start=\"2825\" data-end=\"2828\">Die Aufnahmen meiner Dashcam zeigen deutlich, wie schnell kleine Unachtsamkeiten zu ernsten Situationen f\u00fchren k\u00f6nnen. Deshalb mein Appell: R\u00fccksicht und Achtsamkeit im Stra\u00dfenverkehr sind keine Option \u2013 sie sind Pflicht. F\u00fcr Radfahrer und Autofahrer.<\/p>\n<hr>\n<p data-start=\"2535\" data-end=\"3051\">Sendung SWR am 23.09.2025. Der Trierer Radpendler Stefan Weinert erlebt auf seinem t\u00e4glichen Arbeitsweg einiges: Autofahrer, aber auch Radfahrer, die sich falsch verhalten. <a href=\"https:\/\/www.swr.de\/swraktuell\/rheinland-pfalz\/trier\/was-ein-trierer-radfahrer-auf-seinem-weg-zur-arbeit-im-strassenverkehr-erlebt-100.html\" target=\"_blank\" rel=\"noopener\">Er w\u00fcnscht sich mehr Verst\u00e4ndnis.<\/a> \u201eEs gibt Leute, die meinen, Radfahrer seien ein Verkehrshindernis\u201c, <cite>Stefan Weinert, Trierer Radpendler.<\/cite><\/p>\n","protected":false},"excerpt":{"rendered":"<p>Gef\u00e4hrliche Situationen beim Radfahren. Auf meiner gestrigen Fahrt zum Physio hat meine Dashcam mehrere gef\u00e4hrliche Situationen im Stra\u00dfenverkehr dokumentiert \u2013 vom r\u00fccksichtslosen Autofahrer bis zum riskanten Geisterradler. Ein eindr\u00fcckliches Beispiel, wie wichtig gegenseitige R\u00fccksichtnahme im Verkehr ist. 1. R\u00fccksichtsloser Transporterfahrer &nbsp;Ein Kleintransporter bog von links nach links ab, ohne den Gegenverkehr oder die Engstelle zu &#8230; <a title=\"Gef\u00e4hrliche Begegnungen auf zwei R\u00e4dern \u2013 mein Weg zum Physio mit der Rad-Dashcam\" class=\"read-more\" href=\"https:\/\/wernerdeck.de\/blog\/2025\/10\/01\/gefaehrliche-situationen-beim-radfahren-mein-erlebnis-mit-der-dashcam\/\" aria-label=\"Mehr Informationen \u00fcber Gef\u00e4hrliche Begegnungen auf zwei R\u00e4dern \u2013 mein Weg zum Physio mit der Rad-Dashcam\">Weiterlesen<\/a><\/p>\n","protected":false},"author":1,"featured_media":30581,"comment_status":"open","ping_status":"open","sticky":false,"template":"","format":"standard","meta":{"ngg_post_thumbnail":0,"footnotes":""},"categories":[479],"tags":[1206,1205,1210,1207,1204,1208,1209],"class_list":["post-30578","post","type-post","status-publish","format-standard","has-post-thumbnail","hentry","category-e-bike","tag-dashcam-rad","tag-fahrradfahren-alltag","tag-falschfahrer-radweg","tag-gefaehrliche-situationen-strassenverkehr","tag-kampfradler","tag-radfahrer-sicherheit","tag-ruecksichtslosigkeit-verkehr"],"yoast_head":"<!-- This site is optimized with the Yoast SEO plugin v27.4 - https:\/\/yoast.com\/product\/yoast-seo-wordpress\/ -->\n<title>Gef\u00e4hrliche Begegnungen auf zwei R\u00e4dern \u2013 mein Weg zum Physio mit der Rad-Dashcam - Privater Blog von Werner Deck<\/title>\n<meta name=\"description\" content=\"Gef\u00e4hrliche Situationen beim Radfahren. Auf meinem Weg zum Physio erlebte ich gleich mehrere gef\u00e4hrliche Szenen mit Auto- und Radfahrern.\" \/>\n<meta name=\"robots\" content=\"index, follow, max-snippet:-1, max-image-preview:large, max-video-preview:-1\" \/>\n<link rel=\"canonical\" href=\"https:\/\/wernerdeck.de\/blog\/2025\/10\/01\/gefaehrliche-situationen-beim-radfahren-mein-erlebnis-mit-der-dashcam\/\" \/>\n<meta property=\"og:locale\" content=\"de_DE\" \/>\n<meta property=\"og:type\" content=\"article\" \/>\n<meta property=\"og:title\" content=\"Gef\u00e4hrliche Begegnungen auf zwei R\u00e4dern \u2013 mein Weg zum Physio mit der Rad-Dashcam - Privater Blog von Werner Deck\" \/>\n<meta property=\"og:description\" content=\"Gef\u00e4hrliche Situationen beim Radfahren. Auf meinem Weg zum Physio erlebte ich gleich mehrere gef\u00e4hrliche Szenen mit Auto- und Radfahrern.\" \/>\n<meta property=\"og:url\" content=\"https:\/\/wernerdeck.de\/blog\/2025\/10\/01\/gefaehrliche-situationen-beim-radfahren-mein-erlebnis-mit-der-dashcam\/\" \/>\n<meta property=\"og:site_name\" content=\"Privater Blog von Werner Deck\" \/>\n<meta property=\"article:publisher\" content=\"https:\/\/www.facebook.com\/werner.deck\/\" \/>\n<meta property=\"article:author\" content=\"https:\/\/www.facebook.com\/werner.deck\/\" \/>\n<meta property=\"article:published_time\" content=\"2025-10-01T07:08:08+00:00\" \/>\n<meta property=\"og:image\" content=\"https:\/\/wernerdeck.de\/blog\/wp-content\/uploads\/2025\/10\/dashcam-radfahren-gefaehrliche-situationen.jpg\" \/>\n\t<meta property=\"og:image:width\" content=\"1200\" \/>\n\t<meta property=\"og:image:height\" content=\"439\" \/>\n\t<meta property=\"og:image:type\" content=\"image\/jpeg\" \/>\n<meta name=\"author\" content=\"Werner Deck\" \/>\n<meta name=\"twitter:card\" content=\"summary_large_image\" \/>\n<meta name=\"twitter:label1\" content=\"Verfasst von\" \/>\n\t<meta name=\"twitter:data1\" content=\"Werner Deck\" \/>\n\t<meta name=\"twitter:label2\" content=\"Gesch\u00e4tzte Lesezeit\" \/>\n\t<meta name=\"twitter:data2\" content=\"4\u00a0Minuten\" \/>\n<script type=\"application\/ld+json\" class=\"yoast-schema-graph\">{\"@context\":\"https:\\\/\\\/schema.org\",\"@graph\":[{\"@type\":\"Article\",\"@id\":\"https:\\\/\\\/wernerdeck.de\\\/blog\\\/2025\\\/10\\\/01\\\/gefaehrliche-situationen-beim-radfahren-mein-erlebnis-mit-der-dashcam\\\/#article\",\"isPartOf\":{\"@id\":\"https:\\\/\\\/wernerdeck.de\\\/blog\\\/2025\\\/10\\\/01\\\/gefaehrliche-situationen-beim-radfahren-mein-erlebnis-mit-der-dashcam\\\/\"},\"author\":{\"name\":\"Werner Deck\",\"@id\":\"https:\\\/\\\/wernerdeck.de\\\/blog\\\/#\\\/schema\\\/person\\\/7af62de1f11b0a09297eeb81281e523c\"},\"headline\":\"Gef\u00e4hrliche Begegnungen auf zwei R\u00e4dern \u2013 mein Weg zum Physio mit der Rad-Dashcam\",\"datePublished\":\"2025-10-01T07:08:08+00:00\",\"mainEntityOfPage\":{\"@id\":\"https:\\\/\\\/wernerdeck.de\\\/blog\\\/2025\\\/10\\\/01\\\/gefaehrliche-situationen-beim-radfahren-mein-erlebnis-mit-der-dashcam\\\/\"},\"wordCount\":480,\"commentCount\":0,\"publisher\":{\"@id\":\"https:\\\/\\\/wernerdeck.de\\\/blog\\\/#\\\/schema\\\/person\\\/7af62de1f11b0a09297eeb81281e523c\"},\"image\":{\"@id\":\"https:\\\/\\\/wernerdeck.de\\\/blog\\\/2025\\\/10\\\/01\\\/gefaehrliche-situationen-beim-radfahren-mein-erlebnis-mit-der-dashcam\\\/#primaryimage\"},\"thumbnailUrl\":\"https:\\\/\\\/wernerdeck.de\\\/blog\\\/wp-content\\\/uploads\\\/2025\\\/10\\\/dashcam-radfahren-gefaehrliche-situationen.jpg\",\"keywords\":[\"Dashcam Rad\",\"Fahrradfahren Alltag\",\"Falschfahrer Radweg\",\"Gef\u00e4hrliche Situationen Stra\u00dfenverkehr\",\"Kampfradler\",\"Radfahrer Sicherheit\",\"R\u00fccksichtslosigkeit Verkehr\"],\"articleSection\":[\"E-Bike\"],\"inLanguage\":\"de\",\"potentialAction\":[{\"@type\":\"CommentAction\",\"name\":\"Comment\",\"target\":[\"https:\\\/\\\/wernerdeck.de\\\/blog\\\/2025\\\/10\\\/01\\\/gefaehrliche-situationen-beim-radfahren-mein-erlebnis-mit-der-dashcam\\\/#respond\"]}]},{\"@type\":\"WebPage\",\"@id\":\"https:\\\/\\\/wernerdeck.de\\\/blog\\\/2025\\\/10\\\/01\\\/gefaehrliche-situationen-beim-radfahren-mein-erlebnis-mit-der-dashcam\\\/\",\"url\":\"https:\\\/\\\/wernerdeck.de\\\/blog\\\/2025\\\/10\\\/01\\\/gefaehrliche-situationen-beim-radfahren-mein-erlebnis-mit-der-dashcam\\\/\",\"name\":\"Gef\u00e4hrliche Begegnungen auf zwei R\u00e4dern \u2013 mein Weg zum Physio mit der Rad-Dashcam - Privater Blog von Werner Deck\",\"isPartOf\":{\"@id\":\"https:\\\/\\\/wernerdeck.de\\\/blog\\\/#website\"},\"primaryImageOfPage\":{\"@id\":\"https:\\\/\\\/wernerdeck.de\\\/blog\\\/2025\\\/10\\\/01\\\/gefaehrliche-situationen-beim-radfahren-mein-erlebnis-mit-der-dashcam\\\/#primaryimage\"},\"image\":{\"@id\":\"https:\\\/\\\/wernerdeck.de\\\/blog\\\/2025\\\/10\\\/01\\\/gefaehrliche-situationen-beim-radfahren-mein-erlebnis-mit-der-dashcam\\\/#primaryimage\"},\"thumbnailUrl\":\"https:\\\/\\\/wernerdeck.de\\\/blog\\\/wp-content\\\/uploads\\\/2025\\\/10\\\/dashcam-radfahren-gefaehrliche-situationen.jpg\",\"datePublished\":\"2025-10-01T07:08:08+00:00\",\"description\":\"Gef\u00e4hrliche Situationen beim Radfahren. Auf meinem Weg zum Physio erlebte ich gleich mehrere gef\u00e4hrliche Szenen mit Auto- und Radfahrern.\",\"breadcrumb\":{\"@id\":\"https:\\\/\\\/wernerdeck.de\\\/blog\\\/2025\\\/10\\\/01\\\/gefaehrliche-situationen-beim-radfahren-mein-erlebnis-mit-der-dashcam\\\/#breadcrumb\"},\"inLanguage\":\"de\",\"potentialAction\":[{\"@type\":\"ReadAction\",\"target\":[\"https:\\\/\\\/wernerdeck.de\\\/blog\\\/2025\\\/10\\\/01\\\/gefaehrliche-situationen-beim-radfahren-mein-erlebnis-mit-der-dashcam\\\/\"]}]},{\"@type\":\"ImageObject\",\"inLanguage\":\"de\",\"@id\":\"https:\\\/\\\/wernerdeck.de\\\/blog\\\/2025\\\/10\\\/01\\\/gefaehrliche-situationen-beim-radfahren-mein-erlebnis-mit-der-dashcam\\\/#primaryimage\",\"url\":\"https:\\\/\\\/wernerdeck.de\\\/blog\\\/wp-content\\\/uploads\\\/2025\\\/10\\\/dashcam-radfahren-gefaehrliche-situationen.jpg\",\"contentUrl\":\"https:\\\/\\\/wernerdeck.de\\\/blog\\\/wp-content\\\/uploads\\\/2025\\\/10\\\/dashcam-radfahren-gefaehrliche-situationen.jpg\",\"width\":1200,\"height\":439,\"caption\":\"Gef\u00e4hrliche Situationen beim Radfahren \u2013 Falschfahrer auf schmalem Radweg provoziert beinahe Frontalzusammensto\u00df, Dashcam-Aufnahme\"},{\"@type\":\"BreadcrumbList\",\"@id\":\"https:\\\/\\\/wernerdeck.de\\\/blog\\\/2025\\\/10\\\/01\\\/gefaehrliche-situationen-beim-radfahren-mein-erlebnis-mit-der-dashcam\\\/#breadcrumb\",\"itemListElement\":[{\"@type\":\"ListItem\",\"position\":1,\"name\":\"Startseite\",\"item\":\"https:\\\/\\\/wernerdeck.de\\\/blog\\\/\"},{\"@type\":\"ListItem\",\"position\":2,\"name\":\"Gef\u00e4hrliche Begegnungen auf zwei R\u00e4dern \u2013 mein Weg zum Physio mit der Rad-Dashcam\"}]},{\"@type\":\"WebSite\",\"@id\":\"https:\\\/\\\/wernerdeck.de\\\/blog\\\/#website\",\"url\":\"https:\\\/\\\/wernerdeck.de\\\/blog\\\/\",\"name\":\"Blog von Werner Deck\",\"description\":\"\",\"publisher\":{\"@id\":\"https:\\\/\\\/wernerdeck.de\\\/blog\\\/#\\\/schema\\\/person\\\/7af62de1f11b0a09297eeb81281e523c\"},\"potentialAction\":[{\"@type\":\"SearchAction\",\"target\":{\"@type\":\"EntryPoint\",\"urlTemplate\":\"https:\\\/\\\/wernerdeck.de\\\/blog\\\/?s={search_term_string}\"},\"query-input\":{\"@type\":\"PropertyValueSpecification\",\"valueRequired\":true,\"valueName\":\"search_term_string\"}}],\"inLanguage\":\"de\"},{\"@type\":[\"Person\",\"Organization\"],\"@id\":\"https:\\\/\\\/wernerdeck.de\\\/blog\\\/#\\\/schema\\\/person\\\/7af62de1f11b0a09297eeb81281e523c\",\"name\":\"Werner Deck\",\"image\":{\"@type\":\"ImageObject\",\"inLanguage\":\"de\",\"@id\":\"https:\\\/\\\/wernerdeck.de\\\/blog\\\/wp-content\\\/uploads\\\/2022\\\/05\\\/Werner-Deck-995x1024.jpg\",\"url\":\"https:\\\/\\\/wernerdeck.de\\\/blog\\\/wp-content\\\/uploads\\\/2022\\\/05\\\/Werner-Deck-995x1024.jpg\",\"contentUrl\":\"https:\\\/\\\/wernerdeck.de\\\/blog\\\/wp-content\\\/uploads\\\/2022\\\/05\\\/Werner-Deck-995x1024.jpg\",\"width\":995,\"height\":1024,\"caption\":\"Werner Deck\"},\"logo\":{\"@id\":\"https:\\\/\\\/wernerdeck.de\\\/blog\\\/wp-content\\\/uploads\\\/2022\\\/05\\\/Werner-Deck-995x1024.jpg\"},\"sameAs\":[\"https:\\\/\\\/wernerdeck.de\\\/blog\",\"https:\\\/\\\/www.facebook.com\\\/werner.deck\\\/\",\"https:\\\/\\\/www.instagram.com\\\/opti_maler_deck\\\/\",\"https:\\\/\\\/www.youtube.com\\\/c\\\/WernerDeck\"],\"url\":\"https:\\\/\\\/wernerdeck.de\\\/blog\\\/author\\\/wernerdeck-de\\\/\"}]}<\/script>\n<!-- \/ Yoast SEO plugin. -->","yoast_head_json":{"title":"Gef\u00e4hrliche Begegnungen auf zwei R\u00e4dern \u2013 mein Weg zum Physio mit der Rad-Dashcam - Privater Blog von Werner Deck","description":"Gef\u00e4hrliche Situationen beim Radfahren. Auf meinem Weg zum Physio erlebte ich gleich mehrere gef\u00e4hrliche Szenen mit Auto- und Radfahrern.","robots":{"index":"index","follow":"follow","max-snippet":"max-snippet:-1","max-image-preview":"max-image-preview:large","max-video-preview":"max-video-preview:-1"},"canonical":"https:\/\/wernerdeck.de\/blog\/2025\/10\/01\/gefaehrliche-situationen-beim-radfahren-mein-erlebnis-mit-der-dashcam\/","og_locale":"de_DE","og_type":"article","og_title":"Gef\u00e4hrliche Begegnungen auf zwei R\u00e4dern \u2013 mein Weg zum Physio mit der Rad-Dashcam - Privater Blog von Werner Deck","og_description":"Gef\u00e4hrliche Situationen beim Radfahren. Auf meinem Weg zum Physio erlebte ich gleich mehrere gef\u00e4hrliche Szenen mit Auto- und Radfahrern.","og_url":"https:\/\/wernerdeck.de\/blog\/2025\/10\/01\/gefaehrliche-situationen-beim-radfahren-mein-erlebnis-mit-der-dashcam\/","og_site_name":"Privater Blog von Werner Deck","article_publisher":"https:\/\/www.facebook.com\/werner.deck\/","article_author":"https:\/\/www.facebook.com\/werner.deck\/","article_published_time":"2025-10-01T07:08:08+00:00","og_image":[{"width":1200,"height":439,"url":"https:\/\/wernerdeck.de\/blog\/wp-content\/uploads\/2025\/10\/dashcam-radfahren-gefaehrliche-situationen.jpg","type":"image\/jpeg"}],"author":"Werner Deck","twitter_card":"summary_large_image","twitter_misc":{"Verfasst von":"Werner Deck","Gesch\u00e4tzte Lesezeit":"4\u00a0Minuten"},"schema":{"@context":"https:\/\/schema.org","@graph":[{"@type":"Article","@id":"https:\/\/wernerdeck.de\/blog\/2025\/10\/01\/gefaehrliche-situationen-beim-radfahren-mein-erlebnis-mit-der-dashcam\/#article","isPartOf":{"@id":"https:\/\/wernerdeck.de\/blog\/2025\/10\/01\/gefaehrliche-situationen-beim-radfahren-mein-erlebnis-mit-der-dashcam\/"},"author":{"name":"Werner Deck","@id":"https:\/\/wernerdeck.de\/blog\/#\/schema\/person\/7af62de1f11b0a09297eeb81281e523c"},"headline":"Gef\u00e4hrliche Begegnungen auf zwei R\u00e4dern \u2013 mein Weg zum Physio mit der Rad-Dashcam","datePublished":"2025-10-01T07:08:08+00:00","mainEntityOfPage":{"@id":"https:\/\/wernerdeck.de\/blog\/2025\/10\/01\/gefaehrliche-situationen-beim-radfahren-mein-erlebnis-mit-der-dashcam\/"},"wordCount":480,"commentCount":0,"publisher":{"@id":"https:\/\/wernerdeck.de\/blog\/#\/schema\/person\/7af62de1f11b0a09297eeb81281e523c"},"image":{"@id":"https:\/\/wernerdeck.de\/blog\/2025\/10\/01\/gefaehrliche-situationen-beim-radfahren-mein-erlebnis-mit-der-dashcam\/#primaryimage"},"thumbnailUrl":"https:\/\/wernerdeck.de\/blog\/wp-content\/uploads\/2025\/10\/dashcam-radfahren-gefaehrliche-situationen.jpg","keywords":["Dashcam Rad","Fahrradfahren Alltag","Falschfahrer Radweg","Gef\u00e4hrliche Situationen Stra\u00dfenverkehr","Kampfradler","Radfahrer Sicherheit","R\u00fccksichtslosigkeit Verkehr"],"articleSection":["E-Bike"],"inLanguage":"de","potentialAction":[{"@type":"CommentAction","name":"Comment","target":["https:\/\/wernerdeck.de\/blog\/2025\/10\/01\/gefaehrliche-situationen-beim-radfahren-mein-erlebnis-mit-der-dashcam\/#respond"]}]},{"@type":"WebPage","@id":"https:\/\/wernerdeck.de\/blog\/2025\/10\/01\/gefaehrliche-situationen-beim-radfahren-mein-erlebnis-mit-der-dashcam\/","url":"https:\/\/wernerdeck.de\/blog\/2025\/10\/01\/gefaehrliche-situationen-beim-radfahren-mein-erlebnis-mit-der-dashcam\/","name":"Gef\u00e4hrliche Begegnungen auf zwei R\u00e4dern \u2013 mein Weg zum Physio mit der Rad-Dashcam - Privater Blog von Werner Deck","isPartOf":{"@id":"https:\/\/wernerdeck.de\/blog\/#website"},"primaryImageOfPage":{"@id":"https:\/\/wernerdeck.de\/blog\/2025\/10\/01\/gefaehrliche-situationen-beim-radfahren-mein-erlebnis-mit-der-dashcam\/#primaryimage"},"image":{"@id":"https:\/\/wernerdeck.de\/blog\/2025\/10\/01\/gefaehrliche-situationen-beim-radfahren-mein-erlebnis-mit-der-dashcam\/#primaryimage"},"thumbnailUrl":"https:\/\/wernerdeck.de\/blog\/wp-content\/uploads\/2025\/10\/dashcam-radfahren-gefaehrliche-situationen.jpg","datePublished":"2025-10-01T07:08:08+00:00","description":"Gef\u00e4hrliche Situationen beim Radfahren. Auf meinem Weg zum Physio erlebte ich gleich mehrere gef\u00e4hrliche Szenen mit Auto- und Radfahrern.","breadcrumb":{"@id":"https:\/\/wernerdeck.de\/blog\/2025\/10\/01\/gefaehrliche-situationen-beim-radfahren-mein-erlebnis-mit-der-dashcam\/#breadcrumb"},"inLanguage":"de","potentialAction":[{"@type":"ReadAction","target":["https:\/\/wernerdeck.de\/blog\/2025\/10\/01\/gefaehrliche-situationen-beim-radfahren-mein-erlebnis-mit-der-dashcam\/"]}]},{"@type":"ImageObject","inLanguage":"de","@id":"https:\/\/wernerdeck.de\/blog\/2025\/10\/01\/gefaehrliche-situationen-beim-radfahren-mein-erlebnis-mit-der-dashcam\/#primaryimage","url":"https:\/\/wernerdeck.de\/blog\/wp-content\/uploads\/2025\/10\/dashcam-radfahren-gefaehrliche-situationen.jpg","contentUrl":"https:\/\/wernerdeck.de\/blog\/wp-content\/uploads\/2025\/10\/dashcam-radfahren-gefaehrliche-situationen.jpg","width":1200,"height":439,"caption":"Gef\u00e4hrliche Situationen beim Radfahren \u2013 Falschfahrer auf schmalem Radweg provoziert beinahe Frontalzusammensto\u00df, Dashcam-Aufnahme"},{"@type":"BreadcrumbList","@id":"https:\/\/wernerdeck.de\/blog\/2025\/10\/01\/gefaehrliche-situationen-beim-radfahren-mein-erlebnis-mit-der-dashcam\/#breadcrumb","itemListElement":[{"@type":"ListItem","position":1,"name":"Startseite","item":"https:\/\/wernerdeck.de\/blog\/"},{"@type":"ListItem","position":2,"name":"Gef\u00e4hrliche Begegnungen auf zwei R\u00e4dern \u2013 mein Weg zum Physio mit der Rad-Dashcam"}]},{"@type":"WebSite","@id":"https:\/\/wernerdeck.de\/blog\/#website","url":"https:\/\/wernerdeck.de\/blog\/","name":"Blog von Werner Deck","description":"","publisher":{"@id":"https:\/\/wernerdeck.de\/blog\/#\/schema\/person\/7af62de1f11b0a09297eeb81281e523c"},"potentialAction":[{"@type":"SearchAction","target":{"@type":"EntryPoint","urlTemplate":"https:\/\/wernerdeck.de\/blog\/?s={search_term_string}"},"query-input":{"@type":"PropertyValueSpecification","valueRequired":true,"valueName":"search_term_string"}}],"inLanguage":"de"},{"@type":["Person","Organization"],"@id":"https:\/\/wernerdeck.de\/blog\/#\/schema\/person\/7af62de1f11b0a09297eeb81281e523c","name":"Werner Deck","image":{"@type":"ImageObject","inLanguage":"de","@id":"https:\/\/wernerdeck.de\/blog\/wp-content\/uploads\/2022\/05\/Werner-Deck-995x1024.jpg","url":"https:\/\/wernerdeck.de\/blog\/wp-content\/uploads\/2022\/05\/Werner-Deck-995x1024.jpg","contentUrl":"https:\/\/wernerdeck.de\/blog\/wp-content\/uploads\/2022\/05\/Werner-Deck-995x1024.jpg","width":995,"height":1024,"caption":"Werner Deck"},"logo":{"@id":"https:\/\/wernerdeck.de\/blog\/wp-content\/uploads\/2022\/05\/Werner-Deck-995x1024.jpg"},"sameAs":["https:\/\/wernerdeck.de\/blog","https:\/\/www.facebook.com\/werner.deck\/","https:\/\/www.instagram.com\/opti_maler_deck\/","https:\/\/www.youtube.com\/c\/WernerDeck"],"url":"https:\/\/wernerdeck.de\/blog\/author\/wernerdeck-de\/"}]}},"_links":{"self":[{"href":"https:\/\/wernerdeck.de\/blog\/wp-json\/wp\/v2\/posts\/30578","targetHints":{"allow":["GET"]}}],"collection":[{"href":"https:\/\/wernerdeck.de\/blog\/wp-json\/wp\/v2\/posts"}],"about":[{"href":"https:\/\/wernerdeck.de\/blog\/wp-json\/wp\/v2\/types\/post"}],"author":[{"embeddable":true,"href":"https:\/\/wernerdeck.de\/blog\/wp-json\/wp\/v2\/users\/1"}],"replies":[{"embeddable":true,"href":"https:\/\/wernerdeck.de\/blog\/wp-json\/wp\/v2\/comments?post=30578"}],"version-history":[{"count":0,"href":"https:\/\/wernerdeck.de\/blog\/wp-json\/wp\/v2\/posts\/30578\/revisions"}],"wp:featuredmedia":[{"embeddable":true,"href":"https:\/\/wernerdeck.de\/blog\/wp-json\/wp\/v2\/media\/30581"}],"wp:attachment":[{"href":"https:\/\/wernerdeck.de\/blog\/wp-json\/wp\/v2\/media?parent=30578"}],"wp:term":[{"taxonomy":"category","embeddable":true,"href":"https:\/\/wernerdeck.de\/blog\/wp-json\/wp\/v2\/categories?post=30578"},{"taxonomy":"post_tag","embeddable":true,"href":"https:\/\/wernerdeck.de\/blog\/wp-json\/wp\/v2\/tags?post=30578"}],"curies":[{"name":"wp","href":"https:\/\/api.w.org\/{rel}","templated":true}]}}