{"id":30448,"date":"2025-09-30T09:39:42","date_gmt":"2025-09-30T07:39:42","guid":{"rendered":"https:\/\/wernerdeck.de\/blog\/?p=30448"},"modified":"2025-10-19T08:06:49","modified_gmt":"2025-10-19T06:06:49","slug":"reise-lyon-cote-dazur-teil-3-besuch-von-monaco","status":"publish","type":"post","link":"https:\/\/wernerdeck.de\/blog\/2025\/09\/30\/reise-lyon-cote-dazur-teil-3-besuch-von-monaco\/","title":{"rendered":"Reise Lyon \u2013 C\u00f4te d\u2019Azur, Teil 3: Besuch von Monaco"},"content":{"rendered":"<p><a href=\"https:\/\/wernerdeck.de\/blog\/2025\/09\/28\/cote-dazur-reise-grasse-reise-an-die-cote-dazur-zwei-entspannte-tage\/\" target=\"_blank\" rel=\"noopener\"><strong>Montag, 25. August 2025. <\/strong>Reise Lyon \u2013 C\u00f4te d\u2019Azur, Teil 2: Zwei entspannte Tage in Grasse<\/a><\/p>\n<hr>\n<p><strong>Mittwoch, 27. August 2025.<\/strong> C\u00f4te d\u2019Azur Reise Monaco. Der Blick aus dem Fenster versprach wenig Sonnenschein: grauer Himmel, und zum Fr\u00fchst\u00fcck setzte leichter Regen ein. Da es nicht kalt war, konnten wir trotzdem drau\u00dfen auf der Terrasse unter den Schirmen fr\u00fchst\u00fccken. Ohne Eile machten wir uns gegen 12 Uhr auf den Weg nach Monaco.<\/p>\n<p>\n<div class=\"ngg-galleryoverview ngg-template-caption\" id=\"ngg-gallery-2b0cbb08d5fa02631cb537fa51eae840-30448\">\n\n\t\t\n\t<!-- Thumbnails -->\n\t\t\t\t\t\n\t<div id=\"ngg-image-14643\" class=\"ngg-gallery-thumbnail-box\" style=\"width:25%;\" >\n\t\t<div class=\"ngg-gallery-thumbnail\" >\n\t\t\t<a href=\"https:\/\/wernerdeck.de\/blog\/wp-content\/gallery\/monaco-1\/reise-lyon-cote-d-azur-teil-3-monaco-18.jpg\"\n\t\t\t\ttitle=\"Morgendlicher Blick aus dem Fenster\"\n\t\t\t\tclass=\"ngg-simplelightbox\" rel=\"2b0cbb08d5fa02631cb537fa51eae840\" data-image-id=\"14643\" data-src=\"https:\/\/wernerdeck.de\/blog\/wp-content\/gallery\/monaco-1\/reise-lyon-cote-d-azur-teil-3-monaco-18.jpg\" data-thumbnail=\"https:\/\/wernerdeck.de\/blog\/wp-content\/gallery\/monaco-1\/thumbs\/thumbs_reise-lyon-cote-d-azur-teil-3-monaco-18.jpg\" data-title=\"C\u00f4te d\u2019Azur Reise Monaco Morgendlicher Blick aus dem Fenster\" data-description=\"Morgendlicher Blick aus dem Fenster\" >\n\t\t\t\t\t\t\t\t<img title=\"C\u00f4te d\u2019Azur Reise Monaco Morgendlicher Blick aus dem Fenster\" alt=\"C\u00f4te d\u2019Azur Reise Monaco Morgendlicher Blick aus dem Fenster\" src=\"https:\/\/wernerdeck.de\/blog\/wp-content\/gallery\/monaco-1\/thumbs\/thumbs_reise-lyon-cote-d-azur-teil-3-monaco-18.jpg\" width='240' height='160' \/>\n\t\t\t\t\t\t\t<\/a>\n\t\t\t<span>\n\t\t\tMorgendlicher Blick aus dem Fenster\t\t\t<\/span>\n\t\t<\/div>\n\t<\/div>\n\t\t\t\t\t\t\t\t\n\t<div id=\"ngg-image-14644\" class=\"ngg-gallery-thumbnail-box\" style=\"width:25%;\" >\n\t\t<div class=\"ngg-gallery-thumbnail\" >\n\t\t\t<a href=\"https:\/\/wernerdeck.de\/blog\/wp-content\/gallery\/monaco-1\/reise-lyon-cote-d-azur-teil-3-monaco-20.jpg\"\n\t\t\t\ttitle=\"Fr\u00fchst\u00fcck bei Regen unter dem Sonnenschirm\"\n\t\t\t\tclass=\"ngg-simplelightbox\" rel=\"2b0cbb08d5fa02631cb537fa51eae840\" data-image-id=\"14644\" data-src=\"https:\/\/wernerdeck.de\/blog\/wp-content\/gallery\/monaco-1\/reise-lyon-cote-d-azur-teil-3-monaco-20.jpg\" data-thumbnail=\"https:\/\/wernerdeck.de\/blog\/wp-content\/gallery\/monaco-1\/thumbs\/thumbs_reise-lyon-cote-d-azur-teil-3-monaco-20.jpg\" data-title=\"C\u00f4te d\u2019Azur Reise Monaco Fr\u00fchst\u00fcck bei Regen\" data-description=\"Fr\u00fchst\u00fcck bei Regen unter dem Sonnenschirm\" >\n\t\t\t\t\t\t\t\t<img title=\"C\u00f4te d\u2019Azur Reise Monaco Fr\u00fchst\u00fcck bei Regen\" alt=\"C\u00f4te d\u2019Azur Reise Monaco Fr\u00fchst\u00fcck bei Regen\" src=\"https:\/\/wernerdeck.de\/blog\/wp-content\/gallery\/monaco-1\/thumbs\/thumbs_reise-lyon-cote-d-azur-teil-3-monaco-20.jpg\" width='240' height='160' \/>\n\t\t\t\t\t\t\t<\/a>\n\t\t\t<span>\n\t\t\tFr\u00fchst\u00fcck bei Regen unter dem Sonnenschirm\t\t\t<\/span>\n\t\t<\/div>\n\t<\/div>\n\t\t\t\t\t\t\t\t\n\t<div id=\"ngg-image-14640\" class=\"ngg-gallery-thumbnail-box\" style=\"width:25%;\" >\n\t\t<div class=\"ngg-gallery-thumbnail\" >\n\t\t\t<a href=\"https:\/\/wernerdeck.de\/blog\/wp-content\/gallery\/monaco-1\/reise-lyon-cote-d-azur-teil-3-monaco-21.jpg\"\n\t\t\t\ttitle=\"Es regnet\"\n\t\t\t\tclass=\"ngg-simplelightbox\" rel=\"2b0cbb08d5fa02631cb537fa51eae840\" data-image-id=\"14640\" data-src=\"https:\/\/wernerdeck.de\/blog\/wp-content\/gallery\/monaco-1\/reise-lyon-cote-d-azur-teil-3-monaco-21.jpg\" data-thumbnail=\"https:\/\/wernerdeck.de\/blog\/wp-content\/gallery\/monaco-1\/thumbs\/thumbs_reise-lyon-cote-d-azur-teil-3-monaco-21.jpg\" data-title=\"C\u00f4te d\u2019Azur Reise Monaco Regentropfen im Pool\" data-description=\"Es regnet\" >\n\t\t\t\t\t\t\t\t<img title=\"C\u00f4te d\u2019Azur Reise Monaco Regentropfen im Pool\" alt=\"C\u00f4te d\u2019Azur Reise Monaco Regentropfen im Pool\" src=\"https:\/\/wernerdeck.de\/blog\/wp-content\/gallery\/monaco-1\/thumbs\/thumbs_reise-lyon-cote-d-azur-teil-3-monaco-21.jpg\" width='240' height='160' \/>\n\t\t\t\t\t\t\t<\/a>\n\t\t\t<span>\n\t\t\tEs regnet\t\t\t<\/span>\n\t\t<\/div>\n\t<\/div>\n\t\t\t\t\t\t\t\t\n\t<div id=\"ngg-image-14641\" class=\"ngg-gallery-thumbnail-box\" style=\"width:25%;\" >\n\t\t<div class=\"ngg-gallery-thumbnail\" >\n\t\t\t<a href=\"https:\/\/wernerdeck.de\/blog\/wp-content\/gallery\/monaco-1\/reise-lyon-cote-d-azur-teil-3-monaco-30.jpg\"\n\t\t\t\ttitle=\"Trotzdem gute Laune\"\n\t\t\t\tclass=\"ngg-simplelightbox\" rel=\"2b0cbb08d5fa02631cb537fa51eae840\" data-image-id=\"14641\" data-src=\"https:\/\/wernerdeck.de\/blog\/wp-content\/gallery\/monaco-1\/reise-lyon-cote-d-azur-teil-3-monaco-30.jpg\" data-thumbnail=\"https:\/\/wernerdeck.de\/blog\/wp-content\/gallery\/monaco-1\/thumbs\/thumbs_reise-lyon-cote-d-azur-teil-3-monaco-30.jpg\" data-title=\"C\u00f4te d\u2019Azur Reise Monaco Trotzdem gute Laune\" data-description=\"Trotzdem gute Laune\" >\n\t\t\t\t\t\t\t\t<img title=\"C\u00f4te d\u2019Azur Reise Monaco Trotzdem gute Laune\" alt=\"C\u00f4te d\u2019Azur Reise Monaco Trotzdem gute Laune\" src=\"https:\/\/wernerdeck.de\/blog\/wp-content\/gallery\/monaco-1\/thumbs\/thumbs_reise-lyon-cote-d-azur-teil-3-monaco-30.jpg\" width='240' height='160' \/>\n\t\t\t\t\t\t\t<\/a>\n\t\t\t<span>\n\t\t\tTrotzdem gute Laune\t\t\t<\/span>\n\t\t<\/div>\n\t<\/div>\n\t\t\t\t\t\t\t<br style=\"clear: both\" \/>\n\t\t\t\n\t<div id=\"ngg-image-14639\" class=\"ngg-gallery-thumbnail-box\" style=\"width:25%;\" >\n\t\t<div class=\"ngg-gallery-thumbnail\" >\n\t\t\t<a href=\"https:\/\/wernerdeck.de\/blog\/wp-content\/gallery\/monaco-1\/reise-lyon-cote-d-azur-teil-3-monaco-33.jpg\"\n\t\t\t\ttitle=\"Wetterbericht Grasse\"\n\t\t\t\tclass=\"ngg-simplelightbox\" rel=\"2b0cbb08d5fa02631cb537fa51eae840\" data-image-id=\"14639\" data-src=\"https:\/\/wernerdeck.de\/blog\/wp-content\/gallery\/monaco-1\/reise-lyon-cote-d-azur-teil-3-monaco-33.jpg\" data-thumbnail=\"https:\/\/wernerdeck.de\/blog\/wp-content\/gallery\/monaco-1\/thumbs\/thumbs_reise-lyon-cote-d-azur-teil-3-monaco-33.jpg\" data-title=\"C\u00f4te d\u2019Azur Reise Monaco Der Wetterbericht f\u00fcr Grasse\" data-description=\"Wetterbericht Grasse\" >\n\t\t\t\t\t\t\t\t<img title=\"C\u00f4te d\u2019Azur Reise Monaco Der Wetterbericht f\u00fcr Grasse\" alt=\"C\u00f4te d\u2019Azur Reise Monaco Der Wetterbericht f\u00fcr Grasse\" src=\"https:\/\/wernerdeck.de\/blog\/wp-content\/gallery\/monaco-1\/thumbs\/thumbs_reise-lyon-cote-d-azur-teil-3-monaco-33.jpg\" width='240' height='160' \/>\n\t\t\t\t\t\t\t<\/a>\n\t\t\t<span>\n\t\t\tWetterbericht Grasse\t\t\t<\/span>\n\t\t<\/div>\n\t<\/div>\n\t\t\t\t\t\t\t\t\n\t<div id=\"ngg-image-14642\" class=\"ngg-gallery-thumbnail-box\" style=\"width:25%;\" >\n\t\t<div class=\"ngg-gallery-thumbnail\" >\n\t\t\t<a href=\"https:\/\/wernerdeck.de\/blog\/wp-content\/gallery\/monaco-1\/reise-lyon-cote-d-azur-teil-3-monaco-36.jpg\"\n\t\t\t\ttitle=\"Wetterbericht Monaco\"\n\t\t\t\tclass=\"ngg-simplelightbox\" rel=\"2b0cbb08d5fa02631cb537fa51eae840\" data-image-id=\"14642\" data-src=\"https:\/\/wernerdeck.de\/blog\/wp-content\/gallery\/monaco-1\/reise-lyon-cote-d-azur-teil-3-monaco-36.jpg\" data-thumbnail=\"https:\/\/wernerdeck.de\/blog\/wp-content\/gallery\/monaco-1\/thumbs\/thumbs_reise-lyon-cote-d-azur-teil-3-monaco-36.jpg\" data-title=\"C\u00f4te d\u2019Azur Reise Monaco Wetterbericht Monaco\" data-description=\"Wetterbericht Monaco\" >\n\t\t\t\t\t\t\t\t<img title=\"C\u00f4te d\u2019Azur Reise Monaco Wetterbericht Monaco\" alt=\"C\u00f4te d\u2019Azur Reise Monaco Wetterbericht Monaco\" src=\"https:\/\/wernerdeck.de\/blog\/wp-content\/gallery\/monaco-1\/thumbs\/thumbs_reise-lyon-cote-d-azur-teil-3-monaco-36.jpg\" width='240' height='160' \/>\n\t\t\t\t\t\t\t<\/a>\n\t\t\t<span>\n\t\t\tWetterbericht Monaco\t\t\t<\/span>\n\t\t<\/div>\n\t<\/div>\n\t\t\t\t\t\t\t\t\n\t<div id=\"ngg-image-14646\" class=\"ngg-gallery-thumbnail-box\" style=\"width:25%;\" >\n\t\t<div class=\"ngg-gallery-thumbnail\" >\n\t\t\t<a href=\"https:\/\/wernerdeck.de\/blog\/wp-content\/gallery\/monaco-1\/reise-lyon-cote-d-azur-teil-3-monaco-39.jpg\"\n\t\t\t\ttitle=\"Ziel im Navi eingegeben\"\n\t\t\t\tclass=\"ngg-simplelightbox\" rel=\"2b0cbb08d5fa02631cb537fa51eae840\" data-image-id=\"14646\" data-src=\"https:\/\/wernerdeck.de\/blog\/wp-content\/gallery\/monaco-1\/reise-lyon-cote-d-azur-teil-3-monaco-39.jpg\" data-thumbnail=\"https:\/\/wernerdeck.de\/blog\/wp-content\/gallery\/monaco-1\/thumbs\/thumbs_reise-lyon-cote-d-azur-teil-3-monaco-39.jpg\" data-title=\"C\u00f4te d\u2019Azur Reise Monaco  Ziel im Navi eingegeben\" data-description=\"Ziel im Navi eingegeben\" >\n\t\t\t\t\t\t\t\t<img title=\"C\u00f4te d\u2019Azur Reise Monaco  Ziel im Navi eingegeben\" alt=\"C\u00f4te d\u2019Azur Reise Monaco  Ziel im Navi eingegeben\" src=\"https:\/\/wernerdeck.de\/blog\/wp-content\/gallery\/monaco-1\/thumbs\/thumbs_reise-lyon-cote-d-azur-teil-3-monaco-39.jpg\" width='240' height='160' \/>\n\t\t\t\t\t\t\t<\/a>\n\t\t\t<span>\n\t\t\tZiel im Navi eingegeben\t\t\t<\/span>\n\t\t<\/div>\n\t<\/div>\n\t\t\t\t\t\t\t\t\n\t<div id=\"ngg-image-14645\" class=\"ngg-gallery-thumbnail-box\" style=\"width:25%;\" >\n\t\t<div class=\"ngg-gallery-thumbnail\" >\n\t\t\t<a href=\"https:\/\/wernerdeck.de\/blog\/wp-content\/gallery\/monaco-1\/reise-lyon-cote-d-azur-teil-3-monaco-40.jpg\"\n\t\t\t\ttitle=\"Route Grasse - Monaco\"\n\t\t\t\tclass=\"ngg-simplelightbox\" rel=\"2b0cbb08d5fa02631cb537fa51eae840\" data-image-id=\"14645\" data-src=\"https:\/\/wernerdeck.de\/blog\/wp-content\/gallery\/monaco-1\/reise-lyon-cote-d-azur-teil-3-monaco-40.jpg\" data-thumbnail=\"https:\/\/wernerdeck.de\/blog\/wp-content\/gallery\/monaco-1\/thumbs\/thumbs_reise-lyon-cote-d-azur-teil-3-monaco-40.jpg\" data-title=\"C\u00f4te d\u2019Azur Reise Monaco Fahrtroute von Grasse nach Monaco\" data-description=\"Route Grasse - Monaco\" >\n\t\t\t\t\t\t\t\t<img title=\"C\u00f4te d\u2019Azur Reise Monaco Fahrtroute von Grasse nach Monaco\" alt=\"C\u00f4te d\u2019Azur Reise Monaco Fahrtroute von Grasse nach Monaco\" src=\"https:\/\/wernerdeck.de\/blog\/wp-content\/gallery\/monaco-1\/thumbs\/thumbs_reise-lyon-cote-d-azur-teil-3-monaco-40.jpg\" width='240' height='160' \/>\n\t\t\t\t\t\t\t<\/a>\n\t\t\t<span>\n\t\t\tRoute Grasse - Monaco\t\t\t<\/span>\n\t\t<\/div>\n\t<\/div>\n\t\t\t\t\t\t\t<br style=\"clear: both\" \/>\n\t\t\t\n\t<!-- Pagination -->\n\t\t<div class='ngg-clear'><\/div>\t\n<\/div>\n\n\tKurzes Video vom Regen beim Fr\u00fchst\u00fcck.<\/p>\n<p><iframe loading=\"lazy\" hcb-fetch-image-from=\"https:\/\/youtu.be\/X9JaUbTVrdw\" title=\"Lyon Cote d \u00b4Azur. Regen in Grasse beim Fr\u00fchst\u00fcck\" width=\"1200\" height=\"675\" src=\"https:\/\/www.youtube.com\/embed\/X9JaUbTVrdw?feature=oembed\" frameborder=\"0\" allow=\"accelerometer; autoplay; clipboard-write; encrypted-media; gyroscope; picture-in-picture; web-share\" referrerpolicy=\"strict-origin-when-cross-origin\" allowfullscreen><\/iframe><\/p>\n<p>Die Autobahn war angenehm leer, doch sobald wir Monaco erreichten, \u00e4nderte sich das Bild: dichter Verkehr, enge Kurven, viele Tunnel. Rund 30 bis 35 Minuten irrten wir auf der Suche nach einem freien Parkhaus durch die Stadt. Dabei passierten wir auch die historische Villa Danichgah, heute Villa Isphahan.<\/p>\n<p>Die Villa Danichgah, heute bekannt als Villa Isphahan, ist ein historisches Stadthaus in Monaco. Urspr\u00fcnglich im 19.\u202fJahrhundert erbaut, diente sie wohl gehobenen Wohnzwecken und repr\u00e4sentiert die elegante Architektur dieser Epoche. Heute ist sie ein markantes Zeugnis des mond\u00e4nen Wohnstils Monacos. Schlie\u00dflich fanden wir endlich ein Parkhaus mit einem freien Platz und setzten unseren Besuch zu Fu\u00df fort. Daf\u00fcr wurde ich pers\u00f6nlich mit einem Plakat empfangen. \ud83d\ude09<\/p>\n<p>\n<div class=\"ngg-galleryoverview ngg-template-caption\" id=\"ngg-gallery-b1c894a08f2050b962c01de228a6050f-30448\">\n\n\t\t\n\t<!-- Thumbnails -->\n\t\t\t\t\t\n\t<div id=\"ngg-image-14649\" class=\"ngg-gallery-thumbnail-box\" style=\"width:25%;\" >\n\t\t<div class=\"ngg-gallery-thumbnail\" >\n\t\t\t<a href=\"https:\/\/wernerdeck.de\/blog\/wp-content\/gallery\/monaco-2\/reise-lyon-cote-d-azur-teil-3-monaco-42.jpg\"\n\t\t\t\ttitle=\"Bezahlen an Mautstelle\"\n\t\t\t\tclass=\"ngg-simplelightbox\" rel=\"b1c894a08f2050b962c01de228a6050f\" data-image-id=\"14649\" data-src=\"https:\/\/wernerdeck.de\/blog\/wp-content\/gallery\/monaco-2\/reise-lyon-cote-d-azur-teil-3-monaco-42.jpg\" data-thumbnail=\"https:\/\/wernerdeck.de\/blog\/wp-content\/gallery\/monaco-2\/thumbs\/thumbs_reise-lyon-cote-d-azur-teil-3-monaco-42.jpg\" data-title=\"C\u00f4te d\u2019Azur Reise Monaco. Bezahlen an der Mautstelle\" data-description=\"Bezahlen an Mautstelle\" >\n\t\t\t\t\t\t\t\t<img title=\"C\u00f4te d\u2019Azur Reise Monaco. Bezahlen an der Mautstelle\" alt=\"C\u00f4te d\u2019Azur Reise Monaco. Bezahlen an der Mautstelle\" src=\"https:\/\/wernerdeck.de\/blog\/wp-content\/gallery\/monaco-2\/thumbs\/thumbs_reise-lyon-cote-d-azur-teil-3-monaco-42.jpg\" width='240' height='160' \/>\n\t\t\t\t\t\t\t<\/a>\n\t\t\t<span>\n\t\t\tBezahlen an Mautstelle\t\t\t<\/span>\n\t\t<\/div>\n\t<\/div>\n\t\t\t\t\t\t\t\t\n\t<div id=\"ngg-image-14652\" class=\"ngg-gallery-thumbnail-box\" style=\"width:25%;\" >\n\t\t<div class=\"ngg-gallery-thumbnail\" >\n\t\t\t<a href=\"https:\/\/wernerdeck.de\/blog\/wp-content\/gallery\/monaco-2\/reise-lyon-cote-d-azur-teil-3-monaco-45.jpg\"\n\t\t\t\ttitle=\"Ziel im Navi eingegeben\"\n\t\t\t\tclass=\"ngg-simplelightbox\" rel=\"b1c894a08f2050b962c01de228a6050f\" data-image-id=\"14652\" data-src=\"https:\/\/wernerdeck.de\/blog\/wp-content\/gallery\/monaco-2\/reise-lyon-cote-d-azur-teil-3-monaco-45.jpg\" data-thumbnail=\"https:\/\/wernerdeck.de\/blog\/wp-content\/gallery\/monaco-2\/thumbs\/thumbs_reise-lyon-cote-d-azur-teil-3-monaco-45.jpg\" data-title=\"C\u00f4te d\u2019Azur Reise Monaco. Ziel im Navi eingegeben\" data-description=\"Ziel im Navi eingegeben\" >\n\t\t\t\t\t\t\t\t<img title=\"C\u00f4te d\u2019Azur Reise Monaco. Ziel im Navi eingegeben\" alt=\"C\u00f4te d\u2019Azur Reise Monaco. Ziel im Navi eingegeben\" src=\"https:\/\/wernerdeck.de\/blog\/wp-content\/gallery\/monaco-2\/thumbs\/thumbs_reise-lyon-cote-d-azur-teil-3-monaco-45.jpg\" width='240' height='160' \/>\n\t\t\t\t\t\t\t<\/a>\n\t\t\t<span>\n\t\t\tZiel im Navi eingegeben\t\t\t<\/span>\n\t\t<\/div>\n\t<\/div>\n\t\t\t\t\t\t\t\t\n\t<div id=\"ngg-image-14648\" class=\"ngg-gallery-thumbnail-box\" style=\"width:25%;\" >\n\t\t<div class=\"ngg-gallery-thumbnail\" >\n\t\t\t<a href=\"https:\/\/wernerdeck.de\/blog\/wp-content\/gallery\/monaco-2\/reise-lyon-cote-d-azur-teil-3-monaco-48.jpg\"\n\t\t\t\ttitle=\"Leere Autobahn\"\n\t\t\t\tclass=\"ngg-simplelightbox\" rel=\"b1c894a08f2050b962c01de228a6050f\" data-image-id=\"14648\" data-src=\"https:\/\/wernerdeck.de\/blog\/wp-content\/gallery\/monaco-2\/reise-lyon-cote-d-azur-teil-3-monaco-48.jpg\" data-thumbnail=\"https:\/\/wernerdeck.de\/blog\/wp-content\/gallery\/monaco-2\/thumbs\/thumbs_reise-lyon-cote-d-azur-teil-3-monaco-48.jpg\" data-title=\"C\u00f4te d\u2019Azur Reise Monaco. Leere Autobahn\" data-description=\"Leere Autobahn\" >\n\t\t\t\t\t\t\t\t<img title=\"C\u00f4te d\u2019Azur Reise Monaco. Leere Autobahn\" alt=\"C\u00f4te d\u2019Azur Reise Monaco. Leere Autobahn\" src=\"https:\/\/wernerdeck.de\/blog\/wp-content\/gallery\/monaco-2\/thumbs\/thumbs_reise-lyon-cote-d-azur-teil-3-monaco-48.jpg\" width='240' height='160' \/>\n\t\t\t\t\t\t\t<\/a>\n\t\t\t<span>\n\t\t\tLeere Autobahn\t\t\t<\/span>\n\t\t<\/div>\n\t<\/div>\n\t\t\t\t\t\t\t\t\n\t<div id=\"ngg-image-14647\" class=\"ngg-gallery-thumbnail-box\" style=\"width:25%;\" >\n\t\t<div class=\"ngg-gallery-thumbnail\" >\n\t\t\t<a href=\"https:\/\/wernerdeck.de\/blog\/wp-content\/gallery\/monaco-2\/reise-lyon-cote-d-azur-teil-3-monaco-51.jpg\"\n\t\t\t\ttitle=\"Gleich da\"\n\t\t\t\tclass=\"ngg-simplelightbox\" rel=\"b1c894a08f2050b962c01de228a6050f\" data-image-id=\"14647\" data-src=\"https:\/\/wernerdeck.de\/blog\/wp-content\/gallery\/monaco-2\/reise-lyon-cote-d-azur-teil-3-monaco-51.jpg\" data-thumbnail=\"https:\/\/wernerdeck.de\/blog\/wp-content\/gallery\/monaco-2\/thumbs\/thumbs_reise-lyon-cote-d-azur-teil-3-monaco-51.jpg\" data-title=\"C\u00f4te d\u2019Azur Reise Monaco. Gleich da\" data-description=\"Gleich da\" >\n\t\t\t\t\t\t\t\t<img title=\"C\u00f4te d\u2019Azur Reise Monaco. Gleich da\" alt=\"C\u00f4te d\u2019Azur Reise Monaco. Gleich da\" src=\"https:\/\/wernerdeck.de\/blog\/wp-content\/gallery\/monaco-2\/thumbs\/thumbs_reise-lyon-cote-d-azur-teil-3-monaco-51.jpg\" width='240' height='160' \/>\n\t\t\t\t\t\t\t<\/a>\n\t\t\t<span>\n\t\t\tGleich da\t\t\t<\/span>\n\t\t<\/div>\n\t<\/div>\n\t\t\t\t\t\t\t<br style=\"clear: both\" \/>\n\t\t\t\n\t<div id=\"ngg-image-14651\" class=\"ngg-gallery-thumbnail-box\" style=\"width:25%;\" >\n\t\t<div class=\"ngg-gallery-thumbnail\" >\n\t\t\t<a href=\"https:\/\/wernerdeck.de\/blog\/wp-content\/gallery\/monaco-2\/reise-lyon-cote-d-azur-teil-3-monaco-52.jpg\"\n\t\t\t\ttitle=\"Viele Tunnel\"\n\t\t\t\tclass=\"ngg-simplelightbox\" rel=\"b1c894a08f2050b962c01de228a6050f\" data-image-id=\"14651\" data-src=\"https:\/\/wernerdeck.de\/blog\/wp-content\/gallery\/monaco-2\/reise-lyon-cote-d-azur-teil-3-monaco-52.jpg\" data-thumbnail=\"https:\/\/wernerdeck.de\/blog\/wp-content\/gallery\/monaco-2\/thumbs\/thumbs_reise-lyon-cote-d-azur-teil-3-monaco-52.jpg\" data-title=\"C\u00f4te d\u2019Azur Reise Monaco.  Viele Tunnel\" data-description=\"Viele Tunnel\" >\n\t\t\t\t\t\t\t\t<img title=\"C\u00f4te d\u2019Azur Reise Monaco.  Viele Tunnel\" alt=\"C\u00f4te d\u2019Azur Reise Monaco.  Viele Tunnel\" src=\"https:\/\/wernerdeck.de\/blog\/wp-content\/gallery\/monaco-2\/thumbs\/thumbs_reise-lyon-cote-d-azur-teil-3-monaco-52.jpg\" width='240' height='160' \/>\n\t\t\t\t\t\t\t<\/a>\n\t\t\t<span>\n\t\t\tViele Tunnel\t\t\t<\/span>\n\t\t<\/div>\n\t<\/div>\n\t\t\t\t\t\t\t\t\n\t<div id=\"ngg-image-14650\" class=\"ngg-gallery-thumbnail-box\" style=\"width:25%;\" >\n\t\t<div class=\"ngg-gallery-thumbnail\" >\n\t\t\t<a href=\"https:\/\/wernerdeck.de\/blog\/wp-content\/gallery\/monaco-2\/reise-lyon-cote-d-azur-teil-3-monaco-57.jpg\"\n\t\t\t\ttitle=\"Villa Isphahan\"\n\t\t\t\tclass=\"ngg-simplelightbox\" rel=\"b1c894a08f2050b962c01de228a6050f\" data-image-id=\"14650\" data-src=\"https:\/\/wernerdeck.de\/blog\/wp-content\/gallery\/monaco-2\/reise-lyon-cote-d-azur-teil-3-monaco-57.jpg\" data-thumbnail=\"https:\/\/wernerdeck.de\/blog\/wp-content\/gallery\/monaco-2\/thumbs\/thumbs_reise-lyon-cote-d-azur-teil-3-monaco-57.jpg\" data-title=\"C\u00f4te d\u2019Azur Reise Monaco. Villa Isphahan\" data-description=\"Villa Isphahan\" >\n\t\t\t\t\t\t\t\t<img title=\"C\u00f4te d\u2019Azur Reise Monaco. Villa Isphahan\" alt=\"C\u00f4te d\u2019Azur Reise Monaco. Villa Isphahan\" src=\"https:\/\/wernerdeck.de\/blog\/wp-content\/gallery\/monaco-2\/thumbs\/thumbs_reise-lyon-cote-d-azur-teil-3-monaco-57.jpg\" width='240' height='160' \/>\n\t\t\t\t\t\t\t<\/a>\n\t\t\t<span>\n\t\t\tVilla Isphahan\t\t\t<\/span>\n\t\t<\/div>\n\t<\/div>\n\t\t\t\t\t\t\t\t\n\t<div id=\"ngg-image-14653\" class=\"ngg-gallery-thumbnail-box\" style=\"width:25%;\" >\n\t\t<div class=\"ngg-gallery-thumbnail\" >\n\t\t\t<a href=\"https:\/\/wernerdeck.de\/blog\/wp-content\/gallery\/monaco-2\/reise-lyon-cote-d-azur-teil-3-monaco-60.jpg\"\n\t\t\t\ttitle=\"Villa Isphahan\"\n\t\t\t\tclass=\"ngg-simplelightbox\" rel=\"b1c894a08f2050b962c01de228a6050f\" data-image-id=\"14653\" data-src=\"https:\/\/wernerdeck.de\/blog\/wp-content\/gallery\/monaco-2\/reise-lyon-cote-d-azur-teil-3-monaco-60.jpg\" data-thumbnail=\"https:\/\/wernerdeck.de\/blog\/wp-content\/gallery\/monaco-2\/thumbs\/thumbs_reise-lyon-cote-d-azur-teil-3-monaco-60.jpg\" data-title=\"C\u00f4te d\u2019Azur Reise Monaco. Villa Isphahan\" data-description=\"Villa Isphahan\" >\n\t\t\t\t\t\t\t\t<img title=\"C\u00f4te d\u2019Azur Reise Monaco. Villa Isphahan\" alt=\"C\u00f4te d\u2019Azur Reise Monaco. Villa Isphahan\" src=\"https:\/\/wernerdeck.de\/blog\/wp-content\/gallery\/monaco-2\/thumbs\/thumbs_reise-lyon-cote-d-azur-teil-3-monaco-60.jpg\" width='240' height='160' \/>\n\t\t\t\t\t\t\t<\/a>\n\t\t\t<span>\n\t\t\tVilla Isphahan\t\t\t<\/span>\n\t\t<\/div>\n\t<\/div>\n\t\t\t\t\t\t\t\t\n\t<div id=\"ngg-image-14654\" class=\"ngg-gallery-thumbnail-box\" style=\"width:25%;\" >\n\t\t<div class=\"ngg-gallery-thumbnail\" >\n\t\t\t<a href=\"https:\/\/wernerdeck.de\/blog\/wp-content\/gallery\/monaco-2\/reise-lyon-cote-d-azur-teil-3-monaco60.jpg\"\n\t\t\t\ttitle=\"Parkplatz gefunden\"\n\t\t\t\tclass=\"ngg-simplelightbox\" rel=\"b1c894a08f2050b962c01de228a6050f\" data-image-id=\"14654\" data-src=\"https:\/\/wernerdeck.de\/blog\/wp-content\/gallery\/monaco-2\/reise-lyon-cote-d-azur-teil-3-monaco60.jpg\" data-thumbnail=\"https:\/\/wernerdeck.de\/blog\/wp-content\/gallery\/monaco-2\/thumbs\/thumbs_reise-lyon-cote-d-azur-teil-3-monaco60.jpg\" data-title=\"C\u00f4te d\u2019Azur Reise Monaco. Parkplatz gefunden\" data-description=\"Parkplatz gefunden\" >\n\t\t\t\t\t\t\t\t<img title=\"C\u00f4te d\u2019Azur Reise Monaco. Parkplatz gefunden\" alt=\"C\u00f4te d\u2019Azur Reise Monaco. Parkplatz gefunden\" src=\"https:\/\/wernerdeck.de\/blog\/wp-content\/gallery\/monaco-2\/thumbs\/thumbs_reise-lyon-cote-d-azur-teil-3-monaco60.jpg\" width='240' height='160' \/>\n\t\t\t\t\t\t\t<\/a>\n\t\t\t<span>\n\t\t\tParkplatz gefunden\t\t\t<\/span>\n\t\t<\/div>\n\t<\/div>\n\t\t\t\t\t\t\t<br style=\"clear: both\" \/>\n\t\t\t\n\t<!-- Pagination -->\n\t\t<div class='ngg-clear'><\/div>\t\n<\/div>\n\n\tEin kurzer Snack im<a href=\"https:\/\/www.sexytacos.mc\/\" target=\"_blank\" rel=\"noopener\"> \u201eSexy Tacos\u201c<\/a> direkt am Hafen war unser Einstieg, bevor wir an der nahegelegenen Haltestelle in den Hop-on-Hop-off-Bus stiegen. Der Einstieg war allerdings nicht ganz ungef\u00e4hrlich: Als ich mich am Haltegriff der Treppe nach oben festhalten wollte, l\u00f6ste er sich pl\u00f6tzlich aus der Halterung \u2013 ich konnte mich gerade noch abfangen. Das war gef\u00e4hrlich.<\/p>\n<p>\n<div class=\"ngg-galleryoverview ngg-template-caption\" id=\"ngg-gallery-4ab7cb54ede9932283e074c347599e8d-30448\">\n\n\t\t\n\t<!-- Thumbnails -->\n\t\t\t\t\t\n\t<div id=\"ngg-image-14655\" class=\"ngg-gallery-thumbnail-box\" style=\"width:25%;\" >\n\t\t<div class=\"ngg-gallery-thumbnail\" >\n\t\t\t<a href=\"https:\/\/wernerdeck.de\/blog\/wp-content\/gallery\/monaco-3\/reise-lyon-cote-d-azur-teil-3-monaco-69.jpg\"\n\t\t\t\ttitle=\"Snack im Sexy Tacos\"\n\t\t\t\tclass=\"ngg-simplelightbox\" rel=\"4ab7cb54ede9932283e074c347599e8d\" data-image-id=\"14655\" data-src=\"https:\/\/wernerdeck.de\/blog\/wp-content\/gallery\/monaco-3\/reise-lyon-cote-d-azur-teil-3-monaco-69.jpg\" data-thumbnail=\"https:\/\/wernerdeck.de\/blog\/wp-content\/gallery\/monaco-3\/thumbs\/thumbs_reise-lyon-cote-d-azur-teil-3-monaco-69.jpg\" data-title=\"C\u00f4te d\u2019Azur Reise Monaco.  Snack im Sexy Tacos\" data-description=\"Snack im Sexy Tacos\" >\n\t\t\t\t\t\t\t\t<img title=\"C\u00f4te d\u2019Azur Reise Monaco.  Snack im Sexy Tacos\" alt=\"C\u00f4te d\u2019Azur Reise Monaco.  Snack im Sexy Tacos\" src=\"https:\/\/wernerdeck.de\/blog\/wp-content\/gallery\/monaco-3\/thumbs\/thumbs_reise-lyon-cote-d-azur-teil-3-monaco-69.jpg\" width='240' height='160' \/>\n\t\t\t\t\t\t\t<\/a>\n\t\t\t<span>\n\t\t\tSnack im Sexy Tacos\t\t\t<\/span>\n\t\t<\/div>\n\t<\/div>\n\t\t\t\t\t\t\t\t\n\t<div id=\"ngg-image-14658\" class=\"ngg-gallery-thumbnail-box\" style=\"width:25%;\" >\n\t\t<div class=\"ngg-gallery-thumbnail\" >\n\t\t\t<a href=\"https:\/\/wernerdeck.de\/blog\/wp-content\/gallery\/monaco-3\/reise-lyon-cote-d-azur-teil-3-monaco-72.jpg\"\n\t\t\t\ttitle=\"Sexy Tacos\"\n\t\t\t\tclass=\"ngg-simplelightbox\" rel=\"4ab7cb54ede9932283e074c347599e8d\" data-image-id=\"14658\" data-src=\"https:\/\/wernerdeck.de\/blog\/wp-content\/gallery\/monaco-3\/reise-lyon-cote-d-azur-teil-3-monaco-72.jpg\" data-thumbnail=\"https:\/\/wernerdeck.de\/blog\/wp-content\/gallery\/monaco-3\/thumbs\/thumbs_reise-lyon-cote-d-azur-teil-3-monaco-72.jpg\" data-title=\"C\u00f4te d\u2019Azur Reise Monaco.  Sexy Tacos\" data-description=\"Sexy Tacos\" >\n\t\t\t\t\t\t\t\t<img title=\"C\u00f4te d\u2019Azur Reise Monaco.  Sexy Tacos\" alt=\"C\u00f4te d\u2019Azur Reise Monaco.  Sexy Tacos\" src=\"https:\/\/wernerdeck.de\/blog\/wp-content\/gallery\/monaco-3\/thumbs\/thumbs_reise-lyon-cote-d-azur-teil-3-monaco-72.jpg\" width='240' height='160' \/>\n\t\t\t\t\t\t\t<\/a>\n\t\t\t<span>\n\t\t\tSexy Tacos\t\t\t<\/span>\n\t\t<\/div>\n\t<\/div>\n\t\t\t\t\t\t\t\t\n\t<div id=\"ngg-image-14657\" class=\"ngg-gallery-thumbnail-box\" style=\"width:25%;\" >\n\t\t<div class=\"ngg-gallery-thumbnail\" >\n\t\t\t<a href=\"https:\/\/wernerdeck.de\/blog\/wp-content\/gallery\/monaco-3\/reise-lyon-cote-d-azur-teil-3-monaco-75.jpg\"\n\t\t\t\ttitle=\"Warten auf Bus\"\n\t\t\t\tclass=\"ngg-simplelightbox\" rel=\"4ab7cb54ede9932283e074c347599e8d\" data-image-id=\"14657\" data-src=\"https:\/\/wernerdeck.de\/blog\/wp-content\/gallery\/monaco-3\/reise-lyon-cote-d-azur-teil-3-monaco-75.jpg\" data-thumbnail=\"https:\/\/wernerdeck.de\/blog\/wp-content\/gallery\/monaco-3\/thumbs\/thumbs_reise-lyon-cote-d-azur-teil-3-monaco-75.jpg\" data-title=\"C\u00f4te d\u2019Azur Reise Monaco. Warten auf den Bus\" data-description=\"Warten auf Bus\" >\n\t\t\t\t\t\t\t\t<img title=\"C\u00f4te d\u2019Azur Reise Monaco. Warten auf den Bus\" alt=\"C\u00f4te d\u2019Azur Reise Monaco. Warten auf den Bus\" src=\"https:\/\/wernerdeck.de\/blog\/wp-content\/gallery\/monaco-3\/thumbs\/thumbs_reise-lyon-cote-d-azur-teil-3-monaco-75.jpg\" width='240' height='160' \/>\n\t\t\t\t\t\t\t<\/a>\n\t\t\t<span>\n\t\t\tWarten auf Bus\t\t\t<\/span>\n\t\t<\/div>\n\t<\/div>\n\t\t\t\t\t\t\t\t\n\t<div id=\"ngg-image-14659\" class=\"ngg-gallery-thumbnail-box\" style=\"width:25%;\" >\n\t\t<div class=\"ngg-gallery-thumbnail\" >\n\t\t\t<a href=\"https:\/\/wernerdeck.de\/blog\/wp-content\/gallery\/monaco-3\/reise-lyon-cote-d-azur-teil-3-monaco-78.jpg\"\n\t\t\t\ttitle=\"Ausgerissener Griff\"\n\t\t\t\tclass=\"ngg-simplelightbox\" rel=\"4ab7cb54ede9932283e074c347599e8d\" data-image-id=\"14659\" data-src=\"https:\/\/wernerdeck.de\/blog\/wp-content\/gallery\/monaco-3\/reise-lyon-cote-d-azur-teil-3-monaco-78.jpg\" data-thumbnail=\"https:\/\/wernerdeck.de\/blog\/wp-content\/gallery\/monaco-3\/thumbs\/thumbs_reise-lyon-cote-d-azur-teil-3-monaco-78.jpg\" data-title=\"C\u00f4te d\u2019Azur Reise Monaco. Ausgerissener Griff\" data-description=\"Ausgerissener Griff\" >\n\t\t\t\t\t\t\t\t<img title=\"C\u00f4te d\u2019Azur Reise Monaco. Ausgerissener Griff\" alt=\"C\u00f4te d\u2019Azur Reise Monaco. Ausgerissener Griff\" src=\"https:\/\/wernerdeck.de\/blog\/wp-content\/gallery\/monaco-3\/thumbs\/thumbs_reise-lyon-cote-d-azur-teil-3-monaco-78.jpg\" width='240' height='160' \/>\n\t\t\t\t\t\t\t<\/a>\n\t\t\t<span>\n\t\t\tAusgerissener Griff\t\t\t<\/span>\n\t\t<\/div>\n\t<\/div>\n\t\t\t\t\t\t\t<br style=\"clear: both\" \/>\n\t\t\t\n\t<div id=\"ngg-image-14660\" class=\"ngg-gallery-thumbnail-box\" style=\"width:25%;\" >\n\t\t<div class=\"ngg-gallery-thumbnail\" >\n\t\t\t<a href=\"https:\/\/wernerdeck.de\/blog\/wp-content\/gallery\/monaco-3\/reise-lyon-cote-d-azur-teil-3-monaco-81.jpg\"\n\t\t\t\ttitle=\"Ausgerissener Griff\"\n\t\t\t\tclass=\"ngg-simplelightbox\" rel=\"4ab7cb54ede9932283e074c347599e8d\" data-image-id=\"14660\" data-src=\"https:\/\/wernerdeck.de\/blog\/wp-content\/gallery\/monaco-3\/reise-lyon-cote-d-azur-teil-3-monaco-81.jpg\" data-thumbnail=\"https:\/\/wernerdeck.de\/blog\/wp-content\/gallery\/monaco-3\/thumbs\/thumbs_reise-lyon-cote-d-azur-teil-3-monaco-81.jpg\" data-title=\"C\u00f4te d\u2019Azur Reise Monaco. Ausgerissener Griff\" data-description=\"Ausgerissener Griff\" >\n\t\t\t\t\t\t\t\t<img title=\"C\u00f4te d\u2019Azur Reise Monaco. Ausgerissener Griff\" alt=\"C\u00f4te d\u2019Azur Reise Monaco. Ausgerissener Griff\" src=\"https:\/\/wernerdeck.de\/blog\/wp-content\/gallery\/monaco-3\/thumbs\/thumbs_reise-lyon-cote-d-azur-teil-3-monaco-81.jpg\" width='240' height='160' \/>\n\t\t\t\t\t\t\t<\/a>\n\t\t\t<span>\n\t\t\tAusgerissener Griff\t\t\t<\/span>\n\t\t<\/div>\n\t<\/div>\n\t\t\t\t\t\t\t\t\n\t<div id=\"ngg-image-14656\" class=\"ngg-gallery-thumbnail-box\" style=\"width:25%;\" >\n\t\t<div class=\"ngg-gallery-thumbnail\" >\n\t\t\t<a href=\"https:\/\/wernerdeck.de\/blog\/wp-content\/gallery\/monaco-3\/reise-lyon-cote-d-azur-teil-3-monaco-84.jpg\"\n\t\t\t\ttitle=\"Der Busplan\"\n\t\t\t\tclass=\"ngg-simplelightbox\" rel=\"4ab7cb54ede9932283e074c347599e8d\" data-image-id=\"14656\" data-src=\"https:\/\/wernerdeck.de\/blog\/wp-content\/gallery\/monaco-3\/reise-lyon-cote-d-azur-teil-3-monaco-84.jpg\" data-thumbnail=\"https:\/\/wernerdeck.de\/blog\/wp-content\/gallery\/monaco-3\/thumbs\/thumbs_reise-lyon-cote-d-azur-teil-3-monaco-84.jpg\" data-title=\"C\u00f4te d\u2019Azur Reise Monaco.  Der Busplan\" data-description=\"Der Busplan\" >\n\t\t\t\t\t\t\t\t<img title=\"C\u00f4te d\u2019Azur Reise Monaco.  Der Busplan\" alt=\"C\u00f4te d\u2019Azur Reise Monaco.  Der Busplan\" src=\"https:\/\/wernerdeck.de\/blog\/wp-content\/gallery\/monaco-3\/thumbs\/thumbs_reise-lyon-cote-d-azur-teil-3-monaco-84.jpg\" width='240' height='160' \/>\n\t\t\t\t\t\t\t<\/a>\n\t\t\t<span>\n\t\t\tDer Busplan\t\t\t<\/span>\n\t\t<\/div>\n\t<\/div>\n\t\t\t\t\t\t\t\t\n\t<div id=\"ngg-image-14662\" class=\"ngg-gallery-thumbnail-box\" style=\"width:25%;\" >\n\t\t<div class=\"ngg-gallery-thumbnail\" >\n\t\t\t<a href=\"https:\/\/wernerdeck.de\/blog\/wp-content\/gallery\/monaco-3\/reise-lyon-cote-d-azur-teil-3-monaco-87.jpg\"\n\t\t\t\ttitle=\"Ausstieg am Place de Casino\"\n\t\t\t\tclass=\"ngg-simplelightbox\" rel=\"4ab7cb54ede9932283e074c347599e8d\" data-image-id=\"14662\" data-src=\"https:\/\/wernerdeck.de\/blog\/wp-content\/gallery\/monaco-3\/reise-lyon-cote-d-azur-teil-3-monaco-87.jpg\" data-thumbnail=\"https:\/\/wernerdeck.de\/blog\/wp-content\/gallery\/monaco-3\/thumbs\/thumbs_reise-lyon-cote-d-azur-teil-3-monaco-87.jpg\" data-title=\"C\u00f4te d\u2019Azur Reise Monaco. Ausstieg am Place de Casino\" data-description=\"Ausstieg am Place de Casino\" >\n\t\t\t\t\t\t\t\t<img title=\"C\u00f4te d\u2019Azur Reise Monaco. Ausstieg am Place de Casino\" alt=\"C\u00f4te d\u2019Azur Reise Monaco. Ausstieg am Place de Casino\" src=\"https:\/\/wernerdeck.de\/blog\/wp-content\/gallery\/monaco-3\/thumbs\/thumbs_reise-lyon-cote-d-azur-teil-3-monaco-87.jpg\" width='240' height='160' \/>\n\t\t\t\t\t\t\t<\/a>\n\t\t\t<span>\n\t\t\tAusstieg am Place de Casino\t\t\t<\/span>\n\t\t<\/div>\n\t<\/div>\n\t\t\t\t\t\t\t\t\n\t<div id=\"ngg-image-14661\" class=\"ngg-gallery-thumbnail-box\" style=\"width:25%;\" >\n\t\t<div class=\"ngg-gallery-thumbnail\" >\n\t\t\t<a href=\"https:\/\/wernerdeck.de\/blog\/wp-content\/gallery\/monaco-3\/reise-lyon-cote-d-azur-teil-3-monaco-90.jpg\"\n\t\t\t\ttitle=\"Mein Empfangsplakat \ud83d\ude09\"\n\t\t\t\tclass=\"ngg-simplelightbox\" rel=\"4ab7cb54ede9932283e074c347599e8d\" data-image-id=\"14661\" data-src=\"https:\/\/wernerdeck.de\/blog\/wp-content\/gallery\/monaco-3\/reise-lyon-cote-d-azur-teil-3-monaco-90.jpg\" data-thumbnail=\"https:\/\/wernerdeck.de\/blog\/wp-content\/gallery\/monaco-3\/thumbs\/thumbs_reise-lyon-cote-d-azur-teil-3-monaco-90.jpg\" data-title=\"C\u00f4te d\u2019Azur Reise Monaco. Empfangsplakat LE DECK\" data-description=\"Mein Empfangsplakat \ud83d\ude09\" >\n\t\t\t\t\t\t\t\t<img title=\"C\u00f4te d\u2019Azur Reise Monaco. Empfangsplakat LE DECK\" alt=\"C\u00f4te d\u2019Azur Reise Monaco. Empfangsplakat LE DECK\" src=\"https:\/\/wernerdeck.de\/blog\/wp-content\/gallery\/monaco-3\/thumbs\/thumbs_reise-lyon-cote-d-azur-teil-3-monaco-90.jpg\" width='240' height='160' \/>\n\t\t\t\t\t\t\t<\/a>\n\t\t\t<span>\n\t\t\tMein Empfangsplakat \ud83d\ude09\t\t\t<\/span>\n\t\t<\/div>\n\t<\/div>\n\t\t\t\t\t\t\t<br style=\"clear: both\" \/>\n\t\t\t\n\t<!-- Pagination -->\n\t\t<div class='ngg-clear'><\/div>\t\n<\/div>\n\n\tAm Place du Casino stiegen wir wieder aus. Schon von Weitem pr\u00e4gte das ber\u00fchmte <a href=\"https:\/\/www.montecarlosbm.com\/de\/hotel-monaco\/hotel-paris-monte-carlo\" target=\"_blank\" rel=\"noopener\">H\u00f4tel de Paris<\/a> den Platz, w\u00e4hrend das Casino selbst dicht umlagert war. Das H\u00f4tel de Paris wurde 1864 er\u00f6ffnet und z\u00e4hlt zu den ber\u00fchmtesten Luxushotels der Welt. Es verk\u00f6rpert seit \u00fcber 150 Jahren den Glamour und die Eleganz von Monte-Carlo, mit prunkvollen Innenr\u00e4umen und exzellentem Service.<\/p>\n<p>Menschenmassen dr\u00e4ngten sich um den Eingang des Casinos und die lange Schlange lie\u00df uns unser Vorhaben, ins Casino hineinzugehen, schnell verwerfen. Also begn\u00fcgten wir uns mit dem Anblick von au\u00dfen. Vor dem Casino funkelte ein Rolls-Royce Phantom VII \u2013 ein stattliches Gef\u00e4hrt mit einem Neupreis zwischen 300.000 und 400.000 Euro. Da ist mein Oldtimer Rolls-Royce Silver Shadow II gleich etwas bescheidener. \ud83d\ude09<\/p>\n<p>\n<div class=\"ngg-galleryoverview ngg-template-caption\" id=\"ngg-gallery-be3011aae54f9abf86be62d8b35c0e95-30448\">\n\n\t\t\n\t<!-- Thumbnails -->\n\t\t\t\t\t\n\t<div id=\"ngg-image-14663\" class=\"ngg-gallery-thumbnail-box\" style=\"width:25%;\" >\n\t\t<div class=\"ngg-gallery-thumbnail\" >\n\t\t\t<a href=\"https:\/\/wernerdeck.de\/blog\/wp-content\/gallery\/monaco-4\/reise-lyon-cote-d-azur-teil-3-monaco-02jpg.jpg\"\n\t\t\t\ttitle=\"Hotel de Paris\"\n\t\t\t\tclass=\"ngg-simplelightbox\" rel=\"be3011aae54f9abf86be62d8b35c0e95\" data-image-id=\"14663\" data-src=\"https:\/\/wernerdeck.de\/blog\/wp-content\/gallery\/monaco-4\/reise-lyon-cote-d-azur-teil-3-monaco-02jpg.jpg\" data-thumbnail=\"https:\/\/wernerdeck.de\/blog\/wp-content\/gallery\/monaco-4\/thumbs\/thumbs_reise-lyon-cote-d-azur-teil-3-monaco-02jpg.jpg\" data-title=\"C\u00f4te d\u2019Azur Reise Monaco. Hotel de Paris\" data-description=\"Hotel de Paris\" >\n\t\t\t\t\t\t\t\t<img title=\"C\u00f4te d\u2019Azur Reise Monaco. Hotel de Paris\" alt=\"C\u00f4te d\u2019Azur Reise Monaco. Hotel de Paris\" src=\"https:\/\/wernerdeck.de\/blog\/wp-content\/gallery\/monaco-4\/thumbs\/thumbs_reise-lyon-cote-d-azur-teil-3-monaco-02jpg.jpg\" width='240' height='160' \/>\n\t\t\t\t\t\t\t<\/a>\n\t\t\t<span>\n\t\t\tHotel de Paris\t\t\t<\/span>\n\t\t<\/div>\n\t<\/div>\n\t\t\t\t\t\t\t\t\n\t<div id=\"ngg-image-14667\" class=\"ngg-gallery-thumbnail-box\" style=\"width:25%;\" >\n\t\t<div class=\"ngg-gallery-thumbnail\" >\n\t\t\t<a href=\"https:\/\/wernerdeck.de\/blog\/wp-content\/gallery\/monaco-4\/reise-lyon-cote-d-azur-teil-3-monaco-03.jpg\"\n\t\t\t\ttitle=\"Hotel de Paris\"\n\t\t\t\tclass=\"ngg-simplelightbox\" rel=\"be3011aae54f9abf86be62d8b35c0e95\" data-image-id=\"14667\" data-src=\"https:\/\/wernerdeck.de\/blog\/wp-content\/gallery\/monaco-4\/reise-lyon-cote-d-azur-teil-3-monaco-03.jpg\" data-thumbnail=\"https:\/\/wernerdeck.de\/blog\/wp-content\/gallery\/monaco-4\/thumbs\/thumbs_reise-lyon-cote-d-azur-teil-3-monaco-03.jpg\" data-title=\"C\u00f4te d\u2019Azur Reise Monaco. Hotel de Paris\" data-description=\"Hotel de Paris\" >\n\t\t\t\t\t\t\t\t<img title=\"C\u00f4te d\u2019Azur Reise Monaco. Hotel de Paris\" alt=\"C\u00f4te d\u2019Azur Reise Monaco. Hotel de Paris\" src=\"https:\/\/wernerdeck.de\/blog\/wp-content\/gallery\/monaco-4\/thumbs\/thumbs_reise-lyon-cote-d-azur-teil-3-monaco-03.jpg\" width='240' height='160' \/>\n\t\t\t\t\t\t\t<\/a>\n\t\t\t<span>\n\t\t\tHotel de Paris\t\t\t<\/span>\n\t\t<\/div>\n\t<\/div>\n\t\t\t\t\t\t\t\t\n\t<div id=\"ngg-image-14668\" class=\"ngg-gallery-thumbnail-box\" style=\"width:25%;\" >\n\t\t<div class=\"ngg-gallery-thumbnail\" >\n\t\t\t<a href=\"https:\/\/wernerdeck.de\/blog\/wp-content\/gallery\/monaco-4\/reise-lyon-cote-d-azur-teil-3-monaco-06.jpg\"\n\t\t\t\ttitle=\"Vor dem Casino\"\n\t\t\t\tclass=\"ngg-simplelightbox\" rel=\"be3011aae54f9abf86be62d8b35c0e95\" data-image-id=\"14668\" data-src=\"https:\/\/wernerdeck.de\/blog\/wp-content\/gallery\/monaco-4\/reise-lyon-cote-d-azur-teil-3-monaco-06.jpg\" data-thumbnail=\"https:\/\/wernerdeck.de\/blog\/wp-content\/gallery\/monaco-4\/thumbs\/thumbs_reise-lyon-cote-d-azur-teil-3-monaco-06.jpg\" data-title=\"C\u00f4te d\u2019Azur Reise Monaco. Vor dem Casino\" data-description=\"Vor dem Casino\" >\n\t\t\t\t\t\t\t\t<img title=\"C\u00f4te d\u2019Azur Reise Monaco. Vor dem Casino\" alt=\"C\u00f4te d\u2019Azur Reise Monaco. Vor dem Casino\" src=\"https:\/\/wernerdeck.de\/blog\/wp-content\/gallery\/monaco-4\/thumbs\/thumbs_reise-lyon-cote-d-azur-teil-3-monaco-06.jpg\" width='240' height='160' \/>\n\t\t\t\t\t\t\t<\/a>\n\t\t\t<span>\n\t\t\tVor dem Casino\t\t\t<\/span>\n\t\t<\/div>\n\t<\/div>\n\t\t\t\t\t\t\t\t\n\t<div id=\"ngg-image-14664\" class=\"ngg-gallery-thumbnail-box\" style=\"width:25%;\" >\n\t\t<div class=\"ngg-gallery-thumbnail\" >\n\t\t\t<a href=\"https:\/\/wernerdeck.de\/blog\/wp-content\/gallery\/monaco-4\/reise-lyon-cote-d-azur-teil-3-monaco-12.jpg\"\n\t\t\t\ttitle=\"Vor dem Casino\"\n\t\t\t\tclass=\"ngg-simplelightbox\" rel=\"be3011aae54f9abf86be62d8b35c0e95\" data-image-id=\"14664\" data-src=\"https:\/\/wernerdeck.de\/blog\/wp-content\/gallery\/monaco-4\/reise-lyon-cote-d-azur-teil-3-monaco-12.jpg\" data-thumbnail=\"https:\/\/wernerdeck.de\/blog\/wp-content\/gallery\/monaco-4\/thumbs\/thumbs_reise-lyon-cote-d-azur-teil-3-monaco-12.jpg\" data-title=\"C\u00f4te d\u2019Azur Reise Monaco. Vor dem Casino\" data-description=\"Vor dem Casino\" >\n\t\t\t\t\t\t\t\t<img title=\"C\u00f4te d\u2019Azur Reise Monaco. Vor dem Casino\" alt=\"C\u00f4te d\u2019Azur Reise Monaco. Vor dem Casino\" src=\"https:\/\/wernerdeck.de\/blog\/wp-content\/gallery\/monaco-4\/thumbs\/thumbs_reise-lyon-cote-d-azur-teil-3-monaco-12.jpg\" width='240' height='160' \/>\n\t\t\t\t\t\t\t<\/a>\n\t\t\t<span>\n\t\t\tVor dem Casino\t\t\t<\/span>\n\t\t<\/div>\n\t<\/div>\n\t\t\t\t\t\t\t<br style=\"clear: both\" \/>\n\t\t\t\n\t<div id=\"ngg-image-14666\" class=\"ngg-gallery-thumbnail-box\" style=\"width:25%;\" >\n\t\t<div class=\"ngg-gallery-thumbnail\" >\n\t\t\t<a href=\"https:\/\/wernerdeck.de\/blog\/wp-content\/gallery\/monaco-4\/reise-lyon-cote-d-azur-teil-3-monaco-18.jpg\"\n\t\t\t\ttitle=\"Schlangen am Eingang\"\n\t\t\t\tclass=\"ngg-simplelightbox\" rel=\"be3011aae54f9abf86be62d8b35c0e95\" data-image-id=\"14666\" data-src=\"https:\/\/wernerdeck.de\/blog\/wp-content\/gallery\/monaco-4\/reise-lyon-cote-d-azur-teil-3-monaco-18.jpg\" data-thumbnail=\"https:\/\/wernerdeck.de\/blog\/wp-content\/gallery\/monaco-4\/thumbs\/thumbs_reise-lyon-cote-d-azur-teil-3-monaco-18.jpg\" data-title=\"C\u00f4te d\u2019Azur Reise Monaco. Schlangen am Casinoeingang\" data-description=\"Schlangen am Eingang\" >\n\t\t\t\t\t\t\t\t<img title=\"C\u00f4te d\u2019Azur Reise Monaco. Schlangen am Casinoeingang\" alt=\"C\u00f4te d\u2019Azur Reise Monaco. Schlangen am Casinoeingang\" src=\"https:\/\/wernerdeck.de\/blog\/wp-content\/gallery\/monaco-4\/thumbs\/thumbs_reise-lyon-cote-d-azur-teil-3-monaco-18.jpg\" width='240' height='160' \/>\n\t\t\t\t\t\t\t<\/a>\n\t\t\t<span>\n\t\t\tSchlangen am Eingang\t\t\t<\/span>\n\t\t<\/div>\n\t<\/div>\n\t\t\t\t\t\t\t\t\n\t<div id=\"ngg-image-14665\" class=\"ngg-gallery-thumbnail-box\" style=\"width:25%;\" >\n\t\t<div class=\"ngg-gallery-thumbnail\" >\n\t\t\t<a href=\"https:\/\/wernerdeck.de\/blog\/wp-content\/gallery\/monaco-4\/reise-lyon-cote-d-azur-teil-3-monaco-26.jpg\"\n\t\t\t\ttitle=\"Hector-Berlioz-Statue\"\n\t\t\t\tclass=\"ngg-simplelightbox\" rel=\"be3011aae54f9abf86be62d8b35c0e95\" data-image-id=\"14665\" data-src=\"https:\/\/wernerdeck.de\/blog\/wp-content\/gallery\/monaco-4\/reise-lyon-cote-d-azur-teil-3-monaco-26.jpg\" data-thumbnail=\"https:\/\/wernerdeck.de\/blog\/wp-content\/gallery\/monaco-4\/thumbs\/thumbs_reise-lyon-cote-d-azur-teil-3-monaco-26.jpg\" data-title=\" C\u00f4te d\u2019Azur Reise Monaco.  Hector-Berlioz-Statue\" data-description=\"Hector-Berlioz-Statue\" >\n\t\t\t\t\t\t\t\t<img title=\" C\u00f4te d\u2019Azur Reise Monaco.  Hector-Berlioz-Statue\" alt=\" C\u00f4te d\u2019Azur Reise Monaco.  Hector-Berlioz-Statue\" src=\"https:\/\/wernerdeck.de\/blog\/wp-content\/gallery\/monaco-4\/thumbs\/thumbs_reise-lyon-cote-d-azur-teil-3-monaco-26.jpg\" width='240' height='160' \/>\n\t\t\t\t\t\t\t<\/a>\n\t\t\t<span>\n\t\t\tHector-Berlioz-Statue\t\t\t<\/span>\n\t\t<\/div>\n\t<\/div>\n\t\t\t\t\t\t\t\t\n\t<div id=\"ngg-image-14670\" class=\"ngg-gallery-thumbnail-box\" style=\"width:25%;\" >\n\t\t<div class=\"ngg-gallery-thumbnail\" >\n\t\t\t<a href=\"https:\/\/wernerdeck.de\/blog\/wp-content\/gallery\/monaco-4\/reise-lyon-cote-d-azur-teil-3-monaco-27.jpg\"\n\t\t\t\ttitle=\"Seitenansicht Casino\"\n\t\t\t\tclass=\"ngg-simplelightbox\" rel=\"be3011aae54f9abf86be62d8b35c0e95\" data-image-id=\"14670\" data-src=\"https:\/\/wernerdeck.de\/blog\/wp-content\/gallery\/monaco-4\/reise-lyon-cote-d-azur-teil-3-monaco-27.jpg\" data-thumbnail=\"https:\/\/wernerdeck.de\/blog\/wp-content\/gallery\/monaco-4\/thumbs\/thumbs_reise-lyon-cote-d-azur-teil-3-monaco-27.jpg\" data-title=\"C\u00f4te d\u2019Azur Reise Monaco. Casino Seitenansicht\" data-description=\"Seitenansicht Casino\" >\n\t\t\t\t\t\t\t\t<img title=\"C\u00f4te d\u2019Azur Reise Monaco. Casino Seitenansicht\" alt=\"C\u00f4te d\u2019Azur Reise Monaco. Casino Seitenansicht\" src=\"https:\/\/wernerdeck.de\/blog\/wp-content\/gallery\/monaco-4\/thumbs\/thumbs_reise-lyon-cote-d-azur-teil-3-monaco-27.jpg\" width='240' height='160' \/>\n\t\t\t\t\t\t\t<\/a>\n\t\t\t<span>\n\t\t\tSeitenansicht Casino\t\t\t<\/span>\n\t\t<\/div>\n\t<\/div>\n\t\t\t\t\t\t\t\t\n\t<div id=\"ngg-image-14672\" class=\"ngg-gallery-thumbnail-box\" style=\"width:25%;\" >\n\t\t<div class=\"ngg-gallery-thumbnail\" >\n\t\t\t<a href=\"https:\/\/wernerdeck.de\/blog\/wp-content\/gallery\/monaco-4\/reise-lyon-cote-d-azur-teil-3-monaco-30.jpg\"\n\t\t\t\ttitle=\"Casino Seitenansicht\"\n\t\t\t\tclass=\"ngg-simplelightbox\" rel=\"be3011aae54f9abf86be62d8b35c0e95\" data-image-id=\"14672\" data-src=\"https:\/\/wernerdeck.de\/blog\/wp-content\/gallery\/monaco-4\/reise-lyon-cote-d-azur-teil-3-monaco-30.jpg\" data-thumbnail=\"https:\/\/wernerdeck.de\/blog\/wp-content\/gallery\/monaco-4\/thumbs\/thumbs_reise-lyon-cote-d-azur-teil-3-monaco-30.jpg\" data-title=\"C\u00f4te d\u2019Azur Reise Monaco. Casino Seitenansicht\" data-description=\"Casino Seitenansicht\" >\n\t\t\t\t\t\t\t\t<img title=\"C\u00f4te d\u2019Azur Reise Monaco. Casino Seitenansicht\" alt=\"C\u00f4te d\u2019Azur Reise Monaco. Casino Seitenansicht\" src=\"https:\/\/wernerdeck.de\/blog\/wp-content\/gallery\/monaco-4\/thumbs\/thumbs_reise-lyon-cote-d-azur-teil-3-monaco-30.jpg\" width='240' height='160' \/>\n\t\t\t\t\t\t\t<\/a>\n\t\t\t<span>\n\t\t\tCasino Seitenansicht\t\t\t<\/span>\n\t\t<\/div>\n\t<\/div>\n\t\t\t\t\t\t\t<br style=\"clear: both\" \/>\n\t\t\t\n\t<div id=\"ngg-image-14674\" class=\"ngg-gallery-thumbnail-box\" style=\"width:25%;\" >\n\t\t<div class=\"ngg-gallery-thumbnail\" >\n\t\t\t<a href=\"https:\/\/wernerdeck.de\/blog\/wp-content\/gallery\/monaco-4\/reise-lyon-cote-d-azur-teil-3-monaco-36.jpg\"\n\t\t\t\ttitle=\"Casino R\u00fcckansicht\"\n\t\t\t\tclass=\"ngg-simplelightbox\" rel=\"be3011aae54f9abf86be62d8b35c0e95\" data-image-id=\"14674\" data-src=\"https:\/\/wernerdeck.de\/blog\/wp-content\/gallery\/monaco-4\/reise-lyon-cote-d-azur-teil-3-monaco-36.jpg\" data-thumbnail=\"https:\/\/wernerdeck.de\/blog\/wp-content\/gallery\/monaco-4\/thumbs\/thumbs_reise-lyon-cote-d-azur-teil-3-monaco-36.jpg\" data-title=\"C\u00f4te d\u2019Azur Reise Monaco. Casino R\u00fcckansicht\" data-description=\"Casino R\u00fcckansicht\" >\n\t\t\t\t\t\t\t\t<img title=\"C\u00f4te d\u2019Azur Reise Monaco. Casino R\u00fcckansicht\" alt=\"C\u00f4te d\u2019Azur Reise Monaco. Casino R\u00fcckansicht\" src=\"https:\/\/wernerdeck.de\/blog\/wp-content\/gallery\/monaco-4\/thumbs\/thumbs_reise-lyon-cote-d-azur-teil-3-monaco-36.jpg\" width='240' height='160' \/>\n\t\t\t\t\t\t\t<\/a>\n\t\t\t<span>\n\t\t\tCasino R\u00fcckansicht\t\t\t<\/span>\n\t\t<\/div>\n\t<\/div>\n\t\t\t\t\t\t\t\t\n\t<div id=\"ngg-image-14673\" class=\"ngg-gallery-thumbnail-box\" style=\"width:25%;\" >\n\t\t<div class=\"ngg-gallery-thumbnail\" >\n\t\t\t<a href=\"https:\/\/wernerdeck.de\/blog\/wp-content\/gallery\/monaco-4\/reise-lyon-cote-d-azur-teil-3-monaco-42.jpg\"\n\t\t\t\ttitle=\"Sehr viele Besucher\"\n\t\t\t\tclass=\"ngg-simplelightbox\" rel=\"be3011aae54f9abf86be62d8b35c0e95\" data-image-id=\"14673\" data-src=\"https:\/\/wernerdeck.de\/blog\/wp-content\/gallery\/monaco-4\/reise-lyon-cote-d-azur-teil-3-monaco-42.jpg\" data-thumbnail=\"https:\/\/wernerdeck.de\/blog\/wp-content\/gallery\/monaco-4\/thumbs\/thumbs_reise-lyon-cote-d-azur-teil-3-monaco-42.jpg\" data-title=\"C\u00f4te d\u2019Azur Reise Monaco. Place de Casino voller Menschen\" data-description=\"Sehr viele Besucher\" >\n\t\t\t\t\t\t\t\t<img title=\"C\u00f4te d\u2019Azur Reise Monaco. Place de Casino voller Menschen\" alt=\"C\u00f4te d\u2019Azur Reise Monaco. Place de Casino voller Menschen\" src=\"https:\/\/wernerdeck.de\/blog\/wp-content\/gallery\/monaco-4\/thumbs\/thumbs_reise-lyon-cote-d-azur-teil-3-monaco-42.jpg\" width='240' height='160' \/>\n\t\t\t\t\t\t\t<\/a>\n\t\t\t<span>\n\t\t\tSehr viele Besucher\t\t\t<\/span>\n\t\t<\/div>\n\t<\/div>\n\t\t\t\t\t\t\t\t\n\t<div id=\"ngg-image-14669\" class=\"ngg-gallery-thumbnail-box\" style=\"width:25%;\" >\n\t\t<div class=\"ngg-gallery-thumbnail\" >\n\t\t\t<a href=\"https:\/\/wernerdeck.de\/blog\/wp-content\/gallery\/monaco-4\/reise-lyon-cote-d-azur-teil-3-monaco-93.jpg\"\n\t\t\t\ttitle=\"Rolls-Royce Phantom VII\"\n\t\t\t\tclass=\"ngg-simplelightbox\" rel=\"be3011aae54f9abf86be62d8b35c0e95\" data-image-id=\"14669\" data-src=\"https:\/\/wernerdeck.de\/blog\/wp-content\/gallery\/monaco-4\/reise-lyon-cote-d-azur-teil-3-monaco-93.jpg\" data-thumbnail=\"https:\/\/wernerdeck.de\/blog\/wp-content\/gallery\/monaco-4\/thumbs\/thumbs_reise-lyon-cote-d-azur-teil-3-monaco-93.jpg\" data-title=\"\u00f4te d\u2019Azur Reise Monaco. Rolls-Royce Phantom VII\" data-description=\"Rolls-Royce Phantom VII\" >\n\t\t\t\t\t\t\t\t<img title=\"\u00f4te d\u2019Azur Reise Monaco. Rolls-Royce Phantom VII\" alt=\"\u00f4te d\u2019Azur Reise Monaco. Rolls-Royce Phantom VII\" src=\"https:\/\/wernerdeck.de\/blog\/wp-content\/gallery\/monaco-4\/thumbs\/thumbs_reise-lyon-cote-d-azur-teil-3-monaco-93.jpg\" width='240' height='160' \/>\n\t\t\t\t\t\t\t<\/a>\n\t\t\t<span>\n\t\t\tRolls-Royce Phantom VII\t\t\t<\/span>\n\t\t<\/div>\n\t<\/div>\n\t\t\t\t\t\t\t\t\n\t<div id=\"ngg-image-14671\" class=\"ngg-gallery-thumbnail-box\" style=\"width:25%;\" >\n\t\t<div class=\"ngg-gallery-thumbnail\" >\n\t\t\t<a href=\"https:\/\/wernerdeck.de\/blog\/wp-content\/gallery\/monaco-4\/reise-lyon-cote-d-azur-teil-3-monaco-94.jpg\"\n\t\t\t\ttitle=\"Mein Oldtimer Rolls-Royce Silver Shadow II\"\n\t\t\t\tclass=\"ngg-simplelightbox\" rel=\"be3011aae54f9abf86be62d8b35c0e95\" data-image-id=\"14671\" data-src=\"https:\/\/wernerdeck.de\/blog\/wp-content\/gallery\/monaco-4\/reise-lyon-cote-d-azur-teil-3-monaco-94.jpg\" data-thumbnail=\"https:\/\/wernerdeck.de\/blog\/wp-content\/gallery\/monaco-4\/thumbs\/thumbs_reise-lyon-cote-d-azur-teil-3-monaco-94.jpg\" data-title=\"C\u00f4te d\u2019Azur Reise Monaco. Rolls-Royce Silver Shadow II\" data-description=\"Mein Oldtimer Rolls-Royce Silver Shadow II\" >\n\t\t\t\t\t\t\t\t<img title=\"C\u00f4te d\u2019Azur Reise Monaco. Rolls-Royce Silver Shadow II\" alt=\"C\u00f4te d\u2019Azur Reise Monaco. Rolls-Royce Silver Shadow II\" src=\"https:\/\/wernerdeck.de\/blog\/wp-content\/gallery\/monaco-4\/thumbs\/thumbs_reise-lyon-cote-d-azur-teil-3-monaco-94.jpg\" width='240' height='160' \/>\n\t\t\t\t\t\t\t<\/a>\n\t\t\t<span>\n\t\t\tMein Oldtimer Rolls-Royce Silver Shadow II\t\t\t<\/span>\n\t\t<\/div>\n\t<\/div>\n\t\t\t\t\t\t\t<br style=\"clear: both\" \/>\n\t\t\t\n\t<!-- Pagination -->\n\t\t<div class='ngg-clear'><\/div>\t\n<\/div>\n\n\tMit dem Bus ging es anschlie\u00dfend hinauf zum F\u00fcrstenpalast. Schon w\u00e4hrend der Fahrt bot sich ein gro\u00dfartiger Blick auf den Yachthafen. Am Denkmal \u201eApotheose Monaco\u201c stiegen wir aus und spazierten hin\u00fcber zum F\u00fcrstenpalast <a href=\"https:\/\/de.wikipedia.org\/wiki\/F%C3%BCrstenpalast_in_Monaco\" target=\"_blank\" rel=\"noopener\">Palais Princier.<\/a><\/p>\n<p>\n<div class=\"ngg-galleryoverview ngg-template-caption\" id=\"ngg-gallery-d12e0178cb0a9fb25e52775357af8ba3-30448\">\n\n\t\t\n\t<!-- Thumbnails -->\n\t\t\t\t\t\n\t<div id=\"ngg-image-14679\" class=\"ngg-gallery-thumbnail-box\" style=\"width:25%;\" >\n\t\t<div class=\"ngg-gallery-thumbnail\" >\n\t\t\t<a href=\"https:\/\/wernerdeck.de\/blog\/wp-content\/gallery\/monaco-5\/reise-lyon-cote-d-azur-teil-3-monaco-96.jpg\"\n\t\t\t\ttitle=\"Hotel de Paris\"\n\t\t\t\tclass=\"ngg-simplelightbox\" rel=\"d12e0178cb0a9fb25e52775357af8ba3\" data-image-id=\"14679\" data-src=\"https:\/\/wernerdeck.de\/blog\/wp-content\/gallery\/monaco-5\/reise-lyon-cote-d-azur-teil-3-monaco-96.jpg\" data-thumbnail=\"https:\/\/wernerdeck.de\/blog\/wp-content\/gallery\/monaco-5\/thumbs\/thumbs_reise-lyon-cote-d-azur-teil-3-monaco-96.jpg\" data-title=\"C\u00f4te d\u2019Azur Reise Monaco. Hotel de Paris\" data-description=\"Hotel de Paris\" >\n\t\t\t\t\t\t\t\t<img title=\"C\u00f4te d\u2019Azur Reise Monaco. Hotel de Paris\" alt=\"C\u00f4te d\u2019Azur Reise Monaco. Hotel de Paris\" src=\"https:\/\/wernerdeck.de\/blog\/wp-content\/gallery\/monaco-5\/thumbs\/thumbs_reise-lyon-cote-d-azur-teil-3-monaco-96.jpg\" width='240' height='160' \/>\n\t\t\t\t\t\t\t<\/a>\n\t\t\t<span>\n\t\t\tHotel de Paris\t\t\t<\/span>\n\t\t<\/div>\n\t<\/div>\n\t\t\t\t\t\t\t\t\n\t<div id=\"ngg-image-14675\" class=\"ngg-gallery-thumbnail-box\" style=\"width:25%;\" >\n\t\t<div class=\"ngg-gallery-thumbnail\" >\n\t\t\t<a href=\"https:\/\/wernerdeck.de\/blog\/wp-content\/gallery\/monaco-5\/reise-lyon-cote-d-azur-teil-3-monaco-99.jpg\"\n\t\t\t\ttitle=\"Warten auf den Bus\"\n\t\t\t\tclass=\"ngg-simplelightbox\" rel=\"d12e0178cb0a9fb25e52775357af8ba3\" data-image-id=\"14675\" data-src=\"https:\/\/wernerdeck.de\/blog\/wp-content\/gallery\/monaco-5\/reise-lyon-cote-d-azur-teil-3-monaco-99.jpg\" data-thumbnail=\"https:\/\/wernerdeck.de\/blog\/wp-content\/gallery\/monaco-5\/thumbs\/thumbs_reise-lyon-cote-d-azur-teil-3-monaco-99.jpg\" data-title=\"C\u00f4te d\u2019Azur Reise Monaco. Warten auf den Bus\" data-description=\"Warten auf den Bus\" >\n\t\t\t\t\t\t\t\t<img title=\"C\u00f4te d\u2019Azur Reise Monaco. Warten auf den Bus\" alt=\"C\u00f4te d\u2019Azur Reise Monaco. Warten auf den Bus\" src=\"https:\/\/wernerdeck.de\/blog\/wp-content\/gallery\/monaco-5\/thumbs\/thumbs_reise-lyon-cote-d-azur-teil-3-monaco-99.jpg\" width='240' height='160' \/>\n\t\t\t\t\t\t\t<\/a>\n\t\t\t<span>\n\t\t\tWarten auf den Bus\t\t\t<\/span>\n\t\t<\/div>\n\t<\/div>\n\t\t\t\t\t\t\t\t\n\t<div id=\"ngg-image-14680\" class=\"ngg-gallery-thumbnail-box\" style=\"width:25%;\" >\n\t\t<div class=\"ngg-gallery-thumbnail\" >\n\t\t\t<a href=\"https:\/\/wernerdeck.de\/blog\/wp-content\/gallery\/monaco-5\/reise-lyon-cote-d-azur-teil-3-monaco-102.jpg\"\n\t\t\t\ttitle=\"Sonnendeck im Bus\"\n\t\t\t\tclass=\"ngg-simplelightbox\" rel=\"d12e0178cb0a9fb25e52775357af8ba3\" data-image-id=\"14680\" data-src=\"https:\/\/wernerdeck.de\/blog\/wp-content\/gallery\/monaco-5\/reise-lyon-cote-d-azur-teil-3-monaco-102.jpg\" data-thumbnail=\"https:\/\/wernerdeck.de\/blog\/wp-content\/gallery\/monaco-5\/thumbs\/thumbs_reise-lyon-cote-d-azur-teil-3-monaco-102.jpg\" data-title=\"C\u00f4te d\u2019Azur Reise Monaco.  Im Bus auf dem Sonnendeck\" data-description=\"Sonnendeck im Bus\" >\n\t\t\t\t\t\t\t\t<img title=\"C\u00f4te d\u2019Azur Reise Monaco.  Im Bus auf dem Sonnendeck\" alt=\"C\u00f4te d\u2019Azur Reise Monaco.  Im Bus auf dem Sonnendeck\" src=\"https:\/\/wernerdeck.de\/blog\/wp-content\/gallery\/monaco-5\/thumbs\/thumbs_reise-lyon-cote-d-azur-teil-3-monaco-102.jpg\" width='240' height='160' \/>\n\t\t\t\t\t\t\t<\/a>\n\t\t\t<span>\n\t\t\tSonnendeck im Bus\t\t\t<\/span>\n\t\t<\/div>\n\t<\/div>\n\t\t\t\t\t\t\t\t\n\t<div id=\"ngg-image-14677\" class=\"ngg-gallery-thumbnail-box\" style=\"width:25%;\" >\n\t\t<div class=\"ngg-gallery-thumbnail\" >\n\t\t\t<a href=\"https:\/\/wernerdeck.de\/blog\/wp-content\/gallery\/monaco-5\/reise-lyon-cote-d-azur-teil-3-monaco-105.jpg\"\n\t\t\t\ttitle=\"Blick \u00fcber den Yachthafen\"\n\t\t\t\tclass=\"ngg-simplelightbox\" rel=\"d12e0178cb0a9fb25e52775357af8ba3\" data-image-id=\"14677\" data-src=\"https:\/\/wernerdeck.de\/blog\/wp-content\/gallery\/monaco-5\/reise-lyon-cote-d-azur-teil-3-monaco-105.jpg\" data-thumbnail=\"https:\/\/wernerdeck.de\/blog\/wp-content\/gallery\/monaco-5\/thumbs\/thumbs_reise-lyon-cote-d-azur-teil-3-monaco-105.jpg\" data-title=\"C\u00f4te d\u2019Azur Reise Monaco. Blick \u00fcber den Yachthafen\" data-description=\"Blick \u00fcber den Yachthafen\" >\n\t\t\t\t\t\t\t\t<img title=\"C\u00f4te d\u2019Azur Reise Monaco. Blick \u00fcber den Yachthafen\" alt=\"C\u00f4te d\u2019Azur Reise Monaco. Blick \u00fcber den Yachthafen\" src=\"https:\/\/wernerdeck.de\/blog\/wp-content\/gallery\/monaco-5\/thumbs\/thumbs_reise-lyon-cote-d-azur-teil-3-monaco-105.jpg\" width='240' height='160' \/>\n\t\t\t\t\t\t\t<\/a>\n\t\t\t<span>\n\t\t\tBlick \u00fcber den Yachthafen\t\t\t<\/span>\n\t\t<\/div>\n\t<\/div>\n\t\t\t\t\t\t\t<br style=\"clear: both\" \/>\n\t\t\t\n\t<div id=\"ngg-image-14678\" class=\"ngg-gallery-thumbnail-box\" style=\"width:25%;\" >\n\t\t<div class=\"ngg-gallery-thumbnail\" >\n\t\t\t<a href=\"https:\/\/wernerdeck.de\/blog\/wp-content\/gallery\/monaco-5\/reise-lyon-cote-d-azur-teil-3-monaco-111.jpg\"\n\t\t\t\ttitle=\"Ankunft Palaststation\"\n\t\t\t\tclass=\"ngg-simplelightbox\" rel=\"d12e0178cb0a9fb25e52775357af8ba3\" data-image-id=\"14678\" data-src=\"https:\/\/wernerdeck.de\/blog\/wp-content\/gallery\/monaco-5\/reise-lyon-cote-d-azur-teil-3-monaco-111.jpg\" data-thumbnail=\"https:\/\/wernerdeck.de\/blog\/wp-content\/gallery\/monaco-5\/thumbs\/thumbs_reise-lyon-cote-d-azur-teil-3-monaco-111.jpg\" data-title=\"C\u00f4te d\u2019Azur Reise Monaco. Ankunft Palaststation\" data-description=\"Ankunft Palaststation\" >\n\t\t\t\t\t\t\t\t<img title=\"C\u00f4te d\u2019Azur Reise Monaco. Ankunft Palaststation\" alt=\"C\u00f4te d\u2019Azur Reise Monaco. Ankunft Palaststation\" src=\"https:\/\/wernerdeck.de\/blog\/wp-content\/gallery\/monaco-5\/thumbs\/thumbs_reise-lyon-cote-d-azur-teil-3-monaco-111.jpg\" width='240' height='160' \/>\n\t\t\t\t\t\t\t<\/a>\n\t\t\t<span>\n\t\t\tAnkunft Palaststation\t\t\t<\/span>\n\t\t<\/div>\n\t<\/div>\n\t\t\t\t\t\t\t\t\n\t<div id=\"ngg-image-14676\" class=\"ngg-gallery-thumbnail-box\" style=\"width:25%;\" >\n\t\t<div class=\"ngg-gallery-thumbnail\" >\n\t\t\t<a href=\"https:\/\/wernerdeck.de\/blog\/wp-content\/gallery\/monaco-5\/reise-lyon-cote-d-azur-teil-3-monaco-114.jpg\"\n\t\t\t\ttitle=\"Apotheose Monaco\"\n\t\t\t\tclass=\"ngg-simplelightbox\" rel=\"d12e0178cb0a9fb25e52775357af8ba3\" data-image-id=\"14676\" data-src=\"https:\/\/wernerdeck.de\/blog\/wp-content\/gallery\/monaco-5\/reise-lyon-cote-d-azur-teil-3-monaco-114.jpg\" data-thumbnail=\"https:\/\/wernerdeck.de\/blog\/wp-content\/gallery\/monaco-5\/thumbs\/thumbs_reise-lyon-cote-d-azur-teil-3-monaco-114.jpg\" data-title=\"C\u00f4te d\u2019Azur Reise Monaco. Apotheose Monaco\" data-description=\"Apotheose Monaco\" >\n\t\t\t\t\t\t\t\t<img title=\"C\u00f4te d\u2019Azur Reise Monaco. Apotheose Monaco\" alt=\"C\u00f4te d\u2019Azur Reise Monaco. Apotheose Monaco\" src=\"https:\/\/wernerdeck.de\/blog\/wp-content\/gallery\/monaco-5\/thumbs\/thumbs_reise-lyon-cote-d-azur-teil-3-monaco-114.jpg\" width='240' height='160' \/>\n\t\t\t\t\t\t\t<\/a>\n\t\t\t<span>\n\t\t\tApotheose Monaco\t\t\t<\/span>\n\t\t<\/div>\n\t<\/div>\n\t\t\t\t\t\t\t\t\n\t<div id=\"ngg-image-14681\" class=\"ngg-gallery-thumbnail-box\" style=\"width:25%;\" >\n\t\t<div class=\"ngg-gallery-thumbnail\" >\n\t\t\t<a href=\"https:\/\/wernerdeck.de\/blog\/wp-content\/gallery\/monaco-5\/reise-lyon-cote-d-azur-teil-3-monaco-117.jpg\"\n\t\t\t\ttitle=\"Apotheose Monaco\"\n\t\t\t\tclass=\"ngg-simplelightbox\" rel=\"d12e0178cb0a9fb25e52775357af8ba3\" data-image-id=\"14681\" data-src=\"https:\/\/wernerdeck.de\/blog\/wp-content\/gallery\/monaco-5\/reise-lyon-cote-d-azur-teil-3-monaco-117.jpg\" data-thumbnail=\"https:\/\/wernerdeck.de\/blog\/wp-content\/gallery\/monaco-5\/thumbs\/thumbs_reise-lyon-cote-d-azur-teil-3-monaco-117.jpg\" data-title=\"C\u00f4te d\u2019Azur Reise Monaco. Apotheose Monaco\" data-description=\"Apotheose Monaco\" >\n\t\t\t\t\t\t\t\t<img title=\"C\u00f4te d\u2019Azur Reise Monaco. Apotheose Monaco\" alt=\"C\u00f4te d\u2019Azur Reise Monaco. Apotheose Monaco\" src=\"https:\/\/wernerdeck.de\/blog\/wp-content\/gallery\/monaco-5\/thumbs\/thumbs_reise-lyon-cote-d-azur-teil-3-monaco-117.jpg\" width='240' height='160' \/>\n\t\t\t\t\t\t\t<\/a>\n\t\t\t<span>\n\t\t\tApotheose Monaco\t\t\t<\/span>\n\t\t<\/div>\n\t<\/div>\n\t\t\t\t\t\t\t\t\n\t<div id=\"ngg-image-14682\" class=\"ngg-gallery-thumbnail-box\" style=\"width:25%;\" >\n\t\t<div class=\"ngg-gallery-thumbnail\" >\n\t\t\t<a href=\"https:\/\/wernerdeck.de\/blog\/wp-content\/gallery\/monaco-5\/reise-lyon-cote-d-azur-teil-3-monaco-120.jpg\"\n\t\t\t\ttitle=\"Der Yachthafen\"\n\t\t\t\tclass=\"ngg-simplelightbox\" rel=\"d12e0178cb0a9fb25e52775357af8ba3\" data-image-id=\"14682\" data-src=\"https:\/\/wernerdeck.de\/blog\/wp-content\/gallery\/monaco-5\/reise-lyon-cote-d-azur-teil-3-monaco-120.jpg\" data-thumbnail=\"https:\/\/wernerdeck.de\/blog\/wp-content\/gallery\/monaco-5\/thumbs\/thumbs_reise-lyon-cote-d-azur-teil-3-monaco-120.jpg\" data-title=\"C\u00f4te d\u2019Azur Reise Monaco. Der Yachthafen\" data-description=\"Der Yachthafen\" >\n\t\t\t\t\t\t\t\t<img title=\"C\u00f4te d\u2019Azur Reise Monaco. Der Yachthafen\" alt=\"C\u00f4te d\u2019Azur Reise Monaco. Der Yachthafen\" src=\"https:\/\/wernerdeck.de\/blog\/wp-content\/gallery\/monaco-5\/thumbs\/thumbs_reise-lyon-cote-d-azur-teil-3-monaco-120.jpg\" width='240' height='160' \/>\n\t\t\t\t\t\t\t<\/a>\n\t\t\t<span>\n\t\t\tDer Yachthafen\t\t\t<\/span>\n\t\t<\/div>\n\t<\/div>\n\t\t\t\t\t\t\t<br style=\"clear: both\" \/>\n\t\t\t\n\t<!-- Pagination -->\n\t\t<div class='ngg-clear'><\/div>\t\n<\/div>\n\n\tDer F\u00fcrstenpalast von Monaco (Palais Princier) wurde im 13.\u202fJahrhundert als Genueser Festung errichtet und ist seit dem 17.\u202fJahrhundert Residenz der F\u00fcrstenfamilie Grimaldi. Er vereint historische Architektur mit barocken Erweiterungen und ist Symbol der jahrhundertealten Herrschaft Monacos. Und dann die \u00dcberraschung des Tages: Pl\u00f6tzlich stand F\u00fcrst Albert h\u00f6chstpers\u00f6nlich vor mir, sah mich ungl\u00e4ubig an und fragte: \u201eWerner, bist du es wirklich?\u201c Nach meiner Best\u00e4tigung begr\u00fc\u00dfte er mich herzlich \u2013 was wir dann noch besprachen, bleibt allerdings unser Geheimnis. <span style=\"font-size: 20px;\">\ud83d\ude09<\/span><\/p>\n<p>Nach dieser Begegnung st\u00e4rkten wir uns in der <a href=\"https:\/\/www.privateaser.com\/lieu\/53098-la-pampa\" target=\"_blank\" rel=\"noopener\">Snackbar \u201eLa Pampa\u201c<\/a> mit Kaffee au lait und Aperol Spritz, bevor wir den R\u00fcckweg antraten.<\/p>\n<p>\n<div class=\"ngg-galleryoverview ngg-template-caption\" id=\"ngg-gallery-ef3cdd9f278839dc454d60f90d8b115f-30448\">\n\n\t\t\n\t<!-- Thumbnails -->\n\t\t\t\t\t\n\t<div id=\"ngg-image-14687\" class=\"ngg-gallery-thumbnail-box\" style=\"width:33%;\" >\n\t\t<div class=\"ngg-gallery-thumbnail\" >\n\t\t\t<a href=\"https:\/\/wernerdeck.de\/blog\/wp-content\/gallery\/monaco-6\/reise-lyon-cote-d-azur-teil-3-monaco-126.jpg\"\n\t\t\t\ttitle=\"F\u00fcrstenpalast\"\n\t\t\t\tclass=\"ngg-simplelightbox\" rel=\"ef3cdd9f278839dc454d60f90d8b115f\" data-image-id=\"14687\" data-src=\"https:\/\/wernerdeck.de\/blog\/wp-content\/gallery\/monaco-6\/reise-lyon-cote-d-azur-teil-3-monaco-126.jpg\" data-thumbnail=\"https:\/\/wernerdeck.de\/blog\/wp-content\/gallery\/monaco-6\/thumbs\/thumbs_reise-lyon-cote-d-azur-teil-3-monaco-126.jpg\" data-title=\"C\u00f4te d\u2019Azur Reise Monaco. F\u00fcrstenpalast\" data-description=\"F\u00fcrstenpalast\" >\n\t\t\t\t\t\t\t\t<img title=\"C\u00f4te d\u2019Azur Reise Monaco. F\u00fcrstenpalast\" alt=\"C\u00f4te d\u2019Azur Reise Monaco. F\u00fcrstenpalast\" src=\"https:\/\/wernerdeck.de\/blog\/wp-content\/gallery\/monaco-6\/thumbs\/thumbs_reise-lyon-cote-d-azur-teil-3-monaco-126.jpg\" width='240' height='160' \/>\n\t\t\t\t\t\t\t<\/a>\n\t\t\t<span>\n\t\t\tF\u00fcrstenpalast\t\t\t<\/span>\n\t\t<\/div>\n\t<\/div>\n\t\t\t\t\t\t\t\t\n\t<div id=\"ngg-image-14685\" class=\"ngg-gallery-thumbnail-box\" style=\"width:33%;\" >\n\t\t<div class=\"ngg-gallery-thumbnail\" >\n\t\t\t<a href=\"https:\/\/wernerdeck.de\/blog\/wp-content\/gallery\/monaco-6\/reise-lyon-cote-d-azur-teil-3-monaco-129.jpg\"\n\t\t\t\ttitle=\"F\u00fcrstenpalast\"\n\t\t\t\tclass=\"ngg-simplelightbox\" rel=\"ef3cdd9f278839dc454d60f90d8b115f\" data-image-id=\"14685\" data-src=\"https:\/\/wernerdeck.de\/blog\/wp-content\/gallery\/monaco-6\/reise-lyon-cote-d-azur-teil-3-monaco-129.jpg\" data-thumbnail=\"https:\/\/wernerdeck.de\/blog\/wp-content\/gallery\/monaco-6\/thumbs\/thumbs_reise-lyon-cote-d-azur-teil-3-monaco-129.jpg\" data-title=\"C\u00f4te d\u2019Azur Reise Monaco. F\u00fcrstenpalast\" data-description=\"F\u00fcrstenpalast\" >\n\t\t\t\t\t\t\t\t<img title=\"C\u00f4te d\u2019Azur Reise Monaco. F\u00fcrstenpalast\" alt=\"C\u00f4te d\u2019Azur Reise Monaco. F\u00fcrstenpalast\" src=\"https:\/\/wernerdeck.de\/blog\/wp-content\/gallery\/monaco-6\/thumbs\/thumbs_reise-lyon-cote-d-azur-teil-3-monaco-129.jpg\" width='240' height='160' \/>\n\t\t\t\t\t\t\t<\/a>\n\t\t\t<span>\n\t\t\tF\u00fcrstenpalast\t\t\t<\/span>\n\t\t<\/div>\n\t<\/div>\n\t\t\t\t\t\t\t\t\n\t<div id=\"ngg-image-14688\" class=\"ngg-gallery-thumbnail-box\" style=\"width:33%;\" >\n\t\t<div class=\"ngg-gallery-thumbnail\" >\n\t\t\t<a href=\"https:\/\/wernerdeck.de\/blog\/wp-content\/gallery\/monaco-6\/reise-lyon-cote-d-azur-teil-3-monaco-132.jpg\"\n\t\t\t\ttitle=\"Place du Palais\"\n\t\t\t\tclass=\"ngg-simplelightbox\" rel=\"ef3cdd9f278839dc454d60f90d8b115f\" data-image-id=\"14688\" data-src=\"https:\/\/wernerdeck.de\/blog\/wp-content\/gallery\/monaco-6\/reise-lyon-cote-d-azur-teil-3-monaco-132.jpg\" data-thumbnail=\"https:\/\/wernerdeck.de\/blog\/wp-content\/gallery\/monaco-6\/thumbs\/thumbs_reise-lyon-cote-d-azur-teil-3-monaco-132.jpg\" data-title=\"C\u00f4te d\u2019Azur Reise Monaco. Place du Palais\" data-description=\"Place du Palais\" >\n\t\t\t\t\t\t\t\t<img title=\"C\u00f4te d\u2019Azur Reise Monaco. Place du Palais\" alt=\"C\u00f4te d\u2019Azur Reise Monaco. Place du Palais\" src=\"https:\/\/wernerdeck.de\/blog\/wp-content\/gallery\/monaco-6\/thumbs\/thumbs_reise-lyon-cote-d-azur-teil-3-monaco-132.jpg\" width='240' height='160' \/>\n\t\t\t\t\t\t\t<\/a>\n\t\t\t<span>\n\t\t\tPlace du Palais\t\t\t<\/span>\n\t\t<\/div>\n\t<\/div>\n\t\t\t\t\t\t\t<br style=\"clear: both\" \/>\n\t\t\t\n\t<div id=\"ngg-image-14686\" class=\"ngg-gallery-thumbnail-box\" style=\"width:33%;\" >\n\t\t<div class=\"ngg-gallery-thumbnail\" >\n\t\t\t<a href=\"https:\/\/wernerdeck.de\/blog\/wp-content\/gallery\/monaco-6\/reise-lyon-cote-d-azur-teil-3-monaco-135.jpg\"\n\t\t\t\ttitle=\"F\u00fcrstenpalast\"\n\t\t\t\tclass=\"ngg-simplelightbox\" rel=\"ef3cdd9f278839dc454d60f90d8b115f\" data-image-id=\"14686\" data-src=\"https:\/\/wernerdeck.de\/blog\/wp-content\/gallery\/monaco-6\/reise-lyon-cote-d-azur-teil-3-monaco-135.jpg\" data-thumbnail=\"https:\/\/wernerdeck.de\/blog\/wp-content\/gallery\/monaco-6\/thumbs\/thumbs_reise-lyon-cote-d-azur-teil-3-monaco-135.jpg\" data-title=\"C\u00f4te d\u2019Azur Reise Monaco. F\u00fcrstenpalast\" data-description=\"F\u00fcrstenpalast\" >\n\t\t\t\t\t\t\t\t<img title=\"C\u00f4te d\u2019Azur Reise Monaco. F\u00fcrstenpalast\" alt=\"C\u00f4te d\u2019Azur Reise Monaco. F\u00fcrstenpalast\" src=\"https:\/\/wernerdeck.de\/blog\/wp-content\/gallery\/monaco-6\/thumbs\/thumbs_reise-lyon-cote-d-azur-teil-3-monaco-135.jpg\" width='240' height='160' \/>\n\t\t\t\t\t\t\t<\/a>\n\t\t\t<span>\n\t\t\tF\u00fcrstenpalast\t\t\t<\/span>\n\t\t<\/div>\n\t<\/div>\n\t\t\t\t\t\t\t\t\n\t<div id=\"ngg-image-14684\" class=\"ngg-gallery-thumbnail-box\" style=\"width:33%;\" >\n\t\t<div class=\"ngg-gallery-thumbnail\" >\n\t\t\t<a href=\"https:\/\/wernerdeck.de\/blog\/wp-content\/gallery\/monaco-6\/reise-lyon-cote-d-azur-teil-3-monaco-138.jpg\"\n\t\t\t\ttitle=\"F\u00fcrst Albert schaut nach mir\"\n\t\t\t\tclass=\"ngg-simplelightbox\" rel=\"ef3cdd9f278839dc454d60f90d8b115f\" data-image-id=\"14684\" data-src=\"https:\/\/wernerdeck.de\/blog\/wp-content\/gallery\/monaco-6\/reise-lyon-cote-d-azur-teil-3-monaco-138.jpg\" data-thumbnail=\"https:\/\/wernerdeck.de\/blog\/wp-content\/gallery\/monaco-6\/thumbs\/thumbs_reise-lyon-cote-d-azur-teil-3-monaco-138.jpg\" data-title=\"C\u00f4te d\u2019Azur Reise Monaco. F\u00fcrst Albert und ich\" data-description=\"F\u00fcrst Albert schaut nach mir\" >\n\t\t\t\t\t\t\t\t<img title=\"C\u00f4te d\u2019Azur Reise Monaco. F\u00fcrst Albert und ich\" alt=\"C\u00f4te d\u2019Azur Reise Monaco. F\u00fcrst Albert und ich\" src=\"https:\/\/wernerdeck.de\/blog\/wp-content\/gallery\/monaco-6\/thumbs\/thumbs_reise-lyon-cote-d-azur-teil-3-monaco-138.jpg\" width='240' height='160' \/>\n\t\t\t\t\t\t\t<\/a>\n\t\t\t<span>\n\t\t\tF\u00fcrst Albert schaut nach mir\t\t\t<\/span>\n\t\t<\/div>\n\t<\/div>\n\t\t\t\t\t\t\t\t\n\t<div id=\"ngg-image-14683\" class=\"ngg-gallery-thumbnail-box\" style=\"width:33%;\" >\n\t\t<div class=\"ngg-gallery-thumbnail\" >\n\t\t\t<a href=\"https:\/\/wernerdeck.de\/blog\/wp-content\/gallery\/monaco-6\/reise-lyon-cote-d-azur-teil-3-monaco-139.jpg\"\n\t\t\t\ttitle=\"Begr\u00fc\u00dfung durch F\u00fcrst Albert \ud83d\ude09\"\n\t\t\t\tclass=\"ngg-simplelightbox\" rel=\"ef3cdd9f278839dc454d60f90d8b115f\" data-image-id=\"14683\" data-src=\"https:\/\/wernerdeck.de\/blog\/wp-content\/gallery\/monaco-6\/reise-lyon-cote-d-azur-teil-3-monaco-139.jpg\" data-thumbnail=\"https:\/\/wernerdeck.de\/blog\/wp-content\/gallery\/monaco-6\/thumbs\/thumbs_reise-lyon-cote-d-azur-teil-3-monaco-139.jpg\" data-title=\"C\u00f4te d\u2019Azur Reise Monaco. F\u00fcrst Albert und ich\" data-description=\"Begr\u00fc\u00dfung durch F\u00fcrst Albert \ud83d\ude09\" >\n\t\t\t\t\t\t\t\t<img title=\"C\u00f4te d\u2019Azur Reise Monaco. F\u00fcrst Albert und ich\" alt=\"C\u00f4te d\u2019Azur Reise Monaco. F\u00fcrst Albert und ich\" src=\"https:\/\/wernerdeck.de\/blog\/wp-content\/gallery\/monaco-6\/thumbs\/thumbs_reise-lyon-cote-d-azur-teil-3-monaco-139.jpg\" width='240' height='160' \/>\n\t\t\t\t\t\t\t<\/a>\n\t\t\t<span>\n\t\t\tBegr\u00fc\u00dfung durch F\u00fcrst Albert \ud83d\ude09\t\t\t<\/span>\n\t\t<\/div>\n\t<\/div>\n\t\t\t\t\t\t\t<br style=\"clear: both\" \/>\n\t\t\t\n\t<div id=\"ngg-image-14690\" class=\"ngg-gallery-thumbnail-box\" style=\"width:33%;\" >\n\t\t<div class=\"ngg-gallery-thumbnail\" >\n\t\t\t<a href=\"https:\/\/wernerdeck.de\/blog\/wp-content\/gallery\/monaco-6\/reise-lyon-cote-d-azur-teil-3-monaco-144.jpg\"\n\t\t\t\ttitle=\"Snackbar La Pampa\"\n\t\t\t\tclass=\"ngg-simplelightbox\" rel=\"ef3cdd9f278839dc454d60f90d8b115f\" data-image-id=\"14690\" data-src=\"https:\/\/wernerdeck.de\/blog\/wp-content\/gallery\/monaco-6\/reise-lyon-cote-d-azur-teil-3-monaco-144.jpg\" data-thumbnail=\"https:\/\/wernerdeck.de\/blog\/wp-content\/gallery\/monaco-6\/thumbs\/thumbs_reise-lyon-cote-d-azur-teil-3-monaco-144.jpg\" data-title=\"C\u00f4te d\u2019Azur Reise Monaco. Snackbar La Pampa\" data-description=\"Snackbar La Pampa\" >\n\t\t\t\t\t\t\t\t<img title=\"C\u00f4te d\u2019Azur Reise Monaco. Snackbar La Pampa\" alt=\"C\u00f4te d\u2019Azur Reise Monaco. Snackbar La Pampa\" src=\"https:\/\/wernerdeck.de\/blog\/wp-content\/gallery\/monaco-6\/thumbs\/thumbs_reise-lyon-cote-d-azur-teil-3-monaco-144.jpg\" width='240' height='160' \/>\n\t\t\t\t\t\t\t<\/a>\n\t\t\t<span>\n\t\t\tSnackbar La Pampa\t\t\t<\/span>\n\t\t<\/div>\n\t<\/div>\n\t\t\t\t\t\t\t\t\n\t<div id=\"ngg-image-14691\" class=\"ngg-gallery-thumbnail-box\" style=\"width:33%;\" >\n\t\t<div class=\"ngg-gallery-thumbnail\" >\n\t\t\t<a href=\"https:\/\/wernerdeck.de\/blog\/wp-content\/gallery\/monaco-6\/reise-lyon-cote-d-azur-teil-3-monaco-145.jpg\"\n\t\t\t\ttitle=\"Blick zum F\u00fcrstenpalast\"\n\t\t\t\tclass=\"ngg-simplelightbox\" rel=\"ef3cdd9f278839dc454d60f90d8b115f\" data-image-id=\"14691\" data-src=\"https:\/\/wernerdeck.de\/blog\/wp-content\/gallery\/monaco-6\/reise-lyon-cote-d-azur-teil-3-monaco-145.jpg\" data-thumbnail=\"https:\/\/wernerdeck.de\/blog\/wp-content\/gallery\/monaco-6\/thumbs\/thumbs_reise-lyon-cote-d-azur-teil-3-monaco-145.jpg\" data-title=\"C\u00f4te d\u2019Azur Reise Monaco. Snackbar La Pampa\" data-description=\"Blick zum F\u00fcrstenpalast\" >\n\t\t\t\t\t\t\t\t<img title=\"C\u00f4te d\u2019Azur Reise Monaco. Snackbar La Pampa\" alt=\"C\u00f4te d\u2019Azur Reise Monaco. Snackbar La Pampa\" src=\"https:\/\/wernerdeck.de\/blog\/wp-content\/gallery\/monaco-6\/thumbs\/thumbs_reise-lyon-cote-d-azur-teil-3-monaco-145.jpg\" width='240' height='160' \/>\n\t\t\t\t\t\t\t<\/a>\n\t\t\t<span>\n\t\t\tBlick zum F\u00fcrstenpalast\t\t\t<\/span>\n\t\t<\/div>\n\t<\/div>\n\t\t\t\t\t\t\t\t\n\t<div id=\"ngg-image-14689\" class=\"ngg-gallery-thumbnail-box\" style=\"width:33%;\" >\n\t\t<div class=\"ngg-gallery-thumbnail\" >\n\t\t\t<a href=\"https:\/\/wernerdeck.de\/blog\/wp-content\/gallery\/monaco-6\/reise-lyon-cote-d-azur-teil-3-monaco146.jpg\"\n\t\t\t\ttitle=\"Unsere Getr\u00e4nke, \u20ac 20,50\"\n\t\t\t\tclass=\"ngg-simplelightbox\" rel=\"ef3cdd9f278839dc454d60f90d8b115f\" data-image-id=\"14689\" data-src=\"https:\/\/wernerdeck.de\/blog\/wp-content\/gallery\/monaco-6\/reise-lyon-cote-d-azur-teil-3-monaco146.jpg\" data-thumbnail=\"https:\/\/wernerdeck.de\/blog\/wp-content\/gallery\/monaco-6\/thumbs\/thumbs_reise-lyon-cote-d-azur-teil-3-monaco146.jpg\" data-title=\"C\u00f4te d\u2019Azur Reise Monaco. Snackbar La Pampa\" data-description=\"Unsere Getr\u00e4nke, \u20ac 20,50\" >\n\t\t\t\t\t\t\t\t<img title=\"C\u00f4te d\u2019Azur Reise Monaco. Snackbar La Pampa\" alt=\"C\u00f4te d\u2019Azur Reise Monaco. Snackbar La Pampa\" src=\"https:\/\/wernerdeck.de\/blog\/wp-content\/gallery\/monaco-6\/thumbs\/thumbs_reise-lyon-cote-d-azur-teil-3-monaco146.jpg\" width='240' height='160' \/>\n\t\t\t\t\t\t\t<\/a>\n\t\t\t<span>\n\t\t\tUnsere Getr\u00e4nke, \u20ac 20,50\t\t\t<\/span>\n\t\t<\/div>\n\t<\/div>\n\t\t\t\t\t\t\t<br style=\"clear: both\" \/>\n\t\t\t\n\t<!-- Pagination -->\n\t\t<div class='ngg-clear'><\/div>\t\n<\/div>\n\n\tC\u00f4te d\u2019Azur Reise Monaco. Wieder mit dem Bus zur\u00fcck zum Ausgangspunkt, dann ins Parkhaus und schlie\u00dflich auf die Heimfahrt nach Grasse. In Grasse angekommen, suchten wir nach einem Supermarkt. Mit dem Auchan Hypermarch\u00e9 wurden wir f\u00fcndig.<\/p>\n<p>\n<div class=\"ngg-galleryoverview ngg-template-caption\" id=\"ngg-gallery-bd3e68c4e507a9942f33ac5034521ced-30448\">\n\n\t\t\n\t<!-- Thumbnails -->\n\t\t\t\t\t\n\t<div id=\"ngg-image-14696\" class=\"ngg-gallery-thumbnail-box\" style=\"width:33%;\" >\n\t\t<div class=\"ngg-gallery-thumbnail\" >\n\t\t\t<a href=\"https:\/\/wernerdeck.de\/blog\/wp-content\/gallery\/monaco-7\/reise-lyon-cote-d-azur-teil-3-monaco-147.jpg\"\n\t\t\t\ttitle=\"Einsteigen in Bus\"\n\t\t\t\tclass=\"ngg-simplelightbox\" rel=\"bd3e68c4e507a9942f33ac5034521ced\" data-image-id=\"14696\" data-src=\"https:\/\/wernerdeck.de\/blog\/wp-content\/gallery\/monaco-7\/reise-lyon-cote-d-azur-teil-3-monaco-147.jpg\" data-thumbnail=\"https:\/\/wernerdeck.de\/blog\/wp-content\/gallery\/monaco-7\/thumbs\/thumbs_reise-lyon-cote-d-azur-teil-3-monaco-147.jpg\" data-title=\"C\u00f4te d\u2019Azur Reise Monaco. Einsteigen in Bus\" data-description=\"Einsteigen in Bus\" >\n\t\t\t\t\t\t\t\t<img title=\"C\u00f4te d\u2019Azur Reise Monaco. Einsteigen in Bus\" alt=\"C\u00f4te d\u2019Azur Reise Monaco. Einsteigen in Bus\" src=\"https:\/\/wernerdeck.de\/blog\/wp-content\/gallery\/monaco-7\/thumbs\/thumbs_reise-lyon-cote-d-azur-teil-3-monaco-147.jpg\" width='240' height='160' \/>\n\t\t\t\t\t\t\t<\/a>\n\t\t\t<span>\n\t\t\tEinsteigen in Bus\t\t\t<\/span>\n\t\t<\/div>\n\t<\/div>\n\t\t\t\t\t\t\t\t\n\t<div id=\"ngg-image-14694\" class=\"ngg-gallery-thumbnail-box\" style=\"width:33%;\" >\n\t\t<div class=\"ngg-gallery-thumbnail\" >\n\t\t\t<a href=\"https:\/\/wernerdeck.de\/blog\/wp-content\/gallery\/monaco-7\/reise-lyon-cote-d-azur-teil-3-monaco-150.jpg\"\n\t\t\t\ttitle=\"Hinaus aus Monaco\"\n\t\t\t\tclass=\"ngg-simplelightbox\" rel=\"bd3e68c4e507a9942f33ac5034521ced\" data-image-id=\"14694\" data-src=\"https:\/\/wernerdeck.de\/blog\/wp-content\/gallery\/monaco-7\/reise-lyon-cote-d-azur-teil-3-monaco-150.jpg\" data-thumbnail=\"https:\/\/wernerdeck.de\/blog\/wp-content\/gallery\/monaco-7\/thumbs\/thumbs_reise-lyon-cote-d-azur-teil-3-monaco-150.jpg\" data-title=\"C\u00f4te d\u2019Azur Reise Monaco. Fahrt aus Monaco hinaus\" data-description=\"Hinaus aus Monaco\" >\n\t\t\t\t\t\t\t\t<img title=\"C\u00f4te d\u2019Azur Reise Monaco. Fahrt aus Monaco hinaus\" alt=\"C\u00f4te d\u2019Azur Reise Monaco. Fahrt aus Monaco hinaus\" src=\"https:\/\/wernerdeck.de\/blog\/wp-content\/gallery\/monaco-7\/thumbs\/thumbs_reise-lyon-cote-d-azur-teil-3-monaco-150.jpg\" width='240' height='160' \/>\n\t\t\t\t\t\t\t<\/a>\n\t\t\t<span>\n\t\t\tHinaus aus Monaco\t\t\t<\/span>\n\t\t<\/div>\n\t<\/div>\n\t\t\t\t\t\t\t\t\n\t<div id=\"ngg-image-14692\" class=\"ngg-gallery-thumbnail-box\" style=\"width:33%;\" >\n\t\t<div class=\"ngg-gallery-thumbnail\" >\n\t\t\t<a href=\"https:\/\/wernerdeck.de\/blog\/wp-content\/gallery\/monaco-7\/reise-lyon-cote-d-azur-teil-3-monaco-153.jpg\"\n\t\t\t\ttitle=\"Hinaus aus Monaco\"\n\t\t\t\tclass=\"ngg-simplelightbox\" rel=\"bd3e68c4e507a9942f33ac5034521ced\" data-image-id=\"14692\" data-src=\"https:\/\/wernerdeck.de\/blog\/wp-content\/gallery\/monaco-7\/reise-lyon-cote-d-azur-teil-3-monaco-153.jpg\" data-thumbnail=\"https:\/\/wernerdeck.de\/blog\/wp-content\/gallery\/monaco-7\/thumbs\/thumbs_reise-lyon-cote-d-azur-teil-3-monaco-153.jpg\" data-title=\"C\u00f4te d\u2019Azur Reise Monaco. Tunnel und hinaus aus Monaco\" data-description=\"Hinaus aus Monaco\" >\n\t\t\t\t\t\t\t\t<img title=\"C\u00f4te d\u2019Azur Reise Monaco. Tunnel und hinaus aus Monaco\" alt=\"C\u00f4te d\u2019Azur Reise Monaco. Tunnel und hinaus aus Monaco\" src=\"https:\/\/wernerdeck.de\/blog\/wp-content\/gallery\/monaco-7\/thumbs\/thumbs_reise-lyon-cote-d-azur-teil-3-monaco-153.jpg\" width='240' height='160' \/>\n\t\t\t\t\t\t\t<\/a>\n\t\t\t<span>\n\t\t\tHinaus aus Monaco\t\t\t<\/span>\n\t\t<\/div>\n\t<\/div>\n\t\t\t\t\t\t\t<br style=\"clear: both\" \/>\n\t\t\t\n\t<div id=\"ngg-image-14697\" class=\"ngg-gallery-thumbnail-box\" style=\"width:33%;\" >\n\t\t<div class=\"ngg-gallery-thumbnail\" >\n\t\t\t<a href=\"https:\/\/wernerdeck.de\/blog\/wp-content\/gallery\/monaco-7\/reise-lyon-cote-d-azur-teil-3-monaco-156.jpg\"\n\t\t\t\ttitle=\"Dunkle Wolken\"\n\t\t\t\tclass=\"ngg-simplelightbox\" rel=\"bd3e68c4e507a9942f33ac5034521ced\" data-image-id=\"14697\" data-src=\"https:\/\/wernerdeck.de\/blog\/wp-content\/gallery\/monaco-7\/reise-lyon-cote-d-azur-teil-3-monaco-156.jpg\" data-thumbnail=\"https:\/\/wernerdeck.de\/blog\/wp-content\/gallery\/monaco-7\/thumbs\/thumbs_reise-lyon-cote-d-azur-teil-3-monaco-156.jpg\" data-title=\"C\u00f4te d\u2019Azur Reise Monaco. Dunkle Wolken \u00fcber Monaco\" data-description=\"Dunkle Wolken\" >\n\t\t\t\t\t\t\t\t<img title=\"C\u00f4te d\u2019Azur Reise Monaco. Dunkle Wolken \u00fcber Monaco\" alt=\"C\u00f4te d\u2019Azur Reise Monaco. Dunkle Wolken \u00fcber Monaco\" src=\"https:\/\/wernerdeck.de\/blog\/wp-content\/gallery\/monaco-7\/thumbs\/thumbs_reise-lyon-cote-d-azur-teil-3-monaco-156.jpg\" width='240' height='160' \/>\n\t\t\t\t\t\t\t<\/a>\n\t\t\t<span>\n\t\t\tDunkle Wolken\t\t\t<\/span>\n\t\t<\/div>\n\t<\/div>\n\t\t\t\t\t\t\t\t\n\t<div id=\"ngg-image-14695\" class=\"ngg-gallery-thumbnail-box\" style=\"width:33%;\" >\n\t\t<div class=\"ngg-gallery-thumbnail\" >\n\t\t\t<a href=\"https:\/\/wernerdeck.de\/blog\/wp-content\/gallery\/monaco-7\/reise-lyon-cote-d-azur-teil-3-monaco-159.jpg\"\n\t\t\t\ttitle=\"Leere Autobahn\"\n\t\t\t\tclass=\"ngg-simplelightbox\" rel=\"bd3e68c4e507a9942f33ac5034521ced\" data-image-id=\"14695\" data-src=\"https:\/\/wernerdeck.de\/blog\/wp-content\/gallery\/monaco-7\/reise-lyon-cote-d-azur-teil-3-monaco-159.jpg\" data-thumbnail=\"https:\/\/wernerdeck.de\/blog\/wp-content\/gallery\/monaco-7\/thumbs\/thumbs_reise-lyon-cote-d-azur-teil-3-monaco-159.jpg\" data-title=\"C\u00f4te d\u2019Azur Reise Monaco. Leere Autobahn\" data-description=\"Leere Autobahn\" >\n\t\t\t\t\t\t\t\t<img title=\"C\u00f4te d\u2019Azur Reise Monaco. Leere Autobahn\" alt=\"C\u00f4te d\u2019Azur Reise Monaco. Leere Autobahn\" src=\"https:\/\/wernerdeck.de\/blog\/wp-content\/gallery\/monaco-7\/thumbs\/thumbs_reise-lyon-cote-d-azur-teil-3-monaco-159.jpg\" width='240' height='160' \/>\n\t\t\t\t\t\t\t<\/a>\n\t\t\t<span>\n\t\t\tLeere Autobahn\t\t\t<\/span>\n\t\t<\/div>\n\t<\/div>\n\t\t\t\t\t\t\t\t\n\t<div id=\"ngg-image-14693\" class=\"ngg-gallery-thumbnail-box\" style=\"width:33%;\" >\n\t\t<div class=\"ngg-gallery-thumbnail\" >\n\t\t\t<a href=\"https:\/\/wernerdeck.de\/blog\/wp-content\/gallery\/monaco-7\/reise-lyon-cote-d-azur-teil-3-monaco-162.jpg\"\n\t\t\t\ttitle=\"Einkauf im Auchan Hypermarch\u00e9\"\n\t\t\t\tclass=\"ngg-simplelightbox\" rel=\"bd3e68c4e507a9942f33ac5034521ced\" data-image-id=\"14693\" data-src=\"https:\/\/wernerdeck.de\/blog\/wp-content\/gallery\/monaco-7\/reise-lyon-cote-d-azur-teil-3-monaco-162.jpg\" data-thumbnail=\"https:\/\/wernerdeck.de\/blog\/wp-content\/gallery\/monaco-7\/thumbs\/thumbs_reise-lyon-cote-d-azur-teil-3-monaco-162.jpg\" data-title=\"C\u00f4te d\u2019Azur Reise Monaco. Einkauf im Auchan Hypermarch\u00e9\" data-description=\"Einkauf im Auchan Hypermarch\u00e9\" >\n\t\t\t\t\t\t\t\t<img title=\"C\u00f4te d\u2019Azur Reise Monaco. Einkauf im Auchan Hypermarch\u00e9\" alt=\"C\u00f4te d\u2019Azur Reise Monaco. Einkauf im Auchan Hypermarch\u00e9\" src=\"https:\/\/wernerdeck.de\/blog\/wp-content\/gallery\/monaco-7\/thumbs\/thumbs_reise-lyon-cote-d-azur-teil-3-monaco-162.jpg\" width='240' height='160' \/>\n\t\t\t\t\t\t\t<\/a>\n\t\t\t<span>\n\t\t\tEinkauf im Auchan Hypermarch\u00e9\t\t\t<\/span>\n\t\t<\/div>\n\t<\/div>\n\t\t\t\t\t\t\t<br style=\"clear: both\" \/>\n\t\t\t\n\t<!-- Pagination -->\n\t\t<div class='ngg-clear'><\/div>\t\n<\/div>\n\n\t<span style=\"font-weight: 400;\">Auf ein Essen im Restaurant hatten wir keine Lust. S<\/span>tattdessen kauften wir im <a href=\"https:\/\/www.auchan.fr\/magasins\/hypermarche\/auchan-hypermarche-grasse\/s-159\" target=\"_blank\" rel=\"noopener\">Auchan Hypermarch\u00e9<\/a> unser Abendessen ein, das wir gem\u00fctlich im \u201eRestaurant 307\u201c in der dritten Etage des Hotels verspeisten.<\/p>\n<p>\n<div class=\"ngg-galleryoverview ngg-template-caption\" id=\"ngg-gallery-c49b985b6b2168901031b0a861b756e1-30448\">\n\n\t\t\n\t<!-- Thumbnails -->\n\t\t\t\t\t\n\t<div id=\"ngg-image-14701\" class=\"ngg-gallery-thumbnail-box\" style=\"width:25%;\" >\n\t\t<div class=\"ngg-gallery-thumbnail\" >\n\t\t\t<a href=\"https:\/\/wernerdeck.de\/blog\/wp-content\/gallery\/monaco-8\/reise-lyon-cote-d-azur-teil-3-monaco-168.jpg\"\n\t\t\t\ttitle=\"Einkauf im Auchan Hypermarch\u00e9\"\n\t\t\t\tclass=\"ngg-simplelightbox\" rel=\"c49b985b6b2168901031b0a861b756e1\" data-image-id=\"14701\" data-src=\"https:\/\/wernerdeck.de\/blog\/wp-content\/gallery\/monaco-8\/reise-lyon-cote-d-azur-teil-3-monaco-168.jpg\" data-thumbnail=\"https:\/\/wernerdeck.de\/blog\/wp-content\/gallery\/monaco-8\/thumbs\/thumbs_reise-lyon-cote-d-azur-teil-3-monaco-168.jpg\" data-title=\"C\u00f4te d\u2019Azur Reise Monaco. Einkauf im Auchan Hypermarch\u00e9 in Grasse\" data-description=\"Einkauf im Auchan Hypermarch\u00e9\" >\n\t\t\t\t\t\t\t\t<img title=\"C\u00f4te d\u2019Azur Reise Monaco. Einkauf im Auchan Hypermarch\u00e9 in Grasse\" alt=\"C\u00f4te d\u2019Azur Reise Monaco. Einkauf im Auchan Hypermarch\u00e9 in Grasse\" src=\"https:\/\/wernerdeck.de\/blog\/wp-content\/gallery\/monaco-8\/thumbs\/thumbs_reise-lyon-cote-d-azur-teil-3-monaco-168.jpg\" width='240' height='160' \/>\n\t\t\t\t\t\t\t<\/a>\n\t\t\t<span>\n\t\t\tEinkauf im Auchan Hypermarch\u00e9\t\t\t<\/span>\n\t\t<\/div>\n\t<\/div>\n\t\t\t\t\t\t\t\t\n\t<div id=\"ngg-image-14699\" class=\"ngg-gallery-thumbnail-box\" style=\"width:25%;\" >\n\t\t<div class=\"ngg-gallery-thumbnail\" >\n\t\t\t<a href=\"https:\/\/wernerdeck.de\/blog\/wp-content\/gallery\/monaco-8\/reise-lyon-cote-d-azur-teil-3-monaco-171.jpg\"\n\t\t\t\ttitle=\"Auchan Hypermarch\u00e9\"\n\t\t\t\tclass=\"ngg-simplelightbox\" rel=\"c49b985b6b2168901031b0a861b756e1\" data-image-id=\"14699\" data-src=\"https:\/\/wernerdeck.de\/blog\/wp-content\/gallery\/monaco-8\/reise-lyon-cote-d-azur-teil-3-monaco-171.jpg\" data-thumbnail=\"https:\/\/wernerdeck.de\/blog\/wp-content\/gallery\/monaco-8\/thumbs\/thumbs_reise-lyon-cote-d-azur-teil-3-monaco-171.jpg\" data-title=\"C\u00f4te d\u2019Azur Reise Monaco. Auchan Hypermarch\u00e9 in Grasse\" data-description=\"Auchan Hypermarch\u00e9\" >\n\t\t\t\t\t\t\t\t<img title=\"C\u00f4te d\u2019Azur Reise Monaco. Auchan Hypermarch\u00e9 in Grasse\" alt=\"C\u00f4te d\u2019Azur Reise Monaco. Auchan Hypermarch\u00e9 in Grasse\" src=\"https:\/\/wernerdeck.de\/blog\/wp-content\/gallery\/monaco-8\/thumbs\/thumbs_reise-lyon-cote-d-azur-teil-3-monaco-171.jpg\" width='240' height='160' \/>\n\t\t\t\t\t\t\t<\/a>\n\t\t\t<span>\n\t\t\tAuchan Hypermarch\u00e9\t\t\t<\/span>\n\t\t<\/div>\n\t<\/div>\n\t\t\t\t\t\t\t\t\n\t<div id=\"ngg-image-14698\" class=\"ngg-gallery-thumbnail-box\" style=\"width:25%;\" >\n\t\t<div class=\"ngg-gallery-thumbnail\" >\n\t\t\t<a href=\"https:\/\/wernerdeck.de\/blog\/wp-content\/gallery\/monaco-8\/reise-lyon-cote-d-azur-teil-3-monaco-173.jpg\"\n\t\t\t\ttitle=\"Gourmetrestaurant 307 \ud83d\ude09\"\n\t\t\t\tclass=\"ngg-simplelightbox\" rel=\"c49b985b6b2168901031b0a861b756e1\" data-image-id=\"14698\" data-src=\"https:\/\/wernerdeck.de\/blog\/wp-content\/gallery\/monaco-8\/reise-lyon-cote-d-azur-teil-3-monaco-173.jpg\" data-thumbnail=\"https:\/\/wernerdeck.de\/blog\/wp-content\/gallery\/monaco-8\/thumbs\/thumbs_reise-lyon-cote-d-azur-teil-3-monaco-173.jpg\" data-title=\"C\u00f4te d\u2019Azur Reise Monaco. Restaurant 307 in der dritten Etage\" data-description=\"Gourmetrestaurant 307 \ud83d\ude09\" >\n\t\t\t\t\t\t\t\t<img title=\"C\u00f4te d\u2019Azur Reise Monaco. Restaurant 307 in der dritten Etage\" alt=\"C\u00f4te d\u2019Azur Reise Monaco. Restaurant 307 in der dritten Etage\" src=\"https:\/\/wernerdeck.de\/blog\/wp-content\/gallery\/monaco-8\/thumbs\/thumbs_reise-lyon-cote-d-azur-teil-3-monaco-173.jpg\" width='240' height='160' \/>\n\t\t\t\t\t\t\t<\/a>\n\t\t\t<span>\n\t\t\tGourmetrestaurant 307 \ud83d\ude09\t\t\t<\/span>\n\t\t<\/div>\n\t<\/div>\n\t\t\t\t\t\t\t\t\n\t<div id=\"ngg-image-14700\" class=\"ngg-gallery-thumbnail-box\" style=\"width:25%;\" >\n\t\t<div class=\"ngg-gallery-thumbnail\" >\n\t\t\t<a href=\"https:\/\/wernerdeck.de\/blog\/wp-content\/gallery\/monaco-8\/reise-lyon-cote-d-azur-teil-3-monaco-174.jpg\"\n\t\t\t\ttitle=\"Unkonventionell leckeres Abendessen\"\n\t\t\t\tclass=\"ngg-simplelightbox\" rel=\"c49b985b6b2168901031b0a861b756e1\" data-image-id=\"14700\" data-src=\"https:\/\/wernerdeck.de\/blog\/wp-content\/gallery\/monaco-8\/reise-lyon-cote-d-azur-teil-3-monaco-174.jpg\" data-thumbnail=\"https:\/\/wernerdeck.de\/blog\/wp-content\/gallery\/monaco-8\/thumbs\/thumbs_reise-lyon-cote-d-azur-teil-3-monaco-174.jpg\" data-title=\"C\u00f4te d\u2019Azur Reise Monaco. Restaurant 307 in der dritten Etage\" data-description=\"Unkonventionell leckeres Abendessen\" >\n\t\t\t\t\t\t\t\t<img title=\"C\u00f4te d\u2019Azur Reise Monaco. Restaurant 307 in der dritten Etage\" alt=\"C\u00f4te d\u2019Azur Reise Monaco. Restaurant 307 in der dritten Etage\" src=\"https:\/\/wernerdeck.de\/blog\/wp-content\/gallery\/monaco-8\/thumbs\/thumbs_reise-lyon-cote-d-azur-teil-3-monaco-174.jpg\" width='240' height='160' \/>\n\t\t\t\t\t\t\t<\/a>\n\t\t\t<span>\n\t\t\tUnkonventionell leckeres Abendessen\t\t\t<\/span>\n\t\t<\/div>\n\t<\/div>\n\t\t\t\t\t\t\t<br style=\"clear: both\" \/>\n\t\t\t\n\t<!-- Pagination -->\n\t\t<div class='ngg-clear'><\/div>\t\n<\/div>\n\n\tSo endete ein ereignisreicher Tag in Monaco. Morgen steht Cannes auf unserem Reiseplan.<\/p>\n<hr>\n<p><a href=\"https:\/\/wernerdeck.de\/blog\/2025\/10\/01\/reise-lyon-cote-d-azur-teil-4-cannes\/\" target=\"_blank\" rel=\"noopener\"><strong>Donnerstag, 28. August 2025.<\/strong> Reise Lyon \u2013 C\u00f4te d\u2019Azur, Teil 4: Besuch von Cannes<\/a><\/p>\n","protected":false},"excerpt":{"rendered":"<p>Montag, 25. August 2025. Reise Lyon \u2013 C\u00f4te d\u2019Azur, Teil 2: Zwei entspannte Tage in Grasse Mittwoch, 27. August 2025. C\u00f4te d\u2019Azur Reise Monaco. Der Blick aus dem Fenster versprach wenig Sonnenschein: grauer Himmel, und zum Fr\u00fchst\u00fcck setzte leichter Regen ein. Da es nicht kalt war, konnten wir trotzdem drau\u00dfen auf der Terrasse unter den &#8230; <a title=\"Reise Lyon \u2013 C\u00f4te d\u2019Azur, Teil 3: Besuch von Monaco\" class=\"read-more\" href=\"https:\/\/wernerdeck.de\/blog\/2025\/09\/30\/reise-lyon-cote-dazur-teil-3-besuch-von-monaco\/\" aria-label=\"Mehr Informationen \u00fcber Reise Lyon \u2013 C\u00f4te d\u2019Azur, Teil 3: Besuch von Monaco\">Weiterlesen<\/a><\/p>\n","protected":false},"author":1,"featured_media":30475,"comment_status":"open","ping_status":"open","sticky":false,"template":"","format":"standard","meta":{"ngg_post_thumbnail":0,"footnotes":""},"categories":[208],"tags":[1195,1199,1203,1196,1201,1194,1202,1193,1198,1200,1197],"class_list":["post-30448","post","type-post","status-publish","format-standard","has-post-thumbnail","hentry","category-reisebericht","tag-casino-monte-carlo","tag-cote-dazur-highlights","tag-fuerst-albert","tag-fuerstenpalast-monaco","tag-hotel-de-paris","tag-monaco-reisebericht","tag-palais-princier","tag-reise-lyon-cote-dazur","tag-sightseeing-monaco","tag-staedtereise-frankreich","tag-yachthafen-monaco"],"yoast_head":"<!-- This site is optimized with the Yoast SEO plugin v27.4 - https:\/\/yoast.com\/product\/yoast-seo-wordpress\/ -->\n<title>Reise Lyon \u2013 C\u00f4te d\u2019Azur, Teil 3: Besuch von Monaco - Privater Blog von Werner Deck<\/title>\n<meta name=\"description\" content=\"C\u00f4te d\u2019Azur Reise Monaco. Ein erlebnisreicher Tag: Casino, F\u00fcrstenpalast, Yachthafen und eine unerwartete Begegnung mit F\u00fcrst Albert.\" \/>\n<meta name=\"robots\" content=\"index, follow, max-snippet:-1, max-image-preview:large, max-video-preview:-1\" \/>\n<link rel=\"canonical\" href=\"https:\/\/wernerdeck.de\/blog\/2025\/09\/30\/reise-lyon-cote-dazur-teil-3-besuch-von-monaco\/\" \/>\n<meta property=\"og:locale\" content=\"de_DE\" \/>\n<meta property=\"og:type\" content=\"article\" \/>\n<meta property=\"og:title\" content=\"Reise Lyon \u2013 C\u00f4te d\u2019Azur, Teil 3: Besuch von Monaco - Privater Blog von Werner Deck\" \/>\n<meta property=\"og:description\" content=\"C\u00f4te d\u2019Azur Reise Monaco. Ein erlebnisreicher Tag: Casino, F\u00fcrstenpalast, Yachthafen und eine unerwartete Begegnung mit F\u00fcrst Albert.\" \/>\n<meta property=\"og:url\" content=\"https:\/\/wernerdeck.de\/blog\/2025\/09\/30\/reise-lyon-cote-dazur-teil-3-besuch-von-monaco\/\" \/>\n<meta property=\"og:site_name\" content=\"Privater Blog von Werner Deck\" \/>\n<meta property=\"article:publisher\" content=\"https:\/\/www.facebook.com\/werner.deck\/\" \/>\n<meta property=\"article:author\" content=\"https:\/\/www.facebook.com\/werner.deck\/\" \/>\n<meta property=\"article:published_time\" content=\"2025-09-30T07:39:42+00:00\" \/>\n<meta property=\"article:modified_time\" content=\"2025-10-19T06:06:49+00:00\" \/>\n<meta property=\"og:image\" content=\"https:\/\/wernerdeck.de\/blog\/wp-content\/uploads\/2025\/09\/reise-lyon-cote-d-azur-teil-3-monaco-123.jpg\" \/>\n\t<meta property=\"og:image:width\" content=\"1156\" \/>\n\t<meta property=\"og:image:height\" content=\"504\" \/>\n\t<meta property=\"og:image:type\" content=\"image\/jpeg\" \/>\n<meta name=\"author\" content=\"Werner Deck\" \/>\n<meta name=\"twitter:card\" content=\"summary_large_image\" \/>\n<meta name=\"twitter:label1\" content=\"Verfasst von\" \/>\n\t<meta name=\"twitter:data1\" content=\"Werner Deck\" \/>\n\t<meta name=\"twitter:label2\" content=\"Gesch\u00e4tzte Lesezeit\" \/>\n\t<meta name=\"twitter:data2\" content=\"4\u00a0Minuten\" \/>\n<script type=\"application\/ld+json\" class=\"yoast-schema-graph\">{\"@context\":\"https:\\\/\\\/schema.org\",\"@graph\":[{\"@type\":\"Article\",\"@id\":\"https:\\\/\\\/wernerdeck.de\\\/blog\\\/2025\\\/09\\\/30\\\/reise-lyon-cote-dazur-teil-3-besuch-von-monaco\\\/#article\",\"isPartOf\":{\"@id\":\"https:\\\/\\\/wernerdeck.de\\\/blog\\\/2025\\\/09\\\/30\\\/reise-lyon-cote-dazur-teil-3-besuch-von-monaco\\\/\"},\"author\":{\"name\":\"Werner Deck\",\"@id\":\"https:\\\/\\\/wernerdeck.de\\\/blog\\\/#\\\/schema\\\/person\\\/7af62de1f11b0a09297eeb81281e523c\"},\"headline\":\"Reise Lyon \u2013 C\u00f4te d\u2019Azur, Teil 3: Besuch von Monaco\",\"datePublished\":\"2025-09-30T07:39:42+00:00\",\"dateModified\":\"2025-10-19T06:06:49+00:00\",\"mainEntityOfPage\":{\"@id\":\"https:\\\/\\\/wernerdeck.de\\\/blog\\\/2025\\\/09\\\/30\\\/reise-lyon-cote-dazur-teil-3-besuch-von-monaco\\\/\"},\"wordCount\":741,\"commentCount\":0,\"publisher\":{\"@id\":\"https:\\\/\\\/wernerdeck.de\\\/blog\\\/#\\\/schema\\\/person\\\/7af62de1f11b0a09297eeb81281e523c\"},\"image\":{\"@id\":\"https:\\\/\\\/wernerdeck.de\\\/blog\\\/2025\\\/09\\\/30\\\/reise-lyon-cote-dazur-teil-3-besuch-von-monaco\\\/#primaryimage\"},\"thumbnailUrl\":\"https:\\\/\\\/wernerdeck.de\\\/blog\\\/wp-content\\\/uploads\\\/2025\\\/09\\\/reise-lyon-cote-d-azur-teil-3-monaco-123.jpg\",\"keywords\":[\"Casino Monte Carlo\",\"C\u00f4te d\u2019Azur Highlights\",\"F\u00fcrst Albert\",\"F\u00fcrstenpalast Monaco\",\"Hotel de Paris\",\"Monaco Reisebericht\",\"Palais Princier\",\"Reise Lyon \u2013 C\u00f4te d\u2019Azur\",\"Sightseeing Monaco\",\"St\u00e4dtereise Frankreich\",\"Yachthafen Monaco\"],\"articleSection\":[\"Reisebericht\"],\"inLanguage\":\"de\",\"potentialAction\":[{\"@type\":\"CommentAction\",\"name\":\"Comment\",\"target\":[\"https:\\\/\\\/wernerdeck.de\\\/blog\\\/2025\\\/09\\\/30\\\/reise-lyon-cote-dazur-teil-3-besuch-von-monaco\\\/#respond\"]}]},{\"@type\":\"WebPage\",\"@id\":\"https:\\\/\\\/wernerdeck.de\\\/blog\\\/2025\\\/09\\\/30\\\/reise-lyon-cote-dazur-teil-3-besuch-von-monaco\\\/\",\"url\":\"https:\\\/\\\/wernerdeck.de\\\/blog\\\/2025\\\/09\\\/30\\\/reise-lyon-cote-dazur-teil-3-besuch-von-monaco\\\/\",\"name\":\"Reise Lyon \u2013 C\u00f4te d\u2019Azur, Teil 3: Besuch von Monaco - Privater Blog von Werner Deck\",\"isPartOf\":{\"@id\":\"https:\\\/\\\/wernerdeck.de\\\/blog\\\/#website\"},\"primaryImageOfPage\":{\"@id\":\"https:\\\/\\\/wernerdeck.de\\\/blog\\\/2025\\\/09\\\/30\\\/reise-lyon-cote-dazur-teil-3-besuch-von-monaco\\\/#primaryimage\"},\"image\":{\"@id\":\"https:\\\/\\\/wernerdeck.de\\\/blog\\\/2025\\\/09\\\/30\\\/reise-lyon-cote-dazur-teil-3-besuch-von-monaco\\\/#primaryimage\"},\"thumbnailUrl\":\"https:\\\/\\\/wernerdeck.de\\\/blog\\\/wp-content\\\/uploads\\\/2025\\\/09\\\/reise-lyon-cote-d-azur-teil-3-monaco-123.jpg\",\"datePublished\":\"2025-09-30T07:39:42+00:00\",\"dateModified\":\"2025-10-19T06:06:49+00:00\",\"description\":\"C\u00f4te d\u2019Azur Reise Monaco. Ein erlebnisreicher Tag: Casino, F\u00fcrstenpalast, Yachthafen und eine unerwartete Begegnung mit F\u00fcrst Albert.\",\"breadcrumb\":{\"@id\":\"https:\\\/\\\/wernerdeck.de\\\/blog\\\/2025\\\/09\\\/30\\\/reise-lyon-cote-dazur-teil-3-besuch-von-monaco\\\/#breadcrumb\"},\"inLanguage\":\"de\",\"potentialAction\":[{\"@type\":\"ReadAction\",\"target\":[\"https:\\\/\\\/wernerdeck.de\\\/blog\\\/2025\\\/09\\\/30\\\/reise-lyon-cote-dazur-teil-3-besuch-von-monaco\\\/\"]}]},{\"@type\":\"ImageObject\",\"inLanguage\":\"de\",\"@id\":\"https:\\\/\\\/wernerdeck.de\\\/blog\\\/2025\\\/09\\\/30\\\/reise-lyon-cote-dazur-teil-3-besuch-von-monaco\\\/#primaryimage\",\"url\":\"https:\\\/\\\/wernerdeck.de\\\/blog\\\/wp-content\\\/uploads\\\/2025\\\/09\\\/reise-lyon-cote-d-azur-teil-3-monaco-123.jpg\",\"contentUrl\":\"https:\\\/\\\/wernerdeck.de\\\/blog\\\/wp-content\\\/uploads\\\/2025\\\/09\\\/reise-lyon-cote-d-azur-teil-3-monaco-123.jpg\",\"width\":1156,\"height\":504,\"caption\":\"C\u00f4te d\u2019Azur Reise Monaco. Rundblick \u00fcber Hafen und Monaco von oben\"},{\"@type\":\"BreadcrumbList\",\"@id\":\"https:\\\/\\\/wernerdeck.de\\\/blog\\\/2025\\\/09\\\/30\\\/reise-lyon-cote-dazur-teil-3-besuch-von-monaco\\\/#breadcrumb\",\"itemListElement\":[{\"@type\":\"ListItem\",\"position\":1,\"name\":\"Startseite\",\"item\":\"https:\\\/\\\/wernerdeck.de\\\/blog\\\/\"},{\"@type\":\"ListItem\",\"position\":2,\"name\":\"Reise Lyon \u2013 C\u00f4te d\u2019Azur, Teil 3: Besuch von Monaco\"}]},{\"@type\":\"WebSite\",\"@id\":\"https:\\\/\\\/wernerdeck.de\\\/blog\\\/#website\",\"url\":\"https:\\\/\\\/wernerdeck.de\\\/blog\\\/\",\"name\":\"Blog von Werner Deck\",\"description\":\"\",\"publisher\":{\"@id\":\"https:\\\/\\\/wernerdeck.de\\\/blog\\\/#\\\/schema\\\/person\\\/7af62de1f11b0a09297eeb81281e523c\"},\"potentialAction\":[{\"@type\":\"SearchAction\",\"target\":{\"@type\":\"EntryPoint\",\"urlTemplate\":\"https:\\\/\\\/wernerdeck.de\\\/blog\\\/?s={search_term_string}\"},\"query-input\":{\"@type\":\"PropertyValueSpecification\",\"valueRequired\":true,\"valueName\":\"search_term_string\"}}],\"inLanguage\":\"de\"},{\"@type\":[\"Person\",\"Organization\"],\"@id\":\"https:\\\/\\\/wernerdeck.de\\\/blog\\\/#\\\/schema\\\/person\\\/7af62de1f11b0a09297eeb81281e523c\",\"name\":\"Werner Deck\",\"image\":{\"@type\":\"ImageObject\",\"inLanguage\":\"de\",\"@id\":\"https:\\\/\\\/wernerdeck.de\\\/blog\\\/wp-content\\\/uploads\\\/2022\\\/05\\\/Werner-Deck-995x1024.jpg\",\"url\":\"https:\\\/\\\/wernerdeck.de\\\/blog\\\/wp-content\\\/uploads\\\/2022\\\/05\\\/Werner-Deck-995x1024.jpg\",\"contentUrl\":\"https:\\\/\\\/wernerdeck.de\\\/blog\\\/wp-content\\\/uploads\\\/2022\\\/05\\\/Werner-Deck-995x1024.jpg\",\"width\":995,\"height\":1024,\"caption\":\"Werner Deck\"},\"logo\":{\"@id\":\"https:\\\/\\\/wernerdeck.de\\\/blog\\\/wp-content\\\/uploads\\\/2022\\\/05\\\/Werner-Deck-995x1024.jpg\"},\"sameAs\":[\"https:\\\/\\\/wernerdeck.de\\\/blog\",\"https:\\\/\\\/www.facebook.com\\\/werner.deck\\\/\",\"https:\\\/\\\/www.instagram.com\\\/opti_maler_deck\\\/\",\"https:\\\/\\\/www.youtube.com\\\/c\\\/WernerDeck\"],\"url\":\"https:\\\/\\\/wernerdeck.de\\\/blog\\\/author\\\/wernerdeck-de\\\/\"}]}<\/script>\n<!-- \/ Yoast SEO plugin. -->","yoast_head_json":{"title":"Reise Lyon \u2013 C\u00f4te d\u2019Azur, Teil 3: Besuch von Monaco - Privater Blog von Werner Deck","description":"C\u00f4te d\u2019Azur Reise Monaco. Ein erlebnisreicher Tag: Casino, F\u00fcrstenpalast, Yachthafen und eine unerwartete Begegnung mit F\u00fcrst Albert.","robots":{"index":"index","follow":"follow","max-snippet":"max-snippet:-1","max-image-preview":"max-image-preview:large","max-video-preview":"max-video-preview:-1"},"canonical":"https:\/\/wernerdeck.de\/blog\/2025\/09\/30\/reise-lyon-cote-dazur-teil-3-besuch-von-monaco\/","og_locale":"de_DE","og_type":"article","og_title":"Reise Lyon \u2013 C\u00f4te d\u2019Azur, Teil 3: Besuch von Monaco - Privater Blog von Werner Deck","og_description":"C\u00f4te d\u2019Azur Reise Monaco. Ein erlebnisreicher Tag: Casino, F\u00fcrstenpalast, Yachthafen und eine unerwartete Begegnung mit F\u00fcrst Albert.","og_url":"https:\/\/wernerdeck.de\/blog\/2025\/09\/30\/reise-lyon-cote-dazur-teil-3-besuch-von-monaco\/","og_site_name":"Privater Blog von Werner Deck","article_publisher":"https:\/\/www.facebook.com\/werner.deck\/","article_author":"https:\/\/www.facebook.com\/werner.deck\/","article_published_time":"2025-09-30T07:39:42+00:00","article_modified_time":"2025-10-19T06:06:49+00:00","og_image":[{"width":1156,"height":504,"url":"https:\/\/wernerdeck.de\/blog\/wp-content\/uploads\/2025\/09\/reise-lyon-cote-d-azur-teil-3-monaco-123.jpg","type":"image\/jpeg"}],"author":"Werner Deck","twitter_card":"summary_large_image","twitter_misc":{"Verfasst von":"Werner Deck","Gesch\u00e4tzte Lesezeit":"4\u00a0Minuten"},"schema":{"@context":"https:\/\/schema.org","@graph":[{"@type":"Article","@id":"https:\/\/wernerdeck.de\/blog\/2025\/09\/30\/reise-lyon-cote-dazur-teil-3-besuch-von-monaco\/#article","isPartOf":{"@id":"https:\/\/wernerdeck.de\/blog\/2025\/09\/30\/reise-lyon-cote-dazur-teil-3-besuch-von-monaco\/"},"author":{"name":"Werner Deck","@id":"https:\/\/wernerdeck.de\/blog\/#\/schema\/person\/7af62de1f11b0a09297eeb81281e523c"},"headline":"Reise Lyon \u2013 C\u00f4te d\u2019Azur, Teil 3: Besuch von Monaco","datePublished":"2025-09-30T07:39:42+00:00","dateModified":"2025-10-19T06:06:49+00:00","mainEntityOfPage":{"@id":"https:\/\/wernerdeck.de\/blog\/2025\/09\/30\/reise-lyon-cote-dazur-teil-3-besuch-von-monaco\/"},"wordCount":741,"commentCount":0,"publisher":{"@id":"https:\/\/wernerdeck.de\/blog\/#\/schema\/person\/7af62de1f11b0a09297eeb81281e523c"},"image":{"@id":"https:\/\/wernerdeck.de\/blog\/2025\/09\/30\/reise-lyon-cote-dazur-teil-3-besuch-von-monaco\/#primaryimage"},"thumbnailUrl":"https:\/\/wernerdeck.de\/blog\/wp-content\/uploads\/2025\/09\/reise-lyon-cote-d-azur-teil-3-monaco-123.jpg","keywords":["Casino Monte Carlo","C\u00f4te d\u2019Azur Highlights","F\u00fcrst Albert","F\u00fcrstenpalast Monaco","Hotel de Paris","Monaco Reisebericht","Palais Princier","Reise Lyon \u2013 C\u00f4te d\u2019Azur","Sightseeing Monaco","St\u00e4dtereise Frankreich","Yachthafen Monaco"],"articleSection":["Reisebericht"],"inLanguage":"de","potentialAction":[{"@type":"CommentAction","name":"Comment","target":["https:\/\/wernerdeck.de\/blog\/2025\/09\/30\/reise-lyon-cote-dazur-teil-3-besuch-von-monaco\/#respond"]}]},{"@type":"WebPage","@id":"https:\/\/wernerdeck.de\/blog\/2025\/09\/30\/reise-lyon-cote-dazur-teil-3-besuch-von-monaco\/","url":"https:\/\/wernerdeck.de\/blog\/2025\/09\/30\/reise-lyon-cote-dazur-teil-3-besuch-von-monaco\/","name":"Reise Lyon \u2013 C\u00f4te d\u2019Azur, Teil 3: Besuch von Monaco - Privater Blog von Werner Deck","isPartOf":{"@id":"https:\/\/wernerdeck.de\/blog\/#website"},"primaryImageOfPage":{"@id":"https:\/\/wernerdeck.de\/blog\/2025\/09\/30\/reise-lyon-cote-dazur-teil-3-besuch-von-monaco\/#primaryimage"},"image":{"@id":"https:\/\/wernerdeck.de\/blog\/2025\/09\/30\/reise-lyon-cote-dazur-teil-3-besuch-von-monaco\/#primaryimage"},"thumbnailUrl":"https:\/\/wernerdeck.de\/blog\/wp-content\/uploads\/2025\/09\/reise-lyon-cote-d-azur-teil-3-monaco-123.jpg","datePublished":"2025-09-30T07:39:42+00:00","dateModified":"2025-10-19T06:06:49+00:00","description":"C\u00f4te d\u2019Azur Reise Monaco. Ein erlebnisreicher Tag: Casino, F\u00fcrstenpalast, Yachthafen und eine unerwartete Begegnung mit F\u00fcrst Albert.","breadcrumb":{"@id":"https:\/\/wernerdeck.de\/blog\/2025\/09\/30\/reise-lyon-cote-dazur-teil-3-besuch-von-monaco\/#breadcrumb"},"inLanguage":"de","potentialAction":[{"@type":"ReadAction","target":["https:\/\/wernerdeck.de\/blog\/2025\/09\/30\/reise-lyon-cote-dazur-teil-3-besuch-von-monaco\/"]}]},{"@type":"ImageObject","inLanguage":"de","@id":"https:\/\/wernerdeck.de\/blog\/2025\/09\/30\/reise-lyon-cote-dazur-teil-3-besuch-von-monaco\/#primaryimage","url":"https:\/\/wernerdeck.de\/blog\/wp-content\/uploads\/2025\/09\/reise-lyon-cote-d-azur-teil-3-monaco-123.jpg","contentUrl":"https:\/\/wernerdeck.de\/blog\/wp-content\/uploads\/2025\/09\/reise-lyon-cote-d-azur-teil-3-monaco-123.jpg","width":1156,"height":504,"caption":"C\u00f4te d\u2019Azur Reise Monaco. Rundblick \u00fcber Hafen und Monaco von oben"},{"@type":"BreadcrumbList","@id":"https:\/\/wernerdeck.de\/blog\/2025\/09\/30\/reise-lyon-cote-dazur-teil-3-besuch-von-monaco\/#breadcrumb","itemListElement":[{"@type":"ListItem","position":1,"name":"Startseite","item":"https:\/\/wernerdeck.de\/blog\/"},{"@type":"ListItem","position":2,"name":"Reise Lyon \u2013 C\u00f4te d\u2019Azur, Teil 3: Besuch von Monaco"}]},{"@type":"WebSite","@id":"https:\/\/wernerdeck.de\/blog\/#website","url":"https:\/\/wernerdeck.de\/blog\/","name":"Blog von Werner Deck","description":"","publisher":{"@id":"https:\/\/wernerdeck.de\/blog\/#\/schema\/person\/7af62de1f11b0a09297eeb81281e523c"},"potentialAction":[{"@type":"SearchAction","target":{"@type":"EntryPoint","urlTemplate":"https:\/\/wernerdeck.de\/blog\/?s={search_term_string}"},"query-input":{"@type":"PropertyValueSpecification","valueRequired":true,"valueName":"search_term_string"}}],"inLanguage":"de"},{"@type":["Person","Organization"],"@id":"https:\/\/wernerdeck.de\/blog\/#\/schema\/person\/7af62de1f11b0a09297eeb81281e523c","name":"Werner Deck","image":{"@type":"ImageObject","inLanguage":"de","@id":"https:\/\/wernerdeck.de\/blog\/wp-content\/uploads\/2022\/05\/Werner-Deck-995x1024.jpg","url":"https:\/\/wernerdeck.de\/blog\/wp-content\/uploads\/2022\/05\/Werner-Deck-995x1024.jpg","contentUrl":"https:\/\/wernerdeck.de\/blog\/wp-content\/uploads\/2022\/05\/Werner-Deck-995x1024.jpg","width":995,"height":1024,"caption":"Werner Deck"},"logo":{"@id":"https:\/\/wernerdeck.de\/blog\/wp-content\/uploads\/2022\/05\/Werner-Deck-995x1024.jpg"},"sameAs":["https:\/\/wernerdeck.de\/blog","https:\/\/www.facebook.com\/werner.deck\/","https:\/\/www.instagram.com\/opti_maler_deck\/","https:\/\/www.youtube.com\/c\/WernerDeck"],"url":"https:\/\/wernerdeck.de\/blog\/author\/wernerdeck-de\/"}]}},"_links":{"self":[{"href":"https:\/\/wernerdeck.de\/blog\/wp-json\/wp\/v2\/posts\/30448","targetHints":{"allow":["GET"]}}],"collection":[{"href":"https:\/\/wernerdeck.de\/blog\/wp-json\/wp\/v2\/posts"}],"about":[{"href":"https:\/\/wernerdeck.de\/blog\/wp-json\/wp\/v2\/types\/post"}],"author":[{"embeddable":true,"href":"https:\/\/wernerdeck.de\/blog\/wp-json\/wp\/v2\/users\/1"}],"replies":[{"embeddable":true,"href":"https:\/\/wernerdeck.de\/blog\/wp-json\/wp\/v2\/comments?post=30448"}],"version-history":[{"count":0,"href":"https:\/\/wernerdeck.de\/blog\/wp-json\/wp\/v2\/posts\/30448\/revisions"}],"wp:featuredmedia":[{"embeddable":true,"href":"https:\/\/wernerdeck.de\/blog\/wp-json\/wp\/v2\/media\/30475"}],"wp:attachment":[{"href":"https:\/\/wernerdeck.de\/blog\/wp-json\/wp\/v2\/media?parent=30448"}],"wp:term":[{"taxonomy":"category","embeddable":true,"href":"https:\/\/wernerdeck.de\/blog\/wp-json\/wp\/v2\/categories?post=30448"},{"taxonomy":"post_tag","embeddable":true,"href":"https:\/\/wernerdeck.de\/blog\/wp-json\/wp\/v2\/tags?post=30448"}],"curies":[{"name":"wp","href":"https:\/\/api.w.org\/{rel}","templated":true}]}}