{"id":29997,"date":"2025-09-20T23:45:06","date_gmt":"2025-09-20T21:45:06","guid":{"rendered":"https:\/\/wernerdeck.de\/blog\/?p=29997"},"modified":"2025-09-20T23:45:06","modified_gmt":"2025-09-20T21:45:06","slug":"gefahr-afd-demokratie-robin-mesarosch","status":"publish","type":"post","link":"https:\/\/wernerdeck.de\/blog\/2025\/09\/20\/gefahr-afd-demokratie-robin-mesarosch\/","title":{"rendered":"Warum Robin Mesarosch recht hat \u2014 Die Gefahr durch die AfD"},"content":{"rendered":"<p><img loading=\"lazy\" decoding=\"async\" class=\" wp-image-29998 alignleft\" src=\"https:\/\/wernerdeck.de\/blog\/wp-content\/uploads\/2025\/09\/Robin-Mesarosch.jpg\" alt=\"Der Ex-Bundestagsabgeordnete Robin Mesarosch von der SPD\" width=\"208\" height=\"312\" srcset=\"https:\/\/wernerdeck.de\/blog\/wp-content\/uploads\/2025\/09\/Robin-Mesarosch.jpg 700w, https:\/\/wernerdeck.de\/blog\/wp-content\/uploads\/2025\/09\/Robin-Mesarosch-200x300.jpg 200w, https:\/\/wernerdeck.de\/blog\/wp-content\/uploads\/2025\/09\/Robin-Mesarosch-683x1024.jpg 683w\" sizes=\"auto, (max-width: 208px) 100vw, 208px\" \/><\/p>\n<p>Gefahr AfD Demokratie: Der Ex-Bundestagsabgeordnete <a href=\"https:\/\/robin-mesarosch.de\/\" target=\"_blank\" rel=\"noopener\">Robin Mesarosch<\/a> (SPD) spricht mir mit diesem Video aus dem Herzen und trifft mit dem Video genau den Punkt: Er vergleicht die Strategien heutiger Rechtspopulisten mit der Geschichte der 1930er Jahre und erkl\u00e4rt, warum Sympathie oder Stimmen f\u00fcr die AfD nicht harmlos sind.<\/p>\n<p>Gefahr AfD Demokratie \u2014 Robin Mesarosch erkl\u00e4rt in seinem Video, warum die AfD eine gro\u00dfe Gefahr ist.<\/p>\n<p>Das Video ist ein eindringlicher Weckruf: Wer die AfD untersch\u00e4tzt oder \u201enur\u201c inhaltlich stellen will, \u00fcbersieht das grunds\u00e4tzliche Ziel radikaler Bewegungen \u2014 die demokratischen Spielregeln auszuh\u00f6hlen. Das Video unbedingt ansehen!<\/p>\n<p>Die AfD ist nicht nur eine Oppositionspartei mit anderen Inhalten: Politik auf der B\u00fchne zu machen dient ihr nur dazu, die Parlamente l\u00e4cherlich zu machen und Vertrauen in demokratische Prozesse zu zerst\u00f6ren \u2014 das Endziel ist Machtkonzentration und Abschaffung pluralistischer Demokratie. Das Video erkl\u00e4rt historische Parallelen (30er Jahre) und warnt, dass rein inhaltliche Auseinandersetzung diese Strategie nicht stoppt.<\/p>\n<p style=\"text-align: center;\"><iframe loading=\"lazy\" style=\"border: none; overflow: hidden;\" src=\"https:\/\/www.facebook.com\/plugins\/video.php?height=476&amp;href=https%3A%2F%2Fwww.facebook.com%2FRobinMesaroschSPD%2Fvideos%2F1526071768824104%2F&amp;show_text=false&amp;width=267&amp;t=0\" width=\"267\" height=\"476\" frameborder=\"0\" scrolling=\"no\" allowfullscreen=\"allowfullscreen\"><\/iframe>&nbsp;<\/p>\n<p>Sein Fazit: \u201e<a href=\"https:\/\/wernerdeck.de\/blog\/2025\/06\/17\/afd-verbot-de-beweise-fuer-das-afd-verbot\/\" target=\"_blank\" rel=\"noopener\">Ein AfD-Verbot<\/a> l\u00f6st das Problem nicht allein. Aber es verhindert, dass die AfD unsere Parlamente bei der Arbeit blockiert und von innen heraus l\u00e4cherlich macht. Deswegen bin ich daf\u00fcr. Jetzt.\u201c<\/p>\n<p style=\"padding-left: 40px;\"><strong>Wer ist Robin Mesarosch?<\/strong><br \/>\n<strong>Wikipedia:<\/strong> \u201eMesarosch arbeitete als Social-Media-Referent unter anderem f\u00fcr <a title=\"Martin Schulz\" href=\"https:\/\/de.wikipedia.org\/wiki\/Martin_Schulz\">Martin Schulz<\/a>,&nbsp;<a title=\"Andrea Nahles\" href=\"https:\/\/de.wikipedia.org\/wiki\/Andrea_Nahles\">Andrea Nahles<\/a>&nbsp;und&nbsp;<a title=\"Heiko Maas\" href=\"https:\/\/de.wikipedia.org\/wiki\/Heiko_Maas\">Heiko Maas<\/a>&nbsp;sowie f\u00fcr den SPD-Parteivorstand und die&nbsp;<a title=\"SPD-Bundestagsfraktion\" href=\"https:\/\/de.wikipedia.org\/wiki\/SPD-Bundestagsfraktion\">SPD-Bundestagsfraktion<\/a>. Er war Leiter f\u00fcr den digitalen Wahlkampf bei der SPD Baden-W\u00fcrttemberg. Er war stellvertretender Kreisvorsitzender der&nbsp;<a title=\"Jusos\" href=\"https:\/\/de.wikipedia.org\/wiki\/Jusos\">Jusos<\/a>&nbsp;Sigmaringen.<br \/>\n2021 bewarb er sich bei der&nbsp;Bundestagswahl&nbsp;um das&nbsp;Direktmandat&nbsp;im&nbsp;Wahlkreis Zollernalb-Sigmaringen&nbsp;und stand auf der&nbsp;Landesliste&nbsp;auf Platz 16. Im Kampf um das Direktmandat unterlag er als Zweitplatzierter dem CDU-Kandidaten&nbsp;Thomas Barei\u00df, erreichte jedoch \u00fcber den Listenplatz einen Sitz im Bundestag.<br \/>\nMesarosch war ordentliches Mitglied im&nbsp;Ausschuss f\u00fcr Klimaschutz und Energie, im&nbsp;Ausschuss f\u00fcr Digitales&nbsp;und im&nbsp;Unterausschuss&nbsp;Internationale Klima- und Energiepolitik. Er war stellvertretendes Mitglied im&nbsp;Gesundheitsausschuss sowie stellvertretender Vorsitzender im&nbsp;2. Untersuchungsausschuss der 20. Wahlperiode des Deutschen Bundestages.<br \/>\nBei der Bundestagswahl 2025 trat Mesarosch erneut an, konnte sein Mandat aufgrund des schlechten Wahlergebnisses der SPD jedoch nicht verteidigen.\u201c<\/p>\n<p>Dazu passt diese brillante Geschichtserinnerung in dem sehenswerten Beitrag des Kabarettisten <a href=\"https:\/\/www.christoph-sieber.de\/\" target=\"_blank\" rel=\"noopener\">Christoph Sieber<\/a>.<\/p>\n<p style=\"text-align: center;\"><iframe loading=\"lazy\" style=\"border: none; overflow: hidden;\" src=\"https:\/\/www.facebook.com\/plugins\/video.php?height=476&amp;href=https%3A%2F%2Fwww.facebook.com%2Fchristophsieber.kabarettist%2Fvideos%2F1232251981931413%2F&amp;show_text=false&amp;width=267&amp;t=0\" width=\"267\" height=\"476\" frameborder=\"0\" scrolling=\"no\" allowfullscreen=\"allowfullscreen\"><\/iframe>&nbsp;<\/p>\n","protected":false},"excerpt":{"rendered":"<p>Gefahr AfD Demokratie: Der Ex-Bundestagsabgeordnete Robin Mesarosch (SPD) spricht mir mit diesem Video aus dem Herzen und trifft mit dem Video genau den Punkt: Er vergleicht die Strategien heutiger Rechtspopulisten mit der Geschichte der 1930er Jahre und erkl\u00e4rt, warum Sympathie oder Stimmen f\u00fcr die AfD nicht harmlos sind. Gefahr AfD Demokratie \u2014 Robin Mesarosch erkl\u00e4rt &#8230; <a title=\"Warum Robin Mesarosch recht hat \u2014 Die Gefahr durch die AfD\" class=\"read-more\" href=\"https:\/\/wernerdeck.de\/blog\/2025\/09\/20\/gefahr-afd-demokratie-robin-mesarosch\/\" aria-label=\"Mehr Informationen \u00fcber Warum Robin Mesarosch recht hat \u2014 Die Gefahr durch die AfD\">Weiterlesen<\/a><\/p>\n","protected":false},"author":1,"featured_media":30010,"comment_status":"open","ping_status":"open","sticky":false,"template":"","format":"standard","meta":{"ngg_post_thumbnail":0,"footnotes":""},"categories":[513],"tags":[1079,630,754,793,1130,990,1126,1128,1124,989,1123,755,1127,1125,1129],"class_list":["post-29997","post","type-post","status-publish","format-standard","has-post-thumbnail","hentry","category-nein-zur-afd","tag-afdverbotjetzt","tag-noafd","tag-afd","tag-afd-entlarven","tag-christoph-sieber","tag-demokratie","tag-goebbels","tag-januar-6","tag-parteienverbot","tag-rechtspopulismus","tag-robin-mesarosch","tag-ungarn","tag-verfassungsschutz","tag-weimarer-republik","tag-zivilgesellschaft"],"yoast_head":"<!-- This site is optimized with the Yoast SEO plugin v27.4 - https:\/\/yoast.com\/product\/yoast-seo-wordpress\/ -->\n<title>Warum Robin Mesarosch recht hat \u2014 Die Gefahr durch die AfD - Privater Blog von Werner Deck<\/title>\n<meta name=\"description\" content=\"Gefahr AfD Demokratie. Robin Mesarosch warnt vor der Strategie der AfD: Wie Rechtspopulisten Parlament und Demokratie untergraben.\" \/>\n<meta name=\"robots\" content=\"index, follow, max-snippet:-1, max-image-preview:large, max-video-preview:-1\" \/>\n<link rel=\"canonical\" href=\"https:\/\/wernerdeck.de\/blog\/2025\/09\/20\/gefahr-afd-demokratie-robin-mesarosch\/\" \/>\n<meta property=\"og:locale\" content=\"de_DE\" \/>\n<meta property=\"og:type\" content=\"article\" \/>\n<meta property=\"og:title\" content=\"Warum Robin Mesarosch recht hat \u2014 Die Gefahr durch die AfD - Privater Blog von Werner Deck\" \/>\n<meta property=\"og:description\" content=\"Gefahr AfD Demokratie. Robin Mesarosch warnt vor der Strategie der AfD: Wie Rechtspopulisten Parlament und Demokratie untergraben.\" \/>\n<meta property=\"og:url\" content=\"https:\/\/wernerdeck.de\/blog\/2025\/09\/20\/gefahr-afd-demokratie-robin-mesarosch\/\" \/>\n<meta property=\"og:site_name\" content=\"Privater Blog von Werner Deck\" \/>\n<meta property=\"article:publisher\" content=\"https:\/\/www.facebook.com\/werner.deck\/\" \/>\n<meta property=\"article:author\" content=\"https:\/\/www.facebook.com\/werner.deck\/\" \/>\n<meta property=\"article:published_time\" content=\"2025-09-20T21:45:06+00:00\" \/>\n<meta property=\"og:image\" content=\"https:\/\/wernerdeck.de\/blog\/wp-content\/uploads\/2025\/09\/gefahr-afd-demokratie-gegen-die-afd-demokraqtie-schuetzen.jpg\" \/>\n\t<meta property=\"og:image:width\" content=\"1615\" \/>\n\t<meta property=\"og:image:height\" content=\"630\" \/>\n\t<meta property=\"og:image:type\" content=\"image\/jpeg\" \/>\n<meta name=\"author\" content=\"Werner Deck\" \/>\n<meta name=\"twitter:card\" content=\"summary_large_image\" \/>\n<meta name=\"twitter:label1\" content=\"Verfasst von\" \/>\n\t<meta name=\"twitter:data1\" content=\"Werner Deck\" \/>\n\t<meta name=\"twitter:label2\" content=\"Gesch\u00e4tzte Lesezeit\" \/>\n\t<meta name=\"twitter:data2\" content=\"3\u00a0Minuten\" \/>\n<script type=\"application\/ld+json\" class=\"yoast-schema-graph\">{\"@context\":\"https:\\\/\\\/schema.org\",\"@graph\":[{\"@type\":\"Article\",\"@id\":\"https:\\\/\\\/wernerdeck.de\\\/blog\\\/2025\\\/09\\\/20\\\/gefahr-afd-demokratie-robin-mesarosch\\\/#article\",\"isPartOf\":{\"@id\":\"https:\\\/\\\/wernerdeck.de\\\/blog\\\/2025\\\/09\\\/20\\\/gefahr-afd-demokratie-robin-mesarosch\\\/\"},\"author\":{\"name\":\"Werner Deck\",\"@id\":\"https:\\\/\\\/wernerdeck.de\\\/blog\\\/#\\\/schema\\\/person\\\/7af62de1f11b0a09297eeb81281e523c\"},\"headline\":\"Warum Robin Mesarosch recht hat \u2014 Die Gefahr durch die AfD\",\"datePublished\":\"2025-09-20T21:45:06+00:00\",\"mainEntityOfPage\":{\"@id\":\"https:\\\/\\\/wernerdeck.de\\\/blog\\\/2025\\\/09\\\/20\\\/gefahr-afd-demokratie-robin-mesarosch\\\/\"},\"wordCount\":391,\"commentCount\":0,\"publisher\":{\"@id\":\"https:\\\/\\\/wernerdeck.de\\\/blog\\\/#\\\/schema\\\/person\\\/7af62de1f11b0a09297eeb81281e523c\"},\"image\":{\"@id\":\"https:\\\/\\\/wernerdeck.de\\\/blog\\\/2025\\\/09\\\/20\\\/gefahr-afd-demokratie-robin-mesarosch\\\/#primaryimage\"},\"thumbnailUrl\":\"https:\\\/\\\/wernerdeck.de\\\/blog\\\/wp-content\\\/uploads\\\/2025\\\/09\\\/gefahr-afd-demokratie-gegen-die-afd-demokraqtie-schuetzen.jpg\",\"keywords\":[\"#AfDVerbotjetzt\",\"#NoAfD\",\"AfD\",\"AfD entlarven\",\"Christoph Sieber\",\"Demokratie\",\"Goebbels\",\"Januar 6\",\"Parteienverbot\",\"Rechtspopulismus\",\"Robin Mesarosch\",\"Ungarn\",\"Verfassungsschutz\",\"Weimarer Republik\",\"Zivilgesellschaft\"],\"articleSection\":[\"Nein zur AfD\"],\"inLanguage\":\"de\",\"potentialAction\":[{\"@type\":\"CommentAction\",\"name\":\"Comment\",\"target\":[\"https:\\\/\\\/wernerdeck.de\\\/blog\\\/2025\\\/09\\\/20\\\/gefahr-afd-demokratie-robin-mesarosch\\\/#respond\"]}]},{\"@type\":\"WebPage\",\"@id\":\"https:\\\/\\\/wernerdeck.de\\\/blog\\\/2025\\\/09\\\/20\\\/gefahr-afd-demokratie-robin-mesarosch\\\/\",\"url\":\"https:\\\/\\\/wernerdeck.de\\\/blog\\\/2025\\\/09\\\/20\\\/gefahr-afd-demokratie-robin-mesarosch\\\/\",\"name\":\"Warum Robin Mesarosch recht hat \u2014 Die Gefahr durch die AfD - Privater Blog von Werner Deck\",\"isPartOf\":{\"@id\":\"https:\\\/\\\/wernerdeck.de\\\/blog\\\/#website\"},\"primaryImageOfPage\":{\"@id\":\"https:\\\/\\\/wernerdeck.de\\\/blog\\\/2025\\\/09\\\/20\\\/gefahr-afd-demokratie-robin-mesarosch\\\/#primaryimage\"},\"image\":{\"@id\":\"https:\\\/\\\/wernerdeck.de\\\/blog\\\/2025\\\/09\\\/20\\\/gefahr-afd-demokratie-robin-mesarosch\\\/#primaryimage\"},\"thumbnailUrl\":\"https:\\\/\\\/wernerdeck.de\\\/blog\\\/wp-content\\\/uploads\\\/2025\\\/09\\\/gefahr-afd-demokratie-gegen-die-afd-demokraqtie-schuetzen.jpg\",\"datePublished\":\"2025-09-20T21:45:06+00:00\",\"description\":\"Gefahr AfD Demokratie. Robin Mesarosch warnt vor der Strategie der AfD: Wie Rechtspopulisten Parlament und Demokratie untergraben.\",\"breadcrumb\":{\"@id\":\"https:\\\/\\\/wernerdeck.de\\\/blog\\\/2025\\\/09\\\/20\\\/gefahr-afd-demokratie-robin-mesarosch\\\/#breadcrumb\"},\"inLanguage\":\"de\",\"potentialAction\":[{\"@type\":\"ReadAction\",\"target\":[\"https:\\\/\\\/wernerdeck.de\\\/blog\\\/2025\\\/09\\\/20\\\/gefahr-afd-demokratie-robin-mesarosch\\\/\"]}]},{\"@type\":\"ImageObject\",\"inLanguage\":\"de\",\"@id\":\"https:\\\/\\\/wernerdeck.de\\\/blog\\\/2025\\\/09\\\/20\\\/gefahr-afd-demokratie-robin-mesarosch\\\/#primaryimage\",\"url\":\"https:\\\/\\\/wernerdeck.de\\\/blog\\\/wp-content\\\/uploads\\\/2025\\\/09\\\/gefahr-afd-demokratie-gegen-die-afd-demokraqtie-schuetzen.jpg\",\"contentUrl\":\"https:\\\/\\\/wernerdeck.de\\\/blog\\\/wp-content\\\/uploads\\\/2025\\\/09\\\/gefahr-afd-demokratie-gegen-die-afd-demokraqtie-schuetzen.jpg\",\"width\":1615,\"height\":630,\"caption\":\"Die AfD ist eine Gefahr f\u00fcr die Demokratie\"},{\"@type\":\"BreadcrumbList\",\"@id\":\"https:\\\/\\\/wernerdeck.de\\\/blog\\\/2025\\\/09\\\/20\\\/gefahr-afd-demokratie-robin-mesarosch\\\/#breadcrumb\",\"itemListElement\":[{\"@type\":\"ListItem\",\"position\":1,\"name\":\"Startseite\",\"item\":\"https:\\\/\\\/wernerdeck.de\\\/blog\\\/\"},{\"@type\":\"ListItem\",\"position\":2,\"name\":\"Warum Robin Mesarosch recht hat \u2014 Die Gefahr durch die AfD\"}]},{\"@type\":\"WebSite\",\"@id\":\"https:\\\/\\\/wernerdeck.de\\\/blog\\\/#website\",\"url\":\"https:\\\/\\\/wernerdeck.de\\\/blog\\\/\",\"name\":\"Blog von Werner Deck\",\"description\":\"\",\"publisher\":{\"@id\":\"https:\\\/\\\/wernerdeck.de\\\/blog\\\/#\\\/schema\\\/person\\\/7af62de1f11b0a09297eeb81281e523c\"},\"potentialAction\":[{\"@type\":\"SearchAction\",\"target\":{\"@type\":\"EntryPoint\",\"urlTemplate\":\"https:\\\/\\\/wernerdeck.de\\\/blog\\\/?s={search_term_string}\"},\"query-input\":{\"@type\":\"PropertyValueSpecification\",\"valueRequired\":true,\"valueName\":\"search_term_string\"}}],\"inLanguage\":\"de\"},{\"@type\":[\"Person\",\"Organization\"],\"@id\":\"https:\\\/\\\/wernerdeck.de\\\/blog\\\/#\\\/schema\\\/person\\\/7af62de1f11b0a09297eeb81281e523c\",\"name\":\"Werner Deck\",\"image\":{\"@type\":\"ImageObject\",\"inLanguage\":\"de\",\"@id\":\"https:\\\/\\\/wernerdeck.de\\\/blog\\\/wp-content\\\/uploads\\\/2022\\\/05\\\/Werner-Deck-995x1024.jpg\",\"url\":\"https:\\\/\\\/wernerdeck.de\\\/blog\\\/wp-content\\\/uploads\\\/2022\\\/05\\\/Werner-Deck-995x1024.jpg\",\"contentUrl\":\"https:\\\/\\\/wernerdeck.de\\\/blog\\\/wp-content\\\/uploads\\\/2022\\\/05\\\/Werner-Deck-995x1024.jpg\",\"width\":995,\"height\":1024,\"caption\":\"Werner Deck\"},\"logo\":{\"@id\":\"https:\\\/\\\/wernerdeck.de\\\/blog\\\/wp-content\\\/uploads\\\/2022\\\/05\\\/Werner-Deck-995x1024.jpg\"},\"sameAs\":[\"https:\\\/\\\/wernerdeck.de\\\/blog\",\"https:\\\/\\\/www.facebook.com\\\/werner.deck\\\/\",\"https:\\\/\\\/www.instagram.com\\\/opti_maler_deck\\\/\",\"https:\\\/\\\/www.youtube.com\\\/c\\\/WernerDeck\"],\"url\":\"https:\\\/\\\/wernerdeck.de\\\/blog\\\/author\\\/wernerdeck-de\\\/\"}]}<\/script>\n<!-- \/ Yoast SEO plugin. -->","yoast_head_json":{"title":"Warum Robin Mesarosch recht hat \u2014 Die Gefahr durch die AfD - Privater Blog von Werner Deck","description":"Gefahr AfD Demokratie. Robin Mesarosch warnt vor der Strategie der AfD: Wie Rechtspopulisten Parlament und Demokratie untergraben.","robots":{"index":"index","follow":"follow","max-snippet":"max-snippet:-1","max-image-preview":"max-image-preview:large","max-video-preview":"max-video-preview:-1"},"canonical":"https:\/\/wernerdeck.de\/blog\/2025\/09\/20\/gefahr-afd-demokratie-robin-mesarosch\/","og_locale":"de_DE","og_type":"article","og_title":"Warum Robin Mesarosch recht hat \u2014 Die Gefahr durch die AfD - Privater Blog von Werner Deck","og_description":"Gefahr AfD Demokratie. Robin Mesarosch warnt vor der Strategie der AfD: Wie Rechtspopulisten Parlament und Demokratie untergraben.","og_url":"https:\/\/wernerdeck.de\/blog\/2025\/09\/20\/gefahr-afd-demokratie-robin-mesarosch\/","og_site_name":"Privater Blog von Werner Deck","article_publisher":"https:\/\/www.facebook.com\/werner.deck\/","article_author":"https:\/\/www.facebook.com\/werner.deck\/","article_published_time":"2025-09-20T21:45:06+00:00","og_image":[{"width":1615,"height":630,"url":"https:\/\/wernerdeck.de\/blog\/wp-content\/uploads\/2025\/09\/gefahr-afd-demokratie-gegen-die-afd-demokraqtie-schuetzen.jpg","type":"image\/jpeg"}],"author":"Werner Deck","twitter_card":"summary_large_image","twitter_misc":{"Verfasst von":"Werner Deck","Gesch\u00e4tzte Lesezeit":"3\u00a0Minuten"},"schema":{"@context":"https:\/\/schema.org","@graph":[{"@type":"Article","@id":"https:\/\/wernerdeck.de\/blog\/2025\/09\/20\/gefahr-afd-demokratie-robin-mesarosch\/#article","isPartOf":{"@id":"https:\/\/wernerdeck.de\/blog\/2025\/09\/20\/gefahr-afd-demokratie-robin-mesarosch\/"},"author":{"name":"Werner Deck","@id":"https:\/\/wernerdeck.de\/blog\/#\/schema\/person\/7af62de1f11b0a09297eeb81281e523c"},"headline":"Warum Robin Mesarosch recht hat \u2014 Die Gefahr durch die AfD","datePublished":"2025-09-20T21:45:06+00:00","mainEntityOfPage":{"@id":"https:\/\/wernerdeck.de\/blog\/2025\/09\/20\/gefahr-afd-demokratie-robin-mesarosch\/"},"wordCount":391,"commentCount":0,"publisher":{"@id":"https:\/\/wernerdeck.de\/blog\/#\/schema\/person\/7af62de1f11b0a09297eeb81281e523c"},"image":{"@id":"https:\/\/wernerdeck.de\/blog\/2025\/09\/20\/gefahr-afd-demokratie-robin-mesarosch\/#primaryimage"},"thumbnailUrl":"https:\/\/wernerdeck.de\/blog\/wp-content\/uploads\/2025\/09\/gefahr-afd-demokratie-gegen-die-afd-demokraqtie-schuetzen.jpg","keywords":["#AfDVerbotjetzt","#NoAfD","AfD","AfD entlarven","Christoph Sieber","Demokratie","Goebbels","Januar 6","Parteienverbot","Rechtspopulismus","Robin Mesarosch","Ungarn","Verfassungsschutz","Weimarer Republik","Zivilgesellschaft"],"articleSection":["Nein zur AfD"],"inLanguage":"de","potentialAction":[{"@type":"CommentAction","name":"Comment","target":["https:\/\/wernerdeck.de\/blog\/2025\/09\/20\/gefahr-afd-demokratie-robin-mesarosch\/#respond"]}]},{"@type":"WebPage","@id":"https:\/\/wernerdeck.de\/blog\/2025\/09\/20\/gefahr-afd-demokratie-robin-mesarosch\/","url":"https:\/\/wernerdeck.de\/blog\/2025\/09\/20\/gefahr-afd-demokratie-robin-mesarosch\/","name":"Warum Robin Mesarosch recht hat \u2014 Die Gefahr durch die AfD - Privater Blog von Werner Deck","isPartOf":{"@id":"https:\/\/wernerdeck.de\/blog\/#website"},"primaryImageOfPage":{"@id":"https:\/\/wernerdeck.de\/blog\/2025\/09\/20\/gefahr-afd-demokratie-robin-mesarosch\/#primaryimage"},"image":{"@id":"https:\/\/wernerdeck.de\/blog\/2025\/09\/20\/gefahr-afd-demokratie-robin-mesarosch\/#primaryimage"},"thumbnailUrl":"https:\/\/wernerdeck.de\/blog\/wp-content\/uploads\/2025\/09\/gefahr-afd-demokratie-gegen-die-afd-demokraqtie-schuetzen.jpg","datePublished":"2025-09-20T21:45:06+00:00","description":"Gefahr AfD Demokratie. Robin Mesarosch warnt vor der Strategie der AfD: Wie Rechtspopulisten Parlament und Demokratie untergraben.","breadcrumb":{"@id":"https:\/\/wernerdeck.de\/blog\/2025\/09\/20\/gefahr-afd-demokratie-robin-mesarosch\/#breadcrumb"},"inLanguage":"de","potentialAction":[{"@type":"ReadAction","target":["https:\/\/wernerdeck.de\/blog\/2025\/09\/20\/gefahr-afd-demokratie-robin-mesarosch\/"]}]},{"@type":"ImageObject","inLanguage":"de","@id":"https:\/\/wernerdeck.de\/blog\/2025\/09\/20\/gefahr-afd-demokratie-robin-mesarosch\/#primaryimage","url":"https:\/\/wernerdeck.de\/blog\/wp-content\/uploads\/2025\/09\/gefahr-afd-demokratie-gegen-die-afd-demokraqtie-schuetzen.jpg","contentUrl":"https:\/\/wernerdeck.de\/blog\/wp-content\/uploads\/2025\/09\/gefahr-afd-demokratie-gegen-die-afd-demokraqtie-schuetzen.jpg","width":1615,"height":630,"caption":"Die AfD ist eine Gefahr f\u00fcr die Demokratie"},{"@type":"BreadcrumbList","@id":"https:\/\/wernerdeck.de\/blog\/2025\/09\/20\/gefahr-afd-demokratie-robin-mesarosch\/#breadcrumb","itemListElement":[{"@type":"ListItem","position":1,"name":"Startseite","item":"https:\/\/wernerdeck.de\/blog\/"},{"@type":"ListItem","position":2,"name":"Warum Robin Mesarosch recht hat \u2014 Die Gefahr durch die AfD"}]},{"@type":"WebSite","@id":"https:\/\/wernerdeck.de\/blog\/#website","url":"https:\/\/wernerdeck.de\/blog\/","name":"Blog von Werner Deck","description":"","publisher":{"@id":"https:\/\/wernerdeck.de\/blog\/#\/schema\/person\/7af62de1f11b0a09297eeb81281e523c"},"potentialAction":[{"@type":"SearchAction","target":{"@type":"EntryPoint","urlTemplate":"https:\/\/wernerdeck.de\/blog\/?s={search_term_string}"},"query-input":{"@type":"PropertyValueSpecification","valueRequired":true,"valueName":"search_term_string"}}],"inLanguage":"de"},{"@type":["Person","Organization"],"@id":"https:\/\/wernerdeck.de\/blog\/#\/schema\/person\/7af62de1f11b0a09297eeb81281e523c","name":"Werner Deck","image":{"@type":"ImageObject","inLanguage":"de","@id":"https:\/\/wernerdeck.de\/blog\/wp-content\/uploads\/2022\/05\/Werner-Deck-995x1024.jpg","url":"https:\/\/wernerdeck.de\/blog\/wp-content\/uploads\/2022\/05\/Werner-Deck-995x1024.jpg","contentUrl":"https:\/\/wernerdeck.de\/blog\/wp-content\/uploads\/2022\/05\/Werner-Deck-995x1024.jpg","width":995,"height":1024,"caption":"Werner Deck"},"logo":{"@id":"https:\/\/wernerdeck.de\/blog\/wp-content\/uploads\/2022\/05\/Werner-Deck-995x1024.jpg"},"sameAs":["https:\/\/wernerdeck.de\/blog","https:\/\/www.facebook.com\/werner.deck\/","https:\/\/www.instagram.com\/opti_maler_deck\/","https:\/\/www.youtube.com\/c\/WernerDeck"],"url":"https:\/\/wernerdeck.de\/blog\/author\/wernerdeck-de\/"}]}},"_links":{"self":[{"href":"https:\/\/wernerdeck.de\/blog\/wp-json\/wp\/v2\/posts\/29997","targetHints":{"allow":["GET"]}}],"collection":[{"href":"https:\/\/wernerdeck.de\/blog\/wp-json\/wp\/v2\/posts"}],"about":[{"href":"https:\/\/wernerdeck.de\/blog\/wp-json\/wp\/v2\/types\/post"}],"author":[{"embeddable":true,"href":"https:\/\/wernerdeck.de\/blog\/wp-json\/wp\/v2\/users\/1"}],"replies":[{"embeddable":true,"href":"https:\/\/wernerdeck.de\/blog\/wp-json\/wp\/v2\/comments?post=29997"}],"version-history":[{"count":0,"href":"https:\/\/wernerdeck.de\/blog\/wp-json\/wp\/v2\/posts\/29997\/revisions"}],"wp:featuredmedia":[{"embeddable":true,"href":"https:\/\/wernerdeck.de\/blog\/wp-json\/wp\/v2\/media\/30010"}],"wp:attachment":[{"href":"https:\/\/wernerdeck.de\/blog\/wp-json\/wp\/v2\/media?parent=29997"}],"wp:term":[{"taxonomy":"category","embeddable":true,"href":"https:\/\/wernerdeck.de\/blog\/wp-json\/wp\/v2\/categories?post=29997"},{"taxonomy":"post_tag","embeddable":true,"href":"https:\/\/wernerdeck.de\/blog\/wp-json\/wp\/v2\/tags?post=29997"}],"curies":[{"name":"wp","href":"https:\/\/api.w.org\/{rel}","templated":true}]}}