{"id":2985,"date":"2022-11-27T19:42:22","date_gmt":"2022-11-27T18:42:22","guid":{"rendered":"https:\/\/wernerdeck.de\/blog\/?p=2985"},"modified":"2023-07-18T21:08:37","modified_gmt":"2023-07-18T19:08:37","slug":"offenes-atelier-am-27-11-beim-kubanischen-kuenstler-pavel-miguel-wir-haben-ein-wunderbares-kleinod-erworben","status":"publish","type":"post","link":"https:\/\/wernerdeck.de\/blog\/2022\/11\/27\/offenes-atelier-am-27-11-beim-kubanischen-kuenstler-pavel-miguel-wir-haben-ein-wunderbares-kleinod-erworben\/","title":{"rendered":"Offenes Atelier am 27.11. beim kubanischen K\u00fcnstler Pavel Miguel. Wir haben ein wunderbares Kleinod erworben"},"content":{"rendered":"<p><img loading=\"lazy\" decoding=\"async\" class=\" wp-image-2999 alignleft\" src=\"https:\/\/wernerdeck.de\/blog\/wp-content\/uploads\/2022\/11\/Offenes-Atelier-bei-Pavel-Miguel.jpg\" alt=\"Offenes Atelier bei Pavel Miguel\" width=\"392\" height=\"276\" srcset=\"https:\/\/wernerdeck.de\/blog\/wp-content\/uploads\/2022\/11\/Offenes-Atelier-bei-Pavel-Miguel.jpg 1500w, https:\/\/wernerdeck.de\/blog\/wp-content\/uploads\/2022\/11\/Offenes-Atelier-bei-Pavel-Miguel-300x211.jpg 300w, https:\/\/wernerdeck.de\/blog\/wp-content\/uploads\/2022\/11\/Offenes-Atelier-bei-Pavel-Miguel-1024x722.jpg 1024w, https:\/\/wernerdeck.de\/blog\/wp-content\/uploads\/2022\/11\/Offenes-Atelier-bei-Pavel-Miguel-768x541.jpg 768w\" sizes=\"auto, (max-width: 392px) 100vw, 392px\" \/>Bei <a href=\"https:\/\/www.pavelmiguel.de\/\" target=\"_blank\" rel=\"noopener\">Pavel im Atelier<\/a> zu st\u00f6bern, ist immer ein Fest f\u00fcr alle Sinne.<\/p>\n<p><a href=\"https:\/\/wernerdeck.de\/blog\/2022\/11\/11\/bis-gestern-vormittag-noch-im-atelier-des-kubanischen-kuenstlers-pavel-miguel-am-nachmittag-schon-bei-uns-die-installation-falle-fuer-touristen\/\" target=\"_blank\" rel=\"noopener\">Pavel Miguel<\/a> ist ein ungew\u00f6hnlich vielseitiger K\u00fcnstler mit ungew\u00f6hnlich tollen Kunstobjekten jedweder Machart.<\/p>\n<p>Selbstredend, dass wir heute, am Tag des offenen Ateliers, Pavel einen Besuch abstatteten.<\/p>\n<p>Erworben haben wir auch ein Kunstobjekt f\u00fcr drau\u00dfen. <a href=\"https:\/\/wernerdeck.de\/blog\/2023\/07\/18\/was-lange-waehrt-%f0%9f%98%89-heute-kam-die-kunst-und-mit-ihr-der-kubanische-kuenstler-pavel-miguel-%f0%9f%98%80\/\" target=\"_blank\" rel=\"noopener\">Pavel muss daran noch einige Kleinigkeiten fertigstellen und im Fr\u00fchjahr 2023 werden wir es abholen k\u00f6nnen<\/a>.<\/p>\n<p>Mit einem Klick auf die Vorschaubilder kann man sich durch alle Bilder unseres heutigen Atelierbesuchs und Pavels toller Kunst in Originalgr\u00f6\u00dfe klicken.<\/p>\n<h3 style=\"text-align: center;\">Offenes Atelier am 27.11. beim kubanischen K\u00fcnstler Pavel Miguel.<\/h3>\n\n<div class=\"ngg-galleryoverview ngg-template-caption\" id=\"ngg-gallery-d89eee956b7d592ad6b12e7703222eb0-2985\">\n\n\t\t\n\t<!-- Thumbnails -->\n\t\t\t\t\t\n\t<div id=\"ngg-image-52\" class=\"ngg-gallery-thumbnail-box\" style=\"width:25%;\" >\n\t\t<div class=\"ngg-gallery-thumbnail\" >\n\t\t\t<a href=\"https:\/\/wernerdeck.de\/blog\/wp-content\/gallery\/offenes-atelier-pavel-miguel-am-27-11-2022\/20221127_123702-scaled.jpg\"\n\t\t\t\ttitle=\" \"\n\t\t\t\tclass=\"ngg-simplelightbox\" rel=\"d89eee956b7d592ad6b12e7703222eb0\" data-image-id=\"52\" data-src=\"https:\/\/wernerdeck.de\/blog\/wp-content\/gallery\/offenes-atelier-pavel-miguel-am-27-11-2022\/20221127_123702-scaled.jpg\" data-thumbnail=\"https:\/\/wernerdeck.de\/blog\/wp-content\/gallery\/offenes-atelier-pavel-miguel-am-27-11-2022\/thumbs\/thumbs_20221127_123702-scaled.jpg\" data-title=\"20221127_123702-scaled\" data-description=\" \" >\n\t\t\t\t\t\t\t\t<img title=\"20221127_123702-scaled\" alt=\"20221127_123702-scaled\" src=\"https:\/\/wernerdeck.de\/blog\/wp-content\/gallery\/offenes-atelier-pavel-miguel-am-27-11-2022\/thumbs\/thumbs_20221127_123702-scaled.jpg\" width='240' height='160' \/>\n\t\t\t\t\t\t\t<\/a>\n\t\t\t<span>\n\t\t\t \t\t\t<\/span>\n\t\t<\/div>\n\t<\/div>\n\t\t\t\t\t\t\t\t\n\t<div id=\"ngg-image-51\" class=\"ngg-gallery-thumbnail-box\" style=\"width:25%;\" >\n\t\t<div class=\"ngg-gallery-thumbnail\" >\n\t\t\t<a href=\"https:\/\/wernerdeck.de\/blog\/wp-content\/gallery\/offenes-atelier-pavel-miguel-am-27-11-2022\/20221127_123719-scaled.jpg\"\n\t\t\t\ttitle=\" \"\n\t\t\t\tclass=\"ngg-simplelightbox\" rel=\"d89eee956b7d592ad6b12e7703222eb0\" data-image-id=\"51\" data-src=\"https:\/\/wernerdeck.de\/blog\/wp-content\/gallery\/offenes-atelier-pavel-miguel-am-27-11-2022\/20221127_123719-scaled.jpg\" data-thumbnail=\"https:\/\/wernerdeck.de\/blog\/wp-content\/gallery\/offenes-atelier-pavel-miguel-am-27-11-2022\/thumbs\/thumbs_20221127_123719-scaled.jpg\" data-title=\"20221127_123719-scaled\" data-description=\" \" >\n\t\t\t\t\t\t\t\t<img title=\"20221127_123719-scaled\" alt=\"20221127_123719-scaled\" src=\"https:\/\/wernerdeck.de\/blog\/wp-content\/gallery\/offenes-atelier-pavel-miguel-am-27-11-2022\/thumbs\/thumbs_20221127_123719-scaled.jpg\" width='240' height='160' \/>\n\t\t\t\t\t\t\t<\/a>\n\t\t\t<span>\n\t\t\t \t\t\t<\/span>\n\t\t<\/div>\n\t<\/div>\n\t\t\t\t\t\t\t\t\n\t<div id=\"ngg-image-50\" class=\"ngg-gallery-thumbnail-box\" style=\"width:25%;\" >\n\t\t<div class=\"ngg-gallery-thumbnail\" >\n\t\t\t<a href=\"https:\/\/wernerdeck.de\/blog\/wp-content\/gallery\/offenes-atelier-pavel-miguel-am-27-11-2022\/20221127_123730-scaled.jpg\"\n\t\t\t\ttitle=\" \"\n\t\t\t\tclass=\"ngg-simplelightbox\" rel=\"d89eee956b7d592ad6b12e7703222eb0\" data-image-id=\"50\" data-src=\"https:\/\/wernerdeck.de\/blog\/wp-content\/gallery\/offenes-atelier-pavel-miguel-am-27-11-2022\/20221127_123730-scaled.jpg\" data-thumbnail=\"https:\/\/wernerdeck.de\/blog\/wp-content\/gallery\/offenes-atelier-pavel-miguel-am-27-11-2022\/thumbs\/thumbs_20221127_123730-scaled.jpg\" data-title=\"20221127_123730-scaled\" data-description=\" \" >\n\t\t\t\t\t\t\t\t<img title=\"20221127_123730-scaled\" alt=\"20221127_123730-scaled\" src=\"https:\/\/wernerdeck.de\/blog\/wp-content\/gallery\/offenes-atelier-pavel-miguel-am-27-11-2022\/thumbs\/thumbs_20221127_123730-scaled.jpg\" width='240' height='160' \/>\n\t\t\t\t\t\t\t<\/a>\n\t\t\t<span>\n\t\t\t \t\t\t<\/span>\n\t\t<\/div>\n\t<\/div>\n\t\t\t\t\t\t\t\t\n\t<div id=\"ngg-image-49\" class=\"ngg-gallery-thumbnail-box\" style=\"width:25%;\" >\n\t\t<div class=\"ngg-gallery-thumbnail\" >\n\t\t\t<a href=\"https:\/\/wernerdeck.de\/blog\/wp-content\/gallery\/offenes-atelier-pavel-miguel-am-27-11-2022\/20221127_123733-scaled.jpg\"\n\t\t\t\ttitle=\" \"\n\t\t\t\tclass=\"ngg-simplelightbox\" rel=\"d89eee956b7d592ad6b12e7703222eb0\" data-image-id=\"49\" data-src=\"https:\/\/wernerdeck.de\/blog\/wp-content\/gallery\/offenes-atelier-pavel-miguel-am-27-11-2022\/20221127_123733-scaled.jpg\" data-thumbnail=\"https:\/\/wernerdeck.de\/blog\/wp-content\/gallery\/offenes-atelier-pavel-miguel-am-27-11-2022\/thumbs\/thumbs_20221127_123733-scaled.jpg\" data-title=\"20221127_123733-scaled\" data-description=\" \" >\n\t\t\t\t\t\t\t\t<img title=\"20221127_123733-scaled\" alt=\"20221127_123733-scaled\" src=\"https:\/\/wernerdeck.de\/blog\/wp-content\/gallery\/offenes-atelier-pavel-miguel-am-27-11-2022\/thumbs\/thumbs_20221127_123733-scaled.jpg\" width='240' height='160' \/>\n\t\t\t\t\t\t\t<\/a>\n\t\t\t<span>\n\t\t\t \t\t\t<\/span>\n\t\t<\/div>\n\t<\/div>\n\t\t\t\t\t\t\t<br style=\"clear: both\" \/>\n\t\t\t\n\t<div id=\"ngg-image-48\" class=\"ngg-gallery-thumbnail-box\" style=\"width:25%;\" >\n\t\t<div class=\"ngg-gallery-thumbnail\" >\n\t\t\t<a href=\"https:\/\/wernerdeck.de\/blog\/wp-content\/gallery\/offenes-atelier-pavel-miguel-am-27-11-2022\/20221127_123747-scaled.jpg\"\n\t\t\t\ttitle=\" \"\n\t\t\t\tclass=\"ngg-simplelightbox\" rel=\"d89eee956b7d592ad6b12e7703222eb0\" data-image-id=\"48\" data-src=\"https:\/\/wernerdeck.de\/blog\/wp-content\/gallery\/offenes-atelier-pavel-miguel-am-27-11-2022\/20221127_123747-scaled.jpg\" data-thumbnail=\"https:\/\/wernerdeck.de\/blog\/wp-content\/gallery\/offenes-atelier-pavel-miguel-am-27-11-2022\/thumbs\/thumbs_20221127_123747-scaled.jpg\" data-title=\"20221127_123747-scaled\" data-description=\" \" >\n\t\t\t\t\t\t\t\t<img title=\"20221127_123747-scaled\" alt=\"20221127_123747-scaled\" src=\"https:\/\/wernerdeck.de\/blog\/wp-content\/gallery\/offenes-atelier-pavel-miguel-am-27-11-2022\/thumbs\/thumbs_20221127_123747-scaled.jpg\" width='240' height='160' \/>\n\t\t\t\t\t\t\t<\/a>\n\t\t\t<span>\n\t\t\t \t\t\t<\/span>\n\t\t<\/div>\n\t<\/div>\n\t\t\t\t\t\t\t\t\n\t<div id=\"ngg-image-47\" class=\"ngg-gallery-thumbnail-box\" style=\"width:25%;\" >\n\t\t<div class=\"ngg-gallery-thumbnail\" >\n\t\t\t<a href=\"https:\/\/wernerdeck.de\/blog\/wp-content\/gallery\/offenes-atelier-pavel-miguel-am-27-11-2022\/20221127_123755-scaled.jpg\"\n\t\t\t\ttitle=\" \"\n\t\t\t\tclass=\"ngg-simplelightbox\" rel=\"d89eee956b7d592ad6b12e7703222eb0\" data-image-id=\"47\" data-src=\"https:\/\/wernerdeck.de\/blog\/wp-content\/gallery\/offenes-atelier-pavel-miguel-am-27-11-2022\/20221127_123755-scaled.jpg\" data-thumbnail=\"https:\/\/wernerdeck.de\/blog\/wp-content\/gallery\/offenes-atelier-pavel-miguel-am-27-11-2022\/thumbs\/thumbs_20221127_123755-scaled.jpg\" data-title=\"20221127_123755-scaled\" data-description=\" \" >\n\t\t\t\t\t\t\t\t<img title=\"20221127_123755-scaled\" alt=\"20221127_123755-scaled\" src=\"https:\/\/wernerdeck.de\/blog\/wp-content\/gallery\/offenes-atelier-pavel-miguel-am-27-11-2022\/thumbs\/thumbs_20221127_123755-scaled.jpg\" width='240' height='160' \/>\n\t\t\t\t\t\t\t<\/a>\n\t\t\t<span>\n\t\t\t \t\t\t<\/span>\n\t\t<\/div>\n\t<\/div>\n\t\t\t\t\t\t\t\t\n\t<div id=\"ngg-image-45\" class=\"ngg-gallery-thumbnail-box\" style=\"width:25%;\" >\n\t\t<div class=\"ngg-gallery-thumbnail\" >\n\t\t\t<a href=\"https:\/\/wernerdeck.de\/blog\/wp-content\/gallery\/offenes-atelier-pavel-miguel-am-27-11-2022\/20221127_123802-scaled.jpg\"\n\t\t\t\ttitle=\" \"\n\t\t\t\tclass=\"ngg-simplelightbox\" rel=\"d89eee956b7d592ad6b12e7703222eb0\" data-image-id=\"45\" data-src=\"https:\/\/wernerdeck.de\/blog\/wp-content\/gallery\/offenes-atelier-pavel-miguel-am-27-11-2022\/20221127_123802-scaled.jpg\" data-thumbnail=\"https:\/\/wernerdeck.de\/blog\/wp-content\/gallery\/offenes-atelier-pavel-miguel-am-27-11-2022\/thumbs\/thumbs_20221127_123802-scaled.jpg\" data-title=\"20221127_123802-scaled\" data-description=\" \" >\n\t\t\t\t\t\t\t\t<img title=\"20221127_123802-scaled\" alt=\"20221127_123802-scaled\" src=\"https:\/\/wernerdeck.de\/blog\/wp-content\/gallery\/offenes-atelier-pavel-miguel-am-27-11-2022\/thumbs\/thumbs_20221127_123802-scaled.jpg\" width='240' height='160' \/>\n\t\t\t\t\t\t\t<\/a>\n\t\t\t<span>\n\t\t\t \t\t\t<\/span>\n\t\t<\/div>\n\t<\/div>\n\t\t\t\t\t\t\t\t\n\t<div id=\"ngg-image-44\" class=\"ngg-gallery-thumbnail-box\" style=\"width:25%;\" >\n\t\t<div class=\"ngg-gallery-thumbnail\" >\n\t\t\t<a href=\"https:\/\/wernerdeck.de\/blog\/wp-content\/gallery\/offenes-atelier-pavel-miguel-am-27-11-2022\/20221127_123858-scaled.jpg\"\n\t\t\t\ttitle=\" \"\n\t\t\t\tclass=\"ngg-simplelightbox\" rel=\"d89eee956b7d592ad6b12e7703222eb0\" data-image-id=\"44\" data-src=\"https:\/\/wernerdeck.de\/blog\/wp-content\/gallery\/offenes-atelier-pavel-miguel-am-27-11-2022\/20221127_123858-scaled.jpg\" data-thumbnail=\"https:\/\/wernerdeck.de\/blog\/wp-content\/gallery\/offenes-atelier-pavel-miguel-am-27-11-2022\/thumbs\/thumbs_20221127_123858-scaled.jpg\" data-title=\"20221127_123858-scaled\" data-description=\" \" >\n\t\t\t\t\t\t\t\t<img title=\"20221127_123858-scaled\" alt=\"20221127_123858-scaled\" src=\"https:\/\/wernerdeck.de\/blog\/wp-content\/gallery\/offenes-atelier-pavel-miguel-am-27-11-2022\/thumbs\/thumbs_20221127_123858-scaled.jpg\" width='240' height='160' \/>\n\t\t\t\t\t\t\t<\/a>\n\t\t\t<span>\n\t\t\t \t\t\t<\/span>\n\t\t<\/div>\n\t<\/div>\n\t\t\t\t\t\t\t<br style=\"clear: both\" \/>\n\t\t\t\n\t<div id=\"ngg-image-43\" class=\"ngg-gallery-thumbnail-box\" style=\"width:25%;\" >\n\t\t<div class=\"ngg-gallery-thumbnail\" >\n\t\t\t<a href=\"https:\/\/wernerdeck.de\/blog\/wp-content\/gallery\/offenes-atelier-pavel-miguel-am-27-11-2022\/20221127_123901-scaled.jpg\"\n\t\t\t\ttitle=\" \"\n\t\t\t\tclass=\"ngg-simplelightbox\" rel=\"d89eee956b7d592ad6b12e7703222eb0\" data-image-id=\"43\" data-src=\"https:\/\/wernerdeck.de\/blog\/wp-content\/gallery\/offenes-atelier-pavel-miguel-am-27-11-2022\/20221127_123901-scaled.jpg\" data-thumbnail=\"https:\/\/wernerdeck.de\/blog\/wp-content\/gallery\/offenes-atelier-pavel-miguel-am-27-11-2022\/thumbs\/thumbs_20221127_123901-scaled.jpg\" data-title=\"20221127_123901-scaled\" data-description=\" \" >\n\t\t\t\t\t\t\t\t<img title=\"20221127_123901-scaled\" alt=\"20221127_123901-scaled\" src=\"https:\/\/wernerdeck.de\/blog\/wp-content\/gallery\/offenes-atelier-pavel-miguel-am-27-11-2022\/thumbs\/thumbs_20221127_123901-scaled.jpg\" width='240' height='160' \/>\n\t\t\t\t\t\t\t<\/a>\n\t\t\t<span>\n\t\t\t \t\t\t<\/span>\n\t\t<\/div>\n\t<\/div>\n\t\t\t\t\t\t\t\t\n\t<div id=\"ngg-image-42\" class=\"ngg-gallery-thumbnail-box\" style=\"width:25%;\" >\n\t\t<div class=\"ngg-gallery-thumbnail\" >\n\t\t\t<a href=\"https:\/\/wernerdeck.de\/blog\/wp-content\/gallery\/offenes-atelier-pavel-miguel-am-27-11-2022\/20221127_123926-scaled.jpg\"\n\t\t\t\ttitle=\" \"\n\t\t\t\tclass=\"ngg-simplelightbox\" rel=\"d89eee956b7d592ad6b12e7703222eb0\" data-image-id=\"42\" data-src=\"https:\/\/wernerdeck.de\/blog\/wp-content\/gallery\/offenes-atelier-pavel-miguel-am-27-11-2022\/20221127_123926-scaled.jpg\" data-thumbnail=\"https:\/\/wernerdeck.de\/blog\/wp-content\/gallery\/offenes-atelier-pavel-miguel-am-27-11-2022\/thumbs\/thumbs_20221127_123926-scaled.jpg\" data-title=\"20221127_123926-scaled\" data-description=\" \" >\n\t\t\t\t\t\t\t\t<img title=\"20221127_123926-scaled\" alt=\"20221127_123926-scaled\" src=\"https:\/\/wernerdeck.de\/blog\/wp-content\/gallery\/offenes-atelier-pavel-miguel-am-27-11-2022\/thumbs\/thumbs_20221127_123926-scaled.jpg\" width='240' height='160' \/>\n\t\t\t\t\t\t\t<\/a>\n\t\t\t<span>\n\t\t\t \t\t\t<\/span>\n\t\t<\/div>\n\t<\/div>\n\t\t\t\t\t\t\t\t\n\t<div id=\"ngg-image-41\" class=\"ngg-gallery-thumbnail-box\" style=\"width:25%;\" >\n\t\t<div class=\"ngg-gallery-thumbnail\" >\n\t\t\t<a href=\"https:\/\/wernerdeck.de\/blog\/wp-content\/gallery\/offenes-atelier-pavel-miguel-am-27-11-2022\/20221127_123932-scaled.jpg\"\n\t\t\t\ttitle=\" \"\n\t\t\t\tclass=\"ngg-simplelightbox\" rel=\"d89eee956b7d592ad6b12e7703222eb0\" data-image-id=\"41\" data-src=\"https:\/\/wernerdeck.de\/blog\/wp-content\/gallery\/offenes-atelier-pavel-miguel-am-27-11-2022\/20221127_123932-scaled.jpg\" data-thumbnail=\"https:\/\/wernerdeck.de\/blog\/wp-content\/gallery\/offenes-atelier-pavel-miguel-am-27-11-2022\/thumbs\/thumbs_20221127_123932-scaled.jpg\" data-title=\"20221127_123932-scaled\" data-description=\" \" >\n\t\t\t\t\t\t\t\t<img title=\"20221127_123932-scaled\" alt=\"20221127_123932-scaled\" src=\"https:\/\/wernerdeck.de\/blog\/wp-content\/gallery\/offenes-atelier-pavel-miguel-am-27-11-2022\/thumbs\/thumbs_20221127_123932-scaled.jpg\" width='240' height='160' \/>\n\t\t\t\t\t\t\t<\/a>\n\t\t\t<span>\n\t\t\t \t\t\t<\/span>\n\t\t<\/div>\n\t<\/div>\n\t\t\t\t\t\t\t\t\n\t<div id=\"ngg-image-40\" class=\"ngg-gallery-thumbnail-box\" style=\"width:25%;\" >\n\t\t<div class=\"ngg-gallery-thumbnail\" >\n\t\t\t<a href=\"https:\/\/wernerdeck.de\/blog\/wp-content\/gallery\/offenes-atelier-pavel-miguel-am-27-11-2022\/20221127_124025-scaled.jpg\"\n\t\t\t\ttitle=\" \"\n\t\t\t\tclass=\"ngg-simplelightbox\" rel=\"d89eee956b7d592ad6b12e7703222eb0\" data-image-id=\"40\" data-src=\"https:\/\/wernerdeck.de\/blog\/wp-content\/gallery\/offenes-atelier-pavel-miguel-am-27-11-2022\/20221127_124025-scaled.jpg\" data-thumbnail=\"https:\/\/wernerdeck.de\/blog\/wp-content\/gallery\/offenes-atelier-pavel-miguel-am-27-11-2022\/thumbs\/thumbs_20221127_124025-scaled.jpg\" data-title=\"20221127_124025-scaled\" data-description=\" \" >\n\t\t\t\t\t\t\t\t<img title=\"20221127_124025-scaled\" alt=\"20221127_124025-scaled\" src=\"https:\/\/wernerdeck.de\/blog\/wp-content\/gallery\/offenes-atelier-pavel-miguel-am-27-11-2022\/thumbs\/thumbs_20221127_124025-scaled.jpg\" width='240' height='160' \/>\n\t\t\t\t\t\t\t<\/a>\n\t\t\t<span>\n\t\t\t \t\t\t<\/span>\n\t\t<\/div>\n\t<\/div>\n\t\t\t\t\t\t\t<br style=\"clear: both\" \/>\n\t\t\t\n\t<div id=\"ngg-image-39\" class=\"ngg-gallery-thumbnail-box\" style=\"width:25%;\" >\n\t\t<div class=\"ngg-gallery-thumbnail\" >\n\t\t\t<a href=\"https:\/\/wernerdeck.de\/blog\/wp-content\/gallery\/offenes-atelier-pavel-miguel-am-27-11-2022\/20221127_124031-scaled.jpg\"\n\t\t\t\ttitle=\" \"\n\t\t\t\tclass=\"ngg-simplelightbox\" rel=\"d89eee956b7d592ad6b12e7703222eb0\" data-image-id=\"39\" data-src=\"https:\/\/wernerdeck.de\/blog\/wp-content\/gallery\/offenes-atelier-pavel-miguel-am-27-11-2022\/20221127_124031-scaled.jpg\" data-thumbnail=\"https:\/\/wernerdeck.de\/blog\/wp-content\/gallery\/offenes-atelier-pavel-miguel-am-27-11-2022\/thumbs\/thumbs_20221127_124031-scaled.jpg\" data-title=\"20221127_124031-scaled\" data-description=\" \" >\n\t\t\t\t\t\t\t\t<img title=\"20221127_124031-scaled\" alt=\"20221127_124031-scaled\" src=\"https:\/\/wernerdeck.de\/blog\/wp-content\/gallery\/offenes-atelier-pavel-miguel-am-27-11-2022\/thumbs\/thumbs_20221127_124031-scaled.jpg\" width='240' height='160' \/>\n\t\t\t\t\t\t\t<\/a>\n\t\t\t<span>\n\t\t\t \t\t\t<\/span>\n\t\t<\/div>\n\t<\/div>\n\t\t\t\t\t\t\t\t\n\t<div id=\"ngg-image-38\" class=\"ngg-gallery-thumbnail-box\" style=\"width:25%;\" >\n\t\t<div class=\"ngg-gallery-thumbnail\" >\n\t\t\t<a href=\"https:\/\/wernerdeck.de\/blog\/wp-content\/gallery\/offenes-atelier-pavel-miguel-am-27-11-2022\/20221127_124132-scaled.jpg\"\n\t\t\t\ttitle=\" \"\n\t\t\t\tclass=\"ngg-simplelightbox\" rel=\"d89eee956b7d592ad6b12e7703222eb0\" data-image-id=\"38\" data-src=\"https:\/\/wernerdeck.de\/blog\/wp-content\/gallery\/offenes-atelier-pavel-miguel-am-27-11-2022\/20221127_124132-scaled.jpg\" data-thumbnail=\"https:\/\/wernerdeck.de\/blog\/wp-content\/gallery\/offenes-atelier-pavel-miguel-am-27-11-2022\/thumbs\/thumbs_20221127_124132-scaled.jpg\" data-title=\"20221127_124132-scaled\" data-description=\" \" >\n\t\t\t\t\t\t\t\t<img title=\"20221127_124132-scaled\" alt=\"20221127_124132-scaled\" src=\"https:\/\/wernerdeck.de\/blog\/wp-content\/gallery\/offenes-atelier-pavel-miguel-am-27-11-2022\/thumbs\/thumbs_20221127_124132-scaled.jpg\" width='240' height='160' \/>\n\t\t\t\t\t\t\t<\/a>\n\t\t\t<span>\n\t\t\t \t\t\t<\/span>\n\t\t<\/div>\n\t<\/div>\n\t\t\t\t\t\t\t\t\n\t<div id=\"ngg-image-37\" class=\"ngg-gallery-thumbnail-box\" style=\"width:25%;\" >\n\t\t<div class=\"ngg-gallery-thumbnail\" >\n\t\t\t<a href=\"https:\/\/wernerdeck.de\/blog\/wp-content\/gallery\/offenes-atelier-pavel-miguel-am-27-11-2022\/20221127_124212-scaled.jpg\"\n\t\t\t\ttitle=\" \"\n\t\t\t\tclass=\"ngg-simplelightbox\" rel=\"d89eee956b7d592ad6b12e7703222eb0\" data-image-id=\"37\" data-src=\"https:\/\/wernerdeck.de\/blog\/wp-content\/gallery\/offenes-atelier-pavel-miguel-am-27-11-2022\/20221127_124212-scaled.jpg\" data-thumbnail=\"https:\/\/wernerdeck.de\/blog\/wp-content\/gallery\/offenes-atelier-pavel-miguel-am-27-11-2022\/thumbs\/thumbs_20221127_124212-scaled.jpg\" data-title=\"20221127_124212-scaled\" data-description=\" \" >\n\t\t\t\t\t\t\t\t<img title=\"20221127_124212-scaled\" alt=\"20221127_124212-scaled\" src=\"https:\/\/wernerdeck.de\/blog\/wp-content\/gallery\/offenes-atelier-pavel-miguel-am-27-11-2022\/thumbs\/thumbs_20221127_124212-scaled.jpg\" width='240' height='160' \/>\n\t\t\t\t\t\t\t<\/a>\n\t\t\t<span>\n\t\t\t \t\t\t<\/span>\n\t\t<\/div>\n\t<\/div>\n\t\t\t\t\t\t\t\t\n\t<div id=\"ngg-image-36\" class=\"ngg-gallery-thumbnail-box\" style=\"width:25%;\" >\n\t\t<div class=\"ngg-gallery-thumbnail\" >\n\t\t\t<a href=\"https:\/\/wernerdeck.de\/blog\/wp-content\/gallery\/offenes-atelier-pavel-miguel-am-27-11-2022\/20221127_124220-scaled.jpg\"\n\t\t\t\ttitle=\" \"\n\t\t\t\tclass=\"ngg-simplelightbox\" rel=\"d89eee956b7d592ad6b12e7703222eb0\" data-image-id=\"36\" data-src=\"https:\/\/wernerdeck.de\/blog\/wp-content\/gallery\/offenes-atelier-pavel-miguel-am-27-11-2022\/20221127_124220-scaled.jpg\" data-thumbnail=\"https:\/\/wernerdeck.de\/blog\/wp-content\/gallery\/offenes-atelier-pavel-miguel-am-27-11-2022\/thumbs\/thumbs_20221127_124220-scaled.jpg\" data-title=\"20221127_124220-scaled\" data-description=\" \" >\n\t\t\t\t\t\t\t\t<img title=\"20221127_124220-scaled\" alt=\"20221127_124220-scaled\" src=\"https:\/\/wernerdeck.de\/blog\/wp-content\/gallery\/offenes-atelier-pavel-miguel-am-27-11-2022\/thumbs\/thumbs_20221127_124220-scaled.jpg\" width='240' height='160' \/>\n\t\t\t\t\t\t\t<\/a>\n\t\t\t<span>\n\t\t\t \t\t\t<\/span>\n\t\t<\/div>\n\t<\/div>\n\t\t\t\t\t\t\t<br style=\"clear: both\" \/>\n\t\t\t\n\t<div id=\"ngg-image-35\" class=\"ngg-gallery-thumbnail-box\" style=\"width:25%;\" >\n\t\t<div class=\"ngg-gallery-thumbnail\" >\n\t\t\t<a href=\"https:\/\/wernerdeck.de\/blog\/wp-content\/gallery\/offenes-atelier-pavel-miguel-am-27-11-2022\/20221127_124223-scaled.jpg\"\n\t\t\t\ttitle=\" \"\n\t\t\t\tclass=\"ngg-simplelightbox\" rel=\"d89eee956b7d592ad6b12e7703222eb0\" data-image-id=\"35\" data-src=\"https:\/\/wernerdeck.de\/blog\/wp-content\/gallery\/offenes-atelier-pavel-miguel-am-27-11-2022\/20221127_124223-scaled.jpg\" data-thumbnail=\"https:\/\/wernerdeck.de\/blog\/wp-content\/gallery\/offenes-atelier-pavel-miguel-am-27-11-2022\/thumbs\/thumbs_20221127_124223-scaled.jpg\" data-title=\"20221127_124223-scaled\" data-description=\" \" >\n\t\t\t\t\t\t\t\t<img title=\"20221127_124223-scaled\" alt=\"20221127_124223-scaled\" src=\"https:\/\/wernerdeck.de\/blog\/wp-content\/gallery\/offenes-atelier-pavel-miguel-am-27-11-2022\/thumbs\/thumbs_20221127_124223-scaled.jpg\" width='240' height='160' \/>\n\t\t\t\t\t\t\t<\/a>\n\t\t\t<span>\n\t\t\t \t\t\t<\/span>\n\t\t<\/div>\n\t<\/div>\n\t\t\t\t\t\t\t\t\n\t<div id=\"ngg-image-34\" class=\"ngg-gallery-thumbnail-box\" style=\"width:25%;\" >\n\t\t<div class=\"ngg-gallery-thumbnail\" >\n\t\t\t<a href=\"https:\/\/wernerdeck.de\/blog\/wp-content\/gallery\/offenes-atelier-pavel-miguel-am-27-11-2022\/20221127_124247-scaled.jpg\"\n\t\t\t\ttitle=\" \"\n\t\t\t\tclass=\"ngg-simplelightbox\" rel=\"d89eee956b7d592ad6b12e7703222eb0\" data-image-id=\"34\" data-src=\"https:\/\/wernerdeck.de\/blog\/wp-content\/gallery\/offenes-atelier-pavel-miguel-am-27-11-2022\/20221127_124247-scaled.jpg\" data-thumbnail=\"https:\/\/wernerdeck.de\/blog\/wp-content\/gallery\/offenes-atelier-pavel-miguel-am-27-11-2022\/thumbs\/thumbs_20221127_124247-scaled.jpg\" data-title=\"20221127_124247-scaled\" data-description=\" \" >\n\t\t\t\t\t\t\t\t<img title=\"20221127_124247-scaled\" alt=\"20221127_124247-scaled\" src=\"https:\/\/wernerdeck.de\/blog\/wp-content\/gallery\/offenes-atelier-pavel-miguel-am-27-11-2022\/thumbs\/thumbs_20221127_124247-scaled.jpg\" width='240' height='160' \/>\n\t\t\t\t\t\t\t<\/a>\n\t\t\t<span>\n\t\t\t \t\t\t<\/span>\n\t\t<\/div>\n\t<\/div>\n\t\t\t\t\t\t\t\t\n\t<div id=\"ngg-image-33\" class=\"ngg-gallery-thumbnail-box\" style=\"width:25%;\" >\n\t\t<div class=\"ngg-gallery-thumbnail\" >\n\t\t\t<a href=\"https:\/\/wernerdeck.de\/blog\/wp-content\/gallery\/offenes-atelier-pavel-miguel-am-27-11-2022\/20221127_124330-scaled.jpg\"\n\t\t\t\ttitle=\" \"\n\t\t\t\tclass=\"ngg-simplelightbox\" rel=\"d89eee956b7d592ad6b12e7703222eb0\" data-image-id=\"33\" data-src=\"https:\/\/wernerdeck.de\/blog\/wp-content\/gallery\/offenes-atelier-pavel-miguel-am-27-11-2022\/20221127_124330-scaled.jpg\" data-thumbnail=\"https:\/\/wernerdeck.de\/blog\/wp-content\/gallery\/offenes-atelier-pavel-miguel-am-27-11-2022\/thumbs\/thumbs_20221127_124330-scaled.jpg\" data-title=\"20221127_124330-scaled\" data-description=\" \" >\n\t\t\t\t\t\t\t\t<img title=\"20221127_124330-scaled\" alt=\"20221127_124330-scaled\" src=\"https:\/\/wernerdeck.de\/blog\/wp-content\/gallery\/offenes-atelier-pavel-miguel-am-27-11-2022\/thumbs\/thumbs_20221127_124330-scaled.jpg\" width='240' height='160' \/>\n\t\t\t\t\t\t\t<\/a>\n\t\t\t<span>\n\t\t\t \t\t\t<\/span>\n\t\t<\/div>\n\t<\/div>\n\t\t\t\t\t\t\t\t\n\t<div id=\"ngg-image-32\" class=\"ngg-gallery-thumbnail-box\" style=\"width:25%;\" >\n\t\t<div class=\"ngg-gallery-thumbnail\" >\n\t\t\t<a href=\"https:\/\/wernerdeck.de\/blog\/wp-content\/gallery\/offenes-atelier-pavel-miguel-am-27-11-2022\/20221127_124433-scaled.jpg\"\n\t\t\t\ttitle=\" \"\n\t\t\t\tclass=\"ngg-simplelightbox\" rel=\"d89eee956b7d592ad6b12e7703222eb0\" data-image-id=\"32\" data-src=\"https:\/\/wernerdeck.de\/blog\/wp-content\/gallery\/offenes-atelier-pavel-miguel-am-27-11-2022\/20221127_124433-scaled.jpg\" data-thumbnail=\"https:\/\/wernerdeck.de\/blog\/wp-content\/gallery\/offenes-atelier-pavel-miguel-am-27-11-2022\/thumbs\/thumbs_20221127_124433-scaled.jpg\" data-title=\"20221127_124433-scaled\" data-description=\" \" >\n\t\t\t\t\t\t\t\t<img title=\"20221127_124433-scaled\" alt=\"20221127_124433-scaled\" src=\"https:\/\/wernerdeck.de\/blog\/wp-content\/gallery\/offenes-atelier-pavel-miguel-am-27-11-2022\/thumbs\/thumbs_20221127_124433-scaled.jpg\" width='240' height='160' \/>\n\t\t\t\t\t\t\t<\/a>\n\t\t\t<span>\n\t\t\t \t\t\t<\/span>\n\t\t<\/div>\n\t<\/div>\n\t\t\t\t\t\t\t<br style=\"clear: both\" \/>\n\t\t\t\n\t<div id=\"ngg-image-31\" class=\"ngg-gallery-thumbnail-box\" style=\"width:25%;\" >\n\t\t<div class=\"ngg-gallery-thumbnail\" >\n\t\t\t<a href=\"https:\/\/wernerdeck.de\/blog\/wp-content\/gallery\/offenes-atelier-pavel-miguel-am-27-11-2022\/20221127_124623-scaled.jpg\"\n\t\t\t\ttitle=\" \"\n\t\t\t\tclass=\"ngg-simplelightbox\" rel=\"d89eee956b7d592ad6b12e7703222eb0\" data-image-id=\"31\" data-src=\"https:\/\/wernerdeck.de\/blog\/wp-content\/gallery\/offenes-atelier-pavel-miguel-am-27-11-2022\/20221127_124623-scaled.jpg\" data-thumbnail=\"https:\/\/wernerdeck.de\/blog\/wp-content\/gallery\/offenes-atelier-pavel-miguel-am-27-11-2022\/thumbs\/thumbs_20221127_124623-scaled.jpg\" data-title=\"20221127_124623-scaled\" data-description=\" \" >\n\t\t\t\t\t\t\t\t<img title=\"20221127_124623-scaled\" alt=\"20221127_124623-scaled\" src=\"https:\/\/wernerdeck.de\/blog\/wp-content\/gallery\/offenes-atelier-pavel-miguel-am-27-11-2022\/thumbs\/thumbs_20221127_124623-scaled.jpg\" width='240' height='160' \/>\n\t\t\t\t\t\t\t<\/a>\n\t\t\t<span>\n\t\t\t \t\t\t<\/span>\n\t\t<\/div>\n\t<\/div>\n\t\t\t\t\t\t\t\t\n\t<div id=\"ngg-image-30\" class=\"ngg-gallery-thumbnail-box\" style=\"width:25%;\" >\n\t\t<div class=\"ngg-gallery-thumbnail\" >\n\t\t\t<a href=\"https:\/\/wernerdeck.de\/blog\/wp-content\/gallery\/offenes-atelier-pavel-miguel-am-27-11-2022\/20221127_124651-scaled.jpg\"\n\t\t\t\ttitle=\" \"\n\t\t\t\tclass=\"ngg-simplelightbox\" rel=\"d89eee956b7d592ad6b12e7703222eb0\" data-image-id=\"30\" data-src=\"https:\/\/wernerdeck.de\/blog\/wp-content\/gallery\/offenes-atelier-pavel-miguel-am-27-11-2022\/20221127_124651-scaled.jpg\" data-thumbnail=\"https:\/\/wernerdeck.de\/blog\/wp-content\/gallery\/offenes-atelier-pavel-miguel-am-27-11-2022\/thumbs\/thumbs_20221127_124651-scaled.jpg\" data-title=\"20221127_124651-scaled\" data-description=\" \" >\n\t\t\t\t\t\t\t\t<img title=\"20221127_124651-scaled\" alt=\"20221127_124651-scaled\" src=\"https:\/\/wernerdeck.de\/blog\/wp-content\/gallery\/offenes-atelier-pavel-miguel-am-27-11-2022\/thumbs\/thumbs_20221127_124651-scaled.jpg\" width='240' height='160' \/>\n\t\t\t\t\t\t\t<\/a>\n\t\t\t<span>\n\t\t\t \t\t\t<\/span>\n\t\t<\/div>\n\t<\/div>\n\t\t\t\t\t\t\t\t\n\t<div id=\"ngg-image-29\" class=\"ngg-gallery-thumbnail-box\" style=\"width:25%;\" >\n\t\t<div class=\"ngg-gallery-thumbnail\" >\n\t\t\t<a href=\"https:\/\/wernerdeck.de\/blog\/wp-content\/gallery\/offenes-atelier-pavel-miguel-am-27-11-2022\/20221127_124704-scaled.jpg\"\n\t\t\t\ttitle=\" \"\n\t\t\t\tclass=\"ngg-simplelightbox\" rel=\"d89eee956b7d592ad6b12e7703222eb0\" data-image-id=\"29\" data-src=\"https:\/\/wernerdeck.de\/blog\/wp-content\/gallery\/offenes-atelier-pavel-miguel-am-27-11-2022\/20221127_124704-scaled.jpg\" data-thumbnail=\"https:\/\/wernerdeck.de\/blog\/wp-content\/gallery\/offenes-atelier-pavel-miguel-am-27-11-2022\/thumbs\/thumbs_20221127_124704-scaled.jpg\" data-title=\"20221127_124704-scaled\" data-description=\" \" >\n\t\t\t\t\t\t\t\t<img title=\"20221127_124704-scaled\" alt=\"20221127_124704-scaled\" src=\"https:\/\/wernerdeck.de\/blog\/wp-content\/gallery\/offenes-atelier-pavel-miguel-am-27-11-2022\/thumbs\/thumbs_20221127_124704-scaled.jpg\" width='240' height='160' \/>\n\t\t\t\t\t\t\t<\/a>\n\t\t\t<span>\n\t\t\t \t\t\t<\/span>\n\t\t<\/div>\n\t<\/div>\n\t\t\t\t\t\t\t\t\n\t<div id=\"ngg-image-28\" class=\"ngg-gallery-thumbnail-box\" style=\"width:25%;\" >\n\t\t<div class=\"ngg-gallery-thumbnail\" >\n\t\t\t<a href=\"https:\/\/wernerdeck.de\/blog\/wp-content\/gallery\/offenes-atelier-pavel-miguel-am-27-11-2022\/20221127_124719-scaled.jpg\"\n\t\t\t\ttitle=\" \"\n\t\t\t\tclass=\"ngg-simplelightbox\" rel=\"d89eee956b7d592ad6b12e7703222eb0\" data-image-id=\"28\" data-src=\"https:\/\/wernerdeck.de\/blog\/wp-content\/gallery\/offenes-atelier-pavel-miguel-am-27-11-2022\/20221127_124719-scaled.jpg\" data-thumbnail=\"https:\/\/wernerdeck.de\/blog\/wp-content\/gallery\/offenes-atelier-pavel-miguel-am-27-11-2022\/thumbs\/thumbs_20221127_124719-scaled.jpg\" data-title=\"20221127_124719-scaled\" data-description=\" \" >\n\t\t\t\t\t\t\t\t<img title=\"20221127_124719-scaled\" alt=\"20221127_124719-scaled\" src=\"https:\/\/wernerdeck.de\/blog\/wp-content\/gallery\/offenes-atelier-pavel-miguel-am-27-11-2022\/thumbs\/thumbs_20221127_124719-scaled.jpg\" width='240' height='160' \/>\n\t\t\t\t\t\t\t<\/a>\n\t\t\t<span>\n\t\t\t \t\t\t<\/span>\n\t\t<\/div>\n\t<\/div>\n\t\t\t\t\t\t\t<br style=\"clear: both\" \/>\n\t\t\t\n\t<div id=\"ngg-image-27\" class=\"ngg-gallery-thumbnail-box\" style=\"width:25%;\" >\n\t\t<div class=\"ngg-gallery-thumbnail\" >\n\t\t\t<a href=\"https:\/\/wernerdeck.de\/blog\/wp-content\/gallery\/offenes-atelier-pavel-miguel-am-27-11-2022\/20221127_124735-scaled.jpg\"\n\t\t\t\ttitle=\" \"\n\t\t\t\tclass=\"ngg-simplelightbox\" rel=\"d89eee956b7d592ad6b12e7703222eb0\" data-image-id=\"27\" data-src=\"https:\/\/wernerdeck.de\/blog\/wp-content\/gallery\/offenes-atelier-pavel-miguel-am-27-11-2022\/20221127_124735-scaled.jpg\" data-thumbnail=\"https:\/\/wernerdeck.de\/blog\/wp-content\/gallery\/offenes-atelier-pavel-miguel-am-27-11-2022\/thumbs\/thumbs_20221127_124735-scaled.jpg\" data-title=\"20221127_124735-scaled\" data-description=\" \" >\n\t\t\t\t\t\t\t\t<img title=\"20221127_124735-scaled\" alt=\"20221127_124735-scaled\" src=\"https:\/\/wernerdeck.de\/blog\/wp-content\/gallery\/offenes-atelier-pavel-miguel-am-27-11-2022\/thumbs\/thumbs_20221127_124735-scaled.jpg\" width='240' height='160' \/>\n\t\t\t\t\t\t\t<\/a>\n\t\t\t<span>\n\t\t\t \t\t\t<\/span>\n\t\t<\/div>\n\t<\/div>\n\t\t\t\t\t\t\t\t\n\t<div id=\"ngg-image-26\" class=\"ngg-gallery-thumbnail-box\" style=\"width:25%;\" >\n\t\t<div class=\"ngg-gallery-thumbnail\" >\n\t\t\t<a href=\"https:\/\/wernerdeck.de\/blog\/wp-content\/gallery\/offenes-atelier-pavel-miguel-am-27-11-2022\/20221127_124804-scaled.jpg\"\n\t\t\t\ttitle=\" \"\n\t\t\t\tclass=\"ngg-simplelightbox\" rel=\"d89eee956b7d592ad6b12e7703222eb0\" data-image-id=\"26\" data-src=\"https:\/\/wernerdeck.de\/blog\/wp-content\/gallery\/offenes-atelier-pavel-miguel-am-27-11-2022\/20221127_124804-scaled.jpg\" data-thumbnail=\"https:\/\/wernerdeck.de\/blog\/wp-content\/gallery\/offenes-atelier-pavel-miguel-am-27-11-2022\/thumbs\/thumbs_20221127_124804-scaled.jpg\" data-title=\"20221127_124804-scaled\" data-description=\" \" >\n\t\t\t\t\t\t\t\t<img title=\"20221127_124804-scaled\" alt=\"20221127_124804-scaled\" src=\"https:\/\/wernerdeck.de\/blog\/wp-content\/gallery\/offenes-atelier-pavel-miguel-am-27-11-2022\/thumbs\/thumbs_20221127_124804-scaled.jpg\" width='240' height='160' \/>\n\t\t\t\t\t\t\t<\/a>\n\t\t\t<span>\n\t\t\t \t\t\t<\/span>\n\t\t<\/div>\n\t<\/div>\n\t\t\t\t\t\t\t\t\n\t<div id=\"ngg-image-25\" class=\"ngg-gallery-thumbnail-box\" style=\"width:25%;\" >\n\t\t<div class=\"ngg-gallery-thumbnail\" >\n\t\t\t<a href=\"https:\/\/wernerdeck.de\/blog\/wp-content\/gallery\/offenes-atelier-pavel-miguel-am-27-11-2022\/20221127_124856-scaled.jpg\"\n\t\t\t\ttitle=\" \"\n\t\t\t\tclass=\"ngg-simplelightbox\" rel=\"d89eee956b7d592ad6b12e7703222eb0\" data-image-id=\"25\" data-src=\"https:\/\/wernerdeck.de\/blog\/wp-content\/gallery\/offenes-atelier-pavel-miguel-am-27-11-2022\/20221127_124856-scaled.jpg\" data-thumbnail=\"https:\/\/wernerdeck.de\/blog\/wp-content\/gallery\/offenes-atelier-pavel-miguel-am-27-11-2022\/thumbs\/thumbs_20221127_124856-scaled.jpg\" data-title=\"20221127_124856-scaled\" data-description=\" \" >\n\t\t\t\t\t\t\t\t<img title=\"20221127_124856-scaled\" alt=\"20221127_124856-scaled\" src=\"https:\/\/wernerdeck.de\/blog\/wp-content\/gallery\/offenes-atelier-pavel-miguel-am-27-11-2022\/thumbs\/thumbs_20221127_124856-scaled.jpg\" width='240' height='160' \/>\n\t\t\t\t\t\t\t<\/a>\n\t\t\t<span>\n\t\t\t \t\t\t<\/span>\n\t\t<\/div>\n\t<\/div>\n\t\t\t\t\t\t\t\t\n\t<div id=\"ngg-image-24\" class=\"ngg-gallery-thumbnail-box\" style=\"width:25%;\" >\n\t\t<div class=\"ngg-gallery-thumbnail\" >\n\t\t\t<a href=\"https:\/\/wernerdeck.de\/blog\/wp-content\/gallery\/offenes-atelier-pavel-miguel-am-27-11-2022\/20221127_125552-scaled.jpg\"\n\t\t\t\ttitle=\" \"\n\t\t\t\tclass=\"ngg-simplelightbox\" rel=\"d89eee956b7d592ad6b12e7703222eb0\" data-image-id=\"24\" data-src=\"https:\/\/wernerdeck.de\/blog\/wp-content\/gallery\/offenes-atelier-pavel-miguel-am-27-11-2022\/20221127_125552-scaled.jpg\" data-thumbnail=\"https:\/\/wernerdeck.de\/blog\/wp-content\/gallery\/offenes-atelier-pavel-miguel-am-27-11-2022\/thumbs\/thumbs_20221127_125552-scaled.jpg\" data-title=\"20221127_125552-scaled\" data-description=\" \" >\n\t\t\t\t\t\t\t\t<img title=\"20221127_125552-scaled\" alt=\"20221127_125552-scaled\" src=\"https:\/\/wernerdeck.de\/blog\/wp-content\/gallery\/offenes-atelier-pavel-miguel-am-27-11-2022\/thumbs\/thumbs_20221127_125552-scaled.jpg\" width='240' height='160' \/>\n\t\t\t\t\t\t\t<\/a>\n\t\t\t<span>\n\t\t\t \t\t\t<\/span>\n\t\t<\/div>\n\t<\/div>\n\t\t\t\t\t\t\t<br style=\"clear: both\" \/>\n\t\t\t\n\t<div id=\"ngg-image-23\" class=\"ngg-gallery-thumbnail-box\" style=\"width:25%;\" >\n\t\t<div class=\"ngg-gallery-thumbnail\" >\n\t\t\t<a href=\"https:\/\/wernerdeck.de\/blog\/wp-content\/gallery\/offenes-atelier-pavel-miguel-am-27-11-2022\/20221127_125726-scaled.jpg\"\n\t\t\t\ttitle=\" \"\n\t\t\t\tclass=\"ngg-simplelightbox\" rel=\"d89eee956b7d592ad6b12e7703222eb0\" data-image-id=\"23\" data-src=\"https:\/\/wernerdeck.de\/blog\/wp-content\/gallery\/offenes-atelier-pavel-miguel-am-27-11-2022\/20221127_125726-scaled.jpg\" data-thumbnail=\"https:\/\/wernerdeck.de\/blog\/wp-content\/gallery\/offenes-atelier-pavel-miguel-am-27-11-2022\/thumbs\/thumbs_20221127_125726-scaled.jpg\" data-title=\"20221127_125726-scaled\" data-description=\" \" >\n\t\t\t\t\t\t\t\t<img title=\"20221127_125726-scaled\" alt=\"20221127_125726-scaled\" src=\"https:\/\/wernerdeck.de\/blog\/wp-content\/gallery\/offenes-atelier-pavel-miguel-am-27-11-2022\/thumbs\/thumbs_20221127_125726-scaled.jpg\" width='240' height='160' \/>\n\t\t\t\t\t\t\t<\/a>\n\t\t\t<span>\n\t\t\t \t\t\t<\/span>\n\t\t<\/div>\n\t<\/div>\n\t\t\t\t\t\t\t\t\n\t<div id=\"ngg-image-22\" class=\"ngg-gallery-thumbnail-box\" style=\"width:25%;\" >\n\t\t<div class=\"ngg-gallery-thumbnail\" >\n\t\t\t<a href=\"https:\/\/wernerdeck.de\/blog\/wp-content\/gallery\/offenes-atelier-pavel-miguel-am-27-11-2022\/20221127_125733-scaled.jpg\"\n\t\t\t\ttitle=\" \"\n\t\t\t\tclass=\"ngg-simplelightbox\" rel=\"d89eee956b7d592ad6b12e7703222eb0\" data-image-id=\"22\" data-src=\"https:\/\/wernerdeck.de\/blog\/wp-content\/gallery\/offenes-atelier-pavel-miguel-am-27-11-2022\/20221127_125733-scaled.jpg\" data-thumbnail=\"https:\/\/wernerdeck.de\/blog\/wp-content\/gallery\/offenes-atelier-pavel-miguel-am-27-11-2022\/thumbs\/thumbs_20221127_125733-scaled.jpg\" data-title=\"20221127_125733-scaled\" data-description=\" \" >\n\t\t\t\t\t\t\t\t<img title=\"20221127_125733-scaled\" alt=\"20221127_125733-scaled\" src=\"https:\/\/wernerdeck.de\/blog\/wp-content\/gallery\/offenes-atelier-pavel-miguel-am-27-11-2022\/thumbs\/thumbs_20221127_125733-scaled.jpg\" width='240' height='160' \/>\n\t\t\t\t\t\t\t<\/a>\n\t\t\t<span>\n\t\t\t \t\t\t<\/span>\n\t\t<\/div>\n\t<\/div>\n\t\t\t\t\t\t\t\t\n\t<div id=\"ngg-image-21\" class=\"ngg-gallery-thumbnail-box\" style=\"width:25%;\" >\n\t\t<div class=\"ngg-gallery-thumbnail\" >\n\t\t\t<a href=\"https:\/\/wernerdeck.de\/blog\/wp-content\/gallery\/offenes-atelier-pavel-miguel-am-27-11-2022\/20221127_125809-scaled.jpg\"\n\t\t\t\ttitle=\" \"\n\t\t\t\tclass=\"ngg-simplelightbox\" rel=\"d89eee956b7d592ad6b12e7703222eb0\" data-image-id=\"21\" data-src=\"https:\/\/wernerdeck.de\/blog\/wp-content\/gallery\/offenes-atelier-pavel-miguel-am-27-11-2022\/20221127_125809-scaled.jpg\" data-thumbnail=\"https:\/\/wernerdeck.de\/blog\/wp-content\/gallery\/offenes-atelier-pavel-miguel-am-27-11-2022\/thumbs\/thumbs_20221127_125809-scaled.jpg\" data-title=\"20221127_125809-scaled\" data-description=\" \" >\n\t\t\t\t\t\t\t\t<img title=\"20221127_125809-scaled\" alt=\"20221127_125809-scaled\" src=\"https:\/\/wernerdeck.de\/blog\/wp-content\/gallery\/offenes-atelier-pavel-miguel-am-27-11-2022\/thumbs\/thumbs_20221127_125809-scaled.jpg\" width='240' height='160' \/>\n\t\t\t\t\t\t\t<\/a>\n\t\t\t<span>\n\t\t\t \t\t\t<\/span>\n\t\t<\/div>\n\t<\/div>\n\t\t\t\t\t\t\t\t\n\t<div id=\"ngg-image-20\" class=\"ngg-gallery-thumbnail-box\" style=\"width:25%;\" >\n\t\t<div class=\"ngg-gallery-thumbnail\" >\n\t\t\t<a href=\"https:\/\/wernerdeck.de\/blog\/wp-content\/gallery\/offenes-atelier-pavel-miguel-am-27-11-2022\/20221127_125818-scaled.jpg\"\n\t\t\t\ttitle=\" \"\n\t\t\t\tclass=\"ngg-simplelightbox\" rel=\"d89eee956b7d592ad6b12e7703222eb0\" data-image-id=\"20\" data-src=\"https:\/\/wernerdeck.de\/blog\/wp-content\/gallery\/offenes-atelier-pavel-miguel-am-27-11-2022\/20221127_125818-scaled.jpg\" data-thumbnail=\"https:\/\/wernerdeck.de\/blog\/wp-content\/gallery\/offenes-atelier-pavel-miguel-am-27-11-2022\/thumbs\/thumbs_20221127_125818-scaled.jpg\" data-title=\"20221127_125818-scaled\" data-description=\" \" >\n\t\t\t\t\t\t\t\t<img title=\"20221127_125818-scaled\" alt=\"20221127_125818-scaled\" src=\"https:\/\/wernerdeck.de\/blog\/wp-content\/gallery\/offenes-atelier-pavel-miguel-am-27-11-2022\/thumbs\/thumbs_20221127_125818-scaled.jpg\" width='240' height='160' \/>\n\t\t\t\t\t\t\t<\/a>\n\t\t\t<span>\n\t\t\t \t\t\t<\/span>\n\t\t<\/div>\n\t<\/div>\n\t\t\t\t\t\t\t<br style=\"clear: both\" \/>\n\t\t\t\n\t<div id=\"ngg-image-19\" class=\"ngg-gallery-thumbnail-box\" style=\"width:25%;\" >\n\t\t<div class=\"ngg-gallery-thumbnail\" >\n\t\t\t<a href=\"https:\/\/wernerdeck.de\/blog\/wp-content\/gallery\/offenes-atelier-pavel-miguel-am-27-11-2022\/20221127_125851-scaled.jpg\"\n\t\t\t\ttitle=\" \"\n\t\t\t\tclass=\"ngg-simplelightbox\" rel=\"d89eee956b7d592ad6b12e7703222eb0\" data-image-id=\"19\" data-src=\"https:\/\/wernerdeck.de\/blog\/wp-content\/gallery\/offenes-atelier-pavel-miguel-am-27-11-2022\/20221127_125851-scaled.jpg\" data-thumbnail=\"https:\/\/wernerdeck.de\/blog\/wp-content\/gallery\/offenes-atelier-pavel-miguel-am-27-11-2022\/thumbs\/thumbs_20221127_125851-scaled.jpg\" data-title=\"20221127_125851-scaled\" data-description=\" \" >\n\t\t\t\t\t\t\t\t<img title=\"20221127_125851-scaled\" alt=\"20221127_125851-scaled\" src=\"https:\/\/wernerdeck.de\/blog\/wp-content\/gallery\/offenes-atelier-pavel-miguel-am-27-11-2022\/thumbs\/thumbs_20221127_125851-scaled.jpg\" width='240' height='160' \/>\n\t\t\t\t\t\t\t<\/a>\n\t\t\t<span>\n\t\t\t \t\t\t<\/span>\n\t\t<\/div>\n\t<\/div>\n\t\t\t\t\t\t\t\t\n\t<div id=\"ngg-image-18\" class=\"ngg-gallery-thumbnail-box\" style=\"width:25%;\" >\n\t\t<div class=\"ngg-gallery-thumbnail\" >\n\t\t\t<a href=\"https:\/\/wernerdeck.de\/blog\/wp-content\/gallery\/offenes-atelier-pavel-miguel-am-27-11-2022\/20221127_125933-scaled.jpg\"\n\t\t\t\ttitle=\" \"\n\t\t\t\tclass=\"ngg-simplelightbox\" rel=\"d89eee956b7d592ad6b12e7703222eb0\" data-image-id=\"18\" data-src=\"https:\/\/wernerdeck.de\/blog\/wp-content\/gallery\/offenes-atelier-pavel-miguel-am-27-11-2022\/20221127_125933-scaled.jpg\" data-thumbnail=\"https:\/\/wernerdeck.de\/blog\/wp-content\/gallery\/offenes-atelier-pavel-miguel-am-27-11-2022\/thumbs\/thumbs_20221127_125933-scaled.jpg\" data-title=\"20221127_125933-scaled\" data-description=\" \" >\n\t\t\t\t\t\t\t\t<img title=\"20221127_125933-scaled\" alt=\"20221127_125933-scaled\" src=\"https:\/\/wernerdeck.de\/blog\/wp-content\/gallery\/offenes-atelier-pavel-miguel-am-27-11-2022\/thumbs\/thumbs_20221127_125933-scaled.jpg\" width='240' height='160' \/>\n\t\t\t\t\t\t\t<\/a>\n\t\t\t<span>\n\t\t\t \t\t\t<\/span>\n\t\t<\/div>\n\t<\/div>\n\t\t\t\t\t\t\t\t\n\t<div id=\"ngg-image-17\" class=\"ngg-gallery-thumbnail-box\" style=\"width:25%;\" >\n\t\t<div class=\"ngg-gallery-thumbnail\" >\n\t\t\t<a href=\"https:\/\/wernerdeck.de\/blog\/wp-content\/gallery\/offenes-atelier-pavel-miguel-am-27-11-2022\/20221127_125954-scaled.jpg\"\n\t\t\t\ttitle=\" \"\n\t\t\t\tclass=\"ngg-simplelightbox\" rel=\"d89eee956b7d592ad6b12e7703222eb0\" data-image-id=\"17\" data-src=\"https:\/\/wernerdeck.de\/blog\/wp-content\/gallery\/offenes-atelier-pavel-miguel-am-27-11-2022\/20221127_125954-scaled.jpg\" data-thumbnail=\"https:\/\/wernerdeck.de\/blog\/wp-content\/gallery\/offenes-atelier-pavel-miguel-am-27-11-2022\/thumbs\/thumbs_20221127_125954-scaled.jpg\" data-title=\"20221127_125954-scaled\" data-description=\" \" >\n\t\t\t\t\t\t\t\t<img title=\"20221127_125954-scaled\" alt=\"20221127_125954-scaled\" src=\"https:\/\/wernerdeck.de\/blog\/wp-content\/gallery\/offenes-atelier-pavel-miguel-am-27-11-2022\/thumbs\/thumbs_20221127_125954-scaled.jpg\" width='240' height='160' \/>\n\t\t\t\t\t\t\t<\/a>\n\t\t\t<span>\n\t\t\t \t\t\t<\/span>\n\t\t<\/div>\n\t<\/div>\n\t\t\t\t\t\t\t\t\n\t<div id=\"ngg-image-16\" class=\"ngg-gallery-thumbnail-box\" style=\"width:25%;\" >\n\t\t<div class=\"ngg-gallery-thumbnail\" >\n\t\t\t<a href=\"https:\/\/wernerdeck.de\/blog\/wp-content\/gallery\/offenes-atelier-pavel-miguel-am-27-11-2022\/20221127_130050-scaled.jpg\"\n\t\t\t\ttitle=\" \"\n\t\t\t\tclass=\"ngg-simplelightbox\" rel=\"d89eee956b7d592ad6b12e7703222eb0\" data-image-id=\"16\" data-src=\"https:\/\/wernerdeck.de\/blog\/wp-content\/gallery\/offenes-atelier-pavel-miguel-am-27-11-2022\/20221127_130050-scaled.jpg\" data-thumbnail=\"https:\/\/wernerdeck.de\/blog\/wp-content\/gallery\/offenes-atelier-pavel-miguel-am-27-11-2022\/thumbs\/thumbs_20221127_130050-scaled.jpg\" data-title=\"20221127_130050-scaled\" data-description=\" \" >\n\t\t\t\t\t\t\t\t<img title=\"20221127_130050-scaled\" alt=\"20221127_130050-scaled\" src=\"https:\/\/wernerdeck.de\/blog\/wp-content\/gallery\/offenes-atelier-pavel-miguel-am-27-11-2022\/thumbs\/thumbs_20221127_130050-scaled.jpg\" width='240' height='160' \/>\n\t\t\t\t\t\t\t<\/a>\n\t\t\t<span>\n\t\t\t \t\t\t<\/span>\n\t\t<\/div>\n\t<\/div>\n\t\t\t\t\t\t\t<br style=\"clear: both\" \/>\n\t\t\t\n\t<div id=\"ngg-image-15\" class=\"ngg-gallery-thumbnail-box\" style=\"width:25%;\" >\n\t\t<div class=\"ngg-gallery-thumbnail\" >\n\t\t\t<a href=\"https:\/\/wernerdeck.de\/blog\/wp-content\/gallery\/offenes-atelier-pavel-miguel-am-27-11-2022\/20221127_130141-scaled.jpg\"\n\t\t\t\ttitle=\" \"\n\t\t\t\tclass=\"ngg-simplelightbox\" rel=\"d89eee956b7d592ad6b12e7703222eb0\" data-image-id=\"15\" data-src=\"https:\/\/wernerdeck.de\/blog\/wp-content\/gallery\/offenes-atelier-pavel-miguel-am-27-11-2022\/20221127_130141-scaled.jpg\" data-thumbnail=\"https:\/\/wernerdeck.de\/blog\/wp-content\/gallery\/offenes-atelier-pavel-miguel-am-27-11-2022\/thumbs\/thumbs_20221127_130141-scaled.jpg\" data-title=\"20221127_130141-scaled\" data-description=\" \" >\n\t\t\t\t\t\t\t\t<img title=\"20221127_130141-scaled\" alt=\"20221127_130141-scaled\" src=\"https:\/\/wernerdeck.de\/blog\/wp-content\/gallery\/offenes-atelier-pavel-miguel-am-27-11-2022\/thumbs\/thumbs_20221127_130141-scaled.jpg\" width='240' height='160' \/>\n\t\t\t\t\t\t\t<\/a>\n\t\t\t<span>\n\t\t\t \t\t\t<\/span>\n\t\t<\/div>\n\t<\/div>\n\t\t\t\t\t\t\t\t\n\t<div id=\"ngg-image-14\" class=\"ngg-gallery-thumbnail-box\" style=\"width:25%;\" >\n\t\t<div class=\"ngg-gallery-thumbnail\" >\n\t\t\t<a href=\"https:\/\/wernerdeck.de\/blog\/wp-content\/gallery\/offenes-atelier-pavel-miguel-am-27-11-2022\/20221127_130419-scaled.jpg\"\n\t\t\t\ttitle=\" \"\n\t\t\t\tclass=\"ngg-simplelightbox\" rel=\"d89eee956b7d592ad6b12e7703222eb0\" data-image-id=\"14\" data-src=\"https:\/\/wernerdeck.de\/blog\/wp-content\/gallery\/offenes-atelier-pavel-miguel-am-27-11-2022\/20221127_130419-scaled.jpg\" data-thumbnail=\"https:\/\/wernerdeck.de\/blog\/wp-content\/gallery\/offenes-atelier-pavel-miguel-am-27-11-2022\/thumbs\/thumbs_20221127_130419-scaled.jpg\" data-title=\"20221127_130419-scaled\" data-description=\" \" >\n\t\t\t\t\t\t\t\t<img title=\"20221127_130419-scaled\" alt=\"20221127_130419-scaled\" src=\"https:\/\/wernerdeck.de\/blog\/wp-content\/gallery\/offenes-atelier-pavel-miguel-am-27-11-2022\/thumbs\/thumbs_20221127_130419-scaled.jpg\" width='240' height='160' \/>\n\t\t\t\t\t\t\t<\/a>\n\t\t\t<span>\n\t\t\t \t\t\t<\/span>\n\t\t<\/div>\n\t<\/div>\n\t\t\t\t\t\t\t\t\n\t<div id=\"ngg-image-13\" class=\"ngg-gallery-thumbnail-box\" style=\"width:25%;\" >\n\t\t<div class=\"ngg-gallery-thumbnail\" >\n\t\t\t<a href=\"https:\/\/wernerdeck.de\/blog\/wp-content\/gallery\/offenes-atelier-pavel-miguel-am-27-11-2022\/20221127_131559-scaled.jpg\"\n\t\t\t\ttitle=\" \"\n\t\t\t\tclass=\"ngg-simplelightbox\" rel=\"d89eee956b7d592ad6b12e7703222eb0\" data-image-id=\"13\" data-src=\"https:\/\/wernerdeck.de\/blog\/wp-content\/gallery\/offenes-atelier-pavel-miguel-am-27-11-2022\/20221127_131559-scaled.jpg\" data-thumbnail=\"https:\/\/wernerdeck.de\/blog\/wp-content\/gallery\/offenes-atelier-pavel-miguel-am-27-11-2022\/thumbs\/thumbs_20221127_131559-scaled.jpg\" data-title=\"20221127_131559-scaled\" data-description=\" \" >\n\t\t\t\t\t\t\t\t<img title=\"20221127_131559-scaled\" alt=\"20221127_131559-scaled\" src=\"https:\/\/wernerdeck.de\/blog\/wp-content\/gallery\/offenes-atelier-pavel-miguel-am-27-11-2022\/thumbs\/thumbs_20221127_131559-scaled.jpg\" width='240' height='160' \/>\n\t\t\t\t\t\t\t<\/a>\n\t\t\t<span>\n\t\t\t \t\t\t<\/span>\n\t\t<\/div>\n\t<\/div>\n\t\t\t\t\t\t\t\t\n\t<div id=\"ngg-image-12\" class=\"ngg-gallery-thumbnail-box\" style=\"width:25%;\" >\n\t\t<div class=\"ngg-gallery-thumbnail\" >\n\t\t\t<a href=\"https:\/\/wernerdeck.de\/blog\/wp-content\/gallery\/offenes-atelier-pavel-miguel-am-27-11-2022\/20221127_131603-scaled.jpg\"\n\t\t\t\ttitle=\" \"\n\t\t\t\tclass=\"ngg-simplelightbox\" rel=\"d89eee956b7d592ad6b12e7703222eb0\" data-image-id=\"12\" data-src=\"https:\/\/wernerdeck.de\/blog\/wp-content\/gallery\/offenes-atelier-pavel-miguel-am-27-11-2022\/20221127_131603-scaled.jpg\" data-thumbnail=\"https:\/\/wernerdeck.de\/blog\/wp-content\/gallery\/offenes-atelier-pavel-miguel-am-27-11-2022\/thumbs\/thumbs_20221127_131603-scaled.jpg\" data-title=\"20221127_131603-scaled\" data-description=\" \" >\n\t\t\t\t\t\t\t\t<img title=\"20221127_131603-scaled\" alt=\"20221127_131603-scaled\" src=\"https:\/\/wernerdeck.de\/blog\/wp-content\/gallery\/offenes-atelier-pavel-miguel-am-27-11-2022\/thumbs\/thumbs_20221127_131603-scaled.jpg\" width='240' height='160' \/>\n\t\t\t\t\t\t\t<\/a>\n\t\t\t<span>\n\t\t\t \t\t\t<\/span>\n\t\t<\/div>\n\t<\/div>\n\t\t\t\t\t\t\t<br style=\"clear: both\" \/>\n\t\t\t\n\t<div id=\"ngg-image-11\" class=\"ngg-gallery-thumbnail-box\" style=\"width:25%;\" >\n\t\t<div class=\"ngg-gallery-thumbnail\" >\n\t\t\t<a href=\"https:\/\/wernerdeck.de\/blog\/wp-content\/gallery\/offenes-atelier-pavel-miguel-am-27-11-2022\/20221127_131609-scaled.jpg\"\n\t\t\t\ttitle=\" \"\n\t\t\t\tclass=\"ngg-simplelightbox\" rel=\"d89eee956b7d592ad6b12e7703222eb0\" data-image-id=\"11\" data-src=\"https:\/\/wernerdeck.de\/blog\/wp-content\/gallery\/offenes-atelier-pavel-miguel-am-27-11-2022\/20221127_131609-scaled.jpg\" data-thumbnail=\"https:\/\/wernerdeck.de\/blog\/wp-content\/gallery\/offenes-atelier-pavel-miguel-am-27-11-2022\/thumbs\/thumbs_20221127_131609-scaled.jpg\" data-title=\"20221127_131609-scaled\" data-description=\" \" >\n\t\t\t\t\t\t\t\t<img title=\"20221127_131609-scaled\" alt=\"20221127_131609-scaled\" src=\"https:\/\/wernerdeck.de\/blog\/wp-content\/gallery\/offenes-atelier-pavel-miguel-am-27-11-2022\/thumbs\/thumbs_20221127_131609-scaled.jpg\" width='240' height='160' \/>\n\t\t\t\t\t\t\t<\/a>\n\t\t\t<span>\n\t\t\t \t\t\t<\/span>\n\t\t<\/div>\n\t<\/div>\n\t\t\t\t\t\t\t\t\n\t<div id=\"ngg-image-10\" class=\"ngg-gallery-thumbnail-box\" style=\"width:25%;\" >\n\t\t<div class=\"ngg-gallery-thumbnail\" >\n\t\t\t<a href=\"https:\/\/wernerdeck.de\/blog\/wp-content\/gallery\/offenes-atelier-pavel-miguel-am-27-11-2022\/20221127_131745-scaled.jpg\"\n\t\t\t\ttitle=\" \"\n\t\t\t\tclass=\"ngg-simplelightbox\" rel=\"d89eee956b7d592ad6b12e7703222eb0\" data-image-id=\"10\" data-src=\"https:\/\/wernerdeck.de\/blog\/wp-content\/gallery\/offenes-atelier-pavel-miguel-am-27-11-2022\/20221127_131745-scaled.jpg\" data-thumbnail=\"https:\/\/wernerdeck.de\/blog\/wp-content\/gallery\/offenes-atelier-pavel-miguel-am-27-11-2022\/thumbs\/thumbs_20221127_131745-scaled.jpg\" data-title=\"20221127_131745-scaled\" data-description=\" \" >\n\t\t\t\t\t\t\t\t<img title=\"20221127_131745-scaled\" alt=\"20221127_131745-scaled\" src=\"https:\/\/wernerdeck.de\/blog\/wp-content\/gallery\/offenes-atelier-pavel-miguel-am-27-11-2022\/thumbs\/thumbs_20221127_131745-scaled.jpg\" width='240' height='160' \/>\n\t\t\t\t\t\t\t<\/a>\n\t\t\t<span>\n\t\t\t \t\t\t<\/span>\n\t\t<\/div>\n\t<\/div>\n\t\t\t\t\t\t\t\t\n\t<div id=\"ngg-image-9\" class=\"ngg-gallery-thumbnail-box\" style=\"width:25%;\" >\n\t\t<div class=\"ngg-gallery-thumbnail\" >\n\t\t\t<a href=\"https:\/\/wernerdeck.de\/blog\/wp-content\/gallery\/offenes-atelier-pavel-miguel-am-27-11-2022\/20221127_131754-scaled.jpg\"\n\t\t\t\ttitle=\" \"\n\t\t\t\tclass=\"ngg-simplelightbox\" rel=\"d89eee956b7d592ad6b12e7703222eb0\" data-image-id=\"9\" data-src=\"https:\/\/wernerdeck.de\/blog\/wp-content\/gallery\/offenes-atelier-pavel-miguel-am-27-11-2022\/20221127_131754-scaled.jpg\" data-thumbnail=\"https:\/\/wernerdeck.de\/blog\/wp-content\/gallery\/offenes-atelier-pavel-miguel-am-27-11-2022\/thumbs\/thumbs_20221127_131754-scaled.jpg\" data-title=\"20221127_131754-scaled\" data-description=\" \" >\n\t\t\t\t\t\t\t\t<img title=\"20221127_131754-scaled\" alt=\"20221127_131754-scaled\" src=\"https:\/\/wernerdeck.de\/blog\/wp-content\/gallery\/offenes-atelier-pavel-miguel-am-27-11-2022\/thumbs\/thumbs_20221127_131754-scaled.jpg\" width='240' height='160' \/>\n\t\t\t\t\t\t\t<\/a>\n\t\t\t<span>\n\t\t\t \t\t\t<\/span>\n\t\t<\/div>\n\t<\/div>\n\t\t\t\t\t\t\t\t\n\t<div id=\"ngg-image-8\" class=\"ngg-gallery-thumbnail-box\" style=\"width:25%;\" >\n\t\t<div class=\"ngg-gallery-thumbnail\" >\n\t\t\t<a href=\"https:\/\/wernerdeck.de\/blog\/wp-content\/gallery\/offenes-atelier-pavel-miguel-am-27-11-2022\/20221127_131810-scaled.jpg\"\n\t\t\t\ttitle=\" \"\n\t\t\t\tclass=\"ngg-simplelightbox\" rel=\"d89eee956b7d592ad6b12e7703222eb0\" data-image-id=\"8\" data-src=\"https:\/\/wernerdeck.de\/blog\/wp-content\/gallery\/offenes-atelier-pavel-miguel-am-27-11-2022\/20221127_131810-scaled.jpg\" data-thumbnail=\"https:\/\/wernerdeck.de\/blog\/wp-content\/gallery\/offenes-atelier-pavel-miguel-am-27-11-2022\/thumbs\/thumbs_20221127_131810-scaled.jpg\" data-title=\"20221127_131810-scaled\" data-description=\" \" >\n\t\t\t\t\t\t\t\t<img title=\"20221127_131810-scaled\" alt=\"20221127_131810-scaled\" src=\"https:\/\/wernerdeck.de\/blog\/wp-content\/gallery\/offenes-atelier-pavel-miguel-am-27-11-2022\/thumbs\/thumbs_20221127_131810-scaled.jpg\" width='240' height='160' \/>\n\t\t\t\t\t\t\t<\/a>\n\t\t\t<span>\n\t\t\t \t\t\t<\/span>\n\t\t<\/div>\n\t<\/div>\n\t\t\t\t\t\t\t<br style=\"clear: both\" \/>\n\t\t\t\n\t<div id=\"ngg-image-6\" class=\"ngg-gallery-thumbnail-box\" style=\"width:25%;\" >\n\t\t<div class=\"ngg-gallery-thumbnail\" >\n\t\t\t<a href=\"https:\/\/wernerdeck.de\/blog\/wp-content\/gallery\/offenes-atelier-pavel-miguel-am-27-11-2022\/20221127_131855-scaled.jpg\"\n\t\t\t\ttitle=\" \"\n\t\t\t\tclass=\"ngg-simplelightbox\" rel=\"d89eee956b7d592ad6b12e7703222eb0\" data-image-id=\"6\" data-src=\"https:\/\/wernerdeck.de\/blog\/wp-content\/gallery\/offenes-atelier-pavel-miguel-am-27-11-2022\/20221127_131855-scaled.jpg\" data-thumbnail=\"https:\/\/wernerdeck.de\/blog\/wp-content\/gallery\/offenes-atelier-pavel-miguel-am-27-11-2022\/thumbs\/thumbs_20221127_131855-scaled.jpg\" data-title=\"20221127_131855-scaled\" data-description=\" \" >\n\t\t\t\t\t\t\t\t<img title=\"20221127_131855-scaled\" alt=\"20221127_131855-scaled\" src=\"https:\/\/wernerdeck.de\/blog\/wp-content\/gallery\/offenes-atelier-pavel-miguel-am-27-11-2022\/thumbs\/thumbs_20221127_131855-scaled.jpg\" width='240' height='160' \/>\n\t\t\t\t\t\t\t<\/a>\n\t\t\t<span>\n\t\t\t \t\t\t<\/span>\n\t\t<\/div>\n\t<\/div>\n\t\t\t\t\t\t\t\t\n\t<div id=\"ngg-image-5\" class=\"ngg-gallery-thumbnail-box\" style=\"width:25%;\" >\n\t\t<div class=\"ngg-gallery-thumbnail\" >\n\t\t\t<a href=\"https:\/\/wernerdeck.de\/blog\/wp-content\/gallery\/offenes-atelier-pavel-miguel-am-27-11-2022\/20221127_131952-scaled.jpg\"\n\t\t\t\ttitle=\" \"\n\t\t\t\tclass=\"ngg-simplelightbox\" rel=\"d89eee956b7d592ad6b12e7703222eb0\" data-image-id=\"5\" data-src=\"https:\/\/wernerdeck.de\/blog\/wp-content\/gallery\/offenes-atelier-pavel-miguel-am-27-11-2022\/20221127_131952-scaled.jpg\" data-thumbnail=\"https:\/\/wernerdeck.de\/blog\/wp-content\/gallery\/offenes-atelier-pavel-miguel-am-27-11-2022\/thumbs\/thumbs_20221127_131952-scaled.jpg\" data-title=\"20221127_131952-scaled\" data-description=\" \" >\n\t\t\t\t\t\t\t\t<img title=\"20221127_131952-scaled\" alt=\"20221127_131952-scaled\" src=\"https:\/\/wernerdeck.de\/blog\/wp-content\/gallery\/offenes-atelier-pavel-miguel-am-27-11-2022\/thumbs\/thumbs_20221127_131952-scaled.jpg\" width='240' height='160' \/>\n\t\t\t\t\t\t\t<\/a>\n\t\t\t<span>\n\t\t\t \t\t\t<\/span>\n\t\t<\/div>\n\t<\/div>\n\t\t\t\t\t\t\t\t\n\t<div id=\"ngg-image-4\" class=\"ngg-gallery-thumbnail-box\" style=\"width:25%;\" >\n\t\t<div class=\"ngg-gallery-thumbnail\" >\n\t\t\t<a href=\"https:\/\/wernerdeck.de\/blog\/wp-content\/gallery\/offenes-atelier-pavel-miguel-am-27-11-2022\/20221127_132650-scaled.jpg\"\n\t\t\t\ttitle=\" \"\n\t\t\t\tclass=\"ngg-simplelightbox\" rel=\"d89eee956b7d592ad6b12e7703222eb0\" data-image-id=\"4\" data-src=\"https:\/\/wernerdeck.de\/blog\/wp-content\/gallery\/offenes-atelier-pavel-miguel-am-27-11-2022\/20221127_132650-scaled.jpg\" data-thumbnail=\"https:\/\/wernerdeck.de\/blog\/wp-content\/gallery\/offenes-atelier-pavel-miguel-am-27-11-2022\/thumbs\/thumbs_20221127_132650-scaled.jpg\" data-title=\"20221127_132650-scaled\" data-description=\" \" >\n\t\t\t\t\t\t\t\t<img title=\"20221127_132650-scaled\" alt=\"20221127_132650-scaled\" src=\"https:\/\/wernerdeck.de\/blog\/wp-content\/gallery\/offenes-atelier-pavel-miguel-am-27-11-2022\/thumbs\/thumbs_20221127_132650-scaled.jpg\" width='240' height='160' \/>\n\t\t\t\t\t\t\t<\/a>\n\t\t\t<span>\n\t\t\t \t\t\t<\/span>\n\t\t<\/div>\n\t<\/div>\n\t\t\t\t\t\t\t\t\n\t<div id=\"ngg-image-1\" class=\"ngg-gallery-thumbnail-box\" style=\"width:25%;\" >\n\t\t<div class=\"ngg-gallery-thumbnail\" >\n\t\t\t<a href=\"https:\/\/wernerdeck.de\/blog\/wp-content\/gallery\/offenes-atelier-pavel-miguel-am-27-11-2022\/20221127_133252-scaled.jpg\"\n\t\t\t\ttitle=\" \"\n\t\t\t\tclass=\"ngg-simplelightbox\" rel=\"d89eee956b7d592ad6b12e7703222eb0\" data-image-id=\"1\" data-src=\"https:\/\/wernerdeck.de\/blog\/wp-content\/gallery\/offenes-atelier-pavel-miguel-am-27-11-2022\/20221127_133252-scaled.jpg\" data-thumbnail=\"https:\/\/wernerdeck.de\/blog\/wp-content\/gallery\/offenes-atelier-pavel-miguel-am-27-11-2022\/thumbs\/thumbs_20221127_133252-scaled.jpg\" data-title=\"20221127_133252-scaled\" data-description=\" \" >\n\t\t\t\t\t\t\t\t<img title=\"20221127_133252-scaled\" alt=\"20221127_133252-scaled\" src=\"https:\/\/wernerdeck.de\/blog\/wp-content\/gallery\/offenes-atelier-pavel-miguel-am-27-11-2022\/thumbs\/thumbs_20221127_133252-scaled.jpg\" width='240' height='160' \/>\n\t\t\t\t\t\t\t<\/a>\n\t\t\t<span>\n\t\t\t \t\t\t<\/span>\n\t\t<\/div>\n\t<\/div>\n\t\t\t\t\t\t\t<br style=\"clear: both\" \/>\n\t\t\t\n\t<div id=\"ngg-image-3941\" class=\"ngg-gallery-thumbnail-box\" style=\"width:25%;\" >\n\t\t<div class=\"ngg-gallery-thumbnail\" >\n\t\t\t<a href=\"https:\/\/wernerdeck.de\/blog\/wp-content\/gallery\/offenes-atelier-pavel-miguel-am-27-11-2022\/Auswahl-Fassadenfarbton-1.jpg\"\n\t\t\t\ttitle=\" \"\n\t\t\t\tclass=\"ngg-simplelightbox\" rel=\"d89eee956b7d592ad6b12e7703222eb0\" data-image-id=\"3941\" data-src=\"https:\/\/wernerdeck.de\/blog\/wp-content\/gallery\/offenes-atelier-pavel-miguel-am-27-11-2022\/Auswahl-Fassadenfarbton-1.jpg\" data-thumbnail=\"https:\/\/wernerdeck.de\/blog\/wp-content\/gallery\/offenes-atelier-pavel-miguel-am-27-11-2022\/thumbs\/thumbs_Auswahl-Fassadenfarbton-1.jpg\" data-title=\"Auswahl-Fassadenfarbton-1\" data-description=\" \" >\n\t\t\t\t\t\t\t\t<img title=\"Auswahl-Fassadenfarbton-1\" alt=\"Auswahl-Fassadenfarbton-1\" src=\"https:\/\/wernerdeck.de\/blog\/wp-content\/gallery\/offenes-atelier-pavel-miguel-am-27-11-2022\/thumbs\/thumbs_Auswahl-Fassadenfarbton-1.jpg\" width='240' height='160' \/>\n\t\t\t\t\t\t\t<\/a>\n\t\t\t<span>\n\t\t\t \t\t\t<\/span>\n\t\t<\/div>\n\t<\/div>\n\t\t\t\t\t\t\t\t\n\t<!-- Pagination -->\n\t\t<div class='ngg-clear'><\/div>\t\n<\/div>\n\n\t\n","protected":false},"excerpt":{"rendered":"<p>Bei Pavel im Atelier zu st\u00f6bern, ist immer ein Fest f\u00fcr alle Sinne. Pavel Miguel ist ein ungew\u00f6hnlich vielseitiger K\u00fcnstler mit ungew\u00f6hnlich tollen Kunstobjekten jedweder Machart. Selbstredend, dass wir heute, am Tag des offenen Ateliers, Pavel einen Besuch abstatteten. Erworben haben wir auch ein Kunstobjekt f\u00fcr drau\u00dfen. Pavel muss daran noch einige Kleinigkeiten fertigstellen und &#8230; <a title=\"Offenes Atelier am 27.11. beim kubanischen K\u00fcnstler Pavel Miguel. Wir haben ein wunderbares Kleinod erworben\" class=\"read-more\" href=\"https:\/\/wernerdeck.de\/blog\/2022\/11\/27\/offenes-atelier-am-27-11-beim-kubanischen-kuenstler-pavel-miguel-wir-haben-ein-wunderbares-kleinod-erworben\/\" aria-label=\"Mehr Informationen \u00fcber Offenes Atelier am 27.11. beim kubanischen K\u00fcnstler Pavel Miguel. Wir haben ein wunderbares Kleinod erworben\">Weiterlesen<\/a><\/p>\n","protected":false},"author":1,"featured_media":2990,"comment_status":"open","ping_status":"open","sticky":false,"template":"","format":"standard","meta":{"ngg_post_thumbnail":0,"footnotes":""},"categories":[229],"tags":[228,206,202],"class_list":["post-2985","post","type-post","status-publish","format-standard","has-post-thumbnail","hentry","category-kunst","tag-atelier","tag-kunst","tag-pavel-miguel"],"yoast_head":"<!-- This site is optimized with the Yoast SEO plugin v27.5 - https:\/\/yoast.com\/product\/yoast-seo-wordpress\/ -->\n<title>Offenes Atelier am 27.11. beim kubanischen K\u00fcnstler Pavel Miguel. Wir haben ein wunderbares Kleinod erworben - Privater Blog von Werner Deck<\/title>\n<meta name=\"description\" content=\"Selbstredend, dass wir heute, am Tag des offenen Ateliers, Pavel Miguel einen Besuch abstatteten. Erworben haben wir auch ein Kunstobjekt.\" \/>\n<meta name=\"robots\" content=\"index, follow, max-snippet:-1, max-image-preview:large, max-video-preview:-1\" \/>\n<link rel=\"canonical\" href=\"https:\/\/wernerdeck.de\/blog\/2022\/11\/27\/offenes-atelier-am-27-11-beim-kubanischen-kuenstler-pavel-miguel-wir-haben-ein-wunderbares-kleinod-erworben\/\" \/>\n<meta property=\"og:locale\" content=\"de_DE\" \/>\n<meta property=\"og:type\" content=\"article\" \/>\n<meta property=\"og:title\" content=\"Offenes Atelier am 27.11. beim kubanischen K\u00fcnstler Pavel Miguel. Wir haben ein wunderbares Kleinod erworben - Privater Blog von Werner Deck\" \/>\n<meta property=\"og:description\" content=\"Selbstredend, dass wir heute, am Tag des offenen Ateliers, Pavel Miguel einen Besuch abstatteten. Erworben haben wir auch ein Kunstobjekt.\" \/>\n<meta property=\"og:url\" content=\"https:\/\/wernerdeck.de\/blog\/2022\/11\/27\/offenes-atelier-am-27-11-beim-kubanischen-kuenstler-pavel-miguel-wir-haben-ein-wunderbares-kleinod-erworben\/\" \/>\n<meta property=\"og:site_name\" content=\"Privater Blog von Werner Deck\" \/>\n<meta property=\"article:publisher\" content=\"https:\/\/www.facebook.com\/werner.deck\/\" \/>\n<meta property=\"article:author\" content=\"https:\/\/www.facebook.com\/werner.deck\/\" \/>\n<meta property=\"article:published_time\" content=\"2022-11-27T18:42:22+00:00\" \/>\n<meta property=\"article:modified_time\" content=\"2023-07-18T19:08:37+00:00\" \/>\n<meta property=\"og:image\" content=\"https:\/\/wernerdeck.de\/blog\/wp-content\/uploads\/2022\/11\/Im-Atelier-bei-Pavel-Miguel.jpg\" \/>\n\t<meta property=\"og:image:width\" content=\"1600\" \/>\n\t<meta property=\"og:image:height\" content=\"673\" \/>\n\t<meta property=\"og:image:type\" content=\"image\/jpeg\" \/>\n<meta name=\"author\" content=\"Werner Deck\" \/>\n<meta name=\"twitter:card\" content=\"summary_large_image\" \/>\n<meta name=\"twitter:label1\" content=\"Verfasst von\" \/>\n\t<meta name=\"twitter:data1\" content=\"Werner Deck\" \/>\n\t<meta name=\"twitter:label2\" content=\"Gesch\u00e4tzte Lesezeit\" \/>\n\t<meta name=\"twitter:data2\" content=\"1\u00a0Minute\" \/>\n<script type=\"application\/ld+json\" class=\"yoast-schema-graph\">{\"@context\":\"https:\\\/\\\/schema.org\",\"@graph\":[{\"@type\":\"Article\",\"@id\":\"https:\\\/\\\/wernerdeck.de\\\/blog\\\/2022\\\/11\\\/27\\\/offenes-atelier-am-27-11-beim-kubanischen-kuenstler-pavel-miguel-wir-haben-ein-wunderbares-kleinod-erworben\\\/#article\",\"isPartOf\":{\"@id\":\"https:\\\/\\\/wernerdeck.de\\\/blog\\\/2022\\\/11\\\/27\\\/offenes-atelier-am-27-11-beim-kubanischen-kuenstler-pavel-miguel-wir-haben-ein-wunderbares-kleinod-erworben\\\/\"},\"author\":{\"name\":\"Werner Deck\",\"@id\":\"https:\\\/\\\/wernerdeck.de\\\/blog\\\/#\\\/schema\\\/person\\\/7af62de1f11b0a09297eeb81281e523c\"},\"headline\":\"Offenes Atelier am 27.11. beim kubanischen K\u00fcnstler Pavel Miguel. Wir haben ein wunderbares Kleinod erworben\",\"datePublished\":\"2022-11-27T18:42:22+00:00\",\"dateModified\":\"2023-07-18T19:08:37+00:00\",\"mainEntityOfPage\":{\"@id\":\"https:\\\/\\\/wernerdeck.de\\\/blog\\\/2022\\\/11\\\/27\\\/offenes-atelier-am-27-11-beim-kubanischen-kuenstler-pavel-miguel-wir-haben-ein-wunderbares-kleinod-erworben\\\/\"},\"wordCount\":129,\"commentCount\":0,\"publisher\":{\"@id\":\"https:\\\/\\\/wernerdeck.de\\\/blog\\\/#\\\/schema\\\/person\\\/7af62de1f11b0a09297eeb81281e523c\"},\"image\":{\"@id\":\"https:\\\/\\\/wernerdeck.de\\\/blog\\\/2022\\\/11\\\/27\\\/offenes-atelier-am-27-11-beim-kubanischen-kuenstler-pavel-miguel-wir-haben-ein-wunderbares-kleinod-erworben\\\/#primaryimage\"},\"thumbnailUrl\":\"https:\\\/\\\/wernerdeck.de\\\/blog\\\/wp-content\\\/uploads\\\/2022\\\/11\\\/Im-Atelier-bei-Pavel-Miguel.jpg\",\"keywords\":[\"Atelier\",\"Kunst\",\"Pavel Miguel\"],\"articleSection\":[\"Kunst\"],\"inLanguage\":\"de\",\"potentialAction\":[{\"@type\":\"CommentAction\",\"name\":\"Comment\",\"target\":[\"https:\\\/\\\/wernerdeck.de\\\/blog\\\/2022\\\/11\\\/27\\\/offenes-atelier-am-27-11-beim-kubanischen-kuenstler-pavel-miguel-wir-haben-ein-wunderbares-kleinod-erworben\\\/#respond\"]}]},{\"@type\":\"WebPage\",\"@id\":\"https:\\\/\\\/wernerdeck.de\\\/blog\\\/2022\\\/11\\\/27\\\/offenes-atelier-am-27-11-beim-kubanischen-kuenstler-pavel-miguel-wir-haben-ein-wunderbares-kleinod-erworben\\\/\",\"url\":\"https:\\\/\\\/wernerdeck.de\\\/blog\\\/2022\\\/11\\\/27\\\/offenes-atelier-am-27-11-beim-kubanischen-kuenstler-pavel-miguel-wir-haben-ein-wunderbares-kleinod-erworben\\\/\",\"name\":\"Offenes Atelier am 27.11. beim kubanischen K\u00fcnstler Pavel Miguel. Wir haben ein wunderbares Kleinod erworben - Privater Blog von Werner Deck\",\"isPartOf\":{\"@id\":\"https:\\\/\\\/wernerdeck.de\\\/blog\\\/#website\"},\"primaryImageOfPage\":{\"@id\":\"https:\\\/\\\/wernerdeck.de\\\/blog\\\/2022\\\/11\\\/27\\\/offenes-atelier-am-27-11-beim-kubanischen-kuenstler-pavel-miguel-wir-haben-ein-wunderbares-kleinod-erworben\\\/#primaryimage\"},\"image\":{\"@id\":\"https:\\\/\\\/wernerdeck.de\\\/blog\\\/2022\\\/11\\\/27\\\/offenes-atelier-am-27-11-beim-kubanischen-kuenstler-pavel-miguel-wir-haben-ein-wunderbares-kleinod-erworben\\\/#primaryimage\"},\"thumbnailUrl\":\"https:\\\/\\\/wernerdeck.de\\\/blog\\\/wp-content\\\/uploads\\\/2022\\\/11\\\/Im-Atelier-bei-Pavel-Miguel.jpg\",\"datePublished\":\"2022-11-27T18:42:22+00:00\",\"dateModified\":\"2023-07-18T19:08:37+00:00\",\"description\":\"Selbstredend, dass wir heute, am Tag des offenen Ateliers, Pavel Miguel einen Besuch abstatteten. Erworben haben wir auch ein Kunstobjekt.\",\"breadcrumb\":{\"@id\":\"https:\\\/\\\/wernerdeck.de\\\/blog\\\/2022\\\/11\\\/27\\\/offenes-atelier-am-27-11-beim-kubanischen-kuenstler-pavel-miguel-wir-haben-ein-wunderbares-kleinod-erworben\\\/#breadcrumb\"},\"inLanguage\":\"de\",\"potentialAction\":[{\"@type\":\"ReadAction\",\"target\":[\"https:\\\/\\\/wernerdeck.de\\\/blog\\\/2022\\\/11\\\/27\\\/offenes-atelier-am-27-11-beim-kubanischen-kuenstler-pavel-miguel-wir-haben-ein-wunderbares-kleinod-erworben\\\/\"]}]},{\"@type\":\"ImageObject\",\"inLanguage\":\"de\",\"@id\":\"https:\\\/\\\/wernerdeck.de\\\/blog\\\/2022\\\/11\\\/27\\\/offenes-atelier-am-27-11-beim-kubanischen-kuenstler-pavel-miguel-wir-haben-ein-wunderbares-kleinod-erworben\\\/#primaryimage\",\"url\":\"https:\\\/\\\/wernerdeck.de\\\/blog\\\/wp-content\\\/uploads\\\/2022\\\/11\\\/Im-Atelier-bei-Pavel-Miguel.jpg\",\"contentUrl\":\"https:\\\/\\\/wernerdeck.de\\\/blog\\\/wp-content\\\/uploads\\\/2022\\\/11\\\/Im-Atelier-bei-Pavel-Miguel.jpg\",\"width\":1600,\"height\":673,\"caption\":\"Im Atelier bei Pavel Miguel\"},{\"@type\":\"BreadcrumbList\",\"@id\":\"https:\\\/\\\/wernerdeck.de\\\/blog\\\/2022\\\/11\\\/27\\\/offenes-atelier-am-27-11-beim-kubanischen-kuenstler-pavel-miguel-wir-haben-ein-wunderbares-kleinod-erworben\\\/#breadcrumb\",\"itemListElement\":[{\"@type\":\"ListItem\",\"position\":1,\"name\":\"Startseite\",\"item\":\"https:\\\/\\\/wernerdeck.de\\\/blog\\\/\"},{\"@type\":\"ListItem\",\"position\":2,\"name\":\"Offenes Atelier am 27.11. beim kubanischen K\u00fcnstler Pavel Miguel. Wir haben ein wunderbares Kleinod erworben\"}]},{\"@type\":\"WebSite\",\"@id\":\"https:\\\/\\\/wernerdeck.de\\\/blog\\\/#website\",\"url\":\"https:\\\/\\\/wernerdeck.de\\\/blog\\\/\",\"name\":\"Blog von Werner Deck\",\"description\":\"\",\"publisher\":{\"@id\":\"https:\\\/\\\/wernerdeck.de\\\/blog\\\/#\\\/schema\\\/person\\\/7af62de1f11b0a09297eeb81281e523c\"},\"potentialAction\":[{\"@type\":\"SearchAction\",\"target\":{\"@type\":\"EntryPoint\",\"urlTemplate\":\"https:\\\/\\\/wernerdeck.de\\\/blog\\\/?s={search_term_string}\"},\"query-input\":{\"@type\":\"PropertyValueSpecification\",\"valueRequired\":true,\"valueName\":\"search_term_string\"}}],\"inLanguage\":\"de\"},{\"@type\":[\"Person\",\"Organization\"],\"@id\":\"https:\\\/\\\/wernerdeck.de\\\/blog\\\/#\\\/schema\\\/person\\\/7af62de1f11b0a09297eeb81281e523c\",\"name\":\"Werner Deck\",\"image\":{\"@type\":\"ImageObject\",\"inLanguage\":\"de\",\"@id\":\"https:\\\/\\\/wernerdeck.de\\\/blog\\\/wp-content\\\/uploads\\\/2022\\\/05\\\/Werner-Deck-995x1024.jpg\",\"url\":\"https:\\\/\\\/wernerdeck.de\\\/blog\\\/wp-content\\\/uploads\\\/2022\\\/05\\\/Werner-Deck-995x1024.jpg\",\"contentUrl\":\"https:\\\/\\\/wernerdeck.de\\\/blog\\\/wp-content\\\/uploads\\\/2022\\\/05\\\/Werner-Deck-995x1024.jpg\",\"width\":995,\"height\":1024,\"caption\":\"Werner Deck\"},\"logo\":{\"@id\":\"https:\\\/\\\/wernerdeck.de\\\/blog\\\/wp-content\\\/uploads\\\/2022\\\/05\\\/Werner-Deck-995x1024.jpg\"},\"sameAs\":[\"https:\\\/\\\/wernerdeck.de\\\/blog\",\"https:\\\/\\\/www.facebook.com\\\/werner.deck\\\/\",\"https:\\\/\\\/www.instagram.com\\\/opti_maler_deck\\\/\",\"https:\\\/\\\/www.youtube.com\\\/c\\\/WernerDeck\"],\"url\":\"https:\\\/\\\/wernerdeck.de\\\/blog\\\/author\\\/wernerdeck-de\\\/\"}]}<\/script>\n<!-- \/ Yoast SEO plugin. -->","yoast_head_json":{"title":"Offenes Atelier am 27.11. beim kubanischen K\u00fcnstler Pavel Miguel. Wir haben ein wunderbares Kleinod erworben - Privater Blog von Werner Deck","description":"Selbstredend, dass wir heute, am Tag des offenen Ateliers, Pavel Miguel einen Besuch abstatteten. Erworben haben wir auch ein Kunstobjekt.","robots":{"index":"index","follow":"follow","max-snippet":"max-snippet:-1","max-image-preview":"max-image-preview:large","max-video-preview":"max-video-preview:-1"},"canonical":"https:\/\/wernerdeck.de\/blog\/2022\/11\/27\/offenes-atelier-am-27-11-beim-kubanischen-kuenstler-pavel-miguel-wir-haben-ein-wunderbares-kleinod-erworben\/","og_locale":"de_DE","og_type":"article","og_title":"Offenes Atelier am 27.11. beim kubanischen K\u00fcnstler Pavel Miguel. Wir haben ein wunderbares Kleinod erworben - Privater Blog von Werner Deck","og_description":"Selbstredend, dass wir heute, am Tag des offenen Ateliers, Pavel Miguel einen Besuch abstatteten. Erworben haben wir auch ein Kunstobjekt.","og_url":"https:\/\/wernerdeck.de\/blog\/2022\/11\/27\/offenes-atelier-am-27-11-beim-kubanischen-kuenstler-pavel-miguel-wir-haben-ein-wunderbares-kleinod-erworben\/","og_site_name":"Privater Blog von Werner Deck","article_publisher":"https:\/\/www.facebook.com\/werner.deck\/","article_author":"https:\/\/www.facebook.com\/werner.deck\/","article_published_time":"2022-11-27T18:42:22+00:00","article_modified_time":"2023-07-18T19:08:37+00:00","og_image":[{"width":1600,"height":673,"url":"https:\/\/wernerdeck.de\/blog\/wp-content\/uploads\/2022\/11\/Im-Atelier-bei-Pavel-Miguel.jpg","type":"image\/jpeg"}],"author":"Werner Deck","twitter_card":"summary_large_image","twitter_misc":{"Verfasst von":"Werner Deck","Gesch\u00e4tzte Lesezeit":"1\u00a0Minute"},"schema":{"@context":"https:\/\/schema.org","@graph":[{"@type":"Article","@id":"https:\/\/wernerdeck.de\/blog\/2022\/11\/27\/offenes-atelier-am-27-11-beim-kubanischen-kuenstler-pavel-miguel-wir-haben-ein-wunderbares-kleinod-erworben\/#article","isPartOf":{"@id":"https:\/\/wernerdeck.de\/blog\/2022\/11\/27\/offenes-atelier-am-27-11-beim-kubanischen-kuenstler-pavel-miguel-wir-haben-ein-wunderbares-kleinod-erworben\/"},"author":{"name":"Werner Deck","@id":"https:\/\/wernerdeck.de\/blog\/#\/schema\/person\/7af62de1f11b0a09297eeb81281e523c"},"headline":"Offenes Atelier am 27.11. beim kubanischen K\u00fcnstler Pavel Miguel. Wir haben ein wunderbares Kleinod erworben","datePublished":"2022-11-27T18:42:22+00:00","dateModified":"2023-07-18T19:08:37+00:00","mainEntityOfPage":{"@id":"https:\/\/wernerdeck.de\/blog\/2022\/11\/27\/offenes-atelier-am-27-11-beim-kubanischen-kuenstler-pavel-miguel-wir-haben-ein-wunderbares-kleinod-erworben\/"},"wordCount":129,"commentCount":0,"publisher":{"@id":"https:\/\/wernerdeck.de\/blog\/#\/schema\/person\/7af62de1f11b0a09297eeb81281e523c"},"image":{"@id":"https:\/\/wernerdeck.de\/blog\/2022\/11\/27\/offenes-atelier-am-27-11-beim-kubanischen-kuenstler-pavel-miguel-wir-haben-ein-wunderbares-kleinod-erworben\/#primaryimage"},"thumbnailUrl":"https:\/\/wernerdeck.de\/blog\/wp-content\/uploads\/2022\/11\/Im-Atelier-bei-Pavel-Miguel.jpg","keywords":["Atelier","Kunst","Pavel Miguel"],"articleSection":["Kunst"],"inLanguage":"de","potentialAction":[{"@type":"CommentAction","name":"Comment","target":["https:\/\/wernerdeck.de\/blog\/2022\/11\/27\/offenes-atelier-am-27-11-beim-kubanischen-kuenstler-pavel-miguel-wir-haben-ein-wunderbares-kleinod-erworben\/#respond"]}]},{"@type":"WebPage","@id":"https:\/\/wernerdeck.de\/blog\/2022\/11\/27\/offenes-atelier-am-27-11-beim-kubanischen-kuenstler-pavel-miguel-wir-haben-ein-wunderbares-kleinod-erworben\/","url":"https:\/\/wernerdeck.de\/blog\/2022\/11\/27\/offenes-atelier-am-27-11-beim-kubanischen-kuenstler-pavel-miguel-wir-haben-ein-wunderbares-kleinod-erworben\/","name":"Offenes Atelier am 27.11. beim kubanischen K\u00fcnstler Pavel Miguel. Wir haben ein wunderbares Kleinod erworben - Privater Blog von Werner Deck","isPartOf":{"@id":"https:\/\/wernerdeck.de\/blog\/#website"},"primaryImageOfPage":{"@id":"https:\/\/wernerdeck.de\/blog\/2022\/11\/27\/offenes-atelier-am-27-11-beim-kubanischen-kuenstler-pavel-miguel-wir-haben-ein-wunderbares-kleinod-erworben\/#primaryimage"},"image":{"@id":"https:\/\/wernerdeck.de\/blog\/2022\/11\/27\/offenes-atelier-am-27-11-beim-kubanischen-kuenstler-pavel-miguel-wir-haben-ein-wunderbares-kleinod-erworben\/#primaryimage"},"thumbnailUrl":"https:\/\/wernerdeck.de\/blog\/wp-content\/uploads\/2022\/11\/Im-Atelier-bei-Pavel-Miguel.jpg","datePublished":"2022-11-27T18:42:22+00:00","dateModified":"2023-07-18T19:08:37+00:00","description":"Selbstredend, dass wir heute, am Tag des offenen Ateliers, Pavel Miguel einen Besuch abstatteten. Erworben haben wir auch ein Kunstobjekt.","breadcrumb":{"@id":"https:\/\/wernerdeck.de\/blog\/2022\/11\/27\/offenes-atelier-am-27-11-beim-kubanischen-kuenstler-pavel-miguel-wir-haben-ein-wunderbares-kleinod-erworben\/#breadcrumb"},"inLanguage":"de","potentialAction":[{"@type":"ReadAction","target":["https:\/\/wernerdeck.de\/blog\/2022\/11\/27\/offenes-atelier-am-27-11-beim-kubanischen-kuenstler-pavel-miguel-wir-haben-ein-wunderbares-kleinod-erworben\/"]}]},{"@type":"ImageObject","inLanguage":"de","@id":"https:\/\/wernerdeck.de\/blog\/2022\/11\/27\/offenes-atelier-am-27-11-beim-kubanischen-kuenstler-pavel-miguel-wir-haben-ein-wunderbares-kleinod-erworben\/#primaryimage","url":"https:\/\/wernerdeck.de\/blog\/wp-content\/uploads\/2022\/11\/Im-Atelier-bei-Pavel-Miguel.jpg","contentUrl":"https:\/\/wernerdeck.de\/blog\/wp-content\/uploads\/2022\/11\/Im-Atelier-bei-Pavel-Miguel.jpg","width":1600,"height":673,"caption":"Im Atelier bei Pavel Miguel"},{"@type":"BreadcrumbList","@id":"https:\/\/wernerdeck.de\/blog\/2022\/11\/27\/offenes-atelier-am-27-11-beim-kubanischen-kuenstler-pavel-miguel-wir-haben-ein-wunderbares-kleinod-erworben\/#breadcrumb","itemListElement":[{"@type":"ListItem","position":1,"name":"Startseite","item":"https:\/\/wernerdeck.de\/blog\/"},{"@type":"ListItem","position":2,"name":"Offenes Atelier am 27.11. beim kubanischen K\u00fcnstler Pavel Miguel. Wir haben ein wunderbares Kleinod erworben"}]},{"@type":"WebSite","@id":"https:\/\/wernerdeck.de\/blog\/#website","url":"https:\/\/wernerdeck.de\/blog\/","name":"Blog von Werner Deck","description":"","publisher":{"@id":"https:\/\/wernerdeck.de\/blog\/#\/schema\/person\/7af62de1f11b0a09297eeb81281e523c"},"potentialAction":[{"@type":"SearchAction","target":{"@type":"EntryPoint","urlTemplate":"https:\/\/wernerdeck.de\/blog\/?s={search_term_string}"},"query-input":{"@type":"PropertyValueSpecification","valueRequired":true,"valueName":"search_term_string"}}],"inLanguage":"de"},{"@type":["Person","Organization"],"@id":"https:\/\/wernerdeck.de\/blog\/#\/schema\/person\/7af62de1f11b0a09297eeb81281e523c","name":"Werner Deck","image":{"@type":"ImageObject","inLanguage":"de","@id":"https:\/\/wernerdeck.de\/blog\/wp-content\/uploads\/2022\/05\/Werner-Deck-995x1024.jpg","url":"https:\/\/wernerdeck.de\/blog\/wp-content\/uploads\/2022\/05\/Werner-Deck-995x1024.jpg","contentUrl":"https:\/\/wernerdeck.de\/blog\/wp-content\/uploads\/2022\/05\/Werner-Deck-995x1024.jpg","width":995,"height":1024,"caption":"Werner Deck"},"logo":{"@id":"https:\/\/wernerdeck.de\/blog\/wp-content\/uploads\/2022\/05\/Werner-Deck-995x1024.jpg"},"sameAs":["https:\/\/wernerdeck.de\/blog","https:\/\/www.facebook.com\/werner.deck\/","https:\/\/www.instagram.com\/opti_maler_deck\/","https:\/\/www.youtube.com\/c\/WernerDeck"],"url":"https:\/\/wernerdeck.de\/blog\/author\/wernerdeck-de\/"}]}},"_links":{"self":[{"href":"https:\/\/wernerdeck.de\/blog\/wp-json\/wp\/v2\/posts\/2985","targetHints":{"allow":["GET"]}}],"collection":[{"href":"https:\/\/wernerdeck.de\/blog\/wp-json\/wp\/v2\/posts"}],"about":[{"href":"https:\/\/wernerdeck.de\/blog\/wp-json\/wp\/v2\/types\/post"}],"author":[{"embeddable":true,"href":"https:\/\/wernerdeck.de\/blog\/wp-json\/wp\/v2\/users\/1"}],"replies":[{"embeddable":true,"href":"https:\/\/wernerdeck.de\/blog\/wp-json\/wp\/v2\/comments?post=2985"}],"version-history":[{"count":0,"href":"https:\/\/wernerdeck.de\/blog\/wp-json\/wp\/v2\/posts\/2985\/revisions"}],"wp:featuredmedia":[{"embeddable":true,"href":"https:\/\/wernerdeck.de\/blog\/wp-json\/wp\/v2\/media\/2990"}],"wp:attachment":[{"href":"https:\/\/wernerdeck.de\/blog\/wp-json\/wp\/v2\/media?parent=2985"}],"wp:term":[{"taxonomy":"category","embeddable":true,"href":"https:\/\/wernerdeck.de\/blog\/wp-json\/wp\/v2\/categories?post=2985"},{"taxonomy":"post_tag","embeddable":true,"href":"https:\/\/wernerdeck.de\/blog\/wp-json\/wp\/v2\/tags?post=2985"}],"curies":[{"name":"wp","href":"https:\/\/api.w.org\/{rel}","templated":true}]}}