{"id":2961,"date":"2022-11-27T08:22:22","date_gmt":"2022-11-27T07:22:22","guid":{"rendered":"https:\/\/wernerdeck.de\/blog\/?p=2961"},"modified":"2022-11-28T10:43:03","modified_gmt":"2022-11-28T09:43:03","slug":"fuenftaegige-tour-von-sao-paulo-ueber-paraty-rio-de-janeiro-petropolis-visconde-de-maua-und-zurueck-nach-sao-paulo","status":"publish","type":"post","link":"https:\/\/wernerdeck.de\/blog\/2022\/11\/27\/fuenftaegige-tour-von-sao-paulo-ueber-paraty-rio-de-janeiro-petropolis-visconde-de-maua-und-zurueck-nach-sao-paulo\/","title":{"rendered":"Das war unsere Tour von S\u00e3o Paulo \u00fcber Paraty, Rio de Janeiro, Petropolis, Visconde de Maua, zur\u00fcck nach S\u00e3o Paulo"},"content":{"rendered":"<p><strong>Montag, 10. Oktober.<\/strong> <a href=\"https:\/\/wernerdeck.de\/blog\/2022\/11\/22\/zu-besuch-in-einer-favela-in-sao-paulo-im-regen-bossa-nova-tanzen\/\">(hier geht es zum vorhergehenden Beitrag)<\/a><\/p>\n<p>Viel gefahren (1.236 km), viel gesehen, viel erlebt! Unsere f\u00fcnft\u00e4gige Tour (02. bis 06.10.2022) ging von S\u00e3o Paulo \u00fcber Paraty nach Rio de Janeiro, \u00fcber Petropolis, nach Visconde de Maua und wieder zur\u00fcck nach S\u00e3o Paulo.<\/p>\n<figure id=\"attachment_2549\" aria-describedby=\"caption-attachment-2549\" style=\"width: 1790px\" class=\"wp-caption aligncenter\"><img loading=\"lazy\" decoding=\"async\" class=\"wp-image-2549 size-full\" src=\"https:\/\/wernerdeck.de\/blog\/wp-content\/uploads\/2022\/11\/Majestaetisch-begruesst-uns-in-Rio-der-Zuckerhut.jpg\" alt=\"Majest\u00e4tisch begr\u00fc\u00dft uns in Rio der Zuckerhut\" width=\"1800\" height=\"865\" srcset=\"https:\/\/wernerdeck.de\/blog\/wp-content\/uploads\/2022\/11\/Majestaetisch-begruesst-uns-in-Rio-der-Zuckerhut.jpg 1800w, https:\/\/wernerdeck.de\/blog\/wp-content\/uploads\/2022\/11\/Majestaetisch-begruesst-uns-in-Rio-der-Zuckerhut-300x144.jpg 300w, https:\/\/wernerdeck.de\/blog\/wp-content\/uploads\/2022\/11\/Majestaetisch-begruesst-uns-in-Rio-der-Zuckerhut-1024x492.jpg 1024w, https:\/\/wernerdeck.de\/blog\/wp-content\/uploads\/2022\/11\/Majestaetisch-begruesst-uns-in-Rio-der-Zuckerhut-768x369.jpg 768w, https:\/\/wernerdeck.de\/blog\/wp-content\/uploads\/2022\/11\/Majestaetisch-begruesst-uns-in-Rio-der-Zuckerhut-1536x738.jpg 1536w\" sizes=\"auto, (max-width: 1800px) 100vw, 1800px\" \/><figcaption id=\"caption-attachment-2549\" class=\"wp-caption-text\">Majest\u00e4tisch begr\u00fc\u00dfte uns in Rio de Janeiro der Zuckerhut und die Christusstatue zeigte sich ein wenig durch die Wolken. An der Copacabana hatte es 22\u00b0 C<\/figcaption><\/figure>\n<p>Das waren die einzelnen Stationen unserer Tour:<\/p>\n<ul>\n<li><a href=\"https:\/\/wernerdeck.de\/blog\/2022\/11\/14\/nach-dem-fruehstueck-starteten-wir-in-richtung-rio-de-janeiro\/\" target=\"_blank\" rel=\"noopener\">Sonntag, 2. Oktober. Nach dem Fr\u00fchst\u00fcck starteten wir in Richtung Rio de Janeiro und landeten am Abend in Paraty.<\/a><\/li>\n<li><a href=\"https:\/\/wernerdeck.de\/blog\/2022\/11\/15\/heute-fuhren-wir-von-paraty-nach-rio-de-janeiro-direkt-an-die-copacabana\/\" target=\"_blank\" rel=\"noopener\">Montag, 3. Oktober. Heute fuhren wir von Paraty nach Rio de Janeiro, direkt an die Copacabana.<\/a><\/li>\n<li><a href=\"https:\/\/wernerdeck.de\/blog\/2022\/11\/16\/die-fahrt-nach-rio-de-janeiro-und-unsere-gelungene-hotelsuche-an-der-copacabana\/\" target=\"_blank\" rel=\"noopener\">Montag, 3. Oktober. Die Fahrt nach Rio de Janeiro und unsere gelungene Hotelsuche an der Copacabana.<\/a><\/li>\n<li><a href=\"https:\/\/wernerdeck.de\/blog\/2022\/11\/17\/rio-de-janeiro-besuch-von-zuckerhut-und-der-christusstatue\/\" target=\"_blank\" rel=\"noopener\">Dienstag, 4. Oktober. Rio de Janeiro, Besuch von Zuckerhut und der Christusstatue.<\/a><\/li>\n<li><a href=\"https:\/\/wernerdeck.de\/blog\/2022\/11\/17\/die-lange-fahrt-von-rio-de-janeiro-ueber-petropolis-in-die-berge-nach-visconde-de-maua\/\" target=\"_blank\" rel=\"noopener\">Mittwoch, 5. Oktober. Die lange Fahrt von Rio de Janeiro \u00fcber Petropolis in die Berge nach Visconde de Maua.<\/a><\/li>\n<li><a href=\"https:\/\/wernerdeck.de\/blog\/2022\/11\/18\/mitten-im-brasilianischen-urwald-liegt-das-bezaubernde-chalet-hotel-buehler-in-visconde-de-maua\/\" target=\"_blank\" rel=\"noopener\">Donnerstag, 6. Oktober. Mitten im brasilianischen Urwald liegt das bezaubernde Chalet-Hotel B\u00fchler in Visconde de Maua.<\/a><\/li>\n<li><a href=\"https:\/\/wernerdeck.de\/blog\/2022\/11\/19\/abschied-vom-hotel-buehler-in-visconde-de-maua-und-heimreise-nach-sao-paulo\/\" target=\"_blank\" rel=\"noopener\">Freitag, 7. Oktober. Abschied vom Hotel B\u00fchler in Visconde de Maua und Heimreise nach S\u00e3o Paulo.<\/a><\/li>\n<\/ul>\n<h2 style=\"text-align: center;\">F\u00fcnft\u00e4gige Tour von S\u00e3o Paulo \u00fcber Paraty, Rio de Janeiro, Petropolis, Visconde de Maua und zur\u00fcck nach S\u00e3o Paulo.<\/h2>\n<p>Diese Strecke legten wir auf unserer Tour zur\u00fcck. Es hat Peter und mir gro\u00dfen Spa\u00df gemacht. \ud83d\ude42<\/p>\n<p><img loading=\"lazy\" decoding=\"async\" class=\"aligncenter size-full wp-image-2975\" src=\"https:\/\/wernerdeck.de\/blog\/wp-content\/uploads\/2022\/11\/Die-Strecke-unserer-5-Tagestour-in-Brasilien.jpg\" alt=\"Die Strecke unserer 5-Tagestour in Brasilien\" width=\"1629\" height=\"687\" srcset=\"https:\/\/wernerdeck.de\/blog\/wp-content\/uploads\/2022\/11\/Die-Strecke-unserer-5-Tagestour-in-Brasilien.jpg 1629w, https:\/\/wernerdeck.de\/blog\/wp-content\/uploads\/2022\/11\/Die-Strecke-unserer-5-Tagestour-in-Brasilien-300x127.jpg 300w, https:\/\/wernerdeck.de\/blog\/wp-content\/uploads\/2022\/11\/Die-Strecke-unserer-5-Tagestour-in-Brasilien-1024x432.jpg 1024w, https:\/\/wernerdeck.de\/blog\/wp-content\/uploads\/2022\/11\/Die-Strecke-unserer-5-Tagestour-in-Brasilien-768x324.jpg 768w, https:\/\/wernerdeck.de\/blog\/wp-content\/uploads\/2022\/11\/Die-Strecke-unserer-5-Tagestour-in-Brasilien-1536x648.jpg 1536w\" sizes=\"auto, (max-width: 1629px) 100vw, 1629px\" \/><\/p>\n<p>Brasilien <span class=\"x3nfvp2 x1j61x8r x1fcty0u xdj266r xhhsvwb xat24cr xgzva0m xxymvpz xlup9mm x1kky2od\"><img loading=\"lazy\" decoding=\"async\" src=\"https:\/\/static.xx.fbcdn.net\/images\/emoji.php\/v9\/ta2\/1.5\/16\/1f1e7_1f1f7.png\" alt=\"\ud83c\udde7\ud83c\uddf7\" width=\"16\" height=\"16\"><\/span> ist \u00fcbrigens unvorstellbar gro\u00df, fast 24 Mal gr\u00f6\u00dfer als Deutschland. Langsam werde ich mich auf den Abschied von hier einstellen. Am Mittwochabend (12.10.) geht es wieder zur\u00fcck in die Heimat. <span class=\"x3nfvp2 x1j61x8r x1fcty0u xdj266r xhhsvwb xat24cr xgzva0m xxymvpz xlup9mm x1kky2od\"><img loading=\"lazy\" decoding=\"async\" src=\"https:\/\/static.xx.fbcdn.net\/images\/emoji.php\/v9\/t3d\/1.5\/16\/2708.png\" alt=\"\u2708\ufe0f\" width=\"16\" height=\"16\"><\/span> Aber ich\/wir kommen ganz bestimmt wieder. \ud83d\ude42<\/p>\n<h2><a href=\"https:\/\/wernerdeck.de\/blog\/2022\/11\/28\/kaufen-70-m%c2%b2-haus-6-000-m%c2%b2-grundstueck-mit-quelle-und-see-fuer-e-36-00000-67-km-und-15-stunden-von-sao-paulo\/\">Hier geht es zum n\u00e4chsten Bericht.<\/a><\/h2>\n","protected":false},"excerpt":{"rendered":"<p>Montag, 10. Oktober. (hier geht es zum vorhergehenden Beitrag) Viel gefahren (1.236 km), viel gesehen, viel erlebt! Unsere f\u00fcnft\u00e4gige Tour (02. bis 06.10.2022) ging von S\u00e3o Paulo \u00fcber Paraty nach Rio de Janeiro, \u00fcber Petropolis, nach Visconde de Maua und wieder zur\u00fcck nach S\u00e3o Paulo. Das waren die einzelnen Stationen unserer Tour: Sonntag, 2. Oktober. &#8230; <a title=\"Das war unsere Tour von S\u00e3o Paulo \u00fcber Paraty, Rio de Janeiro, Petropolis, Visconde de Maua, zur\u00fcck nach S\u00e3o Paulo\" class=\"read-more\" href=\"https:\/\/wernerdeck.de\/blog\/2022\/11\/27\/fuenftaegige-tour-von-sao-paulo-ueber-paraty-rio-de-janeiro-petropolis-visconde-de-maua-und-zurueck-nach-sao-paulo\/\" aria-label=\"Mehr Informationen \u00fcber Das war unsere Tour von S\u00e3o Paulo \u00fcber Paraty, Rio de Janeiro, Petropolis, Visconde de Maua, zur\u00fcck nach S\u00e3o Paulo\">Weiterlesen<\/a><\/p>\n","protected":false},"author":1,"featured_media":2972,"comment_status":"open","ping_status":"open","sticky":false,"template":"","format":"standard","meta":{"ngg_post_thumbnail":0,"footnotes":""},"categories":[208],"tags":[196,200,227],"class_list":["post-2961","post","type-post","status-publish","format-standard","has-post-thumbnail","hentry","category-reisebericht","tag-brasilien","tag-sao-paulo","tag-tour"],"yoast_head":"<!-- This site is optimized with the Yoast SEO plugin v27.5 - https:\/\/yoast.com\/product\/yoast-seo-wordpress\/ -->\n<title>Das war unsere Tour von S\u00e3o Paulo \u00fcber Paraty, Rio de Janeiro, Petropolis, Visconde de Maua, zur\u00fcck nach S\u00e3o Paulo - Privater Blog von Werner Deck<\/title>\n<meta name=\"description\" content=\"In f\u00fcnf Tagen fuhren wir 1.236 Kilometer. Dabei haben wir sehr viel gesehen und viel erlebt. Die Tour hat Peter und mir gro\u00dfen Spa\u00df gemacht.\" \/>\n<meta name=\"robots\" content=\"index, follow, max-snippet:-1, max-image-preview:large, max-video-preview:-1\" \/>\n<link rel=\"canonical\" href=\"https:\/\/wernerdeck.de\/blog\/2022\/11\/27\/fuenftaegige-tour-von-sao-paulo-ueber-paraty-rio-de-janeiro-petropolis-visconde-de-maua-und-zurueck-nach-sao-paulo\/\" \/>\n<meta property=\"og:locale\" content=\"de_DE\" \/>\n<meta property=\"og:type\" content=\"article\" \/>\n<meta property=\"og:title\" content=\"Das war unsere Tour von S\u00e3o Paulo \u00fcber Paraty, Rio de Janeiro, Petropolis, Visconde de Maua, zur\u00fcck nach S\u00e3o Paulo - Privater Blog von Werner Deck\" \/>\n<meta property=\"og:description\" content=\"In f\u00fcnf Tagen fuhren wir 1.236 Kilometer. Dabei haben wir sehr viel gesehen und viel erlebt. Die Tour hat Peter und mir gro\u00dfen Spa\u00df gemacht.\" \/>\n<meta property=\"og:url\" content=\"https:\/\/wernerdeck.de\/blog\/2022\/11\/27\/fuenftaegige-tour-von-sao-paulo-ueber-paraty-rio-de-janeiro-petropolis-visconde-de-maua-und-zurueck-nach-sao-paulo\/\" \/>\n<meta property=\"og:site_name\" content=\"Privater Blog von Werner Deck\" \/>\n<meta property=\"article:publisher\" content=\"https:\/\/www.facebook.com\/werner.deck\/\" \/>\n<meta property=\"article:author\" content=\"https:\/\/www.facebook.com\/werner.deck\/\" \/>\n<meta property=\"article:published_time\" content=\"2022-11-27T07:22:22+00:00\" \/>\n<meta property=\"article:modified_time\" content=\"2022-11-28T09:43:03+00:00\" \/>\n<meta property=\"og:image\" content=\"https:\/\/wernerdeck.de\/blog\/wp-content\/uploads\/2022\/11\/Unsere-Tour-durch-Brasilien.jpg\" \/>\n\t<meta property=\"og:image:width\" content=\"1000\" \/>\n\t<meta property=\"og:image:height\" content=\"730\" \/>\n\t<meta property=\"og:image:type\" content=\"image\/jpeg\" \/>\n<meta name=\"author\" content=\"Werner Deck\" \/>\n<meta name=\"twitter:card\" content=\"summary_large_image\" \/>\n<meta name=\"twitter:label1\" content=\"Verfasst von\" \/>\n\t<meta name=\"twitter:data1\" content=\"Werner Deck\" \/>\n\t<meta name=\"twitter:label2\" content=\"Gesch\u00e4tzte Lesezeit\" \/>\n\t<meta name=\"twitter:data2\" content=\"3\u00a0Minuten\" \/>\n<script type=\"application\/ld+json\" class=\"yoast-schema-graph\">{\"@context\":\"https:\\\/\\\/schema.org\",\"@graph\":[{\"@type\":\"Article\",\"@id\":\"https:\\\/\\\/wernerdeck.de\\\/blog\\\/2022\\\/11\\\/27\\\/fuenftaegige-tour-von-sao-paulo-ueber-paraty-rio-de-janeiro-petropolis-visconde-de-maua-und-zurueck-nach-sao-paulo\\\/#article\",\"isPartOf\":{\"@id\":\"https:\\\/\\\/wernerdeck.de\\\/blog\\\/2022\\\/11\\\/27\\\/fuenftaegige-tour-von-sao-paulo-ueber-paraty-rio-de-janeiro-petropolis-visconde-de-maua-und-zurueck-nach-sao-paulo\\\/\"},\"author\":{\"name\":\"Werner Deck\",\"@id\":\"https:\\\/\\\/wernerdeck.de\\\/blog\\\/#\\\/schema\\\/person\\\/7af62de1f11b0a09297eeb81281e523c\"},\"headline\":\"Das war unsere Tour von S\u00e3o Paulo \u00fcber Paraty, Rio de Janeiro, Petropolis, Visconde de Maua, zur\u00fcck nach S\u00e3o Paulo\",\"datePublished\":\"2022-11-27T07:22:22+00:00\",\"dateModified\":\"2022-11-28T09:43:03+00:00\",\"mainEntityOfPage\":{\"@id\":\"https:\\\/\\\/wernerdeck.de\\\/blog\\\/2022\\\/11\\\/27\\\/fuenftaegige-tour-von-sao-paulo-ueber-paraty-rio-de-janeiro-petropolis-visconde-de-maua-und-zurueck-nach-sao-paulo\\\/\"},\"wordCount\":311,\"commentCount\":0,\"publisher\":{\"@id\":\"https:\\\/\\\/wernerdeck.de\\\/blog\\\/#\\\/schema\\\/person\\\/7af62de1f11b0a09297eeb81281e523c\"},\"image\":{\"@id\":\"https:\\\/\\\/wernerdeck.de\\\/blog\\\/2022\\\/11\\\/27\\\/fuenftaegige-tour-von-sao-paulo-ueber-paraty-rio-de-janeiro-petropolis-visconde-de-maua-und-zurueck-nach-sao-paulo\\\/#primaryimage\"},\"thumbnailUrl\":\"https:\\\/\\\/wernerdeck.de\\\/blog\\\/wp-content\\\/uploads\\\/2022\\\/11\\\/Unsere-Tour-durch-Brasilien.jpg\",\"keywords\":[\"Brasilien\",\"Sao Paulo\",\"Tour\"],\"articleSection\":[\"Reisebericht\"],\"inLanguage\":\"de\",\"potentialAction\":[{\"@type\":\"CommentAction\",\"name\":\"Comment\",\"target\":[\"https:\\\/\\\/wernerdeck.de\\\/blog\\\/2022\\\/11\\\/27\\\/fuenftaegige-tour-von-sao-paulo-ueber-paraty-rio-de-janeiro-petropolis-visconde-de-maua-und-zurueck-nach-sao-paulo\\\/#respond\"]}]},{\"@type\":\"WebPage\",\"@id\":\"https:\\\/\\\/wernerdeck.de\\\/blog\\\/2022\\\/11\\\/27\\\/fuenftaegige-tour-von-sao-paulo-ueber-paraty-rio-de-janeiro-petropolis-visconde-de-maua-und-zurueck-nach-sao-paulo\\\/\",\"url\":\"https:\\\/\\\/wernerdeck.de\\\/blog\\\/2022\\\/11\\\/27\\\/fuenftaegige-tour-von-sao-paulo-ueber-paraty-rio-de-janeiro-petropolis-visconde-de-maua-und-zurueck-nach-sao-paulo\\\/\",\"name\":\"Das war unsere Tour von S\u00e3o Paulo \u00fcber Paraty, Rio de Janeiro, Petropolis, Visconde de Maua, zur\u00fcck nach S\u00e3o Paulo - Privater Blog von Werner Deck\",\"isPartOf\":{\"@id\":\"https:\\\/\\\/wernerdeck.de\\\/blog\\\/#website\"},\"primaryImageOfPage\":{\"@id\":\"https:\\\/\\\/wernerdeck.de\\\/blog\\\/2022\\\/11\\\/27\\\/fuenftaegige-tour-von-sao-paulo-ueber-paraty-rio-de-janeiro-petropolis-visconde-de-maua-und-zurueck-nach-sao-paulo\\\/#primaryimage\"},\"image\":{\"@id\":\"https:\\\/\\\/wernerdeck.de\\\/blog\\\/2022\\\/11\\\/27\\\/fuenftaegige-tour-von-sao-paulo-ueber-paraty-rio-de-janeiro-petropolis-visconde-de-maua-und-zurueck-nach-sao-paulo\\\/#primaryimage\"},\"thumbnailUrl\":\"https:\\\/\\\/wernerdeck.de\\\/blog\\\/wp-content\\\/uploads\\\/2022\\\/11\\\/Unsere-Tour-durch-Brasilien.jpg\",\"datePublished\":\"2022-11-27T07:22:22+00:00\",\"dateModified\":\"2022-11-28T09:43:03+00:00\",\"description\":\"In f\u00fcnf Tagen fuhren wir 1.236 Kilometer. Dabei haben wir sehr viel gesehen und viel erlebt. Die Tour hat Peter und mir gro\u00dfen Spa\u00df gemacht.\",\"breadcrumb\":{\"@id\":\"https:\\\/\\\/wernerdeck.de\\\/blog\\\/2022\\\/11\\\/27\\\/fuenftaegige-tour-von-sao-paulo-ueber-paraty-rio-de-janeiro-petropolis-visconde-de-maua-und-zurueck-nach-sao-paulo\\\/#breadcrumb\"},\"inLanguage\":\"de\",\"potentialAction\":[{\"@type\":\"ReadAction\",\"target\":[\"https:\\\/\\\/wernerdeck.de\\\/blog\\\/2022\\\/11\\\/27\\\/fuenftaegige-tour-von-sao-paulo-ueber-paraty-rio-de-janeiro-petropolis-visconde-de-maua-und-zurueck-nach-sao-paulo\\\/\"]}]},{\"@type\":\"ImageObject\",\"inLanguage\":\"de\",\"@id\":\"https:\\\/\\\/wernerdeck.de\\\/blog\\\/2022\\\/11\\\/27\\\/fuenftaegige-tour-von-sao-paulo-ueber-paraty-rio-de-janeiro-petropolis-visconde-de-maua-und-zurueck-nach-sao-paulo\\\/#primaryimage\",\"url\":\"https:\\\/\\\/wernerdeck.de\\\/blog\\\/wp-content\\\/uploads\\\/2022\\\/11\\\/Unsere-Tour-durch-Brasilien.jpg\",\"contentUrl\":\"https:\\\/\\\/wernerdeck.de\\\/blog\\\/wp-content\\\/uploads\\\/2022\\\/11\\\/Unsere-Tour-durch-Brasilien.jpg\",\"width\":1000,\"height\":730},{\"@type\":\"BreadcrumbList\",\"@id\":\"https:\\\/\\\/wernerdeck.de\\\/blog\\\/2022\\\/11\\\/27\\\/fuenftaegige-tour-von-sao-paulo-ueber-paraty-rio-de-janeiro-petropolis-visconde-de-maua-und-zurueck-nach-sao-paulo\\\/#breadcrumb\",\"itemListElement\":[{\"@type\":\"ListItem\",\"position\":1,\"name\":\"Startseite\",\"item\":\"https:\\\/\\\/wernerdeck.de\\\/blog\\\/\"},{\"@type\":\"ListItem\",\"position\":2,\"name\":\"Das war unsere Tour von S\u00e3o Paulo \u00fcber Paraty, Rio de Janeiro, Petropolis, Visconde de Maua, zur\u00fcck nach S\u00e3o Paulo\"}]},{\"@type\":\"WebSite\",\"@id\":\"https:\\\/\\\/wernerdeck.de\\\/blog\\\/#website\",\"url\":\"https:\\\/\\\/wernerdeck.de\\\/blog\\\/\",\"name\":\"Blog von Werner Deck\",\"description\":\"\",\"publisher\":{\"@id\":\"https:\\\/\\\/wernerdeck.de\\\/blog\\\/#\\\/schema\\\/person\\\/7af62de1f11b0a09297eeb81281e523c\"},\"potentialAction\":[{\"@type\":\"SearchAction\",\"target\":{\"@type\":\"EntryPoint\",\"urlTemplate\":\"https:\\\/\\\/wernerdeck.de\\\/blog\\\/?s={search_term_string}\"},\"query-input\":{\"@type\":\"PropertyValueSpecification\",\"valueRequired\":true,\"valueName\":\"search_term_string\"}}],\"inLanguage\":\"de\"},{\"@type\":[\"Person\",\"Organization\"],\"@id\":\"https:\\\/\\\/wernerdeck.de\\\/blog\\\/#\\\/schema\\\/person\\\/7af62de1f11b0a09297eeb81281e523c\",\"name\":\"Werner Deck\",\"image\":{\"@type\":\"ImageObject\",\"inLanguage\":\"de\",\"@id\":\"https:\\\/\\\/wernerdeck.de\\\/blog\\\/wp-content\\\/uploads\\\/2022\\\/05\\\/Werner-Deck-995x1024.jpg\",\"url\":\"https:\\\/\\\/wernerdeck.de\\\/blog\\\/wp-content\\\/uploads\\\/2022\\\/05\\\/Werner-Deck-995x1024.jpg\",\"contentUrl\":\"https:\\\/\\\/wernerdeck.de\\\/blog\\\/wp-content\\\/uploads\\\/2022\\\/05\\\/Werner-Deck-995x1024.jpg\",\"width\":995,\"height\":1024,\"caption\":\"Werner Deck\"},\"logo\":{\"@id\":\"https:\\\/\\\/wernerdeck.de\\\/blog\\\/wp-content\\\/uploads\\\/2022\\\/05\\\/Werner-Deck-995x1024.jpg\"},\"sameAs\":[\"https:\\\/\\\/wernerdeck.de\\\/blog\",\"https:\\\/\\\/www.facebook.com\\\/werner.deck\\\/\",\"https:\\\/\\\/www.instagram.com\\\/opti_maler_deck\\\/\",\"https:\\\/\\\/www.youtube.com\\\/c\\\/WernerDeck\"],\"url\":\"https:\\\/\\\/wernerdeck.de\\\/blog\\\/author\\\/wernerdeck-de\\\/\"}]}<\/script>\n<!-- \/ Yoast SEO plugin. -->","yoast_head_json":{"title":"Das war unsere Tour von S\u00e3o Paulo \u00fcber Paraty, Rio de Janeiro, Petropolis, Visconde de Maua, zur\u00fcck nach S\u00e3o Paulo - Privater Blog von Werner Deck","description":"In f\u00fcnf Tagen fuhren wir 1.236 Kilometer. Dabei haben wir sehr viel gesehen und viel erlebt. Die Tour hat Peter und mir gro\u00dfen Spa\u00df gemacht.","robots":{"index":"index","follow":"follow","max-snippet":"max-snippet:-1","max-image-preview":"max-image-preview:large","max-video-preview":"max-video-preview:-1"},"canonical":"https:\/\/wernerdeck.de\/blog\/2022\/11\/27\/fuenftaegige-tour-von-sao-paulo-ueber-paraty-rio-de-janeiro-petropolis-visconde-de-maua-und-zurueck-nach-sao-paulo\/","og_locale":"de_DE","og_type":"article","og_title":"Das war unsere Tour von S\u00e3o Paulo \u00fcber Paraty, Rio de Janeiro, Petropolis, Visconde de Maua, zur\u00fcck nach S\u00e3o Paulo - Privater Blog von Werner Deck","og_description":"In f\u00fcnf Tagen fuhren wir 1.236 Kilometer. Dabei haben wir sehr viel gesehen und viel erlebt. Die Tour hat Peter und mir gro\u00dfen Spa\u00df gemacht.","og_url":"https:\/\/wernerdeck.de\/blog\/2022\/11\/27\/fuenftaegige-tour-von-sao-paulo-ueber-paraty-rio-de-janeiro-petropolis-visconde-de-maua-und-zurueck-nach-sao-paulo\/","og_site_name":"Privater Blog von Werner Deck","article_publisher":"https:\/\/www.facebook.com\/werner.deck\/","article_author":"https:\/\/www.facebook.com\/werner.deck\/","article_published_time":"2022-11-27T07:22:22+00:00","article_modified_time":"2022-11-28T09:43:03+00:00","og_image":[{"width":1000,"height":730,"url":"https:\/\/wernerdeck.de\/blog\/wp-content\/uploads\/2022\/11\/Unsere-Tour-durch-Brasilien.jpg","type":"image\/jpeg"}],"author":"Werner Deck","twitter_card":"summary_large_image","twitter_misc":{"Verfasst von":"Werner Deck","Gesch\u00e4tzte Lesezeit":"3\u00a0Minuten"},"schema":{"@context":"https:\/\/schema.org","@graph":[{"@type":"Article","@id":"https:\/\/wernerdeck.de\/blog\/2022\/11\/27\/fuenftaegige-tour-von-sao-paulo-ueber-paraty-rio-de-janeiro-petropolis-visconde-de-maua-und-zurueck-nach-sao-paulo\/#article","isPartOf":{"@id":"https:\/\/wernerdeck.de\/blog\/2022\/11\/27\/fuenftaegige-tour-von-sao-paulo-ueber-paraty-rio-de-janeiro-petropolis-visconde-de-maua-und-zurueck-nach-sao-paulo\/"},"author":{"name":"Werner Deck","@id":"https:\/\/wernerdeck.de\/blog\/#\/schema\/person\/7af62de1f11b0a09297eeb81281e523c"},"headline":"Das war unsere Tour von S\u00e3o Paulo \u00fcber Paraty, Rio de Janeiro, Petropolis, Visconde de Maua, zur\u00fcck nach S\u00e3o Paulo","datePublished":"2022-11-27T07:22:22+00:00","dateModified":"2022-11-28T09:43:03+00:00","mainEntityOfPage":{"@id":"https:\/\/wernerdeck.de\/blog\/2022\/11\/27\/fuenftaegige-tour-von-sao-paulo-ueber-paraty-rio-de-janeiro-petropolis-visconde-de-maua-und-zurueck-nach-sao-paulo\/"},"wordCount":311,"commentCount":0,"publisher":{"@id":"https:\/\/wernerdeck.de\/blog\/#\/schema\/person\/7af62de1f11b0a09297eeb81281e523c"},"image":{"@id":"https:\/\/wernerdeck.de\/blog\/2022\/11\/27\/fuenftaegige-tour-von-sao-paulo-ueber-paraty-rio-de-janeiro-petropolis-visconde-de-maua-und-zurueck-nach-sao-paulo\/#primaryimage"},"thumbnailUrl":"https:\/\/wernerdeck.de\/blog\/wp-content\/uploads\/2022\/11\/Unsere-Tour-durch-Brasilien.jpg","keywords":["Brasilien","Sao Paulo","Tour"],"articleSection":["Reisebericht"],"inLanguage":"de","potentialAction":[{"@type":"CommentAction","name":"Comment","target":["https:\/\/wernerdeck.de\/blog\/2022\/11\/27\/fuenftaegige-tour-von-sao-paulo-ueber-paraty-rio-de-janeiro-petropolis-visconde-de-maua-und-zurueck-nach-sao-paulo\/#respond"]}]},{"@type":"WebPage","@id":"https:\/\/wernerdeck.de\/blog\/2022\/11\/27\/fuenftaegige-tour-von-sao-paulo-ueber-paraty-rio-de-janeiro-petropolis-visconde-de-maua-und-zurueck-nach-sao-paulo\/","url":"https:\/\/wernerdeck.de\/blog\/2022\/11\/27\/fuenftaegige-tour-von-sao-paulo-ueber-paraty-rio-de-janeiro-petropolis-visconde-de-maua-und-zurueck-nach-sao-paulo\/","name":"Das war unsere Tour von S\u00e3o Paulo \u00fcber Paraty, Rio de Janeiro, Petropolis, Visconde de Maua, zur\u00fcck nach S\u00e3o Paulo - Privater Blog von Werner Deck","isPartOf":{"@id":"https:\/\/wernerdeck.de\/blog\/#website"},"primaryImageOfPage":{"@id":"https:\/\/wernerdeck.de\/blog\/2022\/11\/27\/fuenftaegige-tour-von-sao-paulo-ueber-paraty-rio-de-janeiro-petropolis-visconde-de-maua-und-zurueck-nach-sao-paulo\/#primaryimage"},"image":{"@id":"https:\/\/wernerdeck.de\/blog\/2022\/11\/27\/fuenftaegige-tour-von-sao-paulo-ueber-paraty-rio-de-janeiro-petropolis-visconde-de-maua-und-zurueck-nach-sao-paulo\/#primaryimage"},"thumbnailUrl":"https:\/\/wernerdeck.de\/blog\/wp-content\/uploads\/2022\/11\/Unsere-Tour-durch-Brasilien.jpg","datePublished":"2022-11-27T07:22:22+00:00","dateModified":"2022-11-28T09:43:03+00:00","description":"In f\u00fcnf Tagen fuhren wir 1.236 Kilometer. Dabei haben wir sehr viel gesehen und viel erlebt. Die Tour hat Peter und mir gro\u00dfen Spa\u00df gemacht.","breadcrumb":{"@id":"https:\/\/wernerdeck.de\/blog\/2022\/11\/27\/fuenftaegige-tour-von-sao-paulo-ueber-paraty-rio-de-janeiro-petropolis-visconde-de-maua-und-zurueck-nach-sao-paulo\/#breadcrumb"},"inLanguage":"de","potentialAction":[{"@type":"ReadAction","target":["https:\/\/wernerdeck.de\/blog\/2022\/11\/27\/fuenftaegige-tour-von-sao-paulo-ueber-paraty-rio-de-janeiro-petropolis-visconde-de-maua-und-zurueck-nach-sao-paulo\/"]}]},{"@type":"ImageObject","inLanguage":"de","@id":"https:\/\/wernerdeck.de\/blog\/2022\/11\/27\/fuenftaegige-tour-von-sao-paulo-ueber-paraty-rio-de-janeiro-petropolis-visconde-de-maua-und-zurueck-nach-sao-paulo\/#primaryimage","url":"https:\/\/wernerdeck.de\/blog\/wp-content\/uploads\/2022\/11\/Unsere-Tour-durch-Brasilien.jpg","contentUrl":"https:\/\/wernerdeck.de\/blog\/wp-content\/uploads\/2022\/11\/Unsere-Tour-durch-Brasilien.jpg","width":1000,"height":730},{"@type":"BreadcrumbList","@id":"https:\/\/wernerdeck.de\/blog\/2022\/11\/27\/fuenftaegige-tour-von-sao-paulo-ueber-paraty-rio-de-janeiro-petropolis-visconde-de-maua-und-zurueck-nach-sao-paulo\/#breadcrumb","itemListElement":[{"@type":"ListItem","position":1,"name":"Startseite","item":"https:\/\/wernerdeck.de\/blog\/"},{"@type":"ListItem","position":2,"name":"Das war unsere Tour von S\u00e3o Paulo \u00fcber Paraty, Rio de Janeiro, Petropolis, Visconde de Maua, zur\u00fcck nach S\u00e3o Paulo"}]},{"@type":"WebSite","@id":"https:\/\/wernerdeck.de\/blog\/#website","url":"https:\/\/wernerdeck.de\/blog\/","name":"Blog von Werner Deck","description":"","publisher":{"@id":"https:\/\/wernerdeck.de\/blog\/#\/schema\/person\/7af62de1f11b0a09297eeb81281e523c"},"potentialAction":[{"@type":"SearchAction","target":{"@type":"EntryPoint","urlTemplate":"https:\/\/wernerdeck.de\/blog\/?s={search_term_string}"},"query-input":{"@type":"PropertyValueSpecification","valueRequired":true,"valueName":"search_term_string"}}],"inLanguage":"de"},{"@type":["Person","Organization"],"@id":"https:\/\/wernerdeck.de\/blog\/#\/schema\/person\/7af62de1f11b0a09297eeb81281e523c","name":"Werner Deck","image":{"@type":"ImageObject","inLanguage":"de","@id":"https:\/\/wernerdeck.de\/blog\/wp-content\/uploads\/2022\/05\/Werner-Deck-995x1024.jpg","url":"https:\/\/wernerdeck.de\/blog\/wp-content\/uploads\/2022\/05\/Werner-Deck-995x1024.jpg","contentUrl":"https:\/\/wernerdeck.de\/blog\/wp-content\/uploads\/2022\/05\/Werner-Deck-995x1024.jpg","width":995,"height":1024,"caption":"Werner Deck"},"logo":{"@id":"https:\/\/wernerdeck.de\/blog\/wp-content\/uploads\/2022\/05\/Werner-Deck-995x1024.jpg"},"sameAs":["https:\/\/wernerdeck.de\/blog","https:\/\/www.facebook.com\/werner.deck\/","https:\/\/www.instagram.com\/opti_maler_deck\/","https:\/\/www.youtube.com\/c\/WernerDeck"],"url":"https:\/\/wernerdeck.de\/blog\/author\/wernerdeck-de\/"}]}},"_links":{"self":[{"href":"https:\/\/wernerdeck.de\/blog\/wp-json\/wp\/v2\/posts\/2961","targetHints":{"allow":["GET"]}}],"collection":[{"href":"https:\/\/wernerdeck.de\/blog\/wp-json\/wp\/v2\/posts"}],"about":[{"href":"https:\/\/wernerdeck.de\/blog\/wp-json\/wp\/v2\/types\/post"}],"author":[{"embeddable":true,"href":"https:\/\/wernerdeck.de\/blog\/wp-json\/wp\/v2\/users\/1"}],"replies":[{"embeddable":true,"href":"https:\/\/wernerdeck.de\/blog\/wp-json\/wp\/v2\/comments?post=2961"}],"version-history":[{"count":0,"href":"https:\/\/wernerdeck.de\/blog\/wp-json\/wp\/v2\/posts\/2961\/revisions"}],"wp:featuredmedia":[{"embeddable":true,"href":"https:\/\/wernerdeck.de\/blog\/wp-json\/wp\/v2\/media\/2972"}],"wp:attachment":[{"href":"https:\/\/wernerdeck.de\/blog\/wp-json\/wp\/v2\/media?parent=2961"}],"wp:term":[{"taxonomy":"category","embeddable":true,"href":"https:\/\/wernerdeck.de\/blog\/wp-json\/wp\/v2\/categories?post=2961"},{"taxonomy":"post_tag","embeddable":true,"href":"https:\/\/wernerdeck.de\/blog\/wp-json\/wp\/v2\/tags?post=2961"}],"curies":[{"name":"wp","href":"https:\/\/api.w.org\/{rel}","templated":true}]}}