{"id":28086,"date":"2025-07-12T17:45:51","date_gmt":"2025-07-12T15:45:51","guid":{"rendered":"https:\/\/wernerdeck.de\/blog\/?p=28086"},"modified":"2025-07-17T07:02:14","modified_gmt":"2025-07-17T05:02:14","slug":"radtour-seenplatte-tag-3","status":"publish","type":"post","link":"https:\/\/wernerdeck.de\/blog\/2025\/07\/12\/radtour-seenplatte-tag-3\/","title":{"rendered":"Seenplatte Radtour Tag 3 \u2013 von Verchen bis Neubrandenburg"},"content":{"rendered":"<p>Seenplatte Radtour. Das war die gestrige zweite Etappe am Mittwoch, 25. Juni 2025: <a href=\"https:\/\/wernerdeck.de\/blog\/2025\/07\/09\/schloss-guestrow-mit-dem-rad-kultur-natur-und-geschichte\/\" target=\"_blank\" rel=\"noopener\">Schloss G\u00fcstrow mit dem Rad \u2013 Kultur, Natur und Geschichte<\/a><\/p>\n<hr>\n<h2><b>Seenplatte <\/b><b>Radtour am Donnerstag, 26. Juni 2025 <\/b><b>\u2013 Dritter Tag: Vom Blockbohlenhaus in Verchen nach Neubrandenburg (92 km)<\/b><\/h2>\n<p><span style=\"font-weight: 400;\">\ud83d\udc49 <\/span><b>Die Vorgeschichte zu dieser gesamten Radtour<\/b><span style=\"font-weight: 400;\">: <\/span><a href=\"https:\/\/wernerdeck.de\/blog\/2025\/06\/21\/mit-dem-neuen-fahrrad-seenplatte-tour\/\" target=\"_blank\" rel=\"noopener\"><span style=\"font-weight: 400;\">Mit dem neuen Fahrrad an die Mecklenburger Seenplatte.<\/span><\/a><\/p>\n<p><span style=\"font-weight: 400;\">Die Nacht im Gro\u00dfraumschlafzimmer \ud83d\ude09 unseres Blockbohlenhauses verlief ruhig und erholsam. Beim gestrigen Abendessen in der <\/span><b>Strandmuschel<\/b><span style=\"font-weight: 400;\"> erfuhren wir, dass es dort auch Fr\u00fchst\u00fcck gibt \u2013 ab 9 Uhr. Perfekt f\u00fcr uns!<\/span><\/p>\n<p>\n<div class=\"ngg-galleryoverview ngg-template-caption\" id=\"ngg-gallery-f7706c431935ecb9e0d6aca87b137ec9-28086\">\n\n\t\t\n\t<!-- Thumbnails -->\n\t\t\t\t\t\n\t<div id=\"ngg-image-13450\" class=\"ngg-gallery-thumbnail-box\" style=\"width:25%;\" >\n\t\t<div class=\"ngg-gallery-thumbnail\" >\n\t\t\t<a href=\"https:\/\/wernerdeck.de\/blog\/wp-content\/gallery\/verchen-morgens\/blockbohlenhaus-verchen-morgenstimmung-04.jpg\"\n\t\t\t\ttitle=\" \"\n\t\t\t\tclass=\"ngg-simplelightbox\" rel=\"f7706c431935ecb9e0d6aca87b137ec9\" data-image-id=\"13450\" data-src=\"https:\/\/wernerdeck.de\/blog\/wp-content\/gallery\/verchen-morgens\/blockbohlenhaus-verchen-morgenstimmung-04.jpg\" data-thumbnail=\"https:\/\/wernerdeck.de\/blog\/wp-content\/gallery\/verchen-morgens\/thumbs\/thumbs_blockbohlenhaus-verchen-morgenstimmung-04.jpg\" data-title=\"Fr\u00fcher Morgen in Verchen \u2013  wir packen unsere Siebensachen zusammen\" data-description=\" \" >\n\t\t\t\t\t\t\t\t<img title=\"Fr\u00fcher Morgen in Verchen \u2013  wir packen unsere Siebensachen zusammen\" alt=\"Fr\u00fcher Morgen in Verchen \u2013  wir packen unsere Siebensachen zusammen\" src=\"https:\/\/wernerdeck.de\/blog\/wp-content\/gallery\/verchen-morgens\/thumbs\/thumbs_blockbohlenhaus-verchen-morgenstimmung-04.jpg\" width='240' height='160' \/>\n\t\t\t\t\t\t\t<\/a>\n\t\t\t<span>\n\t\t\t \t\t\t<\/span>\n\t\t<\/div>\n\t<\/div>\n\t\t\t\t\t\t\t\t\n\t<div id=\"ngg-image-13451\" class=\"ngg-gallery-thumbnail-box\" style=\"width:25%;\" >\n\t\t<div class=\"ngg-gallery-thumbnail\" >\n\t\t\t<a href=\"https:\/\/wernerdeck.de\/blog\/wp-content\/gallery\/verchen-morgens\/blockbohlenhaus-verchen-morgenstimmung-05.jpg\"\n\t\t\t\ttitle=\" \"\n\t\t\t\tclass=\"ngg-simplelightbox\" rel=\"f7706c431935ecb9e0d6aca87b137ec9\" data-image-id=\"13451\" data-src=\"https:\/\/wernerdeck.de\/blog\/wp-content\/gallery\/verchen-morgens\/blockbohlenhaus-verchen-morgenstimmung-05.jpg\" data-thumbnail=\"https:\/\/wernerdeck.de\/blog\/wp-content\/gallery\/verchen-morgens\/thumbs\/thumbs_blockbohlenhaus-verchen-morgenstimmung-05.jpg\" data-title=\"Morgenstimmung am Blockbohlenhaus in Verchen mit Blick ins Gr\u00fcne\" data-description=\" \" >\n\t\t\t\t\t\t\t\t<img title=\"Morgenstimmung am Blockbohlenhaus in Verchen mit Blick ins Gr\u00fcne\" alt=\"Morgenstimmung am Blockbohlenhaus in Verchen mit Blick ins Gr\u00fcne\" src=\"https:\/\/wernerdeck.de\/blog\/wp-content\/gallery\/verchen-morgens\/thumbs\/thumbs_blockbohlenhaus-verchen-morgenstimmung-05.jpg\" width='240' height='160' \/>\n\t\t\t\t\t\t\t<\/a>\n\t\t\t<span>\n\t\t\t \t\t\t<\/span>\n\t\t<\/div>\n\t<\/div>\n\t\t\t\t\t\t\t\t\n\t<div id=\"ngg-image-13452\" class=\"ngg-gallery-thumbnail-box\" style=\"width:25%;\" >\n\t\t<div class=\"ngg-gallery-thumbnail\" >\n\t\t\t<a href=\"https:\/\/wernerdeck.de\/blog\/wp-content\/gallery\/verchen-morgens\/blockbohlenhaus-verchen-morgenstimmung-06.jpg\"\n\t\t\t\ttitle=\" \"\n\t\t\t\tclass=\"ngg-simplelightbox\" rel=\"f7706c431935ecb9e0d6aca87b137ec9\" data-image-id=\"13452\" data-src=\"https:\/\/wernerdeck.de\/blog\/wp-content\/gallery\/verchen-morgens\/blockbohlenhaus-verchen-morgenstimmung-06.jpg\" data-thumbnail=\"https:\/\/wernerdeck.de\/blog\/wp-content\/gallery\/verchen-morgens\/thumbs\/thumbs_blockbohlenhaus-verchen-morgenstimmung-06.jpg\" data-title=\"Auch Erich ist bereit zur Abfahrt vor dem Blockbohlenhaus in Verchen\" data-description=\" \" >\n\t\t\t\t\t\t\t\t<img title=\"Auch Erich ist bereit zur Abfahrt vor dem Blockbohlenhaus in Verchen\" alt=\"Auch Erich ist bereit zur Abfahrt vor dem Blockbohlenhaus in Verchen\" src=\"https:\/\/wernerdeck.de\/blog\/wp-content\/gallery\/verchen-morgens\/thumbs\/thumbs_blockbohlenhaus-verchen-morgenstimmung-06.jpg\" width='240' height='160' \/>\n\t\t\t\t\t\t\t<\/a>\n\t\t\t<span>\n\t\t\t \t\t\t<\/span>\n\t\t<\/div>\n\t<\/div>\n\t\t\t\t\t\t\t\t\n\t<div id=\"ngg-image-13449\" class=\"ngg-gallery-thumbnail-box\" style=\"width:25%;\" >\n\t\t<div class=\"ngg-gallery-thumbnail\" >\n\t\t\t<a href=\"https:\/\/wernerdeck.de\/blog\/wp-content\/gallery\/verchen-morgens\/blockbohlenhaus-verchen-morgenstimmung-08.jpg\"\n\t\t\t\ttitle=\" \"\n\t\t\t\tclass=\"ngg-simplelightbox\" rel=\"f7706c431935ecb9e0d6aca87b137ec9\" data-image-id=\"13449\" data-src=\"https:\/\/wernerdeck.de\/blog\/wp-content\/gallery\/verchen-morgens\/blockbohlenhaus-verchen-morgenstimmung-08.jpg\" data-thumbnail=\"https:\/\/wernerdeck.de\/blog\/wp-content\/gallery\/verchen-morgens\/thumbs\/thumbs_blockbohlenhaus-verchen-morgenstimmung-08.jpg\" data-title=\" Vor dem Blockbohlenhauses in Verchen Display und Routenplaner startklar gemacht,\" data-description=\" \" >\n\t\t\t\t\t\t\t\t<img title=\" Vor dem Blockbohlenhauses in Verchen Display und Routenplaner startklar gemacht,\" alt=\" Vor dem Blockbohlenhauses in Verchen Display und Routenplaner startklar gemacht,\" src=\"https:\/\/wernerdeck.de\/blog\/wp-content\/gallery\/verchen-morgens\/thumbs\/thumbs_blockbohlenhaus-verchen-morgenstimmung-08.jpg\" width='240' height='160' \/>\n\t\t\t\t\t\t\t<\/a>\n\t\t\t<span>\n\t\t\t \t\t\t<\/span>\n\t\t<\/div>\n\t<\/div>\n\t\t\t\t\t\t\t<br style=\"clear: both\" \/>\n\t\t\t\n\t<!-- Pagination -->\n\t\t<div class='ngg-clear'><\/div>\t\n<\/div>\n\n\t<span style=\"font-weight: 400;\">Also radelten wir bei strahlendem Sonnenschein die paar hundert Meter hin\u00fcber und genossen direkt am Ufer des <\/span><b>Kummerower Sees<\/b><span style=\"font-weight: 400;\"> ein herrliches Fr\u00fchst\u00fcck in der Morgensonne \u2013 mit Seeblick inklusive.<\/span><\/p>\n<p>\n<div class=\"ngg-galleryoverview ngg-template-caption\" id=\"ngg-gallery-8f3f1e8b484a0e435e8f227c4a1a4583-28086\">\n\n\t\t\n\t<!-- Thumbnails -->\n\t\t\t\t\t\n\t<div id=\"ngg-image-13456\" class=\"ngg-gallery-thumbnail-box\" style=\"width:20%;\" >\n\t\t<div class=\"ngg-gallery-thumbnail\" >\n\t\t\t<a href=\"https:\/\/wernerdeck.de\/blog\/wp-content\/gallery\/fruehstueck-strandmuschel\/fruehstueck-strandmuschel-kumerower-see-02.jpg\"\n\t\t\t\ttitle=\" \"\n\t\t\t\tclass=\"ngg-simplelightbox\" rel=\"8f3f1e8b484a0e435e8f227c4a1a4583\" data-image-id=\"13456\" data-src=\"https:\/\/wernerdeck.de\/blog\/wp-content\/gallery\/fruehstueck-strandmuschel\/fruehstueck-strandmuschel-kumerower-see-02.jpg\" data-thumbnail=\"https:\/\/wernerdeck.de\/blog\/wp-content\/gallery\/fruehstueck-strandmuschel\/thumbs\/thumbs_fruehstueck-strandmuschel-kumerower-see-02.jpg\" data-title=\"Fr\u00fchst\u00fcck an der Strandmuschel mit Blick auf den Kumerower See\" data-description=\" \" >\n\t\t\t\t\t\t\t\t<img title=\"Fr\u00fchst\u00fcck an der Strandmuschel mit Blick auf den Kumerower See\" alt=\"Fr\u00fchst\u00fcck an der Strandmuschel mit Blick auf den Kumerower See\" src=\"https:\/\/wernerdeck.de\/blog\/wp-content\/gallery\/fruehstueck-strandmuschel\/thumbs\/thumbs_fruehstueck-strandmuschel-kumerower-see-02.jpg\" width='240' height='160' \/>\n\t\t\t\t\t\t\t<\/a>\n\t\t\t<span>\n\t\t\t \t\t\t<\/span>\n\t\t<\/div>\n\t<\/div>\n\t\t\t\t\t\t\t\t\n\t<div id=\"ngg-image-13455\" class=\"ngg-gallery-thumbnail-box\" style=\"width:20%;\" >\n\t\t<div class=\"ngg-gallery-thumbnail\" >\n\t\t\t<a href=\"https:\/\/wernerdeck.de\/blog\/wp-content\/gallery\/fruehstueck-strandmuschel\/fruehstueck-strandmuschel-kumerower-see-04.jpg\"\n\t\t\t\ttitle=\" \"\n\t\t\t\tclass=\"ngg-simplelightbox\" rel=\"8f3f1e8b484a0e435e8f227c4a1a4583\" data-image-id=\"13455\" data-src=\"https:\/\/wernerdeck.de\/blog\/wp-content\/gallery\/fruehstueck-strandmuschel\/fruehstueck-strandmuschel-kumerower-see-04.jpg\" data-thumbnail=\"https:\/\/wernerdeck.de\/blog\/wp-content\/gallery\/fruehstueck-strandmuschel\/thumbs\/thumbs_fruehstueck-strandmuschel-kumerower-see-04.jpg\" data-title=\"Ruhiger Morgen beim Fr\u00fchst\u00fcck an der Strandmuschel am Seeufer\" data-description=\" \" >\n\t\t\t\t\t\t\t\t<img title=\"Ruhiger Morgen beim Fr\u00fchst\u00fcck an der Strandmuschel am Seeufer\" alt=\"Ruhiger Morgen beim Fr\u00fchst\u00fcck an der Strandmuschel am Seeufer\" src=\"https:\/\/wernerdeck.de\/blog\/wp-content\/gallery\/fruehstueck-strandmuschel\/thumbs\/thumbs_fruehstueck-strandmuschel-kumerower-see-04.jpg\" width='240' height='160' \/>\n\t\t\t\t\t\t\t<\/a>\n\t\t\t<span>\n\t\t\t \t\t\t<\/span>\n\t\t<\/div>\n\t<\/div>\n\t\t\t\t\t\t\t\t\n\t<div id=\"ngg-image-13472\" class=\"ngg-gallery-thumbnail-box\" style=\"width:20%;\" >\n\t\t<div class=\"ngg-gallery-thumbnail\" >\n\t\t\t<a href=\"https:\/\/wernerdeck.de\/blog\/wp-content\/gallery\/fruehstueck-strandmuschel\/Fruehstueck-Strandmuchel-am-Komerower-See-wird-von-Werner-fotografiert.jpg\"\n\t\t\t\ttitle=\" \"\n\t\t\t\tclass=\"ngg-simplelightbox\" rel=\"8f3f1e8b484a0e435e8f227c4a1a4583\" data-image-id=\"13472\" data-src=\"https:\/\/wernerdeck.de\/blog\/wp-content\/gallery\/fruehstueck-strandmuschel\/Fruehstueck-Strandmuchel-am-Komerower-See-wird-von-Werner-fotografiert.jpg\" data-thumbnail=\"https:\/\/wernerdeck.de\/blog\/wp-content\/gallery\/fruehstueck-strandmuschel\/thumbs\/thumbs_Fruehstueck-Strandmuchel-am-Komerower-See-wird-von-Werner-fotografiert.jpg\" data-title=\"Beim Fr\u00fchst\u00fcck an der Strandmuschel - Erich fotografiert, wie ich fotografiere  ;-)\" data-description=\" \" >\n\t\t\t\t\t\t\t\t<img title=\"Beim Fr\u00fchst\u00fcck an der Strandmuschel - Erich fotografiert, wie ich fotografiere  ;-)\" alt=\"Beim Fr\u00fchst\u00fcck an der Strandmuschel - Erich fotografiert, wie ich fotografiere  ;-)\" src=\"https:\/\/wernerdeck.de\/blog\/wp-content\/gallery\/fruehstueck-strandmuschel\/thumbs\/thumbs_Fruehstueck-Strandmuchel-am-Komerower-See-wird-von-Werner-fotografiert.jpg\" width='240' height='160' \/>\n\t\t\t\t\t\t\t<\/a>\n\t\t\t<span>\n\t\t\t \t\t\t<\/span>\n\t\t<\/div>\n\t<\/div>\n\t\t\t\t\t\t\t\t\n\t<div id=\"ngg-image-13454\" class=\"ngg-gallery-thumbnail-box\" style=\"width:20%;\" >\n\t\t<div class=\"ngg-gallery-thumbnail\" >\n\t\t\t<a href=\"https:\/\/wernerdeck.de\/blog\/wp-content\/gallery\/fruehstueck-strandmuschel\/fruehstueck-strandmuschel-kumerower-see-06.jpg\"\n\t\t\t\ttitle=\" \"\n\t\t\t\tclass=\"ngg-simplelightbox\" rel=\"8f3f1e8b484a0e435e8f227c4a1a4583\" data-image-id=\"13454\" data-src=\"https:\/\/wernerdeck.de\/blog\/wp-content\/gallery\/fruehstueck-strandmuschel\/fruehstueck-strandmuschel-kumerower-see-06.jpg\" data-thumbnail=\"https:\/\/wernerdeck.de\/blog\/wp-content\/gallery\/fruehstueck-strandmuschel\/thumbs\/thumbs_fruehstueck-strandmuschel-kumerower-see-06.jpg\" data-title=\"Tisch gedeckt zum Fr\u00fchst\u00fcck direkt am Wasser in Verchen\" data-description=\" \" >\n\t\t\t\t\t\t\t\t<img title=\"Tisch gedeckt zum Fr\u00fchst\u00fcck direkt am Wasser in Verchen\" alt=\"Tisch gedeckt zum Fr\u00fchst\u00fcck direkt am Wasser in Verchen\" src=\"https:\/\/wernerdeck.de\/blog\/wp-content\/gallery\/fruehstueck-strandmuschel\/thumbs\/thumbs_fruehstueck-strandmuschel-kumerower-see-06.jpg\" width='240' height='160' \/>\n\t\t\t\t\t\t\t<\/a>\n\t\t\t<span>\n\t\t\t \t\t\t<\/span>\n\t\t<\/div>\n\t<\/div>\n\t\t\t\t\t\t\t\t\n\t<div id=\"ngg-image-13453\" class=\"ngg-gallery-thumbnail-box\" style=\"width:20%;\" >\n\t\t<div class=\"ngg-gallery-thumbnail\" >\n\t\t\t<a href=\"https:\/\/wernerdeck.de\/blog\/wp-content\/gallery\/fruehstueck-strandmuschel\/fruehstueck-strandmuschel-kumerower-see-08.jpg\"\n\t\t\t\ttitle=\" \"\n\t\t\t\tclass=\"ngg-simplelightbox\" rel=\"8f3f1e8b484a0e435e8f227c4a1a4583\" data-image-id=\"13453\" data-src=\"https:\/\/wernerdeck.de\/blog\/wp-content\/gallery\/fruehstueck-strandmuschel\/fruehstueck-strandmuschel-kumerower-see-08.jpg\" data-thumbnail=\"https:\/\/wernerdeck.de\/blog\/wp-content\/gallery\/fruehstueck-strandmuschel\/thumbs\/thumbs_fruehstueck-strandmuschel-kumerower-see-08.jpg\" data-title=\"Start nach Neubrandenburg nach dem leckeren Fr\u00fchst\u00fcck in der Strandmuschel\" data-description=\" \" >\n\t\t\t\t\t\t\t\t<img title=\"Start nach Neubrandenburg nach dem leckeren Fr\u00fchst\u00fcck in der Strandmuschel\" alt=\"Start nach Neubrandenburg nach dem leckeren Fr\u00fchst\u00fcck in der Strandmuschel\" src=\"https:\/\/wernerdeck.de\/blog\/wp-content\/gallery\/fruehstueck-strandmuschel\/thumbs\/thumbs_fruehstueck-strandmuschel-kumerower-see-08.jpg\" width='240' height='160' \/>\n\t\t\t\t\t\t\t<\/a>\n\t\t\t<span>\n\t\t\t \t\t\t<\/span>\n\t\t<\/div>\n\t<\/div>\n\t\t\t\t\t\t\t<br style=\"clear: both\" \/>\n\t\t\t\n\t<!-- Pagination -->\n\t\t<div class='ngg-clear'><\/div>\t\n<\/div>\n\n\t<span style=\"font-weight: 400;\">Gegen 10:30 Uhr starteten wir in s\u00fcdlicher Richtung, unser Tagesziel: <\/span><b>Neubrandenburg<\/b><span style=\"font-weight: 400;\">. Wie an den Tagen zuvor begleitete uns die wundersch\u00f6ne Landschaft der <\/span><b>Mecklenburger Seenplatte<\/b><span style=\"font-weight: 400;\">. Bunte Blumenwiesen am Wegesrand sorgten f\u00fcr Farbtupfer. Nach rund 45 Minuten verschwand jedoch die Sonne, es wurde deutlich frischer \u2013 Jacken an!<\/span><\/p>\n<p>\n<div class=\"ngg-galleryoverview ngg-template-caption\" id=\"ngg-gallery-2e1884ae4f0302ebfb57eee6d8fe1b8c-28086\">\n\n\t\t\n\t<!-- Thumbnails -->\n\t\t\t\t\t\n\t<div id=\"ngg-image-13461\" class=\"ngg-gallery-thumbnail-box\" style=\"width:20%;\" >\n\t\t<div class=\"ngg-gallery-thumbnail\" >\n\t\t\t<a href=\"https:\/\/wernerdeck.de\/blog\/wp-content\/gallery\/jacken-an\/radtour-seenplatte-etappe3-naturmoment-01-blumenwiese.jpg\"\n\t\t\t\ttitle=\" \"\n\t\t\t\tclass=\"ngg-simplelightbox\" rel=\"2e1884ae4f0302ebfb57eee6d8fe1b8c\" data-image-id=\"13461\" data-src=\"https:\/\/wernerdeck.de\/blog\/wp-content\/gallery\/jacken-an\/radtour-seenplatte-etappe3-naturmoment-01-blumenwiese.jpg\" data-thumbnail=\"https:\/\/wernerdeck.de\/blog\/wp-content\/gallery\/jacken-an\/thumbs\/thumbs_radtour-seenplatte-etappe3-naturmoment-01-blumenwiese.jpg\" data-title=\"Bl\u00fchende Sommerwiese am Wegesrand der Seenplatten-Radtour\" data-description=\" \" >\n\t\t\t\t\t\t\t\t<img title=\"Bl\u00fchende Sommerwiese am Wegesrand der Seenplatten-Radtour\" alt=\"Bl\u00fchende Sommerwiese am Wegesrand der Seenplatten-Radtour\" src=\"https:\/\/wernerdeck.de\/blog\/wp-content\/gallery\/jacken-an\/thumbs\/thumbs_radtour-seenplatte-etappe3-naturmoment-01-blumenwiese.jpg\" width='240' height='160' \/>\n\t\t\t\t\t\t\t<\/a>\n\t\t\t<span>\n\t\t\t \t\t\t<\/span>\n\t\t<\/div>\n\t<\/div>\n\t\t\t\t\t\t\t\t\n\t<div id=\"ngg-image-13460\" class=\"ngg-gallery-thumbnail-box\" style=\"width:20%;\" >\n\t\t<div class=\"ngg-gallery-thumbnail\" >\n\t\t\t<a href=\"https:\/\/wernerdeck.de\/blog\/wp-content\/gallery\/jacken-an\/radtour-seenplatte-etappe3-naturmoment-02-radeln-sonne.jpg\"\n\t\t\t\ttitle=\" \"\n\t\t\t\tclass=\"ngg-simplelightbox\" rel=\"2e1884ae4f0302ebfb57eee6d8fe1b8c\" data-image-id=\"13460\" data-src=\"https:\/\/wernerdeck.de\/blog\/wp-content\/gallery\/jacken-an\/radtour-seenplatte-etappe3-naturmoment-02-radeln-sonne.jpg\" data-thumbnail=\"https:\/\/wernerdeck.de\/blog\/wp-content\/gallery\/jacken-an\/thumbs\/thumbs_radtour-seenplatte-etappe3-naturmoment-02-radeln-sonne.jpg\" data-title=\"Radeln bei Sonnenschein durch die weite Landschaft der Mecklenburgischen Seenplatte\" data-description=\" \" >\n\t\t\t\t\t\t\t\t<img title=\"Radeln bei Sonnenschein durch die weite Landschaft der Mecklenburgischen Seenplatte\" alt=\"Radeln bei Sonnenschein durch die weite Landschaft der Mecklenburgischen Seenplatte\" src=\"https:\/\/wernerdeck.de\/blog\/wp-content\/gallery\/jacken-an\/thumbs\/thumbs_radtour-seenplatte-etappe3-naturmoment-02-radeln-sonne.jpg\" width='240' height='160' \/>\n\t\t\t\t\t\t\t<\/a>\n\t\t\t<span>\n\t\t\t \t\t\t<\/span>\n\t\t<\/div>\n\t<\/div>\n\t\t\t\t\t\t\t\t\n\t<div id=\"ngg-image-13459\" class=\"ngg-gallery-thumbnail-box\" style=\"width:20%;\" >\n\t\t<div class=\"ngg-gallery-thumbnail\" >\n\t\t\t<a href=\"https:\/\/wernerdeck.de\/blog\/wp-content\/gallery\/jacken-an\/radtour-seenplatte-etappe3-naturmoment-03-landschaft.jpg\"\n\t\t\t\ttitle=\" \"\n\t\t\t\tclass=\"ngg-simplelightbox\" rel=\"2e1884ae4f0302ebfb57eee6d8fe1b8c\" data-image-id=\"13459\" data-src=\"https:\/\/wernerdeck.de\/blog\/wp-content\/gallery\/jacken-an\/radtour-seenplatte-etappe3-naturmoment-03-landschaft.jpg\" data-thumbnail=\"https:\/\/wernerdeck.de\/blog\/wp-content\/gallery\/jacken-an\/thumbs\/thumbs_radtour-seenplatte-etappe3-naturmoment-03-landschaft.jpg\" data-title=\"Weite Landschaft mit Feldern, Wald und Seen auf der Radtour zwischen Verchen und Neubrandenburg\" data-description=\" \" >\n\t\t\t\t\t\t\t\t<img title=\"Weite Landschaft mit Feldern, Wald und Seen auf der Radtour zwischen Verchen und Neubrandenburg\" alt=\"Weite Landschaft mit Feldern, Wald und Seen auf der Radtour zwischen Verchen und Neubrandenburg\" src=\"https:\/\/wernerdeck.de\/blog\/wp-content\/gallery\/jacken-an\/thumbs\/thumbs_radtour-seenplatte-etappe3-naturmoment-03-landschaft.jpg\" width='240' height='160' \/>\n\t\t\t\t\t\t\t<\/a>\n\t\t\t<span>\n\t\t\t \t\t\t<\/span>\n\t\t<\/div>\n\t<\/div>\n\t\t\t\t\t\t\t\t\n\t<div id=\"ngg-image-13458\" class=\"ngg-gallery-thumbnail-box\" style=\"width:20%;\" >\n\t\t<div class=\"ngg-gallery-thumbnail\" >\n\t\t\t<a href=\"https:\/\/wernerdeck.de\/blog\/wp-content\/gallery\/jacken-an\/radtour-seenplatte-etappe3-naturmoment-04-jacke.jpg\"\n\t\t\t\ttitle=\" \"\n\t\t\t\tclass=\"ngg-simplelightbox\" rel=\"2e1884ae4f0302ebfb57eee6d8fe1b8c\" data-image-id=\"13458\" data-src=\"https:\/\/wernerdeck.de\/blog\/wp-content\/gallery\/jacken-an\/radtour-seenplatte-etappe3-naturmoment-04-jacke.jpg\" data-thumbnail=\"https:\/\/wernerdeck.de\/blog\/wp-content\/gallery\/jacken-an\/thumbs\/thumbs_radtour-seenplatte-etappe3-naturmoment-04-jacke.jpg\" data-title=\"Sonne weg und es wird k\u00fchler \u2013 Jacke \u00fcbergezogen beim Radeln\" data-description=\" \" >\n\t\t\t\t\t\t\t\t<img title=\"Sonne weg und es wird k\u00fchler \u2013 Jacke \u00fcbergezogen beim Radeln\" alt=\"Sonne weg und es wird k\u00fchler \u2013 Jacke \u00fcbergezogen beim Radeln\" src=\"https:\/\/wernerdeck.de\/blog\/wp-content\/gallery\/jacken-an\/thumbs\/thumbs_radtour-seenplatte-etappe3-naturmoment-04-jacke.jpg\" width='240' height='160' \/>\n\t\t\t\t\t\t\t<\/a>\n\t\t\t<span>\n\t\t\t \t\t\t<\/span>\n\t\t<\/div>\n\t<\/div>\n\t\t\t\t\t\t\t\t\n\t<div id=\"ngg-image-13457\" class=\"ngg-gallery-thumbnail-box\" style=\"width:20%;\" >\n\t\t<div class=\"ngg-gallery-thumbnail\" >\n\t\t\t<a href=\"https:\/\/wernerdeck.de\/blog\/wp-content\/gallery\/jacken-an\/radtour-seenplatte-etappe3-naturmoment-05-jacke.jpg\"\n\t\t\t\ttitle=\" \"\n\t\t\t\tclass=\"ngg-simplelightbox\" rel=\"2e1884ae4f0302ebfb57eee6d8fe1b8c\" data-image-id=\"13457\" data-src=\"https:\/\/wernerdeck.de\/blog\/wp-content\/gallery\/jacken-an\/radtour-seenplatte-etappe3-naturmoment-05-jacke.jpg\" data-thumbnail=\"https:\/\/wernerdeck.de\/blog\/wp-content\/gallery\/jacken-an\/thumbs\/thumbs_radtour-seenplatte-etappe3-naturmoment-05-jacke.jpg\" data-title=\"Wetterumschwung bei unserer Radtour - also Jacken wieder anziehen\" data-description=\" \" >\n\t\t\t\t\t\t\t\t<img title=\"Wetterumschwung bei unserer Radtour - also Jacken wieder anziehen\" alt=\"Wetterumschwung bei unserer Radtour - also Jacken wieder anziehen\" src=\"https:\/\/wernerdeck.de\/blog\/wp-content\/gallery\/jacken-an\/thumbs\/thumbs_radtour-seenplatte-etappe3-naturmoment-05-jacke.jpg\" width='240' height='160' \/>\n\t\t\t\t\t\t\t<\/a>\n\t\t\t<span>\n\t\t\t \t\t\t<\/span>\n\t\t<\/div>\n\t<\/div>\n\t\t\t\t\t\t\t<br style=\"clear: both\" \/>\n\t\t\t\n\t<!-- Pagination -->\n\t\t<div class='ngg-clear'><\/div>\t\n<\/div>\n\n\t<span style=\"font-weight: 400;\">Unser erstes Etappenziel war <\/span><b>Malchin<\/b><span style=\"font-weight: 400;\">, genauer gesagt das <\/span><a href=\"https:\/\/www.mecklenburgische-seenplatte.de\/reiseziele\/kalensches-tor-malchin\" target=\"_blank\" rel=\"noopener\"><b>Kalensche Tor<\/b><\/a><span style=\"font-weight: 400;\">, das wir nach ca. 22 km um 11:35 Uhr erreichten. Weiter ging\u2019s, vorbei am markanten Wasserturm, durch flaches Land zum <\/span>Schloss Basedow.<\/p>\n<h3 data-start=\"226\" data-end=\"301\">\ud83c\udff0 <strong data-start=\"233\" data-end=\"301\">Das Kalensche Tor in Malchin \u2013 ein mittelalterliches Wahrzeichen<\/strong><\/h3>\n<p data-start=\"303\" data-end=\"631\">Das <strong data-start=\"307\" data-end=\"324\">Kalensche Tor<\/strong> ist das bedeutendste erhaltene Stadttor von <strong data-start=\"369\" data-end=\"380\">Malchin<\/strong> in Mecklenburg-Vorpommern. Es stammt aus dem <strong data-start=\"426\" data-end=\"445\">14. Jahrhundert<\/strong> und war einst Teil der mittelalterlichen Stadtbefestigung, die Malchin vollst\u00e4ndig umschloss. Seinen Namen verdankt es dem nahegelegenen Ort <strong data-start=\"587\" data-end=\"596\">Kalen<\/strong>, in dessen Richtung das Tor zeigt.<\/p>\n<p data-start=\"633\" data-end=\"882\">Der wuchtige Backsteinbau ist ein typisches Beispiel f\u00fcr die <strong data-start=\"694\" data-end=\"725\">norddeutsche Backsteingotik<\/strong>. Besonders auff\u00e4llig ist das sp\u00e4tgotische Ziergiebelwerk mit spitzbogigen Blendnischen und kleinen T\u00fcrmchen, das dem Tor seine markante Silhouette verleiht.<\/p>\n<p data-start=\"884\" data-end=\"1154\">Im Mittelalter diente das Tor nicht nur zur Kontrolle von Ein- und Auslass, sondern auch als Verteidigungsanlage. Sp\u00e4ter wurde es u.a. als Gef\u00e4ngnis und Wachhaus genutzt.<\/p>\n<p>\n<div class=\"ngg-galleryoverview ngg-template-caption\" id=\"ngg-gallery-5d7119a00a5eca6458db8a71ca973580-28086\">\n\n\t\t\n\t<!-- Thumbnails -->\n\t\t\t\t\t\n\t<div id=\"ngg-image-13463\" class=\"ngg-gallery-thumbnail-box\" style=\"width:33%;\" >\n\t\t<div class=\"ngg-gallery-thumbnail\" >\n\t\t\t<a href=\"https:\/\/wernerdeck.de\/blog\/wp-content\/gallery\/kalensche-tor\/malchin-kalensches-tor-02.jpg\"\n\t\t\t\ttitle=\" \"\n\t\t\t\tclass=\"ngg-simplelightbox\" rel=\"5d7119a00a5eca6458db8a71ca973580\" data-image-id=\"13463\" data-src=\"https:\/\/wernerdeck.de\/blog\/wp-content\/gallery\/kalensche-tor\/malchin-kalensches-tor-02.jpg\" data-thumbnail=\"https:\/\/wernerdeck.de\/blog\/wp-content\/gallery\/kalensche-tor\/thumbs\/thumbs_malchin-kalensches-tor-02.jpg\" data-title=\"Kalensches Tor Malchin \u2013 sp\u00e4tgotisches Stadttor aus dem 14. Jahrhundert\" data-description=\" \" >\n\t\t\t\t\t\t\t\t<img title=\"Kalensches Tor Malchin \u2013 sp\u00e4tgotisches Stadttor aus dem 14. Jahrhundert\" alt=\"Kalensches Tor Malchin \u2013 sp\u00e4tgotisches Stadttor aus dem 14. Jahrhundert\" src=\"https:\/\/wernerdeck.de\/blog\/wp-content\/gallery\/kalensche-tor\/thumbs\/thumbs_malchin-kalensches-tor-02.jpg\" width='240' height='160' \/>\n\t\t\t\t\t\t\t<\/a>\n\t\t\t<span>\n\t\t\t \t\t\t<\/span>\n\t\t<\/div>\n\t<\/div>\n\t\t\t\t\t\t\t\t\n\t<div id=\"ngg-image-13464\" class=\"ngg-gallery-thumbnail-box\" style=\"width:33%;\" >\n\t\t<div class=\"ngg-gallery-thumbnail\" >\n\t\t\t<a href=\"https:\/\/wernerdeck.de\/blog\/wp-content\/gallery\/kalensche-tor\/malchin-kalensches-tor-06.jpg\"\n\t\t\t\ttitle=\" \"\n\t\t\t\tclass=\"ngg-simplelightbox\" rel=\"5d7119a00a5eca6458db8a71ca973580\" data-image-id=\"13464\" data-src=\"https:\/\/wernerdeck.de\/blog\/wp-content\/gallery\/kalensche-tor\/malchin-kalensches-tor-06.jpg\" data-thumbnail=\"https:\/\/wernerdeck.de\/blog\/wp-content\/gallery\/kalensche-tor\/thumbs\/thumbs_malchin-kalensches-tor-06.jpg\" data-title=\"Norddeutsche Backsteingotik am Kalenschen Tor in Malchin\" data-description=\" \" >\n\t\t\t\t\t\t\t\t<img title=\"Norddeutsche Backsteingotik am Kalenschen Tor in Malchin\" alt=\"Norddeutsche Backsteingotik am Kalenschen Tor in Malchin\" src=\"https:\/\/wernerdeck.de\/blog\/wp-content\/gallery\/kalensche-tor\/thumbs\/thumbs_malchin-kalensches-tor-06.jpg\" width='240' height='160' \/>\n\t\t\t\t\t\t\t<\/a>\n\t\t\t<span>\n\t\t\t \t\t\t<\/span>\n\t\t<\/div>\n\t<\/div>\n\t\t\t\t\t\t\t\t\n\t<div id=\"ngg-image-13466\" class=\"ngg-gallery-thumbnail-box\" style=\"width:33%;\" >\n\t\t<div class=\"ngg-gallery-thumbnail\" >\n\t\t\t<a href=\"https:\/\/wernerdeck.de\/blog\/wp-content\/gallery\/kalensche-tor\/malchin-kalensches-tor-08.jpg\"\n\t\t\t\ttitle=\" \"\n\t\t\t\tclass=\"ngg-simplelightbox\" rel=\"5d7119a00a5eca6458db8a71ca973580\" data-image-id=\"13466\" data-src=\"https:\/\/wernerdeck.de\/blog\/wp-content\/gallery\/kalensche-tor\/malchin-kalensches-tor-08.jpg\" data-thumbnail=\"https:\/\/wernerdeck.de\/blog\/wp-content\/gallery\/kalensche-tor\/thumbs\/thumbs_malchin-kalensches-tor-08.jpg\" data-title=\"Ansicht Vorderseite des Kalenschen Tors mit Ziergiebel und Spitzbogen-Elementen\" data-description=\" \" >\n\t\t\t\t\t\t\t\t<img title=\"Ansicht Vorderseite des Kalenschen Tors mit Ziergiebel und Spitzbogen-Elementen\" alt=\"Ansicht Vorderseite des Kalenschen Tors mit Ziergiebel und Spitzbogen-Elementen\" src=\"https:\/\/wernerdeck.de\/blog\/wp-content\/gallery\/kalensche-tor\/thumbs\/thumbs_malchin-kalensches-tor-08.jpg\" width='240' height='160' \/>\n\t\t\t\t\t\t\t<\/a>\n\t\t\t<span>\n\t\t\t \t\t\t<\/span>\n\t\t<\/div>\n\t<\/div>\n\t\t\t\t\t\t\t<br style=\"clear: both\" \/>\n\t\t\t\n\t<div id=\"ngg-image-13467\" class=\"ngg-gallery-thumbnail-box\" style=\"width:33%;\" >\n\t\t<div class=\"ngg-gallery-thumbnail\" >\n\t\t\t<a href=\"https:\/\/wernerdeck.de\/blog\/wp-content\/gallery\/kalensche-tor\/malchin-kalensches-tor-04.jpg\"\n\t\t\t\ttitle=\" \"\n\t\t\t\tclass=\"ngg-simplelightbox\" rel=\"5d7119a00a5eca6458db8a71ca973580\" data-image-id=\"13467\" data-src=\"https:\/\/wernerdeck.de\/blog\/wp-content\/gallery\/kalensche-tor\/malchin-kalensches-tor-04.jpg\" data-thumbnail=\"https:\/\/wernerdeck.de\/blog\/wp-content\/gallery\/kalensche-tor\/thumbs\/thumbs_malchin-kalensches-tor-04.jpg\" data-title=\"R\u00fcckseite des Kalenschen Tors in Malchin bei grauem Himmel\" data-description=\" \" >\n\t\t\t\t\t\t\t\t<img title=\"R\u00fcckseite des Kalenschen Tors in Malchin bei grauem Himmel\" alt=\"R\u00fcckseite des Kalenschen Tors in Malchin bei grauem Himmel\" src=\"https:\/\/wernerdeck.de\/blog\/wp-content\/gallery\/kalensche-tor\/thumbs\/thumbs_malchin-kalensches-tor-04.jpg\" width='240' height='160' \/>\n\t\t\t\t\t\t\t<\/a>\n\t\t\t<span>\n\t\t\t \t\t\t<\/span>\n\t\t<\/div>\n\t<\/div>\n\t\t\t\t\t\t\t\t\n\t<div id=\"ngg-image-13462\" class=\"ngg-gallery-thumbnail-box\" style=\"width:33%;\" >\n\t\t<div class=\"ngg-gallery-thumbnail\" >\n\t\t\t<a href=\"https:\/\/wernerdeck.de\/blog\/wp-content\/gallery\/kalensche-tor\/malchin-wasserturm.jpg\"\n\t\t\t\ttitle=\" \"\n\t\t\t\tclass=\"ngg-simplelightbox\" rel=\"5d7119a00a5eca6458db8a71ca973580\" data-image-id=\"13462\" data-src=\"https:\/\/wernerdeck.de\/blog\/wp-content\/gallery\/kalensche-tor\/malchin-wasserturm.jpg\" data-thumbnail=\"https:\/\/wernerdeck.de\/blog\/wp-content\/gallery\/kalensche-tor\/thumbs\/thumbs_malchin-wasserturm.jpg\" data-title=\"Historischer Wasserturm Malchin mit rotem Backsteinbau\" data-description=\" \" >\n\t\t\t\t\t\t\t\t<img title=\"Historischer Wasserturm Malchin mit rotem Backsteinbau\" alt=\"Historischer Wasserturm Malchin mit rotem Backsteinbau\" src=\"https:\/\/wernerdeck.de\/blog\/wp-content\/gallery\/kalensche-tor\/thumbs\/thumbs_malchin-wasserturm.jpg\" width='240' height='160' \/>\n\t\t\t\t\t\t\t<\/a>\n\t\t\t<span>\n\t\t\t \t\t\t<\/span>\n\t\t<\/div>\n\t<\/div>\n\t\t\t\t\t\t\t\t\n\t<div id=\"ngg-image-13465\" class=\"ngg-gallery-thumbnail-box\" style=\"width:33%;\" >\n\t\t<div class=\"ngg-gallery-thumbnail\" >\n\t\t\t<a href=\"https:\/\/wernerdeck.de\/blog\/wp-content\/gallery\/kalensche-tor\/malchin-weiterfahrt-landschaft.jpg\"\n\t\t\t\ttitle=\" \"\n\t\t\t\tclass=\"ngg-simplelightbox\" rel=\"5d7119a00a5eca6458db8a71ca973580\" data-image-id=\"13465\" data-src=\"https:\/\/wernerdeck.de\/blog\/wp-content\/gallery\/kalensche-tor\/malchin-weiterfahrt-landschaft.jpg\" data-thumbnail=\"https:\/\/wernerdeck.de\/blog\/wp-content\/gallery\/kalensche-tor\/thumbs\/thumbs_malchin-weiterfahrt-landschaft.jpg\" data-title=\"Wir bei der Weiterfahrt durch die offene Landschaft s\u00fcdlich von Malchin\" data-description=\" \" >\n\t\t\t\t\t\t\t\t<img title=\"Wir bei der Weiterfahrt durch die offene Landschaft s\u00fcdlich von Malchin\" alt=\"Wir bei der Weiterfahrt durch die offene Landschaft s\u00fcdlich von Malchin\" src=\"https:\/\/wernerdeck.de\/blog\/wp-content\/gallery\/kalensche-tor\/thumbs\/thumbs_malchin-weiterfahrt-landschaft.jpg\" width='240' height='160' \/>\n\t\t\t\t\t\t\t<\/a>\n\t\t\t<span>\n\t\t\t \t\t\t<\/span>\n\t\t<\/div>\n\t<\/div>\n\t\t\t\t\t\t\t<br style=\"clear: both\" \/>\n\t\t\t\n\t<!-- Pagination -->\n\t\t<div class='ngg-clear'><\/div>\t\n<\/div>\n\n\t<span style=\"font-weight: 400;\"><a href=\"https:\/\/www.mecklenburgische-seenplatte.de\/reiseziele\/schloss-basedow\" target=\"_blank\" rel=\"noopener\"><strong>Schloss Basedow<\/strong><\/a> erreichten wir gegen 12:10 Uhr. Eine beeindruckende Anlage mit liebevoll gepflegtem Schlosspark \u2013 wir verweilten dort einen Moment.&nbsp;<\/span><\/p>\n<h3 data-start=\"232\" data-end=\"305\">\ud83c\udff0 <strong data-start=\"239\" data-end=\"305\">Schloss Basedow \u2013 Adlige Residenz mit Parkkunst und Geschichte<\/strong><\/h3>\n<p data-start=\"307\" data-end=\"774\"><strong data-start=\"307\" data-end=\"326\">Schloss Basedow<\/strong> z\u00e4hlt zu den bedeutendsten Schlossanlagen Mecklenburgs. Es liegt idyllisch zwischen Seen und sanften H\u00fcgeln und war seit dem 16. Jahrhundert Stammsitz der <strong data-start=\"482\" data-end=\"507\">Adelsfamilie von Hahn<\/strong>, die dort \u00fcber Jahrhunderte herrschte. Die heutige Schlossanlage entstand in mehreren Bauphasen, wobei der pr\u00e4gende Umbau im <strong data-start=\"633\" data-end=\"652\">19. Jahrhundert<\/strong> im Stil der <strong data-start=\"665\" data-end=\"679\">Tudorgotik<\/strong> erfolgte \u2013 nach Pl\u00e4nen des Berliner Architekten <strong data-start=\"728\" data-end=\"748\">Friedrich Hitzig<\/strong>, einem Sch\u00fcler Schinkels.<\/p>\n<p data-start=\"776\" data-end=\"1071\">Besonders beeindruckend ist der umliegende <strong data-start=\"819\" data-end=\"838\">Landschaftspark<\/strong>, der vom ber\u00fchmten Gartenk\u00fcnstler <strong data-start=\"873\" data-end=\"895\">Peter Joseph Lenn\u00e9<\/strong> gestaltet wurde. Mit seinen Sichtachsen, geschwungenen Wegen und dem harmonischen \u00dcbergang zur Umgebung gilt er als Musterbeispiel f\u00fcr die Landschaftsarchitektur der Romantik. Nach Enteignung und jahrzehntelanger Vernachl\u00e4ssigung zu DDR-Zeiten befindet sich das Schloss heute in Privatbesitz und wird schrittweise restauriert.<\/p>\n<p>\n<div class=\"ngg-galleryoverview ngg-template-caption\" id=\"ngg-gallery-53f7654a0887b395600be5dc6f1a18c8-28086\">\n\n\t\t\n\t<!-- Thumbnails -->\n\t\t\t\t\t\n\t<div id=\"ngg-image-13471\" class=\"ngg-gallery-thumbnail-box\" style=\"width:25%;\" >\n\t\t<div class=\"ngg-gallery-thumbnail\" >\n\t\t\t<a href=\"https:\/\/wernerdeck.de\/blog\/wp-content\/gallery\/basedow\/schloss-basedow-mecklenburg-02.jpg\"\n\t\t\t\ttitle=\" \"\n\t\t\t\tclass=\"ngg-simplelightbox\" rel=\"53f7654a0887b395600be5dc6f1a18c8\" data-image-id=\"13471\" data-src=\"https:\/\/wernerdeck.de\/blog\/wp-content\/gallery\/basedow\/schloss-basedow-mecklenburg-02.jpg\" data-thumbnail=\"https:\/\/wernerdeck.de\/blog\/wp-content\/gallery\/basedow\/thumbs\/thumbs_schloss-basedow-mecklenburg-02.jpg\" data-title=\"Weill\u00e4ufige Gartenarchitektur Schloss Basedow\" data-description=\" \" >\n\t\t\t\t\t\t\t\t<img title=\"Weill\u00e4ufige Gartenarchitektur Schloss Basedow\" alt=\"Weill\u00e4ufige Gartenarchitektur Schloss Basedow\" src=\"https:\/\/wernerdeck.de\/blog\/wp-content\/gallery\/basedow\/thumbs\/thumbs_schloss-basedow-mecklenburg-02.jpg\" width='240' height='160' \/>\n\t\t\t\t\t\t\t<\/a>\n\t\t\t<span>\n\t\t\t \t\t\t<\/span>\n\t\t<\/div>\n\t<\/div>\n\t\t\t\t\t\t\t\t\n\t<div id=\"ngg-image-13470\" class=\"ngg-gallery-thumbnail-box\" style=\"width:25%;\" >\n\t\t<div class=\"ngg-gallery-thumbnail\" >\n\t\t\t<a href=\"https:\/\/wernerdeck.de\/blog\/wp-content\/gallery\/basedow\/schloss-basedow-mecklenburg-04.jpg\"\n\t\t\t\ttitle=\" \"\n\t\t\t\tclass=\"ngg-simplelightbox\" rel=\"53f7654a0887b395600be5dc6f1a18c8\" data-image-id=\"13470\" data-src=\"https:\/\/wernerdeck.de\/blog\/wp-content\/gallery\/basedow\/schloss-basedow-mecklenburg-04.jpg\" data-thumbnail=\"https:\/\/wernerdeck.de\/blog\/wp-content\/gallery\/basedow\/thumbs\/thumbs_schloss-basedow-mecklenburg-04.jpg\" data-title=\"Blick auf Schloss Basedow mit Parkanlage in Mecklenburg-Vorpommern\" data-description=\" \" >\n\t\t\t\t\t\t\t\t<img title=\"Blick auf Schloss Basedow mit Parkanlage in Mecklenburg-Vorpommern\" alt=\"Blick auf Schloss Basedow mit Parkanlage in Mecklenburg-Vorpommern\" src=\"https:\/\/wernerdeck.de\/blog\/wp-content\/gallery\/basedow\/thumbs\/thumbs_schloss-basedow-mecklenburg-04.jpg\" width='240' height='160' \/>\n\t\t\t\t\t\t\t<\/a>\n\t\t\t<span>\n\t\t\t \t\t\t<\/span>\n\t\t<\/div>\n\t<\/div>\n\t\t\t\t\t\t\t\t\n\t<div id=\"ngg-image-13469\" class=\"ngg-gallery-thumbnail-box\" style=\"width:25%;\" >\n\t\t<div class=\"ngg-gallery-thumbnail\" >\n\t\t\t<a href=\"https:\/\/wernerdeck.de\/blog\/wp-content\/gallery\/basedow\/schloss-basedow-mecklenburg-06.jpg\"\n\t\t\t\ttitle=\" \"\n\t\t\t\tclass=\"ngg-simplelightbox\" rel=\"53f7654a0887b395600be5dc6f1a18c8\" data-image-id=\"13469\" data-src=\"https:\/\/wernerdeck.de\/blog\/wp-content\/gallery\/basedow\/schloss-basedow-mecklenburg-06.jpg\" data-thumbnail=\"https:\/\/wernerdeck.de\/blog\/wp-content\/gallery\/basedow\/thumbs\/thumbs_schloss-basedow-mecklenburg-06.jpg\" data-title=\"Schloss Basedow mit neugotischer Fassade und Landschaftspark\" data-description=\" \" >\n\t\t\t\t\t\t\t\t<img title=\"Schloss Basedow mit neugotischer Fassade und Landschaftspark\" alt=\"Schloss Basedow mit neugotischer Fassade und Landschaftspark\" src=\"https:\/\/wernerdeck.de\/blog\/wp-content\/gallery\/basedow\/thumbs\/thumbs_schloss-basedow-mecklenburg-06.jpg\" width='240' height='160' \/>\n\t\t\t\t\t\t\t<\/a>\n\t\t\t<span>\n\t\t\t \t\t\t<\/span>\n\t\t<\/div>\n\t<\/div>\n\t\t\t\t\t\t\t\t\n\t<div id=\"ngg-image-13468\" class=\"ngg-gallery-thumbnail-box\" style=\"width:25%;\" >\n\t\t<div class=\"ngg-gallery-thumbnail\" >\n\t\t\t<a href=\"https:\/\/wernerdeck.de\/blog\/wp-content\/gallery\/basedow\/schloss-basedow-mecklenburg-08.jpg\"\n\t\t\t\ttitle=\" \"\n\t\t\t\tclass=\"ngg-simplelightbox\" rel=\"53f7654a0887b395600be5dc6f1a18c8\" data-image-id=\"13468\" data-src=\"https:\/\/wernerdeck.de\/blog\/wp-content\/gallery\/basedow\/schloss-basedow-mecklenburg-08.jpg\" data-thumbnail=\"https:\/\/wernerdeck.de\/blog\/wp-content\/gallery\/basedow\/thumbs\/thumbs_schloss-basedow-mecklenburg-08.jpg\" data-title=\"Landschaftspark Schloss Basedow \u2013 Residenz der Familie von Hahn\" data-description=\" \" >\n\t\t\t\t\t\t\t\t<img title=\"Landschaftspark Schloss Basedow \u2013 Residenz der Familie von Hahn\" alt=\"Landschaftspark Schloss Basedow \u2013 Residenz der Familie von Hahn\" src=\"https:\/\/wernerdeck.de\/blog\/wp-content\/gallery\/basedow\/thumbs\/thumbs_schloss-basedow-mecklenburg-08.jpg\" width='240' height='160' \/>\n\t\t\t\t\t\t\t<\/a>\n\t\t\t<span>\n\t\t\t \t\t\t<\/span>\n\t\t<\/div>\n\t<\/div>\n\t\t\t\t\t\t\t<br style=\"clear: both\" \/>\n\t\t\t\n\t<!-- Pagination -->\n\t\t<div class='ngg-clear'><\/div>\t\n<\/div>\n\n\t<span style=\"font-weight: 400;\">Gegen 13:30 Uhr trafen wir in <\/span><b>Stavenhagen<\/b><span style=\"font-weight: 400;\"> ein \u2013 50 km lagen bereits hinter uns. Bevor wir das Schloss besichtigten, g\u00f6nnte uns Erich auf dem Marktplatz eine k\u00f6stliche Schale frischer Erdbeeren. Direkt daneben: das <\/span><a href=\"https:\/\/frlm-mv.de\/\" target=\"_blank\" rel=\"noopener\"><b>Fritz-Reuter-Literaturmuseum<\/b><\/a><span style=\"font-weight: 400;\">.<\/span><\/p>\n<p>\n<div class=\"ngg-galleryoverview ngg-template-caption\" id=\"ngg-gallery-99a11b9ebc06015b9157c969b0021e8b-28086\">\n\n\t\t\n\t<!-- Thumbnails -->\n\t\t\t\t\t\n\t<div id=\"ngg-image-13480\" class=\"ngg-gallery-thumbnail-box\" style=\"width:25%;\" >\n\t\t<div class=\"ngg-gallery-thumbnail\" >\n\t\t\t<a href=\"https:\/\/wernerdeck.de\/blog\/wp-content\/gallery\/stavenhagen1\/radtour-seenplatte-etappe3-stavenhagen-02.jpg\"\n\t\t\t\ttitle=\" \"\n\t\t\t\tclass=\"ngg-simplelightbox\" rel=\"99a11b9ebc06015b9157c969b0021e8b\" data-image-id=\"13480\" data-src=\"https:\/\/wernerdeck.de\/blog\/wp-content\/gallery\/stavenhagen1\/radtour-seenplatte-etappe3-stavenhagen-02.jpg\" data-thumbnail=\"https:\/\/wernerdeck.de\/blog\/wp-content\/gallery\/stavenhagen1\/thumbs\/thumbs_radtour-seenplatte-etappe3-stavenhagen-02.jpg\" data-title=\"Radfahrer unterwegs durch die Weite der Mecklenburgischen Seenplatte\" data-description=\" \" >\n\t\t\t\t\t\t\t\t<img title=\"Radfahrer unterwegs durch die Weite der Mecklenburgischen Seenplatte\" alt=\"Radfahrer unterwegs durch die Weite der Mecklenburgischen Seenplatte\" src=\"https:\/\/wernerdeck.de\/blog\/wp-content\/gallery\/stavenhagen1\/thumbs\/thumbs_radtour-seenplatte-etappe3-stavenhagen-02.jpg\" width='240' height='160' \/>\n\t\t\t\t\t\t\t<\/a>\n\t\t\t<span>\n\t\t\t \t\t\t<\/span>\n\t\t<\/div>\n\t<\/div>\n\t\t\t\t\t\t\t\t\n\t<div id=\"ngg-image-13479\" class=\"ngg-gallery-thumbnail-box\" style=\"width:25%;\" >\n\t\t<div class=\"ngg-gallery-thumbnail\" >\n\t\t\t<a href=\"https:\/\/wernerdeck.de\/blog\/wp-content\/gallery\/stavenhagen1\/radtour-seenplatte-etappe3-stavenhagen-04.jpg\"\n\t\t\t\ttitle=\" \"\n\t\t\t\tclass=\"ngg-simplelightbox\" rel=\"99a11b9ebc06015b9157c969b0021e8b\" data-image-id=\"13479\" data-src=\"https:\/\/wernerdeck.de\/blog\/wp-content\/gallery\/stavenhagen1\/radtour-seenplatte-etappe3-stavenhagen-04.jpg\" data-thumbnail=\"https:\/\/wernerdeck.de\/blog\/wp-content\/gallery\/stavenhagen1\/thumbs\/thumbs_radtour-seenplatte-etappe3-stavenhagen-04.jpg\" data-title=\"Entspanntes Radeln durch die Natur, noch 5 km bis nach Stavenhagen\" data-description=\" \" >\n\t\t\t\t\t\t\t\t<img title=\"Entspanntes Radeln durch die Natur, noch 5 km bis nach Stavenhagen\" alt=\"Entspanntes Radeln durch die Natur, noch 5 km bis nach Stavenhagen\" src=\"https:\/\/wernerdeck.de\/blog\/wp-content\/gallery\/stavenhagen1\/thumbs\/thumbs_radtour-seenplatte-etappe3-stavenhagen-04.jpg\" width='240' height='160' \/>\n\t\t\t\t\t\t\t<\/a>\n\t\t\t<span>\n\t\t\t \t\t\t<\/span>\n\t\t<\/div>\n\t<\/div>\n\t\t\t\t\t\t\t\t\n\t<div id=\"ngg-image-13476\" class=\"ngg-gallery-thumbnail-box\" style=\"width:25%;\" >\n\t\t<div class=\"ngg-gallery-thumbnail\" >\n\t\t\t<a href=\"https:\/\/wernerdeck.de\/blog\/wp-content\/gallery\/stavenhagen1\/radtour-seenplatte-etappe3-stavenhagen-06.jpg\"\n\t\t\t\ttitle=\" \"\n\t\t\t\tclass=\"ngg-simplelightbox\" rel=\"99a11b9ebc06015b9157c969b0021e8b\" data-image-id=\"13476\" data-src=\"https:\/\/wernerdeck.de\/blog\/wp-content\/gallery\/stavenhagen1\/radtour-seenplatte-etappe3-stavenhagen-06.jpg\" data-thumbnail=\"https:\/\/wernerdeck.de\/blog\/wp-content\/gallery\/stavenhagen1\/thumbs\/thumbs_radtour-seenplatte-etappe3-stavenhagen-06.jpg\" data-title=\"Erich kauft frische Erdbeeren am Markt in Stavenhagen\" data-description=\" \" >\n\t\t\t\t\t\t\t\t<img title=\"Erich kauft frische Erdbeeren am Markt in Stavenhagen\" alt=\"Erich kauft frische Erdbeeren am Markt in Stavenhagen\" src=\"https:\/\/wernerdeck.de\/blog\/wp-content\/gallery\/stavenhagen1\/thumbs\/thumbs_radtour-seenplatte-etappe3-stavenhagen-06.jpg\" width='240' height='160' \/>\n\t\t\t\t\t\t\t<\/a>\n\t\t\t<span>\n\t\t\t \t\t\t<\/span>\n\t\t<\/div>\n\t<\/div>\n\t\t\t\t\t\t\t\t\n\t<div id=\"ngg-image-13477\" class=\"ngg-gallery-thumbnail-box\" style=\"width:25%;\" >\n\t\t<div class=\"ngg-gallery-thumbnail\" >\n\t\t\t<a href=\"https:\/\/wernerdeck.de\/blog\/wp-content\/gallery\/stavenhagen1\/radtour-seenplatte-etappe3-stavenhagen-08.jpg\"\n\t\t\t\ttitle=\" \"\n\t\t\t\tclass=\"ngg-simplelightbox\" rel=\"99a11b9ebc06015b9157c969b0021e8b\" data-image-id=\"13477\" data-src=\"https:\/\/wernerdeck.de\/blog\/wp-content\/gallery\/stavenhagen1\/radtour-seenplatte-etappe3-stavenhagen-08.jpg\" data-thumbnail=\"https:\/\/wernerdeck.de\/blog\/wp-content\/gallery\/stavenhagen1\/thumbs\/thumbs_radtour-seenplatte-etappe3-stavenhagen-08.jpg\" data-title=\"Rast auf dem Marktplatz von Stavenhagen mit frischen Erdbeeren\" data-description=\" \" >\n\t\t\t\t\t\t\t\t<img title=\"Rast auf dem Marktplatz von Stavenhagen mit frischen Erdbeeren\" alt=\"Rast auf dem Marktplatz von Stavenhagen mit frischen Erdbeeren\" src=\"https:\/\/wernerdeck.de\/blog\/wp-content\/gallery\/stavenhagen1\/thumbs\/thumbs_radtour-seenplatte-etappe3-stavenhagen-08.jpg\" width='240' height='160' \/>\n\t\t\t\t\t\t\t<\/a>\n\t\t\t<span>\n\t\t\t \t\t\t<\/span>\n\t\t<\/div>\n\t<\/div>\n\t\t\t\t\t\t\t<br style=\"clear: both\" \/>\n\t\t\t\n\t<div id=\"ngg-image-13474\" class=\"ngg-gallery-thumbnail-box\" style=\"width:25%;\" >\n\t\t<div class=\"ngg-gallery-thumbnail\" >\n\t\t\t<a href=\"https:\/\/wernerdeck.de\/blog\/wp-content\/gallery\/stavenhagen1\/radtour-seenplatte-etappe3-stavenhagen-09.jpg\"\n\t\t\t\ttitle=\" \"\n\t\t\t\tclass=\"ngg-simplelightbox\" rel=\"99a11b9ebc06015b9157c969b0021e8b\" data-image-id=\"13474\" data-src=\"https:\/\/wernerdeck.de\/blog\/wp-content\/gallery\/stavenhagen1\/radtour-seenplatte-etappe3-stavenhagen-09.jpg\" data-thumbnail=\"https:\/\/wernerdeck.de\/blog\/wp-content\/gallery\/stavenhagen1\/thumbs\/thumbs_radtour-seenplatte-etappe3-stavenhagen-09.jpg\" data-title=\"Beim kurzen Stopp am Obststand in Stavenhagen durfte auch ich von den Erdbeeren kosten\" data-description=\" \" >\n\t\t\t\t\t\t\t\t<img title=\"Beim kurzen Stopp am Obststand in Stavenhagen durfte auch ich von den Erdbeeren kosten\" alt=\"Beim kurzen Stopp am Obststand in Stavenhagen durfte auch ich von den Erdbeeren kosten\" src=\"https:\/\/wernerdeck.de\/blog\/wp-content\/gallery\/stavenhagen1\/thumbs\/thumbs_radtour-seenplatte-etappe3-stavenhagen-09.jpg\" width='240' height='160' \/>\n\t\t\t\t\t\t\t<\/a>\n\t\t\t<span>\n\t\t\t \t\t\t<\/span>\n\t\t<\/div>\n\t<\/div>\n\t\t\t\t\t\t\t\t\n\t<div id=\"ngg-image-13473\" class=\"ngg-gallery-thumbnail-box\" style=\"width:25%;\" >\n\t\t<div class=\"ngg-gallery-thumbnail\" >\n\t\t\t<a href=\"https:\/\/wernerdeck.de\/blog\/wp-content\/gallery\/stavenhagen1\/radtour-seenplatte-etappe3-stavenhagen-16.jpg\"\n\t\t\t\ttitle=\" \"\n\t\t\t\tclass=\"ngg-simplelightbox\" rel=\"99a11b9ebc06015b9157c969b0021e8b\" data-image-id=\"13473\" data-src=\"https:\/\/wernerdeck.de\/blog\/wp-content\/gallery\/stavenhagen1\/radtour-seenplatte-etappe3-stavenhagen-16.jpg\" data-thumbnail=\"https:\/\/wernerdeck.de\/blog\/wp-content\/gallery\/stavenhagen1\/thumbs\/thumbs_radtour-seenplatte-etappe3-stavenhagen-16.jpg\" data-title=\"Gedenktafel und Eingangsbereich des Reuter-Museums\" data-description=\" \" >\n\t\t\t\t\t\t\t\t<img title=\"Gedenktafel und Eingangsbereich des Reuter-Museums\" alt=\"Gedenktafel und Eingangsbereich des Reuter-Museums\" src=\"https:\/\/wernerdeck.de\/blog\/wp-content\/gallery\/stavenhagen1\/thumbs\/thumbs_radtour-seenplatte-etappe3-stavenhagen-16.jpg\" width='240' height='160' \/>\n\t\t\t\t\t\t\t<\/a>\n\t\t\t<span>\n\t\t\t \t\t\t<\/span>\n\t\t<\/div>\n\t<\/div>\n\t\t\t\t\t\t\t\t\n\t<div id=\"ngg-image-13475\" class=\"ngg-gallery-thumbnail-box\" style=\"width:25%;\" >\n\t\t<div class=\"ngg-gallery-thumbnail\" >\n\t\t\t<a href=\"https:\/\/wernerdeck.de\/blog\/wp-content\/gallery\/stavenhagen1\/radtour-seenplatte-etappe3-stavenhagen-10.jpg\"\n\t\t\t\ttitle=\" \"\n\t\t\t\tclass=\"ngg-simplelightbox\" rel=\"99a11b9ebc06015b9157c969b0021e8b\" data-image-id=\"13475\" data-src=\"https:\/\/wernerdeck.de\/blog\/wp-content\/gallery\/stavenhagen1\/radtour-seenplatte-etappe3-stavenhagen-10.jpg\" data-thumbnail=\"https:\/\/wernerdeck.de\/blog\/wp-content\/gallery\/stavenhagen1\/thumbs\/thumbs_radtour-seenplatte-etappe3-stavenhagen-10.jpg\" data-title=\"Au\u00dfenansicht des Fritz-Reuter-Literaturmuseums in Stavenhagen\" data-description=\" \" >\n\t\t\t\t\t\t\t\t<img title=\"Au\u00dfenansicht des Fritz-Reuter-Literaturmuseums in Stavenhagen\" alt=\"Au\u00dfenansicht des Fritz-Reuter-Literaturmuseums in Stavenhagen\" src=\"https:\/\/wernerdeck.de\/blog\/wp-content\/gallery\/stavenhagen1\/thumbs\/thumbs_radtour-seenplatte-etappe3-stavenhagen-10.jpg\" width='240' height='160' \/>\n\t\t\t\t\t\t\t<\/a>\n\t\t\t<span>\n\t\t\t \t\t\t<\/span>\n\t\t<\/div>\n\t<\/div>\n\t\t\t\t\t\t\t\t\n\t<div id=\"ngg-image-13478\" class=\"ngg-gallery-thumbnail-box\" style=\"width:25%;\" >\n\t\t<div class=\"ngg-gallery-thumbnail\" >\n\t\t\t<a href=\"https:\/\/wernerdeck.de\/blog\/wp-content\/gallery\/stavenhagen1\/radtour-seenplatte-etappe3-stavenhagen-12.jpg\"\n\t\t\t\ttitle=\" \"\n\t\t\t\tclass=\"ngg-simplelightbox\" rel=\"99a11b9ebc06015b9157c969b0021e8b\" data-image-id=\"13478\" data-src=\"https:\/\/wernerdeck.de\/blog\/wp-content\/gallery\/stavenhagen1\/radtour-seenplatte-etappe3-stavenhagen-12.jpg\" data-thumbnail=\"https:\/\/wernerdeck.de\/blog\/wp-content\/gallery\/stavenhagen1\/thumbs\/thumbs_radtour-seenplatte-etappe3-stavenhagen-12.jpg\" data-title=\"Denkmal f\u00fcr einen der bedeutendsten niederdeutschen Schriftsteller des 19. Jahrhunderts, Fritz Reuter\" data-description=\" \" >\n\t\t\t\t\t\t\t\t<img title=\"Denkmal f\u00fcr einen der bedeutendsten niederdeutschen Schriftsteller des 19. Jahrhunderts, Fritz Reuter\" alt=\"Denkmal f\u00fcr einen der bedeutendsten niederdeutschen Schriftsteller des 19. Jahrhunderts, Fritz Reuter\" src=\"https:\/\/wernerdeck.de\/blog\/wp-content\/gallery\/stavenhagen1\/thumbs\/thumbs_radtour-seenplatte-etappe3-stavenhagen-12.jpg\" width='240' height='160' \/>\n\t\t\t\t\t\t\t<\/a>\n\t\t\t<span>\n\t\t\t \t\t\t<\/span>\n\t\t<\/div>\n\t<\/div>\n\t\t\t\t\t\t\t<br style=\"clear: both\" \/>\n\t\t\t\n\t<!-- Pagination -->\n\t\t<div class='ngg-clear'><\/div>\t\n<\/div>\n\n\tVom Marktplatz aus war es nur ein Steinwurf weit zum<br \/>\n\ud83c\udff0 <strong data-start=\"219\" data-end=\"278\">Schloss Stavenhagen \u2013 ein Barockbau mit bewegter Geschichte<\/strong><\/p>\n<p data-start=\"280\" data-end=\"530\">Das <a href=\"https:\/\/historische-haeuser.com\/schloss-stavenhagen\/\" target=\"_blank\" rel=\"noopener\"><strong data-start=\"284\" data-end=\"307\">Schloss Stavenhagen<\/strong><\/a> wurde im <strong data-start=\"317\" data-end=\"336\">18. Jahrhundert<\/strong> im Stil des <strong data-start=\"349\" data-end=\"366\">sp\u00e4ten Barock<\/strong> erbaut und steht auf den Fundamenten einer \u00e4lteren, mittelalterlichen Burganlage. Es diente lange Zeit als <strong data-start=\"474\" data-end=\"486\">Amtssitz<\/strong> und Verwaltungszentrum des \u00f6rtlichen Adels.<\/p>\n<p data-start=\"532\" data-end=\"835\">In den Jahrhunderten wechselte das Schloss mehrfach seine Nutzung: vom Wohnsitz \u00fcber milit\u00e4rische Zwecke bis hin zur Verwaltung. In DDR-Zeiten war es Sitz verschiedener Beh\u00f6rden. Der zweigeschossige Putzbau mit Walmdach ist eher schlicht, beeindruckt jedoch durch seine Lage und die parkartige Umgebung.<\/p>\n<p data-start=\"837\" data-end=\"1073\">Heute beherbergt das Schloss u. a. <strong data-start=\"871\" data-end=\"913\">Verwaltungsr\u00e4ume der Stadt Stavenhagen<\/strong> und wird f\u00fcr kulturelle Veranstaltungen genutzt. Es liegt nur wenige Schritte vom Marktplatz entfernt und geh\u00f6rt zum historischen Ensemble der <strong data-start=\"1057\" data-end=\"1072\">Reuterstadt<\/strong>.<\/p>\n<p>\n<div class=\"ngg-galleryoverview ngg-template-caption\" id=\"ngg-gallery-46a64a8ffa90accfa17153c09f2d947d-28086\">\n\n\t\t\n\t<!-- Thumbnails -->\n\t\t\t\t\t\n\t<div id=\"ngg-image-13482\" class=\"ngg-gallery-thumbnail-box\" style=\"width:25%;\" >\n\t\t<div class=\"ngg-gallery-thumbnail\" >\n\t\t\t<a href=\"https:\/\/wernerdeck.de\/blog\/wp-content\/gallery\/stavenhagen-2\/schloss-stavenhagen-mecklenburg-04.jpg\"\n\t\t\t\ttitle=\" \"\n\t\t\t\tclass=\"ngg-simplelightbox\" rel=\"46a64a8ffa90accfa17153c09f2d947d\" data-image-id=\"13482\" data-src=\"https:\/\/wernerdeck.de\/blog\/wp-content\/gallery\/stavenhagen-2\/schloss-stavenhagen-mecklenburg-04.jpg\" data-thumbnail=\"https:\/\/wernerdeck.de\/blog\/wp-content\/gallery\/stavenhagen-2\/thumbs\/thumbs_schloss-stavenhagen-mecklenburg-04.jpg\" data-title=\"Barockes Schloss Stavenhagen in Mecklenburg-Vorpommern\" data-description=\" \" >\n\t\t\t\t\t\t\t\t<img title=\"Barockes Schloss Stavenhagen in Mecklenburg-Vorpommern\" alt=\"Barockes Schloss Stavenhagen in Mecklenburg-Vorpommern\" src=\"https:\/\/wernerdeck.de\/blog\/wp-content\/gallery\/stavenhagen-2\/thumbs\/thumbs_schloss-stavenhagen-mecklenburg-04.jpg\" width='240' height='160' \/>\n\t\t\t\t\t\t\t<\/a>\n\t\t\t<span>\n\t\t\t \t\t\t<\/span>\n\t\t<\/div>\n\t<\/div>\n\t\t\t\t\t\t\t\t\n\t<div id=\"ngg-image-13484\" class=\"ngg-gallery-thumbnail-box\" style=\"width:25%;\" >\n\t\t<div class=\"ngg-gallery-thumbnail\" >\n\t\t\t<a href=\"https:\/\/wernerdeck.de\/blog\/wp-content\/gallery\/stavenhagen-2\/schloss-stavenhagen-mecklenburg-06.jpg\"\n\t\t\t\ttitle=\" \"\n\t\t\t\tclass=\"ngg-simplelightbox\" rel=\"46a64a8ffa90accfa17153c09f2d947d\" data-image-id=\"13484\" data-src=\"https:\/\/wernerdeck.de\/blog\/wp-content\/gallery\/stavenhagen-2\/schloss-stavenhagen-mecklenburg-06.jpg\" data-thumbnail=\"https:\/\/wernerdeck.de\/blog\/wp-content\/gallery\/stavenhagen-2\/thumbs\/thumbs_schloss-stavenhagen-mecklenburg-06.jpg\" data-title=\"Historisches Schloss in Stavenhagen \u2013 heute Verwaltungssitz\" data-description=\" \" >\n\t\t\t\t\t\t\t\t<img title=\"Historisches Schloss in Stavenhagen \u2013 heute Verwaltungssitz\" alt=\"Historisches Schloss in Stavenhagen \u2013 heute Verwaltungssitz\" src=\"https:\/\/wernerdeck.de\/blog\/wp-content\/gallery\/stavenhagen-2\/thumbs\/thumbs_schloss-stavenhagen-mecklenburg-06.jpg\" width='240' height='160' \/>\n\t\t\t\t\t\t\t<\/a>\n\t\t\t<span>\n\t\t\t \t\t\t<\/span>\n\t\t<\/div>\n\t<\/div>\n\t\t\t\t\t\t\t\t\n\t<div id=\"ngg-image-13481\" class=\"ngg-gallery-thumbnail-box\" style=\"width:25%;\" >\n\t\t<div class=\"ngg-gallery-thumbnail\" >\n\t\t\t<a href=\"https:\/\/wernerdeck.de\/blog\/wp-content\/gallery\/stavenhagen-2\/schloss-stavenhagen-mecklenburg-02.jpg\"\n\t\t\t\ttitle=\" \"\n\t\t\t\tclass=\"ngg-simplelightbox\" rel=\"46a64a8ffa90accfa17153c09f2d947d\" data-image-id=\"13481\" data-src=\"https:\/\/wernerdeck.de\/blog\/wp-content\/gallery\/stavenhagen-2\/schloss-stavenhagen-mecklenburg-02.jpg\" data-thumbnail=\"https:\/\/wernerdeck.de\/blog\/wp-content\/gallery\/stavenhagen-2\/thumbs\/thumbs_schloss-stavenhagen-mecklenburg-02.jpg\" data-title=\"Werner vor Schloss Stavenhagen in Mecklenburg-Vorpommern, auf dem Weg zum Fahrrad\" data-description=\" \" >\n\t\t\t\t\t\t\t\t<img title=\"Werner vor Schloss Stavenhagen in Mecklenburg-Vorpommern, auf dem Weg zum Fahrrad\" alt=\"Werner vor Schloss Stavenhagen in Mecklenburg-Vorpommern, auf dem Weg zum Fahrrad\" src=\"https:\/\/wernerdeck.de\/blog\/wp-content\/gallery\/stavenhagen-2\/thumbs\/thumbs_schloss-stavenhagen-mecklenburg-02.jpg\" width='240' height='160' \/>\n\t\t\t\t\t\t\t<\/a>\n\t\t\t<span>\n\t\t\t \t\t\t<\/span>\n\t\t<\/div>\n\t<\/div>\n\t\t\t\t\t\t\t\t\n\t<div id=\"ngg-image-13483\" class=\"ngg-gallery-thumbnail-box\" style=\"width:25%;\" >\n\t\t<div class=\"ngg-gallery-thumbnail\" >\n\t\t\t<a href=\"https:\/\/wernerdeck.de\/blog\/wp-content\/gallery\/stavenhagen-2\/schloss-stavenhagen-mecklenburg-08.jpg\"\n\t\t\t\ttitle=\" \"\n\t\t\t\tclass=\"ngg-simplelightbox\" rel=\"46a64a8ffa90accfa17153c09f2d947d\" data-image-id=\"13483\" data-src=\"https:\/\/wernerdeck.de\/blog\/wp-content\/gallery\/stavenhagen-2\/schloss-stavenhagen-mecklenburg-08.jpg\" data-thumbnail=\"https:\/\/wernerdeck.de\/blog\/wp-content\/gallery\/stavenhagen-2\/thumbs\/thumbs_schloss-stavenhagen-mecklenburg-08.jpg\" data-title=\"Blick vom Schloss Stavenhagen hinab in die Altstadt von Stavenhagen\" data-description=\" \" >\n\t\t\t\t\t\t\t\t<img title=\"Blick vom Schloss Stavenhagen hinab in die Altstadt von Stavenhagen\" alt=\"Blick vom Schloss Stavenhagen hinab in die Altstadt von Stavenhagen\" src=\"https:\/\/wernerdeck.de\/blog\/wp-content\/gallery\/stavenhagen-2\/thumbs\/thumbs_schloss-stavenhagen-mecklenburg-08.jpg\" width='240' height='160' \/>\n\t\t\t\t\t\t\t<\/a>\n\t\t\t<span>\n\t\t\t \t\t\t<\/span>\n\t\t<\/div>\n\t<\/div>\n\t\t\t\t\t\t\t<br style=\"clear: both\" \/>\n\t\t\t\n\t<!-- Pagination -->\n\t\t<div class='ngg-clear'><\/div>\t\n<\/div>\n\n\t<span style=\"font-weight: 400;\">Nachdem wir am Schloss waren, meldete sich gegen 14 Uhr der Kaffeedurst \u2013 das <\/span><a href=\"https:\/\/www.cafe-am-markt.m-vp.de\/\" target=\"_blank\" rel=\"noopener\"><b>Caf\u00e9 am Markt<\/b><\/a><span style=\"font-weight: 400;\"> erf\u00fcllte unsere W\u00fcnsche mit leckerem Kuchen und Cappuccino. Doch pl\u00f6tzlich ein lautes Ger\u00e4usch: Mein E-Bike kippte wegen schr\u00e4gem Untergrund einfach um, der Lenker stand danach ziemlich schief. Zum Gl\u00fcck hatte Erich das passende Werkzeug dabei \u2013 Problem gel\u00f6st!<\/span><\/p>\n<p>\n<div class=\"ngg-galleryoverview ngg-template-caption\" id=\"ngg-gallery-3dd7817c0453a7c28d98202672d8ef53-28086\">\n\n\t\t\n\t<!-- Thumbnails -->\n\t\t\t\t\t\n\t<div id=\"ngg-image-13485\" class=\"ngg-gallery-thumbnail-box\" style=\"width:33%;\" >\n\t\t<div class=\"ngg-gallery-thumbnail\" >\n\t\t\t<a href=\"https:\/\/wernerdeck.de\/blog\/wp-content\/gallery\/stavenhagen-3\/radtour-seenplatte-etappe3-stavenhagen-cafe-am-markt-02.jpg\"\n\t\t\t\ttitle=\" \"\n\t\t\t\tclass=\"ngg-simplelightbox\" rel=\"3dd7817c0453a7c28d98202672d8ef53\" data-image-id=\"13485\" data-src=\"https:\/\/wernerdeck.de\/blog\/wp-content\/gallery\/stavenhagen-3\/radtour-seenplatte-etappe3-stavenhagen-cafe-am-markt-02.jpg\" data-thumbnail=\"https:\/\/wernerdeck.de\/blog\/wp-content\/gallery\/stavenhagen-3\/thumbs\/thumbs_radtour-seenplatte-etappe3-stavenhagen-cafe-am-markt-02.jpg\" data-title=\"Gem\u00fctlicher Zwischenstopp im Caf\u00e9 am Markt auf der Radtour\" data-description=\" \" >\n\t\t\t\t\t\t\t\t<img title=\"Gem\u00fctlicher Zwischenstopp im Caf\u00e9 am Markt auf der Radtour\" alt=\"Gem\u00fctlicher Zwischenstopp im Caf\u00e9 am Markt auf der Radtour\" src=\"https:\/\/wernerdeck.de\/blog\/wp-content\/gallery\/stavenhagen-3\/thumbs\/thumbs_radtour-seenplatte-etappe3-stavenhagen-cafe-am-markt-02.jpg\" width='240' height='160' \/>\n\t\t\t\t\t\t\t<\/a>\n\t\t\t<span>\n\t\t\t \t\t\t<\/span>\n\t\t<\/div>\n\t<\/div>\n\t\t\t\t\t\t\t\t\n\t<div id=\"ngg-image-13486\" class=\"ngg-gallery-thumbnail-box\" style=\"width:33%;\" >\n\t\t<div class=\"ngg-gallery-thumbnail\" >\n\t\t\t<a href=\"https:\/\/wernerdeck.de\/blog\/wp-content\/gallery\/stavenhagen-3\/radtour-seenplatte-etappe3-stavenhagen-cafe-am-markt-04.jpg\"\n\t\t\t\ttitle=\" \"\n\t\t\t\tclass=\"ngg-simplelightbox\" rel=\"3dd7817c0453a7c28d98202672d8ef53\" data-image-id=\"13486\" data-src=\"https:\/\/wernerdeck.de\/blog\/wp-content\/gallery\/stavenhagen-3\/radtour-seenplatte-etappe3-stavenhagen-cafe-am-markt-04.jpg\" data-thumbnail=\"https:\/\/wernerdeck.de\/blog\/wp-content\/gallery\/stavenhagen-3\/thumbs\/thumbs_radtour-seenplatte-etappe3-stavenhagen-cafe-am-markt-04.jpg\" data-title=\"Kaffeepause mit Kuchen und Kaffee  im Caf\u00e9 am Markt in Stavenhagen\" data-description=\" \" >\n\t\t\t\t\t\t\t\t<img title=\"Kaffeepause mit Kuchen und Kaffee  im Caf\u00e9 am Markt in Stavenhagen\" alt=\"Kaffeepause mit Kuchen und Kaffee  im Caf\u00e9 am Markt in Stavenhagen\" src=\"https:\/\/wernerdeck.de\/blog\/wp-content\/gallery\/stavenhagen-3\/thumbs\/thumbs_radtour-seenplatte-etappe3-stavenhagen-cafe-am-markt-04.jpg\" width='240' height='160' \/>\n\t\t\t\t\t\t\t<\/a>\n\t\t\t<span>\n\t\t\t \t\t\t<\/span>\n\t\t<\/div>\n\t<\/div>\n\t\t\t\t\t\t\t\t\n\t<div id=\"ngg-image-13489\" class=\"ngg-gallery-thumbnail-box\" style=\"width:33%;\" >\n\t\t<div class=\"ngg-gallery-thumbnail\" >\n\t\t\t<a href=\"https:\/\/wernerdeck.de\/blog\/wp-content\/gallery\/stavenhagen-3\/radtour-seenplatte-etappe3-stavenhagen-cafe-am-markt-06.jpg\"\n\t\t\t\ttitle=\" \"\n\t\t\t\tclass=\"ngg-simplelightbox\" rel=\"3dd7817c0453a7c28d98202672d8ef53\" data-image-id=\"13489\" data-src=\"https:\/\/wernerdeck.de\/blog\/wp-content\/gallery\/stavenhagen-3\/radtour-seenplatte-etappe3-stavenhagen-cafe-am-markt-06.jpg\" data-thumbnail=\"https:\/\/wernerdeck.de\/blog\/wp-content\/gallery\/stavenhagen-3\/thumbs\/thumbs_radtour-seenplatte-etappe3-stavenhagen-cafe-am-markt-06.jpg\" data-title=\"Terrasse im Caf\u00e9 am Markt in Stavenhagen\" data-description=\" \" >\n\t\t\t\t\t\t\t\t<img title=\"Terrasse im Caf\u00e9 am Markt in Stavenhagen\" alt=\"Terrasse im Caf\u00e9 am Markt in Stavenhagen\" src=\"https:\/\/wernerdeck.de\/blog\/wp-content\/gallery\/stavenhagen-3\/thumbs\/thumbs_radtour-seenplatte-etappe3-stavenhagen-cafe-am-markt-06.jpg\" width='240' height='160' \/>\n\t\t\t\t\t\t\t<\/a>\n\t\t\t<span>\n\t\t\t \t\t\t<\/span>\n\t\t<\/div>\n\t<\/div>\n\t\t\t\t\t\t\t<br style=\"clear: both\" \/>\n\t\t\t\n\t<div id=\"ngg-image-13488\" class=\"ngg-gallery-thumbnail-box\" style=\"width:33%;\" >\n\t\t<div class=\"ngg-gallery-thumbnail\" >\n\t\t\t<a href=\"https:\/\/wernerdeck.de\/blog\/wp-content\/gallery\/stavenhagen-3\/radtour-seenplatte-etappe3-stavenhagen-schiefer-fahrradlenker-02.jpg\"\n\t\t\t\ttitle=\" \"\n\t\t\t\tclass=\"ngg-simplelightbox\" rel=\"3dd7817c0453a7c28d98202672d8ef53\" data-image-id=\"13488\" data-src=\"https:\/\/wernerdeck.de\/blog\/wp-content\/gallery\/stavenhagen-3\/radtour-seenplatte-etappe3-stavenhagen-schiefer-fahrradlenker-02.jpg\" data-thumbnail=\"https:\/\/wernerdeck.de\/blog\/wp-content\/gallery\/stavenhagen-3\/thumbs\/thumbs_radtour-seenplatte-etappe3-stavenhagen-schiefer-fahrradlenker-02.jpg\" data-title=\"Schiefer Fahrradlenker nach Sturz in Stavenhagen\" data-description=\" \" >\n\t\t\t\t\t\t\t\t<img title=\"Schiefer Fahrradlenker nach Sturz in Stavenhagen\" alt=\"Schiefer Fahrradlenker nach Sturz in Stavenhagen\" src=\"https:\/\/wernerdeck.de\/blog\/wp-content\/gallery\/stavenhagen-3\/thumbs\/thumbs_radtour-seenplatte-etappe3-stavenhagen-schiefer-fahrradlenker-02.jpg\" width='240' height='160' \/>\n\t\t\t\t\t\t\t<\/a>\n\t\t\t<span>\n\t\t\t \t\t\t<\/span>\n\t\t<\/div>\n\t<\/div>\n\t\t\t\t\t\t\t\t\n\t<div id=\"ngg-image-13490\" class=\"ngg-gallery-thumbnail-box\" style=\"width:33%;\" >\n\t\t<div class=\"ngg-gallery-thumbnail\" >\n\t\t\t<a href=\"https:\/\/wernerdeck.de\/blog\/wp-content\/gallery\/stavenhagen-3\/radtour-seenplatte-etappe3-stavenhagen-schiefer-fahrradlenker-04.jpg\"\n\t\t\t\ttitle=\" \"\n\t\t\t\tclass=\"ngg-simplelightbox\" rel=\"3dd7817c0453a7c28d98202672d8ef53\" data-image-id=\"13490\" data-src=\"https:\/\/wernerdeck.de\/blog\/wp-content\/gallery\/stavenhagen-3\/radtour-seenplatte-etappe3-stavenhagen-schiefer-fahrradlenker-04.jpg\" data-thumbnail=\"https:\/\/wernerdeck.de\/blog\/wp-content\/gallery\/stavenhagen-3\/thumbs\/thumbs_radtour-seenplatte-etappe3-stavenhagen-schiefer-fahrradlenker-04.jpg\" data-title=\"Lenkerreparatur mit Teamgeist und Improvisation\" data-description=\" \" >\n\t\t\t\t\t\t\t\t<img title=\"Lenkerreparatur mit Teamgeist und Improvisation\" alt=\"Lenkerreparatur mit Teamgeist und Improvisation\" src=\"https:\/\/wernerdeck.de\/blog\/wp-content\/gallery\/stavenhagen-3\/thumbs\/thumbs_radtour-seenplatte-etappe3-stavenhagen-schiefer-fahrradlenker-04.jpg\" width='240' height='160' \/>\n\t\t\t\t\t\t\t<\/a>\n\t\t\t<span>\n\t\t\t \t\t\t<\/span>\n\t\t<\/div>\n\t<\/div>\n\t\t\t\t\t\t\t\t\n\t<div id=\"ngg-image-13487\" class=\"ngg-gallery-thumbnail-box\" style=\"width:33%;\" >\n\t\t<div class=\"ngg-gallery-thumbnail\" >\n\t\t\t<a href=\"https:\/\/wernerdeck.de\/blog\/wp-content\/gallery\/stavenhagen-3\/radtour-seenplatte-etappe3-stavenhagen-schiefer-fahrradlenker-06.jpg\"\n\t\t\t\ttitle=\" \"\n\t\t\t\tclass=\"ngg-simplelightbox\" rel=\"3dd7817c0453a7c28d98202672d8ef53\" data-image-id=\"13487\" data-src=\"https:\/\/wernerdeck.de\/blog\/wp-content\/gallery\/stavenhagen-3\/radtour-seenplatte-etappe3-stavenhagen-schiefer-fahrradlenker-06.jpg\" data-thumbnail=\"https:\/\/wernerdeck.de\/blog\/wp-content\/gallery\/stavenhagen-3\/thumbs\/thumbs_radtour-seenplatte-etappe3-stavenhagen-schiefer-fahrradlenker-06.jpg\" data-title=\"Erich richtet mit passendem Werkzeug den verbogenen Lenker\" data-description=\" \" >\n\t\t\t\t\t\t\t\t<img title=\"Erich richtet mit passendem Werkzeug den verbogenen Lenker\" alt=\"Erich richtet mit passendem Werkzeug den verbogenen Lenker\" src=\"https:\/\/wernerdeck.de\/blog\/wp-content\/gallery\/stavenhagen-3\/thumbs\/thumbs_radtour-seenplatte-etappe3-stavenhagen-schiefer-fahrradlenker-06.jpg\" width='240' height='160' \/>\n\t\t\t\t\t\t\t<\/a>\n\t\t\t<span>\n\t\t\t \t\t\t<\/span>\n\t\t<\/div>\n\t<\/div>\n\t\t\t\t\t\t\t<br style=\"clear: both\" \/>\n\t\t\t\n\t<!-- Pagination -->\n\t\t<div class='ngg-clear'><\/div>\t\n<\/div>\n\n\t<span style=\"font-weight: 400;\">Weiter ging es in Richtung <\/span><b>Ivenack<\/b><span style=\"font-weight: 400;\">. Kurz nach dem Ortseingang standen wir etwas ratlos vor einem Zaun des <\/span><a href=\"https:\/\/www.wald-mv.de\/landingpage\/ivenacker-eichen\/\" target=\"_blank\" rel=\"noopener\"><b>Ivenacker Eichenparks<\/b><\/a><span style=\"font-weight: 400;\"> \u2013 doch zum Gl\u00fcck entdeckten wir eine Schleuse, durch die wir mitsamt Fahrr\u00e4dern in das Gebiet gelangten. Was f\u00fcr ein Anblick! Ein riesiger Wald mit jahrhundertealten, teils \u00fcber <\/span><b>tausendj\u00e4hrigen Eichen<\/b><span style=\"font-weight: 400;\">.<\/span><\/p>\n<p>\n<div class=\"ngg-galleryoverview ngg-template-caption\" id=\"ngg-gallery-363ff898647fb06c46feb728e1ea0b53-28086\">\n\n\t\t\n\t<!-- Thumbnails -->\n\t\t\t\t\t\n\t<div id=\"ngg-image-13493\" class=\"ngg-gallery-thumbnail-box\" style=\"width:25%;\" >\n\t\t<div class=\"ngg-gallery-thumbnail\" >\n\t\t\t<a href=\"https:\/\/wernerdeck.de\/blog\/wp-content\/gallery\/schleuse-1\/radtour-seenplatte-etappe3-eichenpark-ivenack-02.jpg\"\n\t\t\t\ttitle=\" \"\n\t\t\t\tclass=\"ngg-simplelightbox\" rel=\"363ff898647fb06c46feb728e1ea0b53\" data-image-id=\"13493\" data-src=\"https:\/\/wernerdeck.de\/blog\/wp-content\/gallery\/schleuse-1\/radtour-seenplatte-etappe3-eichenpark-ivenack-02.jpg\" data-thumbnail=\"https:\/\/wernerdeck.de\/blog\/wp-content\/gallery\/schleuse-1\/thumbs\/thumbs_radtour-seenplatte-etappe3-eichenpark-ivenack-02.jpg\" data-title=\"Da stehen  wir noch ratlos vor dem Zaun am Ivenacker Eichenpark\" data-description=\" \" >\n\t\t\t\t\t\t\t\t<img title=\"Da stehen  wir noch ratlos vor dem Zaun am Ivenacker Eichenpark\" alt=\"Da stehen  wir noch ratlos vor dem Zaun am Ivenacker Eichenpark\" src=\"https:\/\/wernerdeck.de\/blog\/wp-content\/gallery\/schleuse-1\/thumbs\/thumbs_radtour-seenplatte-etappe3-eichenpark-ivenack-02.jpg\" width='240' height='160' \/>\n\t\t\t\t\t\t\t<\/a>\n\t\t\t<span>\n\t\t\t \t\t\t<\/span>\n\t\t<\/div>\n\t<\/div>\n\t\t\t\t\t\t\t\t\n\t<div id=\"ngg-image-13494\" class=\"ngg-gallery-thumbnail-box\" style=\"width:25%;\" >\n\t\t<div class=\"ngg-gallery-thumbnail\" >\n\t\t\t<a href=\"https:\/\/wernerdeck.de\/blog\/wp-content\/gallery\/schleuse-1\/radtour-seenplatte-etappe3-eichenpark-ivenack-04.jpg\"\n\t\t\t\ttitle=\" \"\n\t\t\t\tclass=\"ngg-simplelightbox\" rel=\"363ff898647fb06c46feb728e1ea0b53\" data-image-id=\"13494\" data-src=\"https:\/\/wernerdeck.de\/blog\/wp-content\/gallery\/schleuse-1\/radtour-seenplatte-etappe3-eichenpark-ivenack-04.jpg\" data-thumbnail=\"https:\/\/wernerdeck.de\/blog\/wp-content\/gallery\/schleuse-1\/thumbs\/thumbs_radtour-seenplatte-etappe3-eichenpark-ivenack-04.jpg\" data-title=\"Erich hat\u00b4s entdeckt. Erleichterung nach dem Entdecken der Schleuse in den Ivenacker Eichenpark\" data-description=\" \" >\n\t\t\t\t\t\t\t\t<img title=\"Erich hat\u00b4s entdeckt. Erleichterung nach dem Entdecken der Schleuse in den Ivenacker Eichenpark\" alt=\"Erich hat\u00b4s entdeckt. Erleichterung nach dem Entdecken der Schleuse in den Ivenacker Eichenpark\" src=\"https:\/\/wernerdeck.de\/blog\/wp-content\/gallery\/schleuse-1\/thumbs\/thumbs_radtour-seenplatte-etappe3-eichenpark-ivenack-04.jpg\" width='240' height='160' \/>\n\t\t\t\t\t\t\t<\/a>\n\t\t\t<span>\n\t\t\t \t\t\t<\/span>\n\t\t<\/div>\n\t<\/div>\n\t\t\t\t\t\t\t\t\n\t<div id=\"ngg-image-13491\" class=\"ngg-gallery-thumbnail-box\" style=\"width:25%;\" >\n\t\t<div class=\"ngg-gallery-thumbnail\" >\n\t\t\t<a href=\"https:\/\/wernerdeck.de\/blog\/wp-content\/gallery\/schleuse-1\/radtour-seenplatte-etappe3-eichenpark-ivenack-06.jpg\"\n\t\t\t\ttitle=\" \"\n\t\t\t\tclass=\"ngg-simplelightbox\" rel=\"363ff898647fb06c46feb728e1ea0b53\" data-image-id=\"13491\" data-src=\"https:\/\/wernerdeck.de\/blog\/wp-content\/gallery\/schleuse-1\/radtour-seenplatte-etappe3-eichenpark-ivenack-06.jpg\" data-thumbnail=\"https:\/\/wernerdeck.de\/blog\/wp-content\/gallery\/schleuse-1\/thumbs\/thumbs_radtour-seenplatte-etappe3-eichenpark-ivenack-06.jpg\" data-title=\"Mit den R\u00e4dern konnten wir durch die Schleuse in den Hutewald\" data-description=\" \" >\n\t\t\t\t\t\t\t\t<img title=\"Mit den R\u00e4dern konnten wir durch die Schleuse in den Hutewald\" alt=\"Mit den R\u00e4dern konnten wir durch die Schleuse in den Hutewald\" src=\"https:\/\/wernerdeck.de\/blog\/wp-content\/gallery\/schleuse-1\/thumbs\/thumbs_radtour-seenplatte-etappe3-eichenpark-ivenack-06.jpg\" width='240' height='160' \/>\n\t\t\t\t\t\t\t<\/a>\n\t\t\t<span>\n\t\t\t \t\t\t<\/span>\n\t\t<\/div>\n\t<\/div>\n\t\t\t\t\t\t\t\t\n\t<div id=\"ngg-image-13492\" class=\"ngg-gallery-thumbnail-box\" style=\"width:25%;\" >\n\t\t<div class=\"ngg-gallery-thumbnail\" >\n\t\t\t<a href=\"https:\/\/wernerdeck.de\/blog\/wp-content\/gallery\/schleuse-1\/radtour-seenplatte-etappe3-eichenpark-ivenack-08.jpg\"\n\t\t\t\ttitle=\" \"\n\t\t\t\tclass=\"ngg-simplelightbox\" rel=\"363ff898647fb06c46feb728e1ea0b53\" data-image-id=\"13492\" data-src=\"https:\/\/wernerdeck.de\/blog\/wp-content\/gallery\/schleuse-1\/radtour-seenplatte-etappe3-eichenpark-ivenack-08.jpg\" data-thumbnail=\"https:\/\/wernerdeck.de\/blog\/wp-content\/gallery\/schleuse-1\/thumbs\/thumbs_radtour-seenplatte-etappe3-eichenpark-ivenack-08.jpg\" data-title=\"Erleichterung nach dem Entdecken der Schleuse in den Ivenacker Eichenpark\" data-description=\" \" >\n\t\t\t\t\t\t\t\t<img title=\"Erleichterung nach dem Entdecken der Schleuse in den Ivenacker Eichenpark\" alt=\"Erleichterung nach dem Entdecken der Schleuse in den Ivenacker Eichenpark\" src=\"https:\/\/wernerdeck.de\/blog\/wp-content\/gallery\/schleuse-1\/thumbs\/thumbs_radtour-seenplatte-etappe3-eichenpark-ivenack-08.jpg\" width='240' height='160' \/>\n\t\t\t\t\t\t\t<\/a>\n\t\t\t<span>\n\t\t\t \t\t\t<\/span>\n\t\t<\/div>\n\t<\/div>\n\t\t\t\t\t\t\t<br style=\"clear: both\" \/>\n\t\t\t\n\t<!-- Pagination -->\n\t\t<div class='ngg-clear'><\/div>\t\n<\/div>\n\n\tDie beeindruckenden alten Eichen im Ivenacker Eichenpark.<\/p>\n<p>\n<div class=\"ngg-galleryoverview ngg-template-caption\" id=\"ngg-gallery-d5f2f5ec2ce5b2c781c4967131ba30ec-28086\">\n\n\t\t\n\t<!-- Thumbnails -->\n\t\t\t\t\t\n\t<div id=\"ngg-image-13499\" class=\"ngg-gallery-thumbnail-box\" style=\"width:33%;\" >\n\t\t<div class=\"ngg-gallery-thumbnail\" >\n\t\t\t<a href=\"https:\/\/wernerdeck.de\/blog\/wp-content\/gallery\/eichenpark\/ivenacker-eichen-naturdenkmal-02.jpg\"\n\t\t\t\ttitle=\" \"\n\t\t\t\tclass=\"ngg-simplelightbox\" rel=\"d5f2f5ec2ce5b2c781c4967131ba30ec\" data-image-id=\"13499\" data-src=\"https:\/\/wernerdeck.de\/blog\/wp-content\/gallery\/eichenpark\/ivenacker-eichen-naturdenkmal-02.jpg\" data-thumbnail=\"https:\/\/wernerdeck.de\/blog\/wp-content\/gallery\/eichenpark\/thumbs\/thumbs_ivenacker-eichen-naturdenkmal-02.jpg\" data-title=\"Ca. 1000 Jahre alte Eiche im Ivenacker Eichenwald\" data-description=\" \" >\n\t\t\t\t\t\t\t\t<img title=\"Ca. 1000 Jahre alte Eiche im Ivenacker Eichenwald\" alt=\"Ca. 1000 Jahre alte Eiche im Ivenacker Eichenwald\" src=\"https:\/\/wernerdeck.de\/blog\/wp-content\/gallery\/eichenpark\/thumbs\/thumbs_ivenacker-eichen-naturdenkmal-02.jpg\" width='240' height='160' \/>\n\t\t\t\t\t\t\t<\/a>\n\t\t\t<span>\n\t\t\t \t\t\t<\/span>\n\t\t<\/div>\n\t<\/div>\n\t\t\t\t\t\t\t\t\n\t<div id=\"ngg-image-13498\" class=\"ngg-gallery-thumbnail-box\" style=\"width:33%;\" >\n\t\t<div class=\"ngg-gallery-thumbnail\" >\n\t\t\t<a href=\"https:\/\/wernerdeck.de\/blog\/wp-content\/gallery\/eichenpark\/ivenacker-eichen-naturdenkmal-08.jpg\"\n\t\t\t\ttitle=\" \"\n\t\t\t\tclass=\"ngg-simplelightbox\" rel=\"d5f2f5ec2ce5b2c781c4967131ba30ec\" data-image-id=\"13498\" data-src=\"https:\/\/wernerdeck.de\/blog\/wp-content\/gallery\/eichenpark\/ivenacker-eichen-naturdenkmal-08.jpg\" data-thumbnail=\"https:\/\/wernerdeck.de\/blog\/wp-content\/gallery\/eichenpark\/thumbs\/thumbs_ivenacker-eichen-naturdenkmal-08.jpg\" data-title=\"Informationstafel zur Geschichte der tausendj\u00e4hrigen Eiche\" data-description=\" \" >\n\t\t\t\t\t\t\t\t<img title=\"Informationstafel zur Geschichte der tausendj\u00e4hrigen Eiche\" alt=\"Informationstafel zur Geschichte der tausendj\u00e4hrigen Eiche\" src=\"https:\/\/wernerdeck.de\/blog\/wp-content\/gallery\/eichenpark\/thumbs\/thumbs_ivenacker-eichen-naturdenkmal-08.jpg\" width='240' height='160' \/>\n\t\t\t\t\t\t\t<\/a>\n\t\t\t<span>\n\t\t\t \t\t\t<\/span>\n\t\t<\/div>\n\t<\/div>\n\t\t\t\t\t\t\t\t\n\t<div id=\"ngg-image-13497\" class=\"ngg-gallery-thumbnail-box\" style=\"width:33%;\" >\n\t\t<div class=\"ngg-gallery-thumbnail\" >\n\t\t\t<a href=\"https:\/\/wernerdeck.de\/blog\/wp-content\/gallery\/eichenpark\/ivenacker-eichen-naturdenkmal-10.jpg\"\n\t\t\t\ttitle=\" \"\n\t\t\t\tclass=\"ngg-simplelightbox\" rel=\"d5f2f5ec2ce5b2c781c4967131ba30ec\" data-image-id=\"13497\" data-src=\"https:\/\/wernerdeck.de\/blog\/wp-content\/gallery\/eichenpark\/ivenacker-eichen-naturdenkmal-10.jpg\" data-thumbnail=\"https:\/\/wernerdeck.de\/blog\/wp-content\/gallery\/eichenpark\/thumbs\/thumbs_ivenacker-eichen-naturdenkmal-10.jpg\" data-title=\"Detail der Infotafel \u00fcber die \u00e4lteste Eiche Deutschlands\" data-description=\" \" >\n\t\t\t\t\t\t\t\t<img title=\"Detail der Infotafel \u00fcber die \u00e4lteste Eiche Deutschlands\" alt=\"Detail der Infotafel \u00fcber die \u00e4lteste Eiche Deutschlands\" src=\"https:\/\/wernerdeck.de\/blog\/wp-content\/gallery\/eichenpark\/thumbs\/thumbs_ivenacker-eichen-naturdenkmal-10.jpg\" width='240' height='160' \/>\n\t\t\t\t\t\t\t<\/a>\n\t\t\t<span>\n\t\t\t \t\t\t<\/span>\n\t\t<\/div>\n\t<\/div>\n\t\t\t\t\t\t\t<br style=\"clear: both\" \/>\n\t\t\t\n\t<div id=\"ngg-image-13496\" class=\"ngg-gallery-thumbnail-box\" style=\"width:33%;\" >\n\t\t<div class=\"ngg-gallery-thumbnail\" >\n\t\t\t<a href=\"https:\/\/wernerdeck.de\/blog\/wp-content\/gallery\/eichenpark\/ivenacker-eichen-naturdenkmal-12.jpg\"\n\t\t\t\ttitle=\" \"\n\t\t\t\tclass=\"ngg-simplelightbox\" rel=\"d5f2f5ec2ce5b2c781c4967131ba30ec\" data-image-id=\"13496\" data-src=\"https:\/\/wernerdeck.de\/blog\/wp-content\/gallery\/eichenpark\/ivenacker-eichen-naturdenkmal-12.jpg\" data-thumbnail=\"https:\/\/wernerdeck.de\/blog\/wp-content\/gallery\/eichenpark\/thumbs\/thumbs_ivenacker-eichen-naturdenkmal-12.jpg\" data-title=\"Historischer \u00dcberblick zur tausendj\u00e4hrigen Ivenacker Eiche\" data-description=\" \" >\n\t\t\t\t\t\t\t\t<img title=\"Historischer \u00dcberblick zur tausendj\u00e4hrigen Ivenacker Eiche\" alt=\"Historischer \u00dcberblick zur tausendj\u00e4hrigen Ivenacker Eiche\" src=\"https:\/\/wernerdeck.de\/blog\/wp-content\/gallery\/eichenpark\/thumbs\/thumbs_ivenacker-eichen-naturdenkmal-12.jpg\" width='240' height='160' \/>\n\t\t\t\t\t\t\t<\/a>\n\t\t\t<span>\n\t\t\t \t\t\t<\/span>\n\t\t<\/div>\n\t<\/div>\n\t\t\t\t\t\t\t\t\n\t<div id=\"ngg-image-13495\" class=\"ngg-gallery-thumbnail-box\" style=\"width:33%;\" >\n\t\t<div class=\"ngg-gallery-thumbnail\" >\n\t\t\t<a href=\"https:\/\/wernerdeck.de\/blog\/wp-content\/gallery\/eichenpark\/ivenacker-eichen-naturdenkmal-04.jpg\"\n\t\t\t\ttitle=\" \"\n\t\t\t\tclass=\"ngg-simplelightbox\" rel=\"d5f2f5ec2ce5b2c781c4967131ba30ec\" data-image-id=\"13495\" data-src=\"https:\/\/wernerdeck.de\/blog\/wp-content\/gallery\/eichenpark\/ivenacker-eichen-naturdenkmal-04.jpg\" data-thumbnail=\"https:\/\/wernerdeck.de\/blog\/wp-content\/gallery\/eichenpark\/thumbs\/thumbs_ivenacker-eichen-naturdenkmal-04.jpg\" data-title=\"Infotafel zur Pferdekopfeiche im Ivenacker Hutewald\" data-description=\" \" >\n\t\t\t\t\t\t\t\t<img title=\"Infotafel zur Pferdekopfeiche im Ivenacker Hutewald\" alt=\"Infotafel zur Pferdekopfeiche im Ivenacker Hutewald\" src=\"https:\/\/wernerdeck.de\/blog\/wp-content\/gallery\/eichenpark\/thumbs\/thumbs_ivenacker-eichen-naturdenkmal-04.jpg\" width='240' height='160' \/>\n\t\t\t\t\t\t\t<\/a>\n\t\t\t<span>\n\t\t\t \t\t\t<\/span>\n\t\t<\/div>\n\t<\/div>\n\t\t\t\t\t\t\t\t\n\t<div id=\"ngg-image-13500\" class=\"ngg-gallery-thumbnail-box\" style=\"width:33%;\" >\n\t\t<div class=\"ngg-gallery-thumbnail\" >\n\t\t\t<a href=\"https:\/\/wernerdeck.de\/blog\/wp-content\/gallery\/eichenpark\/ivenacker-eichen-naturdenkmal-06.jpg\"\n\t\t\t\ttitle=\" \"\n\t\t\t\tclass=\"ngg-simplelightbox\" rel=\"d5f2f5ec2ce5b2c781c4967131ba30ec\" data-image-id=\"13500\" data-src=\"https:\/\/wernerdeck.de\/blog\/wp-content\/gallery\/eichenpark\/ivenacker-eichen-naturdenkmal-06.jpg\" data-thumbnail=\"https:\/\/wernerdeck.de\/blog\/wp-content\/gallery\/eichenpark\/thumbs\/thumbs_ivenacker-eichen-naturdenkmal-06.jpg\" data-title=\"Die Pferdekopfeiche \u2013 markante alte 800 Jahre alte Eiche im Ivenacker Eichenpark\" data-description=\" \" >\n\t\t\t\t\t\t\t\t<img title=\"Die Pferdekopfeiche \u2013 markante alte 800 Jahre alte Eiche im Ivenacker Eichenpark\" alt=\"Die Pferdekopfeiche \u2013 markante alte 800 Jahre alte Eiche im Ivenacker Eichenpark\" src=\"https:\/\/wernerdeck.de\/blog\/wp-content\/gallery\/eichenpark\/thumbs\/thumbs_ivenacker-eichen-naturdenkmal-06.jpg\" width='240' height='160' \/>\n\t\t\t\t\t\t\t<\/a>\n\t\t\t<span>\n\t\t\t \t\t\t<\/span>\n\t\t<\/div>\n\t<\/div>\n\t\t\t\t\t\t\t<br style=\"clear: both\" \/>\n\t\t\t\n\t<!-- Pagination -->\n\t\t<div class='ngg-clear'><\/div>\t\n<\/div>\n\n\t<span style=\"font-weight: 400;\">Entlang des <\/span><b>Ivenacker Sees<\/b><span style=\"font-weight: 400;\"> kamen wir wenig sp\u00e4ter zum <\/span><b>Barock-Schloss Ivenack<\/b><span style=\"font-weight: 400;\"> und der dazugeh\u00f6rigen <\/span><b>Schlosskirche<\/b><span style=\"font-weight: 400;\">. Die Fassade des Schlosses ist deutlich in die Jahre gekommen, wird aber derzeit saniert.<\/span><\/p>\n<h3 data-start=\"233\" data-end=\"291\">\ud83c\udff0 <strong data-start=\"240\" data-end=\"291\">Schloss Ivenack mit Schlosskirche \u2013 Barockresidenz mit Geschichte<\/strong><\/h3>\n<p data-start=\"293\" data-end=\"617\">Das <a href=\"https:\/\/schlossivenack.de\/\" target=\"_blank\" rel=\"noopener\"><strong data-start=\"297\" data-end=\"316\">Schloss Ivenack<\/strong><\/a> im gleichnamigen Ort in Mecklenburg-Vorpommern geht auf eine \u00e4ltere Gutsanlage zur\u00fcck. In seiner heutigen Form wurde es ab <strong data-start=\"450\" data-end=\"458\">1709<\/strong> als barockes Herrenhaus erbaut, unter Einbeziehung \u00e4lterer Geb\u00e4udeteile. Auftraggeber war die Adelsfamilie <strong data-start=\"566\" data-end=\"582\">von Maltzahn<\/strong>, die lange Zeit die Region pr\u00e4gte.<\/p>\n<p data-start=\"619\" data-end=\"953\">Das zweifl\u00fcgelige Schloss war Mittelpunkt eines weitl\u00e4ufigen Ensembles aus Gutshof, Park und Eichenwald. Besonders bemerkenswert ist der angrenzende <strong data-start=\"768\" data-end=\"787\">Landschaftspark<\/strong>, der ab dem 18. Jahrhundert gestaltet wurde und heute die ber\u00fchmten <strong data-start=\"856\" data-end=\"876\">Ivenacker Eichen<\/strong> beherbergt \u2013 darunter die tausendj\u00e4hrige Eiche, eine der \u00e4ltesten in Europa. Nach Enteignung und Vernachl\u00e4ssigung in der DDR-Zeit verfiel das Geb\u00e4ude zusehends. Seit einigen Jahren wird das Schloss privat saniert und ist aktuell nur von au\u00dfen zug\u00e4nglich.<\/p>\n<p data-start=\"1201\" data-end=\"1464\">Direkt neben dem Schloss steht die <strong data-start=\"1236\" data-end=\"1261\">Schlosskirche Ivenack<\/strong>, die um <strong data-start=\"1270\" data-end=\"1278\">1730<\/strong> im Stil des norddeutschen Barocks errichtet wurde. Sie diente urspr\u00fcnglich als <strong data-start=\"1358\" data-end=\"1386\">Guts- und Familienkirche<\/strong> f\u00fcr die von Maltzahns und ist eng mit der Geschichte des Schlosses verbunden.<\/p>\n<p data-start=\"1466\" data-end=\"1700\">Besonders auff\u00e4llig ist der schlichte, rechteckige Bauk\u00f6rper mit Dachreiter und die klassizistische Ausstattung im Inneren. Heute wird die Kirche gelegentlich f\u00fcr Veranstaltungen und Konzerte genutzt und steht unter <strong data-start=\"1682\" data-end=\"1699\">Denkmalschutz<\/strong>.<\/p>\n<p>\n<div class=\"ngg-galleryoverview ngg-template-caption\" id=\"ngg-gallery-867ba9de014b10d4c69ddc7b6808b4f9-28086\">\n\n\t\t\n\t<!-- Thumbnails -->\n\t\t\t\t\t\n\t<div id=\"ngg-image-13502\" class=\"ngg-gallery-thumbnail-box\" style=\"width:20%;\" >\n\t\t<div class=\"ngg-gallery-thumbnail\" >\n\t\t\t<a href=\"https:\/\/wernerdeck.de\/blog\/wp-content\/gallery\/schloss-ivenack\/ivenack-schloss-und-kirche-18.jpg\"\n\t\t\t\ttitle=\" \"\n\t\t\t\tclass=\"ngg-simplelightbox\" rel=\"867ba9de014b10d4c69ddc7b6808b4f9\" data-image-id=\"13502\" data-src=\"https:\/\/wernerdeck.de\/blog\/wp-content\/gallery\/schloss-ivenack\/ivenack-schloss-und-kirche-18.jpg\" data-thumbnail=\"https:\/\/wernerdeck.de\/blog\/wp-content\/gallery\/schloss-ivenack\/thumbs\/thumbs_ivenack-schloss-und-kirche-18.jpg\" data-title=\"Informationstafel zum Schlosses Ivenack\" data-description=\" \" >\n\t\t\t\t\t\t\t\t<img title=\"Informationstafel zum Schlosses Ivenack\" alt=\"Informationstafel zum Schlosses Ivenack\" src=\"https:\/\/wernerdeck.de\/blog\/wp-content\/gallery\/schloss-ivenack\/thumbs\/thumbs_ivenack-schloss-und-kirche-18.jpg\" width='240' height='160' \/>\n\t\t\t\t\t\t\t<\/a>\n\t\t\t<span>\n\t\t\t \t\t\t<\/span>\n\t\t<\/div>\n\t<\/div>\n\t\t\t\t\t\t\t\t\n\t<div id=\"ngg-image-13503\" class=\"ngg-gallery-thumbnail-box\" style=\"width:20%;\" >\n\t\t<div class=\"ngg-gallery-thumbnail\" >\n\t\t\t<a href=\"https:\/\/wernerdeck.de\/blog\/wp-content\/gallery\/schloss-ivenack\/ivenack-schloss-und-kirche-12.jpg\"\n\t\t\t\ttitle=\" \"\n\t\t\t\tclass=\"ngg-simplelightbox\" rel=\"867ba9de014b10d4c69ddc7b6808b4f9\" data-image-id=\"13503\" data-src=\"https:\/\/wernerdeck.de\/blog\/wp-content\/gallery\/schloss-ivenack\/ivenack-schloss-und-kirche-12.jpg\" data-thumbnail=\"https:\/\/wernerdeck.de\/blog\/wp-content\/gallery\/schloss-ivenack\/thumbs\/thumbs_ivenack-schloss-und-kirche-12.jpg\" data-title=\"Frontansicht des Schlosses Ivenack \u2013 Sanierungsbed\u00fcrftiger Bau in Mecklenburg\" data-description=\" \" >\n\t\t\t\t\t\t\t\t<img title=\"Frontansicht des Schlosses Ivenack \u2013 Sanierungsbed\u00fcrftiger Bau in Mecklenburg\" alt=\"Frontansicht des Schlosses Ivenack \u2013 Sanierungsbed\u00fcrftiger Bau in Mecklenburg\" src=\"https:\/\/wernerdeck.de\/blog\/wp-content\/gallery\/schloss-ivenack\/thumbs\/thumbs_ivenack-schloss-und-kirche-12.jpg\" width='240' height='160' \/>\n\t\t\t\t\t\t\t<\/a>\n\t\t\t<span>\n\t\t\t \t\t\t<\/span>\n\t\t<\/div>\n\t<\/div>\n\t\t\t\t\t\t\t\t\n\t<div id=\"ngg-image-13504\" class=\"ngg-gallery-thumbnail-box\" style=\"width:20%;\" >\n\t\t<div class=\"ngg-gallery-thumbnail\" >\n\t\t\t<a href=\"https:\/\/wernerdeck.de\/blog\/wp-content\/gallery\/schloss-ivenack\/ivenack-schloss-und-kirche-16.jpg\"\n\t\t\t\ttitle=\" \"\n\t\t\t\tclass=\"ngg-simplelightbox\" rel=\"867ba9de014b10d4c69ddc7b6808b4f9\" data-image-id=\"13504\" data-src=\"https:\/\/wernerdeck.de\/blog\/wp-content\/gallery\/schloss-ivenack\/ivenack-schloss-und-kirche-16.jpg\" data-thumbnail=\"https:\/\/wernerdeck.de\/blog\/wp-content\/gallery\/schloss-ivenack\/thumbs\/thumbs_ivenack-schloss-und-kirche-16.jpg\" data-title=\"Barockes Schloss Ivenack mit verwitterter Fassade direkt am See\" data-description=\" \" >\n\t\t\t\t\t\t\t\t<img title=\"Barockes Schloss Ivenack mit verwitterter Fassade direkt am See\" alt=\"Barockes Schloss Ivenack mit verwitterter Fassade direkt am See\" src=\"https:\/\/wernerdeck.de\/blog\/wp-content\/gallery\/schloss-ivenack\/thumbs\/thumbs_ivenack-schloss-und-kirche-16.jpg\" width='240' height='160' \/>\n\t\t\t\t\t\t\t<\/a>\n\t\t\t<span>\n\t\t\t \t\t\t<\/span>\n\t\t<\/div>\n\t<\/div>\n\t\t\t\t\t\t\t\t\n\t<div id=\"ngg-image-13501\" class=\"ngg-gallery-thumbnail-box\" style=\"width:20%;\" >\n\t\t<div class=\"ngg-gallery-thumbnail\" >\n\t\t\t<a href=\"https:\/\/wernerdeck.de\/blog\/wp-content\/gallery\/schloss-ivenack\/ivenack-schloss-und-kirche-14.jpg\"\n\t\t\t\ttitle=\" \"\n\t\t\t\tclass=\"ngg-simplelightbox\" rel=\"867ba9de014b10d4c69ddc7b6808b4f9\" data-image-id=\"13501\" data-src=\"https:\/\/wernerdeck.de\/blog\/wp-content\/gallery\/schloss-ivenack\/ivenack-schloss-und-kirche-14.jpg\" data-thumbnail=\"https:\/\/wernerdeck.de\/blog\/wp-content\/gallery\/schloss-ivenack\/thumbs\/thumbs_ivenack-schloss-und-kirche-14.jpg\" data-title=\"Schlosskirche Ivenack \u2013 protestantischer Barockbau neben dem Schloss\" data-description=\" \" >\n\t\t\t\t\t\t\t\t<img title=\"Schlosskirche Ivenack \u2013 protestantischer Barockbau neben dem Schloss\" alt=\"Schlosskirche Ivenack \u2013 protestantischer Barockbau neben dem Schloss\" src=\"https:\/\/wernerdeck.de\/blog\/wp-content\/gallery\/schloss-ivenack\/thumbs\/thumbs_ivenack-schloss-und-kirche-14.jpg\" width='240' height='160' \/>\n\t\t\t\t\t\t\t<\/a>\n\t\t\t<span>\n\t\t\t \t\t\t<\/span>\n\t\t<\/div>\n\t<\/div>\n\t\t\t\t\t\t\t\t\n\t<div id=\"ngg-image-13505\" class=\"ngg-gallery-thumbnail-box\" style=\"width:20%;\" >\n\t\t<div class=\"ngg-gallery-thumbnail\" >\n\t\t\t<a href=\"https:\/\/wernerdeck.de\/blog\/wp-content\/gallery\/schloss-ivenack\/ivenack-schloss-und-kirche-20.jpg\"\n\t\t\t\ttitle=\" \"\n\t\t\t\tclass=\"ngg-simplelightbox\" rel=\"867ba9de014b10d4c69ddc7b6808b4f9\" data-image-id=\"13505\" data-src=\"https:\/\/wernerdeck.de\/blog\/wp-content\/gallery\/schloss-ivenack\/ivenack-schloss-und-kirche-20.jpg\" data-thumbnail=\"https:\/\/wernerdeck.de\/blog\/wp-content\/gallery\/schloss-ivenack\/thumbs\/thumbs_ivenack-schloss-und-kirche-20.jpg\" data-title=\"Ivenacker Schlosskirche mit Dachreiter im  Landschaftpark\" data-description=\" \" >\n\t\t\t\t\t\t\t\t<img title=\"Ivenacker Schlosskirche mit Dachreiter im  Landschaftpark\" alt=\"Ivenacker Schlosskirche mit Dachreiter im  Landschaftpark\" src=\"https:\/\/wernerdeck.de\/blog\/wp-content\/gallery\/schloss-ivenack\/thumbs\/thumbs_ivenack-schloss-und-kirche-20.jpg\" width='240' height='160' \/>\n\t\t\t\t\t\t\t<\/a>\n\t\t\t<span>\n\t\t\t \t\t\t<\/span>\n\t\t<\/div>\n\t<\/div>\n\t\t\t\t\t\t\t<br style=\"clear: both\" \/>\n\t\t\t\n\t<!-- Pagination -->\n\t\t<div class='ngg-clear'><\/div>\t\n<\/div>\n\n\t<span style=\"font-weight: 400;\">Durch eine lange, schnurgerade <\/span><b>Eichenallee<\/b><span style=\"font-weight: 400;\"> fuhren wir weiter zum <\/span><b>Kastorfer See<\/b><span style=\"font-weight: 400;\">. Bei sonnigem Wetter durch duftende Felder, vorbei an bunten Blumenwiesen. <\/span><\/p>\n<p>\n<div class=\"ngg-galleryoverview ngg-template-caption\" id=\"ngg-gallery-c43945042a6ba3c4b18817c53806f48d-28086\">\n\n\t\t\n\t<!-- Thumbnails -->\n\t\t\t\t\t\n\t<div id=\"ngg-image-13510\" class=\"ngg-gallery-thumbnail-box\" style=\"width:20%;\" >\n\t\t<div class=\"ngg-gallery-thumbnail\" >\n\t\t\t<a href=\"https:\/\/wernerdeck.de\/blog\/wp-content\/gallery\/eichenalle\/radtour-seenplatte-etappe3-Eichenalle-12.jpg\"\n\t\t\t\ttitle=\" \"\n\t\t\t\tclass=\"ngg-simplelightbox\" rel=\"c43945042a6ba3c4b18817c53806f48d\" data-image-id=\"13510\" data-src=\"https:\/\/wernerdeck.de\/blog\/wp-content\/gallery\/eichenalle\/radtour-seenplatte-etappe3-Eichenalle-12.jpg\" data-thumbnail=\"https:\/\/wernerdeck.de\/blog\/wp-content\/gallery\/eichenalle\/thumbs\/thumbs_radtour-seenplatte-etappe3-Eichenalle-12.jpg\" data-title=\"Schnurgerade Eichenalle auf dem Weg zum Karstorfer See\" data-description=\" \" >\n\t\t\t\t\t\t\t\t<img title=\"Schnurgerade Eichenalle auf dem Weg zum Karstorfer See\" alt=\"Schnurgerade Eichenalle auf dem Weg zum Karstorfer See\" src=\"https:\/\/wernerdeck.de\/blog\/wp-content\/gallery\/eichenalle\/thumbs\/thumbs_radtour-seenplatte-etappe3-Eichenalle-12.jpg\" width='240' height='160' \/>\n\t\t\t\t\t\t\t<\/a>\n\t\t\t<span>\n\t\t\t \t\t\t<\/span>\n\t\t<\/div>\n\t<\/div>\n\t\t\t\t\t\t\t\t\n\t<div id=\"ngg-image-13507\" class=\"ngg-gallery-thumbnail-box\" style=\"width:20%;\" >\n\t\t<div class=\"ngg-gallery-thumbnail\" >\n\t\t\t<a href=\"https:\/\/wernerdeck.de\/blog\/wp-content\/gallery\/eichenalle\/radtour-seenplatte-etappe3-felder-und-blumenwiese-12.jpg\"\n\t\t\t\ttitle=\" \"\n\t\t\t\tclass=\"ngg-simplelightbox\" rel=\"c43945042a6ba3c4b18817c53806f48d\" data-image-id=\"13507\" data-src=\"https:\/\/wernerdeck.de\/blog\/wp-content\/gallery\/eichenalle\/radtour-seenplatte-etappe3-felder-und-blumenwiese-12.jpg\" data-thumbnail=\"https:\/\/wernerdeck.de\/blog\/wp-content\/gallery\/eichenalle\/thumbs\/thumbs_radtour-seenplatte-etappe3-felder-und-blumenwiese-12.jpg\" data-title=\"Sonnige Felder mit Wildblumen \u2013 Duft und Farben auf der Radtour\" data-description=\" \" >\n\t\t\t\t\t\t\t\t<img title=\"Sonnige Felder mit Wildblumen \u2013 Duft und Farben auf der Radtour\" alt=\"Sonnige Felder mit Wildblumen \u2013 Duft und Farben auf der Radtour\" src=\"https:\/\/wernerdeck.de\/blog\/wp-content\/gallery\/eichenalle\/thumbs\/thumbs_radtour-seenplatte-etappe3-felder-und-blumenwiese-12.jpg\" width='240' height='160' \/>\n\t\t\t\t\t\t\t<\/a>\n\t\t\t<span>\n\t\t\t \t\t\t<\/span>\n\t\t<\/div>\n\t<\/div>\n\t\t\t\t\t\t\t\t\n\t<div id=\"ngg-image-13506\" class=\"ngg-gallery-thumbnail-box\" style=\"width:20%;\" >\n\t\t<div class=\"ngg-gallery-thumbnail\" >\n\t\t\t<a href=\"https:\/\/wernerdeck.de\/blog\/wp-content\/gallery\/eichenalle\/radtour-seenplatte-etappe3-felder-und-blumenwiese-14.jpg\"\n\t\t\t\ttitle=\" \"\n\t\t\t\tclass=\"ngg-simplelightbox\" rel=\"c43945042a6ba3c4b18817c53806f48d\" data-image-id=\"13506\" data-src=\"https:\/\/wernerdeck.de\/blog\/wp-content\/gallery\/eichenalle\/radtour-seenplatte-etappe3-felder-und-blumenwiese-14.jpg\" data-thumbnail=\"https:\/\/wernerdeck.de\/blog\/wp-content\/gallery\/eichenalle\/thumbs\/thumbs_radtour-seenplatte-etappe3-felder-und-blumenwiese-14.jpg\" data-title=\"Duftende Felder unter blauem Himmel in der Mecklenburgischen Seenplatte\" data-description=\" \" >\n\t\t\t\t\t\t\t\t<img title=\"Duftende Felder unter blauem Himmel in der Mecklenburgischen Seenplatte\" alt=\"Duftende Felder unter blauem Himmel in der Mecklenburgischen Seenplatte\" src=\"https:\/\/wernerdeck.de\/blog\/wp-content\/gallery\/eichenalle\/thumbs\/thumbs_radtour-seenplatte-etappe3-felder-und-blumenwiese-14.jpg\" width='240' height='160' \/>\n\t\t\t\t\t\t\t<\/a>\n\t\t\t<span>\n\t\t\t \t\t\t<\/span>\n\t\t<\/div>\n\t<\/div>\n\t\t\t\t\t\t\t\t\n\t<div id=\"ngg-image-13508\" class=\"ngg-gallery-thumbnail-box\" style=\"width:20%;\" >\n\t\t<div class=\"ngg-gallery-thumbnail\" >\n\t\t\t<a href=\"https:\/\/wernerdeck.de\/blog\/wp-content\/gallery\/eichenalle\/radtour-seenplatte-etappe3-felder-und-blumenwiese-16.jpg\"\n\t\t\t\ttitle=\" \"\n\t\t\t\tclass=\"ngg-simplelightbox\" rel=\"c43945042a6ba3c4b18817c53806f48d\" data-image-id=\"13508\" data-src=\"https:\/\/wernerdeck.de\/blog\/wp-content\/gallery\/eichenalle\/radtour-seenplatte-etappe3-felder-und-blumenwiese-16.jpg\" data-thumbnail=\"https:\/\/wernerdeck.de\/blog\/wp-content\/gallery\/eichenalle\/thumbs\/thumbs_radtour-seenplatte-etappe3-felder-und-blumenwiese-16.jpg\" data-title=\"Goldige Infotafel zur Blumenwiese und den dort lebenden Insekten und Kleintieren\" data-description=\" \" >\n\t\t\t\t\t\t\t\t<img title=\"Goldige Infotafel zur Blumenwiese und den dort lebenden Insekten und Kleintieren\" alt=\"Goldige Infotafel zur Blumenwiese und den dort lebenden Insekten und Kleintieren\" src=\"https:\/\/wernerdeck.de\/blog\/wp-content\/gallery\/eichenalle\/thumbs\/thumbs_radtour-seenplatte-etappe3-felder-und-blumenwiese-16.jpg\" width='240' height='160' \/>\n\t\t\t\t\t\t\t<\/a>\n\t\t\t<span>\n\t\t\t \t\t\t<\/span>\n\t\t<\/div>\n\t<\/div>\n\t\t\t\t\t\t\t\t\n\t<div id=\"ngg-image-13509\" class=\"ngg-gallery-thumbnail-box\" style=\"width:20%;\" >\n\t\t<div class=\"ngg-gallery-thumbnail\" >\n\t\t\t<a href=\"https:\/\/wernerdeck.de\/blog\/wp-content\/gallery\/eichenalle\/radtour-seenplatte-etappe3-felder-und-blumenwiese-18.jpg\"\n\t\t\t\ttitle=\" \"\n\t\t\t\tclass=\"ngg-simplelightbox\" rel=\"c43945042a6ba3c4b18817c53806f48d\" data-image-id=\"13509\" data-src=\"https:\/\/wernerdeck.de\/blog\/wp-content\/gallery\/eichenalle\/radtour-seenplatte-etappe3-felder-und-blumenwiese-18.jpg\" data-thumbnail=\"https:\/\/wernerdeck.de\/blog\/wp-content\/gallery\/eichenalle\/thumbs\/thumbs_radtour-seenplatte-etappe3-felder-und-blumenwiese-18.jpg\" data-title=\"Bunte Blumenwiese  entlang unseres Radwegs\" data-description=\" \" >\n\t\t\t\t\t\t\t\t<img title=\"Bunte Blumenwiese  entlang unseres Radwegs\" alt=\"Bunte Blumenwiese  entlang unseres Radwegs\" src=\"https:\/\/wernerdeck.de\/blog\/wp-content\/gallery\/eichenalle\/thumbs\/thumbs_radtour-seenplatte-etappe3-felder-und-blumenwiese-18.jpg\" width='240' height='160' \/>\n\t\t\t\t\t\t\t<\/a>\n\t\t\t<span>\n\t\t\t \t\t\t<\/span>\n\t\t<\/div>\n\t<\/div>\n\t\t\t\t\t\t\t<br style=\"clear: both\" \/>\n\t\t\t\n\t<!-- Pagination -->\n\t\t<div class='ngg-clear'><\/div>\t\n<\/div>\n\n\t<span style=\"font-weight: 400;\">Am Ufer des Kastorfer Sees entlang, immer im Schatten der alten B\u00e4ume, genossen wir die Fahrt \u2013 bis uns ein gewaltiger umgest\u00fcrzter <\/span><b>Baumstamm<\/b><span style=\"font-weight: 400;\"> den Weg versperrte! Umkehren w\u00e4re mit 30 km Umweg verbunden gewesen. <strong>Problem!<\/strong> <\/span><\/p>\n<p><span style=\"font-weight: 400;\">Zwei Optionen: gesamtes Gep\u00e4ck von den Fahrr\u00e4dern nehmen und versuchen, die R\u00e4der \u00fcber den Baum zu hieven. Oder die R\u00e4der links die B\u00f6schung hoch durchs Unterholz schieben und um das Baumende herum wieder durchs Unterholz zur\u00fcck auf den Weg bringen. Wir entschieden uns f\u00fcr Option zwei. Also hie\u00df es: Kreativit\u00e4t, Kraft und gute Laune \u2013 und siehe da: Wir schafften es! (siehe Beweisvideo unten!)<\/span><\/p>\n\n<div class=\"ngg-galleryoverview ngg-template-caption\" id=\"ngg-gallery-ab8fbaa532575ec3455fe6fad07cf2bc-28086\">\n\n\t\t\n\t<!-- Thumbnails -->\n\t\t\t\t\t\n\t<div id=\"ngg-image-13516\" class=\"ngg-gallery-thumbnail-box\" style=\"width:20%;\" >\n\t\t<div class=\"ngg-gallery-thumbnail\" >\n\t\t\t<a href=\"https:\/\/wernerdeck.de\/blog\/wp-content\/gallery\/baum-im-weg\/kastorfer-see-radtour-ivenack-12.jpg\"\n\t\t\t\ttitle=\" \"\n\t\t\t\tclass=\"ngg-simplelightbox\" rel=\"ab8fbaa532575ec3455fe6fad07cf2bc\" data-image-id=\"13516\" data-src=\"https:\/\/wernerdeck.de\/blog\/wp-content\/gallery\/baum-im-weg\/kastorfer-see-radtour-ivenack-12.jpg\" data-thumbnail=\"https:\/\/wernerdeck.de\/blog\/wp-content\/gallery\/baum-im-weg\/thumbs\/thumbs_kastorfer-see-radtour-ivenack-12.jpg\" data-title=\"Blick vom Ufer auf den Kastorfer See bei Sonnenschein\" data-description=\" \" >\n\t\t\t\t\t\t\t\t<img title=\"Blick vom Ufer auf den Kastorfer See bei Sonnenschein\" alt=\"Blick vom Ufer auf den Kastorfer See bei Sonnenschein\" src=\"https:\/\/wernerdeck.de\/blog\/wp-content\/gallery\/baum-im-weg\/thumbs\/thumbs_kastorfer-see-radtour-ivenack-12.jpg\" width='240' height='160' \/>\n\t\t\t\t\t\t\t<\/a>\n\t\t\t<span>\n\t\t\t \t\t\t<\/span>\n\t\t<\/div>\n\t<\/div>\n\t\t\t\t\t\t\t\t\n\t<div id=\"ngg-image-13514\" class=\"ngg-gallery-thumbnail-box\" style=\"width:20%;\" >\n\t\t<div class=\"ngg-gallery-thumbnail\" >\n\t\t\t<a href=\"https:\/\/wernerdeck.de\/blog\/wp-content\/gallery\/baum-im-weg\/kastorfer-see-radtour-ivenack-14.jpg\"\n\t\t\t\ttitle=\" \"\n\t\t\t\tclass=\"ngg-simplelightbox\" rel=\"ab8fbaa532575ec3455fe6fad07cf2bc\" data-image-id=\"13514\" data-src=\"https:\/\/wernerdeck.de\/blog\/wp-content\/gallery\/baum-im-weg\/kastorfer-see-radtour-ivenack-14.jpg\" data-thumbnail=\"https:\/\/wernerdeck.de\/blog\/wp-content\/gallery\/baum-im-weg\/thumbs\/thumbs_kastorfer-see-radtour-ivenack-14.jpg\" data-title=\"Kastorfer See mit Uferbewuchs und Spiegelung im Wasser\" data-description=\" \" >\n\t\t\t\t\t\t\t\t<img title=\"Kastorfer See mit Uferbewuchs und Spiegelung im Wasser\" alt=\"Kastorfer See mit Uferbewuchs und Spiegelung im Wasser\" src=\"https:\/\/wernerdeck.de\/blog\/wp-content\/gallery\/baum-im-weg\/thumbs\/thumbs_kastorfer-see-radtour-ivenack-14.jpg\" width='240' height='160' \/>\n\t\t\t\t\t\t\t<\/a>\n\t\t\t<span>\n\t\t\t \t\t\t<\/span>\n\t\t<\/div>\n\t<\/div>\n\t\t\t\t\t\t\t\t\n\t<div id=\"ngg-image-13517\" class=\"ngg-gallery-thumbnail-box\" style=\"width:20%;\" >\n\t\t<div class=\"ngg-gallery-thumbnail\" >\n\t\t\t<a href=\"https:\/\/wernerdeck.de\/blog\/wp-content\/gallery\/baum-im-weg\/kastorfer-see-radtour-ivenack-16.jpg\"\n\t\t\t\ttitle=\" \"\n\t\t\t\tclass=\"ngg-simplelightbox\" rel=\"ab8fbaa532575ec3455fe6fad07cf2bc\" data-image-id=\"13517\" data-src=\"https:\/\/wernerdeck.de\/blog\/wp-content\/gallery\/baum-im-weg\/kastorfer-see-radtour-ivenack-16.jpg\" data-thumbnail=\"https:\/\/wernerdeck.de\/blog\/wp-content\/gallery\/baum-im-weg\/thumbs\/thumbs_kastorfer-see-radtour-ivenack-16.jpg\" data-title=\"Verhindert die Weiterfahrt. Querliegender Baum auf dem schmalen Waldweg\" data-description=\" \" >\n\t\t\t\t\t\t\t\t<img title=\"Verhindert die Weiterfahrt. Querliegender Baum auf dem schmalen Waldweg\" alt=\"Verhindert die Weiterfahrt. Querliegender Baum auf dem schmalen Waldweg\" src=\"https:\/\/wernerdeck.de\/blog\/wp-content\/gallery\/baum-im-weg\/thumbs\/thumbs_kastorfer-see-radtour-ivenack-16.jpg\" width='240' height='160' \/>\n\t\t\t\t\t\t\t<\/a>\n\t\t\t<span>\n\t\t\t \t\t\t<\/span>\n\t\t<\/div>\n\t<\/div>\n\t\t\t\t\t\t\t\t\n\t<div id=\"ngg-image-13515\" class=\"ngg-gallery-thumbnail-box\" style=\"width:20%;\" >\n\t\t<div class=\"ngg-gallery-thumbnail\" >\n\t\t\t<a href=\"https:\/\/wernerdeck.de\/blog\/wp-content\/gallery\/baum-im-weg\/kastorfer-see-radtour-ivenack-18.jpg\"\n\t\t\t\ttitle=\" \"\n\t\t\t\tclass=\"ngg-simplelightbox\" rel=\"ab8fbaa532575ec3455fe6fad07cf2bc\" data-image-id=\"13515\" data-src=\"https:\/\/wernerdeck.de\/blog\/wp-content\/gallery\/baum-im-weg\/kastorfer-see-radtour-ivenack-18.jpg\" data-thumbnail=\"https:\/\/wernerdeck.de\/blog\/wp-content\/gallery\/baum-im-weg\/thumbs\/thumbs_kastorfer-see-radtour-ivenack-18.jpg\" data-title=\"Zwei Radfahrer stehen verzweifelt und ratlos vor einem riesigen umgest\u00fcrzten Baumstamm\" data-description=\" \" >\n\t\t\t\t\t\t\t\t<img title=\"Zwei Radfahrer stehen verzweifelt und ratlos vor einem riesigen umgest\u00fcrzten Baumstamm\" alt=\"Zwei Radfahrer stehen verzweifelt und ratlos vor einem riesigen umgest\u00fcrzten Baumstamm\" src=\"https:\/\/wernerdeck.de\/blog\/wp-content\/gallery\/baum-im-weg\/thumbs\/thumbs_kastorfer-see-radtour-ivenack-18.jpg\" width='240' height='160' \/>\n\t\t\t\t\t\t\t<\/a>\n\t\t\t<span>\n\t\t\t \t\t\t<\/span>\n\t\t<\/div>\n\t<\/div>\n\t\t\t\t\t\t\t\t\n\t<div id=\"ngg-image-13518\" class=\"ngg-gallery-thumbnail-box\" style=\"width:20%;\" >\n\t\t<div class=\"ngg-gallery-thumbnail\" >\n\t\t\t<a href=\"https:\/\/wernerdeck.de\/blog\/wp-content\/gallery\/baum-im-weg\/kastorfer-see-radtour-ivenack-20.jpg\"\n\t\t\t\ttitle=\" \"\n\t\t\t\tclass=\"ngg-simplelightbox\" rel=\"ab8fbaa532575ec3455fe6fad07cf2bc\" data-image-id=\"13518\" data-src=\"https:\/\/wernerdeck.de\/blog\/wp-content\/gallery\/baum-im-weg\/kastorfer-see-radtour-ivenack-20.jpg\" data-thumbnail=\"https:\/\/wernerdeck.de\/blog\/wp-content\/gallery\/baum-im-weg\/thumbs\/thumbs_kastorfer-see-radtour-ivenack-20.jpg\" data-title=\"Die R\u00e4der schoben wir mit vereinten Kr\u00e4ften m\u00fchsam durch das dichte Dickicht\" data-description=\" \" >\n\t\t\t\t\t\t\t\t<img title=\"Die R\u00e4der schoben wir mit vereinten Kr\u00e4ften m\u00fchsam durch das dichte Dickicht\" alt=\"Die R\u00e4der schoben wir mit vereinten Kr\u00e4ften m\u00fchsam durch das dichte Dickicht\" src=\"https:\/\/wernerdeck.de\/blog\/wp-content\/gallery\/baum-im-weg\/thumbs\/thumbs_kastorfer-see-radtour-ivenack-20.jpg\" width='240' height='160' \/>\n\t\t\t\t\t\t\t<\/a>\n\t\t\t<span>\n\t\t\t \t\t\t<\/span>\n\t\t<\/div>\n\t<\/div>\n\t\t\t\t\t\t\t<br style=\"clear: both\" \/>\n\t\t\t\n\t<!-- Pagination -->\n\t\t<div class='ngg-clear'><\/div>\t\n<\/div>\n\n\t\n<p style=\"text-align: center;\"><strong>Das Beweisvideo unserer Anstrengungen!<\/strong><\/p>\n<p><iframe loading=\"lazy\" hcb-fetch-image-from=\"https:\/\/youtu.be\/YX2uw_Y39hk\" title=\"Radtour \u2013 un\u00fcberwindbarer Baumstamm \u00fcber dem Weg #mecklenburgvorpommern #radtouren #radtour\" width=\"1200\" height=\"675\" src=\"https:\/\/www.youtube.com\/embed\/YX2uw_Y39hk?feature=oembed\" frameborder=\"0\" allow=\"accelerometer; autoplay; clipboard-write; encrypted-media; gyroscope; picture-in-picture; web-share\" referrerpolicy=\"strict-origin-when-cross-origin\" allowfullscreen><\/iframe><\/p>\n<p><span style=\"font-weight: 400;\">Der weitere Weg f\u00fchrte \u00fcber Felder und bl\u00fchende Wiesen. Doch mein <\/span><b>Akkustand<\/b><span style=\"font-weight: 400;\"> wurde bedrohlich niedrig. Ohne Unterst\u00fctzung und mit Steigungen vor mir wurde es richtig anstrengend. Eine <a href=\"https:\/\/www.oil-tankstellen.de\/tankstellen-tankstationen\/tankstellenfinder-kraftstoffpreise-benzinpreise\/tankstelle\/stavenhagener-str-33-17033-neubrandenburg-weitin\/\" target=\"_blank\" rel=\"noopener\">OIL! Tankstelle,<\/a><\/span><span style=\"font-weight: 400;\"> rund 6 km vor dem Ziel, rettete mich: drei Cola, Strom f\u00fcr den Akku \u2013 und weiter ging\u2019s. Nochmals vielen Dank!<\/span><\/p>\n<p>\n<div class=\"ngg-galleryoverview ngg-template-caption\" id=\"ngg-gallery-d3267095e00af26ddf7d52980cddeaa4-28086\">\n\n\t\t\n\t<!-- Thumbnails -->\n\t\t\t\t\t\n\t<div id=\"ngg-image-13526\" class=\"ngg-gallery-thumbnail-box\" style=\"width:25%;\" >\n\t\t<div class=\"ngg-gallery-thumbnail\" >\n\t\t\t<a href=\"https:\/\/wernerdeck.de\/blog\/wp-content\/gallery\/strom-tankstelle\/kastorfer-see-radtour-ivenack-baum-geschafft.jpg\"\n\t\t\t\ttitle=\" \"\n\t\t\t\tclass=\"ngg-simplelightbox\" rel=\"d3267095e00af26ddf7d52980cddeaa4\" data-image-id=\"13526\" data-src=\"https:\/\/wernerdeck.de\/blog\/wp-content\/gallery\/strom-tankstelle\/kastorfer-see-radtour-ivenack-baum-geschafft.jpg\" data-thumbnail=\"https:\/\/wernerdeck.de\/blog\/wp-content\/gallery\/strom-tankstelle\/thumbs\/thumbs_kastorfer-see-radtour-ivenack-baum-geschafft.jpg\" data-title=\"Strahlen ist angesagt - Baumstamm \u00fcberwunden am Kastorfer See\" data-description=\" \" >\n\t\t\t\t\t\t\t\t<img title=\"Strahlen ist angesagt - Baumstamm \u00fcberwunden am Kastorfer See\" alt=\"Strahlen ist angesagt - Baumstamm \u00fcberwunden am Kastorfer See\" src=\"https:\/\/wernerdeck.de\/blog\/wp-content\/gallery\/strom-tankstelle\/thumbs\/thumbs_kastorfer-see-radtour-ivenack-baum-geschafft.jpg\" width='240' height='160' \/>\n\t\t\t\t\t\t\t<\/a>\n\t\t\t<span>\n\t\t\t \t\t\t<\/span>\n\t\t<\/div>\n\t<\/div>\n\t\t\t\t\t\t\t\t\n\t<div id=\"ngg-image-13525\" class=\"ngg-gallery-thumbnail-box\" style=\"width:25%;\" >\n\t\t<div class=\"ngg-gallery-thumbnail\" >\n\t\t\t<a href=\"https:\/\/wernerdeck.de\/blog\/wp-content\/gallery\/strom-tankstelle\/radpanne-kastorfer-see-akku-02.jpg\"\n\t\t\t\ttitle=\" \"\n\t\t\t\tclass=\"ngg-simplelightbox\" rel=\"d3267095e00af26ddf7d52980cddeaa4\" data-image-id=\"13525\" data-src=\"https:\/\/wernerdeck.de\/blog\/wp-content\/gallery\/strom-tankstelle\/radpanne-kastorfer-see-akku-02.jpg\" data-thumbnail=\"https:\/\/wernerdeck.de\/blog\/wp-content\/gallery\/strom-tankstelle\/thumbs\/thumbs_radpanne-kastorfer-see-akku-02.jpg\" data-title=\"Abschiedsfoto am Ufer des Kastorfer Sees bei Sonnenuntergang\" data-description=\" \" >\n\t\t\t\t\t\t\t\t<img title=\"Abschiedsfoto am Ufer des Kastorfer Sees bei Sonnenuntergang\" alt=\"Abschiedsfoto am Ufer des Kastorfer Sees bei Sonnenuntergang\" src=\"https:\/\/wernerdeck.de\/blog\/wp-content\/gallery\/strom-tankstelle\/thumbs\/thumbs_radpanne-kastorfer-see-akku-02.jpg\" width='240' height='160' \/>\n\t\t\t\t\t\t\t<\/a>\n\t\t\t<span>\n\t\t\t \t\t\t<\/span>\n\t\t<\/div>\n\t<\/div>\n\t\t\t\t\t\t\t\t\n\t<div id=\"ngg-image-13522\" class=\"ngg-gallery-thumbnail-box\" style=\"width:25%;\" >\n\t\t<div class=\"ngg-gallery-thumbnail\" >\n\t\t\t<a href=\"https:\/\/wernerdeck.de\/blog\/wp-content\/gallery\/strom-tankstelle\/radpanne-kastorfer-see-akku-04.jpg\"\n\t\t\t\ttitle=\" \"\n\t\t\t\tclass=\"ngg-simplelightbox\" rel=\"d3267095e00af26ddf7d52980cddeaa4\" data-image-id=\"13522\" data-src=\"https:\/\/wernerdeck.de\/blog\/wp-content\/gallery\/strom-tankstelle\/radpanne-kastorfer-see-akku-04.jpg\" data-thumbnail=\"https:\/\/wernerdeck.de\/blog\/wp-content\/gallery\/strom-tankstelle\/thumbs\/thumbs_radpanne-kastorfer-see-akku-04.jpg\" data-title=\"Display zeigt meinen fast leeren E-Bike-Akku\" data-description=\" \" >\n\t\t\t\t\t\t\t\t<img title=\"Display zeigt meinen fast leeren E-Bike-Akku\" alt=\"Display zeigt meinen fast leeren E-Bike-Akku\" src=\"https:\/\/wernerdeck.de\/blog\/wp-content\/gallery\/strom-tankstelle\/thumbs\/thumbs_radpanne-kastorfer-see-akku-04.jpg\" width='240' height='160' \/>\n\t\t\t\t\t\t\t<\/a>\n\t\t\t<span>\n\t\t\t \t\t\t<\/span>\n\t\t<\/div>\n\t<\/div>\n\t\t\t\t\t\t\t\t\n\t<div id=\"ngg-image-13523\" class=\"ngg-gallery-thumbnail-box\" style=\"width:25%;\" >\n\t\t<div class=\"ngg-gallery-thumbnail\" >\n\t\t\t<a href=\"https:\/\/wernerdeck.de\/blog\/wp-content\/gallery\/strom-tankstelle\/radpanne-kastorfer-see-akku-06.jpg\"\n\t\t\t\ttitle=\" \"\n\t\t\t\tclass=\"ngg-simplelightbox\" rel=\"d3267095e00af26ddf7d52980cddeaa4\" data-image-id=\"13523\" data-src=\"https:\/\/wernerdeck.de\/blog\/wp-content\/gallery\/strom-tankstelle\/radpanne-kastorfer-see-akku-06.jpg\" data-thumbnail=\"https:\/\/wernerdeck.de\/blog\/wp-content\/gallery\/strom-tankstelle\/thumbs\/thumbs_radpanne-kastorfer-see-akku-06.jpg\" data-title=\"E-Bike mit entnommenem Akku vor der OIL! Tankstelle\" data-description=\" \" >\n\t\t\t\t\t\t\t\t<img title=\"E-Bike mit entnommenem Akku vor der OIL! Tankstelle\" alt=\"E-Bike mit entnommenem Akku vor der OIL! Tankstelle\" src=\"https:\/\/wernerdeck.de\/blog\/wp-content\/gallery\/strom-tankstelle\/thumbs\/thumbs_radpanne-kastorfer-see-akku-06.jpg\" width='240' height='160' \/>\n\t\t\t\t\t\t\t<\/a>\n\t\t\t<span>\n\t\t\t \t\t\t<\/span>\n\t\t<\/div>\n\t<\/div>\n\t\t\t\t\t\t\t<br style=\"clear: both\" \/>\n\t\t\t\n\t<div id=\"ngg-image-13521\" class=\"ngg-gallery-thumbnail-box\" style=\"width:25%;\" >\n\t\t<div class=\"ngg-gallery-thumbnail\" >\n\t\t\t<a href=\"https:\/\/wernerdeck.de\/blog\/wp-content\/gallery\/strom-tankstelle\/radpanne-kastorfer-see-akku-08.jpg\"\n\t\t\t\ttitle=\" \"\n\t\t\t\tclass=\"ngg-simplelightbox\" rel=\"d3267095e00af26ddf7d52980cddeaa4\" data-image-id=\"13521\" data-src=\"https:\/\/wernerdeck.de\/blog\/wp-content\/gallery\/strom-tankstelle\/radpanne-kastorfer-see-akku-08.jpg\" data-thumbnail=\"https:\/\/wernerdeck.de\/blog\/wp-content\/gallery\/strom-tankstelle\/thumbs\/thumbs_radpanne-kastorfer-see-akku-08.jpg\" data-title=\"Fahrrad vor OIL! Tankstelle geparkt\" data-description=\" \" >\n\t\t\t\t\t\t\t\t<img title=\"Fahrrad vor OIL! Tankstelle geparkt\" alt=\"Fahrrad vor OIL! Tankstelle geparkt\" src=\"https:\/\/wernerdeck.de\/blog\/wp-content\/gallery\/strom-tankstelle\/thumbs\/thumbs_radpanne-kastorfer-see-akku-08.jpg\" width='240' height='160' \/>\n\t\t\t\t\t\t\t<\/a>\n\t\t\t<span>\n\t\t\t \t\t\t<\/span>\n\t\t<\/div>\n\t<\/div>\n\t\t\t\t\t\t\t\t\n\t<div id=\"ngg-image-13520\" class=\"ngg-gallery-thumbnail-box\" style=\"width:25%;\" >\n\t\t<div class=\"ngg-gallery-thumbnail\" >\n\t\t\t<a href=\"https:\/\/wernerdeck.de\/blog\/wp-content\/gallery\/strom-tankstelle\/radpanne-kastorfer-see-akku-10.jpg\"\n\t\t\t\ttitle=\" \"\n\t\t\t\tclass=\"ngg-simplelightbox\" rel=\"d3267095e00af26ddf7d52980cddeaa4\" data-image-id=\"13520\" data-src=\"https:\/\/wernerdeck.de\/blog\/wp-content\/gallery\/strom-tankstelle\/radpanne-kastorfer-see-akku-10.jpg\" data-thumbnail=\"https:\/\/wernerdeck.de\/blog\/wp-content\/gallery\/strom-tankstelle\/thumbs\/thumbs_radpanne-kastorfer-see-akku-10.jpg\" data-title=\"Radfahrer ersch\u00f6pft vor der Tankstelle\" data-description=\" \" >\n\t\t\t\t\t\t\t\t<img title=\"Radfahrer ersch\u00f6pft vor der Tankstelle\" alt=\"Radfahrer ersch\u00f6pft vor der Tankstelle\" src=\"https:\/\/wernerdeck.de\/blog\/wp-content\/gallery\/strom-tankstelle\/thumbs\/thumbs_radpanne-kastorfer-see-akku-10.jpg\" width='240' height='160' \/>\n\t\t\t\t\t\t\t<\/a>\n\t\t\t<span>\n\t\t\t \t\t\t<\/span>\n\t\t<\/div>\n\t<\/div>\n\t\t\t\t\t\t\t\t\n\t<div id=\"ngg-image-13524\" class=\"ngg-gallery-thumbnail-box\" style=\"width:25%;\" >\n\t\t<div class=\"ngg-gallery-thumbnail\" >\n\t\t\t<a href=\"https:\/\/wernerdeck.de\/blog\/wp-content\/gallery\/strom-tankstelle\/radpanne-kastorfer-see-akku-12.jpg\"\n\t\t\t\ttitle=\" \"\n\t\t\t\tclass=\"ngg-simplelightbox\" rel=\"d3267095e00af26ddf7d52980cddeaa4\" data-image-id=\"13524\" data-src=\"https:\/\/wernerdeck.de\/blog\/wp-content\/gallery\/strom-tankstelle\/radpanne-kastorfer-see-akku-12.jpg\" data-thumbnail=\"https:\/\/wernerdeck.de\/blog\/wp-content\/gallery\/strom-tankstelle\/thumbs\/thumbs_radpanne-kastorfer-see-akku-12.jpg\" data-title=\"Geduldiger Erich wartet vor der Tankstelle mit Fahrrad\" data-description=\" \" >\n\t\t\t\t\t\t\t\t<img title=\"Geduldiger Erich wartet vor der Tankstelle mit Fahrrad\" alt=\"Geduldiger Erich wartet vor der Tankstelle mit Fahrrad\" src=\"https:\/\/wernerdeck.de\/blog\/wp-content\/gallery\/strom-tankstelle\/thumbs\/thumbs_radpanne-kastorfer-see-akku-12.jpg\" width='240' height='160' \/>\n\t\t\t\t\t\t\t<\/a>\n\t\t\t<span>\n\t\t\t \t\t\t<\/span>\n\t\t<\/div>\n\t<\/div>\n\t\t\t\t\t\t\t\t\n\t<div id=\"ngg-image-13519\" class=\"ngg-gallery-thumbnail-box\" style=\"width:25%;\" >\n\t\t<div class=\"ngg-gallery-thumbnail\" >\n\t\t\t<a href=\"https:\/\/wernerdeck.de\/blog\/wp-content\/gallery\/strom-tankstelle\/radpanne-kastorfer-see-akku-14.jpg\"\n\t\t\t\ttitle=\" \"\n\t\t\t\tclass=\"ngg-simplelightbox\" rel=\"d3267095e00af26ddf7d52980cddeaa4\" data-image-id=\"13519\" data-src=\"https:\/\/wernerdeck.de\/blog\/wp-content\/gallery\/strom-tankstelle\/radpanne-kastorfer-see-akku-14.jpg\" data-thumbnail=\"https:\/\/wernerdeck.de\/blog\/wp-content\/gallery\/strom-tankstelle\/thumbs\/thumbs_radpanne-kastorfer-see-akku-14.jpg\" data-title=\"E-Bike-Akku steckt in Tankstelle an Steckdose zum Laden\" data-description=\" \" >\n\t\t\t\t\t\t\t\t<img title=\"E-Bike-Akku steckt in Tankstelle an Steckdose zum Laden\" alt=\"E-Bike-Akku steckt in Tankstelle an Steckdose zum Laden\" src=\"https:\/\/wernerdeck.de\/blog\/wp-content\/gallery\/strom-tankstelle\/thumbs\/thumbs_radpanne-kastorfer-see-akku-14.jpg\" width='240' height='160' \/>\n\t\t\t\t\t\t\t<\/a>\n\t\t\t<span>\n\t\t\t \t\t\t<\/span>\n\t\t<\/div>\n\t<\/div>\n\t\t\t\t\t\t\t<br style=\"clear: both\" \/>\n\t\t\t\n\t<!-- Pagination -->\n\t\t<div class='ngg-clear'><\/div>\t\n<\/div>\n\n\t<span style=\"font-weight: 400;\">Gegen 18:30 Uhr rollten wir in <\/span><b>Neubrandenburg<\/b><span style=\"font-weight: 400;\"> ein. Bevor wir ins Hotel gingen, schauten wir uns noch das <\/span><b>Treptower Tor<\/b><span style=\"font-weight: 400;\"> und das <\/span><b>Stargarder Tor<\/b><span style=\"font-weight: 400;\"> an \u2013 eindrucksvolle Zeugen der mittelalterlichen Stadtbefestigung.<\/span><\/p>\n<h3 data-start=\"242\" data-end=\"285\">\ud83c\udff0 <strong data-start=\"249\" data-end=\"283\">Treptower Tor (erbaut um 1300)<\/strong><\/h3>\n<p data-start=\"286\" data-end=\"705\">Das Treptower Tor ist das imposanteste der vier erhaltenen mittelalterlichen Stadttore Neubrandenburgs. Es entstand um 1300 und gilt als eines der bedeutendsten <strong data-start=\"447\" data-end=\"491\">Backsteingotik-Bauwerke Norddeutschlands<\/strong>. Der mehrgeschossige Torturm mit Ziergiebeln und Spitzbogenfenstern war fr\u00fcher Teil der Wehranlage der Stadt. Heute beherbergt das Tor das <strong data-start=\"631\" data-end=\"664\">Regionalmuseum Neubrandenburg<\/strong>, das die Stadtgeschichte lebendig macht.<\/p>\n\n<div class=\"ngg-galleryoverview ngg-template-caption\" id=\"ngg-gallery-68b612639ab847c058f473d3a30c13e5-28086\">\n\n\t\t\n\t<!-- Thumbnails -->\n\t\t\t\t\t\n\t<div id=\"ngg-image-13528\" class=\"ngg-gallery-thumbnail-box\" style=\"width:33%;\" >\n\t\t<div class=\"ngg-gallery-thumbnail\" >\n\t\t\t<a href=\"https:\/\/wernerdeck.de\/blog\/wp-content\/gallery\/treptow\/neubrandenburg-treptower-tor-radtour-12.jpg\"\n\t\t\t\ttitle=\" \"\n\t\t\t\tclass=\"ngg-simplelightbox\" rel=\"68b612639ab847c058f473d3a30c13e5\" data-image-id=\"13528\" data-src=\"https:\/\/wernerdeck.de\/blog\/wp-content\/gallery\/treptow\/neubrandenburg-treptower-tor-radtour-12.jpg\" data-thumbnail=\"https:\/\/wernerdeck.de\/blog\/wp-content\/gallery\/treptow\/thumbs\/thumbs_neubrandenburg-treptower-tor-radtour-12.jpg\" data-title=\"Wir bei der Einfahrt nach Neubrandenburg\" data-description=\" \" >\n\t\t\t\t\t\t\t\t<img title=\"Wir bei der Einfahrt nach Neubrandenburg\" alt=\"Wir bei der Einfahrt nach Neubrandenburg\" src=\"https:\/\/wernerdeck.de\/blog\/wp-content\/gallery\/treptow\/thumbs\/thumbs_neubrandenburg-treptower-tor-radtour-12.jpg\" width='240' height='160' \/>\n\t\t\t\t\t\t\t<\/a>\n\t\t\t<span>\n\t\t\t \t\t\t<\/span>\n\t\t<\/div>\n\t<\/div>\n\t\t\t\t\t\t\t\t\n\t<div id=\"ngg-image-13529\" class=\"ngg-gallery-thumbnail-box\" style=\"width:33%;\" >\n\t\t<div class=\"ngg-gallery-thumbnail\" >\n\t\t\t<a href=\"https:\/\/wernerdeck.de\/blog\/wp-content\/gallery\/treptow\/neubrandenburg-treptower-tor-radtour-14.jpg\"\n\t\t\t\ttitle=\" \"\n\t\t\t\tclass=\"ngg-simplelightbox\" rel=\"68b612639ab847c058f473d3a30c13e5\" data-image-id=\"13529\" data-src=\"https:\/\/wernerdeck.de\/blog\/wp-content\/gallery\/treptow\/neubrandenburg-treptower-tor-radtour-14.jpg\" data-thumbnail=\"https:\/\/wernerdeck.de\/blog\/wp-content\/gallery\/treptow\/thumbs\/thumbs_neubrandenburg-treptower-tor-radtour-14.jpg\" data-title=\" Treptower Tor in Neubrandenburg von der Stadtseite aus gesehen\" data-description=\" \" >\n\t\t\t\t\t\t\t\t<img title=\" Treptower Tor in Neubrandenburg von der Stadtseite aus gesehen\" alt=\" Treptower Tor in Neubrandenburg von der Stadtseite aus gesehen\" src=\"https:\/\/wernerdeck.de\/blog\/wp-content\/gallery\/treptow\/thumbs\/thumbs_neubrandenburg-treptower-tor-radtour-14.jpg\" width='240' height='160' \/>\n\t\t\t\t\t\t\t<\/a>\n\t\t\t<span>\n\t\t\t \t\t\t<\/span>\n\t\t<\/div>\n\t<\/div>\n\t\t\t\t\t\t\t\t\n\t<div id=\"ngg-image-13527\" class=\"ngg-gallery-thumbnail-box\" style=\"width:33%;\" >\n\t\t<div class=\"ngg-gallery-thumbnail\" >\n\t\t\t<a href=\"https:\/\/wernerdeck.de\/blog\/wp-content\/gallery\/treptow\/neubrandenburg-treptower-tor-radtour-16.jpg\"\n\t\t\t\ttitle=\" \"\n\t\t\t\tclass=\"ngg-simplelightbox\" rel=\"68b612639ab847c058f473d3a30c13e5\" data-image-id=\"13527\" data-src=\"https:\/\/wernerdeck.de\/blog\/wp-content\/gallery\/treptow\/neubrandenburg-treptower-tor-radtour-16.jpg\" data-thumbnail=\"https:\/\/wernerdeck.de\/blog\/wp-content\/gallery\/treptow\/thumbs\/thumbs_neubrandenburg-treptower-tor-radtour-16.jpg\" data-title=\"R\u00fcckseite Treptower Tor mit Zinnen am sp\u00e4ten Nachmittag\" data-description=\" \" >\n\t\t\t\t\t\t\t\t<img title=\"R\u00fcckseite Treptower Tor mit Zinnen am sp\u00e4ten Nachmittag\" alt=\"R\u00fcckseite Treptower Tor mit Zinnen am sp\u00e4ten Nachmittag\" src=\"https:\/\/wernerdeck.de\/blog\/wp-content\/gallery\/treptow\/thumbs\/thumbs_neubrandenburg-treptower-tor-radtour-16.jpg\" width='240' height='160' \/>\n\t\t\t\t\t\t\t<\/a>\n\t\t\t<span>\n\t\t\t \t\t\t<\/span>\n\t\t<\/div>\n\t<\/div>\n\t\t\t\t\t\t\t<br style=\"clear: both\" \/>\n\t\t\t\n\t<div id=\"ngg-image-13530\" class=\"ngg-gallery-thumbnail-box\" style=\"width:33%;\" >\n\t\t<div class=\"ngg-gallery-thumbnail\" >\n\t\t\t<a href=\"https:\/\/wernerdeck.de\/blog\/wp-content\/gallery\/treptow\/neubrandenburg-treptower-tor-radtour-18.jpg\"\n\t\t\t\ttitle=\" \"\n\t\t\t\tclass=\"ngg-simplelightbox\" rel=\"68b612639ab847c058f473d3a30c13e5\" data-image-id=\"13530\" data-src=\"https:\/\/wernerdeck.de\/blog\/wp-content\/gallery\/treptow\/neubrandenburg-treptower-tor-radtour-18.jpg\" data-thumbnail=\"https:\/\/wernerdeck.de\/blog\/wp-content\/gallery\/treptow\/thumbs\/thumbs_neubrandenburg-treptower-tor-radtour-18.jpg\" data-title=\"Treptower Tor von hinten\" data-description=\" \" >\n\t\t\t\t\t\t\t\t<img title=\"Treptower Tor von hinten\" alt=\"Treptower Tor von hinten\" src=\"https:\/\/wernerdeck.de\/blog\/wp-content\/gallery\/treptow\/thumbs\/thumbs_neubrandenburg-treptower-tor-radtour-18.jpg\" width='240' height='160' \/>\n\t\t\t\t\t\t\t<\/a>\n\t\t\t<span>\n\t\t\t \t\t\t<\/span>\n\t\t<\/div>\n\t<\/div>\n\t\t\t\t\t\t\t\t\n\t<div id=\"ngg-image-13532\" class=\"ngg-gallery-thumbnail-box\" style=\"width:33%;\" >\n\t\t<div class=\"ngg-gallery-thumbnail\" >\n\t\t\t<a href=\"https:\/\/wernerdeck.de\/blog\/wp-content\/gallery\/treptow\/neubrandenburg-treptower-tor-radtour-20.jpg\"\n\t\t\t\ttitle=\" \"\n\t\t\t\tclass=\"ngg-simplelightbox\" rel=\"68b612639ab847c058f473d3a30c13e5\" data-image-id=\"13532\" data-src=\"https:\/\/wernerdeck.de\/blog\/wp-content\/gallery\/treptow\/neubrandenburg-treptower-tor-radtour-20.jpg\" data-thumbnail=\"https:\/\/wernerdeck.de\/blog\/wp-content\/gallery\/treptow\/thumbs\/thumbs_neubrandenburg-treptower-tor-radtour-20.jpg\" data-title=\"Detailaufnahme der gotischen Fassade des Treptower Tors\" data-description=\" \" >\n\t\t\t\t\t\t\t\t<img title=\"Detailaufnahme der gotischen Fassade des Treptower Tors\" alt=\"Detailaufnahme der gotischen Fassade des Treptower Tors\" src=\"https:\/\/wernerdeck.de\/blog\/wp-content\/gallery\/treptow\/thumbs\/thumbs_neubrandenburg-treptower-tor-radtour-20.jpg\" width='240' height='160' \/>\n\t\t\t\t\t\t\t<\/a>\n\t\t\t<span>\n\t\t\t \t\t\t<\/span>\n\t\t<\/div>\n\t<\/div>\n\t\t\t\t\t\t\t\t\n\t<div id=\"ngg-image-13531\" class=\"ngg-gallery-thumbnail-box\" style=\"width:33%;\" >\n\t\t<div class=\"ngg-gallery-thumbnail\" >\n\t\t\t<a href=\"https:\/\/wernerdeck.de\/blog\/wp-content\/gallery\/treptow\/neubrandenburg-treptower-tor-radtour-22.jpg\"\n\t\t\t\ttitle=\" \"\n\t\t\t\tclass=\"ngg-simplelightbox\" rel=\"68b612639ab847c058f473d3a30c13e5\" data-image-id=\"13531\" data-src=\"https:\/\/wernerdeck.de\/blog\/wp-content\/gallery\/treptow\/neubrandenburg-treptower-tor-radtour-22.jpg\" data-thumbnail=\"https:\/\/wernerdeck.de\/blog\/wp-content\/gallery\/treptow\/thumbs\/thumbs_neubrandenburg-treptower-tor-radtour-22.jpg\" data-title=\"Innenhof Treptower Tor mit Durchgang nach hinten\" data-description=\" \" >\n\t\t\t\t\t\t\t\t<img title=\"Innenhof Treptower Tor mit Durchgang nach hinten\" alt=\"Innenhof Treptower Tor mit Durchgang nach hinten\" src=\"https:\/\/wernerdeck.de\/blog\/wp-content\/gallery\/treptow\/thumbs\/thumbs_neubrandenburg-treptower-tor-radtour-22.jpg\" width='240' height='160' \/>\n\t\t\t\t\t\t\t<\/a>\n\t\t\t<span>\n\t\t\t \t\t\t<\/span>\n\t\t<\/div>\n\t<\/div>\n\t\t\t\t\t\t\t<br style=\"clear: both\" \/>\n\t\t\t\n\t<!-- Pagination -->\n\t\t<div class='ngg-clear'><\/div>\t\n<\/div>\n\n\t\n<h3 data-start=\"712\" data-end=\"749\">\ud83c\udff0 <strong data-start=\"719\" data-end=\"747\">Stargarder Tor (um 1450)<\/strong><\/h3>\n<p data-start=\"750\" data-end=\"1141\">Etwa 150 Jahre j\u00fcnger ist das Stargarder Tor \u2013 ebenfalls ein gotischer Torturm, jedoch <strong data-start=\"837\" data-end=\"867\">architektonisch schlichter<\/strong>, aber mit markantem Staffelgiebel. Es diente urspr\u00fcnglich der <strong data-start=\"930\" data-end=\"971\">Verteidigung der s\u00fcdlichen Stadtseite<\/strong> und war Teil des zweiten Mauerrings. Das Tor wurde mehrfach restauriert und geh\u00f6rt wie das Treptower Tor zum UNESCO-gesch\u00fctzten Ensemble der Neubrandenburger Stadtmauer.<\/p>\n<p>\n<div class=\"ngg-galleryoverview ngg-template-caption\" id=\"ngg-gallery-52ab68a57ffd05fb833efd804d86dd7e-28086\">\n\n\t\t\n\t<!-- Thumbnails -->\n\t\t\t\t\t\n\t<div id=\"ngg-image-13535\" class=\"ngg-gallery-thumbnail-box\" style=\"width:33%;\" >\n\t\t<div class=\"ngg-gallery-thumbnail\" >\n\t\t\t<a href=\"https:\/\/wernerdeck.de\/blog\/wp-content\/gallery\/stargard\/neubrandenburg-stargarder-tor-radtour-12.jpg\"\n\t\t\t\ttitle=\" \"\n\t\t\t\tclass=\"ngg-simplelightbox\" rel=\"52ab68a57ffd05fb833efd804d86dd7e\" data-image-id=\"13535\" data-src=\"https:\/\/wernerdeck.de\/blog\/wp-content\/gallery\/stargard\/neubrandenburg-stargarder-tor-radtour-12.jpg\" data-thumbnail=\"https:\/\/wernerdeck.de\/blog\/wp-content\/gallery\/stargard\/thumbs\/thumbs_neubrandenburg-stargarder-tor-radtour-12.jpg\" data-title=\"Entlang der Stadtmauer in Richtung Stargarder Tor\" data-description=\" \" >\n\t\t\t\t\t\t\t\t<img title=\"Entlang der Stadtmauer in Richtung Stargarder Tor\" alt=\"Entlang der Stadtmauer in Richtung Stargarder Tor\" src=\"https:\/\/wernerdeck.de\/blog\/wp-content\/gallery\/stargard\/thumbs\/thumbs_neubrandenburg-stargarder-tor-radtour-12.jpg\" width='240' height='160' \/>\n\t\t\t\t\t\t\t<\/a>\n\t\t\t<span>\n\t\t\t \t\t\t<\/span>\n\t\t<\/div>\n\t<\/div>\n\t\t\t\t\t\t\t\t\n\t<div id=\"ngg-image-13534\" class=\"ngg-gallery-thumbnail-box\" style=\"width:33%;\" >\n\t\t<div class=\"ngg-gallery-thumbnail\" >\n\t\t\t<a href=\"https:\/\/wernerdeck.de\/blog\/wp-content\/gallery\/stargard\/neubrandenburg-stargarder-tor-radtour-14.jpg\"\n\t\t\t\ttitle=\" \"\n\t\t\t\tclass=\"ngg-simplelightbox\" rel=\"52ab68a57ffd05fb833efd804d86dd7e\" data-image-id=\"13534\" data-src=\"https:\/\/wernerdeck.de\/blog\/wp-content\/gallery\/stargard\/neubrandenburg-stargarder-tor-radtour-14.jpg\" data-thumbnail=\"https:\/\/wernerdeck.de\/blog\/wp-content\/gallery\/stargard\/thumbs\/thumbs_neubrandenburg-stargarder-tor-radtour-14.jpg\" data-title=\"Stargarder Tor von der Feldseite aus mit Stadtmauer\" data-description=\" \" >\n\t\t\t\t\t\t\t\t<img title=\"Stargarder Tor von der Feldseite aus mit Stadtmauer\" alt=\"Stargarder Tor von der Feldseite aus mit Stadtmauer\" src=\"https:\/\/wernerdeck.de\/blog\/wp-content\/gallery\/stargard\/thumbs\/thumbs_neubrandenburg-stargarder-tor-radtour-14.jpg\" width='240' height='160' \/>\n\t\t\t\t\t\t\t<\/a>\n\t\t\t<span>\n\t\t\t \t\t\t<\/span>\n\t\t<\/div>\n\t<\/div>\n\t\t\t\t\t\t\t\t\n\t<div id=\"ngg-image-13537\" class=\"ngg-gallery-thumbnail-box\" style=\"width:33%;\" >\n\t\t<div class=\"ngg-gallery-thumbnail\" >\n\t\t\t<a href=\"https:\/\/wernerdeck.de\/blog\/wp-content\/gallery\/stargard\/neubrandenburg-stargarder-tor-radtour-16.jpg\"\n\t\t\t\ttitle=\" \"\n\t\t\t\tclass=\"ngg-simplelightbox\" rel=\"52ab68a57ffd05fb833efd804d86dd7e\" data-image-id=\"13537\" data-src=\"https:\/\/wernerdeck.de\/blog\/wp-content\/gallery\/stargard\/neubrandenburg-stargarder-tor-radtour-16.jpg\" data-thumbnail=\"https:\/\/wernerdeck.de\/blog\/wp-content\/gallery\/stargard\/thumbs\/thumbs_neubrandenburg-stargarder-tor-radtour-16.jpg\" data-title=\"Stargarder Tor mit Blick durch den Durchgang in die Altstadt\" data-description=\" \" >\n\t\t\t\t\t\t\t\t<img title=\"Stargarder Tor mit Blick durch den Durchgang in die Altstadt\" alt=\"Stargarder Tor mit Blick durch den Durchgang in die Altstadt\" src=\"https:\/\/wernerdeck.de\/blog\/wp-content\/gallery\/stargard\/thumbs\/thumbs_neubrandenburg-stargarder-tor-radtour-16.jpg\" width='240' height='160' \/>\n\t\t\t\t\t\t\t<\/a>\n\t\t\t<span>\n\t\t\t \t\t\t<\/span>\n\t\t<\/div>\n\t<\/div>\n\t\t\t\t\t\t\t<br style=\"clear: both\" \/>\n\t\t\t\n\t<div id=\"ngg-image-13536\" class=\"ngg-gallery-thumbnail-box\" style=\"width:33%;\" >\n\t\t<div class=\"ngg-gallery-thumbnail\" >\n\t\t\t<a href=\"https:\/\/wernerdeck.de\/blog\/wp-content\/gallery\/stargard\/neubrandenburg-stargarder-tor-radtour-18.jpg\"\n\t\t\t\ttitle=\" \"\n\t\t\t\tclass=\"ngg-simplelightbox\" rel=\"52ab68a57ffd05fb833efd804d86dd7e\" data-image-id=\"13536\" data-src=\"https:\/\/wernerdeck.de\/blog\/wp-content\/gallery\/stargard\/neubrandenburg-stargarder-tor-radtour-18.jpg\" data-thumbnail=\"https:\/\/wernerdeck.de\/blog\/wp-content\/gallery\/stargard\/thumbs\/thumbs_neubrandenburg-stargarder-tor-radtour-18.jpg\" data-title=\"Innenhof Stargarder Tor mit Staffelgiebel und mittelalterlichem Mauerwerk\" data-description=\" \" >\n\t\t\t\t\t\t\t\t<img title=\"Innenhof Stargarder Tor mit Staffelgiebel und mittelalterlichem Mauerwerk\" alt=\"Innenhof Stargarder Tor mit Staffelgiebel und mittelalterlichem Mauerwerk\" src=\"https:\/\/wernerdeck.de\/blog\/wp-content\/gallery\/stargard\/thumbs\/thumbs_neubrandenburg-stargarder-tor-radtour-18.jpg\" width='240' height='160' \/>\n\t\t\t\t\t\t\t<\/a>\n\t\t\t<span>\n\t\t\t \t\t\t<\/span>\n\t\t<\/div>\n\t<\/div>\n\t\t\t\t\t\t\t\t\n\t<div id=\"ngg-image-13533\" class=\"ngg-gallery-thumbnail-box\" style=\"width:33%;\" >\n\t\t<div class=\"ngg-gallery-thumbnail\" >\n\t\t\t<a href=\"https:\/\/wernerdeck.de\/blog\/wp-content\/gallery\/stargard\/neubrandenburg-stargarder-tor-radtour-20.jpg\"\n\t\t\t\ttitle=\" \"\n\t\t\t\tclass=\"ngg-simplelightbox\" rel=\"52ab68a57ffd05fb833efd804d86dd7e\" data-image-id=\"13533\" data-src=\"https:\/\/wernerdeck.de\/blog\/wp-content\/gallery\/stargard\/neubrandenburg-stargarder-tor-radtour-20.jpg\" data-thumbnail=\"https:\/\/wernerdeck.de\/blog\/wp-content\/gallery\/stargard\/thumbs\/thumbs_neubrandenburg-stargarder-tor-radtour-20.jpg\" data-title=\"Stargarder Tor mit Pflanzen am sp\u00e4ten Nachmittag\" data-description=\" \" >\n\t\t\t\t\t\t\t\t<img title=\"Stargarder Tor mit Pflanzen am sp\u00e4ten Nachmittag\" alt=\"Stargarder Tor mit Pflanzen am sp\u00e4ten Nachmittag\" src=\"https:\/\/wernerdeck.de\/blog\/wp-content\/gallery\/stargard\/thumbs\/thumbs_neubrandenburg-stargarder-tor-radtour-20.jpg\" width='240' height='160' \/>\n\t\t\t\t\t\t\t<\/a>\n\t\t\t<span>\n\t\t\t \t\t\t<\/span>\n\t\t<\/div>\n\t<\/div>\n\t\t\t\t\t\t\t\t\n\t<!-- Pagination -->\n\t\t<div class='ngg-clear'><\/div>\t\n<\/div>\n\n\t<span style=\"font-weight: 400;\">Unser Quartier war das <\/span><b>Parkhotel Neubrandenburg<\/b><span style=\"font-weight: 400;\">. Nach Dusche und kurzer Pause lie\u00dfen wir den Abend nebenan im <\/span><b>Restaurant La Paz<\/b><span style=\"font-weight: 400;\"> mit mexikanischen Leckereien ausklingen. 92 km steckten in unseren Beinen \u2013 ein erlebnisreicher Tag ging zu Ende.<\/span><\/p>\n<p>Unsere Ankunft am <a href=\"https:\/\/www.parkhotel-nb.de\/\" target=\"_blank\" rel=\"noopener\">Parkhotel Neubrandenburg<\/a>.&nbsp;<\/p>\n<p>\n<div class=\"ngg-galleryoverview ngg-template-caption\" id=\"ngg-gallery-742061587db728fd4c3f4ce23dce8633-28086\">\n\n\t\t\n\t<!-- Thumbnails -->\n\t\t\t\t\t\n\t<div id=\"ngg-image-13540\" class=\"ngg-gallery-thumbnail-box\" style=\"width:25%;\" >\n\t\t<div class=\"ngg-gallery-thumbnail\" >\n\t\t\t<a href=\"https:\/\/wernerdeck.de\/blog\/wp-content\/gallery\/parkhotel\/neubrandenburg-parkhotel-ankunft-02.jpg\"\n\t\t\t\ttitle=\" \"\n\t\t\t\tclass=\"ngg-simplelightbox\" rel=\"742061587db728fd4c3f4ce23dce8633\" data-image-id=\"13540\" data-src=\"https:\/\/wernerdeck.de\/blog\/wp-content\/gallery\/parkhotel\/neubrandenburg-parkhotel-ankunft-02.jpg\" data-thumbnail=\"https:\/\/wernerdeck.de\/blog\/wp-content\/gallery\/parkhotel\/thumbs\/thumbs_neubrandenburg-parkhotel-ankunft-02.jpg\" data-title=\"Radfahrer bei der Ankunft vor dem Parkhotel Neubrandenburg\" data-description=\" \" >\n\t\t\t\t\t\t\t\t<img title=\"Radfahrer bei der Ankunft vor dem Parkhotel Neubrandenburg\" alt=\"Radfahrer bei der Ankunft vor dem Parkhotel Neubrandenburg\" src=\"https:\/\/wernerdeck.de\/blog\/wp-content\/gallery\/parkhotel\/thumbs\/thumbs_neubrandenburg-parkhotel-ankunft-02.jpg\" width='240' height='160' \/>\n\t\t\t\t\t\t\t<\/a>\n\t\t\t<span>\n\t\t\t \t\t\t<\/span>\n\t\t<\/div>\n\t<\/div>\n\t\t\t\t\t\t\t\t\n\t<div id=\"ngg-image-13538\" class=\"ngg-gallery-thumbnail-box\" style=\"width:25%;\" >\n\t\t<div class=\"ngg-gallery-thumbnail\" >\n\t\t\t<a href=\"https:\/\/wernerdeck.de\/blog\/wp-content\/gallery\/parkhotel\/neubrandenburg-parkhotel-ankunft-04.jpg\"\n\t\t\t\ttitle=\" \"\n\t\t\t\tclass=\"ngg-simplelightbox\" rel=\"742061587db728fd4c3f4ce23dce8633\" data-image-id=\"13538\" data-src=\"https:\/\/wernerdeck.de\/blog\/wp-content\/gallery\/parkhotel\/neubrandenburg-parkhotel-ankunft-04.jpg\" data-thumbnail=\"https:\/\/wernerdeck.de\/blog\/wp-content\/gallery\/parkhotel\/thumbs\/thumbs_neubrandenburg-parkhotel-ankunft-04.jpg\" data-title=\"Gep\u00e4ck und Fahrr\u00e4der vor dem Eingang des Parkhotels\" data-description=\" \" >\n\t\t\t\t\t\t\t\t<img title=\"Gep\u00e4ck und Fahrr\u00e4der vor dem Eingang des Parkhotels\" alt=\"Gep\u00e4ck und Fahrr\u00e4der vor dem Eingang des Parkhotels\" src=\"https:\/\/wernerdeck.de\/blog\/wp-content\/gallery\/parkhotel\/thumbs\/thumbs_neubrandenburg-parkhotel-ankunft-04.jpg\" width='240' height='160' \/>\n\t\t\t\t\t\t\t<\/a>\n\t\t\t<span>\n\t\t\t \t\t\t<\/span>\n\t\t<\/div>\n\t<\/div>\n\t\t\t\t\t\t\t\t\n\t<div id=\"ngg-image-13539\" class=\"ngg-gallery-thumbnail-box\" style=\"width:25%;\" >\n\t\t<div class=\"ngg-gallery-thumbnail\" >\n\t\t\t<a href=\"https:\/\/wernerdeck.de\/blog\/wp-content\/gallery\/parkhotel\/neubrandenburg-parkhotel-ankunft-06.jpg\"\n\t\t\t\ttitle=\" \"\n\t\t\t\tclass=\"ngg-simplelightbox\" rel=\"742061587db728fd4c3f4ce23dce8633\" data-image-id=\"13539\" data-src=\"https:\/\/wernerdeck.de\/blog\/wp-content\/gallery\/parkhotel\/neubrandenburg-parkhotel-ankunft-06.jpg\" data-thumbnail=\"https:\/\/wernerdeck.de\/blog\/wp-content\/gallery\/parkhotel\/thumbs\/thumbs_neubrandenburg-parkhotel-ankunft-06.jpg\" data-title=\"Gl\u00fcckliche Radfahrer vor dem Parkhotel in Neubrandenburg\" data-description=\" \" >\n\t\t\t\t\t\t\t\t<img title=\"Gl\u00fcckliche Radfahrer vor dem Parkhotel in Neubrandenburg\" alt=\"Gl\u00fcckliche Radfahrer vor dem Parkhotel in Neubrandenburg\" src=\"https:\/\/wernerdeck.de\/blog\/wp-content\/gallery\/parkhotel\/thumbs\/thumbs_neubrandenburg-parkhotel-ankunft-06.jpg\" width='240' height='160' \/>\n\t\t\t\t\t\t\t<\/a>\n\t\t\t<span>\n\t\t\t \t\t\t<\/span>\n\t\t<\/div>\n\t<\/div>\n\t\t\t\t\t\t\t\t\n\t<div id=\"ngg-image-13541\" class=\"ngg-gallery-thumbnail-box\" style=\"width:25%;\" >\n\t\t<div class=\"ngg-gallery-thumbnail\" >\n\t\t\t<a href=\"https:\/\/wernerdeck.de\/blog\/wp-content\/gallery\/parkhotel\/neubrandenburg-parkhotel-ankunft-10.jpg\"\n\t\t\t\ttitle=\" \"\n\t\t\t\tclass=\"ngg-simplelightbox\" rel=\"742061587db728fd4c3f4ce23dce8633\" data-image-id=\"13541\" data-src=\"https:\/\/wernerdeck.de\/blog\/wp-content\/gallery\/parkhotel\/neubrandenburg-parkhotel-ankunft-10.jpg\" data-thumbnail=\"https:\/\/wernerdeck.de\/blog\/wp-content\/gallery\/parkhotel\/thumbs\/thumbs_neubrandenburg-parkhotel-ankunft-10.jpg\" data-title=\"E-Bike wird in der Hotelgarage abgestellt\" data-description=\" \" >\n\t\t\t\t\t\t\t\t<img title=\"E-Bike wird in der Hotelgarage abgestellt\" alt=\"E-Bike wird in der Hotelgarage abgestellt\" src=\"https:\/\/wernerdeck.de\/blog\/wp-content\/gallery\/parkhotel\/thumbs\/thumbs_neubrandenburg-parkhotel-ankunft-10.jpg\" width='240' height='160' \/>\n\t\t\t\t\t\t\t<\/a>\n\t\t\t<span>\n\t\t\t \t\t\t<\/span>\n\t\t<\/div>\n\t<\/div>\n\t\t\t\t\t\t\t<br style=\"clear: both\" \/>\n\t\t\t\n\t<!-- Pagination -->\n\t\t<div class='ngg-clear'><\/div>\t\n<\/div>\n\n\tUnser Abendessen im mexikanischen <a href=\"https:\/\/lapaz-restaurant.de\/\" target=\"_blank\" rel=\"noopener\">Restaurant La Paz<\/a>.<\/p>\n<p>\n<div class=\"ngg-galleryoverview ngg-template-caption\" id=\"ngg-gallery-b7ddc68046fd76a0b80e7b5aa34d64cc-28086\">\n\n\t\t\n\t<!-- Thumbnails -->\n\t\t\t\t\t\n\t<div id=\"ngg-image-13543\" class=\"ngg-gallery-thumbnail-box\" style=\"width:25%;\" >\n\t\t<div class=\"ngg-gallery-thumbnail\" >\n\t\t\t<a href=\"https:\/\/wernerdeck.de\/blog\/wp-content\/gallery\/la-paz\/neubrandenburg-parkhotel-la-paz-04.jpg\"\n\t\t\t\ttitle=\" \"\n\t\t\t\tclass=\"ngg-simplelightbox\" rel=\"b7ddc68046fd76a0b80e7b5aa34d64cc\" data-image-id=\"13543\" data-src=\"https:\/\/wernerdeck.de\/blog\/wp-content\/gallery\/la-paz\/neubrandenburg-parkhotel-la-paz-04.jpg\" data-thumbnail=\"https:\/\/wernerdeck.de\/blog\/wp-content\/gallery\/la-paz\/thumbs\/thumbs_neubrandenburg-parkhotel-la-paz-04.jpg\" data-title=\"Blick in den sonnigen Hotelpark vom Parkhotel Neubrandenburg\" data-description=\" \" >\n\t\t\t\t\t\t\t\t<img title=\"Blick in den sonnigen Hotelpark vom Parkhotel Neubrandenburg\" alt=\"Blick in den sonnigen Hotelpark vom Parkhotel Neubrandenburg\" src=\"https:\/\/wernerdeck.de\/blog\/wp-content\/gallery\/la-paz\/thumbs\/thumbs_neubrandenburg-parkhotel-la-paz-04.jpg\" width='240' height='160' \/>\n\t\t\t\t\t\t\t<\/a>\n\t\t\t<span>\n\t\t\t \t\t\t<\/span>\n\t\t<\/div>\n\t<\/div>\n\t\t\t\t\t\t\t\t\n\t<div id=\"ngg-image-13544\" class=\"ngg-gallery-thumbnail-box\" style=\"width:25%;\" >\n\t\t<div class=\"ngg-gallery-thumbnail\" >\n\t\t\t<a href=\"https:\/\/wernerdeck.de\/blog\/wp-content\/gallery\/la-paz\/neubrandenburg-parkhotel-la-paz-06.jpg\"\n\t\t\t\ttitle=\" \"\n\t\t\t\tclass=\"ngg-simplelightbox\" rel=\"b7ddc68046fd76a0b80e7b5aa34d64cc\" data-image-id=\"13544\" data-src=\"https:\/\/wernerdeck.de\/blog\/wp-content\/gallery\/la-paz\/neubrandenburg-parkhotel-la-paz-06.jpg\" data-thumbnail=\"https:\/\/wernerdeck.de\/blog\/wp-content\/gallery\/la-paz\/thumbs\/thumbs_neubrandenburg-parkhotel-la-paz-06.jpg\" data-title=\"Eingangsbereich des mexikanischen Restaurants La Paz in Neubrandenburg\" data-description=\" \" >\n\t\t\t\t\t\t\t\t<img title=\"Eingangsbereich des mexikanischen Restaurants La Paz in Neubrandenburg\" alt=\"Eingangsbereich des mexikanischen Restaurants La Paz in Neubrandenburg\" src=\"https:\/\/wernerdeck.de\/blog\/wp-content\/gallery\/la-paz\/thumbs\/thumbs_neubrandenburg-parkhotel-la-paz-06.jpg\" width='240' height='160' \/>\n\t\t\t\t\t\t\t<\/a>\n\t\t\t<span>\n\t\t\t \t\t\t<\/span>\n\t\t<\/div>\n\t<\/div>\n\t\t\t\t\t\t\t\t\n\t<div id=\"ngg-image-13545\" class=\"ngg-gallery-thumbnail-box\" style=\"width:25%;\" >\n\t\t<div class=\"ngg-gallery-thumbnail\" >\n\t\t\t<a href=\"https:\/\/wernerdeck.de\/blog\/wp-content\/gallery\/la-paz\/neubrandenburg-parkhotel-la-paz-08.jpg\"\n\t\t\t\ttitle=\" \"\n\t\t\t\tclass=\"ngg-simplelightbox\" rel=\"b7ddc68046fd76a0b80e7b5aa34d64cc\" data-image-id=\"13545\" data-src=\"https:\/\/wernerdeck.de\/blog\/wp-content\/gallery\/la-paz\/neubrandenburg-parkhotel-la-paz-08.jpg\" data-thumbnail=\"https:\/\/wernerdeck.de\/blog\/wp-content\/gallery\/la-paz\/thumbs\/thumbs_neubrandenburg-parkhotel-la-paz-08.jpg\" data-title=\"Sonnige Restaurantterrasse des La Paz mit gedeckten Tischen\" data-description=\" \" >\n\t\t\t\t\t\t\t\t<img title=\"Sonnige Restaurantterrasse des La Paz mit gedeckten Tischen\" alt=\"Sonnige Restaurantterrasse des La Paz mit gedeckten Tischen\" src=\"https:\/\/wernerdeck.de\/blog\/wp-content\/gallery\/la-paz\/thumbs\/thumbs_neubrandenburg-parkhotel-la-paz-08.jpg\" width='240' height='160' \/>\n\t\t\t\t\t\t\t<\/a>\n\t\t\t<span>\n\t\t\t \t\t\t<\/span>\n\t\t<\/div>\n\t<\/div>\n\t\t\t\t\t\t\t\t\n\t<div id=\"ngg-image-13542\" class=\"ngg-gallery-thumbnail-box\" style=\"width:25%;\" >\n\t\t<div class=\"ngg-gallery-thumbnail\" >\n\t\t\t<a href=\"https:\/\/wernerdeck.de\/blog\/wp-content\/gallery\/la-paz\/neubrandenburg-parkhotel-la-paz-02.jpg\"\n\t\t\t\ttitle=\" \"\n\t\t\t\tclass=\"ngg-simplelightbox\" rel=\"b7ddc68046fd76a0b80e7b5aa34d64cc\" data-image-id=\"13542\" data-src=\"https:\/\/wernerdeck.de\/blog\/wp-content\/gallery\/la-paz\/neubrandenburg-parkhotel-la-paz-02.jpg\" data-thumbnail=\"https:\/\/wernerdeck.de\/blog\/wp-content\/gallery\/la-paz\/thumbs\/thumbs_neubrandenburg-parkhotel-la-paz-02.jpg\" data-title=\"Fotokollage mit verschiedenen mexikanischen Gerichten im Restaurant La Paz\" data-description=\" \" >\n\t\t\t\t\t\t\t\t<img title=\"Fotokollage mit verschiedenen mexikanischen Gerichten im Restaurant La Paz\" alt=\"Fotokollage mit verschiedenen mexikanischen Gerichten im Restaurant La Paz\" src=\"https:\/\/wernerdeck.de\/blog\/wp-content\/gallery\/la-paz\/thumbs\/thumbs_neubrandenburg-parkhotel-la-paz-02.jpg\" width='240' height='160' \/>\n\t\t\t\t\t\t\t<\/a>\n\t\t\t<span>\n\t\t\t \t\t\t<\/span>\n\t\t<\/div>\n\t<\/div>\n\t\t\t\t\t\t\t<br style=\"clear: both\" \/>\n\t\t\t\n\t<!-- Pagination -->\n\t\t<div class='ngg-clear'><\/div>\t\n<\/div>\n\n\t\n<div class=\"ngg-galleryoverview ngg-template-caption\" id=\"ngg-gallery-ea2bd62a0a9c020dfaab134840152861-28086\">\n\n\t\t\n\t<!-- Thumbnails -->\n\t\t\t\t\t\n\t<div id=\"ngg-image-13549\" class=\"ngg-gallery-thumbnail-box\" style=\"width:33%;\" >\n\t\t<div class=\"ngg-gallery-thumbnail\" >\n\t\t\t<a href=\"https:\/\/wernerdeck.de\/blog\/wp-content\/gallery\/dritte-etappe-strecke\/1_Gesamtstrecke-Radtour-dritte-Etappe-Mecklemburger-Seenplatte.jpg\"\n\t\t\t\ttitle=\" \"\n\t\t\t\tclass=\"ngg-simplelightbox\" rel=\"ea2bd62a0a9c020dfaab134840152861\" data-image-id=\"13549\" data-src=\"https:\/\/wernerdeck.de\/blog\/wp-content\/gallery\/dritte-etappe-strecke\/1_Gesamtstrecke-Radtour-dritte-Etappe-Mecklemburger-Seenplatte.jpg\" data-thumbnail=\"https:\/\/wernerdeck.de\/blog\/wp-content\/gallery\/dritte-etappe-strecke\/thumbs\/thumbs_1_Gesamtstrecke-Radtour-dritte-Etappe-Mecklemburger-Seenplatte.jpg\" data-title=\"\u00dcbersicht \u00fcber unsere heutige Etappe\" data-description=\" \" >\n\t\t\t\t\t\t\t\t<img title=\"\u00dcbersicht \u00fcber unsere heutige Etappe\" alt=\"\u00dcbersicht \u00fcber unsere heutige Etappe\" src=\"https:\/\/wernerdeck.de\/blog\/wp-content\/gallery\/dritte-etappe-strecke\/thumbs\/thumbs_1_Gesamtstrecke-Radtour-dritte-Etappe-Mecklemburger-Seenplatte.jpg\" width='240' height='160' \/>\n\t\t\t\t\t\t\t<\/a>\n\t\t\t<span>\n\t\t\t \t\t\t<\/span>\n\t\t<\/div>\n\t<\/div>\n\t\t\t\t\t\t\t\t\n\t<div id=\"ngg-image-13546\" class=\"ngg-gallery-thumbnail-box\" style=\"width:33%;\" >\n\t\t<div class=\"ngg-gallery-thumbnail\" >\n\t\t\t<a href=\"https:\/\/wernerdeck.de\/blog\/wp-content\/gallery\/dritte-etappe-strecke\/Dritte-radetappe-von-Verchen-nach-Neubrandenburg-mecklenburger-Seenplatte.jpg\"\n\t\t\t\ttitle=\" \"\n\t\t\t\tclass=\"ngg-simplelightbox\" rel=\"ea2bd62a0a9c020dfaab134840152861\" data-image-id=\"13546\" data-src=\"https:\/\/wernerdeck.de\/blog\/wp-content\/gallery\/dritte-etappe-strecke\/Dritte-radetappe-von-Verchen-nach-Neubrandenburg-mecklenburger-Seenplatte.jpg\" data-thumbnail=\"https:\/\/wernerdeck.de\/blog\/wp-content\/gallery\/dritte-etappe-strecke\/thumbs\/thumbs_Dritte-radetappe-von-Verchen-nach-Neubrandenburg-mecklenburger-Seenplatte.jpg\" data-title=\"92 km war unsere heutige Etappe von Verchen nach Neubrandenburg\" data-description=\" \" >\n\t\t\t\t\t\t\t\t<img title=\"92 km war unsere heutige Etappe von Verchen nach Neubrandenburg\" alt=\"92 km war unsere heutige Etappe von Verchen nach Neubrandenburg\" src=\"https:\/\/wernerdeck.de\/blog\/wp-content\/gallery\/dritte-etappe-strecke\/thumbs\/thumbs_Dritte-radetappe-von-Verchen-nach-Neubrandenburg-mecklenburger-Seenplatte.jpg\" width='240' height='160' \/>\n\t\t\t\t\t\t\t<\/a>\n\t\t\t<span>\n\t\t\t \t\t\t<\/span>\n\t\t<\/div>\n\t<\/div>\n\t\t\t\t\t\t\t\t\n\t<div id=\"ngg-image-13548\" class=\"ngg-gallery-thumbnail-box\" style=\"width:33%;\" >\n\t\t<div class=\"ngg-gallery-thumbnail\" >\n\t\t\t<a href=\"https:\/\/wernerdeck.de\/blog\/wp-content\/gallery\/dritte-etappe-strecke\/kastorfer-see-radtour-ivenack-groesste-herausforderung-baum.jpg\"\n\t\t\t\ttitle=\" \"\n\t\t\t\tclass=\"ngg-simplelightbox\" rel=\"ea2bd62a0a9c020dfaab134840152861\" data-image-id=\"13548\" data-src=\"https:\/\/wernerdeck.de\/blog\/wp-content\/gallery\/dritte-etappe-strecke\/kastorfer-see-radtour-ivenack-groesste-herausforderung-baum.jpg\" data-thumbnail=\"https:\/\/wernerdeck.de\/blog\/wp-content\/gallery\/dritte-etappe-strecke\/thumbs\/thumbs_kastorfer-see-radtour-ivenack-groesste-herausforderung-baum.jpg\" data-title=\"Unsere gr\u00f6\u00dfte Herausforderung am Kastorfer See,  der umgefallene Baum\" data-description=\" \" >\n\t\t\t\t\t\t\t\t<img title=\"Unsere gr\u00f6\u00dfte Herausforderung am Kastorfer See,  der umgefallene Baum\" alt=\"Unsere gr\u00f6\u00dfte Herausforderung am Kastorfer See,  der umgefallene Baum\" src=\"https:\/\/wernerdeck.de\/blog\/wp-content\/gallery\/dritte-etappe-strecke\/thumbs\/thumbs_kastorfer-see-radtour-ivenack-groesste-herausforderung-baum.jpg\" width='240' height='160' \/>\n\t\t\t\t\t\t\t<\/a>\n\t\t\t<span>\n\t\t\t \t\t\t<\/span>\n\t\t<\/div>\n\t<\/div>\n\t\t\t\t\t\t\t<br style=\"clear: both\" \/>\n\t\t\t\n\t<!-- Pagination -->\n\t\t<div class='ngg-clear'><\/div>\t\n<\/div>\n\n\t<\/p>\n<hr>\n<p>Vierter und letzter Tourtag, Freitag, 27. Juni 2025: <a href=\"https:\/\/wernerdeck.de\/blog\/2025\/07\/17\/seenplatte-radtour-vierte-etappe\/\">Seenplatte Radtour vierte Etappe: Neubrandenburg \u2013 Waren<\/a><\/p>\n","protected":false},"excerpt":{"rendered":"<p>Seenplatte Radtour. Das war die gestrige zweite Etappe am Mittwoch, 25. Juni 2025: Schloss G\u00fcstrow mit dem Rad \u2013 Kultur, Natur und Geschichte Seenplatte Radtour am Donnerstag, 26. Juni 2025 \u2013 Dritter Tag: Vom Blockbohlenhaus in Verchen nach Neubrandenburg (92 km) \ud83d\udc49 Die Vorgeschichte zu dieser gesamten Radtour: Mit dem neuen Fahrrad an die Mecklenburger &#8230; <a title=\"Seenplatte Radtour Tag 3 \u2013 von Verchen bis Neubrandenburg\" class=\"read-more\" href=\"https:\/\/wernerdeck.de\/blog\/2025\/07\/12\/radtour-seenplatte-tag-3\/\" aria-label=\"Mehr Informationen \u00fcber Seenplatte Radtour Tag 3 \u2013 von Verchen bis Neubrandenburg\">Weiterlesen<\/a><\/p>\n","protected":false},"author":1,"featured_media":28242,"comment_status":"open","ping_status":"open","sticky":false,"template":"","format":"standard","meta":{"ngg_post_thumbnail":0,"footnotes":""},"categories":[77,208],"tags":[804,802,801,800,799,795,645,618,796,727,75,414,803,797,798],"class_list":["post-28086","post","type-post","status-publish","format-standard","has-post-thumbnail","hentry","category-radtouren","category-reisebericht","tag-aktivurlaub","tag-deutschlandreise","tag-e-bike-tour","tag-fahrradurlaub","tag-ivenacker-eichen","tag-kummerower-see","tag-mecklenburger-seenplatte","tag-naturerlebnis","tag-neubrandenburg","tag-radreise-2025","tag-radtour","tag-radtour-mit-erich","tag-reiseblog","tag-schloss-basedow","tag-stavenhagen"],"yoast_head":"<!-- This site is optimized with the Yoast SEO plugin v27.4 - https:\/\/yoast.com\/product\/yoast-seo-wordpress\/ -->\n<title>Seenplatte Radtour Tag 3 \u2013 von Verchen bis Neubrandenburg - Privater Blog von Werner Deck<\/title>\n<meta name=\"description\" content=\"Seenplatte Radtour, Tag 3. Durch die Mecklenburger Seenplatte: Fr\u00fchst\u00fcck am See, Eichenwald, Panne &amp; Ankunft in Neubrandenburg nach 92\u202fkm\" \/>\n<meta name=\"robots\" content=\"index, follow, max-snippet:-1, max-image-preview:large, max-video-preview:-1\" \/>\n<link rel=\"canonical\" href=\"https:\/\/wernerdeck.de\/blog\/2025\/07\/12\/radtour-seenplatte-tag-3\/\" \/>\n<meta property=\"og:locale\" content=\"de_DE\" \/>\n<meta property=\"og:type\" content=\"article\" \/>\n<meta property=\"og:title\" content=\"Seenplatte Radtour Tag 3 \u2013 von Verchen bis Neubrandenburg - Privater Blog von Werner Deck\" \/>\n<meta property=\"og:description\" content=\"Seenplatte Radtour, Tag 3. Durch die Mecklenburger Seenplatte: Fr\u00fchst\u00fcck am See, Eichenwald, Panne &amp; Ankunft in Neubrandenburg nach 92\u202fkm\" \/>\n<meta property=\"og:url\" content=\"https:\/\/wernerdeck.de\/blog\/2025\/07\/12\/radtour-seenplatte-tag-3\/\" \/>\n<meta property=\"og:site_name\" content=\"Privater Blog von Werner Deck\" \/>\n<meta property=\"article:publisher\" content=\"https:\/\/www.facebook.com\/werner.deck\/\" \/>\n<meta property=\"article:author\" content=\"https:\/\/www.facebook.com\/werner.deck\/\" \/>\n<meta property=\"article:published_time\" content=\"2025-07-12T15:45:51+00:00\" \/>\n<meta property=\"article:modified_time\" content=\"2025-07-17T05:02:14+00:00\" \/>\n<meta property=\"og:image\" content=\"https:\/\/wernerdeck.de\/blog\/wp-content\/uploads\/2025\/07\/radtour-seenplatte-etappe3-naturmoment-03-landschaft.jpg\" \/>\n\t<meta property=\"og:image:width\" content=\"1238\" \/>\n\t<meta property=\"og:image:height\" content=\"696\" \/>\n\t<meta property=\"og:image:type\" content=\"image\/jpeg\" \/>\n<meta name=\"author\" content=\"Werner Deck\" \/>\n<meta name=\"twitter:card\" content=\"summary_large_image\" \/>\n<meta name=\"twitter:label1\" content=\"Verfasst von\" \/>\n\t<meta name=\"twitter:data1\" content=\"Werner Deck\" \/>\n\t<meta name=\"twitter:label2\" content=\"Gesch\u00e4tzte Lesezeit\" \/>\n\t<meta name=\"twitter:data2\" content=\"9\u00a0Minuten\" \/>\n<script type=\"application\/ld+json\" class=\"yoast-schema-graph\">{\"@context\":\"https:\\\/\\\/schema.org\",\"@graph\":[{\"@type\":\"Article\",\"@id\":\"https:\\\/\\\/wernerdeck.de\\\/blog\\\/2025\\\/07\\\/12\\\/radtour-seenplatte-tag-3\\\/#article\",\"isPartOf\":{\"@id\":\"https:\\\/\\\/wernerdeck.de\\\/blog\\\/2025\\\/07\\\/12\\\/radtour-seenplatte-tag-3\\\/\"},\"author\":{\"name\":\"Werner Deck\",\"@id\":\"https:\\\/\\\/wernerdeck.de\\\/blog\\\/#\\\/schema\\\/person\\\/7af62de1f11b0a09297eeb81281e523c\"},\"headline\":\"Seenplatte Radtour Tag 3 \u2013 von Verchen bis Neubrandenburg\",\"datePublished\":\"2025-07-12T15:45:51+00:00\",\"dateModified\":\"2025-07-17T05:02:14+00:00\",\"mainEntityOfPage\":{\"@id\":\"https:\\\/\\\/wernerdeck.de\\\/blog\\\/2025\\\/07\\\/12\\\/radtour-seenplatte-tag-3\\\/\"},\"wordCount\":1617,\"commentCount\":0,\"publisher\":{\"@id\":\"https:\\\/\\\/wernerdeck.de\\\/blog\\\/#\\\/schema\\\/person\\\/7af62de1f11b0a09297eeb81281e523c\"},\"image\":{\"@id\":\"https:\\\/\\\/wernerdeck.de\\\/blog\\\/2025\\\/07\\\/12\\\/radtour-seenplatte-tag-3\\\/#primaryimage\"},\"thumbnailUrl\":\"https:\\\/\\\/wernerdeck.de\\\/blog\\\/wp-content\\\/uploads\\\/2025\\\/07\\\/radtour-seenplatte-etappe3-naturmoment-03-landschaft.jpg\",\"keywords\":[\"Aktivurlaub\",\"Deutschlandreise\",\"E-Bike Tour\",\"Fahrradurlaub\",\"Ivenacker Eichen\",\"Kummerower See\",\"Mecklenburger Seenplatte\",\"Naturerlebnis\",\"Neubrandenburg\",\"Radreise 2025\",\"Radtour\",\"Radtour mit Erich\",\"Reiseblog\",\"Schloss Basedow\",\"Stavenhagen\"],\"articleSection\":[\"Radtouren\",\"Reisebericht\"],\"inLanguage\":\"de\",\"potentialAction\":[{\"@type\":\"CommentAction\",\"name\":\"Comment\",\"target\":[\"https:\\\/\\\/wernerdeck.de\\\/blog\\\/2025\\\/07\\\/12\\\/radtour-seenplatte-tag-3\\\/#respond\"]}]},{\"@type\":\"WebPage\",\"@id\":\"https:\\\/\\\/wernerdeck.de\\\/blog\\\/2025\\\/07\\\/12\\\/radtour-seenplatte-tag-3\\\/\",\"url\":\"https:\\\/\\\/wernerdeck.de\\\/blog\\\/2025\\\/07\\\/12\\\/radtour-seenplatte-tag-3\\\/\",\"name\":\"Seenplatte Radtour Tag 3 \u2013 von Verchen bis Neubrandenburg - Privater Blog von Werner Deck\",\"isPartOf\":{\"@id\":\"https:\\\/\\\/wernerdeck.de\\\/blog\\\/#website\"},\"primaryImageOfPage\":{\"@id\":\"https:\\\/\\\/wernerdeck.de\\\/blog\\\/2025\\\/07\\\/12\\\/radtour-seenplatte-tag-3\\\/#primaryimage\"},\"image\":{\"@id\":\"https:\\\/\\\/wernerdeck.de\\\/blog\\\/2025\\\/07\\\/12\\\/radtour-seenplatte-tag-3\\\/#primaryimage\"},\"thumbnailUrl\":\"https:\\\/\\\/wernerdeck.de\\\/blog\\\/wp-content\\\/uploads\\\/2025\\\/07\\\/radtour-seenplatte-etappe3-naturmoment-03-landschaft.jpg\",\"datePublished\":\"2025-07-12T15:45:51+00:00\",\"dateModified\":\"2025-07-17T05:02:14+00:00\",\"description\":\"Seenplatte Radtour, Tag 3. Durch die Mecklenburger Seenplatte: Fr\u00fchst\u00fcck am See, Eichenwald, Panne & Ankunft in Neubrandenburg nach 92\u202fkm\",\"breadcrumb\":{\"@id\":\"https:\\\/\\\/wernerdeck.de\\\/blog\\\/2025\\\/07\\\/12\\\/radtour-seenplatte-tag-3\\\/#breadcrumb\"},\"inLanguage\":\"de\",\"potentialAction\":[{\"@type\":\"ReadAction\",\"target\":[\"https:\\\/\\\/wernerdeck.de\\\/blog\\\/2025\\\/07\\\/12\\\/radtour-seenplatte-tag-3\\\/\"]}]},{\"@type\":\"ImageObject\",\"inLanguage\":\"de\",\"@id\":\"https:\\\/\\\/wernerdeck.de\\\/blog\\\/2025\\\/07\\\/12\\\/radtour-seenplatte-tag-3\\\/#primaryimage\",\"url\":\"https:\\\/\\\/wernerdeck.de\\\/blog\\\/wp-content\\\/uploads\\\/2025\\\/07\\\/radtour-seenplatte-etappe3-naturmoment-03-landschaft.jpg\",\"contentUrl\":\"https:\\\/\\\/wernerdeck.de\\\/blog\\\/wp-content\\\/uploads\\\/2025\\\/07\\\/radtour-seenplatte-etappe3-naturmoment-03-landschaft.jpg\",\"width\":1238,\"height\":696,\"caption\":\"Sonnige dritte Rad-Etappe an der Mecklenburger Seenplatte\"},{\"@type\":\"BreadcrumbList\",\"@id\":\"https:\\\/\\\/wernerdeck.de\\\/blog\\\/2025\\\/07\\\/12\\\/radtour-seenplatte-tag-3\\\/#breadcrumb\",\"itemListElement\":[{\"@type\":\"ListItem\",\"position\":1,\"name\":\"Startseite\",\"item\":\"https:\\\/\\\/wernerdeck.de\\\/blog\\\/\"},{\"@type\":\"ListItem\",\"position\":2,\"name\":\"Seenplatte Radtour Tag 3 \u2013 von Verchen bis Neubrandenburg\"}]},{\"@type\":\"WebSite\",\"@id\":\"https:\\\/\\\/wernerdeck.de\\\/blog\\\/#website\",\"url\":\"https:\\\/\\\/wernerdeck.de\\\/blog\\\/\",\"name\":\"Blog von Werner Deck\",\"description\":\"\",\"publisher\":{\"@id\":\"https:\\\/\\\/wernerdeck.de\\\/blog\\\/#\\\/schema\\\/person\\\/7af62de1f11b0a09297eeb81281e523c\"},\"potentialAction\":[{\"@type\":\"SearchAction\",\"target\":{\"@type\":\"EntryPoint\",\"urlTemplate\":\"https:\\\/\\\/wernerdeck.de\\\/blog\\\/?s={search_term_string}\"},\"query-input\":{\"@type\":\"PropertyValueSpecification\",\"valueRequired\":true,\"valueName\":\"search_term_string\"}}],\"inLanguage\":\"de\"},{\"@type\":[\"Person\",\"Organization\"],\"@id\":\"https:\\\/\\\/wernerdeck.de\\\/blog\\\/#\\\/schema\\\/person\\\/7af62de1f11b0a09297eeb81281e523c\",\"name\":\"Werner Deck\",\"image\":{\"@type\":\"ImageObject\",\"inLanguage\":\"de\",\"@id\":\"https:\\\/\\\/wernerdeck.de\\\/blog\\\/wp-content\\\/uploads\\\/2022\\\/05\\\/Werner-Deck-995x1024.jpg\",\"url\":\"https:\\\/\\\/wernerdeck.de\\\/blog\\\/wp-content\\\/uploads\\\/2022\\\/05\\\/Werner-Deck-995x1024.jpg\",\"contentUrl\":\"https:\\\/\\\/wernerdeck.de\\\/blog\\\/wp-content\\\/uploads\\\/2022\\\/05\\\/Werner-Deck-995x1024.jpg\",\"width\":995,\"height\":1024,\"caption\":\"Werner Deck\"},\"logo\":{\"@id\":\"https:\\\/\\\/wernerdeck.de\\\/blog\\\/wp-content\\\/uploads\\\/2022\\\/05\\\/Werner-Deck-995x1024.jpg\"},\"sameAs\":[\"https:\\\/\\\/wernerdeck.de\\\/blog\",\"https:\\\/\\\/www.facebook.com\\\/werner.deck\\\/\",\"https:\\\/\\\/www.instagram.com\\\/opti_maler_deck\\\/\",\"https:\\\/\\\/www.youtube.com\\\/c\\\/WernerDeck\"],\"url\":\"https:\\\/\\\/wernerdeck.de\\\/blog\\\/author\\\/wernerdeck-de\\\/\"}]}<\/script>\n<!-- \/ Yoast SEO plugin. -->","yoast_head_json":{"title":"Seenplatte Radtour Tag 3 \u2013 von Verchen bis Neubrandenburg - Privater Blog von Werner Deck","description":"Seenplatte Radtour, Tag 3. Durch die Mecklenburger Seenplatte: Fr\u00fchst\u00fcck am See, Eichenwald, Panne & Ankunft in Neubrandenburg nach 92\u202fkm","robots":{"index":"index","follow":"follow","max-snippet":"max-snippet:-1","max-image-preview":"max-image-preview:large","max-video-preview":"max-video-preview:-1"},"canonical":"https:\/\/wernerdeck.de\/blog\/2025\/07\/12\/radtour-seenplatte-tag-3\/","og_locale":"de_DE","og_type":"article","og_title":"Seenplatte Radtour Tag 3 \u2013 von Verchen bis Neubrandenburg - Privater Blog von Werner Deck","og_description":"Seenplatte Radtour, Tag 3. Durch die Mecklenburger Seenplatte: Fr\u00fchst\u00fcck am See, Eichenwald, Panne & Ankunft in Neubrandenburg nach 92\u202fkm","og_url":"https:\/\/wernerdeck.de\/blog\/2025\/07\/12\/radtour-seenplatte-tag-3\/","og_site_name":"Privater Blog von Werner Deck","article_publisher":"https:\/\/www.facebook.com\/werner.deck\/","article_author":"https:\/\/www.facebook.com\/werner.deck\/","article_published_time":"2025-07-12T15:45:51+00:00","article_modified_time":"2025-07-17T05:02:14+00:00","og_image":[{"width":1238,"height":696,"url":"https:\/\/wernerdeck.de\/blog\/wp-content\/uploads\/2025\/07\/radtour-seenplatte-etappe3-naturmoment-03-landschaft.jpg","type":"image\/jpeg"}],"author":"Werner Deck","twitter_card":"summary_large_image","twitter_misc":{"Verfasst von":"Werner Deck","Gesch\u00e4tzte Lesezeit":"9\u00a0Minuten"},"schema":{"@context":"https:\/\/schema.org","@graph":[{"@type":"Article","@id":"https:\/\/wernerdeck.de\/blog\/2025\/07\/12\/radtour-seenplatte-tag-3\/#article","isPartOf":{"@id":"https:\/\/wernerdeck.de\/blog\/2025\/07\/12\/radtour-seenplatte-tag-3\/"},"author":{"name":"Werner Deck","@id":"https:\/\/wernerdeck.de\/blog\/#\/schema\/person\/7af62de1f11b0a09297eeb81281e523c"},"headline":"Seenplatte Radtour Tag 3 \u2013 von Verchen bis Neubrandenburg","datePublished":"2025-07-12T15:45:51+00:00","dateModified":"2025-07-17T05:02:14+00:00","mainEntityOfPage":{"@id":"https:\/\/wernerdeck.de\/blog\/2025\/07\/12\/radtour-seenplatte-tag-3\/"},"wordCount":1617,"commentCount":0,"publisher":{"@id":"https:\/\/wernerdeck.de\/blog\/#\/schema\/person\/7af62de1f11b0a09297eeb81281e523c"},"image":{"@id":"https:\/\/wernerdeck.de\/blog\/2025\/07\/12\/radtour-seenplatte-tag-3\/#primaryimage"},"thumbnailUrl":"https:\/\/wernerdeck.de\/blog\/wp-content\/uploads\/2025\/07\/radtour-seenplatte-etappe3-naturmoment-03-landschaft.jpg","keywords":["Aktivurlaub","Deutschlandreise","E-Bike Tour","Fahrradurlaub","Ivenacker Eichen","Kummerower See","Mecklenburger Seenplatte","Naturerlebnis","Neubrandenburg","Radreise 2025","Radtour","Radtour mit Erich","Reiseblog","Schloss Basedow","Stavenhagen"],"articleSection":["Radtouren","Reisebericht"],"inLanguage":"de","potentialAction":[{"@type":"CommentAction","name":"Comment","target":["https:\/\/wernerdeck.de\/blog\/2025\/07\/12\/radtour-seenplatte-tag-3\/#respond"]}]},{"@type":"WebPage","@id":"https:\/\/wernerdeck.de\/blog\/2025\/07\/12\/radtour-seenplatte-tag-3\/","url":"https:\/\/wernerdeck.de\/blog\/2025\/07\/12\/radtour-seenplatte-tag-3\/","name":"Seenplatte Radtour Tag 3 \u2013 von Verchen bis Neubrandenburg - Privater Blog von Werner Deck","isPartOf":{"@id":"https:\/\/wernerdeck.de\/blog\/#website"},"primaryImageOfPage":{"@id":"https:\/\/wernerdeck.de\/blog\/2025\/07\/12\/radtour-seenplatte-tag-3\/#primaryimage"},"image":{"@id":"https:\/\/wernerdeck.de\/blog\/2025\/07\/12\/radtour-seenplatte-tag-3\/#primaryimage"},"thumbnailUrl":"https:\/\/wernerdeck.de\/blog\/wp-content\/uploads\/2025\/07\/radtour-seenplatte-etappe3-naturmoment-03-landschaft.jpg","datePublished":"2025-07-12T15:45:51+00:00","dateModified":"2025-07-17T05:02:14+00:00","description":"Seenplatte Radtour, Tag 3. Durch die Mecklenburger Seenplatte: Fr\u00fchst\u00fcck am See, Eichenwald, Panne & Ankunft in Neubrandenburg nach 92\u202fkm","breadcrumb":{"@id":"https:\/\/wernerdeck.de\/blog\/2025\/07\/12\/radtour-seenplatte-tag-3\/#breadcrumb"},"inLanguage":"de","potentialAction":[{"@type":"ReadAction","target":["https:\/\/wernerdeck.de\/blog\/2025\/07\/12\/radtour-seenplatte-tag-3\/"]}]},{"@type":"ImageObject","inLanguage":"de","@id":"https:\/\/wernerdeck.de\/blog\/2025\/07\/12\/radtour-seenplatte-tag-3\/#primaryimage","url":"https:\/\/wernerdeck.de\/blog\/wp-content\/uploads\/2025\/07\/radtour-seenplatte-etappe3-naturmoment-03-landschaft.jpg","contentUrl":"https:\/\/wernerdeck.de\/blog\/wp-content\/uploads\/2025\/07\/radtour-seenplatte-etappe3-naturmoment-03-landschaft.jpg","width":1238,"height":696,"caption":"Sonnige dritte Rad-Etappe an der Mecklenburger Seenplatte"},{"@type":"BreadcrumbList","@id":"https:\/\/wernerdeck.de\/blog\/2025\/07\/12\/radtour-seenplatte-tag-3\/#breadcrumb","itemListElement":[{"@type":"ListItem","position":1,"name":"Startseite","item":"https:\/\/wernerdeck.de\/blog\/"},{"@type":"ListItem","position":2,"name":"Seenplatte Radtour Tag 3 \u2013 von Verchen bis Neubrandenburg"}]},{"@type":"WebSite","@id":"https:\/\/wernerdeck.de\/blog\/#website","url":"https:\/\/wernerdeck.de\/blog\/","name":"Blog von Werner Deck","description":"","publisher":{"@id":"https:\/\/wernerdeck.de\/blog\/#\/schema\/person\/7af62de1f11b0a09297eeb81281e523c"},"potentialAction":[{"@type":"SearchAction","target":{"@type":"EntryPoint","urlTemplate":"https:\/\/wernerdeck.de\/blog\/?s={search_term_string}"},"query-input":{"@type":"PropertyValueSpecification","valueRequired":true,"valueName":"search_term_string"}}],"inLanguage":"de"},{"@type":["Person","Organization"],"@id":"https:\/\/wernerdeck.de\/blog\/#\/schema\/person\/7af62de1f11b0a09297eeb81281e523c","name":"Werner Deck","image":{"@type":"ImageObject","inLanguage":"de","@id":"https:\/\/wernerdeck.de\/blog\/wp-content\/uploads\/2022\/05\/Werner-Deck-995x1024.jpg","url":"https:\/\/wernerdeck.de\/blog\/wp-content\/uploads\/2022\/05\/Werner-Deck-995x1024.jpg","contentUrl":"https:\/\/wernerdeck.de\/blog\/wp-content\/uploads\/2022\/05\/Werner-Deck-995x1024.jpg","width":995,"height":1024,"caption":"Werner Deck"},"logo":{"@id":"https:\/\/wernerdeck.de\/blog\/wp-content\/uploads\/2022\/05\/Werner-Deck-995x1024.jpg"},"sameAs":["https:\/\/wernerdeck.de\/blog","https:\/\/www.facebook.com\/werner.deck\/","https:\/\/www.instagram.com\/opti_maler_deck\/","https:\/\/www.youtube.com\/c\/WernerDeck"],"url":"https:\/\/wernerdeck.de\/blog\/author\/wernerdeck-de\/"}]}},"_links":{"self":[{"href":"https:\/\/wernerdeck.de\/blog\/wp-json\/wp\/v2\/posts\/28086","targetHints":{"allow":["GET"]}}],"collection":[{"href":"https:\/\/wernerdeck.de\/blog\/wp-json\/wp\/v2\/posts"}],"about":[{"href":"https:\/\/wernerdeck.de\/blog\/wp-json\/wp\/v2\/types\/post"}],"author":[{"embeddable":true,"href":"https:\/\/wernerdeck.de\/blog\/wp-json\/wp\/v2\/users\/1"}],"replies":[{"embeddable":true,"href":"https:\/\/wernerdeck.de\/blog\/wp-json\/wp\/v2\/comments?post=28086"}],"version-history":[{"count":0,"href":"https:\/\/wernerdeck.de\/blog\/wp-json\/wp\/v2\/posts\/28086\/revisions"}],"wp:featuredmedia":[{"embeddable":true,"href":"https:\/\/wernerdeck.de\/blog\/wp-json\/wp\/v2\/media\/28242"}],"wp:attachment":[{"href":"https:\/\/wernerdeck.de\/blog\/wp-json\/wp\/v2\/media?parent=28086"}],"wp:term":[{"taxonomy":"category","embeddable":true,"href":"https:\/\/wernerdeck.de\/blog\/wp-json\/wp\/v2\/categories?post=28086"},{"taxonomy":"post_tag","embeddable":true,"href":"https:\/\/wernerdeck.de\/blog\/wp-json\/wp\/v2\/tags?post=28086"}],"curies":[{"name":"wp","href":"https:\/\/api.w.org\/{rel}","templated":true}]}}