{"id":28067,"date":"2025-07-11T08:28:31","date_gmt":"2025-07-11T06:28:31","guid":{"rendered":"https:\/\/wernerdeck.de\/blog\/?p=28067"},"modified":"2025-07-11T16:22:57","modified_gmt":"2025-07-11T14:22:57","slug":"afd-verhindern-drei-videos","status":"publish","type":"post","link":"https:\/\/wernerdeck.de\/blog\/2025\/07\/11\/afd-verhindern-drei-videos\/","title":{"rendered":"AfD verhindern: Drei Videos zeigen, warum das n\u00f6tig ist"},"content":{"rendered":"<h3>\ud83d\uded1 AfD verhindern. Warum die AfD keine Option f\u00fcr unser Land ist.<\/h3>\n<p>Die <strong data-start=\"831\" data-end=\"849\">AfD verhindern<\/strong> \u2013 das klingt drastisch, ist aber notwendig. Denn diese Partei steht eben <strong data-start=\"923\" data-end=\"932\">nicht<\/strong> fest auf dem Boden des Grundgesetzes. Die drei kurzen Videos zeigen konkret, warum sie f\u00fcr unser demokratisches Gemeinwesen gef\u00e4hrlich ist.<\/p>\n<h3>Warum die #NoAfD verhindert werden muss!<\/h3>\n<h3 data-start=\"1097\" data-end=\"1153\">1\ufe0f\u20e3 Demokratisch gew\u00e4hlt \u2013 aber gegen die Demokratie<\/h3>\n<p data-start=\"1155\" data-end=\"1275\">Warum die #NoAfD verhindert werden muss! Demokratisch gew\u00e4hlt, will aber die Demokratie abschaffen. Wer Demokratie nur benutzt, um sie abzuschaffen, handelt undemokratisch \u2013 auch wenn man gew\u00e4hlt wurde. Die AfD spielt genau dieses Spiel.<\/p>\n<p>&nbsp;<iframe loading=\"lazy\" style=\"border: none; overflow: hidden;\" src=\"https:\/\/www.facebook.com\/plugins\/video.php?height=476&amp;href=https%3A%2F%2Fwww.facebook.com%2FRobinMesaroschSPD%2Fvideos%2F955507946046649%2F&amp;show_text=true&amp;width=267&amp;t=0\" width=\"267\" height=\"591\" frameborder=\"0\" scrolling=\"no\" allowfullscreen=\"allowfullscreen\"><\/iframe><\/p>\n<h3 data-start=\"1421\" data-end=\"1477\">2\ufe0f\u20e3 AfD verhindern. Die AfD leugnet den Klimawandel \u2013 und l\u00fcgt dabei<\/h3>\n<p data-start=\"1479\" data-end=\"1578\">Die AfD leugnet den Klimawandel und kann auch dabei nur mit L\u00fcgen auftrumpfen.Wissenschaftliche Fakten interessieren die AfD nicht. Sie streut gezielt Zweifel am menschengemachten Klimawandel \u2013 entgegen weltweiter Forschung.<\/p>\n<p>&nbsp;<iframe loading=\"lazy\" style=\"border: none; overflow: hidden;\" src=\"https:\/\/www.facebook.com\/plugins\/video.php?height=476&amp;href=https%3A%2F%2Fwww.facebook.com%2FBaziWuidUndFrei%2Fvideos%2F7875990092525448%2F&amp;show_text=true&amp;width=357&amp;t=0\" width=\"357\" height=\"591\" frameborder=\"0\" scrolling=\"no\" allowfullscreen=\"allowfullscreen\"><\/iframe><\/p>\n<h3 data-start=\"1733\" data-end=\"1767\">3\ufe0f\u20e3 AfD verhindern. Klimaleugnung im Bundestag<\/h3>\n<p data-start=\"1769\" data-end=\"1845\">Bundestagsabgeordneter der AfD leugnet den Klimawandel.&nbsp;Ein Beispiel aus dem Parlament zeigt deutlich, wie faktenfern und gef\u00e4hrlich die AfD agiert \u2013 sogar auf Bundesebene.<\/p>\n<p>&nbsp;<iframe loading=\"lazy\" style=\"border: none; overflow: hidden;\" src=\"https:\/\/www.facebook.com\/plugins\/video.php?height=476&amp;href=https%3A%2F%2Fwww.facebook.com%2Freel%2F10034319589969553%2F&amp;show_text=true&amp;width=267&amp;t=0\" width=\"267\" height=\"591\" frameborder=\"0\" scrolling=\"no\" allowfullscreen=\"allowfullscreen\"><\/iframe><\/p>\n<p>Wir d\u00fcrfen nicht schweigen. Die AfD mag das Etikett \u201edemokratische Partei\u201c tragen \u2013 aber ihr Programm und viele Aussagen ihrer Funktion\u00e4re sprechen eine andere Sprache.<\/p>\n<p>\ud83d\udccc <strong data-start=\"503\" data-end=\"578\">Noch mehr fundierte Informationen, Belege und Analysen sind hier zu finden: <\/strong>\ud83d\udd17 <a class=\"\" href=\"https:\/\/wernerdeck.de\/blog\/2025\/06\/17\/afd-verbot-de-beweise-fuer-das-afd-verbot\/\" target=\"_blank\" rel=\"noopener\" data-start=\"584\" data-end=\"734\">Beweise f\u00fcr das AfD-Verbot \u2013 ein umfangreicher Hintergrundartikel<\/a><\/p>\n<p>Dazu dieser Artikel: <a href=\"https:\/\/cemas.io\/blog\/verschwoerungserzaehlungen-und-die-afd\/\" target=\"_blank\" rel=\"noopener\">Verschw\u00f6rungserz\u00e4hlungen und die AfD<\/a>.<\/p>\n<p style=\"text-align: center;\"><img loading=\"lazy\" decoding=\"async\" class=\"aligncenter size-full wp-image-28077\" src=\"https:\/\/wernerdeck.de\/blog\/wp-content\/uploads\/2025\/07\/demokratie-gefaehrdet-durch-afd.png\" alt=\"Screenshot zur Klimaleugnung der AfD\" width=\"591\" height=\"856\" srcset=\"https:\/\/wernerdeck.de\/blog\/wp-content\/uploads\/2025\/07\/demokratie-gefaehrdet-durch-afd.png 591w, https:\/\/wernerdeck.de\/blog\/wp-content\/uploads\/2025\/07\/demokratie-gefaehrdet-durch-afd-207x300.png 207w\" sizes=\"auto, (max-width: 591px) 100vw, 591px\" \/><\/p>\n<p>Erg\u00e4nzung: Kurz vor der letzten Bundestagswahl hat logo-Kinderreporter Alexander Tino Chrupalla interviewt. Chrupalla blamierte sich dabei gr\u00fcndlich, er konnte kein deutsches Lieblingsgedicht nennen. Zudem leugnete er erneut den Klimawandel.<\/p>\n<p><iframe loading=\"lazy\" hcb-fetch-image-from=\"https:\/\/www.youtube.com\/shorts\/cUISOT7oLXQ\" title=\"AfD-Chef Tino Chrupalla blamiert sich im TV\" width=\"563\" height=\"1000\" src=\"https:\/\/www.youtube.com\/embed\/cUISOT7oLXQ?feature=oembed\" frameborder=\"0\" allow=\"accelerometer; autoplay; clipboard-write; encrypted-media; gyroscope; picture-in-picture; web-share\" referrerpolicy=\"strict-origin-when-cross-origin\" allowfullscreen><\/iframe><\/p>\n","protected":false},"excerpt":{"rendered":"<p>\ud83d\uded1 AfD verhindern. Warum die AfD keine Option f\u00fcr unser Land ist. Die AfD verhindern \u2013 das klingt drastisch, ist aber notwendig. Denn diese Partei steht eben nicht fest auf dem Boden des Grundgesetzes. Die drei kurzen Videos zeigen konkret, warum sie f\u00fcr unser demokratisches Gemeinwesen gef\u00e4hrlich ist. Warum die #NoAfD verhindert werden muss! 1\ufe0f\u20e3 &#8230; <a title=\"AfD verhindern: Drei Videos zeigen, warum das n\u00f6tig ist\" class=\"read-more\" href=\"https:\/\/wernerdeck.de\/blog\/2025\/07\/11\/afd-verhindern-drei-videos\/\" aria-label=\"Mehr Informationen \u00fcber AfD verhindern: Drei Videos zeigen, warum das n\u00f6tig ist\">Weiterlesen<\/a><\/p>\n","protected":false},"author":1,"featured_media":28085,"comment_status":"open","ping_status":"open","sticky":false,"template":"","format":"standard","meta":{"ngg_post_thumbnail":0,"footnotes":""},"categories":[513],"tags":[630,793,792,637,788,639,790,789,791,794],"class_list":["post-28067","post","type-post","status-publish","format-standard","has-post-thumbnail","hentry","category-nein-zur-afd","tag-noafd","tag-afd-entlarven","tag-afd-gefaehrlich","tag-afd-kritik","tag-afd-verhindern","tag-demokratie-schuetzen","tag-klimaleugner-bundestag","tag-klimawandel-leugnung-afd","tag-politische-aufklaerung","tag-rechtspopulismus-stoppen"],"yoast_head":"<!-- This site is optimized with the Yoast SEO plugin v27.5 - https:\/\/yoast.com\/product\/yoast-seo-wordpress\/ -->\n<title>AfD verhindern: Drei Videos zeigen, warum das n\u00f6tig ist - Privater Blog von Werner Deck<\/title>\n<meta name=\"description\" content=\"Drei kurze Videos zeigen, warum wir die AfD verhindern m\u00fcssen: antidemokratisch, klimafeindlich, faktenfern. Im Blog \u2013 mit klaren Beispielen\" \/>\n<meta name=\"robots\" content=\"index, follow, max-snippet:-1, max-image-preview:large, max-video-preview:-1\" \/>\n<link rel=\"canonical\" href=\"https:\/\/wernerdeck.de\/blog\/2025\/07\/11\/afd-verhindern-drei-videos\/\" \/>\n<meta property=\"og:locale\" content=\"de_DE\" \/>\n<meta property=\"og:type\" content=\"article\" \/>\n<meta property=\"og:title\" content=\"AfD verhindern: Drei Videos zeigen, warum das n\u00f6tig ist - Privater Blog von Werner Deck\" \/>\n<meta property=\"og:description\" content=\"Drei kurze Videos zeigen, warum wir die AfD verhindern m\u00fcssen: antidemokratisch, klimafeindlich, faktenfern. Im Blog \u2013 mit klaren Beispielen\" \/>\n<meta property=\"og:url\" content=\"https:\/\/wernerdeck.de\/blog\/2025\/07\/11\/afd-verhindern-drei-videos\/\" \/>\n<meta property=\"og:site_name\" content=\"Privater Blog von Werner Deck\" \/>\n<meta property=\"article:publisher\" content=\"https:\/\/www.facebook.com\/werner.deck\/\" \/>\n<meta property=\"article:author\" content=\"https:\/\/www.facebook.com\/werner.deck\/\" \/>\n<meta property=\"article:published_time\" content=\"2025-07-11T06:28:31+00:00\" \/>\n<meta property=\"article:modified_time\" content=\"2025-07-11T14:22:57+00:00\" \/>\n<meta property=\"og:image\" content=\"https:\/\/wernerdeck.de\/blog\/wp-content\/uploads\/2025\/07\/AfD-ist-gesichert-rechtsextrem-verfassungsschutz.jpg\" \/>\n\t<meta property=\"og:image:width\" content=\"1200\" \/>\n\t<meta property=\"og:image:height\" content=\"468\" \/>\n\t<meta property=\"og:image:type\" content=\"image\/jpeg\" \/>\n<meta name=\"author\" content=\"Werner Deck\" \/>\n<meta name=\"twitter:card\" content=\"summary_large_image\" \/>\n<meta name=\"twitter:label1\" content=\"Verfasst von\" \/>\n\t<meta name=\"twitter:data1\" content=\"Werner Deck\" \/>\n\t<meta name=\"twitter:label2\" content=\"Gesch\u00e4tzte Lesezeit\" \/>\n\t<meta name=\"twitter:data2\" content=\"2\u00a0Minuten\" \/>\n<script type=\"application\/ld+json\" class=\"yoast-schema-graph\">{\"@context\":\"https:\\\/\\\/schema.org\",\"@graph\":[{\"@type\":\"Article\",\"@id\":\"https:\\\/\\\/wernerdeck.de\\\/blog\\\/2025\\\/07\\\/11\\\/afd-verhindern-drei-videos\\\/#article\",\"isPartOf\":{\"@id\":\"https:\\\/\\\/wernerdeck.de\\\/blog\\\/2025\\\/07\\\/11\\\/afd-verhindern-drei-videos\\\/\"},\"author\":{\"name\":\"Werner Deck\",\"@id\":\"https:\\\/\\\/wernerdeck.de\\\/blog\\\/#\\\/schema\\\/person\\\/7af62de1f11b0a09297eeb81281e523c\"},\"headline\":\"AfD verhindern: Drei Videos zeigen, warum das n\u00f6tig ist\",\"datePublished\":\"2025-07-11T06:28:31+00:00\",\"dateModified\":\"2025-07-11T14:22:57+00:00\",\"mainEntityOfPage\":{\"@id\":\"https:\\\/\\\/wernerdeck.de\\\/blog\\\/2025\\\/07\\\/11\\\/afd-verhindern-drei-videos\\\/\"},\"wordCount\":273,\"commentCount\":0,\"publisher\":{\"@id\":\"https:\\\/\\\/wernerdeck.de\\\/blog\\\/#\\\/schema\\\/person\\\/7af62de1f11b0a09297eeb81281e523c\"},\"image\":{\"@id\":\"https:\\\/\\\/wernerdeck.de\\\/blog\\\/2025\\\/07\\\/11\\\/afd-verhindern-drei-videos\\\/#primaryimage\"},\"thumbnailUrl\":\"https:\\\/\\\/wernerdeck.de\\\/blog\\\/wp-content\\\/uploads\\\/2025\\\/07\\\/AfD-ist-gesichert-rechtsextrem-verfassungsschutz.jpg\",\"keywords\":[\"#NoAfD\",\"AfD entlarven\",\"AfD gef\u00e4hrlich\",\"AfD Kritik\",\"AfD verhindern\",\"Demokratie sch\u00fctzen\",\"Klimaleugner Bundestag\",\"Klimawandel Leugnung AfD\",\"politische Aufkl\u00e4rung\",\"Rechtspopulismus stoppen\"],\"articleSection\":[\"Nein zur AfD\"],\"inLanguage\":\"de\",\"potentialAction\":[{\"@type\":\"CommentAction\",\"name\":\"Comment\",\"target\":[\"https:\\\/\\\/wernerdeck.de\\\/blog\\\/2025\\\/07\\\/11\\\/afd-verhindern-drei-videos\\\/#respond\"]}]},{\"@type\":\"WebPage\",\"@id\":\"https:\\\/\\\/wernerdeck.de\\\/blog\\\/2025\\\/07\\\/11\\\/afd-verhindern-drei-videos\\\/\",\"url\":\"https:\\\/\\\/wernerdeck.de\\\/blog\\\/2025\\\/07\\\/11\\\/afd-verhindern-drei-videos\\\/\",\"name\":\"AfD verhindern: Drei Videos zeigen, warum das n\u00f6tig ist - Privater Blog von Werner Deck\",\"isPartOf\":{\"@id\":\"https:\\\/\\\/wernerdeck.de\\\/blog\\\/#website\"},\"primaryImageOfPage\":{\"@id\":\"https:\\\/\\\/wernerdeck.de\\\/blog\\\/2025\\\/07\\\/11\\\/afd-verhindern-drei-videos\\\/#primaryimage\"},\"image\":{\"@id\":\"https:\\\/\\\/wernerdeck.de\\\/blog\\\/2025\\\/07\\\/11\\\/afd-verhindern-drei-videos\\\/#primaryimage\"},\"thumbnailUrl\":\"https:\\\/\\\/wernerdeck.de\\\/blog\\\/wp-content\\\/uploads\\\/2025\\\/07\\\/AfD-ist-gesichert-rechtsextrem-verfassungsschutz.jpg\",\"datePublished\":\"2025-07-11T06:28:31+00:00\",\"dateModified\":\"2025-07-11T14:22:57+00:00\",\"description\":\"Drei kurze Videos zeigen, warum wir die AfD verhindern m\u00fcssen: antidemokratisch, klimafeindlich, faktenfern. Im Blog \u2013 mit klaren Beispielen\",\"breadcrumb\":{\"@id\":\"https:\\\/\\\/wernerdeck.de\\\/blog\\\/2025\\\/07\\\/11\\\/afd-verhindern-drei-videos\\\/#breadcrumb\"},\"inLanguage\":\"de\",\"potentialAction\":[{\"@type\":\"ReadAction\",\"target\":[\"https:\\\/\\\/wernerdeck.de\\\/blog\\\/2025\\\/07\\\/11\\\/afd-verhindern-drei-videos\\\/\"]}]},{\"@type\":\"ImageObject\",\"inLanguage\":\"de\",\"@id\":\"https:\\\/\\\/wernerdeck.de\\\/blog\\\/2025\\\/07\\\/11\\\/afd-verhindern-drei-videos\\\/#primaryimage\",\"url\":\"https:\\\/\\\/wernerdeck.de\\\/blog\\\/wp-content\\\/uploads\\\/2025\\\/07\\\/AfD-ist-gesichert-rechtsextrem-verfassungsschutz.jpg\",\"contentUrl\":\"https:\\\/\\\/wernerdeck.de\\\/blog\\\/wp-content\\\/uploads\\\/2025\\\/07\\\/AfD-ist-gesichert-rechtsextrem-verfassungsschutz.jpg\",\"width\":1200,\"height\":468,\"caption\":\"Durch die AfD ist die Demokratie in Gefahr\"},{\"@type\":\"BreadcrumbList\",\"@id\":\"https:\\\/\\\/wernerdeck.de\\\/blog\\\/2025\\\/07\\\/11\\\/afd-verhindern-drei-videos\\\/#breadcrumb\",\"itemListElement\":[{\"@type\":\"ListItem\",\"position\":1,\"name\":\"Startseite\",\"item\":\"https:\\\/\\\/wernerdeck.de\\\/blog\\\/\"},{\"@type\":\"ListItem\",\"position\":2,\"name\":\"AfD verhindern: Drei Videos zeigen, warum das n\u00f6tig ist\"}]},{\"@type\":\"WebSite\",\"@id\":\"https:\\\/\\\/wernerdeck.de\\\/blog\\\/#website\",\"url\":\"https:\\\/\\\/wernerdeck.de\\\/blog\\\/\",\"name\":\"Blog von Werner Deck\",\"description\":\"\",\"publisher\":{\"@id\":\"https:\\\/\\\/wernerdeck.de\\\/blog\\\/#\\\/schema\\\/person\\\/7af62de1f11b0a09297eeb81281e523c\"},\"potentialAction\":[{\"@type\":\"SearchAction\",\"target\":{\"@type\":\"EntryPoint\",\"urlTemplate\":\"https:\\\/\\\/wernerdeck.de\\\/blog\\\/?s={search_term_string}\"},\"query-input\":{\"@type\":\"PropertyValueSpecification\",\"valueRequired\":true,\"valueName\":\"search_term_string\"}}],\"inLanguage\":\"de\"},{\"@type\":[\"Person\",\"Organization\"],\"@id\":\"https:\\\/\\\/wernerdeck.de\\\/blog\\\/#\\\/schema\\\/person\\\/7af62de1f11b0a09297eeb81281e523c\",\"name\":\"Werner Deck\",\"image\":{\"@type\":\"ImageObject\",\"inLanguage\":\"de\",\"@id\":\"https:\\\/\\\/wernerdeck.de\\\/blog\\\/wp-content\\\/uploads\\\/2022\\\/05\\\/Werner-Deck-995x1024.jpg\",\"url\":\"https:\\\/\\\/wernerdeck.de\\\/blog\\\/wp-content\\\/uploads\\\/2022\\\/05\\\/Werner-Deck-995x1024.jpg\",\"contentUrl\":\"https:\\\/\\\/wernerdeck.de\\\/blog\\\/wp-content\\\/uploads\\\/2022\\\/05\\\/Werner-Deck-995x1024.jpg\",\"width\":995,\"height\":1024,\"caption\":\"Werner Deck\"},\"logo\":{\"@id\":\"https:\\\/\\\/wernerdeck.de\\\/blog\\\/wp-content\\\/uploads\\\/2022\\\/05\\\/Werner-Deck-995x1024.jpg\"},\"sameAs\":[\"https:\\\/\\\/wernerdeck.de\\\/blog\",\"https:\\\/\\\/www.facebook.com\\\/werner.deck\\\/\",\"https:\\\/\\\/www.instagram.com\\\/opti_maler_deck\\\/\",\"https:\\\/\\\/www.youtube.com\\\/c\\\/WernerDeck\"],\"url\":\"https:\\\/\\\/wernerdeck.de\\\/blog\\\/author\\\/wernerdeck-de\\\/\"}]}<\/script>\n<!-- \/ Yoast SEO plugin. -->","yoast_head_json":{"title":"AfD verhindern: Drei Videos zeigen, warum das n\u00f6tig ist - Privater Blog von Werner Deck","description":"Drei kurze Videos zeigen, warum wir die AfD verhindern m\u00fcssen: antidemokratisch, klimafeindlich, faktenfern. Im Blog \u2013 mit klaren Beispielen","robots":{"index":"index","follow":"follow","max-snippet":"max-snippet:-1","max-image-preview":"max-image-preview:large","max-video-preview":"max-video-preview:-1"},"canonical":"https:\/\/wernerdeck.de\/blog\/2025\/07\/11\/afd-verhindern-drei-videos\/","og_locale":"de_DE","og_type":"article","og_title":"AfD verhindern: Drei Videos zeigen, warum das n\u00f6tig ist - Privater Blog von Werner Deck","og_description":"Drei kurze Videos zeigen, warum wir die AfD verhindern m\u00fcssen: antidemokratisch, klimafeindlich, faktenfern. Im Blog \u2013 mit klaren Beispielen","og_url":"https:\/\/wernerdeck.de\/blog\/2025\/07\/11\/afd-verhindern-drei-videos\/","og_site_name":"Privater Blog von Werner Deck","article_publisher":"https:\/\/www.facebook.com\/werner.deck\/","article_author":"https:\/\/www.facebook.com\/werner.deck\/","article_published_time":"2025-07-11T06:28:31+00:00","article_modified_time":"2025-07-11T14:22:57+00:00","og_image":[{"width":1200,"height":468,"url":"https:\/\/wernerdeck.de\/blog\/wp-content\/uploads\/2025\/07\/AfD-ist-gesichert-rechtsextrem-verfassungsschutz.jpg","type":"image\/jpeg"}],"author":"Werner Deck","twitter_card":"summary_large_image","twitter_misc":{"Verfasst von":"Werner Deck","Gesch\u00e4tzte Lesezeit":"2\u00a0Minuten"},"schema":{"@context":"https:\/\/schema.org","@graph":[{"@type":"Article","@id":"https:\/\/wernerdeck.de\/blog\/2025\/07\/11\/afd-verhindern-drei-videos\/#article","isPartOf":{"@id":"https:\/\/wernerdeck.de\/blog\/2025\/07\/11\/afd-verhindern-drei-videos\/"},"author":{"name":"Werner Deck","@id":"https:\/\/wernerdeck.de\/blog\/#\/schema\/person\/7af62de1f11b0a09297eeb81281e523c"},"headline":"AfD verhindern: Drei Videos zeigen, warum das n\u00f6tig ist","datePublished":"2025-07-11T06:28:31+00:00","dateModified":"2025-07-11T14:22:57+00:00","mainEntityOfPage":{"@id":"https:\/\/wernerdeck.de\/blog\/2025\/07\/11\/afd-verhindern-drei-videos\/"},"wordCount":273,"commentCount":0,"publisher":{"@id":"https:\/\/wernerdeck.de\/blog\/#\/schema\/person\/7af62de1f11b0a09297eeb81281e523c"},"image":{"@id":"https:\/\/wernerdeck.de\/blog\/2025\/07\/11\/afd-verhindern-drei-videos\/#primaryimage"},"thumbnailUrl":"https:\/\/wernerdeck.de\/blog\/wp-content\/uploads\/2025\/07\/AfD-ist-gesichert-rechtsextrem-verfassungsschutz.jpg","keywords":["#NoAfD","AfD entlarven","AfD gef\u00e4hrlich","AfD Kritik","AfD verhindern","Demokratie sch\u00fctzen","Klimaleugner Bundestag","Klimawandel Leugnung AfD","politische Aufkl\u00e4rung","Rechtspopulismus stoppen"],"articleSection":["Nein zur AfD"],"inLanguage":"de","potentialAction":[{"@type":"CommentAction","name":"Comment","target":["https:\/\/wernerdeck.de\/blog\/2025\/07\/11\/afd-verhindern-drei-videos\/#respond"]}]},{"@type":"WebPage","@id":"https:\/\/wernerdeck.de\/blog\/2025\/07\/11\/afd-verhindern-drei-videos\/","url":"https:\/\/wernerdeck.de\/blog\/2025\/07\/11\/afd-verhindern-drei-videos\/","name":"AfD verhindern: Drei Videos zeigen, warum das n\u00f6tig ist - Privater Blog von Werner Deck","isPartOf":{"@id":"https:\/\/wernerdeck.de\/blog\/#website"},"primaryImageOfPage":{"@id":"https:\/\/wernerdeck.de\/blog\/2025\/07\/11\/afd-verhindern-drei-videos\/#primaryimage"},"image":{"@id":"https:\/\/wernerdeck.de\/blog\/2025\/07\/11\/afd-verhindern-drei-videos\/#primaryimage"},"thumbnailUrl":"https:\/\/wernerdeck.de\/blog\/wp-content\/uploads\/2025\/07\/AfD-ist-gesichert-rechtsextrem-verfassungsschutz.jpg","datePublished":"2025-07-11T06:28:31+00:00","dateModified":"2025-07-11T14:22:57+00:00","description":"Drei kurze Videos zeigen, warum wir die AfD verhindern m\u00fcssen: antidemokratisch, klimafeindlich, faktenfern. Im Blog \u2013 mit klaren Beispielen","breadcrumb":{"@id":"https:\/\/wernerdeck.de\/blog\/2025\/07\/11\/afd-verhindern-drei-videos\/#breadcrumb"},"inLanguage":"de","potentialAction":[{"@type":"ReadAction","target":["https:\/\/wernerdeck.de\/blog\/2025\/07\/11\/afd-verhindern-drei-videos\/"]}]},{"@type":"ImageObject","inLanguage":"de","@id":"https:\/\/wernerdeck.de\/blog\/2025\/07\/11\/afd-verhindern-drei-videos\/#primaryimage","url":"https:\/\/wernerdeck.de\/blog\/wp-content\/uploads\/2025\/07\/AfD-ist-gesichert-rechtsextrem-verfassungsschutz.jpg","contentUrl":"https:\/\/wernerdeck.de\/blog\/wp-content\/uploads\/2025\/07\/AfD-ist-gesichert-rechtsextrem-verfassungsschutz.jpg","width":1200,"height":468,"caption":"Durch die AfD ist die Demokratie in Gefahr"},{"@type":"BreadcrumbList","@id":"https:\/\/wernerdeck.de\/blog\/2025\/07\/11\/afd-verhindern-drei-videos\/#breadcrumb","itemListElement":[{"@type":"ListItem","position":1,"name":"Startseite","item":"https:\/\/wernerdeck.de\/blog\/"},{"@type":"ListItem","position":2,"name":"AfD verhindern: Drei Videos zeigen, warum das n\u00f6tig ist"}]},{"@type":"WebSite","@id":"https:\/\/wernerdeck.de\/blog\/#website","url":"https:\/\/wernerdeck.de\/blog\/","name":"Blog von Werner Deck","description":"","publisher":{"@id":"https:\/\/wernerdeck.de\/blog\/#\/schema\/person\/7af62de1f11b0a09297eeb81281e523c"},"potentialAction":[{"@type":"SearchAction","target":{"@type":"EntryPoint","urlTemplate":"https:\/\/wernerdeck.de\/blog\/?s={search_term_string}"},"query-input":{"@type":"PropertyValueSpecification","valueRequired":true,"valueName":"search_term_string"}}],"inLanguage":"de"},{"@type":["Person","Organization"],"@id":"https:\/\/wernerdeck.de\/blog\/#\/schema\/person\/7af62de1f11b0a09297eeb81281e523c","name":"Werner Deck","image":{"@type":"ImageObject","inLanguage":"de","@id":"https:\/\/wernerdeck.de\/blog\/wp-content\/uploads\/2022\/05\/Werner-Deck-995x1024.jpg","url":"https:\/\/wernerdeck.de\/blog\/wp-content\/uploads\/2022\/05\/Werner-Deck-995x1024.jpg","contentUrl":"https:\/\/wernerdeck.de\/blog\/wp-content\/uploads\/2022\/05\/Werner-Deck-995x1024.jpg","width":995,"height":1024,"caption":"Werner Deck"},"logo":{"@id":"https:\/\/wernerdeck.de\/blog\/wp-content\/uploads\/2022\/05\/Werner-Deck-995x1024.jpg"},"sameAs":["https:\/\/wernerdeck.de\/blog","https:\/\/www.facebook.com\/werner.deck\/","https:\/\/www.instagram.com\/opti_maler_deck\/","https:\/\/www.youtube.com\/c\/WernerDeck"],"url":"https:\/\/wernerdeck.de\/blog\/author\/wernerdeck-de\/"}]}},"_links":{"self":[{"href":"https:\/\/wernerdeck.de\/blog\/wp-json\/wp\/v2\/posts\/28067","targetHints":{"allow":["GET"]}}],"collection":[{"href":"https:\/\/wernerdeck.de\/blog\/wp-json\/wp\/v2\/posts"}],"about":[{"href":"https:\/\/wernerdeck.de\/blog\/wp-json\/wp\/v2\/types\/post"}],"author":[{"embeddable":true,"href":"https:\/\/wernerdeck.de\/blog\/wp-json\/wp\/v2\/users\/1"}],"replies":[{"embeddable":true,"href":"https:\/\/wernerdeck.de\/blog\/wp-json\/wp\/v2\/comments?post=28067"}],"version-history":[{"count":0,"href":"https:\/\/wernerdeck.de\/blog\/wp-json\/wp\/v2\/posts\/28067\/revisions"}],"wp:featuredmedia":[{"embeddable":true,"href":"https:\/\/wernerdeck.de\/blog\/wp-json\/wp\/v2\/media\/28085"}],"wp:attachment":[{"href":"https:\/\/wernerdeck.de\/blog\/wp-json\/wp\/v2\/media?parent=28067"}],"wp:term":[{"taxonomy":"category","embeddable":true,"href":"https:\/\/wernerdeck.de\/blog\/wp-json\/wp\/v2\/categories?post=28067"},{"taxonomy":"post_tag","embeddable":true,"href":"https:\/\/wernerdeck.de\/blog\/wp-json\/wp\/v2\/tags?post=28067"}],"curies":[{"name":"wp","href":"https:\/\/api.w.org\/{rel}","templated":true}]}}