{"id":27866,"date":"2025-07-08T20:22:30","date_gmt":"2025-07-08T18:22:30","guid":{"rendered":"https:\/\/wernerdeck.de\/blog\/?p=27866"},"modified":"2025-07-08T20:27:44","modified_gmt":"2025-07-08T18:27:44","slug":"pressefreiheit-und-korruption-weidels-besuch-bei-orban-im-faktencheck","status":"publish","type":"post","link":"https:\/\/wernerdeck.de\/blog\/2025\/07\/08\/pressefreiheit-und-korruption-weidels-besuch-bei-orban-im-faktencheck\/","title":{"rendered":"Pressefreiheit und Korruption: Weidels Besuch bei Orb\u00e1n im Faktencheck"},"content":{"rendered":"<p data-start=\"44\" data-end=\"99\">Weidel Besuch Orban Ungarn \u2013 bei ihrem Treffen in Budapest <a href=\"https:\/\/wernerdeck.de\/blog\/2025\/03\/22\/nein-zur-afd%e2%9d%97-die-rede-michel-friedmans-zum-50-todestag-oskar-schindlers-im-hessischen-landtag-am-09-10-2024\/\" target=\"_blank\" rel=\"noopener\">entlarven<\/a> sich Widerspr\u00fcche zwischen Rhetorik und Realit\u00e4t.<\/p>\n<h2 data-start=\"44\" data-end=\"99\">Alice Weidels Ungarn-Visit bei <span class=\"relative -mx-px my-[-0.2rem] rounded px-px py-[0.2rem] transition-colors duration-100 ease-in-out\">Orb\u00e1n<\/span> \u2013 Faktencheck<\/h2>\n<figure id=\"attachment_27872\" aria-describedby=\"caption-attachment-27872\" style=\"width: 185px\" class=\"wp-caption alignleft\"><img loading=\"lazy\" decoding=\"async\" class=\"wp-image-27872\" src=\"https:\/\/wernerdeck.de\/blog\/wp-content\/uploads\/2025\/07\/Alice-Weidel-Foto-AfD-presse_weidel_1024x576-2.jpg\" alt=\"Alice Weidel von der AfD\" width=\"195\" height=\"190\" srcset=\"https:\/\/wernerdeck.de\/blog\/wp-content\/uploads\/2025\/07\/Alice-Weidel-Foto-AfD-presse_weidel_1024x576-2.jpg 500w, https:\/\/wernerdeck.de\/blog\/wp-content\/uploads\/2025\/07\/Alice-Weidel-Foto-AfD-presse_weidel_1024x576-2-300x292.jpg 300w\" sizes=\"auto, (max-width: 195px) 100vw, 195px\" \/><figcaption id=\"caption-attachment-27872\" class=\"wp-caption-text\">Alice Weidel &#8211; Foto AfD<\/figcaption><\/figure>\n<p data-start=\"101\" data-end=\"311\"><span class=\"relative -mx-px my-[-0.2rem] rounded px-px py-[0.2rem] transition-colors duration-100 ease-in-out\"><a href=\"https:\/\/wernerdeck.de\/blog\/2025\/01\/14\/afd-nein-danke%e2%80%bc%ef%b8%8f-%f0%9f%98%a1%f0%9f%98%a1%f0%9f%98%a1\/\" target=\"_blank\" rel=\"noopener\">Alice Weidel<\/a> besuchte k\u00fcrzlich Ungarn und traf sich mit Regierungschef Viktor\u202fOrb\u00e1n. Im Gegensatz zu ihrer Darstellung in sozialen Medien berichtete die <strong data-start=\"153\" data-end=\"167\">Tagesschau<\/strong> korrekt, dass sie offiziell als AfD-Fraktionsvorsitzende empfangen wurde \u2013 mit einseitigem Medien-Echo und politischer Instrumentalisierung.<\/span><\/p>\n<p data-start=\"101\" data-end=\"311\">Weidel sagte, <span class=\"relative -mx-px my-[-0.2rem] rounded px-px py-[0.2rem] transition-colors duration-100 ease-in-out\">Orb\u00e1n k\u00f6nne stolz auf sein Land und dessen Leistung sein und dahin m\u00f6chte Weidel ihr Land, Deutschland, auch wieder bringen. Das ist l\u00e4cherlich, denn Ungarn steht in allen Belangen sehr deutlich schlechter da als Deutschland. Wieder einmal, wie immer, gelogen und purer Populismus. <a href=\"https:\/\/wernerdeck.de\/blog\/2025\/06\/17\/afd-verbot-de-beweise-fuer-das-afd-verbot\/\" target=\"_blank\" rel=\"noopener\">S\u00e4mtliche Fakten<\/a> im Video unten. <\/span><a class=\"\" href=\"https:\/\/rsf.org\/en\/2024-world-press-freedom-index-journalism-under-political-pressure?utm_source=chatgpt.com\" target=\"_new\" rel=\"noopener\" data-start=\"141\" data-end=\"311\">Weidel bei Orban \u2013 offizieller Empfang\u202f\/\u202fTagesschau-Moment<\/a><\/p>\n<h3 data-start=\"314\" data-end=\"367\">Ungarns Demokratie im internationalen Vergleich<\/h3>\n<ul data-start=\"368\" data-end=\"527\">\n<li data-start=\"368\" data-end=\"448\">\n<p data-start=\"370\" data-end=\"448\"><span class=\"relative -mx-px my-[-0.2rem] rounded px-px py-[0.2rem] transition-colors duration-100 ease-in-out\"><strong data-start=\"0\" data-end=\"18\" data-is-only-node=\"\">Pressefreiheit<\/strong>: Laut Reporters Without Borders liegt Ungarn auf Platz\u202f67 von 180 L\u00e4ndern \u2013 deutlich hinter Deutschland, einem der Top\u202f10 EU-L\u00e4nder<\/span> <span class=\"\" data-state=\"closed\"><span class=\"ms-1 inline-flex max-w-full items-center relative top-[-0.094rem] animate-[show_150ms_ease-in]\"><a class=\"flex h-4.5 overflow-hidden rounded-xl px-2 text-[9px] font-medium text-token-text-secondary! bg-[#F4F4F4]! dark:bg-[#303030]! transition-colors duration-150 ease-in-out\" href=\"https:\/\/rsf.org\/en\/2024-world-press-freedom-index-journalism-under-political-pressure?utm_source=chatgpt.com\" target=\"_blank\" rel=\"noopener\"><span class=\"relative start-0 bottom-0 flex h-full w-full items-center\"><span class=\"flex h-4 w-full items-center justify-between absolute\"><span class=\"max-w-full grow truncate overflow-hidden text-center\">en.wikipedia.org<\/span><span class=\"-me-1 flex h-full items-center rounded-full px-1 text-[#8F8F8F]\">+14<\/span><\/span><span class=\"flex h-4 w-full items-center justify-between\"><span class=\"max-w-full grow truncate overflow-hidden text-center\">rsf.org<\/span><span class=\"-me-1 flex h-full items-center rounded-full px-1 text-[#8F8F8F]\">+14<\/span><\/span><span class=\"flex h-4 w-full items-center justify-between absolute\"><span class=\"max-w-full grow truncate overflow-hidden text-center\">english.nmhh.hu<\/span><span class=\"-me-1 flex h-full items-center rounded-full px-1 text-[#8F8F8F]\">+14<\/span><\/span><\/span><\/a><\/span><\/span>.<\/p>\n<\/li>\n<li data-start=\"449\" data-end=\"527\">\n<p data-start=\"451\" data-end=\"527\"><span class=\"relative -mx-px my-[-0.2rem] rounded px-px py-[0.2rem] transition-colors duration-100 ease-in-out\"><strong data-start=\"0\" data-end=\"14\" data-is-only-node=\"\">Korruption<\/strong>: Transparency International stuft Ungarn mit 41\u202fPunkten als <em data-start=\"75\" data-end=\"97\">am st\u00e4rksten korrupt<\/em> in der EU ein \u2013 Deutschland liegt bei 75 Punkten und auf Platz\u202f15<\/span> <span class=\"\" data-state=\"closed\"><span class=\"ms-1 inline-flex max-w-full items-center relative top-[-0.094rem] animate-[show_150ms_ease-in]\"><a class=\"flex h-4.5 overflow-hidden rounded-xl px-2 text-[9px] font-medium text-token-text-secondary! bg-[#F4F4F4]! dark:bg-[#303030]! transition-colors duration-150 ease-in-out\" href=\"https:\/\/www.hungarianconservative.com\/articles\/opinion\/transparency-international-cpi-usaid-osf-hungary-corruption\/?utm_source=chatgpt.com\" target=\"_blank\" rel=\"noopener\"><span class=\"relative start-0 bottom-0 flex h-full w-full items-center\"><span class=\"flex h-4 w-full items-center justify-between\"><span class=\"max-w-full grow truncate overflow-hidden text-center\">hungarianconservative.com<\/span><span class=\"-me-1 flex h-full items-center rounded-full px-1 text-[#8F8F8F]\">+1<\/span><\/span><span class=\"flex h-4 w-full items-center justify-between absolute\"><span class=\"max-w-full grow truncate overflow-hidden text-center\">en.wikipedia.org<\/span><span class=\"-me-1 flex h-full items-center rounded-full px-1 text-[#8F8F8F]\">+1<\/span><\/span><\/span><\/a><\/span><\/span>.<\/p>\n<\/li>\n<\/ul>\n<h3 data-start=\"529\" data-end=\"589\"><span class=\"relative -mx-px my-[-0.2rem] rounded px-px py-[0.2rem] transition-colors duration-100 ease-in-out\">Orb\u00e1n<\/span>: Kritik an Br\u00fcssel \u2013 zugleich EU-Nehmer Nummer\u202f3<\/h3>\n<p data-start=\"590\" data-end=\"849\">Orb\u00e1n wettert regelm\u00e4\u00dfig gegen die EU, fordert nationalistische Souver\u00e4nit\u00e4t, doch sein Land profitiert weiterhin massiv von EU-Mitteln. Ungarn steht <strong data-start=\"740\" data-end=\"797\">auf Platz\u202f3 der Staaten mit den h\u00f6chsten EU-Zahlungen<\/strong>, obwohl Orb\u00e1n die Union zugleich scharf kritisiert.<\/p>\n<h3 data-start=\"590\" data-end=\"849\">Orb\u00e1n wettert gegen EU, kassiert aber Milliarden<\/h3>\n<p>&nbsp;<iframe loading=\"lazy\" style=\"border: none; overflow: hidden;\" src=\"https:\/\/www.facebook.com\/plugins\/video.php?height=476&amp;href=https%3A%2F%2Fwww.facebook.com%2Freel%2F1082327350548760%2F&amp;show_text=false&amp;width=267&amp;t=0\" width=\"267\" height=\"476\" frameborder=\"0\" scrolling=\"no\" allowfullscreen=\"allowfullscreen\"><\/iframe><\/p>\n<p>&nbsp;<\/p>\n","protected":false},"excerpt":{"rendered":"<p>Weidel Besuch Orban Ungarn \u2013 bei ihrem Treffen in Budapest entlarven sich Widerspr\u00fcche zwischen Rhetorik und Realit\u00e4t. Alice Weidels Ungarn-Visit bei Orb\u00e1n \u2013 Faktencheck Alice Weidel besuchte k\u00fcrzlich Ungarn und traf sich mit Regierungschef Viktor\u202fOrb\u00e1n. Im Gegensatz zu ihrer Darstellung in sozialen Medien berichtete die Tagesschau korrekt, dass sie offiziell als AfD-Fraktionsvorsitzende empfangen wurde \u2013 &#8230; <a title=\"Pressefreiheit und Korruption: Weidels Besuch bei Orb\u00e1n im Faktencheck\" class=\"read-more\" href=\"https:\/\/wernerdeck.de\/blog\/2025\/07\/08\/pressefreiheit-und-korruption-weidels-besuch-bei-orban-im-faktencheck\/\" aria-label=\"Mehr Informationen \u00fcber Pressefreiheit und Korruption: Weidels Besuch bei Orb\u00e1n im Faktencheck\">Weiterlesen<\/a><\/p>\n","protected":false},"author":1,"featured_media":0,"comment_status":"open","ping_status":"open","sticky":false,"template":"","format":"standard","meta":{"ngg_post_thumbnail":0,"footnotes":""},"categories":[513],"tags":[630,754,752,765,760,759,767,764,768,758,763,766,762,757,761,755,753,756],"class_list":["post-27866","post","type-post","status-publish","format-standard","hentry","category-nein-zur-afd","tag-noafd","tag-afd","tag-alice-weidel","tag-autokratie-in-europa","tag-demokratie-in-ungarn","tag-eu-foerdergelder","tag-eu-gelder-ungarn","tag-eu-nehmerlaender","tag-fakten-statt-propaganda","tag-korruption-ungarn","tag-kritik-an-der-eu","tag-orban-regime","tag-politische-instrumentalisierung","tag-pressefreiheit-ungarn","tag-tagesschau-faktencheck","tag-ungarn","tag-viktor-orban","tag-weidel-besuch-orban-ungarn"],"yoast_head":"<!-- This site is optimized with the Yoast SEO plugin v27.4 - https:\/\/yoast.com\/product\/yoast-seo-wordpress\/ -->\n<title>Pressefreiheit und Korruption: Weidels Besuch bei Orb\u00e1n im Faktencheck - Privater Blog von Werner Deck<\/title>\n<meta name=\"description\" content=\"Weidels Treffen mit Orban sorgte f\u00fcr Debatte. Ungarn weit hinter Deutschland in Pressefreiheit &amp; Korruption, dennoch EU-Geld-Empf\u00e4nger Nr.\u202f3.\" \/>\n<meta name=\"robots\" content=\"index, follow, max-snippet:-1, max-image-preview:large, max-video-preview:-1\" \/>\n<link rel=\"canonical\" href=\"https:\/\/wernerdeck.de\/blog\/2025\/07\/08\/pressefreiheit-und-korruption-weidels-besuch-bei-orban-im-faktencheck\/\" \/>\n<meta property=\"og:locale\" content=\"de_DE\" \/>\n<meta property=\"og:type\" content=\"article\" \/>\n<meta property=\"og:title\" content=\"Pressefreiheit und Korruption: Weidels Besuch bei Orb\u00e1n im Faktencheck - Privater Blog von Werner Deck\" \/>\n<meta property=\"og:description\" content=\"Weidels Treffen mit Orban sorgte f\u00fcr Debatte. Ungarn weit hinter Deutschland in Pressefreiheit &amp; Korruption, dennoch EU-Geld-Empf\u00e4nger Nr.\u202f3.\" \/>\n<meta property=\"og:url\" content=\"https:\/\/wernerdeck.de\/blog\/2025\/07\/08\/pressefreiheit-und-korruption-weidels-besuch-bei-orban-im-faktencheck\/\" \/>\n<meta property=\"og:site_name\" content=\"Privater Blog von Werner Deck\" \/>\n<meta property=\"article:publisher\" content=\"https:\/\/www.facebook.com\/werner.deck\/\" \/>\n<meta property=\"article:author\" content=\"https:\/\/www.facebook.com\/werner.deck\/\" \/>\n<meta property=\"article:published_time\" content=\"2025-07-08T18:22:30+00:00\" \/>\n<meta property=\"article:modified_time\" content=\"2025-07-08T18:27:44+00:00\" \/>\n<meta property=\"og:image\" content=\"https:\/\/wernerdeck.de\/blog\/wp-content\/uploads\/2025\/07\/Alice-Weidel-Foto-AfD-presse_weidel_1024x576-2.jpg\" \/>\n\t<meta property=\"og:image:width\" content=\"500\" \/>\n\t<meta property=\"og:image:height\" content=\"487\" \/>\n\t<meta property=\"og:image:type\" content=\"image\/jpeg\" \/>\n<meta name=\"author\" content=\"Werner Deck\" \/>\n<meta name=\"twitter:card\" content=\"summary_large_image\" \/>\n<meta name=\"twitter:label1\" content=\"Verfasst von\" \/>\n\t<meta name=\"twitter:data1\" content=\"Werner Deck\" \/>\n\t<meta name=\"twitter:label2\" content=\"Gesch\u00e4tzte Lesezeit\" \/>\n\t<meta name=\"twitter:data2\" content=\"2\u00a0Minuten\" \/>\n<script type=\"application\/ld+json\" class=\"yoast-schema-graph\">{\"@context\":\"https:\\\/\\\/schema.org\",\"@graph\":[{\"@type\":\"Article\",\"@id\":\"https:\\\/\\\/wernerdeck.de\\\/blog\\\/2025\\\/07\\\/08\\\/pressefreiheit-und-korruption-weidels-besuch-bei-orban-im-faktencheck\\\/#article\",\"isPartOf\":{\"@id\":\"https:\\\/\\\/wernerdeck.de\\\/blog\\\/2025\\\/07\\\/08\\\/pressefreiheit-und-korruption-weidels-besuch-bei-orban-im-faktencheck\\\/\"},\"author\":{\"name\":\"Werner Deck\",\"@id\":\"https:\\\/\\\/wernerdeck.de\\\/blog\\\/#\\\/schema\\\/person\\\/7af62de1f11b0a09297eeb81281e523c\"},\"headline\":\"Pressefreiheit und Korruption: Weidels Besuch bei Orb\u00e1n im Faktencheck\",\"datePublished\":\"2025-07-08T18:22:30+00:00\",\"dateModified\":\"2025-07-08T18:27:44+00:00\",\"mainEntityOfPage\":{\"@id\":\"https:\\\/\\\/wernerdeck.de\\\/blog\\\/2025\\\/07\\\/08\\\/pressefreiheit-und-korruption-weidels-besuch-bei-orban-im-faktencheck\\\/\"},\"wordCount\":267,\"commentCount\":0,\"publisher\":{\"@id\":\"https:\\\/\\\/wernerdeck.de\\\/blog\\\/#\\\/schema\\\/person\\\/7af62de1f11b0a09297eeb81281e523c\"},\"image\":{\"@id\":\"https:\\\/\\\/wernerdeck.de\\\/blog\\\/2025\\\/07\\\/08\\\/pressefreiheit-und-korruption-weidels-besuch-bei-orban-im-faktencheck\\\/#primaryimage\"},\"thumbnailUrl\":\"https:\\\/\\\/wernerdeck.de\\\/blog\\\/wp-content\\\/uploads\\\/2025\\\/07\\\/Alice-Weidel-Foto-AfD-presse_weidel_1024x576-2.jpg\",\"keywords\":[\"#NoAfD\",\"AfD\",\"Alice Weidel\",\"Autokratie in Europa\",\"Demokratie in Ungarn\",\"EU-F\u00f6rdergelder\",\"EU-Gelder Ungarn\",\"EU-Nehmerl\u00e4nder\",\"Fakten statt Propaganda\",\"Korruption Ungarn\",\"Kritik an der EU\",\"Orban Regime\",\"politische Instrumentalisierung\",\"Pressefreiheit Ungarn\",\"Tagesschau Faktencheck\",\"Ungarn\",\"Viktor Orban\",\"Weidel Besuch Orban Ungarn\"],\"articleSection\":[\"Nein zur AfD\"],\"inLanguage\":\"de\",\"potentialAction\":[{\"@type\":\"CommentAction\",\"name\":\"Comment\",\"target\":[\"https:\\\/\\\/wernerdeck.de\\\/blog\\\/2025\\\/07\\\/08\\\/pressefreiheit-und-korruption-weidels-besuch-bei-orban-im-faktencheck\\\/#respond\"]}]},{\"@type\":\"WebPage\",\"@id\":\"https:\\\/\\\/wernerdeck.de\\\/blog\\\/2025\\\/07\\\/08\\\/pressefreiheit-und-korruption-weidels-besuch-bei-orban-im-faktencheck\\\/\",\"url\":\"https:\\\/\\\/wernerdeck.de\\\/blog\\\/2025\\\/07\\\/08\\\/pressefreiheit-und-korruption-weidels-besuch-bei-orban-im-faktencheck\\\/\",\"name\":\"Pressefreiheit und Korruption: Weidels Besuch bei Orb\u00e1n im Faktencheck - Privater Blog von Werner Deck\",\"isPartOf\":{\"@id\":\"https:\\\/\\\/wernerdeck.de\\\/blog\\\/#website\"},\"primaryImageOfPage\":{\"@id\":\"https:\\\/\\\/wernerdeck.de\\\/blog\\\/2025\\\/07\\\/08\\\/pressefreiheit-und-korruption-weidels-besuch-bei-orban-im-faktencheck\\\/#primaryimage\"},\"image\":{\"@id\":\"https:\\\/\\\/wernerdeck.de\\\/blog\\\/2025\\\/07\\\/08\\\/pressefreiheit-und-korruption-weidels-besuch-bei-orban-im-faktencheck\\\/#primaryimage\"},\"thumbnailUrl\":\"https:\\\/\\\/wernerdeck.de\\\/blog\\\/wp-content\\\/uploads\\\/2025\\\/07\\\/Alice-Weidel-Foto-AfD-presse_weidel_1024x576-2.jpg\",\"datePublished\":\"2025-07-08T18:22:30+00:00\",\"dateModified\":\"2025-07-08T18:27:44+00:00\",\"description\":\"Weidels Treffen mit Orban sorgte f\u00fcr Debatte. Ungarn weit hinter Deutschland in Pressefreiheit & Korruption, dennoch EU-Geld-Empf\u00e4nger Nr.\u202f3.\",\"breadcrumb\":{\"@id\":\"https:\\\/\\\/wernerdeck.de\\\/blog\\\/2025\\\/07\\\/08\\\/pressefreiheit-und-korruption-weidels-besuch-bei-orban-im-faktencheck\\\/#breadcrumb\"},\"inLanguage\":\"de\",\"potentialAction\":[{\"@type\":\"ReadAction\",\"target\":[\"https:\\\/\\\/wernerdeck.de\\\/blog\\\/2025\\\/07\\\/08\\\/pressefreiheit-und-korruption-weidels-besuch-bei-orban-im-faktencheck\\\/\"]}]},{\"@type\":\"ImageObject\",\"inLanguage\":\"de\",\"@id\":\"https:\\\/\\\/wernerdeck.de\\\/blog\\\/2025\\\/07\\\/08\\\/pressefreiheit-und-korruption-weidels-besuch-bei-orban-im-faktencheck\\\/#primaryimage\",\"url\":\"https:\\\/\\\/wernerdeck.de\\\/blog\\\/wp-content\\\/uploads\\\/2025\\\/07\\\/Alice-Weidel-Foto-AfD-presse_weidel_1024x576-2.jpg\",\"contentUrl\":\"https:\\\/\\\/wernerdeck.de\\\/blog\\\/wp-content\\\/uploads\\\/2025\\\/07\\\/Alice-Weidel-Foto-AfD-presse_weidel_1024x576-2.jpg\",\"width\":500,\"height\":487,\"caption\":\"Alice Weidel von der AfD\"},{\"@type\":\"BreadcrumbList\",\"@id\":\"https:\\\/\\\/wernerdeck.de\\\/blog\\\/2025\\\/07\\\/08\\\/pressefreiheit-und-korruption-weidels-besuch-bei-orban-im-faktencheck\\\/#breadcrumb\",\"itemListElement\":[{\"@type\":\"ListItem\",\"position\":1,\"name\":\"Startseite\",\"item\":\"https:\\\/\\\/wernerdeck.de\\\/blog\\\/\"},{\"@type\":\"ListItem\",\"position\":2,\"name\":\"Pressefreiheit und Korruption: Weidels Besuch bei Orb\u00e1n im Faktencheck\"}]},{\"@type\":\"WebSite\",\"@id\":\"https:\\\/\\\/wernerdeck.de\\\/blog\\\/#website\",\"url\":\"https:\\\/\\\/wernerdeck.de\\\/blog\\\/\",\"name\":\"Blog von Werner Deck\",\"description\":\"\",\"publisher\":{\"@id\":\"https:\\\/\\\/wernerdeck.de\\\/blog\\\/#\\\/schema\\\/person\\\/7af62de1f11b0a09297eeb81281e523c\"},\"potentialAction\":[{\"@type\":\"SearchAction\",\"target\":{\"@type\":\"EntryPoint\",\"urlTemplate\":\"https:\\\/\\\/wernerdeck.de\\\/blog\\\/?s={search_term_string}\"},\"query-input\":{\"@type\":\"PropertyValueSpecification\",\"valueRequired\":true,\"valueName\":\"search_term_string\"}}],\"inLanguage\":\"de\"},{\"@type\":[\"Person\",\"Organization\"],\"@id\":\"https:\\\/\\\/wernerdeck.de\\\/blog\\\/#\\\/schema\\\/person\\\/7af62de1f11b0a09297eeb81281e523c\",\"name\":\"Werner Deck\",\"image\":{\"@type\":\"ImageObject\",\"inLanguage\":\"de\",\"@id\":\"https:\\\/\\\/wernerdeck.de\\\/blog\\\/wp-content\\\/uploads\\\/2022\\\/05\\\/Werner-Deck-995x1024.jpg\",\"url\":\"https:\\\/\\\/wernerdeck.de\\\/blog\\\/wp-content\\\/uploads\\\/2022\\\/05\\\/Werner-Deck-995x1024.jpg\",\"contentUrl\":\"https:\\\/\\\/wernerdeck.de\\\/blog\\\/wp-content\\\/uploads\\\/2022\\\/05\\\/Werner-Deck-995x1024.jpg\",\"width\":995,\"height\":1024,\"caption\":\"Werner Deck\"},\"logo\":{\"@id\":\"https:\\\/\\\/wernerdeck.de\\\/blog\\\/wp-content\\\/uploads\\\/2022\\\/05\\\/Werner-Deck-995x1024.jpg\"},\"sameAs\":[\"https:\\\/\\\/wernerdeck.de\\\/blog\",\"https:\\\/\\\/www.facebook.com\\\/werner.deck\\\/\",\"https:\\\/\\\/www.instagram.com\\\/opti_maler_deck\\\/\",\"https:\\\/\\\/www.youtube.com\\\/c\\\/WernerDeck\"],\"url\":\"https:\\\/\\\/wernerdeck.de\\\/blog\\\/author\\\/wernerdeck-de\\\/\"}]}<\/script>\n<!-- \/ Yoast SEO plugin. -->","yoast_head_json":{"title":"Pressefreiheit und Korruption: Weidels Besuch bei Orb\u00e1n im Faktencheck - Privater Blog von Werner Deck","description":"Weidels Treffen mit Orban sorgte f\u00fcr Debatte. Ungarn weit hinter Deutschland in Pressefreiheit & Korruption, dennoch EU-Geld-Empf\u00e4nger Nr.\u202f3.","robots":{"index":"index","follow":"follow","max-snippet":"max-snippet:-1","max-image-preview":"max-image-preview:large","max-video-preview":"max-video-preview:-1"},"canonical":"https:\/\/wernerdeck.de\/blog\/2025\/07\/08\/pressefreiheit-und-korruption-weidels-besuch-bei-orban-im-faktencheck\/","og_locale":"de_DE","og_type":"article","og_title":"Pressefreiheit und Korruption: Weidels Besuch bei Orb\u00e1n im Faktencheck - Privater Blog von Werner Deck","og_description":"Weidels Treffen mit Orban sorgte f\u00fcr Debatte. Ungarn weit hinter Deutschland in Pressefreiheit & Korruption, dennoch EU-Geld-Empf\u00e4nger Nr.\u202f3.","og_url":"https:\/\/wernerdeck.de\/blog\/2025\/07\/08\/pressefreiheit-und-korruption-weidels-besuch-bei-orban-im-faktencheck\/","og_site_name":"Privater Blog von Werner Deck","article_publisher":"https:\/\/www.facebook.com\/werner.deck\/","article_author":"https:\/\/www.facebook.com\/werner.deck\/","article_published_time":"2025-07-08T18:22:30+00:00","article_modified_time":"2025-07-08T18:27:44+00:00","og_image":[{"width":500,"height":487,"url":"https:\/\/wernerdeck.de\/blog\/wp-content\/uploads\/2025\/07\/Alice-Weidel-Foto-AfD-presse_weidel_1024x576-2.jpg","type":"image\/jpeg"}],"author":"Werner Deck","twitter_card":"summary_large_image","twitter_misc":{"Verfasst von":"Werner Deck","Gesch\u00e4tzte Lesezeit":"2\u00a0Minuten"},"schema":{"@context":"https:\/\/schema.org","@graph":[{"@type":"Article","@id":"https:\/\/wernerdeck.de\/blog\/2025\/07\/08\/pressefreiheit-und-korruption-weidels-besuch-bei-orban-im-faktencheck\/#article","isPartOf":{"@id":"https:\/\/wernerdeck.de\/blog\/2025\/07\/08\/pressefreiheit-und-korruption-weidels-besuch-bei-orban-im-faktencheck\/"},"author":{"name":"Werner Deck","@id":"https:\/\/wernerdeck.de\/blog\/#\/schema\/person\/7af62de1f11b0a09297eeb81281e523c"},"headline":"Pressefreiheit und Korruption: Weidels Besuch bei Orb\u00e1n im Faktencheck","datePublished":"2025-07-08T18:22:30+00:00","dateModified":"2025-07-08T18:27:44+00:00","mainEntityOfPage":{"@id":"https:\/\/wernerdeck.de\/blog\/2025\/07\/08\/pressefreiheit-und-korruption-weidels-besuch-bei-orban-im-faktencheck\/"},"wordCount":267,"commentCount":0,"publisher":{"@id":"https:\/\/wernerdeck.de\/blog\/#\/schema\/person\/7af62de1f11b0a09297eeb81281e523c"},"image":{"@id":"https:\/\/wernerdeck.de\/blog\/2025\/07\/08\/pressefreiheit-und-korruption-weidels-besuch-bei-orban-im-faktencheck\/#primaryimage"},"thumbnailUrl":"https:\/\/wernerdeck.de\/blog\/wp-content\/uploads\/2025\/07\/Alice-Weidel-Foto-AfD-presse_weidel_1024x576-2.jpg","keywords":["#NoAfD","AfD","Alice Weidel","Autokratie in Europa","Demokratie in Ungarn","EU-F\u00f6rdergelder","EU-Gelder Ungarn","EU-Nehmerl\u00e4nder","Fakten statt Propaganda","Korruption Ungarn","Kritik an der EU","Orban Regime","politische Instrumentalisierung","Pressefreiheit Ungarn","Tagesschau Faktencheck","Ungarn","Viktor Orban","Weidel Besuch Orban Ungarn"],"articleSection":["Nein zur AfD"],"inLanguage":"de","potentialAction":[{"@type":"CommentAction","name":"Comment","target":["https:\/\/wernerdeck.de\/blog\/2025\/07\/08\/pressefreiheit-und-korruption-weidels-besuch-bei-orban-im-faktencheck\/#respond"]}]},{"@type":"WebPage","@id":"https:\/\/wernerdeck.de\/blog\/2025\/07\/08\/pressefreiheit-und-korruption-weidels-besuch-bei-orban-im-faktencheck\/","url":"https:\/\/wernerdeck.de\/blog\/2025\/07\/08\/pressefreiheit-und-korruption-weidels-besuch-bei-orban-im-faktencheck\/","name":"Pressefreiheit und Korruption: Weidels Besuch bei Orb\u00e1n im Faktencheck - Privater Blog von Werner Deck","isPartOf":{"@id":"https:\/\/wernerdeck.de\/blog\/#website"},"primaryImageOfPage":{"@id":"https:\/\/wernerdeck.de\/blog\/2025\/07\/08\/pressefreiheit-und-korruption-weidels-besuch-bei-orban-im-faktencheck\/#primaryimage"},"image":{"@id":"https:\/\/wernerdeck.de\/blog\/2025\/07\/08\/pressefreiheit-und-korruption-weidels-besuch-bei-orban-im-faktencheck\/#primaryimage"},"thumbnailUrl":"https:\/\/wernerdeck.de\/blog\/wp-content\/uploads\/2025\/07\/Alice-Weidel-Foto-AfD-presse_weidel_1024x576-2.jpg","datePublished":"2025-07-08T18:22:30+00:00","dateModified":"2025-07-08T18:27:44+00:00","description":"Weidels Treffen mit Orban sorgte f\u00fcr Debatte. Ungarn weit hinter Deutschland in Pressefreiheit & Korruption, dennoch EU-Geld-Empf\u00e4nger Nr.\u202f3.","breadcrumb":{"@id":"https:\/\/wernerdeck.de\/blog\/2025\/07\/08\/pressefreiheit-und-korruption-weidels-besuch-bei-orban-im-faktencheck\/#breadcrumb"},"inLanguage":"de","potentialAction":[{"@type":"ReadAction","target":["https:\/\/wernerdeck.de\/blog\/2025\/07\/08\/pressefreiheit-und-korruption-weidels-besuch-bei-orban-im-faktencheck\/"]}]},{"@type":"ImageObject","inLanguage":"de","@id":"https:\/\/wernerdeck.de\/blog\/2025\/07\/08\/pressefreiheit-und-korruption-weidels-besuch-bei-orban-im-faktencheck\/#primaryimage","url":"https:\/\/wernerdeck.de\/blog\/wp-content\/uploads\/2025\/07\/Alice-Weidel-Foto-AfD-presse_weidel_1024x576-2.jpg","contentUrl":"https:\/\/wernerdeck.de\/blog\/wp-content\/uploads\/2025\/07\/Alice-Weidel-Foto-AfD-presse_weidel_1024x576-2.jpg","width":500,"height":487,"caption":"Alice Weidel von der AfD"},{"@type":"BreadcrumbList","@id":"https:\/\/wernerdeck.de\/blog\/2025\/07\/08\/pressefreiheit-und-korruption-weidels-besuch-bei-orban-im-faktencheck\/#breadcrumb","itemListElement":[{"@type":"ListItem","position":1,"name":"Startseite","item":"https:\/\/wernerdeck.de\/blog\/"},{"@type":"ListItem","position":2,"name":"Pressefreiheit und Korruption: Weidels Besuch bei Orb\u00e1n im Faktencheck"}]},{"@type":"WebSite","@id":"https:\/\/wernerdeck.de\/blog\/#website","url":"https:\/\/wernerdeck.de\/blog\/","name":"Blog von Werner Deck","description":"","publisher":{"@id":"https:\/\/wernerdeck.de\/blog\/#\/schema\/person\/7af62de1f11b0a09297eeb81281e523c"},"potentialAction":[{"@type":"SearchAction","target":{"@type":"EntryPoint","urlTemplate":"https:\/\/wernerdeck.de\/blog\/?s={search_term_string}"},"query-input":{"@type":"PropertyValueSpecification","valueRequired":true,"valueName":"search_term_string"}}],"inLanguage":"de"},{"@type":["Person","Organization"],"@id":"https:\/\/wernerdeck.de\/blog\/#\/schema\/person\/7af62de1f11b0a09297eeb81281e523c","name":"Werner Deck","image":{"@type":"ImageObject","inLanguage":"de","@id":"https:\/\/wernerdeck.de\/blog\/wp-content\/uploads\/2022\/05\/Werner-Deck-995x1024.jpg","url":"https:\/\/wernerdeck.de\/blog\/wp-content\/uploads\/2022\/05\/Werner-Deck-995x1024.jpg","contentUrl":"https:\/\/wernerdeck.de\/blog\/wp-content\/uploads\/2022\/05\/Werner-Deck-995x1024.jpg","width":995,"height":1024,"caption":"Werner Deck"},"logo":{"@id":"https:\/\/wernerdeck.de\/blog\/wp-content\/uploads\/2022\/05\/Werner-Deck-995x1024.jpg"},"sameAs":["https:\/\/wernerdeck.de\/blog","https:\/\/www.facebook.com\/werner.deck\/","https:\/\/www.instagram.com\/opti_maler_deck\/","https:\/\/www.youtube.com\/c\/WernerDeck"],"url":"https:\/\/wernerdeck.de\/blog\/author\/wernerdeck-de\/"}]}},"_links":{"self":[{"href":"https:\/\/wernerdeck.de\/blog\/wp-json\/wp\/v2\/posts\/27866","targetHints":{"allow":["GET"]}}],"collection":[{"href":"https:\/\/wernerdeck.de\/blog\/wp-json\/wp\/v2\/posts"}],"about":[{"href":"https:\/\/wernerdeck.de\/blog\/wp-json\/wp\/v2\/types\/post"}],"author":[{"embeddable":true,"href":"https:\/\/wernerdeck.de\/blog\/wp-json\/wp\/v2\/users\/1"}],"replies":[{"embeddable":true,"href":"https:\/\/wernerdeck.de\/blog\/wp-json\/wp\/v2\/comments?post=27866"}],"version-history":[{"count":0,"href":"https:\/\/wernerdeck.de\/blog\/wp-json\/wp\/v2\/posts\/27866\/revisions"}],"wp:attachment":[{"href":"https:\/\/wernerdeck.de\/blog\/wp-json\/wp\/v2\/media?parent=27866"}],"wp:term":[{"taxonomy":"category","embeddable":true,"href":"https:\/\/wernerdeck.de\/blog\/wp-json\/wp\/v2\/categories?post=27866"},{"taxonomy":"post_tag","embeddable":true,"href":"https:\/\/wernerdeck.de\/blog\/wp-json\/wp\/v2\/tags?post=27866"}],"curies":[{"name":"wp","href":"https:\/\/api.w.org\/{rel}","templated":true}]}}