{"id":27748,"date":"2025-07-07T14:57:32","date_gmt":"2025-07-07T12:57:32","guid":{"rendered":"https:\/\/wernerdeck.de\/blog\/?p=27748"},"modified":"2025-07-07T15:37:44","modified_gmt":"2025-07-07T13:37:44","slug":"jagdschloss-bellin-geschichte-aufenthalt-schloesschen","status":"publish","type":"post","link":"https:\/\/wernerdeck.de\/blog\/2025\/07\/07\/jagdschloss-bellin-geschichte-aufenthalt-schloesschen\/","title":{"rendered":"Jagdschloss Bellin \u2013 Ein Ort voller Geschichte &#038; Atmosph\u00e4re"},"content":{"rendered":"<p><span style=\"font-weight: 400;\">Auf unserer <a href=\"https:\/\/wernerdeck.de\/blog\/2025\/06\/21\/mit-dem-neuen-fahrrad-seenplatte-tour\/\" target=\"_blank\" rel=\"noopener\">Seenplatte-Tour<\/a> \u00fcbernachteten wir am <a href=\"https:\/\/wernerdeck.de\/blog\/2025\/07\/06\/radtour-mecklenburgische-seenplatte-etappe-1\/\" target=\"_blank\" rel=\"noopener\">Dienstag, 24. Juni 2025 im Jagdschloss Bellin<\/a>. Das Jagdschloss Bellin beeindruckte mich mit seiner neobarocken Architektur und seiner faszinierenden Geschichte, die eng mit der Familie Sloman verbunden ist.<\/span><\/p>\n<p><span style=\"font-weight: 400;\">Schon die Zufahrt zum<\/span><a href=\"https:\/\/www.jagdschloss-bellin.de\/\" target=\"_blank\" rel=\"noopener\"><span style=\"font-weight: 400;\"> Jagdschloss Bellin<\/span><\/a><span style=\"font-weight: 400;\"> \u2013 im leichten Regen und durch eine alte Allee \u2013 hatte etwas Magisches. Links und rechts der Mittelachse lagen gepflegte Rasenfl\u00e4chen, doch gleich am Beginn fiel mein Blick auf ein verfallenes Wirtschaftsgeb\u00e4ude: eingeschlagene Fensterscheiben, br\u00f6ckelndes Mauerwerk. Wahrscheinlich waren das fr\u00fcher Stallungen oder Speicher f\u00fcr landwirtschaftliche Erzeugnisse. Ein zweites, ebenso zerfallendes Geb\u00e4ude s\u00e4umte wenig sp\u00e4ter den Weg. Und dann, am Ende der dunklen, beinahe verwunschenen Allee, trat es aus dem Schatten hervor \u2013 das Jagdschloss Bellin. Majest\u00e4tisch, ruhig, fast ehrf\u00fcrchtig. Ich war augenblicklich gepackt.<\/span><\/p>\n<p>\n<div class=\"ngg-galleryoverview ngg-template-caption\" id=\"ngg-gallery-a0a81443a66df3cd3da4914187a2cce4-27748\">\n\n\t\t\n\t<!-- Thumbnails -->\n\t\t\t\t\t\n\t<div id=\"ngg-image-13313\" class=\"ngg-gallery-thumbnail-box\" style=\"width:33%;\" >\n\t\t<div class=\"ngg-gallery-thumbnail\" >\n\t\t\t<a href=\"https:\/\/wernerdeck.de\/blog\/wp-content\/gallery\/zufahrt-jagdschloss\/zufahrt-jagdschloss-bellin-2025-02.jpg\"\n\t\t\t\ttitle=\" \"\n\t\t\t\tclass=\"ngg-simplelightbox\" rel=\"a0a81443a66df3cd3da4914187a2cce4\" data-image-id=\"13313\" data-src=\"https:\/\/wernerdeck.de\/blog\/wp-content\/gallery\/zufahrt-jagdschloss\/zufahrt-jagdschloss-bellin-2025-02.jpg\" data-thumbnail=\"https:\/\/wernerdeck.de\/blog\/wp-content\/gallery\/zufahrt-jagdschloss\/thumbs\/thumbs_zufahrt-jagdschloss-bellin-2025-02.jpg\" data-title=\"Altes Stallgeb\u00e4ude vor dem Jagdschloss Bellin \u2013 Geschichte im Verfall\" data-description=\" \" >\n\t\t\t\t\t\t\t\t<img title=\"Altes Stallgeb\u00e4ude vor dem Jagdschloss Bellin \u2013 Geschichte im Verfall\" alt=\"Altes Stallgeb\u00e4ude vor dem Jagdschloss Bellin \u2013 Geschichte im Verfall\" src=\"https:\/\/wernerdeck.de\/blog\/wp-content\/gallery\/zufahrt-jagdschloss\/thumbs\/thumbs_zufahrt-jagdschloss-bellin-2025-02.jpg\" width='240' height='160' \/>\n\t\t\t\t\t\t\t<\/a>\n\t\t\t<span>\n\t\t\t \t\t\t<\/span>\n\t\t<\/div>\n\t<\/div>\n\t\t\t\t\t\t\t\t\n\t<div id=\"ngg-image-13315\" class=\"ngg-gallery-thumbnail-box\" style=\"width:33%;\" >\n\t\t<div class=\"ngg-gallery-thumbnail\" >\n\t\t\t<a href=\"https:\/\/wernerdeck.de\/blog\/wp-content\/gallery\/zufahrt-jagdschloss\/zufahrt-jagdschloss-bellin-2025-04.jpg\"\n\t\t\t\ttitle=\" \"\n\t\t\t\tclass=\"ngg-simplelightbox\" rel=\"a0a81443a66df3cd3da4914187a2cce4\" data-image-id=\"13315\" data-src=\"https:\/\/wernerdeck.de\/blog\/wp-content\/gallery\/zufahrt-jagdschloss\/zufahrt-jagdschloss-bellin-2025-04.jpg\" data-thumbnail=\"https:\/\/wernerdeck.de\/blog\/wp-content\/gallery\/zufahrt-jagdschloss\/thumbs\/thumbs_zufahrt-jagdschloss-bellin-2025-04.jpg\" data-title=\"Allee zum Jagdschloss Bellin \u2013 Magische Stimmung im leichten Regen\" data-description=\" \" >\n\t\t\t\t\t\t\t\t<img title=\"Allee zum Jagdschloss Bellin \u2013 Magische Stimmung im leichten Regen\" alt=\"Allee zum Jagdschloss Bellin \u2013 Magische Stimmung im leichten Regen\" src=\"https:\/\/wernerdeck.de\/blog\/wp-content\/gallery\/zufahrt-jagdschloss\/thumbs\/thumbs_zufahrt-jagdschloss-bellin-2025-04.jpg\" width='240' height='160' \/>\n\t\t\t\t\t\t\t<\/a>\n\t\t\t<span>\n\t\t\t \t\t\t<\/span>\n\t\t<\/div>\n\t<\/div>\n\t\t\t\t\t\t\t\t\n\t<div id=\"ngg-image-13317\" class=\"ngg-gallery-thumbnail-box\" style=\"width:33%;\" >\n\t\t<div class=\"ngg-gallery-thumbnail\" >\n\t\t\t<a href=\"https:\/\/wernerdeck.de\/blog\/wp-content\/gallery\/zufahrt-jagdschloss\/zufahrt-jagdschloss-bellin-2025-06.jpg\"\n\t\t\t\ttitle=\" \"\n\t\t\t\tclass=\"ngg-simplelightbox\" rel=\"a0a81443a66df3cd3da4914187a2cce4\" data-image-id=\"13317\" data-src=\"https:\/\/wernerdeck.de\/blog\/wp-content\/gallery\/zufahrt-jagdschloss\/zufahrt-jagdschloss-bellin-2025-06.jpg\" data-thumbnail=\"https:\/\/wernerdeck.de\/blog\/wp-content\/gallery\/zufahrt-jagdschloss\/thumbs\/thumbs_zufahrt-jagdschloss-bellin-2025-06.jpg\" data-title=\"Verfallenes Wirtschaftsgeb\u00e4ude an der Zufahrt zum Jagdschloss Bellin\" data-description=\" \" >\n\t\t\t\t\t\t\t\t<img title=\"Verfallenes Wirtschaftsgeb\u00e4ude an der Zufahrt zum Jagdschloss Bellin\" alt=\"Verfallenes Wirtschaftsgeb\u00e4ude an der Zufahrt zum Jagdschloss Bellin\" src=\"https:\/\/wernerdeck.de\/blog\/wp-content\/gallery\/zufahrt-jagdschloss\/thumbs\/thumbs_zufahrt-jagdschloss-bellin-2025-06.jpg\" width='240' height='160' \/>\n\t\t\t\t\t\t\t<\/a>\n\t\t\t<span>\n\t\t\t \t\t\t<\/span>\n\t\t<\/div>\n\t<\/div>\n\t\t\t\t\t\t\t<br style=\"clear: both\" \/>\n\t\t\t\n\t<div id=\"ngg-image-13314\" class=\"ngg-gallery-thumbnail-box\" style=\"width:33%;\" >\n\t\t<div class=\"ngg-gallery-thumbnail\" >\n\t\t\t<a href=\"https:\/\/wernerdeck.de\/blog\/wp-content\/gallery\/zufahrt-jagdschloss\/zufahrt-jagdschloss-bellin-2025-08.jpg\"\n\t\t\t\ttitle=\" \"\n\t\t\t\tclass=\"ngg-simplelightbox\" rel=\"a0a81443a66df3cd3da4914187a2cce4\" data-image-id=\"13314\" data-src=\"https:\/\/wernerdeck.de\/blog\/wp-content\/gallery\/zufahrt-jagdschloss\/zufahrt-jagdschloss-bellin-2025-08.jpg\" data-thumbnail=\"https:\/\/wernerdeck.de\/blog\/wp-content\/gallery\/zufahrt-jagdschloss\/thumbs\/thumbs_zufahrt-jagdschloss-bellin-2025-08.jpg\" data-title=\"Erster Blick auf das Jagdschloss Bellin \u2013 majest\u00e4tisch und still\" data-description=\" \" >\n\t\t\t\t\t\t\t\t<img title=\"Erster Blick auf das Jagdschloss Bellin \u2013 majest\u00e4tisch und still\" alt=\"Erster Blick auf das Jagdschloss Bellin \u2013 majest\u00e4tisch und still\" src=\"https:\/\/wernerdeck.de\/blog\/wp-content\/gallery\/zufahrt-jagdschloss\/thumbs\/thumbs_zufahrt-jagdschloss-bellin-2025-08.jpg\" width='240' height='160' \/>\n\t\t\t\t\t\t\t<\/a>\n\t\t\t<span>\n\t\t\t \t\t\t<\/span>\n\t\t<\/div>\n\t<\/div>\n\t\t\t\t\t\t\t\t\n\t<div id=\"ngg-image-13316\" class=\"ngg-gallery-thumbnail-box\" style=\"width:33%;\" >\n\t\t<div class=\"ngg-gallery-thumbnail\" >\n\t\t\t<a href=\"https:\/\/wernerdeck.de\/blog\/wp-content\/gallery\/zufahrt-jagdschloss\/zufahrt-jagdschloss-bellin-2025-10.jpg\"\n\t\t\t\ttitle=\" \"\n\t\t\t\tclass=\"ngg-simplelightbox\" rel=\"a0a81443a66df3cd3da4914187a2cce4\" data-image-id=\"13316\" data-src=\"https:\/\/wernerdeck.de\/blog\/wp-content\/gallery\/zufahrt-jagdschloss\/zufahrt-jagdschloss-bellin-2025-10.jpg\" data-thumbnail=\"https:\/\/wernerdeck.de\/blog\/wp-content\/gallery\/zufahrt-jagdschloss\/thumbs\/thumbs_zufahrt-jagdschloss-bellin-2025-10.jpg\" data-title=\"Gepflegte Rasenfl\u00e4chen neben dem Zufahrtsweg zum Jagdschloss Bellin\" data-description=\" \" >\n\t\t\t\t\t\t\t\t<img title=\"Gepflegte Rasenfl\u00e4chen neben dem Zufahrtsweg zum Jagdschloss Bellin\" alt=\"Gepflegte Rasenfl\u00e4chen neben dem Zufahrtsweg zum Jagdschloss Bellin\" src=\"https:\/\/wernerdeck.de\/blog\/wp-content\/gallery\/zufahrt-jagdschloss\/thumbs\/thumbs_zufahrt-jagdschloss-bellin-2025-10.jpg\" width='240' height='160' \/>\n\t\t\t\t\t\t\t<\/a>\n\t\t\t<span>\n\t\t\t \t\t\t<\/span>\n\t\t<\/div>\n\t<\/div>\n\t\t\t\t\t\t\t\t\n\t<div id=\"ngg-image-13312\" class=\"ngg-gallery-thumbnail-box\" style=\"width:33%;\" >\n\t\t<div class=\"ngg-gallery-thumbnail\" >\n\t\t\t<a href=\"https:\/\/wernerdeck.de\/blog\/wp-content\/gallery\/zufahrt-jagdschloss\/zufahrt-jagdschloss-bellin-2025-12.jpg\"\n\t\t\t\ttitle=\" \"\n\t\t\t\tclass=\"ngg-simplelightbox\" rel=\"a0a81443a66df3cd3da4914187a2cce4\" data-image-id=\"13312\" data-src=\"https:\/\/wernerdeck.de\/blog\/wp-content\/gallery\/zufahrt-jagdschloss\/zufahrt-jagdschloss-bellin-2025-12.jpg\" data-thumbnail=\"https:\/\/wernerdeck.de\/blog\/wp-content\/gallery\/zufahrt-jagdschloss\/thumbs\/thumbs_zufahrt-jagdschloss-bellin-2025-12.jpg\" data-title=\"Vor dem Jagdschloss Bellin  \u2013 stille Allee mit Schlossblick\" data-description=\" \" >\n\t\t\t\t\t\t\t\t<img title=\"Vor dem Jagdschloss Bellin  \u2013 stille Allee mit Schlossblick\" alt=\"Vor dem Jagdschloss Bellin  \u2013 stille Allee mit Schlossblick\" src=\"https:\/\/wernerdeck.de\/blog\/wp-content\/gallery\/zufahrt-jagdschloss\/thumbs\/thumbs_zufahrt-jagdschloss-bellin-2025-12.jpg\" width='240' height='160' \/>\n\t\t\t\t\t\t\t<\/a>\n\t\t\t<span>\n\t\t\t \t\t\t<\/span>\n\t\t<\/div>\n\t<\/div>\n\t\t\t\t\t\t\t<br style=\"clear: both\" \/>\n\t\t\t\n\t<!-- Pagination -->\n\t\t<div class='ngg-clear'><\/div>\t\n<\/div>\n\n\t<span style=\"font-weight: 400;\">Und meine Faszination wuchs weiter, als wir das Schloss betraten. Ged\u00e4mpftes Licht, gediegene Farben, ein Hauch von Geschichte. Die Eingangshalle empfing uns mit einer vornehmen, warmen Atmosph\u00e4re. Die rot-braunen Farbt\u00f6ne, das hohe Gew\u00f6lbe und die Stille des Hauses wirkten beruhigend und gleichzeitig eindrucksvoll. Ich war sofort begeistert \u2013 auf eine leise, tiefe Weise.<\/span><\/p>\n<p>\n<div class=\"ngg-galleryoverview ngg-template-caption\" id=\"ngg-gallery-f86633ba2fc50ff410a6343ec1419593-27748\">\n\n\t\t\n\t<!-- Thumbnails -->\n\t\t\t\t\t\n\t<div id=\"ngg-image-13318\" class=\"ngg-gallery-thumbnail-box\" style=\"width:25%;\" >\n\t\t<div class=\"ngg-gallery-thumbnail\" >\n\t\t\t<a href=\"https:\/\/wernerdeck.de\/blog\/wp-content\/gallery\/bellin-innen\/innenraeume-jagdschloss-bellin-2025-01.jpg\"\n\t\t\t\ttitle=\" \"\n\t\t\t\tclass=\"ngg-simplelightbox\" rel=\"f86633ba2fc50ff410a6343ec1419593\" data-image-id=\"13318\" data-src=\"https:\/\/wernerdeck.de\/blog\/wp-content\/gallery\/bellin-innen\/innenraeume-jagdschloss-bellin-2025-01.jpg\" data-thumbnail=\"https:\/\/wernerdeck.de\/blog\/wp-content\/gallery\/bellin-innen\/thumbs\/thumbs_innenraeume-jagdschloss-bellin-2025-01.jpg\" data-title=\"Eingangshalle im Jagdschloss Bellin \u2013 ged\u00e4mpftes Licht und historische Details\" data-description=\" \" >\n\t\t\t\t\t\t\t\t<img title=\"Eingangshalle im Jagdschloss Bellin \u2013 ged\u00e4mpftes Licht und historische Details\" alt=\"Eingangshalle im Jagdschloss Bellin \u2013 ged\u00e4mpftes Licht und historische Details\" src=\"https:\/\/wernerdeck.de\/blog\/wp-content\/gallery\/bellin-innen\/thumbs\/thumbs_innenraeume-jagdschloss-bellin-2025-01.jpg\" width='240' height='160' \/>\n\t\t\t\t\t\t\t<\/a>\n\t\t\t<span>\n\t\t\t \t\t\t<\/span>\n\t\t<\/div>\n\t<\/div>\n\t\t\t\t\t\t\t\t\n\t<div id=\"ngg-image-13322\" class=\"ngg-gallery-thumbnail-box\" style=\"width:25%;\" >\n\t\t<div class=\"ngg-gallery-thumbnail\" >\n\t\t\t<a href=\"https:\/\/wernerdeck.de\/blog\/wp-content\/gallery\/bellin-innen\/innenraeume-jagdschloss-bellin-2025-02.jpg\"\n\t\t\t\ttitle=\" \"\n\t\t\t\tclass=\"ngg-simplelightbox\" rel=\"f86633ba2fc50ff410a6343ec1419593\" data-image-id=\"13322\" data-src=\"https:\/\/wernerdeck.de\/blog\/wp-content\/gallery\/bellin-innen\/innenraeume-jagdschloss-bellin-2025-02.jpg\" data-thumbnail=\"https:\/\/wernerdeck.de\/blog\/wp-content\/gallery\/bellin-innen\/thumbs\/thumbs_innenraeume-jagdschloss-bellin-2025-02.jpg\" data-title=\"Warme rot-braune Farbgebung in der Halle des Jagdschloss Bellin\" data-description=\" \" >\n\t\t\t\t\t\t\t\t<img title=\"Warme rot-braune Farbgebung in der Halle des Jagdschloss Bellin\" alt=\"Warme rot-braune Farbgebung in der Halle des Jagdschloss Bellin\" src=\"https:\/\/wernerdeck.de\/blog\/wp-content\/gallery\/bellin-innen\/thumbs\/thumbs_innenraeume-jagdschloss-bellin-2025-02.jpg\" width='240' height='160' \/>\n\t\t\t\t\t\t\t<\/a>\n\t\t\t<span>\n\t\t\t \t\t\t<\/span>\n\t\t<\/div>\n\t<\/div>\n\t\t\t\t\t\t\t\t\n\t<div id=\"ngg-image-13320\" class=\"ngg-gallery-thumbnail-box\" style=\"width:25%;\" >\n\t\t<div class=\"ngg-gallery-thumbnail\" >\n\t\t\t<a href=\"https:\/\/wernerdeck.de\/blog\/wp-content\/gallery\/bellin-innen\/innenraeume-jagdschloss-bellin-2025-03.jpg\"\n\t\t\t\ttitle=\" \"\n\t\t\t\tclass=\"ngg-simplelightbox\" rel=\"f86633ba2fc50ff410a6343ec1419593\" data-image-id=\"13320\" data-src=\"https:\/\/wernerdeck.de\/blog\/wp-content\/gallery\/bellin-innen\/innenraeume-jagdschloss-bellin-2025-03.jpg\" data-thumbnail=\"https:\/\/wernerdeck.de\/blog\/wp-content\/gallery\/bellin-innen\/thumbs\/thumbs_innenraeume-jagdschloss-bellin-2025-03.jpg\" data-title=\"Historisches Gew\u00f6lbe im Jagdschloss Bellin \u2013 stilvoll und ruhig\" data-description=\" \" >\n\t\t\t\t\t\t\t\t<img title=\"Historisches Gew\u00f6lbe im Jagdschloss Bellin \u2013 stilvoll und ruhig\" alt=\"Historisches Gew\u00f6lbe im Jagdschloss Bellin \u2013 stilvoll und ruhig\" src=\"https:\/\/wernerdeck.de\/blog\/wp-content\/gallery\/bellin-innen\/thumbs\/thumbs_innenraeume-jagdschloss-bellin-2025-03.jpg\" width='240' height='160' \/>\n\t\t\t\t\t\t\t<\/a>\n\t\t\t<span>\n\t\t\t \t\t\t<\/span>\n\t\t<\/div>\n\t<\/div>\n\t\t\t\t\t\t\t\t\n\t<div id=\"ngg-image-13319\" class=\"ngg-gallery-thumbnail-box\" style=\"width:25%;\" >\n\t\t<div class=\"ngg-gallery-thumbnail\" >\n\t\t\t<a href=\"https:\/\/wernerdeck.de\/blog\/wp-content\/gallery\/bellin-innen\/innenraeume-jagdschloss-bellin-2025-04.jpg\"\n\t\t\t\ttitle=\" \"\n\t\t\t\tclass=\"ngg-simplelightbox\" rel=\"f86633ba2fc50ff410a6343ec1419593\" data-image-id=\"13319\" data-src=\"https:\/\/wernerdeck.de\/blog\/wp-content\/gallery\/bellin-innen\/innenraeume-jagdschloss-bellin-2025-04.jpg\" data-thumbnail=\"https:\/\/wernerdeck.de\/blog\/wp-content\/gallery\/bellin-innen\/thumbs\/thumbs_innenraeume-jagdschloss-bellin-2025-04.jpg\" data-title=\"Stimmungsvolle Lichtverh\u00e4ltnisse im Eingangsbereich des Jagdschloss Bellin\" data-description=\" \" >\n\t\t\t\t\t\t\t\t<img title=\"Stimmungsvolle Lichtverh\u00e4ltnisse im Eingangsbereich des Jagdschloss Bellin\" alt=\"Stimmungsvolle Lichtverh\u00e4ltnisse im Eingangsbereich des Jagdschloss Bellin\" src=\"https:\/\/wernerdeck.de\/blog\/wp-content\/gallery\/bellin-innen\/thumbs\/thumbs_innenraeume-jagdschloss-bellin-2025-04.jpg\" width='240' height='160' \/>\n\t\t\t\t\t\t\t<\/a>\n\t\t\t<span>\n\t\t\t \t\t\t<\/span>\n\t\t<\/div>\n\t<\/div>\n\t\t\t\t\t\t\t<br style=\"clear: both\" \/>\n\t\t\t\n\t<div id=\"ngg-image-13323\" class=\"ngg-gallery-thumbnail-box\" style=\"width:25%;\" >\n\t\t<div class=\"ngg-gallery-thumbnail\" >\n\t\t\t<a href=\"https:\/\/wernerdeck.de\/blog\/wp-content\/gallery\/bellin-innen\/innenraeume-jagdschloss-bellin-2025-05.jpg\"\n\t\t\t\ttitle=\" \"\n\t\t\t\tclass=\"ngg-simplelightbox\" rel=\"f86633ba2fc50ff410a6343ec1419593\" data-image-id=\"13323\" data-src=\"https:\/\/wernerdeck.de\/blog\/wp-content\/gallery\/bellin-innen\/innenraeume-jagdschloss-bellin-2025-05.jpg\" data-thumbnail=\"https:\/\/wernerdeck.de\/blog\/wp-content\/gallery\/bellin-innen\/thumbs\/thumbs_innenraeume-jagdschloss-bellin-2025-05.jpg\" data-title=\"Ruhige Atmosph\u00e4re im Innenbereich des Jagdschloss Bellin\" data-description=\" \" >\n\t\t\t\t\t\t\t\t<img title=\"Ruhige Atmosph\u00e4re im Innenbereich des Jagdschloss Bellin\" alt=\"Ruhige Atmosph\u00e4re im Innenbereich des Jagdschloss Bellin\" src=\"https:\/\/wernerdeck.de\/blog\/wp-content\/gallery\/bellin-innen\/thumbs\/thumbs_innenraeume-jagdschloss-bellin-2025-05.jpg\" width='240' height='160' \/>\n\t\t\t\t\t\t\t<\/a>\n\t\t\t<span>\n\t\t\t \t\t\t<\/span>\n\t\t<\/div>\n\t<\/div>\n\t\t\t\t\t\t\t\t\n\t<div id=\"ngg-image-13321\" class=\"ngg-gallery-thumbnail-box\" style=\"width:25%;\" >\n\t\t<div class=\"ngg-gallery-thumbnail\" >\n\t\t\t<a href=\"https:\/\/wernerdeck.de\/blog\/wp-content\/gallery\/bellin-innen\/innenraeume-jagdschloss-bellin-2025-06.jpg\"\n\t\t\t\ttitle=\" \"\n\t\t\t\tclass=\"ngg-simplelightbox\" rel=\"f86633ba2fc50ff410a6343ec1419593\" data-image-id=\"13321\" data-src=\"https:\/\/wernerdeck.de\/blog\/wp-content\/gallery\/bellin-innen\/innenraeume-jagdschloss-bellin-2025-06.jpg\" data-thumbnail=\"https:\/\/wernerdeck.de\/blog\/wp-content\/gallery\/bellin-innen\/thumbs\/thumbs_innenraeume-jagdschloss-bellin-2025-06.jpg\" data-title=\"Antike M\u00f6bel in der Eingangshalle des Jagdschloss Bellin\" data-description=\" \" >\n\t\t\t\t\t\t\t\t<img title=\"Antike M\u00f6bel in der Eingangshalle des Jagdschloss Bellin\" alt=\"Antike M\u00f6bel in der Eingangshalle des Jagdschloss Bellin\" src=\"https:\/\/wernerdeck.de\/blog\/wp-content\/gallery\/bellin-innen\/thumbs\/thumbs_innenraeume-jagdschloss-bellin-2025-06.jpg\" width='240' height='160' \/>\n\t\t\t\t\t\t\t<\/a>\n\t\t\t<span>\n\t\t\t \t\t\t<\/span>\n\t\t<\/div>\n\t<\/div>\n\t\t\t\t\t\t\t\t\n\t<div id=\"ngg-image-13325\" class=\"ngg-gallery-thumbnail-box\" style=\"width:25%;\" >\n\t\t<div class=\"ngg-gallery-thumbnail\" >\n\t\t\t<a href=\"https:\/\/wernerdeck.de\/blog\/wp-content\/gallery\/bellin-innen\/innenraeume-jagdschloss-bellin-2025-07.jpg\"\n\t\t\t\ttitle=\" \"\n\t\t\t\tclass=\"ngg-simplelightbox\" rel=\"f86633ba2fc50ff410a6343ec1419593\" data-image-id=\"13325\" data-src=\"https:\/\/wernerdeck.de\/blog\/wp-content\/gallery\/bellin-innen\/innenraeume-jagdschloss-bellin-2025-07.jpg\" data-thumbnail=\"https:\/\/wernerdeck.de\/blog\/wp-content\/gallery\/bellin-innen\/thumbs\/thumbs_innenraeume-jagdschloss-bellin-2025-07.jpg\" data-title=\"Gediegene Einrichtung  am Kamin im Jagdschloss Bellin \u2013 historische Eleganz\" data-description=\" \" >\n\t\t\t\t\t\t\t\t<img title=\"Gediegene Einrichtung  am Kamin im Jagdschloss Bellin \u2013 historische Eleganz\" alt=\"Gediegene Einrichtung  am Kamin im Jagdschloss Bellin \u2013 historische Eleganz\" src=\"https:\/\/wernerdeck.de\/blog\/wp-content\/gallery\/bellin-innen\/thumbs\/thumbs_innenraeume-jagdschloss-bellin-2025-07.jpg\" width='240' height='160' \/>\n\t\t\t\t\t\t\t<\/a>\n\t\t\t<span>\n\t\t\t \t\t\t<\/span>\n\t\t<\/div>\n\t<\/div>\n\t\t\t\t\t\t\t\t\n\t<div id=\"ngg-image-13324\" class=\"ngg-gallery-thumbnail-box\" style=\"width:25%;\" >\n\t\t<div class=\"ngg-gallery-thumbnail\" >\n\t\t\t<a href=\"https:\/\/wernerdeck.de\/blog\/wp-content\/gallery\/bellin-innen\/innenraeume-jagdschloss-bellin-2025-09.jpg\"\n\t\t\t\ttitle=\" \"\n\t\t\t\tclass=\"ngg-simplelightbox\" rel=\"f86633ba2fc50ff410a6343ec1419593\" data-image-id=\"13324\" data-src=\"https:\/\/wernerdeck.de\/blog\/wp-content\/gallery\/bellin-innen\/innenraeume-jagdschloss-bellin-2025-09.jpg\" data-thumbnail=\"https:\/\/wernerdeck.de\/blog\/wp-content\/gallery\/bellin-innen\/thumbs\/thumbs_innenraeume-jagdschloss-bellin-2025-09.jpg\" data-title=\"Foto des Bauhern \u00fcber dem Kamin im Jagdschloss Bellin\" data-description=\" \" >\n\t\t\t\t\t\t\t\t<img title=\"Foto des Bauhern \u00fcber dem Kamin im Jagdschloss Bellin\" alt=\"Foto des Bauhern \u00fcber dem Kamin im Jagdschloss Bellin\" src=\"https:\/\/wernerdeck.de\/blog\/wp-content\/gallery\/bellin-innen\/thumbs\/thumbs_innenraeume-jagdschloss-bellin-2025-09.jpg\" width='240' height='160' \/>\n\t\t\t\t\t\t\t<\/a>\n\t\t\t<span>\n\t\t\t \t\t\t<\/span>\n\t\t<\/div>\n\t<\/div>\n\t\t\t\t\t\t\t<br style=\"clear: both\" \/>\n\t\t\t\n\t<!-- Pagination -->\n\t\t<div class='ngg-clear'><\/div>\t\n<\/div>\n\n\t<span style=\"font-weight: 400;\">Die Schlossbesitzerin Angelika Sloman empfing uns mit herzlicher Freundlichkeit \u2013 ganz im Einklang mit der Atmosph\u00e4re des Hauses. Noch bevor wir unsere Apartments bezogen, lud sie uns im Wintergarten auf der R\u00fcckseite des Schlosses zu einem frisch gezapften L\u00fcbzer Pils ein. Der Blick in den weitl\u00e4ufigen Schlosspark tat gut. Die Anstrengungen der Tagesetappe fielen langsam von uns ab, w\u00e4hrend wir dort sa\u00dfen \u2013 ganz ruhig, fast and\u00e4chtig.<\/span><\/p>\n<p>\n<div class=\"ngg-galleryoverview ngg-template-caption\" id=\"ngg-gallery-fc897e3ba9266dc2b52d924d285924bf-27748\">\n\n\t\t\n\t<!-- Thumbnails -->\n\t\t\t\t\t\n\t<div id=\"ngg-image-13328\" class=\"ngg-gallery-thumbnail-box\" style=\"width:33%;\" >\n\t\t<div class=\"ngg-gallery-thumbnail\" >\n\t\t\t<a href=\"https:\/\/wernerdeck.de\/blog\/wp-content\/gallery\/bellin-wintergarten\/Wintergarten-jagdschloss-bellin-2025-02.jpg\"\n\t\t\t\ttitle=\" \"\n\t\t\t\tclass=\"ngg-simplelightbox\" rel=\"fc897e3ba9266dc2b52d924d285924bf\" data-image-id=\"13328\" data-src=\"https:\/\/wernerdeck.de\/blog\/wp-content\/gallery\/bellin-wintergarten\/Wintergarten-jagdschloss-bellin-2025-02.jpg\" data-thumbnail=\"https:\/\/wernerdeck.de\/blog\/wp-content\/gallery\/bellin-wintergarten\/thumbs\/thumbs_Wintergarten-jagdschloss-bellin-2025-02.jpg\" data-title=\"Wintergarten im Jagdschloss Bellin mit Blick auf den Schlosspark\" data-description=\" \" >\n\t\t\t\t\t\t\t\t<img title=\"Wintergarten im Jagdschloss Bellin mit Blick auf den Schlosspark\" alt=\"Wintergarten im Jagdschloss Bellin mit Blick auf den Schlosspark\" src=\"https:\/\/wernerdeck.de\/blog\/wp-content\/gallery\/bellin-wintergarten\/thumbs\/thumbs_Wintergarten-jagdschloss-bellin-2025-02.jpg\" width='240' height='160' \/>\n\t\t\t\t\t\t\t<\/a>\n\t\t\t<span>\n\t\t\t \t\t\t<\/span>\n\t\t<\/div>\n\t<\/div>\n\t\t\t\t\t\t\t\t\n\t<div id=\"ngg-image-13327\" class=\"ngg-gallery-thumbnail-box\" style=\"width:33%;\" >\n\t\t<div class=\"ngg-gallery-thumbnail\" >\n\t\t\t<a href=\"https:\/\/wernerdeck.de\/blog\/wp-content\/gallery\/bellin-wintergarten\/Wintergarten-jagdschloss-bellin-2025-06.jpg\"\n\t\t\t\ttitle=\" \"\n\t\t\t\tclass=\"ngg-simplelightbox\" rel=\"fc897e3ba9266dc2b52d924d285924bf\" data-image-id=\"13327\" data-src=\"https:\/\/wernerdeck.de\/blog\/wp-content\/gallery\/bellin-wintergarten\/Wintergarten-jagdschloss-bellin-2025-06.jpg\" data-thumbnail=\"https:\/\/wernerdeck.de\/blog\/wp-content\/gallery\/bellin-wintergarten\/thumbs\/thumbs_Wintergarten-jagdschloss-bellin-2025-06.jpg\" data-title=\"Gastgeberin Angelika Sloman serviert frisch gezapftes L\u00fcbzer Pils im Jagdschloss Bellin\" data-description=\" \" >\n\t\t\t\t\t\t\t\t<img title=\"Gastgeberin Angelika Sloman serviert frisch gezapftes L\u00fcbzer Pils im Jagdschloss Bellin\" alt=\"Gastgeberin Angelika Sloman serviert frisch gezapftes L\u00fcbzer Pils im Jagdschloss Bellin\" src=\"https:\/\/wernerdeck.de\/blog\/wp-content\/gallery\/bellin-wintergarten\/thumbs\/thumbs_Wintergarten-jagdschloss-bellin-2025-06.jpg\" width='240' height='160' \/>\n\t\t\t\t\t\t\t<\/a>\n\t\t\t<span>\n\t\t\t \t\t\t<\/span>\n\t\t<\/div>\n\t<\/div>\n\t\t\t\t\t\t\t\t\n\t<div id=\"ngg-image-13326\" class=\"ngg-gallery-thumbnail-box\" style=\"width:33%;\" >\n\t\t<div class=\"ngg-gallery-thumbnail\" >\n\t\t\t<a href=\"https:\/\/wernerdeck.de\/blog\/wp-content\/gallery\/bellin-wintergarten\/Wintergarten-jagdschloss-bellin-2025-04.jpg\"\n\t\t\t\ttitle=\" \"\n\t\t\t\tclass=\"ngg-simplelightbox\" rel=\"fc897e3ba9266dc2b52d924d285924bf\" data-image-id=\"13326\" data-src=\"https:\/\/wernerdeck.de\/blog\/wp-content\/gallery\/bellin-wintergarten\/Wintergarten-jagdschloss-bellin-2025-04.jpg\" data-thumbnail=\"https:\/\/wernerdeck.de\/blog\/wp-content\/gallery\/bellin-wintergarten\/thumbs\/thumbs_Wintergarten-jagdschloss-bellin-2025-04.jpg\" data-title=\"Gem\u00fctliche Atmosph\u00e4re im Wintergarten des Jagdschloss Bellin nach der Radtour\" data-description=\" \" >\n\t\t\t\t\t\t\t\t<img title=\"Gem\u00fctliche Atmosph\u00e4re im Wintergarten des Jagdschloss Bellin nach der Radtour\" alt=\"Gem\u00fctliche Atmosph\u00e4re im Wintergarten des Jagdschloss Bellin nach der Radtour\" src=\"https:\/\/wernerdeck.de\/blog\/wp-content\/gallery\/bellin-wintergarten\/thumbs\/thumbs_Wintergarten-jagdschloss-bellin-2025-04.jpg\" width='240' height='160' \/>\n\t\t\t\t\t\t\t<\/a>\n\t\t\t<span>\n\t\t\t \t\t\t<\/span>\n\t\t<\/div>\n\t<\/div>\n\t\t\t\t\t\t\t<br style=\"clear: both\" \/>\n\t\t\t\n\t<!-- Pagination -->\n\t\t<div class='ngg-clear'><\/div>\t\n<\/div>\n\n\t<span style=\"font-weight: 400;\">Etwas sp\u00e4ter trugen wir unsere Packtaschen in die gro\u00dfz\u00fcgigen Apartments. Die hohen R\u00e4ume, der Blick \u00fcber den Park und zu den kleinen Seen: genau so stellt man sich das Wohnen in einem Schloss vor. Stilvoll, ruhig, einfach stimmig.<\/span><\/p>\n<p>\n<div class=\"ngg-galleryoverview ngg-template-caption\" id=\"ngg-gallery-8a431beb12cdfa4d9a5875b1aa027e17-27748\">\n\n\t\t\n\t<!-- Thumbnails -->\n\t\t\t\t\t\n\t<div id=\"ngg-image-13329\" class=\"ngg-gallery-thumbnail-box\" style=\"width:33%;\" >\n\t\t<div class=\"ngg-gallery-thumbnail\" >\n\t\t\t<a href=\"https:\/\/wernerdeck.de\/blog\/wp-content\/gallery\/bellin-apartments\/apartments-jagdschloss-bellin-2025-02.jpg\"\n\t\t\t\ttitle=\" \"\n\t\t\t\tclass=\"ngg-simplelightbox\" rel=\"8a431beb12cdfa4d9a5875b1aa027e17\" data-image-id=\"13329\" data-src=\"https:\/\/wernerdeck.de\/blog\/wp-content\/gallery\/bellin-apartments\/apartments-jagdschloss-bellin-2025-02.jpg\" data-thumbnail=\"https:\/\/wernerdeck.de\/blog\/wp-content\/gallery\/bellin-apartments\/thumbs\/thumbs_apartments-jagdschloss-bellin-2025-02.jpg\" data-title=\"Gro\u00dfes Badezimmer mit WC im Jagdschloss Bellin\" data-description=\" \" >\n\t\t\t\t\t\t\t\t<img title=\"Gro\u00dfes Badezimmer mit WC im Jagdschloss Bellin\" alt=\"Gro\u00dfes Badezimmer mit WC im Jagdschloss Bellin\" src=\"https:\/\/wernerdeck.de\/blog\/wp-content\/gallery\/bellin-apartments\/thumbs\/thumbs_apartments-jagdschloss-bellin-2025-02.jpg\" width='240' height='160' \/>\n\t\t\t\t\t\t\t<\/a>\n\t\t\t<span>\n\t\t\t \t\t\t<\/span>\n\t\t<\/div>\n\t<\/div>\n\t\t\t\t\t\t\t\t\n\t<div id=\"ngg-image-13332\" class=\"ngg-gallery-thumbnail-box\" style=\"width:33%;\" >\n\t\t<div class=\"ngg-gallery-thumbnail\" >\n\t\t\t<a href=\"https:\/\/wernerdeck.de\/blog\/wp-content\/gallery\/bellin-apartments\/apartments-jagdschloss-bellin-2025-04.jpg\"\n\t\t\t\ttitle=\" \"\n\t\t\t\tclass=\"ngg-simplelightbox\" rel=\"8a431beb12cdfa4d9a5875b1aa027e17\" data-image-id=\"13332\" data-src=\"https:\/\/wernerdeck.de\/blog\/wp-content\/gallery\/bellin-apartments\/apartments-jagdschloss-bellin-2025-04.jpg\" data-thumbnail=\"https:\/\/wernerdeck.de\/blog\/wp-content\/gallery\/bellin-apartments\/thumbs\/thumbs_apartments-jagdschloss-bellin-2025-04.jpg\" data-title=\"Gro\u00dfz\u00fcgiges Apartment im Jagdschloss Bellin mit Blick auf den Schlosspark\" data-description=\" \" >\n\t\t\t\t\t\t\t\t<img title=\"Gro\u00dfz\u00fcgiges Apartment im Jagdschloss Bellin mit Blick auf den Schlosspark\" alt=\"Gro\u00dfz\u00fcgiges Apartment im Jagdschloss Bellin mit Blick auf den Schlosspark\" src=\"https:\/\/wernerdeck.de\/blog\/wp-content\/gallery\/bellin-apartments\/thumbs\/thumbs_apartments-jagdschloss-bellin-2025-04.jpg\" width='240' height='160' \/>\n\t\t\t\t\t\t\t<\/a>\n\t\t\t<span>\n\t\t\t \t\t\t<\/span>\n\t\t<\/div>\n\t<\/div>\n\t\t\t\t\t\t\t\t\n\t<div id=\"ngg-image-13330\" class=\"ngg-gallery-thumbnail-box\" style=\"width:33%;\" >\n\t\t<div class=\"ngg-gallery-thumbnail\" >\n\t\t\t<a href=\"https:\/\/wernerdeck.de\/blog\/wp-content\/gallery\/bellin-apartments\/apartments-jagdschloss-bellin-2025-06.jpg\"\n\t\t\t\ttitle=\" \"\n\t\t\t\tclass=\"ngg-simplelightbox\" rel=\"8a431beb12cdfa4d9a5875b1aa027e17\" data-image-id=\"13330\" data-src=\"https:\/\/wernerdeck.de\/blog\/wp-content\/gallery\/bellin-apartments\/apartments-jagdschloss-bellin-2025-06.jpg\" data-thumbnail=\"https:\/\/wernerdeck.de\/blog\/wp-content\/gallery\/bellin-apartments\/thumbs\/thumbs_apartments-jagdschloss-bellin-2025-06.jpg\" data-title=\"Hohe R\u00e4ume und stilvolles Interieur in den Apartments des Jagdschloss Bellin\" data-description=\" \" >\n\t\t\t\t\t\t\t\t<img title=\"Hohe R\u00e4ume und stilvolles Interieur in den Apartments des Jagdschloss Bellin\" alt=\"Hohe R\u00e4ume und stilvolles Interieur in den Apartments des Jagdschloss Bellin\" src=\"https:\/\/wernerdeck.de\/blog\/wp-content\/gallery\/bellin-apartments\/thumbs\/thumbs_apartments-jagdschloss-bellin-2025-06.jpg\" width='240' height='160' \/>\n\t\t\t\t\t\t\t<\/a>\n\t\t\t<span>\n\t\t\t \t\t\t<\/span>\n\t\t<\/div>\n\t<\/div>\n\t\t\t\t\t\t\t<br style=\"clear: both\" \/>\n\t\t\t\n\t<div id=\"ngg-image-13333\" class=\"ngg-gallery-thumbnail-box\" style=\"width:33%;\" >\n\t\t<div class=\"ngg-gallery-thumbnail\" >\n\t\t\t<a href=\"https:\/\/wernerdeck.de\/blog\/wp-content\/gallery\/bellin-apartments\/apartments-jagdschloss-bellin-2025-08.jpg\"\n\t\t\t\ttitle=\" \"\n\t\t\t\tclass=\"ngg-simplelightbox\" rel=\"8a431beb12cdfa4d9a5875b1aa027e17\" data-image-id=\"13333\" data-src=\"https:\/\/wernerdeck.de\/blog\/wp-content\/gallery\/bellin-apartments\/apartments-jagdschloss-bellin-2025-08.jpg\" data-thumbnail=\"https:\/\/wernerdeck.de\/blog\/wp-content\/gallery\/bellin-apartments\/thumbs\/thumbs_apartments-jagdschloss-bellin-2025-08.jpg\" data-title=\"Weite R\u00e4ume und weiter Blick aus dem Fenster im Jagdschloss Bellin\" data-description=\" \" >\n\t\t\t\t\t\t\t\t<img title=\"Weite R\u00e4ume und weiter Blick aus dem Fenster im Jagdschloss Bellin\" alt=\"Weite R\u00e4ume und weiter Blick aus dem Fenster im Jagdschloss Bellin\" src=\"https:\/\/wernerdeck.de\/blog\/wp-content\/gallery\/bellin-apartments\/thumbs\/thumbs_apartments-jagdschloss-bellin-2025-08.jpg\" width='240' height='160' \/>\n\t\t\t\t\t\t\t<\/a>\n\t\t\t<span>\n\t\t\t \t\t\t<\/span>\n\t\t<\/div>\n\t<\/div>\n\t\t\t\t\t\t\t\t\n\t<div id=\"ngg-image-13331\" class=\"ngg-gallery-thumbnail-box\" style=\"width:33%;\" >\n\t\t<div class=\"ngg-gallery-thumbnail\" >\n\t\t\t<a href=\"https:\/\/wernerdeck.de\/blog\/wp-content\/gallery\/bellin-apartments\/apartments-jagdschloss-bellin-2025-10.jpg\"\n\t\t\t\ttitle=\" \"\n\t\t\t\tclass=\"ngg-simplelightbox\" rel=\"8a431beb12cdfa4d9a5875b1aa027e17\" data-image-id=\"13331\" data-src=\"https:\/\/wernerdeck.de\/blog\/wp-content\/gallery\/bellin-apartments\/apartments-jagdschloss-bellin-2025-10.jpg\" data-thumbnail=\"https:\/\/wernerdeck.de\/blog\/wp-content\/gallery\/bellin-apartments\/thumbs\/thumbs_apartments-jagdschloss-bellin-2025-10.jpg\" data-title=\"Blick aus dem Fenster eines Apartments im Jagdschloss Bellin auf kleine Seen\" data-description=\" \" >\n\t\t\t\t\t\t\t\t<img title=\"Blick aus dem Fenster eines Apartments im Jagdschloss Bellin auf kleine Seen\" alt=\"Blick aus dem Fenster eines Apartments im Jagdschloss Bellin auf kleine Seen\" src=\"https:\/\/wernerdeck.de\/blog\/wp-content\/gallery\/bellin-apartments\/thumbs\/thumbs_apartments-jagdschloss-bellin-2025-10.jpg\" width='240' height='160' \/>\n\t\t\t\t\t\t\t<\/a>\n\t\t\t<span>\n\t\t\t \t\t\t<\/span>\n\t\t<\/div>\n\t<\/div>\n\t\t\t\t\t\t\t\t\n\t<div id=\"ngg-image-13334\" class=\"ngg-gallery-thumbnail-box\" style=\"width:33%;\" >\n\t\t<div class=\"ngg-gallery-thumbnail\" >\n\t\t\t<a href=\"https:\/\/wernerdeck.de\/blog\/wp-content\/gallery\/bellin-apartments\/apartments-jagdschloss-bellin-2025-12.jpg\"\n\t\t\t\ttitle=\" \"\n\t\t\t\tclass=\"ngg-simplelightbox\" rel=\"8a431beb12cdfa4d9a5875b1aa027e17\" data-image-id=\"13334\" data-src=\"https:\/\/wernerdeck.de\/blog\/wp-content\/gallery\/bellin-apartments\/apartments-jagdschloss-bellin-2025-12.jpg\" data-thumbnail=\"https:\/\/wernerdeck.de\/blog\/wp-content\/gallery\/bellin-apartments\/thumbs\/thumbs_apartments-jagdschloss-bellin-2025-12.jpg\" data-title=\"Fensterblick im Apartment des Jagdschloss Bellin\" data-description=\" \" >\n\t\t\t\t\t\t\t\t<img title=\"Fensterblick im Apartment des Jagdschloss Bellin\" alt=\"Fensterblick im Apartment des Jagdschloss Bellin\" src=\"https:\/\/wernerdeck.de\/blog\/wp-content\/gallery\/bellin-apartments\/thumbs\/thumbs_apartments-jagdschloss-bellin-2025-12.jpg\" width='240' height='160' \/>\n\t\t\t\t\t\t\t<\/a>\n\t\t\t<span>\n\t\t\t \t\t\t<\/span>\n\t\t<\/div>\n\t<\/div>\n\t\t\t\t\t\t\t<br style=\"clear: both\" \/>\n\t\t\t\n\t<div id=\"ngg-image-13335\" class=\"ngg-gallery-thumbnail-box\" style=\"width:33%;\" >\n\t\t<div class=\"ngg-gallery-thumbnail\" >\n\t\t\t<a href=\"https:\/\/wernerdeck.de\/blog\/wp-content\/gallery\/bellin-apartments\/apartments-jagdschloss-bellin-2025-14.jpg\"\n\t\t\t\ttitle=\" \"\n\t\t\t\tclass=\"ngg-simplelightbox\" rel=\"8a431beb12cdfa4d9a5875b1aa027e17\" data-image-id=\"13335\" data-src=\"https:\/\/wernerdeck.de\/blog\/wp-content\/gallery\/bellin-apartments\/apartments-jagdschloss-bellin-2025-14.jpg\" data-thumbnail=\"https:\/\/wernerdeck.de\/blog\/wp-content\/gallery\/bellin-apartments\/thumbs\/thumbs_apartments-jagdschloss-bellin-2025-14.jpg\" data-title=\"Blick aus dem Fenster meines Apartments im Jagdschloss Bellin auf kleine Seen\" data-description=\" \" >\n\t\t\t\t\t\t\t\t<img title=\"Blick aus dem Fenster meines Apartments im Jagdschloss Bellin auf kleine Seen\" alt=\"Blick aus dem Fenster meines Apartments im Jagdschloss Bellin auf kleine Seen\" src=\"https:\/\/wernerdeck.de\/blog\/wp-content\/gallery\/bellin-apartments\/thumbs\/thumbs_apartments-jagdschloss-bellin-2025-14.jpg\" width='240' height='160' \/>\n\t\t\t\t\t\t\t<\/a>\n\t\t\t<span>\n\t\t\t \t\t\t<\/span>\n\t\t<\/div>\n\t<\/div>\n\t\t\t\t\t\t\t\t\n\t<div id=\"ngg-image-13336\" class=\"ngg-gallery-thumbnail-box\" style=\"width:33%;\" >\n\t\t<div class=\"ngg-gallery-thumbnail\" >\n\t\t\t<a href=\"https:\/\/wernerdeck.de\/blog\/wp-content\/gallery\/bellin-apartments\/apartments-jagdschloss-bellin-2025-16.jpg\"\n\t\t\t\ttitle=\" \"\n\t\t\t\tclass=\"ngg-simplelightbox\" rel=\"8a431beb12cdfa4d9a5875b1aa027e17\" data-image-id=\"13336\" data-src=\"https:\/\/wernerdeck.de\/blog\/wp-content\/gallery\/bellin-apartments\/apartments-jagdschloss-bellin-2025-16.jpg\" data-thumbnail=\"https:\/\/wernerdeck.de\/blog\/wp-content\/gallery\/bellin-apartments\/thumbs\/thumbs_apartments-jagdschloss-bellin-2025-16.jpg\" data-title=\"Ausblick vom Apartmentfenster im Jagdschloss Bellin auf die umliegende Natur\" data-description=\" \" >\n\t\t\t\t\t\t\t\t<img title=\"Ausblick vom Apartmentfenster im Jagdschloss Bellin auf die umliegende Natur\" alt=\"Ausblick vom Apartmentfenster im Jagdschloss Bellin auf die umliegende Natur\" src=\"https:\/\/wernerdeck.de\/blog\/wp-content\/gallery\/bellin-apartments\/thumbs\/thumbs_apartments-jagdschloss-bellin-2025-16.jpg\" width='240' height='160' \/>\n\t\t\t\t\t\t\t<\/a>\n\t\t\t<span>\n\t\t\t \t\t\t<\/span>\n\t\t<\/div>\n\t<\/div>\n\t\t\t\t\t\t\t\t\n\t<div id=\"ngg-image-13337\" class=\"ngg-gallery-thumbnail-box\" style=\"width:33%;\" >\n\t\t<div class=\"ngg-gallery-thumbnail\" >\n\t\t\t<a href=\"https:\/\/wernerdeck.de\/blog\/wp-content\/gallery\/bellin-apartments\/apartments-jagdschloss-bellin-2025-18.jpg\"\n\t\t\t\ttitle=\" \"\n\t\t\t\tclass=\"ngg-simplelightbox\" rel=\"8a431beb12cdfa4d9a5875b1aa027e17\" data-image-id=\"13337\" data-src=\"https:\/\/wernerdeck.de\/blog\/wp-content\/gallery\/bellin-apartments\/apartments-jagdschloss-bellin-2025-18.jpg\" data-thumbnail=\"https:\/\/wernerdeck.de\/blog\/wp-content\/gallery\/bellin-apartments\/thumbs\/thumbs_apartments-jagdschloss-bellin-2025-18.jpg\" data-title=\"Helles Schlafzimmer im Jagdschloss Bellin mit Ausblick auf den Park\" data-description=\" \" >\n\t\t\t\t\t\t\t\t<img title=\"Helles Schlafzimmer im Jagdschloss Bellin mit Ausblick auf den Park\" alt=\"Helles Schlafzimmer im Jagdschloss Bellin mit Ausblick auf den Park\" src=\"https:\/\/wernerdeck.de\/blog\/wp-content\/gallery\/bellin-apartments\/thumbs\/thumbs_apartments-jagdschloss-bellin-2025-18.jpg\" width='240' height='160' \/>\n\t\t\t\t\t\t\t<\/a>\n\t\t\t<span>\n\t\t\t \t\t\t<\/span>\n\t\t<\/div>\n\t<\/div>\n\t\t\t\t\t\t\t<br style=\"clear: both\" \/>\n\t\t\t\n\t<!-- Pagination -->\n\t\t<div class='ngg-clear'><\/div>\t\n<\/div>\n\n\t<span style=\"font-weight: 400;\">Beim Abendessen im gro\u00dfz\u00fcgigen Speisesaal kamen wir mit Frau Sloman ins Gespr\u00e4ch. Offen, interessiert und mit sp\u00fcrbarem Stolz erz\u00e4hlte sie von der bewegten Geschichte des Jagdschlosses \u2013 und von ihrer Familie. Ein spannender Einblick, der diesen Ort noch lebendiger machte.<\/span><\/p>\n<p>\n<div class=\"ngg-galleryoverview ngg-template-caption\" id=\"ngg-gallery-844f8123814b6288dfc6c349e206c5ff-27748\">\n\n\t\t\n\t<!-- Thumbnails -->\n\t\t\t\t\t\n\t<div id=\"ngg-image-13339\" class=\"ngg-gallery-thumbnail-box\" style=\"width:25%;\" >\n\t\t<div class=\"ngg-gallery-thumbnail\" >\n\t\t\t<a href=\"https:\/\/wernerdeck.de\/blog\/wp-content\/gallery\/abendessen-bellin\/abendessen-gespraech-jagdschloss-bellin-2025-04.jpg\"\n\t\t\t\ttitle=\" \"\n\t\t\t\tclass=\"ngg-simplelightbox\" rel=\"844f8123814b6288dfc6c349e206c5ff\" data-image-id=\"13339\" data-src=\"https:\/\/wernerdeck.de\/blog\/wp-content\/gallery\/abendessen-bellin\/abendessen-gespraech-jagdschloss-bellin-2025-04.jpg\" data-thumbnail=\"https:\/\/wernerdeck.de\/blog\/wp-content\/gallery\/abendessen-bellin\/thumbs\/thumbs_abendessen-gespraech-jagdschloss-bellin-2025-04.jpg\" data-title=\"Der Flur zum gro\u00dfz\u00fcgigen Speisesaal des Jagdschloss Bellin\" data-description=\" \" >\n\t\t\t\t\t\t\t\t<img title=\"Der Flur zum gro\u00dfz\u00fcgigen Speisesaal des Jagdschloss Bellin\" alt=\"Der Flur zum gro\u00dfz\u00fcgigen Speisesaal des Jagdschloss Bellin\" src=\"https:\/\/wernerdeck.de\/blog\/wp-content\/gallery\/abendessen-bellin\/thumbs\/thumbs_abendessen-gespraech-jagdschloss-bellin-2025-04.jpg\" width='240' height='160' \/>\n\t\t\t\t\t\t\t<\/a>\n\t\t\t<span>\n\t\t\t \t\t\t<\/span>\n\t\t<\/div>\n\t<\/div>\n\t\t\t\t\t\t\t\t\n\t<div id=\"ngg-image-13341\" class=\"ngg-gallery-thumbnail-box\" style=\"width:25%;\" >\n\t\t<div class=\"ngg-gallery-thumbnail\" >\n\t\t\t<a href=\"https:\/\/wernerdeck.de\/blog\/wp-content\/gallery\/abendessen-bellin\/abendessen-gespraech-jagdschloss-bellin-2025-08.jpg\"\n\t\t\t\ttitle=\" \"\n\t\t\t\tclass=\"ngg-simplelightbox\" rel=\"844f8123814b6288dfc6c349e206c5ff\" data-image-id=\"13341\" data-src=\"https:\/\/wernerdeck.de\/blog\/wp-content\/gallery\/abendessen-bellin\/abendessen-gespraech-jagdschloss-bellin-2025-08.jpg\" data-thumbnail=\"https:\/\/wernerdeck.de\/blog\/wp-content\/gallery\/abendessen-bellin\/thumbs\/thumbs_abendessen-gespraech-jagdschloss-bellin-2025-08.jpg\" data-title=\"Atmosph\u00e4rischer Speisesaal im Jagdschloss Bellin w\u00e4hrend unseres Abendessens\" data-description=\" \" >\n\t\t\t\t\t\t\t\t<img title=\"Atmosph\u00e4rischer Speisesaal im Jagdschloss Bellin w\u00e4hrend unseres Abendessens\" alt=\"Atmosph\u00e4rischer Speisesaal im Jagdschloss Bellin w\u00e4hrend unseres Abendessens\" src=\"https:\/\/wernerdeck.de\/blog\/wp-content\/gallery\/abendessen-bellin\/thumbs\/thumbs_abendessen-gespraech-jagdschloss-bellin-2025-08.jpg\" width='240' height='160' \/>\n\t\t\t\t\t\t\t<\/a>\n\t\t\t<span>\n\t\t\t \t\t\t<\/span>\n\t\t<\/div>\n\t<\/div>\n\t\t\t\t\t\t\t\t\n\t<div id=\"ngg-image-13338\" class=\"ngg-gallery-thumbnail-box\" style=\"width:25%;\" >\n\t\t<div class=\"ngg-gallery-thumbnail\" >\n\t\t\t<a href=\"https:\/\/wernerdeck.de\/blog\/wp-content\/gallery\/abendessen-bellin\/abendessen-gespraech-jagdschloss-bellin-2025-06.jpg\"\n\t\t\t\ttitle=\" \"\n\t\t\t\tclass=\"ngg-simplelightbox\" rel=\"844f8123814b6288dfc6c349e206c5ff\" data-image-id=\"13338\" data-src=\"https:\/\/wernerdeck.de\/blog\/wp-content\/gallery\/abendessen-bellin\/abendessen-gespraech-jagdschloss-bellin-2025-06.jpg\" data-thumbnail=\"https:\/\/wernerdeck.de\/blog\/wp-content\/gallery\/abendessen-bellin\/thumbs\/thumbs_abendessen-gespraech-jagdschloss-bellin-2025-06.jpg\" data-title=\"Gespr\u00e4ch mit Frau Sloman \u00fcber die Geschichte des Jagdschloss Bellin beim Abendessen\" data-description=\" \" >\n\t\t\t\t\t\t\t\t<img title=\"Gespr\u00e4ch mit Frau Sloman \u00fcber die Geschichte des Jagdschloss Bellin beim Abendessen\" alt=\"Gespr\u00e4ch mit Frau Sloman \u00fcber die Geschichte des Jagdschloss Bellin beim Abendessen\" src=\"https:\/\/wernerdeck.de\/blog\/wp-content\/gallery\/abendessen-bellin\/thumbs\/thumbs_abendessen-gespraech-jagdschloss-bellin-2025-06.jpg\" width='240' height='160' \/>\n\t\t\t\t\t\t\t<\/a>\n\t\t\t<span>\n\t\t\t \t\t\t<\/span>\n\t\t<\/div>\n\t<\/div>\n\t\t\t\t\t\t\t\t\n\t<div id=\"ngg-image-13340\" class=\"ngg-gallery-thumbnail-box\" style=\"width:25%;\" >\n\t\t<div class=\"ngg-gallery-thumbnail\" >\n\t\t\t<a href=\"https:\/\/wernerdeck.de\/blog\/wp-content\/gallery\/abendessen-bellin\/abendessen-gespraech-jagdschloss-bellin-2025-02.jpg\"\n\t\t\t\ttitle=\" \"\n\t\t\t\tclass=\"ngg-simplelightbox\" rel=\"844f8123814b6288dfc6c349e206c5ff\" data-image-id=\"13340\" data-src=\"https:\/\/wernerdeck.de\/blog\/wp-content\/gallery\/abendessen-bellin\/abendessen-gespraech-jagdschloss-bellin-2025-02.jpg\" data-thumbnail=\"https:\/\/wernerdeck.de\/blog\/wp-content\/gallery\/abendessen-bellin\/thumbs\/thumbs_abendessen-gespraech-jagdschloss-bellin-2025-02.jpg\" data-title=\"Spaghetti Bolognese zum Abendessen im gro\u00dfz\u00fcgigen Speisesaal des Jagdschloss Bellin\" data-description=\" \" >\n\t\t\t\t\t\t\t\t<img title=\"Spaghetti Bolognese zum Abendessen im gro\u00dfz\u00fcgigen Speisesaal des Jagdschloss Bellin\" alt=\"Spaghetti Bolognese zum Abendessen im gro\u00dfz\u00fcgigen Speisesaal des Jagdschloss Bellin\" src=\"https:\/\/wernerdeck.de\/blog\/wp-content\/gallery\/abendessen-bellin\/thumbs\/thumbs_abendessen-gespraech-jagdschloss-bellin-2025-02.jpg\" width='240' height='160' \/>\n\t\t\t\t\t\t\t<\/a>\n\t\t\t<span>\n\t\t\t \t\t\t<\/span>\n\t\t<\/div>\n\t<\/div>\n\t\t\t\t\t\t\t<br style=\"clear: both\" \/>\n\t\t\t\n\t<!-- Pagination -->\n\t\t<div class='ngg-clear'><\/div>\t\n<\/div>\n\n\t<span style=\"font-weight: 400;\">Im Speisezimmer entdeckte ich einen alten B\u00fccherschrank, in dem mehrere Werke \u00fcber das Jagdschloss und die Familie Sloman standen. Einige davon aus der Feder von Angelika Sloman. Neugierig nahm ich die verschiedenen B\u00fccher zur Hand und begann darin zu bl\u00e4ttern \u2013 ein weiterer stiller Moment voller Geschichte.<\/span><\/p>\n\n<div class=\"ngg-galleryoverview ngg-template-caption\" id=\"ngg-gallery-763c5ed2cb9a3441d67aa74bc0d4ead0-27748\">\n\n\t\t\n\t<!-- Thumbnails -->\n\t\t\t\t\t\n\t<div id=\"ngg-image-13342\" class=\"ngg-gallery-thumbnail-box\" style=\"width:33%;\" >\n\t\t<div class=\"ngg-gallery-thumbnail\" >\n\t\t\t<a href=\"https:\/\/wernerdeck.de\/blog\/wp-content\/gallery\/buecherschrank\/buecherschrank-jagdschloss-bellin-2025-02.jpg\"\n\t\t\t\ttitle=\" \"\n\t\t\t\tclass=\"ngg-simplelightbox\" rel=\"763c5ed2cb9a3441d67aa74bc0d4ead0\" data-image-id=\"13342\" data-src=\"https:\/\/wernerdeck.de\/blog\/wp-content\/gallery\/buecherschrank\/buecherschrank-jagdschloss-bellin-2025-02.jpg\" data-thumbnail=\"https:\/\/wernerdeck.de\/blog\/wp-content\/gallery\/buecherschrank\/thumbs\/thumbs_buecherschrank-jagdschloss-bellin-2025-02.jpg\" data-title=\"Buch von Angelika Sloman im historischen B\u00fccherschrank im Speisezimmer des Jagdschloss Bellin\" data-description=\" \" >\n\t\t\t\t\t\t\t\t<img title=\"Buch von Angelika Sloman im historischen B\u00fccherschrank im Speisezimmer des Jagdschloss Bellin\" alt=\"Buch von Angelika Sloman im historischen B\u00fccherschrank im Speisezimmer des Jagdschloss Bellin\" src=\"https:\/\/wernerdeck.de\/blog\/wp-content\/gallery\/buecherschrank\/thumbs\/thumbs_buecherschrank-jagdschloss-bellin-2025-02.jpg\" width='240' height='160' \/>\n\t\t\t\t\t\t\t<\/a>\n\t\t\t<span>\n\t\t\t \t\t\t<\/span>\n\t\t<\/div>\n\t<\/div>\n\t\t\t\t\t\t\t\t\n\t<div id=\"ngg-image-13343\" class=\"ngg-gallery-thumbnail-box\" style=\"width:33%;\" >\n\t\t<div class=\"ngg-gallery-thumbnail\" >\n\t\t\t<a href=\"https:\/\/wernerdeck.de\/blog\/wp-content\/gallery\/buecherschrank\/buecherschrank-jagdschloss-bellin-2025-04.jpg\"\n\t\t\t\ttitle=\" \"\n\t\t\t\tclass=\"ngg-simplelightbox\" rel=\"763c5ed2cb9a3441d67aa74bc0d4ead0\" data-image-id=\"13343\" data-src=\"https:\/\/wernerdeck.de\/blog\/wp-content\/gallery\/buecherschrank\/buecherschrank-jagdschloss-bellin-2025-04.jpg\" data-thumbnail=\"https:\/\/wernerdeck.de\/blog\/wp-content\/gallery\/buecherschrank\/thumbs\/thumbs_buecherschrank-jagdschloss-bellin-2025-04.jpg\" data-title=\"Vorwort im Buch im historischen B\u00fccherschrank im Speisezimmer des Jagdschloss Bellin\" data-description=\" \" >\n\t\t\t\t\t\t\t\t<img title=\"Vorwort im Buch im historischen B\u00fccherschrank im Speisezimmer des Jagdschloss Bellin\" alt=\"Vorwort im Buch im historischen B\u00fccherschrank im Speisezimmer des Jagdschloss Bellin\" src=\"https:\/\/wernerdeck.de\/blog\/wp-content\/gallery\/buecherschrank\/thumbs\/thumbs_buecherschrank-jagdschloss-bellin-2025-04.jpg\" width='240' height='160' \/>\n\t\t\t\t\t\t\t<\/a>\n\t\t\t<span>\n\t\t\t \t\t\t<\/span>\n\t\t<\/div>\n\t<\/div>\n\t\t\t\t\t\t\t\t\n\t<div id=\"ngg-image-13346\" class=\"ngg-gallery-thumbnail-box\" style=\"width:33%;\" >\n\t\t<div class=\"ngg-gallery-thumbnail\" >\n\t\t\t<a href=\"https:\/\/wernerdeck.de\/blog\/wp-content\/gallery\/buecherschrank\/buecherschrank-jagdschloss-bellin-2025-06.jpg\"\n\t\t\t\ttitle=\" \"\n\t\t\t\tclass=\"ngg-simplelightbox\" rel=\"763c5ed2cb9a3441d67aa74bc0d4ead0\" data-image-id=\"13346\" data-src=\"https:\/\/wernerdeck.de\/blog\/wp-content\/gallery\/buecherschrank\/buecherschrank-jagdschloss-bellin-2025-06.jpg\" data-thumbnail=\"https:\/\/wernerdeck.de\/blog\/wp-content\/gallery\/buecherschrank\/thumbs\/thumbs_buecherschrank-jagdschloss-bellin-2025-06.jpg\" data-title=\"Buchseite mit Foto und biografischen Details zu Henry Brarens Sloman\" data-description=\" \" >\n\t\t\t\t\t\t\t\t<img title=\"Buchseite mit Foto und biografischen Details zu Henry Brarens Sloman\" alt=\"Buchseite mit Foto und biografischen Details zu Henry Brarens Sloman\" src=\"https:\/\/wernerdeck.de\/blog\/wp-content\/gallery\/buecherschrank\/thumbs\/thumbs_buecherschrank-jagdschloss-bellin-2025-06.jpg\" width='240' height='160' \/>\n\t\t\t\t\t\t\t<\/a>\n\t\t\t<span>\n\t\t\t \t\t\t<\/span>\n\t\t<\/div>\n\t<\/div>\n\t\t\t\t\t\t\t<br style=\"clear: both\" \/>\n\t\t\t\n\t<div id=\"ngg-image-13347\" class=\"ngg-gallery-thumbnail-box\" style=\"width:33%;\" >\n\t\t<div class=\"ngg-gallery-thumbnail\" >\n\t\t\t<a href=\"https:\/\/wernerdeck.de\/blog\/wp-content\/gallery\/buecherschrank\/buecherschrank-jagdschloss-bellin-2025-08.jpg\"\n\t\t\t\ttitle=\" \"\n\t\t\t\tclass=\"ngg-simplelightbox\" rel=\"763c5ed2cb9a3441d67aa74bc0d4ead0\" data-image-id=\"13347\" data-src=\"https:\/\/wernerdeck.de\/blog\/wp-content\/gallery\/buecherschrank\/buecherschrank-jagdschloss-bellin-2025-08.jpg\" data-thumbnail=\"https:\/\/wernerdeck.de\/blog\/wp-content\/gallery\/buecherschrank\/thumbs\/thumbs_buecherschrank-jagdschloss-bellin-2025-08.jpg\" data-title=\"Buchseite mit Foto und biografischen Details zum Schloss Bellin aus 1915\" data-description=\" \" >\n\t\t\t\t\t\t\t\t<img title=\"Buchseite mit Foto und biografischen Details zum Schloss Bellin aus 1915\" alt=\"Buchseite mit Foto und biografischen Details zum Schloss Bellin aus 1915\" src=\"https:\/\/wernerdeck.de\/blog\/wp-content\/gallery\/buecherschrank\/thumbs\/thumbs_buecherschrank-jagdschloss-bellin-2025-08.jpg\" width='240' height='160' \/>\n\t\t\t\t\t\t\t<\/a>\n\t\t\t<span>\n\t\t\t \t\t\t<\/span>\n\t\t<\/div>\n\t<\/div>\n\t\t\t\t\t\t\t\t\n\t<div id=\"ngg-image-13344\" class=\"ngg-gallery-thumbnail-box\" style=\"width:33%;\" >\n\t\t<div class=\"ngg-gallery-thumbnail\" >\n\t\t\t<a href=\"https:\/\/wernerdeck.de\/blog\/wp-content\/gallery\/buecherschrank\/buecherschrank-jagdschloss-bellin-2025-10.jpg\"\n\t\t\t\ttitle=\"Verm\u00e4chtnis von Henry Brarens Sloman \"\n\t\t\t\tclass=\"ngg-simplelightbox\" rel=\"763c5ed2cb9a3441d67aa74bc0d4ead0\" data-image-id=\"13344\" data-src=\"https:\/\/wernerdeck.de\/blog\/wp-content\/gallery\/buecherschrank\/buecherschrank-jagdschloss-bellin-2025-10.jpg\" data-thumbnail=\"https:\/\/wernerdeck.de\/blog\/wp-content\/gallery\/buecherschrank\/thumbs\/thumbs_buecherschrank-jagdschloss-bellin-2025-10.jpg\" data-title=\"Verm\u00e4chtnis von Henry Brarens Sloman aus 1926\" data-description=\"Verm\u00e4chtnis von Henry Brarens Sloman \" >\n\t\t\t\t\t\t\t\t<img title=\"Verm\u00e4chtnis von Henry Brarens Sloman aus 1926\" alt=\"Verm\u00e4chtnis von Henry Brarens Sloman aus 1926\" src=\"https:\/\/wernerdeck.de\/blog\/wp-content\/gallery\/buecherschrank\/thumbs\/thumbs_buecherschrank-jagdschloss-bellin-2025-10.jpg\" width='240' height='160' \/>\n\t\t\t\t\t\t\t<\/a>\n\t\t\t<span>\n\t\t\tVerm\u00e4chtnis von Henry Brarens Sloman \t\t\t<\/span>\n\t\t<\/div>\n\t<\/div>\n\t\t\t\t\t\t\t\t\n\t<div id=\"ngg-image-13345\" class=\"ngg-gallery-thumbnail-box\" style=\"width:33%;\" >\n\t\t<div class=\"ngg-gallery-thumbnail\" >\n\t\t\t<a href=\"https:\/\/wernerdeck.de\/blog\/wp-content\/gallery\/buecherschrank\/buecherschrank-jagdschloss-bellin-2025-12.jpg\"\n\t\t\t\ttitle=\" \"\n\t\t\t\tclass=\"ngg-simplelightbox\" rel=\"763c5ed2cb9a3441d67aa74bc0d4ead0\" data-image-id=\"13345\" data-src=\"https:\/\/wernerdeck.de\/blog\/wp-content\/gallery\/buecherschrank\/buecherschrank-jagdschloss-bellin-2025-12.jpg\" data-thumbnail=\"https:\/\/wernerdeck.de\/blog\/wp-content\/gallery\/buecherschrank\/thumbs\/thumbs_buecherschrank-jagdschloss-bellin-2025-12.jpg\" data-title=\"Namibische Fl\u00fcchtlingskinder im Jagdschloss Bellin\" data-description=\" \" >\n\t\t\t\t\t\t\t\t<img title=\"Namibische Fl\u00fcchtlingskinder im Jagdschloss Bellin\" alt=\"Namibische Fl\u00fcchtlingskinder im Jagdschloss Bellin\" src=\"https:\/\/wernerdeck.de\/blog\/wp-content\/gallery\/buecherschrank\/thumbs\/thumbs_buecherschrank-jagdschloss-bellin-2025-12.jpg\" width='240' height='160' \/>\n\t\t\t\t\t\t\t<\/a>\n\t\t\t<span>\n\t\t\t \t\t\t<\/span>\n\t\t<\/div>\n\t<\/div>\n\t\t\t\t\t\t\t<br style=\"clear: both\" \/>\n\t\t\t\n\t<div id=\"ngg-image-13348\" class=\"ngg-gallery-thumbnail-box\" style=\"width:33%;\" >\n\t\t<div class=\"ngg-gallery-thumbnail\" >\n\t\t\t<a href=\"https:\/\/wernerdeck.de\/blog\/wp-content\/gallery\/buecherschrank\/buecherschrank-jagdschloss-bellin-2025-14.jpg\"\n\t\t\t\ttitle=\" \"\n\t\t\t\tclass=\"ngg-simplelightbox\" rel=\"763c5ed2cb9a3441d67aa74bc0d4ead0\" data-image-id=\"13348\" data-src=\"https:\/\/wernerdeck.de\/blog\/wp-content\/gallery\/buecherschrank\/buecherschrank-jagdschloss-bellin-2025-14.jpg\" data-thumbnail=\"https:\/\/wernerdeck.de\/blog\/wp-content\/gallery\/buecherschrank\/thumbs\/thumbs_buecherschrank-jagdschloss-bellin-2025-14.jpg\" data-title=\"Kurze historische Zusammenfassung \u00fcber das Jagdschloss Bellin\" data-description=\" \" >\n\t\t\t\t\t\t\t\t<img title=\"Kurze historische Zusammenfassung \u00fcber das Jagdschloss Bellin\" alt=\"Kurze historische Zusammenfassung \u00fcber das Jagdschloss Bellin\" src=\"https:\/\/wernerdeck.de\/blog\/wp-content\/gallery\/buecherschrank\/thumbs\/thumbs_buecherschrank-jagdschloss-bellin-2025-14.jpg\" width='240' height='160' \/>\n\t\t\t\t\t\t\t<\/a>\n\t\t\t<span>\n\t\t\t \t\t\t<\/span>\n\t\t<\/div>\n\t<\/div>\n\t\t\t\t\t\t\t\t\n\t<div id=\"ngg-image-13349\" class=\"ngg-gallery-thumbnail-box\" style=\"width:33%;\" >\n\t\t<div class=\"ngg-gallery-thumbnail\" >\n\t\t\t<a href=\"https:\/\/wernerdeck.de\/blog\/wp-content\/gallery\/buecherschrank\/buecherschrank-jagdschloss-bellin-2025-16.jpg\"\n\t\t\t\ttitle=\" \"\n\t\t\t\tclass=\"ngg-simplelightbox\" rel=\"763c5ed2cb9a3441d67aa74bc0d4ead0\" data-image-id=\"13349\" data-src=\"https:\/\/wernerdeck.de\/blog\/wp-content\/gallery\/buecherschrank\/buecherschrank-jagdschloss-bellin-2025-16.jpg\" data-thumbnail=\"https:\/\/wernerdeck.de\/blog\/wp-content\/gallery\/buecherschrank\/thumbs\/thumbs_buecherschrank-jagdschloss-bellin-2025-16.jpg\" data-title=\"Buchauszug mit Abbildung von Angelika Sloman 2010 vor dem  Jagdschlosses Bellin\" data-description=\" \" >\n\t\t\t\t\t\t\t\t<img title=\"Buchauszug mit Abbildung von Angelika Sloman 2010 vor dem  Jagdschlosses Bellin\" alt=\"Buchauszug mit Abbildung von Angelika Sloman 2010 vor dem  Jagdschlosses Bellin\" src=\"https:\/\/wernerdeck.de\/blog\/wp-content\/gallery\/buecherschrank\/thumbs\/thumbs_buecherschrank-jagdschloss-bellin-2025-16.jpg\" width='240' height='160' \/>\n\t\t\t\t\t\t\t<\/a>\n\t\t\t<span>\n\t\t\t \t\t\t<\/span>\n\t\t<\/div>\n\t<\/div>\n\t\t\t\t\t\t\t\t\n\t<div id=\"ngg-image-13350\" class=\"ngg-gallery-thumbnail-box\" style=\"width:33%;\" >\n\t\t<div class=\"ngg-gallery-thumbnail\" >\n\t\t\t<a href=\"https:\/\/wernerdeck.de\/blog\/wp-content\/gallery\/buecherschrank\/buecherschrank-jagdschloss-bellin-2025-17.jpg\"\n\t\t\t\ttitle=\" \"\n\t\t\t\tclass=\"ngg-simplelightbox\" rel=\"763c5ed2cb9a3441d67aa74bc0d4ead0\" data-image-id=\"13350\" data-src=\"https:\/\/wernerdeck.de\/blog\/wp-content\/gallery\/buecherschrank\/buecherschrank-jagdschloss-bellin-2025-17.jpg\" data-thumbnail=\"https:\/\/wernerdeck.de\/blog\/wp-content\/gallery\/buecherschrank\/thumbs\/thumbs_buecherschrank-jagdschloss-bellin-2025-17.jpg\" data-title=\"Das Buch &quot;Die Chilehaus-Saga&quot; im B\u00fccherschrank vom Jagdschloss Bellin\" data-description=\" \" >\n\t\t\t\t\t\t\t\t<img title=\"Das Buch &quot;Die Chilehaus-Saga&quot; im B\u00fccherschrank vom Jagdschloss Bellin\" alt=\"Das Buch &quot;Die Chilehaus-Saga&quot; im B\u00fccherschrank vom Jagdschloss Bellin\" src=\"https:\/\/wernerdeck.de\/blog\/wp-content\/gallery\/buecherschrank\/thumbs\/thumbs_buecherschrank-jagdschloss-bellin-2025-17.jpg\" width='240' height='160' \/>\n\t\t\t\t\t\t\t<\/a>\n\t\t\t<span>\n\t\t\t \t\t\t<\/span>\n\t\t<\/div>\n\t<\/div>\n\t\t\t\t\t\t\t<br style=\"clear: both\" \/>\n\t\t\t\n\t<!-- Pagination -->\n\t\t<div class='ngg-clear'><\/div>\t\n<\/div>\n\n\t\n<h3>Familie Sloman und ihre Bedeutung<\/h3>\n<p><span style=\"font-weight: 400;\">Die <\/span><a href=\"https:\/\/www.afrika-hamburg.de\/globalplayers4.html\" target=\"_blank\" rel=\"noopener\"><span style=\"font-weight: 400;\">Kaufmannsfamilie Sloman<\/span><\/a><span style=\"font-weight: 400;\"> geh\u00f6rt zu den bedeutendsten hanseatischen Unternehmerdynastien Hamburgs. William Sloman kam 1791 als englischer Kapit\u00e4n nach Hamburg. Sein Sohn Robert Miles Sloman (1783\u20131867) gr\u00fcndete Hamburgs gr\u00f6\u00dfte Reederei. Ein Nachfahre, Henry Brarens Sloman (1848\u20131931), investierte in Salpeterminen in Chile sowie in Minenunternehmen in Deutsch-S\u00fcdwestafrika (Namibia). 1911\/12 lie\u00df er das Jagdschloss Bellin errichten. Die Familie war eng mit globalen Handels- und Kolonialstrukturen des 19. und fr\u00fchen 20. Jahrhunderts verbunden.<\/span><\/p>\n<h3><span style=\"font-weight: 400;\">\ud83c\udff0 Geschichte des Jagdschloss Bellin<\/span><\/h3>\n<figure id=\"attachment_27805\" aria-describedby=\"caption-attachment-27805\" style=\"width: 153px\" class=\"wp-caption alignleft\"><img loading=\"lazy\" decoding=\"async\" class=\"wp-image-27805\" src=\"https:\/\/wernerdeck.de\/blog\/wp-content\/uploads\/2025\/07\/Bauher-von-Jagdschloss-Bellin-Henry-Brarens-Sloman.jpg\" alt=\"Bauher von Jagdschloss Bellin Henry Brarens Sloman\" width=\"163\" height=\"163\" srcset=\"https:\/\/wernerdeck.de\/blog\/wp-content\/uploads\/2025\/07\/Bauher-von-Jagdschloss-Bellin-Henry-Brarens-Sloman.jpg 667w, https:\/\/wernerdeck.de\/blog\/wp-content\/uploads\/2025\/07\/Bauher-von-Jagdschloss-Bellin-Henry-Brarens-Sloman-300x300.jpg 300w, https:\/\/wernerdeck.de\/blog\/wp-content\/uploads\/2025\/07\/Bauher-von-Jagdschloss-Bellin-Henry-Brarens-Sloman-150x150.jpg 150w\" sizes=\"auto, (max-width: 163px) 100vw, 163px\" \/><figcaption id=\"caption-attachment-27805\" class=\"wp-caption-text\">Henry Brarens Sloman<\/figcaption><\/figure>\n<p><span style=\"font-weight: 400;\">Das heutige Jagdschloss Bellin wurde 1911\u20131912 im neobarocken Stil auf den Grundmauern eines \u00e4lteren Herrenhauses errichtet. Bauherr war der Hamburger Kaufmann und Salpeterunternehmer Henry Brarens Sloman (1848\u20131931), der sich mit dem Schloss einen repr\u00e4sentativen Landsitz in Mecklenburg schuf. Die Entw\u00fcrfe stammten vom renommierten Architekten Paul Korff, der in der Region mehrere bedeutende Bauten realisierte.<\/span><\/p>\n<p><span style=\"font-weight: 400;\">W\u00e4hrend der Zeit der DDR wurde das Schloss unterschiedlich genutzt \u2013 unter anderem als Kinderheim f\u00fcr namibische Kinder, Schule und sp\u00e4ter als Parteischule. Der historische Bau \u00fcberstand diese Phase teilweise vernachl\u00e4ssigt, aber strukturell intakt.<\/span><\/p>\n<figure id=\"attachment_27813\" aria-describedby=\"caption-attachment-27813\" style=\"width: 1190px\" class=\"wp-caption aligncenter\"><img loading=\"lazy\" decoding=\"async\" class=\"size-full wp-image-27813\" src=\"https:\/\/wernerdeck.de\/blog\/wp-content\/uploads\/2025\/07\/Buch-ueber-die-namibischen-Fluechtlingskinder-im-Jagdschloss-Bellin.jpg\" alt=\"Buch \u00fcber die namibischen Fl\u00fcchtlingskinder im Jagdschloss Bellin\" width=\"1200\" height=\"971\" srcset=\"https:\/\/wernerdeck.de\/blog\/wp-content\/uploads\/2025\/07\/Buch-ueber-die-namibischen-Fluechtlingskinder-im-Jagdschloss-Bellin.jpg 1200w, https:\/\/wernerdeck.de\/blog\/wp-content\/uploads\/2025\/07\/Buch-ueber-die-namibischen-Fluechtlingskinder-im-Jagdschloss-Bellin-300x243.jpg 300w, https:\/\/wernerdeck.de\/blog\/wp-content\/uploads\/2025\/07\/Buch-ueber-die-namibischen-Fluechtlingskinder-im-Jagdschloss-Bellin-1024x829.jpg 1024w, https:\/\/wernerdeck.de\/blog\/wp-content\/uploads\/2025\/07\/Buch-ueber-die-namibischen-Fluechtlingskinder-im-Jagdschloss-Bellin-768x621.jpg 768w\" sizes=\"auto, (max-width: 1200px) 100vw, 1200px\" \/><figcaption id=\"caption-attachment-27813\" class=\"wp-caption-text\">Das Buch \u00fcber die namibischen Fl\u00fcchtlingskinder im Jagdschloss Bellin<\/figcaption><\/figure>\n<p><span style=\"font-weight: 400;\">1997 kehrte das Schloss in den Besitz der Familie Sloman zur\u00fcck, wurde sorgf\u00e4ltig restauriert und liebevoll als Hotel und Veranstaltungsort neu belebt. Seither empf\u00e4ngt das Anwesen wieder G\u00e4ste \u2013 mit einem ganz eigenen Charme zwischen Geschichte und pers\u00f6nlicher Gastfreundschaft.<\/span><\/p>\n<h3><span style=\"font-weight: 400;\">\ud83c\udfdb\ufe0f Das Chilehaus in Hamburg \u2013 Sloman\u2019s architektonisches Erbe<\/span><\/h3>\n<p><a href=\"https:\/\/worldheritage.hamburg\/de\/chilehaus\/?utm_source=chatgpt.com\" target=\"_blank\" rel=\"noopener\"><span style=\"font-weight: 400;\">Das Chilehaus, ein wegweisendes Zeichen des Backsteinexpressionismus<\/span><\/a><span style=\"font-weight: 400;\">, wurde zwischen 1922 und 1924 nach Pl\u00e4nen von Fritz H\u00f6ger errichtet. Bauherr war Henry Brarens Sloman (1848\u20131931), der sein Verm\u00f6gen durch den Salpeterhandel in Chile erworben hatte.<\/span><\/p>\n<p>\n<div class=\"ngg-galleryoverview ngg-template-caption\" id=\"ngg-gallery-9af6684dc54795e7f30c608e109f4b48-27748\">\n\n\t\t\n\t<!-- Thumbnails -->\n\t\t\t\t\t\n\t<div id=\"ngg-image-13351\" class=\"ngg-gallery-thumbnail-box\" style=\"width:33%;\" >\n\t\t<div class=\"ngg-gallery-thumbnail\" >\n\t\t\t<a href=\"https:\/\/wernerdeck.de\/blog\/wp-content\/gallery\/chilehaus-hamburg\/chilehaus-hamburg-fassade-2025-04.jpg\"\n\t\t\t\ttitle=\" \"\n\t\t\t\tclass=\"ngg-simplelightbox\" rel=\"9af6684dc54795e7f30c608e109f4b48\" data-image-id=\"13351\" data-src=\"https:\/\/wernerdeck.de\/blog\/wp-content\/gallery\/chilehaus-hamburg\/chilehaus-hamburg-fassade-2025-04.jpg\" data-thumbnail=\"https:\/\/wernerdeck.de\/blog\/wp-content\/gallery\/chilehaus-hamburg\/thumbs\/thumbs_chilehaus-hamburg-fassade-2025-04.jpg\" data-title=\"Chilehaus Hamburg \u2013 Fassadenansicht mit markanter Schiffsspitze im Stil des Backsteinexpressionismus\" data-description=\" \" >\n\t\t\t\t\t\t\t\t<img title=\"Chilehaus Hamburg \u2013 Fassadenansicht mit markanter Schiffsspitze im Stil des Backsteinexpressionismus\" alt=\"Chilehaus Hamburg \u2013 Fassadenansicht mit markanter Schiffsspitze im Stil des Backsteinexpressionismus\" src=\"https:\/\/wernerdeck.de\/blog\/wp-content\/gallery\/chilehaus-hamburg\/thumbs\/thumbs_chilehaus-hamburg-fassade-2025-04.jpg\" width='240' height='160' \/>\n\t\t\t\t\t\t\t<\/a>\n\t\t\t<span>\n\t\t\t \t\t\t<\/span>\n\t\t<\/div>\n\t<\/div>\n\t\t\t\t\t\t\t\t\n\t<div id=\"ngg-image-13352\" class=\"ngg-gallery-thumbnail-box\" style=\"width:33%;\" >\n\t\t<div class=\"ngg-gallery-thumbnail\" >\n\t\t\t<a href=\"https:\/\/wernerdeck.de\/blog\/wp-content\/gallery\/chilehaus-hamburg\/chilehaus-hamburg-fassade-2025-02.jpg\"\n\t\t\t\ttitle=\" \"\n\t\t\t\tclass=\"ngg-simplelightbox\" rel=\"9af6684dc54795e7f30c608e109f4b48\" data-image-id=\"13352\" data-src=\"https:\/\/wernerdeck.de\/blog\/wp-content\/gallery\/chilehaus-hamburg\/chilehaus-hamburg-fassade-2025-02.jpg\" data-thumbnail=\"https:\/\/wernerdeck.de\/blog\/wp-content\/gallery\/chilehaus-hamburg\/thumbs\/thumbs_chilehaus-hamburg-fassade-2025-02.jpg\" data-title=\"Chilehaus Hamburg \u2013 Perspektive auf die Fassade mit Klinkermauerwerk und Kondor-Dekor\" data-description=\" \" >\n\t\t\t\t\t\t\t\t<img title=\"Chilehaus Hamburg \u2013 Perspektive auf die Fassade mit Klinkermauerwerk und Kondor-Dekor\" alt=\"Chilehaus Hamburg \u2013 Perspektive auf die Fassade mit Klinkermauerwerk und Kondor-Dekor\" src=\"https:\/\/wernerdeck.de\/blog\/wp-content\/gallery\/chilehaus-hamburg\/thumbs\/thumbs_chilehaus-hamburg-fassade-2025-02.jpg\" width='240' height='160' \/>\n\t\t\t\t\t\t\t<\/a>\n\t\t\t<span>\n\t\t\t \t\t\t<\/span>\n\t\t<\/div>\n\t<\/div>\n\t\t\t\t\t\t\t\t\n\t<div id=\"ngg-image-13353\" class=\"ngg-gallery-thumbnail-box\" style=\"width:33%;\" >\n\t\t<div class=\"ngg-gallery-thumbnail\" >\n\t\t\t<a href=\"https:\/\/wernerdeck.de\/blog\/wp-content\/gallery\/chilehaus-hamburg\/chilehaus-hamburg-fassade-2025-06.jpg\"\n\t\t\t\ttitle=\" \"\n\t\t\t\tclass=\"ngg-simplelightbox\" rel=\"9af6684dc54795e7f30c608e109f4b48\" data-image-id=\"13353\" data-src=\"https:\/\/wernerdeck.de\/blog\/wp-content\/gallery\/chilehaus-hamburg\/chilehaus-hamburg-fassade-2025-06.jpg\" data-thumbnail=\"https:\/\/wernerdeck.de\/blog\/wp-content\/gallery\/chilehaus-hamburg\/thumbs\/thumbs_chilehaus-hamburg-fassade-2025-06.jpg\" data-title=\"Chilehaus Hamburg \u2013 Architekturaufnahme mit Blick auf das beleuchtete Kontorhaus von Henry Brarens Sloman\" data-description=\" \" >\n\t\t\t\t\t\t\t\t<img title=\"Chilehaus Hamburg \u2013 Architekturaufnahme mit Blick auf das beleuchtete Kontorhaus von Henry Brarens Sloman\" alt=\"Chilehaus Hamburg \u2013 Architekturaufnahme mit Blick auf das beleuchtete Kontorhaus von Henry Brarens Sloman\" src=\"https:\/\/wernerdeck.de\/blog\/wp-content\/gallery\/chilehaus-hamburg\/thumbs\/thumbs_chilehaus-hamburg-fassade-2025-06.jpg\" width='240' height='160' \/>\n\t\t\t\t\t\t\t<\/a>\n\t\t\t<span>\n\t\t\t \t\t\t<\/span>\n\t\t<\/div>\n\t<\/div>\n\t\t\t\t\t\t\t<br style=\"clear: both\" \/>\n\t\t\t\n\t<!-- Pagination -->\n\t\t<div class='ngg-clear'><\/div>\t\n<\/div>\n\n\t<span style=\"font-weight: 400;\">Das markante Kontorhaus mit spitz zulaufender Fassade \u2013 einem stilisierten Schiffsbug nachempfunden \u2013 steht auf zehn Geschossen und einer Fl\u00e4che von rund 6.000\u202fm\u00b2. Ganze 36.000\u202fm\u00b2 Bruttogeschossfl\u00e4che auf Pfeilern, errichtet mit \u00fcber 4,8 Millionen Klinker. Als architektonisches Highlight gilt insbesondere der Klinkerfassaden-Wechsel aus au\u00dfergew\u00f6hnlichem Ton, dekoriert mit einem Kondor-Motiv \u2013 eine Hommage an Slomans chilenische Wurzeln.<\/span><\/p>\n<p><span style=\"font-weight: 400;\">Seit 1983 steht das Geb\u00e4ude unter Denkmalschutz, und 2015 wurde es in das UNESCO-Welterbe \u201eSpeicherstadt und Kontorhausviertel\u201c aufgenommen.<\/span><a href=\"https:\/\/worldheritage.hamburg\/de\/chilehaus\/?utm_source=chatgpt.com\"><span style=\"font-weight: 400;\">&nbsp;<\/span><\/a><\/p>\n<p><span style=\"font-weight: 400;\">Heute dient das Chilehaus als B\u00fcro- und Gesch\u00e4ftshaus und symbolisiert durch seine eindrucksvolle Architektur und Baugeschichte die Verbindung zwischen Hamburg und S\u00fcdamerika \u2013 ein steinernes Erbe des wirtschaftlichen Aufstiegs der Sloman-Familie.<\/span><\/p>\n<p><span style=\"font-weight: 400;\"><strong>Der Aufenthalt im Jagdschloss Bellin war f\u00fcr mich weit mehr als nur eine \u00dcbernachtung. Architektur, Atmosph\u00e4re und die pers\u00f6nliche Begegnung mit der Gastgeberin Angelika Sloman haben einen bleibenden Eindruck hinterlassen. Ein Ort mit Geschichte und Seele.<\/strong>&nbsp;<\/span><\/p>\n<p><img loading=\"lazy\" decoding=\"async\" class=\"aligncenter size-full wp-image-27820\" src=\"https:\/\/wernerdeck.de\/blog\/wp-content\/uploads\/2025\/07\/Jagdschloss-bellin-bei-Krakow.jpg\" alt=\"Jagdschloss Bellin mit bewegter Geschichte bei Krakow\" width=\"1200\" height=\"668\" srcset=\"https:\/\/wernerdeck.de\/blog\/wp-content\/uploads\/2025\/07\/Jagdschloss-bellin-bei-Krakow.jpg 1200w, https:\/\/wernerdeck.de\/blog\/wp-content\/uploads\/2025\/07\/Jagdschloss-bellin-bei-Krakow-300x167.jpg 300w, https:\/\/wernerdeck.de\/blog\/wp-content\/uploads\/2025\/07\/Jagdschloss-bellin-bei-Krakow-1024x570.jpg 1024w, https:\/\/wernerdeck.de\/blog\/wp-content\/uploads\/2025\/07\/Jagdschloss-bellin-bei-Krakow-768x428.jpg 768w\" sizes=\"auto, (max-width: 1200px) 100vw, 1200px\" \/><\/p>\n","protected":false},"excerpt":{"rendered":"<p>Auf unserer Seenplatte-Tour \u00fcbernachteten wir am Dienstag, 24. Juni 2025 im Jagdschloss Bellin. Das Jagdschloss Bellin beeindruckte mich mit seiner neobarocken Architektur und seiner faszinierenden Geschichte, die eng mit der Familie Sloman verbunden ist. Schon die Zufahrt zum Jagdschloss Bellin \u2013 im leichten Regen und durch eine alte Allee \u2013 hatte etwas Magisches. Links und &#8230; <a title=\"Jagdschloss Bellin \u2013 Ein Ort voller Geschichte &#038; Atmosph\u00e4re\" class=\"read-more\" href=\"https:\/\/wernerdeck.de\/blog\/2025\/07\/07\/jagdschloss-bellin-geschichte-aufenthalt-schloesschen\/\" aria-label=\"Mehr Informationen \u00fcber Jagdschloss Bellin \u2013 Ein Ort voller Geschichte &#038; Atmosph\u00e4re\">Weiterlesen<\/a><\/p>\n","protected":false},"author":1,"featured_media":27816,"comment_status":"open","ping_status":"open","sticky":false,"template":"","format":"standard","meta":{"ngg_post_thumbnail":0,"footnotes":""},"categories":[650,77,208],"tags":[740,736,732,733,731,738,726,674,737,739,414,735,741,730,734],"class_list":["post-27748","post","type-post","status-publish","format-standard","has-post-thumbnail","hentry","category-begegnungen","category-radtouren","category-reisebericht","tag-bellin","tag-chilehaus-hamburg","tag-familie-sloman","tag-geschichte-jagdschloss-bellin","tag-henry-brarens-sloman","tag-historische-schloesser-mecklenburg","tag-jagdschloss-bellin","tag-mecklenburgische-seenplatte","tag-neobarockes-schloss","tag-radtour-2025","tag-radtour-mit-erich","tag-schloss-bellin-geschichte","tag-schlossreise-deutschland","tag-schlossurlaub-mecklenburg","tag-uebernachten-im-schloss"],"yoast_head":"<!-- This site is optimized with the Yoast SEO plugin v27.4 - https:\/\/yoast.com\/product\/yoast-seo-wordpress\/ -->\n<title>Jagdschloss Bellin \u2013 Ein Ort voller Geschichte &amp; Atmosph\u00e4re - Privater Blog von Werner Deck<\/title>\n<meta name=\"description\" content=\"Die faszinierende Geschichte des Jagdschloss Bellin, ein neobarockes Schloss in Mecklenburg, und die spannende Geschichte der Familie Sloman\" \/>\n<meta name=\"robots\" content=\"index, follow, max-snippet:-1, max-image-preview:large, max-video-preview:-1\" \/>\n<link rel=\"canonical\" href=\"https:\/\/wernerdeck.de\/blog\/2025\/07\/07\/jagdschloss-bellin-geschichte-aufenthalt-schloesschen\/\" \/>\n<meta property=\"og:locale\" content=\"de_DE\" \/>\n<meta property=\"og:type\" content=\"article\" \/>\n<meta property=\"og:title\" content=\"Jagdschloss Bellin \u2013 Ein Ort voller Geschichte &amp; Atmosph\u00e4re - Privater Blog von Werner Deck\" \/>\n<meta property=\"og:description\" content=\"Die faszinierende Geschichte des Jagdschloss Bellin, ein neobarockes Schloss in Mecklenburg, und die spannende Geschichte der Familie Sloman\" \/>\n<meta property=\"og:url\" content=\"https:\/\/wernerdeck.de\/blog\/2025\/07\/07\/jagdschloss-bellin-geschichte-aufenthalt-schloesschen\/\" \/>\n<meta property=\"og:site_name\" content=\"Privater Blog von Werner Deck\" \/>\n<meta property=\"article:publisher\" content=\"https:\/\/www.facebook.com\/werner.deck\/\" \/>\n<meta property=\"article:author\" content=\"https:\/\/www.facebook.com\/werner.deck\/\" \/>\n<meta property=\"article:published_time\" content=\"2025-07-07T12:57:32+00:00\" \/>\n<meta property=\"article:modified_time\" content=\"2025-07-07T13:37:44+00:00\" \/>\n<meta property=\"og:image\" content=\"https:\/\/wernerdeck.de\/blog\/wp-content\/uploads\/2025\/07\/innenraeume-jagdschloss-bellin-2025-Salon.jpg\" \/>\n\t<meta property=\"og:image:width\" content=\"1163\" \/>\n\t<meta property=\"og:image:height\" content=\"638\" \/>\n\t<meta property=\"og:image:type\" content=\"image\/jpeg\" \/>\n<meta name=\"author\" content=\"Werner Deck\" \/>\n<meta name=\"twitter:card\" content=\"summary_large_image\" \/>\n<meta name=\"twitter:label1\" content=\"Verfasst von\" \/>\n\t<meta name=\"twitter:data1\" content=\"Werner Deck\" \/>\n\t<meta name=\"twitter:label2\" content=\"Gesch\u00e4tzte Lesezeit\" \/>\n\t<meta name=\"twitter:data2\" content=\"6\u00a0Minuten\" \/>\n<script type=\"application\/ld+json\" class=\"yoast-schema-graph\">{\"@context\":\"https:\\\/\\\/schema.org\",\"@graph\":[{\"@type\":\"Article\",\"@id\":\"https:\\\/\\\/wernerdeck.de\\\/blog\\\/2025\\\/07\\\/07\\\/jagdschloss-bellin-geschichte-aufenthalt-schloesschen\\\/#article\",\"isPartOf\":{\"@id\":\"https:\\\/\\\/wernerdeck.de\\\/blog\\\/2025\\\/07\\\/07\\\/jagdschloss-bellin-geschichte-aufenthalt-schloesschen\\\/\"},\"author\":{\"name\":\"Werner Deck\",\"@id\":\"https:\\\/\\\/wernerdeck.de\\\/blog\\\/#\\\/schema\\\/person\\\/7af62de1f11b0a09297eeb81281e523c\"},\"headline\":\"Jagdschloss Bellin \u2013 Ein Ort voller Geschichte &#038; Atmosph\u00e4re\",\"datePublished\":\"2025-07-07T12:57:32+00:00\",\"dateModified\":\"2025-07-07T13:37:44+00:00\",\"mainEntityOfPage\":{\"@id\":\"https:\\\/\\\/wernerdeck.de\\\/blog\\\/2025\\\/07\\\/07\\\/jagdschloss-bellin-geschichte-aufenthalt-schloesschen\\\/\"},\"wordCount\":921,\"commentCount\":0,\"publisher\":{\"@id\":\"https:\\\/\\\/wernerdeck.de\\\/blog\\\/#\\\/schema\\\/person\\\/7af62de1f11b0a09297eeb81281e523c\"},\"image\":{\"@id\":\"https:\\\/\\\/wernerdeck.de\\\/blog\\\/2025\\\/07\\\/07\\\/jagdschloss-bellin-geschichte-aufenthalt-schloesschen\\\/#primaryimage\"},\"thumbnailUrl\":\"https:\\\/\\\/wernerdeck.de\\\/blog\\\/wp-content\\\/uploads\\\/2025\\\/07\\\/innenraeume-jagdschloss-bellin-2025-Salon.jpg\",\"keywords\":[\"Bellin\",\"Chilehaus Hamburg\",\"Familie Sloman\",\"Geschichte Jagdschloss Bellin\",\"Henry Brarens Sloman\",\"historische Schl\u00f6sser Mecklenburg\",\"Jagdschloss Bellin\",\"Mecklenburgische Seenplatte\",\"neobarockes Schloss\",\"Radtour 2025\",\"Radtour mit Erich\",\"Schloss Bellin Geschichte\",\"Schlossreise Deutschland\",\"Schlossurlaub Mecklenburg\",\"\u00dcbernachten im Schloss\"],\"articleSection\":[\"Begegnungen\",\"Radtouren\",\"Reisebericht\"],\"inLanguage\":\"de\",\"potentialAction\":[{\"@type\":\"CommentAction\",\"name\":\"Comment\",\"target\":[\"https:\\\/\\\/wernerdeck.de\\\/blog\\\/2025\\\/07\\\/07\\\/jagdschloss-bellin-geschichte-aufenthalt-schloesschen\\\/#respond\"]}]},{\"@type\":\"WebPage\",\"@id\":\"https:\\\/\\\/wernerdeck.de\\\/blog\\\/2025\\\/07\\\/07\\\/jagdschloss-bellin-geschichte-aufenthalt-schloesschen\\\/\",\"url\":\"https:\\\/\\\/wernerdeck.de\\\/blog\\\/2025\\\/07\\\/07\\\/jagdschloss-bellin-geschichte-aufenthalt-schloesschen\\\/\",\"name\":\"Jagdschloss Bellin \u2013 Ein Ort voller Geschichte & Atmosph\u00e4re - Privater Blog von Werner Deck\",\"isPartOf\":{\"@id\":\"https:\\\/\\\/wernerdeck.de\\\/blog\\\/#website\"},\"primaryImageOfPage\":{\"@id\":\"https:\\\/\\\/wernerdeck.de\\\/blog\\\/2025\\\/07\\\/07\\\/jagdschloss-bellin-geschichte-aufenthalt-schloesschen\\\/#primaryimage\"},\"image\":{\"@id\":\"https:\\\/\\\/wernerdeck.de\\\/blog\\\/2025\\\/07\\\/07\\\/jagdschloss-bellin-geschichte-aufenthalt-schloesschen\\\/#primaryimage\"},\"thumbnailUrl\":\"https:\\\/\\\/wernerdeck.de\\\/blog\\\/wp-content\\\/uploads\\\/2025\\\/07\\\/innenraeume-jagdschloss-bellin-2025-Salon.jpg\",\"datePublished\":\"2025-07-07T12:57:32+00:00\",\"dateModified\":\"2025-07-07T13:37:44+00:00\",\"description\":\"Die faszinierende Geschichte des Jagdschloss Bellin, ein neobarockes Schloss in Mecklenburg, und die spannende Geschichte der Familie Sloman\",\"breadcrumb\":{\"@id\":\"https:\\\/\\\/wernerdeck.de\\\/blog\\\/2025\\\/07\\\/07\\\/jagdschloss-bellin-geschichte-aufenthalt-schloesschen\\\/#breadcrumb\"},\"inLanguage\":\"de\",\"potentialAction\":[{\"@type\":\"ReadAction\",\"target\":[\"https:\\\/\\\/wernerdeck.de\\\/blog\\\/2025\\\/07\\\/07\\\/jagdschloss-bellin-geschichte-aufenthalt-schloesschen\\\/\"]}]},{\"@type\":\"ImageObject\",\"inLanguage\":\"de\",\"@id\":\"https:\\\/\\\/wernerdeck.de\\\/blog\\\/2025\\\/07\\\/07\\\/jagdschloss-bellin-geschichte-aufenthalt-schloesschen\\\/#primaryimage\",\"url\":\"https:\\\/\\\/wernerdeck.de\\\/blog\\\/wp-content\\\/uploads\\\/2025\\\/07\\\/innenraeume-jagdschloss-bellin-2025-Salon.jpg\",\"contentUrl\":\"https:\\\/\\\/wernerdeck.de\\\/blog\\\/wp-content\\\/uploads\\\/2025\\\/07\\\/innenraeume-jagdschloss-bellin-2025-Salon.jpg\",\"width\":1163,\"height\":638,\"caption\":\"Salon im EG Jagdschloss Bellin\"},{\"@type\":\"BreadcrumbList\",\"@id\":\"https:\\\/\\\/wernerdeck.de\\\/blog\\\/2025\\\/07\\\/07\\\/jagdschloss-bellin-geschichte-aufenthalt-schloesschen\\\/#breadcrumb\",\"itemListElement\":[{\"@type\":\"ListItem\",\"position\":1,\"name\":\"Startseite\",\"item\":\"https:\\\/\\\/wernerdeck.de\\\/blog\\\/\"},{\"@type\":\"ListItem\",\"position\":2,\"name\":\"Jagdschloss Bellin \u2013 Ein Ort voller Geschichte &#038; Atmosph\u00e4re\"}]},{\"@type\":\"WebSite\",\"@id\":\"https:\\\/\\\/wernerdeck.de\\\/blog\\\/#website\",\"url\":\"https:\\\/\\\/wernerdeck.de\\\/blog\\\/\",\"name\":\"Blog von Werner Deck\",\"description\":\"\",\"publisher\":{\"@id\":\"https:\\\/\\\/wernerdeck.de\\\/blog\\\/#\\\/schema\\\/person\\\/7af62de1f11b0a09297eeb81281e523c\"},\"potentialAction\":[{\"@type\":\"SearchAction\",\"target\":{\"@type\":\"EntryPoint\",\"urlTemplate\":\"https:\\\/\\\/wernerdeck.de\\\/blog\\\/?s={search_term_string}\"},\"query-input\":{\"@type\":\"PropertyValueSpecification\",\"valueRequired\":true,\"valueName\":\"search_term_string\"}}],\"inLanguage\":\"de\"},{\"@type\":[\"Person\",\"Organization\"],\"@id\":\"https:\\\/\\\/wernerdeck.de\\\/blog\\\/#\\\/schema\\\/person\\\/7af62de1f11b0a09297eeb81281e523c\",\"name\":\"Werner Deck\",\"image\":{\"@type\":\"ImageObject\",\"inLanguage\":\"de\",\"@id\":\"https:\\\/\\\/wernerdeck.de\\\/blog\\\/wp-content\\\/uploads\\\/2022\\\/05\\\/Werner-Deck-995x1024.jpg\",\"url\":\"https:\\\/\\\/wernerdeck.de\\\/blog\\\/wp-content\\\/uploads\\\/2022\\\/05\\\/Werner-Deck-995x1024.jpg\",\"contentUrl\":\"https:\\\/\\\/wernerdeck.de\\\/blog\\\/wp-content\\\/uploads\\\/2022\\\/05\\\/Werner-Deck-995x1024.jpg\",\"width\":995,\"height\":1024,\"caption\":\"Werner Deck\"},\"logo\":{\"@id\":\"https:\\\/\\\/wernerdeck.de\\\/blog\\\/wp-content\\\/uploads\\\/2022\\\/05\\\/Werner-Deck-995x1024.jpg\"},\"sameAs\":[\"https:\\\/\\\/wernerdeck.de\\\/blog\",\"https:\\\/\\\/www.facebook.com\\\/werner.deck\\\/\",\"https:\\\/\\\/www.instagram.com\\\/opti_maler_deck\\\/\",\"https:\\\/\\\/www.youtube.com\\\/c\\\/WernerDeck\"],\"url\":\"https:\\\/\\\/wernerdeck.de\\\/blog\\\/author\\\/wernerdeck-de\\\/\"}]}<\/script>\n<!-- \/ Yoast SEO plugin. -->","yoast_head_json":{"title":"Jagdschloss Bellin \u2013 Ein Ort voller Geschichte & Atmosph\u00e4re - Privater Blog von Werner Deck","description":"Die faszinierende Geschichte des Jagdschloss Bellin, ein neobarockes Schloss in Mecklenburg, und die spannende Geschichte der Familie Sloman","robots":{"index":"index","follow":"follow","max-snippet":"max-snippet:-1","max-image-preview":"max-image-preview:large","max-video-preview":"max-video-preview:-1"},"canonical":"https:\/\/wernerdeck.de\/blog\/2025\/07\/07\/jagdschloss-bellin-geschichte-aufenthalt-schloesschen\/","og_locale":"de_DE","og_type":"article","og_title":"Jagdschloss Bellin \u2013 Ein Ort voller Geschichte & Atmosph\u00e4re - Privater Blog von Werner Deck","og_description":"Die faszinierende Geschichte des Jagdschloss Bellin, ein neobarockes Schloss in Mecklenburg, und die spannende Geschichte der Familie Sloman","og_url":"https:\/\/wernerdeck.de\/blog\/2025\/07\/07\/jagdschloss-bellin-geschichte-aufenthalt-schloesschen\/","og_site_name":"Privater Blog von Werner Deck","article_publisher":"https:\/\/www.facebook.com\/werner.deck\/","article_author":"https:\/\/www.facebook.com\/werner.deck\/","article_published_time":"2025-07-07T12:57:32+00:00","article_modified_time":"2025-07-07T13:37:44+00:00","og_image":[{"width":1163,"height":638,"url":"https:\/\/wernerdeck.de\/blog\/wp-content\/uploads\/2025\/07\/innenraeume-jagdschloss-bellin-2025-Salon.jpg","type":"image\/jpeg"}],"author":"Werner Deck","twitter_card":"summary_large_image","twitter_misc":{"Verfasst von":"Werner Deck","Gesch\u00e4tzte Lesezeit":"6\u00a0Minuten"},"schema":{"@context":"https:\/\/schema.org","@graph":[{"@type":"Article","@id":"https:\/\/wernerdeck.de\/blog\/2025\/07\/07\/jagdschloss-bellin-geschichte-aufenthalt-schloesschen\/#article","isPartOf":{"@id":"https:\/\/wernerdeck.de\/blog\/2025\/07\/07\/jagdschloss-bellin-geschichte-aufenthalt-schloesschen\/"},"author":{"name":"Werner Deck","@id":"https:\/\/wernerdeck.de\/blog\/#\/schema\/person\/7af62de1f11b0a09297eeb81281e523c"},"headline":"Jagdschloss Bellin \u2013 Ein Ort voller Geschichte &#038; Atmosph\u00e4re","datePublished":"2025-07-07T12:57:32+00:00","dateModified":"2025-07-07T13:37:44+00:00","mainEntityOfPage":{"@id":"https:\/\/wernerdeck.de\/blog\/2025\/07\/07\/jagdschloss-bellin-geschichte-aufenthalt-schloesschen\/"},"wordCount":921,"commentCount":0,"publisher":{"@id":"https:\/\/wernerdeck.de\/blog\/#\/schema\/person\/7af62de1f11b0a09297eeb81281e523c"},"image":{"@id":"https:\/\/wernerdeck.de\/blog\/2025\/07\/07\/jagdschloss-bellin-geschichte-aufenthalt-schloesschen\/#primaryimage"},"thumbnailUrl":"https:\/\/wernerdeck.de\/blog\/wp-content\/uploads\/2025\/07\/innenraeume-jagdschloss-bellin-2025-Salon.jpg","keywords":["Bellin","Chilehaus Hamburg","Familie Sloman","Geschichte Jagdschloss Bellin","Henry Brarens Sloman","historische Schl\u00f6sser Mecklenburg","Jagdschloss Bellin","Mecklenburgische Seenplatte","neobarockes Schloss","Radtour 2025","Radtour mit Erich","Schloss Bellin Geschichte","Schlossreise Deutschland","Schlossurlaub Mecklenburg","\u00dcbernachten im Schloss"],"articleSection":["Begegnungen","Radtouren","Reisebericht"],"inLanguage":"de","potentialAction":[{"@type":"CommentAction","name":"Comment","target":["https:\/\/wernerdeck.de\/blog\/2025\/07\/07\/jagdschloss-bellin-geschichte-aufenthalt-schloesschen\/#respond"]}]},{"@type":"WebPage","@id":"https:\/\/wernerdeck.de\/blog\/2025\/07\/07\/jagdschloss-bellin-geschichte-aufenthalt-schloesschen\/","url":"https:\/\/wernerdeck.de\/blog\/2025\/07\/07\/jagdschloss-bellin-geschichte-aufenthalt-schloesschen\/","name":"Jagdschloss Bellin \u2013 Ein Ort voller Geschichte & Atmosph\u00e4re - Privater Blog von Werner Deck","isPartOf":{"@id":"https:\/\/wernerdeck.de\/blog\/#website"},"primaryImageOfPage":{"@id":"https:\/\/wernerdeck.de\/blog\/2025\/07\/07\/jagdschloss-bellin-geschichte-aufenthalt-schloesschen\/#primaryimage"},"image":{"@id":"https:\/\/wernerdeck.de\/blog\/2025\/07\/07\/jagdschloss-bellin-geschichte-aufenthalt-schloesschen\/#primaryimage"},"thumbnailUrl":"https:\/\/wernerdeck.de\/blog\/wp-content\/uploads\/2025\/07\/innenraeume-jagdschloss-bellin-2025-Salon.jpg","datePublished":"2025-07-07T12:57:32+00:00","dateModified":"2025-07-07T13:37:44+00:00","description":"Die faszinierende Geschichte des Jagdschloss Bellin, ein neobarockes Schloss in Mecklenburg, und die spannende Geschichte der Familie Sloman","breadcrumb":{"@id":"https:\/\/wernerdeck.de\/blog\/2025\/07\/07\/jagdschloss-bellin-geschichte-aufenthalt-schloesschen\/#breadcrumb"},"inLanguage":"de","potentialAction":[{"@type":"ReadAction","target":["https:\/\/wernerdeck.de\/blog\/2025\/07\/07\/jagdschloss-bellin-geschichte-aufenthalt-schloesschen\/"]}]},{"@type":"ImageObject","inLanguage":"de","@id":"https:\/\/wernerdeck.de\/blog\/2025\/07\/07\/jagdschloss-bellin-geschichte-aufenthalt-schloesschen\/#primaryimage","url":"https:\/\/wernerdeck.de\/blog\/wp-content\/uploads\/2025\/07\/innenraeume-jagdschloss-bellin-2025-Salon.jpg","contentUrl":"https:\/\/wernerdeck.de\/blog\/wp-content\/uploads\/2025\/07\/innenraeume-jagdschloss-bellin-2025-Salon.jpg","width":1163,"height":638,"caption":"Salon im EG Jagdschloss Bellin"},{"@type":"BreadcrumbList","@id":"https:\/\/wernerdeck.de\/blog\/2025\/07\/07\/jagdschloss-bellin-geschichte-aufenthalt-schloesschen\/#breadcrumb","itemListElement":[{"@type":"ListItem","position":1,"name":"Startseite","item":"https:\/\/wernerdeck.de\/blog\/"},{"@type":"ListItem","position":2,"name":"Jagdschloss Bellin \u2013 Ein Ort voller Geschichte &#038; Atmosph\u00e4re"}]},{"@type":"WebSite","@id":"https:\/\/wernerdeck.de\/blog\/#website","url":"https:\/\/wernerdeck.de\/blog\/","name":"Blog von Werner Deck","description":"","publisher":{"@id":"https:\/\/wernerdeck.de\/blog\/#\/schema\/person\/7af62de1f11b0a09297eeb81281e523c"},"potentialAction":[{"@type":"SearchAction","target":{"@type":"EntryPoint","urlTemplate":"https:\/\/wernerdeck.de\/blog\/?s={search_term_string}"},"query-input":{"@type":"PropertyValueSpecification","valueRequired":true,"valueName":"search_term_string"}}],"inLanguage":"de"},{"@type":["Person","Organization"],"@id":"https:\/\/wernerdeck.de\/blog\/#\/schema\/person\/7af62de1f11b0a09297eeb81281e523c","name":"Werner Deck","image":{"@type":"ImageObject","inLanguage":"de","@id":"https:\/\/wernerdeck.de\/blog\/wp-content\/uploads\/2022\/05\/Werner-Deck-995x1024.jpg","url":"https:\/\/wernerdeck.de\/blog\/wp-content\/uploads\/2022\/05\/Werner-Deck-995x1024.jpg","contentUrl":"https:\/\/wernerdeck.de\/blog\/wp-content\/uploads\/2022\/05\/Werner-Deck-995x1024.jpg","width":995,"height":1024,"caption":"Werner Deck"},"logo":{"@id":"https:\/\/wernerdeck.de\/blog\/wp-content\/uploads\/2022\/05\/Werner-Deck-995x1024.jpg"},"sameAs":["https:\/\/wernerdeck.de\/blog","https:\/\/www.facebook.com\/werner.deck\/","https:\/\/www.instagram.com\/opti_maler_deck\/","https:\/\/www.youtube.com\/c\/WernerDeck"],"url":"https:\/\/wernerdeck.de\/blog\/author\/wernerdeck-de\/"}]}},"_links":{"self":[{"href":"https:\/\/wernerdeck.de\/blog\/wp-json\/wp\/v2\/posts\/27748","targetHints":{"allow":["GET"]}}],"collection":[{"href":"https:\/\/wernerdeck.de\/blog\/wp-json\/wp\/v2\/posts"}],"about":[{"href":"https:\/\/wernerdeck.de\/blog\/wp-json\/wp\/v2\/types\/post"}],"author":[{"embeddable":true,"href":"https:\/\/wernerdeck.de\/blog\/wp-json\/wp\/v2\/users\/1"}],"replies":[{"embeddable":true,"href":"https:\/\/wernerdeck.de\/blog\/wp-json\/wp\/v2\/comments?post=27748"}],"version-history":[{"count":0,"href":"https:\/\/wernerdeck.de\/blog\/wp-json\/wp\/v2\/posts\/27748\/revisions"}],"wp:featuredmedia":[{"embeddable":true,"href":"https:\/\/wernerdeck.de\/blog\/wp-json\/wp\/v2\/media\/27816"}],"wp:attachment":[{"href":"https:\/\/wernerdeck.de\/blog\/wp-json\/wp\/v2\/media?parent=27748"}],"wp:term":[{"taxonomy":"category","embeddable":true,"href":"https:\/\/wernerdeck.de\/blog\/wp-json\/wp\/v2\/categories?post=27748"},{"taxonomy":"post_tag","embeddable":true,"href":"https:\/\/wernerdeck.de\/blog\/wp-json\/wp\/v2\/tags?post=27748"}],"curies":[{"name":"wp","href":"https:\/\/api.w.org\/{rel}","templated":true}]}}