{"id":27388,"date":"2025-06-23T22:38:31","date_gmt":"2025-06-23T20:38:31","guid":{"rendered":"https:\/\/wernerdeck.de\/blog\/?p=27388"},"modified":"2025-06-25T22:42:32","modified_gmt":"2025-06-25T20:42:32","slug":"fahrt-holzminden-waren-mueritz","status":"publish","type":"post","link":"https:\/\/wernerdeck.de\/blog\/2025\/06\/23\/fahrt-holzminden-waren-mueritz\/","title":{"rendered":"Meine Fahrt nach Holzminden und weiter nach Waren an der M\u00fcritz"},"content":{"rendered":"<h2 data-pm-slice=\"1 1 []\">Auf nach Holzminden \u2013 und weiter nach Waren an der M\u00fcritz. <a href=\"https:\/\/wernerdeck.de\/blog\/2025\/06\/21\/mecklenburger-seenplatte-radrundfahrt-2025\/\" target=\"_blank\" rel=\"noopener\">Radtour \u00fcber vier Etappen<\/a><\/h2>\n<h3>Sonntag, 22. Juni \u2013 Von Eggenstein nach Holzminden<\/h3>\n<p>Nach dem pl\u00f6tzlichen Schreck mit der Kettenschaltung und <a href=\"https:\/\/wernerdeck.de\/blog\/2025\/06\/21\/llucky-bike-karlsruhe-e-bike-reparatur-erlebnis\/\" target=\"_blank\" rel=\"noopener\">der raschen Hilfe durch Lucky Bike<\/a> konnte ich am Sonntag endlich los: Die Fahrt zu meinem langj\u00e4hrigen Malermeisterkollegen und Unternehmerfreund Erich in Holzminden stand an. Gegen 12 Uhr rollte ich in Eggenstein los, <a href=\"https:\/\/wernerdeck.de\/blog\/2025\/06\/21\/mit-dem-neuen-fahrrad-seenplatte-tour\/\" target=\"_blank\" rel=\"noopener\">mein neues E-Bike<\/a> hinten am Haken, 358 km lagen vor mir.<\/p>\n<p>\n<div class=\"ngg-galleryoverview ngg-template-caption\" id=\"ngg-gallery-8015e8ee99c4865f1512cf71ba2493c3-27388\">\n\n\t\t\n\t<!-- Thumbnails -->\n\t\t\t\t\t\n\t<div id=\"ngg-image-13107\" class=\"ngg-gallery-thumbnail-box\" style=\"width:20%;\" >\n\t\t<div class=\"ngg-gallery-thumbnail\" >\n\t\t\t<a href=\"https:\/\/wernerdeck.de\/blog\/wp-content\/gallery\/eggenstein-los\/Fahrt-zu-Erich-nach-Holzminden-dann-nach-Waren-an-der-Mueritz.jpg\"\n\t\t\t\ttitle=\"Strecke nach Holzminden\"\n\t\t\t\tclass=\"ngg-simplelightbox\" rel=\"8015e8ee99c4865f1512cf71ba2493c3\" data-image-id=\"13107\" data-src=\"https:\/\/wernerdeck.de\/blog\/wp-content\/gallery\/eggenstein-los\/Fahrt-zu-Erich-nach-Holzminden-dann-nach-Waren-an-der-Mueritz.jpg\" data-thumbnail=\"https:\/\/wernerdeck.de\/blog\/wp-content\/gallery\/eggenstein-los\/thumbs\/thumbs_Fahrt-zu-Erich-nach-Holzminden-dann-nach-Waren-an-der-Mueritz.jpg\" data-title=\"Fahrt-zu-Erich-nach-Holzminden-dann-nach-Waren-an-der-Mueritz\" data-description=\"Strecke nach Holzminden\" >\n\t\t\t\t\t\t\t\t<img title=\"Fahrt-zu-Erich-nach-Holzminden-dann-nach-Waren-an-der-Mueritz\" alt=\"Fahrt-zu-Erich-nach-Holzminden-dann-nach-Waren-an-der-Mueritz\" src=\"https:\/\/wernerdeck.de\/blog\/wp-content\/gallery\/eggenstein-los\/thumbs\/thumbs_Fahrt-zu-Erich-nach-Holzminden-dann-nach-Waren-an-der-Mueritz.jpg\" width='240' height='160' \/>\n\t\t\t\t\t\t\t<\/a>\n\t\t\t<span>\n\t\t\tStrecke nach Holzminden\t\t\t<\/span>\n\t\t<\/div>\n\t<\/div>\n\t\t\t\t\t\t\t\t\n\t<div id=\"ngg-image-13110\" class=\"ngg-gallery-thumbnail-box\" style=\"width:20%;\" >\n\t\t<div class=\"ngg-gallery-thumbnail\" >\n\t\t\t<a href=\"https:\/\/wernerdeck.de\/blog\/wp-content\/gallery\/eggenstein-los\/start-eggenstein-ebike-am-auto-02.jpg\"\n\t\t\t\ttitle=\"Packtaschen etc. eingeladen\"\n\t\t\t\tclass=\"ngg-simplelightbox\" rel=\"8015e8ee99c4865f1512cf71ba2493c3\" data-image-id=\"13110\" data-src=\"https:\/\/wernerdeck.de\/blog\/wp-content\/gallery\/eggenstein-los\/start-eggenstein-ebike-am-auto-02.jpg\" data-thumbnail=\"https:\/\/wernerdeck.de\/blog\/wp-content\/gallery\/eggenstein-los\/thumbs\/thumbs_start-eggenstein-ebike-am-auto-02.jpg\" data-title=\"Start in Eggenstein mit E-Bike am Haken, Reise nach Holzminden\" data-description=\"Packtaschen etc. eingeladen\" >\n\t\t\t\t\t\t\t\t<img title=\"Start in Eggenstein mit E-Bike am Haken, Reise nach Holzminden\" alt=\"Start in Eggenstein mit E-Bike am Haken, Reise nach Holzminden\" src=\"https:\/\/wernerdeck.de\/blog\/wp-content\/gallery\/eggenstein-los\/thumbs\/thumbs_start-eggenstein-ebike-am-auto-02.jpg\" width='240' height='160' \/>\n\t\t\t\t\t\t\t<\/a>\n\t\t\t<span>\n\t\t\tPacktaschen etc. eingeladen\t\t\t<\/span>\n\t\t<\/div>\n\t<\/div>\n\t\t\t\t\t\t\t\t\n\t<div id=\"ngg-image-13111\" class=\"ngg-gallery-thumbnail-box\" style=\"width:20%;\" >\n\t\t<div class=\"ngg-gallery-thumbnail\" >\n\t\t\t<a href=\"https:\/\/wernerdeck.de\/blog\/wp-content\/gallery\/eggenstein-los\/start-eggenstein-ebike-am-auto-04.jpg\"\n\t\t\t\ttitle=\"E-Bike am Haken\"\n\t\t\t\tclass=\"ngg-simplelightbox\" rel=\"8015e8ee99c4865f1512cf71ba2493c3\" data-image-id=\"13111\" data-src=\"https:\/\/wernerdeck.de\/blog\/wp-content\/gallery\/eggenstein-los\/start-eggenstein-ebike-am-auto-04.jpg\" data-thumbnail=\"https:\/\/wernerdeck.de\/blog\/wp-content\/gallery\/eggenstein-los\/thumbs\/thumbs_start-eggenstein-ebike-am-auto-04.jpg\" data-title=\"sStart in Eggenstein mit E-Bike am Haken, Reise nach Holzminden\" data-description=\"E-Bike am Haken\" >\n\t\t\t\t\t\t\t\t<img title=\"sStart in Eggenstein mit E-Bike am Haken, Reise nach Holzminden\" alt=\"sStart in Eggenstein mit E-Bike am Haken, Reise nach Holzminden\" src=\"https:\/\/wernerdeck.de\/blog\/wp-content\/gallery\/eggenstein-los\/thumbs\/thumbs_start-eggenstein-ebike-am-auto-04.jpg\" width='240' height='160' \/>\n\t\t\t\t\t\t\t<\/a>\n\t\t\t<span>\n\t\t\tE-Bike am Haken\t\t\t<\/span>\n\t\t<\/div>\n\t<\/div>\n\t\t\t\t\t\t\t\t\n\t<div id=\"ngg-image-13109\" class=\"ngg-gallery-thumbnail-box\" style=\"width:20%;\" >\n\t\t<div class=\"ngg-gallery-thumbnail\" >\n\t\t\t<a href=\"https:\/\/wernerdeck.de\/blog\/wp-content\/gallery\/eggenstein-los\/start-eggenstein-ebike-am-auto-06.jpg\"\n\t\t\t\ttitle=\"Fr\u00f6hlicher Start\"\n\t\t\t\tclass=\"ngg-simplelightbox\" rel=\"8015e8ee99c4865f1512cf71ba2493c3\" data-image-id=\"13109\" data-src=\"https:\/\/wernerdeck.de\/blog\/wp-content\/gallery\/eggenstein-los\/start-eggenstein-ebike-am-auto-06.jpg\" data-thumbnail=\"https:\/\/wernerdeck.de\/blog\/wp-content\/gallery\/eggenstein-los\/thumbs\/thumbs_start-eggenstein-ebike-am-auto-06.jpg\" data-title=\"Start in Eggenstein mit E-Bike am Haken, Reise nach Holzminden\" data-description=\"Fr\u00f6hlicher Start\" >\n\t\t\t\t\t\t\t\t<img title=\"Start in Eggenstein mit E-Bike am Haken, Reise nach Holzminden\" alt=\"Start in Eggenstein mit E-Bike am Haken, Reise nach Holzminden\" src=\"https:\/\/wernerdeck.de\/blog\/wp-content\/gallery\/eggenstein-los\/thumbs\/thumbs_start-eggenstein-ebike-am-auto-06.jpg\" width='240' height='160' \/>\n\t\t\t\t\t\t\t<\/a>\n\t\t\t<span>\n\t\t\tFr\u00f6hlicher Start\t\t\t<\/span>\n\t\t<\/div>\n\t<\/div>\n\t\t\t\t\t\t\t\t\n\t<div id=\"ngg-image-13108\" class=\"ngg-gallery-thumbnail-box\" style=\"width:20%;\" >\n\t\t<div class=\"ngg-gallery-thumbnail\" >\n\t\t\t<a href=\"https:\/\/wernerdeck.de\/blog\/wp-content\/gallery\/eggenstein-los\/start-eggenstein-ebike-am-auto-08.jpg\"\n\t\t\t\ttitle=\"Ob die Zeit reicht?\"\n\t\t\t\tclass=\"ngg-simplelightbox\" rel=\"8015e8ee99c4865f1512cf71ba2493c3\" data-image-id=\"13108\" data-src=\"https:\/\/wernerdeck.de\/blog\/wp-content\/gallery\/eggenstein-los\/start-eggenstein-ebike-am-auto-08.jpg\" data-thumbnail=\"https:\/\/wernerdeck.de\/blog\/wp-content\/gallery\/eggenstein-los\/thumbs\/thumbs_start-eggenstein-ebike-am-auto-08.jpg\" data-title=\"Start in Eggenstein mit E-Bike am Haken, Reise nach Holzminden\" data-description=\"Ob die Zeit reicht?\" >\n\t\t\t\t\t\t\t\t<img title=\"Start in Eggenstein mit E-Bike am Haken, Reise nach Holzminden\" alt=\"Start in Eggenstein mit E-Bike am Haken, Reise nach Holzminden\" src=\"https:\/\/wernerdeck.de\/blog\/wp-content\/gallery\/eggenstein-los\/thumbs\/thumbs_start-eggenstein-ebike-am-auto-08.jpg\" width='240' height='160' \/>\n\t\t\t\t\t\t\t<\/a>\n\t\t\t<span>\n\t\t\tOb die Zeit reicht?\t\t\t<\/span>\n\t\t<\/div>\n\t<\/div>\n\t\t\t\t\t\t\t<br style=\"clear: both\" \/>\n\t\t\t\n\t<!-- Pagination -->\n\t\t<div class='ngg-clear'><\/div>\t\n<\/div>\n\n\tBei 33&nbsp;\u00b0C startete ich mein Cabrio mit offenem Dach, musste aber bald auf Klimaanlage umsteigen \u2013 zu hei\u00df. Nach drei Pausen und mehreren Staus f\u00fchrte mich Google Maps ab Kassel \u00fcber Landstra\u00dfen durchs sch\u00f6ne Weserbergland. Offenes Dach, schattige W\u00e4lder, viel Natur.<\/p>\n<p>\n<div class=\"ngg-galleryoverview ngg-template-caption\" id=\"ngg-gallery-9ca2613e5b9017fb322bdc2cd0cbd1dc-27388\">\n\n\t\t\n\t<!-- Thumbnails -->\n\t\t\t\t\t\n\t<div id=\"ngg-image-13112\" class=\"ngg-gallery-thumbnail-box\" style=\"width:25%;\" >\n\t\t<div class=\"ngg-gallery-thumbnail\" >\n\t\t\t<a href=\"https:\/\/wernerdeck.de\/blog\/wp-content\/gallery\/parkplatz\/autobahnpause-stau-hitze-02.jpg\"\n\t\t\t\ttitle=\"Erste Pause\"\n\t\t\t\tclass=\"ngg-simplelightbox\" rel=\"9ca2613e5b9017fb322bdc2cd0cbd1dc\" data-image-id=\"13112\" data-src=\"https:\/\/wernerdeck.de\/blog\/wp-content\/gallery\/parkplatz\/autobahnpause-stau-hitze-02.jpg\" data-thumbnail=\"https:\/\/wernerdeck.de\/blog\/wp-content\/gallery\/parkplatz\/thumbs\/thumbs_autobahnpause-stau-hitze-02.jpg\" data-title=\"Cabriofahrt bei 33 Grad durch sonniges S\u00fcddeutschland\" data-description=\"Erste Pause\" >\n\t\t\t\t\t\t\t\t<img title=\"Cabriofahrt bei 33 Grad durch sonniges S\u00fcddeutschland\" alt=\"Cabriofahrt bei 33 Grad durch sonniges S\u00fcddeutschland\" src=\"https:\/\/wernerdeck.de\/blog\/wp-content\/gallery\/parkplatz\/thumbs\/thumbs_autobahnpause-stau-hitze-02.jpg\" width='240' height='160' \/>\n\t\t\t\t\t\t\t<\/a>\n\t\t\t<span>\n\t\t\tErste Pause\t\t\t<\/span>\n\t\t<\/div>\n\t<\/div>\n\t\t\t\t\t\t\t\t\n\t<div id=\"ngg-image-13116\" class=\"ngg-gallery-thumbnail-box\" style=\"width:25%;\" >\n\t\t<div class=\"ngg-gallery-thumbnail\" >\n\t\t\t<a href=\"https:\/\/wernerdeck.de\/blog\/wp-content\/gallery\/parkplatz\/cabriofahrt-offenes-dach-sommerhitze-02.jpg\"\n\t\t\t\ttitle=\"Autobahnparkplatz\"\n\t\t\t\tclass=\"ngg-simplelightbox\" rel=\"9ca2613e5b9017fb322bdc2cd0cbd1dc\" data-image-id=\"13116\" data-src=\"https:\/\/wernerdeck.de\/blog\/wp-content\/gallery\/parkplatz\/cabriofahrt-offenes-dach-sommerhitze-02.jpg\" data-thumbnail=\"https:\/\/wernerdeck.de\/blog\/wp-content\/gallery\/parkplatz\/thumbs\/thumbs_cabriofahrt-offenes-dach-sommerhitze-02.jpg\" data-title=\"Cabriofahrt bei 33 Grad durch sonniges S\u00fcddeutschland\" data-description=\"Autobahnparkplatz\" >\n\t\t\t\t\t\t\t\t<img title=\"Cabriofahrt bei 33 Grad durch sonniges S\u00fcddeutschland\" alt=\"Cabriofahrt bei 33 Grad durch sonniges S\u00fcddeutschland\" src=\"https:\/\/wernerdeck.de\/blog\/wp-content\/gallery\/parkplatz\/thumbs\/thumbs_cabriofahrt-offenes-dach-sommerhitze-02.jpg\" width='240' height='160' \/>\n\t\t\t\t\t\t\t<\/a>\n\t\t\t<span>\n\t\t\tAutobahnparkplatz\t\t\t<\/span>\n\t\t<\/div>\n\t<\/div>\n\t\t\t\t\t\t\t\t\n\t<div id=\"ngg-image-13115\" class=\"ngg-gallery-thumbnail-box\" style=\"width:25%;\" >\n\t\t<div class=\"ngg-gallery-thumbnail\" >\n\t\t\t<a href=\"https:\/\/wernerdeck.de\/blog\/wp-content\/gallery\/parkplatz\/cabriofahrt-offenes-dach-sommerhitze-04.jpg\"\n\t\t\t\ttitle=\"Kaffee mit Linsertorte\"\n\t\t\t\tclass=\"ngg-simplelightbox\" rel=\"9ca2613e5b9017fb322bdc2cd0cbd1dc\" data-image-id=\"13115\" data-src=\"https:\/\/wernerdeck.de\/blog\/wp-content\/gallery\/parkplatz\/cabriofahrt-offenes-dach-sommerhitze-04.jpg\" data-thumbnail=\"https:\/\/wernerdeck.de\/blog\/wp-content\/gallery\/parkplatz\/thumbs\/thumbs_cabriofahrt-offenes-dach-sommerhitze-04.jpg\" data-title=\"Cabriofahrt bei 33 Grad durch sonniges S\u00fcddeutschland\" data-description=\"Kaffee mit Linsertorte\" >\n\t\t\t\t\t\t\t\t<img title=\"Cabriofahrt bei 33 Grad durch sonniges S\u00fcddeutschland\" alt=\"Cabriofahrt bei 33 Grad durch sonniges S\u00fcddeutschland\" src=\"https:\/\/wernerdeck.de\/blog\/wp-content\/gallery\/parkplatz\/thumbs\/thumbs_cabriofahrt-offenes-dach-sommerhitze-04.jpg\" width='240' height='160' \/>\n\t\t\t\t\t\t\t<\/a>\n\t\t\t<span>\n\t\t\tKaffee mit Linsertorte\t\t\t<\/span>\n\t\t<\/div>\n\t<\/div>\n\t\t\t\t\t\t\t\t\n\t<div id=\"ngg-image-13117\" class=\"ngg-gallery-thumbnail-box\" style=\"width:25%;\" >\n\t\t<div class=\"ngg-gallery-thumbnail\" >\n\t\t\t<a href=\"https:\/\/wernerdeck.de\/blog\/wp-content\/gallery\/parkplatz\/cabriofahrt-offenes-dach-sommerhitze-06.jpg\"\n\t\t\t\ttitle=\"Dank an meine liebe Liebe\"\n\t\t\t\tclass=\"ngg-simplelightbox\" rel=\"9ca2613e5b9017fb322bdc2cd0cbd1dc\" data-image-id=\"13117\" data-src=\"https:\/\/wernerdeck.de\/blog\/wp-content\/gallery\/parkplatz\/cabriofahrt-offenes-dach-sommerhitze-06.jpg\" data-thumbnail=\"https:\/\/wernerdeck.de\/blog\/wp-content\/gallery\/parkplatz\/thumbs\/thumbs_cabriofahrt-offenes-dach-sommerhitze-06.jpg\" data-title=\"cabriofahrt-offenes-dach-sommerhitze-06\" data-description=\"Dank an meine liebe Liebe\" >\n\t\t\t\t\t\t\t\t<img title=\"cabriofahrt-offenes-dach-sommerhitze-06\" alt=\"cabriofahrt-offenes-dach-sommerhitze-06\" src=\"https:\/\/wernerdeck.de\/blog\/wp-content\/gallery\/parkplatz\/thumbs\/thumbs_cabriofahrt-offenes-dach-sommerhitze-06.jpg\" width='240' height='160' \/>\n\t\t\t\t\t\t\t<\/a>\n\t\t\t<span>\n\t\t\tDank an meine liebe Liebe\t\t\t<\/span>\n\t\t<\/div>\n\t<\/div>\n\t\t\t\t\t\t\t<br style=\"clear: both\" \/>\n\t\t\t\n\t<div id=\"ngg-image-13114\" class=\"ngg-gallery-thumbnail-box\" style=\"width:25%;\" >\n\t\t<div class=\"ngg-gallery-thumbnail\" >\n\t\t\t<a href=\"https:\/\/wernerdeck.de\/blog\/wp-content\/gallery\/parkplatz\/autobahnpause-stau-hitze-04.jpg\"\n\t\t\t\ttitle=\"Letzte Pause\"\n\t\t\t\tclass=\"ngg-simplelightbox\" rel=\"9ca2613e5b9017fb322bdc2cd0cbd1dc\" data-image-id=\"13114\" data-src=\"https:\/\/wernerdeck.de\/blog\/wp-content\/gallery\/parkplatz\/autobahnpause-stau-hitze-04.jpg\" data-thumbnail=\"https:\/\/wernerdeck.de\/blog\/wp-content\/gallery\/parkplatz\/thumbs\/thumbs_autobahnpause-stau-hitze-04.jpg\" data-title=\"Schattenfahrt mit offenem Dach durch die W\u00e4lder des Weserberglands\" data-description=\"Letzte Pause\" >\n\t\t\t\t\t\t\t\t<img title=\"Schattenfahrt mit offenem Dach durch die W\u00e4lder des Weserberglands\" alt=\"Schattenfahrt mit offenem Dach durch die W\u00e4lder des Weserberglands\" src=\"https:\/\/wernerdeck.de\/blog\/wp-content\/gallery\/parkplatz\/thumbs\/thumbs_autobahnpause-stau-hitze-04.jpg\" width='240' height='160' \/>\n\t\t\t\t\t\t\t<\/a>\n\t\t\t<span>\n\t\t\tLetzte Pause\t\t\t<\/span>\n\t\t<\/div>\n\t<\/div>\n\t\t\t\t\t\t\t\t\n\t<div id=\"ngg-image-13113\" class=\"ngg-gallery-thumbnail-box\" style=\"width:25%;\" >\n\t\t<div class=\"ngg-gallery-thumbnail\" >\n\t\t\t<a href=\"https:\/\/wernerdeck.de\/blog\/wp-content\/gallery\/parkplatz\/autobahnpause-stau-hitze-06.jpg\"\n\t\t\t\ttitle=\"K\u00e4ffchen\"\n\t\t\t\tclass=\"ngg-simplelightbox\" rel=\"9ca2613e5b9017fb322bdc2cd0cbd1dc\" data-image-id=\"13113\" data-src=\"https:\/\/wernerdeck.de\/blog\/wp-content\/gallery\/parkplatz\/autobahnpause-stau-hitze-06.jpg\" data-thumbnail=\"https:\/\/wernerdeck.de\/blog\/wp-content\/gallery\/parkplatz\/thumbs\/thumbs_autobahnpause-stau-hitze-06.jpg\" data-title=\"Schattenfahrt mit offenem Dach durch die W\u00e4lder des Weserberglands\" data-description=\"K\u00e4ffchen\" >\n\t\t\t\t\t\t\t\t<img title=\"Schattenfahrt mit offenem Dach durch die W\u00e4lder des Weserberglands\" alt=\"Schattenfahrt mit offenem Dach durch die W\u00e4lder des Weserberglands\" src=\"https:\/\/wernerdeck.de\/blog\/wp-content\/gallery\/parkplatz\/thumbs\/thumbs_autobahnpause-stau-hitze-06.jpg\" width='240' height='160' \/>\n\t\t\t\t\t\t\t<\/a>\n\t\t\t<span>\n\t\t\tK\u00e4ffchen\t\t\t<\/span>\n\t\t<\/div>\n\t<\/div>\n\t\t\t\t\t\t\t\t\n\t<div id=\"ngg-image-13118\" class=\"ngg-gallery-thumbnail-box\" style=\"width:25%;\" >\n\t\t<div class=\"ngg-gallery-thumbnail\" >\n\t\t\t<a href=\"https:\/\/wernerdeck.de\/blog\/wp-content\/gallery\/parkplatz\/landstrasse-kassel-weserbergland-02.jpg\"\n\t\t\t\ttitle=\"Bald bin ich da\"\n\t\t\t\tclass=\"ngg-simplelightbox\" rel=\"9ca2613e5b9017fb322bdc2cd0cbd1dc\" data-image-id=\"13118\" data-src=\"https:\/\/wernerdeck.de\/blog\/wp-content\/gallery\/parkplatz\/landstrasse-kassel-weserbergland-02.jpg\" data-thumbnail=\"https:\/\/wernerdeck.de\/blog\/wp-content\/gallery\/parkplatz\/thumbs\/thumbs_landstrasse-kassel-weserbergland-02.jpg\" data-title=\"Schattenfahrt mit offenem Dach durch die W\u00e4lder des Weserberglands\" data-description=\"Bald bin ich da\" >\n\t\t\t\t\t\t\t\t<img title=\"Schattenfahrt mit offenem Dach durch die W\u00e4lder des Weserberglands\" alt=\"Schattenfahrt mit offenem Dach durch die W\u00e4lder des Weserberglands\" src=\"https:\/\/wernerdeck.de\/blog\/wp-content\/gallery\/parkplatz\/thumbs\/thumbs_landstrasse-kassel-weserbergland-02.jpg\" width='240' height='160' \/>\n\t\t\t\t\t\t\t<\/a>\n\t\t\t<span>\n\t\t\tBald bin ich da\t\t\t<\/span>\n\t\t<\/div>\n\t<\/div>\n\t\t\t\t\t\t\t\t\n\t<div id=\"ngg-image-13120\" class=\"ngg-gallery-thumbnail-box\" style=\"width:25%;\" >\n\t\t<div class=\"ngg-gallery-thumbnail\" >\n\t\t\t<a href=\"https:\/\/wernerdeck.de\/blog\/wp-content\/gallery\/parkplatz\/waldstrasse-weserbergland-04.jpg\"\n\t\t\t\ttitle=\"Ankunft bei Erich\"\n\t\t\t\tclass=\"ngg-simplelightbox\" rel=\"9ca2613e5b9017fb322bdc2cd0cbd1dc\" data-image-id=\"13120\" data-src=\"https:\/\/wernerdeck.de\/blog\/wp-content\/gallery\/parkplatz\/waldstrasse-weserbergland-04.jpg\" data-thumbnail=\"https:\/\/wernerdeck.de\/blog\/wp-content\/gallery\/parkplatz\/thumbs\/thumbs_waldstrasse-weserbergland-04.jpg\" data-title=\"waldstrasse-weserbergland-04\" data-description=\"Ankunft bei Erich\" >\n\t\t\t\t\t\t\t\t<img title=\"waldstrasse-weserbergland-04\" alt=\"waldstrasse-weserbergland-04\" src=\"https:\/\/wernerdeck.de\/blog\/wp-content\/gallery\/parkplatz\/thumbs\/thumbs_waldstrasse-weserbergland-04.jpg\" width='240' height='160' \/>\n\t\t\t\t\t\t\t<\/a>\n\t\t\t<span>\n\t\t\tAnkunft bei Erich\t\t\t<\/span>\n\t\t<\/div>\n\t<\/div>\n\t\t\t\t\t\t\t<br style=\"clear: both\" \/>\n\t\t\t\n\t<!-- Pagination -->\n\t\t<div class='ngg-clear'><\/div>\t\n<\/div>\n\n\tUm 17:30 Uhr bog ich bei Erich auf den Hof und wurde herzlich empfangen. Bevor es zum Abendessen ging, verluden wir mein Rad auf Erichs Auto und brachten mein Gep\u00e4ck ins Haus.<\/p>\n\n<div class=\"ngg-galleryoverview ngg-template-caption\" id=\"ngg-gallery-e6b432c93101bf376fe71ab852d7458d-27388\">\n\n\t\t\n\t<!-- Thumbnails -->\n\t\t\t\t\t\n\t<div id=\"ngg-image-13128\" class=\"ngg-gallery-thumbnail-box\" style=\"width:25%;\" >\n\t\t<div class=\"ngg-gallery-thumbnail\" >\n\t\t\t<a href=\"https:\/\/wernerdeck.de\/blog\/wp-content\/gallery\/erich1\/waldstrasse-weserbergland-12.jpg\"\n\t\t\t\ttitle=\"Erich \u2013 der Meistermaler\"\n\t\t\t\tclass=\"ngg-simplelightbox\" rel=\"e6b432c93101bf376fe71ab852d7458d\" data-image-id=\"13128\" data-src=\"https:\/\/wernerdeck.de\/blog\/wp-content\/gallery\/erich1\/waldstrasse-weserbergland-12.jpg\" data-thumbnail=\"https:\/\/wernerdeck.de\/blog\/wp-content\/gallery\/erich1\/thumbs\/thumbs_waldstrasse-weserbergland-12.jpg\" data-title=\"Ankunft mit dem Auto und E-Bike bei Freund Erich in Holzminden\" data-description=\"Erich \u2013 der Meistermaler\" >\n\t\t\t\t\t\t\t\t<img title=\"Ankunft mit dem Auto und E-Bike bei Freund Erich in Holzminden\" alt=\"Ankunft mit dem Auto und E-Bike bei Freund Erich in Holzminden\" src=\"https:\/\/wernerdeck.de\/blog\/wp-content\/gallery\/erich1\/thumbs\/thumbs_waldstrasse-weserbergland-12.jpg\" width='240' height='160' \/>\n\t\t\t\t\t\t\t<\/a>\n\t\t\t<span>\n\t\t\tErich \u2013 der Meistermaler\t\t\t<\/span>\n\t\t<\/div>\n\t<\/div>\n\t\t\t\t\t\t\t\t\n\t<div id=\"ngg-image-13125\" class=\"ngg-gallery-thumbnail-box\" style=\"width:25%;\" >\n\t\t<div class=\"ngg-gallery-thumbnail\" >\n\t\t\t<a href=\"https:\/\/wernerdeck.de\/blog\/wp-content\/gallery\/erich1\/waldstrasse-weserbergland-02.jpg\"\n\t\t\t\ttitle=\"E-Bike noch am Haken\"\n\t\t\t\tclass=\"ngg-simplelightbox\" rel=\"e6b432c93101bf376fe71ab852d7458d\" data-image-id=\"13125\" data-src=\"https:\/\/wernerdeck.de\/blog\/wp-content\/gallery\/erich1\/waldstrasse-weserbergland-02.jpg\" data-thumbnail=\"https:\/\/wernerdeck.de\/blog\/wp-content\/gallery\/erich1\/thumbs\/thumbs_waldstrasse-weserbergland-02.jpg\" data-title=\"Ankunft mit dem Auto und E-Bike bei Freund Erich in Holzminden\" data-description=\"E-Bike noch am Haken\" >\n\t\t\t\t\t\t\t\t<img title=\"Ankunft mit dem Auto und E-Bike bei Freund Erich in Holzminden\" alt=\"Ankunft mit dem Auto und E-Bike bei Freund Erich in Holzminden\" src=\"https:\/\/wernerdeck.de\/blog\/wp-content\/gallery\/erich1\/thumbs\/thumbs_waldstrasse-weserbergland-02.jpg\" width='240' height='160' \/>\n\t\t\t\t\t\t\t<\/a>\n\t\t\t<span>\n\t\t\tE-Bike noch am Haken\t\t\t<\/span>\n\t\t<\/div>\n\t<\/div>\n\t\t\t\t\t\t\t\t\n\t<div id=\"ngg-image-13127\" class=\"ngg-gallery-thumbnail-box\" style=\"width:25%;\" >\n\t\t<div class=\"ngg-gallery-thumbnail\" >\n\t\t\t<a href=\"https:\/\/wernerdeck.de\/blog\/wp-content\/gallery\/erich1\/waldstrasse-weserbergland-06.jpg\"\n\t\t\t\ttitle=\"E-Bike noch am Haken\"\n\t\t\t\tclass=\"ngg-simplelightbox\" rel=\"e6b432c93101bf376fe71ab852d7458d\" data-image-id=\"13127\" data-src=\"https:\/\/wernerdeck.de\/blog\/wp-content\/gallery\/erich1\/waldstrasse-weserbergland-06.jpg\" data-thumbnail=\"https:\/\/wernerdeck.de\/blog\/wp-content\/gallery\/erich1\/thumbs\/thumbs_waldstrasse-weserbergland-06.jpg\" data-title=\"Ankunft mit dem Auto und E-Bike bei Freund Erich in Holzminden\" data-description=\"E-Bike noch am Haken\" >\n\t\t\t\t\t\t\t\t<img title=\"Ankunft mit dem Auto und E-Bike bei Freund Erich in Holzminden\" alt=\"Ankunft mit dem Auto und E-Bike bei Freund Erich in Holzminden\" src=\"https:\/\/wernerdeck.de\/blog\/wp-content\/gallery\/erich1\/thumbs\/thumbs_waldstrasse-weserbergland-06.jpg\" width='240' height='160' \/>\n\t\t\t\t\t\t\t<\/a>\n\t\t\t<span>\n\t\t\tE-Bike noch am Haken\t\t\t<\/span>\n\t\t<\/div>\n\t<\/div>\n\t\t\t\t\t\t\t\t\n\t<div id=\"ngg-image-13126\" class=\"ngg-gallery-thumbnail-box\" style=\"width:25%;\" >\n\t\t<div class=\"ngg-gallery-thumbnail\" >\n\t\t\t<a href=\"https:\/\/wernerdeck.de\/blog\/wp-content\/gallery\/erich1\/waldstrasse-weserbergland-08.jpg\"\n\t\t\t\ttitle=\"Gleich gibt es Abendessen\"\n\t\t\t\tclass=\"ngg-simplelightbox\" rel=\"e6b432c93101bf376fe71ab852d7458d\" data-image-id=\"13126\" data-src=\"https:\/\/wernerdeck.de\/blog\/wp-content\/gallery\/erich1\/waldstrasse-weserbergland-08.jpg\" data-thumbnail=\"https:\/\/wernerdeck.de\/blog\/wp-content\/gallery\/erich1\/thumbs\/thumbs_waldstrasse-weserbergland-08.jpg\" data-title=\"Ankunft mit dem Auto und E-Bike bei Freund Erich in Holzminden\" data-description=\"Gleich gibt es Abendessen\" >\n\t\t\t\t\t\t\t\t<img title=\"Ankunft mit dem Auto und E-Bike bei Freund Erich in Holzminden\" alt=\"Ankunft mit dem Auto und E-Bike bei Freund Erich in Holzminden\" src=\"https:\/\/wernerdeck.de\/blog\/wp-content\/gallery\/erich1\/thumbs\/thumbs_waldstrasse-weserbergland-08.jpg\" width='240' height='160' \/>\n\t\t\t\t\t\t\t<\/a>\n\t\t\t<span>\n\t\t\tGleich gibt es Abendessen\t\t\t<\/span>\n\t\t<\/div>\n\t<\/div>\n\t\t\t\t\t\t\t<br style=\"clear: both\" \/>\n\t\t\t\n\t<!-- Pagination -->\n\t\t<div class='ngg-clear'><\/div>\t\n<\/div>\n\n\t\n<h3>Montag, 23. Juni \u2013 Weiterfahrt nach Waren (M\u00fcritz)<\/h3>\n<p>Fr\u00fchst\u00fcck um 8:30 Uhr, lecker und ausgiebig. Gegen 10:25 Uhr rollten wir los \u2013 377 km lagen vor uns. Erster Halt nach 145 km bei Brome, kurz hinter der alten Zonengrenze. Das Wetter? Grau, windig, 21 \u00b0C und erste Regentropfen. Anders als im sonnigen Eggenstein.<\/p>\n<p>\n<div class=\"ngg-galleryoverview ngg-template-caption\" id=\"ngg-gallery-6fa4c004f8a8a4844ff46fb5743b8843-27388\">\n\n\t\t\n\t<!-- Thumbnails -->\n\t\t\t\t\t\n\t<div id=\"ngg-image-13131\" class=\"ngg-gallery-thumbnail-box\" style=\"width:25%;\" >\n\t\t<div class=\"ngg-gallery-thumbnail\" >\n\t\t\t<a href=\"https:\/\/wernerdeck.de\/blog\/wp-content\/gallery\/fahrt1\/Autofahrt-Von-Holzminden-nach-Waren-02.jpg\"\n\t\t\t\ttitle=\"Die  Fahrstrecke nach Waren\"\n\t\t\t\tclass=\"ngg-simplelightbox\" rel=\"6fa4c004f8a8a4844ff46fb5743b8843\" data-image-id=\"13131\" data-src=\"https:\/\/wernerdeck.de\/blog\/wp-content\/gallery\/fahrt1\/Autofahrt-Von-Holzminden-nach-Waren-02.jpg\" data-thumbnail=\"https:\/\/wernerdeck.de\/blog\/wp-content\/gallery\/fahrt1\/thumbs\/thumbs_Autofahrt-Von-Holzminden-nach-Waren-02.jpg\" data-title=\"Autofahrt-Von-Holzminden-nach-Waren-02\" data-description=\"Die  Fahrstrecke nach Waren\" >\n\t\t\t\t\t\t\t\t<img title=\"Autofahrt-Von-Holzminden-nach-Waren-02\" alt=\"Autofahrt-Von-Holzminden-nach-Waren-02\" src=\"https:\/\/wernerdeck.de\/blog\/wp-content\/gallery\/fahrt1\/thumbs\/thumbs_Autofahrt-Von-Holzminden-nach-Waren-02.jpg\" width='240' height='160' \/>\n\t\t\t\t\t\t\t<\/a>\n\t\t\t<span>\n\t\t\tDie  Fahrstrecke nach Waren\t\t\t<\/span>\n\t\t<\/div>\n\t<\/div>\n\t\t\t\t\t\t\t\t\n\t<div id=\"ngg-image-13129\" class=\"ngg-gallery-thumbnail-box\" style=\"width:25%;\" >\n\t\t<div class=\"ngg-gallery-thumbnail\" >\n\t\t\t<a href=\"https:\/\/wernerdeck.de\/blog\/wp-content\/gallery\/fahrt1\/Autofahrt-Von-Holzminden-nach-Waren-04.jpg\"\n\t\t\t\ttitle=\"Wetterunterschiede\"\n\t\t\t\tclass=\"ngg-simplelightbox\" rel=\"6fa4c004f8a8a4844ff46fb5743b8843\" data-image-id=\"13129\" data-src=\"https:\/\/wernerdeck.de\/blog\/wp-content\/gallery\/fahrt1\/Autofahrt-Von-Holzminden-nach-Waren-04.jpg\" data-thumbnail=\"https:\/\/wernerdeck.de\/blog\/wp-content\/gallery\/fahrt1\/thumbs\/thumbs_Autofahrt-Von-Holzminden-nach-Waren-04.jpg\" data-title=\"Autofahrt-Von-Holzminden-nach-Waren-04\" data-description=\"Wetterunterschiede\" >\n\t\t\t\t\t\t\t\t<img title=\"Autofahrt-Von-Holzminden-nach-Waren-04\" alt=\"Autofahrt-Von-Holzminden-nach-Waren-04\" src=\"https:\/\/wernerdeck.de\/blog\/wp-content\/gallery\/fahrt1\/thumbs\/thumbs_Autofahrt-Von-Holzminden-nach-Waren-04.jpg\" width='240' height='160' \/>\n\t\t\t\t\t\t\t<\/a>\n\t\t\t<span>\n\t\t\tWetterunterschiede\t\t\t<\/span>\n\t\t<\/div>\n\t<\/div>\n\t\t\t\t\t\t\t\t\n\t<div id=\"ngg-image-13130\" class=\"ngg-gallery-thumbnail-box\" style=\"width:25%;\" >\n\t\t<div class=\"ngg-gallery-thumbnail\" >\n\t\t\t<a href=\"https:\/\/wernerdeck.de\/blog\/wp-content\/gallery\/fahrt1\/Autofahrt-Von-Holzminden-nach-Waren-06.jpg\"\n\t\t\t\ttitle=\"Wetterprognose f\u00fcr unsere Tour\"\n\t\t\t\tclass=\"ngg-simplelightbox\" rel=\"6fa4c004f8a8a4844ff46fb5743b8843\" data-image-id=\"13130\" data-src=\"https:\/\/wernerdeck.de\/blog\/wp-content\/gallery\/fahrt1\/Autofahrt-Von-Holzminden-nach-Waren-06.jpg\" data-thumbnail=\"https:\/\/wernerdeck.de\/blog\/wp-content\/gallery\/fahrt1\/thumbs\/thumbs_Autofahrt-Von-Holzminden-nach-Waren-06.jpg\" data-title=\"Autofahrt-Von-Holzminden-nach-Waren-06\" data-description=\"Wetterprognose f\u00fcr unsere Tour\" >\n\t\t\t\t\t\t\t\t<img title=\"Autofahrt-Von-Holzminden-nach-Waren-06\" alt=\"Autofahrt-Von-Holzminden-nach-Waren-06\" src=\"https:\/\/wernerdeck.de\/blog\/wp-content\/gallery\/fahrt1\/thumbs\/thumbs_Autofahrt-Von-Holzminden-nach-Waren-06.jpg\" width='240' height='160' \/>\n\t\t\t\t\t\t\t<\/a>\n\t\t\t<span>\n\t\t\tWetterprognose f\u00fcr unsere Tour\t\t\t<\/span>\n\t\t<\/div>\n\t<\/div>\n\t\t\t\t\t\t\t\t\n\t<div id=\"ngg-image-13135\" class=\"ngg-gallery-thumbnail-box\" style=\"width:25%;\" >\n\t\t<div class=\"ngg-gallery-thumbnail\" >\n\t\t\t<a href=\"https:\/\/wernerdeck.de\/blog\/wp-content\/gallery\/fahrt1\/Autofahrt-Von-Holzminden-nach-Waren-08.jpg\"\n\t\t\t\ttitle=\"Abschied von Holzminden\"\n\t\t\t\tclass=\"ngg-simplelightbox\" rel=\"6fa4c004f8a8a4844ff46fb5743b8843\" data-image-id=\"13135\" data-src=\"https:\/\/wernerdeck.de\/blog\/wp-content\/gallery\/fahrt1\/Autofahrt-Von-Holzminden-nach-Waren-08.jpg\" data-thumbnail=\"https:\/\/wernerdeck.de\/blog\/wp-content\/gallery\/fahrt1\/thumbs\/thumbs_Autofahrt-Von-Holzminden-nach-Waren-08.jpg\" data-title=\"Autofahrt-Von-Holzminden-nach-Waren-08\" data-description=\"Abschied von Holzminden\" >\n\t\t\t\t\t\t\t\t<img title=\"Autofahrt-Von-Holzminden-nach-Waren-08\" alt=\"Autofahrt-Von-Holzminden-nach-Waren-08\" src=\"https:\/\/wernerdeck.de\/blog\/wp-content\/gallery\/fahrt1\/thumbs\/thumbs_Autofahrt-Von-Holzminden-nach-Waren-08.jpg\" width='240' height='160' \/>\n\t\t\t\t\t\t\t<\/a>\n\t\t\t<span>\n\t\t\tAbschied von Holzminden\t\t\t<\/span>\n\t\t<\/div>\n\t<\/div>\n\t\t\t\t\t\t\t<br style=\"clear: both\" \/>\n\t\t\t\n\t<div id=\"ngg-image-13134\" class=\"ngg-gallery-thumbnail-box\" style=\"width:25%;\" >\n\t\t<div class=\"ngg-gallery-thumbnail\" >\n\t\t\t<a href=\"https:\/\/wernerdeck.de\/blog\/wp-content\/gallery\/fahrt1\/Autofahrt-Von-Holzminden-nach-Waren-10.jpg\"\n\t\t\t\ttitle=\"Die E-Bikes sind geladen\"\n\t\t\t\tclass=\"ngg-simplelightbox\" rel=\"6fa4c004f8a8a4844ff46fb5743b8843\" data-image-id=\"13134\" data-src=\"https:\/\/wernerdeck.de\/blog\/wp-content\/gallery\/fahrt1\/Autofahrt-Von-Holzminden-nach-Waren-10.jpg\" data-thumbnail=\"https:\/\/wernerdeck.de\/blog\/wp-content\/gallery\/fahrt1\/thumbs\/thumbs_Autofahrt-Von-Holzminden-nach-Waren-10.jpg\" data-title=\"Autofahrt-Von-Holzminden-nach-Waren-10\" data-description=\"Die E-Bikes sind geladen\" >\n\t\t\t\t\t\t\t\t<img title=\"Autofahrt-Von-Holzminden-nach-Waren-10\" alt=\"Autofahrt-Von-Holzminden-nach-Waren-10\" src=\"https:\/\/wernerdeck.de\/blog\/wp-content\/gallery\/fahrt1\/thumbs\/thumbs_Autofahrt-Von-Holzminden-nach-Waren-10.jpg\" width='240' height='160' \/>\n\t\t\t\t\t\t\t<\/a>\n\t\t\t<span>\n\t\t\tDie E-Bikes sind geladen\t\t\t<\/span>\n\t\t<\/div>\n\t<\/div>\n\t\t\t\t\t\t\t\t\n\t<div id=\"ngg-image-13132\" class=\"ngg-gallery-thumbnail-box\" style=\"width:25%;\" >\n\t\t<div class=\"ngg-gallery-thumbnail\" >\n\t\t\t<a href=\"https:\/\/wernerdeck.de\/blog\/wp-content\/gallery\/fahrt1\/Autofahrt-Von-Holzminden-nach-Waren-12.jpg\"\n\t\t\t\ttitle=\"Wegen der M\u00fccken an der Seenplatte\"\n\t\t\t\tclass=\"ngg-simplelightbox\" rel=\"6fa4c004f8a8a4844ff46fb5743b8843\" data-image-id=\"13132\" data-src=\"https:\/\/wernerdeck.de\/blog\/wp-content\/gallery\/fahrt1\/Autofahrt-Von-Holzminden-nach-Waren-12.jpg\" data-thumbnail=\"https:\/\/wernerdeck.de\/blog\/wp-content\/gallery\/fahrt1\/thumbs\/thumbs_Autofahrt-Von-Holzminden-nach-Waren-12.jpg\" data-title=\"Autofahrt-Von-Holzminden-nach-Waren-12\" data-description=\"Wegen der M\u00fccken an der Seenplatte\" >\n\t\t\t\t\t\t\t\t<img title=\"Autofahrt-Von-Holzminden-nach-Waren-12\" alt=\"Autofahrt-Von-Holzminden-nach-Waren-12\" src=\"https:\/\/wernerdeck.de\/blog\/wp-content\/gallery\/fahrt1\/thumbs\/thumbs_Autofahrt-Von-Holzminden-nach-Waren-12.jpg\" width='240' height='160' \/>\n\t\t\t\t\t\t\t<\/a>\n\t\t\t<span>\n\t\t\tWegen der M\u00fccken an der Seenplatte\t\t\t<\/span>\n\t\t<\/div>\n\t<\/div>\n\t\t\t\t\t\t\t\t\n\t<div id=\"ngg-image-13136\" class=\"ngg-gallery-thumbnail-box\" style=\"width:25%;\" >\n\t\t<div class=\"ngg-gallery-thumbnail\" >\n\t\t\t<a href=\"https:\/\/wernerdeck.de\/blog\/wp-content\/gallery\/fahrt1\/Autofahrt-Von-Holzminden-nach-Waren-14.jpg\"\n\t\t\t\ttitle=\"Alles ist eingeladen\"\n\t\t\t\tclass=\"ngg-simplelightbox\" rel=\"6fa4c004f8a8a4844ff46fb5743b8843\" data-image-id=\"13136\" data-src=\"https:\/\/wernerdeck.de\/blog\/wp-content\/gallery\/fahrt1\/Autofahrt-Von-Holzminden-nach-Waren-14.jpg\" data-thumbnail=\"https:\/\/wernerdeck.de\/blog\/wp-content\/gallery\/fahrt1\/thumbs\/thumbs_Autofahrt-Von-Holzminden-nach-Waren-14.jpg\" data-title=\"Autofahrt-Von-Holzminden-nach-Waren-14\" data-description=\"Alles ist eingeladen\" >\n\t\t\t\t\t\t\t\t<img title=\"Autofahrt-Von-Holzminden-nach-Waren-14\" alt=\"Autofahrt-Von-Holzminden-nach-Waren-14\" src=\"https:\/\/wernerdeck.de\/blog\/wp-content\/gallery\/fahrt1\/thumbs\/thumbs_Autofahrt-Von-Holzminden-nach-Waren-14.jpg\" width='240' height='160' \/>\n\t\t\t\t\t\t\t<\/a>\n\t\t\t<span>\n\t\t\tAlles ist eingeladen\t\t\t<\/span>\n\t\t<\/div>\n\t<\/div>\n\t\t\t\t\t\t\t\t\n\t<div id=\"ngg-image-13137\" class=\"ngg-gallery-thumbnail-box\" style=\"width:25%;\" >\n\t\t<div class=\"ngg-gallery-thumbnail\" >\n\t\t\t<a href=\"https:\/\/wernerdeck.de\/blog\/wp-content\/gallery\/fahrt1\/Autofahrt-Von-Holzminden-nach-Waren-16.jpg\"\n\t\t\t\ttitle=\"Es geht los\"\n\t\t\t\tclass=\"ngg-simplelightbox\" rel=\"6fa4c004f8a8a4844ff46fb5743b8843\" data-image-id=\"13137\" data-src=\"https:\/\/wernerdeck.de\/blog\/wp-content\/gallery\/fahrt1\/Autofahrt-Von-Holzminden-nach-Waren-16.jpg\" data-thumbnail=\"https:\/\/wernerdeck.de\/blog\/wp-content\/gallery\/fahrt1\/thumbs\/thumbs_Autofahrt-Von-Holzminden-nach-Waren-16.jpg\" data-title=\"Autofahrt-Von-Holzminden-nach-Waren-16\" data-description=\"Es geht los\" >\n\t\t\t\t\t\t\t\t<img title=\"Autofahrt-Von-Holzminden-nach-Waren-16\" alt=\"Autofahrt-Von-Holzminden-nach-Waren-16\" src=\"https:\/\/wernerdeck.de\/blog\/wp-content\/gallery\/fahrt1\/thumbs\/thumbs_Autofahrt-Von-Holzminden-nach-Waren-16.jpg\" width='240' height='160' \/>\n\t\t\t\t\t\t\t<\/a>\n\t\t\t<span>\n\t\t\tEs geht los\t\t\t<\/span>\n\t\t<\/div>\n\t<\/div>\n\t\t\t\t\t\t\t<br style=\"clear: both\" \/>\n\t\t\t\n\t<div id=\"ngg-image-13133\" class=\"ngg-gallery-thumbnail-box\" style=\"width:25%;\" >\n\t\t<div class=\"ngg-gallery-thumbnail\" >\n\t\t\t<a href=\"https:\/\/wernerdeck.de\/blog\/wp-content\/gallery\/fahrt1\/Autofahrt-Von-Holzminden-nach-Waren-18.jpg\"\n\t\t\t\ttitle=\"Unser gut gelaunter Start\"\n\t\t\t\tclass=\"ngg-simplelightbox\" rel=\"6fa4c004f8a8a4844ff46fb5743b8843\" data-image-id=\"13133\" data-src=\"https:\/\/wernerdeck.de\/blog\/wp-content\/gallery\/fahrt1\/Autofahrt-Von-Holzminden-nach-Waren-18.jpg\" data-thumbnail=\"https:\/\/wernerdeck.de\/blog\/wp-content\/gallery\/fahrt1\/thumbs\/thumbs_Autofahrt-Von-Holzminden-nach-Waren-18.jpg\" data-title=\"Autofahrt-Von-Holzminden-nach-Waren-18\" data-description=\"Unser gut gelaunter Start\" >\n\t\t\t\t\t\t\t\t<img title=\"Autofahrt-Von-Holzminden-nach-Waren-18\" alt=\"Autofahrt-Von-Holzminden-nach-Waren-18\" src=\"https:\/\/wernerdeck.de\/blog\/wp-content\/gallery\/fahrt1\/thumbs\/thumbs_Autofahrt-Von-Holzminden-nach-Waren-18.jpg\" width='240' height='160' \/>\n\t\t\t\t\t\t\t<\/a>\n\t\t\t<span>\n\t\t\tUnser gut gelaunter Start\t\t\t<\/span>\n\t\t<\/div>\n\t<\/div>\n\t\t\t\t\t\t\t\t\n\t<div id=\"ngg-image-13138\" class=\"ngg-gallery-thumbnail-box\" style=\"width:25%;\" >\n\t\t<div class=\"ngg-gallery-thumbnail\" >\n\t\t\t<a href=\"https:\/\/wernerdeck.de\/blog\/wp-content\/gallery\/fahrt1\/Autofahrt-Von-Holzminden-nach-Waren-20.jpg\"\n\t\t\t\ttitle=\"Das Navi ist eingestellt\"\n\t\t\t\tclass=\"ngg-simplelightbox\" rel=\"6fa4c004f8a8a4844ff46fb5743b8843\" data-image-id=\"13138\" data-src=\"https:\/\/wernerdeck.de\/blog\/wp-content\/gallery\/fahrt1\/Autofahrt-Von-Holzminden-nach-Waren-20.jpg\" data-thumbnail=\"https:\/\/wernerdeck.de\/blog\/wp-content\/gallery\/fahrt1\/thumbs\/thumbs_Autofahrt-Von-Holzminden-nach-Waren-20.jpg\" data-title=\"Autofahrt-Von-Holzminden-nach-Waren-20\" data-description=\"Das Navi ist eingestellt\" >\n\t\t\t\t\t\t\t\t<img title=\"Autofahrt-Von-Holzminden-nach-Waren-20\" alt=\"Autofahrt-Von-Holzminden-nach-Waren-20\" src=\"https:\/\/wernerdeck.de\/blog\/wp-content\/gallery\/fahrt1\/thumbs\/thumbs_Autofahrt-Von-Holzminden-nach-Waren-20.jpg\" width='240' height='160' \/>\n\t\t\t\t\t\t\t<\/a>\n\t\t\t<span>\n\t\t\tDas Navi ist eingestellt\t\t\t<\/span>\n\t\t<\/div>\n\t<\/div>\n\t\t\t\t\t\t\t\t\n\t<div id=\"ngg-image-13139\" class=\"ngg-gallery-thumbnail-box\" style=\"width:25%;\" >\n\t\t<div class=\"ngg-gallery-thumbnail\" >\n\t\t\t<a href=\"https:\/\/wernerdeck.de\/blog\/wp-content\/gallery\/fahrt1\/Autofahrt-Von-Holzminden-nach-Waren-22.jpg\"\n\t\t\t\ttitle=\"Routinierter Fahrer\"\n\t\t\t\tclass=\"ngg-simplelightbox\" rel=\"6fa4c004f8a8a4844ff46fb5743b8843\" data-image-id=\"13139\" data-src=\"https:\/\/wernerdeck.de\/blog\/wp-content\/gallery\/fahrt1\/Autofahrt-Von-Holzminden-nach-Waren-22.jpg\" data-thumbnail=\"https:\/\/wernerdeck.de\/blog\/wp-content\/gallery\/fahrt1\/thumbs\/thumbs_Autofahrt-Von-Holzminden-nach-Waren-22.jpg\" data-title=\"Autofahrt-Von-Holzminden-nach-Waren-22\" data-description=\"Routinierter Fahrer\" >\n\t\t\t\t\t\t\t\t<img title=\"Autofahrt-Von-Holzminden-nach-Waren-22\" alt=\"Autofahrt-Von-Holzminden-nach-Waren-22\" src=\"https:\/\/wernerdeck.de\/blog\/wp-content\/gallery\/fahrt1\/thumbs\/thumbs_Autofahrt-Von-Holzminden-nach-Waren-22.jpg\" width='240' height='160' \/>\n\t\t\t\t\t\t\t<\/a>\n\t\t\t<span>\n\t\t\tRoutinierter Fahrer\t\t\t<\/span>\n\t\t<\/div>\n\t<\/div>\n\t\t\t\t\t\t\t\t\n\t<div id=\"ngg-image-13140\" class=\"ngg-gallery-thumbnail-box\" style=\"width:25%;\" >\n\t\t<div class=\"ngg-gallery-thumbnail\" >\n\t\t\t<a href=\"https:\/\/wernerdeck.de\/blog\/wp-content\/gallery\/fahrt1\/Autofahrt-Von-Holzminden-nach-Waren-24.jpg\"\n\t\t\t\ttitle=\"Rast \u2013 alte Zonengrenze bei Brome\n\n\"\n\t\t\t\tclass=\"ngg-simplelightbox\" rel=\"6fa4c004f8a8a4844ff46fb5743b8843\" data-image-id=\"13140\" data-src=\"https:\/\/wernerdeck.de\/blog\/wp-content\/gallery\/fahrt1\/Autofahrt-Von-Holzminden-nach-Waren-24.jpg\" data-thumbnail=\"https:\/\/wernerdeck.de\/blog\/wp-content\/gallery\/fahrt1\/thumbs\/thumbs_Autofahrt-Von-Holzminden-nach-Waren-24.jpg\" data-title=\"Parkplatzpause an der ehemaligen innerdeutschen Grenze bei Brome\" data-description=\"Rast \u2013 alte Zonengrenze bei Brome\n\n\" >\n\t\t\t\t\t\t\t\t<img title=\"Parkplatzpause an der ehemaligen innerdeutschen Grenze bei Brome\" alt=\"Parkplatzpause an der ehemaligen innerdeutschen Grenze bei Brome\" src=\"https:\/\/wernerdeck.de\/blog\/wp-content\/gallery\/fahrt1\/thumbs\/thumbs_Autofahrt-Von-Holzminden-nach-Waren-24.jpg\" width='240' height='160' \/>\n\t\t\t\t\t\t\t<\/a>\n\t\t\t<span>\n\t\t\tRast \u2013 alte Zonengrenze bei Brome\n\n\t\t\t<\/span>\n\t\t<\/div>\n\t<\/div>\n\t\t\t\t\t\t\t<br style=\"clear: both\" \/>\n\t\t\t\n\t<div id=\"ngg-image-13141\" class=\"ngg-gallery-thumbnail-box\" style=\"width:25%;\" >\n\t\t<div class=\"ngg-gallery-thumbnail\" >\n\t\t\t<a href=\"https:\/\/wernerdeck.de\/blog\/wp-content\/gallery\/fahrt1\/Autofahrt-Von-Holzminden-nach-Waren-26.jpg\"\n\t\t\t\ttitle=\"Kaffee mit Sandwich\"\n\t\t\t\tclass=\"ngg-simplelightbox\" rel=\"6fa4c004f8a8a4844ff46fb5743b8843\" data-image-id=\"13141\" data-src=\"https:\/\/wernerdeck.de\/blog\/wp-content\/gallery\/fahrt1\/Autofahrt-Von-Holzminden-nach-Waren-26.jpg\" data-thumbnail=\"https:\/\/wernerdeck.de\/blog\/wp-content\/gallery\/fahrt1\/thumbs\/thumbs_Autofahrt-Von-Holzminden-nach-Waren-26.jpg\" data-title=\"Parkplatzpause an der ehemaligen innerdeutschen Grenze bei Brome\" data-description=\"Kaffee mit Sandwich\" >\n\t\t\t\t\t\t\t\t<img title=\"Parkplatzpause an der ehemaligen innerdeutschen Grenze bei Brome\" alt=\"Parkplatzpause an der ehemaligen innerdeutschen Grenze bei Brome\" src=\"https:\/\/wernerdeck.de\/blog\/wp-content\/gallery\/fahrt1\/thumbs\/thumbs_Autofahrt-Von-Holzminden-nach-Waren-26.jpg\" width='240' height='160' \/>\n\t\t\t\t\t\t\t<\/a>\n\t\t\t<span>\n\t\t\tKaffee mit Sandwich\t\t\t<\/span>\n\t\t<\/div>\n\t<\/div>\n\t\t\t\t\t\t\t\t\n\t<div id=\"ngg-image-13144\" class=\"ngg-gallery-thumbnail-box\" style=\"width:25%;\" >\n\t\t<div class=\"ngg-gallery-thumbnail\" >\n\t\t\t<a href=\"https:\/\/wernerdeck.de\/blog\/wp-content\/gallery\/fahrt1\/Autofahrt-Von-Holzminden-nach-Waren-28.jpg\"\n\t\t\t\ttitle=\"Moon am Parkplatzrand\"\n\t\t\t\tclass=\"ngg-simplelightbox\" rel=\"6fa4c004f8a8a4844ff46fb5743b8843\" data-image-id=\"13144\" data-src=\"https:\/\/wernerdeck.de\/blog\/wp-content\/gallery\/fahrt1\/Autofahrt-Von-Holzminden-nach-Waren-28.jpg\" data-thumbnail=\"https:\/\/wernerdeck.de\/blog\/wp-content\/gallery\/fahrt1\/thumbs\/thumbs_Autofahrt-Von-Holzminden-nach-Waren-28.jpg\" data-title=\"Autofahrt-Von-Holzminden-nach-Waren-Monn auf dem Parkplatz\" data-description=\"Moon am Parkplatzrand\" >\n\t\t\t\t\t\t\t\t<img title=\"Autofahrt-Von-Holzminden-nach-Waren-Monn auf dem Parkplatz\" alt=\"Autofahrt-Von-Holzminden-nach-Waren-Monn auf dem Parkplatz\" src=\"https:\/\/wernerdeck.de\/blog\/wp-content\/gallery\/fahrt1\/thumbs\/thumbs_Autofahrt-Von-Holzminden-nach-Waren-28.jpg\" width='240' height='160' \/>\n\t\t\t\t\t\t\t<\/a>\n\t\t\t<span>\n\t\t\tMoon am Parkplatzrand\t\t\t<\/span>\n\t\t<\/div>\n\t<\/div>\n\t\t\t\t\t\t\t\t\n\t<div id=\"ngg-image-13142\" class=\"ngg-gallery-thumbnail-box\" style=\"width:25%;\" >\n\t\t<div class=\"ngg-gallery-thumbnail\" >\n\t\t\t<a href=\"https:\/\/wernerdeck.de\/blog\/wp-content\/gallery\/fahrt1\/Autofahrt-Von-Holzminden-nach-Waren-30.jpg\"\n\t\t\t\ttitle=\"Roter Moon\"\n\t\t\t\tclass=\"ngg-simplelightbox\" rel=\"6fa4c004f8a8a4844ff46fb5743b8843\" data-image-id=\"13142\" data-src=\"https:\/\/wernerdeck.de\/blog\/wp-content\/gallery\/fahrt1\/Autofahrt-Von-Holzminden-nach-Waren-30.jpg\" data-thumbnail=\"https:\/\/wernerdeck.de\/blog\/wp-content\/gallery\/fahrt1\/thumbs\/thumbs_Autofahrt-Von-Holzminden-nach-Waren-30.jpg\" data-title=\"Autofahrt-Von-Holzminden-nach-Waren-Monn auf dem Parkplatz\" data-description=\"Roter Moon\" >\n\t\t\t\t\t\t\t\t<img title=\"Autofahrt-Von-Holzminden-nach-Waren-Monn auf dem Parkplatz\" alt=\"Autofahrt-Von-Holzminden-nach-Waren-Monn auf dem Parkplatz\" src=\"https:\/\/wernerdeck.de\/blog\/wp-content\/gallery\/fahrt1\/thumbs\/thumbs_Autofahrt-Von-Holzminden-nach-Waren-30.jpg\" width='240' height='160' \/>\n\t\t\t\t\t\t\t<\/a>\n\t\t\t<span>\n\t\t\tRoter Moon\t\t\t<\/span>\n\t\t<\/div>\n\t<\/div>\n\t\t\t\t\t\t\t\t\n\t<div id=\"ngg-image-13143\" class=\"ngg-gallery-thumbnail-box\" style=\"width:25%;\" >\n\t\t<div class=\"ngg-gallery-thumbnail\" >\n\t\t\t<a href=\"https:\/\/wernerdeck.de\/blog\/wp-content\/gallery\/fahrt1\/Autofahrt-Von-Holzminden-nach-Waren-32.jpg\"\n\t\t\t\ttitle=\"Gleich geht es weiter\"\n\t\t\t\tclass=\"ngg-simplelightbox\" rel=\"6fa4c004f8a8a4844ff46fb5743b8843\" data-image-id=\"13143\" data-src=\"https:\/\/wernerdeck.de\/blog\/wp-content\/gallery\/fahrt1\/Autofahrt-Von-Holzminden-nach-Waren-32.jpg\" data-thumbnail=\"https:\/\/wernerdeck.de\/blog\/wp-content\/gallery\/fahrt1\/thumbs\/thumbs_Autofahrt-Von-Holzminden-nach-Waren-32.jpg\" data-title=\"Autofahrt-Von-Holzminden-nach-Waren-weiter geht es \" data-description=\"Gleich geht es weiter\" >\n\t\t\t\t\t\t\t\t<img title=\"Autofahrt-Von-Holzminden-nach-Waren-weiter geht es \" alt=\"Autofahrt-Von-Holzminden-nach-Waren-weiter geht es \" src=\"https:\/\/wernerdeck.de\/blog\/wp-content\/gallery\/fahrt1\/thumbs\/thumbs_Autofahrt-Von-Holzminden-nach-Waren-32.jpg\" width='240' height='160' \/>\n\t\t\t\t\t\t\t<\/a>\n\t\t\t<span>\n\t\t\tGleich geht es weiter\t\t\t<\/span>\n\t\t<\/div>\n\t<\/div>\n\t\t\t\t\t\t\t<br style=\"clear: both\" \/>\n\t\t\t\n\t<!-- Pagination -->\n\t\t<div class='ngg-clear'><\/div>\t\n<\/div>\n\n\tEigentlich versprach der Wetterbericht noch vor wenigen Tagen Sonne pur f\u00fcr die Mecklenburger Seenplatte. Jetzt? Windb\u00f6en, Regen, m\u00f6glicherweise Dauergrau. Wir hoffen weiter.<\/p>\n<p>Je n\u00e4her wir Waren kamen, desto dunkler der Himmel. Wind wurde zum Sturm, Regen setzte ein. Temperatursturz auf 13 \u00b0C. Um 15:55 Uhr endlich Ankunft am \u201eHotel zur Sonne\u201c in Waren an der M\u00fcritz.<\/p>\n<p>\n<div class=\"ngg-galleryoverview ngg-template-caption\" id=\"ngg-gallery-b0f01604649e03ade5041c71172e26b6-27388\">\n\n\t\t\n\t<!-- Thumbnails -->\n\t\t\t\t\t\n\t<div id=\"ngg-image-13147\" class=\"ngg-gallery-thumbnail-box\" style=\"width:25%;\" >\n\t\t<div class=\"ngg-gallery-thumbnail\" >\n\t\t\t<a href=\"https:\/\/wernerdeck.de\/blog\/wp-content\/gallery\/ankunft-1\/Autofahrt-nach-Waren-02.jpg\"\n\t\t\t\ttitle=\"Waren in Sicht\"\n\t\t\t\tclass=\"ngg-simplelightbox\" rel=\"b0f01604649e03ade5041c71172e26b6\" data-image-id=\"13147\" data-src=\"https:\/\/wernerdeck.de\/blog\/wp-content\/gallery\/ankunft-1\/Autofahrt-nach-Waren-02.jpg\" data-thumbnail=\"https:\/\/wernerdeck.de\/blog\/wp-content\/gallery\/ankunft-1\/thumbs\/thumbs_Autofahrt-nach-Waren-02.jpg\" data-title=\"Autofahrt-nach-Waren-02\" data-description=\"Waren in Sicht\" >\n\t\t\t\t\t\t\t\t<img title=\"Autofahrt-nach-Waren-02\" alt=\"Autofahrt-nach-Waren-02\" src=\"https:\/\/wernerdeck.de\/blog\/wp-content\/gallery\/ankunft-1\/thumbs\/thumbs_Autofahrt-nach-Waren-02.jpg\" width='240' height='160' \/>\n\t\t\t\t\t\t\t<\/a>\n\t\t\t<span>\n\t\t\tWaren in Sicht\t\t\t<\/span>\n\t\t<\/div>\n\t<\/div>\n\t\t\t\t\t\t\t\t\n\t<div id=\"ngg-image-13145\" class=\"ngg-gallery-thumbnail-box\" style=\"width:25%;\" >\n\t\t<div class=\"ngg-gallery-thumbnail\" >\n\t\t\t<a href=\"https:\/\/wernerdeck.de\/blog\/wp-content\/gallery\/ankunft-1\/Autofahrt-nach-Waren-04.jpg\"\n\t\t\t\ttitle=\"Unser Ziel\"\n\t\t\t\tclass=\"ngg-simplelightbox\" rel=\"b0f01604649e03ade5041c71172e26b6\" data-image-id=\"13145\" data-src=\"https:\/\/wernerdeck.de\/blog\/wp-content\/gallery\/ankunft-1\/Autofahrt-nach-Waren-04.jpg\" data-thumbnail=\"https:\/\/wernerdeck.de\/blog\/wp-content\/gallery\/ankunft-1\/thumbs\/thumbs_Autofahrt-nach-Waren-04.jpg\" data-title=\"Autofahrt-nach-Waren-04\" data-description=\"Unser Ziel\" >\n\t\t\t\t\t\t\t\t<img title=\"Autofahrt-nach-Waren-04\" alt=\"Autofahrt-nach-Waren-04\" src=\"https:\/\/wernerdeck.de\/blog\/wp-content\/gallery\/ankunft-1\/thumbs\/thumbs_Autofahrt-nach-Waren-04.jpg\" width='240' height='160' \/>\n\t\t\t\t\t\t\t<\/a>\n\t\t\t<span>\n\t\t\tUnser Ziel\t\t\t<\/span>\n\t\t<\/div>\n\t<\/div>\n\t\t\t\t\t\t\t\t\n\t<div id=\"ngg-image-13149\" class=\"ngg-gallery-thumbnail-box\" style=\"width:25%;\" >\n\t\t<div class=\"ngg-gallery-thumbnail\" >\n\t\t\t<a href=\"https:\/\/wernerdeck.de\/blog\/wp-content\/gallery\/ankunft-1\/Autofahrt-nach-Waren-06.jpg\"\n\t\t\t\ttitle=\"Dunkle Wolken und Wind\"\n\t\t\t\tclass=\"ngg-simplelightbox\" rel=\"b0f01604649e03ade5041c71172e26b6\" data-image-id=\"13149\" data-src=\"https:\/\/wernerdeck.de\/blog\/wp-content\/gallery\/ankunft-1\/Autofahrt-nach-Waren-06.jpg\" data-thumbnail=\"https:\/\/wernerdeck.de\/blog\/wp-content\/gallery\/ankunft-1\/thumbs\/thumbs_Autofahrt-nach-Waren-06.jpg\" data-title=\"Autofahrt-nach-Waren-06\" data-description=\"Dunkle Wolken und Wind\" >\n\t\t\t\t\t\t\t\t<img title=\"Autofahrt-nach-Waren-06\" alt=\"Autofahrt-nach-Waren-06\" src=\"https:\/\/wernerdeck.de\/blog\/wp-content\/gallery\/ankunft-1\/thumbs\/thumbs_Autofahrt-nach-Waren-06.jpg\" width='240' height='160' \/>\n\t\t\t\t\t\t\t<\/a>\n\t\t\t<span>\n\t\t\tDunkle Wolken und Wind\t\t\t<\/span>\n\t\t<\/div>\n\t<\/div>\n\t\t\t\t\t\t\t\t\n\t<div id=\"ngg-image-13148\" class=\"ngg-gallery-thumbnail-box\" style=\"width:25%;\" >\n\t\t<div class=\"ngg-gallery-thumbnail\" >\n\t\t\t<a href=\"https:\/\/wernerdeck.de\/blog\/wp-content\/gallery\/ankunft-1\/Autofahrt-nach-Waren-08.jpg\"\n\t\t\t\ttitle=\"Regen setzt ein\"\n\t\t\t\tclass=\"ngg-simplelightbox\" rel=\"b0f01604649e03ade5041c71172e26b6\" data-image-id=\"13148\" data-src=\"https:\/\/wernerdeck.de\/blog\/wp-content\/gallery\/ankunft-1\/Autofahrt-nach-Waren-08.jpg\" data-thumbnail=\"https:\/\/wernerdeck.de\/blog\/wp-content\/gallery\/ankunft-1\/thumbs\/thumbs_Autofahrt-nach-Waren-08.jpg\" data-title=\"Autofahrt-nach-Waren-08\" data-description=\"Regen setzt ein\" >\n\t\t\t\t\t\t\t\t<img title=\"Autofahrt-nach-Waren-08\" alt=\"Autofahrt-nach-Waren-08\" src=\"https:\/\/wernerdeck.de\/blog\/wp-content\/gallery\/ankunft-1\/thumbs\/thumbs_Autofahrt-nach-Waren-08.jpg\" width='240' height='160' \/>\n\t\t\t\t\t\t\t<\/a>\n\t\t\t<span>\n\t\t\tRegen setzt ein\t\t\t<\/span>\n\t\t<\/div>\n\t<\/div>\n\t\t\t\t\t\t\t<br style=\"clear: both\" \/>\n\t\t\t\n\t<div id=\"ngg-image-13146\" class=\"ngg-gallery-thumbnail-box\" style=\"width:25%;\" >\n\t\t<div class=\"ngg-gallery-thumbnail\" >\n\t\t\t<a href=\"https:\/\/wernerdeck.de\/blog\/wp-content\/gallery\/ankunft-1\/Autofahrt-nach-Waren-10.jpg\"\n\t\t\t\ttitle=\"Temperatursturz\"\n\t\t\t\tclass=\"ngg-simplelightbox\" rel=\"b0f01604649e03ade5041c71172e26b6\" data-image-id=\"13146\" data-src=\"https:\/\/wernerdeck.de\/blog\/wp-content\/gallery\/ankunft-1\/Autofahrt-nach-Waren-10.jpg\" data-thumbnail=\"https:\/\/wernerdeck.de\/blog\/wp-content\/gallery\/ankunft-1\/thumbs\/thumbs_Autofahrt-nach-Waren-10.jpg\" data-title=\"Autofahrt-nach-Waren-10\" data-description=\"Temperatursturz\" >\n\t\t\t\t\t\t\t\t<img title=\"Autofahrt-nach-Waren-10\" alt=\"Autofahrt-nach-Waren-10\" src=\"https:\/\/wernerdeck.de\/blog\/wp-content\/gallery\/ankunft-1\/thumbs\/thumbs_Autofahrt-nach-Waren-10.jpg\" width='240' height='160' \/>\n\t\t\t\t\t\t\t<\/a>\n\t\t\t<span>\n\t\t\tTemperatursturz\t\t\t<\/span>\n\t\t<\/div>\n\t<\/div>\n\t\t\t\t\t\t\t\t\n\t<div id=\"ngg-image-13150\" class=\"ngg-gallery-thumbnail-box\" style=\"width:25%;\" >\n\t\t<div class=\"ngg-gallery-thumbnail\" >\n\t\t\t<a href=\"https:\/\/wernerdeck.de\/blog\/wp-content\/gallery\/ankunft-1\/Autofahrt-nach-Waren-12.jpg\"\n\t\t\t\ttitle=\"Ortsschild Waren\"\n\t\t\t\tclass=\"ngg-simplelightbox\" rel=\"b0f01604649e03ade5041c71172e26b6\" data-image-id=\"13150\" data-src=\"https:\/\/wernerdeck.de\/blog\/wp-content\/gallery\/ankunft-1\/Autofahrt-nach-Waren-12.jpg\" data-thumbnail=\"https:\/\/wernerdeck.de\/blog\/wp-content\/gallery\/ankunft-1\/thumbs\/thumbs_Autofahrt-nach-Waren-12.jpg\" data-title=\"Autofahrt-nach-Waren-12\" data-description=\"Ortsschild Waren\" >\n\t\t\t\t\t\t\t\t<img title=\"Autofahrt-nach-Waren-12\" alt=\"Autofahrt-nach-Waren-12\" src=\"https:\/\/wernerdeck.de\/blog\/wp-content\/gallery\/ankunft-1\/thumbs\/thumbs_Autofahrt-nach-Waren-12.jpg\" width='240' height='160' \/>\n\t\t\t\t\t\t\t<\/a>\n\t\t\t<span>\n\t\t\tOrtsschild Waren\t\t\t<\/span>\n\t\t<\/div>\n\t<\/div>\n\t\t\t\t\t\t\t\t\n\t<div id=\"ngg-image-13151\" class=\"ngg-gallery-thumbnail-box\" style=\"width:25%;\" >\n\t\t<div class=\"ngg-gallery-thumbnail\" >\n\t\t\t<a href=\"https:\/\/wernerdeck.de\/blog\/wp-content\/gallery\/ankunft-1\/Autofahrt-nach-Waren-14.jpg\"\n\t\t\t\ttitle=\"Unser Hotel zur Sonne\"\n\t\t\t\tclass=\"ngg-simplelightbox\" rel=\"b0f01604649e03ade5041c71172e26b6\" data-image-id=\"13151\" data-src=\"https:\/\/wernerdeck.de\/blog\/wp-content\/gallery\/ankunft-1\/Autofahrt-nach-Waren-14.jpg\" data-thumbnail=\"https:\/\/wernerdeck.de\/blog\/wp-content\/gallery\/ankunft-1\/thumbs\/thumbs_Autofahrt-nach-Waren-14.jpg\" data-title=\"Autofahrt-nach-Waren-14\" data-description=\"Unser Hotel zur Sonne\" >\n\t\t\t\t\t\t\t\t<img title=\"Autofahrt-nach-Waren-14\" alt=\"Autofahrt-nach-Waren-14\" src=\"https:\/\/wernerdeck.de\/blog\/wp-content\/gallery\/ankunft-1\/thumbs\/thumbs_Autofahrt-nach-Waren-14.jpg\" width='240' height='160' \/>\n\t\t\t\t\t\t\t<\/a>\n\t\t\t<span>\n\t\t\tUnser Hotel zur Sonne\t\t\t<\/span>\n\t\t<\/div>\n\t<\/div>\n\t\t\t\t\t\t\t\t\n\t<div id=\"ngg-image-13152\" class=\"ngg-gallery-thumbnail-box\" style=\"width:25%;\" >\n\t\t<div class=\"ngg-gallery-thumbnail\" >\n\t\t\t<a href=\"https:\/\/wernerdeck.de\/blog\/wp-content\/gallery\/ankunft-1\/Autofahrt-nach-Waren-16.jpg\"\n\t\t\t\ttitle=\"Parken und einchecken\"\n\t\t\t\tclass=\"ngg-simplelightbox\" rel=\"b0f01604649e03ade5041c71172e26b6\" data-image-id=\"13152\" data-src=\"https:\/\/wernerdeck.de\/blog\/wp-content\/gallery\/ankunft-1\/Autofahrt-nach-Waren-16.jpg\" data-thumbnail=\"https:\/\/wernerdeck.de\/blog\/wp-content\/gallery\/ankunft-1\/thumbs\/thumbs_Autofahrt-nach-Waren-16.jpg\" data-title=\"Autofahrt-nach-Waren-16\" data-description=\"Parken und einchecken\" >\n\t\t\t\t\t\t\t\t<img title=\"Autofahrt-nach-Waren-16\" alt=\"Autofahrt-nach-Waren-16\" src=\"https:\/\/wernerdeck.de\/blog\/wp-content\/gallery\/ankunft-1\/thumbs\/thumbs_Autofahrt-nach-Waren-16.jpg\" width='240' height='160' \/>\n\t\t\t\t\t\t\t<\/a>\n\t\t\t<span>\n\t\t\tParken und einchecken\t\t\t<\/span>\n\t\t<\/div>\n\t<\/div>\n\t\t\t\t\t\t\t<br style=\"clear: both\" \/>\n\t\t\t\n\t<!-- Pagination -->\n\t\t<div class='ngg-clear'><\/div>\t\n<\/div>\n\n\tWaren liegt direkt an der M\u00fcritz, dem gr\u00f6\u00dften See Deutschlands (innerhalb der Landesgrenzen). Die historische Altstadt ist ein Schmuckst\u00fcck mit Hafen, Fachwerkh\u00e4usern und dem M\u00e4rktchen. Eigentlich ein Muss: das <a href=\"https:\/\/www.mueritzeum.de\/\" target=\"_blank\" rel=\"noopener\">M\u00fcritzeum<\/a> \u2013 mit dem gr\u00f6\u00dften S\u00fc\u00dfwasseraquarium Deutschlands. Daf\u00fcr blieb leider keine Zeit.<\/p>\n<p>Regenpause: Wir checkten ein, parkten um, trugen unser Gep\u00e4ck ins Zimmer. Um 18 Uhr trafen wir uns in der Lobby \u2013 auf zum Abendessen. Erich kennt sich hier aus. Die Sonne zeigte sich nun doch noch kurz. Ein Spaziergang in die Altstadt machte richtig Freude.<\/p>\n<p>\n<div class=\"ngg-galleryoverview ngg-template-caption\" id=\"ngg-gallery-3a64d860afe1e7c108aee8a882969244-27388\">\n\n\t\t\n\t<!-- Thumbnails -->\n\t\t\t\t\t\n\t<div id=\"ngg-image-13153\" class=\"ngg-gallery-thumbnail-box\" style=\"width:25%;\" >\n\t\t<div class=\"ngg-gallery-thumbnail\" >\n\t\t\t<a href=\"https:\/\/wernerdeck.de\/blog\/wp-content\/gallery\/altstadt-waren\/Spaziergang-durch-die-Altstadt-von-Waren-02.jpg\"\n\t\t\t\ttitle=\"Vom Hotel zur Altstadt\"\n\t\t\t\tclass=\"ngg-simplelightbox\" rel=\"3a64d860afe1e7c108aee8a882969244\" data-image-id=\"13153\" data-src=\"https:\/\/wernerdeck.de\/blog\/wp-content\/gallery\/altstadt-waren\/Spaziergang-durch-die-Altstadt-von-Waren-02.jpg\" data-thumbnail=\"https:\/\/wernerdeck.de\/blog\/wp-content\/gallery\/altstadt-waren\/thumbs\/thumbs_Spaziergang-durch-die-Altstadt-von-Waren-02.jpg\" data-title=\"Spaziergang-durch-die-Altstadt-von-Waren-02\" data-description=\"Vom Hotel zur Altstadt\" >\n\t\t\t\t\t\t\t\t<img title=\"Spaziergang-durch-die-Altstadt-von-Waren-02\" alt=\"Spaziergang-durch-die-Altstadt-von-Waren-02\" src=\"https:\/\/wernerdeck.de\/blog\/wp-content\/gallery\/altstadt-waren\/thumbs\/thumbs_Spaziergang-durch-die-Altstadt-von-Waren-02.jpg\" width='240' height='160' \/>\n\t\t\t\t\t\t\t<\/a>\n\t\t\t<span>\n\t\t\tVom Hotel zur Altstadt\t\t\t<\/span>\n\t\t<\/div>\n\t<\/div>\n\t\t\t\t\t\t\t\t\n\t<div id=\"ngg-image-13157\" class=\"ngg-gallery-thumbnail-box\" style=\"width:25%;\" >\n\t\t<div class=\"ngg-gallery-thumbnail\" >\n\t\t\t<a href=\"https:\/\/wernerdeck.de\/blog\/wp-content\/gallery\/altstadt-waren\/Spaziergang-durch-die-Altstadt-von-Waren-03.jpg\"\n\t\t\t\ttitle=\"Historische Altstadt Waren\"\n\t\t\t\tclass=\"ngg-simplelightbox\" rel=\"3a64d860afe1e7c108aee8a882969244\" data-image-id=\"13157\" data-src=\"https:\/\/wernerdeck.de\/blog\/wp-content\/gallery\/altstadt-waren\/Spaziergang-durch-die-Altstadt-von-Waren-03.jpg\" data-thumbnail=\"https:\/\/wernerdeck.de\/blog\/wp-content\/gallery\/altstadt-waren\/thumbs\/thumbs_Spaziergang-durch-die-Altstadt-von-Waren-03.jpg\" data-title=\"Spaziergang-durch-die-Altstadt-von-Waren-03\" data-description=\"Historische Altstadt Waren\" >\n\t\t\t\t\t\t\t\t<img title=\"Spaziergang-durch-die-Altstadt-von-Waren-03\" alt=\"Spaziergang-durch-die-Altstadt-von-Waren-03\" src=\"https:\/\/wernerdeck.de\/blog\/wp-content\/gallery\/altstadt-waren\/thumbs\/thumbs_Spaziergang-durch-die-Altstadt-von-Waren-03.jpg\" width='240' height='160' \/>\n\t\t\t\t\t\t\t<\/a>\n\t\t\t<span>\n\t\t\tHistorische Altstadt Waren\t\t\t<\/span>\n\t\t<\/div>\n\t<\/div>\n\t\t\t\t\t\t\t\t\n\t<div id=\"ngg-image-13154\" class=\"ngg-gallery-thumbnail-box\" style=\"width:25%;\" >\n\t\t<div class=\"ngg-gallery-thumbnail\" >\n\t\t\t<a href=\"https:\/\/wernerdeck.de\/blog\/wp-content\/gallery\/altstadt-waren\/Spaziergang-durch-die-Altstadt-von-Waren-04.jpg\"\n\t\t\t\ttitle=\"Beschauliche Gassen\"\n\t\t\t\tclass=\"ngg-simplelightbox\" rel=\"3a64d860afe1e7c108aee8a882969244\" data-image-id=\"13154\" data-src=\"https:\/\/wernerdeck.de\/blog\/wp-content\/gallery\/altstadt-waren\/Spaziergang-durch-die-Altstadt-von-Waren-04.jpg\" data-thumbnail=\"https:\/\/wernerdeck.de\/blog\/wp-content\/gallery\/altstadt-waren\/thumbs\/thumbs_Spaziergang-durch-die-Altstadt-von-Waren-04.jpg\" data-title=\"Spaziergang-durch-die-Altstadt-von-Waren-04\" data-description=\"Beschauliche Gassen\" >\n\t\t\t\t\t\t\t\t<img title=\"Spaziergang-durch-die-Altstadt-von-Waren-04\" alt=\"Spaziergang-durch-die-Altstadt-von-Waren-04\" src=\"https:\/\/wernerdeck.de\/blog\/wp-content\/gallery\/altstadt-waren\/thumbs\/thumbs_Spaziergang-durch-die-Altstadt-von-Waren-04.jpg\" width='240' height='160' \/>\n\t\t\t\t\t\t\t<\/a>\n\t\t\t<span>\n\t\t\tBeschauliche Gassen\t\t\t<\/span>\n\t\t<\/div>\n\t<\/div>\n\t\t\t\t\t\t\t\t\n\t<div id=\"ngg-image-13158\" class=\"ngg-gallery-thumbnail-box\" style=\"width:25%;\" >\n\t\t<div class=\"ngg-gallery-thumbnail\" >\n\t\t\t<a href=\"https:\/\/wernerdeck.de\/blog\/wp-content\/gallery\/altstadt-waren\/Spaziergang-durch-die-Altstadt-von-Waren-06.jpg\"\n\t\t\t\ttitle=\"Attraktive Restaurants\"\n\t\t\t\tclass=\"ngg-simplelightbox\" rel=\"3a64d860afe1e7c108aee8a882969244\" data-image-id=\"13158\" data-src=\"https:\/\/wernerdeck.de\/blog\/wp-content\/gallery\/altstadt-waren\/Spaziergang-durch-die-Altstadt-von-Waren-06.jpg\" data-thumbnail=\"https:\/\/wernerdeck.de\/blog\/wp-content\/gallery\/altstadt-waren\/thumbs\/thumbs_Spaziergang-durch-die-Altstadt-von-Waren-06.jpg\" data-title=\"Spaziergang-durch-die-Altstadt-von-Waren-06\" data-description=\"Attraktive Restaurants\" >\n\t\t\t\t\t\t\t\t<img title=\"Spaziergang-durch-die-Altstadt-von-Waren-06\" alt=\"Spaziergang-durch-die-Altstadt-von-Waren-06\" src=\"https:\/\/wernerdeck.de\/blog\/wp-content\/gallery\/altstadt-waren\/thumbs\/thumbs_Spaziergang-durch-die-Altstadt-von-Waren-06.jpg\" width='240' height='160' \/>\n\t\t\t\t\t\t\t<\/a>\n\t\t\t<span>\n\t\t\tAttraktive Restaurants\t\t\t<\/span>\n\t\t<\/div>\n\t<\/div>\n\t\t\t\t\t\t\t<br style=\"clear: both\" \/>\n\t\t\t\n\t<div id=\"ngg-image-13156\" class=\"ngg-gallery-thumbnail-box\" style=\"width:25%;\" >\n\t\t<div class=\"ngg-gallery-thumbnail\" >\n\t\t\t<a href=\"https:\/\/wernerdeck.de\/blog\/wp-content\/gallery\/altstadt-waren\/Spaziergang-durch-die-Altstadt-von-Waren-08.jpg\"\n\t\t\t\ttitle=\"Rund um den Marktplatz\"\n\t\t\t\tclass=\"ngg-simplelightbox\" rel=\"3a64d860afe1e7c108aee8a882969244\" data-image-id=\"13156\" data-src=\"https:\/\/wernerdeck.de\/blog\/wp-content\/gallery\/altstadt-waren\/Spaziergang-durch-die-Altstadt-von-Waren-08.jpg\" data-thumbnail=\"https:\/\/wernerdeck.de\/blog\/wp-content\/gallery\/altstadt-waren\/thumbs\/thumbs_Spaziergang-durch-die-Altstadt-von-Waren-08.jpg\" data-title=\"Spaziergang-durch-die-Altstadt-von-Waren-08\" data-description=\"Rund um den Marktplatz\" >\n\t\t\t\t\t\t\t\t<img title=\"Spaziergang-durch-die-Altstadt-von-Waren-08\" alt=\"Spaziergang-durch-die-Altstadt-von-Waren-08\" src=\"https:\/\/wernerdeck.de\/blog\/wp-content\/gallery\/altstadt-waren\/thumbs\/thumbs_Spaziergang-durch-die-Altstadt-von-Waren-08.jpg\" width='240' height='160' \/>\n\t\t\t\t\t\t\t<\/a>\n\t\t\t<span>\n\t\t\tRund um den Marktplatz\t\t\t<\/span>\n\t\t<\/div>\n\t<\/div>\n\t\t\t\t\t\t\t\t\n\t<div id=\"ngg-image-13155\" class=\"ngg-gallery-thumbnail-box\" style=\"width:25%;\" >\n\t\t<div class=\"ngg-gallery-thumbnail\" >\n\t\t\t<a href=\"https:\/\/wernerdeck.de\/blog\/wp-content\/gallery\/altstadt-waren\/Spaziergang-durch-die-Altstadt-von-Waren-10.jpg\"\n\t\t\t\ttitle=\"Marktplatz\"\n\t\t\t\tclass=\"ngg-simplelightbox\" rel=\"3a64d860afe1e7c108aee8a882969244\" data-image-id=\"13155\" data-src=\"https:\/\/wernerdeck.de\/blog\/wp-content\/gallery\/altstadt-waren\/Spaziergang-durch-die-Altstadt-von-Waren-10.jpg\" data-thumbnail=\"https:\/\/wernerdeck.de\/blog\/wp-content\/gallery\/altstadt-waren\/thumbs\/thumbs_Spaziergang-durch-die-Altstadt-von-Waren-10.jpg\" data-title=\"Spaziergang-durch-die-Altstadt-von-Waren-10\" data-description=\"Marktplatz\" >\n\t\t\t\t\t\t\t\t<img title=\"Spaziergang-durch-die-Altstadt-von-Waren-10\" alt=\"Spaziergang-durch-die-Altstadt-von-Waren-10\" src=\"https:\/\/wernerdeck.de\/blog\/wp-content\/gallery\/altstadt-waren\/thumbs\/thumbs_Spaziergang-durch-die-Altstadt-von-Waren-10.jpg\" width='240' height='160' \/>\n\t\t\t\t\t\t\t<\/a>\n\t\t\t<span>\n\t\t\tMarktplatz\t\t\t<\/span>\n\t\t<\/div>\n\t<\/div>\n\t\t\t\t\t\t\t\t\n\t<div id=\"ngg-image-13159\" class=\"ngg-gallery-thumbnail-box\" style=\"width:25%;\" >\n\t\t<div class=\"ngg-gallery-thumbnail\" >\n\t\t\t<a href=\"https:\/\/wernerdeck.de\/blog\/wp-content\/gallery\/altstadt-waren\/Spaziergang-durch-die-Altstadt-von-Waren-12.jpg\"\n\t\t\t\ttitle=\"Am Hafen\"\n\t\t\t\tclass=\"ngg-simplelightbox\" rel=\"3a64d860afe1e7c108aee8a882969244\" data-image-id=\"13159\" data-src=\"https:\/\/wernerdeck.de\/blog\/wp-content\/gallery\/altstadt-waren\/Spaziergang-durch-die-Altstadt-von-Waren-12.jpg\" data-thumbnail=\"https:\/\/wernerdeck.de\/blog\/wp-content\/gallery\/altstadt-waren\/thumbs\/thumbs_Spaziergang-durch-die-Altstadt-von-Waren-12.jpg\" data-title=\"Spaziergang-durch-die-Altstadt-von-Waren-12\" data-description=\"Am Hafen\" >\n\t\t\t\t\t\t\t\t<img title=\"Spaziergang-durch-die-Altstadt-von-Waren-12\" alt=\"Spaziergang-durch-die-Altstadt-von-Waren-12\" src=\"https:\/\/wernerdeck.de\/blog\/wp-content\/gallery\/altstadt-waren\/thumbs\/thumbs_Spaziergang-durch-die-Altstadt-von-Waren-12.jpg\" width='240' height='160' \/>\n\t\t\t\t\t\t\t<\/a>\n\t\t\t<span>\n\t\t\tAm Hafen\t\t\t<\/span>\n\t\t<\/div>\n\t<\/div>\n\t\t\t\t\t\t\t\t\n\t<div id=\"ngg-image-13160\" class=\"ngg-gallery-thumbnail-box\" style=\"width:25%;\" >\n\t\t<div class=\"ngg-gallery-thumbnail\" >\n\t\t\t<a href=\"https:\/\/wernerdeck.de\/blog\/wp-content\/gallery\/altstadt-waren\/Spaziergang-durch-die-Altstadt-von-Waren-14.jpg\"\n\t\t\t\ttitle=\"Am Hafen\"\n\t\t\t\tclass=\"ngg-simplelightbox\" rel=\"3a64d860afe1e7c108aee8a882969244\" data-image-id=\"13160\" data-src=\"https:\/\/wernerdeck.de\/blog\/wp-content\/gallery\/altstadt-waren\/Spaziergang-durch-die-Altstadt-von-Waren-14.jpg\" data-thumbnail=\"https:\/\/wernerdeck.de\/blog\/wp-content\/gallery\/altstadt-waren\/thumbs\/thumbs_Spaziergang-durch-die-Altstadt-von-Waren-14.jpg\" data-title=\"Spaziergang-durch-die-Altstadt-von-Waren-14\" data-description=\"Am Hafen\" >\n\t\t\t\t\t\t\t\t<img title=\"Spaziergang-durch-die-Altstadt-von-Waren-14\" alt=\"Spaziergang-durch-die-Altstadt-von-Waren-14\" src=\"https:\/\/wernerdeck.de\/blog\/wp-content\/gallery\/altstadt-waren\/thumbs\/thumbs_Spaziergang-durch-die-Altstadt-von-Waren-14.jpg\" width='240' height='160' \/>\n\t\t\t\t\t\t\t<\/a>\n\t\t\t<span>\n\t\t\tAm Hafen\t\t\t<\/span>\n\t\t<\/div>\n\t<\/div>\n\t\t\t\t\t\t\t<br style=\"clear: both\" \/>\n\t\t\t\n\t<!-- Pagination -->\n\t\t<div class='ngg-clear'><\/div>\t\n<\/div>\n\n\tWir schlenderten \u00fcber den Marktplatz bis zum Hafen \u2013 Ziel war das <a href=\"https:\/\/www.u-nautic.de\/\" target=\"_blank\" rel=\"noopener\">Restaurant <strong>U-Nautic<\/strong><\/a>, mit nautischem Flair im Stil eines U-Boots. Ein gelungener Tagesabschluss mit gutem Essen und Vorfreude auf unsere Tour. Nur das Wetter \u2013 das d\u00fcrfte morgen bitte besser werden.<\/p>\n\n<div class=\"ngg-galleryoverview ngg-template-caption\" id=\"ngg-gallery-a27129ddf553a876402e834c3095f445-27388\">\n\n\t\t\n\t<!-- Thumbnails -->\n\t\t\t\t\t\n\t<div id=\"ngg-image-13176\" class=\"ngg-gallery-thumbnail-box\" style=\"width:25%;\" >\n\t\t<div class=\"ngg-gallery-thumbnail\" >\n\t\t\t<a href=\"https:\/\/wernerdeck.de\/blog\/wp-content\/gallery\/u-nautic\/Restaurant-U-Nautic-in-der-Altstadt-von-Waren-02.jpg\"\n\t\t\t\ttitle=\" \"\n\t\t\t\tclass=\"ngg-simplelightbox\" rel=\"a27129ddf553a876402e834c3095f445\" data-image-id=\"13176\" data-src=\"https:\/\/wernerdeck.de\/blog\/wp-content\/gallery\/u-nautic\/Restaurant-U-Nautic-in-der-Altstadt-von-Waren-02.jpg\" data-thumbnail=\"https:\/\/wernerdeck.de\/blog\/wp-content\/gallery\/u-nautic\/thumbs\/thumbs_Restaurant-U-Nautic-in-der-Altstadt-von-Waren-02.jpg\" data-title=\"Restaurant-U-Nautic-in-der-Altstadt-von-Waren-02\" data-description=\" \" >\n\t\t\t\t\t\t\t\t<img title=\"Restaurant-U-Nautic-in-der-Altstadt-von-Waren-02\" alt=\"Restaurant-U-Nautic-in-der-Altstadt-von-Waren-02\" src=\"https:\/\/wernerdeck.de\/blog\/wp-content\/gallery\/u-nautic\/thumbs\/thumbs_Restaurant-U-Nautic-in-der-Altstadt-von-Waren-02.jpg\" width='240' height='160' \/>\n\t\t\t\t\t\t\t<\/a>\n\t\t\t<span>\n\t\t\t \t\t\t<\/span>\n\t\t<\/div>\n\t<\/div>\n\t\t\t\t\t\t\t\t\n\t<div id=\"ngg-image-13178\" class=\"ngg-gallery-thumbnail-box\" style=\"width:25%;\" >\n\t\t<div class=\"ngg-gallery-thumbnail\" >\n\t\t\t<a href=\"https:\/\/wernerdeck.de\/blog\/wp-content\/gallery\/u-nautic\/Restaurant-U-Nautic-in-der-Altstadt-von-Waren-04.jpg\"\n\t\t\t\ttitle=\" \"\n\t\t\t\tclass=\"ngg-simplelightbox\" rel=\"a27129ddf553a876402e834c3095f445\" data-image-id=\"13178\" data-src=\"https:\/\/wernerdeck.de\/blog\/wp-content\/gallery\/u-nautic\/Restaurant-U-Nautic-in-der-Altstadt-von-Waren-04.jpg\" data-thumbnail=\"https:\/\/wernerdeck.de\/blog\/wp-content\/gallery\/u-nautic\/thumbs\/thumbs_Restaurant-U-Nautic-in-der-Altstadt-von-Waren-04.jpg\" data-title=\"Restaurant-U-Nautic-in-der-Altstadt-von-Waren-04\" data-description=\" \" >\n\t\t\t\t\t\t\t\t<img title=\"Restaurant-U-Nautic-in-der-Altstadt-von-Waren-04\" alt=\"Restaurant-U-Nautic-in-der-Altstadt-von-Waren-04\" src=\"https:\/\/wernerdeck.de\/blog\/wp-content\/gallery\/u-nautic\/thumbs\/thumbs_Restaurant-U-Nautic-in-der-Altstadt-von-Waren-04.jpg\" width='240' height='160' \/>\n\t\t\t\t\t\t\t<\/a>\n\t\t\t<span>\n\t\t\t \t\t\t<\/span>\n\t\t<\/div>\n\t<\/div>\n\t\t\t\t\t\t\t\t\n\t<div id=\"ngg-image-13177\" class=\"ngg-gallery-thumbnail-box\" style=\"width:25%;\" >\n\t\t<div class=\"ngg-gallery-thumbnail\" >\n\t\t\t<a href=\"https:\/\/wernerdeck.de\/blog\/wp-content\/gallery\/u-nautic\/Restaurant-U-Nautic-in-der-Altstadt-von-Waren-06.jpg\"\n\t\t\t\ttitle=\" \"\n\t\t\t\tclass=\"ngg-simplelightbox\" rel=\"a27129ddf553a876402e834c3095f445\" data-image-id=\"13177\" data-src=\"https:\/\/wernerdeck.de\/blog\/wp-content\/gallery\/u-nautic\/Restaurant-U-Nautic-in-der-Altstadt-von-Waren-06.jpg\" data-thumbnail=\"https:\/\/wernerdeck.de\/blog\/wp-content\/gallery\/u-nautic\/thumbs\/thumbs_Restaurant-U-Nautic-in-der-Altstadt-von-Waren-06.jpg\" data-title=\"Restaurant-U-Nautic-in-der-Altstadt-von-Waren-06\" data-description=\" \" >\n\t\t\t\t\t\t\t\t<img title=\"Restaurant-U-Nautic-in-der-Altstadt-von-Waren-06\" alt=\"Restaurant-U-Nautic-in-der-Altstadt-von-Waren-06\" src=\"https:\/\/wernerdeck.de\/blog\/wp-content\/gallery\/u-nautic\/thumbs\/thumbs_Restaurant-U-Nautic-in-der-Altstadt-von-Waren-06.jpg\" width='240' height='160' \/>\n\t\t\t\t\t\t\t<\/a>\n\t\t\t<span>\n\t\t\t \t\t\t<\/span>\n\t\t<\/div>\n\t<\/div>\n\t\t\t\t\t\t\t\t\n\t<div id=\"ngg-image-13179\" class=\"ngg-gallery-thumbnail-box\" style=\"width:25%;\" >\n\t\t<div class=\"ngg-gallery-thumbnail\" >\n\t\t\t<a href=\"https:\/\/wernerdeck.de\/blog\/wp-content\/gallery\/u-nautic\/Restaurant-U-Nautic-in-der-Altstadt-von-Waren-08.jpg\"\n\t\t\t\ttitle=\" \"\n\t\t\t\tclass=\"ngg-simplelightbox\" rel=\"a27129ddf553a876402e834c3095f445\" data-image-id=\"13179\" data-src=\"https:\/\/wernerdeck.de\/blog\/wp-content\/gallery\/u-nautic\/Restaurant-U-Nautic-in-der-Altstadt-von-Waren-08.jpg\" data-thumbnail=\"https:\/\/wernerdeck.de\/blog\/wp-content\/gallery\/u-nautic\/thumbs\/thumbs_Restaurant-U-Nautic-in-der-Altstadt-von-Waren-08.jpg\" data-title=\"Restaurant-U-Nautic-in-der-Altstadt-von-Waren-08\" data-description=\" \" >\n\t\t\t\t\t\t\t\t<img title=\"Restaurant-U-Nautic-in-der-Altstadt-von-Waren-08\" alt=\"Restaurant-U-Nautic-in-der-Altstadt-von-Waren-08\" src=\"https:\/\/wernerdeck.de\/blog\/wp-content\/gallery\/u-nautic\/thumbs\/thumbs_Restaurant-U-Nautic-in-der-Altstadt-von-Waren-08.jpg\" width='240' height='160' \/>\n\t\t\t\t\t\t\t<\/a>\n\t\t\t<span>\n\t\t\t \t\t\t<\/span>\n\t\t<\/div>\n\t<\/div>\n\t\t\t\t\t\t\t<br style=\"clear: both\" \/>\n\t\t\t\n\t<div id=\"ngg-image-13181\" class=\"ngg-gallery-thumbnail-box\" style=\"width:25%;\" >\n\t\t<div class=\"ngg-gallery-thumbnail\" >\n\t\t\t<a href=\"https:\/\/wernerdeck.de\/blog\/wp-content\/gallery\/u-nautic\/Restaurant-U-Nautic-in-der-Altstadt-von-Waren-10.jpg\"\n\t\t\t\ttitle=\" \"\n\t\t\t\tclass=\"ngg-simplelightbox\" rel=\"a27129ddf553a876402e834c3095f445\" data-image-id=\"13181\" data-src=\"https:\/\/wernerdeck.de\/blog\/wp-content\/gallery\/u-nautic\/Restaurant-U-Nautic-in-der-Altstadt-von-Waren-10.jpg\" data-thumbnail=\"https:\/\/wernerdeck.de\/blog\/wp-content\/gallery\/u-nautic\/thumbs\/thumbs_Restaurant-U-Nautic-in-der-Altstadt-von-Waren-10.jpg\" data-title=\"Restaurant-U-Nautic-in-der-Altstadt-von-Waren-10\" data-description=\" \" >\n\t\t\t\t\t\t\t\t<img title=\"Restaurant-U-Nautic-in-der-Altstadt-von-Waren-10\" alt=\"Restaurant-U-Nautic-in-der-Altstadt-von-Waren-10\" src=\"https:\/\/wernerdeck.de\/blog\/wp-content\/gallery\/u-nautic\/thumbs\/thumbs_Restaurant-U-Nautic-in-der-Altstadt-von-Waren-10.jpg\" width='240' height='160' \/>\n\t\t\t\t\t\t\t<\/a>\n\t\t\t<span>\n\t\t\t \t\t\t<\/span>\n\t\t<\/div>\n\t<\/div>\n\t\t\t\t\t\t\t\t\n\t<div id=\"ngg-image-13180\" class=\"ngg-gallery-thumbnail-box\" style=\"width:25%;\" >\n\t\t<div class=\"ngg-gallery-thumbnail\" >\n\t\t\t<a href=\"https:\/\/wernerdeck.de\/blog\/wp-content\/gallery\/u-nautic\/Restaurant-U-Nautic-in-der-Altstadt-von-Waren-12.jpg\"\n\t\t\t\ttitle=\" \"\n\t\t\t\tclass=\"ngg-simplelightbox\" rel=\"a27129ddf553a876402e834c3095f445\" data-image-id=\"13180\" data-src=\"https:\/\/wernerdeck.de\/blog\/wp-content\/gallery\/u-nautic\/Restaurant-U-Nautic-in-der-Altstadt-von-Waren-12.jpg\" data-thumbnail=\"https:\/\/wernerdeck.de\/blog\/wp-content\/gallery\/u-nautic\/thumbs\/thumbs_Restaurant-U-Nautic-in-der-Altstadt-von-Waren-12.jpg\" data-title=\"Restaurant-U-Nautic-in-der-Altstadt-von-Waren-12\" data-description=\" \" >\n\t\t\t\t\t\t\t\t<img title=\"Restaurant-U-Nautic-in-der-Altstadt-von-Waren-12\" alt=\"Restaurant-U-Nautic-in-der-Altstadt-von-Waren-12\" src=\"https:\/\/wernerdeck.de\/blog\/wp-content\/gallery\/u-nautic\/thumbs\/thumbs_Restaurant-U-Nautic-in-der-Altstadt-von-Waren-12.jpg\" width='240' height='160' \/>\n\t\t\t\t\t\t\t<\/a>\n\t\t\t<span>\n\t\t\t \t\t\t<\/span>\n\t\t<\/div>\n\t<\/div>\n\t\t\t\t\t\t\t\t\n\t<div id=\"ngg-image-13182\" class=\"ngg-gallery-thumbnail-box\" style=\"width:25%;\" >\n\t\t<div class=\"ngg-gallery-thumbnail\" >\n\t\t\t<a href=\"https:\/\/wernerdeck.de\/blog\/wp-content\/gallery\/u-nautic\/Restaurant-U-Nautic-in-der-Altstadt-von-Waren-14.jpg\"\n\t\t\t\ttitle=\" \"\n\t\t\t\tclass=\"ngg-simplelightbox\" rel=\"a27129ddf553a876402e834c3095f445\" data-image-id=\"13182\" data-src=\"https:\/\/wernerdeck.de\/blog\/wp-content\/gallery\/u-nautic\/Restaurant-U-Nautic-in-der-Altstadt-von-Waren-14.jpg\" data-thumbnail=\"https:\/\/wernerdeck.de\/blog\/wp-content\/gallery\/u-nautic\/thumbs\/thumbs_Restaurant-U-Nautic-in-der-Altstadt-von-Waren-14.jpg\" data-title=\"Restaurant-U-Nautic-in-der-Altstadt-von-Waren-14\" data-description=\" \" >\n\t\t\t\t\t\t\t\t<img title=\"Restaurant-U-Nautic-in-der-Altstadt-von-Waren-14\" alt=\"Restaurant-U-Nautic-in-der-Altstadt-von-Waren-14\" src=\"https:\/\/wernerdeck.de\/blog\/wp-content\/gallery\/u-nautic\/thumbs\/thumbs_Restaurant-U-Nautic-in-der-Altstadt-von-Waren-14.jpg\" width='240' height='160' \/>\n\t\t\t\t\t\t\t<\/a>\n\t\t\t<span>\n\t\t\t \t\t\t<\/span>\n\t\t<\/div>\n\t<\/div>\n\t\t\t\t\t\t\t\t\n\t<div id=\"ngg-image-13183\" class=\"ngg-gallery-thumbnail-box\" style=\"width:25%;\" >\n\t\t<div class=\"ngg-gallery-thumbnail\" >\n\t\t\t<a href=\"https:\/\/wernerdeck.de\/blog\/wp-content\/gallery\/u-nautic\/Restaurant-U-Nautic-in-der-Altstadt-von-Waren-16.jpg\"\n\t\t\t\ttitle=\" \"\n\t\t\t\tclass=\"ngg-simplelightbox\" rel=\"a27129ddf553a876402e834c3095f445\" data-image-id=\"13183\" data-src=\"https:\/\/wernerdeck.de\/blog\/wp-content\/gallery\/u-nautic\/Restaurant-U-Nautic-in-der-Altstadt-von-Waren-16.jpg\" data-thumbnail=\"https:\/\/wernerdeck.de\/blog\/wp-content\/gallery\/u-nautic\/thumbs\/thumbs_Restaurant-U-Nautic-in-der-Altstadt-von-Waren-16.jpg\" data-title=\"Restaurant-U-Nautic-in-der-Altstadt-von-Waren-16\" data-description=\" \" >\n\t\t\t\t\t\t\t\t<img title=\"Restaurant-U-Nautic-in-der-Altstadt-von-Waren-16\" alt=\"Restaurant-U-Nautic-in-der-Altstadt-von-Waren-16\" src=\"https:\/\/wernerdeck.de\/blog\/wp-content\/gallery\/u-nautic\/thumbs\/thumbs_Restaurant-U-Nautic-in-der-Altstadt-von-Waren-16.jpg\" width='240' height='160' \/>\n\t\t\t\t\t\t\t<\/a>\n\t\t\t<span>\n\t\t\t \t\t\t<\/span>\n\t\t<\/div>\n\t<\/div>\n\t\t\t\t\t\t\t<br style=\"clear: both\" \/>\n\t\t\t\n\t<!-- Pagination -->\n\t\t<div class='ngg-clear'><\/div>\t\n<\/div>\n\n\t\n<hr>\n<p><b>Entstehung der Mecklenburgischen Seenplatte<\/b><\/p>\n<p><span style=\"font-weight: 400;\">Die heutige <a href=\"https:\/\/de.wikipedia.org\/wiki\/Mecklenburgische_Seenplatte\" target=\"_blank\" rel=\"noopener\">Mecklenburgische Seenplatte<\/a> ist ein beeindruckendes \u00dcberbleibsel der letzten Eiszeit, der Weichsel-Kaltzeit, die vor rund 15.000 Jahren endete. Gletscher aus Skandinavien modellierten damals die Landschaft: Sie schoben Gestein zu H\u00fcgeln auf, hinterlie\u00dfen beim R\u00fcckzug gro\u00dfe Mengen Schmelzwasser \u2013 und damit unz\u00e4hlige Senken, die sich zu Seen f\u00fcllten.<\/span><\/p>\n<p><span style=\"font-weight: 400;\">Auf diese Weise entstand eine Seenlandschaft mit \u00fcber 1.000 Gew\u00e4ssern, darunter die M\u00fcritz, Deutschlands gr\u00f6\u00dfter See innerhalb der Landesgrenzen. Mor\u00e4nenh\u00fcgel, Moore und sanfte H\u00f6hen pr\u00e4gen bis heute das Bild \u2013 eine Natur, die zur Bewegung und zum Verweilen einl\u00e4dt.<\/span><\/p>\n<p><img loading=\"lazy\" decoding=\"async\" class=\"aligncenter size-full wp-image-27496\" src=\"https:\/\/wernerdeck.de\/blog\/wp-content\/uploads\/2025\/06\/Mecklenburger-Seenplatte-Karte.jpg\" alt=\"Mecklenburger Seenplatte Karte\" width=\"1022\" height=\"977\" srcset=\"https:\/\/wernerdeck.de\/blog\/wp-content\/uploads\/2025\/06\/Mecklenburger-Seenplatte-Karte.jpg 1022w, https:\/\/wernerdeck.de\/blog\/wp-content\/uploads\/2025\/06\/Mecklenburger-Seenplatte-Karte-300x287.jpg 300w, https:\/\/wernerdeck.de\/blog\/wp-content\/uploads\/2025\/06\/Mecklenburger-Seenplatte-Karte-768x734.jpg 768w\" sizes=\"auto, (max-width: 1022px) 100vw, 1022px\" \/><\/p>\n<p>&nbsp;<\/p>\n","protected":false},"excerpt":{"rendered":"<p>Auf nach Holzminden \u2013 und weiter nach Waren an der M\u00fcritz. Radtour \u00fcber vier Etappen Sonntag, 22. Juni \u2013 Von Eggenstein nach Holzminden Nach dem pl\u00f6tzlichen Schreck mit der Kettenschaltung und der raschen Hilfe durch Lucky Bike konnte ich am Sonntag endlich los: Die Fahrt zu meinem langj\u00e4hrigen Malermeisterkollegen und Unternehmerfreund Erich in Holzminden stand &#8230; <a title=\"Meine Fahrt nach Holzminden und weiter nach Waren an der M\u00fcritz\" class=\"read-more\" href=\"https:\/\/wernerdeck.de\/blog\/2025\/06\/23\/fahrt-holzminden-waren-mueritz\/\" aria-label=\"Mehr Informationen \u00fcber Meine Fahrt nach Holzminden und weiter nach Waren an der M\u00fcritz\">Weiterlesen<\/a><\/p>\n","protected":false},"author":1,"featured_media":27395,"comment_status":"open","ping_status":"open","sticky":false,"template":"","format":"standard","meta":{"ngg_post_thumbnail":0,"footnotes":""},"categories":[77],"tags":[446,325,552,673,677,515,674,414,676,678,675],"class_list":["post-27388","post","type-post","status-publish","format-standard","has-post-thumbnail","hentry","category-radtouren","tag-cabrio","tag-e-bike","tag-eggenstein","tag-fahrradtour","tag-freundschaftstour","tag-holzminden","tag-mecklenburgische-seenplatte","tag-radtour-mit-erich","tag-reisebericht","tag-u-nautic-restaurant","tag-waren-an-der-mueritz"],"yoast_head":"<!-- This site is optimized with the Yoast SEO plugin v27.4 - https:\/\/yoast.com\/product\/yoast-seo-wordpress\/ -->\n<title>Meine Fahrt nach Holzminden und weiter nach Waren an der M\u00fcritz - Privater Blog von Werner Deck<\/title>\n<meta name=\"description\" content=\"Von Eggenstein \u00fcber Holzminden bis Waren (M\u00fcritz): Eine Reise mit Cabrio-Feeling, Wetterkapriolen und gelungenem Start der Fahrradtour\" \/>\n<meta name=\"robots\" content=\"index, follow, max-snippet:-1, max-image-preview:large, max-video-preview:-1\" \/>\n<link rel=\"canonical\" href=\"https:\/\/wernerdeck.de\/blog\/2025\/06\/23\/fahrt-holzminden-waren-mueritz\/\" \/>\n<meta property=\"og:locale\" content=\"de_DE\" \/>\n<meta property=\"og:type\" content=\"article\" \/>\n<meta property=\"og:title\" content=\"Meine Fahrt nach Holzminden und weiter nach Waren an der M\u00fcritz - Privater Blog von Werner Deck\" \/>\n<meta property=\"og:description\" content=\"Von Eggenstein \u00fcber Holzminden bis Waren (M\u00fcritz): Eine Reise mit Cabrio-Feeling, Wetterkapriolen und gelungenem Start der Fahrradtour\" \/>\n<meta property=\"og:url\" content=\"https:\/\/wernerdeck.de\/blog\/2025\/06\/23\/fahrt-holzminden-waren-mueritz\/\" \/>\n<meta property=\"og:site_name\" content=\"Privater Blog von Werner Deck\" \/>\n<meta property=\"article:publisher\" content=\"https:\/\/www.facebook.com\/werner.deck\/\" \/>\n<meta property=\"article:author\" content=\"https:\/\/www.facebook.com\/werner.deck\/\" \/>\n<meta property=\"article:published_time\" content=\"2025-06-23T20:38:31+00:00\" \/>\n<meta property=\"article:modified_time\" content=\"2025-06-25T20:42:32+00:00\" \/>\n<meta property=\"og:image\" content=\"https:\/\/wernerdeck.de\/blog\/wp-content\/uploads\/2025\/06\/autobahnpause-stau-hitze-04.jpg\" \/>\n\t<meta property=\"og:image:width\" content=\"1809\" \/>\n\t<meta property=\"og:image:height\" content=\"865\" \/>\n\t<meta property=\"og:image:type\" content=\"image\/jpeg\" \/>\n<meta name=\"author\" content=\"Werner Deck\" \/>\n<meta name=\"twitter:card\" content=\"summary_large_image\" \/>\n<meta name=\"twitter:label1\" content=\"Verfasst von\" \/>\n\t<meta name=\"twitter:data1\" content=\"Werner Deck\" \/>\n\t<meta name=\"twitter:label2\" content=\"Gesch\u00e4tzte Lesezeit\" \/>\n\t<meta name=\"twitter:data2\" content=\"4\u00a0Minuten\" \/>\n<script type=\"application\/ld+json\" class=\"yoast-schema-graph\">{\"@context\":\"https:\\\/\\\/schema.org\",\"@graph\":[{\"@type\":\"Article\",\"@id\":\"https:\\\/\\\/wernerdeck.de\\\/blog\\\/2025\\\/06\\\/23\\\/fahrt-holzminden-waren-mueritz\\\/#article\",\"isPartOf\":{\"@id\":\"https:\\\/\\\/wernerdeck.de\\\/blog\\\/2025\\\/06\\\/23\\\/fahrt-holzminden-waren-mueritz\\\/\"},\"author\":{\"name\":\"Werner Deck\",\"@id\":\"https:\\\/\\\/wernerdeck.de\\\/blog\\\/#\\\/schema\\\/person\\\/7af62de1f11b0a09297eeb81281e523c\"},\"headline\":\"Meine Fahrt nach Holzminden und weiter nach Waren an der M\u00fcritz\",\"datePublished\":\"2025-06-23T20:38:31+00:00\",\"dateModified\":\"2025-06-25T20:42:32+00:00\",\"mainEntityOfPage\":{\"@id\":\"https:\\\/\\\/wernerdeck.de\\\/blog\\\/2025\\\/06\\\/23\\\/fahrt-holzminden-waren-mueritz\\\/\"},\"wordCount\":587,\"commentCount\":0,\"publisher\":{\"@id\":\"https:\\\/\\\/wernerdeck.de\\\/blog\\\/#\\\/schema\\\/person\\\/7af62de1f11b0a09297eeb81281e523c\"},\"image\":{\"@id\":\"https:\\\/\\\/wernerdeck.de\\\/blog\\\/2025\\\/06\\\/23\\\/fahrt-holzminden-waren-mueritz\\\/#primaryimage\"},\"thumbnailUrl\":\"https:\\\/\\\/wernerdeck.de\\\/blog\\\/wp-content\\\/uploads\\\/2025\\\/06\\\/autobahnpause-stau-hitze-04.jpg\",\"keywords\":[\"Cabrio\",\"E-Bike\",\"Eggenstein\",\"Fahrradtour\",\"Freundschaftstour\",\"Holzminden\",\"Mecklenburgische Seenplatte\",\"Radtour mit Erich\",\"Reisebericht\",\"U-Nautic Restaurant\",\"Waren an der M\u00fcritz\"],\"articleSection\":[\"Radtouren\"],\"inLanguage\":\"de\",\"potentialAction\":[{\"@type\":\"CommentAction\",\"name\":\"Comment\",\"target\":[\"https:\\\/\\\/wernerdeck.de\\\/blog\\\/2025\\\/06\\\/23\\\/fahrt-holzminden-waren-mueritz\\\/#respond\"]}]},{\"@type\":\"WebPage\",\"@id\":\"https:\\\/\\\/wernerdeck.de\\\/blog\\\/2025\\\/06\\\/23\\\/fahrt-holzminden-waren-mueritz\\\/\",\"url\":\"https:\\\/\\\/wernerdeck.de\\\/blog\\\/2025\\\/06\\\/23\\\/fahrt-holzminden-waren-mueritz\\\/\",\"name\":\"Meine Fahrt nach Holzminden und weiter nach Waren an der M\u00fcritz - Privater Blog von Werner Deck\",\"isPartOf\":{\"@id\":\"https:\\\/\\\/wernerdeck.de\\\/blog\\\/#website\"},\"primaryImageOfPage\":{\"@id\":\"https:\\\/\\\/wernerdeck.de\\\/blog\\\/2025\\\/06\\\/23\\\/fahrt-holzminden-waren-mueritz\\\/#primaryimage\"},\"image\":{\"@id\":\"https:\\\/\\\/wernerdeck.de\\\/blog\\\/2025\\\/06\\\/23\\\/fahrt-holzminden-waren-mueritz\\\/#primaryimage\"},\"thumbnailUrl\":\"https:\\\/\\\/wernerdeck.de\\\/blog\\\/wp-content\\\/uploads\\\/2025\\\/06\\\/autobahnpause-stau-hitze-04.jpg\",\"datePublished\":\"2025-06-23T20:38:31+00:00\",\"dateModified\":\"2025-06-25T20:42:32+00:00\",\"description\":\"Von Eggenstein \u00fcber Holzminden bis Waren (M\u00fcritz): Eine Reise mit Cabrio-Feeling, Wetterkapriolen und gelungenem Start der Fahrradtour\",\"breadcrumb\":{\"@id\":\"https:\\\/\\\/wernerdeck.de\\\/blog\\\/2025\\\/06\\\/23\\\/fahrt-holzminden-waren-mueritz\\\/#breadcrumb\"},\"inLanguage\":\"de\",\"potentialAction\":[{\"@type\":\"ReadAction\",\"target\":[\"https:\\\/\\\/wernerdeck.de\\\/blog\\\/2025\\\/06\\\/23\\\/fahrt-holzminden-waren-mueritz\\\/\"]}]},{\"@type\":\"ImageObject\",\"inLanguage\":\"de\",\"@id\":\"https:\\\/\\\/wernerdeck.de\\\/blog\\\/2025\\\/06\\\/23\\\/fahrt-holzminden-waren-mueritz\\\/#primaryimage\",\"url\":\"https:\\\/\\\/wernerdeck.de\\\/blog\\\/wp-content\\\/uploads\\\/2025\\\/06\\\/autobahnpause-stau-hitze-04.jpg\",\"contentUrl\":\"https:\\\/\\\/wernerdeck.de\\\/blog\\\/wp-content\\\/uploads\\\/2025\\\/06\\\/autobahnpause-stau-hitze-04.jpg\",\"width\":1809,\"height\":865,\"caption\":\"autobahnpause-stau-hitze\"},{\"@type\":\"BreadcrumbList\",\"@id\":\"https:\\\/\\\/wernerdeck.de\\\/blog\\\/2025\\\/06\\\/23\\\/fahrt-holzminden-waren-mueritz\\\/#breadcrumb\",\"itemListElement\":[{\"@type\":\"ListItem\",\"position\":1,\"name\":\"Startseite\",\"item\":\"https:\\\/\\\/wernerdeck.de\\\/blog\\\/\"},{\"@type\":\"ListItem\",\"position\":2,\"name\":\"Meine Fahrt nach Holzminden und weiter nach Waren an der M\u00fcritz\"}]},{\"@type\":\"WebSite\",\"@id\":\"https:\\\/\\\/wernerdeck.de\\\/blog\\\/#website\",\"url\":\"https:\\\/\\\/wernerdeck.de\\\/blog\\\/\",\"name\":\"Blog von Werner Deck\",\"description\":\"\",\"publisher\":{\"@id\":\"https:\\\/\\\/wernerdeck.de\\\/blog\\\/#\\\/schema\\\/person\\\/7af62de1f11b0a09297eeb81281e523c\"},\"potentialAction\":[{\"@type\":\"SearchAction\",\"target\":{\"@type\":\"EntryPoint\",\"urlTemplate\":\"https:\\\/\\\/wernerdeck.de\\\/blog\\\/?s={search_term_string}\"},\"query-input\":{\"@type\":\"PropertyValueSpecification\",\"valueRequired\":true,\"valueName\":\"search_term_string\"}}],\"inLanguage\":\"de\"},{\"@type\":[\"Person\",\"Organization\"],\"@id\":\"https:\\\/\\\/wernerdeck.de\\\/blog\\\/#\\\/schema\\\/person\\\/7af62de1f11b0a09297eeb81281e523c\",\"name\":\"Werner Deck\",\"image\":{\"@type\":\"ImageObject\",\"inLanguage\":\"de\",\"@id\":\"https:\\\/\\\/wernerdeck.de\\\/blog\\\/wp-content\\\/uploads\\\/2022\\\/05\\\/Werner-Deck-995x1024.jpg\",\"url\":\"https:\\\/\\\/wernerdeck.de\\\/blog\\\/wp-content\\\/uploads\\\/2022\\\/05\\\/Werner-Deck-995x1024.jpg\",\"contentUrl\":\"https:\\\/\\\/wernerdeck.de\\\/blog\\\/wp-content\\\/uploads\\\/2022\\\/05\\\/Werner-Deck-995x1024.jpg\",\"width\":995,\"height\":1024,\"caption\":\"Werner Deck\"},\"logo\":{\"@id\":\"https:\\\/\\\/wernerdeck.de\\\/blog\\\/wp-content\\\/uploads\\\/2022\\\/05\\\/Werner-Deck-995x1024.jpg\"},\"sameAs\":[\"https:\\\/\\\/wernerdeck.de\\\/blog\",\"https:\\\/\\\/www.facebook.com\\\/werner.deck\\\/\",\"https:\\\/\\\/www.instagram.com\\\/opti_maler_deck\\\/\",\"https:\\\/\\\/www.youtube.com\\\/c\\\/WernerDeck\"],\"url\":\"https:\\\/\\\/wernerdeck.de\\\/blog\\\/author\\\/wernerdeck-de\\\/\"}]}<\/script>\n<!-- \/ Yoast SEO plugin. -->","yoast_head_json":{"title":"Meine Fahrt nach Holzminden und weiter nach Waren an der M\u00fcritz - Privater Blog von Werner Deck","description":"Von Eggenstein \u00fcber Holzminden bis Waren (M\u00fcritz): Eine Reise mit Cabrio-Feeling, Wetterkapriolen und gelungenem Start der Fahrradtour","robots":{"index":"index","follow":"follow","max-snippet":"max-snippet:-1","max-image-preview":"max-image-preview:large","max-video-preview":"max-video-preview:-1"},"canonical":"https:\/\/wernerdeck.de\/blog\/2025\/06\/23\/fahrt-holzminden-waren-mueritz\/","og_locale":"de_DE","og_type":"article","og_title":"Meine Fahrt nach Holzminden und weiter nach Waren an der M\u00fcritz - Privater Blog von Werner Deck","og_description":"Von Eggenstein \u00fcber Holzminden bis Waren (M\u00fcritz): Eine Reise mit Cabrio-Feeling, Wetterkapriolen und gelungenem Start der Fahrradtour","og_url":"https:\/\/wernerdeck.de\/blog\/2025\/06\/23\/fahrt-holzminden-waren-mueritz\/","og_site_name":"Privater Blog von Werner Deck","article_publisher":"https:\/\/www.facebook.com\/werner.deck\/","article_author":"https:\/\/www.facebook.com\/werner.deck\/","article_published_time":"2025-06-23T20:38:31+00:00","article_modified_time":"2025-06-25T20:42:32+00:00","og_image":[{"width":1809,"height":865,"url":"https:\/\/wernerdeck.de\/blog\/wp-content\/uploads\/2025\/06\/autobahnpause-stau-hitze-04.jpg","type":"image\/jpeg"}],"author":"Werner Deck","twitter_card":"summary_large_image","twitter_misc":{"Verfasst von":"Werner Deck","Gesch\u00e4tzte Lesezeit":"4\u00a0Minuten"},"schema":{"@context":"https:\/\/schema.org","@graph":[{"@type":"Article","@id":"https:\/\/wernerdeck.de\/blog\/2025\/06\/23\/fahrt-holzminden-waren-mueritz\/#article","isPartOf":{"@id":"https:\/\/wernerdeck.de\/blog\/2025\/06\/23\/fahrt-holzminden-waren-mueritz\/"},"author":{"name":"Werner Deck","@id":"https:\/\/wernerdeck.de\/blog\/#\/schema\/person\/7af62de1f11b0a09297eeb81281e523c"},"headline":"Meine Fahrt nach Holzminden und weiter nach Waren an der M\u00fcritz","datePublished":"2025-06-23T20:38:31+00:00","dateModified":"2025-06-25T20:42:32+00:00","mainEntityOfPage":{"@id":"https:\/\/wernerdeck.de\/blog\/2025\/06\/23\/fahrt-holzminden-waren-mueritz\/"},"wordCount":587,"commentCount":0,"publisher":{"@id":"https:\/\/wernerdeck.de\/blog\/#\/schema\/person\/7af62de1f11b0a09297eeb81281e523c"},"image":{"@id":"https:\/\/wernerdeck.de\/blog\/2025\/06\/23\/fahrt-holzminden-waren-mueritz\/#primaryimage"},"thumbnailUrl":"https:\/\/wernerdeck.de\/blog\/wp-content\/uploads\/2025\/06\/autobahnpause-stau-hitze-04.jpg","keywords":["Cabrio","E-Bike","Eggenstein","Fahrradtour","Freundschaftstour","Holzminden","Mecklenburgische Seenplatte","Radtour mit Erich","Reisebericht","U-Nautic Restaurant","Waren an der M\u00fcritz"],"articleSection":["Radtouren"],"inLanguage":"de","potentialAction":[{"@type":"CommentAction","name":"Comment","target":["https:\/\/wernerdeck.de\/blog\/2025\/06\/23\/fahrt-holzminden-waren-mueritz\/#respond"]}]},{"@type":"WebPage","@id":"https:\/\/wernerdeck.de\/blog\/2025\/06\/23\/fahrt-holzminden-waren-mueritz\/","url":"https:\/\/wernerdeck.de\/blog\/2025\/06\/23\/fahrt-holzminden-waren-mueritz\/","name":"Meine Fahrt nach Holzminden und weiter nach Waren an der M\u00fcritz - Privater Blog von Werner Deck","isPartOf":{"@id":"https:\/\/wernerdeck.de\/blog\/#website"},"primaryImageOfPage":{"@id":"https:\/\/wernerdeck.de\/blog\/2025\/06\/23\/fahrt-holzminden-waren-mueritz\/#primaryimage"},"image":{"@id":"https:\/\/wernerdeck.de\/blog\/2025\/06\/23\/fahrt-holzminden-waren-mueritz\/#primaryimage"},"thumbnailUrl":"https:\/\/wernerdeck.de\/blog\/wp-content\/uploads\/2025\/06\/autobahnpause-stau-hitze-04.jpg","datePublished":"2025-06-23T20:38:31+00:00","dateModified":"2025-06-25T20:42:32+00:00","description":"Von Eggenstein \u00fcber Holzminden bis Waren (M\u00fcritz): Eine Reise mit Cabrio-Feeling, Wetterkapriolen und gelungenem Start der Fahrradtour","breadcrumb":{"@id":"https:\/\/wernerdeck.de\/blog\/2025\/06\/23\/fahrt-holzminden-waren-mueritz\/#breadcrumb"},"inLanguage":"de","potentialAction":[{"@type":"ReadAction","target":["https:\/\/wernerdeck.de\/blog\/2025\/06\/23\/fahrt-holzminden-waren-mueritz\/"]}]},{"@type":"ImageObject","inLanguage":"de","@id":"https:\/\/wernerdeck.de\/blog\/2025\/06\/23\/fahrt-holzminden-waren-mueritz\/#primaryimage","url":"https:\/\/wernerdeck.de\/blog\/wp-content\/uploads\/2025\/06\/autobahnpause-stau-hitze-04.jpg","contentUrl":"https:\/\/wernerdeck.de\/blog\/wp-content\/uploads\/2025\/06\/autobahnpause-stau-hitze-04.jpg","width":1809,"height":865,"caption":"autobahnpause-stau-hitze"},{"@type":"BreadcrumbList","@id":"https:\/\/wernerdeck.de\/blog\/2025\/06\/23\/fahrt-holzminden-waren-mueritz\/#breadcrumb","itemListElement":[{"@type":"ListItem","position":1,"name":"Startseite","item":"https:\/\/wernerdeck.de\/blog\/"},{"@type":"ListItem","position":2,"name":"Meine Fahrt nach Holzminden und weiter nach Waren an der M\u00fcritz"}]},{"@type":"WebSite","@id":"https:\/\/wernerdeck.de\/blog\/#website","url":"https:\/\/wernerdeck.de\/blog\/","name":"Blog von Werner Deck","description":"","publisher":{"@id":"https:\/\/wernerdeck.de\/blog\/#\/schema\/person\/7af62de1f11b0a09297eeb81281e523c"},"potentialAction":[{"@type":"SearchAction","target":{"@type":"EntryPoint","urlTemplate":"https:\/\/wernerdeck.de\/blog\/?s={search_term_string}"},"query-input":{"@type":"PropertyValueSpecification","valueRequired":true,"valueName":"search_term_string"}}],"inLanguage":"de"},{"@type":["Person","Organization"],"@id":"https:\/\/wernerdeck.de\/blog\/#\/schema\/person\/7af62de1f11b0a09297eeb81281e523c","name":"Werner Deck","image":{"@type":"ImageObject","inLanguage":"de","@id":"https:\/\/wernerdeck.de\/blog\/wp-content\/uploads\/2022\/05\/Werner-Deck-995x1024.jpg","url":"https:\/\/wernerdeck.de\/blog\/wp-content\/uploads\/2022\/05\/Werner-Deck-995x1024.jpg","contentUrl":"https:\/\/wernerdeck.de\/blog\/wp-content\/uploads\/2022\/05\/Werner-Deck-995x1024.jpg","width":995,"height":1024,"caption":"Werner Deck"},"logo":{"@id":"https:\/\/wernerdeck.de\/blog\/wp-content\/uploads\/2022\/05\/Werner-Deck-995x1024.jpg"},"sameAs":["https:\/\/wernerdeck.de\/blog","https:\/\/www.facebook.com\/werner.deck\/","https:\/\/www.instagram.com\/opti_maler_deck\/","https:\/\/www.youtube.com\/c\/WernerDeck"],"url":"https:\/\/wernerdeck.de\/blog\/author\/wernerdeck-de\/"}]}},"_links":{"self":[{"href":"https:\/\/wernerdeck.de\/blog\/wp-json\/wp\/v2\/posts\/27388","targetHints":{"allow":["GET"]}}],"collection":[{"href":"https:\/\/wernerdeck.de\/blog\/wp-json\/wp\/v2\/posts"}],"about":[{"href":"https:\/\/wernerdeck.de\/blog\/wp-json\/wp\/v2\/types\/post"}],"author":[{"embeddable":true,"href":"https:\/\/wernerdeck.de\/blog\/wp-json\/wp\/v2\/users\/1"}],"replies":[{"embeddable":true,"href":"https:\/\/wernerdeck.de\/blog\/wp-json\/wp\/v2\/comments?post=27388"}],"version-history":[{"count":0,"href":"https:\/\/wernerdeck.de\/blog\/wp-json\/wp\/v2\/posts\/27388\/revisions"}],"wp:featuredmedia":[{"embeddable":true,"href":"https:\/\/wernerdeck.de\/blog\/wp-json\/wp\/v2\/media\/27395"}],"wp:attachment":[{"href":"https:\/\/wernerdeck.de\/blog\/wp-json\/wp\/v2\/media?parent=27388"}],"wp:term":[{"taxonomy":"category","embeddable":true,"href":"https:\/\/wernerdeck.de\/blog\/wp-json\/wp\/v2\/categories?post=27388"},{"taxonomy":"post_tag","embeddable":true,"href":"https:\/\/wernerdeck.de\/blog\/wp-json\/wp\/v2\/tags?post=27388"}],"curies":[{"name":"wp","href":"https:\/\/api.w.org\/{rel}","templated":true}]}}