{"id":27387,"date":"2025-07-06T22:16:49","date_gmt":"2025-07-06T20:16:49","guid":{"rendered":"https:\/\/wernerdeck.de\/blog\/?p=27387"},"modified":"2025-07-09T20:13:45","modified_gmt":"2025-07-09T18:13:45","slug":"radtour-mecklenburgische-seenplatte-etappe-1","status":"publish","type":"post","link":"https:\/\/wernerdeck.de\/blog\/2025\/07\/06\/radtour-mecklenburgische-seenplatte-etappe-1\/","title":{"rendered":"Radtour Mecklenburgische Seenplatte \u2013 Etappe 1: Waren\u2013Bellin"},"content":{"rendered":"<h2><span style=\"font-weight: 400;\">\ud83d\udeb4\u200d\u2642\ufe0f Radtour Mecklenburgische Seenplatte \u2013 Erste Etappe am Dienstag, 24. Juni 2025<\/span><\/h2>\n<p>Um 8 Uhr treffen Erich und ich uns gut gelaunt zum Fr\u00fchst\u00fcck \u2013 der Auftakt zu unserer <a href=\"https:\/\/wernerdeck.de\/blog\/2025\/06\/21\/mecklenburger-seenplatte-radrundfahrt-2025\/\" target=\"_blank\" rel=\"noopener\"><strong data-start=\"540\" data-end=\"589\">Radtour durch die Mecklenburgische Seenplatte<\/strong><\/a>. Die Wettervorhersage klang mit 90 % Regenwahrscheinlichkeit nicht gerade vielversprechend, konnte unserer Vorfreude aber nichts anhaben.<\/p>\n<p>\n<div class=\"ngg-galleryoverview ngg-template-caption\" id=\"ngg-gallery-0a0d776556f3a488311ed4d15184ab1b-27387\">\n\n\t\t\n\t<!-- Thumbnails -->\n\t\t\t\t\t\n\t<div id=\"ngg-image-13221\" class=\"ngg-gallery-thumbnail-box\" style=\"width:25%;\" >\n\t\t<div class=\"ngg-gallery-thumbnail\" >\n\t\t\t<a href=\"https:\/\/wernerdeck.de\/blog\/wp-content\/gallery\/waren1\/Wettervorhersage-Waren-und-Fruehstueck-02.jpg\"\n\t\t\t\ttitle=\"Das Wetter um kurz vor acht\"\n\t\t\t\tclass=\"ngg-simplelightbox\" rel=\"0a0d776556f3a488311ed4d15184ab1b\" data-image-id=\"13221\" data-src=\"https:\/\/wernerdeck.de\/blog\/wp-content\/gallery\/waren1\/Wettervorhersage-Waren-und-Fruehstueck-02.jpg\" data-thumbnail=\"https:\/\/wernerdeck.de\/blog\/wp-content\/gallery\/waren1\/thumbs\/thumbs_Wettervorhersage-Waren-und-Fruehstueck-02.jpg\" data-title=\"Wettervorhersage f\u00fcr den Tourstart in Waren an der M\u00fcritz\" data-description=\"Das Wetter um kurz vor acht\" >\n\t\t\t\t\t\t\t\t<img title=\"Wettervorhersage f\u00fcr den Tourstart in Waren an der M\u00fcritz\" alt=\"Wettervorhersage f\u00fcr den Tourstart in Waren an der M\u00fcritz\" src=\"https:\/\/wernerdeck.de\/blog\/wp-content\/gallery\/waren1\/thumbs\/thumbs_Wettervorhersage-Waren-und-Fruehstueck-02.jpg\" width='240' height='160' \/>\n\t\t\t\t\t\t\t<\/a>\n\t\t\t<span>\n\t\t\tDas Wetter um kurz vor acht\t\t\t<\/span>\n\t\t<\/div>\n\t<\/div>\n\t\t\t\t\t\t\t\t\n\t<div id=\"ngg-image-13220\" class=\"ngg-gallery-thumbnail-box\" style=\"width:25%;\" >\n\t\t<div class=\"ngg-gallery-thumbnail\" >\n\t\t\t<a href=\"https:\/\/wernerdeck.de\/blog\/wp-content\/gallery\/waren1\/Wettervorhersage-Waren-und-Fruehstueck-04.jpg\"\n\t\t\t\ttitle=\"Es wird st\u00fcrmisch und nass\"\n\t\t\t\tclass=\"ngg-simplelightbox\" rel=\"0a0d776556f3a488311ed4d15184ab1b\" data-image-id=\"13220\" data-src=\"https:\/\/wernerdeck.de\/blog\/wp-content\/gallery\/waren1\/Wettervorhersage-Waren-und-Fruehstueck-04.jpg\" data-thumbnail=\"https:\/\/wernerdeck.de\/blog\/wp-content\/gallery\/waren1\/thumbs\/thumbs_Wettervorhersage-Waren-und-Fruehstueck-04.jpg\" data-title=\"Wettervorhersage f\u00fcr den Tourstart in Waren an der M\u00fcritz\" data-description=\"Es wird st\u00fcrmisch und nass\" >\n\t\t\t\t\t\t\t\t<img title=\"Wettervorhersage f\u00fcr den Tourstart in Waren an der M\u00fcritz\" alt=\"Wettervorhersage f\u00fcr den Tourstart in Waren an der M\u00fcritz\" src=\"https:\/\/wernerdeck.de\/blog\/wp-content\/gallery\/waren1\/thumbs\/thumbs_Wettervorhersage-Waren-und-Fruehstueck-04.jpg\" width='240' height='160' \/>\n\t\t\t\t\t\t\t<\/a>\n\t\t\t<span>\n\t\t\tEs wird st\u00fcrmisch und nass\t\t\t<\/span>\n\t\t<\/div>\n\t<\/div>\n\t\t\t\t\t\t\t\t\n\t<div id=\"ngg-image-13224\" class=\"ngg-gallery-thumbnail-box\" style=\"width:25%;\" >\n\t\t<div class=\"ngg-gallery-thumbnail\" >\n\t\t\t<a href=\"https:\/\/wernerdeck.de\/blog\/wp-content\/gallery\/waren1\/Wettervorhersage-Waren-und-Fruehstueck-06.jpg\"\n\t\t\t\ttitle=\"Das Fr\u00fchst\u00fcck wartet\"\n\t\t\t\tclass=\"ngg-simplelightbox\" rel=\"0a0d776556f3a488311ed4d15184ab1b\" data-image-id=\"13224\" data-src=\"https:\/\/wernerdeck.de\/blog\/wp-content\/gallery\/waren1\/Wettervorhersage-Waren-und-Fruehstueck-06.jpg\" data-thumbnail=\"https:\/\/wernerdeck.de\/blog\/wp-content\/gallery\/waren1\/thumbs\/thumbs_Wettervorhersage-Waren-und-Fruehstueck-06.jpg\" data-title=\"Fr\u00fchst\u00fcck in Waren \u2013 Start der Radtour Mecklenburgische Seenplatte\" data-description=\"Das Fr\u00fchst\u00fcck wartet\" >\n\t\t\t\t\t\t\t\t<img title=\"Fr\u00fchst\u00fcck in Waren \u2013 Start der Radtour Mecklenburgische Seenplatte\" alt=\"Fr\u00fchst\u00fcck in Waren \u2013 Start der Radtour Mecklenburgische Seenplatte\" src=\"https:\/\/wernerdeck.de\/blog\/wp-content\/gallery\/waren1\/thumbs\/thumbs_Wettervorhersage-Waren-und-Fruehstueck-06.jpg\" width='240' height='160' \/>\n\t\t\t\t\t\t\t<\/a>\n\t\t\t<span>\n\t\t\tDas Fr\u00fchst\u00fcck wartet\t\t\t<\/span>\n\t\t<\/div>\n\t<\/div>\n\t\t\t\t\t\t\t\t\n\t<div id=\"ngg-image-13223\" class=\"ngg-gallery-thumbnail-box\" style=\"width:25%;\" >\n\t\t<div class=\"ngg-gallery-thumbnail\" >\n\t\t\t<a href=\"https:\/\/wernerdeck.de\/blog\/wp-content\/gallery\/waren1\/Wettervorhersage-Waren-und-Fruehstueck-08.jpg\"\n\t\t\t\ttitle=\"Gleich ist Start\"\n\t\t\t\tclass=\"ngg-simplelightbox\" rel=\"0a0d776556f3a488311ed4d15184ab1b\" data-image-id=\"13223\" data-src=\"https:\/\/wernerdeck.de\/blog\/wp-content\/gallery\/waren1\/Wettervorhersage-Waren-und-Fruehstueck-08.jpg\" data-thumbnail=\"https:\/\/wernerdeck.de\/blog\/wp-content\/gallery\/waren1\/thumbs\/thumbs_Wettervorhersage-Waren-und-Fruehstueck-08.jpg\" data-title=\"Fr\u00fchst\u00fcck in Waren \u2013 Start der Radtour Mecklenburgische Seenplatte\" data-description=\"Gleich ist Start\" >\n\t\t\t\t\t\t\t\t<img title=\"Fr\u00fchst\u00fcck in Waren \u2013 Start der Radtour Mecklenburgische Seenplatte\" alt=\"Fr\u00fchst\u00fcck in Waren \u2013 Start der Radtour Mecklenburgische Seenplatte\" src=\"https:\/\/wernerdeck.de\/blog\/wp-content\/gallery\/waren1\/thumbs\/thumbs_Wettervorhersage-Waren-und-Fruehstueck-08.jpg\" width='240' height='160' \/>\n\t\t\t\t\t\t\t<\/a>\n\t\t\t<span>\n\t\t\tGleich ist Start\t\t\t<\/span>\n\t\t<\/div>\n\t<\/div>\n\t\t\t\t\t\t\t<br style=\"clear: both\" \/>\n\t\t\t\n\t<!-- Pagination -->\n\t\t<div class='ngg-clear'><\/div>\t\n<\/div>\n\n\tNach dem Fr\u00fchst\u00fcck packten wir unsere Siebensachen in die Fahrradtaschen, montierten die R\u00e4der vom Tr\u00e4ger und verstauten das \u00fcbrige Gep\u00e4ck im Auto.<\/p>\n\n<div class=\"ngg-galleryoverview ngg-template-caption\" id=\"ngg-gallery-a7d49bd42dac107c3c4c44d678e4597c-27387\">\n\n\t\t\n\t<!-- Thumbnails -->\n\t\t\t\t\t\n\t<div id=\"ngg-image-13227\" class=\"ngg-gallery-thumbnail-box\" style=\"width:25%;\" >\n\t\t<div class=\"ngg-gallery-thumbnail\" >\n\t\t\t<a href=\"https:\/\/wernerdeck.de\/blog\/wp-content\/gallery\/waren2\/fahrradtaschen-packen-start-waren-2025.jpg\"\n\t\t\t\ttitle=\" \"\n\t\t\t\tclass=\"ngg-simplelightbox\" rel=\"a7d49bd42dac107c3c4c44d678e4597c\" data-image-id=\"13227\" data-src=\"https:\/\/wernerdeck.de\/blog\/wp-content\/gallery\/waren2\/fahrradtaschen-packen-start-waren-2025.jpg\" data-thumbnail=\"https:\/\/wernerdeck.de\/blog\/wp-content\/gallery\/waren2\/thumbs\/thumbs_fahrradtaschen-packen-start-waren-2025.jpg\" data-title=\"Packen der Fahrradtaschen \u2013 Start in Waren zur Radtour Mecklenburgische Seenplatte\" data-description=\" \" >\n\t\t\t\t\t\t\t\t<img title=\"Packen der Fahrradtaschen \u2013 Start in Waren zur Radtour Mecklenburgische Seenplatte\" alt=\"Packen der Fahrradtaschen \u2013 Start in Waren zur Radtour Mecklenburgische Seenplatte\" src=\"https:\/\/wernerdeck.de\/blog\/wp-content\/gallery\/waren2\/thumbs\/thumbs_fahrradtaschen-packen-start-waren-2025.jpg\" width='240' height='160' \/>\n\t\t\t\t\t\t\t<\/a>\n\t\t\t<span>\n\t\t\t \t\t\t<\/span>\n\t\t<\/div>\n\t<\/div>\n\t\t\t\t\t\t\t\t\n\t<div id=\"ngg-image-13228\" class=\"ngg-gallery-thumbnail-box\" style=\"width:25%;\" >\n\t\t<div class=\"ngg-gallery-thumbnail\" >\n\t\t\t<a href=\"https:\/\/wernerdeck.de\/blog\/wp-content\/gallery\/waren2\/tourgepaeck-verstauen-waren-juni-2025.jpg\"\n\t\t\t\ttitle=\" \"\n\t\t\t\tclass=\"ngg-simplelightbox\" rel=\"a7d49bd42dac107c3c4c44d678e4597c\" data-image-id=\"13228\" data-src=\"https:\/\/wernerdeck.de\/blog\/wp-content\/gallery\/waren2\/tourgepaeck-verstauen-waren-juni-2025.jpg\" data-thumbnail=\"https:\/\/wernerdeck.de\/blog\/wp-content\/gallery\/waren2\/thumbs\/thumbs_tourgepaeck-verstauen-waren-juni-2025.jpg\" data-title=\"Gep\u00e4ck verstauen f\u00fcrs Abenteuer \u2013 unsere Radtour startet in Waren\" data-description=\" \" >\n\t\t\t\t\t\t\t\t<img title=\"Gep\u00e4ck verstauen f\u00fcrs Abenteuer \u2013 unsere Radtour startet in Waren\" alt=\"Gep\u00e4ck verstauen f\u00fcrs Abenteuer \u2013 unsere Radtour startet in Waren\" src=\"https:\/\/wernerdeck.de\/blog\/wp-content\/gallery\/waren2\/thumbs\/thumbs_tourgepaeck-verstauen-waren-juni-2025.jpg\" width='240' height='160' \/>\n\t\t\t\t\t\t\t<\/a>\n\t\t\t<span>\n\t\t\t \t\t\t<\/span>\n\t\t<\/div>\n\t<\/div>\n\t\t\t\t\t\t\t\t\n\t<div id=\"ngg-image-13225\" class=\"ngg-gallery-thumbnail-box\" style=\"width:25%;\" >\n\t\t<div class=\"ngg-gallery-thumbnail\" >\n\t\t\t<a href=\"https:\/\/wernerdeck.de\/blog\/wp-content\/gallery\/waren2\/fahrraeder-abladen-autotraeger-waren-2025.jpg\"\n\t\t\t\ttitle=\" \"\n\t\t\t\tclass=\"ngg-simplelightbox\" rel=\"a7d49bd42dac107c3c4c44d678e4597c\" data-image-id=\"13225\" data-src=\"https:\/\/wernerdeck.de\/blog\/wp-content\/gallery\/waren2\/fahrraeder-abladen-autotraeger-waren-2025.jpg\" data-thumbnail=\"https:\/\/wernerdeck.de\/blog\/wp-content\/gallery\/waren2\/thumbs\/thumbs_fahrraeder-abladen-autotraeger-waren-2025.jpg\" data-title=\"Fahrr\u00e4der vom Tr\u00e4ger abladen \u2013 Tourvorbereitung in Waren an der M\u00fcritz\" data-description=\" \" >\n\t\t\t\t\t\t\t\t<img title=\"Fahrr\u00e4der vom Tr\u00e4ger abladen \u2013 Tourvorbereitung in Waren an der M\u00fcritz\" alt=\"Fahrr\u00e4der vom Tr\u00e4ger abladen \u2013 Tourvorbereitung in Waren an der M\u00fcritz\" src=\"https:\/\/wernerdeck.de\/blog\/wp-content\/gallery\/waren2\/thumbs\/thumbs_fahrraeder-abladen-autotraeger-waren-2025.jpg\" width='240' height='160' \/>\n\t\t\t\t\t\t\t<\/a>\n\t\t\t<span>\n\t\t\t \t\t\t<\/span>\n\t\t<\/div>\n\t<\/div>\n\t\t\t\t\t\t\t\t\n\t<div id=\"ngg-image-13226\" class=\"ngg-gallery-thumbnail-box\" style=\"width:25%;\" >\n\t\t<div class=\"ngg-gallery-thumbnail\" >\n\t\t\t<a href=\"https:\/\/wernerdeck.de\/blog\/wp-content\/gallery\/waren2\/startklar-radtour-seenplatte-waren-2025.jpg\"\n\t\t\t\ttitle=\" \"\n\t\t\t\tclass=\"ngg-simplelightbox\" rel=\"a7d49bd42dac107c3c4c44d678e4597c\" data-image-id=\"13226\" data-src=\"https:\/\/wernerdeck.de\/blog\/wp-content\/gallery\/waren2\/startklar-radtour-seenplatte-waren-2025.jpg\" data-thumbnail=\"https:\/\/wernerdeck.de\/blog\/wp-content\/gallery\/waren2\/thumbs\/thumbs_startklar-radtour-seenplatte-waren-2025.jpg\" data-title=\"Alles verstaut und startklar \u2013 Radtour Mecklenburgische Seenplatte beginnt\" data-description=\" \" >\n\t\t\t\t\t\t\t\t<img title=\"Alles verstaut und startklar \u2013 Radtour Mecklenburgische Seenplatte beginnt\" alt=\"Alles verstaut und startklar \u2013 Radtour Mecklenburgische Seenplatte beginnt\" src=\"https:\/\/wernerdeck.de\/blog\/wp-content\/gallery\/waren2\/thumbs\/thumbs_startklar-radtour-seenplatte-waren-2025.jpg\" width='240' height='160' \/>\n\t\t\t\t\t\t\t<\/a>\n\t\t\t<span>\n\t\t\t \t\t\t<\/span>\n\t\t<\/div>\n\t<\/div>\n\t\t\t\t\t\t\t<br style=\"clear: both\" \/>\n\t\t\t\n\t<!-- Pagination -->\n\t\t<div class='ngg-clear'><\/div>\t\n<\/div>\n\n\t\n<h3>Von Waren bis Schloss Klink \u2013 Start der Radtour Mecklenburgische Seenplatte<\/h3>\n<p><span style=\"font-weight: 400;\"><a href=\"http:\/\/Radtour, Mecklenburgische Seenplatte, Schloss Klink, Schloss Fleesensee, Malchow, Plau am See, Dobertin, Jagdschloss Bellin, Radreise 2025, Natur erleben, Deutschland mit dem Fahrrad\" target=\"_blank\" rel=\"noopener\">Start unserer <\/a><strong data-start=\"867\" data-end=\"916\">Radtour durch die Mecklenburgische Seenplatte <a href=\"https:\/\/wernerdeck.de\/blog\/2025\/06\/21\/mit-dem-neuen-fahrrad-seenplatte-tour\/\" target=\"_blank\" rel=\"noopener\">mit meinem neuen Fahrrad<\/a>. <\/strong>Kurz nach 10 Uhr traten wir in die Pedale und machten uns auf den Weg \u2013 von Waren zum ersten Etappenziel, dem Schloss Klink. Dort legten wir eine kurze Pause ein. Der Himmel zeigte sich grau, der Wind frischte sp\u00fcrbar auf.<\/span><\/p>\n<p><span style=\"font-weight: 400;\">Schloss Klink wurde 1898 im Stil der franz\u00f6sischen Renaissance nach dem Vorbild der Loire-Schl\u00f6sser erbaut. Auftraggeber war der Berliner Gro\u00dfindustrielle Arthur von Schnitzler. Das pr\u00e4chtige Herrenhaus diente bis 1945 als Familiensitz und wechselte nach dem Zweiten Weltkrieg mehrfach die Nutzung \u2013 unter anderem als Kinderheim und Ferienheim der DDR. Seit den 1990er-Jahren ist es aufwendig saniert und heute ein Hotel direkt am Ufer der M\u00fcritz.<\/span><\/p>\n\n<div class=\"ngg-galleryoverview ngg-template-caption\" id=\"ngg-gallery-2f9d70d22642018d9254100b0e8e22cd-27387\">\n\n\t\t\n\t<!-- Thumbnails -->\n\t\t\t\t\t\n\t<div id=\"ngg-image-13232\" class=\"ngg-gallery-thumbnail-box\" style=\"width:20%;\" >\n\t\t<div class=\"ngg-gallery-thumbnail\" >\n\t\t\t<a href=\"https:\/\/wernerdeck.de\/blog\/wp-content\/gallery\/schloss-klink\/schloss-klink-radtour-2025-02.jpg\"\n\t\t\t\ttitle=\" \"\n\t\t\t\tclass=\"ngg-simplelightbox\" rel=\"2f9d70d22642018d9254100b0e8e22cd\" data-image-id=\"13232\" data-src=\"https:\/\/wernerdeck.de\/blog\/wp-content\/gallery\/schloss-klink\/schloss-klink-radtour-2025-02.jpg\" data-thumbnail=\"https:\/\/wernerdeck.de\/blog\/wp-content\/gallery\/schloss-klink\/thumbs\/thumbs_schloss-klink-radtour-2025-02.jpg\" data-title=\"Start zur Radtour Mecklenburgische Seenplatte \u2013 auf dem Weg zum Schloss Klink\" data-description=\" \" >\n\t\t\t\t\t\t\t\t<img title=\"Start zur Radtour Mecklenburgische Seenplatte \u2013 auf dem Weg zum Schloss Klink\" alt=\"Start zur Radtour Mecklenburgische Seenplatte \u2013 auf dem Weg zum Schloss Klink\" src=\"https:\/\/wernerdeck.de\/blog\/wp-content\/gallery\/schloss-klink\/thumbs\/thumbs_schloss-klink-radtour-2025-02.jpg\" width='240' height='160' \/>\n\t\t\t\t\t\t\t<\/a>\n\t\t\t<span>\n\t\t\t \t\t\t<\/span>\n\t\t<\/div>\n\t<\/div>\n\t\t\t\t\t\t\t\t\n\t<div id=\"ngg-image-13233\" class=\"ngg-gallery-thumbnail-box\" style=\"width:20%;\" >\n\t\t<div class=\"ngg-gallery-thumbnail\" >\n\t\t\t<a href=\"https:\/\/wernerdeck.de\/blog\/wp-content\/gallery\/schloss-klink\/schloss-klink-radtour-2025-04.jpg\"\n\t\t\t\ttitle=\" \"\n\t\t\t\tclass=\"ngg-simplelightbox\" rel=\"2f9d70d22642018d9254100b0e8e22cd\" data-image-id=\"13233\" data-src=\"https:\/\/wernerdeck.de\/blog\/wp-content\/gallery\/schloss-klink\/schloss-klink-radtour-2025-04.jpg\" data-thumbnail=\"https:\/\/wernerdeck.de\/blog\/wp-content\/gallery\/schloss-klink\/thumbs\/thumbs_schloss-klink-radtour-2025-04.jpg\" data-title=\"Fahrt bei grauem Himmel und frischem Wind \u2013 erste Etappe Richtung Schloss Klink\" data-description=\" \" >\n\t\t\t\t\t\t\t\t<img title=\"Fahrt bei grauem Himmel und frischem Wind \u2013 erste Etappe Richtung Schloss Klink\" alt=\"Fahrt bei grauem Himmel und frischem Wind \u2013 erste Etappe Richtung Schloss Klink\" src=\"https:\/\/wernerdeck.de\/blog\/wp-content\/gallery\/schloss-klink\/thumbs\/thumbs_schloss-klink-radtour-2025-04.jpg\" width='240' height='160' \/>\n\t\t\t\t\t\t\t<\/a>\n\t\t\t<span>\n\t\t\t \t\t\t<\/span>\n\t\t<\/div>\n\t<\/div>\n\t\t\t\t\t\t\t\t\n\t<div id=\"ngg-image-13231\" class=\"ngg-gallery-thumbnail-box\" style=\"width:20%;\" >\n\t\t<div class=\"ngg-gallery-thumbnail\" >\n\t\t\t<a href=\"https:\/\/wernerdeck.de\/blog\/wp-content\/gallery\/schloss-klink\/schloss-klink-radtour-2025-06.jpg\"\n\t\t\t\ttitle=\" \"\n\t\t\t\tclass=\"ngg-simplelightbox\" rel=\"2f9d70d22642018d9254100b0e8e22cd\" data-image-id=\"13231\" data-src=\"https:\/\/wernerdeck.de\/blog\/wp-content\/gallery\/schloss-klink\/schloss-klink-radtour-2025-06.jpg\" data-thumbnail=\"https:\/\/wernerdeck.de\/blog\/wp-content\/gallery\/schloss-klink\/thumbs\/thumbs_schloss-klink-radtour-2025-06.jpg\" data-title=\"Ankunft am Schloss Klink \u2013 Pause auf unserer Radtour durch die Mecklenburgische Seenplatte\" data-description=\" \" >\n\t\t\t\t\t\t\t\t<img title=\"Ankunft am Schloss Klink \u2013 Pause auf unserer Radtour durch die Mecklenburgische Seenplatte\" alt=\"Ankunft am Schloss Klink \u2013 Pause auf unserer Radtour durch die Mecklenburgische Seenplatte\" src=\"https:\/\/wernerdeck.de\/blog\/wp-content\/gallery\/schloss-klink\/thumbs\/thumbs_schloss-klink-radtour-2025-06.jpg\" width='240' height='160' \/>\n\t\t\t\t\t\t\t<\/a>\n\t\t\t<span>\n\t\t\t \t\t\t<\/span>\n\t\t<\/div>\n\t<\/div>\n\t\t\t\t\t\t\t\t\n\t<div id=\"ngg-image-13230\" class=\"ngg-gallery-thumbnail-box\" style=\"width:20%;\" >\n\t\t<div class=\"ngg-gallery-thumbnail\" >\n\t\t\t<a href=\"https:\/\/wernerdeck.de\/blog\/wp-content\/gallery\/schloss-klink\/schloss-klink-radtour-2025-08.jpg\"\n\t\t\t\ttitle=\" \"\n\t\t\t\tclass=\"ngg-simplelightbox\" rel=\"2f9d70d22642018d9254100b0e8e22cd\" data-image-id=\"13230\" data-src=\"https:\/\/wernerdeck.de\/blog\/wp-content\/gallery\/schloss-klink\/schloss-klink-radtour-2025-08.jpg\" data-thumbnail=\"https:\/\/wernerdeck.de\/blog\/wp-content\/gallery\/schloss-klink\/thumbs\/thumbs_schloss-klink-radtour-2025-08.jpg\" data-title=\"Schloss Klink im Stil der Loire-Schl\u00f6sser \u2013 erstes Baujuwel auf unserer Seenplatten-Radtour\" data-description=\" \" >\n\t\t\t\t\t\t\t\t<img title=\"Schloss Klink im Stil der Loire-Schl\u00f6sser \u2013 erstes Baujuwel auf unserer Seenplatten-Radtour\" alt=\"Schloss Klink im Stil der Loire-Schl\u00f6sser \u2013 erstes Baujuwel auf unserer Seenplatten-Radtour\" src=\"https:\/\/wernerdeck.de\/blog\/wp-content\/gallery\/schloss-klink\/thumbs\/thumbs_schloss-klink-radtour-2025-08.jpg\" width='240' height='160' \/>\n\t\t\t\t\t\t\t<\/a>\n\t\t\t<span>\n\t\t\t \t\t\t<\/span>\n\t\t<\/div>\n\t<\/div>\n\t\t\t\t\t\t\t\t\n\t<div id=\"ngg-image-13229\" class=\"ngg-gallery-thumbnail-box\" style=\"width:20%;\" >\n\t\t<div class=\"ngg-gallery-thumbnail\" >\n\t\t\t<a href=\"https:\/\/wernerdeck.de\/blog\/wp-content\/gallery\/schloss-klink\/schloss-klink-radtour-2025-10.jpg\"\n\t\t\t\ttitle=\" \"\n\t\t\t\tclass=\"ngg-simplelightbox\" rel=\"2f9d70d22642018d9254100b0e8e22cd\" data-image-id=\"13229\" data-src=\"https:\/\/wernerdeck.de\/blog\/wp-content\/gallery\/schloss-klink\/schloss-klink-radtour-2025-10.jpg\" data-thumbnail=\"https:\/\/wernerdeck.de\/blog\/wp-content\/gallery\/schloss-klink\/thumbs\/thumbs_schloss-klink-radtour-2025-10.jpg\" data-title=\"Blick auf Schloss Klink an der M\u00fcritz \u2013 Zwischenstopp auf Etappe 1 unserer Radtour Mecklenburgische Seenplatte\" data-description=\" \" >\n\t\t\t\t\t\t\t\t<img title=\"Blick auf Schloss Klink an der M\u00fcritz \u2013 Zwischenstopp auf Etappe 1 unserer Radtour Mecklenburgische Seenplatte\" alt=\"Blick auf Schloss Klink an der M\u00fcritz \u2013 Zwischenstopp auf Etappe 1 unserer Radtour Mecklenburgische Seenplatte\" src=\"https:\/\/wernerdeck.de\/blog\/wp-content\/gallery\/schloss-klink\/thumbs\/thumbs_schloss-klink-radtour-2025-10.jpg\" width='240' height='160' \/>\n\t\t\t\t\t\t\t<\/a>\n\t\t\t<span>\n\t\t\t \t\t\t<\/span>\n\t\t<\/div>\n\t<\/div>\n\t\t\t\t\t\t\t<br style=\"clear: both\" \/>\n\t\t\t\n\t<!-- Pagination -->\n\t\t<div class='ngg-clear'><\/div>\t\n<\/div>\n\n\t\n<h3>Gegenwind und Schl\u00f6sser: Fleesensee und Malchow<\/h3>\n<p><span style=\"font-weight: 400;\">Etwa 9 Kilometer sp\u00e4ter, gegen 11:30 Uhr, erreichten wir das Schloss Fleesensee. Der Gegenwind war inzwischen so kr\u00e4ftig, dass er uns den ganzen Tag \u00fcber begleiten sollte \u2013 und das Radfahren zur echten Herausforderung machte. Diese Etappe unserer Radtour durch die Mecklenburgische Seenplatte f\u00fchrte uns weiter zu Schloss Fleesensee.<\/span><\/p>\n<p><span style=\"font-weight: 400;\">Schloss Fleesensee (auch Schloss Bl\u00fccher genannt) wurde 1842 von Graf Ludwig\u202fII. von Bl\u00fccher als Herrenhaus errichtet. 1871 es in den Besitz von Freiherr Hubert\u202fvon Tiele\u2011Winckler, der 1912 nach einem verheerenden Brand einen neubarocken Neubau mit zwei dekorativen T\u00fcrmen errichten lie\u00df. Nach wechselvollen Nutzungen im 20. Jahrhundert \u2013 unter anderem als Schule, Fl\u00fcchtlingsunterkunft und Ferienheim \u2013 wurde es in den 1990er\u2011Jahren zum Hotel umgebaut. Zahlreiche Renovierungen folgten und heute firmiert es als luxuri\u00f6ses Schlosshotel.<\/span><\/p>\n<p>\n<div class=\"ngg-galleryoverview ngg-template-caption\" id=\"ngg-gallery-171bb3f7dd9799fea7ceb081708a379f-27387\">\n\n\t\t\n\t<!-- Thumbnails -->\n\t\t\t\t\t\n\t<div id=\"ngg-image-13237\" class=\"ngg-gallery-thumbnail-box\" style=\"width:25%;\" >\n\t\t<div class=\"ngg-gallery-thumbnail\" >\n\t\t\t<a href=\"https:\/\/wernerdeck.de\/blog\/wp-content\/gallery\/fleesensee\/schloss-fleesensee-radtour-2025-02.jpg\"\n\t\t\t\ttitle=\" \"\n\t\t\t\tclass=\"ngg-simplelightbox\" rel=\"171bb3f7dd9799fea7ceb081708a379f\" data-image-id=\"13237\" data-src=\"https:\/\/wernerdeck.de\/blog\/wp-content\/gallery\/fleesensee\/schloss-fleesensee-radtour-2025-02.jpg\" data-thumbnail=\"https:\/\/wernerdeck.de\/blog\/wp-content\/gallery\/fleesensee\/thumbs\/thumbs_schloss-fleesensee-radtour-2025-02.jpg\" data-title=\"Gegenwind auf dem Weg zum Schloss Fleesensee \u2013 Radtour Mecklenburgische Seenplatte\" data-description=\" \" >\n\t\t\t\t\t\t\t\t<img title=\"Gegenwind auf dem Weg zum Schloss Fleesensee \u2013 Radtour Mecklenburgische Seenplatte\" alt=\"Gegenwind auf dem Weg zum Schloss Fleesensee \u2013 Radtour Mecklenburgische Seenplatte\" src=\"https:\/\/wernerdeck.de\/blog\/wp-content\/gallery\/fleesensee\/thumbs\/thumbs_schloss-fleesensee-radtour-2025-02.jpg\" width='240' height='160' \/>\n\t\t\t\t\t\t\t<\/a>\n\t\t\t<span>\n\t\t\t \t\t\t<\/span>\n\t\t<\/div>\n\t<\/div>\n\t\t\t\t\t\t\t\t\n\t<div id=\"ngg-image-13234\" class=\"ngg-gallery-thumbnail-box\" style=\"width:25%;\" >\n\t\t<div class=\"ngg-gallery-thumbnail\" >\n\t\t\t<a href=\"https:\/\/wernerdeck.de\/blog\/wp-content\/gallery\/fleesensee\/schloss-fleesensee-radtour-2025-04.jpg\"\n\t\t\t\ttitle=\" \"\n\t\t\t\tclass=\"ngg-simplelightbox\" rel=\"171bb3f7dd9799fea7ceb081708a379f\" data-image-id=\"13234\" data-src=\"https:\/\/wernerdeck.de\/blog\/wp-content\/gallery\/fleesensee\/schloss-fleesensee-radtour-2025-04.jpg\" data-thumbnail=\"https:\/\/wernerdeck.de\/blog\/wp-content\/gallery\/fleesensee\/thumbs\/thumbs_schloss-fleesensee-radtour-2025-04.jpg\" data-title=\"Gegenwind auf dem Weg zum Schloss Fleesensee \u2013 Radtour Mecklenburgische Seenplatte\" data-description=\" \" >\n\t\t\t\t\t\t\t\t<img title=\"Gegenwind auf dem Weg zum Schloss Fleesensee \u2013 Radtour Mecklenburgische Seenplatte\" alt=\"Gegenwind auf dem Weg zum Schloss Fleesensee \u2013 Radtour Mecklenburgische Seenplatte\" src=\"https:\/\/wernerdeck.de\/blog\/wp-content\/gallery\/fleesensee\/thumbs\/thumbs_schloss-fleesensee-radtour-2025-04.jpg\" width='240' height='160' \/>\n\t\t\t\t\t\t\t<\/a>\n\t\t\t<span>\n\t\t\t \t\t\t<\/span>\n\t\t<\/div>\n\t<\/div>\n\t\t\t\t\t\t\t\t\n\t<div id=\"ngg-image-13235\" class=\"ngg-gallery-thumbnail-box\" style=\"width:25%;\" >\n\t\t<div class=\"ngg-gallery-thumbnail\" >\n\t\t\t<a href=\"https:\/\/wernerdeck.de\/blog\/wp-content\/gallery\/fleesensee\/schloss-fleesensee-radtour-2025-06.jpg\"\n\t\t\t\ttitle=\" \"\n\t\t\t\tclass=\"ngg-simplelightbox\" rel=\"171bb3f7dd9799fea7ceb081708a379f\" data-image-id=\"13235\" data-src=\"https:\/\/wernerdeck.de\/blog\/wp-content\/gallery\/fleesensee\/schloss-fleesensee-radtour-2025-06.jpg\" data-thumbnail=\"https:\/\/wernerdeck.de\/blog\/wp-content\/gallery\/fleesensee\/thumbs\/thumbs_schloss-fleesensee-radtour-2025-06.jpg\" data-title=\"Schloss Fleesensee \u2013 fr\u00fcher Schloss Bl\u00fccher, heute Hotel mit Geschichte\" data-description=\" \" >\n\t\t\t\t\t\t\t\t<img title=\"Schloss Fleesensee \u2013 fr\u00fcher Schloss Bl\u00fccher, heute Hotel mit Geschichte\" alt=\"Schloss Fleesensee \u2013 fr\u00fcher Schloss Bl\u00fccher, heute Hotel mit Geschichte\" src=\"https:\/\/wernerdeck.de\/blog\/wp-content\/gallery\/fleesensee\/thumbs\/thumbs_schloss-fleesensee-radtour-2025-06.jpg\" width='240' height='160' \/>\n\t\t\t\t\t\t\t<\/a>\n\t\t\t<span>\n\t\t\t \t\t\t<\/span>\n\t\t<\/div>\n\t<\/div>\n\t\t\t\t\t\t\t\t\n\t<div id=\"ngg-image-13236\" class=\"ngg-gallery-thumbnail-box\" style=\"width:25%;\" >\n\t\t<div class=\"ngg-gallery-thumbnail\" >\n\t\t\t<a href=\"https:\/\/wernerdeck.de\/blog\/wp-content\/gallery\/fleesensee\/schloss-fleesensee-radtour-2025-08.jpg\"\n\t\t\t\ttitle=\" \"\n\t\t\t\tclass=\"ngg-simplelightbox\" rel=\"171bb3f7dd9799fea7ceb081708a379f\" data-image-id=\"13236\" data-src=\"https:\/\/wernerdeck.de\/blog\/wp-content\/gallery\/fleesensee\/schloss-fleesensee-radtour-2025-08.jpg\" data-thumbnail=\"https:\/\/wernerdeck.de\/blog\/wp-content\/gallery\/fleesensee\/thumbs\/thumbs_schloss-fleesensee-radtour-2025-08.jpg\" data-title=\"Schloss Fleesensee, errichtet 1842 von Graf Ludwig II. von Bl\u00fccher \u2013 Station unserer Radtour durch Mecklenburg\" data-description=\" \" >\n\t\t\t\t\t\t\t\t<img title=\"Schloss Fleesensee, errichtet 1842 von Graf Ludwig II. von Bl\u00fccher \u2013 Station unserer Radtour durch Mecklenburg\" alt=\"Schloss Fleesensee, errichtet 1842 von Graf Ludwig II. von Bl\u00fccher \u2013 Station unserer Radtour durch Mecklenburg\" src=\"https:\/\/wernerdeck.de\/blog\/wp-content\/gallery\/fleesensee\/thumbs\/thumbs_schloss-fleesensee-radtour-2025-08.jpg\" width='240' height='160' \/>\n\t\t\t\t\t\t\t<\/a>\n\t\t\t<span>\n\t\t\t \t\t\t<\/span>\n\t\t<\/div>\n\t<\/div>\n\t\t\t\t\t\t\t<br style=\"clear: both\" \/>\n\t\t\t\n\t<!-- Pagination -->\n\t\t<div class='ngg-clear'><\/div>\t\n<\/div>\n\n\tZwischen den Etappen bot sich uns eine abwechslungsreiche Landschaft: immer wieder \u00f6ffneten sich Blicke auf weite Wasserfl\u00e4chen, dazwischen dichte Waldst\u00fccke, stille Buchten und sanfte H\u00fcgel. Die <strong data-start=\"2271\" data-end=\"2302\">Mecklenburgische Seenplatte<\/strong> pr\u00e4sentierte sich auch an diesem grauen Tag mit einer ganz eigenen Ruhe und Weite \u2013 fast meditativ.<\/p>\n<p>\n<div class=\"ngg-galleryoverview ngg-template-caption\" id=\"ngg-gallery-27b3bf9207efa00bcfe229b27a96926f-27387\">\n\n\t\t\n\t<!-- Thumbnails -->\n\t\t\t\t\t\n\t<div id=\"ngg-image-13238\" class=\"ngg-gallery-thumbnail-box\" style=\"width:33%;\" >\n\t\t<div class=\"ngg-gallery-thumbnail\" >\n\t\t\t<a href=\"https:\/\/wernerdeck.de\/blog\/wp-content\/gallery\/meditativ\/seenplatte-natur-radtour-2025-02.jpg\"\n\t\t\t\ttitle=\" \"\n\t\t\t\tclass=\"ngg-simplelightbox\" rel=\"27b3bf9207efa00bcfe229b27a96926f\" data-image-id=\"13238\" data-src=\"https:\/\/wernerdeck.de\/blog\/wp-content\/gallery\/meditativ\/seenplatte-natur-radtour-2025-02.jpg\" data-thumbnail=\"https:\/\/wernerdeck.de\/blog\/wp-content\/gallery\/meditativ\/thumbs\/thumbs_seenplatte-natur-radtour-2025-02.jpg\" data-title=\"Ruhe und Weite trotz grauem Himmel \u2013 sch\u00f6ne Geb\u00e4ude auf unserer Seenplatten-Radtour\" data-description=\" \" >\n\t\t\t\t\t\t\t\t<img title=\"Ruhe und Weite trotz grauem Himmel \u2013 sch\u00f6ne Geb\u00e4ude auf unserer Seenplatten-Radtour\" alt=\"Ruhe und Weite trotz grauem Himmel \u2013 sch\u00f6ne Geb\u00e4ude auf unserer Seenplatten-Radtour\" src=\"https:\/\/wernerdeck.de\/blog\/wp-content\/gallery\/meditativ\/thumbs\/thumbs_seenplatte-natur-radtour-2025-02.jpg\" width='240' height='160' \/>\n\t\t\t\t\t\t\t<\/a>\n\t\t\t<span>\n\t\t\t \t\t\t<\/span>\n\t\t<\/div>\n\t<\/div>\n\t\t\t\t\t\t\t\t\n\t<div id=\"ngg-image-13240\" class=\"ngg-gallery-thumbnail-box\" style=\"width:33%;\" >\n\t\t<div class=\"ngg-gallery-thumbnail\" >\n\t\t\t<a href=\"https:\/\/wernerdeck.de\/blog\/wp-content\/gallery\/meditativ\/seenplatte-natur-radtour-2025-04.jpg\"\n\t\t\t\ttitle=\" \"\n\t\t\t\tclass=\"ngg-simplelightbox\" rel=\"27b3bf9207efa00bcfe229b27a96926f\" data-image-id=\"13240\" data-src=\"https:\/\/wernerdeck.de\/blog\/wp-content\/gallery\/meditativ\/seenplatte-natur-radtour-2025-04.jpg\" data-thumbnail=\"https:\/\/wernerdeck.de\/blog\/wp-content\/gallery\/meditativ\/thumbs\/thumbs_seenplatte-natur-radtour-2025-04.jpg\" data-title=\"Weite Wasserfl\u00e4chen und stille Buchten \u2013 Landschaft der Mecklenburgischen Seenplatte auf Etappe 1\" data-description=\" \" >\n\t\t\t\t\t\t\t\t<img title=\"Weite Wasserfl\u00e4chen und stille Buchten \u2013 Landschaft der Mecklenburgischen Seenplatte auf Etappe 1\" alt=\"Weite Wasserfl\u00e4chen und stille Buchten \u2013 Landschaft der Mecklenburgischen Seenplatte auf Etappe 1\" src=\"https:\/\/wernerdeck.de\/blog\/wp-content\/gallery\/meditativ\/thumbs\/thumbs_seenplatte-natur-radtour-2025-04.jpg\" width='240' height='160' \/>\n\t\t\t\t\t\t\t<\/a>\n\t\t\t<span>\n\t\t\t \t\t\t<\/span>\n\t\t<\/div>\n\t<\/div>\n\t\t\t\t\t\t\t\t\n\t<div id=\"ngg-image-13239\" class=\"ngg-gallery-thumbnail-box\" style=\"width:33%;\" >\n\t\t<div class=\"ngg-gallery-thumbnail\" >\n\t\t\t<a href=\"https:\/\/wernerdeck.de\/blog\/wp-content\/gallery\/meditativ\/seenplatte-natur-radtour-2025-06.jpg\"\n\t\t\t\ttitle=\" \"\n\t\t\t\tclass=\"ngg-simplelightbox\" rel=\"27b3bf9207efa00bcfe229b27a96926f\" data-image-id=\"13239\" data-src=\"https:\/\/wernerdeck.de\/blog\/wp-content\/gallery\/meditativ\/seenplatte-natur-radtour-2025-06.jpg\" data-thumbnail=\"https:\/\/wernerdeck.de\/blog\/wp-content\/gallery\/meditativ\/thumbs\/thumbs_seenplatte-natur-radtour-2025-06.jpg\" data-title=\"Dichte W\u00e4lder und sanfte H\u00fcgel \u2013 meditative Momente unserer Radtour zwischen den Etappen - Einfahrt in Malchow\" data-description=\" \" >\n\t\t\t\t\t\t\t\t<img title=\"Dichte W\u00e4lder und sanfte H\u00fcgel \u2013 meditative Momente unserer Radtour zwischen den Etappen - Einfahrt in Malchow\" alt=\"Dichte W\u00e4lder und sanfte H\u00fcgel \u2013 meditative Momente unserer Radtour zwischen den Etappen - Einfahrt in Malchow\" src=\"https:\/\/wernerdeck.de\/blog\/wp-content\/gallery\/meditativ\/thumbs\/thumbs_seenplatte-natur-radtour-2025-06.jpg\" width='240' height='160' \/>\n\t\t\t\t\t\t\t<\/a>\n\t\t\t<span>\n\t\t\t \t\t\t<\/span>\n\t\t<\/div>\n\t<\/div>\n\t\t\t\t\t\t\t<br style=\"clear: both\" \/>\n\t\t\t\n\t<!-- Pagination -->\n\t\t<div class='ngg-clear'><\/div>\t\n<\/div>\n\n\t<span style=\"font-weight: 400;\">Kurz vor 12 Uhr rollten wir in Malchow ein. Wir besichtigten die sehenswerte Klosterkirche und \u00fcberquerten noch rechtzeitig vor dem Glockenschlag die ber\u00fchmte Drehbr\u00fccke. Von der Hafenmole aus beobachteten wir das \u00d6ffnen der Br\u00fccke und die ersten Schiffe, die in den Hafen einliefen \u2013 ein stimmungsvoller Moment.<\/span><\/p>\n<p><span style=\"font-weight: 400;\">Die Klosterkirche Malchow geht zur\u00fcck auf ein Damenstift, das 1298 gegr\u00fcndet wurde. Zwischen 1844 und 1849 errichtete Friedrich Wilhelm Buttel die Kirche im neugotischen Stil, die jedoch 1888 bei einem Brand fast vollst\u00e4ndig zerst\u00f6rt wurde. Der Wiederaufbau erfolgte 1888\u20131890 und pr\u00e4gte das heutige Erscheinungsbild. Seit 1997 dient sie als Mecklenburgisches Orgelmuseum und Veranstaltungsort f\u00fcr Konzerte und Trauungen.<\/span><\/p>\n\n<div class=\"ngg-galleryoverview ngg-template-caption\" id=\"ngg-gallery-c252fd2adc84711938445cd07abecac5-27387\">\n\n\t\t\n\t<!-- Thumbnails -->\n\t\t\t\t\t\n\t<div id=\"ngg-image-13246\" class=\"ngg-gallery-thumbnail-box\" style=\"width:33%;\" >\n\t\t<div class=\"ngg-gallery-thumbnail\" >\n\t\t\t<a href=\"https:\/\/wernerdeck.de\/blog\/wp-content\/gallery\/malchow\/malchow-radtour-seenplatte-2025-02.jpg\"\n\t\t\t\ttitle=\" \"\n\t\t\t\tclass=\"ngg-simplelightbox\" rel=\"c252fd2adc84711938445cd07abecac5\" data-image-id=\"13246\" data-src=\"https:\/\/wernerdeck.de\/blog\/wp-content\/gallery\/malchow\/malchow-radtour-seenplatte-2025-02.jpg\" data-thumbnail=\"https:\/\/wernerdeck.de\/blog\/wp-content\/gallery\/malchow\/thumbs\/thumbs_malchow-radtour-seenplatte-2025-02.jpg\" data-title=\"Einfahrt nach Malchow kurz vor 12 Uhr \u2013 Station unserer Radtour Mecklenburgische Seenplatte\" data-description=\" \" >\n\t\t\t\t\t\t\t\t<img title=\"Einfahrt nach Malchow kurz vor 12 Uhr \u2013 Station unserer Radtour Mecklenburgische Seenplatte\" alt=\"Einfahrt nach Malchow kurz vor 12 Uhr \u2013 Station unserer Radtour Mecklenburgische Seenplatte\" src=\"https:\/\/wernerdeck.de\/blog\/wp-content\/gallery\/malchow\/thumbs\/thumbs_malchow-radtour-seenplatte-2025-02.jpg\" width='240' height='160' \/>\n\t\t\t\t\t\t\t<\/a>\n\t\t\t<span>\n\t\t\t \t\t\t<\/span>\n\t\t<\/div>\n\t<\/div>\n\t\t\t\t\t\t\t\t\n\t<div id=\"ngg-image-13241\" class=\"ngg-gallery-thumbnail-box\" style=\"width:33%;\" >\n\t\t<div class=\"ngg-gallery-thumbnail\" >\n\t\t\t<a href=\"https:\/\/wernerdeck.de\/blog\/wp-content\/gallery\/malchow\/malchow-radtour-seenplatte-2025-04.jpg\"\n\t\t\t\ttitle=\" \"\n\t\t\t\tclass=\"ngg-simplelightbox\" rel=\"c252fd2adc84711938445cd07abecac5\" data-image-id=\"13241\" data-src=\"https:\/\/wernerdeck.de\/blog\/wp-content\/gallery\/malchow\/malchow-radtour-seenplatte-2025-04.jpg\" data-thumbnail=\"https:\/\/wernerdeck.de\/blog\/wp-content\/gallery\/malchow\/thumbs\/thumbs_malchow-radtour-seenplatte-2025-04.jpg\" data-title=\"Klosterkirche Malchow \u2013 gotisches Wahrzeichen der Inselstadt\" data-description=\" \" >\n\t\t\t\t\t\t\t\t<img title=\"Klosterkirche Malchow \u2013 gotisches Wahrzeichen der Inselstadt\" alt=\"Klosterkirche Malchow \u2013 gotisches Wahrzeichen der Inselstadt\" src=\"https:\/\/wernerdeck.de\/blog\/wp-content\/gallery\/malchow\/thumbs\/thumbs_malchow-radtour-seenplatte-2025-04.jpg\" width='240' height='160' \/>\n\t\t\t\t\t\t\t<\/a>\n\t\t\t<span>\n\t\t\t \t\t\t<\/span>\n\t\t<\/div>\n\t<\/div>\n\t\t\t\t\t\t\t\t\n\t<div id=\"ngg-image-13243\" class=\"ngg-gallery-thumbnail-box\" style=\"width:33%;\" >\n\t\t<div class=\"ngg-gallery-thumbnail\" >\n\t\t\t<a href=\"https:\/\/wernerdeck.de\/blog\/wp-content\/gallery\/malchow\/malchow-radtour-seenplatte-2025-06.jpg\"\n\t\t\t\ttitle=\" \"\n\t\t\t\tclass=\"ngg-simplelightbox\" rel=\"c252fd2adc84711938445cd07abecac5\" data-image-id=\"13243\" data-src=\"https:\/\/wernerdeck.de\/blog\/wp-content\/gallery\/malchow\/malchow-radtour-seenplatte-2025-06.jpg\" data-thumbnail=\"https:\/\/wernerdeck.de\/blog\/wp-content\/gallery\/malchow\/thumbs\/thumbs_malchow-radtour-seenplatte-2025-06.jpg\" data-title=\"Stimmungsvoller Blick von der Hafenmole Malchow \u2013 mitt\u00e4glicher Tourmoment\" data-description=\" \" >\n\t\t\t\t\t\t\t\t<img title=\"Stimmungsvoller Blick von der Hafenmole Malchow \u2013 mitt\u00e4glicher Tourmoment\" alt=\"Stimmungsvoller Blick von der Hafenmole Malchow \u2013 mitt\u00e4glicher Tourmoment\" src=\"https:\/\/wernerdeck.de\/blog\/wp-content\/gallery\/malchow\/thumbs\/thumbs_malchow-radtour-seenplatte-2025-06.jpg\" width='240' height='160' \/>\n\t\t\t\t\t\t\t<\/a>\n\t\t\t<span>\n\t\t\t \t\t\t<\/span>\n\t\t<\/div>\n\t<\/div>\n\t\t\t\t\t\t\t<br style=\"clear: both\" \/>\n\t\t\t\n\t<div id=\"ngg-image-13242\" class=\"ngg-gallery-thumbnail-box\" style=\"width:33%;\" >\n\t\t<div class=\"ngg-gallery-thumbnail\" >\n\t\t\t<a href=\"https:\/\/wernerdeck.de\/blog\/wp-content\/gallery\/malchow\/malchow-radtour-seenplatte-2025-08.jpg\"\n\t\t\t\ttitle=\" \"\n\t\t\t\tclass=\"ngg-simplelightbox\" rel=\"c252fd2adc84711938445cd07abecac5\" data-image-id=\"13242\" data-src=\"https:\/\/wernerdeck.de\/blog\/wp-content\/gallery\/malchow\/malchow-radtour-seenplatte-2025-08.jpg\" data-thumbnail=\"https:\/\/wernerdeck.de\/blog\/wp-content\/gallery\/malchow\/thumbs\/thumbs_malchow-radtour-seenplatte-2025-08.jpg\" data-title=\"Klosterkirche Malchow aus der N\u00e4he \u2013 ein Ort mit Geschichte seit 1298\" data-description=\" \" >\n\t\t\t\t\t\t\t\t<img title=\"Klosterkirche Malchow aus der N\u00e4he \u2013 ein Ort mit Geschichte seit 1298\" alt=\"Klosterkirche Malchow aus der N\u00e4he \u2013 ein Ort mit Geschichte seit 1298\" src=\"https:\/\/wernerdeck.de\/blog\/wp-content\/gallery\/malchow\/thumbs\/thumbs_malchow-radtour-seenplatte-2025-08.jpg\" width='240' height='160' \/>\n\t\t\t\t\t\t\t<\/a>\n\t\t\t<span>\n\t\t\t \t\t\t<\/span>\n\t\t<\/div>\n\t<\/div>\n\t\t\t\t\t\t\t\t\n\t<div id=\"ngg-image-13245\" class=\"ngg-gallery-thumbnail-box\" style=\"width:33%;\" >\n\t\t<div class=\"ngg-gallery-thumbnail\" >\n\t\t\t<a href=\"https:\/\/wernerdeck.de\/blog\/wp-content\/gallery\/malchow\/malchow-radtour-seenplatte-2025-10.jpg\"\n\t\t\t\ttitle=\" \"\n\t\t\t\tclass=\"ngg-simplelightbox\" rel=\"c252fd2adc84711938445cd07abecac5\" data-image-id=\"13245\" data-src=\"https:\/\/wernerdeck.de\/blog\/wp-content\/gallery\/malchow\/malchow-radtour-seenplatte-2025-10.jpg\" data-thumbnail=\"https:\/\/wernerdeck.de\/blog\/wp-content\/gallery\/malchow\/thumbs\/thumbs_malchow-radtour-seenplatte-2025-10.jpg\" data-title=\"Historische Drehbr\u00fccke in Malchow \u2013 kurz vor dem Mittagsl\u00e4uten\" data-description=\" \" >\n\t\t\t\t\t\t\t\t<img title=\"Historische Drehbr\u00fccke in Malchow \u2013 kurz vor dem Mittagsl\u00e4uten\" alt=\"Historische Drehbr\u00fccke in Malchow \u2013 kurz vor dem Mittagsl\u00e4uten\" src=\"https:\/\/wernerdeck.de\/blog\/wp-content\/gallery\/malchow\/thumbs\/thumbs_malchow-radtour-seenplatte-2025-10.jpg\" width='240' height='160' \/>\n\t\t\t\t\t\t\t<\/a>\n\t\t\t<span>\n\t\t\t \t\t\t<\/span>\n\t\t<\/div>\n\t<\/div>\n\t\t\t\t\t\t\t\t\n\t<div id=\"ngg-image-13244\" class=\"ngg-gallery-thumbnail-box\" style=\"width:33%;\" >\n\t\t<div class=\"ngg-gallery-thumbnail\" >\n\t\t\t<a href=\"https:\/\/wernerdeck.de\/blog\/wp-content\/gallery\/malchow\/malchow-radtour-seenplatte-2025-12.jpg\"\n\t\t\t\ttitle=\" \"\n\t\t\t\tclass=\"ngg-simplelightbox\" rel=\"c252fd2adc84711938445cd07abecac5\" data-image-id=\"13244\" data-src=\"https:\/\/wernerdeck.de\/blog\/wp-content\/gallery\/malchow\/malchow-radtour-seenplatte-2025-12.jpg\" data-thumbnail=\"https:\/\/wernerdeck.de\/blog\/wp-content\/gallery\/malchow\/thumbs\/thumbs_malchow-radtour-seenplatte-2025-12.jpg\" data-title=\"Technik in Bewegung \u2013 das \u00d6ffnen der Malchower Drehbr\u00fccke live miterlebt\" data-description=\" \" >\n\t\t\t\t\t\t\t\t<img title=\"Technik in Bewegung \u2013 das \u00d6ffnen der Malchower Drehbr\u00fccke live miterlebt\" alt=\"Technik in Bewegung \u2013 das \u00d6ffnen der Malchower Drehbr\u00fccke live miterlebt\" src=\"https:\/\/wernerdeck.de\/blog\/wp-content\/gallery\/malchow\/thumbs\/thumbs_malchow-radtour-seenplatte-2025-12.jpg\" width='240' height='160' \/>\n\t\t\t\t\t\t\t<\/a>\n\t\t\t<span>\n\t\t\t \t\t\t<\/span>\n\t\t<\/div>\n\t<\/div>\n\t\t\t\t\t\t\t<br style=\"clear: both\" \/>\n\t\t\t\n\t<div id=\"ngg-image-13248\" class=\"ngg-gallery-thumbnail-box\" style=\"width:33%;\" >\n\t\t<div class=\"ngg-gallery-thumbnail\" >\n\t\t\t<a href=\"https:\/\/wernerdeck.de\/blog\/wp-content\/gallery\/malchow\/malchow-radtour-seenplatte-2025-14.jpg\"\n\t\t\t\ttitle=\" \"\n\t\t\t\tclass=\"ngg-simplelightbox\" rel=\"c252fd2adc84711938445cd07abecac5\" data-image-id=\"13248\" data-src=\"https:\/\/wernerdeck.de\/blog\/wp-content\/gallery\/malchow\/malchow-radtour-seenplatte-2025-14.jpg\" data-thumbnail=\"https:\/\/wernerdeck.de\/blog\/wp-content\/gallery\/malchow\/thumbs\/thumbs_malchow-radtour-seenplatte-2025-14.jpg\" data-title=\"Blick auf die ge\u00f6ffnete Drehbr\u00fccke \u2013 Schiffe fahren in den Hafen von Malchow\" data-description=\" \" >\n\t\t\t\t\t\t\t\t<img title=\"Blick auf die ge\u00f6ffnete Drehbr\u00fccke \u2013 Schiffe fahren in den Hafen von Malchow\" alt=\"Blick auf die ge\u00f6ffnete Drehbr\u00fccke \u2013 Schiffe fahren in den Hafen von Malchow\" src=\"https:\/\/wernerdeck.de\/blog\/wp-content\/gallery\/malchow\/thumbs\/thumbs_malchow-radtour-seenplatte-2025-14.jpg\" width='240' height='160' \/>\n\t\t\t\t\t\t\t<\/a>\n\t\t\t<span>\n\t\t\t \t\t\t<\/span>\n\t\t<\/div>\n\t<\/div>\n\t\t\t\t\t\t\t\t\n\t<div id=\"ngg-image-13247\" class=\"ngg-gallery-thumbnail-box\" style=\"width:33%;\" >\n\t\t<div class=\"ngg-gallery-thumbnail\" >\n\t\t\t<a href=\"https:\/\/wernerdeck.de\/blog\/wp-content\/gallery\/malchow\/malchow-radtour-seenplatte-2025-16.jpg\"\n\t\t\t\ttitle=\" \"\n\t\t\t\tclass=\"ngg-simplelightbox\" rel=\"c252fd2adc84711938445cd07abecac5\" data-image-id=\"13247\" data-src=\"https:\/\/wernerdeck.de\/blog\/wp-content\/gallery\/malchow\/malchow-radtour-seenplatte-2025-16.jpg\" data-thumbnail=\"https:\/\/wernerdeck.de\/blog\/wp-content\/gallery\/malchow\/thumbs\/thumbs_malchow-radtour-seenplatte-2025-16.jpg\" data-title=\" Schiffe fahren in den Hafen von Malchow\" data-description=\" \" >\n\t\t\t\t\t\t\t\t<img title=\" Schiffe fahren in den Hafen von Malchow\" alt=\" Schiffe fahren in den Hafen von Malchow\" src=\"https:\/\/wernerdeck.de\/blog\/wp-content\/gallery\/malchow\/thumbs\/thumbs_malchow-radtour-seenplatte-2025-16.jpg\" width='240' height='160' \/>\n\t\t\t\t\t\t\t<\/a>\n\t\t\t<span>\n\t\t\t \t\t\t<\/span>\n\t\t<\/div>\n\t<\/div>\n\t\t\t\t\t\t\t\t\n\t<div id=\"ngg-image-13249\" class=\"ngg-gallery-thumbnail-box\" style=\"width:33%;\" >\n\t\t<div class=\"ngg-gallery-thumbnail\" >\n\t\t\t<a href=\"https:\/\/wernerdeck.de\/blog\/wp-content\/gallery\/malchow\/malchow-radtour-seenplatte-2025-18.jpg\"\n\t\t\t\ttitle=\" \"\n\t\t\t\tclass=\"ngg-simplelightbox\" rel=\"c252fd2adc84711938445cd07abecac5\" data-image-id=\"13249\" data-src=\"https:\/\/wernerdeck.de\/blog\/wp-content\/gallery\/malchow\/malchow-radtour-seenplatte-2025-18.jpg\" data-thumbnail=\"https:\/\/wernerdeck.de\/blog\/wp-content\/gallery\/malchow\/thumbs\/thumbs_malchow-radtour-seenplatte-2025-18.jpg\" data-title=\"\u00dcbersichtstafel am Hafen von Malchow\" data-description=\" \" >\n\t\t\t\t\t\t\t\t<img title=\"\u00dcbersichtstafel am Hafen von Malchow\" alt=\"\u00dcbersichtstafel am Hafen von Malchow\" src=\"https:\/\/wernerdeck.de\/blog\/wp-content\/gallery\/malchow\/thumbs\/thumbs_malchow-radtour-seenplatte-2025-18.jpg\" width='240' height='160' \/>\n\t\t\t\t\t\t\t<\/a>\n\t\t\t<span>\n\t\t\t \t\t\t<\/span>\n\t\t<\/div>\n\t<\/div>\n\t\t\t\t\t\t\t<br style=\"clear: both\" \/>\n\t\t\t\n\t<!-- Pagination -->\n\t\t<div class='ngg-clear'><\/div>\t\n<\/div>\n\n\t\n<h3>Plauer See, Woosten und Dobertin \u2013 Kultur entlang der Seenplatte<\/h3>\n<p><span style=\"font-weight: 400;\">Die Fahrt f\u00fchrte uns weiter durch das Naturschutzgebiet, vorbei am Hafen von Quetzin, bis zum Aussichtsturm &#8222;Moorochse&#8220;. Ein beliebter Beobachtungspunkt f\u00fcr Ornithologen \u2013 auch wir warfen einen Blick \u00fcber die weite Wasserlandschaft mit ihren Schilfg\u00fcrteln und Vogelrufen aus der Ferne.<\/span><\/p>\n<p>\n<div class=\"ngg-galleryoverview ngg-template-caption\" id=\"ngg-gallery-3c22c657431af63ed8dde6ebc62550d0-27387\">\n\n\t\t\n\t<!-- Thumbnails -->\n\t\t\t\t\t\n\t<div id=\"ngg-image-13250\" class=\"ngg-gallery-thumbnail-box\" style=\"width:33%;\" >\n\t\t<div class=\"ngg-gallery-thumbnail\" >\n\t\t\t<a href=\"https:\/\/wernerdeck.de\/blog\/wp-content\/gallery\/moorochse\/moorochse-naturschutzgebiet-seenplatte-02.jpg\"\n\t\t\t\ttitle=\" \"\n\t\t\t\tclass=\"ngg-simplelightbox\" rel=\"3c22c657431af63ed8dde6ebc62550d0\" data-image-id=\"13250\" data-src=\"https:\/\/wernerdeck.de\/blog\/wp-content\/gallery\/moorochse\/moorochse-naturschutzgebiet-seenplatte-02.jpg\" data-thumbnail=\"https:\/\/wernerdeck.de\/blog\/wp-content\/gallery\/moorochse\/thumbs\/thumbs_moorochse-naturschutzgebiet-seenplatte-02.jpg\" data-title=\"Fahrt durch das Naturschutzgebiet \u2013 Zwischenstopp auf unserer Radtour Mecklenburgische Seenplatte\" data-description=\" \" >\n\t\t\t\t\t\t\t\t<img title=\"Fahrt durch das Naturschutzgebiet \u2013 Zwischenstopp auf unserer Radtour Mecklenburgische Seenplatte\" alt=\"Fahrt durch das Naturschutzgebiet \u2013 Zwischenstopp auf unserer Radtour Mecklenburgische Seenplatte\" src=\"https:\/\/wernerdeck.de\/blog\/wp-content\/gallery\/moorochse\/thumbs\/thumbs_moorochse-naturschutzgebiet-seenplatte-02.jpg\" width='240' height='160' \/>\n\t\t\t\t\t\t\t<\/a>\n\t\t\t<span>\n\t\t\t \t\t\t<\/span>\n\t\t<\/div>\n\t<\/div>\n\t\t\t\t\t\t\t\t\n\t<div id=\"ngg-image-13254\" class=\"ngg-gallery-thumbnail-box\" style=\"width:33%;\" >\n\t\t<div class=\"ngg-gallery-thumbnail\" >\n\t\t\t<a href=\"https:\/\/wernerdeck.de\/blog\/wp-content\/gallery\/moorochse\/moorochse-naturschutzgebiet-seenplatte-04.jpg\"\n\t\t\t\ttitle=\" \"\n\t\t\t\tclass=\"ngg-simplelightbox\" rel=\"3c22c657431af63ed8dde6ebc62550d0\" data-image-id=\"13254\" data-src=\"https:\/\/wernerdeck.de\/blog\/wp-content\/gallery\/moorochse\/moorochse-naturschutzgebiet-seenplatte-04.jpg\" data-thumbnail=\"https:\/\/wernerdeck.de\/blog\/wp-content\/gallery\/moorochse\/thumbs\/thumbs_moorochse-naturschutzgebiet-seenplatte-04.jpg\" data-title=\"Der Aussichtsturm Moorochse \u2013 beliebter Platz f\u00fcr Ornithologen\" data-description=\" \" >\n\t\t\t\t\t\t\t\t<img title=\"Der Aussichtsturm Moorochse \u2013 beliebter Platz f\u00fcr Ornithologen\" alt=\"Der Aussichtsturm Moorochse \u2013 beliebter Platz f\u00fcr Ornithologen\" src=\"https:\/\/wernerdeck.de\/blog\/wp-content\/gallery\/moorochse\/thumbs\/thumbs_moorochse-naturschutzgebiet-seenplatte-04.jpg\" width='240' height='160' \/>\n\t\t\t\t\t\t\t<\/a>\n\t\t\t<span>\n\t\t\t \t\t\t<\/span>\n\t\t<\/div>\n\t<\/div>\n\t\t\t\t\t\t\t\t\n\t<div id=\"ngg-image-13255\" class=\"ngg-gallery-thumbnail-box\" style=\"width:33%;\" >\n\t\t<div class=\"ngg-gallery-thumbnail\" >\n\t\t\t<a href=\"https:\/\/wernerdeck.de\/blog\/wp-content\/gallery\/moorochse\/moorochse-naturschutzgebiet-seenplatte-06.jpg\"\n\t\t\t\ttitle=\" \"\n\t\t\t\tclass=\"ngg-simplelightbox\" rel=\"3c22c657431af63ed8dde6ebc62550d0\" data-image-id=\"13255\" data-src=\"https:\/\/wernerdeck.de\/blog\/wp-content\/gallery\/moorochse\/moorochse-naturschutzgebiet-seenplatte-06.jpg\" data-thumbnail=\"https:\/\/wernerdeck.de\/blog\/wp-content\/gallery\/moorochse\/thumbs\/thumbs_moorochse-naturschutzgebiet-seenplatte-06.jpg\" data-title=\"Ankunft am Aussichtsturm Moorochse \u2013 Zwischenstopp f\u00fcr Naturfreunde\" data-description=\" \" >\n\t\t\t\t\t\t\t\t<img title=\"Ankunft am Aussichtsturm Moorochse \u2013 Zwischenstopp f\u00fcr Naturfreunde\" alt=\"Ankunft am Aussichtsturm Moorochse \u2013 Zwischenstopp f\u00fcr Naturfreunde\" src=\"https:\/\/wernerdeck.de\/blog\/wp-content\/gallery\/moorochse\/thumbs\/thumbs_moorochse-naturschutzgebiet-seenplatte-06.jpg\" width='240' height='160' \/>\n\t\t\t\t\t\t\t<\/a>\n\t\t\t<span>\n\t\t\t \t\t\t<\/span>\n\t\t<\/div>\n\t<\/div>\n\t\t\t\t\t\t\t<br style=\"clear: both\" \/>\n\t\t\t\n\t<div id=\"ngg-image-13252\" class=\"ngg-gallery-thumbnail-box\" style=\"width:33%;\" >\n\t\t<div class=\"ngg-gallery-thumbnail\" >\n\t\t\t<a href=\"https:\/\/wernerdeck.de\/blog\/wp-content\/gallery\/moorochse\/moorochse-naturschutzgebiet-seenplatte-08.jpg\"\n\t\t\t\ttitle=\" \"\n\t\t\t\tclass=\"ngg-simplelightbox\" rel=\"3c22c657431af63ed8dde6ebc62550d0\" data-image-id=\"13252\" data-src=\"https:\/\/wernerdeck.de\/blog\/wp-content\/gallery\/moorochse\/moorochse-naturschutzgebiet-seenplatte-08.jpg\" data-thumbnail=\"https:\/\/wernerdeck.de\/blog\/wp-content\/gallery\/moorochse\/thumbs\/thumbs_moorochse-naturschutzgebiet-seenplatte-08.jpg\" data-title=\"Blick vom Moorochse \u00fcber die Seenlandschaft \u2013 weite, ruhige Natur\" data-description=\" \" >\n\t\t\t\t\t\t\t\t<img title=\"Blick vom Moorochse \u00fcber die Seenlandschaft \u2013 weite, ruhige Natur\" alt=\"Blick vom Moorochse \u00fcber die Seenlandschaft \u2013 weite, ruhige Natur\" src=\"https:\/\/wernerdeck.de\/blog\/wp-content\/gallery\/moorochse\/thumbs\/thumbs_moorochse-naturschutzgebiet-seenplatte-08.jpg\" width='240' height='160' \/>\n\t\t\t\t\t\t\t<\/a>\n\t\t\t<span>\n\t\t\t \t\t\t<\/span>\n\t\t<\/div>\n\t<\/div>\n\t\t\t\t\t\t\t\t\n\t<div id=\"ngg-image-13253\" class=\"ngg-gallery-thumbnail-box\" style=\"width:33%;\" >\n\t\t<div class=\"ngg-gallery-thumbnail\" >\n\t\t\t<a href=\"https:\/\/wernerdeck.de\/blog\/wp-content\/gallery\/moorochse\/moorochse-naturschutzgebiet-seenplatte-10.jpg\"\n\t\t\t\ttitle=\" \"\n\t\t\t\tclass=\"ngg-simplelightbox\" rel=\"3c22c657431af63ed8dde6ebc62550d0\" data-image-id=\"13253\" data-src=\"https:\/\/wernerdeck.de\/blog\/wp-content\/gallery\/moorochse\/moorochse-naturschutzgebiet-seenplatte-10.jpg\" data-thumbnail=\"https:\/\/wernerdeck.de\/blog\/wp-content\/gallery\/moorochse\/thumbs\/thumbs_moorochse-naturschutzgebiet-seenplatte-10.jpg\" data-title=\"Zum Beobachtungspunkt am See \u2013 Vogelrufe und stille Ausblicke\" data-description=\" \" >\n\t\t\t\t\t\t\t\t<img title=\"Zum Beobachtungspunkt am See \u2013 Vogelrufe und stille Ausblicke\" alt=\"Zum Beobachtungspunkt am See \u2013 Vogelrufe und stille Ausblicke\" src=\"https:\/\/wernerdeck.de\/blog\/wp-content\/gallery\/moorochse\/thumbs\/thumbs_moorochse-naturschutzgebiet-seenplatte-10.jpg\" width='240' height='160' \/>\n\t\t\t\t\t\t\t<\/a>\n\t\t\t<span>\n\t\t\t \t\t\t<\/span>\n\t\t<\/div>\n\t<\/div>\n\t\t\t\t\t\t\t\t\n\t<div id=\"ngg-image-13251\" class=\"ngg-gallery-thumbnail-box\" style=\"width:33%;\" >\n\t\t<div class=\"ngg-gallery-thumbnail\" >\n\t\t\t<a href=\"https:\/\/wernerdeck.de\/blog\/wp-content\/gallery\/moorochse\/moorochse-naturschutzgebiet-seenplatte-12.jpg\"\n\t\t\t\ttitle=\" \"\n\t\t\t\tclass=\"ngg-simplelightbox\" rel=\"3c22c657431af63ed8dde6ebc62550d0\" data-image-id=\"13251\" data-src=\"https:\/\/wernerdeck.de\/blog\/wp-content\/gallery\/moorochse\/moorochse-naturschutzgebiet-seenplatte-12.jpg\" data-thumbnail=\"https:\/\/wernerdeck.de\/blog\/wp-content\/gallery\/moorochse\/thumbs\/thumbs_moorochse-naturschutzgebiet-seenplatte-12.jpg\" data-title=\"Uferweg bei Quetzin \u2013 Naturerlebnis auf der Seenplattenroute\" data-description=\" \" >\n\t\t\t\t\t\t\t\t<img title=\"Uferweg bei Quetzin \u2013 Naturerlebnis auf der Seenplattenroute\" alt=\"Uferweg bei Quetzin \u2013 Naturerlebnis auf der Seenplattenroute\" src=\"https:\/\/wernerdeck.de\/blog\/wp-content\/gallery\/moorochse\/thumbs\/thumbs_moorochse-naturschutzgebiet-seenplatte-12.jpg\" width='240' height='160' \/>\n\t\t\t\t\t\t\t<\/a>\n\t\t\t<span>\n\t\t\t \t\t\t<\/span>\n\t\t<\/div>\n\t<\/div>\n\t\t\t\t\t\t\t<br style=\"clear: both\" \/>\n\t\t\t\n\t<div id=\"ngg-image-13258\" class=\"ngg-gallery-thumbnail-box\" style=\"width:33%;\" >\n\t\t<div class=\"ngg-gallery-thumbnail\" >\n\t\t\t<a href=\"https:\/\/wernerdeck.de\/blog\/wp-content\/gallery\/moorochse\/moorochse-naturschutzgebiet-seenplatte-14.jpg\"\n\t\t\t\ttitle=\" \"\n\t\t\t\tclass=\"ngg-simplelightbox\" rel=\"3c22c657431af63ed8dde6ebc62550d0\" data-image-id=\"13258\" data-src=\"https:\/\/wernerdeck.de\/blog\/wp-content\/gallery\/moorochse\/moorochse-naturschutzgebiet-seenplatte-14.jpg\" data-thumbnail=\"https:\/\/wernerdeck.de\/blog\/wp-content\/gallery\/moorochse\/thumbs\/thumbs_moorochse-naturschutzgebiet-seenplatte-14.jpg\" data-title=\"Natur pur auf der Radtour \u2013 Wasser, Schilf und Himmel bei Moorochse\" data-description=\" \" >\n\t\t\t\t\t\t\t\t<img title=\"Natur pur auf der Radtour \u2013 Wasser, Schilf und Himmel bei Moorochse\" alt=\"Natur pur auf der Radtour \u2013 Wasser, Schilf und Himmel bei Moorochse\" src=\"https:\/\/wernerdeck.de\/blog\/wp-content\/gallery\/moorochse\/thumbs\/thumbs_moorochse-naturschutzgebiet-seenplatte-14.jpg\" width='240' height='160' \/>\n\t\t\t\t\t\t\t<\/a>\n\t\t\t<span>\n\t\t\t \t\t\t<\/span>\n\t\t<\/div>\n\t<\/div>\n\t\t\t\t\t\t\t\t\n\t<div id=\"ngg-image-13257\" class=\"ngg-gallery-thumbnail-box\" style=\"width:33%;\" >\n\t\t<div class=\"ngg-gallery-thumbnail\" >\n\t\t\t<a href=\"https:\/\/wernerdeck.de\/blog\/wp-content\/gallery\/moorochse\/moorochse-naturschutzgebiet-seenplatte-16.jpg\"\n\t\t\t\ttitle=\" \"\n\t\t\t\tclass=\"ngg-simplelightbox\" rel=\"3c22c657431af63ed8dde6ebc62550d0\" data-image-id=\"13257\" data-src=\"https:\/\/wernerdeck.de\/blog\/wp-content\/gallery\/moorochse\/moorochse-naturschutzgebiet-seenplatte-16.jpg\" data-thumbnail=\"https:\/\/wernerdeck.de\/blog\/wp-content\/gallery\/moorochse\/thumbs\/thumbs_moorochse-naturschutzgebiet-seenplatte-16.jpg\" data-title=\"Hafen von Quetzin \u2013 stiller Moment am Seeufer\" data-description=\" \" >\n\t\t\t\t\t\t\t\t<img title=\"Hafen von Quetzin \u2013 stiller Moment am Seeufer\" alt=\"Hafen von Quetzin \u2013 stiller Moment am Seeufer\" src=\"https:\/\/wernerdeck.de\/blog\/wp-content\/gallery\/moorochse\/thumbs\/thumbs_moorochse-naturschutzgebiet-seenplatte-16.jpg\" width='240' height='160' \/>\n\t\t\t\t\t\t\t<\/a>\n\t\t\t<span>\n\t\t\t \t\t\t<\/span>\n\t\t<\/div>\n\t<\/div>\n\t\t\t\t\t\t\t\t\n\t<div id=\"ngg-image-13256\" class=\"ngg-gallery-thumbnail-box\" style=\"width:33%;\" >\n\t\t<div class=\"ngg-gallery-thumbnail\" >\n\t\t\t<a href=\"https:\/\/wernerdeck.de\/blog\/wp-content\/gallery\/moorochse\/moorochse-naturschutzgebiet-seenplatte-18.jpg\"\n\t\t\t\ttitle=\" \"\n\t\t\t\tclass=\"ngg-simplelightbox\" rel=\"3c22c657431af63ed8dde6ebc62550d0\" data-image-id=\"13256\" data-src=\"https:\/\/wernerdeck.de\/blog\/wp-content\/gallery\/moorochse\/moorochse-naturschutzgebiet-seenplatte-18.jpg\" data-thumbnail=\"https:\/\/wernerdeck.de\/blog\/wp-content\/gallery\/moorochse\/thumbs\/thumbs_moorochse-naturschutzgebiet-seenplatte-18.jpg\" data-title=\"Schilfg\u00fcrtel und Vogelrufe \u2013 Naturlandschaft zwischen Quetzin und Moorochse\" data-description=\" \" >\n\t\t\t\t\t\t\t\t<img title=\"Schilfg\u00fcrtel und Vogelrufe \u2013 Naturlandschaft zwischen Quetzin und Moorochse\" alt=\"Schilfg\u00fcrtel und Vogelrufe \u2013 Naturlandschaft zwischen Quetzin und Moorochse\" src=\"https:\/\/wernerdeck.de\/blog\/wp-content\/gallery\/moorochse\/thumbs\/thumbs_moorochse-naturschutzgebiet-seenplatte-18.jpg\" width='240' height='160' \/>\n\t\t\t\t\t\t\t<\/a>\n\t\t\t<span>\n\t\t\t \t\t\t<\/span>\n\t\t<\/div>\n\t<\/div>\n\t\t\t\t\t\t\t<br style=\"clear: both\" \/>\n\t\t\t\n\t<!-- Pagination -->\n\t\t<div class='ngg-clear'><\/div>\t\n<\/div>\n\n\t<span style=\"font-weight: 400;\">Entlang des Plauer Sees k\u00e4mpften wir uns weiter durch den Wind und erreichten gegen 14 Uhr die Plauer Burg. Von dort war es nicht mehr weit zum \u201eFischerhaus Plau am See\u201c idyllisch gelegen an der Uferpromenade der Elde, die hier in den See m\u00fcndet.<\/span><\/p>\n<p><span style=\"font-weight: 400;\">Die Plauer Burg entstand 1287 als Niederungsburg, der charakteristische Backsteinturm stammt aus dieser Zeit. Um 1448\/49 wurde die Anlage zur wehrhaften Festung mit Graben und Wall ausgebaut, um Raubritter abzuwehren. Zwischen 1538 und 1550 erreichte sie ihre gr\u00f6\u00dfte Ausdehnung, wurde aber nach dem Drei\u00dfigj\u00e4hrigen Krieg ab 1660 gr\u00f6\u00dftenteils geschleift \u2013 Turm, Wall und Mauerreste blieben erhalten. Heute beherbergt der Burgturm ein Museum.<\/span><\/p>\n<p>\n<div class=\"ngg-galleryoverview ngg-template-caption\" id=\"ngg-gallery-2ff3e60a3ff0aef997ba00b97b83e0c0-27387\">\n\n\t\t\n\t<!-- Thumbnails -->\n\t\t\t\t\t\n\t<div id=\"ngg-image-13260\" class=\"ngg-gallery-thumbnail-box\" style=\"width:25%;\" >\n\t\t<div class=\"ngg-gallery-thumbnail\" >\n\t\t\t<a href=\"https:\/\/wernerdeck.de\/blog\/wp-content\/gallery\/plauer-burg\/plauer-burg-radtour-seenplatte-2025-02.jpg\"\n\t\t\t\ttitle=\" \"\n\t\t\t\tclass=\"ngg-simplelightbox\" rel=\"2ff3e60a3ff0aef997ba00b97b83e0c0\" data-image-id=\"13260\" data-src=\"https:\/\/wernerdeck.de\/blog\/wp-content\/gallery\/plauer-burg\/plauer-burg-radtour-seenplatte-2025-02.jpg\" data-thumbnail=\"https:\/\/wernerdeck.de\/blog\/wp-content\/gallery\/plauer-burg\/thumbs\/thumbs_plauer-burg-radtour-seenplatte-2025-02.jpg\" data-title=\"Anfahrt zur Plauer Burg entlang des windigen Plauer Sees \u2013 Radtour Mecklenburgische Seenplatte\" data-description=\" \" >\n\t\t\t\t\t\t\t\t<img title=\"Anfahrt zur Plauer Burg entlang des windigen Plauer Sees \u2013 Radtour Mecklenburgische Seenplatte\" alt=\"Anfahrt zur Plauer Burg entlang des windigen Plauer Sees \u2013 Radtour Mecklenburgische Seenplatte\" src=\"https:\/\/wernerdeck.de\/blog\/wp-content\/gallery\/plauer-burg\/thumbs\/thumbs_plauer-burg-radtour-seenplatte-2025-02.jpg\" width='240' height='160' \/>\n\t\t\t\t\t\t\t<\/a>\n\t\t\t<span>\n\t\t\t \t\t\t<\/span>\n\t\t<\/div>\n\t<\/div>\n\t\t\t\t\t\t\t\t\n\t<div id=\"ngg-image-13263\" class=\"ngg-gallery-thumbnail-box\" style=\"width:25%;\" >\n\t\t<div class=\"ngg-gallery-thumbnail\" >\n\t\t\t<a href=\"https:\/\/wernerdeck.de\/blog\/wp-content\/gallery\/plauer-burg\/plauer-burg-radtour-seenplatte-2025-04.jpg\"\n\t\t\t\ttitle=\" \"\n\t\t\t\tclass=\"ngg-simplelightbox\" rel=\"2ff3e60a3ff0aef997ba00b97b83e0c0\" data-image-id=\"13263\" data-src=\"https:\/\/wernerdeck.de\/blog\/wp-content\/gallery\/plauer-burg\/plauer-burg-radtour-seenplatte-2025-04.jpg\" data-thumbnail=\"https:\/\/wernerdeck.de\/blog\/wp-content\/gallery\/plauer-burg\/thumbs\/thumbs_plauer-burg-radtour-seenplatte-2025-04.jpg\" data-title=\"Historische Plauer Burg mit markantem Backsteinturm aus dem 13. Jahrhundert\" data-description=\" \" >\n\t\t\t\t\t\t\t\t<img title=\"Historische Plauer Burg mit markantem Backsteinturm aus dem 13. Jahrhundert\" alt=\"Historische Plauer Burg mit markantem Backsteinturm aus dem 13. Jahrhundert\" src=\"https:\/\/wernerdeck.de\/blog\/wp-content\/gallery\/plauer-burg\/thumbs\/thumbs_plauer-burg-radtour-seenplatte-2025-04.jpg\" width='240' height='160' \/>\n\t\t\t\t\t\t\t<\/a>\n\t\t\t<span>\n\t\t\t \t\t\t<\/span>\n\t\t<\/div>\n\t<\/div>\n\t\t\t\t\t\t\t\t\n\t<div id=\"ngg-image-13262\" class=\"ngg-gallery-thumbnail-box\" style=\"width:25%;\" >\n\t\t<div class=\"ngg-gallery-thumbnail\" >\n\t\t\t<a href=\"https:\/\/wernerdeck.de\/blog\/wp-content\/gallery\/plauer-burg\/plauer-burg-radtour-seenplatte-2025-06.jpg\"\n\t\t\t\ttitle=\" \"\n\t\t\t\tclass=\"ngg-simplelightbox\" rel=\"2ff3e60a3ff0aef997ba00b97b83e0c0\" data-image-id=\"13262\" data-src=\"https:\/\/wernerdeck.de\/blog\/wp-content\/gallery\/plauer-burg\/plauer-burg-radtour-seenplatte-2025-06.jpg\" data-thumbnail=\"https:\/\/wernerdeck.de\/blog\/wp-content\/gallery\/plauer-burg\/thumbs\/thumbs_plauer-burg-radtour-seenplatte-2025-06.jpg\" data-title=\"Am Fischerhaus Plau am See \u2013 idyllischer Platz an der Elde und am See\" data-description=\" \" >\n\t\t\t\t\t\t\t\t<img title=\"Am Fischerhaus Plau am See \u2013 idyllischer Platz an der Elde und am See\" alt=\"Am Fischerhaus Plau am See \u2013 idyllischer Platz an der Elde und am See\" src=\"https:\/\/wernerdeck.de\/blog\/wp-content\/gallery\/plauer-burg\/thumbs\/thumbs_plauer-burg-radtour-seenplatte-2025-06.jpg\" width='240' height='160' \/>\n\t\t\t\t\t\t\t<\/a>\n\t\t\t<span>\n\t\t\t \t\t\t<\/span>\n\t\t<\/div>\n\t<\/div>\n\t\t\t\t\t\t\t\t\n\t<div id=\"ngg-image-13264\" class=\"ngg-gallery-thumbnail-box\" style=\"width:25%;\" >\n\t\t<div class=\"ngg-gallery-thumbnail\" >\n\t\t\t<a href=\"https:\/\/wernerdeck.de\/blog\/wp-content\/gallery\/plauer-burg\/plauer-burg-radtour-seenplatte-2025-08.jpg\"\n\t\t\t\ttitle=\" \"\n\t\t\t\tclass=\"ngg-simplelightbox\" rel=\"2ff3e60a3ff0aef997ba00b97b83e0c0\" data-image-id=\"13264\" data-src=\"https:\/\/wernerdeck.de\/blog\/wp-content\/gallery\/plauer-burg\/plauer-burg-radtour-seenplatte-2025-08.jpg\" data-thumbnail=\"https:\/\/wernerdeck.de\/blog\/wp-content\/gallery\/plauer-burg\/thumbs\/thumbs_plauer-burg-radtour-seenplatte-2025-08.jpg\" data-title=\"Promenade bei Plauer Burg \u2013 Blick auf die Elde-M\u00fcndung\" data-description=\" \" >\n\t\t\t\t\t\t\t\t<img title=\"Promenade bei Plauer Burg \u2013 Blick auf die Elde-M\u00fcndung\" alt=\"Promenade bei Plauer Burg \u2013 Blick auf die Elde-M\u00fcndung\" src=\"https:\/\/wernerdeck.de\/blog\/wp-content\/gallery\/plauer-burg\/thumbs\/thumbs_plauer-burg-radtour-seenplatte-2025-08.jpg\" width='240' height='160' \/>\n\t\t\t\t\t\t\t<\/a>\n\t\t\t<span>\n\t\t\t \t\t\t<\/span>\n\t\t<\/div>\n\t<\/div>\n\t\t\t\t\t\t\t<br style=\"clear: both\" \/>\n\t\t\t\n\t<!-- Pagination -->\n\t\t<div class='ngg-clear'><\/div>\t\n<\/div>\n\n\t<span style=\"font-weight: 400;\">Ein seltsames D\u00e9j\u00e0-vu \u00fcberkam mich. War ich nicht schon einmal hier? Ich konnte es erst nicht genau zuordnen. Doch als wir sp\u00e4ter weiterfuhren, erkannte ich vertraute Geb\u00e4ude \u2013 und erinnerte mich schlie\u00dflich: Am <a href=\"https:\/\/wernerdeck.de\/blog\/2023\/05\/23\/tag-13-von-potsdam-an-die-mecklenburger-seenplatte-nach-plau-am-see-den-historischen-stadtkern-erkunden\/\" target=\"_blank\" rel=\"noopener\">23. Mai 2023 waren wir schon einmal in Plau am See<\/a>, im Rahmen unserer <a href=\"https:\/\/wernerdeck.de\/blog\/2023\/06\/05\/fazit-unserer-deutschlandrundreise-23-staedte-und-stationen-viel-gesehen-viel-gelaufen-viel-gelernt-die-tour-fakten\/\" target=\"_blank\" rel=\"noopener\">gro\u00dfen Deutschlandrundfahrt<\/a>. <\/span><span style=\"font-weight: 400;\">Nach einem k\u00f6stlichen Mittagessen \u2013 ger\u00e4ucherter Saibling, gebratener Zander, Kaffee und Kuchen \u2013 ging es gest\u00e4rkt zur\u00fcck auf die windige Strecke.<\/span><\/p>\n<p>\n<div class=\"ngg-galleryoverview ngg-template-caption\" id=\"ngg-gallery-caf79ec0318c8948be3eb78980b0693c-27387\">\n\n\t\t\n\t<!-- Thumbnails -->\n\t\t\t\t\t\n\t<div id=\"ngg-image-13268\" class=\"ngg-gallery-thumbnail-box\" style=\"width:25%;\" >\n\t\t<div class=\"ngg-gallery-thumbnail\" >\n\t\t\t<a href=\"https:\/\/wernerdeck.de\/blog\/wp-content\/gallery\/fischerhaus\/plauer-burg-radtour-seenplatte-2025-10.jpg\"\n\t\t\t\ttitle=\" \"\n\t\t\t\tclass=\"ngg-simplelightbox\" rel=\"caf79ec0318c8948be3eb78980b0693c\" data-image-id=\"13268\" data-src=\"https:\/\/wernerdeck.de\/blog\/wp-content\/gallery\/fischerhaus\/plauer-burg-radtour-seenplatte-2025-10.jpg\" data-thumbnail=\"https:\/\/wernerdeck.de\/blog\/wp-content\/gallery\/fischerhaus\/thumbs\/thumbs_plauer-burg-radtour-seenplatte-2025-10.jpg\" data-title=\"Mittagspause an der Uferpromenade \u2013 zwischen Plauer Burg und Fischerhaus\" data-description=\" \" >\n\t\t\t\t\t\t\t\t<img title=\"Mittagspause an der Uferpromenade \u2013 zwischen Plauer Burg und Fischerhaus\" alt=\"Mittagspause an der Uferpromenade \u2013 zwischen Plauer Burg und Fischerhaus\" src=\"https:\/\/wernerdeck.de\/blog\/wp-content\/gallery\/fischerhaus\/thumbs\/thumbs_plauer-burg-radtour-seenplatte-2025-10.jpg\" width='240' height='160' \/>\n\t\t\t\t\t\t\t<\/a>\n\t\t\t<span>\n\t\t\t \t\t\t<\/span>\n\t\t<\/div>\n\t<\/div>\n\t\t\t\t\t\t\t\t\n\t<div id=\"ngg-image-13267\" class=\"ngg-gallery-thumbnail-box\" style=\"width:25%;\" >\n\t\t<div class=\"ngg-gallery-thumbnail\" >\n\t\t\t<a href=\"https:\/\/wernerdeck.de\/blog\/wp-content\/gallery\/fischerhaus\/plauer-burg-radtour-seenplatte-2025-12.jpg\"\n\t\t\t\ttitle=\" \"\n\t\t\t\tclass=\"ngg-simplelightbox\" rel=\"caf79ec0318c8948be3eb78980b0693c\" data-image-id=\"13267\" data-src=\"https:\/\/wernerdeck.de\/blog\/wp-content\/gallery\/fischerhaus\/plauer-burg-radtour-seenplatte-2025-12.jpg\" data-thumbnail=\"https:\/\/wernerdeck.de\/blog\/wp-content\/gallery\/fischerhaus\/thumbs\/thumbs_plauer-burg-radtour-seenplatte-2025-12.jpg\" data-title=\"Am Fischerhaus Plau am See \u2013 leckeres Mittagessen an der Elde und am See\" data-description=\" \" >\n\t\t\t\t\t\t\t\t<img title=\"Am Fischerhaus Plau am See \u2013 leckeres Mittagessen an der Elde und am See\" alt=\"Am Fischerhaus Plau am See \u2013 leckeres Mittagessen an der Elde und am See\" src=\"https:\/\/wernerdeck.de\/blog\/wp-content\/gallery\/fischerhaus\/thumbs\/thumbs_plauer-burg-radtour-seenplatte-2025-12.jpg\" width='240' height='160' \/>\n\t\t\t\t\t\t\t<\/a>\n\t\t\t<span>\n\t\t\t \t\t\t<\/span>\n\t\t<\/div>\n\t<\/div>\n\t\t\t\t\t\t\t\t\n\t<div id=\"ngg-image-13270\" class=\"ngg-gallery-thumbnail-box\" style=\"width:25%;\" >\n\t\t<div class=\"ngg-gallery-thumbnail\" >\n\t\t\t<a href=\"https:\/\/wernerdeck.de\/blog\/wp-content\/gallery\/fischerhaus\/plauer-burg-radtour-seenplatte-2025-14.jpg\"\n\t\t\t\ttitle=\" \"\n\t\t\t\tclass=\"ngg-simplelightbox\" rel=\"caf79ec0318c8948be3eb78980b0693c\" data-image-id=\"13270\" data-src=\"https:\/\/wernerdeck.de\/blog\/wp-content\/gallery\/fischerhaus\/plauer-burg-radtour-seenplatte-2025-14.jpg\" data-thumbnail=\"https:\/\/wernerdeck.de\/blog\/wp-content\/gallery\/fischerhaus\/thumbs\/thumbs_plauer-burg-radtour-seenplatte-2025-14.jpg\" data-title=\"Fischerhaus Plau am See \u2013 entspannter Etappenstopp mit Seeblick\" data-description=\" \" >\n\t\t\t\t\t\t\t\t<img title=\"Fischerhaus Plau am See \u2013 entspannter Etappenstopp mit Seeblick\" alt=\"Fischerhaus Plau am See \u2013 entspannter Etappenstopp mit Seeblick\" src=\"https:\/\/wernerdeck.de\/blog\/wp-content\/gallery\/fischerhaus\/thumbs\/thumbs_plauer-burg-radtour-seenplatte-2025-14.jpg\" width='240' height='160' \/>\n\t\t\t\t\t\t\t<\/a>\n\t\t\t<span>\n\t\t\t \t\t\t<\/span>\n\t\t<\/div>\n\t<\/div>\n\t\t\t\t\t\t\t\t\n\t<div id=\"ngg-image-13269\" class=\"ngg-gallery-thumbnail-box\" style=\"width:25%;\" >\n\t\t<div class=\"ngg-gallery-thumbnail\" >\n\t\t\t<a href=\"https:\/\/wernerdeck.de\/blog\/wp-content\/gallery\/fischerhaus\/plauer-burg-radtour-seenplatte-2025-16.jpg\"\n\t\t\t\ttitle=\" \"\n\t\t\t\tclass=\"ngg-simplelightbox\" rel=\"caf79ec0318c8948be3eb78980b0693c\" data-image-id=\"13269\" data-src=\"https:\/\/wernerdeck.de\/blog\/wp-content\/gallery\/fischerhaus\/plauer-burg-radtour-seenplatte-2025-16.jpg\" data-thumbnail=\"https:\/\/wernerdeck.de\/blog\/wp-content\/gallery\/fischerhaus\/thumbs\/thumbs_plauer-burg-radtour-seenplatte-2025-16.jpg\" data-title=\"Kaffee und Kuchen bei Plauer Burg und Fischerhaus\" data-description=\" \" >\n\t\t\t\t\t\t\t\t<img title=\"Kaffee und Kuchen bei Plauer Burg und Fischerhaus\" alt=\"Kaffee und Kuchen bei Plauer Burg und Fischerhaus\" src=\"https:\/\/wernerdeck.de\/blog\/wp-content\/gallery\/fischerhaus\/thumbs\/thumbs_plauer-burg-radtour-seenplatte-2025-16.jpg\" width='240' height='160' \/>\n\t\t\t\t\t\t\t<\/a>\n\t\t\t<span>\n\t\t\t \t\t\t<\/span>\n\t\t<\/div>\n\t<\/div>\n\t\t\t\t\t\t\t<br style=\"clear: both\" \/>\n\t\t\t\n\t<!-- Pagination -->\n\t\t<div class='ngg-clear'><\/div>\t\n<\/div>\n\n\t<span style=\"font-weight: 400;\">N\u00e4chster Halt war bei Kilometer 66 die Woostener Dorfkirche. Die Woostener Dorfkirche stammt aus dem 13. Jahrhundert, erbaut als gotischer Feldstein\u2011 und Backsteinbau, erstmals 1269 belegt im Umfeld der Familie von Woosten. Der Fachwerkturm wurde 1618 aufgesetzt.<\/span><\/p>\n<p><span style=\"font-weight: 400;\">Teilweise f\u00fchrte der Weg \u00fcber grobes Kopfsteinpflaster, das aussah, als stamme es noch aus der R\u00f6merzeit. Die Strecke verlangte uns einiges ab, doch die Landschaft rundherum blieb ein st\u00e4ndiger Begleiter: Felder, Baumalleen, kleine Seen \u2013 eine l\u00e4ndliche Idylle, wie man sie sich f\u00fcr eine Fahrradtour nicht sch\u00f6ner vorstellen k\u00f6nnte. <\/span><span style=\"font-weight: 400;\">Wir passierten eine beeindruckende M\u00fchle und erreichten gegen Kilometer 76 die Klosterkirche von Dobertin \u2013 ein weiterer sehenswerter Ort.<\/span><\/p>\n<p>\n<div class=\"ngg-galleryoverview ngg-template-caption\" id=\"ngg-gallery-f0d143c19fc6f5b044d0333d02ec3cb9-27387\">\n\n\t\t\n\t<!-- Thumbnails -->\n\t\t\t\t\t\n\t<div id=\"ngg-image-13274\" class=\"ngg-gallery-thumbnail-box\" style=\"width:25%;\" >\n\t\t<div class=\"ngg-gallery-thumbnail\" >\n\t\t\t<a href=\"https:\/\/wernerdeck.de\/blog\/wp-content\/gallery\/dorfkirche\/woosten-radtour-seenplatte-2025-02.jpg\"\n\t\t\t\ttitle=\" \"\n\t\t\t\tclass=\"ngg-simplelightbox\" rel=\"f0d143c19fc6f5b044d0333d02ec3cb9\" data-image-id=\"13274\" data-src=\"https:\/\/wernerdeck.de\/blog\/wp-content\/gallery\/dorfkirche\/woosten-radtour-seenplatte-2025-02.jpg\" data-thumbnail=\"https:\/\/wernerdeck.de\/blog\/wp-content\/gallery\/dorfkirche\/thumbs\/thumbs_woosten-radtour-seenplatte-2025-02.jpg\" data-title=\"Baumallee und Felder bei Woosten \u2013 typische Landschaft der Mecklenburgischen Seenplatte\" data-description=\" \" >\n\t\t\t\t\t\t\t\t<img title=\"Baumallee und Felder bei Woosten \u2013 typische Landschaft der Mecklenburgischen Seenplatte\" alt=\"Baumallee und Felder bei Woosten \u2013 typische Landschaft der Mecklenburgischen Seenplatte\" src=\"https:\/\/wernerdeck.de\/blog\/wp-content\/gallery\/dorfkirche\/thumbs\/thumbs_woosten-radtour-seenplatte-2025-02.jpg\" width='240' height='160' \/>\n\t\t\t\t\t\t\t<\/a>\n\t\t\t<span>\n\t\t\t \t\t\t<\/span>\n\t\t<\/div>\n\t<\/div>\n\t\t\t\t\t\t\t\t\n\t<div id=\"ngg-image-13271\" class=\"ngg-gallery-thumbnail-box\" style=\"width:25%;\" >\n\t\t<div class=\"ngg-gallery-thumbnail\" >\n\t\t\t<a href=\"https:\/\/wernerdeck.de\/blog\/wp-content\/gallery\/dorfkirche\/woosten-radtour-seenplatte-2025-04.jpg\"\n\t\t\t\ttitle=\" \"\n\t\t\t\tclass=\"ngg-simplelightbox\" rel=\"f0d143c19fc6f5b044d0333d02ec3cb9\" data-image-id=\"13271\" data-src=\"https:\/\/wernerdeck.de\/blog\/wp-content\/gallery\/dorfkirche\/woosten-radtour-seenplatte-2025-04.jpg\" data-thumbnail=\"https:\/\/wernerdeck.de\/blog\/wp-content\/gallery\/dorfkirche\/thumbs\/thumbs_woosten-radtour-seenplatte-2025-04.jpg\" data-title=\"Sanfte H\u00fcgel und Felder rund um Woosten \u2013 l\u00e4ndliche Idylle auf unserer Radtour\" data-description=\" \" >\n\t\t\t\t\t\t\t\t<img title=\"Sanfte H\u00fcgel und Felder rund um Woosten \u2013 l\u00e4ndliche Idylle auf unserer Radtour\" alt=\"Sanfte H\u00fcgel und Felder rund um Woosten \u2013 l\u00e4ndliche Idylle auf unserer Radtour\" src=\"https:\/\/wernerdeck.de\/blog\/wp-content\/gallery\/dorfkirche\/thumbs\/thumbs_woosten-radtour-seenplatte-2025-04.jpg\" width='240' height='160' \/>\n\t\t\t\t\t\t\t<\/a>\n\t\t\t<span>\n\t\t\t \t\t\t<\/span>\n\t\t<\/div>\n\t<\/div>\n\t\t\t\t\t\t\t\t\n\t<div id=\"ngg-image-13272\" class=\"ngg-gallery-thumbnail-box\" style=\"width:25%;\" >\n\t\t<div class=\"ngg-gallery-thumbnail\" >\n\t\t\t<a href=\"https:\/\/wernerdeck.de\/blog\/wp-content\/gallery\/dorfkirche\/woosten-radtour-seenplatte-2025-06.jpg\"\n\t\t\t\ttitle=\" \"\n\t\t\t\tclass=\"ngg-simplelightbox\" rel=\"f0d143c19fc6f5b044d0333d02ec3cb9\" data-image-id=\"13272\" data-src=\"https:\/\/wernerdeck.de\/blog\/wp-content\/gallery\/dorfkirche\/woosten-radtour-seenplatte-2025-06.jpg\" data-thumbnail=\"https:\/\/wernerdeck.de\/blog\/wp-content\/gallery\/dorfkirche\/thumbs\/thumbs_woosten-radtour-seenplatte-2025-06.jpg\" data-title=\"Ankunft an der Woostener Dorfkirche \u2013 Radtour Mecklenburgische Seenplatte bei km 66\" data-description=\" \" >\n\t\t\t\t\t\t\t\t<img title=\"Ankunft an der Woostener Dorfkirche \u2013 Radtour Mecklenburgische Seenplatte bei km 66\" alt=\"Ankunft an der Woostener Dorfkirche \u2013 Radtour Mecklenburgische Seenplatte bei km 66\" src=\"https:\/\/wernerdeck.de\/blog\/wp-content\/gallery\/dorfkirche\/thumbs\/thumbs_woosten-radtour-seenplatte-2025-06.jpg\" width='240' height='160' \/>\n\t\t\t\t\t\t\t<\/a>\n\t\t\t<span>\n\t\t\t \t\t\t<\/span>\n\t\t<\/div>\n\t<\/div>\n\t\t\t\t\t\t\t\t\n\t<div id=\"ngg-image-13275\" class=\"ngg-gallery-thumbnail-box\" style=\"width:25%;\" >\n\t\t<div class=\"ngg-gallery-thumbnail\" >\n\t\t\t<a href=\"https:\/\/wernerdeck.de\/blog\/wp-content\/gallery\/dorfkirche\/woosten-radtour-seenplatte-2025-08.jpg\"\n\t\t\t\ttitle=\" \"\n\t\t\t\tclass=\"ngg-simplelightbox\" rel=\"f0d143c19fc6f5b044d0333d02ec3cb9\" data-image-id=\"13275\" data-src=\"https:\/\/wernerdeck.de\/blog\/wp-content\/gallery\/dorfkirche\/woosten-radtour-seenplatte-2025-08.jpg\" data-thumbnail=\"https:\/\/wernerdeck.de\/blog\/wp-content\/gallery\/dorfkirche\/thumbs\/thumbs_woosten-radtour-seenplatte-2025-08.jpg\" data-title=\"Der Fachwerkturm der Woostener Kirche \u2013 erg\u00e4nzt im Jahr 1618\" data-description=\" \" >\n\t\t\t\t\t\t\t\t<img title=\"Der Fachwerkturm der Woostener Kirche \u2013 erg\u00e4nzt im Jahr 1618\" alt=\"Der Fachwerkturm der Woostener Kirche \u2013 erg\u00e4nzt im Jahr 1618\" src=\"https:\/\/wernerdeck.de\/blog\/wp-content\/gallery\/dorfkirche\/thumbs\/thumbs_woosten-radtour-seenplatte-2025-08.jpg\" width='240' height='160' \/>\n\t\t\t\t\t\t\t<\/a>\n\t\t\t<span>\n\t\t\t \t\t\t<\/span>\n\t\t<\/div>\n\t<\/div>\n\t\t\t\t\t\t\t<br style=\"clear: both\" \/>\n\t\t\t\n\t<div id=\"ngg-image-13276\" class=\"ngg-gallery-thumbnail-box\" style=\"width:25%;\" >\n\t\t<div class=\"ngg-gallery-thumbnail\" >\n\t\t\t<a href=\"https:\/\/wernerdeck.de\/blog\/wp-content\/gallery\/dorfkirche\/woosten-radtour-seenplatte-2025-10.jpg\"\n\t\t\t\ttitle=\" \"\n\t\t\t\tclass=\"ngg-simplelightbox\" rel=\"f0d143c19fc6f5b044d0333d02ec3cb9\" data-image-id=\"13276\" data-src=\"https:\/\/wernerdeck.de\/blog\/wp-content\/gallery\/dorfkirche\/woosten-radtour-seenplatte-2025-10.jpg\" data-thumbnail=\"https:\/\/wernerdeck.de\/blog\/wp-content\/gallery\/dorfkirche\/thumbs\/thumbs_woosten-radtour-seenplatte-2025-10.jpg\" data-title=\"Woostener Dorfkirche aus Feld- und Backstein \u2013 Bauwerk aus dem 13. Jahrhundert\" data-description=\" \" >\n\t\t\t\t\t\t\t\t<img title=\"Woostener Dorfkirche aus Feld- und Backstein \u2013 Bauwerk aus dem 13. Jahrhundert\" alt=\"Woostener Dorfkirche aus Feld- und Backstein \u2013 Bauwerk aus dem 13. Jahrhundert\" src=\"https:\/\/wernerdeck.de\/blog\/wp-content\/gallery\/dorfkirche\/thumbs\/thumbs_woosten-radtour-seenplatte-2025-10.jpg\" width='240' height='160' \/>\n\t\t\t\t\t\t\t<\/a>\n\t\t\t<span>\n\t\t\t \t\t\t<\/span>\n\t\t<\/div>\n\t<\/div>\n\t\t\t\t\t\t\t\t\n\t<div id=\"ngg-image-13278\" class=\"ngg-gallery-thumbnail-box\" style=\"width:25%;\" >\n\t\t<div class=\"ngg-gallery-thumbnail\" >\n\t\t\t<a href=\"https:\/\/wernerdeck.de\/blog\/wp-content\/gallery\/dorfkirche\/woosten-radtour-seenplatte-2025-12.jpg\"\n\t\t\t\ttitle=\" \"\n\t\t\t\tclass=\"ngg-simplelightbox\" rel=\"f0d143c19fc6f5b044d0333d02ec3cb9\" data-image-id=\"13278\" data-src=\"https:\/\/wernerdeck.de\/blog\/wp-content\/gallery\/dorfkirche\/woosten-radtour-seenplatte-2025-12.jpg\" data-thumbnail=\"https:\/\/wernerdeck.de\/blog\/wp-content\/gallery\/dorfkirche\/thumbs\/thumbs_woosten-radtour-seenplatte-2025-12.jpg\" data-title=\"Historisches Kopfsteinpflaster bei Woosten \u2013 anstrengender Streckenabschnitt der Radtour\" data-description=\" \" >\n\t\t\t\t\t\t\t\t<img title=\"Historisches Kopfsteinpflaster bei Woosten \u2013 anstrengender Streckenabschnitt der Radtour\" alt=\"Historisches Kopfsteinpflaster bei Woosten \u2013 anstrengender Streckenabschnitt der Radtour\" src=\"https:\/\/wernerdeck.de\/blog\/wp-content\/gallery\/dorfkirche\/thumbs\/thumbs_woosten-radtour-seenplatte-2025-12.jpg\" width='240' height='160' \/>\n\t\t\t\t\t\t\t<\/a>\n\t\t\t<span>\n\t\t\t \t\t\t<\/span>\n\t\t<\/div>\n\t<\/div>\n\t\t\t\t\t\t\t\t\n\t<div id=\"ngg-image-13273\" class=\"ngg-gallery-thumbnail-box\" style=\"width:25%;\" >\n\t\t<div class=\"ngg-gallery-thumbnail\" >\n\t\t\t<a href=\"https:\/\/wernerdeck.de\/blog\/wp-content\/gallery\/dorfkirche\/woosten-radtour-seenplatte-2025-14.jpg\"\n\t\t\t\ttitle=\" \"\n\t\t\t\tclass=\"ngg-simplelightbox\" rel=\"f0d143c19fc6f5b044d0333d02ec3cb9\" data-image-id=\"13273\" data-src=\"https:\/\/wernerdeck.de\/blog\/wp-content\/gallery\/dorfkirche\/woosten-radtour-seenplatte-2025-14.jpg\" data-thumbnail=\"https:\/\/wernerdeck.de\/blog\/wp-content\/gallery\/dorfkirche\/thumbs\/thumbs_woosten-radtour-seenplatte-2025-14.jpg\" data-title=\"Alte M\u00fchle bei Woosten \u2013 malerischer Zwischenstopp auf dem Weg nach Dobertin\" data-description=\" \" >\n\t\t\t\t\t\t\t\t<img title=\"Alte M\u00fchle bei Woosten \u2013 malerischer Zwischenstopp auf dem Weg nach Dobertin\" alt=\"Alte M\u00fchle bei Woosten \u2013 malerischer Zwischenstopp auf dem Weg nach Dobertin\" src=\"https:\/\/wernerdeck.de\/blog\/wp-content\/gallery\/dorfkirche\/thumbs\/thumbs_woosten-radtour-seenplatte-2025-14.jpg\" width='240' height='160' \/>\n\t\t\t\t\t\t\t<\/a>\n\t\t\t<span>\n\t\t\t \t\t\t<\/span>\n\t\t<\/div>\n\t<\/div>\n\t\t\t\t\t\t\t\t\n\t<div id=\"ngg-image-13277\" class=\"ngg-gallery-thumbnail-box\" style=\"width:25%;\" >\n\t\t<div class=\"ngg-gallery-thumbnail\" >\n\t\t\t<a href=\"https:\/\/wernerdeck.de\/blog\/wp-content\/gallery\/dorfkirche\/woosten-radtour-seenplatte-2025-16.jpg\"\n\t\t\t\ttitle=\" \"\n\t\t\t\tclass=\"ngg-simplelightbox\" rel=\"f0d143c19fc6f5b044d0333d02ec3cb9\" data-image-id=\"13277\" data-src=\"https:\/\/wernerdeck.de\/blog\/wp-content\/gallery\/dorfkirche\/woosten-radtour-seenplatte-2025-16.jpg\" data-thumbnail=\"https:\/\/wernerdeck.de\/blog\/wp-content\/gallery\/dorfkirche\/thumbs\/thumbs_woosten-radtour-seenplatte-2025-16.jpg\" data-title=\"Sehr gepflegtes Grundst\u00fcck mit alter M\u00fchle bei Woosten \u2013 Zwischenstopp auf dem Weg nach Dobertin\" data-description=\" \" >\n\t\t\t\t\t\t\t\t<img title=\"Sehr gepflegtes Grundst\u00fcck mit alter M\u00fchle bei Woosten \u2013 Zwischenstopp auf dem Weg nach Dobertin\" alt=\"Sehr gepflegtes Grundst\u00fcck mit alter M\u00fchle bei Woosten \u2013 Zwischenstopp auf dem Weg nach Dobertin\" src=\"https:\/\/wernerdeck.de\/blog\/wp-content\/gallery\/dorfkirche\/thumbs\/thumbs_woosten-radtour-seenplatte-2025-16.jpg\" width='240' height='160' \/>\n\t\t\t\t\t\t\t<\/a>\n\t\t\t<span>\n\t\t\t \t\t\t<\/span>\n\t\t<\/div>\n\t<\/div>\n\t\t\t\t\t\t\t<br style=\"clear: both\" \/>\n\t\t\t\n\t<!-- Pagination -->\n\t\t<div class='ngg-clear'><\/div>\t\n<\/div>\n\n\t<span style=\"font-weight: 400;\">Die Klosterkirche Dobertin wurde ab etwa 1275 von Benediktinern auf einer Halbinsel im Dobbertiner See errichtet; die \u00e4ltesten Backstein-Strukturen stammen aus dem sp\u00e4ten 13.\u202fJahrhundert. Nach der Reformation wurde das Kloster 1572 in ein adliges Damenstift umgewandelt. Im 19. Jahrhundert (1828\u20131857) wurde das Gotteshaus im neugotischen Stil mit dem charakteristischen Doppelturm nach Vorbild von Schinkel umgebaut. Heute ist die Klosterkirche als einzige zweit\u00fcrmige Kirche Mecklenburgs ein Baudenkmal und integraler Teil der gut erhaltenen Klosteranlage.<\/span><\/p>\n\n<div class=\"ngg-galleryoverview ngg-template-caption\" id=\"ngg-gallery-8a6281029eadb528f88302e0804bde4a-27387\">\n\n\t\t\n\t<!-- Thumbnails -->\n\t\t\t\t\t\n\t<div id=\"ngg-image-13279\" class=\"ngg-gallery-thumbnail-box\" style=\"width:33%;\" >\n\t\t<div class=\"ngg-gallery-thumbnail\" >\n\t\t\t<a href=\"https:\/\/wernerdeck.de\/blog\/wp-content\/gallery\/kloster-dobertin\/klosterkirche-und-Klosteranlage-dobertin-radtour-2025-02.jpg\"\n\t\t\t\ttitle=\" \"\n\t\t\t\tclass=\"ngg-simplelightbox\" rel=\"8a6281029eadb528f88302e0804bde4a\" data-image-id=\"13279\" data-src=\"https:\/\/wernerdeck.de\/blog\/wp-content\/gallery\/kloster-dobertin\/klosterkirche-und-Klosteranlage-dobertin-radtour-2025-02.jpg\" data-thumbnail=\"https:\/\/wernerdeck.de\/blog\/wp-content\/gallery\/kloster-dobertin\/thumbs\/thumbs_klosterkirche-und-Klosteranlage-dobertin-radtour-2025-02.jpg\" data-title=\"klosterkirche-und-Klosteranlage-dobertin-radtour-2025-02\" data-description=\" \" >\n\t\t\t\t\t\t\t\t<img title=\"klosterkirche-und-Klosteranlage-dobertin-radtour-2025-02\" alt=\"klosterkirche-und-Klosteranlage-dobertin-radtour-2025-02\" src=\"https:\/\/wernerdeck.de\/blog\/wp-content\/gallery\/kloster-dobertin\/thumbs\/thumbs_klosterkirche-und-Klosteranlage-dobertin-radtour-2025-02.jpg\" width='240' height='160' \/>\n\t\t\t\t\t\t\t<\/a>\n\t\t\t<span>\n\t\t\t \t\t\t<\/span>\n\t\t<\/div>\n\t<\/div>\n\t\t\t\t\t\t\t\t\n\t<div id=\"ngg-image-13282\" class=\"ngg-gallery-thumbnail-box\" style=\"width:33%;\" >\n\t\t<div class=\"ngg-gallery-thumbnail\" >\n\t\t\t<a href=\"https:\/\/wernerdeck.de\/blog\/wp-content\/gallery\/kloster-dobertin\/klosterkirche-und-Klosteranlage-dobertin-radtour-2025-04.jpg\"\n\t\t\t\ttitle=\" \"\n\t\t\t\tclass=\"ngg-simplelightbox\" rel=\"8a6281029eadb528f88302e0804bde4a\" data-image-id=\"13282\" data-src=\"https:\/\/wernerdeck.de\/blog\/wp-content\/gallery\/kloster-dobertin\/klosterkirche-und-Klosteranlage-dobertin-radtour-2025-04.jpg\" data-thumbnail=\"https:\/\/wernerdeck.de\/blog\/wp-content\/gallery\/kloster-dobertin\/thumbs\/thumbs_klosterkirche-und-Klosteranlage-dobertin-radtour-2025-04.jpg\" data-title=\"Seeufer der Klosterkirche Dobertin \" data-description=\" \" >\n\t\t\t\t\t\t\t\t<img title=\"Seeufer der Klosterkirche Dobertin \" alt=\"Seeufer der Klosterkirche Dobertin \" src=\"https:\/\/wernerdeck.de\/blog\/wp-content\/gallery\/kloster-dobertin\/thumbs\/thumbs_klosterkirche-und-Klosteranlage-dobertin-radtour-2025-04.jpg\" width='240' height='160' \/>\n\t\t\t\t\t\t\t<\/a>\n\t\t\t<span>\n\t\t\t \t\t\t<\/span>\n\t\t<\/div>\n\t<\/div>\n\t\t\t\t\t\t\t\t\n\t<div id=\"ngg-image-13284\" class=\"ngg-gallery-thumbnail-box\" style=\"width:33%;\" >\n\t\t<div class=\"ngg-gallery-thumbnail\" >\n\t\t\t<a href=\"https:\/\/wernerdeck.de\/blog\/wp-content\/gallery\/kloster-dobertin\/klosterkirche-und-Klosteranlage-dobertin-radtour-2025-08.jpg\"\n\t\t\t\ttitle=\" \"\n\t\t\t\tclass=\"ngg-simplelightbox\" rel=\"8a6281029eadb528f88302e0804bde4a\" data-image-id=\"13284\" data-src=\"https:\/\/wernerdeck.de\/blog\/wp-content\/gallery\/kloster-dobertin\/klosterkirche-und-Klosteranlage-dobertin-radtour-2025-08.jpg\" data-thumbnail=\"https:\/\/wernerdeck.de\/blog\/wp-content\/gallery\/kloster-dobertin\/thumbs\/thumbs_klosterkirche-und-Klosteranlage-dobertin-radtour-2025-08.jpg\" data-title=\"Doppelturm der Klosterkirche Dobertin \u2013 Vorbild Schinkel\" data-description=\" \" >\n\t\t\t\t\t\t\t\t<img title=\"Doppelturm der Klosterkirche Dobertin \u2013 Vorbild Schinkel\" alt=\"Doppelturm der Klosterkirche Dobertin \u2013 Vorbild Schinkel\" src=\"https:\/\/wernerdeck.de\/blog\/wp-content\/gallery\/kloster-dobertin\/thumbs\/thumbs_klosterkirche-und-Klosteranlage-dobertin-radtour-2025-08.jpg\" width='240' height='160' \/>\n\t\t\t\t\t\t\t<\/a>\n\t\t\t<span>\n\t\t\t \t\t\t<\/span>\n\t\t<\/div>\n\t<\/div>\n\t\t\t\t\t\t\t<br style=\"clear: both\" \/>\n\t\t\t\n\t<div id=\"ngg-image-13283\" class=\"ngg-gallery-thumbnail-box\" style=\"width:33%;\" >\n\t\t<div class=\"ngg-gallery-thumbnail\" >\n\t\t\t<a href=\"https:\/\/wernerdeck.de\/blog\/wp-content\/gallery\/kloster-dobertin\/klosterkirche-und-Klosteranlage-dobertin-radtour-2025-12.jpg\"\n\t\t\t\ttitle=\" \"\n\t\t\t\tclass=\"ngg-simplelightbox\" rel=\"8a6281029eadb528f88302e0804bde4a\" data-image-id=\"13283\" data-src=\"https:\/\/wernerdeck.de\/blog\/wp-content\/gallery\/kloster-dobertin\/klosterkirche-und-Klosteranlage-dobertin-radtour-2025-12.jpg\" data-thumbnail=\"https:\/\/wernerdeck.de\/blog\/wp-content\/gallery\/kloster-dobertin\/thumbs\/thumbs_klosterkirche-und-Klosteranlage-dobertin-radtour-2025-12.jpg\" data-title=\"Umgebende Klosteranlage der Klosterkirche Dobertin \u2013 gut erhaltenes Denkmal in Mecklenburg\" data-description=\" \" >\n\t\t\t\t\t\t\t\t<img title=\"Umgebende Klosteranlage der Klosterkirche Dobertin \u2013 gut erhaltenes Denkmal in Mecklenburg\" alt=\"Umgebende Klosteranlage der Klosterkirche Dobertin \u2013 gut erhaltenes Denkmal in Mecklenburg\" src=\"https:\/\/wernerdeck.de\/blog\/wp-content\/gallery\/kloster-dobertin\/thumbs\/thumbs_klosterkirche-und-Klosteranlage-dobertin-radtour-2025-12.jpg\" width='240' height='160' \/>\n\t\t\t\t\t\t\t<\/a>\n\t\t\t<span>\n\t\t\t \t\t\t<\/span>\n\t\t<\/div>\n\t<\/div>\n\t\t\t\t\t\t\t\t\n\t<div id=\"ngg-image-13286\" class=\"ngg-gallery-thumbnail-box\" style=\"width:33%;\" >\n\t\t<div class=\"ngg-gallery-thumbnail\" >\n\t\t\t<a href=\"https:\/\/wernerdeck.de\/blog\/wp-content\/gallery\/kloster-dobertin\/klosterkirche-und-Klosteranlage-dobertin-radtour-2025-14.jpg\"\n\t\t\t\ttitle=\" \"\n\t\t\t\tclass=\"ngg-simplelightbox\" rel=\"8a6281029eadb528f88302e0804bde4a\" data-image-id=\"13286\" data-src=\"https:\/\/wernerdeck.de\/blog\/wp-content\/gallery\/kloster-dobertin\/klosterkirche-und-Klosteranlage-dobertin-radtour-2025-14.jpg\" data-thumbnail=\"https:\/\/wernerdeck.de\/blog\/wp-content\/gallery\/kloster-dobertin\/thumbs\/thumbs_klosterkirche-und-Klosteranlage-dobertin-radtour-2025-14.jpg\" data-title=\"Eingangsbereich der Dobertiner Klosterkirche \u2013 historisches Baudenkmal\" data-description=\" \" >\n\t\t\t\t\t\t\t\t<img title=\"Eingangsbereich der Dobertiner Klosterkirche \u2013 historisches Baudenkmal\" alt=\"Eingangsbereich der Dobertiner Klosterkirche \u2013 historisches Baudenkmal\" src=\"https:\/\/wernerdeck.de\/blog\/wp-content\/gallery\/kloster-dobertin\/thumbs\/thumbs_klosterkirche-und-Klosteranlage-dobertin-radtour-2025-14.jpg\" width='240' height='160' \/>\n\t\t\t\t\t\t\t<\/a>\n\t\t\t<span>\n\t\t\t \t\t\t<\/span>\n\t\t<\/div>\n\t<\/div>\n\t\t\t\t\t\t\t\t\n\t<div id=\"ngg-image-13285\" class=\"ngg-gallery-thumbnail-box\" style=\"width:33%;\" >\n\t\t<div class=\"ngg-gallery-thumbnail\" >\n\t\t\t<a href=\"https:\/\/wernerdeck.de\/blog\/wp-content\/gallery\/kloster-dobertin\/klosterkirche-und-Klosteranlage-dobertin-radtour-2025-16.jpg\"\n\t\t\t\ttitle=\" \"\n\t\t\t\tclass=\"ngg-simplelightbox\" rel=\"8a6281029eadb528f88302e0804bde4a\" data-image-id=\"13285\" data-src=\"https:\/\/wernerdeck.de\/blog\/wp-content\/gallery\/kloster-dobertin\/klosterkirche-und-Klosteranlage-dobertin-radtour-2025-16.jpg\" data-thumbnail=\"https:\/\/wernerdeck.de\/blog\/wp-content\/gallery\/kloster-dobertin\/thumbs\/thumbs_klosterkirche-und-Klosteranlage-dobertin-radtour-2025-16.jpg\" data-title=\"Klosteranlage der Klosterkirche Dobertin \u2013 sehr gut erhaltenes Baudenkmal in Mecklenburg\" data-description=\" \" >\n\t\t\t\t\t\t\t\t<img title=\"Klosteranlage der Klosterkirche Dobertin \u2013 sehr gut erhaltenes Baudenkmal in Mecklenburg\" alt=\"Klosteranlage der Klosterkirche Dobertin \u2013 sehr gut erhaltenes Baudenkmal in Mecklenburg\" src=\"https:\/\/wernerdeck.de\/blog\/wp-content\/gallery\/kloster-dobertin\/thumbs\/thumbs_klosterkirche-und-Klosteranlage-dobertin-radtour-2025-16.jpg\" width='240' height='160' \/>\n\t\t\t\t\t\t\t<\/a>\n\t\t\t<span>\n\t\t\t \t\t\t<\/span>\n\t\t<\/div>\n\t<\/div>\n\t\t\t\t\t\t\t<br style=\"clear: both\" \/>\n\t\t\t\n\t<!-- Pagination -->\n\t\t<div class='ngg-clear'><\/div>\t\n<\/div>\n\n\t\n<h3>Tagesziel: Jagdschloss Bellin \u2013 Finale der ersten Etappe<\/h3>\n<p><span style=\"font-weight: 400;\">Kurz danach setzte leichter Regen ein, und wir schl\u00fcpften in unsere Regenkleidung. Die letzten 16 Kilometer mussten wir im Nieselregen zur\u00fccklegen. Um 18:40 Uhr, nach exakt 94,3 Kilometern, erreichten wir endlich unser Tagesziel: das Jagdschloss Bellin.<\/span><\/p>\n<p>\n<div class=\"ngg-galleryoverview ngg-template-caption\" id=\"ngg-gallery-5dd9df7d15540251adaf570a6313bd42-27387\">\n\n\t\t\n\t<!-- Thumbnails -->\n\t\t\t\t\t\n\t<div id=\"ngg-image-13288\" class=\"ngg-gallery-thumbnail-box\" style=\"width:25%;\" >\n\t\t<div class=\"ngg-gallery-thumbnail\" >\n\t\t\t<a href=\"https:\/\/wernerdeck.de\/blog\/wp-content\/gallery\/regen-bellin\/regen-radtour-seenplatte-2025-02.jpg\"\n\t\t\t\ttitle=\" \"\n\t\t\t\tclass=\"ngg-simplelightbox\" rel=\"5dd9df7d15540251adaf570a6313bd42\" data-image-id=\"13288\" data-src=\"https:\/\/wernerdeck.de\/blog\/wp-content\/gallery\/regen-bellin\/regen-radtour-seenplatte-2025-02.jpg\" data-thumbnail=\"https:\/\/wernerdeck.de\/blog\/wp-content\/gallery\/regen-bellin\/thumbs\/thumbs_regen-radtour-seenplatte-2025-02.jpg\" data-title=\"Leichter Nieselregen w\u00e4hrend der Radtour Mecklenburgische Seenplatte\" data-description=\" \" >\n\t\t\t\t\t\t\t\t<img title=\"Leichter Nieselregen w\u00e4hrend der Radtour Mecklenburgische Seenplatte\" alt=\"Leichter Nieselregen w\u00e4hrend der Radtour Mecklenburgische Seenplatte\" src=\"https:\/\/wernerdeck.de\/blog\/wp-content\/gallery\/regen-bellin\/thumbs\/thumbs_regen-radtour-seenplatte-2025-02.jpg\" width='240' height='160' \/>\n\t\t\t\t\t\t\t<\/a>\n\t\t\t<span>\n\t\t\t \t\t\t<\/span>\n\t\t<\/div>\n\t<\/div>\n\t\t\t\t\t\t\t\t\n\t<div id=\"ngg-image-13290\" class=\"ngg-gallery-thumbnail-box\" style=\"width:25%;\" >\n\t\t<div class=\"ngg-gallery-thumbnail\" >\n\t\t\t<a href=\"https:\/\/wernerdeck.de\/blog\/wp-content\/gallery\/regen-bellin\/regen-radtour-seenplatte-2025-04.jpg\"\n\t\t\t\ttitle=\" \"\n\t\t\t\tclass=\"ngg-simplelightbox\" rel=\"5dd9df7d15540251adaf570a6313bd42\" data-image-id=\"13290\" data-src=\"https:\/\/wernerdeck.de\/blog\/wp-content\/gallery\/regen-bellin\/regen-radtour-seenplatte-2025-04.jpg\" data-thumbnail=\"https:\/\/wernerdeck.de\/blog\/wp-content\/gallery\/regen-bellin\/thumbs\/thumbs_regen-radtour-seenplatte-2025-04.jpg\" data-title=\"Radfahrer in Regenkleidung unterwegs auf der windigen Strecke\" data-description=\" \" >\n\t\t\t\t\t\t\t\t<img title=\"Radfahrer in Regenkleidung unterwegs auf der windigen Strecke\" alt=\"Radfahrer in Regenkleidung unterwegs auf der windigen Strecke\" src=\"https:\/\/wernerdeck.de\/blog\/wp-content\/gallery\/regen-bellin\/thumbs\/thumbs_regen-radtour-seenplatte-2025-04.jpg\" width='240' height='160' \/>\n\t\t\t\t\t\t\t<\/a>\n\t\t\t<span>\n\t\t\t \t\t\t<\/span>\n\t\t<\/div>\n\t<\/div>\n\t\t\t\t\t\t\t\t\n\t<div id=\"ngg-image-13287\" class=\"ngg-gallery-thumbnail-box\" style=\"width:25%;\" >\n\t\t<div class=\"ngg-gallery-thumbnail\" >\n\t\t\t<a href=\"https:\/\/wernerdeck.de\/blog\/wp-content\/gallery\/regen-bellin\/regen-radtour-seenplatte-2025-06.jpg\"\n\t\t\t\ttitle=\" \"\n\t\t\t\tclass=\"ngg-simplelightbox\" rel=\"5dd9df7d15540251adaf570a6313bd42\" data-image-id=\"13287\" data-src=\"https:\/\/wernerdeck.de\/blog\/wp-content\/gallery\/regen-bellin\/regen-radtour-seenplatte-2025-06.jpg\" data-thumbnail=\"https:\/\/wernerdeck.de\/blog\/wp-content\/gallery\/regen-bellin\/thumbs\/thumbs_regen-radtour-seenplatte-2025-06.jpg\" data-title=\"Feuchte Strecke und Regenwolken w\u00e4hrend der letzten Kilometer der Etappe\" data-description=\" \" >\n\t\t\t\t\t\t\t\t<img title=\"Feuchte Strecke und Regenwolken w\u00e4hrend der letzten Kilometer der Etappe\" alt=\"Feuchte Strecke und Regenwolken w\u00e4hrend der letzten Kilometer der Etappe\" src=\"https:\/\/wernerdeck.de\/blog\/wp-content\/gallery\/regen-bellin\/thumbs\/thumbs_regen-radtour-seenplatte-2025-06.jpg\" width='240' height='160' \/>\n\t\t\t\t\t\t\t<\/a>\n\t\t\t<span>\n\t\t\t \t\t\t<\/span>\n\t\t<\/div>\n\t<\/div>\n\t\t\t\t\t\t\t\t\n\t<div id=\"ngg-image-13289\" class=\"ngg-gallery-thumbnail-box\" style=\"width:25%;\" >\n\t\t<div class=\"ngg-gallery-thumbnail\" >\n\t\t\t<a href=\"https:\/\/wernerdeck.de\/blog\/wp-content\/gallery\/regen-bellin\/regen-radtour-seenplatte-2025-08.jpg\"\n\t\t\t\ttitle=\" \"\n\t\t\t\tclass=\"ngg-simplelightbox\" rel=\"5dd9df7d15540251adaf570a6313bd42\" data-image-id=\"13289\" data-src=\"https:\/\/wernerdeck.de\/blog\/wp-content\/gallery\/regen-bellin\/regen-radtour-seenplatte-2025-08.jpg\" data-thumbnail=\"https:\/\/wernerdeck.de\/blog\/wp-content\/gallery\/regen-bellin\/thumbs\/thumbs_regen-radtour-seenplatte-2025-08.jpg\" data-title=\"Blick auf die nasse Landstra\u00dfe im Nieselregen auf der Mecklenburgischen Seenplatte\" data-description=\" \" >\n\t\t\t\t\t\t\t\t<img title=\"Blick auf die nasse Landstra\u00dfe im Nieselregen auf der Mecklenburgischen Seenplatte\" alt=\"Blick auf die nasse Landstra\u00dfe im Nieselregen auf der Mecklenburgischen Seenplatte\" src=\"https:\/\/wernerdeck.de\/blog\/wp-content\/gallery\/regen-bellin\/thumbs\/thumbs_regen-radtour-seenplatte-2025-08.jpg\" width='240' height='160' \/>\n\t\t\t\t\t\t\t<\/a>\n\t\t\t<span>\n\t\t\t \t\t\t<\/span>\n\t\t<\/div>\n\t<\/div>\n\t\t\t\t\t\t\t<br style=\"clear: both\" \/>\n\t\t\t\n\t<!-- Pagination -->\n\t\t<div class='ngg-clear'><\/div>\t\n<\/div>\n\n\t<span style=\"font-weight: 400;\">Allein die Fahrt durch die Allee mit ihren alten B\u00e4umen war eindrucksvoll. Links und rechts s\u00e4umten verfallene Wirtschaftsgeb\u00e4ude den Weg, bis sich das Schloss am Ende der Allee majest\u00e4tisch erhob. Der Regen hatte inzwischen fast aufgeh\u00f6rt.<\/span><\/p>\n<p>\n<div class=\"ngg-galleryoverview ngg-template-caption\" id=\"ngg-gallery-fbd54a058b3c4d1902f4650d6eb1dae2-27387\">\n\n\t\t\n\t<!-- Thumbnails -->\n\t\t\t\t\t\n\t<div id=\"ngg-image-13292\" class=\"ngg-gallery-thumbnail-box\" style=\"width:33%;\" >\n\t\t<div class=\"ngg-gallery-thumbnail\" >\n\t\t\t<a href=\"https:\/\/wernerdeck.de\/blog\/wp-content\/gallery\/jagdschloss\/allee-bellin-radtour-seenplatte-2025-02.jpg\"\n\t\t\t\ttitle=\" \"\n\t\t\t\tclass=\"ngg-simplelightbox\" rel=\"fbd54a058b3c4d1902f4650d6eb1dae2\" data-image-id=\"13292\" data-src=\"https:\/\/wernerdeck.de\/blog\/wp-content\/gallery\/jagdschloss\/allee-bellin-radtour-seenplatte-2025-02.jpg\" data-thumbnail=\"https:\/\/wernerdeck.de\/blog\/wp-content\/gallery\/jagdschloss\/thumbs\/thumbs_allee-bellin-radtour-seenplatte-2025-02.jpg\" data-title=\"Nach dem Regen: nasse Wege und alte Gem\u00e4uer auf dem Weg zum Jagdschloss\" data-description=\" \" >\n\t\t\t\t\t\t\t\t<img title=\"Nach dem Regen: nasse Wege und alte Gem\u00e4uer auf dem Weg zum Jagdschloss\" alt=\"Nach dem Regen: nasse Wege und alte Gem\u00e4uer auf dem Weg zum Jagdschloss\" src=\"https:\/\/wernerdeck.de\/blog\/wp-content\/gallery\/jagdschloss\/thumbs\/thumbs_allee-bellin-radtour-seenplatte-2025-02.jpg\" width='240' height='160' \/>\n\t\t\t\t\t\t\t<\/a>\n\t\t\t<span>\n\t\t\t \t\t\t<\/span>\n\t\t<\/div>\n\t<\/div>\n\t\t\t\t\t\t\t\t\n\t<div id=\"ngg-image-13296\" class=\"ngg-gallery-thumbnail-box\" style=\"width:33%;\" >\n\t\t<div class=\"ngg-gallery-thumbnail\" >\n\t\t\t<a href=\"https:\/\/wernerdeck.de\/blog\/wp-content\/gallery\/jagdschloss\/allee-bellin-radtour-seenplatte-2025-04.jpg\"\n\t\t\t\ttitle=\" \"\n\t\t\t\tclass=\"ngg-simplelightbox\" rel=\"fbd54a058b3c4d1902f4650d6eb1dae2\" data-image-id=\"13296\" data-src=\"https:\/\/wernerdeck.de\/blog\/wp-content\/gallery\/jagdschloss\/allee-bellin-radtour-seenplatte-2025-04.jpg\" data-thumbnail=\"https:\/\/wernerdeck.de\/blog\/wp-content\/gallery\/jagdschloss\/thumbs\/thumbs_allee-bellin-radtour-seenplatte-2025-04.jpg\" data-title=\"Alte Baumallee vor dem Jagdschloss Bellin \u2013 Radtour Mecklenburgische Seenplatte\" data-description=\" \" >\n\t\t\t\t\t\t\t\t<img title=\"Alte Baumallee vor dem Jagdschloss Bellin \u2013 Radtour Mecklenburgische Seenplatte\" alt=\"Alte Baumallee vor dem Jagdschloss Bellin \u2013 Radtour Mecklenburgische Seenplatte\" src=\"https:\/\/wernerdeck.de\/blog\/wp-content\/gallery\/jagdschloss\/thumbs\/thumbs_allee-bellin-radtour-seenplatte-2025-04.jpg\" width='240' height='160' \/>\n\t\t\t\t\t\t\t<\/a>\n\t\t\t<span>\n\t\t\t \t\t\t<\/span>\n\t\t<\/div>\n\t<\/div>\n\t\t\t\t\t\t\t\t\n\t<div id=\"ngg-image-13293\" class=\"ngg-gallery-thumbnail-box\" style=\"width:33%;\" >\n\t\t<div class=\"ngg-gallery-thumbnail\" >\n\t\t\t<a href=\"https:\/\/wernerdeck.de\/blog\/wp-content\/gallery\/jagdschloss\/allee-bellin-radtour-seenplatte-2025-06.jpg\"\n\t\t\t\ttitle=\" \"\n\t\t\t\tclass=\"ngg-simplelightbox\" rel=\"fbd54a058b3c4d1902f4650d6eb1dae2\" data-image-id=\"13293\" data-src=\"https:\/\/wernerdeck.de\/blog\/wp-content\/gallery\/jagdschloss\/allee-bellin-radtour-seenplatte-2025-06.jpg\" data-thumbnail=\"https:\/\/wernerdeck.de\/blog\/wp-content\/gallery\/jagdschloss\/thumbs\/thumbs_allee-bellin-radtour-seenplatte-2025-06.jpg\" data-title=\"Verfallene Wirtschaftsgeb\u00e4ude entlang der Allee vor dem Jagdschloss\" data-description=\" \" >\n\t\t\t\t\t\t\t\t<img title=\"Verfallene Wirtschaftsgeb\u00e4ude entlang der Allee vor dem Jagdschloss\" alt=\"Verfallene Wirtschaftsgeb\u00e4ude entlang der Allee vor dem Jagdschloss\" src=\"https:\/\/wernerdeck.de\/blog\/wp-content\/gallery\/jagdschloss\/thumbs\/thumbs_allee-bellin-radtour-seenplatte-2025-06.jpg\" width='240' height='160' \/>\n\t\t\t\t\t\t\t<\/a>\n\t\t\t<span>\n\t\t\t \t\t\t<\/span>\n\t\t<\/div>\n\t<\/div>\n\t\t\t\t\t\t\t<br style=\"clear: both\" \/>\n\t\t\t\n\t<div id=\"ngg-image-13294\" class=\"ngg-gallery-thumbnail-box\" style=\"width:33%;\" >\n\t\t<div class=\"ngg-gallery-thumbnail\" >\n\t\t\t<a href=\"https:\/\/wernerdeck.de\/blog\/wp-content\/gallery\/jagdschloss\/allee-bellin-radtour-seenplatte-2025-08.jpg\"\n\t\t\t\ttitle=\" \"\n\t\t\t\tclass=\"ngg-simplelightbox\" rel=\"fbd54a058b3c4d1902f4650d6eb1dae2\" data-image-id=\"13294\" data-src=\"https:\/\/wernerdeck.de\/blog\/wp-content\/gallery\/jagdschloss\/allee-bellin-radtour-seenplatte-2025-08.jpg\" data-thumbnail=\"https:\/\/wernerdeck.de\/blog\/wp-content\/gallery\/jagdschloss\/thumbs\/thumbs_allee-bellin-radtour-seenplatte-2025-08.jpg\" data-title=\"Schloss Bellin erhebt sich am Ende der Allee \u2013 letzte Meter unserer ersten Etappe\" data-description=\" \" >\n\t\t\t\t\t\t\t\t<img title=\"Schloss Bellin erhebt sich am Ende der Allee \u2013 letzte Meter unserer ersten Etappe\" alt=\"Schloss Bellin erhebt sich am Ende der Allee \u2013 letzte Meter unserer ersten Etappe\" src=\"https:\/\/wernerdeck.de\/blog\/wp-content\/gallery\/jagdschloss\/thumbs\/thumbs_allee-bellin-radtour-seenplatte-2025-08.jpg\" width='240' height='160' \/>\n\t\t\t\t\t\t\t<\/a>\n\t\t\t<span>\n\t\t\t \t\t\t<\/span>\n\t\t<\/div>\n\t<\/div>\n\t\t\t\t\t\t\t\t\n\t<div id=\"ngg-image-13295\" class=\"ngg-gallery-thumbnail-box\" style=\"width:33%;\" >\n\t\t<div class=\"ngg-gallery-thumbnail\" >\n\t\t\t<a href=\"https:\/\/wernerdeck.de\/blog\/wp-content\/gallery\/jagdschloss\/allee-bellin-radtour-seenplatte-2025-10.jpg\"\n\t\t\t\ttitle=\" \"\n\t\t\t\tclass=\"ngg-simplelightbox\" rel=\"fbd54a058b3c4d1902f4650d6eb1dae2\" data-image-id=\"13295\" data-src=\"https:\/\/wernerdeck.de\/blog\/wp-content\/gallery\/jagdschloss\/allee-bellin-radtour-seenplatte-2025-10.jpg\" data-thumbnail=\"https:\/\/wernerdeck.de\/blog\/wp-content\/gallery\/jagdschloss\/thumbs\/thumbs_allee-bellin-radtour-seenplatte-2025-10.jpg\" data-title=\"Eindrucksvolle Zufahrt mit alten B\u00e4umen \u2013 fast am Ziel der Etappe bei Bellin\" data-description=\" \" >\n\t\t\t\t\t\t\t\t<img title=\"Eindrucksvolle Zufahrt mit alten B\u00e4umen \u2013 fast am Ziel der Etappe bei Bellin\" alt=\"Eindrucksvolle Zufahrt mit alten B\u00e4umen \u2013 fast am Ziel der Etappe bei Bellin\" src=\"https:\/\/wernerdeck.de\/blog\/wp-content\/gallery\/jagdschloss\/thumbs\/thumbs_allee-bellin-radtour-seenplatte-2025-10.jpg\" width='240' height='160' \/>\n\t\t\t\t\t\t\t<\/a>\n\t\t\t<span>\n\t\t\t \t\t\t<\/span>\n\t\t<\/div>\n\t<\/div>\n\t\t\t\t\t\t\t\t\n\t<div id=\"ngg-image-13291\" class=\"ngg-gallery-thumbnail-box\" style=\"width:33%;\" >\n\t\t<div class=\"ngg-gallery-thumbnail\" >\n\t\t\t<a href=\"https:\/\/wernerdeck.de\/blog\/wp-content\/gallery\/jagdschloss\/allee-bellin-radtour-seenplatte-2025-12.jpg\"\n\t\t\t\ttitle=\" \"\n\t\t\t\tclass=\"ngg-simplelightbox\" rel=\"fbd54a058b3c4d1902f4650d6eb1dae2\" data-image-id=\"13291\" data-src=\"https:\/\/wernerdeck.de\/blog\/wp-content\/gallery\/jagdschloss\/allee-bellin-radtour-seenplatte-2025-12.jpg\" data-thumbnail=\"https:\/\/wernerdeck.de\/blog\/wp-content\/gallery\/jagdschloss\/thumbs\/thumbs_allee-bellin-radtour-seenplatte-2025-12.jpg\" data-title=\"Angekommen am Etappenziel Jagdschloss Bellin \u2013 zwischen Regenn\u00e4sse und Abendlicht\" data-description=\" \" >\n\t\t\t\t\t\t\t\t<img title=\"Angekommen am Etappenziel Jagdschloss Bellin \u2013 zwischen Regenn\u00e4sse und Abendlicht\" alt=\"Angekommen am Etappenziel Jagdschloss Bellin \u2013 zwischen Regenn\u00e4sse und Abendlicht\" src=\"https:\/\/wernerdeck.de\/blog\/wp-content\/gallery\/jagdschloss\/thumbs\/thumbs_allee-bellin-radtour-seenplatte-2025-12.jpg\" width='240' height='160' \/>\n\t\t\t\t\t\t\t<\/a>\n\t\t\t<span>\n\t\t\t \t\t\t<\/span>\n\t\t<\/div>\n\t<\/div>\n\t\t\t\t\t\t\t<br style=\"clear: both\" \/>\n\t\t\t\n\t<!-- Pagination -->\n\t\t<div class='ngg-clear'><\/div>\t\n<\/div>\n\n\t<span style=\"font-weight: 400;\">Im Inneren des Schlosses empfing uns die Hausherrin freundlich \u2013 wir waren die einzigen G\u00e4ste an diesem Tag. Noch bevor wir die Zimmer bezogen, fragte sie uns, ob wir etwas essen m\u00f6chten. In der Umgebung gab es kein ge\u00f6ffnetes Restaurant, also bot sie uns kurzerhand Spaghetti Bolognese an. Wir nahmen das Angebot dankbar an und fanden uns wenig sp\u00e4ter im herrschaftlichen Speisesaal zum Abendessen wieder.<\/span><\/p>\n\n<div class=\"ngg-galleryoverview ngg-template-caption\" id=\"ngg-gallery-56cfe5e712e04f1cfe04ddd1a5f87ed9-27387\">\n\n\t\t\n\t<!-- Thumbnails -->\n\t\t\t\t\t\n\t<div id=\"ngg-image-13301\" class=\"ngg-gallery-thumbnail-box\" style=\"width:33%;\" >\n\t\t<div class=\"ngg-gallery-thumbnail\" >\n\t\t\t<a href=\"https:\/\/wernerdeck.de\/blog\/wp-content\/gallery\/bellin-abendessen\/abendessen-bellin-radtour-seenplatte-2025-02.jpg\"\n\t\t\t\ttitle=\" \"\n\t\t\t\tclass=\"ngg-simplelightbox\" rel=\"56cfe5e712e04f1cfe04ddd1a5f87ed9\" data-image-id=\"13301\" data-src=\"https:\/\/wernerdeck.de\/blog\/wp-content\/gallery\/bellin-abendessen\/abendessen-bellin-radtour-seenplatte-2025-02.jpg\" data-thumbnail=\"https:\/\/wernerdeck.de\/blog\/wp-content\/gallery\/bellin-abendessen\/thumbs\/thumbs_abendessen-bellin-radtour-seenplatte-2025-02.jpg\" data-title=\"Ankunft im Jagdschloss Bellin \u2013 wir waren die einzigen G\u00e4ste des Tages\" data-description=\" \" >\n\t\t\t\t\t\t\t\t<img title=\"Ankunft im Jagdschloss Bellin \u2013 wir waren die einzigen G\u00e4ste des Tages\" alt=\"Ankunft im Jagdschloss Bellin \u2013 wir waren die einzigen G\u00e4ste des Tages\" src=\"https:\/\/wernerdeck.de\/blog\/wp-content\/gallery\/bellin-abendessen\/thumbs\/thumbs_abendessen-bellin-radtour-seenplatte-2025-02.jpg\" width='240' height='160' \/>\n\t\t\t\t\t\t\t<\/a>\n\t\t\t<span>\n\t\t\t \t\t\t<\/span>\n\t\t<\/div>\n\t<\/div>\n\t\t\t\t\t\t\t\t\n\t<div id=\"ngg-image-13299\" class=\"ngg-gallery-thumbnail-box\" style=\"width:33%;\" >\n\t\t<div class=\"ngg-gallery-thumbnail\" >\n\t\t\t<a href=\"https:\/\/wernerdeck.de\/blog\/wp-content\/gallery\/bellin-abendessen\/abendessen-bellin-radtour-seenplatte-2025-04.jpg\"\n\t\t\t\ttitle=\" \"\n\t\t\t\tclass=\"ngg-simplelightbox\" rel=\"56cfe5e712e04f1cfe04ddd1a5f87ed9\" data-image-id=\"13299\" data-src=\"https:\/\/wernerdeck.de\/blog\/wp-content\/gallery\/bellin-abendessen\/abendessen-bellin-radtour-seenplatte-2025-04.jpg\" data-thumbnail=\"https:\/\/wernerdeck.de\/blog\/wp-content\/gallery\/bellin-abendessen\/thumbs\/thumbs_abendessen-bellin-radtour-seenplatte-2025-04.jpg\" data-title=\"Freundlicher Empfang im Jagdschloss Bellin \u2013 spontane Einladung zum Abendessenabendessen\" data-description=\" \" >\n\t\t\t\t\t\t\t\t<img title=\"Freundlicher Empfang im Jagdschloss Bellin \u2013 spontane Einladung zum Abendessenabendessen\" alt=\"Freundlicher Empfang im Jagdschloss Bellin \u2013 spontane Einladung zum Abendessenabendessen\" src=\"https:\/\/wernerdeck.de\/blog\/wp-content\/gallery\/bellin-abendessen\/thumbs\/thumbs_abendessen-bellin-radtour-seenplatte-2025-04.jpg\" width='240' height='160' \/>\n\t\t\t\t\t\t\t<\/a>\n\t\t\t<span>\n\t\t\t \t\t\t<\/span>\n\t\t<\/div>\n\t<\/div>\n\t\t\t\t\t\t\t\t\n\t<div id=\"ngg-image-13300\" class=\"ngg-gallery-thumbnail-box\" style=\"width:33%;\" >\n\t\t<div class=\"ngg-gallery-thumbnail\" >\n\t\t\t<a href=\"https:\/\/wernerdeck.de\/blog\/wp-content\/gallery\/bellin-abendessen\/abendessen-bellin-radtour-seenplatte-2025-06.jpg\"\n\t\t\t\ttitle=\" \"\n\t\t\t\tclass=\"ngg-simplelightbox\" rel=\"56cfe5e712e04f1cfe04ddd1a5f87ed9\" data-image-id=\"13300\" data-src=\"https:\/\/wernerdeck.de\/blog\/wp-content\/gallery\/bellin-abendessen\/abendessen-bellin-radtour-seenplatte-2025-06.jpg\" data-thumbnail=\"https:\/\/wernerdeck.de\/blog\/wp-content\/gallery\/bellin-abendessen\/thumbs\/thumbs_abendessen-bellin-radtour-seenplatte-2025-06.jpg\" data-title=\"Blick in den historischen Speisesaal im Jagdschloss Bellin \u2013 ein Abend wie im Film\" data-description=\" \" >\n\t\t\t\t\t\t\t\t<img title=\"Blick in den historischen Speisesaal im Jagdschloss Bellin \u2013 ein Abend wie im Film\" alt=\"Blick in den historischen Speisesaal im Jagdschloss Bellin \u2013 ein Abend wie im Film\" src=\"https:\/\/wernerdeck.de\/blog\/wp-content\/gallery\/bellin-abendessen\/thumbs\/thumbs_abendessen-bellin-radtour-seenplatte-2025-06.jpg\" width='240' height='160' \/>\n\t\t\t\t\t\t\t<\/a>\n\t\t\t<span>\n\t\t\t \t\t\t<\/span>\n\t\t<\/div>\n\t<\/div>\n\t\t\t\t\t\t\t<br style=\"clear: both\" \/>\n\t\t\t\n\t<div id=\"ngg-image-13302\" class=\"ngg-gallery-thumbnail-box\" style=\"width:33%;\" >\n\t\t<div class=\"ngg-gallery-thumbnail\" >\n\t\t\t<a href=\"https:\/\/wernerdeck.de\/blog\/wp-content\/gallery\/bellin-abendessen\/abendessen-bellin-radtour-seenplatte-2025-08.jpg\"\n\t\t\t\ttitle=\" \"\n\t\t\t\tclass=\"ngg-simplelightbox\" rel=\"56cfe5e712e04f1cfe04ddd1a5f87ed9\" data-image-id=\"13302\" data-src=\"https:\/\/wernerdeck.de\/blog\/wp-content\/gallery\/bellin-abendessen\/abendessen-bellin-radtour-seenplatte-2025-08.jpg\" data-thumbnail=\"https:\/\/wernerdeck.de\/blog\/wp-content\/gallery\/bellin-abendessen\/thumbs\/thumbs_abendessen-bellin-radtour-seenplatte-2025-08.jpg\" data-title=\"Schlossk\u00fcche mit Seele: Abendessen im kleinen Rahmen \u2013 Radtour Mecklenburgische Seenplatte endet stilvoll\" data-description=\" \" >\n\t\t\t\t\t\t\t\t<img title=\"Schlossk\u00fcche mit Seele: Abendessen im kleinen Rahmen \u2013 Radtour Mecklenburgische Seenplatte endet stilvoll\" alt=\"Schlossk\u00fcche mit Seele: Abendessen im kleinen Rahmen \u2013 Radtour Mecklenburgische Seenplatte endet stilvoll\" src=\"https:\/\/wernerdeck.de\/blog\/wp-content\/gallery\/bellin-abendessen\/thumbs\/thumbs_abendessen-bellin-radtour-seenplatte-2025-08.jpg\" width='240' height='160' \/>\n\t\t\t\t\t\t\t<\/a>\n\t\t\t<span>\n\t\t\t \t\t\t<\/span>\n\t\t<\/div>\n\t<\/div>\n\t\t\t\t\t\t\t\t\n\t<div id=\"ngg-image-13297\" class=\"ngg-gallery-thumbnail-box\" style=\"width:33%;\" >\n\t\t<div class=\"ngg-gallery-thumbnail\" >\n\t\t\t<a href=\"https:\/\/wernerdeck.de\/blog\/wp-content\/gallery\/bellin-abendessen\/abendessen-bellin-radtour-seenplatte-2025-10.jpg\"\n\t\t\t\ttitle=\" \"\n\t\t\t\tclass=\"ngg-simplelightbox\" rel=\"56cfe5e712e04f1cfe04ddd1a5f87ed9\" data-image-id=\"13297\" data-src=\"https:\/\/wernerdeck.de\/blog\/wp-content\/gallery\/bellin-abendessen\/abendessen-bellin-radtour-seenplatte-2025-10.jpg\" data-thumbnail=\"https:\/\/wernerdeck.de\/blog\/wp-content\/gallery\/bellin-abendessen\/thumbs\/thumbs_abendessen-bellin-radtour-seenplatte-2025-10.jpg\" data-title=\"Spaghetti Bolognese \u2013 einfach, herzlich und willkommen\" data-description=\" \" >\n\t\t\t\t\t\t\t\t<img title=\"Spaghetti Bolognese \u2013 einfach, herzlich und willkommen\" alt=\"Spaghetti Bolognese \u2013 einfach, herzlich und willkommen\" src=\"https:\/\/wernerdeck.de\/blog\/wp-content\/gallery\/bellin-abendessen\/thumbs\/thumbs_abendessen-bellin-radtour-seenplatte-2025-10.jpg\" width='240' height='160' \/>\n\t\t\t\t\t\t\t<\/a>\n\t\t\t<span>\n\t\t\t \t\t\t<\/span>\n\t\t<\/div>\n\t<\/div>\n\t\t\t\t\t\t\t\t\n\t<div id=\"ngg-image-13298\" class=\"ngg-gallery-thumbnail-box\" style=\"width:33%;\" >\n\t\t<div class=\"ngg-gallery-thumbnail\" >\n\t\t\t<a href=\"https:\/\/wernerdeck.de\/blog\/wp-content\/gallery\/bellin-abendessen\/abendessen-bellin-radtour-seenplatte-2025-12.jpg\"\n\t\t\t\ttitle=\" \"\n\t\t\t\tclass=\"ngg-simplelightbox\" rel=\"56cfe5e712e04f1cfe04ddd1a5f87ed9\" data-image-id=\"13298\" data-src=\"https:\/\/wernerdeck.de\/blog\/wp-content\/gallery\/bellin-abendessen\/abendessen-bellin-radtour-seenplatte-2025-12.jpg\" data-thumbnail=\"https:\/\/wernerdeck.de\/blog\/wp-content\/gallery\/bellin-abendessen\/thumbs\/thumbs_abendessen-bellin-radtour-seenplatte-2025-12.jpg\" data-title=\"Ein guter Schluck Wein und Spaghetti Bolognese \" data-description=\" \" >\n\t\t\t\t\t\t\t\t<img title=\"Ein guter Schluck Wein und Spaghetti Bolognese \" alt=\"Ein guter Schluck Wein und Spaghetti Bolognese \" src=\"https:\/\/wernerdeck.de\/blog\/wp-content\/gallery\/bellin-abendessen\/thumbs\/thumbs_abendessen-bellin-radtour-seenplatte-2025-12.jpg\" width='240' height='160' \/>\n\t\t\t\t\t\t\t<\/a>\n\t\t\t<span>\n\t\t\t \t\t\t<\/span>\n\t\t<\/div>\n\t<\/div>\n\t\t\t\t\t\t\t<br style=\"clear: both\" \/>\n\t\t\t\n\t<!-- Pagination -->\n\t\t<div class='ngg-clear'><\/div>\t\n<\/div>\n\n\t\n<figure id=\"attachment_27729\" aria-describedby=\"caption-attachment-27729\" style=\"width: 204px\" class=\"wp-caption alignleft\"><img loading=\"lazy\" decoding=\"async\" class=\" wp-image-27729\" src=\"https:\/\/wernerdeck.de\/blog\/wp-content\/uploads\/2025\/07\/Der-Schlossbauherr-des-Jagdschloss-Bellin-Henry\u202fBrarens\u202fSloman.jpg\" alt=\"Der Urgro\u00dfvater der Schlossherrin Henry\u202fBrarens\u202fSloman\" width=\"214\" height=\"252\" srcset=\"https:\/\/wernerdeck.de\/blog\/wp-content\/uploads\/2025\/07\/Der-Schlossbauherr-des-Jagdschloss-Bellin-Henry\u202fBrarens\u202fSloman.jpg 1000w, https:\/\/wernerdeck.de\/blog\/wp-content\/uploads\/2025\/07\/Der-Schlossbauherr-des-Jagdschloss-Bellin-Henry\u202fBrarens\u202fSloman-255x300.jpg 255w, https:\/\/wernerdeck.de\/blog\/wp-content\/uploads\/2025\/07\/Der-Schlossbauherr-des-Jagdschloss-Bellin-Henry\u202fBrarens\u202fSloman-869x1024.jpg 869w, https:\/\/wernerdeck.de\/blog\/wp-content\/uploads\/2025\/07\/Der-Schlossbauherr-des-Jagdschloss-Bellin-Henry\u202fBrarens\u202fSloman-768x905.jpg 768w\" sizes=\"auto, (max-width: 214px) 100vw, 214px\" \/><figcaption id=\"caption-attachment-27729\" class=\"wp-caption-text\">Der Urgro\u00dfvater der Schlossherrin: Henry\u202fBrarens\u202fSloman<\/figcaption><\/figure>\n<p><span style=\"font-weight: 400;\">Dabei kamen wir ins Gespr\u00e4ch mit der Schlossherrin und erfuhren spannende Details aus der Geschichte ihrer Familie und des Schlosses: Das Jagdschloss Bellin wurde zwischen 1911 und 1912 im neobarocken Stil nach Entw\u00fcrfen von Paul\u202fKorff f\u00fcr den Hamburger Kaufmann Henry\u202fBrarens\u202fSloman, dem Urgro\u00dfvater der heutigen Besitzerin, auf den Grundmauern eines fr\u00fcheren Herrenhauses errichtet. <\/span><\/p>\n<p><span style=\"font-weight: 400;\">Nach wechselvoller Nutzung \u2013 u.a. als Schule, Kinderheim in der DDR-Zeit und Parteischule \u2013 kehrte das Schloss 1997 in den Familienbesitz zur\u00fcck und fungiert seither als Hotel und Veranstaltungsort. <a href=\"https:\/\/wernerdeck.de\/blog\/2025\/07\/07\/jagdschloss-bellin-geschichte-aufenthalt-schloesschen\/\" target=\"_blank\" rel=\"noopener\">Die bewegte Geschichte dieses Ortes verdient einen eigenen Beitrag \u2013 dem Jagdschloss Bellin widme ich daher einen separaten Blogartikel<\/a> (Link).<\/span><\/p>\n<p><span style=\"font-weight: 400;\">Nach dem Abendessen sa\u00dfen wir noch bei einem Bier im Wintergarten mit Blick in den Schlosspark. Die Schlossherrin erz\u00e4hlte uns, dass sich hier fast jeden Abend Rehe zeigen. Und tats\u00e4chlich: Wenig sp\u00e4ter trat eines aus dem Schatten und \u00e4ste ganz in der N\u00e4he.<\/span><\/p>\n<p>\n<div class=\"ngg-galleryoverview ngg-template-caption\" id=\"ngg-gallery-148d2016bd7185a3f4c650f4ac8feffd-27387\">\n\n\t\t\n\t<!-- Thumbnails -->\n\t\t\t\t\t\n\t<div id=\"ngg-image-13305\" class=\"ngg-gallery-thumbnail-box\" style=\"width:33%;\" >\n\t\t<div class=\"ngg-gallery-thumbnail\" >\n\t\t\t<a href=\"https:\/\/wernerdeck.de\/blog\/wp-content\/gallery\/wintergarten-bellin\/wintergarten-bellin-radtour-seenplatte-2025-02.jpg\"\n\t\t\t\ttitle=\" \"\n\t\t\t\tclass=\"ngg-simplelightbox\" rel=\"148d2016bd7185a3f4c650f4ac8feffd\" data-image-id=\"13305\" data-src=\"https:\/\/wernerdeck.de\/blog\/wp-content\/gallery\/wintergarten-bellin\/wintergarten-bellin-radtour-seenplatte-2025-02.jpg\" data-thumbnail=\"https:\/\/wernerdeck.de\/blog\/wp-content\/gallery\/wintergarten-bellin\/thumbs\/thumbs_wintergarten-bellin-radtour-seenplatte-2025-02.jpg\" data-title=\"Abendstimmung im Wintergarten des Jagdschlosses Bellin \u2013 Ausklang der ersten Etappe\" data-description=\" \" >\n\t\t\t\t\t\t\t\t<img title=\"Abendstimmung im Wintergarten des Jagdschlosses Bellin \u2013 Ausklang der ersten Etappe\" alt=\"Abendstimmung im Wintergarten des Jagdschlosses Bellin \u2013 Ausklang der ersten Etappe\" src=\"https:\/\/wernerdeck.de\/blog\/wp-content\/gallery\/wintergarten-bellin\/thumbs\/thumbs_wintergarten-bellin-radtour-seenplatte-2025-02.jpg\" width='240' height='160' \/>\n\t\t\t\t\t\t\t<\/a>\n\t\t\t<span>\n\t\t\t \t\t\t<\/span>\n\t\t<\/div>\n\t<\/div>\n\t\t\t\t\t\t\t\t\n\t<div id=\"ngg-image-13303\" class=\"ngg-gallery-thumbnail-box\" style=\"width:33%;\" >\n\t\t<div class=\"ngg-gallery-thumbnail\" >\n\t\t\t<a href=\"https:\/\/wernerdeck.de\/blog\/wp-content\/gallery\/wintergarten-bellin\/wintergarten-bellin-radtour-seenplatte-2025-04.jpg\"\n\t\t\t\ttitle=\" \"\n\t\t\t\tclass=\"ngg-simplelightbox\" rel=\"148d2016bd7185a3f4c650f4ac8feffd\" data-image-id=\"13303\" data-src=\"https:\/\/wernerdeck.de\/blog\/wp-content\/gallery\/wintergarten-bellin\/wintergarten-bellin-radtour-seenplatte-2025-04.jpg\" data-thumbnail=\"https:\/\/wernerdeck.de\/blog\/wp-content\/gallery\/wintergarten-bellin\/thumbs\/thumbs_wintergarten-bellin-radtour-seenplatte-2025-04.jpg\" data-title=\"Blick aus dem Wintergarten auf den Schlosspark \u2013 ruhiger Moment nach dem Radtag\" data-description=\" \" >\n\t\t\t\t\t\t\t\t<img title=\"Blick aus dem Wintergarten auf den Schlosspark \u2013 ruhiger Moment nach dem Radtag\" alt=\"Blick aus dem Wintergarten auf den Schlosspark \u2013 ruhiger Moment nach dem Radtag\" src=\"https:\/\/wernerdeck.de\/blog\/wp-content\/gallery\/wintergarten-bellin\/thumbs\/thumbs_wintergarten-bellin-radtour-seenplatte-2025-04.jpg\" width='240' height='160' \/>\n\t\t\t\t\t\t\t<\/a>\n\t\t\t<span>\n\t\t\t \t\t\t<\/span>\n\t\t<\/div>\n\t<\/div>\n\t\t\t\t\t\t\t\t\n\t<div id=\"ngg-image-13307\" class=\"ngg-gallery-thumbnail-box\" style=\"width:33%;\" >\n\t\t<div class=\"ngg-gallery-thumbnail\" >\n\t\t\t<a href=\"https:\/\/wernerdeck.de\/blog\/wp-content\/gallery\/wintergarten-bellin\/wintergarten-bellin-radtour-seenplatte-2025-06.jpg\"\n\t\t\t\ttitle=\" \"\n\t\t\t\tclass=\"ngg-simplelightbox\" rel=\"148d2016bd7185a3f4c650f4ac8feffd\" data-image-id=\"13307\" data-src=\"https:\/\/wernerdeck.de\/blog\/wp-content\/gallery\/wintergarten-bellin\/wintergarten-bellin-radtour-seenplatte-2025-06.jpg\" data-thumbnail=\"https:\/\/wernerdeck.de\/blog\/wp-content\/gallery\/wintergarten-bellin\/thumbs\/thumbs_wintergarten-bellin-radtour-seenplatte-2025-06.jpg\" data-title=\"Ein Bier im Wintergarten genie\u00dfen \u2013 Radtour Mecklenburgische Seenplatte mit stilvollem Abschluss\" data-description=\" \" >\n\t\t\t\t\t\t\t\t<img title=\"Ein Bier im Wintergarten genie\u00dfen \u2013 Radtour Mecklenburgische Seenplatte mit stilvollem Abschluss\" alt=\"Ein Bier im Wintergarten genie\u00dfen \u2013 Radtour Mecklenburgische Seenplatte mit stilvollem Abschluss\" src=\"https:\/\/wernerdeck.de\/blog\/wp-content\/gallery\/wintergarten-bellin\/thumbs\/thumbs_wintergarten-bellin-radtour-seenplatte-2025-06.jpg\" width='240' height='160' \/>\n\t\t\t\t\t\t\t<\/a>\n\t\t\t<span>\n\t\t\t \t\t\t<\/span>\n\t\t<\/div>\n\t<\/div>\n\t\t\t\t\t\t\t<br style=\"clear: both\" \/>\n\t\t\t\n\t<div id=\"ngg-image-13304\" class=\"ngg-gallery-thumbnail-box\" style=\"width:33%;\" >\n\t\t<div class=\"ngg-gallery-thumbnail\" >\n\t\t\t<a href=\"https:\/\/wernerdeck.de\/blog\/wp-content\/gallery\/wintergarten-bellin\/wintergarten-bellin-radtour-seenplatte-2025-08.jpg\"\n\t\t\t\ttitle=\" \"\n\t\t\t\tclass=\"ngg-simplelightbox\" rel=\"148d2016bd7185a3f4c650f4ac8feffd\" data-image-id=\"13304\" data-src=\"https:\/\/wernerdeck.de\/blog\/wp-content\/gallery\/wintergarten-bellin\/wintergarten-bellin-radtour-seenplatte-2025-08.jpg\" data-thumbnail=\"https:\/\/wernerdeck.de\/blog\/wp-content\/gallery\/wintergarten-bellin\/thumbs\/thumbs_wintergarten-bellin-radtour-seenplatte-2025-08.jpg\" data-title=\"Reh tritt aus dem Schatten im Schlosspark Bellin \u2013 magischer Augenblick kurz vor Sonnenuntergang\" data-description=\" \" >\n\t\t\t\t\t\t\t\t<img title=\"Reh tritt aus dem Schatten im Schlosspark Bellin \u2013 magischer Augenblick kurz vor Sonnenuntergang\" alt=\"Reh tritt aus dem Schatten im Schlosspark Bellin \u2013 magischer Augenblick kurz vor Sonnenuntergang\" src=\"https:\/\/wernerdeck.de\/blog\/wp-content\/gallery\/wintergarten-bellin\/thumbs\/thumbs_wintergarten-bellin-radtour-seenplatte-2025-08.jpg\" width='240' height='160' \/>\n\t\t\t\t\t\t\t<\/a>\n\t\t\t<span>\n\t\t\t \t\t\t<\/span>\n\t\t<\/div>\n\t<\/div>\n\t\t\t\t\t\t\t\t\n\t<div id=\"ngg-image-13306\" class=\"ngg-gallery-thumbnail-box\" style=\"width:33%;\" >\n\t\t<div class=\"ngg-gallery-thumbnail\" >\n\t\t\t<a href=\"https:\/\/wernerdeck.de\/blog\/wp-content\/gallery\/wintergarten-bellin\/wintergarten-bellin-radtour-seenplatte-2025-10.jpg\"\n\t\t\t\ttitle=\" \"\n\t\t\t\tclass=\"ngg-simplelightbox\" rel=\"148d2016bd7185a3f4c650f4ac8feffd\" data-image-id=\"13306\" data-src=\"https:\/\/wernerdeck.de\/blog\/wp-content\/gallery\/wintergarten-bellin\/wintergarten-bellin-radtour-seenplatte-2025-10.jpg\" data-thumbnail=\"https:\/\/wernerdeck.de\/blog\/wp-content\/gallery\/wintergarten-bellin\/thumbs\/thumbs_wintergarten-bellin-radtour-seenplatte-2025-10.jpg\" data-title=\"Rehbeobachtung direkt vor dem Wintergarten \u2013 Naturbegegnung am Schloss Bellin\" data-description=\" \" >\n\t\t\t\t\t\t\t\t<img title=\"Rehbeobachtung direkt vor dem Wintergarten \u2013 Naturbegegnung am Schloss Bellin\" alt=\"Rehbeobachtung direkt vor dem Wintergarten \u2013 Naturbegegnung am Schloss Bellin\" src=\"https:\/\/wernerdeck.de\/blog\/wp-content\/gallery\/wintergarten-bellin\/thumbs\/thumbs_wintergarten-bellin-radtour-seenplatte-2025-10.jpg\" width='240' height='160' \/>\n\t\t\t\t\t\t\t<\/a>\n\t\t\t<span>\n\t\t\t \t\t\t<\/span>\n\t\t<\/div>\n\t<\/div>\n\t\t\t\t\t\t\t\t\n\t<div id=\"ngg-image-13308\" class=\"ngg-gallery-thumbnail-box\" style=\"width:33%;\" >\n\t\t<div class=\"ngg-gallery-thumbnail\" >\n\t\t\t<a href=\"https:\/\/wernerdeck.de\/blog\/wp-content\/gallery\/wintergarten-bellin\/wintergarten-bellin-radtour-seenplatte-2025-12.jpg\"\n\t\t\t\ttitle=\" \"\n\t\t\t\tclass=\"ngg-simplelightbox\" rel=\"148d2016bd7185a3f4c650f4ac8feffd\" data-image-id=\"13308\" data-src=\"https:\/\/wernerdeck.de\/blog\/wp-content\/gallery\/wintergarten-bellin\/wintergarten-bellin-radtour-seenplatte-2025-12.jpg\" data-thumbnail=\"https:\/\/wernerdeck.de\/blog\/wp-content\/gallery\/wintergarten-bellin\/thumbs\/thumbs_wintergarten-bellin-radtour-seenplatte-2025-12.jpg\" data-title=\"Wildtier im Schlosspark \u2013 das Reh \u00e4st ruhig im letzten Licht des Tages \" data-description=\" \" >\n\t\t\t\t\t\t\t\t<img title=\"Wildtier im Schlosspark \u2013 das Reh \u00e4st ruhig im letzten Licht des Tages \" alt=\"Wildtier im Schlosspark \u2013 das Reh \u00e4st ruhig im letzten Licht des Tages \" src=\"https:\/\/wernerdeck.de\/blog\/wp-content\/gallery\/wintergarten-bellin\/thumbs\/thumbs_wintergarten-bellin-radtour-seenplatte-2025-12.jpg\" width='240' height='160' \/>\n\t\t\t\t\t\t\t<\/a>\n\t\t\t<span>\n\t\t\t \t\t\t<\/span>\n\t\t<\/div>\n\t<\/div>\n\t\t\t\t\t\t\t<br style=\"clear: both\" \/>\n\t\t\t\n\t<!-- Pagination -->\n\t\t<div class='ngg-clear'><\/div>\t\n<\/div>\n\n\t<span style=\"font-weight: 400;\">Das Jagdschloss liegt in einer Gegend, in der sich Fuchs und Hase sprichw\u00f6rtlich gute Nacht sagen. Auch wir sagten gute Nacht \u2013 zufrieden, leicht ersch\u00f6pft und gespannt auf das, was uns morgen, auch wetterm\u00e4\u00dfig, erwartet.<\/span><\/p>\n<h3 data-start=\"2982\" data-end=\"3004\">Fazit zur Etappe<\/h3>\n<p data-start=\"3006\" data-end=\"3262\">Diese erste Etappe unserer <strong data-start=\"3033\" data-end=\"3072\">Radtour Mecklenburgische Seenplatte<\/strong> war gepr\u00e4gt von starkem Wind, beeindruckenden Bauwerken und landschaftlicher Vielfalt. Nach 94,3 Kilometern waren wir m\u00fcde, aber erf\u00fcllt von Eindr\u00fccken \u2013 und gespannt auf die n\u00e4chsten Tage.<\/p>\n\n<div class=\"ngg-galleryoverview ngg-template-caption\" id=\"ngg-gallery-f0405ec920f128d5177e1028d01b574a-27387\">\n\n\t\t\n\t<!-- Thumbnails -->\n\t\t\t\t\t\n\t<div id=\"ngg-image-13311\" class=\"ngg-gallery-thumbnail-box\" style=\"width:33%;\" >\n\t\t<div class=\"ngg-gallery-thumbnail\" >\n\t\t\t<a href=\"https:\/\/wernerdeck.de\/blog\/wp-content\/gallery\/bellin-schluss\/Strecke-und-Kilometer-der-esrten-Etappe-mecklenburger-Seenplatte.jpg\"\n\t\t\t\ttitle=\" \"\n\t\t\t\tclass=\"ngg-simplelightbox\" rel=\"f0405ec920f128d5177e1028d01b574a\" data-image-id=\"13311\" data-src=\"https:\/\/wernerdeck.de\/blog\/wp-content\/gallery\/bellin-schluss\/Strecke-und-Kilometer-der-esrten-Etappe-mecklenburger-Seenplatte.jpg\" data-thumbnail=\"https:\/\/wernerdeck.de\/blog\/wp-content\/gallery\/bellin-schluss\/thumbs\/thumbs_Strecke-und-Kilometer-der-esrten-Etappe-mecklenburger-Seenplatte.jpg\" data-title=\"\u00dcbersichtskarte erster Etappe Radtour-Seenplatte-2025\" data-description=\" \" >\n\t\t\t\t\t\t\t\t<img title=\"\u00dcbersichtskarte erster Etappe Radtour-Seenplatte-2025\" alt=\"\u00dcbersichtskarte erster Etappe Radtour-Seenplatte-2025\" src=\"https:\/\/wernerdeck.de\/blog\/wp-content\/gallery\/bellin-schluss\/thumbs\/thumbs_Strecke-und-Kilometer-der-esrten-Etappe-mecklenburger-Seenplatte.jpg\" width='240' height='160' \/>\n\t\t\t\t\t\t\t<\/a>\n\t\t\t<span>\n\t\t\t \t\t\t<\/span>\n\t\t<\/div>\n\t<\/div>\n\t\t\t\t\t\t\t\t\n\t<div id=\"ngg-image-13309\" class=\"ngg-gallery-thumbnail-box\" style=\"width:33%;\" >\n\t\t<div class=\"ngg-gallery-thumbnail\" >\n\t\t\t<a href=\"https:\/\/wernerdeck.de\/blog\/wp-content\/gallery\/bellin-schluss\/Strecke-und-Kilometer-der-ersten-Etappe-mecklenburger-Seenplatte-02.jpg\"\n\t\t\t\ttitle=\" \"\n\t\t\t\tclass=\"ngg-simplelightbox\" rel=\"f0405ec920f128d5177e1028d01b574a\" data-image-id=\"13309\" data-src=\"https:\/\/wernerdeck.de\/blog\/wp-content\/gallery\/bellin-schluss\/Strecke-und-Kilometer-der-ersten-Etappe-mecklenburger-Seenplatte-02.jpg\" data-thumbnail=\"https:\/\/wernerdeck.de\/blog\/wp-content\/gallery\/bellin-schluss\/thumbs\/thumbs_Strecke-und-Kilometer-der-ersten-Etappe-mecklenburger-Seenplatte-02.jpg\" data-title=\"Zeit und gefahrene Kilomer der ersten Etappe Radtour-Seenplatte-2025\" data-description=\" \" >\n\t\t\t\t\t\t\t\t<img title=\"Zeit und gefahrene Kilomer der ersten Etappe Radtour-Seenplatte-2025\" alt=\"Zeit und gefahrene Kilomer der ersten Etappe Radtour-Seenplatte-2025\" src=\"https:\/\/wernerdeck.de\/blog\/wp-content\/gallery\/bellin-schluss\/thumbs\/thumbs_Strecke-und-Kilometer-der-ersten-Etappe-mecklenburger-Seenplatte-02.jpg\" width='240' height='160' \/>\n\t\t\t\t\t\t\t<\/a>\n\t\t\t<span>\n\t\t\t \t\t\t<\/span>\n\t\t<\/div>\n\t<\/div>\n\t\t\t\t\t\t\t\t\n\t<div id=\"ngg-image-13310\" class=\"ngg-gallery-thumbnail-box\" style=\"width:33%;\" >\n\t\t<div class=\"ngg-gallery-thumbnail\" >\n\t\t\t<a href=\"https:\/\/wernerdeck.de\/blog\/wp-content\/gallery\/bellin-schluss\/agesziel-der-ersten-Etappe-Radtour-Seenplatte-2025-Jagdsch.jpg\"\n\t\t\t\ttitle=\" \"\n\t\t\t\tclass=\"ngg-simplelightbox\" rel=\"f0405ec920f128d5177e1028d01b574a\" data-image-id=\"13310\" data-src=\"https:\/\/wernerdeck.de\/blog\/wp-content\/gallery\/bellin-schluss\/agesziel-der-ersten-Etappe-Radtour-Seenplatte-2025-Jagdsch.jpg\" data-thumbnail=\"https:\/\/wernerdeck.de\/blog\/wp-content\/gallery\/bellin-schluss\/thumbs\/thumbs_agesziel-der-ersten-Etappe-Radtour-Seenplatte-2025-Jagdsch.jpg\" data-title=\"Jagdschloss Bellin Tagesziel erster-Etappe-Radtour-Seenplatte-2025\" data-description=\" \" >\n\t\t\t\t\t\t\t\t<img title=\"Jagdschloss Bellin Tagesziel erster-Etappe-Radtour-Seenplatte-2025\" alt=\"Jagdschloss Bellin Tagesziel erster-Etappe-Radtour-Seenplatte-2025\" src=\"https:\/\/wernerdeck.de\/blog\/wp-content\/gallery\/bellin-schluss\/thumbs\/thumbs_agesziel-der-ersten-Etappe-Radtour-Seenplatte-2025-Jagdsch.jpg\" width='240' height='160' \/>\n\t\t\t\t\t\t\t<\/a>\n\t\t\t<span>\n\t\t\t \t\t\t<\/span>\n\t\t<\/div>\n\t<\/div>\n\t\t\t\t\t\t\t<br style=\"clear: both\" \/>\n\t\t\t\n\t<!-- Pagination -->\n\t\t<div class='ngg-clear'><\/div>\t\n<\/div>\n\n\t\n<hr>\n<p>Zum zweiten Tag unserer Tour am Mittwoch, 25. Juni 2025: <a href=\"http:\/\/Schloss G\u00fcstrow mit dem Rad \u2013 Kultur, Natur und Geschichte\" target=\"_blank\" rel=\"noopener\">Schloss G\u00fcstrow mit dem Rad \u2013 Kultur, Natur und Geschichte<\/a><\/p>\n<hr>\n<p>Zum Bericht \u00fcber das wunderbare Jagdschloss Bellin: <a href=\"https:\/\/wernerdeck.de\/blog\/2025\/07\/07\/jagdschloss-bellin-geschichte-aufenthalt-schloesschen\/\" target=\"_blank\" rel=\"noopener\">Jagdschloss Bellin \u2013 Ein Ort voller Geschichte &amp; Atmosph\u00e4re<\/a><\/p>\n<hr>\n<p>Mehr zur Vorgeschichte der gesamten Seenplatten-Tour im \u00dcberblicksartikel hier: <a class=\"\" href=\"https:\/\/wernerdeck.de\/blog\/2025\/06\/21\/mit-dem-neuen-fahrrad-seenplatte-tour\/\" target=\"_blank\" rel=\"noopener\" data-start=\"1306\" data-end=\"1425\">Mit dem neuen Fahrrad \u2013 Seenplatte-Tour<\/a>\u201c<\/p>\n","protected":false},"excerpt":{"rendered":"<p>\ud83d\udeb4\u200d\u2642\ufe0f Radtour Mecklenburgische Seenplatte \u2013 Erste Etappe am Dienstag, 24. Juni 2025 Um 8 Uhr treffen Erich und ich uns gut gelaunt zum Fr\u00fchst\u00fcck \u2013 der Auftakt zu unserer Radtour durch die Mecklenburgische Seenplatte. Die Wettervorhersage klang mit 90 % Regenwahrscheinlichkeit nicht gerade vielversprechend, konnte unserer Vorfreude aber nichts anhaben. Nach dem Fr\u00fchst\u00fcck packten wir &#8230; <a title=\"Radtour Mecklenburgische Seenplatte \u2013 Etappe 1: Waren\u2013Bellin\" class=\"read-more\" href=\"https:\/\/wernerdeck.de\/blog\/2025\/07\/06\/radtour-mecklenburgische-seenplatte-etappe-1\/\" aria-label=\"Mehr Informationen \u00fcber Radtour Mecklenburgische Seenplatte \u2013 Etappe 1: Waren\u2013Bellin\">Weiterlesen<\/a><\/p>\n","protected":false},"author":1,"featured_media":27740,"comment_status":"open","ping_status":"open","sticky":false,"template":"","format":"standard","meta":{"ngg_post_thumbnail":0,"footnotes":""},"categories":[479,77,208],"tags":[729,725,726,723,674,728,724,727,75,414,722,721],"class_list":["post-27387","post","type-post","status-publish","format-standard","has-post-thumbnail","hentry","category-e-bike","category-radtouren","category-reisebericht","tag-deutschland-mit-dem-fahrrad","tag-dobertin","tag-jagdschloss-bellin","tag-malchow","tag-mecklenburgische-seenplatte","tag-natur-erleben","tag-plau-am-see","tag-radreise-2025","tag-radtour","tag-radtour-mit-erich","tag-schloss-fleesensee","tag-schloss-klink"],"yoast_head":"<!-- This site is optimized with the Yoast SEO plugin v27.4 - https:\/\/yoast.com\/product\/yoast-seo-wordpress\/ -->\n<title>Radtour Mecklenburgische Seenplatte \u2013 Etappe 1: Waren\u2013Bellin - Privater Blog von Werner Deck<\/title>\n<meta name=\"description\" content=\"1. Etappe unserer Radtour: Von Waren bis Bellin durch die Mecklenburgische Seenplatte. 94 km Natur, Geschichte und \u00fcberraschende Begegnungen.\" \/>\n<meta name=\"robots\" content=\"index, follow, max-snippet:-1, max-image-preview:large, max-video-preview:-1\" \/>\n<link rel=\"canonical\" href=\"https:\/\/wernerdeck.de\/blog\/2025\/07\/06\/radtour-mecklenburgische-seenplatte-etappe-1\/\" \/>\n<meta property=\"og:locale\" content=\"de_DE\" \/>\n<meta property=\"og:type\" content=\"article\" \/>\n<meta property=\"og:title\" content=\"Radtour Mecklenburgische Seenplatte \u2013 Etappe 1: Waren\u2013Bellin - Privater Blog von Werner Deck\" \/>\n<meta property=\"og:description\" content=\"1. Etappe unserer Radtour: Von Waren bis Bellin durch die Mecklenburgische Seenplatte. 94 km Natur, Geschichte und \u00fcberraschende Begegnungen.\" \/>\n<meta property=\"og:url\" content=\"https:\/\/wernerdeck.de\/blog\/2025\/07\/06\/radtour-mecklenburgische-seenplatte-etappe-1\/\" \/>\n<meta property=\"og:site_name\" content=\"Privater Blog von Werner Deck\" \/>\n<meta property=\"article:publisher\" content=\"https:\/\/www.facebook.com\/werner.deck\/\" \/>\n<meta property=\"article:author\" content=\"https:\/\/www.facebook.com\/werner.deck\/\" \/>\n<meta property=\"article:published_time\" content=\"2025-07-06T20:16:49+00:00\" \/>\n<meta property=\"article:modified_time\" content=\"2025-07-09T18:13:45+00:00\" \/>\n<meta property=\"og:image\" content=\"https:\/\/wernerdeck.de\/blog\/wp-content\/uploads\/2025\/07\/Tagesziel-der-ersten-Etappe-Jagdschloss-Bellin.jpg\" \/>\n\t<meta property=\"og:image:width\" content=\"1200\" \/>\n\t<meta property=\"og:image:height\" content=\"576\" \/>\n\t<meta property=\"og:image:type\" content=\"image\/jpeg\" \/>\n<meta name=\"author\" content=\"Werner Deck\" \/>\n<meta name=\"twitter:card\" content=\"summary_large_image\" \/>\n<meta name=\"twitter:label1\" content=\"Verfasst von\" \/>\n\t<meta name=\"twitter:data1\" content=\"Werner Deck\" \/>\n\t<meta name=\"twitter:label2\" content=\"Gesch\u00e4tzte Lesezeit\" \/>\n\t<meta name=\"twitter:data2\" content=\"9\u00a0Minuten\" \/>\n<script type=\"application\/ld+json\" class=\"yoast-schema-graph\">{\"@context\":\"https:\\\/\\\/schema.org\",\"@graph\":[{\"@type\":\"Article\",\"@id\":\"https:\\\/\\\/wernerdeck.de\\\/blog\\\/2025\\\/07\\\/06\\\/radtour-mecklenburgische-seenplatte-etappe-1\\\/#article\",\"isPartOf\":{\"@id\":\"https:\\\/\\\/wernerdeck.de\\\/blog\\\/2025\\\/07\\\/06\\\/radtour-mecklenburgische-seenplatte-etappe-1\\\/\"},\"author\":{\"name\":\"Werner Deck\",\"@id\":\"https:\\\/\\\/wernerdeck.de\\\/blog\\\/#\\\/schema\\\/person\\\/7af62de1f11b0a09297eeb81281e523c\"},\"headline\":\"Radtour Mecklenburgische Seenplatte \u2013 Etappe 1: Waren\u2013Bellin\",\"datePublished\":\"2025-07-06T20:16:49+00:00\",\"dateModified\":\"2025-07-09T18:13:45+00:00\",\"mainEntityOfPage\":{\"@id\":\"https:\\\/\\\/wernerdeck.de\\\/blog\\\/2025\\\/07\\\/06\\\/radtour-mecklenburgische-seenplatte-etappe-1\\\/\"},\"wordCount\":1539,\"commentCount\":0,\"publisher\":{\"@id\":\"https:\\\/\\\/wernerdeck.de\\\/blog\\\/#\\\/schema\\\/person\\\/7af62de1f11b0a09297eeb81281e523c\"},\"image\":{\"@id\":\"https:\\\/\\\/wernerdeck.de\\\/blog\\\/2025\\\/07\\\/06\\\/radtour-mecklenburgische-seenplatte-etappe-1\\\/#primaryimage\"},\"thumbnailUrl\":\"https:\\\/\\\/wernerdeck.de\\\/blog\\\/wp-content\\\/uploads\\\/2025\\\/07\\\/Tagesziel-der-ersten-Etappe-Jagdschloss-Bellin.jpg\",\"keywords\":[\"Deutschland mit dem Fahrrad\",\"Dobertin\",\"Jagdschloss Bellin\",\"Malchow\",\"Mecklenburgische Seenplatte\",\"Natur erleben\",\"Plau am See\",\"Radreise 2025\",\"Radtour\",\"Radtour mit Erich\",\"Schloss Fleesensee\",\"Schloss Klink\"],\"articleSection\":[\"E-Bike\",\"Radtouren\",\"Reisebericht\"],\"inLanguage\":\"de\",\"potentialAction\":[{\"@type\":\"CommentAction\",\"name\":\"Comment\",\"target\":[\"https:\\\/\\\/wernerdeck.de\\\/blog\\\/2025\\\/07\\\/06\\\/radtour-mecklenburgische-seenplatte-etappe-1\\\/#respond\"]}]},{\"@type\":\"WebPage\",\"@id\":\"https:\\\/\\\/wernerdeck.de\\\/blog\\\/2025\\\/07\\\/06\\\/radtour-mecklenburgische-seenplatte-etappe-1\\\/\",\"url\":\"https:\\\/\\\/wernerdeck.de\\\/blog\\\/2025\\\/07\\\/06\\\/radtour-mecklenburgische-seenplatte-etappe-1\\\/\",\"name\":\"Radtour Mecklenburgische Seenplatte \u2013 Etappe 1: Waren\u2013Bellin - Privater Blog von Werner Deck\",\"isPartOf\":{\"@id\":\"https:\\\/\\\/wernerdeck.de\\\/blog\\\/#website\"},\"primaryImageOfPage\":{\"@id\":\"https:\\\/\\\/wernerdeck.de\\\/blog\\\/2025\\\/07\\\/06\\\/radtour-mecklenburgische-seenplatte-etappe-1\\\/#primaryimage\"},\"image\":{\"@id\":\"https:\\\/\\\/wernerdeck.de\\\/blog\\\/2025\\\/07\\\/06\\\/radtour-mecklenburgische-seenplatte-etappe-1\\\/#primaryimage\"},\"thumbnailUrl\":\"https:\\\/\\\/wernerdeck.de\\\/blog\\\/wp-content\\\/uploads\\\/2025\\\/07\\\/Tagesziel-der-ersten-Etappe-Jagdschloss-Bellin.jpg\",\"datePublished\":\"2025-07-06T20:16:49+00:00\",\"dateModified\":\"2025-07-09T18:13:45+00:00\",\"description\":\"1. Etappe unserer Radtour: Von Waren bis Bellin durch die Mecklenburgische Seenplatte. 94 km Natur, Geschichte und \u00fcberraschende Begegnungen.\",\"breadcrumb\":{\"@id\":\"https:\\\/\\\/wernerdeck.de\\\/blog\\\/2025\\\/07\\\/06\\\/radtour-mecklenburgische-seenplatte-etappe-1\\\/#breadcrumb\"},\"inLanguage\":\"de\",\"potentialAction\":[{\"@type\":\"ReadAction\",\"target\":[\"https:\\\/\\\/wernerdeck.de\\\/blog\\\/2025\\\/07\\\/06\\\/radtour-mecklenburgische-seenplatte-etappe-1\\\/\"]}]},{\"@type\":\"ImageObject\",\"inLanguage\":\"de\",\"@id\":\"https:\\\/\\\/wernerdeck.de\\\/blog\\\/2025\\\/07\\\/06\\\/radtour-mecklenburgische-seenplatte-etappe-1\\\/#primaryimage\",\"url\":\"https:\\\/\\\/wernerdeck.de\\\/blog\\\/wp-content\\\/uploads\\\/2025\\\/07\\\/Tagesziel-der-ersten-Etappe-Jagdschloss-Bellin.jpg\",\"contentUrl\":\"https:\\\/\\\/wernerdeck.de\\\/blog\\\/wp-content\\\/uploads\\\/2025\\\/07\\\/Tagesziel-der-ersten-Etappe-Jagdschloss-Bellin.jpg\",\"width\":1200,\"height\":576,\"caption\":\"Am Ziel Radtour Seenplatte 2025 erste Etappe - Jagdschloss Bellin\"},{\"@type\":\"BreadcrumbList\",\"@id\":\"https:\\\/\\\/wernerdeck.de\\\/blog\\\/2025\\\/07\\\/06\\\/radtour-mecklenburgische-seenplatte-etappe-1\\\/#breadcrumb\",\"itemListElement\":[{\"@type\":\"ListItem\",\"position\":1,\"name\":\"Startseite\",\"item\":\"https:\\\/\\\/wernerdeck.de\\\/blog\\\/\"},{\"@type\":\"ListItem\",\"position\":2,\"name\":\"Radtour Mecklenburgische Seenplatte \u2013 Etappe 1: Waren\u2013Bellin\"}]},{\"@type\":\"WebSite\",\"@id\":\"https:\\\/\\\/wernerdeck.de\\\/blog\\\/#website\",\"url\":\"https:\\\/\\\/wernerdeck.de\\\/blog\\\/\",\"name\":\"Blog von Werner Deck\",\"description\":\"\",\"publisher\":{\"@id\":\"https:\\\/\\\/wernerdeck.de\\\/blog\\\/#\\\/schema\\\/person\\\/7af62de1f11b0a09297eeb81281e523c\"},\"potentialAction\":[{\"@type\":\"SearchAction\",\"target\":{\"@type\":\"EntryPoint\",\"urlTemplate\":\"https:\\\/\\\/wernerdeck.de\\\/blog\\\/?s={search_term_string}\"},\"query-input\":{\"@type\":\"PropertyValueSpecification\",\"valueRequired\":true,\"valueName\":\"search_term_string\"}}],\"inLanguage\":\"de\"},{\"@type\":[\"Person\",\"Organization\"],\"@id\":\"https:\\\/\\\/wernerdeck.de\\\/blog\\\/#\\\/schema\\\/person\\\/7af62de1f11b0a09297eeb81281e523c\",\"name\":\"Werner Deck\",\"image\":{\"@type\":\"ImageObject\",\"inLanguage\":\"de\",\"@id\":\"https:\\\/\\\/wernerdeck.de\\\/blog\\\/wp-content\\\/uploads\\\/2022\\\/05\\\/Werner-Deck-995x1024.jpg\",\"url\":\"https:\\\/\\\/wernerdeck.de\\\/blog\\\/wp-content\\\/uploads\\\/2022\\\/05\\\/Werner-Deck-995x1024.jpg\",\"contentUrl\":\"https:\\\/\\\/wernerdeck.de\\\/blog\\\/wp-content\\\/uploads\\\/2022\\\/05\\\/Werner-Deck-995x1024.jpg\",\"width\":995,\"height\":1024,\"caption\":\"Werner Deck\"},\"logo\":{\"@id\":\"https:\\\/\\\/wernerdeck.de\\\/blog\\\/wp-content\\\/uploads\\\/2022\\\/05\\\/Werner-Deck-995x1024.jpg\"},\"sameAs\":[\"https:\\\/\\\/wernerdeck.de\\\/blog\",\"https:\\\/\\\/www.facebook.com\\\/werner.deck\\\/\",\"https:\\\/\\\/www.instagram.com\\\/opti_maler_deck\\\/\",\"https:\\\/\\\/www.youtube.com\\\/c\\\/WernerDeck\"],\"url\":\"https:\\\/\\\/wernerdeck.de\\\/blog\\\/author\\\/wernerdeck-de\\\/\"}]}<\/script>\n<!-- \/ Yoast SEO plugin. -->","yoast_head_json":{"title":"Radtour Mecklenburgische Seenplatte \u2013 Etappe 1: Waren\u2013Bellin - Privater Blog von Werner Deck","description":"1. Etappe unserer Radtour: Von Waren bis Bellin durch die Mecklenburgische Seenplatte. 94 km Natur, Geschichte und \u00fcberraschende Begegnungen.","robots":{"index":"index","follow":"follow","max-snippet":"max-snippet:-1","max-image-preview":"max-image-preview:large","max-video-preview":"max-video-preview:-1"},"canonical":"https:\/\/wernerdeck.de\/blog\/2025\/07\/06\/radtour-mecklenburgische-seenplatte-etappe-1\/","og_locale":"de_DE","og_type":"article","og_title":"Radtour Mecklenburgische Seenplatte \u2013 Etappe 1: Waren\u2013Bellin - Privater Blog von Werner Deck","og_description":"1. Etappe unserer Radtour: Von Waren bis Bellin durch die Mecklenburgische Seenplatte. 94 km Natur, Geschichte und \u00fcberraschende Begegnungen.","og_url":"https:\/\/wernerdeck.de\/blog\/2025\/07\/06\/radtour-mecklenburgische-seenplatte-etappe-1\/","og_site_name":"Privater Blog von Werner Deck","article_publisher":"https:\/\/www.facebook.com\/werner.deck\/","article_author":"https:\/\/www.facebook.com\/werner.deck\/","article_published_time":"2025-07-06T20:16:49+00:00","article_modified_time":"2025-07-09T18:13:45+00:00","og_image":[{"width":1200,"height":576,"url":"https:\/\/wernerdeck.de\/blog\/wp-content\/uploads\/2025\/07\/Tagesziel-der-ersten-Etappe-Jagdschloss-Bellin.jpg","type":"image\/jpeg"}],"author":"Werner Deck","twitter_card":"summary_large_image","twitter_misc":{"Verfasst von":"Werner Deck","Gesch\u00e4tzte Lesezeit":"9\u00a0Minuten"},"schema":{"@context":"https:\/\/schema.org","@graph":[{"@type":"Article","@id":"https:\/\/wernerdeck.de\/blog\/2025\/07\/06\/radtour-mecklenburgische-seenplatte-etappe-1\/#article","isPartOf":{"@id":"https:\/\/wernerdeck.de\/blog\/2025\/07\/06\/radtour-mecklenburgische-seenplatte-etappe-1\/"},"author":{"name":"Werner Deck","@id":"https:\/\/wernerdeck.de\/blog\/#\/schema\/person\/7af62de1f11b0a09297eeb81281e523c"},"headline":"Radtour Mecklenburgische Seenplatte \u2013 Etappe 1: Waren\u2013Bellin","datePublished":"2025-07-06T20:16:49+00:00","dateModified":"2025-07-09T18:13:45+00:00","mainEntityOfPage":{"@id":"https:\/\/wernerdeck.de\/blog\/2025\/07\/06\/radtour-mecklenburgische-seenplatte-etappe-1\/"},"wordCount":1539,"commentCount":0,"publisher":{"@id":"https:\/\/wernerdeck.de\/blog\/#\/schema\/person\/7af62de1f11b0a09297eeb81281e523c"},"image":{"@id":"https:\/\/wernerdeck.de\/blog\/2025\/07\/06\/radtour-mecklenburgische-seenplatte-etappe-1\/#primaryimage"},"thumbnailUrl":"https:\/\/wernerdeck.de\/blog\/wp-content\/uploads\/2025\/07\/Tagesziel-der-ersten-Etappe-Jagdschloss-Bellin.jpg","keywords":["Deutschland mit dem Fahrrad","Dobertin","Jagdschloss Bellin","Malchow","Mecklenburgische Seenplatte","Natur erleben","Plau am See","Radreise 2025","Radtour","Radtour mit Erich","Schloss Fleesensee","Schloss Klink"],"articleSection":["E-Bike","Radtouren","Reisebericht"],"inLanguage":"de","potentialAction":[{"@type":"CommentAction","name":"Comment","target":["https:\/\/wernerdeck.de\/blog\/2025\/07\/06\/radtour-mecklenburgische-seenplatte-etappe-1\/#respond"]}]},{"@type":"WebPage","@id":"https:\/\/wernerdeck.de\/blog\/2025\/07\/06\/radtour-mecklenburgische-seenplatte-etappe-1\/","url":"https:\/\/wernerdeck.de\/blog\/2025\/07\/06\/radtour-mecklenburgische-seenplatte-etappe-1\/","name":"Radtour Mecklenburgische Seenplatte \u2013 Etappe 1: Waren\u2013Bellin - Privater Blog von Werner Deck","isPartOf":{"@id":"https:\/\/wernerdeck.de\/blog\/#website"},"primaryImageOfPage":{"@id":"https:\/\/wernerdeck.de\/blog\/2025\/07\/06\/radtour-mecklenburgische-seenplatte-etappe-1\/#primaryimage"},"image":{"@id":"https:\/\/wernerdeck.de\/blog\/2025\/07\/06\/radtour-mecklenburgische-seenplatte-etappe-1\/#primaryimage"},"thumbnailUrl":"https:\/\/wernerdeck.de\/blog\/wp-content\/uploads\/2025\/07\/Tagesziel-der-ersten-Etappe-Jagdschloss-Bellin.jpg","datePublished":"2025-07-06T20:16:49+00:00","dateModified":"2025-07-09T18:13:45+00:00","description":"1. Etappe unserer Radtour: Von Waren bis Bellin durch die Mecklenburgische Seenplatte. 94 km Natur, Geschichte und \u00fcberraschende Begegnungen.","breadcrumb":{"@id":"https:\/\/wernerdeck.de\/blog\/2025\/07\/06\/radtour-mecklenburgische-seenplatte-etappe-1\/#breadcrumb"},"inLanguage":"de","potentialAction":[{"@type":"ReadAction","target":["https:\/\/wernerdeck.de\/blog\/2025\/07\/06\/radtour-mecklenburgische-seenplatte-etappe-1\/"]}]},{"@type":"ImageObject","inLanguage":"de","@id":"https:\/\/wernerdeck.de\/blog\/2025\/07\/06\/radtour-mecklenburgische-seenplatte-etappe-1\/#primaryimage","url":"https:\/\/wernerdeck.de\/blog\/wp-content\/uploads\/2025\/07\/Tagesziel-der-ersten-Etappe-Jagdschloss-Bellin.jpg","contentUrl":"https:\/\/wernerdeck.de\/blog\/wp-content\/uploads\/2025\/07\/Tagesziel-der-ersten-Etappe-Jagdschloss-Bellin.jpg","width":1200,"height":576,"caption":"Am Ziel Radtour Seenplatte 2025 erste Etappe - Jagdschloss Bellin"},{"@type":"BreadcrumbList","@id":"https:\/\/wernerdeck.de\/blog\/2025\/07\/06\/radtour-mecklenburgische-seenplatte-etappe-1\/#breadcrumb","itemListElement":[{"@type":"ListItem","position":1,"name":"Startseite","item":"https:\/\/wernerdeck.de\/blog\/"},{"@type":"ListItem","position":2,"name":"Radtour Mecklenburgische Seenplatte \u2013 Etappe 1: Waren\u2013Bellin"}]},{"@type":"WebSite","@id":"https:\/\/wernerdeck.de\/blog\/#website","url":"https:\/\/wernerdeck.de\/blog\/","name":"Blog von Werner Deck","description":"","publisher":{"@id":"https:\/\/wernerdeck.de\/blog\/#\/schema\/person\/7af62de1f11b0a09297eeb81281e523c"},"potentialAction":[{"@type":"SearchAction","target":{"@type":"EntryPoint","urlTemplate":"https:\/\/wernerdeck.de\/blog\/?s={search_term_string}"},"query-input":{"@type":"PropertyValueSpecification","valueRequired":true,"valueName":"search_term_string"}}],"inLanguage":"de"},{"@type":["Person","Organization"],"@id":"https:\/\/wernerdeck.de\/blog\/#\/schema\/person\/7af62de1f11b0a09297eeb81281e523c","name":"Werner Deck","image":{"@type":"ImageObject","inLanguage":"de","@id":"https:\/\/wernerdeck.de\/blog\/wp-content\/uploads\/2022\/05\/Werner-Deck-995x1024.jpg","url":"https:\/\/wernerdeck.de\/blog\/wp-content\/uploads\/2022\/05\/Werner-Deck-995x1024.jpg","contentUrl":"https:\/\/wernerdeck.de\/blog\/wp-content\/uploads\/2022\/05\/Werner-Deck-995x1024.jpg","width":995,"height":1024,"caption":"Werner Deck"},"logo":{"@id":"https:\/\/wernerdeck.de\/blog\/wp-content\/uploads\/2022\/05\/Werner-Deck-995x1024.jpg"},"sameAs":["https:\/\/wernerdeck.de\/blog","https:\/\/www.facebook.com\/werner.deck\/","https:\/\/www.instagram.com\/opti_maler_deck\/","https:\/\/www.youtube.com\/c\/WernerDeck"],"url":"https:\/\/wernerdeck.de\/blog\/author\/wernerdeck-de\/"}]}},"_links":{"self":[{"href":"https:\/\/wernerdeck.de\/blog\/wp-json\/wp\/v2\/posts\/27387","targetHints":{"allow":["GET"]}}],"collection":[{"href":"https:\/\/wernerdeck.de\/blog\/wp-json\/wp\/v2\/posts"}],"about":[{"href":"https:\/\/wernerdeck.de\/blog\/wp-json\/wp\/v2\/types\/post"}],"author":[{"embeddable":true,"href":"https:\/\/wernerdeck.de\/blog\/wp-json\/wp\/v2\/users\/1"}],"replies":[{"embeddable":true,"href":"https:\/\/wernerdeck.de\/blog\/wp-json\/wp\/v2\/comments?post=27387"}],"version-history":[{"count":0,"href":"https:\/\/wernerdeck.de\/blog\/wp-json\/wp\/v2\/posts\/27387\/revisions"}],"wp:featuredmedia":[{"embeddable":true,"href":"https:\/\/wernerdeck.de\/blog\/wp-json\/wp\/v2\/media\/27740"}],"wp:attachment":[{"href":"https:\/\/wernerdeck.de\/blog\/wp-json\/wp\/v2\/media?parent=27387"}],"wp:term":[{"taxonomy":"category","embeddable":true,"href":"https:\/\/wernerdeck.de\/blog\/wp-json\/wp\/v2\/categories?post=27387"},{"taxonomy":"post_tag","embeddable":true,"href":"https:\/\/wernerdeck.de\/blog\/wp-json\/wp\/v2\/tags?post=27387"}],"curies":[{"name":"wp","href":"https:\/\/api.w.org\/{rel}","templated":true}]}}