{"id":27231,"date":"2025-06-21T12:50:43","date_gmt":"2025-06-21T10:50:43","guid":{"rendered":"https:\/\/wernerdeck.de\/blog\/?p=27231"},"modified":"2026-03-15T14:26:48","modified_gmt":"2026-03-15T13:26:48","slug":"mit-dem-neuen-fahrrad-seenplatte-tour","status":"publish","type":"post","link":"https:\/\/wernerdeck.de\/blog\/2025\/06\/21\/mit-dem-neuen-fahrrad-seenplatte-tour\/","title":{"rendered":"Mit dem neuen Fahrrad an die Mecklenburger Seenplatte"},"content":{"rendered":"<figure id=\"attachment_26892\" aria-describedby=\"caption-attachment-26892\" style=\"width: 230px\" class=\"wp-caption alignleft\"><img loading=\"lazy\" decoding=\"async\" class=\"wp-image-26892\" title=\"Mit dem neuen Fahrrad\" src=\"https:\/\/wernerdeck.de\/blog\/wp-content\/uploads\/2025\/06\/01-Trenoli-Startbild-2.jpg\" alt=\"E-Bike Trenoli Urbano NuVinci\" width=\"240\" height=\"147\" srcset=\"https:\/\/wernerdeck.de\/blog\/wp-content\/uploads\/2025\/06\/01-Trenoli-Startbild-2.jpg 1250w, https:\/\/wernerdeck.de\/blog\/wp-content\/uploads\/2025\/06\/01-Trenoli-Startbild-2-300x184.jpg 300w, https:\/\/wernerdeck.de\/blog\/wp-content\/uploads\/2025\/06\/01-Trenoli-Startbild-2-1024x628.jpg 1024w, https:\/\/wernerdeck.de\/blog\/wp-content\/uploads\/2025\/06\/01-Trenoli-Startbild-2-768x471.jpg 768w\" sizes=\"auto, (max-width: 240px) 100vw, 240px\" \/><figcaption id=\"caption-attachment-26892\" class=\"wp-caption-text\">Mein bisheriges E-Bike<\/figcaption><\/figure>\n<p data-start=\"439\" data-end=\"880\">Mit dem neuen Fahrrad an die Mecklenburger Seenplatte. Manchmal f\u00fchrt der Weg zur richtigen Entscheidung \u00fcber eine Reihe kleiner Impulse, k\u00f6rperlicher Signale und ganz praktischer Erlebnisse. So war es auch bei mir.<\/p>\n<p data-start=\"439\" data-end=\"880\">Eine geplante Radtour an die Mecklenburger Seenplatte wurde zum Ausl\u00f6ser f\u00fcr eine Ver\u00e4nderung, die ich schon l\u00e4nger geahnt, aber noch nicht umgesetzt hatte: der Kauf eines neuen Fahrrads \u2013 passender zu meinem K\u00f6rper, meinem Alter und meiner Vorstellung von genussvollem Radfahren. Mit dem neuen Fahrrad an die Mecklenburger Seenplatte.<\/p>\n<figure id=\"attachment_25914\" aria-describedby=\"caption-attachment-25914\" style=\"width: 228px\" class=\"wp-caption alignright\"><img loading=\"lazy\" decoding=\"async\" class=\"wp-image-25914\" src=\"https:\/\/wernerdeck.de\/blog\/wp-content\/uploads\/2025\/05\/Radtour-unter-Ibuprofen.jpg\" alt=\"Radtour unter Ibuprofen\" width=\"238\" height=\"133\" srcset=\"https:\/\/wernerdeck.de\/blog\/wp-content\/uploads\/2025\/05\/Radtour-unter-Ibuprofen.jpg 1200w, https:\/\/wernerdeck.de\/blog\/wp-content\/uploads\/2025\/05\/Radtour-unter-Ibuprofen-300x168.jpg 300w, https:\/\/wernerdeck.de\/blog\/wp-content\/uploads\/2025\/05\/Radtour-unter-Ibuprofen-1024x574.jpg 1024w, https:\/\/wernerdeck.de\/blog\/wp-content\/uploads\/2025\/05\/Radtour-unter-Ibuprofen-768x431.jpg 768w\" sizes=\"auto, (max-width: 238px) 100vw, 238px\" \/><figcaption id=\"caption-attachment-25914\" class=\"wp-caption-text\">Brauche ich hoffentlich nicht mehr<\/figcaption><\/figure>\n<p data-start=\"907\" data-end=\"1363\">Schon in meinem Artikel vom 5. Mai 2025 (<a class=\"\" href=\"https:\/\/wernerdeck.de\/blog\/2025\/05\/05\/prolog-flach-statt-sportlich-warum-mein-koerper-nunmehr-das-tempo-vorgibt-und-was-bei-dieser-tour-zur-belastung-wurde\/\" target=\"_blank\" rel=\"noopener\" data-start=\"948\" data-end=\"1139\">\u201eProlog: Flach statt sportlich\u201c<\/a>) habe ich offen \u00fcber die k\u00f6rperlichen Ver\u00e4nderungen berichtet, die mich zunehmend begleiten. Steigungen, die ich fr\u00fcher im sportlichen Eifer bezwungen habe, kosten heute deutlich mehr Kraft \u2013 und der Erholungsbedarf steigt.<\/p>\n<p data-start=\"1365\" data-end=\"1528\">Doch statt in Frust zu verfallen, habe ich mir eine Frage gestellt: Wie kann ich meine Freude am Radfahren bewahren \u2013 angepasst an die Realit\u00e4t meines K\u00f6rpers?<\/p>\n<p data-start=\"1530\" data-end=\"2031\">Die Antwort fand ich \u2013 ganz praktisch \u2013 auf dem Weg nach Prien. Im Artikel vom 21. Mai 2025 (<a class=\"\" href=\"https:\/\/wernerdeck.de\/blog\/2025\/05\/21\/auf-dem-weg-nach-prien-zwischen-stau-e-bike-kauf-und-einem-kulinarischen-abend-voller-entdeckungen\/\" target=\"_blank\" rel=\"noopener\" data-start=\"1623\" data-end=\"1816\">\u201eZwischen Stau, E-Bike-Kauf und kulinarischem Abend\u201c<\/a>) habe ich diesen Tag beschrieben, an dem ich spontan ein neues Fahrrad gekauft habe. Kein Hochleistungssportger\u00e4t, sondern ein Modell mit Komfort, Reichweite und einem Motor, der mich gut unterst\u00fctzt.<\/p>\n<p data-start=\"1530\" data-end=\"2031\">Mein neues E-Bike: <a href=\"https:\/\/www.cube.eu\/de-de\/cube-nuride-hybrid-performance-625-allroad-swampgrey-n-black\/810110\" target=\"_blank\" rel=\"noopener\">Cube Nuride Hybrid Performance 625 Allroad<\/a>, nur kurz gebraucht und preisg\u00fcnstig erworben.<\/p>\n\n<div class=\"ngg-galleryoverview ngg-template-caption\" id=\"ngg-gallery-d8d12c2976634a66a93e698ce7d7e6b0-27231\">\n\n\t\t\n\t<!-- Thumbnails -->\n\t\t\t\t\t\n\t<div id=\"ngg-image-12598\" class=\"ngg-gallery-thumbnail-box\" style=\"width:25%;\" >\n\t\t<div class=\"ngg-gallery-thumbnail\" >\n\t\t\t<a href=\"https:\/\/wernerdeck.de\/blog\/wp-content\/gallery\/e-bike\/Mein-neues-E-Bike-in-Ottobrunn-gekauft-01.jpg\"\n\t\t\t\ttitle=\"Cube Nuride Hybrid Performance 625 Allroad\"\n\t\t\t\tclass=\"ngg-simplelightbox\" rel=\"d8d12c2976634a66a93e698ce7d7e6b0\" data-image-id=\"12598\" data-src=\"https:\/\/wernerdeck.de\/blog\/wp-content\/gallery\/e-bike\/Mein-neues-E-Bike-in-Ottobrunn-gekauft-01.jpg\" data-thumbnail=\"https:\/\/wernerdeck.de\/blog\/wp-content\/gallery\/e-bike\/thumbs\/thumbs_Mein-neues-E-Bike-in-Ottobrunn-gekauft-01.jpg\" data-title=\"Mein-neues-E-Bike-in-Ottobrunn-gekauft-01\" data-description=\"Cube Nuride Hybrid Performance 625 Allroad\" >\n\t\t\t\t\t\t\t\t<img title=\"Mein-neues-E-Bike-in-Ottobrunn-gekauft-01\" alt=\"Mein-neues-E-Bike-in-Ottobrunn-gekauft-01\" src=\"https:\/\/wernerdeck.de\/blog\/wp-content\/gallery\/e-bike\/thumbs\/thumbs_Mein-neues-E-Bike-in-Ottobrunn-gekauft-01.jpg\" width='240' height='160' \/>\n\t\t\t\t\t\t\t<\/a>\n\t\t\t<span>\n\t\t\tCube Nuride Hybrid Performance 625 Allroad\t\t\t<\/span>\n\t\t<\/div>\n\t<\/div>\n\t\t\t\t\t\t\t\t\n\t<div id=\"ngg-image-12597\" class=\"ngg-gallery-thumbnail-box\" style=\"width:25%;\" >\n\t\t<div class=\"ngg-gallery-thumbnail\" >\n\t\t\t<a href=\"https:\/\/wernerdeck.de\/blog\/wp-content\/gallery\/e-bike\/Mein-neues-E-Bike-in-Ottobrunn-gekauft-04.jpg\"\n\t\t\t\ttitle=\"Cube Nuride Hybrid Performance 625 Allroad\"\n\t\t\t\tclass=\"ngg-simplelightbox\" rel=\"d8d12c2976634a66a93e698ce7d7e6b0\" data-image-id=\"12597\" data-src=\"https:\/\/wernerdeck.de\/blog\/wp-content\/gallery\/e-bike\/Mein-neues-E-Bike-in-Ottobrunn-gekauft-04.jpg\" data-thumbnail=\"https:\/\/wernerdeck.de\/blog\/wp-content\/gallery\/e-bike\/thumbs\/thumbs_Mein-neues-E-Bike-in-Ottobrunn-gekauft-04.jpg\" data-title=\"Mein-neues-E-Bike-in-Ottobrunn-gekauft-04\" data-description=\"Cube Nuride Hybrid Performance 625 Allroad\" >\n\t\t\t\t\t\t\t\t<img title=\"Mein-neues-E-Bike-in-Ottobrunn-gekauft-04\" alt=\"Mein-neues-E-Bike-in-Ottobrunn-gekauft-04\" src=\"https:\/\/wernerdeck.de\/blog\/wp-content\/gallery\/e-bike\/thumbs\/thumbs_Mein-neues-E-Bike-in-Ottobrunn-gekauft-04.jpg\" width='240' height='160' \/>\n\t\t\t\t\t\t\t<\/a>\n\t\t\t<span>\n\t\t\tCube Nuride Hybrid Performance 625 Allroad\t\t\t<\/span>\n\t\t<\/div>\n\t<\/div>\n\t\t\t\t\t\t\t\t\n\t<div id=\"ngg-image-12600\" class=\"ngg-gallery-thumbnail-box\" style=\"width:25%;\" >\n\t\t<div class=\"ngg-gallery-thumbnail\" >\n\t\t\t<a href=\"https:\/\/wernerdeck.de\/blog\/wp-content\/gallery\/e-bike\/Mein-neues-E-Bike-in-Ottobrunn-gekauft-07.jpg\"\n\t\t\t\ttitle=\"Cube Nuride Hybrid Performance 625 Allroad\"\n\t\t\t\tclass=\"ngg-simplelightbox\" rel=\"d8d12c2976634a66a93e698ce7d7e6b0\" data-image-id=\"12600\" data-src=\"https:\/\/wernerdeck.de\/blog\/wp-content\/gallery\/e-bike\/Mein-neues-E-Bike-in-Ottobrunn-gekauft-07.jpg\" data-thumbnail=\"https:\/\/wernerdeck.de\/blog\/wp-content\/gallery\/e-bike\/thumbs\/thumbs_Mein-neues-E-Bike-in-Ottobrunn-gekauft-07.jpg\" data-title=\"Mein-neues-E-Bike-in-Ottobrunn-gekauft-07\" data-description=\"Cube Nuride Hybrid Performance 625 Allroad\" >\n\t\t\t\t\t\t\t\t<img title=\"Mein-neues-E-Bike-in-Ottobrunn-gekauft-07\" alt=\"Mein-neues-E-Bike-in-Ottobrunn-gekauft-07\" src=\"https:\/\/wernerdeck.de\/blog\/wp-content\/gallery\/e-bike\/thumbs\/thumbs_Mein-neues-E-Bike-in-Ottobrunn-gekauft-07.jpg\" width='240' height='160' \/>\n\t\t\t\t\t\t\t<\/a>\n\t\t\t<span>\n\t\t\tCube Nuride Hybrid Performance 625 Allroad\t\t\t<\/span>\n\t\t<\/div>\n\t<\/div>\n\t\t\t\t\t\t\t\t\n\t<div id=\"ngg-image-12599\" class=\"ngg-gallery-thumbnail-box\" style=\"width:25%;\" >\n\t\t<div class=\"ngg-gallery-thumbnail\" >\n\t\t\t<a href=\"https:\/\/wernerdeck.de\/blog\/wp-content\/gallery\/e-bike\/Mein-neues-E-Bike-in-Ottobrunn-gekauft-10.jpg\"\n\t\t\t\ttitle=\"Bewertung bei Stiftung Warentest\"\n\t\t\t\tclass=\"ngg-simplelightbox\" rel=\"d8d12c2976634a66a93e698ce7d7e6b0\" data-image-id=\"12599\" data-src=\"https:\/\/wernerdeck.de\/blog\/wp-content\/gallery\/e-bike\/Mein-neues-E-Bike-in-Ottobrunn-gekauft-10.jpg\" data-thumbnail=\"https:\/\/wernerdeck.de\/blog\/wp-content\/gallery\/e-bike\/thumbs\/thumbs_Mein-neues-E-Bike-in-Ottobrunn-gekauft-10.jpg\" data-title=\"Mein-neues-E-Bike-in-Ottobrunn-gekauft-10\" data-description=\"Bewertung bei Stiftung Warentest\" >\n\t\t\t\t\t\t\t\t<img title=\"Mein-neues-E-Bike-in-Ottobrunn-gekauft-10\" alt=\"Mein-neues-E-Bike-in-Ottobrunn-gekauft-10\" src=\"https:\/\/wernerdeck.de\/blog\/wp-content\/gallery\/e-bike\/thumbs\/thumbs_Mein-neues-E-Bike-in-Ottobrunn-gekauft-10.jpg\" width='240' height='160' \/>\n\t\t\t\t\t\t\t<\/a>\n\t\t\t<span>\n\t\t\tBewertung bei Stiftung Warentest\t\t\t<\/span>\n\t\t<\/div>\n\t<\/div>\n\t\t\t\t\t\t\t<br style=\"clear: both\" \/>\n\t\t\t\n\t<div id=\"ngg-image-12601\" class=\"ngg-gallery-thumbnail-box\" style=\"width:25%;\" >\n\t\t<div class=\"ngg-gallery-thumbnail\" >\n\t\t\t<a href=\"https:\/\/wernerdeck.de\/blog\/wp-content\/gallery\/e-bike\/Mein-neues-E-Bike-in-Ottobrunn-gekauft-13.jpg\"\n\t\t\t\ttitle=\"Fast neu mit Garantie\"\n\t\t\t\tclass=\"ngg-simplelightbox\" rel=\"d8d12c2976634a66a93e698ce7d7e6b0\" data-image-id=\"12601\" data-src=\"https:\/\/wernerdeck.de\/blog\/wp-content\/gallery\/e-bike\/Mein-neues-E-Bike-in-Ottobrunn-gekauft-13.jpg\" data-thumbnail=\"https:\/\/wernerdeck.de\/blog\/wp-content\/gallery\/e-bike\/thumbs\/thumbs_Mein-neues-E-Bike-in-Ottobrunn-gekauft-13.jpg\" data-title=\"Mein-neues-E-Bike-in-Ottobrunn-gekauft-13\" data-description=\"Fast neu mit Garantie\" >\n\t\t\t\t\t\t\t\t<img title=\"Mein-neues-E-Bike-in-Ottobrunn-gekauft-13\" alt=\"Mein-neues-E-Bike-in-Ottobrunn-gekauft-13\" src=\"https:\/\/wernerdeck.de\/blog\/wp-content\/gallery\/e-bike\/thumbs\/thumbs_Mein-neues-E-Bike-in-Ottobrunn-gekauft-13.jpg\" width='240' height='160' \/>\n\t\t\t\t\t\t\t<\/a>\n\t\t\t<span>\n\t\t\tFast neu mit Garantie\t\t\t<\/span>\n\t\t<\/div>\n\t<\/div>\n\t\t\t\t\t\t\t\t\n\t<div id=\"ngg-image-12602\" class=\"ngg-gallery-thumbnail-box\" style=\"width:25%;\" >\n\t\t<div class=\"ngg-gallery-thumbnail\" >\n\t\t\t<a href=\"https:\/\/wernerdeck.de\/blog\/wp-content\/gallery\/e-bike\/Mein-neues-E-Bike-in-Ottobrunn-gekauft-16.jpg\"\n\t\t\t\ttitle=\"Cube Nuride Hybrid Performance 625 Allroad\"\n\t\t\t\tclass=\"ngg-simplelightbox\" rel=\"d8d12c2976634a66a93e698ce7d7e6b0\" data-image-id=\"12602\" data-src=\"https:\/\/wernerdeck.de\/blog\/wp-content\/gallery\/e-bike\/Mein-neues-E-Bike-in-Ottobrunn-gekauft-16.jpg\" data-thumbnail=\"https:\/\/wernerdeck.de\/blog\/wp-content\/gallery\/e-bike\/thumbs\/thumbs_Mein-neues-E-Bike-in-Ottobrunn-gekauft-16.jpg\" data-title=\"Mein-neues-E-Bike-in-Ottobrunn-gekauft-16\" data-description=\"Cube Nuride Hybrid Performance 625 Allroad\" >\n\t\t\t\t\t\t\t\t<img title=\"Mein-neues-E-Bike-in-Ottobrunn-gekauft-16\" alt=\"Mein-neues-E-Bike-in-Ottobrunn-gekauft-16\" src=\"https:\/\/wernerdeck.de\/blog\/wp-content\/gallery\/e-bike\/thumbs\/thumbs_Mein-neues-E-Bike-in-Ottobrunn-gekauft-16.jpg\" width='240' height='160' \/>\n\t\t\t\t\t\t\t<\/a>\n\t\t\t<span>\n\t\t\tCube Nuride Hybrid Performance 625 Allroad\t\t\t<\/span>\n\t\t<\/div>\n\t<\/div>\n\t\t\t\t\t\t\t\t\n\t<div id=\"ngg-image-12603\" class=\"ngg-gallery-thumbnail-box\" style=\"width:25%;\" >\n\t\t<div class=\"ngg-gallery-thumbnail\" >\n\t\t\t<a href=\"https:\/\/wernerdeck.de\/blog\/wp-content\/gallery\/e-bike\/Mein-neues-E-Bike-in-Ottobrunn-gekauft-19.jpg\"\n\t\t\t\ttitle=\"Cube Nuride Hybrid Performance 625 Allroad\"\n\t\t\t\tclass=\"ngg-simplelightbox\" rel=\"d8d12c2976634a66a93e698ce7d7e6b0\" data-image-id=\"12603\" data-src=\"https:\/\/wernerdeck.de\/blog\/wp-content\/gallery\/e-bike\/Mein-neues-E-Bike-in-Ottobrunn-gekauft-19.jpg\" data-thumbnail=\"https:\/\/wernerdeck.de\/blog\/wp-content\/gallery\/e-bike\/thumbs\/thumbs_Mein-neues-E-Bike-in-Ottobrunn-gekauft-19.jpg\" data-title=\"Mein-neues-E-Bike-in-Ottobrunn-gekauft-19\" data-description=\"Cube Nuride Hybrid Performance 625 Allroad\" >\n\t\t\t\t\t\t\t\t<img title=\"Mein-neues-E-Bike-in-Ottobrunn-gekauft-19\" alt=\"Mein-neues-E-Bike-in-Ottobrunn-gekauft-19\" src=\"https:\/\/wernerdeck.de\/blog\/wp-content\/gallery\/e-bike\/thumbs\/thumbs_Mein-neues-E-Bike-in-Ottobrunn-gekauft-19.jpg\" width='240' height='160' \/>\n\t\t\t\t\t\t\t<\/a>\n\t\t\t<span>\n\t\t\tCube Nuride Hybrid Performance 625 Allroad\t\t\t<\/span>\n\t\t<\/div>\n\t<\/div>\n\t\t\t\t\t\t\t\t\n\t<div id=\"ngg-image-12604\" class=\"ngg-gallery-thumbnail-box\" style=\"width:25%;\" >\n\t\t<div class=\"ngg-gallery-thumbnail\" >\n\t\t\t<a href=\"https:\/\/wernerdeck.de\/blog\/wp-content\/gallery\/e-bike\/Mein-neues-E-Bike-in-Ottobrunn-gekauft-22.jpg\"\n\t\t\t\ttitle=\"Nach der Probefahrt\"\n\t\t\t\tclass=\"ngg-simplelightbox\" rel=\"d8d12c2976634a66a93e698ce7d7e6b0\" data-image-id=\"12604\" data-src=\"https:\/\/wernerdeck.de\/blog\/wp-content\/gallery\/e-bike\/Mein-neues-E-Bike-in-Ottobrunn-gekauft-22.jpg\" data-thumbnail=\"https:\/\/wernerdeck.de\/blog\/wp-content\/gallery\/e-bike\/thumbs\/thumbs_Mein-neues-E-Bike-in-Ottobrunn-gekauft-22.jpg\" data-title=\"Mein-neues-E-Bike-in-Ottobrunn-gekauft-22\" data-description=\"Nach der Probefahrt\" >\n\t\t\t\t\t\t\t\t<img title=\"Mein-neues-E-Bike-in-Ottobrunn-gekauft-22\" alt=\"Mein-neues-E-Bike-in-Ottobrunn-gekauft-22\" src=\"https:\/\/wernerdeck.de\/blog\/wp-content\/gallery\/e-bike\/thumbs\/thumbs_Mein-neues-E-Bike-in-Ottobrunn-gekauft-22.jpg\" width='240' height='160' \/>\n\t\t\t\t\t\t\t<\/a>\n\t\t\t<span>\n\t\t\tNach der Probefahrt\t\t\t<\/span>\n\t\t<\/div>\n\t<\/div>\n\t\t\t\t\t\t\t<br style=\"clear: both\" \/>\n\t\t\t\n\t<!-- Pagination -->\n\t\t<div class='ngg-clear'><\/div>\t\n<\/div>\n\n\t\n<h2 style=\"text-align: center;\">Mit dem neuen Fahrrad an die Mecklenburger Seenplatte<\/h2>\n<p data-start=\"2249\" data-end=\"2300\"><img loading=\"lazy\" decoding=\"async\" class=\"alignleft wp-image-27241\" title=\"Mit dem neuen Fahrrad\" src=\"https:\/\/wernerdeck.de\/blog\/wp-content\/uploads\/2025\/06\/Vorfreude-auf-die-Radtour-an-der-mecklenburger-Seenplatte.png\" alt=\"Mit dem neuen Fahrrad Vorfreude auf die Radtour an der Mecklenburger Seenplatte\" width=\"198\" height=\"198\" srcset=\"https:\/\/wernerdeck.de\/blog\/wp-content\/uploads\/2025\/06\/Vorfreude-auf-die-Radtour-an-der-mecklenburger-Seenplatte.png 700w, https:\/\/wernerdeck.de\/blog\/wp-content\/uploads\/2025\/06\/Vorfreude-auf-die-Radtour-an-der-mecklenburger-Seenplatte-300x300.png 300w, https:\/\/wernerdeck.de\/blog\/wp-content\/uploads\/2025\/06\/Vorfreude-auf-die-Radtour-an-der-mecklenburger-Seenplatte-150x150.png 150w\" sizes=\"auto, (max-width: 198px) 100vw, 198px\" \/>Meine Vorfreude auf die Mecklenburger Seenplatte. Mit diesem neuen Gef\u00e4hrt freue ich mich nun umso mehr auf die kommenden Etappen an der Mecklenburger Seenplatte. Flach, weit, landschaftlich reizvoll \u2013 eine ideale Umgebung, um mein neues Rad und meine ver\u00e4nderte Haltung zum Radfahren zu erproben. Es wird kein Wettrennen, sondern eine Reise, bei der der Genuss im Vordergrund steht.<\/p>\n<p data-start=\"2638\" data-end=\"2707\">Und vielleicht \u2013 das w\u00fcnsche ich mir \u2013 auch eine Reise zu mir selbst. \ud83d\ude0a<\/p>\n<hr>\n<p data-start=\"2638\" data-end=\"2707\">Neugierig, wie sich die Tour tats\u00e4chlich anf\u00fchlt \u2013 mit meinem neuen E-Bike und an der Seite meines Freundes Erich Werner? Im Artikel <a href=\"https:\/\/wernerdeck.de\/blog\/2025\/06\/21\/mecklenburger-seenplatte-radrundfahrt-2025\/\" target=\"_blank\" rel=\"noopener\"><strong>\u201eSeenplatte Radrundfahrt 2025 \u2013 Kultur &amp; Natur zu zweit\u201c<\/strong><\/a> erz\u00e4hle ich vom Start und den vor uns liegenden Etappen.&nbsp;<\/p>\n<p data-start=\"2638\" data-end=\"2707\">Am vergangenen Freitag wurde mein E-Bike noch beim <a href=\"https:\/\/wernerdeck.de\/blog\/2025\/06\/21\/fahrradcodierung-adfc-karlsruhe-erfahrungsbericht\/\" target=\"_blank\" rel=\"noopener\">adfc in Karlsruhe gegen Diebstahl codiert<\/a>.<\/p>\n<p data-start=\"2638\" data-end=\"2707\">Und wegen eines Problems mit der Kettenschaltung an meinem<a href=\"https:\/\/wernerdeck.de\/blog\/2025\/06\/21\/lucky-bike-karlsruhe-e-bike-reparatur-erlebnis\/\" target=\"_blank\" rel=\"noopener\"> E-Bike stand die Tour pl\u00f6tzlich auf der Kippe<\/a>. Lucky Bike in Karlsruhe hat mich am Samstag gerettet. \ud83d\udc4d\ud83d\ude0a<\/p>\n<p data-start=\"2638\" data-end=\"2707\">&nbsp;<\/p>\n<table style=\"height: 362px;\" border=\"2\" width=\"686\" cellspacing=\"2\" cellpadding=\"2\">\n<tbody>\n<tr>\n<td valign=\"top\">&nbsp;<\/td>\n<td valign=\"top\">Alle Links zur Tour<\/td>\n<\/tr>\n<tr>\n<td valign=\"top\">Der Plan<\/td>\n<td valign=\"top\"><a class=\"in-cell-link\" href=\"https:\/\/wernerdeck.de\/blog\/2025\/06\/21\/mecklenburger-seenplatte-radrundfahrt-2025\/\" target=\"_blank\" rel=\"noopener\">Seenplatte Radrundfahrt 2025 &#8211; Kultur &amp; Natur zu zweit<\/a><\/td>\n<\/tr>\n<tr>\n<td valign=\"top\">Fast gescheitert<\/td>\n<td valign=\"top\"><a class=\"in-cell-link\" href=\"https:\/\/wernerdeck.de\/blog\/2025\/06\/21\/lucky-bike-karlsruhe-e-bike-reparatur-erlebnis\/\" target=\"_blank\" rel=\"noopener\">Lucky Bike Karlsruhe Reparatur: Sofort-Hilfe bei Kettenproblem<\/a><\/td>\n<\/tr>\n<tr>\n<td valign=\"top\">Los gehts<\/td>\n<td valign=\"top\"><a class=\"in-cell-link\" href=\"https:\/\/wernerdeck.de\/blog\/2025\/06\/23\/fahrt-holzminden-waren-mueritz\/\" target=\"_blank\" rel=\"noopener\">Meine Fahrt nach Holzminden und weiter nach Waren an der M\u00fcritz<\/a><\/td>\n<\/tr>\n<tr>\n<td valign=\"top\">1. Etappe<\/td>\n<td valign=\"top\"><a class=\"in-cell-link\" href=\"https:\/\/wernerdeck.de\/blog\/2025\/07\/06\/radtour-mecklenburgische-seenplatte-etappe-1\/\" target=\"_blank\" rel=\"noopener\">Radtour Mecklenburgische Seenplatte \u2013 Etappe 1: Waren \u2013 Jagdschloss Bellin<\/a><\/td>\n<\/tr>\n<tr>\n<td valign=\"top\">Beeindruckendes Jagdschloss Bellin<\/td>\n<td valign=\"top\"><a class=\"in-cell-link\" href=\"https:\/\/wernerdeck.de\/blog\/2025\/07\/07\/jagdschloss-bellin-geschichte-aufenthalt-schloesschen\/\" target=\"_blank\" rel=\"noopener\">Das Jagdschloss Bellin \u2013 Ein Ort voller Geschichte &amp; Atmosph\u00e4re<\/a><\/td>\n<\/tr>\n<tr>\n<td valign=\"top\">2. Etappe<\/td>\n<td valign=\"top\"><a class=\"in-cell-link\" href=\"https:\/\/wernerdeck.de\/blog\/2025\/07\/09\/schloss-guestrow-mit-dem-rad-kultur-natur-und-geschichte\/\" target=\"_blank\" rel=\"noopener\">Schloss G\u00fcstrow mit dem Rad \u2013 Kultur, Natur und Geschichte<\/a><\/td>\n<\/tr>\n<tr>\n<td valign=\"top\">3. Etappe<\/td>\n<td valign=\"top\"><a class=\"in-cell-link\" href=\"https:\/\/wernerdeck.de\/blog\/2025\/07\/12\/radtour-seenplatte-tag-3\/\" target=\"_blank\" rel=\"noopener\">Seenplatte Radtour Tag 3 \u2013 von Verchen bis Neubrandenburg<\/a><\/td>\n<\/tr>\n<tr>\n<td valign=\"top\">4. Etappe<\/td>\n<td valign=\"top\"><a class=\"in-cell-link\" href=\"https:\/\/wernerdeck.de\/blog\/2025\/07\/17\/seenplatte-radtour-vierte-etappe\/\" target=\"_blank\" rel=\"noopener\">Seenplatte Radtour vierte Etappe: Neubrandenburg \u2013 Waren<\/a><\/td>\n<\/tr>\n<\/tbody>\n<\/table>\n","protected":false},"excerpt":{"rendered":"<p>Mit dem neuen Fahrrad an die Mecklenburger Seenplatte. Manchmal f\u00fchrt der Weg zur richtigen Entscheidung \u00fcber eine Reihe kleiner Impulse, k\u00f6rperlicher Signale und ganz praktischer Erlebnisse. So war es auch bei mir. Eine geplante Radtour an die Mecklenburger Seenplatte wurde zum Ausl\u00f6ser f\u00fcr eine Ver\u00e4nderung, die ich schon l\u00e4nger geahnt, aber noch nicht umgesetzt hatte: &#8230; <a title=\"Mit dem neuen Fahrrad an die Mecklenburger Seenplatte\" class=\"read-more\" href=\"https:\/\/wernerdeck.de\/blog\/2025\/06\/21\/mit-dem-neuen-fahrrad-seenplatte-tour\/\" aria-label=\"Mehr Informationen \u00fcber Mit dem neuen Fahrrad an die Mecklenburger Seenplatte\">Weiterlesen<\/a><\/p>\n","protected":false},"author":1,"featured_media":27241,"comment_status":"open","ping_status":"open","sticky":false,"template":"","format":"standard","meta":{"ngg_post_thumbnail":0,"footnotes":""},"categories":[479,77],"tags":[644,647,646,656,645,654,75,655],"class_list":["post-27231","post","type-post","status-publish","format-standard","has-post-thumbnail","hentry","category-e-bike","category-radtouren","tag-e-bike-kaufen-im-alter","tag-erfahrung","tag-fahrradwechsel","tag-koerperliche-veraenderung-und-mobilitaet","tag-mecklenburger-seenplatte","tag-radfahren-im-ruhestand","tag-radtour","tag-senioren-e-bike-erfahrung"],"yoast_head":"<!-- This site is optimized with the Yoast SEO plugin v27.4 - https:\/\/yoast.com\/product\/yoast-seo-wordpress\/ -->\n<title>Mit dem neuen Fahrrad an die Mecklenburger Seenplatte - Privater Blog von Werner Deck<\/title>\n<meta name=\"description\" content=\"Mit dem neuen Fahrrad starte ich die Tour zur Mecklenburger Seenplatte \u2013 warum ich es gekauft habe und was sich dadurch f\u00fcr mich ver\u00e4ndert\" \/>\n<meta name=\"robots\" content=\"index, follow, max-snippet:-1, max-image-preview:large, max-video-preview:-1\" \/>\n<link rel=\"canonical\" href=\"https:\/\/wernerdeck.de\/blog\/2025\/06\/21\/mit-dem-neuen-fahrrad-seenplatte-tour\/\" \/>\n<meta property=\"og:locale\" content=\"de_DE\" \/>\n<meta property=\"og:type\" content=\"article\" \/>\n<meta property=\"og:title\" content=\"Mit dem neuen Fahrrad an die Mecklenburger Seenplatte - Privater Blog von Werner Deck\" \/>\n<meta property=\"og:description\" content=\"Mit dem neuen Fahrrad starte ich die Tour zur Mecklenburger Seenplatte \u2013 warum ich es gekauft habe und was sich dadurch f\u00fcr mich ver\u00e4ndert\" \/>\n<meta property=\"og:url\" content=\"https:\/\/wernerdeck.de\/blog\/2025\/06\/21\/mit-dem-neuen-fahrrad-seenplatte-tour\/\" \/>\n<meta property=\"og:site_name\" content=\"Privater Blog von Werner Deck\" \/>\n<meta property=\"article:publisher\" content=\"https:\/\/www.facebook.com\/werner.deck\/\" \/>\n<meta property=\"article:author\" content=\"https:\/\/www.facebook.com\/werner.deck\/\" \/>\n<meta property=\"article:published_time\" content=\"2025-06-21T10:50:43+00:00\" \/>\n<meta property=\"article:modified_time\" content=\"2026-03-15T13:26:48+00:00\" \/>\n<meta property=\"og:image\" content=\"https:\/\/wernerdeck.de\/blog\/wp-content\/uploads\/2025\/06\/Vorfreude-auf-die-Radtour-an-der-mecklenburger-Seenplatte.png\" \/>\n\t<meta property=\"og:image:width\" content=\"700\" \/>\n\t<meta property=\"og:image:height\" content=\"700\" \/>\n\t<meta property=\"og:image:type\" content=\"image\/png\" \/>\n<meta name=\"author\" content=\"Werner Deck\" \/>\n<meta name=\"twitter:card\" content=\"summary_large_image\" \/>\n<meta name=\"twitter:label1\" content=\"Verfasst von\" \/>\n\t<meta name=\"twitter:data1\" content=\"Werner Deck\" \/>\n\t<meta name=\"twitter:label2\" content=\"Gesch\u00e4tzte Lesezeit\" \/>\n\t<meta name=\"twitter:data2\" content=\"4\u00a0Minuten\" \/>\n<script type=\"application\/ld+json\" class=\"yoast-schema-graph\">{\"@context\":\"https:\\\/\\\/schema.org\",\"@graph\":[{\"@type\":\"Article\",\"@id\":\"https:\\\/\\\/wernerdeck.de\\\/blog\\\/2025\\\/06\\\/21\\\/mit-dem-neuen-fahrrad-seenplatte-tour\\\/#article\",\"isPartOf\":{\"@id\":\"https:\\\/\\\/wernerdeck.de\\\/blog\\\/2025\\\/06\\\/21\\\/mit-dem-neuen-fahrrad-seenplatte-tour\\\/\"},\"author\":{\"name\":\"Werner Deck\",\"@id\":\"https:\\\/\\\/wernerdeck.de\\\/blog\\\/#\\\/schema\\\/person\\\/7af62de1f11b0a09297eeb81281e523c\"},\"headline\":\"Mit dem neuen Fahrrad an die Mecklenburger Seenplatte\",\"datePublished\":\"2025-06-21T10:50:43+00:00\",\"dateModified\":\"2026-03-15T13:26:48+00:00\",\"mainEntityOfPage\":{\"@id\":\"https:\\\/\\\/wernerdeck.de\\\/blog\\\/2025\\\/06\\\/21\\\/mit-dem-neuen-fahrrad-seenplatte-tour\\\/\"},\"wordCount\":514,\"commentCount\":0,\"publisher\":{\"@id\":\"https:\\\/\\\/wernerdeck.de\\\/blog\\\/#\\\/schema\\\/person\\\/7af62de1f11b0a09297eeb81281e523c\"},\"image\":{\"@id\":\"https:\\\/\\\/wernerdeck.de\\\/blog\\\/2025\\\/06\\\/21\\\/mit-dem-neuen-fahrrad-seenplatte-tour\\\/#primaryimage\"},\"thumbnailUrl\":\"https:\\\/\\\/wernerdeck.de\\\/blog\\\/wp-content\\\/uploads\\\/2025\\\/06\\\/Vorfreude-auf-die-Radtour-an-der-mecklenburger-Seenplatte.png\",\"keywords\":[\"E-Bike kaufen im Alter\",\"Erfahrung\",\"Fahrradwechsel\",\"K\u00f6rperliche Ver\u00e4nderung und Mobilit\u00e4t\",\"Mecklenburger Seenplatte\",\"Radfahren im Ruhestand\",\"Radtour\",\"Senioren E-Bike Erfahrung\"],\"articleSection\":[\"E-Bike\",\"Radtouren\"],\"inLanguage\":\"de\",\"potentialAction\":[{\"@type\":\"CommentAction\",\"name\":\"Comment\",\"target\":[\"https:\\\/\\\/wernerdeck.de\\\/blog\\\/2025\\\/06\\\/21\\\/mit-dem-neuen-fahrrad-seenplatte-tour\\\/#respond\"]}]},{\"@type\":\"WebPage\",\"@id\":\"https:\\\/\\\/wernerdeck.de\\\/blog\\\/2025\\\/06\\\/21\\\/mit-dem-neuen-fahrrad-seenplatte-tour\\\/\",\"url\":\"https:\\\/\\\/wernerdeck.de\\\/blog\\\/2025\\\/06\\\/21\\\/mit-dem-neuen-fahrrad-seenplatte-tour\\\/\",\"name\":\"Mit dem neuen Fahrrad an die Mecklenburger Seenplatte - Privater Blog von Werner Deck\",\"isPartOf\":{\"@id\":\"https:\\\/\\\/wernerdeck.de\\\/blog\\\/#website\"},\"primaryImageOfPage\":{\"@id\":\"https:\\\/\\\/wernerdeck.de\\\/blog\\\/2025\\\/06\\\/21\\\/mit-dem-neuen-fahrrad-seenplatte-tour\\\/#primaryimage\"},\"image\":{\"@id\":\"https:\\\/\\\/wernerdeck.de\\\/blog\\\/2025\\\/06\\\/21\\\/mit-dem-neuen-fahrrad-seenplatte-tour\\\/#primaryimage\"},\"thumbnailUrl\":\"https:\\\/\\\/wernerdeck.de\\\/blog\\\/wp-content\\\/uploads\\\/2025\\\/06\\\/Vorfreude-auf-die-Radtour-an-der-mecklenburger-Seenplatte.png\",\"datePublished\":\"2025-06-21T10:50:43+00:00\",\"dateModified\":\"2026-03-15T13:26:48+00:00\",\"description\":\"Mit dem neuen Fahrrad starte ich die Tour zur Mecklenburger Seenplatte \u2013 warum ich es gekauft habe und was sich dadurch f\u00fcr mich ver\u00e4ndert\",\"breadcrumb\":{\"@id\":\"https:\\\/\\\/wernerdeck.de\\\/blog\\\/2025\\\/06\\\/21\\\/mit-dem-neuen-fahrrad-seenplatte-tour\\\/#breadcrumb\"},\"inLanguage\":\"de\",\"potentialAction\":[{\"@type\":\"ReadAction\",\"target\":[\"https:\\\/\\\/wernerdeck.de\\\/blog\\\/2025\\\/06\\\/21\\\/mit-dem-neuen-fahrrad-seenplatte-tour\\\/\"]}]},{\"@type\":\"ImageObject\",\"inLanguage\":\"de\",\"@id\":\"https:\\\/\\\/wernerdeck.de\\\/blog\\\/2025\\\/06\\\/21\\\/mit-dem-neuen-fahrrad-seenplatte-tour\\\/#primaryimage\",\"url\":\"https:\\\/\\\/wernerdeck.de\\\/blog\\\/wp-content\\\/uploads\\\/2025\\\/06\\\/Vorfreude-auf-die-Radtour-an-der-mecklenburger-Seenplatte.png\",\"contentUrl\":\"https:\\\/\\\/wernerdeck.de\\\/blog\\\/wp-content\\\/uploads\\\/2025\\\/06\\\/Vorfreude-auf-die-Radtour-an-der-mecklenburger-Seenplatte.png\",\"width\":700,\"height\":700,\"caption\":\"Vorfreude auf die Radtour an der mecklenburger Seenplatte\"},{\"@type\":\"BreadcrumbList\",\"@id\":\"https:\\\/\\\/wernerdeck.de\\\/blog\\\/2025\\\/06\\\/21\\\/mit-dem-neuen-fahrrad-seenplatte-tour\\\/#breadcrumb\",\"itemListElement\":[{\"@type\":\"ListItem\",\"position\":1,\"name\":\"Startseite\",\"item\":\"https:\\\/\\\/wernerdeck.de\\\/blog\\\/\"},{\"@type\":\"ListItem\",\"position\":2,\"name\":\"Mit dem neuen Fahrrad an die Mecklenburger Seenplatte\"}]},{\"@type\":\"WebSite\",\"@id\":\"https:\\\/\\\/wernerdeck.de\\\/blog\\\/#website\",\"url\":\"https:\\\/\\\/wernerdeck.de\\\/blog\\\/\",\"name\":\"Blog von Werner Deck\",\"description\":\"\",\"publisher\":{\"@id\":\"https:\\\/\\\/wernerdeck.de\\\/blog\\\/#\\\/schema\\\/person\\\/7af62de1f11b0a09297eeb81281e523c\"},\"potentialAction\":[{\"@type\":\"SearchAction\",\"target\":{\"@type\":\"EntryPoint\",\"urlTemplate\":\"https:\\\/\\\/wernerdeck.de\\\/blog\\\/?s={search_term_string}\"},\"query-input\":{\"@type\":\"PropertyValueSpecification\",\"valueRequired\":true,\"valueName\":\"search_term_string\"}}],\"inLanguage\":\"de\"},{\"@type\":[\"Person\",\"Organization\"],\"@id\":\"https:\\\/\\\/wernerdeck.de\\\/blog\\\/#\\\/schema\\\/person\\\/7af62de1f11b0a09297eeb81281e523c\",\"name\":\"Werner Deck\",\"image\":{\"@type\":\"ImageObject\",\"inLanguage\":\"de\",\"@id\":\"https:\\\/\\\/wernerdeck.de\\\/blog\\\/wp-content\\\/uploads\\\/2022\\\/05\\\/Werner-Deck-995x1024.jpg\",\"url\":\"https:\\\/\\\/wernerdeck.de\\\/blog\\\/wp-content\\\/uploads\\\/2022\\\/05\\\/Werner-Deck-995x1024.jpg\",\"contentUrl\":\"https:\\\/\\\/wernerdeck.de\\\/blog\\\/wp-content\\\/uploads\\\/2022\\\/05\\\/Werner-Deck-995x1024.jpg\",\"width\":995,\"height\":1024,\"caption\":\"Werner Deck\"},\"logo\":{\"@id\":\"https:\\\/\\\/wernerdeck.de\\\/blog\\\/wp-content\\\/uploads\\\/2022\\\/05\\\/Werner-Deck-995x1024.jpg\"},\"sameAs\":[\"https:\\\/\\\/wernerdeck.de\\\/blog\",\"https:\\\/\\\/www.facebook.com\\\/werner.deck\\\/\",\"https:\\\/\\\/www.instagram.com\\\/opti_maler_deck\\\/\",\"https:\\\/\\\/www.youtube.com\\\/c\\\/WernerDeck\"],\"url\":\"https:\\\/\\\/wernerdeck.de\\\/blog\\\/author\\\/wernerdeck-de\\\/\"}]}<\/script>\n<!-- \/ Yoast SEO plugin. -->","yoast_head_json":{"title":"Mit dem neuen Fahrrad an die Mecklenburger Seenplatte - Privater Blog von Werner Deck","description":"Mit dem neuen Fahrrad starte ich die Tour zur Mecklenburger Seenplatte \u2013 warum ich es gekauft habe und was sich dadurch f\u00fcr mich ver\u00e4ndert","robots":{"index":"index","follow":"follow","max-snippet":"max-snippet:-1","max-image-preview":"max-image-preview:large","max-video-preview":"max-video-preview:-1"},"canonical":"https:\/\/wernerdeck.de\/blog\/2025\/06\/21\/mit-dem-neuen-fahrrad-seenplatte-tour\/","og_locale":"de_DE","og_type":"article","og_title":"Mit dem neuen Fahrrad an die Mecklenburger Seenplatte - Privater Blog von Werner Deck","og_description":"Mit dem neuen Fahrrad starte ich die Tour zur Mecklenburger Seenplatte \u2013 warum ich es gekauft habe und was sich dadurch f\u00fcr mich ver\u00e4ndert","og_url":"https:\/\/wernerdeck.de\/blog\/2025\/06\/21\/mit-dem-neuen-fahrrad-seenplatte-tour\/","og_site_name":"Privater Blog von Werner Deck","article_publisher":"https:\/\/www.facebook.com\/werner.deck\/","article_author":"https:\/\/www.facebook.com\/werner.deck\/","article_published_time":"2025-06-21T10:50:43+00:00","article_modified_time":"2026-03-15T13:26:48+00:00","og_image":[{"width":700,"height":700,"url":"https:\/\/wernerdeck.de\/blog\/wp-content\/uploads\/2025\/06\/Vorfreude-auf-die-Radtour-an-der-mecklenburger-Seenplatte.png","type":"image\/png"}],"author":"Werner Deck","twitter_card":"summary_large_image","twitter_misc":{"Verfasst von":"Werner Deck","Gesch\u00e4tzte Lesezeit":"4\u00a0Minuten"},"schema":{"@context":"https:\/\/schema.org","@graph":[{"@type":"Article","@id":"https:\/\/wernerdeck.de\/blog\/2025\/06\/21\/mit-dem-neuen-fahrrad-seenplatte-tour\/#article","isPartOf":{"@id":"https:\/\/wernerdeck.de\/blog\/2025\/06\/21\/mit-dem-neuen-fahrrad-seenplatte-tour\/"},"author":{"name":"Werner Deck","@id":"https:\/\/wernerdeck.de\/blog\/#\/schema\/person\/7af62de1f11b0a09297eeb81281e523c"},"headline":"Mit dem neuen Fahrrad an die Mecklenburger Seenplatte","datePublished":"2025-06-21T10:50:43+00:00","dateModified":"2026-03-15T13:26:48+00:00","mainEntityOfPage":{"@id":"https:\/\/wernerdeck.de\/blog\/2025\/06\/21\/mit-dem-neuen-fahrrad-seenplatte-tour\/"},"wordCount":514,"commentCount":0,"publisher":{"@id":"https:\/\/wernerdeck.de\/blog\/#\/schema\/person\/7af62de1f11b0a09297eeb81281e523c"},"image":{"@id":"https:\/\/wernerdeck.de\/blog\/2025\/06\/21\/mit-dem-neuen-fahrrad-seenplatte-tour\/#primaryimage"},"thumbnailUrl":"https:\/\/wernerdeck.de\/blog\/wp-content\/uploads\/2025\/06\/Vorfreude-auf-die-Radtour-an-der-mecklenburger-Seenplatte.png","keywords":["E-Bike kaufen im Alter","Erfahrung","Fahrradwechsel","K\u00f6rperliche Ver\u00e4nderung und Mobilit\u00e4t","Mecklenburger Seenplatte","Radfahren im Ruhestand","Radtour","Senioren E-Bike Erfahrung"],"articleSection":["E-Bike","Radtouren"],"inLanguage":"de","potentialAction":[{"@type":"CommentAction","name":"Comment","target":["https:\/\/wernerdeck.de\/blog\/2025\/06\/21\/mit-dem-neuen-fahrrad-seenplatte-tour\/#respond"]}]},{"@type":"WebPage","@id":"https:\/\/wernerdeck.de\/blog\/2025\/06\/21\/mit-dem-neuen-fahrrad-seenplatte-tour\/","url":"https:\/\/wernerdeck.de\/blog\/2025\/06\/21\/mit-dem-neuen-fahrrad-seenplatte-tour\/","name":"Mit dem neuen Fahrrad an die Mecklenburger Seenplatte - Privater Blog von Werner Deck","isPartOf":{"@id":"https:\/\/wernerdeck.de\/blog\/#website"},"primaryImageOfPage":{"@id":"https:\/\/wernerdeck.de\/blog\/2025\/06\/21\/mit-dem-neuen-fahrrad-seenplatte-tour\/#primaryimage"},"image":{"@id":"https:\/\/wernerdeck.de\/blog\/2025\/06\/21\/mit-dem-neuen-fahrrad-seenplatte-tour\/#primaryimage"},"thumbnailUrl":"https:\/\/wernerdeck.de\/blog\/wp-content\/uploads\/2025\/06\/Vorfreude-auf-die-Radtour-an-der-mecklenburger-Seenplatte.png","datePublished":"2025-06-21T10:50:43+00:00","dateModified":"2026-03-15T13:26:48+00:00","description":"Mit dem neuen Fahrrad starte ich die Tour zur Mecklenburger Seenplatte \u2013 warum ich es gekauft habe und was sich dadurch f\u00fcr mich ver\u00e4ndert","breadcrumb":{"@id":"https:\/\/wernerdeck.de\/blog\/2025\/06\/21\/mit-dem-neuen-fahrrad-seenplatte-tour\/#breadcrumb"},"inLanguage":"de","potentialAction":[{"@type":"ReadAction","target":["https:\/\/wernerdeck.de\/blog\/2025\/06\/21\/mit-dem-neuen-fahrrad-seenplatte-tour\/"]}]},{"@type":"ImageObject","inLanguage":"de","@id":"https:\/\/wernerdeck.de\/blog\/2025\/06\/21\/mit-dem-neuen-fahrrad-seenplatte-tour\/#primaryimage","url":"https:\/\/wernerdeck.de\/blog\/wp-content\/uploads\/2025\/06\/Vorfreude-auf-die-Radtour-an-der-mecklenburger-Seenplatte.png","contentUrl":"https:\/\/wernerdeck.de\/blog\/wp-content\/uploads\/2025\/06\/Vorfreude-auf-die-Radtour-an-der-mecklenburger-Seenplatte.png","width":700,"height":700,"caption":"Vorfreude auf die Radtour an der mecklenburger Seenplatte"},{"@type":"BreadcrumbList","@id":"https:\/\/wernerdeck.de\/blog\/2025\/06\/21\/mit-dem-neuen-fahrrad-seenplatte-tour\/#breadcrumb","itemListElement":[{"@type":"ListItem","position":1,"name":"Startseite","item":"https:\/\/wernerdeck.de\/blog\/"},{"@type":"ListItem","position":2,"name":"Mit dem neuen Fahrrad an die Mecklenburger Seenplatte"}]},{"@type":"WebSite","@id":"https:\/\/wernerdeck.de\/blog\/#website","url":"https:\/\/wernerdeck.de\/blog\/","name":"Blog von Werner Deck","description":"","publisher":{"@id":"https:\/\/wernerdeck.de\/blog\/#\/schema\/person\/7af62de1f11b0a09297eeb81281e523c"},"potentialAction":[{"@type":"SearchAction","target":{"@type":"EntryPoint","urlTemplate":"https:\/\/wernerdeck.de\/blog\/?s={search_term_string}"},"query-input":{"@type":"PropertyValueSpecification","valueRequired":true,"valueName":"search_term_string"}}],"inLanguage":"de"},{"@type":["Person","Organization"],"@id":"https:\/\/wernerdeck.de\/blog\/#\/schema\/person\/7af62de1f11b0a09297eeb81281e523c","name":"Werner Deck","image":{"@type":"ImageObject","inLanguage":"de","@id":"https:\/\/wernerdeck.de\/blog\/wp-content\/uploads\/2022\/05\/Werner-Deck-995x1024.jpg","url":"https:\/\/wernerdeck.de\/blog\/wp-content\/uploads\/2022\/05\/Werner-Deck-995x1024.jpg","contentUrl":"https:\/\/wernerdeck.de\/blog\/wp-content\/uploads\/2022\/05\/Werner-Deck-995x1024.jpg","width":995,"height":1024,"caption":"Werner Deck"},"logo":{"@id":"https:\/\/wernerdeck.de\/blog\/wp-content\/uploads\/2022\/05\/Werner-Deck-995x1024.jpg"},"sameAs":["https:\/\/wernerdeck.de\/blog","https:\/\/www.facebook.com\/werner.deck\/","https:\/\/www.instagram.com\/opti_maler_deck\/","https:\/\/www.youtube.com\/c\/WernerDeck"],"url":"https:\/\/wernerdeck.de\/blog\/author\/wernerdeck-de\/"}]}},"_links":{"self":[{"href":"https:\/\/wernerdeck.de\/blog\/wp-json\/wp\/v2\/posts\/27231","targetHints":{"allow":["GET"]}}],"collection":[{"href":"https:\/\/wernerdeck.de\/blog\/wp-json\/wp\/v2\/posts"}],"about":[{"href":"https:\/\/wernerdeck.de\/blog\/wp-json\/wp\/v2\/types\/post"}],"author":[{"embeddable":true,"href":"https:\/\/wernerdeck.de\/blog\/wp-json\/wp\/v2\/users\/1"}],"replies":[{"embeddable":true,"href":"https:\/\/wernerdeck.de\/blog\/wp-json\/wp\/v2\/comments?post=27231"}],"version-history":[{"count":0,"href":"https:\/\/wernerdeck.de\/blog\/wp-json\/wp\/v2\/posts\/27231\/revisions"}],"wp:featuredmedia":[{"embeddable":true,"href":"https:\/\/wernerdeck.de\/blog\/wp-json\/wp\/v2\/media\/27241"}],"wp:attachment":[{"href":"https:\/\/wernerdeck.de\/blog\/wp-json\/wp\/v2\/media?parent=27231"}],"wp:term":[{"taxonomy":"category","embeddable":true,"href":"https:\/\/wernerdeck.de\/blog\/wp-json\/wp\/v2\/categories?post=27231"},{"taxonomy":"post_tag","embeddable":true,"href":"https:\/\/wernerdeck.de\/blog\/wp-json\/wp\/v2\/tags?post=27231"}],"curies":[{"name":"wp","href":"https:\/\/api.w.org\/{rel}","templated":true}]}}