{"id":27106,"date":"2025-06-21T12:51:44","date_gmt":"2025-06-21T10:51:44","guid":{"rendered":"https:\/\/wernerdeck.de\/blog\/?p=27106"},"modified":"2025-07-10T09:46:04","modified_gmt":"2025-07-10T07:46:04","slug":"mecklenburger-seenplatte-radrundfahrt-2025","status":"publish","type":"post","link":"https:\/\/wernerdeck.de\/blog\/2025\/06\/21\/mecklenburger-seenplatte-radrundfahrt-2025\/","title":{"rendered":"Seenplatte Radrundfahrt 2025 &#8211; Kultur &#038; Natur zu zweit"},"content":{"rendered":"<figure id=\"attachment_17072\" aria-describedby=\"caption-attachment-17072\" style=\"width: 112px\" class=\"wp-caption alignleft\"><img loading=\"lazy\" decoding=\"async\" class=\" wp-image-17072\" src=\"https:\/\/wernerdeck.de\/blog\/wp-content\/uploads\/2024\/06\/Radtour-ueber-sieben-Etappen-und-500-km-01.jpg\" alt=\"Radtour \u00fcber sieben Etappen und 500 km 01\" width=\"122\" height=\"174\" srcset=\"https:\/\/wernerdeck.de\/blog\/wp-content\/uploads\/2024\/06\/Radtour-ueber-sieben-Etappen-und-500-km-01.jpg 600w, https:\/\/wernerdeck.de\/blog\/wp-content\/uploads\/2024\/06\/Radtour-ueber-sieben-Etappen-und-500-km-01-210x300.jpg 210w\" sizes=\"auto, (max-width: 122px) 100vw, 122px\" \/><figcaption id=\"caption-attachment-17072\" class=\"wp-caption-text\">Erich Werner<\/figcaption><\/figure>\n<p>Am kommenden Dienstag starte ich mit meinem Malermeisterkollegen und Unternehmerfreund Erich Werner zu unserer viert\u00e4gigen Mecklenburger Seenplatte Radrundfahrt 2025.<\/p>\n<p>Nachdem wir im vergangenen Jahr gemeinsam eine 509 Kilometer lange Tour zwischen Karlsruhe und Mainz unternommen haben, setzen wir diesmal einen anderen Schwerpunkt: Kultur am Wegesrand verbinden wir mit aktiver Bewegung.<\/p>\n<p>Ich fahre bereits am morgigen Sonntag mit meinem Auto und meinem E-Bike nach <a href=\"http:\/\/holzminden.de\" target=\"_blank\" rel=\"noopener\">Holzminden<\/a> (ca. 390\u202fkm), wo ich bei Erich \u00fcbernachte. Am Montag starten wir gemeinsam nach <a href=\"http:\/\/waren-mueritz.de\" target=\"_blank\" rel=\"noopener\">Waren an der M\u00fcritz<\/a> (weitere ca. 380 km).<\/p>\n<p>Die Planung dieser Mecklenburger Seenplatte Radrundfahrt 2025 (rund 357\u202fkm) habe ich wie gewohnt mit <a href=\"http:\/\/komoot.de\" target=\"_blank\" rel=\"noopener\">Komoot<\/a> vorgenommen. F\u00fcr mich der beste Planer f\u00fcr solch ein Vorhaben. <a href=\"https:\/\/wernerdeck.de\/blog\/2025\/06\/21\/mit-dem-neuen-fahrrad-seenplatte-tour\/\" target=\"_blank\" rel=\"noopener\">Mein neues E-Bike hat auf dieser Tour seine Feuertaufe.&nbsp;<\/a><\/p>\n<figure id=\"attachment_27108\" aria-describedby=\"caption-attachment-27108\" style=\"width: 727px\" class=\"wp-caption aligncenter\"><img loading=\"lazy\" decoding=\"async\" class=\"wp-image-27108 size-full\" src=\"https:\/\/wernerdeck.de\/blog\/wp-content\/uploads\/2025\/06\/Radtour-Mecklenburger-Seenplatte-Rundkurs-mit-Start-in-Warden-Mueritz.jpg\" alt=\"Radtour Mecklenburger Seenplatte Rundkurs mit Start in Warden M\u00fcritz Seenplatte Radrundfahrt 2025\" width=\"737\" height=\"746\" srcset=\"https:\/\/wernerdeck.de\/blog\/wp-content\/uploads\/2025\/06\/Radtour-Mecklenburger-Seenplatte-Rundkurs-mit-Start-in-Warden-Mueritz.jpg 737w, https:\/\/wernerdeck.de\/blog\/wp-content\/uploads\/2025\/06\/Radtour-Mecklenburger-Seenplatte-Rundkurs-mit-Start-in-Warden-Mueritz-296x300.jpg 296w\" sizes=\"auto, (max-width: 737px) 100vw, 737px\" \/><figcaption id=\"caption-attachment-27108\" class=\"wp-caption-text\">Das ist der gesamte Rundkurs<\/figcaption><\/figure>\n<figure id=\"attachment_27110\" aria-describedby=\"caption-attachment-27110\" style=\"width: 681px\" class=\"wp-caption aligncenter\"><img loading=\"lazy\" decoding=\"async\" class=\"wp-image-27110 size-full\" src=\"https:\/\/wernerdeck.de\/blog\/wp-content\/uploads\/2025\/06\/Mecklenburger-Seenplatte.jpg\" alt=\"Seenplatte Radrundfahrt 2025\" width=\"691\" height=\"666\" srcset=\"https:\/\/wernerdeck.de\/blog\/wp-content\/uploads\/2025\/06\/Mecklenburger-Seenplatte.jpg 691w, https:\/\/wernerdeck.de\/blog\/wp-content\/uploads\/2025\/06\/Mecklenburger-Seenplatte-300x289.jpg 300w\" sizes=\"auto, (max-width: 691px) 100vw, 691px\" \/><figcaption id=\"caption-attachment-27110\" class=\"wp-caption-text\">Von Waren (4) starten wir in westlicher Richtung unsere erste Etappe<\/figcaption><\/figure>\n<h2 style=\"text-align: center;\">Unsere Mecklenburger Seenplatte Radrundfahrt 2025 \u2013 vier Etappen voller Vielfalt<\/h2>\n<p>\n<div class=\"ngg-galleryoverview ngg-template-caption\" id=\"ngg-gallery-377e9128e52be3d27164ac6f29c0af9a-27106\">\n\n\t\t\n\t<!-- Thumbnails -->\n\t\t\t\t\t\n\t<div id=\"ngg-image-13043\" class=\"ngg-gallery-thumbnail-box\" style=\"width:25%;\" >\n\t\t<div class=\"ngg-gallery-thumbnail\" >\n\t\t\t<a href=\"https:\/\/wernerdeck.de\/blog\/wp-content\/gallery\/seenplatte\/Radtour-Mecklenburger-Seenplatte-erste-Etappe-von-Waren-nach-Jagdschloss-Bellin.jpg\"\n\t\t\t\ttitle=\"1. Etappe \u2013 94 km\"\n\t\t\t\tclass=\"ngg-simplelightbox\" rel=\"377e9128e52be3d27164ac6f29c0af9a\" data-image-id=\"13043\" data-src=\"https:\/\/wernerdeck.de\/blog\/wp-content\/gallery\/seenplatte\/Radtour-Mecklenburger-Seenplatte-erste-Etappe-von-Waren-nach-Jagdschloss-Bellin.jpg\" data-thumbnail=\"https:\/\/wernerdeck.de\/blog\/wp-content\/gallery\/seenplatte\/thumbs\/thumbs_Radtour-Mecklenburger-Seenplatte-erste-Etappe-von-Waren-nach-Jagdschloss-Bellin.jpg\" data-title=\"Radtour-Mecklenburger-Seenplatte-erste-Etappe-von-Waren-nach-Jagdschloss-Bellin\" data-description=\"1. Etappe \u2013 94 km\" >\n\t\t\t\t\t\t\t\t<img title=\"Radtour-Mecklenburger-Seenplatte-erste-Etappe-von-Waren-nach-Jagdschloss-Bellin\" alt=\"Radtour-Mecklenburger-Seenplatte-erste-Etappe-von-Waren-nach-Jagdschloss-Bellin\" src=\"https:\/\/wernerdeck.de\/blog\/wp-content\/gallery\/seenplatte\/thumbs\/thumbs_Radtour-Mecklenburger-Seenplatte-erste-Etappe-von-Waren-nach-Jagdschloss-Bellin.jpg\" width='240' height='160' \/>\n\t\t\t\t\t\t\t<\/a>\n\t\t\t<span>\n\t\t\t1. Etappe \u2013 94 km\t\t\t<\/span>\n\t\t<\/div>\n\t<\/div>\n\t\t\t\t\t\t\t\t\n\t<div id=\"ngg-image-13042\" class=\"ngg-gallery-thumbnail-box\" style=\"width:25%;\" >\n\t\t<div class=\"ngg-gallery-thumbnail\" >\n\t\t\t<a href=\"https:\/\/wernerdeck.de\/blog\/wp-content\/gallery\/seenplatte\/Radtour-Mecklenburger-Seenplatte-zweite-Etappe-von-Jagdschloss-Bellin-nach-Verchen.jpg\"\n\t\t\t\ttitle=\"2. Etappe \u2013 81 km\"\n\t\t\t\tclass=\"ngg-simplelightbox\" rel=\"377e9128e52be3d27164ac6f29c0af9a\" data-image-id=\"13042\" data-src=\"https:\/\/wernerdeck.de\/blog\/wp-content\/gallery\/seenplatte\/Radtour-Mecklenburger-Seenplatte-zweite-Etappe-von-Jagdschloss-Bellin-nach-Verchen.jpg\" data-thumbnail=\"https:\/\/wernerdeck.de\/blog\/wp-content\/gallery\/seenplatte\/thumbs\/thumbs_Radtour-Mecklenburger-Seenplatte-zweite-Etappe-von-Jagdschloss-Bellin-nach-Verchen.jpg\" data-title=\"Radtour-Mecklenburger-Seenplatte-zweite-Etappe-von-Jagdschloss-Bellin-nach-Verchen\" data-description=\"2. Etappe \u2013 81 km\" >\n\t\t\t\t\t\t\t\t<img title=\"Radtour-Mecklenburger-Seenplatte-zweite-Etappe-von-Jagdschloss-Bellin-nach-Verchen\" alt=\"Radtour-Mecklenburger-Seenplatte-zweite-Etappe-von-Jagdschloss-Bellin-nach-Verchen\" src=\"https:\/\/wernerdeck.de\/blog\/wp-content\/gallery\/seenplatte\/thumbs\/thumbs_Radtour-Mecklenburger-Seenplatte-zweite-Etappe-von-Jagdschloss-Bellin-nach-Verchen.jpg\" width='240' height='160' \/>\n\t\t\t\t\t\t\t<\/a>\n\t\t\t<span>\n\t\t\t2. Etappe \u2013 81 km\t\t\t<\/span>\n\t\t<\/div>\n\t<\/div>\n\t\t\t\t\t\t\t\t\n\t<div id=\"ngg-image-13041\" class=\"ngg-gallery-thumbnail-box\" style=\"width:25%;\" >\n\t\t<div class=\"ngg-gallery-thumbnail\" >\n\t\t\t<a href=\"https:\/\/wernerdeck.de\/blog\/wp-content\/gallery\/seenplatte\/Radtour-Mecklenburger-Seenplatte-dritte-Etappe-von-Verchen-nach-Neubrandenburg.jpg\"\n\t\t\t\ttitle=\"3. Etappe \u2013 88 km\"\n\t\t\t\tclass=\"ngg-simplelightbox\" rel=\"377e9128e52be3d27164ac6f29c0af9a\" data-image-id=\"13041\" data-src=\"https:\/\/wernerdeck.de\/blog\/wp-content\/gallery\/seenplatte\/Radtour-Mecklenburger-Seenplatte-dritte-Etappe-von-Verchen-nach-Neubrandenburg.jpg\" data-thumbnail=\"https:\/\/wernerdeck.de\/blog\/wp-content\/gallery\/seenplatte\/thumbs\/thumbs_Radtour-Mecklenburger-Seenplatte-dritte-Etappe-von-Verchen-nach-Neubrandenburg.jpg\" data-title=\"Radtour-Mecklenburger-Seenplatte-dritte-Etappe-von-Verchen-nach-Neubrandenburg\" data-description=\"3. Etappe \u2013 88 km\" >\n\t\t\t\t\t\t\t\t<img title=\"Radtour-Mecklenburger-Seenplatte-dritte-Etappe-von-Verchen-nach-Neubrandenburg\" alt=\"Radtour-Mecklenburger-Seenplatte-dritte-Etappe-von-Verchen-nach-Neubrandenburg\" src=\"https:\/\/wernerdeck.de\/blog\/wp-content\/gallery\/seenplatte\/thumbs\/thumbs_Radtour-Mecklenburger-Seenplatte-dritte-Etappe-von-Verchen-nach-Neubrandenburg.jpg\" width='240' height='160' \/>\n\t\t\t\t\t\t\t<\/a>\n\t\t\t<span>\n\t\t\t3. Etappe \u2013 88 km\t\t\t<\/span>\n\t\t<\/div>\n\t<\/div>\n\t\t\t\t\t\t\t\t\n\t<div id=\"ngg-image-13040\" class=\"ngg-gallery-thumbnail-box\" style=\"width:25%;\" >\n\t\t<div class=\"ngg-gallery-thumbnail\" >\n\t\t\t<a href=\"https:\/\/wernerdeck.de\/blog\/wp-content\/gallery\/seenplatte\/Radtour-Mecklenburger-Seenplatte-dritte-Etappe-von-Neubrandenburg-nach-Warden-Mueritz.jpg\"\n\t\t\t\ttitle=\"4. Etappe \u2013  84 km\"\n\t\t\t\tclass=\"ngg-simplelightbox\" rel=\"377e9128e52be3d27164ac6f29c0af9a\" data-image-id=\"13040\" data-src=\"https:\/\/wernerdeck.de\/blog\/wp-content\/gallery\/seenplatte\/Radtour-Mecklenburger-Seenplatte-dritte-Etappe-von-Neubrandenburg-nach-Warden-Mueritz.jpg\" data-thumbnail=\"https:\/\/wernerdeck.de\/blog\/wp-content\/gallery\/seenplatte\/thumbs\/thumbs_Radtour-Mecklenburger-Seenplatte-dritte-Etappe-von-Neubrandenburg-nach-Warden-Mueritz.jpg\" data-title=\"Radtour-Mecklenburger-Seenplatte-dritte-Etappe-von-Neubrandenburg-nach-Warden-Mueritz\" data-description=\"4. Etappe \u2013  84 km\" >\n\t\t\t\t\t\t\t\t<img title=\"Radtour-Mecklenburger-Seenplatte-dritte-Etappe-von-Neubrandenburg-nach-Warden-Mueritz\" alt=\"Radtour-Mecklenburger-Seenplatte-dritte-Etappe-von-Neubrandenburg-nach-Warden-Mueritz\" src=\"https:\/\/wernerdeck.de\/blog\/wp-content\/gallery\/seenplatte\/thumbs\/thumbs_Radtour-Mecklenburger-Seenplatte-dritte-Etappe-von-Neubrandenburg-nach-Warden-Mueritz.jpg\" width='240' height='160' \/>\n\t\t\t\t\t\t\t<\/a>\n\t\t\t<span>\n\t\t\t4. Etappe \u2013  84 km\t\t\t<\/span>\n\t\t<\/div>\n\t<\/div>\n\t\t\t\t\t\t\t<br style=\"clear: both\" \/>\n\t\t\t\n\t<!-- Pagination -->\n\t\t<div class='ngg-clear'><\/div>\t\n<\/div>\n\n\tJetzt hoffen wir auf gutes Wetter und unfallfreies Ankommen in Holzminden und Waren. Ebenso hoffe ich auf entspanntes Fahren mit meinem neuen E-Bike. <a href=\"https:\/\/wernerdeck.de\/blog\/2025\/06\/21\/mit-dem-neuen-fahrrad-seenplatte-tour\/\" target=\"_blank\" rel=\"noopener\">Warum ich mich f\u00fcr ein neues Fahrrad entschieden habe, beschreibe ich hier.<\/a><\/p>\n<p>Auf unserer Radtour m\u00f6chten wir auch einige Sehensw\u00fcrdigkeiten entlang der Strecke besuchen. Ob uns das alles gelingt, wird sich auf den jeweiligen Etappen zeigen. Nachfolgend unsere pers\u00f6nliche Auswahl mit kurzen Beschreibungen \u2013 zur Inspiration und Orientierung.<\/p>\n<p><strong>Schloss Klink<\/strong><br \/>\nEin sch\u00f6nes, historisches Schloss direkt an der M\u00fcritz, heute als Hotel genutzt. Von hier aus legt auch die Wei\u00dfe Flotte ab \u2013 ideal f\u00fcr eine kleine Pause mit Blick aufs Wasser.<\/p>\n<p><strong>Gro\u00dfsteingrab Wendhof<\/strong><br \/>\nEine beeindruckende Ausgrabungsst\u00e4tte mit sichtbaren Spuren aus der Jungsteinzeit \u2013 ein stiller Ort mit Geschichte.<\/p>\n<p><strong>SCHLOSS Hotel Fleesensee<\/strong><br \/>\nEin exklusives 5-Sterne-Hotel mit SPA-Bereich, Parkanlage, Golfplatz und zwei Restaurants \u2013 darunter das \u201eBl\u00fcchers\u201c, laut Falstaff eines der besten im Land.<\/p>\n<p><strong>Schlosshotel Fleesensee<\/strong><br \/>\nUrspr\u00fcnglich 1910 im neubarocken Stil erbaut, heute ein elegantes Hotel mit rund 180 Zimmern, Restaurant und Tagungsr\u00e4umen. Seit der Sanierung 1997 ist es ein Highlight f\u00fcr Architektur- und Wellnessfreunde.<\/p>\n<p><strong>Klosterkirche Malchow<\/strong><br \/>\nEin neugotischer Backsteinbau mit markanter Silhouette. Sie wurde nach einem Brand Ende des 19. Jahrhunderts wiederaufgebaut und beherbergt heute das Orgelmuseum sowie Raum f\u00fcr Konzerte.<\/p>\n<p><strong>Plauer Burg<\/strong><br \/>\nRelikt einer mittelalterlichen Burganlage in Plau am See \u2013 heute vor allem durch den Burgturm sichtbar, der bestiegen werden kann.<\/p>\n<p><strong>Woostener Dorfkirche<\/strong><br \/>\nEine ruhige, gepflegte Dorfkirche mit einladender Atmosph\u00e4re \u2013 ideal f\u00fcr eine stille Pause unterwegs.<\/p>\n<p><strong>Klosteranlage Wooster Teerofen<\/strong><br \/>\nWeitl\u00e4ufiges Areal mit gepflegten Geb\u00e4uden, heute Teil einer Pflegeeinrichtung \u2013 ruhig gelegen und von Natur umgeben.<\/p>\n<p><strong>Jagdschloss Bellin<\/strong><br \/>\nUnser \u00dcbernachtungsort auf der Tour! Ein charmantes Schloss, ruhig gelegen und ideal, um einen aktiven Radtag stilvoll ausklingen zu lassen.<\/p>\n<p><strong>Schloss G\u00fcstrow<\/strong><br \/>\nEines der bedeutendsten Renaissance-Schl\u00f6sser Norddeutschlands. Beeindruckende Architektur und sehenswerte Innenr\u00e4ume machen einen Besuch lohnenswert.<\/p>\n<p><strong>Schloss Dargun<\/strong><br \/>\nRuine und Parkanlage mit bewegter Geschichte \u2013 besonders eindrucksvoll bei gutem Wetter oder in der D\u00e4mmerung.<\/p>\n<p><strong>Schloss Basedow<\/strong><br \/>\nMalerisch im Dorf gelegen, mit gepflegtem Schlosspark. Besonders reizvoll durch das Ensemble aus Schloss, Caf\u00e9s und Landschaft. Noch nicht vollst\u00e4ndig restauriert, aber gerade deshalb charmant.<\/p>\n<p><strong>Ivenacker Eichen<\/strong><br \/>\nJahrhundertealte Eichen in einem weitl\u00e4ufigen Park \u2013 teils \u00fcber 1000 Jahre alt. Ein Podcast des NDR hat unsere Neugier geweckt. Nach dem H\u00f6ren war klar: Da wollen wir hin!<\/p>\n<p><strong>Schloss Ivenack<\/strong><br \/>\nEhemalige Klosteranlage mit sch\u00f6ner Parklandschaft direkt am See. Spannende Geschichte und entspannter Ort \u2013 ein gutes Kontrastprogramm zum sportlichen Radeln.<\/p>\n<p><strong>Stargarder Tor<\/strong><br \/>\nEin erhaltenes Stadttor mit mittelalterlichem Flair, ideal f\u00fcr einen kurzen Stopp und ein stimmungsvolles Foto.<\/p>\n<hr>\n<h3 data-start=\"1939\" data-end=\"2002\">R\u00fcckblick auf unsere Tour 2024 (Karlsruhe\u2013Mainz, 7 Etappen)<\/h3>\n<p data-start=\"2003\" data-end=\"2129\">Damit neue Leser den kulturellen Charakter unserer Radausfl\u00fcge verstehen, verlinke ich hier die Beitr\u00e4ge unserer letzten Tour:<\/p>\n<ul data-start=\"2130\" data-end=\"3718\">\n<li data-start=\"2130\" data-end=\"2336\">\n<p data-start=\"2132\" data-end=\"2336\"><a class=\"cursor-pointer\" href=\"https:\/\/wernerdeck.de\/blog\/2024\/06\/17\/am-mittwoch-19-juni-geht-es-auf-grosse-fahrt-mit-dem-e-bike-rundtour-ueber-sieben-etappen-mit-insgesamt-ca-500-km\/\" target=\"_blank\" rel=\"noopener\" data-start=\"2134\" data-end=\"2332\">Ank\u00fcndigung der Radtour mit sieben Etappen<\/a><\/p>\n<\/li>\n<li data-start=\"2337\" data-end=\"2524\">\n<p data-start=\"2339\" data-end=\"2524\"><a class=\"cursor-pointer\" href=\"https:\/\/wernerdeck.de\/blog\/2024\/06\/19\/zwei-e-bikes-vier-packtaschen-sieben-tage-und-ca-500-km-radeln-heute-der-start-zu-unserer-ersten-etappe\/\" target=\"_blank\" rel=\"noopener\" data-start=\"2341\" data-end=\"2520\">Etappe\u202f1: Start der ersten Etappe<\/a><\/p>\n<\/li>\n<li data-start=\"2525\" data-end=\"2709\">\n<p data-start=\"2527\" data-end=\"2709\"><a class=\"cursor-pointer\" href=\"https:\/\/wernerdeck.de\/blog\/2024\/06\/20\/starker-platzregen-eine-burg-zwei-roemische-ausgrabungen-und-der-wormser-dom-zweite-rad-etappe-bis-nach-gernsheim\/\" target=\"_blank\" rel=\"noopener\" data-start=\"2529\" data-end=\"2705\">Etappe\u202f2: Burg &amp; Wormser Dom<\/a><\/p>\n<\/li>\n<li data-start=\"2710\" data-end=\"2918\">\n<p data-start=\"2712\" data-end=\"2918\"><a class=\"cursor-pointer\" href=\"https:\/\/wernerdeck.de\/blog\/2024\/06\/21\/heute-dabei-5-km-kopfsteinpflaster-mit-matschigem-feldweg-dazu-gewitter-und-starkregen-dritte-rad-etappe-bis-nach-mainz\/\" target=\"_blank\" rel=\"noopener\" data-start=\"2714\" data-end=\"2914\">Etappe\u202f3: Kopfsteinpflaster &amp; Gewitter<\/a><\/p>\n<\/li>\n<li data-start=\"2919\" data-end=\"3113\">\n<p data-start=\"2921\" data-end=\"3113\"><a class=\"cursor-pointer\" href=\"https:\/\/wernerdeck.de\/blog\/2024\/06\/22\/vierte-rad-etappe-besuch-des-mainzer-doms-und-des-klosters-lorsch-vor-allem-waren-wir-heute-fast-ohne-regen\/\" target=\"_blank\" rel=\"noopener\" data-start=\"2923\" data-end=\"3109\">Etappe\u202f4: Dom Mainz &amp; Kloster Lorsch<\/a><\/p>\n<\/li>\n<li data-start=\"3114\" data-end=\"3329\">\n<p data-start=\"3116\" data-end=\"3329\"><a class=\"cursor-pointer\" href=\"https:\/\/wernerdeck.de\/blog\/2024\/06\/23\/am-5-tourtag-endlich-sonne-ueber-ladenburg-heidelberg-und-schwetzingen-zur-anderen-rheinseite-hinueber-nach-schifferstadt\/\" target=\"_blank\" rel=\"noopener\" data-start=\"3118\" data-end=\"3325\">Etappe\u202f5: Ladenburg\u2013Heidelberg\u2013Schifferstadt<\/a><\/p>\n<\/li>\n<li data-start=\"3330\" data-end=\"3526\">\n<p data-start=\"3332\" data-end=\"3526\"><a class=\"cursor-pointer\" href=\"https:\/\/wernerdeck.de\/blog\/2024\/06\/24\/heisse-sonne-kaltes-eis-historische-bauten-und-ein-schloss-am-6-tourtag-auf-dem-weg-von-schifferstadt-nach-bruchsal\/\" target=\"_blank\" rel=\"noopener\" data-start=\"3334\" data-end=\"3522\">Etappe\u202f6: Schloss &amp; hei\u00dfer Tag<\/a><\/p>\n<\/li>\n<li data-start=\"3527\" data-end=\"3718\">\n<p data-start=\"3529\" data-end=\"3718\"><a class=\"cursor-pointer\" href=\"https:\/\/wernerdeck.de\/blog\/2024\/06\/25\/7-und-letzter-tourtag-zum-abschluss-das-kraichgauer-huegelland-ein-altes-stadttor-und-ein-verwunschenes-schloss\/\" target=\"_blank\" rel=\"noopener\" data-start=\"3531\" data-end=\"3716\">Etappe\u202f7: Kraichgauer H\u00fcgelland<\/a><\/p>\n<\/li>\n<\/ul>\n","protected":false},"excerpt":{"rendered":"<p>Am kommenden Dienstag starte ich mit meinem Malermeisterkollegen und Unternehmerfreund Erich Werner zu unserer viert\u00e4gigen Mecklenburger Seenplatte Radrundfahrt 2025. Nachdem wir im vergangenen Jahr gemeinsam eine 509 Kilometer lange Tour zwischen Karlsruhe und Mainz unternommen haben, setzen wir diesmal einen anderen Schwerpunkt: Kultur am Wegesrand verbinden wir mit aktiver Bewegung. Ich fahre bereits am morgigen &#8230; <a title=\"Seenplatte Radrundfahrt 2025 &#8211; Kultur &#038; Natur zu zweit\" class=\"read-more\" href=\"https:\/\/wernerdeck.de\/blog\/2025\/06\/21\/mecklenburger-seenplatte-radrundfahrt-2025\/\" aria-label=\"Mehr Informationen \u00fcber Seenplatte Radrundfahrt 2025 &#8211; Kultur &#038; Natur zu zweit\">Weiterlesen<\/a><\/p>\n","protected":false},"author":1,"featured_media":27181,"comment_status":"open","ping_status":"open","sticky":false,"template":"","format":"standard","meta":{"ngg_post_thumbnail":0,"footnotes":""},"categories":[479,77,208],"tags":[629,624,626,628,75,414,627,625],"class_list":["post-27106","post","type-post","status-publish","format-standard","has-post-thumbnail","hentry","category-e-bike","category-radtouren","category-reisebericht","tag-e-bike-rundfahrt","tag-erich-werner","tag-komoot","tag-kulturtour","tag-radtour","tag-radtour-mit-erich","tag-seenplatte","tag-waren-mueritz"],"yoast_head":"<!-- This site is optimized with the Yoast SEO plugin v27.4 - https:\/\/yoast.com\/product\/yoast-seo-wordpress\/ -->\n<title>Seenplatte Radrundfahrt 2025 - Kultur &amp; Natur zu zweit - Privater Blog von Werner Deck<\/title>\n<meta name=\"description\" content=\"Die Mecklenburger Seenplatte Radrundfahrt 2025 f\u00fchrt mich und Erich durch Natur, Kultur und Geschichte \u2013 in vier Etappen auf dem E-Bike\" \/>\n<meta name=\"robots\" content=\"index, follow, max-snippet:-1, max-image-preview:large, max-video-preview:-1\" \/>\n<link rel=\"canonical\" href=\"https:\/\/wernerdeck.de\/blog\/2025\/06\/21\/mecklenburger-seenplatte-radrundfahrt-2025\/\" \/>\n<meta property=\"og:locale\" content=\"de_DE\" \/>\n<meta property=\"og:type\" content=\"article\" \/>\n<meta property=\"og:title\" content=\"Seenplatte Radrundfahrt 2025 - Kultur &amp; Natur zu zweit - Privater Blog von Werner Deck\" \/>\n<meta property=\"og:description\" content=\"Die Mecklenburger Seenplatte Radrundfahrt 2025 f\u00fchrt mich und Erich durch Natur, Kultur und Geschichte \u2013 in vier Etappen auf dem E-Bike\" \/>\n<meta property=\"og:url\" content=\"https:\/\/wernerdeck.de\/blog\/2025\/06\/21\/mecklenburger-seenplatte-radrundfahrt-2025\/\" \/>\n<meta property=\"og:site_name\" content=\"Privater Blog von Werner Deck\" \/>\n<meta property=\"article:publisher\" content=\"https:\/\/www.facebook.com\/werner.deck\/\" \/>\n<meta property=\"article:author\" content=\"https:\/\/www.facebook.com\/werner.deck\/\" \/>\n<meta property=\"article:published_time\" content=\"2025-06-21T10:51:44+00:00\" \/>\n<meta property=\"article:modified_time\" content=\"2025-07-10T07:46:04+00:00\" \/>\n<meta property=\"og:image\" content=\"https:\/\/wernerdeck.de\/blog\/wp-content\/uploads\/2025\/06\/Radtour-Mecklenburger-Seenplatte-Rundkurs-mit-Start-in-Waren-Mueritz-Blogtitel.jpg\" \/>\n\t<meta property=\"og:image:width\" content=\"1198\" \/>\n\t<meta property=\"og:image:height\" content=\"558\" \/>\n\t<meta property=\"og:image:type\" content=\"image\/jpeg\" \/>\n<meta name=\"author\" content=\"Werner Deck\" \/>\n<meta name=\"twitter:card\" content=\"summary_large_image\" \/>\n<meta name=\"twitter:label1\" content=\"Verfasst von\" \/>\n\t<meta name=\"twitter:data1\" content=\"Werner Deck\" \/>\n\t<meta name=\"twitter:label2\" content=\"Gesch\u00e4tzte Lesezeit\" \/>\n\t<meta name=\"twitter:data2\" content=\"5\u00a0Minuten\" \/>\n<script type=\"application\/ld+json\" class=\"yoast-schema-graph\">{\"@context\":\"https:\\\/\\\/schema.org\",\"@graph\":[{\"@type\":\"Article\",\"@id\":\"https:\\\/\\\/wernerdeck.de\\\/blog\\\/2025\\\/06\\\/21\\\/mecklenburger-seenplatte-radrundfahrt-2025\\\/#article\",\"isPartOf\":{\"@id\":\"https:\\\/\\\/wernerdeck.de\\\/blog\\\/2025\\\/06\\\/21\\\/mecklenburger-seenplatte-radrundfahrt-2025\\\/\"},\"author\":{\"name\":\"Werner Deck\",\"@id\":\"https:\\\/\\\/wernerdeck.de\\\/blog\\\/#\\\/schema\\\/person\\\/7af62de1f11b0a09297eeb81281e523c\"},\"headline\":\"Seenplatte Radrundfahrt 2025 &#8211; Kultur &#038; Natur zu zweit\",\"datePublished\":\"2025-06-21T10:51:44+00:00\",\"dateModified\":\"2025-07-10T07:46:04+00:00\",\"mainEntityOfPage\":{\"@id\":\"https:\\\/\\\/wernerdeck.de\\\/blog\\\/2025\\\/06\\\/21\\\/mecklenburger-seenplatte-radrundfahrt-2025\\\/\"},\"wordCount\":682,\"commentCount\":0,\"publisher\":{\"@id\":\"https:\\\/\\\/wernerdeck.de\\\/blog\\\/#\\\/schema\\\/person\\\/7af62de1f11b0a09297eeb81281e523c\"},\"image\":{\"@id\":\"https:\\\/\\\/wernerdeck.de\\\/blog\\\/2025\\\/06\\\/21\\\/mecklenburger-seenplatte-radrundfahrt-2025\\\/#primaryimage\"},\"thumbnailUrl\":\"https:\\\/\\\/wernerdeck.de\\\/blog\\\/wp-content\\\/uploads\\\/2025\\\/06\\\/Radtour-Mecklenburger-Seenplatte-Rundkurs-mit-Start-in-Waren-Mueritz-Blogtitel.jpg\",\"keywords\":[\"E-Bike-Rundfahrt\",\"Erich Werner\",\"Komoot\",\"Kulturtour\",\"Radtour\",\"Radtour mit Erich\",\"Seenplatte\",\"Waren (M\u00fcritz)\"],\"articleSection\":[\"E-Bike\",\"Radtouren\",\"Reisebericht\"],\"inLanguage\":\"de\",\"potentialAction\":[{\"@type\":\"CommentAction\",\"name\":\"Comment\",\"target\":[\"https:\\\/\\\/wernerdeck.de\\\/blog\\\/2025\\\/06\\\/21\\\/mecklenburger-seenplatte-radrundfahrt-2025\\\/#respond\"]}]},{\"@type\":\"WebPage\",\"@id\":\"https:\\\/\\\/wernerdeck.de\\\/blog\\\/2025\\\/06\\\/21\\\/mecklenburger-seenplatte-radrundfahrt-2025\\\/\",\"url\":\"https:\\\/\\\/wernerdeck.de\\\/blog\\\/2025\\\/06\\\/21\\\/mecklenburger-seenplatte-radrundfahrt-2025\\\/\",\"name\":\"Seenplatte Radrundfahrt 2025 - Kultur & Natur zu zweit - Privater Blog von Werner Deck\",\"isPartOf\":{\"@id\":\"https:\\\/\\\/wernerdeck.de\\\/blog\\\/#website\"},\"primaryImageOfPage\":{\"@id\":\"https:\\\/\\\/wernerdeck.de\\\/blog\\\/2025\\\/06\\\/21\\\/mecklenburger-seenplatte-radrundfahrt-2025\\\/#primaryimage\"},\"image\":{\"@id\":\"https:\\\/\\\/wernerdeck.de\\\/blog\\\/2025\\\/06\\\/21\\\/mecklenburger-seenplatte-radrundfahrt-2025\\\/#primaryimage\"},\"thumbnailUrl\":\"https:\\\/\\\/wernerdeck.de\\\/blog\\\/wp-content\\\/uploads\\\/2025\\\/06\\\/Radtour-Mecklenburger-Seenplatte-Rundkurs-mit-Start-in-Waren-Mueritz-Blogtitel.jpg\",\"datePublished\":\"2025-06-21T10:51:44+00:00\",\"dateModified\":\"2025-07-10T07:46:04+00:00\",\"description\":\"Die Mecklenburger Seenplatte Radrundfahrt 2025 f\u00fchrt mich und Erich durch Natur, Kultur und Geschichte \u2013 in vier Etappen auf dem E-Bike\",\"breadcrumb\":{\"@id\":\"https:\\\/\\\/wernerdeck.de\\\/blog\\\/2025\\\/06\\\/21\\\/mecklenburger-seenplatte-radrundfahrt-2025\\\/#breadcrumb\"},\"inLanguage\":\"de\",\"potentialAction\":[{\"@type\":\"ReadAction\",\"target\":[\"https:\\\/\\\/wernerdeck.de\\\/blog\\\/2025\\\/06\\\/21\\\/mecklenburger-seenplatte-radrundfahrt-2025\\\/\"]}]},{\"@type\":\"ImageObject\",\"inLanguage\":\"de\",\"@id\":\"https:\\\/\\\/wernerdeck.de\\\/blog\\\/2025\\\/06\\\/21\\\/mecklenburger-seenplatte-radrundfahrt-2025\\\/#primaryimage\",\"url\":\"https:\\\/\\\/wernerdeck.de\\\/blog\\\/wp-content\\\/uploads\\\/2025\\\/06\\\/Radtour-Mecklenburger-Seenplatte-Rundkurs-mit-Start-in-Waren-Mueritz-Blogtitel.jpg\",\"contentUrl\":\"https:\\\/\\\/wernerdeck.de\\\/blog\\\/wp-content\\\/uploads\\\/2025\\\/06\\\/Radtour-Mecklenburger-Seenplatte-Rundkurs-mit-Start-in-Waren-Mueritz-Blogtitel.jpg\",\"width\":1198,\"height\":558,\"caption\":\"Radtour Mecklenburger Seenplatte Rundkurs mit Start in Waren M\u00fcritz Blogtitel\"},{\"@type\":\"BreadcrumbList\",\"@id\":\"https:\\\/\\\/wernerdeck.de\\\/blog\\\/2025\\\/06\\\/21\\\/mecklenburger-seenplatte-radrundfahrt-2025\\\/#breadcrumb\",\"itemListElement\":[{\"@type\":\"ListItem\",\"position\":1,\"name\":\"Startseite\",\"item\":\"https:\\\/\\\/wernerdeck.de\\\/blog\\\/\"},{\"@type\":\"ListItem\",\"position\":2,\"name\":\"Seenplatten-Rundfahrt 2025\"}]},{\"@type\":\"WebSite\",\"@id\":\"https:\\\/\\\/wernerdeck.de\\\/blog\\\/#website\",\"url\":\"https:\\\/\\\/wernerdeck.de\\\/blog\\\/\",\"name\":\"Blog von Werner Deck\",\"description\":\"\",\"publisher\":{\"@id\":\"https:\\\/\\\/wernerdeck.de\\\/blog\\\/#\\\/schema\\\/person\\\/7af62de1f11b0a09297eeb81281e523c\"},\"potentialAction\":[{\"@type\":\"SearchAction\",\"target\":{\"@type\":\"EntryPoint\",\"urlTemplate\":\"https:\\\/\\\/wernerdeck.de\\\/blog\\\/?s={search_term_string}\"},\"query-input\":{\"@type\":\"PropertyValueSpecification\",\"valueRequired\":true,\"valueName\":\"search_term_string\"}}],\"inLanguage\":\"de\"},{\"@type\":[\"Person\",\"Organization\"],\"@id\":\"https:\\\/\\\/wernerdeck.de\\\/blog\\\/#\\\/schema\\\/person\\\/7af62de1f11b0a09297eeb81281e523c\",\"name\":\"Werner Deck\",\"image\":{\"@type\":\"ImageObject\",\"inLanguage\":\"de\",\"@id\":\"https:\\\/\\\/wernerdeck.de\\\/blog\\\/wp-content\\\/uploads\\\/2022\\\/05\\\/Werner-Deck-995x1024.jpg\",\"url\":\"https:\\\/\\\/wernerdeck.de\\\/blog\\\/wp-content\\\/uploads\\\/2022\\\/05\\\/Werner-Deck-995x1024.jpg\",\"contentUrl\":\"https:\\\/\\\/wernerdeck.de\\\/blog\\\/wp-content\\\/uploads\\\/2022\\\/05\\\/Werner-Deck-995x1024.jpg\",\"width\":995,\"height\":1024,\"caption\":\"Werner Deck\"},\"logo\":{\"@id\":\"https:\\\/\\\/wernerdeck.de\\\/blog\\\/wp-content\\\/uploads\\\/2022\\\/05\\\/Werner-Deck-995x1024.jpg\"},\"sameAs\":[\"https:\\\/\\\/wernerdeck.de\\\/blog\",\"https:\\\/\\\/www.facebook.com\\\/werner.deck\\\/\",\"https:\\\/\\\/www.instagram.com\\\/opti_maler_deck\\\/\",\"https:\\\/\\\/www.youtube.com\\\/c\\\/WernerDeck\"],\"url\":\"https:\\\/\\\/wernerdeck.de\\\/blog\\\/author\\\/wernerdeck-de\\\/\"}]}<\/script>\n<!-- \/ Yoast SEO plugin. -->","yoast_head_json":{"title":"Seenplatte Radrundfahrt 2025 - Kultur & Natur zu zweit - Privater Blog von Werner Deck","description":"Die Mecklenburger Seenplatte Radrundfahrt 2025 f\u00fchrt mich und Erich durch Natur, Kultur und Geschichte \u2013 in vier Etappen auf dem E-Bike","robots":{"index":"index","follow":"follow","max-snippet":"max-snippet:-1","max-image-preview":"max-image-preview:large","max-video-preview":"max-video-preview:-1"},"canonical":"https:\/\/wernerdeck.de\/blog\/2025\/06\/21\/mecklenburger-seenplatte-radrundfahrt-2025\/","og_locale":"de_DE","og_type":"article","og_title":"Seenplatte Radrundfahrt 2025 - Kultur & Natur zu zweit - Privater Blog von Werner Deck","og_description":"Die Mecklenburger Seenplatte Radrundfahrt 2025 f\u00fchrt mich und Erich durch Natur, Kultur und Geschichte \u2013 in vier Etappen auf dem E-Bike","og_url":"https:\/\/wernerdeck.de\/blog\/2025\/06\/21\/mecklenburger-seenplatte-radrundfahrt-2025\/","og_site_name":"Privater Blog von Werner Deck","article_publisher":"https:\/\/www.facebook.com\/werner.deck\/","article_author":"https:\/\/www.facebook.com\/werner.deck\/","article_published_time":"2025-06-21T10:51:44+00:00","article_modified_time":"2025-07-10T07:46:04+00:00","og_image":[{"width":1198,"height":558,"url":"https:\/\/wernerdeck.de\/blog\/wp-content\/uploads\/2025\/06\/Radtour-Mecklenburger-Seenplatte-Rundkurs-mit-Start-in-Waren-Mueritz-Blogtitel.jpg","type":"image\/jpeg"}],"author":"Werner Deck","twitter_card":"summary_large_image","twitter_misc":{"Verfasst von":"Werner Deck","Gesch\u00e4tzte Lesezeit":"5\u00a0Minuten"},"schema":{"@context":"https:\/\/schema.org","@graph":[{"@type":"Article","@id":"https:\/\/wernerdeck.de\/blog\/2025\/06\/21\/mecklenburger-seenplatte-radrundfahrt-2025\/#article","isPartOf":{"@id":"https:\/\/wernerdeck.de\/blog\/2025\/06\/21\/mecklenburger-seenplatte-radrundfahrt-2025\/"},"author":{"name":"Werner Deck","@id":"https:\/\/wernerdeck.de\/blog\/#\/schema\/person\/7af62de1f11b0a09297eeb81281e523c"},"headline":"Seenplatte Radrundfahrt 2025 &#8211; Kultur &#038; Natur zu zweit","datePublished":"2025-06-21T10:51:44+00:00","dateModified":"2025-07-10T07:46:04+00:00","mainEntityOfPage":{"@id":"https:\/\/wernerdeck.de\/blog\/2025\/06\/21\/mecklenburger-seenplatte-radrundfahrt-2025\/"},"wordCount":682,"commentCount":0,"publisher":{"@id":"https:\/\/wernerdeck.de\/blog\/#\/schema\/person\/7af62de1f11b0a09297eeb81281e523c"},"image":{"@id":"https:\/\/wernerdeck.de\/blog\/2025\/06\/21\/mecklenburger-seenplatte-radrundfahrt-2025\/#primaryimage"},"thumbnailUrl":"https:\/\/wernerdeck.de\/blog\/wp-content\/uploads\/2025\/06\/Radtour-Mecklenburger-Seenplatte-Rundkurs-mit-Start-in-Waren-Mueritz-Blogtitel.jpg","keywords":["E-Bike-Rundfahrt","Erich Werner","Komoot","Kulturtour","Radtour","Radtour mit Erich","Seenplatte","Waren (M\u00fcritz)"],"articleSection":["E-Bike","Radtouren","Reisebericht"],"inLanguage":"de","potentialAction":[{"@type":"CommentAction","name":"Comment","target":["https:\/\/wernerdeck.de\/blog\/2025\/06\/21\/mecklenburger-seenplatte-radrundfahrt-2025\/#respond"]}]},{"@type":"WebPage","@id":"https:\/\/wernerdeck.de\/blog\/2025\/06\/21\/mecklenburger-seenplatte-radrundfahrt-2025\/","url":"https:\/\/wernerdeck.de\/blog\/2025\/06\/21\/mecklenburger-seenplatte-radrundfahrt-2025\/","name":"Seenplatte Radrundfahrt 2025 - Kultur & Natur zu zweit - Privater Blog von Werner Deck","isPartOf":{"@id":"https:\/\/wernerdeck.de\/blog\/#website"},"primaryImageOfPage":{"@id":"https:\/\/wernerdeck.de\/blog\/2025\/06\/21\/mecklenburger-seenplatte-radrundfahrt-2025\/#primaryimage"},"image":{"@id":"https:\/\/wernerdeck.de\/blog\/2025\/06\/21\/mecklenburger-seenplatte-radrundfahrt-2025\/#primaryimage"},"thumbnailUrl":"https:\/\/wernerdeck.de\/blog\/wp-content\/uploads\/2025\/06\/Radtour-Mecklenburger-Seenplatte-Rundkurs-mit-Start-in-Waren-Mueritz-Blogtitel.jpg","datePublished":"2025-06-21T10:51:44+00:00","dateModified":"2025-07-10T07:46:04+00:00","description":"Die Mecklenburger Seenplatte Radrundfahrt 2025 f\u00fchrt mich und Erich durch Natur, Kultur und Geschichte \u2013 in vier Etappen auf dem E-Bike","breadcrumb":{"@id":"https:\/\/wernerdeck.de\/blog\/2025\/06\/21\/mecklenburger-seenplatte-radrundfahrt-2025\/#breadcrumb"},"inLanguage":"de","potentialAction":[{"@type":"ReadAction","target":["https:\/\/wernerdeck.de\/blog\/2025\/06\/21\/mecklenburger-seenplatte-radrundfahrt-2025\/"]}]},{"@type":"ImageObject","inLanguage":"de","@id":"https:\/\/wernerdeck.de\/blog\/2025\/06\/21\/mecklenburger-seenplatte-radrundfahrt-2025\/#primaryimage","url":"https:\/\/wernerdeck.de\/blog\/wp-content\/uploads\/2025\/06\/Radtour-Mecklenburger-Seenplatte-Rundkurs-mit-Start-in-Waren-Mueritz-Blogtitel.jpg","contentUrl":"https:\/\/wernerdeck.de\/blog\/wp-content\/uploads\/2025\/06\/Radtour-Mecklenburger-Seenplatte-Rundkurs-mit-Start-in-Waren-Mueritz-Blogtitel.jpg","width":1198,"height":558,"caption":"Radtour Mecklenburger Seenplatte Rundkurs mit Start in Waren M\u00fcritz Blogtitel"},{"@type":"BreadcrumbList","@id":"https:\/\/wernerdeck.de\/blog\/2025\/06\/21\/mecklenburger-seenplatte-radrundfahrt-2025\/#breadcrumb","itemListElement":[{"@type":"ListItem","position":1,"name":"Startseite","item":"https:\/\/wernerdeck.de\/blog\/"},{"@type":"ListItem","position":2,"name":"Seenplatten-Rundfahrt 2025"}]},{"@type":"WebSite","@id":"https:\/\/wernerdeck.de\/blog\/#website","url":"https:\/\/wernerdeck.de\/blog\/","name":"Blog von Werner Deck","description":"","publisher":{"@id":"https:\/\/wernerdeck.de\/blog\/#\/schema\/person\/7af62de1f11b0a09297eeb81281e523c"},"potentialAction":[{"@type":"SearchAction","target":{"@type":"EntryPoint","urlTemplate":"https:\/\/wernerdeck.de\/blog\/?s={search_term_string}"},"query-input":{"@type":"PropertyValueSpecification","valueRequired":true,"valueName":"search_term_string"}}],"inLanguage":"de"},{"@type":["Person","Organization"],"@id":"https:\/\/wernerdeck.de\/blog\/#\/schema\/person\/7af62de1f11b0a09297eeb81281e523c","name":"Werner Deck","image":{"@type":"ImageObject","inLanguage":"de","@id":"https:\/\/wernerdeck.de\/blog\/wp-content\/uploads\/2022\/05\/Werner-Deck-995x1024.jpg","url":"https:\/\/wernerdeck.de\/blog\/wp-content\/uploads\/2022\/05\/Werner-Deck-995x1024.jpg","contentUrl":"https:\/\/wernerdeck.de\/blog\/wp-content\/uploads\/2022\/05\/Werner-Deck-995x1024.jpg","width":995,"height":1024,"caption":"Werner Deck"},"logo":{"@id":"https:\/\/wernerdeck.de\/blog\/wp-content\/uploads\/2022\/05\/Werner-Deck-995x1024.jpg"},"sameAs":["https:\/\/wernerdeck.de\/blog","https:\/\/www.facebook.com\/werner.deck\/","https:\/\/www.instagram.com\/opti_maler_deck\/","https:\/\/www.youtube.com\/c\/WernerDeck"],"url":"https:\/\/wernerdeck.de\/blog\/author\/wernerdeck-de\/"}]}},"_links":{"self":[{"href":"https:\/\/wernerdeck.de\/blog\/wp-json\/wp\/v2\/posts\/27106","targetHints":{"allow":["GET"]}}],"collection":[{"href":"https:\/\/wernerdeck.de\/blog\/wp-json\/wp\/v2\/posts"}],"about":[{"href":"https:\/\/wernerdeck.de\/blog\/wp-json\/wp\/v2\/types\/post"}],"author":[{"embeddable":true,"href":"https:\/\/wernerdeck.de\/blog\/wp-json\/wp\/v2\/users\/1"}],"replies":[{"embeddable":true,"href":"https:\/\/wernerdeck.de\/blog\/wp-json\/wp\/v2\/comments?post=27106"}],"version-history":[{"count":0,"href":"https:\/\/wernerdeck.de\/blog\/wp-json\/wp\/v2\/posts\/27106\/revisions"}],"wp:featuredmedia":[{"embeddable":true,"href":"https:\/\/wernerdeck.de\/blog\/wp-json\/wp\/v2\/media\/27181"}],"wp:attachment":[{"href":"https:\/\/wernerdeck.de\/blog\/wp-json\/wp\/v2\/media?parent=27106"}],"wp:term":[{"taxonomy":"category","embeddable":true,"href":"https:\/\/wernerdeck.de\/blog\/wp-json\/wp\/v2\/categories?post=27106"},{"taxonomy":"post_tag","embeddable":true,"href":"https:\/\/wernerdeck.de\/blog\/wp-json\/wp\/v2\/tags?post=27106"}],"curies":[{"name":"wp","href":"https:\/\/api.w.org\/{rel}","templated":true}]}}