{"id":2499,"date":"2022-11-15T10:28:35","date_gmt":"2022-11-15T09:28:35","guid":{"rendered":"https:\/\/wernerdeck.de\/blog\/?p=2499"},"modified":"2022-11-15T10:31:00","modified_gmt":"2022-11-15T09:31:00","slug":"weil-ich-erkaeltet-war-bekam-ich-erst-heute-meine-grippeschutzimpfung","status":"publish","type":"post","link":"https:\/\/wernerdeck.de\/blog\/2022\/11\/15\/weil-ich-erkaeltet-war-bekam-ich-erst-heute-meine-grippeschutzimpfung\/","title":{"rendered":"Weil ich erk\u00e4ltet war, bekam ich erst heute meine Grippeschutzimpfung"},"content":{"rendered":"<p>Weil ich erk\u00e4ltet war, konnte ich erst heute meine j\u00e4hrliche Grippeimpfung erhalten.<\/p>\n<p><img loading=\"lazy\" decoding=\"async\" class=\"aligncenter size-full wp-image-2501\" src=\"https:\/\/wernerdeck.de\/blog\/wp-content\/uploads\/2022\/11\/Rezept-fuer-Grippeschutzimpfung.jpg\" alt=\"Rezept f\u00fcr Grippeschutzimpfung\" width=\"2000\" height=\"977\" srcset=\"https:\/\/wernerdeck.de\/blog\/wp-content\/uploads\/2022\/11\/Rezept-fuer-Grippeschutzimpfung.jpg 2000w, https:\/\/wernerdeck.de\/blog\/wp-content\/uploads\/2022\/11\/Rezept-fuer-Grippeschutzimpfung-300x147.jpg 300w, https:\/\/wernerdeck.de\/blog\/wp-content\/uploads\/2022\/11\/Rezept-fuer-Grippeschutzimpfung-1024x500.jpg 1024w, https:\/\/wernerdeck.de\/blog\/wp-content\/uploads\/2022\/11\/Rezept-fuer-Grippeschutzimpfung-768x375.jpg 768w, https:\/\/wernerdeck.de\/blog\/wp-content\/uploads\/2022\/11\/Rezept-fuer-Grippeschutzimpfung-1536x750.jpg 1536w\" sizes=\"auto, (max-width: 2000px) 100vw, 2000px\" \/><\/p>\n<p>Normaler j\u00e4hrlicher Turnus ist immer Mitte\/Ende Oktober.<\/p>\n<h3 style=\"text-align: center;\">Weil ich erk\u00e4ltet war, bekam ich erst heute meine Grippeschutzimpfung.<\/h3>\n<figure id=\"attachment_2502\" aria-describedby=\"caption-attachment-2502\" style=\"width: 1990px\" class=\"wp-caption aligncenter\"><img loading=\"lazy\" decoding=\"async\" class=\"wp-image-2502 size-full\" src=\"https:\/\/wernerdeck.de\/blog\/wp-content\/uploads\/2022\/11\/Eintrag-im-Impfbuch.jpg\" alt=\"Eintrag im Impfbuch\" width=\"2000\" height=\"695\" srcset=\"https:\/\/wernerdeck.de\/blog\/wp-content\/uploads\/2022\/11\/Eintrag-im-Impfbuch.jpg 2000w, https:\/\/wernerdeck.de\/blog\/wp-content\/uploads\/2022\/11\/Eintrag-im-Impfbuch-300x104.jpg 300w, https:\/\/wernerdeck.de\/blog\/wp-content\/uploads\/2022\/11\/Eintrag-im-Impfbuch-1024x356.jpg 1024w, https:\/\/wernerdeck.de\/blog\/wp-content\/uploads\/2022\/11\/Eintrag-im-Impfbuch-768x267.jpg 768w, https:\/\/wernerdeck.de\/blog\/wp-content\/uploads\/2022\/11\/Eintrag-im-Impfbuch-1536x534.jpg 1536w\" sizes=\"auto, (max-width: 2000px) 100vw, 2000px\" \/><figcaption id=\"caption-attachment-2502\" class=\"wp-caption-text\">Eintrag im Impfbuch<\/figcaption><\/figure>\n<p>Im Impfbuch lie\u00df ich gleichzeitig nachschauen, wann die n\u00e4chsten Impfungen anstehen. Au\u00dfer f\u00fcr Grippe wird das erst wieder in 2024 sein. <span class=\"x3nfvp2 x1j61x8r x1fcty0u xdj266r xhhsvwb xat24cr xgzva0m xxymvpz xlup9mm x1kky2od\"><img loading=\"lazy\" decoding=\"async\" src=\"https:\/\/static.xx.fbcdn.net\/images\/emoji.php\/v9\/t27\/1.5\/16\/1f600.png\" alt=\"\ud83d\ude00\" width=\"16\" height=\"16\" \/><\/span><\/p>\n<p><img loading=\"lazy\" decoding=\"async\" class=\"aligncenter size-full wp-image-2503\" src=\"https:\/\/wernerdeck.de\/blog\/wp-content\/uploads\/2022\/11\/Naechste-Impfungen-erst-wieder-in-2024.jpg\" alt=\"N\u00e4chste Impfungen erst wieder in 2024\" width=\"2000\" height=\"2344\" srcset=\"https:\/\/wernerdeck.de\/blog\/wp-content\/uploads\/2022\/11\/Naechste-Impfungen-erst-wieder-in-2024.jpg 2000w, https:\/\/wernerdeck.de\/blog\/wp-content\/uploads\/2022\/11\/Naechste-Impfungen-erst-wieder-in-2024-256x300.jpg 256w, https:\/\/wernerdeck.de\/blog\/wp-content\/uploads\/2022\/11\/Naechste-Impfungen-erst-wieder-in-2024-874x1024.jpg 874w, https:\/\/wernerdeck.de\/blog\/wp-content\/uploads\/2022\/11\/Naechste-Impfungen-erst-wieder-in-2024-768x900.jpg 768w, https:\/\/wernerdeck.de\/blog\/wp-content\/uploads\/2022\/11\/Naechste-Impfungen-erst-wieder-in-2024-1311x1536.jpg 1311w, https:\/\/wernerdeck.de\/blog\/wp-content\/uploads\/2022\/11\/Naechste-Impfungen-erst-wieder-in-2024-1747x2048.jpg 1747w\" sizes=\"auto, (max-width: 2000px) 100vw, 2000px\" \/><\/p>\n","protected":false},"excerpt":{"rendered":"<p>Weil ich erk\u00e4ltet war, konnte ich erst heute meine j\u00e4hrliche Grippeimpfung erhalten. Normaler j\u00e4hrlicher Turnus ist immer Mitte\/Ende Oktober. Weil ich erk\u00e4ltet war, bekam ich erst heute meine Grippeschutzimpfung. Im Impfbuch lie\u00df ich gleichzeitig nachschauen, wann die n\u00e4chsten Impfungen anstehen. Au\u00dfer f\u00fcr Grippe wird das erst wieder in 2024 sein.<\/p>\n","protected":false},"author":1,"featured_media":2502,"comment_status":"open","ping_status":"open","sticky":false,"template":"","format":"standard","meta":{"ngg_post_thumbnail":0,"footnotes":""},"categories":[62],"tags":[],"class_list":["post-2499","post","type-post","status-publish","format-standard","has-post-thumbnail","hentry","category-privat"],"yoast_head":"<!-- This site is optimized with the Yoast SEO plugin v27.4 - https:\/\/yoast.com\/product\/yoast-seo-wordpress\/ -->\n<title>Weil ich erk\u00e4ltet war, bekam ich erst heute meine Grippeschutzimpfung - Privater Blog von Werner Deck<\/title>\n<meta name=\"description\" content=\"Wegen einer Erk\u00e4ltung konnte ich erst heute meine j\u00e4hrliche Grippeschutzimpfung erhalten. Normaler Turnus ist immer Mitte\/Ende Oktober.\" \/>\n<meta name=\"robots\" content=\"index, follow, max-snippet:-1, max-image-preview:large, max-video-preview:-1\" \/>\n<link rel=\"canonical\" href=\"https:\/\/wernerdeck.de\/blog\/2022\/11\/15\/weil-ich-erkaeltet-war-bekam-ich-erst-heute-meine-grippeschutzimpfung\/\" \/>\n<meta property=\"og:locale\" content=\"de_DE\" \/>\n<meta property=\"og:type\" content=\"article\" \/>\n<meta property=\"og:title\" content=\"Weil ich erk\u00e4ltet war, bekam ich erst heute meine Grippeschutzimpfung - Privater Blog von Werner Deck\" \/>\n<meta property=\"og:description\" content=\"Wegen einer Erk\u00e4ltung konnte ich erst heute meine j\u00e4hrliche Grippeschutzimpfung erhalten. Normaler Turnus ist immer Mitte\/Ende Oktober.\" \/>\n<meta property=\"og:url\" content=\"https:\/\/wernerdeck.de\/blog\/2022\/11\/15\/weil-ich-erkaeltet-war-bekam-ich-erst-heute-meine-grippeschutzimpfung\/\" \/>\n<meta property=\"og:site_name\" content=\"Privater Blog von Werner Deck\" \/>\n<meta property=\"article:publisher\" content=\"https:\/\/www.facebook.com\/werner.deck\/\" \/>\n<meta property=\"article:author\" content=\"https:\/\/www.facebook.com\/werner.deck\/\" \/>\n<meta property=\"article:published_time\" content=\"2022-11-15T09:28:35+00:00\" \/>\n<meta property=\"article:modified_time\" content=\"2022-11-15T09:31:00+00:00\" \/>\n<meta property=\"og:image\" content=\"https:\/\/wernerdeck.de\/blog\/wp-content\/uploads\/2022\/11\/Eintrag-im-Impfbuch.jpg\" \/>\n\t<meta property=\"og:image:width\" content=\"2000\" \/>\n\t<meta property=\"og:image:height\" content=\"695\" \/>\n\t<meta property=\"og:image:type\" content=\"image\/jpeg\" \/>\n<meta name=\"author\" content=\"Werner Deck\" \/>\n<meta name=\"twitter:card\" content=\"summary_large_image\" \/>\n<meta name=\"twitter:label1\" content=\"Verfasst von\" \/>\n\t<meta name=\"twitter:data1\" content=\"Werner Deck\" \/>\n\t<meta name=\"twitter:label2\" content=\"Gesch\u00e4tzte Lesezeit\" \/>\n\t<meta name=\"twitter:data2\" content=\"2\u00a0Minuten\" \/>\n<script type=\"application\/ld+json\" class=\"yoast-schema-graph\">{\"@context\":\"https:\\\/\\\/schema.org\",\"@graph\":[{\"@type\":\"Article\",\"@id\":\"https:\\\/\\\/wernerdeck.de\\\/blog\\\/2022\\\/11\\\/15\\\/weil-ich-erkaeltet-war-bekam-ich-erst-heute-meine-grippeschutzimpfung\\\/#article\",\"isPartOf\":{\"@id\":\"https:\\\/\\\/wernerdeck.de\\\/blog\\\/2022\\\/11\\\/15\\\/weil-ich-erkaeltet-war-bekam-ich-erst-heute-meine-grippeschutzimpfung\\\/\"},\"author\":{\"name\":\"Werner Deck\",\"@id\":\"https:\\\/\\\/wernerdeck.de\\\/blog\\\/#\\\/schema\\\/person\\\/7af62de1f11b0a09297eeb81281e523c\"},\"headline\":\"Weil ich erk\u00e4ltet war, bekam ich erst heute meine Grippeschutzimpfung\",\"datePublished\":\"2022-11-15T09:28:35+00:00\",\"dateModified\":\"2022-11-15T09:31:00+00:00\",\"mainEntityOfPage\":{\"@id\":\"https:\\\/\\\/wernerdeck.de\\\/blog\\\/2022\\\/11\\\/15\\\/weil-ich-erkaeltet-war-bekam-ich-erst-heute-meine-grippeschutzimpfung\\\/\"},\"wordCount\":78,\"commentCount\":0,\"publisher\":{\"@id\":\"https:\\\/\\\/wernerdeck.de\\\/blog\\\/#\\\/schema\\\/person\\\/7af62de1f11b0a09297eeb81281e523c\"},\"image\":{\"@id\":\"https:\\\/\\\/wernerdeck.de\\\/blog\\\/2022\\\/11\\\/15\\\/weil-ich-erkaeltet-war-bekam-ich-erst-heute-meine-grippeschutzimpfung\\\/#primaryimage\"},\"thumbnailUrl\":\"https:\\\/\\\/wernerdeck.de\\\/blog\\\/wp-content\\\/uploads\\\/2022\\\/11\\\/Eintrag-im-Impfbuch.jpg\",\"articleSection\":[\"Privat\"],\"inLanguage\":\"de\",\"potentialAction\":[{\"@type\":\"CommentAction\",\"name\":\"Comment\",\"target\":[\"https:\\\/\\\/wernerdeck.de\\\/blog\\\/2022\\\/11\\\/15\\\/weil-ich-erkaeltet-war-bekam-ich-erst-heute-meine-grippeschutzimpfung\\\/#respond\"]}]},{\"@type\":\"WebPage\",\"@id\":\"https:\\\/\\\/wernerdeck.de\\\/blog\\\/2022\\\/11\\\/15\\\/weil-ich-erkaeltet-war-bekam-ich-erst-heute-meine-grippeschutzimpfung\\\/\",\"url\":\"https:\\\/\\\/wernerdeck.de\\\/blog\\\/2022\\\/11\\\/15\\\/weil-ich-erkaeltet-war-bekam-ich-erst-heute-meine-grippeschutzimpfung\\\/\",\"name\":\"Weil ich erk\u00e4ltet war, bekam ich erst heute meine Grippeschutzimpfung - Privater Blog von Werner Deck\",\"isPartOf\":{\"@id\":\"https:\\\/\\\/wernerdeck.de\\\/blog\\\/#website\"},\"primaryImageOfPage\":{\"@id\":\"https:\\\/\\\/wernerdeck.de\\\/blog\\\/2022\\\/11\\\/15\\\/weil-ich-erkaeltet-war-bekam-ich-erst-heute-meine-grippeschutzimpfung\\\/#primaryimage\"},\"image\":{\"@id\":\"https:\\\/\\\/wernerdeck.de\\\/blog\\\/2022\\\/11\\\/15\\\/weil-ich-erkaeltet-war-bekam-ich-erst-heute-meine-grippeschutzimpfung\\\/#primaryimage\"},\"thumbnailUrl\":\"https:\\\/\\\/wernerdeck.de\\\/blog\\\/wp-content\\\/uploads\\\/2022\\\/11\\\/Eintrag-im-Impfbuch.jpg\",\"datePublished\":\"2022-11-15T09:28:35+00:00\",\"dateModified\":\"2022-11-15T09:31:00+00:00\",\"description\":\"Wegen einer Erk\u00e4ltung konnte ich erst heute meine j\u00e4hrliche Grippeschutzimpfung erhalten. Normaler Turnus ist immer Mitte\\\/Ende Oktober.\",\"breadcrumb\":{\"@id\":\"https:\\\/\\\/wernerdeck.de\\\/blog\\\/2022\\\/11\\\/15\\\/weil-ich-erkaeltet-war-bekam-ich-erst-heute-meine-grippeschutzimpfung\\\/#breadcrumb\"},\"inLanguage\":\"de\",\"potentialAction\":[{\"@type\":\"ReadAction\",\"target\":[\"https:\\\/\\\/wernerdeck.de\\\/blog\\\/2022\\\/11\\\/15\\\/weil-ich-erkaeltet-war-bekam-ich-erst-heute-meine-grippeschutzimpfung\\\/\"]}]},{\"@type\":\"ImageObject\",\"inLanguage\":\"de\",\"@id\":\"https:\\\/\\\/wernerdeck.de\\\/blog\\\/2022\\\/11\\\/15\\\/weil-ich-erkaeltet-war-bekam-ich-erst-heute-meine-grippeschutzimpfung\\\/#primaryimage\",\"url\":\"https:\\\/\\\/wernerdeck.de\\\/blog\\\/wp-content\\\/uploads\\\/2022\\\/11\\\/Eintrag-im-Impfbuch.jpg\",\"contentUrl\":\"https:\\\/\\\/wernerdeck.de\\\/blog\\\/wp-content\\\/uploads\\\/2022\\\/11\\\/Eintrag-im-Impfbuch.jpg\",\"width\":2000,\"height\":695,\"caption\":\"Eintrag im Impfbuch\"},{\"@type\":\"BreadcrumbList\",\"@id\":\"https:\\\/\\\/wernerdeck.de\\\/blog\\\/2022\\\/11\\\/15\\\/weil-ich-erkaeltet-war-bekam-ich-erst-heute-meine-grippeschutzimpfung\\\/#breadcrumb\",\"itemListElement\":[{\"@type\":\"ListItem\",\"position\":1,\"name\":\"Startseite\",\"item\":\"https:\\\/\\\/wernerdeck.de\\\/blog\\\/\"},{\"@type\":\"ListItem\",\"position\":2,\"name\":\"Weil ich erk\u00e4ltet war, bekam ich erst heute meine Grippeschutzimpfung\"}]},{\"@type\":\"WebSite\",\"@id\":\"https:\\\/\\\/wernerdeck.de\\\/blog\\\/#website\",\"url\":\"https:\\\/\\\/wernerdeck.de\\\/blog\\\/\",\"name\":\"Blog von Werner Deck\",\"description\":\"\",\"publisher\":{\"@id\":\"https:\\\/\\\/wernerdeck.de\\\/blog\\\/#\\\/schema\\\/person\\\/7af62de1f11b0a09297eeb81281e523c\"},\"potentialAction\":[{\"@type\":\"SearchAction\",\"target\":{\"@type\":\"EntryPoint\",\"urlTemplate\":\"https:\\\/\\\/wernerdeck.de\\\/blog\\\/?s={search_term_string}\"},\"query-input\":{\"@type\":\"PropertyValueSpecification\",\"valueRequired\":true,\"valueName\":\"search_term_string\"}}],\"inLanguage\":\"de\"},{\"@type\":[\"Person\",\"Organization\"],\"@id\":\"https:\\\/\\\/wernerdeck.de\\\/blog\\\/#\\\/schema\\\/person\\\/7af62de1f11b0a09297eeb81281e523c\",\"name\":\"Werner Deck\",\"image\":{\"@type\":\"ImageObject\",\"inLanguage\":\"de\",\"@id\":\"https:\\\/\\\/wernerdeck.de\\\/blog\\\/wp-content\\\/uploads\\\/2022\\\/05\\\/Werner-Deck-995x1024.jpg\",\"url\":\"https:\\\/\\\/wernerdeck.de\\\/blog\\\/wp-content\\\/uploads\\\/2022\\\/05\\\/Werner-Deck-995x1024.jpg\",\"contentUrl\":\"https:\\\/\\\/wernerdeck.de\\\/blog\\\/wp-content\\\/uploads\\\/2022\\\/05\\\/Werner-Deck-995x1024.jpg\",\"width\":995,\"height\":1024,\"caption\":\"Werner Deck\"},\"logo\":{\"@id\":\"https:\\\/\\\/wernerdeck.de\\\/blog\\\/wp-content\\\/uploads\\\/2022\\\/05\\\/Werner-Deck-995x1024.jpg\"},\"sameAs\":[\"https:\\\/\\\/wernerdeck.de\\\/blog\",\"https:\\\/\\\/www.facebook.com\\\/werner.deck\\\/\",\"https:\\\/\\\/www.instagram.com\\\/opti_maler_deck\\\/\",\"https:\\\/\\\/www.youtube.com\\\/c\\\/WernerDeck\"],\"url\":\"https:\\\/\\\/wernerdeck.de\\\/blog\\\/author\\\/wernerdeck-de\\\/\"}]}<\/script>\n<!-- \/ Yoast SEO plugin. -->","yoast_head_json":{"title":"Weil ich erk\u00e4ltet war, bekam ich erst heute meine Grippeschutzimpfung - Privater Blog von Werner Deck","description":"Wegen einer Erk\u00e4ltung konnte ich erst heute meine j\u00e4hrliche Grippeschutzimpfung erhalten. Normaler Turnus ist immer Mitte\/Ende Oktober.","robots":{"index":"index","follow":"follow","max-snippet":"max-snippet:-1","max-image-preview":"max-image-preview:large","max-video-preview":"max-video-preview:-1"},"canonical":"https:\/\/wernerdeck.de\/blog\/2022\/11\/15\/weil-ich-erkaeltet-war-bekam-ich-erst-heute-meine-grippeschutzimpfung\/","og_locale":"de_DE","og_type":"article","og_title":"Weil ich erk\u00e4ltet war, bekam ich erst heute meine Grippeschutzimpfung - Privater Blog von Werner Deck","og_description":"Wegen einer Erk\u00e4ltung konnte ich erst heute meine j\u00e4hrliche Grippeschutzimpfung erhalten. Normaler Turnus ist immer Mitte\/Ende Oktober.","og_url":"https:\/\/wernerdeck.de\/blog\/2022\/11\/15\/weil-ich-erkaeltet-war-bekam-ich-erst-heute-meine-grippeschutzimpfung\/","og_site_name":"Privater Blog von Werner Deck","article_publisher":"https:\/\/www.facebook.com\/werner.deck\/","article_author":"https:\/\/www.facebook.com\/werner.deck\/","article_published_time":"2022-11-15T09:28:35+00:00","article_modified_time":"2022-11-15T09:31:00+00:00","og_image":[{"width":2000,"height":695,"url":"https:\/\/wernerdeck.de\/blog\/wp-content\/uploads\/2022\/11\/Eintrag-im-Impfbuch.jpg","type":"image\/jpeg"}],"author":"Werner Deck","twitter_card":"summary_large_image","twitter_misc":{"Verfasst von":"Werner Deck","Gesch\u00e4tzte Lesezeit":"2\u00a0Minuten"},"schema":{"@context":"https:\/\/schema.org","@graph":[{"@type":"Article","@id":"https:\/\/wernerdeck.de\/blog\/2022\/11\/15\/weil-ich-erkaeltet-war-bekam-ich-erst-heute-meine-grippeschutzimpfung\/#article","isPartOf":{"@id":"https:\/\/wernerdeck.de\/blog\/2022\/11\/15\/weil-ich-erkaeltet-war-bekam-ich-erst-heute-meine-grippeschutzimpfung\/"},"author":{"name":"Werner Deck","@id":"https:\/\/wernerdeck.de\/blog\/#\/schema\/person\/7af62de1f11b0a09297eeb81281e523c"},"headline":"Weil ich erk\u00e4ltet war, bekam ich erst heute meine Grippeschutzimpfung","datePublished":"2022-11-15T09:28:35+00:00","dateModified":"2022-11-15T09:31:00+00:00","mainEntityOfPage":{"@id":"https:\/\/wernerdeck.de\/blog\/2022\/11\/15\/weil-ich-erkaeltet-war-bekam-ich-erst-heute-meine-grippeschutzimpfung\/"},"wordCount":78,"commentCount":0,"publisher":{"@id":"https:\/\/wernerdeck.de\/blog\/#\/schema\/person\/7af62de1f11b0a09297eeb81281e523c"},"image":{"@id":"https:\/\/wernerdeck.de\/blog\/2022\/11\/15\/weil-ich-erkaeltet-war-bekam-ich-erst-heute-meine-grippeschutzimpfung\/#primaryimage"},"thumbnailUrl":"https:\/\/wernerdeck.de\/blog\/wp-content\/uploads\/2022\/11\/Eintrag-im-Impfbuch.jpg","articleSection":["Privat"],"inLanguage":"de","potentialAction":[{"@type":"CommentAction","name":"Comment","target":["https:\/\/wernerdeck.de\/blog\/2022\/11\/15\/weil-ich-erkaeltet-war-bekam-ich-erst-heute-meine-grippeschutzimpfung\/#respond"]}]},{"@type":"WebPage","@id":"https:\/\/wernerdeck.de\/blog\/2022\/11\/15\/weil-ich-erkaeltet-war-bekam-ich-erst-heute-meine-grippeschutzimpfung\/","url":"https:\/\/wernerdeck.de\/blog\/2022\/11\/15\/weil-ich-erkaeltet-war-bekam-ich-erst-heute-meine-grippeschutzimpfung\/","name":"Weil ich erk\u00e4ltet war, bekam ich erst heute meine Grippeschutzimpfung - Privater Blog von Werner Deck","isPartOf":{"@id":"https:\/\/wernerdeck.de\/blog\/#website"},"primaryImageOfPage":{"@id":"https:\/\/wernerdeck.de\/blog\/2022\/11\/15\/weil-ich-erkaeltet-war-bekam-ich-erst-heute-meine-grippeschutzimpfung\/#primaryimage"},"image":{"@id":"https:\/\/wernerdeck.de\/blog\/2022\/11\/15\/weil-ich-erkaeltet-war-bekam-ich-erst-heute-meine-grippeschutzimpfung\/#primaryimage"},"thumbnailUrl":"https:\/\/wernerdeck.de\/blog\/wp-content\/uploads\/2022\/11\/Eintrag-im-Impfbuch.jpg","datePublished":"2022-11-15T09:28:35+00:00","dateModified":"2022-11-15T09:31:00+00:00","description":"Wegen einer Erk\u00e4ltung konnte ich erst heute meine j\u00e4hrliche Grippeschutzimpfung erhalten. Normaler Turnus ist immer Mitte\/Ende Oktober.","breadcrumb":{"@id":"https:\/\/wernerdeck.de\/blog\/2022\/11\/15\/weil-ich-erkaeltet-war-bekam-ich-erst-heute-meine-grippeschutzimpfung\/#breadcrumb"},"inLanguage":"de","potentialAction":[{"@type":"ReadAction","target":["https:\/\/wernerdeck.de\/blog\/2022\/11\/15\/weil-ich-erkaeltet-war-bekam-ich-erst-heute-meine-grippeschutzimpfung\/"]}]},{"@type":"ImageObject","inLanguage":"de","@id":"https:\/\/wernerdeck.de\/blog\/2022\/11\/15\/weil-ich-erkaeltet-war-bekam-ich-erst-heute-meine-grippeschutzimpfung\/#primaryimage","url":"https:\/\/wernerdeck.de\/blog\/wp-content\/uploads\/2022\/11\/Eintrag-im-Impfbuch.jpg","contentUrl":"https:\/\/wernerdeck.de\/blog\/wp-content\/uploads\/2022\/11\/Eintrag-im-Impfbuch.jpg","width":2000,"height":695,"caption":"Eintrag im Impfbuch"},{"@type":"BreadcrumbList","@id":"https:\/\/wernerdeck.de\/blog\/2022\/11\/15\/weil-ich-erkaeltet-war-bekam-ich-erst-heute-meine-grippeschutzimpfung\/#breadcrumb","itemListElement":[{"@type":"ListItem","position":1,"name":"Startseite","item":"https:\/\/wernerdeck.de\/blog\/"},{"@type":"ListItem","position":2,"name":"Weil ich erk\u00e4ltet war, bekam ich erst heute meine Grippeschutzimpfung"}]},{"@type":"WebSite","@id":"https:\/\/wernerdeck.de\/blog\/#website","url":"https:\/\/wernerdeck.de\/blog\/","name":"Blog von Werner Deck","description":"","publisher":{"@id":"https:\/\/wernerdeck.de\/blog\/#\/schema\/person\/7af62de1f11b0a09297eeb81281e523c"},"potentialAction":[{"@type":"SearchAction","target":{"@type":"EntryPoint","urlTemplate":"https:\/\/wernerdeck.de\/blog\/?s={search_term_string}"},"query-input":{"@type":"PropertyValueSpecification","valueRequired":true,"valueName":"search_term_string"}}],"inLanguage":"de"},{"@type":["Person","Organization"],"@id":"https:\/\/wernerdeck.de\/blog\/#\/schema\/person\/7af62de1f11b0a09297eeb81281e523c","name":"Werner Deck","image":{"@type":"ImageObject","inLanguage":"de","@id":"https:\/\/wernerdeck.de\/blog\/wp-content\/uploads\/2022\/05\/Werner-Deck-995x1024.jpg","url":"https:\/\/wernerdeck.de\/blog\/wp-content\/uploads\/2022\/05\/Werner-Deck-995x1024.jpg","contentUrl":"https:\/\/wernerdeck.de\/blog\/wp-content\/uploads\/2022\/05\/Werner-Deck-995x1024.jpg","width":995,"height":1024,"caption":"Werner Deck"},"logo":{"@id":"https:\/\/wernerdeck.de\/blog\/wp-content\/uploads\/2022\/05\/Werner-Deck-995x1024.jpg"},"sameAs":["https:\/\/wernerdeck.de\/blog","https:\/\/www.facebook.com\/werner.deck\/","https:\/\/www.instagram.com\/opti_maler_deck\/","https:\/\/www.youtube.com\/c\/WernerDeck"],"url":"https:\/\/wernerdeck.de\/blog\/author\/wernerdeck-de\/"}]}},"_links":{"self":[{"href":"https:\/\/wernerdeck.de\/blog\/wp-json\/wp\/v2\/posts\/2499","targetHints":{"allow":["GET"]}}],"collection":[{"href":"https:\/\/wernerdeck.de\/blog\/wp-json\/wp\/v2\/posts"}],"about":[{"href":"https:\/\/wernerdeck.de\/blog\/wp-json\/wp\/v2\/types\/post"}],"author":[{"embeddable":true,"href":"https:\/\/wernerdeck.de\/blog\/wp-json\/wp\/v2\/users\/1"}],"replies":[{"embeddable":true,"href":"https:\/\/wernerdeck.de\/blog\/wp-json\/wp\/v2\/comments?post=2499"}],"version-history":[{"count":0,"href":"https:\/\/wernerdeck.de\/blog\/wp-json\/wp\/v2\/posts\/2499\/revisions"}],"wp:featuredmedia":[{"embeddable":true,"href":"https:\/\/wernerdeck.de\/blog\/wp-json\/wp\/v2\/media\/2502"}],"wp:attachment":[{"href":"https:\/\/wernerdeck.de\/blog\/wp-json\/wp\/v2\/media?parent=2499"}],"wp:term":[{"taxonomy":"category","embeddable":true,"href":"https:\/\/wernerdeck.de\/blog\/wp-json\/wp\/v2\/categories?post=2499"},{"taxonomy":"post_tag","embeddable":true,"href":"https:\/\/wernerdeck.de\/blog\/wp-json\/wp\/v2\/tags?post=2499"}],"curies":[{"name":"wp","href":"https:\/\/api.w.org\/{rel}","templated":true}]}}