{"id":24210,"date":"2025-04-03T21:17:04","date_gmt":"2025-04-03T19:17:04","guid":{"rendered":"https:\/\/wernerdeck.de\/blog\/?p=24210"},"modified":"2025-05-30T07:52:30","modified_gmt":"2025-05-30T05:52:30","slug":"pedalritt-in-den-pfaelzer-fruehling-wir-suchten-nach-mandelblueten-gefunden-haben-wir-sonne-pasta-satt-und-amarena-eis","status":"publish","type":"post","link":"https:\/\/wernerdeck.de\/blog\/2025\/04\/03\/pedalritt-in-den-pfaelzer-fruehling-wir-suchten-nach-mandelblueten-gefunden-haben-wir-sonne-pasta-satt-und-amarena-eis\/","title":{"rendered":"Pedalritt in den Pf\u00e4lzer Fr\u00fchling: wir suchten nach Mandelbl\u00fcten \u2013 gefunden haben wir Sonne, Pasta satt und Amarena-Eis"},"content":{"rendered":"<p data-pm-slice=\"1 1 []\"><strong>Donnerstag, 3. April 2025.<\/strong> F\u00fcr heute hatten Anton, Michael und ich eine Radtour zur Mandelbl\u00fcte in die Pfalz verabredet. Treffpunkt war um 9:45 Uhr am <a href=\"https:\/\/www.vogelfreunde-leopoldshafen.de\/\" target=\"_blank\" rel=\"noopener\">Vogelpark in Leopoldshafen.<\/a> Anton und Michael hatten aus Karlsruhe kommend bereits ca. 10 Kilometer in den Beinen. Ich selbst startete um 9:30 Uhr von zu Hause in Eggenstein und hatte es somit am bequemsten.<\/p>\n<p data-pm-slice=\"1 1 []\">Unser urspr\u00fcngliches Ziel war Gleiszellen-Gleishorbach, wo am vergangenen Wochenende das<a href=\"https:\/\/gleiszellengleishorbach.de\/die-zeit-der-mandelbluete\/\" target=\"_blank\" rel=\"noopener\"> Mandelbl\u00fctenfest<\/a> stattgefunden hatte. Die <a class=\"nlk_on npt_last\" href=\"https:\/\/www.neustadt.eu\/Tourismus-Wein\/Top-Events-Aktuelles\/Mandelbl%C3%BCtenzeit\/Pf%C3%A4lzer-Mandelwochen-vom-22-02-bis-06-04-2025\/\" target=\"_blank\" rel=\"noopener\" aria-current=\"page\">Pf\u00e4lzer Mandelwochen finden vom 22.02. bis zum 06.04.2025<\/a> statt. Wir hatten deshalb die gro\u00dfe Hoffnung, noch einige Mandelbl\u00fcten anzutreffen. Um in die Pfalz zu gelangen, \u00fcberquerten wir den Rhein mit der <a href=\"https:\/\/www.rheinfaehre-leimersheim.de\/\" target=\"_blank\" rel=\"noopener\">Rheinf\u00e4hre von Leopoldshafen nach Leimersheim<\/a>.<\/p>\n<p>\n<div class=\"ngg-galleryoverview ngg-template-caption\" id=\"ngg-gallery-5bff6e22f043c9cd4fefb6b732cefd6d-24210\">\n\n\t\t\n\t<!-- Thumbnails -->\n\t\t\t\t\t\n\t<div id=\"ngg-image-11502\" class=\"ngg-gallery-thumbnail-box\" style=\"width:20%;\" >\n\t\t<div class=\"ngg-gallery-thumbnail\" >\n\t\t\t<a href=\"https:\/\/wernerdeck.de\/blog\/wp-content\/gallery\/start-radtour-pfalz\/Start-zur-Radtour-in-die-Pfalz-zu-den-Mandelblueten-01.jpg\"\n\t\t\t\ttitle=\"Start in Eggenstein\"\n\t\t\t\tclass=\"ngg-simplelightbox\" rel=\"5bff6e22f043c9cd4fefb6b732cefd6d\" data-image-id=\"11502\" data-src=\"https:\/\/wernerdeck.de\/blog\/wp-content\/gallery\/start-radtour-pfalz\/Start-zur-Radtour-in-die-Pfalz-zu-den-Mandelblueten-01.jpg\" data-thumbnail=\"https:\/\/wernerdeck.de\/blog\/wp-content\/gallery\/start-radtour-pfalz\/thumbs\/thumbs_Start-zur-Radtour-in-die-Pfalz-zu-den-Mandelblueten-01.jpg\" data-title=\"Start-zur-Radtour-in-die-Pfalz-zu-den-Mandelblueten-01\" data-description=\"Start in Eggenstein\" >\n\t\t\t\t\t\t\t\t<img title=\"Start-zur-Radtour-in-die-Pfalz-zu-den-Mandelblueten-01\" alt=\"Start-zur-Radtour-in-die-Pfalz-zu-den-Mandelblueten-01\" src=\"https:\/\/wernerdeck.de\/blog\/wp-content\/gallery\/start-radtour-pfalz\/thumbs\/thumbs_Start-zur-Radtour-in-die-Pfalz-zu-den-Mandelblueten-01.jpg\" width='240' height='160' \/>\n\t\t\t\t\t\t\t<\/a>\n\t\t\t<span>\n\t\t\tStart in Eggenstein\t\t\t<\/span>\n\t\t<\/div>\n\t<\/div>\n\t\t\t\t\t\t\t\t\n\t<div id=\"ngg-image-11505\" class=\"ngg-gallery-thumbnail-box\" style=\"width:20%;\" >\n\t\t<div class=\"ngg-gallery-thumbnail\" >\n\t\t\t<a href=\"https:\/\/wernerdeck.de\/blog\/wp-content\/gallery\/start-radtour-pfalz\/Start-zur-Radtour-in-die-Pfalz-zu-den-Mandelblueten-02.jpg\"\n\t\t\t\ttitle=\"Warten am Treffpunkt Vogelpark\"\n\t\t\t\tclass=\"ngg-simplelightbox\" rel=\"5bff6e22f043c9cd4fefb6b732cefd6d\" data-image-id=\"11505\" data-src=\"https:\/\/wernerdeck.de\/blog\/wp-content\/gallery\/start-radtour-pfalz\/Start-zur-Radtour-in-die-Pfalz-zu-den-Mandelblueten-02.jpg\" data-thumbnail=\"https:\/\/wernerdeck.de\/blog\/wp-content\/gallery\/start-radtour-pfalz\/thumbs\/thumbs_Start-zur-Radtour-in-die-Pfalz-zu-den-Mandelblueten-02.jpg\" data-title=\"Start-zur-Radtour-in-die-Pfalz-zu-den-Mandelblueten-02\" data-description=\"Warten am Treffpunkt Vogelpark\" >\n\t\t\t\t\t\t\t\t<img title=\"Start-zur-Radtour-in-die-Pfalz-zu-den-Mandelblueten-02\" alt=\"Start-zur-Radtour-in-die-Pfalz-zu-den-Mandelblueten-02\" src=\"https:\/\/wernerdeck.de\/blog\/wp-content\/gallery\/start-radtour-pfalz\/thumbs\/thumbs_Start-zur-Radtour-in-die-Pfalz-zu-den-Mandelblueten-02.jpg\" width='240' height='160' \/>\n\t\t\t\t\t\t\t<\/a>\n\t\t\t<span>\n\t\t\tWarten am Treffpunkt Vogelpark\t\t\t<\/span>\n\t\t<\/div>\n\t<\/div>\n\t\t\t\t\t\t\t\t\n\t<div id=\"ngg-image-11501\" class=\"ngg-gallery-thumbnail-box\" style=\"width:20%;\" >\n\t\t<div class=\"ngg-gallery-thumbnail\" >\n\t\t\t<a href=\"https:\/\/wernerdeck.de\/blog\/wp-content\/gallery\/start-radtour-pfalz\/Start-zur-Radtour-in-die-Pfalz-zu-den-Mandelblueten-03.jpg\"\n\t\t\t\ttitle=\"Anton und Michael treffen ein\"\n\t\t\t\tclass=\"ngg-simplelightbox\" rel=\"5bff6e22f043c9cd4fefb6b732cefd6d\" data-image-id=\"11501\" data-src=\"https:\/\/wernerdeck.de\/blog\/wp-content\/gallery\/start-radtour-pfalz\/Start-zur-Radtour-in-die-Pfalz-zu-den-Mandelblueten-03.jpg\" data-thumbnail=\"https:\/\/wernerdeck.de\/blog\/wp-content\/gallery\/start-radtour-pfalz\/thumbs\/thumbs_Start-zur-Radtour-in-die-Pfalz-zu-den-Mandelblueten-03.jpg\" data-title=\"Start-zur-Radtour-in-die-Pfalz-zu-den-Mandelblueten-03\" data-description=\"Anton und Michael treffen ein\" >\n\t\t\t\t\t\t\t\t<img title=\"Start-zur-Radtour-in-die-Pfalz-zu-den-Mandelblueten-03\" alt=\"Start-zur-Radtour-in-die-Pfalz-zu-den-Mandelblueten-03\" src=\"https:\/\/wernerdeck.de\/blog\/wp-content\/gallery\/start-radtour-pfalz\/thumbs\/thumbs_Start-zur-Radtour-in-die-Pfalz-zu-den-Mandelblueten-03.jpg\" width='240' height='160' \/>\n\t\t\t\t\t\t\t<\/a>\n\t\t\t<span>\n\t\t\tAnton und Michael treffen ein\t\t\t<\/span>\n\t\t<\/div>\n\t<\/div>\n\t\t\t\t\t\t\t\t\n\t<div id=\"ngg-image-11503\" class=\"ngg-gallery-thumbnail-box\" style=\"width:20%;\" >\n\t\t<div class=\"ngg-gallery-thumbnail\" >\n\t\t\t<a href=\"https:\/\/wernerdeck.de\/blog\/wp-content\/gallery\/start-radtour-pfalz\/Start-zur-Radtour-in-die-Pfalz-zu-den-Mandelblueten-04.jpg\"\n\t\t\t\ttitle=\"Warten auf die Rheinf\u00e4hre\"\n\t\t\t\tclass=\"ngg-simplelightbox\" rel=\"5bff6e22f043c9cd4fefb6b732cefd6d\" data-image-id=\"11503\" data-src=\"https:\/\/wernerdeck.de\/blog\/wp-content\/gallery\/start-radtour-pfalz\/Start-zur-Radtour-in-die-Pfalz-zu-den-Mandelblueten-04.jpg\" data-thumbnail=\"https:\/\/wernerdeck.de\/blog\/wp-content\/gallery\/start-radtour-pfalz\/thumbs\/thumbs_Start-zur-Radtour-in-die-Pfalz-zu-den-Mandelblueten-04.jpg\" data-title=\"Start-zur-Radtour-in-die-Pfalz-zu-den-Mandelblueten-04\" data-description=\"Warten auf die Rheinf\u00e4hre\" >\n\t\t\t\t\t\t\t\t<img title=\"Start-zur-Radtour-in-die-Pfalz-zu-den-Mandelblueten-04\" alt=\"Start-zur-Radtour-in-die-Pfalz-zu-den-Mandelblueten-04\" src=\"https:\/\/wernerdeck.de\/blog\/wp-content\/gallery\/start-radtour-pfalz\/thumbs\/thumbs_Start-zur-Radtour-in-die-Pfalz-zu-den-Mandelblueten-04.jpg\" width='240' height='160' \/>\n\t\t\t\t\t\t\t<\/a>\n\t\t\t<span>\n\t\t\tWarten auf die Rheinf\u00e4hre\t\t\t<\/span>\n\t\t<\/div>\n\t<\/div>\n\t\t\t\t\t\t\t\t\n\t<div id=\"ngg-image-11504\" class=\"ngg-gallery-thumbnail-box\" style=\"width:20%;\" >\n\t\t<div class=\"ngg-gallery-thumbnail\" >\n\t\t\t<a href=\"https:\/\/wernerdeck.de\/blog\/wp-content\/gallery\/start-radtour-pfalz\/Start-zur-Radtour-in-die-Pfalz-zu-den-Mandelblueten-05.jpg\"\n\t\t\t\ttitle=\"\u00dcberfahrt auf die Pf\u00e4zer Seite\"\n\t\t\t\tclass=\"ngg-simplelightbox\" rel=\"5bff6e22f043c9cd4fefb6b732cefd6d\" data-image-id=\"11504\" data-src=\"https:\/\/wernerdeck.de\/blog\/wp-content\/gallery\/start-radtour-pfalz\/Start-zur-Radtour-in-die-Pfalz-zu-den-Mandelblueten-05.jpg\" data-thumbnail=\"https:\/\/wernerdeck.de\/blog\/wp-content\/gallery\/start-radtour-pfalz\/thumbs\/thumbs_Start-zur-Radtour-in-die-Pfalz-zu-den-Mandelblueten-05.jpg\" data-title=\"Start-zur-Radtour-in-die-Pfalz-zu-den-Mandelblueten-05\" data-description=\"\u00dcberfahrt auf die Pf\u00e4zer Seite\" >\n\t\t\t\t\t\t\t\t<img title=\"Start-zur-Radtour-in-die-Pfalz-zu-den-Mandelblueten-05\" alt=\"Start-zur-Radtour-in-die-Pfalz-zu-den-Mandelblueten-05\" src=\"https:\/\/wernerdeck.de\/blog\/wp-content\/gallery\/start-radtour-pfalz\/thumbs\/thumbs_Start-zur-Radtour-in-die-Pfalz-zu-den-Mandelblueten-05.jpg\" width='240' height='160' \/>\n\t\t\t\t\t\t\t<\/a>\n\t\t\t<span>\n\t\t\t\u00dcberfahrt auf die Pf\u00e4zer Seite\t\t\t<\/span>\n\t\t<\/div>\n\t<\/div>\n\t\t\t\t\t\t\t<br style=\"clear: both\" \/>\n\t\t\t\n\t<!-- Pagination -->\n\t\t<div class='ngg-clear'><\/div>\t\n<\/div>\n\n\tDas Wetter meinte es gut mit uns. Es war ein wunderbar sonniger Fr\u00fchlingstag. \u00dcber R\u00fclzheim fuhren wir nach Herxheimweyher. Am Rande des dortigen Sportplatzes machten wir um 11:30 Uhr unsere Fr\u00fchst\u00fcckspause.<\/p>\n<p>\n<div class=\"ngg-galleryoverview ngg-template-caption\" id=\"ngg-gallery-04dc7d74b02714b7f0ea46ed649de5ed-24210\">\n\n\t\t\n\t<!-- Thumbnails -->\n\t\t\t\t\t\n\t<div id=\"ngg-image-11508\" class=\"ngg-gallery-thumbnail-box\" style=\"width:20%;\" >\n\t\t<div class=\"ngg-gallery-thumbnail\" >\n\t\t\t<a href=\"https:\/\/wernerdeck.de\/blog\/wp-content\/gallery\/fruehstueckspause\/Fruehstueckspause-um-11-30-Uhr-in-Herxheimweyher-01.jpg\"\n\t\t\t\ttitle=\"Durch R\u00fclzheim\"\n\t\t\t\tclass=\"ngg-simplelightbox\" rel=\"04dc7d74b02714b7f0ea46ed649de5ed\" data-image-id=\"11508\" data-src=\"https:\/\/wernerdeck.de\/blog\/wp-content\/gallery\/fruehstueckspause\/Fruehstueckspause-um-11-30-Uhr-in-Herxheimweyher-01.jpg\" data-thumbnail=\"https:\/\/wernerdeck.de\/blog\/wp-content\/gallery\/fruehstueckspause\/thumbs\/thumbs_Fruehstueckspause-um-11-30-Uhr-in-Herxheimweyher-01.jpg\" data-title=\"Fruehstueckspause-um-11-30-Uhr-in-Herxheimweyher-01\" data-description=\"Durch R\u00fclzheim\" >\n\t\t\t\t\t\t\t\t<img title=\"Fruehstueckspause-um-11-30-Uhr-in-Herxheimweyher-01\" alt=\"Fruehstueckspause-um-11-30-Uhr-in-Herxheimweyher-01\" src=\"https:\/\/wernerdeck.de\/blog\/wp-content\/gallery\/fruehstueckspause\/thumbs\/thumbs_Fruehstueckspause-um-11-30-Uhr-in-Herxheimweyher-01.jpg\" width='240' height='160' \/>\n\t\t\t\t\t\t\t<\/a>\n\t\t\t<span>\n\t\t\tDurch R\u00fclzheim\t\t\t<\/span>\n\t\t<\/div>\n\t<\/div>\n\t\t\t\t\t\t\t\t\n\t<div id=\"ngg-image-11509\" class=\"ngg-gallery-thumbnail-box\" style=\"width:20%;\" >\n\t\t<div class=\"ngg-gallery-thumbnail\" >\n\t\t\t<a href=\"https:\/\/wernerdeck.de\/blog\/wp-content\/gallery\/fruehstueckspause\/Fruehstueckspause-um-11-30-Uhr-in-Herxheimweyher-02.jpg\"\n\t\t\t\ttitle=\"St. Mauritius Kirche R\u00fclzheim\"\n\t\t\t\tclass=\"ngg-simplelightbox\" rel=\"04dc7d74b02714b7f0ea46ed649de5ed\" data-image-id=\"11509\" data-src=\"https:\/\/wernerdeck.de\/blog\/wp-content\/gallery\/fruehstueckspause\/Fruehstueckspause-um-11-30-Uhr-in-Herxheimweyher-02.jpg\" data-thumbnail=\"https:\/\/wernerdeck.de\/blog\/wp-content\/gallery\/fruehstueckspause\/thumbs\/thumbs_Fruehstueckspause-um-11-30-Uhr-in-Herxheimweyher-02.jpg\" data-title=\"Fruehstueckspause-um-11-30-Uhr-in-Herxheimweyher-02\" data-description=\"St. Mauritius Kirche R\u00fclzheim\" >\n\t\t\t\t\t\t\t\t<img title=\"Fruehstueckspause-um-11-30-Uhr-in-Herxheimweyher-02\" alt=\"Fruehstueckspause-um-11-30-Uhr-in-Herxheimweyher-02\" src=\"https:\/\/wernerdeck.de\/blog\/wp-content\/gallery\/fruehstueckspause\/thumbs\/thumbs_Fruehstueckspause-um-11-30-Uhr-in-Herxheimweyher-02.jpg\" width='240' height='160' \/>\n\t\t\t\t\t\t\t<\/a>\n\t\t\t<span>\n\t\t\tSt. Mauritius Kirche R\u00fclzheim\t\t\t<\/span>\n\t\t<\/div>\n\t<\/div>\n\t\t\t\t\t\t\t\t\n\t<div id=\"ngg-image-11512\" class=\"ngg-gallery-thumbnail-box\" style=\"width:20%;\" >\n\t\t<div class=\"ngg-gallery-thumbnail\" >\n\t\t\t<a href=\"https:\/\/wernerdeck.de\/blog\/wp-content\/gallery\/fruehstueckspause\/Fruehstueckspause-um-11-30-Uhr-in-Herxheimweyher-03.jpg\"\n\t\t\t\ttitle=\"Fr\u00fchst\u00fcck in Herxheimweyher\"\n\t\t\t\tclass=\"ngg-simplelightbox\" rel=\"04dc7d74b02714b7f0ea46ed649de5ed\" data-image-id=\"11512\" data-src=\"https:\/\/wernerdeck.de\/blog\/wp-content\/gallery\/fruehstueckspause\/Fruehstueckspause-um-11-30-Uhr-in-Herxheimweyher-03.jpg\" data-thumbnail=\"https:\/\/wernerdeck.de\/blog\/wp-content\/gallery\/fruehstueckspause\/thumbs\/thumbs_Fruehstueckspause-um-11-30-Uhr-in-Herxheimweyher-03.jpg\" data-title=\"Fruehstueckspause-um-11-30-Uhr-in-Herxheimweyher-03\" data-description=\"Fr\u00fchst\u00fcck in Herxheimweyher\" >\n\t\t\t\t\t\t\t\t<img title=\"Fruehstueckspause-um-11-30-Uhr-in-Herxheimweyher-03\" alt=\"Fruehstueckspause-um-11-30-Uhr-in-Herxheimweyher-03\" src=\"https:\/\/wernerdeck.de\/blog\/wp-content\/gallery\/fruehstueckspause\/thumbs\/thumbs_Fruehstueckspause-um-11-30-Uhr-in-Herxheimweyher-03.jpg\" width='240' height='160' \/>\n\t\t\t\t\t\t\t<\/a>\n\t\t\t<span>\n\t\t\tFr\u00fchst\u00fcck in Herxheimweyher\t\t\t<\/span>\n\t\t<\/div>\n\t<\/div>\n\t\t\t\t\t\t\t\t\n\t<div id=\"ngg-image-11510\" class=\"ngg-gallery-thumbnail-box\" style=\"width:20%;\" >\n\t\t<div class=\"ngg-gallery-thumbnail\" >\n\t\t\t<a href=\"https:\/\/wernerdeck.de\/blog\/wp-content\/gallery\/fruehstueckspause\/Fruehstueckspause-um-11-30-Uhr-in-Herxheimweyher-04.jpg\"\n\t\t\t\ttitle=\"Fr\u00fchst\u00fcck in Herxheimweyher\"\n\t\t\t\tclass=\"ngg-simplelightbox\" rel=\"04dc7d74b02714b7f0ea46ed649de5ed\" data-image-id=\"11510\" data-src=\"https:\/\/wernerdeck.de\/blog\/wp-content\/gallery\/fruehstueckspause\/Fruehstueckspause-um-11-30-Uhr-in-Herxheimweyher-04.jpg\" data-thumbnail=\"https:\/\/wernerdeck.de\/blog\/wp-content\/gallery\/fruehstueckspause\/thumbs\/thumbs_Fruehstueckspause-um-11-30-Uhr-in-Herxheimweyher-04.jpg\" data-title=\"Fruehstueckspause-um-11-30-Uhr-in-Herxheimweyher-04\" data-description=\"Fr\u00fchst\u00fcck in Herxheimweyher\" >\n\t\t\t\t\t\t\t\t<img title=\"Fruehstueckspause-um-11-30-Uhr-in-Herxheimweyher-04\" alt=\"Fruehstueckspause-um-11-30-Uhr-in-Herxheimweyher-04\" src=\"https:\/\/wernerdeck.de\/blog\/wp-content\/gallery\/fruehstueckspause\/thumbs\/thumbs_Fruehstueckspause-um-11-30-Uhr-in-Herxheimweyher-04.jpg\" width='240' height='160' \/>\n\t\t\t\t\t\t\t<\/a>\n\t\t\t<span>\n\t\t\tFr\u00fchst\u00fcck in Herxheimweyher\t\t\t<\/span>\n\t\t<\/div>\n\t<\/div>\n\t\t\t\t\t\t\t\t\n\t<div id=\"ngg-image-11511\" class=\"ngg-gallery-thumbnail-box\" style=\"width:20%;\" >\n\t\t<div class=\"ngg-gallery-thumbnail\" >\n\t\t\t<a href=\"https:\/\/wernerdeck.de\/blog\/wp-content\/gallery\/fruehstueckspause\/Fruehstueckspause-um-11-30-Uhr-in-Herxheimweyher-05.jpg\"\n\t\t\t\ttitle=\"Fr\u00fchst\u00fcck in Herxheimweyher\"\n\t\t\t\tclass=\"ngg-simplelightbox\" rel=\"04dc7d74b02714b7f0ea46ed649de5ed\" data-image-id=\"11511\" data-src=\"https:\/\/wernerdeck.de\/blog\/wp-content\/gallery\/fruehstueckspause\/Fruehstueckspause-um-11-30-Uhr-in-Herxheimweyher-05.jpg\" data-thumbnail=\"https:\/\/wernerdeck.de\/blog\/wp-content\/gallery\/fruehstueckspause\/thumbs\/thumbs_Fruehstueckspause-um-11-30-Uhr-in-Herxheimweyher-05.jpg\" data-title=\"Fruehstueckspause-um-11-30-Uhr-in-Herxheimweyher-05\" data-description=\"Fr\u00fchst\u00fcck in Herxheimweyher\" >\n\t\t\t\t\t\t\t\t<img title=\"Fruehstueckspause-um-11-30-Uhr-in-Herxheimweyher-05\" alt=\"Fruehstueckspause-um-11-30-Uhr-in-Herxheimweyher-05\" src=\"https:\/\/wernerdeck.de\/blog\/wp-content\/gallery\/fruehstueckspause\/thumbs\/thumbs_Fruehstueckspause-um-11-30-Uhr-in-Herxheimweyher-05.jpg\" width='240' height='160' \/>\n\t\t\t\t\t\t\t<\/a>\n\t\t\t<span>\n\t\t\tFr\u00fchst\u00fcck in Herxheimweyher\t\t\t<\/span>\n\t\t<\/div>\n\t<\/div>\n\t\t\t\t\t\t\t<br style=\"clear: both\" \/>\n\t\t\t\n\t<!-- Pagination -->\n\t\t<div class='ngg-clear'><\/div>\t\n<\/div>\n\n\tNach der St\u00e4rkung f\u00fchrte uns der Weg weiter nach Herxheim, \u00fcber Rohrbach und Billigheim-Ingelheim, durch Felder und weitere kleine Ortschaften. Wir sp\u00fcrten den wohligen Zauber des Fr\u00fchlings: sanfte Bl\u00fctenfarben entlang der Wege und ein strahlend blauer Himmel. Schlie\u00dflich erreichten wir unser urspr\u00fcngliches Ziel mit Gleiszellen-Gleishorbach, den Wendepunkt unserer Tour.&nbsp;<\/p>\n<p>\n<div class=\"ngg-galleryoverview ngg-template-caption\" id=\"ngg-gallery-402aba72c99954ab1ece7364d15e6243-24210\">\n\n\t\t\n\t<!-- Thumbnails -->\n\t\t\t\t\t\n\t<div id=\"ngg-image-11513\" class=\"ngg-gallery-thumbnail-box\" style=\"width:20%;\" >\n\t\t<div class=\"ngg-gallery-thumbnail\" >\n\t\t\t<a href=\"https:\/\/wernerdeck.de\/blog\/wp-content\/gallery\/nach-bad-bergzabern\/Mit-dem-Rad-durch-Rohrbach-01.jpg\"\n\t\t\t\ttitle=\"Alles im R\u00fcckblick\"\n\t\t\t\tclass=\"ngg-simplelightbox\" rel=\"402aba72c99954ab1ece7364d15e6243\" data-image-id=\"11513\" data-src=\"https:\/\/wernerdeck.de\/blog\/wp-content\/gallery\/nach-bad-bergzabern\/Mit-dem-Rad-durch-Rohrbach-01.jpg\" data-thumbnail=\"https:\/\/wernerdeck.de\/blog\/wp-content\/gallery\/nach-bad-bergzabern\/thumbs\/thumbs_Mit-dem-Rad-durch-Rohrbach-01.jpg\" data-title=\"Mit-dem-Rad-durch-Rohrbach-01\" data-description=\"Alles im R\u00fcckblick\" >\n\t\t\t\t\t\t\t\t<img title=\"Mit-dem-Rad-durch-Rohrbach-01\" alt=\"Mit-dem-Rad-durch-Rohrbach-01\" src=\"https:\/\/wernerdeck.de\/blog\/wp-content\/gallery\/nach-bad-bergzabern\/thumbs\/thumbs_Mit-dem-Rad-durch-Rohrbach-01.jpg\" width='240' height='160' \/>\n\t\t\t\t\t\t\t<\/a>\n\t\t\t<span>\n\t\t\tAlles im R\u00fcckblick\t\t\t<\/span>\n\t\t<\/div>\n\t<\/div>\n\t\t\t\t\t\t\t\t\n\t<div id=\"ngg-image-11518\" class=\"ngg-gallery-thumbnail-box\" style=\"width:20%;\" >\n\t\t<div class=\"ngg-gallery-thumbnail\" >\n\t\t\t<a href=\"https:\/\/wernerdeck.de\/blog\/wp-content\/gallery\/nach-bad-bergzabern\/Mit-dem-Rad-durch-Rohrbach-02.jpg\"\n\t\t\t\ttitle=\"Klamotten runter in Rohrbach\"\n\t\t\t\tclass=\"ngg-simplelightbox\" rel=\"402aba72c99954ab1ece7364d15e6243\" data-image-id=\"11518\" data-src=\"https:\/\/wernerdeck.de\/blog\/wp-content\/gallery\/nach-bad-bergzabern\/Mit-dem-Rad-durch-Rohrbach-02.jpg\" data-thumbnail=\"https:\/\/wernerdeck.de\/blog\/wp-content\/gallery\/nach-bad-bergzabern\/thumbs\/thumbs_Mit-dem-Rad-durch-Rohrbach-02.jpg\" data-title=\"Mit-dem-Rad-durch-Rohrbach-02\" data-description=\"Klamotten runter in Rohrbach\" >\n\t\t\t\t\t\t\t\t<img title=\"Mit-dem-Rad-durch-Rohrbach-02\" alt=\"Mit-dem-Rad-durch-Rohrbach-02\" src=\"https:\/\/wernerdeck.de\/blog\/wp-content\/gallery\/nach-bad-bergzabern\/thumbs\/thumbs_Mit-dem-Rad-durch-Rohrbach-02.jpg\" width='240' height='160' \/>\n\t\t\t\t\t\t\t<\/a>\n\t\t\t<span>\n\t\t\tKlamotten runter in Rohrbach\t\t\t<\/span>\n\t\t<\/div>\n\t<\/div>\n\t\t\t\t\t\t\t\t\n\t<div id=\"ngg-image-11515\" class=\"ngg-gallery-thumbnail-box\" style=\"width:20%;\" >\n\t\t<div class=\"ngg-gallery-thumbnail\" >\n\t\t\t<a href=\"https:\/\/wernerdeck.de\/blog\/wp-content\/gallery\/nach-bad-bergzabern\/Mit-dem-Rad-durch-Rohrbach-03.jpg\"\n\t\t\t\ttitle=\"Rohrbach\"\n\t\t\t\tclass=\"ngg-simplelightbox\" rel=\"402aba72c99954ab1ece7364d15e6243\" data-image-id=\"11515\" data-src=\"https:\/\/wernerdeck.de\/blog\/wp-content\/gallery\/nach-bad-bergzabern\/Mit-dem-Rad-durch-Rohrbach-03.jpg\" data-thumbnail=\"https:\/\/wernerdeck.de\/blog\/wp-content\/gallery\/nach-bad-bergzabern\/thumbs\/thumbs_Mit-dem-Rad-durch-Rohrbach-03.jpg\" data-title=\"Mit-dem-Rad-durch-Rohrbach-03\" data-description=\"Rohrbach\" >\n\t\t\t\t\t\t\t\t<img title=\"Mit-dem-Rad-durch-Rohrbach-03\" alt=\"Mit-dem-Rad-durch-Rohrbach-03\" src=\"https:\/\/wernerdeck.de\/blog\/wp-content\/gallery\/nach-bad-bergzabern\/thumbs\/thumbs_Mit-dem-Rad-durch-Rohrbach-03.jpg\" width='240' height='160' \/>\n\t\t\t\t\t\t\t<\/a>\n\t\t\t<span>\n\t\t\tRohrbach\t\t\t<\/span>\n\t\t<\/div>\n\t<\/div>\n\t\t\t\t\t\t\t\t\n\t<div id=\"ngg-image-11514\" class=\"ngg-gallery-thumbnail-box\" style=\"width:20%;\" >\n\t\t<div class=\"ngg-gallery-thumbnail\" >\n\t\t\t<a href=\"https:\/\/wernerdeck.de\/blog\/wp-content\/gallery\/nach-bad-bergzabern\/Mit-dem-Rad-durch-Rohrbach-04.jpg\"\n\t\t\t\ttitle=\"Fachwerk in Rohbach\"\n\t\t\t\tclass=\"ngg-simplelightbox\" rel=\"402aba72c99954ab1ece7364d15e6243\" data-image-id=\"11514\" data-src=\"https:\/\/wernerdeck.de\/blog\/wp-content\/gallery\/nach-bad-bergzabern\/Mit-dem-Rad-durch-Rohrbach-04.jpg\" data-thumbnail=\"https:\/\/wernerdeck.de\/blog\/wp-content\/gallery\/nach-bad-bergzabern\/thumbs\/thumbs_Mit-dem-Rad-durch-Rohrbach-04.jpg\" data-title=\"Mit-dem-Rad-durch-Rohrbach-04\" data-description=\"Fachwerk in Rohbach\" >\n\t\t\t\t\t\t\t\t<img title=\"Mit-dem-Rad-durch-Rohrbach-04\" alt=\"Mit-dem-Rad-durch-Rohrbach-04\" src=\"https:\/\/wernerdeck.de\/blog\/wp-content\/gallery\/nach-bad-bergzabern\/thumbs\/thumbs_Mit-dem-Rad-durch-Rohrbach-04.jpg\" width='240' height='160' \/>\n\t\t\t\t\t\t\t<\/a>\n\t\t\t<span>\n\t\t\tFachwerk in Rohbach\t\t\t<\/span>\n\t\t<\/div>\n\t<\/div>\n\t\t\t\t\t\t\t\t\n\t<div id=\"ngg-image-11517\" class=\"ngg-gallery-thumbnail-box\" style=\"width:20%;\" >\n\t\t<div class=\"ngg-gallery-thumbnail\" >\n\t\t\t<a href=\"https:\/\/wernerdeck.de\/blog\/wp-content\/gallery\/nach-bad-bergzabern\/Mit-dem-Rad-durch-Rohrbach-05.jpg\"\n\t\t\t\ttitle=\"Immer weiter\"\n\t\t\t\tclass=\"ngg-simplelightbox\" rel=\"402aba72c99954ab1ece7364d15e6243\" data-image-id=\"11517\" data-src=\"https:\/\/wernerdeck.de\/blog\/wp-content\/gallery\/nach-bad-bergzabern\/Mit-dem-Rad-durch-Rohrbach-05.jpg\" data-thumbnail=\"https:\/\/wernerdeck.de\/blog\/wp-content\/gallery\/nach-bad-bergzabern\/thumbs\/thumbs_Mit-dem-Rad-durch-Rohrbach-05.jpg\" data-title=\"Mit-dem-Rad-durch-Rohrbach-05\" data-description=\"Immer weiter\" >\n\t\t\t\t\t\t\t\t<img title=\"Mit-dem-Rad-durch-Rohrbach-05\" alt=\"Mit-dem-Rad-durch-Rohrbach-05\" src=\"https:\/\/wernerdeck.de\/blog\/wp-content\/gallery\/nach-bad-bergzabern\/thumbs\/thumbs_Mit-dem-Rad-durch-Rohrbach-05.jpg\" width='240' height='160' \/>\n\t\t\t\t\t\t\t<\/a>\n\t\t\t<span>\n\t\t\tImmer weiter\t\t\t<\/span>\n\t\t<\/div>\n\t<\/div>\n\t\t\t\t\t\t\t<br style=\"clear: both\" \/>\n\t\t\t\n\t<div id=\"ngg-image-11516\" class=\"ngg-gallery-thumbnail-box\" style=\"width:20%;\" >\n\t\t<div class=\"ngg-gallery-thumbnail\" >\n\t\t\t<a href=\"https:\/\/wernerdeck.de\/blog\/wp-content\/gallery\/nach-bad-bergzabern\/Mit-dem-Rad-on-Tor-Bad-bergzabern-in-Sichtweite-01.jpg\"\n\t\t\t\ttitle=\"Pf\u00e4lzer Berge in Sichtweite\"\n\t\t\t\tclass=\"ngg-simplelightbox\" rel=\"402aba72c99954ab1ece7364d15e6243\" data-image-id=\"11516\" data-src=\"https:\/\/wernerdeck.de\/blog\/wp-content\/gallery\/nach-bad-bergzabern\/Mit-dem-Rad-on-Tor-Bad-bergzabern-in-Sichtweite-01.jpg\" data-thumbnail=\"https:\/\/wernerdeck.de\/blog\/wp-content\/gallery\/nach-bad-bergzabern\/thumbs\/thumbs_Mit-dem-Rad-on-Tor-Bad-bergzabern-in-Sichtweite-01.jpg\" data-title=\"Mit-dem-Rad-on-Tor-Bad-bergzabern-in-Sichtweite-01\" data-description=\"Pf\u00e4lzer Berge in Sichtweite\" >\n\t\t\t\t\t\t\t\t<img title=\"Mit-dem-Rad-on-Tor-Bad-bergzabern-in-Sichtweite-01\" alt=\"Mit-dem-Rad-on-Tor-Bad-bergzabern-in-Sichtweite-01\" src=\"https:\/\/wernerdeck.de\/blog\/wp-content\/gallery\/nach-bad-bergzabern\/thumbs\/thumbs_Mit-dem-Rad-on-Tor-Bad-bergzabern-in-Sichtweite-01.jpg\" width='240' height='160' \/>\n\t\t\t\t\t\t\t<\/a>\n\t\t\t<span>\n\t\t\tPf\u00e4lzer Berge in Sichtweite\t\t\t<\/span>\n\t\t<\/div>\n\t<\/div>\n\t\t\t\t\t\t\t\t\n\t<div id=\"ngg-image-11519\" class=\"ngg-gallery-thumbnail-box\" style=\"width:20%;\" >\n\t\t<div class=\"ngg-gallery-thumbnail\" >\n\t\t\t<a href=\"https:\/\/wernerdeck.de\/blog\/wp-content\/gallery\/nach-bad-bergzabern\/Mit-dem-Rad-on-Tor-Bad-bergzabern-in-Sichtweite-02.jpg\"\n\t\t\t\ttitle=\"Fachwerk in Klingen\"\n\t\t\t\tclass=\"ngg-simplelightbox\" rel=\"402aba72c99954ab1ece7364d15e6243\" data-image-id=\"11519\" data-src=\"https:\/\/wernerdeck.de\/blog\/wp-content\/gallery\/nach-bad-bergzabern\/Mit-dem-Rad-on-Tor-Bad-bergzabern-in-Sichtweite-02.jpg\" data-thumbnail=\"https:\/\/wernerdeck.de\/blog\/wp-content\/gallery\/nach-bad-bergzabern\/thumbs\/thumbs_Mit-dem-Rad-on-Tor-Bad-bergzabern-in-Sichtweite-02.jpg\" data-title=\"Mit-dem-Rad-on-Tor-Bad-bergzabern-in-Sichtweite-02\" data-description=\"Fachwerk in Klingen\" >\n\t\t\t\t\t\t\t\t<img title=\"Mit-dem-Rad-on-Tor-Bad-bergzabern-in-Sichtweite-02\" alt=\"Mit-dem-Rad-on-Tor-Bad-bergzabern-in-Sichtweite-02\" src=\"https:\/\/wernerdeck.de\/blog\/wp-content\/gallery\/nach-bad-bergzabern\/thumbs\/thumbs_Mit-dem-Rad-on-Tor-Bad-bergzabern-in-Sichtweite-02.jpg\" width='240' height='160' \/>\n\t\t\t\t\t\t\t<\/a>\n\t\t\t<span>\n\t\t\tFachwerk in Klingen\t\t\t<\/span>\n\t\t<\/div>\n\t<\/div>\n\t\t\t\t\t\t\t\t\n\t<div id=\"ngg-image-11521\" class=\"ngg-gallery-thumbnail-box\" style=\"width:20%;\" >\n\t\t<div class=\"ngg-gallery-thumbnail\" >\n\t\t\t<a href=\"https:\/\/wernerdeck.de\/blog\/wp-content\/gallery\/nach-bad-bergzabern\/Mit-dem-Rad-on-Tor-Bad-bergzabern-in-Sichtweite-03.jpg\"\n\t\t\t\ttitle=\"Kleine Trinkpause\"\n\t\t\t\tclass=\"ngg-simplelightbox\" rel=\"402aba72c99954ab1ece7364d15e6243\" data-image-id=\"11521\" data-src=\"https:\/\/wernerdeck.de\/blog\/wp-content\/gallery\/nach-bad-bergzabern\/Mit-dem-Rad-on-Tor-Bad-bergzabern-in-Sichtweite-03.jpg\" data-thumbnail=\"https:\/\/wernerdeck.de\/blog\/wp-content\/gallery\/nach-bad-bergzabern\/thumbs\/thumbs_Mit-dem-Rad-on-Tor-Bad-bergzabern-in-Sichtweite-03.jpg\" data-title=\"Mit-dem-Rad-on-Tor-Bad-bergzabern-in-Sichtweite-03\" data-description=\"Kleine Trinkpause\" >\n\t\t\t\t\t\t\t\t<img title=\"Mit-dem-Rad-on-Tor-Bad-bergzabern-in-Sichtweite-03\" alt=\"Mit-dem-Rad-on-Tor-Bad-bergzabern-in-Sichtweite-03\" src=\"https:\/\/wernerdeck.de\/blog\/wp-content\/gallery\/nach-bad-bergzabern\/thumbs\/thumbs_Mit-dem-Rad-on-Tor-Bad-bergzabern-in-Sichtweite-03.jpg\" width='240' height='160' \/>\n\t\t\t\t\t\t\t<\/a>\n\t\t\t<span>\n\t\t\tKleine Trinkpause\t\t\t<\/span>\n\t\t<\/div>\n\t<\/div>\n\t\t\t\t\t\t\t\t\n\t<div id=\"ngg-image-11522\" class=\"ngg-gallery-thumbnail-box\" style=\"width:20%;\" >\n\t\t<div class=\"ngg-gallery-thumbnail\" >\n\t\t\t<a href=\"https:\/\/wernerdeck.de\/blog\/wp-content\/gallery\/nach-bad-bergzabern\/Mit-dem-Rad-on-Tor-Bad-bergzabern-in-Sichtweite-04.jpg\"\n\t\t\t\ttitle=\"Gleiszellen-Gleishorbach\"\n\t\t\t\tclass=\"ngg-simplelightbox\" rel=\"402aba72c99954ab1ece7364d15e6243\" data-image-id=\"11522\" data-src=\"https:\/\/wernerdeck.de\/blog\/wp-content\/gallery\/nach-bad-bergzabern\/Mit-dem-Rad-on-Tor-Bad-bergzabern-in-Sichtweite-04.jpg\" data-thumbnail=\"https:\/\/wernerdeck.de\/blog\/wp-content\/gallery\/nach-bad-bergzabern\/thumbs\/thumbs_Mit-dem-Rad-on-Tor-Bad-bergzabern-in-Sichtweite-04.jpg\" data-title=\"Mit-dem-Rad-on-Tor-Bad-bergzabern-in-Sichtweite-04\" data-description=\"Gleiszellen-Gleishorbach\" >\n\t\t\t\t\t\t\t\t<img title=\"Mit-dem-Rad-on-Tor-Bad-bergzabern-in-Sichtweite-04\" alt=\"Mit-dem-Rad-on-Tor-Bad-bergzabern-in-Sichtweite-04\" src=\"https:\/\/wernerdeck.de\/blog\/wp-content\/gallery\/nach-bad-bergzabern\/thumbs\/thumbs_Mit-dem-Rad-on-Tor-Bad-bergzabern-in-Sichtweite-04.jpg\" width='240' height='160' \/>\n\t\t\t\t\t\t\t<\/a>\n\t\t\t<span>\n\t\t\tGleiszellen-Gleishorbach\t\t\t<\/span>\n\t\t<\/div>\n\t<\/div>\n\t\t\t\t\t\t\t\t\n\t<div id=\"ngg-image-11520\" class=\"ngg-gallery-thumbnail-box\" style=\"width:20%;\" >\n\t\t<div class=\"ngg-gallery-thumbnail\" >\n\t\t\t<a href=\"https:\/\/wernerdeck.de\/blog\/wp-content\/gallery\/nach-bad-bergzabern\/Mit-dem-Rad-on-Tor-Bad-bergzabern-in-Sichtweite-05.jpg\"\n\t\t\t\ttitle=\"Nach Bad Bergzabern\"\n\t\t\t\tclass=\"ngg-simplelightbox\" rel=\"402aba72c99954ab1ece7364d15e6243\" data-image-id=\"11520\" data-src=\"https:\/\/wernerdeck.de\/blog\/wp-content\/gallery\/nach-bad-bergzabern\/Mit-dem-Rad-on-Tor-Bad-bergzabern-in-Sichtweite-05.jpg\" data-thumbnail=\"https:\/\/wernerdeck.de\/blog\/wp-content\/gallery\/nach-bad-bergzabern\/thumbs\/thumbs_Mit-dem-Rad-on-Tor-Bad-bergzabern-in-Sichtweite-05.jpg\" data-title=\"Mit-dem-Rad-on-Tor-Bad-bergzabern-in-Sichtweite-05\" data-description=\"Nach Bad Bergzabern\" >\n\t\t\t\t\t\t\t\t<img title=\"Mit-dem-Rad-on-Tor-Bad-bergzabern-in-Sichtweite-05\" alt=\"Mit-dem-Rad-on-Tor-Bad-bergzabern-in-Sichtweite-05\" src=\"https:\/\/wernerdeck.de\/blog\/wp-content\/gallery\/nach-bad-bergzabern\/thumbs\/thumbs_Mit-dem-Rad-on-Tor-Bad-bergzabern-in-Sichtweite-05.jpg\" width='240' height='160' \/>\n\t\t\t\t\t\t\t<\/a>\n\t\t\t<span>\n\t\t\tNach Bad Bergzabern\t\t\t<\/span>\n\t\t<\/div>\n\t<\/div>\n\t\t\t\t\t\t\t<br style=\"clear: both\" \/>\n\t\t\t\n\t<!-- Pagination -->\n\t\t<div class='ngg-clear'><\/div>\t\n<\/div>\n\n\tAllerdings war in Gleiszellen-Gleishorbach, wie auch schon auf unserem bisherigen Weg, leider nichts mehr von den ber\u00fchmten Mandelbl\u00fcten zu sehen. Zum Trost besorgte ich mir diese drei Fotos mit Mandelbl\u00fcten.&nbsp;<\/p>\n\n<div class=\"ngg-galleryoverview ngg-template-caption\" id=\"ngg-gallery-b8b7028d398d95c59187f08b867f8be1-24210\">\n\n\t\t\n\t<!-- Thumbnails -->\n\t\t\t\t\t\n\t<div id=\"ngg-image-11525\" class=\"ngg-gallery-thumbnail-box\" style=\"width:33%;\" >\n\t\t<div class=\"ngg-gallery-thumbnail\" >\n\t\t\t<a href=\"https:\/\/wernerdeck.de\/blog\/wp-content\/gallery\/mandelblueten\/Mandelbluete-01.jpg\"\n\t\t\t\ttitle=\" \"\n\t\t\t\tclass=\"ngg-simplelightbox\" rel=\"b8b7028d398d95c59187f08b867f8be1\" data-image-id=\"11525\" data-src=\"https:\/\/wernerdeck.de\/blog\/wp-content\/gallery\/mandelblueten\/Mandelbluete-01.jpg\" data-thumbnail=\"https:\/\/wernerdeck.de\/blog\/wp-content\/gallery\/mandelblueten\/thumbs\/thumbs_Mandelbluete-01.jpg\" data-title=\"Mandelbluete-01\" data-description=\" \" >\n\t\t\t\t\t\t\t\t<img title=\"Mandelbluete-01\" alt=\"Mandelbluete-01\" src=\"https:\/\/wernerdeck.de\/blog\/wp-content\/gallery\/mandelblueten\/thumbs\/thumbs_Mandelbluete-01.jpg\" width='240' height='160' \/>\n\t\t\t\t\t\t\t<\/a>\n\t\t\t<span>\n\t\t\t \t\t\t<\/span>\n\t\t<\/div>\n\t<\/div>\n\t\t\t\t\t\t\t\t\n\t<div id=\"ngg-image-11523\" class=\"ngg-gallery-thumbnail-box\" style=\"width:33%;\" >\n\t\t<div class=\"ngg-gallery-thumbnail\" >\n\t\t\t<a href=\"https:\/\/wernerdeck.de\/blog\/wp-content\/gallery\/mandelblueten\/Mandelbluete-02.jpg\"\n\t\t\t\ttitle=\" \"\n\t\t\t\tclass=\"ngg-simplelightbox\" rel=\"b8b7028d398d95c59187f08b867f8be1\" data-image-id=\"11523\" data-src=\"https:\/\/wernerdeck.de\/blog\/wp-content\/gallery\/mandelblueten\/Mandelbluete-02.jpg\" data-thumbnail=\"https:\/\/wernerdeck.de\/blog\/wp-content\/gallery\/mandelblueten\/thumbs\/thumbs_Mandelbluete-02.jpg\" data-title=\"Mandelbluete-02\" data-description=\" \" >\n\t\t\t\t\t\t\t\t<img title=\"Mandelbluete-02\" alt=\"Mandelbluete-02\" src=\"https:\/\/wernerdeck.de\/blog\/wp-content\/gallery\/mandelblueten\/thumbs\/thumbs_Mandelbluete-02.jpg\" width='240' height='160' \/>\n\t\t\t\t\t\t\t<\/a>\n\t\t\t<span>\n\t\t\t \t\t\t<\/span>\n\t\t<\/div>\n\t<\/div>\n\t\t\t\t\t\t\t\t\n\t<div id=\"ngg-image-11524\" class=\"ngg-gallery-thumbnail-box\" style=\"width:33%;\" >\n\t\t<div class=\"ngg-gallery-thumbnail\" >\n\t\t\t<a href=\"https:\/\/wernerdeck.de\/blog\/wp-content\/gallery\/mandelblueten\/Mandelbluete-03.jpg\"\n\t\t\t\ttitle=\" \"\n\t\t\t\tclass=\"ngg-simplelightbox\" rel=\"b8b7028d398d95c59187f08b867f8be1\" data-image-id=\"11524\" data-src=\"https:\/\/wernerdeck.de\/blog\/wp-content\/gallery\/mandelblueten\/Mandelbluete-03.jpg\" data-thumbnail=\"https:\/\/wernerdeck.de\/blog\/wp-content\/gallery\/mandelblueten\/thumbs\/thumbs_Mandelbluete-03.jpg\" data-title=\"Mandelbluete-03\" data-description=\" \" >\n\t\t\t\t\t\t\t\t<img title=\"Mandelbluete-03\" alt=\"Mandelbluete-03\" src=\"https:\/\/wernerdeck.de\/blog\/wp-content\/gallery\/mandelblueten\/thumbs\/thumbs_Mandelbluete-03.jpg\" width='240' height='160' \/>\n\t\t\t\t\t\t\t<\/a>\n\t\t\t<span>\n\t\t\t \t\t\t<\/span>\n\t\t<\/div>\n\t<\/div>\n\t\t\t\t\t\t\t<br style=\"clear: both\" \/>\n\t\t\t\n\t<!-- Pagination -->\n\t\t<div class='ngg-clear'><\/div>\t\n<\/div>\n\n\t\n<h3 style=\"text-align: center;\">Pedalritt in den Pf\u00e4lzer Fr\u00fchling: wir suchten nach Mandelbl\u00fcten<br \/>\n\u2013 gefunden haben wir Sonne, Pasta satt und Amarena-Eis<\/h3>\n<p>Wir disponierten kurzfristig um und erweiterten unsere Tour um einen Besuch in Bad Bergzabern. Von unserer Anh\u00f6he rollten wir bequem hinunter nach Bad Bergzabern. Das Ziel war die Innenstadt mit dem Marktplatz. Dabei kamen wir auch am <a href=\"https:\/\/www.vg-bad-bergzabern.de\/slider\/schloss\/\" target=\"_blank\" rel=\"noopener\">Schloss von Bad Bergzabern<\/a> vorbei. Das nutzten wir f\u00fcr ein paar stimmungsvolle Schlossfotos. \ud83d\ude09<\/p>\n<p>\n<div class=\"ngg-galleryoverview ngg-template-caption\" id=\"ngg-gallery-fdc7f313a0d7e437596660862ce93616-24210\">\n\n\t\t\n\t<!-- Thumbnails -->\n\t\t\t\t\t\n\t<div id=\"ngg-image-11526\" class=\"ngg-gallery-thumbnail-box\" style=\"width:25%;\" >\n\t\t<div class=\"ngg-gallery-thumbnail\" >\n\t\t\t<a href=\"https:\/\/wernerdeck.de\/blog\/wp-content\/gallery\/bad-bergzabern\/Bad-Bergzabern-03.jpg\"\n\t\t\t\ttitle=\"Fachwerk Bad Bergzabern\"\n\t\t\t\tclass=\"ngg-simplelightbox\" rel=\"fdc7f313a0d7e437596660862ce93616\" data-image-id=\"11526\" data-src=\"https:\/\/wernerdeck.de\/blog\/wp-content\/gallery\/bad-bergzabern\/Bad-Bergzabern-03.jpg\" data-thumbnail=\"https:\/\/wernerdeck.de\/blog\/wp-content\/gallery\/bad-bergzabern\/thumbs\/thumbs_Bad-Bergzabern-03.jpg\" data-title=\"Bad-Bergzabern-03\" data-description=\"Fachwerk Bad Bergzabern\" >\n\t\t\t\t\t\t\t\t<img title=\"Bad-Bergzabern-03\" alt=\"Bad-Bergzabern-03\" src=\"https:\/\/wernerdeck.de\/blog\/wp-content\/gallery\/bad-bergzabern\/thumbs\/thumbs_Bad-Bergzabern-03.jpg\" width='240' height='160' \/>\n\t\t\t\t\t\t\t<\/a>\n\t\t\t<span>\n\t\t\tFachwerk Bad Bergzabern\t\t\t<\/span>\n\t\t<\/div>\n\t<\/div>\n\t\t\t\t\t\t\t\t\n\t<div id=\"ngg-image-11530\" class=\"ngg-gallery-thumbnail-box\" style=\"width:25%;\" >\n\t\t<div class=\"ngg-gallery-thumbnail\" >\n\t\t\t<a href=\"https:\/\/wernerdeck.de\/blog\/wp-content\/gallery\/bad-bergzabern\/Bad-Bergzabern-04.jpg\"\n\t\t\t\ttitle=\"Schloss Bad Bergzabern\"\n\t\t\t\tclass=\"ngg-simplelightbox\" rel=\"fdc7f313a0d7e437596660862ce93616\" data-image-id=\"11530\" data-src=\"https:\/\/wernerdeck.de\/blog\/wp-content\/gallery\/bad-bergzabern\/Bad-Bergzabern-04.jpg\" data-thumbnail=\"https:\/\/wernerdeck.de\/blog\/wp-content\/gallery\/bad-bergzabern\/thumbs\/thumbs_Bad-Bergzabern-04.jpg\" data-title=\"Bad-Bergzabern-04\" data-description=\"Schloss Bad Bergzabern\" >\n\t\t\t\t\t\t\t\t<img title=\"Bad-Bergzabern-04\" alt=\"Bad-Bergzabern-04\" src=\"https:\/\/wernerdeck.de\/blog\/wp-content\/gallery\/bad-bergzabern\/thumbs\/thumbs_Bad-Bergzabern-04.jpg\" width='240' height='160' \/>\n\t\t\t\t\t\t\t<\/a>\n\t\t\t<span>\n\t\t\tSchloss Bad Bergzabern\t\t\t<\/span>\n\t\t<\/div>\n\t<\/div>\n\t\t\t\t\t\t\t\t\n\t<div id=\"ngg-image-11529\" class=\"ngg-gallery-thumbnail-box\" style=\"width:25%;\" >\n\t\t<div class=\"ngg-gallery-thumbnail\" >\n\t\t\t<a href=\"https:\/\/wernerdeck.de\/blog\/wp-content\/gallery\/bad-bergzabern\/Bad-Bergzabern-05.jpg\"\n\t\t\t\ttitle=\"Schlossherren \ud83d\ude09\"\n\t\t\t\tclass=\"ngg-simplelightbox\" rel=\"fdc7f313a0d7e437596660862ce93616\" data-image-id=\"11529\" data-src=\"https:\/\/wernerdeck.de\/blog\/wp-content\/gallery\/bad-bergzabern\/Bad-Bergzabern-05.jpg\" data-thumbnail=\"https:\/\/wernerdeck.de\/blog\/wp-content\/gallery\/bad-bergzabern\/thumbs\/thumbs_Bad-Bergzabern-05.jpg\" data-title=\"Bad-Bergzabern-05\" data-description=\"Schlossherren \ud83d\ude09\" >\n\t\t\t\t\t\t\t\t<img title=\"Bad-Bergzabern-05\" alt=\"Bad-Bergzabern-05\" src=\"https:\/\/wernerdeck.de\/blog\/wp-content\/gallery\/bad-bergzabern\/thumbs\/thumbs_Bad-Bergzabern-05.jpg\" width='240' height='160' \/>\n\t\t\t\t\t\t\t<\/a>\n\t\t\t<span>\n\t\t\tSchlossherren \ud83d\ude09\t\t\t<\/span>\n\t\t<\/div>\n\t<\/div>\n\t\t\t\t\t\t\t\t\n\t<div id=\"ngg-image-11532\" class=\"ngg-gallery-thumbnail-box\" style=\"width:25%;\" >\n\t\t<div class=\"ngg-gallery-thumbnail\" >\n\t\t\t<a href=\"https:\/\/wernerdeck.de\/blog\/wp-content\/gallery\/bad-bergzabern\/Bad-Bergzabern-5-01.jpg\"\n\t\t\t\ttitle=\"Schlossherren \ud83d\ude09\"\n\t\t\t\tclass=\"ngg-simplelightbox\" rel=\"fdc7f313a0d7e437596660862ce93616\" data-image-id=\"11532\" data-src=\"https:\/\/wernerdeck.de\/blog\/wp-content\/gallery\/bad-bergzabern\/Bad-Bergzabern-5-01.jpg\" data-thumbnail=\"https:\/\/wernerdeck.de\/blog\/wp-content\/gallery\/bad-bergzabern\/thumbs\/thumbs_Bad-Bergzabern-5-01.jpg\" data-title=\"Bad-Bergzabern-5-01\" data-description=\"Schlossherren \ud83d\ude09\" >\n\t\t\t\t\t\t\t\t<img title=\"Bad-Bergzabern-5-01\" alt=\"Bad-Bergzabern-5-01\" src=\"https:\/\/wernerdeck.de\/blog\/wp-content\/gallery\/bad-bergzabern\/thumbs\/thumbs_Bad-Bergzabern-5-01.jpg\" width='240' height='160' \/>\n\t\t\t\t\t\t\t<\/a>\n\t\t\t<span>\n\t\t\tSchlossherren \ud83d\ude09\t\t\t<\/span>\n\t\t<\/div>\n\t<\/div>\n\t\t\t\t\t\t\t<br style=\"clear: both\" \/>\n\t\t\t\n\t<div id=\"ngg-image-11527\" class=\"ngg-gallery-thumbnail-box\" style=\"width:25%;\" >\n\t\t<div class=\"ngg-gallery-thumbnail\" >\n\t\t\t<a href=\"https:\/\/wernerdeck.de\/blog\/wp-content\/gallery\/bad-bergzabern\/Bad-Bergzabern-08.jpg\"\n\t\t\t\ttitle=\"Marktplatz Bad Bergzabern\"\n\t\t\t\tclass=\"ngg-simplelightbox\" rel=\"fdc7f313a0d7e437596660862ce93616\" data-image-id=\"11527\" data-src=\"https:\/\/wernerdeck.de\/blog\/wp-content\/gallery\/bad-bergzabern\/Bad-Bergzabern-08.jpg\" data-thumbnail=\"https:\/\/wernerdeck.de\/blog\/wp-content\/gallery\/bad-bergzabern\/thumbs\/thumbs_Bad-Bergzabern-08.jpg\" data-title=\"Bad-Bergzabern-08\" data-description=\"Marktplatz Bad Bergzabern\" >\n\t\t\t\t\t\t\t\t<img title=\"Bad-Bergzabern-08\" alt=\"Bad-Bergzabern-08\" src=\"https:\/\/wernerdeck.de\/blog\/wp-content\/gallery\/bad-bergzabern\/thumbs\/thumbs_Bad-Bergzabern-08.jpg\" width='240' height='160' \/>\n\t\t\t\t\t\t\t<\/a>\n\t\t\t<span>\n\t\t\tMarktplatz Bad Bergzabern\t\t\t<\/span>\n\t\t<\/div>\n\t<\/div>\n\t\t\t\t\t\t\t\t\n\t<div id=\"ngg-image-11528\" class=\"ngg-gallery-thumbnail-box\" style=\"width:25%;\" >\n\t\t<div class=\"ngg-gallery-thumbnail\" >\n\t\t\t<a href=\"https:\/\/wernerdeck.de\/blog\/wp-content\/gallery\/bad-bergzabern\/Bad-Bergzabern-07.jpg\"\n\t\t\t\ttitle=\"Marktkirche, Urspr. 12. JH\"\n\t\t\t\tclass=\"ngg-simplelightbox\" rel=\"fdc7f313a0d7e437596660862ce93616\" data-image-id=\"11528\" data-src=\"https:\/\/wernerdeck.de\/blog\/wp-content\/gallery\/bad-bergzabern\/Bad-Bergzabern-07.jpg\" data-thumbnail=\"https:\/\/wernerdeck.de\/blog\/wp-content\/gallery\/bad-bergzabern\/thumbs\/thumbs_Bad-Bergzabern-07.jpg\" data-title=\"Bad-Bergzabern-07\" data-description=\"Marktkirche, Urspr. 12. JH\" >\n\t\t\t\t\t\t\t\t<img title=\"Bad-Bergzabern-07\" alt=\"Bad-Bergzabern-07\" src=\"https:\/\/wernerdeck.de\/blog\/wp-content\/gallery\/bad-bergzabern\/thumbs\/thumbs_Bad-Bergzabern-07.jpg\" width='240' height='160' \/>\n\t\t\t\t\t\t\t<\/a>\n\t\t\t<span>\n\t\t\tMarktkirche, Urspr. 12. JH\t\t\t<\/span>\n\t\t<\/div>\n\t<\/div>\n\t\t\t\t\t\t\t\t\n\t<div id=\"ngg-image-11531\" class=\"ngg-gallery-thumbnail-box\" style=\"width:25%;\" >\n\t\t<div class=\"ngg-gallery-thumbnail\" >\n\t\t\t<a href=\"https:\/\/wernerdeck.de\/blog\/wp-content\/gallery\/bad-bergzabern\/Bad-Bergzabern-06.jpg\"\n\t\t\t\ttitle=\"Marktplatz Bad Bergzabern\"\n\t\t\t\tclass=\"ngg-simplelightbox\" rel=\"fdc7f313a0d7e437596660862ce93616\" data-image-id=\"11531\" data-src=\"https:\/\/wernerdeck.de\/blog\/wp-content\/gallery\/bad-bergzabern\/Bad-Bergzabern-06.jpg\" data-thumbnail=\"https:\/\/wernerdeck.de\/blog\/wp-content\/gallery\/bad-bergzabern\/thumbs\/thumbs_Bad-Bergzabern-06.jpg\" data-title=\"Bad-Bergzabern-06\" data-description=\"Marktplatz Bad Bergzabern\" >\n\t\t\t\t\t\t\t\t<img title=\"Bad-Bergzabern-06\" alt=\"Bad-Bergzabern-06\" src=\"https:\/\/wernerdeck.de\/blog\/wp-content\/gallery\/bad-bergzabern\/thumbs\/thumbs_Bad-Bergzabern-06.jpg\" width='240' height='160' \/>\n\t\t\t\t\t\t\t<\/a>\n\t\t\t<span>\n\t\t\tMarktplatz Bad Bergzabern\t\t\t<\/span>\n\t\t<\/div>\n\t<\/div>\n\t\t\t\t\t\t\t\t\n\t<div id=\"ngg-image-11533\" class=\"ngg-gallery-thumbnail-box\" style=\"width:25%;\" >\n\t\t<div class=\"ngg-gallery-thumbnail\" >\n\t\t\t<a href=\"https:\/\/wernerdeck.de\/blog\/wp-content\/gallery\/bad-bergzabern\/Bad-Bergzabern-09.jpg\"\n\t\t\t\ttitle=\"Marktplatz Bad Bergzabern\"\n\t\t\t\tclass=\"ngg-simplelightbox\" rel=\"fdc7f313a0d7e437596660862ce93616\" data-image-id=\"11533\" data-src=\"https:\/\/wernerdeck.de\/blog\/wp-content\/gallery\/bad-bergzabern\/Bad-Bergzabern-09.jpg\" data-thumbnail=\"https:\/\/wernerdeck.de\/blog\/wp-content\/gallery\/bad-bergzabern\/thumbs\/thumbs_Bad-Bergzabern-09.jpg\" data-title=\"Bad-Bergzabern-09\" data-description=\"Marktplatz Bad Bergzabern\" >\n\t\t\t\t\t\t\t\t<img title=\"Bad-Bergzabern-09\" alt=\"Bad-Bergzabern-09\" src=\"https:\/\/wernerdeck.de\/blog\/wp-content\/gallery\/bad-bergzabern\/thumbs\/thumbs_Bad-Bergzabern-09.jpg\" width='240' height='160' \/>\n\t\t\t\t\t\t\t<\/a>\n\t\t\t<span>\n\t\t\tMarktplatz Bad Bergzabern\t\t\t<\/span>\n\t\t<\/div>\n\t<\/div>\n\t\t\t\t\t\t\t<br style=\"clear: both\" \/>\n\t\t\t\n\t<!-- Pagination -->\n\t\t<div class='ngg-clear'><\/div>\t\n<\/div>\n\n\tZwischenzeitlich war es 13:30 Uhr geworden und unsere M\u00e4gen meldeten sich mit einem leichten Hungergef\u00fchl. Da passte <a href=\"https:\/\/www.kamels-restaurant.de\/\" target=\"_blank\" rel=\"noopener\">\u201eKamels Restaurant\u201c<\/a> am Rande des Marktplatzes perfekt in unseren Plan. Drau\u00dfen in des Sonne sitzend, genossen wir Spaghetti mit Meeresfr\u00fcchten (pikant) und Spaghetti Bolognese. War megagut und die Portionen so gro\u00df, dass wir uns den Rest einpacken lie\u00dfen.<\/p>\n<p>Da durfte zum Nachtisch ein erfrischendes Eis aus dem gegen\u00fcber liegenden <a href=\"https:\/\/eis-cafe-gelatiamo.eatbu.com\/?lang=de\" target=\"_blank\" rel=\"noopener\">\u201eEis Cafe Gelatiamo\u201c<\/a> nicht fehlen. Anton und Michael beschr\u00e4nkten sich auf eine Kugel Amarena, ich g\u00f6nnte mir gleich einen ganzen Amarenabecher. \ud83e\udee3\ud83d\ude09<\/p>\n<p>\n<div class=\"ngg-galleryoverview ngg-template-caption\" id=\"ngg-gallery-eafeb6b4220a105fb3bb7dd470595207-24210\">\n\n\t\t\n\t<!-- Thumbnails -->\n\t\t\t\t\t\n\t<div id=\"ngg-image-11534\" class=\"ngg-gallery-thumbnail-box\" style=\"width:20%;\" >\n\t\t<div class=\"ngg-gallery-thumbnail\" >\n\t\t\t<a href=\"https:\/\/wernerdeck.de\/blog\/wp-content\/gallery\/mittagessen-bad-berzabern\/Mittagessen-in-Bad-Bergzabern-01.jpg\"\n\t\t\t\ttitle=\"Kamels Restaurant\"\n\t\t\t\tclass=\"ngg-simplelightbox\" rel=\"eafeb6b4220a105fb3bb7dd470595207\" data-image-id=\"11534\" data-src=\"https:\/\/wernerdeck.de\/blog\/wp-content\/gallery\/mittagessen-bad-berzabern\/Mittagessen-in-Bad-Bergzabern-01.jpg\" data-thumbnail=\"https:\/\/wernerdeck.de\/blog\/wp-content\/gallery\/mittagessen-bad-berzabern\/thumbs\/thumbs_Mittagessen-in-Bad-Bergzabern-01.jpg\" data-title=\"Mittagessen-in-Bad-Bergzabern-01\" data-description=\"Kamels Restaurant\" >\n\t\t\t\t\t\t\t\t<img title=\"Mittagessen-in-Bad-Bergzabern-01\" alt=\"Mittagessen-in-Bad-Bergzabern-01\" src=\"https:\/\/wernerdeck.de\/blog\/wp-content\/gallery\/mittagessen-bad-berzabern\/thumbs\/thumbs_Mittagessen-in-Bad-Bergzabern-01.jpg\" width='240' height='160' \/>\n\t\t\t\t\t\t\t<\/a>\n\t\t\t<span>\n\t\t\tKamels Restaurant\t\t\t<\/span>\n\t\t<\/div>\n\t<\/div>\n\t\t\t\t\t\t\t\t\n\t<div id=\"ngg-image-11538\" class=\"ngg-gallery-thumbnail-box\" style=\"width:20%;\" >\n\t\t<div class=\"ngg-gallery-thumbnail\" >\n\t\t\t<a href=\"https:\/\/wernerdeck.de\/blog\/wp-content\/gallery\/mittagessen-bad-berzabern\/Mittagessen-in-Bad-Bergzabern-02.jpg\"\n\t\t\t\ttitle=\"Kamels Restaurant\"\n\t\t\t\tclass=\"ngg-simplelightbox\" rel=\"eafeb6b4220a105fb3bb7dd470595207\" data-image-id=\"11538\" data-src=\"https:\/\/wernerdeck.de\/blog\/wp-content\/gallery\/mittagessen-bad-berzabern\/Mittagessen-in-Bad-Bergzabern-02.jpg\" data-thumbnail=\"https:\/\/wernerdeck.de\/blog\/wp-content\/gallery\/mittagessen-bad-berzabern\/thumbs\/thumbs_Mittagessen-in-Bad-Bergzabern-02.jpg\" data-title=\"Mittagessen-in-Bad-Bergzabern-02\" data-description=\"Kamels Restaurant\" >\n\t\t\t\t\t\t\t\t<img title=\"Mittagessen-in-Bad-Bergzabern-02\" alt=\"Mittagessen-in-Bad-Bergzabern-02\" src=\"https:\/\/wernerdeck.de\/blog\/wp-content\/gallery\/mittagessen-bad-berzabern\/thumbs\/thumbs_Mittagessen-in-Bad-Bergzabern-02.jpg\" width='240' height='160' \/>\n\t\t\t\t\t\t\t<\/a>\n\t\t\t<span>\n\t\t\tKamels Restaurant\t\t\t<\/span>\n\t\t<\/div>\n\t<\/div>\n\t\t\t\t\t\t\t\t\n\t<div id=\"ngg-image-11537\" class=\"ngg-gallery-thumbnail-box\" style=\"width:20%;\" >\n\t\t<div class=\"ngg-gallery-thumbnail\" >\n\t\t\t<a href=\"https:\/\/wernerdeck.de\/blog\/wp-content\/gallery\/mittagessen-bad-berzabern\/Mittagessen-in-Bad-Bergzabern-03.jpg\"\n\t\t\t\ttitle=\"Kamels Restaurant\"\n\t\t\t\tclass=\"ngg-simplelightbox\" rel=\"eafeb6b4220a105fb3bb7dd470595207\" data-image-id=\"11537\" data-src=\"https:\/\/wernerdeck.de\/blog\/wp-content\/gallery\/mittagessen-bad-berzabern\/Mittagessen-in-Bad-Bergzabern-03.jpg\" data-thumbnail=\"https:\/\/wernerdeck.de\/blog\/wp-content\/gallery\/mittagessen-bad-berzabern\/thumbs\/thumbs_Mittagessen-in-Bad-Bergzabern-03.jpg\" data-title=\"Mittagessen-in-Bad-Bergzabern-03\" data-description=\"Kamels Restaurant\" >\n\t\t\t\t\t\t\t\t<img title=\"Mittagessen-in-Bad-Bergzabern-03\" alt=\"Mittagessen-in-Bad-Bergzabern-03\" src=\"https:\/\/wernerdeck.de\/blog\/wp-content\/gallery\/mittagessen-bad-berzabern\/thumbs\/thumbs_Mittagessen-in-Bad-Bergzabern-03.jpg\" width='240' height='160' \/>\n\t\t\t\t\t\t\t<\/a>\n\t\t\t<span>\n\t\t\tKamels Restaurant\t\t\t<\/span>\n\t\t<\/div>\n\t<\/div>\n\t\t\t\t\t\t\t\t\n\t<div id=\"ngg-image-11535\" class=\"ngg-gallery-thumbnail-box\" style=\"width:20%;\" >\n\t\t<div class=\"ngg-gallery-thumbnail\" >\n\t\t\t<a href=\"https:\/\/wernerdeck.de\/blog\/wp-content\/gallery\/mittagessen-bad-berzabern\/Mittagessen-in-Bad-Bergzabern-04.jpg\"\n\t\t\t\ttitle=\"Speisekarte\"\n\t\t\t\tclass=\"ngg-simplelightbox\" rel=\"eafeb6b4220a105fb3bb7dd470595207\" data-image-id=\"11535\" data-src=\"https:\/\/wernerdeck.de\/blog\/wp-content\/gallery\/mittagessen-bad-berzabern\/Mittagessen-in-Bad-Bergzabern-04.jpg\" data-thumbnail=\"https:\/\/wernerdeck.de\/blog\/wp-content\/gallery\/mittagessen-bad-berzabern\/thumbs\/thumbs_Mittagessen-in-Bad-Bergzabern-04.jpg\" data-title=\"Mittagessen-in-Bad-Bergzabern-04\" data-description=\"Speisekarte\" >\n\t\t\t\t\t\t\t\t<img title=\"Mittagessen-in-Bad-Bergzabern-04\" alt=\"Mittagessen-in-Bad-Bergzabern-04\" src=\"https:\/\/wernerdeck.de\/blog\/wp-content\/gallery\/mittagessen-bad-berzabern\/thumbs\/thumbs_Mittagessen-in-Bad-Bergzabern-04.jpg\" width='240' height='160' \/>\n\t\t\t\t\t\t\t<\/a>\n\t\t\t<span>\n\t\t\tSpeisekarte\t\t\t<\/span>\n\t\t<\/div>\n\t<\/div>\n\t\t\t\t\t\t\t\t\n\t<div id=\"ngg-image-11536\" class=\"ngg-gallery-thumbnail-box\" style=\"width:20%;\" >\n\t\t<div class=\"ngg-gallery-thumbnail\" >\n\t\t\t<a href=\"https:\/\/wernerdeck.de\/blog\/wp-content\/gallery\/mittagessen-bad-berzabern\/Mittagessen-in-Bad-Bergzabern-05.jpg\"\n\t\t\t\ttitle=\"Genuss in der Sonne\"\n\t\t\t\tclass=\"ngg-simplelightbox\" rel=\"eafeb6b4220a105fb3bb7dd470595207\" data-image-id=\"11536\" data-src=\"https:\/\/wernerdeck.de\/blog\/wp-content\/gallery\/mittagessen-bad-berzabern\/Mittagessen-in-Bad-Bergzabern-05.jpg\" data-thumbnail=\"https:\/\/wernerdeck.de\/blog\/wp-content\/gallery\/mittagessen-bad-berzabern\/thumbs\/thumbs_Mittagessen-in-Bad-Bergzabern-05.jpg\" data-title=\"Mittagessen-in-Bad-Bergzabern-05\" data-description=\"Genuss in der Sonne\" >\n\t\t\t\t\t\t\t\t<img title=\"Mittagessen-in-Bad-Bergzabern-05\" alt=\"Mittagessen-in-Bad-Bergzabern-05\" src=\"https:\/\/wernerdeck.de\/blog\/wp-content\/gallery\/mittagessen-bad-berzabern\/thumbs\/thumbs_Mittagessen-in-Bad-Bergzabern-05.jpg\" width='240' height='160' \/>\n\t\t\t\t\t\t\t<\/a>\n\t\t\t<span>\n\t\t\tGenuss in der Sonne\t\t\t<\/span>\n\t\t<\/div>\n\t<\/div>\n\t\t\t\t\t\t\t<br style=\"clear: both\" \/>\n\t\t\t\n\t<div id=\"ngg-image-11539\" class=\"ngg-gallery-thumbnail-box\" style=\"width:20%;\" >\n\t\t<div class=\"ngg-gallery-thumbnail\" >\n\t\t\t<a href=\"https:\/\/wernerdeck.de\/blog\/wp-content\/gallery\/mittagessen-bad-berzabern\/Mittagessen-in-Bad-Bergzabern-06.jpg\"\n\t\t\t\ttitle=\"Genuss in der Sonne\"\n\t\t\t\tclass=\"ngg-simplelightbox\" rel=\"eafeb6b4220a105fb3bb7dd470595207\" data-image-id=\"11539\" data-src=\"https:\/\/wernerdeck.de\/blog\/wp-content\/gallery\/mittagessen-bad-berzabern\/Mittagessen-in-Bad-Bergzabern-06.jpg\" data-thumbnail=\"https:\/\/wernerdeck.de\/blog\/wp-content\/gallery\/mittagessen-bad-berzabern\/thumbs\/thumbs_Mittagessen-in-Bad-Bergzabern-06.jpg\" data-title=\"Mittagessen-in-Bad-Bergzabern-06\" data-description=\"Genuss in der Sonne\" >\n\t\t\t\t\t\t\t\t<img title=\"Mittagessen-in-Bad-Bergzabern-06\" alt=\"Mittagessen-in-Bad-Bergzabern-06\" src=\"https:\/\/wernerdeck.de\/blog\/wp-content\/gallery\/mittagessen-bad-berzabern\/thumbs\/thumbs_Mittagessen-in-Bad-Bergzabern-06.jpg\" width='240' height='160' \/>\n\t\t\t\t\t\t\t<\/a>\n\t\t\t<span>\n\t\t\tGenuss in der Sonne\t\t\t<\/span>\n\t\t<\/div>\n\t<\/div>\n\t\t\t\t\t\t\t\t\n\t<div id=\"ngg-image-11540\" class=\"ngg-gallery-thumbnail-box\" style=\"width:20%;\" >\n\t\t<div class=\"ngg-gallery-thumbnail\" >\n\t\t\t<a href=\"https:\/\/wernerdeck.de\/blog\/wp-content\/gallery\/mittagessen-bad-berzabern\/Mittagessen-in-Bad-Bergzabern-07.jpg\"\n\t\t\t\ttitle=\"Eis Cafe Gelatiamo\"\n\t\t\t\tclass=\"ngg-simplelightbox\" rel=\"eafeb6b4220a105fb3bb7dd470595207\" data-image-id=\"11540\" data-src=\"https:\/\/wernerdeck.de\/blog\/wp-content\/gallery\/mittagessen-bad-berzabern\/Mittagessen-in-Bad-Bergzabern-07.jpg\" data-thumbnail=\"https:\/\/wernerdeck.de\/blog\/wp-content\/gallery\/mittagessen-bad-berzabern\/thumbs\/thumbs_Mittagessen-in-Bad-Bergzabern-07.jpg\" data-title=\"Mittagessen-in-Bad-Bergzabern-07\" data-description=\"Eis Cafe Gelatiamo\" >\n\t\t\t\t\t\t\t\t<img title=\"Mittagessen-in-Bad-Bergzabern-07\" alt=\"Mittagessen-in-Bad-Bergzabern-07\" src=\"https:\/\/wernerdeck.de\/blog\/wp-content\/gallery\/mittagessen-bad-berzabern\/thumbs\/thumbs_Mittagessen-in-Bad-Bergzabern-07.jpg\" width='240' height='160' \/>\n\t\t\t\t\t\t\t<\/a>\n\t\t\t<span>\n\t\t\tEis Cafe Gelatiamo\t\t\t<\/span>\n\t\t<\/div>\n\t<\/div>\n\t\t\t\t\t\t\t\t\n\t<div id=\"ngg-image-11542\" class=\"ngg-gallery-thumbnail-box\" style=\"width:20%;\" >\n\t\t<div class=\"ngg-gallery-thumbnail\" >\n\t\t\t<a href=\"https:\/\/wernerdeck.de\/blog\/wp-content\/gallery\/mittagessen-bad-berzabern\/Mittagessen-in-Bad-Bergzabern-08.jpg\"\n\t\t\t\ttitle=\"MEIN Amarenabecher\"\n\t\t\t\tclass=\"ngg-simplelightbox\" rel=\"eafeb6b4220a105fb3bb7dd470595207\" data-image-id=\"11542\" data-src=\"https:\/\/wernerdeck.de\/blog\/wp-content\/gallery\/mittagessen-bad-berzabern\/Mittagessen-in-Bad-Bergzabern-08.jpg\" data-thumbnail=\"https:\/\/wernerdeck.de\/blog\/wp-content\/gallery\/mittagessen-bad-berzabern\/thumbs\/thumbs_Mittagessen-in-Bad-Bergzabern-08.jpg\" data-title=\"Mittagessen-in-Bad-Bergzabern-08\" data-description=\"MEIN Amarenabecher\" >\n\t\t\t\t\t\t\t\t<img title=\"Mittagessen-in-Bad-Bergzabern-08\" alt=\"Mittagessen-in-Bad-Bergzabern-08\" src=\"https:\/\/wernerdeck.de\/blog\/wp-content\/gallery\/mittagessen-bad-berzabern\/thumbs\/thumbs_Mittagessen-in-Bad-Bergzabern-08.jpg\" width='240' height='160' \/>\n\t\t\t\t\t\t\t<\/a>\n\t\t\t<span>\n\t\t\tMEIN Amarenabecher\t\t\t<\/span>\n\t\t<\/div>\n\t<\/div>\n\t\t\t\t\t\t\t\t\n\t<div id=\"ngg-image-11541\" class=\"ngg-gallery-thumbnail-box\" style=\"width:20%;\" >\n\t\t<div class=\"ngg-gallery-thumbnail\" >\n\t\t\t<a href=\"https:\/\/wernerdeck.de\/blog\/wp-content\/gallery\/mittagessen-bad-berzabern\/Mittagessen-in-Bad-Bergzabern-10.jpg\"\n\t\t\t\ttitle=\"Amarenabecher\"\n\t\t\t\tclass=\"ngg-simplelightbox\" rel=\"eafeb6b4220a105fb3bb7dd470595207\" data-image-id=\"11541\" data-src=\"https:\/\/wernerdeck.de\/blog\/wp-content\/gallery\/mittagessen-bad-berzabern\/Mittagessen-in-Bad-Bergzabern-10.jpg\" data-thumbnail=\"https:\/\/wernerdeck.de\/blog\/wp-content\/gallery\/mittagessen-bad-berzabern\/thumbs\/thumbs_Mittagessen-in-Bad-Bergzabern-10.jpg\" data-title=\"Mittagessen-in-Bad-Bergzabern-10\" data-description=\"Amarenabecher\" >\n\t\t\t\t\t\t\t\t<img title=\"Mittagessen-in-Bad-Bergzabern-10\" alt=\"Mittagessen-in-Bad-Bergzabern-10\" src=\"https:\/\/wernerdeck.de\/blog\/wp-content\/gallery\/mittagessen-bad-berzabern\/thumbs\/thumbs_Mittagessen-in-Bad-Bergzabern-10.jpg\" width='240' height='160' \/>\n\t\t\t\t\t\t\t<\/a>\n\t\t\t<span>\n\t\t\tAmarenabecher\t\t\t<\/span>\n\t\t<\/div>\n\t<\/div>\n\t\t\t\t\t\t\t\t\n\t<div id=\"ngg-image-11543\" class=\"ngg-gallery-thumbnail-box\" style=\"width:20%;\" >\n\t\t<div class=\"ngg-gallery-thumbnail\" >\n\t\t\t<a href=\"https:\/\/wernerdeck.de\/blog\/wp-content\/gallery\/mittagessen-bad-berzabern\/Mittagessen-in-Bad-Bergzabern-11.jpg\"\n\t\t\t\ttitle=\"S\u00fc\u00dfer Genuss\"\n\t\t\t\tclass=\"ngg-simplelightbox\" rel=\"eafeb6b4220a105fb3bb7dd470595207\" data-image-id=\"11543\" data-src=\"https:\/\/wernerdeck.de\/blog\/wp-content\/gallery\/mittagessen-bad-berzabern\/Mittagessen-in-Bad-Bergzabern-11.jpg\" data-thumbnail=\"https:\/\/wernerdeck.de\/blog\/wp-content\/gallery\/mittagessen-bad-berzabern\/thumbs\/thumbs_Mittagessen-in-Bad-Bergzabern-11.jpg\" data-title=\"Mittagessen-in-Bad-Bergzabern-11\" data-description=\"S\u00fc\u00dfer Genuss\" >\n\t\t\t\t\t\t\t\t<img title=\"Mittagessen-in-Bad-Bergzabern-11\" alt=\"Mittagessen-in-Bad-Bergzabern-11\" src=\"https:\/\/wernerdeck.de\/blog\/wp-content\/gallery\/mittagessen-bad-berzabern\/thumbs\/thumbs_Mittagessen-in-Bad-Bergzabern-11.jpg\" width='240' height='160' \/>\n\t\t\t\t\t\t\t<\/a>\n\t\t\t<span>\n\t\t\tS\u00fc\u00dfer Genuss\t\t\t<\/span>\n\t\t<\/div>\n\t<\/div>\n\t\t\t\t\t\t\t<br style=\"clear: both\" \/>\n\t\t\t\n\t<!-- Pagination -->\n\t\t<div class='ngg-clear'><\/div>\t\n<\/div>\n\n\tMehr als satt und bestens gelaunt traten wir die R\u00fcckfahrt an. Kurz nach dem beschaulichen Dierbach, hatten es Anton und Michael pl\u00f6tzlich ziemlich eilig. Beide hatten am Abend noch einen Termin und wollten deshalb in Winden p\u00fcnktlich in den Zug nach Karlsruhe steigen. Ich kam kaum noch hinterher und zum Abschied reichte es nur noch zu einem entfernten Winken.<\/p>\n\n<div class=\"ngg-galleryoverview ngg-template-caption\" id=\"ngg-gallery-b46b8af853623abf4f2b03fd80e8101c-24210\">\n\n\t\t\n\t<!-- Thumbnails -->\n\t\t\t\t\t\n\t<div id=\"ngg-image-11546\" class=\"ngg-gallery-thumbnail-box\" style=\"width:25%;\" >\n\t\t<div class=\"ngg-gallery-thumbnail\" >\n\t\t\t<a href=\"https:\/\/wernerdeck.de\/blog\/wp-content\/gallery\/winden\/Kurz-vor-Winden-trennten-sich-unsere-Wege-02.jpg\"\n\t\t\t\ttitle=\"Satt und gut gelaunt\"\n\t\t\t\tclass=\"ngg-simplelightbox\" rel=\"b46b8af853623abf4f2b03fd80e8101c\" data-image-id=\"11546\" data-src=\"https:\/\/wernerdeck.de\/blog\/wp-content\/gallery\/winden\/Kurz-vor-Winden-trennten-sich-unsere-Wege-02.jpg\" data-thumbnail=\"https:\/\/wernerdeck.de\/blog\/wp-content\/gallery\/winden\/thumbs\/thumbs_Kurz-vor-Winden-trennten-sich-unsere-Wege-02.jpg\" data-title=\"Kurz-vor-Winden-trennten-sich-unsere-Wege-02\" data-description=\"Satt und gut gelaunt\" >\n\t\t\t\t\t\t\t\t<img title=\"Kurz-vor-Winden-trennten-sich-unsere-Wege-02\" alt=\"Kurz-vor-Winden-trennten-sich-unsere-Wege-02\" src=\"https:\/\/wernerdeck.de\/blog\/wp-content\/gallery\/winden\/thumbs\/thumbs_Kurz-vor-Winden-trennten-sich-unsere-Wege-02.jpg\" width='240' height='160' \/>\n\t\t\t\t\t\t\t<\/a>\n\t\t\t<span>\n\t\t\tSatt und gut gelaunt\t\t\t<\/span>\n\t\t<\/div>\n\t<\/div>\n\t\t\t\t\t\t\t\t\n\t<div id=\"ngg-image-11547\" class=\"ngg-gallery-thumbnail-box\" style=\"width:25%;\" >\n\t\t<div class=\"ngg-gallery-thumbnail\" >\n\t\t\t<a href=\"https:\/\/wernerdeck.de\/blog\/wp-content\/gallery\/winden\/Kurz-vor-Winden-trennten-sich-unsere-Wege-01.jpg\"\n\t\t\t\ttitle=\"Die Zwei habens jetzt eilig\"\n\t\t\t\tclass=\"ngg-simplelightbox\" rel=\"b46b8af853623abf4f2b03fd80e8101c\" data-image-id=\"11547\" data-src=\"https:\/\/wernerdeck.de\/blog\/wp-content\/gallery\/winden\/Kurz-vor-Winden-trennten-sich-unsere-Wege-01.jpg\" data-thumbnail=\"https:\/\/wernerdeck.de\/blog\/wp-content\/gallery\/winden\/thumbs\/thumbs_Kurz-vor-Winden-trennten-sich-unsere-Wege-01.jpg\" data-title=\"Kurz-vor-Winden-trennten-sich-unsere-Wege-01\" data-description=\"Die Zwei habens jetzt eilig\" >\n\t\t\t\t\t\t\t\t<img title=\"Kurz-vor-Winden-trennten-sich-unsere-Wege-01\" alt=\"Kurz-vor-Winden-trennten-sich-unsere-Wege-01\" src=\"https:\/\/wernerdeck.de\/blog\/wp-content\/gallery\/winden\/thumbs\/thumbs_Kurz-vor-Winden-trennten-sich-unsere-Wege-01.jpg\" width='240' height='160' \/>\n\t\t\t\t\t\t\t<\/a>\n\t\t\t<span>\n\t\t\tDie Zwei habens jetzt eilig\t\t\t<\/span>\n\t\t<\/div>\n\t<\/div>\n\t\t\t\t\t\t\t\t\n\t<div id=\"ngg-image-11545\" class=\"ngg-gallery-thumbnail-box\" style=\"width:25%;\" >\n\t\t<div class=\"ngg-gallery-thumbnail\" >\n\t\t\t<a href=\"https:\/\/wernerdeck.de\/blog\/wp-content\/gallery\/winden\/Kurz-vor-Winden-trennten-sich-unsere-Wege-03.jpg\"\n\t\t\t\ttitle=\"Auf zum Zug in Winden\"\n\t\t\t\tclass=\"ngg-simplelightbox\" rel=\"b46b8af853623abf4f2b03fd80e8101c\" data-image-id=\"11545\" data-src=\"https:\/\/wernerdeck.de\/blog\/wp-content\/gallery\/winden\/Kurz-vor-Winden-trennten-sich-unsere-Wege-03.jpg\" data-thumbnail=\"https:\/\/wernerdeck.de\/blog\/wp-content\/gallery\/winden\/thumbs\/thumbs_Kurz-vor-Winden-trennten-sich-unsere-Wege-03.jpg\" data-title=\"Kurz-vor-Winden-trennten-sich-unsere-Wege-03\" data-description=\"Auf zum Zug in Winden\" >\n\t\t\t\t\t\t\t\t<img title=\"Kurz-vor-Winden-trennten-sich-unsere-Wege-03\" alt=\"Kurz-vor-Winden-trennten-sich-unsere-Wege-03\" src=\"https:\/\/wernerdeck.de\/blog\/wp-content\/gallery\/winden\/thumbs\/thumbs_Kurz-vor-Winden-trennten-sich-unsere-Wege-03.jpg\" width='240' height='160' \/>\n\t\t\t\t\t\t\t<\/a>\n\t\t\t<span>\n\t\t\tAuf zum Zug in Winden\t\t\t<\/span>\n\t\t<\/div>\n\t<\/div>\n\t\t\t\t\t\t\t\t\n\t<div id=\"ngg-image-11544\" class=\"ngg-gallery-thumbnail-box\" style=\"width:25%;\" >\n\t\t<div class=\"ngg-gallery-thumbnail\" >\n\t\t\t<a href=\"https:\/\/wernerdeck.de\/blog\/wp-content\/gallery\/winden\/Kurz-vor-Winden-trennten-sich-unsere-Wege-04.jpg\"\n\t\t\t\ttitle=\"Tsch\u00fcss\"\n\t\t\t\tclass=\"ngg-simplelightbox\" rel=\"b46b8af853623abf4f2b03fd80e8101c\" data-image-id=\"11544\" data-src=\"https:\/\/wernerdeck.de\/blog\/wp-content\/gallery\/winden\/Kurz-vor-Winden-trennten-sich-unsere-Wege-04.jpg\" data-thumbnail=\"https:\/\/wernerdeck.de\/blog\/wp-content\/gallery\/winden\/thumbs\/thumbs_Kurz-vor-Winden-trennten-sich-unsere-Wege-04.jpg\" data-title=\"Kurz-vor-Winden-trennten-sich-unsere-Wege-04\" data-description=\"Tsch\u00fcss\" >\n\t\t\t\t\t\t\t\t<img title=\"Kurz-vor-Winden-trennten-sich-unsere-Wege-04\" alt=\"Kurz-vor-Winden-trennten-sich-unsere-Wege-04\" src=\"https:\/\/wernerdeck.de\/blog\/wp-content\/gallery\/winden\/thumbs\/thumbs_Kurz-vor-Winden-trennten-sich-unsere-Wege-04.jpg\" width='240' height='160' \/>\n\t\t\t\t\t\t\t<\/a>\n\t\t\t<span>\n\t\t\tTsch\u00fcss\t\t\t<\/span>\n\t\t<\/div>\n\t<\/div>\n\t\t\t\t\t\t\t<br style=\"clear: both\" \/>\n\t\t\t\n\t<!-- Pagination -->\n\t\t<div class='ngg-clear'><\/div>\t\n<\/div>\n\n\t\n<p>F\u00fcr mich ging die Tour nun im Alleingang weiter. Die letzten rund 27 Kilometer f\u00fchrten mich \u00fcber Minfeld, Kandel, Rheinzabern und Neupotz zur\u00fcck zur F\u00e4hre in Leimersheim.<\/p>\n<p>\n<div class=\"ngg-galleryoverview ngg-template-caption\" id=\"ngg-gallery-4f1493530c47eff069f0b3299dbaaf0b-24210\">\n\n\t\t\n\t<!-- Thumbnails -->\n\t\t\t\t\t\n\t<div id=\"ngg-image-11549\" class=\"ngg-gallery-thumbnail-box\" style=\"width:25%;\" >\n\t\t<div class=\"ngg-gallery-thumbnail\" >\n\t\t\t<a href=\"https:\/\/wernerdeck.de\/blog\/wp-content\/gallery\/heimweg1\/Heimweg-Radtour-ueber-Kandel-und-Rheinzabern-01.jpg\"\n\t\t\t\ttitle=\"Wind und Wasser \"\n\t\t\t\tclass=\"ngg-simplelightbox\" rel=\"4f1493530c47eff069f0b3299dbaaf0b\" data-image-id=\"11549\" data-src=\"https:\/\/wernerdeck.de\/blog\/wp-content\/gallery\/heimweg1\/Heimweg-Radtour-ueber-Kandel-und-Rheinzabern-01.jpg\" data-thumbnail=\"https:\/\/wernerdeck.de\/blog\/wp-content\/gallery\/heimweg1\/thumbs\/thumbs_Heimweg-Radtour-ueber-Kandel-und-Rheinzabern-01.jpg\" data-title=\"Heimweg-Radtour-ueber-Kandel-und-Rheinzabern-01\" data-description=\"Wind und Wasser \" >\n\t\t\t\t\t\t\t\t<img title=\"Heimweg-Radtour-ueber-Kandel-und-Rheinzabern-01\" alt=\"Heimweg-Radtour-ueber-Kandel-und-Rheinzabern-01\" src=\"https:\/\/wernerdeck.de\/blog\/wp-content\/gallery\/heimweg1\/thumbs\/thumbs_Heimweg-Radtour-ueber-Kandel-und-Rheinzabern-01.jpg\" width='240' height='160' \/>\n\t\t\t\t\t\t\t<\/a>\n\t\t\t<span>\n\t\t\tWind und Wasser \t\t\t<\/span>\n\t\t<\/div>\n\t<\/div>\n\t\t\t\t\t\t\t\t\n\t<div id=\"ngg-image-11548\" class=\"ngg-gallery-thumbnail-box\" style=\"width:25%;\" >\n\t\t<div class=\"ngg-gallery-thumbnail\" >\n\t\t\t<a href=\"https:\/\/wernerdeck.de\/blog\/wp-content\/gallery\/heimweg1\/Heimweg-Radtour-ueber-Kandel-und-Rheinzabern-02.jpg\"\n\t\t\t\ttitle=\"Gl\u00fcck gehabt\"\n\t\t\t\tclass=\"ngg-simplelightbox\" rel=\"4f1493530c47eff069f0b3299dbaaf0b\" data-image-id=\"11548\" data-src=\"https:\/\/wernerdeck.de\/blog\/wp-content\/gallery\/heimweg1\/Heimweg-Radtour-ueber-Kandel-und-Rheinzabern-02.jpg\" data-thumbnail=\"https:\/\/wernerdeck.de\/blog\/wp-content\/gallery\/heimweg1\/thumbs\/thumbs_Heimweg-Radtour-ueber-Kandel-und-Rheinzabern-02.jpg\" data-title=\"Heimweg-Radtour-ueber-Kandel-und-Rheinzabern-02\" data-description=\"Gl\u00fcck gehabt\" >\n\t\t\t\t\t\t\t\t<img title=\"Heimweg-Radtour-ueber-Kandel-und-Rheinzabern-02\" alt=\"Heimweg-Radtour-ueber-Kandel-und-Rheinzabern-02\" src=\"https:\/\/wernerdeck.de\/blog\/wp-content\/gallery\/heimweg1\/thumbs\/thumbs_Heimweg-Radtour-ueber-Kandel-und-Rheinzabern-02.jpg\" width='240' height='160' \/>\n\t\t\t\t\t\t\t<\/a>\n\t\t\t<span>\n\t\t\tGl\u00fcck gehabt\t\t\t<\/span>\n\t\t<\/div>\n\t<\/div>\n\t\t\t\t\t\t\t\t\n\t<div id=\"ngg-image-11551\" class=\"ngg-gallery-thumbnail-box\" style=\"width:25%;\" >\n\t\t<div class=\"ngg-gallery-thumbnail\" >\n\t\t\t<a href=\"https:\/\/wernerdeck.de\/blog\/wp-content\/gallery\/heimweg1\/Heimweg-Radtour-ueber-Kandel-und-Rheinzabern-03.jpg\"\n\t\t\t\ttitle=\" \"\n\t\t\t\tclass=\"ngg-simplelightbox\" rel=\"4f1493530c47eff069f0b3299dbaaf0b\" data-image-id=\"11551\" data-src=\"https:\/\/wernerdeck.de\/blog\/wp-content\/gallery\/heimweg1\/Heimweg-Radtour-ueber-Kandel-und-Rheinzabern-03.jpg\" data-thumbnail=\"https:\/\/wernerdeck.de\/blog\/wp-content\/gallery\/heimweg1\/thumbs\/thumbs_Heimweg-Radtour-ueber-Kandel-und-Rheinzabern-03.jpg\" data-title=\"Heimweg-Radtour-ueber-Kandel-und-Rheinzabern-03\" data-description=\" \" >\n\t\t\t\t\t\t\t\t<img title=\"Heimweg-Radtour-ueber-Kandel-und-Rheinzabern-03\" alt=\"Heimweg-Radtour-ueber-Kandel-und-Rheinzabern-03\" src=\"https:\/\/wernerdeck.de\/blog\/wp-content\/gallery\/heimweg1\/thumbs\/thumbs_Heimweg-Radtour-ueber-Kandel-und-Rheinzabern-03.jpg\" width='240' height='160' \/>\n\t\t\t\t\t\t\t<\/a>\n\t\t\t<span>\n\t\t\t \t\t\t<\/span>\n\t\t<\/div>\n\t<\/div>\n\t\t\t\t\t\t\t\t\n\t<div id=\"ngg-image-11550\" class=\"ngg-gallery-thumbnail-box\" style=\"width:25%;\" >\n\t\t<div class=\"ngg-gallery-thumbnail\" >\n\t\t\t<a href=\"https:\/\/wernerdeck.de\/blog\/wp-content\/gallery\/heimweg1\/Heimweg-Radtour-ueber-Kandel-und-Rheinzabern-04.jpg\"\n\t\t\t\ttitle=\"Kandel\"\n\t\t\t\tclass=\"ngg-simplelightbox\" rel=\"4f1493530c47eff069f0b3299dbaaf0b\" data-image-id=\"11550\" data-src=\"https:\/\/wernerdeck.de\/blog\/wp-content\/gallery\/heimweg1\/Heimweg-Radtour-ueber-Kandel-und-Rheinzabern-04.jpg\" data-thumbnail=\"https:\/\/wernerdeck.de\/blog\/wp-content\/gallery\/heimweg1\/thumbs\/thumbs_Heimweg-Radtour-ueber-Kandel-und-Rheinzabern-04.jpg\" data-title=\"Heimweg-Radtour-ueber-Kandel-und-Rheinzabern-04\" data-description=\"Kandel\" >\n\t\t\t\t\t\t\t\t<img title=\"Heimweg-Radtour-ueber-Kandel-und-Rheinzabern-04\" alt=\"Heimweg-Radtour-ueber-Kandel-und-Rheinzabern-04\" src=\"https:\/\/wernerdeck.de\/blog\/wp-content\/gallery\/heimweg1\/thumbs\/thumbs_Heimweg-Radtour-ueber-Kandel-und-Rheinzabern-04.jpg\" width='240' height='160' \/>\n\t\t\t\t\t\t\t<\/a>\n\t\t\t<span>\n\t\t\tKandel\t\t\t<\/span>\n\t\t<\/div>\n\t<\/div>\n\t\t\t\t\t\t\t<br style=\"clear: both\" \/>\n\t\t\t\n\t<div id=\"ngg-image-11552\" class=\"ngg-gallery-thumbnail-box\" style=\"width:25%;\" >\n\t\t<div class=\"ngg-gallery-thumbnail\" >\n\t\t\t<a href=\"https:\/\/wernerdeck.de\/blog\/wp-content\/gallery\/heimweg1\/Heimweg-Radtour-ueber-Kandel-und-Rheinzabern-05.jpg\"\n\t\t\t\ttitle=\"Kandel\"\n\t\t\t\tclass=\"ngg-simplelightbox\" rel=\"4f1493530c47eff069f0b3299dbaaf0b\" data-image-id=\"11552\" data-src=\"https:\/\/wernerdeck.de\/blog\/wp-content\/gallery\/heimweg1\/Heimweg-Radtour-ueber-Kandel-und-Rheinzabern-05.jpg\" data-thumbnail=\"https:\/\/wernerdeck.de\/blog\/wp-content\/gallery\/heimweg1\/thumbs\/thumbs_Heimweg-Radtour-ueber-Kandel-und-Rheinzabern-05.jpg\" data-title=\"Heimweg-Radtour-ueber-Kandel-und-Rheinzabern-05\" data-description=\"Kandel\" >\n\t\t\t\t\t\t\t\t<img title=\"Heimweg-Radtour-ueber-Kandel-und-Rheinzabern-05\" alt=\"Heimweg-Radtour-ueber-Kandel-und-Rheinzabern-05\" src=\"https:\/\/wernerdeck.de\/blog\/wp-content\/gallery\/heimweg1\/thumbs\/thumbs_Heimweg-Radtour-ueber-Kandel-und-Rheinzabern-05.jpg\" width='240' height='160' \/>\n\t\t\t\t\t\t\t<\/a>\n\t\t\t<span>\n\t\t\tKandel\t\t\t<\/span>\n\t\t<\/div>\n\t<\/div>\n\t\t\t\t\t\t\t\t\n\t<div id=\"ngg-image-11554\" class=\"ngg-gallery-thumbnail-box\" style=\"width:25%;\" >\n\t\t<div class=\"ngg-gallery-thumbnail\" >\n\t\t\t<a href=\"https:\/\/wernerdeck.de\/blog\/wp-content\/gallery\/heimweg1\/Heimweg-Radtour-ueber-Kandel-und-Rheinzabern-06.jpg\"\n\t\t\t\ttitle=\"Bei Hatzenb\u00fchl\"\n\t\t\t\tclass=\"ngg-simplelightbox\" rel=\"4f1493530c47eff069f0b3299dbaaf0b\" data-image-id=\"11554\" data-src=\"https:\/\/wernerdeck.de\/blog\/wp-content\/gallery\/heimweg1\/Heimweg-Radtour-ueber-Kandel-und-Rheinzabern-06.jpg\" data-thumbnail=\"https:\/\/wernerdeck.de\/blog\/wp-content\/gallery\/heimweg1\/thumbs\/thumbs_Heimweg-Radtour-ueber-Kandel-und-Rheinzabern-06.jpg\" data-title=\"Heimweg-Radtour-ueber-Kandel-und-Rheinzabern-06\" data-description=\"Bei Hatzenb\u00fchl\" >\n\t\t\t\t\t\t\t\t<img title=\"Heimweg-Radtour-ueber-Kandel-und-Rheinzabern-06\" alt=\"Heimweg-Radtour-ueber-Kandel-und-Rheinzabern-06\" src=\"https:\/\/wernerdeck.de\/blog\/wp-content\/gallery\/heimweg1\/thumbs\/thumbs_Heimweg-Radtour-ueber-Kandel-und-Rheinzabern-06.jpg\" width='240' height='160' \/>\n\t\t\t\t\t\t\t<\/a>\n\t\t\t<span>\n\t\t\tBei Hatzenb\u00fchl\t\t\t<\/span>\n\t\t<\/div>\n\t<\/div>\n\t\t\t\t\t\t\t\t\n\t<div id=\"ngg-image-11555\" class=\"ngg-gallery-thumbnail-box\" style=\"width:25%;\" >\n\t\t<div class=\"ngg-gallery-thumbnail\" >\n\t\t\t<a href=\"https:\/\/wernerdeck.de\/blog\/wp-content\/gallery\/heimweg1\/Heimweg-Radtour-ueber-Kandel-und-Rheinzabern-07.jpg\"\n\t\t\t\ttitle=\"Rheinzabern\"\n\t\t\t\tclass=\"ngg-simplelightbox\" rel=\"4f1493530c47eff069f0b3299dbaaf0b\" data-image-id=\"11555\" data-src=\"https:\/\/wernerdeck.de\/blog\/wp-content\/gallery\/heimweg1\/Heimweg-Radtour-ueber-Kandel-und-Rheinzabern-07.jpg\" data-thumbnail=\"https:\/\/wernerdeck.de\/blog\/wp-content\/gallery\/heimweg1\/thumbs\/thumbs_Heimweg-Radtour-ueber-Kandel-und-Rheinzabern-07.jpg\" data-title=\"Heimweg-Radtour-ueber-Kandel-und-Rheinzabern-07\" data-description=\"Rheinzabern\" >\n\t\t\t\t\t\t\t\t<img title=\"Heimweg-Radtour-ueber-Kandel-und-Rheinzabern-07\" alt=\"Heimweg-Radtour-ueber-Kandel-und-Rheinzabern-07\" src=\"https:\/\/wernerdeck.de\/blog\/wp-content\/gallery\/heimweg1\/thumbs\/thumbs_Heimweg-Radtour-ueber-Kandel-und-Rheinzabern-07.jpg\" width='240' height='160' \/>\n\t\t\t\t\t\t\t<\/a>\n\t\t\t<span>\n\t\t\tRheinzabern\t\t\t<\/span>\n\t\t<\/div>\n\t<\/div>\n\t\t\t\t\t\t\t\t\n\t<div id=\"ngg-image-11553\" class=\"ngg-gallery-thumbnail-box\" style=\"width:25%;\" >\n\t\t<div class=\"ngg-gallery-thumbnail\" >\n\t\t\t<a href=\"https:\/\/wernerdeck.de\/blog\/wp-content\/gallery\/heimweg1\/Heimweg-Radtour-ueber-Kandel-und-Rheinzabern-09.jpg\"\n\t\t\t\ttitle=\"Rheinzabern\"\n\t\t\t\tclass=\"ngg-simplelightbox\" rel=\"4f1493530c47eff069f0b3299dbaaf0b\" data-image-id=\"11553\" data-src=\"https:\/\/wernerdeck.de\/blog\/wp-content\/gallery\/heimweg1\/Heimweg-Radtour-ueber-Kandel-und-Rheinzabern-09.jpg\" data-thumbnail=\"https:\/\/wernerdeck.de\/blog\/wp-content\/gallery\/heimweg1\/thumbs\/thumbs_Heimweg-Radtour-ueber-Kandel-und-Rheinzabern-09.jpg\" data-title=\"Heimweg-Radtour-ueber-Kandel-und-Rheinzabern-09\" data-description=\"Rheinzabern\" >\n\t\t\t\t\t\t\t\t<img title=\"Heimweg-Radtour-ueber-Kandel-und-Rheinzabern-09\" alt=\"Heimweg-Radtour-ueber-Kandel-und-Rheinzabern-09\" src=\"https:\/\/wernerdeck.de\/blog\/wp-content\/gallery\/heimweg1\/thumbs\/thumbs_Heimweg-Radtour-ueber-Kandel-und-Rheinzabern-09.jpg\" width='240' height='160' \/>\n\t\t\t\t\t\t\t<\/a>\n\t\t\t<span>\n\t\t\tRheinzabern\t\t\t<\/span>\n\t\t<\/div>\n\t<\/div>\n\t\t\t\t\t\t\t<br style=\"clear: both\" \/>\n\t\t\t\n\t<!-- Pagination -->\n\t\t<div class='ngg-clear'><\/div>\t\n<\/div>\n\n\tNoch einmal \u00fcberquerte ich den Rhein und fuhr vorbei am alten Hafen von Leopoldshafen. Die letzten Kilometer rollten angenehm dahin, bis ich schlie\u00dflich wohlbehalten wieder zu Hause ankam \u2013 mit vielen sch\u00f6nen Eindr\u00fccken von unserer Fr\u00fchlingsradtour in der Pfalz.<\/p>\n\n<div class=\"ngg-galleryoverview ngg-template-caption\" id=\"ngg-gallery-d02a21b06a216acd31ef198a73ce8474-24210\">\n\n\t\t\n\t<!-- Thumbnails -->\n\t\t\t\t\t\n\t<div id=\"ngg-image-11560\" class=\"ngg-gallery-thumbnail-box\" style=\"width:33%;\" >\n\t\t<div class=\"ngg-gallery-thumbnail\" >\n\t\t\t<a href=\"https:\/\/wernerdeck.de\/blog\/wp-content\/gallery\/heimweg2\/Heimweg-Radtour-ueber-Rheinzabern-Rheinfaehre-Leimersheim-01.jpg\"\n\t\t\t\ttitle=\"Bald geschafft\"\n\t\t\t\tclass=\"ngg-simplelightbox\" rel=\"d02a21b06a216acd31ef198a73ce8474\" data-image-id=\"11560\" data-src=\"https:\/\/wernerdeck.de\/blog\/wp-content\/gallery\/heimweg2\/Heimweg-Radtour-ueber-Rheinzabern-Rheinfaehre-Leimersheim-01.jpg\" data-thumbnail=\"https:\/\/wernerdeck.de\/blog\/wp-content\/gallery\/heimweg2\/thumbs\/thumbs_Heimweg-Radtour-ueber-Rheinzabern-Rheinfaehre-Leimersheim-01.jpg\" data-title=\"Heimweg-Radtour-ueber-Rheinzabern-Rheinfaehre-Leimersheim-01\" data-description=\"Bald geschafft\" >\n\t\t\t\t\t\t\t\t<img title=\"Heimweg-Radtour-ueber-Rheinzabern-Rheinfaehre-Leimersheim-01\" alt=\"Heimweg-Radtour-ueber-Rheinzabern-Rheinfaehre-Leimersheim-01\" src=\"https:\/\/wernerdeck.de\/blog\/wp-content\/gallery\/heimweg2\/thumbs\/thumbs_Heimweg-Radtour-ueber-Rheinzabern-Rheinfaehre-Leimersheim-01.jpg\" width='240' height='160' \/>\n\t\t\t\t\t\t\t<\/a>\n\t\t\t<span>\n\t\t\tBald geschafft\t\t\t<\/span>\n\t\t<\/div>\n\t<\/div>\n\t\t\t\t\t\t\t\t\n\t<div id=\"ngg-image-11561\" class=\"ngg-gallery-thumbnail-box\" style=\"width:33%;\" >\n\t\t<div class=\"ngg-gallery-thumbnail\" >\n\t\t\t<a href=\"https:\/\/wernerdeck.de\/blog\/wp-content\/gallery\/heimweg2\/Heimweg-Radtour-ueber-Rheinzabern-Rheinfaehre-Leimersheim-02.jpg\"\n\t\t\t\ttitle=\"Ein sonniger Tag\"\n\t\t\t\tclass=\"ngg-simplelightbox\" rel=\"d02a21b06a216acd31ef198a73ce8474\" data-image-id=\"11561\" data-src=\"https:\/\/wernerdeck.de\/blog\/wp-content\/gallery\/heimweg2\/Heimweg-Radtour-ueber-Rheinzabern-Rheinfaehre-Leimersheim-02.jpg\" data-thumbnail=\"https:\/\/wernerdeck.de\/blog\/wp-content\/gallery\/heimweg2\/thumbs\/thumbs_Heimweg-Radtour-ueber-Rheinzabern-Rheinfaehre-Leimersheim-02.jpg\" data-title=\"Heimweg-Radtour-ueber-Rheinzabern-Rheinfaehre-Leimersheim-02\" data-description=\"Ein sonniger Tag\" >\n\t\t\t\t\t\t\t\t<img title=\"Heimweg-Radtour-ueber-Rheinzabern-Rheinfaehre-Leimersheim-02\" alt=\"Heimweg-Radtour-ueber-Rheinzabern-Rheinfaehre-Leimersheim-02\" src=\"https:\/\/wernerdeck.de\/blog\/wp-content\/gallery\/heimweg2\/thumbs\/thumbs_Heimweg-Radtour-ueber-Rheinzabern-Rheinfaehre-Leimersheim-02.jpg\" width='240' height='160' \/>\n\t\t\t\t\t\t\t<\/a>\n\t\t\t<span>\n\t\t\tEin sonniger Tag\t\t\t<\/span>\n\t\t<\/div>\n\t<\/div>\n\t\t\t\t\t\t\t\t\n\t<div id=\"ngg-image-11557\" class=\"ngg-gallery-thumbnail-box\" style=\"width:33%;\" >\n\t\t<div class=\"ngg-gallery-thumbnail\" >\n\t\t\t<a href=\"https:\/\/wernerdeck.de\/blog\/wp-content\/gallery\/heimweg2\/Heimweg-Radtour-ueber-Rheinzabern-Rheinfaehre-Leimersheim-03.jpg\"\n\t\t\t\ttitle=\" \"\n\t\t\t\tclass=\"ngg-simplelightbox\" rel=\"d02a21b06a216acd31ef198a73ce8474\" data-image-id=\"11557\" data-src=\"https:\/\/wernerdeck.de\/blog\/wp-content\/gallery\/heimweg2\/Heimweg-Radtour-ueber-Rheinzabern-Rheinfaehre-Leimersheim-03.jpg\" data-thumbnail=\"https:\/\/wernerdeck.de\/blog\/wp-content\/gallery\/heimweg2\/thumbs\/thumbs_Heimweg-Radtour-ueber-Rheinzabern-Rheinfaehre-Leimersheim-03.jpg\" data-title=\"Heimweg-Radtour-ueber-Rheinzabern-Rheinfaehre-Leimersheim-03\" data-description=\" \" >\n\t\t\t\t\t\t\t\t<img title=\"Heimweg-Radtour-ueber-Rheinzabern-Rheinfaehre-Leimersheim-03\" alt=\"Heimweg-Radtour-ueber-Rheinzabern-Rheinfaehre-Leimersheim-03\" src=\"https:\/\/wernerdeck.de\/blog\/wp-content\/gallery\/heimweg2\/thumbs\/thumbs_Heimweg-Radtour-ueber-Rheinzabern-Rheinfaehre-Leimersheim-03.jpg\" width='240' height='160' \/>\n\t\t\t\t\t\t\t<\/a>\n\t\t\t<span>\n\t\t\t \t\t\t<\/span>\n\t\t<\/div>\n\t<\/div>\n\t\t\t\t\t\t\t<br style=\"clear: both\" \/>\n\t\t\t\n\t<div id=\"ngg-image-11559\" class=\"ngg-gallery-thumbnail-box\" style=\"width:33%;\" >\n\t\t<div class=\"ngg-gallery-thumbnail\" >\n\t\t\t<a href=\"https:\/\/wernerdeck.de\/blog\/wp-content\/gallery\/heimweg2\/Heimweg-Radtour-ueber-Rheinzabern-Rheinfaehre-Leimersheim-04.jpg\"\n\t\t\t\ttitle=\"F\u00e4hre Leimersheim\"\n\t\t\t\tclass=\"ngg-simplelightbox\" rel=\"d02a21b06a216acd31ef198a73ce8474\" data-image-id=\"11559\" data-src=\"https:\/\/wernerdeck.de\/blog\/wp-content\/gallery\/heimweg2\/Heimweg-Radtour-ueber-Rheinzabern-Rheinfaehre-Leimersheim-04.jpg\" data-thumbnail=\"https:\/\/wernerdeck.de\/blog\/wp-content\/gallery\/heimweg2\/thumbs\/thumbs_Heimweg-Radtour-ueber-Rheinzabern-Rheinfaehre-Leimersheim-04.jpg\" data-title=\"Heimweg-Radtour-ueber-Rheinzabern-Rheinfaehre-Leimersheim-04\" data-description=\"F\u00e4hre Leimersheim\" >\n\t\t\t\t\t\t\t\t<img title=\"Heimweg-Radtour-ueber-Rheinzabern-Rheinfaehre-Leimersheim-04\" alt=\"Heimweg-Radtour-ueber-Rheinzabern-Rheinfaehre-Leimersheim-04\" src=\"https:\/\/wernerdeck.de\/blog\/wp-content\/gallery\/heimweg2\/thumbs\/thumbs_Heimweg-Radtour-ueber-Rheinzabern-Rheinfaehre-Leimersheim-04.jpg\" width='240' height='160' \/>\n\t\t\t\t\t\t\t<\/a>\n\t\t\t<span>\n\t\t\tF\u00e4hre Leimersheim\t\t\t<\/span>\n\t\t<\/div>\n\t<\/div>\n\t\t\t\t\t\t\t\t\n\t<div id=\"ngg-image-11558\" class=\"ngg-gallery-thumbnail-box\" style=\"width:33%;\" >\n\t\t<div class=\"ngg-gallery-thumbnail\" >\n\t\t\t<a href=\"https:\/\/wernerdeck.de\/blog\/wp-content\/gallery\/heimweg2\/Heimweg-Radtour-ueber-Rheinzabern-Rheinfaehre-Leimersheim-05.jpg\"\n\t\t\t\ttitle=\"Tsch\u00fcss Pfalz\"\n\t\t\t\tclass=\"ngg-simplelightbox\" rel=\"d02a21b06a216acd31ef198a73ce8474\" data-image-id=\"11558\" data-src=\"https:\/\/wernerdeck.de\/blog\/wp-content\/gallery\/heimweg2\/Heimweg-Radtour-ueber-Rheinzabern-Rheinfaehre-Leimersheim-05.jpg\" data-thumbnail=\"https:\/\/wernerdeck.de\/blog\/wp-content\/gallery\/heimweg2\/thumbs\/thumbs_Heimweg-Radtour-ueber-Rheinzabern-Rheinfaehre-Leimersheim-05.jpg\" data-title=\"Heimweg-Radtour-ueber-Rheinzabern-Rheinfaehre-Leimersheim-05\" data-description=\"Tsch\u00fcss Pfalz\" >\n\t\t\t\t\t\t\t\t<img title=\"Heimweg-Radtour-ueber-Rheinzabern-Rheinfaehre-Leimersheim-05\" alt=\"Heimweg-Radtour-ueber-Rheinzabern-Rheinfaehre-Leimersheim-05\" src=\"https:\/\/wernerdeck.de\/blog\/wp-content\/gallery\/heimweg2\/thumbs\/thumbs_Heimweg-Radtour-ueber-Rheinzabern-Rheinfaehre-Leimersheim-05.jpg\" width='240' height='160' \/>\n\t\t\t\t\t\t\t<\/a>\n\t\t\t<span>\n\t\t\tTsch\u00fcss Pfalz\t\t\t<\/span>\n\t\t<\/div>\n\t<\/div>\n\t\t\t\t\t\t\t\t\n\t<div id=\"ngg-image-11556\" class=\"ngg-gallery-thumbnail-box\" style=\"width:33%;\" >\n\t\t<div class=\"ngg-gallery-thumbnail\" >\n\t\t\t<a href=\"https:\/\/wernerdeck.de\/blog\/wp-content\/gallery\/heimweg2\/Heimweg-Radtour-ueber-Rheinzabern-Rheinfaehre-Leimersheim-06.jpg\"\n\t\t\t\ttitle=\"Punkt 18 Uhr zu Hause\"\n\t\t\t\tclass=\"ngg-simplelightbox\" rel=\"d02a21b06a216acd31ef198a73ce8474\" data-image-id=\"11556\" data-src=\"https:\/\/wernerdeck.de\/blog\/wp-content\/gallery\/heimweg2\/Heimweg-Radtour-ueber-Rheinzabern-Rheinfaehre-Leimersheim-06.jpg\" data-thumbnail=\"https:\/\/wernerdeck.de\/blog\/wp-content\/gallery\/heimweg2\/thumbs\/thumbs_Heimweg-Radtour-ueber-Rheinzabern-Rheinfaehre-Leimersheim-06.jpg\" data-title=\"Heimweg-Radtour-ueber-Rheinzabern-Rheinfaehre-Leimersheim-06\" data-description=\"Punkt 18 Uhr zu Hause\" >\n\t\t\t\t\t\t\t\t<img title=\"Heimweg-Radtour-ueber-Rheinzabern-Rheinfaehre-Leimersheim-06\" alt=\"Heimweg-Radtour-ueber-Rheinzabern-Rheinfaehre-Leimersheim-06\" src=\"https:\/\/wernerdeck.de\/blog\/wp-content\/gallery\/heimweg2\/thumbs\/thumbs_Heimweg-Radtour-ueber-Rheinzabern-Rheinfaehre-Leimersheim-06.jpg\" width='240' height='160' \/>\n\t\t\t\t\t\t\t<\/a>\n\t\t\t<span>\n\t\t\tPunkt 18 Uhr zu Hause\t\t\t<\/span>\n\t\t<\/div>\n\t<\/div>\n\t\t\t\t\t\t\t<br style=\"clear: both\" \/>\n\t\t\t\n\t<!-- Pagination -->\n\t\t<div class='ngg-clear'><\/div>\t\n<\/div>\n\n\t\n<p style=\"text-align: center;\">&nbsp;\ud83d\udeb4\u200d\u2642\ufe0fNoch eine kurze Videozusammenfassung mit der Strecke unserer heutigen Radtour. \ud83d\udeb4\u200d\u2642\ufe0f<\/p>\n<div style=\"width: 1200px;\" class=\"wp-video\"><video class=\"wp-video-shortcode\" id=\"video-24210-1\" width=\"1200\" height=\"675\" preload=\"metadata\" controls=\"controls\"><source type=\"video\/mp4\" src=\"https:\/\/wernerdeck.de\/blog\/wp-content\/uploads\/2025\/04\/Fahrradtor-in-die-Pfalz-am-3.-April-2025-mit-Anton-und-Michael.mp4?_=1\" \/><a href=\"https:\/\/wernerdeck.de\/blog\/wp-content\/uploads\/2025\/04\/Fahrradtor-in-die-Pfalz-am-3.-April-2025-mit-Anton-und-Michael.mp4\">https:\/\/wernerdeck.de\/blog\/wp-content\/uploads\/2025\/04\/Fahrradtor-in-die-Pfalz-am-3.-April-2025-mit-Anton-und-Michael.mp4<\/a><\/video><\/div>\n","protected":false},"excerpt":{"rendered":"<p>Donnerstag, 3. April 2025. F\u00fcr heute hatten Anton, Michael und ich eine Radtour zur Mandelbl\u00fcte in die Pfalz verabredet. Treffpunkt war um 9:45 Uhr am Vogelpark in Leopoldshafen. Anton und Michael hatten aus Karlsruhe kommend bereits ca. 10 Kilometer in den Beinen. Ich selbst startete um 9:30 Uhr von zu Hause in Eggenstein und hatte &#8230; <a title=\"Pedalritt in den Pf\u00e4lzer Fr\u00fchling: wir suchten nach Mandelbl\u00fcten \u2013 gefunden haben wir Sonne, Pasta satt und Amarena-Eis\" class=\"read-more\" href=\"https:\/\/wernerdeck.de\/blog\/2025\/04\/03\/pedalritt-in-den-pfaelzer-fruehling-wir-suchten-nach-mandelblueten-gefunden-haben-wir-sonne-pasta-satt-und-amarena-eis\/\" aria-label=\"Mehr Informationen \u00fcber Pedalritt in den Pf\u00e4lzer Fr\u00fchling: wir suchten nach Mandelbl\u00fcten \u2013 gefunden haben wir Sonne, Pasta satt und Amarena-Eis\">Weiterlesen<\/a><\/p>\n","protected":false},"author":1,"featured_media":24277,"comment_status":"open","ping_status":"open","sticky":false,"template":"","format":"standard","meta":{"ngg_post_thumbnail":0,"footnotes":""},"categories":[77],"tags":[549,174,75,289],"class_list":["post-24210","post","type-post","status-publish","format-standard","has-post-thumbnail","hentry","category-radtouren","tag-mandelblueten","tag-pfalz","tag-radtour","tag-radtour-mit-anton"],"yoast_head":"<!-- This site is optimized with the Yoast SEO plugin v27.5 - https:\/\/yoast.com\/product\/yoast-seo-wordpress\/ -->\n<title>Pedalritt in den Pf\u00e4lzer Fr\u00fchling: wir suchten nach Mandelbl\u00fcten \u2013 gefunden haben wir Sonne, Pasta satt und Amarena-Eis - Privater Blog von Werner Deck<\/title>\n<meta name=\"description\" content=\"Radtour zur Mandelbl\u00fcte in der Pfalz: Wir fanden kein Bl\u00fctenmeer, daf\u00fcr Fr\u00fchling pur, Schlossblick und Pasta satt. Lies den Erlebnisbericht!\" \/>\n<meta name=\"robots\" content=\"index, follow, max-snippet:-1, max-image-preview:large, max-video-preview:-1\" \/>\n<link rel=\"canonical\" href=\"https:\/\/wernerdeck.de\/blog\/2025\/04\/03\/pedalritt-in-den-pfaelzer-fruehling-wir-suchten-nach-mandelblueten-gefunden-haben-wir-sonne-pasta-satt-und-amarena-eis\/\" \/>\n<meta property=\"og:locale\" content=\"de_DE\" \/>\n<meta property=\"og:type\" content=\"article\" \/>\n<meta property=\"og:title\" content=\"Pedalritt in den Pf\u00e4lzer Fr\u00fchling: wir suchten nach Mandelbl\u00fcten \u2013 gefunden haben wir Sonne, Pasta satt und Amarena-Eis - Privater Blog von Werner Deck\" \/>\n<meta property=\"og:description\" content=\"Radtour zur Mandelbl\u00fcte in der Pfalz: Wir fanden kein Bl\u00fctenmeer, daf\u00fcr Fr\u00fchling pur, Schlossblick und Pasta satt. Lies den Erlebnisbericht!\" \/>\n<meta property=\"og:url\" content=\"https:\/\/wernerdeck.de\/blog\/2025\/04\/03\/pedalritt-in-den-pfaelzer-fruehling-wir-suchten-nach-mandelblueten-gefunden-haben-wir-sonne-pasta-satt-und-amarena-eis\/\" \/>\n<meta property=\"og:site_name\" content=\"Privater Blog von Werner Deck\" \/>\n<meta property=\"article:publisher\" content=\"https:\/\/www.facebook.com\/werner.deck\/\" \/>\n<meta property=\"article:author\" content=\"https:\/\/www.facebook.com\/werner.deck\/\" \/>\n<meta property=\"article:published_time\" content=\"2025-04-03T19:17:04+00:00\" \/>\n<meta property=\"article:modified_time\" content=\"2025-05-30T05:52:30+00:00\" \/>\n<meta property=\"og:image\" content=\"https:\/\/wernerdeck.de\/blog\/wp-content\/uploads\/2025\/04\/Schloss-in-Bad-Bergzabern.jpg\" \/>\n\t<meta property=\"og:image:width\" content=\"1200\" \/>\n\t<meta property=\"og:image:height\" content=\"702\" \/>\n\t<meta property=\"og:image:type\" content=\"image\/jpeg\" \/>\n<meta name=\"author\" content=\"Werner Deck\" \/>\n<meta name=\"twitter:card\" content=\"summary_large_image\" \/>\n<meta name=\"twitter:label1\" content=\"Verfasst von\" \/>\n\t<meta name=\"twitter:data1\" content=\"Werner Deck\" \/>\n\t<meta name=\"twitter:label2\" content=\"Gesch\u00e4tzte Lesezeit\" \/>\n\t<meta name=\"twitter:data2\" content=\"4\u00a0Minuten\" \/>\n<script type=\"application\/ld+json\" class=\"yoast-schema-graph\">{\"@context\":\"https:\\\/\\\/schema.org\",\"@graph\":[{\"@type\":\"Article\",\"@id\":\"https:\\\/\\\/wernerdeck.de\\\/blog\\\/2025\\\/04\\\/03\\\/pedalritt-in-den-pfaelzer-fruehling-wir-suchten-nach-mandelblueten-gefunden-haben-wir-sonne-pasta-satt-und-amarena-eis\\\/#article\",\"isPartOf\":{\"@id\":\"https:\\\/\\\/wernerdeck.de\\\/blog\\\/2025\\\/04\\\/03\\\/pedalritt-in-den-pfaelzer-fruehling-wir-suchten-nach-mandelblueten-gefunden-haben-wir-sonne-pasta-satt-und-amarena-eis\\\/\"},\"author\":{\"name\":\"Werner Deck\",\"@id\":\"https:\\\/\\\/wernerdeck.de\\\/blog\\\/#\\\/schema\\\/person\\\/7af62de1f11b0a09297eeb81281e523c\"},\"headline\":\"Pedalritt in den Pf\u00e4lzer Fr\u00fchling: wir suchten nach Mandelbl\u00fcten \u2013 gefunden haben wir Sonne, Pasta satt und Amarena-Eis\",\"datePublished\":\"2025-04-03T19:17:04+00:00\",\"dateModified\":\"2025-05-30T05:52:30+00:00\",\"mainEntityOfPage\":{\"@id\":\"https:\\\/\\\/wernerdeck.de\\\/blog\\\/2025\\\/04\\\/03\\\/pedalritt-in-den-pfaelzer-fruehling-wir-suchten-nach-mandelblueten-gefunden-haben-wir-sonne-pasta-satt-und-amarena-eis\\\/\"},\"wordCount\":698,\"commentCount\":0,\"publisher\":{\"@id\":\"https:\\\/\\\/wernerdeck.de\\\/blog\\\/#\\\/schema\\\/person\\\/7af62de1f11b0a09297eeb81281e523c\"},\"image\":{\"@id\":\"https:\\\/\\\/wernerdeck.de\\\/blog\\\/2025\\\/04\\\/03\\\/pedalritt-in-den-pfaelzer-fruehling-wir-suchten-nach-mandelblueten-gefunden-haben-wir-sonne-pasta-satt-und-amarena-eis\\\/#primaryimage\"},\"thumbnailUrl\":\"https:\\\/\\\/wernerdeck.de\\\/blog\\\/wp-content\\\/uploads\\\/2025\\\/04\\\/Schloss-in-Bad-Bergzabern.jpg\",\"keywords\":[\"Mandelbl\u00fcten\",\"Pfalz\",\"Radtour\",\"Radtour mit Anton\"],\"articleSection\":[\"Radtouren\"],\"inLanguage\":\"de\",\"potentialAction\":[{\"@type\":\"CommentAction\",\"name\":\"Comment\",\"target\":[\"https:\\\/\\\/wernerdeck.de\\\/blog\\\/2025\\\/04\\\/03\\\/pedalritt-in-den-pfaelzer-fruehling-wir-suchten-nach-mandelblueten-gefunden-haben-wir-sonne-pasta-satt-und-amarena-eis\\\/#respond\"]}]},{\"@type\":\"WebPage\",\"@id\":\"https:\\\/\\\/wernerdeck.de\\\/blog\\\/2025\\\/04\\\/03\\\/pedalritt-in-den-pfaelzer-fruehling-wir-suchten-nach-mandelblueten-gefunden-haben-wir-sonne-pasta-satt-und-amarena-eis\\\/\",\"url\":\"https:\\\/\\\/wernerdeck.de\\\/blog\\\/2025\\\/04\\\/03\\\/pedalritt-in-den-pfaelzer-fruehling-wir-suchten-nach-mandelblueten-gefunden-haben-wir-sonne-pasta-satt-und-amarena-eis\\\/\",\"name\":\"Pedalritt in den Pf\u00e4lzer Fr\u00fchling: wir suchten nach Mandelbl\u00fcten \u2013 gefunden haben wir Sonne, Pasta satt und Amarena-Eis - Privater Blog von Werner Deck\",\"isPartOf\":{\"@id\":\"https:\\\/\\\/wernerdeck.de\\\/blog\\\/#website\"},\"primaryImageOfPage\":{\"@id\":\"https:\\\/\\\/wernerdeck.de\\\/blog\\\/2025\\\/04\\\/03\\\/pedalritt-in-den-pfaelzer-fruehling-wir-suchten-nach-mandelblueten-gefunden-haben-wir-sonne-pasta-satt-und-amarena-eis\\\/#primaryimage\"},\"image\":{\"@id\":\"https:\\\/\\\/wernerdeck.de\\\/blog\\\/2025\\\/04\\\/03\\\/pedalritt-in-den-pfaelzer-fruehling-wir-suchten-nach-mandelblueten-gefunden-haben-wir-sonne-pasta-satt-und-amarena-eis\\\/#primaryimage\"},\"thumbnailUrl\":\"https:\\\/\\\/wernerdeck.de\\\/blog\\\/wp-content\\\/uploads\\\/2025\\\/04\\\/Schloss-in-Bad-Bergzabern.jpg\",\"datePublished\":\"2025-04-03T19:17:04+00:00\",\"dateModified\":\"2025-05-30T05:52:30+00:00\",\"description\":\"Radtour zur Mandelbl\u00fcte in der Pfalz: Wir fanden kein Bl\u00fctenmeer, daf\u00fcr Fr\u00fchling pur, Schlossblick und Pasta satt. Lies den Erlebnisbericht!\",\"breadcrumb\":{\"@id\":\"https:\\\/\\\/wernerdeck.de\\\/blog\\\/2025\\\/04\\\/03\\\/pedalritt-in-den-pfaelzer-fruehling-wir-suchten-nach-mandelblueten-gefunden-haben-wir-sonne-pasta-satt-und-amarena-eis\\\/#breadcrumb\"},\"inLanguage\":\"de\",\"potentialAction\":[{\"@type\":\"ReadAction\",\"target\":[\"https:\\\/\\\/wernerdeck.de\\\/blog\\\/2025\\\/04\\\/03\\\/pedalritt-in-den-pfaelzer-fruehling-wir-suchten-nach-mandelblueten-gefunden-haben-wir-sonne-pasta-satt-und-amarena-eis\\\/\"]}]},{\"@type\":\"ImageObject\",\"inLanguage\":\"de\",\"@id\":\"https:\\\/\\\/wernerdeck.de\\\/blog\\\/2025\\\/04\\\/03\\\/pedalritt-in-den-pfaelzer-fruehling-wir-suchten-nach-mandelblueten-gefunden-haben-wir-sonne-pasta-satt-und-amarena-eis\\\/#primaryimage\",\"url\":\"https:\\\/\\\/wernerdeck.de\\\/blog\\\/wp-content\\\/uploads\\\/2025\\\/04\\\/Schloss-in-Bad-Bergzabern.jpg\",\"contentUrl\":\"https:\\\/\\\/wernerdeck.de\\\/blog\\\/wp-content\\\/uploads\\\/2025\\\/04\\\/Schloss-in-Bad-Bergzabern.jpg\",\"width\":1200,\"height\":702,\"caption\":\"Schloss in Bad Bergzabern\"},{\"@type\":\"BreadcrumbList\",\"@id\":\"https:\\\/\\\/wernerdeck.de\\\/blog\\\/2025\\\/04\\\/03\\\/pedalritt-in-den-pfaelzer-fruehling-wir-suchten-nach-mandelblueten-gefunden-haben-wir-sonne-pasta-satt-und-amarena-eis\\\/#breadcrumb\",\"itemListElement\":[{\"@type\":\"ListItem\",\"position\":1,\"name\":\"Startseite\",\"item\":\"https:\\\/\\\/wernerdeck.de\\\/blog\\\/\"},{\"@type\":\"ListItem\",\"position\":2,\"name\":\"Pedalritt in den Pf\u00e4lzer Fr\u00fchling: wir suchten nach Mandelbl\u00fcten \u2013 gefunden haben wir Sonne, Pasta satt und Amarena-Eis\"}]},{\"@type\":\"WebSite\",\"@id\":\"https:\\\/\\\/wernerdeck.de\\\/blog\\\/#website\",\"url\":\"https:\\\/\\\/wernerdeck.de\\\/blog\\\/\",\"name\":\"Blog von Werner Deck\",\"description\":\"\",\"publisher\":{\"@id\":\"https:\\\/\\\/wernerdeck.de\\\/blog\\\/#\\\/schema\\\/person\\\/7af62de1f11b0a09297eeb81281e523c\"},\"potentialAction\":[{\"@type\":\"SearchAction\",\"target\":{\"@type\":\"EntryPoint\",\"urlTemplate\":\"https:\\\/\\\/wernerdeck.de\\\/blog\\\/?s={search_term_string}\"},\"query-input\":{\"@type\":\"PropertyValueSpecification\",\"valueRequired\":true,\"valueName\":\"search_term_string\"}}],\"inLanguage\":\"de\"},{\"@type\":[\"Person\",\"Organization\"],\"@id\":\"https:\\\/\\\/wernerdeck.de\\\/blog\\\/#\\\/schema\\\/person\\\/7af62de1f11b0a09297eeb81281e523c\",\"name\":\"Werner Deck\",\"image\":{\"@type\":\"ImageObject\",\"inLanguage\":\"de\",\"@id\":\"https:\\\/\\\/wernerdeck.de\\\/blog\\\/wp-content\\\/uploads\\\/2022\\\/05\\\/Werner-Deck-995x1024.jpg\",\"url\":\"https:\\\/\\\/wernerdeck.de\\\/blog\\\/wp-content\\\/uploads\\\/2022\\\/05\\\/Werner-Deck-995x1024.jpg\",\"contentUrl\":\"https:\\\/\\\/wernerdeck.de\\\/blog\\\/wp-content\\\/uploads\\\/2022\\\/05\\\/Werner-Deck-995x1024.jpg\",\"width\":995,\"height\":1024,\"caption\":\"Werner Deck\"},\"logo\":{\"@id\":\"https:\\\/\\\/wernerdeck.de\\\/blog\\\/wp-content\\\/uploads\\\/2022\\\/05\\\/Werner-Deck-995x1024.jpg\"},\"sameAs\":[\"https:\\\/\\\/wernerdeck.de\\\/blog\",\"https:\\\/\\\/www.facebook.com\\\/werner.deck\\\/\",\"https:\\\/\\\/www.instagram.com\\\/opti_maler_deck\\\/\",\"https:\\\/\\\/www.youtube.com\\\/c\\\/WernerDeck\"],\"url\":\"https:\\\/\\\/wernerdeck.de\\\/blog\\\/author\\\/wernerdeck-de\\\/\"}]}<\/script>\n<!-- \/ Yoast SEO plugin. -->","yoast_head_json":{"title":"Pedalritt in den Pf\u00e4lzer Fr\u00fchling: wir suchten nach Mandelbl\u00fcten \u2013 gefunden haben wir Sonne, Pasta satt und Amarena-Eis - Privater Blog von Werner Deck","description":"Radtour zur Mandelbl\u00fcte in der Pfalz: Wir fanden kein Bl\u00fctenmeer, daf\u00fcr Fr\u00fchling pur, Schlossblick und Pasta satt. Lies den Erlebnisbericht!","robots":{"index":"index","follow":"follow","max-snippet":"max-snippet:-1","max-image-preview":"max-image-preview:large","max-video-preview":"max-video-preview:-1"},"canonical":"https:\/\/wernerdeck.de\/blog\/2025\/04\/03\/pedalritt-in-den-pfaelzer-fruehling-wir-suchten-nach-mandelblueten-gefunden-haben-wir-sonne-pasta-satt-und-amarena-eis\/","og_locale":"de_DE","og_type":"article","og_title":"Pedalritt in den Pf\u00e4lzer Fr\u00fchling: wir suchten nach Mandelbl\u00fcten \u2013 gefunden haben wir Sonne, Pasta satt und Amarena-Eis - Privater Blog von Werner Deck","og_description":"Radtour zur Mandelbl\u00fcte in der Pfalz: Wir fanden kein Bl\u00fctenmeer, daf\u00fcr Fr\u00fchling pur, Schlossblick und Pasta satt. Lies den Erlebnisbericht!","og_url":"https:\/\/wernerdeck.de\/blog\/2025\/04\/03\/pedalritt-in-den-pfaelzer-fruehling-wir-suchten-nach-mandelblueten-gefunden-haben-wir-sonne-pasta-satt-und-amarena-eis\/","og_site_name":"Privater Blog von Werner Deck","article_publisher":"https:\/\/www.facebook.com\/werner.deck\/","article_author":"https:\/\/www.facebook.com\/werner.deck\/","article_published_time":"2025-04-03T19:17:04+00:00","article_modified_time":"2025-05-30T05:52:30+00:00","og_image":[{"width":1200,"height":702,"url":"https:\/\/wernerdeck.de\/blog\/wp-content\/uploads\/2025\/04\/Schloss-in-Bad-Bergzabern.jpg","type":"image\/jpeg"}],"author":"Werner Deck","twitter_card":"summary_large_image","twitter_misc":{"Verfasst von":"Werner Deck","Gesch\u00e4tzte Lesezeit":"4\u00a0Minuten"},"schema":{"@context":"https:\/\/schema.org","@graph":[{"@type":"Article","@id":"https:\/\/wernerdeck.de\/blog\/2025\/04\/03\/pedalritt-in-den-pfaelzer-fruehling-wir-suchten-nach-mandelblueten-gefunden-haben-wir-sonne-pasta-satt-und-amarena-eis\/#article","isPartOf":{"@id":"https:\/\/wernerdeck.de\/blog\/2025\/04\/03\/pedalritt-in-den-pfaelzer-fruehling-wir-suchten-nach-mandelblueten-gefunden-haben-wir-sonne-pasta-satt-und-amarena-eis\/"},"author":{"name":"Werner Deck","@id":"https:\/\/wernerdeck.de\/blog\/#\/schema\/person\/7af62de1f11b0a09297eeb81281e523c"},"headline":"Pedalritt in den Pf\u00e4lzer Fr\u00fchling: wir suchten nach Mandelbl\u00fcten \u2013 gefunden haben wir Sonne, Pasta satt und Amarena-Eis","datePublished":"2025-04-03T19:17:04+00:00","dateModified":"2025-05-30T05:52:30+00:00","mainEntityOfPage":{"@id":"https:\/\/wernerdeck.de\/blog\/2025\/04\/03\/pedalritt-in-den-pfaelzer-fruehling-wir-suchten-nach-mandelblueten-gefunden-haben-wir-sonne-pasta-satt-und-amarena-eis\/"},"wordCount":698,"commentCount":0,"publisher":{"@id":"https:\/\/wernerdeck.de\/blog\/#\/schema\/person\/7af62de1f11b0a09297eeb81281e523c"},"image":{"@id":"https:\/\/wernerdeck.de\/blog\/2025\/04\/03\/pedalritt-in-den-pfaelzer-fruehling-wir-suchten-nach-mandelblueten-gefunden-haben-wir-sonne-pasta-satt-und-amarena-eis\/#primaryimage"},"thumbnailUrl":"https:\/\/wernerdeck.de\/blog\/wp-content\/uploads\/2025\/04\/Schloss-in-Bad-Bergzabern.jpg","keywords":["Mandelbl\u00fcten","Pfalz","Radtour","Radtour mit Anton"],"articleSection":["Radtouren"],"inLanguage":"de","potentialAction":[{"@type":"CommentAction","name":"Comment","target":["https:\/\/wernerdeck.de\/blog\/2025\/04\/03\/pedalritt-in-den-pfaelzer-fruehling-wir-suchten-nach-mandelblueten-gefunden-haben-wir-sonne-pasta-satt-und-amarena-eis\/#respond"]}]},{"@type":"WebPage","@id":"https:\/\/wernerdeck.de\/blog\/2025\/04\/03\/pedalritt-in-den-pfaelzer-fruehling-wir-suchten-nach-mandelblueten-gefunden-haben-wir-sonne-pasta-satt-und-amarena-eis\/","url":"https:\/\/wernerdeck.de\/blog\/2025\/04\/03\/pedalritt-in-den-pfaelzer-fruehling-wir-suchten-nach-mandelblueten-gefunden-haben-wir-sonne-pasta-satt-und-amarena-eis\/","name":"Pedalritt in den Pf\u00e4lzer Fr\u00fchling: wir suchten nach Mandelbl\u00fcten \u2013 gefunden haben wir Sonne, Pasta satt und Amarena-Eis - Privater Blog von Werner Deck","isPartOf":{"@id":"https:\/\/wernerdeck.de\/blog\/#website"},"primaryImageOfPage":{"@id":"https:\/\/wernerdeck.de\/blog\/2025\/04\/03\/pedalritt-in-den-pfaelzer-fruehling-wir-suchten-nach-mandelblueten-gefunden-haben-wir-sonne-pasta-satt-und-amarena-eis\/#primaryimage"},"image":{"@id":"https:\/\/wernerdeck.de\/blog\/2025\/04\/03\/pedalritt-in-den-pfaelzer-fruehling-wir-suchten-nach-mandelblueten-gefunden-haben-wir-sonne-pasta-satt-und-amarena-eis\/#primaryimage"},"thumbnailUrl":"https:\/\/wernerdeck.de\/blog\/wp-content\/uploads\/2025\/04\/Schloss-in-Bad-Bergzabern.jpg","datePublished":"2025-04-03T19:17:04+00:00","dateModified":"2025-05-30T05:52:30+00:00","description":"Radtour zur Mandelbl\u00fcte in der Pfalz: Wir fanden kein Bl\u00fctenmeer, daf\u00fcr Fr\u00fchling pur, Schlossblick und Pasta satt. Lies den Erlebnisbericht!","breadcrumb":{"@id":"https:\/\/wernerdeck.de\/blog\/2025\/04\/03\/pedalritt-in-den-pfaelzer-fruehling-wir-suchten-nach-mandelblueten-gefunden-haben-wir-sonne-pasta-satt-und-amarena-eis\/#breadcrumb"},"inLanguage":"de","potentialAction":[{"@type":"ReadAction","target":["https:\/\/wernerdeck.de\/blog\/2025\/04\/03\/pedalritt-in-den-pfaelzer-fruehling-wir-suchten-nach-mandelblueten-gefunden-haben-wir-sonne-pasta-satt-und-amarena-eis\/"]}]},{"@type":"ImageObject","inLanguage":"de","@id":"https:\/\/wernerdeck.de\/blog\/2025\/04\/03\/pedalritt-in-den-pfaelzer-fruehling-wir-suchten-nach-mandelblueten-gefunden-haben-wir-sonne-pasta-satt-und-amarena-eis\/#primaryimage","url":"https:\/\/wernerdeck.de\/blog\/wp-content\/uploads\/2025\/04\/Schloss-in-Bad-Bergzabern.jpg","contentUrl":"https:\/\/wernerdeck.de\/blog\/wp-content\/uploads\/2025\/04\/Schloss-in-Bad-Bergzabern.jpg","width":1200,"height":702,"caption":"Schloss in Bad Bergzabern"},{"@type":"BreadcrumbList","@id":"https:\/\/wernerdeck.de\/blog\/2025\/04\/03\/pedalritt-in-den-pfaelzer-fruehling-wir-suchten-nach-mandelblueten-gefunden-haben-wir-sonne-pasta-satt-und-amarena-eis\/#breadcrumb","itemListElement":[{"@type":"ListItem","position":1,"name":"Startseite","item":"https:\/\/wernerdeck.de\/blog\/"},{"@type":"ListItem","position":2,"name":"Pedalritt in den Pf\u00e4lzer Fr\u00fchling: wir suchten nach Mandelbl\u00fcten \u2013 gefunden haben wir Sonne, Pasta satt und Amarena-Eis"}]},{"@type":"WebSite","@id":"https:\/\/wernerdeck.de\/blog\/#website","url":"https:\/\/wernerdeck.de\/blog\/","name":"Blog von Werner Deck","description":"","publisher":{"@id":"https:\/\/wernerdeck.de\/blog\/#\/schema\/person\/7af62de1f11b0a09297eeb81281e523c"},"potentialAction":[{"@type":"SearchAction","target":{"@type":"EntryPoint","urlTemplate":"https:\/\/wernerdeck.de\/blog\/?s={search_term_string}"},"query-input":{"@type":"PropertyValueSpecification","valueRequired":true,"valueName":"search_term_string"}}],"inLanguage":"de"},{"@type":["Person","Organization"],"@id":"https:\/\/wernerdeck.de\/blog\/#\/schema\/person\/7af62de1f11b0a09297eeb81281e523c","name":"Werner Deck","image":{"@type":"ImageObject","inLanguage":"de","@id":"https:\/\/wernerdeck.de\/blog\/wp-content\/uploads\/2022\/05\/Werner-Deck-995x1024.jpg","url":"https:\/\/wernerdeck.de\/blog\/wp-content\/uploads\/2022\/05\/Werner-Deck-995x1024.jpg","contentUrl":"https:\/\/wernerdeck.de\/blog\/wp-content\/uploads\/2022\/05\/Werner-Deck-995x1024.jpg","width":995,"height":1024,"caption":"Werner Deck"},"logo":{"@id":"https:\/\/wernerdeck.de\/blog\/wp-content\/uploads\/2022\/05\/Werner-Deck-995x1024.jpg"},"sameAs":["https:\/\/wernerdeck.de\/blog","https:\/\/www.facebook.com\/werner.deck\/","https:\/\/www.instagram.com\/opti_maler_deck\/","https:\/\/www.youtube.com\/c\/WernerDeck"],"url":"https:\/\/wernerdeck.de\/blog\/author\/wernerdeck-de\/"}]}},"_links":{"self":[{"href":"https:\/\/wernerdeck.de\/blog\/wp-json\/wp\/v2\/posts\/24210","targetHints":{"allow":["GET"]}}],"collection":[{"href":"https:\/\/wernerdeck.de\/blog\/wp-json\/wp\/v2\/posts"}],"about":[{"href":"https:\/\/wernerdeck.de\/blog\/wp-json\/wp\/v2\/types\/post"}],"author":[{"embeddable":true,"href":"https:\/\/wernerdeck.de\/blog\/wp-json\/wp\/v2\/users\/1"}],"replies":[{"embeddable":true,"href":"https:\/\/wernerdeck.de\/blog\/wp-json\/wp\/v2\/comments?post=24210"}],"version-history":[{"count":0,"href":"https:\/\/wernerdeck.de\/blog\/wp-json\/wp\/v2\/posts\/24210\/revisions"}],"wp:featuredmedia":[{"embeddable":true,"href":"https:\/\/wernerdeck.de\/blog\/wp-json\/wp\/v2\/media\/24277"}],"wp:attachment":[{"href":"https:\/\/wernerdeck.de\/blog\/wp-json\/wp\/v2\/media?parent=24210"}],"wp:term":[{"taxonomy":"category","embeddable":true,"href":"https:\/\/wernerdeck.de\/blog\/wp-json\/wp\/v2\/categories?post=24210"},{"taxonomy":"post_tag","embeddable":true,"href":"https:\/\/wernerdeck.de\/blog\/wp-json\/wp\/v2\/tags?post=24210"}],"curies":[{"name":"wp","href":"https:\/\/api.w.org\/{rel}","templated":true}]}}