{"id":21315,"date":"2024-09-25T21:31:13","date_gmt":"2024-09-25T19:31:13","guid":{"rendered":"https:\/\/wernerdeck.de\/blog\/?p=21315"},"modified":"2024-09-28T19:20:12","modified_gmt":"2024-09-28T17:20:12","slug":"wetterkapriolen-auf-zwei-raedern-eine-radtour-durch-regen-wind-goldene-herbstwaelder-und-hinreissende-flusslandschaften","status":"publish","type":"post","link":"https:\/\/wernerdeck.de\/blog\/2024\/09\/25\/wetterkapriolen-auf-zwei-raedern-eine-radtour-durch-regen-wind-goldene-herbstwaelder-und-hinreissende-flusslandschaften\/","title":{"rendered":"Wetterkapriolen auf zwei R\u00e4dern: Radtour durch Regen, Wind, goldene Herbstw\u00e4lder und hinrei\u00dfende Flusslandschaften"},"content":{"rendered":"<p><a href=\"https:\/\/wernerdeck.de\/blog\/2024\/09\/24\/spontane-radtour-bei-regen-wolken-und-ganz-wenig-sonne-erlebnis-von-vielfalt-der-landschaften-und-wetterlaunen\/\">Hier geht es zur gestrigen Radtour vom Dienstag, 24. September 2024<\/a><\/p>\n<hr>\n<p>Mittwoch, 25. September 2024. <span style=\"font-weight: 400;\">Am gestrigen Dienstagabend studierten Peter und ich noch einmal den Wetterbericht und gingen das Regenrisiko f\u00fcr die heutige Radtour ein.&nbsp;<\/span><span style=\"font-weight: 400;\">Als ich mich am Morgen in Eggenstein auf den Weg machte, blickten ich skeptisch zu den dunklen Wolken, die am Himmel hingen. Noch war es trocken, aber jeder Radfahrer wei\u00df: Das kann sich schnell \u00e4ndern.<\/span><\/p>\n<p><span style=\"font-weight: 400;\">Nach etwa 20 Minuten und 7 Kilometern Fahrt wurde meine Vorahnung best\u00e4tigt. Der Regen setzte mit einer frischen Prise ein und ich zog hastig meine Regenklamotten \u00fcber. Als ich Peters Zuhause in Karlsruhe erreichte, war die Regenfront gl\u00fccklicherweise verschwunden, und wir konnten uns auf den Sattel schwingen \u2013 diesmal im Trockenen.<\/span><\/p>\n<p><img loading=\"lazy\" decoding=\"async\" class=\"aligncenter size-full wp-image-21321\" src=\"https:\/\/wernerdeck.de\/blog\/wp-content\/uploads\/2024\/09\/Strip-2.jpg\" alt=\"Start bei Peter in Karlsruhe\" width=\"1400\" height=\"468\" srcset=\"https:\/\/wernerdeck.de\/blog\/wp-content\/uploads\/2024\/09\/Strip-2.jpg 1400w, https:\/\/wernerdeck.de\/blog\/wp-content\/uploads\/2024\/09\/Strip-2-300x100.jpg 300w, https:\/\/wernerdeck.de\/blog\/wp-content\/uploads\/2024\/09\/Strip-2-1024x342.jpg 1024w, https:\/\/wernerdeck.de\/blog\/wp-content\/uploads\/2024\/09\/Strip-2-768x257.jpg 768w\" sizes=\"auto, (max-width: 1400px) 100vw, 1400px\" \/><\/p>\n<h3 style=\"text-align: center;\">Wetterkapriolen auf zwei R\u00e4dern: Eine Radtour durch Regen,<br \/>\nWind, goldene Herbstw\u00e4lder und hinrei\u00dfende Flusslandschaften<\/h3>\n<p><span style=\"font-weight: 400;\">Unsere Radtour f\u00fchrte uns durch die wundersch\u00f6ne G\u00fcnther-Klotz-Anlage, wo wir dem sanften Flusslauf der Alb folgten. Die dichten B\u00e4ume der Parkanlage schufen eine malerische Kulisse, die uns von der Tristesse des Wetters ganz gut ablenkte. <\/span><\/p>\n<p>\n<div class=\"ngg-galleryoverview ngg-template-caption\" id=\"ngg-gallery-331d2cc3ce244d178294da9268267a54-21315\">\n\n\t\t\n\t<!-- Thumbnails -->\n\t\t\t\t\t\n\t<div id=\"ngg-image-10489\" class=\"ngg-gallery-thumbnail-box\" style=\"width:25%;\" >\n\t\t<div class=\"ngg-gallery-thumbnail\" >\n\t\t\t<a href=\"https:\/\/wernerdeck.de\/blog\/wp-content\/gallery\/klotze\/Radeln-durch-die-Guenther-Klotz-Anlage-in-Karlsruhe-01.jpg\"\n\t\t\t\ttitle=\"G\u00fcnther-Klotz-Anlage \"\n\t\t\t\tclass=\"ngg-simplelightbox\" rel=\"331d2cc3ce244d178294da9268267a54\" data-image-id=\"10489\" data-src=\"https:\/\/wernerdeck.de\/blog\/wp-content\/gallery\/klotze\/Radeln-durch-die-Guenther-Klotz-Anlage-in-Karlsruhe-01.jpg\" data-thumbnail=\"https:\/\/wernerdeck.de\/blog\/wp-content\/gallery\/klotze\/thumbs\/thumbs_Radeln-durch-die-Guenther-Klotz-Anlage-in-Karlsruhe-01.jpg\" data-title=\"Radeln-durch-die-Guenther-Klotz-Anlage-in-Karlsruhe-01\" data-description=\"G\u00fcnther-Klotz-Anlage \" >\n\t\t\t\t\t\t\t\t<img title=\"Radeln-durch-die-Guenther-Klotz-Anlage-in-Karlsruhe-01\" alt=\"Radeln-durch-die-Guenther-Klotz-Anlage-in-Karlsruhe-01\" src=\"https:\/\/wernerdeck.de\/blog\/wp-content\/gallery\/klotze\/thumbs\/thumbs_Radeln-durch-die-Guenther-Klotz-Anlage-in-Karlsruhe-01.jpg\" width='240' height='160' \/>\n\t\t\t\t\t\t\t<\/a>\n\t\t\t<span>\n\t\t\tG\u00fcnther-Klotz-Anlage \t\t\t<\/span>\n\t\t<\/div>\n\t<\/div>\n\t\t\t\t\t\t\t\t\n\t<div id=\"ngg-image-10491\" class=\"ngg-gallery-thumbnail-box\" style=\"width:25%;\" >\n\t\t<div class=\"ngg-gallery-thumbnail\" >\n\t\t\t<a href=\"https:\/\/wernerdeck.de\/blog\/wp-content\/gallery\/klotze\/Radeln-durch-die-Guenther-Klotz-Anlage-in-Karlsruhe-02.jpg\"\n\t\t\t\ttitle=\"G\u00fcnther-Klotz-Anlage \"\n\t\t\t\tclass=\"ngg-simplelightbox\" rel=\"331d2cc3ce244d178294da9268267a54\" data-image-id=\"10491\" data-src=\"https:\/\/wernerdeck.de\/blog\/wp-content\/gallery\/klotze\/Radeln-durch-die-Guenther-Klotz-Anlage-in-Karlsruhe-02.jpg\" data-thumbnail=\"https:\/\/wernerdeck.de\/blog\/wp-content\/gallery\/klotze\/thumbs\/thumbs_Radeln-durch-die-Guenther-Klotz-Anlage-in-Karlsruhe-02.jpg\" data-title=\"Radeln-durch-die-Guenther-Klotz-Anlage-in-Karlsruhe-02\" data-description=\"G\u00fcnther-Klotz-Anlage \" >\n\t\t\t\t\t\t\t\t<img title=\"Radeln-durch-die-Guenther-Klotz-Anlage-in-Karlsruhe-02\" alt=\"Radeln-durch-die-Guenther-Klotz-Anlage-in-Karlsruhe-02\" src=\"https:\/\/wernerdeck.de\/blog\/wp-content\/gallery\/klotze\/thumbs\/thumbs_Radeln-durch-die-Guenther-Klotz-Anlage-in-Karlsruhe-02.jpg\" width='240' height='160' \/>\n\t\t\t\t\t\t\t<\/a>\n\t\t\t<span>\n\t\t\tG\u00fcnther-Klotz-Anlage \t\t\t<\/span>\n\t\t<\/div>\n\t<\/div>\n\t\t\t\t\t\t\t\t\n\t<div id=\"ngg-image-10490\" class=\"ngg-gallery-thumbnail-box\" style=\"width:25%;\" >\n\t\t<div class=\"ngg-gallery-thumbnail\" >\n\t\t\t<a href=\"https:\/\/wernerdeck.de\/blog\/wp-content\/gallery\/klotze\/Radeln-durch-die-Guenther-Klotz-Anlage-in-Karlsruhe-03.jpg\"\n\t\t\t\ttitle=\"G\u00fcnther-Klotz-Anlage \"\n\t\t\t\tclass=\"ngg-simplelightbox\" rel=\"331d2cc3ce244d178294da9268267a54\" data-image-id=\"10490\" data-src=\"https:\/\/wernerdeck.de\/blog\/wp-content\/gallery\/klotze\/Radeln-durch-die-Guenther-Klotz-Anlage-in-Karlsruhe-03.jpg\" data-thumbnail=\"https:\/\/wernerdeck.de\/blog\/wp-content\/gallery\/klotze\/thumbs\/thumbs_Radeln-durch-die-Guenther-Klotz-Anlage-in-Karlsruhe-03.jpg\" data-title=\"Radeln-durch-die-Guenther-Klotz-Anlage-in-Karlsruhe-03\" data-description=\"G\u00fcnther-Klotz-Anlage \" >\n\t\t\t\t\t\t\t\t<img title=\"Radeln-durch-die-Guenther-Klotz-Anlage-in-Karlsruhe-03\" alt=\"Radeln-durch-die-Guenther-Klotz-Anlage-in-Karlsruhe-03\" src=\"https:\/\/wernerdeck.de\/blog\/wp-content\/gallery\/klotze\/thumbs\/thumbs_Radeln-durch-die-Guenther-Klotz-Anlage-in-Karlsruhe-03.jpg\" width='240' height='160' \/>\n\t\t\t\t\t\t\t<\/a>\n\t\t\t<span>\n\t\t\tG\u00fcnther-Klotz-Anlage \t\t\t<\/span>\n\t\t<\/div>\n\t<\/div>\n\t\t\t\t\t\t\t\t\n\t<div id=\"ngg-image-10492\" class=\"ngg-gallery-thumbnail-box\" style=\"width:25%;\" >\n\t\t<div class=\"ngg-gallery-thumbnail\" >\n\t\t\t<a href=\"https:\/\/wernerdeck.de\/blog\/wp-content\/gallery\/klotze\/Radeln-durch-die-Guenther-Klotz-Anlage-in-Karlsruhe-04.jpg\"\n\t\t\t\ttitle=\"Entlang der Alb\"\n\t\t\t\tclass=\"ngg-simplelightbox\" rel=\"331d2cc3ce244d178294da9268267a54\" data-image-id=\"10492\" data-src=\"https:\/\/wernerdeck.de\/blog\/wp-content\/gallery\/klotze\/Radeln-durch-die-Guenther-Klotz-Anlage-in-Karlsruhe-04.jpg\" data-thumbnail=\"https:\/\/wernerdeck.de\/blog\/wp-content\/gallery\/klotze\/thumbs\/thumbs_Radeln-durch-die-Guenther-Klotz-Anlage-in-Karlsruhe-04.jpg\" data-title=\"Radeln-durch-die-Guenther-Klotz-Anlage-in-Karlsruhe-04\" data-description=\"Entlang der Alb\" >\n\t\t\t\t\t\t\t\t<img title=\"Radeln-durch-die-Guenther-Klotz-Anlage-in-Karlsruhe-04\" alt=\"Radeln-durch-die-Guenther-Klotz-Anlage-in-Karlsruhe-04\" src=\"https:\/\/wernerdeck.de\/blog\/wp-content\/gallery\/klotze\/thumbs\/thumbs_Radeln-durch-die-Guenther-Klotz-Anlage-in-Karlsruhe-04.jpg\" width='240' height='160' \/>\n\t\t\t\t\t\t\t<\/a>\n\t\t\t<span>\n\t\t\tEntlang der Alb\t\t\t<\/span>\n\t\t<\/div>\n\t<\/div>\n\t\t\t\t\t\t\t<br style=\"clear: both\" \/>\n\t\t\t\n\t<!-- Pagination -->\n\t\t<div class='ngg-clear'><\/div>\t\n<\/div>\n\n\tAm Ortseingang von Ettlingen machte sich Friedrich Schiller mit einem Damenschuh einen schlanken Fu\u00df. \ud83e\udd23\ud83d\ude09<\/p>\n<p><img loading=\"lazy\" decoding=\"async\" class=\"aligncenter wp-image-21355 size-full\" src=\"https:\/\/wernerdeck.de\/blog\/wp-content\/uploads\/2024\/09\/Schiller.jpg\" alt=\"Schiller\" width=\"800\" height=\"422\" srcset=\"https:\/\/wernerdeck.de\/blog\/wp-content\/uploads\/2024\/09\/Schiller.jpg 800w, https:\/\/wernerdeck.de\/blog\/wp-content\/uploads\/2024\/09\/Schiller-300x158.jpg 300w, https:\/\/wernerdeck.de\/blog\/wp-content\/uploads\/2024\/09\/Schiller-768x405.jpg 768w\" sizes=\"auto, (max-width: 800px) 100vw, 800px\" \/><\/p>\n<p><span style=\"font-weight: 400;\">Wenig sp\u00e4ter radelten wir bereits durch <a href=\"https:\/\/meinka.de\/rueppurr\/\" target=\"_blank\" rel=\"noopener\">R\u00fcppurr<\/a>, nach Ettlingen und weiter nach Malsch.&nbsp;<\/span><span style=\"font-weight: 400;\">Kurz vor Malsch wurden wir erneut \u00fcberrascht, als der Regen wieder einsetzte. Doch diesmal waren wir vorbereitet und sch\u00fctzten uns rasch vor dem Nass, w\u00e4hrend wir am Federbach entlang fuhren. Der <a href=\"https:\/\/umweltstiftung-rastatt.de\/besucherplattform-federbachbruch\/\" target=\"_blank\" rel=\"noopener\">Federbachbruch<\/a> bot uns eine reizvolle Aussicht, als wir durch Muggensturm radelten und die A5 sowie kurze Zeit sp\u00e4ter die B3 \u00fcberquerten.&nbsp;<\/span><\/p>\n<p>\n<div class=\"ngg-galleryoverview ngg-template-caption\" id=\"ngg-gallery-7885e7002cbd6ce1a4dce59b9952b5bb-21315\">\n\n\t\t\n\t<!-- Thumbnails -->\n\t\t\t\t\t\n\t<div id=\"ngg-image-10495\" class=\"ngg-gallery-thumbnail-box\" style=\"width:25%;\" >\n\t\t<div class=\"ngg-gallery-thumbnail\" >\n\t\t\t<a href=\"https:\/\/wernerdeck.de\/blog\/wp-content\/gallery\/federbach\/Radtour-mit-Peter-bis-zum-Federbachbruch-01.jpg\"\n\t\t\t\ttitle=\"Radeln nach R\u00fcppurr\"\n\t\t\t\tclass=\"ngg-simplelightbox\" rel=\"7885e7002cbd6ce1a4dce59b9952b5bb\" data-image-id=\"10495\" data-src=\"https:\/\/wernerdeck.de\/blog\/wp-content\/gallery\/federbach\/Radtour-mit-Peter-bis-zum-Federbachbruch-01.jpg\" data-thumbnail=\"https:\/\/wernerdeck.de\/blog\/wp-content\/gallery\/federbach\/thumbs\/thumbs_Radtour-mit-Peter-bis-zum-Federbachbruch-01.jpg\" data-title=\"Radtour-mit-Peter-bis-zum-Federbachbruch-01\" data-description=\"Radeln nach R\u00fcppurr\" >\n\t\t\t\t\t\t\t\t<img title=\"Radtour-mit-Peter-bis-zum-Federbachbruch-01\" alt=\"Radtour-mit-Peter-bis-zum-Federbachbruch-01\" src=\"https:\/\/wernerdeck.de\/blog\/wp-content\/gallery\/federbach\/thumbs\/thumbs_Radtour-mit-Peter-bis-zum-Federbachbruch-01.jpg\" width='240' height='160' \/>\n\t\t\t\t\t\t\t<\/a>\n\t\t\t<span>\n\t\t\tRadeln nach R\u00fcppurr\t\t\t<\/span>\n\t\t<\/div>\n\t<\/div>\n\t\t\t\t\t\t\t\t\n\t<div id=\"ngg-image-10496\" class=\"ngg-gallery-thumbnail-box\" style=\"width:25%;\" >\n\t\t<div class=\"ngg-gallery-thumbnail\" >\n\t\t\t<a href=\"https:\/\/wernerdeck.de\/blog\/wp-content\/gallery\/federbach\/Radtour-mit-Peter-bis-zum-Federbachbruch-02.jpg\"\n\t\t\t\ttitle=\"Am Rande von R\u00fcppurr\"\n\t\t\t\tclass=\"ngg-simplelightbox\" rel=\"7885e7002cbd6ce1a4dce59b9952b5bb\" data-image-id=\"10496\" data-src=\"https:\/\/wernerdeck.de\/blog\/wp-content\/gallery\/federbach\/Radtour-mit-Peter-bis-zum-Federbachbruch-02.jpg\" data-thumbnail=\"https:\/\/wernerdeck.de\/blog\/wp-content\/gallery\/federbach\/thumbs\/thumbs_Radtour-mit-Peter-bis-zum-Federbachbruch-02.jpg\" data-title=\"Radtour-mit-Peter-bis-zum-Federbachbruch-02\" data-description=\"Am Rande von R\u00fcppurr\" >\n\t\t\t\t\t\t\t\t<img title=\"Radtour-mit-Peter-bis-zum-Federbachbruch-02\" alt=\"Radtour-mit-Peter-bis-zum-Federbachbruch-02\" src=\"https:\/\/wernerdeck.de\/blog\/wp-content\/gallery\/federbach\/thumbs\/thumbs_Radtour-mit-Peter-bis-zum-Federbachbruch-02.jpg\" width='240' height='160' \/>\n\t\t\t\t\t\t\t<\/a>\n\t\t\t<span>\n\t\t\tAm Rande von R\u00fcppurr\t\t\t<\/span>\n\t\t<\/div>\n\t<\/div>\n\t\t\t\t\t\t\t\t\n\t<div id=\"ngg-image-10493\" class=\"ngg-gallery-thumbnail-box\" style=\"width:25%;\" >\n\t\t<div class=\"ngg-gallery-thumbnail\" >\n\t\t\t<a href=\"https:\/\/wernerdeck.de\/blog\/wp-content\/gallery\/federbach\/Radtour-mit-Peter-bis-zum-Federbachbruch-03.jpg\"\n\t\t\t\ttitle=\"Ettlingen\"\n\t\t\t\tclass=\"ngg-simplelightbox\" rel=\"7885e7002cbd6ce1a4dce59b9952b5bb\" data-image-id=\"10493\" data-src=\"https:\/\/wernerdeck.de\/blog\/wp-content\/gallery\/federbach\/Radtour-mit-Peter-bis-zum-Federbachbruch-03.jpg\" data-thumbnail=\"https:\/\/wernerdeck.de\/blog\/wp-content\/gallery\/federbach\/thumbs\/thumbs_Radtour-mit-Peter-bis-zum-Federbachbruch-03.jpg\" data-title=\"Radtour-mit-Peter-bis-zum-Federbachbruch-03\" data-description=\"Ettlingen\" >\n\t\t\t\t\t\t\t\t<img title=\"Radtour-mit-Peter-bis-zum-Federbachbruch-03\" alt=\"Radtour-mit-Peter-bis-zum-Federbachbruch-03\" src=\"https:\/\/wernerdeck.de\/blog\/wp-content\/gallery\/federbach\/thumbs\/thumbs_Radtour-mit-Peter-bis-zum-Federbachbruch-03.jpg\" width='240' height='160' \/>\n\t\t\t\t\t\t\t<\/a>\n\t\t\t<span>\n\t\t\tEttlingen\t\t\t<\/span>\n\t\t<\/div>\n\t<\/div>\n\t\t\t\t\t\t\t\t\n\t<div id=\"ngg-image-10497\" class=\"ngg-gallery-thumbnail-box\" style=\"width:25%;\" >\n\t\t<div class=\"ngg-gallery-thumbnail\" >\n\t\t\t<a href=\"https:\/\/wernerdeck.de\/blog\/wp-content\/gallery\/federbach\/Radtour-mit-Peter-bis-zum-Federbachbruch-04.jpg\"\n\t\t\t\ttitle=\"Stadteingang Ettlingen\"\n\t\t\t\tclass=\"ngg-simplelightbox\" rel=\"7885e7002cbd6ce1a4dce59b9952b5bb\" data-image-id=\"10497\" data-src=\"https:\/\/wernerdeck.de\/blog\/wp-content\/gallery\/federbach\/Radtour-mit-Peter-bis-zum-Federbachbruch-04.jpg\" data-thumbnail=\"https:\/\/wernerdeck.de\/blog\/wp-content\/gallery\/federbach\/thumbs\/thumbs_Radtour-mit-Peter-bis-zum-Federbachbruch-04.jpg\" data-title=\"Radtour-mit-Peter-bis-zum-Federbachbruch-04\" data-description=\"Stadteingang Ettlingen\" >\n\t\t\t\t\t\t\t\t<img title=\"Radtour-mit-Peter-bis-zum-Federbachbruch-04\" alt=\"Radtour-mit-Peter-bis-zum-Federbachbruch-04\" src=\"https:\/\/wernerdeck.de\/blog\/wp-content\/gallery\/federbach\/thumbs\/thumbs_Radtour-mit-Peter-bis-zum-Federbachbruch-04.jpg\" width='240' height='160' \/>\n\t\t\t\t\t\t\t<\/a>\n\t\t\t<span>\n\t\t\tStadteingang Ettlingen\t\t\t<\/span>\n\t\t<\/div>\n\t<\/div>\n\t\t\t\t\t\t\t<br style=\"clear: both\" \/>\n\t\t\t\n\t<div id=\"ngg-image-10494\" class=\"ngg-gallery-thumbnail-box\" style=\"width:25%;\" >\n\t\t<div class=\"ngg-gallery-thumbnail\" >\n\t\t\t<a href=\"https:\/\/wernerdeck.de\/blog\/wp-content\/gallery\/federbach\/Radtour-mit-Peter-bis-zum-Federbachbruch-05.jpg\"\n\t\t\t\ttitle=\"Zwischen Ettlingen und Malsch\"\n\t\t\t\tclass=\"ngg-simplelightbox\" rel=\"7885e7002cbd6ce1a4dce59b9952b5bb\" data-image-id=\"10494\" data-src=\"https:\/\/wernerdeck.de\/blog\/wp-content\/gallery\/federbach\/Radtour-mit-Peter-bis-zum-Federbachbruch-05.jpg\" data-thumbnail=\"https:\/\/wernerdeck.de\/blog\/wp-content\/gallery\/federbach\/thumbs\/thumbs_Radtour-mit-Peter-bis-zum-Federbachbruch-05.jpg\" data-title=\"Radtour-mit-Peter-bis-zum-Federbachbruch-05\" data-description=\"Zwischen Ettlingen und Malsch\" >\n\t\t\t\t\t\t\t\t<img title=\"Radtour-mit-Peter-bis-zum-Federbachbruch-05\" alt=\"Radtour-mit-Peter-bis-zum-Federbachbruch-05\" src=\"https:\/\/wernerdeck.de\/blog\/wp-content\/gallery\/federbach\/thumbs\/thumbs_Radtour-mit-Peter-bis-zum-Federbachbruch-05.jpg\" width='240' height='160' \/>\n\t\t\t\t\t\t\t<\/a>\n\t\t\t<span>\n\t\t\tZwischen Ettlingen und Malsch\t\t\t<\/span>\n\t\t<\/div>\n\t<\/div>\n\t\t\t\t\t\t\t\t\n\t<div id=\"ngg-image-10498\" class=\"ngg-gallery-thumbnail-box\" style=\"width:25%;\" >\n\t\t<div class=\"ngg-gallery-thumbnail\" >\n\t\t\t<a href=\"https:\/\/wernerdeck.de\/blog\/wp-content\/gallery\/federbach\/Radtour-mit-Peter-bis-zum-Federbachbruch-06.jpg\"\n\t\t\t\ttitle=\"Es beginnt wieder zu regnen\"\n\t\t\t\tclass=\"ngg-simplelightbox\" rel=\"7885e7002cbd6ce1a4dce59b9952b5bb\" data-image-id=\"10498\" data-src=\"https:\/\/wernerdeck.de\/blog\/wp-content\/gallery\/federbach\/Radtour-mit-Peter-bis-zum-Federbachbruch-06.jpg\" data-thumbnail=\"https:\/\/wernerdeck.de\/blog\/wp-content\/gallery\/federbach\/thumbs\/thumbs_Radtour-mit-Peter-bis-zum-Federbachbruch-06.jpg\" data-title=\"Radtour-mit-Peter-bis-zum-Federbachbruch-06\" data-description=\"Es beginnt wieder zu regnen\" >\n\t\t\t\t\t\t\t\t<img title=\"Radtour-mit-Peter-bis-zum-Federbachbruch-06\" alt=\"Radtour-mit-Peter-bis-zum-Federbachbruch-06\" src=\"https:\/\/wernerdeck.de\/blog\/wp-content\/gallery\/federbach\/thumbs\/thumbs_Radtour-mit-Peter-bis-zum-Federbachbruch-06.jpg\" width='240' height='160' \/>\n\t\t\t\t\t\t\t<\/a>\n\t\t\t<span>\n\t\t\tEs beginnt wieder zu regnen\t\t\t<\/span>\n\t\t<\/div>\n\t<\/div>\n\t\t\t\t\t\t\t\t\n\t<div id=\"ngg-image-10499\" class=\"ngg-gallery-thumbnail-box\" style=\"width:25%;\" >\n\t\t<div class=\"ngg-gallery-thumbnail\" >\n\t\t\t<a href=\"https:\/\/wernerdeck.de\/blog\/wp-content\/gallery\/federbach\/Radtour-mit-Peter-bis-zum-Federbachbruch-07.jpg\"\n\t\t\t\ttitle=\"Ortseingang Malsch\"\n\t\t\t\tclass=\"ngg-simplelightbox\" rel=\"7885e7002cbd6ce1a4dce59b9952b5bb\" data-image-id=\"10499\" data-src=\"https:\/\/wernerdeck.de\/blog\/wp-content\/gallery\/federbach\/Radtour-mit-Peter-bis-zum-Federbachbruch-07.jpg\" data-thumbnail=\"https:\/\/wernerdeck.de\/blog\/wp-content\/gallery\/federbach\/thumbs\/thumbs_Radtour-mit-Peter-bis-zum-Federbachbruch-07.jpg\" data-title=\"Radtour-mit-Peter-bis-zum-Federbachbruch-07\" data-description=\"Ortseingang Malsch\" >\n\t\t\t\t\t\t\t\t<img title=\"Radtour-mit-Peter-bis-zum-Federbachbruch-07\" alt=\"Radtour-mit-Peter-bis-zum-Federbachbruch-07\" src=\"https:\/\/wernerdeck.de\/blog\/wp-content\/gallery\/federbach\/thumbs\/thumbs_Radtour-mit-Peter-bis-zum-Federbachbruch-07.jpg\" width='240' height='160' \/>\n\t\t\t\t\t\t\t<\/a>\n\t\t\t<span>\n\t\t\tOrtseingang Malsch\t\t\t<\/span>\n\t\t<\/div>\n\t<\/div>\n\t\t\t\t\t\t\t\t\n\t<div id=\"ngg-image-10500\" class=\"ngg-gallery-thumbnail-box\" style=\"width:25%;\" >\n\t\t<div class=\"ngg-gallery-thumbnail\" >\n\t\t\t<a href=\"https:\/\/wernerdeck.de\/blog\/wp-content\/gallery\/federbach\/Radtour-mit-Peter-bis-zum-Federbachbruch-08.jpg\"\n\t\t\t\ttitle=\"Zaung\u00e4ste\"\n\t\t\t\tclass=\"ngg-simplelightbox\" rel=\"7885e7002cbd6ce1a4dce59b9952b5bb\" data-image-id=\"10500\" data-src=\"https:\/\/wernerdeck.de\/blog\/wp-content\/gallery\/federbach\/Radtour-mit-Peter-bis-zum-Federbachbruch-08.jpg\" data-thumbnail=\"https:\/\/wernerdeck.de\/blog\/wp-content\/gallery\/federbach\/thumbs\/thumbs_Radtour-mit-Peter-bis-zum-Federbachbruch-08.jpg\" data-title=\"Radtour-mit-Peter-bis-zum-Federbachbruch-08\" data-description=\"Zaung\u00e4ste\" >\n\t\t\t\t\t\t\t\t<img title=\"Radtour-mit-Peter-bis-zum-Federbachbruch-08\" alt=\"Radtour-mit-Peter-bis-zum-Federbachbruch-08\" src=\"https:\/\/wernerdeck.de\/blog\/wp-content\/gallery\/federbach\/thumbs\/thumbs_Radtour-mit-Peter-bis-zum-Federbachbruch-08.jpg\" width='240' height='160' \/>\n\t\t\t\t\t\t\t<\/a>\n\t\t\t<span>\n\t\t\tZaung\u00e4ste\t\t\t<\/span>\n\t\t<\/div>\n\t<\/div>\n\t\t\t\t\t\t\t<br style=\"clear: both\" \/>\n\t\t\t\n\t<div id=\"ngg-image-10502\" class=\"ngg-gallery-thumbnail-box\" style=\"width:25%;\" >\n\t\t<div class=\"ngg-gallery-thumbnail\" >\n\t\t\t<a href=\"https:\/\/wernerdeck.de\/blog\/wp-content\/gallery\/federbach\/Radtour-mit-Peter-bis-zum-Federbachbruch-09.jpg\"\n\t\t\t\ttitle=\"Am Federbach \"\n\t\t\t\tclass=\"ngg-simplelightbox\" rel=\"7885e7002cbd6ce1a4dce59b9952b5bb\" data-image-id=\"10502\" data-src=\"https:\/\/wernerdeck.de\/blog\/wp-content\/gallery\/federbach\/Radtour-mit-Peter-bis-zum-Federbachbruch-09.jpg\" data-thumbnail=\"https:\/\/wernerdeck.de\/blog\/wp-content\/gallery\/federbach\/thumbs\/thumbs_Radtour-mit-Peter-bis-zum-Federbachbruch-09.jpg\" data-title=\"Radtour-mit-Peter-bis-zum-Federbachbruch-09\" data-description=\"Am Federbach \" >\n\t\t\t\t\t\t\t\t<img title=\"Radtour-mit-Peter-bis-zum-Federbachbruch-09\" alt=\"Radtour-mit-Peter-bis-zum-Federbachbruch-09\" src=\"https:\/\/wernerdeck.de\/blog\/wp-content\/gallery\/federbach\/thumbs\/thumbs_Radtour-mit-Peter-bis-zum-Federbachbruch-09.jpg\" width='240' height='160' \/>\n\t\t\t\t\t\t\t<\/a>\n\t\t\t<span>\n\t\t\tAm Federbach \t\t\t<\/span>\n\t\t<\/div>\n\t<\/div>\n\t\t\t\t\t\t\t\t\n\t<div id=\"ngg-image-10503\" class=\"ngg-gallery-thumbnail-box\" style=\"width:25%;\" >\n\t\t<div class=\"ngg-gallery-thumbnail\" >\n\t\t\t<a href=\"https:\/\/wernerdeck.de\/blog\/wp-content\/gallery\/federbach\/Radtour-mit-Peter-bis-zum-Federbachbruch-10.jpg\"\n\t\t\t\ttitle=\"Federbachbruch\"\n\t\t\t\tclass=\"ngg-simplelightbox\" rel=\"7885e7002cbd6ce1a4dce59b9952b5bb\" data-image-id=\"10503\" data-src=\"https:\/\/wernerdeck.de\/blog\/wp-content\/gallery\/federbach\/Radtour-mit-Peter-bis-zum-Federbachbruch-10.jpg\" data-thumbnail=\"https:\/\/wernerdeck.de\/blog\/wp-content\/gallery\/federbach\/thumbs\/thumbs_Radtour-mit-Peter-bis-zum-Federbachbruch-10.jpg\" data-title=\"Radtour-mit-Peter-bis-zum-Federbachbruch-10\" data-description=\"Federbachbruch\" >\n\t\t\t\t\t\t\t\t<img title=\"Radtour-mit-Peter-bis-zum-Federbachbruch-10\" alt=\"Radtour-mit-Peter-bis-zum-Federbachbruch-10\" src=\"https:\/\/wernerdeck.de\/blog\/wp-content\/gallery\/federbach\/thumbs\/thumbs_Radtour-mit-Peter-bis-zum-Federbachbruch-10.jpg\" width='240' height='160' \/>\n\t\t\t\t\t\t\t<\/a>\n\t\t\t<span>\n\t\t\tFederbachbruch\t\t\t<\/span>\n\t\t<\/div>\n\t<\/div>\n\t\t\t\t\t\t\t\t\n\t<div id=\"ngg-image-10501\" class=\"ngg-gallery-thumbnail-box\" style=\"width:25%;\" >\n\t\t<div class=\"ngg-gallery-thumbnail\" >\n\t\t\t<a href=\"https:\/\/wernerdeck.de\/blog\/wp-content\/gallery\/federbach\/Radtour-mit-Peter-bis-zum-Federbachbruch-11.jpg\"\n\t\t\t\ttitle=\"Federbachbruch\"\n\t\t\t\tclass=\"ngg-simplelightbox\" rel=\"7885e7002cbd6ce1a4dce59b9952b5bb\" data-image-id=\"10501\" data-src=\"https:\/\/wernerdeck.de\/blog\/wp-content\/gallery\/federbach\/Radtour-mit-Peter-bis-zum-Federbachbruch-11.jpg\" data-thumbnail=\"https:\/\/wernerdeck.de\/blog\/wp-content\/gallery\/federbach\/thumbs\/thumbs_Radtour-mit-Peter-bis-zum-Federbachbruch-11.jpg\" data-title=\"Radtour-mit-Peter-bis-zum-Federbachbruch-11\" data-description=\"Federbachbruch\" >\n\t\t\t\t\t\t\t\t<img title=\"Radtour-mit-Peter-bis-zum-Federbachbruch-11\" alt=\"Radtour-mit-Peter-bis-zum-Federbachbruch-11\" src=\"https:\/\/wernerdeck.de\/blog\/wp-content\/gallery\/federbach\/thumbs\/thumbs_Radtour-mit-Peter-bis-zum-Federbachbruch-11.jpg\" width='240' height='160' \/>\n\t\t\t\t\t\t\t<\/a>\n\t\t\t<span>\n\t\t\tFederbachbruch\t\t\t<\/span>\n\t\t<\/div>\n\t<\/div>\n\t\t\t\t\t\t\t\t\n\t<div id=\"ngg-image-10504\" class=\"ngg-gallery-thumbnail-box\" style=\"width:25%;\" >\n\t\t<div class=\"ngg-gallery-thumbnail\" >\n\t\t\t<a href=\"https:\/\/wernerdeck.de\/blog\/wp-content\/gallery\/federbach\/Radtour-mit-Peter-bis-zum-Federbachbruch-12.jpg\"\n\t\t\t\ttitle=\"Gleich am Restaurant \"\n\t\t\t\tclass=\"ngg-simplelightbox\" rel=\"7885e7002cbd6ce1a4dce59b9952b5bb\" data-image-id=\"10504\" data-src=\"https:\/\/wernerdeck.de\/blog\/wp-content\/gallery\/federbach\/Radtour-mit-Peter-bis-zum-Federbachbruch-12.jpg\" data-thumbnail=\"https:\/\/wernerdeck.de\/blog\/wp-content\/gallery\/federbach\/thumbs\/thumbs_Radtour-mit-Peter-bis-zum-Federbachbruch-12.jpg\" data-title=\"Radtour-mit-Peter-bis-zum-Federbachbruch-12\" data-description=\"Gleich am Restaurant \" >\n\t\t\t\t\t\t\t\t<img title=\"Radtour-mit-Peter-bis-zum-Federbachbruch-12\" alt=\"Radtour-mit-Peter-bis-zum-Federbachbruch-12\" src=\"https:\/\/wernerdeck.de\/blog\/wp-content\/gallery\/federbach\/thumbs\/thumbs_Radtour-mit-Peter-bis-zum-Federbachbruch-12.jpg\" width='240' height='160' \/>\n\t\t\t\t\t\t\t<\/a>\n\t\t\t<span>\n\t\t\tGleich am Restaurant \t\t\t<\/span>\n\t\t<\/div>\n\t<\/div>\n\t\t\t\t\t\t\t<br style=\"clear: both\" \/>\n\t\t\t\n\t<!-- Pagination -->\n\t\t<div class='ngg-clear'><\/div>\t\n<\/div>\n\n\t<span style=\"font-weight: 400;\">N\u00f6rdlich von Rastatt f\u00fchrte uns unser Weg in das Gewann Baldenau, wo wir schlie\u00dflich gegen kurz vor 12 Uhr das <a href=\"https:\/\/www.fohlenweide-rastatt.de\/\" target=\"_blank\" rel=\"noopener\">Restaurant \u201eFohlenweide\u201c<\/a> erreichten. <\/span><span style=\"font-weight: 400;\">Nach einer schmackhaften Mahlzeit blitzte die Sonne sogar zwischen den Wolken hindurch und vergoldete die Landschaft, w\u00e4hrend wir uns auf die n\u00e4chsten Kilometer vorbereiteten. Nun hatten wir die berechtigte Hoffnung, dass das Wetter jetzt mit uns auf unserer Seite war.<\/span><\/p>\n<p><span style=\"font-weight: 400;\">Wir setzten unseren Weg fort, etwa 5 Kilometer an der Murg entlang in Richtung Goldkanal. Die Sonne strahlte immer h\u00e4ufiger auf uns herab und begleitete uns \u00fcber die weiten Felder in n\u00f6rdlicher Richtung nach Neuburgweier. Der wundersch\u00f6ne Rheinwald, den wir durchquerten, war zu dieser Zeit besonders zauberhaft. Schlie\u00dflich erreichten wir das Rheinufer, nur um festzustellen, dass der Rheinkiosk leider geschlossen hatte. Trotzdem lie\u00dfen wir uns die gute Laune nicht verderben. <\/span><\/p>\n<p>\n<div class=\"ngg-galleryoverview ngg-template-caption\" id=\"ngg-gallery-1b643cb3a774da615cccac3033796363-21315\">\n\n\t\t\n\t<!-- Thumbnails -->\n\t\t\t\t\t\n\t<div id=\"ngg-image-10507\" class=\"ngg-gallery-thumbnail-box\" style=\"width:25%;\" >\n\t\t<div class=\"ngg-gallery-thumbnail\" >\n\t\t\t<a href=\"https:\/\/wernerdeck.de\/blog\/wp-content\/gallery\/kiosk-1\/Radtour-mit-Peter-bis-zum-Rheinkiosk-01.jpg\"\n\t\t\t\ttitle=\"Der kleine Hunger ruft\"\n\t\t\t\tclass=\"ngg-simplelightbox\" rel=\"1b643cb3a774da615cccac3033796363\" data-image-id=\"10507\" data-src=\"https:\/\/wernerdeck.de\/blog\/wp-content\/gallery\/kiosk-1\/Radtour-mit-Peter-bis-zum-Rheinkiosk-01.jpg\" data-thumbnail=\"https:\/\/wernerdeck.de\/blog\/wp-content\/gallery\/kiosk-1\/thumbs\/thumbs_Radtour-mit-Peter-bis-zum-Rheinkiosk-01.jpg\" data-title=\"Radtour-mit-Peter-bis-zum-Rheinkiosk-01\" data-description=\"Der kleine Hunger ruft\" >\n\t\t\t\t\t\t\t\t<img title=\"Radtour-mit-Peter-bis-zum-Rheinkiosk-01\" alt=\"Radtour-mit-Peter-bis-zum-Rheinkiosk-01\" src=\"https:\/\/wernerdeck.de\/blog\/wp-content\/gallery\/kiosk-1\/thumbs\/thumbs_Radtour-mit-Peter-bis-zum-Rheinkiosk-01.jpg\" width='240' height='160' \/>\n\t\t\t\t\t\t\t<\/a>\n\t\t\t<span>\n\t\t\tDer kleine Hunger ruft\t\t\t<\/span>\n\t\t<\/div>\n\t<\/div>\n\t\t\t\t\t\t\t\t\n\t<div id=\"ngg-image-10509\" class=\"ngg-gallery-thumbnail-box\" style=\"width:25%;\" >\n\t\t<div class=\"ngg-gallery-thumbnail\" >\n\t\t\t<a href=\"https:\/\/wernerdeck.de\/blog\/wp-content\/gallery\/kiosk-1\/Radtour-mit-Peter-bis-zum-Rheinkiosk-02.jpg\"\n\t\t\t\ttitle=\"Restaurant Fohlenweide\"\n\t\t\t\tclass=\"ngg-simplelightbox\" rel=\"1b643cb3a774da615cccac3033796363\" data-image-id=\"10509\" data-src=\"https:\/\/wernerdeck.de\/blog\/wp-content\/gallery\/kiosk-1\/Radtour-mit-Peter-bis-zum-Rheinkiosk-02.jpg\" data-thumbnail=\"https:\/\/wernerdeck.de\/blog\/wp-content\/gallery\/kiosk-1\/thumbs\/thumbs_Radtour-mit-Peter-bis-zum-Rheinkiosk-02.jpg\" data-title=\"Radtour-mit-Peter-bis-zum-Rheinkiosk-02\" data-description=\"Restaurant Fohlenweide\" >\n\t\t\t\t\t\t\t\t<img title=\"Radtour-mit-Peter-bis-zum-Rheinkiosk-02\" alt=\"Radtour-mit-Peter-bis-zum-Rheinkiosk-02\" src=\"https:\/\/wernerdeck.de\/blog\/wp-content\/gallery\/kiosk-1\/thumbs\/thumbs_Radtour-mit-Peter-bis-zum-Rheinkiosk-02.jpg\" width='240' height='160' \/>\n\t\t\t\t\t\t\t<\/a>\n\t\t\t<span>\n\t\t\tRestaurant Fohlenweide\t\t\t<\/span>\n\t\t<\/div>\n\t<\/div>\n\t\t\t\t\t\t\t\t\n\t<div id=\"ngg-image-10506\" class=\"ngg-gallery-thumbnail-box\" style=\"width:25%;\" >\n\t\t<div class=\"ngg-gallery-thumbnail\" >\n\t\t\t<a href=\"https:\/\/wernerdeck.de\/blog\/wp-content\/gallery\/kiosk-1\/Radtour-mit-Peter-bis-zum-Rheinkiosk-02-1.jpg\"\n\t\t\t\ttitle=\"Lecker wars\"\n\t\t\t\tclass=\"ngg-simplelightbox\" rel=\"1b643cb3a774da615cccac3033796363\" data-image-id=\"10506\" data-src=\"https:\/\/wernerdeck.de\/blog\/wp-content\/gallery\/kiosk-1\/Radtour-mit-Peter-bis-zum-Rheinkiosk-02-1.jpg\" data-thumbnail=\"https:\/\/wernerdeck.de\/blog\/wp-content\/gallery\/kiosk-1\/thumbs\/thumbs_Radtour-mit-Peter-bis-zum-Rheinkiosk-02-1.jpg\" data-title=\"Radtour-mit-Peter-bis-zum-Rheinkiosk-02-1\" data-description=\"Lecker wars\" >\n\t\t\t\t\t\t\t\t<img title=\"Radtour-mit-Peter-bis-zum-Rheinkiosk-02-1\" alt=\"Radtour-mit-Peter-bis-zum-Rheinkiosk-02-1\" src=\"https:\/\/wernerdeck.de\/blog\/wp-content\/gallery\/kiosk-1\/thumbs\/thumbs_Radtour-mit-Peter-bis-zum-Rheinkiosk-02-1.jpg\" width='240' height='160' \/>\n\t\t\t\t\t\t\t<\/a>\n\t\t\t<span>\n\t\t\tLecker wars\t\t\t<\/span>\n\t\t<\/div>\n\t<\/div>\n\t\t\t\t\t\t\t\t\n\t<div id=\"ngg-image-10510\" class=\"ngg-gallery-thumbnail-box\" style=\"width:25%;\" >\n\t\t<div class=\"ngg-gallery-thumbnail\" >\n\t\t\t<a href=\"https:\/\/wernerdeck.de\/blog\/wp-content\/gallery\/kiosk-1\/Radtour-mit-Peter-bis-zum-Rheinkiosk-03.jpg\"\n\t\t\t\ttitle=\"Auwald\"\n\t\t\t\tclass=\"ngg-simplelightbox\" rel=\"1b643cb3a774da615cccac3033796363\" data-image-id=\"10510\" data-src=\"https:\/\/wernerdeck.de\/blog\/wp-content\/gallery\/kiosk-1\/Radtour-mit-Peter-bis-zum-Rheinkiosk-03.jpg\" data-thumbnail=\"https:\/\/wernerdeck.de\/blog\/wp-content\/gallery\/kiosk-1\/thumbs\/thumbs_Radtour-mit-Peter-bis-zum-Rheinkiosk-03.jpg\" data-title=\"Radtour-mit-Peter-bis-zum-Rheinkiosk-03\" data-description=\"Auwald\" >\n\t\t\t\t\t\t\t\t<img title=\"Radtour-mit-Peter-bis-zum-Rheinkiosk-03\" alt=\"Radtour-mit-Peter-bis-zum-Rheinkiosk-03\" src=\"https:\/\/wernerdeck.de\/blog\/wp-content\/gallery\/kiosk-1\/thumbs\/thumbs_Radtour-mit-Peter-bis-zum-Rheinkiosk-03.jpg\" width='240' height='160' \/>\n\t\t\t\t\t\t\t<\/a>\n\t\t\t<span>\n\t\t\tAuwald\t\t\t<\/span>\n\t\t<\/div>\n\t<\/div>\n\t\t\t\t\t\t\t<br style=\"clear: both\" \/>\n\t\t\t\n\t<div id=\"ngg-image-10505\" class=\"ngg-gallery-thumbnail-box\" style=\"width:25%;\" >\n\t\t<div class=\"ngg-gallery-thumbnail\" >\n\t\t\t<a href=\"https:\/\/wernerdeck.de\/blog\/wp-content\/gallery\/kiosk-1\/Radtour-mit-Peter-bis-zum-Rheinkiosk-04.jpg\"\n\t\t\t\ttitle=\"Im Auwald zur Murg\"\n\t\t\t\tclass=\"ngg-simplelightbox\" rel=\"1b643cb3a774da615cccac3033796363\" data-image-id=\"10505\" data-src=\"https:\/\/wernerdeck.de\/blog\/wp-content\/gallery\/kiosk-1\/Radtour-mit-Peter-bis-zum-Rheinkiosk-04.jpg\" data-thumbnail=\"https:\/\/wernerdeck.de\/blog\/wp-content\/gallery\/kiosk-1\/thumbs\/thumbs_Radtour-mit-Peter-bis-zum-Rheinkiosk-04.jpg\" data-title=\"Radtour-mit-Peter-bis-zum-Rheinkiosk-04\" data-description=\"Im Auwald zur Murg\" >\n\t\t\t\t\t\t\t\t<img title=\"Radtour-mit-Peter-bis-zum-Rheinkiosk-04\" alt=\"Radtour-mit-Peter-bis-zum-Rheinkiosk-04\" src=\"https:\/\/wernerdeck.de\/blog\/wp-content\/gallery\/kiosk-1\/thumbs\/thumbs_Radtour-mit-Peter-bis-zum-Rheinkiosk-04.jpg\" width='240' height='160' \/>\n\t\t\t\t\t\t\t<\/a>\n\t\t\t<span>\n\t\t\tIm Auwald zur Murg\t\t\t<\/span>\n\t\t<\/div>\n\t<\/div>\n\t\t\t\t\t\t\t\t\n\t<div id=\"ngg-image-10508\" class=\"ngg-gallery-thumbnail-box\" style=\"width:25%;\" >\n\t\t<div class=\"ngg-gallery-thumbnail\" >\n\t\t\t<a href=\"https:\/\/wernerdeck.de\/blog\/wp-content\/gallery\/kiosk-1\/Radtour-mit-Peter-bis-zum-Rheinkiosk-05.jpg\"\n\t\t\t\ttitle=\"An der Murg\"\n\t\t\t\tclass=\"ngg-simplelightbox\" rel=\"1b643cb3a774da615cccac3033796363\" data-image-id=\"10508\" data-src=\"https:\/\/wernerdeck.de\/blog\/wp-content\/gallery\/kiosk-1\/Radtour-mit-Peter-bis-zum-Rheinkiosk-05.jpg\" data-thumbnail=\"https:\/\/wernerdeck.de\/blog\/wp-content\/gallery\/kiosk-1\/thumbs\/thumbs_Radtour-mit-Peter-bis-zum-Rheinkiosk-05.jpg\" data-title=\"Radtour-mit-Peter-bis-zum-Rheinkiosk-05\" data-description=\"An der Murg\" >\n\t\t\t\t\t\t\t\t<img title=\"Radtour-mit-Peter-bis-zum-Rheinkiosk-05\" alt=\"Radtour-mit-Peter-bis-zum-Rheinkiosk-05\" src=\"https:\/\/wernerdeck.de\/blog\/wp-content\/gallery\/kiosk-1\/thumbs\/thumbs_Radtour-mit-Peter-bis-zum-Rheinkiosk-05.jpg\" width='240' height='160' \/>\n\t\t\t\t\t\t\t<\/a>\n\t\t\t<span>\n\t\t\tAn der Murg\t\t\t<\/span>\n\t\t<\/div>\n\t<\/div>\n\t\t\t\t\t\t\t\t\n\t<div id=\"ngg-image-10511\" class=\"ngg-gallery-thumbnail-box\" style=\"width:25%;\" >\n\t\t<div class=\"ngg-gallery-thumbnail\" >\n\t\t\t<a href=\"https:\/\/wernerdeck.de\/blog\/wp-content\/gallery\/kiosk-1\/Radtour-mit-Peter-bis-zum-Rheinkiosk-06.jpg\"\n\t\t\t\ttitle=\"Auf dem Murgdamm\"\n\t\t\t\tclass=\"ngg-simplelightbox\" rel=\"1b643cb3a774da615cccac3033796363\" data-image-id=\"10511\" data-src=\"https:\/\/wernerdeck.de\/blog\/wp-content\/gallery\/kiosk-1\/Radtour-mit-Peter-bis-zum-Rheinkiosk-06.jpg\" data-thumbnail=\"https:\/\/wernerdeck.de\/blog\/wp-content\/gallery\/kiosk-1\/thumbs\/thumbs_Radtour-mit-Peter-bis-zum-Rheinkiosk-06.jpg\" data-title=\"Radtour-mit-Peter-bis-zum-Rheinkiosk-06\" data-description=\"Auf dem Murgdamm\" >\n\t\t\t\t\t\t\t\t<img title=\"Radtour-mit-Peter-bis-zum-Rheinkiosk-06\" alt=\"Radtour-mit-Peter-bis-zum-Rheinkiosk-06\" src=\"https:\/\/wernerdeck.de\/blog\/wp-content\/gallery\/kiosk-1\/thumbs\/thumbs_Radtour-mit-Peter-bis-zum-Rheinkiosk-06.jpg\" width='240' height='160' \/>\n\t\t\t\t\t\t\t<\/a>\n\t\t\t<span>\n\t\t\tAuf dem Murgdamm\t\t\t<\/span>\n\t\t<\/div>\n\t<\/div>\n\t\t\t\t\t\t\t\t\n\t<div id=\"ngg-image-10512\" class=\"ngg-gallery-thumbnail-box\" style=\"width:25%;\" >\n\t\t<div class=\"ngg-gallery-thumbnail\" >\n\t\t\t<a href=\"https:\/\/wernerdeck.de\/blog\/wp-content\/gallery\/kiosk-1\/Radtour-mit-Peter-bis-zum-Rheinkiosk-07.jpg\"\n\t\t\t\ttitle=\"Tolle Blumenwiese\"\n\t\t\t\tclass=\"ngg-simplelightbox\" rel=\"1b643cb3a774da615cccac3033796363\" data-image-id=\"10512\" data-src=\"https:\/\/wernerdeck.de\/blog\/wp-content\/gallery\/kiosk-1\/Radtour-mit-Peter-bis-zum-Rheinkiosk-07.jpg\" data-thumbnail=\"https:\/\/wernerdeck.de\/blog\/wp-content\/gallery\/kiosk-1\/thumbs\/thumbs_Radtour-mit-Peter-bis-zum-Rheinkiosk-07.jpg\" data-title=\"Radtour-mit-Peter-bis-zum-Rheinkiosk-07\" data-description=\"Tolle Blumenwiese\" >\n\t\t\t\t\t\t\t\t<img title=\"Radtour-mit-Peter-bis-zum-Rheinkiosk-07\" alt=\"Radtour-mit-Peter-bis-zum-Rheinkiosk-07\" src=\"https:\/\/wernerdeck.de\/blog\/wp-content\/gallery\/kiosk-1\/thumbs\/thumbs_Radtour-mit-Peter-bis-zum-Rheinkiosk-07.jpg\" width='240' height='160' \/>\n\t\t\t\t\t\t\t<\/a>\n\t\t\t<span>\n\t\t\tTolle Blumenwiese\t\t\t<\/span>\n\t\t<\/div>\n\t<\/div>\n\t\t\t\t\t\t\t<br style=\"clear: both\" \/>\n\t\t\t\n\t<div id=\"ngg-image-10514\" class=\"ngg-gallery-thumbnail-box\" style=\"width:25%;\" >\n\t\t<div class=\"ngg-gallery-thumbnail\" >\n\t\t\t<a href=\"https:\/\/wernerdeck.de\/blog\/wp-content\/gallery\/kiosk-1\/Radtour-mit-Peter-bis-zum-Rheinkiosk-08.jpg\"\n\t\t\t\ttitle=\"Kleine Waldpause\"\n\t\t\t\tclass=\"ngg-simplelightbox\" rel=\"1b643cb3a774da615cccac3033796363\" data-image-id=\"10514\" data-src=\"https:\/\/wernerdeck.de\/blog\/wp-content\/gallery\/kiosk-1\/Radtour-mit-Peter-bis-zum-Rheinkiosk-08.jpg\" data-thumbnail=\"https:\/\/wernerdeck.de\/blog\/wp-content\/gallery\/kiosk-1\/thumbs\/thumbs_Radtour-mit-Peter-bis-zum-Rheinkiosk-08.jpg\" data-title=\"Radtour-mit-Peter-bis-zum-Rheinkiosk-08\" data-description=\"Kleine Waldpause\" >\n\t\t\t\t\t\t\t\t<img title=\"Radtour-mit-Peter-bis-zum-Rheinkiosk-08\" alt=\"Radtour-mit-Peter-bis-zum-Rheinkiosk-08\" src=\"https:\/\/wernerdeck.de\/blog\/wp-content\/gallery\/kiosk-1\/thumbs\/thumbs_Radtour-mit-Peter-bis-zum-Rheinkiosk-08.jpg\" width='240' height='160' \/>\n\t\t\t\t\t\t\t<\/a>\n\t\t\t<span>\n\t\t\tKleine Waldpause\t\t\t<\/span>\n\t\t<\/div>\n\t<\/div>\n\t\t\t\t\t\t\t\t\n\t<div id=\"ngg-image-10513\" class=\"ngg-gallery-thumbnail-box\" style=\"width:25%;\" >\n\t\t<div class=\"ngg-gallery-thumbnail\" >\n\t\t\t<a href=\"https:\/\/wernerdeck.de\/blog\/wp-content\/gallery\/kiosk-1\/Radtour-mit-Peter-bis-zum-Rheinkiosk-09.jpg\"\n\t\t\t\ttitle=\"Am Rheinkiosk\"\n\t\t\t\tclass=\"ngg-simplelightbox\" rel=\"1b643cb3a774da615cccac3033796363\" data-image-id=\"10513\" data-src=\"https:\/\/wernerdeck.de\/blog\/wp-content\/gallery\/kiosk-1\/Radtour-mit-Peter-bis-zum-Rheinkiosk-09.jpg\" data-thumbnail=\"https:\/\/wernerdeck.de\/blog\/wp-content\/gallery\/kiosk-1\/thumbs\/thumbs_Radtour-mit-Peter-bis-zum-Rheinkiosk-09.jpg\" data-title=\"Radtour-mit-Peter-bis-zum-Rheinkiosk-09\" data-description=\"Am Rheinkiosk\" >\n\t\t\t\t\t\t\t\t<img title=\"Radtour-mit-Peter-bis-zum-Rheinkiosk-09\" alt=\"Radtour-mit-Peter-bis-zum-Rheinkiosk-09\" src=\"https:\/\/wernerdeck.de\/blog\/wp-content\/gallery\/kiosk-1\/thumbs\/thumbs_Radtour-mit-Peter-bis-zum-Rheinkiosk-09.jpg\" width='240' height='160' \/>\n\t\t\t\t\t\t\t<\/a>\n\t\t\t<span>\n\t\t\tAm Rheinkiosk\t\t\t<\/span>\n\t\t<\/div>\n\t<\/div>\n\t\t\t\t\t\t\t\t\n\t<!-- Pagination -->\n\t\t<div class='ngg-clear'><\/div>\t\n<\/div>\n\n\t<span style=\"font-weight: 400;\">Wir radelten \u00fcber den Rheindamm, w\u00e4hrend die Natur um uns herum in einem wundervollen Herbstkleid erstrahlte. Bald gelangten wir zum <a href=\"https:\/\/www.ka-baeder.de\/freibaeder\/rheinstrandbad-rappenwoert.html\" target=\"_blank\" rel=\"noopener\">Rheinstrandbad Rappenw\u00f6rth<\/a> und folgten der idyllischen Route durch die Fritschlach und an den Saumseen vorbei. Hier g\u00f6nnten wir uns eine kleine Pause und naschten unsere Haselnusswaffeln.<\/span><\/p>\n<p>\n<div class=\"ngg-galleryoverview ngg-template-caption\" id=\"ngg-gallery-5eb88bef6ffbe4220b3c8a46146ce960-21315\">\n\n\t\t\n\t<!-- Thumbnails -->\n\t\t\t\t\t\n\t<div id=\"ngg-image-10516\" class=\"ngg-gallery-thumbnail-box\" style=\"width:25%;\" >\n\t\t<div class=\"ngg-gallery-thumbnail\" >\n\t\t\t<a href=\"https:\/\/wernerdeck.de\/blog\/wp-content\/gallery\/saumseen\/Radtour-mit-Peter-an-den-Saumseen-01.jpg\"\n\t\t\t\ttitle=\"Rheindamm\"\n\t\t\t\tclass=\"ngg-simplelightbox\" rel=\"5eb88bef6ffbe4220b3c8a46146ce960\" data-image-id=\"10516\" data-src=\"https:\/\/wernerdeck.de\/blog\/wp-content\/gallery\/saumseen\/Radtour-mit-Peter-an-den-Saumseen-01.jpg\" data-thumbnail=\"https:\/\/wernerdeck.de\/blog\/wp-content\/gallery\/saumseen\/thumbs\/thumbs_Radtour-mit-Peter-an-den-Saumseen-01.jpg\" data-title=\"Radtour-mit-Peter-an-den-Saumseen-01\" data-description=\"Rheindamm\" >\n\t\t\t\t\t\t\t\t<img title=\"Radtour-mit-Peter-an-den-Saumseen-01\" alt=\"Radtour-mit-Peter-an-den-Saumseen-01\" src=\"https:\/\/wernerdeck.de\/blog\/wp-content\/gallery\/saumseen\/thumbs\/thumbs_Radtour-mit-Peter-an-den-Saumseen-01.jpg\" width='240' height='160' \/>\n\t\t\t\t\t\t\t<\/a>\n\t\t\t<span>\n\t\t\tRheindamm\t\t\t<\/span>\n\t\t<\/div>\n\t<\/div>\n\t\t\t\t\t\t\t\t\n\t<div id=\"ngg-image-10517\" class=\"ngg-gallery-thumbnail-box\" style=\"width:25%;\" >\n\t\t<div class=\"ngg-gallery-thumbnail\" >\n\t\t\t<a href=\"https:\/\/wernerdeck.de\/blog\/wp-content\/gallery\/saumseen\/Radtour-mit-Peter-an-den-Saumseen-02.jpg\"\n\t\t\t\ttitle=\"Fritschlach\"\n\t\t\t\tclass=\"ngg-simplelightbox\" rel=\"5eb88bef6ffbe4220b3c8a46146ce960\" data-image-id=\"10517\" data-src=\"https:\/\/wernerdeck.de\/blog\/wp-content\/gallery\/saumseen\/Radtour-mit-Peter-an-den-Saumseen-02.jpg\" data-thumbnail=\"https:\/\/wernerdeck.de\/blog\/wp-content\/gallery\/saumseen\/thumbs\/thumbs_Radtour-mit-Peter-an-den-Saumseen-02.jpg\" data-title=\"Radtour-mit-Peter-an-den-Saumseen-02\" data-description=\"Fritschlach\" >\n\t\t\t\t\t\t\t\t<img title=\"Radtour-mit-Peter-an-den-Saumseen-02\" alt=\"Radtour-mit-Peter-an-den-Saumseen-02\" src=\"https:\/\/wernerdeck.de\/blog\/wp-content\/gallery\/saumseen\/thumbs\/thumbs_Radtour-mit-Peter-an-den-Saumseen-02.jpg\" width='240' height='160' \/>\n\t\t\t\t\t\t\t<\/a>\n\t\t\t<span>\n\t\t\tFritschlach\t\t\t<\/span>\n\t\t<\/div>\n\t<\/div>\n\t\t\t\t\t\t\t\t\n\t<div id=\"ngg-image-10515\" class=\"ngg-gallery-thumbnail-box\" style=\"width:25%;\" >\n\t\t<div class=\"ngg-gallery-thumbnail\" >\n\t\t\t<a href=\"https:\/\/wernerdeck.de\/blog\/wp-content\/gallery\/saumseen\/Radtour-mit-Peter-an-den-Saumseen-03.jpg\"\n\t\t\t\ttitle=\"Waffelpause\"\n\t\t\t\tclass=\"ngg-simplelightbox\" rel=\"5eb88bef6ffbe4220b3c8a46146ce960\" data-image-id=\"10515\" data-src=\"https:\/\/wernerdeck.de\/blog\/wp-content\/gallery\/saumseen\/Radtour-mit-Peter-an-den-Saumseen-03.jpg\" data-thumbnail=\"https:\/\/wernerdeck.de\/blog\/wp-content\/gallery\/saumseen\/thumbs\/thumbs_Radtour-mit-Peter-an-den-Saumseen-03.jpg\" data-title=\"Radtour-mit-Peter-an-den-Saumseen-03\" data-description=\"Waffelpause\" >\n\t\t\t\t\t\t\t\t<img title=\"Radtour-mit-Peter-an-den-Saumseen-03\" alt=\"Radtour-mit-Peter-an-den-Saumseen-03\" src=\"https:\/\/wernerdeck.de\/blog\/wp-content\/gallery\/saumseen\/thumbs\/thumbs_Radtour-mit-Peter-an-den-Saumseen-03.jpg\" width='240' height='160' \/>\n\t\t\t\t\t\t\t<\/a>\n\t\t\t<span>\n\t\t\tWaffelpause\t\t\t<\/span>\n\t\t<\/div>\n\t<\/div>\n\t\t\t\t\t\t\t\t\n\t<div id=\"ngg-image-10518\" class=\"ngg-gallery-thumbnail-box\" style=\"width:25%;\" >\n\t\t<div class=\"ngg-gallery-thumbnail\" >\n\t\t\t<a href=\"https:\/\/wernerdeck.de\/blog\/wp-content\/gallery\/saumseen\/Radtour-mit-Peter-an-den-Saumseen-04.jpg\"\n\t\t\t\ttitle=\"Saumseen\"\n\t\t\t\tclass=\"ngg-simplelightbox\" rel=\"5eb88bef6ffbe4220b3c8a46146ce960\" data-image-id=\"10518\" data-src=\"https:\/\/wernerdeck.de\/blog\/wp-content\/gallery\/saumseen\/Radtour-mit-Peter-an-den-Saumseen-04.jpg\" data-thumbnail=\"https:\/\/wernerdeck.de\/blog\/wp-content\/gallery\/saumseen\/thumbs\/thumbs_Radtour-mit-Peter-an-den-Saumseen-04.jpg\" data-title=\"Radtour-mit-Peter-an-den-Saumseen-04\" data-description=\"Saumseen\" >\n\t\t\t\t\t\t\t\t<img title=\"Radtour-mit-Peter-an-den-Saumseen-04\" alt=\"Radtour-mit-Peter-an-den-Saumseen-04\" src=\"https:\/\/wernerdeck.de\/blog\/wp-content\/gallery\/saumseen\/thumbs\/thumbs_Radtour-mit-Peter-an-den-Saumseen-04.jpg\" width='240' height='160' \/>\n\t\t\t\t\t\t\t<\/a>\n\t\t\t<span>\n\t\t\tSaumseen\t\t\t<\/span>\n\t\t<\/div>\n\t<\/div>\n\t\t\t\t\t\t\t<br style=\"clear: both\" \/>\n\t\t\t\n\t<!-- Pagination -->\n\t\t<div class='ngg-clear'><\/div>\t\n<\/div>\n\n\t<span style=\"font-weight: 400;\">Die Weiterfahrt f\u00fchrte uns durch Daxlanden, dann entlang der herbstlich gef\u00e4rbten Alb, deren Wasser im w\u00e4rmenden Licht der Sonne schimmerte. Am Thomswehr verweilten wir kurz. <\/span><\/p>\n<p>\n<div class=\"ngg-galleryoverview ngg-template-caption\" id=\"ngg-gallery-536a1643bb323a7661e9f3a889004a22-21315\">\n\n\t\t\n\t<!-- Thumbnails -->\n\t\t\t\t\t\n\t<div id=\"ngg-image-10522\" class=\"ngg-gallery-thumbnail-box\" style=\"width:25%;\" >\n\t\t<div class=\"ngg-gallery-thumbnail\" >\n\t\t\t<a href=\"https:\/\/wernerdeck.de\/blog\/wp-content\/gallery\/thomaswehr\/Radtour-mit-Peter-01.jpg\"\n\t\t\t\ttitle=\"Thomaswehr\"\n\t\t\t\tclass=\"ngg-simplelightbox\" rel=\"536a1643bb323a7661e9f3a889004a22\" data-image-id=\"10522\" data-src=\"https:\/\/wernerdeck.de\/blog\/wp-content\/gallery\/thomaswehr\/Radtour-mit-Peter-01.jpg\" data-thumbnail=\"https:\/\/wernerdeck.de\/blog\/wp-content\/gallery\/thomaswehr\/thumbs\/thumbs_Radtour-mit-Peter-01.jpg\" data-title=\"Radtour-mit-Peter-01\" data-description=\"Thomaswehr\" >\n\t\t\t\t\t\t\t\t<img title=\"Radtour-mit-Peter-01\" alt=\"Radtour-mit-Peter-01\" src=\"https:\/\/wernerdeck.de\/blog\/wp-content\/gallery\/thomaswehr\/thumbs\/thumbs_Radtour-mit-Peter-01.jpg\" width='240' height='160' \/>\n\t\t\t\t\t\t\t<\/a>\n\t\t\t<span>\n\t\t\tThomaswehr\t\t\t<\/span>\n\t\t<\/div>\n\t<\/div>\n\t\t\t\t\t\t\t\t\n\t<div id=\"ngg-image-10521\" class=\"ngg-gallery-thumbnail-box\" style=\"width:25%;\" >\n\t\t<div class=\"ngg-gallery-thumbnail\" >\n\t\t\t<a href=\"https:\/\/wernerdeck.de\/blog\/wp-content\/gallery\/thomaswehr\/Radtour-mit-Peter-02.jpg\"\n\t\t\t\ttitle=\"Am Thomaswehr\"\n\t\t\t\tclass=\"ngg-simplelightbox\" rel=\"536a1643bb323a7661e9f3a889004a22\" data-image-id=\"10521\" data-src=\"https:\/\/wernerdeck.de\/blog\/wp-content\/gallery\/thomaswehr\/Radtour-mit-Peter-02.jpg\" data-thumbnail=\"https:\/\/wernerdeck.de\/blog\/wp-content\/gallery\/thomaswehr\/thumbs\/thumbs_Radtour-mit-Peter-02.jpg\" data-title=\"Radtour-mit-Peter-02\" data-description=\"Am Thomaswehr\" >\n\t\t\t\t\t\t\t\t<img title=\"Radtour-mit-Peter-02\" alt=\"Radtour-mit-Peter-02\" src=\"https:\/\/wernerdeck.de\/blog\/wp-content\/gallery\/thomaswehr\/thumbs\/thumbs_Radtour-mit-Peter-02.jpg\" width='240' height='160' \/>\n\t\t\t\t\t\t\t<\/a>\n\t\t\t<span>\n\t\t\tAm Thomaswehr\t\t\t<\/span>\n\t\t<\/div>\n\t<\/div>\n\t\t\t\t\t\t\t\t\n\t<div id=\"ngg-image-10520\" class=\"ngg-gallery-thumbnail-box\" style=\"width:25%;\" >\n\t\t<div class=\"ngg-gallery-thumbnail\" >\n\t\t\t<a href=\"https:\/\/wernerdeck.de\/blog\/wp-content\/gallery\/thomaswehr\/Radtour-mit-Peter-03.jpg\"\n\t\t\t\ttitle=\"Thomaswehr\"\n\t\t\t\tclass=\"ngg-simplelightbox\" rel=\"536a1643bb323a7661e9f3a889004a22\" data-image-id=\"10520\" data-src=\"https:\/\/wernerdeck.de\/blog\/wp-content\/gallery\/thomaswehr\/Radtour-mit-Peter-03.jpg\" data-thumbnail=\"https:\/\/wernerdeck.de\/blog\/wp-content\/gallery\/thomaswehr\/thumbs\/thumbs_Radtour-mit-Peter-03.jpg\" data-title=\"Radtour-mit-Peter-03\" data-description=\"Thomaswehr\" >\n\t\t\t\t\t\t\t\t<img title=\"Radtour-mit-Peter-03\" alt=\"Radtour-mit-Peter-03\" src=\"https:\/\/wernerdeck.de\/blog\/wp-content\/gallery\/thomaswehr\/thumbs\/thumbs_Radtour-mit-Peter-03.jpg\" width='240' height='160' \/>\n\t\t\t\t\t\t\t<\/a>\n\t\t\t<span>\n\t\t\tThomaswehr\t\t\t<\/span>\n\t\t<\/div>\n\t<\/div>\n\t\t\t\t\t\t\t\t\n\t<div id=\"ngg-image-10519\" class=\"ngg-gallery-thumbnail-box\" style=\"width:25%;\" >\n\t\t<div class=\"ngg-gallery-thumbnail\" >\n\t\t\t<a href=\"https:\/\/wernerdeck.de\/blog\/wp-content\/gallery\/thomaswehr\/Radtour-mit-Peter-04.jpg\"\n\t\t\t\ttitle=\"Entlang der Alb\"\n\t\t\t\tclass=\"ngg-simplelightbox\" rel=\"536a1643bb323a7661e9f3a889004a22\" data-image-id=\"10519\" data-src=\"https:\/\/wernerdeck.de\/blog\/wp-content\/gallery\/thomaswehr\/Radtour-mit-Peter-04.jpg\" data-thumbnail=\"https:\/\/wernerdeck.de\/blog\/wp-content\/gallery\/thomaswehr\/thumbs\/thumbs_Radtour-mit-Peter-04.jpg\" data-title=\"Radtour-mit-Peter-04\" data-description=\"Entlang der Alb\" >\n\t\t\t\t\t\t\t\t<img title=\"Radtour-mit-Peter-04\" alt=\"Radtour-mit-Peter-04\" src=\"https:\/\/wernerdeck.de\/blog\/wp-content\/gallery\/thomaswehr\/thumbs\/thumbs_Radtour-mit-Peter-04.jpg\" width='240' height='160' \/>\n\t\t\t\t\t\t\t<\/a>\n\t\t\t<span>\n\t\t\tEntlang der Alb\t\t\t<\/span>\n\t\t<\/div>\n\t<\/div>\n\t\t\t\t\t\t\t<br style=\"clear: both\" \/>\n\t\t\t\n\t<!-- Pagination -->\n\t\t<div class='ngg-clear'><\/div>\t\n<\/div>\n\n\t<span style=\"font-weight: 400;\">Endlich erreichten wir den K\u00fchlen Krug in Karlsruhe. Gleich war auch Peter zu Hause und wir verabschiedeten uns in der Yorckstra\u00dfe. Von hier aus radelte ich kerzengerade nach Norden durch Karlsruhe, vorbei am <a href=\"https:\/\/de.wikipedia.org\/wiki\/Alter_Flugplatz_Karlsruhe\" target=\"_blank\" rel=\"noopener\">Alten Flugplatz<\/a> und am Heidesee in Neureut, bis ich schlie\u00dflich wieder bei mir daheim in Eggenstein war.&nbsp;<\/span><\/p>\n<p>\n<div class=\"ngg-galleryoverview ngg-template-caption\" id=\"ngg-gallery-26b4809a8c0a49b383b8d93d47e10471-21315\">\n\n\t\t\n\t<!-- Thumbnails -->\n\t\t\t\t\t\n\t<div id=\"ngg-image-10526\" class=\"ngg-gallery-thumbnail-box\" style=\"width:25%;\" >\n\t\t<div class=\"ngg-gallery-thumbnail\" >\n\t\t\t<a href=\"https:\/\/wernerdeck.de\/blog\/wp-content\/gallery\/heimweg-6\/Radtour-mit-Peter-05.jpg\"\n\t\t\t\ttitle=\"Entlang der Alb\"\n\t\t\t\tclass=\"ngg-simplelightbox\" rel=\"26b4809a8c0a49b383b8d93d47e10471\" data-image-id=\"10526\" data-src=\"https:\/\/wernerdeck.de\/blog\/wp-content\/gallery\/heimweg-6\/Radtour-mit-Peter-05.jpg\" data-thumbnail=\"https:\/\/wernerdeck.de\/blog\/wp-content\/gallery\/heimweg-6\/thumbs\/thumbs_Radtour-mit-Peter-05.jpg\" data-title=\"Radtour-mit-Peter-05\" data-description=\"Entlang der Alb\" >\n\t\t\t\t\t\t\t\t<img title=\"Radtour-mit-Peter-05\" alt=\"Radtour-mit-Peter-05\" src=\"https:\/\/wernerdeck.de\/blog\/wp-content\/gallery\/heimweg-6\/thumbs\/thumbs_Radtour-mit-Peter-05.jpg\" width='240' height='160' \/>\n\t\t\t\t\t\t\t<\/a>\n\t\t\t<span>\n\t\t\tEntlang der Alb\t\t\t<\/span>\n\t\t<\/div>\n\t<\/div>\n\t\t\t\t\t\t\t\t\n\t<div id=\"ngg-image-10524\" class=\"ngg-gallery-thumbnail-box\" style=\"width:25%;\" >\n\t\t<div class=\"ngg-gallery-thumbnail\" >\n\t\t\t<a href=\"https:\/\/wernerdeck.de\/blog\/wp-content\/gallery\/heimweg-6\/Radtour-mit-Peter-06.jpg\"\n\t\t\t\ttitle=\"Heidesee Neureut\"\n\t\t\t\tclass=\"ngg-simplelightbox\" rel=\"26b4809a8c0a49b383b8d93d47e10471\" data-image-id=\"10524\" data-src=\"https:\/\/wernerdeck.de\/blog\/wp-content\/gallery\/heimweg-6\/Radtour-mit-Peter-06.jpg\" data-thumbnail=\"https:\/\/wernerdeck.de\/blog\/wp-content\/gallery\/heimweg-6\/thumbs\/thumbs_Radtour-mit-Peter-06.jpg\" data-title=\"Radtour-mit-Peter-06\" data-description=\"Heidesee Neureut\" >\n\t\t\t\t\t\t\t\t<img title=\"Radtour-mit-Peter-06\" alt=\"Radtour-mit-Peter-06\" src=\"https:\/\/wernerdeck.de\/blog\/wp-content\/gallery\/heimweg-6\/thumbs\/thumbs_Radtour-mit-Peter-06.jpg\" width='240' height='160' \/>\n\t\t\t\t\t\t\t<\/a>\n\t\t\t<span>\n\t\t\tHeidesee Neureut\t\t\t<\/span>\n\t\t<\/div>\n\t<\/div>\n\t\t\t\t\t\t\t\t\n\t<div id=\"ngg-image-10525\" class=\"ngg-gallery-thumbnail-box\" style=\"width:25%;\" >\n\t\t<div class=\"ngg-gallery-thumbnail\" >\n\t\t\t<a href=\"https:\/\/wernerdeck.de\/blog\/wp-content\/gallery\/heimweg-6\/Radtour-mit-Peter-07.jpg\"\n\t\t\t\ttitle=\"Fundst\u00fcck im Gras\"\n\t\t\t\tclass=\"ngg-simplelightbox\" rel=\"26b4809a8c0a49b383b8d93d47e10471\" data-image-id=\"10525\" data-src=\"https:\/\/wernerdeck.de\/blog\/wp-content\/gallery\/heimweg-6\/Radtour-mit-Peter-07.jpg\" data-thumbnail=\"https:\/\/wernerdeck.de\/blog\/wp-content\/gallery\/heimweg-6\/thumbs\/thumbs_Radtour-mit-Peter-07.jpg\" data-title=\"Radtour-mit-Peter-07\" data-description=\"Fundst\u00fcck im Gras\" >\n\t\t\t\t\t\t\t\t<img title=\"Radtour-mit-Peter-07\" alt=\"Radtour-mit-Peter-07\" src=\"https:\/\/wernerdeck.de\/blog\/wp-content\/gallery\/heimweg-6\/thumbs\/thumbs_Radtour-mit-Peter-07.jpg\" width='240' height='160' \/>\n\t\t\t\t\t\t\t<\/a>\n\t\t\t<span>\n\t\t\tFundst\u00fcck im Gras\t\t\t<\/span>\n\t\t<\/div>\n\t<\/div>\n\t\t\t\t\t\t\t\t\n\t<div id=\"ngg-image-10523\" class=\"ngg-gallery-thumbnail-box\" style=\"width:25%;\" >\n\t\t<div class=\"ngg-gallery-thumbnail\" >\n\t\t\t<a href=\"https:\/\/wernerdeck.de\/blog\/wp-content\/gallery\/heimweg-6\/Radtour-mit-Peter-08.jpg\"\n\t\t\t\ttitle=\"Gleich zu Hause\"\n\t\t\t\tclass=\"ngg-simplelightbox\" rel=\"26b4809a8c0a49b383b8d93d47e10471\" data-image-id=\"10523\" data-src=\"https:\/\/wernerdeck.de\/blog\/wp-content\/gallery\/heimweg-6\/Radtour-mit-Peter-08.jpg\" data-thumbnail=\"https:\/\/wernerdeck.de\/blog\/wp-content\/gallery\/heimweg-6\/thumbs\/thumbs_Radtour-mit-Peter-08.jpg\" data-title=\"Radtour-mit-Peter-08\" data-description=\"Gleich zu Hause\" >\n\t\t\t\t\t\t\t\t<img title=\"Radtour-mit-Peter-08\" alt=\"Radtour-mit-Peter-08\" src=\"https:\/\/wernerdeck.de\/blog\/wp-content\/gallery\/heimweg-6\/thumbs\/thumbs_Radtour-mit-Peter-08.jpg\" width='240' height='160' \/>\n\t\t\t\t\t\t\t<\/a>\n\t\t\t<span>\n\t\t\tGleich zu Hause\t\t\t<\/span>\n\t\t<\/div>\n\t<\/div>\n\t\t\t\t\t\t\t<br style=\"clear: both\" \/>\n\t\t\t\n\t<!-- Pagination -->\n\t\t<div class='ngg-clear'><\/div>\t\n<\/div>\n\n\tAm Heidesee in Neureut blitzte im Vorbeiradeln etwas in der Sonne im Gras. Ich fuhr die kleine Strecke zur\u00fcck und fand den Stein mit der Aufschrift: \u201ePr\u00fcft, worauf es wirklich ankommt!\u201c (Philipper 1,10). Kein schlechter Rat, finde ich.&nbsp;<\/p>\n<p>Das war unsere heutige Strecke.<\/p>\n<p><img loading=\"lazy\" decoding=\"async\" class=\"aligncenter size-full wp-image-21378\" src=\"https:\/\/wernerdeck.de\/blog\/wp-content\/uploads\/2024\/09\/Radtour-am-Mittwoch-mit-Peter.jpg\" alt=\"Radtour am Mittwoch mit Peter\" width=\"1038\" height=\"1314\" srcset=\"https:\/\/wernerdeck.de\/blog\/wp-content\/uploads\/2024\/09\/Radtour-am-Mittwoch-mit-Peter.jpg 1038w, https:\/\/wernerdeck.de\/blog\/wp-content\/uploads\/2024\/09\/Radtour-am-Mittwoch-mit-Peter-237x300.jpg 237w, https:\/\/wernerdeck.de\/blog\/wp-content\/uploads\/2024\/09\/Radtour-am-Mittwoch-mit-Peter-809x1024.jpg 809w, https:\/\/wernerdeck.de\/blog\/wp-content\/uploads\/2024\/09\/Radtour-am-Mittwoch-mit-Peter-768x972.jpg 768w\" sizes=\"auto, (max-width: 1038px) 100vw, 1038px\" \/><\/p>\n","protected":false},"excerpt":{"rendered":"<p>Hier geht es zur gestrigen Radtour vom Dienstag, 24. September 2024 Mittwoch, 25. September 2024. Am gestrigen Dienstagabend studierten Peter und ich noch einmal den Wetterbericht und gingen das Regenrisiko f\u00fcr die heutige Radtour ein.&nbsp;Als ich mich am Morgen in Eggenstein auf den Weg machte, blickten ich skeptisch zu den dunklen Wolken, die am Himmel &#8230; <a title=\"Wetterkapriolen auf zwei R\u00e4dern: Radtour durch Regen, Wind, goldene Herbstw\u00e4lder und hinrei\u00dfende Flusslandschaften\" class=\"read-more\" href=\"https:\/\/wernerdeck.de\/blog\/2024\/09\/25\/wetterkapriolen-auf-zwei-raedern-eine-radtour-durch-regen-wind-goldene-herbstwaelder-und-hinreissende-flusslandschaften\/\" aria-label=\"Mehr Informationen \u00fcber Wetterkapriolen auf zwei R\u00e4dern: Radtour durch Regen, Wind, goldene Herbstw\u00e4lder und hinrei\u00dfende Flusslandschaften\">Weiterlesen<\/a><\/p>\n","protected":false},"author":1,"featured_media":21380,"comment_status":"open","ping_status":"open","sticky":false,"template":"","format":"standard","meta":{"ngg_post_thumbnail":0,"footnotes":""},"categories":[77],"tags":[308],"class_list":["post-21315","post","type-post","status-publish","format-standard","has-post-thumbnail","hentry","category-radtouren","tag-radtour-mit-peter"],"yoast_head":"<!-- This site is optimized with the Yoast SEO plugin v27.5 - https:\/\/yoast.com\/product\/yoast-seo-wordpress\/ -->\n<title>Wetterkapriolen auf zwei R\u00e4dern: Radtour durch Regen, Wind, goldene Herbstw\u00e4lder und hinrei\u00dfende Flusslandschaften - Privater Blog von Werner Deck<\/title>\n<meta name=\"description\" content=\"Wir gingen das Regenrisiko f\u00fcr die heutige Radtour ein. Zu Beginn war es noch trocken, aber jeder Radfahrer wei\u00df: Es kann sich schnell \u00e4ndern\" \/>\n<meta name=\"robots\" content=\"index, follow, max-snippet:-1, max-image-preview:large, max-video-preview:-1\" \/>\n<link rel=\"canonical\" href=\"https:\/\/wernerdeck.de\/blog\/2024\/09\/25\/wetterkapriolen-auf-zwei-raedern-eine-radtour-durch-regen-wind-goldene-herbstwaelder-und-hinreissende-flusslandschaften\/\" \/>\n<meta property=\"og:locale\" content=\"de_DE\" \/>\n<meta property=\"og:type\" content=\"article\" \/>\n<meta property=\"og:title\" content=\"Wetterkapriolen auf zwei R\u00e4dern: Radtour durch Regen, Wind, goldene Herbstw\u00e4lder und hinrei\u00dfende Flusslandschaften - Privater Blog von Werner Deck\" \/>\n<meta property=\"og:description\" content=\"Wir gingen das Regenrisiko f\u00fcr die heutige Radtour ein. Zu Beginn war es noch trocken, aber jeder Radfahrer wei\u00df: Es kann sich schnell \u00e4ndern\" \/>\n<meta property=\"og:url\" content=\"https:\/\/wernerdeck.de\/blog\/2024\/09\/25\/wetterkapriolen-auf-zwei-raedern-eine-radtour-durch-regen-wind-goldene-herbstwaelder-und-hinreissende-flusslandschaften\/\" \/>\n<meta property=\"og:site_name\" content=\"Privater Blog von Werner Deck\" \/>\n<meta property=\"article:publisher\" content=\"https:\/\/www.facebook.com\/werner.deck\/\" \/>\n<meta property=\"article:author\" content=\"https:\/\/www.facebook.com\/werner.deck\/\" \/>\n<meta property=\"article:published_time\" content=\"2024-09-25T19:31:13+00:00\" \/>\n<meta property=\"article:modified_time\" content=\"2024-09-28T17:20:12+00:00\" \/>\n<meta property=\"og:image\" content=\"https:\/\/wernerdeck.de\/blog\/wp-content\/uploads\/2024\/09\/Radtour-am-25.-September-2024.jpg\" \/>\n\t<meta property=\"og:image:width\" content=\"1200\" \/>\n\t<meta property=\"og:image:height\" content=\"488\" \/>\n\t<meta property=\"og:image:type\" content=\"image\/jpeg\" \/>\n<meta name=\"author\" content=\"Werner Deck\" \/>\n<meta name=\"twitter:card\" content=\"summary_large_image\" \/>\n<meta name=\"twitter:label1\" content=\"Verfasst von\" \/>\n\t<meta name=\"twitter:data1\" content=\"Werner Deck\" \/>\n\t<meta name=\"twitter:label2\" content=\"Gesch\u00e4tzte Lesezeit\" \/>\n\t<meta name=\"twitter:data2\" content=\"5\u00a0Minuten\" \/>\n<script type=\"application\/ld+json\" class=\"yoast-schema-graph\">{\"@context\":\"https:\\\/\\\/schema.org\",\"@graph\":[{\"@type\":\"Article\",\"@id\":\"https:\\\/\\\/wernerdeck.de\\\/blog\\\/2024\\\/09\\\/25\\\/wetterkapriolen-auf-zwei-raedern-eine-radtour-durch-regen-wind-goldene-herbstwaelder-und-hinreissende-flusslandschaften\\\/#article\",\"isPartOf\":{\"@id\":\"https:\\\/\\\/wernerdeck.de\\\/blog\\\/2024\\\/09\\\/25\\\/wetterkapriolen-auf-zwei-raedern-eine-radtour-durch-regen-wind-goldene-herbstwaelder-und-hinreissende-flusslandschaften\\\/\"},\"author\":{\"name\":\"Werner Deck\",\"@id\":\"https:\\\/\\\/wernerdeck.de\\\/blog\\\/#\\\/schema\\\/person\\\/7af62de1f11b0a09297eeb81281e523c\"},\"headline\":\"Wetterkapriolen auf zwei R\u00e4dern: Radtour durch Regen, Wind, goldene Herbstw\u00e4lder und hinrei\u00dfende Flusslandschaften\",\"datePublished\":\"2024-09-25T19:31:13+00:00\",\"dateModified\":\"2024-09-28T17:20:12+00:00\",\"mainEntityOfPage\":{\"@id\":\"https:\\\/\\\/wernerdeck.de\\\/blog\\\/2024\\\/09\\\/25\\\/wetterkapriolen-auf-zwei-raedern-eine-radtour-durch-regen-wind-goldene-herbstwaelder-und-hinreissende-flusslandschaften\\\/\"},\"wordCount\":657,\"commentCount\":1,\"publisher\":{\"@id\":\"https:\\\/\\\/wernerdeck.de\\\/blog\\\/#\\\/schema\\\/person\\\/7af62de1f11b0a09297eeb81281e523c\"},\"image\":{\"@id\":\"https:\\\/\\\/wernerdeck.de\\\/blog\\\/2024\\\/09\\\/25\\\/wetterkapriolen-auf-zwei-raedern-eine-radtour-durch-regen-wind-goldene-herbstwaelder-und-hinreissende-flusslandschaften\\\/#primaryimage\"},\"thumbnailUrl\":\"https:\\\/\\\/wernerdeck.de\\\/blog\\\/wp-content\\\/uploads\\\/2024\\\/09\\\/Radtour-am-25.-September-2024.jpg\",\"keywords\":[\"Radtour mit Peter\"],\"articleSection\":[\"Radtouren\"],\"inLanguage\":\"de\",\"potentialAction\":[{\"@type\":\"CommentAction\",\"name\":\"Comment\",\"target\":[\"https:\\\/\\\/wernerdeck.de\\\/blog\\\/2024\\\/09\\\/25\\\/wetterkapriolen-auf-zwei-raedern-eine-radtour-durch-regen-wind-goldene-herbstwaelder-und-hinreissende-flusslandschaften\\\/#respond\"]}]},{\"@type\":\"WebPage\",\"@id\":\"https:\\\/\\\/wernerdeck.de\\\/blog\\\/2024\\\/09\\\/25\\\/wetterkapriolen-auf-zwei-raedern-eine-radtour-durch-regen-wind-goldene-herbstwaelder-und-hinreissende-flusslandschaften\\\/\",\"url\":\"https:\\\/\\\/wernerdeck.de\\\/blog\\\/2024\\\/09\\\/25\\\/wetterkapriolen-auf-zwei-raedern-eine-radtour-durch-regen-wind-goldene-herbstwaelder-und-hinreissende-flusslandschaften\\\/\",\"name\":\"Wetterkapriolen auf zwei R\u00e4dern: Radtour durch Regen, Wind, goldene Herbstw\u00e4lder und hinrei\u00dfende Flusslandschaften - Privater Blog von Werner Deck\",\"isPartOf\":{\"@id\":\"https:\\\/\\\/wernerdeck.de\\\/blog\\\/#website\"},\"primaryImageOfPage\":{\"@id\":\"https:\\\/\\\/wernerdeck.de\\\/blog\\\/2024\\\/09\\\/25\\\/wetterkapriolen-auf-zwei-raedern-eine-radtour-durch-regen-wind-goldene-herbstwaelder-und-hinreissende-flusslandschaften\\\/#primaryimage\"},\"image\":{\"@id\":\"https:\\\/\\\/wernerdeck.de\\\/blog\\\/2024\\\/09\\\/25\\\/wetterkapriolen-auf-zwei-raedern-eine-radtour-durch-regen-wind-goldene-herbstwaelder-und-hinreissende-flusslandschaften\\\/#primaryimage\"},\"thumbnailUrl\":\"https:\\\/\\\/wernerdeck.de\\\/blog\\\/wp-content\\\/uploads\\\/2024\\\/09\\\/Radtour-am-25.-September-2024.jpg\",\"datePublished\":\"2024-09-25T19:31:13+00:00\",\"dateModified\":\"2024-09-28T17:20:12+00:00\",\"description\":\"Wir gingen das Regenrisiko f\u00fcr die heutige Radtour ein. Zu Beginn war es noch trocken, aber jeder Radfahrer wei\u00df: Es kann sich schnell \u00e4ndern\",\"breadcrumb\":{\"@id\":\"https:\\\/\\\/wernerdeck.de\\\/blog\\\/2024\\\/09\\\/25\\\/wetterkapriolen-auf-zwei-raedern-eine-radtour-durch-regen-wind-goldene-herbstwaelder-und-hinreissende-flusslandschaften\\\/#breadcrumb\"},\"inLanguage\":\"de\",\"potentialAction\":[{\"@type\":\"ReadAction\",\"target\":[\"https:\\\/\\\/wernerdeck.de\\\/blog\\\/2024\\\/09\\\/25\\\/wetterkapriolen-auf-zwei-raedern-eine-radtour-durch-regen-wind-goldene-herbstwaelder-und-hinreissende-flusslandschaften\\\/\"]}]},{\"@type\":\"ImageObject\",\"inLanguage\":\"de\",\"@id\":\"https:\\\/\\\/wernerdeck.de\\\/blog\\\/2024\\\/09\\\/25\\\/wetterkapriolen-auf-zwei-raedern-eine-radtour-durch-regen-wind-goldene-herbstwaelder-und-hinreissende-flusslandschaften\\\/#primaryimage\",\"url\":\"https:\\\/\\\/wernerdeck.de\\\/blog\\\/wp-content\\\/uploads\\\/2024\\\/09\\\/Radtour-am-25.-September-2024.jpg\",\"contentUrl\":\"https:\\\/\\\/wernerdeck.de\\\/blog\\\/wp-content\\\/uploads\\\/2024\\\/09\\\/Radtour-am-25.-September-2024.jpg\",\"width\":1200,\"height\":488,\"caption\":\"Radtour am 25. September 2024\"},{\"@type\":\"BreadcrumbList\",\"@id\":\"https:\\\/\\\/wernerdeck.de\\\/blog\\\/2024\\\/09\\\/25\\\/wetterkapriolen-auf-zwei-raedern-eine-radtour-durch-regen-wind-goldene-herbstwaelder-und-hinreissende-flusslandschaften\\\/#breadcrumb\",\"itemListElement\":[{\"@type\":\"ListItem\",\"position\":1,\"name\":\"Startseite\",\"item\":\"https:\\\/\\\/wernerdeck.de\\\/blog\\\/\"},{\"@type\":\"ListItem\",\"position\":2,\"name\":\"Wetterkapriolen auf zwei R\u00e4dern: Radtour durch Regen, Wind, goldene Herbstw\u00e4lder und hinrei\u00dfende Flusslandschaften\"}]},{\"@type\":\"WebSite\",\"@id\":\"https:\\\/\\\/wernerdeck.de\\\/blog\\\/#website\",\"url\":\"https:\\\/\\\/wernerdeck.de\\\/blog\\\/\",\"name\":\"Blog von Werner Deck\",\"description\":\"\",\"publisher\":{\"@id\":\"https:\\\/\\\/wernerdeck.de\\\/blog\\\/#\\\/schema\\\/person\\\/7af62de1f11b0a09297eeb81281e523c\"},\"potentialAction\":[{\"@type\":\"SearchAction\",\"target\":{\"@type\":\"EntryPoint\",\"urlTemplate\":\"https:\\\/\\\/wernerdeck.de\\\/blog\\\/?s={search_term_string}\"},\"query-input\":{\"@type\":\"PropertyValueSpecification\",\"valueRequired\":true,\"valueName\":\"search_term_string\"}}],\"inLanguage\":\"de\"},{\"@type\":[\"Person\",\"Organization\"],\"@id\":\"https:\\\/\\\/wernerdeck.de\\\/blog\\\/#\\\/schema\\\/person\\\/7af62de1f11b0a09297eeb81281e523c\",\"name\":\"Werner Deck\",\"image\":{\"@type\":\"ImageObject\",\"inLanguage\":\"de\",\"@id\":\"https:\\\/\\\/wernerdeck.de\\\/blog\\\/wp-content\\\/uploads\\\/2022\\\/05\\\/Werner-Deck-995x1024.jpg\",\"url\":\"https:\\\/\\\/wernerdeck.de\\\/blog\\\/wp-content\\\/uploads\\\/2022\\\/05\\\/Werner-Deck-995x1024.jpg\",\"contentUrl\":\"https:\\\/\\\/wernerdeck.de\\\/blog\\\/wp-content\\\/uploads\\\/2022\\\/05\\\/Werner-Deck-995x1024.jpg\",\"width\":995,\"height\":1024,\"caption\":\"Werner Deck\"},\"logo\":{\"@id\":\"https:\\\/\\\/wernerdeck.de\\\/blog\\\/wp-content\\\/uploads\\\/2022\\\/05\\\/Werner-Deck-995x1024.jpg\"},\"sameAs\":[\"https:\\\/\\\/wernerdeck.de\\\/blog\",\"https:\\\/\\\/www.facebook.com\\\/werner.deck\\\/\",\"https:\\\/\\\/www.instagram.com\\\/opti_maler_deck\\\/\",\"https:\\\/\\\/www.youtube.com\\\/c\\\/WernerDeck\"],\"url\":\"https:\\\/\\\/wernerdeck.de\\\/blog\\\/author\\\/wernerdeck-de\\\/\"}]}<\/script>\n<!-- \/ Yoast SEO plugin. -->","yoast_head_json":{"title":"Wetterkapriolen auf zwei R\u00e4dern: Radtour durch Regen, Wind, goldene Herbstw\u00e4lder und hinrei\u00dfende Flusslandschaften - Privater Blog von Werner Deck","description":"Wir gingen das Regenrisiko f\u00fcr die heutige Radtour ein. Zu Beginn war es noch trocken, aber jeder Radfahrer wei\u00df: Es kann sich schnell \u00e4ndern","robots":{"index":"index","follow":"follow","max-snippet":"max-snippet:-1","max-image-preview":"max-image-preview:large","max-video-preview":"max-video-preview:-1"},"canonical":"https:\/\/wernerdeck.de\/blog\/2024\/09\/25\/wetterkapriolen-auf-zwei-raedern-eine-radtour-durch-regen-wind-goldene-herbstwaelder-und-hinreissende-flusslandschaften\/","og_locale":"de_DE","og_type":"article","og_title":"Wetterkapriolen auf zwei R\u00e4dern: Radtour durch Regen, Wind, goldene Herbstw\u00e4lder und hinrei\u00dfende Flusslandschaften - Privater Blog von Werner Deck","og_description":"Wir gingen das Regenrisiko f\u00fcr die heutige Radtour ein. Zu Beginn war es noch trocken, aber jeder Radfahrer wei\u00df: Es kann sich schnell \u00e4ndern","og_url":"https:\/\/wernerdeck.de\/blog\/2024\/09\/25\/wetterkapriolen-auf-zwei-raedern-eine-radtour-durch-regen-wind-goldene-herbstwaelder-und-hinreissende-flusslandschaften\/","og_site_name":"Privater Blog von Werner Deck","article_publisher":"https:\/\/www.facebook.com\/werner.deck\/","article_author":"https:\/\/www.facebook.com\/werner.deck\/","article_published_time":"2024-09-25T19:31:13+00:00","article_modified_time":"2024-09-28T17:20:12+00:00","og_image":[{"width":1200,"height":488,"url":"https:\/\/wernerdeck.de\/blog\/wp-content\/uploads\/2024\/09\/Radtour-am-25.-September-2024.jpg","type":"image\/jpeg"}],"author":"Werner Deck","twitter_card":"summary_large_image","twitter_misc":{"Verfasst von":"Werner Deck","Gesch\u00e4tzte Lesezeit":"5\u00a0Minuten"},"schema":{"@context":"https:\/\/schema.org","@graph":[{"@type":"Article","@id":"https:\/\/wernerdeck.de\/blog\/2024\/09\/25\/wetterkapriolen-auf-zwei-raedern-eine-radtour-durch-regen-wind-goldene-herbstwaelder-und-hinreissende-flusslandschaften\/#article","isPartOf":{"@id":"https:\/\/wernerdeck.de\/blog\/2024\/09\/25\/wetterkapriolen-auf-zwei-raedern-eine-radtour-durch-regen-wind-goldene-herbstwaelder-und-hinreissende-flusslandschaften\/"},"author":{"name":"Werner Deck","@id":"https:\/\/wernerdeck.de\/blog\/#\/schema\/person\/7af62de1f11b0a09297eeb81281e523c"},"headline":"Wetterkapriolen auf zwei R\u00e4dern: Radtour durch Regen, Wind, goldene Herbstw\u00e4lder und hinrei\u00dfende Flusslandschaften","datePublished":"2024-09-25T19:31:13+00:00","dateModified":"2024-09-28T17:20:12+00:00","mainEntityOfPage":{"@id":"https:\/\/wernerdeck.de\/blog\/2024\/09\/25\/wetterkapriolen-auf-zwei-raedern-eine-radtour-durch-regen-wind-goldene-herbstwaelder-und-hinreissende-flusslandschaften\/"},"wordCount":657,"commentCount":1,"publisher":{"@id":"https:\/\/wernerdeck.de\/blog\/#\/schema\/person\/7af62de1f11b0a09297eeb81281e523c"},"image":{"@id":"https:\/\/wernerdeck.de\/blog\/2024\/09\/25\/wetterkapriolen-auf-zwei-raedern-eine-radtour-durch-regen-wind-goldene-herbstwaelder-und-hinreissende-flusslandschaften\/#primaryimage"},"thumbnailUrl":"https:\/\/wernerdeck.de\/blog\/wp-content\/uploads\/2024\/09\/Radtour-am-25.-September-2024.jpg","keywords":["Radtour mit Peter"],"articleSection":["Radtouren"],"inLanguage":"de","potentialAction":[{"@type":"CommentAction","name":"Comment","target":["https:\/\/wernerdeck.de\/blog\/2024\/09\/25\/wetterkapriolen-auf-zwei-raedern-eine-radtour-durch-regen-wind-goldene-herbstwaelder-und-hinreissende-flusslandschaften\/#respond"]}]},{"@type":"WebPage","@id":"https:\/\/wernerdeck.de\/blog\/2024\/09\/25\/wetterkapriolen-auf-zwei-raedern-eine-radtour-durch-regen-wind-goldene-herbstwaelder-und-hinreissende-flusslandschaften\/","url":"https:\/\/wernerdeck.de\/blog\/2024\/09\/25\/wetterkapriolen-auf-zwei-raedern-eine-radtour-durch-regen-wind-goldene-herbstwaelder-und-hinreissende-flusslandschaften\/","name":"Wetterkapriolen auf zwei R\u00e4dern: Radtour durch Regen, Wind, goldene Herbstw\u00e4lder und hinrei\u00dfende Flusslandschaften - Privater Blog von Werner Deck","isPartOf":{"@id":"https:\/\/wernerdeck.de\/blog\/#website"},"primaryImageOfPage":{"@id":"https:\/\/wernerdeck.de\/blog\/2024\/09\/25\/wetterkapriolen-auf-zwei-raedern-eine-radtour-durch-regen-wind-goldene-herbstwaelder-und-hinreissende-flusslandschaften\/#primaryimage"},"image":{"@id":"https:\/\/wernerdeck.de\/blog\/2024\/09\/25\/wetterkapriolen-auf-zwei-raedern-eine-radtour-durch-regen-wind-goldene-herbstwaelder-und-hinreissende-flusslandschaften\/#primaryimage"},"thumbnailUrl":"https:\/\/wernerdeck.de\/blog\/wp-content\/uploads\/2024\/09\/Radtour-am-25.-September-2024.jpg","datePublished":"2024-09-25T19:31:13+00:00","dateModified":"2024-09-28T17:20:12+00:00","description":"Wir gingen das Regenrisiko f\u00fcr die heutige Radtour ein. Zu Beginn war es noch trocken, aber jeder Radfahrer wei\u00df: Es kann sich schnell \u00e4ndern","breadcrumb":{"@id":"https:\/\/wernerdeck.de\/blog\/2024\/09\/25\/wetterkapriolen-auf-zwei-raedern-eine-radtour-durch-regen-wind-goldene-herbstwaelder-und-hinreissende-flusslandschaften\/#breadcrumb"},"inLanguage":"de","potentialAction":[{"@type":"ReadAction","target":["https:\/\/wernerdeck.de\/blog\/2024\/09\/25\/wetterkapriolen-auf-zwei-raedern-eine-radtour-durch-regen-wind-goldene-herbstwaelder-und-hinreissende-flusslandschaften\/"]}]},{"@type":"ImageObject","inLanguage":"de","@id":"https:\/\/wernerdeck.de\/blog\/2024\/09\/25\/wetterkapriolen-auf-zwei-raedern-eine-radtour-durch-regen-wind-goldene-herbstwaelder-und-hinreissende-flusslandschaften\/#primaryimage","url":"https:\/\/wernerdeck.de\/blog\/wp-content\/uploads\/2024\/09\/Radtour-am-25.-September-2024.jpg","contentUrl":"https:\/\/wernerdeck.de\/blog\/wp-content\/uploads\/2024\/09\/Radtour-am-25.-September-2024.jpg","width":1200,"height":488,"caption":"Radtour am 25. September 2024"},{"@type":"BreadcrumbList","@id":"https:\/\/wernerdeck.de\/blog\/2024\/09\/25\/wetterkapriolen-auf-zwei-raedern-eine-radtour-durch-regen-wind-goldene-herbstwaelder-und-hinreissende-flusslandschaften\/#breadcrumb","itemListElement":[{"@type":"ListItem","position":1,"name":"Startseite","item":"https:\/\/wernerdeck.de\/blog\/"},{"@type":"ListItem","position":2,"name":"Wetterkapriolen auf zwei R\u00e4dern: Radtour durch Regen, Wind, goldene Herbstw\u00e4lder und hinrei\u00dfende Flusslandschaften"}]},{"@type":"WebSite","@id":"https:\/\/wernerdeck.de\/blog\/#website","url":"https:\/\/wernerdeck.de\/blog\/","name":"Blog von Werner Deck","description":"","publisher":{"@id":"https:\/\/wernerdeck.de\/blog\/#\/schema\/person\/7af62de1f11b0a09297eeb81281e523c"},"potentialAction":[{"@type":"SearchAction","target":{"@type":"EntryPoint","urlTemplate":"https:\/\/wernerdeck.de\/blog\/?s={search_term_string}"},"query-input":{"@type":"PropertyValueSpecification","valueRequired":true,"valueName":"search_term_string"}}],"inLanguage":"de"},{"@type":["Person","Organization"],"@id":"https:\/\/wernerdeck.de\/blog\/#\/schema\/person\/7af62de1f11b0a09297eeb81281e523c","name":"Werner Deck","image":{"@type":"ImageObject","inLanguage":"de","@id":"https:\/\/wernerdeck.de\/blog\/wp-content\/uploads\/2022\/05\/Werner-Deck-995x1024.jpg","url":"https:\/\/wernerdeck.de\/blog\/wp-content\/uploads\/2022\/05\/Werner-Deck-995x1024.jpg","contentUrl":"https:\/\/wernerdeck.de\/blog\/wp-content\/uploads\/2022\/05\/Werner-Deck-995x1024.jpg","width":995,"height":1024,"caption":"Werner Deck"},"logo":{"@id":"https:\/\/wernerdeck.de\/blog\/wp-content\/uploads\/2022\/05\/Werner-Deck-995x1024.jpg"},"sameAs":["https:\/\/wernerdeck.de\/blog","https:\/\/www.facebook.com\/werner.deck\/","https:\/\/www.instagram.com\/opti_maler_deck\/","https:\/\/www.youtube.com\/c\/WernerDeck"],"url":"https:\/\/wernerdeck.de\/blog\/author\/wernerdeck-de\/"}]}},"_links":{"self":[{"href":"https:\/\/wernerdeck.de\/blog\/wp-json\/wp\/v2\/posts\/21315","targetHints":{"allow":["GET"]}}],"collection":[{"href":"https:\/\/wernerdeck.de\/blog\/wp-json\/wp\/v2\/posts"}],"about":[{"href":"https:\/\/wernerdeck.de\/blog\/wp-json\/wp\/v2\/types\/post"}],"author":[{"embeddable":true,"href":"https:\/\/wernerdeck.de\/blog\/wp-json\/wp\/v2\/users\/1"}],"replies":[{"embeddable":true,"href":"https:\/\/wernerdeck.de\/blog\/wp-json\/wp\/v2\/comments?post=21315"}],"version-history":[{"count":0,"href":"https:\/\/wernerdeck.de\/blog\/wp-json\/wp\/v2\/posts\/21315\/revisions"}],"wp:featuredmedia":[{"embeddable":true,"href":"https:\/\/wernerdeck.de\/blog\/wp-json\/wp\/v2\/media\/21380"}],"wp:attachment":[{"href":"https:\/\/wernerdeck.de\/blog\/wp-json\/wp\/v2\/media?parent=21315"}],"wp:term":[{"taxonomy":"category","embeddable":true,"href":"https:\/\/wernerdeck.de\/blog\/wp-json\/wp\/v2\/categories?post=21315"},{"taxonomy":"post_tag","embeddable":true,"href":"https:\/\/wernerdeck.de\/blog\/wp-json\/wp\/v2\/tags?post=21315"}],"curies":[{"name":"wp","href":"https:\/\/api.w.org\/{rel}","templated":true}]}}