{"id":21262,"date":"2024-09-24T22:45:42","date_gmt":"2024-09-24T20:45:42","guid":{"rendered":"https:\/\/wernerdeck.de\/blog\/?p=21262"},"modified":"2024-09-26T16:18:13","modified_gmt":"2024-09-26T14:18:13","slug":"spontane-radtour-bei-regen-wolken-und-ganz-wenig-sonne-erlebnis-von-vielfalt-der-landschaften-und-wetterlaunen","status":"publish","type":"post","link":"https:\/\/wernerdeck.de\/blog\/2024\/09\/24\/spontane-radtour-bei-regen-wolken-und-ganz-wenig-sonne-erlebnis-von-vielfalt-der-landschaften-und-wetterlaunen\/","title":{"rendered":"Spontane Radtour bei Regen, Wolken und ganz wenig Sonne: Erlebnis von Vielfalt der Landschaften und Wetterlaunen"},"content":{"rendered":"<p><span style=\"font-weight: 400;\"><img loading=\"lazy\" decoding=\"async\" class=\" wp-image-21265 alignleft\" src=\"https:\/\/wernerdeck.de\/blog\/wp-content\/uploads\/2024\/09\/Urspruenglich-geplante-Drei-Tages-Radtour.jpg\" alt=\"Urspr\u00fcnglich geplante Drei-Tages-Radtour\" width=\"237\" height=\"384\" srcset=\"https:\/\/wernerdeck.de\/blog\/wp-content\/uploads\/2024\/09\/Urspruenglich-geplante-Drei-Tages-Radtour.jpg 483w, https:\/\/wernerdeck.de\/blog\/wp-content\/uploads\/2024\/09\/Urspruenglich-geplante-Drei-Tages-Radtour-185x300.jpg 185w\" sizes=\"auto, (max-width: 237px) 100vw, 237px\" \/>Urspr\u00fcnglich wollten Peter und ich eine Drei-Tages-Tour radeln, u. a. mit einem Besuch des Klosters Lorsch und \u00dcbernachtungen in Ladenburg und Gr\u00fcnstadt. <\/span><\/p>\n<p><span style=\"font-weight: 400;\">Aber der Wetterbericht sagte durchg\u00e4ngig Regen voraus.<\/span><\/p>\n<p><span style=\"font-weight: 400;\">Wir \u00e4nderten unseren Plan und wollten f\u00fcr Dienstag und Mittwoch dieser Woche, je nach Wetterlage, spontan entscheiden, ob wir eine Tagestour radeln. <\/span><\/p>\n<p><span style=\"font-weight: 400;\">Sowohl f\u00fcr Dienstag, als auch f\u00fcr Mittwoch war hin und wieder Regen angesagt, aber wir wollten es doch wagen.<\/span><\/p>\n<p><span style=\"font-weight: 400;\"><strong>Dienstag, 24. September 2024.<\/strong> Es gibt Tage, an denen die Vorfreude auf eine Radtour nur von der Ungewissheit des Wetters \u00fcbertroffen wird. So startete unsere Wetterabenteuer am Morgen in Eggenstein, als Peter aus Karlsruhe ankam, bereits mit fr\u00f6hlichen 10 Kilometern in den Beinen. Noch war es trocken, aber die dunklen Wolken verhie\u00dfen nichts Gutes.<\/span><\/p>\n<h3 style=\"text-align: center;\">Spontane Radtour bei Regen, Wolken und ganz wenig Sonne:<br \/>\nErlebnis von Vielfalt der Landschaften und Wetterlaunen<\/h3>\n<p><span style=\"font-weight: 400;\">Kaum hatten wir die ersten drei Kilometer hinter uns gebracht, k\u00fcndigte ein pl\u00f6tzlicher Regenschauer an, dass wir uns auf die Herausforderungen des Wetters einstellen mussten. Die Entscheidung, die Regenklamotten \u00fcberzuziehen, fiel schnell \u2013 und so begaben wir uns mit neuem Outfit auf unsere Tour durch das herbstlich gef\u00e4rbte Umland.<\/span><\/p>\n<p>\n<div class=\"ngg-galleryoverview ngg-template-caption\" id=\"ngg-gallery-8b4abad299d4d6df61ec88cfc47828af-21262\">\n\n\t\t\n\t<!-- Thumbnails -->\n\t\t\t\t\t\n\t<div id=\"ngg-image-10462\" class=\"ngg-gallery-thumbnail-box\" style=\"width:25%;\" >\n\t\t<div class=\"ngg-gallery-thumbnail\" >\n\t\t\t<a href=\"https:\/\/wernerdeck.de\/blog\/wp-content\/gallery\/start\/Radtour-mit-Peter-am-Dienstag.jpg\"\n\t\t\t\ttitle=\"Start, noch ist es trocken\"\n\t\t\t\tclass=\"ngg-simplelightbox\" rel=\"8b4abad299d4d6df61ec88cfc47828af\" data-image-id=\"10462\" data-src=\"https:\/\/wernerdeck.de\/blog\/wp-content\/gallery\/start\/Radtour-mit-Peter-am-Dienstag.jpg\" data-thumbnail=\"https:\/\/wernerdeck.de\/blog\/wp-content\/gallery\/start\/thumbs\/thumbs_Radtour-mit-Peter-am-Dienstag.jpg\" data-title=\"Radtour-mit-Peter-am-Dienstag\" data-description=\"Start, noch ist es trocken\" >\n\t\t\t\t\t\t\t\t<img title=\"Radtour-mit-Peter-am-Dienstag\" alt=\"Radtour-mit-Peter-am-Dienstag\" src=\"https:\/\/wernerdeck.de\/blog\/wp-content\/gallery\/start\/thumbs\/thumbs_Radtour-mit-Peter-am-Dienstag.jpg\" width='240' height='160' \/>\n\t\t\t\t\t\t\t<\/a>\n\t\t\t<span>\n\t\t\tStart, noch ist es trocken\t\t\t<\/span>\n\t\t<\/div>\n\t<\/div>\n\t\t\t\t\t\t\t\t\n\t<div id=\"ngg-image-10463\" class=\"ngg-gallery-thumbnail-box\" style=\"width:25%;\" >\n\t\t<div class=\"ngg-gallery-thumbnail\" >\n\t\t\t<a href=\"https:\/\/wernerdeck.de\/blog\/wp-content\/gallery\/start\/Radtour-mit-Peter-am-Dienstag_02.jpg\"\n\t\t\t\ttitle=\"Regen nach 3 km\"\n\t\t\t\tclass=\"ngg-simplelightbox\" rel=\"8b4abad299d4d6df61ec88cfc47828af\" data-image-id=\"10463\" data-src=\"https:\/\/wernerdeck.de\/blog\/wp-content\/gallery\/start\/Radtour-mit-Peter-am-Dienstag_02.jpg\" data-thumbnail=\"https:\/\/wernerdeck.de\/blog\/wp-content\/gallery\/start\/thumbs\/thumbs_Radtour-mit-Peter-am-Dienstag_02.jpg\" data-title=\"Radtour-mit-Peter-am-Dienstag_02\" data-description=\"Regen nach 3 km\" >\n\t\t\t\t\t\t\t\t<img title=\"Radtour-mit-Peter-am-Dienstag_02\" alt=\"Radtour-mit-Peter-am-Dienstag_02\" src=\"https:\/\/wernerdeck.de\/blog\/wp-content\/gallery\/start\/thumbs\/thumbs_Radtour-mit-Peter-am-Dienstag_02.jpg\" width='240' height='160' \/>\n\t\t\t\t\t\t\t<\/a>\n\t\t\t<span>\n\t\t\tRegen nach 3 km\t\t\t<\/span>\n\t\t<\/div>\n\t<\/div>\n\t\t\t\t\t\t\t\t\n\t<div id=\"ngg-image-10464\" class=\"ngg-gallery-thumbnail-box\" style=\"width:25%;\" >\n\t\t<div class=\"ngg-gallery-thumbnail\" >\n\t\t\t<a href=\"https:\/\/wernerdeck.de\/blog\/wp-content\/gallery\/start\/Radtour-mit-Peter-am-Dienstag_03.jpg\"\n\t\t\t\ttitle=\"Lustig sahen wir aus\"\n\t\t\t\tclass=\"ngg-simplelightbox\" rel=\"8b4abad299d4d6df61ec88cfc47828af\" data-image-id=\"10464\" data-src=\"https:\/\/wernerdeck.de\/blog\/wp-content\/gallery\/start\/Radtour-mit-Peter-am-Dienstag_03.jpg\" data-thumbnail=\"https:\/\/wernerdeck.de\/blog\/wp-content\/gallery\/start\/thumbs\/thumbs_Radtour-mit-Peter-am-Dienstag_03.jpg\" data-title=\"Radtour-mit-Peter-am-Dienstag_03\" data-description=\"Lustig sahen wir aus\" >\n\t\t\t\t\t\t\t\t<img title=\"Radtour-mit-Peter-am-Dienstag_03\" alt=\"Radtour-mit-Peter-am-Dienstag_03\" src=\"https:\/\/wernerdeck.de\/blog\/wp-content\/gallery\/start\/thumbs\/thumbs_Radtour-mit-Peter-am-Dienstag_03.jpg\" width='240' height='160' \/>\n\t\t\t\t\t\t\t<\/a>\n\t\t\t<span>\n\t\t\tLustig sahen wir aus\t\t\t<\/span>\n\t\t<\/div>\n\t<\/div>\n\t\t\t\t\t\t\t\t\n\t<div id=\"ngg-image-10461\" class=\"ngg-gallery-thumbnail-box\" style=\"width:25%;\" >\n\t\t<div class=\"ngg-gallery-thumbnail\" >\n\t\t\t<a href=\"https:\/\/wernerdeck.de\/blog\/wp-content\/gallery\/start\/Radtour-mit-Peter-am-Dienstag_05.jpg\"\n\t\t\t\ttitle=\"Raumanzug \ud83e\udd23\"\n\t\t\t\tclass=\"ngg-simplelightbox\" rel=\"8b4abad299d4d6df61ec88cfc47828af\" data-image-id=\"10461\" data-src=\"https:\/\/wernerdeck.de\/blog\/wp-content\/gallery\/start\/Radtour-mit-Peter-am-Dienstag_05.jpg\" data-thumbnail=\"https:\/\/wernerdeck.de\/blog\/wp-content\/gallery\/start\/thumbs\/thumbs_Radtour-mit-Peter-am-Dienstag_05.jpg\" data-title=\"Radtour-mit-Peter-am-Dienstag_05\" data-description=\"Raumanzug \ud83e\udd23\" >\n\t\t\t\t\t\t\t\t<img title=\"Radtour-mit-Peter-am-Dienstag_05\" alt=\"Radtour-mit-Peter-am-Dienstag_05\" src=\"https:\/\/wernerdeck.de\/blog\/wp-content\/gallery\/start\/thumbs\/thumbs_Radtour-mit-Peter-am-Dienstag_05.jpg\" width='240' height='160' \/>\n\t\t\t\t\t\t\t<\/a>\n\t\t\t<span>\n\t\t\tRaumanzug \ud83e\udd23\t\t\t<\/span>\n\t\t<\/div>\n\t<\/div>\n\t\t\t\t\t\t\t<br style=\"clear: both\" \/>\n\t\t\t\n\t<!-- Pagination -->\n\t\t<div class='ngg-clear'><\/div>\t\n<\/div>\n\n\t<span style=\"font-weight: 400;\">Der Weg f\u00fchrte uns durch den mystischen Hardtwald, wo die Baumwipfel wie eine gr\u00fcne Kathedrale \u00fcber uns thronten. Die feuchten Bl\u00e4tter gl\u00e4nzten im schwachen Licht, und die Luft war frisch und w\u00fcrzig.&nbsp;<\/span><\/p>\n<p><span style=\"font-weight: 400;\">Hinter Linkenheim machten wir einen kurzen Halt am kleinen Wasserfall, der am Zusammenfluss des Distelst\u00fcckergrabens und des Alten Bachs pl\u00e4tscherte. Hier, wo einst <a href=\"https:\/\/www.komoot.com\/de-de\/highlight\/677814\" target=\"_blank\" rel=\"noopener\">eine Wehranlage<\/a> stand, hatten wir einen kurzen Moment der Ruhe, als wir den beruhigenden Wasserklang genossen.&nbsp;<\/span><\/p>\n<p><span style=\"font-weight: 400;\">Wir setzten wir unseren Weg nach Westen fort. Entlang des Rheindamms radelten wir durch das Naturschutzgebiet Elisabethenw\u00f6rth, dessen unber\u00fchrte Landschaft wie ein stilles Gem\u00e4lde wirkte. Der <a href=\"https:\/\/naturschutzgebiete.org\/naturschutzgebiete-in-baden-wuerttemberg\/naturschutzgebiet-russheimer-altrhein-elisabethenwoert\/\" target=\"_blank\" rel=\"noopener\">Ru\u00dfheimer Altrhein<\/a>, sanft geschwungen in der Landschaft, begleitete uns bis zur B35. Bald darauf \u00fcberquerten wir die <a href=\"https:\/\/de.wikipedia.org\/wiki\/Rudolf-von-Habsburg-Br%C3%BCcke\" target=\"_blank\" rel=\"noopener\">Rudolf-Habsburg-Br\u00fccke<\/a>, die uns \u00fcber den Rhein hin\u00fcber nach Germersheim brachte.<\/span><\/p>\n<p>\n<div class=\"ngg-galleryoverview ngg-template-caption\" id=\"ngg-gallery-84b5cace2e77b18adcfa31e8d6ef2d77-21262\">\n\n\t\t\n\t<!-- Thumbnails -->\n\t\t\t\t\t\n\t<div id=\"ngg-image-10469\" class=\"ngg-gallery-thumbnail-box\" style=\"width:25%;\" >\n\t\t<div class=\"ngg-gallery-thumbnail\" >\n\t\t\t<a href=\"https:\/\/wernerdeck.de\/blog\/wp-content\/gallery\/bruecke\/Radtour-mit-Peter-am-Dienstag_04.jpg\"\n\t\t\t\ttitle=\"Wasserfall an alter Wehranlage\"\n\t\t\t\tclass=\"ngg-simplelightbox\" rel=\"84b5cace2e77b18adcfa31e8d6ef2d77\" data-image-id=\"10469\" data-src=\"https:\/\/wernerdeck.de\/blog\/wp-content\/gallery\/bruecke\/Radtour-mit-Peter-am-Dienstag_04.jpg\" data-thumbnail=\"https:\/\/wernerdeck.de\/blog\/wp-content\/gallery\/bruecke\/thumbs\/thumbs_Radtour-mit-Peter-am-Dienstag_04.jpg\" data-title=\"Radtour-mit-Peter-am-Dienstag_04\" data-description=\"Wasserfall an alter Wehranlage\" >\n\t\t\t\t\t\t\t\t<img title=\"Radtour-mit-Peter-am-Dienstag_04\" alt=\"Radtour-mit-Peter-am-Dienstag_04\" src=\"https:\/\/wernerdeck.de\/blog\/wp-content\/gallery\/bruecke\/thumbs\/thumbs_Radtour-mit-Peter-am-Dienstag_04.jpg\" width='240' height='160' \/>\n\t\t\t\t\t\t\t<\/a>\n\t\t\t<span>\n\t\t\tWasserfall an alter Wehranlage\t\t\t<\/span>\n\t\t<\/div>\n\t<\/div>\n\t\t\t\t\t\t\t\t\n\t<div id=\"ngg-image-10465\" class=\"ngg-gallery-thumbnail-box\" style=\"width:25%;\" >\n\t\t<div class=\"ngg-gallery-thumbnail\" >\n\t\t\t<a href=\"https:\/\/wernerdeck.de\/blog\/wp-content\/gallery\/bruecke\/Radtour-mit-Peter-am-Dienstag_07.jpg\"\n\t\t\t\ttitle=\"Baggersee Gie\u00dfen\"\n\t\t\t\tclass=\"ngg-simplelightbox\" rel=\"84b5cace2e77b18adcfa31e8d6ef2d77\" data-image-id=\"10465\" data-src=\"https:\/\/wernerdeck.de\/blog\/wp-content\/gallery\/bruecke\/Radtour-mit-Peter-am-Dienstag_07.jpg\" data-thumbnail=\"https:\/\/wernerdeck.de\/blog\/wp-content\/gallery\/bruecke\/thumbs\/thumbs_Radtour-mit-Peter-am-Dienstag_07.jpg\" data-title=\"Radtour-mit-Peter-am-Dienstag_07\" data-description=\"Baggersee Gie\u00dfen\" >\n\t\t\t\t\t\t\t\t<img title=\"Radtour-mit-Peter-am-Dienstag_07\" alt=\"Radtour-mit-Peter-am-Dienstag_07\" src=\"https:\/\/wernerdeck.de\/blog\/wp-content\/gallery\/bruecke\/thumbs\/thumbs_Radtour-mit-Peter-am-Dienstag_07.jpg\" width='240' height='160' \/>\n\t\t\t\t\t\t\t<\/a>\n\t\t\t<span>\n\t\t\tBaggersee Gie\u00dfen\t\t\t<\/span>\n\t\t<\/div>\n\t<\/div>\n\t\t\t\t\t\t\t\t\n\t<div id=\"ngg-image-10473\" class=\"ngg-gallery-thumbnail-box\" style=\"width:25%;\" >\n\t\t<div class=\"ngg-gallery-thumbnail\" >\n\t\t\t<a href=\"https:\/\/wernerdeck.de\/blog\/wp-content\/gallery\/bruecke\/Hinderniss-im-Naturschutzgebiet.jpg\"\n\t\t\t\ttitle=\"Naturschutzgebiet Elisabethenw\u00f6rth\"\n\t\t\t\tclass=\"ngg-simplelightbox\" rel=\"84b5cace2e77b18adcfa31e8d6ef2d77\" data-image-id=\"10473\" data-src=\"https:\/\/wernerdeck.de\/blog\/wp-content\/gallery\/bruecke\/Hinderniss-im-Naturschutzgebiet.jpg\" data-thumbnail=\"https:\/\/wernerdeck.de\/blog\/wp-content\/gallery\/bruecke\/thumbs\/thumbs_Hinderniss-im-Naturschutzgebiet.jpg\" data-title=\"Hinderniss-im-Naturschutzgebiet\" data-description=\"Naturschutzgebiet Elisabethenw\u00f6rth\" >\n\t\t\t\t\t\t\t\t<img title=\"Hinderniss-im-Naturschutzgebiet\" alt=\"Hinderniss-im-Naturschutzgebiet\" src=\"https:\/\/wernerdeck.de\/blog\/wp-content\/gallery\/bruecke\/thumbs\/thumbs_Hinderniss-im-Naturschutzgebiet.jpg\" width='240' height='160' \/>\n\t\t\t\t\t\t\t<\/a>\n\t\t\t<span>\n\t\t\tNaturschutzgebiet Elisabethenw\u00f6rth\t\t\t<\/span>\n\t\t<\/div>\n\t<\/div>\n\t\t\t\t\t\t\t\t\n\t<div id=\"ngg-image-10468\" class=\"ngg-gallery-thumbnail-box\" style=\"width:25%;\" >\n\t\t<div class=\"ngg-gallery-thumbnail\" >\n\t\t\t<a href=\"https:\/\/wernerdeck.de\/blog\/wp-content\/gallery\/bruecke\/Radtour-mit-Peter-am-Dienstag_08.jpg\"\n\t\t\t\ttitle=\"Ru\u00dfheimer Altrhein\"\n\t\t\t\tclass=\"ngg-simplelightbox\" rel=\"84b5cace2e77b18adcfa31e8d6ef2d77\" data-image-id=\"10468\" data-src=\"https:\/\/wernerdeck.de\/blog\/wp-content\/gallery\/bruecke\/Radtour-mit-Peter-am-Dienstag_08.jpg\" data-thumbnail=\"https:\/\/wernerdeck.de\/blog\/wp-content\/gallery\/bruecke\/thumbs\/thumbs_Radtour-mit-Peter-am-Dienstag_08.jpg\" data-title=\"Radtour-mit-Peter-am-Dienstag_08\" data-description=\"Ru\u00dfheimer Altrhein\" >\n\t\t\t\t\t\t\t\t<img title=\"Radtour-mit-Peter-am-Dienstag_08\" alt=\"Radtour-mit-Peter-am-Dienstag_08\" src=\"https:\/\/wernerdeck.de\/blog\/wp-content\/gallery\/bruecke\/thumbs\/thumbs_Radtour-mit-Peter-am-Dienstag_08.jpg\" width='240' height='160' \/>\n\t\t\t\t\t\t\t<\/a>\n\t\t\t<span>\n\t\t\tRu\u00dfheimer Altrhein\t\t\t<\/span>\n\t\t<\/div>\n\t<\/div>\n\t\t\t\t\t\t\t<br style=\"clear: both\" \/>\n\t\t\t\n\t<div id=\"ngg-image-10470\" class=\"ngg-gallery-thumbnail-box\" style=\"width:25%;\" >\n\t\t<div class=\"ngg-gallery-thumbnail\" >\n\t\t\t<a href=\"https:\/\/wernerdeck.de\/blog\/wp-content\/gallery\/bruecke\/Radtour-mit-Peter-am-Dienstag_09.jpg\"\n\t\t\t\ttitle=\"Auf dem Rheindamm\"\n\t\t\t\tclass=\"ngg-simplelightbox\" rel=\"84b5cace2e77b18adcfa31e8d6ef2d77\" data-image-id=\"10470\" data-src=\"https:\/\/wernerdeck.de\/blog\/wp-content\/gallery\/bruecke\/Radtour-mit-Peter-am-Dienstag_09.jpg\" data-thumbnail=\"https:\/\/wernerdeck.de\/blog\/wp-content\/gallery\/bruecke\/thumbs\/thumbs_Radtour-mit-Peter-am-Dienstag_09.jpg\" data-title=\"Radtour-mit-Peter-am-Dienstag_09\" data-description=\"Auf dem Rheindamm\" >\n\t\t\t\t\t\t\t\t<img title=\"Radtour-mit-Peter-am-Dienstag_09\" alt=\"Radtour-mit-Peter-am-Dienstag_09\" src=\"https:\/\/wernerdeck.de\/blog\/wp-content\/gallery\/bruecke\/thumbs\/thumbs_Radtour-mit-Peter-am-Dienstag_09.jpg\" width='240' height='160' \/>\n\t\t\t\t\t\t\t<\/a>\n\t\t\t<span>\n\t\t\tAuf dem Rheindamm\t\t\t<\/span>\n\t\t<\/div>\n\t<\/div>\n\t\t\t\t\t\t\t\t\n\t<div id=\"ngg-image-10466\" class=\"ngg-gallery-thumbnail-box\" style=\"width:25%;\" >\n\t\t<div class=\"ngg-gallery-thumbnail\" >\n\t\t\t<a href=\"https:\/\/wernerdeck.de\/blog\/wp-content\/gallery\/bruecke\/Radtour-mit-Peter-am-Dienstag_11.jpg\"\n\t\t\t\ttitle=\"Rheinbr\u00fccke\"\n\t\t\t\tclass=\"ngg-simplelightbox\" rel=\"84b5cace2e77b18adcfa31e8d6ef2d77\" data-image-id=\"10466\" data-src=\"https:\/\/wernerdeck.de\/blog\/wp-content\/gallery\/bruecke\/Radtour-mit-Peter-am-Dienstag_11.jpg\" data-thumbnail=\"https:\/\/wernerdeck.de\/blog\/wp-content\/gallery\/bruecke\/thumbs\/thumbs_Radtour-mit-Peter-am-Dienstag_11.jpg\" data-title=\"Radtour-mit-Peter-am-Dienstag_11\" data-description=\"Rheinbr\u00fccke\" >\n\t\t\t\t\t\t\t\t<img title=\"Radtour-mit-Peter-am-Dienstag_11\" alt=\"Radtour-mit-Peter-am-Dienstag_11\" src=\"https:\/\/wernerdeck.de\/blog\/wp-content\/gallery\/bruecke\/thumbs\/thumbs_Radtour-mit-Peter-am-Dienstag_11.jpg\" width='240' height='160' \/>\n\t\t\t\t\t\t\t<\/a>\n\t\t\t<span>\n\t\t\tRheinbr\u00fccke\t\t\t<\/span>\n\t\t<\/div>\n\t<\/div>\n\t\t\t\t\t\t\t\t\n\t<div id=\"ngg-image-10471\" class=\"ngg-gallery-thumbnail-box\" style=\"width:25%;\" >\n\t\t<div class=\"ngg-gallery-thumbnail\" >\n\t\t\t<a href=\"https:\/\/wernerdeck.de\/blog\/wp-content\/gallery\/bruecke\/Radtour-mit-Peter-am-Dienstag_13.jpg\"\n\t\t\t\ttitle=\"\u00dcber den Rhein nach Germersheim\"\n\t\t\t\tclass=\"ngg-simplelightbox\" rel=\"84b5cace2e77b18adcfa31e8d6ef2d77\" data-image-id=\"10471\" data-src=\"https:\/\/wernerdeck.de\/blog\/wp-content\/gallery\/bruecke\/Radtour-mit-Peter-am-Dienstag_13.jpg\" data-thumbnail=\"https:\/\/wernerdeck.de\/blog\/wp-content\/gallery\/bruecke\/thumbs\/thumbs_Radtour-mit-Peter-am-Dienstag_13.jpg\" data-title=\"Radtour-mit-Peter-am-Dienstag_13\" data-description=\"\u00dcber den Rhein nach Germersheim\" >\n\t\t\t\t\t\t\t\t<img title=\"Radtour-mit-Peter-am-Dienstag_13\" alt=\"Radtour-mit-Peter-am-Dienstag_13\" src=\"https:\/\/wernerdeck.de\/blog\/wp-content\/gallery\/bruecke\/thumbs\/thumbs_Radtour-mit-Peter-am-Dienstag_13.jpg\" width='240' height='160' \/>\n\t\t\t\t\t\t\t<\/a>\n\t\t\t<span>\n\t\t\t\u00dcber den Rhein nach Germersheim\t\t\t<\/span>\n\t\t<\/div>\n\t<\/div>\n\t\t\t\t\t\t\t\t\n\t<div id=\"ngg-image-10472\" class=\"ngg-gallery-thumbnail-box\" style=\"width:25%;\" >\n\t\t<div class=\"ngg-gallery-thumbnail\" >\n\t\t\t<a href=\"https:\/\/wernerdeck.de\/blog\/wp-content\/gallery\/bruecke\/Radtour-mit-Peter-am-Dienstag_14.jpg\"\n\t\t\t\ttitle=\"Germersheim\"\n\t\t\t\tclass=\"ngg-simplelightbox\" rel=\"84b5cace2e77b18adcfa31e8d6ef2d77\" data-image-id=\"10472\" data-src=\"https:\/\/wernerdeck.de\/blog\/wp-content\/gallery\/bruecke\/Radtour-mit-Peter-am-Dienstag_14.jpg\" data-thumbnail=\"https:\/\/wernerdeck.de\/blog\/wp-content\/gallery\/bruecke\/thumbs\/thumbs_Radtour-mit-Peter-am-Dienstag_14.jpg\" data-title=\"Radtour-mit-Peter-am-Dienstag_14\" data-description=\"Germersheim\" >\n\t\t\t\t\t\t\t\t<img title=\"Radtour-mit-Peter-am-Dienstag_14\" alt=\"Radtour-mit-Peter-am-Dienstag_14\" src=\"https:\/\/wernerdeck.de\/blog\/wp-content\/gallery\/bruecke\/thumbs\/thumbs_Radtour-mit-Peter-am-Dienstag_14.jpg\" width='240' height='160' \/>\n\t\t\t\t\t\t\t<\/a>\n\t\t\t<span>\n\t\t\tGermersheim\t\t\t<\/span>\n\t\t<\/div>\n\t<\/div>\n\t\t\t\t\t\t\t<br style=\"clear: both\" \/>\n\t\t\t\n\t<!-- Pagination -->\n\t\t<div class='ngg-clear'><\/div>\t\n<\/div>\n\n\t<span style=\"font-weight: 400;\">Direkt hinter der Br\u00fccke wartete das gutb\u00fcrgerliche Restaurant <a href=\"https:\/\/restaurant-zum-froehlichen-hecht.metro.rest\/?lang=de\" target=\"_blank\" rel=\"noopener\">\u201eZum fr\u00f6hlichen Hecht\u201c<\/a> auf uns. Nach dem herzhaften Mittagessen radelten wir am Rheinufer entlang Richtung Heimat. Eine kurze Rast am \u201eSchleusenhaus\u201c gab uns Gelegenheit, die beeindruckende Ingenieurskunst des Hochwasserschutzes zu bewundern.&nbsp;<\/span><\/p>\n<p>\n<div class=\"ngg-galleryoverview ngg-template-caption\" id=\"ngg-gallery-201e1b647d2d9e761f876f5f5a9f7687-21262\">\n\n\t\t\n\t<!-- Thumbnails -->\n\t\t\t\t\t\n\t<div id=\"ngg-image-10479\" class=\"ngg-gallery-thumbnail-box\" style=\"width:33%;\" >\n\t\t<div class=\"ngg-gallery-thumbnail\" >\n\t\t\t<a href=\"https:\/\/wernerdeck.de\/blog\/wp-content\/gallery\/schleuse\/Radtour-mit-Peter-am-Dienstag_15.jpg\"\n\t\t\t\ttitle=\"Zum fr\u00f6hlichen Hecht\"\n\t\t\t\tclass=\"ngg-simplelightbox\" rel=\"201e1b647d2d9e761f876f5f5a9f7687\" data-image-id=\"10479\" data-src=\"https:\/\/wernerdeck.de\/blog\/wp-content\/gallery\/schleuse\/Radtour-mit-Peter-am-Dienstag_15.jpg\" data-thumbnail=\"https:\/\/wernerdeck.de\/blog\/wp-content\/gallery\/schleuse\/thumbs\/thumbs_Radtour-mit-Peter-am-Dienstag_15.jpg\" data-title=\"Radtour-mit-Peter-am-Dienstag_15\" data-description=\"Zum fr\u00f6hlichen Hecht\" >\n\t\t\t\t\t\t\t\t<img title=\"Radtour-mit-Peter-am-Dienstag_15\" alt=\"Radtour-mit-Peter-am-Dienstag_15\" src=\"https:\/\/wernerdeck.de\/blog\/wp-content\/gallery\/schleuse\/thumbs\/thumbs_Radtour-mit-Peter-am-Dienstag_15.jpg\" width='240' height='160' \/>\n\t\t\t\t\t\t\t<\/a>\n\t\t\t<span>\n\t\t\tZum fr\u00f6hlichen Hecht\t\t\t<\/span>\n\t\t<\/div>\n\t<\/div>\n\t\t\t\t\t\t\t\t\n\t<div id=\"ngg-image-10478\" class=\"ngg-gallery-thumbnail-box\" style=\"width:33%;\" >\n\t\t<div class=\"ngg-gallery-thumbnail\" >\n\t\t\t<a href=\"https:\/\/wernerdeck.de\/blog\/wp-content\/gallery\/schleuse\/Radtour-mit-Peter-am-Dienstag_17.jpg\"\n\t\t\t\ttitle=\"Gut war das Essen\"\n\t\t\t\tclass=\"ngg-simplelightbox\" rel=\"201e1b647d2d9e761f876f5f5a9f7687\" data-image-id=\"10478\" data-src=\"https:\/\/wernerdeck.de\/blog\/wp-content\/gallery\/schleuse\/Radtour-mit-Peter-am-Dienstag_17.jpg\" data-thumbnail=\"https:\/\/wernerdeck.de\/blog\/wp-content\/gallery\/schleuse\/thumbs\/thumbs_Radtour-mit-Peter-am-Dienstag_17.jpg\" data-title=\"Radtour-mit-Peter-am-Dienstag_17\" data-description=\"Gut war das Essen\" >\n\t\t\t\t\t\t\t\t<img title=\"Radtour-mit-Peter-am-Dienstag_17\" alt=\"Radtour-mit-Peter-am-Dienstag_17\" src=\"https:\/\/wernerdeck.de\/blog\/wp-content\/gallery\/schleuse\/thumbs\/thumbs_Radtour-mit-Peter-am-Dienstag_17.jpg\" width='240' height='160' \/>\n\t\t\t\t\t\t\t<\/a>\n\t\t\t<span>\n\t\t\tGut war das Essen\t\t\t<\/span>\n\t\t<\/div>\n\t<\/div>\n\t\t\t\t\t\t\t\t\n\t<div id=\"ngg-image-10475\" class=\"ngg-gallery-thumbnail-box\" style=\"width:33%;\" >\n\t\t<div class=\"ngg-gallery-thumbnail\" >\n\t\t\t<a href=\"https:\/\/wernerdeck.de\/blog\/wp-content\/gallery\/schleuse\/Radtour-mit-Peter-am-Dienstag_18.jpg\"\n\t\t\t\ttitle=\"Zum Rheinufer\"\n\t\t\t\tclass=\"ngg-simplelightbox\" rel=\"201e1b647d2d9e761f876f5f5a9f7687\" data-image-id=\"10475\" data-src=\"https:\/\/wernerdeck.de\/blog\/wp-content\/gallery\/schleuse\/Radtour-mit-Peter-am-Dienstag_18.jpg\" data-thumbnail=\"https:\/\/wernerdeck.de\/blog\/wp-content\/gallery\/schleuse\/thumbs\/thumbs_Radtour-mit-Peter-am-Dienstag_18.jpg\" data-title=\"Radtour-mit-Peter-am-Dienstag_18\" data-description=\"Zum Rheinufer\" >\n\t\t\t\t\t\t\t\t<img title=\"Radtour-mit-Peter-am-Dienstag_18\" alt=\"Radtour-mit-Peter-am-Dienstag_18\" src=\"https:\/\/wernerdeck.de\/blog\/wp-content\/gallery\/schleuse\/thumbs\/thumbs_Radtour-mit-Peter-am-Dienstag_18.jpg\" width='240' height='160' \/>\n\t\t\t\t\t\t\t<\/a>\n\t\t\t<span>\n\t\t\tZum Rheinufer\t\t\t<\/span>\n\t\t<\/div>\n\t<\/div>\n\t\t\t\t\t\t\t<br style=\"clear: both\" \/>\n\t\t\t\n\t<div id=\"ngg-image-10477\" class=\"ngg-gallery-thumbnail-box\" style=\"width:33%;\" >\n\t\t<div class=\"ngg-gallery-thumbnail\" >\n\t\t\t<a href=\"https:\/\/wernerdeck.de\/blog\/wp-content\/gallery\/schleuse\/Radtour-mit-Peter-am-Dienstag_19.jpg\"\n\t\t\t\ttitle=\"Am Rheinufer zur\u00fcck\"\n\t\t\t\tclass=\"ngg-simplelightbox\" rel=\"201e1b647d2d9e761f876f5f5a9f7687\" data-image-id=\"10477\" data-src=\"https:\/\/wernerdeck.de\/blog\/wp-content\/gallery\/schleuse\/Radtour-mit-Peter-am-Dienstag_19.jpg\" data-thumbnail=\"https:\/\/wernerdeck.de\/blog\/wp-content\/gallery\/schleuse\/thumbs\/thumbs_Radtour-mit-Peter-am-Dienstag_19.jpg\" data-title=\"Radtour-mit-Peter-am-Dienstag_19\" data-description=\"Am Rheinufer zur\u00fcck\" >\n\t\t\t\t\t\t\t\t<img title=\"Radtour-mit-Peter-am-Dienstag_19\" alt=\"Radtour-mit-Peter-am-Dienstag_19\" src=\"https:\/\/wernerdeck.de\/blog\/wp-content\/gallery\/schleuse\/thumbs\/thumbs_Radtour-mit-Peter-am-Dienstag_19.jpg\" width='240' height='160' \/>\n\t\t\t\t\t\t\t<\/a>\n\t\t\t<span>\n\t\t\tAm Rheinufer zur\u00fcck\t\t\t<\/span>\n\t\t<\/div>\n\t<\/div>\n\t\t\t\t\t\t\t\t\n\t<div id=\"ngg-image-10476\" class=\"ngg-gallery-thumbnail-box\" style=\"width:33%;\" >\n\t\t<div class=\"ngg-gallery-thumbnail\" >\n\t\t\t<a href=\"https:\/\/wernerdeck.de\/blog\/wp-content\/gallery\/schleuse\/Radtour-mit-Peter-am-Dienstag_20.jpg\"\n\t\t\t\ttitle=\"Rheinufer\"\n\t\t\t\tclass=\"ngg-simplelightbox\" rel=\"201e1b647d2d9e761f876f5f5a9f7687\" data-image-id=\"10476\" data-src=\"https:\/\/wernerdeck.de\/blog\/wp-content\/gallery\/schleuse\/Radtour-mit-Peter-am-Dienstag_20.jpg\" data-thumbnail=\"https:\/\/wernerdeck.de\/blog\/wp-content\/gallery\/schleuse\/thumbs\/thumbs_Radtour-mit-Peter-am-Dienstag_20.jpg\" data-title=\"Radtour-mit-Peter-am-Dienstag_20\" data-description=\"Rheinufer\" >\n\t\t\t\t\t\t\t\t<img title=\"Radtour-mit-Peter-am-Dienstag_20\" alt=\"Radtour-mit-Peter-am-Dienstag_20\" src=\"https:\/\/wernerdeck.de\/blog\/wp-content\/gallery\/schleuse\/thumbs\/thumbs_Radtour-mit-Peter-am-Dienstag_20.jpg\" width='240' height='160' \/>\n\t\t\t\t\t\t\t<\/a>\n\t\t\t<span>\n\t\t\tRheinufer\t\t\t<\/span>\n\t\t<\/div>\n\t<\/div>\n\t\t\t\t\t\t\t\t\n\t<div id=\"ngg-image-10474\" class=\"ngg-gallery-thumbnail-box\" style=\"width:33%;\" >\n\t\t<div class=\"ngg-gallery-thumbnail\" >\n\t\t\t<a href=\"https:\/\/wernerdeck.de\/blog\/wp-content\/gallery\/schleuse\/Radtour-mit-Peter-am-Dienstag_21.jpg\"\n\t\t\t\ttitle=\"Rheinufer\"\n\t\t\t\tclass=\"ngg-simplelightbox\" rel=\"201e1b647d2d9e761f876f5f5a9f7687\" data-image-id=\"10474\" data-src=\"https:\/\/wernerdeck.de\/blog\/wp-content\/gallery\/schleuse\/Radtour-mit-Peter-am-Dienstag_21.jpg\" data-thumbnail=\"https:\/\/wernerdeck.de\/blog\/wp-content\/gallery\/schleuse\/thumbs\/thumbs_Radtour-mit-Peter-am-Dienstag_21.jpg\" data-title=\"Radtour-mit-Peter-am-Dienstag_21\" data-description=\"Rheinufer\" >\n\t\t\t\t\t\t\t\t<img title=\"Radtour-mit-Peter-am-Dienstag_21\" alt=\"Radtour-mit-Peter-am-Dienstag_21\" src=\"https:\/\/wernerdeck.de\/blog\/wp-content\/gallery\/schleuse\/thumbs\/thumbs_Radtour-mit-Peter-am-Dienstag_21.jpg\" width='240' height='160' \/>\n\t\t\t\t\t\t\t<\/a>\n\t\t\t<span>\n\t\t\tRheinufer\t\t\t<\/span>\n\t\t<\/div>\n\t<\/div>\n\t\t\t\t\t\t\t<br style=\"clear: both\" \/>\n\t\t\t\n\t<div id=\"ngg-image-10480\" class=\"ngg-gallery-thumbnail-box\" style=\"width:33%;\" >\n\t\t<div class=\"ngg-gallery-thumbnail\" >\n\t\t\t<a href=\"https:\/\/wernerdeck.de\/blog\/wp-content\/gallery\/schleuse\/Radtour-mit-Peter-am-Dienstag_22.jpg\"\n\t\t\t\ttitle=\"Am Schleusenhaus\"\n\t\t\t\tclass=\"ngg-simplelightbox\" rel=\"201e1b647d2d9e761f876f5f5a9f7687\" data-image-id=\"10480\" data-src=\"https:\/\/wernerdeck.de\/blog\/wp-content\/gallery\/schleuse\/Radtour-mit-Peter-am-Dienstag_22.jpg\" data-thumbnail=\"https:\/\/wernerdeck.de\/blog\/wp-content\/gallery\/schleuse\/thumbs\/thumbs_Radtour-mit-Peter-am-Dienstag_22.jpg\" data-title=\"Radtour-mit-Peter-am-Dienstag_22\" data-description=\"Am Schleusenhaus\" >\n\t\t\t\t\t\t\t\t<img title=\"Radtour-mit-Peter-am-Dienstag_22\" alt=\"Radtour-mit-Peter-am-Dienstag_22\" src=\"https:\/\/wernerdeck.de\/blog\/wp-content\/gallery\/schleuse\/thumbs\/thumbs_Radtour-mit-Peter-am-Dienstag_22.jpg\" width='240' height='160' \/>\n\t\t\t\t\t\t\t<\/a>\n\t\t\t<span>\n\t\t\tAm Schleusenhaus\t\t\t<\/span>\n\t\t<\/div>\n\t<\/div>\n\t\t\t\t\t\t\t\t\n\t<div id=\"ngg-image-10481\" class=\"ngg-gallery-thumbnail-box\" style=\"width:33%;\" >\n\t\t<div class=\"ngg-gallery-thumbnail\" >\n\t\t\t<a href=\"https:\/\/wernerdeck.de\/blog\/wp-content\/gallery\/schleuse\/Radtour-mit-Peter-am-Dienstag_23.jpg\"\n\t\t\t\ttitle=\"Am Schleusenhaus\"\n\t\t\t\tclass=\"ngg-simplelightbox\" rel=\"201e1b647d2d9e761f876f5f5a9f7687\" data-image-id=\"10481\" data-src=\"https:\/\/wernerdeck.de\/blog\/wp-content\/gallery\/schleuse\/Radtour-mit-Peter-am-Dienstag_23.jpg\" data-thumbnail=\"https:\/\/wernerdeck.de\/blog\/wp-content\/gallery\/schleuse\/thumbs\/thumbs_Radtour-mit-Peter-am-Dienstag_23.jpg\" data-title=\"Radtour-mit-Peter-am-Dienstag_23\" data-description=\"Am Schleusenhaus\" >\n\t\t\t\t\t\t\t\t<img title=\"Radtour-mit-Peter-am-Dienstag_23\" alt=\"Radtour-mit-Peter-am-Dienstag_23\" src=\"https:\/\/wernerdeck.de\/blog\/wp-content\/gallery\/schleuse\/thumbs\/thumbs_Radtour-mit-Peter-am-Dienstag_23.jpg\" width='240' height='160' \/>\n\t\t\t\t\t\t\t<\/a>\n\t\t\t<span>\n\t\t\tAm Schleusenhaus\t\t\t<\/span>\n\t\t<\/div>\n\t<\/div>\n\t\t\t\t\t\t\t\t\n\t<div id=\"ngg-image-10482\" class=\"ngg-gallery-thumbnail-box\" style=\"width:33%;\" >\n\t\t<div class=\"ngg-gallery-thumbnail\" >\n\t\t\t<a href=\"https:\/\/wernerdeck.de\/blog\/wp-content\/gallery\/schleuse\/Radtour-mit-Peter-am-Dienstag_24.jpg\"\n\t\t\t\ttitle=\"Am Schleusenhaus\"\n\t\t\t\tclass=\"ngg-simplelightbox\" rel=\"201e1b647d2d9e761f876f5f5a9f7687\" data-image-id=\"10482\" data-src=\"https:\/\/wernerdeck.de\/blog\/wp-content\/gallery\/schleuse\/Radtour-mit-Peter-am-Dienstag_24.jpg\" data-thumbnail=\"https:\/\/wernerdeck.de\/blog\/wp-content\/gallery\/schleuse\/thumbs\/thumbs_Radtour-mit-Peter-am-Dienstag_24.jpg\" data-title=\"Radtour-mit-Peter-am-Dienstag_24\" data-description=\"Am Schleusenhaus\" >\n\t\t\t\t\t\t\t\t<img title=\"Radtour-mit-Peter-am-Dienstag_24\" alt=\"Radtour-mit-Peter-am-Dienstag_24\" src=\"https:\/\/wernerdeck.de\/blog\/wp-content\/gallery\/schleuse\/thumbs\/thumbs_Radtour-mit-Peter-am-Dienstag_24.jpg\" width='240' height='160' \/>\n\t\t\t\t\t\t\t<\/a>\n\t\t\t<span>\n\t\t\tAm Schleusenhaus\t\t\t<\/span>\n\t\t<\/div>\n\t<\/div>\n\t\t\t\t\t\t\t<br style=\"clear: both\" \/>\n\t\t\t\n\t<!-- Pagination -->\n\t\t<div class='ngg-clear'><\/div>\t\n<\/div>\n\n\t<span style=\"font-weight: 400;\">Entlang am <a href=\"https:\/\/geodaten-wasser.rlp-umwelt.de\/prj-wwvauskunft\/projects\/seenatlas\/daten\/register2.jsp?seeId=63a&amp;see_bez=Leimersheimer+Altrhein%2C+Altrheinschlinge&amp;showHydrologie=true&amp;showChemismus=true\" target=\"_blank\" rel=\"noopener\">Leimersheimer Altrhein<\/a> genossen wir die harmonische Atmosph\u00e4re und sch\u00f6ne Natur, bis hin zur <a href=\"https:\/\/www.rheinfaehre-leimersheim.de\/\" target=\"_blank\" rel=\"noopener\">Rheinf\u00e4hre Leimersheim<\/a>, wo wir mit der F\u00e4hre \u00fcber den Rhein \u00fcbersetzten.<\/span><\/p>\n<p>\n<div class=\"ngg-galleryoverview ngg-template-caption\" id=\"ngg-gallery-e0207e5e31ba04772fb3a12b6879cc85-21262\">\n\n\t\t\n\t<!-- Thumbnails -->\n\t\t\t\t\t\n\t<div id=\"ngg-image-10487\" class=\"ngg-gallery-thumbnail-box\" style=\"width:33%;\" >\n\t\t<div class=\"ngg-gallery-thumbnail\" >\n\t\t\t<a href=\"https:\/\/wernerdeck.de\/blog\/wp-content\/gallery\/faehre-1\/Radtour-mit-Peter-am-Dienstag_25.jpg\"\n\t\t\t\ttitle=\"Damm am Leimersheimer Altrhein\"\n\t\t\t\tclass=\"ngg-simplelightbox\" rel=\"e0207e5e31ba04772fb3a12b6879cc85\" data-image-id=\"10487\" data-src=\"https:\/\/wernerdeck.de\/blog\/wp-content\/gallery\/faehre-1\/Radtour-mit-Peter-am-Dienstag_25.jpg\" data-thumbnail=\"https:\/\/wernerdeck.de\/blog\/wp-content\/gallery\/faehre-1\/thumbs\/thumbs_Radtour-mit-Peter-am-Dienstag_25.jpg\" data-title=\"Radtour-mit-Peter-am-Dienstag_25\" data-description=\"Damm am Leimersheimer Altrhein\" >\n\t\t\t\t\t\t\t\t<img title=\"Radtour-mit-Peter-am-Dienstag_25\" alt=\"Radtour-mit-Peter-am-Dienstag_25\" src=\"https:\/\/wernerdeck.de\/blog\/wp-content\/gallery\/faehre-1\/thumbs\/thumbs_Radtour-mit-Peter-am-Dienstag_25.jpg\" width='240' height='160' \/>\n\t\t\t\t\t\t\t<\/a>\n\t\t\t<span>\n\t\t\tDamm am Leimersheimer Altrhein\t\t\t<\/span>\n\t\t<\/div>\n\t<\/div>\n\t\t\t\t\t\t\t\t\n\t<div id=\"ngg-image-10483\" class=\"ngg-gallery-thumbnail-box\" style=\"width:33%;\" >\n\t\t<div class=\"ngg-gallery-thumbnail\" >\n\t\t\t<a href=\"https:\/\/wernerdeck.de\/blog\/wp-content\/gallery\/faehre-1\/Radtour-mit-Peter-am-Dienstag_26.jpg\"\n\t\t\t\ttitle=\"Damm am Leimersheimer Altrhein\"\n\t\t\t\tclass=\"ngg-simplelightbox\" rel=\"e0207e5e31ba04772fb3a12b6879cc85\" data-image-id=\"10483\" data-src=\"https:\/\/wernerdeck.de\/blog\/wp-content\/gallery\/faehre-1\/Radtour-mit-Peter-am-Dienstag_26.jpg\" data-thumbnail=\"https:\/\/wernerdeck.de\/blog\/wp-content\/gallery\/faehre-1\/thumbs\/thumbs_Radtour-mit-Peter-am-Dienstag_26.jpg\" data-title=\"Radtour-mit-Peter-am-Dienstag_26\" data-description=\"Damm am Leimersheimer Altrhein\" >\n\t\t\t\t\t\t\t\t<img title=\"Radtour-mit-Peter-am-Dienstag_26\" alt=\"Radtour-mit-Peter-am-Dienstag_26\" src=\"https:\/\/wernerdeck.de\/blog\/wp-content\/gallery\/faehre-1\/thumbs\/thumbs_Radtour-mit-Peter-am-Dienstag_26.jpg\" width='240' height='160' \/>\n\t\t\t\t\t\t\t<\/a>\n\t\t\t<span>\n\t\t\tDamm am Leimersheimer Altrhein\t\t\t<\/span>\n\t\t<\/div>\n\t<\/div>\n\t\t\t\t\t\t\t\t\n\t<div id=\"ngg-image-10485\" class=\"ngg-gallery-thumbnail-box\" style=\"width:33%;\" >\n\t\t<div class=\"ngg-gallery-thumbnail\" >\n\t\t\t<a href=\"https:\/\/wernerdeck.de\/blog\/wp-content\/gallery\/faehre-1\/Radtour-mit-Peter-am-Dienstag_27.jpg\"\n\t\t\t\ttitle=\"Mal wieder Regen\"\n\t\t\t\tclass=\"ngg-simplelightbox\" rel=\"e0207e5e31ba04772fb3a12b6879cc85\" data-image-id=\"10485\" data-src=\"https:\/\/wernerdeck.de\/blog\/wp-content\/gallery\/faehre-1\/Radtour-mit-Peter-am-Dienstag_27.jpg\" data-thumbnail=\"https:\/\/wernerdeck.de\/blog\/wp-content\/gallery\/faehre-1\/thumbs\/thumbs_Radtour-mit-Peter-am-Dienstag_27.jpg\" data-title=\"Radtour-mit-Peter-am-Dienstag_27\" data-description=\"Mal wieder Regen\" >\n\t\t\t\t\t\t\t\t<img title=\"Radtour-mit-Peter-am-Dienstag_27\" alt=\"Radtour-mit-Peter-am-Dienstag_27\" src=\"https:\/\/wernerdeck.de\/blog\/wp-content\/gallery\/faehre-1\/thumbs\/thumbs_Radtour-mit-Peter-am-Dienstag_27.jpg\" width='240' height='160' \/>\n\t\t\t\t\t\t\t<\/a>\n\t\t\t<span>\n\t\t\tMal wieder Regen\t\t\t<\/span>\n\t\t<\/div>\n\t<\/div>\n\t\t\t\t\t\t\t<br style=\"clear: both\" \/>\n\t\t\t\n\t<div id=\"ngg-image-10488\" class=\"ngg-gallery-thumbnail-box\" style=\"width:33%;\" >\n\t\t<div class=\"ngg-gallery-thumbnail\" >\n\t\t\t<a href=\"https:\/\/wernerdeck.de\/blog\/wp-content\/gallery\/faehre-1\/Radtour-mit-Peter-am-Dienstag_28.jpg\"\n\t\t\t\ttitle=\"Rheinf\u00e4hre Leimersheim\"\n\t\t\t\tclass=\"ngg-simplelightbox\" rel=\"e0207e5e31ba04772fb3a12b6879cc85\" data-image-id=\"10488\" data-src=\"https:\/\/wernerdeck.de\/blog\/wp-content\/gallery\/faehre-1\/Radtour-mit-Peter-am-Dienstag_28.jpg\" data-thumbnail=\"https:\/\/wernerdeck.de\/blog\/wp-content\/gallery\/faehre-1\/thumbs\/thumbs_Radtour-mit-Peter-am-Dienstag_28.jpg\" data-title=\"Radtour-mit-Peter-am-Dienstag_28\" data-description=\"Rheinf\u00e4hre Leimersheim\" >\n\t\t\t\t\t\t\t\t<img title=\"Radtour-mit-Peter-am-Dienstag_28\" alt=\"Radtour-mit-Peter-am-Dienstag_28\" src=\"https:\/\/wernerdeck.de\/blog\/wp-content\/gallery\/faehre-1\/thumbs\/thumbs_Radtour-mit-Peter-am-Dienstag_28.jpg\" width='240' height='160' \/>\n\t\t\t\t\t\t\t<\/a>\n\t\t\t<span>\n\t\t\tRheinf\u00e4hre Leimersheim\t\t\t<\/span>\n\t\t<\/div>\n\t<\/div>\n\t\t\t\t\t\t\t\t\n\t<div id=\"ngg-image-10486\" class=\"ngg-gallery-thumbnail-box\" style=\"width:33%;\" >\n\t\t<div class=\"ngg-gallery-thumbnail\" >\n\t\t\t<a href=\"https:\/\/wernerdeck.de\/blog\/wp-content\/gallery\/faehre-1\/Radtour-mit-Peter-am-Dienstag_29.jpg\"\n\t\t\t\ttitle=\"Auf der F\u00e4hre\"\n\t\t\t\tclass=\"ngg-simplelightbox\" rel=\"e0207e5e31ba04772fb3a12b6879cc85\" data-image-id=\"10486\" data-src=\"https:\/\/wernerdeck.de\/blog\/wp-content\/gallery\/faehre-1\/Radtour-mit-Peter-am-Dienstag_29.jpg\" data-thumbnail=\"https:\/\/wernerdeck.de\/blog\/wp-content\/gallery\/faehre-1\/thumbs\/thumbs_Radtour-mit-Peter-am-Dienstag_29.jpg\" data-title=\"Radtour-mit-Peter-am-Dienstag_29\" data-description=\"Auf der F\u00e4hre\" >\n\t\t\t\t\t\t\t\t<img title=\"Radtour-mit-Peter-am-Dienstag_29\" alt=\"Radtour-mit-Peter-am-Dienstag_29\" src=\"https:\/\/wernerdeck.de\/blog\/wp-content\/gallery\/faehre-1\/thumbs\/thumbs_Radtour-mit-Peter-am-Dienstag_29.jpg\" width='240' height='160' \/>\n\t\t\t\t\t\t\t<\/a>\n\t\t\t<span>\n\t\t\tAuf der F\u00e4hre\t\t\t<\/span>\n\t\t<\/div>\n\t<\/div>\n\t\t\t\t\t\t\t\t\n\t<div id=\"ngg-image-10484\" class=\"ngg-gallery-thumbnail-box\" style=\"width:33%;\" >\n\t\t<div class=\"ngg-gallery-thumbnail\" >\n\t\t\t<a href=\"https:\/\/wernerdeck.de\/blog\/wp-content\/gallery\/faehre-1\/Radtour-mit-Peter-am-Dienstag_30.jpg\"\n\t\t\t\ttitle=\"Der Rhein\"\n\t\t\t\tclass=\"ngg-simplelightbox\" rel=\"e0207e5e31ba04772fb3a12b6879cc85\" data-image-id=\"10484\" data-src=\"https:\/\/wernerdeck.de\/blog\/wp-content\/gallery\/faehre-1\/Radtour-mit-Peter-am-Dienstag_30.jpg\" data-thumbnail=\"https:\/\/wernerdeck.de\/blog\/wp-content\/gallery\/faehre-1\/thumbs\/thumbs_Radtour-mit-Peter-am-Dienstag_30.jpg\" data-title=\"Radtour-mit-Peter-am-Dienstag_30\" data-description=\"Der Rhein\" >\n\t\t\t\t\t\t\t\t<img title=\"Radtour-mit-Peter-am-Dienstag_30\" alt=\"Radtour-mit-Peter-am-Dienstag_30\" src=\"https:\/\/wernerdeck.de\/blog\/wp-content\/gallery\/faehre-1\/thumbs\/thumbs_Radtour-mit-Peter-am-Dienstag_30.jpg\" width='240' height='160' \/>\n\t\t\t\t\t\t\t<\/a>\n\t\t\t<span>\n\t\t\tDer Rhein\t\t\t<\/span>\n\t\t<\/div>\n\t<\/div>\n\t\t\t\t\t\t\t<br style=\"clear: both\" \/>\n\t\t\t\n\t<!-- Pagination -->\n\t\t<div class='ngg-clear'><\/div>\t\n<\/div>\n\n\t<span style=\"font-weight: 400;\">Anschlie\u00dfend radelten wir \u00fcber den Rheindamm in die malerischen <a href=\"https:\/\/rp.baden-wuerttemberg.de\/fileadmin\/RP-Internet\/Karlsruhe\/Abteilung_5\/Referat_56\/Lebendige_Rheinauen\/_DocumentLibraries\/Infomaterial\/Infoblaetter\/3_rpk56_pub_rheinauen_egg_leo_faltbl.pdf\" target=\"_blank\" rel=\"noopener\">Rheinauen und passierten die sanften Baggerseen Eggensteins<\/a>, die wie versteckte Juwelen in der Natur lagen.&nbsp;<\/span><\/p>\n<p><span style=\"font-weight: 400;\">Mit jedem weiteren Pedaltritt kamen wir <a href=\"https:\/\/www.egg-leo.de\/willkommen\" target=\"_blank\" rel=\"noopener\">meinem Heim<\/a> n\u00e4her. Am Ende hatten wir eine Rundstrecke von 55 Kilometern zur\u00fcckgelegt, doch Peter musste noch 10 Kilometer nach Hause radeln. Das bedeutete f\u00fcr ihn insgesamt stolze 75 Kilometer an diesem Tag.<\/span><\/p>\n<p>Das war die Strecke unserer heutigen Rundtour.<\/p>\n<p><img loading=\"lazy\" decoding=\"async\" class=\"aligncenter size-full wp-image-21305\" src=\"https:\/\/wernerdeck.de\/blog\/wp-content\/uploads\/2024\/09\/Tour-1-mit-Peter.jpg\" alt=\"\" width=\"984\" height=\"1785\" srcset=\"https:\/\/wernerdeck.de\/blog\/wp-content\/uploads\/2024\/09\/Tour-1-mit-Peter.jpg 984w, https:\/\/wernerdeck.de\/blog\/wp-content\/uploads\/2024\/09\/Tour-1-mit-Peter-165x300.jpg 165w, https:\/\/wernerdeck.de\/blog\/wp-content\/uploads\/2024\/09\/Tour-1-mit-Peter-564x1024.jpg 564w, https:\/\/wernerdeck.de\/blog\/wp-content\/uploads\/2024\/09\/Tour-1-mit-Peter-768x1393.jpg 768w, https:\/\/wernerdeck.de\/blog\/wp-content\/uploads\/2024\/09\/Tour-1-mit-Peter-847x1536.jpg 847w\" sizes=\"auto, (max-width: 984px) 100vw, 984px\" \/><\/p>\n<hr>\n<p><a href=\"https:\/\/wernerdeck.de\/blog\/2024\/09\/25\/wetterkapriolen-auf-zwei-raedern-eine-radtour-durch-regen-wind-goldene-herbstwaelder-und-hinreissende-flusslandschaften\/\">Hier geht es zu unserer Radtour vom Mittwoch, 25. September 2024<\/a><\/p>\n","protected":false},"excerpt":{"rendered":"<p>Urspr\u00fcnglich wollten Peter und ich eine Drei-Tages-Tour radeln, u. a. mit einem Besuch des Klosters Lorsch und \u00dcbernachtungen in Ladenburg und Gr\u00fcnstadt. Aber der Wetterbericht sagte durchg\u00e4ngig Regen voraus. Wir \u00e4nderten unseren Plan und wollten f\u00fcr Dienstag und Mittwoch dieser Woche, je nach Wetterlage, spontan entscheiden, ob wir eine Tagestour radeln. Sowohl f\u00fcr Dienstag, als &#8230; <a title=\"Spontane Radtour bei Regen, Wolken und ganz wenig Sonne: Erlebnis von Vielfalt der Landschaften und Wetterlaunen\" class=\"read-more\" href=\"https:\/\/wernerdeck.de\/blog\/2024\/09\/24\/spontane-radtour-bei-regen-wolken-und-ganz-wenig-sonne-erlebnis-von-vielfalt-der-landschaften-und-wetterlaunen\/\" aria-label=\"Mehr Informationen \u00fcber Spontane Radtour bei Regen, Wolken und ganz wenig Sonne: Erlebnis von Vielfalt der Landschaften und Wetterlaunen\">Weiterlesen<\/a><\/p>\n","protected":false},"author":1,"featured_media":21307,"comment_status":"open","ping_status":"open","sticky":false,"template":"","format":"standard","meta":{"ngg_post_thumbnail":0,"footnotes":""},"categories":[77],"tags":[308],"class_list":["post-21262","post","type-post","status-publish","format-standard","has-post-thumbnail","hentry","category-radtouren","tag-radtour-mit-peter"],"yoast_head":"<!-- This site is optimized with the Yoast SEO plugin v27.5 - https:\/\/yoast.com\/product\/yoast-seo-wordpress\/ -->\n<title>Spontane Radtour bei Regen, Wolken und ganz wenig Sonne: Erlebnis von Vielfalt der Landschaften und Wetterlaunen - Privater Blog von Werner Deck<\/title>\n<meta name=\"description\" content=\"Urspr\u00fcnglich wir eine 3-Tages-Tour mit einem Besuch Klosters Lorsch geplant. Aber der Wetterbericht sagte durchg\u00e4ngig Regen voraus. Umgeplant\" \/>\n<meta name=\"robots\" content=\"index, follow, max-snippet:-1, max-image-preview:large, max-video-preview:-1\" \/>\n<link rel=\"canonical\" href=\"https:\/\/wernerdeck.de\/blog\/2024\/09\/24\/spontane-radtour-bei-regen-wolken-und-ganz-wenig-sonne-erlebnis-von-vielfalt-der-landschaften-und-wetterlaunen\/\" \/>\n<meta property=\"og:locale\" content=\"de_DE\" \/>\n<meta property=\"og:type\" content=\"article\" \/>\n<meta property=\"og:title\" content=\"Spontane Radtour bei Regen, Wolken und ganz wenig Sonne: Erlebnis von Vielfalt der Landschaften und Wetterlaunen - Privater Blog von Werner Deck\" \/>\n<meta property=\"og:description\" content=\"Urspr\u00fcnglich wir eine 3-Tages-Tour mit einem Besuch Klosters Lorsch geplant. Aber der Wetterbericht sagte durchg\u00e4ngig Regen voraus. Umgeplant\" \/>\n<meta property=\"og:url\" content=\"https:\/\/wernerdeck.de\/blog\/2024\/09\/24\/spontane-radtour-bei-regen-wolken-und-ganz-wenig-sonne-erlebnis-von-vielfalt-der-landschaften-und-wetterlaunen\/\" \/>\n<meta property=\"og:site_name\" content=\"Privater Blog von Werner Deck\" \/>\n<meta property=\"article:publisher\" content=\"https:\/\/www.facebook.com\/werner.deck\/\" \/>\n<meta property=\"article:author\" content=\"https:\/\/www.facebook.com\/werner.deck\/\" \/>\n<meta property=\"article:published_time\" content=\"2024-09-24T20:45:42+00:00\" \/>\n<meta property=\"article:modified_time\" content=\"2024-09-26T14:18:13+00:00\" \/>\n<meta property=\"og:image\" content=\"https:\/\/wernerdeck.de\/blog\/wp-content\/uploads\/2024\/09\/Radtour-mit-Peter-am-Altrhein.jpg\" \/>\n\t<meta property=\"og:image:width\" content=\"1200\" \/>\n\t<meta property=\"og:image:height\" content=\"300\" \/>\n\t<meta property=\"og:image:type\" content=\"image\/jpeg\" \/>\n<meta name=\"author\" content=\"Werner Deck\" \/>\n<meta name=\"twitter:card\" content=\"summary_large_image\" \/>\n<meta name=\"twitter:label1\" content=\"Verfasst von\" \/>\n\t<meta name=\"twitter:data1\" content=\"Werner Deck\" \/>\n\t<meta name=\"twitter:label2\" content=\"Gesch\u00e4tzte Lesezeit\" \/>\n\t<meta name=\"twitter:data2\" content=\"4\u00a0Minuten\" \/>\n<script type=\"application\/ld+json\" class=\"yoast-schema-graph\">{\"@context\":\"https:\\\/\\\/schema.org\",\"@graph\":[{\"@type\":\"Article\",\"@id\":\"https:\\\/\\\/wernerdeck.de\\\/blog\\\/2024\\\/09\\\/24\\\/spontane-radtour-bei-regen-wolken-und-ganz-wenig-sonne-erlebnis-von-vielfalt-der-landschaften-und-wetterlaunen\\\/#article\",\"isPartOf\":{\"@id\":\"https:\\\/\\\/wernerdeck.de\\\/blog\\\/2024\\\/09\\\/24\\\/spontane-radtour-bei-regen-wolken-und-ganz-wenig-sonne-erlebnis-von-vielfalt-der-landschaften-und-wetterlaunen\\\/\"},\"author\":{\"name\":\"Werner Deck\",\"@id\":\"https:\\\/\\\/wernerdeck.de\\\/blog\\\/#\\\/schema\\\/person\\\/7af62de1f11b0a09297eeb81281e523c\"},\"headline\":\"Spontane Radtour bei Regen, Wolken und ganz wenig Sonne: Erlebnis von Vielfalt der Landschaften und Wetterlaunen\",\"datePublished\":\"2024-09-24T20:45:42+00:00\",\"dateModified\":\"2024-09-26T14:18:13+00:00\",\"mainEntityOfPage\":{\"@id\":\"https:\\\/\\\/wernerdeck.de\\\/blog\\\/2024\\\/09\\\/24\\\/spontane-radtour-bei-regen-wolken-und-ganz-wenig-sonne-erlebnis-von-vielfalt-der-landschaften-und-wetterlaunen\\\/\"},\"wordCount\":558,\"commentCount\":0,\"publisher\":{\"@id\":\"https:\\\/\\\/wernerdeck.de\\\/blog\\\/#\\\/schema\\\/person\\\/7af62de1f11b0a09297eeb81281e523c\"},\"image\":{\"@id\":\"https:\\\/\\\/wernerdeck.de\\\/blog\\\/2024\\\/09\\\/24\\\/spontane-radtour-bei-regen-wolken-und-ganz-wenig-sonne-erlebnis-von-vielfalt-der-landschaften-und-wetterlaunen\\\/#primaryimage\"},\"thumbnailUrl\":\"https:\\\/\\\/wernerdeck.de\\\/blog\\\/wp-content\\\/uploads\\\/2024\\\/09\\\/Radtour-mit-Peter-am-Altrhein.jpg\",\"keywords\":[\"Radtour mit Peter\"],\"articleSection\":[\"Radtouren\"],\"inLanguage\":\"de\",\"potentialAction\":[{\"@type\":\"CommentAction\",\"name\":\"Comment\",\"target\":[\"https:\\\/\\\/wernerdeck.de\\\/blog\\\/2024\\\/09\\\/24\\\/spontane-radtour-bei-regen-wolken-und-ganz-wenig-sonne-erlebnis-von-vielfalt-der-landschaften-und-wetterlaunen\\\/#respond\"]}]},{\"@type\":\"WebPage\",\"@id\":\"https:\\\/\\\/wernerdeck.de\\\/blog\\\/2024\\\/09\\\/24\\\/spontane-radtour-bei-regen-wolken-und-ganz-wenig-sonne-erlebnis-von-vielfalt-der-landschaften-und-wetterlaunen\\\/\",\"url\":\"https:\\\/\\\/wernerdeck.de\\\/blog\\\/2024\\\/09\\\/24\\\/spontane-radtour-bei-regen-wolken-und-ganz-wenig-sonne-erlebnis-von-vielfalt-der-landschaften-und-wetterlaunen\\\/\",\"name\":\"Spontane Radtour bei Regen, Wolken und ganz wenig Sonne: Erlebnis von Vielfalt der Landschaften und Wetterlaunen - Privater Blog von Werner Deck\",\"isPartOf\":{\"@id\":\"https:\\\/\\\/wernerdeck.de\\\/blog\\\/#website\"},\"primaryImageOfPage\":{\"@id\":\"https:\\\/\\\/wernerdeck.de\\\/blog\\\/2024\\\/09\\\/24\\\/spontane-radtour-bei-regen-wolken-und-ganz-wenig-sonne-erlebnis-von-vielfalt-der-landschaften-und-wetterlaunen\\\/#primaryimage\"},\"image\":{\"@id\":\"https:\\\/\\\/wernerdeck.de\\\/blog\\\/2024\\\/09\\\/24\\\/spontane-radtour-bei-regen-wolken-und-ganz-wenig-sonne-erlebnis-von-vielfalt-der-landschaften-und-wetterlaunen\\\/#primaryimage\"},\"thumbnailUrl\":\"https:\\\/\\\/wernerdeck.de\\\/blog\\\/wp-content\\\/uploads\\\/2024\\\/09\\\/Radtour-mit-Peter-am-Altrhein.jpg\",\"datePublished\":\"2024-09-24T20:45:42+00:00\",\"dateModified\":\"2024-09-26T14:18:13+00:00\",\"description\":\"Urspr\u00fcnglich wir eine 3-Tages-Tour mit einem Besuch Klosters Lorsch geplant. Aber der Wetterbericht sagte durchg\u00e4ngig Regen voraus. Umgeplant\",\"breadcrumb\":{\"@id\":\"https:\\\/\\\/wernerdeck.de\\\/blog\\\/2024\\\/09\\\/24\\\/spontane-radtour-bei-regen-wolken-und-ganz-wenig-sonne-erlebnis-von-vielfalt-der-landschaften-und-wetterlaunen\\\/#breadcrumb\"},\"inLanguage\":\"de\",\"potentialAction\":[{\"@type\":\"ReadAction\",\"target\":[\"https:\\\/\\\/wernerdeck.de\\\/blog\\\/2024\\\/09\\\/24\\\/spontane-radtour-bei-regen-wolken-und-ganz-wenig-sonne-erlebnis-von-vielfalt-der-landschaften-und-wetterlaunen\\\/\"]}]},{\"@type\":\"ImageObject\",\"inLanguage\":\"de\",\"@id\":\"https:\\\/\\\/wernerdeck.de\\\/blog\\\/2024\\\/09\\\/24\\\/spontane-radtour-bei-regen-wolken-und-ganz-wenig-sonne-erlebnis-von-vielfalt-der-landschaften-und-wetterlaunen\\\/#primaryimage\",\"url\":\"https:\\\/\\\/wernerdeck.de\\\/blog\\\/wp-content\\\/uploads\\\/2024\\\/09\\\/Radtour-mit-Peter-am-Altrhein.jpg\",\"contentUrl\":\"https:\\\/\\\/wernerdeck.de\\\/blog\\\/wp-content\\\/uploads\\\/2024\\\/09\\\/Radtour-mit-Peter-am-Altrhein.jpg\",\"width\":1200,\"height\":300,\"caption\":\"Radtour mit Peter am Altrhein\"},{\"@type\":\"BreadcrumbList\",\"@id\":\"https:\\\/\\\/wernerdeck.de\\\/blog\\\/2024\\\/09\\\/24\\\/spontane-radtour-bei-regen-wolken-und-ganz-wenig-sonne-erlebnis-von-vielfalt-der-landschaften-und-wetterlaunen\\\/#breadcrumb\",\"itemListElement\":[{\"@type\":\"ListItem\",\"position\":1,\"name\":\"Startseite\",\"item\":\"https:\\\/\\\/wernerdeck.de\\\/blog\\\/\"},{\"@type\":\"ListItem\",\"position\":2,\"name\":\"Spontane Radtour bei Regen, Wolken und ganz wenig Sonne: Erlebnis von Vielfalt der Landschaften und Wetterlaunen\"}]},{\"@type\":\"WebSite\",\"@id\":\"https:\\\/\\\/wernerdeck.de\\\/blog\\\/#website\",\"url\":\"https:\\\/\\\/wernerdeck.de\\\/blog\\\/\",\"name\":\"Blog von Werner Deck\",\"description\":\"\",\"publisher\":{\"@id\":\"https:\\\/\\\/wernerdeck.de\\\/blog\\\/#\\\/schema\\\/person\\\/7af62de1f11b0a09297eeb81281e523c\"},\"potentialAction\":[{\"@type\":\"SearchAction\",\"target\":{\"@type\":\"EntryPoint\",\"urlTemplate\":\"https:\\\/\\\/wernerdeck.de\\\/blog\\\/?s={search_term_string}\"},\"query-input\":{\"@type\":\"PropertyValueSpecification\",\"valueRequired\":true,\"valueName\":\"search_term_string\"}}],\"inLanguage\":\"de\"},{\"@type\":[\"Person\",\"Organization\"],\"@id\":\"https:\\\/\\\/wernerdeck.de\\\/blog\\\/#\\\/schema\\\/person\\\/7af62de1f11b0a09297eeb81281e523c\",\"name\":\"Werner Deck\",\"image\":{\"@type\":\"ImageObject\",\"inLanguage\":\"de\",\"@id\":\"https:\\\/\\\/wernerdeck.de\\\/blog\\\/wp-content\\\/uploads\\\/2022\\\/05\\\/Werner-Deck-995x1024.jpg\",\"url\":\"https:\\\/\\\/wernerdeck.de\\\/blog\\\/wp-content\\\/uploads\\\/2022\\\/05\\\/Werner-Deck-995x1024.jpg\",\"contentUrl\":\"https:\\\/\\\/wernerdeck.de\\\/blog\\\/wp-content\\\/uploads\\\/2022\\\/05\\\/Werner-Deck-995x1024.jpg\",\"width\":995,\"height\":1024,\"caption\":\"Werner Deck\"},\"logo\":{\"@id\":\"https:\\\/\\\/wernerdeck.de\\\/blog\\\/wp-content\\\/uploads\\\/2022\\\/05\\\/Werner-Deck-995x1024.jpg\"},\"sameAs\":[\"https:\\\/\\\/wernerdeck.de\\\/blog\",\"https:\\\/\\\/www.facebook.com\\\/werner.deck\\\/\",\"https:\\\/\\\/www.instagram.com\\\/opti_maler_deck\\\/\",\"https:\\\/\\\/www.youtube.com\\\/c\\\/WernerDeck\"],\"url\":\"https:\\\/\\\/wernerdeck.de\\\/blog\\\/author\\\/wernerdeck-de\\\/\"}]}<\/script>\n<!-- \/ Yoast SEO plugin. -->","yoast_head_json":{"title":"Spontane Radtour bei Regen, Wolken und ganz wenig Sonne: Erlebnis von Vielfalt der Landschaften und Wetterlaunen - Privater Blog von Werner Deck","description":"Urspr\u00fcnglich wir eine 3-Tages-Tour mit einem Besuch Klosters Lorsch geplant. Aber der Wetterbericht sagte durchg\u00e4ngig Regen voraus. Umgeplant","robots":{"index":"index","follow":"follow","max-snippet":"max-snippet:-1","max-image-preview":"max-image-preview:large","max-video-preview":"max-video-preview:-1"},"canonical":"https:\/\/wernerdeck.de\/blog\/2024\/09\/24\/spontane-radtour-bei-regen-wolken-und-ganz-wenig-sonne-erlebnis-von-vielfalt-der-landschaften-und-wetterlaunen\/","og_locale":"de_DE","og_type":"article","og_title":"Spontane Radtour bei Regen, Wolken und ganz wenig Sonne: Erlebnis von Vielfalt der Landschaften und Wetterlaunen - Privater Blog von Werner Deck","og_description":"Urspr\u00fcnglich wir eine 3-Tages-Tour mit einem Besuch Klosters Lorsch geplant. Aber der Wetterbericht sagte durchg\u00e4ngig Regen voraus. Umgeplant","og_url":"https:\/\/wernerdeck.de\/blog\/2024\/09\/24\/spontane-radtour-bei-regen-wolken-und-ganz-wenig-sonne-erlebnis-von-vielfalt-der-landschaften-und-wetterlaunen\/","og_site_name":"Privater Blog von Werner Deck","article_publisher":"https:\/\/www.facebook.com\/werner.deck\/","article_author":"https:\/\/www.facebook.com\/werner.deck\/","article_published_time":"2024-09-24T20:45:42+00:00","article_modified_time":"2024-09-26T14:18:13+00:00","og_image":[{"width":1200,"height":300,"url":"https:\/\/wernerdeck.de\/blog\/wp-content\/uploads\/2024\/09\/Radtour-mit-Peter-am-Altrhein.jpg","type":"image\/jpeg"}],"author":"Werner Deck","twitter_card":"summary_large_image","twitter_misc":{"Verfasst von":"Werner Deck","Gesch\u00e4tzte Lesezeit":"4\u00a0Minuten"},"schema":{"@context":"https:\/\/schema.org","@graph":[{"@type":"Article","@id":"https:\/\/wernerdeck.de\/blog\/2024\/09\/24\/spontane-radtour-bei-regen-wolken-und-ganz-wenig-sonne-erlebnis-von-vielfalt-der-landschaften-und-wetterlaunen\/#article","isPartOf":{"@id":"https:\/\/wernerdeck.de\/blog\/2024\/09\/24\/spontane-radtour-bei-regen-wolken-und-ganz-wenig-sonne-erlebnis-von-vielfalt-der-landschaften-und-wetterlaunen\/"},"author":{"name":"Werner Deck","@id":"https:\/\/wernerdeck.de\/blog\/#\/schema\/person\/7af62de1f11b0a09297eeb81281e523c"},"headline":"Spontane Radtour bei Regen, Wolken und ganz wenig Sonne: Erlebnis von Vielfalt der Landschaften und Wetterlaunen","datePublished":"2024-09-24T20:45:42+00:00","dateModified":"2024-09-26T14:18:13+00:00","mainEntityOfPage":{"@id":"https:\/\/wernerdeck.de\/blog\/2024\/09\/24\/spontane-radtour-bei-regen-wolken-und-ganz-wenig-sonne-erlebnis-von-vielfalt-der-landschaften-und-wetterlaunen\/"},"wordCount":558,"commentCount":0,"publisher":{"@id":"https:\/\/wernerdeck.de\/blog\/#\/schema\/person\/7af62de1f11b0a09297eeb81281e523c"},"image":{"@id":"https:\/\/wernerdeck.de\/blog\/2024\/09\/24\/spontane-radtour-bei-regen-wolken-und-ganz-wenig-sonne-erlebnis-von-vielfalt-der-landschaften-und-wetterlaunen\/#primaryimage"},"thumbnailUrl":"https:\/\/wernerdeck.de\/blog\/wp-content\/uploads\/2024\/09\/Radtour-mit-Peter-am-Altrhein.jpg","keywords":["Radtour mit Peter"],"articleSection":["Radtouren"],"inLanguage":"de","potentialAction":[{"@type":"CommentAction","name":"Comment","target":["https:\/\/wernerdeck.de\/blog\/2024\/09\/24\/spontane-radtour-bei-regen-wolken-und-ganz-wenig-sonne-erlebnis-von-vielfalt-der-landschaften-und-wetterlaunen\/#respond"]}]},{"@type":"WebPage","@id":"https:\/\/wernerdeck.de\/blog\/2024\/09\/24\/spontane-radtour-bei-regen-wolken-und-ganz-wenig-sonne-erlebnis-von-vielfalt-der-landschaften-und-wetterlaunen\/","url":"https:\/\/wernerdeck.de\/blog\/2024\/09\/24\/spontane-radtour-bei-regen-wolken-und-ganz-wenig-sonne-erlebnis-von-vielfalt-der-landschaften-und-wetterlaunen\/","name":"Spontane Radtour bei Regen, Wolken und ganz wenig Sonne: Erlebnis von Vielfalt der Landschaften und Wetterlaunen - Privater Blog von Werner Deck","isPartOf":{"@id":"https:\/\/wernerdeck.de\/blog\/#website"},"primaryImageOfPage":{"@id":"https:\/\/wernerdeck.de\/blog\/2024\/09\/24\/spontane-radtour-bei-regen-wolken-und-ganz-wenig-sonne-erlebnis-von-vielfalt-der-landschaften-und-wetterlaunen\/#primaryimage"},"image":{"@id":"https:\/\/wernerdeck.de\/blog\/2024\/09\/24\/spontane-radtour-bei-regen-wolken-und-ganz-wenig-sonne-erlebnis-von-vielfalt-der-landschaften-und-wetterlaunen\/#primaryimage"},"thumbnailUrl":"https:\/\/wernerdeck.de\/blog\/wp-content\/uploads\/2024\/09\/Radtour-mit-Peter-am-Altrhein.jpg","datePublished":"2024-09-24T20:45:42+00:00","dateModified":"2024-09-26T14:18:13+00:00","description":"Urspr\u00fcnglich wir eine 3-Tages-Tour mit einem Besuch Klosters Lorsch geplant. Aber der Wetterbericht sagte durchg\u00e4ngig Regen voraus. Umgeplant","breadcrumb":{"@id":"https:\/\/wernerdeck.de\/blog\/2024\/09\/24\/spontane-radtour-bei-regen-wolken-und-ganz-wenig-sonne-erlebnis-von-vielfalt-der-landschaften-und-wetterlaunen\/#breadcrumb"},"inLanguage":"de","potentialAction":[{"@type":"ReadAction","target":["https:\/\/wernerdeck.de\/blog\/2024\/09\/24\/spontane-radtour-bei-regen-wolken-und-ganz-wenig-sonne-erlebnis-von-vielfalt-der-landschaften-und-wetterlaunen\/"]}]},{"@type":"ImageObject","inLanguage":"de","@id":"https:\/\/wernerdeck.de\/blog\/2024\/09\/24\/spontane-radtour-bei-regen-wolken-und-ganz-wenig-sonne-erlebnis-von-vielfalt-der-landschaften-und-wetterlaunen\/#primaryimage","url":"https:\/\/wernerdeck.de\/blog\/wp-content\/uploads\/2024\/09\/Radtour-mit-Peter-am-Altrhein.jpg","contentUrl":"https:\/\/wernerdeck.de\/blog\/wp-content\/uploads\/2024\/09\/Radtour-mit-Peter-am-Altrhein.jpg","width":1200,"height":300,"caption":"Radtour mit Peter am Altrhein"},{"@type":"BreadcrumbList","@id":"https:\/\/wernerdeck.de\/blog\/2024\/09\/24\/spontane-radtour-bei-regen-wolken-und-ganz-wenig-sonne-erlebnis-von-vielfalt-der-landschaften-und-wetterlaunen\/#breadcrumb","itemListElement":[{"@type":"ListItem","position":1,"name":"Startseite","item":"https:\/\/wernerdeck.de\/blog\/"},{"@type":"ListItem","position":2,"name":"Spontane Radtour bei Regen, Wolken und ganz wenig Sonne: Erlebnis von Vielfalt der Landschaften und Wetterlaunen"}]},{"@type":"WebSite","@id":"https:\/\/wernerdeck.de\/blog\/#website","url":"https:\/\/wernerdeck.de\/blog\/","name":"Blog von Werner Deck","description":"","publisher":{"@id":"https:\/\/wernerdeck.de\/blog\/#\/schema\/person\/7af62de1f11b0a09297eeb81281e523c"},"potentialAction":[{"@type":"SearchAction","target":{"@type":"EntryPoint","urlTemplate":"https:\/\/wernerdeck.de\/blog\/?s={search_term_string}"},"query-input":{"@type":"PropertyValueSpecification","valueRequired":true,"valueName":"search_term_string"}}],"inLanguage":"de"},{"@type":["Person","Organization"],"@id":"https:\/\/wernerdeck.de\/blog\/#\/schema\/person\/7af62de1f11b0a09297eeb81281e523c","name":"Werner Deck","image":{"@type":"ImageObject","inLanguage":"de","@id":"https:\/\/wernerdeck.de\/blog\/wp-content\/uploads\/2022\/05\/Werner-Deck-995x1024.jpg","url":"https:\/\/wernerdeck.de\/blog\/wp-content\/uploads\/2022\/05\/Werner-Deck-995x1024.jpg","contentUrl":"https:\/\/wernerdeck.de\/blog\/wp-content\/uploads\/2022\/05\/Werner-Deck-995x1024.jpg","width":995,"height":1024,"caption":"Werner Deck"},"logo":{"@id":"https:\/\/wernerdeck.de\/blog\/wp-content\/uploads\/2022\/05\/Werner-Deck-995x1024.jpg"},"sameAs":["https:\/\/wernerdeck.de\/blog","https:\/\/www.facebook.com\/werner.deck\/","https:\/\/www.instagram.com\/opti_maler_deck\/","https:\/\/www.youtube.com\/c\/WernerDeck"],"url":"https:\/\/wernerdeck.de\/blog\/author\/wernerdeck-de\/"}]}},"_links":{"self":[{"href":"https:\/\/wernerdeck.de\/blog\/wp-json\/wp\/v2\/posts\/21262","targetHints":{"allow":["GET"]}}],"collection":[{"href":"https:\/\/wernerdeck.de\/blog\/wp-json\/wp\/v2\/posts"}],"about":[{"href":"https:\/\/wernerdeck.de\/blog\/wp-json\/wp\/v2\/types\/post"}],"author":[{"embeddable":true,"href":"https:\/\/wernerdeck.de\/blog\/wp-json\/wp\/v2\/users\/1"}],"replies":[{"embeddable":true,"href":"https:\/\/wernerdeck.de\/blog\/wp-json\/wp\/v2\/comments?post=21262"}],"version-history":[{"count":0,"href":"https:\/\/wernerdeck.de\/blog\/wp-json\/wp\/v2\/posts\/21262\/revisions"}],"wp:featuredmedia":[{"embeddable":true,"href":"https:\/\/wernerdeck.de\/blog\/wp-json\/wp\/v2\/media\/21307"}],"wp:attachment":[{"href":"https:\/\/wernerdeck.de\/blog\/wp-json\/wp\/v2\/media?parent=21262"}],"wp:term":[{"taxonomy":"category","embeddable":true,"href":"https:\/\/wernerdeck.de\/blog\/wp-json\/wp\/v2\/categories?post=21262"},{"taxonomy":"post_tag","embeddable":true,"href":"https:\/\/wernerdeck.de\/blog\/wp-json\/wp\/v2\/tags?post=21262"}],"curies":[{"name":"wp","href":"https:\/\/api.w.org\/{rel}","templated":true}]}}