{"id":2078,"date":"2022-10-22T18:09:23","date_gmt":"2022-10-22T16:09:23","guid":{"rendered":"https:\/\/wernerdeck.de\/blog\/?p=2078"},"modified":"2022-10-30T08:45:49","modified_gmt":"2022-10-30T07:45:49","slug":"meinen-allerersten-preis-aus-1980-hatte-ich-doch-glatt-vergessen-beim-stoebern-ueberraschend-wiederentdeckt","status":"publish","type":"post","link":"https:\/\/wernerdeck.de\/blog\/2022\/10\/22\/meinen-allerersten-preis-aus-1980-hatte-ich-doch-glatt-vergessen-beim-stoebern-ueberraschend-wiederentdeckt\/","title":{"rendered":"Meinen allerersten Preis aus 1980 hatte ich doch glatt vergessen. Beim St\u00f6bern \u00fcberraschend wiederentdeckt"},"content":{"rendered":"<p>malerdeck gewann 1980 den vom Magazin \u201eFarbe | Gestaltung\u201c ausgelobten Wettbewerb f\u00fcr das am besten gestaltete Firmenfahrzeug. Das hatte ich doch tats\u00e4chlich komplett vergessen.<\/p>\n<p>Als ich vor einigen Tagen im Keller etwas suchte, fiel mir in einem alten Ordner diese Kopie aus dem seinerzeitigen Magazin \u201eFarbe | Gestaltung\u201c in die H\u00e4nde.<\/p>\n<p>Meine damaligen strategischen \u00dcberlegungen waren der Grundstein f\u00fcr alle sp\u00e4teren Erfolge. Es begann mit der Corporate Identity, von der die Fahrzeuge nat\u00fcrlich nur ein Teilbereich waren.<\/p>\n<h2 style=\"text-align: center;\">Meinen allerersten Preis aus 1980 hatte ich doch glatt vergessen.<\/h2>\n<p><img loading=\"lazy\" decoding=\"async\" class=\"aligncenter size-full wp-image-2087\" src=\"https:\/\/wernerdeck.de\/blog\/wp-content\/uploads\/2022\/10\/Werner-Deck-malerdeck-Sieger-im-KFZ-Gestaltungswettbewerb-scaled.jpg\" alt=\"Werner Deck malerdeck Sieger im KFZ-Gestaltungswettbewerb\" width=\"1687\" height=\"2560\" srcset=\"https:\/\/wernerdeck.de\/blog\/wp-content\/uploads\/2022\/10\/Werner-Deck-malerdeck-Sieger-im-KFZ-Gestaltungswettbewerb-scaled.jpg 1687w, https:\/\/wernerdeck.de\/blog\/wp-content\/uploads\/2022\/10\/Werner-Deck-malerdeck-Sieger-im-KFZ-Gestaltungswettbewerb-198x300.jpg 198w, https:\/\/wernerdeck.de\/blog\/wp-content\/uploads\/2022\/10\/Werner-Deck-malerdeck-Sieger-im-KFZ-Gestaltungswettbewerb-675x1024.jpg 675w, https:\/\/wernerdeck.de\/blog\/wp-content\/uploads\/2022\/10\/Werner-Deck-malerdeck-Sieger-im-KFZ-Gestaltungswettbewerb-768x1166.jpg 768w, https:\/\/wernerdeck.de\/blog\/wp-content\/uploads\/2022\/10\/Werner-Deck-malerdeck-Sieger-im-KFZ-Gestaltungswettbewerb-1012x1536.jpg 1012w, https:\/\/wernerdeck.de\/blog\/wp-content\/uploads\/2022\/10\/Werner-Deck-malerdeck-Sieger-im-KFZ-Gestaltungswettbewerb-1349x2048.jpg 1349w\" sizes=\"auto, (max-width: 1687px) 100vw, 1687px\" \/><\/p>\n<p><strong>Die Begr\u00fcndung der Jury:<\/strong><\/p>\n<blockquote><p><span style=\"font-weight: 400;\">Das am besten gestaltete Firmen-Fahrzeug suchten wir in \u201cFarbe + Gestaltung\u201d Nr. 5. Die Auswertung und Beurteilung der eingesandten Fahrzeug-Fotos gestaltete sich im wahrsten Sinne des Wortes als schwierig. Zum einen, weil Gestaltung prinzipiell eine Geschmacksfrage und Ansichtssache darstellt, und zum anderen, weil je nach Fahrzeug-Typ und -Gr\u00f6\u00dfe zwar gute Einzel-L\u00f6sungen vorlagen, die letztlich doch schwer vergleichbar waren.<\/span><\/p>\n<p><span style=\"font-weight: 400;\">Wenn sich nun die Jury (VFG-Geschaftsf\u00fchrer Dr. Peter Breidenbach, Werbeberater Rainer Linnig BDW und Grafik-Designer Rolf Kohl) f\u00fcr die L\u00f6sung des Malerbetriebes A. + F. Deck aus Karlsruhe 21 entschieden hat, so deshalb, weil das malerdeck -Konzept beispielhaft nicht nur auf die unterschiedlichsten Fahrzeuggr\u00f6\u00dfen, sondern zum Beispiel auch auf den Werkstatt-Bauwagen \u00fcbertragbar war. Herzlichen Gl\u00fcckwunsch also dem Gewinner und \u201cHerzlichen Dank\u201d an alle, die mitgemacht haben!<\/span><\/p><\/blockquote>\n<p><strong>Dabei fiel der Jury noch etwas ganz Besonderes auf:<\/strong><\/p>\n<blockquote><p><span style=\"font-weight: 400;\"><strong>Dazu noch eine kleine ,,Rand-Bemerkung&#8220;:<\/strong><br \/>\nSozusagen als Nebeneffekt machte die Jury <\/span><span style=\"font-weight: 400;\">eine interessante Feststellung. Auch (oder erst recht) ein Malerbetrieb braucht ein markantes Firmen-Erscheinungsbild, deshalb hat es erstaunt, da\u00df die Gestaltung der Gesch\u00e4ftspapiere, Begleitschreiben, die den jeweiligen eingesandten Fotos beigelegt waren, <strong>nur in einem einzigen Fall<\/strong> sowohl im Schriftzug, Charakter als auch in der Farbgestaltung mit der Fahrzeug-Beschriftung voll \u00fcbereinstimmte. Nur Zufall, mangelnde Konsequenz im allgemeinen?<\/span><\/p><\/blockquote>\n<p>Sie ahnen es schon. Dieser einzige Fall, bei dem alles voll \u00fcbereinstimmte, war malerdeck. Zufall? Nat\u00fcrlich nicht, sondern \u00e4u\u00dferste Konsequenz bei Corporate Identity bis ins letzte Detail, siehe weiter unten.<\/p>\n<figure id=\"attachment_2102\" aria-describedby=\"caption-attachment-2102\" style=\"width: 2490px\" class=\"wp-caption aligncenter\"><img loading=\"lazy\" decoding=\"async\" class=\"wp-image-2102 size-full\" src=\"https:\/\/wernerdeck.de\/blog\/wp-content\/uploads\/2022\/10\/Kastenwagen-malerdeck-und-Werner-Deck.jpg\" alt=\"Kastenwagen malerdeck und Werner Deck\" width=\"2500\" height=\"2277\" srcset=\"https:\/\/wernerdeck.de\/blog\/wp-content\/uploads\/2022\/10\/Kastenwagen-malerdeck-und-Werner-Deck.jpg 2500w, https:\/\/wernerdeck.de\/blog\/wp-content\/uploads\/2022\/10\/Kastenwagen-malerdeck-und-Werner-Deck-300x273.jpg 300w, https:\/\/wernerdeck.de\/blog\/wp-content\/uploads\/2022\/10\/Kastenwagen-malerdeck-und-Werner-Deck-1024x933.jpg 1024w, https:\/\/wernerdeck.de\/blog\/wp-content\/uploads\/2022\/10\/Kastenwagen-malerdeck-und-Werner-Deck-768x699.jpg 768w, https:\/\/wernerdeck.de\/blog\/wp-content\/uploads\/2022\/10\/Kastenwagen-malerdeck-und-Werner-Deck-1536x1399.jpg 1536w, https:\/\/wernerdeck.de\/blog\/wp-content\/uploads\/2022\/10\/Kastenwagen-malerdeck-und-Werner-Deck-2048x1865.jpg 2048w\" sizes=\"auto, (max-width: 2500px) 100vw, 2500px\" \/><figcaption id=\"caption-attachment-2102\" class=\"wp-caption-text\">Am besten gestaltete Firmenfahrzeuge<\/figcaption><\/figure>\n<figure id=\"attachment_2122\" aria-describedby=\"caption-attachment-2122\" style=\"width: 1614px\" class=\"wp-caption aligncenter\"><img loading=\"lazy\" decoding=\"async\" class=\"wp-image-2122 size-full\" src=\"https:\/\/wernerdeck.de\/blog\/wp-content\/uploads\/2022\/10\/Fahrzeuge-und-Mitarbeiter-malerdeck-und-Werner-Deck.jpg\" alt=\"Fahrzeuge und Mitarbeiter malerdeck und Werner Deck\" width=\"1624\" height=\"1543\" srcset=\"https:\/\/wernerdeck.de\/blog\/wp-content\/uploads\/2022\/10\/Fahrzeuge-und-Mitarbeiter-malerdeck-und-Werner-Deck.jpg 1624w, https:\/\/wernerdeck.de\/blog\/wp-content\/uploads\/2022\/10\/Fahrzeuge-und-Mitarbeiter-malerdeck-und-Werner-Deck-300x285.jpg 300w, https:\/\/wernerdeck.de\/blog\/wp-content\/uploads\/2022\/10\/Fahrzeuge-und-Mitarbeiter-malerdeck-und-Werner-Deck-1024x973.jpg 1024w, https:\/\/wernerdeck.de\/blog\/wp-content\/uploads\/2022\/10\/Fahrzeuge-und-Mitarbeiter-malerdeck-und-Werner-Deck-768x730.jpg 768w, https:\/\/wernerdeck.de\/blog\/wp-content\/uploads\/2022\/10\/Fahrzeuge-und-Mitarbeiter-malerdeck-und-Werner-Deck-1536x1459.jpg 1536w\" sizes=\"auto, (max-width: 1624px) 100vw, 1624px\" \/><figcaption id=\"caption-attachment-2122\" class=\"wp-caption-text\">Nicht nur die Fahrzeuge, auch die Mitarbeiter in Corporate Identity<\/figcaption><\/figure>\n<figure id=\"attachment_2123\" aria-describedby=\"caption-attachment-2123\" style=\"width: 2490px\" class=\"wp-caption aligncenter\"><img loading=\"lazy\" decoding=\"async\" class=\"size-full wp-image-2123\" src=\"https:\/\/wernerdeck.de\/blog\/wp-content\/uploads\/2022\/10\/Werner-Deck-Bautuer-und-Geruestplane-malerdeck.jpg\" alt=\"Werner Deck Baut\u00fcr und Ger\u00fcstplane malerdeck\" width=\"2500\" height=\"1247\" srcset=\"https:\/\/wernerdeck.de\/blog\/wp-content\/uploads\/2022\/10\/Werner-Deck-Bautuer-und-Geruestplane-malerdeck.jpg 2500w, https:\/\/wernerdeck.de\/blog\/wp-content\/uploads\/2022\/10\/Werner-Deck-Bautuer-und-Geruestplane-malerdeck-300x150.jpg 300w, https:\/\/wernerdeck.de\/blog\/wp-content\/uploads\/2022\/10\/Werner-Deck-Bautuer-und-Geruestplane-malerdeck-1024x511.jpg 1024w, https:\/\/wernerdeck.de\/blog\/wp-content\/uploads\/2022\/10\/Werner-Deck-Bautuer-und-Geruestplane-malerdeck-768x383.jpg 768w, https:\/\/wernerdeck.de\/blog\/wp-content\/uploads\/2022\/10\/Werner-Deck-Bautuer-und-Geruestplane-malerdeck-1536x766.jpg 1536w, https:\/\/wernerdeck.de\/blog\/wp-content\/uploads\/2022\/10\/Werner-Deck-Bautuer-und-Geruestplane-malerdeck-2048x1022.jpg 2048w\" sizes=\"auto, (max-width: 2500px) 100vw, 2500px\" \/><figcaption id=\"caption-attachment-2123\" class=\"wp-caption-text\">Ger\u00fcstplane und Baut\u00fcr<\/figcaption><\/figure>\n<figure id=\"attachment_2124\" aria-describedby=\"caption-attachment-2124\" style=\"width: 1807px\" class=\"wp-caption aligncenter\"><img loading=\"lazy\" decoding=\"async\" class=\"size-full wp-image-2124\" src=\"https:\/\/wernerdeck.de\/blog\/wp-content\/uploads\/2022\/10\/Briefbogen-malerdeck-Werner-Deck-scaled.jpg\" alt=\"Briefbogen malerdeck Werner Deck\" width=\"1817\" height=\"2560\" srcset=\"https:\/\/wernerdeck.de\/blog\/wp-content\/uploads\/2022\/10\/Briefbogen-malerdeck-Werner-Deck-scaled.jpg 1817w, https:\/\/wernerdeck.de\/blog\/wp-content\/uploads\/2022\/10\/Briefbogen-malerdeck-Werner-Deck-213x300.jpg 213w, https:\/\/wernerdeck.de\/blog\/wp-content\/uploads\/2022\/10\/Briefbogen-malerdeck-Werner-Deck-727x1024.jpg 727w, https:\/\/wernerdeck.de\/blog\/wp-content\/uploads\/2022\/10\/Briefbogen-malerdeck-Werner-Deck-768x1082.jpg 768w, https:\/\/wernerdeck.de\/blog\/wp-content\/uploads\/2022\/10\/Briefbogen-malerdeck-Werner-Deck-1090x1536.jpg 1090w, https:\/\/wernerdeck.de\/blog\/wp-content\/uploads\/2022\/10\/Briefbogen-malerdeck-Werner-Deck-1454x2048.jpg 1454w\" sizes=\"auto, (max-width: 1817px) 100vw, 1817px\" \/><figcaption id=\"caption-attachment-2124\" class=\"wp-caption-text\">Briefbogen<\/figcaption><\/figure>\n<figure id=\"attachment_2125\" aria-describedby=\"caption-attachment-2125\" style=\"width: 2550px\" class=\"wp-caption aligncenter\"><img loading=\"lazy\" decoding=\"async\" class=\"size-full wp-image-2125\" src=\"https:\/\/wernerdeck.de\/blog\/wp-content\/uploads\/2022\/10\/Briefkuvert-malerdeck-werner-Deck-scaled.jpg\" alt=\"Briefkuvert malerdeck werner Deck\" width=\"2560\" height=\"1289\" srcset=\"https:\/\/wernerdeck.de\/blog\/wp-content\/uploads\/2022\/10\/Briefkuvert-malerdeck-werner-Deck-scaled.jpg 2560w, https:\/\/wernerdeck.de\/blog\/wp-content\/uploads\/2022\/10\/Briefkuvert-malerdeck-werner-Deck-300x151.jpg 300w, https:\/\/wernerdeck.de\/blog\/wp-content\/uploads\/2022\/10\/Briefkuvert-malerdeck-werner-Deck-1024x516.jpg 1024w, https:\/\/wernerdeck.de\/blog\/wp-content\/uploads\/2022\/10\/Briefkuvert-malerdeck-werner-Deck-768x387.jpg 768w, https:\/\/wernerdeck.de\/blog\/wp-content\/uploads\/2022\/10\/Briefkuvert-malerdeck-werner-Deck-1536x773.jpg 1536w, https:\/\/wernerdeck.de\/blog\/wp-content\/uploads\/2022\/10\/Briefkuvert-malerdeck-werner-Deck-2048x1031.jpg 2048w\" sizes=\"auto, (max-width: 2560px) 100vw, 2560px\" \/><figcaption id=\"caption-attachment-2125\" class=\"wp-caption-text\">Briefumschlag<\/figcaption><\/figure>\n<figure id=\"attachment_2126\" aria-describedby=\"caption-attachment-2126\" style=\"width: 1595px\" class=\"wp-caption aligncenter\"><img loading=\"lazy\" decoding=\"async\" class=\"size-full wp-image-2126\" src=\"https:\/\/wernerdeck.de\/blog\/wp-content\/uploads\/2022\/10\/Werbeanzeige-malerdeck-werner-Deck-Hat-Ihre-wohnung-noch-Toene.jpg\" alt=\"Werbeanzeige malerdeck werner Deck Hat Ihre wohnung noch T\u00f6ne\" width=\"1605\" height=\"1333\" srcset=\"https:\/\/wernerdeck.de\/blog\/wp-content\/uploads\/2022\/10\/Werbeanzeige-malerdeck-werner-Deck-Hat-Ihre-wohnung-noch-Toene.jpg 1605w, https:\/\/wernerdeck.de\/blog\/wp-content\/uploads\/2022\/10\/Werbeanzeige-malerdeck-werner-Deck-Hat-Ihre-wohnung-noch-Toene-300x249.jpg 300w, https:\/\/wernerdeck.de\/blog\/wp-content\/uploads\/2022\/10\/Werbeanzeige-malerdeck-werner-Deck-Hat-Ihre-wohnung-noch-Toene-1024x850.jpg 1024w, https:\/\/wernerdeck.de\/blog\/wp-content\/uploads\/2022\/10\/Werbeanzeige-malerdeck-werner-Deck-Hat-Ihre-wohnung-noch-Toene-768x638.jpg 768w, https:\/\/wernerdeck.de\/blog\/wp-content\/uploads\/2022\/10\/Werbeanzeige-malerdeck-werner-Deck-Hat-Ihre-wohnung-noch-Toene-1536x1276.jpg 1536w\" sizes=\"auto, (max-width: 1605px) 100vw, 1605px\" \/><figcaption id=\"caption-attachment-2126\" class=\"wp-caption-text\">Werbeanzeige<\/figcaption><\/figure>\n<p>Meine strategischen \u00dcberlegungen zur Unternehmensf\u00fchrung bescherten mir f\u00fcr meine Corporate Identity schlie\u00dflich <a href=\"https:\/\/www.werner-deck.de\/blog\/mein-30-jaehriges-jubilaeum-das-wirtschaftsmagazin-impulse-verleiht-den-deutschen-handwerkspreis-1987.html\" target=\"_blank\" rel=\"noopener\">1987 den Deutschen Handwerkspreis<\/a> des renommierten Wirtschaftsmagazins \u201eimpulse\u201c.<\/p>\n<p><img loading=\"lazy\" decoding=\"async\" class=\"aligncenter size-full wp-image-2099\" src=\"https:\/\/wernerdeck.de\/blog\/wp-content\/uploads\/2022\/10\/Deutscher-Handwerkspreis-impulse-Werner-Deck-malerdeck.jpg\" alt=\"Deutscher-Handwerkspreis-impulse-Werner Deck malerdeck\" width=\"531\" height=\"721\" srcset=\"https:\/\/wernerdeck.de\/blog\/wp-content\/uploads\/2022\/10\/Deutscher-Handwerkspreis-impulse-Werner-Deck-malerdeck.jpg 531w, https:\/\/wernerdeck.de\/blog\/wp-content\/uploads\/2022\/10\/Deutscher-Handwerkspreis-impulse-Werner-Deck-malerdeck-221x300.jpg 221w\" sizes=\"auto, (max-width: 531px) 100vw, 531px\" \/>In diesen Tagen feierte ich das 35-j\u00e4hrige Jubil\u00e4um der Preisverleihung und fand dazu noch <a href=\"https:\/\/wernerdeck.de\/blog\/2022\/10\/30\/35-jaehriges-jubilaeum-wirtschaftsmagazin-impulse-verleiht-deutschen-handwerkspreis-1987-an-werner-deck\/\" target=\"_blank\" rel=\"noopener\">das Video, das bei der Preisverleihung gedreht wurde<\/a>.<\/p>\n<p>Viele weitere <a href=\"https:\/\/www.werner-deck.de\/blog\/ueber-werner-deck.html\" target=\"_blank\" rel=\"noopener\">Preise und Auszeichnungen<\/a> sollten folgen. \ud83d\ude42<\/p>\n<p>Ab 1984 begann ich mein sehr erfolgreiches Unternehmenskonzept anderen Malerbetrieben zur \u00dcbernahme anzubieten. Daraus entwickelte sich schlie\u00dflich das erste und erfolgreichste Franchise-System im Malerhandwerk: \u201e<a href=\"https:\/\/www.werner-deck.de\/blog\/\" target=\"_blank\" rel=\"noopener\">Opti-Maler-Partner<\/a>\u201c.<\/p>\n<p style=\"text-align: left;\"><a href=\"https:\/\/www.werner-deck.de\/blog\/\" target=\"_blank\" rel=\"noopener\"><img loading=\"lazy\" decoding=\"async\" class=\"aligncenter size-full wp-image-2127\" src=\"https:\/\/wernerdeck.de\/blog\/wp-content\/uploads\/2022\/10\/Logo-opt.jpg\" alt=\"Logo Opti-Maler-Partner\" width=\"693\" height=\"439\" srcset=\"https:\/\/wernerdeck.de\/blog\/wp-content\/uploads\/2022\/10\/Logo-opt.jpg 693w, https:\/\/wernerdeck.de\/blog\/wp-content\/uploads\/2022\/10\/Logo-opt-300x190.jpg 300w\" sizes=\"auto, (max-width: 693px) 100vw, 693px\" \/><\/a><\/p>\n<p>&nbsp;<\/p>\n<p>&nbsp;<\/p>\n","protected":false},"excerpt":{"rendered":"<p>malerdeck gewann 1980 den vom Magazin \u201eFarbe | Gestaltung\u201c ausgelobten Wettbewerb f\u00fcr das am besten gestaltete Firmenfahrzeug. Das hatte ich doch tats\u00e4chlich komplett vergessen. Als ich vor einigen Tagen im Keller etwas suchte, fiel mir in einem alten Ordner diese Kopie aus dem seinerzeitigen Magazin \u201eFarbe | Gestaltung\u201c in die H\u00e4nde. Meine damaligen strategischen \u00dcberlegungen &#8230; <a title=\"Meinen allerersten Preis aus 1980 hatte ich doch glatt vergessen. Beim St\u00f6bern \u00fcberraschend wiederentdeckt\" class=\"read-more\" href=\"https:\/\/wernerdeck.de\/blog\/2022\/10\/22\/meinen-allerersten-preis-aus-1980-hatte-ich-doch-glatt-vergessen-beim-stoebern-ueberraschend-wiederentdeckt\/\" aria-label=\"Mehr Informationen \u00fcber Meinen allerersten Preis aus 1980 hatte ich doch glatt vergessen. Beim St\u00f6bern \u00fcberraschend wiederentdeckt\">Weiterlesen<\/a><\/p>\n","protected":false},"author":1,"featured_media":2080,"comment_status":"open","ping_status":"open","sticky":false,"template":"","format":"standard","meta":{"ngg_post_thumbnail":0,"footnotes":""},"categories":[183,38,37],"tags":[185,193,195,194],"class_list":["post-2078","post","type-post","status-publish","format-standard","has-post-thumbnail","hentry","category-malerdeck","category-marketing-und-werbung","category-unternehmensfuehrung","tag-malerdeck","tag-preis","tag-sieger","tag-wettbewerb"],"yoast_head":"<!-- This site is optimized with the Yoast SEO plugin v27.4 - https:\/\/yoast.com\/product\/yoast-seo-wordpress\/ -->\n<title>Meinen allerersten Preis aus 1980 hatte ich doch glatt vergessen. Beim St\u00f6bern \u00fcberraschend wiederentdeckt - Privater Blog von Werner Deck<\/title>\n<meta name=\"description\" content=\"malerdeck gewann 1980 den vom Magazin \u201eFarbe | Gestaltung\u201c ausgelobten Wettbewerb f\u00fcr das am besten gestaltete Firmenfahrzeug. Viele Auszeichnungen folgten.\" \/>\n<meta name=\"robots\" content=\"index, follow, max-snippet:-1, max-image-preview:large, max-video-preview:-1\" \/>\n<link rel=\"canonical\" href=\"https:\/\/wernerdeck.de\/blog\/2022\/10\/22\/meinen-allerersten-preis-aus-1980-hatte-ich-doch-glatt-vergessen-beim-stoebern-ueberraschend-wiederentdeckt\/\" \/>\n<meta property=\"og:locale\" content=\"de_DE\" \/>\n<meta property=\"og:type\" content=\"article\" \/>\n<meta property=\"og:title\" content=\"Meinen allerersten Preis aus 1980 hatte ich doch glatt vergessen. Beim St\u00f6bern \u00fcberraschend wiederentdeckt - Privater Blog von Werner Deck\" \/>\n<meta property=\"og:description\" content=\"malerdeck gewann 1980 den vom Magazin \u201eFarbe | Gestaltung\u201c ausgelobten Wettbewerb f\u00fcr das am besten gestaltete Firmenfahrzeug. Viele Auszeichnungen folgten.\" \/>\n<meta property=\"og:url\" content=\"https:\/\/wernerdeck.de\/blog\/2022\/10\/22\/meinen-allerersten-preis-aus-1980-hatte-ich-doch-glatt-vergessen-beim-stoebern-ueberraschend-wiederentdeckt\/\" \/>\n<meta property=\"og:site_name\" content=\"Privater Blog von Werner Deck\" \/>\n<meta property=\"article:publisher\" content=\"https:\/\/www.facebook.com\/werner.deck\/\" \/>\n<meta property=\"article:author\" content=\"https:\/\/www.facebook.com\/werner.deck\/\" \/>\n<meta property=\"article:published_time\" content=\"2022-10-22T16:09:23+00:00\" \/>\n<meta property=\"article:modified_time\" content=\"2022-10-30T07:45:49+00:00\" \/>\n<meta property=\"og:image\" content=\"https:\/\/wernerdeck.de\/blog\/wp-content\/uploads\/2022\/10\/Titel-Sieger-im-Wettberwerb-Werner-Deck.jpg\" \/>\n\t<meta property=\"og:image:width\" content=\"2494\" \/>\n\t<meta property=\"og:image:height\" content=\"1555\" \/>\n\t<meta property=\"og:image:type\" content=\"image\/jpeg\" \/>\n<meta name=\"author\" content=\"Werner Deck\" \/>\n<meta name=\"twitter:card\" content=\"summary_large_image\" \/>\n<meta name=\"twitter:label1\" content=\"Verfasst von\" \/>\n\t<meta name=\"twitter:data1\" content=\"Werner Deck\" \/>\n\t<meta name=\"twitter:label2\" content=\"Gesch\u00e4tzte Lesezeit\" \/>\n\t<meta name=\"twitter:data2\" content=\"5\u00a0Minuten\" \/>\n<script type=\"application\/ld+json\" class=\"yoast-schema-graph\">{\"@context\":\"https:\\\/\\\/schema.org\",\"@graph\":[{\"@type\":\"Article\",\"@id\":\"https:\\\/\\\/wernerdeck.de\\\/blog\\\/2022\\\/10\\\/22\\\/meinen-allerersten-preis-aus-1980-hatte-ich-doch-glatt-vergessen-beim-stoebern-ueberraschend-wiederentdeckt\\\/#article\",\"isPartOf\":{\"@id\":\"https:\\\/\\\/wernerdeck.de\\\/blog\\\/2022\\\/10\\\/22\\\/meinen-allerersten-preis-aus-1980-hatte-ich-doch-glatt-vergessen-beim-stoebern-ueberraschend-wiederentdeckt\\\/\"},\"author\":{\"name\":\"Werner Deck\",\"@id\":\"https:\\\/\\\/wernerdeck.de\\\/blog\\\/#\\\/schema\\\/person\\\/7af62de1f11b0a09297eeb81281e523c\"},\"headline\":\"Meinen allerersten Preis aus 1980 hatte ich doch glatt vergessen. Beim St\u00f6bern \u00fcberraschend wiederentdeckt\",\"datePublished\":\"2022-10-22T16:09:23+00:00\",\"dateModified\":\"2022-10-30T07:45:49+00:00\",\"mainEntityOfPage\":{\"@id\":\"https:\\\/\\\/wernerdeck.de\\\/blog\\\/2022\\\/10\\\/22\\\/meinen-allerersten-preis-aus-1980-hatte-ich-doch-glatt-vergessen-beim-stoebern-ueberraschend-wiederentdeckt\\\/\"},\"wordCount\":488,\"commentCount\":0,\"publisher\":{\"@id\":\"https:\\\/\\\/wernerdeck.de\\\/blog\\\/#\\\/schema\\\/person\\\/7af62de1f11b0a09297eeb81281e523c\"},\"image\":{\"@id\":\"https:\\\/\\\/wernerdeck.de\\\/blog\\\/2022\\\/10\\\/22\\\/meinen-allerersten-preis-aus-1980-hatte-ich-doch-glatt-vergessen-beim-stoebern-ueberraschend-wiederentdeckt\\\/#primaryimage\"},\"thumbnailUrl\":\"https:\\\/\\\/wernerdeck.de\\\/blog\\\/wp-content\\\/uploads\\\/2022\\\/10\\\/Titel-Sieger-im-Wettberwerb-Werner-Deck.jpg\",\"keywords\":[\"malerdeck\",\"Preis\",\"Sieger\",\"Wettbewerb\"],\"articleSection\":[\"malerdeck\",\"Marketing und Werbung\",\"Unternehmensf\u00fchrung\"],\"inLanguage\":\"de\",\"potentialAction\":[{\"@type\":\"CommentAction\",\"name\":\"Comment\",\"target\":[\"https:\\\/\\\/wernerdeck.de\\\/blog\\\/2022\\\/10\\\/22\\\/meinen-allerersten-preis-aus-1980-hatte-ich-doch-glatt-vergessen-beim-stoebern-ueberraschend-wiederentdeckt\\\/#respond\"]}]},{\"@type\":\"WebPage\",\"@id\":\"https:\\\/\\\/wernerdeck.de\\\/blog\\\/2022\\\/10\\\/22\\\/meinen-allerersten-preis-aus-1980-hatte-ich-doch-glatt-vergessen-beim-stoebern-ueberraschend-wiederentdeckt\\\/\",\"url\":\"https:\\\/\\\/wernerdeck.de\\\/blog\\\/2022\\\/10\\\/22\\\/meinen-allerersten-preis-aus-1980-hatte-ich-doch-glatt-vergessen-beim-stoebern-ueberraschend-wiederentdeckt\\\/\",\"name\":\"Meinen allerersten Preis aus 1980 hatte ich doch glatt vergessen. Beim St\u00f6bern \u00fcberraschend wiederentdeckt - Privater Blog von Werner Deck\",\"isPartOf\":{\"@id\":\"https:\\\/\\\/wernerdeck.de\\\/blog\\\/#website\"},\"primaryImageOfPage\":{\"@id\":\"https:\\\/\\\/wernerdeck.de\\\/blog\\\/2022\\\/10\\\/22\\\/meinen-allerersten-preis-aus-1980-hatte-ich-doch-glatt-vergessen-beim-stoebern-ueberraschend-wiederentdeckt\\\/#primaryimage\"},\"image\":{\"@id\":\"https:\\\/\\\/wernerdeck.de\\\/blog\\\/2022\\\/10\\\/22\\\/meinen-allerersten-preis-aus-1980-hatte-ich-doch-glatt-vergessen-beim-stoebern-ueberraschend-wiederentdeckt\\\/#primaryimage\"},\"thumbnailUrl\":\"https:\\\/\\\/wernerdeck.de\\\/blog\\\/wp-content\\\/uploads\\\/2022\\\/10\\\/Titel-Sieger-im-Wettberwerb-Werner-Deck.jpg\",\"datePublished\":\"2022-10-22T16:09:23+00:00\",\"dateModified\":\"2022-10-30T07:45:49+00:00\",\"description\":\"malerdeck gewann 1980 den vom Magazin \u201eFarbe | Gestaltung\u201c ausgelobten Wettbewerb f\u00fcr das am besten gestaltete Firmenfahrzeug. Viele Auszeichnungen folgten.\",\"breadcrumb\":{\"@id\":\"https:\\\/\\\/wernerdeck.de\\\/blog\\\/2022\\\/10\\\/22\\\/meinen-allerersten-preis-aus-1980-hatte-ich-doch-glatt-vergessen-beim-stoebern-ueberraschend-wiederentdeckt\\\/#breadcrumb\"},\"inLanguage\":\"de\",\"potentialAction\":[{\"@type\":\"ReadAction\",\"target\":[\"https:\\\/\\\/wernerdeck.de\\\/blog\\\/2022\\\/10\\\/22\\\/meinen-allerersten-preis-aus-1980-hatte-ich-doch-glatt-vergessen-beim-stoebern-ueberraschend-wiederentdeckt\\\/\"]}]},{\"@type\":\"ImageObject\",\"inLanguage\":\"de\",\"@id\":\"https:\\\/\\\/wernerdeck.de\\\/blog\\\/2022\\\/10\\\/22\\\/meinen-allerersten-preis-aus-1980-hatte-ich-doch-glatt-vergessen-beim-stoebern-ueberraschend-wiederentdeckt\\\/#primaryimage\",\"url\":\"https:\\\/\\\/wernerdeck.de\\\/blog\\\/wp-content\\\/uploads\\\/2022\\\/10\\\/Titel-Sieger-im-Wettberwerb-Werner-Deck.jpg\",\"contentUrl\":\"https:\\\/\\\/wernerdeck.de\\\/blog\\\/wp-content\\\/uploads\\\/2022\\\/10\\\/Titel-Sieger-im-Wettberwerb-Werner-Deck.jpg\",\"width\":2494,\"height\":1555,\"caption\":\"Titel Sieger im Wettbewerb Werner Deck\"},{\"@type\":\"BreadcrumbList\",\"@id\":\"https:\\\/\\\/wernerdeck.de\\\/blog\\\/2022\\\/10\\\/22\\\/meinen-allerersten-preis-aus-1980-hatte-ich-doch-glatt-vergessen-beim-stoebern-ueberraschend-wiederentdeckt\\\/#breadcrumb\",\"itemListElement\":[{\"@type\":\"ListItem\",\"position\":1,\"name\":\"Startseite\",\"item\":\"https:\\\/\\\/wernerdeck.de\\\/blog\\\/\"},{\"@type\":\"ListItem\",\"position\":2,\"name\":\"Meinen allerersten Preis aus 1980 hatte ich doch glatt vergessen. Beim St\u00f6bern \u00fcberraschend wiederentdeckt\"}]},{\"@type\":\"WebSite\",\"@id\":\"https:\\\/\\\/wernerdeck.de\\\/blog\\\/#website\",\"url\":\"https:\\\/\\\/wernerdeck.de\\\/blog\\\/\",\"name\":\"Blog von Werner Deck\",\"description\":\"\",\"publisher\":{\"@id\":\"https:\\\/\\\/wernerdeck.de\\\/blog\\\/#\\\/schema\\\/person\\\/7af62de1f11b0a09297eeb81281e523c\"},\"potentialAction\":[{\"@type\":\"SearchAction\",\"target\":{\"@type\":\"EntryPoint\",\"urlTemplate\":\"https:\\\/\\\/wernerdeck.de\\\/blog\\\/?s={search_term_string}\"},\"query-input\":{\"@type\":\"PropertyValueSpecification\",\"valueRequired\":true,\"valueName\":\"search_term_string\"}}],\"inLanguage\":\"de\"},{\"@type\":[\"Person\",\"Organization\"],\"@id\":\"https:\\\/\\\/wernerdeck.de\\\/blog\\\/#\\\/schema\\\/person\\\/7af62de1f11b0a09297eeb81281e523c\",\"name\":\"Werner Deck\",\"image\":{\"@type\":\"ImageObject\",\"inLanguage\":\"de\",\"@id\":\"https:\\\/\\\/wernerdeck.de\\\/blog\\\/wp-content\\\/uploads\\\/2022\\\/05\\\/Werner-Deck-995x1024.jpg\",\"url\":\"https:\\\/\\\/wernerdeck.de\\\/blog\\\/wp-content\\\/uploads\\\/2022\\\/05\\\/Werner-Deck-995x1024.jpg\",\"contentUrl\":\"https:\\\/\\\/wernerdeck.de\\\/blog\\\/wp-content\\\/uploads\\\/2022\\\/05\\\/Werner-Deck-995x1024.jpg\",\"width\":995,\"height\":1024,\"caption\":\"Werner Deck\"},\"logo\":{\"@id\":\"https:\\\/\\\/wernerdeck.de\\\/blog\\\/wp-content\\\/uploads\\\/2022\\\/05\\\/Werner-Deck-995x1024.jpg\"},\"sameAs\":[\"https:\\\/\\\/wernerdeck.de\\\/blog\",\"https:\\\/\\\/www.facebook.com\\\/werner.deck\\\/\",\"https:\\\/\\\/www.instagram.com\\\/opti_maler_deck\\\/\",\"https:\\\/\\\/www.youtube.com\\\/c\\\/WernerDeck\"],\"url\":\"https:\\\/\\\/wernerdeck.de\\\/blog\\\/author\\\/wernerdeck-de\\\/\"}]}<\/script>\n<!-- \/ Yoast SEO plugin. -->","yoast_head_json":{"title":"Meinen allerersten Preis aus 1980 hatte ich doch glatt vergessen. Beim St\u00f6bern \u00fcberraschend wiederentdeckt - Privater Blog von Werner Deck","description":"malerdeck gewann 1980 den vom Magazin \u201eFarbe | Gestaltung\u201c ausgelobten Wettbewerb f\u00fcr das am besten gestaltete Firmenfahrzeug. Viele Auszeichnungen folgten.","robots":{"index":"index","follow":"follow","max-snippet":"max-snippet:-1","max-image-preview":"max-image-preview:large","max-video-preview":"max-video-preview:-1"},"canonical":"https:\/\/wernerdeck.de\/blog\/2022\/10\/22\/meinen-allerersten-preis-aus-1980-hatte-ich-doch-glatt-vergessen-beim-stoebern-ueberraschend-wiederentdeckt\/","og_locale":"de_DE","og_type":"article","og_title":"Meinen allerersten Preis aus 1980 hatte ich doch glatt vergessen. Beim St\u00f6bern \u00fcberraschend wiederentdeckt - Privater Blog von Werner Deck","og_description":"malerdeck gewann 1980 den vom Magazin \u201eFarbe | Gestaltung\u201c ausgelobten Wettbewerb f\u00fcr das am besten gestaltete Firmenfahrzeug. Viele Auszeichnungen folgten.","og_url":"https:\/\/wernerdeck.de\/blog\/2022\/10\/22\/meinen-allerersten-preis-aus-1980-hatte-ich-doch-glatt-vergessen-beim-stoebern-ueberraschend-wiederentdeckt\/","og_site_name":"Privater Blog von Werner Deck","article_publisher":"https:\/\/www.facebook.com\/werner.deck\/","article_author":"https:\/\/www.facebook.com\/werner.deck\/","article_published_time":"2022-10-22T16:09:23+00:00","article_modified_time":"2022-10-30T07:45:49+00:00","og_image":[{"width":2494,"height":1555,"url":"https:\/\/wernerdeck.de\/blog\/wp-content\/uploads\/2022\/10\/Titel-Sieger-im-Wettberwerb-Werner-Deck.jpg","type":"image\/jpeg"}],"author":"Werner Deck","twitter_card":"summary_large_image","twitter_misc":{"Verfasst von":"Werner Deck","Gesch\u00e4tzte Lesezeit":"5\u00a0Minuten"},"schema":{"@context":"https:\/\/schema.org","@graph":[{"@type":"Article","@id":"https:\/\/wernerdeck.de\/blog\/2022\/10\/22\/meinen-allerersten-preis-aus-1980-hatte-ich-doch-glatt-vergessen-beim-stoebern-ueberraschend-wiederentdeckt\/#article","isPartOf":{"@id":"https:\/\/wernerdeck.de\/blog\/2022\/10\/22\/meinen-allerersten-preis-aus-1980-hatte-ich-doch-glatt-vergessen-beim-stoebern-ueberraschend-wiederentdeckt\/"},"author":{"name":"Werner Deck","@id":"https:\/\/wernerdeck.de\/blog\/#\/schema\/person\/7af62de1f11b0a09297eeb81281e523c"},"headline":"Meinen allerersten Preis aus 1980 hatte ich doch glatt vergessen. Beim St\u00f6bern \u00fcberraschend wiederentdeckt","datePublished":"2022-10-22T16:09:23+00:00","dateModified":"2022-10-30T07:45:49+00:00","mainEntityOfPage":{"@id":"https:\/\/wernerdeck.de\/blog\/2022\/10\/22\/meinen-allerersten-preis-aus-1980-hatte-ich-doch-glatt-vergessen-beim-stoebern-ueberraschend-wiederentdeckt\/"},"wordCount":488,"commentCount":0,"publisher":{"@id":"https:\/\/wernerdeck.de\/blog\/#\/schema\/person\/7af62de1f11b0a09297eeb81281e523c"},"image":{"@id":"https:\/\/wernerdeck.de\/blog\/2022\/10\/22\/meinen-allerersten-preis-aus-1980-hatte-ich-doch-glatt-vergessen-beim-stoebern-ueberraschend-wiederentdeckt\/#primaryimage"},"thumbnailUrl":"https:\/\/wernerdeck.de\/blog\/wp-content\/uploads\/2022\/10\/Titel-Sieger-im-Wettberwerb-Werner-Deck.jpg","keywords":["malerdeck","Preis","Sieger","Wettbewerb"],"articleSection":["malerdeck","Marketing und Werbung","Unternehmensf\u00fchrung"],"inLanguage":"de","potentialAction":[{"@type":"CommentAction","name":"Comment","target":["https:\/\/wernerdeck.de\/blog\/2022\/10\/22\/meinen-allerersten-preis-aus-1980-hatte-ich-doch-glatt-vergessen-beim-stoebern-ueberraschend-wiederentdeckt\/#respond"]}]},{"@type":"WebPage","@id":"https:\/\/wernerdeck.de\/blog\/2022\/10\/22\/meinen-allerersten-preis-aus-1980-hatte-ich-doch-glatt-vergessen-beim-stoebern-ueberraschend-wiederentdeckt\/","url":"https:\/\/wernerdeck.de\/blog\/2022\/10\/22\/meinen-allerersten-preis-aus-1980-hatte-ich-doch-glatt-vergessen-beim-stoebern-ueberraschend-wiederentdeckt\/","name":"Meinen allerersten Preis aus 1980 hatte ich doch glatt vergessen. Beim St\u00f6bern \u00fcberraschend wiederentdeckt - Privater Blog von Werner Deck","isPartOf":{"@id":"https:\/\/wernerdeck.de\/blog\/#website"},"primaryImageOfPage":{"@id":"https:\/\/wernerdeck.de\/blog\/2022\/10\/22\/meinen-allerersten-preis-aus-1980-hatte-ich-doch-glatt-vergessen-beim-stoebern-ueberraschend-wiederentdeckt\/#primaryimage"},"image":{"@id":"https:\/\/wernerdeck.de\/blog\/2022\/10\/22\/meinen-allerersten-preis-aus-1980-hatte-ich-doch-glatt-vergessen-beim-stoebern-ueberraschend-wiederentdeckt\/#primaryimage"},"thumbnailUrl":"https:\/\/wernerdeck.de\/blog\/wp-content\/uploads\/2022\/10\/Titel-Sieger-im-Wettberwerb-Werner-Deck.jpg","datePublished":"2022-10-22T16:09:23+00:00","dateModified":"2022-10-30T07:45:49+00:00","description":"malerdeck gewann 1980 den vom Magazin \u201eFarbe | Gestaltung\u201c ausgelobten Wettbewerb f\u00fcr das am besten gestaltete Firmenfahrzeug. Viele Auszeichnungen folgten.","breadcrumb":{"@id":"https:\/\/wernerdeck.de\/blog\/2022\/10\/22\/meinen-allerersten-preis-aus-1980-hatte-ich-doch-glatt-vergessen-beim-stoebern-ueberraschend-wiederentdeckt\/#breadcrumb"},"inLanguage":"de","potentialAction":[{"@type":"ReadAction","target":["https:\/\/wernerdeck.de\/blog\/2022\/10\/22\/meinen-allerersten-preis-aus-1980-hatte-ich-doch-glatt-vergessen-beim-stoebern-ueberraschend-wiederentdeckt\/"]}]},{"@type":"ImageObject","inLanguage":"de","@id":"https:\/\/wernerdeck.de\/blog\/2022\/10\/22\/meinen-allerersten-preis-aus-1980-hatte-ich-doch-glatt-vergessen-beim-stoebern-ueberraschend-wiederentdeckt\/#primaryimage","url":"https:\/\/wernerdeck.de\/blog\/wp-content\/uploads\/2022\/10\/Titel-Sieger-im-Wettberwerb-Werner-Deck.jpg","contentUrl":"https:\/\/wernerdeck.de\/blog\/wp-content\/uploads\/2022\/10\/Titel-Sieger-im-Wettberwerb-Werner-Deck.jpg","width":2494,"height":1555,"caption":"Titel Sieger im Wettbewerb Werner Deck"},{"@type":"BreadcrumbList","@id":"https:\/\/wernerdeck.de\/blog\/2022\/10\/22\/meinen-allerersten-preis-aus-1980-hatte-ich-doch-glatt-vergessen-beim-stoebern-ueberraschend-wiederentdeckt\/#breadcrumb","itemListElement":[{"@type":"ListItem","position":1,"name":"Startseite","item":"https:\/\/wernerdeck.de\/blog\/"},{"@type":"ListItem","position":2,"name":"Meinen allerersten Preis aus 1980 hatte ich doch glatt vergessen. Beim St\u00f6bern \u00fcberraschend wiederentdeckt"}]},{"@type":"WebSite","@id":"https:\/\/wernerdeck.de\/blog\/#website","url":"https:\/\/wernerdeck.de\/blog\/","name":"Blog von Werner Deck","description":"","publisher":{"@id":"https:\/\/wernerdeck.de\/blog\/#\/schema\/person\/7af62de1f11b0a09297eeb81281e523c"},"potentialAction":[{"@type":"SearchAction","target":{"@type":"EntryPoint","urlTemplate":"https:\/\/wernerdeck.de\/blog\/?s={search_term_string}"},"query-input":{"@type":"PropertyValueSpecification","valueRequired":true,"valueName":"search_term_string"}}],"inLanguage":"de"},{"@type":["Person","Organization"],"@id":"https:\/\/wernerdeck.de\/blog\/#\/schema\/person\/7af62de1f11b0a09297eeb81281e523c","name":"Werner Deck","image":{"@type":"ImageObject","inLanguage":"de","@id":"https:\/\/wernerdeck.de\/blog\/wp-content\/uploads\/2022\/05\/Werner-Deck-995x1024.jpg","url":"https:\/\/wernerdeck.de\/blog\/wp-content\/uploads\/2022\/05\/Werner-Deck-995x1024.jpg","contentUrl":"https:\/\/wernerdeck.de\/blog\/wp-content\/uploads\/2022\/05\/Werner-Deck-995x1024.jpg","width":995,"height":1024,"caption":"Werner Deck"},"logo":{"@id":"https:\/\/wernerdeck.de\/blog\/wp-content\/uploads\/2022\/05\/Werner-Deck-995x1024.jpg"},"sameAs":["https:\/\/wernerdeck.de\/blog","https:\/\/www.facebook.com\/werner.deck\/","https:\/\/www.instagram.com\/opti_maler_deck\/","https:\/\/www.youtube.com\/c\/WernerDeck"],"url":"https:\/\/wernerdeck.de\/blog\/author\/wernerdeck-de\/"}]}},"_links":{"self":[{"href":"https:\/\/wernerdeck.de\/blog\/wp-json\/wp\/v2\/posts\/2078","targetHints":{"allow":["GET"]}}],"collection":[{"href":"https:\/\/wernerdeck.de\/blog\/wp-json\/wp\/v2\/posts"}],"about":[{"href":"https:\/\/wernerdeck.de\/blog\/wp-json\/wp\/v2\/types\/post"}],"author":[{"embeddable":true,"href":"https:\/\/wernerdeck.de\/blog\/wp-json\/wp\/v2\/users\/1"}],"replies":[{"embeddable":true,"href":"https:\/\/wernerdeck.de\/blog\/wp-json\/wp\/v2\/comments?post=2078"}],"version-history":[{"count":0,"href":"https:\/\/wernerdeck.de\/blog\/wp-json\/wp\/v2\/posts\/2078\/revisions"}],"wp:featuredmedia":[{"embeddable":true,"href":"https:\/\/wernerdeck.de\/blog\/wp-json\/wp\/v2\/media\/2080"}],"wp:attachment":[{"href":"https:\/\/wernerdeck.de\/blog\/wp-json\/wp\/v2\/media?parent=2078"}],"wp:term":[{"taxonomy":"category","embeddable":true,"href":"https:\/\/wernerdeck.de\/blog\/wp-json\/wp\/v2\/categories?post=2078"},{"taxonomy":"post_tag","embeddable":true,"href":"https:\/\/wernerdeck.de\/blog\/wp-json\/wp\/v2\/tags?post=2078"}],"curies":[{"name":"wp","href":"https:\/\/api.w.org\/{rel}","templated":true}]}}