{"id":20715,"date":"2024-05-19T23:04:16","date_gmt":"2024-05-19T21:04:16","guid":{"rendered":"https:\/\/wernerdeck.de\/blog\/?p=20715"},"modified":"2024-09-29T06:32:34","modified_gmt":"2024-09-29T04:32:34","slug":"geburtstagsgeschenk-vom-abenteuer-deutsche-bahn-ins-pariser-abenteuer-ein-romantischer-tag-in-der-stadt-der-liebe","status":"publish","type":"post","link":"https:\/\/wernerdeck.de\/blog\/2024\/05\/19\/geburtstagsgeschenk-vom-abenteuer-deutsche-bahn-ins-pariser-abenteuer-ein-romantischer-tag-in-der-stadt-der-liebe\/","title":{"rendered":"Das Geburtstagsgeschenk. Vom Abenteuer Deutsche Bahn ins Pariser Abenteuer: Ein romantischer Tag in der Stadt der Liebe"},"content":{"rendered":"<div dir=\"auto\">\n<p>Das Geburtstagsgeschenk f\u00fcr meine liebe Liebe \u2764\ufe0f. <a href=\"https:\/\/wernerdeck.de\/blog\/2024\/04\/22\/auch-mit-2-x-35-jahren-kann-man-noch-ein-teenager-sein-%e2%9d%a4%ef%b8%8f-ein-runder-geburtstag-wie-kein-anderer\/\" target=\"_blank\" rel=\"noopener\">So war der Geburtstag im April in Los Christianos auf Teneriffa<\/a>.&nbsp;<\/p>\n<hr>\n<p><span class=\"html-span xexx8yu x4uap5 x18d9i69 xkhd6sd x1hl2dhg x16tdsg8 x1vvkbs x3nfvp2 x1j61x8r x1fcty0u xdj266r xat24cr xgzva0m xhhsvwb xxymvpz xlup9mm x1kky2od\"><img loading=\"lazy\" decoding=\"async\" class=\" wp-image-20721 alignleft\" src=\"https:\/\/wernerdeck.de\/blog\/wp-content\/uploads\/2024\/05\/Kurzfristiger-Personalausfall-im-TGV-nach-Paris.jpg\" alt=\"Kurzfristiger Personalausfall im TGV nach Paris\" width=\"234\" height=\"111\" srcset=\"https:\/\/wernerdeck.de\/blog\/wp-content\/uploads\/2024\/05\/Kurzfristiger-Personalausfall-im-TGV-nach-Paris.jpg 502w, https:\/\/wernerdeck.de\/blog\/wp-content\/uploads\/2024\/05\/Kurzfristiger-Personalausfall-im-TGV-nach-Paris-300x143.jpg 300w\" sizes=\"auto, (max-width: 234px) 100vw, 234px\" \/>Sonntag,19. Mai 2024, Einl\u00f6sung des Geburtstagsgeschenks. M<span style=\"font-weight: 400;\">it der lieben Liebe in die Stadt der Liebe\u2764\ufe0f. Der Start nach Paris verlief etwas holprig, dank der Deutschen Bahn. <\/span><span style=\"font-weight: 400;\">Man darf gespannt sein, was der Hinweis im DB-Navigator (Kurzfristiger Personalausfall) zu bedeuten hat. <\/span><span style=\"font-weight: 400;\"> Es betrifft hoffentlich nicht den Zugf\u00fchrer. \ud83e\udee2<\/span><\/span><\/p>\n<p><span class=\"html-span xexx8yu x4uap5 x18d9i69 xkhd6sd x1hl2dhg x16tdsg8 x1vvkbs x3nfvp2 x1j61x8r x1fcty0u xdj266r xat24cr xgzva0m xhhsvwb xxymvpz xlup9mm x1kky2od\"><img loading=\"lazy\" decoding=\"async\" class=\"xz74otr\" src=\"https:\/\/static.xx.fbcdn.net\/images\/emoji.php\/v9\/t8d\/1\/16\/1f621.png\" alt=\"\ud83d\ude21\" width=\"16\" height=\"16\"><\/span> Wie k\u00f6nnte es auch anders sein&#8230; Unser ICE Sprinter 9566 nach Paris hat eine halbe Stunde Versp\u00e4tung! Der DB-Navigator sagt: Zugbindung aufgehoben. Um 9:53 Uhr ging auf Gleis 4 ein TGV nach Paris. Also schnell von Gleis 2 auf Gleis 4 hin\u00fcberrennen. Vor dem Einstieg den deutschen Zugbegleiter gefragt, ob das ok ist, Antwort: \u201eJa, aber wir sind komplett voll!\u201c<\/p>\n<p>\n<div class=\"ngg-galleryoverview ngg-template-caption\" id=\"ngg-gallery-025b4809a1a9738e58b82ed0e50ee45c-20715\">\n\n\t\t\n\t<!-- Thumbnails -->\n\t\t\t\t\t\n\t<div id=\"ngg-image-10205\" class=\"ngg-gallery-thumbnail-box\" style=\"width:33%;\" >\n\t\t<div class=\"ngg-gallery-thumbnail\" >\n\t\t\t<a href=\"https:\/\/wernerdeck.de\/blog\/wp-content\/gallery\/bahnhof\/Planmaessige-Abfahrt-um-10-03-Uhr.jpg\"\n\t\t\t\ttitle=\"So war der (Fahr-) Plan\"\n\t\t\t\tclass=\"ngg-simplelightbox\" rel=\"025b4809a1a9738e58b82ed0e50ee45c\" data-image-id=\"10205\" data-src=\"https:\/\/wernerdeck.de\/blog\/wp-content\/gallery\/bahnhof\/Planmaessige-Abfahrt-um-10-03-Uhr.jpg\" data-thumbnail=\"https:\/\/wernerdeck.de\/blog\/wp-content\/gallery\/bahnhof\/thumbs\/thumbs_Planmaessige-Abfahrt-um-10-03-Uhr.jpg\" data-title=\"Planmaessige-Abfahrt-um-10-03-Uhr\" data-description=\"So war der (Fahr-) Plan\" >\n\t\t\t\t\t\t\t\t<img title=\"Planmaessige-Abfahrt-um-10-03-Uhr\" alt=\"Planmaessige-Abfahrt-um-10-03-Uhr\" src=\"https:\/\/wernerdeck.de\/blog\/wp-content\/gallery\/bahnhof\/thumbs\/thumbs_Planmaessige-Abfahrt-um-10-03-Uhr.jpg\" width='240' height='160' \/>\n\t\t\t\t\t\t\t<\/a>\n\t\t\t<span>\n\t\t\tSo war der (Fahr-) Plan\t\t\t<\/span>\n\t\t<\/div>\n\t<\/div>\n\t\t\t\t\t\t\t\t\n\t<div id=\"ngg-image-10207\" class=\"ngg-gallery-thumbnail-box\" style=\"width:33%;\" >\n\t\t<div class=\"ngg-gallery-thumbnail\" >\n\t\t\t<a href=\"https:\/\/wernerdeck.de\/blog\/wp-content\/gallery\/bahnhof\/Verspaetung-Abfahrt-erst-um-10-36-Uhr.jpg\"\n\t\t\t\ttitle=\"Versp\u00e4tung, 10:36 Uhr statt 10:03 Uhr\"\n\t\t\t\tclass=\"ngg-simplelightbox\" rel=\"025b4809a1a9738e58b82ed0e50ee45c\" data-image-id=\"10207\" data-src=\"https:\/\/wernerdeck.de\/blog\/wp-content\/gallery\/bahnhof\/Verspaetung-Abfahrt-erst-um-10-36-Uhr.jpg\" data-thumbnail=\"https:\/\/wernerdeck.de\/blog\/wp-content\/gallery\/bahnhof\/thumbs\/thumbs_Verspaetung-Abfahrt-erst-um-10-36-Uhr.jpg\" data-title=\"Verspaetung-Abfahrt-erst-um-10-36-Uhr\" data-description=\"Versp\u00e4tung, 10:36 Uhr statt 10:03 Uhr\" >\n\t\t\t\t\t\t\t\t<img title=\"Verspaetung-Abfahrt-erst-um-10-36-Uhr\" alt=\"Verspaetung-Abfahrt-erst-um-10-36-Uhr\" src=\"https:\/\/wernerdeck.de\/blog\/wp-content\/gallery\/bahnhof\/thumbs\/thumbs_Verspaetung-Abfahrt-erst-um-10-36-Uhr.jpg\" width='240' height='160' \/>\n\t\t\t\t\t\t\t<\/a>\n\t\t\t<span>\n\t\t\tVersp\u00e4tung, 10:36 Uhr statt 10:03 Uhr\t\t\t<\/span>\n\t\t<\/div>\n\t<\/div>\n\t\t\t\t\t\t\t\t\n\t<div id=\"ngg-image-10208\" class=\"ngg-gallery-thumbnail-box\" style=\"width:33%;\" >\n\t\t<div class=\"ngg-gallery-thumbnail\" >\n\t\t\t<a href=\"https:\/\/wernerdeck.de\/blog\/wp-content\/gallery\/bahnhof\/TGV-Abfahrt-um-9-53-Uhr.jpg\"\n\t\t\t\ttitle=\"TGV-Alternative um 9:53 Uhr\"\n\t\t\t\tclass=\"ngg-simplelightbox\" rel=\"025b4809a1a9738e58b82ed0e50ee45c\" data-image-id=\"10208\" data-src=\"https:\/\/wernerdeck.de\/blog\/wp-content\/gallery\/bahnhof\/TGV-Abfahrt-um-9-53-Uhr.jpg\" data-thumbnail=\"https:\/\/wernerdeck.de\/blog\/wp-content\/gallery\/bahnhof\/thumbs\/thumbs_TGV-Abfahrt-um-9-53-Uhr.jpg\" data-title=\"TGV-Abfahrt-um-9-53-Uhr\" data-description=\"TGV-Alternative um 9:53 Uhr\" >\n\t\t\t\t\t\t\t\t<img title=\"TGV-Abfahrt-um-9-53-Uhr\" alt=\"TGV-Abfahrt-um-9-53-Uhr\" src=\"https:\/\/wernerdeck.de\/blog\/wp-content\/gallery\/bahnhof\/thumbs\/thumbs_TGV-Abfahrt-um-9-53-Uhr.jpg\" width='240' height='160' \/>\n\t\t\t\t\t\t\t<\/a>\n\t\t\t<span>\n\t\t\tTGV-Alternative um 9:53 Uhr\t\t\t<\/span>\n\t\t<\/div>\n\t<\/div>\n\t\t\t\t\t\t\t<br style=\"clear: both\" \/>\n\t\t\t\n\t<!-- Pagination -->\n\t\t<div class='ngg-clear'><\/div>\t\n<\/div>\n\n\t<img loading=\"lazy\" decoding=\"async\" class=\" wp-image-20764 alignright\" src=\"https:\/\/wernerdeck.de\/blog\/wp-content\/uploads\/2024\/05\/Zugbegleiter.jpg\" alt=\"Zugbegleiter\" width=\"153\" height=\"209\" srcset=\"https:\/\/wernerdeck.de\/blog\/wp-content\/uploads\/2024\/05\/Zugbegleiter.jpg 300w, https:\/\/wernerdeck.de\/blog\/wp-content\/uploads\/2024\/05\/Zugbegleiter-219x300.jpg 219w\" sizes=\"auto, (max-width: 153px) 100vw, 153px\" \/>Auf der Suche nach einem Sitzplatz spricht uns der franz\u00f6sische Zugbegleiter an. Lt. ihm gilt die aufgehobene Zugbindung nicht f\u00fcr franz\u00f6sische, sondern nur f\u00fcr deutsche Z\u00fcge! Wir sollen ein neues Ticket l\u00f6sen. Anhaltende Diskussion <span class=\"html-span xexx8yu x4uap5 x18d9i69 xkhd6sd x1hl2dhg x16tdsg8 x1vvkbs x3nfvp2 x1j61x8r x1fcty0u xdj266r xat24cr xgzva0m xhhsvwb xxymvpz xlup9mm x1kky2od\"><img loading=\"lazy\" decoding=\"async\" class=\"xz74otr\" src=\"https:\/\/static.xx.fbcdn.net\/images\/emoji.php\/v9\/t8d\/1\/16\/1f621.png\" alt=\"\ud83d\ude21\" width=\"16\" height=\"16\"><\/span><span class=\"html-span xexx8yu x4uap5 x18d9i69 xkhd6sd x1hl2dhg x16tdsg8 x1vvkbs x3nfvp2 x1j61x8r x1fcty0u xdj266r xat24cr xgzva0m xhhsvwb xxymvpz xlup9mm x1kky2od\"><img loading=\"lazy\" decoding=\"async\" class=\"xz74otr\" src=\"https:\/\/static.xx.fbcdn.net\/images\/emoji.php\/v9\/t8d\/1\/16\/1f621.png\" alt=\"\ud83d\ude21\" width=\"16\" height=\"16\"><\/span><span class=\"html-span xexx8yu x4uap5 x18d9i69 xkhd6sd x1hl2dhg x16tdsg8 x1vvkbs x3nfvp2 x1j61x8r x1fcty0u xdj266r xat24cr xgzva0m xhhsvwb xxymvpz xlup9mm x1kky2od\"><img loading=\"lazy\" decoding=\"async\" class=\"xz74otr\" src=\"https:\/\/static.xx.fbcdn.net\/images\/emoji.php\/v9\/t8d\/1\/16\/1f621.png\" alt=\"\ud83d\ude21\" width=\"16\" height=\"16\"><\/span>!!<\/p>\n<p>Deutschen Zugbegleiter gesucht. Der hat dann seinem franz\u00f6sischen Kollegen lautstark erkl\u00e4ren m\u00fcssen, dass unsere Tickets auch in diesem Zug gelten.<\/p>\n<p>Viele Fahrg\u00e4ste stehen in den Fluren und\/oder sitzen auf den Gep\u00e4ckablagen. Nach ca. 25 Min. konnten wir, dank des Hinweises des deutschen Zugbegleiters, noch zwei Pl\u00e4tze in der 1. Klasse ergattern. Wobei ich auf einem Behindertenplatz sitze. <span class=\"html-span xexx8yu x4uap5 x18d9i69 xkhd6sd x1hl2dhg x16tdsg8 x1vvkbs x3nfvp2 x1j61x8r x1fcty0u xdj266r xat24cr xgzva0m xhhsvwb xxymvpz xlup9mm x1kky2od\"><img loading=\"lazy\" decoding=\"async\" class=\"xz74otr\" src=\"https:\/\/static.xx.fbcdn.net\/images\/emoji.php\/v9\/t80\/1\/16\/1f92a.png\" alt=\"\ud83e\udd2a\" width=\"16\" height=\"16\"><\/span><\/p>\n\n<div class=\"ngg-galleryoverview ngg-template-caption\" id=\"ngg-gallery-20290f3e3855582fa3451589a042b017-20715\">\n\n\t\t\n\t<!-- Thumbnails -->\n\t\t\t\t\t\n\t<div id=\"ngg-image-10212\" class=\"ngg-gallery-thumbnail-box\" style=\"width:33%;\" >\n\t\t<div class=\"ngg-gallery-thumbnail\" >\n\t\t\t<a href=\"https:\/\/wernerdeck.de\/blog\/wp-content\/gallery\/im-tgv\/1_Behindertenplatz-im-TGV.jpg\"\n\t\t\t\ttitle=\"Mein Behindertenplatz\"\n\t\t\t\tclass=\"ngg-simplelightbox\" rel=\"20290f3e3855582fa3451589a042b017\" data-image-id=\"10212\" data-src=\"https:\/\/wernerdeck.de\/blog\/wp-content\/gallery\/im-tgv\/1_Behindertenplatz-im-TGV.jpg\" data-thumbnail=\"https:\/\/wernerdeck.de\/blog\/wp-content\/gallery\/im-tgv\/thumbs\/thumbs_1_Behindertenplatz-im-TGV.jpg\" data-title=\"1_Behindertenplatz-im-TGV\" data-description=\"Mein Behindertenplatz\" >\n\t\t\t\t\t\t\t\t<img title=\"1_Behindertenplatz-im-TGV\" alt=\"1_Behindertenplatz-im-TGV\" src=\"https:\/\/wernerdeck.de\/blog\/wp-content\/gallery\/im-tgv\/thumbs\/thumbs_1_Behindertenplatz-im-TGV.jpg\" width='240' height='160' \/>\n\t\t\t\t\t\t\t<\/a>\n\t\t\t<span>\n\t\t\tMein Behindertenplatz\t\t\t<\/span>\n\t\t<\/div>\n\t<\/div>\n\t\t\t\t\t\t\t\t\n\t<div id=\"ngg-image-10213\" class=\"ngg-gallery-thumbnail-box\" style=\"width:33%;\" >\n\t\t<div class=\"ngg-gallery-thumbnail\" >\n\t\t\t<a href=\"https:\/\/wernerdeck.de\/blog\/wp-content\/gallery\/im-tgv\/1_Kleine-Verzoegerung-wegen-Polizeieinsatz-im-TGV.jpg\"\n\t\t\t\ttitle=\"Kleine Verz\u00f6gerung\"\n\t\t\t\tclass=\"ngg-simplelightbox\" rel=\"20290f3e3855582fa3451589a042b017\" data-image-id=\"10213\" data-src=\"https:\/\/wernerdeck.de\/blog\/wp-content\/gallery\/im-tgv\/1_Kleine-Verzoegerung-wegen-Polizeieinsatz-im-TGV.jpg\" data-thumbnail=\"https:\/\/wernerdeck.de\/blog\/wp-content\/gallery\/im-tgv\/thumbs\/thumbs_1_Kleine-Verzoegerung-wegen-Polizeieinsatz-im-TGV.jpg\" data-title=\"1_Kleine-Verzoegerung-wegen-Polizeieinsatz-im-TGV\" data-description=\"Kleine Verz\u00f6gerung\" >\n\t\t\t\t\t\t\t\t<img title=\"1_Kleine-Verzoegerung-wegen-Polizeieinsatz-im-TGV\" alt=\"1_Kleine-Verzoegerung-wegen-Polizeieinsatz-im-TGV\" src=\"https:\/\/wernerdeck.de\/blog\/wp-content\/gallery\/im-tgv\/thumbs\/thumbs_1_Kleine-Verzoegerung-wegen-Polizeieinsatz-im-TGV.jpg\" width='240' height='160' \/>\n\t\t\t\t\t\t\t<\/a>\n\t\t\t<span>\n\t\t\tKleine Verz\u00f6gerung\t\t\t<\/span>\n\t\t<\/div>\n\t<\/div>\n\t\t\t\t\t\t\t\t\n\t<div id=\"ngg-image-10214\" class=\"ngg-gallery-thumbnail-box\" style=\"width:33%;\" >\n\t\t<div class=\"ngg-gallery-thumbnail\" >\n\t\t\t<a href=\"https:\/\/wernerdeck.de\/blog\/wp-content\/gallery\/im-tgv\/1_Mit-Hochgeschwindigkeit-gen-Paris.jpg\"\n\t\t\t\ttitle=\"Mit Hochgeschwindigkeit gen Paris\"\n\t\t\t\tclass=\"ngg-simplelightbox\" rel=\"20290f3e3855582fa3451589a042b017\" data-image-id=\"10214\" data-src=\"https:\/\/wernerdeck.de\/blog\/wp-content\/gallery\/im-tgv\/1_Mit-Hochgeschwindigkeit-gen-Paris.jpg\" data-thumbnail=\"https:\/\/wernerdeck.de\/blog\/wp-content\/gallery\/im-tgv\/thumbs\/thumbs_1_Mit-Hochgeschwindigkeit-gen-Paris.jpg\" data-title=\"1_Mit-Hochgeschwindigkeit-gen-Paris\" data-description=\"Mit Hochgeschwindigkeit gen Paris\" >\n\t\t\t\t\t\t\t\t<img title=\"1_Mit-Hochgeschwindigkeit-gen-Paris\" alt=\"1_Mit-Hochgeschwindigkeit-gen-Paris\" src=\"https:\/\/wernerdeck.de\/blog\/wp-content\/gallery\/im-tgv\/thumbs\/thumbs_1_Mit-Hochgeschwindigkeit-gen-Paris.jpg\" width='240' height='160' \/>\n\t\t\t\t\t\t\t<\/a>\n\t\t\t<span>\n\t\t\tMit Hochgeschwindigkeit gen Paris\t\t\t<\/span>\n\t\t<\/div>\n\t<\/div>\n\t\t\t\t\t\t\t<br style=\"clear: both\" \/>\n\t\t\t\n\t<!-- Pagination -->\n\t\t<div class='ngg-clear'><\/div>\t\n<\/div>\n\n\t\n<h3 style=\"text-align: center;\">Geburtstagsgeschenk. Vom Abenteuer Deutsche Bahn ins<br \/>\nPariser Abenteuer: Ein romantischer Tag in der Stadt der Liebe<\/h3>\n<p><span style=\"font-weight: 400;\">Nach anf\u00e4nglichen Schwierigkeiten gut und sogar fr\u00fcher in Paris angekommen, als wenn wir mit dem urspr\u00fcnglichen Zug gefahren w\u00e4ren. Ankunft am <a href=\"https:\/\/www.sortiraparis.com\/de\/nachricht\/in-paris\/articles\/306639-gare-de-l-est-in-paris-wie-komme-ich-von-dort-aus-zu-anderen-bahnhofen-und-flughafen\" target=\"_blank\" rel=\"noopener\">Gare de l&#8217;Est<\/a>, einem der sechs gro\u00dfen Pariser Kopfbahnh\u00f6fe. Von dort fuhren wir mit dem Taxi zu unserem <a href=\"https:\/\/hotel-lordbyron.com\/fr\/\" target=\"_blank\" rel=\"noopener\">Hotel Lord Byron<\/a>. Unweit der <a href=\"https:\/\/parisjetaime.com\/ger\/artikel\/all-you-need-to-know-about-the-champs-elysees-a708\" target=\"_blank\" rel=\"noopener\">Champs \u00c9lys\u00e9es<\/a> und dem <a href=\"https:\/\/www.travelbook.de\/attraktionen\/geschichte-arc-de-triomphe-paris\" target=\"_blank\" rel=\"noopener\">Triumphbogen<\/a> gelegen.&nbsp;<\/span><\/p>\n<p>\n<div class=\"ngg-galleryoverview ngg-template-caption\" id=\"ngg-gallery-053c092f1a1a3cf82e0d7fc050c23daf-20715\">\n\n\t\t\n\t<!-- Thumbnails -->\n\t\t\t\t\t\n\t<div id=\"ngg-image-10216\" class=\"ngg-gallery-thumbnail-box\" style=\"width:25%;\" >\n\t\t<div class=\"ngg-gallery-thumbnail\" >\n\t\t\t<a href=\"https:\/\/wernerdeck.de\/blog\/wp-content\/gallery\/paris1\/Ankunft-mit-dem-TGV-in-Paris-am-Gare-de-lEst-und-mit-dem-Taxi-zum-Hotel-Lord-Byron-02.jpg\"\n\t\t\t\ttitle=\"Ankunft am Gare de l&#039;Est\"\n\t\t\t\tclass=\"ngg-simplelightbox\" rel=\"053c092f1a1a3cf82e0d7fc050c23daf\" data-image-id=\"10216\" data-src=\"https:\/\/wernerdeck.de\/blog\/wp-content\/gallery\/paris1\/Ankunft-mit-dem-TGV-in-Paris-am-Gare-de-lEst-und-mit-dem-Taxi-zum-Hotel-Lord-Byron-02.jpg\" data-thumbnail=\"https:\/\/wernerdeck.de\/blog\/wp-content\/gallery\/paris1\/thumbs\/thumbs_Ankunft-mit-dem-TGV-in-Paris-am-Gare-de-lEst-und-mit-dem-Taxi-zum-Hotel-Lord-Byron-02.jpg\" data-title=\"Ankunft-mit-dem-TGV-in-Paris-am-Gare-de-lEst-und-mit-dem-Taxi-zum-Hotel-Lord-Byron-02\" data-description=\"Ankunft am Gare de l&#039;Est\" >\n\t\t\t\t\t\t\t\t<img title=\"Ankunft-mit-dem-TGV-in-Paris-am-Gare-de-lEst-und-mit-dem-Taxi-zum-Hotel-Lord-Byron-02\" alt=\"Ankunft-mit-dem-TGV-in-Paris-am-Gare-de-lEst-und-mit-dem-Taxi-zum-Hotel-Lord-Byron-02\" src=\"https:\/\/wernerdeck.de\/blog\/wp-content\/gallery\/paris1\/thumbs\/thumbs_Ankunft-mit-dem-TGV-in-Paris-am-Gare-de-lEst-und-mit-dem-Taxi-zum-Hotel-Lord-Byron-02.jpg\" width='240' height='160' \/>\n\t\t\t\t\t\t\t<\/a>\n\t\t\t<span>\n\t\t\tAnkunft am Gare de l'Est\t\t\t<\/span>\n\t\t<\/div>\n\t<\/div>\n\t\t\t\t\t\t\t\t\n\t<div id=\"ngg-image-10219\" class=\"ngg-gallery-thumbnail-box\" style=\"width:25%;\" >\n\t\t<div class=\"ngg-gallery-thumbnail\" >\n\t\t\t<a href=\"https:\/\/wernerdeck.de\/blog\/wp-content\/gallery\/paris1\/Ankunft-mit-dem-TGV-in-Paris-am-Gare-de-lEst-und-mit-dem-Taxi-zum-Hotel-Lord-Byron-03.jpg\"\n\t\t\t\ttitle=\"Gare de l&#039;Est\"\n\t\t\t\tclass=\"ngg-simplelightbox\" rel=\"053c092f1a1a3cf82e0d7fc050c23daf\" data-image-id=\"10219\" data-src=\"https:\/\/wernerdeck.de\/blog\/wp-content\/gallery\/paris1\/Ankunft-mit-dem-TGV-in-Paris-am-Gare-de-lEst-und-mit-dem-Taxi-zum-Hotel-Lord-Byron-03.jpg\" data-thumbnail=\"https:\/\/wernerdeck.de\/blog\/wp-content\/gallery\/paris1\/thumbs\/thumbs_Ankunft-mit-dem-TGV-in-Paris-am-Gare-de-lEst-und-mit-dem-Taxi-zum-Hotel-Lord-Byron-03.jpg\" data-title=\"Ankunft-mit-dem-TGV-in-Paris-am-Gare-de-lEst-und-mit-dem-Taxi-zum-Hotel-Lord-Byron-03\" data-description=\"Gare de l&#039;Est\" >\n\t\t\t\t\t\t\t\t<img title=\"Ankunft-mit-dem-TGV-in-Paris-am-Gare-de-lEst-und-mit-dem-Taxi-zum-Hotel-Lord-Byron-03\" alt=\"Ankunft-mit-dem-TGV-in-Paris-am-Gare-de-lEst-und-mit-dem-Taxi-zum-Hotel-Lord-Byron-03\" src=\"https:\/\/wernerdeck.de\/blog\/wp-content\/gallery\/paris1\/thumbs\/thumbs_Ankunft-mit-dem-TGV-in-Paris-am-Gare-de-lEst-und-mit-dem-Taxi-zum-Hotel-Lord-Byron-03.jpg\" width='240' height='160' \/>\n\t\t\t\t\t\t\t<\/a>\n\t\t\t<span>\n\t\t\tGare de l'Est\t\t\t<\/span>\n\t\t<\/div>\n\t<\/div>\n\t\t\t\t\t\t\t\t\n\t<div id=\"ngg-image-10220\" class=\"ngg-gallery-thumbnail-box\" style=\"width:25%;\" >\n\t\t<div class=\"ngg-gallery-thumbnail\" >\n\t\t\t<a href=\"https:\/\/wernerdeck.de\/blog\/wp-content\/gallery\/paris1\/Ankunft-mit-dem-TGV-in-Paris-am-Gare-de-lEst-und-mit-dem-Taxi-zum-Hotel-Lord-Byron-04.jpg\"\n\t\t\t\ttitle=\"Gewusel am Gare de l&#039;Est\"\n\t\t\t\tclass=\"ngg-simplelightbox\" rel=\"053c092f1a1a3cf82e0d7fc050c23daf\" data-image-id=\"10220\" data-src=\"https:\/\/wernerdeck.de\/blog\/wp-content\/gallery\/paris1\/Ankunft-mit-dem-TGV-in-Paris-am-Gare-de-lEst-und-mit-dem-Taxi-zum-Hotel-Lord-Byron-04.jpg\" data-thumbnail=\"https:\/\/wernerdeck.de\/blog\/wp-content\/gallery\/paris1\/thumbs\/thumbs_Ankunft-mit-dem-TGV-in-Paris-am-Gare-de-lEst-und-mit-dem-Taxi-zum-Hotel-Lord-Byron-04.jpg\" data-title=\"Ankunft-mit-dem-TGV-in-Paris-am-Gare-de-lEst-und-mit-dem-Taxi-zum-Hotel-Lord-Byron-04\" data-description=\"Gewusel am Gare de l&#039;Est\" >\n\t\t\t\t\t\t\t\t<img title=\"Ankunft-mit-dem-TGV-in-Paris-am-Gare-de-lEst-und-mit-dem-Taxi-zum-Hotel-Lord-Byron-04\" alt=\"Ankunft-mit-dem-TGV-in-Paris-am-Gare-de-lEst-und-mit-dem-Taxi-zum-Hotel-Lord-Byron-04\" src=\"https:\/\/wernerdeck.de\/blog\/wp-content\/gallery\/paris1\/thumbs\/thumbs_Ankunft-mit-dem-TGV-in-Paris-am-Gare-de-lEst-und-mit-dem-Taxi-zum-Hotel-Lord-Byron-04.jpg\" width='240' height='160' \/>\n\t\t\t\t\t\t\t<\/a>\n\t\t\t<span>\n\t\t\tGewusel am Gare de l'Est\t\t\t<\/span>\n\t\t<\/div>\n\t<\/div>\n\t\t\t\t\t\t\t\t\n\t<div id=\"ngg-image-10215\" class=\"ngg-gallery-thumbnail-box\" style=\"width:25%;\" >\n\t\t<div class=\"ngg-gallery-thumbnail\" >\n\t\t\t<a href=\"https:\/\/wernerdeck.de\/blog\/wp-content\/gallery\/paris1\/Ankunft-mit-dem-TGV-in-Paris-am-Gare-de-lEst-und-mit-dem-Taxi-zum-Hotel-Lord-Byron-05.jpg\"\n\t\t\t\ttitle=\" \"\n\t\t\t\tclass=\"ngg-simplelightbox\" rel=\"053c092f1a1a3cf82e0d7fc050c23daf\" data-image-id=\"10215\" data-src=\"https:\/\/wernerdeck.de\/blog\/wp-content\/gallery\/paris1\/Ankunft-mit-dem-TGV-in-Paris-am-Gare-de-lEst-und-mit-dem-Taxi-zum-Hotel-Lord-Byron-05.jpg\" data-thumbnail=\"https:\/\/wernerdeck.de\/blog\/wp-content\/gallery\/paris1\/thumbs\/thumbs_Ankunft-mit-dem-TGV-in-Paris-am-Gare-de-lEst-und-mit-dem-Taxi-zum-Hotel-Lord-Byron-05.jpg\" data-title=\"Ankunft-mit-dem-TGV-in-Paris-am-Gare-de-lEst-und-mit-dem-Taxi-zum-Hotel-Lord-Byron-05\" data-description=\" \" >\n\t\t\t\t\t\t\t\t<img title=\"Ankunft-mit-dem-TGV-in-Paris-am-Gare-de-lEst-und-mit-dem-Taxi-zum-Hotel-Lord-Byron-05\" alt=\"Ankunft-mit-dem-TGV-in-Paris-am-Gare-de-lEst-und-mit-dem-Taxi-zum-Hotel-Lord-Byron-05\" src=\"https:\/\/wernerdeck.de\/blog\/wp-content\/gallery\/paris1\/thumbs\/thumbs_Ankunft-mit-dem-TGV-in-Paris-am-Gare-de-lEst-und-mit-dem-Taxi-zum-Hotel-Lord-Byron-05.jpg\" width='240' height='160' \/>\n\t\t\t\t\t\t\t<\/a>\n\t\t\t<span>\n\t\t\t \t\t\t<\/span>\n\t\t<\/div>\n\t<\/div>\n\t\t\t\t\t\t\t<br style=\"clear: both\" \/>\n\t\t\t\n\t<div id=\"ngg-image-10217\" class=\"ngg-gallery-thumbnail-box\" style=\"width:25%;\" >\n\t\t<div class=\"ngg-gallery-thumbnail\" >\n\t\t\t<a href=\"https:\/\/wernerdeck.de\/blog\/wp-content\/gallery\/paris1\/Ankunft-mit-dem-TGV-in-Paris-am-Gare-de-lEst-und-mit-dem-Taxi-zum-Hotel-Lord-Byron-06.jpg\"\n\t\t\t\ttitle=\" \"\n\t\t\t\tclass=\"ngg-simplelightbox\" rel=\"053c092f1a1a3cf82e0d7fc050c23daf\" data-image-id=\"10217\" data-src=\"https:\/\/wernerdeck.de\/blog\/wp-content\/gallery\/paris1\/Ankunft-mit-dem-TGV-in-Paris-am-Gare-de-lEst-und-mit-dem-Taxi-zum-Hotel-Lord-Byron-06.jpg\" data-thumbnail=\"https:\/\/wernerdeck.de\/blog\/wp-content\/gallery\/paris1\/thumbs\/thumbs_Ankunft-mit-dem-TGV-in-Paris-am-Gare-de-lEst-und-mit-dem-Taxi-zum-Hotel-Lord-Byron-06.jpg\" data-title=\"Ankunft-mit-dem-TGV-in-Paris-am-Gare-de-lEst-und-mit-dem-Taxi-zum-Hotel-Lord-Byron-06\" data-description=\" \" >\n\t\t\t\t\t\t\t\t<img title=\"Ankunft-mit-dem-TGV-in-Paris-am-Gare-de-lEst-und-mit-dem-Taxi-zum-Hotel-Lord-Byron-06\" alt=\"Ankunft-mit-dem-TGV-in-Paris-am-Gare-de-lEst-und-mit-dem-Taxi-zum-Hotel-Lord-Byron-06\" src=\"https:\/\/wernerdeck.de\/blog\/wp-content\/gallery\/paris1\/thumbs\/thumbs_Ankunft-mit-dem-TGV-in-Paris-am-Gare-de-lEst-und-mit-dem-Taxi-zum-Hotel-Lord-Byron-06.jpg\" width='240' height='160' \/>\n\t\t\t\t\t\t\t<\/a>\n\t\t\t<span>\n\t\t\t \t\t\t<\/span>\n\t\t<\/div>\n\t<\/div>\n\t\t\t\t\t\t\t\t\n\t<div id=\"ngg-image-10218\" class=\"ngg-gallery-thumbnail-box\" style=\"width:25%;\" >\n\t\t<div class=\"ngg-gallery-thumbnail\" >\n\t\t\t<a href=\"https:\/\/wernerdeck.de\/blog\/wp-content\/gallery\/paris1\/Ankunft-mit-dem-TGV-in-Paris-am-Gare-de-lEst-und-mit-dem-Taxi-zum-Hotel-Lord-Byron-07.jpg\"\n\t\t\t\ttitle=\"Im Taxi\"\n\t\t\t\tclass=\"ngg-simplelightbox\" rel=\"053c092f1a1a3cf82e0d7fc050c23daf\" data-image-id=\"10218\" data-src=\"https:\/\/wernerdeck.de\/blog\/wp-content\/gallery\/paris1\/Ankunft-mit-dem-TGV-in-Paris-am-Gare-de-lEst-und-mit-dem-Taxi-zum-Hotel-Lord-Byron-07.jpg\" data-thumbnail=\"https:\/\/wernerdeck.de\/blog\/wp-content\/gallery\/paris1\/thumbs\/thumbs_Ankunft-mit-dem-TGV-in-Paris-am-Gare-de-lEst-und-mit-dem-Taxi-zum-Hotel-Lord-Byron-07.jpg\" data-title=\"Ankunft-mit-dem-TGV-in-Paris-am-Gare-de-lEst-und-mit-dem-Taxi-zum-Hotel-Lord-Byron-07\" data-description=\"Im Taxi\" >\n\t\t\t\t\t\t\t\t<img title=\"Ankunft-mit-dem-TGV-in-Paris-am-Gare-de-lEst-und-mit-dem-Taxi-zum-Hotel-Lord-Byron-07\" alt=\"Ankunft-mit-dem-TGV-in-Paris-am-Gare-de-lEst-und-mit-dem-Taxi-zum-Hotel-Lord-Byron-07\" src=\"https:\/\/wernerdeck.de\/blog\/wp-content\/gallery\/paris1\/thumbs\/thumbs_Ankunft-mit-dem-TGV-in-Paris-am-Gare-de-lEst-und-mit-dem-Taxi-zum-Hotel-Lord-Byron-07.jpg\" width='240' height='160' \/>\n\t\t\t\t\t\t\t<\/a>\n\t\t\t<span>\n\t\t\tIm Taxi\t\t\t<\/span>\n\t\t<\/div>\n\t<\/div>\n\t\t\t\t\t\t\t\t\n\t<div id=\"ngg-image-10222\" class=\"ngg-gallery-thumbnail-box\" style=\"width:25%;\" >\n\t\t<div class=\"ngg-gallery-thumbnail\" >\n\t\t\t<a href=\"https:\/\/wernerdeck.de\/blog\/wp-content\/gallery\/paris1\/Ankunft-mit-dem-TGV-in-Paris-am-Gare-de-lEst-und-mit-dem-Taxi-zum-Hotel-Lord-Byron-07-1.jpg\"\n\t\t\t\ttitle=\"Fahrt zum Hotel\"\n\t\t\t\tclass=\"ngg-simplelightbox\" rel=\"053c092f1a1a3cf82e0d7fc050c23daf\" data-image-id=\"10222\" data-src=\"https:\/\/wernerdeck.de\/blog\/wp-content\/gallery\/paris1\/Ankunft-mit-dem-TGV-in-Paris-am-Gare-de-lEst-und-mit-dem-Taxi-zum-Hotel-Lord-Byron-07-1.jpg\" data-thumbnail=\"https:\/\/wernerdeck.de\/blog\/wp-content\/gallery\/paris1\/thumbs\/thumbs_Ankunft-mit-dem-TGV-in-Paris-am-Gare-de-lEst-und-mit-dem-Taxi-zum-Hotel-Lord-Byron-07-1.jpg\" data-title=\"Ankunft-mit-dem-TGV-in-Paris-am-Gare-de-lEst-und-mit-dem-Taxi-zum-Hotel-Lord-Byron-07-1\" data-description=\"Fahrt zum Hotel\" >\n\t\t\t\t\t\t\t\t<img title=\"Ankunft-mit-dem-TGV-in-Paris-am-Gare-de-lEst-und-mit-dem-Taxi-zum-Hotel-Lord-Byron-07-1\" alt=\"Ankunft-mit-dem-TGV-in-Paris-am-Gare-de-lEst-und-mit-dem-Taxi-zum-Hotel-Lord-Byron-07-1\" src=\"https:\/\/wernerdeck.de\/blog\/wp-content\/gallery\/paris1\/thumbs\/thumbs_Ankunft-mit-dem-TGV-in-Paris-am-Gare-de-lEst-und-mit-dem-Taxi-zum-Hotel-Lord-Byron-07-1.jpg\" width='240' height='160' \/>\n\t\t\t\t\t\t\t<\/a>\n\t\t\t<span>\n\t\t\tFahrt zum Hotel\t\t\t<\/span>\n\t\t<\/div>\n\t<\/div>\n\t\t\t\t\t\t\t\t\n\t<div id=\"ngg-image-10221\" class=\"ngg-gallery-thumbnail-box\" style=\"width:25%;\" >\n\t\t<div class=\"ngg-gallery-thumbnail\" >\n\t\t\t<a href=\"https:\/\/wernerdeck.de\/blog\/wp-content\/gallery\/paris1\/Ankunft-mit-dem-TGV-in-Paris-am-Gare-de-lEst-und-mit-dem-Taxi-zum-Hotel-Lord-Byron-08.jpg\"\n\t\t\t\ttitle=\"Gleich am Hotel\"\n\t\t\t\tclass=\"ngg-simplelightbox\" rel=\"053c092f1a1a3cf82e0d7fc050c23daf\" data-image-id=\"10221\" data-src=\"https:\/\/wernerdeck.de\/blog\/wp-content\/gallery\/paris1\/Ankunft-mit-dem-TGV-in-Paris-am-Gare-de-lEst-und-mit-dem-Taxi-zum-Hotel-Lord-Byron-08.jpg\" data-thumbnail=\"https:\/\/wernerdeck.de\/blog\/wp-content\/gallery\/paris1\/thumbs\/thumbs_Ankunft-mit-dem-TGV-in-Paris-am-Gare-de-lEst-und-mit-dem-Taxi-zum-Hotel-Lord-Byron-08.jpg\" data-title=\"Ankunft-mit-dem-TGV-in-Paris-am-Gare-de-lEst-und-mit-dem-Taxi-zum-Hotel-Lord-Byron-\" data-description=\"Gleich am Hotel\" >\n\t\t\t\t\t\t\t\t<img title=\"Ankunft-mit-dem-TGV-in-Paris-am-Gare-de-lEst-und-mit-dem-Taxi-zum-Hotel-Lord-Byron-\" alt=\"Ankunft-mit-dem-TGV-in-Paris-am-Gare-de-lEst-und-mit-dem-Taxi-zum-Hotel-Lord-Byron-\" src=\"https:\/\/wernerdeck.de\/blog\/wp-content\/gallery\/paris1\/thumbs\/thumbs_Ankunft-mit-dem-TGV-in-Paris-am-Gare-de-lEst-und-mit-dem-Taxi-zum-Hotel-Lord-Byron-08.jpg\" width='240' height='160' \/>\n\t\t\t\t\t\t\t<\/a>\n\t\t\t<span>\n\t\t\tGleich am Hotel\t\t\t<\/span>\n\t\t<\/div>\n\t<\/div>\n\t\t\t\t\t\t\t<br style=\"clear: both\" \/>\n\t\t\t\n\t<div id=\"ngg-image-10224\" class=\"ngg-gallery-thumbnail-box\" style=\"width:25%;\" >\n\t\t<div class=\"ngg-gallery-thumbnail\" >\n\t\t\t<a href=\"https:\/\/wernerdeck.de\/blog\/wp-content\/gallery\/paris1\/Ankunft-mit-dem-TGV-in-Paris-am-Gare-de-lEst-und-mit-dem-Taxi-zum-Hotel-Lord-Byron-09.jpg\"\n\t\t\t\ttitle=\"Ankunft am Hotel\"\n\t\t\t\tclass=\"ngg-simplelightbox\" rel=\"053c092f1a1a3cf82e0d7fc050c23daf\" data-image-id=\"10224\" data-src=\"https:\/\/wernerdeck.de\/blog\/wp-content\/gallery\/paris1\/Ankunft-mit-dem-TGV-in-Paris-am-Gare-de-lEst-und-mit-dem-Taxi-zum-Hotel-Lord-Byron-09.jpg\" data-thumbnail=\"https:\/\/wernerdeck.de\/blog\/wp-content\/gallery\/paris1\/thumbs\/thumbs_Ankunft-mit-dem-TGV-in-Paris-am-Gare-de-lEst-und-mit-dem-Taxi-zum-Hotel-Lord-Byron-09.jpg\" data-title=\"Ankunft-mit-dem-TGV-in-Paris-am-Gare-de-lEst-und-mit-dem-Taxi-zum-Hotel-Lord-Byron-09\" data-description=\"Ankunft am Hotel\" >\n\t\t\t\t\t\t\t\t<img title=\"Ankunft-mit-dem-TGV-in-Paris-am-Gare-de-lEst-und-mit-dem-Taxi-zum-Hotel-Lord-Byron-09\" alt=\"Ankunft-mit-dem-TGV-in-Paris-am-Gare-de-lEst-und-mit-dem-Taxi-zum-Hotel-Lord-Byron-09\" src=\"https:\/\/wernerdeck.de\/blog\/wp-content\/gallery\/paris1\/thumbs\/thumbs_Ankunft-mit-dem-TGV-in-Paris-am-Gare-de-lEst-und-mit-dem-Taxi-zum-Hotel-Lord-Byron-09.jpg\" width='240' height='160' \/>\n\t\t\t\t\t\t\t<\/a>\n\t\t\t<span>\n\t\t\tAnkunft am Hotel\t\t\t<\/span>\n\t\t<\/div>\n\t<\/div>\n\t\t\t\t\t\t\t\t\n\t<div id=\"ngg-image-10223\" class=\"ngg-gallery-thumbnail-box\" style=\"width:25%;\" >\n\t\t<div class=\"ngg-gallery-thumbnail\" >\n\t\t\t<a href=\"https:\/\/wernerdeck.de\/blog\/wp-content\/gallery\/paris1\/Ankunft-mit-dem-TGV-in-Paris-am-Gare-de-lEst-und-mit-dem-Taxi-zum-Hotel-Lord-Byron-08-1.jpg\"\n\t\t\t\ttitle=\"Hotel Lord Byron\"\n\t\t\t\tclass=\"ngg-simplelightbox\" rel=\"053c092f1a1a3cf82e0d7fc050c23daf\" data-image-id=\"10223\" data-src=\"https:\/\/wernerdeck.de\/blog\/wp-content\/gallery\/paris1\/Ankunft-mit-dem-TGV-in-Paris-am-Gare-de-lEst-und-mit-dem-Taxi-zum-Hotel-Lord-Byron-08-1.jpg\" data-thumbnail=\"https:\/\/wernerdeck.de\/blog\/wp-content\/gallery\/paris1\/thumbs\/thumbs_Ankunft-mit-dem-TGV-in-Paris-am-Gare-de-lEst-und-mit-dem-Taxi-zum-Hotel-Lord-Byron-08-1.jpg\" data-title=\"Ankunft-mit-dem-TGV-in-Paris-am-Gare-de-lEst-und-mit-dem-Taxi-zum-Hotel-Lord-Byron-08-1\" data-description=\"Hotel Lord Byron\" >\n\t\t\t\t\t\t\t\t<img title=\"Ankunft-mit-dem-TGV-in-Paris-am-Gare-de-lEst-und-mit-dem-Taxi-zum-Hotel-Lord-Byron-08-1\" alt=\"Ankunft-mit-dem-TGV-in-Paris-am-Gare-de-lEst-und-mit-dem-Taxi-zum-Hotel-Lord-Byron-08-1\" src=\"https:\/\/wernerdeck.de\/blog\/wp-content\/gallery\/paris1\/thumbs\/thumbs_Ankunft-mit-dem-TGV-in-Paris-am-Gare-de-lEst-und-mit-dem-Taxi-zum-Hotel-Lord-Byron-08-1.jpg\" width='240' height='160' \/>\n\t\t\t\t\t\t\t<\/a>\n\t\t\t<span>\n\t\t\tHotel Lord Byron\t\t\t<\/span>\n\t\t<\/div>\n\t<\/div>\n\t\t\t\t\t\t\t\t\n\t<div id=\"ngg-image-10225\" class=\"ngg-gallery-thumbnail-box\" style=\"width:25%;\" >\n\t\t<div class=\"ngg-gallery-thumbnail\" >\n\t\t\t<a href=\"https:\/\/wernerdeck.de\/blog\/wp-content\/gallery\/paris1\/Ankunft-mit-dem-TGV-in-Paris-am-Gare-de-lEst-und-mit-dem-Taxi-zum-Hotel-Lord-Byron-09-1.jpg\"\n\t\t\t\ttitle=\"Hotel Lord Byron\"\n\t\t\t\tclass=\"ngg-simplelightbox\" rel=\"053c092f1a1a3cf82e0d7fc050c23daf\" data-image-id=\"10225\" data-src=\"https:\/\/wernerdeck.de\/blog\/wp-content\/gallery\/paris1\/Ankunft-mit-dem-TGV-in-Paris-am-Gare-de-lEst-und-mit-dem-Taxi-zum-Hotel-Lord-Byron-09-1.jpg\" data-thumbnail=\"https:\/\/wernerdeck.de\/blog\/wp-content\/gallery\/paris1\/thumbs\/thumbs_Ankunft-mit-dem-TGV-in-Paris-am-Gare-de-lEst-und-mit-dem-Taxi-zum-Hotel-Lord-Byron-09-1.jpg\" data-title=\"Ankunft-mit-dem-TGV-in-Paris-am-Gare-de-lEst-und-mit-dem-Taxi-zum-Hotel-Lord-Byron-09-1\" data-description=\"Hotel Lord Byron\" >\n\t\t\t\t\t\t\t\t<img title=\"Ankunft-mit-dem-TGV-in-Paris-am-Gare-de-lEst-und-mit-dem-Taxi-zum-Hotel-Lord-Byron-09-1\" alt=\"Ankunft-mit-dem-TGV-in-Paris-am-Gare-de-lEst-und-mit-dem-Taxi-zum-Hotel-Lord-Byron-09-1\" src=\"https:\/\/wernerdeck.de\/blog\/wp-content\/gallery\/paris1\/thumbs\/thumbs_Ankunft-mit-dem-TGV-in-Paris-am-Gare-de-lEst-und-mit-dem-Taxi-zum-Hotel-Lord-Byron-09-1.jpg\" width='240' height='160' \/>\n\t\t\t\t\t\t\t<\/a>\n\t\t\t<span>\n\t\t\tHotel Lord Byron\t\t\t<\/span>\n\t\t<\/div>\n\t<\/div>\n\t\t\t\t\t\t\t\t\n\t<div id=\"ngg-image-10226\" class=\"ngg-gallery-thumbnail-box\" style=\"width:25%;\" >\n\t\t<div class=\"ngg-gallery-thumbnail\" >\n\t\t\t<a href=\"https:\/\/wernerdeck.de\/blog\/wp-content\/gallery\/paris1\/Ankunft-mit-dem-TGV-in-Paris-am-Gare-de-lEst-und-mit-dem-Taxi-zum-Hotel-Lord-Byron-10.jpg\"\n\t\t\t\ttitle=\"Einchecken\"\n\t\t\t\tclass=\"ngg-simplelightbox\" rel=\"053c092f1a1a3cf82e0d7fc050c23daf\" data-image-id=\"10226\" data-src=\"https:\/\/wernerdeck.de\/blog\/wp-content\/gallery\/paris1\/Ankunft-mit-dem-TGV-in-Paris-am-Gare-de-lEst-und-mit-dem-Taxi-zum-Hotel-Lord-Byron-10.jpg\" data-thumbnail=\"https:\/\/wernerdeck.de\/blog\/wp-content\/gallery\/paris1\/thumbs\/thumbs_Ankunft-mit-dem-TGV-in-Paris-am-Gare-de-lEst-und-mit-dem-Taxi-zum-Hotel-Lord-Byron-10.jpg\" data-title=\"Ankunft-mit-dem-TGV-in-Paris-am-Gare-de-lEst-und-mit-dem-Taxi-zum-Hotel-Lord-Byron-10\" data-description=\"Einchecken\" >\n\t\t\t\t\t\t\t\t<img title=\"Ankunft-mit-dem-TGV-in-Paris-am-Gare-de-lEst-und-mit-dem-Taxi-zum-Hotel-Lord-Byron-10\" alt=\"Ankunft-mit-dem-TGV-in-Paris-am-Gare-de-lEst-und-mit-dem-Taxi-zum-Hotel-Lord-Byron-10\" src=\"https:\/\/wernerdeck.de\/blog\/wp-content\/gallery\/paris1\/thumbs\/thumbs_Ankunft-mit-dem-TGV-in-Paris-am-Gare-de-lEst-und-mit-dem-Taxi-zum-Hotel-Lord-Byron-10.jpg\" width='240' height='160' \/>\n\t\t\t\t\t\t\t<\/a>\n\t\t\t<span>\n\t\t\tEinchecken\t\t\t<\/span>\n\t\t<\/div>\n\t<\/div>\n\t\t\t\t\t\t\t<br style=\"clear: both\" \/>\n\t\t\t\n\t<!-- Pagination -->\n\t\t<div class='ngg-clear'><\/div>\t\n<\/div>\n\n\tDie Stadt der Liebe verw\u00f6hnte uns mit ihrem w\u00e4rmenden Sonnenschein. Nach dem Einchecken im Hotel gingen wir erwartungsvoll die wenigen Meter vor zur <span style=\"font-weight: 400;\"><a href=\"https:\/\/parisjetaime.com\/ger\/artikel\/all-you-need-to-know-about-the-champs-elysees-a708\" target=\"_blank\" rel=\"noopener\">Champs \u00c9lys\u00e9es,<\/a> um etwas zu flanieren. Das <\/span><a href=\"https:\/\/cafe-georges-v.restranslate.com\/\" target=\"_blank\" rel=\"noopener\">Caf\u00e9 George V<\/a> erkoren wir schlagartig zu unserem Lieblingsrestaurant und nahmen dort gleich ein Glas Wein und ein S\u00fcppchen.<\/p>\n<p>Man sitzt in Sichtweite zum Triumphbogen direkt an den <span style=\"font-weight: 400;\">Champs \u00c9lys\u00e9es, wird freundlich bedient und kann gut die wuselnden Menschen au\u00dfen herum beobachten. Die Servicekleidung der Kellner strahlt franz\u00f6sische Eleganz und Lebensart aus, gef\u00e4llt mir sehr.&nbsp;<\/span><\/p>\n<p>Nach diesem Auftakt bummelten wir noch etwas \u00fcber die <span style=\"font-weight: 400;\">Champs \u00c9lys\u00e9es und machten das eine oder andere obligatorische Foto vor und mit dem Triumphbogen.<\/span><\/p>\n<p>\n<div class=\"ngg-galleryoverview ngg-template-caption\" id=\"ngg-gallery-3fe8b2b5b9da71095164703f02d17d5a-20715\">\n\n\t\t\n\t<!-- Thumbnails -->\n\t\t\t\t\t\n\t<div id=\"ngg-image-10238\" class=\"ngg-gallery-thumbnail-box\" style=\"width:25%;\" >\n\t\t<div class=\"ngg-gallery-thumbnail\" >\n\t\t\t<a href=\"https:\/\/wernerdeck.de\/blog\/wp-content\/gallery\/paris2\/Bummel-und-Abendessen-auf-den-Champs-Elysees-im-Cafe-George-V-in-Paris-06-1.jpg\"\n\t\t\t\ttitle=\" \"\n\t\t\t\tclass=\"ngg-simplelightbox\" rel=\"3fe8b2b5b9da71095164703f02d17d5a\" data-image-id=\"10238\" data-src=\"https:\/\/wernerdeck.de\/blog\/wp-content\/gallery\/paris2\/Bummel-und-Abendessen-auf-den-Champs-Elysees-im-Cafe-George-V-in-Paris-06-1.jpg\" data-thumbnail=\"https:\/\/wernerdeck.de\/blog\/wp-content\/gallery\/paris2\/thumbs\/thumbs_Bummel-und-Abendessen-auf-den-Champs-Elysees-im-Cafe-George-V-in-Paris-06-1.jpg\" data-title=\"Bummel-und-Abendessen-auf-den-Champs-Elysees-im-Cafe-George-V-in-Paris-06-1\" data-description=\" \" >\n\t\t\t\t\t\t\t\t<img title=\"Bummel-und-Abendessen-auf-den-Champs-Elysees-im-Cafe-George-V-in-Paris-06-1\" alt=\"Bummel-und-Abendessen-auf-den-Champs-Elysees-im-Cafe-George-V-in-Paris-06-1\" src=\"https:\/\/wernerdeck.de\/blog\/wp-content\/gallery\/paris2\/thumbs\/thumbs_Bummel-und-Abendessen-auf-den-Champs-Elysees-im-Cafe-George-V-in-Paris-06-1.jpg\" width='240' height='160' \/>\n\t\t\t\t\t\t\t<\/a>\n\t\t\t<span>\n\t\t\t \t\t\t<\/span>\n\t\t<\/div>\n\t<\/div>\n\t\t\t\t\t\t\t\t\n\t<div id=\"ngg-image-10235\" class=\"ngg-gallery-thumbnail-box\" style=\"width:25%;\" >\n\t\t<div class=\"ngg-gallery-thumbnail\" >\n\t\t\t<a href=\"https:\/\/wernerdeck.de\/blog\/wp-content\/gallery\/paris2\/Bummel-und-Abendessen-auf-den-Champs-Elysees-im-Cafe-George-V-in-Paris-11.jpg\"\n\t\t\t\ttitle=\"Triumphbogen\"\n\t\t\t\tclass=\"ngg-simplelightbox\" rel=\"3fe8b2b5b9da71095164703f02d17d5a\" data-image-id=\"10235\" data-src=\"https:\/\/wernerdeck.de\/blog\/wp-content\/gallery\/paris2\/Bummel-und-Abendessen-auf-den-Champs-Elysees-im-Cafe-George-V-in-Paris-11.jpg\" data-thumbnail=\"https:\/\/wernerdeck.de\/blog\/wp-content\/gallery\/paris2\/thumbs\/thumbs_Bummel-und-Abendessen-auf-den-Champs-Elysees-im-Cafe-George-V-in-Paris-11.jpg\" data-title=\"Bummel-und-Abendessen-auf-den-Champs-Elysees-im-Cafe-George-V-in-Paris-11\" data-description=\"Triumphbogen\" >\n\t\t\t\t\t\t\t\t<img title=\"Bummel-und-Abendessen-auf-den-Champs-Elysees-im-Cafe-George-V-in-Paris-11\" alt=\"Bummel-und-Abendessen-auf-den-Champs-Elysees-im-Cafe-George-V-in-Paris-11\" src=\"https:\/\/wernerdeck.de\/blog\/wp-content\/gallery\/paris2\/thumbs\/thumbs_Bummel-und-Abendessen-auf-den-Champs-Elysees-im-Cafe-George-V-in-Paris-11.jpg\" width='240' height='160' \/>\n\t\t\t\t\t\t\t<\/a>\n\t\t\t<span>\n\t\t\tTriumphbogen\t\t\t<\/span>\n\t\t<\/div>\n\t<\/div>\n\t\t\t\t\t\t\t\t\n\t<div id=\"ngg-image-10227\" class=\"ngg-gallery-thumbnail-box\" style=\"width:25%;\" >\n\t\t<div class=\"ngg-gallery-thumbnail\" >\n\t\t\t<a href=\"https:\/\/wernerdeck.de\/blog\/wp-content\/gallery\/paris2\/Bummel-und-Abendessen-auf-den-Champs-Elysees-im-Cafe-George-V-in-Paris-01.jpg\"\n\t\t\t\ttitle=\"Pariser Sonnenstrahlen im Caf\u00e9 Georges V\"\n\t\t\t\tclass=\"ngg-simplelightbox\" rel=\"3fe8b2b5b9da71095164703f02d17d5a\" data-image-id=\"10227\" data-src=\"https:\/\/wernerdeck.de\/blog\/wp-content\/gallery\/paris2\/Bummel-und-Abendessen-auf-den-Champs-Elysees-im-Cafe-George-V-in-Paris-01.jpg\" data-thumbnail=\"https:\/\/wernerdeck.de\/blog\/wp-content\/gallery\/paris2\/thumbs\/thumbs_Bummel-und-Abendessen-auf-den-Champs-Elysees-im-Cafe-George-V-in-Paris-01.jpg\" data-title=\"Bummel-und-Abendessen-auf-den-Champs-Elysees-im-Cafe-George-V-in-Paris-01\" data-description=\"Pariser Sonnenstrahlen im Caf\u00e9 Georges V\" >\n\t\t\t\t\t\t\t\t<img title=\"Bummel-und-Abendessen-auf-den-Champs-Elysees-im-Cafe-George-V-in-Paris-01\" alt=\"Bummel-und-Abendessen-auf-den-Champs-Elysees-im-Cafe-George-V-in-Paris-01\" src=\"https:\/\/wernerdeck.de\/blog\/wp-content\/gallery\/paris2\/thumbs\/thumbs_Bummel-und-Abendessen-auf-den-Champs-Elysees-im-Cafe-George-V-in-Paris-01.jpg\" width='240' height='160' \/>\n\t\t\t\t\t\t\t<\/a>\n\t\t\t<span>\n\t\t\tPariser Sonnenstrahlen im Caf\u00e9 Georges V\t\t\t<\/span>\n\t\t<\/div>\n\t<\/div>\n\t\t\t\t\t\t\t\t\n\t<div id=\"ngg-image-10232\" class=\"ngg-gallery-thumbnail-box\" style=\"width:25%;\" >\n\t\t<div class=\"ngg-gallery-thumbnail\" >\n\t\t\t<a href=\"https:\/\/wernerdeck.de\/blog\/wp-content\/gallery\/paris2\/Bummel-und-Abendessen-auf-den-Champs-Elysees-im-Cafe-George-V-in-Paris-02.jpg\"\n\t\t\t\ttitle=\"Caf\u00e9 Georges V\"\n\t\t\t\tclass=\"ngg-simplelightbox\" rel=\"3fe8b2b5b9da71095164703f02d17d5a\" data-image-id=\"10232\" data-src=\"https:\/\/wernerdeck.de\/blog\/wp-content\/gallery\/paris2\/Bummel-und-Abendessen-auf-den-Champs-Elysees-im-Cafe-George-V-in-Paris-02.jpg\" data-thumbnail=\"https:\/\/wernerdeck.de\/blog\/wp-content\/gallery\/paris2\/thumbs\/thumbs_Bummel-und-Abendessen-auf-den-Champs-Elysees-im-Cafe-George-V-in-Paris-02.jpg\" data-title=\"Bummel-und-Abendessen-auf-den-Champs-Elysees-im-Cafe-George-V-in-Paris-02\" data-description=\"Caf\u00e9 Georges V\" >\n\t\t\t\t\t\t\t\t<img title=\"Bummel-und-Abendessen-auf-den-Champs-Elysees-im-Cafe-George-V-in-Paris-02\" alt=\"Bummel-und-Abendessen-auf-den-Champs-Elysees-im-Cafe-George-V-in-Paris-02\" src=\"https:\/\/wernerdeck.de\/blog\/wp-content\/gallery\/paris2\/thumbs\/thumbs_Bummel-und-Abendessen-auf-den-Champs-Elysees-im-Cafe-George-V-in-Paris-02.jpg\" width='240' height='160' \/>\n\t\t\t\t\t\t\t<\/a>\n\t\t\t<span>\n\t\t\tCaf\u00e9 Georges V\t\t\t<\/span>\n\t\t<\/div>\n\t<\/div>\n\t\t\t\t\t\t\t<br style=\"clear: both\" \/>\n\t\t\t\n\t<div id=\"ngg-image-10229\" class=\"ngg-gallery-thumbnail-box\" style=\"width:25%;\" >\n\t\t<div class=\"ngg-gallery-thumbnail\" >\n\t\t\t<a href=\"https:\/\/wernerdeck.de\/blog\/wp-content\/gallery\/paris2\/Bummel-und-Abendessen-auf-den-Champs-Elysees-im-Cafe-George-V-in-Paris-03.jpg\"\n\t\t\t\ttitle=\"Caf\u00e9 Georges V\"\n\t\t\t\tclass=\"ngg-simplelightbox\" rel=\"3fe8b2b5b9da71095164703f02d17d5a\" data-image-id=\"10229\" data-src=\"https:\/\/wernerdeck.de\/blog\/wp-content\/gallery\/paris2\/Bummel-und-Abendessen-auf-den-Champs-Elysees-im-Cafe-George-V-in-Paris-03.jpg\" data-thumbnail=\"https:\/\/wernerdeck.de\/blog\/wp-content\/gallery\/paris2\/thumbs\/thumbs_Bummel-und-Abendessen-auf-den-Champs-Elysees-im-Cafe-George-V-in-Paris-03.jpg\" data-title=\"Bummel-und-Abendessen-auf-den-Champs-Elysees-im-Cafe-George-V-in-Paris-03\" data-description=\"Caf\u00e9 Georges V\" >\n\t\t\t\t\t\t\t\t<img title=\"Bummel-und-Abendessen-auf-den-Champs-Elysees-im-Cafe-George-V-in-Paris-03\" alt=\"Bummel-und-Abendessen-auf-den-Champs-Elysees-im-Cafe-George-V-in-Paris-03\" src=\"https:\/\/wernerdeck.de\/blog\/wp-content\/gallery\/paris2\/thumbs\/thumbs_Bummel-und-Abendessen-auf-den-Champs-Elysees-im-Cafe-George-V-in-Paris-03.jpg\" width='240' height='160' \/>\n\t\t\t\t\t\t\t<\/a>\n\t\t\t<span>\n\t\t\tCaf\u00e9 Georges V\t\t\t<\/span>\n\t\t<\/div>\n\t<\/div>\n\t\t\t\t\t\t\t\t\n\t<div id=\"ngg-image-10228\" class=\"ngg-gallery-thumbnail-box\" style=\"width:25%;\" >\n\t\t<div class=\"ngg-gallery-thumbnail\" >\n\t\t\t<a href=\"https:\/\/wernerdeck.de\/blog\/wp-content\/gallery\/paris2\/Bummel-und-Abendessen-auf-den-Champs-Elysees-im-Cafe-George-V-in-Paris-06.jpg\"\n\t\t\t\ttitle=\"Elegante Kellner\"\n\t\t\t\tclass=\"ngg-simplelightbox\" rel=\"3fe8b2b5b9da71095164703f02d17d5a\" data-image-id=\"10228\" data-src=\"https:\/\/wernerdeck.de\/blog\/wp-content\/gallery\/paris2\/Bummel-und-Abendessen-auf-den-Champs-Elysees-im-Cafe-George-V-in-Paris-06.jpg\" data-thumbnail=\"https:\/\/wernerdeck.de\/blog\/wp-content\/gallery\/paris2\/thumbs\/thumbs_Bummel-und-Abendessen-auf-den-Champs-Elysees-im-Cafe-George-V-in-Paris-06.jpg\" data-title=\"Bummel-und-Abendessen-auf-den-Champs-Elysees-im-Cafe-George-V-in-Paris-06\" data-description=\"Elegante Kellner\" >\n\t\t\t\t\t\t\t\t<img title=\"Bummel-und-Abendessen-auf-den-Champs-Elysees-im-Cafe-George-V-in-Paris-06\" alt=\"Bummel-und-Abendessen-auf-den-Champs-Elysees-im-Cafe-George-V-in-Paris-06\" src=\"https:\/\/wernerdeck.de\/blog\/wp-content\/gallery\/paris2\/thumbs\/thumbs_Bummel-und-Abendessen-auf-den-Champs-Elysees-im-Cafe-George-V-in-Paris-06.jpg\" width='240' height='160' \/>\n\t\t\t\t\t\t\t<\/a>\n\t\t\t<span>\n\t\t\tElegante Kellner\t\t\t<\/span>\n\t\t<\/div>\n\t<\/div>\n\t\t\t\t\t\t\t\t\n\t<div id=\"ngg-image-10230\" class=\"ngg-gallery-thumbnail-box\" style=\"width:25%;\" >\n\t\t<div class=\"ngg-gallery-thumbnail\" >\n\t\t\t<a href=\"https:\/\/wernerdeck.de\/blog\/wp-content\/gallery\/paris2\/Bummel-und-Abendessen-auf-den-Champs-Elysees-im-Cafe-George-V-in-Paris-05.jpg\"\n\t\t\t\ttitle=\"Elegante Kellner\"\n\t\t\t\tclass=\"ngg-simplelightbox\" rel=\"3fe8b2b5b9da71095164703f02d17d5a\" data-image-id=\"10230\" data-src=\"https:\/\/wernerdeck.de\/blog\/wp-content\/gallery\/paris2\/Bummel-und-Abendessen-auf-den-Champs-Elysees-im-Cafe-George-V-in-Paris-05.jpg\" data-thumbnail=\"https:\/\/wernerdeck.de\/blog\/wp-content\/gallery\/paris2\/thumbs\/thumbs_Bummel-und-Abendessen-auf-den-Champs-Elysees-im-Cafe-George-V-in-Paris-05.jpg\" data-title=\"Bummel-und-Abendessen-auf-den-Champs-Elysees-im-Cafe-George-V-in-Paris-05\" data-description=\"Elegante Kellner\" >\n\t\t\t\t\t\t\t\t<img title=\"Bummel-und-Abendessen-auf-den-Champs-Elysees-im-Cafe-George-V-in-Paris-05\" alt=\"Bummel-und-Abendessen-auf-den-Champs-Elysees-im-Cafe-George-V-in-Paris-05\" src=\"https:\/\/wernerdeck.de\/blog\/wp-content\/gallery\/paris2\/thumbs\/thumbs_Bummel-und-Abendessen-auf-den-Champs-Elysees-im-Cafe-George-V-in-Paris-05.jpg\" width='240' height='160' \/>\n\t\t\t\t\t\t\t<\/a>\n\t\t\t<span>\n\t\t\tElegante Kellner\t\t\t<\/span>\n\t\t<\/div>\n\t<\/div>\n\t\t\t\t\t\t\t\t\n\t<div id=\"ngg-image-10231\" class=\"ngg-gallery-thumbnail-box\" style=\"width:25%;\" >\n\t\t<div class=\"ngg-gallery-thumbnail\" >\n\t\t\t<a href=\"https:\/\/wernerdeck.de\/blog\/wp-content\/gallery\/paris2\/Bummel-und-Abendessen-auf-den-Champs-Elysees-im-Cafe-George-V-in-Paris-04.jpg\"\n\t\t\t\ttitle=\"Elegante Kellner\"\n\t\t\t\tclass=\"ngg-simplelightbox\" rel=\"3fe8b2b5b9da71095164703f02d17d5a\" data-image-id=\"10231\" data-src=\"https:\/\/wernerdeck.de\/blog\/wp-content\/gallery\/paris2\/Bummel-und-Abendessen-auf-den-Champs-Elysees-im-Cafe-George-V-in-Paris-04.jpg\" data-thumbnail=\"https:\/\/wernerdeck.de\/blog\/wp-content\/gallery\/paris2\/thumbs\/thumbs_Bummel-und-Abendessen-auf-den-Champs-Elysees-im-Cafe-George-V-in-Paris-04.jpg\" data-title=\"Bummel-und-Abendessen-auf-den-Champs-Elysees-im-Cafe-George-V-in-Paris-04\" data-description=\"Elegante Kellner\" >\n\t\t\t\t\t\t\t\t<img title=\"Bummel-und-Abendessen-auf-den-Champs-Elysees-im-Cafe-George-V-in-Paris-04\" alt=\"Bummel-und-Abendessen-auf-den-Champs-Elysees-im-Cafe-George-V-in-Paris-04\" src=\"https:\/\/wernerdeck.de\/blog\/wp-content\/gallery\/paris2\/thumbs\/thumbs_Bummel-und-Abendessen-auf-den-Champs-Elysees-im-Cafe-George-V-in-Paris-04.jpg\" width='240' height='160' \/>\n\t\t\t\t\t\t\t<\/a>\n\t\t\t<span>\n\t\t\tElegante Kellner\t\t\t<\/span>\n\t\t<\/div>\n\t<\/div>\n\t\t\t\t\t\t\t<br style=\"clear: both\" \/>\n\t\t\t\n\t<div id=\"ngg-image-10234\" class=\"ngg-gallery-thumbnail-box\" style=\"width:25%;\" >\n\t\t<div class=\"ngg-gallery-thumbnail\" >\n\t\t\t<a href=\"https:\/\/wernerdeck.de\/blog\/wp-content\/gallery\/paris2\/Bummel-und-Abendessen-auf-den-Champs-Elysees-im-Cafe-George-V-in-Paris-08.jpg\"\n\t\t\t\ttitle=\" \"\n\t\t\t\tclass=\"ngg-simplelightbox\" rel=\"3fe8b2b5b9da71095164703f02d17d5a\" data-image-id=\"10234\" data-src=\"https:\/\/wernerdeck.de\/blog\/wp-content\/gallery\/paris2\/Bummel-und-Abendessen-auf-den-Champs-Elysees-im-Cafe-George-V-in-Paris-08.jpg\" data-thumbnail=\"https:\/\/wernerdeck.de\/blog\/wp-content\/gallery\/paris2\/thumbs\/thumbs_Bummel-und-Abendessen-auf-den-Champs-Elysees-im-Cafe-George-V-in-Paris-08.jpg\" data-title=\"Bummel-und-Abendessen-auf-den-Champs-Elysees-im-Cafe-George-V-in-Paris-08\" data-description=\" \" >\n\t\t\t\t\t\t\t\t<img title=\"Bummel-und-Abendessen-auf-den-Champs-Elysees-im-Cafe-George-V-in-Paris-08\" alt=\"Bummel-und-Abendessen-auf-den-Champs-Elysees-im-Cafe-George-V-in-Paris-08\" src=\"https:\/\/wernerdeck.de\/blog\/wp-content\/gallery\/paris2\/thumbs\/thumbs_Bummel-und-Abendessen-auf-den-Champs-Elysees-im-Cafe-George-V-in-Paris-08.jpg\" width='240' height='160' \/>\n\t\t\t\t\t\t\t<\/a>\n\t\t\t<span>\n\t\t\t \t\t\t<\/span>\n\t\t<\/div>\n\t<\/div>\n\t\t\t\t\t\t\t\t\n\t<div id=\"ngg-image-10237\" class=\"ngg-gallery-thumbnail-box\" style=\"width:25%;\" >\n\t\t<div class=\"ngg-gallery-thumbnail\" >\n\t\t\t<a href=\"https:\/\/wernerdeck.de\/blog\/wp-content\/gallery\/paris2\/Bummel-und-Abendessen-auf-den-Champs-Elysees-im-Cafe-George-V-in-Paris-10.jpg\"\n\t\t\t\ttitle=\"Champs \u00c9lys\u00e9es Richtung Place de la Concorde\"\n\t\t\t\tclass=\"ngg-simplelightbox\" rel=\"3fe8b2b5b9da71095164703f02d17d5a\" data-image-id=\"10237\" data-src=\"https:\/\/wernerdeck.de\/blog\/wp-content\/gallery\/paris2\/Bummel-und-Abendessen-auf-den-Champs-Elysees-im-Cafe-George-V-in-Paris-10.jpg\" data-thumbnail=\"https:\/\/wernerdeck.de\/blog\/wp-content\/gallery\/paris2\/thumbs\/thumbs_Bummel-und-Abendessen-auf-den-Champs-Elysees-im-Cafe-George-V-in-Paris-10.jpg\" data-title=\"Bummel-und-Abendessen-auf-den-Champs-Elysees-im-Cafe-George-V-in-Paris-10\" data-description=\"Champs \u00c9lys\u00e9es Richtung Place de la Concorde\" >\n\t\t\t\t\t\t\t\t<img title=\"Bummel-und-Abendessen-auf-den-Champs-Elysees-im-Cafe-George-V-in-Paris-10\" alt=\"Bummel-und-Abendessen-auf-den-Champs-Elysees-im-Cafe-George-V-in-Paris-10\" src=\"https:\/\/wernerdeck.de\/blog\/wp-content\/gallery\/paris2\/thumbs\/thumbs_Bummel-und-Abendessen-auf-den-Champs-Elysees-im-Cafe-George-V-in-Paris-10.jpg\" width='240' height='160' \/>\n\t\t\t\t\t\t\t<\/a>\n\t\t\t<span>\n\t\t\tChamps \u00c9lys\u00e9es Richtung Place de la Concorde\t\t\t<\/span>\n\t\t<\/div>\n\t<\/div>\n\t\t\t\t\t\t\t\t\n\t<div id=\"ngg-image-10233\" class=\"ngg-gallery-thumbnail-box\" style=\"width:25%;\" >\n\t\t<div class=\"ngg-gallery-thumbnail\" >\n\t\t\t<a href=\"https:\/\/wernerdeck.de\/blog\/wp-content\/gallery\/paris2\/Bummel-und-Abendessen-auf-den-Champs-Elysees-im-Cafe-George-V-in-Paris-09.jpg\"\n\t\t\t\ttitle=\"Triumphbogen\"\n\t\t\t\tclass=\"ngg-simplelightbox\" rel=\"3fe8b2b5b9da71095164703f02d17d5a\" data-image-id=\"10233\" data-src=\"https:\/\/wernerdeck.de\/blog\/wp-content\/gallery\/paris2\/Bummel-und-Abendessen-auf-den-Champs-Elysees-im-Cafe-George-V-in-Paris-09.jpg\" data-thumbnail=\"https:\/\/wernerdeck.de\/blog\/wp-content\/gallery\/paris2\/thumbs\/thumbs_Bummel-und-Abendessen-auf-den-Champs-Elysees-im-Cafe-George-V-in-Paris-09.jpg\" data-title=\"Bummel-und-Abendessen-auf-den-Champs-Elysees-im-Cafe-George-V-in-Paris-09\" data-description=\"Triumphbogen\" >\n\t\t\t\t\t\t\t\t<img title=\"Bummel-und-Abendessen-auf-den-Champs-Elysees-im-Cafe-George-V-in-Paris-09\" alt=\"Bummel-und-Abendessen-auf-den-Champs-Elysees-im-Cafe-George-V-in-Paris-09\" src=\"https:\/\/wernerdeck.de\/blog\/wp-content\/gallery\/paris2\/thumbs\/thumbs_Bummel-und-Abendessen-auf-den-Champs-Elysees-im-Cafe-George-V-in-Paris-09.jpg\" width='240' height='160' \/>\n\t\t\t\t\t\t\t<\/a>\n\t\t\t<span>\n\t\t\tTriumphbogen\t\t\t<\/span>\n\t\t<\/div>\n\t<\/div>\n\t\t\t\t\t\t\t\t\n\t<div id=\"ngg-image-10236\" class=\"ngg-gallery-thumbnail-box\" style=\"width:25%;\" >\n\t\t<div class=\"ngg-gallery-thumbnail\" >\n\t\t\t<a href=\"https:\/\/wernerdeck.de\/blog\/wp-content\/gallery\/paris2\/Bummel-und-Abendessen-auf-den-Champs-Elysees-im-Cafe-George-V-in-Paris-07.jpg\"\n\t\t\t\ttitle=\"Lebhafte Champs \u00c9lys\u00e9es\"\n\t\t\t\tclass=\"ngg-simplelightbox\" rel=\"3fe8b2b5b9da71095164703f02d17d5a\" data-image-id=\"10236\" data-src=\"https:\/\/wernerdeck.de\/blog\/wp-content\/gallery\/paris2\/Bummel-und-Abendessen-auf-den-Champs-Elysees-im-Cafe-George-V-in-Paris-07.jpg\" data-thumbnail=\"https:\/\/wernerdeck.de\/blog\/wp-content\/gallery\/paris2\/thumbs\/thumbs_Bummel-und-Abendessen-auf-den-Champs-Elysees-im-Cafe-George-V-in-Paris-07.jpg\" data-title=\"Bummel-und-Abendessen-auf-den-Champs-Elysees-im-Cafe-George-V-in-Paris-07\" data-description=\"Lebhafte Champs \u00c9lys\u00e9es\" >\n\t\t\t\t\t\t\t\t<img title=\"Bummel-und-Abendessen-auf-den-Champs-Elysees-im-Cafe-George-V-in-Paris-07\" alt=\"Bummel-und-Abendessen-auf-den-Champs-Elysees-im-Cafe-George-V-in-Paris-07\" src=\"https:\/\/wernerdeck.de\/blog\/wp-content\/gallery\/paris2\/thumbs\/thumbs_Bummel-und-Abendessen-auf-den-Champs-Elysees-im-Cafe-George-V-in-Paris-07.jpg\" width='240' height='160' \/>\n\t\t\t\t\t\t\t<\/a>\n\t\t\t<span>\n\t\t\tLebhafte Champs \u00c9lys\u00e9es\t\t\t<\/span>\n\t\t<\/div>\n\t<\/div>\n\t\t\t\t\t\t\t<br style=\"clear: both\" \/>\n\t\t\t\n\t<!-- Pagination -->\n\t\t<div class='ngg-clear'><\/div>\t\n<\/div>\n\n\tBummeln macht hungrig und so setzten wir uns nahe dem Triumphbogen in das <a href=\"https:\/\/www.floradanica.fr\/de\/\" target=\"_blank\" rel=\"noopener\">flora danica<\/a> zum gem\u00fctlichen Abendessen auf den <span style=\"font-weight: 400;\">Champs \u00c9lys\u00e9es<\/span>. Den sp\u00e4ter aufkommenden Regen lie\u00dfen wir vor\u00fcbergehen und machten uns anschlie\u00dfend ins Hotel auf.&nbsp;<\/p>\n<p>\n<div class=\"ngg-galleryoverview ngg-template-caption\" id=\"ngg-gallery-a7cef4e05ee3ea4e9bab2599b23dab37-20715\">\n\n\t\t\n\t<!-- Thumbnails -->\n\t\t\t\t\t\n\t<div id=\"ngg-image-10240\" class=\"ngg-gallery-thumbnail-box\" style=\"width:25%;\" >\n\t\t<div class=\"ngg-gallery-thumbnail\" >\n\t\t\t<a href=\"https:\/\/wernerdeck.de\/blog\/wp-content\/gallery\/paris3\/Abendessen-und-Regen-in-Paris-01.jpg\"\n\t\t\t\ttitle=\" \"\n\t\t\t\tclass=\"ngg-simplelightbox\" rel=\"a7cef4e05ee3ea4e9bab2599b23dab37\" data-image-id=\"10240\" data-src=\"https:\/\/wernerdeck.de\/blog\/wp-content\/gallery\/paris3\/Abendessen-und-Regen-in-Paris-01.jpg\" data-thumbnail=\"https:\/\/wernerdeck.de\/blog\/wp-content\/gallery\/paris3\/thumbs\/thumbs_Abendessen-und-Regen-in-Paris-01.jpg\" data-title=\"Abendessen-und-Regen-in-Paris-01\" data-description=\" \" >\n\t\t\t\t\t\t\t\t<img title=\"Abendessen-und-Regen-in-Paris-01\" alt=\"Abendessen-und-Regen-in-Paris-01\" src=\"https:\/\/wernerdeck.de\/blog\/wp-content\/gallery\/paris3\/thumbs\/thumbs_Abendessen-und-Regen-in-Paris-01.jpg\" width='240' height='160' \/>\n\t\t\t\t\t\t\t<\/a>\n\t\t\t<span>\n\t\t\t \t\t\t<\/span>\n\t\t<\/div>\n\t<\/div>\n\t\t\t\t\t\t\t\t\n\t<div id=\"ngg-image-10243\" class=\"ngg-gallery-thumbnail-box\" style=\"width:25%;\" >\n\t\t<div class=\"ngg-gallery-thumbnail\" >\n\t\t\t<a href=\"https:\/\/wernerdeck.de\/blog\/wp-content\/gallery\/paris3\/Abendessen-und-Regen-in-Paris-02.jpg\"\n\t\t\t\ttitle=\" \"\n\t\t\t\tclass=\"ngg-simplelightbox\" rel=\"a7cef4e05ee3ea4e9bab2599b23dab37\" data-image-id=\"10243\" data-src=\"https:\/\/wernerdeck.de\/blog\/wp-content\/gallery\/paris3\/Abendessen-und-Regen-in-Paris-02.jpg\" data-thumbnail=\"https:\/\/wernerdeck.de\/blog\/wp-content\/gallery\/paris3\/thumbs\/thumbs_Abendessen-und-Regen-in-Paris-02.jpg\" data-title=\"Abendessen-und-Regen-in-Paris-02\" data-description=\" \" >\n\t\t\t\t\t\t\t\t<img title=\"Abendessen-und-Regen-in-Paris-02\" alt=\"Abendessen-und-Regen-in-Paris-02\" src=\"https:\/\/wernerdeck.de\/blog\/wp-content\/gallery\/paris3\/thumbs\/thumbs_Abendessen-und-Regen-in-Paris-02.jpg\" width='240' height='160' \/>\n\t\t\t\t\t\t\t<\/a>\n\t\t\t<span>\n\t\t\t \t\t\t<\/span>\n\t\t<\/div>\n\t<\/div>\n\t\t\t\t\t\t\t\t\n\t<div id=\"ngg-image-10242\" class=\"ngg-gallery-thumbnail-box\" style=\"width:25%;\" >\n\t\t<div class=\"ngg-gallery-thumbnail\" >\n\t\t\t<a href=\"https:\/\/wernerdeck.de\/blog\/wp-content\/gallery\/paris3\/Abendessen-und-Regen-in-Paris-03.jpg\"\n\t\t\t\ttitle=\" \"\n\t\t\t\tclass=\"ngg-simplelightbox\" rel=\"a7cef4e05ee3ea4e9bab2599b23dab37\" data-image-id=\"10242\" data-src=\"https:\/\/wernerdeck.de\/blog\/wp-content\/gallery\/paris3\/Abendessen-und-Regen-in-Paris-03.jpg\" data-thumbnail=\"https:\/\/wernerdeck.de\/blog\/wp-content\/gallery\/paris3\/thumbs\/thumbs_Abendessen-und-Regen-in-Paris-03.jpg\" data-title=\"Abendessen-und-Regen-in-Paris-03\" data-description=\" \" >\n\t\t\t\t\t\t\t\t<img title=\"Abendessen-und-Regen-in-Paris-03\" alt=\"Abendessen-und-Regen-in-Paris-03\" src=\"https:\/\/wernerdeck.de\/blog\/wp-content\/gallery\/paris3\/thumbs\/thumbs_Abendessen-und-Regen-in-Paris-03.jpg\" width='240' height='160' \/>\n\t\t\t\t\t\t\t<\/a>\n\t\t\t<span>\n\t\t\t \t\t\t<\/span>\n\t\t<\/div>\n\t<\/div>\n\t\t\t\t\t\t\t\t\n\t<div id=\"ngg-image-10239\" class=\"ngg-gallery-thumbnail-box\" style=\"width:25%;\" >\n\t\t<div class=\"ngg-gallery-thumbnail\" >\n\t\t\t<a href=\"https:\/\/wernerdeck.de\/blog\/wp-content\/gallery\/paris3\/Abendessen-und-Regen-in-Paris-04.jpg\"\n\t\t\t\ttitle=\" \"\n\t\t\t\tclass=\"ngg-simplelightbox\" rel=\"a7cef4e05ee3ea4e9bab2599b23dab37\" data-image-id=\"10239\" data-src=\"https:\/\/wernerdeck.de\/blog\/wp-content\/gallery\/paris3\/Abendessen-und-Regen-in-Paris-04.jpg\" data-thumbnail=\"https:\/\/wernerdeck.de\/blog\/wp-content\/gallery\/paris3\/thumbs\/thumbs_Abendessen-und-Regen-in-Paris-04.jpg\" data-title=\"Abendessen-und-Regen-in-Paris-04\" data-description=\" \" >\n\t\t\t\t\t\t\t\t<img title=\"Abendessen-und-Regen-in-Paris-04\" alt=\"Abendessen-und-Regen-in-Paris-04\" src=\"https:\/\/wernerdeck.de\/blog\/wp-content\/gallery\/paris3\/thumbs\/thumbs_Abendessen-und-Regen-in-Paris-04.jpg\" width='240' height='160' \/>\n\t\t\t\t\t\t\t<\/a>\n\t\t\t<span>\n\t\t\t \t\t\t<\/span>\n\t\t<\/div>\n\t<\/div>\n\t\t\t\t\t\t\t<br style=\"clear: both\" \/>\n\t\t\t\n\t<div id=\"ngg-image-10241\" class=\"ngg-gallery-thumbnail-box\" style=\"width:25%;\" >\n\t\t<div class=\"ngg-gallery-thumbnail\" >\n\t\t\t<a href=\"https:\/\/wernerdeck.de\/blog\/wp-content\/gallery\/paris3\/Abendessen-und-Regen-in-Paris-05.jpg\"\n\t\t\t\ttitle=\" \"\n\t\t\t\tclass=\"ngg-simplelightbox\" rel=\"a7cef4e05ee3ea4e9bab2599b23dab37\" data-image-id=\"10241\" data-src=\"https:\/\/wernerdeck.de\/blog\/wp-content\/gallery\/paris3\/Abendessen-und-Regen-in-Paris-05.jpg\" data-thumbnail=\"https:\/\/wernerdeck.de\/blog\/wp-content\/gallery\/paris3\/thumbs\/thumbs_Abendessen-und-Regen-in-Paris-05.jpg\" data-title=\"Abendessen-und-Regen-in-Paris-05\" data-description=\" \" >\n\t\t\t\t\t\t\t\t<img title=\"Abendessen-und-Regen-in-Paris-05\" alt=\"Abendessen-und-Regen-in-Paris-05\" src=\"https:\/\/wernerdeck.de\/blog\/wp-content\/gallery\/paris3\/thumbs\/thumbs_Abendessen-und-Regen-in-Paris-05.jpg\" width='240' height='160' \/>\n\t\t\t\t\t\t\t<\/a>\n\t\t\t<span>\n\t\t\t \t\t\t<\/span>\n\t\t<\/div>\n\t<\/div>\n\t\t\t\t\t\t\t\t\n\t<div id=\"ngg-image-10244\" class=\"ngg-gallery-thumbnail-box\" style=\"width:25%;\" >\n\t\t<div class=\"ngg-gallery-thumbnail\" >\n\t\t\t<a href=\"https:\/\/wernerdeck.de\/blog\/wp-content\/gallery\/paris3\/Abendessen-und-Regen-in-Paris-06.jpg\"\n\t\t\t\ttitle=\" \"\n\t\t\t\tclass=\"ngg-simplelightbox\" rel=\"a7cef4e05ee3ea4e9bab2599b23dab37\" data-image-id=\"10244\" data-src=\"https:\/\/wernerdeck.de\/blog\/wp-content\/gallery\/paris3\/Abendessen-und-Regen-in-Paris-06.jpg\" data-thumbnail=\"https:\/\/wernerdeck.de\/blog\/wp-content\/gallery\/paris3\/thumbs\/thumbs_Abendessen-und-Regen-in-Paris-06.jpg\" data-title=\"Abendessen-und-Regen-in-Paris-06\" data-description=\" \" >\n\t\t\t\t\t\t\t\t<img title=\"Abendessen-und-Regen-in-Paris-06\" alt=\"Abendessen-und-Regen-in-Paris-06\" src=\"https:\/\/wernerdeck.de\/blog\/wp-content\/gallery\/paris3\/thumbs\/thumbs_Abendessen-und-Regen-in-Paris-06.jpg\" width='240' height='160' \/>\n\t\t\t\t\t\t\t<\/a>\n\t\t\t<span>\n\t\t\t \t\t\t<\/span>\n\t\t<\/div>\n\t<\/div>\n\t\t\t\t\t\t\t\t\n\t<div id=\"ngg-image-10245\" class=\"ngg-gallery-thumbnail-box\" style=\"width:25%;\" >\n\t\t<div class=\"ngg-gallery-thumbnail\" >\n\t\t\t<a href=\"https:\/\/wernerdeck.de\/blog\/wp-content\/gallery\/paris3\/Abendessen-und-Regen-in-Paris-07.jpg\"\n\t\t\t\ttitle=\" \"\n\t\t\t\tclass=\"ngg-simplelightbox\" rel=\"a7cef4e05ee3ea4e9bab2599b23dab37\" data-image-id=\"10245\" data-src=\"https:\/\/wernerdeck.de\/blog\/wp-content\/gallery\/paris3\/Abendessen-und-Regen-in-Paris-07.jpg\" data-thumbnail=\"https:\/\/wernerdeck.de\/blog\/wp-content\/gallery\/paris3\/thumbs\/thumbs_Abendessen-und-Regen-in-Paris-07.jpg\" data-title=\"Abendessen-und-Regen-in-Paris-07\" data-description=\" \" >\n\t\t\t\t\t\t\t\t<img title=\"Abendessen-und-Regen-in-Paris-07\" alt=\"Abendessen-und-Regen-in-Paris-07\" src=\"https:\/\/wernerdeck.de\/blog\/wp-content\/gallery\/paris3\/thumbs\/thumbs_Abendessen-und-Regen-in-Paris-07.jpg\" width='240' height='160' \/>\n\t\t\t\t\t\t\t<\/a>\n\t\t\t<span>\n\t\t\t \t\t\t<\/span>\n\t\t<\/div>\n\t<\/div>\n\t\t\t\t\t\t\t\t\n\t<div id=\"ngg-image-10247\" class=\"ngg-gallery-thumbnail-box\" style=\"width:25%;\" >\n\t\t<div class=\"ngg-gallery-thumbnail\" >\n\t\t\t<a href=\"https:\/\/wernerdeck.de\/blog\/wp-content\/gallery\/paris3\/Abendessen-und-Regen-in-Paris-08.jpg\"\n\t\t\t\ttitle=\" \"\n\t\t\t\tclass=\"ngg-simplelightbox\" rel=\"a7cef4e05ee3ea4e9bab2599b23dab37\" data-image-id=\"10247\" data-src=\"https:\/\/wernerdeck.de\/blog\/wp-content\/gallery\/paris3\/Abendessen-und-Regen-in-Paris-08.jpg\" data-thumbnail=\"https:\/\/wernerdeck.de\/blog\/wp-content\/gallery\/paris3\/thumbs\/thumbs_Abendessen-und-Regen-in-Paris-08.jpg\" data-title=\"Abendessen-und-Regen-in-Paris-08\" data-description=\" \" >\n\t\t\t\t\t\t\t\t<img title=\"Abendessen-und-Regen-in-Paris-08\" alt=\"Abendessen-und-Regen-in-Paris-08\" src=\"https:\/\/wernerdeck.de\/blog\/wp-content\/gallery\/paris3\/thumbs\/thumbs_Abendessen-und-Regen-in-Paris-08.jpg\" width='240' height='160' \/>\n\t\t\t\t\t\t\t<\/a>\n\t\t\t<span>\n\t\t\t \t\t\t<\/span>\n\t\t<\/div>\n\t<\/div>\n\t\t\t\t\t\t\t<br style=\"clear: both\" \/>\n\t\t\t\n\t<div id=\"ngg-image-10246\" class=\"ngg-gallery-thumbnail-box\" style=\"width:25%;\" >\n\t\t<div class=\"ngg-gallery-thumbnail\" >\n\t\t\t<a href=\"https:\/\/wernerdeck.de\/blog\/wp-content\/gallery\/paris3\/Abendessen-und-Regen-in-Paris-09.jpg\"\n\t\t\t\ttitle=\" \"\n\t\t\t\tclass=\"ngg-simplelightbox\" rel=\"a7cef4e05ee3ea4e9bab2599b23dab37\" data-image-id=\"10246\" data-src=\"https:\/\/wernerdeck.de\/blog\/wp-content\/gallery\/paris3\/Abendessen-und-Regen-in-Paris-09.jpg\" data-thumbnail=\"https:\/\/wernerdeck.de\/blog\/wp-content\/gallery\/paris3\/thumbs\/thumbs_Abendessen-und-Regen-in-Paris-09.jpg\" data-title=\"Abendessen-und-Regen-in-Paris-09\" data-description=\" \" >\n\t\t\t\t\t\t\t\t<img title=\"Abendessen-und-Regen-in-Paris-09\" alt=\"Abendessen-und-Regen-in-Paris-09\" src=\"https:\/\/wernerdeck.de\/blog\/wp-content\/gallery\/paris3\/thumbs\/thumbs_Abendessen-und-Regen-in-Paris-09.jpg\" width='240' height='160' \/>\n\t\t\t\t\t\t\t<\/a>\n\t\t\t<span>\n\t\t\t \t\t\t<\/span>\n\t\t<\/div>\n\t<\/div>\n\t\t\t\t\t\t\t\t\n\t<div id=\"ngg-image-10249\" class=\"ngg-gallery-thumbnail-box\" style=\"width:25%;\" >\n\t\t<div class=\"ngg-gallery-thumbnail\" >\n\t\t\t<a href=\"https:\/\/wernerdeck.de\/blog\/wp-content\/gallery\/paris3\/Abendessen-und-Regen-in-Paris-10.jpg\"\n\t\t\t\ttitle=\" \"\n\t\t\t\tclass=\"ngg-simplelightbox\" rel=\"a7cef4e05ee3ea4e9bab2599b23dab37\" data-image-id=\"10249\" data-src=\"https:\/\/wernerdeck.de\/blog\/wp-content\/gallery\/paris3\/Abendessen-und-Regen-in-Paris-10.jpg\" data-thumbnail=\"https:\/\/wernerdeck.de\/blog\/wp-content\/gallery\/paris3\/thumbs\/thumbs_Abendessen-und-Regen-in-Paris-10.jpg\" data-title=\"Abendessen-und-Regen-in-Paris-10\" data-description=\" \" >\n\t\t\t\t\t\t\t\t<img title=\"Abendessen-und-Regen-in-Paris-10\" alt=\"Abendessen-und-Regen-in-Paris-10\" src=\"https:\/\/wernerdeck.de\/blog\/wp-content\/gallery\/paris3\/thumbs\/thumbs_Abendessen-und-Regen-in-Paris-10.jpg\" width='240' height='160' \/>\n\t\t\t\t\t\t\t<\/a>\n\t\t\t<span>\n\t\t\t \t\t\t<\/span>\n\t\t<\/div>\n\t<\/div>\n\t\t\t\t\t\t\t\t\n\t<div id=\"ngg-image-10248\" class=\"ngg-gallery-thumbnail-box\" style=\"width:25%;\" >\n\t\t<div class=\"ngg-gallery-thumbnail\" >\n\t\t\t<a href=\"https:\/\/wernerdeck.de\/blog\/wp-content\/gallery\/paris3\/Abendessen-und-Regen-in-Paris-11.jpg\"\n\t\t\t\ttitle=\" \"\n\t\t\t\tclass=\"ngg-simplelightbox\" rel=\"a7cef4e05ee3ea4e9bab2599b23dab37\" data-image-id=\"10248\" data-src=\"https:\/\/wernerdeck.de\/blog\/wp-content\/gallery\/paris3\/Abendessen-und-Regen-in-Paris-11.jpg\" data-thumbnail=\"https:\/\/wernerdeck.de\/blog\/wp-content\/gallery\/paris3\/thumbs\/thumbs_Abendessen-und-Regen-in-Paris-11.jpg\" data-title=\"Abendessen-und-Regen-in-Paris-11\" data-description=\" \" >\n\t\t\t\t\t\t\t\t<img title=\"Abendessen-und-Regen-in-Paris-11\" alt=\"Abendessen-und-Regen-in-Paris-11\" src=\"https:\/\/wernerdeck.de\/blog\/wp-content\/gallery\/paris3\/thumbs\/thumbs_Abendessen-und-Regen-in-Paris-11.jpg\" width='240' height='160' \/>\n\t\t\t\t\t\t\t<\/a>\n\t\t\t<span>\n\t\t\t \t\t\t<\/span>\n\t\t<\/div>\n\t<\/div>\n\t\t\t\t\t\t\t\t\n\t<!-- Pagination -->\n\t\t<div class='ngg-clear'><\/div>\t\n<\/div>\n\n\tEin sch\u00f6ner erster Tag in Paris! \u2764\ufe0f <span style=\"font-weight: 400;\">Das Leben ist sch\u00f6n und meint es gut mit uns. \ud83d\ude42\ud83d\udc4d<\/span><\/p>\n<hr>\n<p><a href=\"https:\/\/wernerdeck.de\/blog\/2024\/05\/20\/entspannter-zweiter-tag-in-paris-spontane-erkundungstour-mit-dem-doppeldeckerbus-und-genussmomente-ohne-hektik\/\">Hier geht es zum Montag, 20. Mai 2024<\/a><\/p>\n<\/div>\n","protected":false},"excerpt":{"rendered":"<p>Das Geburtstagsgeschenk f\u00fcr meine liebe Liebe \u2764\ufe0f. So war der Geburtstag im April in Los Christianos auf Teneriffa.&nbsp; Sonntag,19. Mai 2024, Einl\u00f6sung des Geburtstagsgeschenks. Mit der lieben Liebe in die Stadt der Liebe\u2764\ufe0f. Der Start nach Paris verlief etwas holprig, dank der Deutschen Bahn. Man darf gespannt sein, was der Hinweis im DB-Navigator (Kurzfristiger Personalausfall) &#8230; <a title=\"Das Geburtstagsgeschenk. Vom Abenteuer Deutsche Bahn ins Pariser Abenteuer: Ein romantischer Tag in der Stadt der Liebe\" class=\"read-more\" href=\"https:\/\/wernerdeck.de\/blog\/2024\/05\/19\/geburtstagsgeschenk-vom-abenteuer-deutsche-bahn-ins-pariser-abenteuer-ein-romantischer-tag-in-der-stadt-der-liebe\/\" aria-label=\"Mehr Informationen \u00fcber Das Geburtstagsgeschenk. Vom Abenteuer Deutsche Bahn ins Pariser Abenteuer: Ein romantischer Tag in der Stadt der Liebe\">Weiterlesen<\/a><\/p>\n","protected":false},"author":1,"featured_media":20840,"comment_status":"open","ping_status":"open","sticky":false,"template":"","format":"standard","meta":{"ngg_post_thumbnail":0,"footnotes":""},"categories":[208],"tags":[465,466],"class_list":["post-20715","post","type-post","status-publish","format-standard","has-post-thumbnail","hentry","category-reisebericht","tag-geburtstagsgeschenk","tag-paris"],"yoast_head":"<!-- This site is optimized with the Yoast SEO plugin v27.5 - https:\/\/yoast.com\/product\/yoast-seo-wordpress\/ -->\n<title>Das Geburtstagsgeschenk. Vom Abenteuer Deutsche Bahn ins Pariser Abenteuer: Ein romantischer Tag in der Stadt der Liebe - Privater Blog von Werner Deck<\/title>\n<meta name=\"description\" content=\"Der Start nach Paris verlief holprig, dank der Deutschen Bahn. Das Caf\u00e9 George V erkoren wir schlagartig zu unserem Lieblingsrestaurant.\" \/>\n<meta name=\"robots\" content=\"index, follow, max-snippet:-1, max-image-preview:large, max-video-preview:-1\" \/>\n<link rel=\"canonical\" href=\"https:\/\/wernerdeck.de\/blog\/2024\/05\/19\/geburtstagsgeschenk-vom-abenteuer-deutsche-bahn-ins-pariser-abenteuer-ein-romantischer-tag-in-der-stadt-der-liebe\/\" \/>\n<meta property=\"og:locale\" content=\"de_DE\" \/>\n<meta property=\"og:type\" content=\"article\" \/>\n<meta property=\"og:title\" content=\"Das Geburtstagsgeschenk. Vom Abenteuer Deutsche Bahn ins Pariser Abenteuer: Ein romantischer Tag in der Stadt der Liebe - Privater Blog von Werner Deck\" \/>\n<meta property=\"og:description\" content=\"Der Start nach Paris verlief holprig, dank der Deutschen Bahn. Das Caf\u00e9 George V erkoren wir schlagartig zu unserem Lieblingsrestaurant.\" \/>\n<meta property=\"og:url\" content=\"https:\/\/wernerdeck.de\/blog\/2024\/05\/19\/geburtstagsgeschenk-vom-abenteuer-deutsche-bahn-ins-pariser-abenteuer-ein-romantischer-tag-in-der-stadt-der-liebe\/\" \/>\n<meta property=\"og:site_name\" content=\"Privater Blog von Werner Deck\" \/>\n<meta property=\"article:publisher\" content=\"https:\/\/www.facebook.com\/werner.deck\/\" \/>\n<meta property=\"article:author\" content=\"https:\/\/www.facebook.com\/werner.deck\/\" \/>\n<meta property=\"article:published_time\" content=\"2024-05-19T21:04:16+00:00\" \/>\n<meta property=\"article:modified_time\" content=\"2024-09-29T04:32:34+00:00\" \/>\n<meta property=\"og:image\" content=\"https:\/\/wernerdeck.de\/blog\/wp-content\/uploads\/2024\/05\/Nach-Paris-in-die-Stadt-der-Liebe.jpg\" \/>\n\t<meta property=\"og:image:width\" content=\"1200\" \/>\n\t<meta property=\"og:image:height\" content=\"437\" \/>\n\t<meta property=\"og:image:type\" content=\"image\/jpeg\" \/>\n<meta name=\"author\" content=\"Werner Deck\" \/>\n<meta name=\"twitter:card\" content=\"summary_large_image\" \/>\n<meta name=\"twitter:label1\" content=\"Verfasst von\" \/>\n\t<meta name=\"twitter:data1\" content=\"Werner Deck\" \/>\n\t<meta name=\"twitter:label2\" content=\"Gesch\u00e4tzte Lesezeit\" \/>\n\t<meta name=\"twitter:data2\" content=\"5\u00a0Minuten\" \/>\n<script type=\"application\/ld+json\" class=\"yoast-schema-graph\">{\"@context\":\"https:\\\/\\\/schema.org\",\"@graph\":[{\"@type\":\"Article\",\"@id\":\"https:\\\/\\\/wernerdeck.de\\\/blog\\\/2024\\\/05\\\/19\\\/geburtstagsgeschenk-vom-abenteuer-deutsche-bahn-ins-pariser-abenteuer-ein-romantischer-tag-in-der-stadt-der-liebe\\\/#article\",\"isPartOf\":{\"@id\":\"https:\\\/\\\/wernerdeck.de\\\/blog\\\/2024\\\/05\\\/19\\\/geburtstagsgeschenk-vom-abenteuer-deutsche-bahn-ins-pariser-abenteuer-ein-romantischer-tag-in-der-stadt-der-liebe\\\/\"},\"author\":{\"name\":\"Werner Deck\",\"@id\":\"https:\\\/\\\/wernerdeck.de\\\/blog\\\/#\\\/schema\\\/person\\\/7af62de1f11b0a09297eeb81281e523c\"},\"headline\":\"Das Geburtstagsgeschenk. Vom Abenteuer Deutsche Bahn ins Pariser Abenteuer: Ein romantischer Tag in der Stadt der Liebe\",\"datePublished\":\"2024-05-19T21:04:16+00:00\",\"dateModified\":\"2024-09-29T04:32:34+00:00\",\"mainEntityOfPage\":{\"@id\":\"https:\\\/\\\/wernerdeck.de\\\/blog\\\/2024\\\/05\\\/19\\\/geburtstagsgeschenk-vom-abenteuer-deutsche-bahn-ins-pariser-abenteuer-ein-romantischer-tag-in-der-stadt-der-liebe\\\/\"},\"wordCount\":572,\"commentCount\":0,\"publisher\":{\"@id\":\"https:\\\/\\\/wernerdeck.de\\\/blog\\\/#\\\/schema\\\/person\\\/7af62de1f11b0a09297eeb81281e523c\"},\"image\":{\"@id\":\"https:\\\/\\\/wernerdeck.de\\\/blog\\\/2024\\\/05\\\/19\\\/geburtstagsgeschenk-vom-abenteuer-deutsche-bahn-ins-pariser-abenteuer-ein-romantischer-tag-in-der-stadt-der-liebe\\\/#primaryimage\"},\"thumbnailUrl\":\"https:\\\/\\\/wernerdeck.de\\\/blog\\\/wp-content\\\/uploads\\\/2024\\\/05\\\/Nach-Paris-in-die-Stadt-der-Liebe.jpg\",\"keywords\":[\"Geburtstagsgeschenk\",\"Paris\"],\"articleSection\":[\"Reisebericht\"],\"inLanguage\":\"de\",\"potentialAction\":[{\"@type\":\"CommentAction\",\"name\":\"Comment\",\"target\":[\"https:\\\/\\\/wernerdeck.de\\\/blog\\\/2024\\\/05\\\/19\\\/geburtstagsgeschenk-vom-abenteuer-deutsche-bahn-ins-pariser-abenteuer-ein-romantischer-tag-in-der-stadt-der-liebe\\\/#respond\"]}]},{\"@type\":\"WebPage\",\"@id\":\"https:\\\/\\\/wernerdeck.de\\\/blog\\\/2024\\\/05\\\/19\\\/geburtstagsgeschenk-vom-abenteuer-deutsche-bahn-ins-pariser-abenteuer-ein-romantischer-tag-in-der-stadt-der-liebe\\\/\",\"url\":\"https:\\\/\\\/wernerdeck.de\\\/blog\\\/2024\\\/05\\\/19\\\/geburtstagsgeschenk-vom-abenteuer-deutsche-bahn-ins-pariser-abenteuer-ein-romantischer-tag-in-der-stadt-der-liebe\\\/\",\"name\":\"Das Geburtstagsgeschenk. Vom Abenteuer Deutsche Bahn ins Pariser Abenteuer: Ein romantischer Tag in der Stadt der Liebe - Privater Blog von Werner Deck\",\"isPartOf\":{\"@id\":\"https:\\\/\\\/wernerdeck.de\\\/blog\\\/#website\"},\"primaryImageOfPage\":{\"@id\":\"https:\\\/\\\/wernerdeck.de\\\/blog\\\/2024\\\/05\\\/19\\\/geburtstagsgeschenk-vom-abenteuer-deutsche-bahn-ins-pariser-abenteuer-ein-romantischer-tag-in-der-stadt-der-liebe\\\/#primaryimage\"},\"image\":{\"@id\":\"https:\\\/\\\/wernerdeck.de\\\/blog\\\/2024\\\/05\\\/19\\\/geburtstagsgeschenk-vom-abenteuer-deutsche-bahn-ins-pariser-abenteuer-ein-romantischer-tag-in-der-stadt-der-liebe\\\/#primaryimage\"},\"thumbnailUrl\":\"https:\\\/\\\/wernerdeck.de\\\/blog\\\/wp-content\\\/uploads\\\/2024\\\/05\\\/Nach-Paris-in-die-Stadt-der-Liebe.jpg\",\"datePublished\":\"2024-05-19T21:04:16+00:00\",\"dateModified\":\"2024-09-29T04:32:34+00:00\",\"description\":\"Der Start nach Paris verlief holprig, dank der Deutschen Bahn. Das Caf\u00e9 George V erkoren wir schlagartig zu unserem Lieblingsrestaurant.\",\"breadcrumb\":{\"@id\":\"https:\\\/\\\/wernerdeck.de\\\/blog\\\/2024\\\/05\\\/19\\\/geburtstagsgeschenk-vom-abenteuer-deutsche-bahn-ins-pariser-abenteuer-ein-romantischer-tag-in-der-stadt-der-liebe\\\/#breadcrumb\"},\"inLanguage\":\"de\",\"potentialAction\":[{\"@type\":\"ReadAction\",\"target\":[\"https:\\\/\\\/wernerdeck.de\\\/blog\\\/2024\\\/05\\\/19\\\/geburtstagsgeschenk-vom-abenteuer-deutsche-bahn-ins-pariser-abenteuer-ein-romantischer-tag-in-der-stadt-der-liebe\\\/\"]}]},{\"@type\":\"ImageObject\",\"inLanguage\":\"de\",\"@id\":\"https:\\\/\\\/wernerdeck.de\\\/blog\\\/2024\\\/05\\\/19\\\/geburtstagsgeschenk-vom-abenteuer-deutsche-bahn-ins-pariser-abenteuer-ein-romantischer-tag-in-der-stadt-der-liebe\\\/#primaryimage\",\"url\":\"https:\\\/\\\/wernerdeck.de\\\/blog\\\/wp-content\\\/uploads\\\/2024\\\/05\\\/Nach-Paris-in-die-Stadt-der-Liebe.jpg\",\"contentUrl\":\"https:\\\/\\\/wernerdeck.de\\\/blog\\\/wp-content\\\/uploads\\\/2024\\\/05\\\/Nach-Paris-in-die-Stadt-der-Liebe.jpg\",\"width\":1200,\"height\":437,\"caption\":\"Nach Paris in die Stadt der Liebe\"},{\"@type\":\"BreadcrumbList\",\"@id\":\"https:\\\/\\\/wernerdeck.de\\\/blog\\\/2024\\\/05\\\/19\\\/geburtstagsgeschenk-vom-abenteuer-deutsche-bahn-ins-pariser-abenteuer-ein-romantischer-tag-in-der-stadt-der-liebe\\\/#breadcrumb\",\"itemListElement\":[{\"@type\":\"ListItem\",\"position\":1,\"name\":\"Startseite\",\"item\":\"https:\\\/\\\/wernerdeck.de\\\/blog\\\/\"},{\"@type\":\"ListItem\",\"position\":2,\"name\":\"Das Geburtstagsgeschenk. Vom Abenteuer Deutsche Bahn ins Pariser Abenteuer: Ein romantischer Tag in der Stadt der Liebe\"}]},{\"@type\":\"WebSite\",\"@id\":\"https:\\\/\\\/wernerdeck.de\\\/blog\\\/#website\",\"url\":\"https:\\\/\\\/wernerdeck.de\\\/blog\\\/\",\"name\":\"Blog von Werner Deck\",\"description\":\"\",\"publisher\":{\"@id\":\"https:\\\/\\\/wernerdeck.de\\\/blog\\\/#\\\/schema\\\/person\\\/7af62de1f11b0a09297eeb81281e523c\"},\"potentialAction\":[{\"@type\":\"SearchAction\",\"target\":{\"@type\":\"EntryPoint\",\"urlTemplate\":\"https:\\\/\\\/wernerdeck.de\\\/blog\\\/?s={search_term_string}\"},\"query-input\":{\"@type\":\"PropertyValueSpecification\",\"valueRequired\":true,\"valueName\":\"search_term_string\"}}],\"inLanguage\":\"de\"},{\"@type\":[\"Person\",\"Organization\"],\"@id\":\"https:\\\/\\\/wernerdeck.de\\\/blog\\\/#\\\/schema\\\/person\\\/7af62de1f11b0a09297eeb81281e523c\",\"name\":\"Werner Deck\",\"image\":{\"@type\":\"ImageObject\",\"inLanguage\":\"de\",\"@id\":\"https:\\\/\\\/wernerdeck.de\\\/blog\\\/wp-content\\\/uploads\\\/2022\\\/05\\\/Werner-Deck-995x1024.jpg\",\"url\":\"https:\\\/\\\/wernerdeck.de\\\/blog\\\/wp-content\\\/uploads\\\/2022\\\/05\\\/Werner-Deck-995x1024.jpg\",\"contentUrl\":\"https:\\\/\\\/wernerdeck.de\\\/blog\\\/wp-content\\\/uploads\\\/2022\\\/05\\\/Werner-Deck-995x1024.jpg\",\"width\":995,\"height\":1024,\"caption\":\"Werner Deck\"},\"logo\":{\"@id\":\"https:\\\/\\\/wernerdeck.de\\\/blog\\\/wp-content\\\/uploads\\\/2022\\\/05\\\/Werner-Deck-995x1024.jpg\"},\"sameAs\":[\"https:\\\/\\\/wernerdeck.de\\\/blog\",\"https:\\\/\\\/www.facebook.com\\\/werner.deck\\\/\",\"https:\\\/\\\/www.instagram.com\\\/opti_maler_deck\\\/\",\"https:\\\/\\\/www.youtube.com\\\/c\\\/WernerDeck\"],\"url\":\"https:\\\/\\\/wernerdeck.de\\\/blog\\\/author\\\/wernerdeck-de\\\/\"}]}<\/script>\n<!-- \/ Yoast SEO plugin. -->","yoast_head_json":{"title":"Das Geburtstagsgeschenk. Vom Abenteuer Deutsche Bahn ins Pariser Abenteuer: Ein romantischer Tag in der Stadt der Liebe - Privater Blog von Werner Deck","description":"Der Start nach Paris verlief holprig, dank der Deutschen Bahn. Das Caf\u00e9 George V erkoren wir schlagartig zu unserem Lieblingsrestaurant.","robots":{"index":"index","follow":"follow","max-snippet":"max-snippet:-1","max-image-preview":"max-image-preview:large","max-video-preview":"max-video-preview:-1"},"canonical":"https:\/\/wernerdeck.de\/blog\/2024\/05\/19\/geburtstagsgeschenk-vom-abenteuer-deutsche-bahn-ins-pariser-abenteuer-ein-romantischer-tag-in-der-stadt-der-liebe\/","og_locale":"de_DE","og_type":"article","og_title":"Das Geburtstagsgeschenk. Vom Abenteuer Deutsche Bahn ins Pariser Abenteuer: Ein romantischer Tag in der Stadt der Liebe - Privater Blog von Werner Deck","og_description":"Der Start nach Paris verlief holprig, dank der Deutschen Bahn. Das Caf\u00e9 George V erkoren wir schlagartig zu unserem Lieblingsrestaurant.","og_url":"https:\/\/wernerdeck.de\/blog\/2024\/05\/19\/geburtstagsgeschenk-vom-abenteuer-deutsche-bahn-ins-pariser-abenteuer-ein-romantischer-tag-in-der-stadt-der-liebe\/","og_site_name":"Privater Blog von Werner Deck","article_publisher":"https:\/\/www.facebook.com\/werner.deck\/","article_author":"https:\/\/www.facebook.com\/werner.deck\/","article_published_time":"2024-05-19T21:04:16+00:00","article_modified_time":"2024-09-29T04:32:34+00:00","og_image":[{"width":1200,"height":437,"url":"https:\/\/wernerdeck.de\/blog\/wp-content\/uploads\/2024\/05\/Nach-Paris-in-die-Stadt-der-Liebe.jpg","type":"image\/jpeg"}],"author":"Werner Deck","twitter_card":"summary_large_image","twitter_misc":{"Verfasst von":"Werner Deck","Gesch\u00e4tzte Lesezeit":"5\u00a0Minuten"},"schema":{"@context":"https:\/\/schema.org","@graph":[{"@type":"Article","@id":"https:\/\/wernerdeck.de\/blog\/2024\/05\/19\/geburtstagsgeschenk-vom-abenteuer-deutsche-bahn-ins-pariser-abenteuer-ein-romantischer-tag-in-der-stadt-der-liebe\/#article","isPartOf":{"@id":"https:\/\/wernerdeck.de\/blog\/2024\/05\/19\/geburtstagsgeschenk-vom-abenteuer-deutsche-bahn-ins-pariser-abenteuer-ein-romantischer-tag-in-der-stadt-der-liebe\/"},"author":{"name":"Werner Deck","@id":"https:\/\/wernerdeck.de\/blog\/#\/schema\/person\/7af62de1f11b0a09297eeb81281e523c"},"headline":"Das Geburtstagsgeschenk. Vom Abenteuer Deutsche Bahn ins Pariser Abenteuer: Ein romantischer Tag in der Stadt der Liebe","datePublished":"2024-05-19T21:04:16+00:00","dateModified":"2024-09-29T04:32:34+00:00","mainEntityOfPage":{"@id":"https:\/\/wernerdeck.de\/blog\/2024\/05\/19\/geburtstagsgeschenk-vom-abenteuer-deutsche-bahn-ins-pariser-abenteuer-ein-romantischer-tag-in-der-stadt-der-liebe\/"},"wordCount":572,"commentCount":0,"publisher":{"@id":"https:\/\/wernerdeck.de\/blog\/#\/schema\/person\/7af62de1f11b0a09297eeb81281e523c"},"image":{"@id":"https:\/\/wernerdeck.de\/blog\/2024\/05\/19\/geburtstagsgeschenk-vom-abenteuer-deutsche-bahn-ins-pariser-abenteuer-ein-romantischer-tag-in-der-stadt-der-liebe\/#primaryimage"},"thumbnailUrl":"https:\/\/wernerdeck.de\/blog\/wp-content\/uploads\/2024\/05\/Nach-Paris-in-die-Stadt-der-Liebe.jpg","keywords":["Geburtstagsgeschenk","Paris"],"articleSection":["Reisebericht"],"inLanguage":"de","potentialAction":[{"@type":"CommentAction","name":"Comment","target":["https:\/\/wernerdeck.de\/blog\/2024\/05\/19\/geburtstagsgeschenk-vom-abenteuer-deutsche-bahn-ins-pariser-abenteuer-ein-romantischer-tag-in-der-stadt-der-liebe\/#respond"]}]},{"@type":"WebPage","@id":"https:\/\/wernerdeck.de\/blog\/2024\/05\/19\/geburtstagsgeschenk-vom-abenteuer-deutsche-bahn-ins-pariser-abenteuer-ein-romantischer-tag-in-der-stadt-der-liebe\/","url":"https:\/\/wernerdeck.de\/blog\/2024\/05\/19\/geburtstagsgeschenk-vom-abenteuer-deutsche-bahn-ins-pariser-abenteuer-ein-romantischer-tag-in-der-stadt-der-liebe\/","name":"Das Geburtstagsgeschenk. Vom Abenteuer Deutsche Bahn ins Pariser Abenteuer: Ein romantischer Tag in der Stadt der Liebe - Privater Blog von Werner Deck","isPartOf":{"@id":"https:\/\/wernerdeck.de\/blog\/#website"},"primaryImageOfPage":{"@id":"https:\/\/wernerdeck.de\/blog\/2024\/05\/19\/geburtstagsgeschenk-vom-abenteuer-deutsche-bahn-ins-pariser-abenteuer-ein-romantischer-tag-in-der-stadt-der-liebe\/#primaryimage"},"image":{"@id":"https:\/\/wernerdeck.de\/blog\/2024\/05\/19\/geburtstagsgeschenk-vom-abenteuer-deutsche-bahn-ins-pariser-abenteuer-ein-romantischer-tag-in-der-stadt-der-liebe\/#primaryimage"},"thumbnailUrl":"https:\/\/wernerdeck.de\/blog\/wp-content\/uploads\/2024\/05\/Nach-Paris-in-die-Stadt-der-Liebe.jpg","datePublished":"2024-05-19T21:04:16+00:00","dateModified":"2024-09-29T04:32:34+00:00","description":"Der Start nach Paris verlief holprig, dank der Deutschen Bahn. Das Caf\u00e9 George V erkoren wir schlagartig zu unserem Lieblingsrestaurant.","breadcrumb":{"@id":"https:\/\/wernerdeck.de\/blog\/2024\/05\/19\/geburtstagsgeschenk-vom-abenteuer-deutsche-bahn-ins-pariser-abenteuer-ein-romantischer-tag-in-der-stadt-der-liebe\/#breadcrumb"},"inLanguage":"de","potentialAction":[{"@type":"ReadAction","target":["https:\/\/wernerdeck.de\/blog\/2024\/05\/19\/geburtstagsgeschenk-vom-abenteuer-deutsche-bahn-ins-pariser-abenteuer-ein-romantischer-tag-in-der-stadt-der-liebe\/"]}]},{"@type":"ImageObject","inLanguage":"de","@id":"https:\/\/wernerdeck.de\/blog\/2024\/05\/19\/geburtstagsgeschenk-vom-abenteuer-deutsche-bahn-ins-pariser-abenteuer-ein-romantischer-tag-in-der-stadt-der-liebe\/#primaryimage","url":"https:\/\/wernerdeck.de\/blog\/wp-content\/uploads\/2024\/05\/Nach-Paris-in-die-Stadt-der-Liebe.jpg","contentUrl":"https:\/\/wernerdeck.de\/blog\/wp-content\/uploads\/2024\/05\/Nach-Paris-in-die-Stadt-der-Liebe.jpg","width":1200,"height":437,"caption":"Nach Paris in die Stadt der Liebe"},{"@type":"BreadcrumbList","@id":"https:\/\/wernerdeck.de\/blog\/2024\/05\/19\/geburtstagsgeschenk-vom-abenteuer-deutsche-bahn-ins-pariser-abenteuer-ein-romantischer-tag-in-der-stadt-der-liebe\/#breadcrumb","itemListElement":[{"@type":"ListItem","position":1,"name":"Startseite","item":"https:\/\/wernerdeck.de\/blog\/"},{"@type":"ListItem","position":2,"name":"Das Geburtstagsgeschenk. Vom Abenteuer Deutsche Bahn ins Pariser Abenteuer: Ein romantischer Tag in der Stadt der Liebe"}]},{"@type":"WebSite","@id":"https:\/\/wernerdeck.de\/blog\/#website","url":"https:\/\/wernerdeck.de\/blog\/","name":"Blog von Werner Deck","description":"","publisher":{"@id":"https:\/\/wernerdeck.de\/blog\/#\/schema\/person\/7af62de1f11b0a09297eeb81281e523c"},"potentialAction":[{"@type":"SearchAction","target":{"@type":"EntryPoint","urlTemplate":"https:\/\/wernerdeck.de\/blog\/?s={search_term_string}"},"query-input":{"@type":"PropertyValueSpecification","valueRequired":true,"valueName":"search_term_string"}}],"inLanguage":"de"},{"@type":["Person","Organization"],"@id":"https:\/\/wernerdeck.de\/blog\/#\/schema\/person\/7af62de1f11b0a09297eeb81281e523c","name":"Werner Deck","image":{"@type":"ImageObject","inLanguage":"de","@id":"https:\/\/wernerdeck.de\/blog\/wp-content\/uploads\/2022\/05\/Werner-Deck-995x1024.jpg","url":"https:\/\/wernerdeck.de\/blog\/wp-content\/uploads\/2022\/05\/Werner-Deck-995x1024.jpg","contentUrl":"https:\/\/wernerdeck.de\/blog\/wp-content\/uploads\/2022\/05\/Werner-Deck-995x1024.jpg","width":995,"height":1024,"caption":"Werner Deck"},"logo":{"@id":"https:\/\/wernerdeck.de\/blog\/wp-content\/uploads\/2022\/05\/Werner-Deck-995x1024.jpg"},"sameAs":["https:\/\/wernerdeck.de\/blog","https:\/\/www.facebook.com\/werner.deck\/","https:\/\/www.instagram.com\/opti_maler_deck\/","https:\/\/www.youtube.com\/c\/WernerDeck"],"url":"https:\/\/wernerdeck.de\/blog\/author\/wernerdeck-de\/"}]}},"_links":{"self":[{"href":"https:\/\/wernerdeck.de\/blog\/wp-json\/wp\/v2\/posts\/20715","targetHints":{"allow":["GET"]}}],"collection":[{"href":"https:\/\/wernerdeck.de\/blog\/wp-json\/wp\/v2\/posts"}],"about":[{"href":"https:\/\/wernerdeck.de\/blog\/wp-json\/wp\/v2\/types\/post"}],"author":[{"embeddable":true,"href":"https:\/\/wernerdeck.de\/blog\/wp-json\/wp\/v2\/users\/1"}],"replies":[{"embeddable":true,"href":"https:\/\/wernerdeck.de\/blog\/wp-json\/wp\/v2\/comments?post=20715"}],"version-history":[{"count":0,"href":"https:\/\/wernerdeck.de\/blog\/wp-json\/wp\/v2\/posts\/20715\/revisions"}],"wp:featuredmedia":[{"embeddable":true,"href":"https:\/\/wernerdeck.de\/blog\/wp-json\/wp\/v2\/media\/20840"}],"wp:attachment":[{"href":"https:\/\/wernerdeck.de\/blog\/wp-json\/wp\/v2\/media?parent=20715"}],"wp:term":[{"taxonomy":"category","embeddable":true,"href":"https:\/\/wernerdeck.de\/blog\/wp-json\/wp\/v2\/categories?post=20715"},{"taxonomy":"post_tag","embeddable":true,"href":"https:\/\/wernerdeck.de\/blog\/wp-json\/wp\/v2\/tags?post=20715"}],"curies":[{"name":"wp","href":"https:\/\/api.w.org\/{rel}","templated":true}]}}