{"id":20639,"date":"2024-04-22T12:56:33","date_gmt":"2024-04-22T10:56:33","guid":{"rendered":"https:\/\/wernerdeck.de\/blog\/?p=20639"},"modified":"2024-10-01T10:52:32","modified_gmt":"2024-10-01T08:52:32","slug":"auch-mit-2-x-35-jahren-kann-man-noch-ein-teenager-sein-%e2%9d%a4%ef%b8%8f-ein-runder-geburtstag-wie-kein-anderer","status":"publish","type":"post","link":"https:\/\/wernerdeck.de\/blog\/2024\/04\/22\/auch-mit-2-x-35-jahren-kann-man-noch-ein-teenager-sein-%e2%9d%a4%ef%b8%8f-ein-runder-geburtstag-wie-kein-anderer\/","title":{"rendered":"Auch mit 2 \u00d7 35 Jahren kann man noch ein Teenager sein. \u2764\ufe0f Ein runder Geburtstag wie kein anderer"},"content":{"rendered":"<p><a href=\"https:\/\/wernerdeck.de\/blog\/2024\/04\/20\/es-sich-gut-gehen-lassen-geburtstagsvorbereitungen-fuer-meine-liebe-liebe-neues-apartment-finden-die-zeit-bis-zum-21-april\/\">Hier geht es zum vorherigen Beitrag vom 20. April 2024<\/a><\/p>\n<hr>\n<p><img loading=\"lazy\" decoding=\"async\" class=\" wp-image-20646 alignleft\" src=\"https:\/\/wernerdeck.de\/blog\/wp-content\/uploads\/2024\/04\/Rita-an-ihrem-70sten-Geburtstag-auf-Teneriffa.jpg\" alt=\"Rita an ihrem 70sten Geburtstag auf Teneriffa\" width=\"152\" height=\"203\" srcset=\"https:\/\/wernerdeck.de\/blog\/wp-content\/uploads\/2024\/04\/Rita-an-ihrem-70sten-Geburtstag-auf-Teneriffa.jpg 600w, https:\/\/wernerdeck.de\/blog\/wp-content\/uploads\/2024\/04\/Rita-an-ihrem-70sten-Geburtstag-auf-Teneriffa-224x300.jpg 224w\" sizes=\"auto, (max-width: 152px) 100vw, 152px\" \/>Gestern gab es etwas Gro\u00dfartiges zu feiern. Den 2 \u00d7 35. Geburtstag meiner lieben Liebe. \u2764\ufe0f<\/p>\n<p>Mein Geburtstagsgeschenk war in einem Fotobuch zusammengefasst. Das hatte ich schon zu Hause fertiggestellt und nach Teneriffa mitgebracht. Das Geburtstagsvideo dazu stellte ich w\u00e4hrend unseres Aufenthalts hier fertig.&nbsp;<\/p>\n<p>So konnte ich meinem strahlenden Teenager am Morgen des 21. April zum runden Geburtstag gratulieren.<\/p>\n\n<div class=\"ngg-galleryoverview ngg-template-caption\" id=\"ngg-gallery-951c1d852086566a7753865641176e23-20639\">\n\n\t\t\n\t<!-- Thumbnails -->\n\t\t\t\t\t\n\t<div id=\"ngg-image-10171\" class=\"ngg-gallery-thumbnail-box\" style=\"width:25%;\" >\n\t\t<div class=\"ngg-gallery-thumbnail\" >\n\t\t\t<a href=\"https:\/\/wernerdeck.de\/blog\/wp-content\/gallery\/geburtstag1\/Der-runde-Geburtstag-von-Rita-in-Los-Christianos-01.jpg\"\n\t\t\t\ttitle=\"Das Geburtstagsgeschenk\"\n\t\t\t\tclass=\"ngg-simplelightbox\" rel=\"951c1d852086566a7753865641176e23\" data-image-id=\"10171\" data-src=\"https:\/\/wernerdeck.de\/blog\/wp-content\/gallery\/geburtstag1\/Der-runde-Geburtstag-von-Rita-in-Los-Christianos-01.jpg\" data-thumbnail=\"https:\/\/wernerdeck.de\/blog\/wp-content\/gallery\/geburtstag1\/thumbs\/thumbs_Der-runde-Geburtstag-von-Rita-in-Los-Christianos-01.jpg\" data-title=\"Der-runde-Geburtstag-von-Rita-in-Los-Christianos-01\" data-description=\"Das Geburtstagsgeschenk\" >\n\t\t\t\t\t\t\t\t<img title=\"Der-runde-Geburtstag-von-Rita-in-Los-Christianos-01\" alt=\"Der-runde-Geburtstag-von-Rita-in-Los-Christianos-01\" src=\"https:\/\/wernerdeck.de\/blog\/wp-content\/gallery\/geburtstag1\/thumbs\/thumbs_Der-runde-Geburtstag-von-Rita-in-Los-Christianos-01.jpg\" width='240' height='160' \/>\n\t\t\t\t\t\t\t<\/a>\n\t\t\t<span>\n\t\t\tDas Geburtstagsgeschenk\t\t\t<\/span>\n\t\t<\/div>\n\t<\/div>\n\t\t\t\t\t\t\t\t\n\t<div id=\"ngg-image-10173\" class=\"ngg-gallery-thumbnail-box\" style=\"width:25%;\" >\n\t\t<div class=\"ngg-gallery-thumbnail\" >\n\t\t\t<a href=\"https:\/\/wernerdeck.de\/blog\/wp-content\/gallery\/geburtstag1\/Der-runde-Geburtstag-von-Rita-in-Los-Christianos-02.jpg\"\n\t\t\t\ttitle=\"Mein strahlender Teenager am Morgen auf dem Balkon\"\n\t\t\t\tclass=\"ngg-simplelightbox\" rel=\"951c1d852086566a7753865641176e23\" data-image-id=\"10173\" data-src=\"https:\/\/wernerdeck.de\/blog\/wp-content\/gallery\/geburtstag1\/Der-runde-Geburtstag-von-Rita-in-Los-Christianos-02.jpg\" data-thumbnail=\"https:\/\/wernerdeck.de\/blog\/wp-content\/gallery\/geburtstag1\/thumbs\/thumbs_Der-runde-Geburtstag-von-Rita-in-Los-Christianos-02.jpg\" data-title=\"Der-runde-Geburtstag-von-Rita-in-Los-Christianos-02\" data-description=\"Mein strahlender Teenager am Morgen auf dem Balkon\" >\n\t\t\t\t\t\t\t\t<img title=\"Der-runde-Geburtstag-von-Rita-in-Los-Christianos-02\" alt=\"Der-runde-Geburtstag-von-Rita-in-Los-Christianos-02\" src=\"https:\/\/wernerdeck.de\/blog\/wp-content\/gallery\/geburtstag1\/thumbs\/thumbs_Der-runde-Geburtstag-von-Rita-in-Los-Christianos-02.jpg\" width='240' height='160' \/>\n\t\t\t\t\t\t\t<\/a>\n\t\t\t<span>\n\t\t\tMein strahlender Teenager am Morgen auf dem Balkon\t\t\t<\/span>\n\t\t<\/div>\n\t<\/div>\n\t\t\t\t\t\t\t\t\n\t<div id=\"ngg-image-10170\" class=\"ngg-gallery-thumbnail-box\" style=\"width:25%;\" >\n\t\t<div class=\"ngg-gallery-thumbnail\" >\n\t\t\t<a href=\"https:\/\/wernerdeck.de\/blog\/wp-content\/gallery\/geburtstag1\/Der-runde-Geburtstag-von-Rita-in-Los-Christianos-03.jpg\"\n\t\t\t\ttitle=\"Fr\u00fchst\u00fcck an der Strandpromenade\"\n\t\t\t\tclass=\"ngg-simplelightbox\" rel=\"951c1d852086566a7753865641176e23\" data-image-id=\"10170\" data-src=\"https:\/\/wernerdeck.de\/blog\/wp-content\/gallery\/geburtstag1\/Der-runde-Geburtstag-von-Rita-in-Los-Christianos-03.jpg\" data-thumbnail=\"https:\/\/wernerdeck.de\/blog\/wp-content\/gallery\/geburtstag1\/thumbs\/thumbs_Der-runde-Geburtstag-von-Rita-in-Los-Christianos-03.jpg\" data-title=\"Der-runde-Geburtstag-von-Rita-in-Los-Christianos-03\" data-description=\"Fr\u00fchst\u00fcck an der Strandpromenade\" >\n\t\t\t\t\t\t\t\t<img title=\"Der-runde-Geburtstag-von-Rita-in-Los-Christianos-03\" alt=\"Der-runde-Geburtstag-von-Rita-in-Los-Christianos-03\" src=\"https:\/\/wernerdeck.de\/blog\/wp-content\/gallery\/geburtstag1\/thumbs\/thumbs_Der-runde-Geburtstag-von-Rita-in-Los-Christianos-03.jpg\" width='240' height='160' \/>\n\t\t\t\t\t\t\t<\/a>\n\t\t\t<span>\n\t\t\tFr\u00fchst\u00fcck an der Strandpromenade\t\t\t<\/span>\n\t\t<\/div>\n\t<\/div>\n\t\t\t\t\t\t\t\t\n\t<div id=\"ngg-image-10172\" class=\"ngg-gallery-thumbnail-box\" style=\"width:25%;\" >\n\t\t<div class=\"ngg-gallery-thumbnail\" >\n\t\t\t<a href=\"https:\/\/wernerdeck.de\/blog\/wp-content\/gallery\/geburtstag1\/Der-runde-Geburtstag-von-Rita-in-Los-Christianos-04.jpg\"\n\t\t\t\ttitle=\"Fr\u00fchst\u00fcck an der Strandpromenade\"\n\t\t\t\tclass=\"ngg-simplelightbox\" rel=\"951c1d852086566a7753865641176e23\" data-image-id=\"10172\" data-src=\"https:\/\/wernerdeck.de\/blog\/wp-content\/gallery\/geburtstag1\/Der-runde-Geburtstag-von-Rita-in-Los-Christianos-04.jpg\" data-thumbnail=\"https:\/\/wernerdeck.de\/blog\/wp-content\/gallery\/geburtstag1\/thumbs\/thumbs_Der-runde-Geburtstag-von-Rita-in-Los-Christianos-04.jpg\" data-title=\"Der-runde-Geburtstag-von-Rita-in-Los-Christianos-02\" data-description=\"Fr\u00fchst\u00fcck an der Strandpromenade\" >\n\t\t\t\t\t\t\t\t<img title=\"Der-runde-Geburtstag-von-Rita-in-Los-Christianos-02\" alt=\"Der-runde-Geburtstag-von-Rita-in-Los-Christianos-02\" src=\"https:\/\/wernerdeck.de\/blog\/wp-content\/gallery\/geburtstag1\/thumbs\/thumbs_Der-runde-Geburtstag-von-Rita-in-Los-Christianos-04.jpg\" width='240' height='160' \/>\n\t\t\t\t\t\t\t<\/a>\n\t\t\t<span>\n\t\t\tFr\u00fchst\u00fcck an der Strandpromenade\t\t\t<\/span>\n\t\t<\/div>\n\t<\/div>\n\t\t\t\t\t\t\t<br style=\"clear: both\" \/>\n\t\t\t\n\t<!-- Pagination -->\n\t\t<div class='ngg-clear'><\/div>\t\n<\/div>\n\n\t\n<h3 style=\"text-align: center;\">Auch mit 2 \u00d7 35 Jahren kann man noch ein Teenager sein. \u2764\ufe0f<br \/>\nEin runder Geburtstag wie kein anderer<\/h3>\n<p><iframe loading=\"lazy\" hcb-fetch-image-from=\"https:\/\/www.youtube.com\/watch?v=oqsNL8HvWfo\" title=\"Rita Geburtstag\" width=\"1200\" height=\"675\" src=\"https:\/\/www.youtube.com\/embed\/oqsNL8HvWfo?feature=oembed\" frameborder=\"0\" allow=\"accelerometer; autoplay; clipboard-write; encrypted-media; gyroscope; picture-in-picture; web-share\" referrerpolicy=\"strict-origin-when-cross-origin\" allowfullscreen><\/iframe><\/p>\n<p>Lange suchte ich nach einem geeigneten Restaurant f\u00fcr den Abend. Es sollte ein Strandrestaurant sein, an dem man nicht nur das gute Essen, sondern auch einen romantischen Sonnenuntergang genie\u00dfen konnte. Im ca. 15 km entfernten <a href=\"https:\/\/limonella.es\/\" target=\"_blank\" rel=\"noopener\">Restaurant Limonella, an der Playa de las Americas<\/a> wurde ich f\u00fcndig. Um es vorwegzunehmen, es war ein perfekter Abend. Die Reservierung im Vorfeld klappte sehr gut und Chef Tommaso erf\u00fcllte meine dazu ge\u00e4u\u00dferten W\u00fcnsche ausgezeichnet.<\/p>\n<p>\n<div class=\"ngg-galleryoverview ngg-template-caption\" id=\"ngg-gallery-717b614395daf66f6c6653b96a9ead35-20639\">\n\n\t\t\n\t<!-- Thumbnails -->\n\t\t\t\t\t\n\t<div id=\"ngg-image-10177\" class=\"ngg-gallery-thumbnail-box\" style=\"width:25%;\" >\n\t\t<div class=\"ngg-gallery-thumbnail\" >\n\t\t\t<a href=\"https:\/\/wernerdeck.de\/blog\/wp-content\/gallery\/limonella1\/Der-runde-Geburtstag-von-Rita-im-Restaurant-Limonella-an-der-Playa-de-las-Americas-auf-Teneriffa-01.jpg\"\n\t\t\t\ttitle=\"Abfahrt in Los Christianos\"\n\t\t\t\tclass=\"ngg-simplelightbox\" rel=\"717b614395daf66f6c6653b96a9ead35\" data-image-id=\"10177\" data-src=\"https:\/\/wernerdeck.de\/blog\/wp-content\/gallery\/limonella1\/Der-runde-Geburtstag-von-Rita-im-Restaurant-Limonella-an-der-Playa-de-las-Americas-auf-Teneriffa-01.jpg\" data-thumbnail=\"https:\/\/wernerdeck.de\/blog\/wp-content\/gallery\/limonella1\/thumbs\/thumbs_Der-runde-Geburtstag-von-Rita-im-Restaurant-Limonella-an-der-Playa-de-las-Americas-auf-Teneriffa-01.jpg\" data-title=\"Der-runde-Geburtstag-von-Rita-im-Restaurant-Limonella-an-der-Playa-de-las-Americas-auf-Teneriffa-01\" data-description=\"Abfahrt in Los Christianos\" >\n\t\t\t\t\t\t\t\t<img title=\"Der-runde-Geburtstag-von-Rita-im-Restaurant-Limonella-an-der-Playa-de-las-Americas-auf-Teneriffa-01\" alt=\"Der-runde-Geburtstag-von-Rita-im-Restaurant-Limonella-an-der-Playa-de-las-Americas-auf-Teneriffa-01\" src=\"https:\/\/wernerdeck.de\/blog\/wp-content\/gallery\/limonella1\/thumbs\/thumbs_Der-runde-Geburtstag-von-Rita-im-Restaurant-Limonella-an-der-Playa-de-las-Americas-auf-Teneriffa-01.jpg\" width='240' height='160' \/>\n\t\t\t\t\t\t\t<\/a>\n\t\t\t<span>\n\t\t\tAbfahrt in Los Christianos\t\t\t<\/span>\n\t\t<\/div>\n\t<\/div>\n\t\t\t\t\t\t\t\t\n\t<div id=\"ngg-image-10178\" class=\"ngg-gallery-thumbnail-box\" style=\"width:25%;\" >\n\t\t<div class=\"ngg-gallery-thumbnail\" >\n\t\t\t<a href=\"https:\/\/wernerdeck.de\/blog\/wp-content\/gallery\/limonella1\/Der-runde-Geburtstag-von-Rita-im-Restaurant-Limonella-an-der-Playa-de-las-Americas-auf-Teneriffa-06.jpg\"\n\t\t\t\ttitle=\"Im Taxi\"\n\t\t\t\tclass=\"ngg-simplelightbox\" rel=\"717b614395daf66f6c6653b96a9ead35\" data-image-id=\"10178\" data-src=\"https:\/\/wernerdeck.de\/blog\/wp-content\/gallery\/limonella1\/Der-runde-Geburtstag-von-Rita-im-Restaurant-Limonella-an-der-Playa-de-las-Americas-auf-Teneriffa-06.jpg\" data-thumbnail=\"https:\/\/wernerdeck.de\/blog\/wp-content\/gallery\/limonella1\/thumbs\/thumbs_Der-runde-Geburtstag-von-Rita-im-Restaurant-Limonella-an-der-Playa-de-las-Americas-auf-Teneriffa-06.jpg\" data-title=\"Der-runde-Geburtstag-von-Rita-im-Restaurant-Limonella-an-der-Playa-de-las-Americas-auf-Teneriffa-06\" data-description=\"Im Taxi\" >\n\t\t\t\t\t\t\t\t<img title=\"Der-runde-Geburtstag-von-Rita-im-Restaurant-Limonella-an-der-Playa-de-las-Americas-auf-Teneriffa-06\" alt=\"Der-runde-Geburtstag-von-Rita-im-Restaurant-Limonella-an-der-Playa-de-las-Americas-auf-Teneriffa-06\" src=\"https:\/\/wernerdeck.de\/blog\/wp-content\/gallery\/limonella1\/thumbs\/thumbs_Der-runde-Geburtstag-von-Rita-im-Restaurant-Limonella-an-der-Playa-de-las-Americas-auf-Teneriffa-06.jpg\" width='240' height='160' \/>\n\t\t\t\t\t\t\t<\/a>\n\t\t\t<span>\n\t\t\tIm Taxi\t\t\t<\/span>\n\t\t<\/div>\n\t<\/div>\n\t\t\t\t\t\t\t\t\n\t<div id=\"ngg-image-10180\" class=\"ngg-gallery-thumbnail-box\" style=\"width:25%;\" >\n\t\t<div class=\"ngg-gallery-thumbnail\" >\n\t\t\t<a href=\"https:\/\/wernerdeck.de\/blog\/wp-content\/gallery\/limonella1\/Der-runde-Geburtstag-von-Rita-im-Restaurant-Limonella-an-der-Playa-de-las-Americas-auf-Teneriffa-13.jpg\"\n\t\t\t\ttitle=\"Ankunft am Restaurant Limonella\"\n\t\t\t\tclass=\"ngg-simplelightbox\" rel=\"717b614395daf66f6c6653b96a9ead35\" data-image-id=\"10180\" data-src=\"https:\/\/wernerdeck.de\/blog\/wp-content\/gallery\/limonella1\/Der-runde-Geburtstag-von-Rita-im-Restaurant-Limonella-an-der-Playa-de-las-Americas-auf-Teneriffa-13.jpg\" data-thumbnail=\"https:\/\/wernerdeck.de\/blog\/wp-content\/gallery\/limonella1\/thumbs\/thumbs_Der-runde-Geburtstag-von-Rita-im-Restaurant-Limonella-an-der-Playa-de-las-Americas-auf-Teneriffa-13.jpg\" data-title=\"Der-runde-Geburtstag-von-Rita-im-Restaurant-Limonella-an-der-Playa-de-las-Americas-auf-Teneriffa-13\" data-description=\"Ankunft am Restaurant Limonella\" >\n\t\t\t\t\t\t\t\t<img title=\"Der-runde-Geburtstag-von-Rita-im-Restaurant-Limonella-an-der-Playa-de-las-Americas-auf-Teneriffa-13\" alt=\"Der-runde-Geburtstag-von-Rita-im-Restaurant-Limonella-an-der-Playa-de-las-Americas-auf-Teneriffa-13\" src=\"https:\/\/wernerdeck.de\/blog\/wp-content\/gallery\/limonella1\/thumbs\/thumbs_Der-runde-Geburtstag-von-Rita-im-Restaurant-Limonella-an-der-Playa-de-las-Americas-auf-Teneriffa-13.jpg\" width='240' height='160' \/>\n\t\t\t\t\t\t\t<\/a>\n\t\t\t<span>\n\t\t\tAnkunft am Restaurant Limonella\t\t\t<\/span>\n\t\t<\/div>\n\t<\/div>\n\t\t\t\t\t\t\t\t\n\t<div id=\"ngg-image-10179\" class=\"ngg-gallery-thumbnail-box\" style=\"width:25%;\" >\n\t\t<div class=\"ngg-gallery-thumbnail\" >\n\t\t\t<a href=\"https:\/\/wernerdeck.de\/blog\/wp-content\/gallery\/limonella1\/Der-runde-Geburtstag-von-Rita-im-Restaurant-Limonella-an-der-Playa-de-las-Americas-auf-Teneriffa-07.jpg\"\n\t\t\t\ttitle=\"Von Chef mit einem Prosecco empfangen\"\n\t\t\t\tclass=\"ngg-simplelightbox\" rel=\"717b614395daf66f6c6653b96a9ead35\" data-image-id=\"10179\" data-src=\"https:\/\/wernerdeck.de\/blog\/wp-content\/gallery\/limonella1\/Der-runde-Geburtstag-von-Rita-im-Restaurant-Limonella-an-der-Playa-de-las-Americas-auf-Teneriffa-07.jpg\" data-thumbnail=\"https:\/\/wernerdeck.de\/blog\/wp-content\/gallery\/limonella1\/thumbs\/thumbs_Der-runde-Geburtstag-von-Rita-im-Restaurant-Limonella-an-der-Playa-de-las-Americas-auf-Teneriffa-07.jpg\" data-title=\"Der-runde-Geburtstag-von-Rita-im-Restaurant-Limonella-an-der-Playa-de-las-Americas-auf-Teneriffa\" data-description=\"Von Chef mit einem Prosecco empfangen\" >\n\t\t\t\t\t\t\t\t<img title=\"Der-runde-Geburtstag-von-Rita-im-Restaurant-Limonella-an-der-Playa-de-las-Americas-auf-Teneriffa\" alt=\"Der-runde-Geburtstag-von-Rita-im-Restaurant-Limonella-an-der-Playa-de-las-Americas-auf-Teneriffa\" src=\"https:\/\/wernerdeck.de\/blog\/wp-content\/gallery\/limonella1\/thumbs\/thumbs_Der-runde-Geburtstag-von-Rita-im-Restaurant-Limonella-an-der-Playa-de-las-Americas-auf-Teneriffa-07.jpg\" width='240' height='160' \/>\n\t\t\t\t\t\t\t<\/a>\n\t\t\t<span>\n\t\t\tVon Chef mit einem Prosecco empfangen\t\t\t<\/span>\n\t\t<\/div>\n\t<\/div>\n\t\t\t\t\t\t\t<br style=\"clear: both\" \/>\n\t\t\t\n\t<div id=\"ngg-image-10176\" class=\"ngg-gallery-thumbnail-box\" style=\"width:25%;\" >\n\t\t<div class=\"ngg-gallery-thumbnail\" >\n\t\t\t<a href=\"https:\/\/wernerdeck.de\/blog\/wp-content\/gallery\/limonella1\/Der-runde-Geburtstag-von-Rita-im-Restaurant-Limonella-an-der-Playa-de-las-Americas-auf-Teneriffa-08.jpg\"\n\t\t\t\ttitle=\" \"\n\t\t\t\tclass=\"ngg-simplelightbox\" rel=\"717b614395daf66f6c6653b96a9ead35\" data-image-id=\"10176\" data-src=\"https:\/\/wernerdeck.de\/blog\/wp-content\/gallery\/limonella1\/Der-runde-Geburtstag-von-Rita-im-Restaurant-Limonella-an-der-Playa-de-las-Americas-auf-Teneriffa-08.jpg\" data-thumbnail=\"https:\/\/wernerdeck.de\/blog\/wp-content\/gallery\/limonella1\/thumbs\/thumbs_Der-runde-Geburtstag-von-Rita-im-Restaurant-Limonella-an-der-Playa-de-las-Americas-auf-Teneriffa-08.jpg\" data-title=\"Der-runde-Geburtstag-von-Rita-im-Restaurant-Limonella-an-der-Playa-de-las-Americas-auf-Teneriffa-08\" data-description=\" \" >\n\t\t\t\t\t\t\t\t<img title=\"Der-runde-Geburtstag-von-Rita-im-Restaurant-Limonella-an-der-Playa-de-las-Americas-auf-Teneriffa-08\" alt=\"Der-runde-Geburtstag-von-Rita-im-Restaurant-Limonella-an-der-Playa-de-las-Americas-auf-Teneriffa-08\" src=\"https:\/\/wernerdeck.de\/blog\/wp-content\/gallery\/limonella1\/thumbs\/thumbs_Der-runde-Geburtstag-von-Rita-im-Restaurant-Limonella-an-der-Playa-de-las-Americas-auf-Teneriffa-08.jpg\" width='240' height='160' \/>\n\t\t\t\t\t\t\t<\/a>\n\t\t\t<span>\n\t\t\t \t\t\t<\/span>\n\t\t<\/div>\n\t<\/div>\n\t\t\t\t\t\t\t\t\n\t<div id=\"ngg-image-10175\" class=\"ngg-gallery-thumbnail-box\" style=\"width:25%;\" >\n\t\t<div class=\"ngg-gallery-thumbnail\" >\n\t\t\t<a href=\"https:\/\/wernerdeck.de\/blog\/wp-content\/gallery\/limonella1\/Der-runde-Geburtstag-von-Rita-im-Restaurant-Limonella-an-der-Playa-de-las-Americas-auf-Teneriffa-09.jpg\"\n\t\t\t\ttitle=\"Der bestellte Blumenstrau\u00df\"\n\t\t\t\tclass=\"ngg-simplelightbox\" rel=\"717b614395daf66f6c6653b96a9ead35\" data-image-id=\"10175\" data-src=\"https:\/\/wernerdeck.de\/blog\/wp-content\/gallery\/limonella1\/Der-runde-Geburtstag-von-Rita-im-Restaurant-Limonella-an-der-Playa-de-las-Americas-auf-Teneriffa-09.jpg\" data-thumbnail=\"https:\/\/wernerdeck.de\/blog\/wp-content\/gallery\/limonella1\/thumbs\/thumbs_Der-runde-Geburtstag-von-Rita-im-Restaurant-Limonella-an-der-Playa-de-las-Americas-auf-Teneriffa-09.jpg\" data-title=\"Der-runde-Geburtstag-von-Rita-im-Restaurant-Limonella-an-der-Playa-de-las-Americas-auf-Teneriffa-\" data-description=\"Der bestellte Blumenstrau\u00df\" >\n\t\t\t\t\t\t\t\t<img title=\"Der-runde-Geburtstag-von-Rita-im-Restaurant-Limonella-an-der-Playa-de-las-Americas-auf-Teneriffa-\" alt=\"Der-runde-Geburtstag-von-Rita-im-Restaurant-Limonella-an-der-Playa-de-las-Americas-auf-Teneriffa-\" src=\"https:\/\/wernerdeck.de\/blog\/wp-content\/gallery\/limonella1\/thumbs\/thumbs_Der-runde-Geburtstag-von-Rita-im-Restaurant-Limonella-an-der-Playa-de-las-Americas-auf-Teneriffa-09.jpg\" width='240' height='160' \/>\n\t\t\t\t\t\t\t<\/a>\n\t\t\t<span>\n\t\t\tDer bestellte Blumenstrau\u00df\t\t\t<\/span>\n\t\t<\/div>\n\t<\/div>\n\t\t\t\t\t\t\t\t\n\t<div id=\"ngg-image-10174\" class=\"ngg-gallery-thumbnail-box\" style=\"width:25%;\" >\n\t\t<div class=\"ngg-gallery-thumbnail\" >\n\t\t\t<a href=\"https:\/\/wernerdeck.de\/blog\/wp-content\/gallery\/limonella1\/Der-runde-Geburtstag-von-Rita-im-Restaurant-Limonella-an-der-Playa-de-las-Americas-auf-Teneriffa-04.jpg\"\n\t\t\t\ttitle=\"Aperetif\"\n\t\t\t\tclass=\"ngg-simplelightbox\" rel=\"717b614395daf66f6c6653b96a9ead35\" data-image-id=\"10174\" data-src=\"https:\/\/wernerdeck.de\/blog\/wp-content\/gallery\/limonella1\/Der-runde-Geburtstag-von-Rita-im-Restaurant-Limonella-an-der-Playa-de-las-Americas-auf-Teneriffa-04.jpg\" data-thumbnail=\"https:\/\/wernerdeck.de\/blog\/wp-content\/gallery\/limonella1\/thumbs\/thumbs_Der-runde-Geburtstag-von-Rita-im-Restaurant-Limonella-an-der-Playa-de-las-Americas-auf-Teneriffa-04.jpg\" data-title=\"Der-runde-Geburtstag-von-Rita-im-Restaurant-Limonella-an-der-Playa-de-las-Americas-auf-Teneriffa-04\" data-description=\"Aperetif\" >\n\t\t\t\t\t\t\t\t<img title=\"Der-runde-Geburtstag-von-Rita-im-Restaurant-Limonella-an-der-Playa-de-las-Americas-auf-Teneriffa-04\" alt=\"Der-runde-Geburtstag-von-Rita-im-Restaurant-Limonella-an-der-Playa-de-las-Americas-auf-Teneriffa-04\" src=\"https:\/\/wernerdeck.de\/blog\/wp-content\/gallery\/limonella1\/thumbs\/thumbs_Der-runde-Geburtstag-von-Rita-im-Restaurant-Limonella-an-der-Playa-de-las-Americas-auf-Teneriffa-04.jpg\" width='240' height='160' \/>\n\t\t\t\t\t\t\t<\/a>\n\t\t\t<span>\n\t\t\tAperetif\t\t\t<\/span>\n\t\t<\/div>\n\t<\/div>\n\t\t\t\t\t\t\t\t\n\t<div id=\"ngg-image-10181\" class=\"ngg-gallery-thumbnail-box\" style=\"width:25%;\" >\n\t\t<div class=\"ngg-gallery-thumbnail\" >\n\t\t\t<a href=\"https:\/\/wernerdeck.de\/blog\/wp-content\/gallery\/limonella1\/Der-runde-Geburtstag-von-Rita-im-Restaurant-Limonella-an-der-Playa-de-las-Americas-auf-Teneriffa-14.jpg\"\n\t\t\t\ttitle=\"Blick auf Strandpromenade\"\n\t\t\t\tclass=\"ngg-simplelightbox\" rel=\"717b614395daf66f6c6653b96a9ead35\" data-image-id=\"10181\" data-src=\"https:\/\/wernerdeck.de\/blog\/wp-content\/gallery\/limonella1\/Der-runde-Geburtstag-von-Rita-im-Restaurant-Limonella-an-der-Playa-de-las-Americas-auf-Teneriffa-14.jpg\" data-thumbnail=\"https:\/\/wernerdeck.de\/blog\/wp-content\/gallery\/limonella1\/thumbs\/thumbs_Der-runde-Geburtstag-von-Rita-im-Restaurant-Limonella-an-der-Playa-de-las-Americas-auf-Teneriffa-14.jpg\" data-title=\"Der-runde-Geburtstag-von-Rita-im-Restaurant-Limonella-an-der-Playa-de-las-Americas-auf-Teneriffa-14\" data-description=\"Blick auf Strandpromenade\" >\n\t\t\t\t\t\t\t\t<img title=\"Der-runde-Geburtstag-von-Rita-im-Restaurant-Limonella-an-der-Playa-de-las-Americas-auf-Teneriffa-14\" alt=\"Der-runde-Geburtstag-von-Rita-im-Restaurant-Limonella-an-der-Playa-de-las-Americas-auf-Teneriffa-14\" src=\"https:\/\/wernerdeck.de\/blog\/wp-content\/gallery\/limonella1\/thumbs\/thumbs_Der-runde-Geburtstag-von-Rita-im-Restaurant-Limonella-an-der-Playa-de-las-Americas-auf-Teneriffa-14.jpg\" width='240' height='160' \/>\n\t\t\t\t\t\t\t<\/a>\n\t\t\t<span>\n\t\t\tBlick auf Strandpromenade\t\t\t<\/span>\n\t\t<\/div>\n\t<\/div>\n\t\t\t\t\t\t\t<br style=\"clear: both\" \/>\n\t\t\t\n\t<div id=\"ngg-image-10182\" class=\"ngg-gallery-thumbnail-box\" style=\"width:25%;\" >\n\t\t<div class=\"ngg-gallery-thumbnail\" >\n\t\t\t<a href=\"https:\/\/wernerdeck.de\/blog\/wp-content\/gallery\/limonella1\/Der-runde-Geburtstag-von-Rita-im-Restaurant-Limonella-an-der-Playa-de-las-Americas-auf-Teneriffa-10.jpg\"\n\t\t\t\ttitle=\"Noch Geburtstagsgr\u00fc\u00dfe entgegennehmen\"\n\t\t\t\tclass=\"ngg-simplelightbox\" rel=\"717b614395daf66f6c6653b96a9ead35\" data-image-id=\"10182\" data-src=\"https:\/\/wernerdeck.de\/blog\/wp-content\/gallery\/limonella1\/Der-runde-Geburtstag-von-Rita-im-Restaurant-Limonella-an-der-Playa-de-las-Americas-auf-Teneriffa-10.jpg\" data-thumbnail=\"https:\/\/wernerdeck.de\/blog\/wp-content\/gallery\/limonella1\/thumbs\/thumbs_Der-runde-Geburtstag-von-Rita-im-Restaurant-Limonella-an-der-Playa-de-las-Americas-auf-Teneriffa-10.jpg\" data-title=\"Der-runde-Geburtstag-von-Rita-im-Restaurant-Limonella-an-der-Playa-de-las-Americas-auf-Teneriffa\" data-description=\"Noch Geburtstagsgr\u00fc\u00dfe entgegennehmen\" >\n\t\t\t\t\t\t\t\t<img title=\"Der-runde-Geburtstag-von-Rita-im-Restaurant-Limonella-an-der-Playa-de-las-Americas-auf-Teneriffa\" alt=\"Der-runde-Geburtstag-von-Rita-im-Restaurant-Limonella-an-der-Playa-de-las-Americas-auf-Teneriffa\" src=\"https:\/\/wernerdeck.de\/blog\/wp-content\/gallery\/limonella1\/thumbs\/thumbs_Der-runde-Geburtstag-von-Rita-im-Restaurant-Limonella-an-der-Playa-de-las-Americas-auf-Teneriffa-10.jpg\" width='240' height='160' \/>\n\t\t\t\t\t\t\t<\/a>\n\t\t\t<span>\n\t\t\tNoch Geburtstagsgr\u00fc\u00dfe entgegennehmen\t\t\t<\/span>\n\t\t<\/div>\n\t<\/div>\n\t\t\t\t\t\t\t\t\n\t<div id=\"ngg-image-10183\" class=\"ngg-gallery-thumbnail-box\" style=\"width:25%;\" >\n\t\t<div class=\"ngg-gallery-thumbnail\" >\n\t\t\t<a href=\"https:\/\/wernerdeck.de\/blog\/wp-content\/gallery\/limonella1\/Der-runde-Geburtstag-von-Rita-im-Restaurant-Limonella-an-der-Playa-de-las-Americas-auf-Teneriffa-15.jpg\"\n\t\t\t\ttitle=\"Warten auf meinen Teenager\"\n\t\t\t\tclass=\"ngg-simplelightbox\" rel=\"717b614395daf66f6c6653b96a9ead35\" data-image-id=\"10183\" data-src=\"https:\/\/wernerdeck.de\/blog\/wp-content\/gallery\/limonella1\/Der-runde-Geburtstag-von-Rita-im-Restaurant-Limonella-an-der-Playa-de-las-Americas-auf-Teneriffa-15.jpg\" data-thumbnail=\"https:\/\/wernerdeck.de\/blog\/wp-content\/gallery\/limonella1\/thumbs\/thumbs_Der-runde-Geburtstag-von-Rita-im-Restaurant-Limonella-an-der-Playa-de-las-Americas-auf-Teneriffa-15.jpg\" data-title=\"Der-runde-Geburtstag-von-Rita-im-Restaurant-Limonella-an-der-Playa-de-las-Americas-auf-Teneriffa-15\" data-description=\"Warten auf meinen Teenager\" >\n\t\t\t\t\t\t\t\t<img title=\"Der-runde-Geburtstag-von-Rita-im-Restaurant-Limonella-an-der-Playa-de-las-Americas-auf-Teneriffa-15\" alt=\"Der-runde-Geburtstag-von-Rita-im-Restaurant-Limonella-an-der-Playa-de-las-Americas-auf-Teneriffa-15\" src=\"https:\/\/wernerdeck.de\/blog\/wp-content\/gallery\/limonella1\/thumbs\/thumbs_Der-runde-Geburtstag-von-Rita-im-Restaurant-Limonella-an-der-Playa-de-las-Americas-auf-Teneriffa-15.jpg\" width='240' height='160' \/>\n\t\t\t\t\t\t\t<\/a>\n\t\t\t<span>\n\t\t\tWarten auf meinen Teenager\t\t\t<\/span>\n\t\t<\/div>\n\t<\/div>\n\t\t\t\t\t\t\t\t\n\t<div id=\"ngg-image-10185\" class=\"ngg-gallery-thumbnail-box\" style=\"width:25%;\" >\n\t\t<div class=\"ngg-gallery-thumbnail\" >\n\t\t\t<a href=\"https:\/\/wernerdeck.de\/blog\/wp-content\/gallery\/limonella1\/Der-runde-Geburtstag-von-Rita-im-Restaurant-Limonella-an-der-Playa-de-las-Americas-auf-Teneriffa-12.jpg\"\n\t\t\t\ttitle=\"Sch\u00f6ne Rosen\"\n\t\t\t\tclass=\"ngg-simplelightbox\" rel=\"717b614395daf66f6c6653b96a9ead35\" data-image-id=\"10185\" data-src=\"https:\/\/wernerdeck.de\/blog\/wp-content\/gallery\/limonella1\/Der-runde-Geburtstag-von-Rita-im-Restaurant-Limonella-an-der-Playa-de-las-Americas-auf-Teneriffa-12.jpg\" data-thumbnail=\"https:\/\/wernerdeck.de\/blog\/wp-content\/gallery\/limonella1\/thumbs\/thumbs_Der-runde-Geburtstag-von-Rita-im-Restaurant-Limonella-an-der-Playa-de-las-Americas-auf-Teneriffa-12.jpg\" data-title=\"Der-runde-Geburtstag-von-Rita-im-Restaurant-Limonella-an-der-Playa-de-las-Americas-auf-Teneriffa-1\" data-description=\"Sch\u00f6ne Rosen\" >\n\t\t\t\t\t\t\t\t<img title=\"Der-runde-Geburtstag-von-Rita-im-Restaurant-Limonella-an-der-Playa-de-las-Americas-auf-Teneriffa-1\" alt=\"Der-runde-Geburtstag-von-Rita-im-Restaurant-Limonella-an-der-Playa-de-las-Americas-auf-Teneriffa-1\" src=\"https:\/\/wernerdeck.de\/blog\/wp-content\/gallery\/limonella1\/thumbs\/thumbs_Der-runde-Geburtstag-von-Rita-im-Restaurant-Limonella-an-der-Playa-de-las-Americas-auf-Teneriffa-12.jpg\" width='240' height='160' \/>\n\t\t\t\t\t\t\t<\/a>\n\t\t\t<span>\n\t\t\tSch\u00f6ne Rosen\t\t\t<\/span>\n\t\t<\/div>\n\t<\/div>\n\t\t\t\t\t\t\t\t\n\t<div id=\"ngg-image-10184\" class=\"ngg-gallery-thumbnail-box\" style=\"width:25%;\" >\n\t\t<div class=\"ngg-gallery-thumbnail\" >\n\t\t\t<a href=\"https:\/\/wernerdeck.de\/blog\/wp-content\/gallery\/limonella1\/Der-runde-Geburtstag-von-Rita-im-Restaurant-Limonella-an-der-Playa-de-las-Americas-auf-Teneriffa-11.jpg\"\n\t\t\t\ttitle=\"Die Speisekarte ruft \ud83d\ude09\"\n\t\t\t\tclass=\"ngg-simplelightbox\" rel=\"717b614395daf66f6c6653b96a9ead35\" data-image-id=\"10184\" data-src=\"https:\/\/wernerdeck.de\/blog\/wp-content\/gallery\/limonella1\/Der-runde-Geburtstag-von-Rita-im-Restaurant-Limonella-an-der-Playa-de-las-Americas-auf-Teneriffa-11.jpg\" data-thumbnail=\"https:\/\/wernerdeck.de\/blog\/wp-content\/gallery\/limonella1\/thumbs\/thumbs_Der-runde-Geburtstag-von-Rita-im-Restaurant-Limonella-an-der-Playa-de-las-Americas-auf-Teneriffa-11.jpg\" data-title=\"Der-runde-Geburtstag-von-Rita-im-Restaurant-Limonella-an-der-Playa-de-las-Americas-auf-Teneriffa-11\" data-description=\"Die Speisekarte ruft \ud83d\ude09\" >\n\t\t\t\t\t\t\t\t<img title=\"Der-runde-Geburtstag-von-Rita-im-Restaurant-Limonella-an-der-Playa-de-las-Americas-auf-Teneriffa-11\" alt=\"Der-runde-Geburtstag-von-Rita-im-Restaurant-Limonella-an-der-Playa-de-las-Americas-auf-Teneriffa-11\" src=\"https:\/\/wernerdeck.de\/blog\/wp-content\/gallery\/limonella1\/thumbs\/thumbs_Der-runde-Geburtstag-von-Rita-im-Restaurant-Limonella-an-der-Playa-de-las-Americas-auf-Teneriffa-11.jpg\" width='240' height='160' \/>\n\t\t\t\t\t\t\t<\/a>\n\t\t\t<span>\n\t\t\tDie Speisekarte ruft \ud83d\ude09\t\t\t<\/span>\n\t\t<\/div>\n\t<\/div>\n\t\t\t\t\t\t\t<br style=\"clear: both\" \/>\n\t\t\t\n\t<!-- Pagination -->\n\t\t<div class='ngg-clear'><\/div>\t\n<\/div>\n\n\tDer Service und die Bedienung des gesamten Teams waren vorbildlich. Unser freundlicher Kellner Rafael betreute uns bestens. Wir sa\u00dfen auf der stimmungsvollen Terrasse und konnten zus\u00e4tzlich den romantischen Sonnenuntergang genie\u00dfen.<\/p>\n<p>Was wir zum Essen hatten, steht so in der Speisekarte: Hei\u00dfe Pizzetta mit Knoblauch, das ist hausgemachtes Knoblauchbrot mit Parmesan und Petersilie. Marinierte Oliven. Ravioli mit Brasato. Ravioli, gef\u00fcllt mit langsam gegartem Rindfleisch, serviert mit Halbglasur und gehackten Waln\u00fcssen. Fritto Misto. Knusprige Mischung aus Garnelen und Tintenfisch, serviert mit Limettenmayonnaise und gemischtem Salat. Tiramisu. Das klassischste italienische Tiramisu! Mit einem Tropfen Frangelico. Das Tiramisu kam mit brennenden 70er-Kerzen und einem Geburtstagsst\u00e4ndchen unserer beiden Bedienungen.<\/p>\n<p>\n<div class=\"ngg-galleryoverview ngg-template-caption\" id=\"ngg-gallery-6d79386e2d3bed10d92dd9cfeb1303a0-20639\">\n\n\t\t\n\t<!-- Thumbnails -->\n\t\t\t\t\t\n\t<div id=\"ngg-image-10189\" class=\"ngg-gallery-thumbnail-box\" style=\"width:25%;\" >\n\t\t<div class=\"ngg-gallery-thumbnail\" >\n\t\t\t<a href=\"https:\/\/wernerdeck.de\/blog\/wp-content\/gallery\/limonella2\/Vorzuegliches-Geburtstagsessen-im-Restaurant-Limonella-an-der-Playa-de-las-Americas-auf-Teneriffa-02.jpg\"\n\t\t\t\ttitle=\"Romantik pur\"\n\t\t\t\tclass=\"ngg-simplelightbox\" rel=\"6d79386e2d3bed10d92dd9cfeb1303a0\" data-image-id=\"10189\" data-src=\"https:\/\/wernerdeck.de\/blog\/wp-content\/gallery\/limonella2\/Vorzuegliches-Geburtstagsessen-im-Restaurant-Limonella-an-der-Playa-de-las-Americas-auf-Teneriffa-02.jpg\" data-thumbnail=\"https:\/\/wernerdeck.de\/blog\/wp-content\/gallery\/limonella2\/thumbs\/thumbs_Vorzuegliches-Geburtstagsessen-im-Restaurant-Limonella-an-der-Playa-de-las-Americas-auf-Teneriffa-02.jpg\" data-title=\"Vorzuegliches-Geburtstagsessen-im-Restaurant-Limonella-an-der-Playa-de-las-Americas-auf-Teneriffa-02\" data-description=\"Romantik pur\" >\n\t\t\t\t\t\t\t\t<img title=\"Vorzuegliches-Geburtstagsessen-im-Restaurant-Limonella-an-der-Playa-de-las-Americas-auf-Teneriffa-02\" alt=\"Vorzuegliches-Geburtstagsessen-im-Restaurant-Limonella-an-der-Playa-de-las-Americas-auf-Teneriffa-02\" src=\"https:\/\/wernerdeck.de\/blog\/wp-content\/gallery\/limonella2\/thumbs\/thumbs_Vorzuegliches-Geburtstagsessen-im-Restaurant-Limonella-an-der-Playa-de-las-Americas-auf-Teneriffa-02.jpg\" width='240' height='160' \/>\n\t\t\t\t\t\t\t<\/a>\n\t\t\t<span>\n\t\t\tRomantik pur\t\t\t<\/span>\n\t\t<\/div>\n\t<\/div>\n\t\t\t\t\t\t\t\t\n\t<div id=\"ngg-image-10186\" class=\"ngg-gallery-thumbnail-box\" style=\"width:25%;\" >\n\t\t<div class=\"ngg-gallery-thumbnail\" >\n\t\t\t<a href=\"https:\/\/wernerdeck.de\/blog\/wp-content\/gallery\/limonella2\/Vorzuegliches-Geburtstagsessen-im-Restaurant-Limonella-an-der-Playa-de-las-Americas-auf-Teneriffa-01.jpg\"\n\t\t\t\ttitle=\"Marinierte Oliven\"\n\t\t\t\tclass=\"ngg-simplelightbox\" rel=\"6d79386e2d3bed10d92dd9cfeb1303a0\" data-image-id=\"10186\" data-src=\"https:\/\/wernerdeck.de\/blog\/wp-content\/gallery\/limonella2\/Vorzuegliches-Geburtstagsessen-im-Restaurant-Limonella-an-der-Playa-de-las-Americas-auf-Teneriffa-01.jpg\" data-thumbnail=\"https:\/\/wernerdeck.de\/blog\/wp-content\/gallery\/limonella2\/thumbs\/thumbs_Vorzuegliches-Geburtstagsessen-im-Restaurant-Limonella-an-der-Playa-de-las-Americas-auf-Teneriffa-01.jpg\" data-title=\"Vorzuegliches-Geburtstagsessen-im-Restaurant-Limonella-an-der-Playa-de-las-Americas-auf-Teneriffa-01\" data-description=\"Marinierte Oliven\" >\n\t\t\t\t\t\t\t\t<img title=\"Vorzuegliches-Geburtstagsessen-im-Restaurant-Limonella-an-der-Playa-de-las-Americas-auf-Teneriffa-01\" alt=\"Vorzuegliches-Geburtstagsessen-im-Restaurant-Limonella-an-der-Playa-de-las-Americas-auf-Teneriffa-01\" src=\"https:\/\/wernerdeck.de\/blog\/wp-content\/gallery\/limonella2\/thumbs\/thumbs_Vorzuegliches-Geburtstagsessen-im-Restaurant-Limonella-an-der-Playa-de-las-Americas-auf-Teneriffa-01.jpg\" width='240' height='160' \/>\n\t\t\t\t\t\t\t<\/a>\n\t\t\t<span>\n\t\t\tMarinierte Oliven\t\t\t<\/span>\n\t\t<\/div>\n\t<\/div>\n\t\t\t\t\t\t\t\t\n\t<div id=\"ngg-image-10191\" class=\"ngg-gallery-thumbnail-box\" style=\"width:25%;\" >\n\t\t<div class=\"ngg-gallery-thumbnail\" >\n\t\t\t<a href=\"https:\/\/wernerdeck.de\/blog\/wp-content\/gallery\/limonella2\/Vorzuegliches-Geburtstagsessen-im-Restaurant-Limonella-an-der-Playa-de-las-Americas-auf-Teneriffa-03.jpg\"\n\t\t\t\ttitle=\"Knoblauchbrot mit Parmesan und Petersilie\"\n\t\t\t\tclass=\"ngg-simplelightbox\" rel=\"6d79386e2d3bed10d92dd9cfeb1303a0\" data-image-id=\"10191\" data-src=\"https:\/\/wernerdeck.de\/blog\/wp-content\/gallery\/limonella2\/Vorzuegliches-Geburtstagsessen-im-Restaurant-Limonella-an-der-Playa-de-las-Americas-auf-Teneriffa-03.jpg\" data-thumbnail=\"https:\/\/wernerdeck.de\/blog\/wp-content\/gallery\/limonella2\/thumbs\/thumbs_Vorzuegliches-Geburtstagsessen-im-Restaurant-Limonella-an-der-Playa-de-las-Americas-auf-Teneriffa-03.jpg\" data-title=\"Vorzuegliches-Geburtstagsessen-im-Restaurant-Limonella-an-der-Playa-de-las-Americas-auf-Teneriffa-03\" data-description=\"Knoblauchbrot mit Parmesan und Petersilie\" >\n\t\t\t\t\t\t\t\t<img title=\"Vorzuegliches-Geburtstagsessen-im-Restaurant-Limonella-an-der-Playa-de-las-Americas-auf-Teneriffa-03\" alt=\"Vorzuegliches-Geburtstagsessen-im-Restaurant-Limonella-an-der-Playa-de-las-Americas-auf-Teneriffa-03\" src=\"https:\/\/wernerdeck.de\/blog\/wp-content\/gallery\/limonella2\/thumbs\/thumbs_Vorzuegliches-Geburtstagsessen-im-Restaurant-Limonella-an-der-Playa-de-las-Americas-auf-Teneriffa-03.jpg\" width='240' height='160' \/>\n\t\t\t\t\t\t\t<\/a>\n\t\t\t<span>\n\t\t\tKnoblauchbrot mit Parmesan und Petersilie\t\t\t<\/span>\n\t\t<\/div>\n\t<\/div>\n\t\t\t\t\t\t\t\t\n\t<div id=\"ngg-image-10190\" class=\"ngg-gallery-thumbnail-box\" style=\"width:25%;\" >\n\t\t<div class=\"ngg-gallery-thumbnail\" >\n\t\t\t<a href=\"https:\/\/wernerdeck.de\/blog\/wp-content\/gallery\/limonella2\/Vorzuegliches-Geburtstagsessen-im-Restaurant-Limonella-an-der-Playa-de-las-Americas-auf-Teneriffa-04.jpg\"\n\t\t\t\ttitle=\"Knusprige Mischung aus Garnelen und Tintenfisch, mit Limettenmayonnaise\"\n\t\t\t\tclass=\"ngg-simplelightbox\" rel=\"6d79386e2d3bed10d92dd9cfeb1303a0\" data-image-id=\"10190\" data-src=\"https:\/\/wernerdeck.de\/blog\/wp-content\/gallery\/limonella2\/Vorzuegliches-Geburtstagsessen-im-Restaurant-Limonella-an-der-Playa-de-las-Americas-auf-Teneriffa-04.jpg\" data-thumbnail=\"https:\/\/wernerdeck.de\/blog\/wp-content\/gallery\/limonella2\/thumbs\/thumbs_Vorzuegliches-Geburtstagsessen-im-Restaurant-Limonella-an-der-Playa-de-las-Americas-auf-Teneriffa-04.jpg\" data-title=\"Vorzuegliches-Geburtstagsessen-im-Restaurant-Limonella-an-der-Playa-de-las-Americas-auf-Teneriffa-04\" data-description=\"Knusprige Mischung aus Garnelen und Tintenfisch, mit Limettenmayonnaise\" >\n\t\t\t\t\t\t\t\t<img title=\"Vorzuegliches-Geburtstagsessen-im-Restaurant-Limonella-an-der-Playa-de-las-Americas-auf-Teneriffa-04\" alt=\"Vorzuegliches-Geburtstagsessen-im-Restaurant-Limonella-an-der-Playa-de-las-Americas-auf-Teneriffa-04\" src=\"https:\/\/wernerdeck.de\/blog\/wp-content\/gallery\/limonella2\/thumbs\/thumbs_Vorzuegliches-Geburtstagsessen-im-Restaurant-Limonella-an-der-Playa-de-las-Americas-auf-Teneriffa-04.jpg\" width='240' height='160' \/>\n\t\t\t\t\t\t\t<\/a>\n\t\t\t<span>\n\t\t\tKnusprige Mischung aus Garnelen und Tintenfisch, mit Limettenmayonnaise\t\t\t<\/span>\n\t\t<\/div>\n\t<\/div>\n\t\t\t\t\t\t\t<br style=\"clear: both\" \/>\n\t\t\t\n\t<div id=\"ngg-image-10193\" class=\"ngg-gallery-thumbnail-box\" style=\"width:25%;\" >\n\t\t<div class=\"ngg-gallery-thumbnail\" >\n\t\t\t<a href=\"https:\/\/wernerdeck.de\/blog\/wp-content\/gallery\/limonella2\/Vorzuegliches-Geburtstagsessen-im-Restaurant-Limonella-an-der-Playa-de-las-Americas-auf-Teneriffa-05.jpg\"\n\t\t\t\ttitle=\"Ravioli, gef\u00fcllt mit gegartem Rindfleisch, Halbglasur und gehackten Waln\u00fcssen\"\n\t\t\t\tclass=\"ngg-simplelightbox\" rel=\"6d79386e2d3bed10d92dd9cfeb1303a0\" data-image-id=\"10193\" data-src=\"https:\/\/wernerdeck.de\/blog\/wp-content\/gallery\/limonella2\/Vorzuegliches-Geburtstagsessen-im-Restaurant-Limonella-an-der-Playa-de-las-Americas-auf-Teneriffa-05.jpg\" data-thumbnail=\"https:\/\/wernerdeck.de\/blog\/wp-content\/gallery\/limonella2\/thumbs\/thumbs_Vorzuegliches-Geburtstagsessen-im-Restaurant-Limonella-an-der-Playa-de-las-Americas-auf-Teneriffa-05.jpg\" data-title=\"Vorzuegliches-Geburtstagsessen-im-Restaurant-Limonella-an-der-Playa-de-las-Americas-auf-Teneriffa-05\" data-description=\"Ravioli, gef\u00fcllt mit gegartem Rindfleisch, Halbglasur und gehackten Waln\u00fcssen\" >\n\t\t\t\t\t\t\t\t<img title=\"Vorzuegliches-Geburtstagsessen-im-Restaurant-Limonella-an-der-Playa-de-las-Americas-auf-Teneriffa-05\" alt=\"Vorzuegliches-Geburtstagsessen-im-Restaurant-Limonella-an-der-Playa-de-las-Americas-auf-Teneriffa-05\" src=\"https:\/\/wernerdeck.de\/blog\/wp-content\/gallery\/limonella2\/thumbs\/thumbs_Vorzuegliches-Geburtstagsessen-im-Restaurant-Limonella-an-der-Playa-de-las-Americas-auf-Teneriffa-05.jpg\" width='240' height='160' \/>\n\t\t\t\t\t\t\t<\/a>\n\t\t\t<span>\n\t\t\tRavioli, gef\u00fcllt mit gegartem Rindfleisch, Halbglasur und gehackten Waln\u00fcssen\t\t\t<\/span>\n\t\t<\/div>\n\t<\/div>\n\t\t\t\t\t\t\t\t\n\t<div id=\"ngg-image-10188\" class=\"ngg-gallery-thumbnail-box\" style=\"width:25%;\" >\n\t\t<div class=\"ngg-gallery-thumbnail\" >\n\t\t\t<a href=\"https:\/\/wernerdeck.de\/blog\/wp-content\/gallery\/limonella2\/Tiramisu-singende-kellner.jpg\"\n\t\t\t\ttitle=\"Tiramisu mit 70-er Kerzen und Geburtstagsst\u00e4ndchen\"\n\t\t\t\tclass=\"ngg-simplelightbox\" rel=\"6d79386e2d3bed10d92dd9cfeb1303a0\" data-image-id=\"10188\" data-src=\"https:\/\/wernerdeck.de\/blog\/wp-content\/gallery\/limonella2\/Tiramisu-singende-kellner.jpg\" data-thumbnail=\"https:\/\/wernerdeck.de\/blog\/wp-content\/gallery\/limonella2\/thumbs\/thumbs_Tiramisu-singende-kellner.jpg\" data-title=\"Tiramisu-singende-kellner\" data-description=\"Tiramisu mit 70-er Kerzen und Geburtstagsst\u00e4ndchen\" >\n\t\t\t\t\t\t\t\t<img title=\"Tiramisu-singende-kellner\" alt=\"Tiramisu-singende-kellner\" src=\"https:\/\/wernerdeck.de\/blog\/wp-content\/gallery\/limonella2\/thumbs\/thumbs_Tiramisu-singende-kellner.jpg\" width='240' height='160' \/>\n\t\t\t\t\t\t\t<\/a>\n\t\t\t<span>\n\t\t\tTiramisu mit 70-er Kerzen und Geburtstagsst\u00e4ndchen\t\t\t<\/span>\n\t\t<\/div>\n\t<\/div>\n\t\t\t\t\t\t\t\t\n\t<div id=\"ngg-image-10187\" class=\"ngg-gallery-thumbnail-box\" style=\"width:25%;\" >\n\t\t<div class=\"ngg-gallery-thumbnail\" >\n\t\t\t<a href=\"https:\/\/wernerdeck.de\/blog\/wp-content\/gallery\/limonella2\/Tiramisu-am-Tisch-aufgeschlagen-im-Restaurant-Limonella-an-der-Playa-de-las-Americas-auf-Teneriffa-01.jpg\"\n\t\t\t\ttitle=\"Das Tiramisu wurde am Tisch aufgeschlagen\"\n\t\t\t\tclass=\"ngg-simplelightbox\" rel=\"6d79386e2d3bed10d92dd9cfeb1303a0\" data-image-id=\"10187\" data-src=\"https:\/\/wernerdeck.de\/blog\/wp-content\/gallery\/limonella2\/Tiramisu-am-Tisch-aufgeschlagen-im-Restaurant-Limonella-an-der-Playa-de-las-Americas-auf-Teneriffa-01.jpg\" data-thumbnail=\"https:\/\/wernerdeck.de\/blog\/wp-content\/gallery\/limonella2\/thumbs\/thumbs_Tiramisu-am-Tisch-aufgeschlagen-im-Restaurant-Limonella-an-der-Playa-de-las-Americas-auf-Teneriffa-01.jpg\" data-title=\"Tiramisu-am-Tisch-aufgeschlagen-im-Restaurant-Limonella-an-der-Playa-de-las-Americas-auf-Teneriffa-01\" data-description=\"Das Tiramisu wurde am Tisch aufgeschlagen\" >\n\t\t\t\t\t\t\t\t<img title=\"Tiramisu-am-Tisch-aufgeschlagen-im-Restaurant-Limonella-an-der-Playa-de-las-Americas-auf-Teneriffa-01\" alt=\"Tiramisu-am-Tisch-aufgeschlagen-im-Restaurant-Limonella-an-der-Playa-de-las-Americas-auf-Teneriffa-01\" src=\"https:\/\/wernerdeck.de\/blog\/wp-content\/gallery\/limonella2\/thumbs\/thumbs_Tiramisu-am-Tisch-aufgeschlagen-im-Restaurant-Limonella-an-der-Playa-de-las-Americas-auf-Teneriffa-01.jpg\" width='240' height='160' \/>\n\t\t\t\t\t\t\t<\/a>\n\t\t\t<span>\n\t\t\tDas Tiramisu wurde am Tisch aufgeschlagen\t\t\t<\/span>\n\t\t<\/div>\n\t<\/div>\n\t\t\t\t\t\t\t\t\n\t<div id=\"ngg-image-10192\" class=\"ngg-gallery-thumbnail-box\" style=\"width:25%;\" >\n\t\t<div class=\"ngg-gallery-thumbnail\" >\n\t\t\t<a href=\"https:\/\/wernerdeck.de\/blog\/wp-content\/gallery\/limonella2\/Vorzuegliches-Geburtstagsessen-im-Restaurant-Limonella-an-der-Playa-de-las-Americas-auf-Teneriffa-06.jpg\"\n\t\t\t\ttitle=\"Beginnender Sonnenuntergang\"\n\t\t\t\tclass=\"ngg-simplelightbox\" rel=\"6d79386e2d3bed10d92dd9cfeb1303a0\" data-image-id=\"10192\" data-src=\"https:\/\/wernerdeck.de\/blog\/wp-content\/gallery\/limonella2\/Vorzuegliches-Geburtstagsessen-im-Restaurant-Limonella-an-der-Playa-de-las-Americas-auf-Teneriffa-06.jpg\" data-thumbnail=\"https:\/\/wernerdeck.de\/blog\/wp-content\/gallery\/limonella2\/thumbs\/thumbs_Vorzuegliches-Geburtstagsessen-im-Restaurant-Limonella-an-der-Playa-de-las-Americas-auf-Teneriffa-06.jpg\" data-title=\"Vorzuegliches-Geburtstagsessen-im-Restaurant-Limonella-an-der-Playa-de-las-Americas-auf-Teneriffa-06\" data-description=\"Beginnender Sonnenuntergang\" >\n\t\t\t\t\t\t\t\t<img title=\"Vorzuegliches-Geburtstagsessen-im-Restaurant-Limonella-an-der-Playa-de-las-Americas-auf-Teneriffa-06\" alt=\"Vorzuegliches-Geburtstagsessen-im-Restaurant-Limonella-an-der-Playa-de-las-Americas-auf-Teneriffa-06\" src=\"https:\/\/wernerdeck.de\/blog\/wp-content\/gallery\/limonella2\/thumbs\/thumbs_Vorzuegliches-Geburtstagsessen-im-Restaurant-Limonella-an-der-Playa-de-las-Americas-auf-Teneriffa-06.jpg\" width='240' height='160' \/>\n\t\t\t\t\t\t\t<\/a>\n\t\t\t<span>\n\t\t\tBeginnender Sonnenuntergang\t\t\t<\/span>\n\t\t<\/div>\n\t<\/div>\n\t\t\t\t\t\t\t<br style=\"clear: both\" \/>\n\t\t\t\n\t<!-- Pagination -->\n\t\t<div class='ngg-clear'><\/div>\t\n<\/div>\n\n\tDas Essen war insgesamt sehr lecker, einfach vortrefflich. Vielen Dank an das gesamte Limonella-Team f\u00fcr diesen in jeder Hinsicht unvergesslichen und erlebnisreichen Abend. Auch ein sehr sch\u00f6ner Abend geht einmal zu Ende. Im Mondenschein fuhren wir sehr gl\u00fccklich mit dem Taxi zur\u00fcck nach Los Christianos.<\/p>\n<p>\n<div class=\"ngg-galleryoverview ngg-template-caption\" id=\"ngg-gallery-d42fbc84206b7b69ca88cfaeadcb8ef2-20639\">\n\n\t\t\n\t<!-- Thumbnails -->\n\t\t\t\t\t\n\t<div id=\"ngg-image-10195\" class=\"ngg-gallery-thumbnail-box\" style=\"width:25%;\" >\n\t\t<div class=\"ngg-gallery-thumbnail\" >\n\t\t\t<a href=\"https:\/\/wernerdeck.de\/blog\/wp-content\/gallery\/mondschein\/Ein-schoener-Abend-im-Restaurant-Limonella-an-der-Playa-de-las-Americas-auf-Teneriffa-geht-zu-Ende-01.jpg\"\n\t\t\t\ttitle=\" \"\n\t\t\t\tclass=\"ngg-simplelightbox\" rel=\"d42fbc84206b7b69ca88cfaeadcb8ef2\" data-image-id=\"10195\" data-src=\"https:\/\/wernerdeck.de\/blog\/wp-content\/gallery\/mondschein\/Ein-schoener-Abend-im-Restaurant-Limonella-an-der-Playa-de-las-Americas-auf-Teneriffa-geht-zu-Ende-01.jpg\" data-thumbnail=\"https:\/\/wernerdeck.de\/blog\/wp-content\/gallery\/mondschein\/thumbs\/thumbs_Ein-schoener-Abend-im-Restaurant-Limonella-an-der-Playa-de-las-Americas-auf-Teneriffa-geht-zu-Ende-01.jpg\" data-title=\"Ein-schoener-Abend-im-Restaurant-Limonella-an-der-Playa-de-las-Americas-auf-Teneriffa-geht-zu-Ende-01\" data-description=\" \" >\n\t\t\t\t\t\t\t\t<img title=\"Ein-schoener-Abend-im-Restaurant-Limonella-an-der-Playa-de-las-Americas-auf-Teneriffa-geht-zu-Ende-01\" alt=\"Ein-schoener-Abend-im-Restaurant-Limonella-an-der-Playa-de-las-Americas-auf-Teneriffa-geht-zu-Ende-01\" src=\"https:\/\/wernerdeck.de\/blog\/wp-content\/gallery\/mondschein\/thumbs\/thumbs_Ein-schoener-Abend-im-Restaurant-Limonella-an-der-Playa-de-las-Americas-auf-Teneriffa-geht-zu-Ende-01.jpg\" width='240' height='160' \/>\n\t\t\t\t\t\t\t<\/a>\n\t\t\t<span>\n\t\t\t \t\t\t<\/span>\n\t\t<\/div>\n\t<\/div>\n\t\t\t\t\t\t\t\t\n\t<div id=\"ngg-image-10198\" class=\"ngg-gallery-thumbnail-box\" style=\"width:25%;\" >\n\t\t<div class=\"ngg-gallery-thumbnail\" >\n\t\t\t<a href=\"https:\/\/wernerdeck.de\/blog\/wp-content\/gallery\/mondschein\/Der-schoene-Abend.jpg\"\n\t\t\t\ttitle=\"Was f\u00fcr ein Abend \u2764\ufe0f\"\n\t\t\t\tclass=\"ngg-simplelightbox\" rel=\"d42fbc84206b7b69ca88cfaeadcb8ef2\" data-image-id=\"10198\" data-src=\"https:\/\/wernerdeck.de\/blog\/wp-content\/gallery\/mondschein\/Der-schoene-Abend.jpg\" data-thumbnail=\"https:\/\/wernerdeck.de\/blog\/wp-content\/gallery\/mondschein\/thumbs\/thumbs_Der-schoene-Abend.jpg\" data-title=\"Der-schoene-Abend\" data-description=\"Was f\u00fcr ein Abend \u2764\ufe0f\" >\n\t\t\t\t\t\t\t\t<img title=\"Der-schoene-Abend\" alt=\"Der-schoene-Abend\" src=\"https:\/\/wernerdeck.de\/blog\/wp-content\/gallery\/mondschein\/thumbs\/thumbs_Der-schoene-Abend.jpg\" width='240' height='160' \/>\n\t\t\t\t\t\t\t<\/a>\n\t\t\t<span>\n\t\t\tWas f\u00fcr ein Abend \u2764\ufe0f\t\t\t<\/span>\n\t\t<\/div>\n\t<\/div>\n\t\t\t\t\t\t\t\t\n\t<div id=\"ngg-image-10194\" class=\"ngg-gallery-thumbnail-box\" style=\"width:25%;\" >\n\t\t<div class=\"ngg-gallery-thumbnail\" >\n\t\t\t<a href=\"https:\/\/wernerdeck.de\/blog\/wp-content\/gallery\/mondschein\/Ein-schoener-Abend-im-Restaurant-Limonella-an-der-Playa-de-las-Americas-auf-Teneriffa-geht-zu-Ende-04.jpg\"\n\t\t\t\ttitle=\"Abschied vom Limonella\"\n\t\t\t\tclass=\"ngg-simplelightbox\" rel=\"d42fbc84206b7b69ca88cfaeadcb8ef2\" data-image-id=\"10194\" data-src=\"https:\/\/wernerdeck.de\/blog\/wp-content\/gallery\/mondschein\/Ein-schoener-Abend-im-Restaurant-Limonella-an-der-Playa-de-las-Americas-auf-Teneriffa-geht-zu-Ende-04.jpg\" data-thumbnail=\"https:\/\/wernerdeck.de\/blog\/wp-content\/gallery\/mondschein\/thumbs\/thumbs_Ein-schoener-Abend-im-Restaurant-Limonella-an-der-Playa-de-las-Americas-auf-Teneriffa-geht-zu-Ende-04.jpg\" data-title=\"Ein-schoener-Abend-im-Restaurant-Limonella-an-der-Playa-de-las-Americas-auf-Teneriffa-geht-zu-Ende-04\" data-description=\"Abschied vom Limonella\" >\n\t\t\t\t\t\t\t\t<img title=\"Ein-schoener-Abend-im-Restaurant-Limonella-an-der-Playa-de-las-Americas-auf-Teneriffa-geht-zu-Ende-04\" alt=\"Ein-schoener-Abend-im-Restaurant-Limonella-an-der-Playa-de-las-Americas-auf-Teneriffa-geht-zu-Ende-04\" src=\"https:\/\/wernerdeck.de\/blog\/wp-content\/gallery\/mondschein\/thumbs\/thumbs_Ein-schoener-Abend-im-Restaurant-Limonella-an-der-Playa-de-las-Americas-auf-Teneriffa-geht-zu-Ende-04.jpg\" width='240' height='160' \/>\n\t\t\t\t\t\t\t<\/a>\n\t\t\t<span>\n\t\t\tAbschied vom Limonella\t\t\t<\/span>\n\t\t<\/div>\n\t<\/div>\n\t\t\t\t\t\t\t\t\n\t<div id=\"ngg-image-10196\" class=\"ngg-gallery-thumbnail-box\" style=\"width:25%;\" >\n\t\t<div class=\"ngg-gallery-thumbnail\" >\n\t\t\t<a href=\"https:\/\/wernerdeck.de\/blog\/wp-content\/gallery\/mondschein\/Ein-schoener-Abend-im-Restaurant-Limonella-an-der-Playa-de-las-Americas-auf-Teneriffa-geht-zu-Ende-03.jpg\"\n\t\t\t\ttitle=\"Abschied vom Limonella\"\n\t\t\t\tclass=\"ngg-simplelightbox\" rel=\"d42fbc84206b7b69ca88cfaeadcb8ef2\" data-image-id=\"10196\" data-src=\"https:\/\/wernerdeck.de\/blog\/wp-content\/gallery\/mondschein\/Ein-schoener-Abend-im-Restaurant-Limonella-an-der-Playa-de-las-Americas-auf-Teneriffa-geht-zu-Ende-03.jpg\" data-thumbnail=\"https:\/\/wernerdeck.de\/blog\/wp-content\/gallery\/mondschein\/thumbs\/thumbs_Ein-schoener-Abend-im-Restaurant-Limonella-an-der-Playa-de-las-Americas-auf-Teneriffa-geht-zu-Ende-03.jpg\" data-title=\"Ein-schoener-Abend-im-Restaurant-Limonella-an-der-Playa-de-las-Americas-auf-Teneriffa-geht-zu-Ende-03\" data-description=\"Abschied vom Limonella\" >\n\t\t\t\t\t\t\t\t<img title=\"Ein-schoener-Abend-im-Restaurant-Limonella-an-der-Playa-de-las-Americas-auf-Teneriffa-geht-zu-Ende-03\" alt=\"Ein-schoener-Abend-im-Restaurant-Limonella-an-der-Playa-de-las-Americas-auf-Teneriffa-geht-zu-Ende-03\" src=\"https:\/\/wernerdeck.de\/blog\/wp-content\/gallery\/mondschein\/thumbs\/thumbs_Ein-schoener-Abend-im-Restaurant-Limonella-an-der-Playa-de-las-Americas-auf-Teneriffa-geht-zu-Ende-03.jpg\" width='240' height='160' \/>\n\t\t\t\t\t\t\t<\/a>\n\t\t\t<span>\n\t\t\tAbschied vom Limonella\t\t\t<\/span>\n\t\t<\/div>\n\t<\/div>\n\t\t\t\t\t\t\t<br style=\"clear: both\" \/>\n\t\t\t\n\t<div id=\"ngg-image-10199\" class=\"ngg-gallery-thumbnail-box\" style=\"width:25%;\" >\n\t\t<div class=\"ngg-gallery-thumbnail\" >\n\t\t\t<a href=\"https:\/\/wernerdeck.de\/blog\/wp-content\/gallery\/mondschein\/Ein-schoener-Abend-im-Restaurant-Limonella-an-der-Playa-de-las-Americas-auf-Teneriffa-geht-zu-Ende-02.jpg\"\n\t\t\t\ttitle=\" \"\n\t\t\t\tclass=\"ngg-simplelightbox\" rel=\"d42fbc84206b7b69ca88cfaeadcb8ef2\" data-image-id=\"10199\" data-src=\"https:\/\/wernerdeck.de\/blog\/wp-content\/gallery\/mondschein\/Ein-schoener-Abend-im-Restaurant-Limonella-an-der-Playa-de-las-Americas-auf-Teneriffa-geht-zu-Ende-02.jpg\" data-thumbnail=\"https:\/\/wernerdeck.de\/blog\/wp-content\/gallery\/mondschein\/thumbs\/thumbs_Ein-schoener-Abend-im-Restaurant-Limonella-an-der-Playa-de-las-Americas-auf-Teneriffa-geht-zu-Ende-02.jpg\" data-title=\"Ein-schoener-Abend-im-Restaurant-Limonella-an-der-Playa-de-las-Americas-auf-Teneriffa-geht-zu-Ende-02\" data-description=\" \" >\n\t\t\t\t\t\t\t\t<img title=\"Ein-schoener-Abend-im-Restaurant-Limonella-an-der-Playa-de-las-Americas-auf-Teneriffa-geht-zu-Ende-02\" alt=\"Ein-schoener-Abend-im-Restaurant-Limonella-an-der-Playa-de-las-Americas-auf-Teneriffa-geht-zu-Ende-02\" src=\"https:\/\/wernerdeck.de\/blog\/wp-content\/gallery\/mondschein\/thumbs\/thumbs_Ein-schoener-Abend-im-Restaurant-Limonella-an-der-Playa-de-las-Americas-auf-Teneriffa-geht-zu-Ende-02.jpg\" width='240' height='160' \/>\n\t\t\t\t\t\t\t<\/a>\n\t\t\t<span>\n\t\t\t \t\t\t<\/span>\n\t\t<\/div>\n\t<\/div>\n\t\t\t\t\t\t\t\t\n\t<div id=\"ngg-image-10197\" class=\"ngg-gallery-thumbnail-box\" style=\"width:25%;\" >\n\t\t<div class=\"ngg-gallery-thumbnail\" >\n\t\t\t<a href=\"https:\/\/wernerdeck.de\/blog\/wp-content\/gallery\/mondschein\/Ein-schoener-Abend-im-Restaurant-Limonella-an-der-Playa-de-las-Americas-auf-Teneriffa-geht-zu-Ende-05.jpg\"\n\t\t\t\ttitle=\"Warten auf das Taxi\"\n\t\t\t\tclass=\"ngg-simplelightbox\" rel=\"d42fbc84206b7b69ca88cfaeadcb8ef2\" data-image-id=\"10197\" data-src=\"https:\/\/wernerdeck.de\/blog\/wp-content\/gallery\/mondschein\/Ein-schoener-Abend-im-Restaurant-Limonella-an-der-Playa-de-las-Americas-auf-Teneriffa-geht-zu-Ende-05.jpg\" data-thumbnail=\"https:\/\/wernerdeck.de\/blog\/wp-content\/gallery\/mondschein\/thumbs\/thumbs_Ein-schoener-Abend-im-Restaurant-Limonella-an-der-Playa-de-las-Americas-auf-Teneriffa-geht-zu-Ende-05.jpg\" data-title=\"RemasterDirector_V0\" data-description=\"Warten auf das Taxi\" >\n\t\t\t\t\t\t\t\t<img title=\"RemasterDirector_V0\" alt=\"RemasterDirector_V0\" src=\"https:\/\/wernerdeck.de\/blog\/wp-content\/gallery\/mondschein\/thumbs\/thumbs_Ein-schoener-Abend-im-Restaurant-Limonella-an-der-Playa-de-las-Americas-auf-Teneriffa-geht-zu-Ende-05.jpg\" width='240' height='160' \/>\n\t\t\t\t\t\t\t<\/a>\n\t\t\t<span>\n\t\t\tWarten auf das Taxi\t\t\t<\/span>\n\t\t<\/div>\n\t<\/div>\n\t\t\t\t\t\t\t\t\n\t<div id=\"ngg-image-10201\" class=\"ngg-gallery-thumbnail-box\" style=\"width:25%;\" >\n\t\t<div class=\"ngg-gallery-thumbnail\" >\n\t\t\t<a href=\"https:\/\/wernerdeck.de\/blog\/wp-content\/gallery\/mondschein\/Ein-schoener-Abend-im-Restaurant-Limonella-an-der-Playa-de-las-Americas-auf-Teneriffa-geht-zu-Ende-07.jpg\"\n\t\t\t\ttitle=\" \"\n\t\t\t\tclass=\"ngg-simplelightbox\" rel=\"d42fbc84206b7b69ca88cfaeadcb8ef2\" data-image-id=\"10201\" data-src=\"https:\/\/wernerdeck.de\/blog\/wp-content\/gallery\/mondschein\/Ein-schoener-Abend-im-Restaurant-Limonella-an-der-Playa-de-las-Americas-auf-Teneriffa-geht-zu-Ende-07.jpg\" data-thumbnail=\"https:\/\/wernerdeck.de\/blog\/wp-content\/gallery\/mondschein\/thumbs\/thumbs_Ein-schoener-Abend-im-Restaurant-Limonella-an-der-Playa-de-las-Americas-auf-Teneriffa-geht-zu-Ende-07.jpg\" data-title=\"Ein-schoener-Abend-im-Restaurant-Limonella-an-der-Playa-de-las-Americas-auf-Teneriffa-geht-zu-Ende-07\" data-description=\" \" >\n\t\t\t\t\t\t\t\t<img title=\"Ein-schoener-Abend-im-Restaurant-Limonella-an-der-Playa-de-las-Americas-auf-Teneriffa-geht-zu-Ende-07\" alt=\"Ein-schoener-Abend-im-Restaurant-Limonella-an-der-Playa-de-las-Americas-auf-Teneriffa-geht-zu-Ende-07\" src=\"https:\/\/wernerdeck.de\/blog\/wp-content\/gallery\/mondschein\/thumbs\/thumbs_Ein-schoener-Abend-im-Restaurant-Limonella-an-der-Playa-de-las-Americas-auf-Teneriffa-geht-zu-Ende-07.jpg\" width='240' height='160' \/>\n\t\t\t\t\t\t\t<\/a>\n\t\t\t<span>\n\t\t\t \t\t\t<\/span>\n\t\t<\/div>\n\t<\/div>\n\t\t\t\t\t\t\t\t\n\t<div id=\"ngg-image-10200\" class=\"ngg-gallery-thumbnail-box\" style=\"width:25%;\" >\n\t\t<div class=\"ngg-gallery-thumbnail\" >\n\t\t\t<a href=\"https:\/\/wernerdeck.de\/blog\/wp-content\/gallery\/mondschein\/Ein-schoener-Abend-im-Restaurant-Limonella-an-der-Playa-de-las-Americas-auf-Teneriffa-geht-zu-Ende-06.jpg\"\n\t\t\t\ttitle=\"Heimfahrt im Mondenschein\"\n\t\t\t\tclass=\"ngg-simplelightbox\" rel=\"d42fbc84206b7b69ca88cfaeadcb8ef2\" data-image-id=\"10200\" data-src=\"https:\/\/wernerdeck.de\/blog\/wp-content\/gallery\/mondschein\/Ein-schoener-Abend-im-Restaurant-Limonella-an-der-Playa-de-las-Americas-auf-Teneriffa-geht-zu-Ende-06.jpg\" data-thumbnail=\"https:\/\/wernerdeck.de\/blog\/wp-content\/gallery\/mondschein\/thumbs\/thumbs_Ein-schoener-Abend-im-Restaurant-Limonella-an-der-Playa-de-las-Americas-auf-Teneriffa-geht-zu-Ende-06.jpg\" data-title=\"Ein-schoener-Abend-im-Restaurant-Limonella-an-der-Playa-de-las-Americas-auf-Teneriffa-geht-zu-Ende-06\" data-description=\"Heimfahrt im Mondenschein\" >\n\t\t\t\t\t\t\t\t<img title=\"Ein-schoener-Abend-im-Restaurant-Limonella-an-der-Playa-de-las-Americas-auf-Teneriffa-geht-zu-Ende-06\" alt=\"Ein-schoener-Abend-im-Restaurant-Limonella-an-der-Playa-de-las-Americas-auf-Teneriffa-geht-zu-Ende-06\" src=\"https:\/\/wernerdeck.de\/blog\/wp-content\/gallery\/mondschein\/thumbs\/thumbs_Ein-schoener-Abend-im-Restaurant-Limonella-an-der-Playa-de-las-Americas-auf-Teneriffa-geht-zu-Ende-06.jpg\" width='240' height='160' \/>\n\t\t\t\t\t\t\t<\/a>\n\t\t\t<span>\n\t\t\tHeimfahrt im Mondenschein\t\t\t<\/span>\n\t\t<\/div>\n\t<\/div>\n\t\t\t\t\t\t\t<br style=\"clear: both\" \/>\n\t\t\t\n\t<!-- Pagination -->\n\t\t<div class='ngg-clear'><\/div>\t\n<\/div>\n\n\tDer Tag danach. \ud83d\ude09 \u201eNachfeier\u201c mit einem Cocktail im <a href=\"https:\/\/www.google.com\/maps\/place\/Restaurant+Josebas\/@28.0504376,-16.7153916,91m\/data=!3m1!1e3!4m12!1m5!3m4!2zMjjCsDAzJzAxLjgiTiAxNsKwNDInNTUuMCJX!8m2!3d28.0504999!4d-16.7152846!3m5!1s0xc6a99b1c1552953:0x30c5a14cac7f33e7!8m2!3d28.0504036!4d-16.7151625!16s%2Fg%2F11skwyrzq3?entry=ttu&amp;g_ep=EgoyMDI0MDkxMS4wIKXMDSoASAFQAw%3D%3D\" target=\"_blank\" rel=\"noopener\">Strandrestaurant Josebas<\/a>.&nbsp;<\/p>\n\n<div class=\"ngg-galleryoverview ngg-template-caption\" id=\"ngg-gallery-d9397ab5f941dfb1771e0acde4a40c8c-20639\">\n\n\t\t\n\t<!-- Thumbnails -->\n\t\t\t\t\t\n\t<div id=\"ngg-image-10204\" class=\"ngg-gallery-thumbnail-box\" style=\"width:33%;\" >\n\t\t<div class=\"ngg-gallery-thumbnail\" >\n\t\t\t<a href=\"https:\/\/wernerdeck.de\/blog\/wp-content\/gallery\/nachfeier\/Der-tag-nach-der-geburtstagsfeier-mit-einem-Cocktail-am-Strandkaffee-in-Los-Christianos-02.jpg\"\n\t\t\t\ttitle=\" \"\n\t\t\t\tclass=\"ngg-simplelightbox\" rel=\"d9397ab5f941dfb1771e0acde4a40c8c\" data-image-id=\"10204\" data-src=\"https:\/\/wernerdeck.de\/blog\/wp-content\/gallery\/nachfeier\/Der-tag-nach-der-geburtstagsfeier-mit-einem-Cocktail-am-Strandkaffee-in-Los-Christianos-02.jpg\" data-thumbnail=\"https:\/\/wernerdeck.de\/blog\/wp-content\/gallery\/nachfeier\/thumbs\/thumbs_Der-tag-nach-der-geburtstagsfeier-mit-einem-Cocktail-am-Strandkaffee-in-Los-Christianos-02.jpg\" data-title=\"Der-tag-nach-der-geburtstagsfeier-mit-einem-Cocktail-am-Strandkaffee-in-Los-Christianos-02\" data-description=\" \" >\n\t\t\t\t\t\t\t\t<img title=\"Der-tag-nach-der-geburtstagsfeier-mit-einem-Cocktail-am-Strandkaffee-in-Los-Christianos-02\" alt=\"Der-tag-nach-der-geburtstagsfeier-mit-einem-Cocktail-am-Strandkaffee-in-Los-Christianos-02\" src=\"https:\/\/wernerdeck.de\/blog\/wp-content\/gallery\/nachfeier\/thumbs\/thumbs_Der-tag-nach-der-geburtstagsfeier-mit-einem-Cocktail-am-Strandkaffee-in-Los-Christianos-02.jpg\" width='240' height='160' \/>\n\t\t\t\t\t\t\t<\/a>\n\t\t\t<span>\n\t\t\t \t\t\t<\/span>\n\t\t<\/div>\n\t<\/div>\n\t\t\t\t\t\t\t\t\n\t<div id=\"ngg-image-10202\" class=\"ngg-gallery-thumbnail-box\" style=\"width:33%;\" >\n\t\t<div class=\"ngg-gallery-thumbnail\" >\n\t\t\t<a href=\"https:\/\/wernerdeck.de\/blog\/wp-content\/gallery\/nachfeier\/Der-tag-nach-der-geburtstagsfeier-mit-einem-Cocktail-am-Strandkaffee-in-Los-Christianos-01.jpg\"\n\t\t\t\ttitle=\" \"\n\t\t\t\tclass=\"ngg-simplelightbox\" rel=\"d9397ab5f941dfb1771e0acde4a40c8c\" data-image-id=\"10202\" data-src=\"https:\/\/wernerdeck.de\/blog\/wp-content\/gallery\/nachfeier\/Der-tag-nach-der-geburtstagsfeier-mit-einem-Cocktail-am-Strandkaffee-in-Los-Christianos-01.jpg\" data-thumbnail=\"https:\/\/wernerdeck.de\/blog\/wp-content\/gallery\/nachfeier\/thumbs\/thumbs_Der-tag-nach-der-geburtstagsfeier-mit-einem-Cocktail-am-Strandkaffee-in-Los-Christianos-01.jpg\" data-title=\"Der-tag-nach-der-geburtstagsfeier-mit-einem-Cocktail-am-Strandkaffee-in-Los-Christianos-01\" data-description=\" \" >\n\t\t\t\t\t\t\t\t<img title=\"Der-tag-nach-der-geburtstagsfeier-mit-einem-Cocktail-am-Strandkaffee-in-Los-Christianos-01\" alt=\"Der-tag-nach-der-geburtstagsfeier-mit-einem-Cocktail-am-Strandkaffee-in-Los-Christianos-01\" src=\"https:\/\/wernerdeck.de\/blog\/wp-content\/gallery\/nachfeier\/thumbs\/thumbs_Der-tag-nach-der-geburtstagsfeier-mit-einem-Cocktail-am-Strandkaffee-in-Los-Christianos-01.jpg\" width='240' height='160' \/>\n\t\t\t\t\t\t\t<\/a>\n\t\t\t<span>\n\t\t\t \t\t\t<\/span>\n\t\t<\/div>\n\t<\/div>\n\t\t\t\t\t\t\t\t\n\t<div id=\"ngg-image-10203\" class=\"ngg-gallery-thumbnail-box\" style=\"width:33%;\" >\n\t\t<div class=\"ngg-gallery-thumbnail\" >\n\t\t\t<a href=\"https:\/\/wernerdeck.de\/blog\/wp-content\/gallery\/nachfeier\/Der-tag-nach-der-geburtstagsfeier-mit-einem-Cocktail-am-Strandkaffee-in-Los-Christianos-03.jpg\"\n\t\t\t\ttitle=\" \"\n\t\t\t\tclass=\"ngg-simplelightbox\" rel=\"d9397ab5f941dfb1771e0acde4a40c8c\" data-image-id=\"10203\" data-src=\"https:\/\/wernerdeck.de\/blog\/wp-content\/gallery\/nachfeier\/Der-tag-nach-der-geburtstagsfeier-mit-einem-Cocktail-am-Strandkaffee-in-Los-Christianos-03.jpg\" data-thumbnail=\"https:\/\/wernerdeck.de\/blog\/wp-content\/gallery\/nachfeier\/thumbs\/thumbs_Der-tag-nach-der-geburtstagsfeier-mit-einem-Cocktail-am-Strandkaffee-in-Los-Christianos-03.jpg\" data-title=\"Der-tag-nach-der-geburtstagsfeier-mit-einem-Cocktail-am-Strandkaffee-in-Los-Christianos-03\" data-description=\" \" >\n\t\t\t\t\t\t\t\t<img title=\"Der-tag-nach-der-geburtstagsfeier-mit-einem-Cocktail-am-Strandkaffee-in-Los-Christianos-03\" alt=\"Der-tag-nach-der-geburtstagsfeier-mit-einem-Cocktail-am-Strandkaffee-in-Los-Christianos-03\" src=\"https:\/\/wernerdeck.de\/blog\/wp-content\/gallery\/nachfeier\/thumbs\/thumbs_Der-tag-nach-der-geburtstagsfeier-mit-einem-Cocktail-am-Strandkaffee-in-Los-Christianos-03.jpg\" width='240' height='160' \/>\n\t\t\t\t\t\t\t<\/a>\n\t\t\t<span>\n\t\t\t \t\t\t<\/span>\n\t\t<\/div>\n\t<\/div>\n\t\t\t\t\t\t\t<br style=\"clear: both\" \/>\n\t\t\t\n\t<!-- Pagination -->\n\t\t<div class='ngg-clear'><\/div>\t\n<\/div>\n\n\t\n<hr>\n<p><a href=\"https:\/\/wernerdeck.de\/blog\/2024\/04\/30\/inselzauber-kulinarische-highlights-und-entspannte-tage-ein-rueckblick-auf-unsere-letzte-schoene-woche-auf-teneriffa\/\">Hier geht es zum n\u00e4chsten Beitrag, unserer letzten Woche auf Teneriffa<\/a><\/p>\n<hr>\n<p><a href=\"https:\/\/wernerdeck.de\/blog\/2024\/05\/19\/geburtstagsgeschenk-vom-abenteuer-deutsche-bahn-ins-pariser-abenteuer-ein-romantischer-tag-in-der-stadt-der-liebe\/\" target=\"_blank\" rel=\"noopener\">Zum Geburtstagsgeschenk, eine Woche in Paris<\/a><\/p>\n","protected":false},"excerpt":{"rendered":"<p>Hier geht es zum vorherigen Beitrag vom 20. April 2024 Gestern gab es etwas Gro\u00dfartiges zu feiern. Den 2 \u00d7 35. Geburtstag meiner lieben Liebe. \u2764\ufe0f Mein Geburtstagsgeschenk war in einem Fotobuch zusammengefasst. Das hatte ich schon zu Hause fertiggestellt und nach Teneriffa mitgebracht. Das Geburtstagsvideo dazu stellte ich w\u00e4hrend unseres Aufenthalts hier fertig.&nbsp; So &#8230; <a title=\"Auch mit 2 \u00d7 35 Jahren kann man noch ein Teenager sein. \u2764\ufe0f Ein runder Geburtstag wie kein anderer\" class=\"read-more\" href=\"https:\/\/wernerdeck.de\/blog\/2024\/04\/22\/auch-mit-2-x-35-jahren-kann-man-noch-ein-teenager-sein-%e2%9d%a4%ef%b8%8f-ein-runder-geburtstag-wie-kein-anderer\/\" aria-label=\"Mehr Informationen \u00fcber Auch mit 2 \u00d7 35 Jahren kann man noch ein Teenager sein. \u2764\ufe0f Ein runder Geburtstag wie kein anderer\">Weiterlesen<\/a><\/p>\n","protected":false},"author":1,"featured_media":20710,"comment_status":"open","ping_status":"open","sticky":false,"template":"","format":"standard","meta":{"ngg_post_thumbnail":0,"footnotes":""},"categories":[208],"tags":[462,173,461],"class_list":["post-20639","post","type-post","status-publish","format-standard","has-post-thumbnail","hentry","category-reisebericht","tag-70-geburtstag","tag-rita","tag-teneriffa-2024"],"yoast_head":"<!-- This site is optimized with the Yoast SEO plugin v27.5 - https:\/\/yoast.com\/product\/yoast-seo-wordpress\/ -->\n<title>Auch mit 2 \u00d7 35 Jahren kann man noch ein Teenager sein. \u2764\ufe0f Ein runder Geburtstag wie kein anderer - Privater Blog von Werner Deck<\/title>\n<meta name=\"description\" content=\"Es gab etwas zu feiern. Den 2\u00d735. Geburtstag meiner lieben Liebe. Das Restaurant Limonelli war spitze. Dazu ein romantischer Sonnenuntergang.\" \/>\n<meta name=\"robots\" content=\"index, follow, max-snippet:-1, max-image-preview:large, max-video-preview:-1\" \/>\n<link rel=\"canonical\" href=\"https:\/\/wernerdeck.de\/blog\/2024\/04\/22\/auch-mit-2-x-35-jahren-kann-man-noch-ein-teenager-sein-\u2764\ufe0f-ein-runder-geburtstag-wie-kein-anderer\/\" \/>\n<meta property=\"og:locale\" content=\"de_DE\" \/>\n<meta property=\"og:type\" content=\"article\" \/>\n<meta property=\"og:title\" content=\"Auch mit 2 \u00d7 35 Jahren kann man noch ein Teenager sein. \u2764\ufe0f Ein runder Geburtstag wie kein anderer - Privater Blog von Werner Deck\" \/>\n<meta property=\"og:description\" content=\"Es gab etwas zu feiern. Den 2\u00d735. Geburtstag meiner lieben Liebe. Das Restaurant Limonelli war spitze. Dazu ein romantischer Sonnenuntergang.\" \/>\n<meta property=\"og:url\" content=\"https:\/\/wernerdeck.de\/blog\/2024\/04\/22\/auch-mit-2-x-35-jahren-kann-man-noch-ein-teenager-sein-\u2764\ufe0f-ein-runder-geburtstag-wie-kein-anderer\/\" \/>\n<meta property=\"og:site_name\" content=\"Privater Blog von Werner Deck\" \/>\n<meta property=\"article:publisher\" content=\"https:\/\/www.facebook.com\/werner.deck\/\" \/>\n<meta property=\"article:author\" content=\"https:\/\/www.facebook.com\/werner.deck\/\" \/>\n<meta property=\"article:published_time\" content=\"2024-04-22T10:56:33+00:00\" \/>\n<meta property=\"article:modified_time\" content=\"2024-10-01T08:52:32+00:00\" \/>\n<meta property=\"og:image\" content=\"https:\/\/wernerdeck.de\/blog\/wp-content\/uploads\/2024\/04\/Auch-mit-70-kann-man-noch-ein-teenager-sein.jpg\" \/>\n\t<meta property=\"og:image:width\" content=\"1200\" \/>\n\t<meta property=\"og:image:height\" content=\"426\" \/>\n\t<meta property=\"og:image:type\" content=\"image\/jpeg\" \/>\n<meta name=\"author\" content=\"Werner Deck\" \/>\n<meta name=\"twitter:card\" content=\"summary_large_image\" \/>\n<meta name=\"twitter:label1\" content=\"Verfasst von\" \/>\n\t<meta name=\"twitter:data1\" content=\"Werner Deck\" \/>\n\t<meta name=\"twitter:label2\" content=\"Gesch\u00e4tzte Lesezeit\" \/>\n\t<meta name=\"twitter:data2\" content=\"3\u00a0Minuten\" \/>\n<script type=\"application\/ld+json\" class=\"yoast-schema-graph\">{\"@context\":\"https:\\\/\\\/schema.org\",\"@graph\":[{\"@type\":\"Article\",\"@id\":\"https:\\\/\\\/wernerdeck.de\\\/blog\\\/2024\\\/04\\\/22\\\/auch-mit-2-x-35-jahren-kann-man-noch-ein-teenager-sein-%e2%9d%a4%ef%b8%8f-ein-runder-geburtstag-wie-kein-anderer\\\/#article\",\"isPartOf\":{\"@id\":\"https:\\\/\\\/wernerdeck.de\\\/blog\\\/2024\\\/04\\\/22\\\/auch-mit-2-x-35-jahren-kann-man-noch-ein-teenager-sein-%e2%9d%a4%ef%b8%8f-ein-runder-geburtstag-wie-kein-anderer\\\/\"},\"author\":{\"name\":\"Werner Deck\",\"@id\":\"https:\\\/\\\/wernerdeck.de\\\/blog\\\/#\\\/schema\\\/person\\\/7af62de1f11b0a09297eeb81281e523c\"},\"headline\":\"Auch mit 2 \u00d7 35 Jahren kann man noch ein Teenager sein. \u2764\ufe0f Ein runder Geburtstag wie kein anderer\",\"datePublished\":\"2024-04-22T10:56:33+00:00\",\"dateModified\":\"2024-10-01T08:52:32+00:00\",\"mainEntityOfPage\":{\"@id\":\"https:\\\/\\\/wernerdeck.de\\\/blog\\\/2024\\\/04\\\/22\\\/auch-mit-2-x-35-jahren-kann-man-noch-ein-teenager-sein-%e2%9d%a4%ef%b8%8f-ein-runder-geburtstag-wie-kein-anderer\\\/\"},\"wordCount\":439,\"commentCount\":0,\"publisher\":{\"@id\":\"https:\\\/\\\/wernerdeck.de\\\/blog\\\/#\\\/schema\\\/person\\\/7af62de1f11b0a09297eeb81281e523c\"},\"image\":{\"@id\":\"https:\\\/\\\/wernerdeck.de\\\/blog\\\/2024\\\/04\\\/22\\\/auch-mit-2-x-35-jahren-kann-man-noch-ein-teenager-sein-%e2%9d%a4%ef%b8%8f-ein-runder-geburtstag-wie-kein-anderer\\\/#primaryimage\"},\"thumbnailUrl\":\"https:\\\/\\\/wernerdeck.de\\\/blog\\\/wp-content\\\/uploads\\\/2024\\\/04\\\/Auch-mit-70-kann-man-noch-ein-teenager-sein.jpg\",\"keywords\":[\"70. Geburtstag\",\"Rita\",\"Teneriffa 2024\"],\"articleSection\":[\"Reisebericht\"],\"inLanguage\":\"de\",\"potentialAction\":[{\"@type\":\"CommentAction\",\"name\":\"Comment\",\"target\":[\"https:\\\/\\\/wernerdeck.de\\\/blog\\\/2024\\\/04\\\/22\\\/auch-mit-2-x-35-jahren-kann-man-noch-ein-teenager-sein-%e2%9d%a4%ef%b8%8f-ein-runder-geburtstag-wie-kein-anderer\\\/#respond\"]}]},{\"@type\":\"WebPage\",\"@id\":\"https:\\\/\\\/wernerdeck.de\\\/blog\\\/2024\\\/04\\\/22\\\/auch-mit-2-x-35-jahren-kann-man-noch-ein-teenager-sein-%e2%9d%a4%ef%b8%8f-ein-runder-geburtstag-wie-kein-anderer\\\/\",\"url\":\"https:\\\/\\\/wernerdeck.de\\\/blog\\\/2024\\\/04\\\/22\\\/auch-mit-2-x-35-jahren-kann-man-noch-ein-teenager-sein-%e2%9d%a4%ef%b8%8f-ein-runder-geburtstag-wie-kein-anderer\\\/\",\"name\":\"Auch mit 2 \u00d7 35 Jahren kann man noch ein Teenager sein. \u2764\ufe0f Ein runder Geburtstag wie kein anderer - Privater Blog von Werner Deck\",\"isPartOf\":{\"@id\":\"https:\\\/\\\/wernerdeck.de\\\/blog\\\/#website\"},\"primaryImageOfPage\":{\"@id\":\"https:\\\/\\\/wernerdeck.de\\\/blog\\\/2024\\\/04\\\/22\\\/auch-mit-2-x-35-jahren-kann-man-noch-ein-teenager-sein-%e2%9d%a4%ef%b8%8f-ein-runder-geburtstag-wie-kein-anderer\\\/#primaryimage\"},\"image\":{\"@id\":\"https:\\\/\\\/wernerdeck.de\\\/blog\\\/2024\\\/04\\\/22\\\/auch-mit-2-x-35-jahren-kann-man-noch-ein-teenager-sein-%e2%9d%a4%ef%b8%8f-ein-runder-geburtstag-wie-kein-anderer\\\/#primaryimage\"},\"thumbnailUrl\":\"https:\\\/\\\/wernerdeck.de\\\/blog\\\/wp-content\\\/uploads\\\/2024\\\/04\\\/Auch-mit-70-kann-man-noch-ein-teenager-sein.jpg\",\"datePublished\":\"2024-04-22T10:56:33+00:00\",\"dateModified\":\"2024-10-01T08:52:32+00:00\",\"description\":\"Es gab etwas zu feiern. Den 2\u00d735. Geburtstag meiner lieben Liebe. Das Restaurant Limonelli war spitze. Dazu ein romantischer Sonnenuntergang.\",\"breadcrumb\":{\"@id\":\"https:\\\/\\\/wernerdeck.de\\\/blog\\\/2024\\\/04\\\/22\\\/auch-mit-2-x-35-jahren-kann-man-noch-ein-teenager-sein-%e2%9d%a4%ef%b8%8f-ein-runder-geburtstag-wie-kein-anderer\\\/#breadcrumb\"},\"inLanguage\":\"de\",\"potentialAction\":[{\"@type\":\"ReadAction\",\"target\":[\"https:\\\/\\\/wernerdeck.de\\\/blog\\\/2024\\\/04\\\/22\\\/auch-mit-2-x-35-jahren-kann-man-noch-ein-teenager-sein-%e2%9d%a4%ef%b8%8f-ein-runder-geburtstag-wie-kein-anderer\\\/\"]}]},{\"@type\":\"ImageObject\",\"inLanguage\":\"de\",\"@id\":\"https:\\\/\\\/wernerdeck.de\\\/blog\\\/2024\\\/04\\\/22\\\/auch-mit-2-x-35-jahren-kann-man-noch-ein-teenager-sein-%e2%9d%a4%ef%b8%8f-ein-runder-geburtstag-wie-kein-anderer\\\/#primaryimage\",\"url\":\"https:\\\/\\\/wernerdeck.de\\\/blog\\\/wp-content\\\/uploads\\\/2024\\\/04\\\/Auch-mit-70-kann-man-noch-ein-teenager-sein.jpg\",\"contentUrl\":\"https:\\\/\\\/wernerdeck.de\\\/blog\\\/wp-content\\\/uploads\\\/2024\\\/04\\\/Auch-mit-70-kann-man-noch-ein-teenager-sein.jpg\",\"width\":1200,\"height\":426,\"caption\":\"Auch mit 70 kann man noch ein teenager sein\"},{\"@type\":\"BreadcrumbList\",\"@id\":\"https:\\\/\\\/wernerdeck.de\\\/blog\\\/2024\\\/04\\\/22\\\/auch-mit-2-x-35-jahren-kann-man-noch-ein-teenager-sein-%e2%9d%a4%ef%b8%8f-ein-runder-geburtstag-wie-kein-anderer\\\/#breadcrumb\",\"itemListElement\":[{\"@type\":\"ListItem\",\"position\":1,\"name\":\"Startseite\",\"item\":\"https:\\\/\\\/wernerdeck.de\\\/blog\\\/\"},{\"@type\":\"ListItem\",\"position\":2,\"name\":\"Auch mit 2 \u00d7 35 Jahren kann man noch ein Teenager sein. \u2764\ufe0f Ein runder Geburtstag wie kein anderer\"}]},{\"@type\":\"WebSite\",\"@id\":\"https:\\\/\\\/wernerdeck.de\\\/blog\\\/#website\",\"url\":\"https:\\\/\\\/wernerdeck.de\\\/blog\\\/\",\"name\":\"Blog von Werner Deck\",\"description\":\"\",\"publisher\":{\"@id\":\"https:\\\/\\\/wernerdeck.de\\\/blog\\\/#\\\/schema\\\/person\\\/7af62de1f11b0a09297eeb81281e523c\"},\"potentialAction\":[{\"@type\":\"SearchAction\",\"target\":{\"@type\":\"EntryPoint\",\"urlTemplate\":\"https:\\\/\\\/wernerdeck.de\\\/blog\\\/?s={search_term_string}\"},\"query-input\":{\"@type\":\"PropertyValueSpecification\",\"valueRequired\":true,\"valueName\":\"search_term_string\"}}],\"inLanguage\":\"de\"},{\"@type\":[\"Person\",\"Organization\"],\"@id\":\"https:\\\/\\\/wernerdeck.de\\\/blog\\\/#\\\/schema\\\/person\\\/7af62de1f11b0a09297eeb81281e523c\",\"name\":\"Werner Deck\",\"image\":{\"@type\":\"ImageObject\",\"inLanguage\":\"de\",\"@id\":\"https:\\\/\\\/wernerdeck.de\\\/blog\\\/wp-content\\\/uploads\\\/2022\\\/05\\\/Werner-Deck-995x1024.jpg\",\"url\":\"https:\\\/\\\/wernerdeck.de\\\/blog\\\/wp-content\\\/uploads\\\/2022\\\/05\\\/Werner-Deck-995x1024.jpg\",\"contentUrl\":\"https:\\\/\\\/wernerdeck.de\\\/blog\\\/wp-content\\\/uploads\\\/2022\\\/05\\\/Werner-Deck-995x1024.jpg\",\"width\":995,\"height\":1024,\"caption\":\"Werner Deck\"},\"logo\":{\"@id\":\"https:\\\/\\\/wernerdeck.de\\\/blog\\\/wp-content\\\/uploads\\\/2022\\\/05\\\/Werner-Deck-995x1024.jpg\"},\"sameAs\":[\"https:\\\/\\\/wernerdeck.de\\\/blog\",\"https:\\\/\\\/www.facebook.com\\\/werner.deck\\\/\",\"https:\\\/\\\/www.instagram.com\\\/opti_maler_deck\\\/\",\"https:\\\/\\\/www.youtube.com\\\/c\\\/WernerDeck\"],\"url\":\"https:\\\/\\\/wernerdeck.de\\\/blog\\\/author\\\/wernerdeck-de\\\/\"}]}<\/script>\n<!-- \/ Yoast SEO plugin. -->","yoast_head_json":{"title":"Auch mit 2 \u00d7 35 Jahren kann man noch ein Teenager sein. \u2764\ufe0f Ein runder Geburtstag wie kein anderer - Privater Blog von Werner Deck","description":"Es gab etwas zu feiern. Den 2\u00d735. Geburtstag meiner lieben Liebe. Das Restaurant Limonelli war spitze. Dazu ein romantischer Sonnenuntergang.","robots":{"index":"index","follow":"follow","max-snippet":"max-snippet:-1","max-image-preview":"max-image-preview:large","max-video-preview":"max-video-preview:-1"},"canonical":"https:\/\/wernerdeck.de\/blog\/2024\/04\/22\/auch-mit-2-x-35-jahren-kann-man-noch-ein-teenager-sein-\u2764\ufe0f-ein-runder-geburtstag-wie-kein-anderer\/","og_locale":"de_DE","og_type":"article","og_title":"Auch mit 2 \u00d7 35 Jahren kann man noch ein Teenager sein. \u2764\ufe0f Ein runder Geburtstag wie kein anderer - Privater Blog von Werner Deck","og_description":"Es gab etwas zu feiern. Den 2\u00d735. Geburtstag meiner lieben Liebe. Das Restaurant Limonelli war spitze. Dazu ein romantischer Sonnenuntergang.","og_url":"https:\/\/wernerdeck.de\/blog\/2024\/04\/22\/auch-mit-2-x-35-jahren-kann-man-noch-ein-teenager-sein-\u2764\ufe0f-ein-runder-geburtstag-wie-kein-anderer\/","og_site_name":"Privater Blog von Werner Deck","article_publisher":"https:\/\/www.facebook.com\/werner.deck\/","article_author":"https:\/\/www.facebook.com\/werner.deck\/","article_published_time":"2024-04-22T10:56:33+00:00","article_modified_time":"2024-10-01T08:52:32+00:00","og_image":[{"width":1200,"height":426,"url":"https:\/\/wernerdeck.de\/blog\/wp-content\/uploads\/2024\/04\/Auch-mit-70-kann-man-noch-ein-teenager-sein.jpg","type":"image\/jpeg"}],"author":"Werner Deck","twitter_card":"summary_large_image","twitter_misc":{"Verfasst von":"Werner Deck","Gesch\u00e4tzte Lesezeit":"3\u00a0Minuten"},"schema":{"@context":"https:\/\/schema.org","@graph":[{"@type":"Article","@id":"https:\/\/wernerdeck.de\/blog\/2024\/04\/22\/auch-mit-2-x-35-jahren-kann-man-noch-ein-teenager-sein-%e2%9d%a4%ef%b8%8f-ein-runder-geburtstag-wie-kein-anderer\/#article","isPartOf":{"@id":"https:\/\/wernerdeck.de\/blog\/2024\/04\/22\/auch-mit-2-x-35-jahren-kann-man-noch-ein-teenager-sein-%e2%9d%a4%ef%b8%8f-ein-runder-geburtstag-wie-kein-anderer\/"},"author":{"name":"Werner Deck","@id":"https:\/\/wernerdeck.de\/blog\/#\/schema\/person\/7af62de1f11b0a09297eeb81281e523c"},"headline":"Auch mit 2 \u00d7 35 Jahren kann man noch ein Teenager sein. \u2764\ufe0f Ein runder Geburtstag wie kein anderer","datePublished":"2024-04-22T10:56:33+00:00","dateModified":"2024-10-01T08:52:32+00:00","mainEntityOfPage":{"@id":"https:\/\/wernerdeck.de\/blog\/2024\/04\/22\/auch-mit-2-x-35-jahren-kann-man-noch-ein-teenager-sein-%e2%9d%a4%ef%b8%8f-ein-runder-geburtstag-wie-kein-anderer\/"},"wordCount":439,"commentCount":0,"publisher":{"@id":"https:\/\/wernerdeck.de\/blog\/#\/schema\/person\/7af62de1f11b0a09297eeb81281e523c"},"image":{"@id":"https:\/\/wernerdeck.de\/blog\/2024\/04\/22\/auch-mit-2-x-35-jahren-kann-man-noch-ein-teenager-sein-%e2%9d%a4%ef%b8%8f-ein-runder-geburtstag-wie-kein-anderer\/#primaryimage"},"thumbnailUrl":"https:\/\/wernerdeck.de\/blog\/wp-content\/uploads\/2024\/04\/Auch-mit-70-kann-man-noch-ein-teenager-sein.jpg","keywords":["70. Geburtstag","Rita","Teneriffa 2024"],"articleSection":["Reisebericht"],"inLanguage":"de","potentialAction":[{"@type":"CommentAction","name":"Comment","target":["https:\/\/wernerdeck.de\/blog\/2024\/04\/22\/auch-mit-2-x-35-jahren-kann-man-noch-ein-teenager-sein-%e2%9d%a4%ef%b8%8f-ein-runder-geburtstag-wie-kein-anderer\/#respond"]}]},{"@type":"WebPage","@id":"https:\/\/wernerdeck.de\/blog\/2024\/04\/22\/auch-mit-2-x-35-jahren-kann-man-noch-ein-teenager-sein-%e2%9d%a4%ef%b8%8f-ein-runder-geburtstag-wie-kein-anderer\/","url":"https:\/\/wernerdeck.de\/blog\/2024\/04\/22\/auch-mit-2-x-35-jahren-kann-man-noch-ein-teenager-sein-%e2%9d%a4%ef%b8%8f-ein-runder-geburtstag-wie-kein-anderer\/","name":"Auch mit 2 \u00d7 35 Jahren kann man noch ein Teenager sein. \u2764\ufe0f Ein runder Geburtstag wie kein anderer - Privater Blog von Werner Deck","isPartOf":{"@id":"https:\/\/wernerdeck.de\/blog\/#website"},"primaryImageOfPage":{"@id":"https:\/\/wernerdeck.de\/blog\/2024\/04\/22\/auch-mit-2-x-35-jahren-kann-man-noch-ein-teenager-sein-%e2%9d%a4%ef%b8%8f-ein-runder-geburtstag-wie-kein-anderer\/#primaryimage"},"image":{"@id":"https:\/\/wernerdeck.de\/blog\/2024\/04\/22\/auch-mit-2-x-35-jahren-kann-man-noch-ein-teenager-sein-%e2%9d%a4%ef%b8%8f-ein-runder-geburtstag-wie-kein-anderer\/#primaryimage"},"thumbnailUrl":"https:\/\/wernerdeck.de\/blog\/wp-content\/uploads\/2024\/04\/Auch-mit-70-kann-man-noch-ein-teenager-sein.jpg","datePublished":"2024-04-22T10:56:33+00:00","dateModified":"2024-10-01T08:52:32+00:00","description":"Es gab etwas zu feiern. Den 2\u00d735. Geburtstag meiner lieben Liebe. Das Restaurant Limonelli war spitze. Dazu ein romantischer Sonnenuntergang.","breadcrumb":{"@id":"https:\/\/wernerdeck.de\/blog\/2024\/04\/22\/auch-mit-2-x-35-jahren-kann-man-noch-ein-teenager-sein-%e2%9d%a4%ef%b8%8f-ein-runder-geburtstag-wie-kein-anderer\/#breadcrumb"},"inLanguage":"de","potentialAction":[{"@type":"ReadAction","target":["https:\/\/wernerdeck.de\/blog\/2024\/04\/22\/auch-mit-2-x-35-jahren-kann-man-noch-ein-teenager-sein-%e2%9d%a4%ef%b8%8f-ein-runder-geburtstag-wie-kein-anderer\/"]}]},{"@type":"ImageObject","inLanguage":"de","@id":"https:\/\/wernerdeck.de\/blog\/2024\/04\/22\/auch-mit-2-x-35-jahren-kann-man-noch-ein-teenager-sein-%e2%9d%a4%ef%b8%8f-ein-runder-geburtstag-wie-kein-anderer\/#primaryimage","url":"https:\/\/wernerdeck.de\/blog\/wp-content\/uploads\/2024\/04\/Auch-mit-70-kann-man-noch-ein-teenager-sein.jpg","contentUrl":"https:\/\/wernerdeck.de\/blog\/wp-content\/uploads\/2024\/04\/Auch-mit-70-kann-man-noch-ein-teenager-sein.jpg","width":1200,"height":426,"caption":"Auch mit 70 kann man noch ein teenager sein"},{"@type":"BreadcrumbList","@id":"https:\/\/wernerdeck.de\/blog\/2024\/04\/22\/auch-mit-2-x-35-jahren-kann-man-noch-ein-teenager-sein-%e2%9d%a4%ef%b8%8f-ein-runder-geburtstag-wie-kein-anderer\/#breadcrumb","itemListElement":[{"@type":"ListItem","position":1,"name":"Startseite","item":"https:\/\/wernerdeck.de\/blog\/"},{"@type":"ListItem","position":2,"name":"Auch mit 2 \u00d7 35 Jahren kann man noch ein Teenager sein. \u2764\ufe0f Ein runder Geburtstag wie kein anderer"}]},{"@type":"WebSite","@id":"https:\/\/wernerdeck.de\/blog\/#website","url":"https:\/\/wernerdeck.de\/blog\/","name":"Blog von Werner Deck","description":"","publisher":{"@id":"https:\/\/wernerdeck.de\/blog\/#\/schema\/person\/7af62de1f11b0a09297eeb81281e523c"},"potentialAction":[{"@type":"SearchAction","target":{"@type":"EntryPoint","urlTemplate":"https:\/\/wernerdeck.de\/blog\/?s={search_term_string}"},"query-input":{"@type":"PropertyValueSpecification","valueRequired":true,"valueName":"search_term_string"}}],"inLanguage":"de"},{"@type":["Person","Organization"],"@id":"https:\/\/wernerdeck.de\/blog\/#\/schema\/person\/7af62de1f11b0a09297eeb81281e523c","name":"Werner Deck","image":{"@type":"ImageObject","inLanguage":"de","@id":"https:\/\/wernerdeck.de\/blog\/wp-content\/uploads\/2022\/05\/Werner-Deck-995x1024.jpg","url":"https:\/\/wernerdeck.de\/blog\/wp-content\/uploads\/2022\/05\/Werner-Deck-995x1024.jpg","contentUrl":"https:\/\/wernerdeck.de\/blog\/wp-content\/uploads\/2022\/05\/Werner-Deck-995x1024.jpg","width":995,"height":1024,"caption":"Werner Deck"},"logo":{"@id":"https:\/\/wernerdeck.de\/blog\/wp-content\/uploads\/2022\/05\/Werner-Deck-995x1024.jpg"},"sameAs":["https:\/\/wernerdeck.de\/blog","https:\/\/www.facebook.com\/werner.deck\/","https:\/\/www.instagram.com\/opti_maler_deck\/","https:\/\/www.youtube.com\/c\/WernerDeck"],"url":"https:\/\/wernerdeck.de\/blog\/author\/wernerdeck-de\/"}]}},"_links":{"self":[{"href":"https:\/\/wernerdeck.de\/blog\/wp-json\/wp\/v2\/posts\/20639","targetHints":{"allow":["GET"]}}],"collection":[{"href":"https:\/\/wernerdeck.de\/blog\/wp-json\/wp\/v2\/posts"}],"about":[{"href":"https:\/\/wernerdeck.de\/blog\/wp-json\/wp\/v2\/types\/post"}],"author":[{"embeddable":true,"href":"https:\/\/wernerdeck.de\/blog\/wp-json\/wp\/v2\/users\/1"}],"replies":[{"embeddable":true,"href":"https:\/\/wernerdeck.de\/blog\/wp-json\/wp\/v2\/comments?post=20639"}],"version-history":[{"count":0,"href":"https:\/\/wernerdeck.de\/blog\/wp-json\/wp\/v2\/posts\/20639\/revisions"}],"wp:featuredmedia":[{"embeddable":true,"href":"https:\/\/wernerdeck.de\/blog\/wp-json\/wp\/v2\/media\/20710"}],"wp:attachment":[{"href":"https:\/\/wernerdeck.de\/blog\/wp-json\/wp\/v2\/media?parent=20639"}],"wp:term":[{"taxonomy":"category","embeddable":true,"href":"https:\/\/wernerdeck.de\/blog\/wp-json\/wp\/v2\/categories?post=20639"},{"taxonomy":"post_tag","embeddable":true,"href":"https:\/\/wernerdeck.de\/blog\/wp-json\/wp\/v2\/tags?post=20639"}],"curies":[{"name":"wp","href":"https:\/\/api.w.org\/{rel}","templated":true}]}}