{"id":20515,"date":"2024-04-15T21:02:04","date_gmt":"2024-04-15T19:02:04","guid":{"rendered":"https:\/\/wernerdeck.de\/blog\/?p=20515"},"modified":"2024-09-13T13:21:50","modified_gmt":"2024-09-13T11:21:50","slug":"nach-fuenf-faszinierenden-tagen-in-santa-cruz-de-tenerife-geht-es-mit-dem-bus-wieder-zurueck-nach-los-christianos","status":"publish","type":"post","link":"https:\/\/wernerdeck.de\/blog\/2024\/04\/15\/nach-fuenf-faszinierenden-tagen-in-santa-cruz-de-tenerife-geht-es-mit-dem-bus-wieder-zurueck-nach-los-christianos\/","title":{"rendered":"Nach f\u00fcnf faszinierenden Tagen in Santa Cruz de Tenerife, geht es mit dem Bus wieder zur\u00fcck nach Los Christianos"},"content":{"rendered":"<p><a href=\"https:\/\/wernerdeck.de\/blog\/2024\/04\/14\/fruehstueck-auf-der-verkehrsinsel-entspannung-im-park-garcia-sanabria20448\/\">Hier geht es zu unserem gestrigen Ausflugstag in Santa Cruz de Tenerife, am Sonntag, 14. April 2024<\/a><\/p>\n<hr>\n<p>Montag, 15. April 2024, der Tag unserer \u201eHeimreise\u201c nach Los Christianos. Am Morgen packten wir gem\u00e4chlich die K\u00f6fferchen und nahmen auf der Zimmerterrasse noch ein kleines und \u201everwahrlostes\u201c \ud83d\ude09 Fr\u00fchst\u00fcck.<\/p>\n<p><img loading=\"lazy\" decoding=\"async\" class=\"alignleft\" src=\"https:\/\/www.eldia.es\/hemeroteca-eldia\/imagenes\/2017\/12\/28\/1514467647279k.jpg\" alt=\"Busbahnhof Santa Cruz de Tenerife\" width=\"258\" height=\"172\"><\/p>\n<p>Anschlie\u00dfend checkten wir in unserem sch\u00f6nen <a href=\"https:\/\/www.hotelcolonrambla.com\/en\/\" target=\"_blank\" rel=\"noopener\">Hotel Colon Rambla<\/a> aus und fuhren mit dem Taxi zum <a href=\"https:\/\/de.wikipedia.org\/wiki\/Intercambiador_(Santa_Cruz_de_Tenerife)\" target=\"_blank\" rel=\"noopener\">Busbahnhof Inercambiador von Santa Cruz de Tenerife<\/a>.&nbsp;<\/p>\n<p>Gar nicht so einfach, unter den zahllosen Bussen den richtigen zu finden. Danach fuhren wir auch schon los, mit einem letzten Blick auf das in unmittelbarer Nachbarschaft zum Busbahnhof gelegene <a href=\"https:\/\/de.wikipedia.org\/wiki\/Auditorio_de_Tenerife\" target=\"_blank\" rel=\"noopener\">Auditorio de Tenerife<\/a>. Das ber\u00fchmte Auditorio schauten wir uns am <a href=\"https:\/\/wernerdeck.de\/blog\/2023\/11\/30\/rundfahrt-teneriffa-tag-2-das-auditorium-von-teneriffa-santa-cruz-de-tenerife-und-altstadt-von-san-cristobal-de-la-laguna\/\" target=\"_blank\" rel=\"noopener\">30. November letzten Jahres, bei unserer Teneriffarundfahr<\/a>t, an. An der K\u00fcste entlang fuhren wir nach Los Christianos zur\u00fcck.<\/p>\n<h3 style=\"text-align: center;\">Nach f\u00fcnf faszinierenden Tagen in Santa Cruz de Tenerife,<br \/>\ngeht es mit dem Bus wieder zur\u00fcck nach Los Christianos<\/h3>\n<p>\n<div class=\"ngg-galleryoverview ngg-template-caption\" id=\"ngg-gallery-794da5eb71658b2ff3960345db07b878-20515\">\n\n\t\t\n\t<!-- Thumbnails -->\n\t\t\t\t\t\n\t<div id=\"ngg-image-10112\" class=\"ngg-gallery-thumbnail-box\" style=\"width:25%;\" >\n\t\t<div class=\"ngg-gallery-thumbnail\" >\n\t\t\t<a href=\"https:\/\/wernerdeck.de\/blog\/wp-content\/gallery\/heimfahrt-13\/Unsere-Busfahrt-von-Santa-Cruz-de-Tenerife-zurueck-nach-Los-Christianos-14.jpg\"\n\t\t\t\ttitle=\"Verwahrlostes Fr\u00fchst\u00fcck...\"\n\t\t\t\tclass=\"ngg-simplelightbox\" rel=\"794da5eb71658b2ff3960345db07b878\" data-image-id=\"10112\" data-src=\"https:\/\/wernerdeck.de\/blog\/wp-content\/gallery\/heimfahrt-13\/Unsere-Busfahrt-von-Santa-Cruz-de-Tenerife-zurueck-nach-Los-Christianos-14.jpg\" data-thumbnail=\"https:\/\/wernerdeck.de\/blog\/wp-content\/gallery\/heimfahrt-13\/thumbs\/thumbs_Unsere-Busfahrt-von-Santa-Cruz-de-Tenerife-zurueck-nach-Los-Christianos-14.jpg\" data-title=\"Unsere-Busfahrt-von-Santa-Cruz-de-Tenerife-zurueck-nach-Los-Christianos-14\" data-description=\"Verwahrlostes Fr\u00fchst\u00fcck...\" >\n\t\t\t\t\t\t\t\t<img title=\"Unsere-Busfahrt-von-Santa-Cruz-de-Tenerife-zurueck-nach-Los-Christianos-14\" alt=\"Unsere-Busfahrt-von-Santa-Cruz-de-Tenerife-zurueck-nach-Los-Christianos-14\" src=\"https:\/\/wernerdeck.de\/blog\/wp-content\/gallery\/heimfahrt-13\/thumbs\/thumbs_Unsere-Busfahrt-von-Santa-Cruz-de-Tenerife-zurueck-nach-Los-Christianos-14.jpg\" width='240' height='160' \/>\n\t\t\t\t\t\t\t<\/a>\n\t\t\t<span>\n\t\t\tVerwahrlostes Fr\u00fchst\u00fcck...\t\t\t<\/span>\n\t\t<\/div>\n\t<\/div>\n\t\t\t\t\t\t\t\t\n\t<div id=\"ngg-image-10110\" class=\"ngg-gallery-thumbnail-box\" style=\"width:25%;\" >\n\t\t<div class=\"ngg-gallery-thumbnail\" >\n\t\t\t<a href=\"https:\/\/wernerdeck.de\/blog\/wp-content\/gallery\/heimfahrt-13\/Unsere-Busfahrt-von-Santa-Cruz-de-Tenerife-zurueck-nach-Los-Christianos-15.jpg\"\n\t\t\t\ttitle=\"... auf der Terrasse\"\n\t\t\t\tclass=\"ngg-simplelightbox\" rel=\"794da5eb71658b2ff3960345db07b878\" data-image-id=\"10110\" data-src=\"https:\/\/wernerdeck.de\/blog\/wp-content\/gallery\/heimfahrt-13\/Unsere-Busfahrt-von-Santa-Cruz-de-Tenerife-zurueck-nach-Los-Christianos-15.jpg\" data-thumbnail=\"https:\/\/wernerdeck.de\/blog\/wp-content\/gallery\/heimfahrt-13\/thumbs\/thumbs_Unsere-Busfahrt-von-Santa-Cruz-de-Tenerife-zurueck-nach-Los-Christianos-15.jpg\" data-title=\"Unsere-Busfahrt-von-Santa-Cruz-de-Tenerife-zurueck-nach-Los-Christianos-15\" data-description=\"... auf der Terrasse\" >\n\t\t\t\t\t\t\t\t<img title=\"Unsere-Busfahrt-von-Santa-Cruz-de-Tenerife-zurueck-nach-Los-Christianos-15\" alt=\"Unsere-Busfahrt-von-Santa-Cruz-de-Tenerife-zurueck-nach-Los-Christianos-15\" src=\"https:\/\/wernerdeck.de\/blog\/wp-content\/gallery\/heimfahrt-13\/thumbs\/thumbs_Unsere-Busfahrt-von-Santa-Cruz-de-Tenerife-zurueck-nach-Los-Christianos-15.jpg\" width='240' height='160' \/>\n\t\t\t\t\t\t\t<\/a>\n\t\t\t<span>\n\t\t\t... auf der Terrasse\t\t\t<\/span>\n\t\t<\/div>\n\t<\/div>\n\t\t\t\t\t\t\t\t\n\t<div id=\"ngg-image-10111\" class=\"ngg-gallery-thumbnail-box\" style=\"width:25%;\" >\n\t\t<div class=\"ngg-gallery-thumbnail\" >\n\t\t\t<a href=\"https:\/\/wernerdeck.de\/blog\/wp-content\/gallery\/heimfahrt-13\/Unsere-Busfahrt-von-Santa-Cruz-de-Tenerife-zurueck-nach-Los-Christianos-16.jpg\"\n\t\t\t\ttitle=\"Auschecken im Hotel\"\n\t\t\t\tclass=\"ngg-simplelightbox\" rel=\"794da5eb71658b2ff3960345db07b878\" data-image-id=\"10111\" data-src=\"https:\/\/wernerdeck.de\/blog\/wp-content\/gallery\/heimfahrt-13\/Unsere-Busfahrt-von-Santa-Cruz-de-Tenerife-zurueck-nach-Los-Christianos-16.jpg\" data-thumbnail=\"https:\/\/wernerdeck.de\/blog\/wp-content\/gallery\/heimfahrt-13\/thumbs\/thumbs_Unsere-Busfahrt-von-Santa-Cruz-de-Tenerife-zurueck-nach-Los-Christianos-16.jpg\" data-title=\"Unsere-Busfahrt-von-Santa-Cruz-de-Tenerife-zurueck-nach-Los-Christianos-16\" data-description=\"Auschecken im Hotel\" >\n\t\t\t\t\t\t\t\t<img title=\"Unsere-Busfahrt-von-Santa-Cruz-de-Tenerife-zurueck-nach-Los-Christianos-16\" alt=\"Unsere-Busfahrt-von-Santa-Cruz-de-Tenerife-zurueck-nach-Los-Christianos-16\" src=\"https:\/\/wernerdeck.de\/blog\/wp-content\/gallery\/heimfahrt-13\/thumbs\/thumbs_Unsere-Busfahrt-von-Santa-Cruz-de-Tenerife-zurueck-nach-Los-Christianos-16.jpg\" width='240' height='160' \/>\n\t\t\t\t\t\t\t<\/a>\n\t\t\t<span>\n\t\t\tAuschecken im Hotel\t\t\t<\/span>\n\t\t<\/div>\n\t<\/div>\n\t\t\t\t\t\t\t\t\n\t<div id=\"ngg-image-10113\" class=\"ngg-gallery-thumbnail-box\" style=\"width:25%;\" >\n\t\t<div class=\"ngg-gallery-thumbnail\" >\n\t\t\t<a href=\"https:\/\/wernerdeck.de\/blog\/wp-content\/gallery\/heimfahrt-13\/Unsere-Busfahrt-von-Santa-Cruz-de-Tenerife-zurueck-nach-Los-Christianos-17.jpg\"\n\t\t\t\ttitle=\"Warten auf das Taxi\"\n\t\t\t\tclass=\"ngg-simplelightbox\" rel=\"794da5eb71658b2ff3960345db07b878\" data-image-id=\"10113\" data-src=\"https:\/\/wernerdeck.de\/blog\/wp-content\/gallery\/heimfahrt-13\/Unsere-Busfahrt-von-Santa-Cruz-de-Tenerife-zurueck-nach-Los-Christianos-17.jpg\" data-thumbnail=\"https:\/\/wernerdeck.de\/blog\/wp-content\/gallery\/heimfahrt-13\/thumbs\/thumbs_Unsere-Busfahrt-von-Santa-Cruz-de-Tenerife-zurueck-nach-Los-Christianos-17.jpg\" data-title=\"Unsere-Busfahrt-von-Santa-Cruz-de-Tenerife-zurueck-nach-Los-Christianos-17\" data-description=\"Warten auf das Taxi\" >\n\t\t\t\t\t\t\t\t<img title=\"Unsere-Busfahrt-von-Santa-Cruz-de-Tenerife-zurueck-nach-Los-Christianos-17\" alt=\"Unsere-Busfahrt-von-Santa-Cruz-de-Tenerife-zurueck-nach-Los-Christianos-17\" src=\"https:\/\/wernerdeck.de\/blog\/wp-content\/gallery\/heimfahrt-13\/thumbs\/thumbs_Unsere-Busfahrt-von-Santa-Cruz-de-Tenerife-zurueck-nach-Los-Christianos-17.jpg\" width='240' height='160' \/>\n\t\t\t\t\t\t\t<\/a>\n\t\t\t<span>\n\t\t\tWarten auf das Taxi\t\t\t<\/span>\n\t\t<\/div>\n\t<\/div>\n\t\t\t\t\t\t\t<br style=\"clear: both\" \/>\n\t\t\t\n\t<div id=\"ngg-image-10109\" class=\"ngg-gallery-thumbnail-box\" style=\"width:25%;\" >\n\t\t<div class=\"ngg-gallery-thumbnail\" >\n\t\t\t<a href=\"https:\/\/wernerdeck.de\/blog\/wp-content\/gallery\/heimfahrt-13\/Unsere-Busfahrt-von-Santa-Cruz-de-Tenerife-zurueck-nach-Los-Christianos-18.jpg\"\n\t\t\t\ttitle=\" \"\n\t\t\t\tclass=\"ngg-simplelightbox\" rel=\"794da5eb71658b2ff3960345db07b878\" data-image-id=\"10109\" data-src=\"https:\/\/wernerdeck.de\/blog\/wp-content\/gallery\/heimfahrt-13\/Unsere-Busfahrt-von-Santa-Cruz-de-Tenerife-zurueck-nach-Los-Christianos-18.jpg\" data-thumbnail=\"https:\/\/wernerdeck.de\/blog\/wp-content\/gallery\/heimfahrt-13\/thumbs\/thumbs_Unsere-Busfahrt-von-Santa-Cruz-de-Tenerife-zurueck-nach-Los-Christianos-18.jpg\" data-title=\"Unsere-Busfahrt-von-Santa-Cruz-de-Tenerife-zurueck-nach-Los-Christianos-18\" data-description=\" \" >\n\t\t\t\t\t\t\t\t<img title=\"Unsere-Busfahrt-von-Santa-Cruz-de-Tenerife-zurueck-nach-Los-Christianos-18\" alt=\"Unsere-Busfahrt-von-Santa-Cruz-de-Tenerife-zurueck-nach-Los-Christianos-18\" src=\"https:\/\/wernerdeck.de\/blog\/wp-content\/gallery\/heimfahrt-13\/thumbs\/thumbs_Unsere-Busfahrt-von-Santa-Cruz-de-Tenerife-zurueck-nach-Los-Christianos-18.jpg\" width='240' height='160' \/>\n\t\t\t\t\t\t\t<\/a>\n\t\t\t<span>\n\t\t\t \t\t\t<\/span>\n\t\t<\/div>\n\t<\/div>\n\t\t\t\t\t\t\t\t\n\t<div id=\"ngg-image-10108\" class=\"ngg-gallery-thumbnail-box\" style=\"width:25%;\" >\n\t\t<div class=\"ngg-gallery-thumbnail\" >\n\t\t\t<a href=\"https:\/\/wernerdeck.de\/blog\/wp-content\/gallery\/heimfahrt-13\/Unsere-Busfahrt-von-Santa-Cruz-de-Tenerife-zurueck-nach-Los-Christianos-18-1.jpg\"\n\t\t\t\ttitle=\"Auditorio de Tenerife\"\n\t\t\t\tclass=\"ngg-simplelightbox\" rel=\"794da5eb71658b2ff3960345db07b878\" data-image-id=\"10108\" data-src=\"https:\/\/wernerdeck.de\/blog\/wp-content\/gallery\/heimfahrt-13\/Unsere-Busfahrt-von-Santa-Cruz-de-Tenerife-zurueck-nach-Los-Christianos-18-1.jpg\" data-thumbnail=\"https:\/\/wernerdeck.de\/blog\/wp-content\/gallery\/heimfahrt-13\/thumbs\/thumbs_Unsere-Busfahrt-von-Santa-Cruz-de-Tenerife-zurueck-nach-Los-Christianos-18-1.jpg\" data-title=\"Unsere-Busfahrt-von-Santa-Cruz-de-Tenerife-zurueck-nach-Los-Christianos-18-1\" data-description=\"Auditorio de Tenerife\" >\n\t\t\t\t\t\t\t\t<img title=\"Unsere-Busfahrt-von-Santa-Cruz-de-Tenerife-zurueck-nach-Los-Christianos-18-1\" alt=\"Unsere-Busfahrt-von-Santa-Cruz-de-Tenerife-zurueck-nach-Los-Christianos-18-1\" src=\"https:\/\/wernerdeck.de\/blog\/wp-content\/gallery\/heimfahrt-13\/thumbs\/thumbs_Unsere-Busfahrt-von-Santa-Cruz-de-Tenerife-zurueck-nach-Los-Christianos-18-1.jpg\" width='240' height='160' \/>\n\t\t\t\t\t\t\t<\/a>\n\t\t\t<span>\n\t\t\tAuditorio de Tenerife\t\t\t<\/span>\n\t\t<\/div>\n\t<\/div>\n\t\t\t\t\t\t\t\t\n\t<div id=\"ngg-image-10115\" class=\"ngg-gallery-thumbnail-box\" style=\"width:25%;\" >\n\t\t<div class=\"ngg-gallery-thumbnail\" >\n\t\t\t<a href=\"https:\/\/wernerdeck.de\/blog\/wp-content\/gallery\/heimfahrt-13\/Unsere-Busfahrt-von-Santa-Cruz-de-Tenerife-zurueck-nach-Los-Christianos-19.jpg\"\n\t\t\t\ttitle=\" \"\n\t\t\t\tclass=\"ngg-simplelightbox\" rel=\"794da5eb71658b2ff3960345db07b878\" data-image-id=\"10115\" data-src=\"https:\/\/wernerdeck.de\/blog\/wp-content\/gallery\/heimfahrt-13\/Unsere-Busfahrt-von-Santa-Cruz-de-Tenerife-zurueck-nach-Los-Christianos-19.jpg\" data-thumbnail=\"https:\/\/wernerdeck.de\/blog\/wp-content\/gallery\/heimfahrt-13\/thumbs\/thumbs_Unsere-Busfahrt-von-Santa-Cruz-de-Tenerife-zurueck-nach-Los-Christianos-19.jpg\" data-title=\"Unsere-Busfahrt-von-Santa-Cruz-de-Tenerife-zurueck-nach-Los-Christianos-19\" data-description=\" \" >\n\t\t\t\t\t\t\t\t<img title=\"Unsere-Busfahrt-von-Santa-Cruz-de-Tenerife-zurueck-nach-Los-Christianos-19\" alt=\"Unsere-Busfahrt-von-Santa-Cruz-de-Tenerife-zurueck-nach-Los-Christianos-19\" src=\"https:\/\/wernerdeck.de\/blog\/wp-content\/gallery\/heimfahrt-13\/thumbs\/thumbs_Unsere-Busfahrt-von-Santa-Cruz-de-Tenerife-zurueck-nach-Los-Christianos-19.jpg\" width='240' height='160' \/>\n\t\t\t\t\t\t\t<\/a>\n\t\t\t<span>\n\t\t\t \t\t\t<\/span>\n\t\t<\/div>\n\t<\/div>\n\t\t\t\t\t\t\t\t\n\t<div id=\"ngg-image-10114\" class=\"ngg-gallery-thumbnail-box\" style=\"width:25%;\" >\n\t\t<div class=\"ngg-gallery-thumbnail\" >\n\t\t\t<a href=\"https:\/\/wernerdeck.de\/blog\/wp-content\/gallery\/heimfahrt-13\/Unsere-Busfahrt-von-Santa-Cruz-de-Tenerife-zurueck-nach-Los-Christianos-20.jpg\"\n\t\t\t\ttitle=\"An der K\u00fcste entlang\"\n\t\t\t\tclass=\"ngg-simplelightbox\" rel=\"794da5eb71658b2ff3960345db07b878\" data-image-id=\"10114\" data-src=\"https:\/\/wernerdeck.de\/blog\/wp-content\/gallery\/heimfahrt-13\/Unsere-Busfahrt-von-Santa-Cruz-de-Tenerife-zurueck-nach-Los-Christianos-20.jpg\" data-thumbnail=\"https:\/\/wernerdeck.de\/blog\/wp-content\/gallery\/heimfahrt-13\/thumbs\/thumbs_Unsere-Busfahrt-von-Santa-Cruz-de-Tenerife-zurueck-nach-Los-Christianos-20.jpg\" data-title=\"Unsere-Busfahrt-von-Santa-Cruz-de-Tenerife-zurueck-nach-Los-Christianos-20\" data-description=\"An der K\u00fcste entlang\" >\n\t\t\t\t\t\t\t\t<img title=\"Unsere-Busfahrt-von-Santa-Cruz-de-Tenerife-zurueck-nach-Los-Christianos-20\" alt=\"Unsere-Busfahrt-von-Santa-Cruz-de-Tenerife-zurueck-nach-Los-Christianos-20\" src=\"https:\/\/wernerdeck.de\/blog\/wp-content\/gallery\/heimfahrt-13\/thumbs\/thumbs_Unsere-Busfahrt-von-Santa-Cruz-de-Tenerife-zurueck-nach-Los-Christianos-20.jpg\" width='240' height='160' \/>\n\t\t\t\t\t\t\t<\/a>\n\t\t\t<span>\n\t\t\tAn der K\u00fcste entlang\t\t\t<\/span>\n\t\t<\/div>\n\t<\/div>\n\t\t\t\t\t\t\t<br style=\"clear: both\" \/>\n\t\t\t\n\t<!-- Pagination -->\n\t\t<div class='ngg-clear'><\/div>\t\n<\/div>\n\n\tDie Buslinie 112 lieferte uns nach ca. einer Stunde in Los Christianos ab. Mit unseren Rollk\u00f6fferchen hatten wir noch zehn Minuten Fu\u00dfweg bis zu unserem Apartment. Am Abend gab es im 4-Sterne-Restaurant Rita auf dem Balkon eine leckere Paste mit begleitendem Wei\u00dfwein. \ud83d\ude0a<\/p>\n<p>\n<div class=\"ngg-galleryoverview ngg-template-caption\" id=\"ngg-gallery-724b422bb416a45c2276a58b4f40d0e3-20515\">\n\n\t\t\n\t<!-- Thumbnails -->\n\t\t\t\t\t\n\t<div id=\"ngg-image-10124\" class=\"ngg-gallery-thumbnail-box\" style=\"width:25%;\" >\n\t\t<div class=\"ngg-gallery-thumbnail\" >\n\t\t\t<a href=\"https:\/\/wernerdeck.de\/blog\/wp-content\/gallery\/apartmet-zurueck\/1_Angekommen-in-Los-ChristianosRita-kocht-ein-feines-Abendessen-01.jpg\"\n\t\t\t\ttitle=\"Eine Stunde Busfahrt entlang der K\u00fcste\"\n\t\t\t\tclass=\"ngg-simplelightbox\" rel=\"724b422bb416a45c2276a58b4f40d0e3\" data-image-id=\"10124\" data-src=\"https:\/\/wernerdeck.de\/blog\/wp-content\/gallery\/apartmet-zurueck\/1_Angekommen-in-Los-ChristianosRita-kocht-ein-feines-Abendessen-01.jpg\" data-thumbnail=\"https:\/\/wernerdeck.de\/blog\/wp-content\/gallery\/apartmet-zurueck\/thumbs\/thumbs_1_Angekommen-in-Los-ChristianosRita-kocht-ein-feines-Abendessen-01.jpg\" data-title=\"1_Angekommen-in-Los-ChristianosRita-kocht-ein-feines-Abendessen-01\" data-description=\"Eine Stunde Busfahrt entlang der K\u00fcste\" >\n\t\t\t\t\t\t\t\t<img title=\"1_Angekommen-in-Los-ChristianosRita-kocht-ein-feines-Abendessen-01\" alt=\"1_Angekommen-in-Los-ChristianosRita-kocht-ein-feines-Abendessen-01\" src=\"https:\/\/wernerdeck.de\/blog\/wp-content\/gallery\/apartmet-zurueck\/thumbs\/thumbs_1_Angekommen-in-Los-ChristianosRita-kocht-ein-feines-Abendessen-01.jpg\" width='240' height='160' \/>\n\t\t\t\t\t\t\t<\/a>\n\t\t\t<span>\n\t\t\tEine Stunde Busfahrt entlang der K\u00fcste\t\t\t<\/span>\n\t\t<\/div>\n\t<\/div>\n\t\t\t\t\t\t\t\t\n\t<div id=\"ngg-image-10121\" class=\"ngg-gallery-thumbnail-box\" style=\"width:25%;\" >\n\t\t<div class=\"ngg-gallery-thumbnail\" >\n\t\t\t<a href=\"https:\/\/wernerdeck.de\/blog\/wp-content\/gallery\/apartmet-zurueck\/Angekommen-in-Los-ChristianosRita-kocht-ein-feines-Abendessen-02.jpg\"\n\t\t\t\ttitle=\"K\u00fcche Restaurant Rita\"\n\t\t\t\tclass=\"ngg-simplelightbox\" rel=\"724b422bb416a45c2276a58b4f40d0e3\" data-image-id=\"10121\" data-src=\"https:\/\/wernerdeck.de\/blog\/wp-content\/gallery\/apartmet-zurueck\/Angekommen-in-Los-ChristianosRita-kocht-ein-feines-Abendessen-02.jpg\" data-thumbnail=\"https:\/\/wernerdeck.de\/blog\/wp-content\/gallery\/apartmet-zurueck\/thumbs\/thumbs_Angekommen-in-Los-ChristianosRita-kocht-ein-feines-Abendessen-02.jpg\" data-title=\"Angekommen-in-Los-ChristianosRita-kocht-ein-feines-Abendessen-02\" data-description=\"K\u00fcche Restaurant Rita\" >\n\t\t\t\t\t\t\t\t<img title=\"Angekommen-in-Los-ChristianosRita-kocht-ein-feines-Abendessen-02\" alt=\"Angekommen-in-Los-ChristianosRita-kocht-ein-feines-Abendessen-02\" src=\"https:\/\/wernerdeck.de\/blog\/wp-content\/gallery\/apartmet-zurueck\/thumbs\/thumbs_Angekommen-in-Los-ChristianosRita-kocht-ein-feines-Abendessen-02.jpg\" width='240' height='160' \/>\n\t\t\t\t\t\t\t<\/a>\n\t\t\t<span>\n\t\t\tK\u00fcche Restaurant Rita\t\t\t<\/span>\n\t\t<\/div>\n\t<\/div>\n\t\t\t\t\t\t\t\t\n\t<div id=\"ngg-image-10118\" class=\"ngg-gallery-thumbnail-box\" style=\"width:25%;\" >\n\t\t<div class=\"ngg-gallery-thumbnail\" >\n\t\t\t<a href=\"https:\/\/wernerdeck.de\/blog\/wp-content\/gallery\/apartmet-zurueck\/Angekommen-in-Los-ChristianosRita-kocht-ein-feines-Abendessen-03.jpg\"\n\t\t\t\ttitle=\"K\u00fcche Restaurant Rita\"\n\t\t\t\tclass=\"ngg-simplelightbox\" rel=\"724b422bb416a45c2276a58b4f40d0e3\" data-image-id=\"10118\" data-src=\"https:\/\/wernerdeck.de\/blog\/wp-content\/gallery\/apartmet-zurueck\/Angekommen-in-Los-ChristianosRita-kocht-ein-feines-Abendessen-03.jpg\" data-thumbnail=\"https:\/\/wernerdeck.de\/blog\/wp-content\/gallery\/apartmet-zurueck\/thumbs\/thumbs_Angekommen-in-Los-ChristianosRita-kocht-ein-feines-Abendessen-03.jpg\" data-title=\"Angekommen-in-Los-ChristianosRita-kocht-ein-feines-Abendessen-03\" data-description=\"K\u00fcche Restaurant Rita\" >\n\t\t\t\t\t\t\t\t<img title=\"Angekommen-in-Los-ChristianosRita-kocht-ein-feines-Abendessen-03\" alt=\"Angekommen-in-Los-ChristianosRita-kocht-ein-feines-Abendessen-03\" src=\"https:\/\/wernerdeck.de\/blog\/wp-content\/gallery\/apartmet-zurueck\/thumbs\/thumbs_Angekommen-in-Los-ChristianosRita-kocht-ein-feines-Abendessen-03.jpg\" width='240' height='160' \/>\n\t\t\t\t\t\t\t<\/a>\n\t\t\t<span>\n\t\t\tK\u00fcche Restaurant Rita\t\t\t<\/span>\n\t\t<\/div>\n\t<\/div>\n\t\t\t\t\t\t\t\t\n\t<div id=\"ngg-image-10120\" class=\"ngg-gallery-thumbnail-box\" style=\"width:25%;\" >\n\t\t<div class=\"ngg-gallery-thumbnail\" >\n\t\t\t<a href=\"https:\/\/wernerdeck.de\/blog\/wp-content\/gallery\/apartmet-zurueck\/Angekommen-in-Los-ChristianosRita-kocht-ein-feines-Abendessen-04.jpg\"\n\t\t\t\ttitle=\"Die Pasta-Zutaten\"\n\t\t\t\tclass=\"ngg-simplelightbox\" rel=\"724b422bb416a45c2276a58b4f40d0e3\" data-image-id=\"10120\" data-src=\"https:\/\/wernerdeck.de\/blog\/wp-content\/gallery\/apartmet-zurueck\/Angekommen-in-Los-ChristianosRita-kocht-ein-feines-Abendessen-04.jpg\" data-thumbnail=\"https:\/\/wernerdeck.de\/blog\/wp-content\/gallery\/apartmet-zurueck\/thumbs\/thumbs_Angekommen-in-Los-ChristianosRita-kocht-ein-feines-Abendessen-04.jpg\" data-title=\"Angekommen-in-Los-ChristianosRita-kocht-ein-feines-Abendessen-04\" data-description=\"Die Pasta-Zutaten\" >\n\t\t\t\t\t\t\t\t<img title=\"Angekommen-in-Los-ChristianosRita-kocht-ein-feines-Abendessen-04\" alt=\"Angekommen-in-Los-ChristianosRita-kocht-ein-feines-Abendessen-04\" src=\"https:\/\/wernerdeck.de\/blog\/wp-content\/gallery\/apartmet-zurueck\/thumbs\/thumbs_Angekommen-in-Los-ChristianosRita-kocht-ein-feines-Abendessen-04.jpg\" width='240' height='160' \/>\n\t\t\t\t\t\t\t<\/a>\n\t\t\t<span>\n\t\t\tDie Pasta-Zutaten\t\t\t<\/span>\n\t\t<\/div>\n\t<\/div>\n\t\t\t\t\t\t\t<br style=\"clear: both\" \/>\n\t\t\t\n\t<div id=\"ngg-image-10117\" class=\"ngg-gallery-thumbnail-box\" style=\"width:25%;\" >\n\t\t<div class=\"ngg-gallery-thumbnail\" >\n\t\t\t<a href=\"https:\/\/wernerdeck.de\/blog\/wp-content\/gallery\/apartmet-zurueck\/Angekommen-in-Los-ChristianosRita-kocht-ein-feines-Abendessen-05.jpg\"\n\t\t\t\ttitle=\"Es k\u00f6chelt\"\n\t\t\t\tclass=\"ngg-simplelightbox\" rel=\"724b422bb416a45c2276a58b4f40d0e3\" data-image-id=\"10117\" data-src=\"https:\/\/wernerdeck.de\/blog\/wp-content\/gallery\/apartmet-zurueck\/Angekommen-in-Los-ChristianosRita-kocht-ein-feines-Abendessen-05.jpg\" data-thumbnail=\"https:\/\/wernerdeck.de\/blog\/wp-content\/gallery\/apartmet-zurueck\/thumbs\/thumbs_Angekommen-in-Los-ChristianosRita-kocht-ein-feines-Abendessen-05.jpg\" data-title=\"Angekommen-in-Los-ChristianosRita-kocht-ein-feines-Abendessen-05\" data-description=\"Es k\u00f6chelt\" >\n\t\t\t\t\t\t\t\t<img title=\"Angekommen-in-Los-ChristianosRita-kocht-ein-feines-Abendessen-05\" alt=\"Angekommen-in-Los-ChristianosRita-kocht-ein-feines-Abendessen-05\" src=\"https:\/\/wernerdeck.de\/blog\/wp-content\/gallery\/apartmet-zurueck\/thumbs\/thumbs_Angekommen-in-Los-ChristianosRita-kocht-ein-feines-Abendessen-05.jpg\" width='240' height='160' \/>\n\t\t\t\t\t\t\t<\/a>\n\t\t\t<span>\n\t\t\tEs k\u00f6chelt\t\t\t<\/span>\n\t\t<\/div>\n\t<\/div>\n\t\t\t\t\t\t\t\t\n\t<div id=\"ngg-image-10119\" class=\"ngg-gallery-thumbnail-box\" style=\"width:25%;\" >\n\t\t<div class=\"ngg-gallery-thumbnail\" >\n\t\t\t<a href=\"https:\/\/wernerdeck.de\/blog\/wp-content\/gallery\/apartmet-zurueck\/Angekommen-in-Los-ChristianosRita-kocht-ein-feines-Abendessen-06.jpg\"\n\t\t\t\ttitle=\"Gleich fertig\"\n\t\t\t\tclass=\"ngg-simplelightbox\" rel=\"724b422bb416a45c2276a58b4f40d0e3\" data-image-id=\"10119\" data-src=\"https:\/\/wernerdeck.de\/blog\/wp-content\/gallery\/apartmet-zurueck\/Angekommen-in-Los-ChristianosRita-kocht-ein-feines-Abendessen-06.jpg\" data-thumbnail=\"https:\/\/wernerdeck.de\/blog\/wp-content\/gallery\/apartmet-zurueck\/thumbs\/thumbs_Angekommen-in-Los-ChristianosRita-kocht-ein-feines-Abendessen-06.jpg\" data-title=\"Angekommen-in-Los-ChristianosRita-kocht-ein-feines-Abendessen-06\" data-description=\"Gleich fertig\" >\n\t\t\t\t\t\t\t\t<img title=\"Angekommen-in-Los-ChristianosRita-kocht-ein-feines-Abendessen-06\" alt=\"Angekommen-in-Los-ChristianosRita-kocht-ein-feines-Abendessen-06\" src=\"https:\/\/wernerdeck.de\/blog\/wp-content\/gallery\/apartmet-zurueck\/thumbs\/thumbs_Angekommen-in-Los-ChristianosRita-kocht-ein-feines-Abendessen-06.jpg\" width='240' height='160' \/>\n\t\t\t\t\t\t\t<\/a>\n\t\t\t<span>\n\t\t\tGleich fertig\t\t\t<\/span>\n\t\t<\/div>\n\t<\/div>\n\t\t\t\t\t\t\t\t\n\t<div id=\"ngg-image-10122\" class=\"ngg-gallery-thumbnail-box\" style=\"width:25%;\" >\n\t\t<div class=\"ngg-gallery-thumbnail\" >\n\t\t\t<a href=\"https:\/\/wernerdeck.de\/blog\/wp-content\/gallery\/apartmet-zurueck\/Angekommen-in-Los-ChristianosRita-kocht-ein-feines-Abendessen-07.jpg\"\n\t\t\t\ttitle=\" \"\n\t\t\t\tclass=\"ngg-simplelightbox\" rel=\"724b422bb416a45c2276a58b4f40d0e3\" data-image-id=\"10122\" data-src=\"https:\/\/wernerdeck.de\/blog\/wp-content\/gallery\/apartmet-zurueck\/Angekommen-in-Los-ChristianosRita-kocht-ein-feines-Abendessen-07.jpg\" data-thumbnail=\"https:\/\/wernerdeck.de\/blog\/wp-content\/gallery\/apartmet-zurueck\/thumbs\/thumbs_Angekommen-in-Los-ChristianosRita-kocht-ein-feines-Abendessen-07.jpg\" data-title=\"Angekommen-in-Los-ChristianosRita-kocht-ein-feines-Abendessen-07\" data-description=\" \" >\n\t\t\t\t\t\t\t\t<img title=\"Angekommen-in-Los-ChristianosRita-kocht-ein-feines-Abendessen-07\" alt=\"Angekommen-in-Los-ChristianosRita-kocht-ein-feines-Abendessen-07\" src=\"https:\/\/wernerdeck.de\/blog\/wp-content\/gallery\/apartmet-zurueck\/thumbs\/thumbs_Angekommen-in-Los-ChristianosRita-kocht-ein-feines-Abendessen-07.jpg\" width='240' height='160' \/>\n\t\t\t\t\t\t\t<\/a>\n\t\t\t<span>\n\t\t\t \t\t\t<\/span>\n\t\t<\/div>\n\t<\/div>\n\t\t\t\t\t\t\t\t\n\t<div id=\"ngg-image-10123\" class=\"ngg-gallery-thumbnail-box\" style=\"width:25%;\" >\n\t\t<div class=\"ngg-gallery-thumbnail\" >\n\t\t\t<a href=\"https:\/\/wernerdeck.de\/blog\/wp-content\/gallery\/apartmet-zurueck\/Angekommen-in-Los-ChristianosRita-kocht-ein-feines-Abendessen-08.jpg\"\n\t\t\t\ttitle=\"Sehr leckere Pasta\"\n\t\t\t\tclass=\"ngg-simplelightbox\" rel=\"724b422bb416a45c2276a58b4f40d0e3\" data-image-id=\"10123\" data-src=\"https:\/\/wernerdeck.de\/blog\/wp-content\/gallery\/apartmet-zurueck\/Angekommen-in-Los-ChristianosRita-kocht-ein-feines-Abendessen-08.jpg\" data-thumbnail=\"https:\/\/wernerdeck.de\/blog\/wp-content\/gallery\/apartmet-zurueck\/thumbs\/thumbs_Angekommen-in-Los-ChristianosRita-kocht-ein-feines-Abendessen-08.jpg\" data-title=\"Angekommen-in-Los-ChristianosRita-kocht-ein-feines-Abendessen-08\" data-description=\"Sehr leckere Pasta\" >\n\t\t\t\t\t\t\t\t<img title=\"Angekommen-in-Los-ChristianosRita-kocht-ein-feines-Abendessen-08\" alt=\"Angekommen-in-Los-ChristianosRita-kocht-ein-feines-Abendessen-08\" src=\"https:\/\/wernerdeck.de\/blog\/wp-content\/gallery\/apartmet-zurueck\/thumbs\/thumbs_Angekommen-in-Los-ChristianosRita-kocht-ein-feines-Abendessen-08.jpg\" width='240' height='160' \/>\n\t\t\t\t\t\t\t<\/a>\n\t\t\t<span>\n\t\t\tSehr leckere Pasta\t\t\t<\/span>\n\t\t<\/div>\n\t<\/div>\n\t\t\t\t\t\t\t<br style=\"clear: both\" \/>\n\t\t\t\n\t<!-- Pagination -->\n\t\t<div class='ngg-clear'><\/div>\t\n<\/div>\n\n\tJetzt sind es noch zwei Wochen, bis wir wieder nach Hause in k\u00fchlere Gefilde m\u00fcssen. \ud83d\ude09<\/p>\n<hr>\n<p><a href=\"https:\/\/wernerdeck.de\/blog\/2024\/04\/20\/es-sich-gut-gehen-lassen-geburtstagsvorbereitungen-fuer-meine-liebe-liebe-neues-apartment-finden-die-zeit-bis-zum-21-april\/\">Hier geht es zum n\u00e4chsten Beitrag vom 20. April 2024<\/a><\/p>\n","protected":false},"excerpt":{"rendered":"<p>Hier geht es zu unserem gestrigen Ausflugstag in Santa Cruz de Tenerife, am Sonntag, 14. April 2024 Montag, 15. April 2024, der Tag unserer \u201eHeimreise\u201c nach Los Christianos. Am Morgen packten wir gem\u00e4chlich die K\u00f6fferchen und nahmen auf der Zimmerterrasse noch ein kleines und \u201everwahrlostes\u201c \ud83d\ude09 Fr\u00fchst\u00fcck. Anschlie\u00dfend checkten wir in unserem sch\u00f6nen Hotel Colon &#8230; <a title=\"Nach f\u00fcnf faszinierenden Tagen in Santa Cruz de Tenerife, geht es mit dem Bus wieder zur\u00fcck nach Los Christianos\" class=\"read-more\" href=\"https:\/\/wernerdeck.de\/blog\/2024\/04\/15\/nach-fuenf-faszinierenden-tagen-in-santa-cruz-de-tenerife-geht-es-mit-dem-bus-wieder-zurueck-nach-los-christianos\/\" aria-label=\"Mehr Informationen \u00fcber Nach f\u00fcnf faszinierenden Tagen in Santa Cruz de Tenerife, geht es mit dem Bus wieder zur\u00fcck nach Los Christianos\">Weiterlesen<\/a><\/p>\n","protected":false},"author":1,"featured_media":20553,"comment_status":"open","ping_status":"open","sticky":false,"template":"","format":"standard","meta":{"ngg_post_thumbnail":0,"footnotes":""},"categories":[208],"tags":[363,461],"class_list":["post-20515","post","type-post","status-publish","format-standard","has-post-thumbnail","hentry","category-reisebericht","tag-teneriffa","tag-teneriffa-2024"],"yoast_head":"<!-- This site is optimized with the Yoast SEO plugin v27.5 - https:\/\/yoast.com\/product\/yoast-seo-wordpress\/ -->\n<title>Nach f\u00fcnf faszinierenden Tagen in Santa Cruz de Tenerife, geht es mit dem Bus wieder zur\u00fcck nach Los Christianos - Privater Blog von Werner Deck<\/title>\n<meta name=\"description\" content=\"Der Tag der Heimreise nach Los Christianos. K\u00f6fferchen packen, mit Taxi zum Busbahnhof und am Abend Ritas leckere Pasta auf dem Balkon.\" \/>\n<meta name=\"robots\" content=\"index, follow, max-snippet:-1, max-image-preview:large, max-video-preview:-1\" \/>\n<link rel=\"canonical\" href=\"https:\/\/wernerdeck.de\/blog\/2024\/04\/15\/nach-fuenf-faszinierenden-tagen-in-santa-cruz-de-tenerife-geht-es-mit-dem-bus-wieder-zurueck-nach-los-christianos\/\" \/>\n<meta property=\"og:locale\" content=\"de_DE\" \/>\n<meta property=\"og:type\" content=\"article\" \/>\n<meta property=\"og:title\" content=\"Nach f\u00fcnf faszinierenden Tagen in Santa Cruz de Tenerife, geht es mit dem Bus wieder zur\u00fcck nach Los Christianos - Privater Blog von Werner Deck\" \/>\n<meta property=\"og:description\" content=\"Der Tag der Heimreise nach Los Christianos. K\u00f6fferchen packen, mit Taxi zum Busbahnhof und am Abend Ritas leckere Pasta auf dem Balkon.\" \/>\n<meta property=\"og:url\" content=\"https:\/\/wernerdeck.de\/blog\/2024\/04\/15\/nach-fuenf-faszinierenden-tagen-in-santa-cruz-de-tenerife-geht-es-mit-dem-bus-wieder-zurueck-nach-los-christianos\/\" \/>\n<meta property=\"og:site_name\" content=\"Privater Blog von Werner Deck\" \/>\n<meta property=\"article:publisher\" content=\"https:\/\/www.facebook.com\/werner.deck\/\" \/>\n<meta property=\"article:author\" content=\"https:\/\/www.facebook.com\/werner.deck\/\" \/>\n<meta property=\"article:published_time\" content=\"2024-04-15T19:02:04+00:00\" \/>\n<meta property=\"article:modified_time\" content=\"2024-09-13T11:21:50+00:00\" \/>\n<meta property=\"og:image\" content=\"https:\/\/wernerdeck.de\/blog\/wp-content\/uploads\/2024\/04\/Mit-dem-Bus-nach-Los-Christianos-zurueck.jpg\" \/>\n\t<meta property=\"og:image:width\" content=\"1200\" \/>\n\t<meta property=\"og:image:height\" content=\"465\" \/>\n\t<meta property=\"og:image:type\" content=\"image\/jpeg\" \/>\n<meta name=\"author\" content=\"Werner Deck\" \/>\n<meta name=\"twitter:card\" content=\"summary_large_image\" \/>\n<meta name=\"twitter:label1\" content=\"Verfasst von\" \/>\n\t<meta name=\"twitter:data1\" content=\"Werner Deck\" \/>\n\t<meta name=\"twitter:label2\" content=\"Gesch\u00e4tzte Lesezeit\" \/>\n\t<meta name=\"twitter:data2\" content=\"2\u00a0Minuten\" \/>\n<script type=\"application\/ld+json\" class=\"yoast-schema-graph\">{\"@context\":\"https:\\\/\\\/schema.org\",\"@graph\":[{\"@type\":\"Article\",\"@id\":\"https:\\\/\\\/wernerdeck.de\\\/blog\\\/2024\\\/04\\\/15\\\/nach-fuenf-faszinierenden-tagen-in-santa-cruz-de-tenerife-geht-es-mit-dem-bus-wieder-zurueck-nach-los-christianos\\\/#article\",\"isPartOf\":{\"@id\":\"https:\\\/\\\/wernerdeck.de\\\/blog\\\/2024\\\/04\\\/15\\\/nach-fuenf-faszinierenden-tagen-in-santa-cruz-de-tenerife-geht-es-mit-dem-bus-wieder-zurueck-nach-los-christianos\\\/\"},\"author\":{\"name\":\"Werner Deck\",\"@id\":\"https:\\\/\\\/wernerdeck.de\\\/blog\\\/#\\\/schema\\\/person\\\/7af62de1f11b0a09297eeb81281e523c\"},\"headline\":\"Nach f\u00fcnf faszinierenden Tagen in Santa Cruz de Tenerife, geht es mit dem Bus wieder zur\u00fcck nach Los Christianos\",\"datePublished\":\"2024-04-15T19:02:04+00:00\",\"dateModified\":\"2024-09-13T11:21:50+00:00\",\"mainEntityOfPage\":{\"@id\":\"https:\\\/\\\/wernerdeck.de\\\/blog\\\/2024\\\/04\\\/15\\\/nach-fuenf-faszinierenden-tagen-in-santa-cruz-de-tenerife-geht-es-mit-dem-bus-wieder-zurueck-nach-los-christianos\\\/\"},\"wordCount\":267,\"commentCount\":0,\"publisher\":{\"@id\":\"https:\\\/\\\/wernerdeck.de\\\/blog\\\/#\\\/schema\\\/person\\\/7af62de1f11b0a09297eeb81281e523c\"},\"image\":{\"@id\":\"https:\\\/\\\/wernerdeck.de\\\/blog\\\/2024\\\/04\\\/15\\\/nach-fuenf-faszinierenden-tagen-in-santa-cruz-de-tenerife-geht-es-mit-dem-bus-wieder-zurueck-nach-los-christianos\\\/#primaryimage\"},\"thumbnailUrl\":\"https:\\\/\\\/wernerdeck.de\\\/blog\\\/wp-content\\\/uploads\\\/2024\\\/04\\\/Mit-dem-Bus-nach-Los-Christianos-zurueck.jpg\",\"keywords\":[\"Teneriffa\",\"Teneriffa 2024\"],\"articleSection\":[\"Reisebericht\"],\"inLanguage\":\"de\",\"potentialAction\":[{\"@type\":\"CommentAction\",\"name\":\"Comment\",\"target\":[\"https:\\\/\\\/wernerdeck.de\\\/blog\\\/2024\\\/04\\\/15\\\/nach-fuenf-faszinierenden-tagen-in-santa-cruz-de-tenerife-geht-es-mit-dem-bus-wieder-zurueck-nach-los-christianos\\\/#respond\"]}]},{\"@type\":\"WebPage\",\"@id\":\"https:\\\/\\\/wernerdeck.de\\\/blog\\\/2024\\\/04\\\/15\\\/nach-fuenf-faszinierenden-tagen-in-santa-cruz-de-tenerife-geht-es-mit-dem-bus-wieder-zurueck-nach-los-christianos\\\/\",\"url\":\"https:\\\/\\\/wernerdeck.de\\\/blog\\\/2024\\\/04\\\/15\\\/nach-fuenf-faszinierenden-tagen-in-santa-cruz-de-tenerife-geht-es-mit-dem-bus-wieder-zurueck-nach-los-christianos\\\/\",\"name\":\"Nach f\u00fcnf faszinierenden Tagen in Santa Cruz de Tenerife, geht es mit dem Bus wieder zur\u00fcck nach Los Christianos - Privater Blog von Werner Deck\",\"isPartOf\":{\"@id\":\"https:\\\/\\\/wernerdeck.de\\\/blog\\\/#website\"},\"primaryImageOfPage\":{\"@id\":\"https:\\\/\\\/wernerdeck.de\\\/blog\\\/2024\\\/04\\\/15\\\/nach-fuenf-faszinierenden-tagen-in-santa-cruz-de-tenerife-geht-es-mit-dem-bus-wieder-zurueck-nach-los-christianos\\\/#primaryimage\"},\"image\":{\"@id\":\"https:\\\/\\\/wernerdeck.de\\\/blog\\\/2024\\\/04\\\/15\\\/nach-fuenf-faszinierenden-tagen-in-santa-cruz-de-tenerife-geht-es-mit-dem-bus-wieder-zurueck-nach-los-christianos\\\/#primaryimage\"},\"thumbnailUrl\":\"https:\\\/\\\/wernerdeck.de\\\/blog\\\/wp-content\\\/uploads\\\/2024\\\/04\\\/Mit-dem-Bus-nach-Los-Christianos-zurueck.jpg\",\"datePublished\":\"2024-04-15T19:02:04+00:00\",\"dateModified\":\"2024-09-13T11:21:50+00:00\",\"description\":\"Der Tag der Heimreise nach Los Christianos. K\u00f6fferchen packen, mit Taxi zum Busbahnhof und am Abend Ritas leckere Pasta auf dem Balkon.\",\"breadcrumb\":{\"@id\":\"https:\\\/\\\/wernerdeck.de\\\/blog\\\/2024\\\/04\\\/15\\\/nach-fuenf-faszinierenden-tagen-in-santa-cruz-de-tenerife-geht-es-mit-dem-bus-wieder-zurueck-nach-los-christianos\\\/#breadcrumb\"},\"inLanguage\":\"de\",\"potentialAction\":[{\"@type\":\"ReadAction\",\"target\":[\"https:\\\/\\\/wernerdeck.de\\\/blog\\\/2024\\\/04\\\/15\\\/nach-fuenf-faszinierenden-tagen-in-santa-cruz-de-tenerife-geht-es-mit-dem-bus-wieder-zurueck-nach-los-christianos\\\/\"]}]},{\"@type\":\"ImageObject\",\"inLanguage\":\"de\",\"@id\":\"https:\\\/\\\/wernerdeck.de\\\/blog\\\/2024\\\/04\\\/15\\\/nach-fuenf-faszinierenden-tagen-in-santa-cruz-de-tenerife-geht-es-mit-dem-bus-wieder-zurueck-nach-los-christianos\\\/#primaryimage\",\"url\":\"https:\\\/\\\/wernerdeck.de\\\/blog\\\/wp-content\\\/uploads\\\/2024\\\/04\\\/Mit-dem-Bus-nach-Los-Christianos-zurueck.jpg\",\"contentUrl\":\"https:\\\/\\\/wernerdeck.de\\\/blog\\\/wp-content\\\/uploads\\\/2024\\\/04\\\/Mit-dem-Bus-nach-Los-Christianos-zurueck.jpg\",\"width\":1200,\"height\":465,\"caption\":\"Mit dem Bus nach Los Christianos zur\u00fcck\"},{\"@type\":\"BreadcrumbList\",\"@id\":\"https:\\\/\\\/wernerdeck.de\\\/blog\\\/2024\\\/04\\\/15\\\/nach-fuenf-faszinierenden-tagen-in-santa-cruz-de-tenerife-geht-es-mit-dem-bus-wieder-zurueck-nach-los-christianos\\\/#breadcrumb\",\"itemListElement\":[{\"@type\":\"ListItem\",\"position\":1,\"name\":\"Startseite\",\"item\":\"https:\\\/\\\/wernerdeck.de\\\/blog\\\/\"},{\"@type\":\"ListItem\",\"position\":2,\"name\":\"Nach f\u00fcnf faszinierenden Tagen in Santa Cruz de Tenerife, geht es mit dem Bus wieder zur\u00fcck nach Los Christianos\"}]},{\"@type\":\"WebSite\",\"@id\":\"https:\\\/\\\/wernerdeck.de\\\/blog\\\/#website\",\"url\":\"https:\\\/\\\/wernerdeck.de\\\/blog\\\/\",\"name\":\"Blog von Werner Deck\",\"description\":\"\",\"publisher\":{\"@id\":\"https:\\\/\\\/wernerdeck.de\\\/blog\\\/#\\\/schema\\\/person\\\/7af62de1f11b0a09297eeb81281e523c\"},\"potentialAction\":[{\"@type\":\"SearchAction\",\"target\":{\"@type\":\"EntryPoint\",\"urlTemplate\":\"https:\\\/\\\/wernerdeck.de\\\/blog\\\/?s={search_term_string}\"},\"query-input\":{\"@type\":\"PropertyValueSpecification\",\"valueRequired\":true,\"valueName\":\"search_term_string\"}}],\"inLanguage\":\"de\"},{\"@type\":[\"Person\",\"Organization\"],\"@id\":\"https:\\\/\\\/wernerdeck.de\\\/blog\\\/#\\\/schema\\\/person\\\/7af62de1f11b0a09297eeb81281e523c\",\"name\":\"Werner Deck\",\"image\":{\"@type\":\"ImageObject\",\"inLanguage\":\"de\",\"@id\":\"https:\\\/\\\/wernerdeck.de\\\/blog\\\/wp-content\\\/uploads\\\/2022\\\/05\\\/Werner-Deck-995x1024.jpg\",\"url\":\"https:\\\/\\\/wernerdeck.de\\\/blog\\\/wp-content\\\/uploads\\\/2022\\\/05\\\/Werner-Deck-995x1024.jpg\",\"contentUrl\":\"https:\\\/\\\/wernerdeck.de\\\/blog\\\/wp-content\\\/uploads\\\/2022\\\/05\\\/Werner-Deck-995x1024.jpg\",\"width\":995,\"height\":1024,\"caption\":\"Werner Deck\"},\"logo\":{\"@id\":\"https:\\\/\\\/wernerdeck.de\\\/blog\\\/wp-content\\\/uploads\\\/2022\\\/05\\\/Werner-Deck-995x1024.jpg\"},\"sameAs\":[\"https:\\\/\\\/wernerdeck.de\\\/blog\",\"https:\\\/\\\/www.facebook.com\\\/werner.deck\\\/\",\"https:\\\/\\\/www.instagram.com\\\/opti_maler_deck\\\/\",\"https:\\\/\\\/www.youtube.com\\\/c\\\/WernerDeck\"],\"url\":\"https:\\\/\\\/wernerdeck.de\\\/blog\\\/author\\\/wernerdeck-de\\\/\"}]}<\/script>\n<!-- \/ Yoast SEO plugin. -->","yoast_head_json":{"title":"Nach f\u00fcnf faszinierenden Tagen in Santa Cruz de Tenerife, geht es mit dem Bus wieder zur\u00fcck nach Los Christianos - Privater Blog von Werner Deck","description":"Der Tag der Heimreise nach Los Christianos. K\u00f6fferchen packen, mit Taxi zum Busbahnhof und am Abend Ritas leckere Pasta auf dem Balkon.","robots":{"index":"index","follow":"follow","max-snippet":"max-snippet:-1","max-image-preview":"max-image-preview:large","max-video-preview":"max-video-preview:-1"},"canonical":"https:\/\/wernerdeck.de\/blog\/2024\/04\/15\/nach-fuenf-faszinierenden-tagen-in-santa-cruz-de-tenerife-geht-es-mit-dem-bus-wieder-zurueck-nach-los-christianos\/","og_locale":"de_DE","og_type":"article","og_title":"Nach f\u00fcnf faszinierenden Tagen in Santa Cruz de Tenerife, geht es mit dem Bus wieder zur\u00fcck nach Los Christianos - Privater Blog von Werner Deck","og_description":"Der Tag der Heimreise nach Los Christianos. K\u00f6fferchen packen, mit Taxi zum Busbahnhof und am Abend Ritas leckere Pasta auf dem Balkon.","og_url":"https:\/\/wernerdeck.de\/blog\/2024\/04\/15\/nach-fuenf-faszinierenden-tagen-in-santa-cruz-de-tenerife-geht-es-mit-dem-bus-wieder-zurueck-nach-los-christianos\/","og_site_name":"Privater Blog von Werner Deck","article_publisher":"https:\/\/www.facebook.com\/werner.deck\/","article_author":"https:\/\/www.facebook.com\/werner.deck\/","article_published_time":"2024-04-15T19:02:04+00:00","article_modified_time":"2024-09-13T11:21:50+00:00","og_image":[{"width":1200,"height":465,"url":"https:\/\/wernerdeck.de\/blog\/wp-content\/uploads\/2024\/04\/Mit-dem-Bus-nach-Los-Christianos-zurueck.jpg","type":"image\/jpeg"}],"author":"Werner Deck","twitter_card":"summary_large_image","twitter_misc":{"Verfasst von":"Werner Deck","Gesch\u00e4tzte Lesezeit":"2\u00a0Minuten"},"schema":{"@context":"https:\/\/schema.org","@graph":[{"@type":"Article","@id":"https:\/\/wernerdeck.de\/blog\/2024\/04\/15\/nach-fuenf-faszinierenden-tagen-in-santa-cruz-de-tenerife-geht-es-mit-dem-bus-wieder-zurueck-nach-los-christianos\/#article","isPartOf":{"@id":"https:\/\/wernerdeck.de\/blog\/2024\/04\/15\/nach-fuenf-faszinierenden-tagen-in-santa-cruz-de-tenerife-geht-es-mit-dem-bus-wieder-zurueck-nach-los-christianos\/"},"author":{"name":"Werner Deck","@id":"https:\/\/wernerdeck.de\/blog\/#\/schema\/person\/7af62de1f11b0a09297eeb81281e523c"},"headline":"Nach f\u00fcnf faszinierenden Tagen in Santa Cruz de Tenerife, geht es mit dem Bus wieder zur\u00fcck nach Los Christianos","datePublished":"2024-04-15T19:02:04+00:00","dateModified":"2024-09-13T11:21:50+00:00","mainEntityOfPage":{"@id":"https:\/\/wernerdeck.de\/blog\/2024\/04\/15\/nach-fuenf-faszinierenden-tagen-in-santa-cruz-de-tenerife-geht-es-mit-dem-bus-wieder-zurueck-nach-los-christianos\/"},"wordCount":267,"commentCount":0,"publisher":{"@id":"https:\/\/wernerdeck.de\/blog\/#\/schema\/person\/7af62de1f11b0a09297eeb81281e523c"},"image":{"@id":"https:\/\/wernerdeck.de\/blog\/2024\/04\/15\/nach-fuenf-faszinierenden-tagen-in-santa-cruz-de-tenerife-geht-es-mit-dem-bus-wieder-zurueck-nach-los-christianos\/#primaryimage"},"thumbnailUrl":"https:\/\/wernerdeck.de\/blog\/wp-content\/uploads\/2024\/04\/Mit-dem-Bus-nach-Los-Christianos-zurueck.jpg","keywords":["Teneriffa","Teneriffa 2024"],"articleSection":["Reisebericht"],"inLanguage":"de","potentialAction":[{"@type":"CommentAction","name":"Comment","target":["https:\/\/wernerdeck.de\/blog\/2024\/04\/15\/nach-fuenf-faszinierenden-tagen-in-santa-cruz-de-tenerife-geht-es-mit-dem-bus-wieder-zurueck-nach-los-christianos\/#respond"]}]},{"@type":"WebPage","@id":"https:\/\/wernerdeck.de\/blog\/2024\/04\/15\/nach-fuenf-faszinierenden-tagen-in-santa-cruz-de-tenerife-geht-es-mit-dem-bus-wieder-zurueck-nach-los-christianos\/","url":"https:\/\/wernerdeck.de\/blog\/2024\/04\/15\/nach-fuenf-faszinierenden-tagen-in-santa-cruz-de-tenerife-geht-es-mit-dem-bus-wieder-zurueck-nach-los-christianos\/","name":"Nach f\u00fcnf faszinierenden Tagen in Santa Cruz de Tenerife, geht es mit dem Bus wieder zur\u00fcck nach Los Christianos - Privater Blog von Werner Deck","isPartOf":{"@id":"https:\/\/wernerdeck.de\/blog\/#website"},"primaryImageOfPage":{"@id":"https:\/\/wernerdeck.de\/blog\/2024\/04\/15\/nach-fuenf-faszinierenden-tagen-in-santa-cruz-de-tenerife-geht-es-mit-dem-bus-wieder-zurueck-nach-los-christianos\/#primaryimage"},"image":{"@id":"https:\/\/wernerdeck.de\/blog\/2024\/04\/15\/nach-fuenf-faszinierenden-tagen-in-santa-cruz-de-tenerife-geht-es-mit-dem-bus-wieder-zurueck-nach-los-christianos\/#primaryimage"},"thumbnailUrl":"https:\/\/wernerdeck.de\/blog\/wp-content\/uploads\/2024\/04\/Mit-dem-Bus-nach-Los-Christianos-zurueck.jpg","datePublished":"2024-04-15T19:02:04+00:00","dateModified":"2024-09-13T11:21:50+00:00","description":"Der Tag der Heimreise nach Los Christianos. K\u00f6fferchen packen, mit Taxi zum Busbahnhof und am Abend Ritas leckere Pasta auf dem Balkon.","breadcrumb":{"@id":"https:\/\/wernerdeck.de\/blog\/2024\/04\/15\/nach-fuenf-faszinierenden-tagen-in-santa-cruz-de-tenerife-geht-es-mit-dem-bus-wieder-zurueck-nach-los-christianos\/#breadcrumb"},"inLanguage":"de","potentialAction":[{"@type":"ReadAction","target":["https:\/\/wernerdeck.de\/blog\/2024\/04\/15\/nach-fuenf-faszinierenden-tagen-in-santa-cruz-de-tenerife-geht-es-mit-dem-bus-wieder-zurueck-nach-los-christianos\/"]}]},{"@type":"ImageObject","inLanguage":"de","@id":"https:\/\/wernerdeck.de\/blog\/2024\/04\/15\/nach-fuenf-faszinierenden-tagen-in-santa-cruz-de-tenerife-geht-es-mit-dem-bus-wieder-zurueck-nach-los-christianos\/#primaryimage","url":"https:\/\/wernerdeck.de\/blog\/wp-content\/uploads\/2024\/04\/Mit-dem-Bus-nach-Los-Christianos-zurueck.jpg","contentUrl":"https:\/\/wernerdeck.de\/blog\/wp-content\/uploads\/2024\/04\/Mit-dem-Bus-nach-Los-Christianos-zurueck.jpg","width":1200,"height":465,"caption":"Mit dem Bus nach Los Christianos zur\u00fcck"},{"@type":"BreadcrumbList","@id":"https:\/\/wernerdeck.de\/blog\/2024\/04\/15\/nach-fuenf-faszinierenden-tagen-in-santa-cruz-de-tenerife-geht-es-mit-dem-bus-wieder-zurueck-nach-los-christianos\/#breadcrumb","itemListElement":[{"@type":"ListItem","position":1,"name":"Startseite","item":"https:\/\/wernerdeck.de\/blog\/"},{"@type":"ListItem","position":2,"name":"Nach f\u00fcnf faszinierenden Tagen in Santa Cruz de Tenerife, geht es mit dem Bus wieder zur\u00fcck nach Los Christianos"}]},{"@type":"WebSite","@id":"https:\/\/wernerdeck.de\/blog\/#website","url":"https:\/\/wernerdeck.de\/blog\/","name":"Blog von Werner Deck","description":"","publisher":{"@id":"https:\/\/wernerdeck.de\/blog\/#\/schema\/person\/7af62de1f11b0a09297eeb81281e523c"},"potentialAction":[{"@type":"SearchAction","target":{"@type":"EntryPoint","urlTemplate":"https:\/\/wernerdeck.de\/blog\/?s={search_term_string}"},"query-input":{"@type":"PropertyValueSpecification","valueRequired":true,"valueName":"search_term_string"}}],"inLanguage":"de"},{"@type":["Person","Organization"],"@id":"https:\/\/wernerdeck.de\/blog\/#\/schema\/person\/7af62de1f11b0a09297eeb81281e523c","name":"Werner Deck","image":{"@type":"ImageObject","inLanguage":"de","@id":"https:\/\/wernerdeck.de\/blog\/wp-content\/uploads\/2022\/05\/Werner-Deck-995x1024.jpg","url":"https:\/\/wernerdeck.de\/blog\/wp-content\/uploads\/2022\/05\/Werner-Deck-995x1024.jpg","contentUrl":"https:\/\/wernerdeck.de\/blog\/wp-content\/uploads\/2022\/05\/Werner-Deck-995x1024.jpg","width":995,"height":1024,"caption":"Werner Deck"},"logo":{"@id":"https:\/\/wernerdeck.de\/blog\/wp-content\/uploads\/2022\/05\/Werner-Deck-995x1024.jpg"},"sameAs":["https:\/\/wernerdeck.de\/blog","https:\/\/www.facebook.com\/werner.deck\/","https:\/\/www.instagram.com\/opti_maler_deck\/","https:\/\/www.youtube.com\/c\/WernerDeck"],"url":"https:\/\/wernerdeck.de\/blog\/author\/wernerdeck-de\/"}]}},"_links":{"self":[{"href":"https:\/\/wernerdeck.de\/blog\/wp-json\/wp\/v2\/posts\/20515","targetHints":{"allow":["GET"]}}],"collection":[{"href":"https:\/\/wernerdeck.de\/blog\/wp-json\/wp\/v2\/posts"}],"about":[{"href":"https:\/\/wernerdeck.de\/blog\/wp-json\/wp\/v2\/types\/post"}],"author":[{"embeddable":true,"href":"https:\/\/wernerdeck.de\/blog\/wp-json\/wp\/v2\/users\/1"}],"replies":[{"embeddable":true,"href":"https:\/\/wernerdeck.de\/blog\/wp-json\/wp\/v2\/comments?post=20515"}],"version-history":[{"count":0,"href":"https:\/\/wernerdeck.de\/blog\/wp-json\/wp\/v2\/posts\/20515\/revisions"}],"wp:featuredmedia":[{"embeddable":true,"href":"https:\/\/wernerdeck.de\/blog\/wp-json\/wp\/v2\/media\/20553"}],"wp:attachment":[{"href":"https:\/\/wernerdeck.de\/blog\/wp-json\/wp\/v2\/media?parent=20515"}],"wp:term":[{"taxonomy":"category","embeddable":true,"href":"https:\/\/wernerdeck.de\/blog\/wp-json\/wp\/v2\/categories?post=20515"},{"taxonomy":"post_tag","embeddable":true,"href":"https:\/\/wernerdeck.de\/blog\/wp-json\/wp\/v2\/tags?post=20515"}],"curies":[{"name":"wp","href":"https:\/\/api.w.org\/{rel}","templated":true}]}}