{"id":19800,"date":"2024-10-03T11:24:08","date_gmt":"2024-10-03T09:24:08","guid":{"rendered":"https:\/\/wernerdeck.de\/blog\/?p=19800"},"modified":"2024-10-03T11:24:08","modified_gmt":"2024-10-03T09:24:08","slug":"teneriffa-und-madrid-im-maerz-april-unvergessliche-erlebnisse-und-spontane-abenteuer-jetzt-endlich-alles-niedergeschrieben","status":"publish","type":"post","link":"https:\/\/wernerdeck.de\/blog\/2024\/10\/03\/teneriffa-und-madrid-im-maerz-april-unvergessliche-erlebnisse-und-spontane-abenteuer-jetzt-endlich-alles-niedergeschrieben\/","title":{"rendered":"Teneriffa und Madrid im M\u00e4rz\/April: Unvergessliche Erlebnisse und spontane Abenteuer. Jetzt endlich alles niedergeschrieben"},"content":{"rendered":"<p><span style=\"font-weight: 400;\">In Los Christianos auf Teneriffa, in Madrid und in Santa Cruz de Tenerife haben wir viele unvergessliche Erlebnisse gesammelt. Von aufregenden Touren \u00fcber beeindruckende Sehensw\u00fcrdigkeiten bis hin zu spontanen Abenteuern \u2013 ich habe all diese Erlebnisse festgehalten.<\/span><\/p>\n<p><span style=\"font-weight: 400;\">Leider konnte ich nicht sofort alles niederschreiben, es aber jetzt nachgeholt. Nun habe ich diese \u00dcbersicht erstellt, die es leicht macht, die verschiedenen Geschichten und Eindr\u00fccke nachzulesen und vielleicht sogar Inspiration f\u00fcr eigene Reisen zu finden.<\/span><\/p>\n<h3 style=\"text-align: center;\">Teneriffa und Madrid im M\u00e4rz\/April:<br \/>\nUnvergessliche Erlebnisse und spontane Abenteuer<\/h3>\n<p><span style=\"font-weight: 400;\">Wenn Sie m\u00f6chten, k\u00f6nnen Sie sich hier durch die Geschichten klicken. Beim Mausklick auf die jeweilige Grafik \u00f6ffnet sich ein neues Fenster. <\/span><\/p>\n<hr>\n<p><a href=\"https:\/\/wernerdeck.de\/blog\/2024\/03\/09\/unsere-reise-nach-los-christianos-auf-teneriffa-anreise-erste-tage-und-eintauchen-in-den-kanarischen-karneval\/\" target=\"_blank\" rel=\"noopener\"><img loading=\"lazy\" decoding=\"async\" class=\"aligncenter wp-image-19808\" src=\"https:\/\/wernerdeck.de\/blog\/wp-content\/uploads\/2024\/08\/Reiseberichte-ueber-die-erste-Zeit-im-Maerz-auf-teneriffa-und-in-Madrid-01.png\" alt=\"Reiseberichte \u00fcber die erste Zeit im M\u00e4rz auf teneriffa und in Madrid 01\" width=\"550\" height=\"344\" srcset=\"https:\/\/wernerdeck.de\/blog\/wp-content\/uploads\/2024\/08\/Reiseberichte-ueber-die-erste-Zeit-im-Maerz-auf-teneriffa-und-in-Madrid-01.png 855w, https:\/\/wernerdeck.de\/blog\/wp-content\/uploads\/2024\/08\/Reiseberichte-ueber-die-erste-Zeit-im-Maerz-auf-teneriffa-und-in-Madrid-01-300x187.png 300w, https:\/\/wernerdeck.de\/blog\/wp-content\/uploads\/2024\/08\/Reiseberichte-ueber-die-erste-Zeit-im-Maerz-auf-teneriffa-und-in-Madrid-01-768x480.png 768w\" sizes=\"auto, (max-width: 550px) 100vw, 550px\" \/><\/a><\/p>\n<hr>\n<p><a href=\"https:\/\/wernerdeck.de\/blog\/2024\/03\/20\/der-karneval-2024-in-los-christianos-auf-teneriffa-war-erneut-spektakulaer-bescherte-uns-aber-auch-schlaflose-naechte\/\" target=\"_blank\" rel=\"noopener\"><img loading=\"lazy\" decoding=\"async\" class=\"aligncenter wp-image-19809\" src=\"https:\/\/wernerdeck.de\/blog\/wp-content\/uploads\/2024\/08\/Reiseberichte-ueber-die-erste-Zeit-im-Maerz-auf-teneriffa-und-in-Madrid-02.png\" alt=\"\" width=\"550\" height=\"396\" srcset=\"https:\/\/wernerdeck.de\/blog\/wp-content\/uploads\/2024\/08\/Reiseberichte-ueber-die-erste-Zeit-im-Maerz-auf-teneriffa-und-in-Madrid-02.png 837w, https:\/\/wernerdeck.de\/blog\/wp-content\/uploads\/2024\/08\/Reiseberichte-ueber-die-erste-Zeit-im-Maerz-auf-teneriffa-und-in-Madrid-02-300x216.png 300w, https:\/\/wernerdeck.de\/blog\/wp-content\/uploads\/2024\/08\/Reiseberichte-ueber-die-erste-Zeit-im-Maerz-auf-teneriffa-und-in-Madrid-02-768x553.png 768w\" sizes=\"auto, (max-width: 550px) 100vw, 550px\" \/><\/a><\/p>\n<p>&nbsp;<\/p>\n<hr>\n<p><a href=\"https:\/\/wernerdeck.de\/blog\/2024\/03\/24\/zweitgroesster-karneval-der-welt-auf-teneriffa-rueckblick-auf-den-erstmals-erlebten-karneval-2023-in-los-christianos\/\" target=\"_blank\" rel=\"noopener\"><img loading=\"lazy\" decoding=\"async\" class=\"aligncenter wp-image-19810\" src=\"https:\/\/wernerdeck.de\/blog\/wp-content\/uploads\/2024\/08\/Reiseberichte-ueber-die-erste-Zeit-im-Maerz-auf-teneriffa-und-in-Madrid-03.png\" alt=\"\" width=\"550\" height=\"355\" srcset=\"https:\/\/wernerdeck.de\/blog\/wp-content\/uploads\/2024\/08\/Reiseberichte-ueber-die-erste-Zeit-im-Maerz-auf-teneriffa-und-in-Madrid-03.png 857w, https:\/\/wernerdeck.de\/blog\/wp-content\/uploads\/2024\/08\/Reiseberichte-ueber-die-erste-Zeit-im-Maerz-auf-teneriffa-und-in-Madrid-03-300x194.png 300w, https:\/\/wernerdeck.de\/blog\/wp-content\/uploads\/2024\/08\/Reiseberichte-ueber-die-erste-Zeit-im-Maerz-auf-teneriffa-und-in-Madrid-03-768x496.png 768w\" sizes=\"auto, (max-width: 550px) 100vw, 550px\" \/><\/a><\/p>\n<hr>\n<p><a href=\"https:\/\/wernerdeck.de\/blog\/2024\/03\/20\/wir-geniessen-die-wochen-in-los-christianas-ortswechsel-spontan-entschieden-wir-uns-fuer-eine-woche-in-madrid\/\" target=\"_blank\" rel=\"noopener\"><img loading=\"lazy\" decoding=\"async\" class=\"aligncenter wp-image-19811\" src=\"https:\/\/wernerdeck.de\/blog\/wp-content\/uploads\/2024\/08\/Reiseberichte-ueber-die-erste-Zeit-im-Maerz-auf-teneriffa-und-in-Madrid-04.png\" alt=\"\" width=\"550\" height=\"358\" srcset=\"https:\/\/wernerdeck.de\/blog\/wp-content\/uploads\/2024\/08\/Reiseberichte-ueber-die-erste-Zeit-im-Maerz-auf-teneriffa-und-in-Madrid-04.png 854w, https:\/\/wernerdeck.de\/blog\/wp-content\/uploads\/2024\/08\/Reiseberichte-ueber-die-erste-Zeit-im-Maerz-auf-teneriffa-und-in-Madrid-04-300x195.png 300w, https:\/\/wernerdeck.de\/blog\/wp-content\/uploads\/2024\/08\/Reiseberichte-ueber-die-erste-Zeit-im-Maerz-auf-teneriffa-und-in-Madrid-04-768x500.png 768w\" sizes=\"auto, (max-width: 550px) 100vw, 550px\" \/><\/a><\/p>\n<hr>\n<p><a href=\"https:\/\/wernerdeck.de\/blog\/2024\/03\/20\/von-chatgpt-liess-ich-mir-einen-4-tagesplan-zur-besichtigung-von-madrid-und-seiner-schoensten-sehenswuerdigkeiten-erstellen\/\" target=\"_blank\" rel=\"noopener\"><img loading=\"lazy\" decoding=\"async\" class=\"aligncenter wp-image-19812\" src=\"https:\/\/wernerdeck.de\/blog\/wp-content\/uploads\/2024\/08\/Reiseberichte-ueber-die-erste-Zeit-im-Maerz-auf-teneriffa-und-in-Madrid-05.png\" alt=\"\" width=\"550\" height=\"306\" srcset=\"https:\/\/wernerdeck.de\/blog\/wp-content\/uploads\/2024\/08\/Reiseberichte-ueber-die-erste-Zeit-im-Maerz-auf-teneriffa-und-in-Madrid-05.png 856w, https:\/\/wernerdeck.de\/blog\/wp-content\/uploads\/2024\/08\/Reiseberichte-ueber-die-erste-Zeit-im-Maerz-auf-teneriffa-und-in-Madrid-05-300x167.png 300w, https:\/\/wernerdeck.de\/blog\/wp-content\/uploads\/2024\/08\/Reiseberichte-ueber-die-erste-Zeit-im-Maerz-auf-teneriffa-und-in-Madrid-05-768x427.png 768w\" sizes=\"auto, (max-width: 550px) 100vw, 550px\" \/><\/a><\/p>\n<hr>\n<p><a href=\"https:\/\/wernerdeck.de\/blog\/2024\/03\/21\/donnerstag-21-maerz-2024-schoenes-wetter-und-viel-kultur-bei-unserem-ersten-besichtigungstag-in-madrid\/\" target=\"_blank\" rel=\"noopener\"><img loading=\"lazy\" decoding=\"async\" class=\"aligncenter wp-image-19813\" src=\"https:\/\/wernerdeck.de\/blog\/wp-content\/uploads\/2024\/08\/Reiseberichte-ueber-die-erste-Zeit-im-Maerz-auf-teneriffa-und-in-Madrid-06.png\" alt=\"\" width=\"550\" height=\"313\" srcset=\"https:\/\/wernerdeck.de\/blog\/wp-content\/uploads\/2024\/08\/Reiseberichte-ueber-die-erste-Zeit-im-Maerz-auf-teneriffa-und-in-Madrid-06.png 857w, https:\/\/wernerdeck.de\/blog\/wp-content\/uploads\/2024\/08\/Reiseberichte-ueber-die-erste-Zeit-im-Maerz-auf-teneriffa-und-in-Madrid-06-300x170.png 300w, https:\/\/wernerdeck.de\/blog\/wp-content\/uploads\/2024\/08\/Reiseberichte-ueber-die-erste-Zeit-im-Maerz-auf-teneriffa-und-in-Madrid-06-768x436.png 768w\" sizes=\"auto, (max-width: 550px) 100vw, 550px\" \/><\/a><\/p>\n<hr>\n<p><a href=\"https:\/\/wernerdeck.de\/blog\/2024\/03\/22\/zweiter-besichtigungstag-plaza-mayor-plaza-de-la-villa-koenigspalast-und-amudena-kathedrale-waren-unsere-stationen\/\" target=\"_blank\" rel=\"noopener\"><img loading=\"lazy\" decoding=\"async\" class=\"aligncenter wp-image-19814\" src=\"https:\/\/wernerdeck.de\/blog\/wp-content\/uploads\/2024\/08\/Reiseberichte-ueber-die-erste-Zeit-im-Maerz-auf-teneriffa-und-in-Madrid-07.png\" alt=\"\" width=\"550\" height=\"355\" srcset=\"https:\/\/wernerdeck.de\/blog\/wp-content\/uploads\/2024\/08\/Reiseberichte-ueber-die-erste-Zeit-im-Maerz-auf-teneriffa-und-in-Madrid-07.png 857w, https:\/\/wernerdeck.de\/blog\/wp-content\/uploads\/2024\/08\/Reiseberichte-ueber-die-erste-Zeit-im-Maerz-auf-teneriffa-und-in-Madrid-07-300x194.png 300w, https:\/\/wernerdeck.de\/blog\/wp-content\/uploads\/2024\/08\/Reiseberichte-ueber-die-erste-Zeit-im-Maerz-auf-teneriffa-und-in-Madrid-07-768x496.png 768w\" sizes=\"auto, (max-width: 550px) 100vw, 550px\" \/><\/a><\/p>\n<hr>\n<p><a href=\"https:\/\/wernerdeck.de\/blog\/2024\/03\/23\/heute-zogen-mich-in-madrid-u-a-in-bann-cibeles-brunnen-puerta-de-alcala-plaza-de-espana-und-der-tempel-von-debod\/\" target=\"_blank\" rel=\"noopener\"><img loading=\"lazy\" decoding=\"async\" class=\"aligncenter wp-image-19815\" src=\"https:\/\/wernerdeck.de\/blog\/wp-content\/uploads\/2024\/08\/Reiseberichte-ueber-die-erste-Zeit-im-Maerz-auf-teneriffa-und-in-Madrid-08.png\" alt=\"\" width=\"550\" height=\"343\" srcset=\"https:\/\/wernerdeck.de\/blog\/wp-content\/uploads\/2024\/08\/Reiseberichte-ueber-die-erste-Zeit-im-Maerz-auf-teneriffa-und-in-Madrid-08.png 859w, https:\/\/wernerdeck.de\/blog\/wp-content\/uploads\/2024\/08\/Reiseberichte-ueber-die-erste-Zeit-im-Maerz-auf-teneriffa-und-in-Madrid-08-300x187.png 300w, https:\/\/wernerdeck.de\/blog\/wp-content\/uploads\/2024\/08\/Reiseberichte-ueber-die-erste-Zeit-im-Maerz-auf-teneriffa-und-in-Madrid-08-768x478.png 768w\" sizes=\"auto, (max-width: 550px) 100vw, 550px\" \/><\/a><\/p>\n<hr>\n<p><a href=\"https:\/\/wernerdeck.de\/blog\/2024\/03\/24\/unser-vorletzter-tag-in-madrid-besuch-der-markthalle-mercado-de-san-miguel-und-etwas-durch-die-altstadt-schlendern\/\" target=\"_blank\" rel=\"noopener\"><img loading=\"lazy\" decoding=\"async\" class=\"aligncenter wp-image-19816\" src=\"https:\/\/wernerdeck.de\/blog\/wp-content\/uploads\/2024\/08\/Reiseberichte-ueber-die-erste-Zeit-im-Maerz-auf-teneriffa-und-in-Madrid-09.png\" alt=\"\" width=\"550\" height=\"297\" srcset=\"https:\/\/wernerdeck.de\/blog\/wp-content\/uploads\/2024\/08\/Reiseberichte-ueber-die-erste-Zeit-im-Maerz-auf-teneriffa-und-in-Madrid-09.png 855w, https:\/\/wernerdeck.de\/blog\/wp-content\/uploads\/2024\/08\/Reiseberichte-ueber-die-erste-Zeit-im-Maerz-auf-teneriffa-und-in-Madrid-09-300x162.png 300w, https:\/\/wernerdeck.de\/blog\/wp-content\/uploads\/2024\/08\/Reiseberichte-ueber-die-erste-Zeit-im-Maerz-auf-teneriffa-und-in-Madrid-09-768x415.png 768w\" sizes=\"auto, (max-width: 550px) 100vw, 550px\" \/><\/a><\/p>\n<hr>\n<p><a href=\"https:\/\/wernerdeck.de\/blog\/2024\/03\/24\/beliebte-touristenfalle-in-madrid-glueck-bringender-rosmarinzweig-betrugsmasche-meist-aelterer-sintifrauen\/\" target=\"_blank\" rel=\"noopener\"><img loading=\"lazy\" decoding=\"async\" class=\"aligncenter wp-image-19817\" src=\"https:\/\/wernerdeck.de\/blog\/wp-content\/uploads\/2024\/08\/Reiseberichte-ueber-die-erste-Zeit-im-Maerz-auf-teneriffa-und-in-Madrid-10.png\" alt=\"\" width=\"550\" height=\"280\" srcset=\"https:\/\/wernerdeck.de\/blog\/wp-content\/uploads\/2024\/08\/Reiseberichte-ueber-die-erste-Zeit-im-Maerz-auf-teneriffa-und-in-Madrid-10.png 859w, https:\/\/wernerdeck.de\/blog\/wp-content\/uploads\/2024\/08\/Reiseberichte-ueber-die-erste-Zeit-im-Maerz-auf-teneriffa-und-in-Madrid-10-300x153.png 300w, https:\/\/wernerdeck.de\/blog\/wp-content\/uploads\/2024\/08\/Reiseberichte-ueber-die-erste-Zeit-im-Maerz-auf-teneriffa-und-in-Madrid-10-768x391.png 768w\" sizes=\"auto, (max-width: 550px) 100vw, 550px\" \/><\/a><\/p>\n<hr>\n<p><a href=\"https:\/\/wernerdeck.de\/blog\/2024\/03\/25\/am-letzten-tag-in-madrid-noch-ein-ganz-besonderes-erlebnis-wir-lernten-jorge-und-seine-familie-aus-mexiko-kennen\/\" target=\"_blank\" rel=\"noopener\"><img loading=\"lazy\" decoding=\"async\" class=\"aligncenter wp-image-19818\" src=\"https:\/\/wernerdeck.de\/blog\/wp-content\/uploads\/2024\/08\/Reiseberichte-ueber-die-erste-Zeit-im-Maerz-auf-teneriffa-und-in-Madrid-11.png\" alt=\"\" width=\"550\" height=\"356\" srcset=\"https:\/\/wernerdeck.de\/blog\/wp-content\/uploads\/2024\/08\/Reiseberichte-ueber-die-erste-Zeit-im-Maerz-auf-teneriffa-und-in-Madrid-11.png 855w, https:\/\/wernerdeck.de\/blog\/wp-content\/uploads\/2024\/08\/Reiseberichte-ueber-die-erste-Zeit-im-Maerz-auf-teneriffa-und-in-Madrid-11-300x194.png 300w, https:\/\/wernerdeck.de\/blog\/wp-content\/uploads\/2024\/08\/Reiseberichte-ueber-die-erste-Zeit-im-Maerz-auf-teneriffa-und-in-Madrid-11-768x498.png 768w\" sizes=\"auto, (max-width: 550px) 100vw, 550px\" \/><\/a><\/p>\n<hr>\n<p><a href=\"https:\/\/wernerdeck.de\/blog\/2024\/03\/26\/zurueck-in-los-christianos-teneriffa-heute-eingetaucht-in-die-skurrile-welt-der-bar-el-infierno-ein-steampunk-abenteuer\/\" target=\"_blank\" rel=\"noopener\"><img loading=\"lazy\" decoding=\"async\" class=\"aligncenter wp-image-19899\" src=\"https:\/\/wernerdeck.de\/blog\/wp-content\/uploads\/2024\/08\/Teneriffa-Los-christianos.png\" alt=\"Teneriffa Los christianos\" width=\"550\" height=\"262\" srcset=\"https:\/\/wernerdeck.de\/blog\/wp-content\/uploads\/2024\/08\/Teneriffa-Los-christianos.png 854w, https:\/\/wernerdeck.de\/blog\/wp-content\/uploads\/2024\/08\/Teneriffa-Los-christianos-300x143.png 300w, https:\/\/wernerdeck.de\/blog\/wp-content\/uploads\/2024\/08\/Teneriffa-Los-christianos-768x366.png 768w\" sizes=\"auto, (max-width: 550px) 100vw, 550px\" \/><\/a><\/p>\n<hr>\n<p><a href=\"https:\/\/wernerdeck.de\/blog\/2024\/04\/09\/impressionen-der-naechsten-drei-wochen-in-los-christianos-auf-teneriffa-dazwischen-feierten-wir-unsere-geburtstage\/\" target=\"_blank\" rel=\"noopener\"><img loading=\"lazy\" decoding=\"async\" class=\"aligncenter wp-image-21743\" src=\"https:\/\/wernerdeck.de\/blog\/wp-content\/uploads\/2024\/10\/Impressionen-der-vergangenen-drei-Wochen-in-Los-Christianos-auf-Teneriffa.jpg\" alt=\"Impressionen der vergangenen drei Wochen in Los Christianos auf Teneriffa\" width=\"550\" height=\"259\" srcset=\"https:\/\/wernerdeck.de\/blog\/wp-content\/uploads\/2024\/10\/Impressionen-der-vergangenen-drei-Wochen-in-Los-Christianos-auf-Teneriffa.jpg 857w, https:\/\/wernerdeck.de\/blog\/wp-content\/uploads\/2024\/10\/Impressionen-der-vergangenen-drei-Wochen-in-Los-Christianos-auf-Teneriffa-300x141.jpg 300w, https:\/\/wernerdeck.de\/blog\/wp-content\/uploads\/2024\/10\/Impressionen-der-vergangenen-drei-Wochen-in-Los-Christianos-auf-Teneriffa-768x361.jpg 768w, https:\/\/wernerdeck.de\/blog\/wp-content\/uploads\/2024\/10\/Impressionen-der-vergangenen-drei-Wochen-in-Los-Christianos-auf-Teneriffa-710x335.jpg 710w\" sizes=\"auto, (max-width: 550px) 100vw, 550px\" \/><\/a><\/p>\n<hr>\n<p><a href=\"https:\/\/wernerdeck.de\/blog\/2024\/04\/10\/am-10-april-fuhren-wir-spontan-mit-dem-bus-fuer-ein-paar-tage-in-die-inselhauptstadt-santa-cruz-de-tenerife\/\" target=\"_blank\" rel=\"noopener\"><img loading=\"lazy\" decoding=\"async\" class=\"aligncenter wp-image-21745\" src=\"https:\/\/wernerdeck.de\/blog\/wp-content\/uploads\/2024\/10\/Spontane-Entscheidung-wir-fahren-mit-dem-Bus-fuer-ein-paar-Tage-in-die-Inselhauptstadt-Santa-Cruz-de-Tenerife.jpg\" alt=\"Spontane Entscheidung, wir fahren mit dem Bus f\u00fcr ein paar Tage in die Inselhauptstadt Santa Cruz de Tenerife\" width=\"550\" height=\"280\" srcset=\"https:\/\/wernerdeck.de\/blog\/wp-content\/uploads\/2024\/10\/Spontane-Entscheidung-wir-fahren-mit-dem-Bus-fuer-ein-paar-Tage-in-die-Inselhauptstadt-Santa-Cruz-de-Tenerife.jpg 854w, https:\/\/wernerdeck.de\/blog\/wp-content\/uploads\/2024\/10\/Spontane-Entscheidung-wir-fahren-mit-dem-Bus-fuer-ein-paar-Tage-in-die-Inselhauptstadt-Santa-Cruz-de-Tenerife-300x153.jpg 300w, https:\/\/wernerdeck.de\/blog\/wp-content\/uploads\/2024\/10\/Spontane-Entscheidung-wir-fahren-mit-dem-Bus-fuer-ein-paar-Tage-in-die-Inselhauptstadt-Santa-Cruz-de-Tenerife-768x391.jpg 768w\" sizes=\"auto, (max-width: 550px) 100vw, 550px\" \/><\/a><\/p>\n<hr>\n<p><a href=\"https:\/\/wernerdeck.de\/blog\/2024\/04\/11\/fruehstueck-an-der-plaza-weyler-ueber-den-platz-der-opfer-des-terrorismus-zur-plaza-del-principe-de-asturias-weiter-in-die-stadt\/\" target=\"_blank\" rel=\"noopener\"><img loading=\"lazy\" decoding=\"async\" class=\"aligncenter wp-image-21747\" src=\"https:\/\/wernerdeck.de\/blog\/wp-content\/uploads\/2024\/10\/Fruehstueck-an-der-Plaza-Weyler-ueber-den-Platz-der-Opfer-des-Terrorismus-zur-Plaza-del-Principe-de-Asturias-weiter-in-die-Stadt.jpg\" alt=\"Fr\u00fchst\u00fcck an der Plaza Weyler, \u00fcber den Platz der Opfer des Terrorismus zur Plaza del Pr\u00edncipe de Asturias weiter in die Stadt\" width=\"550\" height=\"312\" srcset=\"https:\/\/wernerdeck.de\/blog\/wp-content\/uploads\/2024\/10\/Fruehstueck-an-der-Plaza-Weyler-ueber-den-Platz-der-Opfer-des-Terrorismus-zur-Plaza-del-Principe-de-Asturias-weiter-in-die-Stadt.jpg 857w, https:\/\/wernerdeck.de\/blog\/wp-content\/uploads\/2024\/10\/Fruehstueck-an-der-Plaza-Weyler-ueber-den-Platz-der-Opfer-des-Terrorismus-zur-Plaza-del-Principe-de-Asturias-weiter-in-die-Stadt-300x170.jpg 300w, https:\/\/wernerdeck.de\/blog\/wp-content\/uploads\/2024\/10\/Fruehstueck-an-der-Plaza-Weyler-ueber-den-Platz-der-Opfer-des-Terrorismus-zur-Plaza-del-Principe-de-Asturias-weiter-in-die-Stadt-768x436.jpg 768w\" sizes=\"auto, (max-width: 550px) 100vw, 550px\" \/><\/a><\/p>\n<hr>\n<p><a href=\"https:\/\/wernerdeck.de\/blog\/2024\/04\/12\/ein-unvergesslicher-tag-im-loro-park-auf-teneriffa-tierische-begegnungen-und-faszinierende-shows\/\" target=\"_blank\" rel=\"noopener\"><img loading=\"lazy\" decoding=\"async\" class=\"aligncenter wp-image-21750\" src=\"https:\/\/wernerdeck.de\/blog\/wp-content\/uploads\/2024\/10\/Ein-unvergesslicher-Tag-im-Loro-Park-auf-Teneriffa.Tierische-Begegnungen-und-faszinierende-Shows.jpg\" alt=\"Ein unvergesslicher Tag im Loro Park auf Teneriffa: Tierische Begegnungen und faszinierende Shows\" width=\"550\" height=\"295\" srcset=\"https:\/\/wernerdeck.de\/blog\/wp-content\/uploads\/2024\/10\/Ein-unvergesslicher-Tag-im-Loro-Park-auf-Teneriffa.Tierische-Begegnungen-und-faszinierende-Shows.jpg 857w, https:\/\/wernerdeck.de\/blog\/wp-content\/uploads\/2024\/10\/Ein-unvergesslicher-Tag-im-Loro-Park-auf-Teneriffa.Tierische-Begegnungen-und-faszinierende-Shows-300x161.jpg 300w, https:\/\/wernerdeck.de\/blog\/wp-content\/uploads\/2024\/10\/Ein-unvergesslicher-Tag-im-Loro-Park-auf-Teneriffa.Tierische-Begegnungen-und-faszinierende-Shows-768x412.jpg 768w\" sizes=\"auto, (max-width: 550px) 100vw, 550px\" \/><\/a><\/p>\n<hr>\n<p><a href=\"https:\/\/wernerdeck.de\/blog\/2024\/04\/11\/fruehstueck-an-der-plaza-weyler-ueber-den-platz-der-opfer-des-terrorismus-zur-plaza-del-principe-de-asturias-weiter-in-die-stadt\/\" target=\"_blank\" rel=\"noopener\"><img loading=\"lazy\" decoding=\"async\" class=\"aligncenter wp-image-21751\" src=\"https:\/\/wernerdeck.de\/blog\/wp-content\/uploads\/2024\/10\/Besichtigungstag-in-Santa-Cruz.-Besuch-der-Markthalle-altes-Stadionportal-verrottender-Palast-und-marode-Stierkampfarena.jpg\" alt=\"Besichtigungstag in Santa Cruz: Besuch der Markthalle, altes Stadionportal, verrottender Palast und marode Stierkampfarena\" width=\"550\" height=\"338\" srcset=\"https:\/\/wernerdeck.de\/blog\/wp-content\/uploads\/2024\/10\/Besichtigungstag-in-Santa-Cruz.-Besuch-der-Markthalle-altes-Stadionportal-verrottender-Palast-und-marode-Stierkampfarena.jpg 857w, https:\/\/wernerdeck.de\/blog\/wp-content\/uploads\/2024\/10\/Besichtigungstag-in-Santa-Cruz.-Besuch-der-Markthalle-altes-Stadionportal-verrottender-Palast-und-marode-Stierkampfarena-300x184.jpg 300w, https:\/\/wernerdeck.de\/blog\/wp-content\/uploads\/2024\/10\/Besichtigungstag-in-Santa-Cruz.-Besuch-der-Markthalle-altes-Stadionportal-verrottender-Palast-und-marode-Stierkampfarena-768x471.jpg 768w\" sizes=\"auto, (max-width: 550px) 100vw, 550px\" \/><\/a><\/p>\n<hr>\n<p><a href=\"https:\/\/wernerdeck.de\/blog\/2024\/04\/14\/fruehstueck-auf-der-verkehrsinsel-entspannung-im-park-garcia-sanabria20448\/\" target=\"_blank\" rel=\"noopener\"><img loading=\"lazy\" decoding=\"async\" class=\"aligncenter wp-image-21752\" src=\"https:\/\/wernerdeck.de\/blog\/wp-content\/uploads\/2024\/10\/Fruehstueck-auf-der-Verkehrsinsel-Entspannung-im-Park-Garcia-Sanabria-und-am-Abend-auf-der-Plaza-San-Francisco.jpg\" alt=\"Fr\u00fchst\u00fcck auf der Verkehrsinsel, Entspannung im Park Garc\u00eda Sanabria und am Abend auf der Plaza San Francisco\" width=\"550\" height=\"307\" srcset=\"https:\/\/wernerdeck.de\/blog\/wp-content\/uploads\/2024\/10\/Fruehstueck-auf-der-Verkehrsinsel-Entspannung-im-Park-Garcia-Sanabria-und-am-Abend-auf-der-Plaza-San-Francisco.jpg 856w, https:\/\/wernerdeck.de\/blog\/wp-content\/uploads\/2024\/10\/Fruehstueck-auf-der-Verkehrsinsel-Entspannung-im-Park-Garcia-Sanabria-und-am-Abend-auf-der-Plaza-San-Francisco-300x168.jpg 300w, https:\/\/wernerdeck.de\/blog\/wp-content\/uploads\/2024\/10\/Fruehstueck-auf-der-Verkehrsinsel-Entspannung-im-Park-Garcia-Sanabria-und-am-Abend-auf-der-Plaza-San-Francisco-768x429.jpg 768w\" sizes=\"auto, (max-width: 550px) 100vw, 550px\" \/><\/a><\/p>\n<hr>\n<p><a href=\"https:\/\/wernerdeck.de\/blog\/2024\/04\/15\/nach-fuenf-faszinierenden-tagen-in-santa-cruz-de-tenerife-geht-es-mit-dem-bus-wieder-zurueck-nach-los-christianos\/\" target=\"_blank\" rel=\"noopener\"><img loading=\"lazy\" decoding=\"async\" class=\"aligncenter wp-image-21753\" src=\"https:\/\/wernerdeck.de\/blog\/wp-content\/uploads\/2024\/10\/Nach-fuenf-faszinierenden-Tagen-in-Santa-Cruz-de-Tenerife-geht-es-mit-dem-Bus-wieder-zurueck-nach-Los-Christianos.jpg\" alt=\"Nach f\u00fcnf faszinierenden Tagen in Santa Cruz de Tenerife, geht es mit dem Bus wieder zur\u00fcck nach Los Christianos\" width=\"550\" height=\"320\" srcset=\"https:\/\/wernerdeck.de\/blog\/wp-content\/uploads\/2024\/10\/Nach-fuenf-faszinierenden-Tagen-in-Santa-Cruz-de-Tenerife-geht-es-mit-dem-Bus-wieder-zurueck-nach-Los-Christianos.jpg 856w, https:\/\/wernerdeck.de\/blog\/wp-content\/uploads\/2024\/10\/Nach-fuenf-faszinierenden-Tagen-in-Santa-Cruz-de-Tenerife-geht-es-mit-dem-Bus-wieder-zurueck-nach-Los-Christianos-300x175.jpg 300w, https:\/\/wernerdeck.de\/blog\/wp-content\/uploads\/2024\/10\/Nach-fuenf-faszinierenden-Tagen-in-Santa-Cruz-de-Tenerife-geht-es-mit-dem-Bus-wieder-zurueck-nach-Los-Christianos-768x447.jpg 768w\" sizes=\"auto, (max-width: 550px) 100vw, 550px\" \/><\/a><\/p>\n<hr>\n<p><a href=\"https:\/\/wernerdeck.de\/blog\/2024\/04\/20\/es-sich-gut-gehen-lassen-geburtstagsvorbereitungen-fuer-meine-liebe-liebe-neues-apartment-finden-die-zeit-bis-zum-21-april\/\" target=\"_blank\" rel=\"noopener\"><img loading=\"lazy\" decoding=\"async\" class=\"aligncenter wp-image-21755\" src=\"https:\/\/wernerdeck.de\/blog\/wp-content\/uploads\/2024\/10\/Es-sich-gut-gehen-lassen-Geburtstagsvorbereitungen-fuer-meine-liebe-Liebe-neues-Apartment-finden.-Die-Zeit-bis-zum-21.-April.jpg\" alt=\"Es sich gut gehen lassen, Geburtstagsvorbereitungen f\u00fcr meine liebe Liebe, neues Apartment finden. Die Zeit bis zum 21. April\" width=\"550\" height=\"317\" srcset=\"https:\/\/wernerdeck.de\/blog\/wp-content\/uploads\/2024\/10\/Es-sich-gut-gehen-lassen-Geburtstagsvorbereitungen-fuer-meine-liebe-Liebe-neues-Apartment-finden.-Die-Zeit-bis-zum-21.-April.jpg 856w, https:\/\/wernerdeck.de\/blog\/wp-content\/uploads\/2024\/10\/Es-sich-gut-gehen-lassen-Geburtstagsvorbereitungen-fuer-meine-liebe-Liebe-neues-Apartment-finden.-Die-Zeit-bis-zum-21.-April-300x173.jpg 300w, https:\/\/wernerdeck.de\/blog\/wp-content\/uploads\/2024\/10\/Es-sich-gut-gehen-lassen-Geburtstagsvorbereitungen-fuer-meine-liebe-Liebe-neues-Apartment-finden.-Die-Zeit-bis-zum-21.-April-768x442.jpg 768w\" sizes=\"auto, (max-width: 550px) 100vw, 550px\" \/><\/a><\/p>\n<hr>\n<p><img loading=\"lazy\" decoding=\"async\" class=\"aligncenter wp-image-21756\" src=\"https:\/\/wernerdeck.de\/blog\/wp-content\/uploads\/2024\/10\/Auch-mit-2-\u00d7-35-Jahren-kann-man-noch-ein-Teenager-sein.-\u2764\ufe0f-Ein-runder-Geburtstag-wie-kein-anderer.jpg\" alt=\"Auch mit 2 \u00d7 35 Jahren kann man noch ein Teenager sein. \u2764\ufe0f Ein runder Geburtstag wie kein anderer\" width=\"550\" height=\"298\" srcset=\"https:\/\/wernerdeck.de\/blog\/wp-content\/uploads\/2024\/10\/Auch-mit-2-\u00d7-35-Jahren-kann-man-noch-ein-Teenager-sein.-\u2764\ufe0f-Ein-runder-Geburtstag-wie-kein-anderer.jpg 854w, https:\/\/wernerdeck.de\/blog\/wp-content\/uploads\/2024\/10\/Auch-mit-2-\u00d7-35-Jahren-kann-man-noch-ein-Teenager-sein.-\u2764\ufe0f-Ein-runder-Geburtstag-wie-kein-anderer-300x162.jpg 300w, https:\/\/wernerdeck.de\/blog\/wp-content\/uploads\/2024\/10\/Auch-mit-2-\u00d7-35-Jahren-kann-man-noch-ein-Teenager-sein.-\u2764\ufe0f-Ein-runder-Geburtstag-wie-kein-anderer-768x415.jpg 768w\" sizes=\"auto, (max-width: 550px) 100vw, 550px\" \/><\/p>\n<hr>\n<p><a href=\"https:\/\/wernerdeck.de\/blog\/2024\/10\/02\/raetselhafte-begegnung-mit-einem-obdachlosen-ein-zerlumpter-lehrer-des-lebens-die-begegnung-beschaeftigt-mich-bis-heute\/\" target=\"_blank\" rel=\"noopener\"><img loading=\"lazy\" decoding=\"async\" class=\"aligncenter wp-image-21757\" src=\"https:\/\/wernerdeck.de\/blog\/wp-content\/uploads\/2024\/10\/Raetselhafte-Begegnung-mit-einem-Obdachlosen.-Ein-zerlumpter-Lehrer-des-Lebens.-Die-Begegnung-beschaeftigt-mich-bis-heute.jpg\" alt=\"https:\/\/wernerdeck.de\/blog\/2024\/10\/02\/raetselhafte-begegnung-mit-einem-obdachlosen-ein-zerlumpter-lehrer-des-lebens-die-begegnung-beschaeftigt-mich-bis-heute\/\" width=\"550\" height=\"372\" srcset=\"https:\/\/wernerdeck.de\/blog\/wp-content\/uploads\/2024\/10\/Raetselhafte-Begegnung-mit-einem-Obdachlosen.-Ein-zerlumpter-Lehrer-des-Lebens.-Die-Begegnung-beschaeftigt-mich-bis-heute.jpg 859w, https:\/\/wernerdeck.de\/blog\/wp-content\/uploads\/2024\/10\/Raetselhafte-Begegnung-mit-einem-Obdachlosen.-Ein-zerlumpter-Lehrer-des-Lebens.-Die-Begegnung-beschaeftigt-mich-bis-heute-300x203.jpg 300w, https:\/\/wernerdeck.de\/blog\/wp-content\/uploads\/2024\/10\/Raetselhafte-Begegnung-mit-einem-Obdachlosen.-Ein-zerlumpter-Lehrer-des-Lebens.-Die-Begegnung-beschaeftigt-mich-bis-heute-768x519.jpg 768w\" sizes=\"auto, (max-width: 550px) 100vw, 550px\" \/><\/a><\/p>\n<hr>\n<p><a href=\"https:\/\/wernerdeck.de\/blog\/2024\/04\/30\/inselzauber-kulinarische-highlights-und-entspannte-tage-ein-rueckblick-auf-unsere-letzte-schoene-woche-auf-teneriffa\/\" target=\"_blank\" rel=\"noopener\"><img loading=\"lazy\" decoding=\"async\" class=\"aligncenter wp-image-21758\" src=\"https:\/\/wernerdeck.de\/blog\/wp-content\/uploads\/2024\/10\/Inselzauber-kulinarische-Highlights-und-entspannte-Tage.-Ein-Rueckblick-auf-unsere-letzte-schoene-Woche-auf-Teneriffa.jpg\" alt=\"Inselzauber, kulinarische Highlights und entspannte Tage: Ein R\u00fcckblick auf unsere letzte sch\u00f6ne Woche auf Teneriffa\" width=\"550\" height=\"358\" srcset=\"https:\/\/wernerdeck.de\/blog\/wp-content\/uploads\/2024\/10\/Inselzauber-kulinarische-Highlights-und-entspannte-Tage.-Ein-Rueckblick-auf-unsere-letzte-schoene-Woche-auf-Teneriffa.jpg 855w, https:\/\/wernerdeck.de\/blog\/wp-content\/uploads\/2024\/10\/Inselzauber-kulinarische-Highlights-und-entspannte-Tage.-Ein-Rueckblick-auf-unsere-letzte-schoene-Woche-auf-Teneriffa-300x195.jpg 300w, https:\/\/wernerdeck.de\/blog\/wp-content\/uploads\/2024\/10\/Inselzauber-kulinarische-Highlights-und-entspannte-Tage.-Ein-Rueckblick-auf-unsere-letzte-schoene-Woche-auf-Teneriffa-768x499.jpg 768w\" sizes=\"auto, (max-width: 550px) 100vw, 550px\" \/><\/a><\/p>\n<hr>\n<p>&nbsp;<\/p>\n","protected":false},"excerpt":{"rendered":"<p>In Los Christianos auf Teneriffa, in Madrid und in Santa Cruz de Tenerife haben wir viele unvergessliche Erlebnisse gesammelt. Von aufregenden Touren \u00fcber beeindruckende Sehensw\u00fcrdigkeiten bis hin zu spontanen Abenteuern \u2013 ich habe all diese Erlebnisse festgehalten. Leider konnte ich nicht sofort alles niederschreiben, es aber jetzt nachgeholt. Nun habe ich diese \u00dcbersicht erstellt, die &#8230; <a title=\"Teneriffa und Madrid im M\u00e4rz\/April: Unvergessliche Erlebnisse und spontane Abenteuer. Jetzt endlich alles niedergeschrieben\" class=\"read-more\" href=\"https:\/\/wernerdeck.de\/blog\/2024\/10\/03\/teneriffa-und-madrid-im-maerz-april-unvergessliche-erlebnisse-und-spontane-abenteuer-jetzt-endlich-alles-niedergeschrieben\/\" aria-label=\"Mehr Informationen \u00fcber Teneriffa und Madrid im M\u00e4rz\/April: Unvergessliche Erlebnisse und spontane Abenteuer. Jetzt endlich alles niedergeschrieben\">Weiterlesen<\/a><\/p>\n","protected":false},"author":1,"featured_media":19831,"comment_status":"open","ping_status":"open","sticky":false,"template":"","format":"standard","meta":{"ngg_post_thumbnail":0,"footnotes":""},"categories":[208],"tags":[363,461],"class_list":["post-19800","post","type-post","status-publish","format-standard","has-post-thumbnail","hentry","category-reisebericht","tag-teneriffa","tag-teneriffa-2024"],"yoast_head":"<!-- This site is optimized with the Yoast SEO plugin v27.4 - https:\/\/yoast.com\/product\/yoast-seo-wordpress\/ -->\n<title>Teneriffa und Madrid im M\u00e4rz\/April: Unvergessliche Erlebnisse und spontane Abenteuer. Jetzt endlich alles niedergeschrieben - Privater Blog von Werner Deck<\/title>\n<meta name=\"description\" content=\"Ich konnte nicht sofort alles niederschreiben, nun nachgeholt. Unvergessliche Erlebnisse, imposante Sehensw\u00fcrdigkeiten, spontane Abenteuer.\" \/>\n<meta name=\"robots\" content=\"index, follow, max-snippet:-1, max-image-preview:large, max-video-preview:-1\" \/>\n<link rel=\"canonical\" href=\"https:\/\/wernerdeck.de\/blog\/2024\/10\/03\/teneriffa-und-madrid-im-maerz-april-unvergessliche-erlebnisse-und-spontane-abenteuer-jetzt-endlich-alles-niedergeschrieben\/\" \/>\n<meta property=\"og:locale\" content=\"de_DE\" \/>\n<meta property=\"og:type\" content=\"article\" \/>\n<meta property=\"og:title\" content=\"Teneriffa und Madrid im M\u00e4rz\/April: Unvergessliche Erlebnisse und spontane Abenteuer. Jetzt endlich alles niedergeschrieben - Privater Blog von Werner Deck\" \/>\n<meta property=\"og:description\" content=\"Ich konnte nicht sofort alles niederschreiben, nun nachgeholt. Unvergessliche Erlebnisse, imposante Sehensw\u00fcrdigkeiten, spontane Abenteuer.\" \/>\n<meta property=\"og:url\" content=\"https:\/\/wernerdeck.de\/blog\/2024\/10\/03\/teneriffa-und-madrid-im-maerz-april-unvergessliche-erlebnisse-und-spontane-abenteuer-jetzt-endlich-alles-niedergeschrieben\/\" \/>\n<meta property=\"og:site_name\" content=\"Privater Blog von Werner Deck\" \/>\n<meta property=\"article:publisher\" content=\"https:\/\/www.facebook.com\/werner.deck\/\" \/>\n<meta property=\"article:author\" content=\"https:\/\/www.facebook.com\/werner.deck\/\" \/>\n<meta property=\"article:published_time\" content=\"2024-10-03T09:24:08+00:00\" \/>\n<meta property=\"og:image\" content=\"https:\/\/wernerdeck.de\/blog\/wp-content\/uploads\/2024\/08\/Reiseberichte-ueber-die-erste-Zeit-im-Maerz-auf-teneriffa-und-in-Madrid-15.png\" \/>\n\t<meta property=\"og:image:width\" content=\"1100\" \/>\n\t<meta property=\"og:image:height\" content=\"359\" \/>\n\t<meta property=\"og:image:type\" content=\"image\/png\" \/>\n<meta name=\"author\" content=\"Werner Deck\" \/>\n<meta name=\"twitter:card\" content=\"summary_large_image\" \/>\n<meta name=\"twitter:label1\" content=\"Verfasst von\" \/>\n\t<meta name=\"twitter:data1\" content=\"Werner Deck\" \/>\n\t<meta name=\"twitter:label2\" content=\"Gesch\u00e4tzte Lesezeit\" \/>\n\t<meta name=\"twitter:data2\" content=\"6\u00a0Minuten\" \/>\n<script type=\"application\/ld+json\" class=\"yoast-schema-graph\">{\"@context\":\"https:\\\/\\\/schema.org\",\"@graph\":[{\"@type\":\"Article\",\"@id\":\"https:\\\/\\\/wernerdeck.de\\\/blog\\\/2024\\\/10\\\/03\\\/teneriffa-und-madrid-im-maerz-april-unvergessliche-erlebnisse-und-spontane-abenteuer-jetzt-endlich-alles-niedergeschrieben\\\/#article\",\"isPartOf\":{\"@id\":\"https:\\\/\\\/wernerdeck.de\\\/blog\\\/2024\\\/10\\\/03\\\/teneriffa-und-madrid-im-maerz-april-unvergessliche-erlebnisse-und-spontane-abenteuer-jetzt-endlich-alles-niedergeschrieben\\\/\"},\"author\":{\"name\":\"Werner Deck\",\"@id\":\"https:\\\/\\\/wernerdeck.de\\\/blog\\\/#\\\/schema\\\/person\\\/7af62de1f11b0a09297eeb81281e523c\"},\"headline\":\"Teneriffa und Madrid im M\u00e4rz\\\/April: Unvergessliche Erlebnisse und spontane Abenteuer. Jetzt endlich alles niedergeschrieben\",\"datePublished\":\"2024-10-03T09:24:08+00:00\",\"mainEntityOfPage\":{\"@id\":\"https:\\\/\\\/wernerdeck.de\\\/blog\\\/2024\\\/10\\\/03\\\/teneriffa-und-madrid-im-maerz-april-unvergessliche-erlebnisse-und-spontane-abenteuer-jetzt-endlich-alles-niedergeschrieben\\\/\"},\"wordCount\":129,\"commentCount\":2,\"publisher\":{\"@id\":\"https:\\\/\\\/wernerdeck.de\\\/blog\\\/#\\\/schema\\\/person\\\/7af62de1f11b0a09297eeb81281e523c\"},\"image\":{\"@id\":\"https:\\\/\\\/wernerdeck.de\\\/blog\\\/2024\\\/10\\\/03\\\/teneriffa-und-madrid-im-maerz-april-unvergessliche-erlebnisse-und-spontane-abenteuer-jetzt-endlich-alles-niedergeschrieben\\\/#primaryimage\"},\"thumbnailUrl\":\"https:\\\/\\\/wernerdeck.de\\\/blog\\\/wp-content\\\/uploads\\\/2024\\\/08\\\/Reiseberichte-ueber-die-erste-Zeit-im-Maerz-auf-teneriffa-und-in-Madrid-15.png\",\"keywords\":[\"Teneriffa\",\"Teneriffa 2024\"],\"articleSection\":[\"Reisebericht\"],\"inLanguage\":\"de\",\"potentialAction\":[{\"@type\":\"CommentAction\",\"name\":\"Comment\",\"target\":[\"https:\\\/\\\/wernerdeck.de\\\/blog\\\/2024\\\/10\\\/03\\\/teneriffa-und-madrid-im-maerz-april-unvergessliche-erlebnisse-und-spontane-abenteuer-jetzt-endlich-alles-niedergeschrieben\\\/#respond\"]}]},{\"@type\":\"WebPage\",\"@id\":\"https:\\\/\\\/wernerdeck.de\\\/blog\\\/2024\\\/10\\\/03\\\/teneriffa-und-madrid-im-maerz-april-unvergessliche-erlebnisse-und-spontane-abenteuer-jetzt-endlich-alles-niedergeschrieben\\\/\",\"url\":\"https:\\\/\\\/wernerdeck.de\\\/blog\\\/2024\\\/10\\\/03\\\/teneriffa-und-madrid-im-maerz-april-unvergessliche-erlebnisse-und-spontane-abenteuer-jetzt-endlich-alles-niedergeschrieben\\\/\",\"name\":\"Teneriffa und Madrid im M\u00e4rz\\\/April: Unvergessliche Erlebnisse und spontane Abenteuer. Jetzt endlich alles niedergeschrieben - Privater Blog von Werner Deck\",\"isPartOf\":{\"@id\":\"https:\\\/\\\/wernerdeck.de\\\/blog\\\/#website\"},\"primaryImageOfPage\":{\"@id\":\"https:\\\/\\\/wernerdeck.de\\\/blog\\\/2024\\\/10\\\/03\\\/teneriffa-und-madrid-im-maerz-april-unvergessliche-erlebnisse-und-spontane-abenteuer-jetzt-endlich-alles-niedergeschrieben\\\/#primaryimage\"},\"image\":{\"@id\":\"https:\\\/\\\/wernerdeck.de\\\/blog\\\/2024\\\/10\\\/03\\\/teneriffa-und-madrid-im-maerz-april-unvergessliche-erlebnisse-und-spontane-abenteuer-jetzt-endlich-alles-niedergeschrieben\\\/#primaryimage\"},\"thumbnailUrl\":\"https:\\\/\\\/wernerdeck.de\\\/blog\\\/wp-content\\\/uploads\\\/2024\\\/08\\\/Reiseberichte-ueber-die-erste-Zeit-im-Maerz-auf-teneriffa-und-in-Madrid-15.png\",\"datePublished\":\"2024-10-03T09:24:08+00:00\",\"description\":\"Ich konnte nicht sofort alles niederschreiben, nun nachgeholt. Unvergessliche Erlebnisse, imposante Sehensw\u00fcrdigkeiten, spontane Abenteuer.\",\"breadcrumb\":{\"@id\":\"https:\\\/\\\/wernerdeck.de\\\/blog\\\/2024\\\/10\\\/03\\\/teneriffa-und-madrid-im-maerz-april-unvergessliche-erlebnisse-und-spontane-abenteuer-jetzt-endlich-alles-niedergeschrieben\\\/#breadcrumb\"},\"inLanguage\":\"de\",\"potentialAction\":[{\"@type\":\"ReadAction\",\"target\":[\"https:\\\/\\\/wernerdeck.de\\\/blog\\\/2024\\\/10\\\/03\\\/teneriffa-und-madrid-im-maerz-april-unvergessliche-erlebnisse-und-spontane-abenteuer-jetzt-endlich-alles-niedergeschrieben\\\/\"]}]},{\"@type\":\"ImageObject\",\"inLanguage\":\"de\",\"@id\":\"https:\\\/\\\/wernerdeck.de\\\/blog\\\/2024\\\/10\\\/03\\\/teneriffa-und-madrid-im-maerz-april-unvergessliche-erlebnisse-und-spontane-abenteuer-jetzt-endlich-alles-niedergeschrieben\\\/#primaryimage\",\"url\":\"https:\\\/\\\/wernerdeck.de\\\/blog\\\/wp-content\\\/uploads\\\/2024\\\/08\\\/Reiseberichte-ueber-die-erste-Zeit-im-Maerz-auf-teneriffa-und-in-Madrid-15.png\",\"contentUrl\":\"https:\\\/\\\/wernerdeck.de\\\/blog\\\/wp-content\\\/uploads\\\/2024\\\/08\\\/Reiseberichte-ueber-die-erste-Zeit-im-Maerz-auf-teneriffa-und-in-Madrid-15.png\",\"width\":1100,\"height\":359,\"caption\":\"Reiseberichte \u00fcber die erste Zeit im M\u00e4rz auf teneriffa und in Madrid 15\"},{\"@type\":\"BreadcrumbList\",\"@id\":\"https:\\\/\\\/wernerdeck.de\\\/blog\\\/2024\\\/10\\\/03\\\/teneriffa-und-madrid-im-maerz-april-unvergessliche-erlebnisse-und-spontane-abenteuer-jetzt-endlich-alles-niedergeschrieben\\\/#breadcrumb\",\"itemListElement\":[{\"@type\":\"ListItem\",\"position\":1,\"name\":\"Startseite\",\"item\":\"https:\\\/\\\/wernerdeck.de\\\/blog\\\/\"},{\"@type\":\"ListItem\",\"position\":2,\"name\":\"Teneriffa und Madrid im M\u00e4rz\\\/April: Unvergessliche Erlebnisse und spontane Abenteuer. Jetzt endlich alles niedergeschrieben\"}]},{\"@type\":\"WebSite\",\"@id\":\"https:\\\/\\\/wernerdeck.de\\\/blog\\\/#website\",\"url\":\"https:\\\/\\\/wernerdeck.de\\\/blog\\\/\",\"name\":\"Blog von Werner Deck\",\"description\":\"\",\"publisher\":{\"@id\":\"https:\\\/\\\/wernerdeck.de\\\/blog\\\/#\\\/schema\\\/person\\\/7af62de1f11b0a09297eeb81281e523c\"},\"potentialAction\":[{\"@type\":\"SearchAction\",\"target\":{\"@type\":\"EntryPoint\",\"urlTemplate\":\"https:\\\/\\\/wernerdeck.de\\\/blog\\\/?s={search_term_string}\"},\"query-input\":{\"@type\":\"PropertyValueSpecification\",\"valueRequired\":true,\"valueName\":\"search_term_string\"}}],\"inLanguage\":\"de\"},{\"@type\":[\"Person\",\"Organization\"],\"@id\":\"https:\\\/\\\/wernerdeck.de\\\/blog\\\/#\\\/schema\\\/person\\\/7af62de1f11b0a09297eeb81281e523c\",\"name\":\"Werner Deck\",\"image\":{\"@type\":\"ImageObject\",\"inLanguage\":\"de\",\"@id\":\"https:\\\/\\\/wernerdeck.de\\\/blog\\\/wp-content\\\/uploads\\\/2022\\\/05\\\/Werner-Deck-995x1024.jpg\",\"url\":\"https:\\\/\\\/wernerdeck.de\\\/blog\\\/wp-content\\\/uploads\\\/2022\\\/05\\\/Werner-Deck-995x1024.jpg\",\"contentUrl\":\"https:\\\/\\\/wernerdeck.de\\\/blog\\\/wp-content\\\/uploads\\\/2022\\\/05\\\/Werner-Deck-995x1024.jpg\",\"width\":995,\"height\":1024,\"caption\":\"Werner Deck\"},\"logo\":{\"@id\":\"https:\\\/\\\/wernerdeck.de\\\/blog\\\/wp-content\\\/uploads\\\/2022\\\/05\\\/Werner-Deck-995x1024.jpg\"},\"sameAs\":[\"https:\\\/\\\/wernerdeck.de\\\/blog\",\"https:\\\/\\\/www.facebook.com\\\/werner.deck\\\/\",\"https:\\\/\\\/www.instagram.com\\\/opti_maler_deck\\\/\",\"https:\\\/\\\/www.youtube.com\\\/c\\\/WernerDeck\"],\"url\":\"https:\\\/\\\/wernerdeck.de\\\/blog\\\/author\\\/wernerdeck-de\\\/\"}]}<\/script>\n<!-- \/ Yoast SEO plugin. -->","yoast_head_json":{"title":"Teneriffa und Madrid im M\u00e4rz\/April: Unvergessliche Erlebnisse und spontane Abenteuer. Jetzt endlich alles niedergeschrieben - Privater Blog von Werner Deck","description":"Ich konnte nicht sofort alles niederschreiben, nun nachgeholt. Unvergessliche Erlebnisse, imposante Sehensw\u00fcrdigkeiten, spontane Abenteuer.","robots":{"index":"index","follow":"follow","max-snippet":"max-snippet:-1","max-image-preview":"max-image-preview:large","max-video-preview":"max-video-preview:-1"},"canonical":"https:\/\/wernerdeck.de\/blog\/2024\/10\/03\/teneriffa-und-madrid-im-maerz-april-unvergessliche-erlebnisse-und-spontane-abenteuer-jetzt-endlich-alles-niedergeschrieben\/","og_locale":"de_DE","og_type":"article","og_title":"Teneriffa und Madrid im M\u00e4rz\/April: Unvergessliche Erlebnisse und spontane Abenteuer. Jetzt endlich alles niedergeschrieben - Privater Blog von Werner Deck","og_description":"Ich konnte nicht sofort alles niederschreiben, nun nachgeholt. Unvergessliche Erlebnisse, imposante Sehensw\u00fcrdigkeiten, spontane Abenteuer.","og_url":"https:\/\/wernerdeck.de\/blog\/2024\/10\/03\/teneriffa-und-madrid-im-maerz-april-unvergessliche-erlebnisse-und-spontane-abenteuer-jetzt-endlich-alles-niedergeschrieben\/","og_site_name":"Privater Blog von Werner Deck","article_publisher":"https:\/\/www.facebook.com\/werner.deck\/","article_author":"https:\/\/www.facebook.com\/werner.deck\/","article_published_time":"2024-10-03T09:24:08+00:00","og_image":[{"width":1100,"height":359,"url":"https:\/\/wernerdeck.de\/blog\/wp-content\/uploads\/2024\/08\/Reiseberichte-ueber-die-erste-Zeit-im-Maerz-auf-teneriffa-und-in-Madrid-15.png","type":"image\/png"}],"author":"Werner Deck","twitter_card":"summary_large_image","twitter_misc":{"Verfasst von":"Werner Deck","Gesch\u00e4tzte Lesezeit":"6\u00a0Minuten"},"schema":{"@context":"https:\/\/schema.org","@graph":[{"@type":"Article","@id":"https:\/\/wernerdeck.de\/blog\/2024\/10\/03\/teneriffa-und-madrid-im-maerz-april-unvergessliche-erlebnisse-und-spontane-abenteuer-jetzt-endlich-alles-niedergeschrieben\/#article","isPartOf":{"@id":"https:\/\/wernerdeck.de\/blog\/2024\/10\/03\/teneriffa-und-madrid-im-maerz-april-unvergessliche-erlebnisse-und-spontane-abenteuer-jetzt-endlich-alles-niedergeschrieben\/"},"author":{"name":"Werner Deck","@id":"https:\/\/wernerdeck.de\/blog\/#\/schema\/person\/7af62de1f11b0a09297eeb81281e523c"},"headline":"Teneriffa und Madrid im M\u00e4rz\/April: Unvergessliche Erlebnisse und spontane Abenteuer. Jetzt endlich alles niedergeschrieben","datePublished":"2024-10-03T09:24:08+00:00","mainEntityOfPage":{"@id":"https:\/\/wernerdeck.de\/blog\/2024\/10\/03\/teneriffa-und-madrid-im-maerz-april-unvergessliche-erlebnisse-und-spontane-abenteuer-jetzt-endlich-alles-niedergeschrieben\/"},"wordCount":129,"commentCount":2,"publisher":{"@id":"https:\/\/wernerdeck.de\/blog\/#\/schema\/person\/7af62de1f11b0a09297eeb81281e523c"},"image":{"@id":"https:\/\/wernerdeck.de\/blog\/2024\/10\/03\/teneriffa-und-madrid-im-maerz-april-unvergessliche-erlebnisse-und-spontane-abenteuer-jetzt-endlich-alles-niedergeschrieben\/#primaryimage"},"thumbnailUrl":"https:\/\/wernerdeck.de\/blog\/wp-content\/uploads\/2024\/08\/Reiseberichte-ueber-die-erste-Zeit-im-Maerz-auf-teneriffa-und-in-Madrid-15.png","keywords":["Teneriffa","Teneriffa 2024"],"articleSection":["Reisebericht"],"inLanguage":"de","potentialAction":[{"@type":"CommentAction","name":"Comment","target":["https:\/\/wernerdeck.de\/blog\/2024\/10\/03\/teneriffa-und-madrid-im-maerz-april-unvergessliche-erlebnisse-und-spontane-abenteuer-jetzt-endlich-alles-niedergeschrieben\/#respond"]}]},{"@type":"WebPage","@id":"https:\/\/wernerdeck.de\/blog\/2024\/10\/03\/teneriffa-und-madrid-im-maerz-april-unvergessliche-erlebnisse-und-spontane-abenteuer-jetzt-endlich-alles-niedergeschrieben\/","url":"https:\/\/wernerdeck.de\/blog\/2024\/10\/03\/teneriffa-und-madrid-im-maerz-april-unvergessliche-erlebnisse-und-spontane-abenteuer-jetzt-endlich-alles-niedergeschrieben\/","name":"Teneriffa und Madrid im M\u00e4rz\/April: Unvergessliche Erlebnisse und spontane Abenteuer. Jetzt endlich alles niedergeschrieben - Privater Blog von Werner Deck","isPartOf":{"@id":"https:\/\/wernerdeck.de\/blog\/#website"},"primaryImageOfPage":{"@id":"https:\/\/wernerdeck.de\/blog\/2024\/10\/03\/teneriffa-und-madrid-im-maerz-april-unvergessliche-erlebnisse-und-spontane-abenteuer-jetzt-endlich-alles-niedergeschrieben\/#primaryimage"},"image":{"@id":"https:\/\/wernerdeck.de\/blog\/2024\/10\/03\/teneriffa-und-madrid-im-maerz-april-unvergessliche-erlebnisse-und-spontane-abenteuer-jetzt-endlich-alles-niedergeschrieben\/#primaryimage"},"thumbnailUrl":"https:\/\/wernerdeck.de\/blog\/wp-content\/uploads\/2024\/08\/Reiseberichte-ueber-die-erste-Zeit-im-Maerz-auf-teneriffa-und-in-Madrid-15.png","datePublished":"2024-10-03T09:24:08+00:00","description":"Ich konnte nicht sofort alles niederschreiben, nun nachgeholt. Unvergessliche Erlebnisse, imposante Sehensw\u00fcrdigkeiten, spontane Abenteuer.","breadcrumb":{"@id":"https:\/\/wernerdeck.de\/blog\/2024\/10\/03\/teneriffa-und-madrid-im-maerz-april-unvergessliche-erlebnisse-und-spontane-abenteuer-jetzt-endlich-alles-niedergeschrieben\/#breadcrumb"},"inLanguage":"de","potentialAction":[{"@type":"ReadAction","target":["https:\/\/wernerdeck.de\/blog\/2024\/10\/03\/teneriffa-und-madrid-im-maerz-april-unvergessliche-erlebnisse-und-spontane-abenteuer-jetzt-endlich-alles-niedergeschrieben\/"]}]},{"@type":"ImageObject","inLanguage":"de","@id":"https:\/\/wernerdeck.de\/blog\/2024\/10\/03\/teneriffa-und-madrid-im-maerz-april-unvergessliche-erlebnisse-und-spontane-abenteuer-jetzt-endlich-alles-niedergeschrieben\/#primaryimage","url":"https:\/\/wernerdeck.de\/blog\/wp-content\/uploads\/2024\/08\/Reiseberichte-ueber-die-erste-Zeit-im-Maerz-auf-teneriffa-und-in-Madrid-15.png","contentUrl":"https:\/\/wernerdeck.de\/blog\/wp-content\/uploads\/2024\/08\/Reiseberichte-ueber-die-erste-Zeit-im-Maerz-auf-teneriffa-und-in-Madrid-15.png","width":1100,"height":359,"caption":"Reiseberichte \u00fcber die erste Zeit im M\u00e4rz auf teneriffa und in Madrid 15"},{"@type":"BreadcrumbList","@id":"https:\/\/wernerdeck.de\/blog\/2024\/10\/03\/teneriffa-und-madrid-im-maerz-april-unvergessliche-erlebnisse-und-spontane-abenteuer-jetzt-endlich-alles-niedergeschrieben\/#breadcrumb","itemListElement":[{"@type":"ListItem","position":1,"name":"Startseite","item":"https:\/\/wernerdeck.de\/blog\/"},{"@type":"ListItem","position":2,"name":"Teneriffa und Madrid im M\u00e4rz\/April: Unvergessliche Erlebnisse und spontane Abenteuer. Jetzt endlich alles niedergeschrieben"}]},{"@type":"WebSite","@id":"https:\/\/wernerdeck.de\/blog\/#website","url":"https:\/\/wernerdeck.de\/blog\/","name":"Blog von Werner Deck","description":"","publisher":{"@id":"https:\/\/wernerdeck.de\/blog\/#\/schema\/person\/7af62de1f11b0a09297eeb81281e523c"},"potentialAction":[{"@type":"SearchAction","target":{"@type":"EntryPoint","urlTemplate":"https:\/\/wernerdeck.de\/blog\/?s={search_term_string}"},"query-input":{"@type":"PropertyValueSpecification","valueRequired":true,"valueName":"search_term_string"}}],"inLanguage":"de"},{"@type":["Person","Organization"],"@id":"https:\/\/wernerdeck.de\/blog\/#\/schema\/person\/7af62de1f11b0a09297eeb81281e523c","name":"Werner Deck","image":{"@type":"ImageObject","inLanguage":"de","@id":"https:\/\/wernerdeck.de\/blog\/wp-content\/uploads\/2022\/05\/Werner-Deck-995x1024.jpg","url":"https:\/\/wernerdeck.de\/blog\/wp-content\/uploads\/2022\/05\/Werner-Deck-995x1024.jpg","contentUrl":"https:\/\/wernerdeck.de\/blog\/wp-content\/uploads\/2022\/05\/Werner-Deck-995x1024.jpg","width":995,"height":1024,"caption":"Werner Deck"},"logo":{"@id":"https:\/\/wernerdeck.de\/blog\/wp-content\/uploads\/2022\/05\/Werner-Deck-995x1024.jpg"},"sameAs":["https:\/\/wernerdeck.de\/blog","https:\/\/www.facebook.com\/werner.deck\/","https:\/\/www.instagram.com\/opti_maler_deck\/","https:\/\/www.youtube.com\/c\/WernerDeck"],"url":"https:\/\/wernerdeck.de\/blog\/author\/wernerdeck-de\/"}]}},"_links":{"self":[{"href":"https:\/\/wernerdeck.de\/blog\/wp-json\/wp\/v2\/posts\/19800","targetHints":{"allow":["GET"]}}],"collection":[{"href":"https:\/\/wernerdeck.de\/blog\/wp-json\/wp\/v2\/posts"}],"about":[{"href":"https:\/\/wernerdeck.de\/blog\/wp-json\/wp\/v2\/types\/post"}],"author":[{"embeddable":true,"href":"https:\/\/wernerdeck.de\/blog\/wp-json\/wp\/v2\/users\/1"}],"replies":[{"embeddable":true,"href":"https:\/\/wernerdeck.de\/blog\/wp-json\/wp\/v2\/comments?post=19800"}],"version-history":[{"count":0,"href":"https:\/\/wernerdeck.de\/blog\/wp-json\/wp\/v2\/posts\/19800\/revisions"}],"wp:featuredmedia":[{"embeddable":true,"href":"https:\/\/wernerdeck.de\/blog\/wp-json\/wp\/v2\/media\/19831"}],"wp:attachment":[{"href":"https:\/\/wernerdeck.de\/blog\/wp-json\/wp\/v2\/media?parent=19800"}],"wp:term":[{"taxonomy":"category","embeddable":true,"href":"https:\/\/wernerdeck.de\/blog\/wp-json\/wp\/v2\/categories?post=19800"},{"taxonomy":"post_tag","embeddable":true,"href":"https:\/\/wernerdeck.de\/blog\/wp-json\/wp\/v2\/tags?post=19800"}],"curies":[{"name":"wp","href":"https:\/\/api.w.org\/{rel}","templated":true}]}}