{"id":18713,"date":"2024-03-21T23:35:48","date_gmt":"2024-03-21T22:35:48","guid":{"rendered":"https:\/\/wernerdeck.de\/blog\/?p=18713"},"modified":"2024-09-30T21:27:53","modified_gmt":"2024-09-30T19:27:53","slug":"donnerstag-21-maerz-2024-schoenes-wetter-und-viel-kultur-bei-unserem-ersten-besichtigungstag-in-madrid","status":"publish","type":"post","link":"https:\/\/wernerdeck.de\/blog\/2024\/03\/21\/donnerstag-21-maerz-2024-schoenes-wetter-und-viel-kultur-bei-unserem-ersten-besichtigungstag-in-madrid\/","title":{"rendered":"Donnerstag, 21. M\u00e4rz 2024. Sch\u00f6nes Wetter und viel Kultur bei unserem ersten Besichtigungstag in Madrid"},"content":{"rendered":"<p><a href=\"https:\/\/wernerdeck.de\/blog\/2024\/03\/20\/wir-geniessen-die-wochen-in-los-christianas-ortswechsel-spontan-entschieden-wir-uns-fuer-eine-woche-in-madrid\/\">Hier geht es zu Vortag, Mittwoch, 20. M\u00e4rz<\/a><\/p>\n<hr>\n<p><img loading=\"lazy\" decoding=\"async\" class=\" wp-image-18719 alignleft\" src=\"https:\/\/wernerdeck.de\/blog\/wp-content\/uploads\/2024\/08\/die-kleine-Strasse-unseres-Hotels-in-Madrid_ergebnis.jpg\" alt=\"die kleine Stra\u00dfe unseres Hotels in Madrid\" width=\"183\" height=\"325\" srcset=\"https:\/\/wernerdeck.de\/blog\/wp-content\/uploads\/2024\/08\/die-kleine-Strasse-unseres-Hotels-in-Madrid_ergebnis.jpg 907w, https:\/\/wernerdeck.de\/blog\/wp-content\/uploads\/2024\/08\/die-kleine-Strasse-unseres-Hotels-in-Madrid_ergebnis-169x300.jpg 169w, https:\/\/wernerdeck.de\/blog\/wp-content\/uploads\/2024\/08\/die-kleine-Strasse-unseres-Hotels-in-Madrid_ergebnis-576x1024.jpg 576w, https:\/\/wernerdeck.de\/blog\/wp-content\/uploads\/2024\/08\/die-kleine-Strasse-unseres-Hotels-in-Madrid_ergebnis-768x1365.jpg 768w, https:\/\/wernerdeck.de\/blog\/wp-content\/uploads\/2024\/08\/die-kleine-Strasse-unseres-Hotels-in-Madrid_ergebnis-864x1536.jpg 864w\" sizes=\"auto, (max-width: 183px) 100vw, 183px\" \/><\/p>\n<p><span style=\"font-weight: 400;\">Unser Plan heute: Puerta del Sol, Plaza de Canalejas, Parlamentsgeb\u00e4ude, Neptunbrunnen, Museo del Prado, San Jer\u00f3nimo el Real und Retiro-Park, <\/span><\/p>\n<p>Das Wetter meinte es gut mit uns und so freuten wir uns auf unseren ersten Besichtigungstag in Madrid. Entspannt und ohne Druck wollten wir das angehen. Was den <a href=\"https:\/\/wernerdeck.de\/blog\/2024\/03\/20\/von-chatgpt-liess-ich-mir-einen-4-tagesplan-zur-besichtigung-von-madrid-und-seiner-schoensten-sehenswuerdigkeiten-erstellen\/\" target=\"_blank\" rel=\"noopener\">Vorschlagsplan von ChatGPT<\/a> betraf, nahmen wir uns vor, das nach unserem Gusto variabel zu handhaben und nicht sklavisch an der Planung zu h\u00e4ngen und spontane \u00c4nderungen zulassen. \ud83d\ude09<\/p>\n<p>Zun\u00e4chst war aber einmal Fr\u00fchst\u00fcck angesagt. Im Hotel selbst gab es kein Fr\u00fchst\u00fcck. Am Morgen hing eine T\u00fcte an der T\u00fcr mit kleinen s\u00fc\u00dfen Leckereien und zwei Flaschen Wasser. Im UG konnte man sich kostenlos Kaffee, Obst, Kekse und weitere s\u00fc\u00dfe St\u00fcckchen nehmen.<\/p>\n<p>In der kleinen Stra\u00dfe, in der unser Hotel lag, waren rundum viele kleine Restaurants und Kaffee- und Tapas-Bars. Genau schr\u00e4g gegen\u00fcber war das <span style=\"font-weight: 400;\"><a href=\"https:\/\/canasytapas.es\/\" target=\"_blank\" rel=\"noopener\">Ca\u00f1as y Tapas<\/a>.<\/span> Dort dr\u00fcben nahmen wir einen weiteren kleinen Fr\u00fchst\u00fcckssnack, bevor wir uns auf unsere Besichtigungstour machten.<\/p>\n\n<div class=\"ngg-galleryoverview ngg-template-caption\" id=\"ngg-gallery-b9cc7954bc1b33d47cfd68f11718f577-18713\">\n\n\t\t\n\t<!-- Thumbnails -->\n\t\t\t\t\t\n\t<div id=\"ngg-image-9303\" class=\"ngg-gallery-thumbnail-box\" style=\"width:33%;\" >\n\t\t<div class=\"ngg-gallery-thumbnail\" >\n\t\t\t<a href=\"https:\/\/wernerdeck.de\/blog\/wp-content\/gallery\/fruestueck-madrid\/Fruehstueck-an-unserem-ersten-tag-in-Madrid-01.jpg\"\n\t\t\t\ttitle=\"S\u00fc\u00dfe T\u00fcte an Hotelt\u00fcr\"\n\t\t\t\tclass=\"ngg-simplelightbox\" rel=\"b9cc7954bc1b33d47cfd68f11718f577\" data-image-id=\"9303\" data-src=\"https:\/\/wernerdeck.de\/blog\/wp-content\/gallery\/fruestueck-madrid\/Fruehstueck-an-unserem-ersten-tag-in-Madrid-01.jpg\" data-thumbnail=\"https:\/\/wernerdeck.de\/blog\/wp-content\/gallery\/fruestueck-madrid\/thumbs\/thumbs_Fruehstueck-an-unserem-ersten-tag-in-Madrid-01.jpg\" data-title=\"Fruehstueck-an-unserem-ersten-tag-in-Madrid-01\" data-description=\"S\u00fc\u00dfe T\u00fcte an Hotelt\u00fcr\" >\n\t\t\t\t\t\t\t\t<img title=\"Fruehstueck-an-unserem-ersten-tag-in-Madrid-01\" alt=\"Fruehstueck-an-unserem-ersten-tag-in-Madrid-01\" src=\"https:\/\/wernerdeck.de\/blog\/wp-content\/gallery\/fruestueck-madrid\/thumbs\/thumbs_Fruehstueck-an-unserem-ersten-tag-in-Madrid-01.jpg\" width='240' height='160' \/>\n\t\t\t\t\t\t\t<\/a>\n\t\t\t<span>\n\t\t\tS\u00fc\u00dfe T\u00fcte an Hotelt\u00fcr\t\t\t<\/span>\n\t\t<\/div>\n\t<\/div>\n\t\t\t\t\t\t\t\t\n\t<div id=\"ngg-image-9302\" class=\"ngg-gallery-thumbnail-box\" style=\"width:33%;\" >\n\t\t<div class=\"ngg-gallery-thumbnail\" >\n\t\t\t<a href=\"https:\/\/wernerdeck.de\/blog\/wp-content\/gallery\/fruestueck-madrid\/Fruehstueck-an-unserem-ersten-tag-in-Madrid-02.jpg\"\n\t\t\t\ttitle=\"S\u00fc\u00dfer Inhalt\"\n\t\t\t\tclass=\"ngg-simplelightbox\" rel=\"b9cc7954bc1b33d47cfd68f11718f577\" data-image-id=\"9302\" data-src=\"https:\/\/wernerdeck.de\/blog\/wp-content\/gallery\/fruestueck-madrid\/Fruehstueck-an-unserem-ersten-tag-in-Madrid-02.jpg\" data-thumbnail=\"https:\/\/wernerdeck.de\/blog\/wp-content\/gallery\/fruestueck-madrid\/thumbs\/thumbs_Fruehstueck-an-unserem-ersten-tag-in-Madrid-02.jpg\" data-title=\"Fruehstueck-an-unserem-ersten-tag-in-Madrid-02\" data-description=\"S\u00fc\u00dfer Inhalt\" >\n\t\t\t\t\t\t\t\t<img title=\"Fruehstueck-an-unserem-ersten-tag-in-Madrid-02\" alt=\"Fruehstueck-an-unserem-ersten-tag-in-Madrid-02\" src=\"https:\/\/wernerdeck.de\/blog\/wp-content\/gallery\/fruestueck-madrid\/thumbs\/thumbs_Fruehstueck-an-unserem-ersten-tag-in-Madrid-02.jpg\" width='240' height='160' \/>\n\t\t\t\t\t\t\t<\/a>\n\t\t\t<span>\n\t\t\tS\u00fc\u00dfer Inhalt\t\t\t<\/span>\n\t\t<\/div>\n\t<\/div>\n\t\t\t\t\t\t\t\t\n\t<div id=\"ngg-image-9306\" class=\"ngg-gallery-thumbnail-box\" style=\"width:33%;\" >\n\t\t<div class=\"ngg-gallery-thumbnail\" >\n\t\t\t<a href=\"https:\/\/wernerdeck.de\/blog\/wp-content\/gallery\/fruestueck-madrid\/Fruehstueck-an-unserem-ersten-tag-in-Madrid-03.jpg\"\n\t\t\t\ttitle=\"Unsere  kleine Stra\u00dfe\"\n\t\t\t\tclass=\"ngg-simplelightbox\" rel=\"b9cc7954bc1b33d47cfd68f11718f577\" data-image-id=\"9306\" data-src=\"https:\/\/wernerdeck.de\/blog\/wp-content\/gallery\/fruestueck-madrid\/Fruehstueck-an-unserem-ersten-tag-in-Madrid-03.jpg\" data-thumbnail=\"https:\/\/wernerdeck.de\/blog\/wp-content\/gallery\/fruestueck-madrid\/thumbs\/thumbs_Fruehstueck-an-unserem-ersten-tag-in-Madrid-03.jpg\" data-title=\"Fruehstueck-an-unserem-ersten-tag-in-Madrid-03\" data-description=\"Unsere  kleine Stra\u00dfe\" >\n\t\t\t\t\t\t\t\t<img title=\"Fruehstueck-an-unserem-ersten-tag-in-Madrid-03\" alt=\"Fruehstueck-an-unserem-ersten-tag-in-Madrid-03\" src=\"https:\/\/wernerdeck.de\/blog\/wp-content\/gallery\/fruestueck-madrid\/thumbs\/thumbs_Fruehstueck-an-unserem-ersten-tag-in-Madrid-03.jpg\" width='240' height='160' \/>\n\t\t\t\t\t\t\t<\/a>\n\t\t\t<span>\n\t\t\tUnsere  kleine Stra\u00dfe\t\t\t<\/span>\n\t\t<\/div>\n\t<\/div>\n\t\t\t\t\t\t\t<br style=\"clear: both\" \/>\n\t\t\t\n\t<div id=\"ngg-image-9305\" class=\"ngg-gallery-thumbnail-box\" style=\"width:33%;\" >\n\t\t<div class=\"ngg-gallery-thumbnail\" >\n\t\t\t<a href=\"https:\/\/wernerdeck.de\/blog\/wp-content\/gallery\/fruestueck-madrid\/Fruehstueck-an-unserem-ersten-tag-in-Madrid-06.jpg\"\n\t\t\t\ttitle=\"Fr\u00fchst\u00fcckssnack gegen\u00fcber\"\n\t\t\t\tclass=\"ngg-simplelightbox\" rel=\"b9cc7954bc1b33d47cfd68f11718f577\" data-image-id=\"9305\" data-src=\"https:\/\/wernerdeck.de\/blog\/wp-content\/gallery\/fruestueck-madrid\/Fruehstueck-an-unserem-ersten-tag-in-Madrid-06.jpg\" data-thumbnail=\"https:\/\/wernerdeck.de\/blog\/wp-content\/gallery\/fruestueck-madrid\/thumbs\/thumbs_Fruehstueck-an-unserem-ersten-tag-in-Madrid-06.jpg\" data-title=\"Fruehstueck-an-unserem-ersten-tag-in-Madrid-06\" data-description=\"Fr\u00fchst\u00fcckssnack gegen\u00fcber\" >\n\t\t\t\t\t\t\t\t<img title=\"Fruehstueck-an-unserem-ersten-tag-in-Madrid-06\" alt=\"Fruehstueck-an-unserem-ersten-tag-in-Madrid-06\" src=\"https:\/\/wernerdeck.de\/blog\/wp-content\/gallery\/fruestueck-madrid\/thumbs\/thumbs_Fruehstueck-an-unserem-ersten-tag-in-Madrid-06.jpg\" width='240' height='160' \/>\n\t\t\t\t\t\t\t<\/a>\n\t\t\t<span>\n\t\t\tFr\u00fchst\u00fcckssnack gegen\u00fcber\t\t\t<\/span>\n\t\t<\/div>\n\t<\/div>\n\t\t\t\t\t\t\t\t\n\t<div id=\"ngg-image-9304\" class=\"ngg-gallery-thumbnail-box\" style=\"width:33%;\" >\n\t\t<div class=\"ngg-gallery-thumbnail\" >\n\t\t\t<a href=\"https:\/\/wernerdeck.de\/blog\/wp-content\/gallery\/fruestueck-madrid\/Fruehstueck-an-unserem-ersten-tag-in-Madrid-05.jpg\"\n\t\t\t\ttitle=\" \"\n\t\t\t\tclass=\"ngg-simplelightbox\" rel=\"b9cc7954bc1b33d47cfd68f11718f577\" data-image-id=\"9304\" data-src=\"https:\/\/wernerdeck.de\/blog\/wp-content\/gallery\/fruestueck-madrid\/Fruehstueck-an-unserem-ersten-tag-in-Madrid-05.jpg\" data-thumbnail=\"https:\/\/wernerdeck.de\/blog\/wp-content\/gallery\/fruestueck-madrid\/thumbs\/thumbs_Fruehstueck-an-unserem-ersten-tag-in-Madrid-05.jpg\" data-title=\"Fruehstueck-an-unserem-ersten-tag-in-Madrid-05\" data-description=\" \" >\n\t\t\t\t\t\t\t\t<img title=\"Fruehstueck-an-unserem-ersten-tag-in-Madrid-05\" alt=\"Fruehstueck-an-unserem-ersten-tag-in-Madrid-05\" src=\"https:\/\/wernerdeck.de\/blog\/wp-content\/gallery\/fruestueck-madrid\/thumbs\/thumbs_Fruehstueck-an-unserem-ersten-tag-in-Madrid-05.jpg\" width='240' height='160' \/>\n\t\t\t\t\t\t\t<\/a>\n\t\t\t<span>\n\t\t\t \t\t\t<\/span>\n\t\t<\/div>\n\t<\/div>\n\t\t\t\t\t\t\t\t\n\t<div id=\"ngg-image-9307\" class=\"ngg-gallery-thumbnail-box\" style=\"width:33%;\" >\n\t\t<div class=\"ngg-gallery-thumbnail\" >\n\t\t\t<a href=\"https:\/\/wernerdeck.de\/blog\/wp-content\/gallery\/fruestueck-madrid\/Fruehstueck-an-unserem-ersten-tag-in-Madrid-04.jpg\"\n\t\t\t\ttitle=\" \"\n\t\t\t\tclass=\"ngg-simplelightbox\" rel=\"b9cc7954bc1b33d47cfd68f11718f577\" data-image-id=\"9307\" data-src=\"https:\/\/wernerdeck.de\/blog\/wp-content\/gallery\/fruestueck-madrid\/Fruehstueck-an-unserem-ersten-tag-in-Madrid-04.jpg\" data-thumbnail=\"https:\/\/wernerdeck.de\/blog\/wp-content\/gallery\/fruestueck-madrid\/thumbs\/thumbs_Fruehstueck-an-unserem-ersten-tag-in-Madrid-04.jpg\" data-title=\"Fruehstueck-an-unserem-ersten-tag-in-Madrid-04\" data-description=\" \" >\n\t\t\t\t\t\t\t\t<img title=\"Fruehstueck-an-unserem-ersten-tag-in-Madrid-04\" alt=\"Fruehstueck-an-unserem-ersten-tag-in-Madrid-04\" src=\"https:\/\/wernerdeck.de\/blog\/wp-content\/gallery\/fruestueck-madrid\/thumbs\/thumbs_Fruehstueck-an-unserem-ersten-tag-in-Madrid-04.jpg\" width='240' height='160' \/>\n\t\t\t\t\t\t\t<\/a>\n\t\t\t<span>\n\t\t\t \t\t\t<\/span>\n\t\t<\/div>\n\t<\/div>\n\t\t\t\t\t\t\t<br style=\"clear: both\" \/>\n\t\t\t\n\t<!-- Pagination -->\n\t\t<div class='ngg-clear'><\/div>\t\n<\/div>\n\n\t\n<h3 style=\"text-align: center;\">Sch\u00f6nes Wetter und viel Kultur bei<br \/>\nunserem ersten Besichtigungstag in Madrid<\/h3>\n<p>Nur wenige Schritte von unserem Hotel entfernt lag die <a href=\"https:\/\/de.wikipedia.org\/wiki\/Puerta_del_Sol\" target=\"_blank\" rel=\"noopener\">Puerta del Sol<\/a>. Da lag es nat\u00fcrlich nahe, diesen Platz als Erstes zu besuchen und zu erkunden.<\/p>\n<p>Die Puerta del Sol, \u00fcbersetzt \u201eTor der Sonne\u201c, ist einer der bekanntesten und meistbesuchten Pl\u00e4tze in Madrid. Der Platz hat eine zentrale Bedeutung sowohl f\u00fcr die Stadt als auch f\u00fcr ganz Spanien. Der Platz war urspr\u00fcnglich ein Zugangstor zu einer Einfriedung, die Madrid im 15. Jahrhundert umgab. Der Name stammt von einer Sonne, die das Tor schm\u00fcckte, da es nach Osten in Richtung Sonnenaufgang ausgerichtet war.&nbsp;<\/p>\n<p>Im Laufe der Jahrhunderte entwickelte sich der Platz zu einem zentralen Treffpunkt und Schauplatz wichtiger historischer Ereignisse, wie die Ausrufung der zweiten spanischen Republik im Jahr 1931 und der Mordanschlag auf den Pr\u00e4sidenten des Ministerrates, Jos\u00e9 Canalejas, im Jahr 1912.<\/p>\n<p>\n<div class=\"ngg-galleryoverview ngg-template-caption\" id=\"ngg-gallery-88613605b6aef3ee639126c5dd3e5764-18713\">\n\n\t\t\n\t<!-- Thumbnails -->\n\t\t\t\t\t\n\t<div id=\"ngg-image-9308\" class=\"ngg-gallery-thumbnail-box\" style=\"width:25%;\" >\n\t\t<div class=\"ngg-gallery-thumbnail\" >\n\t\t\t<a href=\"https:\/\/wernerdeck.de\/blog\/wp-content\/gallery\/puerta-del-sol\/Die-Puerta-del-Sol-der-zentrale-Platz-in-Madrid-01_ergebnis.jpg\"\n\t\t\t\ttitle=\" \"\n\t\t\t\tclass=\"ngg-simplelightbox\" rel=\"88613605b6aef3ee639126c5dd3e5764\" data-image-id=\"9308\" data-src=\"https:\/\/wernerdeck.de\/blog\/wp-content\/gallery\/puerta-del-sol\/Die-Puerta-del-Sol-der-zentrale-Platz-in-Madrid-01_ergebnis.jpg\" data-thumbnail=\"https:\/\/wernerdeck.de\/blog\/wp-content\/gallery\/puerta-del-sol\/thumbs\/thumbs_Die-Puerta-del-Sol-der-zentrale-Platz-in-Madrid-01_ergebnis.jpg\" data-title=\"Die-Puerta-del-Sol-der-zentrale-Platz-in-Madrid-01_ergebnis\" data-description=\" \" >\n\t\t\t\t\t\t\t\t<img title=\"Die-Puerta-del-Sol-der-zentrale-Platz-in-Madrid-01_ergebnis\" alt=\"Die-Puerta-del-Sol-der-zentrale-Platz-in-Madrid-01_ergebnis\" src=\"https:\/\/wernerdeck.de\/blog\/wp-content\/gallery\/puerta-del-sol\/thumbs\/thumbs_Die-Puerta-del-Sol-der-zentrale-Platz-in-Madrid-01_ergebnis.jpg\" width='240' height='160' \/>\n\t\t\t\t\t\t\t<\/a>\n\t\t\t<span>\n\t\t\t \t\t\t<\/span>\n\t\t<\/div>\n\t<\/div>\n\t\t\t\t\t\t\t\t\n\t<div id=\"ngg-image-9309\" class=\"ngg-gallery-thumbnail-box\" style=\"width:25%;\" >\n\t\t<div class=\"ngg-gallery-thumbnail\" >\n\t\t\t<a href=\"https:\/\/wernerdeck.de\/blog\/wp-content\/gallery\/puerta-del-sol\/Die-Puerta-del-Sol-der-zentrale-Platz-in-Madrid-04_ergebnis.jpg\"\n\t\t\t\ttitle=\" \"\n\t\t\t\tclass=\"ngg-simplelightbox\" rel=\"88613605b6aef3ee639126c5dd3e5764\" data-image-id=\"9309\" data-src=\"https:\/\/wernerdeck.de\/blog\/wp-content\/gallery\/puerta-del-sol\/Die-Puerta-del-Sol-der-zentrale-Platz-in-Madrid-04_ergebnis.jpg\" data-thumbnail=\"https:\/\/wernerdeck.de\/blog\/wp-content\/gallery\/puerta-del-sol\/thumbs\/thumbs_Die-Puerta-del-Sol-der-zentrale-Platz-in-Madrid-04_ergebnis.jpg\" data-title=\"Die-Puerta-del-Sol-der-zentrale-Platz-in-Madrid-04_ergebnis\" data-description=\" \" >\n\t\t\t\t\t\t\t\t<img title=\"Die-Puerta-del-Sol-der-zentrale-Platz-in-Madrid-04_ergebnis\" alt=\"Die-Puerta-del-Sol-der-zentrale-Platz-in-Madrid-04_ergebnis\" src=\"https:\/\/wernerdeck.de\/blog\/wp-content\/gallery\/puerta-del-sol\/thumbs\/thumbs_Die-Puerta-del-Sol-der-zentrale-Platz-in-Madrid-04_ergebnis.jpg\" width='240' height='160' \/>\n\t\t\t\t\t\t\t<\/a>\n\t\t\t<span>\n\t\t\t \t\t\t<\/span>\n\t\t<\/div>\n\t<\/div>\n\t\t\t\t\t\t\t\t\n\t<div id=\"ngg-image-9310\" class=\"ngg-gallery-thumbnail-box\" style=\"width:25%;\" >\n\t\t<div class=\"ngg-gallery-thumbnail\" >\n\t\t\t<a href=\"https:\/\/wernerdeck.de\/blog\/wp-content\/gallery\/puerta-del-sol\/Die-Puerta-del-Sol-der-zentrale-Platz-in-Madrid-02_ergebnis.jpg\"\n\t\t\t\ttitle=\" \"\n\t\t\t\tclass=\"ngg-simplelightbox\" rel=\"88613605b6aef3ee639126c5dd3e5764\" data-image-id=\"9310\" data-src=\"https:\/\/wernerdeck.de\/blog\/wp-content\/gallery\/puerta-del-sol\/Die-Puerta-del-Sol-der-zentrale-Platz-in-Madrid-02_ergebnis.jpg\" data-thumbnail=\"https:\/\/wernerdeck.de\/blog\/wp-content\/gallery\/puerta-del-sol\/thumbs\/thumbs_Die-Puerta-del-Sol-der-zentrale-Platz-in-Madrid-02_ergebnis.jpg\" data-title=\"Die-Puerta-del-Sol-der-zentrale-Platz-in-Madrid-02_ergebnis\" data-description=\" \" >\n\t\t\t\t\t\t\t\t<img title=\"Die-Puerta-del-Sol-der-zentrale-Platz-in-Madrid-02_ergebnis\" alt=\"Die-Puerta-del-Sol-der-zentrale-Platz-in-Madrid-02_ergebnis\" src=\"https:\/\/wernerdeck.de\/blog\/wp-content\/gallery\/puerta-del-sol\/thumbs\/thumbs_Die-Puerta-del-Sol-der-zentrale-Platz-in-Madrid-02_ergebnis.jpg\" width='240' height='160' \/>\n\t\t\t\t\t\t\t<\/a>\n\t\t\t<span>\n\t\t\t \t\t\t<\/span>\n\t\t<\/div>\n\t<\/div>\n\t\t\t\t\t\t\t\t\n\t<div id=\"ngg-image-9311\" class=\"ngg-gallery-thumbnail-box\" style=\"width:25%;\" >\n\t\t<div class=\"ngg-gallery-thumbnail\" >\n\t\t\t<a href=\"https:\/\/wernerdeck.de\/blog\/wp-content\/gallery\/puerta-del-sol\/Die-Puerta-del-Sol-der-zentrale-Platz-in-Madrid-03_ergebnis.jpg\"\n\t\t\t\ttitle=\" \"\n\t\t\t\tclass=\"ngg-simplelightbox\" rel=\"88613605b6aef3ee639126c5dd3e5764\" data-image-id=\"9311\" data-src=\"https:\/\/wernerdeck.de\/blog\/wp-content\/gallery\/puerta-del-sol\/Die-Puerta-del-Sol-der-zentrale-Platz-in-Madrid-03_ergebnis.jpg\" data-thumbnail=\"https:\/\/wernerdeck.de\/blog\/wp-content\/gallery\/puerta-del-sol\/thumbs\/thumbs_Die-Puerta-del-Sol-der-zentrale-Platz-in-Madrid-03_ergebnis.jpg\" data-title=\"Die-Puerta-del-Sol-der-zentrale-Platz-in-Madrid-03_ergebnis\" data-description=\" \" >\n\t\t\t\t\t\t\t\t<img title=\"Die-Puerta-del-Sol-der-zentrale-Platz-in-Madrid-03_ergebnis\" alt=\"Die-Puerta-del-Sol-der-zentrale-Platz-in-Madrid-03_ergebnis\" src=\"https:\/\/wernerdeck.de\/blog\/wp-content\/gallery\/puerta-del-sol\/thumbs\/thumbs_Die-Puerta-del-Sol-der-zentrale-Platz-in-Madrid-03_ergebnis.jpg\" width='240' height='160' \/>\n\t\t\t\t\t\t\t<\/a>\n\t\t\t<span>\n\t\t\t \t\t\t<\/span>\n\t\t<\/div>\n\t<\/div>\n\t\t\t\t\t\t\t<br style=\"clear: both\" \/>\n\t\t\t\n\t<!-- Pagination -->\n\t\t<div class='ngg-clear'><\/div>\t\n<\/div>\n\n\tEin markantes Merkmal der Puerta del Sol ist der Null-Kilometerstein, der sich vor der <a href=\"https:\/\/www.madridnatural.es\/la-real-casa-de-correos-das-postamt\/?v=d3dcf429c679\" target=\"_blank\" rel=\"noopener\">Casa de Correos<\/a> befindet. Dieser Stein markiert den Ausgangspunkt der sechs Hauptnationalstra\u00dfen Spaniens, die sich sternf\u00f6rmig von Madrid aus \u00fcber das gesamte spanische Festland erstrecken. Der Null-Kilometerstein ist ein beliebtes Fotomotiv f\u00fcr Touristen.<\/p>\n<p>\n<div class=\"ngg-galleryoverview ngg-template-caption\" id=\"ngg-gallery-89dc297fcdf6cd2e27f9a1536d933806-18713\">\n\n\t\t\n\t<!-- Thumbnails -->\n\t\t\t\t\t\n\t<div id=\"ngg-image-9313\" class=\"ngg-gallery-thumbnail-box\" style=\"width:25%;\" >\n\t\t<div class=\"ngg-gallery-thumbnail\" >\n\t\t\t<a href=\"https:\/\/wernerdeck.de\/blog\/wp-content\/gallery\/null-kilometer-madrid\/der-Null-Kilometer-auf-der-Puerta-del-Sol-in-Madrid-03_ergebnis.jpg\"\n\t\t\t\ttitle=\" \"\n\t\t\t\tclass=\"ngg-simplelightbox\" rel=\"89dc297fcdf6cd2e27f9a1536d933806\" data-image-id=\"9313\" data-src=\"https:\/\/wernerdeck.de\/blog\/wp-content\/gallery\/null-kilometer-madrid\/der-Null-Kilometer-auf-der-Puerta-del-Sol-in-Madrid-03_ergebnis.jpg\" data-thumbnail=\"https:\/\/wernerdeck.de\/blog\/wp-content\/gallery\/null-kilometer-madrid\/thumbs\/thumbs_der-Null-Kilometer-auf-der-Puerta-del-Sol-in-Madrid-03_ergebnis.jpg\" data-title=\"der-Null-Kilometer-auf-der-Puerta-del-Sol-in-Madrid-03_ergebnis\" data-description=\" \" >\n\t\t\t\t\t\t\t\t<img title=\"der-Null-Kilometer-auf-der-Puerta-del-Sol-in-Madrid-03_ergebnis\" alt=\"der-Null-Kilometer-auf-der-Puerta-del-Sol-in-Madrid-03_ergebnis\" src=\"https:\/\/wernerdeck.de\/blog\/wp-content\/gallery\/null-kilometer-madrid\/thumbs\/thumbs_der-Null-Kilometer-auf-der-Puerta-del-Sol-in-Madrid-03_ergebnis.jpg\" width='240' height='160' \/>\n\t\t\t\t\t\t\t<\/a>\n\t\t\t<span>\n\t\t\t \t\t\t<\/span>\n\t\t<\/div>\n\t<\/div>\n\t\t\t\t\t\t\t\t\n\t<div id=\"ngg-image-9312\" class=\"ngg-gallery-thumbnail-box\" style=\"width:25%;\" >\n\t\t<div class=\"ngg-gallery-thumbnail\" >\n\t\t\t<a href=\"https:\/\/wernerdeck.de\/blog\/wp-content\/gallery\/null-kilometer-madrid\/der-Null-Kilometer-auf-der-Puerta-del-Sol-in-Madrid-01_ergebnis.jpg\"\n\t\t\t\ttitle=\" \"\n\t\t\t\tclass=\"ngg-simplelightbox\" rel=\"89dc297fcdf6cd2e27f9a1536d933806\" data-image-id=\"9312\" data-src=\"https:\/\/wernerdeck.de\/blog\/wp-content\/gallery\/null-kilometer-madrid\/der-Null-Kilometer-auf-der-Puerta-del-Sol-in-Madrid-01_ergebnis.jpg\" data-thumbnail=\"https:\/\/wernerdeck.de\/blog\/wp-content\/gallery\/null-kilometer-madrid\/thumbs\/thumbs_der-Null-Kilometer-auf-der-Puerta-del-Sol-in-Madrid-01_ergebnis.jpg\" data-title=\"der-Null-Kilometer-auf-der-Puerta-del-Sol-in-Madrid-01_ergebnis\" data-description=\" \" >\n\t\t\t\t\t\t\t\t<img title=\"der-Null-Kilometer-auf-der-Puerta-del-Sol-in-Madrid-01_ergebnis\" alt=\"der-Null-Kilometer-auf-der-Puerta-del-Sol-in-Madrid-01_ergebnis\" src=\"https:\/\/wernerdeck.de\/blog\/wp-content\/gallery\/null-kilometer-madrid\/thumbs\/thumbs_der-Null-Kilometer-auf-der-Puerta-del-Sol-in-Madrid-01_ergebnis.jpg\" width='240' height='160' \/>\n\t\t\t\t\t\t\t<\/a>\n\t\t\t<span>\n\t\t\t \t\t\t<\/span>\n\t\t<\/div>\n\t<\/div>\n\t\t\t\t\t\t\t\t\n\t<div id=\"ngg-image-9314\" class=\"ngg-gallery-thumbnail-box\" style=\"width:25%;\" >\n\t\t<div class=\"ngg-gallery-thumbnail\" >\n\t\t\t<a href=\"https:\/\/wernerdeck.de\/blog\/wp-content\/gallery\/null-kilometer-madrid\/der-Null-Kilometer-auf-der-Puerta-del-Sol-in-Madrid-04_ergebnis.png\"\n\t\t\t\ttitle=\" \"\n\t\t\t\tclass=\"ngg-simplelightbox\" rel=\"89dc297fcdf6cd2e27f9a1536d933806\" data-image-id=\"9314\" data-src=\"https:\/\/wernerdeck.de\/blog\/wp-content\/gallery\/null-kilometer-madrid\/der-Null-Kilometer-auf-der-Puerta-del-Sol-in-Madrid-04_ergebnis.png\" data-thumbnail=\"https:\/\/wernerdeck.de\/blog\/wp-content\/gallery\/null-kilometer-madrid\/thumbs\/thumbs_der-Null-Kilometer-auf-der-Puerta-del-Sol-in-Madrid-04_ergebnis.png\" data-title=\"der-Null-Kilometer-auf-der-Puerta-del-Sol-in-Madrid-04_ergebnis\" data-description=\" \" >\n\t\t\t\t\t\t\t\t<img title=\"der-Null-Kilometer-auf-der-Puerta-del-Sol-in-Madrid-04_ergebnis\" alt=\"der-Null-Kilometer-auf-der-Puerta-del-Sol-in-Madrid-04_ergebnis\" src=\"https:\/\/wernerdeck.de\/blog\/wp-content\/gallery\/null-kilometer-madrid\/thumbs\/thumbs_der-Null-Kilometer-auf-der-Puerta-del-Sol-in-Madrid-04_ergebnis.png\" width='240' height='160' \/>\n\t\t\t\t\t\t\t<\/a>\n\t\t\t<span>\n\t\t\t \t\t\t<\/span>\n\t\t<\/div>\n\t<\/div>\n\t\t\t\t\t\t\t\t\n\t<div id=\"ngg-image-9315\" class=\"ngg-gallery-thumbnail-box\" style=\"width:25%;\" >\n\t\t<div class=\"ngg-gallery-thumbnail\" >\n\t\t\t<a href=\"https:\/\/wernerdeck.de\/blog\/wp-content\/gallery\/null-kilometer-madrid\/der-Null-Kilometer-auf-der-Puerta-del-Sol-in-Madrid-02_ergebnis.png\"\n\t\t\t\ttitle=\" \"\n\t\t\t\tclass=\"ngg-simplelightbox\" rel=\"89dc297fcdf6cd2e27f9a1536d933806\" data-image-id=\"9315\" data-src=\"https:\/\/wernerdeck.de\/blog\/wp-content\/gallery\/null-kilometer-madrid\/der-Null-Kilometer-auf-der-Puerta-del-Sol-in-Madrid-02_ergebnis.png\" data-thumbnail=\"https:\/\/wernerdeck.de\/blog\/wp-content\/gallery\/null-kilometer-madrid\/thumbs\/thumbs_der-Null-Kilometer-auf-der-Puerta-del-Sol-in-Madrid-02_ergebnis.png\" data-title=\"der-Null-Kilometer-auf-der-Puerta-del-Sol-in-Madrid-02_ergebnis\" data-description=\" \" >\n\t\t\t\t\t\t\t\t<img title=\"der-Null-Kilometer-auf-der-Puerta-del-Sol-in-Madrid-02_ergebnis\" alt=\"der-Null-Kilometer-auf-der-Puerta-del-Sol-in-Madrid-02_ergebnis\" src=\"https:\/\/wernerdeck.de\/blog\/wp-content\/gallery\/null-kilometer-madrid\/thumbs\/thumbs_der-Null-Kilometer-auf-der-Puerta-del-Sol-in-Madrid-02_ergebnis.png\" width='240' height='160' \/>\n\t\t\t\t\t\t\t<\/a>\n\t\t\t<span>\n\t\t\t \t\t\t<\/span>\n\t\t<\/div>\n\t<\/div>\n\t\t\t\t\t\t\t<br style=\"clear: both\" \/>\n\t\t\t\n\t<!-- Pagination -->\n\t\t<div class='ngg-clear'><\/div>\t\n<\/div>\n\n\tAuf dem Platz befindet sich auch die Reiterstatue von K\u00f6nig Karl III., die in der Mitte des Platzes steht. K\u00f6nig Karl III. regierte im 18. Jahrhundert und war f\u00fcr bedeutende Verbesserungen der st\u00e4dtischen Infrastruktur Madrids verantwortlich.<\/p>\n<p>Ein weiteres bekanntes Wahrzeichen ist die Statue <a href=\"https:\/\/www.enforex.com\/spanisch\/kultur\/el-oso-y-el-madrono.html\" target=\"_blank\" rel=\"noopener\">\u201eEl Oso y el Madro\u00f1o\u201c (der B\u00e4r und der Erdbeerbaum)<\/a>, die das Stadtwappen von Madrid darstellt. Diese Statue ist ein beliebter Treffpunkt und Symbol der Stadt.<\/p>\n<p>\n<div class=\"ngg-galleryoverview ngg-template-caption\" id=\"ngg-gallery-8307c20ce1d5832c899277adc1c61d85-18713\">\n\n\t\t\n\t<!-- Thumbnails -->\n\t\t\t\t\t\n\t<div id=\"ngg-image-9319\" class=\"ngg-gallery-thumbnail-box\" style=\"width:25%;\" >\n\t\t<div class=\"ngg-gallery-thumbnail\" >\n\t\t\t<a href=\"https:\/\/wernerdeck.de\/blog\/wp-content\/gallery\/reiterstatue-und-baer\/Reiterstatue-Estatua-Ecuestre-de-Carlos-III.jpg\"\n\t\t\t\ttitle=\" \"\n\t\t\t\tclass=\"ngg-simplelightbox\" rel=\"8307c20ce1d5832c899277adc1c61d85\" data-image-id=\"9319\" data-src=\"https:\/\/wernerdeck.de\/blog\/wp-content\/gallery\/reiterstatue-und-baer\/Reiterstatue-Estatua-Ecuestre-de-Carlos-III.jpg\" data-thumbnail=\"https:\/\/wernerdeck.de\/blog\/wp-content\/gallery\/reiterstatue-und-baer\/thumbs\/thumbs_Reiterstatue-Estatua-Ecuestre-de-Carlos-III.jpg\" data-title=\"Reiterstatue-Estatua-Ecuestre-de-Carlos-III\" data-description=\" \" >\n\t\t\t\t\t\t\t\t<img title=\"Reiterstatue-Estatua-Ecuestre-de-Carlos-III\" alt=\"Reiterstatue-Estatua-Ecuestre-de-Carlos-III\" src=\"https:\/\/wernerdeck.de\/blog\/wp-content\/gallery\/reiterstatue-und-baer\/thumbs\/thumbs_Reiterstatue-Estatua-Ecuestre-de-Carlos-III.jpg\" width='240' height='160' \/>\n\t\t\t\t\t\t\t<\/a>\n\t\t\t<span>\n\t\t\t \t\t\t<\/span>\n\t\t<\/div>\n\t<\/div>\n\t\t\t\t\t\t\t\t\n\t<div id=\"ngg-image-9316\" class=\"ngg-gallery-thumbnail-box\" style=\"width:25%;\" >\n\t\t<div class=\"ngg-gallery-thumbnail\" >\n\t\t\t<a href=\"https:\/\/wernerdeck.de\/blog\/wp-content\/gallery\/reiterstatue-und-baer\/El-Oso-y-el-Madrono-der-Baer-und-der-Erdbeerbaum-auf-der-Puerta-del-Sol-in-Madrid-03_ergebnis.jpg\"\n\t\t\t\ttitle=\" \"\n\t\t\t\tclass=\"ngg-simplelightbox\" rel=\"8307c20ce1d5832c899277adc1c61d85\" data-image-id=\"9316\" data-src=\"https:\/\/wernerdeck.de\/blog\/wp-content\/gallery\/reiterstatue-und-baer\/El-Oso-y-el-Madrono-der-Baer-und-der-Erdbeerbaum-auf-der-Puerta-del-Sol-in-Madrid-03_ergebnis.jpg\" data-thumbnail=\"https:\/\/wernerdeck.de\/blog\/wp-content\/gallery\/reiterstatue-und-baer\/thumbs\/thumbs_El-Oso-y-el-Madrono-der-Baer-und-der-Erdbeerbaum-auf-der-Puerta-del-Sol-in-Madrid-03_ergebnis.jpg\" data-title=\"El-Oso-y-el-Madrono-der-Baer-und-der-Erdbeerbaum-auf-der-Puerta-del-Sol-in-Madrid-03_ergebnis\" data-description=\" \" >\n\t\t\t\t\t\t\t\t<img title=\"El-Oso-y-el-Madrono-der-Baer-und-der-Erdbeerbaum-auf-der-Puerta-del-Sol-in-Madrid-03_ergebnis\" alt=\"El-Oso-y-el-Madrono-der-Baer-und-der-Erdbeerbaum-auf-der-Puerta-del-Sol-in-Madrid-03_ergebnis\" src=\"https:\/\/wernerdeck.de\/blog\/wp-content\/gallery\/reiterstatue-und-baer\/thumbs\/thumbs_El-Oso-y-el-Madrono-der-Baer-und-der-Erdbeerbaum-auf-der-Puerta-del-Sol-in-Madrid-03_ergebnis.jpg\" width='240' height='160' \/>\n\t\t\t\t\t\t\t<\/a>\n\t\t\t<span>\n\t\t\t \t\t\t<\/span>\n\t\t<\/div>\n\t<\/div>\n\t\t\t\t\t\t\t\t\n\t<div id=\"ngg-image-9317\" class=\"ngg-gallery-thumbnail-box\" style=\"width:25%;\" >\n\t\t<div class=\"ngg-gallery-thumbnail\" >\n\t\t\t<a href=\"https:\/\/wernerdeck.de\/blog\/wp-content\/gallery\/reiterstatue-und-baer\/El-Oso-y-el-Madrono-der-Baer-und-der-Erdbeerbaum-auf-der-Puerta-del-Sol-in-Madrid-02_ergebnis.jpg\"\n\t\t\t\ttitle=\" \"\n\t\t\t\tclass=\"ngg-simplelightbox\" rel=\"8307c20ce1d5832c899277adc1c61d85\" data-image-id=\"9317\" data-src=\"https:\/\/wernerdeck.de\/blog\/wp-content\/gallery\/reiterstatue-und-baer\/El-Oso-y-el-Madrono-der-Baer-und-der-Erdbeerbaum-auf-der-Puerta-del-Sol-in-Madrid-02_ergebnis.jpg\" data-thumbnail=\"https:\/\/wernerdeck.de\/blog\/wp-content\/gallery\/reiterstatue-und-baer\/thumbs\/thumbs_El-Oso-y-el-Madrono-der-Baer-und-der-Erdbeerbaum-auf-der-Puerta-del-Sol-in-Madrid-02_ergebnis.jpg\" data-title=\"El-Oso-y-el-Madrono-der-Baer-und-der-Erdbeerbaum-auf-der-Puerta-del-Sol-in-Madrid-02_ergebnis\" data-description=\" \" >\n\t\t\t\t\t\t\t\t<img title=\"El-Oso-y-el-Madrono-der-Baer-und-der-Erdbeerbaum-auf-der-Puerta-del-Sol-in-Madrid-02_ergebnis\" alt=\"El-Oso-y-el-Madrono-der-Baer-und-der-Erdbeerbaum-auf-der-Puerta-del-Sol-in-Madrid-02_ergebnis\" src=\"https:\/\/wernerdeck.de\/blog\/wp-content\/gallery\/reiterstatue-und-baer\/thumbs\/thumbs_El-Oso-y-el-Madrono-der-Baer-und-der-Erdbeerbaum-auf-der-Puerta-del-Sol-in-Madrid-02_ergebnis.jpg\" width='240' height='160' \/>\n\t\t\t\t\t\t\t<\/a>\n\t\t\t<span>\n\t\t\t \t\t\t<\/span>\n\t\t<\/div>\n\t<\/div>\n\t\t\t\t\t\t\t\t\n\t<div id=\"ngg-image-9318\" class=\"ngg-gallery-thumbnail-box\" style=\"width:25%;\" >\n\t\t<div class=\"ngg-gallery-thumbnail\" >\n\t\t\t<a href=\"https:\/\/wernerdeck.de\/blog\/wp-content\/gallery\/reiterstatue-und-baer\/El-Oso-y-el-Madrono-der-Baer-und-der-Erdbeerbaum-auf-der-Puerta-del-Sol-in-Madrid-01_ergebnis.jpg\"\n\t\t\t\ttitle=\" \"\n\t\t\t\tclass=\"ngg-simplelightbox\" rel=\"8307c20ce1d5832c899277adc1c61d85\" data-image-id=\"9318\" data-src=\"https:\/\/wernerdeck.de\/blog\/wp-content\/gallery\/reiterstatue-und-baer\/El-Oso-y-el-Madrono-der-Baer-und-der-Erdbeerbaum-auf-der-Puerta-del-Sol-in-Madrid-01_ergebnis.jpg\" data-thumbnail=\"https:\/\/wernerdeck.de\/blog\/wp-content\/gallery\/reiterstatue-und-baer\/thumbs\/thumbs_El-Oso-y-el-Madrono-der-Baer-und-der-Erdbeerbaum-auf-der-Puerta-del-Sol-in-Madrid-01_ergebnis.jpg\" data-title=\"El-Oso-y-el-Madrono-der-Baer-und-der-Erdbeerbaum-auf-der-Puerta-del-Sol-in-Madrid-01_ergebnis\" data-description=\" \" >\n\t\t\t\t\t\t\t\t<img title=\"El-Oso-y-el-Madrono-der-Baer-und-der-Erdbeerbaum-auf-der-Puerta-del-Sol-in-Madrid-01_ergebnis\" alt=\"El-Oso-y-el-Madrono-der-Baer-und-der-Erdbeerbaum-auf-der-Puerta-del-Sol-in-Madrid-01_ergebnis\" src=\"https:\/\/wernerdeck.de\/blog\/wp-content\/gallery\/reiterstatue-und-baer\/thumbs\/thumbs_El-Oso-y-el-Madrono-der-Baer-und-der-Erdbeerbaum-auf-der-Puerta-del-Sol-in-Madrid-01_ergebnis.jpg\" width='240' height='160' \/>\n\t\t\t\t\t\t\t<\/a>\n\t\t\t<span>\n\t\t\t \t\t\t<\/span>\n\t\t<\/div>\n\t<\/div>\n\t\t\t\t\t\t\t<br style=\"clear: both\" \/>\n\t\t\t\n\t<!-- Pagination -->\n\t\t<div class='ngg-clear'><\/div>\t\n<\/div>\n\n\tWir schlenderten gem\u00fctlich weiter, schauten durch Schaufenster, bewunderten diverse Geb\u00e4ude und kamen auf unserem weiteren Weg zum <a href=\"https:\/\/www.tripadvisor.de\/Attraction_Review-g187514-d4380002-Reviews-Plaza_de_Canalejas-Madrid.html\" target=\"_blank\" rel=\"noopener\">Plaza de Canalejas<\/a>.&nbsp;Der Plaza de Canalejas, ein bedeutender Platz im Herzen Madrids, ist eng mit der Geschichte der Stadt verbunden. Der Platz befindet sich an der Kreuzung wichtiger Stra\u00dfen wie der Calle de Alcal\u00e1 und der Carrera de San Jer\u00f3nimo.&nbsp;<\/p>\n<p>Die umgebenden Geb\u00e4ude des Plaza de Canalejas haben eine reiche Geschichte:<\/p>\n<ol>\n<li><a href=\"https:\/\/www.tripadvisor.de\/Attraction_Review-g187514-d7029545-Reviews-La_Equitativa_Building-Madrid.html\" target=\"_blank\" rel=\"noopener\">Palacio de la Equitativa<\/a>: Urspr\u00fcnglich 1891 als Hauptsitz der amerikanischen Versicherungsgesellschaft Equitable Life Assurance Society erbaut. Es beherbergte auch das ehemalige Casino de Madrid und die ber\u00fchmte Joyer\u00eda Sainz.<\/li>\n<li><a href=\"https:\/\/www.tripadvisor.de\/Attraction_Review-g187514-d7099903-Reviews-Banco_Hispano_Americano-Madrid.html\" target=\"_blank\" rel=\"noopener\">Banco Hispano Americano<\/a> Geb\u00e4ude: 1902 begonnen und im neobarocken und Neorenaissance-Stil erbaut. Es dient heute als Haupteingang zur <a href=\"https:\/\/www.spain.info\/de\/highlights\/galeria-canalejas\/\" target=\"_blank\" rel=\"noopener\">Galer\u00eda Canalejas<\/a>.<\/li>\n<li><a href=\"https:\/\/de.wikipedia.org\/wiki\/Banesto\" target=\"_blank\" rel=\"noopener\">Banco Espa\u00f1ol de Cr\u00e9dito<\/a>: 1922 er\u00f6ffnet im Palacio de La Equitativa. K\u00f6nig Alfons XIII. nahm an der Er\u00f6ffnungszeremonie teil.<\/li>\n<li><a href=\"https:\/\/www.spain.info\/de\/highlights\/banco-espana\/\" target=\"_blank\" rel=\"noopener\">Banco Zaragozano Geb\u00e4ude<\/a>: 1934 er\u00f6ffnet, mit bemerkenswerten Art-D\u00e9co-Elementen wie einem Basrelief und schmiedeeisernen Arbeiten.<\/li>\n<\/ol>\n<p>\n<div class=\"ngg-galleryoverview ngg-template-caption\" id=\"ngg-gallery-a41b12acfe0cd303d8976e8f2064379b-18713\">\n\n\t\t\n\t<!-- Thumbnails -->\n\t\t\t\t\t\n\t<div id=\"ngg-image-9322\" class=\"ngg-gallery-thumbnail-box\" style=\"width:25%;\" >\n\t\t<div class=\"ngg-gallery-thumbnail\" >\n\t\t\t<a href=\"https:\/\/wernerdeck.de\/blog\/wp-content\/gallery\/plaza-de-canalejas\/Plaza-de-Canalejasl-in-Madrid-001_ergebnis.jpg\"\n\t\t\t\ttitle=\"Eingang zur Galer\u00eda Canalejas\"\n\t\t\t\tclass=\"ngg-simplelightbox\" rel=\"a41b12acfe0cd303d8976e8f2064379b\" data-image-id=\"9322\" data-src=\"https:\/\/wernerdeck.de\/blog\/wp-content\/gallery\/plaza-de-canalejas\/Plaza-de-Canalejasl-in-Madrid-001_ergebnis.jpg\" data-thumbnail=\"https:\/\/wernerdeck.de\/blog\/wp-content\/gallery\/plaza-de-canalejas\/thumbs\/thumbs_Plaza-de-Canalejasl-in-Madrid-001_ergebnis.jpg\" data-title=\"Plaza-de-Canalejasl-in-Madrid-001_ergebnis\" data-description=\"Eingang zur Galer\u00eda Canalejas\" >\n\t\t\t\t\t\t\t\t<img title=\"Plaza-de-Canalejasl-in-Madrid-001_ergebnis\" alt=\"Plaza-de-Canalejasl-in-Madrid-001_ergebnis\" src=\"https:\/\/wernerdeck.de\/blog\/wp-content\/gallery\/plaza-de-canalejas\/thumbs\/thumbs_Plaza-de-Canalejasl-in-Madrid-001_ergebnis.jpg\" width='240' height='160' \/>\n\t\t\t\t\t\t\t<\/a>\n\t\t\t<span>\n\t\t\tEingang zur Galer\u00eda Canalejas\t\t\t<\/span>\n\t\t<\/div>\n\t<\/div>\n\t\t\t\t\t\t\t\t\n\t<div id=\"ngg-image-9320\" class=\"ngg-gallery-thumbnail-box\" style=\"width:25%;\" >\n\t\t<div class=\"ngg-gallery-thumbnail\" >\n\t\t\t<a href=\"https:\/\/wernerdeck.de\/blog\/wp-content\/gallery\/plaza-de-canalejas\/Plaza-de-Canalejasl-in-Madrid-01_ergebnis.jpg\"\n\t\t\t\ttitle=\"Palazo de la Equitativa\"\n\t\t\t\tclass=\"ngg-simplelightbox\" rel=\"a41b12acfe0cd303d8976e8f2064379b\" data-image-id=\"9320\" data-src=\"https:\/\/wernerdeck.de\/blog\/wp-content\/gallery\/plaza-de-canalejas\/Plaza-de-Canalejasl-in-Madrid-01_ergebnis.jpg\" data-thumbnail=\"https:\/\/wernerdeck.de\/blog\/wp-content\/gallery\/plaza-de-canalejas\/thumbs\/thumbs_Plaza-de-Canalejasl-in-Madrid-01_ergebnis.jpg\" data-title=\"Plaza-de-Canalejasl-in-Madrid-01_ergebnis\" data-description=\"Palazo de la Equitativa\" >\n\t\t\t\t\t\t\t\t<img title=\"Plaza-de-Canalejasl-in-Madrid-01_ergebnis\" alt=\"Plaza-de-Canalejasl-in-Madrid-01_ergebnis\" src=\"https:\/\/wernerdeck.de\/blog\/wp-content\/gallery\/plaza-de-canalejas\/thumbs\/thumbs_Plaza-de-Canalejasl-in-Madrid-01_ergebnis.jpg\" width='240' height='160' \/>\n\t\t\t\t\t\t\t<\/a>\n\t\t\t<span>\n\t\t\tPalazo de la Equitativa\t\t\t<\/span>\n\t\t<\/div>\n\t<\/div>\n\t\t\t\t\t\t\t\t\n\t<div id=\"ngg-image-9321\" class=\"ngg-gallery-thumbnail-box\" style=\"width:25%;\" >\n\t\t<div class=\"ngg-gallery-thumbnail\" >\n\t\t\t<a href=\"https:\/\/wernerdeck.de\/blog\/wp-content\/gallery\/plaza-de-canalejas\/Plaza-de-Canalejasl-in-Madrid-02_ergebnis.jpg\"\n\t\t\t\ttitle=\"Banco Hispano Americano\"\n\t\t\t\tclass=\"ngg-simplelightbox\" rel=\"a41b12acfe0cd303d8976e8f2064379b\" data-image-id=\"9321\" data-src=\"https:\/\/wernerdeck.de\/blog\/wp-content\/gallery\/plaza-de-canalejas\/Plaza-de-Canalejasl-in-Madrid-02_ergebnis.jpg\" data-thumbnail=\"https:\/\/wernerdeck.de\/blog\/wp-content\/gallery\/plaza-de-canalejas\/thumbs\/thumbs_Plaza-de-Canalejasl-in-Madrid-02_ergebnis.jpg\" data-title=\"Plaza-de-Canalejasl-in-Madrid-02_ergebnis\" data-description=\"Banco Hispano Americano\" >\n\t\t\t\t\t\t\t\t<img title=\"Plaza-de-Canalejasl-in-Madrid-02_ergebnis\" alt=\"Plaza-de-Canalejasl-in-Madrid-02_ergebnis\" src=\"https:\/\/wernerdeck.de\/blog\/wp-content\/gallery\/plaza-de-canalejas\/thumbs\/thumbs_Plaza-de-Canalejasl-in-Madrid-02_ergebnis.jpg\" width='240' height='160' \/>\n\t\t\t\t\t\t\t<\/a>\n\t\t\t<span>\n\t\t\tBanco Hispano Americano\t\t\t<\/span>\n\t\t<\/div>\n\t<\/div>\n\t\t\t\t\t\t\t\t\n\t<div id=\"ngg-image-9323\" class=\"ngg-gallery-thumbnail-box\" style=\"width:25%;\" >\n\t\t<div class=\"ngg-gallery-thumbnail\" >\n\t\t\t<a href=\"https:\/\/wernerdeck.de\/blog\/wp-content\/gallery\/plaza-de-canalejas\/Plaza-de-Canalejasl-in-Madrid-04_ergebnis.jpg\"\n\t\t\t\ttitle=\"Haus der Witwe Meneses\"\n\t\t\t\tclass=\"ngg-simplelightbox\" rel=\"a41b12acfe0cd303d8976e8f2064379b\" data-image-id=\"9323\" data-src=\"https:\/\/wernerdeck.de\/blog\/wp-content\/gallery\/plaza-de-canalejas\/Plaza-de-Canalejasl-in-Madrid-04_ergebnis.jpg\" data-thumbnail=\"https:\/\/wernerdeck.de\/blog\/wp-content\/gallery\/plaza-de-canalejas\/thumbs\/thumbs_Plaza-de-Canalejasl-in-Madrid-04_ergebnis.jpg\" data-title=\"Plaza-de-Canalejasl-in-Madrid-04_ergebnis\" data-description=\"Haus der Witwe Meneses\" >\n\t\t\t\t\t\t\t\t<img title=\"Plaza-de-Canalejasl-in-Madrid-04_ergebnis\" alt=\"Plaza-de-Canalejasl-in-Madrid-04_ergebnis\" src=\"https:\/\/wernerdeck.de\/blog\/wp-content\/gallery\/plaza-de-canalejas\/thumbs\/thumbs_Plaza-de-Canalejasl-in-Madrid-04_ergebnis.jpg\" width='240' height='160' \/>\n\t\t\t\t\t\t\t<\/a>\n\t\t\t<span>\n\t\t\tHaus der Witwe Meneses\t\t\t<\/span>\n\t\t<\/div>\n\t<\/div>\n\t\t\t\t\t\t\t<br style=\"clear: both\" \/>\n\t\t\t\n\t<div id=\"ngg-image-9324\" class=\"ngg-gallery-thumbnail-box\" style=\"width:25%;\" >\n\t\t<div class=\"ngg-gallery-thumbnail\" >\n\t\t\t<a href=\"https:\/\/wernerdeck.de\/blog\/wp-content\/gallery\/plaza-de-canalejas\/Plaza-de-Canalejasl-in-Madrid-03_ergebnis.jpg\"\n\t\t\t\ttitle=\"Palazo de la Equitativa\"\n\t\t\t\tclass=\"ngg-simplelightbox\" rel=\"a41b12acfe0cd303d8976e8f2064379b\" data-image-id=\"9324\" data-src=\"https:\/\/wernerdeck.de\/blog\/wp-content\/gallery\/plaza-de-canalejas\/Plaza-de-Canalejasl-in-Madrid-03_ergebnis.jpg\" data-thumbnail=\"https:\/\/wernerdeck.de\/blog\/wp-content\/gallery\/plaza-de-canalejas\/thumbs\/thumbs_Plaza-de-Canalejasl-in-Madrid-03_ergebnis.jpg\" data-title=\"Plaza-de-Canalejasl-in-Madrid-03_ergebnis\" data-description=\"Palazo de la Equitativa\" >\n\t\t\t\t\t\t\t\t<img title=\"Plaza-de-Canalejasl-in-Madrid-03_ergebnis\" alt=\"Plaza-de-Canalejasl-in-Madrid-03_ergebnis\" src=\"https:\/\/wernerdeck.de\/blog\/wp-content\/gallery\/plaza-de-canalejas\/thumbs\/thumbs_Plaza-de-Canalejasl-in-Madrid-03_ergebnis.jpg\" width='240' height='160' \/>\n\t\t\t\t\t\t\t<\/a>\n\t\t\t<span>\n\t\t\tPalazo de la Equitativa\t\t\t<\/span>\n\t\t<\/div>\n\t<\/div>\n\t\t\t\t\t\t\t\t\n\t<div id=\"ngg-image-9325\" class=\"ngg-gallery-thumbnail-box\" style=\"width:25%;\" >\n\t\t<div class=\"ngg-gallery-thumbnail\" >\n\t\t\t<a href=\"https:\/\/wernerdeck.de\/blog\/wp-content\/gallery\/plaza-de-canalejas\/Plaza-de-Canalejasl-in-Madrid-05_ergebnis.jpg\"\n\t\t\t\ttitle=\"Eckhaus ohne Namen\"\n\t\t\t\tclass=\"ngg-simplelightbox\" rel=\"a41b12acfe0cd303d8976e8f2064379b\" data-image-id=\"9325\" data-src=\"https:\/\/wernerdeck.de\/blog\/wp-content\/gallery\/plaza-de-canalejas\/Plaza-de-Canalejasl-in-Madrid-05_ergebnis.jpg\" data-thumbnail=\"https:\/\/wernerdeck.de\/blog\/wp-content\/gallery\/plaza-de-canalejas\/thumbs\/thumbs_Plaza-de-Canalejasl-in-Madrid-05_ergebnis.jpg\" data-title=\"Plaza-de-Canalejasl-in-Madrid-05_ergebnis\" data-description=\"Eckhaus ohne Namen\" >\n\t\t\t\t\t\t\t\t<img title=\"Plaza-de-Canalejasl-in-Madrid-05_ergebnis\" alt=\"Plaza-de-Canalejasl-in-Madrid-05_ergebnis\" src=\"https:\/\/wernerdeck.de\/blog\/wp-content\/gallery\/plaza-de-canalejas\/thumbs\/thumbs_Plaza-de-Canalejasl-in-Madrid-05_ergebnis.jpg\" width='240' height='160' \/>\n\t\t\t\t\t\t\t<\/a>\n\t\t\t<span>\n\t\t\tEckhaus ohne Namen\t\t\t<\/span>\n\t\t<\/div>\n\t<\/div>\n\t\t\t\t\t\t\t\t\n\t<div id=\"ngg-image-9327\" class=\"ngg-gallery-thumbnail-box\" style=\"width:25%;\" >\n\t\t<div class=\"ngg-gallery-thumbnail\" >\n\t\t\t<a href=\"https:\/\/wernerdeck.de\/blog\/wp-content\/gallery\/plaza-de-canalejas\/bronzene-Quadriga-auf-dem-Dach-des-Banco-de-Bilbao-Gebaeude-am-Plaza-de-Canalejasl-in-Madrid-01_ergebnis.jpg\"\n\t\t\t\ttitle=\"Bronzene Quadriga auf dem Dach des Banco de Bilbao Geb\u00e4ude\"\n\t\t\t\tclass=\"ngg-simplelightbox\" rel=\"a41b12acfe0cd303d8976e8f2064379b\" data-image-id=\"9327\" data-src=\"https:\/\/wernerdeck.de\/blog\/wp-content\/gallery\/plaza-de-canalejas\/bronzene-Quadriga-auf-dem-Dach-des-Banco-de-Bilbao-Gebaeude-am-Plaza-de-Canalejasl-in-Madrid-01_ergebnis.jpg\" data-thumbnail=\"https:\/\/wernerdeck.de\/blog\/wp-content\/gallery\/plaza-de-canalejas\/thumbs\/thumbs_bronzene-Quadriga-auf-dem-Dach-des-Banco-de-Bilbao-Gebaeude-am-Plaza-de-Canalejasl-in-Madrid-01_ergebnis.jpg\" data-title=\"bronzene-Quadriga-auf-dem-Dach-des-Banco-de-Bilbao-Gebaeude-am-Plaza-de-Canalejasl-in-Madrid-01_ergebnis\" data-description=\"Bronzene Quadriga auf dem Dach des Banco de Bilbao Geb\u00e4ude\" >\n\t\t\t\t\t\t\t\t<img title=\"bronzene-Quadriga-auf-dem-Dach-des-Banco-de-Bilbao-Gebaeude-am-Plaza-de-Canalejasl-in-Madrid-01_ergebnis\" alt=\"bronzene-Quadriga-auf-dem-Dach-des-Banco-de-Bilbao-Gebaeude-am-Plaza-de-Canalejasl-in-Madrid-01_ergebnis\" src=\"https:\/\/wernerdeck.de\/blog\/wp-content\/gallery\/plaza-de-canalejas\/thumbs\/thumbs_bronzene-Quadriga-auf-dem-Dach-des-Banco-de-Bilbao-Gebaeude-am-Plaza-de-Canalejasl-in-Madrid-01_ergebnis.jpg\" width='240' height='160' \/>\n\t\t\t\t\t\t\t<\/a>\n\t\t\t<span>\n\t\t\tBronzene Quadriga auf dem Dach des Banco de Bilbao Geb\u00e4ude\t\t\t<\/span>\n\t\t<\/div>\n\t<\/div>\n\t\t\t\t\t\t\t\t\n\t<div id=\"ngg-image-9326\" class=\"ngg-gallery-thumbnail-box\" style=\"width:25%;\" >\n\t\t<div class=\"ngg-gallery-thumbnail\" >\n\t\t\t<a href=\"https:\/\/wernerdeck.de\/blog\/wp-content\/gallery\/plaza-de-canalejas\/bronzene-Quadriga-auf-dem-Dach-des-Banco-de-Bilbao-Gebaeude-am-Plaza-de-Canalejasl-in-Madrid-02_ergebnis.jpg\"\n\t\t\t\ttitle=\"Bronzene Quadriga auf dem Dach des Banco de Bilbao Geb\u00e4ude\"\n\t\t\t\tclass=\"ngg-simplelightbox\" rel=\"a41b12acfe0cd303d8976e8f2064379b\" data-image-id=\"9326\" data-src=\"https:\/\/wernerdeck.de\/blog\/wp-content\/gallery\/plaza-de-canalejas\/bronzene-Quadriga-auf-dem-Dach-des-Banco-de-Bilbao-Gebaeude-am-Plaza-de-Canalejasl-in-Madrid-02_ergebnis.jpg\" data-thumbnail=\"https:\/\/wernerdeck.de\/blog\/wp-content\/gallery\/plaza-de-canalejas\/thumbs\/thumbs_bronzene-Quadriga-auf-dem-Dach-des-Banco-de-Bilbao-Gebaeude-am-Plaza-de-Canalejasl-in-Madrid-02_ergebnis.jpg\" data-title=\"bronzene-Quadriga-auf-dem-Dach-des-Banco-de-Bilbao-Gebaeude-am-Plaza-de-Canalejasl-in-Madrid-02_ergebnis\" data-description=\"Bronzene Quadriga auf dem Dach des Banco de Bilbao Geb\u00e4ude\" >\n\t\t\t\t\t\t\t\t<img title=\"bronzene-Quadriga-auf-dem-Dach-des-Banco-de-Bilbao-Gebaeude-am-Plaza-de-Canalejasl-in-Madrid-02_ergebnis\" alt=\"bronzene-Quadriga-auf-dem-Dach-des-Banco-de-Bilbao-Gebaeude-am-Plaza-de-Canalejasl-in-Madrid-02_ergebnis\" src=\"https:\/\/wernerdeck.de\/blog\/wp-content\/gallery\/plaza-de-canalejas\/thumbs\/thumbs_bronzene-Quadriga-auf-dem-Dach-des-Banco-de-Bilbao-Gebaeude-am-Plaza-de-Canalejasl-in-Madrid-02_ergebnis.jpg\" width='240' height='160' \/>\n\t\t\t\t\t\t\t<\/a>\n\t\t\t<span>\n\t\t\tBronzene Quadriga auf dem Dach des Banco de Bilbao Geb\u00e4ude\t\t\t<\/span>\n\t\t<\/div>\n\t<\/div>\n\t\t\t\t\t\t\t<br style=\"clear: both\" \/>\n\t\t\t\n\t<!-- Pagination -->\n\t\t<div class='ngg-clear'><\/div>\t\n<\/div>\n\n\tDiese historischen Bankgeb\u00e4ude wurden in den letzten Jahren umfassend renoviert und bilden nun zusammen den Komplex Centro Canalejas Madrid. Dieser umfasst die <a href=\"https:\/\/www.spain.info\/de\/highlights\/galeria-canalejas\/\" target=\"_blank\" rel=\"noopener\">Galer\u00eda Canalejas<\/a> (ein Luxus-Einkaufszentrum), das erste Four Seasons Hotel in Spanien und Privatresidenzen.<\/p>\n<p>Schlie\u00dflich kamen wir am <a href=\"https:\/\/www.esmadrid.com\/de\/touristeninformation\/congreso-de-los-diputados\" target=\"_blank\" rel=\"noopener\">spanischen Parlamentgeb\u00e4ude, <\/a><span style=\"font-weight: 400;\">Congreso de los Diputados, vorbei. <\/span><span style=\"font-weight: 400;\">Der <\/span>Congreso de los Diputados ist das Unterhaus des spanischen Parlaments, der Cortes Generales. Es besteht aus 300 bis 400 Abgeordneten (momentan 350), die in allgemeiner, freier, gleicher, unmittelbarer und geheimer Wahl gew\u00e4hlt werden. Der Bau des Geb\u00e4udes, in dem das Parlament tagt, begann am 10. Oktober 1843 und wurde sieben Jahre sp\u00e4ter, am 31. Oktober 1850, unter der Herrschaft von K\u00f6nigin Isabel II. eingeweiht.<\/p>\n<p>Direkt gegen\u00fcber des Congreso de los Diputados steht die Bronzestatue des <a href=\"https:\/\/www.andalusien360.de\/magazin\/miguel-de-cervantes\" target=\"_blank\" rel=\"noopener\">Schriftstellers Miguel de Cervantes (Don Qiuchote)<\/a>. Die Statue wurde 1835 errichtet und war die erste Statue in Madrid, die zu Ehren eines Zivilisten aufgestellt wurde.<\/p>\n<p>\n<div class=\"ngg-galleryoverview ngg-template-caption\" id=\"ngg-gallery-0864da3c18e2f0c2afa8cd91552c5762-18713\">\n\n\t\t\n\t<!-- Thumbnails -->\n\t\t\t\t\t\n\t<div id=\"ngg-image-9329\" class=\"ngg-gallery-thumbnail-box\" style=\"width:25%;\" >\n\t\t<div class=\"ngg-gallery-thumbnail\" >\n\t\t\t<a href=\"https:\/\/wernerdeck.de\/blog\/wp-content\/gallery\/congreso-madrid\/Congreso-de-los-Diputados-in-Madrid-01_ergebnis.jpg\"\n\t\t\t\ttitle=\"Fernsehen auch hier\"\n\t\t\t\tclass=\"ngg-simplelightbox\" rel=\"0864da3c18e2f0c2afa8cd91552c5762\" data-image-id=\"9329\" data-src=\"https:\/\/wernerdeck.de\/blog\/wp-content\/gallery\/congreso-madrid\/Congreso-de-los-Diputados-in-Madrid-01_ergebnis.jpg\" data-thumbnail=\"https:\/\/wernerdeck.de\/blog\/wp-content\/gallery\/congreso-madrid\/thumbs\/thumbs_Congreso-de-los-Diputados-in-Madrid-01_ergebnis.jpg\" data-title=\"Congreso-de-los-Diputados-in-Madrid-01_ergebnis\" data-description=\"Fernsehen auch hier\" >\n\t\t\t\t\t\t\t\t<img title=\"Congreso-de-los-Diputados-in-Madrid-01_ergebnis\" alt=\"Congreso-de-los-Diputados-in-Madrid-01_ergebnis\" src=\"https:\/\/wernerdeck.de\/blog\/wp-content\/gallery\/congreso-madrid\/thumbs\/thumbs_Congreso-de-los-Diputados-in-Madrid-01_ergebnis.jpg\" width='240' height='160' \/>\n\t\t\t\t\t\t\t<\/a>\n\t\t\t<span>\n\t\t\tFernsehen auch hier\t\t\t<\/span>\n\t\t<\/div>\n\t<\/div>\n\t\t\t\t\t\t\t\t\n\t<div id=\"ngg-image-9333\" class=\"ngg-gallery-thumbnail-box\" style=\"width:25%;\" >\n\t\t<div class=\"ngg-gallery-thumbnail\" >\n\t\t\t<a href=\"https:\/\/wernerdeck.de\/blog\/wp-content\/gallery\/congreso-madrid\/Congreso-de-los-Diputados-in-Madrid-02_ergebnis.jpg\"\n\t\t\t\ttitle=\"Congreso de los Diputados\"\n\t\t\t\tclass=\"ngg-simplelightbox\" rel=\"0864da3c18e2f0c2afa8cd91552c5762\" data-image-id=\"9333\" data-src=\"https:\/\/wernerdeck.de\/blog\/wp-content\/gallery\/congreso-madrid\/Congreso-de-los-Diputados-in-Madrid-02_ergebnis.jpg\" data-thumbnail=\"https:\/\/wernerdeck.de\/blog\/wp-content\/gallery\/congreso-madrid\/thumbs\/thumbs_Congreso-de-los-Diputados-in-Madrid-02_ergebnis.jpg\" data-title=\"Congreso-de-los-Diputados-in-Madrid-02_ergebnis\" data-description=\"Congreso de los Diputados\" >\n\t\t\t\t\t\t\t\t<img title=\"Congreso-de-los-Diputados-in-Madrid-02_ergebnis\" alt=\"Congreso-de-los-Diputados-in-Madrid-02_ergebnis\" src=\"https:\/\/wernerdeck.de\/blog\/wp-content\/gallery\/congreso-madrid\/thumbs\/thumbs_Congreso-de-los-Diputados-in-Madrid-02_ergebnis.jpg\" width='240' height='160' \/>\n\t\t\t\t\t\t\t<\/a>\n\t\t\t<span>\n\t\t\tCongreso de los Diputados\t\t\t<\/span>\n\t\t<\/div>\n\t<\/div>\n\t\t\t\t\t\t\t\t\n\t<div id=\"ngg-image-9331\" class=\"ngg-gallery-thumbnail-box\" style=\"width:25%;\" >\n\t\t<div class=\"ngg-gallery-thumbnail\" >\n\t\t\t<a href=\"https:\/\/wernerdeck.de\/blog\/wp-content\/gallery\/congreso-madrid\/Congreso-de-los-Diputados-in-Madrid-03_ergebnis.jpg\"\n\t\t\t\ttitle=\"Congreso de los Diputados\"\n\t\t\t\tclass=\"ngg-simplelightbox\" rel=\"0864da3c18e2f0c2afa8cd91552c5762\" data-image-id=\"9331\" data-src=\"https:\/\/wernerdeck.de\/blog\/wp-content\/gallery\/congreso-madrid\/Congreso-de-los-Diputados-in-Madrid-03_ergebnis.jpg\" data-thumbnail=\"https:\/\/wernerdeck.de\/blog\/wp-content\/gallery\/congreso-madrid\/thumbs\/thumbs_Congreso-de-los-Diputados-in-Madrid-03_ergebnis.jpg\" data-title=\"Congreso-de-los-Diputados-in-Madrid-03_ergebnis\" data-description=\"Congreso de los Diputados\" >\n\t\t\t\t\t\t\t\t<img title=\"Congreso-de-los-Diputados-in-Madrid-03_ergebnis\" alt=\"Congreso-de-los-Diputados-in-Madrid-03_ergebnis\" src=\"https:\/\/wernerdeck.de\/blog\/wp-content\/gallery\/congreso-madrid\/thumbs\/thumbs_Congreso-de-los-Diputados-in-Madrid-03_ergebnis.jpg\" width='240' height='160' \/>\n\t\t\t\t\t\t\t<\/a>\n\t\t\t<span>\n\t\t\tCongreso de los Diputados\t\t\t<\/span>\n\t\t<\/div>\n\t<\/div>\n\t\t\t\t\t\t\t\t\n\t<div id=\"ngg-image-9330\" class=\"ngg-gallery-thumbnail-box\" style=\"width:25%;\" >\n\t\t<div class=\"ngg-gallery-thumbnail\" >\n\t\t\t<a href=\"https:\/\/wernerdeck.de\/blog\/wp-content\/gallery\/congreso-madrid\/Congreso-de-los-Diputados-in-Madrid-04_ergebnis.jpg\"\n\t\t\t\ttitle=\"Congreso de los Diputados\"\n\t\t\t\tclass=\"ngg-simplelightbox\" rel=\"0864da3c18e2f0c2afa8cd91552c5762\" data-image-id=\"9330\" data-src=\"https:\/\/wernerdeck.de\/blog\/wp-content\/gallery\/congreso-madrid\/Congreso-de-los-Diputados-in-Madrid-04_ergebnis.jpg\" data-thumbnail=\"https:\/\/wernerdeck.de\/blog\/wp-content\/gallery\/congreso-madrid\/thumbs\/thumbs_Congreso-de-los-Diputados-in-Madrid-04_ergebnis.jpg\" data-title=\"Congreso-de-los-Diputados-in-Madrid-04_ergebnis\" data-description=\"Congreso de los Diputados\" >\n\t\t\t\t\t\t\t\t<img title=\"Congreso-de-los-Diputados-in-Madrid-04_ergebnis\" alt=\"Congreso-de-los-Diputados-in-Madrid-04_ergebnis\" src=\"https:\/\/wernerdeck.de\/blog\/wp-content\/gallery\/congreso-madrid\/thumbs\/thumbs_Congreso-de-los-Diputados-in-Madrid-04_ergebnis.jpg\" width='240' height='160' \/>\n\t\t\t\t\t\t\t<\/a>\n\t\t\t<span>\n\t\t\tCongreso de los Diputados\t\t\t<\/span>\n\t\t<\/div>\n\t<\/div>\n\t\t\t\t\t\t\t<br style=\"clear: both\" \/>\n\t\t\t\n\t<div id=\"ngg-image-9332\" class=\"ngg-gallery-thumbnail-box\" style=\"width:25%;\" >\n\t\t<div class=\"ngg-gallery-thumbnail\" >\n\t\t\t<a href=\"https:\/\/wernerdeck.de\/blog\/wp-content\/gallery\/congreso-madrid\/Congreso-de-los-Diputados-in-Madrid-05_ergebnis.jpg\"\n\t\t\t\ttitle=\"Goldener Eingang\"\n\t\t\t\tclass=\"ngg-simplelightbox\" rel=\"0864da3c18e2f0c2afa8cd91552c5762\" data-image-id=\"9332\" data-src=\"https:\/\/wernerdeck.de\/blog\/wp-content\/gallery\/congreso-madrid\/Congreso-de-los-Diputados-in-Madrid-05_ergebnis.jpg\" data-thumbnail=\"https:\/\/wernerdeck.de\/blog\/wp-content\/gallery\/congreso-madrid\/thumbs\/thumbs_Congreso-de-los-Diputados-in-Madrid-05_ergebnis.jpg\" data-title=\"Congreso-de-los-Diputados-in-Madrid-05_ergebnis\" data-description=\"Goldener Eingang\" >\n\t\t\t\t\t\t\t\t<img title=\"Congreso-de-los-Diputados-in-Madrid-05_ergebnis\" alt=\"Congreso-de-los-Diputados-in-Madrid-05_ergebnis\" src=\"https:\/\/wernerdeck.de\/blog\/wp-content\/gallery\/congreso-madrid\/thumbs\/thumbs_Congreso-de-los-Diputados-in-Madrid-05_ergebnis.jpg\" width='240' height='160' \/>\n\t\t\t\t\t\t\t<\/a>\n\t\t\t<span>\n\t\t\tGoldener Eingang\t\t\t<\/span>\n\t\t<\/div>\n\t<\/div>\n\t\t\t\t\t\t\t\t\n\t<div id=\"ngg-image-9328\" class=\"ngg-gallery-thumbnail-box\" style=\"width:25%;\" >\n\t\t<div class=\"ngg-gallery-thumbnail\" >\n\t\t\t<a href=\"https:\/\/wernerdeck.de\/blog\/wp-content\/gallery\/congreso-madrid\/Congreso-de-los-Diputados-in-Madrid-06_ergebnis.jpg\"\n\t\t\t\ttitle=\"Bewacher\"\n\t\t\t\tclass=\"ngg-simplelightbox\" rel=\"0864da3c18e2f0c2afa8cd91552c5762\" data-image-id=\"9328\" data-src=\"https:\/\/wernerdeck.de\/blog\/wp-content\/gallery\/congreso-madrid\/Congreso-de-los-Diputados-in-Madrid-06_ergebnis.jpg\" data-thumbnail=\"https:\/\/wernerdeck.de\/blog\/wp-content\/gallery\/congreso-madrid\/thumbs\/thumbs_Congreso-de-los-Diputados-in-Madrid-06_ergebnis.jpg\" data-title=\"Congreso-de-los-Diputados-in-Madrid-06_ergebnis\" data-description=\"Bewacher\" >\n\t\t\t\t\t\t\t\t<img title=\"Congreso-de-los-Diputados-in-Madrid-06_ergebnis\" alt=\"Congreso-de-los-Diputados-in-Madrid-06_ergebnis\" src=\"https:\/\/wernerdeck.de\/blog\/wp-content\/gallery\/congreso-madrid\/thumbs\/thumbs_Congreso-de-los-Diputados-in-Madrid-06_ergebnis.jpg\" width='240' height='160' \/>\n\t\t\t\t\t\t\t<\/a>\n\t\t\t<span>\n\t\t\tBewacher\t\t\t<\/span>\n\t\t<\/div>\n\t<\/div>\n\t\t\t\t\t\t\t\t\n\t<div id=\"ngg-image-9334\" class=\"ngg-gallery-thumbnail-box\" style=\"width:25%;\" >\n\t\t<div class=\"ngg-gallery-thumbnail\" >\n\t\t\t<a href=\"https:\/\/wernerdeck.de\/blog\/wp-content\/gallery\/congreso-madrid\/Congreso-de-los-Diputados-in-Madrid-07_ergebnis.jpg\"\n\t\t\t\ttitle=\"Bewacher\"\n\t\t\t\tclass=\"ngg-simplelightbox\" rel=\"0864da3c18e2f0c2afa8cd91552c5762\" data-image-id=\"9334\" data-src=\"https:\/\/wernerdeck.de\/blog\/wp-content\/gallery\/congreso-madrid\/Congreso-de-los-Diputados-in-Madrid-07_ergebnis.jpg\" data-thumbnail=\"https:\/\/wernerdeck.de\/blog\/wp-content\/gallery\/congreso-madrid\/thumbs\/thumbs_Congreso-de-los-Diputados-in-Madrid-07_ergebnis.jpg\" data-title=\"Congreso-de-los-Diputados-in-Madrid-07_ergebnis\" data-description=\"Bewacher\" >\n\t\t\t\t\t\t\t\t<img title=\"Congreso-de-los-Diputados-in-Madrid-07_ergebnis\" alt=\"Congreso-de-los-Diputados-in-Madrid-07_ergebnis\" src=\"https:\/\/wernerdeck.de\/blog\/wp-content\/gallery\/congreso-madrid\/thumbs\/thumbs_Congreso-de-los-Diputados-in-Madrid-07_ergebnis.jpg\" width='240' height='160' \/>\n\t\t\t\t\t\t\t<\/a>\n\t\t\t<span>\n\t\t\tBewacher\t\t\t<\/span>\n\t\t<\/div>\n\t<\/div>\n\t\t\t\t\t\t\t\t\n\t<div id=\"ngg-image-9335\" class=\"ngg-gallery-thumbnail-box\" style=\"width:25%;\" >\n\t\t<div class=\"ngg-gallery-thumbnail\" >\n\t\t\t<a href=\"https:\/\/wernerdeck.de\/blog\/wp-content\/gallery\/congreso-madrid\/Statue-von-Miguel-de-Cervantes-gegenueber-Congresso-de-los-Dipudatos_ergebnis.jpg\"\n\t\t\t\ttitle=\"Miguel de Cervantes\"\n\t\t\t\tclass=\"ngg-simplelightbox\" rel=\"0864da3c18e2f0c2afa8cd91552c5762\" data-image-id=\"9335\" data-src=\"https:\/\/wernerdeck.de\/blog\/wp-content\/gallery\/congreso-madrid\/Statue-von-Miguel-de-Cervantes-gegenueber-Congresso-de-los-Dipudatos_ergebnis.jpg\" data-thumbnail=\"https:\/\/wernerdeck.de\/blog\/wp-content\/gallery\/congreso-madrid\/thumbs\/thumbs_Statue-von-Miguel-de-Cervantes-gegenueber-Congresso-de-los-Dipudatos_ergebnis.jpg\" data-title=\"Statue-von-Miguel-de-Cervantes-gegenueber-Congresso-de-los-Dipudatos_ergebnis\" data-description=\"Miguel de Cervantes\" >\n\t\t\t\t\t\t\t\t<img title=\"Statue-von-Miguel-de-Cervantes-gegenueber-Congresso-de-los-Dipudatos_ergebnis\" alt=\"Statue-von-Miguel-de-Cervantes-gegenueber-Congresso-de-los-Dipudatos_ergebnis\" src=\"https:\/\/wernerdeck.de\/blog\/wp-content\/gallery\/congreso-madrid\/thumbs\/thumbs_Statue-von-Miguel-de-Cervantes-gegenueber-Congresso-de-los-Dipudatos_ergebnis.jpg\" width='240' height='160' \/>\n\t\t\t\t\t\t\t<\/a>\n\t\t\t<span>\n\t\t\tMiguel de Cervantes\t\t\t<\/span>\n\t\t<\/div>\n\t<\/div>\n\t\t\t\t\t\t\t<br style=\"clear: both\" \/>\n\t\t\t\n\t<!-- Pagination -->\n\t\t<div class='ngg-clear'><\/div>\t\n<\/div>\n\n\tBei sonnigem Wetter kamen wir zum Neptunbrunnen. Der <a href=\"https:\/\/www.esmadrid.com\/de\/touristeninformation\/fuente-de-neptuno\" target=\"_blank\" rel=\"noopener\">Neptunbrunnen (Fuente de Neptuno)<\/a> in Madrid ist ein bedeutendes Denkmal, das 1786 vom Bildhauer Ventura Rodr\u00edguez f\u00fcr K\u00f6nig Karl III. geschaffen wurde. Die Statue zeigt den Meergott Neptun, der auf einem muschelf\u00f6rmigen Wagen sitzt, der von vier Pferden gezogen wird. Der Brunnen befindet sich auf der Plaza C\u00e1novas del Castillo, die auch als eine der Hauptverkehrsinseln im Paseo del Prado bekannt ist.<\/p>\n<p><span style=\"font-weight: 400;\">Der Brunnen und der nahe gelegene Cibeles-Brunnen sind Symbole f\u00fcr zwei rivalisierende Fu\u00dfballclubs in Madrid: Atl\u00e9tico de Madrid feiert seine Siege immer am Neptunbrunnen, w\u00e4hrend Real Madrid auf der Plaza Cibeles feiert.<\/span><\/p>\n<p>\n<div class=\"ngg-galleryoverview ngg-template-caption\" id=\"ngg-gallery-08f8233934b6b3c82896e3d4df17aa51-18713\">\n\n\t\t\n\t<!-- Thumbnails -->\n\t\t\t\t\t\n\t<div id=\"ngg-image-9336\" class=\"ngg-gallery-thumbnail-box\" style=\"width:33%;\" >\n\t\t<div class=\"ngg-gallery-thumbnail\" >\n\t\t\t<a href=\"https:\/\/wernerdeck.de\/blog\/wp-content\/gallery\/neptunbrunnen\/Der-Neptunbrunnen-Fuente-de-Neptuno-in-Madrid-02_ergebnis.jpg\"\n\t\t\t\ttitle=\"Der Neptunbrunnen Fuente de Neptuno\"\n\t\t\t\tclass=\"ngg-simplelightbox\" rel=\"08f8233934b6b3c82896e3d4df17aa51\" data-image-id=\"9336\" data-src=\"https:\/\/wernerdeck.de\/blog\/wp-content\/gallery\/neptunbrunnen\/Der-Neptunbrunnen-Fuente-de-Neptuno-in-Madrid-02_ergebnis.jpg\" data-thumbnail=\"https:\/\/wernerdeck.de\/blog\/wp-content\/gallery\/neptunbrunnen\/thumbs\/thumbs_Der-Neptunbrunnen-Fuente-de-Neptuno-in-Madrid-02_ergebnis.jpg\" data-title=\"Der-Neptunbrunnen-Fuente-de-Neptuno-in-Madrid-02_ergebnis\" data-description=\"Der Neptunbrunnen Fuente de Neptuno\" >\n\t\t\t\t\t\t\t\t<img title=\"Der-Neptunbrunnen-Fuente-de-Neptuno-in-Madrid-02_ergebnis\" alt=\"Der-Neptunbrunnen-Fuente-de-Neptuno-in-Madrid-02_ergebnis\" src=\"https:\/\/wernerdeck.de\/blog\/wp-content\/gallery\/neptunbrunnen\/thumbs\/thumbs_Der-Neptunbrunnen-Fuente-de-Neptuno-in-Madrid-02_ergebnis.jpg\" width='240' height='160' \/>\n\t\t\t\t\t\t\t<\/a>\n\t\t\t<span>\n\t\t\tDer Neptunbrunnen Fuente de Neptuno\t\t\t<\/span>\n\t\t<\/div>\n\t<\/div>\n\t\t\t\t\t\t\t\t\n\t<div id=\"ngg-image-9338\" class=\"ngg-gallery-thumbnail-box\" style=\"width:33%;\" >\n\t\t<div class=\"ngg-gallery-thumbnail\" >\n\t\t\t<a href=\"https:\/\/wernerdeck.de\/blog\/wp-content\/gallery\/neptunbrunnen\/Der-Neptunbrunnen-Fuente-de-Neptuno-in-Madrid-03_ergebnis.jpg\"\n\t\t\t\ttitle=\" \"\n\t\t\t\tclass=\"ngg-simplelightbox\" rel=\"08f8233934b6b3c82896e3d4df17aa51\" data-image-id=\"9338\" data-src=\"https:\/\/wernerdeck.de\/blog\/wp-content\/gallery\/neptunbrunnen\/Der-Neptunbrunnen-Fuente-de-Neptuno-in-Madrid-03_ergebnis.jpg\" data-thumbnail=\"https:\/\/wernerdeck.de\/blog\/wp-content\/gallery\/neptunbrunnen\/thumbs\/thumbs_Der-Neptunbrunnen-Fuente-de-Neptuno-in-Madrid-03_ergebnis.jpg\" data-title=\"Der-Neptunbrunnen-Fuente-de-Neptuno-in-Madrid-03_ergebnis\" data-description=\" \" >\n\t\t\t\t\t\t\t\t<img title=\"Der-Neptunbrunnen-Fuente-de-Neptuno-in-Madrid-03_ergebnis\" alt=\"Der-Neptunbrunnen-Fuente-de-Neptuno-in-Madrid-03_ergebnis\" src=\"https:\/\/wernerdeck.de\/blog\/wp-content\/gallery\/neptunbrunnen\/thumbs\/thumbs_Der-Neptunbrunnen-Fuente-de-Neptuno-in-Madrid-03_ergebnis.jpg\" width='240' height='160' \/>\n\t\t\t\t\t\t\t<\/a>\n\t\t\t<span>\n\t\t\t \t\t\t<\/span>\n\t\t<\/div>\n\t<\/div>\n\t\t\t\t\t\t\t\t\n\t<div id=\"ngg-image-9340\" class=\"ngg-gallery-thumbnail-box\" style=\"width:33%;\" >\n\t\t<div class=\"ngg-gallery-thumbnail\" >\n\t\t\t<a href=\"https:\/\/wernerdeck.de\/blog\/wp-content\/gallery\/neptunbrunnen\/Der-Neptunbrunnen-Fuente-de-Neptuno-in-Madrid-04_ergebnis.jpg\"\n\t\t\t\ttitle=\" \"\n\t\t\t\tclass=\"ngg-simplelightbox\" rel=\"08f8233934b6b3c82896e3d4df17aa51\" data-image-id=\"9340\" data-src=\"https:\/\/wernerdeck.de\/blog\/wp-content\/gallery\/neptunbrunnen\/Der-Neptunbrunnen-Fuente-de-Neptuno-in-Madrid-04_ergebnis.jpg\" data-thumbnail=\"https:\/\/wernerdeck.de\/blog\/wp-content\/gallery\/neptunbrunnen\/thumbs\/thumbs_Der-Neptunbrunnen-Fuente-de-Neptuno-in-Madrid-04_ergebnis.jpg\" data-title=\"Der-Neptunbrunnen-Fuente-de-Neptuno-in-Madrid-04_ergebnis\" data-description=\" \" >\n\t\t\t\t\t\t\t\t<img title=\"Der-Neptunbrunnen-Fuente-de-Neptuno-in-Madrid-04_ergebnis\" alt=\"Der-Neptunbrunnen-Fuente-de-Neptuno-in-Madrid-04_ergebnis\" src=\"https:\/\/wernerdeck.de\/blog\/wp-content\/gallery\/neptunbrunnen\/thumbs\/thumbs_Der-Neptunbrunnen-Fuente-de-Neptuno-in-Madrid-04_ergebnis.jpg\" width='240' height='160' \/>\n\t\t\t\t\t\t\t<\/a>\n\t\t\t<span>\n\t\t\t \t\t\t<\/span>\n\t\t<\/div>\n\t<\/div>\n\t\t\t\t\t\t\t<br style=\"clear: both\" \/>\n\t\t\t\n\t<div id=\"ngg-image-9339\" class=\"ngg-gallery-thumbnail-box\" style=\"width:33%;\" >\n\t\t<div class=\"ngg-gallery-thumbnail\" >\n\t\t\t<a href=\"https:\/\/wernerdeck.de\/blog\/wp-content\/gallery\/neptunbrunnen\/Der-Neptunbrunnen-Fuente-de-Neptuno-in-Madrid-05_ergebnis.jpg\"\n\t\t\t\ttitle=\" \"\n\t\t\t\tclass=\"ngg-simplelightbox\" rel=\"08f8233934b6b3c82896e3d4df17aa51\" data-image-id=\"9339\" data-src=\"https:\/\/wernerdeck.de\/blog\/wp-content\/gallery\/neptunbrunnen\/Der-Neptunbrunnen-Fuente-de-Neptuno-in-Madrid-05_ergebnis.jpg\" data-thumbnail=\"https:\/\/wernerdeck.de\/blog\/wp-content\/gallery\/neptunbrunnen\/thumbs\/thumbs_Der-Neptunbrunnen-Fuente-de-Neptuno-in-Madrid-05_ergebnis.jpg\" data-title=\"Der-Neptunbrunnen-Fuente-de-Neptuno-in-Madrid-05_ergebnis\" data-description=\" \" >\n\t\t\t\t\t\t\t\t<img title=\"Der-Neptunbrunnen-Fuente-de-Neptuno-in-Madrid-05_ergebnis\" alt=\"Der-Neptunbrunnen-Fuente-de-Neptuno-in-Madrid-05_ergebnis\" src=\"https:\/\/wernerdeck.de\/blog\/wp-content\/gallery\/neptunbrunnen\/thumbs\/thumbs_Der-Neptunbrunnen-Fuente-de-Neptuno-in-Madrid-05_ergebnis.jpg\" width='240' height='160' \/>\n\t\t\t\t\t\t\t<\/a>\n\t\t\t<span>\n\t\t\t \t\t\t<\/span>\n\t\t<\/div>\n\t<\/div>\n\t\t\t\t\t\t\t\t\n\t<div id=\"ngg-image-9341\" class=\"ngg-gallery-thumbnail-box\" style=\"width:33%;\" >\n\t\t<div class=\"ngg-gallery-thumbnail\" >\n\t\t\t<a href=\"https:\/\/wernerdeck.de\/blog\/wp-content\/gallery\/neptunbrunnen\/Der-Neptunbrunnen-Fuente-de-Neptuno-in-Madrid-06_ergebnis.jpg\"\n\t\t\t\ttitle=\" \"\n\t\t\t\tclass=\"ngg-simplelightbox\" rel=\"08f8233934b6b3c82896e3d4df17aa51\" data-image-id=\"9341\" data-src=\"https:\/\/wernerdeck.de\/blog\/wp-content\/gallery\/neptunbrunnen\/Der-Neptunbrunnen-Fuente-de-Neptuno-in-Madrid-06_ergebnis.jpg\" data-thumbnail=\"https:\/\/wernerdeck.de\/blog\/wp-content\/gallery\/neptunbrunnen\/thumbs\/thumbs_Der-Neptunbrunnen-Fuente-de-Neptuno-in-Madrid-06_ergebnis.jpg\" data-title=\"Der-Neptunbrunnen-Fuente-de-Neptuno-in-Madrid-06_ergebnis\" data-description=\" \" >\n\t\t\t\t\t\t\t\t<img title=\"Der-Neptunbrunnen-Fuente-de-Neptuno-in-Madrid-06_ergebnis\" alt=\"Der-Neptunbrunnen-Fuente-de-Neptuno-in-Madrid-06_ergebnis\" src=\"https:\/\/wernerdeck.de\/blog\/wp-content\/gallery\/neptunbrunnen\/thumbs\/thumbs_Der-Neptunbrunnen-Fuente-de-Neptuno-in-Madrid-06_ergebnis.jpg\" width='240' height='160' \/>\n\t\t\t\t\t\t\t<\/a>\n\t\t\t<span>\n\t\t\t \t\t\t<\/span>\n\t\t<\/div>\n\t<\/div>\n\t\t\t\t\t\t\t\t\n\t<div id=\"ngg-image-9337\" class=\"ngg-gallery-thumbnail-box\" style=\"width:33%;\" >\n\t\t<div class=\"ngg-gallery-thumbnail\" >\n\t\t\t<a href=\"https:\/\/wernerdeck.de\/blog\/wp-content\/gallery\/neptunbrunnen\/Nahe-des-Neptunbrunnen-Fuente-de-Neptuno-in-Madrid-01_ergebnis.jpg\"\n\t\t\t\ttitle=\" \"\n\t\t\t\tclass=\"ngg-simplelightbox\" rel=\"08f8233934b6b3c82896e3d4df17aa51\" data-image-id=\"9337\" data-src=\"https:\/\/wernerdeck.de\/blog\/wp-content\/gallery\/neptunbrunnen\/Nahe-des-Neptunbrunnen-Fuente-de-Neptuno-in-Madrid-01_ergebnis.jpg\" data-thumbnail=\"https:\/\/wernerdeck.de\/blog\/wp-content\/gallery\/neptunbrunnen\/thumbs\/thumbs_Nahe-des-Neptunbrunnen-Fuente-de-Neptuno-in-Madrid-01_ergebnis.jpg\" data-title=\"Nahe-des-Neptunbrunnen-Fuente-de-Neptuno-in-Madrid-01_ergebnis\" data-description=\" \" >\n\t\t\t\t\t\t\t\t<img title=\"Nahe-des-Neptunbrunnen-Fuente-de-Neptuno-in-Madrid-01_ergebnis\" alt=\"Nahe-des-Neptunbrunnen-Fuente-de-Neptuno-in-Madrid-01_ergebnis\" src=\"https:\/\/wernerdeck.de\/blog\/wp-content\/gallery\/neptunbrunnen\/thumbs\/thumbs_Nahe-des-Neptunbrunnen-Fuente-de-Neptuno-in-Madrid-01_ergebnis.jpg\" width='240' height='160' \/>\n\t\t\t\t\t\t\t<\/a>\n\t\t\t<span>\n\t\t\t \t\t\t<\/span>\n\t\t<\/div>\n\t<\/div>\n\t\t\t\t\t\t\t<br style=\"clear: both\" \/>\n\t\t\t\n\t<!-- Pagination -->\n\t\t<div class='ngg-clear'><\/div>\t\n<\/div>\n\n\tZwei Steinw\u00fcrfe oder ca. 10 Minuten entfernt, liegt das <a href=\"https:\/\/www.esmadrid.com\/de\/touristeninformation\/museo-del-prado\" target=\"_blank\" rel=\"noopener\">Museo del Prado<\/a>, zu dem wir uns jetzt aufmachten. Das Museo del Prado ist eines der bedeutendsten Kunstmuseen der Welt, gegr\u00fcndet 1819. Es beherbergt eine umfangreiche Sammlung von \u00fcber 8.600 Gem\u00e4lden, darunter Meisterwerke spanischer Maler wie Vel\u00e1zquez, Goya und El Greco sowie Werke von internationalen K\u00fcnstlern wie Rembrandt und Botticelli.<\/p>\n<p>Aus Zeitgr\u00fcnden hatten wir nicht eingeplant, uns diese ganzen Kunstsch\u00e4tze anzusehen. Vielleicht ein andermal.&nbsp;Der Prado zieht j\u00e4hrlich Millionen von Besuchern an und bildet zusammen mit dem Museo Reina Sof\u00eda und dem Museo Thyssen-Bornemisza das \u201eGoldene Dreieck der Kunst\u201c in Madrid.<\/p>\n<p>In unmittelbarer Nachbarschaft des Museums gibt es weitere historische Bauten. Das alles zu beschreiben kann ich aus Zeitgr\u00fcnden leider nicht. Nur eine Anmerkung: das Ritz hatte kein Zimmer mehr f\u00fcr uns frei. \ud83d\ude09<\/p>\n<p>\n<div class=\"ngg-galleryoverview ngg-template-caption\" id=\"ngg-gallery-ebc0b1240d4b9042b94f515eb11eff17-18713\">\n\n\t\t\n\t<!-- Thumbnails -->\n\t\t\t\t\t\n\t<div id=\"ngg-image-9346\" class=\"ngg-gallery-thumbnail-box\" style=\"width:25%;\" >\n\t\t<div class=\"ngg-gallery-thumbnail\" >\n\t\t\t<a href=\"https:\/\/wernerdeck.de\/blog\/wp-content\/gallery\/museo-del-prado\/Museo-del-Prado-in-Madrid-01_ergebnis.jpg\"\n\t\t\t\ttitle=\"Museo del Prado\"\n\t\t\t\tclass=\"ngg-simplelightbox\" rel=\"ebc0b1240d4b9042b94f515eb11eff17\" data-image-id=\"9346\" data-src=\"https:\/\/wernerdeck.de\/blog\/wp-content\/gallery\/museo-del-prado\/Museo-del-Prado-in-Madrid-01_ergebnis.jpg\" data-thumbnail=\"https:\/\/wernerdeck.de\/blog\/wp-content\/gallery\/museo-del-prado\/thumbs\/thumbs_Museo-del-Prado-in-Madrid-01_ergebnis.jpg\" data-title=\"Museo-del-Prado-in-Madrid-01_ergebnis\" data-description=\"Museo del Prado\" >\n\t\t\t\t\t\t\t\t<img title=\"Museo-del-Prado-in-Madrid-01_ergebnis\" alt=\"Museo-del-Prado-in-Madrid-01_ergebnis\" src=\"https:\/\/wernerdeck.de\/blog\/wp-content\/gallery\/museo-del-prado\/thumbs\/thumbs_Museo-del-Prado-in-Madrid-01_ergebnis.jpg\" width='240' height='160' \/>\n\t\t\t\t\t\t\t<\/a>\n\t\t\t<span>\n\t\t\tMuseo del Prado\t\t\t<\/span>\n\t\t<\/div>\n\t<\/div>\n\t\t\t\t\t\t\t\t\n\t<div id=\"ngg-image-9345\" class=\"ngg-gallery-thumbnail-box\" style=\"width:25%;\" >\n\t\t<div class=\"ngg-gallery-thumbnail\" >\n\t\t\t<a href=\"https:\/\/wernerdeck.de\/blog\/wp-content\/gallery\/museo-del-prado\/Museo-del-Prado-in-Madrid-02_ergebnis.jpg\"\n\t\t\t\ttitle=\" \"\n\t\t\t\tclass=\"ngg-simplelightbox\" rel=\"ebc0b1240d4b9042b94f515eb11eff17\" data-image-id=\"9345\" data-src=\"https:\/\/wernerdeck.de\/blog\/wp-content\/gallery\/museo-del-prado\/Museo-del-Prado-in-Madrid-02_ergebnis.jpg\" data-thumbnail=\"https:\/\/wernerdeck.de\/blog\/wp-content\/gallery\/museo-del-prado\/thumbs\/thumbs_Museo-del-Prado-in-Madrid-02_ergebnis.jpg\" data-title=\"Museo-del-Prado-in-Madrid-02_ergebnis\" data-description=\" \" >\n\t\t\t\t\t\t\t\t<img title=\"Museo-del-Prado-in-Madrid-02_ergebnis\" alt=\"Museo-del-Prado-in-Madrid-02_ergebnis\" src=\"https:\/\/wernerdeck.de\/blog\/wp-content\/gallery\/museo-del-prado\/thumbs\/thumbs_Museo-del-Prado-in-Madrid-02_ergebnis.jpg\" width='240' height='160' \/>\n\t\t\t\t\t\t\t<\/a>\n\t\t\t<span>\n\t\t\t \t\t\t<\/span>\n\t\t<\/div>\n\t<\/div>\n\t\t\t\t\t\t\t\t\n\t<div id=\"ngg-image-9343\" class=\"ngg-gallery-thumbnail-box\" style=\"width:25%;\" >\n\t\t<div class=\"ngg-gallery-thumbnail\" >\n\t\t\t<a href=\"https:\/\/wernerdeck.de\/blog\/wp-content\/gallery\/museo-del-prado\/Museo-del-Prado-in-Madrid-04_ergebnis.jpg\"\n\t\t\t\ttitle=\"Museo del Prado\"\n\t\t\t\tclass=\"ngg-simplelightbox\" rel=\"ebc0b1240d4b9042b94f515eb11eff17\" data-image-id=\"9343\" data-src=\"https:\/\/wernerdeck.de\/blog\/wp-content\/gallery\/museo-del-prado\/Museo-del-Prado-in-Madrid-04_ergebnis.jpg\" data-thumbnail=\"https:\/\/wernerdeck.de\/blog\/wp-content\/gallery\/museo-del-prado\/thumbs\/thumbs_Museo-del-Prado-in-Madrid-04_ergebnis.jpg\" data-title=\"Museo-del-Prado-in-Madrid-04_ergebnis\" data-description=\"Museo del Prado\" >\n\t\t\t\t\t\t\t\t<img title=\"Museo-del-Prado-in-Madrid-04_ergebnis\" alt=\"Museo-del-Prado-in-Madrid-04_ergebnis\" src=\"https:\/\/wernerdeck.de\/blog\/wp-content\/gallery\/museo-del-prado\/thumbs\/thumbs_Museo-del-Prado-in-Madrid-04_ergebnis.jpg\" width='240' height='160' \/>\n\t\t\t\t\t\t\t<\/a>\n\t\t\t<span>\n\t\t\tMuseo del Prado\t\t\t<\/span>\n\t\t<\/div>\n\t<\/div>\n\t\t\t\t\t\t\t\t\n\t<div id=\"ngg-image-9347\" class=\"ngg-gallery-thumbnail-box\" style=\"width:25%;\" >\n\t\t<div class=\"ngg-gallery-thumbnail\" >\n\t\t\t<a href=\"https:\/\/wernerdeck.de\/blog\/wp-content\/gallery\/museo-del-prado\/Museo-del-Prado-in-Madrid-03_ergebnis.jpg\"\n\t\t\t\ttitle=\"Hotel Ritz\"\n\t\t\t\tclass=\"ngg-simplelightbox\" rel=\"ebc0b1240d4b9042b94f515eb11eff17\" data-image-id=\"9347\" data-src=\"https:\/\/wernerdeck.de\/blog\/wp-content\/gallery\/museo-del-prado\/Museo-del-Prado-in-Madrid-03_ergebnis.jpg\" data-thumbnail=\"https:\/\/wernerdeck.de\/blog\/wp-content\/gallery\/museo-del-prado\/thumbs\/thumbs_Museo-del-Prado-in-Madrid-03_ergebnis.jpg\" data-title=\"Museo-del-Prado-in-Madrid-03_ergebnis\" data-description=\"Hotel Ritz\" >\n\t\t\t\t\t\t\t\t<img title=\"Museo-del-Prado-in-Madrid-03_ergebnis\" alt=\"Museo-del-Prado-in-Madrid-03_ergebnis\" src=\"https:\/\/wernerdeck.de\/blog\/wp-content\/gallery\/museo-del-prado\/thumbs\/thumbs_Museo-del-Prado-in-Madrid-03_ergebnis.jpg\" width='240' height='160' \/>\n\t\t\t\t\t\t\t<\/a>\n\t\t\t<span>\n\t\t\tHotel Ritz\t\t\t<\/span>\n\t\t<\/div>\n\t<\/div>\n\t\t\t\t\t\t\t<br style=\"clear: both\" \/>\n\t\t\t\n\t<div id=\"ngg-image-9342\" class=\"ngg-gallery-thumbnail-box\" style=\"width:25%;\" >\n\t\t<div class=\"ngg-gallery-thumbnail\" >\n\t\t\t<a href=\"https:\/\/wernerdeck.de\/blog\/wp-content\/gallery\/museo-del-prado\/Museo-del-Prado-in-Madrid-05_ergebnis.jpg\"\n\t\t\t\ttitle=\"El Cas\u00f3n del Buen Retiro\"\n\t\t\t\tclass=\"ngg-simplelightbox\" rel=\"ebc0b1240d4b9042b94f515eb11eff17\" data-image-id=\"9342\" data-src=\"https:\/\/wernerdeck.de\/blog\/wp-content\/gallery\/museo-del-prado\/Museo-del-Prado-in-Madrid-05_ergebnis.jpg\" data-thumbnail=\"https:\/\/wernerdeck.de\/blog\/wp-content\/gallery\/museo-del-prado\/thumbs\/thumbs_Museo-del-Prado-in-Madrid-05_ergebnis.jpg\" data-title=\"Museo-del-Prado-in-Madrid-05_ergebnis\" data-description=\"El Cas\u00f3n del Buen Retiro\" >\n\t\t\t\t\t\t\t\t<img title=\"Museo-del-Prado-in-Madrid-05_ergebnis\" alt=\"Museo-del-Prado-in-Madrid-05_ergebnis\" src=\"https:\/\/wernerdeck.de\/blog\/wp-content\/gallery\/museo-del-prado\/thumbs\/thumbs_Museo-del-Prado-in-Madrid-05_ergebnis.jpg\" width='240' height='160' \/>\n\t\t\t\t\t\t\t<\/a>\n\t\t\t<span>\n\t\t\tEl Cas\u00f3n del Buen Retiro\t\t\t<\/span>\n\t\t<\/div>\n\t<\/div>\n\t\t\t\t\t\t\t\t\n\t<div id=\"ngg-image-9344\" class=\"ngg-gallery-thumbnail-box\" style=\"width:25%;\" >\n\t\t<div class=\"ngg-gallery-thumbnail\" >\n\t\t\t<a href=\"https:\/\/wernerdeck.de\/blog\/wp-content\/gallery\/museo-del-prado\/Museo-del-Prado-in-Madrid-06_ergebnis.jpg\"\n\t\t\t\ttitle=\"Monumento a Mar\u00eda Cristina de Borb\u00f3n\"\n\t\t\t\tclass=\"ngg-simplelightbox\" rel=\"ebc0b1240d4b9042b94f515eb11eff17\" data-image-id=\"9344\" data-src=\"https:\/\/wernerdeck.de\/blog\/wp-content\/gallery\/museo-del-prado\/Museo-del-Prado-in-Madrid-06_ergebnis.jpg\" data-thumbnail=\"https:\/\/wernerdeck.de\/blog\/wp-content\/gallery\/museo-del-prado\/thumbs\/thumbs_Museo-del-Prado-in-Madrid-06_ergebnis.jpg\" data-title=\"Museo-del-Prado-in-Madrid-06_ergebnis\" data-description=\"Monumento a Mar\u00eda Cristina de Borb\u00f3n\" >\n\t\t\t\t\t\t\t\t<img title=\"Museo-del-Prado-in-Madrid-06_ergebnis\" alt=\"Museo-del-Prado-in-Madrid-06_ergebnis\" src=\"https:\/\/wernerdeck.de\/blog\/wp-content\/gallery\/museo-del-prado\/thumbs\/thumbs_Museo-del-Prado-in-Madrid-06_ergebnis.jpg\" width='240' height='160' \/>\n\t\t\t\t\t\t\t<\/a>\n\t\t\t<span>\n\t\t\tMonumento a Mar\u00eda Cristina de Borb\u00f3n\t\t\t<\/span>\n\t\t<\/div>\n\t<\/div>\n\t\t\t\t\t\t\t\t\n\t<div id=\"ngg-image-9348\" class=\"ngg-gallery-thumbnail-box\" style=\"width:25%;\" >\n\t\t<div class=\"ngg-gallery-thumbnail\" >\n\t\t\t<a href=\"https:\/\/wernerdeck.de\/blog\/wp-content\/gallery\/museo-del-prado\/Museo-del-Prado-in-Madrid-07_ergebnis.jpg\"\n\t\t\t\ttitle=\"El Cas\u00f3n del Buen Retiro\"\n\t\t\t\tclass=\"ngg-simplelightbox\" rel=\"ebc0b1240d4b9042b94f515eb11eff17\" data-image-id=\"9348\" data-src=\"https:\/\/wernerdeck.de\/blog\/wp-content\/gallery\/museo-del-prado\/Museo-del-Prado-in-Madrid-07_ergebnis.jpg\" data-thumbnail=\"https:\/\/wernerdeck.de\/blog\/wp-content\/gallery\/museo-del-prado\/thumbs\/thumbs_Museo-del-Prado-in-Madrid-07_ergebnis.jpg\" data-title=\"Museo-del-Prado-in-Madrid-07_ergebnis\" data-description=\"El Cas\u00f3n del Buen Retiro\" >\n\t\t\t\t\t\t\t\t<img title=\"Museo-del-Prado-in-Madrid-07_ergebnis\" alt=\"Museo-del-Prado-in-Madrid-07_ergebnis\" src=\"https:\/\/wernerdeck.de\/blog\/wp-content\/gallery\/museo-del-prado\/thumbs\/thumbs_Museo-del-Prado-in-Madrid-07_ergebnis.jpg\" width='240' height='160' \/>\n\t\t\t\t\t\t\t<\/a>\n\t\t\t<span>\n\t\t\tEl Cas\u00f3n del Buen Retiro\t\t\t<\/span>\n\t\t<\/div>\n\t<\/div>\n\t\t\t\t\t\t\t\t\n\t<div id=\"ngg-image-9349\" class=\"ngg-gallery-thumbnail-box\" style=\"width:25%;\" >\n\t\t<div class=\"ngg-gallery-thumbnail\" >\n\t\t\t<a href=\"https:\/\/wernerdeck.de\/blog\/wp-content\/gallery\/museo-del-prado\/Museo-del-Prado-in-Madrid-08_ergebnis.jpg\"\n\t\t\t\ttitle=\"Auf dem Weg zur San Jer\u00f3nimo el Real-Kirche\"\n\t\t\t\tclass=\"ngg-simplelightbox\" rel=\"ebc0b1240d4b9042b94f515eb11eff17\" data-image-id=\"9349\" data-src=\"https:\/\/wernerdeck.de\/blog\/wp-content\/gallery\/museo-del-prado\/Museo-del-Prado-in-Madrid-08_ergebnis.jpg\" data-thumbnail=\"https:\/\/wernerdeck.de\/blog\/wp-content\/gallery\/museo-del-prado\/thumbs\/thumbs_Museo-del-Prado-in-Madrid-08_ergebnis.jpg\" data-title=\"Museo-del-Prado-in-Madrid-08_ergebnis\" data-description=\"Auf dem Weg zur San Jer\u00f3nimo el Real-Kirche\" >\n\t\t\t\t\t\t\t\t<img title=\"Museo-del-Prado-in-Madrid-08_ergebnis\" alt=\"Museo-del-Prado-in-Madrid-08_ergebnis\" src=\"https:\/\/wernerdeck.de\/blog\/wp-content\/gallery\/museo-del-prado\/thumbs\/thumbs_Museo-del-Prado-in-Madrid-08_ergebnis.jpg\" width='240' height='160' \/>\n\t\t\t\t\t\t\t<\/a>\n\t\t\t<span>\n\t\t\tAuf dem Weg zur San Jer\u00f3nimo el Real-Kirche\t\t\t<\/span>\n\t\t<\/div>\n\t<\/div>\n\t\t\t\t\t\t\t<br style=\"clear: both\" \/>\n\t\t\t\n\t<!-- Pagination -->\n\t\t<div class='ngg-clear'><\/div>\t\n<\/div>\n\n\tWeitere zwei Steinw\u00fcrfe, allerdings etwas den H\u00fcgel hoch, schleppten wir uns zur Kirche Kirche <a href=\"https:\/\/www.esmadrid.com\/de\/touristeninformation\/iglesia-parroquial-de-san-jeronimo-el-real\" target=\"_blank\" rel=\"noopener\">San Jer\u00f3nimo el Real<\/a> hoch. Die Kirche, auch bekannt als \u201eLos Jer\u00f3nimos\u201c, ist eine bedeutende Renaissancekirche, die urspr\u00fcnglich 1464 als Kloster gegr\u00fcndet wurde.<\/p>\n<p>Die heutige Struktur wurde zwischen 1503 und 1612 erbaut und zeigt eine Mischung aus gotischen und neogotischen Stilen. \u201eLos Jer\u00f3nimos\u201c&nbsp; war eng mit der spanischen Monarchie verbunden und diente als Ort f\u00fcr wichtige Zeremonien, darunter die Kr\u00f6nung von K\u00f6nigen und K\u00f6niginnen. Nach dem Spanischen B\u00fcrgerkrieg erlebte sie mehrere Renovierungen, insbesondere im 19. Jahrhundert, um Sch\u00e4den zu beheben.<\/p>\n<p>\n<div class=\"ngg-galleryoverview ngg-template-caption\" id=\"ngg-gallery-d38bac7199a40937ecc38355952ff97d-18713\">\n\n\t\t\n\t<!-- Thumbnails -->\n\t\t\t\t\t\n\t<div id=\"ngg-image-9354\" class=\"ngg-gallery-thumbnail-box\" style=\"width:33%;\" >\n\t\t<div class=\"ngg-gallery-thumbnail\" >\n\t\t\t<a href=\"https:\/\/wernerdeck.de\/blog\/wp-content\/gallery\/kirche-san-jeronimo\/Die-Kirche-San-Jeronimo-el-Real-in-Madrid-01.jpg\"\n\t\t\t\ttitle=\"Kirche San Jer\u00f3nimo el Real\"\n\t\t\t\tclass=\"ngg-simplelightbox\" rel=\"d38bac7199a40937ecc38355952ff97d\" data-image-id=\"9354\" data-src=\"https:\/\/wernerdeck.de\/blog\/wp-content\/gallery\/kirche-san-jeronimo\/Die-Kirche-San-Jeronimo-el-Real-in-Madrid-01.jpg\" data-thumbnail=\"https:\/\/wernerdeck.de\/blog\/wp-content\/gallery\/kirche-san-jeronimo\/thumbs\/thumbs_Die-Kirche-San-Jeronimo-el-Real-in-Madrid-01.jpg\" data-title=\"Die-Kirche-San-Jeronimo-el-Real-in-Madrid-01\" data-description=\"Kirche San Jer\u00f3nimo el Real\" >\n\t\t\t\t\t\t\t\t<img title=\"Die-Kirche-San-Jeronimo-el-Real-in-Madrid-01\" alt=\"Die-Kirche-San-Jeronimo-el-Real-in-Madrid-01\" src=\"https:\/\/wernerdeck.de\/blog\/wp-content\/gallery\/kirche-san-jeronimo\/thumbs\/thumbs_Die-Kirche-San-Jeronimo-el-Real-in-Madrid-01.jpg\" width='240' height='160' \/>\n\t\t\t\t\t\t\t<\/a>\n\t\t\t<span>\n\t\t\tKirche San Jer\u00f3nimo el Real\t\t\t<\/span>\n\t\t<\/div>\n\t<\/div>\n\t\t\t\t\t\t\t\t\n\t<div id=\"ngg-image-9352\" class=\"ngg-gallery-thumbnail-box\" style=\"width:33%;\" >\n\t\t<div class=\"ngg-gallery-thumbnail\" >\n\t\t\t<a href=\"https:\/\/wernerdeck.de\/blog\/wp-content\/gallery\/kirche-san-jeronimo\/Die-Kirche-San-Jeronimo-el-Real-in-Madrid-02.jpg\"\n\t\t\t\ttitle=\" \"\n\t\t\t\tclass=\"ngg-simplelightbox\" rel=\"d38bac7199a40937ecc38355952ff97d\" data-image-id=\"9352\" data-src=\"https:\/\/wernerdeck.de\/blog\/wp-content\/gallery\/kirche-san-jeronimo\/Die-Kirche-San-Jeronimo-el-Real-in-Madrid-02.jpg\" data-thumbnail=\"https:\/\/wernerdeck.de\/blog\/wp-content\/gallery\/kirche-san-jeronimo\/thumbs\/thumbs_Die-Kirche-San-Jeronimo-el-Real-in-Madrid-02.jpg\" data-title=\"Die-Kirche-San-Jeronimo-el-Real-in-Madrid-02\" data-description=\" \" >\n\t\t\t\t\t\t\t\t<img title=\"Die-Kirche-San-Jeronimo-el-Real-in-Madrid-02\" alt=\"Die-Kirche-San-Jeronimo-el-Real-in-Madrid-02\" src=\"https:\/\/wernerdeck.de\/blog\/wp-content\/gallery\/kirche-san-jeronimo\/thumbs\/thumbs_Die-Kirche-San-Jeronimo-el-Real-in-Madrid-02.jpg\" width='240' height='160' \/>\n\t\t\t\t\t\t\t<\/a>\n\t\t\t<span>\n\t\t\t \t\t\t<\/span>\n\t\t<\/div>\n\t<\/div>\n\t\t\t\t\t\t\t\t\n\t<div id=\"ngg-image-9350\" class=\"ngg-gallery-thumbnail-box\" style=\"width:33%;\" >\n\t\t<div class=\"ngg-gallery-thumbnail\" >\n\t\t\t<a href=\"https:\/\/wernerdeck.de\/blog\/wp-content\/gallery\/kirche-san-jeronimo\/Die-Kirche-San-Jeronimo-el-Real-in-Madrid-03.jpg\"\n\t\t\t\ttitle=\" \"\n\t\t\t\tclass=\"ngg-simplelightbox\" rel=\"d38bac7199a40937ecc38355952ff97d\" data-image-id=\"9350\" data-src=\"https:\/\/wernerdeck.de\/blog\/wp-content\/gallery\/kirche-san-jeronimo\/Die-Kirche-San-Jeronimo-el-Real-in-Madrid-03.jpg\" data-thumbnail=\"https:\/\/wernerdeck.de\/blog\/wp-content\/gallery\/kirche-san-jeronimo\/thumbs\/thumbs_Die-Kirche-San-Jeronimo-el-Real-in-Madrid-03.jpg\" data-title=\"Die-Kirche-San-Jeronimo-el-Real-in-Madrid-03\" data-description=\" \" >\n\t\t\t\t\t\t\t\t<img title=\"Die-Kirche-San-Jeronimo-el-Real-in-Madrid-03\" alt=\"Die-Kirche-San-Jeronimo-el-Real-in-Madrid-03\" src=\"https:\/\/wernerdeck.de\/blog\/wp-content\/gallery\/kirche-san-jeronimo\/thumbs\/thumbs_Die-Kirche-San-Jeronimo-el-Real-in-Madrid-03.jpg\" width='240' height='160' \/>\n\t\t\t\t\t\t\t<\/a>\n\t\t\t<span>\n\t\t\t \t\t\t<\/span>\n\t\t<\/div>\n\t<\/div>\n\t\t\t\t\t\t\t<br style=\"clear: both\" \/>\n\t\t\t\n\t<div id=\"ngg-image-9353\" class=\"ngg-gallery-thumbnail-box\" style=\"width:33%;\" >\n\t\t<div class=\"ngg-gallery-thumbnail\" >\n\t\t\t<a href=\"https:\/\/wernerdeck.de\/blog\/wp-content\/gallery\/kirche-san-jeronimo\/Die-Kirche-San-Jeronimo-el-Real-in-Madrid-04.jpg\"\n\t\t\t\ttitle=\" \"\n\t\t\t\tclass=\"ngg-simplelightbox\" rel=\"d38bac7199a40937ecc38355952ff97d\" data-image-id=\"9353\" data-src=\"https:\/\/wernerdeck.de\/blog\/wp-content\/gallery\/kirche-san-jeronimo\/Die-Kirche-San-Jeronimo-el-Real-in-Madrid-04.jpg\" data-thumbnail=\"https:\/\/wernerdeck.de\/blog\/wp-content\/gallery\/kirche-san-jeronimo\/thumbs\/thumbs_Die-Kirche-San-Jeronimo-el-Real-in-Madrid-04.jpg\" data-title=\"Die-Kirche-San-Jeronimo-el-Real-in-Madrid-04\" data-description=\" \" >\n\t\t\t\t\t\t\t\t<img title=\"Die-Kirche-San-Jeronimo-el-Real-in-Madrid-04\" alt=\"Die-Kirche-San-Jeronimo-el-Real-in-Madrid-04\" src=\"https:\/\/wernerdeck.de\/blog\/wp-content\/gallery\/kirche-san-jeronimo\/thumbs\/thumbs_Die-Kirche-San-Jeronimo-el-Real-in-Madrid-04.jpg\" width='240' height='160' \/>\n\t\t\t\t\t\t\t<\/a>\n\t\t\t<span>\n\t\t\t \t\t\t<\/span>\n\t\t<\/div>\n\t<\/div>\n\t\t\t\t\t\t\t\t\n\t<div id=\"ngg-image-9351\" class=\"ngg-gallery-thumbnail-box\" style=\"width:33%;\" >\n\t\t<div class=\"ngg-gallery-thumbnail\" >\n\t\t\t<a href=\"https:\/\/wernerdeck.de\/blog\/wp-content\/gallery\/kirche-san-jeronimo\/Die-Kirche-San-Jeronimo-el-Real-in-Madrid-05.jpg\"\n\t\t\t\ttitle=\" \"\n\t\t\t\tclass=\"ngg-simplelightbox\" rel=\"d38bac7199a40937ecc38355952ff97d\" data-image-id=\"9351\" data-src=\"https:\/\/wernerdeck.de\/blog\/wp-content\/gallery\/kirche-san-jeronimo\/Die-Kirche-San-Jeronimo-el-Real-in-Madrid-05.jpg\" data-thumbnail=\"https:\/\/wernerdeck.de\/blog\/wp-content\/gallery\/kirche-san-jeronimo\/thumbs\/thumbs_Die-Kirche-San-Jeronimo-el-Real-in-Madrid-05.jpg\" data-title=\"Die-Kirche-San-Jeronimo-el-Real-in-Madrid-05\" data-description=\" \" >\n\t\t\t\t\t\t\t\t<img title=\"Die-Kirche-San-Jeronimo-el-Real-in-Madrid-05\" alt=\"Die-Kirche-San-Jeronimo-el-Real-in-Madrid-05\" src=\"https:\/\/wernerdeck.de\/blog\/wp-content\/gallery\/kirche-san-jeronimo\/thumbs\/thumbs_Die-Kirche-San-Jeronimo-el-Real-in-Madrid-05.jpg\" width='240' height='160' \/>\n\t\t\t\t\t\t\t<\/a>\n\t\t\t<span>\n\t\t\t \t\t\t<\/span>\n\t\t<\/div>\n\t<\/div>\n\t\t\t\t\t\t\t\t\n\t<!-- Pagination -->\n\t\t<div class='ngg-clear'><\/div>\t\n<\/div>\n\n\tVon hier aus waren es nur wenige hundert Meter zum <a href=\"https:\/\/www.esmadrid.com\/de\/touristeninformation\/parque-del-retiro\" target=\"_blank\" rel=\"noopener\">ber\u00fchmten Retiro-Park<\/a>. Der Retiro-Park, offiziell bekannt als Parque del Retiro, ist eine der bedeutendsten Gr\u00fcnanlagen in Madrid und erstreckt sich \u00fcber 1,43 km\u00b2. Er wurde urspr\u00fcnglich im 17. Jahrhundert als k\u00f6niglicher Garten angelegt. Der Park ist seit 2021 UNESCO-Weltkulturerbe und bietet eine Vielzahl von Attraktionen, darunter Denkm\u00e4ler, G\u00e4rten und kulturelle Einrichtungen.<\/p>\n<p>Ein zentrales Element des Parks ist der gro\u00dfe k\u00fcnstliche See, bekannt als Estanque del Retiro, der von einem beeindruckenden Reiterdenkmal zu Ehren von K\u00f6nig Alfonso XII. \u00fcberragt wird. Das Denkmal wurde 1922 eingeweiht, ist ein sehr beliebter Fotostopp.<\/p>\n<p>\n<div class=\"ngg-galleryoverview ngg-template-caption\" id=\"ngg-gallery-c5c009df8aae9452965204ba1a42122c-18713\">\n\n\t\t\n\t<!-- Thumbnails -->\n\t\t\t\t\t\n\t<div id=\"ngg-image-9358\" class=\"ngg-gallery-thumbnail-box\" style=\"width:20%;\" >\n\t\t<div class=\"ngg-gallery-thumbnail\" >\n\t\t\t<a href=\"https:\/\/wernerdeck.de\/blog\/wp-content\/gallery\/retiro-park\/Der-beruehmte-Retiro-Park-in-Madrid-01.jpg\"\n\t\t\t\ttitle=\"Wasser kaufen\"\n\t\t\t\tclass=\"ngg-simplelightbox\" rel=\"c5c009df8aae9452965204ba1a42122c\" data-image-id=\"9358\" data-src=\"https:\/\/wernerdeck.de\/blog\/wp-content\/gallery\/retiro-park\/Der-beruehmte-Retiro-Park-in-Madrid-01.jpg\" data-thumbnail=\"https:\/\/wernerdeck.de\/blog\/wp-content\/gallery\/retiro-park\/thumbs\/thumbs_Der-beruehmte-Retiro-Park-in-Madrid-01.jpg\" data-title=\"Der-beruehmte-Retiro-Park-in-Madrid-01\" data-description=\"Wasser kaufen\" >\n\t\t\t\t\t\t\t\t<img title=\"Der-beruehmte-Retiro-Park-in-Madrid-01\" alt=\"Der-beruehmte-Retiro-Park-in-Madrid-01\" src=\"https:\/\/wernerdeck.de\/blog\/wp-content\/gallery\/retiro-park\/thumbs\/thumbs_Der-beruehmte-Retiro-Park-in-Madrid-01.jpg\" width='240' height='160' \/>\n\t\t\t\t\t\t\t<\/a>\n\t\t\t<span>\n\t\t\tWasser kaufen\t\t\t<\/span>\n\t\t<\/div>\n\t<\/div>\n\t\t\t\t\t\t\t\t\n\t<div id=\"ngg-image-9355\" class=\"ngg-gallery-thumbnail-box\" style=\"width:20%;\" >\n\t\t<div class=\"ngg-gallery-thumbnail\" >\n\t\t\t<a href=\"https:\/\/wernerdeck.de\/blog\/wp-content\/gallery\/retiro-park\/Der-beruehmte-Retiro-Park-in-Madrid-02.jpg\"\n\t\t\t\ttitle=\"Der Eingang zum Retiro-Park\"\n\t\t\t\tclass=\"ngg-simplelightbox\" rel=\"c5c009df8aae9452965204ba1a42122c\" data-image-id=\"9355\" data-src=\"https:\/\/wernerdeck.de\/blog\/wp-content\/gallery\/retiro-park\/Der-beruehmte-Retiro-Park-in-Madrid-02.jpg\" data-thumbnail=\"https:\/\/wernerdeck.de\/blog\/wp-content\/gallery\/retiro-park\/thumbs\/thumbs_Der-beruehmte-Retiro-Park-in-Madrid-02.jpg\" data-title=\"Der-beruehmte-Retiro-Park-in-Madrid-02\" data-description=\"Der Eingang zum Retiro-Park\" >\n\t\t\t\t\t\t\t\t<img title=\"Der-beruehmte-Retiro-Park-in-Madrid-02\" alt=\"Der-beruehmte-Retiro-Park-in-Madrid-02\" src=\"https:\/\/wernerdeck.de\/blog\/wp-content\/gallery\/retiro-park\/thumbs\/thumbs_Der-beruehmte-Retiro-Park-in-Madrid-02.jpg\" width='240' height='160' \/>\n\t\t\t\t\t\t\t<\/a>\n\t\t\t<span>\n\t\t\tDer Eingang zum Retiro-Park\t\t\t<\/span>\n\t\t<\/div>\n\t<\/div>\n\t\t\t\t\t\t\t\t\n\t<div id=\"ngg-image-9359\" class=\"ngg-gallery-thumbnail-box\" style=\"width:20%;\" >\n\t\t<div class=\"ngg-gallery-thumbnail\" >\n\t\t\t<a href=\"https:\/\/wernerdeck.de\/blog\/wp-content\/gallery\/retiro-park\/Der-beruehmte-Retiro-Park-in-Madrid-03.jpg\"\n\t\t\t\ttitle=\"Kunstvolle B\u00e4ume\"\n\t\t\t\tclass=\"ngg-simplelightbox\" rel=\"c5c009df8aae9452965204ba1a42122c\" data-image-id=\"9359\" data-src=\"https:\/\/wernerdeck.de\/blog\/wp-content\/gallery\/retiro-park\/Der-beruehmte-Retiro-Park-in-Madrid-03.jpg\" data-thumbnail=\"https:\/\/wernerdeck.de\/blog\/wp-content\/gallery\/retiro-park\/thumbs\/thumbs_Der-beruehmte-Retiro-Park-in-Madrid-03.jpg\" data-title=\"Der-beruehmte-Retiro-Park-in-Madrid-03\" data-description=\"Kunstvolle B\u00e4ume\" >\n\t\t\t\t\t\t\t\t<img title=\"Der-beruehmte-Retiro-Park-in-Madrid-03\" alt=\"Der-beruehmte-Retiro-Park-in-Madrid-03\" src=\"https:\/\/wernerdeck.de\/blog\/wp-content\/gallery\/retiro-park\/thumbs\/thumbs_Der-beruehmte-Retiro-Park-in-Madrid-03.jpg\" width='240' height='160' \/>\n\t\t\t\t\t\t\t<\/a>\n\t\t\t<span>\n\t\t\tKunstvolle B\u00e4ume\t\t\t<\/span>\n\t\t<\/div>\n\t<\/div>\n\t\t\t\t\t\t\t\t\n\t<div id=\"ngg-image-9356\" class=\"ngg-gallery-thumbnail-box\" style=\"width:20%;\" >\n\t\t<div class=\"ngg-gallery-thumbnail\" >\n\t\t\t<a href=\"https:\/\/wernerdeck.de\/blog\/wp-content\/gallery\/retiro-park\/Der-beruehmte-Retiro-Park-in-Madrid-04.jpg\"\n\t\t\t\ttitle=\"Mit der Sonne um die Wette strahlen\"\n\t\t\t\tclass=\"ngg-simplelightbox\" rel=\"c5c009df8aae9452965204ba1a42122c\" data-image-id=\"9356\" data-src=\"https:\/\/wernerdeck.de\/blog\/wp-content\/gallery\/retiro-park\/Der-beruehmte-Retiro-Park-in-Madrid-04.jpg\" data-thumbnail=\"https:\/\/wernerdeck.de\/blog\/wp-content\/gallery\/retiro-park\/thumbs\/thumbs_Der-beruehmte-Retiro-Park-in-Madrid-04.jpg\" data-title=\"Der-beruehmte-Retiro-Park-in-Madrid-04\" data-description=\"Mit der Sonne um die Wette strahlen\" >\n\t\t\t\t\t\t\t\t<img title=\"Der-beruehmte-Retiro-Park-in-Madrid-04\" alt=\"Der-beruehmte-Retiro-Park-in-Madrid-04\" src=\"https:\/\/wernerdeck.de\/blog\/wp-content\/gallery\/retiro-park\/thumbs\/thumbs_Der-beruehmte-Retiro-Park-in-Madrid-04.jpg\" width='240' height='160' \/>\n\t\t\t\t\t\t\t<\/a>\n\t\t\t<span>\n\t\t\tMit der Sonne um die Wette strahlen\t\t\t<\/span>\n\t\t<\/div>\n\t<\/div>\n\t\t\t\t\t\t\t\t\n\t<div id=\"ngg-image-9360\" class=\"ngg-gallery-thumbnail-box\" style=\"width:20%;\" >\n\t\t<div class=\"ngg-gallery-thumbnail\" >\n\t\t\t<a href=\"https:\/\/wernerdeck.de\/blog\/wp-content\/gallery\/retiro-park\/Der-beruehmte-Retiro-Park-in-Madrid-05.jpg\"\n\t\t\t\ttitle=\" \"\n\t\t\t\tclass=\"ngg-simplelightbox\" rel=\"c5c009df8aae9452965204ba1a42122c\" data-image-id=\"9360\" data-src=\"https:\/\/wernerdeck.de\/blog\/wp-content\/gallery\/retiro-park\/Der-beruehmte-Retiro-Park-in-Madrid-05.jpg\" data-thumbnail=\"https:\/\/wernerdeck.de\/blog\/wp-content\/gallery\/retiro-park\/thumbs\/thumbs_Der-beruehmte-Retiro-Park-in-Madrid-05.jpg\" data-title=\"Der-beruehmte-Retiro-Park-in-Madrid-05\" data-description=\" \" >\n\t\t\t\t\t\t\t\t<img title=\"Der-beruehmte-Retiro-Park-in-Madrid-05\" alt=\"Der-beruehmte-Retiro-Park-in-Madrid-05\" src=\"https:\/\/wernerdeck.de\/blog\/wp-content\/gallery\/retiro-park\/thumbs\/thumbs_Der-beruehmte-Retiro-Park-in-Madrid-05.jpg\" width='240' height='160' \/>\n\t\t\t\t\t\t\t<\/a>\n\t\t\t<span>\n\t\t\t \t\t\t<\/span>\n\t\t<\/div>\n\t<\/div>\n\t\t\t\t\t\t\t<br style=\"clear: both\" \/>\n\t\t\t\n\t<div id=\"ngg-image-9357\" class=\"ngg-gallery-thumbnail-box\" style=\"width:20%;\" >\n\t\t<div class=\"ngg-gallery-thumbnail\" >\n\t\t\t<a href=\"https:\/\/wernerdeck.de\/blog\/wp-content\/gallery\/retiro-park\/Der-beruehmte-Retiro-Park-in-Madrid-06.jpg\"\n\t\t\t\ttitle=\"Pause nach der Anstrengung\"\n\t\t\t\tclass=\"ngg-simplelightbox\" rel=\"c5c009df8aae9452965204ba1a42122c\" data-image-id=\"9357\" data-src=\"https:\/\/wernerdeck.de\/blog\/wp-content\/gallery\/retiro-park\/Der-beruehmte-Retiro-Park-in-Madrid-06.jpg\" data-thumbnail=\"https:\/\/wernerdeck.de\/blog\/wp-content\/gallery\/retiro-park\/thumbs\/thumbs_Der-beruehmte-Retiro-Park-in-Madrid-06.jpg\" data-title=\"Der-beruehmte-Retiro-Park-in-Madrid-06\" data-description=\"Pause nach der Anstrengung\" >\n\t\t\t\t\t\t\t\t<img title=\"Der-beruehmte-Retiro-Park-in-Madrid-06\" alt=\"Der-beruehmte-Retiro-Park-in-Madrid-06\" src=\"https:\/\/wernerdeck.de\/blog\/wp-content\/gallery\/retiro-park\/thumbs\/thumbs_Der-beruehmte-Retiro-Park-in-Madrid-06.jpg\" width='240' height='160' \/>\n\t\t\t\t\t\t\t<\/a>\n\t\t\t<span>\n\t\t\tPause nach der Anstrengung\t\t\t<\/span>\n\t\t<\/div>\n\t<\/div>\n\t\t\t\t\t\t\t\t\n\t<div id=\"ngg-image-9361\" class=\"ngg-gallery-thumbnail-box\" style=\"width:20%;\" >\n\t\t<div class=\"ngg-gallery-thumbnail\" >\n\t\t\t<a href=\"https:\/\/wernerdeck.de\/blog\/wp-content\/gallery\/retiro-park\/Der-beruehmte-Retiro-Park-in-Madrid-07.jpg\"\n\t\t\t\ttitle=\"St\u00e4rkung\"\n\t\t\t\tclass=\"ngg-simplelightbox\" rel=\"c5c009df8aae9452965204ba1a42122c\" data-image-id=\"9361\" data-src=\"https:\/\/wernerdeck.de\/blog\/wp-content\/gallery\/retiro-park\/Der-beruehmte-Retiro-Park-in-Madrid-07.jpg\" data-thumbnail=\"https:\/\/wernerdeck.de\/blog\/wp-content\/gallery\/retiro-park\/thumbs\/thumbs_Der-beruehmte-Retiro-Park-in-Madrid-07.jpg\" data-title=\"Der-beruehmte-Retiro-Park-in-Madrid-07\" data-description=\"St\u00e4rkung\" >\n\t\t\t\t\t\t\t\t<img title=\"Der-beruehmte-Retiro-Park-in-Madrid-07\" alt=\"Der-beruehmte-Retiro-Park-in-Madrid-07\" src=\"https:\/\/wernerdeck.de\/blog\/wp-content\/gallery\/retiro-park\/thumbs\/thumbs_Der-beruehmte-Retiro-Park-in-Madrid-07.jpg\" width='240' height='160' \/>\n\t\t\t\t\t\t\t<\/a>\n\t\t\t<span>\n\t\t\tSt\u00e4rkung\t\t\t<\/span>\n\t\t<\/div>\n\t<\/div>\n\t\t\t\t\t\t\t\t\n\t<div id=\"ngg-image-9363\" class=\"ngg-gallery-thumbnail-box\" style=\"width:20%;\" >\n\t\t<div class=\"ngg-gallery-thumbnail\" >\n\t\t\t<a href=\"https:\/\/wernerdeck.de\/blog\/wp-content\/gallery\/retiro-park\/Der-beruehmte-Retiro-Park-in-Madrid-08.jpg\"\n\t\t\t\ttitle=\"Reiterdenkmal zu Ehren von K\u00f6nig Alfonso XII.\"\n\t\t\t\tclass=\"ngg-simplelightbox\" rel=\"c5c009df8aae9452965204ba1a42122c\" data-image-id=\"9363\" data-src=\"https:\/\/wernerdeck.de\/blog\/wp-content\/gallery\/retiro-park\/Der-beruehmte-Retiro-Park-in-Madrid-08.jpg\" data-thumbnail=\"https:\/\/wernerdeck.de\/blog\/wp-content\/gallery\/retiro-park\/thumbs\/thumbs_Der-beruehmte-Retiro-Park-in-Madrid-08.jpg\" data-title=\"Der-beruehmte-Retiro-Park-in-Madrid-08\" data-description=\"Reiterdenkmal zu Ehren von K\u00f6nig Alfonso XII.\" >\n\t\t\t\t\t\t\t\t<img title=\"Der-beruehmte-Retiro-Park-in-Madrid-08\" alt=\"Der-beruehmte-Retiro-Park-in-Madrid-08\" src=\"https:\/\/wernerdeck.de\/blog\/wp-content\/gallery\/retiro-park\/thumbs\/thumbs_Der-beruehmte-Retiro-Park-in-Madrid-08.jpg\" width='240' height='160' \/>\n\t\t\t\t\t\t\t<\/a>\n\t\t\t<span>\n\t\t\tReiterdenkmal zu Ehren von K\u00f6nig Alfonso XII.\t\t\t<\/span>\n\t\t<\/div>\n\t<\/div>\n\t\t\t\t\t\t\t\t\n\t<div id=\"ngg-image-9364\" class=\"ngg-gallery-thumbnail-box\" style=\"width:20%;\" >\n\t\t<div class=\"ngg-gallery-thumbnail\" >\n\t\t\t<a href=\"https:\/\/wernerdeck.de\/blog\/wp-content\/gallery\/retiro-park\/Der-beruehmte-Retiro-Park-in-Madrid-09.jpg\"\n\t\t\t\ttitle=\" \"\n\t\t\t\tclass=\"ngg-simplelightbox\" rel=\"c5c009df8aae9452965204ba1a42122c\" data-image-id=\"9364\" data-src=\"https:\/\/wernerdeck.de\/blog\/wp-content\/gallery\/retiro-park\/Der-beruehmte-Retiro-Park-in-Madrid-09.jpg\" data-thumbnail=\"https:\/\/wernerdeck.de\/blog\/wp-content\/gallery\/retiro-park\/thumbs\/thumbs_Der-beruehmte-Retiro-Park-in-Madrid-09.jpg\" data-title=\"Der-beruehmte-Retiro-Park-in-Madrid-09\" data-description=\" \" >\n\t\t\t\t\t\t\t\t<img title=\"Der-beruehmte-Retiro-Park-in-Madrid-09\" alt=\"Der-beruehmte-Retiro-Park-in-Madrid-09\" src=\"https:\/\/wernerdeck.de\/blog\/wp-content\/gallery\/retiro-park\/thumbs\/thumbs_Der-beruehmte-Retiro-Park-in-Madrid-09.jpg\" width='240' height='160' \/>\n\t\t\t\t\t\t\t<\/a>\n\t\t\t<span>\n\t\t\t \t\t\t<\/span>\n\t\t<\/div>\n\t<\/div>\n\t\t\t\t\t\t\t\t\n\t<div id=\"ngg-image-9362\" class=\"ngg-gallery-thumbnail-box\" style=\"width:20%;\" >\n\t\t<div class=\"ngg-gallery-thumbnail\" >\n\t\t\t<a href=\"https:\/\/wernerdeck.de\/blog\/wp-content\/gallery\/retiro-park\/Der-beruehmte-Retiro-Park-in-Madrid-10.jpg\"\n\t\t\t\ttitle=\"Der k\u00fcnstliche See\"\n\t\t\t\tclass=\"ngg-simplelightbox\" rel=\"c5c009df8aae9452965204ba1a42122c\" data-image-id=\"9362\" data-src=\"https:\/\/wernerdeck.de\/blog\/wp-content\/gallery\/retiro-park\/Der-beruehmte-Retiro-Park-in-Madrid-10.jpg\" data-thumbnail=\"https:\/\/wernerdeck.de\/blog\/wp-content\/gallery\/retiro-park\/thumbs\/thumbs_Der-beruehmte-Retiro-Park-in-Madrid-10.jpg\" data-title=\"Der-beruehmte-Retiro-Park-in-Madrid-10\" data-description=\"Der k\u00fcnstliche See\" >\n\t\t\t\t\t\t\t\t<img title=\"Der-beruehmte-Retiro-Park-in-Madrid-10\" alt=\"Der-beruehmte-Retiro-Park-in-Madrid-10\" src=\"https:\/\/wernerdeck.de\/blog\/wp-content\/gallery\/retiro-park\/thumbs\/thumbs_Der-beruehmte-Retiro-Park-in-Madrid-10.jpg\" width='240' height='160' \/>\n\t\t\t\t\t\t\t<\/a>\n\t\t\t<span>\n\t\t\tDer k\u00fcnstliche See\t\t\t<\/span>\n\t\t<\/div>\n\t<\/div>\n\t\t\t\t\t\t\t<br style=\"clear: both\" \/>\n\t\t\t\n\t<!-- Pagination -->\n\t\t<div class='ngg-clear'><\/div>\t\n<\/div>\n\n\tInnerhalb des Retiro-Parks liegt noch eine besondere Attraktion, der <a href=\"https:\/\/www.esmadrid.com\/de\/touristeninformation\/palacio-de-cristal\" target=\"_blank\" rel=\"noopener\">Kristallpalast, Palacio de Cristal<\/a>. Vom k\u00fcnstlichen See aus waren das etwa 10 Minuten Fu\u00dfweg. Der Kristallpalast wird derzeit renoviert und war deshalb geschlosen.<\/p>\n<p><span style=\"font-weight: 400;\">Der Kristallpalast wurde 1887 von Architekt Ricardo Vel\u00e1zquez Bosco erbaut. Urspr\u00fcnglich diente er als Gew\u00e4chshaus f\u00fcr eine Ausstellung exotischer Pflanzen von den Philippinen. Das Geb\u00e4ude ist ein herausragendes Beispiel der Eisenarchitektur in Madrid, inspiriert vom Crystal Palace in London.<\/span><\/p>\n<p><span style=\"font-weight: 400;\">Der Palast besteht aus einer beeindruckenden Glas- und Metallkonstruktion und liegt malerisch an einem k\u00fcnstlichen See. Seine keramische Dekoration wurde von Daniel Zuloaga gestaltet. <\/span><span style=\"font-weight: 400;\">Im Laufe der Zeit wandelte sich die Funktion des Geb\u00e4udes. Heute dient es als Ausstellungsraum f\u00fcr zeitgen\u00f6ssische Kunst unter der Verwaltung des Museo Reina Sofia. Der Eintritt ist frei.<\/span><\/p>\n<p>\n<div class=\"ngg-galleryoverview ngg-template-caption\" id=\"ngg-gallery-1bc7d29af6403640466b23ab5f92a559-18713\">\n\n\t\t\n\t<!-- Thumbnails -->\n\t\t\t\t\t\n\t<div id=\"ngg-image-9366\" class=\"ngg-gallery-thumbnail-box\" style=\"width:25%;\" >\n\t\t<div class=\"ngg-gallery-thumbnail\" >\n\t\t\t<a href=\"https:\/\/wernerdeck.de\/blog\/wp-content\/gallery\/kristallpalast\/Der-Kristallpalas-Palacio-de-Cristal-im-Retiro-Park-in-Madrid-01.jpg\"\n\t\t\t\ttitle=\"Auf zum Kristallpalst\"\n\t\t\t\tclass=\"ngg-simplelightbox\" rel=\"1bc7d29af6403640466b23ab5f92a559\" data-image-id=\"9366\" data-src=\"https:\/\/wernerdeck.de\/blog\/wp-content\/gallery\/kristallpalast\/Der-Kristallpalas-Palacio-de-Cristal-im-Retiro-Park-in-Madrid-01.jpg\" data-thumbnail=\"https:\/\/wernerdeck.de\/blog\/wp-content\/gallery\/kristallpalast\/thumbs\/thumbs_Der-Kristallpalas-Palacio-de-Cristal-im-Retiro-Park-in-Madrid-01.jpg\" data-title=\"Der-Kristallpalas-Palacio-de-Cristal-im-Retiro-Park-in-Madrid-01\" data-description=\"Auf zum Kristallpalst\" >\n\t\t\t\t\t\t\t\t<img title=\"Der-Kristallpalas-Palacio-de-Cristal-im-Retiro-Park-in-Madrid-01\" alt=\"Der-Kristallpalas-Palacio-de-Cristal-im-Retiro-Park-in-Madrid-01\" src=\"https:\/\/wernerdeck.de\/blog\/wp-content\/gallery\/kristallpalast\/thumbs\/thumbs_Der-Kristallpalas-Palacio-de-Cristal-im-Retiro-Park-in-Madrid-01.jpg\" width='240' height='160' \/>\n\t\t\t\t\t\t\t<\/a>\n\t\t\t<span>\n\t\t\tAuf zum Kristallpalst\t\t\t<\/span>\n\t\t<\/div>\n\t<\/div>\n\t\t\t\t\t\t\t\t\n\t<div id=\"ngg-image-9369\" class=\"ngg-gallery-thumbnail-box\" style=\"width:25%;\" >\n\t\t<div class=\"ngg-gallery-thumbnail\" >\n\t\t\t<a href=\"https:\/\/wernerdeck.de\/blog\/wp-content\/gallery\/kristallpalast\/Der-Kristallpalas-Palacio-de-Cristal-im-Retiro-Park-in-Madrid-02.jpg\"\n\t\t\t\ttitle=\"Ein leerer Kristallpalast\"\n\t\t\t\tclass=\"ngg-simplelightbox\" rel=\"1bc7d29af6403640466b23ab5f92a559\" data-image-id=\"9369\" data-src=\"https:\/\/wernerdeck.de\/blog\/wp-content\/gallery\/kristallpalast\/Der-Kristallpalas-Palacio-de-Cristal-im-Retiro-Park-in-Madrid-02.jpg\" data-thumbnail=\"https:\/\/wernerdeck.de\/blog\/wp-content\/gallery\/kristallpalast\/thumbs\/thumbs_Der-Kristallpalas-Palacio-de-Cristal-im-Retiro-Park-in-Madrid-02.jpg\" data-title=\"Der-Kristallpalas-Palacio-de-Cristal-im-Retiro-Park-in-Madrid-02\" data-description=\"Ein leerer Kristallpalast\" >\n\t\t\t\t\t\t\t\t<img title=\"Der-Kristallpalas-Palacio-de-Cristal-im-Retiro-Park-in-Madrid-02\" alt=\"Der-Kristallpalas-Palacio-de-Cristal-im-Retiro-Park-in-Madrid-02\" src=\"https:\/\/wernerdeck.de\/blog\/wp-content\/gallery\/kristallpalast\/thumbs\/thumbs_Der-Kristallpalas-Palacio-de-Cristal-im-Retiro-Park-in-Madrid-02.jpg\" width='240' height='160' \/>\n\t\t\t\t\t\t\t<\/a>\n\t\t\t<span>\n\t\t\tEin leerer Kristallpalast\t\t\t<\/span>\n\t\t<\/div>\n\t<\/div>\n\t\t\t\t\t\t\t\t\n\t<div id=\"ngg-image-9370\" class=\"ngg-gallery-thumbnail-box\" style=\"width:25%;\" >\n\t\t<div class=\"ngg-gallery-thumbnail\" >\n\t\t\t<a href=\"https:\/\/wernerdeck.de\/blog\/wp-content\/gallery\/kristallpalast\/Der-Kristallpalas-Palacio-de-Cristal-im-Retiro-Park-in-Madrid-03.jpg\"\n\t\t\t\ttitle=\"Weiterer k\u00fcnstlicher See\"\n\t\t\t\tclass=\"ngg-simplelightbox\" rel=\"1bc7d29af6403640466b23ab5f92a559\" data-image-id=\"9370\" data-src=\"https:\/\/wernerdeck.de\/blog\/wp-content\/gallery\/kristallpalast\/Der-Kristallpalas-Palacio-de-Cristal-im-Retiro-Park-in-Madrid-03.jpg\" data-thumbnail=\"https:\/\/wernerdeck.de\/blog\/wp-content\/gallery\/kristallpalast\/thumbs\/thumbs_Der-Kristallpalas-Palacio-de-Cristal-im-Retiro-Park-in-Madrid-03.jpg\" data-title=\"Der-Kristallpalas-Palacio-de-Cristal-im-Retiro-Park-in-Madrid-03\" data-description=\"Weiterer k\u00fcnstlicher See\" >\n\t\t\t\t\t\t\t\t<img title=\"Der-Kristallpalas-Palacio-de-Cristal-im-Retiro-Park-in-Madrid-03\" alt=\"Der-Kristallpalas-Palacio-de-Cristal-im-Retiro-Park-in-Madrid-03\" src=\"https:\/\/wernerdeck.de\/blog\/wp-content\/gallery\/kristallpalast\/thumbs\/thumbs_Der-Kristallpalas-Palacio-de-Cristal-im-Retiro-Park-in-Madrid-03.jpg\" width='240' height='160' \/>\n\t\t\t\t\t\t\t<\/a>\n\t\t\t<span>\n\t\t\tWeiterer k\u00fcnstlicher See\t\t\t<\/span>\n\t\t<\/div>\n\t<\/div>\n\t\t\t\t\t\t\t\t\n\t<div id=\"ngg-image-9368\" class=\"ngg-gallery-thumbnail-box\" style=\"width:25%;\" >\n\t\t<div class=\"ngg-gallery-thumbnail\" >\n\t\t\t<a href=\"https:\/\/wernerdeck.de\/blog\/wp-content\/gallery\/kristallpalast\/Der-Kristallpalas-Palacio-de-Cristal-im-Retiro-Park-in-Madrid-04.jpg\"\n\t\t\t\ttitle=\"Keramische Dekoration\"\n\t\t\t\tclass=\"ngg-simplelightbox\" rel=\"1bc7d29af6403640466b23ab5f92a559\" data-image-id=\"9368\" data-src=\"https:\/\/wernerdeck.de\/blog\/wp-content\/gallery\/kristallpalast\/Der-Kristallpalas-Palacio-de-Cristal-im-Retiro-Park-in-Madrid-04.jpg\" data-thumbnail=\"https:\/\/wernerdeck.de\/blog\/wp-content\/gallery\/kristallpalast\/thumbs\/thumbs_Der-Kristallpalas-Palacio-de-Cristal-im-Retiro-Park-in-Madrid-04.jpg\" data-title=\"Der-Kristallpalas-Palacio-de-Cristal-im-Retiro-Park-in-Madrid-04\" data-description=\"Keramische Dekoration\" >\n\t\t\t\t\t\t\t\t<img title=\"Der-Kristallpalas-Palacio-de-Cristal-im-Retiro-Park-in-Madrid-04\" alt=\"Der-Kristallpalas-Palacio-de-Cristal-im-Retiro-Park-in-Madrid-04\" src=\"https:\/\/wernerdeck.de\/blog\/wp-content\/gallery\/kristallpalast\/thumbs\/thumbs_Der-Kristallpalas-Palacio-de-Cristal-im-Retiro-Park-in-Madrid-04.jpg\" width='240' height='160' \/>\n\t\t\t\t\t\t\t<\/a>\n\t\t\t<span>\n\t\t\tKeramische Dekoration\t\t\t<\/span>\n\t\t<\/div>\n\t<\/div>\n\t\t\t\t\t\t\t<br style=\"clear: both\" \/>\n\t\t\t\n\t<div id=\"ngg-image-9365\" class=\"ngg-gallery-thumbnail-box\" style=\"width:25%;\" >\n\t\t<div class=\"ngg-gallery-thumbnail\" >\n\t\t\t<a href=\"https:\/\/wernerdeck.de\/blog\/wp-content\/gallery\/kristallpalast\/Der-Kristallpalas-Palacio-de-Cristal-im-Retiro-Park-in-Madrid-05.jpg\"\n\t\t\t\ttitle=\"Es fehlt Farbe\"\n\t\t\t\tclass=\"ngg-simplelightbox\" rel=\"1bc7d29af6403640466b23ab5f92a559\" data-image-id=\"9365\" data-src=\"https:\/\/wernerdeck.de\/blog\/wp-content\/gallery\/kristallpalast\/Der-Kristallpalas-Palacio-de-Cristal-im-Retiro-Park-in-Madrid-05.jpg\" data-thumbnail=\"https:\/\/wernerdeck.de\/blog\/wp-content\/gallery\/kristallpalast\/thumbs\/thumbs_Der-Kristallpalas-Palacio-de-Cristal-im-Retiro-Park-in-Madrid-05.jpg\" data-title=\"Der-Kristallpalas-Palacio-de-Cristal-im-Retiro-Park-in-Madrid-05\" data-description=\"Es fehlt Farbe\" >\n\t\t\t\t\t\t\t\t<img title=\"Der-Kristallpalas-Palacio-de-Cristal-im-Retiro-Park-in-Madrid-05\" alt=\"Der-Kristallpalas-Palacio-de-Cristal-im-Retiro-Park-in-Madrid-05\" src=\"https:\/\/wernerdeck.de\/blog\/wp-content\/gallery\/kristallpalast\/thumbs\/thumbs_Der-Kristallpalas-Palacio-de-Cristal-im-Retiro-Park-in-Madrid-05.jpg\" width='240' height='160' \/>\n\t\t\t\t\t\t\t<\/a>\n\t\t\t<span>\n\t\t\tEs fehlt Farbe\t\t\t<\/span>\n\t\t<\/div>\n\t<\/div>\n\t\t\t\t\t\t\t\t\n\t<div id=\"ngg-image-9371\" class=\"ngg-gallery-thumbnail-box\" style=\"width:25%;\" >\n\t\t<div class=\"ngg-gallery-thumbnail\" >\n\t\t\t<a href=\"https:\/\/wernerdeck.de\/blog\/wp-content\/gallery\/kristallpalast\/Der-Kristallpalas-Palacio-de-Cristal-im-Retiro-Park-in-Madrid-07.jpg\"\n\t\t\t\ttitle=\"Gruppenbild f\u00fcr Touris\"\n\t\t\t\tclass=\"ngg-simplelightbox\" rel=\"1bc7d29af6403640466b23ab5f92a559\" data-image-id=\"9371\" data-src=\"https:\/\/wernerdeck.de\/blog\/wp-content\/gallery\/kristallpalast\/Der-Kristallpalas-Palacio-de-Cristal-im-Retiro-Park-in-Madrid-07.jpg\" data-thumbnail=\"https:\/\/wernerdeck.de\/blog\/wp-content\/gallery\/kristallpalast\/thumbs\/thumbs_Der-Kristallpalas-Palacio-de-Cristal-im-Retiro-Park-in-Madrid-07.jpg\" data-title=\"Der-Kristallpalas-Palacio-de-Cristal-im-Retiro-Park-in-Madrid-07\" data-description=\"Gruppenbild f\u00fcr Touris\" >\n\t\t\t\t\t\t\t\t<img title=\"Der-Kristallpalas-Palacio-de-Cristal-im-Retiro-Park-in-Madrid-07\" alt=\"Der-Kristallpalas-Palacio-de-Cristal-im-Retiro-Park-in-Madrid-07\" src=\"https:\/\/wernerdeck.de\/blog\/wp-content\/gallery\/kristallpalast\/thumbs\/thumbs_Der-Kristallpalas-Palacio-de-Cristal-im-Retiro-Park-in-Madrid-07.jpg\" width='240' height='160' \/>\n\t\t\t\t\t\t\t<\/a>\n\t\t\t<span>\n\t\t\tGruppenbild f\u00fcr Touris\t\t\t<\/span>\n\t\t<\/div>\n\t<\/div>\n\t\t\t\t\t\t\t\t\n\t<div id=\"ngg-image-9373\" class=\"ngg-gallery-thumbnail-box\" style=\"width:25%;\" >\n\t\t<div class=\"ngg-gallery-thumbnail\" >\n\t\t\t<a href=\"https:\/\/wernerdeck.de\/blog\/wp-content\/gallery\/kristallpalast\/Der-Kristallpalas-Palacio-de-Cristal-im-Retiro-Park-in-Madrid-08.jpg\"\n\t\t\t\ttitle=\"Eisenarchitektur\"\n\t\t\t\tclass=\"ngg-simplelightbox\" rel=\"1bc7d29af6403640466b23ab5f92a559\" data-image-id=\"9373\" data-src=\"https:\/\/wernerdeck.de\/blog\/wp-content\/gallery\/kristallpalast\/Der-Kristallpalas-Palacio-de-Cristal-im-Retiro-Park-in-Madrid-08.jpg\" data-thumbnail=\"https:\/\/wernerdeck.de\/blog\/wp-content\/gallery\/kristallpalast\/thumbs\/thumbs_Der-Kristallpalas-Palacio-de-Cristal-im-Retiro-Park-in-Madrid-08.jpg\" data-title=\"Der-Kristallpalas-Palacio-de-Cristal-im-Retiro-Park-in-Madrid-08\" data-description=\"Eisenarchitektur\" >\n\t\t\t\t\t\t\t\t<img title=\"Der-Kristallpalas-Palacio-de-Cristal-im-Retiro-Park-in-Madrid-08\" alt=\"Der-Kristallpalas-Palacio-de-Cristal-im-Retiro-Park-in-Madrid-08\" src=\"https:\/\/wernerdeck.de\/blog\/wp-content\/gallery\/kristallpalast\/thumbs\/thumbs_Der-Kristallpalas-Palacio-de-Cristal-im-Retiro-Park-in-Madrid-08.jpg\" width='240' height='160' \/>\n\t\t\t\t\t\t\t<\/a>\n\t\t\t<span>\n\t\t\tEisenarchitektur\t\t\t<\/span>\n\t\t<\/div>\n\t<\/div>\n\t\t\t\t\t\t\t\t\n\t<div id=\"ngg-image-9372\" class=\"ngg-gallery-thumbnail-box\" style=\"width:25%;\" >\n\t\t<div class=\"ngg-gallery-thumbnail\" >\n\t\t\t<a href=\"https:\/\/wernerdeck.de\/blog\/wp-content\/gallery\/kristallpalast\/Der-Kristallpalas-Palacio-de-Cristal-im-Retiro-Park-in-Madrid-09.jpg\"\n\t\t\t\ttitle=\" \"\n\t\t\t\tclass=\"ngg-simplelightbox\" rel=\"1bc7d29af6403640466b23ab5f92a559\" data-image-id=\"9372\" data-src=\"https:\/\/wernerdeck.de\/blog\/wp-content\/gallery\/kristallpalast\/Der-Kristallpalas-Palacio-de-Cristal-im-Retiro-Park-in-Madrid-09.jpg\" data-thumbnail=\"https:\/\/wernerdeck.de\/blog\/wp-content\/gallery\/kristallpalast\/thumbs\/thumbs_Der-Kristallpalas-Palacio-de-Cristal-im-Retiro-Park-in-Madrid-09.jpg\" data-title=\"Der-Kristallpalas-Palacio-de-Cristal-im-Retiro-Park-in-Madrid-09\" data-description=\" \" >\n\t\t\t\t\t\t\t\t<img title=\"Der-Kristallpalas-Palacio-de-Cristal-im-Retiro-Park-in-Madrid-09\" alt=\"Der-Kristallpalas-Palacio-de-Cristal-im-Retiro-Park-in-Madrid-09\" src=\"https:\/\/wernerdeck.de\/blog\/wp-content\/gallery\/kristallpalast\/thumbs\/thumbs_Der-Kristallpalas-Palacio-de-Cristal-im-Retiro-Park-in-Madrid-09.jpg\" width='240' height='160' \/>\n\t\t\t\t\t\t\t<\/a>\n\t\t\t<span>\n\t\t\t \t\t\t<\/span>\n\t\t<\/div>\n\t<\/div>\n\t\t\t\t\t\t\t<br style=\"clear: both\" \/>\n\t\t\t\n\t<!-- Pagination -->\n\t\t<div class='ngg-clear'><\/div>\t\n<\/div>\n\n\tEhrlich gesagt, waren wir schon ziemlich geschafft. Noch wenige Minuten Fu\u00dfweg durch den sch\u00f6nen Park, dann waren wir an einem der Ausg\u00e4nge.&nbsp;<\/p>\n<p>\n<div class=\"ngg-galleryoverview ngg-template-caption\" id=\"ngg-gallery-2681c871718fca197cc8e9e8f3b0532d-18713\">\n\n\t\t\n\t<!-- Thumbnails -->\n\t\t\t\t\t\n\t<div id=\"ngg-image-9376\" class=\"ngg-gallery-thumbnail-box\" style=\"width:25%;\" >\n\t\t<div class=\"ngg-gallery-thumbnail\" >\n\t\t\t<a href=\"https:\/\/wernerdeck.de\/blog\/wp-content\/gallery\/ausgang-retiro-park\/Endlich-zum-Ausgang-im-Retiro-Park-in-Madrid-01.jpg\"\n\t\t\t\ttitle=\"Lustwandeln zum Ausgang\"\n\t\t\t\tclass=\"ngg-simplelightbox\" rel=\"2681c871718fca197cc8e9e8f3b0532d\" data-image-id=\"9376\" data-src=\"https:\/\/wernerdeck.de\/blog\/wp-content\/gallery\/ausgang-retiro-park\/Endlich-zum-Ausgang-im-Retiro-Park-in-Madrid-01.jpg\" data-thumbnail=\"https:\/\/wernerdeck.de\/blog\/wp-content\/gallery\/ausgang-retiro-park\/thumbs\/thumbs_Endlich-zum-Ausgang-im-Retiro-Park-in-Madrid-01.jpg\" data-title=\"Endlich-zum-Ausgang-im-Retiro-Park-in-Madrid-01\" data-description=\"Lustwandeln zum Ausgang\" >\n\t\t\t\t\t\t\t\t<img title=\"Endlich-zum-Ausgang-im-Retiro-Park-in-Madrid-01\" alt=\"Endlich-zum-Ausgang-im-Retiro-Park-in-Madrid-01\" src=\"https:\/\/wernerdeck.de\/blog\/wp-content\/gallery\/ausgang-retiro-park\/thumbs\/thumbs_Endlich-zum-Ausgang-im-Retiro-Park-in-Madrid-01.jpg\" width='240' height='160' \/>\n\t\t\t\t\t\t\t<\/a>\n\t\t\t<span>\n\t\t\tLustwandeln zum Ausgang\t\t\t<\/span>\n\t\t<\/div>\n\t<\/div>\n\t\t\t\t\t\t\t\t\n\t<div id=\"ngg-image-9377\" class=\"ngg-gallery-thumbnail-box\" style=\"width:25%;\" >\n\t\t<div class=\"ngg-gallery-thumbnail\" >\n\t\t\t<a href=\"https:\/\/wernerdeck.de\/blog\/wp-content\/gallery\/ausgang-retiro-park\/Endlich-zum-Ausgang-im-Retiro-Park-in-Madrid-02.jpg\"\n\t\t\t\ttitle=\"Skulpturengruppe zu Ram\u00f3n de Campoamor y Campoosorio\"\n\t\t\t\tclass=\"ngg-simplelightbox\" rel=\"2681c871718fca197cc8e9e8f3b0532d\" data-image-id=\"9377\" data-src=\"https:\/\/wernerdeck.de\/blog\/wp-content\/gallery\/ausgang-retiro-park\/Endlich-zum-Ausgang-im-Retiro-Park-in-Madrid-02.jpg\" data-thumbnail=\"https:\/\/wernerdeck.de\/blog\/wp-content\/gallery\/ausgang-retiro-park\/thumbs\/thumbs_Endlich-zum-Ausgang-im-Retiro-Park-in-Madrid-02.jpg\" data-title=\"Endlich-zum-Ausgang-im-Retiro-Park-in-Madrid-02\" data-description=\"Skulpturengruppe zu Ram\u00f3n de Campoamor y Campoosorio\" >\n\t\t\t\t\t\t\t\t<img title=\"Endlich-zum-Ausgang-im-Retiro-Park-in-Madrid-02\" alt=\"Endlich-zum-Ausgang-im-Retiro-Park-in-Madrid-02\" src=\"https:\/\/wernerdeck.de\/blog\/wp-content\/gallery\/ausgang-retiro-park\/thumbs\/thumbs_Endlich-zum-Ausgang-im-Retiro-Park-in-Madrid-02.jpg\" width='240' height='160' \/>\n\t\t\t\t\t\t\t<\/a>\n\t\t\t<span>\n\t\t\tSkulpturengruppe zu Ram\u00f3n de Campoamor y Campoosorio\t\t\t<\/span>\n\t\t<\/div>\n\t<\/div>\n\t\t\t\t\t\t\t\t\n\t<div id=\"ngg-image-9374\" class=\"ngg-gallery-thumbnail-box\" style=\"width:25%;\" >\n\t\t<div class=\"ngg-gallery-thumbnail\" >\n\t\t\t<a href=\"https:\/\/wernerdeck.de\/blog\/wp-content\/gallery\/ausgang-retiro-park\/Endlich-zum-Ausgang-im-Retiro-Park-in-Madrid-03.jpg\"\n\t\t\t\ttitle=\"Bald geschafft\"\n\t\t\t\tclass=\"ngg-simplelightbox\" rel=\"2681c871718fca197cc8e9e8f3b0532d\" data-image-id=\"9374\" data-src=\"https:\/\/wernerdeck.de\/blog\/wp-content\/gallery\/ausgang-retiro-park\/Endlich-zum-Ausgang-im-Retiro-Park-in-Madrid-03.jpg\" data-thumbnail=\"https:\/\/wernerdeck.de\/blog\/wp-content\/gallery\/ausgang-retiro-park\/thumbs\/thumbs_Endlich-zum-Ausgang-im-Retiro-Park-in-Madrid-03.jpg\" data-title=\"Endlich-zum-Ausgang-im-Retiro-Park-in-Madrid-03\" data-description=\"Bald geschafft\" >\n\t\t\t\t\t\t\t\t<img title=\"Endlich-zum-Ausgang-im-Retiro-Park-in-Madrid-03\" alt=\"Endlich-zum-Ausgang-im-Retiro-Park-in-Madrid-03\" src=\"https:\/\/wernerdeck.de\/blog\/wp-content\/gallery\/ausgang-retiro-park\/thumbs\/thumbs_Endlich-zum-Ausgang-im-Retiro-Park-in-Madrid-03.jpg\" width='240' height='160' \/>\n\t\t\t\t\t\t\t<\/a>\n\t\t\t<span>\n\t\t\tBald geschafft\t\t\t<\/span>\n\t\t<\/div>\n\t<\/div>\n\t\t\t\t\t\t\t\t\n\t<div id=\"ngg-image-9375\" class=\"ngg-gallery-thumbnail-box\" style=\"width:25%;\" >\n\t\t<div class=\"ngg-gallery-thumbnail\" >\n\t\t\t<a href=\"https:\/\/wernerdeck.de\/blog\/wp-content\/gallery\/ausgang-retiro-park\/Endlich-zum-Ausgang-im-Retiro-Park-in-Madrid-04.jpg\"\n\t\t\t\ttitle=\"Der Parkplan\"\n\t\t\t\tclass=\"ngg-simplelightbox\" rel=\"2681c871718fca197cc8e9e8f3b0532d\" data-image-id=\"9375\" data-src=\"https:\/\/wernerdeck.de\/blog\/wp-content\/gallery\/ausgang-retiro-park\/Endlich-zum-Ausgang-im-Retiro-Park-in-Madrid-04.jpg\" data-thumbnail=\"https:\/\/wernerdeck.de\/blog\/wp-content\/gallery\/ausgang-retiro-park\/thumbs\/thumbs_Endlich-zum-Ausgang-im-Retiro-Park-in-Madrid-04.jpg\" data-title=\"Endlich-zum-Ausgang-im-Retiro-Park-in-Madrid-04\" data-description=\"Der Parkplan\" >\n\t\t\t\t\t\t\t\t<img title=\"Endlich-zum-Ausgang-im-Retiro-Park-in-Madrid-04\" alt=\"Endlich-zum-Ausgang-im-Retiro-Park-in-Madrid-04\" src=\"https:\/\/wernerdeck.de\/blog\/wp-content\/gallery\/ausgang-retiro-park\/thumbs\/thumbs_Endlich-zum-Ausgang-im-Retiro-Park-in-Madrid-04.jpg\" width='240' height='160' \/>\n\t\t\t\t\t\t\t<\/a>\n\t\t\t<span>\n\t\t\tDer Parkplan\t\t\t<\/span>\n\t\t<\/div>\n\t<\/div>\n\t\t\t\t\t\t\t<br style=\"clear: both\" \/>\n\t\t\t\n\t<!-- Pagination -->\n\t\t<div class='ngg-clear'><\/div>\t\n<\/div>\n\n\tDrau\u00dfen setzten wir uns auf die Mauer und bestellten uns ein Uber-Taxi, das auch ziemlich schnell da war. Unterwegs kamen wir nat\u00fcrlich wieder an vielen bedeutenden Bauwerken vorbei, noch einmal am Triumphbogen, am <a href=\"https:\/\/www.esmadrid.com\/de\/touristeninformation\/palacio-cibeles\" target=\"_blank\" rel=\"noopener\">Palacio de Cibeles<\/a> und dem <a href=\"https:\/\/travel.sygic.com\/de\/poi\/metropolis-haus-poi:64899\" target=\"_blank\" rel=\"noopener\">Metropolis-Haus<\/a>. Da unser Hotel in der autofreien Stadtzone liegt, mussten wir dann doch noch eine gute Strecke laufen.<\/p>\n<p>\n<div class=\"ngg-galleryoverview ngg-template-caption\" id=\"ngg-gallery-0af851a7c8a1fdf0a80562997c118633-18713\">\n\n\t\t\n\t<!-- Thumbnails -->\n\t\t\t\t\t\n\t<div id=\"ngg-image-9378\" class=\"ngg-gallery-thumbnail-box\" style=\"width:33%;\" >\n\t\t<div class=\"ngg-gallery-thumbnail\" >\n\t\t\t<a href=\"https:\/\/wernerdeck.de\/blog\/wp-content\/gallery\/taxi-madrid\/Mit-dem-Taxi-vom-Retiro-Park-zum-Hotel-in-Madrid-01.jpg\"\n\t\t\t\ttitle=\"Uber bestellt\"\n\t\t\t\tclass=\"ngg-simplelightbox\" rel=\"0af851a7c8a1fdf0a80562997c118633\" data-image-id=\"9378\" data-src=\"https:\/\/wernerdeck.de\/blog\/wp-content\/gallery\/taxi-madrid\/Mit-dem-Taxi-vom-Retiro-Park-zum-Hotel-in-Madrid-01.jpg\" data-thumbnail=\"https:\/\/wernerdeck.de\/blog\/wp-content\/gallery\/taxi-madrid\/thumbs\/thumbs_Mit-dem-Taxi-vom-Retiro-Park-zum-Hotel-in-Madrid-01.jpg\" data-title=\"Mit-dem-Taxi-vom-Retiro-Park-zum-Hotel-in-Madrid-01\" data-description=\"Uber bestellt\" >\n\t\t\t\t\t\t\t\t<img title=\"Mit-dem-Taxi-vom-Retiro-Park-zum-Hotel-in-Madrid-01\" alt=\"Mit-dem-Taxi-vom-Retiro-Park-zum-Hotel-in-Madrid-01\" src=\"https:\/\/wernerdeck.de\/blog\/wp-content\/gallery\/taxi-madrid\/thumbs\/thumbs_Mit-dem-Taxi-vom-Retiro-Park-zum-Hotel-in-Madrid-01.jpg\" width='240' height='160' \/>\n\t\t\t\t\t\t\t<\/a>\n\t\t\t<span>\n\t\t\tUber bestellt\t\t\t<\/span>\n\t\t<\/div>\n\t<\/div>\n\t\t\t\t\t\t\t\t\n\t<div id=\"ngg-image-9383\" class=\"ngg-gallery-thumbnail-box\" style=\"width:33%;\" >\n\t\t<div class=\"ngg-gallery-thumbnail\" >\n\t\t\t<a href=\"https:\/\/wernerdeck.de\/blog\/wp-content\/gallery\/taxi-madrid\/Mit-dem-Taxi-vom-Retiro-Park-zum-Hotel-in-Madrid-02.jpg\"\n\t\t\t\ttitle=\"Auf Uber warten\"\n\t\t\t\tclass=\"ngg-simplelightbox\" rel=\"0af851a7c8a1fdf0a80562997c118633\" data-image-id=\"9383\" data-src=\"https:\/\/wernerdeck.de\/blog\/wp-content\/gallery\/taxi-madrid\/Mit-dem-Taxi-vom-Retiro-Park-zum-Hotel-in-Madrid-02.jpg\" data-thumbnail=\"https:\/\/wernerdeck.de\/blog\/wp-content\/gallery\/taxi-madrid\/thumbs\/thumbs_Mit-dem-Taxi-vom-Retiro-Park-zum-Hotel-in-Madrid-02.jpg\" data-title=\"Mit-dem-Taxi-vom-Retiro-Park-zum-Hotel-in-Madrid-02\" data-description=\"Auf Uber warten\" >\n\t\t\t\t\t\t\t\t<img title=\"Mit-dem-Taxi-vom-Retiro-Park-zum-Hotel-in-Madrid-02\" alt=\"Mit-dem-Taxi-vom-Retiro-Park-zum-Hotel-in-Madrid-02\" src=\"https:\/\/wernerdeck.de\/blog\/wp-content\/gallery\/taxi-madrid\/thumbs\/thumbs_Mit-dem-Taxi-vom-Retiro-Park-zum-Hotel-in-Madrid-02.jpg\" width='240' height='160' \/>\n\t\t\t\t\t\t\t<\/a>\n\t\t\t<span>\n\t\t\tAuf Uber warten\t\t\t<\/span>\n\t\t<\/div>\n\t<\/div>\n\t\t\t\t\t\t\t\t\n\t<div id=\"ngg-image-9379\" class=\"ngg-gallery-thumbnail-box\" style=\"width:33%;\" >\n\t\t<div class=\"ngg-gallery-thumbnail\" >\n\t\t\t<a href=\"https:\/\/wernerdeck.de\/blog\/wp-content\/gallery\/taxi-madrid\/Mit-dem-Taxi-vom-Retiro-Park-zum-Hotel-in-Madrid-03.jpg\"\n\t\t\t\ttitle=\" \"\n\t\t\t\tclass=\"ngg-simplelightbox\" rel=\"0af851a7c8a1fdf0a80562997c118633\" data-image-id=\"9379\" data-src=\"https:\/\/wernerdeck.de\/blog\/wp-content\/gallery\/taxi-madrid\/Mit-dem-Taxi-vom-Retiro-Park-zum-Hotel-in-Madrid-03.jpg\" data-thumbnail=\"https:\/\/wernerdeck.de\/blog\/wp-content\/gallery\/taxi-madrid\/thumbs\/thumbs_Mit-dem-Taxi-vom-Retiro-Park-zum-Hotel-in-Madrid-03.jpg\" data-title=\"Mit-dem-Taxi-vom-Retiro-Park-zum-Hotel-in-Madrid-03\" data-description=\" \" >\n\t\t\t\t\t\t\t\t<img title=\"Mit-dem-Taxi-vom-Retiro-Park-zum-Hotel-in-Madrid-03\" alt=\"Mit-dem-Taxi-vom-Retiro-Park-zum-Hotel-in-Madrid-03\" src=\"https:\/\/wernerdeck.de\/blog\/wp-content\/gallery\/taxi-madrid\/thumbs\/thumbs_Mit-dem-Taxi-vom-Retiro-Park-zum-Hotel-in-Madrid-03.jpg\" width='240' height='160' \/>\n\t\t\t\t\t\t\t<\/a>\n\t\t\t<span>\n\t\t\t \t\t\t<\/span>\n\t\t<\/div>\n\t<\/div>\n\t\t\t\t\t\t\t<br style=\"clear: both\" \/>\n\t\t\t\n\t<div id=\"ngg-image-9381\" class=\"ngg-gallery-thumbnail-box\" style=\"width:33%;\" >\n\t\t<div class=\"ngg-gallery-thumbnail\" >\n\t\t\t<a href=\"https:\/\/wernerdeck.de\/blog\/wp-content\/gallery\/taxi-madrid\/Mit-dem-Taxi-vom-Retiro-Park-zum-Hotel-in-Madrid-04.jpg\"\n\t\t\t\ttitle=\"Der Triumphbogen\"\n\t\t\t\tclass=\"ngg-simplelightbox\" rel=\"0af851a7c8a1fdf0a80562997c118633\" data-image-id=\"9381\" data-src=\"https:\/\/wernerdeck.de\/blog\/wp-content\/gallery\/taxi-madrid\/Mit-dem-Taxi-vom-Retiro-Park-zum-Hotel-in-Madrid-04.jpg\" data-thumbnail=\"https:\/\/wernerdeck.de\/blog\/wp-content\/gallery\/taxi-madrid\/thumbs\/thumbs_Mit-dem-Taxi-vom-Retiro-Park-zum-Hotel-in-Madrid-04.jpg\" data-title=\"Mit-dem-Taxi-vom-Retiro-Park-zum-Hotel-in-Madrid-04\" data-description=\"Der Triumphbogen\" >\n\t\t\t\t\t\t\t\t<img title=\"Mit-dem-Taxi-vom-Retiro-Park-zum-Hotel-in-Madrid-04\" alt=\"Mit-dem-Taxi-vom-Retiro-Park-zum-Hotel-in-Madrid-04\" src=\"https:\/\/wernerdeck.de\/blog\/wp-content\/gallery\/taxi-madrid\/thumbs\/thumbs_Mit-dem-Taxi-vom-Retiro-Park-zum-Hotel-in-Madrid-04.jpg\" width='240' height='160' \/>\n\t\t\t\t\t\t\t<\/a>\n\t\t\t<span>\n\t\t\tDer Triumphbogen\t\t\t<\/span>\n\t\t<\/div>\n\t<\/div>\n\t\t\t\t\t\t\t\t\n\t<div id=\"ngg-image-9380\" class=\"ngg-gallery-thumbnail-box\" style=\"width:33%;\" >\n\t\t<div class=\"ngg-gallery-thumbnail\" >\n\t\t\t<a href=\"https:\/\/wernerdeck.de\/blog\/wp-content\/gallery\/taxi-madrid\/Mit-dem-Taxi-vom-Retiro-Park-zum-Hotel-in-Madrid-05.jpg\"\n\t\t\t\ttitle=\"Palacio de Cibeles\"\n\t\t\t\tclass=\"ngg-simplelightbox\" rel=\"0af851a7c8a1fdf0a80562997c118633\" data-image-id=\"9380\" data-src=\"https:\/\/wernerdeck.de\/blog\/wp-content\/gallery\/taxi-madrid\/Mit-dem-Taxi-vom-Retiro-Park-zum-Hotel-in-Madrid-05.jpg\" data-thumbnail=\"https:\/\/wernerdeck.de\/blog\/wp-content\/gallery\/taxi-madrid\/thumbs\/thumbs_Mit-dem-Taxi-vom-Retiro-Park-zum-Hotel-in-Madrid-05.jpg\" data-title=\"Mit-dem-Taxi-vom-Retiro-Park-zum-Hotel-in-Madrid-05\" data-description=\"Palacio de Cibeles\" >\n\t\t\t\t\t\t\t\t<img title=\"Mit-dem-Taxi-vom-Retiro-Park-zum-Hotel-in-Madrid-05\" alt=\"Mit-dem-Taxi-vom-Retiro-Park-zum-Hotel-in-Madrid-05\" src=\"https:\/\/wernerdeck.de\/blog\/wp-content\/gallery\/taxi-madrid\/thumbs\/thumbs_Mit-dem-Taxi-vom-Retiro-Park-zum-Hotel-in-Madrid-05.jpg\" width='240' height='160' \/>\n\t\t\t\t\t\t\t<\/a>\n\t\t\t<span>\n\t\t\tPalacio de Cibeles\t\t\t<\/span>\n\t\t<\/div>\n\t<\/div>\n\t\t\t\t\t\t\t\t\n\t<div id=\"ngg-image-9382\" class=\"ngg-gallery-thumbnail-box\" style=\"width:33%;\" >\n\t\t<div class=\"ngg-gallery-thumbnail\" >\n\t\t\t<a href=\"https:\/\/wernerdeck.de\/blog\/wp-content\/gallery\/taxi-madrid\/Mit-dem-Taxi-vom-Retiro-Park-zum-Hotel-in-Madrid-06.jpg\"\n\t\t\t\ttitle=\"Metropolis-Haus\"\n\t\t\t\tclass=\"ngg-simplelightbox\" rel=\"0af851a7c8a1fdf0a80562997c118633\" data-image-id=\"9382\" data-src=\"https:\/\/wernerdeck.de\/blog\/wp-content\/gallery\/taxi-madrid\/Mit-dem-Taxi-vom-Retiro-Park-zum-Hotel-in-Madrid-06.jpg\" data-thumbnail=\"https:\/\/wernerdeck.de\/blog\/wp-content\/gallery\/taxi-madrid\/thumbs\/thumbs_Mit-dem-Taxi-vom-Retiro-Park-zum-Hotel-in-Madrid-06.jpg\" data-title=\"Mit-dem-Taxi-vom-Retiro-Park-zum-Hotel-in-Madrid-06\" data-description=\"Metropolis-Haus\" >\n\t\t\t\t\t\t\t\t<img title=\"Mit-dem-Taxi-vom-Retiro-Park-zum-Hotel-in-Madrid-06\" alt=\"Mit-dem-Taxi-vom-Retiro-Park-zum-Hotel-in-Madrid-06\" src=\"https:\/\/wernerdeck.de\/blog\/wp-content\/gallery\/taxi-madrid\/thumbs\/thumbs_Mit-dem-Taxi-vom-Retiro-Park-zum-Hotel-in-Madrid-06.jpg\" width='240' height='160' \/>\n\t\t\t\t\t\t\t<\/a>\n\t\t\t<span>\n\t\t\tMetropolis-Haus\t\t\t<\/span>\n\t\t<\/div>\n\t<\/div>\n\t\t\t\t\t\t\t<br style=\"clear: both\" \/>\n\t\t\t\n\t<!-- Pagination -->\n\t\t<div class='ngg-clear'><\/div>\t\n<\/div>\n\n\tDer Taxifahrer setzte uns am Metropolis-Haus ab. Auf dem Weg zum Hotel kamen wir nat\u00fcrlich an allerhand beachtenswerten Geb\u00e4uden und bunten Schaufenstern vorbei.&nbsp;<\/p>\n<p>\n<div class=\"ngg-galleryoverview ngg-template-caption\" id=\"ngg-gallery-1b24818f1e76773650d471b238e81cc1-18713\">\n\n\t\t\n\t<!-- Thumbnails -->\n\t\t\t\t\t\n\t<div id=\"ngg-image-9386\" class=\"ngg-gallery-thumbnail-box\" style=\"width:25%;\" >\n\t\t<div class=\"ngg-gallery-thumbnail\" >\n\t\t\t<a href=\"https:\/\/wernerdeck.de\/blog\/wp-content\/gallery\/zum-hotel\/Mit-Taxi-vom-Retiro-Park-zum-Hotel-in-Madrid-06.jpg\"\n\t\t\t\ttitle=\"Am Metropolis-Haus setzte uns das Taxi ab\"\n\t\t\t\tclass=\"ngg-simplelightbox\" rel=\"1b24818f1e76773650d471b238e81cc1\" data-image-id=\"9386\" data-src=\"https:\/\/wernerdeck.de\/blog\/wp-content\/gallery\/zum-hotel\/Mit-Taxi-vom-Retiro-Park-zum-Hotel-in-Madrid-06.jpg\" data-thumbnail=\"https:\/\/wernerdeck.de\/blog\/wp-content\/gallery\/zum-hotel\/thumbs\/thumbs_Mit-Taxi-vom-Retiro-Park-zum-Hotel-in-Madrid-06.jpg\" data-title=\"Mit-Taxi-vom-Retiro-Park-zum-Hotel-in-Madrid-06\" data-description=\"Am Metropolis-Haus setzte uns das Taxi ab\" >\n\t\t\t\t\t\t\t\t<img title=\"Mit-Taxi-vom-Retiro-Park-zum-Hotel-in-Madrid-06\" alt=\"Mit-Taxi-vom-Retiro-Park-zum-Hotel-in-Madrid-06\" src=\"https:\/\/wernerdeck.de\/blog\/wp-content\/gallery\/zum-hotel\/thumbs\/thumbs_Mit-Taxi-vom-Retiro-Park-zum-Hotel-in-Madrid-06.jpg\" width='240' height='160' \/>\n\t\t\t\t\t\t\t<\/a>\n\t\t\t<span>\n\t\t\tAm Metropolis-Haus setzte uns das Taxi ab\t\t\t<\/span>\n\t\t<\/div>\n\t<\/div>\n\t\t\t\t\t\t\t\t\n\t<div id=\"ngg-image-9387\" class=\"ngg-gallery-thumbnail-box\" style=\"width:25%;\" >\n\t\t<div class=\"ngg-gallery-thumbnail\" >\n\t\t\t<a href=\"https:\/\/wernerdeck.de\/blog\/wp-content\/gallery\/zum-hotel\/Real-Casa-de-la-Aduana-Finanzministerium.jpg\"\n\t\t\t\ttitle=\"Real Casa de la  Aduana - Finanzministerium\"\n\t\t\t\tclass=\"ngg-simplelightbox\" rel=\"1b24818f1e76773650d471b238e81cc1\" data-image-id=\"9387\" data-src=\"https:\/\/wernerdeck.de\/blog\/wp-content\/gallery\/zum-hotel\/Real-Casa-de-la-Aduana-Finanzministerium.jpg\" data-thumbnail=\"https:\/\/wernerdeck.de\/blog\/wp-content\/gallery\/zum-hotel\/thumbs\/thumbs_Real-Casa-de-la-Aduana-Finanzministerium.jpg\" data-title=\"Real-Casa de la Aduana - Finanzministerium\" data-description=\"Real Casa de la  Aduana - Finanzministerium\" >\n\t\t\t\t\t\t\t\t<img title=\"Real-Casa de la Aduana - Finanzministerium\" alt=\"Real-Casa de la Aduana - Finanzministerium\" src=\"https:\/\/wernerdeck.de\/blog\/wp-content\/gallery\/zum-hotel\/thumbs\/thumbs_Real-Casa-de-la-Aduana-Finanzministerium.jpg\" width='240' height='160' \/>\n\t\t\t\t\t\t\t<\/a>\n\t\t\t<span>\n\t\t\tReal Casa de la  Aduana - Finanzministerium\t\t\t<\/span>\n\t\t<\/div>\n\t<\/div>\n\t\t\t\t\t\t\t\t\n\t<div id=\"ngg-image-9384\" class=\"ngg-gallery-thumbnail-box\" style=\"width:25%;\" >\n\t\t<div class=\"ngg-gallery-thumbnail\" >\n\t\t\t<a href=\"https:\/\/wernerdeck.de\/blog\/wp-content\/gallery\/zum-hotel\/Casino-de-Madrid.jpg\"\n\t\t\t\ttitle=\"Casino de Madrid\"\n\t\t\t\tclass=\"ngg-simplelightbox\" rel=\"1b24818f1e76773650d471b238e81cc1\" data-image-id=\"9384\" data-src=\"https:\/\/wernerdeck.de\/blog\/wp-content\/gallery\/zum-hotel\/Casino-de-Madrid.jpg\" data-thumbnail=\"https:\/\/wernerdeck.de\/blog\/wp-content\/gallery\/zum-hotel\/thumbs\/thumbs_Casino-de-Madrid.jpg\" data-title=\"Casino-de-Madrid\" data-description=\"Casino de Madrid\" >\n\t\t\t\t\t\t\t\t<img title=\"Casino-de-Madrid\" alt=\"Casino-de-Madrid\" src=\"https:\/\/wernerdeck.de\/blog\/wp-content\/gallery\/zum-hotel\/thumbs\/thumbs_Casino-de-Madrid.jpg\" width='240' height='160' \/>\n\t\t\t\t\t\t\t<\/a>\n\t\t\t<span>\n\t\t\tCasino de Madrid\t\t\t<\/span>\n\t\t<\/div>\n\t<\/div>\n\t\t\t\t\t\t\t\t\n\t<div id=\"ngg-image-9385\" class=\"ngg-gallery-thumbnail-box\" style=\"width:25%;\" >\n\t\t<div class=\"ngg-gallery-thumbnail\" >\n\t\t\t<a href=\"https:\/\/wernerdeck.de\/blog\/wp-content\/gallery\/zum-hotel\/Auf-dem-Weg-zum-Hotel-in-Madrid.jpg\"\n\t\t\t\ttitle=\"Calle de Alcal\u00e1\"\n\t\t\t\tclass=\"ngg-simplelightbox\" rel=\"1b24818f1e76773650d471b238e81cc1\" data-image-id=\"9385\" data-src=\"https:\/\/wernerdeck.de\/blog\/wp-content\/gallery\/zum-hotel\/Auf-dem-Weg-zum-Hotel-in-Madrid.jpg\" data-thumbnail=\"https:\/\/wernerdeck.de\/blog\/wp-content\/gallery\/zum-hotel\/thumbs\/thumbs_Auf-dem-Weg-zum-Hotel-in-Madrid.jpg\" data-title=\"Auf-dem-Weg-zum-Hotel-in-Madrid\" data-description=\"Calle de Alcal\u00e1\" >\n\t\t\t\t\t\t\t\t<img title=\"Auf-dem-Weg-zum-Hotel-in-Madrid\" alt=\"Auf-dem-Weg-zum-Hotel-in-Madrid\" src=\"https:\/\/wernerdeck.de\/blog\/wp-content\/gallery\/zum-hotel\/thumbs\/thumbs_Auf-dem-Weg-zum-Hotel-in-Madrid.jpg\" width='240' height='160' \/>\n\t\t\t\t\t\t\t<\/a>\n\t\t\t<span>\n\t\t\tCalle de Alcal\u00e1\t\t\t<\/span>\n\t\t<\/div>\n\t<\/div>\n\t\t\t\t\t\t\t<br style=\"clear: both\" \/>\n\t\t\t\n\t<!-- Pagination -->\n\t\t<div class='ngg-clear'><\/div>\t\n<\/div>\n\n\tVor diesem Schaufenster hat es mich verst\u00e4ndlicherweise ganz enorm in den F\u00fc\u00dfen gejuckt. \ud83d\ude09 Meine liebe Liebe konnte an einem weiteren Schaufenster nicht widerstehen. \ud83d\udc4d\ud83d\ude0e<\/p>\n<p>\n<div class=\"ngg-galleryoverview ngg-template-caption\" id=\"ngg-gallery-323c33a58941edf4d17c8d5ebaac199b-18713\">\n\n\t\t\n\t<!-- Thumbnails -->\n\t\t\t\t\t\n\t<div id=\"ngg-image-9390\" class=\"ngg-gallery-thumbnail-box\" style=\"width:33%;\" >\n\t\t<div class=\"ngg-gallery-thumbnail\" >\n\t\t\t<a href=\"https:\/\/wernerdeck.de\/blog\/wp-content\/gallery\/schuhe\/Schuhe-und-Handtasche-in-Madrid-01.jpg\"\n\t\t\t\ttitle=\"In den F\u00fc\u00dfen gejuckt\"\n\t\t\t\tclass=\"ngg-simplelightbox\" rel=\"323c33a58941edf4d17c8d5ebaac199b\" data-image-id=\"9390\" data-src=\"https:\/\/wernerdeck.de\/blog\/wp-content\/gallery\/schuhe\/Schuhe-und-Handtasche-in-Madrid-01.jpg\" data-thumbnail=\"https:\/\/wernerdeck.de\/blog\/wp-content\/gallery\/schuhe\/thumbs\/thumbs_Schuhe-und-Handtasche-in-Madrid-01.jpg\" data-title=\"Schuhe-und-Handtasche-in-Madrid-01\" data-description=\"In den F\u00fc\u00dfen gejuckt\" >\n\t\t\t\t\t\t\t\t<img title=\"Schuhe-und-Handtasche-in-Madrid-01\" alt=\"Schuhe-und-Handtasche-in-Madrid-01\" src=\"https:\/\/wernerdeck.de\/blog\/wp-content\/gallery\/schuhe\/thumbs\/thumbs_Schuhe-und-Handtasche-in-Madrid-01.jpg\" width='240' height='160' \/>\n\t\t\t\t\t\t\t<\/a>\n\t\t\t<span>\n\t\t\tIn den F\u00fc\u00dfen gejuckt\t\t\t<\/span>\n\t\t<\/div>\n\t<\/div>\n\t\t\t\t\t\t\t\t\n\t<div id=\"ngg-image-9389\" class=\"ngg-gallery-thumbnail-box\" style=\"width:33%;\" >\n\t\t<div class=\"ngg-gallery-thumbnail\" >\n\t\t\t<a href=\"https:\/\/wernerdeck.de\/blog\/wp-content\/gallery\/schuhe\/Schuhe-und-Handtasche-in-Madrid-02.jpg\"\n\t\t\t\ttitle=\" \"\n\t\t\t\tclass=\"ngg-simplelightbox\" rel=\"323c33a58941edf4d17c8d5ebaac199b\" data-image-id=\"9389\" data-src=\"https:\/\/wernerdeck.de\/blog\/wp-content\/gallery\/schuhe\/Schuhe-und-Handtasche-in-Madrid-02.jpg\" data-thumbnail=\"https:\/\/wernerdeck.de\/blog\/wp-content\/gallery\/schuhe\/thumbs\/thumbs_Schuhe-und-Handtasche-in-Madrid-02.jpg\" data-title=\"Schuhe-und-Handtasche-in-Madrid-02\" data-description=\" \" >\n\t\t\t\t\t\t\t\t<img title=\"Schuhe-und-Handtasche-in-Madrid-02\" alt=\"Schuhe-und-Handtasche-in-Madrid-02\" src=\"https:\/\/wernerdeck.de\/blog\/wp-content\/gallery\/schuhe\/thumbs\/thumbs_Schuhe-und-Handtasche-in-Madrid-02.jpg\" width='240' height='160' \/>\n\t\t\t\t\t\t\t<\/a>\n\t\t\t<span>\n\t\t\t \t\t\t<\/span>\n\t\t<\/div>\n\t<\/div>\n\t\t\t\t\t\t\t\t\n\t<div id=\"ngg-image-9392\" class=\"ngg-gallery-thumbnail-box\" style=\"width:33%;\" >\n\t\t<div class=\"ngg-gallery-thumbnail\" >\n\t\t\t<a href=\"https:\/\/wernerdeck.de\/blog\/wp-content\/gallery\/schuhe\/Schuhe-und-Handtasche-in-Madrid-03.jpg\"\n\t\t\t\ttitle=\" \"\n\t\t\t\tclass=\"ngg-simplelightbox\" rel=\"323c33a58941edf4d17c8d5ebaac199b\" data-image-id=\"9392\" data-src=\"https:\/\/wernerdeck.de\/blog\/wp-content\/gallery\/schuhe\/Schuhe-und-Handtasche-in-Madrid-03.jpg\" data-thumbnail=\"https:\/\/wernerdeck.de\/blog\/wp-content\/gallery\/schuhe\/thumbs\/thumbs_Schuhe-und-Handtasche-in-Madrid-03.jpg\" data-title=\"Schuhe-und-Handtasche-in-Madrid-03\" data-description=\" \" >\n\t\t\t\t\t\t\t\t<img title=\"Schuhe-und-Handtasche-in-Madrid-03\" alt=\"Schuhe-und-Handtasche-in-Madrid-03\" src=\"https:\/\/wernerdeck.de\/blog\/wp-content\/gallery\/schuhe\/thumbs\/thumbs_Schuhe-und-Handtasche-in-Madrid-03.jpg\" width='240' height='160' \/>\n\t\t\t\t\t\t\t<\/a>\n\t\t\t<span>\n\t\t\t \t\t\t<\/span>\n\t\t<\/div>\n\t<\/div>\n\t\t\t\t\t\t\t<br style=\"clear: both\" \/>\n\t\t\t\n\t<div id=\"ngg-image-9393\" class=\"ngg-gallery-thumbnail-box\" style=\"width:33%;\" >\n\t\t<div class=\"ngg-gallery-thumbnail\" >\n\t\t\t<a href=\"https:\/\/wernerdeck.de\/blog\/wp-content\/gallery\/schuhe\/Schuhe-und-Handtasche-in-Madrid-04.jpg\"\n\t\t\t\ttitle=\" \"\n\t\t\t\tclass=\"ngg-simplelightbox\" rel=\"323c33a58941edf4d17c8d5ebaac199b\" data-image-id=\"9393\" data-src=\"https:\/\/wernerdeck.de\/blog\/wp-content\/gallery\/schuhe\/Schuhe-und-Handtasche-in-Madrid-04.jpg\" data-thumbnail=\"https:\/\/wernerdeck.de\/blog\/wp-content\/gallery\/schuhe\/thumbs\/thumbs_Schuhe-und-Handtasche-in-Madrid-04.jpg\" data-title=\"Schuhe-und-Handtasche-in-Madrid-04\" data-description=\" \" >\n\t\t\t\t\t\t\t\t<img title=\"Schuhe-und-Handtasche-in-Madrid-04\" alt=\"Schuhe-und-Handtasche-in-Madrid-04\" src=\"https:\/\/wernerdeck.de\/blog\/wp-content\/gallery\/schuhe\/thumbs\/thumbs_Schuhe-und-Handtasche-in-Madrid-04.jpg\" width='240' height='160' \/>\n\t\t\t\t\t\t\t<\/a>\n\t\t\t<span>\n\t\t\t \t\t\t<\/span>\n\t\t<\/div>\n\t<\/div>\n\t\t\t\t\t\t\t\t\n\t<div id=\"ngg-image-9388\" class=\"ngg-gallery-thumbnail-box\" style=\"width:33%;\" >\n\t\t<div class=\"ngg-gallery-thumbnail\" >\n\t\t\t<a href=\"https:\/\/wernerdeck.de\/blog\/wp-content\/gallery\/schuhe\/Schuhe-und-Handtasche-in-Madrid-05.jpg\"\n\t\t\t\ttitle=\" \"\n\t\t\t\tclass=\"ngg-simplelightbox\" rel=\"323c33a58941edf4d17c8d5ebaac199b\" data-image-id=\"9388\" data-src=\"https:\/\/wernerdeck.de\/blog\/wp-content\/gallery\/schuhe\/Schuhe-und-Handtasche-in-Madrid-05.jpg\" data-thumbnail=\"https:\/\/wernerdeck.de\/blog\/wp-content\/gallery\/schuhe\/thumbs\/thumbs_Schuhe-und-Handtasche-in-Madrid-05.jpg\" data-title=\"Schuhe-und-Handtasche-in-Madrid-05\" data-description=\" \" >\n\t\t\t\t\t\t\t\t<img title=\"Schuhe-und-Handtasche-in-Madrid-05\" alt=\"Schuhe-und-Handtasche-in-Madrid-05\" src=\"https:\/\/wernerdeck.de\/blog\/wp-content\/gallery\/schuhe\/thumbs\/thumbs_Schuhe-und-Handtasche-in-Madrid-05.jpg\" width='240' height='160' \/>\n\t\t\t\t\t\t\t<\/a>\n\t\t\t<span>\n\t\t\t \t\t\t<\/span>\n\t\t<\/div>\n\t<\/div>\n\t\t\t\t\t\t\t\t\n\t<div id=\"ngg-image-9391\" class=\"ngg-gallery-thumbnail-box\" style=\"width:33%;\" >\n\t\t<div class=\"ngg-gallery-thumbnail\" >\n\t\t\t<a href=\"https:\/\/wernerdeck.de\/blog\/wp-content\/gallery\/schuhe\/Schuhe-und-Handtasche-in-Madrid-06.jpg\"\n\t\t\t\ttitle=\"Widerstand zwecklos\"\n\t\t\t\tclass=\"ngg-simplelightbox\" rel=\"323c33a58941edf4d17c8d5ebaac199b\" data-image-id=\"9391\" data-src=\"https:\/\/wernerdeck.de\/blog\/wp-content\/gallery\/schuhe\/Schuhe-und-Handtasche-in-Madrid-06.jpg\" data-thumbnail=\"https:\/\/wernerdeck.de\/blog\/wp-content\/gallery\/schuhe\/thumbs\/thumbs_Schuhe-und-Handtasche-in-Madrid-06.jpg\" data-title=\"Schuhe-und-Handtasche-in-Madrid-06\" data-description=\"Widerstand zwecklos\" >\n\t\t\t\t\t\t\t\t<img title=\"Schuhe-und-Handtasche-in-Madrid-06\" alt=\"Schuhe-und-Handtasche-in-Madrid-06\" src=\"https:\/\/wernerdeck.de\/blog\/wp-content\/gallery\/schuhe\/thumbs\/thumbs_Schuhe-und-Handtasche-in-Madrid-06.jpg\" width='240' height='160' \/>\n\t\t\t\t\t\t\t<\/a>\n\t\t\t<span>\n\t\t\tWiderstand zwecklos\t\t\t<\/span>\n\t\t<\/div>\n\t<\/div>\n\t\t\t\t\t\t\t<br style=\"clear: both\" \/>\n\t\t\t\n\t<!-- Pagination -->\n\t\t<div class='ngg-clear'><\/div>\t\n<\/div>\n\n\tBeim Spazieren durch die belebten Stra\u00dfen gingen wir noch ein paar Kleinigkeiten einkaufen, bevor wir in der Tapas-Bar gegen\u00fcber unserem Hotel das Abendessen nahmen. Danach schlenderten wir noch \u00fcber den abendlichen Puerto del Sol. Insgesamt legten wir heute zu Fu\u00df 7,13 km zur\u00fcck. Und der Plan von ChatGPT war gar nicht so schlecht, wir hatten einen tollen Tag. \ud83d\ude09 F\u00fcr den morgigen Freitag ist erneut gutes Wetter angesagt.<\/p>\n\n<div class=\"ngg-galleryoverview ngg-template-caption\" id=\"ngg-gallery-83fa18301a8c775d833ff0e1cb8109aa-18713\">\n\n\t\t\n\t<!-- Thumbnails -->\n\t\t\t\t\t\n\t<div id=\"ngg-image-9412\" class=\"ngg-gallery-thumbnail-box\" style=\"width:25%;\" >\n\t\t<div class=\"ngg-gallery-thumbnail\" >\n\t\t\t<a href=\"https:\/\/wernerdeck.de\/blog\/wp-content\/gallery\/donnerstag-ende\/Weg-zum-Hotel-und-Abendessen-in-Madrid-06.jpg\"\n\t\t\t\ttitle=\"Belebte Stra\u00dfen\"\n\t\t\t\tclass=\"ngg-simplelightbox\" rel=\"83fa18301a8c775d833ff0e1cb8109aa\" data-image-id=\"9412\" data-src=\"https:\/\/wernerdeck.de\/blog\/wp-content\/gallery\/donnerstag-ende\/Weg-zum-Hotel-und-Abendessen-in-Madrid-06.jpg\" data-thumbnail=\"https:\/\/wernerdeck.de\/blog\/wp-content\/gallery\/donnerstag-ende\/thumbs\/thumbs_Weg-zum-Hotel-und-Abendessen-in-Madrid-06.jpg\" data-title=\"Weg-zum-Hotel-und-Abendessen-in-Madrid-06\" data-description=\"Belebte Stra\u00dfen\" >\n\t\t\t\t\t\t\t\t<img title=\"Weg-zum-Hotel-und-Abendessen-in-Madrid-06\" alt=\"Weg-zum-Hotel-und-Abendessen-in-Madrid-06\" src=\"https:\/\/wernerdeck.de\/blog\/wp-content\/gallery\/donnerstag-ende\/thumbs\/thumbs_Weg-zum-Hotel-und-Abendessen-in-Madrid-06.jpg\" width='240' height='160' \/>\n\t\t\t\t\t\t\t<\/a>\n\t\t\t<span>\n\t\t\tBelebte Stra\u00dfen\t\t\t<\/span>\n\t\t<\/div>\n\t<\/div>\n\t\t\t\t\t\t\t\t\n\t<div id=\"ngg-image-9413\" class=\"ngg-gallery-thumbnail-box\" style=\"width:25%;\" >\n\t\t<div class=\"ngg-gallery-thumbnail\" >\n\t\t\t<a href=\"https:\/\/wernerdeck.de\/blog\/wp-content\/gallery\/donnerstag-ende\/Weg-zum-Hotel-und-Abendessen-in-Madrid-07.jpg\"\n\t\t\t\ttitle=\"An der Kasse\"\n\t\t\t\tclass=\"ngg-simplelightbox\" rel=\"83fa18301a8c775d833ff0e1cb8109aa\" data-image-id=\"9413\" data-src=\"https:\/\/wernerdeck.de\/blog\/wp-content\/gallery\/donnerstag-ende\/Weg-zum-Hotel-und-Abendessen-in-Madrid-07.jpg\" data-thumbnail=\"https:\/\/wernerdeck.de\/blog\/wp-content\/gallery\/donnerstag-ende\/thumbs\/thumbs_Weg-zum-Hotel-und-Abendessen-in-Madrid-07.jpg\" data-title=\"Weg-zum-Hotel-und-Abendessen-in-Madrid-07\" data-description=\"An der Kasse\" >\n\t\t\t\t\t\t\t\t<img title=\"Weg-zum-Hotel-und-Abendessen-in-Madrid-07\" alt=\"Weg-zum-Hotel-und-Abendessen-in-Madrid-07\" src=\"https:\/\/wernerdeck.de\/blog\/wp-content\/gallery\/donnerstag-ende\/thumbs\/thumbs_Weg-zum-Hotel-und-Abendessen-in-Madrid-07.jpg\" width='240' height='160' \/>\n\t\t\t\t\t\t\t<\/a>\n\t\t\t<span>\n\t\t\tAn der Kasse\t\t\t<\/span>\n\t\t<\/div>\n\t<\/div>\n\t\t\t\t\t\t\t\t\n\t<div id=\"ngg-image-9414\" class=\"ngg-gallery-thumbnail-box\" style=\"width:25%;\" >\n\t\t<div class=\"ngg-gallery-thumbnail\" >\n\t\t\t<a href=\"https:\/\/wernerdeck.de\/blog\/wp-content\/gallery\/donnerstag-ende\/Weg-zum-Hotel-und-Abendessen-in-Madrid-08.jpg\"\n\t\t\t\ttitle=\" \"\n\t\t\t\tclass=\"ngg-simplelightbox\" rel=\"83fa18301a8c775d833ff0e1cb8109aa\" data-image-id=\"9414\" data-src=\"https:\/\/wernerdeck.de\/blog\/wp-content\/gallery\/donnerstag-ende\/Weg-zum-Hotel-und-Abendessen-in-Madrid-08.jpg\" data-thumbnail=\"https:\/\/wernerdeck.de\/blog\/wp-content\/gallery\/donnerstag-ende\/thumbs\/thumbs_Weg-zum-Hotel-und-Abendessen-in-Madrid-08.jpg\" data-title=\"Weg-zum-Hotel-und-Abendessen-in-Madrid-08\" data-description=\" \" >\n\t\t\t\t\t\t\t\t<img title=\"Weg-zum-Hotel-und-Abendessen-in-Madrid-08\" alt=\"Weg-zum-Hotel-und-Abendessen-in-Madrid-08\" src=\"https:\/\/wernerdeck.de\/blog\/wp-content\/gallery\/donnerstag-ende\/thumbs\/thumbs_Weg-zum-Hotel-und-Abendessen-in-Madrid-08.jpg\" width='240' height='160' \/>\n\t\t\t\t\t\t\t<\/a>\n\t\t\t<span>\n\t\t\t \t\t\t<\/span>\n\t\t<\/div>\n\t<\/div>\n\t\t\t\t\t\t\t\t\n\t<div id=\"ngg-image-9408\" class=\"ngg-gallery-thumbnail-box\" style=\"width:25%;\" >\n\t\t<div class=\"ngg-gallery-thumbnail\" >\n\t\t\t<a href=\"https:\/\/wernerdeck.de\/blog\/wp-content\/gallery\/donnerstag-ende\/Weg-zum-Hotel-und-Abendessen-in-Madrid-01.jpg\"\n\t\t\t\ttitle=\"Lecker bei Ca\u00f1as y Tapas\"\n\t\t\t\tclass=\"ngg-simplelightbox\" rel=\"83fa18301a8c775d833ff0e1cb8109aa\" data-image-id=\"9408\" data-src=\"https:\/\/wernerdeck.de\/blog\/wp-content\/gallery\/donnerstag-ende\/Weg-zum-Hotel-und-Abendessen-in-Madrid-01.jpg\" data-thumbnail=\"https:\/\/wernerdeck.de\/blog\/wp-content\/gallery\/donnerstag-ende\/thumbs\/thumbs_Weg-zum-Hotel-und-Abendessen-in-Madrid-01.jpg\" data-title=\"Weg-zum-Hotel-und-Abendessen-in-Madrid-01\" data-description=\"Lecker bei Ca\u00f1as y Tapas\" >\n\t\t\t\t\t\t\t\t<img title=\"Weg-zum-Hotel-und-Abendessen-in-Madrid-01\" alt=\"Weg-zum-Hotel-und-Abendessen-in-Madrid-01\" src=\"https:\/\/wernerdeck.de\/blog\/wp-content\/gallery\/donnerstag-ende\/thumbs\/thumbs_Weg-zum-Hotel-und-Abendessen-in-Madrid-01.jpg\" width='240' height='160' \/>\n\t\t\t\t\t\t\t<\/a>\n\t\t\t<span>\n\t\t\tLecker bei Ca\u00f1as y Tapas\t\t\t<\/span>\n\t\t<\/div>\n\t<\/div>\n\t\t\t\t\t\t\t<br style=\"clear: both\" \/>\n\t\t\t\n\t<div id=\"ngg-image-9409\" class=\"ngg-gallery-thumbnail-box\" style=\"width:25%;\" >\n\t\t<div class=\"ngg-gallery-thumbnail\" >\n\t\t\t<a href=\"https:\/\/wernerdeck.de\/blog\/wp-content\/gallery\/donnerstag-ende\/Weg-zum-Hotel-und-Abendessen-in-Madrid-02.jpg\"\n\t\t\t\ttitle=\" \"\n\t\t\t\tclass=\"ngg-simplelightbox\" rel=\"83fa18301a8c775d833ff0e1cb8109aa\" data-image-id=\"9409\" data-src=\"https:\/\/wernerdeck.de\/blog\/wp-content\/gallery\/donnerstag-ende\/Weg-zum-Hotel-und-Abendessen-in-Madrid-02.jpg\" data-thumbnail=\"https:\/\/wernerdeck.de\/blog\/wp-content\/gallery\/donnerstag-ende\/thumbs\/thumbs_Weg-zum-Hotel-und-Abendessen-in-Madrid-02.jpg\" data-title=\"Weg-zum-Hotel-und-Abendessen-in-Madrid-02\" data-description=\" \" >\n\t\t\t\t\t\t\t\t<img title=\"Weg-zum-Hotel-und-Abendessen-in-Madrid-02\" alt=\"Weg-zum-Hotel-und-Abendessen-in-Madrid-02\" src=\"https:\/\/wernerdeck.de\/blog\/wp-content\/gallery\/donnerstag-ende\/thumbs\/thumbs_Weg-zum-Hotel-und-Abendessen-in-Madrid-02.jpg\" width='240' height='160' \/>\n\t\t\t\t\t\t\t<\/a>\n\t\t\t<span>\n\t\t\t \t\t\t<\/span>\n\t\t<\/div>\n\t<\/div>\n\t\t\t\t\t\t\t\t\n\t<div id=\"ngg-image-9407\" class=\"ngg-gallery-thumbnail-box\" style=\"width:25%;\" >\n\t\t<div class=\"ngg-gallery-thumbnail\" >\n\t\t\t<a href=\"https:\/\/wernerdeck.de\/blog\/wp-content\/gallery\/donnerstag-ende\/Abendliches-Schlendern-ueber-den-Puerta-del-Sol-in-Madrid-02.jpg\"\n\t\t\t\ttitle=\"Puerto del Sol\"\n\t\t\t\tclass=\"ngg-simplelightbox\" rel=\"83fa18301a8c775d833ff0e1cb8109aa\" data-image-id=\"9407\" data-src=\"https:\/\/wernerdeck.de\/blog\/wp-content\/gallery\/donnerstag-ende\/Abendliches-Schlendern-ueber-den-Puerta-del-Sol-in-Madrid-02.jpg\" data-thumbnail=\"https:\/\/wernerdeck.de\/blog\/wp-content\/gallery\/donnerstag-ende\/thumbs\/thumbs_Abendliches-Schlendern-ueber-den-Puerta-del-Sol-in-Madrid-02.jpg\" data-title=\"Abendliches-Schlendern-ueber-den-Puerta-del-Sol-in-Madrid-02\" data-description=\"Puerto del Sol\" >\n\t\t\t\t\t\t\t\t<img title=\"Abendliches-Schlendern-ueber-den-Puerta-del-Sol-in-Madrid-02\" alt=\"Abendliches-Schlendern-ueber-den-Puerta-del-Sol-in-Madrid-02\" src=\"https:\/\/wernerdeck.de\/blog\/wp-content\/gallery\/donnerstag-ende\/thumbs\/thumbs_Abendliches-Schlendern-ueber-den-Puerta-del-Sol-in-Madrid-02.jpg\" width='240' height='160' \/>\n\t\t\t\t\t\t\t<\/a>\n\t\t\t<span>\n\t\t\tPuerto del Sol\t\t\t<\/span>\n\t\t<\/div>\n\t<\/div>\n\t\t\t\t\t\t\t\t\n\t<div id=\"ngg-image-9406\" class=\"ngg-gallery-thumbnail-box\" style=\"width:25%;\" >\n\t\t<div class=\"ngg-gallery-thumbnail\" >\n\t\t\t<a href=\"https:\/\/wernerdeck.de\/blog\/wp-content\/gallery\/donnerstag-ende\/Abendliches-Schlendern-ueber-den-Puerta-del-Sol-in-Madrid-01.jpg\"\n\t\t\t\ttitle=\"Puerto del Sol\"\n\t\t\t\tclass=\"ngg-simplelightbox\" rel=\"83fa18301a8c775d833ff0e1cb8109aa\" data-image-id=\"9406\" data-src=\"https:\/\/wernerdeck.de\/blog\/wp-content\/gallery\/donnerstag-ende\/Abendliches-Schlendern-ueber-den-Puerta-del-Sol-in-Madrid-01.jpg\" data-thumbnail=\"https:\/\/wernerdeck.de\/blog\/wp-content\/gallery\/donnerstag-ende\/thumbs\/thumbs_Abendliches-Schlendern-ueber-den-Puerta-del-Sol-in-Madrid-01.jpg\" data-title=\"Abendliches-Schlendern-ueber-den-Puerta-del-Sol-in-Madrid-01\" data-description=\"Puerto del Sol\" >\n\t\t\t\t\t\t\t\t<img title=\"Abendliches-Schlendern-ueber-den-Puerta-del-Sol-in-Madrid-01\" alt=\"Abendliches-Schlendern-ueber-den-Puerta-del-Sol-in-Madrid-01\" src=\"https:\/\/wernerdeck.de\/blog\/wp-content\/gallery\/donnerstag-ende\/thumbs\/thumbs_Abendliches-Schlendern-ueber-den-Puerta-del-Sol-in-Madrid-01.jpg\" width='240' height='160' \/>\n\t\t\t\t\t\t\t<\/a>\n\t\t\t<span>\n\t\t\tPuerto del Sol\t\t\t<\/span>\n\t\t<\/div>\n\t<\/div>\n\t\t\t\t\t\t\t\t\n\t<div id=\"ngg-image-9410\" class=\"ngg-gallery-thumbnail-box\" style=\"width:25%;\" >\n\t\t<div class=\"ngg-gallery-thumbnail\" >\n\t\t\t<a href=\"https:\/\/wernerdeck.de\/blog\/wp-content\/gallery\/donnerstag-ende\/Fussweg-unserer-Besichtigungstour-in-Madrid-01.png\"\n\t\t\t\ttitle=\"Vom Hotel bis zum Retiro-Park\"\n\t\t\t\tclass=\"ngg-simplelightbox\" rel=\"83fa18301a8c775d833ff0e1cb8109aa\" data-image-id=\"9410\" data-src=\"https:\/\/wernerdeck.de\/blog\/wp-content\/gallery\/donnerstag-ende\/Fussweg-unserer-Besichtigungstour-in-Madrid-01.png\" data-thumbnail=\"https:\/\/wernerdeck.de\/blog\/wp-content\/gallery\/donnerstag-ende\/thumbs\/thumbs_Fussweg-unserer-Besichtigungstour-in-Madrid-01.png\" data-title=\"Fussweg-unserer-Besichtigungstour-in-Madrid-01\" data-description=\"Vom Hotel bis zum Retiro-Park\" >\n\t\t\t\t\t\t\t\t<img title=\"Fussweg-unserer-Besichtigungstour-in-Madrid-01\" alt=\"Fussweg-unserer-Besichtigungstour-in-Madrid-01\" src=\"https:\/\/wernerdeck.de\/blog\/wp-content\/gallery\/donnerstag-ende\/thumbs\/thumbs_Fussweg-unserer-Besichtigungstour-in-Madrid-01.png\" width='240' height='160' \/>\n\t\t\t\t\t\t\t<\/a>\n\t\t\t<span>\n\t\t\tVom Hotel bis zum Retiro-Park\t\t\t<\/span>\n\t\t<\/div>\n\t<\/div>\n\t\t\t\t\t\t\t<br style=\"clear: both\" \/>\n\t\t\t\n\t<div id=\"ngg-image-9405\" class=\"ngg-gallery-thumbnail-box\" style=\"width:25%;\" >\n\t\t<div class=\"ngg-gallery-thumbnail\" >\n\t\t\t<a href=\"https:\/\/wernerdeck.de\/blog\/wp-content\/gallery\/donnerstag-ende\/Fussweg-unserer-Besichtigungstour-in-Madrid-02.png\"\n\t\t\t\ttitle=\"Vom Metropolis-Haus zum Hotel\"\n\t\t\t\tclass=\"ngg-simplelightbox\" rel=\"83fa18301a8c775d833ff0e1cb8109aa\" data-image-id=\"9405\" data-src=\"https:\/\/wernerdeck.de\/blog\/wp-content\/gallery\/donnerstag-ende\/Fussweg-unserer-Besichtigungstour-in-Madrid-02.png\" data-thumbnail=\"https:\/\/wernerdeck.de\/blog\/wp-content\/gallery\/donnerstag-ende\/thumbs\/thumbs_Fussweg-unserer-Besichtigungstour-in-Madrid-02.png\" data-title=\"Fussweg-unserer-Besichtigungstour-in-Madrid-02\" data-description=\"Vom Metropolis-Haus zum Hotel\" >\n\t\t\t\t\t\t\t\t<img title=\"Fussweg-unserer-Besichtigungstour-in-Madrid-02\" alt=\"Fussweg-unserer-Besichtigungstour-in-Madrid-02\" src=\"https:\/\/wernerdeck.de\/blog\/wp-content\/gallery\/donnerstag-ende\/thumbs\/thumbs_Fussweg-unserer-Besichtigungstour-in-Madrid-02.png\" width='240' height='160' \/>\n\t\t\t\t\t\t\t<\/a>\n\t\t\t<span>\n\t\t\tVom Metropolis-Haus zum Hotel\t\t\t<\/span>\n\t\t<\/div>\n\t<\/div>\n\t\t\t\t\t\t\t\t\n\t<div id=\"ngg-image-9404\" class=\"ngg-gallery-thumbnail-box\" style=\"width:25%;\" >\n\t\t<div class=\"ngg-gallery-thumbnail\" >\n\t\t\t<a href=\"https:\/\/wernerdeck.de\/blog\/wp-content\/gallery\/donnerstag-ende\/Fussweg-unserer-Besichtigungstour-in-Madrid-03.png\"\n\t\t\t\ttitle=\"Plan von ChatGPT f\u00fcr heute\"\n\t\t\t\tclass=\"ngg-simplelightbox\" rel=\"83fa18301a8c775d833ff0e1cb8109aa\" data-image-id=\"9404\" data-src=\"https:\/\/wernerdeck.de\/blog\/wp-content\/gallery\/donnerstag-ende\/Fussweg-unserer-Besichtigungstour-in-Madrid-03.png\" data-thumbnail=\"https:\/\/wernerdeck.de\/blog\/wp-content\/gallery\/donnerstag-ende\/thumbs\/thumbs_Fussweg-unserer-Besichtigungstour-in-Madrid-03.png\" data-title=\"Fussweg-unserer-Besichtigungstour-in-Madrid-03\" data-description=\"Plan von ChatGPT f\u00fcr heute\" >\n\t\t\t\t\t\t\t\t<img title=\"Fussweg-unserer-Besichtigungstour-in-Madrid-03\" alt=\"Fussweg-unserer-Besichtigungstour-in-Madrid-03\" src=\"https:\/\/wernerdeck.de\/blog\/wp-content\/gallery\/donnerstag-ende\/thumbs\/thumbs_Fussweg-unserer-Besichtigungstour-in-Madrid-03.png\" width='240' height='140' \/>\n\t\t\t\t\t\t\t<\/a>\n\t\t\t<span>\n\t\t\tPlan von ChatGPT f\u00fcr heute\t\t\t<\/span>\n\t\t<\/div>\n\t<\/div>\n\t\t\t\t\t\t\t\t\n\t<div id=\"ngg-image-9411\" class=\"ngg-gallery-thumbnail-box\" style=\"width:25%;\" >\n\t\t<div class=\"ngg-gallery-thumbnail\" >\n\t\t\t<a href=\"https:\/\/wernerdeck.de\/blog\/wp-content\/gallery\/donnerstag-ende\/Wetter-am-Freitag-in-Madrid.jpg\"\n\t\t\t\ttitle=\"Das Wetter Morgen\"\n\t\t\t\tclass=\"ngg-simplelightbox\" rel=\"83fa18301a8c775d833ff0e1cb8109aa\" data-image-id=\"9411\" data-src=\"https:\/\/wernerdeck.de\/blog\/wp-content\/gallery\/donnerstag-ende\/Wetter-am-Freitag-in-Madrid.jpg\" data-thumbnail=\"https:\/\/wernerdeck.de\/blog\/wp-content\/gallery\/donnerstag-ende\/thumbs\/thumbs_Wetter-am-Freitag-in-Madrid.jpg\" data-title=\"Wetter-am-Freitag-in-Madrid\" data-description=\"Das Wetter Morgen\" >\n\t\t\t\t\t\t\t\t<img title=\"Wetter-am-Freitag-in-Madrid\" alt=\"Wetter-am-Freitag-in-Madrid\" src=\"https:\/\/wernerdeck.de\/blog\/wp-content\/gallery\/donnerstag-ende\/thumbs\/thumbs_Wetter-am-Freitag-in-Madrid.jpg\" width='240' height='160' \/>\n\t\t\t\t\t\t\t<\/a>\n\t\t\t<span>\n\t\t\tDas Wetter Morgen\t\t\t<\/span>\n\t\t<\/div>\n\t<\/div>\n\t\t\t\t\t\t\t\t\n\t<!-- Pagination -->\n\t\t<div class='ngg-clear'><\/div>\t\n<\/div>\n\n\t\n<hr>\n<p><a href=\"https:\/\/wernerdeck.de\/blog\/2024\/03\/22\/zweiter-besichtigungstag-plaza-mayor-plaza-de-la-villa-koenigspalast-und-amudena-kathedrale-waren-unsere-stationen\/\">Hier geht es zum n\u00e4chsten Tag, Freitag, 22. M\u00e4rz 2024<\/a><\/p>\n","protected":false},"excerpt":{"rendered":"<p>Hier geht es zu Vortag, Mittwoch, 20. M\u00e4rz Unser Plan heute: Puerta del Sol, Plaza de Canalejas, Parlamentsgeb\u00e4ude, Neptunbrunnen, Museo del Prado, San Jer\u00f3nimo el Real und Retiro-Park, Das Wetter meinte es gut mit uns und so freuten wir uns auf unseren ersten Besichtigungstag in Madrid. Entspannt und ohne Druck wollten wir das angehen. Was &#8230; <a title=\"Donnerstag, 21. M\u00e4rz 2024. Sch\u00f6nes Wetter und viel Kultur bei unserem ersten Besichtigungstag in Madrid\" class=\"read-more\" href=\"https:\/\/wernerdeck.de\/blog\/2024\/03\/21\/donnerstag-21-maerz-2024-schoenes-wetter-und-viel-kultur-bei-unserem-ersten-besichtigungstag-in-madrid\/\" aria-label=\"Mehr Informationen \u00fcber Donnerstag, 21. M\u00e4rz 2024. Sch\u00f6nes Wetter und viel Kultur bei unserem ersten Besichtigungstag in Madrid\">Weiterlesen<\/a><\/p>\n","protected":false},"author":1,"featured_media":18898,"comment_status":"open","ping_status":"open","sticky":false,"template":"","format":"standard","meta":{"ngg_post_thumbnail":0,"iawp_total_views":109,"footnotes":""},"categories":[208],"tags":[424,363,461],"class_list":["post-18713","post","type-post","status-publish","format-standard","has-post-thumbnail","hentry","category-reisebericht","tag-madrid","tag-teneriffa","tag-teneriffa-2024"],"yoast_head":"<!-- This site is optimized with the Yoast SEO plugin v28.4 - https:\/\/yoast.com\/product\/yoast-seo-wordpress\/ -->\n<title>Donnerstag, 21. M\u00e4rz 2024. Sch\u00f6nes Wetter und viel Kultur bei unserem ersten Besichtigungstag in Madrid - Privater Blog von Werner Deck<\/title>\n<meta name=\"description\" content=\"Unser Plan heut ware: Puerta del Sol, Plaza de Canalejas, Parlamentsgeb\u00e4ude, Neptunbrunnen, Prado-Museum, San Jer\u00f3nimo el Real, Retiro-Park\" \/>\n<meta name=\"robots\" content=\"index, follow, max-snippet:-1, max-image-preview:large, max-video-preview:-1\" \/>\n<link rel=\"canonical\" href=\"https:\/\/wernerdeck.de\/blog\/2024\/03\/21\/donnerstag-21-maerz-2024-schoenes-wetter-und-viel-kultur-bei-unserem-ersten-besichtigungstag-in-madrid\/\" \/>\n<meta property=\"og:locale\" content=\"de_DE\" \/>\n<meta property=\"og:type\" content=\"article\" \/>\n<meta property=\"og:title\" content=\"Donnerstag, 21. M\u00e4rz 2024. Sch\u00f6nes Wetter und viel Kultur bei unserem ersten Besichtigungstag in Madrid - Privater Blog von Werner Deck\" \/>\n<meta property=\"og:description\" content=\"Unser Plan heut ware: Puerta del Sol, Plaza de Canalejas, Parlamentsgeb\u00e4ude, Neptunbrunnen, Prado-Museum, San Jer\u00f3nimo el Real, Retiro-Park\" \/>\n<meta property=\"og:url\" content=\"https:\/\/wernerdeck.de\/blog\/2024\/03\/21\/donnerstag-21-maerz-2024-schoenes-wetter-und-viel-kultur-bei-unserem-ersten-besichtigungstag-in-madrid\/\" \/>\n<meta property=\"og:site_name\" content=\"Privater Blog von Werner Deck\" \/>\n<meta property=\"article:publisher\" content=\"https:\/\/www.facebook.com\/werner.deck\/\" \/>\n<meta property=\"article:author\" content=\"https:\/\/www.facebook.com\/werner.deck\/\" \/>\n<meta property=\"article:published_time\" content=\"2024-03-21T22:35:48+00:00\" \/>\n<meta property=\"article:modified_time\" content=\"2024-09-30T19:27:53+00:00\" \/>\n<meta property=\"og:image\" content=\"https:\/\/wernerdeck.de\/blog\/wp-content\/uploads\/2024\/08\/Besichtigungstag-in-madrid.png\" \/>\n\t<meta property=\"og:image:width\" content=\"1200\" \/>\n\t<meta property=\"og:image:height\" content=\"274\" \/>\n\t<meta property=\"og:image:type\" content=\"image\/png\" \/>\n<meta name=\"author\" content=\"Werner Deck\" \/>\n<meta name=\"twitter:card\" content=\"summary_large_image\" \/>\n<meta name=\"twitter:label1\" content=\"Verfasst von\" \/>\n\t<meta name=\"twitter:data1\" content=\"Werner Deck\" \/>\n\t<meta name=\"twitter:label2\" content=\"Gesch\u00e4tzte Lesezeit\" \/>\n\t<meta name=\"twitter:data2\" content=\"10\u00a0Minuten\" \/>\n<script type=\"application\/ld+json\" class=\"yoast-schema-graph\">{\"@context\":\"https:\\\/\\\/schema.org\",\"@graph\":[{\"@type\":\"Article\",\"@id\":\"https:\\\/\\\/wernerdeck.de\\\/blog\\\/2024\\\/03\\\/21\\\/donnerstag-21-maerz-2024-schoenes-wetter-und-viel-kultur-bei-unserem-ersten-besichtigungstag-in-madrid\\\/#article\",\"isPartOf\":{\"@id\":\"https:\\\/\\\/wernerdeck.de\\\/blog\\\/2024\\\/03\\\/21\\\/donnerstag-21-maerz-2024-schoenes-wetter-und-viel-kultur-bei-unserem-ersten-besichtigungstag-in-madrid\\\/\"},\"author\":{\"name\":\"Werner Deck\",\"@id\":\"https:\\\/\\\/wernerdeck.de\\\/blog\\\/#\\\/schema\\\/person\\\/7af62de1f11b0a09297eeb81281e523c\"},\"headline\":\"Donnerstag, 21. M\u00e4rz 2024. Sch\u00f6nes Wetter und viel Kultur bei unserem ersten Besichtigungstag in Madrid\",\"datePublished\":\"2024-03-21T22:35:48+00:00\",\"dateModified\":\"2024-09-30T19:27:53+00:00\",\"mainEntityOfPage\":{\"@id\":\"https:\\\/\\\/wernerdeck.de\\\/blog\\\/2024\\\/03\\\/21\\\/donnerstag-21-maerz-2024-schoenes-wetter-und-viel-kultur-bei-unserem-ersten-besichtigungstag-in-madrid\\\/\"},\"wordCount\":1807,\"commentCount\":0,\"publisher\":{\"@id\":\"https:\\\/\\\/wernerdeck.de\\\/blog\\\/#\\\/schema\\\/person\\\/7af62de1f11b0a09297eeb81281e523c\"},\"image\":{\"@id\":\"https:\\\/\\\/wernerdeck.de\\\/blog\\\/2024\\\/03\\\/21\\\/donnerstag-21-maerz-2024-schoenes-wetter-und-viel-kultur-bei-unserem-ersten-besichtigungstag-in-madrid\\\/#primaryimage\"},\"thumbnailUrl\":\"https:\\\/\\\/wernerdeck.de\\\/blog\\\/wp-content\\\/uploads\\\/2024\\\/08\\\/Besichtigungstag-in-madrid.png\",\"keywords\":[\"Madrid\",\"Teneriffa\",\"Teneriffa 2024\"],\"articleSection\":[\"Reisebericht\"],\"inLanguage\":\"de\",\"potentialAction\":[{\"@type\":\"CommentAction\",\"name\":\"Comment\",\"target\":[\"https:\\\/\\\/wernerdeck.de\\\/blog\\\/2024\\\/03\\\/21\\\/donnerstag-21-maerz-2024-schoenes-wetter-und-viel-kultur-bei-unserem-ersten-besichtigungstag-in-madrid\\\/#respond\"]}]},{\"@type\":\"WebPage\",\"@id\":\"https:\\\/\\\/wernerdeck.de\\\/blog\\\/2024\\\/03\\\/21\\\/donnerstag-21-maerz-2024-schoenes-wetter-und-viel-kultur-bei-unserem-ersten-besichtigungstag-in-madrid\\\/\",\"url\":\"https:\\\/\\\/wernerdeck.de\\\/blog\\\/2024\\\/03\\\/21\\\/donnerstag-21-maerz-2024-schoenes-wetter-und-viel-kultur-bei-unserem-ersten-besichtigungstag-in-madrid\\\/\",\"name\":\"Donnerstag, 21. M\u00e4rz 2024. Sch\u00f6nes Wetter und viel Kultur bei unserem ersten Besichtigungstag in Madrid - Privater Blog von Werner Deck\",\"isPartOf\":{\"@id\":\"https:\\\/\\\/wernerdeck.de\\\/blog\\\/#website\"},\"primaryImageOfPage\":{\"@id\":\"https:\\\/\\\/wernerdeck.de\\\/blog\\\/2024\\\/03\\\/21\\\/donnerstag-21-maerz-2024-schoenes-wetter-und-viel-kultur-bei-unserem-ersten-besichtigungstag-in-madrid\\\/#primaryimage\"},\"image\":{\"@id\":\"https:\\\/\\\/wernerdeck.de\\\/blog\\\/2024\\\/03\\\/21\\\/donnerstag-21-maerz-2024-schoenes-wetter-und-viel-kultur-bei-unserem-ersten-besichtigungstag-in-madrid\\\/#primaryimage\"},\"thumbnailUrl\":\"https:\\\/\\\/wernerdeck.de\\\/blog\\\/wp-content\\\/uploads\\\/2024\\\/08\\\/Besichtigungstag-in-madrid.png\",\"datePublished\":\"2024-03-21T22:35:48+00:00\",\"dateModified\":\"2024-09-30T19:27:53+00:00\",\"description\":\"Unser Plan heut ware: Puerta del Sol, Plaza de Canalejas, Parlamentsgeb\u00e4ude, Neptunbrunnen, Prado-Museum, San Jer\u00f3nimo el Real, Retiro-Park\",\"breadcrumb\":{\"@id\":\"https:\\\/\\\/wernerdeck.de\\\/blog\\\/2024\\\/03\\\/21\\\/donnerstag-21-maerz-2024-schoenes-wetter-und-viel-kultur-bei-unserem-ersten-besichtigungstag-in-madrid\\\/#breadcrumb\"},\"inLanguage\":\"de\",\"potentialAction\":[{\"@type\":\"ReadAction\",\"target\":[\"https:\\\/\\\/wernerdeck.de\\\/blog\\\/2024\\\/03\\\/21\\\/donnerstag-21-maerz-2024-schoenes-wetter-und-viel-kultur-bei-unserem-ersten-besichtigungstag-in-madrid\\\/\"]}]},{\"@type\":\"ImageObject\",\"inLanguage\":\"de\",\"@id\":\"https:\\\/\\\/wernerdeck.de\\\/blog\\\/2024\\\/03\\\/21\\\/donnerstag-21-maerz-2024-schoenes-wetter-und-viel-kultur-bei-unserem-ersten-besichtigungstag-in-madrid\\\/#primaryimage\",\"url\":\"https:\\\/\\\/wernerdeck.de\\\/blog\\\/wp-content\\\/uploads\\\/2024\\\/08\\\/Besichtigungstag-in-madrid.png\",\"contentUrl\":\"https:\\\/\\\/wernerdeck.de\\\/blog\\\/wp-content\\\/uploads\\\/2024\\\/08\\\/Besichtigungstag-in-madrid.png\",\"width\":1200,\"height\":274,\"caption\":\"Besichtigungstag in madrid\"},{\"@type\":\"BreadcrumbList\",\"@id\":\"https:\\\/\\\/wernerdeck.de\\\/blog\\\/2024\\\/03\\\/21\\\/donnerstag-21-maerz-2024-schoenes-wetter-und-viel-kultur-bei-unserem-ersten-besichtigungstag-in-madrid\\\/#breadcrumb\",\"itemListElement\":[{\"@type\":\"ListItem\",\"position\":1,\"name\":\"Startseite\",\"item\":\"https:\\\/\\\/wernerdeck.de\\\/blog\\\/\"},{\"@type\":\"ListItem\",\"position\":2,\"name\":\"Donnerstag, 21. M\u00e4rz 2024. Sch\u00f6nes Wetter und viel Kultur bei unserem ersten Besichtigungstag in Madrid\"}]},{\"@type\":\"WebSite\",\"@id\":\"https:\\\/\\\/wernerdeck.de\\\/blog\\\/#website\",\"url\":\"https:\\\/\\\/wernerdeck.de\\\/blog\\\/\",\"name\":\"Blog von Werner Deck\",\"description\":\"\",\"publisher\":{\"@id\":\"https:\\\/\\\/wernerdeck.de\\\/blog\\\/#\\\/schema\\\/person\\\/7af62de1f11b0a09297eeb81281e523c\"},\"potentialAction\":[{\"@type\":\"SearchAction\",\"target\":{\"@type\":\"EntryPoint\",\"urlTemplate\":\"https:\\\/\\\/wernerdeck.de\\\/blog\\\/?s={search_term_string}\"},\"query-input\":{\"@type\":\"PropertyValueSpecification\",\"valueRequired\":true,\"valueName\":\"search_term_string\"}}],\"inLanguage\":\"de\"},{\"@type\":[\"Person\",\"Organization\"],\"@id\":\"https:\\\/\\\/wernerdeck.de\\\/blog\\\/#\\\/schema\\\/person\\\/7af62de1f11b0a09297eeb81281e523c\",\"name\":\"Werner Deck\",\"image\":{\"@type\":\"ImageObject\",\"inLanguage\":\"de\",\"@id\":\"https:\\\/\\\/wernerdeck.de\\\/blog\\\/wp-content\\\/uploads\\\/2022\\\/05\\\/Werner-Deck-995x1024.jpg\",\"url\":\"https:\\\/\\\/wernerdeck.de\\\/blog\\\/wp-content\\\/uploads\\\/2022\\\/05\\\/Werner-Deck-995x1024.jpg\",\"contentUrl\":\"https:\\\/\\\/wernerdeck.de\\\/blog\\\/wp-content\\\/uploads\\\/2022\\\/05\\\/Werner-Deck-995x1024.jpg\",\"width\":995,\"height\":1024,\"caption\":\"Werner Deck\"},\"logo\":{\"@id\":\"https:\\\/\\\/wernerdeck.de\\\/blog\\\/wp-content\\\/uploads\\\/2022\\\/05\\\/Werner-Deck-995x1024.jpg\"},\"sameAs\":[\"https:\\\/\\\/wernerdeck.de\\\/blog\",\"https:\\\/\\\/www.facebook.com\\\/werner.deck\\\/\",\"https:\\\/\\\/www.instagram.com\\\/opti_maler_deck\\\/\",\"https:\\\/\\\/www.youtube.com\\\/c\\\/WernerDeck\"],\"url\":\"https:\\\/\\\/wernerdeck.de\\\/blog\\\/author\\\/wernerdeck-de\\\/\"}]}<\/script>\n<!-- \/ Yoast SEO plugin. -->","yoast_head_json":{"title":"Donnerstag, 21. M\u00e4rz 2024. Sch\u00f6nes Wetter und viel Kultur bei unserem ersten Besichtigungstag in Madrid - Privater Blog von Werner Deck","description":"Unser Plan heut ware: Puerta del Sol, Plaza de Canalejas, Parlamentsgeb\u00e4ude, Neptunbrunnen, Prado-Museum, San Jer\u00f3nimo el Real, Retiro-Park","robots":{"index":"index","follow":"follow","max-snippet":"max-snippet:-1","max-image-preview":"max-image-preview:large","max-video-preview":"max-video-preview:-1"},"canonical":"https:\/\/wernerdeck.de\/blog\/2024\/03\/21\/donnerstag-21-maerz-2024-schoenes-wetter-und-viel-kultur-bei-unserem-ersten-besichtigungstag-in-madrid\/","og_locale":"de_DE","og_type":"article","og_title":"Donnerstag, 21. M\u00e4rz 2024. Sch\u00f6nes Wetter und viel Kultur bei unserem ersten Besichtigungstag in Madrid - Privater Blog von Werner Deck","og_description":"Unser Plan heut ware: Puerta del Sol, Plaza de Canalejas, Parlamentsgeb\u00e4ude, Neptunbrunnen, Prado-Museum, San Jer\u00f3nimo el Real, Retiro-Park","og_url":"https:\/\/wernerdeck.de\/blog\/2024\/03\/21\/donnerstag-21-maerz-2024-schoenes-wetter-und-viel-kultur-bei-unserem-ersten-besichtigungstag-in-madrid\/","og_site_name":"Privater Blog von Werner Deck","article_publisher":"https:\/\/www.facebook.com\/werner.deck\/","article_author":"https:\/\/www.facebook.com\/werner.deck\/","article_published_time":"2024-03-21T22:35:48+00:00","article_modified_time":"2024-09-30T19:27:53+00:00","og_image":[{"width":1200,"height":274,"url":"https:\/\/wernerdeck.de\/blog\/wp-content\/uploads\/2024\/08\/Besichtigungstag-in-madrid.png","type":"image\/png"}],"author":"Werner Deck","twitter_card":"summary_large_image","twitter_misc":{"Verfasst von":"Werner Deck","Gesch\u00e4tzte Lesezeit":"10\u00a0Minuten"},"schema":{"@context":"https:\/\/schema.org","@graph":[{"@type":"Article","@id":"https:\/\/wernerdeck.de\/blog\/2024\/03\/21\/donnerstag-21-maerz-2024-schoenes-wetter-und-viel-kultur-bei-unserem-ersten-besichtigungstag-in-madrid\/#article","isPartOf":{"@id":"https:\/\/wernerdeck.de\/blog\/2024\/03\/21\/donnerstag-21-maerz-2024-schoenes-wetter-und-viel-kultur-bei-unserem-ersten-besichtigungstag-in-madrid\/"},"author":{"name":"Werner Deck","@id":"https:\/\/wernerdeck.de\/blog\/#\/schema\/person\/7af62de1f11b0a09297eeb81281e523c"},"headline":"Donnerstag, 21. M\u00e4rz 2024. Sch\u00f6nes Wetter und viel Kultur bei unserem ersten Besichtigungstag in Madrid","datePublished":"2024-03-21T22:35:48+00:00","dateModified":"2024-09-30T19:27:53+00:00","mainEntityOfPage":{"@id":"https:\/\/wernerdeck.de\/blog\/2024\/03\/21\/donnerstag-21-maerz-2024-schoenes-wetter-und-viel-kultur-bei-unserem-ersten-besichtigungstag-in-madrid\/"},"wordCount":1807,"commentCount":0,"publisher":{"@id":"https:\/\/wernerdeck.de\/blog\/#\/schema\/person\/7af62de1f11b0a09297eeb81281e523c"},"image":{"@id":"https:\/\/wernerdeck.de\/blog\/2024\/03\/21\/donnerstag-21-maerz-2024-schoenes-wetter-und-viel-kultur-bei-unserem-ersten-besichtigungstag-in-madrid\/#primaryimage"},"thumbnailUrl":"https:\/\/wernerdeck.de\/blog\/wp-content\/uploads\/2024\/08\/Besichtigungstag-in-madrid.png","keywords":["Madrid","Teneriffa","Teneriffa 2024"],"articleSection":["Reisebericht"],"inLanguage":"de","potentialAction":[{"@type":"CommentAction","name":"Comment","target":["https:\/\/wernerdeck.de\/blog\/2024\/03\/21\/donnerstag-21-maerz-2024-schoenes-wetter-und-viel-kultur-bei-unserem-ersten-besichtigungstag-in-madrid\/#respond"]}]},{"@type":"WebPage","@id":"https:\/\/wernerdeck.de\/blog\/2024\/03\/21\/donnerstag-21-maerz-2024-schoenes-wetter-und-viel-kultur-bei-unserem-ersten-besichtigungstag-in-madrid\/","url":"https:\/\/wernerdeck.de\/blog\/2024\/03\/21\/donnerstag-21-maerz-2024-schoenes-wetter-und-viel-kultur-bei-unserem-ersten-besichtigungstag-in-madrid\/","name":"Donnerstag, 21. M\u00e4rz 2024. Sch\u00f6nes Wetter und viel Kultur bei unserem ersten Besichtigungstag in Madrid - Privater Blog von Werner Deck","isPartOf":{"@id":"https:\/\/wernerdeck.de\/blog\/#website"},"primaryImageOfPage":{"@id":"https:\/\/wernerdeck.de\/blog\/2024\/03\/21\/donnerstag-21-maerz-2024-schoenes-wetter-und-viel-kultur-bei-unserem-ersten-besichtigungstag-in-madrid\/#primaryimage"},"image":{"@id":"https:\/\/wernerdeck.de\/blog\/2024\/03\/21\/donnerstag-21-maerz-2024-schoenes-wetter-und-viel-kultur-bei-unserem-ersten-besichtigungstag-in-madrid\/#primaryimage"},"thumbnailUrl":"https:\/\/wernerdeck.de\/blog\/wp-content\/uploads\/2024\/08\/Besichtigungstag-in-madrid.png","datePublished":"2024-03-21T22:35:48+00:00","dateModified":"2024-09-30T19:27:53+00:00","description":"Unser Plan heut ware: Puerta del Sol, Plaza de Canalejas, Parlamentsgeb\u00e4ude, Neptunbrunnen, Prado-Museum, San Jer\u00f3nimo el Real, Retiro-Park","breadcrumb":{"@id":"https:\/\/wernerdeck.de\/blog\/2024\/03\/21\/donnerstag-21-maerz-2024-schoenes-wetter-und-viel-kultur-bei-unserem-ersten-besichtigungstag-in-madrid\/#breadcrumb"},"inLanguage":"de","potentialAction":[{"@type":"ReadAction","target":["https:\/\/wernerdeck.de\/blog\/2024\/03\/21\/donnerstag-21-maerz-2024-schoenes-wetter-und-viel-kultur-bei-unserem-ersten-besichtigungstag-in-madrid\/"]}]},{"@type":"ImageObject","inLanguage":"de","@id":"https:\/\/wernerdeck.de\/blog\/2024\/03\/21\/donnerstag-21-maerz-2024-schoenes-wetter-und-viel-kultur-bei-unserem-ersten-besichtigungstag-in-madrid\/#primaryimage","url":"https:\/\/wernerdeck.de\/blog\/wp-content\/uploads\/2024\/08\/Besichtigungstag-in-madrid.png","contentUrl":"https:\/\/wernerdeck.de\/blog\/wp-content\/uploads\/2024\/08\/Besichtigungstag-in-madrid.png","width":1200,"height":274,"caption":"Besichtigungstag in madrid"},{"@type":"BreadcrumbList","@id":"https:\/\/wernerdeck.de\/blog\/2024\/03\/21\/donnerstag-21-maerz-2024-schoenes-wetter-und-viel-kultur-bei-unserem-ersten-besichtigungstag-in-madrid\/#breadcrumb","itemListElement":[{"@type":"ListItem","position":1,"name":"Startseite","item":"https:\/\/wernerdeck.de\/blog\/"},{"@type":"ListItem","position":2,"name":"Donnerstag, 21. M\u00e4rz 2024. Sch\u00f6nes Wetter und viel Kultur bei unserem ersten Besichtigungstag in Madrid"}]},{"@type":"WebSite","@id":"https:\/\/wernerdeck.de\/blog\/#website","url":"https:\/\/wernerdeck.de\/blog\/","name":"Blog von Werner Deck","description":"","publisher":{"@id":"https:\/\/wernerdeck.de\/blog\/#\/schema\/person\/7af62de1f11b0a09297eeb81281e523c"},"potentialAction":[{"@type":"SearchAction","target":{"@type":"EntryPoint","urlTemplate":"https:\/\/wernerdeck.de\/blog\/?s={search_term_string}"},"query-input":{"@type":"PropertyValueSpecification","valueRequired":true,"valueName":"search_term_string"}}],"inLanguage":"de"},{"@type":["Person","Organization"],"@id":"https:\/\/wernerdeck.de\/blog\/#\/schema\/person\/7af62de1f11b0a09297eeb81281e523c","name":"Werner Deck","image":{"@type":"ImageObject","inLanguage":"de","@id":"https:\/\/wernerdeck.de\/blog\/wp-content\/uploads\/2022\/05\/Werner-Deck-995x1024.jpg","url":"https:\/\/wernerdeck.de\/blog\/wp-content\/uploads\/2022\/05\/Werner-Deck-995x1024.jpg","contentUrl":"https:\/\/wernerdeck.de\/blog\/wp-content\/uploads\/2022\/05\/Werner-Deck-995x1024.jpg","width":995,"height":1024,"caption":"Werner Deck"},"logo":{"@id":"https:\/\/wernerdeck.de\/blog\/wp-content\/uploads\/2022\/05\/Werner-Deck-995x1024.jpg"},"sameAs":["https:\/\/wernerdeck.de\/blog","https:\/\/www.facebook.com\/werner.deck\/","https:\/\/www.instagram.com\/opti_maler_deck\/","https:\/\/www.youtube.com\/c\/WernerDeck"],"url":"https:\/\/wernerdeck.de\/blog\/author\/wernerdeck-de\/"}]}},"_links":{"self":[{"href":"https:\/\/wernerdeck.de\/blog\/wp-json\/wp\/v2\/posts\/18713","targetHints":{"allow":["GET"]}}],"collection":[{"href":"https:\/\/wernerdeck.de\/blog\/wp-json\/wp\/v2\/posts"}],"about":[{"href":"https:\/\/wernerdeck.de\/blog\/wp-json\/wp\/v2\/types\/post"}],"author":[{"embeddable":true,"href":"https:\/\/wernerdeck.de\/blog\/wp-json\/wp\/v2\/users\/1"}],"replies":[{"embeddable":true,"href":"https:\/\/wernerdeck.de\/blog\/wp-json\/wp\/v2\/comments?post=18713"}],"version-history":[{"count":0,"href":"https:\/\/wernerdeck.de\/blog\/wp-json\/wp\/v2\/posts\/18713\/revisions"}],"wp:featuredmedia":[{"embeddable":true,"href":"https:\/\/wernerdeck.de\/blog\/wp-json\/wp\/v2\/media\/18898"}],"wp:attachment":[{"href":"https:\/\/wernerdeck.de\/blog\/wp-json\/wp\/v2\/media?parent=18713"}],"wp:term":[{"taxonomy":"category","embeddable":true,"href":"https:\/\/wernerdeck.de\/blog\/wp-json\/wp\/v2\/categories?post=18713"},{"taxonomy":"post_tag","embeddable":true,"href":"https:\/\/wernerdeck.de\/blog\/wp-json\/wp\/v2\/tags?post=18713"}],"curies":[{"name":"wp","href":"https:\/\/api.w.org\/{rel}","templated":true}]}}