{"id":18085,"date":"2024-07-09T10:35:19","date_gmt":"2024-07-09T08:35:19","guid":{"rendered":"https:\/\/wernerdeck.de\/blog\/?p=18085"},"modified":"2024-07-10T10:09:32","modified_gmt":"2024-07-10T08:09:32","slug":"glueckwunsch-und-herzliches-dankeschoen-an-polar-ich-bin-begeistert-ueber-den-aussergewoehnlichen-service-von-polar","status":"publish","type":"post","link":"https:\/\/wernerdeck.de\/blog\/2024\/07\/09\/glueckwunsch-und-herzliches-dankeschoen-an-polar-ich-bin-begeistert-ueber-den-aussergewoehnlichen-service-von-polar\/","title":{"rendered":"Gl\u00fcckwunsch und herzliches Dankesch\u00f6n an POLAR. Ich bin begeistert \u00fcber den au\u00dfergew\u00f6hnlichen Service von POLAR"},"content":{"rendered":"<p><span style=\"font-weight: 400;\">Im November 2022 kaufte ich mir bei Ebay von einem privaten Verk\u00e4ufer eine <a href=\"https:\/\/www.polar.com\/de\/grit-x-pro?sku=90085773\" target=\"_blank\" rel=\"noopener\">Polar Grit X Pro<\/a>. An genaue Angaben \u00fcber die Uhr aus der Zeit erinnere ich mich nicht mehr, einen Kaufbeleg habe ich ebenfalls nicht.<\/span><\/p>\n<p><span style=\"font-weight: 400;\"><img loading=\"lazy\" decoding=\"async\" class=\"wp-image-18087 alignleft\" src=\"https:\/\/wernerdeck.de\/blog\/wp-content\/uploads\/2024\/07\/Polar-Grit-X-Pro-.jpg\" alt=\"Polar Grit X Pro\" width=\"267\" height=\"170\" srcset=\"https:\/\/wernerdeck.de\/blog\/wp-content\/uploads\/2024\/07\/Polar-Grit-X-Pro-.jpg 1200w, https:\/\/wernerdeck.de\/blog\/wp-content\/uploads\/2024\/07\/Polar-Grit-X-Pro--300x192.jpg 300w, https:\/\/wernerdeck.de\/blog\/wp-content\/uploads\/2024\/07\/Polar-Grit-X-Pro--1024x654.jpg 1024w, https:\/\/wernerdeck.de\/blog\/wp-content\/uploads\/2024\/07\/Polar-Grit-X-Pro--768x490.jpg 768w\" sizes=\"auto, (max-width: 267px) 100vw, 267px\" \/>Vor drei Wochen gab die Uhr ihren Geist auf. Das Zifferblatt blieb meistens dunkel und in der kurzen Zeit ihrer Funktion, wurde es auf der R\u00fcckseite der Uhr, durch eine kleine LED,&nbsp;auf der Haut empfindlich hei\u00df.&nbsp;<\/span><\/p>\n<p><span style=\"font-weight: 400;\">Also kurz gegoogelt, wo ich die Uhr reparieren lassen kann. <a href=\"https:\/\/www.polar.com\/de\" target=\"_blank\" rel=\"noopener\">Polar<\/a> leitet einem verst\u00e4ndlich durch den Serviceauftrag. Produkt angeben, pers\u00f6nliche Daten, Fehler beschreiben, Bild mit hochladen, Seriennummer der Uhr und Kaufdatum.&nbsp;<\/span><\/p>\n<p><span style=\"font-weight: 400;\">Hoffnung auf einen Garantiefall hatte ich nicht. Weder kannte ich das genaue Kaufdatum, noch hatte ich einen Kaufbeleg, den ich eigentlich bei der Einsendung der Uhr mit einlegen sollte.&nbsp;<\/span><\/p>\n<p><span style=\"font-weight: 400;\">Schnell wurde ich jeweils per E-Mail \u00fcber die einzelnen Schritte informiert. Am Mittwoch, 26. Juni, erteilte ich den Reparaturauftrag. Bereits am Samstag, 6. Juli, nach nur knapp mehr als einer Woche, hatte ich meine Uhr wieder repariert zur\u00fcck. <strong>Sensationell! \ud83d\udc4d\ud83d\ude00<\/strong><\/span><\/p>\n\n<div class=\"ngg-galleryoverview ngg-template-caption\" id=\"ngg-gallery-ce7f77fc5989f79eb3093504fc343d0b-18085\">\n\n\t\t\n\t<!-- Thumbnails -->\n\t\t\t\t\t\n\t<div id=\"ngg-image-9051\" class=\"ngg-gallery-thumbnail-box\" style=\"width:33%;\" >\n\t\t<div class=\"ngg-gallery-thumbnail\" >\n\t\t\t<a href=\"https:\/\/wernerdeck.de\/blog\/wp-content\/gallery\/polar\/1-Polar-Serviceauftrag.png\"\n\t\t\t\ttitle=\"Der auszuf\u00fcllende Auftrag\"\n\t\t\t\tclass=\"ngg-simplelightbox\" rel=\"ce7f77fc5989f79eb3093504fc343d0b\" data-image-id=\"9051\" data-src=\"https:\/\/wernerdeck.de\/blog\/wp-content\/gallery\/polar\/1-Polar-Serviceauftrag.png\" data-thumbnail=\"https:\/\/wernerdeck.de\/blog\/wp-content\/gallery\/polar\/thumbs\/thumbs_1-Polar-Serviceauftrag.png\" data-title=\"1-Polar-Serviceauftrag\" data-description=\"Der auszuf\u00fcllende Auftrag\" >\n\t\t\t\t\t\t\t\t<img title=\"1-Polar-Serviceauftrag\" alt=\"1-Polar-Serviceauftrag\" src=\"https:\/\/wernerdeck.de\/blog\/wp-content\/gallery\/polar\/thumbs\/thumbs_1-Polar-Serviceauftrag.png\" width='240' height='160' \/>\n\t\t\t\t\t\t\t<\/a>\n\t\t\t<span>\n\t\t\tDer auszuf\u00fcllende Auftrag\t\t\t<\/span>\n\t\t<\/div>\n\t<\/div>\n\t\t\t\t\t\t\t\t\n\t<div id=\"ngg-image-9049\" class=\"ngg-gallery-thumbnail-box\" style=\"width:33%;\" >\n\t\t<div class=\"ngg-gallery-thumbnail\" >\n\t\t\t<a href=\"https:\/\/wernerdeck.de\/blog\/wp-content\/gallery\/polar\/2-1Garantie-Polar.jpg\"\n\t\t\t\ttitle=\"Garantiebedingungen Polar\"\n\t\t\t\tclass=\"ngg-simplelightbox\" rel=\"ce7f77fc5989f79eb3093504fc343d0b\" data-image-id=\"9049\" data-src=\"https:\/\/wernerdeck.de\/blog\/wp-content\/gallery\/polar\/2-1Garantie-Polar.jpg\" data-thumbnail=\"https:\/\/wernerdeck.de\/blog\/wp-content\/gallery\/polar\/thumbs\/thumbs_2-1Garantie-Polar.jpg\" data-title=\"2-1Garantie-Polar\" data-description=\"Garantiebedingungen Polar\" >\n\t\t\t\t\t\t\t\t<img title=\"2-1Garantie-Polar\" alt=\"2-1Garantie-Polar\" src=\"https:\/\/wernerdeck.de\/blog\/wp-content\/gallery\/polar\/thumbs\/thumbs_2-1Garantie-Polar.jpg\" width='240' height='160' \/>\n\t\t\t\t\t\t\t<\/a>\n\t\t\t<span>\n\t\t\tGarantiebedingungen Polar\t\t\t<\/span>\n\t\t<\/div>\n\t<\/div>\n\t\t\t\t\t\t\t\t\n\t<div id=\"ngg-image-9052\" class=\"ngg-gallery-thumbnail-box\" style=\"width:33%;\" >\n\t\t<div class=\"ngg-gallery-thumbnail\" >\n\t\t\t<a href=\"https:\/\/wernerdeck.de\/blog\/wp-content\/gallery\/polar\/2-Fehlerbeschreibung-Polar-Grit-X-Pro-Werner-Deck.jpg\"\n\t\t\t\ttitle=\"Fehlerschreibung mit Foto\"\n\t\t\t\tclass=\"ngg-simplelightbox\" rel=\"ce7f77fc5989f79eb3093504fc343d0b\" data-image-id=\"9052\" data-src=\"https:\/\/wernerdeck.de\/blog\/wp-content\/gallery\/polar\/2-Fehlerbeschreibung-Polar-Grit-X-Pro-Werner-Deck.jpg\" data-thumbnail=\"https:\/\/wernerdeck.de\/blog\/wp-content\/gallery\/polar\/thumbs\/thumbs_2-Fehlerbeschreibung-Polar-Grit-X-Pro-Werner-Deck.jpg\" data-title=\"2-Fehlerbeschreibung-Polar-Grit-X-Pro-Werner-Deck\" data-description=\"Fehlerschreibung mit Foto\" >\n\t\t\t\t\t\t\t\t<img title=\"2-Fehlerbeschreibung-Polar-Grit-X-Pro-Werner-Deck\" alt=\"2-Fehlerbeschreibung-Polar-Grit-X-Pro-Werner-Deck\" src=\"https:\/\/wernerdeck.de\/blog\/wp-content\/gallery\/polar\/thumbs\/thumbs_2-Fehlerbeschreibung-Polar-Grit-X-Pro-Werner-Deck.jpg\" width='240' height='160' \/>\n\t\t\t\t\t\t\t<\/a>\n\t\t\t<span>\n\t\t\tFehlerschreibung mit Foto\t\t\t<\/span>\n\t\t<\/div>\n\t<\/div>\n\t\t\t\t\t\t\t<br style=\"clear: both\" \/>\n\t\t\t\n\t<div id=\"ngg-image-9050\" class=\"ngg-gallery-thumbnail-box\" style=\"width:33%;\" >\n\t\t<div class=\"ngg-gallery-thumbnail\" >\n\t\t\t<a href=\"https:\/\/wernerdeck.de\/blog\/wp-content\/gallery\/polar\/3-Polar-Bestaetigung.png\"\n\t\t\t\ttitle=\"Serviceregistrierung\"\n\t\t\t\tclass=\"ngg-simplelightbox\" rel=\"ce7f77fc5989f79eb3093504fc343d0b\" data-image-id=\"9050\" data-src=\"https:\/\/wernerdeck.de\/blog\/wp-content\/gallery\/polar\/3-Polar-Bestaetigung.png\" data-thumbnail=\"https:\/\/wernerdeck.de\/blog\/wp-content\/gallery\/polar\/thumbs\/thumbs_3-Polar-Bestaetigung.png\" data-title=\"3-Polar-Bestaetigung\" data-description=\"Serviceregistrierung\" >\n\t\t\t\t\t\t\t\t<img title=\"3-Polar-Bestaetigung\" alt=\"3-Polar-Bestaetigung\" src=\"https:\/\/wernerdeck.de\/blog\/wp-content\/gallery\/polar\/thumbs\/thumbs_3-Polar-Bestaetigung.png\" width='240' height='160' \/>\n\t\t\t\t\t\t\t<\/a>\n\t\t\t<span>\n\t\t\tServiceregistrierung\t\t\t<\/span>\n\t\t<\/div>\n\t<\/div>\n\t\t\t\t\t\t\t\t\n\t<div id=\"ngg-image-9048\" class=\"ngg-gallery-thumbnail-box\" style=\"width:33%;\" >\n\t\t<div class=\"ngg-gallery-thumbnail\" >\n\t\t\t<a href=\"https:\/\/wernerdeck.de\/blog\/wp-content\/gallery\/polar\/4-1-Polar-Reparatur-genehmigt.jpg\"\n\t\t\t\ttitle=\"Reparatur ist genehmigt\"\n\t\t\t\tclass=\"ngg-simplelightbox\" rel=\"ce7f77fc5989f79eb3093504fc343d0b\" data-image-id=\"9048\" data-src=\"https:\/\/wernerdeck.de\/blog\/wp-content\/gallery\/polar\/4-1-Polar-Reparatur-genehmigt.jpg\" data-thumbnail=\"https:\/\/wernerdeck.de\/blog\/wp-content\/gallery\/polar\/thumbs\/thumbs_4-1-Polar-Reparatur-genehmigt.jpg\" data-title=\"4-1-Polar-Reparatur-genehmigt\" data-description=\"Reparatur ist genehmigt\" >\n\t\t\t\t\t\t\t\t<img title=\"4-1-Polar-Reparatur-genehmigt\" alt=\"4-1-Polar-Reparatur-genehmigt\" src=\"https:\/\/wernerdeck.de\/blog\/wp-content\/gallery\/polar\/thumbs\/thumbs_4-1-Polar-Reparatur-genehmigt.jpg\" width='240' height='160' \/>\n\t\t\t\t\t\t\t<\/a>\n\t\t\t<span>\n\t\t\tReparatur ist genehmigt\t\t\t<\/span>\n\t\t<\/div>\n\t<\/div>\n\t\t\t\t\t\t\t\t\n\t<div id=\"ngg-image-9047\" class=\"ngg-gallery-thumbnail-box\" style=\"width:33%;\" >\n\t\t<div class=\"ngg-gallery-thumbnail\" >\n\t\t\t<a href=\"https:\/\/wernerdeck.de\/blog\/wp-content\/gallery\/polar\/4-Polar-Eingangsbestaetigung.jpg\"\n\t\t\t\ttitle=\"Auftrag erhalten, wir melden uns wieder\"\n\t\t\t\tclass=\"ngg-simplelightbox\" rel=\"ce7f77fc5989f79eb3093504fc343d0b\" data-image-id=\"9047\" data-src=\"https:\/\/wernerdeck.de\/blog\/wp-content\/gallery\/polar\/4-Polar-Eingangsbestaetigung.jpg\" data-thumbnail=\"https:\/\/wernerdeck.de\/blog\/wp-content\/gallery\/polar\/thumbs\/thumbs_4-Polar-Eingangsbestaetigung.jpg\" data-title=\"4-Polar-Eingangsbestaetigung\" data-description=\"Auftrag erhalten, wir melden uns wieder\" >\n\t\t\t\t\t\t\t\t<img title=\"4-Polar-Eingangsbestaetigung\" alt=\"4-Polar-Eingangsbestaetigung\" src=\"https:\/\/wernerdeck.de\/blog\/wp-content\/gallery\/polar\/thumbs\/thumbs_4-Polar-Eingangsbestaetigung.jpg\" width='240' height='160' \/>\n\t\t\t\t\t\t\t<\/a>\n\t\t\t<span>\n\t\t\tAuftrag erhalten, wir melden uns wieder\t\t\t<\/span>\n\t\t<\/div>\n\t<\/div>\n\t\t\t\t\t\t\t<br style=\"clear: both\" \/>\n\t\t\t\n\t<div id=\"ngg-image-9053\" class=\"ngg-gallery-thumbnail-box\" style=\"width:33%;\" >\n\t\t<div class=\"ngg-gallery-thumbnail\" >\n\t\t\t<a href=\"https:\/\/wernerdeck.de\/blog\/wp-content\/gallery\/polar\/5-Paketmarke-fuer-kostenlosen-Versand.jpg\"\n\t\t\t\ttitle=\"Paketmarke f\u00fcr kostenlosen Versand\"\n\t\t\t\tclass=\"ngg-simplelightbox\" rel=\"ce7f77fc5989f79eb3093504fc343d0b\" data-image-id=\"9053\" data-src=\"https:\/\/wernerdeck.de\/blog\/wp-content\/gallery\/polar\/5-Paketmarke-fuer-kostenlosen-Versand.jpg\" data-thumbnail=\"https:\/\/wernerdeck.de\/blog\/wp-content\/gallery\/polar\/thumbs\/thumbs_5-Paketmarke-fuer-kostenlosen-Versand.jpg\" data-title=\"5-Paketmarke-fuer-kostenlosen-Versand\" data-description=\"Paketmarke f\u00fcr kostenlosen Versand\" >\n\t\t\t\t\t\t\t\t<img title=\"5-Paketmarke-fuer-kostenlosen-Versand\" alt=\"5-Paketmarke-fuer-kostenlosen-Versand\" src=\"https:\/\/wernerdeck.de\/blog\/wp-content\/gallery\/polar\/thumbs\/thumbs_5-Paketmarke-fuer-kostenlosen-Versand.jpg\" width='240' height='160' \/>\n\t\t\t\t\t\t\t<\/a>\n\t\t\t<span>\n\t\t\tPaketmarke f\u00fcr kostenlosen Versand\t\t\t<\/span>\n\t\t<\/div>\n\t<\/div>\n\t\t\t\t\t\t\t\t\n\t<div id=\"ngg-image-9054\" class=\"ngg-gallery-thumbnail-box\" style=\"width:33%;\" >\n\t\t<div class=\"ngg-gallery-thumbnail\" >\n\t\t\t<a href=\"https:\/\/wernerdeck.de\/blog\/wp-content\/gallery\/polar\/6-Polar-Eingangsbestaetigung-fuer-die-Uhr.jpg\"\n\t\t\t\ttitle=\"Eingangsbest\u00e4tigung der Uhr\"\n\t\t\t\tclass=\"ngg-simplelightbox\" rel=\"ce7f77fc5989f79eb3093504fc343d0b\" data-image-id=\"9054\" data-src=\"https:\/\/wernerdeck.de\/blog\/wp-content\/gallery\/polar\/6-Polar-Eingangsbestaetigung-fuer-die-Uhr.jpg\" data-thumbnail=\"https:\/\/wernerdeck.de\/blog\/wp-content\/gallery\/polar\/thumbs\/thumbs_6-Polar-Eingangsbestaetigung-fuer-die-Uhr.jpg\" data-title=\"6-Polar-Eingangsbestaetigung-fuer-die-Uhr\" data-description=\"Eingangsbest\u00e4tigung der Uhr\" >\n\t\t\t\t\t\t\t\t<img title=\"6-Polar-Eingangsbestaetigung-fuer-die-Uhr\" alt=\"6-Polar-Eingangsbestaetigung-fuer-die-Uhr\" src=\"https:\/\/wernerdeck.de\/blog\/wp-content\/gallery\/polar\/thumbs\/thumbs_6-Polar-Eingangsbestaetigung-fuer-die-Uhr.jpg\" width='240' height='160' \/>\n\t\t\t\t\t\t\t<\/a>\n\t\t\t<span>\n\t\t\tEingangsbest\u00e4tigung der Uhr\t\t\t<\/span>\n\t\t<\/div>\n\t<\/div>\n\t\t\t\t\t\t\t\t\n\t<div id=\"ngg-image-9055\" class=\"ngg-gallery-thumbnail-box\" style=\"width:33%;\" >\n\t\t<div class=\"ngg-gallery-thumbnail\" >\n\t\t\t<a href=\"https:\/\/wernerdeck.de\/blog\/wp-content\/gallery\/polar\/7-Polar-Uhr-ist-fertig.jpg\"\n\t\t\t\ttitle=\"Uhr ist bereits repariert\"\n\t\t\t\tclass=\"ngg-simplelightbox\" rel=\"ce7f77fc5989f79eb3093504fc343d0b\" data-image-id=\"9055\" data-src=\"https:\/\/wernerdeck.de\/blog\/wp-content\/gallery\/polar\/7-Polar-Uhr-ist-fertig.jpg\" data-thumbnail=\"https:\/\/wernerdeck.de\/blog\/wp-content\/gallery\/polar\/thumbs\/thumbs_7-Polar-Uhr-ist-fertig.jpg\" data-title=\"7-Polar-Uhr-ist-fertig\" data-description=\"Uhr ist bereits repariert\" >\n\t\t\t\t\t\t\t\t<img title=\"7-Polar-Uhr-ist-fertig\" alt=\"7-Polar-Uhr-ist-fertig\" src=\"https:\/\/wernerdeck.de\/blog\/wp-content\/gallery\/polar\/thumbs\/thumbs_7-Polar-Uhr-ist-fertig.jpg\" width='240' height='160' \/>\n\t\t\t\t\t\t\t<\/a>\n\t\t\t<span>\n\t\t\tUhr ist bereits repariert\t\t\t<\/span>\n\t\t<\/div>\n\t<\/div>\n\t\t\t\t\t\t\t<br style=\"clear: both\" \/>\n\t\t\t\n\t<div id=\"ngg-image-9056\" class=\"ngg-gallery-thumbnail-box\" style=\"width:33%;\" >\n\t\t<div class=\"ngg-gallery-thumbnail\" >\n\t\t\t<a href=\"https:\/\/wernerdeck.de\/blog\/wp-content\/gallery\/polar\/8-Polar-Uhr-bereits-geliefert.jpg\"\n\t\t\t\ttitle=\"Alles schnell erledigt\"\n\t\t\t\tclass=\"ngg-simplelightbox\" rel=\"ce7f77fc5989f79eb3093504fc343d0b\" data-image-id=\"9056\" data-src=\"https:\/\/wernerdeck.de\/blog\/wp-content\/gallery\/polar\/8-Polar-Uhr-bereits-geliefert.jpg\" data-thumbnail=\"https:\/\/wernerdeck.de\/blog\/wp-content\/gallery\/polar\/thumbs\/thumbs_8-Polar-Uhr-bereits-geliefert.jpg\" data-title=\"8-Polar-Uhr-bereits-geliefert\" data-description=\"Alles schnell erledigt\" >\n\t\t\t\t\t\t\t\t<img title=\"8-Polar-Uhr-bereits-geliefert\" alt=\"8-Polar-Uhr-bereits-geliefert\" src=\"https:\/\/wernerdeck.de\/blog\/wp-content\/gallery\/polar\/thumbs\/thumbs_8-Polar-Uhr-bereits-geliefert.jpg\" width='240' height='160' \/>\n\t\t\t\t\t\t\t<\/a>\n\t\t\t<span>\n\t\t\tAlles schnell erledigt\t\t\t<\/span>\n\t\t<\/div>\n\t<\/div>\n\t\t\t\t\t\t\t\t\n\t<div id=\"ngg-image-9057\" class=\"ngg-gallery-thumbnail-box\" style=\"width:33%;\" >\n\t\t<div class=\"ngg-gallery-thumbnail\" >\n\t\t\t<a href=\"https:\/\/wernerdeck.de\/blog\/wp-content\/gallery\/polar\/Polar-Grit-X-Pro-.jpg\"\n\t\t\t\ttitle=\"Alles wieder tutti \ud83d\ude0a\"\n\t\t\t\tclass=\"ngg-simplelightbox\" rel=\"ce7f77fc5989f79eb3093504fc343d0b\" data-image-id=\"9057\" data-src=\"https:\/\/wernerdeck.de\/blog\/wp-content\/gallery\/polar\/Polar-Grit-X-Pro-.jpg\" data-thumbnail=\"https:\/\/wernerdeck.de\/blog\/wp-content\/gallery\/polar\/thumbs\/thumbs_Polar-Grit-X-Pro-.jpg\" data-title=\"Polar-Grit-X-Pro-\" data-description=\"Alles wieder tutti \ud83d\ude0a\" >\n\t\t\t\t\t\t\t\t<img title=\"Polar-Grit-X-Pro-\" alt=\"Polar-Grit-X-Pro-\" src=\"https:\/\/wernerdeck.de\/blog\/wp-content\/gallery\/polar\/thumbs\/thumbs_Polar-Grit-X-Pro-.jpg\" width='240' height='160' \/>\n\t\t\t\t\t\t\t<\/a>\n\t\t\t<span>\n\t\t\tAlles wieder tutti \ud83d\ude0a\t\t\t<\/span>\n\t\t<\/div>\n\t<\/div>\n\t\t\t\t\t\t\t\t\n\t<div id=\"ngg-image-9058\" class=\"ngg-gallery-thumbnail-box\" style=\"width:33%;\" >\n\t\t<div class=\"ngg-gallery-thumbnail\" >\n\t\t\t<a href=\"https:\/\/wernerdeck.de\/blog\/wp-content\/gallery\/polar\/Reparatur-von-Polar-ohne-Berechnung.jpg\"\n\t\t\t\ttitle=\"Reparatur ohne Berechnung\"\n\t\t\t\tclass=\"ngg-simplelightbox\" rel=\"ce7f77fc5989f79eb3093504fc343d0b\" data-image-id=\"9058\" data-src=\"https:\/\/wernerdeck.de\/blog\/wp-content\/gallery\/polar\/Reparatur-von-Polar-ohne-Berechnung.jpg\" data-thumbnail=\"https:\/\/wernerdeck.de\/blog\/wp-content\/gallery\/polar\/thumbs\/thumbs_Reparatur-von-Polar-ohne-Berechnung.jpg\" data-title=\"Reparatur-von-Polar-ohne-Berechnung\" data-description=\"Reparatur ohne Berechnung\" >\n\t\t\t\t\t\t\t\t<img title=\"Reparatur-von-Polar-ohne-Berechnung\" alt=\"Reparatur-von-Polar-ohne-Berechnung\" src=\"https:\/\/wernerdeck.de\/blog\/wp-content\/gallery\/polar\/thumbs\/thumbs_Reparatur-von-Polar-ohne-Berechnung.jpg\" width='240' height='160' \/>\n\t\t\t\t\t\t\t<\/a>\n\t\t\t<span>\n\t\t\tReparatur ohne Berechnung\t\t\t<\/span>\n\t\t<\/div>\n\t<\/div>\n\t\t\t\t\t\t\t<br style=\"clear: both\" \/>\n\t\t\t\n\t<!-- Pagination -->\n\t\t<div class='ngg-clear'><\/div>\t\n<\/div>\n\n\t\n<figure id=\"attachment_18110\" aria-describedby=\"caption-attachment-18110\" style=\"width: 164px\" class=\"wp-caption alignleft\"><img loading=\"lazy\" decoding=\"async\" class=\"wp-image-18110\" src=\"https:\/\/wernerdeck.de\/blog\/wp-content\/uploads\/2024\/07\/Thanks-vielen-Dank-an-Polar.jpg\" alt=\"vielen Dank an Polar\" width=\"174\" height=\"174\" srcset=\"https:\/\/wernerdeck.de\/blog\/wp-content\/uploads\/2024\/07\/Thanks-vielen-Dank-an-Polar.jpg 600w, https:\/\/wernerdeck.de\/blog\/wp-content\/uploads\/2024\/07\/Thanks-vielen-Dank-an-Polar-300x300.jpg 300w, https:\/\/wernerdeck.de\/blog\/wp-content\/uploads\/2024\/07\/Thanks-vielen-Dank-an-Polar-150x150.jpg 150w\" sizes=\"auto, (max-width: 174px) 100vw, 174px\" \/><figcaption id=\"caption-attachment-18110\" class=\"wp-caption-text\">Vielen Dank an Polar<\/figcaption><\/figure>\n<p><span style=\"font-weight: 400;\">Ersetzt wurde die komplette R\u00fcckseite der Uhr und der Akku.<br \/>\n<\/span><span style=\"font-weight: 400;\"><strong>Kosten? Keine!<\/strong><\/span><\/p>\n<h3 style=\"text-align: center;\">Gl\u00fcckwunsch und herzliches Dankesch\u00f6n an POLAR<\/h3>\n<p><span style=\"font-weight: 400;\">Die gesamte Abwicklung und der Kundenservice von POLAR hat mich total begeistert. Nach den sonstigen Serviceerfahrungen, die man so macht, ist das au\u00dferordentlich au\u00dfergew\u00f6hnlich, wie ich finde.<\/span><\/p>\n<p>.<\/p>\n<p>Erinnert hat mich das sofort an meine eigene 7-A-Strategie, die ich in meinem Unternehmerleben beherzigt und gelebt habe.<\/p>\n<p><img loading=\"lazy\" decoding=\"async\" class=\"aligncenter size-full wp-image-18106\" src=\"https:\/\/wernerdeck.de\/blog\/wp-content\/uploads\/2024\/07\/7A-Strategie-Werner-Deck.jpg\" alt=\"7A-Strategie-Werner-Deck\" width=\"938\" height=\"766\" srcset=\"https:\/\/wernerdeck.de\/blog\/wp-content\/uploads\/2024\/07\/7A-Strategie-Werner-Deck.jpg 938w, https:\/\/wernerdeck.de\/blog\/wp-content\/uploads\/2024\/07\/7A-Strategie-Werner-Deck-300x245.jpg 300w, https:\/\/wernerdeck.de\/blog\/wp-content\/uploads\/2024\/07\/7A-Strategie-Werner-Deck-768x627.jpg 768w\" sizes=\"auto, (max-width: 938px) 100vw, 938px\" \/><\/p>\n<p>&nbsp;<\/p>\n","protected":false},"excerpt":{"rendered":"<p>Im November 2022 kaufte ich mir bei Ebay von einem privaten Verk\u00e4ufer eine Polar Grit X Pro. An genaue Angaben \u00fcber die Uhr aus der Zeit erinnere ich mich nicht mehr, einen Kaufbeleg habe ich ebenfalls nicht. Vor drei Wochen gab die Uhr ihren Geist auf. Das Zifferblatt blieb meistens dunkel und in der kurzen &#8230; <a title=\"Gl\u00fcckwunsch und herzliches Dankesch\u00f6n an POLAR. Ich bin begeistert \u00fcber den au\u00dfergew\u00f6hnlichen Service von POLAR\" class=\"read-more\" href=\"https:\/\/wernerdeck.de\/blog\/2024\/07\/09\/glueckwunsch-und-herzliches-dankeschoen-an-polar-ich-bin-begeistert-ueber-den-aussergewoehnlichen-service-von-polar\/\" aria-label=\"Mehr Informationen \u00fcber Gl\u00fcckwunsch und herzliches Dankesch\u00f6n an POLAR. Ich bin begeistert \u00fcber den au\u00dfergew\u00f6hnlichen Service von POLAR\">Weiterlesen<\/a><\/p>\n","protected":false},"author":1,"featured_media":18104,"comment_status":"open","ping_status":"open","sticky":false,"template":"","format":"standard","meta":{"ngg_post_thumbnail":0,"footnotes":""},"categories":[22],"tags":[417],"class_list":["post-18085","post","type-post","status-publish","format-standard","has-post-thumbnail","hentry","category-kundenservice","tag-polar"],"yoast_head":"<!-- This site is optimized with the Yoast SEO plugin v27.5 - https:\/\/yoast.com\/product\/yoast-seo-wordpress\/ -->\n<title>Gl\u00fcckwunsch und herzliches Dankesch\u00f6n an POLAR. Ich bin begeistert \u00fcber den au\u00dfergew\u00f6hnlichen Service von POLAR - Privater Blog von Werner Deck<\/title>\n<meta name=\"description\" content=\"Am 26. Juni Reparaturauftrag erteilt. Bereits am 6. Juli, nach wenig mehr als einer Woche, hatte ich meine Uhr repariert zur\u00fcck. Sensationell!\" \/>\n<meta name=\"robots\" content=\"index, follow, max-snippet:-1, max-image-preview:large, max-video-preview:-1\" \/>\n<link rel=\"canonical\" href=\"https:\/\/wernerdeck.de\/blog\/2024\/07\/09\/glueckwunsch-und-herzliches-dankeschoen-an-polar-ich-bin-begeistert-ueber-den-aussergewoehnlichen-service-von-polar\/\" \/>\n<meta property=\"og:locale\" content=\"de_DE\" \/>\n<meta property=\"og:type\" content=\"article\" \/>\n<meta property=\"og:title\" content=\"Gl\u00fcckwunsch und herzliches Dankesch\u00f6n an POLAR. Ich bin begeistert \u00fcber den au\u00dfergew\u00f6hnlichen Service von POLAR - Privater Blog von Werner Deck\" \/>\n<meta property=\"og:description\" content=\"Am 26. Juni Reparaturauftrag erteilt. Bereits am 6. Juli, nach wenig mehr als einer Woche, hatte ich meine Uhr repariert zur\u00fcck. Sensationell!\" \/>\n<meta property=\"og:url\" content=\"https:\/\/wernerdeck.de\/blog\/2024\/07\/09\/glueckwunsch-und-herzliches-dankeschoen-an-polar-ich-bin-begeistert-ueber-den-aussergewoehnlichen-service-von-polar\/\" \/>\n<meta property=\"og:site_name\" content=\"Privater Blog von Werner Deck\" \/>\n<meta property=\"article:publisher\" content=\"https:\/\/www.facebook.com\/werner.deck\/\" \/>\n<meta property=\"article:author\" content=\"https:\/\/www.facebook.com\/werner.deck\/\" \/>\n<meta property=\"article:published_time\" content=\"2024-07-09T08:35:19+00:00\" \/>\n<meta property=\"article:modified_time\" content=\"2024-07-10T08:09:32+00:00\" \/>\n<meta property=\"og:image\" content=\"https:\/\/wernerdeck.de\/blog\/wp-content\/uploads\/2024\/07\/Vielen-Dank-an-Polar.jpg\" \/>\n\t<meta property=\"og:image:width\" content=\"1300\" \/>\n\t<meta property=\"og:image:height\" content=\"471\" \/>\n\t<meta property=\"og:image:type\" content=\"image\/jpeg\" \/>\n<meta name=\"author\" content=\"Werner Deck\" \/>\n<meta name=\"twitter:card\" content=\"summary_large_image\" \/>\n<meta name=\"twitter:label1\" content=\"Verfasst von\" \/>\n\t<meta name=\"twitter:data1\" content=\"Werner Deck\" \/>\n\t<meta name=\"twitter:label2\" content=\"Gesch\u00e4tzte Lesezeit\" \/>\n\t<meta name=\"twitter:data2\" content=\"3\u00a0Minuten\" \/>\n<script type=\"application\/ld+json\" class=\"yoast-schema-graph\">{\"@context\":\"https:\\\/\\\/schema.org\",\"@graph\":[{\"@type\":\"Article\",\"@id\":\"https:\\\/\\\/wernerdeck.de\\\/blog\\\/2024\\\/07\\\/09\\\/glueckwunsch-und-herzliches-dankeschoen-an-polar-ich-bin-begeistert-ueber-den-aussergewoehnlichen-service-von-polar\\\/#article\",\"isPartOf\":{\"@id\":\"https:\\\/\\\/wernerdeck.de\\\/blog\\\/2024\\\/07\\\/09\\\/glueckwunsch-und-herzliches-dankeschoen-an-polar-ich-bin-begeistert-ueber-den-aussergewoehnlichen-service-von-polar\\\/\"},\"author\":{\"name\":\"Werner Deck\",\"@id\":\"https:\\\/\\\/wernerdeck.de\\\/blog\\\/#\\\/schema\\\/person\\\/7af62de1f11b0a09297eeb81281e523c\"},\"headline\":\"Gl\u00fcckwunsch und herzliches Dankesch\u00f6n an POLAR. Ich bin begeistert \u00fcber den au\u00dfergew\u00f6hnlichen Service von POLAR\",\"datePublished\":\"2024-07-09T08:35:19+00:00\",\"dateModified\":\"2024-07-10T08:09:32+00:00\",\"mainEntityOfPage\":{\"@id\":\"https:\\\/\\\/wernerdeck.de\\\/blog\\\/2024\\\/07\\\/09\\\/glueckwunsch-und-herzliches-dankeschoen-an-polar-ich-bin-begeistert-ueber-den-aussergewoehnlichen-service-von-polar\\\/\"},\"wordCount\":314,\"commentCount\":0,\"publisher\":{\"@id\":\"https:\\\/\\\/wernerdeck.de\\\/blog\\\/#\\\/schema\\\/person\\\/7af62de1f11b0a09297eeb81281e523c\"},\"image\":{\"@id\":\"https:\\\/\\\/wernerdeck.de\\\/blog\\\/2024\\\/07\\\/09\\\/glueckwunsch-und-herzliches-dankeschoen-an-polar-ich-bin-begeistert-ueber-den-aussergewoehnlichen-service-von-polar\\\/#primaryimage\"},\"thumbnailUrl\":\"https:\\\/\\\/wernerdeck.de\\\/blog\\\/wp-content\\\/uploads\\\/2024\\\/07\\\/Vielen-Dank-an-Polar.jpg\",\"keywords\":[\"Polar\"],\"articleSection\":[\"Kundenservice\"],\"inLanguage\":\"de\",\"potentialAction\":[{\"@type\":\"CommentAction\",\"name\":\"Comment\",\"target\":[\"https:\\\/\\\/wernerdeck.de\\\/blog\\\/2024\\\/07\\\/09\\\/glueckwunsch-und-herzliches-dankeschoen-an-polar-ich-bin-begeistert-ueber-den-aussergewoehnlichen-service-von-polar\\\/#respond\"]}]},{\"@type\":\"WebPage\",\"@id\":\"https:\\\/\\\/wernerdeck.de\\\/blog\\\/2024\\\/07\\\/09\\\/glueckwunsch-und-herzliches-dankeschoen-an-polar-ich-bin-begeistert-ueber-den-aussergewoehnlichen-service-von-polar\\\/\",\"url\":\"https:\\\/\\\/wernerdeck.de\\\/blog\\\/2024\\\/07\\\/09\\\/glueckwunsch-und-herzliches-dankeschoen-an-polar-ich-bin-begeistert-ueber-den-aussergewoehnlichen-service-von-polar\\\/\",\"name\":\"Gl\u00fcckwunsch und herzliches Dankesch\u00f6n an POLAR. Ich bin begeistert \u00fcber den au\u00dfergew\u00f6hnlichen Service von POLAR - Privater Blog von Werner Deck\",\"isPartOf\":{\"@id\":\"https:\\\/\\\/wernerdeck.de\\\/blog\\\/#website\"},\"primaryImageOfPage\":{\"@id\":\"https:\\\/\\\/wernerdeck.de\\\/blog\\\/2024\\\/07\\\/09\\\/glueckwunsch-und-herzliches-dankeschoen-an-polar-ich-bin-begeistert-ueber-den-aussergewoehnlichen-service-von-polar\\\/#primaryimage\"},\"image\":{\"@id\":\"https:\\\/\\\/wernerdeck.de\\\/blog\\\/2024\\\/07\\\/09\\\/glueckwunsch-und-herzliches-dankeschoen-an-polar-ich-bin-begeistert-ueber-den-aussergewoehnlichen-service-von-polar\\\/#primaryimage\"},\"thumbnailUrl\":\"https:\\\/\\\/wernerdeck.de\\\/blog\\\/wp-content\\\/uploads\\\/2024\\\/07\\\/Vielen-Dank-an-Polar.jpg\",\"datePublished\":\"2024-07-09T08:35:19+00:00\",\"dateModified\":\"2024-07-10T08:09:32+00:00\",\"description\":\"Am 26. Juni Reparaturauftrag erteilt. Bereits am 6. Juli, nach wenig mehr als einer Woche, hatte ich meine Uhr repariert zur\u00fcck. Sensationell!\",\"breadcrumb\":{\"@id\":\"https:\\\/\\\/wernerdeck.de\\\/blog\\\/2024\\\/07\\\/09\\\/glueckwunsch-und-herzliches-dankeschoen-an-polar-ich-bin-begeistert-ueber-den-aussergewoehnlichen-service-von-polar\\\/#breadcrumb\"},\"inLanguage\":\"de\",\"potentialAction\":[{\"@type\":\"ReadAction\",\"target\":[\"https:\\\/\\\/wernerdeck.de\\\/blog\\\/2024\\\/07\\\/09\\\/glueckwunsch-und-herzliches-dankeschoen-an-polar-ich-bin-begeistert-ueber-den-aussergewoehnlichen-service-von-polar\\\/\"]}]},{\"@type\":\"ImageObject\",\"inLanguage\":\"de\",\"@id\":\"https:\\\/\\\/wernerdeck.de\\\/blog\\\/2024\\\/07\\\/09\\\/glueckwunsch-und-herzliches-dankeschoen-an-polar-ich-bin-begeistert-ueber-den-aussergewoehnlichen-service-von-polar\\\/#primaryimage\",\"url\":\"https:\\\/\\\/wernerdeck.de\\\/blog\\\/wp-content\\\/uploads\\\/2024\\\/07\\\/Vielen-Dank-an-Polar.jpg\",\"contentUrl\":\"https:\\\/\\\/wernerdeck.de\\\/blog\\\/wp-content\\\/uploads\\\/2024\\\/07\\\/Vielen-Dank-an-Polar.jpg\",\"width\":1300,\"height\":471,\"caption\":\"Vielen Dank an Polar\"},{\"@type\":\"BreadcrumbList\",\"@id\":\"https:\\\/\\\/wernerdeck.de\\\/blog\\\/2024\\\/07\\\/09\\\/glueckwunsch-und-herzliches-dankeschoen-an-polar-ich-bin-begeistert-ueber-den-aussergewoehnlichen-service-von-polar\\\/#breadcrumb\",\"itemListElement\":[{\"@type\":\"ListItem\",\"position\":1,\"name\":\"Startseite\",\"item\":\"https:\\\/\\\/wernerdeck.de\\\/blog\\\/\"},{\"@type\":\"ListItem\",\"position\":2,\"name\":\"Gl\u00fcckwunsch und herzliches Dankesch\u00f6n an POLAR. Ich bin begeistert \u00fcber den au\u00dfergew\u00f6hnlichen Service von POLAR\"}]},{\"@type\":\"WebSite\",\"@id\":\"https:\\\/\\\/wernerdeck.de\\\/blog\\\/#website\",\"url\":\"https:\\\/\\\/wernerdeck.de\\\/blog\\\/\",\"name\":\"Blog von Werner Deck\",\"description\":\"\",\"publisher\":{\"@id\":\"https:\\\/\\\/wernerdeck.de\\\/blog\\\/#\\\/schema\\\/person\\\/7af62de1f11b0a09297eeb81281e523c\"},\"potentialAction\":[{\"@type\":\"SearchAction\",\"target\":{\"@type\":\"EntryPoint\",\"urlTemplate\":\"https:\\\/\\\/wernerdeck.de\\\/blog\\\/?s={search_term_string}\"},\"query-input\":{\"@type\":\"PropertyValueSpecification\",\"valueRequired\":true,\"valueName\":\"search_term_string\"}}],\"inLanguage\":\"de\"},{\"@type\":[\"Person\",\"Organization\"],\"@id\":\"https:\\\/\\\/wernerdeck.de\\\/blog\\\/#\\\/schema\\\/person\\\/7af62de1f11b0a09297eeb81281e523c\",\"name\":\"Werner Deck\",\"image\":{\"@type\":\"ImageObject\",\"inLanguage\":\"de\",\"@id\":\"https:\\\/\\\/wernerdeck.de\\\/blog\\\/wp-content\\\/uploads\\\/2022\\\/05\\\/Werner-Deck-995x1024.jpg\",\"url\":\"https:\\\/\\\/wernerdeck.de\\\/blog\\\/wp-content\\\/uploads\\\/2022\\\/05\\\/Werner-Deck-995x1024.jpg\",\"contentUrl\":\"https:\\\/\\\/wernerdeck.de\\\/blog\\\/wp-content\\\/uploads\\\/2022\\\/05\\\/Werner-Deck-995x1024.jpg\",\"width\":995,\"height\":1024,\"caption\":\"Werner Deck\"},\"logo\":{\"@id\":\"https:\\\/\\\/wernerdeck.de\\\/blog\\\/wp-content\\\/uploads\\\/2022\\\/05\\\/Werner-Deck-995x1024.jpg\"},\"sameAs\":[\"https:\\\/\\\/wernerdeck.de\\\/blog\",\"https:\\\/\\\/www.facebook.com\\\/werner.deck\\\/\",\"https:\\\/\\\/www.instagram.com\\\/opti_maler_deck\\\/\",\"https:\\\/\\\/www.youtube.com\\\/c\\\/WernerDeck\"],\"url\":\"https:\\\/\\\/wernerdeck.de\\\/blog\\\/author\\\/wernerdeck-de\\\/\"}]}<\/script>\n<!-- \/ Yoast SEO plugin. -->","yoast_head_json":{"title":"Gl\u00fcckwunsch und herzliches Dankesch\u00f6n an POLAR. Ich bin begeistert \u00fcber den au\u00dfergew\u00f6hnlichen Service von POLAR - Privater Blog von Werner Deck","description":"Am 26. Juni Reparaturauftrag erteilt. Bereits am 6. Juli, nach wenig mehr als einer Woche, hatte ich meine Uhr repariert zur\u00fcck. Sensationell!","robots":{"index":"index","follow":"follow","max-snippet":"max-snippet:-1","max-image-preview":"max-image-preview:large","max-video-preview":"max-video-preview:-1"},"canonical":"https:\/\/wernerdeck.de\/blog\/2024\/07\/09\/glueckwunsch-und-herzliches-dankeschoen-an-polar-ich-bin-begeistert-ueber-den-aussergewoehnlichen-service-von-polar\/","og_locale":"de_DE","og_type":"article","og_title":"Gl\u00fcckwunsch und herzliches Dankesch\u00f6n an POLAR. Ich bin begeistert \u00fcber den au\u00dfergew\u00f6hnlichen Service von POLAR - Privater Blog von Werner Deck","og_description":"Am 26. Juni Reparaturauftrag erteilt. Bereits am 6. Juli, nach wenig mehr als einer Woche, hatte ich meine Uhr repariert zur\u00fcck. Sensationell!","og_url":"https:\/\/wernerdeck.de\/blog\/2024\/07\/09\/glueckwunsch-und-herzliches-dankeschoen-an-polar-ich-bin-begeistert-ueber-den-aussergewoehnlichen-service-von-polar\/","og_site_name":"Privater Blog von Werner Deck","article_publisher":"https:\/\/www.facebook.com\/werner.deck\/","article_author":"https:\/\/www.facebook.com\/werner.deck\/","article_published_time":"2024-07-09T08:35:19+00:00","article_modified_time":"2024-07-10T08:09:32+00:00","og_image":[{"width":1300,"height":471,"url":"https:\/\/wernerdeck.de\/blog\/wp-content\/uploads\/2024\/07\/Vielen-Dank-an-Polar.jpg","type":"image\/jpeg"}],"author":"Werner Deck","twitter_card":"summary_large_image","twitter_misc":{"Verfasst von":"Werner Deck","Gesch\u00e4tzte Lesezeit":"3\u00a0Minuten"},"schema":{"@context":"https:\/\/schema.org","@graph":[{"@type":"Article","@id":"https:\/\/wernerdeck.de\/blog\/2024\/07\/09\/glueckwunsch-und-herzliches-dankeschoen-an-polar-ich-bin-begeistert-ueber-den-aussergewoehnlichen-service-von-polar\/#article","isPartOf":{"@id":"https:\/\/wernerdeck.de\/blog\/2024\/07\/09\/glueckwunsch-und-herzliches-dankeschoen-an-polar-ich-bin-begeistert-ueber-den-aussergewoehnlichen-service-von-polar\/"},"author":{"name":"Werner Deck","@id":"https:\/\/wernerdeck.de\/blog\/#\/schema\/person\/7af62de1f11b0a09297eeb81281e523c"},"headline":"Gl\u00fcckwunsch und herzliches Dankesch\u00f6n an POLAR. Ich bin begeistert \u00fcber den au\u00dfergew\u00f6hnlichen Service von POLAR","datePublished":"2024-07-09T08:35:19+00:00","dateModified":"2024-07-10T08:09:32+00:00","mainEntityOfPage":{"@id":"https:\/\/wernerdeck.de\/blog\/2024\/07\/09\/glueckwunsch-und-herzliches-dankeschoen-an-polar-ich-bin-begeistert-ueber-den-aussergewoehnlichen-service-von-polar\/"},"wordCount":314,"commentCount":0,"publisher":{"@id":"https:\/\/wernerdeck.de\/blog\/#\/schema\/person\/7af62de1f11b0a09297eeb81281e523c"},"image":{"@id":"https:\/\/wernerdeck.de\/blog\/2024\/07\/09\/glueckwunsch-und-herzliches-dankeschoen-an-polar-ich-bin-begeistert-ueber-den-aussergewoehnlichen-service-von-polar\/#primaryimage"},"thumbnailUrl":"https:\/\/wernerdeck.de\/blog\/wp-content\/uploads\/2024\/07\/Vielen-Dank-an-Polar.jpg","keywords":["Polar"],"articleSection":["Kundenservice"],"inLanguage":"de","potentialAction":[{"@type":"CommentAction","name":"Comment","target":["https:\/\/wernerdeck.de\/blog\/2024\/07\/09\/glueckwunsch-und-herzliches-dankeschoen-an-polar-ich-bin-begeistert-ueber-den-aussergewoehnlichen-service-von-polar\/#respond"]}]},{"@type":"WebPage","@id":"https:\/\/wernerdeck.de\/blog\/2024\/07\/09\/glueckwunsch-und-herzliches-dankeschoen-an-polar-ich-bin-begeistert-ueber-den-aussergewoehnlichen-service-von-polar\/","url":"https:\/\/wernerdeck.de\/blog\/2024\/07\/09\/glueckwunsch-und-herzliches-dankeschoen-an-polar-ich-bin-begeistert-ueber-den-aussergewoehnlichen-service-von-polar\/","name":"Gl\u00fcckwunsch und herzliches Dankesch\u00f6n an POLAR. Ich bin begeistert \u00fcber den au\u00dfergew\u00f6hnlichen Service von POLAR - Privater Blog von Werner Deck","isPartOf":{"@id":"https:\/\/wernerdeck.de\/blog\/#website"},"primaryImageOfPage":{"@id":"https:\/\/wernerdeck.de\/blog\/2024\/07\/09\/glueckwunsch-und-herzliches-dankeschoen-an-polar-ich-bin-begeistert-ueber-den-aussergewoehnlichen-service-von-polar\/#primaryimage"},"image":{"@id":"https:\/\/wernerdeck.de\/blog\/2024\/07\/09\/glueckwunsch-und-herzliches-dankeschoen-an-polar-ich-bin-begeistert-ueber-den-aussergewoehnlichen-service-von-polar\/#primaryimage"},"thumbnailUrl":"https:\/\/wernerdeck.de\/blog\/wp-content\/uploads\/2024\/07\/Vielen-Dank-an-Polar.jpg","datePublished":"2024-07-09T08:35:19+00:00","dateModified":"2024-07-10T08:09:32+00:00","description":"Am 26. Juni Reparaturauftrag erteilt. Bereits am 6. Juli, nach wenig mehr als einer Woche, hatte ich meine Uhr repariert zur\u00fcck. Sensationell!","breadcrumb":{"@id":"https:\/\/wernerdeck.de\/blog\/2024\/07\/09\/glueckwunsch-und-herzliches-dankeschoen-an-polar-ich-bin-begeistert-ueber-den-aussergewoehnlichen-service-von-polar\/#breadcrumb"},"inLanguage":"de","potentialAction":[{"@type":"ReadAction","target":["https:\/\/wernerdeck.de\/blog\/2024\/07\/09\/glueckwunsch-und-herzliches-dankeschoen-an-polar-ich-bin-begeistert-ueber-den-aussergewoehnlichen-service-von-polar\/"]}]},{"@type":"ImageObject","inLanguage":"de","@id":"https:\/\/wernerdeck.de\/blog\/2024\/07\/09\/glueckwunsch-und-herzliches-dankeschoen-an-polar-ich-bin-begeistert-ueber-den-aussergewoehnlichen-service-von-polar\/#primaryimage","url":"https:\/\/wernerdeck.de\/blog\/wp-content\/uploads\/2024\/07\/Vielen-Dank-an-Polar.jpg","contentUrl":"https:\/\/wernerdeck.de\/blog\/wp-content\/uploads\/2024\/07\/Vielen-Dank-an-Polar.jpg","width":1300,"height":471,"caption":"Vielen Dank an Polar"},{"@type":"BreadcrumbList","@id":"https:\/\/wernerdeck.de\/blog\/2024\/07\/09\/glueckwunsch-und-herzliches-dankeschoen-an-polar-ich-bin-begeistert-ueber-den-aussergewoehnlichen-service-von-polar\/#breadcrumb","itemListElement":[{"@type":"ListItem","position":1,"name":"Startseite","item":"https:\/\/wernerdeck.de\/blog\/"},{"@type":"ListItem","position":2,"name":"Gl\u00fcckwunsch und herzliches Dankesch\u00f6n an POLAR. Ich bin begeistert \u00fcber den au\u00dfergew\u00f6hnlichen Service von POLAR"}]},{"@type":"WebSite","@id":"https:\/\/wernerdeck.de\/blog\/#website","url":"https:\/\/wernerdeck.de\/blog\/","name":"Blog von Werner Deck","description":"","publisher":{"@id":"https:\/\/wernerdeck.de\/blog\/#\/schema\/person\/7af62de1f11b0a09297eeb81281e523c"},"potentialAction":[{"@type":"SearchAction","target":{"@type":"EntryPoint","urlTemplate":"https:\/\/wernerdeck.de\/blog\/?s={search_term_string}"},"query-input":{"@type":"PropertyValueSpecification","valueRequired":true,"valueName":"search_term_string"}}],"inLanguage":"de"},{"@type":["Person","Organization"],"@id":"https:\/\/wernerdeck.de\/blog\/#\/schema\/person\/7af62de1f11b0a09297eeb81281e523c","name":"Werner Deck","image":{"@type":"ImageObject","inLanguage":"de","@id":"https:\/\/wernerdeck.de\/blog\/wp-content\/uploads\/2022\/05\/Werner-Deck-995x1024.jpg","url":"https:\/\/wernerdeck.de\/blog\/wp-content\/uploads\/2022\/05\/Werner-Deck-995x1024.jpg","contentUrl":"https:\/\/wernerdeck.de\/blog\/wp-content\/uploads\/2022\/05\/Werner-Deck-995x1024.jpg","width":995,"height":1024,"caption":"Werner Deck"},"logo":{"@id":"https:\/\/wernerdeck.de\/blog\/wp-content\/uploads\/2022\/05\/Werner-Deck-995x1024.jpg"},"sameAs":["https:\/\/wernerdeck.de\/blog","https:\/\/www.facebook.com\/werner.deck\/","https:\/\/www.instagram.com\/opti_maler_deck\/","https:\/\/www.youtube.com\/c\/WernerDeck"],"url":"https:\/\/wernerdeck.de\/blog\/author\/wernerdeck-de\/"}]}},"_links":{"self":[{"href":"https:\/\/wernerdeck.de\/blog\/wp-json\/wp\/v2\/posts\/18085","targetHints":{"allow":["GET"]}}],"collection":[{"href":"https:\/\/wernerdeck.de\/blog\/wp-json\/wp\/v2\/posts"}],"about":[{"href":"https:\/\/wernerdeck.de\/blog\/wp-json\/wp\/v2\/types\/post"}],"author":[{"embeddable":true,"href":"https:\/\/wernerdeck.de\/blog\/wp-json\/wp\/v2\/users\/1"}],"replies":[{"embeddable":true,"href":"https:\/\/wernerdeck.de\/blog\/wp-json\/wp\/v2\/comments?post=18085"}],"version-history":[{"count":0,"href":"https:\/\/wernerdeck.de\/blog\/wp-json\/wp\/v2\/posts\/18085\/revisions"}],"wp:featuredmedia":[{"embeddable":true,"href":"https:\/\/wernerdeck.de\/blog\/wp-json\/wp\/v2\/media\/18104"}],"wp:attachment":[{"href":"https:\/\/wernerdeck.de\/blog\/wp-json\/wp\/v2\/media?parent=18085"}],"wp:term":[{"taxonomy":"category","embeddable":true,"href":"https:\/\/wernerdeck.de\/blog\/wp-json\/wp\/v2\/categories?post=18085"},{"taxonomy":"post_tag","embeddable":true,"href":"https:\/\/wernerdeck.de\/blog\/wp-json\/wp\/v2\/tags?post=18085"}],"curies":[{"name":"wp","href":"https:\/\/api.w.org\/{rel}","templated":true}]}}