{"id":13969,"date":"2023-11-25T16:47:00","date_gmt":"2023-11-25T15:47:00","guid":{"rendered":"https:\/\/wernerdeck.de\/blog\/?p=13969"},"modified":"2023-12-15T10:05:54","modified_gmt":"2023-12-15T09:05:54","slug":"naechste-woche-werden-wir-teneriffa-umrunden-und-dabei-ein-paar-der-schoensten-orte-und-sehenswuerdigkeiten-besuchen","status":"publish","type":"post","link":"https:\/\/wernerdeck.de\/blog\/2023\/11\/25\/naechste-woche-werden-wir-teneriffa-umrunden-und-dabei-ein-paar-der-schoensten-orte-und-sehenswuerdigkeiten-besuchen\/","title":{"rendered":"N\u00e4chste Woche werden wir Teneriffa umrunden und dabei ein paar der sch\u00f6nsten Orte und Sehensw\u00fcrdigkeiten besuchen"},"content":{"rendered":"<p>Als wir im Fr\u00fchjahr 2023 hier auf Teneriffa waren, fuhren wir damals von Los Cristianos spontan mit der F\u00e4hre f\u00fcr eine Woche nach La Gomera hin\u00fcber, nahmen einen Mietwagen und erkundeten die Insel mit ihren Sehensw\u00fcrdigkeiten.<\/p>\n<p>\n<div class=\"ngg-galleryoverview ngg-template-caption\" id=\"ngg-gallery-f5c766fb976b60f7dd072dd6ce08c9b1-13969\">\n\n\t\t\n\t<!-- Thumbnails -->\n\t\t\t\t\t\n\t<div id=\"ngg-image-6918\" class=\"ngg-gallery-thumbnail-box\" style=\"width:16%;\" >\n\t\t<div class=\"ngg-gallery-thumbnail\" >\n\t\t\t<a href=\"https:\/\/wernerdeck.de\/blog\/wp-content\/gallery\/gomera\/Besichtigung-La-Gomera-Maerz-2022-01.jpg\"\n\t\t\t\ttitle=\" \"\n\t\t\t\tclass=\"ngg-simplelightbox\" rel=\"f5c766fb976b60f7dd072dd6ce08c9b1\" data-image-id=\"6918\" data-src=\"https:\/\/wernerdeck.de\/blog\/wp-content\/gallery\/gomera\/Besichtigung-La-Gomera-Maerz-2022-01.jpg\" data-thumbnail=\"https:\/\/wernerdeck.de\/blog\/wp-content\/gallery\/gomera\/thumbs\/thumbs_Besichtigung-La-Gomera-Maerz-2022-01.jpg\" data-title=\"Besichtigung-La-Gomera-Maerz-2022-01\" data-description=\" \" >\n\t\t\t\t\t\t\t\t<img title=\"Besichtigung-La-Gomera-Maerz-2022-01\" alt=\"Besichtigung-La-Gomera-Maerz-2022-01\" src=\"https:\/\/wernerdeck.de\/blog\/wp-content\/gallery\/gomera\/thumbs\/thumbs_Besichtigung-La-Gomera-Maerz-2022-01.jpg\" width='240' height='160' \/>\n\t\t\t\t\t\t\t<\/a>\n\t\t\t<span>\n\t\t\t \t\t\t<\/span>\n\t\t<\/div>\n\t<\/div>\n\t\t\t\t\t\t\t\t\n\t<div id=\"ngg-image-6921\" class=\"ngg-gallery-thumbnail-box\" style=\"width:16%;\" >\n\t\t<div class=\"ngg-gallery-thumbnail\" >\n\t\t\t<a href=\"https:\/\/wernerdeck.de\/blog\/wp-content\/gallery\/gomera\/Besichtigung-La-Gomera-Maerz-2022-02.jpg\"\n\t\t\t\ttitle=\" \"\n\t\t\t\tclass=\"ngg-simplelightbox\" rel=\"f5c766fb976b60f7dd072dd6ce08c9b1\" data-image-id=\"6921\" data-src=\"https:\/\/wernerdeck.de\/blog\/wp-content\/gallery\/gomera\/Besichtigung-La-Gomera-Maerz-2022-02.jpg\" data-thumbnail=\"https:\/\/wernerdeck.de\/blog\/wp-content\/gallery\/gomera\/thumbs\/thumbs_Besichtigung-La-Gomera-Maerz-2022-02.jpg\" data-title=\"Besichtigung-La-Gomera-Maerz-2022-02\" data-description=\" \" >\n\t\t\t\t\t\t\t\t<img title=\"Besichtigung-La-Gomera-Maerz-2022-02\" alt=\"Besichtigung-La-Gomera-Maerz-2022-02\" src=\"https:\/\/wernerdeck.de\/blog\/wp-content\/gallery\/gomera\/thumbs\/thumbs_Besichtigung-La-Gomera-Maerz-2022-02.jpg\" width='240' height='160' \/>\n\t\t\t\t\t\t\t<\/a>\n\t\t\t<span>\n\t\t\t \t\t\t<\/span>\n\t\t<\/div>\n\t<\/div>\n\t\t\t\t\t\t\t\t\n\t<div id=\"ngg-image-6919\" class=\"ngg-gallery-thumbnail-box\" style=\"width:16%;\" >\n\t\t<div class=\"ngg-gallery-thumbnail\" >\n\t\t\t<a href=\"https:\/\/wernerdeck.de\/blog\/wp-content\/gallery\/gomera\/Besichtigung-La-Gomera-Maerz-2022-03.jpg\"\n\t\t\t\ttitle=\" \"\n\t\t\t\tclass=\"ngg-simplelightbox\" rel=\"f5c766fb976b60f7dd072dd6ce08c9b1\" data-image-id=\"6919\" data-src=\"https:\/\/wernerdeck.de\/blog\/wp-content\/gallery\/gomera\/Besichtigung-La-Gomera-Maerz-2022-03.jpg\" data-thumbnail=\"https:\/\/wernerdeck.de\/blog\/wp-content\/gallery\/gomera\/thumbs\/thumbs_Besichtigung-La-Gomera-Maerz-2022-03.jpg\" data-title=\"Besichtigung-La-Gomera-Maerz-2022-03\" data-description=\" \" >\n\t\t\t\t\t\t\t\t<img title=\"Besichtigung-La-Gomera-Maerz-2022-03\" alt=\"Besichtigung-La-Gomera-Maerz-2022-03\" src=\"https:\/\/wernerdeck.de\/blog\/wp-content\/gallery\/gomera\/thumbs\/thumbs_Besichtigung-La-Gomera-Maerz-2022-03.jpg\" width='240' height='160' \/>\n\t\t\t\t\t\t\t<\/a>\n\t\t\t<span>\n\t\t\t \t\t\t<\/span>\n\t\t<\/div>\n\t<\/div>\n\t\t\t\t\t\t\t\t\n\t<div id=\"ngg-image-6920\" class=\"ngg-gallery-thumbnail-box\" style=\"width:16%;\" >\n\t\t<div class=\"ngg-gallery-thumbnail\" >\n\t\t\t<a href=\"https:\/\/wernerdeck.de\/blog\/wp-content\/gallery\/gomera\/Besichtigung-La-Gomera-Maerz-2022-04.jpg\"\n\t\t\t\ttitle=\" \"\n\t\t\t\tclass=\"ngg-simplelightbox\" rel=\"f5c766fb976b60f7dd072dd6ce08c9b1\" data-image-id=\"6920\" data-src=\"https:\/\/wernerdeck.de\/blog\/wp-content\/gallery\/gomera\/Besichtigung-La-Gomera-Maerz-2022-04.jpg\" data-thumbnail=\"https:\/\/wernerdeck.de\/blog\/wp-content\/gallery\/gomera\/thumbs\/thumbs_Besichtigung-La-Gomera-Maerz-2022-04.jpg\" data-title=\"Besichtigung-La-Gomera-Maerz-2022-04\" data-description=\" \" >\n\t\t\t\t\t\t\t\t<img title=\"Besichtigung-La-Gomera-Maerz-2022-04\" alt=\"Besichtigung-La-Gomera-Maerz-2022-04\" src=\"https:\/\/wernerdeck.de\/blog\/wp-content\/gallery\/gomera\/thumbs\/thumbs_Besichtigung-La-Gomera-Maerz-2022-04.jpg\" width='240' height='160' \/>\n\t\t\t\t\t\t\t<\/a>\n\t\t\t<span>\n\t\t\t \t\t\t<\/span>\n\t\t<\/div>\n\t<\/div>\n\t\t\t\t\t\t\t\t\n\t<div id=\"ngg-image-6923\" class=\"ngg-gallery-thumbnail-box\" style=\"width:16%;\" >\n\t\t<div class=\"ngg-gallery-thumbnail\" >\n\t\t\t<a href=\"https:\/\/wernerdeck.de\/blog\/wp-content\/gallery\/gomera\/Besichtigung-La-Gomera-Maerz-2022-05.jpg\"\n\t\t\t\ttitle=\" \"\n\t\t\t\tclass=\"ngg-simplelightbox\" rel=\"f5c766fb976b60f7dd072dd6ce08c9b1\" data-image-id=\"6923\" data-src=\"https:\/\/wernerdeck.de\/blog\/wp-content\/gallery\/gomera\/Besichtigung-La-Gomera-Maerz-2022-05.jpg\" data-thumbnail=\"https:\/\/wernerdeck.de\/blog\/wp-content\/gallery\/gomera\/thumbs\/thumbs_Besichtigung-La-Gomera-Maerz-2022-05.jpg\" data-title=\"Besichtigung-La-Gomera-Maerz-2022-05\" data-description=\" \" >\n\t\t\t\t\t\t\t\t<img title=\"Besichtigung-La-Gomera-Maerz-2022-05\" alt=\"Besichtigung-La-Gomera-Maerz-2022-05\" src=\"https:\/\/wernerdeck.de\/blog\/wp-content\/gallery\/gomera\/thumbs\/thumbs_Besichtigung-La-Gomera-Maerz-2022-05.jpg\" width='240' height='160' \/>\n\t\t\t\t\t\t\t<\/a>\n\t\t\t<span>\n\t\t\t \t\t\t<\/span>\n\t\t<\/div>\n\t<\/div>\n\t\t\t\t\t\t\t\t\n\t<div id=\"ngg-image-6922\" class=\"ngg-gallery-thumbnail-box\" style=\"width:16%;\" >\n\t\t<div class=\"ngg-gallery-thumbnail\" >\n\t\t\t<a href=\"https:\/\/wernerdeck.de\/blog\/wp-content\/gallery\/gomera\/Besichtigung-La-Gomera-Maerz-2022-06.jpg\"\n\t\t\t\ttitle=\" \"\n\t\t\t\tclass=\"ngg-simplelightbox\" rel=\"f5c766fb976b60f7dd072dd6ce08c9b1\" data-image-id=\"6922\" data-src=\"https:\/\/wernerdeck.de\/blog\/wp-content\/gallery\/gomera\/Besichtigung-La-Gomera-Maerz-2022-06.jpg\" data-thumbnail=\"https:\/\/wernerdeck.de\/blog\/wp-content\/gallery\/gomera\/thumbs\/thumbs_Besichtigung-La-Gomera-Maerz-2022-06.jpg\" data-title=\"Besichtigung-La-Gomera-Maerz-2022-06\" data-description=\" \" >\n\t\t\t\t\t\t\t\t<img title=\"Besichtigung-La-Gomera-Maerz-2022-06\" alt=\"Besichtigung-La-Gomera-Maerz-2022-06\" src=\"https:\/\/wernerdeck.de\/blog\/wp-content\/gallery\/gomera\/thumbs\/thumbs_Besichtigung-La-Gomera-Maerz-2022-06.jpg\" width='240' height='160' \/>\n\t\t\t\t\t\t\t<\/a>\n\t\t\t<span>\n\t\t\t \t\t\t<\/span>\n\t\t<\/div>\n\t<\/div>\n\t\t\t\t\t\t\t<br style=\"clear: both\" \/>\n\t\t\t\n\t<div id=\"ngg-image-6924\" class=\"ngg-gallery-thumbnail-box\" style=\"width:16%;\" >\n\t\t<div class=\"ngg-gallery-thumbnail\" >\n\t\t\t<a href=\"https:\/\/wernerdeck.de\/blog\/wp-content\/gallery\/gomera\/Besichtigung-La-Gomera-Maerz-2022-07.jpg\"\n\t\t\t\ttitle=\" \"\n\t\t\t\tclass=\"ngg-simplelightbox\" rel=\"f5c766fb976b60f7dd072dd6ce08c9b1\" data-image-id=\"6924\" data-src=\"https:\/\/wernerdeck.de\/blog\/wp-content\/gallery\/gomera\/Besichtigung-La-Gomera-Maerz-2022-07.jpg\" data-thumbnail=\"https:\/\/wernerdeck.de\/blog\/wp-content\/gallery\/gomera\/thumbs\/thumbs_Besichtigung-La-Gomera-Maerz-2022-07.jpg\" data-title=\"Besichtigung-La-Gomera-Maerz-2022-07\" data-description=\" \" >\n\t\t\t\t\t\t\t\t<img title=\"Besichtigung-La-Gomera-Maerz-2022-07\" alt=\"Besichtigung-La-Gomera-Maerz-2022-07\" src=\"https:\/\/wernerdeck.de\/blog\/wp-content\/gallery\/gomera\/thumbs\/thumbs_Besichtigung-La-Gomera-Maerz-2022-07.jpg\" width='240' height='160' \/>\n\t\t\t\t\t\t\t<\/a>\n\t\t\t<span>\n\t\t\t \t\t\t<\/span>\n\t\t<\/div>\n\t<\/div>\n\t\t\t\t\t\t\t\t\n\t<div id=\"ngg-image-6925\" class=\"ngg-gallery-thumbnail-box\" style=\"width:16%;\" >\n\t\t<div class=\"ngg-gallery-thumbnail\" >\n\t\t\t<a href=\"https:\/\/wernerdeck.de\/blog\/wp-content\/gallery\/gomera\/Besichtigung-La-Gomera-Maerz-2022-08.jpg\"\n\t\t\t\ttitle=\" \"\n\t\t\t\tclass=\"ngg-simplelightbox\" rel=\"f5c766fb976b60f7dd072dd6ce08c9b1\" data-image-id=\"6925\" data-src=\"https:\/\/wernerdeck.de\/blog\/wp-content\/gallery\/gomera\/Besichtigung-La-Gomera-Maerz-2022-08.jpg\" data-thumbnail=\"https:\/\/wernerdeck.de\/blog\/wp-content\/gallery\/gomera\/thumbs\/thumbs_Besichtigung-La-Gomera-Maerz-2022-08.jpg\" data-title=\"Besichtigung-La-Gomera-Maerz-2022-08\" data-description=\" \" >\n\t\t\t\t\t\t\t\t<img title=\"Besichtigung-La-Gomera-Maerz-2022-08\" alt=\"Besichtigung-La-Gomera-Maerz-2022-08\" src=\"https:\/\/wernerdeck.de\/blog\/wp-content\/gallery\/gomera\/thumbs\/thumbs_Besichtigung-La-Gomera-Maerz-2022-08.jpg\" width='240' height='160' \/>\n\t\t\t\t\t\t\t<\/a>\n\t\t\t<span>\n\t\t\t \t\t\t<\/span>\n\t\t<\/div>\n\t<\/div>\n\t\t\t\t\t\t\t\t\n\t<div id=\"ngg-image-6926\" class=\"ngg-gallery-thumbnail-box\" style=\"width:16%;\" >\n\t\t<div class=\"ngg-gallery-thumbnail\" >\n\t\t\t<a href=\"https:\/\/wernerdeck.de\/blog\/wp-content\/gallery\/gomera\/Besichtigung-La-Gomera-Maerz-2022-09.jpg\"\n\t\t\t\ttitle=\" \"\n\t\t\t\tclass=\"ngg-simplelightbox\" rel=\"f5c766fb976b60f7dd072dd6ce08c9b1\" data-image-id=\"6926\" data-src=\"https:\/\/wernerdeck.de\/blog\/wp-content\/gallery\/gomera\/Besichtigung-La-Gomera-Maerz-2022-09.jpg\" data-thumbnail=\"https:\/\/wernerdeck.de\/blog\/wp-content\/gallery\/gomera\/thumbs\/thumbs_Besichtigung-La-Gomera-Maerz-2022-09.jpg\" data-title=\"Besichtigung-La-Gomera-Maerz-2022-09\" data-description=\" \" >\n\t\t\t\t\t\t\t\t<img title=\"Besichtigung-La-Gomera-Maerz-2022-09\" alt=\"Besichtigung-La-Gomera-Maerz-2022-09\" src=\"https:\/\/wernerdeck.de\/blog\/wp-content\/gallery\/gomera\/thumbs\/thumbs_Besichtigung-La-Gomera-Maerz-2022-09.jpg\" width='240' height='160' \/>\n\t\t\t\t\t\t\t<\/a>\n\t\t\t<span>\n\t\t\t \t\t\t<\/span>\n\t\t<\/div>\n\t<\/div>\n\t\t\t\t\t\t\t\t\n\t<div id=\"ngg-image-6927\" class=\"ngg-gallery-thumbnail-box\" style=\"width:16%;\" >\n\t\t<div class=\"ngg-gallery-thumbnail\" >\n\t\t\t<a href=\"https:\/\/wernerdeck.de\/blog\/wp-content\/gallery\/gomera\/Besichtigung-La-Gomera-Maerz-2022-10.jpg\"\n\t\t\t\ttitle=\" \"\n\t\t\t\tclass=\"ngg-simplelightbox\" rel=\"f5c766fb976b60f7dd072dd6ce08c9b1\" data-image-id=\"6927\" data-src=\"https:\/\/wernerdeck.de\/blog\/wp-content\/gallery\/gomera\/Besichtigung-La-Gomera-Maerz-2022-10.jpg\" data-thumbnail=\"https:\/\/wernerdeck.de\/blog\/wp-content\/gallery\/gomera\/thumbs\/thumbs_Besichtigung-La-Gomera-Maerz-2022-10.jpg\" data-title=\"Besichtigung-La-Gomera-Maerz-2022-10\" data-description=\" \" >\n\t\t\t\t\t\t\t\t<img title=\"Besichtigung-La-Gomera-Maerz-2022-10\" alt=\"Besichtigung-La-Gomera-Maerz-2022-10\" src=\"https:\/\/wernerdeck.de\/blog\/wp-content\/gallery\/gomera\/thumbs\/thumbs_Besichtigung-La-Gomera-Maerz-2022-10.jpg\" width='240' height='160' \/>\n\t\t\t\t\t\t\t<\/a>\n\t\t\t<span>\n\t\t\t \t\t\t<\/span>\n\t\t<\/div>\n\t<\/div>\n\t\t\t\t\t\t\t\t\n\t<div id=\"ngg-image-6928\" class=\"ngg-gallery-thumbnail-box\" style=\"width:16%;\" >\n\t\t<div class=\"ngg-gallery-thumbnail\" >\n\t\t\t<a href=\"https:\/\/wernerdeck.de\/blog\/wp-content\/gallery\/gomera\/Besichtigung-La-Gomera-Maerz-2022-11.jpg\"\n\t\t\t\ttitle=\" \"\n\t\t\t\tclass=\"ngg-simplelightbox\" rel=\"f5c766fb976b60f7dd072dd6ce08c9b1\" data-image-id=\"6928\" data-src=\"https:\/\/wernerdeck.de\/blog\/wp-content\/gallery\/gomera\/Besichtigung-La-Gomera-Maerz-2022-11.jpg\" data-thumbnail=\"https:\/\/wernerdeck.de\/blog\/wp-content\/gallery\/gomera\/thumbs\/thumbs_Besichtigung-La-Gomera-Maerz-2022-11.jpg\" data-title=\"Besichtigung-La-Gomera-Maerz-2022-11\" data-description=\" \" >\n\t\t\t\t\t\t\t\t<img title=\"Besichtigung-La-Gomera-Maerz-2022-11\" alt=\"Besichtigung-La-Gomera-Maerz-2022-11\" src=\"https:\/\/wernerdeck.de\/blog\/wp-content\/gallery\/gomera\/thumbs\/thumbs_Besichtigung-La-Gomera-Maerz-2022-11.jpg\" width='240' height='160' \/>\n\t\t\t\t\t\t\t<\/a>\n\t\t\t<span>\n\t\t\t \t\t\t<\/span>\n\t\t<\/div>\n\t<\/div>\n\t\t\t\t\t\t\t\t\n\t<div id=\"ngg-image-6929\" class=\"ngg-gallery-thumbnail-box\" style=\"width:16%;\" >\n\t\t<div class=\"ngg-gallery-thumbnail\" >\n\t\t\t<a href=\"https:\/\/wernerdeck.de\/blog\/wp-content\/gallery\/gomera\/Besichtigung-La-Gomera-Maerz-2022-12.jpg\"\n\t\t\t\ttitle=\" \"\n\t\t\t\tclass=\"ngg-simplelightbox\" rel=\"f5c766fb976b60f7dd072dd6ce08c9b1\" data-image-id=\"6929\" data-src=\"https:\/\/wernerdeck.de\/blog\/wp-content\/gallery\/gomera\/Besichtigung-La-Gomera-Maerz-2022-12.jpg\" data-thumbnail=\"https:\/\/wernerdeck.de\/blog\/wp-content\/gallery\/gomera\/thumbs\/thumbs_Besichtigung-La-Gomera-Maerz-2022-12.jpg\" data-title=\"Besichtigung-La-Gomera-Maerz-2022-12\" data-description=\" \" >\n\t\t\t\t\t\t\t\t<img title=\"Besichtigung-La-Gomera-Maerz-2022-12\" alt=\"Besichtigung-La-Gomera-Maerz-2022-12\" src=\"https:\/\/wernerdeck.de\/blog\/wp-content\/gallery\/gomera\/thumbs\/thumbs_Besichtigung-La-Gomera-Maerz-2022-12.jpg\" width='240' height='160' \/>\n\t\t\t\t\t\t\t<\/a>\n\t\t\t<span>\n\t\t\t \t\t\t<\/span>\n\t\t<\/div>\n\t<\/div>\n\t\t\t\t\t\t\t<br style=\"clear: both\" \/>\n\t\t\t\n\t<div id=\"ngg-image-6931\" class=\"ngg-gallery-thumbnail-box\" style=\"width:16%;\" >\n\t\t<div class=\"ngg-gallery-thumbnail\" >\n\t\t\t<a href=\"https:\/\/wernerdeck.de\/blog\/wp-content\/gallery\/gomera\/Besichtigung-La-Gomera-Maerz-2022-13.jpg\"\n\t\t\t\ttitle=\" \"\n\t\t\t\tclass=\"ngg-simplelightbox\" rel=\"f5c766fb976b60f7dd072dd6ce08c9b1\" data-image-id=\"6931\" data-src=\"https:\/\/wernerdeck.de\/blog\/wp-content\/gallery\/gomera\/Besichtigung-La-Gomera-Maerz-2022-13.jpg\" data-thumbnail=\"https:\/\/wernerdeck.de\/blog\/wp-content\/gallery\/gomera\/thumbs\/thumbs_Besichtigung-La-Gomera-Maerz-2022-13.jpg\" data-title=\"Besichtigung-La-Gomera-Maerz-2022-13\" data-description=\" \" >\n\t\t\t\t\t\t\t\t<img title=\"Besichtigung-La-Gomera-Maerz-2022-13\" alt=\"Besichtigung-La-Gomera-Maerz-2022-13\" src=\"https:\/\/wernerdeck.de\/blog\/wp-content\/gallery\/gomera\/thumbs\/thumbs_Besichtigung-La-Gomera-Maerz-2022-13.jpg\" width='240' height='160' \/>\n\t\t\t\t\t\t\t<\/a>\n\t\t\t<span>\n\t\t\t \t\t\t<\/span>\n\t\t<\/div>\n\t<\/div>\n\t\t\t\t\t\t\t\t\n\t<div id=\"ngg-image-6930\" class=\"ngg-gallery-thumbnail-box\" style=\"width:16%;\" >\n\t\t<div class=\"ngg-gallery-thumbnail\" >\n\t\t\t<a href=\"https:\/\/wernerdeck.de\/blog\/wp-content\/gallery\/gomera\/Besichtigung-La-Gomera-Maerz-2022-14.jpg\"\n\t\t\t\ttitle=\" \"\n\t\t\t\tclass=\"ngg-simplelightbox\" rel=\"f5c766fb976b60f7dd072dd6ce08c9b1\" data-image-id=\"6930\" data-src=\"https:\/\/wernerdeck.de\/blog\/wp-content\/gallery\/gomera\/Besichtigung-La-Gomera-Maerz-2022-14.jpg\" data-thumbnail=\"https:\/\/wernerdeck.de\/blog\/wp-content\/gallery\/gomera\/thumbs\/thumbs_Besichtigung-La-Gomera-Maerz-2022-14.jpg\" data-title=\"Besichtigung-La-Gomera-Maerz-2022-14\" data-description=\" \" >\n\t\t\t\t\t\t\t\t<img title=\"Besichtigung-La-Gomera-Maerz-2022-14\" alt=\"Besichtigung-La-Gomera-Maerz-2022-14\" src=\"https:\/\/wernerdeck.de\/blog\/wp-content\/gallery\/gomera\/thumbs\/thumbs_Besichtigung-La-Gomera-Maerz-2022-14.jpg\" width='240' height='160' \/>\n\t\t\t\t\t\t\t<\/a>\n\t\t\t<span>\n\t\t\t \t\t\t<\/span>\n\t\t<\/div>\n\t<\/div>\n\t\t\t\t\t\t\t\t\n\t<div id=\"ngg-image-6934\" class=\"ngg-gallery-thumbnail-box\" style=\"width:16%;\" >\n\t\t<div class=\"ngg-gallery-thumbnail\" >\n\t\t\t<a href=\"https:\/\/wernerdeck.de\/blog\/wp-content\/gallery\/gomera\/Besichtigung-La-Gomera-Maerz-2022-15.jpg\"\n\t\t\t\ttitle=\" \"\n\t\t\t\tclass=\"ngg-simplelightbox\" rel=\"f5c766fb976b60f7dd072dd6ce08c9b1\" data-image-id=\"6934\" data-src=\"https:\/\/wernerdeck.de\/blog\/wp-content\/gallery\/gomera\/Besichtigung-La-Gomera-Maerz-2022-15.jpg\" data-thumbnail=\"https:\/\/wernerdeck.de\/blog\/wp-content\/gallery\/gomera\/thumbs\/thumbs_Besichtigung-La-Gomera-Maerz-2022-15.jpg\" data-title=\"Besichtigung-La-Gomera-Maerz-2022-15\" data-description=\" \" >\n\t\t\t\t\t\t\t\t<img title=\"Besichtigung-La-Gomera-Maerz-2022-15\" alt=\"Besichtigung-La-Gomera-Maerz-2022-15\" src=\"https:\/\/wernerdeck.de\/blog\/wp-content\/gallery\/gomera\/thumbs\/thumbs_Besichtigung-La-Gomera-Maerz-2022-15.jpg\" width='240' height='160' \/>\n\t\t\t\t\t\t\t<\/a>\n\t\t\t<span>\n\t\t\t \t\t\t<\/span>\n\t\t<\/div>\n\t<\/div>\n\t\t\t\t\t\t\t\t\n\t<div id=\"ngg-image-6935\" class=\"ngg-gallery-thumbnail-box\" style=\"width:16%;\" >\n\t\t<div class=\"ngg-gallery-thumbnail\" >\n\t\t\t<a href=\"https:\/\/wernerdeck.de\/blog\/wp-content\/gallery\/gomera\/Besichtigung-La-Gomera-Maerz-2022-16.jpg\"\n\t\t\t\ttitle=\" \"\n\t\t\t\tclass=\"ngg-simplelightbox\" rel=\"f5c766fb976b60f7dd072dd6ce08c9b1\" data-image-id=\"6935\" data-src=\"https:\/\/wernerdeck.de\/blog\/wp-content\/gallery\/gomera\/Besichtigung-La-Gomera-Maerz-2022-16.jpg\" data-thumbnail=\"https:\/\/wernerdeck.de\/blog\/wp-content\/gallery\/gomera\/thumbs\/thumbs_Besichtigung-La-Gomera-Maerz-2022-16.jpg\" data-title=\"Besichtigung-La-Gomera-Maerz-2022-16\" data-description=\" \" >\n\t\t\t\t\t\t\t\t<img title=\"Besichtigung-La-Gomera-Maerz-2022-16\" alt=\"Besichtigung-La-Gomera-Maerz-2022-16\" src=\"https:\/\/wernerdeck.de\/blog\/wp-content\/gallery\/gomera\/thumbs\/thumbs_Besichtigung-La-Gomera-Maerz-2022-16.jpg\" width='240' height='160' \/>\n\t\t\t\t\t\t\t<\/a>\n\t\t\t<span>\n\t\t\t \t\t\t<\/span>\n\t\t<\/div>\n\t<\/div>\n\t\t\t\t\t\t\t\t\n\t<div id=\"ngg-image-6932\" class=\"ngg-gallery-thumbnail-box\" style=\"width:16%;\" >\n\t\t<div class=\"ngg-gallery-thumbnail\" >\n\t\t\t<a href=\"https:\/\/wernerdeck.de\/blog\/wp-content\/gallery\/gomera\/Besichtigung-La-Gomera-Maerz-2022-17.jpg\"\n\t\t\t\ttitle=\" \"\n\t\t\t\tclass=\"ngg-simplelightbox\" rel=\"f5c766fb976b60f7dd072dd6ce08c9b1\" data-image-id=\"6932\" data-src=\"https:\/\/wernerdeck.de\/blog\/wp-content\/gallery\/gomera\/Besichtigung-La-Gomera-Maerz-2022-17.jpg\" data-thumbnail=\"https:\/\/wernerdeck.de\/blog\/wp-content\/gallery\/gomera\/thumbs\/thumbs_Besichtigung-La-Gomera-Maerz-2022-17.jpg\" data-title=\"Besichtigung-La-Gomera-Maerz-2022-17\" data-description=\" \" >\n\t\t\t\t\t\t\t\t<img title=\"Besichtigung-La-Gomera-Maerz-2022-17\" alt=\"Besichtigung-La-Gomera-Maerz-2022-17\" src=\"https:\/\/wernerdeck.de\/blog\/wp-content\/gallery\/gomera\/thumbs\/thumbs_Besichtigung-La-Gomera-Maerz-2022-17.jpg\" width='240' height='160' \/>\n\t\t\t\t\t\t\t<\/a>\n\t\t\t<span>\n\t\t\t \t\t\t<\/span>\n\t\t<\/div>\n\t<\/div>\n\t\t\t\t\t\t\t\t\n\t<div id=\"ngg-image-6933\" class=\"ngg-gallery-thumbnail-box\" style=\"width:16%;\" >\n\t\t<div class=\"ngg-gallery-thumbnail\" >\n\t\t\t<a href=\"https:\/\/wernerdeck.de\/blog\/wp-content\/gallery\/gomera\/Besichtigung-La-Gomera-Maerz-2022-18.jpg\"\n\t\t\t\ttitle=\" \"\n\t\t\t\tclass=\"ngg-simplelightbox\" rel=\"f5c766fb976b60f7dd072dd6ce08c9b1\" data-image-id=\"6933\" data-src=\"https:\/\/wernerdeck.de\/blog\/wp-content\/gallery\/gomera\/Besichtigung-La-Gomera-Maerz-2022-18.jpg\" data-thumbnail=\"https:\/\/wernerdeck.de\/blog\/wp-content\/gallery\/gomera\/thumbs\/thumbs_Besichtigung-La-Gomera-Maerz-2022-18.jpg\" data-title=\"Besichtigung-La-Gomera-Maerz-2022-18\" data-description=\" \" >\n\t\t\t\t\t\t\t\t<img title=\"Besichtigung-La-Gomera-Maerz-2022-18\" alt=\"Besichtigung-La-Gomera-Maerz-2022-18\" src=\"https:\/\/wernerdeck.de\/blog\/wp-content\/gallery\/gomera\/thumbs\/thumbs_Besichtigung-La-Gomera-Maerz-2022-18.jpg\" width='240' height='160' \/>\n\t\t\t\t\t\t\t<\/a>\n\t\t\t<span>\n\t\t\t \t\t\t<\/span>\n\t\t<\/div>\n\t<\/div>\n\t\t\t\t\t\t\t<br style=\"clear: both\" \/>\n\t\t\t\n\t<div id=\"ngg-image-6936\" class=\"ngg-gallery-thumbnail-box\" style=\"width:16%;\" >\n\t\t<div class=\"ngg-gallery-thumbnail\" >\n\t\t\t<a href=\"https:\/\/wernerdeck.de\/blog\/wp-content\/gallery\/gomera\/Besichtigung-La-Gomera-Maerz-2022-19.jpg\"\n\t\t\t\ttitle=\" \"\n\t\t\t\tclass=\"ngg-simplelightbox\" rel=\"f5c766fb976b60f7dd072dd6ce08c9b1\" data-image-id=\"6936\" data-src=\"https:\/\/wernerdeck.de\/blog\/wp-content\/gallery\/gomera\/Besichtigung-La-Gomera-Maerz-2022-19.jpg\" data-thumbnail=\"https:\/\/wernerdeck.de\/blog\/wp-content\/gallery\/gomera\/thumbs\/thumbs_Besichtigung-La-Gomera-Maerz-2022-19.jpg\" data-title=\"Besichtigung-La-Gomera-Maerz-2022-19\" data-description=\" \" >\n\t\t\t\t\t\t\t\t<img title=\"Besichtigung-La-Gomera-Maerz-2022-19\" alt=\"Besichtigung-La-Gomera-Maerz-2022-19\" src=\"https:\/\/wernerdeck.de\/blog\/wp-content\/gallery\/gomera\/thumbs\/thumbs_Besichtigung-La-Gomera-Maerz-2022-19.jpg\" width='240' height='160' \/>\n\t\t\t\t\t\t\t<\/a>\n\t\t\t<span>\n\t\t\t \t\t\t<\/span>\n\t\t<\/div>\n\t<\/div>\n\t\t\t\t\t\t\t\t\n\t<div id=\"ngg-image-6942\" class=\"ngg-gallery-thumbnail-box\" style=\"width:16%;\" >\n\t\t<div class=\"ngg-gallery-thumbnail\" >\n\t\t\t<a href=\"https:\/\/wernerdeck.de\/blog\/wp-content\/gallery\/gomera\/Besichtigung-La-Gomera-Maerz-2022-20.jpg\"\n\t\t\t\ttitle=\" \"\n\t\t\t\tclass=\"ngg-simplelightbox\" rel=\"f5c766fb976b60f7dd072dd6ce08c9b1\" data-image-id=\"6942\" data-src=\"https:\/\/wernerdeck.de\/blog\/wp-content\/gallery\/gomera\/Besichtigung-La-Gomera-Maerz-2022-20.jpg\" data-thumbnail=\"https:\/\/wernerdeck.de\/blog\/wp-content\/gallery\/gomera\/thumbs\/thumbs_Besichtigung-La-Gomera-Maerz-2022-20.jpg\" data-title=\"Besichtigung-La-Gomera-Maerz-2022-20\" data-description=\" \" >\n\t\t\t\t\t\t\t\t<img title=\"Besichtigung-La-Gomera-Maerz-2022-20\" alt=\"Besichtigung-La-Gomera-Maerz-2022-20\" src=\"https:\/\/wernerdeck.de\/blog\/wp-content\/gallery\/gomera\/thumbs\/thumbs_Besichtigung-La-Gomera-Maerz-2022-20.jpg\" width='240' height='160' \/>\n\t\t\t\t\t\t\t<\/a>\n\t\t\t<span>\n\t\t\t \t\t\t<\/span>\n\t\t<\/div>\n\t<\/div>\n\t\t\t\t\t\t\t\t\n\t<div id=\"ngg-image-6947\" class=\"ngg-gallery-thumbnail-box\" style=\"width:16%;\" >\n\t\t<div class=\"ngg-gallery-thumbnail\" >\n\t\t\t<a href=\"https:\/\/wernerdeck.de\/blog\/wp-content\/gallery\/gomera\/Besichtigung-La-Gomera-Maerz-2022-21.jpg\"\n\t\t\t\ttitle=\" \"\n\t\t\t\tclass=\"ngg-simplelightbox\" rel=\"f5c766fb976b60f7dd072dd6ce08c9b1\" data-image-id=\"6947\" data-src=\"https:\/\/wernerdeck.de\/blog\/wp-content\/gallery\/gomera\/Besichtigung-La-Gomera-Maerz-2022-21.jpg\" data-thumbnail=\"https:\/\/wernerdeck.de\/blog\/wp-content\/gallery\/gomera\/thumbs\/thumbs_Besichtigung-La-Gomera-Maerz-2022-21.jpg\" data-title=\"Besichtigung-La-Gomera-Maerz-2022-21\" data-description=\" \" >\n\t\t\t\t\t\t\t\t<img title=\"Besichtigung-La-Gomera-Maerz-2022-21\" alt=\"Besichtigung-La-Gomera-Maerz-2022-21\" src=\"https:\/\/wernerdeck.de\/blog\/wp-content\/gallery\/gomera\/thumbs\/thumbs_Besichtigung-La-Gomera-Maerz-2022-21.jpg\" width='240' height='160' \/>\n\t\t\t\t\t\t\t<\/a>\n\t\t\t<span>\n\t\t\t \t\t\t<\/span>\n\t\t<\/div>\n\t<\/div>\n\t\t\t\t\t\t\t\t\n\t<div id=\"ngg-image-6941\" class=\"ngg-gallery-thumbnail-box\" style=\"width:16%;\" >\n\t\t<div class=\"ngg-gallery-thumbnail\" >\n\t\t\t<a href=\"https:\/\/wernerdeck.de\/blog\/wp-content\/gallery\/gomera\/Besichtigung-La-Gomera-Maerz-2022-22.jpg\"\n\t\t\t\ttitle=\" \"\n\t\t\t\tclass=\"ngg-simplelightbox\" rel=\"f5c766fb976b60f7dd072dd6ce08c9b1\" data-image-id=\"6941\" data-src=\"https:\/\/wernerdeck.de\/blog\/wp-content\/gallery\/gomera\/Besichtigung-La-Gomera-Maerz-2022-22.jpg\" data-thumbnail=\"https:\/\/wernerdeck.de\/blog\/wp-content\/gallery\/gomera\/thumbs\/thumbs_Besichtigung-La-Gomera-Maerz-2022-22.jpg\" data-title=\"Besichtigung-La-Gomera-Maerz-2022-22\" data-description=\" \" >\n\t\t\t\t\t\t\t\t<img title=\"Besichtigung-La-Gomera-Maerz-2022-22\" alt=\"Besichtigung-La-Gomera-Maerz-2022-22\" src=\"https:\/\/wernerdeck.de\/blog\/wp-content\/gallery\/gomera\/thumbs\/thumbs_Besichtigung-La-Gomera-Maerz-2022-22.jpg\" width='240' height='160' \/>\n\t\t\t\t\t\t\t<\/a>\n\t\t\t<span>\n\t\t\t \t\t\t<\/span>\n\t\t<\/div>\n\t<\/div>\n\t\t\t\t\t\t\t\t\n\t<div id=\"ngg-image-6940\" class=\"ngg-gallery-thumbnail-box\" style=\"width:16%;\" >\n\t\t<div class=\"ngg-gallery-thumbnail\" >\n\t\t\t<a href=\"https:\/\/wernerdeck.de\/blog\/wp-content\/gallery\/gomera\/Besichtigung-La-Gomera-Maerz-2022-23.jpg\"\n\t\t\t\ttitle=\" \"\n\t\t\t\tclass=\"ngg-simplelightbox\" rel=\"f5c766fb976b60f7dd072dd6ce08c9b1\" data-image-id=\"6940\" data-src=\"https:\/\/wernerdeck.de\/blog\/wp-content\/gallery\/gomera\/Besichtigung-La-Gomera-Maerz-2022-23.jpg\" data-thumbnail=\"https:\/\/wernerdeck.de\/blog\/wp-content\/gallery\/gomera\/thumbs\/thumbs_Besichtigung-La-Gomera-Maerz-2022-23.jpg\" data-title=\"Besichtigung-La-Gomera-Maerz-2022-23\" data-description=\" \" >\n\t\t\t\t\t\t\t\t<img title=\"Besichtigung-La-Gomera-Maerz-2022-23\" alt=\"Besichtigung-La-Gomera-Maerz-2022-23\" src=\"https:\/\/wernerdeck.de\/blog\/wp-content\/gallery\/gomera\/thumbs\/thumbs_Besichtigung-La-Gomera-Maerz-2022-23.jpg\" width='240' height='160' \/>\n\t\t\t\t\t\t\t<\/a>\n\t\t\t<span>\n\t\t\t \t\t\t<\/span>\n\t\t<\/div>\n\t<\/div>\n\t\t\t\t\t\t\t\t\n\t<div id=\"ngg-image-6939\" class=\"ngg-gallery-thumbnail-box\" style=\"width:16%;\" >\n\t\t<div class=\"ngg-gallery-thumbnail\" >\n\t\t\t<a href=\"https:\/\/wernerdeck.de\/blog\/wp-content\/gallery\/gomera\/Besichtigung-La-Gomera-Maerz-2022-24.jpg\"\n\t\t\t\ttitle=\" \"\n\t\t\t\tclass=\"ngg-simplelightbox\" rel=\"f5c766fb976b60f7dd072dd6ce08c9b1\" data-image-id=\"6939\" data-src=\"https:\/\/wernerdeck.de\/blog\/wp-content\/gallery\/gomera\/Besichtigung-La-Gomera-Maerz-2022-24.jpg\" data-thumbnail=\"https:\/\/wernerdeck.de\/blog\/wp-content\/gallery\/gomera\/thumbs\/thumbs_Besichtigung-La-Gomera-Maerz-2022-24.jpg\" data-title=\"Besichtigung-La-Gomera-Maerz-2022-24\" data-description=\" \" >\n\t\t\t\t\t\t\t\t<img title=\"Besichtigung-La-Gomera-Maerz-2022-24\" alt=\"Besichtigung-La-Gomera-Maerz-2022-24\" src=\"https:\/\/wernerdeck.de\/blog\/wp-content\/gallery\/gomera\/thumbs\/thumbs_Besichtigung-La-Gomera-Maerz-2022-24.jpg\" width='240' height='160' \/>\n\t\t\t\t\t\t\t<\/a>\n\t\t\t<span>\n\t\t\t \t\t\t<\/span>\n\t\t<\/div>\n\t<\/div>\n\t\t\t\t\t\t\t<br style=\"clear: both\" \/>\n\t\t\t\n\t<div id=\"ngg-image-6937\" class=\"ngg-gallery-thumbnail-box\" style=\"width:16%;\" >\n\t\t<div class=\"ngg-gallery-thumbnail\" >\n\t\t\t<a href=\"https:\/\/wernerdeck.de\/blog\/wp-content\/gallery\/gomera\/Besichtigung-La-Gomera-Maerz-2022-25.jpg\"\n\t\t\t\ttitle=\" \"\n\t\t\t\tclass=\"ngg-simplelightbox\" rel=\"f5c766fb976b60f7dd072dd6ce08c9b1\" data-image-id=\"6937\" data-src=\"https:\/\/wernerdeck.de\/blog\/wp-content\/gallery\/gomera\/Besichtigung-La-Gomera-Maerz-2022-25.jpg\" data-thumbnail=\"https:\/\/wernerdeck.de\/blog\/wp-content\/gallery\/gomera\/thumbs\/thumbs_Besichtigung-La-Gomera-Maerz-2022-25.jpg\" data-title=\"Besichtigung-La-Gomera-Maerz-2022-25\" data-description=\" \" >\n\t\t\t\t\t\t\t\t<img title=\"Besichtigung-La-Gomera-Maerz-2022-25\" alt=\"Besichtigung-La-Gomera-Maerz-2022-25\" src=\"https:\/\/wernerdeck.de\/blog\/wp-content\/gallery\/gomera\/thumbs\/thumbs_Besichtigung-La-Gomera-Maerz-2022-25.jpg\" width='240' height='160' \/>\n\t\t\t\t\t\t\t<\/a>\n\t\t\t<span>\n\t\t\t \t\t\t<\/span>\n\t\t<\/div>\n\t<\/div>\n\t\t\t\t\t\t\t\t\n\t<div id=\"ngg-image-6938\" class=\"ngg-gallery-thumbnail-box\" style=\"width:16%;\" >\n\t\t<div class=\"ngg-gallery-thumbnail\" >\n\t\t\t<a href=\"https:\/\/wernerdeck.de\/blog\/wp-content\/gallery\/gomera\/Besichtigung-La-Gomera-Maerz-2022-26.jpg\"\n\t\t\t\ttitle=\" \"\n\t\t\t\tclass=\"ngg-simplelightbox\" rel=\"f5c766fb976b60f7dd072dd6ce08c9b1\" data-image-id=\"6938\" data-src=\"https:\/\/wernerdeck.de\/blog\/wp-content\/gallery\/gomera\/Besichtigung-La-Gomera-Maerz-2022-26.jpg\" data-thumbnail=\"https:\/\/wernerdeck.de\/blog\/wp-content\/gallery\/gomera\/thumbs\/thumbs_Besichtigung-La-Gomera-Maerz-2022-26.jpg\" data-title=\"Besichtigung-La-Gomera-Maerz-2022-26\" data-description=\" \" >\n\t\t\t\t\t\t\t\t<img title=\"Besichtigung-La-Gomera-Maerz-2022-26\" alt=\"Besichtigung-La-Gomera-Maerz-2022-26\" src=\"https:\/\/wernerdeck.de\/blog\/wp-content\/gallery\/gomera\/thumbs\/thumbs_Besichtigung-La-Gomera-Maerz-2022-26.jpg\" width='240' height='160' \/>\n\t\t\t\t\t\t\t<\/a>\n\t\t\t<span>\n\t\t\t \t\t\t<\/span>\n\t\t<\/div>\n\t<\/div>\n\t\t\t\t\t\t\t\t\n\t<div id=\"ngg-image-6943\" class=\"ngg-gallery-thumbnail-box\" style=\"width:16%;\" >\n\t\t<div class=\"ngg-gallery-thumbnail\" >\n\t\t\t<a href=\"https:\/\/wernerdeck.de\/blog\/wp-content\/gallery\/gomera\/Besichtigung-La-Gomera-Maerz-2022-27.jpg\"\n\t\t\t\ttitle=\" \"\n\t\t\t\tclass=\"ngg-simplelightbox\" rel=\"f5c766fb976b60f7dd072dd6ce08c9b1\" data-image-id=\"6943\" data-src=\"https:\/\/wernerdeck.de\/blog\/wp-content\/gallery\/gomera\/Besichtigung-La-Gomera-Maerz-2022-27.jpg\" data-thumbnail=\"https:\/\/wernerdeck.de\/blog\/wp-content\/gallery\/gomera\/thumbs\/thumbs_Besichtigung-La-Gomera-Maerz-2022-27.jpg\" data-title=\"Besichtigung-La-Gomera-Maerz-2022-27\" data-description=\" \" >\n\t\t\t\t\t\t\t\t<img title=\"Besichtigung-La-Gomera-Maerz-2022-27\" alt=\"Besichtigung-La-Gomera-Maerz-2022-27\" src=\"https:\/\/wernerdeck.de\/blog\/wp-content\/gallery\/gomera\/thumbs\/thumbs_Besichtigung-La-Gomera-Maerz-2022-27.jpg\" width='240' height='160' \/>\n\t\t\t\t\t\t\t<\/a>\n\t\t\t<span>\n\t\t\t \t\t\t<\/span>\n\t\t<\/div>\n\t<\/div>\n\t\t\t\t\t\t\t\t\n\t<div id=\"ngg-image-6945\" class=\"ngg-gallery-thumbnail-box\" style=\"width:16%;\" >\n\t\t<div class=\"ngg-gallery-thumbnail\" >\n\t\t\t<a href=\"https:\/\/wernerdeck.de\/blog\/wp-content\/gallery\/gomera\/Besichtigung-La-Gomera-Maerz-2022-28.jpg\"\n\t\t\t\ttitle=\" \"\n\t\t\t\tclass=\"ngg-simplelightbox\" rel=\"f5c766fb976b60f7dd072dd6ce08c9b1\" data-image-id=\"6945\" data-src=\"https:\/\/wernerdeck.de\/blog\/wp-content\/gallery\/gomera\/Besichtigung-La-Gomera-Maerz-2022-28.jpg\" data-thumbnail=\"https:\/\/wernerdeck.de\/blog\/wp-content\/gallery\/gomera\/thumbs\/thumbs_Besichtigung-La-Gomera-Maerz-2022-28.jpg\" data-title=\"Besichtigung-La-Gomera-Maerz-2022-28\" data-description=\" \" >\n\t\t\t\t\t\t\t\t<img title=\"Besichtigung-La-Gomera-Maerz-2022-28\" alt=\"Besichtigung-La-Gomera-Maerz-2022-28\" src=\"https:\/\/wernerdeck.de\/blog\/wp-content\/gallery\/gomera\/thumbs\/thumbs_Besichtigung-La-Gomera-Maerz-2022-28.jpg\" width='240' height='160' \/>\n\t\t\t\t\t\t\t<\/a>\n\t\t\t<span>\n\t\t\t \t\t\t<\/span>\n\t\t<\/div>\n\t<\/div>\n\t\t\t\t\t\t\t\t\n\t<div id=\"ngg-image-6944\" class=\"ngg-gallery-thumbnail-box\" style=\"width:16%;\" >\n\t\t<div class=\"ngg-gallery-thumbnail\" >\n\t\t\t<a href=\"https:\/\/wernerdeck.de\/blog\/wp-content\/gallery\/gomera\/Besichtigung-La-Gomera-Maerz-2022-29.jpg\"\n\t\t\t\ttitle=\" \"\n\t\t\t\tclass=\"ngg-simplelightbox\" rel=\"f5c766fb976b60f7dd072dd6ce08c9b1\" data-image-id=\"6944\" data-src=\"https:\/\/wernerdeck.de\/blog\/wp-content\/gallery\/gomera\/Besichtigung-La-Gomera-Maerz-2022-29.jpg\" data-thumbnail=\"https:\/\/wernerdeck.de\/blog\/wp-content\/gallery\/gomera\/thumbs\/thumbs_Besichtigung-La-Gomera-Maerz-2022-29.jpg\" data-title=\"Besichtigung-La-Gomera-Maerz-2022-29\" data-description=\" \" >\n\t\t\t\t\t\t\t\t<img title=\"Besichtigung-La-Gomera-Maerz-2022-29\" alt=\"Besichtigung-La-Gomera-Maerz-2022-29\" src=\"https:\/\/wernerdeck.de\/blog\/wp-content\/gallery\/gomera\/thumbs\/thumbs_Besichtigung-La-Gomera-Maerz-2022-29.jpg\" width='240' height='160' \/>\n\t\t\t\t\t\t\t<\/a>\n\t\t\t<span>\n\t\t\t \t\t\t<\/span>\n\t\t<\/div>\n\t<\/div>\n\t\t\t\t\t\t\t\t\n\t<div id=\"ngg-image-6946\" class=\"ngg-gallery-thumbnail-box\" style=\"width:16%;\" >\n\t\t<div class=\"ngg-gallery-thumbnail\" >\n\t\t\t<a href=\"https:\/\/wernerdeck.de\/blog\/wp-content\/gallery\/gomera\/Besichtigung-La-Gomera-Maerz-2022-30.jpg\"\n\t\t\t\ttitle=\" \"\n\t\t\t\tclass=\"ngg-simplelightbox\" rel=\"f5c766fb976b60f7dd072dd6ce08c9b1\" data-image-id=\"6946\" data-src=\"https:\/\/wernerdeck.de\/blog\/wp-content\/gallery\/gomera\/Besichtigung-La-Gomera-Maerz-2022-30.jpg\" data-thumbnail=\"https:\/\/wernerdeck.de\/blog\/wp-content\/gallery\/gomera\/thumbs\/thumbs_Besichtigung-La-Gomera-Maerz-2022-30.jpg\" data-title=\"Besichtigung-La-Gomera-Maerz-2022-30\" data-description=\" \" >\n\t\t\t\t\t\t\t\t<img title=\"Besichtigung-La-Gomera-Maerz-2022-30\" alt=\"Besichtigung-La-Gomera-Maerz-2022-30\" src=\"https:\/\/wernerdeck.de\/blog\/wp-content\/gallery\/gomera\/thumbs\/thumbs_Besichtigung-La-Gomera-Maerz-2022-30.jpg\" width='240' height='160' \/>\n\t\t\t\t\t\t\t<\/a>\n\t\t\t<span>\n\t\t\t \t\t\t<\/span>\n\t\t<\/div>\n\t<\/div>\n\t\t\t\t\t\t\t<br style=\"clear: both\" \/>\n\t\t\t\n\t<!-- Pagination -->\n\t\t<div class='ngg-clear'><\/div>\t\n<\/div>\n\n\tAuf Teneriffa haben wir das bisher nicht gemacht, obwohl wir schon einige Male hier waren. Vorgestern entschlossen wir uns deshalb spontan, einen Mietwagen zu nehmen und in vier Tagen damit die Insel zu umrunden. Also gleich einen Mietwagen gebucht. Was an Sehensw\u00fcrdigkeiten gibt es, welche dieser vielen sch\u00f6nen Orte soll man besuchen, was lohnt sich, was nicht? Also begab ich mich im Internet auf Spurensuche.<\/p>\n<p><a href=\"https:\/\/www.canary-vibes.com\/teneriffa-sehenswuerdigkeiten\/\" target=\"_blank\" rel=\"noopener\"><img loading=\"lazy\" decoding=\"async\" class=\" wp-image-14010 alignleft\" src=\"https:\/\/wernerdeck.de\/blog\/wp-content\/uploads\/2023\/11\/Canary-Vibes.jpg\" alt=\"Canary Vibes\" width=\"330\" height=\"248\" srcset=\"https:\/\/wernerdeck.de\/blog\/wp-content\/uploads\/2023\/11\/Canary-Vibes.jpg 1486w, https:\/\/wernerdeck.de\/blog\/wp-content\/uploads\/2023\/11\/Canary-Vibes-300x225.jpg 300w, https:\/\/wernerdeck.de\/blog\/wp-content\/uploads\/2023\/11\/Canary-Vibes-1024x769.jpg 1024w, https:\/\/wernerdeck.de\/blog\/wp-content\/uploads\/2023\/11\/Canary-Vibes-768x577.jpg 768w, https:\/\/wernerdeck.de\/blog\/wp-content\/uploads\/2023\/11\/Canary-Vibes-640x480.jpg 640w\" sizes=\"auto, (max-width: 330px) 100vw, 330px\" \/><\/a>Bei meiner Suche stie\u00df ich auf den Reiseblog \u201eCanary Vibes\u201c von Kristin und Rayco. Der Blog ist toll geschrieben, ich erhielt sehr viele wertvolle Informationen f\u00fcr unser Vorhaben.<\/p>\n<p>Dabei orientierte ich mich an dem wie f\u00fcr mich gemachten Blogartikel <a href=\"https:\/\/www.canary-vibes.com\/teneriffa-sehenswuerdigkeiten\/\" target=\"_blank\" rel=\"noopener\">\u201e<\/a><span style=\"font-size: 16px;\"><a href=\"https:\/\/www.canary-vibes.com\/teneriffa-sehenswuerdigkeiten\/\">DIE TOP 20 SEHENSW\u00dcRDIGKEITEN AUF TENERIFFA \u2013 INKLUSIVE KARTE &amp; TIPPS<\/a>\u201c. Da fand ich genau die Vorschl\u00e4ge, die ich suchte. \ud83d\udc4d\ud83d\udc4f Als kleines Dankesch\u00f6n daf\u00fcr, spendierte ich den beiden gleich ein paar s\u00fc\u00dfe Cortados.<\/span><\/p>\n<p>Es war schon einige Arbeit, die Route zusammenzustellen, die Hotels\/Apartments auszusuchen und zu buchen. Wer selbst schon einmal so etwas gemacht hat, wei\u00df, wie lange das gehen kann. Aber jetzt steht unser Plan. Am kommenden Mittwoch holen wir um 12 Uhr den Mietwagen ab und dann geht es los.<\/p>\n<p>Mittels des Reiseblogs <a href=\"https:\/\/www.canary-vibes.com\/\" target=\"_blank\" rel=\"noopener\">\u201eCanary Vibes\u201c<\/a> von Kristin und Rayco stellte ich Route und Orte zusammen und buchte dann unsere Unterk\u00fcnfte.<\/p>\n<p>\n<div class=\"ngg-galleryoverview ngg-template-caption\" id=\"ngg-gallery-bd7488247e451b252ccaf8a7bb054c2f-13969\">\n\n\t\t\n\t<!-- Thumbnails -->\n\t\t\t\t\t\n\t<div id=\"ngg-image-6955\" class=\"ngg-gallery-thumbnail-box\" style=\"width:25%;\" >\n\t\t<div class=\"ngg-gallery-thumbnail\" >\n\t\t\t<a href=\"https:\/\/wernerdeck.de\/blog\/wp-content\/gallery\/planung\/Canary-Vibes.jpg\"\n\t\t\t\ttitle=\" \"\n\t\t\t\tclass=\"ngg-simplelightbox\" rel=\"bd7488247e451b252ccaf8a7bb054c2f\" data-image-id=\"6955\" data-src=\"https:\/\/wernerdeck.de\/blog\/wp-content\/gallery\/planung\/Canary-Vibes.jpg\" data-thumbnail=\"https:\/\/wernerdeck.de\/blog\/wp-content\/gallery\/planung\/thumbs\/thumbs_Canary-Vibes.jpg\" data-title=\"Canary-Vibes\" data-description=\" \" >\n\t\t\t\t\t\t\t\t<img title=\"Canary-Vibes\" alt=\"Canary-Vibes\" src=\"https:\/\/wernerdeck.de\/blog\/wp-content\/gallery\/planung\/thumbs\/thumbs_Canary-Vibes.jpg\" width='240' height='160' \/>\n\t\t\t\t\t\t\t<\/a>\n\t\t\t<span>\n\t\t\t \t\t\t<\/span>\n\t\t<\/div>\n\t<\/div>\n\t\t\t\t\t\t\t\t\n\t<div id=\"ngg-image-6954\" class=\"ngg-gallery-thumbnail-box\" style=\"width:25%;\" >\n\t\t<div class=\"ngg-gallery-thumbnail\" >\n\t\t\t<a href=\"https:\/\/wernerdeck.de\/blog\/wp-content\/gallery\/planung\/Cortado.jpg\"\n\t\t\t\ttitle=\" \"\n\t\t\t\tclass=\"ngg-simplelightbox\" rel=\"bd7488247e451b252ccaf8a7bb054c2f\" data-image-id=\"6954\" data-src=\"https:\/\/wernerdeck.de\/blog\/wp-content\/gallery\/planung\/Cortado.jpg\" data-thumbnail=\"https:\/\/wernerdeck.de\/blog\/wp-content\/gallery\/planung\/thumbs\/thumbs_Cortado.jpg\" data-title=\"Cortado\" data-description=\" \" >\n\t\t\t\t\t\t\t\t<img title=\"Cortado\" alt=\"Cortado\" src=\"https:\/\/wernerdeck.de\/blog\/wp-content\/gallery\/planung\/thumbs\/thumbs_Cortado.jpg\" width='240' height='160' \/>\n\t\t\t\t\t\t\t<\/a>\n\t\t\t<span>\n\t\t\t \t\t\t<\/span>\n\t\t<\/div>\n\t<\/div>\n\t\t\t\t\t\t\t\t\n\t<div id=\"ngg-image-6949\" class=\"ngg-gallery-thumbnail-box\" style=\"width:25%;\" >\n\t\t<div class=\"ngg-gallery-thumbnail\" >\n\t\t\t<a href=\"https:\/\/wernerdeck.de\/blog\/wp-content\/gallery\/planung\/Happy-Home-hello.jpg\"\n\t\t\t\ttitle=\"Zweite \u00dcbernachtung\"\n\t\t\t\tclass=\"ngg-simplelightbox\" rel=\"bd7488247e451b252ccaf8a7bb054c2f\" data-image-id=\"6949\" data-src=\"https:\/\/wernerdeck.de\/blog\/wp-content\/gallery\/planung\/Happy-Home-hello.jpg\" data-thumbnail=\"https:\/\/wernerdeck.de\/blog\/wp-content\/gallery\/planung\/thumbs\/thumbs_Happy-Home-hello.jpg\" data-title=\"Happy-Home-hello\" data-description=\"Zweite \u00dcbernachtung\" >\n\t\t\t\t\t\t\t\t<img title=\"Happy-Home-hello\" alt=\"Happy-Home-hello\" src=\"https:\/\/wernerdeck.de\/blog\/wp-content\/gallery\/planung\/thumbs\/thumbs_Happy-Home-hello.jpg\" width='240' height='160' \/>\n\t\t\t\t\t\t\t<\/a>\n\t\t\t<span>\n\t\t\tZweite \u00dcbernachtung\t\t\t<\/span>\n\t\t<\/div>\n\t<\/div>\n\t\t\t\t\t\t\t\t\n\t<div id=\"ngg-image-6952\" class=\"ngg-gallery-thumbnail-box\" style=\"width:25%;\" >\n\t\t<div class=\"ngg-gallery-thumbnail\" >\n\t\t\t<a href=\"https:\/\/wernerdeck.de\/blog\/wp-content\/gallery\/planung\/La-Laguna-Gran-Hotel.jpg\"\n\t\t\t\ttitle=\"Dritte \u00dcbernachtung\"\n\t\t\t\tclass=\"ngg-simplelightbox\" rel=\"bd7488247e451b252ccaf8a7bb054c2f\" data-image-id=\"6952\" data-src=\"https:\/\/wernerdeck.de\/blog\/wp-content\/gallery\/planung\/La-Laguna-Gran-Hotel.jpg\" data-thumbnail=\"https:\/\/wernerdeck.de\/blog\/wp-content\/gallery\/planung\/thumbs\/thumbs_La-Laguna-Gran-Hotel.jpg\" data-title=\"La-Laguna-Gran-Hotel\" data-description=\"Dritte \u00dcbernachtung\" >\n\t\t\t\t\t\t\t\t<img title=\"La-Laguna-Gran-Hotel\" alt=\"La-Laguna-Gran-Hotel\" src=\"https:\/\/wernerdeck.de\/blog\/wp-content\/gallery\/planung\/thumbs\/thumbs_La-Laguna-Gran-Hotel.jpg\" width='240' height='160' \/>\n\t\t\t\t\t\t\t<\/a>\n\t\t\t<span>\n\t\t\tDritte \u00dcbernachtung\t\t\t<\/span>\n\t\t<\/div>\n\t<\/div>\n\t\t\t\t\t\t\t<br style=\"clear: both\" \/>\n\t\t\t\n\t<div id=\"ngg-image-6950\" class=\"ngg-gallery-thumbnail-box\" style=\"width:25%;\" >\n\t\t<div class=\"ngg-gallery-thumbnail\" >\n\t\t\t<a href=\"https:\/\/wernerdeck.de\/blog\/wp-content\/gallery\/planung\/Penthaus-mit-Meerblick.jpg\"\n\t\t\t\ttitle=\"Erste \u00dcbernachtung\"\n\t\t\t\tclass=\"ngg-simplelightbox\" rel=\"bd7488247e451b252ccaf8a7bb054c2f\" data-image-id=\"6950\" data-src=\"https:\/\/wernerdeck.de\/blog\/wp-content\/gallery\/planung\/Penthaus-mit-Meerblick.jpg\" data-thumbnail=\"https:\/\/wernerdeck.de\/blog\/wp-content\/gallery\/planung\/thumbs\/thumbs_Penthaus-mit-Meerblick.jpg\" data-title=\"Penthaus-mit-Meerblick\" data-description=\"Erste \u00dcbernachtung\" >\n\t\t\t\t\t\t\t\t<img title=\"Penthaus-mit-Meerblick\" alt=\"Penthaus-mit-Meerblick\" src=\"https:\/\/wernerdeck.de\/blog\/wp-content\/gallery\/planung\/thumbs\/thumbs_Penthaus-mit-Meerblick.jpg\" width='240' height='160' \/>\n\t\t\t\t\t\t\t<\/a>\n\t\t\t<span>\n\t\t\tErste \u00dcbernachtung\t\t\t<\/span>\n\t\t<\/div>\n\t<\/div>\n\t\t\t\t\t\t\t\t\n\t<div id=\"ngg-image-6948\" class=\"ngg-gallery-thumbnail-box\" style=\"width:25%;\" >\n\t\t<div class=\"ngg-gallery-thumbnail\" >\n\t\t\t<a href=\"https:\/\/wernerdeck.de\/blog\/wp-content\/gallery\/planung\/Planung-Rundfahrt.jpg\"\n\t\t\t\ttitle=\" \"\n\t\t\t\tclass=\"ngg-simplelightbox\" rel=\"bd7488247e451b252ccaf8a7bb054c2f\" data-image-id=\"6948\" data-src=\"https:\/\/wernerdeck.de\/blog\/wp-content\/gallery\/planung\/Planung-Rundfahrt.jpg\" data-thumbnail=\"https:\/\/wernerdeck.de\/blog\/wp-content\/gallery\/planung\/thumbs\/thumbs_Planung-Rundfahrt.jpg\" data-title=\"Planung-Rundfahrt\" data-description=\" \" >\n\t\t\t\t\t\t\t\t<img title=\"Planung-Rundfahrt\" alt=\"Planung-Rundfahrt\" src=\"https:\/\/wernerdeck.de\/blog\/wp-content\/gallery\/planung\/thumbs\/thumbs_Planung-Rundfahrt.jpg\" width='240' height='160' \/>\n\t\t\t\t\t\t\t<\/a>\n\t\t\t<span>\n\t\t\t \t\t\t<\/span>\n\t\t<\/div>\n\t<\/div>\n\t\t\t\t\t\t\t\t\n\t<div id=\"ngg-image-6953\" class=\"ngg-gallery-thumbnail-box\" style=\"width:25%;\" >\n\t\t<div class=\"ngg-gallery-thumbnail\" >\n\t\t\t<a href=\"https:\/\/wernerdeck.de\/blog\/wp-content\/gallery\/planung\/Rundfahrt-2.jpg\"\n\t\t\t\ttitle=\" \"\n\t\t\t\tclass=\"ngg-simplelightbox\" rel=\"bd7488247e451b252ccaf8a7bb054c2f\" data-image-id=\"6953\" data-src=\"https:\/\/wernerdeck.de\/blog\/wp-content\/gallery\/planung\/Rundfahrt-2.jpg\" data-thumbnail=\"https:\/\/wernerdeck.de\/blog\/wp-content\/gallery\/planung\/thumbs\/thumbs_Rundfahrt-2.jpg\" data-title=\"Rundfahrt-2\" data-description=\" \" >\n\t\t\t\t\t\t\t\t<img title=\"Rundfahrt-2\" alt=\"Rundfahrt-2\" src=\"https:\/\/wernerdeck.de\/blog\/wp-content\/gallery\/planung\/thumbs\/thumbs_Rundfahrt-2.jpg\" width='240' height='160' \/>\n\t\t\t\t\t\t\t<\/a>\n\t\t\t<span>\n\t\t\t \t\t\t<\/span>\n\t\t<\/div>\n\t<\/div>\n\t\t\t\t\t\t\t\t\n\t<div id=\"ngg-image-6951\" class=\"ngg-gallery-thumbnail-box\" style=\"width:25%;\" >\n\t\t<div class=\"ngg-gallery-thumbnail\" >\n\t\t\t<a href=\"https:\/\/wernerdeck.de\/blog\/wp-content\/gallery\/planung\/Rundfahrt-Teneriffa.jpg\"\n\t\t\t\ttitle=\" \"\n\t\t\t\tclass=\"ngg-simplelightbox\" rel=\"bd7488247e451b252ccaf8a7bb054c2f\" data-image-id=\"6951\" data-src=\"https:\/\/wernerdeck.de\/blog\/wp-content\/gallery\/planung\/Rundfahrt-Teneriffa.jpg\" data-thumbnail=\"https:\/\/wernerdeck.de\/blog\/wp-content\/gallery\/planung\/thumbs\/thumbs_Rundfahrt-Teneriffa.jpg\" data-title=\"Rundfahrt-Teneriffa\" data-description=\" \" >\n\t\t\t\t\t\t\t\t<img title=\"Rundfahrt-Teneriffa\" alt=\"Rundfahrt-Teneriffa\" src=\"https:\/\/wernerdeck.de\/blog\/wp-content\/gallery\/planung\/thumbs\/thumbs_Rundfahrt-Teneriffa.jpg\" width='240' height='160' \/>\n\t\t\t\t\t\t\t<\/a>\n\t\t\t<span>\n\t\t\t \t\t\t<\/span>\n\t\t<\/div>\n\t<\/div>\n\t\t\t\t\t\t\t<br style=\"clear: both\" \/>\n\t\t\t\n\t<!-- Pagination -->\n\t\t<div class='ngg-clear'><\/div>\t\n<\/div>\n\n\tDas sind die geplanten Orte und Sehensw\u00fcrdigkeiten. Die Screenshots sind von <a href=\"https:\/\/www.canary-vibes.com\/\" target=\"_blank\" rel=\"noopener\">\u201eCanary Vibes\u201c.<\/a><\/p>\n<p>\n<div class=\"ngg-galleryoverview ngg-template-caption\" id=\"ngg-gallery-f1cff958e96d2e0f6f3b78ddb3aca947-13969\">\n\n\t\t\n\t<!-- Thumbnails -->\n\t\t\t\t\t\n\t<div id=\"ngg-image-6957\" class=\"ngg-gallery-thumbnail-box\" style=\"width:50%;\" >\n\t\t<div class=\"ngg-gallery-thumbnail\" >\n\t\t\t<a href=\"https:\/\/wernerdeck.de\/blog\/wp-content\/gallery\/planung-teneriffa\/Das-Auditorium-von-Teneriffa.jpg\"\n\t\t\t\ttitle=\" \"\n\t\t\t\tclass=\"ngg-simplelightbox\" rel=\"f1cff958e96d2e0f6f3b78ddb3aca947\" data-image-id=\"6957\" data-src=\"https:\/\/wernerdeck.de\/blog\/wp-content\/gallery\/planung-teneriffa\/Das-Auditorium-von-Teneriffa.jpg\" data-thumbnail=\"https:\/\/wernerdeck.de\/blog\/wp-content\/gallery\/planung-teneriffa\/thumbs\/thumbs_Das-Auditorium-von-Teneriffa.jpg\" data-title=\"Das-Auditorium-von-Teneriffa\" data-description=\" \" >\n\t\t\t\t\t\t\t\t<img title=\"Das-Auditorium-von-Teneriffa\" alt=\"Das-Auditorium-von-Teneriffa\" src=\"https:\/\/wernerdeck.de\/blog\/wp-content\/gallery\/planung-teneriffa\/thumbs\/thumbs_Das-Auditorium-von-Teneriffa.jpg\" width='240' height='160' \/>\n\t\t\t\t\t\t\t<\/a>\n\t\t\t<span>\n\t\t\t \t\t\t<\/span>\n\t\t<\/div>\n\t<\/div>\n\t\t\t\t\t\t\t\t\n\t<div id=\"ngg-image-6965\" class=\"ngg-gallery-thumbnail-box\" style=\"width:50%;\" >\n\t\t<div class=\"ngg-gallery-thumbnail\" >\n\t\t\t<a href=\"https:\/\/wernerdeck.de\/blog\/wp-content\/gallery\/planung-teneriffa\/Der-historische-Ort-Garachico.jpg\"\n\t\t\t\ttitle=\" \"\n\t\t\t\tclass=\"ngg-simplelightbox\" rel=\"f1cff958e96d2e0f6f3b78ddb3aca947\" data-image-id=\"6965\" data-src=\"https:\/\/wernerdeck.de\/blog\/wp-content\/gallery\/planung-teneriffa\/Der-historische-Ort-Garachico.jpg\" data-thumbnail=\"https:\/\/wernerdeck.de\/blog\/wp-content\/gallery\/planung-teneriffa\/thumbs\/thumbs_Der-historische-Ort-Garachico.jpg\" data-title=\"Der-historische-Ort-Garachico\" data-description=\" \" >\n\t\t\t\t\t\t\t\t<img title=\"Der-historische-Ort-Garachico\" alt=\"Der-historische-Ort-Garachico\" src=\"https:\/\/wernerdeck.de\/blog\/wp-content\/gallery\/planung-teneriffa\/thumbs\/thumbs_Der-historische-Ort-Garachico.jpg\" width='240' height='160' \/>\n\t\t\t\t\t\t\t<\/a>\n\t\t\t<span>\n\t\t\t \t\t\t<\/span>\n\t\t<\/div>\n\t<\/div>\n\t\t\t\t\t\t\t<br style=\"clear: both\" \/>\n\t\t\t\n\t<div id=\"ngg-image-6962\" class=\"ngg-gallery-thumbnail-box\" style=\"width:50%;\" >\n\t\t<div class=\"ngg-gallery-thumbnail\" >\n\t\t\t<a href=\"https:\/\/wernerdeck.de\/blog\/wp-content\/gallery\/planung-teneriffa\/Die-Altstadt-von-La-Orotava.jpg\"\n\t\t\t\ttitle=\" \"\n\t\t\t\tclass=\"ngg-simplelightbox\" rel=\"f1cff958e96d2e0f6f3b78ddb3aca947\" data-image-id=\"6962\" data-src=\"https:\/\/wernerdeck.de\/blog\/wp-content\/gallery\/planung-teneriffa\/Die-Altstadt-von-La-Orotava.jpg\" data-thumbnail=\"https:\/\/wernerdeck.de\/blog\/wp-content\/gallery\/planung-teneriffa\/thumbs\/thumbs_Die-Altstadt-von-La-Orotava.jpg\" data-title=\"Die-Altstadt-von-La-Orotava\" data-description=\" \" >\n\t\t\t\t\t\t\t\t<img title=\"Die-Altstadt-von-La-Orotava\" alt=\"Die-Altstadt-von-La-Orotava\" src=\"https:\/\/wernerdeck.de\/blog\/wp-content\/gallery\/planung-teneriffa\/thumbs\/thumbs_Die-Altstadt-von-La-Orotava.jpg\" width='240' height='160' \/>\n\t\t\t\t\t\t\t<\/a>\n\t\t\t<span>\n\t\t\t \t\t\t<\/span>\n\t\t<\/div>\n\t<\/div>\n\t\t\t\t\t\t\t\t\n\t<div id=\"ngg-image-6960\" class=\"ngg-gallery-thumbnail-box\" style=\"width:50%;\" >\n\t\t<div class=\"ngg-gallery-thumbnail\" >\n\t\t\t<a href=\"https:\/\/wernerdeck.de\/blog\/wp-content\/gallery\/planung-teneriffa\/Die-Altstadt-von-San-Cristobal-de-La-Laguna.jpg\"\n\t\t\t\ttitle=\" \"\n\t\t\t\tclass=\"ngg-simplelightbox\" rel=\"f1cff958e96d2e0f6f3b78ddb3aca947\" data-image-id=\"6960\" data-src=\"https:\/\/wernerdeck.de\/blog\/wp-content\/gallery\/planung-teneriffa\/Die-Altstadt-von-San-Cristobal-de-La-Laguna.jpg\" data-thumbnail=\"https:\/\/wernerdeck.de\/blog\/wp-content\/gallery\/planung-teneriffa\/thumbs\/thumbs_Die-Altstadt-von-San-Cristobal-de-La-Laguna.jpg\" data-title=\"Die-Altstadt-von-San-Cristobal-de-La-Laguna\" data-description=\" \" >\n\t\t\t\t\t\t\t\t<img title=\"Die-Altstadt-von-San-Cristobal-de-La-Laguna\" alt=\"Die-Altstadt-von-San-Cristobal-de-La-Laguna\" src=\"https:\/\/wernerdeck.de\/blog\/wp-content\/gallery\/planung-teneriffa\/thumbs\/thumbs_Die-Altstadt-von-San-Cristobal-de-La-Laguna.jpg\" width='240' height='160' \/>\n\t\t\t\t\t\t\t<\/a>\n\t\t\t<span>\n\t\t\t \t\t\t<\/span>\n\t\t<\/div>\n\t<\/div>\n\t\t\t\t\t\t\t<br style=\"clear: both\" \/>\n\t\t\t\n\t<div id=\"ngg-image-6958\" class=\"ngg-gallery-thumbnail-box\" style=\"width:50%;\" >\n\t\t<div class=\"ngg-gallery-thumbnail\" >\n\t\t\t<a href=\"https:\/\/wernerdeck.de\/blog\/wp-content\/gallery\/planung-teneriffa\/Die-Basilika-der-Jungfrau-von-Candelaria.jpg\"\n\t\t\t\ttitle=\" \"\n\t\t\t\tclass=\"ngg-simplelightbox\" rel=\"f1cff958e96d2e0f6f3b78ddb3aca947\" data-image-id=\"6958\" data-src=\"https:\/\/wernerdeck.de\/blog\/wp-content\/gallery\/planung-teneriffa\/Die-Basilika-der-Jungfrau-von-Candelaria.jpg\" data-thumbnail=\"https:\/\/wernerdeck.de\/blog\/wp-content\/gallery\/planung-teneriffa\/thumbs\/thumbs_Die-Basilika-der-Jungfrau-von-Candelaria.jpg\" data-title=\"Die-Basilika-der-Jungfrau-von-Candelaria\" data-description=\" \" >\n\t\t\t\t\t\t\t\t<img title=\"Die-Basilika-der-Jungfrau-von-Candelaria\" alt=\"Die-Basilika-der-Jungfrau-von-Candelaria\" src=\"https:\/\/wernerdeck.de\/blog\/wp-content\/gallery\/planung-teneriffa\/thumbs\/thumbs_Die-Basilika-der-Jungfrau-von-Candelaria.jpg\" width='240' height='160' \/>\n\t\t\t\t\t\t\t<\/a>\n\t\t\t<span>\n\t\t\t \t\t\t<\/span>\n\t\t<\/div>\n\t<\/div>\n\t\t\t\t\t\t\t\t\n\t<div id=\"ngg-image-6964\" class=\"ngg-gallery-thumbnail-box\" style=\"width:50%;\" >\n\t\t<div class=\"ngg-gallery-thumbnail\" >\n\t\t\t<a href=\"https:\/\/wernerdeck.de\/blog\/wp-content\/gallery\/planung-teneriffa\/die-Klippen-von-Los-Gigantes.jpg\"\n\t\t\t\ttitle=\" \"\n\t\t\t\tclass=\"ngg-simplelightbox\" rel=\"f1cff958e96d2e0f6f3b78ddb3aca947\" data-image-id=\"6964\" data-src=\"https:\/\/wernerdeck.de\/blog\/wp-content\/gallery\/planung-teneriffa\/die-Klippen-von-Los-Gigantes.jpg\" data-thumbnail=\"https:\/\/wernerdeck.de\/blog\/wp-content\/gallery\/planung-teneriffa\/thumbs\/thumbs_die-Klippen-von-Los-Gigantes.jpg\" data-title=\"die-Klippen-von-Los-Gigantes\" data-description=\" \" >\n\t\t\t\t\t\t\t\t<img title=\"die-Klippen-von-Los-Gigantes\" alt=\"die-Klippen-von-Los-Gigantes\" src=\"https:\/\/wernerdeck.de\/blog\/wp-content\/gallery\/planung-teneriffa\/thumbs\/thumbs_die-Klippen-von-Los-Gigantes.jpg\" width='240' height='160' \/>\n\t\t\t\t\t\t\t<\/a>\n\t\t\t<span>\n\t\t\t \t\t\t<\/span>\n\t\t<\/div>\n\t<\/div>\n\t\t\t\t\t\t\t<br style=\"clear: both\" \/>\n\t\t\t\n\t<div id=\"ngg-image-6961\" class=\"ngg-gallery-thumbnail-box\" style=\"width:50%;\" >\n\t\t<div class=\"ngg-gallery-thumbnail\" >\n\t\t\t<a href=\"https:\/\/wernerdeck.de\/blog\/wp-content\/gallery\/planung-teneriffa\/Die-Pyramiden-von-Gueimar.jpg\"\n\t\t\t\ttitle=\" \"\n\t\t\t\tclass=\"ngg-simplelightbox\" rel=\"f1cff958e96d2e0f6f3b78ddb3aca947\" data-image-id=\"6961\" data-src=\"https:\/\/wernerdeck.de\/blog\/wp-content\/gallery\/planung-teneriffa\/Die-Pyramiden-von-Gueimar.jpg\" data-thumbnail=\"https:\/\/wernerdeck.de\/blog\/wp-content\/gallery\/planung-teneriffa\/thumbs\/thumbs_Die-Pyramiden-von-Gueimar.jpg\" data-title=\"Die-Pyramiden-von-Gueimar\" data-description=\" \" >\n\t\t\t\t\t\t\t\t<img title=\"Die-Pyramiden-von-Gueimar\" alt=\"Die-Pyramiden-von-Gueimar\" src=\"https:\/\/wernerdeck.de\/blog\/wp-content\/gallery\/planung-teneriffa\/thumbs\/thumbs_Die-Pyramiden-von-Gueimar.jpg\" width='240' height='160' \/>\n\t\t\t\t\t\t\t<\/a>\n\t\t\t<span>\n\t\t\t \t\t\t<\/span>\n\t\t<\/div>\n\t<\/div>\n\t\t\t\t\t\t\t\t\n\t<div id=\"ngg-image-6963\" class=\"ngg-gallery-thumbnail-box\" style=\"width:50%;\" >\n\t\t<div class=\"ngg-gallery-thumbnail\" >\n\t\t\t<a href=\"https:\/\/wernerdeck.de\/blog\/wp-content\/gallery\/planung-teneriffa\/Festung-Fortin-de-San-Fernando.jpg\"\n\t\t\t\ttitle=\" \"\n\t\t\t\tclass=\"ngg-simplelightbox\" rel=\"f1cff958e96d2e0f6f3b78ddb3aca947\" data-image-id=\"6963\" data-src=\"https:\/\/wernerdeck.de\/blog\/wp-content\/gallery\/planung-teneriffa\/Festung-Fortin-de-San-Fernando.jpg\" data-thumbnail=\"https:\/\/wernerdeck.de\/blog\/wp-content\/gallery\/planung-teneriffa\/thumbs\/thumbs_Festung-Fortin-de-San-Fernando.jpg\" data-title=\"Festung-Fortin-de-San-Fernando\" data-description=\" \" >\n\t\t\t\t\t\t\t\t<img title=\"Festung-Fortin-de-San-Fernando\" alt=\"Festung-Fortin-de-San-Fernando\" src=\"https:\/\/wernerdeck.de\/blog\/wp-content\/gallery\/planung-teneriffa\/thumbs\/thumbs_Festung-Fortin-de-San-Fernando.jpg\" width='240' height='160' \/>\n\t\t\t\t\t\t\t<\/a>\n\t\t\t<span>\n\t\t\t \t\t\t<\/span>\n\t\t<\/div>\n\t<\/div>\n\t\t\t\t\t\t\t<br style=\"clear: both\" \/>\n\t\t\t\n\t<div id=\"ngg-image-6959\" class=\"ngg-gallery-thumbnail-box\" style=\"width:50%;\" >\n\t\t<div class=\"ngg-gallery-thumbnail\" >\n\t\t\t<a href=\"https:\/\/wernerdeck.de\/blog\/wp-content\/gallery\/planung-teneriffa\/Pilgerort-Candelaria.jpg\"\n\t\t\t\ttitle=\" \"\n\t\t\t\tclass=\"ngg-simplelightbox\" rel=\"f1cff958e96d2e0f6f3b78ddb3aca947\" data-image-id=\"6959\" data-src=\"https:\/\/wernerdeck.de\/blog\/wp-content\/gallery\/planung-teneriffa\/Pilgerort-Candelaria.jpg\" data-thumbnail=\"https:\/\/wernerdeck.de\/blog\/wp-content\/gallery\/planung-teneriffa\/thumbs\/thumbs_Pilgerort-Candelaria.jpg\" data-title=\"Pilgerort-Candelaria\" data-description=\" \" >\n\t\t\t\t\t\t\t\t<img title=\"Pilgerort-Candelaria\" alt=\"Pilgerort-Candelaria\" src=\"https:\/\/wernerdeck.de\/blog\/wp-content\/gallery\/planung-teneriffa\/thumbs\/thumbs_Pilgerort-Candelaria.jpg\" width='240' height='160' \/>\n\t\t\t\t\t\t\t<\/a>\n\t\t\t<span>\n\t\t\t \t\t\t<\/span>\n\t\t<\/div>\n\t<\/div>\n\t\t\t\t\t\t\t\t\n\t<div id=\"ngg-image-6956\" class=\"ngg-gallery-thumbnail-box\" style=\"width:50%;\" >\n\t\t<div class=\"ngg-gallery-thumbnail\" >\n\t\t\t<a href=\"https:\/\/wernerdeck.de\/blog\/wp-content\/gallery\/planung-teneriffa\/SANTA-CRUZ-DE-TENERIFE.jpg\"\n\t\t\t\ttitle=\" \"\n\t\t\t\tclass=\"ngg-simplelightbox\" rel=\"f1cff958e96d2e0f6f3b78ddb3aca947\" data-image-id=\"6956\" data-src=\"https:\/\/wernerdeck.de\/blog\/wp-content\/gallery\/planung-teneriffa\/SANTA-CRUZ-DE-TENERIFE.jpg\" data-thumbnail=\"https:\/\/wernerdeck.de\/blog\/wp-content\/gallery\/planung-teneriffa\/thumbs\/thumbs_SANTA-CRUZ-DE-TENERIFE.jpg\" data-title=\"SANTA-CRUZ-DE-TENERIFE\" data-description=\" \" >\n\t\t\t\t\t\t\t\t<img title=\"SANTA-CRUZ-DE-TENERIFE\" alt=\"SANTA-CRUZ-DE-TENERIFE\" src=\"https:\/\/wernerdeck.de\/blog\/wp-content\/gallery\/planung-teneriffa\/thumbs\/thumbs_SANTA-CRUZ-DE-TENERIFE.jpg\" width='240' height='160' \/>\n\t\t\t\t\t\t\t<\/a>\n\t\t\t<span>\n\t\t\t \t\t\t<\/span>\n\t\t<\/div>\n\t<\/div>\n\t\t\t\t\t\t\t<br style=\"clear: both\" \/>\n\t\t\t\n\t<!-- Pagination -->\n\t\t<div class='ngg-clear'><\/div>\t\n<\/div>\n\n\tVon unserem Standort Los Cristianos starten wir am Mittwoch n\u00e4chster Woche und werden am Samstagabend wieder zu Hause sein. Ich werde berichten. \ud83d\ude0e<\/p>\n<p>Mit diesem Link geht es zum ersten Tag unserer Rundfahrt. <a href=\"https:\/\/wernerdeck.de\/blog\/2023\/11\/29\/rundfahrt-teneriffa-tag-1-von-los-cristianos-zu-den-pyramiden-von-gueimar-und-der-basilika-von-candelaria\/\">Von Los Cristianos zu den Pyramiden von G\u00fcimar und der Basilika von Candelaria.<\/a><\/p>\n","protected":false},"excerpt":{"rendered":"<p>Als wir im Fr\u00fchjahr 2023 hier auf Teneriffa waren, fuhren wir damals von Los Cristianos spontan mit der F\u00e4hre f\u00fcr eine Woche nach La Gomera hin\u00fcber, nahmen einen Mietwagen und erkundeten die Insel mit ihren Sehensw\u00fcrdigkeiten. Auf Teneriffa haben wir das bisher nicht gemacht, obwohl wir schon einige Male hier waren. Vorgestern entschlossen wir uns &#8230; <a title=\"N\u00e4chste Woche werden wir Teneriffa umrunden und dabei ein paar der sch\u00f6nsten Orte und Sehensw\u00fcrdigkeiten besuchen\" class=\"read-more\" href=\"https:\/\/wernerdeck.de\/blog\/2023\/11\/25\/naechste-woche-werden-wir-teneriffa-umrunden-und-dabei-ein-paar-der-schoensten-orte-und-sehenswuerdigkeiten-besuchen\/\" aria-label=\"Mehr Informationen \u00fcber N\u00e4chste Woche werden wir Teneriffa umrunden und dabei ein paar der sch\u00f6nsten Orte und Sehensw\u00fcrdigkeiten besuchen\">Weiterlesen<\/a><\/p>\n","protected":false},"author":1,"featured_media":14046,"comment_status":"open","ping_status":"open","sticky":false,"template":"","format":"standard","meta":{"ngg_post_thumbnail":0,"footnotes":""},"categories":[208],"tags":[364,365,363],"class_list":["post-13969","post","type-post","status-publish","format-standard","has-post-thumbnail","hentry","category-reisebericht","tag-la-gomera","tag-planung","tag-teneriffa"],"yoast_head":"<!-- This site is optimized with the Yoast SEO plugin v27.5 - https:\/\/yoast.com\/product\/yoast-seo-wordpress\/ -->\n<title>N\u00e4chste Woche werden wir Teneriffa umrunden und dabei ein paar der sch\u00f6nsten Orte und Sehensw\u00fcrdigkeiten besuchen - Privater Blog von Werner Deck<\/title>\n<meta name=\"description\" content=\"Auf Teneriffa haben wir das noch nicht gemacht, obwohl wir schon oft hier waren. Mit dem Reiseblog &quot;Canary Vibes&quot; die Tour gut geplant.\" \/>\n<meta name=\"robots\" content=\"index, follow, max-snippet:-1, max-image-preview:large, max-video-preview:-1\" \/>\n<link rel=\"canonical\" href=\"https:\/\/wernerdeck.de\/blog\/2023\/11\/25\/naechste-woche-werden-wir-teneriffa-umrunden-und-dabei-ein-paar-der-schoensten-orte-und-sehenswuerdigkeiten-besuchen\/\" \/>\n<meta property=\"og:locale\" content=\"de_DE\" \/>\n<meta property=\"og:type\" content=\"article\" \/>\n<meta property=\"og:title\" content=\"N\u00e4chste Woche werden wir Teneriffa umrunden und dabei ein paar der sch\u00f6nsten Orte und Sehensw\u00fcrdigkeiten besuchen - Privater Blog von Werner Deck\" \/>\n<meta property=\"og:description\" content=\"Auf Teneriffa haben wir das noch nicht gemacht, obwohl wir schon oft hier waren. Mit dem Reiseblog &quot;Canary Vibes&quot; die Tour gut geplant.\" \/>\n<meta property=\"og:url\" content=\"https:\/\/wernerdeck.de\/blog\/2023\/11\/25\/naechste-woche-werden-wir-teneriffa-umrunden-und-dabei-ein-paar-der-schoensten-orte-und-sehenswuerdigkeiten-besuchen\/\" \/>\n<meta property=\"og:site_name\" content=\"Privater Blog von Werner Deck\" \/>\n<meta property=\"article:publisher\" content=\"https:\/\/www.facebook.com\/werner.deck\/\" \/>\n<meta property=\"article:author\" content=\"https:\/\/www.facebook.com\/werner.deck\/\" \/>\n<meta property=\"article:published_time\" content=\"2023-11-25T15:47:00+00:00\" \/>\n<meta property=\"article:modified_time\" content=\"2023-12-15T09:05:54+00:00\" \/>\n<meta property=\"og:image\" content=\"https:\/\/wernerdeck.de\/blog\/wp-content\/uploads\/2023\/11\/teneriffa-Rundfahrt-erkunden.jpg\" \/>\n\t<meta property=\"og:image:width\" content=\"2074\" \/>\n\t<meta property=\"og:image:height\" content=\"800\" \/>\n\t<meta property=\"og:image:type\" content=\"image\/jpeg\" \/>\n<meta name=\"author\" content=\"Werner Deck\" \/>\n<meta name=\"twitter:card\" content=\"summary_large_image\" \/>\n<meta name=\"twitter:label1\" content=\"Verfasst von\" \/>\n\t<meta name=\"twitter:data1\" content=\"Werner Deck\" \/>\n\t<meta name=\"twitter:label2\" content=\"Gesch\u00e4tzte Lesezeit\" \/>\n\t<meta name=\"twitter:data2\" content=\"3\u00a0Minuten\" \/>\n<script type=\"application\/ld+json\" class=\"yoast-schema-graph\">{\"@context\":\"https:\\\/\\\/schema.org\",\"@graph\":[{\"@type\":\"Article\",\"@id\":\"https:\\\/\\\/wernerdeck.de\\\/blog\\\/2023\\\/11\\\/25\\\/naechste-woche-werden-wir-teneriffa-umrunden-und-dabei-ein-paar-der-schoensten-orte-und-sehenswuerdigkeiten-besuchen\\\/#article\",\"isPartOf\":{\"@id\":\"https:\\\/\\\/wernerdeck.de\\\/blog\\\/2023\\\/11\\\/25\\\/naechste-woche-werden-wir-teneriffa-umrunden-und-dabei-ein-paar-der-schoensten-orte-und-sehenswuerdigkeiten-besuchen\\\/\"},\"author\":{\"name\":\"Werner Deck\",\"@id\":\"https:\\\/\\\/wernerdeck.de\\\/blog\\\/#\\\/schema\\\/person\\\/7af62de1f11b0a09297eeb81281e523c\"},\"headline\":\"N\u00e4chste Woche werden wir Teneriffa umrunden und dabei ein paar der sch\u00f6nsten Orte und Sehensw\u00fcrdigkeiten besuchen\",\"datePublished\":\"2023-11-25T15:47:00+00:00\",\"dateModified\":\"2023-12-15T09:05:54+00:00\",\"mainEntityOfPage\":{\"@id\":\"https:\\\/\\\/wernerdeck.de\\\/blog\\\/2023\\\/11\\\/25\\\/naechste-woche-werden-wir-teneriffa-umrunden-und-dabei-ein-paar-der-schoensten-orte-und-sehenswuerdigkeiten-besuchen\\\/\"},\"wordCount\":373,\"commentCount\":2,\"publisher\":{\"@id\":\"https:\\\/\\\/wernerdeck.de\\\/blog\\\/#\\\/schema\\\/person\\\/7af62de1f11b0a09297eeb81281e523c\"},\"image\":{\"@id\":\"https:\\\/\\\/wernerdeck.de\\\/blog\\\/2023\\\/11\\\/25\\\/naechste-woche-werden-wir-teneriffa-umrunden-und-dabei-ein-paar-der-schoensten-orte-und-sehenswuerdigkeiten-besuchen\\\/#primaryimage\"},\"thumbnailUrl\":\"https:\\\/\\\/wernerdeck.de\\\/blog\\\/wp-content\\\/uploads\\\/2023\\\/11\\\/teneriffa-Rundfahrt-erkunden.jpg\",\"keywords\":[\"La Gomera\",\"Planung\",\"Teneriffa\"],\"articleSection\":[\"Reisebericht\"],\"inLanguage\":\"de\",\"potentialAction\":[{\"@type\":\"CommentAction\",\"name\":\"Comment\",\"target\":[\"https:\\\/\\\/wernerdeck.de\\\/blog\\\/2023\\\/11\\\/25\\\/naechste-woche-werden-wir-teneriffa-umrunden-und-dabei-ein-paar-der-schoensten-orte-und-sehenswuerdigkeiten-besuchen\\\/#respond\"]}]},{\"@type\":\"WebPage\",\"@id\":\"https:\\\/\\\/wernerdeck.de\\\/blog\\\/2023\\\/11\\\/25\\\/naechste-woche-werden-wir-teneriffa-umrunden-und-dabei-ein-paar-der-schoensten-orte-und-sehenswuerdigkeiten-besuchen\\\/\",\"url\":\"https:\\\/\\\/wernerdeck.de\\\/blog\\\/2023\\\/11\\\/25\\\/naechste-woche-werden-wir-teneriffa-umrunden-und-dabei-ein-paar-der-schoensten-orte-und-sehenswuerdigkeiten-besuchen\\\/\",\"name\":\"N\u00e4chste Woche werden wir Teneriffa umrunden und dabei ein paar der sch\u00f6nsten Orte und Sehensw\u00fcrdigkeiten besuchen - Privater Blog von Werner Deck\",\"isPartOf\":{\"@id\":\"https:\\\/\\\/wernerdeck.de\\\/blog\\\/#website\"},\"primaryImageOfPage\":{\"@id\":\"https:\\\/\\\/wernerdeck.de\\\/blog\\\/2023\\\/11\\\/25\\\/naechste-woche-werden-wir-teneriffa-umrunden-und-dabei-ein-paar-der-schoensten-orte-und-sehenswuerdigkeiten-besuchen\\\/#primaryimage\"},\"image\":{\"@id\":\"https:\\\/\\\/wernerdeck.de\\\/blog\\\/2023\\\/11\\\/25\\\/naechste-woche-werden-wir-teneriffa-umrunden-und-dabei-ein-paar-der-schoensten-orte-und-sehenswuerdigkeiten-besuchen\\\/#primaryimage\"},\"thumbnailUrl\":\"https:\\\/\\\/wernerdeck.de\\\/blog\\\/wp-content\\\/uploads\\\/2023\\\/11\\\/teneriffa-Rundfahrt-erkunden.jpg\",\"datePublished\":\"2023-11-25T15:47:00+00:00\",\"dateModified\":\"2023-12-15T09:05:54+00:00\",\"description\":\"Auf Teneriffa haben wir das noch nicht gemacht, obwohl wir schon oft hier waren. Mit dem Reiseblog \\\"Canary Vibes\\\" die Tour gut geplant.\",\"breadcrumb\":{\"@id\":\"https:\\\/\\\/wernerdeck.de\\\/blog\\\/2023\\\/11\\\/25\\\/naechste-woche-werden-wir-teneriffa-umrunden-und-dabei-ein-paar-der-schoensten-orte-und-sehenswuerdigkeiten-besuchen\\\/#breadcrumb\"},\"inLanguage\":\"de\",\"potentialAction\":[{\"@type\":\"ReadAction\",\"target\":[\"https:\\\/\\\/wernerdeck.de\\\/blog\\\/2023\\\/11\\\/25\\\/naechste-woche-werden-wir-teneriffa-umrunden-und-dabei-ein-paar-der-schoensten-orte-und-sehenswuerdigkeiten-besuchen\\\/\"]}]},{\"@type\":\"ImageObject\",\"inLanguage\":\"de\",\"@id\":\"https:\\\/\\\/wernerdeck.de\\\/blog\\\/2023\\\/11\\\/25\\\/naechste-woche-werden-wir-teneriffa-umrunden-und-dabei-ein-paar-der-schoensten-orte-und-sehenswuerdigkeiten-besuchen\\\/#primaryimage\",\"url\":\"https:\\\/\\\/wernerdeck.de\\\/blog\\\/wp-content\\\/uploads\\\/2023\\\/11\\\/teneriffa-Rundfahrt-erkunden.jpg\",\"contentUrl\":\"https:\\\/\\\/wernerdeck.de\\\/blog\\\/wp-content\\\/uploads\\\/2023\\\/11\\\/teneriffa-Rundfahrt-erkunden.jpg\",\"width\":2074,\"height\":800,\"caption\":\"teneriffa Rundfahrt erkunden\"},{\"@type\":\"BreadcrumbList\",\"@id\":\"https:\\\/\\\/wernerdeck.de\\\/blog\\\/2023\\\/11\\\/25\\\/naechste-woche-werden-wir-teneriffa-umrunden-und-dabei-ein-paar-der-schoensten-orte-und-sehenswuerdigkeiten-besuchen\\\/#breadcrumb\",\"itemListElement\":[{\"@type\":\"ListItem\",\"position\":1,\"name\":\"Startseite\",\"item\":\"https:\\\/\\\/wernerdeck.de\\\/blog\\\/\"},{\"@type\":\"ListItem\",\"position\":2,\"name\":\"N\u00e4chste Woche werden wir Teneriffa umrunden und dabei ein paar der sch\u00f6nsten Orte und Sehensw\u00fcrdigkeiten besuchen\"}]},{\"@type\":\"WebSite\",\"@id\":\"https:\\\/\\\/wernerdeck.de\\\/blog\\\/#website\",\"url\":\"https:\\\/\\\/wernerdeck.de\\\/blog\\\/\",\"name\":\"Blog von Werner Deck\",\"description\":\"\",\"publisher\":{\"@id\":\"https:\\\/\\\/wernerdeck.de\\\/blog\\\/#\\\/schema\\\/person\\\/7af62de1f11b0a09297eeb81281e523c\"},\"potentialAction\":[{\"@type\":\"SearchAction\",\"target\":{\"@type\":\"EntryPoint\",\"urlTemplate\":\"https:\\\/\\\/wernerdeck.de\\\/blog\\\/?s={search_term_string}\"},\"query-input\":{\"@type\":\"PropertyValueSpecification\",\"valueRequired\":true,\"valueName\":\"search_term_string\"}}],\"inLanguage\":\"de\"},{\"@type\":[\"Person\",\"Organization\"],\"@id\":\"https:\\\/\\\/wernerdeck.de\\\/blog\\\/#\\\/schema\\\/person\\\/7af62de1f11b0a09297eeb81281e523c\",\"name\":\"Werner Deck\",\"image\":{\"@type\":\"ImageObject\",\"inLanguage\":\"de\",\"@id\":\"https:\\\/\\\/wernerdeck.de\\\/blog\\\/wp-content\\\/uploads\\\/2022\\\/05\\\/Werner-Deck-995x1024.jpg\",\"url\":\"https:\\\/\\\/wernerdeck.de\\\/blog\\\/wp-content\\\/uploads\\\/2022\\\/05\\\/Werner-Deck-995x1024.jpg\",\"contentUrl\":\"https:\\\/\\\/wernerdeck.de\\\/blog\\\/wp-content\\\/uploads\\\/2022\\\/05\\\/Werner-Deck-995x1024.jpg\",\"width\":995,\"height\":1024,\"caption\":\"Werner Deck\"},\"logo\":{\"@id\":\"https:\\\/\\\/wernerdeck.de\\\/blog\\\/wp-content\\\/uploads\\\/2022\\\/05\\\/Werner-Deck-995x1024.jpg\"},\"sameAs\":[\"https:\\\/\\\/wernerdeck.de\\\/blog\",\"https:\\\/\\\/www.facebook.com\\\/werner.deck\\\/\",\"https:\\\/\\\/www.instagram.com\\\/opti_maler_deck\\\/\",\"https:\\\/\\\/www.youtube.com\\\/c\\\/WernerDeck\"],\"url\":\"https:\\\/\\\/wernerdeck.de\\\/blog\\\/author\\\/wernerdeck-de\\\/\"}]}<\/script>\n<!-- \/ Yoast SEO plugin. -->","yoast_head_json":{"title":"N\u00e4chste Woche werden wir Teneriffa umrunden und dabei ein paar der sch\u00f6nsten Orte und Sehensw\u00fcrdigkeiten besuchen - Privater Blog von Werner Deck","description":"Auf Teneriffa haben wir das noch nicht gemacht, obwohl wir schon oft hier waren. Mit dem Reiseblog \"Canary Vibes\" die Tour gut geplant.","robots":{"index":"index","follow":"follow","max-snippet":"max-snippet:-1","max-image-preview":"max-image-preview:large","max-video-preview":"max-video-preview:-1"},"canonical":"https:\/\/wernerdeck.de\/blog\/2023\/11\/25\/naechste-woche-werden-wir-teneriffa-umrunden-und-dabei-ein-paar-der-schoensten-orte-und-sehenswuerdigkeiten-besuchen\/","og_locale":"de_DE","og_type":"article","og_title":"N\u00e4chste Woche werden wir Teneriffa umrunden und dabei ein paar der sch\u00f6nsten Orte und Sehensw\u00fcrdigkeiten besuchen - Privater Blog von Werner Deck","og_description":"Auf Teneriffa haben wir das noch nicht gemacht, obwohl wir schon oft hier waren. Mit dem Reiseblog \"Canary Vibes\" die Tour gut geplant.","og_url":"https:\/\/wernerdeck.de\/blog\/2023\/11\/25\/naechste-woche-werden-wir-teneriffa-umrunden-und-dabei-ein-paar-der-schoensten-orte-und-sehenswuerdigkeiten-besuchen\/","og_site_name":"Privater Blog von Werner Deck","article_publisher":"https:\/\/www.facebook.com\/werner.deck\/","article_author":"https:\/\/www.facebook.com\/werner.deck\/","article_published_time":"2023-11-25T15:47:00+00:00","article_modified_time":"2023-12-15T09:05:54+00:00","og_image":[{"width":2074,"height":800,"url":"https:\/\/wernerdeck.de\/blog\/wp-content\/uploads\/2023\/11\/teneriffa-Rundfahrt-erkunden.jpg","type":"image\/jpeg"}],"author":"Werner Deck","twitter_card":"summary_large_image","twitter_misc":{"Verfasst von":"Werner Deck","Gesch\u00e4tzte Lesezeit":"3\u00a0Minuten"},"schema":{"@context":"https:\/\/schema.org","@graph":[{"@type":"Article","@id":"https:\/\/wernerdeck.de\/blog\/2023\/11\/25\/naechste-woche-werden-wir-teneriffa-umrunden-und-dabei-ein-paar-der-schoensten-orte-und-sehenswuerdigkeiten-besuchen\/#article","isPartOf":{"@id":"https:\/\/wernerdeck.de\/blog\/2023\/11\/25\/naechste-woche-werden-wir-teneriffa-umrunden-und-dabei-ein-paar-der-schoensten-orte-und-sehenswuerdigkeiten-besuchen\/"},"author":{"name":"Werner Deck","@id":"https:\/\/wernerdeck.de\/blog\/#\/schema\/person\/7af62de1f11b0a09297eeb81281e523c"},"headline":"N\u00e4chste Woche werden wir Teneriffa umrunden und dabei ein paar der sch\u00f6nsten Orte und Sehensw\u00fcrdigkeiten besuchen","datePublished":"2023-11-25T15:47:00+00:00","dateModified":"2023-12-15T09:05:54+00:00","mainEntityOfPage":{"@id":"https:\/\/wernerdeck.de\/blog\/2023\/11\/25\/naechste-woche-werden-wir-teneriffa-umrunden-und-dabei-ein-paar-der-schoensten-orte-und-sehenswuerdigkeiten-besuchen\/"},"wordCount":373,"commentCount":2,"publisher":{"@id":"https:\/\/wernerdeck.de\/blog\/#\/schema\/person\/7af62de1f11b0a09297eeb81281e523c"},"image":{"@id":"https:\/\/wernerdeck.de\/blog\/2023\/11\/25\/naechste-woche-werden-wir-teneriffa-umrunden-und-dabei-ein-paar-der-schoensten-orte-und-sehenswuerdigkeiten-besuchen\/#primaryimage"},"thumbnailUrl":"https:\/\/wernerdeck.de\/blog\/wp-content\/uploads\/2023\/11\/teneriffa-Rundfahrt-erkunden.jpg","keywords":["La Gomera","Planung","Teneriffa"],"articleSection":["Reisebericht"],"inLanguage":"de","potentialAction":[{"@type":"CommentAction","name":"Comment","target":["https:\/\/wernerdeck.de\/blog\/2023\/11\/25\/naechste-woche-werden-wir-teneriffa-umrunden-und-dabei-ein-paar-der-schoensten-orte-und-sehenswuerdigkeiten-besuchen\/#respond"]}]},{"@type":"WebPage","@id":"https:\/\/wernerdeck.de\/blog\/2023\/11\/25\/naechste-woche-werden-wir-teneriffa-umrunden-und-dabei-ein-paar-der-schoensten-orte-und-sehenswuerdigkeiten-besuchen\/","url":"https:\/\/wernerdeck.de\/blog\/2023\/11\/25\/naechste-woche-werden-wir-teneriffa-umrunden-und-dabei-ein-paar-der-schoensten-orte-und-sehenswuerdigkeiten-besuchen\/","name":"N\u00e4chste Woche werden wir Teneriffa umrunden und dabei ein paar der sch\u00f6nsten Orte und Sehensw\u00fcrdigkeiten besuchen - Privater Blog von Werner Deck","isPartOf":{"@id":"https:\/\/wernerdeck.de\/blog\/#website"},"primaryImageOfPage":{"@id":"https:\/\/wernerdeck.de\/blog\/2023\/11\/25\/naechste-woche-werden-wir-teneriffa-umrunden-und-dabei-ein-paar-der-schoensten-orte-und-sehenswuerdigkeiten-besuchen\/#primaryimage"},"image":{"@id":"https:\/\/wernerdeck.de\/blog\/2023\/11\/25\/naechste-woche-werden-wir-teneriffa-umrunden-und-dabei-ein-paar-der-schoensten-orte-und-sehenswuerdigkeiten-besuchen\/#primaryimage"},"thumbnailUrl":"https:\/\/wernerdeck.de\/blog\/wp-content\/uploads\/2023\/11\/teneriffa-Rundfahrt-erkunden.jpg","datePublished":"2023-11-25T15:47:00+00:00","dateModified":"2023-12-15T09:05:54+00:00","description":"Auf Teneriffa haben wir das noch nicht gemacht, obwohl wir schon oft hier waren. Mit dem Reiseblog \"Canary Vibes\" die Tour gut geplant.","breadcrumb":{"@id":"https:\/\/wernerdeck.de\/blog\/2023\/11\/25\/naechste-woche-werden-wir-teneriffa-umrunden-und-dabei-ein-paar-der-schoensten-orte-und-sehenswuerdigkeiten-besuchen\/#breadcrumb"},"inLanguage":"de","potentialAction":[{"@type":"ReadAction","target":["https:\/\/wernerdeck.de\/blog\/2023\/11\/25\/naechste-woche-werden-wir-teneriffa-umrunden-und-dabei-ein-paar-der-schoensten-orte-und-sehenswuerdigkeiten-besuchen\/"]}]},{"@type":"ImageObject","inLanguage":"de","@id":"https:\/\/wernerdeck.de\/blog\/2023\/11\/25\/naechste-woche-werden-wir-teneriffa-umrunden-und-dabei-ein-paar-der-schoensten-orte-und-sehenswuerdigkeiten-besuchen\/#primaryimage","url":"https:\/\/wernerdeck.de\/blog\/wp-content\/uploads\/2023\/11\/teneriffa-Rundfahrt-erkunden.jpg","contentUrl":"https:\/\/wernerdeck.de\/blog\/wp-content\/uploads\/2023\/11\/teneriffa-Rundfahrt-erkunden.jpg","width":2074,"height":800,"caption":"teneriffa Rundfahrt erkunden"},{"@type":"BreadcrumbList","@id":"https:\/\/wernerdeck.de\/blog\/2023\/11\/25\/naechste-woche-werden-wir-teneriffa-umrunden-und-dabei-ein-paar-der-schoensten-orte-und-sehenswuerdigkeiten-besuchen\/#breadcrumb","itemListElement":[{"@type":"ListItem","position":1,"name":"Startseite","item":"https:\/\/wernerdeck.de\/blog\/"},{"@type":"ListItem","position":2,"name":"N\u00e4chste Woche werden wir Teneriffa umrunden und dabei ein paar der sch\u00f6nsten Orte und Sehensw\u00fcrdigkeiten besuchen"}]},{"@type":"WebSite","@id":"https:\/\/wernerdeck.de\/blog\/#website","url":"https:\/\/wernerdeck.de\/blog\/","name":"Blog von Werner Deck","description":"","publisher":{"@id":"https:\/\/wernerdeck.de\/blog\/#\/schema\/person\/7af62de1f11b0a09297eeb81281e523c"},"potentialAction":[{"@type":"SearchAction","target":{"@type":"EntryPoint","urlTemplate":"https:\/\/wernerdeck.de\/blog\/?s={search_term_string}"},"query-input":{"@type":"PropertyValueSpecification","valueRequired":true,"valueName":"search_term_string"}}],"inLanguage":"de"},{"@type":["Person","Organization"],"@id":"https:\/\/wernerdeck.de\/blog\/#\/schema\/person\/7af62de1f11b0a09297eeb81281e523c","name":"Werner Deck","image":{"@type":"ImageObject","inLanguage":"de","@id":"https:\/\/wernerdeck.de\/blog\/wp-content\/uploads\/2022\/05\/Werner-Deck-995x1024.jpg","url":"https:\/\/wernerdeck.de\/blog\/wp-content\/uploads\/2022\/05\/Werner-Deck-995x1024.jpg","contentUrl":"https:\/\/wernerdeck.de\/blog\/wp-content\/uploads\/2022\/05\/Werner-Deck-995x1024.jpg","width":995,"height":1024,"caption":"Werner Deck"},"logo":{"@id":"https:\/\/wernerdeck.de\/blog\/wp-content\/uploads\/2022\/05\/Werner-Deck-995x1024.jpg"},"sameAs":["https:\/\/wernerdeck.de\/blog","https:\/\/www.facebook.com\/werner.deck\/","https:\/\/www.instagram.com\/opti_maler_deck\/","https:\/\/www.youtube.com\/c\/WernerDeck"],"url":"https:\/\/wernerdeck.de\/blog\/author\/wernerdeck-de\/"}]}},"_links":{"self":[{"href":"https:\/\/wernerdeck.de\/blog\/wp-json\/wp\/v2\/posts\/13969","targetHints":{"allow":["GET"]}}],"collection":[{"href":"https:\/\/wernerdeck.de\/blog\/wp-json\/wp\/v2\/posts"}],"about":[{"href":"https:\/\/wernerdeck.de\/blog\/wp-json\/wp\/v2\/types\/post"}],"author":[{"embeddable":true,"href":"https:\/\/wernerdeck.de\/blog\/wp-json\/wp\/v2\/users\/1"}],"replies":[{"embeddable":true,"href":"https:\/\/wernerdeck.de\/blog\/wp-json\/wp\/v2\/comments?post=13969"}],"version-history":[{"count":0,"href":"https:\/\/wernerdeck.de\/blog\/wp-json\/wp\/v2\/posts\/13969\/revisions"}],"wp:featuredmedia":[{"embeddable":true,"href":"https:\/\/wernerdeck.de\/blog\/wp-json\/wp\/v2\/media\/14046"}],"wp:attachment":[{"href":"https:\/\/wernerdeck.de\/blog\/wp-json\/wp\/v2\/media?parent=13969"}],"wp:term":[{"taxonomy":"category","embeddable":true,"href":"https:\/\/wernerdeck.de\/blog\/wp-json\/wp\/v2\/categories?post=13969"},{"taxonomy":"post_tag","embeddable":true,"href":"https:\/\/wernerdeck.de\/blog\/wp-json\/wp\/v2\/tags?post=13969"}],"curies":[{"name":"wp","href":"https:\/\/api.w.org\/{rel}","templated":true}]}}