{"id":13950,"date":"2023-11-17T11:05:58","date_gmt":"2023-11-17T10:05:58","guid":{"rendered":"https:\/\/wernerdeck.de\/blog\/?p=13950"},"modified":"2023-11-17T12:38:08","modified_gmt":"2023-11-17T11:38:08","slug":"facebook-deppen-widersprecher-aller-laender-vereinigt-euch","status":"publish","type":"post","link":"https:\/\/wernerdeck.de\/blog\/2023\/11\/17\/facebook-deppen-widersprecher-aller-laender-vereinigt-euch\/","title":{"rendered":"Facebook: Deppen-Widersprecher aller L\u00e4nder, vereinigt euch!"},"content":{"rendered":"<p>Aktuell fegt wieder einmal eine Fake-Widerspruchs-Orgie durch Facebook.<\/p>\n<p>Es wundert mich immer wieder, wie so ein Mist geglaubt und ungepr\u00fcft weiterverteilt wird. Selbst von Leuten, bei denen ich das nicht f\u00fcr m\u00f6glich gehalten h\u00e4tte. Einige Verantwortliche daf\u00fcr habe ich ausfindig gemacht.<\/p>\n<p><img loading=\"lazy\" decoding=\"async\" class=\"aligncenter size-full wp-image-13965\" src=\"https:\/\/wernerdeck.de\/blog\/wp-content\/uploads\/2023\/11\/Auf-Facebook-werden-Fake-Nachrichten-verteilt-1.jpg\" alt=\"Auf Facebook werden Fake-Nachrichten verteilt\" width=\"1786\" height=\"1515\" srcset=\"https:\/\/wernerdeck.de\/blog\/wp-content\/uploads\/2023\/11\/Auf-Facebook-werden-Fake-Nachrichten-verteilt-1.jpg 1786w, https:\/\/wernerdeck.de\/blog\/wp-content\/uploads\/2023\/11\/Auf-Facebook-werden-Fake-Nachrichten-verteilt-1-300x254.jpg 300w, https:\/\/wernerdeck.de\/blog\/wp-content\/uploads\/2023\/11\/Auf-Facebook-werden-Fake-Nachrichten-verteilt-1-1024x869.jpg 1024w, https:\/\/wernerdeck.de\/blog\/wp-content\/uploads\/2023\/11\/Auf-Facebook-werden-Fake-Nachrichten-verteilt-1-768x651.jpg 768w, https:\/\/wernerdeck.de\/blog\/wp-content\/uploads\/2023\/11\/Auf-Facebook-werden-Fake-Nachrichten-verteilt-1-1536x1303.jpg 1536w\" sizes=\"auto, (max-width: 1786px) 100vw, 1786px\" \/><\/p>\n<p><img loading=\"lazy\" decoding=\"async\" class=\"aligncenter size-full wp-image-13961\" src=\"https:\/\/wernerdeck.de\/blog\/wp-content\/uploads\/2023\/11\/Auf-Facebook-werden-von-dummen-Menschen-Fake-Nachrichten-verteilt.jpg\" alt=\"Auf Facebook werden von dummen Menschen Fake-Nachrichten verteilt\" width=\"1797\" height=\"1520\" srcset=\"https:\/\/wernerdeck.de\/blog\/wp-content\/uploads\/2023\/11\/Auf-Facebook-werden-von-dummen-Menschen-Fake-Nachrichten-verteilt.jpg 1797w, https:\/\/wernerdeck.de\/blog\/wp-content\/uploads\/2023\/11\/Auf-Facebook-werden-von-dummen-Menschen-Fake-Nachrichten-verteilt-300x254.jpg 300w, https:\/\/wernerdeck.de\/blog\/wp-content\/uploads\/2023\/11\/Auf-Facebook-werden-von-dummen-Menschen-Fake-Nachrichten-verteilt-1024x866.jpg 1024w, https:\/\/wernerdeck.de\/blog\/wp-content\/uploads\/2023\/11\/Auf-Facebook-werden-von-dummen-Menschen-Fake-Nachrichten-verteilt-768x650.jpg 768w, https:\/\/wernerdeck.de\/blog\/wp-content\/uploads\/2023\/11\/Auf-Facebook-werden-von-dummen-Menschen-Fake-Nachrichten-verteilt-1536x1299.jpg 1536w\" sizes=\"auto, (max-width: 1797px) 100vw, 1797px\" \/><\/p>\n","protected":false},"excerpt":{"rendered":"<p>Aktuell fegt wieder einmal eine Fake-Widerspruchs-Orgie durch Facebook. Es wundert mich immer wieder, wie so ein Mist geglaubt und ungepr\u00fcft weiterverteilt wird. Selbst von Leuten, bei denen ich das nicht f\u00fcr m\u00f6glich gehalten h\u00e4tte. Einige Verantwortliche daf\u00fcr habe ich ausfindig gemacht.<\/p>\n","protected":false},"author":1,"featured_media":13963,"comment_status":"open","ping_status":"open","sticky":false,"template":"","format":"standard","meta":{"ngg_post_thumbnail":0,"footnotes":""},"categories":[244],"tags":[101,176],"class_list":["post-13950","post","type-post","status-publish","format-standard","has-post-thumbnail","hentry","category-kurioses","tag-facebook","tag-fake"],"yoast_head":"<!-- This site is optimized with the Yoast SEO plugin v27.5 - https:\/\/yoast.com\/product\/yoast-seo-wordpress\/ -->\n<title>Facebook: Deppen-Widersprecher aller L\u00e4nder, vereinigt euch! - Privater Blog von Werner Deck<\/title>\n<meta name=\"description\" content=\"Es wundert mich immer, wie so ein Mist geglaubt und ungepr\u00fcft weiterverteilt wird. Auch von Leuten, bei denen ich das nicht f\u00fcr m\u00f6glich hielt\" \/>\n<meta name=\"robots\" content=\"index, follow, max-snippet:-1, max-image-preview:large, max-video-preview:-1\" \/>\n<link rel=\"canonical\" href=\"https:\/\/wernerdeck.de\/blog\/2023\/11\/17\/facebook-deppen-widersprecher-aller-laender-vereinigt-euch\/\" \/>\n<meta property=\"og:locale\" content=\"de_DE\" \/>\n<meta property=\"og:type\" content=\"article\" \/>\n<meta property=\"og:title\" content=\"Facebook: Deppen-Widersprecher aller L\u00e4nder, vereinigt euch! - Privater Blog von Werner Deck\" \/>\n<meta property=\"og:description\" content=\"Es wundert mich immer, wie so ein Mist geglaubt und ungepr\u00fcft weiterverteilt wird. Auch von Leuten, bei denen ich das nicht f\u00fcr m\u00f6glich hielt\" \/>\n<meta property=\"og:url\" content=\"https:\/\/wernerdeck.de\/blog\/2023\/11\/17\/facebook-deppen-widersprecher-aller-laender-vereinigt-euch\/\" \/>\n<meta property=\"og:site_name\" content=\"Privater Blog von Werner Deck\" \/>\n<meta property=\"article:publisher\" content=\"https:\/\/www.facebook.com\/werner.deck\/\" \/>\n<meta property=\"article:author\" content=\"https:\/\/www.facebook.com\/werner.deck\/\" \/>\n<meta property=\"article:published_time\" content=\"2023-11-17T10:05:58+00:00\" \/>\n<meta property=\"article:modified_time\" content=\"2023-11-17T11:38:08+00:00\" \/>\n<meta property=\"og:image\" content=\"https:\/\/wernerdeck.de\/blog\/wp-content\/uploads\/2023\/11\/Fakenachrichten-auf-Facebook-verteilenpg.jpg\" \/>\n\t<meta property=\"og:image:width\" content=\"1984\" \/>\n\t<meta property=\"og:image:height\" content=\"783\" \/>\n\t<meta property=\"og:image:type\" content=\"image\/jpeg\" \/>\n<meta name=\"author\" content=\"Werner Deck\" \/>\n<meta name=\"twitter:card\" content=\"summary_large_image\" \/>\n<meta name=\"twitter:label1\" content=\"Verfasst von\" \/>\n\t<meta name=\"twitter:data1\" content=\"Werner Deck\" \/>\n\t<meta name=\"twitter:label2\" content=\"Gesch\u00e4tzte Lesezeit\" \/>\n\t<meta name=\"twitter:data2\" content=\"1\u00a0Minute\" \/>\n<script type=\"application\/ld+json\" class=\"yoast-schema-graph\">{\"@context\":\"https:\\\/\\\/schema.org\",\"@graph\":[{\"@type\":\"Article\",\"@id\":\"https:\\\/\\\/wernerdeck.de\\\/blog\\\/2023\\\/11\\\/17\\\/facebook-deppen-widersprecher-aller-laender-vereinigt-euch\\\/#article\",\"isPartOf\":{\"@id\":\"https:\\\/\\\/wernerdeck.de\\\/blog\\\/2023\\\/11\\\/17\\\/facebook-deppen-widersprecher-aller-laender-vereinigt-euch\\\/\"},\"author\":{\"name\":\"Werner Deck\",\"@id\":\"https:\\\/\\\/wernerdeck.de\\\/blog\\\/#\\\/schema\\\/person\\\/7af62de1f11b0a09297eeb81281e523c\"},\"headline\":\"Facebook: Deppen-Widersprecher aller L\u00e4nder, vereinigt euch!\",\"datePublished\":\"2023-11-17T10:05:58+00:00\",\"dateModified\":\"2023-11-17T11:38:08+00:00\",\"mainEntityOfPage\":{\"@id\":\"https:\\\/\\\/wernerdeck.de\\\/blog\\\/2023\\\/11\\\/17\\\/facebook-deppen-widersprecher-aller-laender-vereinigt-euch\\\/\"},\"wordCount\":53,\"commentCount\":0,\"publisher\":{\"@id\":\"https:\\\/\\\/wernerdeck.de\\\/blog\\\/#\\\/schema\\\/person\\\/7af62de1f11b0a09297eeb81281e523c\"},\"image\":{\"@id\":\"https:\\\/\\\/wernerdeck.de\\\/blog\\\/2023\\\/11\\\/17\\\/facebook-deppen-widersprecher-aller-laender-vereinigt-euch\\\/#primaryimage\"},\"thumbnailUrl\":\"https:\\\/\\\/wernerdeck.de\\\/blog\\\/wp-content\\\/uploads\\\/2023\\\/11\\\/Fakenachrichten-auf-Facebook-verteilenpg.jpg\",\"keywords\":[\"Facebook\",\"Fake\"],\"articleSection\":[\"Kurioses\"],\"inLanguage\":\"de\",\"potentialAction\":[{\"@type\":\"CommentAction\",\"name\":\"Comment\",\"target\":[\"https:\\\/\\\/wernerdeck.de\\\/blog\\\/2023\\\/11\\\/17\\\/facebook-deppen-widersprecher-aller-laender-vereinigt-euch\\\/#respond\"]}]},{\"@type\":\"WebPage\",\"@id\":\"https:\\\/\\\/wernerdeck.de\\\/blog\\\/2023\\\/11\\\/17\\\/facebook-deppen-widersprecher-aller-laender-vereinigt-euch\\\/\",\"url\":\"https:\\\/\\\/wernerdeck.de\\\/blog\\\/2023\\\/11\\\/17\\\/facebook-deppen-widersprecher-aller-laender-vereinigt-euch\\\/\",\"name\":\"Facebook: Deppen-Widersprecher aller L\u00e4nder, vereinigt euch! - Privater Blog von Werner Deck\",\"isPartOf\":{\"@id\":\"https:\\\/\\\/wernerdeck.de\\\/blog\\\/#website\"},\"primaryImageOfPage\":{\"@id\":\"https:\\\/\\\/wernerdeck.de\\\/blog\\\/2023\\\/11\\\/17\\\/facebook-deppen-widersprecher-aller-laender-vereinigt-euch\\\/#primaryimage\"},\"image\":{\"@id\":\"https:\\\/\\\/wernerdeck.de\\\/blog\\\/2023\\\/11\\\/17\\\/facebook-deppen-widersprecher-aller-laender-vereinigt-euch\\\/#primaryimage\"},\"thumbnailUrl\":\"https:\\\/\\\/wernerdeck.de\\\/blog\\\/wp-content\\\/uploads\\\/2023\\\/11\\\/Fakenachrichten-auf-Facebook-verteilenpg.jpg\",\"datePublished\":\"2023-11-17T10:05:58+00:00\",\"dateModified\":\"2023-11-17T11:38:08+00:00\",\"description\":\"Es wundert mich immer, wie so ein Mist geglaubt und ungepr\u00fcft weiterverteilt wird. Auch von Leuten, bei denen ich das nicht f\u00fcr m\u00f6glich hielt\",\"breadcrumb\":{\"@id\":\"https:\\\/\\\/wernerdeck.de\\\/blog\\\/2023\\\/11\\\/17\\\/facebook-deppen-widersprecher-aller-laender-vereinigt-euch\\\/#breadcrumb\"},\"inLanguage\":\"de\",\"potentialAction\":[{\"@type\":\"ReadAction\",\"target\":[\"https:\\\/\\\/wernerdeck.de\\\/blog\\\/2023\\\/11\\\/17\\\/facebook-deppen-widersprecher-aller-laender-vereinigt-euch\\\/\"]}]},{\"@type\":\"ImageObject\",\"inLanguage\":\"de\",\"@id\":\"https:\\\/\\\/wernerdeck.de\\\/blog\\\/2023\\\/11\\\/17\\\/facebook-deppen-widersprecher-aller-laender-vereinigt-euch\\\/#primaryimage\",\"url\":\"https:\\\/\\\/wernerdeck.de\\\/blog\\\/wp-content\\\/uploads\\\/2023\\\/11\\\/Fakenachrichten-auf-Facebook-verteilenpg.jpg\",\"contentUrl\":\"https:\\\/\\\/wernerdeck.de\\\/blog\\\/wp-content\\\/uploads\\\/2023\\\/11\\\/Fakenachrichten-auf-Facebook-verteilenpg.jpg\",\"width\":1984,\"height\":783,\"caption\":\"Fakenachrichten auf Facebook verteilen\"},{\"@type\":\"BreadcrumbList\",\"@id\":\"https:\\\/\\\/wernerdeck.de\\\/blog\\\/2023\\\/11\\\/17\\\/facebook-deppen-widersprecher-aller-laender-vereinigt-euch\\\/#breadcrumb\",\"itemListElement\":[{\"@type\":\"ListItem\",\"position\":1,\"name\":\"Startseite\",\"item\":\"https:\\\/\\\/wernerdeck.de\\\/blog\\\/\"},{\"@type\":\"ListItem\",\"position\":2,\"name\":\"Facebook: Deppen-Widersprecher aller L\u00e4nder, vereinigt euch!\"}]},{\"@type\":\"WebSite\",\"@id\":\"https:\\\/\\\/wernerdeck.de\\\/blog\\\/#website\",\"url\":\"https:\\\/\\\/wernerdeck.de\\\/blog\\\/\",\"name\":\"Blog von Werner Deck\",\"description\":\"\",\"publisher\":{\"@id\":\"https:\\\/\\\/wernerdeck.de\\\/blog\\\/#\\\/schema\\\/person\\\/7af62de1f11b0a09297eeb81281e523c\"},\"potentialAction\":[{\"@type\":\"SearchAction\",\"target\":{\"@type\":\"EntryPoint\",\"urlTemplate\":\"https:\\\/\\\/wernerdeck.de\\\/blog\\\/?s={search_term_string}\"},\"query-input\":{\"@type\":\"PropertyValueSpecification\",\"valueRequired\":true,\"valueName\":\"search_term_string\"}}],\"inLanguage\":\"de\"},{\"@type\":[\"Person\",\"Organization\"],\"@id\":\"https:\\\/\\\/wernerdeck.de\\\/blog\\\/#\\\/schema\\\/person\\\/7af62de1f11b0a09297eeb81281e523c\",\"name\":\"Werner Deck\",\"image\":{\"@type\":\"ImageObject\",\"inLanguage\":\"de\",\"@id\":\"https:\\\/\\\/wernerdeck.de\\\/blog\\\/wp-content\\\/uploads\\\/2022\\\/05\\\/Werner-Deck-995x1024.jpg\",\"url\":\"https:\\\/\\\/wernerdeck.de\\\/blog\\\/wp-content\\\/uploads\\\/2022\\\/05\\\/Werner-Deck-995x1024.jpg\",\"contentUrl\":\"https:\\\/\\\/wernerdeck.de\\\/blog\\\/wp-content\\\/uploads\\\/2022\\\/05\\\/Werner-Deck-995x1024.jpg\",\"width\":995,\"height\":1024,\"caption\":\"Werner Deck\"},\"logo\":{\"@id\":\"https:\\\/\\\/wernerdeck.de\\\/blog\\\/wp-content\\\/uploads\\\/2022\\\/05\\\/Werner-Deck-995x1024.jpg\"},\"sameAs\":[\"https:\\\/\\\/wernerdeck.de\\\/blog\",\"https:\\\/\\\/www.facebook.com\\\/werner.deck\\\/\",\"https:\\\/\\\/www.instagram.com\\\/opti_maler_deck\\\/\",\"https:\\\/\\\/www.youtube.com\\\/c\\\/WernerDeck\"],\"url\":\"https:\\\/\\\/wernerdeck.de\\\/blog\\\/author\\\/wernerdeck-de\\\/\"}]}<\/script>\n<!-- \/ Yoast SEO plugin. -->","yoast_head_json":{"title":"Facebook: Deppen-Widersprecher aller L\u00e4nder, vereinigt euch! - Privater Blog von Werner Deck","description":"Es wundert mich immer, wie so ein Mist geglaubt und ungepr\u00fcft weiterverteilt wird. Auch von Leuten, bei denen ich das nicht f\u00fcr m\u00f6glich hielt","robots":{"index":"index","follow":"follow","max-snippet":"max-snippet:-1","max-image-preview":"max-image-preview:large","max-video-preview":"max-video-preview:-1"},"canonical":"https:\/\/wernerdeck.de\/blog\/2023\/11\/17\/facebook-deppen-widersprecher-aller-laender-vereinigt-euch\/","og_locale":"de_DE","og_type":"article","og_title":"Facebook: Deppen-Widersprecher aller L\u00e4nder, vereinigt euch! - Privater Blog von Werner Deck","og_description":"Es wundert mich immer, wie so ein Mist geglaubt und ungepr\u00fcft weiterverteilt wird. Auch von Leuten, bei denen ich das nicht f\u00fcr m\u00f6glich hielt","og_url":"https:\/\/wernerdeck.de\/blog\/2023\/11\/17\/facebook-deppen-widersprecher-aller-laender-vereinigt-euch\/","og_site_name":"Privater Blog von Werner Deck","article_publisher":"https:\/\/www.facebook.com\/werner.deck\/","article_author":"https:\/\/www.facebook.com\/werner.deck\/","article_published_time":"2023-11-17T10:05:58+00:00","article_modified_time":"2023-11-17T11:38:08+00:00","og_image":[{"width":1984,"height":783,"url":"https:\/\/wernerdeck.de\/blog\/wp-content\/uploads\/2023\/11\/Fakenachrichten-auf-Facebook-verteilenpg.jpg","type":"image\/jpeg"}],"author":"Werner Deck","twitter_card":"summary_large_image","twitter_misc":{"Verfasst von":"Werner Deck","Gesch\u00e4tzte Lesezeit":"1\u00a0Minute"},"schema":{"@context":"https:\/\/schema.org","@graph":[{"@type":"Article","@id":"https:\/\/wernerdeck.de\/blog\/2023\/11\/17\/facebook-deppen-widersprecher-aller-laender-vereinigt-euch\/#article","isPartOf":{"@id":"https:\/\/wernerdeck.de\/blog\/2023\/11\/17\/facebook-deppen-widersprecher-aller-laender-vereinigt-euch\/"},"author":{"name":"Werner Deck","@id":"https:\/\/wernerdeck.de\/blog\/#\/schema\/person\/7af62de1f11b0a09297eeb81281e523c"},"headline":"Facebook: Deppen-Widersprecher aller L\u00e4nder, vereinigt euch!","datePublished":"2023-11-17T10:05:58+00:00","dateModified":"2023-11-17T11:38:08+00:00","mainEntityOfPage":{"@id":"https:\/\/wernerdeck.de\/blog\/2023\/11\/17\/facebook-deppen-widersprecher-aller-laender-vereinigt-euch\/"},"wordCount":53,"commentCount":0,"publisher":{"@id":"https:\/\/wernerdeck.de\/blog\/#\/schema\/person\/7af62de1f11b0a09297eeb81281e523c"},"image":{"@id":"https:\/\/wernerdeck.de\/blog\/2023\/11\/17\/facebook-deppen-widersprecher-aller-laender-vereinigt-euch\/#primaryimage"},"thumbnailUrl":"https:\/\/wernerdeck.de\/blog\/wp-content\/uploads\/2023\/11\/Fakenachrichten-auf-Facebook-verteilenpg.jpg","keywords":["Facebook","Fake"],"articleSection":["Kurioses"],"inLanguage":"de","potentialAction":[{"@type":"CommentAction","name":"Comment","target":["https:\/\/wernerdeck.de\/blog\/2023\/11\/17\/facebook-deppen-widersprecher-aller-laender-vereinigt-euch\/#respond"]}]},{"@type":"WebPage","@id":"https:\/\/wernerdeck.de\/blog\/2023\/11\/17\/facebook-deppen-widersprecher-aller-laender-vereinigt-euch\/","url":"https:\/\/wernerdeck.de\/blog\/2023\/11\/17\/facebook-deppen-widersprecher-aller-laender-vereinigt-euch\/","name":"Facebook: Deppen-Widersprecher aller L\u00e4nder, vereinigt euch! - Privater Blog von Werner Deck","isPartOf":{"@id":"https:\/\/wernerdeck.de\/blog\/#website"},"primaryImageOfPage":{"@id":"https:\/\/wernerdeck.de\/blog\/2023\/11\/17\/facebook-deppen-widersprecher-aller-laender-vereinigt-euch\/#primaryimage"},"image":{"@id":"https:\/\/wernerdeck.de\/blog\/2023\/11\/17\/facebook-deppen-widersprecher-aller-laender-vereinigt-euch\/#primaryimage"},"thumbnailUrl":"https:\/\/wernerdeck.de\/blog\/wp-content\/uploads\/2023\/11\/Fakenachrichten-auf-Facebook-verteilenpg.jpg","datePublished":"2023-11-17T10:05:58+00:00","dateModified":"2023-11-17T11:38:08+00:00","description":"Es wundert mich immer, wie so ein Mist geglaubt und ungepr\u00fcft weiterverteilt wird. Auch von Leuten, bei denen ich das nicht f\u00fcr m\u00f6glich hielt","breadcrumb":{"@id":"https:\/\/wernerdeck.de\/blog\/2023\/11\/17\/facebook-deppen-widersprecher-aller-laender-vereinigt-euch\/#breadcrumb"},"inLanguage":"de","potentialAction":[{"@type":"ReadAction","target":["https:\/\/wernerdeck.de\/blog\/2023\/11\/17\/facebook-deppen-widersprecher-aller-laender-vereinigt-euch\/"]}]},{"@type":"ImageObject","inLanguage":"de","@id":"https:\/\/wernerdeck.de\/blog\/2023\/11\/17\/facebook-deppen-widersprecher-aller-laender-vereinigt-euch\/#primaryimage","url":"https:\/\/wernerdeck.de\/blog\/wp-content\/uploads\/2023\/11\/Fakenachrichten-auf-Facebook-verteilenpg.jpg","contentUrl":"https:\/\/wernerdeck.de\/blog\/wp-content\/uploads\/2023\/11\/Fakenachrichten-auf-Facebook-verteilenpg.jpg","width":1984,"height":783,"caption":"Fakenachrichten auf Facebook verteilen"},{"@type":"BreadcrumbList","@id":"https:\/\/wernerdeck.de\/blog\/2023\/11\/17\/facebook-deppen-widersprecher-aller-laender-vereinigt-euch\/#breadcrumb","itemListElement":[{"@type":"ListItem","position":1,"name":"Startseite","item":"https:\/\/wernerdeck.de\/blog\/"},{"@type":"ListItem","position":2,"name":"Facebook: Deppen-Widersprecher aller L\u00e4nder, vereinigt euch!"}]},{"@type":"WebSite","@id":"https:\/\/wernerdeck.de\/blog\/#website","url":"https:\/\/wernerdeck.de\/blog\/","name":"Blog von Werner Deck","description":"","publisher":{"@id":"https:\/\/wernerdeck.de\/blog\/#\/schema\/person\/7af62de1f11b0a09297eeb81281e523c"},"potentialAction":[{"@type":"SearchAction","target":{"@type":"EntryPoint","urlTemplate":"https:\/\/wernerdeck.de\/blog\/?s={search_term_string}"},"query-input":{"@type":"PropertyValueSpecification","valueRequired":true,"valueName":"search_term_string"}}],"inLanguage":"de"},{"@type":["Person","Organization"],"@id":"https:\/\/wernerdeck.de\/blog\/#\/schema\/person\/7af62de1f11b0a09297eeb81281e523c","name":"Werner Deck","image":{"@type":"ImageObject","inLanguage":"de","@id":"https:\/\/wernerdeck.de\/blog\/wp-content\/uploads\/2022\/05\/Werner-Deck-995x1024.jpg","url":"https:\/\/wernerdeck.de\/blog\/wp-content\/uploads\/2022\/05\/Werner-Deck-995x1024.jpg","contentUrl":"https:\/\/wernerdeck.de\/blog\/wp-content\/uploads\/2022\/05\/Werner-Deck-995x1024.jpg","width":995,"height":1024,"caption":"Werner Deck"},"logo":{"@id":"https:\/\/wernerdeck.de\/blog\/wp-content\/uploads\/2022\/05\/Werner-Deck-995x1024.jpg"},"sameAs":["https:\/\/wernerdeck.de\/blog","https:\/\/www.facebook.com\/werner.deck\/","https:\/\/www.instagram.com\/opti_maler_deck\/","https:\/\/www.youtube.com\/c\/WernerDeck"],"url":"https:\/\/wernerdeck.de\/blog\/author\/wernerdeck-de\/"}]}},"_links":{"self":[{"href":"https:\/\/wernerdeck.de\/blog\/wp-json\/wp\/v2\/posts\/13950","targetHints":{"allow":["GET"]}}],"collection":[{"href":"https:\/\/wernerdeck.de\/blog\/wp-json\/wp\/v2\/posts"}],"about":[{"href":"https:\/\/wernerdeck.de\/blog\/wp-json\/wp\/v2\/types\/post"}],"author":[{"embeddable":true,"href":"https:\/\/wernerdeck.de\/blog\/wp-json\/wp\/v2\/users\/1"}],"replies":[{"embeddable":true,"href":"https:\/\/wernerdeck.de\/blog\/wp-json\/wp\/v2\/comments?post=13950"}],"version-history":[{"count":0,"href":"https:\/\/wernerdeck.de\/blog\/wp-json\/wp\/v2\/posts\/13950\/revisions"}],"wp:featuredmedia":[{"embeddable":true,"href":"https:\/\/wernerdeck.de\/blog\/wp-json\/wp\/v2\/media\/13963"}],"wp:attachment":[{"href":"https:\/\/wernerdeck.de\/blog\/wp-json\/wp\/v2\/media?parent=13950"}],"wp:term":[{"taxonomy":"category","embeddable":true,"href":"https:\/\/wernerdeck.de\/blog\/wp-json\/wp\/v2\/categories?post=13950"},{"taxonomy":"post_tag","embeddable":true,"href":"https:\/\/wernerdeck.de\/blog\/wp-json\/wp\/v2\/tags?post=13950"}],"curies":[{"name":"wp","href":"https:\/\/api.w.org\/{rel}","templated":true}]}}