{"id":1331,"date":"2022-06-16T06:54:27","date_gmt":"2022-06-16T04:54:27","guid":{"rendered":"https:\/\/wernerdeck.de\/blog\/?p=1331"},"modified":"2025-06-03T11:05:47","modified_gmt":"2025-06-03T09:05:47","slug":"aus-einer-spontanen-idee-wurde-ein-traumhafter-sommerabend-am-rheinufer-in-maxau-abendessen-mit-eva-und-swen","status":"publish","type":"post","link":"https:\/\/wernerdeck.de\/blog\/2022\/06\/16\/aus-einer-spontanen-idee-wurde-ein-traumhafter-sommerabend-am-rheinufer-in-maxau-abendessen-mit-eva-und-swen\/","title":{"rendered":"Aus einer spontanen Idee wurde ein traumhafter Sommerabend am Rheinufer in Maxau. Abendessen mit Eva und Swen"},"content":{"rendered":"<p>Mittwochnachmittag, das Telefon klingelt und Swen ist dran. Sein Vorschlag war, alles einpacken zu einem gemeinsamen Abendessen am Rheinufer in Maxau, Treffpunkt 18 Uhr. Da gab es nichts zu \u00fcberlegen und los gings.<\/p>\n<figure id=\"attachment_1333\" aria-describedby=\"caption-attachment-1333\" style=\"width: 2490px\" class=\"wp-caption alignnone\"><img loading=\"lazy\" decoding=\"async\" class=\"size-full wp-image-1333\" src=\"https:\/\/wernerdeck.de\/blog\/wp-content\/uploads\/2022\/06\/Geschirr-Besteck-Tische-und-Stuehle-einladen.jpg\" alt=\"Geschirr Besteck Tische und St\u00fchle einladen\" width=\"2500\" height=\"937\" srcset=\"https:\/\/wernerdeck.de\/blog\/wp-content\/uploads\/2022\/06\/Geschirr-Besteck-Tische-und-Stuehle-einladen.jpg 2500w, https:\/\/wernerdeck.de\/blog\/wp-content\/uploads\/2022\/06\/Geschirr-Besteck-Tische-und-Stuehle-einladen-300x112.jpg 300w, https:\/\/wernerdeck.de\/blog\/wp-content\/uploads\/2022\/06\/Geschirr-Besteck-Tische-und-Stuehle-einladen-1024x384.jpg 1024w, https:\/\/wernerdeck.de\/blog\/wp-content\/uploads\/2022\/06\/Geschirr-Besteck-Tische-und-Stuehle-einladen-768x288.jpg 768w, https:\/\/wernerdeck.de\/blog\/wp-content\/uploads\/2022\/06\/Geschirr-Besteck-Tische-und-Stuehle-einladen-1536x576.jpg 1536w, https:\/\/wernerdeck.de\/blog\/wp-content\/uploads\/2022\/06\/Geschirr-Besteck-Tische-und-Stuehle-einladen-2048x768.jpg 2048w\" sizes=\"auto, (max-width: 2500px) 100vw, 2500px\" \/><figcaption id=\"caption-attachment-1333\" class=\"wp-caption-text\">Geschirr, Besteck, Tische und St\u00fchle einladen. Was man halt so alles braucht, f\u00fcr ein gepflegtes Dinner mit Freunden am Rheinufer<\/figcaption><\/figure>\n<figure id=\"attachment_1338\" aria-describedby=\"caption-attachment-1338\" style=\"width: 2490px\" class=\"wp-caption alignnone\"><img loading=\"lazy\" decoding=\"async\" class=\"size-full wp-image-1338\" src=\"https:\/\/wernerdeck.de\/blog\/wp-content\/uploads\/2022\/06\/Ausladen-am-Rheindamm-in-Maxau.jpg\" alt=\"Ausladen am Rheindamm in Maxau\" width=\"2500\" height=\"624\" srcset=\"https:\/\/wernerdeck.de\/blog\/wp-content\/uploads\/2022\/06\/Ausladen-am-Rheindamm-in-Maxau.jpg 2500w, https:\/\/wernerdeck.de\/blog\/wp-content\/uploads\/2022\/06\/Ausladen-am-Rheindamm-in-Maxau-300x75.jpg 300w, https:\/\/wernerdeck.de\/blog\/wp-content\/uploads\/2022\/06\/Ausladen-am-Rheindamm-in-Maxau-1024x256.jpg 1024w, https:\/\/wernerdeck.de\/blog\/wp-content\/uploads\/2022\/06\/Ausladen-am-Rheindamm-in-Maxau-768x192.jpg 768w, https:\/\/wernerdeck.de\/blog\/wp-content\/uploads\/2022\/06\/Ausladen-am-Rheindamm-in-Maxau-1536x383.jpg 1536w, https:\/\/wernerdeck.de\/blog\/wp-content\/uploads\/2022\/06\/Ausladen-am-Rheindamm-in-Maxau-2048x511.jpg 2048w\" sizes=\"auto, (max-width: 2500px) 100vw, 2500px\" \/><figcaption id=\"caption-attachment-1338\" class=\"wp-caption-text\">Nach Ankunft am Rheindamm in Maxau. Ausladen aller Utensilien und \u00fcber den Damm hinuntertragen ans Rheinufer<\/figcaption><\/figure>\n<figure id=\"attachment_1340\" aria-describedby=\"caption-attachment-1340\" style=\"width: 2490px\" class=\"wp-caption alignnone\"><img loading=\"lazy\" decoding=\"async\" class=\"size-full wp-image-1340\" src=\"https:\/\/wernerdeck.de\/blog\/wp-content\/uploads\/2022\/06\/Der-Aufbau-unserer-Tafel-am-Rheinufer-in-Maxau.jpg\" alt=\"Der Aufbau unserer Tafel am Rheinufer in Maxau\" width=\"2500\" height=\"698\" srcset=\"https:\/\/wernerdeck.de\/blog\/wp-content\/uploads\/2022\/06\/Der-Aufbau-unserer-Tafel-am-Rheinufer-in-Maxau.jpg 2500w, https:\/\/wernerdeck.de\/blog\/wp-content\/uploads\/2022\/06\/Der-Aufbau-unserer-Tafel-am-Rheinufer-in-Maxau-300x84.jpg 300w, https:\/\/wernerdeck.de\/blog\/wp-content\/uploads\/2022\/06\/Der-Aufbau-unserer-Tafel-am-Rheinufer-in-Maxau-1024x286.jpg 1024w, https:\/\/wernerdeck.de\/blog\/wp-content\/uploads\/2022\/06\/Der-Aufbau-unserer-Tafel-am-Rheinufer-in-Maxau-768x214.jpg 768w, https:\/\/wernerdeck.de\/blog\/wp-content\/uploads\/2022\/06\/Der-Aufbau-unserer-Tafel-am-Rheinufer-in-Maxau-1536x429.jpg 1536w, https:\/\/wernerdeck.de\/blog\/wp-content\/uploads\/2022\/06\/Der-Aufbau-unserer-Tafel-am-Rheinufer-in-Maxau-2048x572.jpg 2048w\" sizes=\"auto, (max-width: 2500px) 100vw, 2500px\" \/><figcaption id=\"caption-attachment-1340\" class=\"wp-caption-text\">Der gemeinsame Aufbau unserer Tafel am Rheinufer<\/figcaption><\/figure>\n<figure id=\"attachment_1341\" aria-describedby=\"caption-attachment-1341\" style=\"width: 1804px\" class=\"wp-caption alignnone\"><img loading=\"lazy\" decoding=\"async\" class=\"size-full wp-image-1341\" src=\"https:\/\/wernerdeck.de\/blog\/wp-content\/uploads\/2022\/06\/Natuerlich-war-auch-die-Wachhuendin-mit-dabei.jpg\" alt=\"Nat\u00fcrlich war auch die Wachh\u00fcndin mit dabei\" width=\"1814\" height=\"1335\" srcset=\"https:\/\/wernerdeck.de\/blog\/wp-content\/uploads\/2022\/06\/Natuerlich-war-auch-die-Wachhuendin-mit-dabei.jpg 1814w, https:\/\/wernerdeck.de\/blog\/wp-content\/uploads\/2022\/06\/Natuerlich-war-auch-die-Wachhuendin-mit-dabei-300x221.jpg 300w, https:\/\/wernerdeck.de\/blog\/wp-content\/uploads\/2022\/06\/Natuerlich-war-auch-die-Wachhuendin-mit-dabei-1024x754.jpg 1024w, https:\/\/wernerdeck.de\/blog\/wp-content\/uploads\/2022\/06\/Natuerlich-war-auch-die-Wachhuendin-mit-dabei-768x565.jpg 768w, https:\/\/wernerdeck.de\/blog\/wp-content\/uploads\/2022\/06\/Natuerlich-war-auch-die-Wachhuendin-mit-dabei-1536x1130.jpg 1536w\" sizes=\"auto, (max-width: 1814px) 100vw, 1814px\" \/><figcaption id=\"caption-attachment-1341\" class=\"wp-caption-text\">Alles wurde sch\u00e4rfstens von Wachh\u00fcndin Lilly beobachtet<\/figcaption><\/figure>\n<figure id=\"attachment_1342\" aria-describedby=\"caption-attachment-1342\" style=\"width: 2490px\" class=\"wp-caption alignnone\"><img loading=\"lazy\" decoding=\"async\" class=\"size-full wp-image-1342\" src=\"https:\/\/wernerdeck.de\/blog\/wp-content\/uploads\/2022\/06\/Anstossen-auf-einen-schoenen-Abend.jpg\" alt=\"Ansto\u00dfen auf einen sch\u00f6nen Abend\" width=\"2500\" height=\"726\" srcset=\"https:\/\/wernerdeck.de\/blog\/wp-content\/uploads\/2022\/06\/Anstossen-auf-einen-schoenen-Abend.jpg 2500w, https:\/\/wernerdeck.de\/blog\/wp-content\/uploads\/2022\/06\/Anstossen-auf-einen-schoenen-Abend-300x87.jpg 300w, https:\/\/wernerdeck.de\/blog\/wp-content\/uploads\/2022\/06\/Anstossen-auf-einen-schoenen-Abend-1024x297.jpg 1024w, https:\/\/wernerdeck.de\/blog\/wp-content\/uploads\/2022\/06\/Anstossen-auf-einen-schoenen-Abend-768x223.jpg 768w, https:\/\/wernerdeck.de\/blog\/wp-content\/uploads\/2022\/06\/Anstossen-auf-einen-schoenen-Abend-1536x446.jpg 1536w, https:\/\/wernerdeck.de\/blog\/wp-content\/uploads\/2022\/06\/Anstossen-auf-einen-schoenen-Abend-2048x595.jpg 2048w\" sizes=\"auto, (max-width: 2500px) 100vw, 2500px\" \/><figcaption id=\"caption-attachment-1342\" class=\"wp-caption-text\">Ansto\u00dfen auf einen sch\u00f6nen Abend. Wir strahlten alle mit der Sonne um die Wette<\/figcaption><\/figure>\n<figure id=\"attachment_1343\" aria-describedby=\"caption-attachment-1343\" style=\"width: 2490px\" class=\"wp-caption alignnone\"><img loading=\"lazy\" decoding=\"async\" class=\"size-full wp-image-1343\" src=\"https:\/\/wernerdeck.de\/blog\/wp-content\/uploads\/2022\/06\/Die-fertig-aufgebaute-Tafel-am-Rheinufer.jpg\" alt=\"Die fertig aufgebaute Tafel am Rheinufer\" width=\"2500\" height=\"937\" srcset=\"https:\/\/wernerdeck.de\/blog\/wp-content\/uploads\/2022\/06\/Die-fertig-aufgebaute-Tafel-am-Rheinufer.jpg 2500w, https:\/\/wernerdeck.de\/blog\/wp-content\/uploads\/2022\/06\/Die-fertig-aufgebaute-Tafel-am-Rheinufer-300x112.jpg 300w, https:\/\/wernerdeck.de\/blog\/wp-content\/uploads\/2022\/06\/Die-fertig-aufgebaute-Tafel-am-Rheinufer-1024x384.jpg 1024w, https:\/\/wernerdeck.de\/blog\/wp-content\/uploads\/2022\/06\/Die-fertig-aufgebaute-Tafel-am-Rheinufer-768x288.jpg 768w, https:\/\/wernerdeck.de\/blog\/wp-content\/uploads\/2022\/06\/Die-fertig-aufgebaute-Tafel-am-Rheinufer-1536x576.jpg 1536w, https:\/\/wernerdeck.de\/blog\/wp-content\/uploads\/2022\/06\/Die-fertig-aufgebaute-Tafel-am-Rheinufer-2048x768.jpg 2048w\" sizes=\"auto, (max-width: 2500px) 100vw, 2500px\" \/><figcaption id=\"caption-attachment-1343\" class=\"wp-caption-text\">Unsere fertig aufgebaute Tafel direkt am Rheinufer<\/figcaption><\/figure>\n<figure id=\"attachment_1344\" aria-describedby=\"caption-attachment-1344\" style=\"width: 2490px\" class=\"wp-caption alignnone\"><a href=\"https:\/\/www.schiff-karlsruhe.de\/\" target=\"_blank\" rel=\"noopener\"><img loading=\"lazy\" decoding=\"async\" class=\"size-full wp-image-1344\" src=\"https:\/\/wernerdeck.de\/blog\/wp-content\/uploads\/2022\/06\/Das-telefonisch-bestellte-Essen-im-Restaurant-Das-Schiff-abholen.jpg\" alt=\"Das telefonisch bestellte Essen im Restaurant Das Schiff abholen\" width=\"2500\" height=\"958\" srcset=\"https:\/\/wernerdeck.de\/blog\/wp-content\/uploads\/2022\/06\/Das-telefonisch-bestellte-Essen-im-Restaurant-Das-Schiff-abholen.jpg 2500w, https:\/\/wernerdeck.de\/blog\/wp-content\/uploads\/2022\/06\/Das-telefonisch-bestellte-Essen-im-Restaurant-Das-Schiff-abholen-300x115.jpg 300w, https:\/\/wernerdeck.de\/blog\/wp-content\/uploads\/2022\/06\/Das-telefonisch-bestellte-Essen-im-Restaurant-Das-Schiff-abholen-1024x392.jpg 1024w, https:\/\/wernerdeck.de\/blog\/wp-content\/uploads\/2022\/06\/Das-telefonisch-bestellte-Essen-im-Restaurant-Das-Schiff-abholen-768x294.jpg 768w, https:\/\/wernerdeck.de\/blog\/wp-content\/uploads\/2022\/06\/Das-telefonisch-bestellte-Essen-im-Restaurant-Das-Schiff-abholen-1536x589.jpg 1536w, https:\/\/wernerdeck.de\/blog\/wp-content\/uploads\/2022\/06\/Das-telefonisch-bestellte-Essen-im-Restaurant-Das-Schiff-abholen-2048x785.jpg 2048w\" sizes=\"auto, (max-width: 2500px) 100vw, 2500px\" \/><\/a><figcaption id=\"caption-attachment-1344\" class=\"wp-caption-text\">Abholen unseres Essens im schwimmenden Restaurant &#8222;Das Schiff&#8220; im Yachthafen Karlsruhe-Maxau<\/figcaption><\/figure>\n<figure id=\"attachment_1345\" aria-describedby=\"caption-attachment-1345\" style=\"width: 2490px\" class=\"wp-caption alignnone\"><img loading=\"lazy\" decoding=\"async\" class=\"size-full wp-image-1345\" src=\"https:\/\/wernerdeck.de\/blog\/wp-content\/uploads\/2022\/06\/Zum-Dinner-gab-es-schnitzel-Pommes-Salat-Wurstsalat-und-Salat-mit-Putenstreifen.jpg\" alt=\"Zum Dinner gab es Schnitzel, Pommes, Salat, Wurstsalat und Salat mit Putenstreifen\" width=\"2500\" height=\"937\" srcset=\"https:\/\/wernerdeck.de\/blog\/wp-content\/uploads\/2022\/06\/Zum-Dinner-gab-es-schnitzel-Pommes-Salat-Wurstsalat-und-Salat-mit-Putenstreifen.jpg 2500w, https:\/\/wernerdeck.de\/blog\/wp-content\/uploads\/2022\/06\/Zum-Dinner-gab-es-schnitzel-Pommes-Salat-Wurstsalat-und-Salat-mit-Putenstreifen-300x112.jpg 300w, https:\/\/wernerdeck.de\/blog\/wp-content\/uploads\/2022\/06\/Zum-Dinner-gab-es-schnitzel-Pommes-Salat-Wurstsalat-und-Salat-mit-Putenstreifen-1024x384.jpg 1024w, https:\/\/wernerdeck.de\/blog\/wp-content\/uploads\/2022\/06\/Zum-Dinner-gab-es-schnitzel-Pommes-Salat-Wurstsalat-und-Salat-mit-Putenstreifen-768x288.jpg 768w, https:\/\/wernerdeck.de\/blog\/wp-content\/uploads\/2022\/06\/Zum-Dinner-gab-es-schnitzel-Pommes-Salat-Wurstsalat-und-Salat-mit-Putenstreifen-1536x576.jpg 1536w, https:\/\/wernerdeck.de\/blog\/wp-content\/uploads\/2022\/06\/Zum-Dinner-gab-es-schnitzel-Pommes-Salat-Wurstsalat-und-Salat-mit-Putenstreifen-2048x768.jpg 2048w\" sizes=\"auto, (max-width: 2500px) 100vw, 2500px\" \/><figcaption id=\"caption-attachment-1345\" class=\"wp-caption-text\">Zum Dinner am Rheinufer gab es Schnitzel mit Pommes und Salat, Wurstsalat mit Brot und Salat mit Putenstreifen<\/figcaption><\/figure>\n<figure id=\"attachment_1346\" aria-describedby=\"caption-attachment-1346\" style=\"width: 2550px\" class=\"wp-caption alignnone\"><img loading=\"lazy\" decoding=\"async\" class=\"size-full wp-image-1346\" src=\"https:\/\/wernerdeck.de\/blog\/wp-content\/uploads\/2022\/06\/Am-Rheinufer.-Es-ist-angerichtet.-Guten-Appetit-scaled.jpg\" alt=\"Am Rheinufer. Es ist angerichtet. Guten Appetit\" width=\"2560\" height=\"1078\" srcset=\"https:\/\/wernerdeck.de\/blog\/wp-content\/uploads\/2022\/06\/Am-Rheinufer.-Es-ist-angerichtet.-Guten-Appetit-scaled.jpg 2560w, https:\/\/wernerdeck.de\/blog\/wp-content\/uploads\/2022\/06\/Am-Rheinufer.-Es-ist-angerichtet.-Guten-Appetit-300x126.jpg 300w, https:\/\/wernerdeck.de\/blog\/wp-content\/uploads\/2022\/06\/Am-Rheinufer.-Es-ist-angerichtet.-Guten-Appetit-1024x431.jpg 1024w, https:\/\/wernerdeck.de\/blog\/wp-content\/uploads\/2022\/06\/Am-Rheinufer.-Es-ist-angerichtet.-Guten-Appetit-768x323.jpg 768w, https:\/\/wernerdeck.de\/blog\/wp-content\/uploads\/2022\/06\/Am-Rheinufer.-Es-ist-angerichtet.-Guten-Appetit-1536x647.jpg 1536w, https:\/\/wernerdeck.de\/blog\/wp-content\/uploads\/2022\/06\/Am-Rheinufer.-Es-ist-angerichtet.-Guten-Appetit-2048x862.jpg 2048w\" sizes=\"auto, (max-width: 2560px) 100vw, 2560px\" \/><figcaption id=\"caption-attachment-1346\" class=\"wp-caption-text\">Es angerichtet am Rheinufer. Guten Appetit<\/figcaption><\/figure>\n<figure id=\"attachment_1350\" aria-describedby=\"caption-attachment-1350\" style=\"width: 2490px\" class=\"wp-caption alignnone\"><img loading=\"lazy\" decoding=\"async\" class=\"size-full wp-image-1350\" src=\"https:\/\/wernerdeck.de\/blog\/wp-content\/uploads\/2022\/06\/Am-Rheinufer-konnten-wir-einen-herrlichen-Sonnenuntergang-geniessen.jpg\" alt=\"Am Rheinufer konnten wir einen herrlichen Sonnenuntergang genie\u00dfen\" width=\"2500\" height=\"985\" srcset=\"https:\/\/wernerdeck.de\/blog\/wp-content\/uploads\/2022\/06\/Am-Rheinufer-konnten-wir-einen-herrlichen-Sonnenuntergang-geniessen.jpg 2500w, https:\/\/wernerdeck.de\/blog\/wp-content\/uploads\/2022\/06\/Am-Rheinufer-konnten-wir-einen-herrlichen-Sonnenuntergang-geniessen-300x118.jpg 300w, https:\/\/wernerdeck.de\/blog\/wp-content\/uploads\/2022\/06\/Am-Rheinufer-konnten-wir-einen-herrlichen-Sonnenuntergang-geniessen-1024x403.jpg 1024w, https:\/\/wernerdeck.de\/blog\/wp-content\/uploads\/2022\/06\/Am-Rheinufer-konnten-wir-einen-herrlichen-Sonnenuntergang-geniessen-768x303.jpg 768w, https:\/\/wernerdeck.de\/blog\/wp-content\/uploads\/2022\/06\/Am-Rheinufer-konnten-wir-einen-herrlichen-Sonnenuntergang-geniessen-1536x605.jpg 1536w, https:\/\/wernerdeck.de\/blog\/wp-content\/uploads\/2022\/06\/Am-Rheinufer-konnten-wir-einen-herrlichen-Sonnenuntergang-geniessen-2048x807.jpg 2048w\" sizes=\"auto, (max-width: 2500px) 100vw, 2500px\" \/><figcaption id=\"caption-attachment-1350\" class=\"wp-caption-text\">Sp\u00e4ter konnten wir am Rheinufer noch einen herrlichen Sonnenuntergang genie\u00dfen<\/figcaption><\/figure>\n<h2 style=\"text-align: center;\">Wir wurden Zeugen eines r\u00fchrenden Heiratsantrags.<\/h2>\n<figure id=\"attachment_1351\" aria-describedby=\"caption-attachment-1351\" style=\"width: 2490px\" class=\"wp-caption alignnone\"><img loading=\"lazy\" decoding=\"async\" class=\"size-full wp-image-1351\" src=\"https:\/\/wernerdeck.de\/blog\/wp-content\/uploads\/2022\/06\/In-der-Naehe-konnten-wir-einen-ruehrenden-Heiratantrag-beobachten.jpg\" alt=\"In der N\u00e4he konnten wir einen r\u00fchrenden Heiratsantrag beobachten\" width=\"2500\" height=\"1874\" srcset=\"https:\/\/wernerdeck.de\/blog\/wp-content\/uploads\/2022\/06\/In-der-Naehe-konnten-wir-einen-ruehrenden-Heiratantrag-beobachten.jpg 2500w, https:\/\/wernerdeck.de\/blog\/wp-content\/uploads\/2022\/06\/In-der-Naehe-konnten-wir-einen-ruehrenden-Heiratantrag-beobachten-300x225.jpg 300w, https:\/\/wernerdeck.de\/blog\/wp-content\/uploads\/2022\/06\/In-der-Naehe-konnten-wir-einen-ruehrenden-Heiratantrag-beobachten-1024x768.jpg 1024w, https:\/\/wernerdeck.de\/blog\/wp-content\/uploads\/2022\/06\/In-der-Naehe-konnten-wir-einen-ruehrenden-Heiratantrag-beobachten-768x576.jpg 768w, https:\/\/wernerdeck.de\/blog\/wp-content\/uploads\/2022\/06\/In-der-Naehe-konnten-wir-einen-ruehrenden-Heiratantrag-beobachten-1536x1151.jpg 1536w, https:\/\/wernerdeck.de\/blog\/wp-content\/uploads\/2022\/06\/In-der-Naehe-konnten-wir-einen-ruehrenden-Heiratantrag-beobachten-2048x1535.jpg 2048w, https:\/\/wernerdeck.de\/blog\/wp-content\/uploads\/2022\/06\/In-der-Naehe-konnten-wir-einen-ruehrenden-Heiratantrag-beobachten-640x480.jpg 640w\" sizes=\"auto, (max-width: 2500px) 100vw, 2500px\" \/><figcaption id=\"caption-attachment-1351\" class=\"wp-caption-text\">Etwas ganz besonderes konnten wir in Sichtweite beobachten, den r\u00fchrenden Heiratsantrag eines jungen Mannes an seine Zuk\u00fcnftige. Sehr s\u00fc\u00df und ber\u00fchrend<\/figcaption><\/figure>\n<figure id=\"attachment_1352\" aria-describedby=\"caption-attachment-1352\" style=\"width: 2490px\" class=\"wp-caption alignnone\"><img loading=\"lazy\" decoding=\"async\" class=\"size-full wp-image-1352\" src=\"https:\/\/wernerdeck.de\/blog\/wp-content\/uploads\/2022\/06\/Wir-konnten-den-Reiher-bei-seiner-Arbeit-beobachten.jpg\" alt=\"Wir konnten den Reiher bei seiner Arbeit beobachten\" width=\"2500\" height=\"1874\" srcset=\"https:\/\/wernerdeck.de\/blog\/wp-content\/uploads\/2022\/06\/Wir-konnten-den-Reiher-bei-seiner-Arbeit-beobachten.jpg 2500w, https:\/\/wernerdeck.de\/blog\/wp-content\/uploads\/2022\/06\/Wir-konnten-den-Reiher-bei-seiner-Arbeit-beobachten-300x225.jpg 300w, https:\/\/wernerdeck.de\/blog\/wp-content\/uploads\/2022\/06\/Wir-konnten-den-Reiher-bei-seiner-Arbeit-beobachten-1024x768.jpg 1024w, https:\/\/wernerdeck.de\/blog\/wp-content\/uploads\/2022\/06\/Wir-konnten-den-Reiher-bei-seiner-Arbeit-beobachten-768x576.jpg 768w, https:\/\/wernerdeck.de\/blog\/wp-content\/uploads\/2022\/06\/Wir-konnten-den-Reiher-bei-seiner-Arbeit-beobachten-1536x1151.jpg 1536w, https:\/\/wernerdeck.de\/blog\/wp-content\/uploads\/2022\/06\/Wir-konnten-den-Reiher-bei-seiner-Arbeit-beobachten-2048x1535.jpg 2048w, https:\/\/wernerdeck.de\/blog\/wp-content\/uploads\/2022\/06\/Wir-konnten-den-Reiher-bei-seiner-Arbeit-beobachten-640x480.jpg 640w\" sizes=\"auto, (max-width: 2500px) 100vw, 2500px\" \/><figcaption id=\"caption-attachment-1352\" class=\"wp-caption-text\">Den Reiher beobachteten wir bei seinem Bem\u00fchen Fische zu fangen<\/figcaption><\/figure>\n<figure id=\"attachment_1353\" aria-describedby=\"caption-attachment-1353\" style=\"width: 2490px\" class=\"wp-caption alignnone\"><img loading=\"lazy\" decoding=\"async\" class=\"size-full wp-image-1353\" src=\"https:\/\/wernerdeck.de\/blog\/wp-content\/uploads\/2022\/06\/Auch-der-schoenste-Rheinuferabend-geht-einmal-zu-Ende.jpg\" alt=\"Auch der sch\u00f6nste Rheinuferabend geht einmal zu Ende\" width=\"2500\" height=\"754\" srcset=\"https:\/\/wernerdeck.de\/blog\/wp-content\/uploads\/2022\/06\/Auch-der-schoenste-Rheinuferabend-geht-einmal-zu-Ende.jpg 2500w, https:\/\/wernerdeck.de\/blog\/wp-content\/uploads\/2022\/06\/Auch-der-schoenste-Rheinuferabend-geht-einmal-zu-Ende-300x90.jpg 300w, https:\/\/wernerdeck.de\/blog\/wp-content\/uploads\/2022\/06\/Auch-der-schoenste-Rheinuferabend-geht-einmal-zu-Ende-1024x309.jpg 1024w, https:\/\/wernerdeck.de\/blog\/wp-content\/uploads\/2022\/06\/Auch-der-schoenste-Rheinuferabend-geht-einmal-zu-Ende-768x232.jpg 768w, https:\/\/wernerdeck.de\/blog\/wp-content\/uploads\/2022\/06\/Auch-der-schoenste-Rheinuferabend-geht-einmal-zu-Ende-1536x463.jpg 1536w, https:\/\/wernerdeck.de\/blog\/wp-content\/uploads\/2022\/06\/Auch-der-schoenste-Rheinuferabend-geht-einmal-zu-Ende-2048x618.jpg 2048w\" sizes=\"auto, (max-width: 2500px) 100vw, 2500px\" \/><figcaption id=\"caption-attachment-1353\" class=\"wp-caption-text\">Auch der sch\u00f6nste Rheinuferabend geht einmal zu Ende. Es war sehr kurzweilig und unterhaltsam. Erst als es langsam etwas k\u00fchler wurden, bemerkten wir wie sp\u00e4t es geworden war. Um 21:45 Uhr packten wir unsere Siebensachen wieder zusammen<\/figcaption><\/figure>\n<h2 style=\"text-align: center;\">Aus einer spontanen Idee wurde ein traumhafter Sommerabend am Rheinufer in Maxau.<\/h2>\n<figure id=\"attachment_1354\" aria-describedby=\"caption-attachment-1354\" style=\"width: 2490px\" class=\"wp-caption alignnone\"><img loading=\"lazy\" decoding=\"async\" class=\"size-full wp-image-1354\" src=\"https:\/\/wernerdeck.de\/blog\/wp-content\/uploads\/2022\/06\/Alles-einpacken-und-Tschuess.-Schoen-war-es.jpg\" alt=\"Alles einpacken und Tsch\u00fcss. Sch\u00f6n war es\" width=\"2500\" height=\"937\" srcset=\"https:\/\/wernerdeck.de\/blog\/wp-content\/uploads\/2022\/06\/Alles-einpacken-und-Tschuess.-Schoen-war-es.jpg 2500w, https:\/\/wernerdeck.de\/blog\/wp-content\/uploads\/2022\/06\/Alles-einpacken-und-Tschuess.-Schoen-war-es-300x112.jpg 300w, https:\/\/wernerdeck.de\/blog\/wp-content\/uploads\/2022\/06\/Alles-einpacken-und-Tschuess.-Schoen-war-es-1024x384.jpg 1024w, https:\/\/wernerdeck.de\/blog\/wp-content\/uploads\/2022\/06\/Alles-einpacken-und-Tschuess.-Schoen-war-es-768x288.jpg 768w, https:\/\/wernerdeck.de\/blog\/wp-content\/uploads\/2022\/06\/Alles-einpacken-und-Tschuess.-Schoen-war-es-1536x576.jpg 1536w, https:\/\/wernerdeck.de\/blog\/wp-content\/uploads\/2022\/06\/Alles-einpacken-und-Tschuess.-Schoen-war-es-2048x768.jpg 2048w\" sizes=\"auto, (max-width: 2500px) 100vw, 2500px\" \/><figcaption id=\"caption-attachment-1354\" class=\"wp-caption-text\">Alles wieder eingepackt und Tsch\u00fcss. Sch\u00f6n war es mit Eva und Swen<\/figcaption><\/figure>\n","protected":false},"excerpt":{"rendered":"<p>Mittwochnachmittag, das Telefon klingelt und Swen ist dran. Sein Vorschlag war, alles einpacken zu einem gemeinsamen Abendessen am Rheinufer in Maxau, Treffpunkt 18 Uhr. Da gab es nichts zu \u00fcberlegen und los gings. Wir wurden Zeugen eines r\u00fchrenden Heiratsantrags. Aus einer spontanen Idee wurde ein traumhafter Sommerabend am Rheinufer in Maxau.<\/p>\n","protected":false},"author":1,"featured_media":1358,"comment_status":"open","ping_status":"open","sticky":false,"template":"","format":"standard","meta":{"ngg_post_thumbnail":0,"iawp_total_views":427,"footnotes":""},"categories":[62],"tags":[203,144,150,142,576,143,140],"class_list":["post-1331","post","type-post","status-publish","format-standard","has-post-thumbnail","hentry","category-privat","tag-abendessen","tag-eva-und-swen","tag-freunde","tag-maxau","tag-picknick","tag-rheindamm","tag-rheinufer"],"yoast_head":"<!-- This site is optimized with the Yoast SEO plugin v28.4 - https:\/\/yoast.com\/product\/yoast-seo-wordpress\/ -->\n<title>Aus einer spontanen Idee wurde ein traumhafter Sommerabend am Rheinufer in Maxau. Abendessen mit Eva und Swen - Privater Blog von Werner Deck<\/title>\n<meta name=\"description\" content=\"Wir hatten einen sehr sch\u00f6nen Abend, haben lecker gegessen, wurden Zeugen eines r\u00fchrenden Heiratsantrags und erlebten einen tollen Sonnenuntergang.\" \/>\n<meta name=\"robots\" content=\"index, follow, max-snippet:-1, max-image-preview:large, max-video-preview:-1\" \/>\n<link rel=\"canonical\" href=\"https:\/\/wernerdeck.de\/blog\/2022\/06\/16\/aus-einer-spontanen-idee-wurde-ein-traumhafter-sommerabend-am-rheinufer-in-maxau-abendessen-mit-eva-und-swen\/\" \/>\n<meta property=\"og:locale\" content=\"de_DE\" \/>\n<meta property=\"og:type\" content=\"article\" \/>\n<meta property=\"og:title\" content=\"Aus einer spontanen Idee wurde ein traumhafter Sommerabend am Rheinufer in Maxau. Abendessen mit Eva und Swen - Privater Blog von Werner Deck\" \/>\n<meta property=\"og:description\" content=\"Wir hatten einen sehr sch\u00f6nen Abend, haben lecker gegessen, wurden Zeugen eines r\u00fchrenden Heiratsantrags und erlebten einen tollen Sonnenuntergang.\" \/>\n<meta property=\"og:url\" content=\"https:\/\/wernerdeck.de\/blog\/2022\/06\/16\/aus-einer-spontanen-idee-wurde-ein-traumhafter-sommerabend-am-rheinufer-in-maxau-abendessen-mit-eva-und-swen\/\" \/>\n<meta property=\"og:site_name\" content=\"Privater Blog von Werner Deck\" \/>\n<meta property=\"article:publisher\" content=\"https:\/\/www.facebook.com\/werner.deck\/\" \/>\n<meta property=\"article:author\" content=\"https:\/\/www.facebook.com\/werner.deck\/\" \/>\n<meta property=\"article:published_time\" content=\"2022-06-16T04:54:27+00:00\" \/>\n<meta property=\"article:modified_time\" content=\"2025-06-03T09:05:47+00:00\" \/>\n<meta property=\"og:image\" content=\"https:\/\/wernerdeck.de\/blog\/wp-content\/uploads\/2022\/06\/Beitragsbild-Abendessen-am-Rheinufer-in-Maxau.jpg\" \/>\n\t<meta property=\"og:image:width\" content=\"2500\" \/>\n\t<meta property=\"og:image:height\" content=\"2417\" \/>\n\t<meta property=\"og:image:type\" content=\"image\/jpeg\" \/>\n<meta name=\"author\" content=\"Werner Deck\" \/>\n<meta name=\"twitter:card\" content=\"summary_large_image\" \/>\n<meta name=\"twitter:label1\" content=\"Verfasst von\" \/>\n\t<meta name=\"twitter:data1\" content=\"Werner Deck\" \/>\n\t<meta name=\"twitter:label2\" content=\"Gesch\u00e4tzte Lesezeit\" \/>\n\t<meta name=\"twitter:data2\" content=\"5\u00a0Minuten\" \/>\n<script type=\"application\/ld+json\" class=\"yoast-schema-graph\">{\"@context\":\"https:\\\/\\\/schema.org\",\"@graph\":[{\"@type\":\"Article\",\"@id\":\"https:\\\/\\\/wernerdeck.de\\\/blog\\\/2022\\\/06\\\/16\\\/aus-einer-spontanen-idee-wurde-ein-traumhafter-sommerabend-am-rheinufer-in-maxau-abendessen-mit-eva-und-swen\\\/#article\",\"isPartOf\":{\"@id\":\"https:\\\/\\\/wernerdeck.de\\\/blog\\\/2022\\\/06\\\/16\\\/aus-einer-spontanen-idee-wurde-ein-traumhafter-sommerabend-am-rheinufer-in-maxau-abendessen-mit-eva-und-swen\\\/\"},\"author\":{\"name\":\"Werner Deck\",\"@id\":\"https:\\\/\\\/wernerdeck.de\\\/blog\\\/#\\\/schema\\\/person\\\/7af62de1f11b0a09297eeb81281e523c\"},\"headline\":\"Aus einer spontanen Idee wurde ein traumhafter Sommerabend am Rheinufer in Maxau. Abendessen mit Eva und Swen\",\"datePublished\":\"2022-06-16T04:54:27+00:00\",\"dateModified\":\"2025-06-03T09:05:47+00:00\",\"mainEntityOfPage\":{\"@id\":\"https:\\\/\\\/wernerdeck.de\\\/blog\\\/2022\\\/06\\\/16\\\/aus-einer-spontanen-idee-wurde-ein-traumhafter-sommerabend-am-rheinufer-in-maxau-abendessen-mit-eva-und-swen\\\/\"},\"wordCount\":378,\"commentCount\":0,\"publisher\":{\"@id\":\"https:\\\/\\\/wernerdeck.de\\\/blog\\\/#\\\/schema\\\/person\\\/7af62de1f11b0a09297eeb81281e523c\"},\"image\":{\"@id\":\"https:\\\/\\\/wernerdeck.de\\\/blog\\\/2022\\\/06\\\/16\\\/aus-einer-spontanen-idee-wurde-ein-traumhafter-sommerabend-am-rheinufer-in-maxau-abendessen-mit-eva-und-swen\\\/#primaryimage\"},\"thumbnailUrl\":\"https:\\\/\\\/wernerdeck.de\\\/blog\\\/wp-content\\\/uploads\\\/2022\\\/06\\\/Beitragsbild-Abendessen-am-Rheinufer-in-Maxau.jpg\",\"keywords\":[\"Abendessen\",\"Eva und Swen\",\"Freunde\",\"Maxau\",\"Picknick\",\"Rheindamm\",\"Rheinufer\"],\"articleSection\":[\"Privat\"],\"inLanguage\":\"de\",\"potentialAction\":[{\"@type\":\"CommentAction\",\"name\":\"Comment\",\"target\":[\"https:\\\/\\\/wernerdeck.de\\\/blog\\\/2022\\\/06\\\/16\\\/aus-einer-spontanen-idee-wurde-ein-traumhafter-sommerabend-am-rheinufer-in-maxau-abendessen-mit-eva-und-swen\\\/#respond\"]}]},{\"@type\":\"WebPage\",\"@id\":\"https:\\\/\\\/wernerdeck.de\\\/blog\\\/2022\\\/06\\\/16\\\/aus-einer-spontanen-idee-wurde-ein-traumhafter-sommerabend-am-rheinufer-in-maxau-abendessen-mit-eva-und-swen\\\/\",\"url\":\"https:\\\/\\\/wernerdeck.de\\\/blog\\\/2022\\\/06\\\/16\\\/aus-einer-spontanen-idee-wurde-ein-traumhafter-sommerabend-am-rheinufer-in-maxau-abendessen-mit-eva-und-swen\\\/\",\"name\":\"Aus einer spontanen Idee wurde ein traumhafter Sommerabend am Rheinufer in Maxau. Abendessen mit Eva und Swen - Privater Blog von Werner Deck\",\"isPartOf\":{\"@id\":\"https:\\\/\\\/wernerdeck.de\\\/blog\\\/#website\"},\"primaryImageOfPage\":{\"@id\":\"https:\\\/\\\/wernerdeck.de\\\/blog\\\/2022\\\/06\\\/16\\\/aus-einer-spontanen-idee-wurde-ein-traumhafter-sommerabend-am-rheinufer-in-maxau-abendessen-mit-eva-und-swen\\\/#primaryimage\"},\"image\":{\"@id\":\"https:\\\/\\\/wernerdeck.de\\\/blog\\\/2022\\\/06\\\/16\\\/aus-einer-spontanen-idee-wurde-ein-traumhafter-sommerabend-am-rheinufer-in-maxau-abendessen-mit-eva-und-swen\\\/#primaryimage\"},\"thumbnailUrl\":\"https:\\\/\\\/wernerdeck.de\\\/blog\\\/wp-content\\\/uploads\\\/2022\\\/06\\\/Beitragsbild-Abendessen-am-Rheinufer-in-Maxau.jpg\",\"datePublished\":\"2022-06-16T04:54:27+00:00\",\"dateModified\":\"2025-06-03T09:05:47+00:00\",\"description\":\"Wir hatten einen sehr sch\u00f6nen Abend, haben lecker gegessen, wurden Zeugen eines r\u00fchrenden Heiratsantrags und erlebten einen tollen Sonnenuntergang.\",\"breadcrumb\":{\"@id\":\"https:\\\/\\\/wernerdeck.de\\\/blog\\\/2022\\\/06\\\/16\\\/aus-einer-spontanen-idee-wurde-ein-traumhafter-sommerabend-am-rheinufer-in-maxau-abendessen-mit-eva-und-swen\\\/#breadcrumb\"},\"inLanguage\":\"de\",\"potentialAction\":[{\"@type\":\"ReadAction\",\"target\":[\"https:\\\/\\\/wernerdeck.de\\\/blog\\\/2022\\\/06\\\/16\\\/aus-einer-spontanen-idee-wurde-ein-traumhafter-sommerabend-am-rheinufer-in-maxau-abendessen-mit-eva-und-swen\\\/\"]}]},{\"@type\":\"ImageObject\",\"inLanguage\":\"de\",\"@id\":\"https:\\\/\\\/wernerdeck.de\\\/blog\\\/2022\\\/06\\\/16\\\/aus-einer-spontanen-idee-wurde-ein-traumhafter-sommerabend-am-rheinufer-in-maxau-abendessen-mit-eva-und-swen\\\/#primaryimage\",\"url\":\"https:\\\/\\\/wernerdeck.de\\\/blog\\\/wp-content\\\/uploads\\\/2022\\\/06\\\/Beitragsbild-Abendessen-am-Rheinufer-in-Maxau.jpg\",\"contentUrl\":\"https:\\\/\\\/wernerdeck.de\\\/blog\\\/wp-content\\\/uploads\\\/2022\\\/06\\\/Beitragsbild-Abendessen-am-Rheinufer-in-Maxau.jpg\",\"width\":2500,\"height\":2417,\"caption\":\"Abendessen am Rheinufer in Maxau\"},{\"@type\":\"BreadcrumbList\",\"@id\":\"https:\\\/\\\/wernerdeck.de\\\/blog\\\/2022\\\/06\\\/16\\\/aus-einer-spontanen-idee-wurde-ein-traumhafter-sommerabend-am-rheinufer-in-maxau-abendessen-mit-eva-und-swen\\\/#breadcrumb\",\"itemListElement\":[{\"@type\":\"ListItem\",\"position\":1,\"name\":\"Startseite\",\"item\":\"https:\\\/\\\/wernerdeck.de\\\/blog\\\/\"},{\"@type\":\"ListItem\",\"position\":2,\"name\":\"Aus einer spontanen Idee wurde ein traumhafter Sommerabend am Rheinufer in Maxau. Abendessen mit Eva und Swen\"}]},{\"@type\":\"WebSite\",\"@id\":\"https:\\\/\\\/wernerdeck.de\\\/blog\\\/#website\",\"url\":\"https:\\\/\\\/wernerdeck.de\\\/blog\\\/\",\"name\":\"Blog von Werner Deck\",\"description\":\"\",\"publisher\":{\"@id\":\"https:\\\/\\\/wernerdeck.de\\\/blog\\\/#\\\/schema\\\/person\\\/7af62de1f11b0a09297eeb81281e523c\"},\"potentialAction\":[{\"@type\":\"SearchAction\",\"target\":{\"@type\":\"EntryPoint\",\"urlTemplate\":\"https:\\\/\\\/wernerdeck.de\\\/blog\\\/?s={search_term_string}\"},\"query-input\":{\"@type\":\"PropertyValueSpecification\",\"valueRequired\":true,\"valueName\":\"search_term_string\"}}],\"inLanguage\":\"de\"},{\"@type\":[\"Person\",\"Organization\"],\"@id\":\"https:\\\/\\\/wernerdeck.de\\\/blog\\\/#\\\/schema\\\/person\\\/7af62de1f11b0a09297eeb81281e523c\",\"name\":\"Werner Deck\",\"image\":{\"@type\":\"ImageObject\",\"inLanguage\":\"de\",\"@id\":\"https:\\\/\\\/wernerdeck.de\\\/blog\\\/wp-content\\\/uploads\\\/2022\\\/05\\\/Werner-Deck-995x1024.jpg\",\"url\":\"https:\\\/\\\/wernerdeck.de\\\/blog\\\/wp-content\\\/uploads\\\/2022\\\/05\\\/Werner-Deck-995x1024.jpg\",\"contentUrl\":\"https:\\\/\\\/wernerdeck.de\\\/blog\\\/wp-content\\\/uploads\\\/2022\\\/05\\\/Werner-Deck-995x1024.jpg\",\"width\":995,\"height\":1024,\"caption\":\"Werner Deck\"},\"logo\":{\"@id\":\"https:\\\/\\\/wernerdeck.de\\\/blog\\\/wp-content\\\/uploads\\\/2022\\\/05\\\/Werner-Deck-995x1024.jpg\"},\"sameAs\":[\"https:\\\/\\\/wernerdeck.de\\\/blog\",\"https:\\\/\\\/www.facebook.com\\\/werner.deck\\\/\",\"https:\\\/\\\/www.instagram.com\\\/opti_maler_deck\\\/\",\"https:\\\/\\\/www.youtube.com\\\/c\\\/WernerDeck\"],\"url\":\"https:\\\/\\\/wernerdeck.de\\\/blog\\\/author\\\/wernerdeck-de\\\/\"}]}<\/script>\n<!-- \/ Yoast SEO plugin. -->","yoast_head_json":{"title":"Aus einer spontanen Idee wurde ein traumhafter Sommerabend am Rheinufer in Maxau. Abendessen mit Eva und Swen - Privater Blog von Werner Deck","description":"Wir hatten einen sehr sch\u00f6nen Abend, haben lecker gegessen, wurden Zeugen eines r\u00fchrenden Heiratsantrags und erlebten einen tollen Sonnenuntergang.","robots":{"index":"index","follow":"follow","max-snippet":"max-snippet:-1","max-image-preview":"max-image-preview:large","max-video-preview":"max-video-preview:-1"},"canonical":"https:\/\/wernerdeck.de\/blog\/2022\/06\/16\/aus-einer-spontanen-idee-wurde-ein-traumhafter-sommerabend-am-rheinufer-in-maxau-abendessen-mit-eva-und-swen\/","og_locale":"de_DE","og_type":"article","og_title":"Aus einer spontanen Idee wurde ein traumhafter Sommerabend am Rheinufer in Maxau. Abendessen mit Eva und Swen - Privater Blog von Werner Deck","og_description":"Wir hatten einen sehr sch\u00f6nen Abend, haben lecker gegessen, wurden Zeugen eines r\u00fchrenden Heiratsantrags und erlebten einen tollen Sonnenuntergang.","og_url":"https:\/\/wernerdeck.de\/blog\/2022\/06\/16\/aus-einer-spontanen-idee-wurde-ein-traumhafter-sommerabend-am-rheinufer-in-maxau-abendessen-mit-eva-und-swen\/","og_site_name":"Privater Blog von Werner Deck","article_publisher":"https:\/\/www.facebook.com\/werner.deck\/","article_author":"https:\/\/www.facebook.com\/werner.deck\/","article_published_time":"2022-06-16T04:54:27+00:00","article_modified_time":"2025-06-03T09:05:47+00:00","og_image":[{"width":2500,"height":2417,"url":"https:\/\/wernerdeck.de\/blog\/wp-content\/uploads\/2022\/06\/Beitragsbild-Abendessen-am-Rheinufer-in-Maxau.jpg","type":"image\/jpeg"}],"author":"Werner Deck","twitter_card":"summary_large_image","twitter_misc":{"Verfasst von":"Werner Deck","Gesch\u00e4tzte Lesezeit":"5\u00a0Minuten"},"schema":{"@context":"https:\/\/schema.org","@graph":[{"@type":"Article","@id":"https:\/\/wernerdeck.de\/blog\/2022\/06\/16\/aus-einer-spontanen-idee-wurde-ein-traumhafter-sommerabend-am-rheinufer-in-maxau-abendessen-mit-eva-und-swen\/#article","isPartOf":{"@id":"https:\/\/wernerdeck.de\/blog\/2022\/06\/16\/aus-einer-spontanen-idee-wurde-ein-traumhafter-sommerabend-am-rheinufer-in-maxau-abendessen-mit-eva-und-swen\/"},"author":{"name":"Werner Deck","@id":"https:\/\/wernerdeck.de\/blog\/#\/schema\/person\/7af62de1f11b0a09297eeb81281e523c"},"headline":"Aus einer spontanen Idee wurde ein traumhafter Sommerabend am Rheinufer in Maxau. Abendessen mit Eva und Swen","datePublished":"2022-06-16T04:54:27+00:00","dateModified":"2025-06-03T09:05:47+00:00","mainEntityOfPage":{"@id":"https:\/\/wernerdeck.de\/blog\/2022\/06\/16\/aus-einer-spontanen-idee-wurde-ein-traumhafter-sommerabend-am-rheinufer-in-maxau-abendessen-mit-eva-und-swen\/"},"wordCount":378,"commentCount":0,"publisher":{"@id":"https:\/\/wernerdeck.de\/blog\/#\/schema\/person\/7af62de1f11b0a09297eeb81281e523c"},"image":{"@id":"https:\/\/wernerdeck.de\/blog\/2022\/06\/16\/aus-einer-spontanen-idee-wurde-ein-traumhafter-sommerabend-am-rheinufer-in-maxau-abendessen-mit-eva-und-swen\/#primaryimage"},"thumbnailUrl":"https:\/\/wernerdeck.de\/blog\/wp-content\/uploads\/2022\/06\/Beitragsbild-Abendessen-am-Rheinufer-in-Maxau.jpg","keywords":["Abendessen","Eva und Swen","Freunde","Maxau","Picknick","Rheindamm","Rheinufer"],"articleSection":["Privat"],"inLanguage":"de","potentialAction":[{"@type":"CommentAction","name":"Comment","target":["https:\/\/wernerdeck.de\/blog\/2022\/06\/16\/aus-einer-spontanen-idee-wurde-ein-traumhafter-sommerabend-am-rheinufer-in-maxau-abendessen-mit-eva-und-swen\/#respond"]}]},{"@type":"WebPage","@id":"https:\/\/wernerdeck.de\/blog\/2022\/06\/16\/aus-einer-spontanen-idee-wurde-ein-traumhafter-sommerabend-am-rheinufer-in-maxau-abendessen-mit-eva-und-swen\/","url":"https:\/\/wernerdeck.de\/blog\/2022\/06\/16\/aus-einer-spontanen-idee-wurde-ein-traumhafter-sommerabend-am-rheinufer-in-maxau-abendessen-mit-eva-und-swen\/","name":"Aus einer spontanen Idee wurde ein traumhafter Sommerabend am Rheinufer in Maxau. Abendessen mit Eva und Swen - Privater Blog von Werner Deck","isPartOf":{"@id":"https:\/\/wernerdeck.de\/blog\/#website"},"primaryImageOfPage":{"@id":"https:\/\/wernerdeck.de\/blog\/2022\/06\/16\/aus-einer-spontanen-idee-wurde-ein-traumhafter-sommerabend-am-rheinufer-in-maxau-abendessen-mit-eva-und-swen\/#primaryimage"},"image":{"@id":"https:\/\/wernerdeck.de\/blog\/2022\/06\/16\/aus-einer-spontanen-idee-wurde-ein-traumhafter-sommerabend-am-rheinufer-in-maxau-abendessen-mit-eva-und-swen\/#primaryimage"},"thumbnailUrl":"https:\/\/wernerdeck.de\/blog\/wp-content\/uploads\/2022\/06\/Beitragsbild-Abendessen-am-Rheinufer-in-Maxau.jpg","datePublished":"2022-06-16T04:54:27+00:00","dateModified":"2025-06-03T09:05:47+00:00","description":"Wir hatten einen sehr sch\u00f6nen Abend, haben lecker gegessen, wurden Zeugen eines r\u00fchrenden Heiratsantrags und erlebten einen tollen Sonnenuntergang.","breadcrumb":{"@id":"https:\/\/wernerdeck.de\/blog\/2022\/06\/16\/aus-einer-spontanen-idee-wurde-ein-traumhafter-sommerabend-am-rheinufer-in-maxau-abendessen-mit-eva-und-swen\/#breadcrumb"},"inLanguage":"de","potentialAction":[{"@type":"ReadAction","target":["https:\/\/wernerdeck.de\/blog\/2022\/06\/16\/aus-einer-spontanen-idee-wurde-ein-traumhafter-sommerabend-am-rheinufer-in-maxau-abendessen-mit-eva-und-swen\/"]}]},{"@type":"ImageObject","inLanguage":"de","@id":"https:\/\/wernerdeck.de\/blog\/2022\/06\/16\/aus-einer-spontanen-idee-wurde-ein-traumhafter-sommerabend-am-rheinufer-in-maxau-abendessen-mit-eva-und-swen\/#primaryimage","url":"https:\/\/wernerdeck.de\/blog\/wp-content\/uploads\/2022\/06\/Beitragsbild-Abendessen-am-Rheinufer-in-Maxau.jpg","contentUrl":"https:\/\/wernerdeck.de\/blog\/wp-content\/uploads\/2022\/06\/Beitragsbild-Abendessen-am-Rheinufer-in-Maxau.jpg","width":2500,"height":2417,"caption":"Abendessen am Rheinufer in Maxau"},{"@type":"BreadcrumbList","@id":"https:\/\/wernerdeck.de\/blog\/2022\/06\/16\/aus-einer-spontanen-idee-wurde-ein-traumhafter-sommerabend-am-rheinufer-in-maxau-abendessen-mit-eva-und-swen\/#breadcrumb","itemListElement":[{"@type":"ListItem","position":1,"name":"Startseite","item":"https:\/\/wernerdeck.de\/blog\/"},{"@type":"ListItem","position":2,"name":"Aus einer spontanen Idee wurde ein traumhafter Sommerabend am Rheinufer in Maxau. Abendessen mit Eva und Swen"}]},{"@type":"WebSite","@id":"https:\/\/wernerdeck.de\/blog\/#website","url":"https:\/\/wernerdeck.de\/blog\/","name":"Blog von Werner Deck","description":"","publisher":{"@id":"https:\/\/wernerdeck.de\/blog\/#\/schema\/person\/7af62de1f11b0a09297eeb81281e523c"},"potentialAction":[{"@type":"SearchAction","target":{"@type":"EntryPoint","urlTemplate":"https:\/\/wernerdeck.de\/blog\/?s={search_term_string}"},"query-input":{"@type":"PropertyValueSpecification","valueRequired":true,"valueName":"search_term_string"}}],"inLanguage":"de"},{"@type":["Person","Organization"],"@id":"https:\/\/wernerdeck.de\/blog\/#\/schema\/person\/7af62de1f11b0a09297eeb81281e523c","name":"Werner Deck","image":{"@type":"ImageObject","inLanguage":"de","@id":"https:\/\/wernerdeck.de\/blog\/wp-content\/uploads\/2022\/05\/Werner-Deck-995x1024.jpg","url":"https:\/\/wernerdeck.de\/blog\/wp-content\/uploads\/2022\/05\/Werner-Deck-995x1024.jpg","contentUrl":"https:\/\/wernerdeck.de\/blog\/wp-content\/uploads\/2022\/05\/Werner-Deck-995x1024.jpg","width":995,"height":1024,"caption":"Werner Deck"},"logo":{"@id":"https:\/\/wernerdeck.de\/blog\/wp-content\/uploads\/2022\/05\/Werner-Deck-995x1024.jpg"},"sameAs":["https:\/\/wernerdeck.de\/blog","https:\/\/www.facebook.com\/werner.deck\/","https:\/\/www.instagram.com\/opti_maler_deck\/","https:\/\/www.youtube.com\/c\/WernerDeck"],"url":"https:\/\/wernerdeck.de\/blog\/author\/wernerdeck-de\/"}]}},"_links":{"self":[{"href":"https:\/\/wernerdeck.de\/blog\/wp-json\/wp\/v2\/posts\/1331","targetHints":{"allow":["GET"]}}],"collection":[{"href":"https:\/\/wernerdeck.de\/blog\/wp-json\/wp\/v2\/posts"}],"about":[{"href":"https:\/\/wernerdeck.de\/blog\/wp-json\/wp\/v2\/types\/post"}],"author":[{"embeddable":true,"href":"https:\/\/wernerdeck.de\/blog\/wp-json\/wp\/v2\/users\/1"}],"replies":[{"embeddable":true,"href":"https:\/\/wernerdeck.de\/blog\/wp-json\/wp\/v2\/comments?post=1331"}],"version-history":[{"count":0,"href":"https:\/\/wernerdeck.de\/blog\/wp-json\/wp\/v2\/posts\/1331\/revisions"}],"wp:featuredmedia":[{"embeddable":true,"href":"https:\/\/wernerdeck.de\/blog\/wp-json\/wp\/v2\/media\/1358"}],"wp:attachment":[{"href":"https:\/\/wernerdeck.de\/blog\/wp-json\/wp\/v2\/media?parent=1331"}],"wp:term":[{"taxonomy":"category","embeddable":true,"href":"https:\/\/wernerdeck.de\/blog\/wp-json\/wp\/v2\/categories?post=1331"},{"taxonomy":"post_tag","embeddable":true,"href":"https:\/\/wernerdeck.de\/blog\/wp-json\/wp\/v2\/tags?post=1331"}],"curies":[{"name":"wp","href":"https:\/\/api.w.org\/{rel}","templated":true}]}}