{"id":1238,"date":"2022-06-12T23:07:58","date_gmt":"2022-06-12T21:07:58","guid":{"rendered":"https:\/\/wernerdeck.de\/blog\/?p=1238"},"modified":"2022-06-12T23:10:38","modified_gmt":"2022-06-12T21:10:38","slug":"kleine-fahrrad-odyssee-am-abend-erst-im-vierten-restaurant-konnten-wir-zu-abend-essen","status":"publish","type":"post","link":"https:\/\/wernerdeck.de\/blog\/2022\/06\/12\/kleine-fahrrad-odyssee-am-abend-erst-im-vierten-restaurant-konnten-wir-zu-abend-essen\/","title":{"rendered":"Kleine Fahrrad-Odyssee am Abend. Erst im vierten Restaurant konnten wir zu Abend essen"},"content":{"rendered":"<p>Von einem meiner Schwiegers\u00f6hne gab es den Tipp, heute zu Jack\u2019s Bajazzo in W\u00f6rth zu gehen. Dort wird Jubil\u00e4um gefeiert, er war gestern dort und es war prima. Also beschlossen wir um ca. 17 Uhr, uns mit den Fahrr\u00e4dern auf den Weg nach W\u00f6rth zu machen. Dabei erlebten wir eine kleine Fahrrad-Odyssee.<\/p>\n<figure id=\"attachment_1241\" aria-describedby=\"caption-attachment-1241\" style=\"width: 2490px\" class=\"wp-caption alignnone\"><img loading=\"lazy\" decoding=\"async\" class=\"size-full wp-image-1241\" src=\"https:\/\/wernerdeck.de\/blog\/wp-content\/uploads\/2022\/06\/Am-Eggensteiner-Baggersee-vorbei-zum-Oelhafen-in-Karlsruhe.jpg\" alt=\"Am Eggensteiner Baggersee vorbei zum \u00d6lhafen in Karlsruhe\" width=\"2500\" height=\"468\" srcset=\"https:\/\/wernerdeck.de\/blog\/wp-content\/uploads\/2022\/06\/Am-Eggensteiner-Baggersee-vorbei-zum-Oelhafen-in-Karlsruhe.jpg 2500w, https:\/\/wernerdeck.de\/blog\/wp-content\/uploads\/2022\/06\/Am-Eggensteiner-Baggersee-vorbei-zum-Oelhafen-in-Karlsruhe-300x56.jpg 300w, https:\/\/wernerdeck.de\/blog\/wp-content\/uploads\/2022\/06\/Am-Eggensteiner-Baggersee-vorbei-zum-Oelhafen-in-Karlsruhe-1024x192.jpg 1024w, https:\/\/wernerdeck.de\/blog\/wp-content\/uploads\/2022\/06\/Am-Eggensteiner-Baggersee-vorbei-zum-Oelhafen-in-Karlsruhe-768x144.jpg 768w, https:\/\/wernerdeck.de\/blog\/wp-content\/uploads\/2022\/06\/Am-Eggensteiner-Baggersee-vorbei-zum-Oelhafen-in-Karlsruhe-1536x288.jpg 1536w, https:\/\/wernerdeck.de\/blog\/wp-content\/uploads\/2022\/06\/Am-Eggensteiner-Baggersee-vorbei-zum-Oelhafen-in-Karlsruhe-2048x383.jpg 2048w\" sizes=\"auto, (max-width: 2500px) 100vw, 2500px\" \/><figcaption id=\"caption-attachment-1241\" class=\"wp-caption-text\">Am Eggensteiner Baggersee vorbei zum \u00d6lhafen in Karlsruhe<\/figcaption><\/figure>\n<figure id=\"attachment_1242\" aria-describedby=\"caption-attachment-1242\" style=\"width: 2490px\" class=\"wp-caption alignnone\"><img loading=\"lazy\" decoding=\"async\" class=\"size-full wp-image-1242\" src=\"https:\/\/wernerdeck.de\/blog\/wp-content\/uploads\/2022\/06\/Kerzengerade-ging-es-auf-die-Rheinbruecke-zu.jpg\" alt=\"Kerzengerade ging es auf die Rheinbr\u00fccke zu\" width=\"2500\" height=\"937\" srcset=\"https:\/\/wernerdeck.de\/blog\/wp-content\/uploads\/2022\/06\/Kerzengerade-ging-es-auf-die-Rheinbruecke-zu.jpg 2500w, https:\/\/wernerdeck.de\/blog\/wp-content\/uploads\/2022\/06\/Kerzengerade-ging-es-auf-die-Rheinbruecke-zu-300x112.jpg 300w, https:\/\/wernerdeck.de\/blog\/wp-content\/uploads\/2022\/06\/Kerzengerade-ging-es-auf-die-Rheinbruecke-zu-1024x384.jpg 1024w, https:\/\/wernerdeck.de\/blog\/wp-content\/uploads\/2022\/06\/Kerzengerade-ging-es-auf-die-Rheinbruecke-zu-768x288.jpg 768w, https:\/\/wernerdeck.de\/blog\/wp-content\/uploads\/2022\/06\/Kerzengerade-ging-es-auf-die-Rheinbruecke-zu-1536x576.jpg 1536w, https:\/\/wernerdeck.de\/blog\/wp-content\/uploads\/2022\/06\/Kerzengerade-ging-es-auf-die-Rheinbruecke-zu-2048x768.jpg 2048w\" sizes=\"auto, (max-width: 2500px) 100vw, 2500px\" \/><figcaption id=\"caption-attachment-1242\" class=\"wp-caption-text\">Kerzengerade ging es auf die Rheinbr\u00fccke zu<\/figcaption><\/figure>\n<figure id=\"attachment_1244\" aria-describedby=\"caption-attachment-1244\" style=\"width: 2490px\" class=\"wp-caption alignnone\"><img loading=\"lazy\" decoding=\"async\" class=\"size-full wp-image-1244\" src=\"https:\/\/wernerdeck.de\/blog\/wp-content\/uploads\/2022\/06\/Auf-der-Rheinbruecke-bei-Maxau.jpg\" alt=\"Auf der Rheinbr\u00fccke bei Maxau\" width=\"2500\" height=\"937\" srcset=\"https:\/\/wernerdeck.de\/blog\/wp-content\/uploads\/2022\/06\/Auf-der-Rheinbruecke-bei-Maxau.jpg 2500w, https:\/\/wernerdeck.de\/blog\/wp-content\/uploads\/2022\/06\/Auf-der-Rheinbruecke-bei-Maxau-300x112.jpg 300w, https:\/\/wernerdeck.de\/blog\/wp-content\/uploads\/2022\/06\/Auf-der-Rheinbruecke-bei-Maxau-1024x384.jpg 1024w, https:\/\/wernerdeck.de\/blog\/wp-content\/uploads\/2022\/06\/Auf-der-Rheinbruecke-bei-Maxau-768x288.jpg 768w, https:\/\/wernerdeck.de\/blog\/wp-content\/uploads\/2022\/06\/Auf-der-Rheinbruecke-bei-Maxau-1536x576.jpg 1536w, https:\/\/wernerdeck.de\/blog\/wp-content\/uploads\/2022\/06\/Auf-der-Rheinbruecke-bei-Maxau-2048x768.jpg 2048w\" sizes=\"auto, (max-width: 2500px) 100vw, 2500px\" \/><figcaption id=\"caption-attachment-1244\" class=\"wp-caption-text\">Auf der Rheinbr\u00fccke bei Maxau<\/figcaption><\/figure>\n<p><img loading=\"lazy\" decoding=\"async\" class=\"wp-image-1239 alignleft\" src=\"https:\/\/wernerdeck.de\/blog\/wp-content\/uploads\/2022\/06\/Jacks-Bajazzo-in-Woerth.jpg\" alt=\"Jack\u00b4s Bajazzo in W\u00f6rth\" width=\"241\" height=\"302\" srcset=\"https:\/\/wernerdeck.de\/blog\/wp-content\/uploads\/2022\/06\/Jacks-Bajazzo-in-Woerth.jpg 1080w, https:\/\/wernerdeck.de\/blog\/wp-content\/uploads\/2022\/06\/Jacks-Bajazzo-in-Woerth-240x300.jpg 240w, https:\/\/wernerdeck.de\/blog\/wp-content\/uploads\/2022\/06\/Jacks-Bajazzo-in-Woerth-819x1024.jpg 819w, https:\/\/wernerdeck.de\/blog\/wp-content\/uploads\/2022\/06\/Jacks-Bajazzo-in-Woerth-768x960.jpg 768w\" sizes=\"auto, (max-width: 241px) 100vw, 241px\" \/><\/p>\n<p>Am Bajazzo angekommen, tote Hose. Drau\u00dfen sa\u00dfen noch ein paar lustige G\u00e4ste, aber insgesamt war dort Feierabend. Das Jubil\u00e4um hatte sich \u201eausgefeiert\u201c.<\/p>\n<p>In Sichtweite sahen wir eine Pizzeria. Erleichtert machten wir uns auf den Weg dorthin. Leider gibt es dort seit diesem Jahr keine Speisen mehr, sondern nur noch Eis. Wir blieben trotzdem kurz und tranken ein Radler.<\/p>\n<p>Vom Nachbartisch bekamen wir die Restaurantempfehlung f\u00fcr die nicht weit weg gelegene \u201eTurnerstube\u201c.<\/p>\n<figure id=\"attachment_1245\" aria-describedby=\"caption-attachment-1245\" style=\"width: 2490px\" class=\"wp-caption alignnone\"><img loading=\"lazy\" decoding=\"async\" class=\"size-full wp-image-1245\" src=\"https:\/\/wernerdeck.de\/blog\/wp-content\/uploads\/2022\/06\/Am-Kirchenplatz-in-Woerth-gab-es-nur-Radler-zu-trinken.jpg\" alt=\"Am Kirchenplatz in W\u00f6rth gab es nur Radler zu trinken\" width=\"2500\" height=\"812\" srcset=\"https:\/\/wernerdeck.de\/blog\/wp-content\/uploads\/2022\/06\/Am-Kirchenplatz-in-Woerth-gab-es-nur-Radler-zu-trinken.jpg 2500w, https:\/\/wernerdeck.de\/blog\/wp-content\/uploads\/2022\/06\/Am-Kirchenplatz-in-Woerth-gab-es-nur-Radler-zu-trinken-300x97.jpg 300w, https:\/\/wernerdeck.de\/blog\/wp-content\/uploads\/2022\/06\/Am-Kirchenplatz-in-Woerth-gab-es-nur-Radler-zu-trinken-1024x333.jpg 1024w, https:\/\/wernerdeck.de\/blog\/wp-content\/uploads\/2022\/06\/Am-Kirchenplatz-in-Woerth-gab-es-nur-Radler-zu-trinken-768x249.jpg 768w, https:\/\/wernerdeck.de\/blog\/wp-content\/uploads\/2022\/06\/Am-Kirchenplatz-in-Woerth-gab-es-nur-Radler-zu-trinken-1536x499.jpg 1536w, https:\/\/wernerdeck.de\/blog\/wp-content\/uploads\/2022\/06\/Am-Kirchenplatz-in-Woerth-gab-es-nur-Radler-zu-trinken-2048x665.jpg 2048w\" sizes=\"auto, (max-width: 2500px) 100vw, 2500px\" \/><figcaption id=\"caption-attachment-1245\" class=\"wp-caption-text\">Am Kirchenplatz in W\u00f6rth gab es nur Radler zu trinken<\/figcaption><\/figure>\n<figure id=\"attachment_1247\" aria-describedby=\"caption-attachment-1247\" style=\"width: 2490px\" class=\"wp-caption alignnone\"><img loading=\"lazy\" decoding=\"async\" class=\"size-full wp-image-1247\" src=\"https:\/\/wernerdeck.de\/blog\/wp-content\/uploads\/2022\/06\/Von-der-Turnerstube-zurueck-ueber-die-Rheinbruecke-zum-Hofgut-Maxau.jpg\" alt=\"Von der Turnerstube zur\u00fcck \u00fcber die Rheinbr\u00fccke zum Hofgut Maxau\" width=\"2500\" height=\"624\" srcset=\"https:\/\/wernerdeck.de\/blog\/wp-content\/uploads\/2022\/06\/Von-der-Turnerstube-zurueck-ueber-die-Rheinbruecke-zum-Hofgut-Maxau.jpg 2500w, https:\/\/wernerdeck.de\/blog\/wp-content\/uploads\/2022\/06\/Von-der-Turnerstube-zurueck-ueber-die-Rheinbruecke-zum-Hofgut-Maxau-300x75.jpg 300w, https:\/\/wernerdeck.de\/blog\/wp-content\/uploads\/2022\/06\/Von-der-Turnerstube-zurueck-ueber-die-Rheinbruecke-zum-Hofgut-Maxau-1024x256.jpg 1024w, https:\/\/wernerdeck.de\/blog\/wp-content\/uploads\/2022\/06\/Von-der-Turnerstube-zurueck-ueber-die-Rheinbruecke-zum-Hofgut-Maxau-768x192.jpg 768w, https:\/\/wernerdeck.de\/blog\/wp-content\/uploads\/2022\/06\/Von-der-Turnerstube-zurueck-ueber-die-Rheinbruecke-zum-Hofgut-Maxau-1536x383.jpg 1536w, https:\/\/wernerdeck.de\/blog\/wp-content\/uploads\/2022\/06\/Von-der-Turnerstube-zurueck-ueber-die-Rheinbruecke-zum-Hofgut-Maxau-2048x511.jpg 2048w\" sizes=\"auto, (max-width: 2500px) 100vw, 2500px\" \/><figcaption id=\"caption-attachment-1247\" class=\"wp-caption-text\">Aller guter Dinge sind drei? Leider nicht, denn in der Turnerstube war alles reserviert. So ging es von der Turnerstube zur\u00fcck \u00fcber die Rheinbr\u00fccke zum Hofgut Maxau. In der hungrigen Hoffnung, dort endlich einen Platz und etwas zu essen zu bekommen<\/figcaption><\/figure>\n<figure id=\"attachment_1248\" aria-describedby=\"caption-attachment-1248\" style=\"width: 2490px\" class=\"wp-caption alignnone\"><img loading=\"lazy\" decoding=\"async\" class=\"size-full wp-image-1248\" src=\"https:\/\/wernerdeck.de\/blog\/wp-content\/uploads\/2022\/06\/Im-Hofgut-Maxau-gab-es-fuer-uns-endlich-etwas-zu-essen.jpg\" alt=\"Im Hofgut Maxau gab es f\u00fcr uns endlich etwas zu essen\" width=\"2500\" height=\"1874\" srcset=\"https:\/\/wernerdeck.de\/blog\/wp-content\/uploads\/2022\/06\/Im-Hofgut-Maxau-gab-es-fuer-uns-endlich-etwas-zu-essen.jpg 2500w, https:\/\/wernerdeck.de\/blog\/wp-content\/uploads\/2022\/06\/Im-Hofgut-Maxau-gab-es-fuer-uns-endlich-etwas-zu-essen-300x225.jpg 300w, https:\/\/wernerdeck.de\/blog\/wp-content\/uploads\/2022\/06\/Im-Hofgut-Maxau-gab-es-fuer-uns-endlich-etwas-zu-essen-1024x768.jpg 1024w, https:\/\/wernerdeck.de\/blog\/wp-content\/uploads\/2022\/06\/Im-Hofgut-Maxau-gab-es-fuer-uns-endlich-etwas-zu-essen-768x576.jpg 768w, https:\/\/wernerdeck.de\/blog\/wp-content\/uploads\/2022\/06\/Im-Hofgut-Maxau-gab-es-fuer-uns-endlich-etwas-zu-essen-1536x1151.jpg 1536w, https:\/\/wernerdeck.de\/blog\/wp-content\/uploads\/2022\/06\/Im-Hofgut-Maxau-gab-es-fuer-uns-endlich-etwas-zu-essen-2048x1535.jpg 2048w, https:\/\/wernerdeck.de\/blog\/wp-content\/uploads\/2022\/06\/Im-Hofgut-Maxau-gab-es-fuer-uns-endlich-etwas-zu-essen-640x480.jpg 640w\" sizes=\"auto, (max-width: 2500px) 100vw, 2500px\" \/><figcaption id=\"caption-attachment-1248\" class=\"wp-caption-text\">Im Hofgut Maxau gab es f\u00fcr uns endlich Platz und auch etwas zu essen<\/figcaption><\/figure>\n<figure id=\"attachment_1249\" aria-describedby=\"caption-attachment-1249\" style=\"width: 2490px\" class=\"wp-caption alignnone\"><img loading=\"lazy\" decoding=\"async\" class=\"size-full wp-image-1249\" src=\"https:\/\/wernerdeck.de\/blog\/wp-content\/uploads\/2022\/06\/Mit-dem-Fahrrad-wieder-ueber-die-Rheinbruecke-nach-haus.jpg\" alt=\"Mit dem Fahrrad wieder \u00fcber die Rheinbr\u00fccke nach haus\" width=\"2500\" height=\"624\" srcset=\"https:\/\/wernerdeck.de\/blog\/wp-content\/uploads\/2022\/06\/Mit-dem-Fahrrad-wieder-ueber-die-Rheinbruecke-nach-haus.jpg 2500w, https:\/\/wernerdeck.de\/blog\/wp-content\/uploads\/2022\/06\/Mit-dem-Fahrrad-wieder-ueber-die-Rheinbruecke-nach-haus-300x75.jpg 300w, https:\/\/wernerdeck.de\/blog\/wp-content\/uploads\/2022\/06\/Mit-dem-Fahrrad-wieder-ueber-die-Rheinbruecke-nach-haus-1024x256.jpg 1024w, https:\/\/wernerdeck.de\/blog\/wp-content\/uploads\/2022\/06\/Mit-dem-Fahrrad-wieder-ueber-die-Rheinbruecke-nach-haus-768x192.jpg 768w, https:\/\/wernerdeck.de\/blog\/wp-content\/uploads\/2022\/06\/Mit-dem-Fahrrad-wieder-ueber-die-Rheinbruecke-nach-haus-1536x383.jpg 1536w, https:\/\/wernerdeck.de\/blog\/wp-content\/uploads\/2022\/06\/Mit-dem-Fahrrad-wieder-ueber-die-Rheinbruecke-nach-haus-2048x511.jpg 2048w\" sizes=\"auto, (max-width: 2500px) 100vw, 2500px\" \/><figcaption id=\"caption-attachment-1249\" class=\"wp-caption-text\">Gut gest\u00e4rkt ging es wieder \u00fcber die Rheinbr\u00fccke zur\u00fcck nach Hause<\/figcaption><\/figure>\n<figure id=\"attachment_1250\" aria-describedby=\"caption-attachment-1250\" style=\"width: 2490px\" class=\"wp-caption alignnone\"><img loading=\"lazy\" decoding=\"async\" class=\"size-full wp-image-1250\" src=\"https:\/\/wernerdeck.de\/blog\/wp-content\/uploads\/2022\/06\/Bei-einem-sehr-schoenen-Sonnenuntergang-waren-wir-nach-fast-29-km-daheim.jpg\" alt=\"Bei einem sehr sch\u00f6nen Sonnenuntergang waren wir nach fast 29 km daheim\" width=\"2500\" height=\"937\" srcset=\"https:\/\/wernerdeck.de\/blog\/wp-content\/uploads\/2022\/06\/Bei-einem-sehr-schoenen-Sonnenuntergang-waren-wir-nach-fast-29-km-daheim.jpg 2500w, https:\/\/wernerdeck.de\/blog\/wp-content\/uploads\/2022\/06\/Bei-einem-sehr-schoenen-Sonnenuntergang-waren-wir-nach-fast-29-km-daheim-300x112.jpg 300w, https:\/\/wernerdeck.de\/blog\/wp-content\/uploads\/2022\/06\/Bei-einem-sehr-schoenen-Sonnenuntergang-waren-wir-nach-fast-29-km-daheim-1024x384.jpg 1024w, https:\/\/wernerdeck.de\/blog\/wp-content\/uploads\/2022\/06\/Bei-einem-sehr-schoenen-Sonnenuntergang-waren-wir-nach-fast-29-km-daheim-768x288.jpg 768w, https:\/\/wernerdeck.de\/blog\/wp-content\/uploads\/2022\/06\/Bei-einem-sehr-schoenen-Sonnenuntergang-waren-wir-nach-fast-29-km-daheim-1536x576.jpg 1536w, https:\/\/wernerdeck.de\/blog\/wp-content\/uploads\/2022\/06\/Bei-einem-sehr-schoenen-Sonnenuntergang-waren-wir-nach-fast-29-km-daheim-2048x768.jpg 2048w\" sizes=\"auto, (max-width: 2500px) 100vw, 2500px\" \/><figcaption id=\"caption-attachment-1250\" class=\"wp-caption-text\">Begleitet von diesem sehr sch\u00f6nen Sonnenuntergang, waren wir nach 28,72 km um ca. 21 Uhr wieder daheim<\/figcaption><\/figure>\n<figure id=\"attachment_1251\" aria-describedby=\"caption-attachment-1251\" style=\"width: 844px\" class=\"wp-caption alignnone\"><img loading=\"lazy\" decoding=\"async\" class=\"size-full wp-image-1251\" src=\"https:\/\/wernerdeck.de\/blog\/wp-content\/uploads\/2022\/06\/Heutige-Tour.jpg\" alt=\"Heutige Tour\" width=\"854\" height=\"692\" srcset=\"https:\/\/wernerdeck.de\/blog\/wp-content\/uploads\/2022\/06\/Heutige-Tour.jpg 854w, https:\/\/wernerdeck.de\/blog\/wp-content\/uploads\/2022\/06\/Heutige-Tour-300x243.jpg 300w, https:\/\/wernerdeck.de\/blog\/wp-content\/uploads\/2022\/06\/Heutige-Tour-768x622.jpg 768w\" sizes=\"auto, (max-width: 854px) 100vw, 854px\" \/><figcaption id=\"caption-attachment-1251\" class=\"wp-caption-text\">Das war unsere heutige Fahrstrecke<\/figcaption><\/figure>\n<p>&nbsp;<\/p>\n","protected":false},"excerpt":{"rendered":"<p>Von einem meiner Schwiegers\u00f6hne gab es den Tipp, heute zu Jack\u2019s Bajazzo in W\u00f6rth zu gehen. Dort wird Jubil\u00e4um gefeiert, er war gestern dort und es war prima. Also beschlossen wir um ca. 17 Uhr, uns mit den Fahrr\u00e4dern auf den Weg nach W\u00f6rth zu machen. Dabei erlebten wir eine kleine Fahrrad-Odyssee. Am Bajazzo angekommen, &#8230; <a title=\"Kleine Fahrrad-Odyssee am Abend. Erst im vierten Restaurant konnten wir zu Abend essen\" class=\"read-more\" href=\"https:\/\/wernerdeck.de\/blog\/2022\/06\/12\/kleine-fahrrad-odyssee-am-abend-erst-im-vierten-restaurant-konnten-wir-zu-abend-essen\/\" aria-label=\"Mehr Informationen \u00fcber Kleine Fahrrad-Odyssee am Abend. Erst im vierten Restaurant konnten wir zu Abend essen\">Weiterlesen<\/a><\/p>\n","protected":false},"author":1,"featured_media":1254,"comment_status":"open","ping_status":"open","sticky":false,"template":"","format":"standard","meta":{"ngg_post_thumbnail":0,"footnotes":""},"categories":[62],"tags":[136,135],"class_list":["post-1238","post","type-post","status-publish","format-standard","has-post-thumbnail","hentry","category-privat","tag-hofgut-maxau","tag-woerth"],"yoast_head":"<!-- This site is optimized with the Yoast SEO plugin v27.4 - https:\/\/yoast.com\/product\/yoast-seo-wordpress\/ -->\n<title>Kleine Fahrrad-Odyssee am Abend. Erst im vierten Restaurant konnten wir zu Abend essen - Privater Blog von Werner Deck<\/title>\n<meta name=\"description\" content=\"Erst im vierten Restaurant bekamen wir einen Platz und etwas zu essen. Insgesamt waren wir heute fast 29 km mit dem Fahrrad unterwegs.\" \/>\n<meta name=\"robots\" content=\"index, follow, max-snippet:-1, max-image-preview:large, max-video-preview:-1\" \/>\n<link rel=\"canonical\" href=\"https:\/\/wernerdeck.de\/blog\/2022\/06\/12\/kleine-fahrrad-odyssee-am-abend-erst-im-vierten-restaurant-konnten-wir-zu-abend-essen\/\" \/>\n<meta property=\"og:locale\" content=\"de_DE\" \/>\n<meta property=\"og:type\" content=\"article\" \/>\n<meta property=\"og:title\" content=\"Kleine Fahrrad-Odyssee am Abend. Erst im vierten Restaurant konnten wir zu Abend essen - Privater Blog von Werner Deck\" \/>\n<meta property=\"og:description\" content=\"Erst im vierten Restaurant bekamen wir einen Platz und etwas zu essen. Insgesamt waren wir heute fast 29 km mit dem Fahrrad unterwegs.\" \/>\n<meta property=\"og:url\" content=\"https:\/\/wernerdeck.de\/blog\/2022\/06\/12\/kleine-fahrrad-odyssee-am-abend-erst-im-vierten-restaurant-konnten-wir-zu-abend-essen\/\" \/>\n<meta property=\"og:site_name\" content=\"Privater Blog von Werner Deck\" \/>\n<meta property=\"article:publisher\" content=\"https:\/\/www.facebook.com\/werner.deck\/\" \/>\n<meta property=\"article:author\" content=\"https:\/\/www.facebook.com\/werner.deck\/\" \/>\n<meta property=\"article:published_time\" content=\"2022-06-12T21:07:58+00:00\" \/>\n<meta property=\"article:modified_time\" content=\"2022-06-12T21:10:38+00:00\" \/>\n<meta property=\"og:image\" content=\"https:\/\/wernerdeck.de\/blog\/wp-content\/uploads\/2022\/06\/Mit-dem-Fahrrad-nach-Woerth-und-zurueck.jpg\" \/>\n\t<meta property=\"og:image:width\" content=\"2500\" \/>\n\t<meta property=\"og:image:height\" content=\"2192\" \/>\n\t<meta property=\"og:image:type\" content=\"image\/jpeg\" \/>\n<meta name=\"author\" content=\"Werner Deck\" \/>\n<meta name=\"twitter:card\" content=\"summary_large_image\" \/>\n<meta name=\"twitter:label1\" content=\"Verfasst von\" \/>\n\t<meta name=\"twitter:data1\" content=\"Werner Deck\" \/>\n\t<meta name=\"twitter:label2\" content=\"Gesch\u00e4tzte Lesezeit\" \/>\n\t<meta name=\"twitter:data2\" content=\"4\u00a0Minuten\" \/>\n<script type=\"application\/ld+json\" class=\"yoast-schema-graph\">{\"@context\":\"https:\\\/\\\/schema.org\",\"@graph\":[{\"@type\":\"Article\",\"@id\":\"https:\\\/\\\/wernerdeck.de\\\/blog\\\/2022\\\/06\\\/12\\\/kleine-fahrrad-odyssee-am-abend-erst-im-vierten-restaurant-konnten-wir-zu-abend-essen\\\/#article\",\"isPartOf\":{\"@id\":\"https:\\\/\\\/wernerdeck.de\\\/blog\\\/2022\\\/06\\\/12\\\/kleine-fahrrad-odyssee-am-abend-erst-im-vierten-restaurant-konnten-wir-zu-abend-essen\\\/\"},\"author\":{\"name\":\"Werner Deck\",\"@id\":\"https:\\\/\\\/wernerdeck.de\\\/blog\\\/#\\\/schema\\\/person\\\/7af62de1f11b0a09297eeb81281e523c\"},\"headline\":\"Kleine Fahrrad-Odyssee am Abend. Erst im vierten Restaurant konnten wir zu Abend essen\",\"datePublished\":\"2022-06-12T21:07:58+00:00\",\"dateModified\":\"2022-06-12T21:10:38+00:00\",\"mainEntityOfPage\":{\"@id\":\"https:\\\/\\\/wernerdeck.de\\\/blog\\\/2022\\\/06\\\/12\\\/kleine-fahrrad-odyssee-am-abend-erst-im-vierten-restaurant-konnten-wir-zu-abend-essen\\\/\"},\"wordCount\":336,\"commentCount\":0,\"publisher\":{\"@id\":\"https:\\\/\\\/wernerdeck.de\\\/blog\\\/#\\\/schema\\\/person\\\/7af62de1f11b0a09297eeb81281e523c\"},\"image\":{\"@id\":\"https:\\\/\\\/wernerdeck.de\\\/blog\\\/2022\\\/06\\\/12\\\/kleine-fahrrad-odyssee-am-abend-erst-im-vierten-restaurant-konnten-wir-zu-abend-essen\\\/#primaryimage\"},\"thumbnailUrl\":\"https:\\\/\\\/wernerdeck.de\\\/blog\\\/wp-content\\\/uploads\\\/2022\\\/06\\\/Mit-dem-Fahrrad-nach-Woerth-und-zurueck.jpg\",\"keywords\":[\"Hofgut Maxau\",\"W\u00f6rth\"],\"articleSection\":[\"Privat\"],\"inLanguage\":\"de\",\"potentialAction\":[{\"@type\":\"CommentAction\",\"name\":\"Comment\",\"target\":[\"https:\\\/\\\/wernerdeck.de\\\/blog\\\/2022\\\/06\\\/12\\\/kleine-fahrrad-odyssee-am-abend-erst-im-vierten-restaurant-konnten-wir-zu-abend-essen\\\/#respond\"]}]},{\"@type\":\"WebPage\",\"@id\":\"https:\\\/\\\/wernerdeck.de\\\/blog\\\/2022\\\/06\\\/12\\\/kleine-fahrrad-odyssee-am-abend-erst-im-vierten-restaurant-konnten-wir-zu-abend-essen\\\/\",\"url\":\"https:\\\/\\\/wernerdeck.de\\\/blog\\\/2022\\\/06\\\/12\\\/kleine-fahrrad-odyssee-am-abend-erst-im-vierten-restaurant-konnten-wir-zu-abend-essen\\\/\",\"name\":\"Kleine Fahrrad-Odyssee am Abend. Erst im vierten Restaurant konnten wir zu Abend essen - Privater Blog von Werner Deck\",\"isPartOf\":{\"@id\":\"https:\\\/\\\/wernerdeck.de\\\/blog\\\/#website\"},\"primaryImageOfPage\":{\"@id\":\"https:\\\/\\\/wernerdeck.de\\\/blog\\\/2022\\\/06\\\/12\\\/kleine-fahrrad-odyssee-am-abend-erst-im-vierten-restaurant-konnten-wir-zu-abend-essen\\\/#primaryimage\"},\"image\":{\"@id\":\"https:\\\/\\\/wernerdeck.de\\\/blog\\\/2022\\\/06\\\/12\\\/kleine-fahrrad-odyssee-am-abend-erst-im-vierten-restaurant-konnten-wir-zu-abend-essen\\\/#primaryimage\"},\"thumbnailUrl\":\"https:\\\/\\\/wernerdeck.de\\\/blog\\\/wp-content\\\/uploads\\\/2022\\\/06\\\/Mit-dem-Fahrrad-nach-Woerth-und-zurueck.jpg\",\"datePublished\":\"2022-06-12T21:07:58+00:00\",\"dateModified\":\"2022-06-12T21:10:38+00:00\",\"description\":\"Erst im vierten Restaurant bekamen wir einen Platz und etwas zu essen. Insgesamt waren wir heute fast 29 km mit dem Fahrrad unterwegs.\",\"breadcrumb\":{\"@id\":\"https:\\\/\\\/wernerdeck.de\\\/blog\\\/2022\\\/06\\\/12\\\/kleine-fahrrad-odyssee-am-abend-erst-im-vierten-restaurant-konnten-wir-zu-abend-essen\\\/#breadcrumb\"},\"inLanguage\":\"de\",\"potentialAction\":[{\"@type\":\"ReadAction\",\"target\":[\"https:\\\/\\\/wernerdeck.de\\\/blog\\\/2022\\\/06\\\/12\\\/kleine-fahrrad-odyssee-am-abend-erst-im-vierten-restaurant-konnten-wir-zu-abend-essen\\\/\"]}]},{\"@type\":\"ImageObject\",\"inLanguage\":\"de\",\"@id\":\"https:\\\/\\\/wernerdeck.de\\\/blog\\\/2022\\\/06\\\/12\\\/kleine-fahrrad-odyssee-am-abend-erst-im-vierten-restaurant-konnten-wir-zu-abend-essen\\\/#primaryimage\",\"url\":\"https:\\\/\\\/wernerdeck.de\\\/blog\\\/wp-content\\\/uploads\\\/2022\\\/06\\\/Mit-dem-Fahrrad-nach-Woerth-und-zurueck.jpg\",\"contentUrl\":\"https:\\\/\\\/wernerdeck.de\\\/blog\\\/wp-content\\\/uploads\\\/2022\\\/06\\\/Mit-dem-Fahrrad-nach-Woerth-und-zurueck.jpg\",\"width\":2500,\"height\":2192,\"caption\":\"Mit dem Fahrrad nach W\u00f6rth und zur\u00fcck\"},{\"@type\":\"BreadcrumbList\",\"@id\":\"https:\\\/\\\/wernerdeck.de\\\/blog\\\/2022\\\/06\\\/12\\\/kleine-fahrrad-odyssee-am-abend-erst-im-vierten-restaurant-konnten-wir-zu-abend-essen\\\/#breadcrumb\",\"itemListElement\":[{\"@type\":\"ListItem\",\"position\":1,\"name\":\"Startseite\",\"item\":\"https:\\\/\\\/wernerdeck.de\\\/blog\\\/\"},{\"@type\":\"ListItem\",\"position\":2,\"name\":\"Kleine Fahrrad-Odyssee am Abend. Erst im vierten Restaurant konnten wir zu Abend essen\"}]},{\"@type\":\"WebSite\",\"@id\":\"https:\\\/\\\/wernerdeck.de\\\/blog\\\/#website\",\"url\":\"https:\\\/\\\/wernerdeck.de\\\/blog\\\/\",\"name\":\"Blog von Werner Deck\",\"description\":\"\",\"publisher\":{\"@id\":\"https:\\\/\\\/wernerdeck.de\\\/blog\\\/#\\\/schema\\\/person\\\/7af62de1f11b0a09297eeb81281e523c\"},\"potentialAction\":[{\"@type\":\"SearchAction\",\"target\":{\"@type\":\"EntryPoint\",\"urlTemplate\":\"https:\\\/\\\/wernerdeck.de\\\/blog\\\/?s={search_term_string}\"},\"query-input\":{\"@type\":\"PropertyValueSpecification\",\"valueRequired\":true,\"valueName\":\"search_term_string\"}}],\"inLanguage\":\"de\"},{\"@type\":[\"Person\",\"Organization\"],\"@id\":\"https:\\\/\\\/wernerdeck.de\\\/blog\\\/#\\\/schema\\\/person\\\/7af62de1f11b0a09297eeb81281e523c\",\"name\":\"Werner Deck\",\"image\":{\"@type\":\"ImageObject\",\"inLanguage\":\"de\",\"@id\":\"https:\\\/\\\/wernerdeck.de\\\/blog\\\/wp-content\\\/uploads\\\/2022\\\/05\\\/Werner-Deck-995x1024.jpg\",\"url\":\"https:\\\/\\\/wernerdeck.de\\\/blog\\\/wp-content\\\/uploads\\\/2022\\\/05\\\/Werner-Deck-995x1024.jpg\",\"contentUrl\":\"https:\\\/\\\/wernerdeck.de\\\/blog\\\/wp-content\\\/uploads\\\/2022\\\/05\\\/Werner-Deck-995x1024.jpg\",\"width\":995,\"height\":1024,\"caption\":\"Werner Deck\"},\"logo\":{\"@id\":\"https:\\\/\\\/wernerdeck.de\\\/blog\\\/wp-content\\\/uploads\\\/2022\\\/05\\\/Werner-Deck-995x1024.jpg\"},\"sameAs\":[\"https:\\\/\\\/wernerdeck.de\\\/blog\",\"https:\\\/\\\/www.facebook.com\\\/werner.deck\\\/\",\"https:\\\/\\\/www.instagram.com\\\/opti_maler_deck\\\/\",\"https:\\\/\\\/www.youtube.com\\\/c\\\/WernerDeck\"],\"url\":\"https:\\\/\\\/wernerdeck.de\\\/blog\\\/author\\\/wernerdeck-de\\\/\"}]}<\/script>\n<!-- \/ Yoast SEO plugin. -->","yoast_head_json":{"title":"Kleine Fahrrad-Odyssee am Abend. Erst im vierten Restaurant konnten wir zu Abend essen - Privater Blog von Werner Deck","description":"Erst im vierten Restaurant bekamen wir einen Platz und etwas zu essen. Insgesamt waren wir heute fast 29 km mit dem Fahrrad unterwegs.","robots":{"index":"index","follow":"follow","max-snippet":"max-snippet:-1","max-image-preview":"max-image-preview:large","max-video-preview":"max-video-preview:-1"},"canonical":"https:\/\/wernerdeck.de\/blog\/2022\/06\/12\/kleine-fahrrad-odyssee-am-abend-erst-im-vierten-restaurant-konnten-wir-zu-abend-essen\/","og_locale":"de_DE","og_type":"article","og_title":"Kleine Fahrrad-Odyssee am Abend. Erst im vierten Restaurant konnten wir zu Abend essen - Privater Blog von Werner Deck","og_description":"Erst im vierten Restaurant bekamen wir einen Platz und etwas zu essen. Insgesamt waren wir heute fast 29 km mit dem Fahrrad unterwegs.","og_url":"https:\/\/wernerdeck.de\/blog\/2022\/06\/12\/kleine-fahrrad-odyssee-am-abend-erst-im-vierten-restaurant-konnten-wir-zu-abend-essen\/","og_site_name":"Privater Blog von Werner Deck","article_publisher":"https:\/\/www.facebook.com\/werner.deck\/","article_author":"https:\/\/www.facebook.com\/werner.deck\/","article_published_time":"2022-06-12T21:07:58+00:00","article_modified_time":"2022-06-12T21:10:38+00:00","og_image":[{"width":2500,"height":2192,"url":"https:\/\/wernerdeck.de\/blog\/wp-content\/uploads\/2022\/06\/Mit-dem-Fahrrad-nach-Woerth-und-zurueck.jpg","type":"image\/jpeg"}],"author":"Werner Deck","twitter_card":"summary_large_image","twitter_misc":{"Verfasst von":"Werner Deck","Gesch\u00e4tzte Lesezeit":"4\u00a0Minuten"},"schema":{"@context":"https:\/\/schema.org","@graph":[{"@type":"Article","@id":"https:\/\/wernerdeck.de\/blog\/2022\/06\/12\/kleine-fahrrad-odyssee-am-abend-erst-im-vierten-restaurant-konnten-wir-zu-abend-essen\/#article","isPartOf":{"@id":"https:\/\/wernerdeck.de\/blog\/2022\/06\/12\/kleine-fahrrad-odyssee-am-abend-erst-im-vierten-restaurant-konnten-wir-zu-abend-essen\/"},"author":{"name":"Werner Deck","@id":"https:\/\/wernerdeck.de\/blog\/#\/schema\/person\/7af62de1f11b0a09297eeb81281e523c"},"headline":"Kleine Fahrrad-Odyssee am Abend. Erst im vierten Restaurant konnten wir zu Abend essen","datePublished":"2022-06-12T21:07:58+00:00","dateModified":"2022-06-12T21:10:38+00:00","mainEntityOfPage":{"@id":"https:\/\/wernerdeck.de\/blog\/2022\/06\/12\/kleine-fahrrad-odyssee-am-abend-erst-im-vierten-restaurant-konnten-wir-zu-abend-essen\/"},"wordCount":336,"commentCount":0,"publisher":{"@id":"https:\/\/wernerdeck.de\/blog\/#\/schema\/person\/7af62de1f11b0a09297eeb81281e523c"},"image":{"@id":"https:\/\/wernerdeck.de\/blog\/2022\/06\/12\/kleine-fahrrad-odyssee-am-abend-erst-im-vierten-restaurant-konnten-wir-zu-abend-essen\/#primaryimage"},"thumbnailUrl":"https:\/\/wernerdeck.de\/blog\/wp-content\/uploads\/2022\/06\/Mit-dem-Fahrrad-nach-Woerth-und-zurueck.jpg","keywords":["Hofgut Maxau","W\u00f6rth"],"articleSection":["Privat"],"inLanguage":"de","potentialAction":[{"@type":"CommentAction","name":"Comment","target":["https:\/\/wernerdeck.de\/blog\/2022\/06\/12\/kleine-fahrrad-odyssee-am-abend-erst-im-vierten-restaurant-konnten-wir-zu-abend-essen\/#respond"]}]},{"@type":"WebPage","@id":"https:\/\/wernerdeck.de\/blog\/2022\/06\/12\/kleine-fahrrad-odyssee-am-abend-erst-im-vierten-restaurant-konnten-wir-zu-abend-essen\/","url":"https:\/\/wernerdeck.de\/blog\/2022\/06\/12\/kleine-fahrrad-odyssee-am-abend-erst-im-vierten-restaurant-konnten-wir-zu-abend-essen\/","name":"Kleine Fahrrad-Odyssee am Abend. Erst im vierten Restaurant konnten wir zu Abend essen - Privater Blog von Werner Deck","isPartOf":{"@id":"https:\/\/wernerdeck.de\/blog\/#website"},"primaryImageOfPage":{"@id":"https:\/\/wernerdeck.de\/blog\/2022\/06\/12\/kleine-fahrrad-odyssee-am-abend-erst-im-vierten-restaurant-konnten-wir-zu-abend-essen\/#primaryimage"},"image":{"@id":"https:\/\/wernerdeck.de\/blog\/2022\/06\/12\/kleine-fahrrad-odyssee-am-abend-erst-im-vierten-restaurant-konnten-wir-zu-abend-essen\/#primaryimage"},"thumbnailUrl":"https:\/\/wernerdeck.de\/blog\/wp-content\/uploads\/2022\/06\/Mit-dem-Fahrrad-nach-Woerth-und-zurueck.jpg","datePublished":"2022-06-12T21:07:58+00:00","dateModified":"2022-06-12T21:10:38+00:00","description":"Erst im vierten Restaurant bekamen wir einen Platz und etwas zu essen. Insgesamt waren wir heute fast 29 km mit dem Fahrrad unterwegs.","breadcrumb":{"@id":"https:\/\/wernerdeck.de\/blog\/2022\/06\/12\/kleine-fahrrad-odyssee-am-abend-erst-im-vierten-restaurant-konnten-wir-zu-abend-essen\/#breadcrumb"},"inLanguage":"de","potentialAction":[{"@type":"ReadAction","target":["https:\/\/wernerdeck.de\/blog\/2022\/06\/12\/kleine-fahrrad-odyssee-am-abend-erst-im-vierten-restaurant-konnten-wir-zu-abend-essen\/"]}]},{"@type":"ImageObject","inLanguage":"de","@id":"https:\/\/wernerdeck.de\/blog\/2022\/06\/12\/kleine-fahrrad-odyssee-am-abend-erst-im-vierten-restaurant-konnten-wir-zu-abend-essen\/#primaryimage","url":"https:\/\/wernerdeck.de\/blog\/wp-content\/uploads\/2022\/06\/Mit-dem-Fahrrad-nach-Woerth-und-zurueck.jpg","contentUrl":"https:\/\/wernerdeck.de\/blog\/wp-content\/uploads\/2022\/06\/Mit-dem-Fahrrad-nach-Woerth-und-zurueck.jpg","width":2500,"height":2192,"caption":"Mit dem Fahrrad nach W\u00f6rth und zur\u00fcck"},{"@type":"BreadcrumbList","@id":"https:\/\/wernerdeck.de\/blog\/2022\/06\/12\/kleine-fahrrad-odyssee-am-abend-erst-im-vierten-restaurant-konnten-wir-zu-abend-essen\/#breadcrumb","itemListElement":[{"@type":"ListItem","position":1,"name":"Startseite","item":"https:\/\/wernerdeck.de\/blog\/"},{"@type":"ListItem","position":2,"name":"Kleine Fahrrad-Odyssee am Abend. Erst im vierten Restaurant konnten wir zu Abend essen"}]},{"@type":"WebSite","@id":"https:\/\/wernerdeck.de\/blog\/#website","url":"https:\/\/wernerdeck.de\/blog\/","name":"Blog von Werner Deck","description":"","publisher":{"@id":"https:\/\/wernerdeck.de\/blog\/#\/schema\/person\/7af62de1f11b0a09297eeb81281e523c"},"potentialAction":[{"@type":"SearchAction","target":{"@type":"EntryPoint","urlTemplate":"https:\/\/wernerdeck.de\/blog\/?s={search_term_string}"},"query-input":{"@type":"PropertyValueSpecification","valueRequired":true,"valueName":"search_term_string"}}],"inLanguage":"de"},{"@type":["Person","Organization"],"@id":"https:\/\/wernerdeck.de\/blog\/#\/schema\/person\/7af62de1f11b0a09297eeb81281e523c","name":"Werner Deck","image":{"@type":"ImageObject","inLanguage":"de","@id":"https:\/\/wernerdeck.de\/blog\/wp-content\/uploads\/2022\/05\/Werner-Deck-995x1024.jpg","url":"https:\/\/wernerdeck.de\/blog\/wp-content\/uploads\/2022\/05\/Werner-Deck-995x1024.jpg","contentUrl":"https:\/\/wernerdeck.de\/blog\/wp-content\/uploads\/2022\/05\/Werner-Deck-995x1024.jpg","width":995,"height":1024,"caption":"Werner Deck"},"logo":{"@id":"https:\/\/wernerdeck.de\/blog\/wp-content\/uploads\/2022\/05\/Werner-Deck-995x1024.jpg"},"sameAs":["https:\/\/wernerdeck.de\/blog","https:\/\/www.facebook.com\/werner.deck\/","https:\/\/www.instagram.com\/opti_maler_deck\/","https:\/\/www.youtube.com\/c\/WernerDeck"],"url":"https:\/\/wernerdeck.de\/blog\/author\/wernerdeck-de\/"}]}},"_links":{"self":[{"href":"https:\/\/wernerdeck.de\/blog\/wp-json\/wp\/v2\/posts\/1238","targetHints":{"allow":["GET"]}}],"collection":[{"href":"https:\/\/wernerdeck.de\/blog\/wp-json\/wp\/v2\/posts"}],"about":[{"href":"https:\/\/wernerdeck.de\/blog\/wp-json\/wp\/v2\/types\/post"}],"author":[{"embeddable":true,"href":"https:\/\/wernerdeck.de\/blog\/wp-json\/wp\/v2\/users\/1"}],"replies":[{"embeddable":true,"href":"https:\/\/wernerdeck.de\/blog\/wp-json\/wp\/v2\/comments?post=1238"}],"version-history":[{"count":0,"href":"https:\/\/wernerdeck.de\/blog\/wp-json\/wp\/v2\/posts\/1238\/revisions"}],"wp:featuredmedia":[{"embeddable":true,"href":"https:\/\/wernerdeck.de\/blog\/wp-json\/wp\/v2\/media\/1254"}],"wp:attachment":[{"href":"https:\/\/wernerdeck.de\/blog\/wp-json\/wp\/v2\/media?parent=1238"}],"wp:term":[{"taxonomy":"category","embeddable":true,"href":"https:\/\/wernerdeck.de\/blog\/wp-json\/wp\/v2\/categories?post=1238"},{"taxonomy":"post_tag","embeddable":true,"href":"https:\/\/wernerdeck.de\/blog\/wp-json\/wp\/v2\/tags?post=1238"}],"curies":[{"name":"wp","href":"https:\/\/api.w.org\/{rel}","templated":true}]}}